{"id":60064,"date":"2026-09-02T09:57:02","date_gmt":"2026-09-02T13:57:02","guid":{"rendered":"https:\/\/ialeman.cl\/?p=60064"},"modified":"2026-09-02T14:51:40","modified_gmt":"2026-09-02T18:51:40","slug":"antillanca-2026","status":"publish","type":"post","link":"https:\/\/ialeman.cl\/index.php\/antillanca-2026\/","title":{"rendered":"Antillanca 2026"},"content":{"rendered":"\t\t<div data-elementor-type=\"wp-post\" data-elementor-id=\"60064\" class=\"elementor elementor-60064\">\n\t\t\t\t<div class=\"elementor-element elementor-element-71b5ff6 e-flex e-con-boxed e-con e-parent\" data-id=\"71b5ff6\" data-element_type=\"container\" data-e-type=\"container\">\n\t\t\t\t\t<div class=\"e-con-inner\">\n\t\t\t\t<div class=\"elementor-element elementor-element-e4c6608 elementor-widget elementor-widget-heading\" data-id=\"e4c6608\" data-element_type=\"widget\" data-e-type=\"widget\" data-widget_type=\"heading.default\">\n\t\t\t\t<div class=\"elementor-widget-container\">\n\t\t\t\t\t<h2 class=\"elementor-heading-title elementor-size-default\">Viaje a la Nieve<\/h2>\t\t\t\t<\/div>\n\t\t\t\t<\/div>\n\t\t\t\t\t<\/div>\n\t\t\t\t<\/div>\n\t\t<div class=\"elementor-element elementor-element-a1542c3 e-flex e-con-boxed e-con e-parent\" data-id=\"a1542c3\" data-element_type=\"container\" data-e-type=\"container\">\n\t\t\t\t\t<div class=\"e-con-inner\">\n\t\t\t\t<div class=\"elementor-element elementor-element-5ad52c6 elementor-widget elementor-widget-heading\" data-id=\"5ad52c6\" data-element_type=\"widget\" data-e-type=\"widget\" data-widget_type=\"heading.default\">\n\t\t\t\t<div class=\"elementor-widget-container\">\n\t\t\t\t\t<h2 class=\"elementor-heading-title elementor-size-default\">Los estudiantes de 7\u00b0 b\u00e1sico vivieron una nueva experiencia de aprendizaje en el sector de Antillanca, en el marco de una de las tradicionales salidas pedag\u00f3gicas de nuestro colegio. Durante una semana, tuvieron la oportunidad de aprender a esquiar junto a sus compa\u00f1eros y profesores.<br><br>\n\nLa actividad les permiti\u00f3 a los ni\u00f1os enfrentarse a nuevos desaf\u00edos en la monta\u00f1a, en contacto con la naturaleza y rodeados de un paisaje privilegiado, fortaleciendo su autonom\u00eda y perseverancia.<br><br>\n\nAl mismo tiempo, la experiencia contribuy\u00f3 al desarrollo de atributos del perfil IB en los alumnos, al poner en pr\u00e1ctica cualidades como ser audaces, solidarios y buenos comunicadores.<\/h2>\t\t\t\t<\/div>\n\t\t\t\t<\/div>\n\t\t\t\t\t<\/div>\n\t\t\t\t<\/div>\n\t\t<div class=\"elementor-element elementor-element-7066902 e-flex e-con-boxed e-con e-parent\" data-id=\"7066902\" data-element_type=\"container\" data-e-type=\"container\">\n\t\t\t\t\t<div class=\"e-con-inner\">\n\t\t\t\t<div class=\"elementor-element elementor-element-f2173ff gallery-spacing-custom elementor-widget elementor-widget-image-gallery\" data-id=\"f2173ff\" data-element_type=\"widget\" data-e-type=\"widget\" data-widget_type=\"image-gallery.default\">\n\t\t\t\t<div class=\"elementor-widget-container\">\n\t\t\t\t\t\t\t<div class=\"elementor-image-gallery\">\n\t\t\t<div id='gallery-1' class='gallery galleryid-60064 gallery-columns-2 gallery-size-full'><figure class='gallery-item'>\n\t\t\t<div class='gallery-icon landscape'>\n\t\t\t\t<a data-elementor-open-lightbox=\"yes\" data-elementor-lightbox-slideshow=\"f2173ff\" data-elementor-lightbox-title=\"Antillanca 2026 Instituto Alem\u00e1n de Puerto Montt_0000_DSC_5049\" data-e-action-hash=\"#elementor-action%3Aaction%3Dlightbox%26settings%3DeyJpZCI6NjAwNjcsInVybCI6Imh0dHBzOlwvXC9pYWxlbWFuLmNsXC93cC1jb250ZW50XC91cGxvYWRzXC8yMDI2XC8wOVwvQW50aWxsYW5jYS0yMDI2LUluc3RpdHV0by1BbGVtYW4tZGUtUHVlcnRvLU1vbnR0XzAwMDBfRFNDXzUwNDkuanBnIiwic2xpZGVzaG93IjoiZjIxNzNmZiJ9\" href='https:\/\/ialeman.cl\/wp-content\/uploads\/2026\/09\/Antillanca-2026-Instituto-Aleman-de-Puerto-Montt_0000_DSC_5049.jpg'><img fetchpriority=\"high\" decoding=\"async\" width=\"1200\" height=\"801\" src=\"https:\/\/ialeman.cl\/wp-content\/uploads\/2026\/09\/Antillanca-2026-Instituto-Aleman-de-Puerto-Montt_0000_DSC_5049.jpg\" class=\"attachment-full size-full\" alt=\"\" srcset=\"https:\/\/ialeman.cl\/wp-content\/uploads\/2026\/09\/Antillanca-2026-Instituto-Aleman-de-Puerto-Montt_0000_DSC_5049.jpg 1200w, https:\/\/ialeman.cl\/wp-content\/uploads\/2026\/09\/Antillanca-2026-Instituto-Aleman-de-Puerto-Montt_0000_DSC_5049-300x200.jpg 300w, https:\/\/ialeman.cl\/wp-content\/uploads\/2026\/09\/Antillanca-2026-Instituto-Aleman-de-Puerto-Montt_0000_DSC_5049-1024x684.jpg 1024w, https:\/\/ialeman.cl\/wp-content\/uploads\/2026\/09\/Antillanca-2026-Instituto-Aleman-de-Puerto-Montt_0000_DSC_5049-768x513.jpg 768w\" sizes=\"(max-width: 1200px) 100vw, 1200px\" \/><\/a>\n\t\t\t<\/div><\/figure><figure class='gallery-item'>\n\t\t\t<div class='gallery-icon landscape'>\n\t\t\t\t<a data-elementor-open-lightbox=\"yes\" data-elementor-lightbox-slideshow=\"f2173ff\" data-elementor-lightbox-title=\"Antillanca 2026 Instituto Alem\u00e1n de Puerto Montt_0005_DSC_5079\" data-e-action-hash=\"#elementor-action%3Aaction%3Dlightbox%26settings%3DeyJpZCI6NjAwNzIsInVybCI6Imh0dHBzOlwvXC9pYWxlbWFuLmNsXC93cC1jb250ZW50XC91cGxvYWRzXC8yMDI2XC8wOVwvQW50aWxsYW5jYS0yMDI2LUluc3RpdHV0by1BbGVtYW4tZGUtUHVlcnRvLU1vbnR0XzAwMDVfRFNDXzUwNzkuanBnIiwic2xpZGVzaG93IjoiZjIxNzNmZiJ9\" href='https:\/\/ialeman.cl\/wp-content\/uploads\/2026\/09\/Antillanca-2026-Instituto-Aleman-de-Puerto-Montt_0005_DSC_5079.jpg'><img decoding=\"async\" width=\"1200\" height=\"801\" src=\"https:\/\/ialeman.cl\/wp-content\/uploads\/2026\/09\/Antillanca-2026-Instituto-Aleman-de-Puerto-Montt_0005_DSC_5079.jpg\" class=\"attachment-full size-full\" alt=\"\" srcset=\"https:\/\/ialeman.cl\/wp-content\/uploads\/2026\/09\/Antillanca-2026-Instituto-Aleman-de-Puerto-Montt_0005_DSC_5079.jpg 1200w, https:\/\/ialeman.cl\/wp-content\/uploads\/2026\/09\/Antillanca-2026-Instituto-Aleman-de-Puerto-Montt_0005_DSC_5079-300x200.jpg 300w, https:\/\/ialeman.cl\/wp-content\/uploads\/2026\/09\/Antillanca-2026-Instituto-Aleman-de-Puerto-Montt_0005_DSC_5079-1024x684.jpg 1024w, https:\/\/ialeman.cl\/wp-content\/uploads\/2026\/09\/Antillanca-2026-Instituto-Aleman-de-Puerto-Montt_0005_DSC_5079-768x513.jpg 768w\" sizes=\"(max-width: 1200px) 100vw, 1200px\" \/><\/a>\n\t\t\t<\/div><\/figure><figure class='gallery-item'>\n\t\t\t<div class='gallery-icon landscape'>\n\t\t\t\t<a data-elementor-open-lightbox=\"yes\" data-elementor-lightbox-slideshow=\"f2173ff\" data-elementor-lightbox-title=\"Antillanca 2026 Instituto Alem\u00e1n de Puerto Montt_0023_DSC_5096\" data-e-action-hash=\"#elementor-action%3Aaction%3Dlightbox%26settings%3DeyJpZCI6NjAwOTAsInVybCI6Imh0dHBzOlwvXC9pYWxlbWFuLmNsXC93cC1jb250ZW50XC91cGxvYWRzXC8yMDI2XC8wOVwvQW50aWxsYW5jYS0yMDI2LUluc3RpdHV0by1BbGVtYW4tZGUtUHVlcnRvLU1vbnR0XzAwMjNfRFNDXzUwOTYuanBnIiwic2xpZGVzaG93IjoiZjIxNzNmZiJ9\" href='https:\/\/ialeman.cl\/wp-content\/uploads\/2026\/09\/Antillanca-2026-Instituto-Aleman-de-Puerto-Montt_0023_DSC_5096.jpg'><img decoding=\"async\" width=\"1200\" height=\"801\" src=\"https:\/\/ialeman.cl\/wp-content\/uploads\/2026\/09\/Antillanca-2026-Instituto-Aleman-de-Puerto-Montt_0023_DSC_5096.jpg\" class=\"attachment-full size-full\" alt=\"\" srcset=\"https:\/\/ialeman.cl\/wp-content\/uploads\/2026\/09\/Antillanca-2026-Instituto-Aleman-de-Puerto-Montt_0023_DSC_5096.jpg 1200w, https:\/\/ialeman.cl\/wp-content\/uploads\/2026\/09\/Antillanca-2026-Instituto-Aleman-de-Puerto-Montt_0023_DSC_5096-300x200.jpg 300w, https:\/\/ialeman.cl\/wp-content\/uploads\/2026\/09\/Antillanca-2026-Instituto-Aleman-de-Puerto-Montt_0023_DSC_5096-1024x684.jpg 1024w, https:\/\/ialeman.cl\/wp-content\/uploads\/2026\/09\/Antillanca-2026-Instituto-Aleman-de-Puerto-Montt_0023_DSC_5096-768x513.jpg 768w\" sizes=\"(max-width: 1200px) 100vw, 1200px\" \/><\/a>\n\t\t\t<\/div><\/figure><figure class='gallery-item'>\n\t\t\t<div class='gallery-icon landscape'>\n\t\t\t\t<a data-elementor-open-lightbox=\"yes\" data-elementor-lightbox-slideshow=\"f2173ff\" data-elementor-lightbox-title=\"Antillanca 2026 Instituto Alem\u00e1n de Puerto Montt_0001_DSC_5074\" data-e-action-hash=\"#elementor-action%3Aaction%3Dlightbox%26settings%3DeyJpZCI6NjAwNjgsInVybCI6Imh0dHBzOlwvXC9pYWxlbWFuLmNsXC93cC1jb250ZW50XC91cGxvYWRzXC8yMDI2XC8wOVwvQW50aWxsYW5jYS0yMDI2LUluc3RpdHV0by1BbGVtYW4tZGUtUHVlcnRvLU1vbnR0XzAwMDFfRFNDXzUwNzQuanBnIiwic2xpZGVzaG93IjoiZjIxNzNmZiJ9\" href='https:\/\/ialeman.cl\/wp-content\/uploads\/2026\/09\/Antillanca-2026-Instituto-Aleman-de-Puerto-Montt_0001_DSC_5074.jpg'><img loading=\"lazy\" decoding=\"async\" width=\"1200\" height=\"801\" src=\"https:\/\/ialeman.cl\/wp-content\/uploads\/2026\/09\/Antillanca-2026-Instituto-Aleman-de-Puerto-Montt_0001_DSC_5074.jpg\" class=\"attachment-full size-full\" alt=\"\" srcset=\"https:\/\/ialeman.cl\/wp-content\/uploads\/2026\/09\/Antillanca-2026-Instituto-Aleman-de-Puerto-Montt_0001_DSC_5074.jpg 1200w, https:\/\/ialeman.cl\/wp-content\/uploads\/2026\/09\/Antillanca-2026-Instituto-Aleman-de-Puerto-Montt_0001_DSC_5074-300x200.jpg 300w, https:\/\/ialeman.cl\/wp-content\/uploads\/2026\/09\/Antillanca-2026-Instituto-Aleman-de-Puerto-Montt_0001_DSC_5074-1024x684.jpg 1024w, https:\/\/ialeman.cl\/wp-content\/uploads\/2026\/09\/Antillanca-2026-Instituto-Aleman-de-Puerto-Montt_0001_DSC_5074-768x513.jpg 768w\" sizes=\"(max-width: 1200px) 100vw, 1200px\" \/><\/a>\n\t\t\t<\/div><\/figure><figure class='gallery-item'>\n\t\t\t<div class='gallery-icon landscape'>\n\t\t\t\t<a data-elementor-open-lightbox=\"yes\" data-elementor-lightbox-slideshow=\"f2173ff\" data-elementor-lightbox-title=\"Antillanca 2026 Instituto Alem\u00e1n de Puerto Montt_0002_DSC_5046\" data-e-action-hash=\"#elementor-action%3Aaction%3Dlightbox%26settings%3DeyJpZCI6NjAwNjksInVybCI6Imh0dHBzOlwvXC9pYWxlbWFuLmNsXC93cC1jb250ZW50XC91cGxvYWRzXC8yMDI2XC8wOVwvQW50aWxsYW5jYS0yMDI2LUluc3RpdHV0by1BbGVtYW4tZGUtUHVlcnRvLU1vbnR0XzAwMDJfRFNDXzUwNDYuanBnIiwic2xpZGVzaG93IjoiZjIxNzNmZiJ9\" href='https:\/\/ialeman.cl\/wp-content\/uploads\/2026\/09\/Antillanca-2026-Instituto-Aleman-de-Puerto-Montt_0002_DSC_5046.jpg'><img loading=\"lazy\" decoding=\"async\" width=\"1200\" height=\"801\" src=\"https:\/\/ialeman.cl\/wp-content\/uploads\/2026\/09\/Antillanca-2026-Instituto-Aleman-de-Puerto-Montt_0002_DSC_5046.jpg\" class=\"attachment-full size-full\" alt=\"\" srcset=\"https:\/\/ialeman.cl\/wp-content\/uploads\/2026\/09\/Antillanca-2026-Instituto-Aleman-de-Puerto-Montt_0002_DSC_5046.jpg 1200w, https:\/\/ialeman.cl\/wp-content\/uploads\/2026\/09\/Antillanca-2026-Instituto-Aleman-de-Puerto-Montt_0002_DSC_5046-300x200.jpg 300w, https:\/\/ialeman.cl\/wp-content\/uploads\/2026\/09\/Antillanca-2026-Instituto-Aleman-de-Puerto-Montt_0002_DSC_5046-1024x684.jpg 1024w, https:\/\/ialeman.cl\/wp-content\/uploads\/2026\/09\/Antillanca-2026-Instituto-Aleman-de-Puerto-Montt_0002_DSC_5046-768x513.jpg 768w\" sizes=\"(max-width: 1200px) 100vw, 1200px\" \/><\/a>\n\t\t\t<\/div><\/figure><figure class='gallery-item'>\n\t\t\t<div class='gallery-icon landscape'>\n\t\t\t\t<a data-elementor-open-lightbox=\"yes\" data-elementor-lightbox-slideshow=\"f2173ff\" data-elementor-lightbox-title=\"Antillanca 2026 Instituto Alem\u00e1n de Puerto Montt_0003_DSC_5212\" data-e-action-hash=\"#elementor-action%3Aaction%3Dlightbox%26settings%3DeyJpZCI6NjAwNzAsInVybCI6Imh0dHBzOlwvXC9pYWxlbWFuLmNsXC93cC1jb250ZW50XC91cGxvYWRzXC8yMDI2XC8wOVwvQW50aWxsYW5jYS0yMDI2LUluc3RpdHV0by1BbGVtYW4tZGUtUHVlcnRvLU1vbnR0XzAwMDNfRFNDXzUyMTIuanBnIiwic2xpZGVzaG93IjoiZjIxNzNmZiJ9\" href='https:\/\/ialeman.cl\/wp-content\/uploads\/2026\/09\/Antillanca-2026-Instituto-Aleman-de-Puerto-Montt_0003_DSC_5212.jpg'><img loading=\"lazy\" decoding=\"async\" width=\"1200\" height=\"801\" src=\"https:\/\/ialeman.cl\/wp-content\/uploads\/2026\/09\/Antillanca-2026-Instituto-Aleman-de-Puerto-Montt_0003_DSC_5212.jpg\" class=\"attachment-full size-full\" alt=\"\" srcset=\"https:\/\/ialeman.cl\/wp-content\/uploads\/2026\/09\/Antillanca-2026-Instituto-Aleman-de-Puerto-Montt_0003_DSC_5212.jpg 1200w, https:\/\/ialeman.cl\/wp-content\/uploads\/2026\/09\/Antillanca-2026-Instituto-Aleman-de-Puerto-Montt_0003_DSC_5212-300x200.jpg 300w, https:\/\/ialeman.cl\/wp-content\/uploads\/2026\/09\/Antillanca-2026-Instituto-Aleman-de-Puerto-Montt_0003_DSC_5212-1024x684.jpg 1024w, https:\/\/ialeman.cl\/wp-content\/uploads\/2026\/09\/Antillanca-2026-Instituto-Aleman-de-Puerto-Montt_0003_DSC_5212-768x513.jpg 768w\" sizes=\"(max-width: 1200px) 100vw, 1200px\" \/><\/a>\n\t\t\t<\/div><\/figure><figure class='gallery-item'>\n\t\t\t<div class='gallery-icon landscape'>\n\t\t\t\t<a data-elementor-open-lightbox=\"yes\" data-elementor-lightbox-slideshow=\"f2173ff\" data-elementor-lightbox-title=\"Antillanca 2026 Instituto Alem\u00e1n de Puerto Montt_0004_Niveles 2\" data-e-action-hash=\"#elementor-action%3Aaction%3Dlightbox%26settings%3DeyJpZCI6NjAwNzEsInVybCI6Imh0dHBzOlwvXC9pYWxlbWFuLmNsXC93cC1jb250ZW50XC91cGxvYWRzXC8yMDI2XC8wOVwvQW50aWxsYW5jYS0yMDI2LUluc3RpdHV0by1BbGVtYW4tZGUtUHVlcnRvLU1vbnR0XzAwMDRfTml2ZWxlcy0yLmpwZyIsInNsaWRlc2hvdyI6ImYyMTczZmYifQ%3D%3D\" href='https:\/\/ialeman.cl\/wp-content\/uploads\/2026\/09\/Antillanca-2026-Instituto-Aleman-de-Puerto-Montt_0004_Niveles-2.jpg'><img loading=\"lazy\" decoding=\"async\" width=\"1200\" height=\"801\" src=\"https:\/\/ialeman.cl\/wp-content\/uploads\/2026\/09\/Antillanca-2026-Instituto-Aleman-de-Puerto-Montt_0004_Niveles-2.jpg\" class=\"attachment-full size-full\" alt=\"\" srcset=\"https:\/\/ialeman.cl\/wp-content\/uploads\/2026\/09\/Antillanca-2026-Instituto-Aleman-de-Puerto-Montt_0004_Niveles-2.jpg 1200w, https:\/\/ialeman.cl\/wp-content\/uploads\/2026\/09\/Antillanca-2026-Instituto-Aleman-de-Puerto-Montt_0004_Niveles-2-300x200.jpg 300w, https:\/\/ialeman.cl\/wp-content\/uploads\/2026\/09\/Antillanca-2026-Instituto-Aleman-de-Puerto-Montt_0004_Niveles-2-1024x684.jpg 1024w, https:\/\/ialeman.cl\/wp-content\/uploads\/2026\/09\/Antillanca-2026-Instituto-Aleman-de-Puerto-Montt_0004_Niveles-2-768x513.jpg 768w\" sizes=\"(max-width: 1200px) 100vw, 1200px\" \/><\/a>\n\t\t\t<\/div><\/figure><figure class='gallery-item'>\n\t\t\t<div class='gallery-icon landscape'>\n\t\t\t\t<a data-elementor-open-lightbox=\"yes\" data-elementor-lightbox-slideshow=\"f2173ff\" data-elementor-lightbox-title=\"Antillanca 2026 Instituto Alem\u00e1n de Puerto Montt_0009_DSC_5065\" data-e-action-hash=\"#elementor-action%3Aaction%3Dlightbox%26settings%3DeyJpZCI6NjAwNzYsInVybCI6Imh0dHBzOlwvXC9pYWxlbWFuLmNsXC93cC1jb250ZW50XC91cGxvYWRzXC8yMDI2XC8wOVwvQW50aWxsYW5jYS0yMDI2LUluc3RpdHV0by1BbGVtYW4tZGUtUHVlcnRvLU1vbnR0XzAwMDlfRFNDXzUwNjUuanBnIiwic2xpZGVzaG93IjoiZjIxNzNmZiJ9\" href='https:\/\/ialeman.cl\/wp-content\/uploads\/2026\/09\/Antillanca-2026-Instituto-Aleman-de-Puerto-Montt_0009_DSC_5065.jpg'><img loading=\"lazy\" decoding=\"async\" width=\"1200\" height=\"801\" src=\"https:\/\/ialeman.cl\/wp-content\/uploads\/2026\/09\/Antillanca-2026-Instituto-Aleman-de-Puerto-Montt_0009_DSC_5065.jpg\" class=\"attachment-full size-full\" alt=\"\" srcset=\"https:\/\/ialeman.cl\/wp-content\/uploads\/2026\/09\/Antillanca-2026-Instituto-Aleman-de-Puerto-Montt_0009_DSC_5065.jpg 1200w, https:\/\/ialeman.cl\/wp-content\/uploads\/2026\/09\/Antillanca-2026-Instituto-Aleman-de-Puerto-Montt_0009_DSC_5065-300x200.jpg 300w, https:\/\/ialeman.cl\/wp-content\/uploads\/2026\/09\/Antillanca-2026-Instituto-Aleman-de-Puerto-Montt_0009_DSC_5065-1024x684.jpg 1024w, https:\/\/ialeman.cl\/wp-content\/uploads\/2026\/09\/Antillanca-2026-Instituto-Aleman-de-Puerto-Montt_0009_DSC_5065-768x513.jpg 768w\" sizes=\"(max-width: 1200px) 100vw, 1200px\" \/><\/a>\n\t\t\t<\/div><\/figure><figure class='gallery-item'>\n\t\t\t<div class='gallery-icon landscape'>\n\t\t\t\t<a data-elementor-open-lightbox=\"yes\" data-elementor-lightbox-slideshow=\"f2173ff\" data-elementor-lightbox-title=\"Antillanca 2026 Instituto Alem\u00e1n de Puerto Montt_0021_DSC_5112\" data-e-action-hash=\"#elementor-action%3Aaction%3Dlightbox%26settings%3DeyJpZCI6NjAwODgsInVybCI6Imh0dHBzOlwvXC9pYWxlbWFuLmNsXC93cC1jb250ZW50XC91cGxvYWRzXC8yMDI2XC8wOVwvQW50aWxsYW5jYS0yMDI2LUluc3RpdHV0by1BbGVtYW4tZGUtUHVlcnRvLU1vbnR0XzAwMjFfRFNDXzUxMTIuanBnIiwic2xpZGVzaG93IjoiZjIxNzNmZiJ9\" href='https:\/\/ialeman.cl\/wp-content\/uploads\/2026\/09\/Antillanca-2026-Instituto-Aleman-de-Puerto-Montt_0021_DSC_5112.jpg'><img loading=\"lazy\" decoding=\"async\" width=\"1200\" height=\"801\" src=\"https:\/\/ialeman.cl\/wp-content\/uploads\/2026\/09\/Antillanca-2026-Instituto-Aleman-de-Puerto-Montt_0021_DSC_5112.jpg\" class=\"attachment-full size-full\" alt=\"\" srcset=\"https:\/\/ialeman.cl\/wp-content\/uploads\/2026\/09\/Antillanca-2026-Instituto-Aleman-de-Puerto-Montt_0021_DSC_5112.jpg 1200w, https:\/\/ialeman.cl\/wp-content\/uploads\/2026\/09\/Antillanca-2026-Instituto-Aleman-de-Puerto-Montt_0021_DSC_5112-300x200.jpg 300w, https:\/\/ialeman.cl\/wp-content\/uploads\/2026\/09\/Antillanca-2026-Instituto-Aleman-de-Puerto-Montt_0021_DSC_5112-1024x684.jpg 1024w, https:\/\/ialeman.cl\/wp-content\/uploads\/2026\/09\/Antillanca-2026-Instituto-Aleman-de-Puerto-Montt_0021_DSC_5112-768x513.jpg 768w\" sizes=\"(max-width: 1200px) 100vw, 1200px\" \/><\/a>\n\t\t\t<\/div><\/figure><figure class='gallery-item'>\n\t\t\t<div class='gallery-icon landscape'>\n\t\t\t\t<a data-elementor-open-lightbox=\"yes\" data-elementor-lightbox-slideshow=\"f2173ff\" data-elementor-lightbox-title=\"Antillanca 2026 Instituto Alem\u00e1n de Puerto Montt_0019_DSC_5121\" data-e-action-hash=\"#elementor-action%3Aaction%3Dlightbox%26settings%3DeyJpZCI6NjAwODYsInVybCI6Imh0dHBzOlwvXC9pYWxlbWFuLmNsXC93cC1jb250ZW50XC91cGxvYWRzXC8yMDI2XC8wOVwvQW50aWxsYW5jYS0yMDI2LUluc3RpdHV0by1BbGVtYW4tZGUtUHVlcnRvLU1vbnR0XzAwMTlfRFNDXzUxMjEuanBnIiwic2xpZGVzaG93IjoiZjIxNzNmZiJ9\" href='https:\/\/ialeman.cl\/wp-content\/uploads\/2026\/09\/Antillanca-2026-Instituto-Aleman-de-Puerto-Montt_0019_DSC_5121.jpg'><img loading=\"lazy\" decoding=\"async\" width=\"1200\" height=\"801\" src=\"https:\/\/ialeman.cl\/wp-content\/uploads\/2026\/09\/Antillanca-2026-Instituto-Aleman-de-Puerto-Montt_0019_DSC_5121.jpg\" class=\"attachment-full size-full\" alt=\"\" srcset=\"https:\/\/ialeman.cl\/wp-content\/uploads\/2026\/09\/Antillanca-2026-Instituto-Aleman-de-Puerto-Montt_0019_DSC_5121.jpg 1200w, https:\/\/ialeman.cl\/wp-content\/uploads\/2026\/09\/Antillanca-2026-Instituto-Aleman-de-Puerto-Montt_0019_DSC_5121-300x200.jpg 300w, https:\/\/ialeman.cl\/wp-content\/uploads\/2026\/09\/Antillanca-2026-Instituto-Aleman-de-Puerto-Montt_0019_DSC_5121-1024x684.jpg 1024w, https:\/\/ialeman.cl\/wp-content\/uploads\/2026\/09\/Antillanca-2026-Instituto-Aleman-de-Puerto-Montt_0019_DSC_5121-768x513.jpg 768w\" sizes=\"(max-width: 1200px) 100vw, 1200px\" \/><\/a>\n\t\t\t<\/div><\/figure><figure class='gallery-item'>\n\t\t\t<div class='gallery-icon landscape'>\n\t\t\t\t<a data-elementor-open-lightbox=\"yes\" data-elementor-lightbox-slideshow=\"f2173ff\" data-elementor-lightbox-title=\"Antillanca 2026 Instituto Alem\u00e1n de Puerto Montt_0020_DSC_5118\" data-e-action-hash=\"#elementor-action%3Aaction%3Dlightbox%26settings%3DeyJpZCI6NjAwODcsInVybCI6Imh0dHBzOlwvXC9pYWxlbWFuLmNsXC93cC1jb250ZW50XC91cGxvYWRzXC8yMDI2XC8wOVwvQW50aWxsYW5jYS0yMDI2LUluc3RpdHV0by1BbGVtYW4tZGUtUHVlcnRvLU1vbnR0XzAwMjBfRFNDXzUxMTguanBnIiwic2xpZGVzaG93IjoiZjIxNzNmZiJ9\" href='https:\/\/ialeman.cl\/wp-content\/uploads\/2026\/09\/Antillanca-2026-Instituto-Aleman-de-Puerto-Montt_0020_DSC_5118.jpg'><img loading=\"lazy\" decoding=\"async\" width=\"1200\" height=\"801\" src=\"https:\/\/ialeman.cl\/wp-content\/uploads\/2026\/09\/Antillanca-2026-Instituto-Aleman-de-Puerto-Montt_0020_DSC_5118.jpg\" class=\"attachment-full size-full\" alt=\"\" srcset=\"https:\/\/ialeman.cl\/wp-content\/uploads\/2026\/09\/Antillanca-2026-Instituto-Aleman-de-Puerto-Montt_0020_DSC_5118.jpg 1200w, https:\/\/ialeman.cl\/wp-content\/uploads\/2026\/09\/Antillanca-2026-Instituto-Aleman-de-Puerto-Montt_0020_DSC_5118-300x200.jpg 300w, https:\/\/ialeman.cl\/wp-content\/uploads\/2026\/09\/Antillanca-2026-Instituto-Aleman-de-Puerto-Montt_0020_DSC_5118-1024x684.jpg 1024w, https:\/\/ialeman.cl\/wp-content\/uploads\/2026\/09\/Antillanca-2026-Instituto-Aleman-de-Puerto-Montt_0020_DSC_5118-768x513.jpg 768w\" sizes=\"(max-width: 1200px) 100vw, 1200px\" \/><\/a>\n\t\t\t<\/div><\/figure><figure class='gallery-item'>\n\t\t\t<div class='gallery-icon landscape'>\n\t\t\t\t<a data-elementor-open-lightbox=\"yes\" data-elementor-lightbox-slideshow=\"f2173ff\" data-elementor-lightbox-title=\"Antillanca 2026 Instituto Alem\u00e1n de Puerto Montt_0007_DSC_5194\" data-e-action-hash=\"#elementor-action%3Aaction%3Dlightbox%26settings%3DeyJpZCI6NjAwNzQsInVybCI6Imh0dHBzOlwvXC9pYWxlbWFuLmNsXC93cC1jb250ZW50XC91cGxvYWRzXC8yMDI2XC8wOVwvQW50aWxsYW5jYS0yMDI2LUluc3RpdHV0by1BbGVtYW4tZGUtUHVlcnRvLU1vbnR0XzAwMDdfRFNDXzUxOTQuanBnIiwic2xpZGVzaG93IjoiZjIxNzNmZiJ9\" href='https:\/\/ialeman.cl\/wp-content\/uploads\/2026\/09\/Antillanca-2026-Instituto-Aleman-de-Puerto-Montt_0007_DSC_5194.jpg'><img loading=\"lazy\" decoding=\"async\" width=\"1200\" height=\"801\" src=\"https:\/\/ialeman.cl\/wp-content\/uploads\/2026\/09\/Antillanca-2026-Instituto-Aleman-de-Puerto-Montt_0007_DSC_5194.jpg\" class=\"attachment-full size-full\" alt=\"\" srcset=\"https:\/\/ialeman.cl\/wp-content\/uploads\/2026\/09\/Antillanca-2026-Instituto-Aleman-de-Puerto-Montt_0007_DSC_5194.jpg 1200w, https:\/\/ialeman.cl\/wp-content\/uploads\/2026\/09\/Antillanca-2026-Instituto-Aleman-de-Puerto-Montt_0007_DSC_5194-300x200.jpg 300w, https:\/\/ialeman.cl\/wp-content\/uploads\/2026\/09\/Antillanca-2026-Instituto-Aleman-de-Puerto-Montt_0007_DSC_5194-1024x684.jpg 1024w, https:\/\/ialeman.cl\/wp-content\/uploads\/2026\/09\/Antillanca-2026-Instituto-Aleman-de-Puerto-Montt_0007_DSC_5194-768x513.jpg 768w\" sizes=\"(max-width: 1200px) 100vw, 1200px\" \/><\/a>\n\t\t\t<\/div><\/figure><figure class='gallery-item'>\n\t\t\t<div class='gallery-icon landscape'>\n\t\t\t\t<a data-elementor-open-lightbox=\"yes\" data-elementor-lightbox-slideshow=\"f2173ff\" data-elementor-lightbox-title=\"Antillanca 2026 Instituto Alem\u00e1n de Puerto Montt_0008_Niveles 1\" data-e-action-hash=\"#elementor-action%3Aaction%3Dlightbox%26settings%3DeyJpZCI6NjAwNzUsInVybCI6Imh0dHBzOlwvXC9pYWxlbWFuLmNsXC93cC1jb250ZW50XC91cGxvYWRzXC8yMDI2XC8wOVwvQW50aWxsYW5jYS0yMDI2LUluc3RpdHV0by1BbGVtYW4tZGUtUHVlcnRvLU1vbnR0XzAwMDhfTml2ZWxlcy0xLmpwZyIsInNsaWRlc2hvdyI6ImYyMTczZmYifQ%3D%3D\" href='https:\/\/ialeman.cl\/wp-content\/uploads\/2026\/09\/Antillanca-2026-Instituto-Aleman-de-Puerto-Montt_0008_Niveles-1.jpg'><img loading=\"lazy\" decoding=\"async\" width=\"1200\" height=\"801\" src=\"https:\/\/ialeman.cl\/wp-content\/uploads\/2026\/09\/Antillanca-2026-Instituto-Aleman-de-Puerto-Montt_0008_Niveles-1.jpg\" class=\"attachment-full size-full\" alt=\"\" srcset=\"https:\/\/ialeman.cl\/wp-content\/uploads\/2026\/09\/Antillanca-2026-Instituto-Aleman-de-Puerto-Montt_0008_Niveles-1.jpg 1200w, https:\/\/ialeman.cl\/wp-content\/uploads\/2026\/09\/Antillanca-2026-Instituto-Aleman-de-Puerto-Montt_0008_Niveles-1-300x200.jpg 300w, https:\/\/ialeman.cl\/wp-content\/uploads\/2026\/09\/Antillanca-2026-Instituto-Aleman-de-Puerto-Montt_0008_Niveles-1-1024x684.jpg 1024w, https:\/\/ialeman.cl\/wp-content\/uploads\/2026\/09\/Antillanca-2026-Instituto-Aleman-de-Puerto-Montt_0008_Niveles-1-768x513.jpg 768w\" sizes=\"(max-width: 1200px) 100vw, 1200px\" \/><\/a>\n\t\t\t<\/div><\/figure><figure class='gallery-item'>\n\t\t\t<div class='gallery-icon landscape'>\n\t\t\t\t<a data-elementor-open-lightbox=\"yes\" data-elementor-lightbox-slideshow=\"f2173ff\" data-elementor-lightbox-title=\"Antillanca 2026 Instituto Alem\u00e1n de Puerto Montt_0010_Niveles 1\" data-e-action-hash=\"#elementor-action%3Aaction%3Dlightbox%26settings%3DeyJpZCI6NjAwNzcsInVybCI6Imh0dHBzOlwvXC9pYWxlbWFuLmNsXC93cC1jb250ZW50XC91cGxvYWRzXC8yMDI2XC8wOVwvQW50aWxsYW5jYS0yMDI2LUluc3RpdHV0by1BbGVtYW4tZGUtUHVlcnRvLU1vbnR0XzAwMTBfTml2ZWxlcy0xLmpwZyIsInNsaWRlc2hvdyI6ImYyMTczZmYifQ%3D%3D\" href='https:\/\/ialeman.cl\/wp-content\/uploads\/2026\/09\/Antillanca-2026-Instituto-Aleman-de-Puerto-Montt_0010_Niveles-1.jpg'><img loading=\"lazy\" decoding=\"async\" width=\"1200\" height=\"801\" src=\"https:\/\/ialeman.cl\/wp-content\/uploads\/2026\/09\/Antillanca-2026-Instituto-Aleman-de-Puerto-Montt_0010_Niveles-1.jpg\" class=\"attachment-full size-full\" alt=\"\" srcset=\"https:\/\/ialeman.cl\/wp-content\/uploads\/2026\/09\/Antillanca-2026-Instituto-Aleman-de-Puerto-Montt_0010_Niveles-1.jpg 1200w, https:\/\/ialeman.cl\/wp-content\/uploads\/2026\/09\/Antillanca-2026-Instituto-Aleman-de-Puerto-Montt_0010_Niveles-1-300x200.jpg 300w, https:\/\/ialeman.cl\/wp-content\/uploads\/2026\/09\/Antillanca-2026-Instituto-Aleman-de-Puerto-Montt_0010_Niveles-1-1024x684.jpg 1024w, https:\/\/ialeman.cl\/wp-content\/uploads\/2026\/09\/Antillanca-2026-Instituto-Aleman-de-Puerto-Montt_0010_Niveles-1-768x513.jpg 768w\" sizes=\"(max-width: 1200px) 100vw, 1200px\" \/><\/a>\n\t\t\t<\/div><\/figure><figure class='gallery-item'>\n\t\t\t<div class='gallery-icon landscape'>\n\t\t\t\t<a data-elementor-open-lightbox=\"yes\" data-elementor-lightbox-slideshow=\"f2173ff\" data-elementor-lightbox-title=\"Antillanca 2026 Instituto Alem\u00e1n de Puerto Montt_0011_DSC_5181\" data-e-action-hash=\"#elementor-action%3Aaction%3Dlightbox%26settings%3DeyJpZCI6NjAwNzgsInVybCI6Imh0dHBzOlwvXC9pYWxlbWFuLmNsXC93cC1jb250ZW50XC91cGxvYWRzXC8yMDI2XC8wOVwvQW50aWxsYW5jYS0yMDI2LUluc3RpdHV0by1BbGVtYW4tZGUtUHVlcnRvLU1vbnR0XzAwMTFfRFNDXzUxODEuanBnIiwic2xpZGVzaG93IjoiZjIxNzNmZiJ9\" href='https:\/\/ialeman.cl\/wp-content\/uploads\/2026\/09\/Antillanca-2026-Instituto-Aleman-de-Puerto-Montt_0011_DSC_5181.jpg'><img loading=\"lazy\" decoding=\"async\" width=\"1200\" height=\"801\" src=\"https:\/\/ialeman.cl\/wp-content\/uploads\/2026\/09\/Antillanca-2026-Instituto-Aleman-de-Puerto-Montt_0011_DSC_5181.jpg\" class=\"attachment-full size-full\" alt=\"\" srcset=\"https:\/\/ialeman.cl\/wp-content\/uploads\/2026\/09\/Antillanca-2026-Instituto-Aleman-de-Puerto-Montt_0011_DSC_5181.jpg 1200w, https:\/\/ialeman.cl\/wp-content\/uploads\/2026\/09\/Antillanca-2026-Instituto-Aleman-de-Puerto-Montt_0011_DSC_5181-300x200.jpg 300w, https:\/\/ialeman.cl\/wp-content\/uploads\/2026\/09\/Antillanca-2026-Instituto-Aleman-de-Puerto-Montt_0011_DSC_5181-1024x684.jpg 1024w, https:\/\/ialeman.cl\/wp-content\/uploads\/2026\/09\/Antillanca-2026-Instituto-Aleman-de-Puerto-Montt_0011_DSC_5181-768x513.jpg 768w\" sizes=\"(max-width: 1200px) 100vw, 1200px\" \/><\/a>\n\t\t\t<\/div><\/figure><figure class='gallery-item'>\n\t\t\t<div class='gallery-icon landscape'>\n\t\t\t\t<a data-elementor-open-lightbox=\"yes\" data-elementor-lightbox-slideshow=\"f2173ff\" data-elementor-lightbox-title=\"Antillanca 2026 Instituto Alem\u00e1n de Puerto Montt_0012_DSC_5179\" data-e-action-hash=\"#elementor-action%3Aaction%3Dlightbox%26settings%3DeyJpZCI6NjAwNzksInVybCI6Imh0dHBzOlwvXC9pYWxlbWFuLmNsXC93cC1jb250ZW50XC91cGxvYWRzXC8yMDI2XC8wOVwvQW50aWxsYW5jYS0yMDI2LUluc3RpdHV0by1BbGVtYW4tZGUtUHVlcnRvLU1vbnR0XzAwMTJfRFNDXzUxNzkuanBnIiwic2xpZGVzaG93IjoiZjIxNzNmZiJ9\" href='https:\/\/ialeman.cl\/wp-content\/uploads\/2026\/09\/Antillanca-2026-Instituto-Aleman-de-Puerto-Montt_0012_DSC_5179.jpg'><img loading=\"lazy\" decoding=\"async\" width=\"1200\" height=\"801\" src=\"https:\/\/ialeman.cl\/wp-content\/uploads\/2026\/09\/Antillanca-2026-Instituto-Aleman-de-Puerto-Montt_0012_DSC_5179.jpg\" class=\"attachment-full size-full\" alt=\"\" srcset=\"https:\/\/ialeman.cl\/wp-content\/uploads\/2026\/09\/Antillanca-2026-Instituto-Aleman-de-Puerto-Montt_0012_DSC_5179.jpg 1200w, https:\/\/ialeman.cl\/wp-content\/uploads\/2026\/09\/Antillanca-2026-Instituto-Aleman-de-Puerto-Montt_0012_DSC_5179-300x200.jpg 300w, https:\/\/ialeman.cl\/wp-content\/uploads\/2026\/09\/Antillanca-2026-Instituto-Aleman-de-Puerto-Montt_0012_DSC_5179-1024x684.jpg 1024w, https:\/\/ialeman.cl\/wp-content\/uploads\/2026\/09\/Antillanca-2026-Instituto-Aleman-de-Puerto-Montt_0012_DSC_5179-768x513.jpg 768w\" sizes=\"(max-width: 1200px) 100vw, 1200px\" \/><\/a>\n\t\t\t<\/div><\/figure><figure class='gallery-item'>\n\t\t\t<div class='gallery-icon landscape'>\n\t\t\t\t<a data-elementor-open-lightbox=\"yes\" data-elementor-lightbox-slideshow=\"f2173ff\" data-elementor-lightbox-title=\"Antillanca 2026 Instituto Alem\u00e1n de Puerto Montt_0013_DSC_5170\" data-e-action-hash=\"#elementor-action%3Aaction%3Dlightbox%26settings%3DeyJpZCI6NjAwODAsInVybCI6Imh0dHBzOlwvXC9pYWxlbWFuLmNsXC93cC1jb250ZW50XC91cGxvYWRzXC8yMDI2XC8wOVwvQW50aWxsYW5jYS0yMDI2LUluc3RpdHV0by1BbGVtYW4tZGUtUHVlcnRvLU1vbnR0XzAwMTNfRFNDXzUxNzAuanBnIiwic2xpZGVzaG93IjoiZjIxNzNmZiJ9\" href='https:\/\/ialeman.cl\/wp-content\/uploads\/2026\/09\/Antillanca-2026-Instituto-Aleman-de-Puerto-Montt_0013_DSC_5170.jpg'><img loading=\"lazy\" decoding=\"async\" width=\"1200\" height=\"801\" src=\"https:\/\/ialeman.cl\/wp-content\/uploads\/2026\/09\/Antillanca-2026-Instituto-Aleman-de-Puerto-Montt_0013_DSC_5170.jpg\" class=\"attachment-full size-full\" alt=\"\" srcset=\"https:\/\/ialeman.cl\/wp-content\/uploads\/2026\/09\/Antillanca-2026-Instituto-Aleman-de-Puerto-Montt_0013_DSC_5170.jpg 1200w, https:\/\/ialeman.cl\/wp-content\/uploads\/2026\/09\/Antillanca-2026-Instituto-Aleman-de-Puerto-Montt_0013_DSC_5170-300x200.jpg 300w, https:\/\/ialeman.cl\/wp-content\/uploads\/2026\/09\/Antillanca-2026-Instituto-Aleman-de-Puerto-Montt_0013_DSC_5170-1024x684.jpg 1024w, https:\/\/ialeman.cl\/wp-content\/uploads\/2026\/09\/Antillanca-2026-Instituto-Aleman-de-Puerto-Montt_0013_DSC_5170-768x513.jpg 768w\" sizes=\"(max-width: 1200px) 100vw, 1200px\" \/><\/a>\n\t\t\t<\/div><\/figure><figure class='gallery-item'>\n\t\t\t<div class='gallery-icon landscape'>\n\t\t\t\t<a data-elementor-open-lightbox=\"yes\" data-elementor-lightbox-slideshow=\"f2173ff\" data-elementor-lightbox-title=\"Antillanca 2026 Instituto Alem\u00e1n de Puerto Montt_0025_DSC_5090\" data-e-action-hash=\"#elementor-action%3Aaction%3Dlightbox%26settings%3DeyJpZCI6NjAwOTIsInVybCI6Imh0dHBzOlwvXC9pYWxlbWFuLmNsXC93cC1jb250ZW50XC91cGxvYWRzXC8yMDI2XC8wOVwvQW50aWxsYW5jYS0yMDI2LUluc3RpdHV0by1BbGVtYW4tZGUtUHVlcnRvLU1vbnR0XzAwMjVfRFNDXzUwOTAuanBnIiwic2xpZGVzaG93IjoiZjIxNzNmZiJ9\" href='https:\/\/ialeman.cl\/wp-content\/uploads\/2026\/09\/Antillanca-2026-Instituto-Aleman-de-Puerto-Montt_0025_DSC_5090.jpg'><img loading=\"lazy\" decoding=\"async\" width=\"1200\" height=\"801\" src=\"https:\/\/ialeman.cl\/wp-content\/uploads\/2026\/09\/Antillanca-2026-Instituto-Aleman-de-Puerto-Montt_0025_DSC_5090.jpg\" class=\"attachment-full size-full\" alt=\"\" srcset=\"https:\/\/ialeman.cl\/wp-content\/uploads\/2026\/09\/Antillanca-2026-Instituto-Aleman-de-Puerto-Montt_0025_DSC_5090.jpg 1200w, https:\/\/ialeman.cl\/wp-content\/uploads\/2026\/09\/Antillanca-2026-Instituto-Aleman-de-Puerto-Montt_0025_DSC_5090-300x200.jpg 300w, https:\/\/ialeman.cl\/wp-content\/uploads\/2026\/09\/Antillanca-2026-Instituto-Aleman-de-Puerto-Montt_0025_DSC_5090-1024x684.jpg 1024w, https:\/\/ialeman.cl\/wp-content\/uploads\/2026\/09\/Antillanca-2026-Instituto-Aleman-de-Puerto-Montt_0025_DSC_5090-768x513.jpg 768w\" sizes=\"(max-width: 1200px) 100vw, 1200px\" \/><\/a>\n\t\t\t<\/div><\/figure><figure class='gallery-item'>\n\t\t\t<div class='gallery-icon landscape'>\n\t\t\t\t<a data-elementor-open-lightbox=\"yes\" data-elementor-lightbox-slideshow=\"f2173ff\" data-elementor-lightbox-title=\"Antillanca 2026 Instituto Alem\u00e1n de Puerto Montt_0017_Niveles 4\" data-e-action-hash=\"#elementor-action%3Aaction%3Dlightbox%26settings%3DeyJpZCI6NjAwODQsInVybCI6Imh0dHBzOlwvXC9pYWxlbWFuLmNsXC93cC1jb250ZW50XC91cGxvYWRzXC8yMDI2XC8wOVwvQW50aWxsYW5jYS0yMDI2LUluc3RpdHV0by1BbGVtYW4tZGUtUHVlcnRvLU1vbnR0XzAwMTdfTml2ZWxlcy00LmpwZyIsInNsaWRlc2hvdyI6ImYyMTczZmYifQ%3D%3D\" href='https:\/\/ialeman.cl\/wp-content\/uploads\/2026\/09\/Antillanca-2026-Instituto-Aleman-de-Puerto-Montt_0017_Niveles-4.jpg'><img loading=\"lazy\" decoding=\"async\" width=\"1200\" height=\"801\" src=\"https:\/\/ialeman.cl\/wp-content\/uploads\/2026\/09\/Antillanca-2026-Instituto-Aleman-de-Puerto-Montt_0017_Niveles-4.jpg\" class=\"attachment-full size-full\" alt=\"\" srcset=\"https:\/\/ialeman.cl\/wp-content\/uploads\/2026\/09\/Antillanca-2026-Instituto-Aleman-de-Puerto-Montt_0017_Niveles-4.jpg 1200w, https:\/\/ialeman.cl\/wp-content\/uploads\/2026\/09\/Antillanca-2026-Instituto-Aleman-de-Puerto-Montt_0017_Niveles-4-300x200.jpg 300w, https:\/\/ialeman.cl\/wp-content\/uploads\/2026\/09\/Antillanca-2026-Instituto-Aleman-de-Puerto-Montt_0017_Niveles-4-1024x684.jpg 1024w, https:\/\/ialeman.cl\/wp-content\/uploads\/2026\/09\/Antillanca-2026-Instituto-Aleman-de-Puerto-Montt_0017_Niveles-4-768x513.jpg 768w\" sizes=\"(max-width: 1200px) 100vw, 1200px\" \/><\/a>\n\t\t\t<\/div><\/figure><figure class='gallery-item'>\n\t\t\t<div class='gallery-icon landscape'>\n\t\t\t\t<a data-elementor-open-lightbox=\"yes\" data-elementor-lightbox-slideshow=\"f2173ff\" data-elementor-lightbox-title=\"Antillanca 2026 Instituto Alem\u00e1n de Puerto Montt_0016_Niveles 3\" data-e-action-hash=\"#elementor-action%3Aaction%3Dlightbox%26settings%3DeyJpZCI6NjAwODMsInVybCI6Imh0dHBzOlwvXC9pYWxlbWFuLmNsXC93cC1jb250ZW50XC91cGxvYWRzXC8yMDI2XC8wOVwvQW50aWxsYW5jYS0yMDI2LUluc3RpdHV0by1BbGVtYW4tZGUtUHVlcnRvLU1vbnR0XzAwMTZfTml2ZWxlcy0zLmpwZyIsInNsaWRlc2hvdyI6ImYyMTczZmYifQ%3D%3D\" href='https:\/\/ialeman.cl\/wp-content\/uploads\/2026\/09\/Antillanca-2026-Instituto-Aleman-de-Puerto-Montt_0016_Niveles-3.jpg'><img loading=\"lazy\" decoding=\"async\" width=\"1200\" height=\"801\" src=\"https:\/\/ialeman.cl\/wp-content\/uploads\/2026\/09\/Antillanca-2026-Instituto-Aleman-de-Puerto-Montt_0016_Niveles-3.jpg\" class=\"attachment-full size-full\" alt=\"\" srcset=\"https:\/\/ialeman.cl\/wp-content\/uploads\/2026\/09\/Antillanca-2026-Instituto-Aleman-de-Puerto-Montt_0016_Niveles-3.jpg 1200w, https:\/\/ialeman.cl\/wp-content\/uploads\/2026\/09\/Antillanca-2026-Instituto-Aleman-de-Puerto-Montt_0016_Niveles-3-300x200.jpg 300w, https:\/\/ialeman.cl\/wp-content\/uploads\/2026\/09\/Antillanca-2026-Instituto-Aleman-de-Puerto-Montt_0016_Niveles-3-1024x684.jpg 1024w, https:\/\/ialeman.cl\/wp-content\/uploads\/2026\/09\/Antillanca-2026-Instituto-Aleman-de-Puerto-Montt_0016_Niveles-3-768x513.jpg 768w\" sizes=\"(max-width: 1200px) 100vw, 1200px\" \/><\/a>\n\t\t\t<\/div><\/figure><figure class='gallery-item'>\n\t\t\t<div class='gallery-icon landscape'>\n\t\t\t\t<a data-elementor-open-lightbox=\"yes\" data-elementor-lightbox-slideshow=\"f2173ff\" data-elementor-lightbox-title=\"Antillanca 2026 Instituto Alem\u00e1n de Puerto Montt_0024_DSC_5134\" data-e-action-hash=\"#elementor-action%3Aaction%3Dlightbox%26settings%3DeyJpZCI6NjAwOTEsInVybCI6Imh0dHBzOlwvXC9pYWxlbWFuLmNsXC93cC1jb250ZW50XC91cGxvYWRzXC8yMDI2XC8wOVwvQW50aWxsYW5jYS0yMDI2LUluc3RpdHV0by1BbGVtYW4tZGUtUHVlcnRvLU1vbnR0XzAwMjRfRFNDXzUxMzQuanBnIiwic2xpZGVzaG93IjoiZjIxNzNmZiJ9\" href='https:\/\/ialeman.cl\/wp-content\/uploads\/2026\/09\/Antillanca-2026-Instituto-Aleman-de-Puerto-Montt_0024_DSC_5134.jpg'><img loading=\"lazy\" decoding=\"async\" width=\"1200\" height=\"801\" src=\"https:\/\/ialeman.cl\/wp-content\/uploads\/2026\/09\/Antillanca-2026-Instituto-Aleman-de-Puerto-Montt_0024_DSC_5134.jpg\" class=\"attachment-full size-full\" alt=\"\" srcset=\"https:\/\/ialeman.cl\/wp-content\/uploads\/2026\/09\/Antillanca-2026-Instituto-Aleman-de-Puerto-Montt_0024_DSC_5134.jpg 1200w, https:\/\/ialeman.cl\/wp-content\/uploads\/2026\/09\/Antillanca-2026-Instituto-Aleman-de-Puerto-Montt_0024_DSC_5134-300x200.jpg 300w, https:\/\/ialeman.cl\/wp-content\/uploads\/2026\/09\/Antillanca-2026-Instituto-Aleman-de-Puerto-Montt_0024_DSC_5134-1024x684.jpg 1024w, https:\/\/ialeman.cl\/wp-content\/uploads\/2026\/09\/Antillanca-2026-Instituto-Aleman-de-Puerto-Montt_0024_DSC_5134-768x513.jpg 768w\" sizes=\"(max-width: 1200px) 100vw, 1200px\" \/><\/a>\n\t\t\t<\/div><\/figure><figure class='gallery-item'>\n\t\t\t<div class='gallery-icon landscape'>\n\t\t\t\t<a data-elementor-open-lightbox=\"yes\" data-elementor-lightbox-slideshow=\"f2173ff\" data-elementor-lightbox-title=\"Antillanca 2026 Instituto Alem\u00e1n de Puerto Montt_0006_DSC_5210\" data-e-action-hash=\"#elementor-action%3Aaction%3Dlightbox%26settings%3DeyJpZCI6NjAwNzMsInVybCI6Imh0dHBzOlwvXC9pYWxlbWFuLmNsXC93cC1jb250ZW50XC91cGxvYWRzXC8yMDI2XC8wOVwvQW50aWxsYW5jYS0yMDI2LUluc3RpdHV0by1BbGVtYW4tZGUtUHVlcnRvLU1vbnR0XzAwMDZfRFNDXzUyMTAuanBnIiwic2xpZGVzaG93IjoiZjIxNzNmZiJ9\" href='https:\/\/ialeman.cl\/wp-content\/uploads\/2026\/09\/Antillanca-2026-Instituto-Aleman-de-Puerto-Montt_0006_DSC_5210.jpg'><img loading=\"lazy\" decoding=\"async\" width=\"1200\" height=\"801\" src=\"https:\/\/ialeman.cl\/wp-content\/uploads\/2026\/09\/Antillanca-2026-Instituto-Aleman-de-Puerto-Montt_0006_DSC_5210.jpg\" class=\"attachment-full size-full\" alt=\"\" srcset=\"https:\/\/ialeman.cl\/wp-content\/uploads\/2026\/09\/Antillanca-2026-Instituto-Aleman-de-Puerto-Montt_0006_DSC_5210.jpg 1200w, https:\/\/ialeman.cl\/wp-content\/uploads\/2026\/09\/Antillanca-2026-Instituto-Aleman-de-Puerto-Montt_0006_DSC_5210-300x200.jpg 300w, https:\/\/ialeman.cl\/wp-content\/uploads\/2026\/09\/Antillanca-2026-Instituto-Aleman-de-Puerto-Montt_0006_DSC_5210-1024x684.jpg 1024w, https:\/\/ialeman.cl\/wp-content\/uploads\/2026\/09\/Antillanca-2026-Instituto-Aleman-de-Puerto-Montt_0006_DSC_5210-768x513.jpg 768w\" sizes=\"(max-width: 1200px) 100vw, 1200px\" \/><\/a>\n\t\t\t<\/div><\/figure><figure class='gallery-item'>\n\t\t\t<div class='gallery-icon landscape'>\n\t\t\t\t<a data-elementor-open-lightbox=\"yes\" data-elementor-lightbox-slideshow=\"f2173ff\" data-elementor-lightbox-title=\"Antillanca 2026 Instituto Alem\u00e1n de Puerto Montt_0015_DSC_5148\" data-e-action-hash=\"#elementor-action%3Aaction%3Dlightbox%26settings%3DeyJpZCI6NjAwODIsInVybCI6Imh0dHBzOlwvXC9pYWxlbWFuLmNsXC93cC1jb250ZW50XC91cGxvYWRzXC8yMDI2XC8wOVwvQW50aWxsYW5jYS0yMDI2LUluc3RpdHV0by1BbGVtYW4tZGUtUHVlcnRvLU1vbnR0XzAwMTVfRFNDXzUxNDguanBnIiwic2xpZGVzaG93IjoiZjIxNzNmZiJ9\" href='https:\/\/ialeman.cl\/wp-content\/uploads\/2026\/09\/Antillanca-2026-Instituto-Aleman-de-Puerto-Montt_0015_DSC_5148.jpg'><img loading=\"lazy\" decoding=\"async\" width=\"1200\" height=\"801\" src=\"https:\/\/ialeman.cl\/wp-content\/uploads\/2026\/09\/Antillanca-2026-Instituto-Aleman-de-Puerto-Montt_0015_DSC_5148.jpg\" class=\"attachment-full size-full\" alt=\"\" srcset=\"https:\/\/ialeman.cl\/wp-content\/uploads\/2026\/09\/Antillanca-2026-Instituto-Aleman-de-Puerto-Montt_0015_DSC_5148.jpg 1200w, https:\/\/ialeman.cl\/wp-content\/uploads\/2026\/09\/Antillanca-2026-Instituto-Aleman-de-Puerto-Montt_0015_DSC_5148-300x200.jpg 300w, https:\/\/ialeman.cl\/wp-content\/uploads\/2026\/09\/Antillanca-2026-Instituto-Aleman-de-Puerto-Montt_0015_DSC_5148-1024x684.jpg 1024w, https:\/\/ialeman.cl\/wp-content\/uploads\/2026\/09\/Antillanca-2026-Instituto-Aleman-de-Puerto-Montt_0015_DSC_5148-768x513.jpg 768w\" sizes=\"(max-width: 1200px) 100vw, 1200px\" \/><\/a>\n\t\t\t<\/div><\/figure><figure class='gallery-item'>\n\t\t\t<div class='gallery-icon landscape'>\n\t\t\t\t<a data-elementor-open-lightbox=\"yes\" data-elementor-lightbox-slideshow=\"f2173ff\" data-elementor-lightbox-title=\"Antillanca 2026 Instituto Alem\u00e1n de Puerto Montt_0014_DSC_5156\" data-e-action-hash=\"#elementor-action%3Aaction%3Dlightbox%26settings%3DeyJpZCI6NjAwODEsInVybCI6Imh0dHBzOlwvXC9pYWxlbWFuLmNsXC93cC1jb250ZW50XC91cGxvYWRzXC8yMDI2XC8wOVwvQW50aWxsYW5jYS0yMDI2LUluc3RpdHV0by1BbGVtYW4tZGUtUHVlcnRvLU1vbnR0XzAwMTRfRFNDXzUxNTYuanBnIiwic2xpZGVzaG93IjoiZjIxNzNmZiJ9\" href='https:\/\/ialeman.cl\/wp-content\/uploads\/2026\/09\/Antillanca-2026-Instituto-Aleman-de-Puerto-Montt_0014_DSC_5156.jpg'><img loading=\"lazy\" decoding=\"async\" width=\"1200\" height=\"801\" src=\"https:\/\/ialeman.cl\/wp-content\/uploads\/2026\/09\/Antillanca-2026-Instituto-Aleman-de-Puerto-Montt_0014_DSC_5156.jpg\" class=\"attachment-full size-full\" alt=\"\" srcset=\"https:\/\/ialeman.cl\/wp-content\/uploads\/2026\/09\/Antillanca-2026-Instituto-Aleman-de-Puerto-Montt_0014_DSC_5156.jpg 1200w, https:\/\/ialeman.cl\/wp-content\/uploads\/2026\/09\/Antillanca-2026-Instituto-Aleman-de-Puerto-Montt_0014_DSC_5156-300x200.jpg 300w, https:\/\/ialeman.cl\/wp-content\/uploads\/2026\/09\/Antillanca-2026-Instituto-Aleman-de-Puerto-Montt_0014_DSC_5156-1024x684.jpg 1024w, https:\/\/ialeman.cl\/wp-content\/uploads\/2026\/09\/Antillanca-2026-Instituto-Aleman-de-Puerto-Montt_0014_DSC_5156-768x513.jpg 768w\" sizes=\"(max-width: 1200px) 100vw, 1200px\" \/><\/a>\n\t\t\t<\/div><\/figure><figure class='gallery-item'>\n\t\t\t<div class='gallery-icon landscape'>\n\t\t\t\t<a data-elementor-open-lightbox=\"yes\" data-elementor-lightbox-slideshow=\"f2173ff\" data-elementor-lightbox-title=\"Antillanca 2026 Instituto Alem\u00e1n de Puerto Montt_0022_DSC_5106\" data-e-action-hash=\"#elementor-action%3Aaction%3Dlightbox%26settings%3DeyJpZCI6NjAwODksInVybCI6Imh0dHBzOlwvXC9pYWxlbWFuLmNsXC93cC1jb250ZW50XC91cGxvYWRzXC8yMDI2XC8wOVwvQW50aWxsYW5jYS0yMDI2LUluc3RpdHV0by1BbGVtYW4tZGUtUHVlcnRvLU1vbnR0XzAwMjJfRFNDXzUxMDYuanBnIiwic2xpZGVzaG93IjoiZjIxNzNmZiJ9\" href='https:\/\/ialeman.cl\/wp-content\/uploads\/2026\/09\/Antillanca-2026-Instituto-Aleman-de-Puerto-Montt_0022_DSC_5106.jpg'><img loading=\"lazy\" decoding=\"async\" width=\"1200\" height=\"801\" src=\"https:\/\/ialeman.cl\/wp-content\/uploads\/2026\/09\/Antillanca-2026-Instituto-Aleman-de-Puerto-Montt_0022_DSC_5106.jpg\" class=\"attachment-full size-full\" alt=\"\" srcset=\"https:\/\/ialeman.cl\/wp-content\/uploads\/2026\/09\/Antillanca-2026-Instituto-Aleman-de-Puerto-Montt_0022_DSC_5106.jpg 1200w, https:\/\/ialeman.cl\/wp-content\/uploads\/2026\/09\/Antillanca-2026-Instituto-Aleman-de-Puerto-Montt_0022_DSC_5106-300x200.jpg 300w, https:\/\/ialeman.cl\/wp-content\/uploads\/2026\/09\/Antillanca-2026-Instituto-Aleman-de-Puerto-Montt_0022_DSC_5106-1024x684.jpg 1024w, https:\/\/ialeman.cl\/wp-content\/uploads\/2026\/09\/Antillanca-2026-Instituto-Aleman-de-Puerto-Montt_0022_DSC_5106-768x513.jpg 768w\" sizes=\"(max-width: 1200px) 100vw, 1200px\" \/><\/a>\n\t\t\t<\/div><\/figure><figure class='gallery-item'>\n\t\t\t<div class='gallery-icon landscape'>\n\t\t\t\t<a data-elementor-open-lightbox=\"yes\" data-elementor-lightbox-slideshow=\"f2173ff\" data-elementor-lightbox-title=\"Antillanca 2026 Instituto Alem\u00e1n de Puerto Montt_0018_DSC_5125\" data-e-action-hash=\"#elementor-action%3Aaction%3Dlightbox%26settings%3DeyJpZCI6NjAwODUsInVybCI6Imh0dHBzOlwvXC9pYWxlbWFuLmNsXC93cC1jb250ZW50XC91cGxvYWRzXC8yMDI2XC8wOVwvQW50aWxsYW5jYS0yMDI2LUluc3RpdHV0by1BbGVtYW4tZGUtUHVlcnRvLU1vbnR0XzAwMThfRFNDXzUxMjUuanBnIiwic2xpZGVzaG93IjoiZjIxNzNmZiJ9\" href='https:\/\/ialeman.cl\/wp-content\/uploads\/2026\/09\/Antillanca-2026-Instituto-Aleman-de-Puerto-Montt_0018_DSC_5125.jpg'><img loading=\"lazy\" decoding=\"async\" width=\"1200\" height=\"801\" src=\"https:\/\/ialeman.cl\/wp-content\/uploads\/2026\/09\/Antillanca-2026-Instituto-Aleman-de-Puerto-Montt_0018_DSC_5125.jpg\" class=\"attachment-full size-full\" alt=\"\" srcset=\"https:\/\/ialeman.cl\/wp-content\/uploads\/2026\/09\/Antillanca-2026-Instituto-Aleman-de-Puerto-Montt_0018_DSC_5125.jpg 1200w, https:\/\/ialeman.cl\/wp-content\/uploads\/2026\/09\/Antillanca-2026-Instituto-Aleman-de-Puerto-Montt_0018_DSC_5125-300x200.jpg 300w, https:\/\/ialeman.cl\/wp-content\/uploads\/2026\/09\/Antillanca-2026-Instituto-Aleman-de-Puerto-Montt_0018_DSC_5125-1024x684.jpg 1024w, https:\/\/ialeman.cl\/wp-content\/uploads\/2026\/09\/Antillanca-2026-Instituto-Aleman-de-Puerto-Montt_0018_DSC_5125-768x513.jpg 768w\" sizes=\"(max-width: 1200px) 100vw, 1200px\" \/><\/a>\n\t\t\t<\/div><\/figure><figure class='gallery-item'>\n\t\t\t<div class='gallery-icon landscape'>\n\t\t\t\t<a data-elementor-open-lightbox=\"yes\" data-elementor-lightbox-slideshow=\"f2173ff\" data-elementor-lightbox-title=\"Antillanca 2026 Instituto Alem\u00e1n de Puerto Montt_0026_IMG_20260827_093510\" data-e-action-hash=\"#elementor-action%3Aaction%3Dlightbox%26settings%3DeyJpZCI6NjAwOTMsInVybCI6Imh0dHBzOlwvXC9pYWxlbWFuLmNsXC93cC1jb250ZW50XC91cGxvYWRzXC8yMDI2XC8wOVwvQW50aWxsYW5jYS0yMDI2LUluc3RpdHV0by1BbGVtYW4tZGUtUHVlcnRvLU1vbnR0XzAwMjZfSU1HXzIwMjYwODI3XzA5MzUxMC5qcGciLCJzbGlkZXNob3ciOiJmMjE3M2ZmIn0%3D\" href='https:\/\/ialeman.cl\/wp-content\/uploads\/2026\/09\/Antillanca-2026-Instituto-Aleman-de-Puerto-Montt_0026_IMG_20260827_093510.jpg'><img loading=\"lazy\" decoding=\"async\" width=\"1200\" height=\"801\" src=\"https:\/\/ialeman.cl\/wp-content\/uploads\/2026\/09\/Antillanca-2026-Instituto-Aleman-de-Puerto-Montt_0026_IMG_20260827_093510.jpg\" class=\"attachment-full size-full\" alt=\"\" srcset=\"https:\/\/ialeman.cl\/wp-content\/uploads\/2026\/09\/Antillanca-2026-Instituto-Aleman-de-Puerto-Montt_0026_IMG_20260827_093510.jpg 1200w, https:\/\/ialeman.cl\/wp-content\/uploads\/2026\/09\/Antillanca-2026-Instituto-Aleman-de-Puerto-Montt_0026_IMG_20260827_093510-300x200.jpg 300w, https:\/\/ialeman.cl\/wp-content\/uploads\/2026\/09\/Antillanca-2026-Instituto-Aleman-de-Puerto-Montt_0026_IMG_20260827_093510-1024x684.jpg 1024w, https:\/\/ialeman.cl\/wp-content\/uploads\/2026\/09\/Antillanca-2026-Instituto-Aleman-de-Puerto-Montt_0026_IMG_20260827_093510-768x513.jpg 768w\" sizes=\"(max-width: 1200px) 100vw, 1200px\" \/><\/a>\n\t\t\t<\/div><\/figure><figure class='gallery-item'>\n\t\t\t<div class='gallery-icon landscape'>\n\t\t\t\t<a data-elementor-open-lightbox=\"yes\" data-elementor-lightbox-slideshow=\"f2173ff\" data-elementor-lightbox-title=\"Antillanca 2026 Instituto Alem\u00e1n de Puerto Montt_0027_Niveles 5\" data-e-action-hash=\"#elementor-action%3Aaction%3Dlightbox%26settings%3DeyJpZCI6NjAwOTQsInVybCI6Imh0dHBzOlwvXC9pYWxlbWFuLmNsXC93cC1jb250ZW50XC91cGxvYWRzXC8yMDI2XC8wOVwvQW50aWxsYW5jYS0yMDI2LUluc3RpdHV0by1BbGVtYW4tZGUtUHVlcnRvLU1vbnR0XzAwMjdfTml2ZWxlcy01LmpwZyIsInNsaWRlc2hvdyI6ImYyMTczZmYifQ%3D%3D\" href='https:\/\/ialeman.cl\/wp-content\/uploads\/2026\/09\/Antillanca-2026-Instituto-Aleman-de-Puerto-Montt_0027_Niveles-5.jpg'><img loading=\"lazy\" decoding=\"async\" width=\"1200\" height=\"801\" src=\"https:\/\/ialeman.cl\/wp-content\/uploads\/2026\/09\/Antillanca-2026-Instituto-Aleman-de-Puerto-Montt_0027_Niveles-5.jpg\" class=\"attachment-full size-full\" alt=\"\" srcset=\"https:\/\/ialeman.cl\/wp-content\/uploads\/2026\/09\/Antillanca-2026-Instituto-Aleman-de-Puerto-Montt_0027_Niveles-5.jpg 1200w, https:\/\/ialeman.cl\/wp-content\/uploads\/2026\/09\/Antillanca-2026-Instituto-Aleman-de-Puerto-Montt_0027_Niveles-5-300x200.jpg 300w, https:\/\/ialeman.cl\/wp-content\/uploads\/2026\/09\/Antillanca-2026-Instituto-Aleman-de-Puerto-Montt_0027_Niveles-5-1024x684.jpg 1024w, https:\/\/ialeman.cl\/wp-content\/uploads\/2026\/09\/Antillanca-2026-Instituto-Aleman-de-Puerto-Montt_0027_Niveles-5-768x513.jpg 768w\" sizes=\"(max-width: 1200px) 100vw, 1200px\" \/><\/a>\n\t\t\t<\/div><\/figure><figure class='gallery-item'>\n\t\t\t<div class='gallery-icon landscape'>\n\t\t\t\t<a data-elementor-open-lightbox=\"yes\" data-elementor-lightbox-slideshow=\"f2173ff\" data-elementor-lightbox-title=\"Antillanca 2026 Instituto Alem\u00e1n de Puerto Montt_0029_IMG_20260827_104147\" data-e-action-hash=\"#elementor-action%3Aaction%3Dlightbox%26settings%3DeyJpZCI6NjAwOTgsInVybCI6Imh0dHBzOlwvXC9pYWxlbWFuLmNsXC93cC1jb250ZW50XC91cGxvYWRzXC8yMDI2XC8wOVwvQW50aWxsYW5jYS0yMDI2LUluc3RpdHV0by1BbGVtYW4tZGUtUHVlcnRvLU1vbnR0XzAwMjlfSU1HXzIwMjYwODI3XzEwNDE0Ny5qcGciLCJzbGlkZXNob3ciOiJmMjE3M2ZmIn0%3D\" href='https:\/\/ialeman.cl\/wp-content\/uploads\/2026\/09\/Antillanca-2026-Instituto-Aleman-de-Puerto-Montt_0029_IMG_20260827_104147.jpg'><img loading=\"lazy\" decoding=\"async\" width=\"1200\" height=\"801\" src=\"https:\/\/ialeman.cl\/wp-content\/uploads\/2026\/09\/Antillanca-2026-Instituto-Aleman-de-Puerto-Montt_0029_IMG_20260827_104147.jpg\" class=\"attachment-full size-full\" alt=\"\" srcset=\"https:\/\/ialeman.cl\/wp-content\/uploads\/2026\/09\/Antillanca-2026-Instituto-Aleman-de-Puerto-Montt_0029_IMG_20260827_104147.jpg 1200w, https:\/\/ialeman.cl\/wp-content\/uploads\/2026\/09\/Antillanca-2026-Instituto-Aleman-de-Puerto-Montt_0029_IMG_20260827_104147-300x200.jpg 300w, https:\/\/ialeman.cl\/wp-content\/uploads\/2026\/09\/Antillanca-2026-Instituto-Aleman-de-Puerto-Montt_0029_IMG_20260827_104147-1024x684.jpg 1024w, https:\/\/ialeman.cl\/wp-content\/uploads\/2026\/09\/Antillanca-2026-Instituto-Aleman-de-Puerto-Montt_0029_IMG_20260827_104147-768x513.jpg 768w\" sizes=\"(max-width: 1200px) 100vw, 1200px\" \/><\/a>\n\t\t\t<\/div><\/figure><figure class='gallery-item'>\n\t\t\t<div class='gallery-icon landscape'>\n\t\t\t\t<a data-elementor-open-lightbox=\"yes\" data-elementor-lightbox-slideshow=\"f2173ff\" data-elementor-lightbox-title=\"Antillanca 2026 Instituto Alem\u00e1n de Puerto Montt_0030_IMG_20260827_104034\" data-e-action-hash=\"#elementor-action%3Aaction%3Dlightbox%26settings%3DeyJpZCI6NjAwOTksInVybCI6Imh0dHBzOlwvXC9pYWxlbWFuLmNsXC93cC1jb250ZW50XC91cGxvYWRzXC8yMDI2XC8wOVwvQW50aWxsYW5jYS0yMDI2LUluc3RpdHV0by1BbGVtYW4tZGUtUHVlcnRvLU1vbnR0XzAwMzBfSU1HXzIwMjYwODI3XzEwNDAzNC5qcGciLCJzbGlkZXNob3ciOiJmMjE3M2ZmIn0%3D\" href='https:\/\/ialeman.cl\/wp-content\/uploads\/2026\/09\/Antillanca-2026-Instituto-Aleman-de-Puerto-Montt_0030_IMG_20260827_104034.jpg'><img loading=\"lazy\" decoding=\"async\" width=\"1200\" height=\"801\" src=\"https:\/\/ialeman.cl\/wp-content\/uploads\/2026\/09\/Antillanca-2026-Instituto-Aleman-de-Puerto-Montt_0030_IMG_20260827_104034.jpg\" class=\"attachment-full size-full\" alt=\"\" srcset=\"https:\/\/ialeman.cl\/wp-content\/uploads\/2026\/09\/Antillanca-2026-Instituto-Aleman-de-Puerto-Montt_0030_IMG_20260827_104034.jpg 1200w, https:\/\/ialeman.cl\/wp-content\/uploads\/2026\/09\/Antillanca-2026-Instituto-Aleman-de-Puerto-Montt_0030_IMG_20260827_104034-300x200.jpg 300w, https:\/\/ialeman.cl\/wp-content\/uploads\/2026\/09\/Antillanca-2026-Instituto-Aleman-de-Puerto-Montt_0030_IMG_20260827_104034-1024x684.jpg 1024w, https:\/\/ialeman.cl\/wp-content\/uploads\/2026\/09\/Antillanca-2026-Instituto-Aleman-de-Puerto-Montt_0030_IMG_20260827_104034-768x513.jpg 768w\" sizes=\"(max-width: 1200px) 100vw, 1200px\" \/><\/a>\n\t\t\t<\/div><\/figure><figure class='gallery-item'>\n\t\t\t<div class='gallery-icon landscape'>\n\t\t\t\t<a data-elementor-open-lightbox=\"yes\" data-elementor-lightbox-slideshow=\"f2173ff\" data-elementor-lightbox-title=\"Antillanca 2026 Instituto Alem\u00e1n de Puerto Montt_0031_IMG_20260827_104018\" data-e-action-hash=\"#elementor-action%3Aaction%3Dlightbox%26settings%3DeyJpZCI6NjAxMDAsInVybCI6Imh0dHBzOlwvXC9pYWxlbWFuLmNsXC93cC1jb250ZW50XC91cGxvYWRzXC8yMDI2XC8wOVwvQW50aWxsYW5jYS0yMDI2LUluc3RpdHV0by1BbGVtYW4tZGUtUHVlcnRvLU1vbnR0XzAwMzFfSU1HXzIwMjYwODI3XzEwNDAxOC5qcGciLCJzbGlkZXNob3ciOiJmMjE3M2ZmIn0%3D\" href='https:\/\/ialeman.cl\/wp-content\/uploads\/2026\/09\/Antillanca-2026-Instituto-Aleman-de-Puerto-Montt_0031_IMG_20260827_104018.jpg'><img loading=\"lazy\" decoding=\"async\" width=\"1200\" height=\"801\" src=\"https:\/\/ialeman.cl\/wp-content\/uploads\/2026\/09\/Antillanca-2026-Instituto-Aleman-de-Puerto-Montt_0031_IMG_20260827_104018.jpg\" class=\"attachment-full size-full\" alt=\"\" srcset=\"https:\/\/ialeman.cl\/wp-content\/uploads\/2026\/09\/Antillanca-2026-Instituto-Aleman-de-Puerto-Montt_0031_IMG_20260827_104018.jpg 1200w, https:\/\/ialeman.cl\/wp-content\/uploads\/2026\/09\/Antillanca-2026-Instituto-Aleman-de-Puerto-Montt_0031_IMG_20260827_104018-300x200.jpg 300w, https:\/\/ialeman.cl\/wp-content\/uploads\/2026\/09\/Antillanca-2026-Instituto-Aleman-de-Puerto-Montt_0031_IMG_20260827_104018-1024x684.jpg 1024w, https:\/\/ialeman.cl\/wp-content\/uploads\/2026\/09\/Antillanca-2026-Instituto-Aleman-de-Puerto-Montt_0031_IMG_20260827_104018-768x513.jpg 768w\" sizes=\"(max-width: 1200px) 100vw, 1200px\" \/><\/a>\n\t\t\t<\/div><\/figure><figure class='gallery-item'>\n\t\t\t<div class='gallery-icon landscape'>\n\t\t\t\t<a data-elementor-open-lightbox=\"yes\" data-elementor-lightbox-slideshow=\"f2173ff\" data-elementor-lightbox-title=\"Antillanca 2026 Instituto Alem\u00e1n de Puerto Montt_0032_IMG_20260827_104007\" data-e-action-hash=\"#elementor-action%3Aaction%3Dlightbox%26settings%3DeyJpZCI6NjAxMDEsInVybCI6Imh0dHBzOlwvXC9pYWxlbWFuLmNsXC93cC1jb250ZW50XC91cGxvYWRzXC8yMDI2XC8wOVwvQW50aWxsYW5jYS0yMDI2LUluc3RpdHV0by1BbGVtYW4tZGUtUHVlcnRvLU1vbnR0XzAwMzJfSU1HXzIwMjYwODI3XzEwNDAwNy5qcGciLCJzbGlkZXNob3ciOiJmMjE3M2ZmIn0%3D\" href='https:\/\/ialeman.cl\/wp-content\/uploads\/2026\/09\/Antillanca-2026-Instituto-Aleman-de-Puerto-Montt_0032_IMG_20260827_104007.jpg'><img loading=\"lazy\" decoding=\"async\" width=\"1200\" height=\"801\" src=\"https:\/\/ialeman.cl\/wp-content\/uploads\/2026\/09\/Antillanca-2026-Instituto-Aleman-de-Puerto-Montt_0032_IMG_20260827_104007.jpg\" class=\"attachment-full size-full\" alt=\"\" srcset=\"https:\/\/ialeman.cl\/wp-content\/uploads\/2026\/09\/Antillanca-2026-Instituto-Aleman-de-Puerto-Montt_0032_IMG_20260827_104007.jpg 1200w, https:\/\/ialeman.cl\/wp-content\/uploads\/2026\/09\/Antillanca-2026-Instituto-Aleman-de-Puerto-Montt_0032_IMG_20260827_104007-300x200.jpg 300w, https:\/\/ialeman.cl\/wp-content\/uploads\/2026\/09\/Antillanca-2026-Instituto-Aleman-de-Puerto-Montt_0032_IMG_20260827_104007-1024x684.jpg 1024w, https:\/\/ialeman.cl\/wp-content\/uploads\/2026\/09\/Antillanca-2026-Instituto-Aleman-de-Puerto-Montt_0032_IMG_20260827_104007-768x513.jpg 768w\" sizes=\"(max-width: 1200px) 100vw, 1200px\" \/><\/a>\n\t\t\t<\/div><\/figure><figure class='gallery-item'>\n\t\t\t<div class='gallery-icon landscape'>\n\t\t\t\t<a data-elementor-open-lightbox=\"yes\" data-elementor-lightbox-slideshow=\"f2173ff\" data-elementor-lightbox-title=\"Antillanca 2026 Instituto Alem\u00e1n de Puerto Montt_0033_IMG_20260824_163534\" data-e-action-hash=\"#elementor-action%3Aaction%3Dlightbox%26settings%3DeyJpZCI6NjAxMDIsInVybCI6Imh0dHBzOlwvXC9pYWxlbWFuLmNsXC93cC1jb250ZW50XC91cGxvYWRzXC8yMDI2XC8wOVwvQW50aWxsYW5jYS0yMDI2LUluc3RpdHV0by1BbGVtYW4tZGUtUHVlcnRvLU1vbnR0XzAwMzNfSU1HXzIwMjYwODI0XzE2MzUzNC5qcGciLCJzbGlkZXNob3ciOiJmMjE3M2ZmIn0%3D\" href='https:\/\/ialeman.cl\/wp-content\/uploads\/2026\/09\/Antillanca-2026-Instituto-Aleman-de-Puerto-Montt_0033_IMG_20260824_163534.jpg'><img loading=\"lazy\" decoding=\"async\" width=\"1200\" height=\"801\" src=\"https:\/\/ialeman.cl\/wp-content\/uploads\/2026\/09\/Antillanca-2026-Instituto-Aleman-de-Puerto-Montt_0033_IMG_20260824_163534.jpg\" class=\"attachment-full size-full\" alt=\"\" srcset=\"https:\/\/ialeman.cl\/wp-content\/uploads\/2026\/09\/Antillanca-2026-Instituto-Aleman-de-Puerto-Montt_0033_IMG_20260824_163534.jpg 1200w, https:\/\/ialeman.cl\/wp-content\/uploads\/2026\/09\/Antillanca-2026-Instituto-Aleman-de-Puerto-Montt_0033_IMG_20260824_163534-300x200.jpg 300w, https:\/\/ialeman.cl\/wp-content\/uploads\/2026\/09\/Antillanca-2026-Instituto-Aleman-de-Puerto-Montt_0033_IMG_20260824_163534-1024x684.jpg 1024w, https:\/\/ialeman.cl\/wp-content\/uploads\/2026\/09\/Antillanca-2026-Instituto-Aleman-de-Puerto-Montt_0033_IMG_20260824_163534-768x513.jpg 768w\" sizes=\"(max-width: 1200px) 100vw, 1200px\" \/><\/a>\n\t\t\t<\/div><\/figure><figure class='gallery-item'>\n\t\t\t<div class='gallery-icon landscape'>\n\t\t\t\t<a data-elementor-open-lightbox=\"yes\" data-elementor-lightbox-slideshow=\"f2173ff\" data-elementor-lightbox-title=\"Antillanca 2026 Instituto Alem\u00e1n de Puerto Montt_0034_IMG_20260824_163441\" data-e-action-hash=\"#elementor-action%3Aaction%3Dlightbox%26settings%3DeyJpZCI6NjAxMDMsInVybCI6Imh0dHBzOlwvXC9pYWxlbWFuLmNsXC93cC1jb250ZW50XC91cGxvYWRzXC8yMDI2XC8wOVwvQW50aWxsYW5jYS0yMDI2LUluc3RpdHV0by1BbGVtYW4tZGUtUHVlcnRvLU1vbnR0XzAwMzRfSU1HXzIwMjYwODI0XzE2MzQ0MS5qcGciLCJzbGlkZXNob3ciOiJmMjE3M2ZmIn0%3D\" href='https:\/\/ialeman.cl\/wp-content\/uploads\/2026\/09\/Antillanca-2026-Instituto-Aleman-de-Puerto-Montt_0034_IMG_20260824_163441.jpg'><img loading=\"lazy\" decoding=\"async\" width=\"1200\" height=\"801\" src=\"https:\/\/ialeman.cl\/wp-content\/uploads\/2026\/09\/Antillanca-2026-Instituto-Aleman-de-Puerto-Montt_0034_IMG_20260824_163441.jpg\" class=\"attachment-full size-full\" alt=\"\" srcset=\"https:\/\/ialeman.cl\/wp-content\/uploads\/2026\/09\/Antillanca-2026-Instituto-Aleman-de-Puerto-Montt_0034_IMG_20260824_163441.jpg 1200w, https:\/\/ialeman.cl\/wp-content\/uploads\/2026\/09\/Antillanca-2026-Instituto-Aleman-de-Puerto-Montt_0034_IMG_20260824_163441-300x200.jpg 300w, https:\/\/ialeman.cl\/wp-content\/uploads\/2026\/09\/Antillanca-2026-Instituto-Aleman-de-Puerto-Montt_0034_IMG_20260824_163441-1024x684.jpg 1024w, https:\/\/ialeman.cl\/wp-content\/uploads\/2026\/09\/Antillanca-2026-Instituto-Aleman-de-Puerto-Montt_0034_IMG_20260824_163441-768x513.jpg 768w\" sizes=\"(max-width: 1200px) 100vw, 1200px\" \/><\/a>\n\t\t\t<\/div><\/figure><figure class='gallery-item'>\n\t\t\t<div class='gallery-icon landscape'>\n\t\t\t\t<a data-elementor-open-lightbox=\"yes\" data-elementor-lightbox-slideshow=\"f2173ff\" data-elementor-lightbox-title=\"Antillanca 2026 Instituto Alem\u00e1n de Puerto Montt_0035_IMG_20260824_163240\" data-e-action-hash=\"#elementor-action%3Aaction%3Dlightbox%26settings%3DeyJpZCI6NjAxMDQsInVybCI6Imh0dHBzOlwvXC9pYWxlbWFuLmNsXC93cC1jb250ZW50XC91cGxvYWRzXC8yMDI2XC8wOVwvQW50aWxsYW5jYS0yMDI2LUluc3RpdHV0by1BbGVtYW4tZGUtUHVlcnRvLU1vbnR0XzAwMzVfSU1HXzIwMjYwODI0XzE2MzI0MC5qcGciLCJzbGlkZXNob3ciOiJmMjE3M2ZmIn0%3D\" href='https:\/\/ialeman.cl\/wp-content\/uploads\/2026\/09\/Antillanca-2026-Instituto-Aleman-de-Puerto-Montt_0035_IMG_20260824_163240.jpg'><img loading=\"lazy\" decoding=\"async\" width=\"1200\" height=\"801\" src=\"https:\/\/ialeman.cl\/wp-content\/uploads\/2026\/09\/Antillanca-2026-Instituto-Aleman-de-Puerto-Montt_0035_IMG_20260824_163240.jpg\" class=\"attachment-full size-full\" alt=\"\" srcset=\"https:\/\/ialeman.cl\/wp-content\/uploads\/2026\/09\/Antillanca-2026-Instituto-Aleman-de-Puerto-Montt_0035_IMG_20260824_163240.jpg 1200w, https:\/\/ialeman.cl\/wp-content\/uploads\/2026\/09\/Antillanca-2026-Instituto-Aleman-de-Puerto-Montt_0035_IMG_20260824_163240-300x200.jpg 300w, https:\/\/ialeman.cl\/wp-content\/uploads\/2026\/09\/Antillanca-2026-Instituto-Aleman-de-Puerto-Montt_0035_IMG_20260824_163240-1024x684.jpg 1024w, https:\/\/ialeman.cl\/wp-content\/uploads\/2026\/09\/Antillanca-2026-Instituto-Aleman-de-Puerto-Montt_0035_IMG_20260824_163240-768x513.jpg 768w\" sizes=\"(max-width: 1200px) 100vw, 1200px\" \/><\/a>\n\t\t\t<\/div><\/figure><figure class='gallery-item'>\n\t\t\t<div class='gallery-icon landscape'>\n\t\t\t\t<a data-elementor-open-lightbox=\"yes\" data-elementor-lightbox-slideshow=\"f2173ff\" data-elementor-lightbox-title=\"Antillanca 2026 Instituto Alem\u00e1n de Puerto Montt_0036_Niveles 10\" data-e-action-hash=\"#elementor-action%3Aaction%3Dlightbox%26settings%3DeyJpZCI6NjAxMDUsInVybCI6Imh0dHBzOlwvXC9pYWxlbWFuLmNsXC93cC1jb250ZW50XC91cGxvYWRzXC8yMDI2XC8wOVwvQW50aWxsYW5jYS0yMDI2LUluc3RpdHV0by1BbGVtYW4tZGUtUHVlcnRvLU1vbnR0XzAwMzZfTml2ZWxlcy0xMC5qcGciLCJzbGlkZXNob3ciOiJmMjE3M2ZmIn0%3D\" href='https:\/\/ialeman.cl\/wp-content\/uploads\/2026\/09\/Antillanca-2026-Instituto-Aleman-de-Puerto-Montt_0036_Niveles-10.jpg'><img loading=\"lazy\" decoding=\"async\" width=\"1200\" height=\"801\" src=\"https:\/\/ialeman.cl\/wp-content\/uploads\/2026\/09\/Antillanca-2026-Instituto-Aleman-de-Puerto-Montt_0036_Niveles-10.jpg\" class=\"attachment-full size-full\" alt=\"\" srcset=\"https:\/\/ialeman.cl\/wp-content\/uploads\/2026\/09\/Antillanca-2026-Instituto-Aleman-de-Puerto-Montt_0036_Niveles-10.jpg 1200w, https:\/\/ialeman.cl\/wp-content\/uploads\/2026\/09\/Antillanca-2026-Instituto-Aleman-de-Puerto-Montt_0036_Niveles-10-300x200.jpg 300w, https:\/\/ialeman.cl\/wp-content\/uploads\/2026\/09\/Antillanca-2026-Instituto-Aleman-de-Puerto-Montt_0036_Niveles-10-1024x684.jpg 1024w, https:\/\/ialeman.cl\/wp-content\/uploads\/2026\/09\/Antillanca-2026-Instituto-Aleman-de-Puerto-Montt_0036_Niveles-10-768x513.jpg 768w\" sizes=\"(max-width: 1200px) 100vw, 1200px\" \/><\/a>\n\t\t\t<\/div><\/figure><figure class='gallery-item'>\n\t\t\t<div class='gallery-icon landscape'>\n\t\t\t\t<a data-elementor-open-lightbox=\"yes\" data-elementor-lightbox-slideshow=\"f2173ff\" data-elementor-lightbox-title=\"Antillanca 2026 Instituto Alem\u00e1n de Puerto Montt_0037_IMG_20260824_151655\" data-e-action-hash=\"#elementor-action%3Aaction%3Dlightbox%26settings%3DeyJpZCI6NjAxMDYsInVybCI6Imh0dHBzOlwvXC9pYWxlbWFuLmNsXC93cC1jb250ZW50XC91cGxvYWRzXC8yMDI2XC8wOVwvQW50aWxsYW5jYS0yMDI2LUluc3RpdHV0by1BbGVtYW4tZGUtUHVlcnRvLU1vbnR0XzAwMzdfSU1HXzIwMjYwODI0XzE1MTY1NS5qcGciLCJzbGlkZXNob3ciOiJmMjE3M2ZmIn0%3D\" href='https:\/\/ialeman.cl\/wp-content\/uploads\/2026\/09\/Antillanca-2026-Instituto-Aleman-de-Puerto-Montt_0037_IMG_20260824_151655.jpg'><img loading=\"lazy\" decoding=\"async\" width=\"1200\" height=\"801\" src=\"https:\/\/ialeman.cl\/wp-content\/uploads\/2026\/09\/Antillanca-2026-Instituto-Aleman-de-Puerto-Montt_0037_IMG_20260824_151655.jpg\" class=\"attachment-full size-full\" alt=\"\" srcset=\"https:\/\/ialeman.cl\/wp-content\/uploads\/2026\/09\/Antillanca-2026-Instituto-Aleman-de-Puerto-Montt_0037_IMG_20260824_151655.jpg 1200w, https:\/\/ialeman.cl\/wp-content\/uploads\/2026\/09\/Antillanca-2026-Instituto-Aleman-de-Puerto-Montt_0037_IMG_20260824_151655-300x200.jpg 300w, https:\/\/ialeman.cl\/wp-content\/uploads\/2026\/09\/Antillanca-2026-Instituto-Aleman-de-Puerto-Montt_0037_IMG_20260824_151655-1024x684.jpg 1024w, https:\/\/ialeman.cl\/wp-content\/uploads\/2026\/09\/Antillanca-2026-Instituto-Aleman-de-Puerto-Montt_0037_IMG_20260824_151655-768x513.jpg 768w\" sizes=\"(max-width: 1200px) 100vw, 1200px\" \/><\/a>\n\t\t\t<\/div><\/figure><figure class='gallery-item'>\n\t\t\t<div class='gallery-icon landscape'>\n\t\t\t\t<a data-elementor-open-lightbox=\"yes\" data-elementor-lightbox-slideshow=\"f2173ff\" data-elementor-lightbox-title=\"Antillanca 2026 Instituto Alem\u00e1n de Puerto Montt_0038_IMG_20260824_151606\" data-e-action-hash=\"#elementor-action%3Aaction%3Dlightbox%26settings%3DeyJpZCI6NjAxMDcsInVybCI6Imh0dHBzOlwvXC9pYWxlbWFuLmNsXC93cC1jb250ZW50XC91cGxvYWRzXC8yMDI2XC8wOVwvQW50aWxsYW5jYS0yMDI2LUluc3RpdHV0by1BbGVtYW4tZGUtUHVlcnRvLU1vbnR0XzAwMzhfSU1HXzIwMjYwODI0XzE1MTYwNi5qcGciLCJzbGlkZXNob3ciOiJmMjE3M2ZmIn0%3D\" href='https:\/\/ialeman.cl\/wp-content\/uploads\/2026\/09\/Antillanca-2026-Instituto-Aleman-de-Puerto-Montt_0038_IMG_20260824_151606.jpg'><img loading=\"lazy\" decoding=\"async\" width=\"1200\" height=\"801\" src=\"https:\/\/ialeman.cl\/wp-content\/uploads\/2026\/09\/Antillanca-2026-Instituto-Aleman-de-Puerto-Montt_0038_IMG_20260824_151606.jpg\" class=\"attachment-full size-full\" alt=\"\" srcset=\"https:\/\/ialeman.cl\/wp-content\/uploads\/2026\/09\/Antillanca-2026-Instituto-Aleman-de-Puerto-Montt_0038_IMG_20260824_151606.jpg 1200w, https:\/\/ialeman.cl\/wp-content\/uploads\/2026\/09\/Antillanca-2026-Instituto-Aleman-de-Puerto-Montt_0038_IMG_20260824_151606-300x200.jpg 300w, https:\/\/ialeman.cl\/wp-content\/uploads\/2026\/09\/Antillanca-2026-Instituto-Aleman-de-Puerto-Montt_0038_IMG_20260824_151606-1024x684.jpg 1024w, https:\/\/ialeman.cl\/wp-content\/uploads\/2026\/09\/Antillanca-2026-Instituto-Aleman-de-Puerto-Montt_0038_IMG_20260824_151606-768x513.jpg 768w\" sizes=\"(max-width: 1200px) 100vw, 1200px\" \/><\/a>\n\t\t\t<\/div><\/figure><figure class='gallery-item'>\n\t\t\t<div class='gallery-icon landscape'>\n\t\t\t\t<a data-elementor-open-lightbox=\"yes\" data-elementor-lightbox-slideshow=\"f2173ff\" data-elementor-lightbox-title=\"Antillanca 2026 Instituto Alem\u00e1n de Puerto Montt_0039_IMG_20260824_151247\" data-e-action-hash=\"#elementor-action%3Aaction%3Dlightbox%26settings%3DeyJpZCI6NjAxMDgsInVybCI6Imh0dHBzOlwvXC9pYWxlbWFuLmNsXC93cC1jb250ZW50XC91cGxvYWRzXC8yMDI2XC8wOVwvQW50aWxsYW5jYS0yMDI2LUluc3RpdHV0by1BbGVtYW4tZGUtUHVlcnRvLU1vbnR0XzAwMzlfSU1HXzIwMjYwODI0XzE1MTI0Ny5qcGciLCJzbGlkZXNob3ciOiJmMjE3M2ZmIn0%3D\" href='https:\/\/ialeman.cl\/wp-content\/uploads\/2026\/09\/Antillanca-2026-Instituto-Aleman-de-Puerto-Montt_0039_IMG_20260824_151247.jpg'><img loading=\"lazy\" decoding=\"async\" width=\"1200\" height=\"801\" src=\"https:\/\/ialeman.cl\/wp-content\/uploads\/2026\/09\/Antillanca-2026-Instituto-Aleman-de-Puerto-Montt_0039_IMG_20260824_151247.jpg\" class=\"attachment-full size-full\" alt=\"\" srcset=\"https:\/\/ialeman.cl\/wp-content\/uploads\/2026\/09\/Antillanca-2026-Instituto-Aleman-de-Puerto-Montt_0039_IMG_20260824_151247.jpg 1200w, https:\/\/ialeman.cl\/wp-content\/uploads\/2026\/09\/Antillanca-2026-Instituto-Aleman-de-Puerto-Montt_0039_IMG_20260824_151247-300x200.jpg 300w, https:\/\/ialeman.cl\/wp-content\/uploads\/2026\/09\/Antillanca-2026-Instituto-Aleman-de-Puerto-Montt_0039_IMG_20260824_151247-1024x684.jpg 1024w, https:\/\/ialeman.cl\/wp-content\/uploads\/2026\/09\/Antillanca-2026-Instituto-Aleman-de-Puerto-Montt_0039_IMG_20260824_151247-768x513.jpg 768w\" sizes=\"(max-width: 1200px) 100vw, 1200px\" \/><\/a>\n\t\t\t<\/div><\/figure><figure class='gallery-item'>\n\t\t\t<div class='gallery-icon landscape'>\n\t\t\t\t<a data-elementor-open-lightbox=\"yes\" data-elementor-lightbox-slideshow=\"f2173ff\" data-elementor-lightbox-title=\"Antillanca 2026 Instituto Alem\u00e1n de Puerto Montt_0040_IMG_20260827_103956\" data-e-action-hash=\"#elementor-action%3Aaction%3Dlightbox%26settings%3DeyJpZCI6NjAxMDksInVybCI6Imh0dHBzOlwvXC9pYWxlbWFuLmNsXC93cC1jb250ZW50XC91cGxvYWRzXC8yMDI2XC8wOVwvQW50aWxsYW5jYS0yMDI2LUluc3RpdHV0by1BbGVtYW4tZGUtUHVlcnRvLU1vbnR0XzAwNDBfSU1HXzIwMjYwODI3XzEwMzk1Ni5qcGciLCJzbGlkZXNob3ciOiJmMjE3M2ZmIn0%3D\" href='https:\/\/ialeman.cl\/wp-content\/uploads\/2026\/09\/Antillanca-2026-Instituto-Aleman-de-Puerto-Montt_0040_IMG_20260827_103956.jpg'><img loading=\"lazy\" decoding=\"async\" width=\"1200\" height=\"801\" src=\"https:\/\/ialeman.cl\/wp-content\/uploads\/2026\/09\/Antillanca-2026-Instituto-Aleman-de-Puerto-Montt_0040_IMG_20260827_103956.jpg\" class=\"attachment-full size-full\" alt=\"\" srcset=\"https:\/\/ialeman.cl\/wp-content\/uploads\/2026\/09\/Antillanca-2026-Instituto-Aleman-de-Puerto-Montt_0040_IMG_20260827_103956.jpg 1200w, https:\/\/ialeman.cl\/wp-content\/uploads\/2026\/09\/Antillanca-2026-Instituto-Aleman-de-Puerto-Montt_0040_IMG_20260827_103956-300x200.jpg 300w, https:\/\/ialeman.cl\/wp-content\/uploads\/2026\/09\/Antillanca-2026-Instituto-Aleman-de-Puerto-Montt_0040_IMG_20260827_103956-1024x684.jpg 1024w, https:\/\/ialeman.cl\/wp-content\/uploads\/2026\/09\/Antillanca-2026-Instituto-Aleman-de-Puerto-Montt_0040_IMG_20260827_103956-768x513.jpg 768w\" sizes=\"(max-width: 1200px) 100vw, 1200px\" \/><\/a>\n\t\t\t<\/div><\/figure><figure class='gallery-item'>\n\t\t\t<div class='gallery-icon landscape'>\n\t\t\t\t<a data-elementor-open-lightbox=\"yes\" data-elementor-lightbox-slideshow=\"f2173ff\" data-elementor-lightbox-title=\"Antillanca 2026 Instituto Alem\u00e1n de Puerto Montt_0041_Niveles 8\" data-e-action-hash=\"#elementor-action%3Aaction%3Dlightbox%26settings%3DeyJpZCI6NjAxMTAsInVybCI6Imh0dHBzOlwvXC9pYWxlbWFuLmNsXC93cC1jb250ZW50XC91cGxvYWRzXC8yMDI2XC8wOVwvQW50aWxsYW5jYS0yMDI2LUluc3RpdHV0by1BbGVtYW4tZGUtUHVlcnRvLU1vbnR0XzAwNDFfTml2ZWxlcy04LmpwZyIsInNsaWRlc2hvdyI6ImYyMTczZmYifQ%3D%3D\" href='https:\/\/ialeman.cl\/wp-content\/uploads\/2026\/09\/Antillanca-2026-Instituto-Aleman-de-Puerto-Montt_0041_Niveles-8.jpg'><img loading=\"lazy\" decoding=\"async\" width=\"1200\" height=\"801\" src=\"https:\/\/ialeman.cl\/wp-content\/uploads\/2026\/09\/Antillanca-2026-Instituto-Aleman-de-Puerto-Montt_0041_Niveles-8.jpg\" class=\"attachment-full size-full\" alt=\"\" srcset=\"https:\/\/ialeman.cl\/wp-content\/uploads\/2026\/09\/Antillanca-2026-Instituto-Aleman-de-Puerto-Montt_0041_Niveles-8.jpg 1200w, https:\/\/ialeman.cl\/wp-content\/uploads\/2026\/09\/Antillanca-2026-Instituto-Aleman-de-Puerto-Montt_0041_Niveles-8-300x200.jpg 300w, https:\/\/ialeman.cl\/wp-content\/uploads\/2026\/09\/Antillanca-2026-Instituto-Aleman-de-Puerto-Montt_0041_Niveles-8-1024x684.jpg 1024w, https:\/\/ialeman.cl\/wp-content\/uploads\/2026\/09\/Antillanca-2026-Instituto-Aleman-de-Puerto-Montt_0041_Niveles-8-768x513.jpg 768w\" sizes=\"(max-width: 1200px) 100vw, 1200px\" \/><\/a>\n\t\t\t<\/div><\/figure><figure class='gallery-item'>\n\t\t\t<div class='gallery-icon landscape'>\n\t\t\t\t<a data-elementor-open-lightbox=\"yes\" data-elementor-lightbox-slideshow=\"f2173ff\" data-elementor-lightbox-title=\"Antillanca 2026 Instituto Alem\u00e1n de Puerto Montt_0042_IMG_20260827_094522\" data-e-action-hash=\"#elementor-action%3Aaction%3Dlightbox%26settings%3DeyJpZCI6NjAxMTEsInVybCI6Imh0dHBzOlwvXC9pYWxlbWFuLmNsXC93cC1jb250ZW50XC91cGxvYWRzXC8yMDI2XC8wOVwvQW50aWxsYW5jYS0yMDI2LUluc3RpdHV0by1BbGVtYW4tZGUtUHVlcnRvLU1vbnR0XzAwNDJfSU1HXzIwMjYwODI3XzA5NDUyMi5qcGciLCJzbGlkZXNob3ciOiJmMjE3M2ZmIn0%3D\" href='https:\/\/ialeman.cl\/wp-content\/uploads\/2026\/09\/Antillanca-2026-Instituto-Aleman-de-Puerto-Montt_0042_IMG_20260827_094522.jpg'><img loading=\"lazy\" decoding=\"async\" width=\"1200\" height=\"801\" src=\"https:\/\/ialeman.cl\/wp-content\/uploads\/2026\/09\/Antillanca-2026-Instituto-Aleman-de-Puerto-Montt_0042_IMG_20260827_094522.jpg\" class=\"attachment-full size-full\" alt=\"\" srcset=\"https:\/\/ialeman.cl\/wp-content\/uploads\/2026\/09\/Antillanca-2026-Instituto-Aleman-de-Puerto-Montt_0042_IMG_20260827_094522.jpg 1200w, https:\/\/ialeman.cl\/wp-content\/uploads\/2026\/09\/Antillanca-2026-Instituto-Aleman-de-Puerto-Montt_0042_IMG_20260827_094522-300x200.jpg 300w, https:\/\/ialeman.cl\/wp-content\/uploads\/2026\/09\/Antillanca-2026-Instituto-Aleman-de-Puerto-Montt_0042_IMG_20260827_094522-1024x684.jpg 1024w, https:\/\/ialeman.cl\/wp-content\/uploads\/2026\/09\/Antillanca-2026-Instituto-Aleman-de-Puerto-Montt_0042_IMG_20260827_094522-768x513.jpg 768w\" sizes=\"(max-width: 1200px) 100vw, 1200px\" \/><\/a>\n\t\t\t<\/div><\/figure><figure class='gallery-item'>\n\t\t\t<div class='gallery-icon landscape'>\n\t\t\t\t<a data-elementor-open-lightbox=\"yes\" data-elementor-lightbox-slideshow=\"f2173ff\" data-elementor-lightbox-title=\"Antillanca 2026 Instituto Alem\u00e1n de Puerto Montt_0043_IMG_20260827_094509\" data-e-action-hash=\"#elementor-action%3Aaction%3Dlightbox%26settings%3DeyJpZCI6NjAxMTIsInVybCI6Imh0dHBzOlwvXC9pYWxlbWFuLmNsXC93cC1jb250ZW50XC91cGxvYWRzXC8yMDI2XC8wOVwvQW50aWxsYW5jYS0yMDI2LUluc3RpdHV0by1BbGVtYW4tZGUtUHVlcnRvLU1vbnR0XzAwNDNfSU1HXzIwMjYwODI3XzA5NDUwOS5qcGciLCJzbGlkZXNob3ciOiJmMjE3M2ZmIn0%3D\" href='https:\/\/ialeman.cl\/wp-content\/uploads\/2026\/09\/Antillanca-2026-Instituto-Aleman-de-Puerto-Montt_0043_IMG_20260827_094509.jpg'><img loading=\"lazy\" decoding=\"async\" width=\"1200\" height=\"801\" src=\"https:\/\/ialeman.cl\/wp-content\/uploads\/2026\/09\/Antillanca-2026-Instituto-Aleman-de-Puerto-Montt_0043_IMG_20260827_094509.jpg\" class=\"attachment-full size-full\" alt=\"\" srcset=\"https:\/\/ialeman.cl\/wp-content\/uploads\/2026\/09\/Antillanca-2026-Instituto-Aleman-de-Puerto-Montt_0043_IMG_20260827_094509.jpg 1200w, https:\/\/ialeman.cl\/wp-content\/uploads\/2026\/09\/Antillanca-2026-Instituto-Aleman-de-Puerto-Montt_0043_IMG_20260827_094509-300x200.jpg 300w, https:\/\/ialeman.cl\/wp-content\/uploads\/2026\/09\/Antillanca-2026-Instituto-Aleman-de-Puerto-Montt_0043_IMG_20260827_094509-1024x684.jpg 1024w, https:\/\/ialeman.cl\/wp-content\/uploads\/2026\/09\/Antillanca-2026-Instituto-Aleman-de-Puerto-Montt_0043_IMG_20260827_094509-768x513.jpg 768w\" sizes=\"(max-width: 1200px) 100vw, 1200px\" \/><\/a>\n\t\t\t<\/div><\/figure><figure class='gallery-item'>\n\t\t\t<div class='gallery-icon landscape'>\n\t\t\t\t<a data-elementor-open-lightbox=\"yes\" data-elementor-lightbox-slideshow=\"f2173ff\" data-elementor-lightbox-title=\"Antillanca 2026 Instituto Alem\u00e1n de Puerto Montt_0044_IMG_20260827_094427\" data-e-action-hash=\"#elementor-action%3Aaction%3Dlightbox%26settings%3DeyJpZCI6NjAxMTMsInVybCI6Imh0dHBzOlwvXC9pYWxlbWFuLmNsXC93cC1jb250ZW50XC91cGxvYWRzXC8yMDI2XC8wOVwvQW50aWxsYW5jYS0yMDI2LUluc3RpdHV0by1BbGVtYW4tZGUtUHVlcnRvLU1vbnR0XzAwNDRfSU1HXzIwMjYwODI3XzA5NDQyNy5qcGciLCJzbGlkZXNob3ciOiJmMjE3M2ZmIn0%3D\" href='https:\/\/ialeman.cl\/wp-content\/uploads\/2026\/09\/Antillanca-2026-Instituto-Aleman-de-Puerto-Montt_0044_IMG_20260827_094427.jpg'><img loading=\"lazy\" decoding=\"async\" width=\"1200\" height=\"801\" src=\"https:\/\/ialeman.cl\/wp-content\/uploads\/2026\/09\/Antillanca-2026-Instituto-Aleman-de-Puerto-Montt_0044_IMG_20260827_094427.jpg\" class=\"attachment-full size-full\" alt=\"\" srcset=\"https:\/\/ialeman.cl\/wp-content\/uploads\/2026\/09\/Antillanca-2026-Instituto-Aleman-de-Puerto-Montt_0044_IMG_20260827_094427.jpg 1200w, https:\/\/ialeman.cl\/wp-content\/uploads\/2026\/09\/Antillanca-2026-Instituto-Aleman-de-Puerto-Montt_0044_IMG_20260827_094427-300x200.jpg 300w, https:\/\/ialeman.cl\/wp-content\/uploads\/2026\/09\/Antillanca-2026-Instituto-Aleman-de-Puerto-Montt_0044_IMG_20260827_094427-1024x684.jpg 1024w, https:\/\/ialeman.cl\/wp-content\/uploads\/2026\/09\/Antillanca-2026-Instituto-Aleman-de-Puerto-Montt_0044_IMG_20260827_094427-768x513.jpg 768w\" sizes=\"(max-width: 1200px) 100vw, 1200px\" \/><\/a>\n\t\t\t<\/div><\/figure><figure class='gallery-item'>\n\t\t\t<div class='gallery-icon landscape'>\n\t\t\t\t<a data-elementor-open-lightbox=\"yes\" data-elementor-lightbox-slideshow=\"f2173ff\" data-elementor-lightbox-title=\"Antillanca 2026 Instituto Alem\u00e1n de Puerto Montt_0045_IMG_20260827_094420\" data-e-action-hash=\"#elementor-action%3Aaction%3Dlightbox%26settings%3DeyJpZCI6NjAxMTQsInVybCI6Imh0dHBzOlwvXC9pYWxlbWFuLmNsXC93cC1jb250ZW50XC91cGxvYWRzXC8yMDI2XC8wOVwvQW50aWxsYW5jYS0yMDI2LUluc3RpdHV0by1BbGVtYW4tZGUtUHVlcnRvLU1vbnR0XzAwNDVfSU1HXzIwMjYwODI3XzA5NDQyMC5qcGciLCJzbGlkZXNob3ciOiJmMjE3M2ZmIn0%3D\" href='https:\/\/ialeman.cl\/wp-content\/uploads\/2026\/09\/Antillanca-2026-Instituto-Aleman-de-Puerto-Montt_0045_IMG_20260827_094420.jpg'><img loading=\"lazy\" decoding=\"async\" width=\"1200\" height=\"801\" src=\"https:\/\/ialeman.cl\/wp-content\/uploads\/2026\/09\/Antillanca-2026-Instituto-Aleman-de-Puerto-Montt_0045_IMG_20260827_094420.jpg\" class=\"attachment-full size-full\" alt=\"\" srcset=\"https:\/\/ialeman.cl\/wp-content\/uploads\/2026\/09\/Antillanca-2026-Instituto-Aleman-de-Puerto-Montt_0045_IMG_20260827_094420.jpg 1200w, https:\/\/ialeman.cl\/wp-content\/uploads\/2026\/09\/Antillanca-2026-Instituto-Aleman-de-Puerto-Montt_0045_IMG_20260827_094420-300x200.jpg 300w, https:\/\/ialeman.cl\/wp-content\/uploads\/2026\/09\/Antillanca-2026-Instituto-Aleman-de-Puerto-Montt_0045_IMG_20260827_094420-1024x684.jpg 1024w, https:\/\/ialeman.cl\/wp-content\/uploads\/2026\/09\/Antillanca-2026-Instituto-Aleman-de-Puerto-Montt_0045_IMG_20260827_094420-768x513.jpg 768w\" sizes=\"(max-width: 1200px) 100vw, 1200px\" \/><\/a>\n\t\t\t<\/div><\/figure><figure class='gallery-item'>\n\t\t\t<div class='gallery-icon landscape'>\n\t\t\t\t<a data-elementor-open-lightbox=\"yes\" data-elementor-lightbox-slideshow=\"f2173ff\" data-elementor-lightbox-title=\"Antillanca 2026 Instituto Alem\u00e1n de Puerto Montt_0046_IMG_20260827_094403\" data-e-action-hash=\"#elementor-action%3Aaction%3Dlightbox%26settings%3DeyJpZCI6NjAxMTUsInVybCI6Imh0dHBzOlwvXC9pYWxlbWFuLmNsXC93cC1jb250ZW50XC91cGxvYWRzXC8yMDI2XC8wOVwvQW50aWxsYW5jYS0yMDI2LUluc3RpdHV0by1BbGVtYW4tZGUtUHVlcnRvLU1vbnR0XzAwNDZfSU1HXzIwMjYwODI3XzA5NDQwMy5qcGciLCJzbGlkZXNob3ciOiJmMjE3M2ZmIn0%3D\" href='https:\/\/ialeman.cl\/wp-content\/uploads\/2026\/09\/Antillanca-2026-Instituto-Aleman-de-Puerto-Montt_0046_IMG_20260827_094403.jpg'><img loading=\"lazy\" decoding=\"async\" width=\"1200\" height=\"801\" src=\"https:\/\/ialeman.cl\/wp-content\/uploads\/2026\/09\/Antillanca-2026-Instituto-Aleman-de-Puerto-Montt_0046_IMG_20260827_094403.jpg\" class=\"attachment-full size-full\" alt=\"\" srcset=\"https:\/\/ialeman.cl\/wp-content\/uploads\/2026\/09\/Antillanca-2026-Instituto-Aleman-de-Puerto-Montt_0046_IMG_20260827_094403.jpg 1200w, https:\/\/ialeman.cl\/wp-content\/uploads\/2026\/09\/Antillanca-2026-Instituto-Aleman-de-Puerto-Montt_0046_IMG_20260827_094403-300x200.jpg 300w, https:\/\/ialeman.cl\/wp-content\/uploads\/2026\/09\/Antillanca-2026-Instituto-Aleman-de-Puerto-Montt_0046_IMG_20260827_094403-1024x684.jpg 1024w, https:\/\/ialeman.cl\/wp-content\/uploads\/2026\/09\/Antillanca-2026-Instituto-Aleman-de-Puerto-Montt_0046_IMG_20260827_094403-768x513.jpg 768w\" sizes=\"(max-width: 1200px) 100vw, 1200px\" \/><\/a>\n\t\t\t<\/div><\/figure><figure class='gallery-item'>\n\t\t\t<div class='gallery-icon landscape'>\n\t\t\t\t<a data-elementor-open-lightbox=\"yes\" data-elementor-lightbox-slideshow=\"f2173ff\" data-elementor-lightbox-title=\"Antillanca 2026 Instituto Alem\u00e1n de Puerto Montt_0047_IMG_20260827_094302\" data-e-action-hash=\"#elementor-action%3Aaction%3Dlightbox%26settings%3DeyJpZCI6NjAxMTYsInVybCI6Imh0dHBzOlwvXC9pYWxlbWFuLmNsXC93cC1jb250ZW50XC91cGxvYWRzXC8yMDI2XC8wOVwvQW50aWxsYW5jYS0yMDI2LUluc3RpdHV0by1BbGVtYW4tZGUtUHVlcnRvLU1vbnR0XzAwNDdfSU1HXzIwMjYwODI3XzA5NDMwMi5qcGciLCJzbGlkZXNob3ciOiJmMjE3M2ZmIn0%3D\" href='https:\/\/ialeman.cl\/wp-content\/uploads\/2026\/09\/Antillanca-2026-Instituto-Aleman-de-Puerto-Montt_0047_IMG_20260827_094302.jpg'><img loading=\"lazy\" decoding=\"async\" width=\"1200\" height=\"801\" src=\"https:\/\/ialeman.cl\/wp-content\/uploads\/2026\/09\/Antillanca-2026-Instituto-Aleman-de-Puerto-Montt_0047_IMG_20260827_094302.jpg\" class=\"attachment-full size-full\" alt=\"\" srcset=\"https:\/\/ialeman.cl\/wp-content\/uploads\/2026\/09\/Antillanca-2026-Instituto-Aleman-de-Puerto-Montt_0047_IMG_20260827_094302.jpg 1200w, https:\/\/ialeman.cl\/wp-content\/uploads\/2026\/09\/Antillanca-2026-Instituto-Aleman-de-Puerto-Montt_0047_IMG_20260827_094302-300x200.jpg 300w, https:\/\/ialeman.cl\/wp-content\/uploads\/2026\/09\/Antillanca-2026-Instituto-Aleman-de-Puerto-Montt_0047_IMG_20260827_094302-1024x684.jpg 1024w, https:\/\/ialeman.cl\/wp-content\/uploads\/2026\/09\/Antillanca-2026-Instituto-Aleman-de-Puerto-Montt_0047_IMG_20260827_094302-768x513.jpg 768w\" sizes=\"(max-width: 1200px) 100vw, 1200px\" \/><\/a>\n\t\t\t<\/div><\/figure><figure class='gallery-item'>\n\t\t\t<div class='gallery-icon landscape'>\n\t\t\t\t<a data-elementor-open-lightbox=\"yes\" data-elementor-lightbox-slideshow=\"f2173ff\" data-elementor-lightbox-title=\"Antillanca 2026 Instituto Alem\u00e1n de Puerto Montt_0048_IMG_20260827_094131\" data-e-action-hash=\"#elementor-action%3Aaction%3Dlightbox%26settings%3DeyJpZCI6NjAxMTcsInVybCI6Imh0dHBzOlwvXC9pYWxlbWFuLmNsXC93cC1jb250ZW50XC91cGxvYWRzXC8yMDI2XC8wOVwvQW50aWxsYW5jYS0yMDI2LUluc3RpdHV0by1BbGVtYW4tZGUtUHVlcnRvLU1vbnR0XzAwNDhfSU1HXzIwMjYwODI3XzA5NDEzMS5qcGciLCJzbGlkZXNob3ciOiJmMjE3M2ZmIn0%3D\" href='https:\/\/ialeman.cl\/wp-content\/uploads\/2026\/09\/Antillanca-2026-Instituto-Aleman-de-Puerto-Montt_0048_IMG_20260827_094131.jpg'><img loading=\"lazy\" decoding=\"async\" width=\"1200\" height=\"801\" src=\"https:\/\/ialeman.cl\/wp-content\/uploads\/2026\/09\/Antillanca-2026-Instituto-Aleman-de-Puerto-Montt_0048_IMG_20260827_094131.jpg\" class=\"attachment-full size-full\" alt=\"\" srcset=\"https:\/\/ialeman.cl\/wp-content\/uploads\/2026\/09\/Antillanca-2026-Instituto-Aleman-de-Puerto-Montt_0048_IMG_20260827_094131.jpg 1200w, https:\/\/ialeman.cl\/wp-content\/uploads\/2026\/09\/Antillanca-2026-Instituto-Aleman-de-Puerto-Montt_0048_IMG_20260827_094131-300x200.jpg 300w, https:\/\/ialeman.cl\/wp-content\/uploads\/2026\/09\/Antillanca-2026-Instituto-Aleman-de-Puerto-Montt_0048_IMG_20260827_094131-1024x684.jpg 1024w, https:\/\/ialeman.cl\/wp-content\/uploads\/2026\/09\/Antillanca-2026-Instituto-Aleman-de-Puerto-Montt_0048_IMG_20260827_094131-768x513.jpg 768w\" sizes=\"(max-width: 1200px) 100vw, 1200px\" \/><\/a>\n\t\t\t<\/div><\/figure><figure class='gallery-item'>\n\t\t\t<div class='gallery-icon landscape'>\n\t\t\t\t<a data-elementor-open-lightbox=\"yes\" data-elementor-lightbox-slideshow=\"f2173ff\" data-elementor-lightbox-title=\"Antillanca 2026 Instituto Alem\u00e1n de Puerto Montt_0049_Niveles 9\" data-e-action-hash=\"#elementor-action%3Aaction%3Dlightbox%26settings%3DeyJpZCI6NjAxMTgsInVybCI6Imh0dHBzOlwvXC9pYWxlbWFuLmNsXC93cC1jb250ZW50XC91cGxvYWRzXC8yMDI2XC8wOVwvQW50aWxsYW5jYS0yMDI2LUluc3RpdHV0by1BbGVtYW4tZGUtUHVlcnRvLU1vbnR0XzAwNDlfTml2ZWxlcy05LmpwZyIsInNsaWRlc2hvdyI6ImYyMTczZmYifQ%3D%3D\" href='https:\/\/ialeman.cl\/wp-content\/uploads\/2026\/09\/Antillanca-2026-Instituto-Aleman-de-Puerto-Montt_0049_Niveles-9.jpg'><img loading=\"lazy\" decoding=\"async\" width=\"1200\" height=\"801\" src=\"https:\/\/ialeman.cl\/wp-content\/uploads\/2026\/09\/Antillanca-2026-Instituto-Aleman-de-Puerto-Montt_0049_Niveles-9.jpg\" class=\"attachment-full size-full\" alt=\"\" srcset=\"https:\/\/ialeman.cl\/wp-content\/uploads\/2026\/09\/Antillanca-2026-Instituto-Aleman-de-Puerto-Montt_0049_Niveles-9.jpg 1200w, https:\/\/ialeman.cl\/wp-content\/uploads\/2026\/09\/Antillanca-2026-Instituto-Aleman-de-Puerto-Montt_0049_Niveles-9-300x200.jpg 300w, https:\/\/ialeman.cl\/wp-content\/uploads\/2026\/09\/Antillanca-2026-Instituto-Aleman-de-Puerto-Montt_0049_Niveles-9-1024x684.jpg 1024w, https:\/\/ialeman.cl\/wp-content\/uploads\/2026\/09\/Antillanca-2026-Instituto-Aleman-de-Puerto-Montt_0049_Niveles-9-768x513.jpg 768w\" sizes=\"(max-width: 1200px) 100vw, 1200px\" \/><\/a>\n\t\t\t<\/div><\/figure><figure class='gallery-item'>\n\t\t\t<div class='gallery-icon landscape'>\n\t\t\t\t<a data-elementor-open-lightbox=\"yes\" data-elementor-lightbox-slideshow=\"f2173ff\" data-elementor-lightbox-title=\"Antillanca 2026 Instituto Alem\u00e1n de Puerto Montt_0050_IMG_20260827_095740\" data-e-action-hash=\"#elementor-action%3Aaction%3Dlightbox%26settings%3DeyJpZCI6NjAxMTksInVybCI6Imh0dHBzOlwvXC9pYWxlbWFuLmNsXC93cC1jb250ZW50XC91cGxvYWRzXC8yMDI2XC8wOVwvQW50aWxsYW5jYS0yMDI2LUluc3RpdHV0by1BbGVtYW4tZGUtUHVlcnRvLU1vbnR0XzAwNTBfSU1HXzIwMjYwODI3XzA5NTc0MC5qcGciLCJzbGlkZXNob3ciOiJmMjE3M2ZmIn0%3D\" href='https:\/\/ialeman.cl\/wp-content\/uploads\/2026\/09\/Antillanca-2026-Instituto-Aleman-de-Puerto-Montt_0050_IMG_20260827_095740.jpg'><img loading=\"lazy\" decoding=\"async\" width=\"1200\" height=\"801\" src=\"https:\/\/ialeman.cl\/wp-content\/uploads\/2026\/09\/Antillanca-2026-Instituto-Aleman-de-Puerto-Montt_0050_IMG_20260827_095740.jpg\" class=\"attachment-full size-full\" alt=\"\" srcset=\"https:\/\/ialeman.cl\/wp-content\/uploads\/2026\/09\/Antillanca-2026-Instituto-Aleman-de-Puerto-Montt_0050_IMG_20260827_095740.jpg 1200w, https:\/\/ialeman.cl\/wp-content\/uploads\/2026\/09\/Antillanca-2026-Instituto-Aleman-de-Puerto-Montt_0050_IMG_20260827_095740-300x200.jpg 300w, https:\/\/ialeman.cl\/wp-content\/uploads\/2026\/09\/Antillanca-2026-Instituto-Aleman-de-Puerto-Montt_0050_IMG_20260827_095740-1024x684.jpg 1024w, https:\/\/ialeman.cl\/wp-content\/uploads\/2026\/09\/Antillanca-2026-Instituto-Aleman-de-Puerto-Montt_0050_IMG_20260827_095740-768x513.jpg 768w\" sizes=\"(max-width: 1200px) 100vw, 1200px\" \/><\/a>\n\t\t\t<\/div><\/figure><figure class='gallery-item'>\n\t\t\t<div class='gallery-icon landscape'>\n\t\t\t\t<a data-elementor-open-lightbox=\"yes\" data-elementor-lightbox-slideshow=\"f2173ff\" data-elementor-lightbox-title=\"Antillanca 2026 Instituto Alem\u00e1n de Puerto Montt_0051_IMG_20260827_095711\" data-e-action-hash=\"#elementor-action%3Aaction%3Dlightbox%26settings%3DeyJpZCI6NjAxMjAsInVybCI6Imh0dHBzOlwvXC9pYWxlbWFuLmNsXC93cC1jb250ZW50XC91cGxvYWRzXC8yMDI2XC8wOVwvQW50aWxsYW5jYS0yMDI2LUluc3RpdHV0by1BbGVtYW4tZGUtUHVlcnRvLU1vbnR0XzAwNTFfSU1HXzIwMjYwODI3XzA5NTcxMS5qcGciLCJzbGlkZXNob3ciOiJmMjE3M2ZmIn0%3D\" href='https:\/\/ialeman.cl\/wp-content\/uploads\/2026\/09\/Antillanca-2026-Instituto-Aleman-de-Puerto-Montt_0051_IMG_20260827_095711.jpg'><img loading=\"lazy\" decoding=\"async\" width=\"1200\" height=\"801\" src=\"https:\/\/ialeman.cl\/wp-content\/uploads\/2026\/09\/Antillanca-2026-Instituto-Aleman-de-Puerto-Montt_0051_IMG_20260827_095711.jpg\" class=\"attachment-full size-full\" alt=\"\" srcset=\"https:\/\/ialeman.cl\/wp-content\/uploads\/2026\/09\/Antillanca-2026-Instituto-Aleman-de-Puerto-Montt_0051_IMG_20260827_095711.jpg 1200w, https:\/\/ialeman.cl\/wp-content\/uploads\/2026\/09\/Antillanca-2026-Instituto-Aleman-de-Puerto-Montt_0051_IMG_20260827_095711-300x200.jpg 300w, https:\/\/ialeman.cl\/wp-content\/uploads\/2026\/09\/Antillanca-2026-Instituto-Aleman-de-Puerto-Montt_0051_IMG_20260827_095711-1024x684.jpg 1024w, https:\/\/ialeman.cl\/wp-content\/uploads\/2026\/09\/Antillanca-2026-Instituto-Aleman-de-Puerto-Montt_0051_IMG_20260827_095711-768x513.jpg 768w\" sizes=\"(max-width: 1200px) 100vw, 1200px\" \/><\/a>\n\t\t\t<\/div><\/figure><figure class='gallery-item'>\n\t\t\t<div class='gallery-icon landscape'>\n\t\t\t\t<a data-elementor-open-lightbox=\"yes\" data-elementor-lightbox-slideshow=\"f2173ff\" data-elementor-lightbox-title=\"Antillanca 2026 Instituto Alem\u00e1n de Puerto Montt_0052_IMG_20260827_095455\" data-e-action-hash=\"#elementor-action%3Aaction%3Dlightbox%26settings%3DeyJpZCI6NjAxMjEsInVybCI6Imh0dHBzOlwvXC9pYWxlbWFuLmNsXC93cC1jb250ZW50XC91cGxvYWRzXC8yMDI2XC8wOVwvQW50aWxsYW5jYS0yMDI2LUluc3RpdHV0by1BbGVtYW4tZGUtUHVlcnRvLU1vbnR0XzAwNTJfSU1HXzIwMjYwODI3XzA5NTQ1NS5qcGciLCJzbGlkZXNob3ciOiJmMjE3M2ZmIn0%3D\" href='https:\/\/ialeman.cl\/wp-content\/uploads\/2026\/09\/Antillanca-2026-Instituto-Aleman-de-Puerto-Montt_0052_IMG_20260827_095455.jpg'><img loading=\"lazy\" decoding=\"async\" width=\"1200\" height=\"801\" src=\"https:\/\/ialeman.cl\/wp-content\/uploads\/2026\/09\/Antillanca-2026-Instituto-Aleman-de-Puerto-Montt_0052_IMG_20260827_095455.jpg\" class=\"attachment-full size-full\" alt=\"\" srcset=\"https:\/\/ialeman.cl\/wp-content\/uploads\/2026\/09\/Antillanca-2026-Instituto-Aleman-de-Puerto-Montt_0052_IMG_20260827_095455.jpg 1200w, https:\/\/ialeman.cl\/wp-content\/uploads\/2026\/09\/Antillanca-2026-Instituto-Aleman-de-Puerto-Montt_0052_IMG_20260827_095455-300x200.jpg 300w, https:\/\/ialeman.cl\/wp-content\/uploads\/2026\/09\/Antillanca-2026-Instituto-Aleman-de-Puerto-Montt_0052_IMG_20260827_095455-1024x684.jpg 1024w, https:\/\/ialeman.cl\/wp-content\/uploads\/2026\/09\/Antillanca-2026-Instituto-Aleman-de-Puerto-Montt_0052_IMG_20260827_095455-768x513.jpg 768w\" sizes=\"(max-width: 1200px) 100vw, 1200px\" \/><\/a>\n\t\t\t<\/div><\/figure><figure class='gallery-item'>\n\t\t\t<div class='gallery-icon landscape'>\n\t\t\t\t<a data-elementor-open-lightbox=\"yes\" data-elementor-lightbox-slideshow=\"f2173ff\" data-elementor-lightbox-title=\"Antillanca 2026 Instituto Alem\u00e1n de Puerto Montt_0053_IMG_20260827_095446\" data-e-action-hash=\"#elementor-action%3Aaction%3Dlightbox%26settings%3DeyJpZCI6NjAxMjIsInVybCI6Imh0dHBzOlwvXC9pYWxlbWFuLmNsXC93cC1jb250ZW50XC91cGxvYWRzXC8yMDI2XC8wOVwvQW50aWxsYW5jYS0yMDI2LUluc3RpdHV0by1BbGVtYW4tZGUtUHVlcnRvLU1vbnR0XzAwNTNfSU1HXzIwMjYwODI3XzA5NTQ0Ni5qcGciLCJzbGlkZXNob3ciOiJmMjE3M2ZmIn0%3D\" href='https:\/\/ialeman.cl\/wp-content\/uploads\/2026\/09\/Antillanca-2026-Instituto-Aleman-de-Puerto-Montt_0053_IMG_20260827_095446.jpg'><img loading=\"lazy\" decoding=\"async\" width=\"1200\" height=\"801\" src=\"https:\/\/ialeman.cl\/wp-content\/uploads\/2026\/09\/Antillanca-2026-Instituto-Aleman-de-Puerto-Montt_0053_IMG_20260827_095446.jpg\" class=\"attachment-full size-full\" alt=\"\" srcset=\"https:\/\/ialeman.cl\/wp-content\/uploads\/2026\/09\/Antillanca-2026-Instituto-Aleman-de-Puerto-Montt_0053_IMG_20260827_095446.jpg 1200w, https:\/\/ialeman.cl\/wp-content\/uploads\/2026\/09\/Antillanca-2026-Instituto-Aleman-de-Puerto-Montt_0053_IMG_20260827_095446-300x200.jpg 300w, https:\/\/ialeman.cl\/wp-content\/uploads\/2026\/09\/Antillanca-2026-Instituto-Aleman-de-Puerto-Montt_0053_IMG_20260827_095446-1024x684.jpg 1024w, https:\/\/ialeman.cl\/wp-content\/uploads\/2026\/09\/Antillanca-2026-Instituto-Aleman-de-Puerto-Montt_0053_IMG_20260827_095446-768x513.jpg 768w\" sizes=\"(max-width: 1200px) 100vw, 1200px\" \/><\/a>\n\t\t\t<\/div><\/figure><figure class='gallery-item'>\n\t\t\t<div class='gallery-icon landscape'>\n\t\t\t\t<a data-elementor-open-lightbox=\"yes\" data-elementor-lightbox-slideshow=\"f2173ff\" data-elementor-lightbox-title=\"Antillanca 2026 Instituto Alem\u00e1n de Puerto Montt_0054_IMG_20260824_151108\" data-e-action-hash=\"#elementor-action%3Aaction%3Dlightbox%26settings%3DeyJpZCI6NjAxMjMsInVybCI6Imh0dHBzOlwvXC9pYWxlbWFuLmNsXC93cC1jb250ZW50XC91cGxvYWRzXC8yMDI2XC8wOVwvQW50aWxsYW5jYS0yMDI2LUluc3RpdHV0by1BbGVtYW4tZGUtUHVlcnRvLU1vbnR0XzAwNTRfSU1HXzIwMjYwODI0XzE1MTEwOC5qcGciLCJzbGlkZXNob3ciOiJmMjE3M2ZmIn0%3D\" href='https:\/\/ialeman.cl\/wp-content\/uploads\/2026\/09\/Antillanca-2026-Instituto-Aleman-de-Puerto-Montt_0054_IMG_20260824_151108.jpg'><img loading=\"lazy\" decoding=\"async\" width=\"1200\" height=\"801\" src=\"https:\/\/ialeman.cl\/wp-content\/uploads\/2026\/09\/Antillanca-2026-Instituto-Aleman-de-Puerto-Montt_0054_IMG_20260824_151108.jpg\" class=\"attachment-full size-full\" alt=\"\" srcset=\"https:\/\/ialeman.cl\/wp-content\/uploads\/2026\/09\/Antillanca-2026-Instituto-Aleman-de-Puerto-Montt_0054_IMG_20260824_151108.jpg 1200w, https:\/\/ialeman.cl\/wp-content\/uploads\/2026\/09\/Antillanca-2026-Instituto-Aleman-de-Puerto-Montt_0054_IMG_20260824_151108-300x200.jpg 300w, https:\/\/ialeman.cl\/wp-content\/uploads\/2026\/09\/Antillanca-2026-Instituto-Aleman-de-Puerto-Montt_0054_IMG_20260824_151108-1024x684.jpg 1024w, https:\/\/ialeman.cl\/wp-content\/uploads\/2026\/09\/Antillanca-2026-Instituto-Aleman-de-Puerto-Montt_0054_IMG_20260824_151108-768x513.jpg 768w\" sizes=\"(max-width: 1200px) 100vw, 1200px\" \/><\/a>\n\t\t\t<\/div><\/figure><figure class='gallery-item'>\n\t\t\t<div class='gallery-icon landscape'>\n\t\t\t\t<a data-elementor-open-lightbox=\"yes\" data-elementor-lightbox-slideshow=\"f2173ff\" data-elementor-lightbox-title=\"Antillanca 2026 Instituto Alem\u00e1n de Puerto Montt_0055_IMG_20260824_140651\" data-e-action-hash=\"#elementor-action%3Aaction%3Dlightbox%26settings%3DeyJpZCI6NjAxMjQsInVybCI6Imh0dHBzOlwvXC9pYWxlbWFuLmNsXC93cC1jb250ZW50XC91cGxvYWRzXC8yMDI2XC8wOVwvQW50aWxsYW5jYS0yMDI2LUluc3RpdHV0by1BbGVtYW4tZGUtUHVlcnRvLU1vbnR0XzAwNTVfSU1HXzIwMjYwODI0XzE0MDY1MS5qcGciLCJzbGlkZXNob3ciOiJmMjE3M2ZmIn0%3D\" href='https:\/\/ialeman.cl\/wp-content\/uploads\/2026\/09\/Antillanca-2026-Instituto-Aleman-de-Puerto-Montt_0055_IMG_20260824_140651.jpg'><img loading=\"lazy\" decoding=\"async\" width=\"1200\" height=\"801\" src=\"https:\/\/ialeman.cl\/wp-content\/uploads\/2026\/09\/Antillanca-2026-Instituto-Aleman-de-Puerto-Montt_0055_IMG_20260824_140651.jpg\" class=\"attachment-full size-full\" alt=\"\" srcset=\"https:\/\/ialeman.cl\/wp-content\/uploads\/2026\/09\/Antillanca-2026-Instituto-Aleman-de-Puerto-Montt_0055_IMG_20260824_140651.jpg 1200w, https:\/\/ialeman.cl\/wp-content\/uploads\/2026\/09\/Antillanca-2026-Instituto-Aleman-de-Puerto-Montt_0055_IMG_20260824_140651-300x200.jpg 300w, https:\/\/ialeman.cl\/wp-content\/uploads\/2026\/09\/Antillanca-2026-Instituto-Aleman-de-Puerto-Montt_0055_IMG_20260824_140651-1024x684.jpg 1024w, https:\/\/ialeman.cl\/wp-content\/uploads\/2026\/09\/Antillanca-2026-Instituto-Aleman-de-Puerto-Montt_0055_IMG_20260824_140651-768x513.jpg 768w\" sizes=\"(max-width: 1200px) 100vw, 1200px\" \/><\/a>\n\t\t\t<\/div><\/figure><figure class='gallery-item'>\n\t\t\t<div class='gallery-icon landscape'>\n\t\t\t\t<a data-elementor-open-lightbox=\"yes\" data-elementor-lightbox-slideshow=\"f2173ff\" data-elementor-lightbox-title=\"Antillanca 2026 Instituto Alem\u00e1n de Puerto Montt_0056_IMG_20260827_095433\" data-e-action-hash=\"#elementor-action%3Aaction%3Dlightbox%26settings%3DeyJpZCI6NjAxMjUsInVybCI6Imh0dHBzOlwvXC9pYWxlbWFuLmNsXC93cC1jb250ZW50XC91cGxvYWRzXC8yMDI2XC8wOVwvQW50aWxsYW5jYS0yMDI2LUluc3RpdHV0by1BbGVtYW4tZGUtUHVlcnRvLU1vbnR0XzAwNTZfSU1HXzIwMjYwODI3XzA5NTQzMy5qcGciLCJzbGlkZXNob3ciOiJmMjE3M2ZmIn0%3D\" href='https:\/\/ialeman.cl\/wp-content\/uploads\/2026\/09\/Antillanca-2026-Instituto-Aleman-de-Puerto-Montt_0056_IMG_20260827_095433.jpg'><img loading=\"lazy\" decoding=\"async\" width=\"1200\" height=\"801\" src=\"https:\/\/ialeman.cl\/wp-content\/uploads\/2026\/09\/Antillanca-2026-Instituto-Aleman-de-Puerto-Montt_0056_IMG_20260827_095433.jpg\" class=\"attachment-full size-full\" alt=\"\" srcset=\"https:\/\/ialeman.cl\/wp-content\/uploads\/2026\/09\/Antillanca-2026-Instituto-Aleman-de-Puerto-Montt_0056_IMG_20260827_095433.jpg 1200w, https:\/\/ialeman.cl\/wp-content\/uploads\/2026\/09\/Antillanca-2026-Instituto-Aleman-de-Puerto-Montt_0056_IMG_20260827_095433-300x200.jpg 300w, https:\/\/ialeman.cl\/wp-content\/uploads\/2026\/09\/Antillanca-2026-Instituto-Aleman-de-Puerto-Montt_0056_IMG_20260827_095433-1024x684.jpg 1024w, https:\/\/ialeman.cl\/wp-content\/uploads\/2026\/09\/Antillanca-2026-Instituto-Aleman-de-Puerto-Montt_0056_IMG_20260827_095433-768x513.jpg 768w\" sizes=\"(max-width: 1200px) 100vw, 1200px\" \/><\/a>\n\t\t\t<\/div><\/figure><figure class='gallery-item'>\n\t\t\t<div class='gallery-icon landscape'>\n\t\t\t\t<a data-elementor-open-lightbox=\"yes\" data-elementor-lightbox-slideshow=\"f2173ff\" data-elementor-lightbox-title=\"Antillanca 2026 Instituto Alem\u00e1n de Puerto Montt_0057_IMG_20260827_094702\" data-e-action-hash=\"#elementor-action%3Aaction%3Dlightbox%26settings%3DeyJpZCI6NjAxMjYsInVybCI6Imh0dHBzOlwvXC9pYWxlbWFuLmNsXC93cC1jb250ZW50XC91cGxvYWRzXC8yMDI2XC8wOVwvQW50aWxsYW5jYS0yMDI2LUluc3RpdHV0by1BbGVtYW4tZGUtUHVlcnRvLU1vbnR0XzAwNTdfSU1HXzIwMjYwODI3XzA5NDcwMi5qcGciLCJzbGlkZXNob3ciOiJmMjE3M2ZmIn0%3D\" href='https:\/\/ialeman.cl\/wp-content\/uploads\/2026\/09\/Antillanca-2026-Instituto-Aleman-de-Puerto-Montt_0057_IMG_20260827_094702.jpg'><img loading=\"lazy\" decoding=\"async\" width=\"1200\" height=\"801\" src=\"https:\/\/ialeman.cl\/wp-content\/uploads\/2026\/09\/Antillanca-2026-Instituto-Aleman-de-Puerto-Montt_0057_IMG_20260827_094702.jpg\" class=\"attachment-full size-full\" alt=\"\" srcset=\"https:\/\/ialeman.cl\/wp-content\/uploads\/2026\/09\/Antillanca-2026-Instituto-Aleman-de-Puerto-Montt_0057_IMG_20260827_094702.jpg 1200w, https:\/\/ialeman.cl\/wp-content\/uploads\/2026\/09\/Antillanca-2026-Instituto-Aleman-de-Puerto-Montt_0057_IMG_20260827_094702-300x200.jpg 300w, https:\/\/ialeman.cl\/wp-content\/uploads\/2026\/09\/Antillanca-2026-Instituto-Aleman-de-Puerto-Montt_0057_IMG_20260827_094702-1024x684.jpg 1024w, https:\/\/ialeman.cl\/wp-content\/uploads\/2026\/09\/Antillanca-2026-Instituto-Aleman-de-Puerto-Montt_0057_IMG_20260827_094702-768x513.jpg 768w\" sizes=\"(max-width: 1200px) 100vw, 1200px\" \/><\/a>\n\t\t\t<\/div><\/figure><figure class='gallery-item'>\n\t\t\t<div class='gallery-icon landscape'>\n\t\t\t\t<a data-elementor-open-lightbox=\"yes\" data-elementor-lightbox-slideshow=\"f2173ff\" data-elementor-lightbox-title=\"Antillanca 2026 Instituto Alem\u00e1n de Puerto Montt_0058_IMG_20260827_093910\" data-e-action-hash=\"#elementor-action%3Aaction%3Dlightbox%26settings%3DeyJpZCI6NjAxMjcsInVybCI6Imh0dHBzOlwvXC9pYWxlbWFuLmNsXC93cC1jb250ZW50XC91cGxvYWRzXC8yMDI2XC8wOVwvQW50aWxsYW5jYS0yMDI2LUluc3RpdHV0by1BbGVtYW4tZGUtUHVlcnRvLU1vbnR0XzAwNThfSU1HXzIwMjYwODI3XzA5MzkxMC5qcGciLCJzbGlkZXNob3ciOiJmMjE3M2ZmIn0%3D\" href='https:\/\/ialeman.cl\/wp-content\/uploads\/2026\/09\/Antillanca-2026-Instituto-Aleman-de-Puerto-Montt_0058_IMG_20260827_093910.jpg'><img loading=\"lazy\" decoding=\"async\" width=\"1200\" height=\"801\" src=\"https:\/\/ialeman.cl\/wp-content\/uploads\/2026\/09\/Antillanca-2026-Instituto-Aleman-de-Puerto-Montt_0058_IMG_20260827_093910.jpg\" class=\"attachment-full size-full\" alt=\"\" srcset=\"https:\/\/ialeman.cl\/wp-content\/uploads\/2026\/09\/Antillanca-2026-Instituto-Aleman-de-Puerto-Montt_0058_IMG_20260827_093910.jpg 1200w, https:\/\/ialeman.cl\/wp-content\/uploads\/2026\/09\/Antillanca-2026-Instituto-Aleman-de-Puerto-Montt_0058_IMG_20260827_093910-300x200.jpg 300w, https:\/\/ialeman.cl\/wp-content\/uploads\/2026\/09\/Antillanca-2026-Instituto-Aleman-de-Puerto-Montt_0058_IMG_20260827_093910-1024x684.jpg 1024w, https:\/\/ialeman.cl\/wp-content\/uploads\/2026\/09\/Antillanca-2026-Instituto-Aleman-de-Puerto-Montt_0058_IMG_20260827_093910-768x513.jpg 768w\" sizes=\"(max-width: 1200px) 100vw, 1200px\" \/><\/a>\n\t\t\t<\/div><\/figure><figure class='gallery-item'>\n\t\t\t<div class='gallery-icon landscape'>\n\t\t\t\t<a data-elementor-open-lightbox=\"yes\" data-elementor-lightbox-slideshow=\"f2173ff\" data-elementor-lightbox-title=\"Antillanca 2026 Instituto Alem\u00e1n de Puerto Montt_0059_IMG_20260827_093015\" data-e-action-hash=\"#elementor-action%3Aaction%3Dlightbox%26settings%3DeyJpZCI6NjAxMjgsInVybCI6Imh0dHBzOlwvXC9pYWxlbWFuLmNsXC93cC1jb250ZW50XC91cGxvYWRzXC8yMDI2XC8wOVwvQW50aWxsYW5jYS0yMDI2LUluc3RpdHV0by1BbGVtYW4tZGUtUHVlcnRvLU1vbnR0XzAwNTlfSU1HXzIwMjYwODI3XzA5MzAxNS5qcGciLCJzbGlkZXNob3ciOiJmMjE3M2ZmIn0%3D\" href='https:\/\/ialeman.cl\/wp-content\/uploads\/2026\/09\/Antillanca-2026-Instituto-Aleman-de-Puerto-Montt_0059_IMG_20260827_093015.jpg'><img loading=\"lazy\" decoding=\"async\" width=\"1200\" height=\"801\" src=\"https:\/\/ialeman.cl\/wp-content\/uploads\/2026\/09\/Antillanca-2026-Instituto-Aleman-de-Puerto-Montt_0059_IMG_20260827_093015.jpg\" class=\"attachment-full size-full\" alt=\"\" srcset=\"https:\/\/ialeman.cl\/wp-content\/uploads\/2026\/09\/Antillanca-2026-Instituto-Aleman-de-Puerto-Montt_0059_IMG_20260827_093015.jpg 1200w, https:\/\/ialeman.cl\/wp-content\/uploads\/2026\/09\/Antillanca-2026-Instituto-Aleman-de-Puerto-Montt_0059_IMG_20260827_093015-300x200.jpg 300w, https:\/\/ialeman.cl\/wp-content\/uploads\/2026\/09\/Antillanca-2026-Instituto-Aleman-de-Puerto-Montt_0059_IMG_20260827_093015-1024x684.jpg 1024w, https:\/\/ialeman.cl\/wp-content\/uploads\/2026\/09\/Antillanca-2026-Instituto-Aleman-de-Puerto-Montt_0059_IMG_20260827_093015-768x513.jpg 768w\" sizes=\"(max-width: 1200px) 100vw, 1200px\" \/><\/a>\n\t\t\t<\/div><\/figure><figure class='gallery-item'>\n\t\t\t<div class='gallery-icon landscape'>\n\t\t\t\t<a data-elementor-open-lightbox=\"yes\" data-elementor-lightbox-slideshow=\"f2173ff\" data-elementor-lightbox-title=\"Antillanca 2026 Instituto Alem\u00e1n de Puerto Montt_0060_Niveles 6\" data-e-action-hash=\"#elementor-action%3Aaction%3Dlightbox%26settings%3DeyJpZCI6NjAxMjksInVybCI6Imh0dHBzOlwvXC9pYWxlbWFuLmNsXC93cC1jb250ZW50XC91cGxvYWRzXC8yMDI2XC8wOVwvQW50aWxsYW5jYS0yMDI2LUluc3RpdHV0by1BbGVtYW4tZGUtUHVlcnRvLU1vbnR0XzAwNjBfTml2ZWxlcy02LmpwZyIsInNsaWRlc2hvdyI6ImYyMTczZmYifQ%3D%3D\" href='https:\/\/ialeman.cl\/wp-content\/uploads\/2026\/09\/Antillanca-2026-Instituto-Aleman-de-Puerto-Montt_0060_Niveles-6.jpg'><img loading=\"lazy\" decoding=\"async\" width=\"1200\" height=\"801\" src=\"https:\/\/ialeman.cl\/wp-content\/uploads\/2026\/09\/Antillanca-2026-Instituto-Aleman-de-Puerto-Montt_0060_Niveles-6.jpg\" class=\"attachment-full size-full\" alt=\"\" srcset=\"https:\/\/ialeman.cl\/wp-content\/uploads\/2026\/09\/Antillanca-2026-Instituto-Aleman-de-Puerto-Montt_0060_Niveles-6.jpg 1200w, https:\/\/ialeman.cl\/wp-content\/uploads\/2026\/09\/Antillanca-2026-Instituto-Aleman-de-Puerto-Montt_0060_Niveles-6-300x200.jpg 300w, https:\/\/ialeman.cl\/wp-content\/uploads\/2026\/09\/Antillanca-2026-Instituto-Aleman-de-Puerto-Montt_0060_Niveles-6-1024x684.jpg 1024w, https:\/\/ialeman.cl\/wp-content\/uploads\/2026\/09\/Antillanca-2026-Instituto-Aleman-de-Puerto-Montt_0060_Niveles-6-768x513.jpg 768w\" sizes=\"(max-width: 1200px) 100vw, 1200px\" \/><\/a>\n\t\t\t<\/div><\/figure><figure class='gallery-item'>\n\t\t\t<div class='gallery-icon landscape'>\n\t\t\t\t<a data-elementor-open-lightbox=\"yes\" data-elementor-lightbox-slideshow=\"f2173ff\" data-elementor-lightbox-title=\"Antillanca 2026 Instituto Alem\u00e1n de Puerto Montt_0061_IMG_20260827_093441\" data-e-action-hash=\"#elementor-action%3Aaction%3Dlightbox%26settings%3DeyJpZCI6NjAxMzAsInVybCI6Imh0dHBzOlwvXC9pYWxlbWFuLmNsXC93cC1jb250ZW50XC91cGxvYWRzXC8yMDI2XC8wOVwvQW50aWxsYW5jYS0yMDI2LUluc3RpdHV0by1BbGVtYW4tZGUtUHVlcnRvLU1vbnR0XzAwNjFfSU1HXzIwMjYwODI3XzA5MzQ0MS5qcGciLCJzbGlkZXNob3ciOiJmMjE3M2ZmIn0%3D\" href='https:\/\/ialeman.cl\/wp-content\/uploads\/2026\/09\/Antillanca-2026-Instituto-Aleman-de-Puerto-Montt_0061_IMG_20260827_093441.jpg'><img loading=\"lazy\" decoding=\"async\" width=\"1200\" height=\"801\" src=\"https:\/\/ialeman.cl\/wp-content\/uploads\/2026\/09\/Antillanca-2026-Instituto-Aleman-de-Puerto-Montt_0061_IMG_20260827_093441.jpg\" class=\"attachment-full size-full\" alt=\"\" srcset=\"https:\/\/ialeman.cl\/wp-content\/uploads\/2026\/09\/Antillanca-2026-Instituto-Aleman-de-Puerto-Montt_0061_IMG_20260827_093441.jpg 1200w, https:\/\/ialeman.cl\/wp-content\/uploads\/2026\/09\/Antillanca-2026-Instituto-Aleman-de-Puerto-Montt_0061_IMG_20260827_093441-300x200.jpg 300w, https:\/\/ialeman.cl\/wp-content\/uploads\/2026\/09\/Antillanca-2026-Instituto-Aleman-de-Puerto-Montt_0061_IMG_20260827_093441-1024x684.jpg 1024w, https:\/\/ialeman.cl\/wp-content\/uploads\/2026\/09\/Antillanca-2026-Instituto-Aleman-de-Puerto-Montt_0061_IMG_20260827_093441-768x513.jpg 768w\" sizes=\"(max-width: 1200px) 100vw, 1200px\" \/><\/a>\n\t\t\t<\/div><\/figure><figure class='gallery-item'>\n\t\t\t<div class='gallery-icon landscape'>\n\t\t\t\t<a data-elementor-open-lightbox=\"yes\" data-elementor-lightbox-slideshow=\"f2173ff\" data-elementor-lightbox-title=\"Antillanca 2026 Instituto Alem\u00e1n de Puerto Montt_0062_IMG_20260827_093111\" data-e-action-hash=\"#elementor-action%3Aaction%3Dlightbox%26settings%3DeyJpZCI6NjAxMzEsInVybCI6Imh0dHBzOlwvXC9pYWxlbWFuLmNsXC93cC1jb250ZW50XC91cGxvYWRzXC8yMDI2XC8wOVwvQW50aWxsYW5jYS0yMDI2LUluc3RpdHV0by1BbGVtYW4tZGUtUHVlcnRvLU1vbnR0XzAwNjJfSU1HXzIwMjYwODI3XzA5MzExMS5qcGciLCJzbGlkZXNob3ciOiJmMjE3M2ZmIn0%3D\" href='https:\/\/ialeman.cl\/wp-content\/uploads\/2026\/09\/Antillanca-2026-Instituto-Aleman-de-Puerto-Montt_0062_IMG_20260827_093111.jpg'><img loading=\"lazy\" decoding=\"async\" width=\"1200\" height=\"801\" src=\"https:\/\/ialeman.cl\/wp-content\/uploads\/2026\/09\/Antillanca-2026-Instituto-Aleman-de-Puerto-Montt_0062_IMG_20260827_093111.jpg\" class=\"attachment-full size-full\" alt=\"\" srcset=\"https:\/\/ialeman.cl\/wp-content\/uploads\/2026\/09\/Antillanca-2026-Instituto-Aleman-de-Puerto-Montt_0062_IMG_20260827_093111.jpg 1200w, https:\/\/ialeman.cl\/wp-content\/uploads\/2026\/09\/Antillanca-2026-Instituto-Aleman-de-Puerto-Montt_0062_IMG_20260827_093111-300x200.jpg 300w, https:\/\/ialeman.cl\/wp-content\/uploads\/2026\/09\/Antillanca-2026-Instituto-Aleman-de-Puerto-Montt_0062_IMG_20260827_093111-1024x684.jpg 1024w, https:\/\/ialeman.cl\/wp-content\/uploads\/2026\/09\/Antillanca-2026-Instituto-Aleman-de-Puerto-Montt_0062_IMG_20260827_093111-768x513.jpg 768w\" sizes=\"(max-width: 1200px) 100vw, 1200px\" \/><\/a>\n\t\t\t<\/div><\/figure><figure class='gallery-item'>\n\t\t\t<div class='gallery-icon landscape'>\n\t\t\t\t<a data-elementor-open-lightbox=\"yes\" data-elementor-lightbox-slideshow=\"f2173ff\" data-elementor-lightbox-title=\"Antillanca 2026 Instituto Alem\u00e1n de Puerto Montt_0063_IMG_20260827_093743\" data-e-action-hash=\"#elementor-action%3Aaction%3Dlightbox%26settings%3DeyJpZCI6NjAxMzIsInVybCI6Imh0dHBzOlwvXC9pYWxlbWFuLmNsXC93cC1jb250ZW50XC91cGxvYWRzXC8yMDI2XC8wOVwvQW50aWxsYW5jYS0yMDI2LUluc3RpdHV0by1BbGVtYW4tZGUtUHVlcnRvLU1vbnR0XzAwNjNfSU1HXzIwMjYwODI3XzA5Mzc0My5qcGciLCJzbGlkZXNob3ciOiJmMjE3M2ZmIn0%3D\" href='https:\/\/ialeman.cl\/wp-content\/uploads\/2026\/09\/Antillanca-2026-Instituto-Aleman-de-Puerto-Montt_0063_IMG_20260827_093743.jpg'><img loading=\"lazy\" decoding=\"async\" width=\"1200\" height=\"801\" src=\"https:\/\/ialeman.cl\/wp-content\/uploads\/2026\/09\/Antillanca-2026-Instituto-Aleman-de-Puerto-Montt_0063_IMG_20260827_093743.jpg\" class=\"attachment-full size-full\" alt=\"\" srcset=\"https:\/\/ialeman.cl\/wp-content\/uploads\/2026\/09\/Antillanca-2026-Instituto-Aleman-de-Puerto-Montt_0063_IMG_20260827_093743.jpg 1200w, https:\/\/ialeman.cl\/wp-content\/uploads\/2026\/09\/Antillanca-2026-Instituto-Aleman-de-Puerto-Montt_0063_IMG_20260827_093743-300x200.jpg 300w, https:\/\/ialeman.cl\/wp-content\/uploads\/2026\/09\/Antillanca-2026-Instituto-Aleman-de-Puerto-Montt_0063_IMG_20260827_093743-1024x684.jpg 1024w, https:\/\/ialeman.cl\/wp-content\/uploads\/2026\/09\/Antillanca-2026-Instituto-Aleman-de-Puerto-Montt_0063_IMG_20260827_093743-768x513.jpg 768w\" sizes=\"(max-width: 1200px) 100vw, 1200px\" \/><\/a>\n\t\t\t<\/div><\/figure><figure class='gallery-item'>\n\t\t\t<div class='gallery-icon landscape'>\n\t\t\t\t<a data-elementor-open-lightbox=\"yes\" data-elementor-lightbox-slideshow=\"f2173ff\" data-elementor-lightbox-title=\"Antillanca 2026 Instituto Alem\u00e1n de Puerto Montt_0064_IMG_20260827_093008\" data-e-action-hash=\"#elementor-action%3Aaction%3Dlightbox%26settings%3DeyJpZCI6NjAxMzMsInVybCI6Imh0dHBzOlwvXC9pYWxlbWFuLmNsXC93cC1jb250ZW50XC91cGxvYWRzXC8yMDI2XC8wOVwvQW50aWxsYW5jYS0yMDI2LUluc3RpdHV0by1BbGVtYW4tZGUtUHVlcnRvLU1vbnR0XzAwNjRfSU1HXzIwMjYwODI3XzA5MzAwOC5qcGciLCJzbGlkZXNob3ciOiJmMjE3M2ZmIn0%3D\" href='https:\/\/ialeman.cl\/wp-content\/uploads\/2026\/09\/Antillanca-2026-Instituto-Aleman-de-Puerto-Montt_0064_IMG_20260827_093008.jpg'><img loading=\"lazy\" decoding=\"async\" width=\"1200\" height=\"801\" src=\"https:\/\/ialeman.cl\/wp-content\/uploads\/2026\/09\/Antillanca-2026-Instituto-Aleman-de-Puerto-Montt_0064_IMG_20260827_093008.jpg\" class=\"attachment-full size-full\" alt=\"\" srcset=\"https:\/\/ialeman.cl\/wp-content\/uploads\/2026\/09\/Antillanca-2026-Instituto-Aleman-de-Puerto-Montt_0064_IMG_20260827_093008.jpg 1200w, https:\/\/ialeman.cl\/wp-content\/uploads\/2026\/09\/Antillanca-2026-Instituto-Aleman-de-Puerto-Montt_0064_IMG_20260827_093008-300x200.jpg 300w, https:\/\/ialeman.cl\/wp-content\/uploads\/2026\/09\/Antillanca-2026-Instituto-Aleman-de-Puerto-Montt_0064_IMG_20260827_093008-1024x684.jpg 1024w, https:\/\/ialeman.cl\/wp-content\/uploads\/2026\/09\/Antillanca-2026-Instituto-Aleman-de-Puerto-Montt_0064_IMG_20260827_093008-768x513.jpg 768w\" sizes=\"(max-width: 1200px) 100vw, 1200px\" \/><\/a>\n\t\t\t<\/div><\/figure><figure class='gallery-item'>\n\t\t\t<div class='gallery-icon landscape'>\n\t\t\t\t<a data-elementor-open-lightbox=\"yes\" data-elementor-lightbox-slideshow=\"f2173ff\" data-elementor-lightbox-title=\"Antillanca 2026 Instituto Alem\u00e1n de Puerto Montt_0065_Niveles 7\" data-e-action-hash=\"#elementor-action%3Aaction%3Dlightbox%26settings%3DeyJpZCI6NjAxMzQsInVybCI6Imh0dHBzOlwvXC9pYWxlbWFuLmNsXC93cC1jb250ZW50XC91cGxvYWRzXC8yMDI2XC8wOVwvQW50aWxsYW5jYS0yMDI2LUluc3RpdHV0by1BbGVtYW4tZGUtUHVlcnRvLU1vbnR0XzAwNjVfTml2ZWxlcy03LmpwZyIsInNsaWRlc2hvdyI6ImYyMTczZmYifQ%3D%3D\" href='https:\/\/ialeman.cl\/wp-content\/uploads\/2026\/09\/Antillanca-2026-Instituto-Aleman-de-Puerto-Montt_0065_Niveles-7.jpg'><img loading=\"lazy\" decoding=\"async\" width=\"1200\" height=\"801\" src=\"https:\/\/ialeman.cl\/wp-content\/uploads\/2026\/09\/Antillanca-2026-Instituto-Aleman-de-Puerto-Montt_0065_Niveles-7.jpg\" class=\"attachment-full size-full\" alt=\"\" srcset=\"https:\/\/ialeman.cl\/wp-content\/uploads\/2026\/09\/Antillanca-2026-Instituto-Aleman-de-Puerto-Montt_0065_Niveles-7.jpg 1200w, https:\/\/ialeman.cl\/wp-content\/uploads\/2026\/09\/Antillanca-2026-Instituto-Aleman-de-Puerto-Montt_0065_Niveles-7-300x200.jpg 300w, https:\/\/ialeman.cl\/wp-content\/uploads\/2026\/09\/Antillanca-2026-Instituto-Aleman-de-Puerto-Montt_0065_Niveles-7-1024x684.jpg 1024w, https:\/\/ialeman.cl\/wp-content\/uploads\/2026\/09\/Antillanca-2026-Instituto-Aleman-de-Puerto-Montt_0065_Niveles-7-768x513.jpg 768w\" sizes=\"(max-width: 1200px) 100vw, 1200px\" \/><\/a>\n\t\t\t<\/div><\/figure><figure class='gallery-item'>\n\t\t\t<div class='gallery-icon landscape'>\n\t\t\t\t<a data-elementor-open-lightbox=\"yes\" data-elementor-lightbox-slideshow=\"f2173ff\" data-elementor-lightbox-title=\"Antillanca 2026 Instituto Alem\u00e1n de Puerto Montt_0066_IMG_20260827_093055\" data-e-action-hash=\"#elementor-action%3Aaction%3Dlightbox%26settings%3DeyJpZCI6NjAxMzUsInVybCI6Imh0dHBzOlwvXC9pYWxlbWFuLmNsXC93cC1jb250ZW50XC91cGxvYWRzXC8yMDI2XC8wOVwvQW50aWxsYW5jYS0yMDI2LUluc3RpdHV0by1BbGVtYW4tZGUtUHVlcnRvLU1vbnR0XzAwNjZfSU1HXzIwMjYwODI3XzA5MzA1NS5qcGciLCJzbGlkZXNob3ciOiJmMjE3M2ZmIn0%3D\" href='https:\/\/ialeman.cl\/wp-content\/uploads\/2026\/09\/Antillanca-2026-Instituto-Aleman-de-Puerto-Montt_0066_IMG_20260827_093055.jpg'><img loading=\"lazy\" decoding=\"async\" width=\"1200\" height=\"801\" src=\"https:\/\/ialeman.cl\/wp-content\/uploads\/2026\/09\/Antillanca-2026-Instituto-Aleman-de-Puerto-Montt_0066_IMG_20260827_093055.jpg\" class=\"attachment-full size-full\" alt=\"\" srcset=\"https:\/\/ialeman.cl\/wp-content\/uploads\/2026\/09\/Antillanca-2026-Instituto-Aleman-de-Puerto-Montt_0066_IMG_20260827_093055.jpg 1200w, https:\/\/ialeman.cl\/wp-content\/uploads\/2026\/09\/Antillanca-2026-Instituto-Aleman-de-Puerto-Montt_0066_IMG_20260827_093055-300x200.jpg 300w, https:\/\/ialeman.cl\/wp-content\/uploads\/2026\/09\/Antillanca-2026-Instituto-Aleman-de-Puerto-Montt_0066_IMG_20260827_093055-1024x684.jpg 1024w, https:\/\/ialeman.cl\/wp-content\/uploads\/2026\/09\/Antillanca-2026-Instituto-Aleman-de-Puerto-Montt_0066_IMG_20260827_093055-768x513.jpg 768w\" sizes=\"(max-width: 1200px) 100vw, 1200px\" \/><\/a>\n\t\t\t<\/div><\/figure><figure class='gallery-item'>\n\t\t\t<div class='gallery-icon landscape'>\n\t\t\t\t<a data-elementor-open-lightbox=\"yes\" data-elementor-lightbox-slideshow=\"f2173ff\" data-elementor-lightbox-title=\"Antillanca 2026 Instituto Alem\u00e1n de Puerto Montt_0067_IMG_20260827_093039\" data-e-action-hash=\"#elementor-action%3Aaction%3Dlightbox%26settings%3DeyJpZCI6NjAxMzYsInVybCI6Imh0dHBzOlwvXC9pYWxlbWFuLmNsXC93cC1jb250ZW50XC91cGxvYWRzXC8yMDI2XC8wOVwvQW50aWxsYW5jYS0yMDI2LUluc3RpdHV0by1BbGVtYW4tZGUtUHVlcnRvLU1vbnR0XzAwNjdfSU1HXzIwMjYwODI3XzA5MzAzOS5qcGciLCJzbGlkZXNob3ciOiJmMjE3M2ZmIn0%3D\" href='https:\/\/ialeman.cl\/wp-content\/uploads\/2026\/09\/Antillanca-2026-Instituto-Aleman-de-Puerto-Montt_0067_IMG_20260827_093039.jpg'><img loading=\"lazy\" decoding=\"async\" width=\"1200\" height=\"801\" src=\"https:\/\/ialeman.cl\/wp-content\/uploads\/2026\/09\/Antillanca-2026-Instituto-Aleman-de-Puerto-Montt_0067_IMG_20260827_093039.jpg\" class=\"attachment-full size-full\" alt=\"\" srcset=\"https:\/\/ialeman.cl\/wp-content\/uploads\/2026\/09\/Antillanca-2026-Instituto-Aleman-de-Puerto-Montt_0067_IMG_20260827_093039.jpg 1200w, https:\/\/ialeman.cl\/wp-content\/uploads\/2026\/09\/Antillanca-2026-Instituto-Aleman-de-Puerto-Montt_0067_IMG_20260827_093039-300x200.jpg 300w, https:\/\/ialeman.cl\/wp-content\/uploads\/2026\/09\/Antillanca-2026-Instituto-Aleman-de-Puerto-Montt_0067_IMG_20260827_093039-1024x684.jpg 1024w, https:\/\/ialeman.cl\/wp-content\/uploads\/2026\/09\/Antillanca-2026-Instituto-Aleman-de-Puerto-Montt_0067_IMG_20260827_093039-768x513.jpg 768w\" sizes=\"(max-width: 1200px) 100vw, 1200px\" \/><\/a>\n\t\t\t<\/div><\/figure><figure class='gallery-item'>\n\t\t\t<div class='gallery-icon landscape'>\n\t\t\t\t<a data-elementor-open-lightbox=\"yes\" data-elementor-lightbox-slideshow=\"f2173ff\" data-elementor-lightbox-title=\"Antillanca 2026 Instituto Alem\u00e1n de Puerto Montt_0068_IMG_20260827_093954\" data-e-action-hash=\"#elementor-action%3Aaction%3Dlightbox%26settings%3DeyJpZCI6NjAxMzcsInVybCI6Imh0dHBzOlwvXC9pYWxlbWFuLmNsXC93cC1jb250ZW50XC91cGxvYWRzXC8yMDI2XC8wOVwvQW50aWxsYW5jYS0yMDI2LUluc3RpdHV0by1BbGVtYW4tZGUtUHVlcnRvLU1vbnR0XzAwNjhfSU1HXzIwMjYwODI3XzA5Mzk1NC5qcGciLCJzbGlkZXNob3ciOiJmMjE3M2ZmIn0%3D\" href='https:\/\/ialeman.cl\/wp-content\/uploads\/2026\/09\/Antillanca-2026-Instituto-Aleman-de-Puerto-Montt_0068_IMG_20260827_093954.jpg'><img loading=\"lazy\" decoding=\"async\" width=\"1200\" height=\"801\" src=\"https:\/\/ialeman.cl\/wp-content\/uploads\/2026\/09\/Antillanca-2026-Instituto-Aleman-de-Puerto-Montt_0068_IMG_20260827_093954.jpg\" class=\"attachment-full size-full\" alt=\"\" srcset=\"https:\/\/ialeman.cl\/wp-content\/uploads\/2026\/09\/Antillanca-2026-Instituto-Aleman-de-Puerto-Montt_0068_IMG_20260827_093954.jpg 1200w, https:\/\/ialeman.cl\/wp-content\/uploads\/2026\/09\/Antillanca-2026-Instituto-Aleman-de-Puerto-Montt_0068_IMG_20260827_093954-300x200.jpg 300w, https:\/\/ialeman.cl\/wp-content\/uploads\/2026\/09\/Antillanca-2026-Instituto-Aleman-de-Puerto-Montt_0068_IMG_20260827_093954-1024x684.jpg 1024w, https:\/\/ialeman.cl\/wp-content\/uploads\/2026\/09\/Antillanca-2026-Instituto-Aleman-de-Puerto-Montt_0068_IMG_20260827_093954-768x513.jpg 768w\" sizes=\"(max-width: 1200px) 100vw, 1200px\" \/><\/a>\n\t\t\t<\/div><\/figure><figure class='gallery-item'>\n\t\t\t<div class='gallery-icon landscape'>\n\t\t\t\t<a data-elementor-open-lightbox=\"yes\" data-elementor-lightbox-slideshow=\"f2173ff\" data-elementor-lightbox-title=\"Antillanca 2026 Instituto Alem\u00e1n de Puerto Montt_0069_IMG_20260826_145159\" data-e-action-hash=\"#elementor-action%3Aaction%3Dlightbox%26settings%3DeyJpZCI6NjAxMzgsInVybCI6Imh0dHBzOlwvXC9pYWxlbWFuLmNsXC93cC1jb250ZW50XC91cGxvYWRzXC8yMDI2XC8wOVwvQW50aWxsYW5jYS0yMDI2LUluc3RpdHV0by1BbGVtYW4tZGUtUHVlcnRvLU1vbnR0XzAwNjlfSU1HXzIwMjYwODI2XzE0NTE1OS5qcGciLCJzbGlkZXNob3ciOiJmMjE3M2ZmIn0%3D\" href='https:\/\/ialeman.cl\/wp-content\/uploads\/2026\/09\/Antillanca-2026-Instituto-Aleman-de-Puerto-Montt_0069_IMG_20260826_145159.jpg'><img loading=\"lazy\" decoding=\"async\" width=\"1200\" height=\"801\" src=\"https:\/\/ialeman.cl\/wp-content\/uploads\/2026\/09\/Antillanca-2026-Instituto-Aleman-de-Puerto-Montt_0069_IMG_20260826_145159.jpg\" class=\"attachment-full size-full\" alt=\"\" srcset=\"https:\/\/ialeman.cl\/wp-content\/uploads\/2026\/09\/Antillanca-2026-Instituto-Aleman-de-Puerto-Montt_0069_IMG_20260826_145159.jpg 1200w, https:\/\/ialeman.cl\/wp-content\/uploads\/2026\/09\/Antillanca-2026-Instituto-Aleman-de-Puerto-Montt_0069_IMG_20260826_145159-300x200.jpg 300w, https:\/\/ialeman.cl\/wp-content\/uploads\/2026\/09\/Antillanca-2026-Instituto-Aleman-de-Puerto-Montt_0069_IMG_20260826_145159-1024x684.jpg 1024w, https:\/\/ialeman.cl\/wp-content\/uploads\/2026\/09\/Antillanca-2026-Instituto-Aleman-de-Puerto-Montt_0069_IMG_20260826_145159-768x513.jpg 768w\" sizes=\"(max-width: 1200px) 100vw, 1200px\" \/><\/a>\n\t\t\t<\/div><\/figure><figure class='gallery-item'>\n\t\t\t<div class='gallery-icon landscape'>\n\t\t\t\t<a data-elementor-open-lightbox=\"yes\" data-elementor-lightbox-slideshow=\"f2173ff\" data-elementor-lightbox-title=\"Antillanca 2026 Instituto Alem\u00e1n de Puerto Montt_0070_IMG_20260824_164550\" data-e-action-hash=\"#elementor-action%3Aaction%3Dlightbox%26settings%3DeyJpZCI6NjAxMzksInVybCI6Imh0dHBzOlwvXC9pYWxlbWFuLmNsXC93cC1jb250ZW50XC91cGxvYWRzXC8yMDI2XC8wOVwvQW50aWxsYW5jYS0yMDI2LUluc3RpdHV0by1BbGVtYW4tZGUtUHVlcnRvLU1vbnR0XzAwNzBfSU1HXzIwMjYwODI0XzE2NDU1MC5qcGciLCJzbGlkZXNob3ciOiJmMjE3M2ZmIn0%3D\" href='https:\/\/ialeman.cl\/wp-content\/uploads\/2026\/09\/Antillanca-2026-Instituto-Aleman-de-Puerto-Montt_0070_IMG_20260824_164550.jpg'><img loading=\"lazy\" decoding=\"async\" width=\"1200\" height=\"801\" src=\"https:\/\/ialeman.cl\/wp-content\/uploads\/2026\/09\/Antillanca-2026-Instituto-Aleman-de-Puerto-Montt_0070_IMG_20260824_164550.jpg\" class=\"attachment-full size-full\" alt=\"\" srcset=\"https:\/\/ialeman.cl\/wp-content\/uploads\/2026\/09\/Antillanca-2026-Instituto-Aleman-de-Puerto-Montt_0070_IMG_20260824_164550.jpg 1200w, https:\/\/ialeman.cl\/wp-content\/uploads\/2026\/09\/Antillanca-2026-Instituto-Aleman-de-Puerto-Montt_0070_IMG_20260824_164550-300x200.jpg 300w, https:\/\/ialeman.cl\/wp-content\/uploads\/2026\/09\/Antillanca-2026-Instituto-Aleman-de-Puerto-Montt_0070_IMG_20260824_164550-1024x684.jpg 1024w, https:\/\/ialeman.cl\/wp-content\/uploads\/2026\/09\/Antillanca-2026-Instituto-Aleman-de-Puerto-Montt_0070_IMG_20260824_164550-768x513.jpg 768w\" sizes=\"(max-width: 1200px) 100vw, 1200px\" \/><\/a>\n\t\t\t<\/div><\/figure><figure class='gallery-item'>\n\t\t\t<div class='gallery-icon landscape'>\n\t\t\t\t<a data-elementor-open-lightbox=\"yes\" data-elementor-lightbox-slideshow=\"f2173ff\" data-elementor-lightbox-title=\"Antillanca 2026 Instituto Alem\u00e1n de Puerto Montt_0071_IMG_20260826_103309\" data-e-action-hash=\"#elementor-action%3Aaction%3Dlightbox%26settings%3DeyJpZCI6NjAxNDAsInVybCI6Imh0dHBzOlwvXC9pYWxlbWFuLmNsXC93cC1jb250ZW50XC91cGxvYWRzXC8yMDI2XC8wOVwvQW50aWxsYW5jYS0yMDI2LUluc3RpdHV0by1BbGVtYW4tZGUtUHVlcnRvLU1vbnR0XzAwNzFfSU1HXzIwMjYwODI2XzEwMzMwOS5qcGciLCJzbGlkZXNob3ciOiJmMjE3M2ZmIn0%3D\" href='https:\/\/ialeman.cl\/wp-content\/uploads\/2026\/09\/Antillanca-2026-Instituto-Aleman-de-Puerto-Montt_0071_IMG_20260826_103309.jpg'><img loading=\"lazy\" decoding=\"async\" width=\"1200\" height=\"801\" src=\"https:\/\/ialeman.cl\/wp-content\/uploads\/2026\/09\/Antillanca-2026-Instituto-Aleman-de-Puerto-Montt_0071_IMG_20260826_103309.jpg\" class=\"attachment-full size-full\" alt=\"\" srcset=\"https:\/\/ialeman.cl\/wp-content\/uploads\/2026\/09\/Antillanca-2026-Instituto-Aleman-de-Puerto-Montt_0071_IMG_20260826_103309.jpg 1200w, https:\/\/ialeman.cl\/wp-content\/uploads\/2026\/09\/Antillanca-2026-Instituto-Aleman-de-Puerto-Montt_0071_IMG_20260826_103309-300x200.jpg 300w, https:\/\/ialeman.cl\/wp-content\/uploads\/2026\/09\/Antillanca-2026-Instituto-Aleman-de-Puerto-Montt_0071_IMG_20260826_103309-1024x684.jpg 1024w, https:\/\/ialeman.cl\/wp-content\/uploads\/2026\/09\/Antillanca-2026-Instituto-Aleman-de-Puerto-Montt_0071_IMG_20260826_103309-768x513.jpg 768w\" sizes=\"(max-width: 1200px) 100vw, 1200px\" \/><\/a>\n\t\t\t<\/div><\/figure><figure class='gallery-item'>\n\t\t\t<div class='gallery-icon landscape'>\n\t\t\t\t<a data-elementor-open-lightbox=\"yes\" data-elementor-lightbox-slideshow=\"f2173ff\" data-elementor-lightbox-title=\"Antillanca 2026 Instituto Alem\u00e1n de Puerto Montt_0072_IMG_20260826_100146\" data-e-action-hash=\"#elementor-action%3Aaction%3Dlightbox%26settings%3DeyJpZCI6NjAxNDEsInVybCI6Imh0dHBzOlwvXC9pYWxlbWFuLmNsXC93cC1jb250ZW50XC91cGxvYWRzXC8yMDI2XC8wOVwvQW50aWxsYW5jYS0yMDI2LUluc3RpdHV0by1BbGVtYW4tZGUtUHVlcnRvLU1vbnR0XzAwNzJfSU1HXzIwMjYwODI2XzEwMDE0Ni5qcGciLCJzbGlkZXNob3ciOiJmMjE3M2ZmIn0%3D\" href='https:\/\/ialeman.cl\/wp-content\/uploads\/2026\/09\/Antillanca-2026-Instituto-Aleman-de-Puerto-Montt_0072_IMG_20260826_100146.jpg'><img loading=\"lazy\" decoding=\"async\" width=\"1200\" height=\"801\" src=\"https:\/\/ialeman.cl\/wp-content\/uploads\/2026\/09\/Antillanca-2026-Instituto-Aleman-de-Puerto-Montt_0072_IMG_20260826_100146.jpg\" class=\"attachment-full size-full\" alt=\"\" srcset=\"https:\/\/ialeman.cl\/wp-content\/uploads\/2026\/09\/Antillanca-2026-Instituto-Aleman-de-Puerto-Montt_0072_IMG_20260826_100146.jpg 1200w, https:\/\/ialeman.cl\/wp-content\/uploads\/2026\/09\/Antillanca-2026-Instituto-Aleman-de-Puerto-Montt_0072_IMG_20260826_100146-300x200.jpg 300w, https:\/\/ialeman.cl\/wp-content\/uploads\/2026\/09\/Antillanca-2026-Instituto-Aleman-de-Puerto-Montt_0072_IMG_20260826_100146-1024x684.jpg 1024w, https:\/\/ialeman.cl\/wp-content\/uploads\/2026\/09\/Antillanca-2026-Instituto-Aleman-de-Puerto-Montt_0072_IMG_20260826_100146-768x513.jpg 768w\" sizes=\"(max-width: 1200px) 100vw, 1200px\" \/><\/a>\n\t\t\t<\/div><\/figure><figure class='gallery-item'>\n\t\t\t<div class='gallery-icon landscape'>\n\t\t\t\t<a data-elementor-open-lightbox=\"yes\" data-elementor-lightbox-slideshow=\"f2173ff\" data-elementor-lightbox-title=\"Antillanca 2026 Instituto Alem\u00e1n de Puerto Montt_0073_IMG_20260827_092929\" data-e-action-hash=\"#elementor-action%3Aaction%3Dlightbox%26settings%3DeyJpZCI6NjAxNDIsInVybCI6Imh0dHBzOlwvXC9pYWxlbWFuLmNsXC93cC1jb250ZW50XC91cGxvYWRzXC8yMDI2XC8wOVwvQW50aWxsYW5jYS0yMDI2LUluc3RpdHV0by1BbGVtYW4tZGUtUHVlcnRvLU1vbnR0XzAwNzNfSU1HXzIwMjYwODI3XzA5MjkyOS5qcGciLCJzbGlkZXNob3ciOiJmMjE3M2ZmIn0%3D\" href='https:\/\/ialeman.cl\/wp-content\/uploads\/2026\/09\/Antillanca-2026-Instituto-Aleman-de-Puerto-Montt_0073_IMG_20260827_092929.jpg'><img loading=\"lazy\" decoding=\"async\" width=\"1200\" height=\"801\" src=\"https:\/\/ialeman.cl\/wp-content\/uploads\/2026\/09\/Antillanca-2026-Instituto-Aleman-de-Puerto-Montt_0073_IMG_20260827_092929.jpg\" class=\"attachment-full size-full\" alt=\"\" srcset=\"https:\/\/ialeman.cl\/wp-content\/uploads\/2026\/09\/Antillanca-2026-Instituto-Aleman-de-Puerto-Montt_0073_IMG_20260827_092929.jpg 1200w, https:\/\/ialeman.cl\/wp-content\/uploads\/2026\/09\/Antillanca-2026-Instituto-Aleman-de-Puerto-Montt_0073_IMG_20260827_092929-300x200.jpg 300w, https:\/\/ialeman.cl\/wp-content\/uploads\/2026\/09\/Antillanca-2026-Instituto-Aleman-de-Puerto-Montt_0073_IMG_20260827_092929-1024x684.jpg 1024w, https:\/\/ialeman.cl\/wp-content\/uploads\/2026\/09\/Antillanca-2026-Instituto-Aleman-de-Puerto-Montt_0073_IMG_20260827_092929-768x513.jpg 768w\" sizes=\"(max-width: 1200px) 100vw, 1200px\" \/><\/a>\n\t\t\t<\/div><\/figure><figure class='gallery-item'>\n\t\t\t<div class='gallery-icon landscape'>\n\t\t\t\t<a data-elementor-open-lightbox=\"yes\" data-elementor-lightbox-slideshow=\"f2173ff\" data-elementor-lightbox-title=\"Antillanca 2026 Instituto Alem\u00e1n de Puerto Montt_0074_IMG_20260824_164527\" data-e-action-hash=\"#elementor-action%3Aaction%3Dlightbox%26settings%3DeyJpZCI6NjAxNDMsInVybCI6Imh0dHBzOlwvXC9pYWxlbWFuLmNsXC93cC1jb250ZW50XC91cGxvYWRzXC8yMDI2XC8wOVwvQW50aWxsYW5jYS0yMDI2LUluc3RpdHV0by1BbGVtYW4tZGUtUHVlcnRvLU1vbnR0XzAwNzRfSU1HXzIwMjYwODI0XzE2NDUyNy5qcGciLCJzbGlkZXNob3ciOiJmMjE3M2ZmIn0%3D\" href='https:\/\/ialeman.cl\/wp-content\/uploads\/2026\/09\/Antillanca-2026-Instituto-Aleman-de-Puerto-Montt_0074_IMG_20260824_164527.jpg'><img loading=\"lazy\" decoding=\"async\" width=\"1200\" height=\"801\" src=\"https:\/\/ialeman.cl\/wp-content\/uploads\/2026\/09\/Antillanca-2026-Instituto-Aleman-de-Puerto-Montt_0074_IMG_20260824_164527.jpg\" class=\"attachment-full size-full\" alt=\"\" srcset=\"https:\/\/ialeman.cl\/wp-content\/uploads\/2026\/09\/Antillanca-2026-Instituto-Aleman-de-Puerto-Montt_0074_IMG_20260824_164527.jpg 1200w, https:\/\/ialeman.cl\/wp-content\/uploads\/2026\/09\/Antillanca-2026-Instituto-Aleman-de-Puerto-Montt_0074_IMG_20260824_164527-300x200.jpg 300w, https:\/\/ialeman.cl\/wp-content\/uploads\/2026\/09\/Antillanca-2026-Instituto-Aleman-de-Puerto-Montt_0074_IMG_20260824_164527-1024x684.jpg 1024w, https:\/\/ialeman.cl\/wp-content\/uploads\/2026\/09\/Antillanca-2026-Instituto-Aleman-de-Puerto-Montt_0074_IMG_20260824_164527-768x513.jpg 768w\" sizes=\"(max-width: 1200px) 100vw, 1200px\" \/><\/a>\n\t\t\t<\/div><\/figure><figure class='gallery-item'>\n\t\t\t<div class='gallery-icon landscape'>\n\t\t\t\t<a data-elementor-open-lightbox=\"yes\" data-elementor-lightbox-slideshow=\"f2173ff\" data-elementor-lightbox-title=\"Antillanca 2026 Instituto Alem\u00e1n de Puerto Montt_0075_IMG_20260824_164426\" data-e-action-hash=\"#elementor-action%3Aaction%3Dlightbox%26settings%3DeyJpZCI6NjAxNDQsInVybCI6Imh0dHBzOlwvXC9pYWxlbWFuLmNsXC93cC1jb250ZW50XC91cGxvYWRzXC8yMDI2XC8wOVwvQW50aWxsYW5jYS0yMDI2LUluc3RpdHV0by1BbGVtYW4tZGUtUHVlcnRvLU1vbnR0XzAwNzVfSU1HXzIwMjYwODI0XzE2NDQyNi5qcGciLCJzbGlkZXNob3ciOiJmMjE3M2ZmIn0%3D\" href='https:\/\/ialeman.cl\/wp-content\/uploads\/2026\/09\/Antillanca-2026-Instituto-Aleman-de-Puerto-Montt_0075_IMG_20260824_164426.jpg'><img loading=\"lazy\" decoding=\"async\" width=\"1200\" height=\"801\" src=\"https:\/\/ialeman.cl\/wp-content\/uploads\/2026\/09\/Antillanca-2026-Instituto-Aleman-de-Puerto-Montt_0075_IMG_20260824_164426.jpg\" class=\"attachment-full size-full\" alt=\"\" srcset=\"https:\/\/ialeman.cl\/wp-content\/uploads\/2026\/09\/Antillanca-2026-Instituto-Aleman-de-Puerto-Montt_0075_IMG_20260824_164426.jpg 1200w, https:\/\/ialeman.cl\/wp-content\/uploads\/2026\/09\/Antillanca-2026-Instituto-Aleman-de-Puerto-Montt_0075_IMG_20260824_164426-300x200.jpg 300w, https:\/\/ialeman.cl\/wp-content\/uploads\/2026\/09\/Antillanca-2026-Instituto-Aleman-de-Puerto-Montt_0075_IMG_20260824_164426-1024x684.jpg 1024w, https:\/\/ialeman.cl\/wp-content\/uploads\/2026\/09\/Antillanca-2026-Instituto-Aleman-de-Puerto-Montt_0075_IMG_20260824_164426-768x513.jpg 768w\" sizes=\"(max-width: 1200px) 100vw, 1200px\" \/><\/a>\n\t\t\t<\/div><\/figure><figure class='gallery-item'>\n\t\t\t<div class='gallery-icon landscape'>\n\t\t\t\t<a data-elementor-open-lightbox=\"yes\" data-elementor-lightbox-slideshow=\"f2173ff\" data-elementor-lightbox-title=\"Antillanca 2026 Instituto Alem\u00e1n de Puerto Montt_0076_IMG_20260824_164311\" data-e-action-hash=\"#elementor-action%3Aaction%3Dlightbox%26settings%3DeyJpZCI6NjAxNDUsInVybCI6Imh0dHBzOlwvXC9pYWxlbWFuLmNsXC93cC1jb250ZW50XC91cGxvYWRzXC8yMDI2XC8wOVwvQW50aWxsYW5jYS0yMDI2LUluc3RpdHV0by1BbGVtYW4tZGUtUHVlcnRvLU1vbnR0XzAwNzZfSU1HXzIwMjYwODI0XzE2NDMxMS5qcGciLCJzbGlkZXNob3ciOiJmMjE3M2ZmIn0%3D\" href='https:\/\/ialeman.cl\/wp-content\/uploads\/2026\/09\/Antillanca-2026-Instituto-Aleman-de-Puerto-Montt_0076_IMG_20260824_164311.jpg'><img loading=\"lazy\" decoding=\"async\" width=\"1200\" height=\"801\" src=\"https:\/\/ialeman.cl\/wp-content\/uploads\/2026\/09\/Antillanca-2026-Instituto-Aleman-de-Puerto-Montt_0076_IMG_20260824_164311.jpg\" class=\"attachment-full size-full\" alt=\"\" srcset=\"https:\/\/ialeman.cl\/wp-content\/uploads\/2026\/09\/Antillanca-2026-Instituto-Aleman-de-Puerto-Montt_0076_IMG_20260824_164311.jpg 1200w, https:\/\/ialeman.cl\/wp-content\/uploads\/2026\/09\/Antillanca-2026-Instituto-Aleman-de-Puerto-Montt_0076_IMG_20260824_164311-300x200.jpg 300w, https:\/\/ialeman.cl\/wp-content\/uploads\/2026\/09\/Antillanca-2026-Instituto-Aleman-de-Puerto-Montt_0076_IMG_20260824_164311-1024x684.jpg 1024w, https:\/\/ialeman.cl\/wp-content\/uploads\/2026\/09\/Antillanca-2026-Instituto-Aleman-de-Puerto-Montt_0076_IMG_20260824_164311-768x513.jpg 768w\" sizes=\"(max-width: 1200px) 100vw, 1200px\" \/><\/a>\n\t\t\t<\/div><\/figure><figure class='gallery-item'>\n\t\t\t<div class='gallery-icon landscape'>\n\t\t\t\t<a data-elementor-open-lightbox=\"yes\" data-elementor-lightbox-slideshow=\"f2173ff\" data-elementor-lightbox-title=\"Antillanca 2026 Instituto Alem\u00e1n de Puerto Montt_0077_IMG_20260824_164243\" data-e-action-hash=\"#elementor-action%3Aaction%3Dlightbox%26settings%3DeyJpZCI6NjAxNDYsInVybCI6Imh0dHBzOlwvXC9pYWxlbWFuLmNsXC93cC1jb250ZW50XC91cGxvYWRzXC8yMDI2XC8wOVwvQW50aWxsYW5jYS0yMDI2LUluc3RpdHV0by1BbGVtYW4tZGUtUHVlcnRvLU1vbnR0XzAwNzdfSU1HXzIwMjYwODI0XzE2NDI0My5qcGciLCJzbGlkZXNob3ciOiJmMjE3M2ZmIn0%3D\" href='https:\/\/ialeman.cl\/wp-content\/uploads\/2026\/09\/Antillanca-2026-Instituto-Aleman-de-Puerto-Montt_0077_IMG_20260824_164243.jpg'><img loading=\"lazy\" decoding=\"async\" width=\"1200\" height=\"801\" src=\"https:\/\/ialeman.cl\/wp-content\/uploads\/2026\/09\/Antillanca-2026-Instituto-Aleman-de-Puerto-Montt_0077_IMG_20260824_164243.jpg\" class=\"attachment-full size-full\" alt=\"\" srcset=\"https:\/\/ialeman.cl\/wp-content\/uploads\/2026\/09\/Antillanca-2026-Instituto-Aleman-de-Puerto-Montt_0077_IMG_20260824_164243.jpg 1200w, https:\/\/ialeman.cl\/wp-content\/uploads\/2026\/09\/Antillanca-2026-Instituto-Aleman-de-Puerto-Montt_0077_IMG_20260824_164243-300x200.jpg 300w, https:\/\/ialeman.cl\/wp-content\/uploads\/2026\/09\/Antillanca-2026-Instituto-Aleman-de-Puerto-Montt_0077_IMG_20260824_164243-1024x684.jpg 1024w, https:\/\/ialeman.cl\/wp-content\/uploads\/2026\/09\/Antillanca-2026-Instituto-Aleman-de-Puerto-Montt_0077_IMG_20260824_164243-768x513.jpg 768w\" sizes=\"(max-width: 1200px) 100vw, 1200px\" \/><\/a>\n\t\t\t<\/div><\/figure><figure class='gallery-item'>\n\t\t\t<div class='gallery-icon landscape'>\n\t\t\t\t<a data-elementor-open-lightbox=\"yes\" data-elementor-lightbox-slideshow=\"f2173ff\" data-elementor-lightbox-title=\"Antillanca 2026 Instituto Alem\u00e1n de Puerto Montt_0078_IMG_20260824_163649\" data-e-action-hash=\"#elementor-action%3Aaction%3Dlightbox%26settings%3DeyJpZCI6NjAxNDcsInVybCI6Imh0dHBzOlwvXC9pYWxlbWFuLmNsXC93cC1jb250ZW50XC91cGxvYWRzXC8yMDI2XC8wOVwvQW50aWxsYW5jYS0yMDI2LUluc3RpdHV0by1BbGVtYW4tZGUtUHVlcnRvLU1vbnR0XzAwNzhfSU1HXzIwMjYwODI0XzE2MzY0OS5qcGciLCJzbGlkZXNob3ciOiJmMjE3M2ZmIn0%3D\" href='https:\/\/ialeman.cl\/wp-content\/uploads\/2026\/09\/Antillanca-2026-Instituto-Aleman-de-Puerto-Montt_0078_IMG_20260824_163649.jpg'><img loading=\"lazy\" decoding=\"async\" width=\"1200\" height=\"801\" src=\"https:\/\/ialeman.cl\/wp-content\/uploads\/2026\/09\/Antillanca-2026-Instituto-Aleman-de-Puerto-Montt_0078_IMG_20260824_163649.jpg\" class=\"attachment-full size-full\" alt=\"\" srcset=\"https:\/\/ialeman.cl\/wp-content\/uploads\/2026\/09\/Antillanca-2026-Instituto-Aleman-de-Puerto-Montt_0078_IMG_20260824_163649.jpg 1200w, https:\/\/ialeman.cl\/wp-content\/uploads\/2026\/09\/Antillanca-2026-Instituto-Aleman-de-Puerto-Montt_0078_IMG_20260824_163649-300x200.jpg 300w, https:\/\/ialeman.cl\/wp-content\/uploads\/2026\/09\/Antillanca-2026-Instituto-Aleman-de-Puerto-Montt_0078_IMG_20260824_163649-1024x684.jpg 1024w, https:\/\/ialeman.cl\/wp-content\/uploads\/2026\/09\/Antillanca-2026-Instituto-Aleman-de-Puerto-Montt_0078_IMG_20260824_163649-768x513.jpg 768w\" sizes=\"(max-width: 1200px) 100vw, 1200px\" \/><\/a>\n\t\t\t<\/div><\/figure><figure class='gallery-item'>\n\t\t\t<div class='gallery-icon landscape'>\n\t\t\t\t<a data-elementor-open-lightbox=\"yes\" data-elementor-lightbox-slideshow=\"f2173ff\" data-elementor-lightbox-title=\"Antillanca 2026 Instituto Alem\u00e1n de Puerto Montt_0028_PHOTO-2026-08-27-09-29-10 3\" data-e-action-hash=\"#elementor-action%3Aaction%3Dlightbox%26settings%3DeyJpZCI6NjAwOTUsInVybCI6Imh0dHBzOlwvXC9pYWxlbWFuLmNsXC93cC1jb250ZW50XC91cGxvYWRzXC8yMDI2XC8wOVwvQW50aWxsYW5jYS0yMDI2LUluc3RpdHV0by1BbGVtYW4tZGUtUHVlcnRvLU1vbnR0XzAwMjhfUEhPVE8tMjAyNi0wOC0yNy0wOS0yOS0xMC0zLmpwZyIsInNsaWRlc2hvdyI6ImYyMTczZmYifQ%3D%3D\" href='https:\/\/ialeman.cl\/wp-content\/uploads\/2026\/09\/Antillanca-2026-Instituto-Aleman-de-Puerto-Montt_0028_PHOTO-2026-08-27-09-29-10-3.jpg'><img loading=\"lazy\" decoding=\"async\" width=\"1200\" height=\"801\" src=\"https:\/\/ialeman.cl\/wp-content\/uploads\/2026\/09\/Antillanca-2026-Instituto-Aleman-de-Puerto-Montt_0028_PHOTO-2026-08-27-09-29-10-3.jpg\" class=\"attachment-full size-full\" alt=\"\" srcset=\"https:\/\/ialeman.cl\/wp-content\/uploads\/2026\/09\/Antillanca-2026-Instituto-Aleman-de-Puerto-Montt_0028_PHOTO-2026-08-27-09-29-10-3.jpg 1200w, https:\/\/ialeman.cl\/wp-content\/uploads\/2026\/09\/Antillanca-2026-Instituto-Aleman-de-Puerto-Montt_0028_PHOTO-2026-08-27-09-29-10-3-300x200.jpg 300w, https:\/\/ialeman.cl\/wp-content\/uploads\/2026\/09\/Antillanca-2026-Instituto-Aleman-de-Puerto-Montt_0028_PHOTO-2026-08-27-09-29-10-3-1024x684.jpg 1024w, https:\/\/ialeman.cl\/wp-content\/uploads\/2026\/09\/Antillanca-2026-Instituto-Aleman-de-Puerto-Montt_0028_PHOTO-2026-08-27-09-29-10-3-768x513.jpg 768w\" sizes=\"(max-width: 1200px) 100vw, 1200px\" \/><\/a>\n\t\t\t<\/div><\/figure><figure class='gallery-item'>\n\t\t\t<div class='gallery-icon landscape'>\n\t\t\t\t<a data-elementor-open-lightbox=\"yes\" data-elementor-lightbox-slideshow=\"f2173ff\" data-elementor-lightbox-title=\"Antillanca 2026 Instituto Alem\u00e1n de Puerto Montt_0079_Niveles 11\" data-e-action-hash=\"#elementor-action%3Aaction%3Dlightbox%26settings%3DeyJpZCI6NjAxNDgsInVybCI6Imh0dHBzOlwvXC9pYWxlbWFuLmNsXC93cC1jb250ZW50XC91cGxvYWRzXC8yMDI2XC8wOVwvQW50aWxsYW5jYS0yMDI2LUluc3RpdHV0by1BbGVtYW4tZGUtUHVlcnRvLU1vbnR0XzAwNzlfTml2ZWxlcy0xMS5qcGciLCJzbGlkZXNob3ciOiJmMjE3M2ZmIn0%3D\" href='https:\/\/ialeman.cl\/wp-content\/uploads\/2026\/09\/Antillanca-2026-Instituto-Aleman-de-Puerto-Montt_0079_Niveles-11.jpg'><img loading=\"lazy\" decoding=\"async\" width=\"1200\" height=\"801\" src=\"https:\/\/ialeman.cl\/wp-content\/uploads\/2026\/09\/Antillanca-2026-Instituto-Aleman-de-Puerto-Montt_0079_Niveles-11.jpg\" class=\"attachment-full size-full\" alt=\"\" srcset=\"https:\/\/ialeman.cl\/wp-content\/uploads\/2026\/09\/Antillanca-2026-Instituto-Aleman-de-Puerto-Montt_0079_Niveles-11.jpg 1200w, https:\/\/ialeman.cl\/wp-content\/uploads\/2026\/09\/Antillanca-2026-Instituto-Aleman-de-Puerto-Montt_0079_Niveles-11-300x200.jpg 300w, https:\/\/ialeman.cl\/wp-content\/uploads\/2026\/09\/Antillanca-2026-Instituto-Aleman-de-Puerto-Montt_0079_Niveles-11-1024x684.jpg 1024w, https:\/\/ialeman.cl\/wp-content\/uploads\/2026\/09\/Antillanca-2026-Instituto-Aleman-de-Puerto-Montt_0079_Niveles-11-768x513.jpg 768w\" sizes=\"(max-width: 1200px) 100vw, 1200px\" \/><\/a>\n\t\t\t<\/div><\/figure><figure class='gallery-item'>\n\t\t\t<div class='gallery-icon landscape'>\n\t\t\t\t<a data-elementor-open-lightbox=\"yes\" data-elementor-lightbox-slideshow=\"f2173ff\" data-elementor-lightbox-title=\"Antillanca 2026 Instituto Alem\u00e1n de Puerto Montt_0080_Niveles 12\" data-e-action-hash=\"#elementor-action%3Aaction%3Dlightbox%26settings%3DeyJpZCI6NjAxNDksInVybCI6Imh0dHBzOlwvXC9pYWxlbWFuLmNsXC93cC1jb250ZW50XC91cGxvYWRzXC8yMDI2XC8wOVwvQW50aWxsYW5jYS0yMDI2LUluc3RpdHV0by1BbGVtYW4tZGUtUHVlcnRvLU1vbnR0XzAwODBfTml2ZWxlcy0xMi5qcGciLCJzbGlkZXNob3ciOiJmMjE3M2ZmIn0%3D\" href='https:\/\/ialeman.cl\/wp-content\/uploads\/2026\/09\/Antillanca-2026-Instituto-Aleman-de-Puerto-Montt_0080_Niveles-12.jpg'><img loading=\"lazy\" decoding=\"async\" width=\"1200\" height=\"801\" src=\"https:\/\/ialeman.cl\/wp-content\/uploads\/2026\/09\/Antillanca-2026-Instituto-Aleman-de-Puerto-Montt_0080_Niveles-12.jpg\" class=\"attachment-full size-full\" alt=\"\" srcset=\"https:\/\/ialeman.cl\/wp-content\/uploads\/2026\/09\/Antillanca-2026-Instituto-Aleman-de-Puerto-Montt_0080_Niveles-12.jpg 1200w, https:\/\/ialeman.cl\/wp-content\/uploads\/2026\/09\/Antillanca-2026-Instituto-Aleman-de-Puerto-Montt_0080_Niveles-12-300x200.jpg 300w, https:\/\/ialeman.cl\/wp-content\/uploads\/2026\/09\/Antillanca-2026-Instituto-Aleman-de-Puerto-Montt_0080_Niveles-12-1024x684.jpg 1024w, https:\/\/ialeman.cl\/wp-content\/uploads\/2026\/09\/Antillanca-2026-Instituto-Aleman-de-Puerto-Montt_0080_Niveles-12-768x513.jpg 768w\" sizes=\"(max-width: 1200px) 100vw, 1200px\" \/><\/a>\n\t\t\t<\/div><\/figure><figure class='gallery-item'>\n\t\t\t<div class='gallery-icon landscape'>\n\t\t\t\t<a data-elementor-open-lightbox=\"yes\" data-elementor-lightbox-slideshow=\"f2173ff\" data-elementor-lightbox-title=\"Antillanca 2026 Instituto Alem\u00e1n de Puerto Montt_0081_IMG_20260826_094528\" data-e-action-hash=\"#elementor-action%3Aaction%3Dlightbox%26settings%3DeyJpZCI6NjAxNTAsInVybCI6Imh0dHBzOlwvXC9pYWxlbWFuLmNsXC93cC1jb250ZW50XC91cGxvYWRzXC8yMDI2XC8wOVwvQW50aWxsYW5jYS0yMDI2LUluc3RpdHV0by1BbGVtYW4tZGUtUHVlcnRvLU1vbnR0XzAwODFfSU1HXzIwMjYwODI2XzA5NDUyOC5qcGciLCJzbGlkZXNob3ciOiJmMjE3M2ZmIn0%3D\" href='https:\/\/ialeman.cl\/wp-content\/uploads\/2026\/09\/Antillanca-2026-Instituto-Aleman-de-Puerto-Montt_0081_IMG_20260826_094528.jpg'><img loading=\"lazy\" decoding=\"async\" width=\"1200\" height=\"801\" src=\"https:\/\/ialeman.cl\/wp-content\/uploads\/2026\/09\/Antillanca-2026-Instituto-Aleman-de-Puerto-Montt_0081_IMG_20260826_094528.jpg\" class=\"attachment-full size-full\" alt=\"\" srcset=\"https:\/\/ialeman.cl\/wp-content\/uploads\/2026\/09\/Antillanca-2026-Instituto-Aleman-de-Puerto-Montt_0081_IMG_20260826_094528.jpg 1200w, https:\/\/ialeman.cl\/wp-content\/uploads\/2026\/09\/Antillanca-2026-Instituto-Aleman-de-Puerto-Montt_0081_IMG_20260826_094528-300x200.jpg 300w, https:\/\/ialeman.cl\/wp-content\/uploads\/2026\/09\/Antillanca-2026-Instituto-Aleman-de-Puerto-Montt_0081_IMG_20260826_094528-1024x684.jpg 1024w, https:\/\/ialeman.cl\/wp-content\/uploads\/2026\/09\/Antillanca-2026-Instituto-Aleman-de-Puerto-Montt_0081_IMG_20260826_094528-768x513.jpg 768w\" sizes=\"(max-width: 1200px) 100vw, 1200px\" \/><\/a>\n\t\t\t<\/div><\/figure><figure class='gallery-item'>\n\t\t\t<div class='gallery-icon landscape'>\n\t\t\t\t<a data-elementor-open-lightbox=\"yes\" data-elementor-lightbox-slideshow=\"f2173ff\" data-elementor-lightbox-title=\"Antillanca 2026 Instituto Alem\u00e1n de Puerto Montt_0082_Niveles 13\" data-e-action-hash=\"#elementor-action%3Aaction%3Dlightbox%26settings%3DeyJpZCI6NjAxNTEsInVybCI6Imh0dHBzOlwvXC9pYWxlbWFuLmNsXC93cC1jb250ZW50XC91cGxvYWRzXC8yMDI2XC8wOVwvQW50aWxsYW5jYS0yMDI2LUluc3RpdHV0by1BbGVtYW4tZGUtUHVlcnRvLU1vbnR0XzAwODJfTml2ZWxlcy0xMy5qcGciLCJzbGlkZXNob3ciOiJmMjE3M2ZmIn0%3D\" href='https:\/\/ialeman.cl\/wp-content\/uploads\/2026\/09\/Antillanca-2026-Instituto-Aleman-de-Puerto-Montt_0082_Niveles-13.jpg'><img loading=\"lazy\" decoding=\"async\" width=\"1200\" height=\"801\" src=\"https:\/\/ialeman.cl\/wp-content\/uploads\/2026\/09\/Antillanca-2026-Instituto-Aleman-de-Puerto-Montt_0082_Niveles-13.jpg\" class=\"attachment-full size-full\" alt=\"\" srcset=\"https:\/\/ialeman.cl\/wp-content\/uploads\/2026\/09\/Antillanca-2026-Instituto-Aleman-de-Puerto-Montt_0082_Niveles-13.jpg 1200w, https:\/\/ialeman.cl\/wp-content\/uploads\/2026\/09\/Antillanca-2026-Instituto-Aleman-de-Puerto-Montt_0082_Niveles-13-300x200.jpg 300w, https:\/\/ialeman.cl\/wp-content\/uploads\/2026\/09\/Antillanca-2026-Instituto-Aleman-de-Puerto-Montt_0082_Niveles-13-1024x684.jpg 1024w, https:\/\/ialeman.cl\/wp-content\/uploads\/2026\/09\/Antillanca-2026-Instituto-Aleman-de-Puerto-Montt_0082_Niveles-13-768x513.jpg 768w\" sizes=\"(max-width: 1200px) 100vw, 1200px\" \/><\/a>\n\t\t\t<\/div><\/figure><figure class='gallery-item'>\n\t\t\t<div class='gallery-icon landscape'>\n\t\t\t\t<a data-elementor-open-lightbox=\"yes\" data-elementor-lightbox-slideshow=\"f2173ff\" data-elementor-lightbox-title=\"Antillanca 2026 Instituto Alem\u00e1n de Puerto Montt_0083_IMG_20260825_145520\" data-e-action-hash=\"#elementor-action%3Aaction%3Dlightbox%26settings%3DeyJpZCI6NjAxNTIsInVybCI6Imh0dHBzOlwvXC9pYWxlbWFuLmNsXC93cC1jb250ZW50XC91cGxvYWRzXC8yMDI2XC8wOVwvQW50aWxsYW5jYS0yMDI2LUluc3RpdHV0by1BbGVtYW4tZGUtUHVlcnRvLU1vbnR0XzAwODNfSU1HXzIwMjYwODI1XzE0NTUyMC5qcGciLCJzbGlkZXNob3ciOiJmMjE3M2ZmIn0%3D\" href='https:\/\/ialeman.cl\/wp-content\/uploads\/2026\/09\/Antillanca-2026-Instituto-Aleman-de-Puerto-Montt_0083_IMG_20260825_145520.jpg'><img loading=\"lazy\" decoding=\"async\" width=\"1200\" height=\"801\" src=\"https:\/\/ialeman.cl\/wp-content\/uploads\/2026\/09\/Antillanca-2026-Instituto-Aleman-de-Puerto-Montt_0083_IMG_20260825_145520.jpg\" class=\"attachment-full size-full\" alt=\"\" srcset=\"https:\/\/ialeman.cl\/wp-content\/uploads\/2026\/09\/Antillanca-2026-Instituto-Aleman-de-Puerto-Montt_0083_IMG_20260825_145520.jpg 1200w, https:\/\/ialeman.cl\/wp-content\/uploads\/2026\/09\/Antillanca-2026-Instituto-Aleman-de-Puerto-Montt_0083_IMG_20260825_145520-300x200.jpg 300w, https:\/\/ialeman.cl\/wp-content\/uploads\/2026\/09\/Antillanca-2026-Instituto-Aleman-de-Puerto-Montt_0083_IMG_20260825_145520-1024x684.jpg 1024w, https:\/\/ialeman.cl\/wp-content\/uploads\/2026\/09\/Antillanca-2026-Instituto-Aleman-de-Puerto-Montt_0083_IMG_20260825_145520-768x513.jpg 768w\" sizes=\"(max-width: 1200px) 100vw, 1200px\" \/><\/a>\n\t\t\t<\/div><\/figure><figure class='gallery-item'>\n\t\t\t<div class='gallery-icon landscape'>\n\t\t\t\t<a data-elementor-open-lightbox=\"yes\" data-elementor-lightbox-slideshow=\"f2173ff\" data-elementor-lightbox-title=\"Antillanca 2026 Instituto Alem\u00e1n de Puerto Montt_0084_IMG_20260825_151200\" data-e-action-hash=\"#elementor-action%3Aaction%3Dlightbox%26settings%3DeyJpZCI6NjAxNTMsInVybCI6Imh0dHBzOlwvXC9pYWxlbWFuLmNsXC93cC1jb250ZW50XC91cGxvYWRzXC8yMDI2XC8wOVwvQW50aWxsYW5jYS0yMDI2LUluc3RpdHV0by1BbGVtYW4tZGUtUHVlcnRvLU1vbnR0XzAwODRfSU1HXzIwMjYwODI1XzE1MTIwMC5qcGciLCJzbGlkZXNob3ciOiJmMjE3M2ZmIn0%3D\" href='https:\/\/ialeman.cl\/wp-content\/uploads\/2026\/09\/Antillanca-2026-Instituto-Aleman-de-Puerto-Montt_0084_IMG_20260825_151200.jpg'><img loading=\"lazy\" decoding=\"async\" width=\"1200\" height=\"801\" src=\"https:\/\/ialeman.cl\/wp-content\/uploads\/2026\/09\/Antillanca-2026-Instituto-Aleman-de-Puerto-Montt_0084_IMG_20260825_151200.jpg\" class=\"attachment-full size-full\" alt=\"\" srcset=\"https:\/\/ialeman.cl\/wp-content\/uploads\/2026\/09\/Antillanca-2026-Instituto-Aleman-de-Puerto-Montt_0084_IMG_20260825_151200.jpg 1200w, https:\/\/ialeman.cl\/wp-content\/uploads\/2026\/09\/Antillanca-2026-Instituto-Aleman-de-Puerto-Montt_0084_IMG_20260825_151200-300x200.jpg 300w, https:\/\/ialeman.cl\/wp-content\/uploads\/2026\/09\/Antillanca-2026-Instituto-Aleman-de-Puerto-Montt_0084_IMG_20260825_151200-1024x684.jpg 1024w, https:\/\/ialeman.cl\/wp-content\/uploads\/2026\/09\/Antillanca-2026-Instituto-Aleman-de-Puerto-Montt_0084_IMG_20260825_151200-768x513.jpg 768w\" sizes=\"(max-width: 1200px) 100vw, 1200px\" \/><\/a>\n\t\t\t<\/div><\/figure><figure class='gallery-item'>\n\t\t\t<div class='gallery-icon landscape'>\n\t\t\t\t<a data-elementor-open-lightbox=\"yes\" data-elementor-lightbox-slideshow=\"f2173ff\" data-elementor-lightbox-title=\"Antillanca 2026 Instituto Alem\u00e1n de Puerto Montt_0085_IMG_20260825_150039\" data-e-action-hash=\"#elementor-action%3Aaction%3Dlightbox%26settings%3DeyJpZCI6NjAxNTQsInVybCI6Imh0dHBzOlwvXC9pYWxlbWFuLmNsXC93cC1jb250ZW50XC91cGxvYWRzXC8yMDI2XC8wOVwvQW50aWxsYW5jYS0yMDI2LUluc3RpdHV0by1BbGVtYW4tZGUtUHVlcnRvLU1vbnR0XzAwODVfSU1HXzIwMjYwODI1XzE1MDAzOS5qcGciLCJzbGlkZXNob3ciOiJmMjE3M2ZmIn0%3D\" href='https:\/\/ialeman.cl\/wp-content\/uploads\/2026\/09\/Antillanca-2026-Instituto-Aleman-de-Puerto-Montt_0085_IMG_20260825_150039.jpg'><img loading=\"lazy\" decoding=\"async\" width=\"1200\" height=\"801\" src=\"https:\/\/ialeman.cl\/wp-content\/uploads\/2026\/09\/Antillanca-2026-Instituto-Aleman-de-Puerto-Montt_0085_IMG_20260825_150039.jpg\" class=\"attachment-full size-full\" alt=\"\" srcset=\"https:\/\/ialeman.cl\/wp-content\/uploads\/2026\/09\/Antillanca-2026-Instituto-Aleman-de-Puerto-Montt_0085_IMG_20260825_150039.jpg 1200w, https:\/\/ialeman.cl\/wp-content\/uploads\/2026\/09\/Antillanca-2026-Instituto-Aleman-de-Puerto-Montt_0085_IMG_20260825_150039-300x200.jpg 300w, https:\/\/ialeman.cl\/wp-content\/uploads\/2026\/09\/Antillanca-2026-Instituto-Aleman-de-Puerto-Montt_0085_IMG_20260825_150039-1024x684.jpg 1024w, https:\/\/ialeman.cl\/wp-content\/uploads\/2026\/09\/Antillanca-2026-Instituto-Aleman-de-Puerto-Montt_0085_IMG_20260825_150039-768x513.jpg 768w\" sizes=\"(max-width: 1200px) 100vw, 1200px\" \/><\/a>\n\t\t\t<\/div><\/figure><figure class='gallery-item'>\n\t\t\t<div class='gallery-icon landscape'>\n\t\t\t\t<a data-elementor-open-lightbox=\"yes\" data-elementor-lightbox-slideshow=\"f2173ff\" data-elementor-lightbox-title=\"Antillanca 2026 Instituto Alem\u00e1n de Puerto Montt_0086_IMG_20260825_101412\" data-e-action-hash=\"#elementor-action%3Aaction%3Dlightbox%26settings%3DeyJpZCI6NjAxNTUsInVybCI6Imh0dHBzOlwvXC9pYWxlbWFuLmNsXC93cC1jb250ZW50XC91cGxvYWRzXC8yMDI2XC8wOVwvQW50aWxsYW5jYS0yMDI2LUluc3RpdHV0by1BbGVtYW4tZGUtUHVlcnRvLU1vbnR0XzAwODZfSU1HXzIwMjYwODI1XzEwMTQxMi0xLmpwZyIsInNsaWRlc2hvdyI6ImYyMTczZmYifQ%3D%3D\" href='https:\/\/ialeman.cl\/wp-content\/uploads\/2026\/09\/Antillanca-2026-Instituto-Aleman-de-Puerto-Montt_0086_IMG_20260825_101412-1.jpg'><img loading=\"lazy\" decoding=\"async\" width=\"1200\" height=\"801\" src=\"https:\/\/ialeman.cl\/wp-content\/uploads\/2026\/09\/Antillanca-2026-Instituto-Aleman-de-Puerto-Montt_0086_IMG_20260825_101412-1.jpg\" class=\"attachment-full size-full\" alt=\"\" srcset=\"https:\/\/ialeman.cl\/wp-content\/uploads\/2026\/09\/Antillanca-2026-Instituto-Aleman-de-Puerto-Montt_0086_IMG_20260825_101412-1.jpg 1200w, https:\/\/ialeman.cl\/wp-content\/uploads\/2026\/09\/Antillanca-2026-Instituto-Aleman-de-Puerto-Montt_0086_IMG_20260825_101412-1-300x200.jpg 300w, https:\/\/ialeman.cl\/wp-content\/uploads\/2026\/09\/Antillanca-2026-Instituto-Aleman-de-Puerto-Montt_0086_IMG_20260825_101412-1-1024x684.jpg 1024w, https:\/\/ialeman.cl\/wp-content\/uploads\/2026\/09\/Antillanca-2026-Instituto-Aleman-de-Puerto-Montt_0086_IMG_20260825_101412-1-768x513.jpg 768w\" sizes=\"(max-width: 1200px) 100vw, 1200px\" \/><\/a>\n\t\t\t<\/div><\/figure><figure class='gallery-item'>\n\t\t\t<div class='gallery-icon landscape'>\n\t\t\t\t<a data-elementor-open-lightbox=\"yes\" data-elementor-lightbox-slideshow=\"f2173ff\" data-elementor-lightbox-title=\"Antillanca 2026 Instituto Alem\u00e1n de Puerto Montt_0087_IMG_20260825_101332\" data-e-action-hash=\"#elementor-action%3Aaction%3Dlightbox%26settings%3DeyJpZCI6NjAxNTYsInVybCI6Imh0dHBzOlwvXC9pYWxlbWFuLmNsXC93cC1jb250ZW50XC91cGxvYWRzXC8yMDI2XC8wOVwvQW50aWxsYW5jYS0yMDI2LUluc3RpdHV0by1BbGVtYW4tZGUtUHVlcnRvLU1vbnR0XzAwODdfSU1HXzIwMjYwODI1XzEwMTMzMi5qcGciLCJzbGlkZXNob3ciOiJmMjE3M2ZmIn0%3D\" href='https:\/\/ialeman.cl\/wp-content\/uploads\/2026\/09\/Antillanca-2026-Instituto-Aleman-de-Puerto-Montt_0087_IMG_20260825_101332.jpg'><img loading=\"lazy\" decoding=\"async\" width=\"1200\" height=\"801\" src=\"https:\/\/ialeman.cl\/wp-content\/uploads\/2026\/09\/Antillanca-2026-Instituto-Aleman-de-Puerto-Montt_0087_IMG_20260825_101332.jpg\" class=\"attachment-full size-full\" alt=\"\" srcset=\"https:\/\/ialeman.cl\/wp-content\/uploads\/2026\/09\/Antillanca-2026-Instituto-Aleman-de-Puerto-Montt_0087_IMG_20260825_101332.jpg 1200w, https:\/\/ialeman.cl\/wp-content\/uploads\/2026\/09\/Antillanca-2026-Instituto-Aleman-de-Puerto-Montt_0087_IMG_20260825_101332-300x200.jpg 300w, https:\/\/ialeman.cl\/wp-content\/uploads\/2026\/09\/Antillanca-2026-Instituto-Aleman-de-Puerto-Montt_0087_IMG_20260825_101332-1024x684.jpg 1024w, https:\/\/ialeman.cl\/wp-content\/uploads\/2026\/09\/Antillanca-2026-Instituto-Aleman-de-Puerto-Montt_0087_IMG_20260825_101332-768x513.jpg 768w\" sizes=\"(max-width: 1200px) 100vw, 1200px\" \/><\/a>\n\t\t\t<\/div><\/figure><figure class='gallery-item'>\n\t\t\t<div class='gallery-icon landscape'>\n\t\t\t\t<a data-elementor-open-lightbox=\"yes\" data-elementor-lightbox-slideshow=\"f2173ff\" data-elementor-lightbox-title=\"Antillanca 2026 Instituto Alem\u00e1n de Puerto Montt_0088_IMG_20260825_101028\" data-e-action-hash=\"#elementor-action%3Aaction%3Dlightbox%26settings%3DeyJpZCI6NjAxNTcsInVybCI6Imh0dHBzOlwvXC9pYWxlbWFuLmNsXC93cC1jb250ZW50XC91cGxvYWRzXC8yMDI2XC8wOVwvQW50aWxsYW5jYS0yMDI2LUluc3RpdHV0by1BbGVtYW4tZGUtUHVlcnRvLU1vbnR0XzAwODhfSU1HXzIwMjYwODI1XzEwMTAyOC5qcGciLCJzbGlkZXNob3ciOiJmMjE3M2ZmIn0%3D\" href='https:\/\/ialeman.cl\/wp-content\/uploads\/2026\/09\/Antillanca-2026-Instituto-Aleman-de-Puerto-Montt_0088_IMG_20260825_101028.jpg'><img loading=\"lazy\" decoding=\"async\" width=\"1200\" height=\"801\" src=\"https:\/\/ialeman.cl\/wp-content\/uploads\/2026\/09\/Antillanca-2026-Instituto-Aleman-de-Puerto-Montt_0088_IMG_20260825_101028.jpg\" class=\"attachment-full size-full\" alt=\"\" srcset=\"https:\/\/ialeman.cl\/wp-content\/uploads\/2026\/09\/Antillanca-2026-Instituto-Aleman-de-Puerto-Montt_0088_IMG_20260825_101028.jpg 1200w, https:\/\/ialeman.cl\/wp-content\/uploads\/2026\/09\/Antillanca-2026-Instituto-Aleman-de-Puerto-Montt_0088_IMG_20260825_101028-300x200.jpg 300w, https:\/\/ialeman.cl\/wp-content\/uploads\/2026\/09\/Antillanca-2026-Instituto-Aleman-de-Puerto-Montt_0088_IMG_20260825_101028-1024x684.jpg 1024w, https:\/\/ialeman.cl\/wp-content\/uploads\/2026\/09\/Antillanca-2026-Instituto-Aleman-de-Puerto-Montt_0088_IMG_20260825_101028-768x513.jpg 768w\" sizes=\"(max-width: 1200px) 100vw, 1200px\" \/><\/a>\n\t\t\t<\/div><\/figure><figure class='gallery-item'>\n\t\t\t<div class='gallery-icon landscape'>\n\t\t\t\t<a data-elementor-open-lightbox=\"yes\" data-elementor-lightbox-slideshow=\"f2173ff\" data-elementor-lightbox-title=\"Antillanca 2026 Instituto Alem\u00e1n de Puerto Montt_0089_IMG_20260825_095716\" data-e-action-hash=\"#elementor-action%3Aaction%3Dlightbox%26settings%3DeyJpZCI6NjAxNTgsInVybCI6Imh0dHBzOlwvXC9pYWxlbWFuLmNsXC93cC1jb250ZW50XC91cGxvYWRzXC8yMDI2XC8wOVwvQW50aWxsYW5jYS0yMDI2LUluc3RpdHV0by1BbGVtYW4tZGUtUHVlcnRvLU1vbnR0XzAwODlfSU1HXzIwMjYwODI1XzA5NTcxNi5qcGciLCJzbGlkZXNob3ciOiJmMjE3M2ZmIn0%3D\" href='https:\/\/ialeman.cl\/wp-content\/uploads\/2026\/09\/Antillanca-2026-Instituto-Aleman-de-Puerto-Montt_0089_IMG_20260825_095716.jpg'><img loading=\"lazy\" decoding=\"async\" width=\"1200\" height=\"801\" src=\"https:\/\/ialeman.cl\/wp-content\/uploads\/2026\/09\/Antillanca-2026-Instituto-Aleman-de-Puerto-Montt_0089_IMG_20260825_095716.jpg\" class=\"attachment-full size-full\" alt=\"\" srcset=\"https:\/\/ialeman.cl\/wp-content\/uploads\/2026\/09\/Antillanca-2026-Instituto-Aleman-de-Puerto-Montt_0089_IMG_20260825_095716.jpg 1200w, https:\/\/ialeman.cl\/wp-content\/uploads\/2026\/09\/Antillanca-2026-Instituto-Aleman-de-Puerto-Montt_0089_IMG_20260825_095716-300x200.jpg 300w, https:\/\/ialeman.cl\/wp-content\/uploads\/2026\/09\/Antillanca-2026-Instituto-Aleman-de-Puerto-Montt_0089_IMG_20260825_095716-1024x684.jpg 1024w, https:\/\/ialeman.cl\/wp-content\/uploads\/2026\/09\/Antillanca-2026-Instituto-Aleman-de-Puerto-Montt_0089_IMG_20260825_095716-768x513.jpg 768w\" sizes=\"(max-width: 1200px) 100vw, 1200px\" \/><\/a>\n\t\t\t<\/div><\/figure><figure class='gallery-item'>\n\t\t\t<div class='gallery-icon landscape'>\n\t\t\t\t<a data-elementor-open-lightbox=\"yes\" data-elementor-lightbox-slideshow=\"f2173ff\" data-elementor-lightbox-title=\"Antillanca 2026 Instituto Alem\u00e1n de Puerto Montt_0090_IMG_20260825_094153\" data-e-action-hash=\"#elementor-action%3Aaction%3Dlightbox%26settings%3DeyJpZCI6NjAxNTksInVybCI6Imh0dHBzOlwvXC9pYWxlbWFuLmNsXC93cC1jb250ZW50XC91cGxvYWRzXC8yMDI2XC8wOVwvQW50aWxsYW5jYS0yMDI2LUluc3RpdHV0by1BbGVtYW4tZGUtUHVlcnRvLU1vbnR0XzAwOTBfSU1HXzIwMjYwODI1XzA5NDE1My5qcGciLCJzbGlkZXNob3ciOiJmMjE3M2ZmIn0%3D\" href='https:\/\/ialeman.cl\/wp-content\/uploads\/2026\/09\/Antillanca-2026-Instituto-Aleman-de-Puerto-Montt_0090_IMG_20260825_094153.jpg'><img loading=\"lazy\" decoding=\"async\" width=\"1200\" height=\"801\" src=\"https:\/\/ialeman.cl\/wp-content\/uploads\/2026\/09\/Antillanca-2026-Instituto-Aleman-de-Puerto-Montt_0090_IMG_20260825_094153.jpg\" class=\"attachment-full size-full\" alt=\"\" srcset=\"https:\/\/ialeman.cl\/wp-content\/uploads\/2026\/09\/Antillanca-2026-Instituto-Aleman-de-Puerto-Montt_0090_IMG_20260825_094153.jpg 1200w, https:\/\/ialeman.cl\/wp-content\/uploads\/2026\/09\/Antillanca-2026-Instituto-Aleman-de-Puerto-Montt_0090_IMG_20260825_094153-300x200.jpg 300w, https:\/\/ialeman.cl\/wp-content\/uploads\/2026\/09\/Antillanca-2026-Instituto-Aleman-de-Puerto-Montt_0090_IMG_20260825_094153-1024x684.jpg 1024w, https:\/\/ialeman.cl\/wp-content\/uploads\/2026\/09\/Antillanca-2026-Instituto-Aleman-de-Puerto-Montt_0090_IMG_20260825_094153-768x513.jpg 768w\" sizes=\"(max-width: 1200px) 100vw, 1200px\" \/><\/a>\n\t\t\t<\/div><\/figure><figure class='gallery-item'>\n\t\t\t<div class='gallery-icon landscape'>\n\t\t\t\t<a data-elementor-open-lightbox=\"yes\" data-elementor-lightbox-slideshow=\"f2173ff\" data-elementor-lightbox-title=\"Antillanca 2026 Instituto Alem\u00e1n de Puerto Montt_0091_Brillo_contraste 1\" data-e-action-hash=\"#elementor-action%3Aaction%3Dlightbox%26settings%3DeyJpZCI6NjAxNjAsInVybCI6Imh0dHBzOlwvXC9pYWxlbWFuLmNsXC93cC1jb250ZW50XC91cGxvYWRzXC8yMDI2XC8wOVwvQW50aWxsYW5jYS0yMDI2LUluc3RpdHV0by1BbGVtYW4tZGUtUHVlcnRvLU1vbnR0XzAwOTFfQnJpbGxvX2NvbnRyYXN0ZS0xLmpwZyIsInNsaWRlc2hvdyI6ImYyMTczZmYifQ%3D%3D\" href='https:\/\/ialeman.cl\/wp-content\/uploads\/2026\/09\/Antillanca-2026-Instituto-Aleman-de-Puerto-Montt_0091_Brillo_contraste-1.jpg'><img loading=\"lazy\" decoding=\"async\" width=\"1200\" height=\"801\" src=\"https:\/\/ialeman.cl\/wp-content\/uploads\/2026\/09\/Antillanca-2026-Instituto-Aleman-de-Puerto-Montt_0091_Brillo_contraste-1.jpg\" class=\"attachment-full size-full\" alt=\"\" srcset=\"https:\/\/ialeman.cl\/wp-content\/uploads\/2026\/09\/Antillanca-2026-Instituto-Aleman-de-Puerto-Montt_0091_Brillo_contraste-1.jpg 1200w, https:\/\/ialeman.cl\/wp-content\/uploads\/2026\/09\/Antillanca-2026-Instituto-Aleman-de-Puerto-Montt_0091_Brillo_contraste-1-300x200.jpg 300w, https:\/\/ialeman.cl\/wp-content\/uploads\/2026\/09\/Antillanca-2026-Instituto-Aleman-de-Puerto-Montt_0091_Brillo_contraste-1-1024x684.jpg 1024w, https:\/\/ialeman.cl\/wp-content\/uploads\/2026\/09\/Antillanca-2026-Instituto-Aleman-de-Puerto-Montt_0091_Brillo_contraste-1-768x513.jpg 768w\" sizes=\"(max-width: 1200px) 100vw, 1200px\" \/><\/a>\n\t\t\t<\/div><\/figure><figure class='gallery-item'>\n\t\t\t<div class='gallery-icon landscape'>\n\t\t\t\t<a data-elementor-open-lightbox=\"yes\" data-elementor-lightbox-slideshow=\"f2173ff\" data-elementor-lightbox-title=\"Antillanca 2026 Instituto Alem\u00e1n de Puerto Montt_0092_Niveles 14\" data-e-action-hash=\"#elementor-action%3Aaction%3Dlightbox%26settings%3DeyJpZCI6NjAxNjEsInVybCI6Imh0dHBzOlwvXC9pYWxlbWFuLmNsXC93cC1jb250ZW50XC91cGxvYWRzXC8yMDI2XC8wOVwvQW50aWxsYW5jYS0yMDI2LUluc3RpdHV0by1BbGVtYW4tZGUtUHVlcnRvLU1vbnR0XzAwOTJfTml2ZWxlcy0xNC5qcGciLCJzbGlkZXNob3ciOiJmMjE3M2ZmIn0%3D\" href='https:\/\/ialeman.cl\/wp-content\/uploads\/2026\/09\/Antillanca-2026-Instituto-Aleman-de-Puerto-Montt_0092_Niveles-14.jpg'><img loading=\"lazy\" decoding=\"async\" width=\"1200\" height=\"801\" src=\"https:\/\/ialeman.cl\/wp-content\/uploads\/2026\/09\/Antillanca-2026-Instituto-Aleman-de-Puerto-Montt_0092_Niveles-14.jpg\" class=\"attachment-full size-full\" alt=\"\" srcset=\"https:\/\/ialeman.cl\/wp-content\/uploads\/2026\/09\/Antillanca-2026-Instituto-Aleman-de-Puerto-Montt_0092_Niveles-14.jpg 1200w, https:\/\/ialeman.cl\/wp-content\/uploads\/2026\/09\/Antillanca-2026-Instituto-Aleman-de-Puerto-Montt_0092_Niveles-14-300x200.jpg 300w, https:\/\/ialeman.cl\/wp-content\/uploads\/2026\/09\/Antillanca-2026-Instituto-Aleman-de-Puerto-Montt_0092_Niveles-14-1024x684.jpg 1024w, https:\/\/ialeman.cl\/wp-content\/uploads\/2026\/09\/Antillanca-2026-Instituto-Aleman-de-Puerto-Montt_0092_Niveles-14-768x513.jpg 768w\" sizes=\"(max-width: 1200px) 100vw, 1200px\" \/><\/a>\n\t\t\t<\/div><\/figure><figure class='gallery-item'>\n\t\t\t<div class='gallery-icon landscape'>\n\t\t\t\t<a data-elementor-open-lightbox=\"yes\" data-elementor-lightbox-slideshow=\"f2173ff\" data-elementor-lightbox-title=\"Antillanca 2026 Instituto Alem\u00e1n de Puerto Montt_0093_Niveles 15\" data-e-action-hash=\"#elementor-action%3Aaction%3Dlightbox%26settings%3DeyJpZCI6NjAxNjIsInVybCI6Imh0dHBzOlwvXC9pYWxlbWFuLmNsXC93cC1jb250ZW50XC91cGxvYWRzXC8yMDI2XC8wOVwvQW50aWxsYW5jYS0yMDI2LUluc3RpdHV0by1BbGVtYW4tZGUtUHVlcnRvLU1vbnR0XzAwOTNfTml2ZWxlcy0xNS5qcGciLCJzbGlkZXNob3ciOiJmMjE3M2ZmIn0%3D\" href='https:\/\/ialeman.cl\/wp-content\/uploads\/2026\/09\/Antillanca-2026-Instituto-Aleman-de-Puerto-Montt_0093_Niveles-15.jpg'><img loading=\"lazy\" decoding=\"async\" width=\"1200\" height=\"801\" src=\"https:\/\/ialeman.cl\/wp-content\/uploads\/2026\/09\/Antillanca-2026-Instituto-Aleman-de-Puerto-Montt_0093_Niveles-15.jpg\" class=\"attachment-full size-full\" alt=\"\" srcset=\"https:\/\/ialeman.cl\/wp-content\/uploads\/2026\/09\/Antillanca-2026-Instituto-Aleman-de-Puerto-Montt_0093_Niveles-15.jpg 1200w, https:\/\/ialeman.cl\/wp-content\/uploads\/2026\/09\/Antillanca-2026-Instituto-Aleman-de-Puerto-Montt_0093_Niveles-15-300x200.jpg 300w, https:\/\/ialeman.cl\/wp-content\/uploads\/2026\/09\/Antillanca-2026-Instituto-Aleman-de-Puerto-Montt_0093_Niveles-15-1024x684.jpg 1024w, https:\/\/ialeman.cl\/wp-content\/uploads\/2026\/09\/Antillanca-2026-Instituto-Aleman-de-Puerto-Montt_0093_Niveles-15-768x513.jpg 768w\" sizes=\"(max-width: 1200px) 100vw, 1200px\" \/><\/a>\n\t\t\t<\/div><\/figure><figure class='gallery-item'>\n\t\t\t<div class='gallery-icon landscape'>\n\t\t\t\t<a data-elementor-open-lightbox=\"yes\" data-elementor-lightbox-slideshow=\"f2173ff\" data-elementor-lightbox-title=\"Antillanca 2026 Instituto Alem\u00e1n de Puerto Montt_0094_IMG_20260824_151232\" data-e-action-hash=\"#elementor-action%3Aaction%3Dlightbox%26settings%3DeyJpZCI6NjAxNjMsInVybCI6Imh0dHBzOlwvXC9pYWxlbWFuLmNsXC93cC1jb250ZW50XC91cGxvYWRzXC8yMDI2XC8wOVwvQW50aWxsYW5jYS0yMDI2LUluc3RpdHV0by1BbGVtYW4tZGUtUHVlcnRvLU1vbnR0XzAwOTRfSU1HXzIwMjYwODI0XzE1MTIzMi5qcGciLCJzbGlkZXNob3ciOiJmMjE3M2ZmIn0%3D\" href='https:\/\/ialeman.cl\/wp-content\/uploads\/2026\/09\/Antillanca-2026-Instituto-Aleman-de-Puerto-Montt_0094_IMG_20260824_151232.jpg'><img loading=\"lazy\" decoding=\"async\" width=\"1200\" height=\"801\" src=\"https:\/\/ialeman.cl\/wp-content\/uploads\/2026\/09\/Antillanca-2026-Instituto-Aleman-de-Puerto-Montt_0094_IMG_20260824_151232.jpg\" class=\"attachment-full size-full\" alt=\"\" srcset=\"https:\/\/ialeman.cl\/wp-content\/uploads\/2026\/09\/Antillanca-2026-Instituto-Aleman-de-Puerto-Montt_0094_IMG_20260824_151232.jpg 1200w, https:\/\/ialeman.cl\/wp-content\/uploads\/2026\/09\/Antillanca-2026-Instituto-Aleman-de-Puerto-Montt_0094_IMG_20260824_151232-300x200.jpg 300w, https:\/\/ialeman.cl\/wp-content\/uploads\/2026\/09\/Antillanca-2026-Instituto-Aleman-de-Puerto-Montt_0094_IMG_20260824_151232-1024x684.jpg 1024w, https:\/\/ialeman.cl\/wp-content\/uploads\/2026\/09\/Antillanca-2026-Instituto-Aleman-de-Puerto-Montt_0094_IMG_20260824_151232-768x513.jpg 768w\" sizes=\"(max-width: 1200px) 100vw, 1200px\" \/><\/a>\n\t\t\t<\/div><\/figure><figure class='gallery-item'>\n\t\t\t<div class='gallery-icon landscape'>\n\t\t\t\t<a data-elementor-open-lightbox=\"yes\" data-elementor-lightbox-slideshow=\"f2173ff\" data-elementor-lightbox-title=\"Antillanca 2026 Instituto Alem\u00e1n de Puerto Montt_0095_IMG_20260824_170312\" data-e-action-hash=\"#elementor-action%3Aaction%3Dlightbox%26settings%3DeyJpZCI6NjAxNjQsInVybCI6Imh0dHBzOlwvXC9pYWxlbWFuLmNsXC93cC1jb250ZW50XC91cGxvYWRzXC8yMDI2XC8wOVwvQW50aWxsYW5jYS0yMDI2LUluc3RpdHV0by1BbGVtYW4tZGUtUHVlcnRvLU1vbnR0XzAwOTVfSU1HXzIwMjYwODI0XzE3MDMxMi5qcGciLCJzbGlkZXNob3ciOiJmMjE3M2ZmIn0%3D\" href='https:\/\/ialeman.cl\/wp-content\/uploads\/2026\/09\/Antillanca-2026-Instituto-Aleman-de-Puerto-Montt_0095_IMG_20260824_170312.jpg'><img loading=\"lazy\" decoding=\"async\" width=\"1200\" height=\"801\" src=\"https:\/\/ialeman.cl\/wp-content\/uploads\/2026\/09\/Antillanca-2026-Instituto-Aleman-de-Puerto-Montt_0095_IMG_20260824_170312.jpg\" class=\"attachment-full size-full\" alt=\"\" srcset=\"https:\/\/ialeman.cl\/wp-content\/uploads\/2026\/09\/Antillanca-2026-Instituto-Aleman-de-Puerto-Montt_0095_IMG_20260824_170312.jpg 1200w, https:\/\/ialeman.cl\/wp-content\/uploads\/2026\/09\/Antillanca-2026-Instituto-Aleman-de-Puerto-Montt_0095_IMG_20260824_170312-300x200.jpg 300w, https:\/\/ialeman.cl\/wp-content\/uploads\/2026\/09\/Antillanca-2026-Instituto-Aleman-de-Puerto-Montt_0095_IMG_20260824_170312-1024x684.jpg 1024w, https:\/\/ialeman.cl\/wp-content\/uploads\/2026\/09\/Antillanca-2026-Instituto-Aleman-de-Puerto-Montt_0095_IMG_20260824_170312-768x513.jpg 768w\" sizes=\"(max-width: 1200px) 100vw, 1200px\" \/><\/a>\n\t\t\t<\/div><\/figure>\n\t\t<\/div>\n\t\t<\/div>\n\t\t\t\t\t\t<\/div>\n\t\t\t\t<\/div>\n\t\t\t\t\t<\/div>\n\t\t\t\t<\/div>\n\t\t\t\t<\/div>\n\t\t","protected":false},"excerpt":{"rendered":"<p>Viaje a la Nieve Los estudiantes de 7\u00b0 b\u00e1sico vivieron una nueva experiencia de aprendizaje en el sector de Antillanca, en el marco de una de las tradicionales salidas pedag\u00f3gicas de nuestro colegio. Durante una semana, tuvieron la oportunidad de aprender a esquiar junto a sus compa\u00f1eros y profesores. La actividad les permiti\u00f3 a los [&hellip;]<\/p>\n","protected":false},"author":1,"featured_media":60065,"comment_status":"closed","ping_status":"","sticky":false,"template":"","format":"standard","meta":{"site-sidebar-layout":"default","site-content-layout":"","ast-site-content-layout":"default","site-content-style":"default","site-sidebar-style":"default","ast-global-header-display":"","ast-banner-title-visibility":"","ast-main-header-display":"","ast-hfb-above-header-display":"","ast-hfb-below-header-display":"","ast-hfb-mobile-header-display":"","site-post-title":"","ast-breadcrumbs-content":"","ast-featured-img":"disabled","footer-sml-layout":"","ast-disable-related-posts":"","theme-transparent-header-meta":"","adv-header-id-meta":"","stick-header-meta":"","header-above-stick-meta":"","header-main-stick-meta":"","header-below-stick-meta":"","astra-migrate-meta-layouts":"set","ast-page-background-enabled":"default","ast-page-background-meta":{"desktop":{"background-color":"var(--ast-global-color-4)","background-image":"","background-repeat":"repeat","background-position":"center center","background-size":"auto","background-attachment":"scroll","background-type":"","background-media":"","overlay-type":"","overlay-color":"","overlay-opacity":"","overlay-gradient":""},"tablet":{"background-color":"","background-image":"","background-repeat":"repeat","background-position":"center center","background-size":"auto","background-attachment":"scroll","background-type":"","background-media":"","overlay-type":"","overlay-color":"","overlay-opacity":"","overlay-gradient":""},"mobile":{"background-color":"","background-image":"","background-repeat":"repeat","background-position":"center center","background-size":"auto","background-attachment":"scroll","background-type":"","background-media":"","overlay-type":"","overlay-color":"","overlay-opacity":"","overlay-gradient":""}},"ast-content-background-meta":{"desktop":{"background-color":"var(--ast-global-color-5)","background-image":"","background-repeat":"repeat","background-position":"center center","background-size":"auto","background-attachment":"scroll","background-type":"","background-media":"","overlay-type":"","overlay-color":"","overlay-opacity":"","overlay-gradient":""},"tablet":{"background-color":"var(--ast-global-color-5)","background-image":"","background-repeat":"repeat","background-position":"center center","background-size":"auto","background-attachment":"scroll","background-type":"","background-media":"","overlay-type":"","overlay-color":"","overlay-opacity":"","overlay-gradient":""},"mobile":{"background-color":"var(--ast-global-color-5)","background-image":"","background-repeat":"repeat","background-position":"center center","background-size":"auto","background-attachment":"scroll","background-type":"","background-media":"","overlay-type":"","overlay-color":"","overlay-opacity":"","overlay-gradient":""}},"advanced_seo_description":"","jetpack_seo_html_title":"","jetpack_seo_noindex":false,"jetpack_seo_schema_type":"","_jetpack_newsletter_access":"","_jetpack_dont_email_post_to_subs":false,"_jetpack_newsletter_tier_id":0,"_jetpack_memberships_contains_paywalled_content":false,"_wpcom_ai_launchpad_first_post":false,"_jetpack_feature_clip_id":0,"_jetpack_memberships_contains_paid_content":false,"footnotes":"","jetpack_post_was_ever_published":false},"categories":[10],"tags":[],"class_list":["post-60064","post","type-post","status-publish","format-standard","has-post-thumbnail","hentry","category-noticias"],"jetpack_shortlink":"https:\/\/wp.me\/ph8I5c-fCM","jetpack_sharing_enabled":true,"jetpack_featured_media_url":"https:\/\/ialeman.cl\/wp-content\/uploads\/2026\/09\/Antillanca-2026-Instituto-Aleman-de-Puerto-Montt_0086_IMG_20260825_101412.jpg","_links":{"self":[{"href":"https:\/\/ialeman.cl\/index.php\/wp-json\/wp\/v2\/posts\/60064","targetHints":{"allow":["GET"]}}],"collection":[{"href":"https:\/\/ialeman.cl\/index.php\/wp-json\/wp\/v2\/posts"}],"about":[{"href":"https:\/\/ialeman.cl\/index.php\/wp-json\/wp\/v2\/types\/post"}],"author":[{"embeddable":true,"href":"https:\/\/ialeman.cl\/index.php\/wp-json\/wp\/v2\/users\/1"}],"replies":[{"embeddable":true,"href":"https:\/\/ialeman.cl\/index.php\/wp-json\/wp\/v2\/comments?post=60064"}],"version-history":[{"count":14,"href":"https:\/\/ialeman.cl\/index.php\/wp-json\/wp\/v2\/posts\/60064\/revisions"}],"predecessor-version":[{"id":60194,"href":"https:\/\/ialeman.cl\/index.php\/wp-json\/wp\/v2\/posts\/60064\/revisions\/60194"}],"wp:featuredmedia":[{"embeddable":true,"href":"https:\/\/ialeman.cl\/index.php\/wp-json\/wp\/v2\/media\/60065"}],"wp:attachment":[{"href":"https:\/\/ialeman.cl\/index.php\/wp-json\/wp\/v2\/media?parent=60064"}],"wp:term":[{"taxonomy":"category","embeddable":true,"href":"https:\/\/ialeman.cl\/index.php\/wp-json\/wp\/v2\/categories?post=60064"},{"taxonomy":"post_tag","embeddable":true,"href":"https:\/\/ialeman.cl\/index.php\/wp-json\/wp\/v2\/tags?post=60064"}],"curies":[{"name":"wp","href":"https:\/\/api.w.org\/{rel}","templated":true}]}}