{"id":57614,"date":"2026-06-17T15:29:47","date_gmt":"2026-06-17T19:29:47","guid":{"rendered":"https:\/\/ialeman.cl\/?p=57614"},"modified":"2026-06-17T15:35:38","modified_gmt":"2026-06-17T19:35:38","slug":"campeones-voleibol-puerto-montt-2026","status":"publish","type":"post","link":"https:\/\/ialeman.cl\/index.php\/campeones-voleibol-puerto-montt-2026\/","title":{"rendered":"Campeones V\u00f3leibol Puerto Montt 2026"},"content":{"rendered":"\t\t<div data-elementor-type=\"wp-post\" data-elementor-id=\"57614\" class=\"elementor elementor-57614\">\n\t\t\t\t\t\t<section class=\"elementor-section elementor-top-section elementor-element elementor-element-0a23c5b elementor-section-boxed elementor-section-height-default elementor-section-height-default\" data-id=\"0a23c5b\" data-element_type=\"section\" data-e-type=\"section\">\n\t\t\t\t\t\t<div class=\"elementor-container elementor-column-gap-default\">\n\t\t\t\t\t<div class=\"elementor-column elementor-col-100 elementor-top-column elementor-element elementor-element-ae22535\" data-id=\"ae22535\" data-element_type=\"column\" data-e-type=\"column\">\n\t\t\t<div class=\"elementor-widget-wrap elementor-element-populated\">\n\t\t\t\t\t\t<div class=\"elementor-element elementor-element-743e9ac elementor-widget elementor-widget-heading\" data-id=\"743e9ac\" data-element_type=\"widget\" data-e-type=\"widget\" data-widget_type=\"heading.default\">\n\t\t\t\t<div class=\"elementor-widget-container\">\n\t\t\t\t\t<h2 class=\"elementor-heading-title elementor-size-default\">V\u00f3leibol U14: Campeones comunales y grandes protagonistas\n<\/h2>\t\t\t\t<\/div>\n\t\t\t\t<\/div>\n\t\t\t\t\t<\/div>\n\t\t<\/div>\n\t\t\t\t\t<\/div>\n\t\t<\/section>\n\t\t\t\t<section class=\"elementor-section elementor-top-section elementor-element elementor-element-ed5d809 elementor-section-boxed elementor-section-height-default elementor-section-height-default\" data-id=\"ed5d809\" data-element_type=\"section\" data-e-type=\"section\">\n\t\t\t\t\t\t<div class=\"elementor-container elementor-column-gap-default\">\n\t\t\t\t\t<div class=\"elementor-column elementor-col-100 elementor-top-column elementor-element elementor-element-ab33200\" data-id=\"ab33200\" data-element_type=\"column\" data-e-type=\"column\">\n\t\t\t<div class=\"elementor-widget-wrap elementor-element-populated\">\n\t\t\t\t\t\t<div class=\"elementor-element elementor-element-f66f172 elementor-widget elementor-widget-heading\" data-id=\"f66f172\" data-element_type=\"widget\" data-e-type=\"widget\" data-widget_type=\"heading.default\">\n\t\t\t\t<div class=\"elementor-widget-container\">\n\t\t\t\t\t<h2 class=\"elementor-heading-title elementor-size-default\">La selecci\u00f3n de varones U14 del Instituto Alem\u00e1n de Puerto Montt se consagr\u00f3 campe\u00f3n comunal de v\u00f3leibol, mientras que la selecci\u00f3n de damas obtuvo un destacado segundo lugar, consolidando una sobresaliente participaci\u00f3n en la competencia.<br><br>\n\nEl logro es reflejo del compromiso, la disciplina y el trabajo en equipo demostrado por los estudiantes durante todo el torneo. Tanto damas como varones alcanzaron la final, evidenciando su esp\u00edritu deportivo, perseverancia y la s\u00f3lida preparaci\u00f3n desarrollada a lo largo de la temporada.<br><br>\n\nFelicitamos a todos los integrantes de ambas selecciones y a sus entrenadores, Juan Carlos Moreira y Mar\u00eda Jos\u00e9 Valenzuela, por el trabajo realizado y los excelentes resultados obtenidos durante el campeonato.<\/h2>\t\t\t\t<\/div>\n\t\t\t\t<\/div>\n\t\t\t\t\t<\/div>\n\t\t<\/div>\n\t\t\t\t\t<\/div>\n\t\t<\/section>\n\t\t\t\t<section class=\"elementor-section elementor-top-section elementor-element elementor-element-f883a5f elementor-section-boxed elementor-section-height-default elementor-section-height-default\" data-id=\"f883a5f\" data-element_type=\"section\" data-e-type=\"section\">\n\t\t\t\t\t\t<div class=\"elementor-container elementor-column-gap-default\">\n\t\t\t\t\t<div class=\"elementor-column elementor-col-100 elementor-top-column elementor-element elementor-element-c75248d\" data-id=\"c75248d\" data-element_type=\"column\" data-e-type=\"column\">\n\t\t\t<div class=\"elementor-widget-wrap elementor-element-populated\">\n\t\t\t\t\t\t<div class=\"elementor-element elementor-element-5f17f64 gallery-spacing-custom elementor-widget elementor-widget-image-gallery\" data-id=\"5f17f64\" data-element_type=\"widget\" data-e-type=\"widget\" data-widget_type=\"image-gallery.default\">\n\t\t\t\t<div class=\"elementor-widget-container\">\n\t\t\t\t\t\t\t<div class=\"elementor-image-gallery\">\n\t\t\t<div id='gallery-1' class='gallery galleryid-57614 gallery-columns-2 gallery-size-full'><figure class='gallery-item'>\n\t\t\t<div class='gallery-icon landscape'>\n\t\t\t\t<a data-elementor-open-lightbox=\"yes\" data-elementor-lightbox-slideshow=\"5f17f64\" data-elementor-lightbox-title=\"Campeones V\u00f3leibol Instituto Alem\u00e1n de Puerto Montt 2026_0017_DSC_8040\" data-e-action-hash=\"#elementor-action%3Aaction%3Dlightbox%26settings%3DeyJpZCI6NTc2MzQsInVybCI6Imh0dHBzOlwvXC9pYWxlbWFuLmNsXC93cC1jb250ZW50XC91cGxvYWRzXC8yMDI2XC8wNlwvQ2FtcGVvbmVzLVZvbGVpYm9sLUluc3RpdHV0by1BbGVtYW4tZGUtUHVlcnRvLU1vbnR0LTIwMjZfMDAxN19EU0NfODA0MC0xLmpwZyIsInNsaWRlc2hvdyI6IjVmMTdmNjQifQ%3D%3D\" href='https:\/\/ialeman.cl\/wp-content\/uploads\/2026\/06\/Campeones-Voleibol-Instituto-Aleman-de-Puerto-Montt-2026_0017_DSC_8040-1.jpg'><img fetchpriority=\"high\" decoding=\"async\" width=\"1200\" height=\"801\" src=\"https:\/\/ialeman.cl\/wp-content\/uploads\/2026\/06\/Campeones-Voleibol-Instituto-Aleman-de-Puerto-Montt-2026_0017_DSC_8040-1.jpg\" class=\"attachment-full size-full\" alt=\"\" srcset=\"https:\/\/ialeman.cl\/wp-content\/uploads\/2026\/06\/Campeones-Voleibol-Instituto-Aleman-de-Puerto-Montt-2026_0017_DSC_8040-1.jpg 1200w, https:\/\/ialeman.cl\/wp-content\/uploads\/2026\/06\/Campeones-Voleibol-Instituto-Aleman-de-Puerto-Montt-2026_0017_DSC_8040-1-300x200.jpg 300w, https:\/\/ialeman.cl\/wp-content\/uploads\/2026\/06\/Campeones-Voleibol-Instituto-Aleman-de-Puerto-Montt-2026_0017_DSC_8040-1-1024x684.jpg 1024w, https:\/\/ialeman.cl\/wp-content\/uploads\/2026\/06\/Campeones-Voleibol-Instituto-Aleman-de-Puerto-Montt-2026_0017_DSC_8040-1-768x513.jpg 768w\" sizes=\"(max-width: 1200px) 100vw, 1200px\" \/><\/a>\n\t\t\t<\/div><\/figure><figure class='gallery-item'>\n\t\t\t<div class='gallery-icon landscape'>\n\t\t\t\t<a data-elementor-open-lightbox=\"yes\" data-elementor-lightbox-slideshow=\"5f17f64\" data-elementor-lightbox-title=\"Campeones V\u00f3leibol Instituto Alem\u00e1n de Puerto Montt 2026_0000_DSC_8469\" data-e-action-hash=\"#elementor-action%3Aaction%3Dlightbox%26settings%3DeyJpZCI6NTc2MTcsInVybCI6Imh0dHBzOlwvXC9pYWxlbWFuLmNsXC93cC1jb250ZW50XC91cGxvYWRzXC8yMDI2XC8wNlwvQ2FtcGVvbmVzLVZvbGVpYm9sLUluc3RpdHV0by1BbGVtYW4tZGUtUHVlcnRvLU1vbnR0LTIwMjZfMDAwMF9EU0NfODQ2OS5qcGciLCJzbGlkZXNob3ciOiI1ZjE3ZjY0In0%3D\" href='https:\/\/ialeman.cl\/wp-content\/uploads\/2026\/06\/Campeones-Voleibol-Instituto-Aleman-de-Puerto-Montt-2026_0000_DSC_8469.jpg'><img decoding=\"async\" width=\"1200\" height=\"801\" src=\"https:\/\/ialeman.cl\/wp-content\/uploads\/2026\/06\/Campeones-Voleibol-Instituto-Aleman-de-Puerto-Montt-2026_0000_DSC_8469.jpg\" class=\"attachment-full size-full\" alt=\"\" srcset=\"https:\/\/ialeman.cl\/wp-content\/uploads\/2026\/06\/Campeones-Voleibol-Instituto-Aleman-de-Puerto-Montt-2026_0000_DSC_8469.jpg 1200w, https:\/\/ialeman.cl\/wp-content\/uploads\/2026\/06\/Campeones-Voleibol-Instituto-Aleman-de-Puerto-Montt-2026_0000_DSC_8469-300x200.jpg 300w, https:\/\/ialeman.cl\/wp-content\/uploads\/2026\/06\/Campeones-Voleibol-Instituto-Aleman-de-Puerto-Montt-2026_0000_DSC_8469-1024x684.jpg 1024w, https:\/\/ialeman.cl\/wp-content\/uploads\/2026\/06\/Campeones-Voleibol-Instituto-Aleman-de-Puerto-Montt-2026_0000_DSC_8469-768x513.jpg 768w\" sizes=\"(max-width: 1200px) 100vw, 1200px\" \/><\/a>\n\t\t\t<\/div><\/figure><figure class='gallery-item'>\n\t\t\t<div class='gallery-icon landscape'>\n\t\t\t\t<a data-elementor-open-lightbox=\"yes\" data-elementor-lightbox-slideshow=\"5f17f64\" data-elementor-lightbox-title=\"Campeones V\u00f3leibol Instituto Alem\u00e1n de Puerto Montt 2026_0011_DSC_8126\" data-e-action-hash=\"#elementor-action%3Aaction%3Dlightbox%26settings%3DeyJpZCI6NTc2MjgsInVybCI6Imh0dHBzOlwvXC9pYWxlbWFuLmNsXC93cC1jb250ZW50XC91cGxvYWRzXC8yMDI2XC8wNlwvQ2FtcGVvbmVzLVZvbGVpYm9sLUluc3RpdHV0by1BbGVtYW4tZGUtUHVlcnRvLU1vbnR0LTIwMjZfMDAxMV9EU0NfODEyNi5qcGciLCJzbGlkZXNob3ciOiI1ZjE3ZjY0In0%3D\" href='https:\/\/ialeman.cl\/wp-content\/uploads\/2026\/06\/Campeones-Voleibol-Instituto-Aleman-de-Puerto-Montt-2026_0011_DSC_8126.jpg'><img decoding=\"async\" width=\"1200\" height=\"801\" src=\"https:\/\/ialeman.cl\/wp-content\/uploads\/2026\/06\/Campeones-Voleibol-Instituto-Aleman-de-Puerto-Montt-2026_0011_DSC_8126.jpg\" class=\"attachment-full size-full\" alt=\"\" srcset=\"https:\/\/ialeman.cl\/wp-content\/uploads\/2026\/06\/Campeones-Voleibol-Instituto-Aleman-de-Puerto-Montt-2026_0011_DSC_8126.jpg 1200w, https:\/\/ialeman.cl\/wp-content\/uploads\/2026\/06\/Campeones-Voleibol-Instituto-Aleman-de-Puerto-Montt-2026_0011_DSC_8126-300x200.jpg 300w, https:\/\/ialeman.cl\/wp-content\/uploads\/2026\/06\/Campeones-Voleibol-Instituto-Aleman-de-Puerto-Montt-2026_0011_DSC_8126-1024x684.jpg 1024w, https:\/\/ialeman.cl\/wp-content\/uploads\/2026\/06\/Campeones-Voleibol-Instituto-Aleman-de-Puerto-Montt-2026_0011_DSC_8126-768x513.jpg 768w\" sizes=\"(max-width: 1200px) 100vw, 1200px\" \/><\/a>\n\t\t\t<\/div><\/figure><figure class='gallery-item'>\n\t\t\t<div class='gallery-icon landscape'>\n\t\t\t\t<a data-elementor-open-lightbox=\"yes\" data-elementor-lightbox-slideshow=\"5f17f64\" data-elementor-lightbox-title=\"Campeones V\u00f3leibol Instituto Alem\u00e1n de Puerto Montt 2026_0001_DSC_8458\" data-e-action-hash=\"#elementor-action%3Aaction%3Dlightbox%26settings%3DeyJpZCI6NTc2MTgsInVybCI6Imh0dHBzOlwvXC9pYWxlbWFuLmNsXC93cC1jb250ZW50XC91cGxvYWRzXC8yMDI2XC8wNlwvQ2FtcGVvbmVzLVZvbGVpYm9sLUluc3RpdHV0by1BbGVtYW4tZGUtUHVlcnRvLU1vbnR0LTIwMjZfMDAwMV9EU0NfODQ1OC5qcGciLCJzbGlkZXNob3ciOiI1ZjE3ZjY0In0%3D\" href='https:\/\/ialeman.cl\/wp-content\/uploads\/2026\/06\/Campeones-Voleibol-Instituto-Aleman-de-Puerto-Montt-2026_0001_DSC_8458.jpg'><img loading=\"lazy\" decoding=\"async\" width=\"1200\" height=\"801\" src=\"https:\/\/ialeman.cl\/wp-content\/uploads\/2026\/06\/Campeones-Voleibol-Instituto-Aleman-de-Puerto-Montt-2026_0001_DSC_8458.jpg\" class=\"attachment-full size-full\" alt=\"\" srcset=\"https:\/\/ialeman.cl\/wp-content\/uploads\/2026\/06\/Campeones-Voleibol-Instituto-Aleman-de-Puerto-Montt-2026_0001_DSC_8458.jpg 1200w, https:\/\/ialeman.cl\/wp-content\/uploads\/2026\/06\/Campeones-Voleibol-Instituto-Aleman-de-Puerto-Montt-2026_0001_DSC_8458-300x200.jpg 300w, https:\/\/ialeman.cl\/wp-content\/uploads\/2026\/06\/Campeones-Voleibol-Instituto-Aleman-de-Puerto-Montt-2026_0001_DSC_8458-1024x684.jpg 1024w, https:\/\/ialeman.cl\/wp-content\/uploads\/2026\/06\/Campeones-Voleibol-Instituto-Aleman-de-Puerto-Montt-2026_0001_DSC_8458-768x513.jpg 768w\" sizes=\"(max-width: 1200px) 100vw, 1200px\" \/><\/a>\n\t\t\t<\/div><\/figure><figure class='gallery-item'>\n\t\t\t<div class='gallery-icon landscape'>\n\t\t\t\t<a data-elementor-open-lightbox=\"yes\" data-elementor-lightbox-slideshow=\"5f17f64\" data-elementor-lightbox-title=\"Campeones V\u00f3leibol Instituto Alem\u00e1n de Puerto Montt 2026_0025_DSC_7805\" data-e-action-hash=\"#elementor-action%3Aaction%3Dlightbox%26settings%3DeyJpZCI6NTc2NDIsInVybCI6Imh0dHBzOlwvXC9pYWxlbWFuLmNsXC93cC1jb250ZW50XC91cGxvYWRzXC8yMDI2XC8wNlwvQ2FtcGVvbmVzLVZvbGVpYm9sLUluc3RpdHV0by1BbGVtYW4tZGUtUHVlcnRvLU1vbnR0LTIwMjZfMDAyNV9EU0NfNzgwNS5qcGciLCJzbGlkZXNob3ciOiI1ZjE3ZjY0In0%3D\" href='https:\/\/ialeman.cl\/wp-content\/uploads\/2026\/06\/Campeones-Voleibol-Instituto-Aleman-de-Puerto-Montt-2026_0025_DSC_7805.jpg'><img loading=\"lazy\" decoding=\"async\" width=\"1200\" height=\"801\" src=\"https:\/\/ialeman.cl\/wp-content\/uploads\/2026\/06\/Campeones-Voleibol-Instituto-Aleman-de-Puerto-Montt-2026_0025_DSC_7805.jpg\" class=\"attachment-full size-full\" alt=\"\" srcset=\"https:\/\/ialeman.cl\/wp-content\/uploads\/2026\/06\/Campeones-Voleibol-Instituto-Aleman-de-Puerto-Montt-2026_0025_DSC_7805.jpg 1200w, https:\/\/ialeman.cl\/wp-content\/uploads\/2026\/06\/Campeones-Voleibol-Instituto-Aleman-de-Puerto-Montt-2026_0025_DSC_7805-300x200.jpg 300w, https:\/\/ialeman.cl\/wp-content\/uploads\/2026\/06\/Campeones-Voleibol-Instituto-Aleman-de-Puerto-Montt-2026_0025_DSC_7805-1024x684.jpg 1024w, https:\/\/ialeman.cl\/wp-content\/uploads\/2026\/06\/Campeones-Voleibol-Instituto-Aleman-de-Puerto-Montt-2026_0025_DSC_7805-768x513.jpg 768w\" sizes=\"(max-width: 1200px) 100vw, 1200px\" \/><\/a>\n\t\t\t<\/div><\/figure><figure class='gallery-item'>\n\t\t\t<div class='gallery-icon landscape'>\n\t\t\t\t<a data-elementor-open-lightbox=\"yes\" data-elementor-lightbox-slideshow=\"5f17f64\" data-elementor-lightbox-title=\"Campeones V\u00f3leibol Instituto Alem\u00e1n de Puerto Montt 2026_0003_DSC_8274\" data-e-action-hash=\"#elementor-action%3Aaction%3Dlightbox%26settings%3DeyJpZCI6NTc2MjAsInVybCI6Imh0dHBzOlwvXC9pYWxlbWFuLmNsXC93cC1jb250ZW50XC91cGxvYWRzXC8yMDI2XC8wNlwvQ2FtcGVvbmVzLVZvbGVpYm9sLUluc3RpdHV0by1BbGVtYW4tZGUtUHVlcnRvLU1vbnR0LTIwMjZfMDAwM19EU0NfODI3NC5qcGciLCJzbGlkZXNob3ciOiI1ZjE3ZjY0In0%3D\" href='https:\/\/ialeman.cl\/wp-content\/uploads\/2026\/06\/Campeones-Voleibol-Instituto-Aleman-de-Puerto-Montt-2026_0003_DSC_8274.jpg'><img loading=\"lazy\" decoding=\"async\" width=\"1200\" height=\"801\" src=\"https:\/\/ialeman.cl\/wp-content\/uploads\/2026\/06\/Campeones-Voleibol-Instituto-Aleman-de-Puerto-Montt-2026_0003_DSC_8274.jpg\" class=\"attachment-full size-full\" alt=\"\" srcset=\"https:\/\/ialeman.cl\/wp-content\/uploads\/2026\/06\/Campeones-Voleibol-Instituto-Aleman-de-Puerto-Montt-2026_0003_DSC_8274.jpg 1200w, https:\/\/ialeman.cl\/wp-content\/uploads\/2026\/06\/Campeones-Voleibol-Instituto-Aleman-de-Puerto-Montt-2026_0003_DSC_8274-300x200.jpg 300w, https:\/\/ialeman.cl\/wp-content\/uploads\/2026\/06\/Campeones-Voleibol-Instituto-Aleman-de-Puerto-Montt-2026_0003_DSC_8274-1024x684.jpg 1024w, https:\/\/ialeman.cl\/wp-content\/uploads\/2026\/06\/Campeones-Voleibol-Instituto-Aleman-de-Puerto-Montt-2026_0003_DSC_8274-768x513.jpg 768w\" sizes=\"(max-width: 1200px) 100vw, 1200px\" \/><\/a>\n\t\t\t<\/div><\/figure><figure class='gallery-item'>\n\t\t\t<div class='gallery-icon landscape'>\n\t\t\t\t<a data-elementor-open-lightbox=\"yes\" data-elementor-lightbox-slideshow=\"5f17f64\" data-elementor-lightbox-title=\"Campeones V\u00f3leibol Instituto Alem\u00e1n de Puerto Montt 2026_0007_DSC_8486\" data-e-action-hash=\"#elementor-action%3Aaction%3Dlightbox%26settings%3DeyJpZCI6NTc2MjQsInVybCI6Imh0dHBzOlwvXC9pYWxlbWFuLmNsXC93cC1jb250ZW50XC91cGxvYWRzXC8yMDI2XC8wNlwvQ2FtcGVvbmVzLVZvbGVpYm9sLUluc3RpdHV0by1BbGVtYW4tZGUtUHVlcnRvLU1vbnR0LTIwMjZfMDAwN19EU0NfODQ4Ni5qcGciLCJzbGlkZXNob3ciOiI1ZjE3ZjY0In0%3D\" href='https:\/\/ialeman.cl\/wp-content\/uploads\/2026\/06\/Campeones-Voleibol-Instituto-Aleman-de-Puerto-Montt-2026_0007_DSC_8486.jpg'><img loading=\"lazy\" decoding=\"async\" width=\"1200\" height=\"801\" src=\"https:\/\/ialeman.cl\/wp-content\/uploads\/2026\/06\/Campeones-Voleibol-Instituto-Aleman-de-Puerto-Montt-2026_0007_DSC_8486.jpg\" class=\"attachment-full size-full\" alt=\"\" srcset=\"https:\/\/ialeman.cl\/wp-content\/uploads\/2026\/06\/Campeones-Voleibol-Instituto-Aleman-de-Puerto-Montt-2026_0007_DSC_8486.jpg 1200w, https:\/\/ialeman.cl\/wp-content\/uploads\/2026\/06\/Campeones-Voleibol-Instituto-Aleman-de-Puerto-Montt-2026_0007_DSC_8486-300x200.jpg 300w, https:\/\/ialeman.cl\/wp-content\/uploads\/2026\/06\/Campeones-Voleibol-Instituto-Aleman-de-Puerto-Montt-2026_0007_DSC_8486-1024x684.jpg 1024w, https:\/\/ialeman.cl\/wp-content\/uploads\/2026\/06\/Campeones-Voleibol-Instituto-Aleman-de-Puerto-Montt-2026_0007_DSC_8486-768x513.jpg 768w\" sizes=\"(max-width: 1200px) 100vw, 1200px\" \/><\/a>\n\t\t\t<\/div><\/figure><figure class='gallery-item'>\n\t\t\t<div class='gallery-icon landscape'>\n\t\t\t\t<a data-elementor-open-lightbox=\"yes\" data-elementor-lightbox-slideshow=\"5f17f64\" data-elementor-lightbox-title=\"Campeones V\u00f3leibol Instituto Alem\u00e1n de Puerto Montt 2026_0012_DSC_7820\" data-e-action-hash=\"#elementor-action%3Aaction%3Dlightbox%26settings%3DeyJpZCI6NTc2MjksInVybCI6Imh0dHBzOlwvXC9pYWxlbWFuLmNsXC93cC1jb250ZW50XC91cGxvYWRzXC8yMDI2XC8wNlwvQ2FtcGVvbmVzLVZvbGVpYm9sLUluc3RpdHV0by1BbGVtYW4tZGUtUHVlcnRvLU1vbnR0LTIwMjZfMDAxMl9EU0NfNzgyMC5qcGciLCJzbGlkZXNob3ciOiI1ZjE3ZjY0In0%3D\" href='https:\/\/ialeman.cl\/wp-content\/uploads\/2026\/06\/Campeones-Voleibol-Instituto-Aleman-de-Puerto-Montt-2026_0012_DSC_7820.jpg'><img loading=\"lazy\" decoding=\"async\" width=\"1200\" height=\"801\" src=\"https:\/\/ialeman.cl\/wp-content\/uploads\/2026\/06\/Campeones-Voleibol-Instituto-Aleman-de-Puerto-Montt-2026_0012_DSC_7820.jpg\" class=\"attachment-full size-full\" alt=\"\" srcset=\"https:\/\/ialeman.cl\/wp-content\/uploads\/2026\/06\/Campeones-Voleibol-Instituto-Aleman-de-Puerto-Montt-2026_0012_DSC_7820.jpg 1200w, https:\/\/ialeman.cl\/wp-content\/uploads\/2026\/06\/Campeones-Voleibol-Instituto-Aleman-de-Puerto-Montt-2026_0012_DSC_7820-300x200.jpg 300w, https:\/\/ialeman.cl\/wp-content\/uploads\/2026\/06\/Campeones-Voleibol-Instituto-Aleman-de-Puerto-Montt-2026_0012_DSC_7820-1024x684.jpg 1024w, https:\/\/ialeman.cl\/wp-content\/uploads\/2026\/06\/Campeones-Voleibol-Instituto-Aleman-de-Puerto-Montt-2026_0012_DSC_7820-768x513.jpg 768w\" sizes=\"(max-width: 1200px) 100vw, 1200px\" \/><\/a>\n\t\t\t<\/div><\/figure><figure class='gallery-item'>\n\t\t\t<div class='gallery-icon landscape'>\n\t\t\t\t<a data-elementor-open-lightbox=\"yes\" data-elementor-lightbox-slideshow=\"5f17f64\" data-elementor-lightbox-title=\"Campeones V\u00f3leibol Instituto Alem\u00e1n de Puerto Montt 2026_0023_DSC_7817\" data-e-action-hash=\"#elementor-action%3Aaction%3Dlightbox%26settings%3DeyJpZCI6NTc2NDAsInVybCI6Imh0dHBzOlwvXC9pYWxlbWFuLmNsXC93cC1jb250ZW50XC91cGxvYWRzXC8yMDI2XC8wNlwvQ2FtcGVvbmVzLVZvbGVpYm9sLUluc3RpdHV0by1BbGVtYW4tZGUtUHVlcnRvLU1vbnR0LTIwMjZfMDAyM19EU0NfNzgxNy5qcGciLCJzbGlkZXNob3ciOiI1ZjE3ZjY0In0%3D\" href='https:\/\/ialeman.cl\/wp-content\/uploads\/2026\/06\/Campeones-Voleibol-Instituto-Aleman-de-Puerto-Montt-2026_0023_DSC_7817.jpg'><img loading=\"lazy\" decoding=\"async\" width=\"1200\" height=\"801\" src=\"https:\/\/ialeman.cl\/wp-content\/uploads\/2026\/06\/Campeones-Voleibol-Instituto-Aleman-de-Puerto-Montt-2026_0023_DSC_7817.jpg\" class=\"attachment-full size-full\" alt=\"\" srcset=\"https:\/\/ialeman.cl\/wp-content\/uploads\/2026\/06\/Campeones-Voleibol-Instituto-Aleman-de-Puerto-Montt-2026_0023_DSC_7817.jpg 1200w, https:\/\/ialeman.cl\/wp-content\/uploads\/2026\/06\/Campeones-Voleibol-Instituto-Aleman-de-Puerto-Montt-2026_0023_DSC_7817-300x200.jpg 300w, https:\/\/ialeman.cl\/wp-content\/uploads\/2026\/06\/Campeones-Voleibol-Instituto-Aleman-de-Puerto-Montt-2026_0023_DSC_7817-1024x684.jpg 1024w, https:\/\/ialeman.cl\/wp-content\/uploads\/2026\/06\/Campeones-Voleibol-Instituto-Aleman-de-Puerto-Montt-2026_0023_DSC_7817-768x513.jpg 768w\" sizes=\"(max-width: 1200px) 100vw, 1200px\" \/><\/a>\n\t\t\t<\/div><\/figure><figure class='gallery-item'>\n\t\t\t<div class='gallery-icon landscape'>\n\t\t\t\t<a data-elementor-open-lightbox=\"yes\" data-elementor-lightbox-slideshow=\"5f17f64\" data-elementor-lightbox-title=\"Campeones V\u00f3leibol Instituto Alem\u00e1n de Puerto Montt 2026_0020_DSC_7885\" data-e-action-hash=\"#elementor-action%3Aaction%3Dlightbox%26settings%3DeyJpZCI6NTc2MzcsInVybCI6Imh0dHBzOlwvXC9pYWxlbWFuLmNsXC93cC1jb250ZW50XC91cGxvYWRzXC8yMDI2XC8wNlwvQ2FtcGVvbmVzLVZvbGVpYm9sLUluc3RpdHV0by1BbGVtYW4tZGUtUHVlcnRvLU1vbnR0LTIwMjZfMDAyMF9EU0NfNzg4NS5qcGciLCJzbGlkZXNob3ciOiI1ZjE3ZjY0In0%3D\" href='https:\/\/ialeman.cl\/wp-content\/uploads\/2026\/06\/Campeones-Voleibol-Instituto-Aleman-de-Puerto-Montt-2026_0020_DSC_7885.jpg'><img loading=\"lazy\" decoding=\"async\" width=\"1200\" height=\"801\" src=\"https:\/\/ialeman.cl\/wp-content\/uploads\/2026\/06\/Campeones-Voleibol-Instituto-Aleman-de-Puerto-Montt-2026_0020_DSC_7885.jpg\" class=\"attachment-full size-full\" alt=\"\" srcset=\"https:\/\/ialeman.cl\/wp-content\/uploads\/2026\/06\/Campeones-Voleibol-Instituto-Aleman-de-Puerto-Montt-2026_0020_DSC_7885.jpg 1200w, https:\/\/ialeman.cl\/wp-content\/uploads\/2026\/06\/Campeones-Voleibol-Instituto-Aleman-de-Puerto-Montt-2026_0020_DSC_7885-300x200.jpg 300w, https:\/\/ialeman.cl\/wp-content\/uploads\/2026\/06\/Campeones-Voleibol-Instituto-Aleman-de-Puerto-Montt-2026_0020_DSC_7885-1024x684.jpg 1024w, https:\/\/ialeman.cl\/wp-content\/uploads\/2026\/06\/Campeones-Voleibol-Instituto-Aleman-de-Puerto-Montt-2026_0020_DSC_7885-768x513.jpg 768w\" sizes=\"(max-width: 1200px) 100vw, 1200px\" \/><\/a>\n\t\t\t<\/div><\/figure><figure class='gallery-item'>\n\t\t\t<div class='gallery-icon landscape'>\n\t\t\t\t<a data-elementor-open-lightbox=\"yes\" data-elementor-lightbox-slideshow=\"5f17f64\" data-elementor-lightbox-title=\"Campeones V\u00f3leibol Instituto Alem\u00e1n de Puerto Montt 2026_0004_DSC_8557\" data-e-action-hash=\"#elementor-action%3Aaction%3Dlightbox%26settings%3DeyJpZCI6NTc2MjEsInVybCI6Imh0dHBzOlwvXC9pYWxlbWFuLmNsXC93cC1jb250ZW50XC91cGxvYWRzXC8yMDI2XC8wNlwvQ2FtcGVvbmVzLVZvbGVpYm9sLUluc3RpdHV0by1BbGVtYW4tZGUtUHVlcnRvLU1vbnR0LTIwMjZfMDAwNF9EU0NfODU1Ny5qcGciLCJzbGlkZXNob3ciOiI1ZjE3ZjY0In0%3D\" href='https:\/\/ialeman.cl\/wp-content\/uploads\/2026\/06\/Campeones-Voleibol-Instituto-Aleman-de-Puerto-Montt-2026_0004_DSC_8557.jpg'><img loading=\"lazy\" decoding=\"async\" width=\"1200\" height=\"801\" src=\"https:\/\/ialeman.cl\/wp-content\/uploads\/2026\/06\/Campeones-Voleibol-Instituto-Aleman-de-Puerto-Montt-2026_0004_DSC_8557.jpg\" class=\"attachment-full size-full\" alt=\"\" srcset=\"https:\/\/ialeman.cl\/wp-content\/uploads\/2026\/06\/Campeones-Voleibol-Instituto-Aleman-de-Puerto-Montt-2026_0004_DSC_8557.jpg 1200w, https:\/\/ialeman.cl\/wp-content\/uploads\/2026\/06\/Campeones-Voleibol-Instituto-Aleman-de-Puerto-Montt-2026_0004_DSC_8557-300x200.jpg 300w, https:\/\/ialeman.cl\/wp-content\/uploads\/2026\/06\/Campeones-Voleibol-Instituto-Aleman-de-Puerto-Montt-2026_0004_DSC_8557-1024x684.jpg 1024w, https:\/\/ialeman.cl\/wp-content\/uploads\/2026\/06\/Campeones-Voleibol-Instituto-Aleman-de-Puerto-Montt-2026_0004_DSC_8557-768x513.jpg 768w\" sizes=\"(max-width: 1200px) 100vw, 1200px\" \/><\/a>\n\t\t\t<\/div><\/figure><figure class='gallery-item'>\n\t\t\t<div class='gallery-icon landscape'>\n\t\t\t\t<a data-elementor-open-lightbox=\"yes\" data-elementor-lightbox-slideshow=\"5f17f64\" data-elementor-lightbox-title=\"Campeones V\u00f3leibol Instituto Alem\u00e1n de Puerto Montt 2026_0005_DSC_8539\" data-e-action-hash=\"#elementor-action%3Aaction%3Dlightbox%26settings%3DeyJpZCI6NTc2MjIsInVybCI6Imh0dHBzOlwvXC9pYWxlbWFuLmNsXC93cC1jb250ZW50XC91cGxvYWRzXC8yMDI2XC8wNlwvQ2FtcGVvbmVzLVZvbGVpYm9sLUluc3RpdHV0by1BbGVtYW4tZGUtUHVlcnRvLU1vbnR0LTIwMjZfMDAwNV9EU0NfODUzOS5qcGciLCJzbGlkZXNob3ciOiI1ZjE3ZjY0In0%3D\" href='https:\/\/ialeman.cl\/wp-content\/uploads\/2026\/06\/Campeones-Voleibol-Instituto-Aleman-de-Puerto-Montt-2026_0005_DSC_8539.jpg'><img loading=\"lazy\" decoding=\"async\" width=\"1200\" height=\"801\" src=\"https:\/\/ialeman.cl\/wp-content\/uploads\/2026\/06\/Campeones-Voleibol-Instituto-Aleman-de-Puerto-Montt-2026_0005_DSC_8539.jpg\" class=\"attachment-full size-full\" alt=\"\" srcset=\"https:\/\/ialeman.cl\/wp-content\/uploads\/2026\/06\/Campeones-Voleibol-Instituto-Aleman-de-Puerto-Montt-2026_0005_DSC_8539.jpg 1200w, https:\/\/ialeman.cl\/wp-content\/uploads\/2026\/06\/Campeones-Voleibol-Instituto-Aleman-de-Puerto-Montt-2026_0005_DSC_8539-300x200.jpg 300w, https:\/\/ialeman.cl\/wp-content\/uploads\/2026\/06\/Campeones-Voleibol-Instituto-Aleman-de-Puerto-Montt-2026_0005_DSC_8539-1024x684.jpg 1024w, https:\/\/ialeman.cl\/wp-content\/uploads\/2026\/06\/Campeones-Voleibol-Instituto-Aleman-de-Puerto-Montt-2026_0005_DSC_8539-768x513.jpg 768w\" sizes=\"(max-width: 1200px) 100vw, 1200px\" \/><\/a>\n\t\t\t<\/div><\/figure><figure class='gallery-item'>\n\t\t\t<div class='gallery-icon landscape'>\n\t\t\t\t<a data-elementor-open-lightbox=\"yes\" data-elementor-lightbox-slideshow=\"5f17f64\" data-elementor-lightbox-title=\"Campeones V\u00f3leibol Instituto Alem\u00e1n de Puerto Montt 2026_0006_DSC_8118\" data-e-action-hash=\"#elementor-action%3Aaction%3Dlightbox%26settings%3DeyJpZCI6NTc2MjMsInVybCI6Imh0dHBzOlwvXC9pYWxlbWFuLmNsXC93cC1jb250ZW50XC91cGxvYWRzXC8yMDI2XC8wNlwvQ2FtcGVvbmVzLVZvbGVpYm9sLUluc3RpdHV0by1BbGVtYW4tZGUtUHVlcnRvLU1vbnR0LTIwMjZfMDAwNl9EU0NfODExOC5qcGciLCJzbGlkZXNob3ciOiI1ZjE3ZjY0In0%3D\" href='https:\/\/ialeman.cl\/wp-content\/uploads\/2026\/06\/Campeones-Voleibol-Instituto-Aleman-de-Puerto-Montt-2026_0006_DSC_8118.jpg'><img loading=\"lazy\" decoding=\"async\" width=\"1200\" height=\"801\" src=\"https:\/\/ialeman.cl\/wp-content\/uploads\/2026\/06\/Campeones-Voleibol-Instituto-Aleman-de-Puerto-Montt-2026_0006_DSC_8118.jpg\" class=\"attachment-full size-full\" alt=\"\" srcset=\"https:\/\/ialeman.cl\/wp-content\/uploads\/2026\/06\/Campeones-Voleibol-Instituto-Aleman-de-Puerto-Montt-2026_0006_DSC_8118.jpg 1200w, https:\/\/ialeman.cl\/wp-content\/uploads\/2026\/06\/Campeones-Voleibol-Instituto-Aleman-de-Puerto-Montt-2026_0006_DSC_8118-300x200.jpg 300w, https:\/\/ialeman.cl\/wp-content\/uploads\/2026\/06\/Campeones-Voleibol-Instituto-Aleman-de-Puerto-Montt-2026_0006_DSC_8118-1024x684.jpg 1024w, https:\/\/ialeman.cl\/wp-content\/uploads\/2026\/06\/Campeones-Voleibol-Instituto-Aleman-de-Puerto-Montt-2026_0006_DSC_8118-768x513.jpg 768w\" sizes=\"(max-width: 1200px) 100vw, 1200px\" \/><\/a>\n\t\t\t<\/div><\/figure><figure class='gallery-item'>\n\t\t\t<div class='gallery-icon landscape'>\n\t\t\t\t<a data-elementor-open-lightbox=\"yes\" data-elementor-lightbox-slideshow=\"5f17f64\" data-elementor-lightbox-title=\"Campeones V\u00f3leibol Instituto Alem\u00e1n de Puerto Montt 2026_0008_DSC_8243\" data-e-action-hash=\"#elementor-action%3Aaction%3Dlightbox%26settings%3DeyJpZCI6NTc2MjUsInVybCI6Imh0dHBzOlwvXC9pYWxlbWFuLmNsXC93cC1jb250ZW50XC91cGxvYWRzXC8yMDI2XC8wNlwvQ2FtcGVvbmVzLVZvbGVpYm9sLUluc3RpdHV0by1BbGVtYW4tZGUtUHVlcnRvLU1vbnR0LTIwMjZfMDAwOF9EU0NfODI0My5qcGciLCJzbGlkZXNob3ciOiI1ZjE3ZjY0In0%3D\" href='https:\/\/ialeman.cl\/wp-content\/uploads\/2026\/06\/Campeones-Voleibol-Instituto-Aleman-de-Puerto-Montt-2026_0008_DSC_8243.jpg'><img loading=\"lazy\" decoding=\"async\" width=\"1200\" height=\"801\" src=\"https:\/\/ialeman.cl\/wp-content\/uploads\/2026\/06\/Campeones-Voleibol-Instituto-Aleman-de-Puerto-Montt-2026_0008_DSC_8243.jpg\" class=\"attachment-full size-full\" alt=\"\" srcset=\"https:\/\/ialeman.cl\/wp-content\/uploads\/2026\/06\/Campeones-Voleibol-Instituto-Aleman-de-Puerto-Montt-2026_0008_DSC_8243.jpg 1200w, https:\/\/ialeman.cl\/wp-content\/uploads\/2026\/06\/Campeones-Voleibol-Instituto-Aleman-de-Puerto-Montt-2026_0008_DSC_8243-300x200.jpg 300w, https:\/\/ialeman.cl\/wp-content\/uploads\/2026\/06\/Campeones-Voleibol-Instituto-Aleman-de-Puerto-Montt-2026_0008_DSC_8243-1024x684.jpg 1024w, https:\/\/ialeman.cl\/wp-content\/uploads\/2026\/06\/Campeones-Voleibol-Instituto-Aleman-de-Puerto-Montt-2026_0008_DSC_8243-768x513.jpg 768w\" sizes=\"(max-width: 1200px) 100vw, 1200px\" \/><\/a>\n\t\t\t<\/div><\/figure><figure class='gallery-item'>\n\t\t\t<div class='gallery-icon landscape'>\n\t\t\t\t<a data-elementor-open-lightbox=\"yes\" data-elementor-lightbox-slideshow=\"5f17f64\" data-elementor-lightbox-title=\"Campeones V\u00f3leibol Instituto Alem\u00e1n de Puerto Montt 2026_0009_DSC_8101\" data-e-action-hash=\"#elementor-action%3Aaction%3Dlightbox%26settings%3DeyJpZCI6NTc2MjYsInVybCI6Imh0dHBzOlwvXC9pYWxlbWFuLmNsXC93cC1jb250ZW50XC91cGxvYWRzXC8yMDI2XC8wNlwvQ2FtcGVvbmVzLVZvbGVpYm9sLUluc3RpdHV0by1BbGVtYW4tZGUtUHVlcnRvLU1vbnR0LTIwMjZfMDAwOV9EU0NfODEwMS5qcGciLCJzbGlkZXNob3ciOiI1ZjE3ZjY0In0%3D\" href='https:\/\/ialeman.cl\/wp-content\/uploads\/2026\/06\/Campeones-Voleibol-Instituto-Aleman-de-Puerto-Montt-2026_0009_DSC_8101.jpg'><img loading=\"lazy\" decoding=\"async\" width=\"1200\" height=\"801\" src=\"https:\/\/ialeman.cl\/wp-content\/uploads\/2026\/06\/Campeones-Voleibol-Instituto-Aleman-de-Puerto-Montt-2026_0009_DSC_8101.jpg\" class=\"attachment-full size-full\" alt=\"\" srcset=\"https:\/\/ialeman.cl\/wp-content\/uploads\/2026\/06\/Campeones-Voleibol-Instituto-Aleman-de-Puerto-Montt-2026_0009_DSC_8101.jpg 1200w, https:\/\/ialeman.cl\/wp-content\/uploads\/2026\/06\/Campeones-Voleibol-Instituto-Aleman-de-Puerto-Montt-2026_0009_DSC_8101-300x200.jpg 300w, https:\/\/ialeman.cl\/wp-content\/uploads\/2026\/06\/Campeones-Voleibol-Instituto-Aleman-de-Puerto-Montt-2026_0009_DSC_8101-1024x684.jpg 1024w, https:\/\/ialeman.cl\/wp-content\/uploads\/2026\/06\/Campeones-Voleibol-Instituto-Aleman-de-Puerto-Montt-2026_0009_DSC_8101-768x513.jpg 768w\" sizes=\"(max-width: 1200px) 100vw, 1200px\" \/><\/a>\n\t\t\t<\/div><\/figure><figure class='gallery-item'>\n\t\t\t<div class='gallery-icon landscape'>\n\t\t\t\t<a data-elementor-open-lightbox=\"yes\" data-elementor-lightbox-slideshow=\"5f17f64\" data-elementor-lightbox-title=\"Campeones V\u00f3leibol Instituto Alem\u00e1n de Puerto Montt 2026_0010_DSC_8198\" data-e-action-hash=\"#elementor-action%3Aaction%3Dlightbox%26settings%3DeyJpZCI6NTc2MjcsInVybCI6Imh0dHBzOlwvXC9pYWxlbWFuLmNsXC93cC1jb250ZW50XC91cGxvYWRzXC8yMDI2XC8wNlwvQ2FtcGVvbmVzLVZvbGVpYm9sLUluc3RpdHV0by1BbGVtYW4tZGUtUHVlcnRvLU1vbnR0LTIwMjZfMDAxMF9EU0NfODE5OC5qcGciLCJzbGlkZXNob3ciOiI1ZjE3ZjY0In0%3D\" href='https:\/\/ialeman.cl\/wp-content\/uploads\/2026\/06\/Campeones-Voleibol-Instituto-Aleman-de-Puerto-Montt-2026_0010_DSC_8198.jpg'><img loading=\"lazy\" decoding=\"async\" width=\"1200\" height=\"801\" src=\"https:\/\/ialeman.cl\/wp-content\/uploads\/2026\/06\/Campeones-Voleibol-Instituto-Aleman-de-Puerto-Montt-2026_0010_DSC_8198.jpg\" class=\"attachment-full size-full\" alt=\"\" srcset=\"https:\/\/ialeman.cl\/wp-content\/uploads\/2026\/06\/Campeones-Voleibol-Instituto-Aleman-de-Puerto-Montt-2026_0010_DSC_8198.jpg 1200w, https:\/\/ialeman.cl\/wp-content\/uploads\/2026\/06\/Campeones-Voleibol-Instituto-Aleman-de-Puerto-Montt-2026_0010_DSC_8198-300x200.jpg 300w, https:\/\/ialeman.cl\/wp-content\/uploads\/2026\/06\/Campeones-Voleibol-Instituto-Aleman-de-Puerto-Montt-2026_0010_DSC_8198-1024x684.jpg 1024w, https:\/\/ialeman.cl\/wp-content\/uploads\/2026\/06\/Campeones-Voleibol-Instituto-Aleman-de-Puerto-Montt-2026_0010_DSC_8198-768x513.jpg 768w\" sizes=\"(max-width: 1200px) 100vw, 1200px\" \/><\/a>\n\t\t\t<\/div><\/figure><figure class='gallery-item'>\n\t\t\t<div class='gallery-icon landscape'>\n\t\t\t\t<a data-elementor-open-lightbox=\"yes\" data-elementor-lightbox-slideshow=\"5f17f64\" data-elementor-lightbox-title=\"Campeones V\u00f3leibol Instituto Alem\u00e1n de Puerto Montt 2026_0024_DSC_7879\" data-e-action-hash=\"#elementor-action%3Aaction%3Dlightbox%26settings%3DeyJpZCI6NTc2NDEsInVybCI6Imh0dHBzOlwvXC9pYWxlbWFuLmNsXC93cC1jb250ZW50XC91cGxvYWRzXC8yMDI2XC8wNlwvQ2FtcGVvbmVzLVZvbGVpYm9sLUluc3RpdHV0by1BbGVtYW4tZGUtUHVlcnRvLU1vbnR0LTIwMjZfMDAyNF9EU0NfNzg3OS5qcGciLCJzbGlkZXNob3ciOiI1ZjE3ZjY0In0%3D\" href='https:\/\/ialeman.cl\/wp-content\/uploads\/2026\/06\/Campeones-Voleibol-Instituto-Aleman-de-Puerto-Montt-2026_0024_DSC_7879.jpg'><img loading=\"lazy\" decoding=\"async\" width=\"1200\" height=\"801\" src=\"https:\/\/ialeman.cl\/wp-content\/uploads\/2026\/06\/Campeones-Voleibol-Instituto-Aleman-de-Puerto-Montt-2026_0024_DSC_7879.jpg\" class=\"attachment-full size-full\" alt=\"\" srcset=\"https:\/\/ialeman.cl\/wp-content\/uploads\/2026\/06\/Campeones-Voleibol-Instituto-Aleman-de-Puerto-Montt-2026_0024_DSC_7879.jpg 1200w, https:\/\/ialeman.cl\/wp-content\/uploads\/2026\/06\/Campeones-Voleibol-Instituto-Aleman-de-Puerto-Montt-2026_0024_DSC_7879-300x200.jpg 300w, https:\/\/ialeman.cl\/wp-content\/uploads\/2026\/06\/Campeones-Voleibol-Instituto-Aleman-de-Puerto-Montt-2026_0024_DSC_7879-1024x684.jpg 1024w, https:\/\/ialeman.cl\/wp-content\/uploads\/2026\/06\/Campeones-Voleibol-Instituto-Aleman-de-Puerto-Montt-2026_0024_DSC_7879-768x513.jpg 768w\" sizes=\"(max-width: 1200px) 100vw, 1200px\" \/><\/a>\n\t\t\t<\/div><\/figure><figure class='gallery-item'>\n\t\t\t<div class='gallery-icon landscape'>\n\t\t\t\t<a data-elementor-open-lightbox=\"yes\" data-elementor-lightbox-slideshow=\"5f17f64\" data-elementor-lightbox-title=\"Campeones V\u00f3leibol Instituto Alem\u00e1n de Puerto Montt 2026_0013_Curvas 1\" data-e-action-hash=\"#elementor-action%3Aaction%3Dlightbox%26settings%3DeyJpZCI6NTc2MzAsInVybCI6Imh0dHBzOlwvXC9pYWxlbWFuLmNsXC93cC1jb250ZW50XC91cGxvYWRzXC8yMDI2XC8wNlwvQ2FtcGVvbmVzLVZvbGVpYm9sLUluc3RpdHV0by1BbGVtYW4tZGUtUHVlcnRvLU1vbnR0LTIwMjZfMDAxM19DdXJ2YXMtMS5qcGciLCJzbGlkZXNob3ciOiI1ZjE3ZjY0In0%3D\" href='https:\/\/ialeman.cl\/wp-content\/uploads\/2026\/06\/Campeones-Voleibol-Instituto-Aleman-de-Puerto-Montt-2026_0013_Curvas-1.jpg'><img loading=\"lazy\" decoding=\"async\" width=\"1200\" height=\"801\" src=\"https:\/\/ialeman.cl\/wp-content\/uploads\/2026\/06\/Campeones-Voleibol-Instituto-Aleman-de-Puerto-Montt-2026_0013_Curvas-1.jpg\" class=\"attachment-full size-full\" alt=\"\" srcset=\"https:\/\/ialeman.cl\/wp-content\/uploads\/2026\/06\/Campeones-Voleibol-Instituto-Aleman-de-Puerto-Montt-2026_0013_Curvas-1.jpg 1200w, https:\/\/ialeman.cl\/wp-content\/uploads\/2026\/06\/Campeones-Voleibol-Instituto-Aleman-de-Puerto-Montt-2026_0013_Curvas-1-300x200.jpg 300w, https:\/\/ialeman.cl\/wp-content\/uploads\/2026\/06\/Campeones-Voleibol-Instituto-Aleman-de-Puerto-Montt-2026_0013_Curvas-1-1024x684.jpg 1024w, https:\/\/ialeman.cl\/wp-content\/uploads\/2026\/06\/Campeones-Voleibol-Instituto-Aleman-de-Puerto-Montt-2026_0013_Curvas-1-768x513.jpg 768w\" sizes=\"(max-width: 1200px) 100vw, 1200px\" \/><\/a>\n\t\t\t<\/div><\/figure><figure class='gallery-item'>\n\t\t\t<div class='gallery-icon landscape'>\n\t\t\t\t<a data-elementor-open-lightbox=\"yes\" data-elementor-lightbox-slideshow=\"5f17f64\" data-elementor-lightbox-title=\"Campeones V\u00f3leibol Instituto Alem\u00e1n de Puerto Montt 2026_0014_DSC_8054\" data-e-action-hash=\"#elementor-action%3Aaction%3Dlightbox%26settings%3DeyJpZCI6NTc2MzEsInVybCI6Imh0dHBzOlwvXC9pYWxlbWFuLmNsXC93cC1jb250ZW50XC91cGxvYWRzXC8yMDI2XC8wNlwvQ2FtcGVvbmVzLVZvbGVpYm9sLUluc3RpdHV0by1BbGVtYW4tZGUtUHVlcnRvLU1vbnR0LTIwMjZfMDAxNF9EU0NfODA1NC5qcGciLCJzbGlkZXNob3ciOiI1ZjE3ZjY0In0%3D\" href='https:\/\/ialeman.cl\/wp-content\/uploads\/2026\/06\/Campeones-Voleibol-Instituto-Aleman-de-Puerto-Montt-2026_0014_DSC_8054.jpg'><img loading=\"lazy\" decoding=\"async\" width=\"1200\" height=\"801\" src=\"https:\/\/ialeman.cl\/wp-content\/uploads\/2026\/06\/Campeones-Voleibol-Instituto-Aleman-de-Puerto-Montt-2026_0014_DSC_8054.jpg\" class=\"attachment-full size-full\" alt=\"\" srcset=\"https:\/\/ialeman.cl\/wp-content\/uploads\/2026\/06\/Campeones-Voleibol-Instituto-Aleman-de-Puerto-Montt-2026_0014_DSC_8054.jpg 1200w, https:\/\/ialeman.cl\/wp-content\/uploads\/2026\/06\/Campeones-Voleibol-Instituto-Aleman-de-Puerto-Montt-2026_0014_DSC_8054-300x200.jpg 300w, https:\/\/ialeman.cl\/wp-content\/uploads\/2026\/06\/Campeones-Voleibol-Instituto-Aleman-de-Puerto-Montt-2026_0014_DSC_8054-1024x684.jpg 1024w, https:\/\/ialeman.cl\/wp-content\/uploads\/2026\/06\/Campeones-Voleibol-Instituto-Aleman-de-Puerto-Montt-2026_0014_DSC_8054-768x513.jpg 768w\" sizes=\"(max-width: 1200px) 100vw, 1200px\" \/><\/a>\n\t\t\t<\/div><\/figure><figure class='gallery-item'>\n\t\t\t<div class='gallery-icon landscape'>\n\t\t\t\t<a data-elementor-open-lightbox=\"yes\" data-elementor-lightbox-slideshow=\"5f17f64\" data-elementor-lightbox-title=\"Campeones V\u00f3leibol Instituto Alem\u00e1n de Puerto Montt 2026_0022_DSC_7860\" data-e-action-hash=\"#elementor-action%3Aaction%3Dlightbox%26settings%3DeyJpZCI6NTc2MzksInVybCI6Imh0dHBzOlwvXC9pYWxlbWFuLmNsXC93cC1jb250ZW50XC91cGxvYWRzXC8yMDI2XC8wNlwvQ2FtcGVvbmVzLVZvbGVpYm9sLUluc3RpdHV0by1BbGVtYW4tZGUtUHVlcnRvLU1vbnR0LTIwMjZfMDAyMl9EU0NfNzg2MC5qcGciLCJzbGlkZXNob3ciOiI1ZjE3ZjY0In0%3D\" href='https:\/\/ialeman.cl\/wp-content\/uploads\/2026\/06\/Campeones-Voleibol-Instituto-Aleman-de-Puerto-Montt-2026_0022_DSC_7860.jpg'><img loading=\"lazy\" decoding=\"async\" width=\"1200\" height=\"801\" src=\"https:\/\/ialeman.cl\/wp-content\/uploads\/2026\/06\/Campeones-Voleibol-Instituto-Aleman-de-Puerto-Montt-2026_0022_DSC_7860.jpg\" class=\"attachment-full size-full\" alt=\"\" srcset=\"https:\/\/ialeman.cl\/wp-content\/uploads\/2026\/06\/Campeones-Voleibol-Instituto-Aleman-de-Puerto-Montt-2026_0022_DSC_7860.jpg 1200w, https:\/\/ialeman.cl\/wp-content\/uploads\/2026\/06\/Campeones-Voleibol-Instituto-Aleman-de-Puerto-Montt-2026_0022_DSC_7860-300x200.jpg 300w, https:\/\/ialeman.cl\/wp-content\/uploads\/2026\/06\/Campeones-Voleibol-Instituto-Aleman-de-Puerto-Montt-2026_0022_DSC_7860-1024x684.jpg 1024w, https:\/\/ialeman.cl\/wp-content\/uploads\/2026\/06\/Campeones-Voleibol-Instituto-Aleman-de-Puerto-Montt-2026_0022_DSC_7860-768x513.jpg 768w\" sizes=\"(max-width: 1200px) 100vw, 1200px\" \/><\/a>\n\t\t\t<\/div><\/figure><figure class='gallery-item'>\n\t\t\t<div class='gallery-icon landscape'>\n\t\t\t\t<a data-elementor-open-lightbox=\"yes\" data-elementor-lightbox-slideshow=\"5f17f64\" data-elementor-lightbox-title=\"Campeones V\u00f3leibol Instituto Alem\u00e1n de Puerto Montt 2026_0015_DSC_8053\" data-e-action-hash=\"#elementor-action%3Aaction%3Dlightbox%26settings%3DeyJpZCI6NTc2MzIsInVybCI6Imh0dHBzOlwvXC9pYWxlbWFuLmNsXC93cC1jb250ZW50XC91cGxvYWRzXC8yMDI2XC8wNlwvQ2FtcGVvbmVzLVZvbGVpYm9sLUluc3RpdHV0by1BbGVtYW4tZGUtUHVlcnRvLU1vbnR0LTIwMjZfMDAxNV9EU0NfODA1My5qcGciLCJzbGlkZXNob3ciOiI1ZjE3ZjY0In0%3D\" href='https:\/\/ialeman.cl\/wp-content\/uploads\/2026\/06\/Campeones-Voleibol-Instituto-Aleman-de-Puerto-Montt-2026_0015_DSC_8053.jpg'><img loading=\"lazy\" decoding=\"async\" width=\"1200\" height=\"801\" src=\"https:\/\/ialeman.cl\/wp-content\/uploads\/2026\/06\/Campeones-Voleibol-Instituto-Aleman-de-Puerto-Montt-2026_0015_DSC_8053.jpg\" class=\"attachment-full size-full\" alt=\"\" srcset=\"https:\/\/ialeman.cl\/wp-content\/uploads\/2026\/06\/Campeones-Voleibol-Instituto-Aleman-de-Puerto-Montt-2026_0015_DSC_8053.jpg 1200w, https:\/\/ialeman.cl\/wp-content\/uploads\/2026\/06\/Campeones-Voleibol-Instituto-Aleman-de-Puerto-Montt-2026_0015_DSC_8053-300x200.jpg 300w, https:\/\/ialeman.cl\/wp-content\/uploads\/2026\/06\/Campeones-Voleibol-Instituto-Aleman-de-Puerto-Montt-2026_0015_DSC_8053-1024x684.jpg 1024w, https:\/\/ialeman.cl\/wp-content\/uploads\/2026\/06\/Campeones-Voleibol-Instituto-Aleman-de-Puerto-Montt-2026_0015_DSC_8053-768x513.jpg 768w\" sizes=\"(max-width: 1200px) 100vw, 1200px\" \/><\/a>\n\t\t\t<\/div><\/figure><figure class='gallery-item'>\n\t\t\t<div class='gallery-icon landscape'>\n\t\t\t\t<a data-elementor-open-lightbox=\"yes\" data-elementor-lightbox-slideshow=\"5f17f64\" data-elementor-lightbox-title=\"Campeones V\u00f3leibol Instituto Alem\u00e1n de Puerto Montt 2026_0002_DSC_8276\" data-e-action-hash=\"#elementor-action%3Aaction%3Dlightbox%26settings%3DeyJpZCI6NTc2MTksInVybCI6Imh0dHBzOlwvXC9pYWxlbWFuLmNsXC93cC1jb250ZW50XC91cGxvYWRzXC8yMDI2XC8wNlwvQ2FtcGVvbmVzLVZvbGVpYm9sLUluc3RpdHV0by1BbGVtYW4tZGUtUHVlcnRvLU1vbnR0LTIwMjZfMDAwMl9EU0NfODI3Ni5qcGciLCJzbGlkZXNob3ciOiI1ZjE3ZjY0In0%3D\" href='https:\/\/ialeman.cl\/wp-content\/uploads\/2026\/06\/Campeones-Voleibol-Instituto-Aleman-de-Puerto-Montt-2026_0002_DSC_8276.jpg'><img loading=\"lazy\" decoding=\"async\" width=\"1200\" height=\"801\" src=\"https:\/\/ialeman.cl\/wp-content\/uploads\/2026\/06\/Campeones-Voleibol-Instituto-Aleman-de-Puerto-Montt-2026_0002_DSC_8276.jpg\" class=\"attachment-full size-full\" alt=\"\" srcset=\"https:\/\/ialeman.cl\/wp-content\/uploads\/2026\/06\/Campeones-Voleibol-Instituto-Aleman-de-Puerto-Montt-2026_0002_DSC_8276.jpg 1200w, https:\/\/ialeman.cl\/wp-content\/uploads\/2026\/06\/Campeones-Voleibol-Instituto-Aleman-de-Puerto-Montt-2026_0002_DSC_8276-300x200.jpg 300w, https:\/\/ialeman.cl\/wp-content\/uploads\/2026\/06\/Campeones-Voleibol-Instituto-Aleman-de-Puerto-Montt-2026_0002_DSC_8276-1024x684.jpg 1024w, https:\/\/ialeman.cl\/wp-content\/uploads\/2026\/06\/Campeones-Voleibol-Instituto-Aleman-de-Puerto-Montt-2026_0002_DSC_8276-768x513.jpg 768w\" sizes=\"(max-width: 1200px) 100vw, 1200px\" \/><\/a>\n\t\t\t<\/div><\/figure><figure class='gallery-item'>\n\t\t\t<div class='gallery-icon landscape'>\n\t\t\t\t<a data-elementor-open-lightbox=\"yes\" data-elementor-lightbox-slideshow=\"5f17f64\" data-elementor-lightbox-title=\"Campeones V\u00f3leibol Instituto Alem\u00e1n de Puerto Montt 2026_0021_DSC_7869\" data-e-action-hash=\"#elementor-action%3Aaction%3Dlightbox%26settings%3DeyJpZCI6NTc2MzgsInVybCI6Imh0dHBzOlwvXC9pYWxlbWFuLmNsXC93cC1jb250ZW50XC91cGxvYWRzXC8yMDI2XC8wNlwvQ2FtcGVvbmVzLVZvbGVpYm9sLUluc3RpdHV0by1BbGVtYW4tZGUtUHVlcnRvLU1vbnR0LTIwMjZfMDAyMV9EU0NfNzg2OS5qcGciLCJzbGlkZXNob3ciOiI1ZjE3ZjY0In0%3D\" href='https:\/\/ialeman.cl\/wp-content\/uploads\/2026\/06\/Campeones-Voleibol-Instituto-Aleman-de-Puerto-Montt-2026_0021_DSC_7869.jpg'><img loading=\"lazy\" decoding=\"async\" width=\"1200\" height=\"801\" src=\"https:\/\/ialeman.cl\/wp-content\/uploads\/2026\/06\/Campeones-Voleibol-Instituto-Aleman-de-Puerto-Montt-2026_0021_DSC_7869.jpg\" class=\"attachment-full size-full\" alt=\"\" srcset=\"https:\/\/ialeman.cl\/wp-content\/uploads\/2026\/06\/Campeones-Voleibol-Instituto-Aleman-de-Puerto-Montt-2026_0021_DSC_7869.jpg 1200w, https:\/\/ialeman.cl\/wp-content\/uploads\/2026\/06\/Campeones-Voleibol-Instituto-Aleman-de-Puerto-Montt-2026_0021_DSC_7869-300x200.jpg 300w, https:\/\/ialeman.cl\/wp-content\/uploads\/2026\/06\/Campeones-Voleibol-Instituto-Aleman-de-Puerto-Montt-2026_0021_DSC_7869-1024x684.jpg 1024w, https:\/\/ialeman.cl\/wp-content\/uploads\/2026\/06\/Campeones-Voleibol-Instituto-Aleman-de-Puerto-Montt-2026_0021_DSC_7869-768x513.jpg 768w\" sizes=\"(max-width: 1200px) 100vw, 1200px\" \/><\/a>\n\t\t\t<\/div><\/figure><figure class='gallery-item'>\n\t\t\t<div class='gallery-icon landscape'>\n\t\t\t\t<a data-elementor-open-lightbox=\"yes\" data-elementor-lightbox-slideshow=\"5f17f64\" data-elementor-lightbox-title=\"Campeones V\u00f3leibol Instituto Alem\u00e1n de Puerto Montt 2026_0026_DSC_7789\" data-e-action-hash=\"#elementor-action%3Aaction%3Dlightbox%26settings%3DeyJpZCI6NTc2NDMsInVybCI6Imh0dHBzOlwvXC9pYWxlbWFuLmNsXC93cC1jb250ZW50XC91cGxvYWRzXC8yMDI2XC8wNlwvQ2FtcGVvbmVzLVZvbGVpYm9sLUluc3RpdHV0by1BbGVtYW4tZGUtUHVlcnRvLU1vbnR0LTIwMjZfMDAyNl9EU0NfNzc4OS5qcGciLCJzbGlkZXNob3ciOiI1ZjE3ZjY0In0%3D\" href='https:\/\/ialeman.cl\/wp-content\/uploads\/2026\/06\/Campeones-Voleibol-Instituto-Aleman-de-Puerto-Montt-2026_0026_DSC_7789.jpg'><img loading=\"lazy\" decoding=\"async\" width=\"1200\" height=\"801\" src=\"https:\/\/ialeman.cl\/wp-content\/uploads\/2026\/06\/Campeones-Voleibol-Instituto-Aleman-de-Puerto-Montt-2026_0026_DSC_7789.jpg\" class=\"attachment-full size-full\" alt=\"\" srcset=\"https:\/\/ialeman.cl\/wp-content\/uploads\/2026\/06\/Campeones-Voleibol-Instituto-Aleman-de-Puerto-Montt-2026_0026_DSC_7789.jpg 1200w, https:\/\/ialeman.cl\/wp-content\/uploads\/2026\/06\/Campeones-Voleibol-Instituto-Aleman-de-Puerto-Montt-2026_0026_DSC_7789-300x200.jpg 300w, https:\/\/ialeman.cl\/wp-content\/uploads\/2026\/06\/Campeones-Voleibol-Instituto-Aleman-de-Puerto-Montt-2026_0026_DSC_7789-1024x684.jpg 1024w, https:\/\/ialeman.cl\/wp-content\/uploads\/2026\/06\/Campeones-Voleibol-Instituto-Aleman-de-Puerto-Montt-2026_0026_DSC_7789-768x513.jpg 768w\" sizes=\"(max-width: 1200px) 100vw, 1200px\" \/><\/a>\n\t\t\t<\/div><\/figure><figure class='gallery-item'>\n\t\t\t<div class='gallery-icon landscape'>\n\t\t\t\t<a data-elementor-open-lightbox=\"yes\" data-elementor-lightbox-slideshow=\"5f17f64\" data-elementor-lightbox-title=\"Campeones V\u00f3leibol Instituto Alem\u00e1n de Puerto Montt 2026_0018_DSC_7929\" data-e-action-hash=\"#elementor-action%3Aaction%3Dlightbox%26settings%3DeyJpZCI6NTc2MzUsInVybCI6Imh0dHBzOlwvXC9pYWxlbWFuLmNsXC93cC1jb250ZW50XC91cGxvYWRzXC8yMDI2XC8wNlwvQ2FtcGVvbmVzLVZvbGVpYm9sLUluc3RpdHV0by1BbGVtYW4tZGUtUHVlcnRvLU1vbnR0LTIwMjZfMDAxOF9EU0NfNzkyOS5qcGciLCJzbGlkZXNob3ciOiI1ZjE3ZjY0In0%3D\" href='https:\/\/ialeman.cl\/wp-content\/uploads\/2026\/06\/Campeones-Voleibol-Instituto-Aleman-de-Puerto-Montt-2026_0018_DSC_7929.jpg'><img loading=\"lazy\" decoding=\"async\" width=\"1200\" height=\"801\" src=\"https:\/\/ialeman.cl\/wp-content\/uploads\/2026\/06\/Campeones-Voleibol-Instituto-Aleman-de-Puerto-Montt-2026_0018_DSC_7929.jpg\" class=\"attachment-full size-full\" alt=\"\" srcset=\"https:\/\/ialeman.cl\/wp-content\/uploads\/2026\/06\/Campeones-Voleibol-Instituto-Aleman-de-Puerto-Montt-2026_0018_DSC_7929.jpg 1200w, https:\/\/ialeman.cl\/wp-content\/uploads\/2026\/06\/Campeones-Voleibol-Instituto-Aleman-de-Puerto-Montt-2026_0018_DSC_7929-300x200.jpg 300w, https:\/\/ialeman.cl\/wp-content\/uploads\/2026\/06\/Campeones-Voleibol-Instituto-Aleman-de-Puerto-Montt-2026_0018_DSC_7929-1024x684.jpg 1024w, https:\/\/ialeman.cl\/wp-content\/uploads\/2026\/06\/Campeones-Voleibol-Instituto-Aleman-de-Puerto-Montt-2026_0018_DSC_7929-768x513.jpg 768w\" sizes=\"(max-width: 1200px) 100vw, 1200px\" \/><\/a>\n\t\t\t<\/div><\/figure><figure class='gallery-item'>\n\t\t\t<div class='gallery-icon landscape'>\n\t\t\t\t<a data-elementor-open-lightbox=\"yes\" data-elementor-lightbox-slideshow=\"5f17f64\" data-elementor-lightbox-title=\"Campeones V\u00f3leibol Instituto Alem\u00e1n de Puerto Montt 2026_0019_DSC_7923\" data-e-action-hash=\"#elementor-action%3Aaction%3Dlightbox%26settings%3DeyJpZCI6NTc2MzYsInVybCI6Imh0dHBzOlwvXC9pYWxlbWFuLmNsXC93cC1jb250ZW50XC91cGxvYWRzXC8yMDI2XC8wNlwvQ2FtcGVvbmVzLVZvbGVpYm9sLUluc3RpdHV0by1BbGVtYW4tZGUtUHVlcnRvLU1vbnR0LTIwMjZfMDAxOV9EU0NfNzkyMy5qcGciLCJzbGlkZXNob3ciOiI1ZjE3ZjY0In0%3D\" href='https:\/\/ialeman.cl\/wp-content\/uploads\/2026\/06\/Campeones-Voleibol-Instituto-Aleman-de-Puerto-Montt-2026_0019_DSC_7923.jpg'><img loading=\"lazy\" decoding=\"async\" width=\"1200\" height=\"801\" src=\"https:\/\/ialeman.cl\/wp-content\/uploads\/2026\/06\/Campeones-Voleibol-Instituto-Aleman-de-Puerto-Montt-2026_0019_DSC_7923.jpg\" class=\"attachment-full size-full\" alt=\"\" srcset=\"https:\/\/ialeman.cl\/wp-content\/uploads\/2026\/06\/Campeones-Voleibol-Instituto-Aleman-de-Puerto-Montt-2026_0019_DSC_7923.jpg 1200w, https:\/\/ialeman.cl\/wp-content\/uploads\/2026\/06\/Campeones-Voleibol-Instituto-Aleman-de-Puerto-Montt-2026_0019_DSC_7923-300x200.jpg 300w, https:\/\/ialeman.cl\/wp-content\/uploads\/2026\/06\/Campeones-Voleibol-Instituto-Aleman-de-Puerto-Montt-2026_0019_DSC_7923-1024x684.jpg 1024w, https:\/\/ialeman.cl\/wp-content\/uploads\/2026\/06\/Campeones-Voleibol-Instituto-Aleman-de-Puerto-Montt-2026_0019_DSC_7923-768x513.jpg 768w\" sizes=\"(max-width: 1200px) 100vw, 1200px\" \/><\/a>\n\t\t\t<\/div><\/figure>\n\t\t<\/div>\n\t\t<\/div>\n\t\t\t\t\t\t<\/div>\n\t\t\t\t<\/div>\n\t\t\t\t\t<\/div>\n\t\t<\/div>\n\t\t\t\t\t<\/div>\n\t\t<\/section>\n\t\t\t\t<\/div>\n\t\t","protected":false},"excerpt":{"rendered":"<p>V\u00f3leibol U14: Campeones comunales y grandes protagonistas La selecci\u00f3n de varones U14 del Instituto Alem\u00e1n de Puerto Montt se consagr\u00f3 campe\u00f3n comunal de v\u00f3leibol, mientras que la selecci\u00f3n de damas obtuvo un destacado segundo lugar, consolidando una sobresaliente participaci\u00f3n en la competencia. El logro es reflejo del compromiso, la disciplina y el trabajo en equipo [&hellip;]<\/p>\n","protected":false},"author":1,"featured_media":57615,"comment_status":"closed","ping_status":"","sticky":false,"template":"","format":"standard","meta":{"site-sidebar-layout":"default","site-content-layout":"","ast-site-content-layout":"default","site-content-style":"default","site-sidebar-style":"default","ast-global-header-display":"","ast-banner-title-visibility":"","ast-main-header-display":"","ast-hfb-above-header-display":"","ast-hfb-below-header-display":"","ast-hfb-mobile-header-display":"","site-post-title":"","ast-breadcrumbs-content":"","ast-featured-img":"disabled","footer-sml-layout":"","ast-disable-related-posts":"","theme-transparent-header-meta":"","adv-header-id-meta":"","stick-header-meta":"","header-above-stick-meta":"","header-main-stick-meta":"","header-below-stick-meta":"","astra-migrate-meta-layouts":"set","ast-page-background-enabled":"default","ast-page-background-meta":{"desktop":{"background-color":"var(--ast-global-color-4)","background-image":"","background-repeat":"repeat","background-position":"center center","background-size":"auto","background-attachment":"scroll","background-type":"","background-media":"","overlay-type":"","overlay-color":"","overlay-opacity":"","overlay-gradient":""},"tablet":{"background-color":"","background-image":"","background-repeat":"repeat","background-position":"center center","background-size":"auto","background-attachment":"scroll","background-type":"","background-media":"","overlay-type":"","overlay-color":"","overlay-opacity":"","overlay-gradient":""},"mobile":{"background-color":"","background-image":"","background-repeat":"repeat","background-position":"center center","background-size":"auto","background-attachment":"scroll","background-type":"","background-media":"","overlay-type":"","overlay-color":"","overlay-opacity":"","overlay-gradient":""}},"ast-content-background-meta":{"desktop":{"background-color":"var(--ast-global-color-5)","background-image":"","background-repeat":"repeat","background-position":"center center","background-size":"auto","background-attachment":"scroll","background-type":"","background-media":"","overlay-type":"","overlay-color":"","overlay-opacity":"","overlay-gradient":""},"tablet":{"background-color":"var(--ast-global-color-5)","background-image":"","background-repeat":"repeat","background-position":"center center","background-size":"auto","background-attachment":"scroll","background-type":"","background-media":"","overlay-type":"","overlay-color":"","overlay-opacity":"","overlay-gradient":""},"mobile":{"background-color":"var(--ast-global-color-5)","background-image":"","background-repeat":"repeat","background-position":"center center","background-size":"auto","background-attachment":"scroll","background-type":"","background-media":"","overlay-type":"","overlay-color":"","overlay-opacity":"","overlay-gradient":""}},"advanced_seo_description":"Explora las \u00faltimas tendencias y t\u00e9cnicas en SEO para mejorar la visibilidad de tu sitio web y atraer m\u00e1s tr\u00e1fico org\u00e1nico.","jetpack_seo_html_title":"Mejores Pr\u00e1cticas SEO para Aumentar tu Visibilidad Online","jetpack_seo_noindex":false,"jetpack_seo_schema_type":"","_jetpack_newsletter_access":"","_jetpack_dont_email_post_to_subs":false,"_jetpack_newsletter_tier_id":0,"_jetpack_memberships_contains_paywalled_content":false,"_wpcom_ai_launchpad_first_post":false,"_jetpack_feature_clip_id":0,"_jetpack_memberships_contains_paid_content":false,"footnotes":"","jetpack_post_was_ever_published":false},"categories":[10],"tags":[],"class_list":["post-57614","post","type-post","status-publish","format-standard","has-post-thumbnail","hentry","category-noticias"],"jetpack_shortlink":"https:\/\/wp.me\/ph8I5c-eZg","jetpack_sharing_enabled":true,"jetpack_featured_media_url":"https:\/\/ialeman.cl\/wp-content\/uploads\/2026\/06\/Campeones-Voleibol-Instituto-Aleman-de-Puerto-Montt-2026_0017_DSC_8040.jpg","_links":{"self":[{"href":"https:\/\/ialeman.cl\/index.php\/wp-json\/wp\/v2\/posts\/57614","targetHints":{"allow":["GET"]}}],"collection":[{"href":"https:\/\/ialeman.cl\/index.php\/wp-json\/wp\/v2\/posts"}],"about":[{"href":"https:\/\/ialeman.cl\/index.php\/wp-json\/wp\/v2\/types\/post"}],"author":[{"embeddable":true,"href":"https:\/\/ialeman.cl\/index.php\/wp-json\/wp\/v2\/users\/1"}],"replies":[{"embeddable":true,"href":"https:\/\/ialeman.cl\/index.php\/wp-json\/wp\/v2\/comments?post=57614"}],"version-history":[{"count":8,"href":"https:\/\/ialeman.cl\/index.php\/wp-json\/wp\/v2\/posts\/57614\/revisions"}],"predecessor-version":[{"id":57651,"href":"https:\/\/ialeman.cl\/index.php\/wp-json\/wp\/v2\/posts\/57614\/revisions\/57651"}],"wp:featuredmedia":[{"embeddable":true,"href":"https:\/\/ialeman.cl\/index.php\/wp-json\/wp\/v2\/media\/57615"}],"wp:attachment":[{"href":"https:\/\/ialeman.cl\/index.php\/wp-json\/wp\/v2\/media?parent=57614"}],"wp:term":[{"taxonomy":"category","embeddable":true,"href":"https:\/\/ialeman.cl\/index.php\/wp-json\/wp\/v2\/categories?post=57614"},{"taxonomy":"post_tag","embeddable":true,"href":"https:\/\/ialeman.cl\/index.php\/wp-json\/wp\/v2\/tags?post=57614"}],"curies":[{"name":"wp","href":"https:\/\/api.w.org\/{rel}","templated":true}]}}