{"id":55526,"date":"2026-04-28T15:43:26","date_gmt":"2026-04-28T19:43:26","guid":{"rendered":"https:\/\/ialeman.cl\/?p=55526"},"modified":"2026-04-28T15:48:13","modified_gmt":"2026-04-28T19:48:13","slug":"responsabilidad-penal-adolescente","status":"publish","type":"post","link":"https:\/\/ialeman.cl\/index.php\/responsabilidad-penal-adolescente\/","title":{"rendered":"Responsabilidad Penal Adolescente"},"content":{"rendered":"\t\t<div data-elementor-type=\"wp-post\" data-elementor-id=\"55526\" class=\"elementor elementor-55526\">\n\t\t\t\t\t\t<section class=\"elementor-section elementor-top-section elementor-element elementor-element-6738446 elementor-section-boxed elementor-section-height-default elementor-section-height-default\" data-id=\"6738446\" data-element_type=\"section\" data-e-type=\"section\">\n\t\t\t\t\t\t<div class=\"elementor-container elementor-column-gap-default\">\n\t\t\t\t\t<div class=\"elementor-column elementor-col-100 elementor-top-column elementor-element elementor-element-e167086\" data-id=\"e167086\" data-element_type=\"column\" data-e-type=\"column\">\n\t\t\t<div class=\"elementor-widget-wrap elementor-element-populated\">\n\t\t\t\t\t\t<div class=\"elementor-element elementor-element-8e7ff9e elementor-widget elementor-widget-heading\" data-id=\"8e7ff9e\" data-element_type=\"widget\" data-e-type=\"widget\" data-widget_type=\"heading.default\">\n\t\t\t\t<div class=\"elementor-widget-container\">\n\t\t\t\t\t<h2 class=\"elementor-heading-title elementor-size-default\">Estudiantes participaron en charla sobre Ley de Responsabilidad Penal Adolescente\n<\/h2>\t\t\t\t<\/div>\n\t\t\t\t<\/div>\n\t\t\t\t\t<\/div>\n\t\t<\/div>\n\t\t\t\t\t<\/div>\n\t\t<\/section>\n\t\t\t\t<section class=\"elementor-section elementor-top-section elementor-element elementor-element-72cc146 elementor-section-boxed elementor-section-height-default elementor-section-height-default\" data-id=\"72cc146\" data-element_type=\"section\" data-e-type=\"section\">\n\t\t\t\t\t\t<div class=\"elementor-container elementor-column-gap-default\">\n\t\t\t\t\t<div class=\"elementor-column elementor-col-100 elementor-top-column elementor-element elementor-element-ba9896b\" data-id=\"ba9896b\" data-element_type=\"column\" data-e-type=\"column\">\n\t\t\t<div class=\"elementor-widget-wrap elementor-element-populated\">\n\t\t\t\t\t\t<div class=\"elementor-element elementor-element-442521c elementor-widget elementor-widget-heading\" data-id=\"442521c\" data-element_type=\"widget\" data-e-type=\"widget\" data-widget_type=\"heading.default\">\n\t\t\t\t<div class=\"elementor-widget-container\">\n\t\t\t\t\t<h2 class=\"elementor-heading-title elementor-size-default\">Los alumnos de 8\u00b0 B\u00e1sico y II Medio participaron en una interesante charla sobre la Ley de Responsabilidad Penal Adolescente, desarrollada en el auditorio.<br><br>\n\nLa exposici\u00f3n fue dictada por el magistrado Sr. Jorge D\u00edaz Rojas, del Tribunal Oral en lo Penal de Puerto Montt, quien abord\u00f3 aspectos relevantes de esta normativa y su aplicaci\u00f3n.<br><br>\n\nLa actividad fue una valiosa instancia para conocer los alcances de esta legislaci\u00f3n, realizar preguntas y resolver inquietudes, fortaleciendo su formaci\u00f3n como ciudadanos responsables e informados.<\/h2>\t\t\t\t<\/div>\n\t\t\t\t<\/div>\n\t\t\t\t\t<\/div>\n\t\t<\/div>\n\t\t\t\t\t<\/div>\n\t\t<\/section>\n\t\t\t\t<section class=\"elementor-section elementor-top-section elementor-element elementor-element-b66bd14 elementor-section-boxed elementor-section-height-default elementor-section-height-default\" data-id=\"b66bd14\" data-element_type=\"section\" data-e-type=\"section\">\n\t\t\t\t\t\t<div class=\"elementor-container elementor-column-gap-default\">\n\t\t\t\t\t<div class=\"elementor-column elementor-col-100 elementor-top-column elementor-element elementor-element-648d5c6\" data-id=\"648d5c6\" data-element_type=\"column\" data-e-type=\"column\">\n\t\t\t<div class=\"elementor-widget-wrap elementor-element-populated\">\n\t\t\t\t\t\t<div class=\"elementor-element elementor-element-7525df2 gallery-spacing-custom elementor-widget elementor-widget-image-gallery\" data-id=\"7525df2\" data-element_type=\"widget\" data-e-type=\"widget\" data-widget_type=\"image-gallery.default\">\n\t\t\t\t<div class=\"elementor-widget-container\">\n\t\t\t\t\t\t\t<div class=\"elementor-image-gallery\">\n\t\t\t<div id='gallery-1' class='gallery galleryid-55526 gallery-columns-2 gallery-size-full'><figure class='gallery-item'>\n\t\t\t<div class='gallery-icon landscape'>\n\t\t\t\t<a data-elementor-open-lightbox=\"yes\" data-elementor-lightbox-slideshow=\"7525df2\" data-elementor-lightbox-title=\"RESPONSABILIDAD PENAL ADOLESCENTE_0000_Niveles 1\" data-e-action-hash=\"#elementor-action%3Aaction%3Dlightbox%26settings%3DeyJpZCI6NTU1MjksInVybCI6Imh0dHBzOlwvXC9pYWxlbWFuLmNsXC93cC1jb250ZW50XC91cGxvYWRzXC8yMDI2XC8wNFwvUkVTUE9OU0FCSUxJREFELVBFTkFMLUFET0xFU0NFTlRFXzAwMDBfTml2ZWxlcy0xLmpwZyIsInNsaWRlc2hvdyI6Ijc1MjVkZjIifQ%3D%3D\" href='https:\/\/ialeman.cl\/wp-content\/uploads\/2026\/04\/RESPONSABILIDAD-PENAL-ADOLESCENTE_0000_Niveles-1.jpg'><img fetchpriority=\"high\" decoding=\"async\" width=\"1200\" height=\"801\" src=\"https:\/\/ialeman.cl\/wp-content\/uploads\/2026\/04\/RESPONSABILIDAD-PENAL-ADOLESCENTE_0000_Niveles-1.jpg\" class=\"attachment-full size-full\" alt=\"\" srcset=\"https:\/\/ialeman.cl\/wp-content\/uploads\/2026\/04\/RESPONSABILIDAD-PENAL-ADOLESCENTE_0000_Niveles-1.jpg 1200w, https:\/\/ialeman.cl\/wp-content\/uploads\/2026\/04\/RESPONSABILIDAD-PENAL-ADOLESCENTE_0000_Niveles-1-300x200.jpg 300w, https:\/\/ialeman.cl\/wp-content\/uploads\/2026\/04\/RESPONSABILIDAD-PENAL-ADOLESCENTE_0000_Niveles-1-1024x684.jpg 1024w, https:\/\/ialeman.cl\/wp-content\/uploads\/2026\/04\/RESPONSABILIDAD-PENAL-ADOLESCENTE_0000_Niveles-1-768x513.jpg 768w\" sizes=\"(max-width: 1200px) 100vw, 1200px\" \/><\/a>\n\t\t\t<\/div><\/figure><figure class='gallery-item'>\n\t\t\t<div class='gallery-icon landscape'>\n\t\t\t\t<a data-elementor-open-lightbox=\"yes\" data-elementor-lightbox-slideshow=\"7525df2\" data-elementor-lightbox-title=\"RESPONSABILIDAD PENAL ADOLESCENTE_0001_DSC_2894\" data-e-action-hash=\"#elementor-action%3Aaction%3Dlightbox%26settings%3DeyJpZCI6NTU1MzAsInVybCI6Imh0dHBzOlwvXC9pYWxlbWFuLmNsXC93cC1jb250ZW50XC91cGxvYWRzXC8yMDI2XC8wNFwvUkVTUE9OU0FCSUxJREFELVBFTkFMLUFET0xFU0NFTlRFXzAwMDFfRFNDXzI4OTQtMS5qcGciLCJzbGlkZXNob3ciOiI3NTI1ZGYyIn0%3D\" href='https:\/\/ialeman.cl\/wp-content\/uploads\/2026\/04\/RESPONSABILIDAD-PENAL-ADOLESCENTE_0001_DSC_2894-1.jpg'><img decoding=\"async\" width=\"1200\" height=\"801\" src=\"https:\/\/ialeman.cl\/wp-content\/uploads\/2026\/04\/RESPONSABILIDAD-PENAL-ADOLESCENTE_0001_DSC_2894-1.jpg\" class=\"attachment-full size-full\" alt=\"\" srcset=\"https:\/\/ialeman.cl\/wp-content\/uploads\/2026\/04\/RESPONSABILIDAD-PENAL-ADOLESCENTE_0001_DSC_2894-1.jpg 1200w, https:\/\/ialeman.cl\/wp-content\/uploads\/2026\/04\/RESPONSABILIDAD-PENAL-ADOLESCENTE_0001_DSC_2894-1-300x200.jpg 300w, https:\/\/ialeman.cl\/wp-content\/uploads\/2026\/04\/RESPONSABILIDAD-PENAL-ADOLESCENTE_0001_DSC_2894-1-1024x684.jpg 1024w, https:\/\/ialeman.cl\/wp-content\/uploads\/2026\/04\/RESPONSABILIDAD-PENAL-ADOLESCENTE_0001_DSC_2894-1-768x513.jpg 768w\" sizes=\"(max-width: 1200px) 100vw, 1200px\" \/><\/a>\n\t\t\t<\/div><\/figure><figure class='gallery-item'>\n\t\t\t<div class='gallery-icon landscape'>\n\t\t\t\t<a data-elementor-open-lightbox=\"yes\" data-elementor-lightbox-slideshow=\"7525df2\" data-elementor-lightbox-title=\"RESPONSABILIDAD PENAL ADOLESCENTE_0008_DSC_2830\" data-e-action-hash=\"#elementor-action%3Aaction%3Dlightbox%26settings%3DeyJpZCI6NTU1MzcsInVybCI6Imh0dHBzOlwvXC9pYWxlbWFuLmNsXC93cC1jb250ZW50XC91cGxvYWRzXC8yMDI2XC8wNFwvUkVTUE9OU0FCSUxJREFELVBFTkFMLUFET0xFU0NFTlRFXzAwMDhfRFNDXzI4MzAuanBnIiwic2xpZGVzaG93IjoiNzUyNWRmMiJ9\" href='https:\/\/ialeman.cl\/wp-content\/uploads\/2026\/04\/RESPONSABILIDAD-PENAL-ADOLESCENTE_0008_DSC_2830.jpg'><img decoding=\"async\" width=\"1200\" height=\"801\" src=\"https:\/\/ialeman.cl\/wp-content\/uploads\/2026\/04\/RESPONSABILIDAD-PENAL-ADOLESCENTE_0008_DSC_2830.jpg\" class=\"attachment-full size-full\" alt=\"\" srcset=\"https:\/\/ialeman.cl\/wp-content\/uploads\/2026\/04\/RESPONSABILIDAD-PENAL-ADOLESCENTE_0008_DSC_2830.jpg 1200w, https:\/\/ialeman.cl\/wp-content\/uploads\/2026\/04\/RESPONSABILIDAD-PENAL-ADOLESCENTE_0008_DSC_2830-300x200.jpg 300w, https:\/\/ialeman.cl\/wp-content\/uploads\/2026\/04\/RESPONSABILIDAD-PENAL-ADOLESCENTE_0008_DSC_2830-1024x684.jpg 1024w, https:\/\/ialeman.cl\/wp-content\/uploads\/2026\/04\/RESPONSABILIDAD-PENAL-ADOLESCENTE_0008_DSC_2830-768x513.jpg 768w\" sizes=\"(max-width: 1200px) 100vw, 1200px\" \/><\/a>\n\t\t\t<\/div><\/figure><figure class='gallery-item'>\n\t\t\t<div class='gallery-icon landscape'>\n\t\t\t\t<a data-elementor-open-lightbox=\"yes\" data-elementor-lightbox-slideshow=\"7525df2\" data-elementor-lightbox-title=\"RESPONSABILIDAD PENAL ADOLESCENTE_0007_DSC_2836\" data-e-action-hash=\"#elementor-action%3Aaction%3Dlightbox%26settings%3DeyJpZCI6NTU1MzYsInVybCI6Imh0dHBzOlwvXC9pYWxlbWFuLmNsXC93cC1jb250ZW50XC91cGxvYWRzXC8yMDI2XC8wNFwvUkVTUE9OU0FCSUxJREFELVBFTkFMLUFET0xFU0NFTlRFXzAwMDdfRFNDXzI4MzYuanBnIiwic2xpZGVzaG93IjoiNzUyNWRmMiJ9\" href='https:\/\/ialeman.cl\/wp-content\/uploads\/2026\/04\/RESPONSABILIDAD-PENAL-ADOLESCENTE_0007_DSC_2836.jpg'><img loading=\"lazy\" decoding=\"async\" width=\"1200\" height=\"801\" src=\"https:\/\/ialeman.cl\/wp-content\/uploads\/2026\/04\/RESPONSABILIDAD-PENAL-ADOLESCENTE_0007_DSC_2836.jpg\" class=\"attachment-full size-full\" alt=\"\" srcset=\"https:\/\/ialeman.cl\/wp-content\/uploads\/2026\/04\/RESPONSABILIDAD-PENAL-ADOLESCENTE_0007_DSC_2836.jpg 1200w, https:\/\/ialeman.cl\/wp-content\/uploads\/2026\/04\/RESPONSABILIDAD-PENAL-ADOLESCENTE_0007_DSC_2836-300x200.jpg 300w, https:\/\/ialeman.cl\/wp-content\/uploads\/2026\/04\/RESPONSABILIDAD-PENAL-ADOLESCENTE_0007_DSC_2836-1024x684.jpg 1024w, https:\/\/ialeman.cl\/wp-content\/uploads\/2026\/04\/RESPONSABILIDAD-PENAL-ADOLESCENTE_0007_DSC_2836-768x513.jpg 768w\" sizes=\"(max-width: 1200px) 100vw, 1200px\" \/><\/a>\n\t\t\t<\/div><\/figure><figure class='gallery-item'>\n\t\t\t<div class='gallery-icon landscape'>\n\t\t\t\t<a data-elementor-open-lightbox=\"yes\" data-elementor-lightbox-slideshow=\"7525df2\" data-elementor-lightbox-title=\"RESPONSABILIDAD PENAL ADOLESCENTE_0003_Niveles 3\" data-e-action-hash=\"#elementor-action%3Aaction%3Dlightbox%26settings%3DeyJpZCI6NTU1MzIsInVybCI6Imh0dHBzOlwvXC9pYWxlbWFuLmNsXC93cC1jb250ZW50XC91cGxvYWRzXC8yMDI2XC8wNFwvUkVTUE9OU0FCSUxJREFELVBFTkFMLUFET0xFU0NFTlRFXzAwMDNfTml2ZWxlcy0zLmpwZyIsInNsaWRlc2hvdyI6Ijc1MjVkZjIifQ%3D%3D\" href='https:\/\/ialeman.cl\/wp-content\/uploads\/2026\/04\/RESPONSABILIDAD-PENAL-ADOLESCENTE_0003_Niveles-3.jpg'><img loading=\"lazy\" decoding=\"async\" width=\"1200\" height=\"801\" src=\"https:\/\/ialeman.cl\/wp-content\/uploads\/2026\/04\/RESPONSABILIDAD-PENAL-ADOLESCENTE_0003_Niveles-3.jpg\" class=\"attachment-full size-full\" alt=\"\" srcset=\"https:\/\/ialeman.cl\/wp-content\/uploads\/2026\/04\/RESPONSABILIDAD-PENAL-ADOLESCENTE_0003_Niveles-3.jpg 1200w, https:\/\/ialeman.cl\/wp-content\/uploads\/2026\/04\/RESPONSABILIDAD-PENAL-ADOLESCENTE_0003_Niveles-3-300x200.jpg 300w, https:\/\/ialeman.cl\/wp-content\/uploads\/2026\/04\/RESPONSABILIDAD-PENAL-ADOLESCENTE_0003_Niveles-3-1024x684.jpg 1024w, https:\/\/ialeman.cl\/wp-content\/uploads\/2026\/04\/RESPONSABILIDAD-PENAL-ADOLESCENTE_0003_Niveles-3-768x513.jpg 768w\" sizes=\"(max-width: 1200px) 100vw, 1200px\" \/><\/a>\n\t\t\t<\/div><\/figure><figure class='gallery-item'>\n\t\t\t<div class='gallery-icon landscape'>\n\t\t\t\t<a data-elementor-open-lightbox=\"yes\" data-elementor-lightbox-slideshow=\"7525df2\" data-elementor-lightbox-title=\"RESPONSABILIDAD PENAL ADOLESCENTE_0011_DSC_2878\" data-e-action-hash=\"#elementor-action%3Aaction%3Dlightbox%26settings%3DeyJpZCI6NTU1NDAsInVybCI6Imh0dHBzOlwvXC9pYWxlbWFuLmNsXC93cC1jb250ZW50XC91cGxvYWRzXC8yMDI2XC8wNFwvUkVTUE9OU0FCSUxJREFELVBFTkFMLUFET0xFU0NFTlRFXzAwMTFfRFNDXzI4NzguanBnIiwic2xpZGVzaG93IjoiNzUyNWRmMiJ9\" href='https:\/\/ialeman.cl\/wp-content\/uploads\/2026\/04\/RESPONSABILIDAD-PENAL-ADOLESCENTE_0011_DSC_2878.jpg'><img loading=\"lazy\" decoding=\"async\" width=\"1200\" height=\"801\" src=\"https:\/\/ialeman.cl\/wp-content\/uploads\/2026\/04\/RESPONSABILIDAD-PENAL-ADOLESCENTE_0011_DSC_2878.jpg\" class=\"attachment-full size-full\" alt=\"\" srcset=\"https:\/\/ialeman.cl\/wp-content\/uploads\/2026\/04\/RESPONSABILIDAD-PENAL-ADOLESCENTE_0011_DSC_2878.jpg 1200w, https:\/\/ialeman.cl\/wp-content\/uploads\/2026\/04\/RESPONSABILIDAD-PENAL-ADOLESCENTE_0011_DSC_2878-300x200.jpg 300w, https:\/\/ialeman.cl\/wp-content\/uploads\/2026\/04\/RESPONSABILIDAD-PENAL-ADOLESCENTE_0011_DSC_2878-1024x684.jpg 1024w, https:\/\/ialeman.cl\/wp-content\/uploads\/2026\/04\/RESPONSABILIDAD-PENAL-ADOLESCENTE_0011_DSC_2878-768x513.jpg 768w\" sizes=\"(max-width: 1200px) 100vw, 1200px\" \/><\/a>\n\t\t\t<\/div><\/figure><figure class='gallery-item'>\n\t\t\t<div class='gallery-icon landscape'>\n\t\t\t\t<a data-elementor-open-lightbox=\"yes\" data-elementor-lightbox-slideshow=\"7525df2\" data-elementor-lightbox-title=\"RESPONSABILIDAD PENAL ADOLESCENTE_0006_DSC_2847\" data-e-action-hash=\"#elementor-action%3Aaction%3Dlightbox%26settings%3DeyJpZCI6NTU1MzUsInVybCI6Imh0dHBzOlwvXC9pYWxlbWFuLmNsXC93cC1jb250ZW50XC91cGxvYWRzXC8yMDI2XC8wNFwvUkVTUE9OU0FCSUxJREFELVBFTkFMLUFET0xFU0NFTlRFXzAwMDZfRFNDXzI4NDcuanBnIiwic2xpZGVzaG93IjoiNzUyNWRmMiJ9\" href='https:\/\/ialeman.cl\/wp-content\/uploads\/2026\/04\/RESPONSABILIDAD-PENAL-ADOLESCENTE_0006_DSC_2847.jpg'><img loading=\"lazy\" decoding=\"async\" width=\"1200\" height=\"801\" src=\"https:\/\/ialeman.cl\/wp-content\/uploads\/2026\/04\/RESPONSABILIDAD-PENAL-ADOLESCENTE_0006_DSC_2847.jpg\" class=\"attachment-full size-full\" alt=\"\" srcset=\"https:\/\/ialeman.cl\/wp-content\/uploads\/2026\/04\/RESPONSABILIDAD-PENAL-ADOLESCENTE_0006_DSC_2847.jpg 1200w, https:\/\/ialeman.cl\/wp-content\/uploads\/2026\/04\/RESPONSABILIDAD-PENAL-ADOLESCENTE_0006_DSC_2847-300x200.jpg 300w, https:\/\/ialeman.cl\/wp-content\/uploads\/2026\/04\/RESPONSABILIDAD-PENAL-ADOLESCENTE_0006_DSC_2847-1024x684.jpg 1024w, https:\/\/ialeman.cl\/wp-content\/uploads\/2026\/04\/RESPONSABILIDAD-PENAL-ADOLESCENTE_0006_DSC_2847-768x513.jpg 768w\" sizes=\"(max-width: 1200px) 100vw, 1200px\" \/><\/a>\n\t\t\t<\/div><\/figure><figure class='gallery-item'>\n\t\t\t<div class='gallery-icon landscape'>\n\t\t\t\t<a data-elementor-open-lightbox=\"yes\" data-elementor-lightbox-slideshow=\"7525df2\" data-elementor-lightbox-title=\"RESPONSABILIDAD PENAL ADOLESCENTE_0005_DSC_2858\" data-e-action-hash=\"#elementor-action%3Aaction%3Dlightbox%26settings%3DeyJpZCI6NTU1MzQsInVybCI6Imh0dHBzOlwvXC9pYWxlbWFuLmNsXC93cC1jb250ZW50XC91cGxvYWRzXC8yMDI2XC8wNFwvUkVTUE9OU0FCSUxJREFELVBFTkFMLUFET0xFU0NFTlRFXzAwMDVfRFNDXzI4NTguanBnIiwic2xpZGVzaG93IjoiNzUyNWRmMiJ9\" href='https:\/\/ialeman.cl\/wp-content\/uploads\/2026\/04\/RESPONSABILIDAD-PENAL-ADOLESCENTE_0005_DSC_2858.jpg'><img loading=\"lazy\" decoding=\"async\" width=\"1200\" height=\"801\" src=\"https:\/\/ialeman.cl\/wp-content\/uploads\/2026\/04\/RESPONSABILIDAD-PENAL-ADOLESCENTE_0005_DSC_2858.jpg\" class=\"attachment-full size-full\" alt=\"\" srcset=\"https:\/\/ialeman.cl\/wp-content\/uploads\/2026\/04\/RESPONSABILIDAD-PENAL-ADOLESCENTE_0005_DSC_2858.jpg 1200w, https:\/\/ialeman.cl\/wp-content\/uploads\/2026\/04\/RESPONSABILIDAD-PENAL-ADOLESCENTE_0005_DSC_2858-300x200.jpg 300w, https:\/\/ialeman.cl\/wp-content\/uploads\/2026\/04\/RESPONSABILIDAD-PENAL-ADOLESCENTE_0005_DSC_2858-1024x684.jpg 1024w, https:\/\/ialeman.cl\/wp-content\/uploads\/2026\/04\/RESPONSABILIDAD-PENAL-ADOLESCENTE_0005_DSC_2858-768x513.jpg 768w\" sizes=\"(max-width: 1200px) 100vw, 1200px\" \/><\/a>\n\t\t\t<\/div><\/figure><figure class='gallery-item'>\n\t\t\t<div class='gallery-icon landscape'>\n\t\t\t\t<a data-elementor-open-lightbox=\"yes\" data-elementor-lightbox-slideshow=\"7525df2\" data-elementor-lightbox-title=\"RESPONSABILIDAD PENAL ADOLESCENTE_0009_Niveles 4\" data-e-action-hash=\"#elementor-action%3Aaction%3Dlightbox%26settings%3DeyJpZCI6NTU1MzgsInVybCI6Imh0dHBzOlwvXC9pYWxlbWFuLmNsXC93cC1jb250ZW50XC91cGxvYWRzXC8yMDI2XC8wNFwvUkVTUE9OU0FCSUxJREFELVBFTkFMLUFET0xFU0NFTlRFXzAwMDlfTml2ZWxlcy00LmpwZyIsInNsaWRlc2hvdyI6Ijc1MjVkZjIifQ%3D%3D\" href='https:\/\/ialeman.cl\/wp-content\/uploads\/2026\/04\/RESPONSABILIDAD-PENAL-ADOLESCENTE_0009_Niveles-4.jpg'><img loading=\"lazy\" decoding=\"async\" width=\"1200\" height=\"801\" src=\"https:\/\/ialeman.cl\/wp-content\/uploads\/2026\/04\/RESPONSABILIDAD-PENAL-ADOLESCENTE_0009_Niveles-4.jpg\" class=\"attachment-full size-full\" alt=\"\" srcset=\"https:\/\/ialeman.cl\/wp-content\/uploads\/2026\/04\/RESPONSABILIDAD-PENAL-ADOLESCENTE_0009_Niveles-4.jpg 1200w, https:\/\/ialeman.cl\/wp-content\/uploads\/2026\/04\/RESPONSABILIDAD-PENAL-ADOLESCENTE_0009_Niveles-4-300x200.jpg 300w, https:\/\/ialeman.cl\/wp-content\/uploads\/2026\/04\/RESPONSABILIDAD-PENAL-ADOLESCENTE_0009_Niveles-4-1024x684.jpg 1024w, https:\/\/ialeman.cl\/wp-content\/uploads\/2026\/04\/RESPONSABILIDAD-PENAL-ADOLESCENTE_0009_Niveles-4-768x513.jpg 768w\" sizes=\"(max-width: 1200px) 100vw, 1200px\" \/><\/a>\n\t\t\t<\/div><\/figure><figure class='gallery-item'>\n\t\t\t<div class='gallery-icon landscape'>\n\t\t\t\t<a data-elementor-open-lightbox=\"yes\" data-elementor-lightbox-slideshow=\"7525df2\" data-elementor-lightbox-title=\"RESPONSABILIDAD PENAL ADOLESCENTE_0010_Niveles 5\" data-e-action-hash=\"#elementor-action%3Aaction%3Dlightbox%26settings%3DeyJpZCI6NTU1MzksInVybCI6Imh0dHBzOlwvXC9pYWxlbWFuLmNsXC93cC1jb250ZW50XC91cGxvYWRzXC8yMDI2XC8wNFwvUkVTUE9OU0FCSUxJREFELVBFTkFMLUFET0xFU0NFTlRFXzAwMTBfTml2ZWxlcy01LmpwZyIsInNsaWRlc2hvdyI6Ijc1MjVkZjIifQ%3D%3D\" href='https:\/\/ialeman.cl\/wp-content\/uploads\/2026\/04\/RESPONSABILIDAD-PENAL-ADOLESCENTE_0010_Niveles-5.jpg'><img loading=\"lazy\" decoding=\"async\" width=\"1200\" height=\"801\" src=\"https:\/\/ialeman.cl\/wp-content\/uploads\/2026\/04\/RESPONSABILIDAD-PENAL-ADOLESCENTE_0010_Niveles-5.jpg\" class=\"attachment-full size-full\" alt=\"\" srcset=\"https:\/\/ialeman.cl\/wp-content\/uploads\/2026\/04\/RESPONSABILIDAD-PENAL-ADOLESCENTE_0010_Niveles-5.jpg 1200w, https:\/\/ialeman.cl\/wp-content\/uploads\/2026\/04\/RESPONSABILIDAD-PENAL-ADOLESCENTE_0010_Niveles-5-300x200.jpg 300w, https:\/\/ialeman.cl\/wp-content\/uploads\/2026\/04\/RESPONSABILIDAD-PENAL-ADOLESCENTE_0010_Niveles-5-1024x684.jpg 1024w, https:\/\/ialeman.cl\/wp-content\/uploads\/2026\/04\/RESPONSABILIDAD-PENAL-ADOLESCENTE_0010_Niveles-5-768x513.jpg 768w\" sizes=\"(max-width: 1200px) 100vw, 1200px\" \/><\/a>\n\t\t\t<\/div><\/figure><figure class='gallery-item'>\n\t\t\t<div class='gallery-icon landscape'>\n\t\t\t\t<a data-elementor-open-lightbox=\"yes\" data-elementor-lightbox-slideshow=\"7525df2\" data-elementor-lightbox-title=\"RESPONSABILIDAD PENAL ADOLESCENTE_0004_DSC_2866\" data-e-action-hash=\"#elementor-action%3Aaction%3Dlightbox%26settings%3DeyJpZCI6NTU1MzMsInVybCI6Imh0dHBzOlwvXC9pYWxlbWFuLmNsXC93cC1jb250ZW50XC91cGxvYWRzXC8yMDI2XC8wNFwvUkVTUE9OU0FCSUxJREFELVBFTkFMLUFET0xFU0NFTlRFXzAwMDRfRFNDXzI4NjYuanBnIiwic2xpZGVzaG93IjoiNzUyNWRmMiJ9\" href='https:\/\/ialeman.cl\/wp-content\/uploads\/2026\/04\/RESPONSABILIDAD-PENAL-ADOLESCENTE_0004_DSC_2866.jpg'><img loading=\"lazy\" decoding=\"async\" width=\"1200\" height=\"801\" src=\"https:\/\/ialeman.cl\/wp-content\/uploads\/2026\/04\/RESPONSABILIDAD-PENAL-ADOLESCENTE_0004_DSC_2866.jpg\" class=\"attachment-full size-full\" alt=\"\" srcset=\"https:\/\/ialeman.cl\/wp-content\/uploads\/2026\/04\/RESPONSABILIDAD-PENAL-ADOLESCENTE_0004_DSC_2866.jpg 1200w, https:\/\/ialeman.cl\/wp-content\/uploads\/2026\/04\/RESPONSABILIDAD-PENAL-ADOLESCENTE_0004_DSC_2866-300x200.jpg 300w, https:\/\/ialeman.cl\/wp-content\/uploads\/2026\/04\/RESPONSABILIDAD-PENAL-ADOLESCENTE_0004_DSC_2866-1024x684.jpg 1024w, https:\/\/ialeman.cl\/wp-content\/uploads\/2026\/04\/RESPONSABILIDAD-PENAL-ADOLESCENTE_0004_DSC_2866-768x513.jpg 768w\" sizes=\"(max-width: 1200px) 100vw, 1200px\" \/><\/a>\n\t\t\t<\/div><\/figure><figure class='gallery-item'>\n\t\t\t<div class='gallery-icon landscape'>\n\t\t\t\t<a data-elementor-open-lightbox=\"yes\" data-elementor-lightbox-slideshow=\"7525df2\" data-elementor-lightbox-title=\"RESPONSABILIDAD PENAL ADOLESCENTE_0002_Niveles 2\" data-e-action-hash=\"#elementor-action%3Aaction%3Dlightbox%26settings%3DeyJpZCI6NTU1MzEsInVybCI6Imh0dHBzOlwvXC9pYWxlbWFuLmNsXC93cC1jb250ZW50XC91cGxvYWRzXC8yMDI2XC8wNFwvUkVTUE9OU0FCSUxJREFELVBFTkFMLUFET0xFU0NFTlRFXzAwMDJfTml2ZWxlcy0yLmpwZyIsInNsaWRlc2hvdyI6Ijc1MjVkZjIifQ%3D%3D\" href='https:\/\/ialeman.cl\/wp-content\/uploads\/2026\/04\/RESPONSABILIDAD-PENAL-ADOLESCENTE_0002_Niveles-2.jpg'><img loading=\"lazy\" decoding=\"async\" width=\"1200\" height=\"801\" src=\"https:\/\/ialeman.cl\/wp-content\/uploads\/2026\/04\/RESPONSABILIDAD-PENAL-ADOLESCENTE_0002_Niveles-2.jpg\" class=\"attachment-full size-full\" alt=\"\" srcset=\"https:\/\/ialeman.cl\/wp-content\/uploads\/2026\/04\/RESPONSABILIDAD-PENAL-ADOLESCENTE_0002_Niveles-2.jpg 1200w, https:\/\/ialeman.cl\/wp-content\/uploads\/2026\/04\/RESPONSABILIDAD-PENAL-ADOLESCENTE_0002_Niveles-2-300x200.jpg 300w, https:\/\/ialeman.cl\/wp-content\/uploads\/2026\/04\/RESPONSABILIDAD-PENAL-ADOLESCENTE_0002_Niveles-2-1024x684.jpg 1024w, https:\/\/ialeman.cl\/wp-content\/uploads\/2026\/04\/RESPONSABILIDAD-PENAL-ADOLESCENTE_0002_Niveles-2-768x513.jpg 768w\" sizes=\"(max-width: 1200px) 100vw, 1200px\" \/><\/a>\n\t\t\t<\/div><\/figure>\n\t\t<\/div>\n\t\t<\/div>\n\t\t\t\t\t\t<\/div>\n\t\t\t\t<\/div>\n\t\t\t\t\t<\/div>\n\t\t<\/div>\n\t\t\t\t\t<\/div>\n\t\t<\/section>\n\t\t\t\t<\/div>\n\t\t","protected":false},"excerpt":{"rendered":"<p>Estudiantes participaron en charla sobre Ley de Responsabilidad Penal Adolescente Los alumnos de 8\u00b0 B\u00e1sico y II Medio participaron en una interesante charla sobre la Ley de Responsabilidad Penal Adolescente, desarrollada en el auditorio. La exposici\u00f3n fue dictada por el magistrado Sr. Jorge D\u00edaz Rojas, del Tribunal Oral en lo Penal de Puerto Montt, quien [&hellip;]<\/p>\n","protected":false},"author":1,"featured_media":55527,"comment_status":"closed","ping_status":"","sticky":false,"template":"","format":"standard","meta":{"_crdt_document":"","_monsterinsights_skip_tracking":false,"_monsterinsights_sitenote_active":false,"_monsterinsights_sitenote_note":"","_monsterinsights_sitenote_category":0,"site-sidebar-layout":"default","site-content-layout":"","ast-site-content-layout":"default","site-content-style":"default","site-sidebar-style":"default","ast-global-header-display":"","ast-banner-title-visibility":"","ast-main-header-display":"","ast-hfb-above-header-display":"","ast-hfb-below-header-display":"","ast-hfb-mobile-header-display":"","site-post-title":"","ast-breadcrumbs-content":"","ast-featured-img":"disabled","footer-sml-layout":"","ast-disable-related-posts":"","theme-transparent-header-meta":"","adv-header-id-meta":"","stick-header-meta":"","header-above-stick-meta":"","header-main-stick-meta":"","header-below-stick-meta":"","astra-migrate-meta-layouts":"set","ast-page-background-enabled":"default","ast-page-background-meta":{"desktop":{"background-color":"var(--ast-global-color-4)","background-image":"","background-repeat":"repeat","background-position":"center center","background-size":"auto","background-attachment":"scroll","background-type":"","background-media":"","overlay-type":"","overlay-color":"","overlay-opacity":"","overlay-gradient":""},"tablet":{"background-color":"","background-image":"","background-repeat":"repeat","background-position":"center center","background-size":"auto","background-attachment":"scroll","background-type":"","background-media":"","overlay-type":"","overlay-color":"","overlay-opacity":"","overlay-gradient":""},"mobile":{"background-color":"","background-image":"","background-repeat":"repeat","background-position":"center center","background-size":"auto","background-attachment":"scroll","background-type":"","background-media":"","overlay-type":"","overlay-color":"","overlay-opacity":"","overlay-gradient":""}},"ast-content-background-meta":{"desktop":{"background-color":"var(--ast-global-color-5)","background-image":"","background-repeat":"repeat","background-position":"center center","background-size":"auto","background-attachment":"scroll","background-type":"","background-media":"","overlay-type":"","overlay-color":"","overlay-opacity":"","overlay-gradient":""},"tablet":{"background-color":"var(--ast-global-color-5)","background-image":"","background-repeat":"repeat","background-position":"center center","background-size":"auto","background-attachment":"scroll","background-type":"","background-media":"","overlay-type":"","overlay-color":"","overlay-opacity":"","overlay-gradient":""},"mobile":{"background-color":"var(--ast-global-color-5)","background-image":"","background-repeat":"repeat","background-position":"center center","background-size":"auto","background-attachment":"scroll","background-type":"","background-media":"","overlay-type":"","overlay-color":"","overlay-opacity":"","overlay-gradient":""}},"advanced_seo_description":"Descubre consejos pr\u00e1cticos y estrategias para mejorar tu posicionamiento SEO y aumentar la visibilidad de tu sitio web.","jetpack_seo_html_title":"Gu\u00eda Completa de SEO: Mejora tu Visibilidad en L\u00ednea","jetpack_seo_noindex":false,"_jetpack_memberships_contains_paid_content":false,"footnotes":""},"categories":[10],"tags":[],"class_list":["post-55526","post","type-post","status-publish","format-standard","has-post-thumbnail","hentry","category-noticias"],"jetpack_featured_media_url":"https:\/\/ialeman.cl\/wp-content\/uploads\/2026\/04\/RESPONSABILIDAD-PENAL-ADOLESCENTE_0001_DSC_2894.jpg","jetpack_shortlink":"https:\/\/wp.me\/ph8I5c-erA","jetpack_sharing_enabled":true,"_links":{"self":[{"href":"https:\/\/ialeman.cl\/index.php\/wp-json\/wp\/v2\/posts\/55526","targetHints":{"allow":["GET"]}}],"collection":[{"href":"https:\/\/ialeman.cl\/index.php\/wp-json\/wp\/v2\/posts"}],"about":[{"href":"https:\/\/ialeman.cl\/index.php\/wp-json\/wp\/v2\/types\/post"}],"author":[{"embeddable":true,"href":"https:\/\/ialeman.cl\/index.php\/wp-json\/wp\/v2\/users\/1"}],"replies":[{"embeddable":true,"href":"https:\/\/ialeman.cl\/index.php\/wp-json\/wp\/v2\/comments?post=55526"}],"version-history":[{"count":5,"href":"https:\/\/ialeman.cl\/index.php\/wp-json\/wp\/v2\/posts\/55526\/revisions"}],"predecessor-version":[{"id":55545,"href":"https:\/\/ialeman.cl\/index.php\/wp-json\/wp\/v2\/posts\/55526\/revisions\/55545"}],"wp:featuredmedia":[{"embeddable":true,"href":"https:\/\/ialeman.cl\/index.php\/wp-json\/wp\/v2\/media\/55527"}],"wp:attachment":[{"href":"https:\/\/ialeman.cl\/index.php\/wp-json\/wp\/v2\/media?parent=55526"}],"wp:term":[{"taxonomy":"category","embeddable":true,"href":"https:\/\/ialeman.cl\/index.php\/wp-json\/wp\/v2\/categories?post=55526"},{"taxonomy":"post_tag","embeddable":true,"href":"https:\/\/ialeman.cl\/index.php\/wp-json\/wp\/v2\/tags?post=55526"}],"curies":[{"name":"wp","href":"https:\/\/api.w.org\/{rel}","templated":true}]}}