{"id":55272,"date":"2026-04-06T09:26:07","date_gmt":"2026-04-06T13:26:07","guid":{"rendered":"https:\/\/ialeman.cl\/?p=55272"},"modified":"2026-04-17T09:36:34","modified_gmt":"2026-04-17T13:36:34","slug":"pascua-solidaria","status":"publish","type":"post","link":"https:\/\/ialeman.cl\/index.php\/pascua-solidaria\/","title":{"rendered":"Pascua Solidaria"},"content":{"rendered":"\t\t<div data-elementor-type=\"wp-post\" data-elementor-id=\"55272\" class=\"elementor elementor-55272\">\n\t\t\t\t\t\t<section class=\"elementor-section elementor-top-section elementor-element elementor-element-eb4989d elementor-section-boxed elementor-section-height-default elementor-section-height-default\" data-id=\"eb4989d\" data-element_type=\"section\" data-e-type=\"section\">\n\t\t\t\t\t\t<div class=\"elementor-container elementor-column-gap-default\">\n\t\t\t\t\t<div class=\"elementor-column elementor-col-100 elementor-top-column elementor-element elementor-element-4f96d1b\" data-id=\"4f96d1b\" data-element_type=\"column\" data-e-type=\"column\">\n\t\t\t<div class=\"elementor-widget-wrap elementor-element-populated\">\n\t\t\t\t\t\t<div class=\"elementor-element elementor-element-ba38999 elementor-widget elementor-widget-heading\" data-id=\"ba38999\" data-element_type=\"widget\" data-e-type=\"widget\" data-widget_type=\"heading.default\">\n\t\t\t\t<div class=\"elementor-widget-container\">\n\t\t\t\t\t<h2 class=\"elementor-heading-title elementor-size-default\">300 niditos de Pascua fueron entregados a escuelas de Puerto Montt\n<\/h2>\t\t\t\t<\/div>\n\t\t\t\t<\/div>\n\t\t\t\t\t<\/div>\n\t\t<\/div>\n\t\t\t\t\t<\/div>\n\t\t<\/section>\n\t\t\t\t<section class=\"elementor-section elementor-top-section elementor-element elementor-element-6aa66a1 elementor-section-boxed elementor-section-height-default elementor-section-height-default\" data-id=\"6aa66a1\" data-element_type=\"section\" data-e-type=\"section\">\n\t\t\t\t\t\t<div class=\"elementor-container elementor-column-gap-default\">\n\t\t\t\t\t<div class=\"elementor-column elementor-col-100 elementor-top-column elementor-element elementor-element-1ee899a\" data-id=\"1ee899a\" data-element_type=\"column\" data-e-type=\"column\">\n\t\t\t<div class=\"elementor-widget-wrap elementor-element-populated\">\n\t\t\t\t\t\t<div class=\"elementor-element elementor-element-60d4ba5 elementor-widget elementor-widget-heading\" data-id=\"60d4ba5\" data-element_type=\"widget\" data-e-type=\"widget\" data-widget_type=\"heading.default\">\n\t\t\t\t<div class=\"elementor-widget-container\">\n\t\t\t\t\t<h2 class=\"elementor-heading-title elementor-size-default\">Con alegr\u00eda y esp\u00edritu solidario, la comunidad del Instituto Alem\u00e1n de Puerto Montt dio vida a una nueva campa\u00f1a de Pascua, reuniendo m\u00e1s de 300 niditos destinados a las escuelas Cayenel y Chamiza.<br><br>\n\nLa primera visita se realiz\u00f3 en la Escuela Cayenel, donde una delegaci\u00f3n del colegio, encabezada por el rector, Sr. Gabriel Saldivia, particip\u00f3 en un grato encuentro con los estudiantes, en un ambiente de cercan\u00eda y amistad.<br><br>\n\nPosteriormente, en la Escuela Chamiza, un grupo de estudiantes del Kindergarten, acompa\u00f1ado por la directora de Educaci\u00f3n Inicial, Marisel Soto, y representantes del Centro de Padres, fue recibido con gran alegr\u00eda por la comunidad escolar, en un encuentro donde se realiz\u00f3 la entrega de los niditos a los alumnos de Prek\u00ednder y K\u00ednder.  <br><br>\n\nLos aportes fueron reunidos gracias a la participaci\u00f3n de estudiantes desde Medio Menor hasta IV Medio, quienes, junto a sus familias, contribuyeron a esta iniciativa que busca fomentar el valor de la solidaridad y el compromiso con la comunidad.\n<\/h2>\t\t\t\t<\/div>\n\t\t\t\t<\/div>\n\t\t\t\t\t<\/div>\n\t\t<\/div>\n\t\t\t\t\t<\/div>\n\t\t<\/section>\n\t\t\t\t<section class=\"elementor-section elementor-top-section elementor-element elementor-element-412c272 elementor-section-boxed elementor-section-height-default elementor-section-height-default\" data-id=\"412c272\" data-element_type=\"section\" data-e-type=\"section\">\n\t\t\t\t\t\t<div class=\"elementor-container elementor-column-gap-default\">\n\t\t\t\t\t<div class=\"elementor-column elementor-col-100 elementor-top-column elementor-element elementor-element-73dd65c\" data-id=\"73dd65c\" data-element_type=\"column\" data-e-type=\"column\">\n\t\t\t<div class=\"elementor-widget-wrap elementor-element-populated\">\n\t\t\t\t\t\t<div class=\"elementor-element elementor-element-30da8b4 gallery-spacing-custom elementor-widget elementor-widget-image-gallery\" data-id=\"30da8b4\" data-element_type=\"widget\" data-e-type=\"widget\" data-widget_type=\"image-gallery.default\">\n\t\t\t\t<div class=\"elementor-widget-container\">\n\t\t\t\t\t\t\t<div class=\"elementor-image-gallery\">\n\t\t\t\n<a data-elementor-open-lightbox=\"yes\" data-elementor-lightbox-slideshow=\"30da8b4\" data-elementor-lightbox-title=\"pascua solidaria Instituto Alem\u00e1n de Puerto Montt 2026_0014_DSC_4842\" data-e-action-hash=\"#elementor-action%3Aaction%3Dlightbox%26settings%3DeyJpZCI6NTUyOTEsInVybCI6Imh0dHBzOlwvXC9pYWxlbWFuLmNsXC93cC1jb250ZW50XC91cGxvYWRzXC8yMDI2XC8wNFwvcGFzY3VhLXNvbGlkYXJpYS1JbnN0aXR1dG8tQWxlbWFuLWRlLVB1ZXJ0by1Nb250dC0yMDI2XzAwMTRfRFNDXzQ4NDItMS5qcGciLCJzbGlkZXNob3ciOiIzMGRhOGI0In0%3D\" href='https:\/\/ialeman.cl\/wp-content\/uploads\/2026\/04\/pascua-solidaria-Instituto-Aleman-de-Puerto-Montt-2026_0014_DSC_4842-1.jpg'><img fetchpriority=\"high\" decoding=\"async\" width=\"1200\" height=\"801\" src=\"https:\/\/ialeman.cl\/wp-content\/uploads\/2026\/04\/pascua-solidaria-Instituto-Aleman-de-Puerto-Montt-2026_0014_DSC_4842-1.jpg\" class=\"attachment-full size-full\" alt=\"\" srcset=\"https:\/\/ialeman.cl\/wp-content\/uploads\/2026\/04\/pascua-solidaria-Instituto-Aleman-de-Puerto-Montt-2026_0014_DSC_4842-1.jpg 1200w, https:\/\/ialeman.cl\/wp-content\/uploads\/2026\/04\/pascua-solidaria-Instituto-Aleman-de-Puerto-Montt-2026_0014_DSC_4842-1-300x200.jpg 300w, https:\/\/ialeman.cl\/wp-content\/uploads\/2026\/04\/pascua-solidaria-Instituto-Aleman-de-Puerto-Montt-2026_0014_DSC_4842-1-1024x684.jpg 1024w, https:\/\/ialeman.cl\/wp-content\/uploads\/2026\/04\/pascua-solidaria-Instituto-Aleman-de-Puerto-Montt-2026_0014_DSC_4842-1-768x513.jpg 768w\" sizes=\"(max-width: 1200px) 100vw, 1200px\" \/><\/a>\n<a data-elementor-open-lightbox=\"yes\" data-elementor-lightbox-slideshow=\"30da8b4\" data-elementor-lightbox-title=\"pascua solidaria Instituto Alem\u00e1n de Puerto Montt 2026_0008_DSC_3438\" data-e-action-hash=\"#elementor-action%3Aaction%3Dlightbox%26settings%3DeyJpZCI6NTUyODUsInVybCI6Imh0dHBzOlwvXC9pYWxlbWFuLmNsXC93cC1jb250ZW50XC91cGxvYWRzXC8yMDI2XC8wNFwvcGFzY3VhLXNvbGlkYXJpYS1JbnN0aXR1dG8tQWxlbWFuLWRlLVB1ZXJ0by1Nb250dC0yMDI2XzAwMDhfRFNDXzM0MzguanBnIiwic2xpZGVzaG93IjoiMzBkYThiNCJ9\" href='https:\/\/ialeman.cl\/wp-content\/uploads\/2026\/04\/pascua-solidaria-Instituto-Aleman-de-Puerto-Montt-2026_0008_DSC_3438.jpg'><img decoding=\"async\" width=\"1200\" height=\"801\" src=\"https:\/\/ialeman.cl\/wp-content\/uploads\/2026\/04\/pascua-solidaria-Instituto-Aleman-de-Puerto-Montt-2026_0008_DSC_3438.jpg\" class=\"attachment-full size-full\" alt=\"\" srcset=\"https:\/\/ialeman.cl\/wp-content\/uploads\/2026\/04\/pascua-solidaria-Instituto-Aleman-de-Puerto-Montt-2026_0008_DSC_3438.jpg 1200w, https:\/\/ialeman.cl\/wp-content\/uploads\/2026\/04\/pascua-solidaria-Instituto-Aleman-de-Puerto-Montt-2026_0008_DSC_3438-300x200.jpg 300w, https:\/\/ialeman.cl\/wp-content\/uploads\/2026\/04\/pascua-solidaria-Instituto-Aleman-de-Puerto-Montt-2026_0008_DSC_3438-1024x684.jpg 1024w, https:\/\/ialeman.cl\/wp-content\/uploads\/2026\/04\/pascua-solidaria-Instituto-Aleman-de-Puerto-Montt-2026_0008_DSC_3438-768x513.jpg 768w\" sizes=\"(max-width: 1200px) 100vw, 1200px\" \/><\/a>\n<a data-elementor-open-lightbox=\"yes\" data-elementor-lightbox-slideshow=\"30da8b4\" data-elementor-lightbox-title=\"pascua solidaria Instituto Alem\u00e1n de Puerto Montt 2026_0011_DSC_4769\" data-e-action-hash=\"#elementor-action%3Aaction%3Dlightbox%26settings%3DeyJpZCI6NTUyODgsInVybCI6Imh0dHBzOlwvXC9pYWxlbWFuLmNsXC93cC1jb250ZW50XC91cGxvYWRzXC8yMDI2XC8wNFwvcGFzY3VhLXNvbGlkYXJpYS1JbnN0aXR1dG8tQWxlbWFuLWRlLVB1ZXJ0by1Nb250dC0yMDI2XzAwMTFfRFNDXzQ3NjkuanBnIiwic2xpZGVzaG93IjoiMzBkYThiNCJ9\" href='https:\/\/ialeman.cl\/wp-content\/uploads\/2026\/04\/pascua-solidaria-Instituto-Aleman-de-Puerto-Montt-2026_0011_DSC_4769.jpg'><img decoding=\"async\" width=\"1200\" height=\"801\" src=\"https:\/\/ialeman.cl\/wp-content\/uploads\/2026\/04\/pascua-solidaria-Instituto-Aleman-de-Puerto-Montt-2026_0011_DSC_4769.jpg\" class=\"attachment-full size-full\" alt=\"\" srcset=\"https:\/\/ialeman.cl\/wp-content\/uploads\/2026\/04\/pascua-solidaria-Instituto-Aleman-de-Puerto-Montt-2026_0011_DSC_4769.jpg 1200w, https:\/\/ialeman.cl\/wp-content\/uploads\/2026\/04\/pascua-solidaria-Instituto-Aleman-de-Puerto-Montt-2026_0011_DSC_4769-300x200.jpg 300w, https:\/\/ialeman.cl\/wp-content\/uploads\/2026\/04\/pascua-solidaria-Instituto-Aleman-de-Puerto-Montt-2026_0011_DSC_4769-1024x684.jpg 1024w, https:\/\/ialeman.cl\/wp-content\/uploads\/2026\/04\/pascua-solidaria-Instituto-Aleman-de-Puerto-Montt-2026_0011_DSC_4769-768x513.jpg 768w\" sizes=\"(max-width: 1200px) 100vw, 1200px\" \/><\/a>\n<a data-elementor-open-lightbox=\"yes\" data-elementor-lightbox-slideshow=\"30da8b4\" data-elementor-lightbox-title=\"pascua solidaria Instituto Alem\u00e1n de Puerto Montt 2026_0000_Niveles 1\" data-e-action-hash=\"#elementor-action%3Aaction%3Dlightbox%26settings%3DeyJpZCI6NTUyNzcsInVybCI6Imh0dHBzOlwvXC9pYWxlbWFuLmNsXC93cC1jb250ZW50XC91cGxvYWRzXC8yMDI2XC8wNFwvcGFzY3VhLXNvbGlkYXJpYS1JbnN0aXR1dG8tQWxlbWFuLWRlLVB1ZXJ0by1Nb250dC0yMDI2XzAwMDBfTml2ZWxlcy0xLmpwZyIsInNsaWRlc2hvdyI6IjMwZGE4YjQifQ%3D%3D\" href='https:\/\/ialeman.cl\/wp-content\/uploads\/2026\/04\/pascua-solidaria-Instituto-Aleman-de-Puerto-Montt-2026_0000_Niveles-1.jpg'><img loading=\"lazy\" decoding=\"async\" width=\"1200\" height=\"801\" src=\"https:\/\/ialeman.cl\/wp-content\/uploads\/2026\/04\/pascua-solidaria-Instituto-Aleman-de-Puerto-Montt-2026_0000_Niveles-1.jpg\" class=\"attachment-full size-full\" alt=\"\" srcset=\"https:\/\/ialeman.cl\/wp-content\/uploads\/2026\/04\/pascua-solidaria-Instituto-Aleman-de-Puerto-Montt-2026_0000_Niveles-1.jpg 1200w, https:\/\/ialeman.cl\/wp-content\/uploads\/2026\/04\/pascua-solidaria-Instituto-Aleman-de-Puerto-Montt-2026_0000_Niveles-1-300x200.jpg 300w, https:\/\/ialeman.cl\/wp-content\/uploads\/2026\/04\/pascua-solidaria-Instituto-Aleman-de-Puerto-Montt-2026_0000_Niveles-1-1024x684.jpg 1024w, https:\/\/ialeman.cl\/wp-content\/uploads\/2026\/04\/pascua-solidaria-Instituto-Aleman-de-Puerto-Montt-2026_0000_Niveles-1-768x513.jpg 768w\" sizes=\"(max-width: 1200px) 100vw, 1200px\" \/><\/a>\n<a data-elementor-open-lightbox=\"yes\" data-elementor-lightbox-slideshow=\"30da8b4\" data-elementor-lightbox-title=\"pascua solidaria Instituto Alem\u00e1n de Puerto Montt 2026_0001_DSC_3393\" data-e-action-hash=\"#elementor-action%3Aaction%3Dlightbox%26settings%3DeyJpZCI6NTUyNzgsInVybCI6Imh0dHBzOlwvXC9pYWxlbWFuLmNsXC93cC1jb250ZW50XC91cGxvYWRzXC8yMDI2XC8wNFwvcGFzY3VhLXNvbGlkYXJpYS1JbnN0aXR1dG8tQWxlbWFuLWRlLVB1ZXJ0by1Nb250dC0yMDI2XzAwMDFfRFNDXzMzOTMuanBnIiwic2xpZGVzaG93IjoiMzBkYThiNCJ9\" href='https:\/\/ialeman.cl\/wp-content\/uploads\/2026\/04\/pascua-solidaria-Instituto-Aleman-de-Puerto-Montt-2026_0001_DSC_3393.jpg'><img loading=\"lazy\" decoding=\"async\" width=\"1200\" height=\"801\" src=\"https:\/\/ialeman.cl\/wp-content\/uploads\/2026\/04\/pascua-solidaria-Instituto-Aleman-de-Puerto-Montt-2026_0001_DSC_3393.jpg\" class=\"attachment-full size-full\" alt=\"\" srcset=\"https:\/\/ialeman.cl\/wp-content\/uploads\/2026\/04\/pascua-solidaria-Instituto-Aleman-de-Puerto-Montt-2026_0001_DSC_3393.jpg 1200w, https:\/\/ialeman.cl\/wp-content\/uploads\/2026\/04\/pascua-solidaria-Instituto-Aleman-de-Puerto-Montt-2026_0001_DSC_3393-300x200.jpg 300w, https:\/\/ialeman.cl\/wp-content\/uploads\/2026\/04\/pascua-solidaria-Instituto-Aleman-de-Puerto-Montt-2026_0001_DSC_3393-1024x684.jpg 1024w, https:\/\/ialeman.cl\/wp-content\/uploads\/2026\/04\/pascua-solidaria-Instituto-Aleman-de-Puerto-Montt-2026_0001_DSC_3393-768x513.jpg 768w\" sizes=\"(max-width: 1200px) 100vw, 1200px\" \/><\/a>\n<a data-elementor-open-lightbox=\"yes\" data-elementor-lightbox-slideshow=\"30da8b4\" data-elementor-lightbox-title=\"pascua solidaria Instituto Alem\u00e1n de Puerto Montt 2026_0010_DSC_4873\" data-e-action-hash=\"#elementor-action%3Aaction%3Dlightbox%26settings%3DeyJpZCI6NTUyODcsInVybCI6Imh0dHBzOlwvXC9pYWxlbWFuLmNsXC93cC1jb250ZW50XC91cGxvYWRzXC8yMDI2XC8wNFwvcGFzY3VhLXNvbGlkYXJpYS1JbnN0aXR1dG8tQWxlbWFuLWRlLVB1ZXJ0by1Nb250dC0yMDI2XzAwMTBfRFNDXzQ4NzMuanBnIiwic2xpZGVzaG93IjoiMzBkYThiNCJ9\" href='https:\/\/ialeman.cl\/wp-content\/uploads\/2026\/04\/pascua-solidaria-Instituto-Aleman-de-Puerto-Montt-2026_0010_DSC_4873.jpg'><img loading=\"lazy\" decoding=\"async\" width=\"1200\" height=\"801\" src=\"https:\/\/ialeman.cl\/wp-content\/uploads\/2026\/04\/pascua-solidaria-Instituto-Aleman-de-Puerto-Montt-2026_0010_DSC_4873.jpg\" class=\"attachment-full size-full\" alt=\"\" srcset=\"https:\/\/ialeman.cl\/wp-content\/uploads\/2026\/04\/pascua-solidaria-Instituto-Aleman-de-Puerto-Montt-2026_0010_DSC_4873.jpg 1200w, https:\/\/ialeman.cl\/wp-content\/uploads\/2026\/04\/pascua-solidaria-Instituto-Aleman-de-Puerto-Montt-2026_0010_DSC_4873-300x200.jpg 300w, https:\/\/ialeman.cl\/wp-content\/uploads\/2026\/04\/pascua-solidaria-Instituto-Aleman-de-Puerto-Montt-2026_0010_DSC_4873-1024x684.jpg 1024w, https:\/\/ialeman.cl\/wp-content\/uploads\/2026\/04\/pascua-solidaria-Instituto-Aleman-de-Puerto-Montt-2026_0010_DSC_4873-768x513.jpg 768w\" sizes=\"(max-width: 1200px) 100vw, 1200px\" \/><\/a>\n<a data-elementor-open-lightbox=\"yes\" data-elementor-lightbox-slideshow=\"30da8b4\" data-elementor-lightbox-title=\"pascua solidaria Instituto Alem\u00e1n de Puerto Montt 2026_0013_DSC_4760\" data-e-action-hash=\"#elementor-action%3Aaction%3Dlightbox%26settings%3DeyJpZCI6NTUyOTAsInVybCI6Imh0dHBzOlwvXC9pYWxlbWFuLmNsXC93cC1jb250ZW50XC91cGxvYWRzXC8yMDI2XC8wNFwvcGFzY3VhLXNvbGlkYXJpYS1JbnN0aXR1dG8tQWxlbWFuLWRlLVB1ZXJ0by1Nb250dC0yMDI2XzAwMTNfRFNDXzQ3NjAuanBnIiwic2xpZGVzaG93IjoiMzBkYThiNCJ9\" href='https:\/\/ialeman.cl\/wp-content\/uploads\/2026\/04\/pascua-solidaria-Instituto-Aleman-de-Puerto-Montt-2026_0013_DSC_4760.jpg'><img loading=\"lazy\" decoding=\"async\" width=\"1200\" height=\"801\" src=\"https:\/\/ialeman.cl\/wp-content\/uploads\/2026\/04\/pascua-solidaria-Instituto-Aleman-de-Puerto-Montt-2026_0013_DSC_4760.jpg\" class=\"attachment-full size-full\" alt=\"\" srcset=\"https:\/\/ialeman.cl\/wp-content\/uploads\/2026\/04\/pascua-solidaria-Instituto-Aleman-de-Puerto-Montt-2026_0013_DSC_4760.jpg 1200w, https:\/\/ialeman.cl\/wp-content\/uploads\/2026\/04\/pascua-solidaria-Instituto-Aleman-de-Puerto-Montt-2026_0013_DSC_4760-300x200.jpg 300w, https:\/\/ialeman.cl\/wp-content\/uploads\/2026\/04\/pascua-solidaria-Instituto-Aleman-de-Puerto-Montt-2026_0013_DSC_4760-1024x684.jpg 1024w, https:\/\/ialeman.cl\/wp-content\/uploads\/2026\/04\/pascua-solidaria-Instituto-Aleman-de-Puerto-Montt-2026_0013_DSC_4760-768x513.jpg 768w\" sizes=\"(max-width: 1200px) 100vw, 1200px\" \/><\/a>\n<a data-elementor-open-lightbox=\"yes\" data-elementor-lightbox-slideshow=\"30da8b4\" data-elementor-lightbox-title=\"pascua solidaria Instituto Alem\u00e1n de Puerto Montt 2026_0002_DSC_3498\" data-e-action-hash=\"#elementor-action%3Aaction%3Dlightbox%26settings%3DeyJpZCI6NTUyNzksInVybCI6Imh0dHBzOlwvXC9pYWxlbWFuLmNsXC93cC1jb250ZW50XC91cGxvYWRzXC8yMDI2XC8wNFwvcGFzY3VhLXNvbGlkYXJpYS1JbnN0aXR1dG8tQWxlbWFuLWRlLVB1ZXJ0by1Nb250dC0yMDI2XzAwMDJfRFNDXzM0OTguanBnIiwic2xpZGVzaG93IjoiMzBkYThiNCJ9\" href='https:\/\/ialeman.cl\/wp-content\/uploads\/2026\/04\/pascua-solidaria-Instituto-Aleman-de-Puerto-Montt-2026_0002_DSC_3498.jpg'><img loading=\"lazy\" decoding=\"async\" width=\"1200\" height=\"801\" src=\"https:\/\/ialeman.cl\/wp-content\/uploads\/2026\/04\/pascua-solidaria-Instituto-Aleman-de-Puerto-Montt-2026_0002_DSC_3498.jpg\" class=\"attachment-full size-full\" alt=\"\" srcset=\"https:\/\/ialeman.cl\/wp-content\/uploads\/2026\/04\/pascua-solidaria-Instituto-Aleman-de-Puerto-Montt-2026_0002_DSC_3498.jpg 1200w, https:\/\/ialeman.cl\/wp-content\/uploads\/2026\/04\/pascua-solidaria-Instituto-Aleman-de-Puerto-Montt-2026_0002_DSC_3498-300x200.jpg 300w, https:\/\/ialeman.cl\/wp-content\/uploads\/2026\/04\/pascua-solidaria-Instituto-Aleman-de-Puerto-Montt-2026_0002_DSC_3498-1024x684.jpg 1024w, https:\/\/ialeman.cl\/wp-content\/uploads\/2026\/04\/pascua-solidaria-Instituto-Aleman-de-Puerto-Montt-2026_0002_DSC_3498-768x513.jpg 768w\" sizes=\"(max-width: 1200px) 100vw, 1200px\" \/><\/a>\n<a data-elementor-open-lightbox=\"yes\" data-elementor-lightbox-slideshow=\"30da8b4\" data-elementor-lightbox-title=\"pascua solidaria Instituto Alem\u00e1n de Puerto Montt 2026_0009_Niveles 2\" data-e-action-hash=\"#elementor-action%3Aaction%3Dlightbox%26settings%3DeyJpZCI6NTUyODYsInVybCI6Imh0dHBzOlwvXC9pYWxlbWFuLmNsXC93cC1jb250ZW50XC91cGxvYWRzXC8yMDI2XC8wNFwvcGFzY3VhLXNvbGlkYXJpYS1JbnN0aXR1dG8tQWxlbWFuLWRlLVB1ZXJ0by1Nb250dC0yMDI2XzAwMDlfTml2ZWxlcy0yLmpwZyIsInNsaWRlc2hvdyI6IjMwZGE4YjQifQ%3D%3D\" href='https:\/\/ialeman.cl\/wp-content\/uploads\/2026\/04\/pascua-solidaria-Instituto-Aleman-de-Puerto-Montt-2026_0009_Niveles-2.jpg'><img loading=\"lazy\" decoding=\"async\" width=\"1200\" height=\"801\" src=\"https:\/\/ialeman.cl\/wp-content\/uploads\/2026\/04\/pascua-solidaria-Instituto-Aleman-de-Puerto-Montt-2026_0009_Niveles-2.jpg\" class=\"attachment-full size-full\" alt=\"\" srcset=\"https:\/\/ialeman.cl\/wp-content\/uploads\/2026\/04\/pascua-solidaria-Instituto-Aleman-de-Puerto-Montt-2026_0009_Niveles-2.jpg 1200w, https:\/\/ialeman.cl\/wp-content\/uploads\/2026\/04\/pascua-solidaria-Instituto-Aleman-de-Puerto-Montt-2026_0009_Niveles-2-300x200.jpg 300w, https:\/\/ialeman.cl\/wp-content\/uploads\/2026\/04\/pascua-solidaria-Instituto-Aleman-de-Puerto-Montt-2026_0009_Niveles-2-1024x684.jpg 1024w, https:\/\/ialeman.cl\/wp-content\/uploads\/2026\/04\/pascua-solidaria-Instituto-Aleman-de-Puerto-Montt-2026_0009_Niveles-2-768x513.jpg 768w\" sizes=\"(max-width: 1200px) 100vw, 1200px\" \/><\/a>\n<a data-elementor-open-lightbox=\"yes\" data-elementor-lightbox-slideshow=\"30da8b4\" data-elementor-lightbox-title=\"pascua solidaria Instituto Alem\u00e1n de Puerto Montt 2026_0003_DSC_3463\" data-e-action-hash=\"#elementor-action%3Aaction%3Dlightbox%26settings%3DeyJpZCI6NTUyODAsInVybCI6Imh0dHBzOlwvXC9pYWxlbWFuLmNsXC93cC1jb250ZW50XC91cGxvYWRzXC8yMDI2XC8wNFwvcGFzY3VhLXNvbGlkYXJpYS1JbnN0aXR1dG8tQWxlbWFuLWRlLVB1ZXJ0by1Nb250dC0yMDI2XzAwMDNfRFNDXzM0NjMuanBnIiwic2xpZGVzaG93IjoiMzBkYThiNCJ9\" href='https:\/\/ialeman.cl\/wp-content\/uploads\/2026\/04\/pascua-solidaria-Instituto-Aleman-de-Puerto-Montt-2026_0003_DSC_3463.jpg'><img loading=\"lazy\" decoding=\"async\" width=\"1200\" height=\"801\" src=\"https:\/\/ialeman.cl\/wp-content\/uploads\/2026\/04\/pascua-solidaria-Instituto-Aleman-de-Puerto-Montt-2026_0003_DSC_3463.jpg\" class=\"attachment-full size-full\" alt=\"\" srcset=\"https:\/\/ialeman.cl\/wp-content\/uploads\/2026\/04\/pascua-solidaria-Instituto-Aleman-de-Puerto-Montt-2026_0003_DSC_3463.jpg 1200w, https:\/\/ialeman.cl\/wp-content\/uploads\/2026\/04\/pascua-solidaria-Instituto-Aleman-de-Puerto-Montt-2026_0003_DSC_3463-300x200.jpg 300w, https:\/\/ialeman.cl\/wp-content\/uploads\/2026\/04\/pascua-solidaria-Instituto-Aleman-de-Puerto-Montt-2026_0003_DSC_3463-1024x684.jpg 1024w, https:\/\/ialeman.cl\/wp-content\/uploads\/2026\/04\/pascua-solidaria-Instituto-Aleman-de-Puerto-Montt-2026_0003_DSC_3463-768x513.jpg 768w\" sizes=\"(max-width: 1200px) 100vw, 1200px\" \/><\/a>\n<a data-elementor-open-lightbox=\"yes\" data-elementor-lightbox-slideshow=\"30da8b4\" data-elementor-lightbox-title=\"pascua solidaria Instituto Alem\u00e1n de Puerto Montt 2026_0006_DSC_3402\" data-e-action-hash=\"#elementor-action%3Aaction%3Dlightbox%26settings%3DeyJpZCI6NTUyODMsInVybCI6Imh0dHBzOlwvXC9pYWxlbWFuLmNsXC93cC1jb250ZW50XC91cGxvYWRzXC8yMDI2XC8wNFwvcGFzY3VhLXNvbGlkYXJpYS1JbnN0aXR1dG8tQWxlbWFuLWRlLVB1ZXJ0by1Nb250dC0yMDI2XzAwMDZfRFNDXzM0MDIuanBnIiwic2xpZGVzaG93IjoiMzBkYThiNCJ9\" href='https:\/\/ialeman.cl\/wp-content\/uploads\/2026\/04\/pascua-solidaria-Instituto-Aleman-de-Puerto-Montt-2026_0006_DSC_3402.jpg'><img loading=\"lazy\" decoding=\"async\" width=\"1200\" height=\"801\" src=\"https:\/\/ialeman.cl\/wp-content\/uploads\/2026\/04\/pascua-solidaria-Instituto-Aleman-de-Puerto-Montt-2026_0006_DSC_3402.jpg\" class=\"attachment-full size-full\" alt=\"\" srcset=\"https:\/\/ialeman.cl\/wp-content\/uploads\/2026\/04\/pascua-solidaria-Instituto-Aleman-de-Puerto-Montt-2026_0006_DSC_3402.jpg 1200w, https:\/\/ialeman.cl\/wp-content\/uploads\/2026\/04\/pascua-solidaria-Instituto-Aleman-de-Puerto-Montt-2026_0006_DSC_3402-300x200.jpg 300w, https:\/\/ialeman.cl\/wp-content\/uploads\/2026\/04\/pascua-solidaria-Instituto-Aleman-de-Puerto-Montt-2026_0006_DSC_3402-1024x684.jpg 1024w, https:\/\/ialeman.cl\/wp-content\/uploads\/2026\/04\/pascua-solidaria-Instituto-Aleman-de-Puerto-Montt-2026_0006_DSC_3402-768x513.jpg 768w\" sizes=\"(max-width: 1200px) 100vw, 1200px\" \/><\/a>\n<a data-elementor-open-lightbox=\"yes\" data-elementor-lightbox-slideshow=\"30da8b4\" data-elementor-lightbox-title=\"pascua solidaria Instituto Alem\u00e1n de Puerto Montt 2026_0004_DSC_3480\" data-e-action-hash=\"#elementor-action%3Aaction%3Dlightbox%26settings%3DeyJpZCI6NTUyODEsInVybCI6Imh0dHBzOlwvXC9pYWxlbWFuLmNsXC93cC1jb250ZW50XC91cGxvYWRzXC8yMDI2XC8wNFwvcGFzY3VhLXNvbGlkYXJpYS1JbnN0aXR1dG8tQWxlbWFuLWRlLVB1ZXJ0by1Nb250dC0yMDI2XzAwMDRfRFNDXzM0ODAuanBnIiwic2xpZGVzaG93IjoiMzBkYThiNCJ9\" href='https:\/\/ialeman.cl\/wp-content\/uploads\/2026\/04\/pascua-solidaria-Instituto-Aleman-de-Puerto-Montt-2026_0004_DSC_3480.jpg'><img loading=\"lazy\" decoding=\"async\" width=\"1200\" height=\"801\" src=\"https:\/\/ialeman.cl\/wp-content\/uploads\/2026\/04\/pascua-solidaria-Instituto-Aleman-de-Puerto-Montt-2026_0004_DSC_3480.jpg\" class=\"attachment-full size-full\" alt=\"\" srcset=\"https:\/\/ialeman.cl\/wp-content\/uploads\/2026\/04\/pascua-solidaria-Instituto-Aleman-de-Puerto-Montt-2026_0004_DSC_3480.jpg 1200w, https:\/\/ialeman.cl\/wp-content\/uploads\/2026\/04\/pascua-solidaria-Instituto-Aleman-de-Puerto-Montt-2026_0004_DSC_3480-300x200.jpg 300w, https:\/\/ialeman.cl\/wp-content\/uploads\/2026\/04\/pascua-solidaria-Instituto-Aleman-de-Puerto-Montt-2026_0004_DSC_3480-1024x684.jpg 1024w, https:\/\/ialeman.cl\/wp-content\/uploads\/2026\/04\/pascua-solidaria-Instituto-Aleman-de-Puerto-Montt-2026_0004_DSC_3480-768x513.jpg 768w\" sizes=\"(max-width: 1200px) 100vw, 1200px\" \/><\/a>\n<a data-elementor-open-lightbox=\"yes\" data-elementor-lightbox-slideshow=\"30da8b4\" data-elementor-lightbox-title=\"pascua solidaria Instituto Alem\u00e1n de Puerto Montt 2026_0005_DSC_3426\" data-e-action-hash=\"#elementor-action%3Aaction%3Dlightbox%26settings%3DeyJpZCI6NTUyODIsInVybCI6Imh0dHBzOlwvXC9pYWxlbWFuLmNsXC93cC1jb250ZW50XC91cGxvYWRzXC8yMDI2XC8wNFwvcGFzY3VhLXNvbGlkYXJpYS1JbnN0aXR1dG8tQWxlbWFuLWRlLVB1ZXJ0by1Nb250dC0yMDI2XzAwMDVfRFNDXzM0MjYuanBnIiwic2xpZGVzaG93IjoiMzBkYThiNCJ9\" href='https:\/\/ialeman.cl\/wp-content\/uploads\/2026\/04\/pascua-solidaria-Instituto-Aleman-de-Puerto-Montt-2026_0005_DSC_3426.jpg'><img loading=\"lazy\" decoding=\"async\" width=\"1200\" height=\"801\" src=\"https:\/\/ialeman.cl\/wp-content\/uploads\/2026\/04\/pascua-solidaria-Instituto-Aleman-de-Puerto-Montt-2026_0005_DSC_3426.jpg\" class=\"attachment-full size-full\" alt=\"\" srcset=\"https:\/\/ialeman.cl\/wp-content\/uploads\/2026\/04\/pascua-solidaria-Instituto-Aleman-de-Puerto-Montt-2026_0005_DSC_3426.jpg 1200w, https:\/\/ialeman.cl\/wp-content\/uploads\/2026\/04\/pascua-solidaria-Instituto-Aleman-de-Puerto-Montt-2026_0005_DSC_3426-300x200.jpg 300w, https:\/\/ialeman.cl\/wp-content\/uploads\/2026\/04\/pascua-solidaria-Instituto-Aleman-de-Puerto-Montt-2026_0005_DSC_3426-1024x684.jpg 1024w, https:\/\/ialeman.cl\/wp-content\/uploads\/2026\/04\/pascua-solidaria-Instituto-Aleman-de-Puerto-Montt-2026_0005_DSC_3426-768x513.jpg 768w\" sizes=\"(max-width: 1200px) 100vw, 1200px\" \/><\/a>\n<a data-elementor-open-lightbox=\"yes\" data-elementor-lightbox-slideshow=\"30da8b4\" data-elementor-lightbox-title=\"pascua solidaria Instituto Alem\u00e1n de Puerto Montt 2026_0007_DSC_3455\" data-e-action-hash=\"#elementor-action%3Aaction%3Dlightbox%26settings%3DeyJpZCI6NTUyODQsInVybCI6Imh0dHBzOlwvXC9pYWxlbWFuLmNsXC93cC1jb250ZW50XC91cGxvYWRzXC8yMDI2XC8wNFwvcGFzY3VhLXNvbGlkYXJpYS1JbnN0aXR1dG8tQWxlbWFuLWRlLVB1ZXJ0by1Nb250dC0yMDI2XzAwMDdfRFNDXzM0NTUuanBnIiwic2xpZGVzaG93IjoiMzBkYThiNCJ9\" href='https:\/\/ialeman.cl\/wp-content\/uploads\/2026\/04\/pascua-solidaria-Instituto-Aleman-de-Puerto-Montt-2026_0007_DSC_3455.jpg'><img loading=\"lazy\" decoding=\"async\" width=\"1200\" height=\"801\" src=\"https:\/\/ialeman.cl\/wp-content\/uploads\/2026\/04\/pascua-solidaria-Instituto-Aleman-de-Puerto-Montt-2026_0007_DSC_3455.jpg\" class=\"attachment-full size-full\" alt=\"\" srcset=\"https:\/\/ialeman.cl\/wp-content\/uploads\/2026\/04\/pascua-solidaria-Instituto-Aleman-de-Puerto-Montt-2026_0007_DSC_3455.jpg 1200w, https:\/\/ialeman.cl\/wp-content\/uploads\/2026\/04\/pascua-solidaria-Instituto-Aleman-de-Puerto-Montt-2026_0007_DSC_3455-300x200.jpg 300w, https:\/\/ialeman.cl\/wp-content\/uploads\/2026\/04\/pascua-solidaria-Instituto-Aleman-de-Puerto-Montt-2026_0007_DSC_3455-1024x684.jpg 1024w, https:\/\/ialeman.cl\/wp-content\/uploads\/2026\/04\/pascua-solidaria-Instituto-Aleman-de-Puerto-Montt-2026_0007_DSC_3455-768x513.jpg 768w\" sizes=\"(max-width: 1200px) 100vw, 1200px\" \/><\/a>\n<a data-elementor-open-lightbox=\"yes\" data-elementor-lightbox-slideshow=\"30da8b4\" data-elementor-lightbox-title=\"pascua solidaria Instituto Alem\u00e1n de Puerto Montt 2026_0012_DSC_4804\" data-e-action-hash=\"#elementor-action%3Aaction%3Dlightbox%26settings%3DeyJpZCI6NTUyODksInVybCI6Imh0dHBzOlwvXC9pYWxlbWFuLmNsXC93cC1jb250ZW50XC91cGxvYWRzXC8yMDI2XC8wNFwvcGFzY3VhLXNvbGlkYXJpYS1JbnN0aXR1dG8tQWxlbWFuLWRlLVB1ZXJ0by1Nb250dC0yMDI2XzAwMTJfRFNDXzQ4MDQuanBnIiwic2xpZGVzaG93IjoiMzBkYThiNCJ9\" href='https:\/\/ialeman.cl\/wp-content\/uploads\/2026\/04\/pascua-solidaria-Instituto-Aleman-de-Puerto-Montt-2026_0012_DSC_4804.jpg'><img loading=\"lazy\" decoding=\"async\" width=\"1200\" height=\"801\" src=\"https:\/\/ialeman.cl\/wp-content\/uploads\/2026\/04\/pascua-solidaria-Instituto-Aleman-de-Puerto-Montt-2026_0012_DSC_4804.jpg\" class=\"attachment-full size-full\" alt=\"\" srcset=\"https:\/\/ialeman.cl\/wp-content\/uploads\/2026\/04\/pascua-solidaria-Instituto-Aleman-de-Puerto-Montt-2026_0012_DSC_4804.jpg 1200w, https:\/\/ialeman.cl\/wp-content\/uploads\/2026\/04\/pascua-solidaria-Instituto-Aleman-de-Puerto-Montt-2026_0012_DSC_4804-300x200.jpg 300w, https:\/\/ialeman.cl\/wp-content\/uploads\/2026\/04\/pascua-solidaria-Instituto-Aleman-de-Puerto-Montt-2026_0012_DSC_4804-1024x684.jpg 1024w, https:\/\/ialeman.cl\/wp-content\/uploads\/2026\/04\/pascua-solidaria-Instituto-Aleman-de-Puerto-Montt-2026_0012_DSC_4804-768x513.jpg 768w\" sizes=\"(max-width: 1200px) 100vw, 1200px\" \/><\/a>\n\t\t<\/div>\n\t\t\t\t\t\t<\/div>\n\t\t\t\t<\/div>\n\t\t\t\t\t<\/div>\n\t\t<\/div>\n\t\t\t\t\t<\/div>\n\t\t<\/section>\n\t\t\t\t<\/div>\n\t\t","protected":false},"excerpt":{"rendered":"<p>300 niditos de Pascua fueron entregados a escuelas de Puerto Montt Con alegr\u00eda y esp\u00edritu solidario, la comunidad del Instituto Alem\u00e1n de Puerto Montt dio vida a una nueva campa\u00f1a de Pascua, reuniendo m\u00e1s de 300 niditos destinados a las escuelas Cayenel y Chamiza. La primera visita se realiz\u00f3 en la Escuela Cayenel, donde una [&hellip;]<\/p>\n","protected":false},"author":1,"featured_media":55275,"comment_status":"closed","ping_status":"","sticky":false,"template":"","format":"standard","meta":{"_crdt_document":"{\"document\":\"AAAG5NnMnB9DIAYIAgoDAQYCGAEkNuYBDAQIDDDiAY4CzAIyigFCgAECBQgKDAQIJygBIQAnAAQAhAcnASgBIQAoAycAKCgnAKgARADEA6gEKACoACEBqLUK2AlzdGF0ZXZlcnNpb25kb2N1bWVudGRhdGVkb2N1bWVudHN0YXR1c2RvY3VtZW50dGl0bGVCb3JyYWRvciBhdXRvbcOhdGljb2RvY3VtZW50Y29udGVudGRvY3VtZW50ZXhjZXJwdGRvY3VtZW50YXV0aG9yZG9jdW1lbnRmZWF0dXJlZF9tZWRpYWRvY3VtZW50Y29tbWVudF9zdGF0dXNkb2N1bWVudHBpbmdfc3RhdHVzZG9jdW1lbnRzdGlja3lkb2N1bWVudHRlbXBsYXRlZG9jdW1lbnRmb3JtYXRkb2N1bWVudG1ldGFfbW9uc3Rlcmluc2lnaHRzX3NraXBfdHJhY2tpbmdfbW9uc3Rlcmluc2lnaHRzX3NpdGVub3RlX2FjdGl2ZV9tb25zdGVyaW5zaWdodHNfc2l0ZW5vdGVfbm90ZV9tb25zdGVyaW5zaWdodHNfc2l0ZW5vdGVfY2F0ZWdvcnlzaXRlLXNpZGViYXItbGF5b3V0c2l0ZS1jb250ZW50LWxheW91dGFzdC1zaXRlLWNvbnRlbnQtbGF5b3V0c2l0ZS1jb250ZW50LXN0eWxlc2l0ZS1zaWRlYmFyLXN0eWxlYXN0LWdsb2JhbC1oZWFkZXItZGlzcGxheWFzdC1iYW5uZXItdGl0bGUtdmlzaWJpbGl0eWFzdC1tYWluLWhlYWRlci1kaXNwbGF5YXN0LWhmYi1hYm92ZS1oZWFkZXItZGlzcGxheWFzdC1oZmItYmVsb3ctaGVhZGVyLWRpc3BsYXlhc3QtaGZiLW1vYmlsZS1oZWFkZXItZGlzcGxheXNpdGUtcG9zdC10aXRsZWFzdC1icmVhZGNydW1icy1jb250ZW50YXN0LWZlYXR1cmVkLWltZ2Zvb3Rlci1zbWwtbGF5b3V0YXN0LWRpc2FibGUtcmVsYXRlZC1wb3N0c3RoZW1lLXRyYW5zcGFyZW50LWhlYWRlci1tZXRhYWR2LWhlYWRlci1pZC1tZXRhc3RpY2staGVhZGVyLW1ldGFoZWFkZXItYWJvdmUtc3RpY2stbWV0YWhlYWRlci1tYWluLXN0aWNrLW1ldGFoZWFkZXItYmVsb3ctc3RpY2stbWV0YWFzdHJhLW1pZ3JhdGUtbWV0YS1sYXlvdXRzYXN0LXBhZ2UtYmFja2dyb3VuZC1lbmFibGVkYXN0LXBhZ2UtYmFja2dyb3VuZC1tZXRhYXN0LWNvbnRlbnQtYmFja2dyb3VuZC1tZXRhYWR2YW5jZWRfc2VvX2Rlc2NyaXB0aW9uamV0cGFja19zZW9faHRtbF90aXRsZWpldHBhY2tfc2VvX25vaW5kZXhfamV0cGFja19tZW1iZXJzaGlwc19jb250YWluc19wYWlkX2NvbnRlbnRmb290bm90ZXNfZWxlbWVudG9yX2VkaXRfbW9kZV9lbGVtZW50b3JfdGVtcGxhdGVfdHlwZV9lbGVtZW50b3JfZGF0YV9lbGVtZW50b3JfcGFnZV9zZXR0aW5nc2RvY3VtZW50Y2F0ZWdvcmllc2RvY3VtZW50dGFnc2RvY3VtZW50YmxvY2tzUHNjYSBTbGRhcmlhZG9jdW1lbnRzbHVnc3RhdGVzYXZlZEF0c3RhdGVzYXZlZEJ5BQcIBAgGCAUEAQVBAQMBAggHCAcIBggOCA4ICwgGSAEGCAQeIB4iUwAXUgAZGxdcAB0PFxARGR0SERcWFxobGBsYFhMqCRQYDxgICggECAYBAgMBBQgEBQcFBwkBAwAAAQkAJgEEQgEBAAJBPwFUAH0BdxMyMDI2LTA0LTE3VDA5OjI2OjA3fQF9AHcAeXcAdwhzdGFuZGFyZHl5dwB9AHcHZGVmYXVsdHcAdwdkZWZhdWx0dwdkZWZhdWx0dwdkZWZhdWx0dwB3AHcAdwB3AHcAdwB3AHcAdwB3AHcAdwB3AHcAdwB3AHcHZGVmYXVsdHcHZGVmYXVsdHYDB2Rlc2t0b3B2DBBiYWNrZ3JvdW5kLWNvbG9ydxl2YXIoLS1hc3QtZ2xvYmFsLWNvbG9yLTQpEGJhY2tncm91bmQtaW1hZ2V3ABFiYWNrZ3JvdW5kLXJlcGVhdHcGcmVwZWF0E2JhY2tncm91bmQtcG9zaXRpb253DWNlbnRlciBjZW50ZXIPYmFja2dyb3VuZC1zaXpldwRhdXRvFWJhY2tncm91bmQtYXR0YWNobWVudHcGc2Nyb2xsD2JhY2tncm91bmQtdHlwZXcAEGJhY2tncm91bmQtbWVkaWF3AAxvdmVybGF5LXR5cGV3AA1vdmVybGF5LWNvbG9ydwAPb3ZlcmxheS1vcGFjaXR5dwAQb3ZlcmxheS1ncmFkaWVudHcABnRhYmxldHYMEGJhY2tncm91bmQtY29sb3J3ABBiYWNrZ3JvdW5kLWltYWdldwARYmFja2dyb3VuZC1yZXBlYXR3BnJlcGVhdBNiYWNrZ3JvdW5kLXBvc2l0aW9udw1jZW50ZXIgY2VudGVyD2JhY2tncm91bmQtc2l6ZXcEYXV0bxViYWNrZ3JvdW5kLWF0dGFjaG1lbnR3BnNjcm9sbA9iYWNrZ3JvdW5kLXR5cGV3ABBiYWNrZ3JvdW5kLW1lZGlhdwAMb3ZlcmxheS10eXBldwANb3ZlcmxheS1jb2xvcncAD292ZXJsYXktb3BhY2l0eXcAEG92ZXJsYXktZ3JhZGllbnR3AAZtb2JpbGV2DBBiYWNrZ3JvdW5kLWNvbG9ydwAQYmFja2dyb3VuZC1pbWFnZXcAEWJhY2tncm91bmQtcmVwZWF0dwZyZXBlYXQTYmFja2dyb3VuZC1wb3NpdGlvbncNY2VudGVyIGNlbnRlcg9iYWNrZ3JvdW5kLXNpemV3BGF1dG8VYmFja2dyb3VuZC1hdHRhY2htZW50dwZzY3JvbGwPYmFja2dyb3VuZC10eXBldwAQYmFja2dyb3VuZC1tZWRpYXcADG92ZXJsYXktdHlwZXcADW92ZXJsYXktY29sb3J3AA9vdmVybGF5LW9wYWNpdHl3ABBvdmVybGF5LWdyYWRpZW50dwB2AwdkZXNrdG9wdgwQYmFja2dyb3VuZC1jb2xvcncZdmFyKC0tYXN0LWdsb2JhbC1jb2xvci01KRBiYWNrZ3JvdW5kLWltYWdldwARYmFja2dyb3VuZC1yZXBlYXR3BnJlcGVhdBNiYWNrZ3JvdW5kLXBvc2l0aW9udw1jZW50ZXIgY2VudGVyD2JhY2tncm91bmQtc2l6ZXcEYXV0bxViYWNrZ3JvdW5kLWF0dGFjaG1lbnR3BnNjcm9sbA9iYWNrZ3JvdW5kLXR5cGV3ABBiYWNrZ3JvdW5kLW1lZGlhdwAMb3ZlcmxheS10eXBldwANb3ZlcmxheS1jb2xvcncAD292ZXJsYXktb3BhY2l0eXcAEG92ZXJsYXktZ3JhZGllbnR3AAZ0YWJsZXR2DBBiYWNrZ3JvdW5kLWNvbG9ydxl2YXIoLS1hc3QtZ2xvYmFsLWNvbG9yLTUpEGJhY2tncm91bmQtaW1hZ2V3ABFiYWNrZ3JvdW5kLXJlcGVhdHcGcmVwZWF0E2JhY2tncm91bmQtcG9zaXRpb253DWNlbnRlciBjZW50ZXIPYmFja2dyb3VuZC1zaXpldwRhdXRvFWJhY2tncm91bmQtYXR0YWNobWVudHcGc2Nyb2xsD2JhY2tncm91bmQtdHlwZXcAEGJhY2tncm91bmQtbWVkaWF3AAxvdmVybGF5LXR5cGV3AA1vdmVybGF5LWNvbG9ydwAPb3ZlcmxheS1vcGFjaXR5dwAQb3ZlcmxheS1ncmFkaWVudHcABm1vYmlsZXYMEGJhY2tncm91bmQtY29sb3J3GXZhcigtLWFzdC1nbG9iYWwtY29sb3ItNSkQYmFja2dyb3VuZC1pbWFnZXcAEWJhY2tncm91bmQtcmVwZWF0dwZyZXBlYXQTYmFja2dyb3VuZC1wb3NpdGlvbncNY2VudGVyIGNlbnRlcg9iYWNrZ3JvdW5kLXNpemV3BGF1dG8VYmFja2dyb3VuZC1hdHRhY2htZW50dwZzY3JvbGwPYmFja2dyb3VuZC10eXBldwAQYmFja2dyb3VuZC1tZWRpYXcADG92ZXJsYXktdHlwZXcADW92ZXJsYXktY29sb3J3AA9vdmVybGF5LW9wYWNpdHl3ABBvdmVybGF5LWdyYWRpZW50dwB3AHcAeXl3AHcAdwB3AH51AHUAdwNzZXR9q98GdwhkaXNhYmxlZHcTMjAyNi0wNC0wNlQwOToyNjowN3UBfQp3B3B1Ymxpc2h3EHBhc2N1YS1zb2xpZGFyaWF3BmNsb3NlZHc5Q29uc2Vqb3MgU0VPIHBhcmEgTWVqb3JhciBlbCBQb3NpY2lvbmFtaWVudG8gV2ViIGVuIENoaWxld3tEZXNjdWJyZSBsYXMgbWVqb3JlcyBlc3RyYXRlZ2lhcyBwYXJhIG9wdGltaXphciB0dSBTRU8geSBtZWpvcmFyIGxhIHZpc2liaWxpZGFkIGRlIHR1IHNpdGlvIHdlYi4gwqFBdW1lbnRhIHR1IHRyw6FmaWNvIGhveSF7QnnZug+7sAB7Qe85MsyAAAAB5Kymzg8MAQEBAwEEAQABAgEBAwEWAAgAAwEHABYB\",\"updateId\":336462404}","_monsterinsights_skip_tracking":false,"_monsterinsights_sitenote_active":false,"_monsterinsights_sitenote_note":"","_monsterinsights_sitenote_category":0,"site-sidebar-layout":"default","site-content-layout":"","ast-site-content-layout":"default","site-content-style":"default","site-sidebar-style":"default","ast-global-header-display":"","ast-banner-title-visibility":"","ast-main-header-display":"","ast-hfb-above-header-display":"","ast-hfb-below-header-display":"","ast-hfb-mobile-header-display":"","site-post-title":"","ast-breadcrumbs-content":"","ast-featured-img":"disabled","footer-sml-layout":"","ast-disable-related-posts":"","theme-transparent-header-meta":"","adv-header-id-meta":"","stick-header-meta":"","header-above-stick-meta":"","header-main-stick-meta":"","header-below-stick-meta":"","astra-migrate-meta-layouts":"set","ast-page-background-enabled":"default","ast-page-background-meta":{"desktop":{"background-color":"var(--ast-global-color-4)","background-image":"","background-repeat":"repeat","background-position":"center center","background-size":"auto","background-attachment":"scroll","background-type":"","background-media":"","overlay-type":"","overlay-color":"","overlay-opacity":"","overlay-gradient":""},"tablet":{"background-color":"","background-image":"","background-repeat":"repeat","background-position":"center center","background-size":"auto","background-attachment":"scroll","background-type":"","background-media":"","overlay-type":"","overlay-color":"","overlay-opacity":"","overlay-gradient":""},"mobile":{"background-color":"","background-image":"","background-repeat":"repeat","background-position":"center center","background-size":"auto","background-attachment":"scroll","background-type":"","background-media":"","overlay-type":"","overlay-color":"","overlay-opacity":"","overlay-gradient":""}},"ast-content-background-meta":{"desktop":{"background-color":"var(--ast-global-color-5)","background-image":"","background-repeat":"repeat","background-position":"center center","background-size":"auto","background-attachment":"scroll","background-type":"","background-media":"","overlay-type":"","overlay-color":"","overlay-opacity":"","overlay-gradient":""},"tablet":{"background-color":"var(--ast-global-color-5)","background-image":"","background-repeat":"repeat","background-position":"center center","background-size":"auto","background-attachment":"scroll","background-type":"","background-media":"","overlay-type":"","overlay-color":"","overlay-opacity":"","overlay-gradient":""},"mobile":{"background-color":"var(--ast-global-color-5)","background-image":"","background-repeat":"repeat","background-position":"center center","background-size":"auto","background-attachment":"scroll","background-type":"","background-media":"","overlay-type":"","overlay-color":"","overlay-opacity":"","overlay-gradient":""}},"advanced_seo_description":"Descubre las mejores estrategias para optimizar tu SEO y mejorar la visibilidad de tu sitio web. \u00a1Aumenta tu tr\u00e1fico hoy!","jetpack_seo_html_title":"Consejos SEO para Mejorar el Posicionamiento Web en Chile","jetpack_seo_noindex":false,"_jetpack_memberships_contains_paid_content":false,"footnotes":""},"categories":[10],"tags":[],"class_list":["post-55272","post","type-post","status-publish","format-standard","has-post-thumbnail","hentry","category-noticias"],"jetpack_featured_media_url":"https:\/\/ialeman.cl\/wp-content\/uploads\/2026\/04\/pascua-solidaria-Instituto-Aleman-de-Puerto-Montt-2026_0014_DSC_4842.jpg","jetpack_shortlink":"https:\/\/wp.me\/ph8I5c-enu","jetpack_sharing_enabled":true,"_links":{"self":[{"href":"https:\/\/ialeman.cl\/index.php\/wp-json\/wp\/v2\/posts\/55272","targetHints":{"allow":["GET"]}}],"collection":[{"href":"https:\/\/ialeman.cl\/index.php\/wp-json\/wp\/v2\/posts"}],"about":[{"href":"https:\/\/ialeman.cl\/index.php\/wp-json\/wp\/v2\/types\/post"}],"author":[{"embeddable":true,"href":"https:\/\/ialeman.cl\/index.php\/wp-json\/wp\/v2\/users\/1"}],"replies":[{"embeddable":true,"href":"https:\/\/ialeman.cl\/index.php\/wp-json\/wp\/v2\/comments?post=55272"}],"version-history":[{"count":14,"href":"https:\/\/ialeman.cl\/index.php\/wp-json\/wp\/v2\/posts\/55272\/revisions"}],"predecessor-version":[{"id":55304,"href":"https:\/\/ialeman.cl\/index.php\/wp-json\/wp\/v2\/posts\/55272\/revisions\/55304"}],"wp:featuredmedia":[{"embeddable":true,"href":"https:\/\/ialeman.cl\/index.php\/wp-json\/wp\/v2\/media\/55275"}],"wp:attachment":[{"href":"https:\/\/ialeman.cl\/index.php\/wp-json\/wp\/v2\/media?parent=55272"}],"wp:term":[{"taxonomy":"category","embeddable":true,"href":"https:\/\/ialeman.cl\/index.php\/wp-json\/wp\/v2\/categories?post=55272"},{"taxonomy":"post_tag","embeddable":true,"href":"https:\/\/ialeman.cl\/index.php\/wp-json\/wp\/v2\/tags?post=55272"}],"curies":[{"name":"wp","href":"https:\/\/api.w.org\/{rel}","templated":true}]}}