{"id":55186,"date":"2026-03-18T10:19:34","date_gmt":"2026-03-18T14:19:34","guid":{"rendered":"https:\/\/ialeman.cl\/?p=55186"},"modified":"2026-04-16T09:17:31","modified_gmt":"2026-04-16T13:17:31","slug":"certificacion-dsd-i-y-ii","status":"publish","type":"post","link":"https:\/\/ialeman.cl\/index.php\/certificacion-dsd-i-y-ii\/","title":{"rendered":"Certificaci\u00f3n DSD I y II"},"content":{"rendered":"\t\t<div data-elementor-type=\"wp-post\" data-elementor-id=\"55186\" class=\"elementor elementor-55186\">\n\t\t\t\t\t\t<section class=\"elementor-section elementor-top-section elementor-element elementor-element-161bdee elementor-section-boxed elementor-section-height-default elementor-section-height-default\" data-id=\"161bdee\" data-element_type=\"section\" data-e-type=\"section\">\n\t\t\t\t\t\t<div class=\"elementor-container elementor-column-gap-default\">\n\t\t\t\t\t<div class=\"elementor-column elementor-col-100 elementor-top-column elementor-element elementor-element-aa7d7a1\" data-id=\"aa7d7a1\" data-element_type=\"column\" data-e-type=\"column\">\n\t\t\t<div class=\"elementor-widget-wrap elementor-element-populated\">\n\t\t\t\t\t\t<div class=\"elementor-element elementor-element-abfb2a7 elementor-widget elementor-widget-heading\" data-id=\"abfb2a7\" data-element_type=\"widget\" data-e-type=\"widget\" data-widget_type=\"heading.default\">\n\t\t\t\t<div class=\"elementor-widget-container\">\n\t\t\t\t\t<h2 class=\"elementor-heading-title elementor-size-default\">Ceremonia de certificaci\u00f3n DSD I y II\n<\/h2>\t\t\t\t<\/div>\n\t\t\t\t<\/div>\n\t\t\t\t\t<\/div>\n\t\t<\/div>\n\t\t\t\t\t<\/div>\n\t\t<\/section>\n\t\t\t\t<section class=\"elementor-section elementor-top-section elementor-element elementor-element-e6aea5b elementor-section-boxed elementor-section-height-default elementor-section-height-default\" data-id=\"e6aea5b\" data-element_type=\"section\" data-e-type=\"section\">\n\t\t\t\t\t\t<div class=\"elementor-container elementor-column-gap-default\">\n\t\t\t\t\t<div class=\"elementor-column elementor-col-100 elementor-top-column elementor-element elementor-element-02ca26b\" data-id=\"02ca26b\" data-element_type=\"column\" data-e-type=\"column\">\n\t\t\t<div class=\"elementor-widget-wrap elementor-element-populated\">\n\t\t\t\t\t\t<div class=\"elementor-element elementor-element-140e25f elementor-widget elementor-widget-heading\" data-id=\"140e25f\" data-element_type=\"widget\" data-e-type=\"widget\" data-widget_type=\"heading.default\">\n\t\t\t\t<div class=\"elementor-widget-container\">\n\t\t\t\t\t<h2 class=\"elementor-heading-title elementor-size-default\">Un total de 30 estudiantes de Ense\u00f1anza Media recibieron sus diplomas en la ceremonia de certificaci\u00f3n en idioma alem\u00e1n, tras aprobar el examen internacional Deutsches Sprachdiplom I, nivel B1, aplicado durante el a\u00f1o acad\u00e9mico 2025.<br><br>\n\nEn la ocasi\u00f3n, se reconoci\u00f3 de manera especial a la alumna de IV Medio, Isabella Steuer, quien rindi\u00f3 de forma excepcional el Deutsches Sprachdiplom II mientras cursaba III Medio, alcanzando el nivel C1. Este importante logro fue destacado por el Rector, Sr. Gabriel Saldivia.<br><br>\n\nLa instancia permiti\u00f3 relevar el trabajo, compromiso y responsabilidad de los estudiantes de III y IV Medio del Instituto Alem\u00e1n de Puerto Montt en su proceso de aprendizaje del idioma, acompa\u00f1ados por sus profesores del Departamento de Alem\u00e1n y el permanente apoyo de sus familias.\nLa instancia permiti\u00f3 destacar el trabajo, compromiso y responsabilidad de los alumnos en el aprendizaje del idioma, acompa\u00f1ados por sus profesores del Departamento de Alem\u00e1n y sus familias.<br><br>\n\nEn la ocasi\u00f3n, se destac\u00f3 de manera especial a la estudiante de IV Medio, Isabella Steuer, quien alcanz\u00f3 el nivel C1 en el DSD II, al rendir el examen cuando cursaba III Medio. Este importante logro fue reconocido por el Rector, Sr. Gabriel Saldivia.<\/h2>\t\t\t\t<\/div>\n\t\t\t\t<\/div>\n\t\t\t\t\t<\/div>\n\t\t<\/div>\n\t\t\t\t\t<\/div>\n\t\t<\/section>\n\t\t\t\t<section class=\"elementor-section elementor-top-section elementor-element elementor-element-7577b6b elementor-section-boxed elementor-section-height-default elementor-section-height-default\" data-id=\"7577b6b\" data-element_type=\"section\" data-e-type=\"section\">\n\t\t\t\t\t\t<div class=\"elementor-container elementor-column-gap-default\">\n\t\t\t\t\t<div class=\"elementor-column elementor-col-100 elementor-top-column elementor-element elementor-element-8d7c84c\" data-id=\"8d7c84c\" data-element_type=\"column\" data-e-type=\"column\">\n\t\t\t<div class=\"elementor-widget-wrap elementor-element-populated\">\n\t\t\t\t\t\t<div class=\"elementor-element elementor-element-2fde404 gallery-spacing-custom elementor-widget elementor-widget-image-gallery\" data-id=\"2fde404\" data-element_type=\"widget\" data-e-type=\"widget\" data-widget_type=\"image-gallery.default\">\n\t\t\t\t<div class=\"elementor-widget-container\">\n\t\t\t\t\t\t\t<div class=\"elementor-image-gallery\">\n\t\t\t<div id='gallery-1' class='gallery galleryid-55186 gallery-columns-2 gallery-size-full'><figure class='gallery-item'>\n\t\t\t<div class='gallery-icon landscape'>\n\t\t\t\t<a data-elementor-open-lightbox=\"yes\" data-elementor-lightbox-slideshow=\"2fde404\" data-elementor-lightbox-title=\"DSD I y II Instituto Alem\u00e1n de Puerto Montt_0016_DSC_1389\" data-e-action-hash=\"#elementor-action%3Aaction%3Dlightbox%26settings%3DeyJpZCI6NTUyMDcsInVybCI6Imh0dHBzOlwvXC9pYWxlbWFuLmNsXC93cC1jb250ZW50XC91cGxvYWRzXC8yMDI2XC8wNFwvRFNELUkteS1JSS1JbnN0aXR1dG8tQWxlbWFuLWRlLVB1ZXJ0by1Nb250dF8wMDE2X0RTQ18xMzg5LTEuanBnIiwic2xpZGVzaG93IjoiMmZkZTQwNCJ9\" href='https:\/\/ialeman.cl\/wp-content\/uploads\/2026\/04\/DSD-I-y-II-Instituto-Aleman-de-Puerto-Montt_0016_DSC_1389-1.jpg'><img fetchpriority=\"high\" decoding=\"async\" width=\"1200\" height=\"801\" src=\"https:\/\/ialeman.cl\/wp-content\/uploads\/2026\/04\/DSD-I-y-II-Instituto-Aleman-de-Puerto-Montt_0016_DSC_1389-1.jpg\" class=\"attachment-full size-full\" alt=\"\" srcset=\"https:\/\/ialeman.cl\/wp-content\/uploads\/2026\/04\/DSD-I-y-II-Instituto-Aleman-de-Puerto-Montt_0016_DSC_1389-1.jpg 1200w, https:\/\/ialeman.cl\/wp-content\/uploads\/2026\/04\/DSD-I-y-II-Instituto-Aleman-de-Puerto-Montt_0016_DSC_1389-1-300x200.jpg 300w, https:\/\/ialeman.cl\/wp-content\/uploads\/2026\/04\/DSD-I-y-II-Instituto-Aleman-de-Puerto-Montt_0016_DSC_1389-1-1024x684.jpg 1024w, https:\/\/ialeman.cl\/wp-content\/uploads\/2026\/04\/DSD-I-y-II-Instituto-Aleman-de-Puerto-Montt_0016_DSC_1389-1-768x513.jpg 768w\" sizes=\"(max-width: 1200px) 100vw, 1200px\" \/><\/a>\n\t\t\t<\/div><\/figure><figure class='gallery-item'>\n\t\t\t<div class='gallery-icon landscape'>\n\t\t\t\t<a data-elementor-open-lightbox=\"yes\" data-elementor-lightbox-slideshow=\"2fde404\" data-elementor-lightbox-title=\"DSD I y II Instituto Alem\u00e1n de Puerto Montt_0019_DSC_1345\" data-e-action-hash=\"#elementor-action%3Aaction%3Dlightbox%26settings%3DeyJpZCI6NTUyMTAsInVybCI6Imh0dHBzOlwvXC9pYWxlbWFuLmNsXC93cC1jb250ZW50XC91cGxvYWRzXC8yMDI2XC8wNFwvRFNELUkteS1JSS1JbnN0aXR1dG8tQWxlbWFuLWRlLVB1ZXJ0by1Nb250dF8wMDE5X0RTQ18xMzQ1LmpwZyIsInNsaWRlc2hvdyI6IjJmZGU0MDQifQ%3D%3D\" href='https:\/\/ialeman.cl\/wp-content\/uploads\/2026\/04\/DSD-I-y-II-Instituto-Aleman-de-Puerto-Montt_0019_DSC_1345.jpg'><img decoding=\"async\" width=\"1200\" height=\"801\" src=\"https:\/\/ialeman.cl\/wp-content\/uploads\/2026\/04\/DSD-I-y-II-Instituto-Aleman-de-Puerto-Montt_0019_DSC_1345.jpg\" class=\"attachment-full size-full\" alt=\"\" srcset=\"https:\/\/ialeman.cl\/wp-content\/uploads\/2026\/04\/DSD-I-y-II-Instituto-Aleman-de-Puerto-Montt_0019_DSC_1345.jpg 1200w, https:\/\/ialeman.cl\/wp-content\/uploads\/2026\/04\/DSD-I-y-II-Instituto-Aleman-de-Puerto-Montt_0019_DSC_1345-300x200.jpg 300w, https:\/\/ialeman.cl\/wp-content\/uploads\/2026\/04\/DSD-I-y-II-Instituto-Aleman-de-Puerto-Montt_0019_DSC_1345-1024x684.jpg 1024w, https:\/\/ialeman.cl\/wp-content\/uploads\/2026\/04\/DSD-I-y-II-Instituto-Aleman-de-Puerto-Montt_0019_DSC_1345-768x513.jpg 768w\" sizes=\"(max-width: 1200px) 100vw, 1200px\" \/><\/a>\n\t\t\t<\/div><\/figure><figure class='gallery-item'>\n\t\t\t<div class='gallery-icon landscape'>\n\t\t\t\t<a data-elementor-open-lightbox=\"yes\" data-elementor-lightbox-slideshow=\"2fde404\" data-elementor-lightbox-title=\"DSD I y II Instituto Alem\u00e1n de Puerto Montt_0005_DSC_1294\" data-e-action-hash=\"#elementor-action%3Aaction%3Dlightbox%26settings%3DeyJpZCI6NTUxOTYsInVybCI6Imh0dHBzOlwvXC9pYWxlbWFuLmNsXC93cC1jb250ZW50XC91cGxvYWRzXC8yMDI2XC8wNFwvRFNELUkteS1JSS1JbnN0aXR1dG8tQWxlbWFuLWRlLVB1ZXJ0by1Nb250dF8wMDA1X0RTQ18xMjk0LmpwZyIsInNsaWRlc2hvdyI6IjJmZGU0MDQifQ%3D%3D\" href='https:\/\/ialeman.cl\/wp-content\/uploads\/2026\/04\/DSD-I-y-II-Instituto-Aleman-de-Puerto-Montt_0005_DSC_1294.jpg'><img decoding=\"async\" width=\"1200\" height=\"801\" src=\"https:\/\/ialeman.cl\/wp-content\/uploads\/2026\/04\/DSD-I-y-II-Instituto-Aleman-de-Puerto-Montt_0005_DSC_1294.jpg\" class=\"attachment-full size-full\" alt=\"\" srcset=\"https:\/\/ialeman.cl\/wp-content\/uploads\/2026\/04\/DSD-I-y-II-Instituto-Aleman-de-Puerto-Montt_0005_DSC_1294.jpg 1200w, https:\/\/ialeman.cl\/wp-content\/uploads\/2026\/04\/DSD-I-y-II-Instituto-Aleman-de-Puerto-Montt_0005_DSC_1294-300x200.jpg 300w, https:\/\/ialeman.cl\/wp-content\/uploads\/2026\/04\/DSD-I-y-II-Instituto-Aleman-de-Puerto-Montt_0005_DSC_1294-1024x684.jpg 1024w, https:\/\/ialeman.cl\/wp-content\/uploads\/2026\/04\/DSD-I-y-II-Instituto-Aleman-de-Puerto-Montt_0005_DSC_1294-768x513.jpg 768w\" sizes=\"(max-width: 1200px) 100vw, 1200px\" \/><\/a>\n\t\t\t<\/div><\/figure><figure class='gallery-item'>\n\t\t\t<div class='gallery-icon landscape'>\n\t\t\t\t<a data-elementor-open-lightbox=\"yes\" data-elementor-lightbox-slideshow=\"2fde404\" data-elementor-lightbox-title=\"DSD I y II Instituto Alem\u00e1n de Puerto Montt_0007_DSC_1299\" data-e-action-hash=\"#elementor-action%3Aaction%3Dlightbox%26settings%3DeyJpZCI6NTUxOTgsInVybCI6Imh0dHBzOlwvXC9pYWxlbWFuLmNsXC93cC1jb250ZW50XC91cGxvYWRzXC8yMDI2XC8wNFwvRFNELUkteS1JSS1JbnN0aXR1dG8tQWxlbWFuLWRlLVB1ZXJ0by1Nb250dF8wMDA3X0RTQ18xMjk5LmpwZyIsInNsaWRlc2hvdyI6IjJmZGU0MDQifQ%3D%3D\" href='https:\/\/ialeman.cl\/wp-content\/uploads\/2026\/04\/DSD-I-y-II-Instituto-Aleman-de-Puerto-Montt_0007_DSC_1299.jpg'><img loading=\"lazy\" decoding=\"async\" width=\"1200\" height=\"801\" src=\"https:\/\/ialeman.cl\/wp-content\/uploads\/2026\/04\/DSD-I-y-II-Instituto-Aleman-de-Puerto-Montt_0007_DSC_1299.jpg\" class=\"attachment-full size-full\" alt=\"\" srcset=\"https:\/\/ialeman.cl\/wp-content\/uploads\/2026\/04\/DSD-I-y-II-Instituto-Aleman-de-Puerto-Montt_0007_DSC_1299.jpg 1200w, https:\/\/ialeman.cl\/wp-content\/uploads\/2026\/04\/DSD-I-y-II-Instituto-Aleman-de-Puerto-Montt_0007_DSC_1299-300x200.jpg 300w, https:\/\/ialeman.cl\/wp-content\/uploads\/2026\/04\/DSD-I-y-II-Instituto-Aleman-de-Puerto-Montt_0007_DSC_1299-1024x684.jpg 1024w, https:\/\/ialeman.cl\/wp-content\/uploads\/2026\/04\/DSD-I-y-II-Instituto-Aleman-de-Puerto-Montt_0007_DSC_1299-768x513.jpg 768w\" sizes=\"(max-width: 1200px) 100vw, 1200px\" \/><\/a>\n\t\t\t<\/div><\/figure><figure class='gallery-item'>\n\t\t\t<div class='gallery-icon landscape'>\n\t\t\t\t<a data-elementor-open-lightbox=\"yes\" data-elementor-lightbox-slideshow=\"2fde404\" data-elementor-lightbox-title=\"DSD I y II Instituto Alem\u00e1n de Puerto Montt_0018_Niveles 5\" data-e-action-hash=\"#elementor-action%3Aaction%3Dlightbox%26settings%3DeyJpZCI6NTUyMDksInVybCI6Imh0dHBzOlwvXC9pYWxlbWFuLmNsXC93cC1jb250ZW50XC91cGxvYWRzXC8yMDI2XC8wNFwvRFNELUkteS1JSS1JbnN0aXR1dG8tQWxlbWFuLWRlLVB1ZXJ0by1Nb250dF8wMDE4X05pdmVsZXMtNS5qcGciLCJzbGlkZXNob3ciOiIyZmRlNDA0In0%3D\" href='https:\/\/ialeman.cl\/wp-content\/uploads\/2026\/04\/DSD-I-y-II-Instituto-Aleman-de-Puerto-Montt_0018_Niveles-5.jpg'><img loading=\"lazy\" decoding=\"async\" width=\"1200\" height=\"801\" src=\"https:\/\/ialeman.cl\/wp-content\/uploads\/2026\/04\/DSD-I-y-II-Instituto-Aleman-de-Puerto-Montt_0018_Niveles-5.jpg\" class=\"attachment-full size-full\" alt=\"\" srcset=\"https:\/\/ialeman.cl\/wp-content\/uploads\/2026\/04\/DSD-I-y-II-Instituto-Aleman-de-Puerto-Montt_0018_Niveles-5.jpg 1200w, https:\/\/ialeman.cl\/wp-content\/uploads\/2026\/04\/DSD-I-y-II-Instituto-Aleman-de-Puerto-Montt_0018_Niveles-5-300x200.jpg 300w, https:\/\/ialeman.cl\/wp-content\/uploads\/2026\/04\/DSD-I-y-II-Instituto-Aleman-de-Puerto-Montt_0018_Niveles-5-1024x684.jpg 1024w, https:\/\/ialeman.cl\/wp-content\/uploads\/2026\/04\/DSD-I-y-II-Instituto-Aleman-de-Puerto-Montt_0018_Niveles-5-768x513.jpg 768w\" sizes=\"(max-width: 1200px) 100vw, 1200px\" \/><\/a>\n\t\t\t<\/div><\/figure><figure class='gallery-item'>\n\t\t\t<div class='gallery-icon landscape'>\n\t\t\t\t<a data-elementor-open-lightbox=\"yes\" data-elementor-lightbox-slideshow=\"2fde404\" data-elementor-lightbox-title=\"DSD I y II Instituto Alem\u00e1n de Puerto Montt_0013_DSC_1284\" data-e-action-hash=\"#elementor-action%3Aaction%3Dlightbox%26settings%3DeyJpZCI6NTUyMDQsInVybCI6Imh0dHBzOlwvXC9pYWxlbWFuLmNsXC93cC1jb250ZW50XC91cGxvYWRzXC8yMDI2XC8wNFwvRFNELUkteS1JSS1JbnN0aXR1dG8tQWxlbWFuLWRlLVB1ZXJ0by1Nb250dF8wMDEzX0RTQ18xMjg0LmpwZyIsInNsaWRlc2hvdyI6IjJmZGU0MDQifQ%3D%3D\" href='https:\/\/ialeman.cl\/wp-content\/uploads\/2026\/04\/DSD-I-y-II-Instituto-Aleman-de-Puerto-Montt_0013_DSC_1284.jpg'><img loading=\"lazy\" decoding=\"async\" width=\"1200\" height=\"801\" src=\"https:\/\/ialeman.cl\/wp-content\/uploads\/2026\/04\/DSD-I-y-II-Instituto-Aleman-de-Puerto-Montt_0013_DSC_1284.jpg\" class=\"attachment-full size-full\" alt=\"\" srcset=\"https:\/\/ialeman.cl\/wp-content\/uploads\/2026\/04\/DSD-I-y-II-Instituto-Aleman-de-Puerto-Montt_0013_DSC_1284.jpg 1200w, https:\/\/ialeman.cl\/wp-content\/uploads\/2026\/04\/DSD-I-y-II-Instituto-Aleman-de-Puerto-Montt_0013_DSC_1284-300x200.jpg 300w, https:\/\/ialeman.cl\/wp-content\/uploads\/2026\/04\/DSD-I-y-II-Instituto-Aleman-de-Puerto-Montt_0013_DSC_1284-1024x684.jpg 1024w, https:\/\/ialeman.cl\/wp-content\/uploads\/2026\/04\/DSD-I-y-II-Instituto-Aleman-de-Puerto-Montt_0013_DSC_1284-768x513.jpg 768w\" sizes=\"(max-width: 1200px) 100vw, 1200px\" \/><\/a>\n\t\t\t<\/div><\/figure><figure class='gallery-item'>\n\t\t\t<div class='gallery-icon landscape'>\n\t\t\t\t<a data-elementor-open-lightbox=\"yes\" data-elementor-lightbox-slideshow=\"2fde404\" data-elementor-lightbox-title=\"DSD I y II Instituto Alem\u00e1n de Puerto Montt_0011_DSC_1283\" data-e-action-hash=\"#elementor-action%3Aaction%3Dlightbox%26settings%3DeyJpZCI6NTUyMDIsInVybCI6Imh0dHBzOlwvXC9pYWxlbWFuLmNsXC93cC1jb250ZW50XC91cGxvYWRzXC8yMDI2XC8wNFwvRFNELUkteS1JSS1JbnN0aXR1dG8tQWxlbWFuLWRlLVB1ZXJ0by1Nb250dF8wMDExX0RTQ18xMjgzLmpwZyIsInNsaWRlc2hvdyI6IjJmZGU0MDQifQ%3D%3D\" href='https:\/\/ialeman.cl\/wp-content\/uploads\/2026\/04\/DSD-I-y-II-Instituto-Aleman-de-Puerto-Montt_0011_DSC_1283.jpg'><img loading=\"lazy\" decoding=\"async\" width=\"1200\" height=\"801\" src=\"https:\/\/ialeman.cl\/wp-content\/uploads\/2026\/04\/DSD-I-y-II-Instituto-Aleman-de-Puerto-Montt_0011_DSC_1283.jpg\" class=\"attachment-full size-full\" alt=\"\" srcset=\"https:\/\/ialeman.cl\/wp-content\/uploads\/2026\/04\/DSD-I-y-II-Instituto-Aleman-de-Puerto-Montt_0011_DSC_1283.jpg 1200w, https:\/\/ialeman.cl\/wp-content\/uploads\/2026\/04\/DSD-I-y-II-Instituto-Aleman-de-Puerto-Montt_0011_DSC_1283-300x200.jpg 300w, https:\/\/ialeman.cl\/wp-content\/uploads\/2026\/04\/DSD-I-y-II-Instituto-Aleman-de-Puerto-Montt_0011_DSC_1283-1024x684.jpg 1024w, https:\/\/ialeman.cl\/wp-content\/uploads\/2026\/04\/DSD-I-y-II-Instituto-Aleman-de-Puerto-Montt_0011_DSC_1283-768x513.jpg 768w\" sizes=\"(max-width: 1200px) 100vw, 1200px\" \/><\/a>\n\t\t\t<\/div><\/figure><figure class='gallery-item'>\n\t\t\t<div class='gallery-icon landscape'>\n\t\t\t\t<a data-elementor-open-lightbox=\"yes\" data-elementor-lightbox-slideshow=\"2fde404\" data-elementor-lightbox-title=\"DSD I y II Instituto Alem\u00e1n de Puerto Montt_0001_DSC_1372\" data-e-action-hash=\"#elementor-action%3Aaction%3Dlightbox%26settings%3DeyJpZCI6NTUxOTIsInVybCI6Imh0dHBzOlwvXC9pYWxlbWFuLmNsXC93cC1jb250ZW50XC91cGxvYWRzXC8yMDI2XC8wNFwvRFNELUkteS1JSS1JbnN0aXR1dG8tQWxlbWFuLWRlLVB1ZXJ0by1Nb250dF8wMDAxX0RTQ18xMzcyLmpwZyIsInNsaWRlc2hvdyI6IjJmZGU0MDQifQ%3D%3D\" href='https:\/\/ialeman.cl\/wp-content\/uploads\/2026\/04\/DSD-I-y-II-Instituto-Aleman-de-Puerto-Montt_0001_DSC_1372.jpg'><img loading=\"lazy\" decoding=\"async\" width=\"1200\" height=\"801\" src=\"https:\/\/ialeman.cl\/wp-content\/uploads\/2026\/04\/DSD-I-y-II-Instituto-Aleman-de-Puerto-Montt_0001_DSC_1372.jpg\" class=\"attachment-full size-full\" alt=\"\" srcset=\"https:\/\/ialeman.cl\/wp-content\/uploads\/2026\/04\/DSD-I-y-II-Instituto-Aleman-de-Puerto-Montt_0001_DSC_1372.jpg 1200w, https:\/\/ialeman.cl\/wp-content\/uploads\/2026\/04\/DSD-I-y-II-Instituto-Aleman-de-Puerto-Montt_0001_DSC_1372-300x200.jpg 300w, https:\/\/ialeman.cl\/wp-content\/uploads\/2026\/04\/DSD-I-y-II-Instituto-Aleman-de-Puerto-Montt_0001_DSC_1372-1024x684.jpg 1024w, https:\/\/ialeman.cl\/wp-content\/uploads\/2026\/04\/DSD-I-y-II-Instituto-Aleman-de-Puerto-Montt_0001_DSC_1372-768x513.jpg 768w\" sizes=\"(max-width: 1200px) 100vw, 1200px\" \/><\/a>\n\t\t\t<\/div><\/figure><figure class='gallery-item'>\n\t\t\t<div class='gallery-icon landscape'>\n\t\t\t\t<a data-elementor-open-lightbox=\"yes\" data-elementor-lightbox-slideshow=\"2fde404\" data-elementor-lightbox-title=\"DSD I y II Instituto Alem\u00e1n de Puerto Montt_0003_DSC_1276\" data-e-action-hash=\"#elementor-action%3Aaction%3Dlightbox%26settings%3DeyJpZCI6NTUxOTQsInVybCI6Imh0dHBzOlwvXC9pYWxlbWFuLmNsXC93cC1jb250ZW50XC91cGxvYWRzXC8yMDI2XC8wNFwvRFNELUkteS1JSS1JbnN0aXR1dG8tQWxlbWFuLWRlLVB1ZXJ0by1Nb250dF8wMDAzX0RTQ18xMjc2LmpwZyIsInNsaWRlc2hvdyI6IjJmZGU0MDQifQ%3D%3D\" href='https:\/\/ialeman.cl\/wp-content\/uploads\/2026\/04\/DSD-I-y-II-Instituto-Aleman-de-Puerto-Montt_0003_DSC_1276.jpg'><img loading=\"lazy\" decoding=\"async\" width=\"1200\" height=\"801\" src=\"https:\/\/ialeman.cl\/wp-content\/uploads\/2026\/04\/DSD-I-y-II-Instituto-Aleman-de-Puerto-Montt_0003_DSC_1276.jpg\" class=\"attachment-full size-full\" alt=\"\" srcset=\"https:\/\/ialeman.cl\/wp-content\/uploads\/2026\/04\/DSD-I-y-II-Instituto-Aleman-de-Puerto-Montt_0003_DSC_1276.jpg 1200w, https:\/\/ialeman.cl\/wp-content\/uploads\/2026\/04\/DSD-I-y-II-Instituto-Aleman-de-Puerto-Montt_0003_DSC_1276-300x200.jpg 300w, https:\/\/ialeman.cl\/wp-content\/uploads\/2026\/04\/DSD-I-y-II-Instituto-Aleman-de-Puerto-Montt_0003_DSC_1276-1024x684.jpg 1024w, https:\/\/ialeman.cl\/wp-content\/uploads\/2026\/04\/DSD-I-y-II-Instituto-Aleman-de-Puerto-Montt_0003_DSC_1276-768x513.jpg 768w\" sizes=\"(max-width: 1200px) 100vw, 1200px\" \/><\/a>\n\t\t\t<\/div><\/figure><figure class='gallery-item'>\n\t\t\t<div class='gallery-icon landscape'>\n\t\t\t\t<a data-elementor-open-lightbox=\"yes\" data-elementor-lightbox-slideshow=\"2fde404\" data-elementor-lightbox-title=\"DSD I y II Instituto Alem\u00e1n de Puerto Montt_0004_Niveles 1\" data-e-action-hash=\"#elementor-action%3Aaction%3Dlightbox%26settings%3DeyJpZCI6NTUxOTUsInVybCI6Imh0dHBzOlwvXC9pYWxlbWFuLmNsXC93cC1jb250ZW50XC91cGxvYWRzXC8yMDI2XC8wNFwvRFNELUkteS1JSS1JbnN0aXR1dG8tQWxlbWFuLWRlLVB1ZXJ0by1Nb250dF8wMDA0X05pdmVsZXMtMS5qcGciLCJzbGlkZXNob3ciOiIyZmRlNDA0In0%3D\" href='https:\/\/ialeman.cl\/wp-content\/uploads\/2026\/04\/DSD-I-y-II-Instituto-Aleman-de-Puerto-Montt_0004_Niveles-1.jpg'><img loading=\"lazy\" decoding=\"async\" width=\"1200\" height=\"801\" src=\"https:\/\/ialeman.cl\/wp-content\/uploads\/2026\/04\/DSD-I-y-II-Instituto-Aleman-de-Puerto-Montt_0004_Niveles-1.jpg\" class=\"attachment-full size-full\" alt=\"\" srcset=\"https:\/\/ialeman.cl\/wp-content\/uploads\/2026\/04\/DSD-I-y-II-Instituto-Aleman-de-Puerto-Montt_0004_Niveles-1.jpg 1200w, https:\/\/ialeman.cl\/wp-content\/uploads\/2026\/04\/DSD-I-y-II-Instituto-Aleman-de-Puerto-Montt_0004_Niveles-1-300x200.jpg 300w, https:\/\/ialeman.cl\/wp-content\/uploads\/2026\/04\/DSD-I-y-II-Instituto-Aleman-de-Puerto-Montt_0004_Niveles-1-1024x684.jpg 1024w, https:\/\/ialeman.cl\/wp-content\/uploads\/2026\/04\/DSD-I-y-II-Instituto-Aleman-de-Puerto-Montt_0004_Niveles-1-768x513.jpg 768w\" sizes=\"(max-width: 1200px) 100vw, 1200px\" \/><\/a>\n\t\t\t<\/div><\/figure><figure class='gallery-item'>\n\t\t\t<div class='gallery-icon landscape'>\n\t\t\t\t<a data-elementor-open-lightbox=\"yes\" data-elementor-lightbox-slideshow=\"2fde404\" data-elementor-lightbox-title=\"DSD I y II Instituto Alem\u00e1n de Puerto Montt_0006_Niveles 2\" data-e-action-hash=\"#elementor-action%3Aaction%3Dlightbox%26settings%3DeyJpZCI6NTUxOTcsInVybCI6Imh0dHBzOlwvXC9pYWxlbWFuLmNsXC93cC1jb250ZW50XC91cGxvYWRzXC8yMDI2XC8wNFwvRFNELUkteS1JSS1JbnN0aXR1dG8tQWxlbWFuLWRlLVB1ZXJ0by1Nb250dF8wMDA2X05pdmVsZXMtMi5qcGciLCJzbGlkZXNob3ciOiIyZmRlNDA0In0%3D\" href='https:\/\/ialeman.cl\/wp-content\/uploads\/2026\/04\/DSD-I-y-II-Instituto-Aleman-de-Puerto-Montt_0006_Niveles-2.jpg'><img loading=\"lazy\" decoding=\"async\" width=\"1200\" height=\"801\" src=\"https:\/\/ialeman.cl\/wp-content\/uploads\/2026\/04\/DSD-I-y-II-Instituto-Aleman-de-Puerto-Montt_0006_Niveles-2.jpg\" class=\"attachment-full size-full\" alt=\"\" srcset=\"https:\/\/ialeman.cl\/wp-content\/uploads\/2026\/04\/DSD-I-y-II-Instituto-Aleman-de-Puerto-Montt_0006_Niveles-2.jpg 1200w, https:\/\/ialeman.cl\/wp-content\/uploads\/2026\/04\/DSD-I-y-II-Instituto-Aleman-de-Puerto-Montt_0006_Niveles-2-300x200.jpg 300w, https:\/\/ialeman.cl\/wp-content\/uploads\/2026\/04\/DSD-I-y-II-Instituto-Aleman-de-Puerto-Montt_0006_Niveles-2-1024x684.jpg 1024w, https:\/\/ialeman.cl\/wp-content\/uploads\/2026\/04\/DSD-I-y-II-Instituto-Aleman-de-Puerto-Montt_0006_Niveles-2-768x513.jpg 768w\" sizes=\"(max-width: 1200px) 100vw, 1200px\" \/><\/a>\n\t\t\t<\/div><\/figure><figure class='gallery-item'>\n\t\t\t<div class='gallery-icon landscape'>\n\t\t\t\t<a data-elementor-open-lightbox=\"yes\" data-elementor-lightbox-slideshow=\"2fde404\" data-elementor-lightbox-title=\"DSD I y II Instituto Alem\u00e1n de Puerto Montt_0008_Niveles 3\" data-e-action-hash=\"#elementor-action%3Aaction%3Dlightbox%26settings%3DeyJpZCI6NTUxOTksInVybCI6Imh0dHBzOlwvXC9pYWxlbWFuLmNsXC93cC1jb250ZW50XC91cGxvYWRzXC8yMDI2XC8wNFwvRFNELUkteS1JSS1JbnN0aXR1dG8tQWxlbWFuLWRlLVB1ZXJ0by1Nb250dF8wMDA4X05pdmVsZXMtMy5qcGciLCJzbGlkZXNob3ciOiIyZmRlNDA0In0%3D\" href='https:\/\/ialeman.cl\/wp-content\/uploads\/2026\/04\/DSD-I-y-II-Instituto-Aleman-de-Puerto-Montt_0008_Niveles-3.jpg'><img loading=\"lazy\" decoding=\"async\" width=\"1200\" height=\"801\" src=\"https:\/\/ialeman.cl\/wp-content\/uploads\/2026\/04\/DSD-I-y-II-Instituto-Aleman-de-Puerto-Montt_0008_Niveles-3.jpg\" class=\"attachment-full size-full\" alt=\"\" srcset=\"https:\/\/ialeman.cl\/wp-content\/uploads\/2026\/04\/DSD-I-y-II-Instituto-Aleman-de-Puerto-Montt_0008_Niveles-3.jpg 1200w, https:\/\/ialeman.cl\/wp-content\/uploads\/2026\/04\/DSD-I-y-II-Instituto-Aleman-de-Puerto-Montt_0008_Niveles-3-300x200.jpg 300w, https:\/\/ialeman.cl\/wp-content\/uploads\/2026\/04\/DSD-I-y-II-Instituto-Aleman-de-Puerto-Montt_0008_Niveles-3-1024x684.jpg 1024w, https:\/\/ialeman.cl\/wp-content\/uploads\/2026\/04\/DSD-I-y-II-Instituto-Aleman-de-Puerto-Montt_0008_Niveles-3-768x513.jpg 768w\" sizes=\"(max-width: 1200px) 100vw, 1200px\" \/><\/a>\n\t\t\t<\/div><\/figure><figure class='gallery-item'>\n\t\t\t<div class='gallery-icon landscape'>\n\t\t\t\t<a data-elementor-open-lightbox=\"yes\" data-elementor-lightbox-slideshow=\"2fde404\" data-elementor-lightbox-title=\"DSD I y II Instituto Alem\u00e1n de Puerto Montt_0009_DSC_1301\" data-e-action-hash=\"#elementor-action%3Aaction%3Dlightbox%26settings%3DeyJpZCI6NTUyMDAsInVybCI6Imh0dHBzOlwvXC9pYWxlbWFuLmNsXC93cC1jb250ZW50XC91cGxvYWRzXC8yMDI2XC8wNFwvRFNELUkteS1JSS1JbnN0aXR1dG8tQWxlbWFuLWRlLVB1ZXJ0by1Nb250dF8wMDA5X0RTQ18xMzAxLmpwZyIsInNsaWRlc2hvdyI6IjJmZGU0MDQifQ%3D%3D\" href='https:\/\/ialeman.cl\/wp-content\/uploads\/2026\/04\/DSD-I-y-II-Instituto-Aleman-de-Puerto-Montt_0009_DSC_1301.jpg'><img loading=\"lazy\" decoding=\"async\" width=\"1200\" height=\"801\" src=\"https:\/\/ialeman.cl\/wp-content\/uploads\/2026\/04\/DSD-I-y-II-Instituto-Aleman-de-Puerto-Montt_0009_DSC_1301.jpg\" class=\"attachment-full size-full\" alt=\"\" srcset=\"https:\/\/ialeman.cl\/wp-content\/uploads\/2026\/04\/DSD-I-y-II-Instituto-Aleman-de-Puerto-Montt_0009_DSC_1301.jpg 1200w, https:\/\/ialeman.cl\/wp-content\/uploads\/2026\/04\/DSD-I-y-II-Instituto-Aleman-de-Puerto-Montt_0009_DSC_1301-300x200.jpg 300w, https:\/\/ialeman.cl\/wp-content\/uploads\/2026\/04\/DSD-I-y-II-Instituto-Aleman-de-Puerto-Montt_0009_DSC_1301-1024x684.jpg 1024w, https:\/\/ialeman.cl\/wp-content\/uploads\/2026\/04\/DSD-I-y-II-Instituto-Aleman-de-Puerto-Montt_0009_DSC_1301-768x513.jpg 768w\" sizes=\"(max-width: 1200px) 100vw, 1200px\" \/><\/a>\n\t\t\t<\/div><\/figure><figure class='gallery-item'>\n\t\t\t<div class='gallery-icon landscape'>\n\t\t\t\t<a data-elementor-open-lightbox=\"yes\" data-elementor-lightbox-slideshow=\"2fde404\" data-elementor-lightbox-title=\"DSD I y II Instituto Alem\u00e1n de Puerto Montt_0010_DSC_1358\" data-e-action-hash=\"#elementor-action%3Aaction%3Dlightbox%26settings%3DeyJpZCI6NTUyMDEsInVybCI6Imh0dHBzOlwvXC9pYWxlbWFuLmNsXC93cC1jb250ZW50XC91cGxvYWRzXC8yMDI2XC8wNFwvRFNELUkteS1JSS1JbnN0aXR1dG8tQWxlbWFuLWRlLVB1ZXJ0by1Nb250dF8wMDEwX0RTQ18xMzU4LmpwZyIsInNsaWRlc2hvdyI6IjJmZGU0MDQifQ%3D%3D\" href='https:\/\/ialeman.cl\/wp-content\/uploads\/2026\/04\/DSD-I-y-II-Instituto-Aleman-de-Puerto-Montt_0010_DSC_1358.jpg'><img loading=\"lazy\" decoding=\"async\" width=\"1200\" height=\"801\" src=\"https:\/\/ialeman.cl\/wp-content\/uploads\/2026\/04\/DSD-I-y-II-Instituto-Aleman-de-Puerto-Montt_0010_DSC_1358.jpg\" class=\"attachment-full size-full\" alt=\"\" srcset=\"https:\/\/ialeman.cl\/wp-content\/uploads\/2026\/04\/DSD-I-y-II-Instituto-Aleman-de-Puerto-Montt_0010_DSC_1358.jpg 1200w, https:\/\/ialeman.cl\/wp-content\/uploads\/2026\/04\/DSD-I-y-II-Instituto-Aleman-de-Puerto-Montt_0010_DSC_1358-300x200.jpg 300w, https:\/\/ialeman.cl\/wp-content\/uploads\/2026\/04\/DSD-I-y-II-Instituto-Aleman-de-Puerto-Montt_0010_DSC_1358-1024x684.jpg 1024w, https:\/\/ialeman.cl\/wp-content\/uploads\/2026\/04\/DSD-I-y-II-Instituto-Aleman-de-Puerto-Montt_0010_DSC_1358-768x513.jpg 768w\" sizes=\"(max-width: 1200px) 100vw, 1200px\" \/><\/a>\n\t\t\t<\/div><\/figure><figure class='gallery-item'>\n\t\t\t<div class='gallery-icon landscape'>\n\t\t\t\t<a data-elementor-open-lightbox=\"yes\" data-elementor-lightbox-slideshow=\"2fde404\" data-elementor-lightbox-title=\"DSD I y II Instituto Alem\u00e1n de Puerto Montt_0012_Niveles 4\" data-e-action-hash=\"#elementor-action%3Aaction%3Dlightbox%26settings%3DeyJpZCI6NTUyMDMsInVybCI6Imh0dHBzOlwvXC9pYWxlbWFuLmNsXC93cC1jb250ZW50XC91cGxvYWRzXC8yMDI2XC8wNFwvRFNELUkteS1JSS1JbnN0aXR1dG8tQWxlbWFuLWRlLVB1ZXJ0by1Nb250dF8wMDEyX05pdmVsZXMtNC5qcGciLCJzbGlkZXNob3ciOiIyZmRlNDA0In0%3D\" href='https:\/\/ialeman.cl\/wp-content\/uploads\/2026\/04\/DSD-I-y-II-Instituto-Aleman-de-Puerto-Montt_0012_Niveles-4.jpg'><img loading=\"lazy\" decoding=\"async\" width=\"1200\" height=\"801\" src=\"https:\/\/ialeman.cl\/wp-content\/uploads\/2026\/04\/DSD-I-y-II-Instituto-Aleman-de-Puerto-Montt_0012_Niveles-4.jpg\" class=\"attachment-full size-full\" alt=\"\" srcset=\"https:\/\/ialeman.cl\/wp-content\/uploads\/2026\/04\/DSD-I-y-II-Instituto-Aleman-de-Puerto-Montt_0012_Niveles-4.jpg 1200w, https:\/\/ialeman.cl\/wp-content\/uploads\/2026\/04\/DSD-I-y-II-Instituto-Aleman-de-Puerto-Montt_0012_Niveles-4-300x200.jpg 300w, https:\/\/ialeman.cl\/wp-content\/uploads\/2026\/04\/DSD-I-y-II-Instituto-Aleman-de-Puerto-Montt_0012_Niveles-4-1024x684.jpg 1024w, https:\/\/ialeman.cl\/wp-content\/uploads\/2026\/04\/DSD-I-y-II-Instituto-Aleman-de-Puerto-Montt_0012_Niveles-4-768x513.jpg 768w\" sizes=\"(max-width: 1200px) 100vw, 1200px\" \/><\/a>\n\t\t\t<\/div><\/figure><figure class='gallery-item'>\n\t\t\t<div class='gallery-icon landscape'>\n\t\t\t\t<a data-elementor-open-lightbox=\"yes\" data-elementor-lightbox-slideshow=\"2fde404\" data-elementor-lightbox-title=\"DSD I y II Instituto Alem\u00e1n de Puerto Montt_0000_DSC_1274\" data-e-action-hash=\"#elementor-action%3Aaction%3Dlightbox%26settings%3DeyJpZCI6NTUxOTEsInVybCI6Imh0dHBzOlwvXC9pYWxlbWFuLmNsXC93cC1jb250ZW50XC91cGxvYWRzXC8yMDI2XC8wNFwvRFNELUkteS1JSS1JbnN0aXR1dG8tQWxlbWFuLWRlLVB1ZXJ0by1Nb250dF8wMDAwX0RTQ18xMjc0LmpwZyIsInNsaWRlc2hvdyI6IjJmZGU0MDQifQ%3D%3D\" href='https:\/\/ialeman.cl\/wp-content\/uploads\/2026\/04\/DSD-I-y-II-Instituto-Aleman-de-Puerto-Montt_0000_DSC_1274.jpg'><img loading=\"lazy\" decoding=\"async\" width=\"1200\" height=\"801\" src=\"https:\/\/ialeman.cl\/wp-content\/uploads\/2026\/04\/DSD-I-y-II-Instituto-Aleman-de-Puerto-Montt_0000_DSC_1274.jpg\" class=\"attachment-full size-full\" alt=\"\" srcset=\"https:\/\/ialeman.cl\/wp-content\/uploads\/2026\/04\/DSD-I-y-II-Instituto-Aleman-de-Puerto-Montt_0000_DSC_1274.jpg 1200w, https:\/\/ialeman.cl\/wp-content\/uploads\/2026\/04\/DSD-I-y-II-Instituto-Aleman-de-Puerto-Montt_0000_DSC_1274-300x200.jpg 300w, https:\/\/ialeman.cl\/wp-content\/uploads\/2026\/04\/DSD-I-y-II-Instituto-Aleman-de-Puerto-Montt_0000_DSC_1274-1024x684.jpg 1024w, https:\/\/ialeman.cl\/wp-content\/uploads\/2026\/04\/DSD-I-y-II-Instituto-Aleman-de-Puerto-Montt_0000_DSC_1274-768x513.jpg 768w\" sizes=\"(max-width: 1200px) 100vw, 1200px\" \/><\/a>\n\t\t\t<\/div><\/figure><figure class='gallery-item'>\n\t\t\t<div class='gallery-icon landscape'>\n\t\t\t\t<a data-elementor-open-lightbox=\"yes\" data-elementor-lightbox-slideshow=\"2fde404\" data-elementor-lightbox-title=\"DSD I y II Instituto Alem\u00e1n de Puerto Montt_0014_DSC_1331\" data-e-action-hash=\"#elementor-action%3Aaction%3Dlightbox%26settings%3DeyJpZCI6NTUyMDUsInVybCI6Imh0dHBzOlwvXC9pYWxlbWFuLmNsXC93cC1jb250ZW50XC91cGxvYWRzXC8yMDI2XC8wNFwvRFNELUkteS1JSS1JbnN0aXR1dG8tQWxlbWFuLWRlLVB1ZXJ0by1Nb250dF8wMDE0X0RTQ18xMzMxLmpwZyIsInNsaWRlc2hvdyI6IjJmZGU0MDQifQ%3D%3D\" href='https:\/\/ialeman.cl\/wp-content\/uploads\/2026\/04\/DSD-I-y-II-Instituto-Aleman-de-Puerto-Montt_0014_DSC_1331.jpg'><img loading=\"lazy\" decoding=\"async\" width=\"1200\" height=\"801\" src=\"https:\/\/ialeman.cl\/wp-content\/uploads\/2026\/04\/DSD-I-y-II-Instituto-Aleman-de-Puerto-Montt_0014_DSC_1331.jpg\" class=\"attachment-full size-full\" alt=\"\" srcset=\"https:\/\/ialeman.cl\/wp-content\/uploads\/2026\/04\/DSD-I-y-II-Instituto-Aleman-de-Puerto-Montt_0014_DSC_1331.jpg 1200w, https:\/\/ialeman.cl\/wp-content\/uploads\/2026\/04\/DSD-I-y-II-Instituto-Aleman-de-Puerto-Montt_0014_DSC_1331-300x200.jpg 300w, https:\/\/ialeman.cl\/wp-content\/uploads\/2026\/04\/DSD-I-y-II-Instituto-Aleman-de-Puerto-Montt_0014_DSC_1331-1024x684.jpg 1024w, https:\/\/ialeman.cl\/wp-content\/uploads\/2026\/04\/DSD-I-y-II-Instituto-Aleman-de-Puerto-Montt_0014_DSC_1331-768x513.jpg 768w\" sizes=\"(max-width: 1200px) 100vw, 1200px\" \/><\/a>\n\t\t\t<\/div><\/figure><figure class='gallery-item'>\n\t\t\t<div class='gallery-icon landscape'>\n\t\t\t\t<a data-elementor-open-lightbox=\"yes\" data-elementor-lightbox-slideshow=\"2fde404\" data-elementor-lightbox-title=\"DSD I y II Instituto Alem\u00e1n de Puerto Montt_0015_DSC_1287\" data-e-action-hash=\"#elementor-action%3Aaction%3Dlightbox%26settings%3DeyJpZCI6NTUyMDYsInVybCI6Imh0dHBzOlwvXC9pYWxlbWFuLmNsXC93cC1jb250ZW50XC91cGxvYWRzXC8yMDI2XC8wNFwvRFNELUkteS1JSS1JbnN0aXR1dG8tQWxlbWFuLWRlLVB1ZXJ0by1Nb250dF8wMDE1X0RTQ18xMjg3LmpwZyIsInNsaWRlc2hvdyI6IjJmZGU0MDQifQ%3D%3D\" href='https:\/\/ialeman.cl\/wp-content\/uploads\/2026\/04\/DSD-I-y-II-Instituto-Aleman-de-Puerto-Montt_0015_DSC_1287.jpg'><img loading=\"lazy\" decoding=\"async\" width=\"1200\" height=\"801\" src=\"https:\/\/ialeman.cl\/wp-content\/uploads\/2026\/04\/DSD-I-y-II-Instituto-Aleman-de-Puerto-Montt_0015_DSC_1287.jpg\" class=\"attachment-full size-full\" alt=\"\" srcset=\"https:\/\/ialeman.cl\/wp-content\/uploads\/2026\/04\/DSD-I-y-II-Instituto-Aleman-de-Puerto-Montt_0015_DSC_1287.jpg 1200w, https:\/\/ialeman.cl\/wp-content\/uploads\/2026\/04\/DSD-I-y-II-Instituto-Aleman-de-Puerto-Montt_0015_DSC_1287-300x200.jpg 300w, https:\/\/ialeman.cl\/wp-content\/uploads\/2026\/04\/DSD-I-y-II-Instituto-Aleman-de-Puerto-Montt_0015_DSC_1287-1024x684.jpg 1024w, https:\/\/ialeman.cl\/wp-content\/uploads\/2026\/04\/DSD-I-y-II-Instituto-Aleman-de-Puerto-Montt_0015_DSC_1287-768x513.jpg 768w\" sizes=\"(max-width: 1200px) 100vw, 1200px\" \/><\/a>\n\t\t\t<\/div><\/figure><figure class='gallery-item'>\n\t\t\t<div class='gallery-icon landscape'>\n\t\t\t\t<a data-elementor-open-lightbox=\"yes\" data-elementor-lightbox-slideshow=\"2fde404\" data-elementor-lightbox-title=\"DSD I y II Instituto Alem\u00e1n de Puerto Montt_0017_DSC_1279\" data-e-action-hash=\"#elementor-action%3Aaction%3Dlightbox%26settings%3DeyJpZCI6NTUyMDgsInVybCI6Imh0dHBzOlwvXC9pYWxlbWFuLmNsXC93cC1jb250ZW50XC91cGxvYWRzXC8yMDI2XC8wNFwvRFNELUkteS1JSS1JbnN0aXR1dG8tQWxlbWFuLWRlLVB1ZXJ0by1Nb250dF8wMDE3X0RTQ18xMjc5LmpwZyIsInNsaWRlc2hvdyI6IjJmZGU0MDQifQ%3D%3D\" href='https:\/\/ialeman.cl\/wp-content\/uploads\/2026\/04\/DSD-I-y-II-Instituto-Aleman-de-Puerto-Montt_0017_DSC_1279.jpg'><img loading=\"lazy\" decoding=\"async\" width=\"1200\" height=\"801\" src=\"https:\/\/ialeman.cl\/wp-content\/uploads\/2026\/04\/DSD-I-y-II-Instituto-Aleman-de-Puerto-Montt_0017_DSC_1279.jpg\" class=\"attachment-full size-full\" alt=\"\" srcset=\"https:\/\/ialeman.cl\/wp-content\/uploads\/2026\/04\/DSD-I-y-II-Instituto-Aleman-de-Puerto-Montt_0017_DSC_1279.jpg 1200w, https:\/\/ialeman.cl\/wp-content\/uploads\/2026\/04\/DSD-I-y-II-Instituto-Aleman-de-Puerto-Montt_0017_DSC_1279-300x200.jpg 300w, https:\/\/ialeman.cl\/wp-content\/uploads\/2026\/04\/DSD-I-y-II-Instituto-Aleman-de-Puerto-Montt_0017_DSC_1279-1024x684.jpg 1024w, https:\/\/ialeman.cl\/wp-content\/uploads\/2026\/04\/DSD-I-y-II-Instituto-Aleman-de-Puerto-Montt_0017_DSC_1279-768x513.jpg 768w\" sizes=\"(max-width: 1200px) 100vw, 1200px\" \/><\/a>\n\t\t\t<\/div><\/figure><figure class='gallery-item'>\n\t\t\t<div class='gallery-icon landscape'>\n\t\t\t\t<a data-elementor-open-lightbox=\"yes\" data-elementor-lightbox-slideshow=\"2fde404\" data-elementor-lightbox-title=\"DSD I y II Instituto Alem\u00e1n de Puerto Montt_0002_DSC_1386\" data-e-action-hash=\"#elementor-action%3Aaction%3Dlightbox%26settings%3DeyJpZCI6NTUxOTMsInVybCI6Imh0dHBzOlwvXC9pYWxlbWFuLmNsXC93cC1jb250ZW50XC91cGxvYWRzXC8yMDI2XC8wNFwvRFNELUkteS1JSS1JbnN0aXR1dG8tQWxlbWFuLWRlLVB1ZXJ0by1Nb250dF8wMDAyX0RTQ18xMzg2LmpwZyIsInNsaWRlc2hvdyI6IjJmZGU0MDQifQ%3D%3D\" href='https:\/\/ialeman.cl\/wp-content\/uploads\/2026\/04\/DSD-I-y-II-Instituto-Aleman-de-Puerto-Montt_0002_DSC_1386.jpg'><img loading=\"lazy\" decoding=\"async\" width=\"1200\" height=\"801\" src=\"https:\/\/ialeman.cl\/wp-content\/uploads\/2026\/04\/DSD-I-y-II-Instituto-Aleman-de-Puerto-Montt_0002_DSC_1386.jpg\" class=\"attachment-full size-full\" alt=\"\" srcset=\"https:\/\/ialeman.cl\/wp-content\/uploads\/2026\/04\/DSD-I-y-II-Instituto-Aleman-de-Puerto-Montt_0002_DSC_1386.jpg 1200w, https:\/\/ialeman.cl\/wp-content\/uploads\/2026\/04\/DSD-I-y-II-Instituto-Aleman-de-Puerto-Montt_0002_DSC_1386-300x200.jpg 300w, https:\/\/ialeman.cl\/wp-content\/uploads\/2026\/04\/DSD-I-y-II-Instituto-Aleman-de-Puerto-Montt_0002_DSC_1386-1024x684.jpg 1024w, https:\/\/ialeman.cl\/wp-content\/uploads\/2026\/04\/DSD-I-y-II-Instituto-Aleman-de-Puerto-Montt_0002_DSC_1386-768x513.jpg 768w\" sizes=\"(max-width: 1200px) 100vw, 1200px\" \/><\/a>\n\t\t\t<\/div><\/figure>\n\t\t<\/div>\n\t\t<\/div>\n\t\t\t\t\t\t<\/div>\n\t\t\t\t<\/div>\n\t\t\t\t\t<\/div>\n\t\t<\/div>\n\t\t\t\t\t<\/div>\n\t\t<\/section>\n\t\t\t\t<\/div>\n\t\t","protected":false},"excerpt":{"rendered":"<p>Ceremonia de certificaci\u00f3n DSD I y II Un total de 30 estudiantes de Ense\u00f1anza Media recibieron sus diplomas en la ceremonia de certificaci\u00f3n en idioma alem\u00e1n, tras aprobar el examen internacional Deutsches Sprachdiplom I, nivel B1, aplicado durante el a\u00f1o acad\u00e9mico 2025. En la ocasi\u00f3n, se reconoci\u00f3 de manera especial a la alumna de IV [&hellip;]<\/p>\n","protected":false},"author":1,"featured_media":55190,"comment_status":"closed","ping_status":"","sticky":false,"template":"","format":"standard","meta":{"_crdt_document":"{\"document\":\"AAAGzt\/ZshlMKQYEAhACCAMAFgEkNiLwAQKqAS4BAQgASP4CQjSaAVBCygEwsAEGEE4CBggAIgKsATsoACEBJwAEAIQGJwEoASEAKAMnACgmIQAoACcAqABEAMQCRAAHACgCJwEoACcAqAEoAKgBIQGoBKEAqPsKmApzdGF0ZXZlcnNpb25kb2N1bWVudGRhdGVkb2N1bWVudHN0YXR1c2RvY3VtZW50dGl0bGVCb3JyYWRvciBhdXRvbcOhdGljb2RvY3VtZW50Y29udGVudGRvY3VtZW50ZXhjZXJwdGRvY3VtZW50YXV0aG9yZG9jdW1lbnRmZWF0dXJlZF9tZWRpYWRvY3VtZW50Y29tbWVudF9zdGF0dXNkb2N1bWVudHBpbmdfc3RhdHVzZG9jdW1lbnRzdGlja3lkb2N1bWVudHRlbXBsYXRlZG9jdW1lbnRmb3JtYXRkb2N1bWVudG1ldGFfbW9uc3Rlcmluc2lnaHRzX3NraXBfdHJhY2tpbmdfbW9uc3Rlcmluc2lnaHRzX3NpdGVub3RlX2FjdGl2ZV9tb25zdGVyaW5zaWdodHNfc2l0ZW5vdGVfbm90ZV9tb25zdGVyaW5zaWdodHNfc2l0ZW5vdGVfY2F0ZWdvcnlzaXRlLXNpZGViYXItbGF5b3V0c2l0ZS1jb250ZW50LWxheW91dGFzdC1zaXRlLWNvbnRlbnQtbGF5b3V0c2l0ZS1jb250ZW50LXN0eWxlc2l0ZS1zaWRlYmFyLXN0eWxlYXN0LWdsb2JhbC1oZWFkZXItZGlzcGxheWFzdC1iYW5uZXItdGl0bGUtdmlzaWJpbGl0eWFzdC1tYWluLWhlYWRlci1kaXNwbGF5YXN0LWhmYi1hYm92ZS1oZWFkZXItZGlzcGxheWFzdC1oZmItYmVsb3ctaGVhZGVyLWRpc3BsYXlhc3QtaGZiLW1vYmlsZS1oZWFkZXItZGlzcGxheXNpdGUtcG9zdC10aXRsZWFzdC1icmVhZGNydW1icy1jb250ZW50YXN0LWZlYXR1cmVkLWltZ2Zvb3Rlci1zbWwtbGF5b3V0YXN0LWRpc2FibGUtcmVsYXRlZC1wb3N0c3RoZW1lLXRyYW5zcGFyZW50LWhlYWRlci1tZXRhYWR2LWhlYWRlci1pZC1tZXRhc3RpY2staGVhZGVyLW1ldGFoZWFkZXItYWJvdmUtc3RpY2stbWV0YWhlYWRlci1tYWluLXN0aWNrLW1ldGFoZWFkZXItYmVsb3ctc3RpY2stbWV0YWFzdHJhLW1pZ3JhdGUtbWV0YS1sYXlvdXRzYXN0LXBhZ2UtYmFja2dyb3VuZC1lbmFibGVkYXN0LXBhZ2UtYmFja2dyb3VuZC1tZXRhYXN0LWNvbnRlbnQtYmFja2dyb3VuZC1tZXRhYWR2YW5jZWRfc2VvX2Rlc2NyaXB0aW9uamV0cGFja19zZW9faHRtbF90aXRsZWpldHBhY2tfc2VvX25vaW5kZXhfamV0cGFja19tZW1iZXJzaGlwc19jb250YWluc19wYWlkX2NvbnRlbnRmb290bm90ZXNfZWxlbWVudG9yX2VkaXRfbW9kZV9lbGVtZW50b3JfdGVtcGxhdGVfdHlwZV9lbGVtZW50b3JfZGF0YV9lbGVtZW50b3JfcGFnZV9zZXR0aW5nc2RvY3VtZW50Y2F0ZWdvcmllc2RvY3VtZW50dGFnc2RvY3VtZW50YmxvY2tzY2VmaWFjacOzbiBEU0QgSSB5IElJQ2NsaWVudElkaXNWYWxpZG5hbWVhdHRyaWJ1dGVzY29udGVudGRyb3BDYXBpbm5lckJsb2Nrc2RvY3VtZW50c2x1Z3N0YXRlc2F2ZWRBdHN0YXRlc2F2ZWRCeQUHCAQIBggFAgEIAQRBAQgHCAcIBggOCA4ICwgGSAEGCAQeIB4iUwAXUgAZGxdcAB0PFxARGR0SERcWFxobGBsYFhMqCRQYDxgICggECAZBAAIQAQgHBApHAAsIBAUHBQcNAQMAAAEJACYBAgAHAQhCAQEAQQACAAJBRgFeAH0BfQF9AHcAeXcAdwhzdGFuZGFyZHl5dwB9AHcHZGVmYXVsdHcAdwdkZWZhdWx0dwdkZWZhdWx0dwdkZWZhdWx0dwB3AHcAdwB3AHcAdwB3AHcAdwB3AHcAdwB3AHcAdwB3AHcHZGVmYXVsdHcHZGVmYXVsdHYDB2Rlc2t0b3B2DBBiYWNrZ3JvdW5kLWNvbG9ydxl2YXIoLS1hc3QtZ2xvYmFsLWNvbG9yLTQpEGJhY2tncm91bmQtaW1hZ2V3ABFiYWNrZ3JvdW5kLXJlcGVhdHcGcmVwZWF0E2JhY2tncm91bmQtcG9zaXRpb253DWNlbnRlciBjZW50ZXIPYmFja2dyb3VuZC1zaXpldwRhdXRvFWJhY2tncm91bmQtYXR0YWNobWVudHcGc2Nyb2xsD2JhY2tncm91bmQtdHlwZXcAEGJhY2tncm91bmQtbWVkaWF3AAxvdmVybGF5LXR5cGV3AA1vdmVybGF5LWNvbG9ydwAPb3ZlcmxheS1vcGFjaXR5dwAQb3ZlcmxheS1ncmFkaWVudHcABnRhYmxldHYMEGJhY2tncm91bmQtY29sb3J3ABBiYWNrZ3JvdW5kLWltYWdldwARYmFja2dyb3VuZC1yZXBlYXR3BnJlcGVhdBNiYWNrZ3JvdW5kLXBvc2l0aW9udw1jZW50ZXIgY2VudGVyD2JhY2tncm91bmQtc2l6ZXcEYXV0bxViYWNrZ3JvdW5kLWF0dGFjaG1lbnR3BnNjcm9sbA9iYWNrZ3JvdW5kLXR5cGV3ABBiYWNrZ3JvdW5kLW1lZGlhdwAMb3ZlcmxheS10eXBldwANb3ZlcmxheS1jb2xvcncAD292ZXJsYXktb3BhY2l0eXcAEG92ZXJsYXktZ3JhZGllbnR3AAZtb2JpbGV2DBBiYWNrZ3JvdW5kLWNvbG9ydwAQYmFja2dyb3VuZC1pbWFnZXcAEWJhY2tncm91bmQtcmVwZWF0dwZyZXBlYXQTYmFja2dyb3VuZC1wb3NpdGlvbncNY2VudGVyIGNlbnRlcg9iYWNrZ3JvdW5kLXNpemV3BGF1dG8VYmFja2dyb3VuZC1hdHRhY2htZW50dwZzY3JvbGwPYmFja2dyb3VuZC10eXBldwAQYmFja2dyb3VuZC1tZWRpYXcADG92ZXJsYXktdHlwZXcADW92ZXJsYXktY29sb3J3AA9vdmVybGF5LW9wYWNpdHl3ABBvdmVybGF5LWdyYWRpZW50dwB2AwdkZXNrdG9wdgwQYmFja2dyb3VuZC1jb2xvcncZdmFyKC0tYXN0LWdsb2JhbC1jb2xvci01KRBiYWNrZ3JvdW5kLWltYWdldwARYmFja2dyb3VuZC1yZXBlYXR3BnJlcGVhdBNiYWNrZ3JvdW5kLXBvc2l0aW9udw1jZW50ZXIgY2VudGVyD2JhY2tncm91bmQtc2l6ZXcEYXV0bxViYWNrZ3JvdW5kLWF0dGFjaG1lbnR3BnNjcm9sbA9iYWNrZ3JvdW5kLXR5cGV3ABBiYWNrZ3JvdW5kLW1lZGlhdwAMb3ZlcmxheS10eXBldwANb3ZlcmxheS1jb2xvcncAD292ZXJsYXktb3BhY2l0eXcAEG92ZXJsYXktZ3JhZGllbnR3AAZ0YWJsZXR2DBBiYWNrZ3JvdW5kLWNvbG9ydxl2YXIoLS1hc3QtZ2xvYmFsLWNvbG9yLTUpEGJhY2tncm91bmQtaW1hZ2V3ABFiYWNrZ3JvdW5kLXJlcGVhdHcGcmVwZWF0E2JhY2tncm91bmQtcG9zaXRpb253DWNlbnRlciBjZW50ZXIPYmFja2dyb3VuZC1zaXpldwRhdXRvFWJhY2tncm91bmQtYXR0YWNobWVudHcGc2Nyb2xsD2JhY2tncm91bmQtdHlwZXcAEGJhY2tncm91bmQtbWVkaWF3AAxvdmVybGF5LXR5cGV3AA1vdmVybGF5LWNvbG9ydwAPb3ZlcmxheS1vcGFjaXR5dwAQb3ZlcmxheS1ncmFkaWVudHcABm1vYmlsZXYMEGJhY2tncm91bmQtY29sb3J3GXZhcigtLWFzdC1nbG9iYWwtY29sb3ItNSkQYmFja2dyb3VuZC1pbWFnZXcAEWJhY2tncm91bmQtcmVwZWF0dwZyZXBlYXQTYmFja2dyb3VuZC1wb3NpdGlvbncNY2VudGVyIGNlbnRlcg9iYWNrZ3JvdW5kLXNpemV3BGF1dG8VYmFja2dyb3VuZC1hdHRhY2htZW50dwZzY3JvbGwPYmFja2dyb3VuZC10eXBldwAQYmFja2dyb3VuZC1tZWRpYXcADG92ZXJsYXktdHlwZXcADW92ZXJsYXktY29sb3J3AA9vdmVybGF5LW9wYWNpdHl3ABBvdmVybGF5LWdyYWRpZW50dwB3AHcAeXl3AHcAdwB3AH51AHcDc2V0dyRjM2JkMzZkZS1mNWM0LTQ1MzgtYWM5Yi03Yzk4MmYzNTZkZjN4dw5jb3JlL3BhcmFncmFwaHl3B3B1Ymxpc2h3EzIwMjYtMDQtMTVUMTA6MTk6MzR3GGNlcnRpZmljYWNpb24tZHNkLWkteS1paXcGY2xvc2VkdQF9AXcwQ29uc2Vqb3MgcGFyYSBNZWpvcmFyIHR1IEVzdHJhdGVnaWEgU0VPIGVuIENoaWxld35EZXNjdWJyZSBjw7NtbyBvcHRpbWl6YXIgdHUgc2l0aW8gd2ViIGNvbiBlc3RyYXRlZ2lhcyBTRU8gZWZlY3RpdmFzIHkgYXRyYWVyIG3DoXMgdHLDoWZpY28gb3Jnw6FuaWNvIGEgdHUgY29udGVuaWRvIGVuIGzDrW5lYS59lt4GdwhkaXNhYmxlZHcTMjAyNi0wMy0xOFQxMDoxOTozNHUCfQp9AXtCedkYSZJgAHtB6WVm+cAAAAHO76zZDA4BAQEBAQcBAwIAAwEWAAgAAwEHAAMAHQACAgUA\",\"updateId\":757129716}","_monsterinsights_skip_tracking":false,"_monsterinsights_sitenote_active":false,"_monsterinsights_sitenote_note":"","_monsterinsights_sitenote_category":0,"site-sidebar-layout":"default","site-content-layout":"","ast-site-content-layout":"default","site-content-style":"default","site-sidebar-style":"default","ast-global-header-display":"","ast-banner-title-visibility":"","ast-main-header-display":"","ast-hfb-above-header-display":"","ast-hfb-below-header-display":"","ast-hfb-mobile-header-display":"","site-post-title":"","ast-breadcrumbs-content":"","ast-featured-img":"disabled","footer-sml-layout":"","ast-disable-related-posts":"","theme-transparent-header-meta":"","adv-header-id-meta":"","stick-header-meta":"","header-above-stick-meta":"","header-main-stick-meta":"","header-below-stick-meta":"","astra-migrate-meta-layouts":"set","ast-page-background-enabled":"default","ast-page-background-meta":{"desktop":{"background-color":"var(--ast-global-color-4)","background-image":"","background-repeat":"repeat","background-position":"center center","background-size":"auto","background-attachment":"scroll","background-type":"","background-media":"","overlay-type":"","overlay-color":"","overlay-opacity":"","overlay-gradient":""},"tablet":{"background-color":"","background-image":"","background-repeat":"repeat","background-position":"center center","background-size":"auto","background-attachment":"scroll","background-type":"","background-media":"","overlay-type":"","overlay-color":"","overlay-opacity":"","overlay-gradient":""},"mobile":{"background-color":"","background-image":"","background-repeat":"repeat","background-position":"center center","background-size":"auto","background-attachment":"scroll","background-type":"","background-media":"","overlay-type":"","overlay-color":"","overlay-opacity":"","overlay-gradient":""}},"ast-content-background-meta":{"desktop":{"background-color":"var(--ast-global-color-5)","background-image":"","background-repeat":"repeat","background-position":"center center","background-size":"auto","background-attachment":"scroll","background-type":"","background-media":"","overlay-type":"","overlay-color":"","overlay-opacity":"","overlay-gradient":""},"tablet":{"background-color":"var(--ast-global-color-5)","background-image":"","background-repeat":"repeat","background-position":"center center","background-size":"auto","background-attachment":"scroll","background-type":"","background-media":"","overlay-type":"","overlay-color":"","overlay-opacity":"","overlay-gradient":""},"mobile":{"background-color":"var(--ast-global-color-5)","background-image":"","background-repeat":"repeat","background-position":"center center","background-size":"auto","background-attachment":"scroll","background-type":"","background-media":"","overlay-type":"","overlay-color":"","overlay-opacity":"","overlay-gradient":""}},"advanced_seo_description":"Descubre c\u00f3mo optimizar tu sitio web con estrategias SEO efectivas y atraer m\u00e1s tr\u00e1fico org\u00e1nico a tu contenido en l\u00ednea.","jetpack_seo_html_title":"Consejos para Mejorar tu Estrategia SEO en Chile","jetpack_seo_noindex":false,"_jetpack_memberships_contains_paid_content":false,"footnotes":""},"categories":[10,1],"tags":[],"class_list":["post-55186","post","type-post","status-publish","format-standard","has-post-thumbnail","hentry","category-noticias","category-uncategorized"],"jetpack_featured_media_url":"https:\/\/ialeman.cl\/wp-content\/uploads\/2026\/04\/DSD-I-y-II-Instituto-Aleman-de-Puerto-Montt_0016_DSC_1389.jpg","jetpack_shortlink":"https:\/\/wp.me\/ph8I5c-em6","jetpack_sharing_enabled":true,"_links":{"self":[{"href":"https:\/\/ialeman.cl\/index.php\/wp-json\/wp\/v2\/posts\/55186","targetHints":{"allow":["GET"]}}],"collection":[{"href":"https:\/\/ialeman.cl\/index.php\/wp-json\/wp\/v2\/posts"}],"about":[{"href":"https:\/\/ialeman.cl\/index.php\/wp-json\/wp\/v2\/types\/post"}],"author":[{"embeddable":true,"href":"https:\/\/ialeman.cl\/index.php\/wp-json\/wp\/v2\/users\/1"}],"replies":[{"embeddable":true,"href":"https:\/\/ialeman.cl\/index.php\/wp-json\/wp\/v2\/comments?post=55186"}],"version-history":[{"count":11,"href":"https:\/\/ialeman.cl\/index.php\/wp-json\/wp\/v2\/posts\/55186\/revisions"}],"predecessor-version":[{"id":55220,"href":"https:\/\/ialeman.cl\/index.php\/wp-json\/wp\/v2\/posts\/55186\/revisions\/55220"}],"wp:featuredmedia":[{"embeddable":true,"href":"https:\/\/ialeman.cl\/index.php\/wp-json\/wp\/v2\/media\/55190"}],"wp:attachment":[{"href":"https:\/\/ialeman.cl\/index.php\/wp-json\/wp\/v2\/media?parent=55186"}],"wp:term":[{"taxonomy":"category","embeddable":true,"href":"https:\/\/ialeman.cl\/index.php\/wp-json\/wp\/v2\/categories?post=55186"},{"taxonomy":"post_tag","embeddable":true,"href":"https:\/\/ialeman.cl\/index.php\/wp-json\/wp\/v2\/tags?post=55186"}],"curies":[{"name":"wp","href":"https:\/\/api.w.org\/{rel}","templated":true}]}}