{"id":54634,"date":"2026-03-25T08:10:57","date_gmt":"2026-03-25T12:10:57","guid":{"rendered":"https:\/\/ialeman.cl\/?p=54634"},"modified":"2026-03-30T08:47:13","modified_gmt":"2026-03-30T12:47:13","slug":"dia-mundial-del-sindrome-de-down","status":"publish","type":"post","link":"https:\/\/ialeman.cl\/index.php\/dia-mundial-del-sindrome-de-down\/","title":{"rendered":"D\u00eda Mundial del S\u00edndrome de\u00a0Down"},"content":{"rendered":"\t\t<div data-elementor-type=\"wp-post\" data-elementor-id=\"54634\" class=\"elementor elementor-54634\">\n\t\t\t\t\t\t<section class=\"elementor-section elementor-top-section elementor-element elementor-element-5e13f76 elementor-section-boxed elementor-section-height-default elementor-section-height-default\" data-id=\"5e13f76\" data-element_type=\"section\" data-e-type=\"section\">\n\t\t\t\t\t\t<div class=\"elementor-container elementor-column-gap-default\">\n\t\t\t\t\t<div class=\"elementor-column elementor-col-100 elementor-top-column elementor-element elementor-element-a5c1905\" data-id=\"a5c1905\" data-element_type=\"column\" data-e-type=\"column\">\n\t\t\t<div class=\"elementor-widget-wrap elementor-element-populated\">\n\t\t\t\t\t\t<div class=\"elementor-element elementor-element-bf191b3 elementor-widget elementor-widget-heading\" data-id=\"bf191b3\" data-element_type=\"widget\" data-e-type=\"widget\" data-widget_type=\"heading.default\">\n\t\t\t\t<div class=\"elementor-widget-container\">\n\t\t\t\t\t<h2 class=\"elementor-heading-title elementor-size-default\">D\u00eda Mundial del S\u00edndrome de Down\n<\/h2>\t\t\t\t<\/div>\n\t\t\t\t<\/div>\n\t\t\t\t\t<\/div>\n\t\t<\/div>\n\t\t\t\t\t<\/div>\n\t\t<\/section>\n\t\t\t\t<section class=\"elementor-section elementor-top-section elementor-element elementor-element-587c6ea elementor-section-boxed elementor-section-height-default elementor-section-height-default\" data-id=\"587c6ea\" data-element_type=\"section\" data-e-type=\"section\">\n\t\t\t\t\t\t<div class=\"elementor-container elementor-column-gap-default\">\n\t\t\t\t\t<div class=\"elementor-column elementor-col-100 elementor-top-column elementor-element elementor-element-353f0fc\" data-id=\"353f0fc\" data-element_type=\"column\" data-e-type=\"column\">\n\t\t\t<div class=\"elementor-widget-wrap elementor-element-populated\">\n\t\t\t\t\t\t<div class=\"elementor-element elementor-element-f4bd703 elementor-widget elementor-widget-heading\" data-id=\"f4bd703\" data-element_type=\"widget\" data-e-type=\"widget\" data-widget_type=\"heading.default\">\n\t\t\t\t<div class=\"elementor-widget-container\">\n\t\t\t\t\t<h2 class=\"elementor-heading-title elementor-size-default\">En el marco del D\u00eda Mundial del S\u00edndrome de Down, el Instituto Alem\u00e1n de Puerto Montt desarroll\u00f3 una jornada formativa orientada a promover la inclusi\u00f3n, valorar la diversidad y fortalecer la sana convivencia escolar. La instancia busc\u00f3 generar conciencia en los estudiantes sobre la importancia del respeto, la empat\u00eda y el reconocimiento de cada persona como parte fundamental de la vida en comunidad.<br><br>\n\nEl lunes 23 de marzo, alumnos, profesores y funcionarios fueron invitados a asistir con calcetines desparejados, s\u00edmbolo internacional que representa la aceptaci\u00f3n de las diferencias. En Educaci\u00f3n Inicial, los ni\u00f1os desde Medio Menor hasta Kinder participaron pintando cintillos de colores con mensajes alusivos al respeto, la amistad y la valoraci\u00f3n de los dem\u00e1s.<br><br>\n\nLa actividad tambi\u00e9n permiti\u00f3 reforzar atributos del Bachillerato Internacional en los ni\u00f1os y j\u00f3venes, especialmente el ser solidarios, de mentalidad abierta y reflexivos, promoviendo una mayor conciencia sobre el valor y la contribuci\u00f3n de las personas con s\u00edndrome de Down en la sociedad.<\/h2>\t\t\t\t<\/div>\n\t\t\t\t<\/div>\n\t\t\t\t\t<\/div>\n\t\t<\/div>\n\t\t\t\t\t<\/div>\n\t\t<\/section>\n\t\t\t\t<section class=\"elementor-section elementor-top-section elementor-element elementor-element-9027a5e elementor-section-boxed elementor-section-height-default elementor-section-height-default\" data-id=\"9027a5e\" data-element_type=\"section\" data-e-type=\"section\">\n\t\t\t\t\t\t<div class=\"elementor-container elementor-column-gap-default\">\n\t\t\t\t\t<div class=\"elementor-column elementor-col-100 elementor-top-column elementor-element elementor-element-e19d93b\" data-id=\"e19d93b\" data-element_type=\"column\" data-e-type=\"column\">\n\t\t\t<div class=\"elementor-widget-wrap elementor-element-populated\">\n\t\t\t\t\t\t<div class=\"elementor-element elementor-element-2628232 gallery-spacing-custom elementor-widget elementor-widget-image-gallery\" data-id=\"2628232\" data-element_type=\"widget\" data-e-type=\"widget\" data-widget_type=\"image-gallery.default\">\n\t\t\t\t<div class=\"elementor-widget-container\">\n\t\t\t\t\t\t\t<div class=\"elementor-image-gallery\">\n\t\t\t<div id='gallery-1' class='gallery galleryid-54634 gallery-columns-2 gallery-size-full'><figure class='gallery-item'>\n\t\t\t<div class='gallery-icon landscape'>\n\t\t\t\t<a data-elementor-open-lightbox=\"yes\" data-elementor-lightbox-slideshow=\"2628232\" data-elementor-lightbox-title=\"D\u00eda del S\u00edndrome de Down Instituto Alem\u00e1n de Puerto Montt_0028_Niveles 7\" data-e-action-hash=\"#elementor-action%3Aaction%3Dlightbox%26settings%3DeyJpZCI6NTQ2NzgsInVybCI6Imh0dHBzOlwvXC9pYWxlbWFuLmNsXC93cC1jb250ZW50XC91cGxvYWRzXC8yMDI2XC8wM1wvRGlhLWRlbC1TaW5kcm9tZS1kZS1Eb3duLUluc3RpdHV0by1BbGVtYW4tZGUtUHVlcnRvLU1vbnR0XzAwMjhfTml2ZWxlcy03LTEuanBnIiwic2xpZGVzaG93IjoiMjYyODIzMiJ9\" href='https:\/\/ialeman.cl\/wp-content\/uploads\/2026\/03\/Dia-del-Sindrome-de-Down-Instituto-Aleman-de-Puerto-Montt_0028_Niveles-7-1.jpg'><img fetchpriority=\"high\" decoding=\"async\" width=\"1200\" height=\"801\" src=\"https:\/\/ialeman.cl\/wp-content\/uploads\/2026\/03\/Dia-del-Sindrome-de-Down-Instituto-Aleman-de-Puerto-Montt_0028_Niveles-7-1.jpg\" class=\"attachment-full size-full\" alt=\"\" srcset=\"https:\/\/ialeman.cl\/wp-content\/uploads\/2026\/03\/Dia-del-Sindrome-de-Down-Instituto-Aleman-de-Puerto-Montt_0028_Niveles-7-1.jpg 1200w, https:\/\/ialeman.cl\/wp-content\/uploads\/2026\/03\/Dia-del-Sindrome-de-Down-Instituto-Aleman-de-Puerto-Montt_0028_Niveles-7-1-300x200.jpg 300w, https:\/\/ialeman.cl\/wp-content\/uploads\/2026\/03\/Dia-del-Sindrome-de-Down-Instituto-Aleman-de-Puerto-Montt_0028_Niveles-7-1-1024x684.jpg 1024w, https:\/\/ialeman.cl\/wp-content\/uploads\/2026\/03\/Dia-del-Sindrome-de-Down-Instituto-Aleman-de-Puerto-Montt_0028_Niveles-7-1-768x513.jpg 768w\" sizes=\"(max-width: 1200px) 100vw, 1200px\" \/><\/a>\n\t\t\t<\/div><\/figure><figure class='gallery-item'>\n\t\t\t<div class='gallery-icon landscape'>\n\t\t\t\t<a data-elementor-open-lightbox=\"yes\" data-elementor-lightbox-slideshow=\"2628232\" data-elementor-lightbox-title=\"D\u00eda del S\u00edndrome de Down Instituto Alem\u00e1n de Puerto Montt_0000_Niveles 6\" data-e-action-hash=\"#elementor-action%3Aaction%3Dlightbox%26settings%3DeyJpZCI6NTQ2NTAsInVybCI6Imh0dHBzOlwvXC9pYWxlbWFuLmNsXC93cC1jb250ZW50XC91cGxvYWRzXC8yMDI2XC8wM1wvRGlhLWRlbC1TaW5kcm9tZS1kZS1Eb3duLUluc3RpdHV0by1BbGVtYW4tZGUtUHVlcnRvLU1vbnR0XzAwMDBfTml2ZWxlcy02LmpwZyIsInNsaWRlc2hvdyI6IjI2MjgyMzIifQ%3D%3D\" href='https:\/\/ialeman.cl\/wp-content\/uploads\/2026\/03\/Dia-del-Sindrome-de-Down-Instituto-Aleman-de-Puerto-Montt_0000_Niveles-6.jpg'><img decoding=\"async\" width=\"1200\" height=\"801\" src=\"https:\/\/ialeman.cl\/wp-content\/uploads\/2026\/03\/Dia-del-Sindrome-de-Down-Instituto-Aleman-de-Puerto-Montt_0000_Niveles-6.jpg\" class=\"attachment-full size-full\" alt=\"\" srcset=\"https:\/\/ialeman.cl\/wp-content\/uploads\/2026\/03\/Dia-del-Sindrome-de-Down-Instituto-Aleman-de-Puerto-Montt_0000_Niveles-6.jpg 1200w, https:\/\/ialeman.cl\/wp-content\/uploads\/2026\/03\/Dia-del-Sindrome-de-Down-Instituto-Aleman-de-Puerto-Montt_0000_Niveles-6-300x200.jpg 300w, https:\/\/ialeman.cl\/wp-content\/uploads\/2026\/03\/Dia-del-Sindrome-de-Down-Instituto-Aleman-de-Puerto-Montt_0000_Niveles-6-1024x684.jpg 1024w, https:\/\/ialeman.cl\/wp-content\/uploads\/2026\/03\/Dia-del-Sindrome-de-Down-Instituto-Aleman-de-Puerto-Montt_0000_Niveles-6-768x513.jpg 768w\" sizes=\"(max-width: 1200px) 100vw, 1200px\" \/><\/a>\n\t\t\t<\/div><\/figure><figure class='gallery-item'>\n\t\t\t<div class='gallery-icon landscape'>\n\t\t\t\t<a data-elementor-open-lightbox=\"yes\" data-elementor-lightbox-slideshow=\"2628232\" data-elementor-lightbox-title=\"D\u00eda del S\u00edndrome de Down Instituto Alem\u00e1n de Puerto Montt_0001_Brillo_contraste 1\" data-e-action-hash=\"#elementor-action%3Aaction%3Dlightbox%26settings%3DeyJpZCI6NTQ2NTEsInVybCI6Imh0dHBzOlwvXC9pYWxlbWFuLmNsXC93cC1jb250ZW50XC91cGxvYWRzXC8yMDI2XC8wM1wvRGlhLWRlbC1TaW5kcm9tZS1kZS1Eb3duLUluc3RpdHV0by1BbGVtYW4tZGUtUHVlcnRvLU1vbnR0XzAwMDFfQnJpbGxvX2NvbnRyYXN0ZS0xLmpwZyIsInNsaWRlc2hvdyI6IjI2MjgyMzIifQ%3D%3D\" href='https:\/\/ialeman.cl\/wp-content\/uploads\/2026\/03\/Dia-del-Sindrome-de-Down-Instituto-Aleman-de-Puerto-Montt_0001_Brillo_contraste-1.jpg'><img decoding=\"async\" width=\"1200\" height=\"801\" src=\"https:\/\/ialeman.cl\/wp-content\/uploads\/2026\/03\/Dia-del-Sindrome-de-Down-Instituto-Aleman-de-Puerto-Montt_0001_Brillo_contraste-1.jpg\" class=\"attachment-full size-full\" alt=\"\" srcset=\"https:\/\/ialeman.cl\/wp-content\/uploads\/2026\/03\/Dia-del-Sindrome-de-Down-Instituto-Aleman-de-Puerto-Montt_0001_Brillo_contraste-1.jpg 1200w, https:\/\/ialeman.cl\/wp-content\/uploads\/2026\/03\/Dia-del-Sindrome-de-Down-Instituto-Aleman-de-Puerto-Montt_0001_Brillo_contraste-1-300x200.jpg 300w, https:\/\/ialeman.cl\/wp-content\/uploads\/2026\/03\/Dia-del-Sindrome-de-Down-Instituto-Aleman-de-Puerto-Montt_0001_Brillo_contraste-1-1024x684.jpg 1024w, https:\/\/ialeman.cl\/wp-content\/uploads\/2026\/03\/Dia-del-Sindrome-de-Down-Instituto-Aleman-de-Puerto-Montt_0001_Brillo_contraste-1-768x513.jpg 768w\" sizes=\"(max-width: 1200px) 100vw, 1200px\" \/><\/a>\n\t\t\t<\/div><\/figure><figure class='gallery-item'>\n\t\t\t<div class='gallery-icon landscape'>\n\t\t\t\t<a data-elementor-open-lightbox=\"yes\" data-elementor-lightbox-slideshow=\"2628232\" data-elementor-lightbox-title=\"D\u00eda del S\u00edndrome de Down Instituto Alem\u00e1n de Puerto Montt_0010_DSC_2151\" data-e-action-hash=\"#elementor-action%3Aaction%3Dlightbox%26settings%3DeyJpZCI6NTQ2NjAsInVybCI6Imh0dHBzOlwvXC9pYWxlbWFuLmNsXC93cC1jb250ZW50XC91cGxvYWRzXC8yMDI2XC8wM1wvRGlhLWRlbC1TaW5kcm9tZS1kZS1Eb3duLUluc3RpdHV0by1BbGVtYW4tZGUtUHVlcnRvLU1vbnR0XzAwMTBfRFNDXzIxNTEuanBnIiwic2xpZGVzaG93IjoiMjYyODIzMiJ9\" href='https:\/\/ialeman.cl\/wp-content\/uploads\/2026\/03\/Dia-del-Sindrome-de-Down-Instituto-Aleman-de-Puerto-Montt_0010_DSC_2151.jpg'><img loading=\"lazy\" decoding=\"async\" width=\"1200\" height=\"801\" src=\"https:\/\/ialeman.cl\/wp-content\/uploads\/2026\/03\/Dia-del-Sindrome-de-Down-Instituto-Aleman-de-Puerto-Montt_0010_DSC_2151.jpg\" class=\"attachment-full size-full\" alt=\"\" srcset=\"https:\/\/ialeman.cl\/wp-content\/uploads\/2026\/03\/Dia-del-Sindrome-de-Down-Instituto-Aleman-de-Puerto-Montt_0010_DSC_2151.jpg 1200w, https:\/\/ialeman.cl\/wp-content\/uploads\/2026\/03\/Dia-del-Sindrome-de-Down-Instituto-Aleman-de-Puerto-Montt_0010_DSC_2151-300x200.jpg 300w, https:\/\/ialeman.cl\/wp-content\/uploads\/2026\/03\/Dia-del-Sindrome-de-Down-Instituto-Aleman-de-Puerto-Montt_0010_DSC_2151-1024x684.jpg 1024w, https:\/\/ialeman.cl\/wp-content\/uploads\/2026\/03\/Dia-del-Sindrome-de-Down-Instituto-Aleman-de-Puerto-Montt_0010_DSC_2151-768x513.jpg 768w\" sizes=\"(max-width: 1200px) 100vw, 1200px\" \/><\/a>\n\t\t\t<\/div><\/figure><figure class='gallery-item'>\n\t\t\t<div class='gallery-icon landscape'>\n\t\t\t\t<a data-elementor-open-lightbox=\"yes\" data-elementor-lightbox-slideshow=\"2628232\" data-elementor-lightbox-title=\"D\u00eda del S\u00edndrome de Down Instituto Alem\u00e1n de Puerto Montt_0005_DSC_2127\" data-e-action-hash=\"#elementor-action%3Aaction%3Dlightbox%26settings%3DeyJpZCI6NTQ2NTUsInVybCI6Imh0dHBzOlwvXC9pYWxlbWFuLmNsXC93cC1jb250ZW50XC91cGxvYWRzXC8yMDI2XC8wM1wvRGlhLWRlbC1TaW5kcm9tZS1kZS1Eb3duLUluc3RpdHV0by1BbGVtYW4tZGUtUHVlcnRvLU1vbnR0XzAwMDVfRFNDXzIxMjcuanBnIiwic2xpZGVzaG93IjoiMjYyODIzMiJ9\" href='https:\/\/ialeman.cl\/wp-content\/uploads\/2026\/03\/Dia-del-Sindrome-de-Down-Instituto-Aleman-de-Puerto-Montt_0005_DSC_2127.jpg'><img loading=\"lazy\" decoding=\"async\" width=\"1200\" height=\"801\" src=\"https:\/\/ialeman.cl\/wp-content\/uploads\/2026\/03\/Dia-del-Sindrome-de-Down-Instituto-Aleman-de-Puerto-Montt_0005_DSC_2127.jpg\" class=\"attachment-full size-full\" alt=\"\" srcset=\"https:\/\/ialeman.cl\/wp-content\/uploads\/2026\/03\/Dia-del-Sindrome-de-Down-Instituto-Aleman-de-Puerto-Montt_0005_DSC_2127.jpg 1200w, https:\/\/ialeman.cl\/wp-content\/uploads\/2026\/03\/Dia-del-Sindrome-de-Down-Instituto-Aleman-de-Puerto-Montt_0005_DSC_2127-300x200.jpg 300w, https:\/\/ialeman.cl\/wp-content\/uploads\/2026\/03\/Dia-del-Sindrome-de-Down-Instituto-Aleman-de-Puerto-Montt_0005_DSC_2127-1024x684.jpg 1024w, https:\/\/ialeman.cl\/wp-content\/uploads\/2026\/03\/Dia-del-Sindrome-de-Down-Instituto-Aleman-de-Puerto-Montt_0005_DSC_2127-768x513.jpg 768w\" sizes=\"(max-width: 1200px) 100vw, 1200px\" \/><\/a>\n\t\t\t<\/div><\/figure><figure class='gallery-item'>\n\t\t\t<div class='gallery-icon landscape'>\n\t\t\t\t<a data-elementor-open-lightbox=\"yes\" data-elementor-lightbox-slideshow=\"2628232\" data-elementor-lightbox-title=\"D\u00eda del S\u00edndrome de Down Instituto Alem\u00e1n de Puerto Montt_0030_DSC_1821\" data-e-action-hash=\"#elementor-action%3Aaction%3Dlightbox%26settings%3DeyJpZCI6NTQ2ODIsInVybCI6Imh0dHBzOlwvXC9pYWxlbWFuLmNsXC93cC1jb250ZW50XC91cGxvYWRzXC8yMDI2XC8wM1wvRGlhLWRlbC1TaW5kcm9tZS1kZS1Eb3duLUluc3RpdHV0by1BbGVtYW4tZGUtUHVlcnRvLU1vbnR0XzAwMzBfRFNDXzE4MjEuanBnIiwic2xpZGVzaG93IjoiMjYyODIzMiJ9\" href='https:\/\/ialeman.cl\/wp-content\/uploads\/2026\/03\/Dia-del-Sindrome-de-Down-Instituto-Aleman-de-Puerto-Montt_0030_DSC_1821.jpg'><img loading=\"lazy\" decoding=\"async\" width=\"1200\" height=\"801\" src=\"https:\/\/ialeman.cl\/wp-content\/uploads\/2026\/03\/Dia-del-Sindrome-de-Down-Instituto-Aleman-de-Puerto-Montt_0030_DSC_1821.jpg\" class=\"attachment-full size-full\" alt=\"\" srcset=\"https:\/\/ialeman.cl\/wp-content\/uploads\/2026\/03\/Dia-del-Sindrome-de-Down-Instituto-Aleman-de-Puerto-Montt_0030_DSC_1821.jpg 1200w, https:\/\/ialeman.cl\/wp-content\/uploads\/2026\/03\/Dia-del-Sindrome-de-Down-Instituto-Aleman-de-Puerto-Montt_0030_DSC_1821-300x200.jpg 300w, https:\/\/ialeman.cl\/wp-content\/uploads\/2026\/03\/Dia-del-Sindrome-de-Down-Instituto-Aleman-de-Puerto-Montt_0030_DSC_1821-1024x684.jpg 1024w, https:\/\/ialeman.cl\/wp-content\/uploads\/2026\/03\/Dia-del-Sindrome-de-Down-Instituto-Aleman-de-Puerto-Montt_0030_DSC_1821-768x513.jpg 768w\" sizes=\"(max-width: 1200px) 100vw, 1200px\" \/><\/a>\n\t\t\t<\/div><\/figure><figure class='gallery-item'>\n\t\t\t<div class='gallery-icon landscape'>\n\t\t\t\t<a data-elementor-open-lightbox=\"yes\" data-elementor-lightbox-slideshow=\"2628232\" data-elementor-lightbox-title=\"D\u00eda del S\u00edndrome de Down Instituto Alem\u00e1n de Puerto Montt_0031_Niveles 21\" data-e-action-hash=\"#elementor-action%3Aaction%3Dlightbox%26settings%3DeyJpZCI6NTQ2ODMsInVybCI6Imh0dHBzOlwvXC9pYWxlbWFuLmNsXC93cC1jb250ZW50XC91cGxvYWRzXC8yMDI2XC8wM1wvRGlhLWRlbC1TaW5kcm9tZS1kZS1Eb3duLUluc3RpdHV0by1BbGVtYW4tZGUtUHVlcnRvLU1vbnR0XzAwMzFfTml2ZWxlcy0yMS5qcGciLCJzbGlkZXNob3ciOiIyNjI4MjMyIn0%3D\" href='https:\/\/ialeman.cl\/wp-content\/uploads\/2026\/03\/Dia-del-Sindrome-de-Down-Instituto-Aleman-de-Puerto-Montt_0031_Niveles-21.jpg'><img loading=\"lazy\" decoding=\"async\" width=\"1200\" height=\"801\" src=\"https:\/\/ialeman.cl\/wp-content\/uploads\/2026\/03\/Dia-del-Sindrome-de-Down-Instituto-Aleman-de-Puerto-Montt_0031_Niveles-21.jpg\" class=\"attachment-full size-full\" alt=\"\" srcset=\"https:\/\/ialeman.cl\/wp-content\/uploads\/2026\/03\/Dia-del-Sindrome-de-Down-Instituto-Aleman-de-Puerto-Montt_0031_Niveles-21.jpg 1200w, https:\/\/ialeman.cl\/wp-content\/uploads\/2026\/03\/Dia-del-Sindrome-de-Down-Instituto-Aleman-de-Puerto-Montt_0031_Niveles-21-300x200.jpg 300w, https:\/\/ialeman.cl\/wp-content\/uploads\/2026\/03\/Dia-del-Sindrome-de-Down-Instituto-Aleman-de-Puerto-Montt_0031_Niveles-21-1024x684.jpg 1024w, https:\/\/ialeman.cl\/wp-content\/uploads\/2026\/03\/Dia-del-Sindrome-de-Down-Instituto-Aleman-de-Puerto-Montt_0031_Niveles-21-768x513.jpg 768w\" sizes=\"(max-width: 1200px) 100vw, 1200px\" \/><\/a>\n\t\t\t<\/div><\/figure><figure class='gallery-item'>\n\t\t\t<div class='gallery-icon landscape'>\n\t\t\t\t<a data-elementor-open-lightbox=\"yes\" data-elementor-lightbox-slideshow=\"2628232\" data-elementor-lightbox-title=\"D\u00eda del S\u00edndrome de Down Instituto Alem\u00e1n de Puerto Montt_0027_Niveles 20\" data-e-action-hash=\"#elementor-action%3Aaction%3Dlightbox%26settings%3DeyJpZCI6NTQ2NzcsInVybCI6Imh0dHBzOlwvXC9pYWxlbWFuLmNsXC93cC1jb250ZW50XC91cGxvYWRzXC8yMDI2XC8wM1wvRGlhLWRlbC1TaW5kcm9tZS1kZS1Eb3duLUluc3RpdHV0by1BbGVtYW4tZGUtUHVlcnRvLU1vbnR0XzAwMjdfTml2ZWxlcy0yMC5qcGciLCJzbGlkZXNob3ciOiIyNjI4MjMyIn0%3D\" href='https:\/\/ialeman.cl\/wp-content\/uploads\/2026\/03\/Dia-del-Sindrome-de-Down-Instituto-Aleman-de-Puerto-Montt_0027_Niveles-20.jpg'><img loading=\"lazy\" decoding=\"async\" width=\"1200\" height=\"801\" src=\"https:\/\/ialeman.cl\/wp-content\/uploads\/2026\/03\/Dia-del-Sindrome-de-Down-Instituto-Aleman-de-Puerto-Montt_0027_Niveles-20.jpg\" class=\"attachment-full size-full\" alt=\"\" srcset=\"https:\/\/ialeman.cl\/wp-content\/uploads\/2026\/03\/Dia-del-Sindrome-de-Down-Instituto-Aleman-de-Puerto-Montt_0027_Niveles-20.jpg 1200w, https:\/\/ialeman.cl\/wp-content\/uploads\/2026\/03\/Dia-del-Sindrome-de-Down-Instituto-Aleman-de-Puerto-Montt_0027_Niveles-20-300x200.jpg 300w, https:\/\/ialeman.cl\/wp-content\/uploads\/2026\/03\/Dia-del-Sindrome-de-Down-Instituto-Aleman-de-Puerto-Montt_0027_Niveles-20-1024x684.jpg 1024w, https:\/\/ialeman.cl\/wp-content\/uploads\/2026\/03\/Dia-del-Sindrome-de-Down-Instituto-Aleman-de-Puerto-Montt_0027_Niveles-20-768x513.jpg 768w\" sizes=\"(max-width: 1200px) 100vw, 1200px\" \/><\/a>\n\t\t\t<\/div><\/figure><figure class='gallery-item'>\n\t\t\t<div class='gallery-icon landscape'>\n\t\t\t\t<a data-elementor-open-lightbox=\"yes\" data-elementor-lightbox-slideshow=\"2628232\" data-elementor-lightbox-title=\"D\u00eda del S\u00edndrome de Down Instituto Alem\u00e1n de Puerto Montt_0032_Niveles 8\" data-e-action-hash=\"#elementor-action%3Aaction%3Dlightbox%26settings%3DeyJpZCI6NTQ2ODQsInVybCI6Imh0dHBzOlwvXC9pYWxlbWFuLmNsXC93cC1jb250ZW50XC91cGxvYWRzXC8yMDI2XC8wM1wvRGlhLWRlbC1TaW5kcm9tZS1kZS1Eb3duLUluc3RpdHV0by1BbGVtYW4tZGUtUHVlcnRvLU1vbnR0XzAwMzJfTml2ZWxlcy04LmpwZyIsInNsaWRlc2hvdyI6IjI2MjgyMzIifQ%3D%3D\" href='https:\/\/ialeman.cl\/wp-content\/uploads\/2026\/03\/Dia-del-Sindrome-de-Down-Instituto-Aleman-de-Puerto-Montt_0032_Niveles-8.jpg'><img loading=\"lazy\" decoding=\"async\" width=\"1200\" height=\"801\" src=\"https:\/\/ialeman.cl\/wp-content\/uploads\/2026\/03\/Dia-del-Sindrome-de-Down-Instituto-Aleman-de-Puerto-Montt_0032_Niveles-8.jpg\" class=\"attachment-full size-full\" alt=\"\" srcset=\"https:\/\/ialeman.cl\/wp-content\/uploads\/2026\/03\/Dia-del-Sindrome-de-Down-Instituto-Aleman-de-Puerto-Montt_0032_Niveles-8.jpg 1200w, https:\/\/ialeman.cl\/wp-content\/uploads\/2026\/03\/Dia-del-Sindrome-de-Down-Instituto-Aleman-de-Puerto-Montt_0032_Niveles-8-300x200.jpg 300w, https:\/\/ialeman.cl\/wp-content\/uploads\/2026\/03\/Dia-del-Sindrome-de-Down-Instituto-Aleman-de-Puerto-Montt_0032_Niveles-8-1024x684.jpg 1024w, https:\/\/ialeman.cl\/wp-content\/uploads\/2026\/03\/Dia-del-Sindrome-de-Down-Instituto-Aleman-de-Puerto-Montt_0032_Niveles-8-768x513.jpg 768w\" sizes=\"(max-width: 1200px) 100vw, 1200px\" \/><\/a>\n\t\t\t<\/div><\/figure><figure class='gallery-item'>\n\t\t\t<div class='gallery-icon landscape'>\n\t\t\t\t<a data-elementor-open-lightbox=\"yes\" data-elementor-lightbox-slideshow=\"2628232\" data-elementor-lightbox-title=\"D\u00eda del S\u00edndrome de Down Instituto Alem\u00e1n de Puerto Montt_0002_Brillo_contraste 1\" data-e-action-hash=\"#elementor-action%3Aaction%3Dlightbox%26settings%3DeyJpZCI6NTQ2NTIsInVybCI6Imh0dHBzOlwvXC9pYWxlbWFuLmNsXC93cC1jb250ZW50XC91cGxvYWRzXC8yMDI2XC8wM1wvRGlhLWRlbC1TaW5kcm9tZS1kZS1Eb3duLUluc3RpdHV0by1BbGVtYW4tZGUtUHVlcnRvLU1vbnR0XzAwMDJfQnJpbGxvX2NvbnRyYXN0ZS0xLmpwZyIsInNsaWRlc2hvdyI6IjI2MjgyMzIifQ%3D%3D\" href='https:\/\/ialeman.cl\/wp-content\/uploads\/2026\/03\/Dia-del-Sindrome-de-Down-Instituto-Aleman-de-Puerto-Montt_0002_Brillo_contraste-1.jpg'><img loading=\"lazy\" decoding=\"async\" width=\"1200\" height=\"801\" src=\"https:\/\/ialeman.cl\/wp-content\/uploads\/2026\/03\/Dia-del-Sindrome-de-Down-Instituto-Aleman-de-Puerto-Montt_0002_Brillo_contraste-1.jpg\" class=\"attachment-full size-full\" alt=\"\" srcset=\"https:\/\/ialeman.cl\/wp-content\/uploads\/2026\/03\/Dia-del-Sindrome-de-Down-Instituto-Aleman-de-Puerto-Montt_0002_Brillo_contraste-1.jpg 1200w, https:\/\/ialeman.cl\/wp-content\/uploads\/2026\/03\/Dia-del-Sindrome-de-Down-Instituto-Aleman-de-Puerto-Montt_0002_Brillo_contraste-1-300x200.jpg 300w, https:\/\/ialeman.cl\/wp-content\/uploads\/2026\/03\/Dia-del-Sindrome-de-Down-Instituto-Aleman-de-Puerto-Montt_0002_Brillo_contraste-1-1024x684.jpg 1024w, https:\/\/ialeman.cl\/wp-content\/uploads\/2026\/03\/Dia-del-Sindrome-de-Down-Instituto-Aleman-de-Puerto-Montt_0002_Brillo_contraste-1-768x513.jpg 768w\" sizes=\"(max-width: 1200px) 100vw, 1200px\" \/><\/a>\n\t\t\t<\/div><\/figure><figure class='gallery-item'>\n\t\t\t<div class='gallery-icon landscape'>\n\t\t\t\t<a data-elementor-open-lightbox=\"yes\" data-elementor-lightbox-slideshow=\"2628232\" data-elementor-lightbox-title=\"D\u00eda del S\u00edndrome de Down Instituto Alem\u00e1n de Puerto Montt_0007_DSC_2146\" data-e-action-hash=\"#elementor-action%3Aaction%3Dlightbox%26settings%3DeyJpZCI6NTQ2NTcsInVybCI6Imh0dHBzOlwvXC9pYWxlbWFuLmNsXC93cC1jb250ZW50XC91cGxvYWRzXC8yMDI2XC8wM1wvRGlhLWRlbC1TaW5kcm9tZS1kZS1Eb3duLUluc3RpdHV0by1BbGVtYW4tZGUtUHVlcnRvLU1vbnR0XzAwMDdfRFNDXzIxNDYuanBnIiwic2xpZGVzaG93IjoiMjYyODIzMiJ9\" href='https:\/\/ialeman.cl\/wp-content\/uploads\/2026\/03\/Dia-del-Sindrome-de-Down-Instituto-Aleman-de-Puerto-Montt_0007_DSC_2146.jpg'><img loading=\"lazy\" decoding=\"async\" width=\"1200\" height=\"801\" src=\"https:\/\/ialeman.cl\/wp-content\/uploads\/2026\/03\/Dia-del-Sindrome-de-Down-Instituto-Aleman-de-Puerto-Montt_0007_DSC_2146.jpg\" class=\"attachment-full size-full\" alt=\"\" srcset=\"https:\/\/ialeman.cl\/wp-content\/uploads\/2026\/03\/Dia-del-Sindrome-de-Down-Instituto-Aleman-de-Puerto-Montt_0007_DSC_2146.jpg 1200w, https:\/\/ialeman.cl\/wp-content\/uploads\/2026\/03\/Dia-del-Sindrome-de-Down-Instituto-Aleman-de-Puerto-Montt_0007_DSC_2146-300x200.jpg 300w, https:\/\/ialeman.cl\/wp-content\/uploads\/2026\/03\/Dia-del-Sindrome-de-Down-Instituto-Aleman-de-Puerto-Montt_0007_DSC_2146-1024x684.jpg 1024w, https:\/\/ialeman.cl\/wp-content\/uploads\/2026\/03\/Dia-del-Sindrome-de-Down-Instituto-Aleman-de-Puerto-Montt_0007_DSC_2146-768x513.jpg 768w\" sizes=\"(max-width: 1200px) 100vw, 1200px\" \/><\/a>\n\t\t\t<\/div><\/figure><figure class='gallery-item'>\n\t\t\t<div class='gallery-icon landscape'>\n\t\t\t\t<a data-elementor-open-lightbox=\"yes\" data-elementor-lightbox-slideshow=\"2628232\" data-elementor-lightbox-title=\"D\u00eda del S\u00edndrome de Down Instituto Alem\u00e1n de Puerto Montt_0038_Niveles 18\" data-e-action-hash=\"#elementor-action%3Aaction%3Dlightbox%26settings%3DeyJpZCI6NTQ2OTAsInVybCI6Imh0dHBzOlwvXC9pYWxlbWFuLmNsXC93cC1jb250ZW50XC91cGxvYWRzXC8yMDI2XC8wM1wvRGlhLWRlbC1TaW5kcm9tZS1kZS1Eb3duLUluc3RpdHV0by1BbGVtYW4tZGUtUHVlcnRvLU1vbnR0XzAwMzhfTml2ZWxlcy0xOC5qcGciLCJzbGlkZXNob3ciOiIyNjI4MjMyIn0%3D\" href='https:\/\/ialeman.cl\/wp-content\/uploads\/2026\/03\/Dia-del-Sindrome-de-Down-Instituto-Aleman-de-Puerto-Montt_0038_Niveles-18.jpg'><img loading=\"lazy\" decoding=\"async\" width=\"1200\" height=\"801\" src=\"https:\/\/ialeman.cl\/wp-content\/uploads\/2026\/03\/Dia-del-Sindrome-de-Down-Instituto-Aleman-de-Puerto-Montt_0038_Niveles-18.jpg\" class=\"attachment-full size-full\" alt=\"\" srcset=\"https:\/\/ialeman.cl\/wp-content\/uploads\/2026\/03\/Dia-del-Sindrome-de-Down-Instituto-Aleman-de-Puerto-Montt_0038_Niveles-18.jpg 1200w, https:\/\/ialeman.cl\/wp-content\/uploads\/2026\/03\/Dia-del-Sindrome-de-Down-Instituto-Aleman-de-Puerto-Montt_0038_Niveles-18-300x200.jpg 300w, https:\/\/ialeman.cl\/wp-content\/uploads\/2026\/03\/Dia-del-Sindrome-de-Down-Instituto-Aleman-de-Puerto-Montt_0038_Niveles-18-1024x684.jpg 1024w, https:\/\/ialeman.cl\/wp-content\/uploads\/2026\/03\/Dia-del-Sindrome-de-Down-Instituto-Aleman-de-Puerto-Montt_0038_Niveles-18-768x513.jpg 768w\" sizes=\"(max-width: 1200px) 100vw, 1200px\" \/><\/a>\n\t\t\t<\/div><\/figure><figure class='gallery-item'>\n\t\t\t<div class='gallery-icon landscape'>\n\t\t\t\t<a data-elementor-open-lightbox=\"yes\" data-elementor-lightbox-slideshow=\"2628232\" data-elementor-lightbox-title=\"D\u00eda del S\u00edndrome de Down Instituto Alem\u00e1n de Puerto Montt_0046_DSC_1869\" data-e-action-hash=\"#elementor-action%3Aaction%3Dlightbox%26settings%3DeyJpZCI6NTQ2OTgsInVybCI6Imh0dHBzOlwvXC9pYWxlbWFuLmNsXC93cC1jb250ZW50XC91cGxvYWRzXC8yMDI2XC8wM1wvRGlhLWRlbC1TaW5kcm9tZS1kZS1Eb3duLUluc3RpdHV0by1BbGVtYW4tZGUtUHVlcnRvLU1vbnR0XzAwNDZfRFNDXzE4NjkuanBnIiwic2xpZGVzaG93IjoiMjYyODIzMiJ9\" href='https:\/\/ialeman.cl\/wp-content\/uploads\/2026\/03\/Dia-del-Sindrome-de-Down-Instituto-Aleman-de-Puerto-Montt_0046_DSC_1869.jpg'><img loading=\"lazy\" decoding=\"async\" width=\"1200\" height=\"801\" src=\"https:\/\/ialeman.cl\/wp-content\/uploads\/2026\/03\/Dia-del-Sindrome-de-Down-Instituto-Aleman-de-Puerto-Montt_0046_DSC_1869.jpg\" class=\"attachment-full size-full\" alt=\"\" srcset=\"https:\/\/ialeman.cl\/wp-content\/uploads\/2026\/03\/Dia-del-Sindrome-de-Down-Instituto-Aleman-de-Puerto-Montt_0046_DSC_1869.jpg 1200w, https:\/\/ialeman.cl\/wp-content\/uploads\/2026\/03\/Dia-del-Sindrome-de-Down-Instituto-Aleman-de-Puerto-Montt_0046_DSC_1869-300x200.jpg 300w, https:\/\/ialeman.cl\/wp-content\/uploads\/2026\/03\/Dia-del-Sindrome-de-Down-Instituto-Aleman-de-Puerto-Montt_0046_DSC_1869-1024x684.jpg 1024w, https:\/\/ialeman.cl\/wp-content\/uploads\/2026\/03\/Dia-del-Sindrome-de-Down-Instituto-Aleman-de-Puerto-Montt_0046_DSC_1869-768x513.jpg 768w\" sizes=\"(max-width: 1200px) 100vw, 1200px\" \/><\/a>\n\t\t\t<\/div><\/figure><figure class='gallery-item'>\n\t\t\t<div class='gallery-icon landscape'>\n\t\t\t\t<a data-elementor-open-lightbox=\"yes\" data-elementor-lightbox-slideshow=\"2628232\" data-elementor-lightbox-title=\"D\u00eda del S\u00edndrome de Down Instituto Alem\u00e1n de Puerto Montt_0023_Niveles 5\" data-e-action-hash=\"#elementor-action%3Aaction%3Dlightbox%26settings%3DeyJpZCI6NTQ2NzMsInVybCI6Imh0dHBzOlwvXC9pYWxlbWFuLmNsXC93cC1jb250ZW50XC91cGxvYWRzXC8yMDI2XC8wM1wvRGlhLWRlbC1TaW5kcm9tZS1kZS1Eb3duLUluc3RpdHV0by1BbGVtYW4tZGUtUHVlcnRvLU1vbnR0XzAwMjNfTml2ZWxlcy01LmpwZyIsInNsaWRlc2hvdyI6IjI2MjgyMzIifQ%3D%3D\" href='https:\/\/ialeman.cl\/wp-content\/uploads\/2026\/03\/Dia-del-Sindrome-de-Down-Instituto-Aleman-de-Puerto-Montt_0023_Niveles-5.jpg'><img loading=\"lazy\" decoding=\"async\" width=\"1200\" height=\"801\" src=\"https:\/\/ialeman.cl\/wp-content\/uploads\/2026\/03\/Dia-del-Sindrome-de-Down-Instituto-Aleman-de-Puerto-Montt_0023_Niveles-5.jpg\" class=\"attachment-full size-full\" alt=\"\" srcset=\"https:\/\/ialeman.cl\/wp-content\/uploads\/2026\/03\/Dia-del-Sindrome-de-Down-Instituto-Aleman-de-Puerto-Montt_0023_Niveles-5.jpg 1200w, https:\/\/ialeman.cl\/wp-content\/uploads\/2026\/03\/Dia-del-Sindrome-de-Down-Instituto-Aleman-de-Puerto-Montt_0023_Niveles-5-300x200.jpg 300w, https:\/\/ialeman.cl\/wp-content\/uploads\/2026\/03\/Dia-del-Sindrome-de-Down-Instituto-Aleman-de-Puerto-Montt_0023_Niveles-5-1024x684.jpg 1024w, https:\/\/ialeman.cl\/wp-content\/uploads\/2026\/03\/Dia-del-Sindrome-de-Down-Instituto-Aleman-de-Puerto-Montt_0023_Niveles-5-768x513.jpg 768w\" sizes=\"(max-width: 1200px) 100vw, 1200px\" \/><\/a>\n\t\t\t<\/div><\/figure><figure class='gallery-item'>\n\t\t\t<div class='gallery-icon landscape'>\n\t\t\t\t<a data-elementor-open-lightbox=\"yes\" data-elementor-lightbox-slideshow=\"2628232\" data-elementor-lightbox-title=\"D\u00eda del S\u00edndrome de Down Instituto Alem\u00e1n de Puerto Montt_0006_DSC_1968\" data-e-action-hash=\"#elementor-action%3Aaction%3Dlightbox%26settings%3DeyJpZCI6NTQ2NTYsInVybCI6Imh0dHBzOlwvXC9pYWxlbWFuLmNsXC93cC1jb250ZW50XC91cGxvYWRzXC8yMDI2XC8wM1wvRGlhLWRlbC1TaW5kcm9tZS1kZS1Eb3duLUluc3RpdHV0by1BbGVtYW4tZGUtUHVlcnRvLU1vbnR0XzAwMDZfRFNDXzE5NjguanBnIiwic2xpZGVzaG93IjoiMjYyODIzMiJ9\" href='https:\/\/ialeman.cl\/wp-content\/uploads\/2026\/03\/Dia-del-Sindrome-de-Down-Instituto-Aleman-de-Puerto-Montt_0006_DSC_1968.jpg'><img loading=\"lazy\" decoding=\"async\" width=\"1200\" height=\"801\" src=\"https:\/\/ialeman.cl\/wp-content\/uploads\/2026\/03\/Dia-del-Sindrome-de-Down-Instituto-Aleman-de-Puerto-Montt_0006_DSC_1968.jpg\" class=\"attachment-full size-full\" alt=\"\" srcset=\"https:\/\/ialeman.cl\/wp-content\/uploads\/2026\/03\/Dia-del-Sindrome-de-Down-Instituto-Aleman-de-Puerto-Montt_0006_DSC_1968.jpg 1200w, https:\/\/ialeman.cl\/wp-content\/uploads\/2026\/03\/Dia-del-Sindrome-de-Down-Instituto-Aleman-de-Puerto-Montt_0006_DSC_1968-300x200.jpg 300w, https:\/\/ialeman.cl\/wp-content\/uploads\/2026\/03\/Dia-del-Sindrome-de-Down-Instituto-Aleman-de-Puerto-Montt_0006_DSC_1968-1024x684.jpg 1024w, https:\/\/ialeman.cl\/wp-content\/uploads\/2026\/03\/Dia-del-Sindrome-de-Down-Instituto-Aleman-de-Puerto-Montt_0006_DSC_1968-768x513.jpg 768w\" sizes=\"(max-width: 1200px) 100vw, 1200px\" \/><\/a>\n\t\t\t<\/div><\/figure><figure class='gallery-item'>\n\t\t\t<div class='gallery-icon landscape'>\n\t\t\t\t<a data-elementor-open-lightbox=\"yes\" data-elementor-lightbox-slideshow=\"2628232\" data-elementor-lightbox-title=\"D\u00eda del S\u00edndrome de Down Instituto Alem\u00e1n de Puerto Montt_0026_DSC_1804\" data-e-action-hash=\"#elementor-action%3Aaction%3Dlightbox%26settings%3DeyJpZCI6NTQ2NzYsInVybCI6Imh0dHBzOlwvXC9pYWxlbWFuLmNsXC93cC1jb250ZW50XC91cGxvYWRzXC8yMDI2XC8wM1wvRGlhLWRlbC1TaW5kcm9tZS1kZS1Eb3duLUluc3RpdHV0by1BbGVtYW4tZGUtUHVlcnRvLU1vbnR0XzAwMjZfRFNDXzE4MDQuanBnIiwic2xpZGVzaG93IjoiMjYyODIzMiJ9\" href='https:\/\/ialeman.cl\/wp-content\/uploads\/2026\/03\/Dia-del-Sindrome-de-Down-Instituto-Aleman-de-Puerto-Montt_0026_DSC_1804.jpg'><img loading=\"lazy\" decoding=\"async\" width=\"1200\" height=\"801\" src=\"https:\/\/ialeman.cl\/wp-content\/uploads\/2026\/03\/Dia-del-Sindrome-de-Down-Instituto-Aleman-de-Puerto-Montt_0026_DSC_1804.jpg\" class=\"attachment-full size-full\" alt=\"\" srcset=\"https:\/\/ialeman.cl\/wp-content\/uploads\/2026\/03\/Dia-del-Sindrome-de-Down-Instituto-Aleman-de-Puerto-Montt_0026_DSC_1804.jpg 1200w, https:\/\/ialeman.cl\/wp-content\/uploads\/2026\/03\/Dia-del-Sindrome-de-Down-Instituto-Aleman-de-Puerto-Montt_0026_DSC_1804-300x200.jpg 300w, https:\/\/ialeman.cl\/wp-content\/uploads\/2026\/03\/Dia-del-Sindrome-de-Down-Instituto-Aleman-de-Puerto-Montt_0026_DSC_1804-1024x684.jpg 1024w, https:\/\/ialeman.cl\/wp-content\/uploads\/2026\/03\/Dia-del-Sindrome-de-Down-Instituto-Aleman-de-Puerto-Montt_0026_DSC_1804-768x513.jpg 768w\" sizes=\"(max-width: 1200px) 100vw, 1200px\" \/><\/a>\n\t\t\t<\/div><\/figure><figure class='gallery-item'>\n\t\t\t<div class='gallery-icon landscape'>\n\t\t\t\t<a data-elementor-open-lightbox=\"yes\" data-elementor-lightbox-slideshow=\"2628232\" data-elementor-lightbox-title=\"D\u00eda del S\u00edndrome de Down Instituto Alem\u00e1n de Puerto Montt_0008_DSC_1985\" data-e-action-hash=\"#elementor-action%3Aaction%3Dlightbox%26settings%3DeyJpZCI6NTQ2NTgsInVybCI6Imh0dHBzOlwvXC9pYWxlbWFuLmNsXC93cC1jb250ZW50XC91cGxvYWRzXC8yMDI2XC8wM1wvRGlhLWRlbC1TaW5kcm9tZS1kZS1Eb3duLUluc3RpdHV0by1BbGVtYW4tZGUtUHVlcnRvLU1vbnR0XzAwMDhfRFNDXzE5ODUuanBnIiwic2xpZGVzaG93IjoiMjYyODIzMiJ9\" href='https:\/\/ialeman.cl\/wp-content\/uploads\/2026\/03\/Dia-del-Sindrome-de-Down-Instituto-Aleman-de-Puerto-Montt_0008_DSC_1985.jpg'><img loading=\"lazy\" decoding=\"async\" width=\"1200\" height=\"801\" src=\"https:\/\/ialeman.cl\/wp-content\/uploads\/2026\/03\/Dia-del-Sindrome-de-Down-Instituto-Aleman-de-Puerto-Montt_0008_DSC_1985.jpg\" class=\"attachment-full size-full\" alt=\"\" srcset=\"https:\/\/ialeman.cl\/wp-content\/uploads\/2026\/03\/Dia-del-Sindrome-de-Down-Instituto-Aleman-de-Puerto-Montt_0008_DSC_1985.jpg 1200w, https:\/\/ialeman.cl\/wp-content\/uploads\/2026\/03\/Dia-del-Sindrome-de-Down-Instituto-Aleman-de-Puerto-Montt_0008_DSC_1985-300x200.jpg 300w, https:\/\/ialeman.cl\/wp-content\/uploads\/2026\/03\/Dia-del-Sindrome-de-Down-Instituto-Aleman-de-Puerto-Montt_0008_DSC_1985-1024x684.jpg 1024w, https:\/\/ialeman.cl\/wp-content\/uploads\/2026\/03\/Dia-del-Sindrome-de-Down-Instituto-Aleman-de-Puerto-Montt_0008_DSC_1985-768x513.jpg 768w\" sizes=\"(max-width: 1200px) 100vw, 1200px\" \/><\/a>\n\t\t\t<\/div><\/figure><figure class='gallery-item'>\n\t\t\t<div class='gallery-icon landscape'>\n\t\t\t\t<a data-elementor-open-lightbox=\"yes\" data-elementor-lightbox-slideshow=\"2628232\" data-elementor-lightbox-title=\"D\u00eda del S\u00edndrome de Down Instituto Alem\u00e1n de Puerto Montt_0009_DSC_2097\" data-e-action-hash=\"#elementor-action%3Aaction%3Dlightbox%26settings%3DeyJpZCI6NTQ2NTksInVybCI6Imh0dHBzOlwvXC9pYWxlbWFuLmNsXC93cC1jb250ZW50XC91cGxvYWRzXC8yMDI2XC8wM1wvRGlhLWRlbC1TaW5kcm9tZS1kZS1Eb3duLUluc3RpdHV0by1BbGVtYW4tZGUtUHVlcnRvLU1vbnR0XzAwMDlfRFNDXzIwOTcuanBnIiwic2xpZGVzaG93IjoiMjYyODIzMiJ9\" href='https:\/\/ialeman.cl\/wp-content\/uploads\/2026\/03\/Dia-del-Sindrome-de-Down-Instituto-Aleman-de-Puerto-Montt_0009_DSC_2097.jpg'><img loading=\"lazy\" decoding=\"async\" width=\"1200\" height=\"801\" src=\"https:\/\/ialeman.cl\/wp-content\/uploads\/2026\/03\/Dia-del-Sindrome-de-Down-Instituto-Aleman-de-Puerto-Montt_0009_DSC_2097.jpg\" class=\"attachment-full size-full\" alt=\"\" srcset=\"https:\/\/ialeman.cl\/wp-content\/uploads\/2026\/03\/Dia-del-Sindrome-de-Down-Instituto-Aleman-de-Puerto-Montt_0009_DSC_2097.jpg 1200w, https:\/\/ialeman.cl\/wp-content\/uploads\/2026\/03\/Dia-del-Sindrome-de-Down-Instituto-Aleman-de-Puerto-Montt_0009_DSC_2097-300x200.jpg 300w, https:\/\/ialeman.cl\/wp-content\/uploads\/2026\/03\/Dia-del-Sindrome-de-Down-Instituto-Aleman-de-Puerto-Montt_0009_DSC_2097-1024x684.jpg 1024w, https:\/\/ialeman.cl\/wp-content\/uploads\/2026\/03\/Dia-del-Sindrome-de-Down-Instituto-Aleman-de-Puerto-Montt_0009_DSC_2097-768x513.jpg 768w\" sizes=\"(max-width: 1200px) 100vw, 1200px\" \/><\/a>\n\t\t\t<\/div><\/figure><figure class='gallery-item'>\n\t\t\t<div class='gallery-icon landscape'>\n\t\t\t\t<a data-elementor-open-lightbox=\"yes\" data-elementor-lightbox-slideshow=\"2628232\" data-elementor-lightbox-title=\"D\u00eda del S\u00edndrome de Down Instituto Alem\u00e1n de Puerto Montt_0011_DSC_2001\" data-e-action-hash=\"#elementor-action%3Aaction%3Dlightbox%26settings%3DeyJpZCI6NTQ2NjEsInVybCI6Imh0dHBzOlwvXC9pYWxlbWFuLmNsXC93cC1jb250ZW50XC91cGxvYWRzXC8yMDI2XC8wM1wvRGlhLWRlbC1TaW5kcm9tZS1kZS1Eb3duLUluc3RpdHV0by1BbGVtYW4tZGUtUHVlcnRvLU1vbnR0XzAwMTFfRFNDXzIwMDEuanBnIiwic2xpZGVzaG93IjoiMjYyODIzMiJ9\" href='https:\/\/ialeman.cl\/wp-content\/uploads\/2026\/03\/Dia-del-Sindrome-de-Down-Instituto-Aleman-de-Puerto-Montt_0011_DSC_2001.jpg'><img loading=\"lazy\" decoding=\"async\" width=\"1200\" height=\"801\" src=\"https:\/\/ialeman.cl\/wp-content\/uploads\/2026\/03\/Dia-del-Sindrome-de-Down-Instituto-Aleman-de-Puerto-Montt_0011_DSC_2001.jpg\" class=\"attachment-full size-full\" alt=\"\" srcset=\"https:\/\/ialeman.cl\/wp-content\/uploads\/2026\/03\/Dia-del-Sindrome-de-Down-Instituto-Aleman-de-Puerto-Montt_0011_DSC_2001.jpg 1200w, https:\/\/ialeman.cl\/wp-content\/uploads\/2026\/03\/Dia-del-Sindrome-de-Down-Instituto-Aleman-de-Puerto-Montt_0011_DSC_2001-300x200.jpg 300w, https:\/\/ialeman.cl\/wp-content\/uploads\/2026\/03\/Dia-del-Sindrome-de-Down-Instituto-Aleman-de-Puerto-Montt_0011_DSC_2001-1024x684.jpg 1024w, https:\/\/ialeman.cl\/wp-content\/uploads\/2026\/03\/Dia-del-Sindrome-de-Down-Instituto-Aleman-de-Puerto-Montt_0011_DSC_2001-768x513.jpg 768w\" sizes=\"(max-width: 1200px) 100vw, 1200px\" \/><\/a>\n\t\t\t<\/div><\/figure><figure class='gallery-item'>\n\t\t\t<div class='gallery-icon landscape'>\n\t\t\t\t<a data-elementor-open-lightbox=\"yes\" data-elementor-lightbox-slideshow=\"2628232\" data-elementor-lightbox-title=\"D\u00eda del S\u00edndrome de Down Instituto Alem\u00e1n de Puerto Montt_0012_Niveles 1\" data-e-action-hash=\"#elementor-action%3Aaction%3Dlightbox%26settings%3DeyJpZCI6NTQ2NjIsInVybCI6Imh0dHBzOlwvXC9pYWxlbWFuLmNsXC93cC1jb250ZW50XC91cGxvYWRzXC8yMDI2XC8wM1wvRGlhLWRlbC1TaW5kcm9tZS1kZS1Eb3duLUluc3RpdHV0by1BbGVtYW4tZGUtUHVlcnRvLU1vbnR0XzAwMTJfTml2ZWxlcy0xLmpwZyIsInNsaWRlc2hvdyI6IjI2MjgyMzIifQ%3D%3D\" href='https:\/\/ialeman.cl\/wp-content\/uploads\/2026\/03\/Dia-del-Sindrome-de-Down-Instituto-Aleman-de-Puerto-Montt_0012_Niveles-1.jpg'><img loading=\"lazy\" decoding=\"async\" width=\"1200\" height=\"801\" src=\"https:\/\/ialeman.cl\/wp-content\/uploads\/2026\/03\/Dia-del-Sindrome-de-Down-Instituto-Aleman-de-Puerto-Montt_0012_Niveles-1.jpg\" class=\"attachment-full size-full\" alt=\"\" srcset=\"https:\/\/ialeman.cl\/wp-content\/uploads\/2026\/03\/Dia-del-Sindrome-de-Down-Instituto-Aleman-de-Puerto-Montt_0012_Niveles-1.jpg 1200w, https:\/\/ialeman.cl\/wp-content\/uploads\/2026\/03\/Dia-del-Sindrome-de-Down-Instituto-Aleman-de-Puerto-Montt_0012_Niveles-1-300x200.jpg 300w, https:\/\/ialeman.cl\/wp-content\/uploads\/2026\/03\/Dia-del-Sindrome-de-Down-Instituto-Aleman-de-Puerto-Montt_0012_Niveles-1-1024x684.jpg 1024w, https:\/\/ialeman.cl\/wp-content\/uploads\/2026\/03\/Dia-del-Sindrome-de-Down-Instituto-Aleman-de-Puerto-Montt_0012_Niveles-1-768x513.jpg 768w\" sizes=\"(max-width: 1200px) 100vw, 1200px\" \/><\/a>\n\t\t\t<\/div><\/figure><figure class='gallery-item'>\n\t\t\t<div class='gallery-icon landscape'>\n\t\t\t\t<a data-elementor-open-lightbox=\"yes\" data-elementor-lightbox-slideshow=\"2628232\" data-elementor-lightbox-title=\"D\u00eda del S\u00edndrome de Down Instituto Alem\u00e1n de Puerto Montt_0013_DSC_2068\" data-e-action-hash=\"#elementor-action%3Aaction%3Dlightbox%26settings%3DeyJpZCI6NTQ2NjMsInVybCI6Imh0dHBzOlwvXC9pYWxlbWFuLmNsXC93cC1jb250ZW50XC91cGxvYWRzXC8yMDI2XC8wM1wvRGlhLWRlbC1TaW5kcm9tZS1kZS1Eb3duLUluc3RpdHV0by1BbGVtYW4tZGUtUHVlcnRvLU1vbnR0XzAwMTNfRFNDXzIwNjguanBnIiwic2xpZGVzaG93IjoiMjYyODIzMiJ9\" href='https:\/\/ialeman.cl\/wp-content\/uploads\/2026\/03\/Dia-del-Sindrome-de-Down-Instituto-Aleman-de-Puerto-Montt_0013_DSC_2068.jpg'><img loading=\"lazy\" decoding=\"async\" width=\"1200\" height=\"801\" src=\"https:\/\/ialeman.cl\/wp-content\/uploads\/2026\/03\/Dia-del-Sindrome-de-Down-Instituto-Aleman-de-Puerto-Montt_0013_DSC_2068.jpg\" class=\"attachment-full size-full\" alt=\"\" srcset=\"https:\/\/ialeman.cl\/wp-content\/uploads\/2026\/03\/Dia-del-Sindrome-de-Down-Instituto-Aleman-de-Puerto-Montt_0013_DSC_2068.jpg 1200w, https:\/\/ialeman.cl\/wp-content\/uploads\/2026\/03\/Dia-del-Sindrome-de-Down-Instituto-Aleman-de-Puerto-Montt_0013_DSC_2068-300x200.jpg 300w, https:\/\/ialeman.cl\/wp-content\/uploads\/2026\/03\/Dia-del-Sindrome-de-Down-Instituto-Aleman-de-Puerto-Montt_0013_DSC_2068-1024x684.jpg 1024w, https:\/\/ialeman.cl\/wp-content\/uploads\/2026\/03\/Dia-del-Sindrome-de-Down-Instituto-Aleman-de-Puerto-Montt_0013_DSC_2068-768x513.jpg 768w\" sizes=\"(max-width: 1200px) 100vw, 1200px\" \/><\/a>\n\t\t\t<\/div><\/figure><figure class='gallery-item'>\n\t\t\t<div class='gallery-icon landscape'>\n\t\t\t\t<a data-elementor-open-lightbox=\"yes\" data-elementor-lightbox-slideshow=\"2628232\" data-elementor-lightbox-title=\"D\u00eda del S\u00edndrome de Down Instituto Alem\u00e1n de Puerto Montt_0003_Brillo_contraste 1\" data-e-action-hash=\"#elementor-action%3Aaction%3Dlightbox%26settings%3DeyJpZCI6NTQ2NTMsInVybCI6Imh0dHBzOlwvXC9pYWxlbWFuLmNsXC93cC1jb250ZW50XC91cGxvYWRzXC8yMDI2XC8wM1wvRGlhLWRlbC1TaW5kcm9tZS1kZS1Eb3duLUluc3RpdHV0by1BbGVtYW4tZGUtUHVlcnRvLU1vbnR0XzAwMDNfQnJpbGxvX2NvbnRyYXN0ZS0xLmpwZyIsInNsaWRlc2hvdyI6IjI2MjgyMzIifQ%3D%3D\" href='https:\/\/ialeman.cl\/wp-content\/uploads\/2026\/03\/Dia-del-Sindrome-de-Down-Instituto-Aleman-de-Puerto-Montt_0003_Brillo_contraste-1.jpg'><img loading=\"lazy\" decoding=\"async\" width=\"1200\" height=\"801\" src=\"https:\/\/ialeman.cl\/wp-content\/uploads\/2026\/03\/Dia-del-Sindrome-de-Down-Instituto-Aleman-de-Puerto-Montt_0003_Brillo_contraste-1.jpg\" class=\"attachment-full size-full\" alt=\"\" srcset=\"https:\/\/ialeman.cl\/wp-content\/uploads\/2026\/03\/Dia-del-Sindrome-de-Down-Instituto-Aleman-de-Puerto-Montt_0003_Brillo_contraste-1.jpg 1200w, https:\/\/ialeman.cl\/wp-content\/uploads\/2026\/03\/Dia-del-Sindrome-de-Down-Instituto-Aleman-de-Puerto-Montt_0003_Brillo_contraste-1-300x200.jpg 300w, https:\/\/ialeman.cl\/wp-content\/uploads\/2026\/03\/Dia-del-Sindrome-de-Down-Instituto-Aleman-de-Puerto-Montt_0003_Brillo_contraste-1-1024x684.jpg 1024w, https:\/\/ialeman.cl\/wp-content\/uploads\/2026\/03\/Dia-del-Sindrome-de-Down-Instituto-Aleman-de-Puerto-Montt_0003_Brillo_contraste-1-768x513.jpg 768w\" sizes=\"(max-width: 1200px) 100vw, 1200px\" \/><\/a>\n\t\t\t<\/div><\/figure><figure class='gallery-item'>\n\t\t\t<div class='gallery-icon landscape'>\n\t\t\t\t<a data-elementor-open-lightbox=\"yes\" data-elementor-lightbox-slideshow=\"2628232\" data-elementor-lightbox-title=\"D\u00eda del S\u00edndrome de Down Instituto Alem\u00e1n de Puerto Montt_0004_Brillo_contraste 1\" data-e-action-hash=\"#elementor-action%3Aaction%3Dlightbox%26settings%3DeyJpZCI6NTQ2NTQsInVybCI6Imh0dHBzOlwvXC9pYWxlbWFuLmNsXC93cC1jb250ZW50XC91cGxvYWRzXC8yMDI2XC8wM1wvRGlhLWRlbC1TaW5kcm9tZS1kZS1Eb3duLUluc3RpdHV0by1BbGVtYW4tZGUtUHVlcnRvLU1vbnR0XzAwMDRfQnJpbGxvX2NvbnRyYXN0ZS0xLmpwZyIsInNsaWRlc2hvdyI6IjI2MjgyMzIifQ%3D%3D\" href='https:\/\/ialeman.cl\/wp-content\/uploads\/2026\/03\/Dia-del-Sindrome-de-Down-Instituto-Aleman-de-Puerto-Montt_0004_Brillo_contraste-1.jpg'><img loading=\"lazy\" decoding=\"async\" width=\"1200\" height=\"801\" src=\"https:\/\/ialeman.cl\/wp-content\/uploads\/2026\/03\/Dia-del-Sindrome-de-Down-Instituto-Aleman-de-Puerto-Montt_0004_Brillo_contraste-1.jpg\" class=\"attachment-full size-full\" alt=\"\" srcset=\"https:\/\/ialeman.cl\/wp-content\/uploads\/2026\/03\/Dia-del-Sindrome-de-Down-Instituto-Aleman-de-Puerto-Montt_0004_Brillo_contraste-1.jpg 1200w, https:\/\/ialeman.cl\/wp-content\/uploads\/2026\/03\/Dia-del-Sindrome-de-Down-Instituto-Aleman-de-Puerto-Montt_0004_Brillo_contraste-1-300x200.jpg 300w, https:\/\/ialeman.cl\/wp-content\/uploads\/2026\/03\/Dia-del-Sindrome-de-Down-Instituto-Aleman-de-Puerto-Montt_0004_Brillo_contraste-1-1024x684.jpg 1024w, https:\/\/ialeman.cl\/wp-content\/uploads\/2026\/03\/Dia-del-Sindrome-de-Down-Instituto-Aleman-de-Puerto-Montt_0004_Brillo_contraste-1-768x513.jpg 768w\" sizes=\"(max-width: 1200px) 100vw, 1200px\" \/><\/a>\n\t\t\t<\/div><\/figure><figure class='gallery-item'>\n\t\t\t<div class='gallery-icon landscape'>\n\t\t\t\t<a data-elementor-open-lightbox=\"yes\" data-elementor-lightbox-slideshow=\"2628232\" data-elementor-lightbox-title=\"D\u00eda del S\u00edndrome de Down Instituto Alem\u00e1n de Puerto Montt_0014_DSC_2137\" data-e-action-hash=\"#elementor-action%3Aaction%3Dlightbox%26settings%3DeyJpZCI6NTQ2NjQsInVybCI6Imh0dHBzOlwvXC9pYWxlbWFuLmNsXC93cC1jb250ZW50XC91cGxvYWRzXC8yMDI2XC8wM1wvRGlhLWRlbC1TaW5kcm9tZS1kZS1Eb3duLUluc3RpdHV0by1BbGVtYW4tZGUtUHVlcnRvLU1vbnR0XzAwMTRfRFNDXzIxMzcuanBnIiwic2xpZGVzaG93IjoiMjYyODIzMiJ9\" href='https:\/\/ialeman.cl\/wp-content\/uploads\/2026\/03\/Dia-del-Sindrome-de-Down-Instituto-Aleman-de-Puerto-Montt_0014_DSC_2137.jpg'><img loading=\"lazy\" decoding=\"async\" width=\"1200\" height=\"801\" src=\"https:\/\/ialeman.cl\/wp-content\/uploads\/2026\/03\/Dia-del-Sindrome-de-Down-Instituto-Aleman-de-Puerto-Montt_0014_DSC_2137.jpg\" class=\"attachment-full size-full\" alt=\"\" srcset=\"https:\/\/ialeman.cl\/wp-content\/uploads\/2026\/03\/Dia-del-Sindrome-de-Down-Instituto-Aleman-de-Puerto-Montt_0014_DSC_2137.jpg 1200w, https:\/\/ialeman.cl\/wp-content\/uploads\/2026\/03\/Dia-del-Sindrome-de-Down-Instituto-Aleman-de-Puerto-Montt_0014_DSC_2137-300x200.jpg 300w, https:\/\/ialeman.cl\/wp-content\/uploads\/2026\/03\/Dia-del-Sindrome-de-Down-Instituto-Aleman-de-Puerto-Montt_0014_DSC_2137-1024x684.jpg 1024w, https:\/\/ialeman.cl\/wp-content\/uploads\/2026\/03\/Dia-del-Sindrome-de-Down-Instituto-Aleman-de-Puerto-Montt_0014_DSC_2137-768x513.jpg 768w\" sizes=\"(max-width: 1200px) 100vw, 1200px\" \/><\/a>\n\t\t\t<\/div><\/figure><figure class='gallery-item'>\n\t\t\t<div class='gallery-icon landscape'>\n\t\t\t\t<a data-elementor-open-lightbox=\"yes\" data-elementor-lightbox-slideshow=\"2628232\" data-elementor-lightbox-title=\"D\u00eda del S\u00edndrome de Down Instituto Alem\u00e1n de Puerto Montt_0015_DSC_2061\" data-e-action-hash=\"#elementor-action%3Aaction%3Dlightbox%26settings%3DeyJpZCI6NTQ2NjUsInVybCI6Imh0dHBzOlwvXC9pYWxlbWFuLmNsXC93cC1jb250ZW50XC91cGxvYWRzXC8yMDI2XC8wM1wvRGlhLWRlbC1TaW5kcm9tZS1kZS1Eb3duLUluc3RpdHV0by1BbGVtYW4tZGUtUHVlcnRvLU1vbnR0XzAwMTVfRFNDXzIwNjEuanBnIiwic2xpZGVzaG93IjoiMjYyODIzMiJ9\" href='https:\/\/ialeman.cl\/wp-content\/uploads\/2026\/03\/Dia-del-Sindrome-de-Down-Instituto-Aleman-de-Puerto-Montt_0015_DSC_2061.jpg'><img loading=\"lazy\" decoding=\"async\" width=\"1200\" height=\"801\" src=\"https:\/\/ialeman.cl\/wp-content\/uploads\/2026\/03\/Dia-del-Sindrome-de-Down-Instituto-Aleman-de-Puerto-Montt_0015_DSC_2061.jpg\" class=\"attachment-full size-full\" alt=\"\" srcset=\"https:\/\/ialeman.cl\/wp-content\/uploads\/2026\/03\/Dia-del-Sindrome-de-Down-Instituto-Aleman-de-Puerto-Montt_0015_DSC_2061.jpg 1200w, https:\/\/ialeman.cl\/wp-content\/uploads\/2026\/03\/Dia-del-Sindrome-de-Down-Instituto-Aleman-de-Puerto-Montt_0015_DSC_2061-300x200.jpg 300w, https:\/\/ialeman.cl\/wp-content\/uploads\/2026\/03\/Dia-del-Sindrome-de-Down-Instituto-Aleman-de-Puerto-Montt_0015_DSC_2061-1024x684.jpg 1024w, https:\/\/ialeman.cl\/wp-content\/uploads\/2026\/03\/Dia-del-Sindrome-de-Down-Instituto-Aleman-de-Puerto-Montt_0015_DSC_2061-768x513.jpg 768w\" sizes=\"(max-width: 1200px) 100vw, 1200px\" \/><\/a>\n\t\t\t<\/div><\/figure><figure class='gallery-item'>\n\t\t\t<div class='gallery-icon landscape'>\n\t\t\t\t<a data-elementor-open-lightbox=\"yes\" data-elementor-lightbox-slideshow=\"2628232\" data-elementor-lightbox-title=\"D\u00eda del S\u00edndrome de Down Instituto Alem\u00e1n de Puerto Montt_0016_DSC_2150\" data-e-action-hash=\"#elementor-action%3Aaction%3Dlightbox%26settings%3DeyJpZCI6NTQ2NjYsInVybCI6Imh0dHBzOlwvXC9pYWxlbWFuLmNsXC93cC1jb250ZW50XC91cGxvYWRzXC8yMDI2XC8wM1wvRGlhLWRlbC1TaW5kcm9tZS1kZS1Eb3duLUluc3RpdHV0by1BbGVtYW4tZGUtUHVlcnRvLU1vbnR0XzAwMTZfRFNDXzIxNTAuanBnIiwic2xpZGVzaG93IjoiMjYyODIzMiJ9\" href='https:\/\/ialeman.cl\/wp-content\/uploads\/2026\/03\/Dia-del-Sindrome-de-Down-Instituto-Aleman-de-Puerto-Montt_0016_DSC_2150.jpg'><img loading=\"lazy\" decoding=\"async\" width=\"1200\" height=\"801\" src=\"https:\/\/ialeman.cl\/wp-content\/uploads\/2026\/03\/Dia-del-Sindrome-de-Down-Instituto-Aleman-de-Puerto-Montt_0016_DSC_2150.jpg\" class=\"attachment-full size-full\" alt=\"\" srcset=\"https:\/\/ialeman.cl\/wp-content\/uploads\/2026\/03\/Dia-del-Sindrome-de-Down-Instituto-Aleman-de-Puerto-Montt_0016_DSC_2150.jpg 1200w, https:\/\/ialeman.cl\/wp-content\/uploads\/2026\/03\/Dia-del-Sindrome-de-Down-Instituto-Aleman-de-Puerto-Montt_0016_DSC_2150-300x200.jpg 300w, https:\/\/ialeman.cl\/wp-content\/uploads\/2026\/03\/Dia-del-Sindrome-de-Down-Instituto-Aleman-de-Puerto-Montt_0016_DSC_2150-1024x684.jpg 1024w, https:\/\/ialeman.cl\/wp-content\/uploads\/2026\/03\/Dia-del-Sindrome-de-Down-Instituto-Aleman-de-Puerto-Montt_0016_DSC_2150-768x513.jpg 768w\" sizes=\"(max-width: 1200px) 100vw, 1200px\" \/><\/a>\n\t\t\t<\/div><\/figure><figure class='gallery-item'>\n\t\t\t<div class='gallery-icon landscape'>\n\t\t\t\t<a data-elementor-open-lightbox=\"yes\" data-elementor-lightbox-slideshow=\"2628232\" data-elementor-lightbox-title=\"D\u00eda del S\u00edndrome de Down Instituto Alem\u00e1n de Puerto Montt_0017_DSC_2084\" data-e-action-hash=\"#elementor-action%3Aaction%3Dlightbox%26settings%3DeyJpZCI6NTQ2NjcsInVybCI6Imh0dHBzOlwvXC9pYWxlbWFuLmNsXC93cC1jb250ZW50XC91cGxvYWRzXC8yMDI2XC8wM1wvRGlhLWRlbC1TaW5kcm9tZS1kZS1Eb3duLUluc3RpdHV0by1BbGVtYW4tZGUtUHVlcnRvLU1vbnR0XzAwMTdfRFNDXzIwODQuanBnIiwic2xpZGVzaG93IjoiMjYyODIzMiJ9\" href='https:\/\/ialeman.cl\/wp-content\/uploads\/2026\/03\/Dia-del-Sindrome-de-Down-Instituto-Aleman-de-Puerto-Montt_0017_DSC_2084.jpg'><img loading=\"lazy\" decoding=\"async\" width=\"1200\" height=\"801\" src=\"https:\/\/ialeman.cl\/wp-content\/uploads\/2026\/03\/Dia-del-Sindrome-de-Down-Instituto-Aleman-de-Puerto-Montt_0017_DSC_2084.jpg\" class=\"attachment-full size-full\" alt=\"\" srcset=\"https:\/\/ialeman.cl\/wp-content\/uploads\/2026\/03\/Dia-del-Sindrome-de-Down-Instituto-Aleman-de-Puerto-Montt_0017_DSC_2084.jpg 1200w, https:\/\/ialeman.cl\/wp-content\/uploads\/2026\/03\/Dia-del-Sindrome-de-Down-Instituto-Aleman-de-Puerto-Montt_0017_DSC_2084-300x200.jpg 300w, https:\/\/ialeman.cl\/wp-content\/uploads\/2026\/03\/Dia-del-Sindrome-de-Down-Instituto-Aleman-de-Puerto-Montt_0017_DSC_2084-1024x684.jpg 1024w, https:\/\/ialeman.cl\/wp-content\/uploads\/2026\/03\/Dia-del-Sindrome-de-Down-Instituto-Aleman-de-Puerto-Montt_0017_DSC_2084-768x513.jpg 768w\" sizes=\"(max-width: 1200px) 100vw, 1200px\" \/><\/a>\n\t\t\t<\/div><\/figure><figure class='gallery-item'>\n\t\t\t<div class='gallery-icon landscape'>\n\t\t\t\t<a data-elementor-open-lightbox=\"yes\" data-elementor-lightbox-slideshow=\"2628232\" data-elementor-lightbox-title=\"D\u00eda del S\u00edndrome de Down Instituto Alem\u00e1n de Puerto Montt_0018_DSC_2141\" data-e-action-hash=\"#elementor-action%3Aaction%3Dlightbox%26settings%3DeyJpZCI6NTQ2NjgsInVybCI6Imh0dHBzOlwvXC9pYWxlbWFuLmNsXC93cC1jb250ZW50XC91cGxvYWRzXC8yMDI2XC8wM1wvRGlhLWRlbC1TaW5kcm9tZS1kZS1Eb3duLUluc3RpdHV0by1BbGVtYW4tZGUtUHVlcnRvLU1vbnR0XzAwMThfRFNDXzIxNDEuanBnIiwic2xpZGVzaG93IjoiMjYyODIzMiJ9\" href='https:\/\/ialeman.cl\/wp-content\/uploads\/2026\/03\/Dia-del-Sindrome-de-Down-Instituto-Aleman-de-Puerto-Montt_0018_DSC_2141.jpg'><img loading=\"lazy\" decoding=\"async\" width=\"1200\" height=\"801\" src=\"https:\/\/ialeman.cl\/wp-content\/uploads\/2026\/03\/Dia-del-Sindrome-de-Down-Instituto-Aleman-de-Puerto-Montt_0018_DSC_2141.jpg\" class=\"attachment-full size-full\" alt=\"\" srcset=\"https:\/\/ialeman.cl\/wp-content\/uploads\/2026\/03\/Dia-del-Sindrome-de-Down-Instituto-Aleman-de-Puerto-Montt_0018_DSC_2141.jpg 1200w, https:\/\/ialeman.cl\/wp-content\/uploads\/2026\/03\/Dia-del-Sindrome-de-Down-Instituto-Aleman-de-Puerto-Montt_0018_DSC_2141-300x200.jpg 300w, https:\/\/ialeman.cl\/wp-content\/uploads\/2026\/03\/Dia-del-Sindrome-de-Down-Instituto-Aleman-de-Puerto-Montt_0018_DSC_2141-1024x684.jpg 1024w, https:\/\/ialeman.cl\/wp-content\/uploads\/2026\/03\/Dia-del-Sindrome-de-Down-Instituto-Aleman-de-Puerto-Montt_0018_DSC_2141-768x513.jpg 768w\" sizes=\"(max-width: 1200px) 100vw, 1200px\" \/><\/a>\n\t\t\t<\/div><\/figure><figure class='gallery-item'>\n\t\t\t<div class='gallery-icon landscape'>\n\t\t\t\t<a data-elementor-open-lightbox=\"yes\" data-elementor-lightbox-slideshow=\"2628232\" data-elementor-lightbox-title=\"D\u00eda del S\u00edndrome de Down Instituto Alem\u00e1n de Puerto Montt_0019_Niveles 2\" data-e-action-hash=\"#elementor-action%3Aaction%3Dlightbox%26settings%3DeyJpZCI6NTQ2NjksInVybCI6Imh0dHBzOlwvXC9pYWxlbWFuLmNsXC93cC1jb250ZW50XC91cGxvYWRzXC8yMDI2XC8wM1wvRGlhLWRlbC1TaW5kcm9tZS1kZS1Eb3duLUluc3RpdHV0by1BbGVtYW4tZGUtUHVlcnRvLU1vbnR0XzAwMTlfTml2ZWxlcy0yLmpwZyIsInNsaWRlc2hvdyI6IjI2MjgyMzIifQ%3D%3D\" href='https:\/\/ialeman.cl\/wp-content\/uploads\/2026\/03\/Dia-del-Sindrome-de-Down-Instituto-Aleman-de-Puerto-Montt_0019_Niveles-2.jpg'><img loading=\"lazy\" decoding=\"async\" width=\"1200\" height=\"801\" src=\"https:\/\/ialeman.cl\/wp-content\/uploads\/2026\/03\/Dia-del-Sindrome-de-Down-Instituto-Aleman-de-Puerto-Montt_0019_Niveles-2.jpg\" class=\"attachment-full size-full\" alt=\"\" srcset=\"https:\/\/ialeman.cl\/wp-content\/uploads\/2026\/03\/Dia-del-Sindrome-de-Down-Instituto-Aleman-de-Puerto-Montt_0019_Niveles-2.jpg 1200w, https:\/\/ialeman.cl\/wp-content\/uploads\/2026\/03\/Dia-del-Sindrome-de-Down-Instituto-Aleman-de-Puerto-Montt_0019_Niveles-2-300x200.jpg 300w, https:\/\/ialeman.cl\/wp-content\/uploads\/2026\/03\/Dia-del-Sindrome-de-Down-Instituto-Aleman-de-Puerto-Montt_0019_Niveles-2-1024x684.jpg 1024w, https:\/\/ialeman.cl\/wp-content\/uploads\/2026\/03\/Dia-del-Sindrome-de-Down-Instituto-Aleman-de-Puerto-Montt_0019_Niveles-2-768x513.jpg 768w\" sizes=\"(max-width: 1200px) 100vw, 1200px\" \/><\/a>\n\t\t\t<\/div><\/figure><figure class='gallery-item'>\n\t\t\t<div class='gallery-icon landscape'>\n\t\t\t\t<a data-elementor-open-lightbox=\"yes\" data-elementor-lightbox-slideshow=\"2628232\" data-elementor-lightbox-title=\"D\u00eda del S\u00edndrome de Down Instituto Alem\u00e1n de Puerto Montt_0020_DSC_2153\" data-e-action-hash=\"#elementor-action%3Aaction%3Dlightbox%26settings%3DeyJpZCI6NTQ2NzAsInVybCI6Imh0dHBzOlwvXC9pYWxlbWFuLmNsXC93cC1jb250ZW50XC91cGxvYWRzXC8yMDI2XC8wM1wvRGlhLWRlbC1TaW5kcm9tZS1kZS1Eb3duLUluc3RpdHV0by1BbGVtYW4tZGUtUHVlcnRvLU1vbnR0XzAwMjBfRFNDXzIxNTMuanBnIiwic2xpZGVzaG93IjoiMjYyODIzMiJ9\" href='https:\/\/ialeman.cl\/wp-content\/uploads\/2026\/03\/Dia-del-Sindrome-de-Down-Instituto-Aleman-de-Puerto-Montt_0020_DSC_2153.jpg'><img loading=\"lazy\" decoding=\"async\" width=\"1200\" height=\"801\" src=\"https:\/\/ialeman.cl\/wp-content\/uploads\/2026\/03\/Dia-del-Sindrome-de-Down-Instituto-Aleman-de-Puerto-Montt_0020_DSC_2153.jpg\" class=\"attachment-full size-full\" alt=\"\" srcset=\"https:\/\/ialeman.cl\/wp-content\/uploads\/2026\/03\/Dia-del-Sindrome-de-Down-Instituto-Aleman-de-Puerto-Montt_0020_DSC_2153.jpg 1200w, https:\/\/ialeman.cl\/wp-content\/uploads\/2026\/03\/Dia-del-Sindrome-de-Down-Instituto-Aleman-de-Puerto-Montt_0020_DSC_2153-300x200.jpg 300w, https:\/\/ialeman.cl\/wp-content\/uploads\/2026\/03\/Dia-del-Sindrome-de-Down-Instituto-Aleman-de-Puerto-Montt_0020_DSC_2153-1024x684.jpg 1024w, https:\/\/ialeman.cl\/wp-content\/uploads\/2026\/03\/Dia-del-Sindrome-de-Down-Instituto-Aleman-de-Puerto-Montt_0020_DSC_2153-768x513.jpg 768w\" sizes=\"(max-width: 1200px) 100vw, 1200px\" \/><\/a>\n\t\t\t<\/div><\/figure><figure class='gallery-item'>\n\t\t\t<div class='gallery-icon landscape'>\n\t\t\t\t<a data-elementor-open-lightbox=\"yes\" data-elementor-lightbox-slideshow=\"2628232\" data-elementor-lightbox-title=\"D\u00eda del S\u00edndrome de Down Instituto Alem\u00e1n de Puerto Montt_0021_Niveles 3\" data-e-action-hash=\"#elementor-action%3Aaction%3Dlightbox%26settings%3DeyJpZCI6NTQ2NzEsInVybCI6Imh0dHBzOlwvXC9pYWxlbWFuLmNsXC93cC1jb250ZW50XC91cGxvYWRzXC8yMDI2XC8wM1wvRGlhLWRlbC1TaW5kcm9tZS1kZS1Eb3duLUluc3RpdHV0by1BbGVtYW4tZGUtUHVlcnRvLU1vbnR0XzAwMjFfTml2ZWxlcy0zLmpwZyIsInNsaWRlc2hvdyI6IjI2MjgyMzIifQ%3D%3D\" href='https:\/\/ialeman.cl\/wp-content\/uploads\/2026\/03\/Dia-del-Sindrome-de-Down-Instituto-Aleman-de-Puerto-Montt_0021_Niveles-3.jpg'><img loading=\"lazy\" decoding=\"async\" width=\"1200\" height=\"801\" src=\"https:\/\/ialeman.cl\/wp-content\/uploads\/2026\/03\/Dia-del-Sindrome-de-Down-Instituto-Aleman-de-Puerto-Montt_0021_Niveles-3.jpg\" class=\"attachment-full size-full\" alt=\"\" srcset=\"https:\/\/ialeman.cl\/wp-content\/uploads\/2026\/03\/Dia-del-Sindrome-de-Down-Instituto-Aleman-de-Puerto-Montt_0021_Niveles-3.jpg 1200w, https:\/\/ialeman.cl\/wp-content\/uploads\/2026\/03\/Dia-del-Sindrome-de-Down-Instituto-Aleman-de-Puerto-Montt_0021_Niveles-3-300x200.jpg 300w, https:\/\/ialeman.cl\/wp-content\/uploads\/2026\/03\/Dia-del-Sindrome-de-Down-Instituto-Aleman-de-Puerto-Montt_0021_Niveles-3-1024x684.jpg 1024w, https:\/\/ialeman.cl\/wp-content\/uploads\/2026\/03\/Dia-del-Sindrome-de-Down-Instituto-Aleman-de-Puerto-Montt_0021_Niveles-3-768x513.jpg 768w\" sizes=\"(max-width: 1200px) 100vw, 1200px\" \/><\/a>\n\t\t\t<\/div><\/figure><figure class='gallery-item'>\n\t\t\t<div class='gallery-icon landscape'>\n\t\t\t\t<a data-elementor-open-lightbox=\"yes\" data-elementor-lightbox-slideshow=\"2628232\" data-elementor-lightbox-title=\"D\u00eda del S\u00edndrome de Down Instituto Alem\u00e1n de Puerto Montt_0022_Niveles 4\" data-e-action-hash=\"#elementor-action%3Aaction%3Dlightbox%26settings%3DeyJpZCI6NTQ2NzIsInVybCI6Imh0dHBzOlwvXC9pYWxlbWFuLmNsXC93cC1jb250ZW50XC91cGxvYWRzXC8yMDI2XC8wM1wvRGlhLWRlbC1TaW5kcm9tZS1kZS1Eb3duLUluc3RpdHV0by1BbGVtYW4tZGUtUHVlcnRvLU1vbnR0XzAwMjJfTml2ZWxlcy00LmpwZyIsInNsaWRlc2hvdyI6IjI2MjgyMzIifQ%3D%3D\" href='https:\/\/ialeman.cl\/wp-content\/uploads\/2026\/03\/Dia-del-Sindrome-de-Down-Instituto-Aleman-de-Puerto-Montt_0022_Niveles-4.jpg'><img loading=\"lazy\" decoding=\"async\" width=\"1200\" height=\"801\" src=\"https:\/\/ialeman.cl\/wp-content\/uploads\/2026\/03\/Dia-del-Sindrome-de-Down-Instituto-Aleman-de-Puerto-Montt_0022_Niveles-4.jpg\" class=\"attachment-full size-full\" alt=\"\" srcset=\"https:\/\/ialeman.cl\/wp-content\/uploads\/2026\/03\/Dia-del-Sindrome-de-Down-Instituto-Aleman-de-Puerto-Montt_0022_Niveles-4.jpg 1200w, https:\/\/ialeman.cl\/wp-content\/uploads\/2026\/03\/Dia-del-Sindrome-de-Down-Instituto-Aleman-de-Puerto-Montt_0022_Niveles-4-300x200.jpg 300w, https:\/\/ialeman.cl\/wp-content\/uploads\/2026\/03\/Dia-del-Sindrome-de-Down-Instituto-Aleman-de-Puerto-Montt_0022_Niveles-4-1024x684.jpg 1024w, https:\/\/ialeman.cl\/wp-content\/uploads\/2026\/03\/Dia-del-Sindrome-de-Down-Instituto-Aleman-de-Puerto-Montt_0022_Niveles-4-768x513.jpg 768w\" sizes=\"(max-width: 1200px) 100vw, 1200px\" \/><\/a>\n\t\t\t<\/div><\/figure><figure class='gallery-item'>\n\t\t\t<div class='gallery-icon landscape'>\n\t\t\t\t<a data-elementor-open-lightbox=\"yes\" data-elementor-lightbox-slideshow=\"2628232\" data-elementor-lightbox-title=\"D\u00eda del S\u00edndrome de Down Instituto Alem\u00e1n de Puerto Montt_0024_DSC_1931\" data-e-action-hash=\"#elementor-action%3Aaction%3Dlightbox%26settings%3DeyJpZCI6NTQ2NzQsInVybCI6Imh0dHBzOlwvXC9pYWxlbWFuLmNsXC93cC1jb250ZW50XC91cGxvYWRzXC8yMDI2XC8wM1wvRGlhLWRlbC1TaW5kcm9tZS1kZS1Eb3duLUluc3RpdHV0by1BbGVtYW4tZGUtUHVlcnRvLU1vbnR0XzAwMjRfRFNDXzE5MzEuanBnIiwic2xpZGVzaG93IjoiMjYyODIzMiJ9\" href='https:\/\/ialeman.cl\/wp-content\/uploads\/2026\/03\/Dia-del-Sindrome-de-Down-Instituto-Aleman-de-Puerto-Montt_0024_DSC_1931.jpg'><img loading=\"lazy\" decoding=\"async\" width=\"1200\" height=\"801\" src=\"https:\/\/ialeman.cl\/wp-content\/uploads\/2026\/03\/Dia-del-Sindrome-de-Down-Instituto-Aleman-de-Puerto-Montt_0024_DSC_1931.jpg\" class=\"attachment-full size-full\" alt=\"\" srcset=\"https:\/\/ialeman.cl\/wp-content\/uploads\/2026\/03\/Dia-del-Sindrome-de-Down-Instituto-Aleman-de-Puerto-Montt_0024_DSC_1931.jpg 1200w, https:\/\/ialeman.cl\/wp-content\/uploads\/2026\/03\/Dia-del-Sindrome-de-Down-Instituto-Aleman-de-Puerto-Montt_0024_DSC_1931-300x200.jpg 300w, https:\/\/ialeman.cl\/wp-content\/uploads\/2026\/03\/Dia-del-Sindrome-de-Down-Instituto-Aleman-de-Puerto-Montt_0024_DSC_1931-1024x684.jpg 1024w, https:\/\/ialeman.cl\/wp-content\/uploads\/2026\/03\/Dia-del-Sindrome-de-Down-Instituto-Aleman-de-Puerto-Montt_0024_DSC_1931-768x513.jpg 768w\" sizes=\"(max-width: 1200px) 100vw, 1200px\" \/><\/a>\n\t\t\t<\/div><\/figure><figure class='gallery-item'>\n\t\t\t<div class='gallery-icon landscape'>\n\t\t\t\t<a data-elementor-open-lightbox=\"yes\" data-elementor-lightbox-slideshow=\"2628232\" data-elementor-lightbox-title=\"D\u00eda del S\u00edndrome de Down Instituto Alem\u00e1n de Puerto Montt_0025_DSC_1874\" data-e-action-hash=\"#elementor-action%3Aaction%3Dlightbox%26settings%3DeyJpZCI6NTQ2NzUsInVybCI6Imh0dHBzOlwvXC9pYWxlbWFuLmNsXC93cC1jb250ZW50XC91cGxvYWRzXC8yMDI2XC8wM1wvRGlhLWRlbC1TaW5kcm9tZS1kZS1Eb3duLUluc3RpdHV0by1BbGVtYW4tZGUtUHVlcnRvLU1vbnR0XzAwMjVfRFNDXzE4NzQuanBnIiwic2xpZGVzaG93IjoiMjYyODIzMiJ9\" href='https:\/\/ialeman.cl\/wp-content\/uploads\/2026\/03\/Dia-del-Sindrome-de-Down-Instituto-Aleman-de-Puerto-Montt_0025_DSC_1874.jpg'><img loading=\"lazy\" decoding=\"async\" width=\"1200\" height=\"801\" src=\"https:\/\/ialeman.cl\/wp-content\/uploads\/2026\/03\/Dia-del-Sindrome-de-Down-Instituto-Aleman-de-Puerto-Montt_0025_DSC_1874.jpg\" class=\"attachment-full size-full\" alt=\"\" srcset=\"https:\/\/ialeman.cl\/wp-content\/uploads\/2026\/03\/Dia-del-Sindrome-de-Down-Instituto-Aleman-de-Puerto-Montt_0025_DSC_1874.jpg 1200w, https:\/\/ialeman.cl\/wp-content\/uploads\/2026\/03\/Dia-del-Sindrome-de-Down-Instituto-Aleman-de-Puerto-Montt_0025_DSC_1874-300x200.jpg 300w, https:\/\/ialeman.cl\/wp-content\/uploads\/2026\/03\/Dia-del-Sindrome-de-Down-Instituto-Aleman-de-Puerto-Montt_0025_DSC_1874-1024x684.jpg 1024w, https:\/\/ialeman.cl\/wp-content\/uploads\/2026\/03\/Dia-del-Sindrome-de-Down-Instituto-Aleman-de-Puerto-Montt_0025_DSC_1874-768x513.jpg 768w\" sizes=\"(max-width: 1200px) 100vw, 1200px\" \/><\/a>\n\t\t\t<\/div><\/figure><figure class='gallery-item'>\n\t\t\t<div class='gallery-icon landscape'>\n\t\t\t\t<a data-elementor-open-lightbox=\"yes\" data-elementor-lightbox-slideshow=\"2628232\" data-elementor-lightbox-title=\"D\u00eda del S\u00edndrome de Down Instituto Alem\u00e1n de Puerto Montt_0029_DSC_1923\" data-e-action-hash=\"#elementor-action%3Aaction%3Dlightbox%26settings%3DeyJpZCI6NTQ2NzksInVybCI6Imh0dHBzOlwvXC9pYWxlbWFuLmNsXC93cC1jb250ZW50XC91cGxvYWRzXC8yMDI2XC8wM1wvRGlhLWRlbC1TaW5kcm9tZS1kZS1Eb3duLUluc3RpdHV0by1BbGVtYW4tZGUtUHVlcnRvLU1vbnR0XzAwMjlfRFNDXzE5MjMuanBnIiwic2xpZGVzaG93IjoiMjYyODIzMiJ9\" href='https:\/\/ialeman.cl\/wp-content\/uploads\/2026\/03\/Dia-del-Sindrome-de-Down-Instituto-Aleman-de-Puerto-Montt_0029_DSC_1923.jpg'><img loading=\"lazy\" decoding=\"async\" width=\"1200\" height=\"801\" src=\"https:\/\/ialeman.cl\/wp-content\/uploads\/2026\/03\/Dia-del-Sindrome-de-Down-Instituto-Aleman-de-Puerto-Montt_0029_DSC_1923.jpg\" class=\"attachment-full size-full\" alt=\"\" srcset=\"https:\/\/ialeman.cl\/wp-content\/uploads\/2026\/03\/Dia-del-Sindrome-de-Down-Instituto-Aleman-de-Puerto-Montt_0029_DSC_1923.jpg 1200w, https:\/\/ialeman.cl\/wp-content\/uploads\/2026\/03\/Dia-del-Sindrome-de-Down-Instituto-Aleman-de-Puerto-Montt_0029_DSC_1923-300x200.jpg 300w, https:\/\/ialeman.cl\/wp-content\/uploads\/2026\/03\/Dia-del-Sindrome-de-Down-Instituto-Aleman-de-Puerto-Montt_0029_DSC_1923-1024x684.jpg 1024w, https:\/\/ialeman.cl\/wp-content\/uploads\/2026\/03\/Dia-del-Sindrome-de-Down-Instituto-Aleman-de-Puerto-Montt_0029_DSC_1923-768x513.jpg 768w\" sizes=\"(max-width: 1200px) 100vw, 1200px\" \/><\/a>\n\t\t\t<\/div><\/figure><figure class='gallery-item'>\n\t\t\t<div class='gallery-icon landscape'>\n\t\t\t\t<a data-elementor-open-lightbox=\"yes\" data-elementor-lightbox-slideshow=\"2628232\" data-elementor-lightbox-title=\"D\u00eda del S\u00edndrome de Down Instituto Alem\u00e1n de Puerto Montt_0033_Niveles 9\" data-e-action-hash=\"#elementor-action%3Aaction%3Dlightbox%26settings%3DeyJpZCI6NTQ2ODUsInVybCI6Imh0dHBzOlwvXC9pYWxlbWFuLmNsXC93cC1jb250ZW50XC91cGxvYWRzXC8yMDI2XC8wM1wvRGlhLWRlbC1TaW5kcm9tZS1kZS1Eb3duLUluc3RpdHV0by1BbGVtYW4tZGUtUHVlcnRvLU1vbnR0XzAwMzNfTml2ZWxlcy05LmpwZyIsInNsaWRlc2hvdyI6IjI2MjgyMzIifQ%3D%3D\" href='https:\/\/ialeman.cl\/wp-content\/uploads\/2026\/03\/Dia-del-Sindrome-de-Down-Instituto-Aleman-de-Puerto-Montt_0033_Niveles-9.jpg'><img loading=\"lazy\" decoding=\"async\" width=\"1200\" height=\"801\" src=\"https:\/\/ialeman.cl\/wp-content\/uploads\/2026\/03\/Dia-del-Sindrome-de-Down-Instituto-Aleman-de-Puerto-Montt_0033_Niveles-9.jpg\" class=\"attachment-full size-full\" alt=\"\" srcset=\"https:\/\/ialeman.cl\/wp-content\/uploads\/2026\/03\/Dia-del-Sindrome-de-Down-Instituto-Aleman-de-Puerto-Montt_0033_Niveles-9.jpg 1200w, https:\/\/ialeman.cl\/wp-content\/uploads\/2026\/03\/Dia-del-Sindrome-de-Down-Instituto-Aleman-de-Puerto-Montt_0033_Niveles-9-300x200.jpg 300w, https:\/\/ialeman.cl\/wp-content\/uploads\/2026\/03\/Dia-del-Sindrome-de-Down-Instituto-Aleman-de-Puerto-Montt_0033_Niveles-9-1024x684.jpg 1024w, https:\/\/ialeman.cl\/wp-content\/uploads\/2026\/03\/Dia-del-Sindrome-de-Down-Instituto-Aleman-de-Puerto-Montt_0033_Niveles-9-768x513.jpg 768w\" sizes=\"(max-width: 1200px) 100vw, 1200px\" \/><\/a>\n\t\t\t<\/div><\/figure><figure class='gallery-item'>\n\t\t\t<div class='gallery-icon landscape'>\n\t\t\t\t<a data-elementor-open-lightbox=\"yes\" data-elementor-lightbox-slideshow=\"2628232\" data-elementor-lightbox-title=\"D\u00eda del S\u00edndrome de Down Instituto Alem\u00e1n de Puerto Montt_0034_DSC_1949\" data-e-action-hash=\"#elementor-action%3Aaction%3Dlightbox%26settings%3DeyJpZCI6NTQ2ODYsInVybCI6Imh0dHBzOlwvXC9pYWxlbWFuLmNsXC93cC1jb250ZW50XC91cGxvYWRzXC8yMDI2XC8wM1wvRGlhLWRlbC1TaW5kcm9tZS1kZS1Eb3duLUluc3RpdHV0by1BbGVtYW4tZGUtUHVlcnRvLU1vbnR0XzAwMzRfRFNDXzE5NDkuanBnIiwic2xpZGVzaG93IjoiMjYyODIzMiJ9\" href='https:\/\/ialeman.cl\/wp-content\/uploads\/2026\/03\/Dia-del-Sindrome-de-Down-Instituto-Aleman-de-Puerto-Montt_0034_DSC_1949.jpg'><img loading=\"lazy\" decoding=\"async\" width=\"1200\" height=\"801\" src=\"https:\/\/ialeman.cl\/wp-content\/uploads\/2026\/03\/Dia-del-Sindrome-de-Down-Instituto-Aleman-de-Puerto-Montt_0034_DSC_1949.jpg\" class=\"attachment-full size-full\" alt=\"\" srcset=\"https:\/\/ialeman.cl\/wp-content\/uploads\/2026\/03\/Dia-del-Sindrome-de-Down-Instituto-Aleman-de-Puerto-Montt_0034_DSC_1949.jpg 1200w, https:\/\/ialeman.cl\/wp-content\/uploads\/2026\/03\/Dia-del-Sindrome-de-Down-Instituto-Aleman-de-Puerto-Montt_0034_DSC_1949-300x200.jpg 300w, https:\/\/ialeman.cl\/wp-content\/uploads\/2026\/03\/Dia-del-Sindrome-de-Down-Instituto-Aleman-de-Puerto-Montt_0034_DSC_1949-1024x684.jpg 1024w, https:\/\/ialeman.cl\/wp-content\/uploads\/2026\/03\/Dia-del-Sindrome-de-Down-Instituto-Aleman-de-Puerto-Montt_0034_DSC_1949-768x513.jpg 768w\" sizes=\"(max-width: 1200px) 100vw, 1200px\" \/><\/a>\n\t\t\t<\/div><\/figure><figure class='gallery-item'>\n\t\t\t<div class='gallery-icon landscape'>\n\t\t\t\t<a data-elementor-open-lightbox=\"yes\" data-elementor-lightbox-slideshow=\"2628232\" data-elementor-lightbox-title=\"D\u00eda del S\u00edndrome de Down Instituto Alem\u00e1n de Puerto Montt_0035_Niveles 10\" data-e-action-hash=\"#elementor-action%3Aaction%3Dlightbox%26settings%3DeyJpZCI6NTQ2ODcsInVybCI6Imh0dHBzOlwvXC9pYWxlbWFuLmNsXC93cC1jb250ZW50XC91cGxvYWRzXC8yMDI2XC8wM1wvRGlhLWRlbC1TaW5kcm9tZS1kZS1Eb3duLUluc3RpdHV0by1BbGVtYW4tZGUtUHVlcnRvLU1vbnR0XzAwMzVfTml2ZWxlcy0xMC5qcGciLCJzbGlkZXNob3ciOiIyNjI4MjMyIn0%3D\" href='https:\/\/ialeman.cl\/wp-content\/uploads\/2026\/03\/Dia-del-Sindrome-de-Down-Instituto-Aleman-de-Puerto-Montt_0035_Niveles-10.jpg'><img loading=\"lazy\" decoding=\"async\" width=\"1200\" height=\"801\" src=\"https:\/\/ialeman.cl\/wp-content\/uploads\/2026\/03\/Dia-del-Sindrome-de-Down-Instituto-Aleman-de-Puerto-Montt_0035_Niveles-10.jpg\" class=\"attachment-full size-full\" alt=\"\" srcset=\"https:\/\/ialeman.cl\/wp-content\/uploads\/2026\/03\/Dia-del-Sindrome-de-Down-Instituto-Aleman-de-Puerto-Montt_0035_Niveles-10.jpg 1200w, https:\/\/ialeman.cl\/wp-content\/uploads\/2026\/03\/Dia-del-Sindrome-de-Down-Instituto-Aleman-de-Puerto-Montt_0035_Niveles-10-300x200.jpg 300w, https:\/\/ialeman.cl\/wp-content\/uploads\/2026\/03\/Dia-del-Sindrome-de-Down-Instituto-Aleman-de-Puerto-Montt_0035_Niveles-10-1024x684.jpg 1024w, https:\/\/ialeman.cl\/wp-content\/uploads\/2026\/03\/Dia-del-Sindrome-de-Down-Instituto-Aleman-de-Puerto-Montt_0035_Niveles-10-768x513.jpg 768w\" sizes=\"(max-width: 1200px) 100vw, 1200px\" \/><\/a>\n\t\t\t<\/div><\/figure><figure class='gallery-item'>\n\t\t\t<div class='gallery-icon landscape'>\n\t\t\t\t<a data-elementor-open-lightbox=\"yes\" data-elementor-lightbox-slideshow=\"2628232\" data-elementor-lightbox-title=\"D\u00eda del S\u00edndrome de Down Instituto Alem\u00e1n de Puerto Montt_0036_Niveles 11\" data-e-action-hash=\"#elementor-action%3Aaction%3Dlightbox%26settings%3DeyJpZCI6NTQ2ODgsInVybCI6Imh0dHBzOlwvXC9pYWxlbWFuLmNsXC93cC1jb250ZW50XC91cGxvYWRzXC8yMDI2XC8wM1wvRGlhLWRlbC1TaW5kcm9tZS1kZS1Eb3duLUluc3RpdHV0by1BbGVtYW4tZGUtUHVlcnRvLU1vbnR0XzAwMzZfTml2ZWxlcy0xMS5qcGciLCJzbGlkZXNob3ciOiIyNjI4MjMyIn0%3D\" href='https:\/\/ialeman.cl\/wp-content\/uploads\/2026\/03\/Dia-del-Sindrome-de-Down-Instituto-Aleman-de-Puerto-Montt_0036_Niveles-11.jpg'><img loading=\"lazy\" decoding=\"async\" width=\"1200\" height=\"801\" src=\"https:\/\/ialeman.cl\/wp-content\/uploads\/2026\/03\/Dia-del-Sindrome-de-Down-Instituto-Aleman-de-Puerto-Montt_0036_Niveles-11.jpg\" class=\"attachment-full size-full\" alt=\"\" srcset=\"https:\/\/ialeman.cl\/wp-content\/uploads\/2026\/03\/Dia-del-Sindrome-de-Down-Instituto-Aleman-de-Puerto-Montt_0036_Niveles-11.jpg 1200w, https:\/\/ialeman.cl\/wp-content\/uploads\/2026\/03\/Dia-del-Sindrome-de-Down-Instituto-Aleman-de-Puerto-Montt_0036_Niveles-11-300x200.jpg 300w, https:\/\/ialeman.cl\/wp-content\/uploads\/2026\/03\/Dia-del-Sindrome-de-Down-Instituto-Aleman-de-Puerto-Montt_0036_Niveles-11-1024x684.jpg 1024w, https:\/\/ialeman.cl\/wp-content\/uploads\/2026\/03\/Dia-del-Sindrome-de-Down-Instituto-Aleman-de-Puerto-Montt_0036_Niveles-11-768x513.jpg 768w\" sizes=\"(max-width: 1200px) 100vw, 1200px\" \/><\/a>\n\t\t\t<\/div><\/figure><figure class='gallery-item'>\n\t\t\t<div class='gallery-icon landscape'>\n\t\t\t\t<a data-elementor-open-lightbox=\"yes\" data-elementor-lightbox-slideshow=\"2628232\" data-elementor-lightbox-title=\"D\u00eda del S\u00edndrome de Down Instituto Alem\u00e1n de Puerto Montt_0037_Niveles 12\" data-e-action-hash=\"#elementor-action%3Aaction%3Dlightbox%26settings%3DeyJpZCI6NTQ2ODksInVybCI6Imh0dHBzOlwvXC9pYWxlbWFuLmNsXC93cC1jb250ZW50XC91cGxvYWRzXC8yMDI2XC8wM1wvRGlhLWRlbC1TaW5kcm9tZS1kZS1Eb3duLUluc3RpdHV0by1BbGVtYW4tZGUtUHVlcnRvLU1vbnR0XzAwMzdfTml2ZWxlcy0xMi5qcGciLCJzbGlkZXNob3ciOiIyNjI4MjMyIn0%3D\" href='https:\/\/ialeman.cl\/wp-content\/uploads\/2026\/03\/Dia-del-Sindrome-de-Down-Instituto-Aleman-de-Puerto-Montt_0037_Niveles-12.jpg'><img loading=\"lazy\" decoding=\"async\" width=\"1200\" height=\"801\" src=\"https:\/\/ialeman.cl\/wp-content\/uploads\/2026\/03\/Dia-del-Sindrome-de-Down-Instituto-Aleman-de-Puerto-Montt_0037_Niveles-12.jpg\" class=\"attachment-full size-full\" alt=\"\" srcset=\"https:\/\/ialeman.cl\/wp-content\/uploads\/2026\/03\/Dia-del-Sindrome-de-Down-Instituto-Aleman-de-Puerto-Montt_0037_Niveles-12.jpg 1200w, https:\/\/ialeman.cl\/wp-content\/uploads\/2026\/03\/Dia-del-Sindrome-de-Down-Instituto-Aleman-de-Puerto-Montt_0037_Niveles-12-300x200.jpg 300w, https:\/\/ialeman.cl\/wp-content\/uploads\/2026\/03\/Dia-del-Sindrome-de-Down-Instituto-Aleman-de-Puerto-Montt_0037_Niveles-12-1024x684.jpg 1024w, https:\/\/ialeman.cl\/wp-content\/uploads\/2026\/03\/Dia-del-Sindrome-de-Down-Instituto-Aleman-de-Puerto-Montt_0037_Niveles-12-768x513.jpg 768w\" sizes=\"(max-width: 1200px) 100vw, 1200px\" \/><\/a>\n\t\t\t<\/div><\/figure><figure class='gallery-item'>\n\t\t\t<div class='gallery-icon landscape'>\n\t\t\t\t<a data-elementor-open-lightbox=\"yes\" data-elementor-lightbox-slideshow=\"2628232\" data-elementor-lightbox-title=\"D\u00eda del S\u00edndrome de Down Instituto Alem\u00e1n de Puerto Montt_0039_Niveles 19\" data-e-action-hash=\"#elementor-action%3Aaction%3Dlightbox%26settings%3DeyJpZCI6NTQ2OTEsInVybCI6Imh0dHBzOlwvXC9pYWxlbWFuLmNsXC93cC1jb250ZW50XC91cGxvYWRzXC8yMDI2XC8wM1wvRGlhLWRlbC1TaW5kcm9tZS1kZS1Eb3duLUluc3RpdHV0by1BbGVtYW4tZGUtUHVlcnRvLU1vbnR0XzAwMzlfTml2ZWxlcy0xOS5qcGciLCJzbGlkZXNob3ciOiIyNjI4MjMyIn0%3D\" href='https:\/\/ialeman.cl\/wp-content\/uploads\/2026\/03\/Dia-del-Sindrome-de-Down-Instituto-Aleman-de-Puerto-Montt_0039_Niveles-19.jpg'><img loading=\"lazy\" decoding=\"async\" width=\"1200\" height=\"801\" src=\"https:\/\/ialeman.cl\/wp-content\/uploads\/2026\/03\/Dia-del-Sindrome-de-Down-Instituto-Aleman-de-Puerto-Montt_0039_Niveles-19.jpg\" class=\"attachment-full size-full\" alt=\"\" srcset=\"https:\/\/ialeman.cl\/wp-content\/uploads\/2026\/03\/Dia-del-Sindrome-de-Down-Instituto-Aleman-de-Puerto-Montt_0039_Niveles-19.jpg 1200w, https:\/\/ialeman.cl\/wp-content\/uploads\/2026\/03\/Dia-del-Sindrome-de-Down-Instituto-Aleman-de-Puerto-Montt_0039_Niveles-19-300x200.jpg 300w, https:\/\/ialeman.cl\/wp-content\/uploads\/2026\/03\/Dia-del-Sindrome-de-Down-Instituto-Aleman-de-Puerto-Montt_0039_Niveles-19-1024x684.jpg 1024w, https:\/\/ialeman.cl\/wp-content\/uploads\/2026\/03\/Dia-del-Sindrome-de-Down-Instituto-Aleman-de-Puerto-Montt_0039_Niveles-19-768x513.jpg 768w\" sizes=\"(max-width: 1200px) 100vw, 1200px\" \/><\/a>\n\t\t\t<\/div><\/figure><figure class='gallery-item'>\n\t\t\t<div class='gallery-icon landscape'>\n\t\t\t\t<a data-elementor-open-lightbox=\"yes\" data-elementor-lightbox-slideshow=\"2628232\" data-elementor-lightbox-title=\"D\u00eda del S\u00edndrome de Down Instituto Alem\u00e1n de Puerto Montt_0040_Niveles 13\" data-e-action-hash=\"#elementor-action%3Aaction%3Dlightbox%26settings%3DeyJpZCI6NTQ2OTIsInVybCI6Imh0dHBzOlwvXC9pYWxlbWFuLmNsXC93cC1jb250ZW50XC91cGxvYWRzXC8yMDI2XC8wM1wvRGlhLWRlbC1TaW5kcm9tZS1kZS1Eb3duLUluc3RpdHV0by1BbGVtYW4tZGUtUHVlcnRvLU1vbnR0XzAwNDBfTml2ZWxlcy0xMy5qcGciLCJzbGlkZXNob3ciOiIyNjI4MjMyIn0%3D\" href='https:\/\/ialeman.cl\/wp-content\/uploads\/2026\/03\/Dia-del-Sindrome-de-Down-Instituto-Aleman-de-Puerto-Montt_0040_Niveles-13.jpg'><img loading=\"lazy\" decoding=\"async\" width=\"1200\" height=\"801\" src=\"https:\/\/ialeman.cl\/wp-content\/uploads\/2026\/03\/Dia-del-Sindrome-de-Down-Instituto-Aleman-de-Puerto-Montt_0040_Niveles-13.jpg\" class=\"attachment-full size-full\" alt=\"\" srcset=\"https:\/\/ialeman.cl\/wp-content\/uploads\/2026\/03\/Dia-del-Sindrome-de-Down-Instituto-Aleman-de-Puerto-Montt_0040_Niveles-13.jpg 1200w, https:\/\/ialeman.cl\/wp-content\/uploads\/2026\/03\/Dia-del-Sindrome-de-Down-Instituto-Aleman-de-Puerto-Montt_0040_Niveles-13-300x200.jpg 300w, https:\/\/ialeman.cl\/wp-content\/uploads\/2026\/03\/Dia-del-Sindrome-de-Down-Instituto-Aleman-de-Puerto-Montt_0040_Niveles-13-1024x684.jpg 1024w, https:\/\/ialeman.cl\/wp-content\/uploads\/2026\/03\/Dia-del-Sindrome-de-Down-Instituto-Aleman-de-Puerto-Montt_0040_Niveles-13-768x513.jpg 768w\" sizes=\"(max-width: 1200px) 100vw, 1200px\" \/><\/a>\n\t\t\t<\/div><\/figure><figure class='gallery-item'>\n\t\t\t<div class='gallery-icon landscape'>\n\t\t\t\t<a data-elementor-open-lightbox=\"yes\" data-elementor-lightbox-slideshow=\"2628232\" data-elementor-lightbox-title=\"D\u00eda del S\u00edndrome de Down Instituto Alem\u00e1n de Puerto Montt_0041_DSC_1763\" data-e-action-hash=\"#elementor-action%3Aaction%3Dlightbox%26settings%3DeyJpZCI6NTQ2OTMsInVybCI6Imh0dHBzOlwvXC9pYWxlbWFuLmNsXC93cC1jb250ZW50XC91cGxvYWRzXC8yMDI2XC8wM1wvRGlhLWRlbC1TaW5kcm9tZS1kZS1Eb3duLUluc3RpdHV0by1BbGVtYW4tZGUtUHVlcnRvLU1vbnR0XzAwNDFfRFNDXzE3NjMuanBnIiwic2xpZGVzaG93IjoiMjYyODIzMiJ9\" href='https:\/\/ialeman.cl\/wp-content\/uploads\/2026\/03\/Dia-del-Sindrome-de-Down-Instituto-Aleman-de-Puerto-Montt_0041_DSC_1763.jpg'><img loading=\"lazy\" decoding=\"async\" width=\"1200\" height=\"801\" src=\"https:\/\/ialeman.cl\/wp-content\/uploads\/2026\/03\/Dia-del-Sindrome-de-Down-Instituto-Aleman-de-Puerto-Montt_0041_DSC_1763.jpg\" class=\"attachment-full size-full\" alt=\"\" srcset=\"https:\/\/ialeman.cl\/wp-content\/uploads\/2026\/03\/Dia-del-Sindrome-de-Down-Instituto-Aleman-de-Puerto-Montt_0041_DSC_1763.jpg 1200w, https:\/\/ialeman.cl\/wp-content\/uploads\/2026\/03\/Dia-del-Sindrome-de-Down-Instituto-Aleman-de-Puerto-Montt_0041_DSC_1763-300x200.jpg 300w, https:\/\/ialeman.cl\/wp-content\/uploads\/2026\/03\/Dia-del-Sindrome-de-Down-Instituto-Aleman-de-Puerto-Montt_0041_DSC_1763-1024x684.jpg 1024w, https:\/\/ialeman.cl\/wp-content\/uploads\/2026\/03\/Dia-del-Sindrome-de-Down-Instituto-Aleman-de-Puerto-Montt_0041_DSC_1763-768x513.jpg 768w\" sizes=\"(max-width: 1200px) 100vw, 1200px\" \/><\/a>\n\t\t\t<\/div><\/figure><figure class='gallery-item'>\n\t\t\t<div class='gallery-icon landscape'>\n\t\t\t\t<a data-elementor-open-lightbox=\"yes\" data-elementor-lightbox-slideshow=\"2628232\" data-elementor-lightbox-title=\"D\u00eda del S\u00edndrome de Down Instituto Alem\u00e1n de Puerto Montt_0042_Niveles 14\" data-e-action-hash=\"#elementor-action%3Aaction%3Dlightbox%26settings%3DeyJpZCI6NTQ2OTQsInVybCI6Imh0dHBzOlwvXC9pYWxlbWFuLmNsXC93cC1jb250ZW50XC91cGxvYWRzXC8yMDI2XC8wM1wvRGlhLWRlbC1TaW5kcm9tZS1kZS1Eb3duLUluc3RpdHV0by1BbGVtYW4tZGUtUHVlcnRvLU1vbnR0XzAwNDJfTml2ZWxlcy0xNC5qcGciLCJzbGlkZXNob3ciOiIyNjI4MjMyIn0%3D\" href='https:\/\/ialeman.cl\/wp-content\/uploads\/2026\/03\/Dia-del-Sindrome-de-Down-Instituto-Aleman-de-Puerto-Montt_0042_Niveles-14.jpg'><img loading=\"lazy\" decoding=\"async\" width=\"1200\" height=\"801\" src=\"https:\/\/ialeman.cl\/wp-content\/uploads\/2026\/03\/Dia-del-Sindrome-de-Down-Instituto-Aleman-de-Puerto-Montt_0042_Niveles-14.jpg\" class=\"attachment-full size-full\" alt=\"\" srcset=\"https:\/\/ialeman.cl\/wp-content\/uploads\/2026\/03\/Dia-del-Sindrome-de-Down-Instituto-Aleman-de-Puerto-Montt_0042_Niveles-14.jpg 1200w, https:\/\/ialeman.cl\/wp-content\/uploads\/2026\/03\/Dia-del-Sindrome-de-Down-Instituto-Aleman-de-Puerto-Montt_0042_Niveles-14-300x200.jpg 300w, https:\/\/ialeman.cl\/wp-content\/uploads\/2026\/03\/Dia-del-Sindrome-de-Down-Instituto-Aleman-de-Puerto-Montt_0042_Niveles-14-1024x684.jpg 1024w, https:\/\/ialeman.cl\/wp-content\/uploads\/2026\/03\/Dia-del-Sindrome-de-Down-Instituto-Aleman-de-Puerto-Montt_0042_Niveles-14-768x513.jpg 768w\" sizes=\"(max-width: 1200px) 100vw, 1200px\" \/><\/a>\n\t\t\t<\/div><\/figure><figure class='gallery-item'>\n\t\t\t<div class='gallery-icon landscape'>\n\t\t\t\t<a data-elementor-open-lightbox=\"yes\" data-elementor-lightbox-slideshow=\"2628232\" data-elementor-lightbox-title=\"D\u00eda del S\u00edndrome de Down Instituto Alem\u00e1n de Puerto Montt_0043_DSC_1944\" data-e-action-hash=\"#elementor-action%3Aaction%3Dlightbox%26settings%3DeyJpZCI6NTQ2OTUsInVybCI6Imh0dHBzOlwvXC9pYWxlbWFuLmNsXC93cC1jb250ZW50XC91cGxvYWRzXC8yMDI2XC8wM1wvRGlhLWRlbC1TaW5kcm9tZS1kZS1Eb3duLUluc3RpdHV0by1BbGVtYW4tZGUtUHVlcnRvLU1vbnR0XzAwNDNfRFNDXzE5NDQuanBnIiwic2xpZGVzaG93IjoiMjYyODIzMiJ9\" href='https:\/\/ialeman.cl\/wp-content\/uploads\/2026\/03\/Dia-del-Sindrome-de-Down-Instituto-Aleman-de-Puerto-Montt_0043_DSC_1944.jpg'><img loading=\"lazy\" decoding=\"async\" width=\"1200\" height=\"801\" src=\"https:\/\/ialeman.cl\/wp-content\/uploads\/2026\/03\/Dia-del-Sindrome-de-Down-Instituto-Aleman-de-Puerto-Montt_0043_DSC_1944.jpg\" class=\"attachment-full size-full\" alt=\"\" srcset=\"https:\/\/ialeman.cl\/wp-content\/uploads\/2026\/03\/Dia-del-Sindrome-de-Down-Instituto-Aleman-de-Puerto-Montt_0043_DSC_1944.jpg 1200w, https:\/\/ialeman.cl\/wp-content\/uploads\/2026\/03\/Dia-del-Sindrome-de-Down-Instituto-Aleman-de-Puerto-Montt_0043_DSC_1944-300x200.jpg 300w, https:\/\/ialeman.cl\/wp-content\/uploads\/2026\/03\/Dia-del-Sindrome-de-Down-Instituto-Aleman-de-Puerto-Montt_0043_DSC_1944-1024x684.jpg 1024w, https:\/\/ialeman.cl\/wp-content\/uploads\/2026\/03\/Dia-del-Sindrome-de-Down-Instituto-Aleman-de-Puerto-Montt_0043_DSC_1944-768x513.jpg 768w\" sizes=\"(max-width: 1200px) 100vw, 1200px\" \/><\/a>\n\t\t\t<\/div><\/figure><figure class='gallery-item'>\n\t\t\t<div class='gallery-icon landscape'>\n\t\t\t\t<a data-elementor-open-lightbox=\"yes\" data-elementor-lightbox-slideshow=\"2628232\" data-elementor-lightbox-title=\"D\u00eda del S\u00edndrome de Down Instituto Alem\u00e1n de Puerto Montt_0044_Niveles 15\" data-e-action-hash=\"#elementor-action%3Aaction%3Dlightbox%26settings%3DeyJpZCI6NTQ2OTYsInVybCI6Imh0dHBzOlwvXC9pYWxlbWFuLmNsXC93cC1jb250ZW50XC91cGxvYWRzXC8yMDI2XC8wM1wvRGlhLWRlbC1TaW5kcm9tZS1kZS1Eb3duLUluc3RpdHV0by1BbGVtYW4tZGUtUHVlcnRvLU1vbnR0XzAwNDRfTml2ZWxlcy0xNS5qcGciLCJzbGlkZXNob3ciOiIyNjI4MjMyIn0%3D\" href='https:\/\/ialeman.cl\/wp-content\/uploads\/2026\/03\/Dia-del-Sindrome-de-Down-Instituto-Aleman-de-Puerto-Montt_0044_Niveles-15.jpg'><img loading=\"lazy\" decoding=\"async\" width=\"1200\" height=\"801\" src=\"https:\/\/ialeman.cl\/wp-content\/uploads\/2026\/03\/Dia-del-Sindrome-de-Down-Instituto-Aleman-de-Puerto-Montt_0044_Niveles-15.jpg\" class=\"attachment-full size-full\" alt=\"\" srcset=\"https:\/\/ialeman.cl\/wp-content\/uploads\/2026\/03\/Dia-del-Sindrome-de-Down-Instituto-Aleman-de-Puerto-Montt_0044_Niveles-15.jpg 1200w, https:\/\/ialeman.cl\/wp-content\/uploads\/2026\/03\/Dia-del-Sindrome-de-Down-Instituto-Aleman-de-Puerto-Montt_0044_Niveles-15-300x200.jpg 300w, https:\/\/ialeman.cl\/wp-content\/uploads\/2026\/03\/Dia-del-Sindrome-de-Down-Instituto-Aleman-de-Puerto-Montt_0044_Niveles-15-1024x684.jpg 1024w, https:\/\/ialeman.cl\/wp-content\/uploads\/2026\/03\/Dia-del-Sindrome-de-Down-Instituto-Aleman-de-Puerto-Montt_0044_Niveles-15-768x513.jpg 768w\" sizes=\"(max-width: 1200px) 100vw, 1200px\" \/><\/a>\n\t\t\t<\/div><\/figure><figure class='gallery-item'>\n\t\t\t<div class='gallery-icon landscape'>\n\t\t\t\t<a data-elementor-open-lightbox=\"yes\" data-elementor-lightbox-slideshow=\"2628232\" data-elementor-lightbox-title=\"D\u00eda del S\u00edndrome de Down Instituto Alem\u00e1n de Puerto Montt_0045_Niveles 16\" data-e-action-hash=\"#elementor-action%3Aaction%3Dlightbox%26settings%3DeyJpZCI6NTQ2OTcsInVybCI6Imh0dHBzOlwvXC9pYWxlbWFuLmNsXC93cC1jb250ZW50XC91cGxvYWRzXC8yMDI2XC8wM1wvRGlhLWRlbC1TaW5kcm9tZS1kZS1Eb3duLUluc3RpdHV0by1BbGVtYW4tZGUtUHVlcnRvLU1vbnR0XzAwNDVfTml2ZWxlcy0xNi5qcGciLCJzbGlkZXNob3ciOiIyNjI4MjMyIn0%3D\" href='https:\/\/ialeman.cl\/wp-content\/uploads\/2026\/03\/Dia-del-Sindrome-de-Down-Instituto-Aleman-de-Puerto-Montt_0045_Niveles-16.jpg'><img loading=\"lazy\" decoding=\"async\" width=\"1200\" height=\"801\" src=\"https:\/\/ialeman.cl\/wp-content\/uploads\/2026\/03\/Dia-del-Sindrome-de-Down-Instituto-Aleman-de-Puerto-Montt_0045_Niveles-16.jpg\" class=\"attachment-full size-full\" alt=\"\" srcset=\"https:\/\/ialeman.cl\/wp-content\/uploads\/2026\/03\/Dia-del-Sindrome-de-Down-Instituto-Aleman-de-Puerto-Montt_0045_Niveles-16.jpg 1200w, https:\/\/ialeman.cl\/wp-content\/uploads\/2026\/03\/Dia-del-Sindrome-de-Down-Instituto-Aleman-de-Puerto-Montt_0045_Niveles-16-300x200.jpg 300w, https:\/\/ialeman.cl\/wp-content\/uploads\/2026\/03\/Dia-del-Sindrome-de-Down-Instituto-Aleman-de-Puerto-Montt_0045_Niveles-16-1024x684.jpg 1024w, https:\/\/ialeman.cl\/wp-content\/uploads\/2026\/03\/Dia-del-Sindrome-de-Down-Instituto-Aleman-de-Puerto-Montt_0045_Niveles-16-768x513.jpg 768w\" sizes=\"(max-width: 1200px) 100vw, 1200px\" \/><\/a>\n\t\t\t<\/div><\/figure><figure class='gallery-item'>\n\t\t\t<div class='gallery-icon landscape'>\n\t\t\t\t<a data-elementor-open-lightbox=\"yes\" data-elementor-lightbox-slideshow=\"2628232\" data-elementor-lightbox-title=\"D\u00eda del S\u00edndrome de Down Instituto Alem\u00e1n de Puerto Montt_0047_DSC_1851\" data-e-action-hash=\"#elementor-action%3Aaction%3Dlightbox%26settings%3DeyJpZCI6NTQ2OTksInVybCI6Imh0dHBzOlwvXC9pYWxlbWFuLmNsXC93cC1jb250ZW50XC91cGxvYWRzXC8yMDI2XC8wM1wvRGlhLWRlbC1TaW5kcm9tZS1kZS1Eb3duLUluc3RpdHV0by1BbGVtYW4tZGUtUHVlcnRvLU1vbnR0XzAwNDdfRFNDXzE4NTEuanBnIiwic2xpZGVzaG93IjoiMjYyODIzMiJ9\" href='https:\/\/ialeman.cl\/wp-content\/uploads\/2026\/03\/Dia-del-Sindrome-de-Down-Instituto-Aleman-de-Puerto-Montt_0047_DSC_1851.jpg'><img loading=\"lazy\" decoding=\"async\" width=\"1200\" height=\"801\" src=\"https:\/\/ialeman.cl\/wp-content\/uploads\/2026\/03\/Dia-del-Sindrome-de-Down-Instituto-Aleman-de-Puerto-Montt_0047_DSC_1851.jpg\" class=\"attachment-full size-full\" alt=\"\" srcset=\"https:\/\/ialeman.cl\/wp-content\/uploads\/2026\/03\/Dia-del-Sindrome-de-Down-Instituto-Aleman-de-Puerto-Montt_0047_DSC_1851.jpg 1200w, https:\/\/ialeman.cl\/wp-content\/uploads\/2026\/03\/Dia-del-Sindrome-de-Down-Instituto-Aleman-de-Puerto-Montt_0047_DSC_1851-300x200.jpg 300w, https:\/\/ialeman.cl\/wp-content\/uploads\/2026\/03\/Dia-del-Sindrome-de-Down-Instituto-Aleman-de-Puerto-Montt_0047_DSC_1851-1024x684.jpg 1024w, https:\/\/ialeman.cl\/wp-content\/uploads\/2026\/03\/Dia-del-Sindrome-de-Down-Instituto-Aleman-de-Puerto-Montt_0047_DSC_1851-768x513.jpg 768w\" sizes=\"(max-width: 1200px) 100vw, 1200px\" \/><\/a>\n\t\t\t<\/div><\/figure><figure class='gallery-item'>\n\t\t\t<div class='gallery-icon landscape'>\n\t\t\t\t<a data-elementor-open-lightbox=\"yes\" data-elementor-lightbox-slideshow=\"2628232\" data-elementor-lightbox-title=\"D\u00eda del S\u00edndrome de Down Instituto Alem\u00e1n de Puerto Montt_0048_DSC_1841\" data-e-action-hash=\"#elementor-action%3Aaction%3Dlightbox%26settings%3DeyJpZCI6NTQ3MDAsInVybCI6Imh0dHBzOlwvXC9pYWxlbWFuLmNsXC93cC1jb250ZW50XC91cGxvYWRzXC8yMDI2XC8wM1wvRGlhLWRlbC1TaW5kcm9tZS1kZS1Eb3duLUluc3RpdHV0by1BbGVtYW4tZGUtUHVlcnRvLU1vbnR0XzAwNDhfRFNDXzE4NDEuanBnIiwic2xpZGVzaG93IjoiMjYyODIzMiJ9\" href='https:\/\/ialeman.cl\/wp-content\/uploads\/2026\/03\/Dia-del-Sindrome-de-Down-Instituto-Aleman-de-Puerto-Montt_0048_DSC_1841.jpg'><img loading=\"lazy\" decoding=\"async\" width=\"1200\" height=\"801\" src=\"https:\/\/ialeman.cl\/wp-content\/uploads\/2026\/03\/Dia-del-Sindrome-de-Down-Instituto-Aleman-de-Puerto-Montt_0048_DSC_1841.jpg\" class=\"attachment-full size-full\" alt=\"\" srcset=\"https:\/\/ialeman.cl\/wp-content\/uploads\/2026\/03\/Dia-del-Sindrome-de-Down-Instituto-Aleman-de-Puerto-Montt_0048_DSC_1841.jpg 1200w, https:\/\/ialeman.cl\/wp-content\/uploads\/2026\/03\/Dia-del-Sindrome-de-Down-Instituto-Aleman-de-Puerto-Montt_0048_DSC_1841-300x200.jpg 300w, https:\/\/ialeman.cl\/wp-content\/uploads\/2026\/03\/Dia-del-Sindrome-de-Down-Instituto-Aleman-de-Puerto-Montt_0048_DSC_1841-1024x684.jpg 1024w, https:\/\/ialeman.cl\/wp-content\/uploads\/2026\/03\/Dia-del-Sindrome-de-Down-Instituto-Aleman-de-Puerto-Montt_0048_DSC_1841-768x513.jpg 768w\" sizes=\"(max-width: 1200px) 100vw, 1200px\" \/><\/a>\n\t\t\t<\/div><\/figure><figure class='gallery-item'>\n\t\t\t<div class='gallery-icon landscape'>\n\t\t\t\t<a data-elementor-open-lightbox=\"yes\" data-elementor-lightbox-slideshow=\"2628232\" data-elementor-lightbox-title=\"D\u00eda del S\u00edndrome de Down Instituto Alem\u00e1n de Puerto Montt_0050_DSC_1952\" data-e-action-hash=\"#elementor-action%3Aaction%3Dlightbox%26settings%3DeyJpZCI6NTQ3MDIsInVybCI6Imh0dHBzOlwvXC9pYWxlbWFuLmNsXC93cC1jb250ZW50XC91cGxvYWRzXC8yMDI2XC8wM1wvRGlhLWRlbC1TaW5kcm9tZS1kZS1Eb3duLUluc3RpdHV0by1BbGVtYW4tZGUtUHVlcnRvLU1vbnR0XzAwNTBfRFNDXzE5NTIuanBnIiwic2xpZGVzaG93IjoiMjYyODIzMiJ9\" href='https:\/\/ialeman.cl\/wp-content\/uploads\/2026\/03\/Dia-del-Sindrome-de-Down-Instituto-Aleman-de-Puerto-Montt_0050_DSC_1952.jpg'><img loading=\"lazy\" decoding=\"async\" width=\"1200\" height=\"801\" src=\"https:\/\/ialeman.cl\/wp-content\/uploads\/2026\/03\/Dia-del-Sindrome-de-Down-Instituto-Aleman-de-Puerto-Montt_0050_DSC_1952.jpg\" class=\"attachment-full size-full\" alt=\"\" srcset=\"https:\/\/ialeman.cl\/wp-content\/uploads\/2026\/03\/Dia-del-Sindrome-de-Down-Instituto-Aleman-de-Puerto-Montt_0050_DSC_1952.jpg 1200w, https:\/\/ialeman.cl\/wp-content\/uploads\/2026\/03\/Dia-del-Sindrome-de-Down-Instituto-Aleman-de-Puerto-Montt_0050_DSC_1952-300x200.jpg 300w, https:\/\/ialeman.cl\/wp-content\/uploads\/2026\/03\/Dia-del-Sindrome-de-Down-Instituto-Aleman-de-Puerto-Montt_0050_DSC_1952-1024x684.jpg 1024w, https:\/\/ialeman.cl\/wp-content\/uploads\/2026\/03\/Dia-del-Sindrome-de-Down-Instituto-Aleman-de-Puerto-Montt_0050_DSC_1952-768x513.jpg 768w\" sizes=\"(max-width: 1200px) 100vw, 1200px\" \/><\/a>\n\t\t\t<\/div><\/figure><figure class='gallery-item'>\n\t\t\t<div class='gallery-icon landscape'>\n\t\t\t\t<a data-elementor-open-lightbox=\"yes\" data-elementor-lightbox-slideshow=\"2628232\" data-elementor-lightbox-title=\"D\u00eda del S\u00edndrome de Down Instituto Alem\u00e1n de Puerto Montt_0051_Niveles 22\" data-e-action-hash=\"#elementor-action%3Aaction%3Dlightbox%26settings%3DeyJpZCI6NTQ3MDMsInVybCI6Imh0dHBzOlwvXC9pYWxlbWFuLmNsXC93cC1jb250ZW50XC91cGxvYWRzXC8yMDI2XC8wM1wvRGlhLWRlbC1TaW5kcm9tZS1kZS1Eb3duLUluc3RpdHV0by1BbGVtYW4tZGUtUHVlcnRvLU1vbnR0XzAwNTFfTml2ZWxlcy0yMi5qcGciLCJzbGlkZXNob3ciOiIyNjI4MjMyIn0%3D\" href='https:\/\/ialeman.cl\/wp-content\/uploads\/2026\/03\/Dia-del-Sindrome-de-Down-Instituto-Aleman-de-Puerto-Montt_0051_Niveles-22.jpg'><img loading=\"lazy\" decoding=\"async\" width=\"1200\" height=\"801\" src=\"https:\/\/ialeman.cl\/wp-content\/uploads\/2026\/03\/Dia-del-Sindrome-de-Down-Instituto-Aleman-de-Puerto-Montt_0051_Niveles-22.jpg\" class=\"attachment-full size-full\" alt=\"\" srcset=\"https:\/\/ialeman.cl\/wp-content\/uploads\/2026\/03\/Dia-del-Sindrome-de-Down-Instituto-Aleman-de-Puerto-Montt_0051_Niveles-22.jpg 1200w, https:\/\/ialeman.cl\/wp-content\/uploads\/2026\/03\/Dia-del-Sindrome-de-Down-Instituto-Aleman-de-Puerto-Montt_0051_Niveles-22-300x200.jpg 300w, https:\/\/ialeman.cl\/wp-content\/uploads\/2026\/03\/Dia-del-Sindrome-de-Down-Instituto-Aleman-de-Puerto-Montt_0051_Niveles-22-1024x684.jpg 1024w, https:\/\/ialeman.cl\/wp-content\/uploads\/2026\/03\/Dia-del-Sindrome-de-Down-Instituto-Aleman-de-Puerto-Montt_0051_Niveles-22-768x513.jpg 768w\" sizes=\"(max-width: 1200px) 100vw, 1200px\" \/><\/a>\n\t\t\t<\/div><\/figure><figure class='gallery-item'>\n\t\t\t<div class='gallery-icon landscape'>\n\t\t\t\t<a data-elementor-open-lightbox=\"yes\" data-elementor-lightbox-slideshow=\"2628232\" data-elementor-lightbox-title=\"D\u00eda del S\u00edndrome de Down Instituto Alem\u00e1n de Puerto Montt_0052_Niveles 23\" data-e-action-hash=\"#elementor-action%3Aaction%3Dlightbox%26settings%3DeyJpZCI6NTQ3MDQsInVybCI6Imh0dHBzOlwvXC9pYWxlbWFuLmNsXC93cC1jb250ZW50XC91cGxvYWRzXC8yMDI2XC8wM1wvRGlhLWRlbC1TaW5kcm9tZS1kZS1Eb3duLUluc3RpdHV0by1BbGVtYW4tZGUtUHVlcnRvLU1vbnR0XzAwNTJfTml2ZWxlcy0yMy5qcGciLCJzbGlkZXNob3ciOiIyNjI4MjMyIn0%3D\" href='https:\/\/ialeman.cl\/wp-content\/uploads\/2026\/03\/Dia-del-Sindrome-de-Down-Instituto-Aleman-de-Puerto-Montt_0052_Niveles-23.jpg'><img loading=\"lazy\" decoding=\"async\" width=\"1200\" height=\"801\" src=\"https:\/\/ialeman.cl\/wp-content\/uploads\/2026\/03\/Dia-del-Sindrome-de-Down-Instituto-Aleman-de-Puerto-Montt_0052_Niveles-23.jpg\" class=\"attachment-full size-full\" alt=\"\" srcset=\"https:\/\/ialeman.cl\/wp-content\/uploads\/2026\/03\/Dia-del-Sindrome-de-Down-Instituto-Aleman-de-Puerto-Montt_0052_Niveles-23.jpg 1200w, https:\/\/ialeman.cl\/wp-content\/uploads\/2026\/03\/Dia-del-Sindrome-de-Down-Instituto-Aleman-de-Puerto-Montt_0052_Niveles-23-300x200.jpg 300w, https:\/\/ialeman.cl\/wp-content\/uploads\/2026\/03\/Dia-del-Sindrome-de-Down-Instituto-Aleman-de-Puerto-Montt_0052_Niveles-23-1024x684.jpg 1024w, https:\/\/ialeman.cl\/wp-content\/uploads\/2026\/03\/Dia-del-Sindrome-de-Down-Instituto-Aleman-de-Puerto-Montt_0052_Niveles-23-768x513.jpg 768w\" sizes=\"(max-width: 1200px) 100vw, 1200px\" \/><\/a>\n\t\t\t<\/div><\/figure>\n\t\t<\/div>\n\t\t<\/div>\n\t\t\t\t\t\t<\/div>\n\t\t\t\t<\/div>\n\t\t\t\t\t<\/div>\n\t\t<\/div>\n\t\t\t\t\t<\/div>\n\t\t<\/section>\n\t\t\t\t<\/div>\n\t\t","protected":false},"excerpt":{"rendered":"<p>D\u00eda Mundial del S\u00edndrome de Down En el marco del D\u00eda Mundial del S\u00edndrome de Down, el Instituto Alem\u00e1n de Puerto Montt desarroll\u00f3 una jornada formativa orientada a promover la inclusi\u00f3n, valorar la diversidad y fortalecer la sana convivencia escolar. La instancia busc\u00f3 generar conciencia en los estudiantes sobre la importancia del respeto, la empat\u00eda [&hellip;]<\/p>\n","protected":false},"author":1,"featured_media":54641,"comment_status":"closed","ping_status":"","sticky":false,"template":"","format":"standard","meta":{"site-sidebar-layout":"default","site-content-layout":"","ast-site-content-layout":"default","site-content-style":"default","site-sidebar-style":"default","ast-global-header-display":"","ast-banner-title-visibility":"","ast-main-header-display":"","ast-hfb-above-header-display":"","ast-hfb-below-header-display":"","ast-hfb-mobile-header-display":"","site-post-title":"","ast-breadcrumbs-content":"","ast-featured-img":"disabled","footer-sml-layout":"","ast-disable-related-posts":"","theme-transparent-header-meta":"","adv-header-id-meta":"","stick-header-meta":"","header-above-stick-meta":"","header-main-stick-meta":"","header-below-stick-meta":"","astra-migrate-meta-layouts":"set","ast-page-background-enabled":"default","ast-page-background-meta":{"desktop":{"background-color":"var(--ast-global-color-4)","background-image":"","background-repeat":"repeat","background-position":"center center","background-size":"auto","background-attachment":"scroll","background-type":"","background-media":"","overlay-type":"","overlay-color":"","overlay-opacity":"","overlay-gradient":""},"tablet":{"background-color":"","background-image":"","background-repeat":"repeat","background-position":"center center","background-size":"auto","background-attachment":"scroll","background-type":"","background-media":"","overlay-type":"","overlay-color":"","overlay-opacity":"","overlay-gradient":""},"mobile":{"background-color":"","background-image":"","background-repeat":"repeat","background-position":"center center","background-size":"auto","background-attachment":"scroll","background-type":"","background-media":"","overlay-type":"","overlay-color":"","overlay-opacity":"","overlay-gradient":""}},"ast-content-background-meta":{"desktop":{"background-color":"var(--ast-global-color-5)","background-image":"","background-repeat":"repeat","background-position":"center center","background-size":"auto","background-attachment":"scroll","background-type":"","background-media":"","overlay-type":"","overlay-color":"","overlay-opacity":"","overlay-gradient":""},"tablet":{"background-color":"var(--ast-global-color-5)","background-image":"","background-repeat":"repeat","background-position":"center center","background-size":"auto","background-attachment":"scroll","background-type":"","background-media":"","overlay-type":"","overlay-color":"","overlay-opacity":"","overlay-gradient":""},"mobile":{"background-color":"var(--ast-global-color-5)","background-image":"","background-repeat":"repeat","background-position":"center center","background-size":"auto","background-attachment":"scroll","background-type":"","background-media":"","overlay-type":"","overlay-color":"","overlay-opacity":"","overlay-gradient":""}},"advanced_seo_description":"Celebra el D\u00eda Mundial del S\u00edndrome de Down con nosotros: promovemos inclusi\u00f3n, respeto y diversidad en la comunidad escolar.","jetpack_seo_html_title":"D\u00eda Mundial del S\u00edndrome de Down: Inclusi\u00f3n y Diversidad","jetpack_seo_noindex":false,"jetpack_seo_schema_type":"","_jetpack_newsletter_access":"","_jetpack_dont_email_post_to_subs":false,"_jetpack_newsletter_tier_id":0,"_jetpack_memberships_contains_paywalled_content":false,"_wpcom_ai_launchpad_first_post":false,"_jetpack_feature_clip_id":0,"_jetpack_memberships_contains_paid_content":false,"footnotes":"","jetpack_post_was_ever_published":false},"categories":[10],"tags":[],"class_list":["post-54634","post","type-post","status-publish","format-standard","has-post-thumbnail","hentry","category-noticias"],"jetpack_shortlink":"https:\/\/wp.me\/ph8I5c-edc","jetpack_sharing_enabled":true,"jetpack_featured_media_url":"https:\/\/ialeman.cl\/wp-content\/uploads\/2026\/03\/Dia-del-Sindrome-de-Down-Instituto-Aleman-de-Puerto-Montt_0028_Niveles-7.jpg","_links":{"self":[{"href":"https:\/\/ialeman.cl\/index.php\/wp-json\/wp\/v2\/posts\/54634","targetHints":{"allow":["GET"]}}],"collection":[{"href":"https:\/\/ialeman.cl\/index.php\/wp-json\/wp\/v2\/posts"}],"about":[{"href":"https:\/\/ialeman.cl\/index.php\/wp-json\/wp\/v2\/types\/post"}],"author":[{"embeddable":true,"href":"https:\/\/ialeman.cl\/index.php\/wp-json\/wp\/v2\/users\/1"}],"replies":[{"embeddable":true,"href":"https:\/\/ialeman.cl\/index.php\/wp-json\/wp\/v2\/comments?post=54634"}],"version-history":[{"count":16,"href":"https:\/\/ialeman.cl\/index.php\/wp-json\/wp\/v2\/posts\/54634\/revisions"}],"predecessor-version":[{"id":54713,"href":"https:\/\/ialeman.cl\/index.php\/wp-json\/wp\/v2\/posts\/54634\/revisions\/54713"}],"wp:featuredmedia":[{"embeddable":true,"href":"https:\/\/ialeman.cl\/index.php\/wp-json\/wp\/v2\/media\/54641"}],"wp:attachment":[{"href":"https:\/\/ialeman.cl\/index.php\/wp-json\/wp\/v2\/media?parent=54634"}],"wp:term":[{"taxonomy":"category","embeddable":true,"href":"https:\/\/ialeman.cl\/index.php\/wp-json\/wp\/v2\/categories?post=54634"},{"taxonomy":"post_tag","embeddable":true,"href":"https:\/\/ialeman.cl\/index.php\/wp-json\/wp\/v2\/tags?post=54634"}],"curies":[{"name":"wp","href":"https:\/\/api.w.org\/{rel}","templated":true}]}}