{"id":53207,"date":"2025-12-11T07:24:26","date_gmt":"2025-12-11T11:24:26","guid":{"rendered":"https:\/\/ialeman.cl\/?p=53207"},"modified":"2026-01-08T07:31:55","modified_gmt":"2026-01-08T11:31:55","slug":"expo-pai-2025-i-medios","status":"publish","type":"post","link":"https:\/\/ialeman.cl\/index.php\/expo-pai-2025-i-medios\/","title":{"rendered":"EXPO PAI 2025 (I Medios)"},"content":{"rendered":"\t\t<div data-elementor-type=\"wp-post\" data-elementor-id=\"53207\" class=\"elementor elementor-53207\">\n\t\t\t\t\t\t<section class=\"elementor-section elementor-top-section elementor-element elementor-element-4246293 elementor-section-boxed elementor-section-height-default elementor-section-height-default\" data-id=\"4246293\" data-element_type=\"section\" data-e-type=\"section\">\n\t\t\t\t\t\t<div class=\"elementor-container elementor-column-gap-default\">\n\t\t\t\t\t<div class=\"elementor-column elementor-col-100 elementor-top-column elementor-element elementor-element-a4bbef2\" data-id=\"a4bbef2\" data-element_type=\"column\" data-e-type=\"column\">\n\t\t\t<div class=\"elementor-widget-wrap elementor-element-populated\">\n\t\t\t\t\t\t<div class=\"elementor-element elementor-element-69aab6b elementor-widget elementor-widget-heading\" data-id=\"69aab6b\" data-element_type=\"widget\" data-e-type=\"widget\" data-widget_type=\"heading.default\">\n\t\t\t\t<div class=\"elementor-widget-container\">\n\t\t\t\t\t<h2 class=\"elementor-heading-title elementor-size-default\">Expo PAI 2025: estudiantes de I Medio presentan sus Proyectos Personales\n<\/h2>\t\t\t\t<\/div>\n\t\t\t\t<\/div>\n\t\t\t\t\t<\/div>\n\t\t<\/div>\n\t\t\t\t\t<\/div>\n\t\t<\/section>\n\t\t\t\t<section class=\"elementor-section elementor-top-section elementor-element elementor-element-674b23c elementor-section-boxed elementor-section-height-default elementor-section-height-default\" data-id=\"674b23c\" data-element_type=\"section\" data-e-type=\"section\">\n\t\t\t\t\t\t<div class=\"elementor-container elementor-column-gap-default\">\n\t\t\t\t\t<div class=\"elementor-column elementor-col-100 elementor-top-column elementor-element elementor-element-d319272\" data-id=\"d319272\" data-element_type=\"column\" data-e-type=\"column\">\n\t\t\t<div class=\"elementor-widget-wrap elementor-element-populated\">\n\t\t\t\t\t\t<div class=\"elementor-element elementor-element-6fd6fd1 elementor-widget elementor-widget-heading\" data-id=\"6fd6fd1\" data-element_type=\"widget\" data-e-type=\"widget\" data-widget_type=\"heading.default\">\n\t\t\t\t<div class=\"elementor-widget-container\">\n\t\t\t\t\t<h2 class=\"elementor-heading-title elementor-size-default\">El Instituto Alem\u00e1n de Puerto Montt realiz\u00f3 la Expo PAI 2025, instancia en la que los estudiantes de I Medio presentaron sus Proyectos Personales del Programa de los A\u00f1os Intermedios (PAI) del Bachillerato Internacional (IB). La actividad permiti\u00f3 a la comunidad educativa conocer el trabajo desarrollado por los j\u00f3venes a lo largo del proceso.<br><br>\n\nDurante la jornada, los alumnos compartieron ideas creativas, desaf\u00edos aut\u00e9nticos y aprendizajes significativos, reflejando un alto nivel de compromiso con sus proyectos. Esta experiencia marc\u00f3 un hito institucional, ya que es la primera vez que la Expo PAI se desarrolla en I Medio, en el contexto de los cambios que traer\u00e1 la implementaci\u00f3n del Programa del Diploma del IB a partir de 2026.<br><br>\n\nLas presentaciones evidenciaron atributos clave del perfil de la comunidad de aprendizaje del IB, como la indagaci\u00f3n, la comunicaci\u00f3n y la reflexi\u00f3n, junto con habilidades esenciales para el desarrollo acad\u00e9mico y personal, entre ellas la organizaci\u00f3n, la autonom\u00eda y el pensamiento cr\u00edtico.<br><br>\n\nLa Expo PAI se llev\u00f3 a cabo en el gimnasio 1 del colegio y cont\u00f3 con una alta asistencia de p\u00fablico. Familias, estudiantes, profesores y directivos valoraron la preparaci\u00f3n y el esfuerzo demostrado por cada expositor, destacando la importancia de estas instancias para fortalecer el aprendizaje integral y con altos est\u00e1ndares de exigencia.\n<\/h2>\t\t\t\t<\/div>\n\t\t\t\t<\/div>\n\t\t\t\t\t<\/div>\n\t\t<\/div>\n\t\t\t\t\t<\/div>\n\t\t<\/section>\n\t\t\t\t<section class=\"elementor-section elementor-top-section elementor-element elementor-element-793fc4a elementor-section-boxed elementor-section-height-default elementor-section-height-default\" data-id=\"793fc4a\" data-element_type=\"section\" data-e-type=\"section\">\n\t\t\t\t\t\t<div class=\"elementor-container elementor-column-gap-default\">\n\t\t\t\t\t<div class=\"elementor-column elementor-col-100 elementor-top-column elementor-element elementor-element-461909d\" data-id=\"461909d\" data-element_type=\"column\" data-e-type=\"column\">\n\t\t\t<div class=\"elementor-widget-wrap elementor-element-populated\">\n\t\t\t\t\t\t<div class=\"elementor-element elementor-element-231c127 gallery-spacing-custom elementor-widget elementor-widget-image-gallery\" data-id=\"231c127\" data-element_type=\"widget\" data-e-type=\"widget\" data-widget_type=\"image-gallery.default\">\n\t\t\t\t<div class=\"elementor-widget-container\">\n\t\t\t\t\t\t\t<div class=\"elementor-image-gallery\">\n\t\t\t<div id='gallery-1' class='gallery galleryid-53207 gallery-columns-2 gallery-size-full'><figure class='gallery-item'>\n\t\t\t<div class='gallery-icon landscape'>\n\t\t\t\t<a data-elementor-open-lightbox=\"yes\" data-elementor-lightbox-slideshow=\"231c127\" data-elementor-lightbox-title=\"PAI I MEDIO Instituto Alem\u00e1n de Puerto Montt 2025_0033_DSC_5628\" data-e-action-hash=\"#elementor-action%3Aaction%3Dlightbox%26settings%3DeyJpZCI6NTMyNDksInVybCI6Imh0dHBzOlwvXC9pYWxlbWFuLmNsXC93cC1jb250ZW50XC91cGxvYWRzXC8yMDI2XC8wMVwvUEFJLUktTUVESU8tSW5zdGl0dXRvLUFsZW1hbi1kZS1QdWVydG8tTW9udHQtMjAyNV8wMDMzX0RTQ181NjI4LTEuanBnIiwic2xpZGVzaG93IjoiMjMxYzEyNyJ9\" href='https:\/\/ialeman.cl\/wp-content\/uploads\/2026\/01\/PAI-I-MEDIO-Instituto-Aleman-de-Puerto-Montt-2025_0033_DSC_5628-1.jpg'><img fetchpriority=\"high\" decoding=\"async\" width=\"1200\" height=\"801\" src=\"https:\/\/ialeman.cl\/wp-content\/uploads\/2026\/01\/PAI-I-MEDIO-Instituto-Aleman-de-Puerto-Montt-2025_0033_DSC_5628-1.jpg\" class=\"attachment-full size-full\" alt=\"\" srcset=\"https:\/\/ialeman.cl\/wp-content\/uploads\/2026\/01\/PAI-I-MEDIO-Instituto-Aleman-de-Puerto-Montt-2025_0033_DSC_5628-1.jpg 1200w, https:\/\/ialeman.cl\/wp-content\/uploads\/2026\/01\/PAI-I-MEDIO-Instituto-Aleman-de-Puerto-Montt-2025_0033_DSC_5628-1-300x200.jpg 300w, https:\/\/ialeman.cl\/wp-content\/uploads\/2026\/01\/PAI-I-MEDIO-Instituto-Aleman-de-Puerto-Montt-2025_0033_DSC_5628-1-1024x684.jpg 1024w, https:\/\/ialeman.cl\/wp-content\/uploads\/2026\/01\/PAI-I-MEDIO-Instituto-Aleman-de-Puerto-Montt-2025_0033_DSC_5628-1-768x513.jpg 768w\" sizes=\"(max-width: 1200px) 100vw, 1200px\" \/><\/a>\n\t\t\t<\/div><\/figure><figure class='gallery-item'>\n\t\t\t<div class='gallery-icon landscape'>\n\t\t\t\t<a data-elementor-open-lightbox=\"yes\" data-elementor-lightbox-slideshow=\"231c127\" data-elementor-lightbox-title=\"PAI I MEDIO Instituto Alem\u00e1n de Puerto Montt 2025_0039_DSC_5613\" data-e-action-hash=\"#elementor-action%3Aaction%3Dlightbox%26settings%3DeyJpZCI6NTMyNTUsInVybCI6Imh0dHBzOlwvXC9pYWxlbWFuLmNsXC93cC1jb250ZW50XC91cGxvYWRzXC8yMDI2XC8wMVwvUEFJLUktTUVESU8tSW5zdGl0dXRvLUFsZW1hbi1kZS1QdWVydG8tTW9udHQtMjAyNV8wMDM5X0RTQ181NjEzLmpwZyIsInNsaWRlc2hvdyI6IjIzMWMxMjcifQ%3D%3D\" href='https:\/\/ialeman.cl\/wp-content\/uploads\/2026\/01\/PAI-I-MEDIO-Instituto-Aleman-de-Puerto-Montt-2025_0039_DSC_5613.jpg'><img decoding=\"async\" width=\"1200\" height=\"801\" src=\"https:\/\/ialeman.cl\/wp-content\/uploads\/2026\/01\/PAI-I-MEDIO-Instituto-Aleman-de-Puerto-Montt-2025_0039_DSC_5613.jpg\" class=\"attachment-full size-full\" alt=\"\" srcset=\"https:\/\/ialeman.cl\/wp-content\/uploads\/2026\/01\/PAI-I-MEDIO-Instituto-Aleman-de-Puerto-Montt-2025_0039_DSC_5613.jpg 1200w, https:\/\/ialeman.cl\/wp-content\/uploads\/2026\/01\/PAI-I-MEDIO-Instituto-Aleman-de-Puerto-Montt-2025_0039_DSC_5613-300x200.jpg 300w, https:\/\/ialeman.cl\/wp-content\/uploads\/2026\/01\/PAI-I-MEDIO-Instituto-Aleman-de-Puerto-Montt-2025_0039_DSC_5613-1024x684.jpg 1024w, https:\/\/ialeman.cl\/wp-content\/uploads\/2026\/01\/PAI-I-MEDIO-Instituto-Aleman-de-Puerto-Montt-2025_0039_DSC_5613-768x513.jpg 768w\" sizes=\"(max-width: 1200px) 100vw, 1200px\" \/><\/a>\n\t\t\t<\/div><\/figure><figure class='gallery-item'>\n\t\t\t<div class='gallery-icon landscape'>\n\t\t\t\t<a data-elementor-open-lightbox=\"yes\" data-elementor-lightbox-slideshow=\"231c127\" data-elementor-lightbox-title=\"PAI I MEDIO Instituto Alem\u00e1n de Puerto Montt 2025_0003_DSC_5765\" data-e-action-hash=\"#elementor-action%3Aaction%3Dlightbox%26settings%3DeyJpZCI6NTMyMTksInVybCI6Imh0dHBzOlwvXC9pYWxlbWFuLmNsXC93cC1jb250ZW50XC91cGxvYWRzXC8yMDI2XC8wMVwvUEFJLUktTUVESU8tSW5zdGl0dXRvLUFsZW1hbi1kZS1QdWVydG8tTW9udHQtMjAyNV8wMDAzX0RTQ181NzY1LmpwZyIsInNsaWRlc2hvdyI6IjIzMWMxMjcifQ%3D%3D\" href='https:\/\/ialeman.cl\/wp-content\/uploads\/2026\/01\/PAI-I-MEDIO-Instituto-Aleman-de-Puerto-Montt-2025_0003_DSC_5765.jpg'><img decoding=\"async\" width=\"1200\" height=\"801\" src=\"https:\/\/ialeman.cl\/wp-content\/uploads\/2026\/01\/PAI-I-MEDIO-Instituto-Aleman-de-Puerto-Montt-2025_0003_DSC_5765.jpg\" class=\"attachment-full size-full\" alt=\"\" srcset=\"https:\/\/ialeman.cl\/wp-content\/uploads\/2026\/01\/PAI-I-MEDIO-Instituto-Aleman-de-Puerto-Montt-2025_0003_DSC_5765.jpg 1200w, https:\/\/ialeman.cl\/wp-content\/uploads\/2026\/01\/PAI-I-MEDIO-Instituto-Aleman-de-Puerto-Montt-2025_0003_DSC_5765-300x200.jpg 300w, https:\/\/ialeman.cl\/wp-content\/uploads\/2026\/01\/PAI-I-MEDIO-Instituto-Aleman-de-Puerto-Montt-2025_0003_DSC_5765-1024x684.jpg 1024w, https:\/\/ialeman.cl\/wp-content\/uploads\/2026\/01\/PAI-I-MEDIO-Instituto-Aleman-de-Puerto-Montt-2025_0003_DSC_5765-768x513.jpg 768w\" sizes=\"(max-width: 1200px) 100vw, 1200px\" \/><\/a>\n\t\t\t<\/div><\/figure><figure class='gallery-item'>\n\t\t\t<div class='gallery-icon landscape'>\n\t\t\t\t<a data-elementor-open-lightbox=\"yes\" data-elementor-lightbox-slideshow=\"231c127\" data-elementor-lightbox-title=\"PAI I MEDIO Instituto Alem\u00e1n de Puerto Montt 2025_0005_DSC_5752\" data-e-action-hash=\"#elementor-action%3Aaction%3Dlightbox%26settings%3DeyJpZCI6NTMyMjEsInVybCI6Imh0dHBzOlwvXC9pYWxlbWFuLmNsXC93cC1jb250ZW50XC91cGxvYWRzXC8yMDI2XC8wMVwvUEFJLUktTUVESU8tSW5zdGl0dXRvLUFsZW1hbi1kZS1QdWVydG8tTW9udHQtMjAyNV8wMDA1X0RTQ181NzUyLmpwZyIsInNsaWRlc2hvdyI6IjIzMWMxMjcifQ%3D%3D\" href='https:\/\/ialeman.cl\/wp-content\/uploads\/2026\/01\/PAI-I-MEDIO-Instituto-Aleman-de-Puerto-Montt-2025_0005_DSC_5752.jpg'><img loading=\"lazy\" decoding=\"async\" width=\"1200\" height=\"801\" src=\"https:\/\/ialeman.cl\/wp-content\/uploads\/2026\/01\/PAI-I-MEDIO-Instituto-Aleman-de-Puerto-Montt-2025_0005_DSC_5752.jpg\" class=\"attachment-full size-full\" alt=\"\" srcset=\"https:\/\/ialeman.cl\/wp-content\/uploads\/2026\/01\/PAI-I-MEDIO-Instituto-Aleman-de-Puerto-Montt-2025_0005_DSC_5752.jpg 1200w, https:\/\/ialeman.cl\/wp-content\/uploads\/2026\/01\/PAI-I-MEDIO-Instituto-Aleman-de-Puerto-Montt-2025_0005_DSC_5752-300x200.jpg 300w, https:\/\/ialeman.cl\/wp-content\/uploads\/2026\/01\/PAI-I-MEDIO-Instituto-Aleman-de-Puerto-Montt-2025_0005_DSC_5752-1024x684.jpg 1024w, https:\/\/ialeman.cl\/wp-content\/uploads\/2026\/01\/PAI-I-MEDIO-Instituto-Aleman-de-Puerto-Montt-2025_0005_DSC_5752-768x513.jpg 768w\" sizes=\"(max-width: 1200px) 100vw, 1200px\" \/><\/a>\n\t\t\t<\/div><\/figure><figure class='gallery-item'>\n\t\t\t<div class='gallery-icon landscape'>\n\t\t\t\t<a data-elementor-open-lightbox=\"yes\" data-elementor-lightbox-slideshow=\"231c127\" data-elementor-lightbox-title=\"PAI I MEDIO Instituto Alem\u00e1n de Puerto Montt 2025_0000_DSC_5590\" data-e-action-hash=\"#elementor-action%3Aaction%3Dlightbox%26settings%3DeyJpZCI6NTMyMTYsInVybCI6Imh0dHBzOlwvXC9pYWxlbWFuLmNsXC93cC1jb250ZW50XC91cGxvYWRzXC8yMDI2XC8wMVwvUEFJLUktTUVESU8tSW5zdGl0dXRvLUFsZW1hbi1kZS1QdWVydG8tTW9udHQtMjAyNV8wMDAwX0RTQ181NTkwLmpwZyIsInNsaWRlc2hvdyI6IjIzMWMxMjcifQ%3D%3D\" href='https:\/\/ialeman.cl\/wp-content\/uploads\/2026\/01\/PAI-I-MEDIO-Instituto-Aleman-de-Puerto-Montt-2025_0000_DSC_5590.jpg'><img loading=\"lazy\" decoding=\"async\" width=\"1200\" height=\"801\" src=\"https:\/\/ialeman.cl\/wp-content\/uploads\/2026\/01\/PAI-I-MEDIO-Instituto-Aleman-de-Puerto-Montt-2025_0000_DSC_5590.jpg\" class=\"attachment-full size-full\" alt=\"\" srcset=\"https:\/\/ialeman.cl\/wp-content\/uploads\/2026\/01\/PAI-I-MEDIO-Instituto-Aleman-de-Puerto-Montt-2025_0000_DSC_5590.jpg 1200w, https:\/\/ialeman.cl\/wp-content\/uploads\/2026\/01\/PAI-I-MEDIO-Instituto-Aleman-de-Puerto-Montt-2025_0000_DSC_5590-300x200.jpg 300w, https:\/\/ialeman.cl\/wp-content\/uploads\/2026\/01\/PAI-I-MEDIO-Instituto-Aleman-de-Puerto-Montt-2025_0000_DSC_5590-1024x684.jpg 1024w, https:\/\/ialeman.cl\/wp-content\/uploads\/2026\/01\/PAI-I-MEDIO-Instituto-Aleman-de-Puerto-Montt-2025_0000_DSC_5590-768x513.jpg 768w\" sizes=\"(max-width: 1200px) 100vw, 1200px\" \/><\/a>\n\t\t\t<\/div><\/figure><figure class='gallery-item'>\n\t\t\t<div class='gallery-icon landscape'>\n\t\t\t\t<a data-elementor-open-lightbox=\"yes\" data-elementor-lightbox-slideshow=\"231c127\" data-elementor-lightbox-title=\"PAI I MEDIO Instituto Alem\u00e1n de Puerto Montt 2025_0001_DSC_5769\" data-e-action-hash=\"#elementor-action%3Aaction%3Dlightbox%26settings%3DeyJpZCI6NTMyMTcsInVybCI6Imh0dHBzOlwvXC9pYWxlbWFuLmNsXC93cC1jb250ZW50XC91cGxvYWRzXC8yMDI2XC8wMVwvUEFJLUktTUVESU8tSW5zdGl0dXRvLUFsZW1hbi1kZS1QdWVydG8tTW9udHQtMjAyNV8wMDAxX0RTQ181NzY5LmpwZyIsInNsaWRlc2hvdyI6IjIzMWMxMjcifQ%3D%3D\" href='https:\/\/ialeman.cl\/wp-content\/uploads\/2026\/01\/PAI-I-MEDIO-Instituto-Aleman-de-Puerto-Montt-2025_0001_DSC_5769.jpg'><img loading=\"lazy\" decoding=\"async\" width=\"1200\" height=\"801\" src=\"https:\/\/ialeman.cl\/wp-content\/uploads\/2026\/01\/PAI-I-MEDIO-Instituto-Aleman-de-Puerto-Montt-2025_0001_DSC_5769.jpg\" class=\"attachment-full size-full\" alt=\"\" srcset=\"https:\/\/ialeman.cl\/wp-content\/uploads\/2026\/01\/PAI-I-MEDIO-Instituto-Aleman-de-Puerto-Montt-2025_0001_DSC_5769.jpg 1200w, https:\/\/ialeman.cl\/wp-content\/uploads\/2026\/01\/PAI-I-MEDIO-Instituto-Aleman-de-Puerto-Montt-2025_0001_DSC_5769-300x200.jpg 300w, https:\/\/ialeman.cl\/wp-content\/uploads\/2026\/01\/PAI-I-MEDIO-Instituto-Aleman-de-Puerto-Montt-2025_0001_DSC_5769-1024x684.jpg 1024w, https:\/\/ialeman.cl\/wp-content\/uploads\/2026\/01\/PAI-I-MEDIO-Instituto-Aleman-de-Puerto-Montt-2025_0001_DSC_5769-768x513.jpg 768w\" sizes=\"(max-width: 1200px) 100vw, 1200px\" \/><\/a>\n\t\t\t<\/div><\/figure><figure class='gallery-item'>\n\t\t\t<div class='gallery-icon landscape'>\n\t\t\t\t<a data-elementor-open-lightbox=\"yes\" data-elementor-lightbox-slideshow=\"231c127\" data-elementor-lightbox-title=\"PAI I MEDIO Instituto Alem\u00e1n de Puerto Montt 2025_0002_DSC_5773\" data-e-action-hash=\"#elementor-action%3Aaction%3Dlightbox%26settings%3DeyJpZCI6NTMyMTgsInVybCI6Imh0dHBzOlwvXC9pYWxlbWFuLmNsXC93cC1jb250ZW50XC91cGxvYWRzXC8yMDI2XC8wMVwvUEFJLUktTUVESU8tSW5zdGl0dXRvLUFsZW1hbi1kZS1QdWVydG8tTW9udHQtMjAyNV8wMDAyX0RTQ181NzczLmpwZyIsInNsaWRlc2hvdyI6IjIzMWMxMjcifQ%3D%3D\" href='https:\/\/ialeman.cl\/wp-content\/uploads\/2026\/01\/PAI-I-MEDIO-Instituto-Aleman-de-Puerto-Montt-2025_0002_DSC_5773.jpg'><img loading=\"lazy\" decoding=\"async\" width=\"1200\" height=\"801\" src=\"https:\/\/ialeman.cl\/wp-content\/uploads\/2026\/01\/PAI-I-MEDIO-Instituto-Aleman-de-Puerto-Montt-2025_0002_DSC_5773.jpg\" class=\"attachment-full size-full\" alt=\"\" srcset=\"https:\/\/ialeman.cl\/wp-content\/uploads\/2026\/01\/PAI-I-MEDIO-Instituto-Aleman-de-Puerto-Montt-2025_0002_DSC_5773.jpg 1200w, https:\/\/ialeman.cl\/wp-content\/uploads\/2026\/01\/PAI-I-MEDIO-Instituto-Aleman-de-Puerto-Montt-2025_0002_DSC_5773-300x200.jpg 300w, https:\/\/ialeman.cl\/wp-content\/uploads\/2026\/01\/PAI-I-MEDIO-Instituto-Aleman-de-Puerto-Montt-2025_0002_DSC_5773-1024x684.jpg 1024w, https:\/\/ialeman.cl\/wp-content\/uploads\/2026\/01\/PAI-I-MEDIO-Instituto-Aleman-de-Puerto-Montt-2025_0002_DSC_5773-768x513.jpg 768w\" sizes=\"(max-width: 1200px) 100vw, 1200px\" \/><\/a>\n\t\t\t<\/div><\/figure><figure class='gallery-item'>\n\t\t\t<div class='gallery-icon landscape'>\n\t\t\t\t<a data-elementor-open-lightbox=\"yes\" data-elementor-lightbox-slideshow=\"231c127\" data-elementor-lightbox-title=\"PAI I MEDIO Instituto Alem\u00e1n de Puerto Montt 2025_0004_Niveles 1\" data-e-action-hash=\"#elementor-action%3Aaction%3Dlightbox%26settings%3DeyJpZCI6NTMyMjAsInVybCI6Imh0dHBzOlwvXC9pYWxlbWFuLmNsXC93cC1jb250ZW50XC91cGxvYWRzXC8yMDI2XC8wMVwvUEFJLUktTUVESU8tSW5zdGl0dXRvLUFsZW1hbi1kZS1QdWVydG8tTW9udHQtMjAyNV8wMDA0X05pdmVsZXMtMS5qcGciLCJzbGlkZXNob3ciOiIyMzFjMTI3In0%3D\" href='https:\/\/ialeman.cl\/wp-content\/uploads\/2026\/01\/PAI-I-MEDIO-Instituto-Aleman-de-Puerto-Montt-2025_0004_Niveles-1.jpg'><img loading=\"lazy\" decoding=\"async\" width=\"1200\" height=\"801\" src=\"https:\/\/ialeman.cl\/wp-content\/uploads\/2026\/01\/PAI-I-MEDIO-Instituto-Aleman-de-Puerto-Montt-2025_0004_Niveles-1.jpg\" class=\"attachment-full size-full\" alt=\"\" srcset=\"https:\/\/ialeman.cl\/wp-content\/uploads\/2026\/01\/PAI-I-MEDIO-Instituto-Aleman-de-Puerto-Montt-2025_0004_Niveles-1.jpg 1200w, https:\/\/ialeman.cl\/wp-content\/uploads\/2026\/01\/PAI-I-MEDIO-Instituto-Aleman-de-Puerto-Montt-2025_0004_Niveles-1-300x200.jpg 300w, https:\/\/ialeman.cl\/wp-content\/uploads\/2026\/01\/PAI-I-MEDIO-Instituto-Aleman-de-Puerto-Montt-2025_0004_Niveles-1-1024x684.jpg 1024w, https:\/\/ialeman.cl\/wp-content\/uploads\/2026\/01\/PAI-I-MEDIO-Instituto-Aleman-de-Puerto-Montt-2025_0004_Niveles-1-768x513.jpg 768w\" sizes=\"(max-width: 1200px) 100vw, 1200px\" \/><\/a>\n\t\t\t<\/div><\/figure><figure class='gallery-item'>\n\t\t\t<div class='gallery-icon landscape'>\n\t\t\t\t<a data-elementor-open-lightbox=\"yes\" data-elementor-lightbox-slideshow=\"231c127\" data-elementor-lightbox-title=\"PAI I MEDIO Instituto Alem\u00e1n de Puerto Montt 2025_0006_DSC_5747\" data-e-action-hash=\"#elementor-action%3Aaction%3Dlightbox%26settings%3DeyJpZCI6NTMyMjIsInVybCI6Imh0dHBzOlwvXC9pYWxlbWFuLmNsXC93cC1jb250ZW50XC91cGxvYWRzXC8yMDI2XC8wMVwvUEFJLUktTUVESU8tSW5zdGl0dXRvLUFsZW1hbi1kZS1QdWVydG8tTW9udHQtMjAyNV8wMDA2X0RTQ181NzQ3LmpwZyIsInNsaWRlc2hvdyI6IjIzMWMxMjcifQ%3D%3D\" href='https:\/\/ialeman.cl\/wp-content\/uploads\/2026\/01\/PAI-I-MEDIO-Instituto-Aleman-de-Puerto-Montt-2025_0006_DSC_5747.jpg'><img loading=\"lazy\" decoding=\"async\" width=\"1200\" height=\"801\" src=\"https:\/\/ialeman.cl\/wp-content\/uploads\/2026\/01\/PAI-I-MEDIO-Instituto-Aleman-de-Puerto-Montt-2025_0006_DSC_5747.jpg\" class=\"attachment-full size-full\" alt=\"\" srcset=\"https:\/\/ialeman.cl\/wp-content\/uploads\/2026\/01\/PAI-I-MEDIO-Instituto-Aleman-de-Puerto-Montt-2025_0006_DSC_5747.jpg 1200w, https:\/\/ialeman.cl\/wp-content\/uploads\/2026\/01\/PAI-I-MEDIO-Instituto-Aleman-de-Puerto-Montt-2025_0006_DSC_5747-300x200.jpg 300w, https:\/\/ialeman.cl\/wp-content\/uploads\/2026\/01\/PAI-I-MEDIO-Instituto-Aleman-de-Puerto-Montt-2025_0006_DSC_5747-1024x684.jpg 1024w, https:\/\/ialeman.cl\/wp-content\/uploads\/2026\/01\/PAI-I-MEDIO-Instituto-Aleman-de-Puerto-Montt-2025_0006_DSC_5747-768x513.jpg 768w\" sizes=\"(max-width: 1200px) 100vw, 1200px\" \/><\/a>\n\t\t\t<\/div><\/figure><figure class='gallery-item'>\n\t\t\t<div class='gallery-icon landscape'>\n\t\t\t\t<a data-elementor-open-lightbox=\"yes\" data-elementor-lightbox-slideshow=\"231c127\" data-elementor-lightbox-title=\"PAI I MEDIO Instituto Alem\u00e1n de Puerto Montt 2025_0007_DSC_5744\" data-e-action-hash=\"#elementor-action%3Aaction%3Dlightbox%26settings%3DeyJpZCI6NTMyMjMsInVybCI6Imh0dHBzOlwvXC9pYWxlbWFuLmNsXC93cC1jb250ZW50XC91cGxvYWRzXC8yMDI2XC8wMVwvUEFJLUktTUVESU8tSW5zdGl0dXRvLUFsZW1hbi1kZS1QdWVydG8tTW9udHQtMjAyNV8wMDA3X0RTQ181NzQ0LmpwZyIsInNsaWRlc2hvdyI6IjIzMWMxMjcifQ%3D%3D\" href='https:\/\/ialeman.cl\/wp-content\/uploads\/2026\/01\/PAI-I-MEDIO-Instituto-Aleman-de-Puerto-Montt-2025_0007_DSC_5744.jpg'><img loading=\"lazy\" decoding=\"async\" width=\"1200\" height=\"801\" src=\"https:\/\/ialeman.cl\/wp-content\/uploads\/2026\/01\/PAI-I-MEDIO-Instituto-Aleman-de-Puerto-Montt-2025_0007_DSC_5744.jpg\" class=\"attachment-full size-full\" alt=\"\" srcset=\"https:\/\/ialeman.cl\/wp-content\/uploads\/2026\/01\/PAI-I-MEDIO-Instituto-Aleman-de-Puerto-Montt-2025_0007_DSC_5744.jpg 1200w, https:\/\/ialeman.cl\/wp-content\/uploads\/2026\/01\/PAI-I-MEDIO-Instituto-Aleman-de-Puerto-Montt-2025_0007_DSC_5744-300x200.jpg 300w, https:\/\/ialeman.cl\/wp-content\/uploads\/2026\/01\/PAI-I-MEDIO-Instituto-Aleman-de-Puerto-Montt-2025_0007_DSC_5744-1024x684.jpg 1024w, https:\/\/ialeman.cl\/wp-content\/uploads\/2026\/01\/PAI-I-MEDIO-Instituto-Aleman-de-Puerto-Montt-2025_0007_DSC_5744-768x513.jpg 768w\" sizes=\"(max-width: 1200px) 100vw, 1200px\" \/><\/a>\n\t\t\t<\/div><\/figure><figure class='gallery-item'>\n\t\t\t<div class='gallery-icon landscape'>\n\t\t\t\t<a data-elementor-open-lightbox=\"yes\" data-elementor-lightbox-slideshow=\"231c127\" data-elementor-lightbox-title=\"PAI I MEDIO Instituto Alem\u00e1n de Puerto Montt 2025_0008_DSC_5736\" data-e-action-hash=\"#elementor-action%3Aaction%3Dlightbox%26settings%3DeyJpZCI6NTMyMjQsInVybCI6Imh0dHBzOlwvXC9pYWxlbWFuLmNsXC93cC1jb250ZW50XC91cGxvYWRzXC8yMDI2XC8wMVwvUEFJLUktTUVESU8tSW5zdGl0dXRvLUFsZW1hbi1kZS1QdWVydG8tTW9udHQtMjAyNV8wMDA4X0RTQ181NzM2LmpwZyIsInNsaWRlc2hvdyI6IjIzMWMxMjcifQ%3D%3D\" href='https:\/\/ialeman.cl\/wp-content\/uploads\/2026\/01\/PAI-I-MEDIO-Instituto-Aleman-de-Puerto-Montt-2025_0008_DSC_5736.jpg'><img loading=\"lazy\" decoding=\"async\" width=\"1200\" height=\"801\" src=\"https:\/\/ialeman.cl\/wp-content\/uploads\/2026\/01\/PAI-I-MEDIO-Instituto-Aleman-de-Puerto-Montt-2025_0008_DSC_5736.jpg\" class=\"attachment-full size-full\" alt=\"\" srcset=\"https:\/\/ialeman.cl\/wp-content\/uploads\/2026\/01\/PAI-I-MEDIO-Instituto-Aleman-de-Puerto-Montt-2025_0008_DSC_5736.jpg 1200w, https:\/\/ialeman.cl\/wp-content\/uploads\/2026\/01\/PAI-I-MEDIO-Instituto-Aleman-de-Puerto-Montt-2025_0008_DSC_5736-300x200.jpg 300w, https:\/\/ialeman.cl\/wp-content\/uploads\/2026\/01\/PAI-I-MEDIO-Instituto-Aleman-de-Puerto-Montt-2025_0008_DSC_5736-1024x684.jpg 1024w, https:\/\/ialeman.cl\/wp-content\/uploads\/2026\/01\/PAI-I-MEDIO-Instituto-Aleman-de-Puerto-Montt-2025_0008_DSC_5736-768x513.jpg 768w\" sizes=\"(max-width: 1200px) 100vw, 1200px\" \/><\/a>\n\t\t\t<\/div><\/figure><figure class='gallery-item'>\n\t\t\t<div class='gallery-icon landscape'>\n\t\t\t\t<a data-elementor-open-lightbox=\"yes\" data-elementor-lightbox-slideshow=\"231c127\" data-elementor-lightbox-title=\"PAI I MEDIO Instituto Alem\u00e1n de Puerto Montt 2025_0009_DSC_5732\" data-e-action-hash=\"#elementor-action%3Aaction%3Dlightbox%26settings%3DeyJpZCI6NTMyMjUsInVybCI6Imh0dHBzOlwvXC9pYWxlbWFuLmNsXC93cC1jb250ZW50XC91cGxvYWRzXC8yMDI2XC8wMVwvUEFJLUktTUVESU8tSW5zdGl0dXRvLUFsZW1hbi1kZS1QdWVydG8tTW9udHQtMjAyNV8wMDA5X0RTQ181NzMyLmpwZyIsInNsaWRlc2hvdyI6IjIzMWMxMjcifQ%3D%3D\" href='https:\/\/ialeman.cl\/wp-content\/uploads\/2026\/01\/PAI-I-MEDIO-Instituto-Aleman-de-Puerto-Montt-2025_0009_DSC_5732.jpg'><img loading=\"lazy\" decoding=\"async\" width=\"1200\" height=\"801\" src=\"https:\/\/ialeman.cl\/wp-content\/uploads\/2026\/01\/PAI-I-MEDIO-Instituto-Aleman-de-Puerto-Montt-2025_0009_DSC_5732.jpg\" class=\"attachment-full size-full\" alt=\"\" srcset=\"https:\/\/ialeman.cl\/wp-content\/uploads\/2026\/01\/PAI-I-MEDIO-Instituto-Aleman-de-Puerto-Montt-2025_0009_DSC_5732.jpg 1200w, https:\/\/ialeman.cl\/wp-content\/uploads\/2026\/01\/PAI-I-MEDIO-Instituto-Aleman-de-Puerto-Montt-2025_0009_DSC_5732-300x200.jpg 300w, https:\/\/ialeman.cl\/wp-content\/uploads\/2026\/01\/PAI-I-MEDIO-Instituto-Aleman-de-Puerto-Montt-2025_0009_DSC_5732-1024x684.jpg 1024w, https:\/\/ialeman.cl\/wp-content\/uploads\/2026\/01\/PAI-I-MEDIO-Instituto-Aleman-de-Puerto-Montt-2025_0009_DSC_5732-768x513.jpg 768w\" sizes=\"(max-width: 1200px) 100vw, 1200px\" \/><\/a>\n\t\t\t<\/div><\/figure><figure class='gallery-item'>\n\t\t\t<div class='gallery-icon landscape'>\n\t\t\t\t<a data-elementor-open-lightbox=\"yes\" data-elementor-lightbox-slideshow=\"231c127\" data-elementor-lightbox-title=\"PAI I MEDIO Instituto Alem\u00e1n de Puerto Montt 2025_0010_Niveles 2\" data-e-action-hash=\"#elementor-action%3Aaction%3Dlightbox%26settings%3DeyJpZCI6NTMyMjYsInVybCI6Imh0dHBzOlwvXC9pYWxlbWFuLmNsXC93cC1jb250ZW50XC91cGxvYWRzXC8yMDI2XC8wMVwvUEFJLUktTUVESU8tSW5zdGl0dXRvLUFsZW1hbi1kZS1QdWVydG8tTW9udHQtMjAyNV8wMDEwX05pdmVsZXMtMi5qcGciLCJzbGlkZXNob3ciOiIyMzFjMTI3In0%3D\" href='https:\/\/ialeman.cl\/wp-content\/uploads\/2026\/01\/PAI-I-MEDIO-Instituto-Aleman-de-Puerto-Montt-2025_0010_Niveles-2.jpg'><img loading=\"lazy\" decoding=\"async\" width=\"1200\" height=\"801\" src=\"https:\/\/ialeman.cl\/wp-content\/uploads\/2026\/01\/PAI-I-MEDIO-Instituto-Aleman-de-Puerto-Montt-2025_0010_Niveles-2.jpg\" class=\"attachment-full size-full\" alt=\"\" srcset=\"https:\/\/ialeman.cl\/wp-content\/uploads\/2026\/01\/PAI-I-MEDIO-Instituto-Aleman-de-Puerto-Montt-2025_0010_Niveles-2.jpg 1200w, https:\/\/ialeman.cl\/wp-content\/uploads\/2026\/01\/PAI-I-MEDIO-Instituto-Aleman-de-Puerto-Montt-2025_0010_Niveles-2-300x200.jpg 300w, https:\/\/ialeman.cl\/wp-content\/uploads\/2026\/01\/PAI-I-MEDIO-Instituto-Aleman-de-Puerto-Montt-2025_0010_Niveles-2-1024x684.jpg 1024w, https:\/\/ialeman.cl\/wp-content\/uploads\/2026\/01\/PAI-I-MEDIO-Instituto-Aleman-de-Puerto-Montt-2025_0010_Niveles-2-768x513.jpg 768w\" sizes=\"(max-width: 1200px) 100vw, 1200px\" \/><\/a>\n\t\t\t<\/div><\/figure><figure class='gallery-item'>\n\t\t\t<div class='gallery-icon landscape'>\n\t\t\t\t<a data-elementor-open-lightbox=\"yes\" data-elementor-lightbox-slideshow=\"231c127\" data-elementor-lightbox-title=\"PAI I MEDIO Instituto Alem\u00e1n de Puerto Montt 2025_0011_DSC_5727\" data-e-action-hash=\"#elementor-action%3Aaction%3Dlightbox%26settings%3DeyJpZCI6NTMyMjcsInVybCI6Imh0dHBzOlwvXC9pYWxlbWFuLmNsXC93cC1jb250ZW50XC91cGxvYWRzXC8yMDI2XC8wMVwvUEFJLUktTUVESU8tSW5zdGl0dXRvLUFsZW1hbi1kZS1QdWVydG8tTW9udHQtMjAyNV8wMDExX0RTQ181NzI3LmpwZyIsInNsaWRlc2hvdyI6IjIzMWMxMjcifQ%3D%3D\" href='https:\/\/ialeman.cl\/wp-content\/uploads\/2026\/01\/PAI-I-MEDIO-Instituto-Aleman-de-Puerto-Montt-2025_0011_DSC_5727.jpg'><img loading=\"lazy\" decoding=\"async\" width=\"1200\" height=\"801\" src=\"https:\/\/ialeman.cl\/wp-content\/uploads\/2026\/01\/PAI-I-MEDIO-Instituto-Aleman-de-Puerto-Montt-2025_0011_DSC_5727.jpg\" class=\"attachment-full size-full\" alt=\"\" srcset=\"https:\/\/ialeman.cl\/wp-content\/uploads\/2026\/01\/PAI-I-MEDIO-Instituto-Aleman-de-Puerto-Montt-2025_0011_DSC_5727.jpg 1200w, https:\/\/ialeman.cl\/wp-content\/uploads\/2026\/01\/PAI-I-MEDIO-Instituto-Aleman-de-Puerto-Montt-2025_0011_DSC_5727-300x200.jpg 300w, https:\/\/ialeman.cl\/wp-content\/uploads\/2026\/01\/PAI-I-MEDIO-Instituto-Aleman-de-Puerto-Montt-2025_0011_DSC_5727-1024x684.jpg 1024w, https:\/\/ialeman.cl\/wp-content\/uploads\/2026\/01\/PAI-I-MEDIO-Instituto-Aleman-de-Puerto-Montt-2025_0011_DSC_5727-768x513.jpg 768w\" sizes=\"(max-width: 1200px) 100vw, 1200px\" \/><\/a>\n\t\t\t<\/div><\/figure><figure class='gallery-item'>\n\t\t\t<div class='gallery-icon landscape'>\n\t\t\t\t<a data-elementor-open-lightbox=\"yes\" data-elementor-lightbox-slideshow=\"231c127\" data-elementor-lightbox-title=\"PAI I MEDIO Instituto Alem\u00e1n de Puerto Montt 2025_0012_DSC_5726\" data-e-action-hash=\"#elementor-action%3Aaction%3Dlightbox%26settings%3DeyJpZCI6NTMyMjgsInVybCI6Imh0dHBzOlwvXC9pYWxlbWFuLmNsXC93cC1jb250ZW50XC91cGxvYWRzXC8yMDI2XC8wMVwvUEFJLUktTUVESU8tSW5zdGl0dXRvLUFsZW1hbi1kZS1QdWVydG8tTW9udHQtMjAyNV8wMDEyX0RTQ181NzI2LmpwZyIsInNsaWRlc2hvdyI6IjIzMWMxMjcifQ%3D%3D\" href='https:\/\/ialeman.cl\/wp-content\/uploads\/2026\/01\/PAI-I-MEDIO-Instituto-Aleman-de-Puerto-Montt-2025_0012_DSC_5726.jpg'><img loading=\"lazy\" decoding=\"async\" width=\"1200\" height=\"801\" src=\"https:\/\/ialeman.cl\/wp-content\/uploads\/2026\/01\/PAI-I-MEDIO-Instituto-Aleman-de-Puerto-Montt-2025_0012_DSC_5726.jpg\" class=\"attachment-full size-full\" alt=\"\" srcset=\"https:\/\/ialeman.cl\/wp-content\/uploads\/2026\/01\/PAI-I-MEDIO-Instituto-Aleman-de-Puerto-Montt-2025_0012_DSC_5726.jpg 1200w, https:\/\/ialeman.cl\/wp-content\/uploads\/2026\/01\/PAI-I-MEDIO-Instituto-Aleman-de-Puerto-Montt-2025_0012_DSC_5726-300x200.jpg 300w, https:\/\/ialeman.cl\/wp-content\/uploads\/2026\/01\/PAI-I-MEDIO-Instituto-Aleman-de-Puerto-Montt-2025_0012_DSC_5726-1024x684.jpg 1024w, https:\/\/ialeman.cl\/wp-content\/uploads\/2026\/01\/PAI-I-MEDIO-Instituto-Aleman-de-Puerto-Montt-2025_0012_DSC_5726-768x513.jpg 768w\" sizes=\"(max-width: 1200px) 100vw, 1200px\" \/><\/a>\n\t\t\t<\/div><\/figure><figure class='gallery-item'>\n\t\t\t<div class='gallery-icon landscape'>\n\t\t\t\t<a data-elementor-open-lightbox=\"yes\" data-elementor-lightbox-slideshow=\"231c127\" data-elementor-lightbox-title=\"PAI I MEDIO Instituto Alem\u00e1n de Puerto Montt 2025_0013_DSC_5723\" data-e-action-hash=\"#elementor-action%3Aaction%3Dlightbox%26settings%3DeyJpZCI6NTMyMjksInVybCI6Imh0dHBzOlwvXC9pYWxlbWFuLmNsXC93cC1jb250ZW50XC91cGxvYWRzXC8yMDI2XC8wMVwvUEFJLUktTUVESU8tSW5zdGl0dXRvLUFsZW1hbi1kZS1QdWVydG8tTW9udHQtMjAyNV8wMDEzX0RTQ181NzIzLmpwZyIsInNsaWRlc2hvdyI6IjIzMWMxMjcifQ%3D%3D\" href='https:\/\/ialeman.cl\/wp-content\/uploads\/2026\/01\/PAI-I-MEDIO-Instituto-Aleman-de-Puerto-Montt-2025_0013_DSC_5723.jpg'><img loading=\"lazy\" decoding=\"async\" width=\"1200\" height=\"801\" src=\"https:\/\/ialeman.cl\/wp-content\/uploads\/2026\/01\/PAI-I-MEDIO-Instituto-Aleman-de-Puerto-Montt-2025_0013_DSC_5723.jpg\" class=\"attachment-full size-full\" alt=\"\" srcset=\"https:\/\/ialeman.cl\/wp-content\/uploads\/2026\/01\/PAI-I-MEDIO-Instituto-Aleman-de-Puerto-Montt-2025_0013_DSC_5723.jpg 1200w, https:\/\/ialeman.cl\/wp-content\/uploads\/2026\/01\/PAI-I-MEDIO-Instituto-Aleman-de-Puerto-Montt-2025_0013_DSC_5723-300x200.jpg 300w, https:\/\/ialeman.cl\/wp-content\/uploads\/2026\/01\/PAI-I-MEDIO-Instituto-Aleman-de-Puerto-Montt-2025_0013_DSC_5723-1024x684.jpg 1024w, https:\/\/ialeman.cl\/wp-content\/uploads\/2026\/01\/PAI-I-MEDIO-Instituto-Aleman-de-Puerto-Montt-2025_0013_DSC_5723-768x513.jpg 768w\" sizes=\"(max-width: 1200px) 100vw, 1200px\" \/><\/a>\n\t\t\t<\/div><\/figure><figure class='gallery-item'>\n\t\t\t<div class='gallery-icon landscape'>\n\t\t\t\t<a data-elementor-open-lightbox=\"yes\" data-elementor-lightbox-slideshow=\"231c127\" data-elementor-lightbox-title=\"PAI I MEDIO Instituto Alem\u00e1n de Puerto Montt 2025_0014_DSC_5720\" data-e-action-hash=\"#elementor-action%3Aaction%3Dlightbox%26settings%3DeyJpZCI6NTMyMzAsInVybCI6Imh0dHBzOlwvXC9pYWxlbWFuLmNsXC93cC1jb250ZW50XC91cGxvYWRzXC8yMDI2XC8wMVwvUEFJLUktTUVESU8tSW5zdGl0dXRvLUFsZW1hbi1kZS1QdWVydG8tTW9udHQtMjAyNV8wMDE0X0RTQ181NzIwLmpwZyIsInNsaWRlc2hvdyI6IjIzMWMxMjcifQ%3D%3D\" href='https:\/\/ialeman.cl\/wp-content\/uploads\/2026\/01\/PAI-I-MEDIO-Instituto-Aleman-de-Puerto-Montt-2025_0014_DSC_5720.jpg'><img loading=\"lazy\" decoding=\"async\" width=\"1200\" height=\"801\" src=\"https:\/\/ialeman.cl\/wp-content\/uploads\/2026\/01\/PAI-I-MEDIO-Instituto-Aleman-de-Puerto-Montt-2025_0014_DSC_5720.jpg\" class=\"attachment-full size-full\" alt=\"\" srcset=\"https:\/\/ialeman.cl\/wp-content\/uploads\/2026\/01\/PAI-I-MEDIO-Instituto-Aleman-de-Puerto-Montt-2025_0014_DSC_5720.jpg 1200w, https:\/\/ialeman.cl\/wp-content\/uploads\/2026\/01\/PAI-I-MEDIO-Instituto-Aleman-de-Puerto-Montt-2025_0014_DSC_5720-300x200.jpg 300w, https:\/\/ialeman.cl\/wp-content\/uploads\/2026\/01\/PAI-I-MEDIO-Instituto-Aleman-de-Puerto-Montt-2025_0014_DSC_5720-1024x684.jpg 1024w, https:\/\/ialeman.cl\/wp-content\/uploads\/2026\/01\/PAI-I-MEDIO-Instituto-Aleman-de-Puerto-Montt-2025_0014_DSC_5720-768x513.jpg 768w\" sizes=\"(max-width: 1200px) 100vw, 1200px\" \/><\/a>\n\t\t\t<\/div><\/figure><figure class='gallery-item'>\n\t\t\t<div class='gallery-icon landscape'>\n\t\t\t\t<a data-elementor-open-lightbox=\"yes\" data-elementor-lightbox-slideshow=\"231c127\" data-elementor-lightbox-title=\"PAI I MEDIO Instituto Alem\u00e1n de Puerto Montt 2025_0015_DSC_5718\" data-e-action-hash=\"#elementor-action%3Aaction%3Dlightbox%26settings%3DeyJpZCI6NTMyMzEsInVybCI6Imh0dHBzOlwvXC9pYWxlbWFuLmNsXC93cC1jb250ZW50XC91cGxvYWRzXC8yMDI2XC8wMVwvUEFJLUktTUVESU8tSW5zdGl0dXRvLUFsZW1hbi1kZS1QdWVydG8tTW9udHQtMjAyNV8wMDE1X0RTQ181NzE4LmpwZyIsInNsaWRlc2hvdyI6IjIzMWMxMjcifQ%3D%3D\" href='https:\/\/ialeman.cl\/wp-content\/uploads\/2026\/01\/PAI-I-MEDIO-Instituto-Aleman-de-Puerto-Montt-2025_0015_DSC_5718.jpg'><img loading=\"lazy\" decoding=\"async\" width=\"1200\" height=\"801\" src=\"https:\/\/ialeman.cl\/wp-content\/uploads\/2026\/01\/PAI-I-MEDIO-Instituto-Aleman-de-Puerto-Montt-2025_0015_DSC_5718.jpg\" class=\"attachment-full size-full\" alt=\"\" srcset=\"https:\/\/ialeman.cl\/wp-content\/uploads\/2026\/01\/PAI-I-MEDIO-Instituto-Aleman-de-Puerto-Montt-2025_0015_DSC_5718.jpg 1200w, https:\/\/ialeman.cl\/wp-content\/uploads\/2026\/01\/PAI-I-MEDIO-Instituto-Aleman-de-Puerto-Montt-2025_0015_DSC_5718-300x200.jpg 300w, https:\/\/ialeman.cl\/wp-content\/uploads\/2026\/01\/PAI-I-MEDIO-Instituto-Aleman-de-Puerto-Montt-2025_0015_DSC_5718-1024x684.jpg 1024w, https:\/\/ialeman.cl\/wp-content\/uploads\/2026\/01\/PAI-I-MEDIO-Instituto-Aleman-de-Puerto-Montt-2025_0015_DSC_5718-768x513.jpg 768w\" sizes=\"(max-width: 1200px) 100vw, 1200px\" \/><\/a>\n\t\t\t<\/div><\/figure><figure class='gallery-item'>\n\t\t\t<div class='gallery-icon landscape'>\n\t\t\t\t<a data-elementor-open-lightbox=\"yes\" data-elementor-lightbox-slideshow=\"231c127\" data-elementor-lightbox-title=\"PAI I MEDIO Instituto Alem\u00e1n de Puerto Montt 2025_0016_DSC_5716\" data-e-action-hash=\"#elementor-action%3Aaction%3Dlightbox%26settings%3DeyJpZCI6NTMyMzIsInVybCI6Imh0dHBzOlwvXC9pYWxlbWFuLmNsXC93cC1jb250ZW50XC91cGxvYWRzXC8yMDI2XC8wMVwvUEFJLUktTUVESU8tSW5zdGl0dXRvLUFsZW1hbi1kZS1QdWVydG8tTW9udHQtMjAyNV8wMDE2X0RTQ181NzE2LmpwZyIsInNsaWRlc2hvdyI6IjIzMWMxMjcifQ%3D%3D\" href='https:\/\/ialeman.cl\/wp-content\/uploads\/2026\/01\/PAI-I-MEDIO-Instituto-Aleman-de-Puerto-Montt-2025_0016_DSC_5716.jpg'><img loading=\"lazy\" decoding=\"async\" width=\"1200\" height=\"801\" src=\"https:\/\/ialeman.cl\/wp-content\/uploads\/2026\/01\/PAI-I-MEDIO-Instituto-Aleman-de-Puerto-Montt-2025_0016_DSC_5716.jpg\" class=\"attachment-full size-full\" alt=\"\" srcset=\"https:\/\/ialeman.cl\/wp-content\/uploads\/2026\/01\/PAI-I-MEDIO-Instituto-Aleman-de-Puerto-Montt-2025_0016_DSC_5716.jpg 1200w, https:\/\/ialeman.cl\/wp-content\/uploads\/2026\/01\/PAI-I-MEDIO-Instituto-Aleman-de-Puerto-Montt-2025_0016_DSC_5716-300x200.jpg 300w, https:\/\/ialeman.cl\/wp-content\/uploads\/2026\/01\/PAI-I-MEDIO-Instituto-Aleman-de-Puerto-Montt-2025_0016_DSC_5716-1024x684.jpg 1024w, https:\/\/ialeman.cl\/wp-content\/uploads\/2026\/01\/PAI-I-MEDIO-Instituto-Aleman-de-Puerto-Montt-2025_0016_DSC_5716-768x513.jpg 768w\" sizes=\"(max-width: 1200px) 100vw, 1200px\" \/><\/a>\n\t\t\t<\/div><\/figure><figure class='gallery-item'>\n\t\t\t<div class='gallery-icon landscape'>\n\t\t\t\t<a data-elementor-open-lightbox=\"yes\" data-elementor-lightbox-slideshow=\"231c127\" data-elementor-lightbox-title=\"PAI I MEDIO Instituto Alem\u00e1n de Puerto Montt 2025_0017_Capa 1\" data-e-action-hash=\"#elementor-action%3Aaction%3Dlightbox%26settings%3DeyJpZCI6NTMyMzMsInVybCI6Imh0dHBzOlwvXC9pYWxlbWFuLmNsXC93cC1jb250ZW50XC91cGxvYWRzXC8yMDI2XC8wMVwvUEFJLUktTUVESU8tSW5zdGl0dXRvLUFsZW1hbi1kZS1QdWVydG8tTW9udHQtMjAyNV8wMDE3X0NhcGEtMS5qcGciLCJzbGlkZXNob3ciOiIyMzFjMTI3In0%3D\" href='https:\/\/ialeman.cl\/wp-content\/uploads\/2026\/01\/PAI-I-MEDIO-Instituto-Aleman-de-Puerto-Montt-2025_0017_Capa-1.jpg'><img loading=\"lazy\" decoding=\"async\" width=\"1200\" height=\"801\" src=\"https:\/\/ialeman.cl\/wp-content\/uploads\/2026\/01\/PAI-I-MEDIO-Instituto-Aleman-de-Puerto-Montt-2025_0017_Capa-1.jpg\" class=\"attachment-full size-full\" alt=\"\" srcset=\"https:\/\/ialeman.cl\/wp-content\/uploads\/2026\/01\/PAI-I-MEDIO-Instituto-Aleman-de-Puerto-Montt-2025_0017_Capa-1.jpg 1200w, https:\/\/ialeman.cl\/wp-content\/uploads\/2026\/01\/PAI-I-MEDIO-Instituto-Aleman-de-Puerto-Montt-2025_0017_Capa-1-300x200.jpg 300w, https:\/\/ialeman.cl\/wp-content\/uploads\/2026\/01\/PAI-I-MEDIO-Instituto-Aleman-de-Puerto-Montt-2025_0017_Capa-1-1024x684.jpg 1024w, https:\/\/ialeman.cl\/wp-content\/uploads\/2026\/01\/PAI-I-MEDIO-Instituto-Aleman-de-Puerto-Montt-2025_0017_Capa-1-768x513.jpg 768w\" sizes=\"(max-width: 1200px) 100vw, 1200px\" \/><\/a>\n\t\t\t<\/div><\/figure><figure class='gallery-item'>\n\t\t\t<div class='gallery-icon landscape'>\n\t\t\t\t<a data-elementor-open-lightbox=\"yes\" data-elementor-lightbox-slideshow=\"231c127\" data-elementor-lightbox-title=\"PAI I MEDIO Instituto Alem\u00e1n de Puerto Montt 2025_0018_DSC_5713\" data-e-action-hash=\"#elementor-action%3Aaction%3Dlightbox%26settings%3DeyJpZCI6NTMyMzQsInVybCI6Imh0dHBzOlwvXC9pYWxlbWFuLmNsXC93cC1jb250ZW50XC91cGxvYWRzXC8yMDI2XC8wMVwvUEFJLUktTUVESU8tSW5zdGl0dXRvLUFsZW1hbi1kZS1QdWVydG8tTW9udHQtMjAyNV8wMDE4X0RTQ181NzEzLmpwZyIsInNsaWRlc2hvdyI6IjIzMWMxMjcifQ%3D%3D\" href='https:\/\/ialeman.cl\/wp-content\/uploads\/2026\/01\/PAI-I-MEDIO-Instituto-Aleman-de-Puerto-Montt-2025_0018_DSC_5713.jpg'><img loading=\"lazy\" decoding=\"async\" width=\"1200\" height=\"801\" src=\"https:\/\/ialeman.cl\/wp-content\/uploads\/2026\/01\/PAI-I-MEDIO-Instituto-Aleman-de-Puerto-Montt-2025_0018_DSC_5713.jpg\" class=\"attachment-full size-full\" alt=\"\" srcset=\"https:\/\/ialeman.cl\/wp-content\/uploads\/2026\/01\/PAI-I-MEDIO-Instituto-Aleman-de-Puerto-Montt-2025_0018_DSC_5713.jpg 1200w, https:\/\/ialeman.cl\/wp-content\/uploads\/2026\/01\/PAI-I-MEDIO-Instituto-Aleman-de-Puerto-Montt-2025_0018_DSC_5713-300x200.jpg 300w, https:\/\/ialeman.cl\/wp-content\/uploads\/2026\/01\/PAI-I-MEDIO-Instituto-Aleman-de-Puerto-Montt-2025_0018_DSC_5713-1024x684.jpg 1024w, https:\/\/ialeman.cl\/wp-content\/uploads\/2026\/01\/PAI-I-MEDIO-Instituto-Aleman-de-Puerto-Montt-2025_0018_DSC_5713-768x513.jpg 768w\" sizes=\"(max-width: 1200px) 100vw, 1200px\" \/><\/a>\n\t\t\t<\/div><\/figure><figure class='gallery-item'>\n\t\t\t<div class='gallery-icon landscape'>\n\t\t\t\t<a data-elementor-open-lightbox=\"yes\" data-elementor-lightbox-slideshow=\"231c127\" data-elementor-lightbox-title=\"PAI I MEDIO Instituto Alem\u00e1n de Puerto Montt 2025_0019_DSC_5710\" data-e-action-hash=\"#elementor-action%3Aaction%3Dlightbox%26settings%3DeyJpZCI6NTMyMzUsInVybCI6Imh0dHBzOlwvXC9pYWxlbWFuLmNsXC93cC1jb250ZW50XC91cGxvYWRzXC8yMDI2XC8wMVwvUEFJLUktTUVESU8tSW5zdGl0dXRvLUFsZW1hbi1kZS1QdWVydG8tTW9udHQtMjAyNV8wMDE5X0RTQ181NzEwLmpwZyIsInNsaWRlc2hvdyI6IjIzMWMxMjcifQ%3D%3D\" href='https:\/\/ialeman.cl\/wp-content\/uploads\/2026\/01\/PAI-I-MEDIO-Instituto-Aleman-de-Puerto-Montt-2025_0019_DSC_5710.jpg'><img loading=\"lazy\" decoding=\"async\" width=\"1200\" height=\"801\" src=\"https:\/\/ialeman.cl\/wp-content\/uploads\/2026\/01\/PAI-I-MEDIO-Instituto-Aleman-de-Puerto-Montt-2025_0019_DSC_5710.jpg\" class=\"attachment-full size-full\" alt=\"\" srcset=\"https:\/\/ialeman.cl\/wp-content\/uploads\/2026\/01\/PAI-I-MEDIO-Instituto-Aleman-de-Puerto-Montt-2025_0019_DSC_5710.jpg 1200w, https:\/\/ialeman.cl\/wp-content\/uploads\/2026\/01\/PAI-I-MEDIO-Instituto-Aleman-de-Puerto-Montt-2025_0019_DSC_5710-300x200.jpg 300w, https:\/\/ialeman.cl\/wp-content\/uploads\/2026\/01\/PAI-I-MEDIO-Instituto-Aleman-de-Puerto-Montt-2025_0019_DSC_5710-1024x684.jpg 1024w, https:\/\/ialeman.cl\/wp-content\/uploads\/2026\/01\/PAI-I-MEDIO-Instituto-Aleman-de-Puerto-Montt-2025_0019_DSC_5710-768x513.jpg 768w\" sizes=\"(max-width: 1200px) 100vw, 1200px\" \/><\/a>\n\t\t\t<\/div><\/figure><figure class='gallery-item'>\n\t\t\t<div class='gallery-icon landscape'>\n\t\t\t\t<a data-elementor-open-lightbox=\"yes\" data-elementor-lightbox-slideshow=\"231c127\" data-elementor-lightbox-title=\"PAI I MEDIO Instituto Alem\u00e1n de Puerto Montt 2025_0020_DSC_5703\" data-e-action-hash=\"#elementor-action%3Aaction%3Dlightbox%26settings%3DeyJpZCI6NTMyMzYsInVybCI6Imh0dHBzOlwvXC9pYWxlbWFuLmNsXC93cC1jb250ZW50XC91cGxvYWRzXC8yMDI2XC8wMVwvUEFJLUktTUVESU8tSW5zdGl0dXRvLUFsZW1hbi1kZS1QdWVydG8tTW9udHQtMjAyNV8wMDIwX0RTQ181NzAzLmpwZyIsInNsaWRlc2hvdyI6IjIzMWMxMjcifQ%3D%3D\" href='https:\/\/ialeman.cl\/wp-content\/uploads\/2026\/01\/PAI-I-MEDIO-Instituto-Aleman-de-Puerto-Montt-2025_0020_DSC_5703.jpg'><img loading=\"lazy\" decoding=\"async\" width=\"1200\" height=\"801\" src=\"https:\/\/ialeman.cl\/wp-content\/uploads\/2026\/01\/PAI-I-MEDIO-Instituto-Aleman-de-Puerto-Montt-2025_0020_DSC_5703.jpg\" class=\"attachment-full size-full\" alt=\"\" srcset=\"https:\/\/ialeman.cl\/wp-content\/uploads\/2026\/01\/PAI-I-MEDIO-Instituto-Aleman-de-Puerto-Montt-2025_0020_DSC_5703.jpg 1200w, https:\/\/ialeman.cl\/wp-content\/uploads\/2026\/01\/PAI-I-MEDIO-Instituto-Aleman-de-Puerto-Montt-2025_0020_DSC_5703-300x200.jpg 300w, https:\/\/ialeman.cl\/wp-content\/uploads\/2026\/01\/PAI-I-MEDIO-Instituto-Aleman-de-Puerto-Montt-2025_0020_DSC_5703-1024x684.jpg 1024w, https:\/\/ialeman.cl\/wp-content\/uploads\/2026\/01\/PAI-I-MEDIO-Instituto-Aleman-de-Puerto-Montt-2025_0020_DSC_5703-768x513.jpg 768w\" sizes=\"(max-width: 1200px) 100vw, 1200px\" \/><\/a>\n\t\t\t<\/div><\/figure><figure class='gallery-item'>\n\t\t\t<div class='gallery-icon landscape'>\n\t\t\t\t<a data-elementor-open-lightbox=\"yes\" data-elementor-lightbox-slideshow=\"231c127\" data-elementor-lightbox-title=\"PAI I MEDIO Instituto Alem\u00e1n de Puerto Montt 2025_0021_DSC_5697\" data-e-action-hash=\"#elementor-action%3Aaction%3Dlightbox%26settings%3DeyJpZCI6NTMyMzcsInVybCI6Imh0dHBzOlwvXC9pYWxlbWFuLmNsXC93cC1jb250ZW50XC91cGxvYWRzXC8yMDI2XC8wMVwvUEFJLUktTUVESU8tSW5zdGl0dXRvLUFsZW1hbi1kZS1QdWVydG8tTW9udHQtMjAyNV8wMDIxX0RTQ181Njk3LmpwZyIsInNsaWRlc2hvdyI6IjIzMWMxMjcifQ%3D%3D\" href='https:\/\/ialeman.cl\/wp-content\/uploads\/2026\/01\/PAI-I-MEDIO-Instituto-Aleman-de-Puerto-Montt-2025_0021_DSC_5697.jpg'><img loading=\"lazy\" decoding=\"async\" width=\"1200\" height=\"801\" src=\"https:\/\/ialeman.cl\/wp-content\/uploads\/2026\/01\/PAI-I-MEDIO-Instituto-Aleman-de-Puerto-Montt-2025_0021_DSC_5697.jpg\" class=\"attachment-full size-full\" alt=\"\" srcset=\"https:\/\/ialeman.cl\/wp-content\/uploads\/2026\/01\/PAI-I-MEDIO-Instituto-Aleman-de-Puerto-Montt-2025_0021_DSC_5697.jpg 1200w, https:\/\/ialeman.cl\/wp-content\/uploads\/2026\/01\/PAI-I-MEDIO-Instituto-Aleman-de-Puerto-Montt-2025_0021_DSC_5697-300x200.jpg 300w, https:\/\/ialeman.cl\/wp-content\/uploads\/2026\/01\/PAI-I-MEDIO-Instituto-Aleman-de-Puerto-Montt-2025_0021_DSC_5697-1024x684.jpg 1024w, https:\/\/ialeman.cl\/wp-content\/uploads\/2026\/01\/PAI-I-MEDIO-Instituto-Aleman-de-Puerto-Montt-2025_0021_DSC_5697-768x513.jpg 768w\" sizes=\"(max-width: 1200px) 100vw, 1200px\" \/><\/a>\n\t\t\t<\/div><\/figure><figure class='gallery-item'>\n\t\t\t<div class='gallery-icon landscape'>\n\t\t\t\t<a data-elementor-open-lightbox=\"yes\" data-elementor-lightbox-slideshow=\"231c127\" data-elementor-lightbox-title=\"PAI I MEDIO Instituto Alem\u00e1n de Puerto Montt 2025_0022_DSC_5694\" data-e-action-hash=\"#elementor-action%3Aaction%3Dlightbox%26settings%3DeyJpZCI6NTMyMzgsInVybCI6Imh0dHBzOlwvXC9pYWxlbWFuLmNsXC93cC1jb250ZW50XC91cGxvYWRzXC8yMDI2XC8wMVwvUEFJLUktTUVESU8tSW5zdGl0dXRvLUFsZW1hbi1kZS1QdWVydG8tTW9udHQtMjAyNV8wMDIyX0RTQ181Njk0LmpwZyIsInNsaWRlc2hvdyI6IjIzMWMxMjcifQ%3D%3D\" href='https:\/\/ialeman.cl\/wp-content\/uploads\/2026\/01\/PAI-I-MEDIO-Instituto-Aleman-de-Puerto-Montt-2025_0022_DSC_5694.jpg'><img loading=\"lazy\" decoding=\"async\" width=\"1200\" height=\"801\" src=\"https:\/\/ialeman.cl\/wp-content\/uploads\/2026\/01\/PAI-I-MEDIO-Instituto-Aleman-de-Puerto-Montt-2025_0022_DSC_5694.jpg\" class=\"attachment-full size-full\" alt=\"\" srcset=\"https:\/\/ialeman.cl\/wp-content\/uploads\/2026\/01\/PAI-I-MEDIO-Instituto-Aleman-de-Puerto-Montt-2025_0022_DSC_5694.jpg 1200w, https:\/\/ialeman.cl\/wp-content\/uploads\/2026\/01\/PAI-I-MEDIO-Instituto-Aleman-de-Puerto-Montt-2025_0022_DSC_5694-300x200.jpg 300w, https:\/\/ialeman.cl\/wp-content\/uploads\/2026\/01\/PAI-I-MEDIO-Instituto-Aleman-de-Puerto-Montt-2025_0022_DSC_5694-1024x684.jpg 1024w, https:\/\/ialeman.cl\/wp-content\/uploads\/2026\/01\/PAI-I-MEDIO-Instituto-Aleman-de-Puerto-Montt-2025_0022_DSC_5694-768x513.jpg 768w\" sizes=\"(max-width: 1200px) 100vw, 1200px\" \/><\/a>\n\t\t\t<\/div><\/figure><figure class='gallery-item'>\n\t\t\t<div class='gallery-icon landscape'>\n\t\t\t\t<a data-elementor-open-lightbox=\"yes\" data-elementor-lightbox-slideshow=\"231c127\" data-elementor-lightbox-title=\"PAI I MEDIO Instituto Alem\u00e1n de Puerto Montt 2025_0023_DSC_5781\" data-e-action-hash=\"#elementor-action%3Aaction%3Dlightbox%26settings%3DeyJpZCI6NTMyMzksInVybCI6Imh0dHBzOlwvXC9pYWxlbWFuLmNsXC93cC1jb250ZW50XC91cGxvYWRzXC8yMDI2XC8wMVwvUEFJLUktTUVESU8tSW5zdGl0dXRvLUFsZW1hbi1kZS1QdWVydG8tTW9udHQtMjAyNV8wMDIzX0RTQ181NzgxLmpwZyIsInNsaWRlc2hvdyI6IjIzMWMxMjcifQ%3D%3D\" href='https:\/\/ialeman.cl\/wp-content\/uploads\/2026\/01\/PAI-I-MEDIO-Instituto-Aleman-de-Puerto-Montt-2025_0023_DSC_5781.jpg'><img loading=\"lazy\" decoding=\"async\" width=\"1200\" height=\"801\" src=\"https:\/\/ialeman.cl\/wp-content\/uploads\/2026\/01\/PAI-I-MEDIO-Instituto-Aleman-de-Puerto-Montt-2025_0023_DSC_5781.jpg\" class=\"attachment-full size-full\" alt=\"\" srcset=\"https:\/\/ialeman.cl\/wp-content\/uploads\/2026\/01\/PAI-I-MEDIO-Instituto-Aleman-de-Puerto-Montt-2025_0023_DSC_5781.jpg 1200w, https:\/\/ialeman.cl\/wp-content\/uploads\/2026\/01\/PAI-I-MEDIO-Instituto-Aleman-de-Puerto-Montt-2025_0023_DSC_5781-300x200.jpg 300w, https:\/\/ialeman.cl\/wp-content\/uploads\/2026\/01\/PAI-I-MEDIO-Instituto-Aleman-de-Puerto-Montt-2025_0023_DSC_5781-1024x684.jpg 1024w, https:\/\/ialeman.cl\/wp-content\/uploads\/2026\/01\/PAI-I-MEDIO-Instituto-Aleman-de-Puerto-Montt-2025_0023_DSC_5781-768x513.jpg 768w\" sizes=\"(max-width: 1200px) 100vw, 1200px\" \/><\/a>\n\t\t\t<\/div><\/figure><figure class='gallery-item'>\n\t\t\t<div class='gallery-icon landscape'>\n\t\t\t\t<a data-elementor-open-lightbox=\"yes\" data-elementor-lightbox-slideshow=\"231c127\" data-elementor-lightbox-title=\"PAI I MEDIO Instituto Alem\u00e1n de Puerto Montt 2025_0024_DSC_5671\" data-e-action-hash=\"#elementor-action%3Aaction%3Dlightbox%26settings%3DeyJpZCI6NTMyNDAsInVybCI6Imh0dHBzOlwvXC9pYWxlbWFuLmNsXC93cC1jb250ZW50XC91cGxvYWRzXC8yMDI2XC8wMVwvUEFJLUktTUVESU8tSW5zdGl0dXRvLUFsZW1hbi1kZS1QdWVydG8tTW9udHQtMjAyNV8wMDI0X0RTQ181NjcxLmpwZyIsInNsaWRlc2hvdyI6IjIzMWMxMjcifQ%3D%3D\" href='https:\/\/ialeman.cl\/wp-content\/uploads\/2026\/01\/PAI-I-MEDIO-Instituto-Aleman-de-Puerto-Montt-2025_0024_DSC_5671.jpg'><img loading=\"lazy\" decoding=\"async\" width=\"1200\" height=\"801\" src=\"https:\/\/ialeman.cl\/wp-content\/uploads\/2026\/01\/PAI-I-MEDIO-Instituto-Aleman-de-Puerto-Montt-2025_0024_DSC_5671.jpg\" class=\"attachment-full size-full\" alt=\"\" srcset=\"https:\/\/ialeman.cl\/wp-content\/uploads\/2026\/01\/PAI-I-MEDIO-Instituto-Aleman-de-Puerto-Montt-2025_0024_DSC_5671.jpg 1200w, https:\/\/ialeman.cl\/wp-content\/uploads\/2026\/01\/PAI-I-MEDIO-Instituto-Aleman-de-Puerto-Montt-2025_0024_DSC_5671-300x200.jpg 300w, https:\/\/ialeman.cl\/wp-content\/uploads\/2026\/01\/PAI-I-MEDIO-Instituto-Aleman-de-Puerto-Montt-2025_0024_DSC_5671-1024x684.jpg 1024w, https:\/\/ialeman.cl\/wp-content\/uploads\/2026\/01\/PAI-I-MEDIO-Instituto-Aleman-de-Puerto-Montt-2025_0024_DSC_5671-768x513.jpg 768w\" sizes=\"(max-width: 1200px) 100vw, 1200px\" \/><\/a>\n\t\t\t<\/div><\/figure><figure class='gallery-item'>\n\t\t\t<div class='gallery-icon landscape'>\n\t\t\t\t<a data-elementor-open-lightbox=\"yes\" data-elementor-lightbox-slideshow=\"231c127\" data-elementor-lightbox-title=\"PAI I MEDIO Instituto Alem\u00e1n de Puerto Montt 2025_0025_DSC_5667\" data-e-action-hash=\"#elementor-action%3Aaction%3Dlightbox%26settings%3DeyJpZCI6NTMyNDEsInVybCI6Imh0dHBzOlwvXC9pYWxlbWFuLmNsXC93cC1jb250ZW50XC91cGxvYWRzXC8yMDI2XC8wMVwvUEFJLUktTUVESU8tSW5zdGl0dXRvLUFsZW1hbi1kZS1QdWVydG8tTW9udHQtMjAyNV8wMDI1X0RTQ181NjY3LmpwZyIsInNsaWRlc2hvdyI6IjIzMWMxMjcifQ%3D%3D\" href='https:\/\/ialeman.cl\/wp-content\/uploads\/2026\/01\/PAI-I-MEDIO-Instituto-Aleman-de-Puerto-Montt-2025_0025_DSC_5667.jpg'><img loading=\"lazy\" decoding=\"async\" width=\"1200\" height=\"801\" src=\"https:\/\/ialeman.cl\/wp-content\/uploads\/2026\/01\/PAI-I-MEDIO-Instituto-Aleman-de-Puerto-Montt-2025_0025_DSC_5667.jpg\" class=\"attachment-full size-full\" alt=\"\" srcset=\"https:\/\/ialeman.cl\/wp-content\/uploads\/2026\/01\/PAI-I-MEDIO-Instituto-Aleman-de-Puerto-Montt-2025_0025_DSC_5667.jpg 1200w, https:\/\/ialeman.cl\/wp-content\/uploads\/2026\/01\/PAI-I-MEDIO-Instituto-Aleman-de-Puerto-Montt-2025_0025_DSC_5667-300x200.jpg 300w, https:\/\/ialeman.cl\/wp-content\/uploads\/2026\/01\/PAI-I-MEDIO-Instituto-Aleman-de-Puerto-Montt-2025_0025_DSC_5667-1024x684.jpg 1024w, https:\/\/ialeman.cl\/wp-content\/uploads\/2026\/01\/PAI-I-MEDIO-Instituto-Aleman-de-Puerto-Montt-2025_0025_DSC_5667-768x513.jpg 768w\" sizes=\"(max-width: 1200px) 100vw, 1200px\" \/><\/a>\n\t\t\t<\/div><\/figure><figure class='gallery-item'>\n\t\t\t<div class='gallery-icon landscape'>\n\t\t\t\t<a data-elementor-open-lightbox=\"yes\" data-elementor-lightbox-slideshow=\"231c127\" data-elementor-lightbox-title=\"PAI I MEDIO Instituto Alem\u00e1n de Puerto Montt 2025_0026_DSC_5662\" data-e-action-hash=\"#elementor-action%3Aaction%3Dlightbox%26settings%3DeyJpZCI6NTMyNDIsInVybCI6Imh0dHBzOlwvXC9pYWxlbWFuLmNsXC93cC1jb250ZW50XC91cGxvYWRzXC8yMDI2XC8wMVwvUEFJLUktTUVESU8tSW5zdGl0dXRvLUFsZW1hbi1kZS1QdWVydG8tTW9udHQtMjAyNV8wMDI2X0RTQ181NjYyLmpwZyIsInNsaWRlc2hvdyI6IjIzMWMxMjcifQ%3D%3D\" href='https:\/\/ialeman.cl\/wp-content\/uploads\/2026\/01\/PAI-I-MEDIO-Instituto-Aleman-de-Puerto-Montt-2025_0026_DSC_5662.jpg'><img loading=\"lazy\" decoding=\"async\" width=\"1200\" height=\"801\" src=\"https:\/\/ialeman.cl\/wp-content\/uploads\/2026\/01\/PAI-I-MEDIO-Instituto-Aleman-de-Puerto-Montt-2025_0026_DSC_5662.jpg\" class=\"attachment-full size-full\" alt=\"\" srcset=\"https:\/\/ialeman.cl\/wp-content\/uploads\/2026\/01\/PAI-I-MEDIO-Instituto-Aleman-de-Puerto-Montt-2025_0026_DSC_5662.jpg 1200w, https:\/\/ialeman.cl\/wp-content\/uploads\/2026\/01\/PAI-I-MEDIO-Instituto-Aleman-de-Puerto-Montt-2025_0026_DSC_5662-300x200.jpg 300w, https:\/\/ialeman.cl\/wp-content\/uploads\/2026\/01\/PAI-I-MEDIO-Instituto-Aleman-de-Puerto-Montt-2025_0026_DSC_5662-1024x684.jpg 1024w, https:\/\/ialeman.cl\/wp-content\/uploads\/2026\/01\/PAI-I-MEDIO-Instituto-Aleman-de-Puerto-Montt-2025_0026_DSC_5662-768x513.jpg 768w\" sizes=\"(max-width: 1200px) 100vw, 1200px\" \/><\/a>\n\t\t\t<\/div><\/figure><figure class='gallery-item'>\n\t\t\t<div class='gallery-icon landscape'>\n\t\t\t\t<a data-elementor-open-lightbox=\"yes\" data-elementor-lightbox-slideshow=\"231c127\" data-elementor-lightbox-title=\"PAI I MEDIO Instituto Alem\u00e1n de Puerto Montt 2025_0027_DSC_5659\" data-e-action-hash=\"#elementor-action%3Aaction%3Dlightbox%26settings%3DeyJpZCI6NTMyNDMsInVybCI6Imh0dHBzOlwvXC9pYWxlbWFuLmNsXC93cC1jb250ZW50XC91cGxvYWRzXC8yMDI2XC8wMVwvUEFJLUktTUVESU8tSW5zdGl0dXRvLUFsZW1hbi1kZS1QdWVydG8tTW9udHQtMjAyNV8wMDI3X0RTQ181NjU5LmpwZyIsInNsaWRlc2hvdyI6IjIzMWMxMjcifQ%3D%3D\" href='https:\/\/ialeman.cl\/wp-content\/uploads\/2026\/01\/PAI-I-MEDIO-Instituto-Aleman-de-Puerto-Montt-2025_0027_DSC_5659.jpg'><img loading=\"lazy\" decoding=\"async\" width=\"1200\" height=\"801\" src=\"https:\/\/ialeman.cl\/wp-content\/uploads\/2026\/01\/PAI-I-MEDIO-Instituto-Aleman-de-Puerto-Montt-2025_0027_DSC_5659.jpg\" class=\"attachment-full size-full\" alt=\"\" srcset=\"https:\/\/ialeman.cl\/wp-content\/uploads\/2026\/01\/PAI-I-MEDIO-Instituto-Aleman-de-Puerto-Montt-2025_0027_DSC_5659.jpg 1200w, https:\/\/ialeman.cl\/wp-content\/uploads\/2026\/01\/PAI-I-MEDIO-Instituto-Aleman-de-Puerto-Montt-2025_0027_DSC_5659-300x200.jpg 300w, https:\/\/ialeman.cl\/wp-content\/uploads\/2026\/01\/PAI-I-MEDIO-Instituto-Aleman-de-Puerto-Montt-2025_0027_DSC_5659-1024x684.jpg 1024w, https:\/\/ialeman.cl\/wp-content\/uploads\/2026\/01\/PAI-I-MEDIO-Instituto-Aleman-de-Puerto-Montt-2025_0027_DSC_5659-768x513.jpg 768w\" sizes=\"(max-width: 1200px) 100vw, 1200px\" \/><\/a>\n\t\t\t<\/div><\/figure><figure class='gallery-item'>\n\t\t\t<div class='gallery-icon landscape'>\n\t\t\t\t<a data-elementor-open-lightbox=\"yes\" data-elementor-lightbox-slideshow=\"231c127\" data-elementor-lightbox-title=\"PAI I MEDIO Instituto Alem\u00e1n de Puerto Montt 2025_0028_DSC_5654\" data-e-action-hash=\"#elementor-action%3Aaction%3Dlightbox%26settings%3DeyJpZCI6NTMyNDQsInVybCI6Imh0dHBzOlwvXC9pYWxlbWFuLmNsXC93cC1jb250ZW50XC91cGxvYWRzXC8yMDI2XC8wMVwvUEFJLUktTUVESU8tSW5zdGl0dXRvLUFsZW1hbi1kZS1QdWVydG8tTW9udHQtMjAyNV8wMDI4X0RTQ181NjU0LmpwZyIsInNsaWRlc2hvdyI6IjIzMWMxMjcifQ%3D%3D\" href='https:\/\/ialeman.cl\/wp-content\/uploads\/2026\/01\/PAI-I-MEDIO-Instituto-Aleman-de-Puerto-Montt-2025_0028_DSC_5654.jpg'><img loading=\"lazy\" decoding=\"async\" width=\"1200\" height=\"801\" src=\"https:\/\/ialeman.cl\/wp-content\/uploads\/2026\/01\/PAI-I-MEDIO-Instituto-Aleman-de-Puerto-Montt-2025_0028_DSC_5654.jpg\" class=\"attachment-full size-full\" alt=\"\" srcset=\"https:\/\/ialeman.cl\/wp-content\/uploads\/2026\/01\/PAI-I-MEDIO-Instituto-Aleman-de-Puerto-Montt-2025_0028_DSC_5654.jpg 1200w, https:\/\/ialeman.cl\/wp-content\/uploads\/2026\/01\/PAI-I-MEDIO-Instituto-Aleman-de-Puerto-Montt-2025_0028_DSC_5654-300x200.jpg 300w, https:\/\/ialeman.cl\/wp-content\/uploads\/2026\/01\/PAI-I-MEDIO-Instituto-Aleman-de-Puerto-Montt-2025_0028_DSC_5654-1024x684.jpg 1024w, https:\/\/ialeman.cl\/wp-content\/uploads\/2026\/01\/PAI-I-MEDIO-Instituto-Aleman-de-Puerto-Montt-2025_0028_DSC_5654-768x513.jpg 768w\" sizes=\"(max-width: 1200px) 100vw, 1200px\" \/><\/a>\n\t\t\t<\/div><\/figure><figure class='gallery-item'>\n\t\t\t<div class='gallery-icon landscape'>\n\t\t\t\t<a data-elementor-open-lightbox=\"yes\" data-elementor-lightbox-slideshow=\"231c127\" data-elementor-lightbox-title=\"PAI I MEDIO Instituto Alem\u00e1n de Puerto Montt 2025_0029_DSC_5676\" data-e-action-hash=\"#elementor-action%3Aaction%3Dlightbox%26settings%3DeyJpZCI6NTMyNDUsInVybCI6Imh0dHBzOlwvXC9pYWxlbWFuLmNsXC93cC1jb250ZW50XC91cGxvYWRzXC8yMDI2XC8wMVwvUEFJLUktTUVESU8tSW5zdGl0dXRvLUFsZW1hbi1kZS1QdWVydG8tTW9udHQtMjAyNV8wMDI5X0RTQ181Njc2LmpwZyIsInNsaWRlc2hvdyI6IjIzMWMxMjcifQ%3D%3D\" href='https:\/\/ialeman.cl\/wp-content\/uploads\/2026\/01\/PAI-I-MEDIO-Instituto-Aleman-de-Puerto-Montt-2025_0029_DSC_5676.jpg'><img loading=\"lazy\" decoding=\"async\" width=\"1200\" height=\"801\" src=\"https:\/\/ialeman.cl\/wp-content\/uploads\/2026\/01\/PAI-I-MEDIO-Instituto-Aleman-de-Puerto-Montt-2025_0029_DSC_5676.jpg\" class=\"attachment-full size-full\" alt=\"\" srcset=\"https:\/\/ialeman.cl\/wp-content\/uploads\/2026\/01\/PAI-I-MEDIO-Instituto-Aleman-de-Puerto-Montt-2025_0029_DSC_5676.jpg 1200w, https:\/\/ialeman.cl\/wp-content\/uploads\/2026\/01\/PAI-I-MEDIO-Instituto-Aleman-de-Puerto-Montt-2025_0029_DSC_5676-300x200.jpg 300w, https:\/\/ialeman.cl\/wp-content\/uploads\/2026\/01\/PAI-I-MEDIO-Instituto-Aleman-de-Puerto-Montt-2025_0029_DSC_5676-1024x684.jpg 1024w, https:\/\/ialeman.cl\/wp-content\/uploads\/2026\/01\/PAI-I-MEDIO-Instituto-Aleman-de-Puerto-Montt-2025_0029_DSC_5676-768x513.jpg 768w\" sizes=\"(max-width: 1200px) 100vw, 1200px\" \/><\/a>\n\t\t\t<\/div><\/figure><figure class='gallery-item'>\n\t\t\t<div class='gallery-icon landscape'>\n\t\t\t\t<a data-elementor-open-lightbox=\"yes\" data-elementor-lightbox-slideshow=\"231c127\" data-elementor-lightbox-title=\"PAI I MEDIO Instituto Alem\u00e1n de Puerto Montt 2025_0030_DSC_5672\" data-e-action-hash=\"#elementor-action%3Aaction%3Dlightbox%26settings%3DeyJpZCI6NTMyNDYsInVybCI6Imh0dHBzOlwvXC9pYWxlbWFuLmNsXC93cC1jb250ZW50XC91cGxvYWRzXC8yMDI2XC8wMVwvUEFJLUktTUVESU8tSW5zdGl0dXRvLUFsZW1hbi1kZS1QdWVydG8tTW9udHQtMjAyNV8wMDMwX0RTQ181NjcyLmpwZyIsInNsaWRlc2hvdyI6IjIzMWMxMjcifQ%3D%3D\" href='https:\/\/ialeman.cl\/wp-content\/uploads\/2026\/01\/PAI-I-MEDIO-Instituto-Aleman-de-Puerto-Montt-2025_0030_DSC_5672.jpg'><img loading=\"lazy\" decoding=\"async\" width=\"1200\" height=\"801\" src=\"https:\/\/ialeman.cl\/wp-content\/uploads\/2026\/01\/PAI-I-MEDIO-Instituto-Aleman-de-Puerto-Montt-2025_0030_DSC_5672.jpg\" class=\"attachment-full size-full\" alt=\"\" srcset=\"https:\/\/ialeman.cl\/wp-content\/uploads\/2026\/01\/PAI-I-MEDIO-Instituto-Aleman-de-Puerto-Montt-2025_0030_DSC_5672.jpg 1200w, https:\/\/ialeman.cl\/wp-content\/uploads\/2026\/01\/PAI-I-MEDIO-Instituto-Aleman-de-Puerto-Montt-2025_0030_DSC_5672-300x200.jpg 300w, https:\/\/ialeman.cl\/wp-content\/uploads\/2026\/01\/PAI-I-MEDIO-Instituto-Aleman-de-Puerto-Montt-2025_0030_DSC_5672-1024x684.jpg 1024w, https:\/\/ialeman.cl\/wp-content\/uploads\/2026\/01\/PAI-I-MEDIO-Instituto-Aleman-de-Puerto-Montt-2025_0030_DSC_5672-768x513.jpg 768w\" sizes=\"(max-width: 1200px) 100vw, 1200px\" \/><\/a>\n\t\t\t<\/div><\/figure><figure class='gallery-item'>\n\t\t\t<div class='gallery-icon landscape'>\n\t\t\t\t<a data-elementor-open-lightbox=\"yes\" data-elementor-lightbox-slideshow=\"231c127\" data-elementor-lightbox-title=\"PAI I MEDIO Instituto Alem\u00e1n de Puerto Montt 2025_0031_DSC_5635\" data-e-action-hash=\"#elementor-action%3Aaction%3Dlightbox%26settings%3DeyJpZCI6NTMyNDcsInVybCI6Imh0dHBzOlwvXC9pYWxlbWFuLmNsXC93cC1jb250ZW50XC91cGxvYWRzXC8yMDI2XC8wMVwvUEFJLUktTUVESU8tSW5zdGl0dXRvLUFsZW1hbi1kZS1QdWVydG8tTW9udHQtMjAyNV8wMDMxX0RTQ181NjM1LmpwZyIsInNsaWRlc2hvdyI6IjIzMWMxMjcifQ%3D%3D\" href='https:\/\/ialeman.cl\/wp-content\/uploads\/2026\/01\/PAI-I-MEDIO-Instituto-Aleman-de-Puerto-Montt-2025_0031_DSC_5635.jpg'><img loading=\"lazy\" decoding=\"async\" width=\"1200\" height=\"801\" src=\"https:\/\/ialeman.cl\/wp-content\/uploads\/2026\/01\/PAI-I-MEDIO-Instituto-Aleman-de-Puerto-Montt-2025_0031_DSC_5635.jpg\" class=\"attachment-full size-full\" alt=\"\" srcset=\"https:\/\/ialeman.cl\/wp-content\/uploads\/2026\/01\/PAI-I-MEDIO-Instituto-Aleman-de-Puerto-Montt-2025_0031_DSC_5635.jpg 1200w, https:\/\/ialeman.cl\/wp-content\/uploads\/2026\/01\/PAI-I-MEDIO-Instituto-Aleman-de-Puerto-Montt-2025_0031_DSC_5635-300x200.jpg 300w, https:\/\/ialeman.cl\/wp-content\/uploads\/2026\/01\/PAI-I-MEDIO-Instituto-Aleman-de-Puerto-Montt-2025_0031_DSC_5635-1024x684.jpg 1024w, https:\/\/ialeman.cl\/wp-content\/uploads\/2026\/01\/PAI-I-MEDIO-Instituto-Aleman-de-Puerto-Montt-2025_0031_DSC_5635-768x513.jpg 768w\" sizes=\"(max-width: 1200px) 100vw, 1200px\" \/><\/a>\n\t\t\t<\/div><\/figure><figure class='gallery-item'>\n\t\t\t<div class='gallery-icon landscape'>\n\t\t\t\t<a data-elementor-open-lightbox=\"yes\" data-elementor-lightbox-slideshow=\"231c127\" data-elementor-lightbox-title=\"PAI I MEDIO Instituto Alem\u00e1n de Puerto Montt 2025_0032_DSC_5634\" data-e-action-hash=\"#elementor-action%3Aaction%3Dlightbox%26settings%3DeyJpZCI6NTMyNDgsInVybCI6Imh0dHBzOlwvXC9pYWxlbWFuLmNsXC93cC1jb250ZW50XC91cGxvYWRzXC8yMDI2XC8wMVwvUEFJLUktTUVESU8tSW5zdGl0dXRvLUFsZW1hbi1kZS1QdWVydG8tTW9udHQtMjAyNV8wMDMyX0RTQ181NjM0LmpwZyIsInNsaWRlc2hvdyI6IjIzMWMxMjcifQ%3D%3D\" href='https:\/\/ialeman.cl\/wp-content\/uploads\/2026\/01\/PAI-I-MEDIO-Instituto-Aleman-de-Puerto-Montt-2025_0032_DSC_5634.jpg'><img loading=\"lazy\" decoding=\"async\" width=\"1200\" height=\"801\" src=\"https:\/\/ialeman.cl\/wp-content\/uploads\/2026\/01\/PAI-I-MEDIO-Instituto-Aleman-de-Puerto-Montt-2025_0032_DSC_5634.jpg\" class=\"attachment-full size-full\" alt=\"\" srcset=\"https:\/\/ialeman.cl\/wp-content\/uploads\/2026\/01\/PAI-I-MEDIO-Instituto-Aleman-de-Puerto-Montt-2025_0032_DSC_5634.jpg 1200w, https:\/\/ialeman.cl\/wp-content\/uploads\/2026\/01\/PAI-I-MEDIO-Instituto-Aleman-de-Puerto-Montt-2025_0032_DSC_5634-300x200.jpg 300w, https:\/\/ialeman.cl\/wp-content\/uploads\/2026\/01\/PAI-I-MEDIO-Instituto-Aleman-de-Puerto-Montt-2025_0032_DSC_5634-1024x684.jpg 1024w, https:\/\/ialeman.cl\/wp-content\/uploads\/2026\/01\/PAI-I-MEDIO-Instituto-Aleman-de-Puerto-Montt-2025_0032_DSC_5634-768x513.jpg 768w\" sizes=\"(max-width: 1200px) 100vw, 1200px\" \/><\/a>\n\t\t\t<\/div><\/figure><figure class='gallery-item'>\n\t\t\t<div class='gallery-icon landscape'>\n\t\t\t\t<a data-elementor-open-lightbox=\"yes\" data-elementor-lightbox-slideshow=\"231c127\" data-elementor-lightbox-title=\"PAI I MEDIO Instituto Alem\u00e1n de Puerto Montt 2025_0034_DSC_5625\" data-e-action-hash=\"#elementor-action%3Aaction%3Dlightbox%26settings%3DeyJpZCI6NTMyNTAsInVybCI6Imh0dHBzOlwvXC9pYWxlbWFuLmNsXC93cC1jb250ZW50XC91cGxvYWRzXC8yMDI2XC8wMVwvUEFJLUktTUVESU8tSW5zdGl0dXRvLUFsZW1hbi1kZS1QdWVydG8tTW9udHQtMjAyNV8wMDM0X0RTQ181NjI1LmpwZyIsInNsaWRlc2hvdyI6IjIzMWMxMjcifQ%3D%3D\" href='https:\/\/ialeman.cl\/wp-content\/uploads\/2026\/01\/PAI-I-MEDIO-Instituto-Aleman-de-Puerto-Montt-2025_0034_DSC_5625.jpg'><img loading=\"lazy\" decoding=\"async\" width=\"1200\" height=\"801\" src=\"https:\/\/ialeman.cl\/wp-content\/uploads\/2026\/01\/PAI-I-MEDIO-Instituto-Aleman-de-Puerto-Montt-2025_0034_DSC_5625.jpg\" class=\"attachment-full size-full\" alt=\"\" srcset=\"https:\/\/ialeman.cl\/wp-content\/uploads\/2026\/01\/PAI-I-MEDIO-Instituto-Aleman-de-Puerto-Montt-2025_0034_DSC_5625.jpg 1200w, https:\/\/ialeman.cl\/wp-content\/uploads\/2026\/01\/PAI-I-MEDIO-Instituto-Aleman-de-Puerto-Montt-2025_0034_DSC_5625-300x200.jpg 300w, https:\/\/ialeman.cl\/wp-content\/uploads\/2026\/01\/PAI-I-MEDIO-Instituto-Aleman-de-Puerto-Montt-2025_0034_DSC_5625-1024x684.jpg 1024w, https:\/\/ialeman.cl\/wp-content\/uploads\/2026\/01\/PAI-I-MEDIO-Instituto-Aleman-de-Puerto-Montt-2025_0034_DSC_5625-768x513.jpg 768w\" sizes=\"(max-width: 1200px) 100vw, 1200px\" \/><\/a>\n\t\t\t<\/div><\/figure><figure class='gallery-item'>\n\t\t\t<div class='gallery-icon landscape'>\n\t\t\t\t<a data-elementor-open-lightbox=\"yes\" data-elementor-lightbox-slideshow=\"231c127\" data-elementor-lightbox-title=\"PAI I MEDIO Instituto Alem\u00e1n de Puerto Montt 2025_0035_Niveles 3\" data-e-action-hash=\"#elementor-action%3Aaction%3Dlightbox%26settings%3DeyJpZCI6NTMyNTEsInVybCI6Imh0dHBzOlwvXC9pYWxlbWFuLmNsXC93cC1jb250ZW50XC91cGxvYWRzXC8yMDI2XC8wMVwvUEFJLUktTUVESU8tSW5zdGl0dXRvLUFsZW1hbi1kZS1QdWVydG8tTW9udHQtMjAyNV8wMDM1X05pdmVsZXMtMy5qcGciLCJzbGlkZXNob3ciOiIyMzFjMTI3In0%3D\" href='https:\/\/ialeman.cl\/wp-content\/uploads\/2026\/01\/PAI-I-MEDIO-Instituto-Aleman-de-Puerto-Montt-2025_0035_Niveles-3.jpg'><img loading=\"lazy\" decoding=\"async\" width=\"1200\" height=\"801\" src=\"https:\/\/ialeman.cl\/wp-content\/uploads\/2026\/01\/PAI-I-MEDIO-Instituto-Aleman-de-Puerto-Montt-2025_0035_Niveles-3.jpg\" class=\"attachment-full size-full\" alt=\"\" srcset=\"https:\/\/ialeman.cl\/wp-content\/uploads\/2026\/01\/PAI-I-MEDIO-Instituto-Aleman-de-Puerto-Montt-2025_0035_Niveles-3.jpg 1200w, https:\/\/ialeman.cl\/wp-content\/uploads\/2026\/01\/PAI-I-MEDIO-Instituto-Aleman-de-Puerto-Montt-2025_0035_Niveles-3-300x200.jpg 300w, https:\/\/ialeman.cl\/wp-content\/uploads\/2026\/01\/PAI-I-MEDIO-Instituto-Aleman-de-Puerto-Montt-2025_0035_Niveles-3-1024x684.jpg 1024w, https:\/\/ialeman.cl\/wp-content\/uploads\/2026\/01\/PAI-I-MEDIO-Instituto-Aleman-de-Puerto-Montt-2025_0035_Niveles-3-768x513.jpg 768w\" sizes=\"(max-width: 1200px) 100vw, 1200px\" \/><\/a>\n\t\t\t<\/div><\/figure><figure class='gallery-item'>\n\t\t\t<div class='gallery-icon landscape'>\n\t\t\t\t<a data-elementor-open-lightbox=\"yes\" data-elementor-lightbox-slideshow=\"231c127\" data-elementor-lightbox-title=\"PAI I MEDIO Instituto Alem\u00e1n de Puerto Montt 2025_0036_DSC_5621\" data-e-action-hash=\"#elementor-action%3Aaction%3Dlightbox%26settings%3DeyJpZCI6NTMyNTIsInVybCI6Imh0dHBzOlwvXC9pYWxlbWFuLmNsXC93cC1jb250ZW50XC91cGxvYWRzXC8yMDI2XC8wMVwvUEFJLUktTUVESU8tSW5zdGl0dXRvLUFsZW1hbi1kZS1QdWVydG8tTW9udHQtMjAyNV8wMDM2X0RTQ181NjIxLmpwZyIsInNsaWRlc2hvdyI6IjIzMWMxMjcifQ%3D%3D\" href='https:\/\/ialeman.cl\/wp-content\/uploads\/2026\/01\/PAI-I-MEDIO-Instituto-Aleman-de-Puerto-Montt-2025_0036_DSC_5621.jpg'><img loading=\"lazy\" decoding=\"async\" width=\"1200\" height=\"801\" src=\"https:\/\/ialeman.cl\/wp-content\/uploads\/2026\/01\/PAI-I-MEDIO-Instituto-Aleman-de-Puerto-Montt-2025_0036_DSC_5621.jpg\" class=\"attachment-full size-full\" alt=\"\" srcset=\"https:\/\/ialeman.cl\/wp-content\/uploads\/2026\/01\/PAI-I-MEDIO-Instituto-Aleman-de-Puerto-Montt-2025_0036_DSC_5621.jpg 1200w, https:\/\/ialeman.cl\/wp-content\/uploads\/2026\/01\/PAI-I-MEDIO-Instituto-Aleman-de-Puerto-Montt-2025_0036_DSC_5621-300x200.jpg 300w, https:\/\/ialeman.cl\/wp-content\/uploads\/2026\/01\/PAI-I-MEDIO-Instituto-Aleman-de-Puerto-Montt-2025_0036_DSC_5621-1024x684.jpg 1024w, https:\/\/ialeman.cl\/wp-content\/uploads\/2026\/01\/PAI-I-MEDIO-Instituto-Aleman-de-Puerto-Montt-2025_0036_DSC_5621-768x513.jpg 768w\" sizes=\"(max-width: 1200px) 100vw, 1200px\" \/><\/a>\n\t\t\t<\/div><\/figure><figure class='gallery-item'>\n\t\t\t<div class='gallery-icon landscape'>\n\t\t\t\t<a data-elementor-open-lightbox=\"yes\" data-elementor-lightbox-slideshow=\"231c127\" data-elementor-lightbox-title=\"PAI I MEDIO Instituto Alem\u00e1n de Puerto Montt 2025_0037_DSC_5618\" data-e-action-hash=\"#elementor-action%3Aaction%3Dlightbox%26settings%3DeyJpZCI6NTMyNTMsInVybCI6Imh0dHBzOlwvXC9pYWxlbWFuLmNsXC93cC1jb250ZW50XC91cGxvYWRzXC8yMDI2XC8wMVwvUEFJLUktTUVESU8tSW5zdGl0dXRvLUFsZW1hbi1kZS1QdWVydG8tTW9udHQtMjAyNV8wMDM3X0RTQ181NjE4LmpwZyIsInNsaWRlc2hvdyI6IjIzMWMxMjcifQ%3D%3D\" href='https:\/\/ialeman.cl\/wp-content\/uploads\/2026\/01\/PAI-I-MEDIO-Instituto-Aleman-de-Puerto-Montt-2025_0037_DSC_5618.jpg'><img loading=\"lazy\" decoding=\"async\" width=\"1200\" height=\"801\" src=\"https:\/\/ialeman.cl\/wp-content\/uploads\/2026\/01\/PAI-I-MEDIO-Instituto-Aleman-de-Puerto-Montt-2025_0037_DSC_5618.jpg\" class=\"attachment-full size-full\" alt=\"\" srcset=\"https:\/\/ialeman.cl\/wp-content\/uploads\/2026\/01\/PAI-I-MEDIO-Instituto-Aleman-de-Puerto-Montt-2025_0037_DSC_5618.jpg 1200w, https:\/\/ialeman.cl\/wp-content\/uploads\/2026\/01\/PAI-I-MEDIO-Instituto-Aleman-de-Puerto-Montt-2025_0037_DSC_5618-300x200.jpg 300w, https:\/\/ialeman.cl\/wp-content\/uploads\/2026\/01\/PAI-I-MEDIO-Instituto-Aleman-de-Puerto-Montt-2025_0037_DSC_5618-1024x684.jpg 1024w, https:\/\/ialeman.cl\/wp-content\/uploads\/2026\/01\/PAI-I-MEDIO-Instituto-Aleman-de-Puerto-Montt-2025_0037_DSC_5618-768x513.jpg 768w\" sizes=\"(max-width: 1200px) 100vw, 1200px\" \/><\/a>\n\t\t\t<\/div><\/figure><figure class='gallery-item'>\n\t\t\t<div class='gallery-icon landscape'>\n\t\t\t\t<a data-elementor-open-lightbox=\"yes\" data-elementor-lightbox-slideshow=\"231c127\" data-elementor-lightbox-title=\"PAI I MEDIO Instituto Alem\u00e1n de Puerto Montt 2025_0038_DSC_5616\" data-e-action-hash=\"#elementor-action%3Aaction%3Dlightbox%26settings%3DeyJpZCI6NTMyNTQsInVybCI6Imh0dHBzOlwvXC9pYWxlbWFuLmNsXC93cC1jb250ZW50XC91cGxvYWRzXC8yMDI2XC8wMVwvUEFJLUktTUVESU8tSW5zdGl0dXRvLUFsZW1hbi1kZS1QdWVydG8tTW9udHQtMjAyNV8wMDM4X0RTQ181NjE2LmpwZyIsInNsaWRlc2hvdyI6IjIzMWMxMjcifQ%3D%3D\" href='https:\/\/ialeman.cl\/wp-content\/uploads\/2026\/01\/PAI-I-MEDIO-Instituto-Aleman-de-Puerto-Montt-2025_0038_DSC_5616.jpg'><img loading=\"lazy\" decoding=\"async\" width=\"1200\" height=\"801\" src=\"https:\/\/ialeman.cl\/wp-content\/uploads\/2026\/01\/PAI-I-MEDIO-Instituto-Aleman-de-Puerto-Montt-2025_0038_DSC_5616.jpg\" class=\"attachment-full size-full\" alt=\"\" srcset=\"https:\/\/ialeman.cl\/wp-content\/uploads\/2026\/01\/PAI-I-MEDIO-Instituto-Aleman-de-Puerto-Montt-2025_0038_DSC_5616.jpg 1200w, https:\/\/ialeman.cl\/wp-content\/uploads\/2026\/01\/PAI-I-MEDIO-Instituto-Aleman-de-Puerto-Montt-2025_0038_DSC_5616-300x200.jpg 300w, https:\/\/ialeman.cl\/wp-content\/uploads\/2026\/01\/PAI-I-MEDIO-Instituto-Aleman-de-Puerto-Montt-2025_0038_DSC_5616-1024x684.jpg 1024w, https:\/\/ialeman.cl\/wp-content\/uploads\/2026\/01\/PAI-I-MEDIO-Instituto-Aleman-de-Puerto-Montt-2025_0038_DSC_5616-768x513.jpg 768w\" sizes=\"(max-width: 1200px) 100vw, 1200px\" \/><\/a>\n\t\t\t<\/div><\/figure><figure class='gallery-item'>\n\t\t\t<div class='gallery-icon landscape'>\n\t\t\t\t<a data-elementor-open-lightbox=\"yes\" data-elementor-lightbox-slideshow=\"231c127\" data-elementor-lightbox-title=\"PAI I MEDIO Instituto Alem\u00e1n de Puerto Montt 2025_0040_Niveles 4\" data-e-action-hash=\"#elementor-action%3Aaction%3Dlightbox%26settings%3DeyJpZCI6NTMyNTYsInVybCI6Imh0dHBzOlwvXC9pYWxlbWFuLmNsXC93cC1jb250ZW50XC91cGxvYWRzXC8yMDI2XC8wMVwvUEFJLUktTUVESU8tSW5zdGl0dXRvLUFsZW1hbi1kZS1QdWVydG8tTW9udHQtMjAyNV8wMDQwX05pdmVsZXMtNC5qcGciLCJzbGlkZXNob3ciOiIyMzFjMTI3In0%3D\" href='https:\/\/ialeman.cl\/wp-content\/uploads\/2026\/01\/PAI-I-MEDIO-Instituto-Aleman-de-Puerto-Montt-2025_0040_Niveles-4.jpg'><img loading=\"lazy\" decoding=\"async\" width=\"1200\" height=\"801\" src=\"https:\/\/ialeman.cl\/wp-content\/uploads\/2026\/01\/PAI-I-MEDIO-Instituto-Aleman-de-Puerto-Montt-2025_0040_Niveles-4.jpg\" class=\"attachment-full size-full\" alt=\"\" srcset=\"https:\/\/ialeman.cl\/wp-content\/uploads\/2026\/01\/PAI-I-MEDIO-Instituto-Aleman-de-Puerto-Montt-2025_0040_Niveles-4.jpg 1200w, https:\/\/ialeman.cl\/wp-content\/uploads\/2026\/01\/PAI-I-MEDIO-Instituto-Aleman-de-Puerto-Montt-2025_0040_Niveles-4-300x200.jpg 300w, https:\/\/ialeman.cl\/wp-content\/uploads\/2026\/01\/PAI-I-MEDIO-Instituto-Aleman-de-Puerto-Montt-2025_0040_Niveles-4-1024x684.jpg 1024w, https:\/\/ialeman.cl\/wp-content\/uploads\/2026\/01\/PAI-I-MEDIO-Instituto-Aleman-de-Puerto-Montt-2025_0040_Niveles-4-768x513.jpg 768w\" sizes=\"(max-width: 1200px) 100vw, 1200px\" \/><\/a>\n\t\t\t<\/div><\/figure><figure class='gallery-item'>\n\t\t\t<div class='gallery-icon landscape'>\n\t\t\t\t<a data-elementor-open-lightbox=\"yes\" data-elementor-lightbox-slideshow=\"231c127\" data-elementor-lightbox-title=\"PAI I MEDIO Instituto Alem\u00e1n de Puerto Montt 2025_0041_DSC_5606\" data-e-action-hash=\"#elementor-action%3Aaction%3Dlightbox%26settings%3DeyJpZCI6NTMyNTcsInVybCI6Imh0dHBzOlwvXC9pYWxlbWFuLmNsXC93cC1jb250ZW50XC91cGxvYWRzXC8yMDI2XC8wMVwvUEFJLUktTUVESU8tSW5zdGl0dXRvLUFsZW1hbi1kZS1QdWVydG8tTW9udHQtMjAyNV8wMDQxX0RTQ181NjA2LmpwZyIsInNsaWRlc2hvdyI6IjIzMWMxMjcifQ%3D%3D\" href='https:\/\/ialeman.cl\/wp-content\/uploads\/2026\/01\/PAI-I-MEDIO-Instituto-Aleman-de-Puerto-Montt-2025_0041_DSC_5606.jpg'><img loading=\"lazy\" decoding=\"async\" width=\"1200\" height=\"801\" src=\"https:\/\/ialeman.cl\/wp-content\/uploads\/2026\/01\/PAI-I-MEDIO-Instituto-Aleman-de-Puerto-Montt-2025_0041_DSC_5606.jpg\" class=\"attachment-full size-full\" alt=\"\" srcset=\"https:\/\/ialeman.cl\/wp-content\/uploads\/2026\/01\/PAI-I-MEDIO-Instituto-Aleman-de-Puerto-Montt-2025_0041_DSC_5606.jpg 1200w, https:\/\/ialeman.cl\/wp-content\/uploads\/2026\/01\/PAI-I-MEDIO-Instituto-Aleman-de-Puerto-Montt-2025_0041_DSC_5606-300x200.jpg 300w, https:\/\/ialeman.cl\/wp-content\/uploads\/2026\/01\/PAI-I-MEDIO-Instituto-Aleman-de-Puerto-Montt-2025_0041_DSC_5606-1024x684.jpg 1024w, https:\/\/ialeman.cl\/wp-content\/uploads\/2026\/01\/PAI-I-MEDIO-Instituto-Aleman-de-Puerto-Montt-2025_0041_DSC_5606-768x513.jpg 768w\" sizes=\"(max-width: 1200px) 100vw, 1200px\" \/><\/a>\n\t\t\t<\/div><\/figure><figure class='gallery-item'>\n\t\t\t<div class='gallery-icon landscape'>\n\t\t\t\t<a data-elementor-open-lightbox=\"yes\" data-elementor-lightbox-slideshow=\"231c127\" data-elementor-lightbox-title=\"PAI I MEDIO Instituto Alem\u00e1n de Puerto Montt 2025_0042_DSC_5599\" data-e-action-hash=\"#elementor-action%3Aaction%3Dlightbox%26settings%3DeyJpZCI6NTMyNTgsInVybCI6Imh0dHBzOlwvXC9pYWxlbWFuLmNsXC93cC1jb250ZW50XC91cGxvYWRzXC8yMDI2XC8wMVwvUEFJLUktTUVESU8tSW5zdGl0dXRvLUFsZW1hbi1kZS1QdWVydG8tTW9udHQtMjAyNV8wMDQyX0RTQ181NTk5LmpwZyIsInNsaWRlc2hvdyI6IjIzMWMxMjcifQ%3D%3D\" href='https:\/\/ialeman.cl\/wp-content\/uploads\/2026\/01\/PAI-I-MEDIO-Instituto-Aleman-de-Puerto-Montt-2025_0042_DSC_5599.jpg'><img loading=\"lazy\" decoding=\"async\" width=\"1200\" height=\"801\" src=\"https:\/\/ialeman.cl\/wp-content\/uploads\/2026\/01\/PAI-I-MEDIO-Instituto-Aleman-de-Puerto-Montt-2025_0042_DSC_5599.jpg\" class=\"attachment-full size-full\" alt=\"\" srcset=\"https:\/\/ialeman.cl\/wp-content\/uploads\/2026\/01\/PAI-I-MEDIO-Instituto-Aleman-de-Puerto-Montt-2025_0042_DSC_5599.jpg 1200w, https:\/\/ialeman.cl\/wp-content\/uploads\/2026\/01\/PAI-I-MEDIO-Instituto-Aleman-de-Puerto-Montt-2025_0042_DSC_5599-300x200.jpg 300w, https:\/\/ialeman.cl\/wp-content\/uploads\/2026\/01\/PAI-I-MEDIO-Instituto-Aleman-de-Puerto-Montt-2025_0042_DSC_5599-1024x684.jpg 1024w, https:\/\/ialeman.cl\/wp-content\/uploads\/2026\/01\/PAI-I-MEDIO-Instituto-Aleman-de-Puerto-Montt-2025_0042_DSC_5599-768x513.jpg 768w\" sizes=\"(max-width: 1200px) 100vw, 1200px\" \/><\/a>\n\t\t\t<\/div><\/figure><figure class='gallery-item'>\n\t\t\t<div class='gallery-icon landscape'>\n\t\t\t\t<a data-elementor-open-lightbox=\"yes\" data-elementor-lightbox-slideshow=\"231c127\" data-elementor-lightbox-title=\"PAI I MEDIO Instituto Alem\u00e1n de Puerto Montt 2025_0043_DSC_5584\" data-e-action-hash=\"#elementor-action%3Aaction%3Dlightbox%26settings%3DeyJpZCI6NTMyNTksInVybCI6Imh0dHBzOlwvXC9pYWxlbWFuLmNsXC93cC1jb250ZW50XC91cGxvYWRzXC8yMDI2XC8wMVwvUEFJLUktTUVESU8tSW5zdGl0dXRvLUFsZW1hbi1kZS1QdWVydG8tTW9udHQtMjAyNV8wMDQzX0RTQ181NTg0LmpwZyIsInNsaWRlc2hvdyI6IjIzMWMxMjcifQ%3D%3D\" href='https:\/\/ialeman.cl\/wp-content\/uploads\/2026\/01\/PAI-I-MEDIO-Instituto-Aleman-de-Puerto-Montt-2025_0043_DSC_5584.jpg'><img loading=\"lazy\" decoding=\"async\" width=\"1200\" height=\"801\" src=\"https:\/\/ialeman.cl\/wp-content\/uploads\/2026\/01\/PAI-I-MEDIO-Instituto-Aleman-de-Puerto-Montt-2025_0043_DSC_5584.jpg\" class=\"attachment-full size-full\" alt=\"\" srcset=\"https:\/\/ialeman.cl\/wp-content\/uploads\/2026\/01\/PAI-I-MEDIO-Instituto-Aleman-de-Puerto-Montt-2025_0043_DSC_5584.jpg 1200w, https:\/\/ialeman.cl\/wp-content\/uploads\/2026\/01\/PAI-I-MEDIO-Instituto-Aleman-de-Puerto-Montt-2025_0043_DSC_5584-300x200.jpg 300w, https:\/\/ialeman.cl\/wp-content\/uploads\/2026\/01\/PAI-I-MEDIO-Instituto-Aleman-de-Puerto-Montt-2025_0043_DSC_5584-1024x684.jpg 1024w, https:\/\/ialeman.cl\/wp-content\/uploads\/2026\/01\/PAI-I-MEDIO-Instituto-Aleman-de-Puerto-Montt-2025_0043_DSC_5584-768x513.jpg 768w\" sizes=\"(max-width: 1200px) 100vw, 1200px\" \/><\/a>\n\t\t\t<\/div><\/figure><figure class='gallery-item'>\n\t\t\t<div class='gallery-icon landscape'>\n\t\t\t\t<a data-elementor-open-lightbox=\"yes\" data-elementor-lightbox-slideshow=\"231c127\" data-elementor-lightbox-title=\"PAI I MEDIO Instituto Alem\u00e1n de Puerto Montt 2025_0044_DSC_5610\" data-e-action-hash=\"#elementor-action%3Aaction%3Dlightbox%26settings%3DeyJpZCI6NTMyNjAsInVybCI6Imh0dHBzOlwvXC9pYWxlbWFuLmNsXC93cC1jb250ZW50XC91cGxvYWRzXC8yMDI2XC8wMVwvUEFJLUktTUVESU8tSW5zdGl0dXRvLUFsZW1hbi1kZS1QdWVydG8tTW9udHQtMjAyNV8wMDQ0X0RTQ181NjEwLmpwZyIsInNsaWRlc2hvdyI6IjIzMWMxMjcifQ%3D%3D\" href='https:\/\/ialeman.cl\/wp-content\/uploads\/2026\/01\/PAI-I-MEDIO-Instituto-Aleman-de-Puerto-Montt-2025_0044_DSC_5610.jpg'><img loading=\"lazy\" decoding=\"async\" width=\"1200\" height=\"801\" src=\"https:\/\/ialeman.cl\/wp-content\/uploads\/2026\/01\/PAI-I-MEDIO-Instituto-Aleman-de-Puerto-Montt-2025_0044_DSC_5610.jpg\" class=\"attachment-full size-full\" alt=\"\" srcset=\"https:\/\/ialeman.cl\/wp-content\/uploads\/2026\/01\/PAI-I-MEDIO-Instituto-Aleman-de-Puerto-Montt-2025_0044_DSC_5610.jpg 1200w, https:\/\/ialeman.cl\/wp-content\/uploads\/2026\/01\/PAI-I-MEDIO-Instituto-Aleman-de-Puerto-Montt-2025_0044_DSC_5610-300x200.jpg 300w, https:\/\/ialeman.cl\/wp-content\/uploads\/2026\/01\/PAI-I-MEDIO-Instituto-Aleman-de-Puerto-Montt-2025_0044_DSC_5610-1024x684.jpg 1024w, https:\/\/ialeman.cl\/wp-content\/uploads\/2026\/01\/PAI-I-MEDIO-Instituto-Aleman-de-Puerto-Montt-2025_0044_DSC_5610-768x513.jpg 768w\" sizes=\"(max-width: 1200px) 100vw, 1200px\" \/><\/a>\n\t\t\t<\/div><\/figure><figure class='gallery-item'>\n\t\t\t<div class='gallery-icon landscape'>\n\t\t\t\t<a data-elementor-open-lightbox=\"yes\" data-elementor-lightbox-slideshow=\"231c127\" data-elementor-lightbox-title=\"PAI I MEDIO Instituto Alem\u00e1n de Puerto Montt 2025_0045_DSC_5583\" data-e-action-hash=\"#elementor-action%3Aaction%3Dlightbox%26settings%3DeyJpZCI6NTMyNjEsInVybCI6Imh0dHBzOlwvXC9pYWxlbWFuLmNsXC93cC1jb250ZW50XC91cGxvYWRzXC8yMDI2XC8wMVwvUEFJLUktTUVESU8tSW5zdGl0dXRvLUFsZW1hbi1kZS1QdWVydG8tTW9udHQtMjAyNV8wMDQ1X0RTQ181NTgzLmpwZyIsInNsaWRlc2hvdyI6IjIzMWMxMjcifQ%3D%3D\" href='https:\/\/ialeman.cl\/wp-content\/uploads\/2026\/01\/PAI-I-MEDIO-Instituto-Aleman-de-Puerto-Montt-2025_0045_DSC_5583.jpg'><img loading=\"lazy\" decoding=\"async\" width=\"1200\" height=\"801\" src=\"https:\/\/ialeman.cl\/wp-content\/uploads\/2026\/01\/PAI-I-MEDIO-Instituto-Aleman-de-Puerto-Montt-2025_0045_DSC_5583.jpg\" class=\"attachment-full size-full\" alt=\"\" srcset=\"https:\/\/ialeman.cl\/wp-content\/uploads\/2026\/01\/PAI-I-MEDIO-Instituto-Aleman-de-Puerto-Montt-2025_0045_DSC_5583.jpg 1200w, https:\/\/ialeman.cl\/wp-content\/uploads\/2026\/01\/PAI-I-MEDIO-Instituto-Aleman-de-Puerto-Montt-2025_0045_DSC_5583-300x200.jpg 300w, https:\/\/ialeman.cl\/wp-content\/uploads\/2026\/01\/PAI-I-MEDIO-Instituto-Aleman-de-Puerto-Montt-2025_0045_DSC_5583-1024x684.jpg 1024w, https:\/\/ialeman.cl\/wp-content\/uploads\/2026\/01\/PAI-I-MEDIO-Instituto-Aleman-de-Puerto-Montt-2025_0045_DSC_5583-768x513.jpg 768w\" sizes=\"(max-width: 1200px) 100vw, 1200px\" \/><\/a>\n\t\t\t<\/div><\/figure><figure class='gallery-item'>\n\t\t\t<div class='gallery-icon landscape'>\n\t\t\t\t<a data-elementor-open-lightbox=\"yes\" data-elementor-lightbox-slideshow=\"231c127\" data-elementor-lightbox-title=\"PAI I MEDIO Instituto Alem\u00e1n de Puerto Montt 2025_0046_Niveles 5\" data-e-action-hash=\"#elementor-action%3Aaction%3Dlightbox%26settings%3DeyJpZCI6NTMyNjIsInVybCI6Imh0dHBzOlwvXC9pYWxlbWFuLmNsXC93cC1jb250ZW50XC91cGxvYWRzXC8yMDI2XC8wMVwvUEFJLUktTUVESU8tSW5zdGl0dXRvLUFsZW1hbi1kZS1QdWVydG8tTW9udHQtMjAyNV8wMDQ2X05pdmVsZXMtNS5qcGciLCJzbGlkZXNob3ciOiIyMzFjMTI3In0%3D\" href='https:\/\/ialeman.cl\/wp-content\/uploads\/2026\/01\/PAI-I-MEDIO-Instituto-Aleman-de-Puerto-Montt-2025_0046_Niveles-5.jpg'><img loading=\"lazy\" decoding=\"async\" width=\"1200\" height=\"801\" src=\"https:\/\/ialeman.cl\/wp-content\/uploads\/2026\/01\/PAI-I-MEDIO-Instituto-Aleman-de-Puerto-Montt-2025_0046_Niveles-5.jpg\" class=\"attachment-full size-full\" alt=\"\" srcset=\"https:\/\/ialeman.cl\/wp-content\/uploads\/2026\/01\/PAI-I-MEDIO-Instituto-Aleman-de-Puerto-Montt-2025_0046_Niveles-5.jpg 1200w, https:\/\/ialeman.cl\/wp-content\/uploads\/2026\/01\/PAI-I-MEDIO-Instituto-Aleman-de-Puerto-Montt-2025_0046_Niveles-5-300x200.jpg 300w, https:\/\/ialeman.cl\/wp-content\/uploads\/2026\/01\/PAI-I-MEDIO-Instituto-Aleman-de-Puerto-Montt-2025_0046_Niveles-5-1024x684.jpg 1024w, https:\/\/ialeman.cl\/wp-content\/uploads\/2026\/01\/PAI-I-MEDIO-Instituto-Aleman-de-Puerto-Montt-2025_0046_Niveles-5-768x513.jpg 768w\" sizes=\"(max-width: 1200px) 100vw, 1200px\" \/><\/a>\n\t\t\t<\/div><\/figure><figure class='gallery-item'>\n\t\t\t<div class='gallery-icon landscape'>\n\t\t\t\t<a data-elementor-open-lightbox=\"yes\" data-elementor-lightbox-slideshow=\"231c127\" data-elementor-lightbox-title=\"PAI I MEDIO Instituto Alem\u00e1n de Puerto Montt 2025_0047_DSC_5574\" data-e-action-hash=\"#elementor-action%3Aaction%3Dlightbox%26settings%3DeyJpZCI6NTMyNjMsInVybCI6Imh0dHBzOlwvXC9pYWxlbWFuLmNsXC93cC1jb250ZW50XC91cGxvYWRzXC8yMDI2XC8wMVwvUEFJLUktTUVESU8tSW5zdGl0dXRvLUFsZW1hbi1kZS1QdWVydG8tTW9udHQtMjAyNV8wMDQ3X0RTQ181NTc0LmpwZyIsInNsaWRlc2hvdyI6IjIzMWMxMjcifQ%3D%3D\" href='https:\/\/ialeman.cl\/wp-content\/uploads\/2026\/01\/PAI-I-MEDIO-Instituto-Aleman-de-Puerto-Montt-2025_0047_DSC_5574.jpg'><img loading=\"lazy\" decoding=\"async\" width=\"1200\" height=\"801\" src=\"https:\/\/ialeman.cl\/wp-content\/uploads\/2026\/01\/PAI-I-MEDIO-Instituto-Aleman-de-Puerto-Montt-2025_0047_DSC_5574.jpg\" class=\"attachment-full size-full\" alt=\"\" srcset=\"https:\/\/ialeman.cl\/wp-content\/uploads\/2026\/01\/PAI-I-MEDIO-Instituto-Aleman-de-Puerto-Montt-2025_0047_DSC_5574.jpg 1200w, https:\/\/ialeman.cl\/wp-content\/uploads\/2026\/01\/PAI-I-MEDIO-Instituto-Aleman-de-Puerto-Montt-2025_0047_DSC_5574-300x200.jpg 300w, https:\/\/ialeman.cl\/wp-content\/uploads\/2026\/01\/PAI-I-MEDIO-Instituto-Aleman-de-Puerto-Montt-2025_0047_DSC_5574-1024x684.jpg 1024w, https:\/\/ialeman.cl\/wp-content\/uploads\/2026\/01\/PAI-I-MEDIO-Instituto-Aleman-de-Puerto-Montt-2025_0047_DSC_5574-768x513.jpg 768w\" sizes=\"(max-width: 1200px) 100vw, 1200px\" \/><\/a>\n\t\t\t<\/div><\/figure><figure class='gallery-item'>\n\t\t\t<div class='gallery-icon landscape'>\n\t\t\t\t<a data-elementor-open-lightbox=\"yes\" data-elementor-lightbox-slideshow=\"231c127\" data-elementor-lightbox-title=\"PAI I MEDIO Instituto Alem\u00e1n de Puerto Montt 2025_0048_DSC_5572\" data-e-action-hash=\"#elementor-action%3Aaction%3Dlightbox%26settings%3DeyJpZCI6NTMyNjUsInVybCI6Imh0dHBzOlwvXC9pYWxlbWFuLmNsXC93cC1jb250ZW50XC91cGxvYWRzXC8yMDI2XC8wMVwvUEFJLUktTUVESU8tSW5zdGl0dXRvLUFsZW1hbi1kZS1QdWVydG8tTW9udHQtMjAyNV8wMDQ4X0RTQ181NTcyLmpwZyIsInNsaWRlc2hvdyI6IjIzMWMxMjcifQ%3D%3D\" href='https:\/\/ialeman.cl\/wp-content\/uploads\/2026\/01\/PAI-I-MEDIO-Instituto-Aleman-de-Puerto-Montt-2025_0048_DSC_5572.jpg'><img loading=\"lazy\" decoding=\"async\" width=\"1200\" height=\"801\" src=\"https:\/\/ialeman.cl\/wp-content\/uploads\/2026\/01\/PAI-I-MEDIO-Instituto-Aleman-de-Puerto-Montt-2025_0048_DSC_5572.jpg\" class=\"attachment-full size-full\" alt=\"\" srcset=\"https:\/\/ialeman.cl\/wp-content\/uploads\/2026\/01\/PAI-I-MEDIO-Instituto-Aleman-de-Puerto-Montt-2025_0048_DSC_5572.jpg 1200w, https:\/\/ialeman.cl\/wp-content\/uploads\/2026\/01\/PAI-I-MEDIO-Instituto-Aleman-de-Puerto-Montt-2025_0048_DSC_5572-300x200.jpg 300w, https:\/\/ialeman.cl\/wp-content\/uploads\/2026\/01\/PAI-I-MEDIO-Instituto-Aleman-de-Puerto-Montt-2025_0048_DSC_5572-1024x684.jpg 1024w, https:\/\/ialeman.cl\/wp-content\/uploads\/2026\/01\/PAI-I-MEDIO-Instituto-Aleman-de-Puerto-Montt-2025_0048_DSC_5572-768x513.jpg 768w\" sizes=\"(max-width: 1200px) 100vw, 1200px\" \/><\/a>\n\t\t\t<\/div><\/figure><figure class='gallery-item'>\n\t\t\t<div class='gallery-icon landscape'>\n\t\t\t\t<a data-elementor-open-lightbox=\"yes\" data-elementor-lightbox-slideshow=\"231c127\" data-elementor-lightbox-title=\"PAI I MEDIO Instituto Alem\u00e1n de Puerto Montt 2025_0049_DSC_5569\" data-e-action-hash=\"#elementor-action%3Aaction%3Dlightbox%26settings%3DeyJpZCI6NTMyNjYsInVybCI6Imh0dHBzOlwvXC9pYWxlbWFuLmNsXC93cC1jb250ZW50XC91cGxvYWRzXC8yMDI2XC8wMVwvUEFJLUktTUVESU8tSW5zdGl0dXRvLUFsZW1hbi1kZS1QdWVydG8tTW9udHQtMjAyNV8wMDQ5X0RTQ181NTY5LmpwZyIsInNsaWRlc2hvdyI6IjIzMWMxMjcifQ%3D%3D\" href='https:\/\/ialeman.cl\/wp-content\/uploads\/2026\/01\/PAI-I-MEDIO-Instituto-Aleman-de-Puerto-Montt-2025_0049_DSC_5569.jpg'><img loading=\"lazy\" decoding=\"async\" width=\"1200\" height=\"801\" src=\"https:\/\/ialeman.cl\/wp-content\/uploads\/2026\/01\/PAI-I-MEDIO-Instituto-Aleman-de-Puerto-Montt-2025_0049_DSC_5569.jpg\" class=\"attachment-full size-full\" alt=\"\" srcset=\"https:\/\/ialeman.cl\/wp-content\/uploads\/2026\/01\/PAI-I-MEDIO-Instituto-Aleman-de-Puerto-Montt-2025_0049_DSC_5569.jpg 1200w, https:\/\/ialeman.cl\/wp-content\/uploads\/2026\/01\/PAI-I-MEDIO-Instituto-Aleman-de-Puerto-Montt-2025_0049_DSC_5569-300x200.jpg 300w, https:\/\/ialeman.cl\/wp-content\/uploads\/2026\/01\/PAI-I-MEDIO-Instituto-Aleman-de-Puerto-Montt-2025_0049_DSC_5569-1024x684.jpg 1024w, https:\/\/ialeman.cl\/wp-content\/uploads\/2026\/01\/PAI-I-MEDIO-Instituto-Aleman-de-Puerto-Montt-2025_0049_DSC_5569-768x513.jpg 768w\" sizes=\"(max-width: 1200px) 100vw, 1200px\" \/><\/a>\n\t\t\t<\/div><\/figure><figure class='gallery-item'>\n\t\t\t<div class='gallery-icon landscape'>\n\t\t\t\t<a data-elementor-open-lightbox=\"yes\" data-elementor-lightbox-slideshow=\"231c127\" data-elementor-lightbox-title=\"PAI I MEDIO Instituto Alem\u00e1n de Puerto Montt 2025_0050_DSC_5568\" data-e-action-hash=\"#elementor-action%3Aaction%3Dlightbox%26settings%3DeyJpZCI6NTMyNjcsInVybCI6Imh0dHBzOlwvXC9pYWxlbWFuLmNsXC93cC1jb250ZW50XC91cGxvYWRzXC8yMDI2XC8wMVwvUEFJLUktTUVESU8tSW5zdGl0dXRvLUFsZW1hbi1kZS1QdWVydG8tTW9udHQtMjAyNV8wMDUwX0RTQ181NTY4LmpwZyIsInNsaWRlc2hvdyI6IjIzMWMxMjcifQ%3D%3D\" href='https:\/\/ialeman.cl\/wp-content\/uploads\/2026\/01\/PAI-I-MEDIO-Instituto-Aleman-de-Puerto-Montt-2025_0050_DSC_5568.jpg'><img loading=\"lazy\" decoding=\"async\" width=\"1200\" height=\"801\" src=\"https:\/\/ialeman.cl\/wp-content\/uploads\/2026\/01\/PAI-I-MEDIO-Instituto-Aleman-de-Puerto-Montt-2025_0050_DSC_5568.jpg\" class=\"attachment-full size-full\" alt=\"\" srcset=\"https:\/\/ialeman.cl\/wp-content\/uploads\/2026\/01\/PAI-I-MEDIO-Instituto-Aleman-de-Puerto-Montt-2025_0050_DSC_5568.jpg 1200w, https:\/\/ialeman.cl\/wp-content\/uploads\/2026\/01\/PAI-I-MEDIO-Instituto-Aleman-de-Puerto-Montt-2025_0050_DSC_5568-300x200.jpg 300w, https:\/\/ialeman.cl\/wp-content\/uploads\/2026\/01\/PAI-I-MEDIO-Instituto-Aleman-de-Puerto-Montt-2025_0050_DSC_5568-1024x684.jpg 1024w, https:\/\/ialeman.cl\/wp-content\/uploads\/2026\/01\/PAI-I-MEDIO-Instituto-Aleman-de-Puerto-Montt-2025_0050_DSC_5568-768x513.jpg 768w\" sizes=\"(max-width: 1200px) 100vw, 1200px\" \/><\/a>\n\t\t\t<\/div><\/figure><figure class='gallery-item'>\n\t\t\t<div class='gallery-icon landscape'>\n\t\t\t\t<a data-elementor-open-lightbox=\"yes\" data-elementor-lightbox-slideshow=\"231c127\" data-elementor-lightbox-title=\"PAI I MEDIO Instituto Alem\u00e1n de Puerto Montt 2025_0051_DSC_5567\" data-e-action-hash=\"#elementor-action%3Aaction%3Dlightbox%26settings%3DeyJpZCI6NTMyNjgsInVybCI6Imh0dHBzOlwvXC9pYWxlbWFuLmNsXC93cC1jb250ZW50XC91cGxvYWRzXC8yMDI2XC8wMVwvUEFJLUktTUVESU8tSW5zdGl0dXRvLUFsZW1hbi1kZS1QdWVydG8tTW9udHQtMjAyNV8wMDUxX0RTQ181NTY3LmpwZyIsInNsaWRlc2hvdyI6IjIzMWMxMjcifQ%3D%3D\" href='https:\/\/ialeman.cl\/wp-content\/uploads\/2026\/01\/PAI-I-MEDIO-Instituto-Aleman-de-Puerto-Montt-2025_0051_DSC_5567.jpg'><img loading=\"lazy\" decoding=\"async\" width=\"1200\" height=\"801\" src=\"https:\/\/ialeman.cl\/wp-content\/uploads\/2026\/01\/PAI-I-MEDIO-Instituto-Aleman-de-Puerto-Montt-2025_0051_DSC_5567.jpg\" class=\"attachment-full size-full\" alt=\"\" srcset=\"https:\/\/ialeman.cl\/wp-content\/uploads\/2026\/01\/PAI-I-MEDIO-Instituto-Aleman-de-Puerto-Montt-2025_0051_DSC_5567.jpg 1200w, https:\/\/ialeman.cl\/wp-content\/uploads\/2026\/01\/PAI-I-MEDIO-Instituto-Aleman-de-Puerto-Montt-2025_0051_DSC_5567-300x200.jpg 300w, https:\/\/ialeman.cl\/wp-content\/uploads\/2026\/01\/PAI-I-MEDIO-Instituto-Aleman-de-Puerto-Montt-2025_0051_DSC_5567-1024x684.jpg 1024w, https:\/\/ialeman.cl\/wp-content\/uploads\/2026\/01\/PAI-I-MEDIO-Instituto-Aleman-de-Puerto-Montt-2025_0051_DSC_5567-768x513.jpg 768w\" sizes=\"(max-width: 1200px) 100vw, 1200px\" \/><\/a>\n\t\t\t<\/div><\/figure>\n\t\t<\/div>\n\t\t<\/div>\n\t\t\t\t\t\t<\/div>\n\t\t\t\t<\/div>\n\t\t\t\t\t<\/div>\n\t\t<\/div>\n\t\t\t\t\t<\/div>\n\t\t<\/section>\n\t\t\t\t<\/div>\n\t\t","protected":false},"excerpt":{"rendered":"<p>Expo PAI 2025: estudiantes de I Medio presentan sus Proyectos Personales El Instituto Alem\u00e1n de Puerto Montt realiz\u00f3 la Expo PAI 2025, instancia en la que los estudiantes de I Medio presentaron sus Proyectos Personales del Programa de los A\u00f1os Intermedios (PAI) del Bachillerato Internacional (IB). La actividad permiti\u00f3 a la comunidad educativa conocer el [&hellip;]<\/p>\n","protected":false},"author":6,"featured_media":53208,"comment_status":"closed","ping_status":"","sticky":false,"template":"","format":"standard","meta":{"site-sidebar-layout":"default","site-content-layout":"","ast-site-content-layout":"default","site-content-style":"default","site-sidebar-style":"default","ast-global-header-display":"","ast-banner-title-visibility":"","ast-main-header-display":"","ast-hfb-above-header-display":"","ast-hfb-below-header-display":"","ast-hfb-mobile-header-display":"","site-post-title":"","ast-breadcrumbs-content":"","ast-featured-img":"disabled","footer-sml-layout":"","ast-disable-related-posts":"","theme-transparent-header-meta":"","adv-header-id-meta":"","stick-header-meta":"","header-above-stick-meta":"","header-main-stick-meta":"","header-below-stick-meta":"","astra-migrate-meta-layouts":"set","ast-page-background-enabled":"default","ast-page-background-meta":{"desktop":{"background-color":"var(--ast-global-color-4)","background-image":"","background-repeat":"repeat","background-position":"center center","background-size":"auto","background-attachment":"scroll","background-type":"","background-media":"","overlay-type":"","overlay-color":"","overlay-opacity":"","overlay-gradient":""},"tablet":{"background-color":"","background-image":"","background-repeat":"repeat","background-position":"center center","background-size":"auto","background-attachment":"scroll","background-type":"","background-media":"","overlay-type":"","overlay-color":"","overlay-opacity":"","overlay-gradient":""},"mobile":{"background-color":"","background-image":"","background-repeat":"repeat","background-position":"center center","background-size":"auto","background-attachment":"scroll","background-type":"","background-media":"","overlay-type":"","overlay-color":"","overlay-opacity":"","overlay-gradient":""}},"ast-content-background-meta":{"desktop":{"background-color":"var(--ast-global-color-5)","background-image":"","background-repeat":"repeat","background-position":"center center","background-size":"auto","background-attachment":"scroll","background-type":"","background-media":"","overlay-type":"","overlay-color":"","overlay-opacity":"","overlay-gradient":""},"tablet":{"background-color":"var(--ast-global-color-5)","background-image":"","background-repeat":"repeat","background-position":"center center","background-size":"auto","background-attachment":"scroll","background-type":"","background-media":"","overlay-type":"","overlay-color":"","overlay-opacity":"","overlay-gradient":""},"mobile":{"background-color":"var(--ast-global-color-5)","background-image":"","background-repeat":"repeat","background-position":"center center","background-size":"auto","background-attachment":"scroll","background-type":"","background-media":"","overlay-type":"","overlay-color":"","overlay-opacity":"","overlay-gradient":""}},"advanced_seo_description":"","jetpack_seo_html_title":"","jetpack_seo_noindex":false,"jetpack_seo_schema_type":"","_jetpack_newsletter_access":"","_jetpack_dont_email_post_to_subs":false,"_jetpack_newsletter_tier_id":0,"_jetpack_memberships_contains_paywalled_content":false,"_wpcom_ai_launchpad_first_post":false,"_jetpack_feature_clip_id":0,"_jetpack_memberships_contains_paid_content":false,"footnotes":"","jetpack_post_was_ever_published":false},"categories":[10],"tags":[],"class_list":["post-53207","post","type-post","status-publish","format-standard","has-post-thumbnail","hentry","category-noticias"],"jetpack_shortlink":"https:\/\/wp.me\/ph8I5c-dQb","jetpack_sharing_enabled":true,"jetpack_featured_media_url":"https:\/\/ialeman.cl\/wp-content\/uploads\/2026\/01\/PAI-I-MEDIO-Instituto-Aleman-de-Puerto-Montt-2025_0033_DSC_5628.jpg","_links":{"self":[{"href":"https:\/\/ialeman.cl\/index.php\/wp-json\/wp\/v2\/posts\/53207","targetHints":{"allow":["GET"]}}],"collection":[{"href":"https:\/\/ialeman.cl\/index.php\/wp-json\/wp\/v2\/posts"}],"about":[{"href":"https:\/\/ialeman.cl\/index.php\/wp-json\/wp\/v2\/types\/post"}],"author":[{"embeddable":true,"href":"https:\/\/ialeman.cl\/index.php\/wp-json\/wp\/v2\/users\/6"}],"replies":[{"embeddable":true,"href":"https:\/\/ialeman.cl\/index.php\/wp-json\/wp\/v2\/comments?post=53207"}],"version-history":[{"count":17,"href":"https:\/\/ialeman.cl\/index.php\/wp-json\/wp\/v2\/posts\/53207\/revisions"}],"predecessor-version":[{"id":53279,"href":"https:\/\/ialeman.cl\/index.php\/wp-json\/wp\/v2\/posts\/53207\/revisions\/53279"}],"wp:featuredmedia":[{"embeddable":true,"href":"https:\/\/ialeman.cl\/index.php\/wp-json\/wp\/v2\/media\/53208"}],"wp:attachment":[{"href":"https:\/\/ialeman.cl\/index.php\/wp-json\/wp\/v2\/media?parent=53207"}],"wp:term":[{"taxonomy":"category","embeddable":true,"href":"https:\/\/ialeman.cl\/index.php\/wp-json\/wp\/v2\/categories?post=53207"},{"taxonomy":"post_tag","embeddable":true,"href":"https:\/\/ialeman.cl\/index.php\/wp-json\/wp\/v2\/tags?post=53207"}],"curies":[{"name":"wp","href":"https:\/\/api.w.org\/{rel}","templated":true}]}}