{"id":52611,"date":"2025-12-10T14:11:35","date_gmt":"2025-12-10T18:11:35","guid":{"rendered":"https:\/\/ialeman.cl\/?p=52611"},"modified":"2025-12-10T14:19:08","modified_gmt":"2025-12-10T18:19:08","slug":"ya-se-leer-2025","status":"publish","type":"post","link":"https:\/\/ialeman.cl\/index.php\/ya-se-leer-2025\/","title":{"rendered":"Ya s\u00e9 Leer 2025"},"content":{"rendered":"\t\t<div data-elementor-type=\"wp-post\" data-elementor-id=\"52611\" class=\"elementor elementor-52611\">\n\t\t\t\t\t\t<section class=\"elementor-section elementor-top-section elementor-element elementor-element-c7f020c elementor-section-boxed elementor-section-height-default elementor-section-height-default\" data-id=\"c7f020c\" data-element_type=\"section\" data-e-type=\"section\">\n\t\t\t\t\t\t<div class=\"elementor-container elementor-column-gap-default\">\n\t\t\t\t\t<div class=\"elementor-column elementor-col-100 elementor-top-column elementor-element elementor-element-49389b5\" data-id=\"49389b5\" data-element_type=\"column\" data-e-type=\"column\">\n\t\t\t<div class=\"elementor-widget-wrap elementor-element-populated\">\n\t\t\t\t\t\t<div class=\"elementor-element elementor-element-cf72377 elementor-widget elementor-widget-heading\" data-id=\"cf72377\" data-element_type=\"widget\" data-e-type=\"widget\" data-widget_type=\"heading.default\">\n\t\t\t\t<div class=\"elementor-widget-container\">\n\t\t\t\t\t<h2 class=\"elementor-heading-title elementor-size-default\">Estudiantes de 1\u00ba B\u00e1sico celebran la ceremonia Ya S\u00e9 Leer 2025\n<\/h2>\t\t\t\t<\/div>\n\t\t\t\t<\/div>\n\t\t\t\t\t<\/div>\n\t\t<\/div>\n\t\t\t\t\t<\/div>\n\t\t<\/section>\n\t\t\t\t<section class=\"elementor-section elementor-top-section elementor-element elementor-element-4c030a0 elementor-section-boxed elementor-section-height-default elementor-section-height-default\" data-id=\"4c030a0\" data-element_type=\"section\" data-e-type=\"section\">\n\t\t\t\t\t\t<div class=\"elementor-container elementor-column-gap-default\">\n\t\t\t\t\t<div class=\"elementor-column elementor-col-100 elementor-top-column elementor-element elementor-element-5efe1f9\" data-id=\"5efe1f9\" data-element_type=\"column\" data-e-type=\"column\">\n\t\t\t<div class=\"elementor-widget-wrap elementor-element-populated\">\n\t\t\t\t\t\t<div class=\"elementor-element elementor-element-a1f63e4 elementor-widget elementor-widget-heading\" data-id=\"a1f63e4\" data-element_type=\"widget\" data-e-type=\"widget\" data-widget_type=\"heading.default\">\n\t\t\t\t<div class=\"elementor-widget-container\">\n\t\t\t\t\t<h2 class=\"elementor-heading-title elementor-size-default\">El Instituto Alem\u00e1n de Puerto Montt realiz\u00f3 la tradicional ceremonia Ya S\u00e9 Leer 2025, un hito acad\u00e9mico que reuni\u00f3 a los estudiantes de 1\u00ba b\u00e1sico A, B y C junto a sus familias. La actividad, desarrollada en el auditorio del colegio, destac\u00f3 el importante avance que significa para los ni\u00f1os incorporarse plenamente al mundo de la lectura y la escritura.<br><br>\n\nEn la jornada, se destac\u00f3 que aprender a leer facilita el acceso al conocimiento, promueve la curiosidad, la imaginaci\u00f3n y el pensamiento cr\u00edtico, competencias esenciales para su trayectoria escolar.<br><br>\n\nDurante el evento, los alumnos presentaron un cuento en alem\u00e1n y en espa\u00f1ol, adem\u00e1s de interpretar canciones preparadas junto a sus profesoras. Cada estudiante recibi\u00f3 un diploma que certifica este logro, marcando un momento significativo en su formaci\u00f3n en el Primer Ciclo.<br><br>\n\nEl Instituto Alem\u00e1n de Puerto Montt felicita a los estudiantes por este paso fundamental, que abre nuevas oportunidades para desarrollar su autonom\u00eda, creatividad y comprensi\u00f3n del entorno.\n<\/h2>\t\t\t\t<\/div>\n\t\t\t\t<\/div>\n\t\t\t\t\t<\/div>\n\t\t<\/div>\n\t\t\t\t\t<\/div>\n\t\t<\/section>\n\t\t\t\t<section class=\"elementor-section elementor-top-section elementor-element elementor-element-2b23949 elementor-section-boxed elementor-section-height-default elementor-section-height-default\" data-id=\"2b23949\" data-element_type=\"section\" data-e-type=\"section\">\n\t\t\t\t\t\t<div class=\"elementor-container elementor-column-gap-default\">\n\t\t\t\t\t<div class=\"elementor-column elementor-col-100 elementor-top-column elementor-element elementor-element-44bbaf0\" data-id=\"44bbaf0\" data-element_type=\"column\" data-e-type=\"column\">\n\t\t\t<div class=\"elementor-widget-wrap elementor-element-populated\">\n\t\t\t\t\t\t<div class=\"elementor-element elementor-element-4ee8941 gallery-spacing-custom elementor-widget elementor-widget-image-gallery\" data-id=\"4ee8941\" data-element_type=\"widget\" data-e-type=\"widget\" data-widget_type=\"image-gallery.default\">\n\t\t\t\t<div class=\"elementor-widget-container\">\n\t\t\t\t\t\t\t<div class=\"elementor-image-gallery\">\n\t\t\t<div id='gallery-1' class='gallery galleryid-52611 gallery-columns-2 gallery-size-full'><figure class='gallery-item'>\n\t\t\t<div class='gallery-icon landscape'>\n\t\t\t\t<a data-elementor-open-lightbox=\"yes\" data-elementor-lightbox-slideshow=\"4ee8941\" data-elementor-lightbox-title=\"Ya s\u00e9 Leer 2025 Instituto Alem\u00e1n de Puerto Montt_0000_DSC_5309\" data-e-action-hash=\"#elementor-action%3Aaction%3Dlightbox%26settings%3DeyJpZCI6NTI2MTcsInVybCI6Imh0dHBzOlwvXC9pYWxlbWFuLmNsXC93cC1jb250ZW50XC91cGxvYWRzXC8yMDI1XC8xMlwvWWEtc2UtTGVlci0yMDI1LUluc3RpdHV0by1BbGVtYW4tZGUtUHVlcnRvLU1vbnR0XzAwMDBfRFNDXzUzMDkuanBnIiwic2xpZGVzaG93IjoiNGVlODk0MSJ9\" href='https:\/\/ialeman.cl\/wp-content\/uploads\/2025\/12\/Ya-se-Leer-2025-Instituto-Aleman-de-Puerto-Montt_0000_DSC_5309.jpg'><img fetchpriority=\"high\" decoding=\"async\" width=\"1200\" height=\"801\" src=\"https:\/\/ialeman.cl\/wp-content\/uploads\/2025\/12\/Ya-se-Leer-2025-Instituto-Aleman-de-Puerto-Montt_0000_DSC_5309.jpg\" class=\"attachment-full size-full\" alt=\"\" srcset=\"https:\/\/ialeman.cl\/wp-content\/uploads\/2025\/12\/Ya-se-Leer-2025-Instituto-Aleman-de-Puerto-Montt_0000_DSC_5309.jpg 1200w, https:\/\/ialeman.cl\/wp-content\/uploads\/2025\/12\/Ya-se-Leer-2025-Instituto-Aleman-de-Puerto-Montt_0000_DSC_5309-300x200.jpg 300w, https:\/\/ialeman.cl\/wp-content\/uploads\/2025\/12\/Ya-se-Leer-2025-Instituto-Aleman-de-Puerto-Montt_0000_DSC_5309-1024x684.jpg 1024w, https:\/\/ialeman.cl\/wp-content\/uploads\/2025\/12\/Ya-se-Leer-2025-Instituto-Aleman-de-Puerto-Montt_0000_DSC_5309-768x513.jpg 768w\" sizes=\"(max-width: 1200px) 100vw, 1200px\" \/><\/a>\n\t\t\t<\/div><\/figure><figure class='gallery-item'>\n\t\t\t<div class='gallery-icon landscape'>\n\t\t\t\t<a data-elementor-open-lightbox=\"yes\" data-elementor-lightbox-slideshow=\"4ee8941\" data-elementor-lightbox-title=\"Ya s\u00e9 Leer 2025 Instituto Alem\u00e1n de Puerto Montt_0001_DSC_5299\" data-e-action-hash=\"#elementor-action%3Aaction%3Dlightbox%26settings%3DeyJpZCI6NTI2MTgsInVybCI6Imh0dHBzOlwvXC9pYWxlbWFuLmNsXC93cC1jb250ZW50XC91cGxvYWRzXC8yMDI1XC8xMlwvWWEtc2UtTGVlci0yMDI1LUluc3RpdHV0by1BbGVtYW4tZGUtUHVlcnRvLU1vbnR0XzAwMDFfRFNDXzUyOTkuanBnIiwic2xpZGVzaG93IjoiNGVlODk0MSJ9\" href='https:\/\/ialeman.cl\/wp-content\/uploads\/2025\/12\/Ya-se-Leer-2025-Instituto-Aleman-de-Puerto-Montt_0001_DSC_5299.jpg'><img decoding=\"async\" width=\"1200\" height=\"801\" src=\"https:\/\/ialeman.cl\/wp-content\/uploads\/2025\/12\/Ya-se-Leer-2025-Instituto-Aleman-de-Puerto-Montt_0001_DSC_5299.jpg\" class=\"attachment-full size-full\" alt=\"\" srcset=\"https:\/\/ialeman.cl\/wp-content\/uploads\/2025\/12\/Ya-se-Leer-2025-Instituto-Aleman-de-Puerto-Montt_0001_DSC_5299.jpg 1200w, https:\/\/ialeman.cl\/wp-content\/uploads\/2025\/12\/Ya-se-Leer-2025-Instituto-Aleman-de-Puerto-Montt_0001_DSC_5299-300x200.jpg 300w, https:\/\/ialeman.cl\/wp-content\/uploads\/2025\/12\/Ya-se-Leer-2025-Instituto-Aleman-de-Puerto-Montt_0001_DSC_5299-1024x684.jpg 1024w, https:\/\/ialeman.cl\/wp-content\/uploads\/2025\/12\/Ya-se-Leer-2025-Instituto-Aleman-de-Puerto-Montt_0001_DSC_5299-768x513.jpg 768w\" sizes=\"(max-width: 1200px) 100vw, 1200px\" \/><\/a>\n\t\t\t<\/div><\/figure><figure class='gallery-item'>\n\t\t\t<div class='gallery-icon landscape'>\n\t\t\t\t<a data-elementor-open-lightbox=\"yes\" data-elementor-lightbox-slideshow=\"4ee8941\" data-elementor-lightbox-title=\"Ya s\u00e9 Leer 2025 Instituto Alem\u00e1n de Puerto Montt_0002_Niveles 1\" data-e-action-hash=\"#elementor-action%3Aaction%3Dlightbox%26settings%3DeyJpZCI6NTI2MTksInVybCI6Imh0dHBzOlwvXC9pYWxlbWFuLmNsXC93cC1jb250ZW50XC91cGxvYWRzXC8yMDI1XC8xMlwvWWEtc2UtTGVlci0yMDI1LUluc3RpdHV0by1BbGVtYW4tZGUtUHVlcnRvLU1vbnR0XzAwMDJfTml2ZWxlcy0xLmpwZyIsInNsaWRlc2hvdyI6IjRlZTg5NDEifQ%3D%3D\" href='https:\/\/ialeman.cl\/wp-content\/uploads\/2025\/12\/Ya-se-Leer-2025-Instituto-Aleman-de-Puerto-Montt_0002_Niveles-1.jpg'><img decoding=\"async\" width=\"1200\" height=\"801\" src=\"https:\/\/ialeman.cl\/wp-content\/uploads\/2025\/12\/Ya-se-Leer-2025-Instituto-Aleman-de-Puerto-Montt_0002_Niveles-1.jpg\" class=\"attachment-full size-full\" alt=\"\" srcset=\"https:\/\/ialeman.cl\/wp-content\/uploads\/2025\/12\/Ya-se-Leer-2025-Instituto-Aleman-de-Puerto-Montt_0002_Niveles-1.jpg 1200w, https:\/\/ialeman.cl\/wp-content\/uploads\/2025\/12\/Ya-se-Leer-2025-Instituto-Aleman-de-Puerto-Montt_0002_Niveles-1-300x200.jpg 300w, https:\/\/ialeman.cl\/wp-content\/uploads\/2025\/12\/Ya-se-Leer-2025-Instituto-Aleman-de-Puerto-Montt_0002_Niveles-1-1024x684.jpg 1024w, https:\/\/ialeman.cl\/wp-content\/uploads\/2025\/12\/Ya-se-Leer-2025-Instituto-Aleman-de-Puerto-Montt_0002_Niveles-1-768x513.jpg 768w\" sizes=\"(max-width: 1200px) 100vw, 1200px\" \/><\/a>\n\t\t\t<\/div><\/figure><figure class='gallery-item'>\n\t\t\t<div class='gallery-icon landscape'>\n\t\t\t\t<a data-elementor-open-lightbox=\"yes\" data-elementor-lightbox-slideshow=\"4ee8941\" data-elementor-lightbox-title=\"Ya s\u00e9 Leer 2025 Instituto Alem\u00e1n de Puerto Montt_0068_Niveles 13\" data-e-action-hash=\"#elementor-action%3Aaction%3Dlightbox%26settings%3DeyJpZCI6NTI2ODYsInVybCI6Imh0dHBzOlwvXC9pYWxlbWFuLmNsXC93cC1jb250ZW50XC91cGxvYWRzXC8yMDI1XC8xMlwvWWEtc2UtTGVlci0yMDI1LUluc3RpdHV0by1BbGVtYW4tZGUtUHVlcnRvLU1vbnR0XzAwNjhfTml2ZWxlcy0xMy5qcGciLCJzbGlkZXNob3ciOiI0ZWU4OTQxIn0%3D\" href='https:\/\/ialeman.cl\/wp-content\/uploads\/2025\/12\/Ya-se-Leer-2025-Instituto-Aleman-de-Puerto-Montt_0068_Niveles-13.jpg'><img loading=\"lazy\" decoding=\"async\" width=\"1200\" height=\"801\" src=\"https:\/\/ialeman.cl\/wp-content\/uploads\/2025\/12\/Ya-se-Leer-2025-Instituto-Aleman-de-Puerto-Montt_0068_Niveles-13.jpg\" class=\"attachment-full size-full\" alt=\"\" srcset=\"https:\/\/ialeman.cl\/wp-content\/uploads\/2025\/12\/Ya-se-Leer-2025-Instituto-Aleman-de-Puerto-Montt_0068_Niveles-13.jpg 1200w, https:\/\/ialeman.cl\/wp-content\/uploads\/2025\/12\/Ya-se-Leer-2025-Instituto-Aleman-de-Puerto-Montt_0068_Niveles-13-300x200.jpg 300w, https:\/\/ialeman.cl\/wp-content\/uploads\/2025\/12\/Ya-se-Leer-2025-Instituto-Aleman-de-Puerto-Montt_0068_Niveles-13-1024x684.jpg 1024w, https:\/\/ialeman.cl\/wp-content\/uploads\/2025\/12\/Ya-se-Leer-2025-Instituto-Aleman-de-Puerto-Montt_0068_Niveles-13-768x513.jpg 768w\" sizes=\"(max-width: 1200px) 100vw, 1200px\" \/><\/a>\n\t\t\t<\/div><\/figure><figure class='gallery-item'>\n\t\t\t<div class='gallery-icon landscape'>\n\t\t\t\t<a data-elementor-open-lightbox=\"yes\" data-elementor-lightbox-slideshow=\"4ee8941\" data-elementor-lightbox-title=\"Ya s\u00e9 Leer 2025 Instituto Alem\u00e1n de Puerto Montt_0088_Niveles 13\" data-e-action-hash=\"#elementor-action%3Aaction%3Dlightbox%26settings%3DeyJpZCI6NTI3MDYsInVybCI6Imh0dHBzOlwvXC9pYWxlbWFuLmNsXC93cC1jb250ZW50XC91cGxvYWRzXC8yMDI1XC8xMlwvWWEtc2UtTGVlci0yMDI1LUluc3RpdHV0by1BbGVtYW4tZGUtUHVlcnRvLU1vbnR0XzAwODhfTml2ZWxlcy0xMy5qcGciLCJzbGlkZXNob3ciOiI0ZWU4OTQxIn0%3D\" href='https:\/\/ialeman.cl\/wp-content\/uploads\/2025\/12\/Ya-se-Leer-2025-Instituto-Aleman-de-Puerto-Montt_0088_Niveles-13.jpg'><img loading=\"lazy\" decoding=\"async\" width=\"1200\" height=\"801\" src=\"https:\/\/ialeman.cl\/wp-content\/uploads\/2025\/12\/Ya-se-Leer-2025-Instituto-Aleman-de-Puerto-Montt_0088_Niveles-13.jpg\" class=\"attachment-full size-full\" alt=\"\" srcset=\"https:\/\/ialeman.cl\/wp-content\/uploads\/2025\/12\/Ya-se-Leer-2025-Instituto-Aleman-de-Puerto-Montt_0088_Niveles-13.jpg 1200w, https:\/\/ialeman.cl\/wp-content\/uploads\/2025\/12\/Ya-se-Leer-2025-Instituto-Aleman-de-Puerto-Montt_0088_Niveles-13-300x200.jpg 300w, https:\/\/ialeman.cl\/wp-content\/uploads\/2025\/12\/Ya-se-Leer-2025-Instituto-Aleman-de-Puerto-Montt_0088_Niveles-13-1024x684.jpg 1024w, https:\/\/ialeman.cl\/wp-content\/uploads\/2025\/12\/Ya-se-Leer-2025-Instituto-Aleman-de-Puerto-Montt_0088_Niveles-13-768x513.jpg 768w\" sizes=\"(max-width: 1200px) 100vw, 1200px\" \/><\/a>\n\t\t\t<\/div><\/figure><figure class='gallery-item'>\n\t\t\t<div class='gallery-icon landscape'>\n\t\t\t\t<a data-elementor-open-lightbox=\"yes\" data-elementor-lightbox-slideshow=\"4ee8941\" data-elementor-lightbox-title=\"Ya s\u00e9 Leer 2025 Instituto Alem\u00e1n de Puerto Montt_0019_Niveles 6 copia 2\" data-e-action-hash=\"#elementor-action%3Aaction%3Dlightbox%26settings%3DeyJpZCI6NTI2MzYsInVybCI6Imh0dHBzOlwvXC9pYWxlbWFuLmNsXC93cC1jb250ZW50XC91cGxvYWRzXC8yMDI1XC8xMlwvWWEtc2UtTGVlci0yMDI1LUluc3RpdHV0by1BbGVtYW4tZGUtUHVlcnRvLU1vbnR0XzAwMTlfTml2ZWxlcy02LWNvcGlhLTIuanBnIiwic2xpZGVzaG93IjoiNGVlODk0MSJ9\" href='https:\/\/ialeman.cl\/wp-content\/uploads\/2025\/12\/Ya-se-Leer-2025-Instituto-Aleman-de-Puerto-Montt_0019_Niveles-6-copia-2.jpg'><img loading=\"lazy\" decoding=\"async\" width=\"1200\" height=\"801\" src=\"https:\/\/ialeman.cl\/wp-content\/uploads\/2025\/12\/Ya-se-Leer-2025-Instituto-Aleman-de-Puerto-Montt_0019_Niveles-6-copia-2.jpg\" class=\"attachment-full size-full\" alt=\"\" srcset=\"https:\/\/ialeman.cl\/wp-content\/uploads\/2025\/12\/Ya-se-Leer-2025-Instituto-Aleman-de-Puerto-Montt_0019_Niveles-6-copia-2.jpg 1200w, https:\/\/ialeman.cl\/wp-content\/uploads\/2025\/12\/Ya-se-Leer-2025-Instituto-Aleman-de-Puerto-Montt_0019_Niveles-6-copia-2-300x200.jpg 300w, https:\/\/ialeman.cl\/wp-content\/uploads\/2025\/12\/Ya-se-Leer-2025-Instituto-Aleman-de-Puerto-Montt_0019_Niveles-6-copia-2-1024x684.jpg 1024w, https:\/\/ialeman.cl\/wp-content\/uploads\/2025\/12\/Ya-se-Leer-2025-Instituto-Aleman-de-Puerto-Montt_0019_Niveles-6-copia-2-768x513.jpg 768w\" sizes=\"(max-width: 1200px) 100vw, 1200px\" \/><\/a>\n\t\t\t<\/div><\/figure><figure class='gallery-item'>\n\t\t\t<div class='gallery-icon landscape'>\n\t\t\t\t<a data-elementor-open-lightbox=\"yes\" data-elementor-lightbox-slideshow=\"4ee8941\" data-elementor-lightbox-title=\"Ya s\u00e9 Leer 2025 Instituto Alem\u00e1n de Puerto Montt_0013_Niveles 5 copia 3\" data-e-action-hash=\"#elementor-action%3Aaction%3Dlightbox%26settings%3DeyJpZCI6NTI2MzAsInVybCI6Imh0dHBzOlwvXC9pYWxlbWFuLmNsXC93cC1jb250ZW50XC91cGxvYWRzXC8yMDI1XC8xMlwvWWEtc2UtTGVlci0yMDI1LUluc3RpdHV0by1BbGVtYW4tZGUtUHVlcnRvLU1vbnR0XzAwMTNfTml2ZWxlcy01LWNvcGlhLTMuanBnIiwic2xpZGVzaG93IjoiNGVlODk0MSJ9\" href='https:\/\/ialeman.cl\/wp-content\/uploads\/2025\/12\/Ya-se-Leer-2025-Instituto-Aleman-de-Puerto-Montt_0013_Niveles-5-copia-3.jpg'><img loading=\"lazy\" decoding=\"async\" width=\"1200\" height=\"801\" src=\"https:\/\/ialeman.cl\/wp-content\/uploads\/2025\/12\/Ya-se-Leer-2025-Instituto-Aleman-de-Puerto-Montt_0013_Niveles-5-copia-3.jpg\" class=\"attachment-full size-full\" alt=\"\" srcset=\"https:\/\/ialeman.cl\/wp-content\/uploads\/2025\/12\/Ya-se-Leer-2025-Instituto-Aleman-de-Puerto-Montt_0013_Niveles-5-copia-3.jpg 1200w, https:\/\/ialeman.cl\/wp-content\/uploads\/2025\/12\/Ya-se-Leer-2025-Instituto-Aleman-de-Puerto-Montt_0013_Niveles-5-copia-3-300x200.jpg 300w, https:\/\/ialeman.cl\/wp-content\/uploads\/2025\/12\/Ya-se-Leer-2025-Instituto-Aleman-de-Puerto-Montt_0013_Niveles-5-copia-3-1024x684.jpg 1024w, https:\/\/ialeman.cl\/wp-content\/uploads\/2025\/12\/Ya-se-Leer-2025-Instituto-Aleman-de-Puerto-Montt_0013_Niveles-5-copia-3-768x513.jpg 768w\" sizes=\"(max-width: 1200px) 100vw, 1200px\" \/><\/a>\n\t\t\t<\/div><\/figure><figure class='gallery-item'>\n\t\t\t<div class='gallery-icon landscape'>\n\t\t\t\t<a data-elementor-open-lightbox=\"yes\" data-elementor-lightbox-slideshow=\"4ee8941\" data-elementor-lightbox-title=\"Ya s\u00e9 Leer 2025 Instituto Alem\u00e1n de Puerto Montt_0045_DSC_4680\" data-e-action-hash=\"#elementor-action%3Aaction%3Dlightbox%26settings%3DeyJpZCI6NTI2NjIsInVybCI6Imh0dHBzOlwvXC9pYWxlbWFuLmNsXC93cC1jb250ZW50XC91cGxvYWRzXC8yMDI1XC8xMlwvWWEtc2UtTGVlci0yMDI1LUluc3RpdHV0by1BbGVtYW4tZGUtUHVlcnRvLU1vbnR0XzAwNDVfRFNDXzQ2ODAuanBnIiwic2xpZGVzaG93IjoiNGVlODk0MSJ9\" href='https:\/\/ialeman.cl\/wp-content\/uploads\/2025\/12\/Ya-se-Leer-2025-Instituto-Aleman-de-Puerto-Montt_0045_DSC_4680.jpg'><img loading=\"lazy\" decoding=\"async\" width=\"1200\" height=\"801\" src=\"https:\/\/ialeman.cl\/wp-content\/uploads\/2025\/12\/Ya-se-Leer-2025-Instituto-Aleman-de-Puerto-Montt_0045_DSC_4680.jpg\" class=\"attachment-full size-full\" alt=\"\" srcset=\"https:\/\/ialeman.cl\/wp-content\/uploads\/2025\/12\/Ya-se-Leer-2025-Instituto-Aleman-de-Puerto-Montt_0045_DSC_4680.jpg 1200w, https:\/\/ialeman.cl\/wp-content\/uploads\/2025\/12\/Ya-se-Leer-2025-Instituto-Aleman-de-Puerto-Montt_0045_DSC_4680-300x200.jpg 300w, https:\/\/ialeman.cl\/wp-content\/uploads\/2025\/12\/Ya-se-Leer-2025-Instituto-Aleman-de-Puerto-Montt_0045_DSC_4680-1024x684.jpg 1024w, https:\/\/ialeman.cl\/wp-content\/uploads\/2025\/12\/Ya-se-Leer-2025-Instituto-Aleman-de-Puerto-Montt_0045_DSC_4680-768x513.jpg 768w\" sizes=\"(max-width: 1200px) 100vw, 1200px\" \/><\/a>\n\t\t\t<\/div><\/figure><figure class='gallery-item'>\n\t\t\t<div class='gallery-icon landscape'>\n\t\t\t\t<a data-elementor-open-lightbox=\"yes\" data-elementor-lightbox-slideshow=\"4ee8941\" data-elementor-lightbox-title=\"Ya s\u00e9 Leer 2025 Instituto Alem\u00e1n de Puerto Montt_0067_Niveles 13\" data-e-action-hash=\"#elementor-action%3Aaction%3Dlightbox%26settings%3DeyJpZCI6NTI2ODUsInVybCI6Imh0dHBzOlwvXC9pYWxlbWFuLmNsXC93cC1jb250ZW50XC91cGxvYWRzXC8yMDI1XC8xMlwvWWEtc2UtTGVlci0yMDI1LUluc3RpdHV0by1BbGVtYW4tZGUtUHVlcnRvLU1vbnR0XzAwNjdfTml2ZWxlcy0xMy5qcGciLCJzbGlkZXNob3ciOiI0ZWU4OTQxIn0%3D\" href='https:\/\/ialeman.cl\/wp-content\/uploads\/2025\/12\/Ya-se-Leer-2025-Instituto-Aleman-de-Puerto-Montt_0067_Niveles-13.jpg'><img loading=\"lazy\" decoding=\"async\" width=\"1200\" height=\"801\" src=\"https:\/\/ialeman.cl\/wp-content\/uploads\/2025\/12\/Ya-se-Leer-2025-Instituto-Aleman-de-Puerto-Montt_0067_Niveles-13.jpg\" class=\"attachment-full size-full\" alt=\"\" srcset=\"https:\/\/ialeman.cl\/wp-content\/uploads\/2025\/12\/Ya-se-Leer-2025-Instituto-Aleman-de-Puerto-Montt_0067_Niveles-13.jpg 1200w, https:\/\/ialeman.cl\/wp-content\/uploads\/2025\/12\/Ya-se-Leer-2025-Instituto-Aleman-de-Puerto-Montt_0067_Niveles-13-300x200.jpg 300w, https:\/\/ialeman.cl\/wp-content\/uploads\/2025\/12\/Ya-se-Leer-2025-Instituto-Aleman-de-Puerto-Montt_0067_Niveles-13-1024x684.jpg 1024w, https:\/\/ialeman.cl\/wp-content\/uploads\/2025\/12\/Ya-se-Leer-2025-Instituto-Aleman-de-Puerto-Montt_0067_Niveles-13-768x513.jpg 768w\" sizes=\"(max-width: 1200px) 100vw, 1200px\" \/><\/a>\n\t\t\t<\/div><\/figure><figure class='gallery-item'>\n\t\t\t<div class='gallery-icon landscape'>\n\t\t\t\t<a data-elementor-open-lightbox=\"yes\" data-elementor-lightbox-slideshow=\"4ee8941\" data-elementor-lightbox-title=\"Ya s\u00e9 Leer 2025 Instituto Alem\u00e1n de Puerto Montt_0083_Niveles 14\" data-e-action-hash=\"#elementor-action%3Aaction%3Dlightbox%26settings%3DeyJpZCI6NTI3MDEsInVybCI6Imh0dHBzOlwvXC9pYWxlbWFuLmNsXC93cC1jb250ZW50XC91cGxvYWRzXC8yMDI1XC8xMlwvWWEtc2UtTGVlci0yMDI1LUluc3RpdHV0by1BbGVtYW4tZGUtUHVlcnRvLU1vbnR0XzAwODNfTml2ZWxlcy0xNC5qcGciLCJzbGlkZXNob3ciOiI0ZWU4OTQxIn0%3D\" href='https:\/\/ialeman.cl\/wp-content\/uploads\/2025\/12\/Ya-se-Leer-2025-Instituto-Aleman-de-Puerto-Montt_0083_Niveles-14.jpg'><img loading=\"lazy\" decoding=\"async\" width=\"1200\" height=\"801\" src=\"https:\/\/ialeman.cl\/wp-content\/uploads\/2025\/12\/Ya-se-Leer-2025-Instituto-Aleman-de-Puerto-Montt_0083_Niveles-14.jpg\" class=\"attachment-full size-full\" alt=\"\" srcset=\"https:\/\/ialeman.cl\/wp-content\/uploads\/2025\/12\/Ya-se-Leer-2025-Instituto-Aleman-de-Puerto-Montt_0083_Niveles-14.jpg 1200w, https:\/\/ialeman.cl\/wp-content\/uploads\/2025\/12\/Ya-se-Leer-2025-Instituto-Aleman-de-Puerto-Montt_0083_Niveles-14-300x200.jpg 300w, https:\/\/ialeman.cl\/wp-content\/uploads\/2025\/12\/Ya-se-Leer-2025-Instituto-Aleman-de-Puerto-Montt_0083_Niveles-14-1024x684.jpg 1024w, https:\/\/ialeman.cl\/wp-content\/uploads\/2025\/12\/Ya-se-Leer-2025-Instituto-Aleman-de-Puerto-Montt_0083_Niveles-14-768x513.jpg 768w\" sizes=\"(max-width: 1200px) 100vw, 1200px\" \/><\/a>\n\t\t\t<\/div><\/figure><figure class='gallery-item'>\n\t\t\t<div class='gallery-icon landscape'>\n\t\t\t\t<a data-elementor-open-lightbox=\"yes\" data-elementor-lightbox-slideshow=\"4ee8941\" data-elementor-lightbox-title=\"Ya s\u00e9 Leer 2025 Instituto Alem\u00e1n de Puerto Montt_0004_Niveles 2\" data-e-action-hash=\"#elementor-action%3Aaction%3Dlightbox%26settings%3DeyJpZCI6NTI2MjEsInVybCI6Imh0dHBzOlwvXC9pYWxlbWFuLmNsXC93cC1jb250ZW50XC91cGxvYWRzXC8yMDI1XC8xMlwvWWEtc2UtTGVlci0yMDI1LUluc3RpdHV0by1BbGVtYW4tZGUtUHVlcnRvLU1vbnR0XzAwMDRfTml2ZWxlcy0yLmpwZyIsInNsaWRlc2hvdyI6IjRlZTg5NDEifQ%3D%3D\" href='https:\/\/ialeman.cl\/wp-content\/uploads\/2025\/12\/Ya-se-Leer-2025-Instituto-Aleman-de-Puerto-Montt_0004_Niveles-2.jpg'><img loading=\"lazy\" decoding=\"async\" width=\"1200\" height=\"801\" src=\"https:\/\/ialeman.cl\/wp-content\/uploads\/2025\/12\/Ya-se-Leer-2025-Instituto-Aleman-de-Puerto-Montt_0004_Niveles-2.jpg\" class=\"attachment-full size-full\" alt=\"\" srcset=\"https:\/\/ialeman.cl\/wp-content\/uploads\/2025\/12\/Ya-se-Leer-2025-Instituto-Aleman-de-Puerto-Montt_0004_Niveles-2.jpg 1200w, https:\/\/ialeman.cl\/wp-content\/uploads\/2025\/12\/Ya-se-Leer-2025-Instituto-Aleman-de-Puerto-Montt_0004_Niveles-2-300x200.jpg 300w, https:\/\/ialeman.cl\/wp-content\/uploads\/2025\/12\/Ya-se-Leer-2025-Instituto-Aleman-de-Puerto-Montt_0004_Niveles-2-1024x684.jpg 1024w, https:\/\/ialeman.cl\/wp-content\/uploads\/2025\/12\/Ya-se-Leer-2025-Instituto-Aleman-de-Puerto-Montt_0004_Niveles-2-768x513.jpg 768w\" sizes=\"(max-width: 1200px) 100vw, 1200px\" \/><\/a>\n\t\t\t<\/div><\/figure><figure class='gallery-item'>\n\t\t\t<div class='gallery-icon landscape'>\n\t\t\t\t<a data-elementor-open-lightbox=\"yes\" data-elementor-lightbox-slideshow=\"4ee8941\" data-elementor-lightbox-title=\"Ya s\u00e9 Leer 2025 Instituto Alem\u00e1n de Puerto Montt_0005_DSC_5265\" data-e-action-hash=\"#elementor-action%3Aaction%3Dlightbox%26settings%3DeyJpZCI6NTI2MjIsInVybCI6Imh0dHBzOlwvXC9pYWxlbWFuLmNsXC93cC1jb250ZW50XC91cGxvYWRzXC8yMDI1XC8xMlwvWWEtc2UtTGVlci0yMDI1LUluc3RpdHV0by1BbGVtYW4tZGUtUHVlcnRvLU1vbnR0XzAwMDVfRFNDXzUyNjUuanBnIiwic2xpZGVzaG93IjoiNGVlODk0MSJ9\" href='https:\/\/ialeman.cl\/wp-content\/uploads\/2025\/12\/Ya-se-Leer-2025-Instituto-Aleman-de-Puerto-Montt_0005_DSC_5265.jpg'><img loading=\"lazy\" decoding=\"async\" width=\"1200\" height=\"801\" src=\"https:\/\/ialeman.cl\/wp-content\/uploads\/2025\/12\/Ya-se-Leer-2025-Instituto-Aleman-de-Puerto-Montt_0005_DSC_5265.jpg\" class=\"attachment-full size-full\" alt=\"\" srcset=\"https:\/\/ialeman.cl\/wp-content\/uploads\/2025\/12\/Ya-se-Leer-2025-Instituto-Aleman-de-Puerto-Montt_0005_DSC_5265.jpg 1200w, https:\/\/ialeman.cl\/wp-content\/uploads\/2025\/12\/Ya-se-Leer-2025-Instituto-Aleman-de-Puerto-Montt_0005_DSC_5265-300x200.jpg 300w, https:\/\/ialeman.cl\/wp-content\/uploads\/2025\/12\/Ya-se-Leer-2025-Instituto-Aleman-de-Puerto-Montt_0005_DSC_5265-1024x684.jpg 1024w, https:\/\/ialeman.cl\/wp-content\/uploads\/2025\/12\/Ya-se-Leer-2025-Instituto-Aleman-de-Puerto-Montt_0005_DSC_5265-768x513.jpg 768w\" sizes=\"(max-width: 1200px) 100vw, 1200px\" \/><\/a>\n\t\t\t<\/div><\/figure><figure class='gallery-item'>\n\t\t\t<div class='gallery-icon landscape'>\n\t\t\t\t<a data-elementor-open-lightbox=\"yes\" data-elementor-lightbox-slideshow=\"4ee8941\" data-elementor-lightbox-title=\"Ya s\u00e9 Leer 2025 Instituto Alem\u00e1n de Puerto Montt_0007_DSC_5180\" data-e-action-hash=\"#elementor-action%3Aaction%3Dlightbox%26settings%3DeyJpZCI6NTI2MjQsInVybCI6Imh0dHBzOlwvXC9pYWxlbWFuLmNsXC93cC1jb250ZW50XC91cGxvYWRzXC8yMDI1XC8xMlwvWWEtc2UtTGVlci0yMDI1LUluc3RpdHV0by1BbGVtYW4tZGUtUHVlcnRvLU1vbnR0XzAwMDdfRFNDXzUxODAuanBnIiwic2xpZGVzaG93IjoiNGVlODk0MSJ9\" href='https:\/\/ialeman.cl\/wp-content\/uploads\/2025\/12\/Ya-se-Leer-2025-Instituto-Aleman-de-Puerto-Montt_0007_DSC_5180.jpg'><img loading=\"lazy\" decoding=\"async\" width=\"1200\" height=\"801\" src=\"https:\/\/ialeman.cl\/wp-content\/uploads\/2025\/12\/Ya-se-Leer-2025-Instituto-Aleman-de-Puerto-Montt_0007_DSC_5180.jpg\" class=\"attachment-full size-full\" alt=\"\" srcset=\"https:\/\/ialeman.cl\/wp-content\/uploads\/2025\/12\/Ya-se-Leer-2025-Instituto-Aleman-de-Puerto-Montt_0007_DSC_5180.jpg 1200w, https:\/\/ialeman.cl\/wp-content\/uploads\/2025\/12\/Ya-se-Leer-2025-Instituto-Aleman-de-Puerto-Montt_0007_DSC_5180-300x200.jpg 300w, https:\/\/ialeman.cl\/wp-content\/uploads\/2025\/12\/Ya-se-Leer-2025-Instituto-Aleman-de-Puerto-Montt_0007_DSC_5180-1024x684.jpg 1024w, https:\/\/ialeman.cl\/wp-content\/uploads\/2025\/12\/Ya-se-Leer-2025-Instituto-Aleman-de-Puerto-Montt_0007_DSC_5180-768x513.jpg 768w\" sizes=\"(max-width: 1200px) 100vw, 1200px\" \/><\/a>\n\t\t\t<\/div><\/figure><figure class='gallery-item'>\n\t\t\t<div class='gallery-icon landscape'>\n\t\t\t\t<a data-elementor-open-lightbox=\"yes\" data-elementor-lightbox-slideshow=\"4ee8941\" data-elementor-lightbox-title=\"Ya s\u00e9 Leer 2025 Instituto Alem\u00e1n de Puerto Montt_0008_DSC_5322\" data-e-action-hash=\"#elementor-action%3Aaction%3Dlightbox%26settings%3DeyJpZCI6NTI2MjUsInVybCI6Imh0dHBzOlwvXC9pYWxlbWFuLmNsXC93cC1jb250ZW50XC91cGxvYWRzXC8yMDI1XC8xMlwvWWEtc2UtTGVlci0yMDI1LUluc3RpdHV0by1BbGVtYW4tZGUtUHVlcnRvLU1vbnR0XzAwMDhfRFNDXzUzMjIuanBnIiwic2xpZGVzaG93IjoiNGVlODk0MSJ9\" href='https:\/\/ialeman.cl\/wp-content\/uploads\/2025\/12\/Ya-se-Leer-2025-Instituto-Aleman-de-Puerto-Montt_0008_DSC_5322.jpg'><img loading=\"lazy\" decoding=\"async\" width=\"1200\" height=\"801\" src=\"https:\/\/ialeman.cl\/wp-content\/uploads\/2025\/12\/Ya-se-Leer-2025-Instituto-Aleman-de-Puerto-Montt_0008_DSC_5322.jpg\" class=\"attachment-full size-full\" alt=\"\" srcset=\"https:\/\/ialeman.cl\/wp-content\/uploads\/2025\/12\/Ya-se-Leer-2025-Instituto-Aleman-de-Puerto-Montt_0008_DSC_5322.jpg 1200w, https:\/\/ialeman.cl\/wp-content\/uploads\/2025\/12\/Ya-se-Leer-2025-Instituto-Aleman-de-Puerto-Montt_0008_DSC_5322-300x200.jpg 300w, https:\/\/ialeman.cl\/wp-content\/uploads\/2025\/12\/Ya-se-Leer-2025-Instituto-Aleman-de-Puerto-Montt_0008_DSC_5322-1024x684.jpg 1024w, https:\/\/ialeman.cl\/wp-content\/uploads\/2025\/12\/Ya-se-Leer-2025-Instituto-Aleman-de-Puerto-Montt_0008_DSC_5322-768x513.jpg 768w\" sizes=\"(max-width: 1200px) 100vw, 1200px\" \/><\/a>\n\t\t\t<\/div><\/figure><figure class='gallery-item'>\n\t\t\t<div class='gallery-icon landscape'>\n\t\t\t\t<a data-elementor-open-lightbox=\"yes\" data-elementor-lightbox-slideshow=\"4ee8941\" data-elementor-lightbox-title=\"Ya s\u00e9 Leer 2025 Instituto Alem\u00e1n de Puerto Montt_0036_DSC_4979\" data-e-action-hash=\"#elementor-action%3Aaction%3Dlightbox%26settings%3DeyJpZCI6NTI2NTMsInVybCI6Imh0dHBzOlwvXC9pYWxlbWFuLmNsXC93cC1jb250ZW50XC91cGxvYWRzXC8yMDI1XC8xMlwvWWEtc2UtTGVlci0yMDI1LUluc3RpdHV0by1BbGVtYW4tZGUtUHVlcnRvLU1vbnR0XzAwMzZfRFNDXzQ5NzkuanBnIiwic2xpZGVzaG93IjoiNGVlODk0MSJ9\" href='https:\/\/ialeman.cl\/wp-content\/uploads\/2025\/12\/Ya-se-Leer-2025-Instituto-Aleman-de-Puerto-Montt_0036_DSC_4979.jpg'><img loading=\"lazy\" decoding=\"async\" width=\"1200\" height=\"801\" src=\"https:\/\/ialeman.cl\/wp-content\/uploads\/2025\/12\/Ya-se-Leer-2025-Instituto-Aleman-de-Puerto-Montt_0036_DSC_4979.jpg\" class=\"attachment-full size-full\" alt=\"\" srcset=\"https:\/\/ialeman.cl\/wp-content\/uploads\/2025\/12\/Ya-se-Leer-2025-Instituto-Aleman-de-Puerto-Montt_0036_DSC_4979.jpg 1200w, https:\/\/ialeman.cl\/wp-content\/uploads\/2025\/12\/Ya-se-Leer-2025-Instituto-Aleman-de-Puerto-Montt_0036_DSC_4979-300x200.jpg 300w, https:\/\/ialeman.cl\/wp-content\/uploads\/2025\/12\/Ya-se-Leer-2025-Instituto-Aleman-de-Puerto-Montt_0036_DSC_4979-1024x684.jpg 1024w, https:\/\/ialeman.cl\/wp-content\/uploads\/2025\/12\/Ya-se-Leer-2025-Instituto-Aleman-de-Puerto-Montt_0036_DSC_4979-768x513.jpg 768w\" sizes=\"(max-width: 1200px) 100vw, 1200px\" \/><\/a>\n\t\t\t<\/div><\/figure><figure class='gallery-item'>\n\t\t\t<div class='gallery-icon landscape'>\n\t\t\t\t<a data-elementor-open-lightbox=\"yes\" data-elementor-lightbox-slideshow=\"4ee8941\" data-elementor-lightbox-title=\"Ya s\u00e9 Leer 2025 Instituto Alem\u00e1n de Puerto Montt_0025_Niveles 7\" data-e-action-hash=\"#elementor-action%3Aaction%3Dlightbox%26settings%3DeyJpZCI6NTI2NDIsInVybCI6Imh0dHBzOlwvXC9pYWxlbWFuLmNsXC93cC1jb250ZW50XC91cGxvYWRzXC8yMDI1XC8xMlwvWWEtc2UtTGVlci0yMDI1LUluc3RpdHV0by1BbGVtYW4tZGUtUHVlcnRvLU1vbnR0XzAwMjVfTml2ZWxlcy03LmpwZyIsInNsaWRlc2hvdyI6IjRlZTg5NDEifQ%3D%3D\" href='https:\/\/ialeman.cl\/wp-content\/uploads\/2025\/12\/Ya-se-Leer-2025-Instituto-Aleman-de-Puerto-Montt_0025_Niveles-7.jpg'><img loading=\"lazy\" decoding=\"async\" width=\"1200\" height=\"801\" src=\"https:\/\/ialeman.cl\/wp-content\/uploads\/2025\/12\/Ya-se-Leer-2025-Instituto-Aleman-de-Puerto-Montt_0025_Niveles-7.jpg\" class=\"attachment-full size-full\" alt=\"\" srcset=\"https:\/\/ialeman.cl\/wp-content\/uploads\/2025\/12\/Ya-se-Leer-2025-Instituto-Aleman-de-Puerto-Montt_0025_Niveles-7.jpg 1200w, https:\/\/ialeman.cl\/wp-content\/uploads\/2025\/12\/Ya-se-Leer-2025-Instituto-Aleman-de-Puerto-Montt_0025_Niveles-7-300x200.jpg 300w, https:\/\/ialeman.cl\/wp-content\/uploads\/2025\/12\/Ya-se-Leer-2025-Instituto-Aleman-de-Puerto-Montt_0025_Niveles-7-1024x684.jpg 1024w, https:\/\/ialeman.cl\/wp-content\/uploads\/2025\/12\/Ya-se-Leer-2025-Instituto-Aleman-de-Puerto-Montt_0025_Niveles-7-768x513.jpg 768w\" sizes=\"(max-width: 1200px) 100vw, 1200px\" \/><\/a>\n\t\t\t<\/div><\/figure><figure class='gallery-item'>\n\t\t\t<div class='gallery-icon landscape'>\n\t\t\t\t<a data-elementor-open-lightbox=\"yes\" data-elementor-lightbox-slideshow=\"4ee8941\" data-elementor-lightbox-title=\"Ya s\u00e9 Leer 2025 Instituto Alem\u00e1n de Puerto Montt_0009_DSC_5320\" data-e-action-hash=\"#elementor-action%3Aaction%3Dlightbox%26settings%3DeyJpZCI6NTI2MjYsInVybCI6Imh0dHBzOlwvXC9pYWxlbWFuLmNsXC93cC1jb250ZW50XC91cGxvYWRzXC8yMDI1XC8xMlwvWWEtc2UtTGVlci0yMDI1LUluc3RpdHV0by1BbGVtYW4tZGUtUHVlcnRvLU1vbnR0XzAwMDlfRFNDXzUzMjAuanBnIiwic2xpZGVzaG93IjoiNGVlODk0MSJ9\" href='https:\/\/ialeman.cl\/wp-content\/uploads\/2025\/12\/Ya-se-Leer-2025-Instituto-Aleman-de-Puerto-Montt_0009_DSC_5320.jpg'><img loading=\"lazy\" decoding=\"async\" width=\"1200\" height=\"801\" src=\"https:\/\/ialeman.cl\/wp-content\/uploads\/2025\/12\/Ya-se-Leer-2025-Instituto-Aleman-de-Puerto-Montt_0009_DSC_5320.jpg\" class=\"attachment-full size-full\" alt=\"\" srcset=\"https:\/\/ialeman.cl\/wp-content\/uploads\/2025\/12\/Ya-se-Leer-2025-Instituto-Aleman-de-Puerto-Montt_0009_DSC_5320.jpg 1200w, https:\/\/ialeman.cl\/wp-content\/uploads\/2025\/12\/Ya-se-Leer-2025-Instituto-Aleman-de-Puerto-Montt_0009_DSC_5320-300x200.jpg 300w, https:\/\/ialeman.cl\/wp-content\/uploads\/2025\/12\/Ya-se-Leer-2025-Instituto-Aleman-de-Puerto-Montt_0009_DSC_5320-1024x684.jpg 1024w, https:\/\/ialeman.cl\/wp-content\/uploads\/2025\/12\/Ya-se-Leer-2025-Instituto-Aleman-de-Puerto-Montt_0009_DSC_5320-768x513.jpg 768w\" sizes=\"(max-width: 1200px) 100vw, 1200px\" \/><\/a>\n\t\t\t<\/div><\/figure><figure class='gallery-item'>\n\t\t\t<div class='gallery-icon landscape'>\n\t\t\t\t<a data-elementor-open-lightbox=\"yes\" data-elementor-lightbox-slideshow=\"4ee8941\" data-elementor-lightbox-title=\"Ya s\u00e9 Leer 2025 Instituto Alem\u00e1n de Puerto Montt_0010_Niveles 4\" data-e-action-hash=\"#elementor-action%3Aaction%3Dlightbox%26settings%3DeyJpZCI6NTI2MjcsInVybCI6Imh0dHBzOlwvXC9pYWxlbWFuLmNsXC93cC1jb250ZW50XC91cGxvYWRzXC8yMDI1XC8xMlwvWWEtc2UtTGVlci0yMDI1LUluc3RpdHV0by1BbGVtYW4tZGUtUHVlcnRvLU1vbnR0XzAwMTBfTml2ZWxlcy00LmpwZyIsInNsaWRlc2hvdyI6IjRlZTg5NDEifQ%3D%3D\" href='https:\/\/ialeman.cl\/wp-content\/uploads\/2025\/12\/Ya-se-Leer-2025-Instituto-Aleman-de-Puerto-Montt_0010_Niveles-4.jpg'><img loading=\"lazy\" decoding=\"async\" width=\"1200\" height=\"801\" src=\"https:\/\/ialeman.cl\/wp-content\/uploads\/2025\/12\/Ya-se-Leer-2025-Instituto-Aleman-de-Puerto-Montt_0010_Niveles-4.jpg\" class=\"attachment-full size-full\" alt=\"\" srcset=\"https:\/\/ialeman.cl\/wp-content\/uploads\/2025\/12\/Ya-se-Leer-2025-Instituto-Aleman-de-Puerto-Montt_0010_Niveles-4.jpg 1200w, https:\/\/ialeman.cl\/wp-content\/uploads\/2025\/12\/Ya-se-Leer-2025-Instituto-Aleman-de-Puerto-Montt_0010_Niveles-4-300x200.jpg 300w, https:\/\/ialeman.cl\/wp-content\/uploads\/2025\/12\/Ya-se-Leer-2025-Instituto-Aleman-de-Puerto-Montt_0010_Niveles-4-1024x684.jpg 1024w, https:\/\/ialeman.cl\/wp-content\/uploads\/2025\/12\/Ya-se-Leer-2025-Instituto-Aleman-de-Puerto-Montt_0010_Niveles-4-768x513.jpg 768w\" sizes=\"(max-width: 1200px) 100vw, 1200px\" \/><\/a>\n\t\t\t<\/div><\/figure><figure class='gallery-item'>\n\t\t\t<div class='gallery-icon landscape'>\n\t\t\t\t<a data-elementor-open-lightbox=\"yes\" data-elementor-lightbox-slideshow=\"4ee8941\" data-elementor-lightbox-title=\"Ya s\u00e9 Leer 2025 Instituto Alem\u00e1n de Puerto Montt_0011_DSC_5314\" data-e-action-hash=\"#elementor-action%3Aaction%3Dlightbox%26settings%3DeyJpZCI6NTI2MjgsInVybCI6Imh0dHBzOlwvXC9pYWxlbWFuLmNsXC93cC1jb250ZW50XC91cGxvYWRzXC8yMDI1XC8xMlwvWWEtc2UtTGVlci0yMDI1LUluc3RpdHV0by1BbGVtYW4tZGUtUHVlcnRvLU1vbnR0XzAwMTFfRFNDXzUzMTQuanBnIiwic2xpZGVzaG93IjoiNGVlODk0MSJ9\" href='https:\/\/ialeman.cl\/wp-content\/uploads\/2025\/12\/Ya-se-Leer-2025-Instituto-Aleman-de-Puerto-Montt_0011_DSC_5314.jpg'><img loading=\"lazy\" decoding=\"async\" width=\"1200\" height=\"801\" src=\"https:\/\/ialeman.cl\/wp-content\/uploads\/2025\/12\/Ya-se-Leer-2025-Instituto-Aleman-de-Puerto-Montt_0011_DSC_5314.jpg\" class=\"attachment-full size-full\" alt=\"\" srcset=\"https:\/\/ialeman.cl\/wp-content\/uploads\/2025\/12\/Ya-se-Leer-2025-Instituto-Aleman-de-Puerto-Montt_0011_DSC_5314.jpg 1200w, https:\/\/ialeman.cl\/wp-content\/uploads\/2025\/12\/Ya-se-Leer-2025-Instituto-Aleman-de-Puerto-Montt_0011_DSC_5314-300x200.jpg 300w, https:\/\/ialeman.cl\/wp-content\/uploads\/2025\/12\/Ya-se-Leer-2025-Instituto-Aleman-de-Puerto-Montt_0011_DSC_5314-1024x684.jpg 1024w, https:\/\/ialeman.cl\/wp-content\/uploads\/2025\/12\/Ya-se-Leer-2025-Instituto-Aleman-de-Puerto-Montt_0011_DSC_5314-768x513.jpg 768w\" sizes=\"(max-width: 1200px) 100vw, 1200px\" \/><\/a>\n\t\t\t<\/div><\/figure><figure class='gallery-item'>\n\t\t\t<div class='gallery-icon landscape'>\n\t\t\t\t<a data-elementor-open-lightbox=\"yes\" data-elementor-lightbox-slideshow=\"4ee8941\" data-elementor-lightbox-title=\"Ya s\u00e9 Leer 2025 Instituto Alem\u00e1n de Puerto Montt_0012_DSC_5312\" data-e-action-hash=\"#elementor-action%3Aaction%3Dlightbox%26settings%3DeyJpZCI6NTI2MjksInVybCI6Imh0dHBzOlwvXC9pYWxlbWFuLmNsXC93cC1jb250ZW50XC91cGxvYWRzXC8yMDI1XC8xMlwvWWEtc2UtTGVlci0yMDI1LUluc3RpdHV0by1BbGVtYW4tZGUtUHVlcnRvLU1vbnR0XzAwMTJfRFNDXzUzMTIuanBnIiwic2xpZGVzaG93IjoiNGVlODk0MSJ9\" href='https:\/\/ialeman.cl\/wp-content\/uploads\/2025\/12\/Ya-se-Leer-2025-Instituto-Aleman-de-Puerto-Montt_0012_DSC_5312.jpg'><img loading=\"lazy\" decoding=\"async\" width=\"1200\" height=\"801\" src=\"https:\/\/ialeman.cl\/wp-content\/uploads\/2025\/12\/Ya-se-Leer-2025-Instituto-Aleman-de-Puerto-Montt_0012_DSC_5312.jpg\" class=\"attachment-full size-full\" alt=\"\" srcset=\"https:\/\/ialeman.cl\/wp-content\/uploads\/2025\/12\/Ya-se-Leer-2025-Instituto-Aleman-de-Puerto-Montt_0012_DSC_5312.jpg 1200w, https:\/\/ialeman.cl\/wp-content\/uploads\/2025\/12\/Ya-se-Leer-2025-Instituto-Aleman-de-Puerto-Montt_0012_DSC_5312-300x200.jpg 300w, https:\/\/ialeman.cl\/wp-content\/uploads\/2025\/12\/Ya-se-Leer-2025-Instituto-Aleman-de-Puerto-Montt_0012_DSC_5312-1024x684.jpg 1024w, https:\/\/ialeman.cl\/wp-content\/uploads\/2025\/12\/Ya-se-Leer-2025-Instituto-Aleman-de-Puerto-Montt_0012_DSC_5312-768x513.jpg 768w\" sizes=\"(max-width: 1200px) 100vw, 1200px\" \/><\/a>\n\t\t\t<\/div><\/figure><figure class='gallery-item'>\n\t\t\t<div class='gallery-icon landscape'>\n\t\t\t\t<a data-elementor-open-lightbox=\"yes\" data-elementor-lightbox-slideshow=\"4ee8941\" data-elementor-lightbox-title=\"Ya s\u00e9 Leer 2025 Instituto Alem\u00e1n de Puerto Montt_0014_Niveles 5 copia 2\" data-e-action-hash=\"#elementor-action%3Aaction%3Dlightbox%26settings%3DeyJpZCI6NTI2MzEsInVybCI6Imh0dHBzOlwvXC9pYWxlbWFuLmNsXC93cC1jb250ZW50XC91cGxvYWRzXC8yMDI1XC8xMlwvWWEtc2UtTGVlci0yMDI1LUluc3RpdHV0by1BbGVtYW4tZGUtUHVlcnRvLU1vbnR0XzAwMTRfTml2ZWxlcy01LWNvcGlhLTIuanBnIiwic2xpZGVzaG93IjoiNGVlODk0MSJ9\" href='https:\/\/ialeman.cl\/wp-content\/uploads\/2025\/12\/Ya-se-Leer-2025-Instituto-Aleman-de-Puerto-Montt_0014_Niveles-5-copia-2.jpg'><img loading=\"lazy\" decoding=\"async\" width=\"1200\" height=\"801\" src=\"https:\/\/ialeman.cl\/wp-content\/uploads\/2025\/12\/Ya-se-Leer-2025-Instituto-Aleman-de-Puerto-Montt_0014_Niveles-5-copia-2.jpg\" class=\"attachment-full size-full\" alt=\"\" srcset=\"https:\/\/ialeman.cl\/wp-content\/uploads\/2025\/12\/Ya-se-Leer-2025-Instituto-Aleman-de-Puerto-Montt_0014_Niveles-5-copia-2.jpg 1200w, https:\/\/ialeman.cl\/wp-content\/uploads\/2025\/12\/Ya-se-Leer-2025-Instituto-Aleman-de-Puerto-Montt_0014_Niveles-5-copia-2-300x200.jpg 300w, https:\/\/ialeman.cl\/wp-content\/uploads\/2025\/12\/Ya-se-Leer-2025-Instituto-Aleman-de-Puerto-Montt_0014_Niveles-5-copia-2-1024x684.jpg 1024w, https:\/\/ialeman.cl\/wp-content\/uploads\/2025\/12\/Ya-se-Leer-2025-Instituto-Aleman-de-Puerto-Montt_0014_Niveles-5-copia-2-768x513.jpg 768w\" sizes=\"(max-width: 1200px) 100vw, 1200px\" \/><\/a>\n\t\t\t<\/div><\/figure><figure class='gallery-item'>\n\t\t\t<div class='gallery-icon landscape'>\n\t\t\t\t<a data-elementor-open-lightbox=\"yes\" data-elementor-lightbox-slideshow=\"4ee8941\" data-elementor-lightbox-title=\"Ya s\u00e9 Leer 2025 Instituto Alem\u00e1n de Puerto Montt_0015_Niveles 5 copia\" data-e-action-hash=\"#elementor-action%3Aaction%3Dlightbox%26settings%3DeyJpZCI6NTI2MzIsInVybCI6Imh0dHBzOlwvXC9pYWxlbWFuLmNsXC93cC1jb250ZW50XC91cGxvYWRzXC8yMDI1XC8xMlwvWWEtc2UtTGVlci0yMDI1LUluc3RpdHV0by1BbGVtYW4tZGUtUHVlcnRvLU1vbnR0XzAwMTVfTml2ZWxlcy01LWNvcGlhLmpwZyIsInNsaWRlc2hvdyI6IjRlZTg5NDEifQ%3D%3D\" href='https:\/\/ialeman.cl\/wp-content\/uploads\/2025\/12\/Ya-se-Leer-2025-Instituto-Aleman-de-Puerto-Montt_0015_Niveles-5-copia.jpg'><img loading=\"lazy\" decoding=\"async\" width=\"1200\" height=\"801\" src=\"https:\/\/ialeman.cl\/wp-content\/uploads\/2025\/12\/Ya-se-Leer-2025-Instituto-Aleman-de-Puerto-Montt_0015_Niveles-5-copia.jpg\" class=\"attachment-full size-full\" alt=\"\" srcset=\"https:\/\/ialeman.cl\/wp-content\/uploads\/2025\/12\/Ya-se-Leer-2025-Instituto-Aleman-de-Puerto-Montt_0015_Niveles-5-copia.jpg 1200w, https:\/\/ialeman.cl\/wp-content\/uploads\/2025\/12\/Ya-se-Leer-2025-Instituto-Aleman-de-Puerto-Montt_0015_Niveles-5-copia-300x200.jpg 300w, https:\/\/ialeman.cl\/wp-content\/uploads\/2025\/12\/Ya-se-Leer-2025-Instituto-Aleman-de-Puerto-Montt_0015_Niveles-5-copia-1024x684.jpg 1024w, https:\/\/ialeman.cl\/wp-content\/uploads\/2025\/12\/Ya-se-Leer-2025-Instituto-Aleman-de-Puerto-Montt_0015_Niveles-5-copia-768x513.jpg 768w\" sizes=\"(max-width: 1200px) 100vw, 1200px\" \/><\/a>\n\t\t\t<\/div><\/figure><figure class='gallery-item'>\n\t\t\t<div class='gallery-icon landscape'>\n\t\t\t\t<a data-elementor-open-lightbox=\"yes\" data-elementor-lightbox-slideshow=\"4ee8941\" data-elementor-lightbox-title=\"Ya s\u00e9 Leer 2025 Instituto Alem\u00e1n de Puerto Montt_0016_Niveles 5\" data-e-action-hash=\"#elementor-action%3Aaction%3Dlightbox%26settings%3DeyJpZCI6NTI2MzMsInVybCI6Imh0dHBzOlwvXC9pYWxlbWFuLmNsXC93cC1jb250ZW50XC91cGxvYWRzXC8yMDI1XC8xMlwvWWEtc2UtTGVlci0yMDI1LUluc3RpdHV0by1BbGVtYW4tZGUtUHVlcnRvLU1vbnR0XzAwMTZfTml2ZWxlcy01LmpwZyIsInNsaWRlc2hvdyI6IjRlZTg5NDEifQ%3D%3D\" href='https:\/\/ialeman.cl\/wp-content\/uploads\/2025\/12\/Ya-se-Leer-2025-Instituto-Aleman-de-Puerto-Montt_0016_Niveles-5.jpg'><img loading=\"lazy\" decoding=\"async\" width=\"1200\" height=\"801\" src=\"https:\/\/ialeman.cl\/wp-content\/uploads\/2025\/12\/Ya-se-Leer-2025-Instituto-Aleman-de-Puerto-Montt_0016_Niveles-5.jpg\" class=\"attachment-full size-full\" alt=\"\" srcset=\"https:\/\/ialeman.cl\/wp-content\/uploads\/2025\/12\/Ya-se-Leer-2025-Instituto-Aleman-de-Puerto-Montt_0016_Niveles-5.jpg 1200w, https:\/\/ialeman.cl\/wp-content\/uploads\/2025\/12\/Ya-se-Leer-2025-Instituto-Aleman-de-Puerto-Montt_0016_Niveles-5-300x200.jpg 300w, https:\/\/ialeman.cl\/wp-content\/uploads\/2025\/12\/Ya-se-Leer-2025-Instituto-Aleman-de-Puerto-Montt_0016_Niveles-5-1024x684.jpg 1024w, https:\/\/ialeman.cl\/wp-content\/uploads\/2025\/12\/Ya-se-Leer-2025-Instituto-Aleman-de-Puerto-Montt_0016_Niveles-5-768x513.jpg 768w\" sizes=\"(max-width: 1200px) 100vw, 1200px\" \/><\/a>\n\t\t\t<\/div><\/figure><figure class='gallery-item'>\n\t\t\t<div class='gallery-icon landscape'>\n\t\t\t\t<a data-elementor-open-lightbox=\"yes\" data-elementor-lightbox-slideshow=\"4ee8941\" data-elementor-lightbox-title=\"Ya s\u00e9 Leer 2025 Instituto Alem\u00e1n de Puerto Montt_0017_DSC_5134\" data-e-action-hash=\"#elementor-action%3Aaction%3Dlightbox%26settings%3DeyJpZCI6NTI2MzQsInVybCI6Imh0dHBzOlwvXC9pYWxlbWFuLmNsXC93cC1jb250ZW50XC91cGxvYWRzXC8yMDI1XC8xMlwvWWEtc2UtTGVlci0yMDI1LUluc3RpdHV0by1BbGVtYW4tZGUtUHVlcnRvLU1vbnR0XzAwMTdfRFNDXzUxMzQuanBnIiwic2xpZGVzaG93IjoiNGVlODk0MSJ9\" href='https:\/\/ialeman.cl\/wp-content\/uploads\/2025\/12\/Ya-se-Leer-2025-Instituto-Aleman-de-Puerto-Montt_0017_DSC_5134.jpg'><img loading=\"lazy\" decoding=\"async\" width=\"1200\" height=\"801\" src=\"https:\/\/ialeman.cl\/wp-content\/uploads\/2025\/12\/Ya-se-Leer-2025-Instituto-Aleman-de-Puerto-Montt_0017_DSC_5134.jpg\" class=\"attachment-full size-full\" alt=\"\" srcset=\"https:\/\/ialeman.cl\/wp-content\/uploads\/2025\/12\/Ya-se-Leer-2025-Instituto-Aleman-de-Puerto-Montt_0017_DSC_5134.jpg 1200w, https:\/\/ialeman.cl\/wp-content\/uploads\/2025\/12\/Ya-se-Leer-2025-Instituto-Aleman-de-Puerto-Montt_0017_DSC_5134-300x200.jpg 300w, https:\/\/ialeman.cl\/wp-content\/uploads\/2025\/12\/Ya-se-Leer-2025-Instituto-Aleman-de-Puerto-Montt_0017_DSC_5134-1024x684.jpg 1024w, https:\/\/ialeman.cl\/wp-content\/uploads\/2025\/12\/Ya-se-Leer-2025-Instituto-Aleman-de-Puerto-Montt_0017_DSC_5134-768x513.jpg 768w\" sizes=\"(max-width: 1200px) 100vw, 1200px\" \/><\/a>\n\t\t\t<\/div><\/figure><figure class='gallery-item'>\n\t\t\t<div class='gallery-icon landscape'>\n\t\t\t\t<a data-elementor-open-lightbox=\"yes\" data-elementor-lightbox-slideshow=\"4ee8941\" data-elementor-lightbox-title=\"Ya s\u00e9 Leer 2025 Instituto Alem\u00e1n de Puerto Montt_0018_Niveles 6 copia 3\" data-e-action-hash=\"#elementor-action%3Aaction%3Dlightbox%26settings%3DeyJpZCI6NTI2MzUsInVybCI6Imh0dHBzOlwvXC9pYWxlbWFuLmNsXC93cC1jb250ZW50XC91cGxvYWRzXC8yMDI1XC8xMlwvWWEtc2UtTGVlci0yMDI1LUluc3RpdHV0by1BbGVtYW4tZGUtUHVlcnRvLU1vbnR0XzAwMThfTml2ZWxlcy02LWNvcGlhLTMuanBnIiwic2xpZGVzaG93IjoiNGVlODk0MSJ9\" href='https:\/\/ialeman.cl\/wp-content\/uploads\/2025\/12\/Ya-se-Leer-2025-Instituto-Aleman-de-Puerto-Montt_0018_Niveles-6-copia-3.jpg'><img loading=\"lazy\" decoding=\"async\" width=\"1200\" height=\"801\" src=\"https:\/\/ialeman.cl\/wp-content\/uploads\/2025\/12\/Ya-se-Leer-2025-Instituto-Aleman-de-Puerto-Montt_0018_Niveles-6-copia-3.jpg\" class=\"attachment-full size-full\" alt=\"\" srcset=\"https:\/\/ialeman.cl\/wp-content\/uploads\/2025\/12\/Ya-se-Leer-2025-Instituto-Aleman-de-Puerto-Montt_0018_Niveles-6-copia-3.jpg 1200w, https:\/\/ialeman.cl\/wp-content\/uploads\/2025\/12\/Ya-se-Leer-2025-Instituto-Aleman-de-Puerto-Montt_0018_Niveles-6-copia-3-300x200.jpg 300w, https:\/\/ialeman.cl\/wp-content\/uploads\/2025\/12\/Ya-se-Leer-2025-Instituto-Aleman-de-Puerto-Montt_0018_Niveles-6-copia-3-1024x684.jpg 1024w, https:\/\/ialeman.cl\/wp-content\/uploads\/2025\/12\/Ya-se-Leer-2025-Instituto-Aleman-de-Puerto-Montt_0018_Niveles-6-copia-3-768x513.jpg 768w\" sizes=\"(max-width: 1200px) 100vw, 1200px\" \/><\/a>\n\t\t\t<\/div><\/figure><figure class='gallery-item'>\n\t\t\t<div class='gallery-icon landscape'>\n\t\t\t\t<a data-elementor-open-lightbox=\"yes\" data-elementor-lightbox-slideshow=\"4ee8941\" data-elementor-lightbox-title=\"Ya s\u00e9 Leer 2025 Instituto Alem\u00e1n de Puerto Montt_0020_Niveles 6 copia\" data-e-action-hash=\"#elementor-action%3Aaction%3Dlightbox%26settings%3DeyJpZCI6NTI2MzcsInVybCI6Imh0dHBzOlwvXC9pYWxlbWFuLmNsXC93cC1jb250ZW50XC91cGxvYWRzXC8yMDI1XC8xMlwvWWEtc2UtTGVlci0yMDI1LUluc3RpdHV0by1BbGVtYW4tZGUtUHVlcnRvLU1vbnR0XzAwMjBfTml2ZWxlcy02LWNvcGlhLmpwZyIsInNsaWRlc2hvdyI6IjRlZTg5NDEifQ%3D%3D\" href='https:\/\/ialeman.cl\/wp-content\/uploads\/2025\/12\/Ya-se-Leer-2025-Instituto-Aleman-de-Puerto-Montt_0020_Niveles-6-copia.jpg'><img loading=\"lazy\" decoding=\"async\" width=\"1200\" height=\"801\" src=\"https:\/\/ialeman.cl\/wp-content\/uploads\/2025\/12\/Ya-se-Leer-2025-Instituto-Aleman-de-Puerto-Montt_0020_Niveles-6-copia.jpg\" class=\"attachment-full size-full\" alt=\"\" srcset=\"https:\/\/ialeman.cl\/wp-content\/uploads\/2025\/12\/Ya-se-Leer-2025-Instituto-Aleman-de-Puerto-Montt_0020_Niveles-6-copia.jpg 1200w, https:\/\/ialeman.cl\/wp-content\/uploads\/2025\/12\/Ya-se-Leer-2025-Instituto-Aleman-de-Puerto-Montt_0020_Niveles-6-copia-300x200.jpg 300w, https:\/\/ialeman.cl\/wp-content\/uploads\/2025\/12\/Ya-se-Leer-2025-Instituto-Aleman-de-Puerto-Montt_0020_Niveles-6-copia-1024x684.jpg 1024w, https:\/\/ialeman.cl\/wp-content\/uploads\/2025\/12\/Ya-se-Leer-2025-Instituto-Aleman-de-Puerto-Montt_0020_Niveles-6-copia-768x513.jpg 768w\" sizes=\"(max-width: 1200px) 100vw, 1200px\" \/><\/a>\n\t\t\t<\/div><\/figure><figure class='gallery-item'>\n\t\t\t<div class='gallery-icon landscape'>\n\t\t\t\t<a data-elementor-open-lightbox=\"yes\" data-elementor-lightbox-slideshow=\"4ee8941\" data-elementor-lightbox-title=\"Ya s\u00e9 Leer 2025 Instituto Alem\u00e1n de Puerto Montt_0021_Niveles 6\" data-e-action-hash=\"#elementor-action%3Aaction%3Dlightbox%26settings%3DeyJpZCI6NTI2MzgsInVybCI6Imh0dHBzOlwvXC9pYWxlbWFuLmNsXC93cC1jb250ZW50XC91cGxvYWRzXC8yMDI1XC8xMlwvWWEtc2UtTGVlci0yMDI1LUluc3RpdHV0by1BbGVtYW4tZGUtUHVlcnRvLU1vbnR0XzAwMjFfTml2ZWxlcy02LmpwZyIsInNsaWRlc2hvdyI6IjRlZTg5NDEifQ%3D%3D\" href='https:\/\/ialeman.cl\/wp-content\/uploads\/2025\/12\/Ya-se-Leer-2025-Instituto-Aleman-de-Puerto-Montt_0021_Niveles-6.jpg'><img loading=\"lazy\" decoding=\"async\" width=\"1200\" height=\"801\" src=\"https:\/\/ialeman.cl\/wp-content\/uploads\/2025\/12\/Ya-se-Leer-2025-Instituto-Aleman-de-Puerto-Montt_0021_Niveles-6.jpg\" class=\"attachment-full size-full\" alt=\"\" srcset=\"https:\/\/ialeman.cl\/wp-content\/uploads\/2025\/12\/Ya-se-Leer-2025-Instituto-Aleman-de-Puerto-Montt_0021_Niveles-6.jpg 1200w, https:\/\/ialeman.cl\/wp-content\/uploads\/2025\/12\/Ya-se-Leer-2025-Instituto-Aleman-de-Puerto-Montt_0021_Niveles-6-300x200.jpg 300w, https:\/\/ialeman.cl\/wp-content\/uploads\/2025\/12\/Ya-se-Leer-2025-Instituto-Aleman-de-Puerto-Montt_0021_Niveles-6-1024x684.jpg 1024w, https:\/\/ialeman.cl\/wp-content\/uploads\/2025\/12\/Ya-se-Leer-2025-Instituto-Aleman-de-Puerto-Montt_0021_Niveles-6-768x513.jpg 768w\" sizes=\"(max-width: 1200px) 100vw, 1200px\" \/><\/a>\n\t\t\t<\/div><\/figure><figure class='gallery-item'>\n\t\t\t<div class='gallery-icon landscape'>\n\t\t\t\t<a data-elementor-open-lightbox=\"yes\" data-elementor-lightbox-slideshow=\"4ee8941\" data-elementor-lightbox-title=\"Ya s\u00e9 Leer 2025 Instituto Alem\u00e1n de Puerto Montt_0041_DSC_4692\" data-e-action-hash=\"#elementor-action%3Aaction%3Dlightbox%26settings%3DeyJpZCI6NTI2NTgsInVybCI6Imh0dHBzOlwvXC9pYWxlbWFuLmNsXC93cC1jb250ZW50XC91cGxvYWRzXC8yMDI1XC8xMlwvWWEtc2UtTGVlci0yMDI1LUluc3RpdHV0by1BbGVtYW4tZGUtUHVlcnRvLU1vbnR0XzAwNDFfRFNDXzQ2OTIuanBnIiwic2xpZGVzaG93IjoiNGVlODk0MSJ9\" href='https:\/\/ialeman.cl\/wp-content\/uploads\/2025\/12\/Ya-se-Leer-2025-Instituto-Aleman-de-Puerto-Montt_0041_DSC_4692.jpg'><img loading=\"lazy\" decoding=\"async\" width=\"1200\" height=\"801\" src=\"https:\/\/ialeman.cl\/wp-content\/uploads\/2025\/12\/Ya-se-Leer-2025-Instituto-Aleman-de-Puerto-Montt_0041_DSC_4692.jpg\" class=\"attachment-full size-full\" alt=\"\" srcset=\"https:\/\/ialeman.cl\/wp-content\/uploads\/2025\/12\/Ya-se-Leer-2025-Instituto-Aleman-de-Puerto-Montt_0041_DSC_4692.jpg 1200w, https:\/\/ialeman.cl\/wp-content\/uploads\/2025\/12\/Ya-se-Leer-2025-Instituto-Aleman-de-Puerto-Montt_0041_DSC_4692-300x200.jpg 300w, https:\/\/ialeman.cl\/wp-content\/uploads\/2025\/12\/Ya-se-Leer-2025-Instituto-Aleman-de-Puerto-Montt_0041_DSC_4692-1024x684.jpg 1024w, https:\/\/ialeman.cl\/wp-content\/uploads\/2025\/12\/Ya-se-Leer-2025-Instituto-Aleman-de-Puerto-Montt_0041_DSC_4692-768x513.jpg 768w\" sizes=\"(max-width: 1200px) 100vw, 1200px\" \/><\/a>\n\t\t\t<\/div><\/figure><figure class='gallery-item'>\n\t\t\t<div class='gallery-icon landscape'>\n\t\t\t\t<a data-elementor-open-lightbox=\"yes\" data-elementor-lightbox-slideshow=\"4ee8941\" data-elementor-lightbox-title=\"Ya s\u00e9 Leer 2025 Instituto Alem\u00e1n de Puerto Montt_0037_Niveles 7\" data-e-action-hash=\"#elementor-action%3Aaction%3Dlightbox%26settings%3DeyJpZCI6NTI2NTQsInVybCI6Imh0dHBzOlwvXC9pYWxlbWFuLmNsXC93cC1jb250ZW50XC91cGxvYWRzXC8yMDI1XC8xMlwvWWEtc2UtTGVlci0yMDI1LUluc3RpdHV0by1BbGVtYW4tZGUtUHVlcnRvLU1vbnR0XzAwMzdfTml2ZWxlcy03LmpwZyIsInNsaWRlc2hvdyI6IjRlZTg5NDEifQ%3D%3D\" href='https:\/\/ialeman.cl\/wp-content\/uploads\/2025\/12\/Ya-se-Leer-2025-Instituto-Aleman-de-Puerto-Montt_0037_Niveles-7.jpg'><img loading=\"lazy\" decoding=\"async\" width=\"1200\" height=\"801\" src=\"https:\/\/ialeman.cl\/wp-content\/uploads\/2025\/12\/Ya-se-Leer-2025-Instituto-Aleman-de-Puerto-Montt_0037_Niveles-7.jpg\" class=\"attachment-full size-full\" alt=\"\" srcset=\"https:\/\/ialeman.cl\/wp-content\/uploads\/2025\/12\/Ya-se-Leer-2025-Instituto-Aleman-de-Puerto-Montt_0037_Niveles-7.jpg 1200w, https:\/\/ialeman.cl\/wp-content\/uploads\/2025\/12\/Ya-se-Leer-2025-Instituto-Aleman-de-Puerto-Montt_0037_Niveles-7-300x200.jpg 300w, https:\/\/ialeman.cl\/wp-content\/uploads\/2025\/12\/Ya-se-Leer-2025-Instituto-Aleman-de-Puerto-Montt_0037_Niveles-7-1024x684.jpg 1024w, https:\/\/ialeman.cl\/wp-content\/uploads\/2025\/12\/Ya-se-Leer-2025-Instituto-Aleman-de-Puerto-Montt_0037_Niveles-7-768x513.jpg 768w\" sizes=\"(max-width: 1200px) 100vw, 1200px\" \/><\/a>\n\t\t\t<\/div><\/figure><figure class='gallery-item'>\n\t\t\t<div class='gallery-icon landscape'>\n\t\t\t\t<a data-elementor-open-lightbox=\"yes\" data-elementor-lightbox-slideshow=\"4ee8941\" data-elementor-lightbox-title=\"Ya s\u00e9 Leer 2025 Instituto Alem\u00e1n de Puerto Montt_0040_DSC_4693\" data-e-action-hash=\"#elementor-action%3Aaction%3Dlightbox%26settings%3DeyJpZCI6NTI2NTcsInVybCI6Imh0dHBzOlwvXC9pYWxlbWFuLmNsXC93cC1jb250ZW50XC91cGxvYWRzXC8yMDI1XC8xMlwvWWEtc2UtTGVlci0yMDI1LUluc3RpdHV0by1BbGVtYW4tZGUtUHVlcnRvLU1vbnR0XzAwNDBfRFNDXzQ2OTMuanBnIiwic2xpZGVzaG93IjoiNGVlODk0MSJ9\" href='https:\/\/ialeman.cl\/wp-content\/uploads\/2025\/12\/Ya-se-Leer-2025-Instituto-Aleman-de-Puerto-Montt_0040_DSC_4693.jpg'><img loading=\"lazy\" decoding=\"async\" width=\"1200\" height=\"801\" src=\"https:\/\/ialeman.cl\/wp-content\/uploads\/2025\/12\/Ya-se-Leer-2025-Instituto-Aleman-de-Puerto-Montt_0040_DSC_4693.jpg\" class=\"attachment-full size-full\" alt=\"\" srcset=\"https:\/\/ialeman.cl\/wp-content\/uploads\/2025\/12\/Ya-se-Leer-2025-Instituto-Aleman-de-Puerto-Montt_0040_DSC_4693.jpg 1200w, https:\/\/ialeman.cl\/wp-content\/uploads\/2025\/12\/Ya-se-Leer-2025-Instituto-Aleman-de-Puerto-Montt_0040_DSC_4693-300x200.jpg 300w, https:\/\/ialeman.cl\/wp-content\/uploads\/2025\/12\/Ya-se-Leer-2025-Instituto-Aleman-de-Puerto-Montt_0040_DSC_4693-1024x684.jpg 1024w, https:\/\/ialeman.cl\/wp-content\/uploads\/2025\/12\/Ya-se-Leer-2025-Instituto-Aleman-de-Puerto-Montt_0040_DSC_4693-768x513.jpg 768w\" sizes=\"(max-width: 1200px) 100vw, 1200px\" \/><\/a>\n\t\t\t<\/div><\/figure><figure class='gallery-item'>\n\t\t\t<div class='gallery-icon landscape'>\n\t\t\t\t<a data-elementor-open-lightbox=\"yes\" data-elementor-lightbox-slideshow=\"4ee8941\" data-elementor-lightbox-title=\"Ya s\u00e9 Leer 2025 Instituto Alem\u00e1n de Puerto Montt_0003_DSC_5294\" data-e-action-hash=\"#elementor-action%3Aaction%3Dlightbox%26settings%3DeyJpZCI6NTI2MjAsInVybCI6Imh0dHBzOlwvXC9pYWxlbWFuLmNsXC93cC1jb250ZW50XC91cGxvYWRzXC8yMDI1XC8xMlwvWWEtc2UtTGVlci0yMDI1LUluc3RpdHV0by1BbGVtYW4tZGUtUHVlcnRvLU1vbnR0XzAwMDNfRFNDXzUyOTQuanBnIiwic2xpZGVzaG93IjoiNGVlODk0MSJ9\" href='https:\/\/ialeman.cl\/wp-content\/uploads\/2025\/12\/Ya-se-Leer-2025-Instituto-Aleman-de-Puerto-Montt_0003_DSC_5294.jpg'><img loading=\"lazy\" decoding=\"async\" width=\"1200\" height=\"801\" src=\"https:\/\/ialeman.cl\/wp-content\/uploads\/2025\/12\/Ya-se-Leer-2025-Instituto-Aleman-de-Puerto-Montt_0003_DSC_5294.jpg\" class=\"attachment-full size-full\" alt=\"\" srcset=\"https:\/\/ialeman.cl\/wp-content\/uploads\/2025\/12\/Ya-se-Leer-2025-Instituto-Aleman-de-Puerto-Montt_0003_DSC_5294.jpg 1200w, https:\/\/ialeman.cl\/wp-content\/uploads\/2025\/12\/Ya-se-Leer-2025-Instituto-Aleman-de-Puerto-Montt_0003_DSC_5294-300x200.jpg 300w, https:\/\/ialeman.cl\/wp-content\/uploads\/2025\/12\/Ya-se-Leer-2025-Instituto-Aleman-de-Puerto-Montt_0003_DSC_5294-1024x684.jpg 1024w, https:\/\/ialeman.cl\/wp-content\/uploads\/2025\/12\/Ya-se-Leer-2025-Instituto-Aleman-de-Puerto-Montt_0003_DSC_5294-768x513.jpg 768w\" sizes=\"(max-width: 1200px) 100vw, 1200px\" \/><\/a>\n\t\t\t<\/div><\/figure><figure class='gallery-item'>\n\t\t\t<div class='gallery-icon landscape'>\n\t\t\t\t<a data-elementor-open-lightbox=\"yes\" data-elementor-lightbox-slideshow=\"4ee8941\" data-elementor-lightbox-title=\"Ya s\u00e9 Leer 2025 Instituto Alem\u00e1n de Puerto Montt_0023_Niveles 7\" data-e-action-hash=\"#elementor-action%3Aaction%3Dlightbox%26settings%3DeyJpZCI6NTI2NDAsInVybCI6Imh0dHBzOlwvXC9pYWxlbWFuLmNsXC93cC1jb250ZW50XC91cGxvYWRzXC8yMDI1XC8xMlwvWWEtc2UtTGVlci0yMDI1LUluc3RpdHV0by1BbGVtYW4tZGUtUHVlcnRvLU1vbnR0XzAwMjNfTml2ZWxlcy03LmpwZyIsInNsaWRlc2hvdyI6IjRlZTg5NDEifQ%3D%3D\" href='https:\/\/ialeman.cl\/wp-content\/uploads\/2025\/12\/Ya-se-Leer-2025-Instituto-Aleman-de-Puerto-Montt_0023_Niveles-7.jpg'><img loading=\"lazy\" decoding=\"async\" width=\"1200\" height=\"801\" src=\"https:\/\/ialeman.cl\/wp-content\/uploads\/2025\/12\/Ya-se-Leer-2025-Instituto-Aleman-de-Puerto-Montt_0023_Niveles-7.jpg\" class=\"attachment-full size-full\" alt=\"\" srcset=\"https:\/\/ialeman.cl\/wp-content\/uploads\/2025\/12\/Ya-se-Leer-2025-Instituto-Aleman-de-Puerto-Montt_0023_Niveles-7.jpg 1200w, https:\/\/ialeman.cl\/wp-content\/uploads\/2025\/12\/Ya-se-Leer-2025-Instituto-Aleman-de-Puerto-Montt_0023_Niveles-7-300x200.jpg 300w, https:\/\/ialeman.cl\/wp-content\/uploads\/2025\/12\/Ya-se-Leer-2025-Instituto-Aleman-de-Puerto-Montt_0023_Niveles-7-1024x684.jpg 1024w, https:\/\/ialeman.cl\/wp-content\/uploads\/2025\/12\/Ya-se-Leer-2025-Instituto-Aleman-de-Puerto-Montt_0023_Niveles-7-768x513.jpg 768w\" sizes=\"(max-width: 1200px) 100vw, 1200px\" \/><\/a>\n\t\t\t<\/div><\/figure><figure class='gallery-item'>\n\t\t\t<div class='gallery-icon landscape'>\n\t\t\t\t<a data-elementor-open-lightbox=\"yes\" data-elementor-lightbox-slideshow=\"4ee8941\" data-elementor-lightbox-title=\"Ya s\u00e9 Leer 2025 Instituto Alem\u00e1n de Puerto Montt_0024_Niveles 7\" data-e-action-hash=\"#elementor-action%3Aaction%3Dlightbox%26settings%3DeyJpZCI6NTI2NDEsInVybCI6Imh0dHBzOlwvXC9pYWxlbWFuLmNsXC93cC1jb250ZW50XC91cGxvYWRzXC8yMDI1XC8xMlwvWWEtc2UtTGVlci0yMDI1LUluc3RpdHV0by1BbGVtYW4tZGUtUHVlcnRvLU1vbnR0XzAwMjRfTml2ZWxlcy03LmpwZyIsInNsaWRlc2hvdyI6IjRlZTg5NDEifQ%3D%3D\" href='https:\/\/ialeman.cl\/wp-content\/uploads\/2025\/12\/Ya-se-Leer-2025-Instituto-Aleman-de-Puerto-Montt_0024_Niveles-7.jpg'><img loading=\"lazy\" decoding=\"async\" width=\"1200\" height=\"801\" src=\"https:\/\/ialeman.cl\/wp-content\/uploads\/2025\/12\/Ya-se-Leer-2025-Instituto-Aleman-de-Puerto-Montt_0024_Niveles-7.jpg\" class=\"attachment-full size-full\" alt=\"\" srcset=\"https:\/\/ialeman.cl\/wp-content\/uploads\/2025\/12\/Ya-se-Leer-2025-Instituto-Aleman-de-Puerto-Montt_0024_Niveles-7.jpg 1200w, https:\/\/ialeman.cl\/wp-content\/uploads\/2025\/12\/Ya-se-Leer-2025-Instituto-Aleman-de-Puerto-Montt_0024_Niveles-7-300x200.jpg 300w, https:\/\/ialeman.cl\/wp-content\/uploads\/2025\/12\/Ya-se-Leer-2025-Instituto-Aleman-de-Puerto-Montt_0024_Niveles-7-1024x684.jpg 1024w, https:\/\/ialeman.cl\/wp-content\/uploads\/2025\/12\/Ya-se-Leer-2025-Instituto-Aleman-de-Puerto-Montt_0024_Niveles-7-768x513.jpg 768w\" sizes=\"(max-width: 1200px) 100vw, 1200px\" \/><\/a>\n\t\t\t<\/div><\/figure><figure class='gallery-item'>\n\t\t\t<div class='gallery-icon landscape'>\n\t\t\t\t<a data-elementor-open-lightbox=\"yes\" data-elementor-lightbox-slideshow=\"4ee8941\" data-elementor-lightbox-title=\"Ya s\u00e9 Leer 2025 Instituto Alem\u00e1n de Puerto Montt_0026_Niveles 7\" data-e-action-hash=\"#elementor-action%3Aaction%3Dlightbox%26settings%3DeyJpZCI6NTI2NDMsInVybCI6Imh0dHBzOlwvXC9pYWxlbWFuLmNsXC93cC1jb250ZW50XC91cGxvYWRzXC8yMDI1XC8xMlwvWWEtc2UtTGVlci0yMDI1LUluc3RpdHV0by1BbGVtYW4tZGUtUHVlcnRvLU1vbnR0XzAwMjZfTml2ZWxlcy03LmpwZyIsInNsaWRlc2hvdyI6IjRlZTg5NDEifQ%3D%3D\" href='https:\/\/ialeman.cl\/wp-content\/uploads\/2025\/12\/Ya-se-Leer-2025-Instituto-Aleman-de-Puerto-Montt_0026_Niveles-7.jpg'><img loading=\"lazy\" decoding=\"async\" width=\"1200\" height=\"801\" src=\"https:\/\/ialeman.cl\/wp-content\/uploads\/2025\/12\/Ya-se-Leer-2025-Instituto-Aleman-de-Puerto-Montt_0026_Niveles-7.jpg\" class=\"attachment-full size-full\" alt=\"\" srcset=\"https:\/\/ialeman.cl\/wp-content\/uploads\/2025\/12\/Ya-se-Leer-2025-Instituto-Aleman-de-Puerto-Montt_0026_Niveles-7.jpg 1200w, https:\/\/ialeman.cl\/wp-content\/uploads\/2025\/12\/Ya-se-Leer-2025-Instituto-Aleman-de-Puerto-Montt_0026_Niveles-7-300x200.jpg 300w, https:\/\/ialeman.cl\/wp-content\/uploads\/2025\/12\/Ya-se-Leer-2025-Instituto-Aleman-de-Puerto-Montt_0026_Niveles-7-1024x684.jpg 1024w, https:\/\/ialeman.cl\/wp-content\/uploads\/2025\/12\/Ya-se-Leer-2025-Instituto-Aleman-de-Puerto-Montt_0026_Niveles-7-768x513.jpg 768w\" sizes=\"(max-width: 1200px) 100vw, 1200px\" \/><\/a>\n\t\t\t<\/div><\/figure><figure class='gallery-item'>\n\t\t\t<div class='gallery-icon landscape'>\n\t\t\t\t<a data-elementor-open-lightbox=\"yes\" data-elementor-lightbox-slideshow=\"4ee8941\" data-elementor-lightbox-title=\"Ya s\u00e9 Leer 2025 Instituto Alem\u00e1n de Puerto Montt_0027_DSC_5055\" data-e-action-hash=\"#elementor-action%3Aaction%3Dlightbox%26settings%3DeyJpZCI6NTI2NDQsInVybCI6Imh0dHBzOlwvXC9pYWxlbWFuLmNsXC93cC1jb250ZW50XC91cGxvYWRzXC8yMDI1XC8xMlwvWWEtc2UtTGVlci0yMDI1LUluc3RpdHV0by1BbGVtYW4tZGUtUHVlcnRvLU1vbnR0XzAwMjdfRFNDXzUwNTUuanBnIiwic2xpZGVzaG93IjoiNGVlODk0MSJ9\" href='https:\/\/ialeman.cl\/wp-content\/uploads\/2025\/12\/Ya-se-Leer-2025-Instituto-Aleman-de-Puerto-Montt_0027_DSC_5055.jpg'><img loading=\"lazy\" decoding=\"async\" width=\"1200\" height=\"801\" src=\"https:\/\/ialeman.cl\/wp-content\/uploads\/2025\/12\/Ya-se-Leer-2025-Instituto-Aleman-de-Puerto-Montt_0027_DSC_5055.jpg\" class=\"attachment-full size-full\" alt=\"\" srcset=\"https:\/\/ialeman.cl\/wp-content\/uploads\/2025\/12\/Ya-se-Leer-2025-Instituto-Aleman-de-Puerto-Montt_0027_DSC_5055.jpg 1200w, https:\/\/ialeman.cl\/wp-content\/uploads\/2025\/12\/Ya-se-Leer-2025-Instituto-Aleman-de-Puerto-Montt_0027_DSC_5055-300x200.jpg 300w, https:\/\/ialeman.cl\/wp-content\/uploads\/2025\/12\/Ya-se-Leer-2025-Instituto-Aleman-de-Puerto-Montt_0027_DSC_5055-1024x684.jpg 1024w, https:\/\/ialeman.cl\/wp-content\/uploads\/2025\/12\/Ya-se-Leer-2025-Instituto-Aleman-de-Puerto-Montt_0027_DSC_5055-768x513.jpg 768w\" sizes=\"(max-width: 1200px) 100vw, 1200px\" \/><\/a>\n\t\t\t<\/div><\/figure><figure class='gallery-item'>\n\t\t\t<div class='gallery-icon landscape'>\n\t\t\t\t<a data-elementor-open-lightbox=\"yes\" data-elementor-lightbox-slideshow=\"4ee8941\" data-elementor-lightbox-title=\"Ya s\u00e9 Leer 2025 Instituto Alem\u00e1n de Puerto Montt_0028_Niveles 7\" data-e-action-hash=\"#elementor-action%3Aaction%3Dlightbox%26settings%3DeyJpZCI6NTI2NDUsInVybCI6Imh0dHBzOlwvXC9pYWxlbWFuLmNsXC93cC1jb250ZW50XC91cGxvYWRzXC8yMDI1XC8xMlwvWWEtc2UtTGVlci0yMDI1LUluc3RpdHV0by1BbGVtYW4tZGUtUHVlcnRvLU1vbnR0XzAwMjhfTml2ZWxlcy03LmpwZyIsInNsaWRlc2hvdyI6IjRlZTg5NDEifQ%3D%3D\" href='https:\/\/ialeman.cl\/wp-content\/uploads\/2025\/12\/Ya-se-Leer-2025-Instituto-Aleman-de-Puerto-Montt_0028_Niveles-7.jpg'><img loading=\"lazy\" decoding=\"async\" width=\"1200\" height=\"801\" src=\"https:\/\/ialeman.cl\/wp-content\/uploads\/2025\/12\/Ya-se-Leer-2025-Instituto-Aleman-de-Puerto-Montt_0028_Niveles-7.jpg\" class=\"attachment-full size-full\" alt=\"\" srcset=\"https:\/\/ialeman.cl\/wp-content\/uploads\/2025\/12\/Ya-se-Leer-2025-Instituto-Aleman-de-Puerto-Montt_0028_Niveles-7.jpg 1200w, https:\/\/ialeman.cl\/wp-content\/uploads\/2025\/12\/Ya-se-Leer-2025-Instituto-Aleman-de-Puerto-Montt_0028_Niveles-7-300x200.jpg 300w, https:\/\/ialeman.cl\/wp-content\/uploads\/2025\/12\/Ya-se-Leer-2025-Instituto-Aleman-de-Puerto-Montt_0028_Niveles-7-1024x684.jpg 1024w, https:\/\/ialeman.cl\/wp-content\/uploads\/2025\/12\/Ya-se-Leer-2025-Instituto-Aleman-de-Puerto-Montt_0028_Niveles-7-768x513.jpg 768w\" sizes=\"(max-width: 1200px) 100vw, 1200px\" \/><\/a>\n\t\t\t<\/div><\/figure><figure class='gallery-item'>\n\t\t\t<div class='gallery-icon landscape'>\n\t\t\t\t<a data-elementor-open-lightbox=\"yes\" data-elementor-lightbox-slideshow=\"4ee8941\" data-elementor-lightbox-title=\"Ya s\u00e9 Leer 2025 Instituto Alem\u00e1n de Puerto Montt_0029_Niveles 7\" data-e-action-hash=\"#elementor-action%3Aaction%3Dlightbox%26settings%3DeyJpZCI6NTI2NDYsInVybCI6Imh0dHBzOlwvXC9pYWxlbWFuLmNsXC93cC1jb250ZW50XC91cGxvYWRzXC8yMDI1XC8xMlwvWWEtc2UtTGVlci0yMDI1LUluc3RpdHV0by1BbGVtYW4tZGUtUHVlcnRvLU1vbnR0XzAwMjlfTml2ZWxlcy03LmpwZyIsInNsaWRlc2hvdyI6IjRlZTg5NDEifQ%3D%3D\" href='https:\/\/ialeman.cl\/wp-content\/uploads\/2025\/12\/Ya-se-Leer-2025-Instituto-Aleman-de-Puerto-Montt_0029_Niveles-7.jpg'><img loading=\"lazy\" decoding=\"async\" width=\"1200\" height=\"801\" src=\"https:\/\/ialeman.cl\/wp-content\/uploads\/2025\/12\/Ya-se-Leer-2025-Instituto-Aleman-de-Puerto-Montt_0029_Niveles-7.jpg\" class=\"attachment-full size-full\" alt=\"\" srcset=\"https:\/\/ialeman.cl\/wp-content\/uploads\/2025\/12\/Ya-se-Leer-2025-Instituto-Aleman-de-Puerto-Montt_0029_Niveles-7.jpg 1200w, https:\/\/ialeman.cl\/wp-content\/uploads\/2025\/12\/Ya-se-Leer-2025-Instituto-Aleman-de-Puerto-Montt_0029_Niveles-7-300x200.jpg 300w, https:\/\/ialeman.cl\/wp-content\/uploads\/2025\/12\/Ya-se-Leer-2025-Instituto-Aleman-de-Puerto-Montt_0029_Niveles-7-1024x684.jpg 1024w, https:\/\/ialeman.cl\/wp-content\/uploads\/2025\/12\/Ya-se-Leer-2025-Instituto-Aleman-de-Puerto-Montt_0029_Niveles-7-768x513.jpg 768w\" sizes=\"(max-width: 1200px) 100vw, 1200px\" \/><\/a>\n\t\t\t<\/div><\/figure><figure class='gallery-item'>\n\t\t\t<div class='gallery-icon landscape'>\n\t\t\t\t<a data-elementor-open-lightbox=\"yes\" data-elementor-lightbox-slideshow=\"4ee8941\" data-elementor-lightbox-title=\"Ya s\u00e9 Leer 2025 Instituto Alem\u00e1n de Puerto Montt_0006_Niveles 3\" data-e-action-hash=\"#elementor-action%3Aaction%3Dlightbox%26settings%3DeyJpZCI6NTI2MjMsInVybCI6Imh0dHBzOlwvXC9pYWxlbWFuLmNsXC93cC1jb250ZW50XC91cGxvYWRzXC8yMDI1XC8xMlwvWWEtc2UtTGVlci0yMDI1LUluc3RpdHV0by1BbGVtYW4tZGUtUHVlcnRvLU1vbnR0XzAwMDZfTml2ZWxlcy0zLmpwZyIsInNsaWRlc2hvdyI6IjRlZTg5NDEifQ%3D%3D\" href='https:\/\/ialeman.cl\/wp-content\/uploads\/2025\/12\/Ya-se-Leer-2025-Instituto-Aleman-de-Puerto-Montt_0006_Niveles-3.jpg'><img loading=\"lazy\" decoding=\"async\" width=\"1200\" height=\"801\" src=\"https:\/\/ialeman.cl\/wp-content\/uploads\/2025\/12\/Ya-se-Leer-2025-Instituto-Aleman-de-Puerto-Montt_0006_Niveles-3.jpg\" class=\"attachment-full size-full\" alt=\"\" srcset=\"https:\/\/ialeman.cl\/wp-content\/uploads\/2025\/12\/Ya-se-Leer-2025-Instituto-Aleman-de-Puerto-Montt_0006_Niveles-3.jpg 1200w, https:\/\/ialeman.cl\/wp-content\/uploads\/2025\/12\/Ya-se-Leer-2025-Instituto-Aleman-de-Puerto-Montt_0006_Niveles-3-300x200.jpg 300w, https:\/\/ialeman.cl\/wp-content\/uploads\/2025\/12\/Ya-se-Leer-2025-Instituto-Aleman-de-Puerto-Montt_0006_Niveles-3-1024x684.jpg 1024w, https:\/\/ialeman.cl\/wp-content\/uploads\/2025\/12\/Ya-se-Leer-2025-Instituto-Aleman-de-Puerto-Montt_0006_Niveles-3-768x513.jpg 768w\" sizes=\"(max-width: 1200px) 100vw, 1200px\" \/><\/a>\n\t\t\t<\/div><\/figure><figure class='gallery-item'>\n\t\t\t<div class='gallery-icon landscape'>\n\t\t\t\t<a data-elementor-open-lightbox=\"yes\" data-elementor-lightbox-slideshow=\"4ee8941\" data-elementor-lightbox-title=\"Ya s\u00e9 Leer 2025 Instituto Alem\u00e1n de Puerto Montt_0030_Niveles 7\" data-e-action-hash=\"#elementor-action%3Aaction%3Dlightbox%26settings%3DeyJpZCI6NTI2NDcsInVybCI6Imh0dHBzOlwvXC9pYWxlbWFuLmNsXC93cC1jb250ZW50XC91cGxvYWRzXC8yMDI1XC8xMlwvWWEtc2UtTGVlci0yMDI1LUluc3RpdHV0by1BbGVtYW4tZGUtUHVlcnRvLU1vbnR0XzAwMzBfTml2ZWxlcy03LmpwZyIsInNsaWRlc2hvdyI6IjRlZTg5NDEifQ%3D%3D\" href='https:\/\/ialeman.cl\/wp-content\/uploads\/2025\/12\/Ya-se-Leer-2025-Instituto-Aleman-de-Puerto-Montt_0030_Niveles-7.jpg'><img loading=\"lazy\" decoding=\"async\" width=\"1200\" height=\"801\" src=\"https:\/\/ialeman.cl\/wp-content\/uploads\/2025\/12\/Ya-se-Leer-2025-Instituto-Aleman-de-Puerto-Montt_0030_Niveles-7.jpg\" class=\"attachment-full size-full\" alt=\"\" srcset=\"https:\/\/ialeman.cl\/wp-content\/uploads\/2025\/12\/Ya-se-Leer-2025-Instituto-Aleman-de-Puerto-Montt_0030_Niveles-7.jpg 1200w, https:\/\/ialeman.cl\/wp-content\/uploads\/2025\/12\/Ya-se-Leer-2025-Instituto-Aleman-de-Puerto-Montt_0030_Niveles-7-300x200.jpg 300w, https:\/\/ialeman.cl\/wp-content\/uploads\/2025\/12\/Ya-se-Leer-2025-Instituto-Aleman-de-Puerto-Montt_0030_Niveles-7-1024x684.jpg 1024w, https:\/\/ialeman.cl\/wp-content\/uploads\/2025\/12\/Ya-se-Leer-2025-Instituto-Aleman-de-Puerto-Montt_0030_Niveles-7-768x513.jpg 768w\" sizes=\"(max-width: 1200px) 100vw, 1200px\" \/><\/a>\n\t\t\t<\/div><\/figure><figure class='gallery-item'>\n\t\t\t<div class='gallery-icon landscape'>\n\t\t\t\t<a data-elementor-open-lightbox=\"yes\" data-elementor-lightbox-slideshow=\"4ee8941\" data-elementor-lightbox-title=\"Ya s\u00e9 Leer 2025 Instituto Alem\u00e1n de Puerto Montt_0031_Niveles 7\" data-e-action-hash=\"#elementor-action%3Aaction%3Dlightbox%26settings%3DeyJpZCI6NTI2NDgsInVybCI6Imh0dHBzOlwvXC9pYWxlbWFuLmNsXC93cC1jb250ZW50XC91cGxvYWRzXC8yMDI1XC8xMlwvWWEtc2UtTGVlci0yMDI1LUluc3RpdHV0by1BbGVtYW4tZGUtUHVlcnRvLU1vbnR0XzAwMzFfTml2ZWxlcy03LmpwZyIsInNsaWRlc2hvdyI6IjRlZTg5NDEifQ%3D%3D\" href='https:\/\/ialeman.cl\/wp-content\/uploads\/2025\/12\/Ya-se-Leer-2025-Instituto-Aleman-de-Puerto-Montt_0031_Niveles-7.jpg'><img loading=\"lazy\" decoding=\"async\" width=\"1200\" height=\"801\" src=\"https:\/\/ialeman.cl\/wp-content\/uploads\/2025\/12\/Ya-se-Leer-2025-Instituto-Aleman-de-Puerto-Montt_0031_Niveles-7.jpg\" class=\"attachment-full size-full\" alt=\"\" srcset=\"https:\/\/ialeman.cl\/wp-content\/uploads\/2025\/12\/Ya-se-Leer-2025-Instituto-Aleman-de-Puerto-Montt_0031_Niveles-7.jpg 1200w, https:\/\/ialeman.cl\/wp-content\/uploads\/2025\/12\/Ya-se-Leer-2025-Instituto-Aleman-de-Puerto-Montt_0031_Niveles-7-300x200.jpg 300w, https:\/\/ialeman.cl\/wp-content\/uploads\/2025\/12\/Ya-se-Leer-2025-Instituto-Aleman-de-Puerto-Montt_0031_Niveles-7-1024x684.jpg 1024w, https:\/\/ialeman.cl\/wp-content\/uploads\/2025\/12\/Ya-se-Leer-2025-Instituto-Aleman-de-Puerto-Montt_0031_Niveles-7-768x513.jpg 768w\" sizes=\"(max-width: 1200px) 100vw, 1200px\" \/><\/a>\n\t\t\t<\/div><\/figure><figure class='gallery-item'>\n\t\t\t<div class='gallery-icon landscape'>\n\t\t\t\t<a data-elementor-open-lightbox=\"yes\" data-elementor-lightbox-slideshow=\"4ee8941\" data-elementor-lightbox-title=\"Ya s\u00e9 Leer 2025 Instituto Alem\u00e1n de Puerto Montt_0032_Niveles 7\" data-e-action-hash=\"#elementor-action%3Aaction%3Dlightbox%26settings%3DeyJpZCI6NTI2NDksInVybCI6Imh0dHBzOlwvXC9pYWxlbWFuLmNsXC93cC1jb250ZW50XC91cGxvYWRzXC8yMDI1XC8xMlwvWWEtc2UtTGVlci0yMDI1LUluc3RpdHV0by1BbGVtYW4tZGUtUHVlcnRvLU1vbnR0XzAwMzJfTml2ZWxlcy03LmpwZyIsInNsaWRlc2hvdyI6IjRlZTg5NDEifQ%3D%3D\" href='https:\/\/ialeman.cl\/wp-content\/uploads\/2025\/12\/Ya-se-Leer-2025-Instituto-Aleman-de-Puerto-Montt_0032_Niveles-7.jpg'><img loading=\"lazy\" decoding=\"async\" width=\"1200\" height=\"801\" src=\"https:\/\/ialeman.cl\/wp-content\/uploads\/2025\/12\/Ya-se-Leer-2025-Instituto-Aleman-de-Puerto-Montt_0032_Niveles-7.jpg\" class=\"attachment-full size-full\" alt=\"\" srcset=\"https:\/\/ialeman.cl\/wp-content\/uploads\/2025\/12\/Ya-se-Leer-2025-Instituto-Aleman-de-Puerto-Montt_0032_Niveles-7.jpg 1200w, https:\/\/ialeman.cl\/wp-content\/uploads\/2025\/12\/Ya-se-Leer-2025-Instituto-Aleman-de-Puerto-Montt_0032_Niveles-7-300x200.jpg 300w, https:\/\/ialeman.cl\/wp-content\/uploads\/2025\/12\/Ya-se-Leer-2025-Instituto-Aleman-de-Puerto-Montt_0032_Niveles-7-1024x684.jpg 1024w, https:\/\/ialeman.cl\/wp-content\/uploads\/2025\/12\/Ya-se-Leer-2025-Instituto-Aleman-de-Puerto-Montt_0032_Niveles-7-768x513.jpg 768w\" sizes=\"(max-width: 1200px) 100vw, 1200px\" \/><\/a>\n\t\t\t<\/div><\/figure><figure class='gallery-item'>\n\t\t\t<div class='gallery-icon landscape'>\n\t\t\t\t<a data-elementor-open-lightbox=\"yes\" data-elementor-lightbox-slideshow=\"4ee8941\" data-elementor-lightbox-title=\"Ya s\u00e9 Leer 2025 Instituto Alem\u00e1n de Puerto Montt_0033_Niveles 7\" data-e-action-hash=\"#elementor-action%3Aaction%3Dlightbox%26settings%3DeyJpZCI6NTI2NTAsInVybCI6Imh0dHBzOlwvXC9pYWxlbWFuLmNsXC93cC1jb250ZW50XC91cGxvYWRzXC8yMDI1XC8xMlwvWWEtc2UtTGVlci0yMDI1LUluc3RpdHV0by1BbGVtYW4tZGUtUHVlcnRvLU1vbnR0XzAwMzNfTml2ZWxlcy03LTEuanBnIiwic2xpZGVzaG93IjoiNGVlODk0MSJ9\" href='https:\/\/ialeman.cl\/wp-content\/uploads\/2025\/12\/Ya-se-Leer-2025-Instituto-Aleman-de-Puerto-Montt_0033_Niveles-7-1.jpg'><img loading=\"lazy\" decoding=\"async\" width=\"1200\" height=\"801\" src=\"https:\/\/ialeman.cl\/wp-content\/uploads\/2025\/12\/Ya-se-Leer-2025-Instituto-Aleman-de-Puerto-Montt_0033_Niveles-7-1.jpg\" class=\"attachment-full size-full\" alt=\"\" srcset=\"https:\/\/ialeman.cl\/wp-content\/uploads\/2025\/12\/Ya-se-Leer-2025-Instituto-Aleman-de-Puerto-Montt_0033_Niveles-7-1.jpg 1200w, https:\/\/ialeman.cl\/wp-content\/uploads\/2025\/12\/Ya-se-Leer-2025-Instituto-Aleman-de-Puerto-Montt_0033_Niveles-7-1-300x200.jpg 300w, https:\/\/ialeman.cl\/wp-content\/uploads\/2025\/12\/Ya-se-Leer-2025-Instituto-Aleman-de-Puerto-Montt_0033_Niveles-7-1-1024x684.jpg 1024w, https:\/\/ialeman.cl\/wp-content\/uploads\/2025\/12\/Ya-se-Leer-2025-Instituto-Aleman-de-Puerto-Montt_0033_Niveles-7-1-768x513.jpg 768w\" sizes=\"(max-width: 1200px) 100vw, 1200px\" \/><\/a>\n\t\t\t<\/div><\/figure><figure class='gallery-item'>\n\t\t\t<div class='gallery-icon landscape'>\n\t\t\t\t<a data-elementor-open-lightbox=\"yes\" data-elementor-lightbox-slideshow=\"4ee8941\" data-elementor-lightbox-title=\"Ya s\u00e9 Leer 2025 Instituto Alem\u00e1n de Puerto Montt_0048_Niveles 8\" data-e-action-hash=\"#elementor-action%3Aaction%3Dlightbox%26settings%3DeyJpZCI6NTI2NjUsInVybCI6Imh0dHBzOlwvXC9pYWxlbWFuLmNsXC93cC1jb250ZW50XC91cGxvYWRzXC8yMDI1XC8xMlwvWWEtc2UtTGVlci0yMDI1LUluc3RpdHV0by1BbGVtYW4tZGUtUHVlcnRvLU1vbnR0XzAwNDhfTml2ZWxlcy04LmpwZyIsInNsaWRlc2hvdyI6IjRlZTg5NDEifQ%3D%3D\" href='https:\/\/ialeman.cl\/wp-content\/uploads\/2025\/12\/Ya-se-Leer-2025-Instituto-Aleman-de-Puerto-Montt_0048_Niveles-8.jpg'><img loading=\"lazy\" decoding=\"async\" width=\"1200\" height=\"801\" src=\"https:\/\/ialeman.cl\/wp-content\/uploads\/2025\/12\/Ya-se-Leer-2025-Instituto-Aleman-de-Puerto-Montt_0048_Niveles-8.jpg\" class=\"attachment-full size-full\" alt=\"\" srcset=\"https:\/\/ialeman.cl\/wp-content\/uploads\/2025\/12\/Ya-se-Leer-2025-Instituto-Aleman-de-Puerto-Montt_0048_Niveles-8.jpg 1200w, https:\/\/ialeman.cl\/wp-content\/uploads\/2025\/12\/Ya-se-Leer-2025-Instituto-Aleman-de-Puerto-Montt_0048_Niveles-8-300x200.jpg 300w, https:\/\/ialeman.cl\/wp-content\/uploads\/2025\/12\/Ya-se-Leer-2025-Instituto-Aleman-de-Puerto-Montt_0048_Niveles-8-1024x684.jpg 1024w, https:\/\/ialeman.cl\/wp-content\/uploads\/2025\/12\/Ya-se-Leer-2025-Instituto-Aleman-de-Puerto-Montt_0048_Niveles-8-768x513.jpg 768w\" sizes=\"(max-width: 1200px) 100vw, 1200px\" \/><\/a>\n\t\t\t<\/div><\/figure><figure class='gallery-item'>\n\t\t\t<div class='gallery-icon landscape'>\n\t\t\t\t<a data-elementor-open-lightbox=\"yes\" data-elementor-lightbox-slideshow=\"4ee8941\" data-elementor-lightbox-title=\"Ya s\u00e9 Leer 2025 Instituto Alem\u00e1n de Puerto Montt_0034_Niveles 7\" data-e-action-hash=\"#elementor-action%3Aaction%3Dlightbox%26settings%3DeyJpZCI6NTI2NTEsInVybCI6Imh0dHBzOlwvXC9pYWxlbWFuLmNsXC93cC1jb250ZW50XC91cGxvYWRzXC8yMDI1XC8xMlwvWWEtc2UtTGVlci0yMDI1LUluc3RpdHV0by1BbGVtYW4tZGUtUHVlcnRvLU1vbnR0XzAwMzRfTml2ZWxlcy03LmpwZyIsInNsaWRlc2hvdyI6IjRlZTg5NDEifQ%3D%3D\" href='https:\/\/ialeman.cl\/wp-content\/uploads\/2025\/12\/Ya-se-Leer-2025-Instituto-Aleman-de-Puerto-Montt_0034_Niveles-7.jpg'><img loading=\"lazy\" decoding=\"async\" width=\"1200\" height=\"801\" src=\"https:\/\/ialeman.cl\/wp-content\/uploads\/2025\/12\/Ya-se-Leer-2025-Instituto-Aleman-de-Puerto-Montt_0034_Niveles-7.jpg\" class=\"attachment-full size-full\" alt=\"\" srcset=\"https:\/\/ialeman.cl\/wp-content\/uploads\/2025\/12\/Ya-se-Leer-2025-Instituto-Aleman-de-Puerto-Montt_0034_Niveles-7.jpg 1200w, https:\/\/ialeman.cl\/wp-content\/uploads\/2025\/12\/Ya-se-Leer-2025-Instituto-Aleman-de-Puerto-Montt_0034_Niveles-7-300x200.jpg 300w, https:\/\/ialeman.cl\/wp-content\/uploads\/2025\/12\/Ya-se-Leer-2025-Instituto-Aleman-de-Puerto-Montt_0034_Niveles-7-1024x684.jpg 1024w, https:\/\/ialeman.cl\/wp-content\/uploads\/2025\/12\/Ya-se-Leer-2025-Instituto-Aleman-de-Puerto-Montt_0034_Niveles-7-768x513.jpg 768w\" sizes=\"(max-width: 1200px) 100vw, 1200px\" \/><\/a>\n\t\t\t<\/div><\/figure><figure class='gallery-item'>\n\t\t\t<div class='gallery-icon landscape'>\n\t\t\t\t<a data-elementor-open-lightbox=\"yes\" data-elementor-lightbox-slideshow=\"4ee8941\" data-elementor-lightbox-title=\"Ya s\u00e9 Leer 2025 Instituto Alem\u00e1n de Puerto Montt_0035_DSC_4981\" data-e-action-hash=\"#elementor-action%3Aaction%3Dlightbox%26settings%3DeyJpZCI6NTI2NTIsInVybCI6Imh0dHBzOlwvXC9pYWxlbWFuLmNsXC93cC1jb250ZW50XC91cGxvYWRzXC8yMDI1XC8xMlwvWWEtc2UtTGVlci0yMDI1LUluc3RpdHV0by1BbGVtYW4tZGUtUHVlcnRvLU1vbnR0XzAwMzVfRFNDXzQ5ODEuanBnIiwic2xpZGVzaG93IjoiNGVlODk0MSJ9\" href='https:\/\/ialeman.cl\/wp-content\/uploads\/2025\/12\/Ya-se-Leer-2025-Instituto-Aleman-de-Puerto-Montt_0035_DSC_4981.jpg'><img loading=\"lazy\" decoding=\"async\" width=\"1200\" height=\"801\" src=\"https:\/\/ialeman.cl\/wp-content\/uploads\/2025\/12\/Ya-se-Leer-2025-Instituto-Aleman-de-Puerto-Montt_0035_DSC_4981.jpg\" class=\"attachment-full size-full\" alt=\"\" srcset=\"https:\/\/ialeman.cl\/wp-content\/uploads\/2025\/12\/Ya-se-Leer-2025-Instituto-Aleman-de-Puerto-Montt_0035_DSC_4981.jpg 1200w, https:\/\/ialeman.cl\/wp-content\/uploads\/2025\/12\/Ya-se-Leer-2025-Instituto-Aleman-de-Puerto-Montt_0035_DSC_4981-300x200.jpg 300w, https:\/\/ialeman.cl\/wp-content\/uploads\/2025\/12\/Ya-se-Leer-2025-Instituto-Aleman-de-Puerto-Montt_0035_DSC_4981-1024x684.jpg 1024w, https:\/\/ialeman.cl\/wp-content\/uploads\/2025\/12\/Ya-se-Leer-2025-Instituto-Aleman-de-Puerto-Montt_0035_DSC_4981-768x513.jpg 768w\" sizes=\"(max-width: 1200px) 100vw, 1200px\" \/><\/a>\n\t\t\t<\/div><\/figure><figure class='gallery-item'>\n\t\t\t<div class='gallery-icon landscape'>\n\t\t\t\t<a data-elementor-open-lightbox=\"yes\" data-elementor-lightbox-slideshow=\"4ee8941\" data-elementor-lightbox-title=\"Ya s\u00e9 Leer 2025 Instituto Alem\u00e1n de Puerto Montt_0022_DSC_5095\" data-e-action-hash=\"#elementor-action%3Aaction%3Dlightbox%26settings%3DeyJpZCI6NTI2MzksInVybCI6Imh0dHBzOlwvXC9pYWxlbWFuLmNsXC93cC1jb250ZW50XC91cGxvYWRzXC8yMDI1XC8xMlwvWWEtc2UtTGVlci0yMDI1LUluc3RpdHV0by1BbGVtYW4tZGUtUHVlcnRvLU1vbnR0XzAwMjJfRFNDXzUwOTUuanBnIiwic2xpZGVzaG93IjoiNGVlODk0MSJ9\" href='https:\/\/ialeman.cl\/wp-content\/uploads\/2025\/12\/Ya-se-Leer-2025-Instituto-Aleman-de-Puerto-Montt_0022_DSC_5095.jpg'><img loading=\"lazy\" decoding=\"async\" width=\"1200\" height=\"801\" src=\"https:\/\/ialeman.cl\/wp-content\/uploads\/2025\/12\/Ya-se-Leer-2025-Instituto-Aleman-de-Puerto-Montt_0022_DSC_5095.jpg\" class=\"attachment-full size-full\" alt=\"\" srcset=\"https:\/\/ialeman.cl\/wp-content\/uploads\/2025\/12\/Ya-se-Leer-2025-Instituto-Aleman-de-Puerto-Montt_0022_DSC_5095.jpg 1200w, https:\/\/ialeman.cl\/wp-content\/uploads\/2025\/12\/Ya-se-Leer-2025-Instituto-Aleman-de-Puerto-Montt_0022_DSC_5095-300x200.jpg 300w, https:\/\/ialeman.cl\/wp-content\/uploads\/2025\/12\/Ya-se-Leer-2025-Instituto-Aleman-de-Puerto-Montt_0022_DSC_5095-1024x684.jpg 1024w, https:\/\/ialeman.cl\/wp-content\/uploads\/2025\/12\/Ya-se-Leer-2025-Instituto-Aleman-de-Puerto-Montt_0022_DSC_5095-768x513.jpg 768w\" sizes=\"(max-width: 1200px) 100vw, 1200px\" \/><\/a>\n\t\t\t<\/div><\/figure><figure class='gallery-item'>\n\t\t\t<div class='gallery-icon landscape'>\n\t\t\t\t<a data-elementor-open-lightbox=\"yes\" data-elementor-lightbox-slideshow=\"4ee8941\" data-elementor-lightbox-title=\"Ya s\u00e9 Leer 2025 Instituto Alem\u00e1n de Puerto Montt_0038_Niveles 7\" data-e-action-hash=\"#elementor-action%3Aaction%3Dlightbox%26settings%3DeyJpZCI6NTI2NTUsInVybCI6Imh0dHBzOlwvXC9pYWxlbWFuLmNsXC93cC1jb250ZW50XC91cGxvYWRzXC8yMDI1XC8xMlwvWWEtc2UtTGVlci0yMDI1LUluc3RpdHV0by1BbGVtYW4tZGUtUHVlcnRvLU1vbnR0XzAwMzhfTml2ZWxlcy03LmpwZyIsInNsaWRlc2hvdyI6IjRlZTg5NDEifQ%3D%3D\" href='https:\/\/ialeman.cl\/wp-content\/uploads\/2025\/12\/Ya-se-Leer-2025-Instituto-Aleman-de-Puerto-Montt_0038_Niveles-7.jpg'><img loading=\"lazy\" decoding=\"async\" width=\"1200\" height=\"801\" src=\"https:\/\/ialeman.cl\/wp-content\/uploads\/2025\/12\/Ya-se-Leer-2025-Instituto-Aleman-de-Puerto-Montt_0038_Niveles-7.jpg\" class=\"attachment-full size-full\" alt=\"\" srcset=\"https:\/\/ialeman.cl\/wp-content\/uploads\/2025\/12\/Ya-se-Leer-2025-Instituto-Aleman-de-Puerto-Montt_0038_Niveles-7.jpg 1200w, https:\/\/ialeman.cl\/wp-content\/uploads\/2025\/12\/Ya-se-Leer-2025-Instituto-Aleman-de-Puerto-Montt_0038_Niveles-7-300x200.jpg 300w, https:\/\/ialeman.cl\/wp-content\/uploads\/2025\/12\/Ya-se-Leer-2025-Instituto-Aleman-de-Puerto-Montt_0038_Niveles-7-1024x684.jpg 1024w, https:\/\/ialeman.cl\/wp-content\/uploads\/2025\/12\/Ya-se-Leer-2025-Instituto-Aleman-de-Puerto-Montt_0038_Niveles-7-768x513.jpg 768w\" sizes=\"(max-width: 1200px) 100vw, 1200px\" \/><\/a>\n\t\t\t<\/div><\/figure><figure class='gallery-item'>\n\t\t\t<div class='gallery-icon landscape'>\n\t\t\t\t<a data-elementor-open-lightbox=\"yes\" data-elementor-lightbox-slideshow=\"4ee8941\" data-elementor-lightbox-title=\"Ya s\u00e9 Leer 2025 Instituto Alem\u00e1n de Puerto Montt_0039_Niveles 7\" data-e-action-hash=\"#elementor-action%3Aaction%3Dlightbox%26settings%3DeyJpZCI6NTI2NTYsInVybCI6Imh0dHBzOlwvXC9pYWxlbWFuLmNsXC93cC1jb250ZW50XC91cGxvYWRzXC8yMDI1XC8xMlwvWWEtc2UtTGVlci0yMDI1LUluc3RpdHV0by1BbGVtYW4tZGUtUHVlcnRvLU1vbnR0XzAwMzlfTml2ZWxlcy03LmpwZyIsInNsaWRlc2hvdyI6IjRlZTg5NDEifQ%3D%3D\" href='https:\/\/ialeman.cl\/wp-content\/uploads\/2025\/12\/Ya-se-Leer-2025-Instituto-Aleman-de-Puerto-Montt_0039_Niveles-7.jpg'><img loading=\"lazy\" decoding=\"async\" width=\"1200\" height=\"801\" src=\"https:\/\/ialeman.cl\/wp-content\/uploads\/2025\/12\/Ya-se-Leer-2025-Instituto-Aleman-de-Puerto-Montt_0039_Niveles-7.jpg\" class=\"attachment-full size-full\" alt=\"\" srcset=\"https:\/\/ialeman.cl\/wp-content\/uploads\/2025\/12\/Ya-se-Leer-2025-Instituto-Aleman-de-Puerto-Montt_0039_Niveles-7.jpg 1200w, https:\/\/ialeman.cl\/wp-content\/uploads\/2025\/12\/Ya-se-Leer-2025-Instituto-Aleman-de-Puerto-Montt_0039_Niveles-7-300x200.jpg 300w, https:\/\/ialeman.cl\/wp-content\/uploads\/2025\/12\/Ya-se-Leer-2025-Instituto-Aleman-de-Puerto-Montt_0039_Niveles-7-1024x684.jpg 1024w, https:\/\/ialeman.cl\/wp-content\/uploads\/2025\/12\/Ya-se-Leer-2025-Instituto-Aleman-de-Puerto-Montt_0039_Niveles-7-768x513.jpg 768w\" sizes=\"(max-width: 1200px) 100vw, 1200px\" \/><\/a>\n\t\t\t<\/div><\/figure><figure class='gallery-item'>\n\t\t\t<div class='gallery-icon landscape'>\n\t\t\t\t<a data-elementor-open-lightbox=\"yes\" data-elementor-lightbox-slideshow=\"4ee8941\" data-elementor-lightbox-title=\"Ya s\u00e9 Leer 2025 Instituto Alem\u00e1n de Puerto Montt_0042_DSC_4685\" data-e-action-hash=\"#elementor-action%3Aaction%3Dlightbox%26settings%3DeyJpZCI6NTI2NTksInVybCI6Imh0dHBzOlwvXC9pYWxlbWFuLmNsXC93cC1jb250ZW50XC91cGxvYWRzXC8yMDI1XC8xMlwvWWEtc2UtTGVlci0yMDI1LUluc3RpdHV0by1BbGVtYW4tZGUtUHVlcnRvLU1vbnR0XzAwNDJfRFNDXzQ2ODUuanBnIiwic2xpZGVzaG93IjoiNGVlODk0MSJ9\" href='https:\/\/ialeman.cl\/wp-content\/uploads\/2025\/12\/Ya-se-Leer-2025-Instituto-Aleman-de-Puerto-Montt_0042_DSC_4685.jpg'><img loading=\"lazy\" decoding=\"async\" width=\"1200\" height=\"801\" src=\"https:\/\/ialeman.cl\/wp-content\/uploads\/2025\/12\/Ya-se-Leer-2025-Instituto-Aleman-de-Puerto-Montt_0042_DSC_4685.jpg\" class=\"attachment-full size-full\" alt=\"\" srcset=\"https:\/\/ialeman.cl\/wp-content\/uploads\/2025\/12\/Ya-se-Leer-2025-Instituto-Aleman-de-Puerto-Montt_0042_DSC_4685.jpg 1200w, https:\/\/ialeman.cl\/wp-content\/uploads\/2025\/12\/Ya-se-Leer-2025-Instituto-Aleman-de-Puerto-Montt_0042_DSC_4685-300x200.jpg 300w, https:\/\/ialeman.cl\/wp-content\/uploads\/2025\/12\/Ya-se-Leer-2025-Instituto-Aleman-de-Puerto-Montt_0042_DSC_4685-1024x684.jpg 1024w, https:\/\/ialeman.cl\/wp-content\/uploads\/2025\/12\/Ya-se-Leer-2025-Instituto-Aleman-de-Puerto-Montt_0042_DSC_4685-768x513.jpg 768w\" sizes=\"(max-width: 1200px) 100vw, 1200px\" \/><\/a>\n\t\t\t<\/div><\/figure><figure class='gallery-item'>\n\t\t\t<div class='gallery-icon landscape'>\n\t\t\t\t<a data-elementor-open-lightbox=\"yes\" data-elementor-lightbox-slideshow=\"4ee8941\" data-elementor-lightbox-title=\"Ya s\u00e9 Leer 2025 Instituto Alem\u00e1n de Puerto Montt_0043_DSC_4682\" data-e-action-hash=\"#elementor-action%3Aaction%3Dlightbox%26settings%3DeyJpZCI6NTI2NjAsInVybCI6Imh0dHBzOlwvXC9pYWxlbWFuLmNsXC93cC1jb250ZW50XC91cGxvYWRzXC8yMDI1XC8xMlwvWWEtc2UtTGVlci0yMDI1LUluc3RpdHV0by1BbGVtYW4tZGUtUHVlcnRvLU1vbnR0XzAwNDNfRFNDXzQ2ODIuanBnIiwic2xpZGVzaG93IjoiNGVlODk0MSJ9\" href='https:\/\/ialeman.cl\/wp-content\/uploads\/2025\/12\/Ya-se-Leer-2025-Instituto-Aleman-de-Puerto-Montt_0043_DSC_4682.jpg'><img loading=\"lazy\" decoding=\"async\" width=\"1200\" height=\"801\" src=\"https:\/\/ialeman.cl\/wp-content\/uploads\/2025\/12\/Ya-se-Leer-2025-Instituto-Aleman-de-Puerto-Montt_0043_DSC_4682.jpg\" class=\"attachment-full size-full\" alt=\"\" srcset=\"https:\/\/ialeman.cl\/wp-content\/uploads\/2025\/12\/Ya-se-Leer-2025-Instituto-Aleman-de-Puerto-Montt_0043_DSC_4682.jpg 1200w, https:\/\/ialeman.cl\/wp-content\/uploads\/2025\/12\/Ya-se-Leer-2025-Instituto-Aleman-de-Puerto-Montt_0043_DSC_4682-300x200.jpg 300w, https:\/\/ialeman.cl\/wp-content\/uploads\/2025\/12\/Ya-se-Leer-2025-Instituto-Aleman-de-Puerto-Montt_0043_DSC_4682-1024x684.jpg 1024w, https:\/\/ialeman.cl\/wp-content\/uploads\/2025\/12\/Ya-se-Leer-2025-Instituto-Aleman-de-Puerto-Montt_0043_DSC_4682-768x513.jpg 768w\" sizes=\"(max-width: 1200px) 100vw, 1200px\" \/><\/a>\n\t\t\t<\/div><\/figure><figure class='gallery-item'>\n\t\t\t<div class='gallery-icon landscape'>\n\t\t\t\t<a data-elementor-open-lightbox=\"yes\" data-elementor-lightbox-slideshow=\"4ee8941\" data-elementor-lightbox-title=\"Ya s\u00e9 Leer 2025 Instituto Alem\u00e1n de Puerto Montt_0044_DSC_4677\" data-e-action-hash=\"#elementor-action%3Aaction%3Dlightbox%26settings%3DeyJpZCI6NTI2NjEsInVybCI6Imh0dHBzOlwvXC9pYWxlbWFuLmNsXC93cC1jb250ZW50XC91cGxvYWRzXC8yMDI1XC8xMlwvWWEtc2UtTGVlci0yMDI1LUluc3RpdHV0by1BbGVtYW4tZGUtUHVlcnRvLU1vbnR0XzAwNDRfRFNDXzQ2NzcuanBnIiwic2xpZGVzaG93IjoiNGVlODk0MSJ9\" href='https:\/\/ialeman.cl\/wp-content\/uploads\/2025\/12\/Ya-se-Leer-2025-Instituto-Aleman-de-Puerto-Montt_0044_DSC_4677.jpg'><img loading=\"lazy\" decoding=\"async\" width=\"1200\" height=\"801\" src=\"https:\/\/ialeman.cl\/wp-content\/uploads\/2025\/12\/Ya-se-Leer-2025-Instituto-Aleman-de-Puerto-Montt_0044_DSC_4677.jpg\" class=\"attachment-full size-full\" alt=\"\" srcset=\"https:\/\/ialeman.cl\/wp-content\/uploads\/2025\/12\/Ya-se-Leer-2025-Instituto-Aleman-de-Puerto-Montt_0044_DSC_4677.jpg 1200w, https:\/\/ialeman.cl\/wp-content\/uploads\/2025\/12\/Ya-se-Leer-2025-Instituto-Aleman-de-Puerto-Montt_0044_DSC_4677-300x200.jpg 300w, https:\/\/ialeman.cl\/wp-content\/uploads\/2025\/12\/Ya-se-Leer-2025-Instituto-Aleman-de-Puerto-Montt_0044_DSC_4677-1024x684.jpg 1024w, https:\/\/ialeman.cl\/wp-content\/uploads\/2025\/12\/Ya-se-Leer-2025-Instituto-Aleman-de-Puerto-Montt_0044_DSC_4677-768x513.jpg 768w\" sizes=\"(max-width: 1200px) 100vw, 1200px\" \/><\/a>\n\t\t\t<\/div><\/figure><figure class='gallery-item'>\n\t\t\t<div class='gallery-icon landscape'>\n\t\t\t\t<a data-elementor-open-lightbox=\"yes\" data-elementor-lightbox-slideshow=\"4ee8941\" data-elementor-lightbox-title=\"Ya s\u00e9 Leer 2025 Instituto Alem\u00e1n de Puerto Montt_0046_DSC_4676\" data-e-action-hash=\"#elementor-action%3Aaction%3Dlightbox%26settings%3DeyJpZCI6NTI2NjMsInVybCI6Imh0dHBzOlwvXC9pYWxlbWFuLmNsXC93cC1jb250ZW50XC91cGxvYWRzXC8yMDI1XC8xMlwvWWEtc2UtTGVlci0yMDI1LUluc3RpdHV0by1BbGVtYW4tZGUtUHVlcnRvLU1vbnR0XzAwNDZfRFNDXzQ2NzYuanBnIiwic2xpZGVzaG93IjoiNGVlODk0MSJ9\" href='https:\/\/ialeman.cl\/wp-content\/uploads\/2025\/12\/Ya-se-Leer-2025-Instituto-Aleman-de-Puerto-Montt_0046_DSC_4676.jpg'><img loading=\"lazy\" decoding=\"async\" width=\"1200\" height=\"801\" src=\"https:\/\/ialeman.cl\/wp-content\/uploads\/2025\/12\/Ya-se-Leer-2025-Instituto-Aleman-de-Puerto-Montt_0046_DSC_4676.jpg\" class=\"attachment-full size-full\" alt=\"\" srcset=\"https:\/\/ialeman.cl\/wp-content\/uploads\/2025\/12\/Ya-se-Leer-2025-Instituto-Aleman-de-Puerto-Montt_0046_DSC_4676.jpg 1200w, https:\/\/ialeman.cl\/wp-content\/uploads\/2025\/12\/Ya-se-Leer-2025-Instituto-Aleman-de-Puerto-Montt_0046_DSC_4676-300x200.jpg 300w, https:\/\/ialeman.cl\/wp-content\/uploads\/2025\/12\/Ya-se-Leer-2025-Instituto-Aleman-de-Puerto-Montt_0046_DSC_4676-1024x684.jpg 1024w, https:\/\/ialeman.cl\/wp-content\/uploads\/2025\/12\/Ya-se-Leer-2025-Instituto-Aleman-de-Puerto-Montt_0046_DSC_4676-768x513.jpg 768w\" sizes=\"(max-width: 1200px) 100vw, 1200px\" \/><\/a>\n\t\t\t<\/div><\/figure><figure class='gallery-item'>\n\t\t\t<div class='gallery-icon landscape'>\n\t\t\t\t<a data-elementor-open-lightbox=\"yes\" data-elementor-lightbox-slideshow=\"4ee8941\" data-elementor-lightbox-title=\"Ya s\u00e9 Leer 2025 Instituto Alem\u00e1n de Puerto Montt_0047_DSC_4673\" data-e-action-hash=\"#elementor-action%3Aaction%3Dlightbox%26settings%3DeyJpZCI6NTI2NjQsInVybCI6Imh0dHBzOlwvXC9pYWxlbWFuLmNsXC93cC1jb250ZW50XC91cGxvYWRzXC8yMDI1XC8xMlwvWWEtc2UtTGVlci0yMDI1LUluc3RpdHV0by1BbGVtYW4tZGUtUHVlcnRvLU1vbnR0XzAwNDdfRFNDXzQ2NzMuanBnIiwic2xpZGVzaG93IjoiNGVlODk0MSJ9\" href='https:\/\/ialeman.cl\/wp-content\/uploads\/2025\/12\/Ya-se-Leer-2025-Instituto-Aleman-de-Puerto-Montt_0047_DSC_4673.jpg'><img loading=\"lazy\" decoding=\"async\" width=\"1200\" height=\"801\" src=\"https:\/\/ialeman.cl\/wp-content\/uploads\/2025\/12\/Ya-se-Leer-2025-Instituto-Aleman-de-Puerto-Montt_0047_DSC_4673.jpg\" class=\"attachment-full size-full\" alt=\"\" srcset=\"https:\/\/ialeman.cl\/wp-content\/uploads\/2025\/12\/Ya-se-Leer-2025-Instituto-Aleman-de-Puerto-Montt_0047_DSC_4673.jpg 1200w, https:\/\/ialeman.cl\/wp-content\/uploads\/2025\/12\/Ya-se-Leer-2025-Instituto-Aleman-de-Puerto-Montt_0047_DSC_4673-300x200.jpg 300w, https:\/\/ialeman.cl\/wp-content\/uploads\/2025\/12\/Ya-se-Leer-2025-Instituto-Aleman-de-Puerto-Montt_0047_DSC_4673-1024x684.jpg 1024w, https:\/\/ialeman.cl\/wp-content\/uploads\/2025\/12\/Ya-se-Leer-2025-Instituto-Aleman-de-Puerto-Montt_0047_DSC_4673-768x513.jpg 768w\" sizes=\"(max-width: 1200px) 100vw, 1200px\" \/><\/a>\n\t\t\t<\/div><\/figure><figure class='gallery-item'>\n\t\t\t<div class='gallery-icon landscape'>\n\t\t\t\t<a data-elementor-open-lightbox=\"yes\" data-elementor-lightbox-slideshow=\"4ee8941\" data-elementor-lightbox-title=\"Ya s\u00e9 Leer 2025 Instituto Alem\u00e1n de Puerto Montt_0049_DSC_4667\" data-e-action-hash=\"#elementor-action%3Aaction%3Dlightbox%26settings%3DeyJpZCI6NTI2NjYsInVybCI6Imh0dHBzOlwvXC9pYWxlbWFuLmNsXC93cC1jb250ZW50XC91cGxvYWRzXC8yMDI1XC8xMlwvWWEtc2UtTGVlci0yMDI1LUluc3RpdHV0by1BbGVtYW4tZGUtUHVlcnRvLU1vbnR0XzAwNDlfRFNDXzQ2NjcuanBnIiwic2xpZGVzaG93IjoiNGVlODk0MSJ9\" href='https:\/\/ialeman.cl\/wp-content\/uploads\/2025\/12\/Ya-se-Leer-2025-Instituto-Aleman-de-Puerto-Montt_0049_DSC_4667.jpg'><img loading=\"lazy\" decoding=\"async\" width=\"1200\" height=\"801\" src=\"https:\/\/ialeman.cl\/wp-content\/uploads\/2025\/12\/Ya-se-Leer-2025-Instituto-Aleman-de-Puerto-Montt_0049_DSC_4667.jpg\" class=\"attachment-full size-full\" alt=\"\" srcset=\"https:\/\/ialeman.cl\/wp-content\/uploads\/2025\/12\/Ya-se-Leer-2025-Instituto-Aleman-de-Puerto-Montt_0049_DSC_4667.jpg 1200w, https:\/\/ialeman.cl\/wp-content\/uploads\/2025\/12\/Ya-se-Leer-2025-Instituto-Aleman-de-Puerto-Montt_0049_DSC_4667-300x200.jpg 300w, https:\/\/ialeman.cl\/wp-content\/uploads\/2025\/12\/Ya-se-Leer-2025-Instituto-Aleman-de-Puerto-Montt_0049_DSC_4667-1024x684.jpg 1024w, https:\/\/ialeman.cl\/wp-content\/uploads\/2025\/12\/Ya-se-Leer-2025-Instituto-Aleman-de-Puerto-Montt_0049_DSC_4667-768x513.jpg 768w\" sizes=\"(max-width: 1200px) 100vw, 1200px\" \/><\/a>\n\t\t\t<\/div><\/figure><figure class='gallery-item'>\n\t\t\t<div class='gallery-icon landscape'>\n\t\t\t\t<a data-elementor-open-lightbox=\"yes\" data-elementor-lightbox-slideshow=\"4ee8941\" data-elementor-lightbox-title=\"Ya s\u00e9 Leer 2025 Instituto Alem\u00e1n de Puerto Montt_0050_Niveles 9\" data-e-action-hash=\"#elementor-action%3Aaction%3Dlightbox%26settings%3DeyJpZCI6NTI2NjcsInVybCI6Imh0dHBzOlwvXC9pYWxlbWFuLmNsXC93cC1jb250ZW50XC91cGxvYWRzXC8yMDI1XC8xMlwvWWEtc2UtTGVlci0yMDI1LUluc3RpdHV0by1BbGVtYW4tZGUtUHVlcnRvLU1vbnR0XzAwNTBfTml2ZWxlcy05LmpwZyIsInNsaWRlc2hvdyI6IjRlZTg5NDEifQ%3D%3D\" href='https:\/\/ialeman.cl\/wp-content\/uploads\/2025\/12\/Ya-se-Leer-2025-Instituto-Aleman-de-Puerto-Montt_0050_Niveles-9.jpg'><img loading=\"lazy\" decoding=\"async\" width=\"1200\" height=\"801\" src=\"https:\/\/ialeman.cl\/wp-content\/uploads\/2025\/12\/Ya-se-Leer-2025-Instituto-Aleman-de-Puerto-Montt_0050_Niveles-9.jpg\" class=\"attachment-full size-full\" alt=\"\" srcset=\"https:\/\/ialeman.cl\/wp-content\/uploads\/2025\/12\/Ya-se-Leer-2025-Instituto-Aleman-de-Puerto-Montt_0050_Niveles-9.jpg 1200w, https:\/\/ialeman.cl\/wp-content\/uploads\/2025\/12\/Ya-se-Leer-2025-Instituto-Aleman-de-Puerto-Montt_0050_Niveles-9-300x200.jpg 300w, https:\/\/ialeman.cl\/wp-content\/uploads\/2025\/12\/Ya-se-Leer-2025-Instituto-Aleman-de-Puerto-Montt_0050_Niveles-9-1024x684.jpg 1024w, https:\/\/ialeman.cl\/wp-content\/uploads\/2025\/12\/Ya-se-Leer-2025-Instituto-Aleman-de-Puerto-Montt_0050_Niveles-9-768x513.jpg 768w\" sizes=\"(max-width: 1200px) 100vw, 1200px\" \/><\/a>\n\t\t\t<\/div><\/figure><figure class='gallery-item'>\n\t\t\t<div class='gallery-icon landscape'>\n\t\t\t\t<a data-elementor-open-lightbox=\"yes\" data-elementor-lightbox-slideshow=\"4ee8941\" data-elementor-lightbox-title=\"Ya s\u00e9 Leer 2025 Instituto Alem\u00e1n de Puerto Montt_0051_Niveles 7\" data-e-action-hash=\"#elementor-action%3Aaction%3Dlightbox%26settings%3DeyJpZCI6NTI2NjgsInVybCI6Imh0dHBzOlwvXC9pYWxlbWFuLmNsXC93cC1jb250ZW50XC91cGxvYWRzXC8yMDI1XC8xMlwvWWEtc2UtTGVlci0yMDI1LUluc3RpdHV0by1BbGVtYW4tZGUtUHVlcnRvLU1vbnR0XzAwNTFfTml2ZWxlcy03LmpwZyIsInNsaWRlc2hvdyI6IjRlZTg5NDEifQ%3D%3D\" href='https:\/\/ialeman.cl\/wp-content\/uploads\/2025\/12\/Ya-se-Leer-2025-Instituto-Aleman-de-Puerto-Montt_0051_Niveles-7.jpg'><img loading=\"lazy\" decoding=\"async\" width=\"1200\" height=\"801\" src=\"https:\/\/ialeman.cl\/wp-content\/uploads\/2025\/12\/Ya-se-Leer-2025-Instituto-Aleman-de-Puerto-Montt_0051_Niveles-7.jpg\" class=\"attachment-full size-full\" alt=\"\" srcset=\"https:\/\/ialeman.cl\/wp-content\/uploads\/2025\/12\/Ya-se-Leer-2025-Instituto-Aleman-de-Puerto-Montt_0051_Niveles-7.jpg 1200w, https:\/\/ialeman.cl\/wp-content\/uploads\/2025\/12\/Ya-se-Leer-2025-Instituto-Aleman-de-Puerto-Montt_0051_Niveles-7-300x200.jpg 300w, https:\/\/ialeman.cl\/wp-content\/uploads\/2025\/12\/Ya-se-Leer-2025-Instituto-Aleman-de-Puerto-Montt_0051_Niveles-7-1024x684.jpg 1024w, https:\/\/ialeman.cl\/wp-content\/uploads\/2025\/12\/Ya-se-Leer-2025-Instituto-Aleman-de-Puerto-Montt_0051_Niveles-7-768x513.jpg 768w\" sizes=\"(max-width: 1200px) 100vw, 1200px\" \/><\/a>\n\t\t\t<\/div><\/figure><figure class='gallery-item'>\n\t\t\t<div class='gallery-icon landscape'>\n\t\t\t\t<a data-elementor-open-lightbox=\"yes\" data-elementor-lightbox-slideshow=\"4ee8941\" data-elementor-lightbox-title=\"Ya s\u00e9 Leer 2025 Instituto Alem\u00e1n de Puerto Montt_0052_DSC_4580\" data-e-action-hash=\"#elementor-action%3Aaction%3Dlightbox%26settings%3DeyJpZCI6NTI2NjksInVybCI6Imh0dHBzOlwvXC9pYWxlbWFuLmNsXC93cC1jb250ZW50XC91cGxvYWRzXC8yMDI1XC8xMlwvWWEtc2UtTGVlci0yMDI1LUluc3RpdHV0by1BbGVtYW4tZGUtUHVlcnRvLU1vbnR0XzAwNTJfRFNDXzQ1ODAuanBnIiwic2xpZGVzaG93IjoiNGVlODk0MSJ9\" href='https:\/\/ialeman.cl\/wp-content\/uploads\/2025\/12\/Ya-se-Leer-2025-Instituto-Aleman-de-Puerto-Montt_0052_DSC_4580.jpg'><img loading=\"lazy\" decoding=\"async\" width=\"1200\" height=\"801\" src=\"https:\/\/ialeman.cl\/wp-content\/uploads\/2025\/12\/Ya-se-Leer-2025-Instituto-Aleman-de-Puerto-Montt_0052_DSC_4580.jpg\" class=\"attachment-full size-full\" alt=\"\" srcset=\"https:\/\/ialeman.cl\/wp-content\/uploads\/2025\/12\/Ya-se-Leer-2025-Instituto-Aleman-de-Puerto-Montt_0052_DSC_4580.jpg 1200w, https:\/\/ialeman.cl\/wp-content\/uploads\/2025\/12\/Ya-se-Leer-2025-Instituto-Aleman-de-Puerto-Montt_0052_DSC_4580-300x200.jpg 300w, https:\/\/ialeman.cl\/wp-content\/uploads\/2025\/12\/Ya-se-Leer-2025-Instituto-Aleman-de-Puerto-Montt_0052_DSC_4580-1024x684.jpg 1024w, https:\/\/ialeman.cl\/wp-content\/uploads\/2025\/12\/Ya-se-Leer-2025-Instituto-Aleman-de-Puerto-Montt_0052_DSC_4580-768x513.jpg 768w\" sizes=\"(max-width: 1200px) 100vw, 1200px\" \/><\/a>\n\t\t\t<\/div><\/figure><figure class='gallery-item'>\n\t\t\t<div class='gallery-icon landscape'>\n\t\t\t\t<a data-elementor-open-lightbox=\"yes\" data-elementor-lightbox-slideshow=\"4ee8941\" data-elementor-lightbox-title=\"Ya s\u00e9 Leer 2025 Instituto Alem\u00e1n de Puerto Montt_0053_DSC_4573\" data-e-action-hash=\"#elementor-action%3Aaction%3Dlightbox%26settings%3DeyJpZCI6NTI2NzAsInVybCI6Imh0dHBzOlwvXC9pYWxlbWFuLmNsXC93cC1jb250ZW50XC91cGxvYWRzXC8yMDI1XC8xMlwvWWEtc2UtTGVlci0yMDI1LUluc3RpdHV0by1BbGVtYW4tZGUtUHVlcnRvLU1vbnR0XzAwNTNfRFNDXzQ1NzMuanBnIiwic2xpZGVzaG93IjoiNGVlODk0MSJ9\" href='https:\/\/ialeman.cl\/wp-content\/uploads\/2025\/12\/Ya-se-Leer-2025-Instituto-Aleman-de-Puerto-Montt_0053_DSC_4573.jpg'><img loading=\"lazy\" decoding=\"async\" width=\"1200\" height=\"801\" src=\"https:\/\/ialeman.cl\/wp-content\/uploads\/2025\/12\/Ya-se-Leer-2025-Instituto-Aleman-de-Puerto-Montt_0053_DSC_4573.jpg\" class=\"attachment-full size-full\" alt=\"\" srcset=\"https:\/\/ialeman.cl\/wp-content\/uploads\/2025\/12\/Ya-se-Leer-2025-Instituto-Aleman-de-Puerto-Montt_0053_DSC_4573.jpg 1200w, https:\/\/ialeman.cl\/wp-content\/uploads\/2025\/12\/Ya-se-Leer-2025-Instituto-Aleman-de-Puerto-Montt_0053_DSC_4573-300x200.jpg 300w, https:\/\/ialeman.cl\/wp-content\/uploads\/2025\/12\/Ya-se-Leer-2025-Instituto-Aleman-de-Puerto-Montt_0053_DSC_4573-1024x684.jpg 1024w, https:\/\/ialeman.cl\/wp-content\/uploads\/2025\/12\/Ya-se-Leer-2025-Instituto-Aleman-de-Puerto-Montt_0053_DSC_4573-768x513.jpg 768w\" sizes=\"(max-width: 1200px) 100vw, 1200px\" \/><\/a>\n\t\t\t<\/div><\/figure><figure class='gallery-item'>\n\t\t\t<div class='gallery-icon landscape'>\n\t\t\t\t<a data-elementor-open-lightbox=\"yes\" data-elementor-lightbox-slideshow=\"4ee8941\" data-elementor-lightbox-title=\"Ya s\u00e9 Leer 2025 Instituto Alem\u00e1n de Puerto Montt_0054_Niveles 7\" data-e-action-hash=\"#elementor-action%3Aaction%3Dlightbox%26settings%3DeyJpZCI6NTI2NzEsInVybCI6Imh0dHBzOlwvXC9pYWxlbWFuLmNsXC93cC1jb250ZW50XC91cGxvYWRzXC8yMDI1XC8xMlwvWWEtc2UtTGVlci0yMDI1LUluc3RpdHV0by1BbGVtYW4tZGUtUHVlcnRvLU1vbnR0XzAwNTRfTml2ZWxlcy03LmpwZyIsInNsaWRlc2hvdyI6IjRlZTg5NDEifQ%3D%3D\" href='https:\/\/ialeman.cl\/wp-content\/uploads\/2025\/12\/Ya-se-Leer-2025-Instituto-Aleman-de-Puerto-Montt_0054_Niveles-7.jpg'><img loading=\"lazy\" decoding=\"async\" width=\"1200\" height=\"801\" src=\"https:\/\/ialeman.cl\/wp-content\/uploads\/2025\/12\/Ya-se-Leer-2025-Instituto-Aleman-de-Puerto-Montt_0054_Niveles-7.jpg\" class=\"attachment-full size-full\" alt=\"\" srcset=\"https:\/\/ialeman.cl\/wp-content\/uploads\/2025\/12\/Ya-se-Leer-2025-Instituto-Aleman-de-Puerto-Montt_0054_Niveles-7.jpg 1200w, https:\/\/ialeman.cl\/wp-content\/uploads\/2025\/12\/Ya-se-Leer-2025-Instituto-Aleman-de-Puerto-Montt_0054_Niveles-7-300x200.jpg 300w, https:\/\/ialeman.cl\/wp-content\/uploads\/2025\/12\/Ya-se-Leer-2025-Instituto-Aleman-de-Puerto-Montt_0054_Niveles-7-1024x684.jpg 1024w, https:\/\/ialeman.cl\/wp-content\/uploads\/2025\/12\/Ya-se-Leer-2025-Instituto-Aleman-de-Puerto-Montt_0054_Niveles-7-768x513.jpg 768w\" sizes=\"(max-width: 1200px) 100vw, 1200px\" \/><\/a>\n\t\t\t<\/div><\/figure><figure class='gallery-item'>\n\t\t\t<div class='gallery-icon landscape'>\n\t\t\t\t<a data-elementor-open-lightbox=\"yes\" data-elementor-lightbox-slideshow=\"4ee8941\" data-elementor-lightbox-title=\"Ya s\u00e9 Leer 2025 Instituto Alem\u00e1n de Puerto Montt_0055_Niveles 10\" data-e-action-hash=\"#elementor-action%3Aaction%3Dlightbox%26settings%3DeyJpZCI6NTI2NzIsInVybCI6Imh0dHBzOlwvXC9pYWxlbWFuLmNsXC93cC1jb250ZW50XC91cGxvYWRzXC8yMDI1XC8xMlwvWWEtc2UtTGVlci0yMDI1LUluc3RpdHV0by1BbGVtYW4tZGUtUHVlcnRvLU1vbnR0XzAwNTVfTml2ZWxlcy0xMC5qcGciLCJzbGlkZXNob3ciOiI0ZWU4OTQxIn0%3D\" href='https:\/\/ialeman.cl\/wp-content\/uploads\/2025\/12\/Ya-se-Leer-2025-Instituto-Aleman-de-Puerto-Montt_0055_Niveles-10.jpg'><img loading=\"lazy\" decoding=\"async\" width=\"1200\" height=\"801\" src=\"https:\/\/ialeman.cl\/wp-content\/uploads\/2025\/12\/Ya-se-Leer-2025-Instituto-Aleman-de-Puerto-Montt_0055_Niveles-10.jpg\" class=\"attachment-full size-full\" alt=\"\" srcset=\"https:\/\/ialeman.cl\/wp-content\/uploads\/2025\/12\/Ya-se-Leer-2025-Instituto-Aleman-de-Puerto-Montt_0055_Niveles-10.jpg 1200w, https:\/\/ialeman.cl\/wp-content\/uploads\/2025\/12\/Ya-se-Leer-2025-Instituto-Aleman-de-Puerto-Montt_0055_Niveles-10-300x200.jpg 300w, https:\/\/ialeman.cl\/wp-content\/uploads\/2025\/12\/Ya-se-Leer-2025-Instituto-Aleman-de-Puerto-Montt_0055_Niveles-10-1024x684.jpg 1024w, https:\/\/ialeman.cl\/wp-content\/uploads\/2025\/12\/Ya-se-Leer-2025-Instituto-Aleman-de-Puerto-Montt_0055_Niveles-10-768x513.jpg 768w\" sizes=\"(max-width: 1200px) 100vw, 1200px\" \/><\/a>\n\t\t\t<\/div><\/figure><figure class='gallery-item'>\n\t\t\t<div class='gallery-icon landscape'>\n\t\t\t\t<a data-elementor-open-lightbox=\"yes\" data-elementor-lightbox-slideshow=\"4ee8941\" data-elementor-lightbox-title=\"Ya s\u00e9 Leer 2025 Instituto Alem\u00e1n de Puerto Montt_0056_Niveles 11\" data-e-action-hash=\"#elementor-action%3Aaction%3Dlightbox%26settings%3DeyJpZCI6NTI2NzMsInVybCI6Imh0dHBzOlwvXC9pYWxlbWFuLmNsXC93cC1jb250ZW50XC91cGxvYWRzXC8yMDI1XC8xMlwvWWEtc2UtTGVlci0yMDI1LUluc3RpdHV0by1BbGVtYW4tZGUtUHVlcnRvLU1vbnR0XzAwNTZfTml2ZWxlcy0xMS5qcGciLCJzbGlkZXNob3ciOiI0ZWU4OTQxIn0%3D\" href='https:\/\/ialeman.cl\/wp-content\/uploads\/2025\/12\/Ya-se-Leer-2025-Instituto-Aleman-de-Puerto-Montt_0056_Niveles-11.jpg'><img loading=\"lazy\" decoding=\"async\" width=\"1200\" height=\"801\" src=\"https:\/\/ialeman.cl\/wp-content\/uploads\/2025\/12\/Ya-se-Leer-2025-Instituto-Aleman-de-Puerto-Montt_0056_Niveles-11.jpg\" class=\"attachment-full size-full\" alt=\"\" srcset=\"https:\/\/ialeman.cl\/wp-content\/uploads\/2025\/12\/Ya-se-Leer-2025-Instituto-Aleman-de-Puerto-Montt_0056_Niveles-11.jpg 1200w, https:\/\/ialeman.cl\/wp-content\/uploads\/2025\/12\/Ya-se-Leer-2025-Instituto-Aleman-de-Puerto-Montt_0056_Niveles-11-300x200.jpg 300w, https:\/\/ialeman.cl\/wp-content\/uploads\/2025\/12\/Ya-se-Leer-2025-Instituto-Aleman-de-Puerto-Montt_0056_Niveles-11-1024x684.jpg 1024w, https:\/\/ialeman.cl\/wp-content\/uploads\/2025\/12\/Ya-se-Leer-2025-Instituto-Aleman-de-Puerto-Montt_0056_Niveles-11-768x513.jpg 768w\" sizes=\"(max-width: 1200px) 100vw, 1200px\" \/><\/a>\n\t\t\t<\/div><\/figure><figure class='gallery-item'>\n\t\t\t<div class='gallery-icon landscape'>\n\t\t\t\t<a data-elementor-open-lightbox=\"yes\" data-elementor-lightbox-slideshow=\"4ee8941\" data-elementor-lightbox-title=\"Ya s\u00e9 Leer 2025 Instituto Alem\u00e1n de Puerto Montt_0057_Niveles 12\" data-e-action-hash=\"#elementor-action%3Aaction%3Dlightbox%26settings%3DeyJpZCI6NTI2NzQsInVybCI6Imh0dHBzOlwvXC9pYWxlbWFuLmNsXC93cC1jb250ZW50XC91cGxvYWRzXC8yMDI1XC8xMlwvWWEtc2UtTGVlci0yMDI1LUluc3RpdHV0by1BbGVtYW4tZGUtUHVlcnRvLU1vbnR0XzAwNTdfTml2ZWxlcy0xMi5qcGciLCJzbGlkZXNob3ciOiI0ZWU4OTQxIn0%3D\" href='https:\/\/ialeman.cl\/wp-content\/uploads\/2025\/12\/Ya-se-Leer-2025-Instituto-Aleman-de-Puerto-Montt_0057_Niveles-12.jpg'><img loading=\"lazy\" decoding=\"async\" width=\"1200\" height=\"801\" src=\"https:\/\/ialeman.cl\/wp-content\/uploads\/2025\/12\/Ya-se-Leer-2025-Instituto-Aleman-de-Puerto-Montt_0057_Niveles-12.jpg\" class=\"attachment-full size-full\" alt=\"\" srcset=\"https:\/\/ialeman.cl\/wp-content\/uploads\/2025\/12\/Ya-se-Leer-2025-Instituto-Aleman-de-Puerto-Montt_0057_Niveles-12.jpg 1200w, https:\/\/ialeman.cl\/wp-content\/uploads\/2025\/12\/Ya-se-Leer-2025-Instituto-Aleman-de-Puerto-Montt_0057_Niveles-12-300x200.jpg 300w, https:\/\/ialeman.cl\/wp-content\/uploads\/2025\/12\/Ya-se-Leer-2025-Instituto-Aleman-de-Puerto-Montt_0057_Niveles-12-1024x684.jpg 1024w, https:\/\/ialeman.cl\/wp-content\/uploads\/2025\/12\/Ya-se-Leer-2025-Instituto-Aleman-de-Puerto-Montt_0057_Niveles-12-768x513.jpg 768w\" sizes=\"(max-width: 1200px) 100vw, 1200px\" \/><\/a>\n\t\t\t<\/div><\/figure><figure class='gallery-item'>\n\t\t\t<div class='gallery-icon landscape'>\n\t\t\t\t<a data-elementor-open-lightbox=\"yes\" data-elementor-lightbox-slideshow=\"4ee8941\" data-elementor-lightbox-title=\"Ya s\u00e9 Leer 2025 Instituto Alem\u00e1n de Puerto Montt_0058_Niveles 13\" data-e-action-hash=\"#elementor-action%3Aaction%3Dlightbox%26settings%3DeyJpZCI6NTI2NzUsInVybCI6Imh0dHBzOlwvXC9pYWxlbWFuLmNsXC93cC1jb250ZW50XC91cGxvYWRzXC8yMDI1XC8xMlwvWWEtc2UtTGVlci0yMDI1LUluc3RpdHV0by1BbGVtYW4tZGUtUHVlcnRvLU1vbnR0XzAwNThfTml2ZWxlcy0xMy5qcGciLCJzbGlkZXNob3ciOiI0ZWU4OTQxIn0%3D\" href='https:\/\/ialeman.cl\/wp-content\/uploads\/2025\/12\/Ya-se-Leer-2025-Instituto-Aleman-de-Puerto-Montt_0058_Niveles-13.jpg'><img loading=\"lazy\" decoding=\"async\" width=\"1200\" height=\"801\" src=\"https:\/\/ialeman.cl\/wp-content\/uploads\/2025\/12\/Ya-se-Leer-2025-Instituto-Aleman-de-Puerto-Montt_0058_Niveles-13.jpg\" class=\"attachment-full size-full\" alt=\"\" srcset=\"https:\/\/ialeman.cl\/wp-content\/uploads\/2025\/12\/Ya-se-Leer-2025-Instituto-Aleman-de-Puerto-Montt_0058_Niveles-13.jpg 1200w, https:\/\/ialeman.cl\/wp-content\/uploads\/2025\/12\/Ya-se-Leer-2025-Instituto-Aleman-de-Puerto-Montt_0058_Niveles-13-300x200.jpg 300w, https:\/\/ialeman.cl\/wp-content\/uploads\/2025\/12\/Ya-se-Leer-2025-Instituto-Aleman-de-Puerto-Montt_0058_Niveles-13-1024x684.jpg 1024w, https:\/\/ialeman.cl\/wp-content\/uploads\/2025\/12\/Ya-se-Leer-2025-Instituto-Aleman-de-Puerto-Montt_0058_Niveles-13-768x513.jpg 768w\" sizes=\"(max-width: 1200px) 100vw, 1200px\" \/><\/a>\n\t\t\t<\/div><\/figure><figure class='gallery-item'>\n\t\t\t<div class='gallery-icon landscape'>\n\t\t\t\t<a data-elementor-open-lightbox=\"yes\" data-elementor-lightbox-slideshow=\"4ee8941\" data-elementor-lightbox-title=\"Ya s\u00e9 Leer 2025 Instituto Alem\u00e1n de Puerto Montt_0059_DSC_4534\" data-e-action-hash=\"#elementor-action%3Aaction%3Dlightbox%26settings%3DeyJpZCI6NTI2NzYsInVybCI6Imh0dHBzOlwvXC9pYWxlbWFuLmNsXC93cC1jb250ZW50XC91cGxvYWRzXC8yMDI1XC8xMlwvWWEtc2UtTGVlci0yMDI1LUluc3RpdHV0by1BbGVtYW4tZGUtUHVlcnRvLU1vbnR0XzAwNTlfRFNDXzQ1MzQuanBnIiwic2xpZGVzaG93IjoiNGVlODk0MSJ9\" href='https:\/\/ialeman.cl\/wp-content\/uploads\/2025\/12\/Ya-se-Leer-2025-Instituto-Aleman-de-Puerto-Montt_0059_DSC_4534.jpg'><img loading=\"lazy\" decoding=\"async\" width=\"1200\" height=\"801\" src=\"https:\/\/ialeman.cl\/wp-content\/uploads\/2025\/12\/Ya-se-Leer-2025-Instituto-Aleman-de-Puerto-Montt_0059_DSC_4534.jpg\" class=\"attachment-full size-full\" alt=\"\" srcset=\"https:\/\/ialeman.cl\/wp-content\/uploads\/2025\/12\/Ya-se-Leer-2025-Instituto-Aleman-de-Puerto-Montt_0059_DSC_4534.jpg 1200w, https:\/\/ialeman.cl\/wp-content\/uploads\/2025\/12\/Ya-se-Leer-2025-Instituto-Aleman-de-Puerto-Montt_0059_DSC_4534-300x200.jpg 300w, https:\/\/ialeman.cl\/wp-content\/uploads\/2025\/12\/Ya-se-Leer-2025-Instituto-Aleman-de-Puerto-Montt_0059_DSC_4534-1024x684.jpg 1024w, https:\/\/ialeman.cl\/wp-content\/uploads\/2025\/12\/Ya-se-Leer-2025-Instituto-Aleman-de-Puerto-Montt_0059_DSC_4534-768x513.jpg 768w\" sizes=\"(max-width: 1200px) 100vw, 1200px\" \/><\/a>\n\t\t\t<\/div><\/figure><figure class='gallery-item'>\n\t\t\t<div class='gallery-icon landscape'>\n\t\t\t\t<a data-elementor-open-lightbox=\"yes\" data-elementor-lightbox-slideshow=\"4ee8941\" data-elementor-lightbox-title=\"Ya s\u00e9 Leer 2025 Instituto Alem\u00e1n de Puerto Montt_0060_Niveles 13\" data-e-action-hash=\"#elementor-action%3Aaction%3Dlightbox%26settings%3DeyJpZCI6NTI2NzgsInVybCI6Imh0dHBzOlwvXC9pYWxlbWFuLmNsXC93cC1jb250ZW50XC91cGxvYWRzXC8yMDI1XC8xMlwvWWEtc2UtTGVlci0yMDI1LUluc3RpdHV0by1BbGVtYW4tZGUtUHVlcnRvLU1vbnR0XzAwNjBfTml2ZWxlcy0xMy5qcGciLCJzbGlkZXNob3ciOiI0ZWU4OTQxIn0%3D\" href='https:\/\/ialeman.cl\/wp-content\/uploads\/2025\/12\/Ya-se-Leer-2025-Instituto-Aleman-de-Puerto-Montt_0060_Niveles-13.jpg'><img loading=\"lazy\" decoding=\"async\" width=\"1200\" height=\"801\" src=\"https:\/\/ialeman.cl\/wp-content\/uploads\/2025\/12\/Ya-se-Leer-2025-Instituto-Aleman-de-Puerto-Montt_0060_Niveles-13.jpg\" class=\"attachment-full size-full\" alt=\"\" srcset=\"https:\/\/ialeman.cl\/wp-content\/uploads\/2025\/12\/Ya-se-Leer-2025-Instituto-Aleman-de-Puerto-Montt_0060_Niveles-13.jpg 1200w, https:\/\/ialeman.cl\/wp-content\/uploads\/2025\/12\/Ya-se-Leer-2025-Instituto-Aleman-de-Puerto-Montt_0060_Niveles-13-300x200.jpg 300w, https:\/\/ialeman.cl\/wp-content\/uploads\/2025\/12\/Ya-se-Leer-2025-Instituto-Aleman-de-Puerto-Montt_0060_Niveles-13-1024x684.jpg 1024w, https:\/\/ialeman.cl\/wp-content\/uploads\/2025\/12\/Ya-se-Leer-2025-Instituto-Aleman-de-Puerto-Montt_0060_Niveles-13-768x513.jpg 768w\" sizes=\"(max-width: 1200px) 100vw, 1200px\" \/><\/a>\n\t\t\t<\/div><\/figure><figure class='gallery-item'>\n\t\t\t<div class='gallery-icon landscape'>\n\t\t\t\t<a data-elementor-open-lightbox=\"yes\" data-elementor-lightbox-slideshow=\"4ee8941\" data-elementor-lightbox-title=\"Ya s\u00e9 Leer 2025 Instituto Alem\u00e1n de Puerto Montt_0061_Niveles 13\" data-e-action-hash=\"#elementor-action%3Aaction%3Dlightbox%26settings%3DeyJpZCI6NTI2NzksInVybCI6Imh0dHBzOlwvXC9pYWxlbWFuLmNsXC93cC1jb250ZW50XC91cGxvYWRzXC8yMDI1XC8xMlwvWWEtc2UtTGVlci0yMDI1LUluc3RpdHV0by1BbGVtYW4tZGUtUHVlcnRvLU1vbnR0XzAwNjFfTml2ZWxlcy0xMy5qcGciLCJzbGlkZXNob3ciOiI0ZWU4OTQxIn0%3D\" href='https:\/\/ialeman.cl\/wp-content\/uploads\/2025\/12\/Ya-se-Leer-2025-Instituto-Aleman-de-Puerto-Montt_0061_Niveles-13.jpg'><img loading=\"lazy\" decoding=\"async\" width=\"1200\" height=\"801\" src=\"https:\/\/ialeman.cl\/wp-content\/uploads\/2025\/12\/Ya-se-Leer-2025-Instituto-Aleman-de-Puerto-Montt_0061_Niveles-13.jpg\" class=\"attachment-full size-full\" alt=\"\" srcset=\"https:\/\/ialeman.cl\/wp-content\/uploads\/2025\/12\/Ya-se-Leer-2025-Instituto-Aleman-de-Puerto-Montt_0061_Niveles-13.jpg 1200w, https:\/\/ialeman.cl\/wp-content\/uploads\/2025\/12\/Ya-se-Leer-2025-Instituto-Aleman-de-Puerto-Montt_0061_Niveles-13-300x200.jpg 300w, https:\/\/ialeman.cl\/wp-content\/uploads\/2025\/12\/Ya-se-Leer-2025-Instituto-Aleman-de-Puerto-Montt_0061_Niveles-13-1024x684.jpg 1024w, https:\/\/ialeman.cl\/wp-content\/uploads\/2025\/12\/Ya-se-Leer-2025-Instituto-Aleman-de-Puerto-Montt_0061_Niveles-13-768x513.jpg 768w\" sizes=\"(max-width: 1200px) 100vw, 1200px\" \/><\/a>\n\t\t\t<\/div><\/figure><figure class='gallery-item'>\n\t\t\t<div class='gallery-icon landscape'>\n\t\t\t\t<a data-elementor-open-lightbox=\"yes\" data-elementor-lightbox-slideshow=\"4ee8941\" data-elementor-lightbox-title=\"Ya s\u00e9 Leer 2025 Instituto Alem\u00e1n de Puerto Montt_0062_Niveles 13\" data-e-action-hash=\"#elementor-action%3Aaction%3Dlightbox%26settings%3DeyJpZCI6NTI2ODAsInVybCI6Imh0dHBzOlwvXC9pYWxlbWFuLmNsXC93cC1jb250ZW50XC91cGxvYWRzXC8yMDI1XC8xMlwvWWEtc2UtTGVlci0yMDI1LUluc3RpdHV0by1BbGVtYW4tZGUtUHVlcnRvLU1vbnR0XzAwNjJfTml2ZWxlcy0xMy5qcGciLCJzbGlkZXNob3ciOiI0ZWU4OTQxIn0%3D\" href='https:\/\/ialeman.cl\/wp-content\/uploads\/2025\/12\/Ya-se-Leer-2025-Instituto-Aleman-de-Puerto-Montt_0062_Niveles-13.jpg'><img loading=\"lazy\" decoding=\"async\" width=\"1200\" height=\"801\" src=\"https:\/\/ialeman.cl\/wp-content\/uploads\/2025\/12\/Ya-se-Leer-2025-Instituto-Aleman-de-Puerto-Montt_0062_Niveles-13.jpg\" class=\"attachment-full size-full\" alt=\"\" srcset=\"https:\/\/ialeman.cl\/wp-content\/uploads\/2025\/12\/Ya-se-Leer-2025-Instituto-Aleman-de-Puerto-Montt_0062_Niveles-13.jpg 1200w, https:\/\/ialeman.cl\/wp-content\/uploads\/2025\/12\/Ya-se-Leer-2025-Instituto-Aleman-de-Puerto-Montt_0062_Niveles-13-300x200.jpg 300w, https:\/\/ialeman.cl\/wp-content\/uploads\/2025\/12\/Ya-se-Leer-2025-Instituto-Aleman-de-Puerto-Montt_0062_Niveles-13-1024x684.jpg 1024w, https:\/\/ialeman.cl\/wp-content\/uploads\/2025\/12\/Ya-se-Leer-2025-Instituto-Aleman-de-Puerto-Montt_0062_Niveles-13-768x513.jpg 768w\" sizes=\"(max-width: 1200px) 100vw, 1200px\" \/><\/a>\n\t\t\t<\/div><\/figure><figure class='gallery-item'>\n\t\t\t<div class='gallery-icon landscape'>\n\t\t\t\t<a data-elementor-open-lightbox=\"yes\" data-elementor-lightbox-slideshow=\"4ee8941\" data-elementor-lightbox-title=\"Ya s\u00e9 Leer 2025 Instituto Alem\u00e1n de Puerto Montt_0063_Niveles 13\" data-e-action-hash=\"#elementor-action%3Aaction%3Dlightbox%26settings%3DeyJpZCI6NTI2ODEsInVybCI6Imh0dHBzOlwvXC9pYWxlbWFuLmNsXC93cC1jb250ZW50XC91cGxvYWRzXC8yMDI1XC8xMlwvWWEtc2UtTGVlci0yMDI1LUluc3RpdHV0by1BbGVtYW4tZGUtUHVlcnRvLU1vbnR0XzAwNjNfTml2ZWxlcy0xMy5qcGciLCJzbGlkZXNob3ciOiI0ZWU4OTQxIn0%3D\" href='https:\/\/ialeman.cl\/wp-content\/uploads\/2025\/12\/Ya-se-Leer-2025-Instituto-Aleman-de-Puerto-Montt_0063_Niveles-13.jpg'><img loading=\"lazy\" decoding=\"async\" width=\"1200\" height=\"801\" src=\"https:\/\/ialeman.cl\/wp-content\/uploads\/2025\/12\/Ya-se-Leer-2025-Instituto-Aleman-de-Puerto-Montt_0063_Niveles-13.jpg\" class=\"attachment-full size-full\" alt=\"\" srcset=\"https:\/\/ialeman.cl\/wp-content\/uploads\/2025\/12\/Ya-se-Leer-2025-Instituto-Aleman-de-Puerto-Montt_0063_Niveles-13.jpg 1200w, https:\/\/ialeman.cl\/wp-content\/uploads\/2025\/12\/Ya-se-Leer-2025-Instituto-Aleman-de-Puerto-Montt_0063_Niveles-13-300x200.jpg 300w, https:\/\/ialeman.cl\/wp-content\/uploads\/2025\/12\/Ya-se-Leer-2025-Instituto-Aleman-de-Puerto-Montt_0063_Niveles-13-1024x684.jpg 1024w, https:\/\/ialeman.cl\/wp-content\/uploads\/2025\/12\/Ya-se-Leer-2025-Instituto-Aleman-de-Puerto-Montt_0063_Niveles-13-768x513.jpg 768w\" sizes=\"(max-width: 1200px) 100vw, 1200px\" \/><\/a>\n\t\t\t<\/div><\/figure><figure class='gallery-item'>\n\t\t\t<div class='gallery-icon landscape'>\n\t\t\t\t<a data-elementor-open-lightbox=\"yes\" data-elementor-lightbox-slideshow=\"4ee8941\" data-elementor-lightbox-title=\"Ya s\u00e9 Leer 2025 Instituto Alem\u00e1n de Puerto Montt_0064_Niveles 13\" data-e-action-hash=\"#elementor-action%3Aaction%3Dlightbox%26settings%3DeyJpZCI6NTI2ODIsInVybCI6Imh0dHBzOlwvXC9pYWxlbWFuLmNsXC93cC1jb250ZW50XC91cGxvYWRzXC8yMDI1XC8xMlwvWWEtc2UtTGVlci0yMDI1LUluc3RpdHV0by1BbGVtYW4tZGUtUHVlcnRvLU1vbnR0XzAwNjRfTml2ZWxlcy0xMy5qcGciLCJzbGlkZXNob3ciOiI0ZWU4OTQxIn0%3D\" href='https:\/\/ialeman.cl\/wp-content\/uploads\/2025\/12\/Ya-se-Leer-2025-Instituto-Aleman-de-Puerto-Montt_0064_Niveles-13.jpg'><img loading=\"lazy\" decoding=\"async\" width=\"1200\" height=\"801\" src=\"https:\/\/ialeman.cl\/wp-content\/uploads\/2025\/12\/Ya-se-Leer-2025-Instituto-Aleman-de-Puerto-Montt_0064_Niveles-13.jpg\" class=\"attachment-full size-full\" alt=\"\" srcset=\"https:\/\/ialeman.cl\/wp-content\/uploads\/2025\/12\/Ya-se-Leer-2025-Instituto-Aleman-de-Puerto-Montt_0064_Niveles-13.jpg 1200w, https:\/\/ialeman.cl\/wp-content\/uploads\/2025\/12\/Ya-se-Leer-2025-Instituto-Aleman-de-Puerto-Montt_0064_Niveles-13-300x200.jpg 300w, https:\/\/ialeman.cl\/wp-content\/uploads\/2025\/12\/Ya-se-Leer-2025-Instituto-Aleman-de-Puerto-Montt_0064_Niveles-13-1024x684.jpg 1024w, https:\/\/ialeman.cl\/wp-content\/uploads\/2025\/12\/Ya-se-Leer-2025-Instituto-Aleman-de-Puerto-Montt_0064_Niveles-13-768x513.jpg 768w\" sizes=\"(max-width: 1200px) 100vw, 1200px\" \/><\/a>\n\t\t\t<\/div><\/figure><figure class='gallery-item'>\n\t\t\t<div class='gallery-icon landscape'>\n\t\t\t\t<a data-elementor-open-lightbox=\"yes\" data-elementor-lightbox-slideshow=\"4ee8941\" data-elementor-lightbox-title=\"Ya s\u00e9 Leer 2025 Instituto Alem\u00e1n de Puerto Montt_0065_Niveles 13\" data-e-action-hash=\"#elementor-action%3Aaction%3Dlightbox%26settings%3DeyJpZCI6NTI2ODMsInVybCI6Imh0dHBzOlwvXC9pYWxlbWFuLmNsXC93cC1jb250ZW50XC91cGxvYWRzXC8yMDI1XC8xMlwvWWEtc2UtTGVlci0yMDI1LUluc3RpdHV0by1BbGVtYW4tZGUtUHVlcnRvLU1vbnR0XzAwNjVfTml2ZWxlcy0xMy5qcGciLCJzbGlkZXNob3ciOiI0ZWU4OTQxIn0%3D\" href='https:\/\/ialeman.cl\/wp-content\/uploads\/2025\/12\/Ya-se-Leer-2025-Instituto-Aleman-de-Puerto-Montt_0065_Niveles-13.jpg'><img loading=\"lazy\" decoding=\"async\" width=\"1200\" height=\"801\" src=\"https:\/\/ialeman.cl\/wp-content\/uploads\/2025\/12\/Ya-se-Leer-2025-Instituto-Aleman-de-Puerto-Montt_0065_Niveles-13.jpg\" class=\"attachment-full size-full\" alt=\"\" srcset=\"https:\/\/ialeman.cl\/wp-content\/uploads\/2025\/12\/Ya-se-Leer-2025-Instituto-Aleman-de-Puerto-Montt_0065_Niveles-13.jpg 1200w, https:\/\/ialeman.cl\/wp-content\/uploads\/2025\/12\/Ya-se-Leer-2025-Instituto-Aleman-de-Puerto-Montt_0065_Niveles-13-300x200.jpg 300w, https:\/\/ialeman.cl\/wp-content\/uploads\/2025\/12\/Ya-se-Leer-2025-Instituto-Aleman-de-Puerto-Montt_0065_Niveles-13-1024x684.jpg 1024w, https:\/\/ialeman.cl\/wp-content\/uploads\/2025\/12\/Ya-se-Leer-2025-Instituto-Aleman-de-Puerto-Montt_0065_Niveles-13-768x513.jpg 768w\" sizes=\"(max-width: 1200px) 100vw, 1200px\" \/><\/a>\n\t\t\t<\/div><\/figure><figure class='gallery-item'>\n\t\t\t<div class='gallery-icon landscape'>\n\t\t\t\t<a data-elementor-open-lightbox=\"yes\" data-elementor-lightbox-slideshow=\"4ee8941\" data-elementor-lightbox-title=\"Ya s\u00e9 Leer 2025 Instituto Alem\u00e1n de Puerto Montt_0066_Niveles 13\" data-e-action-hash=\"#elementor-action%3Aaction%3Dlightbox%26settings%3DeyJpZCI6NTI2ODQsInVybCI6Imh0dHBzOlwvXC9pYWxlbWFuLmNsXC93cC1jb250ZW50XC91cGxvYWRzXC8yMDI1XC8xMlwvWWEtc2UtTGVlci0yMDI1LUluc3RpdHV0by1BbGVtYW4tZGUtUHVlcnRvLU1vbnR0XzAwNjZfTml2ZWxlcy0xMy5qcGciLCJzbGlkZXNob3ciOiI0ZWU4OTQxIn0%3D\" href='https:\/\/ialeman.cl\/wp-content\/uploads\/2025\/12\/Ya-se-Leer-2025-Instituto-Aleman-de-Puerto-Montt_0066_Niveles-13.jpg'><img loading=\"lazy\" decoding=\"async\" width=\"1200\" height=\"801\" src=\"https:\/\/ialeman.cl\/wp-content\/uploads\/2025\/12\/Ya-se-Leer-2025-Instituto-Aleman-de-Puerto-Montt_0066_Niveles-13.jpg\" class=\"attachment-full size-full\" alt=\"\" srcset=\"https:\/\/ialeman.cl\/wp-content\/uploads\/2025\/12\/Ya-se-Leer-2025-Instituto-Aleman-de-Puerto-Montt_0066_Niveles-13.jpg 1200w, https:\/\/ialeman.cl\/wp-content\/uploads\/2025\/12\/Ya-se-Leer-2025-Instituto-Aleman-de-Puerto-Montt_0066_Niveles-13-300x200.jpg 300w, https:\/\/ialeman.cl\/wp-content\/uploads\/2025\/12\/Ya-se-Leer-2025-Instituto-Aleman-de-Puerto-Montt_0066_Niveles-13-1024x684.jpg 1024w, https:\/\/ialeman.cl\/wp-content\/uploads\/2025\/12\/Ya-se-Leer-2025-Instituto-Aleman-de-Puerto-Montt_0066_Niveles-13-768x513.jpg 768w\" sizes=\"(max-width: 1200px) 100vw, 1200px\" \/><\/a>\n\t\t\t<\/div><\/figure><figure class='gallery-item'>\n\t\t\t<div class='gallery-icon landscape'>\n\t\t\t\t<a data-elementor-open-lightbox=\"yes\" data-elementor-lightbox-slideshow=\"4ee8941\" data-elementor-lightbox-title=\"Ya s\u00e9 Leer 2025 Instituto Alem\u00e1n de Puerto Montt_0069_Niveles 13\" data-e-action-hash=\"#elementor-action%3Aaction%3Dlightbox%26settings%3DeyJpZCI6NTI2ODcsInVybCI6Imh0dHBzOlwvXC9pYWxlbWFuLmNsXC93cC1jb250ZW50XC91cGxvYWRzXC8yMDI1XC8xMlwvWWEtc2UtTGVlci0yMDI1LUluc3RpdHV0by1BbGVtYW4tZGUtUHVlcnRvLU1vbnR0XzAwNjlfTml2ZWxlcy0xMy5qcGciLCJzbGlkZXNob3ciOiI0ZWU4OTQxIn0%3D\" href='https:\/\/ialeman.cl\/wp-content\/uploads\/2025\/12\/Ya-se-Leer-2025-Instituto-Aleman-de-Puerto-Montt_0069_Niveles-13.jpg'><img loading=\"lazy\" decoding=\"async\" width=\"1200\" height=\"801\" src=\"https:\/\/ialeman.cl\/wp-content\/uploads\/2025\/12\/Ya-se-Leer-2025-Instituto-Aleman-de-Puerto-Montt_0069_Niveles-13.jpg\" class=\"attachment-full size-full\" alt=\"\" srcset=\"https:\/\/ialeman.cl\/wp-content\/uploads\/2025\/12\/Ya-se-Leer-2025-Instituto-Aleman-de-Puerto-Montt_0069_Niveles-13.jpg 1200w, https:\/\/ialeman.cl\/wp-content\/uploads\/2025\/12\/Ya-se-Leer-2025-Instituto-Aleman-de-Puerto-Montt_0069_Niveles-13-300x200.jpg 300w, https:\/\/ialeman.cl\/wp-content\/uploads\/2025\/12\/Ya-se-Leer-2025-Instituto-Aleman-de-Puerto-Montt_0069_Niveles-13-1024x684.jpg 1024w, https:\/\/ialeman.cl\/wp-content\/uploads\/2025\/12\/Ya-se-Leer-2025-Instituto-Aleman-de-Puerto-Montt_0069_Niveles-13-768x513.jpg 768w\" sizes=\"(max-width: 1200px) 100vw, 1200px\" \/><\/a>\n\t\t\t<\/div><\/figure><figure class='gallery-item'>\n\t\t\t<div class='gallery-icon landscape'>\n\t\t\t\t<a data-elementor-open-lightbox=\"yes\" data-elementor-lightbox-slideshow=\"4ee8941\" data-elementor-lightbox-title=\"Ya s\u00e9 Leer 2025 Instituto Alem\u00e1n de Puerto Montt_0070_DSC_4464\" data-e-action-hash=\"#elementor-action%3Aaction%3Dlightbox%26settings%3DeyJpZCI6NTI2ODgsInVybCI6Imh0dHBzOlwvXC9pYWxlbWFuLmNsXC93cC1jb250ZW50XC91cGxvYWRzXC8yMDI1XC8xMlwvWWEtc2UtTGVlci0yMDI1LUluc3RpdHV0by1BbGVtYW4tZGUtUHVlcnRvLU1vbnR0XzAwNzBfRFNDXzQ0NjQuanBnIiwic2xpZGVzaG93IjoiNGVlODk0MSJ9\" href='https:\/\/ialeman.cl\/wp-content\/uploads\/2025\/12\/Ya-se-Leer-2025-Instituto-Aleman-de-Puerto-Montt_0070_DSC_4464.jpg'><img loading=\"lazy\" decoding=\"async\" width=\"1200\" height=\"801\" src=\"https:\/\/ialeman.cl\/wp-content\/uploads\/2025\/12\/Ya-se-Leer-2025-Instituto-Aleman-de-Puerto-Montt_0070_DSC_4464.jpg\" class=\"attachment-full size-full\" alt=\"\" srcset=\"https:\/\/ialeman.cl\/wp-content\/uploads\/2025\/12\/Ya-se-Leer-2025-Instituto-Aleman-de-Puerto-Montt_0070_DSC_4464.jpg 1200w, https:\/\/ialeman.cl\/wp-content\/uploads\/2025\/12\/Ya-se-Leer-2025-Instituto-Aleman-de-Puerto-Montt_0070_DSC_4464-300x200.jpg 300w, https:\/\/ialeman.cl\/wp-content\/uploads\/2025\/12\/Ya-se-Leer-2025-Instituto-Aleman-de-Puerto-Montt_0070_DSC_4464-1024x684.jpg 1024w, https:\/\/ialeman.cl\/wp-content\/uploads\/2025\/12\/Ya-se-Leer-2025-Instituto-Aleman-de-Puerto-Montt_0070_DSC_4464-768x513.jpg 768w\" sizes=\"(max-width: 1200px) 100vw, 1200px\" \/><\/a>\n\t\t\t<\/div><\/figure><figure class='gallery-item'>\n\t\t\t<div class='gallery-icon landscape'>\n\t\t\t\t<a data-elementor-open-lightbox=\"yes\" data-elementor-lightbox-slideshow=\"4ee8941\" data-elementor-lightbox-title=\"Ya s\u00e9 Leer 2025 Instituto Alem\u00e1n de Puerto Montt_0071_Niveles 13\" data-e-action-hash=\"#elementor-action%3Aaction%3Dlightbox%26settings%3DeyJpZCI6NTI2ODksInVybCI6Imh0dHBzOlwvXC9pYWxlbWFuLmNsXC93cC1jb250ZW50XC91cGxvYWRzXC8yMDI1XC8xMlwvWWEtc2UtTGVlci0yMDI1LUluc3RpdHV0by1BbGVtYW4tZGUtUHVlcnRvLU1vbnR0XzAwNzFfTml2ZWxlcy0xMy5qcGciLCJzbGlkZXNob3ciOiI0ZWU4OTQxIn0%3D\" href='https:\/\/ialeman.cl\/wp-content\/uploads\/2025\/12\/Ya-se-Leer-2025-Instituto-Aleman-de-Puerto-Montt_0071_Niveles-13.jpg'><img loading=\"lazy\" decoding=\"async\" width=\"1200\" height=\"801\" src=\"https:\/\/ialeman.cl\/wp-content\/uploads\/2025\/12\/Ya-se-Leer-2025-Instituto-Aleman-de-Puerto-Montt_0071_Niveles-13.jpg\" class=\"attachment-full size-full\" alt=\"\" srcset=\"https:\/\/ialeman.cl\/wp-content\/uploads\/2025\/12\/Ya-se-Leer-2025-Instituto-Aleman-de-Puerto-Montt_0071_Niveles-13.jpg 1200w, https:\/\/ialeman.cl\/wp-content\/uploads\/2025\/12\/Ya-se-Leer-2025-Instituto-Aleman-de-Puerto-Montt_0071_Niveles-13-300x200.jpg 300w, https:\/\/ialeman.cl\/wp-content\/uploads\/2025\/12\/Ya-se-Leer-2025-Instituto-Aleman-de-Puerto-Montt_0071_Niveles-13-1024x684.jpg 1024w, https:\/\/ialeman.cl\/wp-content\/uploads\/2025\/12\/Ya-se-Leer-2025-Instituto-Aleman-de-Puerto-Montt_0071_Niveles-13-768x513.jpg 768w\" sizes=\"(max-width: 1200px) 100vw, 1200px\" \/><\/a>\n\t\t\t<\/div><\/figure><figure class='gallery-item'>\n\t\t\t<div class='gallery-icon landscape'>\n\t\t\t\t<a data-elementor-open-lightbox=\"yes\" data-elementor-lightbox-slideshow=\"4ee8941\" data-elementor-lightbox-title=\"Ya s\u00e9 Leer 2025 Instituto Alem\u00e1n de Puerto Montt_0072_DSC_4364\" data-e-action-hash=\"#elementor-action%3Aaction%3Dlightbox%26settings%3DeyJpZCI6NTI2OTAsInVybCI6Imh0dHBzOlwvXC9pYWxlbWFuLmNsXC93cC1jb250ZW50XC91cGxvYWRzXC8yMDI1XC8xMlwvWWEtc2UtTGVlci0yMDI1LUluc3RpdHV0by1BbGVtYW4tZGUtUHVlcnRvLU1vbnR0XzAwNzJfRFNDXzQzNjQuanBnIiwic2xpZGVzaG93IjoiNGVlODk0MSJ9\" href='https:\/\/ialeman.cl\/wp-content\/uploads\/2025\/12\/Ya-se-Leer-2025-Instituto-Aleman-de-Puerto-Montt_0072_DSC_4364.jpg'><img loading=\"lazy\" decoding=\"async\" width=\"1200\" height=\"801\" src=\"https:\/\/ialeman.cl\/wp-content\/uploads\/2025\/12\/Ya-se-Leer-2025-Instituto-Aleman-de-Puerto-Montt_0072_DSC_4364.jpg\" class=\"attachment-full size-full\" alt=\"\" srcset=\"https:\/\/ialeman.cl\/wp-content\/uploads\/2025\/12\/Ya-se-Leer-2025-Instituto-Aleman-de-Puerto-Montt_0072_DSC_4364.jpg 1200w, https:\/\/ialeman.cl\/wp-content\/uploads\/2025\/12\/Ya-se-Leer-2025-Instituto-Aleman-de-Puerto-Montt_0072_DSC_4364-300x200.jpg 300w, https:\/\/ialeman.cl\/wp-content\/uploads\/2025\/12\/Ya-se-Leer-2025-Instituto-Aleman-de-Puerto-Montt_0072_DSC_4364-1024x684.jpg 1024w, https:\/\/ialeman.cl\/wp-content\/uploads\/2025\/12\/Ya-se-Leer-2025-Instituto-Aleman-de-Puerto-Montt_0072_DSC_4364-768x513.jpg 768w\" sizes=\"(max-width: 1200px) 100vw, 1200px\" \/><\/a>\n\t\t\t<\/div><\/figure><figure class='gallery-item'>\n\t\t\t<div class='gallery-icon landscape'>\n\t\t\t\t<a data-elementor-open-lightbox=\"yes\" data-elementor-lightbox-slideshow=\"4ee8941\" data-elementor-lightbox-title=\"Ya s\u00e9 Leer 2025 Instituto Alem\u00e1n de Puerto Montt_0073_Niveles 13\" data-e-action-hash=\"#elementor-action%3Aaction%3Dlightbox%26settings%3DeyJpZCI6NTI2OTEsInVybCI6Imh0dHBzOlwvXC9pYWxlbWFuLmNsXC93cC1jb250ZW50XC91cGxvYWRzXC8yMDI1XC8xMlwvWWEtc2UtTGVlci0yMDI1LUluc3RpdHV0by1BbGVtYW4tZGUtUHVlcnRvLU1vbnR0XzAwNzNfTml2ZWxlcy0xMy5qcGciLCJzbGlkZXNob3ciOiI0ZWU4OTQxIn0%3D\" href='https:\/\/ialeman.cl\/wp-content\/uploads\/2025\/12\/Ya-se-Leer-2025-Instituto-Aleman-de-Puerto-Montt_0073_Niveles-13.jpg'><img loading=\"lazy\" decoding=\"async\" width=\"1200\" height=\"801\" src=\"https:\/\/ialeman.cl\/wp-content\/uploads\/2025\/12\/Ya-se-Leer-2025-Instituto-Aleman-de-Puerto-Montt_0073_Niveles-13.jpg\" class=\"attachment-full size-full\" alt=\"\" srcset=\"https:\/\/ialeman.cl\/wp-content\/uploads\/2025\/12\/Ya-se-Leer-2025-Instituto-Aleman-de-Puerto-Montt_0073_Niveles-13.jpg 1200w, https:\/\/ialeman.cl\/wp-content\/uploads\/2025\/12\/Ya-se-Leer-2025-Instituto-Aleman-de-Puerto-Montt_0073_Niveles-13-300x200.jpg 300w, https:\/\/ialeman.cl\/wp-content\/uploads\/2025\/12\/Ya-se-Leer-2025-Instituto-Aleman-de-Puerto-Montt_0073_Niveles-13-1024x684.jpg 1024w, https:\/\/ialeman.cl\/wp-content\/uploads\/2025\/12\/Ya-se-Leer-2025-Instituto-Aleman-de-Puerto-Montt_0073_Niveles-13-768x513.jpg 768w\" sizes=\"(max-width: 1200px) 100vw, 1200px\" \/><\/a>\n\t\t\t<\/div><\/figure><figure class='gallery-item'>\n\t\t\t<div class='gallery-icon landscape'>\n\t\t\t\t<a data-elementor-open-lightbox=\"yes\" data-elementor-lightbox-slideshow=\"4ee8941\" data-elementor-lightbox-title=\"Ya s\u00e9 Leer 2025 Instituto Alem\u00e1n de Puerto Montt_0074_Niveles 13\" data-e-action-hash=\"#elementor-action%3Aaction%3Dlightbox%26settings%3DeyJpZCI6NTI2OTIsInVybCI6Imh0dHBzOlwvXC9pYWxlbWFuLmNsXC93cC1jb250ZW50XC91cGxvYWRzXC8yMDI1XC8xMlwvWWEtc2UtTGVlci0yMDI1LUluc3RpdHV0by1BbGVtYW4tZGUtUHVlcnRvLU1vbnR0XzAwNzRfTml2ZWxlcy0xMy5qcGciLCJzbGlkZXNob3ciOiI0ZWU4OTQxIn0%3D\" href='https:\/\/ialeman.cl\/wp-content\/uploads\/2025\/12\/Ya-se-Leer-2025-Instituto-Aleman-de-Puerto-Montt_0074_Niveles-13.jpg'><img loading=\"lazy\" decoding=\"async\" width=\"1200\" height=\"801\" src=\"https:\/\/ialeman.cl\/wp-content\/uploads\/2025\/12\/Ya-se-Leer-2025-Instituto-Aleman-de-Puerto-Montt_0074_Niveles-13.jpg\" class=\"attachment-full size-full\" alt=\"\" srcset=\"https:\/\/ialeman.cl\/wp-content\/uploads\/2025\/12\/Ya-se-Leer-2025-Instituto-Aleman-de-Puerto-Montt_0074_Niveles-13.jpg 1200w, https:\/\/ialeman.cl\/wp-content\/uploads\/2025\/12\/Ya-se-Leer-2025-Instituto-Aleman-de-Puerto-Montt_0074_Niveles-13-300x200.jpg 300w, https:\/\/ialeman.cl\/wp-content\/uploads\/2025\/12\/Ya-se-Leer-2025-Instituto-Aleman-de-Puerto-Montt_0074_Niveles-13-1024x684.jpg 1024w, https:\/\/ialeman.cl\/wp-content\/uploads\/2025\/12\/Ya-se-Leer-2025-Instituto-Aleman-de-Puerto-Montt_0074_Niveles-13-768x513.jpg 768w\" sizes=\"(max-width: 1200px) 100vw, 1200px\" \/><\/a>\n\t\t\t<\/div><\/figure><figure class='gallery-item'>\n\t\t\t<div class='gallery-icon landscape'>\n\t\t\t\t<a data-elementor-open-lightbox=\"yes\" data-elementor-lightbox-slideshow=\"4ee8941\" data-elementor-lightbox-title=\"Ya s\u00e9 Leer 2025 Instituto Alem\u00e1n de Puerto Montt_0075_Niveles 13\" data-e-action-hash=\"#elementor-action%3Aaction%3Dlightbox%26settings%3DeyJpZCI6NTI2OTMsInVybCI6Imh0dHBzOlwvXC9pYWxlbWFuLmNsXC93cC1jb250ZW50XC91cGxvYWRzXC8yMDI1XC8xMlwvWWEtc2UtTGVlci0yMDI1LUluc3RpdHV0by1BbGVtYW4tZGUtUHVlcnRvLU1vbnR0XzAwNzVfTml2ZWxlcy0xMy5qcGciLCJzbGlkZXNob3ciOiI0ZWU4OTQxIn0%3D\" href='https:\/\/ialeman.cl\/wp-content\/uploads\/2025\/12\/Ya-se-Leer-2025-Instituto-Aleman-de-Puerto-Montt_0075_Niveles-13.jpg'><img loading=\"lazy\" decoding=\"async\" width=\"1200\" height=\"801\" src=\"https:\/\/ialeman.cl\/wp-content\/uploads\/2025\/12\/Ya-se-Leer-2025-Instituto-Aleman-de-Puerto-Montt_0075_Niveles-13.jpg\" class=\"attachment-full size-full\" alt=\"\" srcset=\"https:\/\/ialeman.cl\/wp-content\/uploads\/2025\/12\/Ya-se-Leer-2025-Instituto-Aleman-de-Puerto-Montt_0075_Niveles-13.jpg 1200w, https:\/\/ialeman.cl\/wp-content\/uploads\/2025\/12\/Ya-se-Leer-2025-Instituto-Aleman-de-Puerto-Montt_0075_Niveles-13-300x200.jpg 300w, https:\/\/ialeman.cl\/wp-content\/uploads\/2025\/12\/Ya-se-Leer-2025-Instituto-Aleman-de-Puerto-Montt_0075_Niveles-13-1024x684.jpg 1024w, https:\/\/ialeman.cl\/wp-content\/uploads\/2025\/12\/Ya-se-Leer-2025-Instituto-Aleman-de-Puerto-Montt_0075_Niveles-13-768x513.jpg 768w\" sizes=\"(max-width: 1200px) 100vw, 1200px\" \/><\/a>\n\t\t\t<\/div><\/figure><figure class='gallery-item'>\n\t\t\t<div class='gallery-icon landscape'>\n\t\t\t\t<a data-elementor-open-lightbox=\"yes\" data-elementor-lightbox-slideshow=\"4ee8941\" data-elementor-lightbox-title=\"Ya s\u00e9 Leer 2025 Instituto Alem\u00e1n de Puerto Montt_0076_DSC_4899\" data-e-action-hash=\"#elementor-action%3Aaction%3Dlightbox%26settings%3DeyJpZCI6NTI2OTQsInVybCI6Imh0dHBzOlwvXC9pYWxlbWFuLmNsXC93cC1jb250ZW50XC91cGxvYWRzXC8yMDI1XC8xMlwvWWEtc2UtTGVlci0yMDI1LUluc3RpdHV0by1BbGVtYW4tZGUtUHVlcnRvLU1vbnR0XzAwNzZfRFNDXzQ4OTkuanBnIiwic2xpZGVzaG93IjoiNGVlODk0MSJ9\" href='https:\/\/ialeman.cl\/wp-content\/uploads\/2025\/12\/Ya-se-Leer-2025-Instituto-Aleman-de-Puerto-Montt_0076_DSC_4899.jpg'><img loading=\"lazy\" decoding=\"async\" width=\"1200\" height=\"801\" src=\"https:\/\/ialeman.cl\/wp-content\/uploads\/2025\/12\/Ya-se-Leer-2025-Instituto-Aleman-de-Puerto-Montt_0076_DSC_4899.jpg\" class=\"attachment-full size-full\" alt=\"\" srcset=\"https:\/\/ialeman.cl\/wp-content\/uploads\/2025\/12\/Ya-se-Leer-2025-Instituto-Aleman-de-Puerto-Montt_0076_DSC_4899.jpg 1200w, https:\/\/ialeman.cl\/wp-content\/uploads\/2025\/12\/Ya-se-Leer-2025-Instituto-Aleman-de-Puerto-Montt_0076_DSC_4899-300x200.jpg 300w, https:\/\/ialeman.cl\/wp-content\/uploads\/2025\/12\/Ya-se-Leer-2025-Instituto-Aleman-de-Puerto-Montt_0076_DSC_4899-1024x684.jpg 1024w, https:\/\/ialeman.cl\/wp-content\/uploads\/2025\/12\/Ya-se-Leer-2025-Instituto-Aleman-de-Puerto-Montt_0076_DSC_4899-768x513.jpg 768w\" sizes=\"(max-width: 1200px) 100vw, 1200px\" \/><\/a>\n\t\t\t<\/div><\/figure><figure class='gallery-item'>\n\t\t\t<div class='gallery-icon landscape'>\n\t\t\t\t<a data-elementor-open-lightbox=\"yes\" data-elementor-lightbox-slideshow=\"4ee8941\" data-elementor-lightbox-title=\"Ya s\u00e9 Leer 2025 Instituto Alem\u00e1n de Puerto Montt_0077_Niveles 13\" data-e-action-hash=\"#elementor-action%3Aaction%3Dlightbox%26settings%3DeyJpZCI6NTI2OTUsInVybCI6Imh0dHBzOlwvXC9pYWxlbWFuLmNsXC93cC1jb250ZW50XC91cGxvYWRzXC8yMDI1XC8xMlwvWWEtc2UtTGVlci0yMDI1LUluc3RpdHV0by1BbGVtYW4tZGUtUHVlcnRvLU1vbnR0XzAwNzdfTml2ZWxlcy0xMy5qcGciLCJzbGlkZXNob3ciOiI0ZWU4OTQxIn0%3D\" href='https:\/\/ialeman.cl\/wp-content\/uploads\/2025\/12\/Ya-se-Leer-2025-Instituto-Aleman-de-Puerto-Montt_0077_Niveles-13.jpg'><img loading=\"lazy\" decoding=\"async\" width=\"1200\" height=\"801\" src=\"https:\/\/ialeman.cl\/wp-content\/uploads\/2025\/12\/Ya-se-Leer-2025-Instituto-Aleman-de-Puerto-Montt_0077_Niveles-13.jpg\" class=\"attachment-full size-full\" alt=\"\" srcset=\"https:\/\/ialeman.cl\/wp-content\/uploads\/2025\/12\/Ya-se-Leer-2025-Instituto-Aleman-de-Puerto-Montt_0077_Niveles-13.jpg 1200w, https:\/\/ialeman.cl\/wp-content\/uploads\/2025\/12\/Ya-se-Leer-2025-Instituto-Aleman-de-Puerto-Montt_0077_Niveles-13-300x200.jpg 300w, https:\/\/ialeman.cl\/wp-content\/uploads\/2025\/12\/Ya-se-Leer-2025-Instituto-Aleman-de-Puerto-Montt_0077_Niveles-13-1024x684.jpg 1024w, https:\/\/ialeman.cl\/wp-content\/uploads\/2025\/12\/Ya-se-Leer-2025-Instituto-Aleman-de-Puerto-Montt_0077_Niveles-13-768x513.jpg 768w\" sizes=\"(max-width: 1200px) 100vw, 1200px\" \/><\/a>\n\t\t\t<\/div><\/figure><figure class='gallery-item'>\n\t\t\t<div class='gallery-icon landscape'>\n\t\t\t\t<a data-elementor-open-lightbox=\"yes\" data-elementor-lightbox-slideshow=\"4ee8941\" data-elementor-lightbox-title=\"Ya s\u00e9 Leer 2025 Instituto Alem\u00e1n de Puerto Montt_0078_Niveles 13\" data-e-action-hash=\"#elementor-action%3Aaction%3Dlightbox%26settings%3DeyJpZCI6NTI2OTYsInVybCI6Imh0dHBzOlwvXC9pYWxlbWFuLmNsXC93cC1jb250ZW50XC91cGxvYWRzXC8yMDI1XC8xMlwvWWEtc2UtTGVlci0yMDI1LUluc3RpdHV0by1BbGVtYW4tZGUtUHVlcnRvLU1vbnR0XzAwNzhfTml2ZWxlcy0xMy5qcGciLCJzbGlkZXNob3ciOiI0ZWU4OTQxIn0%3D\" href='https:\/\/ialeman.cl\/wp-content\/uploads\/2025\/12\/Ya-se-Leer-2025-Instituto-Aleman-de-Puerto-Montt_0078_Niveles-13.jpg'><img loading=\"lazy\" decoding=\"async\" width=\"1200\" height=\"801\" src=\"https:\/\/ialeman.cl\/wp-content\/uploads\/2025\/12\/Ya-se-Leer-2025-Instituto-Aleman-de-Puerto-Montt_0078_Niveles-13.jpg\" class=\"attachment-full size-full\" alt=\"\" srcset=\"https:\/\/ialeman.cl\/wp-content\/uploads\/2025\/12\/Ya-se-Leer-2025-Instituto-Aleman-de-Puerto-Montt_0078_Niveles-13.jpg 1200w, https:\/\/ialeman.cl\/wp-content\/uploads\/2025\/12\/Ya-se-Leer-2025-Instituto-Aleman-de-Puerto-Montt_0078_Niveles-13-300x200.jpg 300w, https:\/\/ialeman.cl\/wp-content\/uploads\/2025\/12\/Ya-se-Leer-2025-Instituto-Aleman-de-Puerto-Montt_0078_Niveles-13-1024x684.jpg 1024w, https:\/\/ialeman.cl\/wp-content\/uploads\/2025\/12\/Ya-se-Leer-2025-Instituto-Aleman-de-Puerto-Montt_0078_Niveles-13-768x513.jpg 768w\" sizes=\"(max-width: 1200px) 100vw, 1200px\" \/><\/a>\n\t\t\t<\/div><\/figure><figure class='gallery-item'>\n\t\t\t<div class='gallery-icon landscape'>\n\t\t\t\t<a data-elementor-open-lightbox=\"yes\" data-elementor-lightbox-slideshow=\"4ee8941\" data-elementor-lightbox-title=\"Ya s\u00e9 Leer 2025 Instituto Alem\u00e1n de Puerto Montt_0079_Niveles 13\" data-e-action-hash=\"#elementor-action%3Aaction%3Dlightbox%26settings%3DeyJpZCI6NTI2OTcsInVybCI6Imh0dHBzOlwvXC9pYWxlbWFuLmNsXC93cC1jb250ZW50XC91cGxvYWRzXC8yMDI1XC8xMlwvWWEtc2UtTGVlci0yMDI1LUluc3RpdHV0by1BbGVtYW4tZGUtUHVlcnRvLU1vbnR0XzAwNzlfTml2ZWxlcy0xMy5qcGciLCJzbGlkZXNob3ciOiI0ZWU4OTQxIn0%3D\" href='https:\/\/ialeman.cl\/wp-content\/uploads\/2025\/12\/Ya-se-Leer-2025-Instituto-Aleman-de-Puerto-Montt_0079_Niveles-13.jpg'><img loading=\"lazy\" decoding=\"async\" width=\"1200\" height=\"801\" src=\"https:\/\/ialeman.cl\/wp-content\/uploads\/2025\/12\/Ya-se-Leer-2025-Instituto-Aleman-de-Puerto-Montt_0079_Niveles-13.jpg\" class=\"attachment-full size-full\" alt=\"\" srcset=\"https:\/\/ialeman.cl\/wp-content\/uploads\/2025\/12\/Ya-se-Leer-2025-Instituto-Aleman-de-Puerto-Montt_0079_Niveles-13.jpg 1200w, https:\/\/ialeman.cl\/wp-content\/uploads\/2025\/12\/Ya-se-Leer-2025-Instituto-Aleman-de-Puerto-Montt_0079_Niveles-13-300x200.jpg 300w, https:\/\/ialeman.cl\/wp-content\/uploads\/2025\/12\/Ya-se-Leer-2025-Instituto-Aleman-de-Puerto-Montt_0079_Niveles-13-1024x684.jpg 1024w, https:\/\/ialeman.cl\/wp-content\/uploads\/2025\/12\/Ya-se-Leer-2025-Instituto-Aleman-de-Puerto-Montt_0079_Niveles-13-768x513.jpg 768w\" sizes=\"(max-width: 1200px) 100vw, 1200px\" \/><\/a>\n\t\t\t<\/div><\/figure><figure class='gallery-item'>\n\t\t\t<div class='gallery-icon landscape'>\n\t\t\t\t<a data-elementor-open-lightbox=\"yes\" data-elementor-lightbox-slideshow=\"4ee8941\" data-elementor-lightbox-title=\"Ya s\u00e9 Leer 2025 Instituto Alem\u00e1n de Puerto Montt_0080_Niveles 13\" data-e-action-hash=\"#elementor-action%3Aaction%3Dlightbox%26settings%3DeyJpZCI6NTI2OTgsInVybCI6Imh0dHBzOlwvXC9pYWxlbWFuLmNsXC93cC1jb250ZW50XC91cGxvYWRzXC8yMDI1XC8xMlwvWWEtc2UtTGVlci0yMDI1LUluc3RpdHV0by1BbGVtYW4tZGUtUHVlcnRvLU1vbnR0XzAwODBfTml2ZWxlcy0xMy5qcGciLCJzbGlkZXNob3ciOiI0ZWU4OTQxIn0%3D\" href='https:\/\/ialeman.cl\/wp-content\/uploads\/2025\/12\/Ya-se-Leer-2025-Instituto-Aleman-de-Puerto-Montt_0080_Niveles-13.jpg'><img loading=\"lazy\" decoding=\"async\" width=\"1200\" height=\"801\" src=\"https:\/\/ialeman.cl\/wp-content\/uploads\/2025\/12\/Ya-se-Leer-2025-Instituto-Aleman-de-Puerto-Montt_0080_Niveles-13.jpg\" class=\"attachment-full size-full\" alt=\"\" srcset=\"https:\/\/ialeman.cl\/wp-content\/uploads\/2025\/12\/Ya-se-Leer-2025-Instituto-Aleman-de-Puerto-Montt_0080_Niveles-13.jpg 1200w, https:\/\/ialeman.cl\/wp-content\/uploads\/2025\/12\/Ya-se-Leer-2025-Instituto-Aleman-de-Puerto-Montt_0080_Niveles-13-300x200.jpg 300w, https:\/\/ialeman.cl\/wp-content\/uploads\/2025\/12\/Ya-se-Leer-2025-Instituto-Aleman-de-Puerto-Montt_0080_Niveles-13-1024x684.jpg 1024w, https:\/\/ialeman.cl\/wp-content\/uploads\/2025\/12\/Ya-se-Leer-2025-Instituto-Aleman-de-Puerto-Montt_0080_Niveles-13-768x513.jpg 768w\" sizes=\"(max-width: 1200px) 100vw, 1200px\" \/><\/a>\n\t\t\t<\/div><\/figure><figure class='gallery-item'>\n\t\t\t<div class='gallery-icon landscape'>\n\t\t\t\t<a data-elementor-open-lightbox=\"yes\" data-elementor-lightbox-slideshow=\"4ee8941\" data-elementor-lightbox-title=\"Ya s\u00e9 Leer 2025 Instituto Alem\u00e1n de Puerto Montt_0081_Niveles 13\" data-e-action-hash=\"#elementor-action%3Aaction%3Dlightbox%26settings%3DeyJpZCI6NTI2OTksInVybCI6Imh0dHBzOlwvXC9pYWxlbWFuLmNsXC93cC1jb250ZW50XC91cGxvYWRzXC8yMDI1XC8xMlwvWWEtc2UtTGVlci0yMDI1LUluc3RpdHV0by1BbGVtYW4tZGUtUHVlcnRvLU1vbnR0XzAwODFfTml2ZWxlcy0xMy5qcGciLCJzbGlkZXNob3ciOiI0ZWU4OTQxIn0%3D\" href='https:\/\/ialeman.cl\/wp-content\/uploads\/2025\/12\/Ya-se-Leer-2025-Instituto-Aleman-de-Puerto-Montt_0081_Niveles-13.jpg'><img loading=\"lazy\" decoding=\"async\" width=\"1200\" height=\"801\" src=\"https:\/\/ialeman.cl\/wp-content\/uploads\/2025\/12\/Ya-se-Leer-2025-Instituto-Aleman-de-Puerto-Montt_0081_Niveles-13.jpg\" class=\"attachment-full size-full\" alt=\"\" srcset=\"https:\/\/ialeman.cl\/wp-content\/uploads\/2025\/12\/Ya-se-Leer-2025-Instituto-Aleman-de-Puerto-Montt_0081_Niveles-13.jpg 1200w, https:\/\/ialeman.cl\/wp-content\/uploads\/2025\/12\/Ya-se-Leer-2025-Instituto-Aleman-de-Puerto-Montt_0081_Niveles-13-300x200.jpg 300w, https:\/\/ialeman.cl\/wp-content\/uploads\/2025\/12\/Ya-se-Leer-2025-Instituto-Aleman-de-Puerto-Montt_0081_Niveles-13-1024x684.jpg 1024w, https:\/\/ialeman.cl\/wp-content\/uploads\/2025\/12\/Ya-se-Leer-2025-Instituto-Aleman-de-Puerto-Montt_0081_Niveles-13-768x513.jpg 768w\" sizes=\"(max-width: 1200px) 100vw, 1200px\" \/><\/a>\n\t\t\t<\/div><\/figure><figure class='gallery-item'>\n\t\t\t<div class='gallery-icon landscape'>\n\t\t\t\t<a data-elementor-open-lightbox=\"yes\" data-elementor-lightbox-slideshow=\"4ee8941\" data-elementor-lightbox-title=\"Ya s\u00e9 Leer 2025 Instituto Alem\u00e1n de Puerto Montt_0082_Niveles 13\" data-e-action-hash=\"#elementor-action%3Aaction%3Dlightbox%26settings%3DeyJpZCI6NTI3MDAsInVybCI6Imh0dHBzOlwvXC9pYWxlbWFuLmNsXC93cC1jb250ZW50XC91cGxvYWRzXC8yMDI1XC8xMlwvWWEtc2UtTGVlci0yMDI1LUluc3RpdHV0by1BbGVtYW4tZGUtUHVlcnRvLU1vbnR0XzAwODJfTml2ZWxlcy0xMy5qcGciLCJzbGlkZXNob3ciOiI0ZWU4OTQxIn0%3D\" href='https:\/\/ialeman.cl\/wp-content\/uploads\/2025\/12\/Ya-se-Leer-2025-Instituto-Aleman-de-Puerto-Montt_0082_Niveles-13.jpg'><img loading=\"lazy\" decoding=\"async\" width=\"1200\" height=\"801\" src=\"https:\/\/ialeman.cl\/wp-content\/uploads\/2025\/12\/Ya-se-Leer-2025-Instituto-Aleman-de-Puerto-Montt_0082_Niveles-13.jpg\" class=\"attachment-full size-full\" alt=\"\" srcset=\"https:\/\/ialeman.cl\/wp-content\/uploads\/2025\/12\/Ya-se-Leer-2025-Instituto-Aleman-de-Puerto-Montt_0082_Niveles-13.jpg 1200w, https:\/\/ialeman.cl\/wp-content\/uploads\/2025\/12\/Ya-se-Leer-2025-Instituto-Aleman-de-Puerto-Montt_0082_Niveles-13-300x200.jpg 300w, https:\/\/ialeman.cl\/wp-content\/uploads\/2025\/12\/Ya-se-Leer-2025-Instituto-Aleman-de-Puerto-Montt_0082_Niveles-13-1024x684.jpg 1024w, https:\/\/ialeman.cl\/wp-content\/uploads\/2025\/12\/Ya-se-Leer-2025-Instituto-Aleman-de-Puerto-Montt_0082_Niveles-13-768x513.jpg 768w\" sizes=\"(max-width: 1200px) 100vw, 1200px\" \/><\/a>\n\t\t\t<\/div><\/figure><figure class='gallery-item'>\n\t\t\t<div class='gallery-icon landscape'>\n\t\t\t\t<a data-elementor-open-lightbox=\"yes\" data-elementor-lightbox-slideshow=\"4ee8941\" data-elementor-lightbox-title=\"Ya s\u00e9 Leer 2025 Instituto Alem\u00e1n de Puerto Montt_0084_Niveles 13\" data-e-action-hash=\"#elementor-action%3Aaction%3Dlightbox%26settings%3DeyJpZCI6NTI3MDIsInVybCI6Imh0dHBzOlwvXC9pYWxlbWFuLmNsXC93cC1jb250ZW50XC91cGxvYWRzXC8yMDI1XC8xMlwvWWEtc2UtTGVlci0yMDI1LUluc3RpdHV0by1BbGVtYW4tZGUtUHVlcnRvLU1vbnR0XzAwODRfTml2ZWxlcy0xMy5qcGciLCJzbGlkZXNob3ciOiI0ZWU4OTQxIn0%3D\" href='https:\/\/ialeman.cl\/wp-content\/uploads\/2025\/12\/Ya-se-Leer-2025-Instituto-Aleman-de-Puerto-Montt_0084_Niveles-13.jpg'><img loading=\"lazy\" decoding=\"async\" width=\"1200\" height=\"801\" src=\"https:\/\/ialeman.cl\/wp-content\/uploads\/2025\/12\/Ya-se-Leer-2025-Instituto-Aleman-de-Puerto-Montt_0084_Niveles-13.jpg\" class=\"attachment-full size-full\" alt=\"\" srcset=\"https:\/\/ialeman.cl\/wp-content\/uploads\/2025\/12\/Ya-se-Leer-2025-Instituto-Aleman-de-Puerto-Montt_0084_Niveles-13.jpg 1200w, https:\/\/ialeman.cl\/wp-content\/uploads\/2025\/12\/Ya-se-Leer-2025-Instituto-Aleman-de-Puerto-Montt_0084_Niveles-13-300x200.jpg 300w, https:\/\/ialeman.cl\/wp-content\/uploads\/2025\/12\/Ya-se-Leer-2025-Instituto-Aleman-de-Puerto-Montt_0084_Niveles-13-1024x684.jpg 1024w, https:\/\/ialeman.cl\/wp-content\/uploads\/2025\/12\/Ya-se-Leer-2025-Instituto-Aleman-de-Puerto-Montt_0084_Niveles-13-768x513.jpg 768w\" sizes=\"(max-width: 1200px) 100vw, 1200px\" \/><\/a>\n\t\t\t<\/div><\/figure><figure class='gallery-item'>\n\t\t\t<div class='gallery-icon landscape'>\n\t\t\t\t<a data-elementor-open-lightbox=\"yes\" data-elementor-lightbox-slideshow=\"4ee8941\" data-elementor-lightbox-title=\"Ya s\u00e9 Leer 2025 Instituto Alem\u00e1n de Puerto Montt_0085_Niveles 13\" data-e-action-hash=\"#elementor-action%3Aaction%3Dlightbox%26settings%3DeyJpZCI6NTI3MDMsInVybCI6Imh0dHBzOlwvXC9pYWxlbWFuLmNsXC93cC1jb250ZW50XC91cGxvYWRzXC8yMDI1XC8xMlwvWWEtc2UtTGVlci0yMDI1LUluc3RpdHV0by1BbGVtYW4tZGUtUHVlcnRvLU1vbnR0XzAwODVfTml2ZWxlcy0xMy5qcGciLCJzbGlkZXNob3ciOiI0ZWU4OTQxIn0%3D\" href='https:\/\/ialeman.cl\/wp-content\/uploads\/2025\/12\/Ya-se-Leer-2025-Instituto-Aleman-de-Puerto-Montt_0085_Niveles-13.jpg'><img loading=\"lazy\" decoding=\"async\" width=\"1200\" height=\"801\" src=\"https:\/\/ialeman.cl\/wp-content\/uploads\/2025\/12\/Ya-se-Leer-2025-Instituto-Aleman-de-Puerto-Montt_0085_Niveles-13.jpg\" class=\"attachment-full size-full\" alt=\"\" srcset=\"https:\/\/ialeman.cl\/wp-content\/uploads\/2025\/12\/Ya-se-Leer-2025-Instituto-Aleman-de-Puerto-Montt_0085_Niveles-13.jpg 1200w, https:\/\/ialeman.cl\/wp-content\/uploads\/2025\/12\/Ya-se-Leer-2025-Instituto-Aleman-de-Puerto-Montt_0085_Niveles-13-300x200.jpg 300w, https:\/\/ialeman.cl\/wp-content\/uploads\/2025\/12\/Ya-se-Leer-2025-Instituto-Aleman-de-Puerto-Montt_0085_Niveles-13-1024x684.jpg 1024w, https:\/\/ialeman.cl\/wp-content\/uploads\/2025\/12\/Ya-se-Leer-2025-Instituto-Aleman-de-Puerto-Montt_0085_Niveles-13-768x513.jpg 768w\" sizes=\"(max-width: 1200px) 100vw, 1200px\" \/><\/a>\n\t\t\t<\/div><\/figure><figure class='gallery-item'>\n\t\t\t<div class='gallery-icon landscape'>\n\t\t\t\t<a data-elementor-open-lightbox=\"yes\" data-elementor-lightbox-slideshow=\"4ee8941\" data-elementor-lightbox-title=\"Ya s\u00e9 Leer 2025 Instituto Alem\u00e1n de Puerto Montt_0086_DSC_4794\" data-e-action-hash=\"#elementor-action%3Aaction%3Dlightbox%26settings%3DeyJpZCI6NTI3MDQsInVybCI6Imh0dHBzOlwvXC9pYWxlbWFuLmNsXC93cC1jb250ZW50XC91cGxvYWRzXC8yMDI1XC8xMlwvWWEtc2UtTGVlci0yMDI1LUluc3RpdHV0by1BbGVtYW4tZGUtUHVlcnRvLU1vbnR0XzAwODZfRFNDXzQ3OTQuanBnIiwic2xpZGVzaG93IjoiNGVlODk0MSJ9\" href='https:\/\/ialeman.cl\/wp-content\/uploads\/2025\/12\/Ya-se-Leer-2025-Instituto-Aleman-de-Puerto-Montt_0086_DSC_4794.jpg'><img loading=\"lazy\" decoding=\"async\" width=\"1200\" height=\"801\" src=\"https:\/\/ialeman.cl\/wp-content\/uploads\/2025\/12\/Ya-se-Leer-2025-Instituto-Aleman-de-Puerto-Montt_0086_DSC_4794.jpg\" class=\"attachment-full size-full\" alt=\"\" srcset=\"https:\/\/ialeman.cl\/wp-content\/uploads\/2025\/12\/Ya-se-Leer-2025-Instituto-Aleman-de-Puerto-Montt_0086_DSC_4794.jpg 1200w, https:\/\/ialeman.cl\/wp-content\/uploads\/2025\/12\/Ya-se-Leer-2025-Instituto-Aleman-de-Puerto-Montt_0086_DSC_4794-300x200.jpg 300w, https:\/\/ialeman.cl\/wp-content\/uploads\/2025\/12\/Ya-se-Leer-2025-Instituto-Aleman-de-Puerto-Montt_0086_DSC_4794-1024x684.jpg 1024w, https:\/\/ialeman.cl\/wp-content\/uploads\/2025\/12\/Ya-se-Leer-2025-Instituto-Aleman-de-Puerto-Montt_0086_DSC_4794-768x513.jpg 768w\" sizes=\"(max-width: 1200px) 100vw, 1200px\" \/><\/a>\n\t\t\t<\/div><\/figure><figure class='gallery-item'>\n\t\t\t<div class='gallery-icon landscape'>\n\t\t\t\t<a data-elementor-open-lightbox=\"yes\" data-elementor-lightbox-slideshow=\"4ee8941\" data-elementor-lightbox-title=\"Ya s\u00e9 Leer 2025 Instituto Alem\u00e1n de Puerto Montt_0087_Niveles 13\" data-e-action-hash=\"#elementor-action%3Aaction%3Dlightbox%26settings%3DeyJpZCI6NTI3MDUsInVybCI6Imh0dHBzOlwvXC9pYWxlbWFuLmNsXC93cC1jb250ZW50XC91cGxvYWRzXC8yMDI1XC8xMlwvWWEtc2UtTGVlci0yMDI1LUluc3RpdHV0by1BbGVtYW4tZGUtUHVlcnRvLU1vbnR0XzAwODdfTml2ZWxlcy0xMy5qcGciLCJzbGlkZXNob3ciOiI0ZWU4OTQxIn0%3D\" href='https:\/\/ialeman.cl\/wp-content\/uploads\/2025\/12\/Ya-se-Leer-2025-Instituto-Aleman-de-Puerto-Montt_0087_Niveles-13.jpg'><img loading=\"lazy\" decoding=\"async\" width=\"1200\" height=\"801\" src=\"https:\/\/ialeman.cl\/wp-content\/uploads\/2025\/12\/Ya-se-Leer-2025-Instituto-Aleman-de-Puerto-Montt_0087_Niveles-13.jpg\" class=\"attachment-full size-full\" alt=\"\" srcset=\"https:\/\/ialeman.cl\/wp-content\/uploads\/2025\/12\/Ya-se-Leer-2025-Instituto-Aleman-de-Puerto-Montt_0087_Niveles-13.jpg 1200w, https:\/\/ialeman.cl\/wp-content\/uploads\/2025\/12\/Ya-se-Leer-2025-Instituto-Aleman-de-Puerto-Montt_0087_Niveles-13-300x200.jpg 300w, https:\/\/ialeman.cl\/wp-content\/uploads\/2025\/12\/Ya-se-Leer-2025-Instituto-Aleman-de-Puerto-Montt_0087_Niveles-13-1024x684.jpg 1024w, https:\/\/ialeman.cl\/wp-content\/uploads\/2025\/12\/Ya-se-Leer-2025-Instituto-Aleman-de-Puerto-Montt_0087_Niveles-13-768x513.jpg 768w\" sizes=\"(max-width: 1200px) 100vw, 1200px\" \/><\/a>\n\t\t\t<\/div><\/figure><figure class='gallery-item'>\n\t\t\t<div class='gallery-icon landscape'>\n\t\t\t\t<a data-elementor-open-lightbox=\"yes\" data-elementor-lightbox-slideshow=\"4ee8941\" data-elementor-lightbox-title=\"Ya s\u00e9 Leer 2025 Instituto Alem\u00e1n de Puerto Montt_0089_Niveles 13\" data-e-action-hash=\"#elementor-action%3Aaction%3Dlightbox%26settings%3DeyJpZCI6NTI3MDcsInVybCI6Imh0dHBzOlwvXC9pYWxlbWFuLmNsXC93cC1jb250ZW50XC91cGxvYWRzXC8yMDI1XC8xMlwvWWEtc2UtTGVlci0yMDI1LUluc3RpdHV0by1BbGVtYW4tZGUtUHVlcnRvLU1vbnR0XzAwODlfTml2ZWxlcy0xMy5qcGciLCJzbGlkZXNob3ciOiI0ZWU4OTQxIn0%3D\" href='https:\/\/ialeman.cl\/wp-content\/uploads\/2025\/12\/Ya-se-Leer-2025-Instituto-Aleman-de-Puerto-Montt_0089_Niveles-13.jpg'><img loading=\"lazy\" decoding=\"async\" width=\"1200\" height=\"801\" src=\"https:\/\/ialeman.cl\/wp-content\/uploads\/2025\/12\/Ya-se-Leer-2025-Instituto-Aleman-de-Puerto-Montt_0089_Niveles-13.jpg\" class=\"attachment-full size-full\" alt=\"\" srcset=\"https:\/\/ialeman.cl\/wp-content\/uploads\/2025\/12\/Ya-se-Leer-2025-Instituto-Aleman-de-Puerto-Montt_0089_Niveles-13.jpg 1200w, https:\/\/ialeman.cl\/wp-content\/uploads\/2025\/12\/Ya-se-Leer-2025-Instituto-Aleman-de-Puerto-Montt_0089_Niveles-13-300x200.jpg 300w, https:\/\/ialeman.cl\/wp-content\/uploads\/2025\/12\/Ya-se-Leer-2025-Instituto-Aleman-de-Puerto-Montt_0089_Niveles-13-1024x684.jpg 1024w, https:\/\/ialeman.cl\/wp-content\/uploads\/2025\/12\/Ya-se-Leer-2025-Instituto-Aleman-de-Puerto-Montt_0089_Niveles-13-768x513.jpg 768w\" sizes=\"(max-width: 1200px) 100vw, 1200px\" \/><\/a>\n\t\t\t<\/div><\/figure><figure class='gallery-item'>\n\t\t\t<div class='gallery-icon landscape'>\n\t\t\t\t<a data-elementor-open-lightbox=\"yes\" data-elementor-lightbox-slideshow=\"4ee8941\" data-elementor-lightbox-title=\"Ya s\u00e9 Leer 2025 Instituto Alem\u00e1n de Puerto Montt_0090_Niveles 13\" data-e-action-hash=\"#elementor-action%3Aaction%3Dlightbox%26settings%3DeyJpZCI6NTI3MDgsInVybCI6Imh0dHBzOlwvXC9pYWxlbWFuLmNsXC93cC1jb250ZW50XC91cGxvYWRzXC8yMDI1XC8xMlwvWWEtc2UtTGVlci0yMDI1LUluc3RpdHV0by1BbGVtYW4tZGUtUHVlcnRvLU1vbnR0XzAwOTBfTml2ZWxlcy0xMy5qcGciLCJzbGlkZXNob3ciOiI0ZWU4OTQxIn0%3D\" href='https:\/\/ialeman.cl\/wp-content\/uploads\/2025\/12\/Ya-se-Leer-2025-Instituto-Aleman-de-Puerto-Montt_0090_Niveles-13.jpg'><img loading=\"lazy\" decoding=\"async\" width=\"1200\" height=\"801\" src=\"https:\/\/ialeman.cl\/wp-content\/uploads\/2025\/12\/Ya-se-Leer-2025-Instituto-Aleman-de-Puerto-Montt_0090_Niveles-13.jpg\" class=\"attachment-full size-full\" alt=\"\" srcset=\"https:\/\/ialeman.cl\/wp-content\/uploads\/2025\/12\/Ya-se-Leer-2025-Instituto-Aleman-de-Puerto-Montt_0090_Niveles-13.jpg 1200w, https:\/\/ialeman.cl\/wp-content\/uploads\/2025\/12\/Ya-se-Leer-2025-Instituto-Aleman-de-Puerto-Montt_0090_Niveles-13-300x200.jpg 300w, https:\/\/ialeman.cl\/wp-content\/uploads\/2025\/12\/Ya-se-Leer-2025-Instituto-Aleman-de-Puerto-Montt_0090_Niveles-13-1024x684.jpg 1024w, https:\/\/ialeman.cl\/wp-content\/uploads\/2025\/12\/Ya-se-Leer-2025-Instituto-Aleman-de-Puerto-Montt_0090_Niveles-13-768x513.jpg 768w\" sizes=\"(max-width: 1200px) 100vw, 1200px\" \/><\/a>\n\t\t\t<\/div><\/figure><figure class='gallery-item'>\n\t\t\t<div class='gallery-icon landscape'>\n\t\t\t\t<a data-elementor-open-lightbox=\"yes\" data-elementor-lightbox-slideshow=\"4ee8941\" data-elementor-lightbox-title=\"Ya s\u00e9 Leer 2025 Instituto Alem\u00e1n de Puerto Montt_0091_Niveles 13\" data-e-action-hash=\"#elementor-action%3Aaction%3Dlightbox%26settings%3DeyJpZCI6NTI3MDksInVybCI6Imh0dHBzOlwvXC9pYWxlbWFuLmNsXC93cC1jb250ZW50XC91cGxvYWRzXC8yMDI1XC8xMlwvWWEtc2UtTGVlci0yMDI1LUluc3RpdHV0by1BbGVtYW4tZGUtUHVlcnRvLU1vbnR0XzAwOTFfTml2ZWxlcy0xMy5qcGciLCJzbGlkZXNob3ciOiI0ZWU4OTQxIn0%3D\" href='https:\/\/ialeman.cl\/wp-content\/uploads\/2025\/12\/Ya-se-Leer-2025-Instituto-Aleman-de-Puerto-Montt_0091_Niveles-13.jpg'><img loading=\"lazy\" decoding=\"async\" width=\"1200\" height=\"801\" src=\"https:\/\/ialeman.cl\/wp-content\/uploads\/2025\/12\/Ya-se-Leer-2025-Instituto-Aleman-de-Puerto-Montt_0091_Niveles-13.jpg\" class=\"attachment-full size-full\" alt=\"\" srcset=\"https:\/\/ialeman.cl\/wp-content\/uploads\/2025\/12\/Ya-se-Leer-2025-Instituto-Aleman-de-Puerto-Montt_0091_Niveles-13.jpg 1200w, https:\/\/ialeman.cl\/wp-content\/uploads\/2025\/12\/Ya-se-Leer-2025-Instituto-Aleman-de-Puerto-Montt_0091_Niveles-13-300x200.jpg 300w, https:\/\/ialeman.cl\/wp-content\/uploads\/2025\/12\/Ya-se-Leer-2025-Instituto-Aleman-de-Puerto-Montt_0091_Niveles-13-1024x684.jpg 1024w, https:\/\/ialeman.cl\/wp-content\/uploads\/2025\/12\/Ya-se-Leer-2025-Instituto-Aleman-de-Puerto-Montt_0091_Niveles-13-768x513.jpg 768w\" sizes=\"(max-width: 1200px) 100vw, 1200px\" \/><\/a>\n\t\t\t<\/div><\/figure><figure class='gallery-item'>\n\t\t\t<div class='gallery-icon landscape'>\n\t\t\t\t<a data-elementor-open-lightbox=\"yes\" data-elementor-lightbox-slideshow=\"4ee8941\" data-elementor-lightbox-title=\"Ya s\u00e9 Leer 2025 Instituto Alem\u00e1n de Puerto Montt_0092_Niveles 13\" data-e-action-hash=\"#elementor-action%3Aaction%3Dlightbox%26settings%3DeyJpZCI6NTI3MTAsInVybCI6Imh0dHBzOlwvXC9pYWxlbWFuLmNsXC93cC1jb250ZW50XC91cGxvYWRzXC8yMDI1XC8xMlwvWWEtc2UtTGVlci0yMDI1LUluc3RpdHV0by1BbGVtYW4tZGUtUHVlcnRvLU1vbnR0XzAwOTJfTml2ZWxlcy0xMy5qcGciLCJzbGlkZXNob3ciOiI0ZWU4OTQxIn0%3D\" href='https:\/\/ialeman.cl\/wp-content\/uploads\/2025\/12\/Ya-se-Leer-2025-Instituto-Aleman-de-Puerto-Montt_0092_Niveles-13.jpg'><img loading=\"lazy\" decoding=\"async\" width=\"1200\" height=\"801\" src=\"https:\/\/ialeman.cl\/wp-content\/uploads\/2025\/12\/Ya-se-Leer-2025-Instituto-Aleman-de-Puerto-Montt_0092_Niveles-13.jpg\" class=\"attachment-full size-full\" alt=\"\" srcset=\"https:\/\/ialeman.cl\/wp-content\/uploads\/2025\/12\/Ya-se-Leer-2025-Instituto-Aleman-de-Puerto-Montt_0092_Niveles-13.jpg 1200w, https:\/\/ialeman.cl\/wp-content\/uploads\/2025\/12\/Ya-se-Leer-2025-Instituto-Aleman-de-Puerto-Montt_0092_Niveles-13-300x200.jpg 300w, https:\/\/ialeman.cl\/wp-content\/uploads\/2025\/12\/Ya-se-Leer-2025-Instituto-Aleman-de-Puerto-Montt_0092_Niveles-13-1024x684.jpg 1024w, https:\/\/ialeman.cl\/wp-content\/uploads\/2025\/12\/Ya-se-Leer-2025-Instituto-Aleman-de-Puerto-Montt_0092_Niveles-13-768x513.jpg 768w\" sizes=\"(max-width: 1200px) 100vw, 1200px\" \/><\/a>\n\t\t\t<\/div><\/figure><figure class='gallery-item'>\n\t\t\t<div class='gallery-icon landscape'>\n\t\t\t\t<a data-elementor-open-lightbox=\"yes\" data-elementor-lightbox-slideshow=\"4ee8941\" data-elementor-lightbox-title=\"Ya s\u00e9 Leer 2025 Instituto Alem\u00e1n de Puerto Montt_0093_DSC_4825\" data-e-action-hash=\"#elementor-action%3Aaction%3Dlightbox%26settings%3DeyJpZCI6NTI3MTEsInVybCI6Imh0dHBzOlwvXC9pYWxlbWFuLmNsXC93cC1jb250ZW50XC91cGxvYWRzXC8yMDI1XC8xMlwvWWEtc2UtTGVlci0yMDI1LUluc3RpdHV0by1BbGVtYW4tZGUtUHVlcnRvLU1vbnR0XzAwOTNfRFNDXzQ4MjUuanBnIiwic2xpZGVzaG93IjoiNGVlODk0MSJ9\" href='https:\/\/ialeman.cl\/wp-content\/uploads\/2025\/12\/Ya-se-Leer-2025-Instituto-Aleman-de-Puerto-Montt_0093_DSC_4825.jpg'><img loading=\"lazy\" decoding=\"async\" width=\"1200\" height=\"801\" src=\"https:\/\/ialeman.cl\/wp-content\/uploads\/2025\/12\/Ya-se-Leer-2025-Instituto-Aleman-de-Puerto-Montt_0093_DSC_4825.jpg\" class=\"attachment-full size-full\" alt=\"\" srcset=\"https:\/\/ialeman.cl\/wp-content\/uploads\/2025\/12\/Ya-se-Leer-2025-Instituto-Aleman-de-Puerto-Montt_0093_DSC_4825.jpg 1200w, https:\/\/ialeman.cl\/wp-content\/uploads\/2025\/12\/Ya-se-Leer-2025-Instituto-Aleman-de-Puerto-Montt_0093_DSC_4825-300x200.jpg 300w, https:\/\/ialeman.cl\/wp-content\/uploads\/2025\/12\/Ya-se-Leer-2025-Instituto-Aleman-de-Puerto-Montt_0093_DSC_4825-1024x684.jpg 1024w, https:\/\/ialeman.cl\/wp-content\/uploads\/2025\/12\/Ya-se-Leer-2025-Instituto-Aleman-de-Puerto-Montt_0093_DSC_4825-768x513.jpg 768w\" sizes=\"(max-width: 1200px) 100vw, 1200px\" \/><\/a>\n\t\t\t<\/div><\/figure><figure class='gallery-item'>\n\t\t\t<div class='gallery-icon landscape'>\n\t\t\t\t<a data-elementor-open-lightbox=\"yes\" data-elementor-lightbox-slideshow=\"4ee8941\" data-elementor-lightbox-title=\"Ya s\u00e9 Leer 2025 Instituto Alem\u00e1n de Puerto Montt_0094_Niveles 13\" data-e-action-hash=\"#elementor-action%3Aaction%3Dlightbox%26settings%3DeyJpZCI6NTI3MTIsInVybCI6Imh0dHBzOlwvXC9pYWxlbWFuLmNsXC93cC1jb250ZW50XC91cGxvYWRzXC8yMDI1XC8xMlwvWWEtc2UtTGVlci0yMDI1LUluc3RpdHV0by1BbGVtYW4tZGUtUHVlcnRvLU1vbnR0XzAwOTRfTml2ZWxlcy0xMy5qcGciLCJzbGlkZXNob3ciOiI0ZWU4OTQxIn0%3D\" href='https:\/\/ialeman.cl\/wp-content\/uploads\/2025\/12\/Ya-se-Leer-2025-Instituto-Aleman-de-Puerto-Montt_0094_Niveles-13.jpg'><img loading=\"lazy\" decoding=\"async\" width=\"1200\" height=\"801\" src=\"https:\/\/ialeman.cl\/wp-content\/uploads\/2025\/12\/Ya-se-Leer-2025-Instituto-Aleman-de-Puerto-Montt_0094_Niveles-13.jpg\" class=\"attachment-full size-full\" alt=\"\" srcset=\"https:\/\/ialeman.cl\/wp-content\/uploads\/2025\/12\/Ya-se-Leer-2025-Instituto-Aleman-de-Puerto-Montt_0094_Niveles-13.jpg 1200w, https:\/\/ialeman.cl\/wp-content\/uploads\/2025\/12\/Ya-se-Leer-2025-Instituto-Aleman-de-Puerto-Montt_0094_Niveles-13-300x200.jpg 300w, https:\/\/ialeman.cl\/wp-content\/uploads\/2025\/12\/Ya-se-Leer-2025-Instituto-Aleman-de-Puerto-Montt_0094_Niveles-13-1024x684.jpg 1024w, https:\/\/ialeman.cl\/wp-content\/uploads\/2025\/12\/Ya-se-Leer-2025-Instituto-Aleman-de-Puerto-Montt_0094_Niveles-13-768x513.jpg 768w\" sizes=\"(max-width: 1200px) 100vw, 1200px\" \/><\/a>\n\t\t\t<\/div><\/figure><figure class='gallery-item'>\n\t\t\t<div class='gallery-icon landscape'>\n\t\t\t\t<a data-elementor-open-lightbox=\"yes\" data-elementor-lightbox-slideshow=\"4ee8941\" data-elementor-lightbox-title=\"Ya s\u00e9 Leer 2025 Instituto Alem\u00e1n de Puerto Montt_0095_Niveles 13\" data-e-action-hash=\"#elementor-action%3Aaction%3Dlightbox%26settings%3DeyJpZCI6NTI3MTMsInVybCI6Imh0dHBzOlwvXC9pYWxlbWFuLmNsXC93cC1jb250ZW50XC91cGxvYWRzXC8yMDI1XC8xMlwvWWEtc2UtTGVlci0yMDI1LUluc3RpdHV0by1BbGVtYW4tZGUtUHVlcnRvLU1vbnR0XzAwOTVfTml2ZWxlcy0xMy5qcGciLCJzbGlkZXNob3ciOiI0ZWU4OTQxIn0%3D\" href='https:\/\/ialeman.cl\/wp-content\/uploads\/2025\/12\/Ya-se-Leer-2025-Instituto-Aleman-de-Puerto-Montt_0095_Niveles-13.jpg'><img loading=\"lazy\" decoding=\"async\" width=\"1200\" height=\"801\" src=\"https:\/\/ialeman.cl\/wp-content\/uploads\/2025\/12\/Ya-se-Leer-2025-Instituto-Aleman-de-Puerto-Montt_0095_Niveles-13.jpg\" class=\"attachment-full size-full\" alt=\"\" srcset=\"https:\/\/ialeman.cl\/wp-content\/uploads\/2025\/12\/Ya-se-Leer-2025-Instituto-Aleman-de-Puerto-Montt_0095_Niveles-13.jpg 1200w, https:\/\/ialeman.cl\/wp-content\/uploads\/2025\/12\/Ya-se-Leer-2025-Instituto-Aleman-de-Puerto-Montt_0095_Niveles-13-300x200.jpg 300w, https:\/\/ialeman.cl\/wp-content\/uploads\/2025\/12\/Ya-se-Leer-2025-Instituto-Aleman-de-Puerto-Montt_0095_Niveles-13-1024x684.jpg 1024w, https:\/\/ialeman.cl\/wp-content\/uploads\/2025\/12\/Ya-se-Leer-2025-Instituto-Aleman-de-Puerto-Montt_0095_Niveles-13-768x513.jpg 768w\" sizes=\"(max-width: 1200px) 100vw, 1200px\" \/><\/a>\n\t\t\t<\/div><\/figure><figure class='gallery-item'>\n\t\t\t<div class='gallery-icon landscape'>\n\t\t\t\t<a data-elementor-open-lightbox=\"yes\" data-elementor-lightbox-slideshow=\"4ee8941\" data-elementor-lightbox-title=\"Ya s\u00e9 Leer 2025 Instituto Alem\u00e1n de Puerto Montt_0096_Niveles 13\" data-e-action-hash=\"#elementor-action%3Aaction%3Dlightbox%26settings%3DeyJpZCI6NTI3MTQsInVybCI6Imh0dHBzOlwvXC9pYWxlbWFuLmNsXC93cC1jb250ZW50XC91cGxvYWRzXC8yMDI1XC8xMlwvWWEtc2UtTGVlci0yMDI1LUluc3RpdHV0by1BbGVtYW4tZGUtUHVlcnRvLU1vbnR0XzAwOTZfTml2ZWxlcy0xMy5qcGciLCJzbGlkZXNob3ciOiI0ZWU4OTQxIn0%3D\" href='https:\/\/ialeman.cl\/wp-content\/uploads\/2025\/12\/Ya-se-Leer-2025-Instituto-Aleman-de-Puerto-Montt_0096_Niveles-13.jpg'><img loading=\"lazy\" decoding=\"async\" width=\"1200\" height=\"801\" src=\"https:\/\/ialeman.cl\/wp-content\/uploads\/2025\/12\/Ya-se-Leer-2025-Instituto-Aleman-de-Puerto-Montt_0096_Niveles-13.jpg\" class=\"attachment-full size-full\" alt=\"\" srcset=\"https:\/\/ialeman.cl\/wp-content\/uploads\/2025\/12\/Ya-se-Leer-2025-Instituto-Aleman-de-Puerto-Montt_0096_Niveles-13.jpg 1200w, https:\/\/ialeman.cl\/wp-content\/uploads\/2025\/12\/Ya-se-Leer-2025-Instituto-Aleman-de-Puerto-Montt_0096_Niveles-13-300x200.jpg 300w, https:\/\/ialeman.cl\/wp-content\/uploads\/2025\/12\/Ya-se-Leer-2025-Instituto-Aleman-de-Puerto-Montt_0096_Niveles-13-1024x684.jpg 1024w, https:\/\/ialeman.cl\/wp-content\/uploads\/2025\/12\/Ya-se-Leer-2025-Instituto-Aleman-de-Puerto-Montt_0096_Niveles-13-768x513.jpg 768w\" sizes=\"(max-width: 1200px) 100vw, 1200px\" \/><\/a>\n\t\t\t<\/div><\/figure><figure class='gallery-item'>\n\t\t\t<div class='gallery-icon landscape'>\n\t\t\t\t<a data-elementor-open-lightbox=\"yes\" data-elementor-lightbox-slideshow=\"4ee8941\" data-elementor-lightbox-title=\"Ya s\u00e9 Leer 2025 Instituto Alem\u00e1n de Puerto Montt_0097_DSC_4775\" data-e-action-hash=\"#elementor-action%3Aaction%3Dlightbox%26settings%3DeyJpZCI6NTI3MTUsInVybCI6Imh0dHBzOlwvXC9pYWxlbWFuLmNsXC93cC1jb250ZW50XC91cGxvYWRzXC8yMDI1XC8xMlwvWWEtc2UtTGVlci0yMDI1LUluc3RpdHV0by1BbGVtYW4tZGUtUHVlcnRvLU1vbnR0XzAwOTdfRFNDXzQ3NzUuanBnIiwic2xpZGVzaG93IjoiNGVlODk0MSJ9\" href='https:\/\/ialeman.cl\/wp-content\/uploads\/2025\/12\/Ya-se-Leer-2025-Instituto-Aleman-de-Puerto-Montt_0097_DSC_4775.jpg'><img loading=\"lazy\" decoding=\"async\" width=\"1200\" height=\"801\" src=\"https:\/\/ialeman.cl\/wp-content\/uploads\/2025\/12\/Ya-se-Leer-2025-Instituto-Aleman-de-Puerto-Montt_0097_DSC_4775.jpg\" class=\"attachment-full size-full\" alt=\"\" srcset=\"https:\/\/ialeman.cl\/wp-content\/uploads\/2025\/12\/Ya-se-Leer-2025-Instituto-Aleman-de-Puerto-Montt_0097_DSC_4775.jpg 1200w, https:\/\/ialeman.cl\/wp-content\/uploads\/2025\/12\/Ya-se-Leer-2025-Instituto-Aleman-de-Puerto-Montt_0097_DSC_4775-300x200.jpg 300w, https:\/\/ialeman.cl\/wp-content\/uploads\/2025\/12\/Ya-se-Leer-2025-Instituto-Aleman-de-Puerto-Montt_0097_DSC_4775-1024x684.jpg 1024w, https:\/\/ialeman.cl\/wp-content\/uploads\/2025\/12\/Ya-se-Leer-2025-Instituto-Aleman-de-Puerto-Montt_0097_DSC_4775-768x513.jpg 768w\" sizes=\"(max-width: 1200px) 100vw, 1200px\" \/><\/a>\n\t\t\t<\/div><\/figure><figure class='gallery-item'>\n\t\t\t<div class='gallery-icon landscape'>\n\t\t\t\t<a data-elementor-open-lightbox=\"yes\" data-elementor-lightbox-slideshow=\"4ee8941\" data-elementor-lightbox-title=\"Ya s\u00e9 Leer 2025 Instituto Alem\u00e1n de Puerto Montt_0098_Niveles 15\" data-e-action-hash=\"#elementor-action%3Aaction%3Dlightbox%26settings%3DeyJpZCI6NTI3MTYsInVybCI6Imh0dHBzOlwvXC9pYWxlbWFuLmNsXC93cC1jb250ZW50XC91cGxvYWRzXC8yMDI1XC8xMlwvWWEtc2UtTGVlci0yMDI1LUluc3RpdHV0by1BbGVtYW4tZGUtUHVlcnRvLU1vbnR0XzAwOThfTml2ZWxlcy0xNS5qcGciLCJzbGlkZXNob3ciOiI0ZWU4OTQxIn0%3D\" href='https:\/\/ialeman.cl\/wp-content\/uploads\/2025\/12\/Ya-se-Leer-2025-Instituto-Aleman-de-Puerto-Montt_0098_Niveles-15.jpg'><img loading=\"lazy\" decoding=\"async\" width=\"1200\" height=\"801\" src=\"https:\/\/ialeman.cl\/wp-content\/uploads\/2025\/12\/Ya-se-Leer-2025-Instituto-Aleman-de-Puerto-Montt_0098_Niveles-15.jpg\" class=\"attachment-full size-full\" alt=\"\" srcset=\"https:\/\/ialeman.cl\/wp-content\/uploads\/2025\/12\/Ya-se-Leer-2025-Instituto-Aleman-de-Puerto-Montt_0098_Niveles-15.jpg 1200w, https:\/\/ialeman.cl\/wp-content\/uploads\/2025\/12\/Ya-se-Leer-2025-Instituto-Aleman-de-Puerto-Montt_0098_Niveles-15-300x200.jpg 300w, https:\/\/ialeman.cl\/wp-content\/uploads\/2025\/12\/Ya-se-Leer-2025-Instituto-Aleman-de-Puerto-Montt_0098_Niveles-15-1024x684.jpg 1024w, https:\/\/ialeman.cl\/wp-content\/uploads\/2025\/12\/Ya-se-Leer-2025-Instituto-Aleman-de-Puerto-Montt_0098_Niveles-15-768x513.jpg 768w\" sizes=\"(max-width: 1200px) 100vw, 1200px\" \/><\/a>\n\t\t\t<\/div><\/figure><figure class='gallery-item'>\n\t\t\t<div class='gallery-icon landscape'>\n\t\t\t\t<a data-elementor-open-lightbox=\"yes\" data-elementor-lightbox-slideshow=\"4ee8941\" data-elementor-lightbox-title=\"Ya s\u00e9 Leer 2025 Instituto Alem\u00e1n de Puerto Montt_0099_Niveles 13\" data-e-action-hash=\"#elementor-action%3Aaction%3Dlightbox%26settings%3DeyJpZCI6NTI3MTcsInVybCI6Imh0dHBzOlwvXC9pYWxlbWFuLmNsXC93cC1jb250ZW50XC91cGxvYWRzXC8yMDI1XC8xMlwvWWEtc2UtTGVlci0yMDI1LUluc3RpdHV0by1BbGVtYW4tZGUtUHVlcnRvLU1vbnR0XzAwOTlfTml2ZWxlcy0xMy5qcGciLCJzbGlkZXNob3ciOiI0ZWU4OTQxIn0%3D\" href='https:\/\/ialeman.cl\/wp-content\/uploads\/2025\/12\/Ya-se-Leer-2025-Instituto-Aleman-de-Puerto-Montt_0099_Niveles-13.jpg'><img loading=\"lazy\" decoding=\"async\" width=\"1200\" height=\"801\" src=\"https:\/\/ialeman.cl\/wp-content\/uploads\/2025\/12\/Ya-se-Leer-2025-Instituto-Aleman-de-Puerto-Montt_0099_Niveles-13.jpg\" class=\"attachment-full size-full\" alt=\"\" srcset=\"https:\/\/ialeman.cl\/wp-content\/uploads\/2025\/12\/Ya-se-Leer-2025-Instituto-Aleman-de-Puerto-Montt_0099_Niveles-13.jpg 1200w, https:\/\/ialeman.cl\/wp-content\/uploads\/2025\/12\/Ya-se-Leer-2025-Instituto-Aleman-de-Puerto-Montt_0099_Niveles-13-300x200.jpg 300w, https:\/\/ialeman.cl\/wp-content\/uploads\/2025\/12\/Ya-se-Leer-2025-Instituto-Aleman-de-Puerto-Montt_0099_Niveles-13-1024x684.jpg 1024w, https:\/\/ialeman.cl\/wp-content\/uploads\/2025\/12\/Ya-se-Leer-2025-Instituto-Aleman-de-Puerto-Montt_0099_Niveles-13-768x513.jpg 768w\" sizes=\"(max-width: 1200px) 100vw, 1200px\" \/><\/a>\n\t\t\t<\/div><\/figure><figure class='gallery-item'>\n\t\t\t<div class='gallery-icon landscape'>\n\t\t\t\t<a data-elementor-open-lightbox=\"yes\" data-elementor-lightbox-slideshow=\"4ee8941\" data-elementor-lightbox-title=\"Ya s\u00e9 Leer 2025 Instituto Alem\u00e1n de Puerto Montt_0100_Niveles 13\" data-e-action-hash=\"#elementor-action%3Aaction%3Dlightbox%26settings%3DeyJpZCI6NTI3MTgsInVybCI6Imh0dHBzOlwvXC9pYWxlbWFuLmNsXC93cC1jb250ZW50XC91cGxvYWRzXC8yMDI1XC8xMlwvWWEtc2UtTGVlci0yMDI1LUluc3RpdHV0by1BbGVtYW4tZGUtUHVlcnRvLU1vbnR0XzAxMDBfTml2ZWxlcy0xMy5qcGciLCJzbGlkZXNob3ciOiI0ZWU4OTQxIn0%3D\" href='https:\/\/ialeman.cl\/wp-content\/uploads\/2025\/12\/Ya-se-Leer-2025-Instituto-Aleman-de-Puerto-Montt_0100_Niveles-13.jpg'><img loading=\"lazy\" decoding=\"async\" width=\"1200\" height=\"801\" src=\"https:\/\/ialeman.cl\/wp-content\/uploads\/2025\/12\/Ya-se-Leer-2025-Instituto-Aleman-de-Puerto-Montt_0100_Niveles-13.jpg\" class=\"attachment-full size-full\" alt=\"\" srcset=\"https:\/\/ialeman.cl\/wp-content\/uploads\/2025\/12\/Ya-se-Leer-2025-Instituto-Aleman-de-Puerto-Montt_0100_Niveles-13.jpg 1200w, https:\/\/ialeman.cl\/wp-content\/uploads\/2025\/12\/Ya-se-Leer-2025-Instituto-Aleman-de-Puerto-Montt_0100_Niveles-13-300x200.jpg 300w, https:\/\/ialeman.cl\/wp-content\/uploads\/2025\/12\/Ya-se-Leer-2025-Instituto-Aleman-de-Puerto-Montt_0100_Niveles-13-1024x684.jpg 1024w, https:\/\/ialeman.cl\/wp-content\/uploads\/2025\/12\/Ya-se-Leer-2025-Instituto-Aleman-de-Puerto-Montt_0100_Niveles-13-768x513.jpg 768w\" sizes=\"(max-width: 1200px) 100vw, 1200px\" \/><\/a>\n\t\t\t<\/div><\/figure><figure class='gallery-item'>\n\t\t\t<div class='gallery-icon landscape'>\n\t\t\t\t<a data-elementor-open-lightbox=\"yes\" data-elementor-lightbox-slideshow=\"4ee8941\" data-elementor-lightbox-title=\"Ya s\u00e9 Leer 2025 Instituto Alem\u00e1n de Puerto Montt_0101_DSC_4749\" data-e-action-hash=\"#elementor-action%3Aaction%3Dlightbox%26settings%3DeyJpZCI6NTI3MTksInVybCI6Imh0dHBzOlwvXC9pYWxlbWFuLmNsXC93cC1jb250ZW50XC91cGxvYWRzXC8yMDI1XC8xMlwvWWEtc2UtTGVlci0yMDI1LUluc3RpdHV0by1BbGVtYW4tZGUtUHVlcnRvLU1vbnR0XzAxMDFfRFNDXzQ3NDkuanBnIiwic2xpZGVzaG93IjoiNGVlODk0MSJ9\" href='https:\/\/ialeman.cl\/wp-content\/uploads\/2025\/12\/Ya-se-Leer-2025-Instituto-Aleman-de-Puerto-Montt_0101_DSC_4749.jpg'><img loading=\"lazy\" decoding=\"async\" width=\"1200\" height=\"801\" src=\"https:\/\/ialeman.cl\/wp-content\/uploads\/2025\/12\/Ya-se-Leer-2025-Instituto-Aleman-de-Puerto-Montt_0101_DSC_4749.jpg\" class=\"attachment-full size-full\" alt=\"\" srcset=\"https:\/\/ialeman.cl\/wp-content\/uploads\/2025\/12\/Ya-se-Leer-2025-Instituto-Aleman-de-Puerto-Montt_0101_DSC_4749.jpg 1200w, https:\/\/ialeman.cl\/wp-content\/uploads\/2025\/12\/Ya-se-Leer-2025-Instituto-Aleman-de-Puerto-Montt_0101_DSC_4749-300x200.jpg 300w, https:\/\/ialeman.cl\/wp-content\/uploads\/2025\/12\/Ya-se-Leer-2025-Instituto-Aleman-de-Puerto-Montt_0101_DSC_4749-1024x684.jpg 1024w, https:\/\/ialeman.cl\/wp-content\/uploads\/2025\/12\/Ya-se-Leer-2025-Instituto-Aleman-de-Puerto-Montt_0101_DSC_4749-768x513.jpg 768w\" sizes=\"(max-width: 1200px) 100vw, 1200px\" \/><\/a>\n\t\t\t<\/div><\/figure><figure class='gallery-item'>\n\t\t\t<div class='gallery-icon landscape'>\n\t\t\t\t<a data-elementor-open-lightbox=\"yes\" data-elementor-lightbox-slideshow=\"4ee8941\" data-elementor-lightbox-title=\"Ya s\u00e9 Leer 2025 Instituto Alem\u00e1n de Puerto Montt_0102_Niveles 13\" data-e-action-hash=\"#elementor-action%3Aaction%3Dlightbox%26settings%3DeyJpZCI6NTI3MjAsInVybCI6Imh0dHBzOlwvXC9pYWxlbWFuLmNsXC93cC1jb250ZW50XC91cGxvYWRzXC8yMDI1XC8xMlwvWWEtc2UtTGVlci0yMDI1LUluc3RpdHV0by1BbGVtYW4tZGUtUHVlcnRvLU1vbnR0XzAxMDJfTml2ZWxlcy0xMy5qcGciLCJzbGlkZXNob3ciOiI0ZWU4OTQxIn0%3D\" href='https:\/\/ialeman.cl\/wp-content\/uploads\/2025\/12\/Ya-se-Leer-2025-Instituto-Aleman-de-Puerto-Montt_0102_Niveles-13.jpg'><img loading=\"lazy\" decoding=\"async\" width=\"1200\" height=\"801\" src=\"https:\/\/ialeman.cl\/wp-content\/uploads\/2025\/12\/Ya-se-Leer-2025-Instituto-Aleman-de-Puerto-Montt_0102_Niveles-13.jpg\" class=\"attachment-full size-full\" alt=\"\" srcset=\"https:\/\/ialeman.cl\/wp-content\/uploads\/2025\/12\/Ya-se-Leer-2025-Instituto-Aleman-de-Puerto-Montt_0102_Niveles-13.jpg 1200w, https:\/\/ialeman.cl\/wp-content\/uploads\/2025\/12\/Ya-se-Leer-2025-Instituto-Aleman-de-Puerto-Montt_0102_Niveles-13-300x200.jpg 300w, https:\/\/ialeman.cl\/wp-content\/uploads\/2025\/12\/Ya-se-Leer-2025-Instituto-Aleman-de-Puerto-Montt_0102_Niveles-13-1024x684.jpg 1024w, https:\/\/ialeman.cl\/wp-content\/uploads\/2025\/12\/Ya-se-Leer-2025-Instituto-Aleman-de-Puerto-Montt_0102_Niveles-13-768x513.jpg 768w\" sizes=\"(max-width: 1200px) 100vw, 1200px\" \/><\/a>\n\t\t\t<\/div><\/figure><figure class='gallery-item'>\n\t\t\t<div class='gallery-icon landscape'>\n\t\t\t\t<a data-elementor-open-lightbox=\"yes\" data-elementor-lightbox-slideshow=\"4ee8941\" data-elementor-lightbox-title=\"Ya s\u00e9 Leer 2025 Instituto Alem\u00e1n de Puerto Montt_0103_Niveles 13\" data-e-action-hash=\"#elementor-action%3Aaction%3Dlightbox%26settings%3DeyJpZCI6NTI3MjEsInVybCI6Imh0dHBzOlwvXC9pYWxlbWFuLmNsXC93cC1jb250ZW50XC91cGxvYWRzXC8yMDI1XC8xMlwvWWEtc2UtTGVlci0yMDI1LUluc3RpdHV0by1BbGVtYW4tZGUtUHVlcnRvLU1vbnR0XzAxMDNfTml2ZWxlcy0xMy5qcGciLCJzbGlkZXNob3ciOiI0ZWU4OTQxIn0%3D\" href='https:\/\/ialeman.cl\/wp-content\/uploads\/2025\/12\/Ya-se-Leer-2025-Instituto-Aleman-de-Puerto-Montt_0103_Niveles-13.jpg'><img loading=\"lazy\" decoding=\"async\" width=\"1200\" height=\"801\" src=\"https:\/\/ialeman.cl\/wp-content\/uploads\/2025\/12\/Ya-se-Leer-2025-Instituto-Aleman-de-Puerto-Montt_0103_Niveles-13.jpg\" class=\"attachment-full size-full\" alt=\"\" srcset=\"https:\/\/ialeman.cl\/wp-content\/uploads\/2025\/12\/Ya-se-Leer-2025-Instituto-Aleman-de-Puerto-Montt_0103_Niveles-13.jpg 1200w, https:\/\/ialeman.cl\/wp-content\/uploads\/2025\/12\/Ya-se-Leer-2025-Instituto-Aleman-de-Puerto-Montt_0103_Niveles-13-300x200.jpg 300w, https:\/\/ialeman.cl\/wp-content\/uploads\/2025\/12\/Ya-se-Leer-2025-Instituto-Aleman-de-Puerto-Montt_0103_Niveles-13-1024x684.jpg 1024w, https:\/\/ialeman.cl\/wp-content\/uploads\/2025\/12\/Ya-se-Leer-2025-Instituto-Aleman-de-Puerto-Montt_0103_Niveles-13-768x513.jpg 768w\" sizes=\"(max-width: 1200px) 100vw, 1200px\" \/><\/a>\n\t\t\t<\/div><\/figure><figure class='gallery-item'>\n\t\t\t<div class='gallery-icon landscape'>\n\t\t\t\t<a data-elementor-open-lightbox=\"yes\" data-elementor-lightbox-slideshow=\"4ee8941\" data-elementor-lightbox-title=\"Ya s\u00e9 Leer 2025 Instituto Alem\u00e1n de Puerto Montt_0104_Niveles 13\" data-e-action-hash=\"#elementor-action%3Aaction%3Dlightbox%26settings%3DeyJpZCI6NTI3MjIsInVybCI6Imh0dHBzOlwvXC9pYWxlbWFuLmNsXC93cC1jb250ZW50XC91cGxvYWRzXC8yMDI1XC8xMlwvWWEtc2UtTGVlci0yMDI1LUluc3RpdHV0by1BbGVtYW4tZGUtUHVlcnRvLU1vbnR0XzAxMDRfTml2ZWxlcy0xMy5qcGciLCJzbGlkZXNob3ciOiI0ZWU4OTQxIn0%3D\" href='https:\/\/ialeman.cl\/wp-content\/uploads\/2025\/12\/Ya-se-Leer-2025-Instituto-Aleman-de-Puerto-Montt_0104_Niveles-13.jpg'><img loading=\"lazy\" decoding=\"async\" width=\"1200\" height=\"801\" src=\"https:\/\/ialeman.cl\/wp-content\/uploads\/2025\/12\/Ya-se-Leer-2025-Instituto-Aleman-de-Puerto-Montt_0104_Niveles-13.jpg\" class=\"attachment-full size-full\" alt=\"\" srcset=\"https:\/\/ialeman.cl\/wp-content\/uploads\/2025\/12\/Ya-se-Leer-2025-Instituto-Aleman-de-Puerto-Montt_0104_Niveles-13.jpg 1200w, https:\/\/ialeman.cl\/wp-content\/uploads\/2025\/12\/Ya-se-Leer-2025-Instituto-Aleman-de-Puerto-Montt_0104_Niveles-13-300x200.jpg 300w, https:\/\/ialeman.cl\/wp-content\/uploads\/2025\/12\/Ya-se-Leer-2025-Instituto-Aleman-de-Puerto-Montt_0104_Niveles-13-1024x684.jpg 1024w, https:\/\/ialeman.cl\/wp-content\/uploads\/2025\/12\/Ya-se-Leer-2025-Instituto-Aleman-de-Puerto-Montt_0104_Niveles-13-768x513.jpg 768w\" sizes=\"(max-width: 1200px) 100vw, 1200px\" \/><\/a>\n\t\t\t<\/div><\/figure><figure class='gallery-item'>\n\t\t\t<div class='gallery-icon landscape'>\n\t\t\t\t<a data-elementor-open-lightbox=\"yes\" data-elementor-lightbox-slideshow=\"4ee8941\" data-elementor-lightbox-title=\"Ya s\u00e9 Leer 2025 Instituto Alem\u00e1n de Puerto Montt_0105_Niveles 13\" data-e-action-hash=\"#elementor-action%3Aaction%3Dlightbox%26settings%3DeyJpZCI6NTI3MjMsInVybCI6Imh0dHBzOlwvXC9pYWxlbWFuLmNsXC93cC1jb250ZW50XC91cGxvYWRzXC8yMDI1XC8xMlwvWWEtc2UtTGVlci0yMDI1LUluc3RpdHV0by1BbGVtYW4tZGUtUHVlcnRvLU1vbnR0XzAxMDVfTml2ZWxlcy0xMy5qcGciLCJzbGlkZXNob3ciOiI0ZWU4OTQxIn0%3D\" href='https:\/\/ialeman.cl\/wp-content\/uploads\/2025\/12\/Ya-se-Leer-2025-Instituto-Aleman-de-Puerto-Montt_0105_Niveles-13.jpg'><img loading=\"lazy\" decoding=\"async\" width=\"1200\" height=\"801\" src=\"https:\/\/ialeman.cl\/wp-content\/uploads\/2025\/12\/Ya-se-Leer-2025-Instituto-Aleman-de-Puerto-Montt_0105_Niveles-13.jpg\" class=\"attachment-full size-full\" alt=\"\" srcset=\"https:\/\/ialeman.cl\/wp-content\/uploads\/2025\/12\/Ya-se-Leer-2025-Instituto-Aleman-de-Puerto-Montt_0105_Niveles-13.jpg 1200w, https:\/\/ialeman.cl\/wp-content\/uploads\/2025\/12\/Ya-se-Leer-2025-Instituto-Aleman-de-Puerto-Montt_0105_Niveles-13-300x200.jpg 300w, https:\/\/ialeman.cl\/wp-content\/uploads\/2025\/12\/Ya-se-Leer-2025-Instituto-Aleman-de-Puerto-Montt_0105_Niveles-13-1024x684.jpg 1024w, https:\/\/ialeman.cl\/wp-content\/uploads\/2025\/12\/Ya-se-Leer-2025-Instituto-Aleman-de-Puerto-Montt_0105_Niveles-13-768x513.jpg 768w\" sizes=\"(max-width: 1200px) 100vw, 1200px\" \/><\/a>\n\t\t\t<\/div><\/figure><figure class='gallery-item'>\n\t\t\t<div class='gallery-icon landscape'>\n\t\t\t\t<a data-elementor-open-lightbox=\"yes\" data-elementor-lightbox-slideshow=\"4ee8941\" data-elementor-lightbox-title=\"Ya s\u00e9 Leer 2025 Instituto Alem\u00e1n de Puerto Montt_0106_Niveles 13\" data-e-action-hash=\"#elementor-action%3Aaction%3Dlightbox%26settings%3DeyJpZCI6NTI3MjQsInVybCI6Imh0dHBzOlwvXC9pYWxlbWFuLmNsXC93cC1jb250ZW50XC91cGxvYWRzXC8yMDI1XC8xMlwvWWEtc2UtTGVlci0yMDI1LUluc3RpdHV0by1BbGVtYW4tZGUtUHVlcnRvLU1vbnR0XzAxMDZfTml2ZWxlcy0xMy5qcGciLCJzbGlkZXNob3ciOiI0ZWU4OTQxIn0%3D\" href='https:\/\/ialeman.cl\/wp-content\/uploads\/2025\/12\/Ya-se-Leer-2025-Instituto-Aleman-de-Puerto-Montt_0106_Niveles-13.jpg'><img loading=\"lazy\" decoding=\"async\" width=\"1200\" height=\"801\" src=\"https:\/\/ialeman.cl\/wp-content\/uploads\/2025\/12\/Ya-se-Leer-2025-Instituto-Aleman-de-Puerto-Montt_0106_Niveles-13.jpg\" class=\"attachment-full size-full\" alt=\"\" srcset=\"https:\/\/ialeman.cl\/wp-content\/uploads\/2025\/12\/Ya-se-Leer-2025-Instituto-Aleman-de-Puerto-Montt_0106_Niveles-13.jpg 1200w, https:\/\/ialeman.cl\/wp-content\/uploads\/2025\/12\/Ya-se-Leer-2025-Instituto-Aleman-de-Puerto-Montt_0106_Niveles-13-300x200.jpg 300w, https:\/\/ialeman.cl\/wp-content\/uploads\/2025\/12\/Ya-se-Leer-2025-Instituto-Aleman-de-Puerto-Montt_0106_Niveles-13-1024x684.jpg 1024w, https:\/\/ialeman.cl\/wp-content\/uploads\/2025\/12\/Ya-se-Leer-2025-Instituto-Aleman-de-Puerto-Montt_0106_Niveles-13-768x513.jpg 768w\" sizes=\"(max-width: 1200px) 100vw, 1200px\" \/><\/a>\n\t\t\t<\/div><\/figure><figure class='gallery-item'>\n\t\t\t<div class='gallery-icon landscape'>\n\t\t\t\t<a data-elementor-open-lightbox=\"yes\" data-elementor-lightbox-slideshow=\"4ee8941\" data-elementor-lightbox-title=\"Ya s\u00e9 Leer 2025 Instituto Alem\u00e1n de Puerto Montt_0107_Niveles 13\" data-e-action-hash=\"#elementor-action%3Aaction%3Dlightbox%26settings%3DeyJpZCI6NTI3MjUsInVybCI6Imh0dHBzOlwvXC9pYWxlbWFuLmNsXC93cC1jb250ZW50XC91cGxvYWRzXC8yMDI1XC8xMlwvWWEtc2UtTGVlci0yMDI1LUluc3RpdHV0by1BbGVtYW4tZGUtUHVlcnRvLU1vbnR0XzAxMDdfTml2ZWxlcy0xMy5qcGciLCJzbGlkZXNob3ciOiI0ZWU4OTQxIn0%3D\" href='https:\/\/ialeman.cl\/wp-content\/uploads\/2025\/12\/Ya-se-Leer-2025-Instituto-Aleman-de-Puerto-Montt_0107_Niveles-13.jpg'><img loading=\"lazy\" decoding=\"async\" width=\"1200\" height=\"801\" src=\"https:\/\/ialeman.cl\/wp-content\/uploads\/2025\/12\/Ya-se-Leer-2025-Instituto-Aleman-de-Puerto-Montt_0107_Niveles-13.jpg\" class=\"attachment-full size-full\" alt=\"\" srcset=\"https:\/\/ialeman.cl\/wp-content\/uploads\/2025\/12\/Ya-se-Leer-2025-Instituto-Aleman-de-Puerto-Montt_0107_Niveles-13.jpg 1200w, https:\/\/ialeman.cl\/wp-content\/uploads\/2025\/12\/Ya-se-Leer-2025-Instituto-Aleman-de-Puerto-Montt_0107_Niveles-13-300x200.jpg 300w, https:\/\/ialeman.cl\/wp-content\/uploads\/2025\/12\/Ya-se-Leer-2025-Instituto-Aleman-de-Puerto-Montt_0107_Niveles-13-1024x684.jpg 1024w, https:\/\/ialeman.cl\/wp-content\/uploads\/2025\/12\/Ya-se-Leer-2025-Instituto-Aleman-de-Puerto-Montt_0107_Niveles-13-768x513.jpg 768w\" sizes=\"(max-width: 1200px) 100vw, 1200px\" \/><\/a>\n\t\t\t<\/div><\/figure><figure class='gallery-item'>\n\t\t\t<div class='gallery-icon landscape'>\n\t\t\t\t<a data-elementor-open-lightbox=\"yes\" data-elementor-lightbox-slideshow=\"4ee8941\" data-elementor-lightbox-title=\"Ya s\u00e9 Leer 2025 Instituto Alem\u00e1n de Puerto Montt_0108_Niveles 13\" data-e-action-hash=\"#elementor-action%3Aaction%3Dlightbox%26settings%3DeyJpZCI6NTI3MjYsInVybCI6Imh0dHBzOlwvXC9pYWxlbWFuLmNsXC93cC1jb250ZW50XC91cGxvYWRzXC8yMDI1XC8xMlwvWWEtc2UtTGVlci0yMDI1LUluc3RpdHV0by1BbGVtYW4tZGUtUHVlcnRvLU1vbnR0XzAxMDhfTml2ZWxlcy0xMy5qcGciLCJzbGlkZXNob3ciOiI0ZWU4OTQxIn0%3D\" href='https:\/\/ialeman.cl\/wp-content\/uploads\/2025\/12\/Ya-se-Leer-2025-Instituto-Aleman-de-Puerto-Montt_0108_Niveles-13.jpg'><img loading=\"lazy\" decoding=\"async\" width=\"1200\" height=\"801\" src=\"https:\/\/ialeman.cl\/wp-content\/uploads\/2025\/12\/Ya-se-Leer-2025-Instituto-Aleman-de-Puerto-Montt_0108_Niveles-13.jpg\" class=\"attachment-full size-full\" alt=\"\" srcset=\"https:\/\/ialeman.cl\/wp-content\/uploads\/2025\/12\/Ya-se-Leer-2025-Instituto-Aleman-de-Puerto-Montt_0108_Niveles-13.jpg 1200w, https:\/\/ialeman.cl\/wp-content\/uploads\/2025\/12\/Ya-se-Leer-2025-Instituto-Aleman-de-Puerto-Montt_0108_Niveles-13-300x200.jpg 300w, https:\/\/ialeman.cl\/wp-content\/uploads\/2025\/12\/Ya-se-Leer-2025-Instituto-Aleman-de-Puerto-Montt_0108_Niveles-13-1024x684.jpg 1024w, https:\/\/ialeman.cl\/wp-content\/uploads\/2025\/12\/Ya-se-Leer-2025-Instituto-Aleman-de-Puerto-Montt_0108_Niveles-13-768x513.jpg 768w\" sizes=\"(max-width: 1200px) 100vw, 1200px\" \/><\/a>\n\t\t\t<\/div><\/figure><figure class='gallery-item'>\n\t\t\t<div class='gallery-icon landscape'>\n\t\t\t\t<a data-elementor-open-lightbox=\"yes\" data-elementor-lightbox-slideshow=\"4ee8941\" data-elementor-lightbox-title=\"Ya s\u00e9 Leer 2025 Instituto Alem\u00e1n de Puerto Montt_0109_Niveles 13\" data-e-action-hash=\"#elementor-action%3Aaction%3Dlightbox%26settings%3DeyJpZCI6NTI3MjcsInVybCI6Imh0dHBzOlwvXC9pYWxlbWFuLmNsXC93cC1jb250ZW50XC91cGxvYWRzXC8yMDI1XC8xMlwvWWEtc2UtTGVlci0yMDI1LUluc3RpdHV0by1BbGVtYW4tZGUtUHVlcnRvLU1vbnR0XzAxMDlfTml2ZWxlcy0xMy5qcGciLCJzbGlkZXNob3ciOiI0ZWU4OTQxIn0%3D\" href='https:\/\/ialeman.cl\/wp-content\/uploads\/2025\/12\/Ya-se-Leer-2025-Instituto-Aleman-de-Puerto-Montt_0109_Niveles-13.jpg'><img loading=\"lazy\" decoding=\"async\" width=\"1200\" height=\"801\" src=\"https:\/\/ialeman.cl\/wp-content\/uploads\/2025\/12\/Ya-se-Leer-2025-Instituto-Aleman-de-Puerto-Montt_0109_Niveles-13.jpg\" class=\"attachment-full size-full\" alt=\"\" srcset=\"https:\/\/ialeman.cl\/wp-content\/uploads\/2025\/12\/Ya-se-Leer-2025-Instituto-Aleman-de-Puerto-Montt_0109_Niveles-13.jpg 1200w, https:\/\/ialeman.cl\/wp-content\/uploads\/2025\/12\/Ya-se-Leer-2025-Instituto-Aleman-de-Puerto-Montt_0109_Niveles-13-300x200.jpg 300w, https:\/\/ialeman.cl\/wp-content\/uploads\/2025\/12\/Ya-se-Leer-2025-Instituto-Aleman-de-Puerto-Montt_0109_Niveles-13-1024x684.jpg 1024w, https:\/\/ialeman.cl\/wp-content\/uploads\/2025\/12\/Ya-se-Leer-2025-Instituto-Aleman-de-Puerto-Montt_0109_Niveles-13-768x513.jpg 768w\" sizes=\"(max-width: 1200px) 100vw, 1200px\" \/><\/a>\n\t\t\t<\/div><\/figure>\n\t\t<\/div>\n\t\t<\/div>\n\t\t\t\t\t\t<\/div>\n\t\t\t\t<\/div>\n\t\t\t\t\t<\/div>\n\t\t<\/div>\n\t\t\t\t\t<\/div>\n\t\t<\/section>\n\t\t\t\t<\/div>\n\t\t","protected":false},"excerpt":{"rendered":"<p>Estudiantes de 1\u00ba B\u00e1sico celebran la ceremonia Ya S\u00e9 Leer 2025 El Instituto Alem\u00e1n de Puerto Montt realiz\u00f3 la tradicional ceremonia Ya S\u00e9 Leer 2025, un hito acad\u00e9mico que reuni\u00f3 a los estudiantes de 1\u00ba b\u00e1sico A, B y C junto a sus familias. La actividad, desarrollada en el auditorio del colegio, destac\u00f3 el importante [&hellip;]<\/p>\n","protected":false},"author":6,"featured_media":52612,"comment_status":"closed","ping_status":"","sticky":false,"template":"","format":"standard","meta":{"site-sidebar-layout":"default","site-content-layout":"","ast-site-content-layout":"default","site-content-style":"default","site-sidebar-style":"default","ast-global-header-display":"","ast-banner-title-visibility":"","ast-main-header-display":"","ast-hfb-above-header-display":"","ast-hfb-below-header-display":"","ast-hfb-mobile-header-display":"","site-post-title":"","ast-breadcrumbs-content":"","ast-featured-img":"disabled","footer-sml-layout":"","ast-disable-related-posts":"","theme-transparent-header-meta":"","adv-header-id-meta":"","stick-header-meta":"","header-above-stick-meta":"","header-main-stick-meta":"","header-below-stick-meta":"","astra-migrate-meta-layouts":"set","ast-page-background-enabled":"default","ast-page-background-meta":{"desktop":{"background-color":"var(--ast-global-color-4)","background-image":"","background-repeat":"repeat","background-position":"center center","background-size":"auto","background-attachment":"scroll","background-type":"","background-media":"","overlay-type":"","overlay-color":"","overlay-opacity":"","overlay-gradient":""},"tablet":{"background-color":"","background-image":"","background-repeat":"repeat","background-position":"center center","background-size":"auto","background-attachment":"scroll","background-type":"","background-media":"","overlay-type":"","overlay-color":"","overlay-opacity":"","overlay-gradient":""},"mobile":{"background-color":"","background-image":"","background-repeat":"repeat","background-position":"center center","background-size":"auto","background-attachment":"scroll","background-type":"","background-media":"","overlay-type":"","overlay-color":"","overlay-opacity":"","overlay-gradient":""}},"ast-content-background-meta":{"desktop":{"background-color":"var(--ast-global-color-5)","background-image":"","background-repeat":"repeat","background-position":"center center","background-size":"auto","background-attachment":"scroll","background-type":"","background-media":"","overlay-type":"","overlay-color":"","overlay-opacity":"","overlay-gradient":""},"tablet":{"background-color":"var(--ast-global-color-5)","background-image":"","background-repeat":"repeat","background-position":"center center","background-size":"auto","background-attachment":"scroll","background-type":"","background-media":"","overlay-type":"","overlay-color":"","overlay-opacity":"","overlay-gradient":""},"mobile":{"background-color":"var(--ast-global-color-5)","background-image":"","background-repeat":"repeat","background-position":"center center","background-size":"auto","background-attachment":"scroll","background-type":"","background-media":"","overlay-type":"","overlay-color":"","overlay-opacity":"","overlay-gradient":""}},"advanced_seo_description":"","jetpack_seo_html_title":"","jetpack_seo_noindex":false,"jetpack_seo_schema_type":"","_jetpack_newsletter_access":"","_jetpack_dont_email_post_to_subs":false,"_jetpack_newsletter_tier_id":0,"_jetpack_memberships_contains_paywalled_content":false,"_wpcom_ai_launchpad_first_post":false,"_jetpack_feature_clip_id":0,"_jetpack_memberships_contains_paid_content":false,"footnotes":"","jetpack_post_was_ever_published":false},"categories":[10],"tags":[],"class_list":["post-52611","post","type-post","status-publish","format-standard","has-post-thumbnail","hentry","category-noticias"],"jetpack_shortlink":"https:\/\/wp.me\/ph8I5c-dGz","jetpack_sharing_enabled":true,"jetpack_featured_media_url":"https:\/\/ialeman.cl\/wp-content\/uploads\/2025\/12\/Ya-se-Leer-2025-Instituto-Aleman-de-Puerto-Montt_0033_Niveles-7.jpg","_links":{"self":[{"href":"https:\/\/ialeman.cl\/index.php\/wp-json\/wp\/v2\/posts\/52611","targetHints":{"allow":["GET"]}}],"collection":[{"href":"https:\/\/ialeman.cl\/index.php\/wp-json\/wp\/v2\/posts"}],"about":[{"href":"https:\/\/ialeman.cl\/index.php\/wp-json\/wp\/v2\/types\/post"}],"author":[{"embeddable":true,"href":"https:\/\/ialeman.cl\/index.php\/wp-json\/wp\/v2\/users\/6"}],"replies":[{"embeddable":true,"href":"https:\/\/ialeman.cl\/index.php\/wp-json\/wp\/v2\/comments?post=52611"}],"version-history":[{"count":10,"href":"https:\/\/ialeman.cl\/index.php\/wp-json\/wp\/v2\/posts\/52611\/revisions"}],"predecessor-version":[{"id":52733,"href":"https:\/\/ialeman.cl\/index.php\/wp-json\/wp\/v2\/posts\/52611\/revisions\/52733"}],"wp:featuredmedia":[{"embeddable":true,"href":"https:\/\/ialeman.cl\/index.php\/wp-json\/wp\/v2\/media\/52612"}],"wp:attachment":[{"href":"https:\/\/ialeman.cl\/index.php\/wp-json\/wp\/v2\/media?parent=52611"}],"wp:term":[{"taxonomy":"category","embeddable":true,"href":"https:\/\/ialeman.cl\/index.php\/wp-json\/wp\/v2\/categories?post=52611"},{"taxonomy":"post_tag","embeddable":true,"href":"https:\/\/ialeman.cl\/index.php\/wp-json\/wp\/v2\/tags?post=52611"}],"curies":[{"name":"wp","href":"https:\/\/api.w.org\/{rel}","templated":true}]}}