{"id":52493,"date":"2025-12-10T08:22:54","date_gmt":"2025-12-10T12:22:54","guid":{"rendered":"https:\/\/ialeman.cl\/?p=52493"},"modified":"2025-12-10T08:34:43","modified_gmt":"2025-12-10T12:34:43","slug":"licenciatura-2025","status":"publish","type":"post","link":"https:\/\/ialeman.cl\/index.php\/licenciatura-2025\/","title":{"rendered":"Licenciatura 2025"},"content":{"rendered":"\t\t<div data-elementor-type=\"wp-post\" data-elementor-id=\"52493\" class=\"elementor elementor-52493\">\n\t\t\t\t\t\t<section class=\"elementor-section elementor-top-section elementor-element elementor-element-0a1fc63 elementor-section-boxed elementor-section-height-default elementor-section-height-default\" data-id=\"0a1fc63\" data-element_type=\"section\" data-e-type=\"section\">\n\t\t\t\t\t\t<div class=\"elementor-container elementor-column-gap-default\">\n\t\t\t\t\t<div class=\"elementor-column elementor-col-100 elementor-top-column elementor-element elementor-element-cdd25d9\" data-id=\"cdd25d9\" data-element_type=\"column\" data-e-type=\"column\">\n\t\t\t<div class=\"elementor-widget-wrap elementor-element-populated\">\n\t\t\t\t\t\t<div class=\"elementor-element elementor-element-9a5ae96 elementor-widget elementor-widget-heading\" data-id=\"9a5ae96\" data-element_type=\"widget\" data-e-type=\"widget\" data-widget_type=\"heading.default\">\n\t\t\t\t<div class=\"elementor-widget-container\">\n\t\t\t\t\t<h2 class=\"elementor-heading-title elementor-size-default\">Instituto Alem\u00e1n de Puerto Montt realiz\u00f3 la ceremonia de licenciatura de la Generaci\u00f3n 2025\n<\/h2>\t\t\t\t<\/div>\n\t\t\t\t<\/div>\n\t\t\t\t\t<\/div>\n\t\t<\/div>\n\t\t\t\t\t<\/div>\n\t\t<\/section>\n\t\t\t\t<section class=\"elementor-section elementor-top-section elementor-element elementor-element-822cdc4 elementor-section-boxed elementor-section-height-default elementor-section-height-default\" data-id=\"822cdc4\" data-element_type=\"section\" data-e-type=\"section\">\n\t\t\t\t\t\t<div class=\"elementor-container elementor-column-gap-default\">\n\t\t\t\t\t<div class=\"elementor-column elementor-col-100 elementor-top-column elementor-element elementor-element-71bf8ed\" data-id=\"71bf8ed\" data-element_type=\"column\" data-e-type=\"column\">\n\t\t\t<div class=\"elementor-widget-wrap elementor-element-populated\">\n\t\t\t\t\t\t<div class=\"elementor-element elementor-element-367bfe2 elementor-widget elementor-widget-heading\" data-id=\"367bfe2\" data-element_type=\"widget\" data-e-type=\"widget\" data-widget_type=\"heading.default\">\n\t\t\t\t<div class=\"elementor-widget-container\">\n\t\t\t\t\t<h2 class=\"elementor-heading-title elementor-size-default\">El Instituto Alem\u00e1n de Puerto Montt celebr\u00f3 la ceremonia de licenciatura de la Generaci\u00f3n 2025, instancia en la que 55 estudiantes de IV Medio culminaron su trayectoria escolar. El acto, realizado en el gimnasio, reuni\u00f3 a sus familias, directivos, docentes y amigos, quienes acompa\u00f1aron a los j\u00f3venes en un momento de especial significado.<br><br>\n\nAdem\u00e1s de recibir sus licencias, los estudiantes fueron reconocidos por su rendimiento acad\u00e9mico, desempe\u00f1o en distintas asignaturas, participaci\u00f3n en actividades deportivas y destacada trayectoria en el establecimiento, muchos de ellos con un recorrido de 16 a\u00f1os desde su ingreso en Medio Menor.<br><br>\n\nLa presidenta del Directorio de la Corporaci\u00f3n Instituto Alem\u00e1n de Puerto Montt, Sra. Patricia von Freeden, valor\u00f3 la solemnidad de la jornada y el camino formativo recorrido por los estudiantes. \u201cFue una ceremonia muy bonita y emocionante, porque vemos a j\u00f3venes listos para comenzar una nueva etapa en sus vidas. Los invito a que se atrevan, conf\u00eden, que no dejen de so\u00f1ar, que busquen su vocaci\u00f3n para que sean felices y, sobre todo, que sean buenas personas\u201d, se\u00f1al\u00f3.<br><br>\n\nPor su parte, el Rector del Instituto Alem\u00e1n de Puerto Montt, Sr. Gabriel Saldivia, destac\u00f3 el honor institucional frente a este nuevo egreso. \u201cEstamos muy orgullosos, porque esta es la generaci\u00f3n n\u00famero 52 que culmina IV Medio desde 1974. En total, son cerca de 1.600 los alumnos que han salido del colegio, contribuyendo a la sociedad chilena con sus conocimientos y habilidades\u201d, expres\u00f3.<br><br>\n\nEn la ocasi\u00f3n, tambi\u00e9n se compartieron emotivos discursos de estudiantes y familias, quienes recordaron aprendizajes, desaf\u00edos y metas alcanzadas durante su paso por el colegio. El Instituto Alem\u00e1n de Puerto Montt entrega sus mejores deseos a la Generaci\u00f3n 2025, esperando que logren sus sue\u00f1os y metas en el camino que emprendan.<\/h2>\t\t\t\t<\/div>\n\t\t\t\t<\/div>\n\t\t\t\t\t<\/div>\n\t\t<\/div>\n\t\t\t\t\t<\/div>\n\t\t<\/section>\n\t\t\t\t<section class=\"elementor-section elementor-top-section elementor-element elementor-element-e33df1f elementor-section-boxed elementor-section-height-default elementor-section-height-default\" data-id=\"e33df1f\" data-element_type=\"section\" data-e-type=\"section\">\n\t\t\t\t\t\t<div class=\"elementor-container elementor-column-gap-default\">\n\t\t\t\t\t<div class=\"elementor-column elementor-col-100 elementor-top-column elementor-element elementor-element-1835ac7\" data-id=\"1835ac7\" data-element_type=\"column\" data-e-type=\"column\">\n\t\t\t<div class=\"elementor-widget-wrap elementor-element-populated\">\n\t\t\t\t\t\t<div class=\"elementor-element elementor-element-aeecdf1 gallery-spacing-custom elementor-widget elementor-widget-image-gallery\" data-id=\"aeecdf1\" data-element_type=\"widget\" data-e-type=\"widget\" data-widget_type=\"image-gallery.default\">\n\t\t\t\t<div class=\"elementor-widget-container\">\n\t\t\t\t\t\t\t<div class=\"elementor-image-gallery\">\n\t\t\t<div id='gallery-1' class='gallery galleryid-52493 gallery-columns-2 gallery-size-full'><figure class='gallery-item'>\n\t\t\t<div class='gallery-icon landscape'>\n\t\t\t\t<a data-elementor-open-lightbox=\"yes\" data-elementor-lightbox-slideshow=\"aeecdf1\" data-elementor-lightbox-title=\"LICENCIATURA 2025 Instituto Alem\u00e1n de Puerto Montt_0001_DSC_3417\" data-e-action-hash=\"#elementor-action%3Aaction%3Dlightbox%26settings%3DeyJpZCI6NTI1MDAsInVybCI6Imh0dHBzOlwvXC9pYWxlbWFuLmNsXC93cC1jb250ZW50XC91cGxvYWRzXC8yMDI1XC8xMlwvTElDRU5DSUFUVVJBLTIwMjUtSW5zdGl0dXRvLUFsZW1hbi1kZS1QdWVydG8tTW9udHRfMDAwMV9EU0NfMzQxNy0xLmpwZyIsInNsaWRlc2hvdyI6ImFlZWNkZjEifQ%3D%3D\" href='https:\/\/ialeman.cl\/wp-content\/uploads\/2025\/12\/LICENCIATURA-2025-Instituto-Aleman-de-Puerto-Montt_0001_DSC_3417-1.jpg'><img fetchpriority=\"high\" decoding=\"async\" width=\"1200\" height=\"801\" src=\"https:\/\/ialeman.cl\/wp-content\/uploads\/2025\/12\/LICENCIATURA-2025-Instituto-Aleman-de-Puerto-Montt_0001_DSC_3417-1.jpg\" class=\"attachment-full size-full\" alt=\"\" srcset=\"https:\/\/ialeman.cl\/wp-content\/uploads\/2025\/12\/LICENCIATURA-2025-Instituto-Aleman-de-Puerto-Montt_0001_DSC_3417-1.jpg 1200w, https:\/\/ialeman.cl\/wp-content\/uploads\/2025\/12\/LICENCIATURA-2025-Instituto-Aleman-de-Puerto-Montt_0001_DSC_3417-1-300x200.jpg 300w, https:\/\/ialeman.cl\/wp-content\/uploads\/2025\/12\/LICENCIATURA-2025-Instituto-Aleman-de-Puerto-Montt_0001_DSC_3417-1-1024x684.jpg 1024w, https:\/\/ialeman.cl\/wp-content\/uploads\/2025\/12\/LICENCIATURA-2025-Instituto-Aleman-de-Puerto-Montt_0001_DSC_3417-1-768x513.jpg 768w\" sizes=\"(max-width: 1200px) 100vw, 1200px\" \/><\/a>\n\t\t\t<\/div><\/figure><figure class='gallery-item'>\n\t\t\t<div class='gallery-icon landscape'>\n\t\t\t\t<a data-elementor-open-lightbox=\"yes\" data-elementor-lightbox-slideshow=\"aeecdf1\" data-elementor-lightbox-title=\"LICENCIATURA 2025 Instituto Alem\u00e1n de Puerto Montt_0032_DSC_4001\" data-e-action-hash=\"#elementor-action%3Aaction%3Dlightbox%26settings%3DeyJpZCI6NTI1MzEsInVybCI6Imh0dHBzOlwvXC9pYWxlbWFuLmNsXC93cC1jb250ZW50XC91cGxvYWRzXC8yMDI1XC8xMlwvTElDRU5DSUFUVVJBLTIwMjUtSW5zdGl0dXRvLUFsZW1hbi1kZS1QdWVydG8tTW9udHRfMDAzMl9EU0NfNDAwMS5qcGciLCJzbGlkZXNob3ciOiJhZWVjZGYxIn0%3D\" href='https:\/\/ialeman.cl\/wp-content\/uploads\/2025\/12\/LICENCIATURA-2025-Instituto-Aleman-de-Puerto-Montt_0032_DSC_4001.jpg'><img decoding=\"async\" width=\"1200\" height=\"801\" src=\"https:\/\/ialeman.cl\/wp-content\/uploads\/2025\/12\/LICENCIATURA-2025-Instituto-Aleman-de-Puerto-Montt_0032_DSC_4001.jpg\" class=\"attachment-full size-full\" alt=\"\" srcset=\"https:\/\/ialeman.cl\/wp-content\/uploads\/2025\/12\/LICENCIATURA-2025-Instituto-Aleman-de-Puerto-Montt_0032_DSC_4001.jpg 1200w, https:\/\/ialeman.cl\/wp-content\/uploads\/2025\/12\/LICENCIATURA-2025-Instituto-Aleman-de-Puerto-Montt_0032_DSC_4001-300x200.jpg 300w, https:\/\/ialeman.cl\/wp-content\/uploads\/2025\/12\/LICENCIATURA-2025-Instituto-Aleman-de-Puerto-Montt_0032_DSC_4001-1024x684.jpg 1024w, https:\/\/ialeman.cl\/wp-content\/uploads\/2025\/12\/LICENCIATURA-2025-Instituto-Aleman-de-Puerto-Montt_0032_DSC_4001-768x513.jpg 768w\" sizes=\"(max-width: 1200px) 100vw, 1200px\" \/><\/a>\n\t\t\t<\/div><\/figure><figure class='gallery-item'>\n\t\t\t<div class='gallery-icon landscape'>\n\t\t\t\t<a data-elementor-open-lightbox=\"yes\" data-elementor-lightbox-slideshow=\"aeecdf1\" data-elementor-lightbox-title=\"LICENCIATURA 2025 Instituto Alem\u00e1n de Puerto Montt_0012_DSC_4300\" data-e-action-hash=\"#elementor-action%3Aaction%3Dlightbox%26settings%3DeyJpZCI6NTI1MTEsInVybCI6Imh0dHBzOlwvXC9pYWxlbWFuLmNsXC93cC1jb250ZW50XC91cGxvYWRzXC8yMDI1XC8xMlwvTElDRU5DSUFUVVJBLTIwMjUtSW5zdGl0dXRvLUFsZW1hbi1kZS1QdWVydG8tTW9udHRfMDAxMl9EU0NfNDMwMC5qcGciLCJzbGlkZXNob3ciOiJhZWVjZGYxIn0%3D\" href='https:\/\/ialeman.cl\/wp-content\/uploads\/2025\/12\/LICENCIATURA-2025-Instituto-Aleman-de-Puerto-Montt_0012_DSC_4300.jpg'><img decoding=\"async\" width=\"1200\" height=\"801\" src=\"https:\/\/ialeman.cl\/wp-content\/uploads\/2025\/12\/LICENCIATURA-2025-Instituto-Aleman-de-Puerto-Montt_0012_DSC_4300.jpg\" class=\"attachment-full size-full\" alt=\"\" srcset=\"https:\/\/ialeman.cl\/wp-content\/uploads\/2025\/12\/LICENCIATURA-2025-Instituto-Aleman-de-Puerto-Montt_0012_DSC_4300.jpg 1200w, https:\/\/ialeman.cl\/wp-content\/uploads\/2025\/12\/LICENCIATURA-2025-Instituto-Aleman-de-Puerto-Montt_0012_DSC_4300-300x200.jpg 300w, https:\/\/ialeman.cl\/wp-content\/uploads\/2025\/12\/LICENCIATURA-2025-Instituto-Aleman-de-Puerto-Montt_0012_DSC_4300-1024x684.jpg 1024w, https:\/\/ialeman.cl\/wp-content\/uploads\/2025\/12\/LICENCIATURA-2025-Instituto-Aleman-de-Puerto-Montt_0012_DSC_4300-768x513.jpg 768w\" sizes=\"(max-width: 1200px) 100vw, 1200px\" \/><\/a>\n\t\t\t<\/div><\/figure><figure class='gallery-item'>\n\t\t\t<div class='gallery-icon landscape'>\n\t\t\t\t<a data-elementor-open-lightbox=\"yes\" data-elementor-lightbox-slideshow=\"aeecdf1\" data-elementor-lightbox-title=\"LICENCIATURA 2025 Instituto Alem\u00e1n de Puerto Montt_0011_Niveles 3\" data-e-action-hash=\"#elementor-action%3Aaction%3Dlightbox%26settings%3DeyJpZCI6NTI1MTAsInVybCI6Imh0dHBzOlwvXC9pYWxlbWFuLmNsXC93cC1jb250ZW50XC91cGxvYWRzXC8yMDI1XC8xMlwvTElDRU5DSUFUVVJBLTIwMjUtSW5zdGl0dXRvLUFsZW1hbi1kZS1QdWVydG8tTW9udHRfMDAxMV9OaXZlbGVzLTMuanBnIiwic2xpZGVzaG93IjoiYWVlY2RmMSJ9\" href='https:\/\/ialeman.cl\/wp-content\/uploads\/2025\/12\/LICENCIATURA-2025-Instituto-Aleman-de-Puerto-Montt_0011_Niveles-3.jpg'><img loading=\"lazy\" decoding=\"async\" width=\"1200\" height=\"801\" src=\"https:\/\/ialeman.cl\/wp-content\/uploads\/2025\/12\/LICENCIATURA-2025-Instituto-Aleman-de-Puerto-Montt_0011_Niveles-3.jpg\" class=\"attachment-full size-full\" alt=\"\" srcset=\"https:\/\/ialeman.cl\/wp-content\/uploads\/2025\/12\/LICENCIATURA-2025-Instituto-Aleman-de-Puerto-Montt_0011_Niveles-3.jpg 1200w, https:\/\/ialeman.cl\/wp-content\/uploads\/2025\/12\/LICENCIATURA-2025-Instituto-Aleman-de-Puerto-Montt_0011_Niveles-3-300x200.jpg 300w, https:\/\/ialeman.cl\/wp-content\/uploads\/2025\/12\/LICENCIATURA-2025-Instituto-Aleman-de-Puerto-Montt_0011_Niveles-3-1024x684.jpg 1024w, https:\/\/ialeman.cl\/wp-content\/uploads\/2025\/12\/LICENCIATURA-2025-Instituto-Aleman-de-Puerto-Montt_0011_Niveles-3-768x513.jpg 768w\" sizes=\"(max-width: 1200px) 100vw, 1200px\" \/><\/a>\n\t\t\t<\/div><\/figure><figure class='gallery-item'>\n\t\t\t<div class='gallery-icon landscape'>\n\t\t\t\t<a data-elementor-open-lightbox=\"yes\" data-elementor-lightbox-slideshow=\"aeecdf1\" data-elementor-lightbox-title=\"LICENCIATURA 2025 Instituto Alem\u00e1n de Puerto Montt_0005_DSC_4062\" data-e-action-hash=\"#elementor-action%3Aaction%3Dlightbox%26settings%3DeyJpZCI6NTI1MDQsInVybCI6Imh0dHBzOlwvXC9pYWxlbWFuLmNsXC93cC1jb250ZW50XC91cGxvYWRzXC8yMDI1XC8xMlwvTElDRU5DSUFUVVJBLTIwMjUtSW5zdGl0dXRvLUFsZW1hbi1kZS1QdWVydG8tTW9udHRfMDAwNV9EU0NfNDA2Mi5qcGciLCJzbGlkZXNob3ciOiJhZWVjZGYxIn0%3D\" href='https:\/\/ialeman.cl\/wp-content\/uploads\/2025\/12\/LICENCIATURA-2025-Instituto-Aleman-de-Puerto-Montt_0005_DSC_4062.jpg'><img loading=\"lazy\" decoding=\"async\" width=\"1200\" height=\"801\" src=\"https:\/\/ialeman.cl\/wp-content\/uploads\/2025\/12\/LICENCIATURA-2025-Instituto-Aleman-de-Puerto-Montt_0005_DSC_4062.jpg\" class=\"attachment-full size-full\" alt=\"\" srcset=\"https:\/\/ialeman.cl\/wp-content\/uploads\/2025\/12\/LICENCIATURA-2025-Instituto-Aleman-de-Puerto-Montt_0005_DSC_4062.jpg 1200w, https:\/\/ialeman.cl\/wp-content\/uploads\/2025\/12\/LICENCIATURA-2025-Instituto-Aleman-de-Puerto-Montt_0005_DSC_4062-300x200.jpg 300w, https:\/\/ialeman.cl\/wp-content\/uploads\/2025\/12\/LICENCIATURA-2025-Instituto-Aleman-de-Puerto-Montt_0005_DSC_4062-1024x684.jpg 1024w, https:\/\/ialeman.cl\/wp-content\/uploads\/2025\/12\/LICENCIATURA-2025-Instituto-Aleman-de-Puerto-Montt_0005_DSC_4062-768x513.jpg 768w\" sizes=\"(max-width: 1200px) 100vw, 1200px\" \/><\/a>\n\t\t\t<\/div><\/figure><figure class='gallery-item'>\n\t\t\t<div class='gallery-icon landscape'>\n\t\t\t\t<a data-elementor-open-lightbox=\"yes\" data-elementor-lightbox-slideshow=\"aeecdf1\" data-elementor-lightbox-title=\"LICENCIATURA 2025 Instituto Alem\u00e1n de Puerto Montt_0092_DSC_3482\" data-e-action-hash=\"#elementor-action%3Aaction%3Dlightbox%26settings%3DeyJpZCI6NTI1OTIsInVybCI6Imh0dHBzOlwvXC9pYWxlbWFuLmNsXC93cC1jb250ZW50XC91cGxvYWRzXC8yMDI1XC8xMlwvTElDRU5DSUFUVVJBLTIwMjUtSW5zdGl0dXRvLUFsZW1hbi1kZS1QdWVydG8tTW9udHRfMDA5Ml9EU0NfMzQ4Mi5qcGciLCJzbGlkZXNob3ciOiJhZWVjZGYxIn0%3D\" href='https:\/\/ialeman.cl\/wp-content\/uploads\/2025\/12\/LICENCIATURA-2025-Instituto-Aleman-de-Puerto-Montt_0092_DSC_3482.jpg'><img loading=\"lazy\" decoding=\"async\" width=\"1200\" height=\"801\" src=\"https:\/\/ialeman.cl\/wp-content\/uploads\/2025\/12\/LICENCIATURA-2025-Instituto-Aleman-de-Puerto-Montt_0092_DSC_3482.jpg\" class=\"attachment-full size-full\" alt=\"\" srcset=\"https:\/\/ialeman.cl\/wp-content\/uploads\/2025\/12\/LICENCIATURA-2025-Instituto-Aleman-de-Puerto-Montt_0092_DSC_3482.jpg 1200w, https:\/\/ialeman.cl\/wp-content\/uploads\/2025\/12\/LICENCIATURA-2025-Instituto-Aleman-de-Puerto-Montt_0092_DSC_3482-300x200.jpg 300w, https:\/\/ialeman.cl\/wp-content\/uploads\/2025\/12\/LICENCIATURA-2025-Instituto-Aleman-de-Puerto-Montt_0092_DSC_3482-1024x684.jpg 1024w, https:\/\/ialeman.cl\/wp-content\/uploads\/2025\/12\/LICENCIATURA-2025-Instituto-Aleman-de-Puerto-Montt_0092_DSC_3482-768x513.jpg 768w\" sizes=\"(max-width: 1200px) 100vw, 1200px\" \/><\/a>\n\t\t\t<\/div><\/figure><figure class='gallery-item'>\n\t\t\t<div class='gallery-icon landscape'>\n\t\t\t\t<a data-elementor-open-lightbox=\"yes\" data-elementor-lightbox-slideshow=\"aeecdf1\" data-elementor-lightbox-title=\"LICENCIATURA 2025 Instituto Alem\u00e1n de Puerto Montt_0003_DSC_4177\" data-e-action-hash=\"#elementor-action%3Aaction%3Dlightbox%26settings%3DeyJpZCI6NTI1MDIsInVybCI6Imh0dHBzOlwvXC9pYWxlbWFuLmNsXC93cC1jb250ZW50XC91cGxvYWRzXC8yMDI1XC8xMlwvTElDRU5DSUFUVVJBLTIwMjUtSW5zdGl0dXRvLUFsZW1hbi1kZS1QdWVydG8tTW9udHRfMDAwM19EU0NfNDE3Ny5qcGciLCJzbGlkZXNob3ciOiJhZWVjZGYxIn0%3D\" href='https:\/\/ialeman.cl\/wp-content\/uploads\/2025\/12\/LICENCIATURA-2025-Instituto-Aleman-de-Puerto-Montt_0003_DSC_4177.jpg'><img loading=\"lazy\" decoding=\"async\" width=\"1200\" height=\"801\" src=\"https:\/\/ialeman.cl\/wp-content\/uploads\/2025\/12\/LICENCIATURA-2025-Instituto-Aleman-de-Puerto-Montt_0003_DSC_4177.jpg\" class=\"attachment-full size-full\" alt=\"\" srcset=\"https:\/\/ialeman.cl\/wp-content\/uploads\/2025\/12\/LICENCIATURA-2025-Instituto-Aleman-de-Puerto-Montt_0003_DSC_4177.jpg 1200w, https:\/\/ialeman.cl\/wp-content\/uploads\/2025\/12\/LICENCIATURA-2025-Instituto-Aleman-de-Puerto-Montt_0003_DSC_4177-300x200.jpg 300w, https:\/\/ialeman.cl\/wp-content\/uploads\/2025\/12\/LICENCIATURA-2025-Instituto-Aleman-de-Puerto-Montt_0003_DSC_4177-1024x684.jpg 1024w, https:\/\/ialeman.cl\/wp-content\/uploads\/2025\/12\/LICENCIATURA-2025-Instituto-Aleman-de-Puerto-Montt_0003_DSC_4177-768x513.jpg 768w\" sizes=\"(max-width: 1200px) 100vw, 1200px\" \/><\/a>\n\t\t\t<\/div><\/figure><figure class='gallery-item'>\n\t\t\t<div class='gallery-icon landscape'>\n\t\t\t\t<a data-elementor-open-lightbox=\"yes\" data-elementor-lightbox-slideshow=\"aeecdf1\" data-elementor-lightbox-title=\"LICENCIATURA 2025 Instituto Alem\u00e1n de Puerto Montt_0098_DSC_3392\" data-e-action-hash=\"#elementor-action%3Aaction%3Dlightbox%26settings%3DeyJpZCI6NTI1OTgsInVybCI6Imh0dHBzOlwvXC9pYWxlbWFuLmNsXC93cC1jb250ZW50XC91cGxvYWRzXC8yMDI1XC8xMlwvTElDRU5DSUFUVVJBLTIwMjUtSW5zdGl0dXRvLUFsZW1hbi1kZS1QdWVydG8tTW9udHRfMDA5OF9EU0NfMzM5Mi5qcGciLCJzbGlkZXNob3ciOiJhZWVjZGYxIn0%3D\" href='https:\/\/ialeman.cl\/wp-content\/uploads\/2025\/12\/LICENCIATURA-2025-Instituto-Aleman-de-Puerto-Montt_0098_DSC_3392.jpg'><img loading=\"lazy\" decoding=\"async\" width=\"1200\" height=\"801\" src=\"https:\/\/ialeman.cl\/wp-content\/uploads\/2025\/12\/LICENCIATURA-2025-Instituto-Aleman-de-Puerto-Montt_0098_DSC_3392.jpg\" class=\"attachment-full size-full\" alt=\"\" srcset=\"https:\/\/ialeman.cl\/wp-content\/uploads\/2025\/12\/LICENCIATURA-2025-Instituto-Aleman-de-Puerto-Montt_0098_DSC_3392.jpg 1200w, https:\/\/ialeman.cl\/wp-content\/uploads\/2025\/12\/LICENCIATURA-2025-Instituto-Aleman-de-Puerto-Montt_0098_DSC_3392-300x200.jpg 300w, https:\/\/ialeman.cl\/wp-content\/uploads\/2025\/12\/LICENCIATURA-2025-Instituto-Aleman-de-Puerto-Montt_0098_DSC_3392-1024x684.jpg 1024w, https:\/\/ialeman.cl\/wp-content\/uploads\/2025\/12\/LICENCIATURA-2025-Instituto-Aleman-de-Puerto-Montt_0098_DSC_3392-768x513.jpg 768w\" sizes=\"(max-width: 1200px) 100vw, 1200px\" \/><\/a>\n\t\t\t<\/div><\/figure><figure class='gallery-item'>\n\t\t\t<div class='gallery-icon landscape'>\n\t\t\t\t<a data-elementor-open-lightbox=\"yes\" data-elementor-lightbox-slideshow=\"aeecdf1\" data-elementor-lightbox-title=\"LICENCIATURA 2025 Instituto Alem\u00e1n de Puerto Montt_0035_DSC_3971\" data-e-action-hash=\"#elementor-action%3Aaction%3Dlightbox%26settings%3DeyJpZCI6NTI1MzQsInVybCI6Imh0dHBzOlwvXC9pYWxlbWFuLmNsXC93cC1jb250ZW50XC91cGxvYWRzXC8yMDI1XC8xMlwvTElDRU5DSUFUVVJBLTIwMjUtSW5zdGl0dXRvLUFsZW1hbi1kZS1QdWVydG8tTW9udHRfMDAzNV9EU0NfMzk3MS5qcGciLCJzbGlkZXNob3ciOiJhZWVjZGYxIn0%3D\" href='https:\/\/ialeman.cl\/wp-content\/uploads\/2025\/12\/LICENCIATURA-2025-Instituto-Aleman-de-Puerto-Montt_0035_DSC_3971.jpg'><img loading=\"lazy\" decoding=\"async\" width=\"1200\" height=\"801\" src=\"https:\/\/ialeman.cl\/wp-content\/uploads\/2025\/12\/LICENCIATURA-2025-Instituto-Aleman-de-Puerto-Montt_0035_DSC_3971.jpg\" class=\"attachment-full size-full\" alt=\"\" srcset=\"https:\/\/ialeman.cl\/wp-content\/uploads\/2025\/12\/LICENCIATURA-2025-Instituto-Aleman-de-Puerto-Montt_0035_DSC_3971.jpg 1200w, https:\/\/ialeman.cl\/wp-content\/uploads\/2025\/12\/LICENCIATURA-2025-Instituto-Aleman-de-Puerto-Montt_0035_DSC_3971-300x200.jpg 300w, https:\/\/ialeman.cl\/wp-content\/uploads\/2025\/12\/LICENCIATURA-2025-Instituto-Aleman-de-Puerto-Montt_0035_DSC_3971-1024x684.jpg 1024w, https:\/\/ialeman.cl\/wp-content\/uploads\/2025\/12\/LICENCIATURA-2025-Instituto-Aleman-de-Puerto-Montt_0035_DSC_3971-768x513.jpg 768w\" sizes=\"(max-width: 1200px) 100vw, 1200px\" \/><\/a>\n\t\t\t<\/div><\/figure><figure class='gallery-item'>\n\t\t\t<div class='gallery-icon landscape'>\n\t\t\t\t<a data-elementor-open-lightbox=\"yes\" data-elementor-lightbox-slideshow=\"aeecdf1\" data-elementor-lightbox-title=\"LICENCIATURA 2025 Instituto Alem\u00e1n de Puerto Montt_0017_DSC_4134\" data-e-action-hash=\"#elementor-action%3Aaction%3Dlightbox%26settings%3DeyJpZCI6NTI1MTYsInVybCI6Imh0dHBzOlwvXC9pYWxlbWFuLmNsXC93cC1jb250ZW50XC91cGxvYWRzXC8yMDI1XC8xMlwvTElDRU5DSUFUVVJBLTIwMjUtSW5zdGl0dXRvLUFsZW1hbi1kZS1QdWVydG8tTW9udHRfMDAxN19EU0NfNDEzNC5qcGciLCJzbGlkZXNob3ciOiJhZWVjZGYxIn0%3D\" href='https:\/\/ialeman.cl\/wp-content\/uploads\/2025\/12\/LICENCIATURA-2025-Instituto-Aleman-de-Puerto-Montt_0017_DSC_4134.jpg'><img loading=\"lazy\" decoding=\"async\" width=\"1200\" height=\"801\" src=\"https:\/\/ialeman.cl\/wp-content\/uploads\/2025\/12\/LICENCIATURA-2025-Instituto-Aleman-de-Puerto-Montt_0017_DSC_4134.jpg\" class=\"attachment-full size-full\" alt=\"\" srcset=\"https:\/\/ialeman.cl\/wp-content\/uploads\/2025\/12\/LICENCIATURA-2025-Instituto-Aleman-de-Puerto-Montt_0017_DSC_4134.jpg 1200w, https:\/\/ialeman.cl\/wp-content\/uploads\/2025\/12\/LICENCIATURA-2025-Instituto-Aleman-de-Puerto-Montt_0017_DSC_4134-300x200.jpg 300w, https:\/\/ialeman.cl\/wp-content\/uploads\/2025\/12\/LICENCIATURA-2025-Instituto-Aleman-de-Puerto-Montt_0017_DSC_4134-1024x684.jpg 1024w, https:\/\/ialeman.cl\/wp-content\/uploads\/2025\/12\/LICENCIATURA-2025-Instituto-Aleman-de-Puerto-Montt_0017_DSC_4134-768x513.jpg 768w\" sizes=\"(max-width: 1200px) 100vw, 1200px\" \/><\/a>\n\t\t\t<\/div><\/figure><figure class='gallery-item'>\n\t\t\t<div class='gallery-icon landscape'>\n\t\t\t\t<a data-elementor-open-lightbox=\"yes\" data-elementor-lightbox-slideshow=\"aeecdf1\" data-elementor-lightbox-title=\"LICENCIATURA 2025 Instituto Alem\u00e1n de Puerto Montt_0002_DSC_3404\" data-e-action-hash=\"#elementor-action%3Aaction%3Dlightbox%26settings%3DeyJpZCI6NTI1MDEsInVybCI6Imh0dHBzOlwvXC9pYWxlbWFuLmNsXC93cC1jb250ZW50XC91cGxvYWRzXC8yMDI1XC8xMlwvTElDRU5DSUFUVVJBLTIwMjUtSW5zdGl0dXRvLUFsZW1hbi1kZS1QdWVydG8tTW9udHRfMDAwMl9EU0NfMzQwNC5qcGciLCJzbGlkZXNob3ciOiJhZWVjZGYxIn0%3D\" href='https:\/\/ialeman.cl\/wp-content\/uploads\/2025\/12\/LICENCIATURA-2025-Instituto-Aleman-de-Puerto-Montt_0002_DSC_3404.jpg'><img loading=\"lazy\" decoding=\"async\" width=\"1200\" height=\"801\" src=\"https:\/\/ialeman.cl\/wp-content\/uploads\/2025\/12\/LICENCIATURA-2025-Instituto-Aleman-de-Puerto-Montt_0002_DSC_3404.jpg\" class=\"attachment-full size-full\" alt=\"\" srcset=\"https:\/\/ialeman.cl\/wp-content\/uploads\/2025\/12\/LICENCIATURA-2025-Instituto-Aleman-de-Puerto-Montt_0002_DSC_3404.jpg 1200w, https:\/\/ialeman.cl\/wp-content\/uploads\/2025\/12\/LICENCIATURA-2025-Instituto-Aleman-de-Puerto-Montt_0002_DSC_3404-300x200.jpg 300w, https:\/\/ialeman.cl\/wp-content\/uploads\/2025\/12\/LICENCIATURA-2025-Instituto-Aleman-de-Puerto-Montt_0002_DSC_3404-1024x684.jpg 1024w, https:\/\/ialeman.cl\/wp-content\/uploads\/2025\/12\/LICENCIATURA-2025-Instituto-Aleman-de-Puerto-Montt_0002_DSC_3404-768x513.jpg 768w\" sizes=\"(max-width: 1200px) 100vw, 1200px\" \/><\/a>\n\t\t\t<\/div><\/figure><figure class='gallery-item'>\n\t\t\t<div class='gallery-icon landscape'>\n\t\t\t\t<a data-elementor-open-lightbox=\"yes\" data-elementor-lightbox-slideshow=\"aeecdf1\" data-elementor-lightbox-title=\"LICENCIATURA 2025 Instituto Alem\u00e1n de Puerto Montt_0016_DSC_4151\" data-e-action-hash=\"#elementor-action%3Aaction%3Dlightbox%26settings%3DeyJpZCI6NTI1MTUsInVybCI6Imh0dHBzOlwvXC9pYWxlbWFuLmNsXC93cC1jb250ZW50XC91cGxvYWRzXC8yMDI1XC8xMlwvTElDRU5DSUFUVVJBLTIwMjUtSW5zdGl0dXRvLUFsZW1hbi1kZS1QdWVydG8tTW9udHRfMDAxNl9EU0NfNDE1MS5qcGciLCJzbGlkZXNob3ciOiJhZWVjZGYxIn0%3D\" href='https:\/\/ialeman.cl\/wp-content\/uploads\/2025\/12\/LICENCIATURA-2025-Instituto-Aleman-de-Puerto-Montt_0016_DSC_4151.jpg'><img loading=\"lazy\" decoding=\"async\" width=\"1200\" height=\"801\" src=\"https:\/\/ialeman.cl\/wp-content\/uploads\/2025\/12\/LICENCIATURA-2025-Instituto-Aleman-de-Puerto-Montt_0016_DSC_4151.jpg\" class=\"attachment-full size-full\" alt=\"\" srcset=\"https:\/\/ialeman.cl\/wp-content\/uploads\/2025\/12\/LICENCIATURA-2025-Instituto-Aleman-de-Puerto-Montt_0016_DSC_4151.jpg 1200w, https:\/\/ialeman.cl\/wp-content\/uploads\/2025\/12\/LICENCIATURA-2025-Instituto-Aleman-de-Puerto-Montt_0016_DSC_4151-300x200.jpg 300w, https:\/\/ialeman.cl\/wp-content\/uploads\/2025\/12\/LICENCIATURA-2025-Instituto-Aleman-de-Puerto-Montt_0016_DSC_4151-1024x684.jpg 1024w, https:\/\/ialeman.cl\/wp-content\/uploads\/2025\/12\/LICENCIATURA-2025-Instituto-Aleman-de-Puerto-Montt_0016_DSC_4151-768x513.jpg 768w\" sizes=\"(max-width: 1200px) 100vw, 1200px\" \/><\/a>\n\t\t\t<\/div><\/figure><figure class='gallery-item'>\n\t\t\t<div class='gallery-icon landscape'>\n\t\t\t\t<a data-elementor-open-lightbox=\"yes\" data-elementor-lightbox-slideshow=\"aeecdf1\" data-elementor-lightbox-title=\"LICENCIATURA 2025 Instituto Alem\u00e1n de Puerto Montt_0010_Niveles 2\" data-e-action-hash=\"#elementor-action%3Aaction%3Dlightbox%26settings%3DeyJpZCI6NTI1MDksInVybCI6Imh0dHBzOlwvXC9pYWxlbWFuLmNsXC93cC1jb250ZW50XC91cGxvYWRzXC8yMDI1XC8xMlwvTElDRU5DSUFUVVJBLTIwMjUtSW5zdGl0dXRvLUFsZW1hbi1kZS1QdWVydG8tTW9udHRfMDAxMF9OaXZlbGVzLTIuanBnIiwic2xpZGVzaG93IjoiYWVlY2RmMSJ9\" href='https:\/\/ialeman.cl\/wp-content\/uploads\/2025\/12\/LICENCIATURA-2025-Instituto-Aleman-de-Puerto-Montt_0010_Niveles-2.jpg'><img loading=\"lazy\" decoding=\"async\" width=\"1200\" height=\"801\" src=\"https:\/\/ialeman.cl\/wp-content\/uploads\/2025\/12\/LICENCIATURA-2025-Instituto-Aleman-de-Puerto-Montt_0010_Niveles-2.jpg\" class=\"attachment-full size-full\" alt=\"\" srcset=\"https:\/\/ialeman.cl\/wp-content\/uploads\/2025\/12\/LICENCIATURA-2025-Instituto-Aleman-de-Puerto-Montt_0010_Niveles-2.jpg 1200w, https:\/\/ialeman.cl\/wp-content\/uploads\/2025\/12\/LICENCIATURA-2025-Instituto-Aleman-de-Puerto-Montt_0010_Niveles-2-300x200.jpg 300w, https:\/\/ialeman.cl\/wp-content\/uploads\/2025\/12\/LICENCIATURA-2025-Instituto-Aleman-de-Puerto-Montt_0010_Niveles-2-1024x684.jpg 1024w, https:\/\/ialeman.cl\/wp-content\/uploads\/2025\/12\/LICENCIATURA-2025-Instituto-Aleman-de-Puerto-Montt_0010_Niveles-2-768x513.jpg 768w\" sizes=\"(max-width: 1200px) 100vw, 1200px\" \/><\/a>\n\t\t\t<\/div><\/figure><figure class='gallery-item'>\n\t\t\t<div class='gallery-icon landscape'>\n\t\t\t\t<a data-elementor-open-lightbox=\"yes\" data-elementor-lightbox-slideshow=\"aeecdf1\" data-elementor-lightbox-title=\"LICENCIATURA 2025 Instituto Alem\u00e1n de Puerto Montt_0004_DSC_4076\" data-e-action-hash=\"#elementor-action%3Aaction%3Dlightbox%26settings%3DeyJpZCI6NTI1MDMsInVybCI6Imh0dHBzOlwvXC9pYWxlbWFuLmNsXC93cC1jb250ZW50XC91cGxvYWRzXC8yMDI1XC8xMlwvTElDRU5DSUFUVVJBLTIwMjUtSW5zdGl0dXRvLUFsZW1hbi1kZS1QdWVydG8tTW9udHRfMDAwNF9EU0NfNDA3Ni5qcGciLCJzbGlkZXNob3ciOiJhZWVjZGYxIn0%3D\" href='https:\/\/ialeman.cl\/wp-content\/uploads\/2025\/12\/LICENCIATURA-2025-Instituto-Aleman-de-Puerto-Montt_0004_DSC_4076.jpg'><img loading=\"lazy\" decoding=\"async\" width=\"1200\" height=\"801\" src=\"https:\/\/ialeman.cl\/wp-content\/uploads\/2025\/12\/LICENCIATURA-2025-Instituto-Aleman-de-Puerto-Montt_0004_DSC_4076.jpg\" class=\"attachment-full size-full\" alt=\"\" srcset=\"https:\/\/ialeman.cl\/wp-content\/uploads\/2025\/12\/LICENCIATURA-2025-Instituto-Aleman-de-Puerto-Montt_0004_DSC_4076.jpg 1200w, https:\/\/ialeman.cl\/wp-content\/uploads\/2025\/12\/LICENCIATURA-2025-Instituto-Aleman-de-Puerto-Montt_0004_DSC_4076-300x200.jpg 300w, https:\/\/ialeman.cl\/wp-content\/uploads\/2025\/12\/LICENCIATURA-2025-Instituto-Aleman-de-Puerto-Montt_0004_DSC_4076-1024x684.jpg 1024w, https:\/\/ialeman.cl\/wp-content\/uploads\/2025\/12\/LICENCIATURA-2025-Instituto-Aleman-de-Puerto-Montt_0004_DSC_4076-768x513.jpg 768w\" sizes=\"(max-width: 1200px) 100vw, 1200px\" \/><\/a>\n\t\t\t<\/div><\/figure><figure class='gallery-item'>\n\t\t\t<div class='gallery-icon landscape'>\n\t\t\t\t<a data-elementor-open-lightbox=\"yes\" data-elementor-lightbox-slideshow=\"aeecdf1\" data-elementor-lightbox-title=\"LICENCIATURA 2025 Instituto Alem\u00e1n de Puerto Montt_0046_DSC_3857\" data-e-action-hash=\"#elementor-action%3Aaction%3Dlightbox%26settings%3DeyJpZCI6NTI1NDUsInVybCI6Imh0dHBzOlwvXC9pYWxlbWFuLmNsXC93cC1jb250ZW50XC91cGxvYWRzXC8yMDI1XC8xMlwvTElDRU5DSUFUVVJBLTIwMjUtSW5zdGl0dXRvLUFsZW1hbi1kZS1QdWVydG8tTW9udHRfMDA0Nl9EU0NfMzg1Ny5qcGciLCJzbGlkZXNob3ciOiJhZWVjZGYxIn0%3D\" href='https:\/\/ialeman.cl\/wp-content\/uploads\/2025\/12\/LICENCIATURA-2025-Instituto-Aleman-de-Puerto-Montt_0046_DSC_3857.jpg'><img loading=\"lazy\" decoding=\"async\" width=\"1200\" height=\"801\" src=\"https:\/\/ialeman.cl\/wp-content\/uploads\/2025\/12\/LICENCIATURA-2025-Instituto-Aleman-de-Puerto-Montt_0046_DSC_3857.jpg\" class=\"attachment-full size-full\" alt=\"\" srcset=\"https:\/\/ialeman.cl\/wp-content\/uploads\/2025\/12\/LICENCIATURA-2025-Instituto-Aleman-de-Puerto-Montt_0046_DSC_3857.jpg 1200w, https:\/\/ialeman.cl\/wp-content\/uploads\/2025\/12\/LICENCIATURA-2025-Instituto-Aleman-de-Puerto-Montt_0046_DSC_3857-300x200.jpg 300w, https:\/\/ialeman.cl\/wp-content\/uploads\/2025\/12\/LICENCIATURA-2025-Instituto-Aleman-de-Puerto-Montt_0046_DSC_3857-1024x684.jpg 1024w, https:\/\/ialeman.cl\/wp-content\/uploads\/2025\/12\/LICENCIATURA-2025-Instituto-Aleman-de-Puerto-Montt_0046_DSC_3857-768x513.jpg 768w\" sizes=\"(max-width: 1200px) 100vw, 1200px\" \/><\/a>\n\t\t\t<\/div><\/figure><figure class='gallery-item'>\n\t\t\t<div class='gallery-icon landscape'>\n\t\t\t\t<a data-elementor-open-lightbox=\"yes\" data-elementor-lightbox-slideshow=\"aeecdf1\" data-elementor-lightbox-title=\"LICENCIATURA 2025 Instituto Alem\u00e1n de Puerto Montt_0006_DSC_4055\" data-e-action-hash=\"#elementor-action%3Aaction%3Dlightbox%26settings%3DeyJpZCI6NTI1MDUsInVybCI6Imh0dHBzOlwvXC9pYWxlbWFuLmNsXC93cC1jb250ZW50XC91cGxvYWRzXC8yMDI1XC8xMlwvTElDRU5DSUFUVVJBLTIwMjUtSW5zdGl0dXRvLUFsZW1hbi1kZS1QdWVydG8tTW9udHRfMDAwNl9EU0NfNDA1NS5qcGciLCJzbGlkZXNob3ciOiJhZWVjZGYxIn0%3D\" href='https:\/\/ialeman.cl\/wp-content\/uploads\/2025\/12\/LICENCIATURA-2025-Instituto-Aleman-de-Puerto-Montt_0006_DSC_4055.jpg'><img loading=\"lazy\" decoding=\"async\" width=\"1200\" height=\"801\" src=\"https:\/\/ialeman.cl\/wp-content\/uploads\/2025\/12\/LICENCIATURA-2025-Instituto-Aleman-de-Puerto-Montt_0006_DSC_4055.jpg\" class=\"attachment-full size-full\" alt=\"\" srcset=\"https:\/\/ialeman.cl\/wp-content\/uploads\/2025\/12\/LICENCIATURA-2025-Instituto-Aleman-de-Puerto-Montt_0006_DSC_4055.jpg 1200w, https:\/\/ialeman.cl\/wp-content\/uploads\/2025\/12\/LICENCIATURA-2025-Instituto-Aleman-de-Puerto-Montt_0006_DSC_4055-300x200.jpg 300w, https:\/\/ialeman.cl\/wp-content\/uploads\/2025\/12\/LICENCIATURA-2025-Instituto-Aleman-de-Puerto-Montt_0006_DSC_4055-1024x684.jpg 1024w, https:\/\/ialeman.cl\/wp-content\/uploads\/2025\/12\/LICENCIATURA-2025-Instituto-Aleman-de-Puerto-Montt_0006_DSC_4055-768x513.jpg 768w\" sizes=\"(max-width: 1200px) 100vw, 1200px\" \/><\/a>\n\t\t\t<\/div><\/figure><figure class='gallery-item'>\n\t\t\t<div class='gallery-icon landscape'>\n\t\t\t\t<a data-elementor-open-lightbox=\"yes\" data-elementor-lightbox-slideshow=\"aeecdf1\" data-elementor-lightbox-title=\"LICENCIATURA 2025 Instituto Alem\u00e1n de Puerto Montt_0000_DSC_4266\" data-e-action-hash=\"#elementor-action%3Aaction%3Dlightbox%26settings%3DeyJpZCI6NTI0OTksInVybCI6Imh0dHBzOlwvXC9pYWxlbWFuLmNsXC93cC1jb250ZW50XC91cGxvYWRzXC8yMDI1XC8xMlwvTElDRU5DSUFUVVJBLTIwMjUtSW5zdGl0dXRvLUFsZW1hbi1kZS1QdWVydG8tTW9udHRfMDAwMF9EU0NfNDI2Ni5qcGciLCJzbGlkZXNob3ciOiJhZWVjZGYxIn0%3D\" href='https:\/\/ialeman.cl\/wp-content\/uploads\/2025\/12\/LICENCIATURA-2025-Instituto-Aleman-de-Puerto-Montt_0000_DSC_4266.jpg'><img loading=\"lazy\" decoding=\"async\" width=\"1200\" height=\"801\" src=\"https:\/\/ialeman.cl\/wp-content\/uploads\/2025\/12\/LICENCIATURA-2025-Instituto-Aleman-de-Puerto-Montt_0000_DSC_4266.jpg\" class=\"attachment-full size-full\" alt=\"\" srcset=\"https:\/\/ialeman.cl\/wp-content\/uploads\/2025\/12\/LICENCIATURA-2025-Instituto-Aleman-de-Puerto-Montt_0000_DSC_4266.jpg 1200w, https:\/\/ialeman.cl\/wp-content\/uploads\/2025\/12\/LICENCIATURA-2025-Instituto-Aleman-de-Puerto-Montt_0000_DSC_4266-300x200.jpg 300w, https:\/\/ialeman.cl\/wp-content\/uploads\/2025\/12\/LICENCIATURA-2025-Instituto-Aleman-de-Puerto-Montt_0000_DSC_4266-1024x684.jpg 1024w, https:\/\/ialeman.cl\/wp-content\/uploads\/2025\/12\/LICENCIATURA-2025-Instituto-Aleman-de-Puerto-Montt_0000_DSC_4266-768x513.jpg 768w\" sizes=\"(max-width: 1200px) 100vw, 1200px\" \/><\/a>\n\t\t\t<\/div><\/figure><figure class='gallery-item'>\n\t\t\t<div class='gallery-icon landscape'>\n\t\t\t\t<a data-elementor-open-lightbox=\"yes\" data-elementor-lightbox-slideshow=\"aeecdf1\" data-elementor-lightbox-title=\"LICENCIATURA 2025 Instituto Alem\u00e1n de Puerto Montt_0007_DSC_3436\" data-e-action-hash=\"#elementor-action%3Aaction%3Dlightbox%26settings%3DeyJpZCI6NTI1MDYsInVybCI6Imh0dHBzOlwvXC9pYWxlbWFuLmNsXC93cC1jb250ZW50XC91cGxvYWRzXC8yMDI1XC8xMlwvTElDRU5DSUFUVVJBLTIwMjUtSW5zdGl0dXRvLUFsZW1hbi1kZS1QdWVydG8tTW9udHRfMDAwN19EU0NfMzQzNi5qcGciLCJzbGlkZXNob3ciOiJhZWVjZGYxIn0%3D\" href='https:\/\/ialeman.cl\/wp-content\/uploads\/2025\/12\/LICENCIATURA-2025-Instituto-Aleman-de-Puerto-Montt_0007_DSC_3436.jpg'><img loading=\"lazy\" decoding=\"async\" width=\"1200\" height=\"801\" src=\"https:\/\/ialeman.cl\/wp-content\/uploads\/2025\/12\/LICENCIATURA-2025-Instituto-Aleman-de-Puerto-Montt_0007_DSC_3436.jpg\" class=\"attachment-full size-full\" alt=\"\" srcset=\"https:\/\/ialeman.cl\/wp-content\/uploads\/2025\/12\/LICENCIATURA-2025-Instituto-Aleman-de-Puerto-Montt_0007_DSC_3436.jpg 1200w, https:\/\/ialeman.cl\/wp-content\/uploads\/2025\/12\/LICENCIATURA-2025-Instituto-Aleman-de-Puerto-Montt_0007_DSC_3436-300x200.jpg 300w, https:\/\/ialeman.cl\/wp-content\/uploads\/2025\/12\/LICENCIATURA-2025-Instituto-Aleman-de-Puerto-Montt_0007_DSC_3436-1024x684.jpg 1024w, https:\/\/ialeman.cl\/wp-content\/uploads\/2025\/12\/LICENCIATURA-2025-Instituto-Aleman-de-Puerto-Montt_0007_DSC_3436-768x513.jpg 768w\" sizes=\"(max-width: 1200px) 100vw, 1200px\" \/><\/a>\n\t\t\t<\/div><\/figure><figure class='gallery-item'>\n\t\t\t<div class='gallery-icon landscape'>\n\t\t\t\t<a data-elementor-open-lightbox=\"yes\" data-elementor-lightbox-slideshow=\"aeecdf1\" data-elementor-lightbox-title=\"LICENCIATURA 2025 Instituto Alem\u00e1n de Puerto Montt_0018_DSC_4240\" data-e-action-hash=\"#elementor-action%3Aaction%3Dlightbox%26settings%3DeyJpZCI6NTI1MTcsInVybCI6Imh0dHBzOlwvXC9pYWxlbWFuLmNsXC93cC1jb250ZW50XC91cGxvYWRzXC8yMDI1XC8xMlwvTElDRU5DSUFUVVJBLTIwMjUtSW5zdGl0dXRvLUFsZW1hbi1kZS1QdWVydG8tTW9udHRfMDAxOF9EU0NfNDI0MC5qcGciLCJzbGlkZXNob3ciOiJhZWVjZGYxIn0%3D\" href='https:\/\/ialeman.cl\/wp-content\/uploads\/2025\/12\/LICENCIATURA-2025-Instituto-Aleman-de-Puerto-Montt_0018_DSC_4240.jpg'><img loading=\"lazy\" decoding=\"async\" width=\"1200\" height=\"801\" src=\"https:\/\/ialeman.cl\/wp-content\/uploads\/2025\/12\/LICENCIATURA-2025-Instituto-Aleman-de-Puerto-Montt_0018_DSC_4240.jpg\" class=\"attachment-full size-full\" alt=\"\" srcset=\"https:\/\/ialeman.cl\/wp-content\/uploads\/2025\/12\/LICENCIATURA-2025-Instituto-Aleman-de-Puerto-Montt_0018_DSC_4240.jpg 1200w, https:\/\/ialeman.cl\/wp-content\/uploads\/2025\/12\/LICENCIATURA-2025-Instituto-Aleman-de-Puerto-Montt_0018_DSC_4240-300x200.jpg 300w, https:\/\/ialeman.cl\/wp-content\/uploads\/2025\/12\/LICENCIATURA-2025-Instituto-Aleman-de-Puerto-Montt_0018_DSC_4240-1024x684.jpg 1024w, https:\/\/ialeman.cl\/wp-content\/uploads\/2025\/12\/LICENCIATURA-2025-Instituto-Aleman-de-Puerto-Montt_0018_DSC_4240-768x513.jpg 768w\" sizes=\"(max-width: 1200px) 100vw, 1200px\" \/><\/a>\n\t\t\t<\/div><\/figure><figure class='gallery-item'>\n\t\t\t<div class='gallery-icon landscape'>\n\t\t\t\t<a data-elementor-open-lightbox=\"yes\" data-elementor-lightbox-slideshow=\"aeecdf1\" data-elementor-lightbox-title=\"LICENCIATURA 2025 Instituto Alem\u00e1n de Puerto Montt_0008_DSC_4049\" data-e-action-hash=\"#elementor-action%3Aaction%3Dlightbox%26settings%3DeyJpZCI6NTI1MDcsInVybCI6Imh0dHBzOlwvXC9pYWxlbWFuLmNsXC93cC1jb250ZW50XC91cGxvYWRzXC8yMDI1XC8xMlwvTElDRU5DSUFUVVJBLTIwMjUtSW5zdGl0dXRvLUFsZW1hbi1kZS1QdWVydG8tTW9udHRfMDAwOF9EU0NfNDA0OS5qcGciLCJzbGlkZXNob3ciOiJhZWVjZGYxIn0%3D\" href='https:\/\/ialeman.cl\/wp-content\/uploads\/2025\/12\/LICENCIATURA-2025-Instituto-Aleman-de-Puerto-Montt_0008_DSC_4049.jpg'><img loading=\"lazy\" decoding=\"async\" width=\"1200\" height=\"801\" src=\"https:\/\/ialeman.cl\/wp-content\/uploads\/2025\/12\/LICENCIATURA-2025-Instituto-Aleman-de-Puerto-Montt_0008_DSC_4049.jpg\" class=\"attachment-full size-full\" alt=\"\" srcset=\"https:\/\/ialeman.cl\/wp-content\/uploads\/2025\/12\/LICENCIATURA-2025-Instituto-Aleman-de-Puerto-Montt_0008_DSC_4049.jpg 1200w, https:\/\/ialeman.cl\/wp-content\/uploads\/2025\/12\/LICENCIATURA-2025-Instituto-Aleman-de-Puerto-Montt_0008_DSC_4049-300x200.jpg 300w, https:\/\/ialeman.cl\/wp-content\/uploads\/2025\/12\/LICENCIATURA-2025-Instituto-Aleman-de-Puerto-Montt_0008_DSC_4049-1024x684.jpg 1024w, https:\/\/ialeman.cl\/wp-content\/uploads\/2025\/12\/LICENCIATURA-2025-Instituto-Aleman-de-Puerto-Montt_0008_DSC_4049-768x513.jpg 768w\" sizes=\"(max-width: 1200px) 100vw, 1200px\" \/><\/a>\n\t\t\t<\/div><\/figure><figure class='gallery-item'>\n\t\t\t<div class='gallery-icon landscape'>\n\t\t\t\t<a data-elementor-open-lightbox=\"yes\" data-elementor-lightbox-slideshow=\"aeecdf1\" data-elementor-lightbox-title=\"LICENCIATURA 2025 Instituto Alem\u00e1n de Puerto Montt_0013_Niveles 4\" data-e-action-hash=\"#elementor-action%3Aaction%3Dlightbox%26settings%3DeyJpZCI6NTI1MTIsInVybCI6Imh0dHBzOlwvXC9pYWxlbWFuLmNsXC93cC1jb250ZW50XC91cGxvYWRzXC8yMDI1XC8xMlwvTElDRU5DSUFUVVJBLTIwMjUtSW5zdGl0dXRvLUFsZW1hbi1kZS1QdWVydG8tTW9udHRfMDAxM19OaXZlbGVzLTQuanBnIiwic2xpZGVzaG93IjoiYWVlY2RmMSJ9\" href='https:\/\/ialeman.cl\/wp-content\/uploads\/2025\/12\/LICENCIATURA-2025-Instituto-Aleman-de-Puerto-Montt_0013_Niveles-4.jpg'><img loading=\"lazy\" decoding=\"async\" width=\"1200\" height=\"801\" src=\"https:\/\/ialeman.cl\/wp-content\/uploads\/2025\/12\/LICENCIATURA-2025-Instituto-Aleman-de-Puerto-Montt_0013_Niveles-4.jpg\" class=\"attachment-full size-full\" alt=\"\" srcset=\"https:\/\/ialeman.cl\/wp-content\/uploads\/2025\/12\/LICENCIATURA-2025-Instituto-Aleman-de-Puerto-Montt_0013_Niveles-4.jpg 1200w, https:\/\/ialeman.cl\/wp-content\/uploads\/2025\/12\/LICENCIATURA-2025-Instituto-Aleman-de-Puerto-Montt_0013_Niveles-4-300x200.jpg 300w, https:\/\/ialeman.cl\/wp-content\/uploads\/2025\/12\/LICENCIATURA-2025-Instituto-Aleman-de-Puerto-Montt_0013_Niveles-4-1024x684.jpg 1024w, https:\/\/ialeman.cl\/wp-content\/uploads\/2025\/12\/LICENCIATURA-2025-Instituto-Aleman-de-Puerto-Montt_0013_Niveles-4-768x513.jpg 768w\" sizes=\"(max-width: 1200px) 100vw, 1200px\" \/><\/a>\n\t\t\t<\/div><\/figure><figure class='gallery-item'>\n\t\t\t<div class='gallery-icon landscape'>\n\t\t\t\t<a data-elementor-open-lightbox=\"yes\" data-elementor-lightbox-slideshow=\"aeecdf1\" data-elementor-lightbox-title=\"LICENCIATURA 2025 Instituto Alem\u00e1n de Puerto Montt_0014_Niveles 5\" data-e-action-hash=\"#elementor-action%3Aaction%3Dlightbox%26settings%3DeyJpZCI6NTI1MTMsInVybCI6Imh0dHBzOlwvXC9pYWxlbWFuLmNsXC93cC1jb250ZW50XC91cGxvYWRzXC8yMDI1XC8xMlwvTElDRU5DSUFUVVJBLTIwMjUtSW5zdGl0dXRvLUFsZW1hbi1kZS1QdWVydG8tTW9udHRfMDAxNF9OaXZlbGVzLTUuanBnIiwic2xpZGVzaG93IjoiYWVlY2RmMSJ9\" href='https:\/\/ialeman.cl\/wp-content\/uploads\/2025\/12\/LICENCIATURA-2025-Instituto-Aleman-de-Puerto-Montt_0014_Niveles-5.jpg'><img loading=\"lazy\" decoding=\"async\" width=\"1200\" height=\"801\" src=\"https:\/\/ialeman.cl\/wp-content\/uploads\/2025\/12\/LICENCIATURA-2025-Instituto-Aleman-de-Puerto-Montt_0014_Niveles-5.jpg\" class=\"attachment-full size-full\" alt=\"\" srcset=\"https:\/\/ialeman.cl\/wp-content\/uploads\/2025\/12\/LICENCIATURA-2025-Instituto-Aleman-de-Puerto-Montt_0014_Niveles-5.jpg 1200w, https:\/\/ialeman.cl\/wp-content\/uploads\/2025\/12\/LICENCIATURA-2025-Instituto-Aleman-de-Puerto-Montt_0014_Niveles-5-300x200.jpg 300w, https:\/\/ialeman.cl\/wp-content\/uploads\/2025\/12\/LICENCIATURA-2025-Instituto-Aleman-de-Puerto-Montt_0014_Niveles-5-1024x684.jpg 1024w, https:\/\/ialeman.cl\/wp-content\/uploads\/2025\/12\/LICENCIATURA-2025-Instituto-Aleman-de-Puerto-Montt_0014_Niveles-5-768x513.jpg 768w\" sizes=\"(max-width: 1200px) 100vw, 1200px\" \/><\/a>\n\t\t\t<\/div><\/figure><figure class='gallery-item'>\n\t\t\t<div class='gallery-icon landscape'>\n\t\t\t\t<a data-elementor-open-lightbox=\"yes\" data-elementor-lightbox-slideshow=\"aeecdf1\" data-elementor-lightbox-title=\"LICENCIATURA 2025 Instituto Alem\u00e1n de Puerto Montt_0015_DSC_4169\" data-e-action-hash=\"#elementor-action%3Aaction%3Dlightbox%26settings%3DeyJpZCI6NTI1MTQsInVybCI6Imh0dHBzOlwvXC9pYWxlbWFuLmNsXC93cC1jb250ZW50XC91cGxvYWRzXC8yMDI1XC8xMlwvTElDRU5DSUFUVVJBLTIwMjUtSW5zdGl0dXRvLUFsZW1hbi1kZS1QdWVydG8tTW9udHRfMDAxNV9EU0NfNDE2OS5qcGciLCJzbGlkZXNob3ciOiJhZWVjZGYxIn0%3D\" href='https:\/\/ialeman.cl\/wp-content\/uploads\/2025\/12\/LICENCIATURA-2025-Instituto-Aleman-de-Puerto-Montt_0015_DSC_4169.jpg'><img loading=\"lazy\" decoding=\"async\" width=\"1200\" height=\"801\" src=\"https:\/\/ialeman.cl\/wp-content\/uploads\/2025\/12\/LICENCIATURA-2025-Instituto-Aleman-de-Puerto-Montt_0015_DSC_4169.jpg\" class=\"attachment-full size-full\" alt=\"\" srcset=\"https:\/\/ialeman.cl\/wp-content\/uploads\/2025\/12\/LICENCIATURA-2025-Instituto-Aleman-de-Puerto-Montt_0015_DSC_4169.jpg 1200w, https:\/\/ialeman.cl\/wp-content\/uploads\/2025\/12\/LICENCIATURA-2025-Instituto-Aleman-de-Puerto-Montt_0015_DSC_4169-300x200.jpg 300w, https:\/\/ialeman.cl\/wp-content\/uploads\/2025\/12\/LICENCIATURA-2025-Instituto-Aleman-de-Puerto-Montt_0015_DSC_4169-1024x684.jpg 1024w, https:\/\/ialeman.cl\/wp-content\/uploads\/2025\/12\/LICENCIATURA-2025-Instituto-Aleman-de-Puerto-Montt_0015_DSC_4169-768x513.jpg 768w\" sizes=\"(max-width: 1200px) 100vw, 1200px\" \/><\/a>\n\t\t\t<\/div><\/figure><figure class='gallery-item'>\n\t\t\t<div class='gallery-icon landscape'>\n\t\t\t\t<a data-elementor-open-lightbox=\"yes\" data-elementor-lightbox-slideshow=\"aeecdf1\" data-elementor-lightbox-title=\"LICENCIATURA 2025 Instituto Alem\u00e1n de Puerto Montt_0022_DSC_4200\" data-e-action-hash=\"#elementor-action%3Aaction%3Dlightbox%26settings%3DeyJpZCI6NTI1MjEsInVybCI6Imh0dHBzOlwvXC9pYWxlbWFuLmNsXC93cC1jb250ZW50XC91cGxvYWRzXC8yMDI1XC8xMlwvTElDRU5DSUFUVVJBLTIwMjUtSW5zdGl0dXRvLUFsZW1hbi1kZS1QdWVydG8tTW9udHRfMDAyMl9EU0NfNDIwMC5qcGciLCJzbGlkZXNob3ciOiJhZWVjZGYxIn0%3D\" href='https:\/\/ialeman.cl\/wp-content\/uploads\/2025\/12\/LICENCIATURA-2025-Instituto-Aleman-de-Puerto-Montt_0022_DSC_4200.jpg'><img loading=\"lazy\" decoding=\"async\" width=\"1200\" height=\"801\" src=\"https:\/\/ialeman.cl\/wp-content\/uploads\/2025\/12\/LICENCIATURA-2025-Instituto-Aleman-de-Puerto-Montt_0022_DSC_4200.jpg\" class=\"attachment-full size-full\" alt=\"\" srcset=\"https:\/\/ialeman.cl\/wp-content\/uploads\/2025\/12\/LICENCIATURA-2025-Instituto-Aleman-de-Puerto-Montt_0022_DSC_4200.jpg 1200w, https:\/\/ialeman.cl\/wp-content\/uploads\/2025\/12\/LICENCIATURA-2025-Instituto-Aleman-de-Puerto-Montt_0022_DSC_4200-300x200.jpg 300w, https:\/\/ialeman.cl\/wp-content\/uploads\/2025\/12\/LICENCIATURA-2025-Instituto-Aleman-de-Puerto-Montt_0022_DSC_4200-1024x684.jpg 1024w, https:\/\/ialeman.cl\/wp-content\/uploads\/2025\/12\/LICENCIATURA-2025-Instituto-Aleman-de-Puerto-Montt_0022_DSC_4200-768x513.jpg 768w\" sizes=\"(max-width: 1200px) 100vw, 1200px\" \/><\/a>\n\t\t\t<\/div><\/figure><figure class='gallery-item'>\n\t\t\t<div class='gallery-icon landscape'>\n\t\t\t\t<a data-elementor-open-lightbox=\"yes\" data-elementor-lightbox-slideshow=\"aeecdf1\" data-elementor-lightbox-title=\"LICENCIATURA 2025 Instituto Alem\u00e1n de Puerto Montt_0019_DSC_4347\" data-e-action-hash=\"#elementor-action%3Aaction%3Dlightbox%26settings%3DeyJpZCI6NTI1MTgsInVybCI6Imh0dHBzOlwvXC9pYWxlbWFuLmNsXC93cC1jb250ZW50XC91cGxvYWRzXC8yMDI1XC8xMlwvTElDRU5DSUFUVVJBLTIwMjUtSW5zdGl0dXRvLUFsZW1hbi1kZS1QdWVydG8tTW9udHRfMDAxOV9EU0NfNDM0Ny5qcGciLCJzbGlkZXNob3ciOiJhZWVjZGYxIn0%3D\" href='https:\/\/ialeman.cl\/wp-content\/uploads\/2025\/12\/LICENCIATURA-2025-Instituto-Aleman-de-Puerto-Montt_0019_DSC_4347.jpg'><img loading=\"lazy\" decoding=\"async\" width=\"1200\" height=\"801\" src=\"https:\/\/ialeman.cl\/wp-content\/uploads\/2025\/12\/LICENCIATURA-2025-Instituto-Aleman-de-Puerto-Montt_0019_DSC_4347.jpg\" class=\"attachment-full size-full\" alt=\"\" srcset=\"https:\/\/ialeman.cl\/wp-content\/uploads\/2025\/12\/LICENCIATURA-2025-Instituto-Aleman-de-Puerto-Montt_0019_DSC_4347.jpg 1200w, https:\/\/ialeman.cl\/wp-content\/uploads\/2025\/12\/LICENCIATURA-2025-Instituto-Aleman-de-Puerto-Montt_0019_DSC_4347-300x200.jpg 300w, https:\/\/ialeman.cl\/wp-content\/uploads\/2025\/12\/LICENCIATURA-2025-Instituto-Aleman-de-Puerto-Montt_0019_DSC_4347-1024x684.jpg 1024w, https:\/\/ialeman.cl\/wp-content\/uploads\/2025\/12\/LICENCIATURA-2025-Instituto-Aleman-de-Puerto-Montt_0019_DSC_4347-768x513.jpg 768w\" sizes=\"(max-width: 1200px) 100vw, 1200px\" \/><\/a>\n\t\t\t<\/div><\/figure><figure class='gallery-item'>\n\t\t\t<div class='gallery-icon landscape'>\n\t\t\t\t<a data-elementor-open-lightbox=\"yes\" data-elementor-lightbox-slideshow=\"aeecdf1\" data-elementor-lightbox-title=\"LICENCIATURA 2025 Instituto Alem\u00e1n de Puerto Montt_0020_DSC_4335\" data-e-action-hash=\"#elementor-action%3Aaction%3Dlightbox%26settings%3DeyJpZCI6NTI1MTksInVybCI6Imh0dHBzOlwvXC9pYWxlbWFuLmNsXC93cC1jb250ZW50XC91cGxvYWRzXC8yMDI1XC8xMlwvTElDRU5DSUFUVVJBLTIwMjUtSW5zdGl0dXRvLUFsZW1hbi1kZS1QdWVydG8tTW9udHRfMDAyMF9EU0NfNDMzNS5qcGciLCJzbGlkZXNob3ciOiJhZWVjZGYxIn0%3D\" href='https:\/\/ialeman.cl\/wp-content\/uploads\/2025\/12\/LICENCIATURA-2025-Instituto-Aleman-de-Puerto-Montt_0020_DSC_4335.jpg'><img loading=\"lazy\" decoding=\"async\" width=\"1200\" height=\"801\" src=\"https:\/\/ialeman.cl\/wp-content\/uploads\/2025\/12\/LICENCIATURA-2025-Instituto-Aleman-de-Puerto-Montt_0020_DSC_4335.jpg\" class=\"attachment-full size-full\" alt=\"\" srcset=\"https:\/\/ialeman.cl\/wp-content\/uploads\/2025\/12\/LICENCIATURA-2025-Instituto-Aleman-de-Puerto-Montt_0020_DSC_4335.jpg 1200w, https:\/\/ialeman.cl\/wp-content\/uploads\/2025\/12\/LICENCIATURA-2025-Instituto-Aleman-de-Puerto-Montt_0020_DSC_4335-300x200.jpg 300w, https:\/\/ialeman.cl\/wp-content\/uploads\/2025\/12\/LICENCIATURA-2025-Instituto-Aleman-de-Puerto-Montt_0020_DSC_4335-1024x684.jpg 1024w, https:\/\/ialeman.cl\/wp-content\/uploads\/2025\/12\/LICENCIATURA-2025-Instituto-Aleman-de-Puerto-Montt_0020_DSC_4335-768x513.jpg 768w\" sizes=\"(max-width: 1200px) 100vw, 1200px\" \/><\/a>\n\t\t\t<\/div><\/figure><figure class='gallery-item'>\n\t\t\t<div class='gallery-icon landscape'>\n\t\t\t\t<a data-elementor-open-lightbox=\"yes\" data-elementor-lightbox-slideshow=\"aeecdf1\" data-elementor-lightbox-title=\"LICENCIATURA 2025 Instituto Alem\u00e1n de Puerto Montt_0021_DSC_4320\" data-e-action-hash=\"#elementor-action%3Aaction%3Dlightbox%26settings%3DeyJpZCI6NTI1MjAsInVybCI6Imh0dHBzOlwvXC9pYWxlbWFuLmNsXC93cC1jb250ZW50XC91cGxvYWRzXC8yMDI1XC8xMlwvTElDRU5DSUFUVVJBLTIwMjUtSW5zdGl0dXRvLUFsZW1hbi1kZS1QdWVydG8tTW9udHRfMDAyMV9EU0NfNDMyMC5qcGciLCJzbGlkZXNob3ciOiJhZWVjZGYxIn0%3D\" href='https:\/\/ialeman.cl\/wp-content\/uploads\/2025\/12\/LICENCIATURA-2025-Instituto-Aleman-de-Puerto-Montt_0021_DSC_4320.jpg'><img loading=\"lazy\" decoding=\"async\" width=\"1200\" height=\"801\" src=\"https:\/\/ialeman.cl\/wp-content\/uploads\/2025\/12\/LICENCIATURA-2025-Instituto-Aleman-de-Puerto-Montt_0021_DSC_4320.jpg\" class=\"attachment-full size-full\" alt=\"\" srcset=\"https:\/\/ialeman.cl\/wp-content\/uploads\/2025\/12\/LICENCIATURA-2025-Instituto-Aleman-de-Puerto-Montt_0021_DSC_4320.jpg 1200w, https:\/\/ialeman.cl\/wp-content\/uploads\/2025\/12\/LICENCIATURA-2025-Instituto-Aleman-de-Puerto-Montt_0021_DSC_4320-300x200.jpg 300w, https:\/\/ialeman.cl\/wp-content\/uploads\/2025\/12\/LICENCIATURA-2025-Instituto-Aleman-de-Puerto-Montt_0021_DSC_4320-1024x684.jpg 1024w, https:\/\/ialeman.cl\/wp-content\/uploads\/2025\/12\/LICENCIATURA-2025-Instituto-Aleman-de-Puerto-Montt_0021_DSC_4320-768x513.jpg 768w\" sizes=\"(max-width: 1200px) 100vw, 1200px\" \/><\/a>\n\t\t\t<\/div><\/figure><figure class='gallery-item'>\n\t\t\t<div class='gallery-icon landscape'>\n\t\t\t\t<a data-elementor-open-lightbox=\"yes\" data-elementor-lightbox-slideshow=\"aeecdf1\" data-elementor-lightbox-title=\"LICENCIATURA 2025 Instituto Alem\u00e1n de Puerto Montt_0023_DSC_4107\" data-e-action-hash=\"#elementor-action%3Aaction%3Dlightbox%26settings%3DeyJpZCI6NTI1MjIsInVybCI6Imh0dHBzOlwvXC9pYWxlbWFuLmNsXC93cC1jb250ZW50XC91cGxvYWRzXC8yMDI1XC8xMlwvTElDRU5DSUFUVVJBLTIwMjUtSW5zdGl0dXRvLUFsZW1hbi1kZS1QdWVydG8tTW9udHRfMDAyM19EU0NfNDEwNy5qcGciLCJzbGlkZXNob3ciOiJhZWVjZGYxIn0%3D\" href='https:\/\/ialeman.cl\/wp-content\/uploads\/2025\/12\/LICENCIATURA-2025-Instituto-Aleman-de-Puerto-Montt_0023_DSC_4107.jpg'><img loading=\"lazy\" decoding=\"async\" width=\"1200\" height=\"801\" src=\"https:\/\/ialeman.cl\/wp-content\/uploads\/2025\/12\/LICENCIATURA-2025-Instituto-Aleman-de-Puerto-Montt_0023_DSC_4107.jpg\" class=\"attachment-full size-full\" alt=\"\" srcset=\"https:\/\/ialeman.cl\/wp-content\/uploads\/2025\/12\/LICENCIATURA-2025-Instituto-Aleman-de-Puerto-Montt_0023_DSC_4107.jpg 1200w, https:\/\/ialeman.cl\/wp-content\/uploads\/2025\/12\/LICENCIATURA-2025-Instituto-Aleman-de-Puerto-Montt_0023_DSC_4107-300x200.jpg 300w, https:\/\/ialeman.cl\/wp-content\/uploads\/2025\/12\/LICENCIATURA-2025-Instituto-Aleman-de-Puerto-Montt_0023_DSC_4107-1024x684.jpg 1024w, https:\/\/ialeman.cl\/wp-content\/uploads\/2025\/12\/LICENCIATURA-2025-Instituto-Aleman-de-Puerto-Montt_0023_DSC_4107-768x513.jpg 768w\" sizes=\"(max-width: 1200px) 100vw, 1200px\" \/><\/a>\n\t\t\t<\/div><\/figure><figure class='gallery-item'>\n\t\t\t<div class='gallery-icon landscape'>\n\t\t\t\t<a data-elementor-open-lightbox=\"yes\" data-elementor-lightbox-slideshow=\"aeecdf1\" data-elementor-lightbox-title=\"LICENCIATURA 2025 Instituto Alem\u00e1n de Puerto Montt_0009_Niveles 1\" data-e-action-hash=\"#elementor-action%3Aaction%3Dlightbox%26settings%3DeyJpZCI6NTI1MDgsInVybCI6Imh0dHBzOlwvXC9pYWxlbWFuLmNsXC93cC1jb250ZW50XC91cGxvYWRzXC8yMDI1XC8xMlwvTElDRU5DSUFUVVJBLTIwMjUtSW5zdGl0dXRvLUFsZW1hbi1kZS1QdWVydG8tTW9udHRfMDAwOV9OaXZlbGVzLTEuanBnIiwic2xpZGVzaG93IjoiYWVlY2RmMSJ9\" href='https:\/\/ialeman.cl\/wp-content\/uploads\/2025\/12\/LICENCIATURA-2025-Instituto-Aleman-de-Puerto-Montt_0009_Niveles-1.jpg'><img loading=\"lazy\" decoding=\"async\" width=\"1200\" height=\"801\" src=\"https:\/\/ialeman.cl\/wp-content\/uploads\/2025\/12\/LICENCIATURA-2025-Instituto-Aleman-de-Puerto-Montt_0009_Niveles-1.jpg\" class=\"attachment-full size-full\" alt=\"\" srcset=\"https:\/\/ialeman.cl\/wp-content\/uploads\/2025\/12\/LICENCIATURA-2025-Instituto-Aleman-de-Puerto-Montt_0009_Niveles-1.jpg 1200w, https:\/\/ialeman.cl\/wp-content\/uploads\/2025\/12\/LICENCIATURA-2025-Instituto-Aleman-de-Puerto-Montt_0009_Niveles-1-300x200.jpg 300w, https:\/\/ialeman.cl\/wp-content\/uploads\/2025\/12\/LICENCIATURA-2025-Instituto-Aleman-de-Puerto-Montt_0009_Niveles-1-1024x684.jpg 1024w, https:\/\/ialeman.cl\/wp-content\/uploads\/2025\/12\/LICENCIATURA-2025-Instituto-Aleman-de-Puerto-Montt_0009_Niveles-1-768x513.jpg 768w\" sizes=\"(max-width: 1200px) 100vw, 1200px\" \/><\/a>\n\t\t\t<\/div><\/figure><figure class='gallery-item'>\n\t\t\t<div class='gallery-icon landscape'>\n\t\t\t\t<a data-elementor-open-lightbox=\"yes\" data-elementor-lightbox-slideshow=\"aeecdf1\" data-elementor-lightbox-title=\"LICENCIATURA 2025 Instituto Alem\u00e1n de Puerto Montt_0025_DSC_4092\" data-e-action-hash=\"#elementor-action%3Aaction%3Dlightbox%26settings%3DeyJpZCI6NTI1MjQsInVybCI6Imh0dHBzOlwvXC9pYWxlbWFuLmNsXC93cC1jb250ZW50XC91cGxvYWRzXC8yMDI1XC8xMlwvTElDRU5DSUFUVVJBLTIwMjUtSW5zdGl0dXRvLUFsZW1hbi1kZS1QdWVydG8tTW9udHRfMDAyNV9EU0NfNDA5Mi5qcGciLCJzbGlkZXNob3ciOiJhZWVjZGYxIn0%3D\" href='https:\/\/ialeman.cl\/wp-content\/uploads\/2025\/12\/LICENCIATURA-2025-Instituto-Aleman-de-Puerto-Montt_0025_DSC_4092.jpg'><img loading=\"lazy\" decoding=\"async\" width=\"1200\" height=\"801\" src=\"https:\/\/ialeman.cl\/wp-content\/uploads\/2025\/12\/LICENCIATURA-2025-Instituto-Aleman-de-Puerto-Montt_0025_DSC_4092.jpg\" class=\"attachment-full size-full\" alt=\"\" srcset=\"https:\/\/ialeman.cl\/wp-content\/uploads\/2025\/12\/LICENCIATURA-2025-Instituto-Aleman-de-Puerto-Montt_0025_DSC_4092.jpg 1200w, https:\/\/ialeman.cl\/wp-content\/uploads\/2025\/12\/LICENCIATURA-2025-Instituto-Aleman-de-Puerto-Montt_0025_DSC_4092-300x200.jpg 300w, https:\/\/ialeman.cl\/wp-content\/uploads\/2025\/12\/LICENCIATURA-2025-Instituto-Aleman-de-Puerto-Montt_0025_DSC_4092-1024x684.jpg 1024w, https:\/\/ialeman.cl\/wp-content\/uploads\/2025\/12\/LICENCIATURA-2025-Instituto-Aleman-de-Puerto-Montt_0025_DSC_4092-768x513.jpg 768w\" sizes=\"(max-width: 1200px) 100vw, 1200px\" \/><\/a>\n\t\t\t<\/div><\/figure><figure class='gallery-item'>\n\t\t\t<div class='gallery-icon landscape'>\n\t\t\t\t<a data-elementor-open-lightbox=\"yes\" data-elementor-lightbox-slideshow=\"aeecdf1\" data-elementor-lightbox-title=\"LICENCIATURA 2025 Instituto Alem\u00e1n de Puerto Montt_0026_DSC_4090\" data-e-action-hash=\"#elementor-action%3Aaction%3Dlightbox%26settings%3DeyJpZCI6NTI1MjUsInVybCI6Imh0dHBzOlwvXC9pYWxlbWFuLmNsXC93cC1jb250ZW50XC91cGxvYWRzXC8yMDI1XC8xMlwvTElDRU5DSUFUVVJBLTIwMjUtSW5zdGl0dXRvLUFsZW1hbi1kZS1QdWVydG8tTW9udHRfMDAyNl9EU0NfNDA5MC5qcGciLCJzbGlkZXNob3ciOiJhZWVjZGYxIn0%3D\" href='https:\/\/ialeman.cl\/wp-content\/uploads\/2025\/12\/LICENCIATURA-2025-Instituto-Aleman-de-Puerto-Montt_0026_DSC_4090.jpg'><img loading=\"lazy\" decoding=\"async\" width=\"1200\" height=\"801\" src=\"https:\/\/ialeman.cl\/wp-content\/uploads\/2025\/12\/LICENCIATURA-2025-Instituto-Aleman-de-Puerto-Montt_0026_DSC_4090.jpg\" class=\"attachment-full size-full\" alt=\"\" srcset=\"https:\/\/ialeman.cl\/wp-content\/uploads\/2025\/12\/LICENCIATURA-2025-Instituto-Aleman-de-Puerto-Montt_0026_DSC_4090.jpg 1200w, https:\/\/ialeman.cl\/wp-content\/uploads\/2025\/12\/LICENCIATURA-2025-Instituto-Aleman-de-Puerto-Montt_0026_DSC_4090-300x200.jpg 300w, https:\/\/ialeman.cl\/wp-content\/uploads\/2025\/12\/LICENCIATURA-2025-Instituto-Aleman-de-Puerto-Montt_0026_DSC_4090-1024x684.jpg 1024w, https:\/\/ialeman.cl\/wp-content\/uploads\/2025\/12\/LICENCIATURA-2025-Instituto-Aleman-de-Puerto-Montt_0026_DSC_4090-768x513.jpg 768w\" sizes=\"(max-width: 1200px) 100vw, 1200px\" \/><\/a>\n\t\t\t<\/div><\/figure><figure class='gallery-item'>\n\t\t\t<div class='gallery-icon landscape'>\n\t\t\t\t<a data-elementor-open-lightbox=\"yes\" data-elementor-lightbox-slideshow=\"aeecdf1\" data-elementor-lightbox-title=\"LICENCIATURA 2025 Instituto Alem\u00e1n de Puerto Montt_0027_DSC_4088\" data-e-action-hash=\"#elementor-action%3Aaction%3Dlightbox%26settings%3DeyJpZCI6NTI1MjYsInVybCI6Imh0dHBzOlwvXC9pYWxlbWFuLmNsXC93cC1jb250ZW50XC91cGxvYWRzXC8yMDI1XC8xMlwvTElDRU5DSUFUVVJBLTIwMjUtSW5zdGl0dXRvLUFsZW1hbi1kZS1QdWVydG8tTW9udHRfMDAyN19EU0NfNDA4OC5qcGciLCJzbGlkZXNob3ciOiJhZWVjZGYxIn0%3D\" href='https:\/\/ialeman.cl\/wp-content\/uploads\/2025\/12\/LICENCIATURA-2025-Instituto-Aleman-de-Puerto-Montt_0027_DSC_4088.jpg'><img loading=\"lazy\" decoding=\"async\" width=\"1200\" height=\"801\" src=\"https:\/\/ialeman.cl\/wp-content\/uploads\/2025\/12\/LICENCIATURA-2025-Instituto-Aleman-de-Puerto-Montt_0027_DSC_4088.jpg\" class=\"attachment-full size-full\" alt=\"\" srcset=\"https:\/\/ialeman.cl\/wp-content\/uploads\/2025\/12\/LICENCIATURA-2025-Instituto-Aleman-de-Puerto-Montt_0027_DSC_4088.jpg 1200w, https:\/\/ialeman.cl\/wp-content\/uploads\/2025\/12\/LICENCIATURA-2025-Instituto-Aleman-de-Puerto-Montt_0027_DSC_4088-300x200.jpg 300w, https:\/\/ialeman.cl\/wp-content\/uploads\/2025\/12\/LICENCIATURA-2025-Instituto-Aleman-de-Puerto-Montt_0027_DSC_4088-1024x684.jpg 1024w, https:\/\/ialeman.cl\/wp-content\/uploads\/2025\/12\/LICENCIATURA-2025-Instituto-Aleman-de-Puerto-Montt_0027_DSC_4088-768x513.jpg 768w\" sizes=\"(max-width: 1200px) 100vw, 1200px\" \/><\/a>\n\t\t\t<\/div><\/figure><figure class='gallery-item'>\n\t\t\t<div class='gallery-icon landscape'>\n\t\t\t\t<a data-elementor-open-lightbox=\"yes\" data-elementor-lightbox-slideshow=\"aeecdf1\" data-elementor-lightbox-title=\"LICENCIATURA 2025 Instituto Alem\u00e1n de Puerto Montt_0028_DSC_4085\" data-e-action-hash=\"#elementor-action%3Aaction%3Dlightbox%26settings%3DeyJpZCI6NTI1MjcsInVybCI6Imh0dHBzOlwvXC9pYWxlbWFuLmNsXC93cC1jb250ZW50XC91cGxvYWRzXC8yMDI1XC8xMlwvTElDRU5DSUFUVVJBLTIwMjUtSW5zdGl0dXRvLUFsZW1hbi1kZS1QdWVydG8tTW9udHRfMDAyOF9EU0NfNDA4NS5qcGciLCJzbGlkZXNob3ciOiJhZWVjZGYxIn0%3D\" href='https:\/\/ialeman.cl\/wp-content\/uploads\/2025\/12\/LICENCIATURA-2025-Instituto-Aleman-de-Puerto-Montt_0028_DSC_4085.jpg'><img loading=\"lazy\" decoding=\"async\" width=\"1200\" height=\"801\" src=\"https:\/\/ialeman.cl\/wp-content\/uploads\/2025\/12\/LICENCIATURA-2025-Instituto-Aleman-de-Puerto-Montt_0028_DSC_4085.jpg\" class=\"attachment-full size-full\" alt=\"\" srcset=\"https:\/\/ialeman.cl\/wp-content\/uploads\/2025\/12\/LICENCIATURA-2025-Instituto-Aleman-de-Puerto-Montt_0028_DSC_4085.jpg 1200w, https:\/\/ialeman.cl\/wp-content\/uploads\/2025\/12\/LICENCIATURA-2025-Instituto-Aleman-de-Puerto-Montt_0028_DSC_4085-300x200.jpg 300w, https:\/\/ialeman.cl\/wp-content\/uploads\/2025\/12\/LICENCIATURA-2025-Instituto-Aleman-de-Puerto-Montt_0028_DSC_4085-1024x684.jpg 1024w, https:\/\/ialeman.cl\/wp-content\/uploads\/2025\/12\/LICENCIATURA-2025-Instituto-Aleman-de-Puerto-Montt_0028_DSC_4085-768x513.jpg 768w\" sizes=\"(max-width: 1200px) 100vw, 1200px\" \/><\/a>\n\t\t\t<\/div><\/figure><figure class='gallery-item'>\n\t\t\t<div class='gallery-icon landscape'>\n\t\t\t\t<a data-elementor-open-lightbox=\"yes\" data-elementor-lightbox-slideshow=\"aeecdf1\" data-elementor-lightbox-title=\"LICENCIATURA 2025 Instituto Alem\u00e1n de Puerto Montt_0029_DSC_4035\" data-e-action-hash=\"#elementor-action%3Aaction%3Dlightbox%26settings%3DeyJpZCI6NTI1MjgsInVybCI6Imh0dHBzOlwvXC9pYWxlbWFuLmNsXC93cC1jb250ZW50XC91cGxvYWRzXC8yMDI1XC8xMlwvTElDRU5DSUFUVVJBLTIwMjUtSW5zdGl0dXRvLUFsZW1hbi1kZS1QdWVydG8tTW9udHRfMDAyOV9EU0NfNDAzNS5qcGciLCJzbGlkZXNob3ciOiJhZWVjZGYxIn0%3D\" href='https:\/\/ialeman.cl\/wp-content\/uploads\/2025\/12\/LICENCIATURA-2025-Instituto-Aleman-de-Puerto-Montt_0029_DSC_4035.jpg'><img loading=\"lazy\" decoding=\"async\" width=\"1200\" height=\"801\" src=\"https:\/\/ialeman.cl\/wp-content\/uploads\/2025\/12\/LICENCIATURA-2025-Instituto-Aleman-de-Puerto-Montt_0029_DSC_4035.jpg\" class=\"attachment-full size-full\" alt=\"\" srcset=\"https:\/\/ialeman.cl\/wp-content\/uploads\/2025\/12\/LICENCIATURA-2025-Instituto-Aleman-de-Puerto-Montt_0029_DSC_4035.jpg 1200w, https:\/\/ialeman.cl\/wp-content\/uploads\/2025\/12\/LICENCIATURA-2025-Instituto-Aleman-de-Puerto-Montt_0029_DSC_4035-300x200.jpg 300w, https:\/\/ialeman.cl\/wp-content\/uploads\/2025\/12\/LICENCIATURA-2025-Instituto-Aleman-de-Puerto-Montt_0029_DSC_4035-1024x684.jpg 1024w, https:\/\/ialeman.cl\/wp-content\/uploads\/2025\/12\/LICENCIATURA-2025-Instituto-Aleman-de-Puerto-Montt_0029_DSC_4035-768x513.jpg 768w\" sizes=\"(max-width: 1200px) 100vw, 1200px\" \/><\/a>\n\t\t\t<\/div><\/figure><figure class='gallery-item'>\n\t\t\t<div class='gallery-icon landscape'>\n\t\t\t\t<a data-elementor-open-lightbox=\"yes\" data-elementor-lightbox-slideshow=\"aeecdf1\" data-elementor-lightbox-title=\"LICENCIATURA 2025 Instituto Alem\u00e1n de Puerto Montt_0030_DSC_4021\" data-e-action-hash=\"#elementor-action%3Aaction%3Dlightbox%26settings%3DeyJpZCI6NTI1MjksInVybCI6Imh0dHBzOlwvXC9pYWxlbWFuLmNsXC93cC1jb250ZW50XC91cGxvYWRzXC8yMDI1XC8xMlwvTElDRU5DSUFUVVJBLTIwMjUtSW5zdGl0dXRvLUFsZW1hbi1kZS1QdWVydG8tTW9udHRfMDAzMF9EU0NfNDAyMS5qcGciLCJzbGlkZXNob3ciOiJhZWVjZGYxIn0%3D\" href='https:\/\/ialeman.cl\/wp-content\/uploads\/2025\/12\/LICENCIATURA-2025-Instituto-Aleman-de-Puerto-Montt_0030_DSC_4021.jpg'><img loading=\"lazy\" decoding=\"async\" width=\"1200\" height=\"801\" src=\"https:\/\/ialeman.cl\/wp-content\/uploads\/2025\/12\/LICENCIATURA-2025-Instituto-Aleman-de-Puerto-Montt_0030_DSC_4021.jpg\" class=\"attachment-full size-full\" alt=\"\" srcset=\"https:\/\/ialeman.cl\/wp-content\/uploads\/2025\/12\/LICENCIATURA-2025-Instituto-Aleman-de-Puerto-Montt_0030_DSC_4021.jpg 1200w, https:\/\/ialeman.cl\/wp-content\/uploads\/2025\/12\/LICENCIATURA-2025-Instituto-Aleman-de-Puerto-Montt_0030_DSC_4021-300x200.jpg 300w, https:\/\/ialeman.cl\/wp-content\/uploads\/2025\/12\/LICENCIATURA-2025-Instituto-Aleman-de-Puerto-Montt_0030_DSC_4021-1024x684.jpg 1024w, https:\/\/ialeman.cl\/wp-content\/uploads\/2025\/12\/LICENCIATURA-2025-Instituto-Aleman-de-Puerto-Montt_0030_DSC_4021-768x513.jpg 768w\" sizes=\"(max-width: 1200px) 100vw, 1200px\" \/><\/a>\n\t\t\t<\/div><\/figure><figure class='gallery-item'>\n\t\t\t<div class='gallery-icon landscape'>\n\t\t\t\t<a data-elementor-open-lightbox=\"yes\" data-elementor-lightbox-slideshow=\"aeecdf1\" data-elementor-lightbox-title=\"LICENCIATURA 2025 Instituto Alem\u00e1n de Puerto Montt_0031_DSC_4009\" data-e-action-hash=\"#elementor-action%3Aaction%3Dlightbox%26settings%3DeyJpZCI6NTI1MzAsInVybCI6Imh0dHBzOlwvXC9pYWxlbWFuLmNsXC93cC1jb250ZW50XC91cGxvYWRzXC8yMDI1XC8xMlwvTElDRU5DSUFUVVJBLTIwMjUtSW5zdGl0dXRvLUFsZW1hbi1kZS1QdWVydG8tTW9udHRfMDAzMV9EU0NfNDAwOS5qcGciLCJzbGlkZXNob3ciOiJhZWVjZGYxIn0%3D\" href='https:\/\/ialeman.cl\/wp-content\/uploads\/2025\/12\/LICENCIATURA-2025-Instituto-Aleman-de-Puerto-Montt_0031_DSC_4009.jpg'><img loading=\"lazy\" decoding=\"async\" width=\"1200\" height=\"801\" src=\"https:\/\/ialeman.cl\/wp-content\/uploads\/2025\/12\/LICENCIATURA-2025-Instituto-Aleman-de-Puerto-Montt_0031_DSC_4009.jpg\" class=\"attachment-full size-full\" alt=\"\" srcset=\"https:\/\/ialeman.cl\/wp-content\/uploads\/2025\/12\/LICENCIATURA-2025-Instituto-Aleman-de-Puerto-Montt_0031_DSC_4009.jpg 1200w, https:\/\/ialeman.cl\/wp-content\/uploads\/2025\/12\/LICENCIATURA-2025-Instituto-Aleman-de-Puerto-Montt_0031_DSC_4009-300x200.jpg 300w, https:\/\/ialeman.cl\/wp-content\/uploads\/2025\/12\/LICENCIATURA-2025-Instituto-Aleman-de-Puerto-Montt_0031_DSC_4009-1024x684.jpg 1024w, https:\/\/ialeman.cl\/wp-content\/uploads\/2025\/12\/LICENCIATURA-2025-Instituto-Aleman-de-Puerto-Montt_0031_DSC_4009-768x513.jpg 768w\" sizes=\"(max-width: 1200px) 100vw, 1200px\" \/><\/a>\n\t\t\t<\/div><\/figure><figure class='gallery-item'>\n\t\t\t<div class='gallery-icon landscape'>\n\t\t\t\t<a data-elementor-open-lightbox=\"yes\" data-elementor-lightbox-slideshow=\"aeecdf1\" data-elementor-lightbox-title=\"LICENCIATURA 2025 Instituto Alem\u00e1n de Puerto Montt_0024_DSC_4104\" data-e-action-hash=\"#elementor-action%3Aaction%3Dlightbox%26settings%3DeyJpZCI6NTI1MjMsInVybCI6Imh0dHBzOlwvXC9pYWxlbWFuLmNsXC93cC1jb250ZW50XC91cGxvYWRzXC8yMDI1XC8xMlwvTElDRU5DSUFUVVJBLTIwMjUtSW5zdGl0dXRvLUFsZW1hbi1kZS1QdWVydG8tTW9udHRfMDAyNF9EU0NfNDEwNC5qcGciLCJzbGlkZXNob3ciOiJhZWVjZGYxIn0%3D\" href='https:\/\/ialeman.cl\/wp-content\/uploads\/2025\/12\/LICENCIATURA-2025-Instituto-Aleman-de-Puerto-Montt_0024_DSC_4104.jpg'><img loading=\"lazy\" decoding=\"async\" width=\"1200\" height=\"801\" src=\"https:\/\/ialeman.cl\/wp-content\/uploads\/2025\/12\/LICENCIATURA-2025-Instituto-Aleman-de-Puerto-Montt_0024_DSC_4104.jpg\" class=\"attachment-full size-full\" alt=\"\" srcset=\"https:\/\/ialeman.cl\/wp-content\/uploads\/2025\/12\/LICENCIATURA-2025-Instituto-Aleman-de-Puerto-Montt_0024_DSC_4104.jpg 1200w, https:\/\/ialeman.cl\/wp-content\/uploads\/2025\/12\/LICENCIATURA-2025-Instituto-Aleman-de-Puerto-Montt_0024_DSC_4104-300x200.jpg 300w, https:\/\/ialeman.cl\/wp-content\/uploads\/2025\/12\/LICENCIATURA-2025-Instituto-Aleman-de-Puerto-Montt_0024_DSC_4104-1024x684.jpg 1024w, https:\/\/ialeman.cl\/wp-content\/uploads\/2025\/12\/LICENCIATURA-2025-Instituto-Aleman-de-Puerto-Montt_0024_DSC_4104-768x513.jpg 768w\" sizes=\"(max-width: 1200px) 100vw, 1200px\" \/><\/a>\n\t\t\t<\/div><\/figure><figure class='gallery-item'>\n\t\t\t<div class='gallery-icon landscape'>\n\t\t\t\t<a data-elementor-open-lightbox=\"yes\" data-elementor-lightbox-slideshow=\"aeecdf1\" data-elementor-lightbox-title=\"LICENCIATURA 2025 Instituto Alem\u00e1n de Puerto Montt_0033_DSC_3991\" data-e-action-hash=\"#elementor-action%3Aaction%3Dlightbox%26settings%3DeyJpZCI6NTI1MzIsInVybCI6Imh0dHBzOlwvXC9pYWxlbWFuLmNsXC93cC1jb250ZW50XC91cGxvYWRzXC8yMDI1XC8xMlwvTElDRU5DSUFUVVJBLTIwMjUtSW5zdGl0dXRvLUFsZW1hbi1kZS1QdWVydG8tTW9udHRfMDAzM19EU0NfMzk5MS5qcGciLCJzbGlkZXNob3ciOiJhZWVjZGYxIn0%3D\" href='https:\/\/ialeman.cl\/wp-content\/uploads\/2025\/12\/LICENCIATURA-2025-Instituto-Aleman-de-Puerto-Montt_0033_DSC_3991.jpg'><img loading=\"lazy\" decoding=\"async\" width=\"1200\" height=\"801\" src=\"https:\/\/ialeman.cl\/wp-content\/uploads\/2025\/12\/LICENCIATURA-2025-Instituto-Aleman-de-Puerto-Montt_0033_DSC_3991.jpg\" class=\"attachment-full size-full\" alt=\"\" srcset=\"https:\/\/ialeman.cl\/wp-content\/uploads\/2025\/12\/LICENCIATURA-2025-Instituto-Aleman-de-Puerto-Montt_0033_DSC_3991.jpg 1200w, https:\/\/ialeman.cl\/wp-content\/uploads\/2025\/12\/LICENCIATURA-2025-Instituto-Aleman-de-Puerto-Montt_0033_DSC_3991-300x200.jpg 300w, https:\/\/ialeman.cl\/wp-content\/uploads\/2025\/12\/LICENCIATURA-2025-Instituto-Aleman-de-Puerto-Montt_0033_DSC_3991-1024x684.jpg 1024w, https:\/\/ialeman.cl\/wp-content\/uploads\/2025\/12\/LICENCIATURA-2025-Instituto-Aleman-de-Puerto-Montt_0033_DSC_3991-768x513.jpg 768w\" sizes=\"(max-width: 1200px) 100vw, 1200px\" \/><\/a>\n\t\t\t<\/div><\/figure><figure class='gallery-item'>\n\t\t\t<div class='gallery-icon landscape'>\n\t\t\t\t<a data-elementor-open-lightbox=\"yes\" data-elementor-lightbox-slideshow=\"aeecdf1\" data-elementor-lightbox-title=\"LICENCIATURA 2025 Instituto Alem\u00e1n de Puerto Montt_0034_DSC_3974\" data-e-action-hash=\"#elementor-action%3Aaction%3Dlightbox%26settings%3DeyJpZCI6NTI1MzMsInVybCI6Imh0dHBzOlwvXC9pYWxlbWFuLmNsXC93cC1jb250ZW50XC91cGxvYWRzXC8yMDI1XC8xMlwvTElDRU5DSUFUVVJBLTIwMjUtSW5zdGl0dXRvLUFsZW1hbi1kZS1QdWVydG8tTW9udHRfMDAzNF9EU0NfMzk3NC5qcGciLCJzbGlkZXNob3ciOiJhZWVjZGYxIn0%3D\" href='https:\/\/ialeman.cl\/wp-content\/uploads\/2025\/12\/LICENCIATURA-2025-Instituto-Aleman-de-Puerto-Montt_0034_DSC_3974.jpg'><img loading=\"lazy\" decoding=\"async\" width=\"1200\" height=\"801\" src=\"https:\/\/ialeman.cl\/wp-content\/uploads\/2025\/12\/LICENCIATURA-2025-Instituto-Aleman-de-Puerto-Montt_0034_DSC_3974.jpg\" class=\"attachment-full size-full\" alt=\"\" srcset=\"https:\/\/ialeman.cl\/wp-content\/uploads\/2025\/12\/LICENCIATURA-2025-Instituto-Aleman-de-Puerto-Montt_0034_DSC_3974.jpg 1200w, https:\/\/ialeman.cl\/wp-content\/uploads\/2025\/12\/LICENCIATURA-2025-Instituto-Aleman-de-Puerto-Montt_0034_DSC_3974-300x200.jpg 300w, https:\/\/ialeman.cl\/wp-content\/uploads\/2025\/12\/LICENCIATURA-2025-Instituto-Aleman-de-Puerto-Montt_0034_DSC_3974-1024x684.jpg 1024w, https:\/\/ialeman.cl\/wp-content\/uploads\/2025\/12\/LICENCIATURA-2025-Instituto-Aleman-de-Puerto-Montt_0034_DSC_3974-768x513.jpg 768w\" sizes=\"(max-width: 1200px) 100vw, 1200px\" \/><\/a>\n\t\t\t<\/div><\/figure><figure class='gallery-item'>\n\t\t\t<div class='gallery-icon landscape'>\n\t\t\t\t<a data-elementor-open-lightbox=\"yes\" data-elementor-lightbox-slideshow=\"aeecdf1\" data-elementor-lightbox-title=\"LICENCIATURA 2025 Instituto Alem\u00e1n de Puerto Montt_0036_Niveles 6\" data-e-action-hash=\"#elementor-action%3Aaction%3Dlightbox%26settings%3DeyJpZCI6NTI1MzUsInVybCI6Imh0dHBzOlwvXC9pYWxlbWFuLmNsXC93cC1jb250ZW50XC91cGxvYWRzXC8yMDI1XC8xMlwvTElDRU5DSUFUVVJBLTIwMjUtSW5zdGl0dXRvLUFsZW1hbi1kZS1QdWVydG8tTW9udHRfMDAzNl9OaXZlbGVzLTYuanBnIiwic2xpZGVzaG93IjoiYWVlY2RmMSJ9\" href='https:\/\/ialeman.cl\/wp-content\/uploads\/2025\/12\/LICENCIATURA-2025-Instituto-Aleman-de-Puerto-Montt_0036_Niveles-6.jpg'><img loading=\"lazy\" decoding=\"async\" width=\"1200\" height=\"801\" src=\"https:\/\/ialeman.cl\/wp-content\/uploads\/2025\/12\/LICENCIATURA-2025-Instituto-Aleman-de-Puerto-Montt_0036_Niveles-6.jpg\" class=\"attachment-full size-full\" alt=\"\" srcset=\"https:\/\/ialeman.cl\/wp-content\/uploads\/2025\/12\/LICENCIATURA-2025-Instituto-Aleman-de-Puerto-Montt_0036_Niveles-6.jpg 1200w, https:\/\/ialeman.cl\/wp-content\/uploads\/2025\/12\/LICENCIATURA-2025-Instituto-Aleman-de-Puerto-Montt_0036_Niveles-6-300x200.jpg 300w, https:\/\/ialeman.cl\/wp-content\/uploads\/2025\/12\/LICENCIATURA-2025-Instituto-Aleman-de-Puerto-Montt_0036_Niveles-6-1024x684.jpg 1024w, https:\/\/ialeman.cl\/wp-content\/uploads\/2025\/12\/LICENCIATURA-2025-Instituto-Aleman-de-Puerto-Montt_0036_Niveles-6-768x513.jpg 768w\" sizes=\"(max-width: 1200px) 100vw, 1200px\" \/><\/a>\n\t\t\t<\/div><\/figure><figure class='gallery-item'>\n\t\t\t<div class='gallery-icon landscape'>\n\t\t\t\t<a data-elementor-open-lightbox=\"yes\" data-elementor-lightbox-slideshow=\"aeecdf1\" data-elementor-lightbox-title=\"LICENCIATURA 2025 Instituto Alem\u00e1n de Puerto Montt_0038_DSC_4116\" data-e-action-hash=\"#elementor-action%3Aaction%3Dlightbox%26settings%3DeyJpZCI6NTI1MzcsInVybCI6Imh0dHBzOlwvXC9pYWxlbWFuLmNsXC93cC1jb250ZW50XC91cGxvYWRzXC8yMDI1XC8xMlwvTElDRU5DSUFUVVJBLTIwMjUtSW5zdGl0dXRvLUFsZW1hbi1kZS1QdWVydG8tTW9udHRfMDAzOF9EU0NfNDExNi5qcGciLCJzbGlkZXNob3ciOiJhZWVjZGYxIn0%3D\" href='https:\/\/ialeman.cl\/wp-content\/uploads\/2025\/12\/LICENCIATURA-2025-Instituto-Aleman-de-Puerto-Montt_0038_DSC_4116.jpg'><img loading=\"lazy\" decoding=\"async\" width=\"1200\" height=\"801\" src=\"https:\/\/ialeman.cl\/wp-content\/uploads\/2025\/12\/LICENCIATURA-2025-Instituto-Aleman-de-Puerto-Montt_0038_DSC_4116.jpg\" class=\"attachment-full size-full\" alt=\"\" srcset=\"https:\/\/ialeman.cl\/wp-content\/uploads\/2025\/12\/LICENCIATURA-2025-Instituto-Aleman-de-Puerto-Montt_0038_DSC_4116.jpg 1200w, https:\/\/ialeman.cl\/wp-content\/uploads\/2025\/12\/LICENCIATURA-2025-Instituto-Aleman-de-Puerto-Montt_0038_DSC_4116-300x200.jpg 300w, https:\/\/ialeman.cl\/wp-content\/uploads\/2025\/12\/LICENCIATURA-2025-Instituto-Aleman-de-Puerto-Montt_0038_DSC_4116-1024x684.jpg 1024w, https:\/\/ialeman.cl\/wp-content\/uploads\/2025\/12\/LICENCIATURA-2025-Instituto-Aleman-de-Puerto-Montt_0038_DSC_4116-768x513.jpg 768w\" sizes=\"(max-width: 1200px) 100vw, 1200px\" \/><\/a>\n\t\t\t<\/div><\/figure><figure class='gallery-item'>\n\t\t\t<div class='gallery-icon landscape'>\n\t\t\t\t<a data-elementor-open-lightbox=\"yes\" data-elementor-lightbox-slideshow=\"aeecdf1\" data-elementor-lightbox-title=\"LICENCIATURA 2025 Instituto Alem\u00e1n de Puerto Montt_0039_DSC_3920\" data-e-action-hash=\"#elementor-action%3Aaction%3Dlightbox%26settings%3DeyJpZCI6NTI1MzgsInVybCI6Imh0dHBzOlwvXC9pYWxlbWFuLmNsXC93cC1jb250ZW50XC91cGxvYWRzXC8yMDI1XC8xMlwvTElDRU5DSUFUVVJBLTIwMjUtSW5zdGl0dXRvLUFsZW1hbi1kZS1QdWVydG8tTW9udHRfMDAzOV9EU0NfMzkyMC5qcGciLCJzbGlkZXNob3ciOiJhZWVjZGYxIn0%3D\" href='https:\/\/ialeman.cl\/wp-content\/uploads\/2025\/12\/LICENCIATURA-2025-Instituto-Aleman-de-Puerto-Montt_0039_DSC_3920.jpg'><img loading=\"lazy\" decoding=\"async\" width=\"1200\" height=\"801\" src=\"https:\/\/ialeman.cl\/wp-content\/uploads\/2025\/12\/LICENCIATURA-2025-Instituto-Aleman-de-Puerto-Montt_0039_DSC_3920.jpg\" class=\"attachment-full size-full\" alt=\"\" srcset=\"https:\/\/ialeman.cl\/wp-content\/uploads\/2025\/12\/LICENCIATURA-2025-Instituto-Aleman-de-Puerto-Montt_0039_DSC_3920.jpg 1200w, https:\/\/ialeman.cl\/wp-content\/uploads\/2025\/12\/LICENCIATURA-2025-Instituto-Aleman-de-Puerto-Montt_0039_DSC_3920-300x200.jpg 300w, https:\/\/ialeman.cl\/wp-content\/uploads\/2025\/12\/LICENCIATURA-2025-Instituto-Aleman-de-Puerto-Montt_0039_DSC_3920-1024x684.jpg 1024w, https:\/\/ialeman.cl\/wp-content\/uploads\/2025\/12\/LICENCIATURA-2025-Instituto-Aleman-de-Puerto-Montt_0039_DSC_3920-768x513.jpg 768w\" sizes=\"(max-width: 1200px) 100vw, 1200px\" \/><\/a>\n\t\t\t<\/div><\/figure><figure class='gallery-item'>\n\t\t\t<div class='gallery-icon landscape'>\n\t\t\t\t<a data-elementor-open-lightbox=\"yes\" data-elementor-lightbox-slideshow=\"aeecdf1\" data-elementor-lightbox-title=\"LICENCIATURA 2025 Instituto Alem\u00e1n de Puerto Montt_0040_DSC_3914\" data-e-action-hash=\"#elementor-action%3Aaction%3Dlightbox%26settings%3DeyJpZCI6NTI1MzksInVybCI6Imh0dHBzOlwvXC9pYWxlbWFuLmNsXC93cC1jb250ZW50XC91cGxvYWRzXC8yMDI1XC8xMlwvTElDRU5DSUFUVVJBLTIwMjUtSW5zdGl0dXRvLUFsZW1hbi1kZS1QdWVydG8tTW9udHRfMDA0MF9EU0NfMzkxNC5qcGciLCJzbGlkZXNob3ciOiJhZWVjZGYxIn0%3D\" href='https:\/\/ialeman.cl\/wp-content\/uploads\/2025\/12\/LICENCIATURA-2025-Instituto-Aleman-de-Puerto-Montt_0040_DSC_3914.jpg'><img loading=\"lazy\" decoding=\"async\" width=\"1200\" height=\"801\" src=\"https:\/\/ialeman.cl\/wp-content\/uploads\/2025\/12\/LICENCIATURA-2025-Instituto-Aleman-de-Puerto-Montt_0040_DSC_3914.jpg\" class=\"attachment-full size-full\" alt=\"\" srcset=\"https:\/\/ialeman.cl\/wp-content\/uploads\/2025\/12\/LICENCIATURA-2025-Instituto-Aleman-de-Puerto-Montt_0040_DSC_3914.jpg 1200w, https:\/\/ialeman.cl\/wp-content\/uploads\/2025\/12\/LICENCIATURA-2025-Instituto-Aleman-de-Puerto-Montt_0040_DSC_3914-300x200.jpg 300w, https:\/\/ialeman.cl\/wp-content\/uploads\/2025\/12\/LICENCIATURA-2025-Instituto-Aleman-de-Puerto-Montt_0040_DSC_3914-1024x684.jpg 1024w, https:\/\/ialeman.cl\/wp-content\/uploads\/2025\/12\/LICENCIATURA-2025-Instituto-Aleman-de-Puerto-Montt_0040_DSC_3914-768x513.jpg 768w\" sizes=\"(max-width: 1200px) 100vw, 1200px\" \/><\/a>\n\t\t\t<\/div><\/figure><figure class='gallery-item'>\n\t\t\t<div class='gallery-icon landscape'>\n\t\t\t\t<a data-elementor-open-lightbox=\"yes\" data-elementor-lightbox-slideshow=\"aeecdf1\" data-elementor-lightbox-title=\"LICENCIATURA 2025 Instituto Alem\u00e1n de Puerto Montt_0041_DSC_3893\" data-e-action-hash=\"#elementor-action%3Aaction%3Dlightbox%26settings%3DeyJpZCI6NTI1NDAsInVybCI6Imh0dHBzOlwvXC9pYWxlbWFuLmNsXC93cC1jb250ZW50XC91cGxvYWRzXC8yMDI1XC8xMlwvTElDRU5DSUFUVVJBLTIwMjUtSW5zdGl0dXRvLUFsZW1hbi1kZS1QdWVydG8tTW9udHRfMDA0MV9EU0NfMzg5My5qcGciLCJzbGlkZXNob3ciOiJhZWVjZGYxIn0%3D\" href='https:\/\/ialeman.cl\/wp-content\/uploads\/2025\/12\/LICENCIATURA-2025-Instituto-Aleman-de-Puerto-Montt_0041_DSC_3893.jpg'><img loading=\"lazy\" decoding=\"async\" width=\"1200\" height=\"801\" src=\"https:\/\/ialeman.cl\/wp-content\/uploads\/2025\/12\/LICENCIATURA-2025-Instituto-Aleman-de-Puerto-Montt_0041_DSC_3893.jpg\" class=\"attachment-full size-full\" alt=\"\" srcset=\"https:\/\/ialeman.cl\/wp-content\/uploads\/2025\/12\/LICENCIATURA-2025-Instituto-Aleman-de-Puerto-Montt_0041_DSC_3893.jpg 1200w, https:\/\/ialeman.cl\/wp-content\/uploads\/2025\/12\/LICENCIATURA-2025-Instituto-Aleman-de-Puerto-Montt_0041_DSC_3893-300x200.jpg 300w, https:\/\/ialeman.cl\/wp-content\/uploads\/2025\/12\/LICENCIATURA-2025-Instituto-Aleman-de-Puerto-Montt_0041_DSC_3893-1024x684.jpg 1024w, https:\/\/ialeman.cl\/wp-content\/uploads\/2025\/12\/LICENCIATURA-2025-Instituto-Aleman-de-Puerto-Montt_0041_DSC_3893-768x513.jpg 768w\" sizes=\"(max-width: 1200px) 100vw, 1200px\" \/><\/a>\n\t\t\t<\/div><\/figure><figure class='gallery-item'>\n\t\t\t<div class='gallery-icon landscape'>\n\t\t\t\t<a data-elementor-open-lightbox=\"yes\" data-elementor-lightbox-slideshow=\"aeecdf1\" data-elementor-lightbox-title=\"LICENCIATURA 2025 Instituto Alem\u00e1n de Puerto Montt_0042_DSC_3888\" data-e-action-hash=\"#elementor-action%3Aaction%3Dlightbox%26settings%3DeyJpZCI6NTI1NDEsInVybCI6Imh0dHBzOlwvXC9pYWxlbWFuLmNsXC93cC1jb250ZW50XC91cGxvYWRzXC8yMDI1XC8xMlwvTElDRU5DSUFUVVJBLTIwMjUtSW5zdGl0dXRvLUFsZW1hbi1kZS1QdWVydG8tTW9udHRfMDA0Ml9EU0NfMzg4OC5qcGciLCJzbGlkZXNob3ciOiJhZWVjZGYxIn0%3D\" href='https:\/\/ialeman.cl\/wp-content\/uploads\/2025\/12\/LICENCIATURA-2025-Instituto-Aleman-de-Puerto-Montt_0042_DSC_3888.jpg'><img loading=\"lazy\" decoding=\"async\" width=\"1200\" height=\"801\" src=\"https:\/\/ialeman.cl\/wp-content\/uploads\/2025\/12\/LICENCIATURA-2025-Instituto-Aleman-de-Puerto-Montt_0042_DSC_3888.jpg\" class=\"attachment-full size-full\" alt=\"\" srcset=\"https:\/\/ialeman.cl\/wp-content\/uploads\/2025\/12\/LICENCIATURA-2025-Instituto-Aleman-de-Puerto-Montt_0042_DSC_3888.jpg 1200w, https:\/\/ialeman.cl\/wp-content\/uploads\/2025\/12\/LICENCIATURA-2025-Instituto-Aleman-de-Puerto-Montt_0042_DSC_3888-300x200.jpg 300w, https:\/\/ialeman.cl\/wp-content\/uploads\/2025\/12\/LICENCIATURA-2025-Instituto-Aleman-de-Puerto-Montt_0042_DSC_3888-1024x684.jpg 1024w, https:\/\/ialeman.cl\/wp-content\/uploads\/2025\/12\/LICENCIATURA-2025-Instituto-Aleman-de-Puerto-Montt_0042_DSC_3888-768x513.jpg 768w\" sizes=\"(max-width: 1200px) 100vw, 1200px\" \/><\/a>\n\t\t\t<\/div><\/figure><figure class='gallery-item'>\n\t\t\t<div class='gallery-icon landscape'>\n\t\t\t\t<a data-elementor-open-lightbox=\"yes\" data-elementor-lightbox-slideshow=\"aeecdf1\" data-elementor-lightbox-title=\"LICENCIATURA 2025 Instituto Alem\u00e1n de Puerto Montt_0043_DSC_3886\" data-e-action-hash=\"#elementor-action%3Aaction%3Dlightbox%26settings%3DeyJpZCI6NTI1NDIsInVybCI6Imh0dHBzOlwvXC9pYWxlbWFuLmNsXC93cC1jb250ZW50XC91cGxvYWRzXC8yMDI1XC8xMlwvTElDRU5DSUFUVVJBLTIwMjUtSW5zdGl0dXRvLUFsZW1hbi1kZS1QdWVydG8tTW9udHRfMDA0M19EU0NfMzg4Ni5qcGciLCJzbGlkZXNob3ciOiJhZWVjZGYxIn0%3D\" href='https:\/\/ialeman.cl\/wp-content\/uploads\/2025\/12\/LICENCIATURA-2025-Instituto-Aleman-de-Puerto-Montt_0043_DSC_3886.jpg'><img loading=\"lazy\" decoding=\"async\" width=\"1200\" height=\"801\" src=\"https:\/\/ialeman.cl\/wp-content\/uploads\/2025\/12\/LICENCIATURA-2025-Instituto-Aleman-de-Puerto-Montt_0043_DSC_3886.jpg\" class=\"attachment-full size-full\" alt=\"\" srcset=\"https:\/\/ialeman.cl\/wp-content\/uploads\/2025\/12\/LICENCIATURA-2025-Instituto-Aleman-de-Puerto-Montt_0043_DSC_3886.jpg 1200w, https:\/\/ialeman.cl\/wp-content\/uploads\/2025\/12\/LICENCIATURA-2025-Instituto-Aleman-de-Puerto-Montt_0043_DSC_3886-300x200.jpg 300w, https:\/\/ialeman.cl\/wp-content\/uploads\/2025\/12\/LICENCIATURA-2025-Instituto-Aleman-de-Puerto-Montt_0043_DSC_3886-1024x684.jpg 1024w, https:\/\/ialeman.cl\/wp-content\/uploads\/2025\/12\/LICENCIATURA-2025-Instituto-Aleman-de-Puerto-Montt_0043_DSC_3886-768x513.jpg 768w\" sizes=\"(max-width: 1200px) 100vw, 1200px\" \/><\/a>\n\t\t\t<\/div><\/figure><figure class='gallery-item'>\n\t\t\t<div class='gallery-icon landscape'>\n\t\t\t\t<a data-elementor-open-lightbox=\"yes\" data-elementor-lightbox-slideshow=\"aeecdf1\" data-elementor-lightbox-title=\"LICENCIATURA 2025 Instituto Alem\u00e1n de Puerto Montt_0044_DSC_3878\" data-e-action-hash=\"#elementor-action%3Aaction%3Dlightbox%26settings%3DeyJpZCI6NTI1NDMsInVybCI6Imh0dHBzOlwvXC9pYWxlbWFuLmNsXC93cC1jb250ZW50XC91cGxvYWRzXC8yMDI1XC8xMlwvTElDRU5DSUFUVVJBLTIwMjUtSW5zdGl0dXRvLUFsZW1hbi1kZS1QdWVydG8tTW9udHRfMDA0NF9EU0NfMzg3OC5qcGciLCJzbGlkZXNob3ciOiJhZWVjZGYxIn0%3D\" href='https:\/\/ialeman.cl\/wp-content\/uploads\/2025\/12\/LICENCIATURA-2025-Instituto-Aleman-de-Puerto-Montt_0044_DSC_3878.jpg'><img loading=\"lazy\" decoding=\"async\" width=\"1200\" height=\"801\" src=\"https:\/\/ialeman.cl\/wp-content\/uploads\/2025\/12\/LICENCIATURA-2025-Instituto-Aleman-de-Puerto-Montt_0044_DSC_3878.jpg\" class=\"attachment-full size-full\" alt=\"\" srcset=\"https:\/\/ialeman.cl\/wp-content\/uploads\/2025\/12\/LICENCIATURA-2025-Instituto-Aleman-de-Puerto-Montt_0044_DSC_3878.jpg 1200w, https:\/\/ialeman.cl\/wp-content\/uploads\/2025\/12\/LICENCIATURA-2025-Instituto-Aleman-de-Puerto-Montt_0044_DSC_3878-300x200.jpg 300w, https:\/\/ialeman.cl\/wp-content\/uploads\/2025\/12\/LICENCIATURA-2025-Instituto-Aleman-de-Puerto-Montt_0044_DSC_3878-1024x684.jpg 1024w, https:\/\/ialeman.cl\/wp-content\/uploads\/2025\/12\/LICENCIATURA-2025-Instituto-Aleman-de-Puerto-Montt_0044_DSC_3878-768x513.jpg 768w\" sizes=\"(max-width: 1200px) 100vw, 1200px\" \/><\/a>\n\t\t\t<\/div><\/figure><figure class='gallery-item'>\n\t\t\t<div class='gallery-icon landscape'>\n\t\t\t\t<a data-elementor-open-lightbox=\"yes\" data-elementor-lightbox-slideshow=\"aeecdf1\" data-elementor-lightbox-title=\"LICENCIATURA 2025 Instituto Alem\u00e1n de Puerto Montt_0045_DSC_3873\" data-e-action-hash=\"#elementor-action%3Aaction%3Dlightbox%26settings%3DeyJpZCI6NTI1NDQsInVybCI6Imh0dHBzOlwvXC9pYWxlbWFuLmNsXC93cC1jb250ZW50XC91cGxvYWRzXC8yMDI1XC8xMlwvTElDRU5DSUFUVVJBLTIwMjUtSW5zdGl0dXRvLUFsZW1hbi1kZS1QdWVydG8tTW9udHRfMDA0NV9EU0NfMzg3My5qcGciLCJzbGlkZXNob3ciOiJhZWVjZGYxIn0%3D\" href='https:\/\/ialeman.cl\/wp-content\/uploads\/2025\/12\/LICENCIATURA-2025-Instituto-Aleman-de-Puerto-Montt_0045_DSC_3873.jpg'><img loading=\"lazy\" decoding=\"async\" width=\"1200\" height=\"801\" src=\"https:\/\/ialeman.cl\/wp-content\/uploads\/2025\/12\/LICENCIATURA-2025-Instituto-Aleman-de-Puerto-Montt_0045_DSC_3873.jpg\" class=\"attachment-full size-full\" alt=\"\" srcset=\"https:\/\/ialeman.cl\/wp-content\/uploads\/2025\/12\/LICENCIATURA-2025-Instituto-Aleman-de-Puerto-Montt_0045_DSC_3873.jpg 1200w, https:\/\/ialeman.cl\/wp-content\/uploads\/2025\/12\/LICENCIATURA-2025-Instituto-Aleman-de-Puerto-Montt_0045_DSC_3873-300x200.jpg 300w, https:\/\/ialeman.cl\/wp-content\/uploads\/2025\/12\/LICENCIATURA-2025-Instituto-Aleman-de-Puerto-Montt_0045_DSC_3873-1024x684.jpg 1024w, https:\/\/ialeman.cl\/wp-content\/uploads\/2025\/12\/LICENCIATURA-2025-Instituto-Aleman-de-Puerto-Montt_0045_DSC_3873-768x513.jpg 768w\" sizes=\"(max-width: 1200px) 100vw, 1200px\" \/><\/a>\n\t\t\t<\/div><\/figure><figure class='gallery-item'>\n\t\t\t<div class='gallery-icon landscape'>\n\t\t\t\t<a data-elementor-open-lightbox=\"yes\" data-elementor-lightbox-slideshow=\"aeecdf1\" data-elementor-lightbox-title=\"LICENCIATURA 2025 Instituto Alem\u00e1n de Puerto Montt_0047_DSC_3845\" data-e-action-hash=\"#elementor-action%3Aaction%3Dlightbox%26settings%3DeyJpZCI6NTI1NDYsInVybCI6Imh0dHBzOlwvXC9pYWxlbWFuLmNsXC93cC1jb250ZW50XC91cGxvYWRzXC8yMDI1XC8xMlwvTElDRU5DSUFUVVJBLTIwMjUtSW5zdGl0dXRvLUFsZW1hbi1kZS1QdWVydG8tTW9udHRfMDA0N19EU0NfMzg0NS5qcGciLCJzbGlkZXNob3ciOiJhZWVjZGYxIn0%3D\" href='https:\/\/ialeman.cl\/wp-content\/uploads\/2025\/12\/LICENCIATURA-2025-Instituto-Aleman-de-Puerto-Montt_0047_DSC_3845.jpg'><img loading=\"lazy\" decoding=\"async\" width=\"1200\" height=\"801\" src=\"https:\/\/ialeman.cl\/wp-content\/uploads\/2025\/12\/LICENCIATURA-2025-Instituto-Aleman-de-Puerto-Montt_0047_DSC_3845.jpg\" class=\"attachment-full size-full\" alt=\"\" srcset=\"https:\/\/ialeman.cl\/wp-content\/uploads\/2025\/12\/LICENCIATURA-2025-Instituto-Aleman-de-Puerto-Montt_0047_DSC_3845.jpg 1200w, https:\/\/ialeman.cl\/wp-content\/uploads\/2025\/12\/LICENCIATURA-2025-Instituto-Aleman-de-Puerto-Montt_0047_DSC_3845-300x200.jpg 300w, https:\/\/ialeman.cl\/wp-content\/uploads\/2025\/12\/LICENCIATURA-2025-Instituto-Aleman-de-Puerto-Montt_0047_DSC_3845-1024x684.jpg 1024w, https:\/\/ialeman.cl\/wp-content\/uploads\/2025\/12\/LICENCIATURA-2025-Instituto-Aleman-de-Puerto-Montt_0047_DSC_3845-768x513.jpg 768w\" sizes=\"(max-width: 1200px) 100vw, 1200px\" \/><\/a>\n\t\t\t<\/div><\/figure><figure class='gallery-item'>\n\t\t\t<div class='gallery-icon landscape'>\n\t\t\t\t<a data-elementor-open-lightbox=\"yes\" data-elementor-lightbox-slideshow=\"aeecdf1\" data-elementor-lightbox-title=\"LICENCIATURA 2025 Instituto Alem\u00e1n de Puerto Montt_0048_DSC_3833\" data-e-action-hash=\"#elementor-action%3Aaction%3Dlightbox%26settings%3DeyJpZCI6NTI1NDcsInVybCI6Imh0dHBzOlwvXC9pYWxlbWFuLmNsXC93cC1jb250ZW50XC91cGxvYWRzXC8yMDI1XC8xMlwvTElDRU5DSUFUVVJBLTIwMjUtSW5zdGl0dXRvLUFsZW1hbi1kZS1QdWVydG8tTW9udHRfMDA0OF9EU0NfMzgzMy5qcGciLCJzbGlkZXNob3ciOiJhZWVjZGYxIn0%3D\" href='https:\/\/ialeman.cl\/wp-content\/uploads\/2025\/12\/LICENCIATURA-2025-Instituto-Aleman-de-Puerto-Montt_0048_DSC_3833.jpg'><img loading=\"lazy\" decoding=\"async\" width=\"1200\" height=\"801\" src=\"https:\/\/ialeman.cl\/wp-content\/uploads\/2025\/12\/LICENCIATURA-2025-Instituto-Aleman-de-Puerto-Montt_0048_DSC_3833.jpg\" class=\"attachment-full size-full\" alt=\"\" srcset=\"https:\/\/ialeman.cl\/wp-content\/uploads\/2025\/12\/LICENCIATURA-2025-Instituto-Aleman-de-Puerto-Montt_0048_DSC_3833.jpg 1200w, https:\/\/ialeman.cl\/wp-content\/uploads\/2025\/12\/LICENCIATURA-2025-Instituto-Aleman-de-Puerto-Montt_0048_DSC_3833-300x200.jpg 300w, https:\/\/ialeman.cl\/wp-content\/uploads\/2025\/12\/LICENCIATURA-2025-Instituto-Aleman-de-Puerto-Montt_0048_DSC_3833-1024x684.jpg 1024w, https:\/\/ialeman.cl\/wp-content\/uploads\/2025\/12\/LICENCIATURA-2025-Instituto-Aleman-de-Puerto-Montt_0048_DSC_3833-768x513.jpg 768w\" sizes=\"(max-width: 1200px) 100vw, 1200px\" \/><\/a>\n\t\t\t<\/div><\/figure><figure class='gallery-item'>\n\t\t\t<div class='gallery-icon landscape'>\n\t\t\t\t<a data-elementor-open-lightbox=\"yes\" data-elementor-lightbox-slideshow=\"aeecdf1\" data-elementor-lightbox-title=\"LICENCIATURA 2025 Instituto Alem\u00e1n de Puerto Montt_0049_DSC_3826\" data-e-action-hash=\"#elementor-action%3Aaction%3Dlightbox%26settings%3DeyJpZCI6NTI1NDgsInVybCI6Imh0dHBzOlwvXC9pYWxlbWFuLmNsXC93cC1jb250ZW50XC91cGxvYWRzXC8yMDI1XC8xMlwvTElDRU5DSUFUVVJBLTIwMjUtSW5zdGl0dXRvLUFsZW1hbi1kZS1QdWVydG8tTW9udHRfMDA0OV9EU0NfMzgyNi5qcGciLCJzbGlkZXNob3ciOiJhZWVjZGYxIn0%3D\" href='https:\/\/ialeman.cl\/wp-content\/uploads\/2025\/12\/LICENCIATURA-2025-Instituto-Aleman-de-Puerto-Montt_0049_DSC_3826.jpg'><img loading=\"lazy\" decoding=\"async\" width=\"1200\" height=\"801\" src=\"https:\/\/ialeman.cl\/wp-content\/uploads\/2025\/12\/LICENCIATURA-2025-Instituto-Aleman-de-Puerto-Montt_0049_DSC_3826.jpg\" class=\"attachment-full size-full\" alt=\"\" srcset=\"https:\/\/ialeman.cl\/wp-content\/uploads\/2025\/12\/LICENCIATURA-2025-Instituto-Aleman-de-Puerto-Montt_0049_DSC_3826.jpg 1200w, https:\/\/ialeman.cl\/wp-content\/uploads\/2025\/12\/LICENCIATURA-2025-Instituto-Aleman-de-Puerto-Montt_0049_DSC_3826-300x200.jpg 300w, https:\/\/ialeman.cl\/wp-content\/uploads\/2025\/12\/LICENCIATURA-2025-Instituto-Aleman-de-Puerto-Montt_0049_DSC_3826-1024x684.jpg 1024w, https:\/\/ialeman.cl\/wp-content\/uploads\/2025\/12\/LICENCIATURA-2025-Instituto-Aleman-de-Puerto-Montt_0049_DSC_3826-768x513.jpg 768w\" sizes=\"(max-width: 1200px) 100vw, 1200px\" \/><\/a>\n\t\t\t<\/div><\/figure><figure class='gallery-item'>\n\t\t\t<div class='gallery-icon landscape'>\n\t\t\t\t<a data-elementor-open-lightbox=\"yes\" data-elementor-lightbox-slideshow=\"aeecdf1\" data-elementor-lightbox-title=\"LICENCIATURA 2025 Instituto Alem\u00e1n de Puerto Montt_0050_DSC_3955\" data-e-action-hash=\"#elementor-action%3Aaction%3Dlightbox%26settings%3DeyJpZCI6NTI1NDksInVybCI6Imh0dHBzOlwvXC9pYWxlbWFuLmNsXC93cC1jb250ZW50XC91cGxvYWRzXC8yMDI1XC8xMlwvTElDRU5DSUFUVVJBLTIwMjUtSW5zdGl0dXRvLUFsZW1hbi1kZS1QdWVydG8tTW9udHRfMDA1MF9EU0NfMzk1NS5qcGciLCJzbGlkZXNob3ciOiJhZWVjZGYxIn0%3D\" href='https:\/\/ialeman.cl\/wp-content\/uploads\/2025\/12\/LICENCIATURA-2025-Instituto-Aleman-de-Puerto-Montt_0050_DSC_3955.jpg'><img loading=\"lazy\" decoding=\"async\" width=\"1200\" height=\"801\" src=\"https:\/\/ialeman.cl\/wp-content\/uploads\/2025\/12\/LICENCIATURA-2025-Instituto-Aleman-de-Puerto-Montt_0050_DSC_3955.jpg\" class=\"attachment-full size-full\" alt=\"\" srcset=\"https:\/\/ialeman.cl\/wp-content\/uploads\/2025\/12\/LICENCIATURA-2025-Instituto-Aleman-de-Puerto-Montt_0050_DSC_3955.jpg 1200w, https:\/\/ialeman.cl\/wp-content\/uploads\/2025\/12\/LICENCIATURA-2025-Instituto-Aleman-de-Puerto-Montt_0050_DSC_3955-300x200.jpg 300w, https:\/\/ialeman.cl\/wp-content\/uploads\/2025\/12\/LICENCIATURA-2025-Instituto-Aleman-de-Puerto-Montt_0050_DSC_3955-1024x684.jpg 1024w, https:\/\/ialeman.cl\/wp-content\/uploads\/2025\/12\/LICENCIATURA-2025-Instituto-Aleman-de-Puerto-Montt_0050_DSC_3955-768x513.jpg 768w\" sizes=\"(max-width: 1200px) 100vw, 1200px\" \/><\/a>\n\t\t\t<\/div><\/figure><figure class='gallery-item'>\n\t\t\t<div class='gallery-icon landscape'>\n\t\t\t\t<a data-elementor-open-lightbox=\"yes\" data-elementor-lightbox-slideshow=\"aeecdf1\" data-elementor-lightbox-title=\"LICENCIATURA 2025 Instituto Alem\u00e1n de Puerto Montt_0051_DSC_3805\" data-e-action-hash=\"#elementor-action%3Aaction%3Dlightbox%26settings%3DeyJpZCI6NTI1NTAsInVybCI6Imh0dHBzOlwvXC9pYWxlbWFuLmNsXC93cC1jb250ZW50XC91cGxvYWRzXC8yMDI1XC8xMlwvTElDRU5DSUFUVVJBLTIwMjUtSW5zdGl0dXRvLUFsZW1hbi1kZS1QdWVydG8tTW9udHRfMDA1MV9EU0NfMzgwNS5qcGciLCJzbGlkZXNob3ciOiJhZWVjZGYxIn0%3D\" href='https:\/\/ialeman.cl\/wp-content\/uploads\/2025\/12\/LICENCIATURA-2025-Instituto-Aleman-de-Puerto-Montt_0051_DSC_3805.jpg'><img loading=\"lazy\" decoding=\"async\" width=\"1200\" height=\"801\" src=\"https:\/\/ialeman.cl\/wp-content\/uploads\/2025\/12\/LICENCIATURA-2025-Instituto-Aleman-de-Puerto-Montt_0051_DSC_3805.jpg\" class=\"attachment-full size-full\" alt=\"\" srcset=\"https:\/\/ialeman.cl\/wp-content\/uploads\/2025\/12\/LICENCIATURA-2025-Instituto-Aleman-de-Puerto-Montt_0051_DSC_3805.jpg 1200w, https:\/\/ialeman.cl\/wp-content\/uploads\/2025\/12\/LICENCIATURA-2025-Instituto-Aleman-de-Puerto-Montt_0051_DSC_3805-300x200.jpg 300w, https:\/\/ialeman.cl\/wp-content\/uploads\/2025\/12\/LICENCIATURA-2025-Instituto-Aleman-de-Puerto-Montt_0051_DSC_3805-1024x684.jpg 1024w, https:\/\/ialeman.cl\/wp-content\/uploads\/2025\/12\/LICENCIATURA-2025-Instituto-Aleman-de-Puerto-Montt_0051_DSC_3805-768x513.jpg 768w\" sizes=\"(max-width: 1200px) 100vw, 1200px\" \/><\/a>\n\t\t\t<\/div><\/figure><figure class='gallery-item'>\n\t\t\t<div class='gallery-icon landscape'>\n\t\t\t\t<a data-elementor-open-lightbox=\"yes\" data-elementor-lightbox-slideshow=\"aeecdf1\" data-elementor-lightbox-title=\"LICENCIATURA 2025 Instituto Alem\u00e1n de Puerto Montt_0052_DSC_3798\" data-e-action-hash=\"#elementor-action%3Aaction%3Dlightbox%26settings%3DeyJpZCI6NTI1NTEsInVybCI6Imh0dHBzOlwvXC9pYWxlbWFuLmNsXC93cC1jb250ZW50XC91cGxvYWRzXC8yMDI1XC8xMlwvTElDRU5DSUFUVVJBLTIwMjUtSW5zdGl0dXRvLUFsZW1hbi1kZS1QdWVydG8tTW9udHRfMDA1Ml9EU0NfMzc5OC5qcGciLCJzbGlkZXNob3ciOiJhZWVjZGYxIn0%3D\" href='https:\/\/ialeman.cl\/wp-content\/uploads\/2025\/12\/LICENCIATURA-2025-Instituto-Aleman-de-Puerto-Montt_0052_DSC_3798.jpg'><img loading=\"lazy\" decoding=\"async\" width=\"1200\" height=\"801\" src=\"https:\/\/ialeman.cl\/wp-content\/uploads\/2025\/12\/LICENCIATURA-2025-Instituto-Aleman-de-Puerto-Montt_0052_DSC_3798.jpg\" class=\"attachment-full size-full\" alt=\"\" srcset=\"https:\/\/ialeman.cl\/wp-content\/uploads\/2025\/12\/LICENCIATURA-2025-Instituto-Aleman-de-Puerto-Montt_0052_DSC_3798.jpg 1200w, https:\/\/ialeman.cl\/wp-content\/uploads\/2025\/12\/LICENCIATURA-2025-Instituto-Aleman-de-Puerto-Montt_0052_DSC_3798-300x200.jpg 300w, https:\/\/ialeman.cl\/wp-content\/uploads\/2025\/12\/LICENCIATURA-2025-Instituto-Aleman-de-Puerto-Montt_0052_DSC_3798-1024x684.jpg 1024w, https:\/\/ialeman.cl\/wp-content\/uploads\/2025\/12\/LICENCIATURA-2025-Instituto-Aleman-de-Puerto-Montt_0052_DSC_3798-768x513.jpg 768w\" sizes=\"(max-width: 1200px) 100vw, 1200px\" \/><\/a>\n\t\t\t<\/div><\/figure><figure class='gallery-item'>\n\t\t\t<div class='gallery-icon landscape'>\n\t\t\t\t<a data-elementor-open-lightbox=\"yes\" data-elementor-lightbox-slideshow=\"aeecdf1\" data-elementor-lightbox-title=\"LICENCIATURA 2025 Instituto Alem\u00e1n de Puerto Montt_0053_Niveles 7\" data-e-action-hash=\"#elementor-action%3Aaction%3Dlightbox%26settings%3DeyJpZCI6NTI1NTIsInVybCI6Imh0dHBzOlwvXC9pYWxlbWFuLmNsXC93cC1jb250ZW50XC91cGxvYWRzXC8yMDI1XC8xMlwvTElDRU5DSUFUVVJBLTIwMjUtSW5zdGl0dXRvLUFsZW1hbi1kZS1QdWVydG8tTW9udHRfMDA1M19OaXZlbGVzLTcuanBnIiwic2xpZGVzaG93IjoiYWVlY2RmMSJ9\" href='https:\/\/ialeman.cl\/wp-content\/uploads\/2025\/12\/LICENCIATURA-2025-Instituto-Aleman-de-Puerto-Montt_0053_Niveles-7.jpg'><img loading=\"lazy\" decoding=\"async\" width=\"1200\" height=\"801\" src=\"https:\/\/ialeman.cl\/wp-content\/uploads\/2025\/12\/LICENCIATURA-2025-Instituto-Aleman-de-Puerto-Montt_0053_Niveles-7.jpg\" class=\"attachment-full size-full\" alt=\"\" srcset=\"https:\/\/ialeman.cl\/wp-content\/uploads\/2025\/12\/LICENCIATURA-2025-Instituto-Aleman-de-Puerto-Montt_0053_Niveles-7.jpg 1200w, https:\/\/ialeman.cl\/wp-content\/uploads\/2025\/12\/LICENCIATURA-2025-Instituto-Aleman-de-Puerto-Montt_0053_Niveles-7-300x200.jpg 300w, https:\/\/ialeman.cl\/wp-content\/uploads\/2025\/12\/LICENCIATURA-2025-Instituto-Aleman-de-Puerto-Montt_0053_Niveles-7-1024x684.jpg 1024w, https:\/\/ialeman.cl\/wp-content\/uploads\/2025\/12\/LICENCIATURA-2025-Instituto-Aleman-de-Puerto-Montt_0053_Niveles-7-768x513.jpg 768w\" sizes=\"(max-width: 1200px) 100vw, 1200px\" \/><\/a>\n\t\t\t<\/div><\/figure><figure class='gallery-item'>\n\t\t\t<div class='gallery-icon landscape'>\n\t\t\t\t<a data-elementor-open-lightbox=\"yes\" data-elementor-lightbox-slideshow=\"aeecdf1\" data-elementor-lightbox-title=\"LICENCIATURA 2025 Instituto Alem\u00e1n de Puerto Montt_0054_DSC_3790\" data-e-action-hash=\"#elementor-action%3Aaction%3Dlightbox%26settings%3DeyJpZCI6NTI1NTMsInVybCI6Imh0dHBzOlwvXC9pYWxlbWFuLmNsXC93cC1jb250ZW50XC91cGxvYWRzXC8yMDI1XC8xMlwvTElDRU5DSUFUVVJBLTIwMjUtSW5zdGl0dXRvLUFsZW1hbi1kZS1QdWVydG8tTW9udHRfMDA1NF9EU0NfMzc5MC5qcGciLCJzbGlkZXNob3ciOiJhZWVjZGYxIn0%3D\" href='https:\/\/ialeman.cl\/wp-content\/uploads\/2025\/12\/LICENCIATURA-2025-Instituto-Aleman-de-Puerto-Montt_0054_DSC_3790.jpg'><img loading=\"lazy\" decoding=\"async\" width=\"1200\" height=\"801\" src=\"https:\/\/ialeman.cl\/wp-content\/uploads\/2025\/12\/LICENCIATURA-2025-Instituto-Aleman-de-Puerto-Montt_0054_DSC_3790.jpg\" class=\"attachment-full size-full\" alt=\"\" srcset=\"https:\/\/ialeman.cl\/wp-content\/uploads\/2025\/12\/LICENCIATURA-2025-Instituto-Aleman-de-Puerto-Montt_0054_DSC_3790.jpg 1200w, https:\/\/ialeman.cl\/wp-content\/uploads\/2025\/12\/LICENCIATURA-2025-Instituto-Aleman-de-Puerto-Montt_0054_DSC_3790-300x200.jpg 300w, https:\/\/ialeman.cl\/wp-content\/uploads\/2025\/12\/LICENCIATURA-2025-Instituto-Aleman-de-Puerto-Montt_0054_DSC_3790-1024x684.jpg 1024w, https:\/\/ialeman.cl\/wp-content\/uploads\/2025\/12\/LICENCIATURA-2025-Instituto-Aleman-de-Puerto-Montt_0054_DSC_3790-768x513.jpg 768w\" sizes=\"(max-width: 1200px) 100vw, 1200px\" \/><\/a>\n\t\t\t<\/div><\/figure><figure class='gallery-item'>\n\t\t\t<div class='gallery-icon landscape'>\n\t\t\t\t<a data-elementor-open-lightbox=\"yes\" data-elementor-lightbox-slideshow=\"aeecdf1\" data-elementor-lightbox-title=\"LICENCIATURA 2025 Instituto Alem\u00e1n de Puerto Montt_0055_DSC_3784\" data-e-action-hash=\"#elementor-action%3Aaction%3Dlightbox%26settings%3DeyJpZCI6NTI1NTQsInVybCI6Imh0dHBzOlwvXC9pYWxlbWFuLmNsXC93cC1jb250ZW50XC91cGxvYWRzXC8yMDI1XC8xMlwvTElDRU5DSUFUVVJBLTIwMjUtSW5zdGl0dXRvLUFsZW1hbi1kZS1QdWVydG8tTW9udHRfMDA1NV9EU0NfMzc4NC5qcGciLCJzbGlkZXNob3ciOiJhZWVjZGYxIn0%3D\" href='https:\/\/ialeman.cl\/wp-content\/uploads\/2025\/12\/LICENCIATURA-2025-Instituto-Aleman-de-Puerto-Montt_0055_DSC_3784.jpg'><img loading=\"lazy\" decoding=\"async\" width=\"1200\" height=\"801\" src=\"https:\/\/ialeman.cl\/wp-content\/uploads\/2025\/12\/LICENCIATURA-2025-Instituto-Aleman-de-Puerto-Montt_0055_DSC_3784.jpg\" class=\"attachment-full size-full\" alt=\"\" srcset=\"https:\/\/ialeman.cl\/wp-content\/uploads\/2025\/12\/LICENCIATURA-2025-Instituto-Aleman-de-Puerto-Montt_0055_DSC_3784.jpg 1200w, https:\/\/ialeman.cl\/wp-content\/uploads\/2025\/12\/LICENCIATURA-2025-Instituto-Aleman-de-Puerto-Montt_0055_DSC_3784-300x200.jpg 300w, https:\/\/ialeman.cl\/wp-content\/uploads\/2025\/12\/LICENCIATURA-2025-Instituto-Aleman-de-Puerto-Montt_0055_DSC_3784-1024x684.jpg 1024w, https:\/\/ialeman.cl\/wp-content\/uploads\/2025\/12\/LICENCIATURA-2025-Instituto-Aleman-de-Puerto-Montt_0055_DSC_3784-768x513.jpg 768w\" sizes=\"(max-width: 1200px) 100vw, 1200px\" \/><\/a>\n\t\t\t<\/div><\/figure><figure class='gallery-item'>\n\t\t\t<div class='gallery-icon landscape'>\n\t\t\t\t<a data-elementor-open-lightbox=\"yes\" data-elementor-lightbox-slideshow=\"aeecdf1\" data-elementor-lightbox-title=\"LICENCIATURA 2025 Instituto Alem\u00e1n de Puerto Montt_0056_DSC_3777\" data-e-action-hash=\"#elementor-action%3Aaction%3Dlightbox%26settings%3DeyJpZCI6NTI1NTYsInVybCI6Imh0dHBzOlwvXC9pYWxlbWFuLmNsXC93cC1jb250ZW50XC91cGxvYWRzXC8yMDI1XC8xMlwvTElDRU5DSUFUVVJBLTIwMjUtSW5zdGl0dXRvLUFsZW1hbi1kZS1QdWVydG8tTW9udHRfMDA1Nl9EU0NfMzc3Ny5qcGciLCJzbGlkZXNob3ciOiJhZWVjZGYxIn0%3D\" href='https:\/\/ialeman.cl\/wp-content\/uploads\/2025\/12\/LICENCIATURA-2025-Instituto-Aleman-de-Puerto-Montt_0056_DSC_3777.jpg'><img loading=\"lazy\" decoding=\"async\" width=\"1200\" height=\"801\" src=\"https:\/\/ialeman.cl\/wp-content\/uploads\/2025\/12\/LICENCIATURA-2025-Instituto-Aleman-de-Puerto-Montt_0056_DSC_3777.jpg\" class=\"attachment-full size-full\" alt=\"\" srcset=\"https:\/\/ialeman.cl\/wp-content\/uploads\/2025\/12\/LICENCIATURA-2025-Instituto-Aleman-de-Puerto-Montt_0056_DSC_3777.jpg 1200w, https:\/\/ialeman.cl\/wp-content\/uploads\/2025\/12\/LICENCIATURA-2025-Instituto-Aleman-de-Puerto-Montt_0056_DSC_3777-300x200.jpg 300w, https:\/\/ialeman.cl\/wp-content\/uploads\/2025\/12\/LICENCIATURA-2025-Instituto-Aleman-de-Puerto-Montt_0056_DSC_3777-1024x684.jpg 1024w, https:\/\/ialeman.cl\/wp-content\/uploads\/2025\/12\/LICENCIATURA-2025-Instituto-Aleman-de-Puerto-Montt_0056_DSC_3777-768x513.jpg 768w\" sizes=\"(max-width: 1200px) 100vw, 1200px\" \/><\/a>\n\t\t\t<\/div><\/figure><figure class='gallery-item'>\n\t\t\t<div class='gallery-icon landscape'>\n\t\t\t\t<a data-elementor-open-lightbox=\"yes\" data-elementor-lightbox-slideshow=\"aeecdf1\" data-elementor-lightbox-title=\"LICENCIATURA 2025 Instituto Alem\u00e1n de Puerto Montt_0057_DSC_3816\" data-e-action-hash=\"#elementor-action%3Aaction%3Dlightbox%26settings%3DeyJpZCI6NTI1NTcsInVybCI6Imh0dHBzOlwvXC9pYWxlbWFuLmNsXC93cC1jb250ZW50XC91cGxvYWRzXC8yMDI1XC8xMlwvTElDRU5DSUFUVVJBLTIwMjUtSW5zdGl0dXRvLUFsZW1hbi1kZS1QdWVydG8tTW9udHRfMDA1N19EU0NfMzgxNi5qcGciLCJzbGlkZXNob3ciOiJhZWVjZGYxIn0%3D\" href='https:\/\/ialeman.cl\/wp-content\/uploads\/2025\/12\/LICENCIATURA-2025-Instituto-Aleman-de-Puerto-Montt_0057_DSC_3816.jpg'><img loading=\"lazy\" decoding=\"async\" width=\"1200\" height=\"801\" src=\"https:\/\/ialeman.cl\/wp-content\/uploads\/2025\/12\/LICENCIATURA-2025-Instituto-Aleman-de-Puerto-Montt_0057_DSC_3816.jpg\" class=\"attachment-full size-full\" alt=\"\" srcset=\"https:\/\/ialeman.cl\/wp-content\/uploads\/2025\/12\/LICENCIATURA-2025-Instituto-Aleman-de-Puerto-Montt_0057_DSC_3816.jpg 1200w, https:\/\/ialeman.cl\/wp-content\/uploads\/2025\/12\/LICENCIATURA-2025-Instituto-Aleman-de-Puerto-Montt_0057_DSC_3816-300x200.jpg 300w, https:\/\/ialeman.cl\/wp-content\/uploads\/2025\/12\/LICENCIATURA-2025-Instituto-Aleman-de-Puerto-Montt_0057_DSC_3816-1024x684.jpg 1024w, https:\/\/ialeman.cl\/wp-content\/uploads\/2025\/12\/LICENCIATURA-2025-Instituto-Aleman-de-Puerto-Montt_0057_DSC_3816-768x513.jpg 768w\" sizes=\"(max-width: 1200px) 100vw, 1200px\" \/><\/a>\n\t\t\t<\/div><\/figure><figure class='gallery-item'>\n\t\t\t<div class='gallery-icon landscape'>\n\t\t\t\t<a data-elementor-open-lightbox=\"yes\" data-elementor-lightbox-slideshow=\"aeecdf1\" data-elementor-lightbox-title=\"LICENCIATURA 2025 Instituto Alem\u00e1n de Puerto Montt_0058_DSC_3756\" data-e-action-hash=\"#elementor-action%3Aaction%3Dlightbox%26settings%3DeyJpZCI6NTI1NTgsInVybCI6Imh0dHBzOlwvXC9pYWxlbWFuLmNsXC93cC1jb250ZW50XC91cGxvYWRzXC8yMDI1XC8xMlwvTElDRU5DSUFUVVJBLTIwMjUtSW5zdGl0dXRvLUFsZW1hbi1kZS1QdWVydG8tTW9udHRfMDA1OF9EU0NfMzc1Ni5qcGciLCJzbGlkZXNob3ciOiJhZWVjZGYxIn0%3D\" href='https:\/\/ialeman.cl\/wp-content\/uploads\/2025\/12\/LICENCIATURA-2025-Instituto-Aleman-de-Puerto-Montt_0058_DSC_3756.jpg'><img loading=\"lazy\" decoding=\"async\" width=\"1200\" height=\"801\" src=\"https:\/\/ialeman.cl\/wp-content\/uploads\/2025\/12\/LICENCIATURA-2025-Instituto-Aleman-de-Puerto-Montt_0058_DSC_3756.jpg\" class=\"attachment-full size-full\" alt=\"\" srcset=\"https:\/\/ialeman.cl\/wp-content\/uploads\/2025\/12\/LICENCIATURA-2025-Instituto-Aleman-de-Puerto-Montt_0058_DSC_3756.jpg 1200w, https:\/\/ialeman.cl\/wp-content\/uploads\/2025\/12\/LICENCIATURA-2025-Instituto-Aleman-de-Puerto-Montt_0058_DSC_3756-300x200.jpg 300w, https:\/\/ialeman.cl\/wp-content\/uploads\/2025\/12\/LICENCIATURA-2025-Instituto-Aleman-de-Puerto-Montt_0058_DSC_3756-1024x684.jpg 1024w, https:\/\/ialeman.cl\/wp-content\/uploads\/2025\/12\/LICENCIATURA-2025-Instituto-Aleman-de-Puerto-Montt_0058_DSC_3756-768x513.jpg 768w\" sizes=\"(max-width: 1200px) 100vw, 1200px\" \/><\/a>\n\t\t\t<\/div><\/figure><figure class='gallery-item'>\n\t\t\t<div class='gallery-icon landscape'>\n\t\t\t\t<a data-elementor-open-lightbox=\"yes\" data-elementor-lightbox-slideshow=\"aeecdf1\" data-elementor-lightbox-title=\"LICENCIATURA 2025 Instituto Alem\u00e1n de Puerto Montt_0059_DSC_3753\" data-e-action-hash=\"#elementor-action%3Aaction%3Dlightbox%26settings%3DeyJpZCI6NTI1NTksInVybCI6Imh0dHBzOlwvXC9pYWxlbWFuLmNsXC93cC1jb250ZW50XC91cGxvYWRzXC8yMDI1XC8xMlwvTElDRU5DSUFUVVJBLTIwMjUtSW5zdGl0dXRvLUFsZW1hbi1kZS1QdWVydG8tTW9udHRfMDA1OV9EU0NfMzc1My5qcGciLCJzbGlkZXNob3ciOiJhZWVjZGYxIn0%3D\" href='https:\/\/ialeman.cl\/wp-content\/uploads\/2025\/12\/LICENCIATURA-2025-Instituto-Aleman-de-Puerto-Montt_0059_DSC_3753.jpg'><img loading=\"lazy\" decoding=\"async\" width=\"1200\" height=\"801\" src=\"https:\/\/ialeman.cl\/wp-content\/uploads\/2025\/12\/LICENCIATURA-2025-Instituto-Aleman-de-Puerto-Montt_0059_DSC_3753.jpg\" class=\"attachment-full size-full\" alt=\"\" srcset=\"https:\/\/ialeman.cl\/wp-content\/uploads\/2025\/12\/LICENCIATURA-2025-Instituto-Aleman-de-Puerto-Montt_0059_DSC_3753.jpg 1200w, https:\/\/ialeman.cl\/wp-content\/uploads\/2025\/12\/LICENCIATURA-2025-Instituto-Aleman-de-Puerto-Montt_0059_DSC_3753-300x200.jpg 300w, https:\/\/ialeman.cl\/wp-content\/uploads\/2025\/12\/LICENCIATURA-2025-Instituto-Aleman-de-Puerto-Montt_0059_DSC_3753-1024x684.jpg 1024w, https:\/\/ialeman.cl\/wp-content\/uploads\/2025\/12\/LICENCIATURA-2025-Instituto-Aleman-de-Puerto-Montt_0059_DSC_3753-768x513.jpg 768w\" sizes=\"(max-width: 1200px) 100vw, 1200px\" \/><\/a>\n\t\t\t<\/div><\/figure><figure class='gallery-item'>\n\t\t\t<div class='gallery-icon landscape'>\n\t\t\t\t<a data-elementor-open-lightbox=\"yes\" data-elementor-lightbox-slideshow=\"aeecdf1\" data-elementor-lightbox-title=\"LICENCIATURA 2025 Instituto Alem\u00e1n de Puerto Montt_0060_DSC_3746\" data-e-action-hash=\"#elementor-action%3Aaction%3Dlightbox%26settings%3DeyJpZCI6NTI1NjAsInVybCI6Imh0dHBzOlwvXC9pYWxlbWFuLmNsXC93cC1jb250ZW50XC91cGxvYWRzXC8yMDI1XC8xMlwvTElDRU5DSUFUVVJBLTIwMjUtSW5zdGl0dXRvLUFsZW1hbi1kZS1QdWVydG8tTW9udHRfMDA2MF9EU0NfMzc0Ni5qcGciLCJzbGlkZXNob3ciOiJhZWVjZGYxIn0%3D\" href='https:\/\/ialeman.cl\/wp-content\/uploads\/2025\/12\/LICENCIATURA-2025-Instituto-Aleman-de-Puerto-Montt_0060_DSC_3746.jpg'><img loading=\"lazy\" decoding=\"async\" width=\"1200\" height=\"801\" src=\"https:\/\/ialeman.cl\/wp-content\/uploads\/2025\/12\/LICENCIATURA-2025-Instituto-Aleman-de-Puerto-Montt_0060_DSC_3746.jpg\" class=\"attachment-full size-full\" alt=\"\" srcset=\"https:\/\/ialeman.cl\/wp-content\/uploads\/2025\/12\/LICENCIATURA-2025-Instituto-Aleman-de-Puerto-Montt_0060_DSC_3746.jpg 1200w, https:\/\/ialeman.cl\/wp-content\/uploads\/2025\/12\/LICENCIATURA-2025-Instituto-Aleman-de-Puerto-Montt_0060_DSC_3746-300x200.jpg 300w, https:\/\/ialeman.cl\/wp-content\/uploads\/2025\/12\/LICENCIATURA-2025-Instituto-Aleman-de-Puerto-Montt_0060_DSC_3746-1024x684.jpg 1024w, https:\/\/ialeman.cl\/wp-content\/uploads\/2025\/12\/LICENCIATURA-2025-Instituto-Aleman-de-Puerto-Montt_0060_DSC_3746-768x513.jpg 768w\" sizes=\"(max-width: 1200px) 100vw, 1200px\" \/><\/a>\n\t\t\t<\/div><\/figure><figure class='gallery-item'>\n\t\t\t<div class='gallery-icon landscape'>\n\t\t\t\t<a data-elementor-open-lightbox=\"yes\" data-elementor-lightbox-slideshow=\"aeecdf1\" data-elementor-lightbox-title=\"LICENCIATURA 2025 Instituto Alem\u00e1n de Puerto Montt_0061_DSC_3739\" data-e-action-hash=\"#elementor-action%3Aaction%3Dlightbox%26settings%3DeyJpZCI6NTI1NjEsInVybCI6Imh0dHBzOlwvXC9pYWxlbWFuLmNsXC93cC1jb250ZW50XC91cGxvYWRzXC8yMDI1XC8xMlwvTElDRU5DSUFUVVJBLTIwMjUtSW5zdGl0dXRvLUFsZW1hbi1kZS1QdWVydG8tTW9udHRfMDA2MV9EU0NfMzczOS5qcGciLCJzbGlkZXNob3ciOiJhZWVjZGYxIn0%3D\" href='https:\/\/ialeman.cl\/wp-content\/uploads\/2025\/12\/LICENCIATURA-2025-Instituto-Aleman-de-Puerto-Montt_0061_DSC_3739.jpg'><img loading=\"lazy\" decoding=\"async\" width=\"1200\" height=\"801\" src=\"https:\/\/ialeman.cl\/wp-content\/uploads\/2025\/12\/LICENCIATURA-2025-Instituto-Aleman-de-Puerto-Montt_0061_DSC_3739.jpg\" class=\"attachment-full size-full\" alt=\"\" srcset=\"https:\/\/ialeman.cl\/wp-content\/uploads\/2025\/12\/LICENCIATURA-2025-Instituto-Aleman-de-Puerto-Montt_0061_DSC_3739.jpg 1200w, https:\/\/ialeman.cl\/wp-content\/uploads\/2025\/12\/LICENCIATURA-2025-Instituto-Aleman-de-Puerto-Montt_0061_DSC_3739-300x200.jpg 300w, https:\/\/ialeman.cl\/wp-content\/uploads\/2025\/12\/LICENCIATURA-2025-Instituto-Aleman-de-Puerto-Montt_0061_DSC_3739-1024x684.jpg 1024w, https:\/\/ialeman.cl\/wp-content\/uploads\/2025\/12\/LICENCIATURA-2025-Instituto-Aleman-de-Puerto-Montt_0061_DSC_3739-768x513.jpg 768w\" sizes=\"(max-width: 1200px) 100vw, 1200px\" \/><\/a>\n\t\t\t<\/div><\/figure><figure class='gallery-item'>\n\t\t\t<div class='gallery-icon landscape'>\n\t\t\t\t<a data-elementor-open-lightbox=\"yes\" data-elementor-lightbox-slideshow=\"aeecdf1\" data-elementor-lightbox-title=\"LICENCIATURA 2025 Instituto Alem\u00e1n de Puerto Montt_0062_DSC_3730\" data-e-action-hash=\"#elementor-action%3Aaction%3Dlightbox%26settings%3DeyJpZCI6NTI1NjIsInVybCI6Imh0dHBzOlwvXC9pYWxlbWFuLmNsXC93cC1jb250ZW50XC91cGxvYWRzXC8yMDI1XC8xMlwvTElDRU5DSUFUVVJBLTIwMjUtSW5zdGl0dXRvLUFsZW1hbi1kZS1QdWVydG8tTW9udHRfMDA2Ml9EU0NfMzczMC5qcGciLCJzbGlkZXNob3ciOiJhZWVjZGYxIn0%3D\" href='https:\/\/ialeman.cl\/wp-content\/uploads\/2025\/12\/LICENCIATURA-2025-Instituto-Aleman-de-Puerto-Montt_0062_DSC_3730.jpg'><img loading=\"lazy\" decoding=\"async\" width=\"1200\" height=\"801\" src=\"https:\/\/ialeman.cl\/wp-content\/uploads\/2025\/12\/LICENCIATURA-2025-Instituto-Aleman-de-Puerto-Montt_0062_DSC_3730.jpg\" class=\"attachment-full size-full\" alt=\"\" srcset=\"https:\/\/ialeman.cl\/wp-content\/uploads\/2025\/12\/LICENCIATURA-2025-Instituto-Aleman-de-Puerto-Montt_0062_DSC_3730.jpg 1200w, https:\/\/ialeman.cl\/wp-content\/uploads\/2025\/12\/LICENCIATURA-2025-Instituto-Aleman-de-Puerto-Montt_0062_DSC_3730-300x200.jpg 300w, https:\/\/ialeman.cl\/wp-content\/uploads\/2025\/12\/LICENCIATURA-2025-Instituto-Aleman-de-Puerto-Montt_0062_DSC_3730-1024x684.jpg 1024w, https:\/\/ialeman.cl\/wp-content\/uploads\/2025\/12\/LICENCIATURA-2025-Instituto-Aleman-de-Puerto-Montt_0062_DSC_3730-768x513.jpg 768w\" sizes=\"(max-width: 1200px) 100vw, 1200px\" \/><\/a>\n\t\t\t<\/div><\/figure><figure class='gallery-item'>\n\t\t\t<div class='gallery-icon landscape'>\n\t\t\t\t<a data-elementor-open-lightbox=\"yes\" data-elementor-lightbox-slideshow=\"aeecdf1\" data-elementor-lightbox-title=\"LICENCIATURA 2025 Instituto Alem\u00e1n de Puerto Montt_0063_DSC_3722\" data-e-action-hash=\"#elementor-action%3Aaction%3Dlightbox%26settings%3DeyJpZCI6NTI1NjMsInVybCI6Imh0dHBzOlwvXC9pYWxlbWFuLmNsXC93cC1jb250ZW50XC91cGxvYWRzXC8yMDI1XC8xMlwvTElDRU5DSUFUVVJBLTIwMjUtSW5zdGl0dXRvLUFsZW1hbi1kZS1QdWVydG8tTW9udHRfMDA2M19EU0NfMzcyMi5qcGciLCJzbGlkZXNob3ciOiJhZWVjZGYxIn0%3D\" href='https:\/\/ialeman.cl\/wp-content\/uploads\/2025\/12\/LICENCIATURA-2025-Instituto-Aleman-de-Puerto-Montt_0063_DSC_3722.jpg'><img loading=\"lazy\" decoding=\"async\" width=\"1200\" height=\"801\" src=\"https:\/\/ialeman.cl\/wp-content\/uploads\/2025\/12\/LICENCIATURA-2025-Instituto-Aleman-de-Puerto-Montt_0063_DSC_3722.jpg\" class=\"attachment-full size-full\" alt=\"\" srcset=\"https:\/\/ialeman.cl\/wp-content\/uploads\/2025\/12\/LICENCIATURA-2025-Instituto-Aleman-de-Puerto-Montt_0063_DSC_3722.jpg 1200w, https:\/\/ialeman.cl\/wp-content\/uploads\/2025\/12\/LICENCIATURA-2025-Instituto-Aleman-de-Puerto-Montt_0063_DSC_3722-300x200.jpg 300w, https:\/\/ialeman.cl\/wp-content\/uploads\/2025\/12\/LICENCIATURA-2025-Instituto-Aleman-de-Puerto-Montt_0063_DSC_3722-1024x684.jpg 1024w, https:\/\/ialeman.cl\/wp-content\/uploads\/2025\/12\/LICENCIATURA-2025-Instituto-Aleman-de-Puerto-Montt_0063_DSC_3722-768x513.jpg 768w\" sizes=\"(max-width: 1200px) 100vw, 1200px\" \/><\/a>\n\t\t\t<\/div><\/figure><figure class='gallery-item'>\n\t\t\t<div class='gallery-icon landscape'>\n\t\t\t\t<a data-elementor-open-lightbox=\"yes\" data-elementor-lightbox-slideshow=\"aeecdf1\" data-elementor-lightbox-title=\"LICENCIATURA 2025 Instituto Alem\u00e1n de Puerto Montt_0064_DSC_3716\" data-e-action-hash=\"#elementor-action%3Aaction%3Dlightbox%26settings%3DeyJpZCI6NTI1NjQsInVybCI6Imh0dHBzOlwvXC9pYWxlbWFuLmNsXC93cC1jb250ZW50XC91cGxvYWRzXC8yMDI1XC8xMlwvTElDRU5DSUFUVVJBLTIwMjUtSW5zdGl0dXRvLUFsZW1hbi1kZS1QdWVydG8tTW9udHRfMDA2NF9EU0NfMzcxNi5qcGciLCJzbGlkZXNob3ciOiJhZWVjZGYxIn0%3D\" href='https:\/\/ialeman.cl\/wp-content\/uploads\/2025\/12\/LICENCIATURA-2025-Instituto-Aleman-de-Puerto-Montt_0064_DSC_3716.jpg'><img loading=\"lazy\" decoding=\"async\" width=\"1200\" height=\"801\" src=\"https:\/\/ialeman.cl\/wp-content\/uploads\/2025\/12\/LICENCIATURA-2025-Instituto-Aleman-de-Puerto-Montt_0064_DSC_3716.jpg\" class=\"attachment-full size-full\" alt=\"\" srcset=\"https:\/\/ialeman.cl\/wp-content\/uploads\/2025\/12\/LICENCIATURA-2025-Instituto-Aleman-de-Puerto-Montt_0064_DSC_3716.jpg 1200w, https:\/\/ialeman.cl\/wp-content\/uploads\/2025\/12\/LICENCIATURA-2025-Instituto-Aleman-de-Puerto-Montt_0064_DSC_3716-300x200.jpg 300w, https:\/\/ialeman.cl\/wp-content\/uploads\/2025\/12\/LICENCIATURA-2025-Instituto-Aleman-de-Puerto-Montt_0064_DSC_3716-1024x684.jpg 1024w, https:\/\/ialeman.cl\/wp-content\/uploads\/2025\/12\/LICENCIATURA-2025-Instituto-Aleman-de-Puerto-Montt_0064_DSC_3716-768x513.jpg 768w\" sizes=\"(max-width: 1200px) 100vw, 1200px\" \/><\/a>\n\t\t\t<\/div><\/figure><figure class='gallery-item'>\n\t\t\t<div class='gallery-icon landscape'>\n\t\t\t\t<a data-elementor-open-lightbox=\"yes\" data-elementor-lightbox-slideshow=\"aeecdf1\" data-elementor-lightbox-title=\"LICENCIATURA 2025 Instituto Alem\u00e1n de Puerto Montt_0065_DSC_3710\" data-e-action-hash=\"#elementor-action%3Aaction%3Dlightbox%26settings%3DeyJpZCI6NTI1NjUsInVybCI6Imh0dHBzOlwvXC9pYWxlbWFuLmNsXC93cC1jb250ZW50XC91cGxvYWRzXC8yMDI1XC8xMlwvTElDRU5DSUFUVVJBLTIwMjUtSW5zdGl0dXRvLUFsZW1hbi1kZS1QdWVydG8tTW9udHRfMDA2NV9EU0NfMzcxMC5qcGciLCJzbGlkZXNob3ciOiJhZWVjZGYxIn0%3D\" href='https:\/\/ialeman.cl\/wp-content\/uploads\/2025\/12\/LICENCIATURA-2025-Instituto-Aleman-de-Puerto-Montt_0065_DSC_3710.jpg'><img loading=\"lazy\" decoding=\"async\" width=\"1200\" height=\"801\" src=\"https:\/\/ialeman.cl\/wp-content\/uploads\/2025\/12\/LICENCIATURA-2025-Instituto-Aleman-de-Puerto-Montt_0065_DSC_3710.jpg\" class=\"attachment-full size-full\" alt=\"\" srcset=\"https:\/\/ialeman.cl\/wp-content\/uploads\/2025\/12\/LICENCIATURA-2025-Instituto-Aleman-de-Puerto-Montt_0065_DSC_3710.jpg 1200w, https:\/\/ialeman.cl\/wp-content\/uploads\/2025\/12\/LICENCIATURA-2025-Instituto-Aleman-de-Puerto-Montt_0065_DSC_3710-300x200.jpg 300w, https:\/\/ialeman.cl\/wp-content\/uploads\/2025\/12\/LICENCIATURA-2025-Instituto-Aleman-de-Puerto-Montt_0065_DSC_3710-1024x684.jpg 1024w, https:\/\/ialeman.cl\/wp-content\/uploads\/2025\/12\/LICENCIATURA-2025-Instituto-Aleman-de-Puerto-Montt_0065_DSC_3710-768x513.jpg 768w\" sizes=\"(max-width: 1200px) 100vw, 1200px\" \/><\/a>\n\t\t\t<\/div><\/figure><figure class='gallery-item'>\n\t\t\t<div class='gallery-icon landscape'>\n\t\t\t\t<a data-elementor-open-lightbox=\"yes\" data-elementor-lightbox-slideshow=\"aeecdf1\" data-elementor-lightbox-title=\"LICENCIATURA 2025 Instituto Alem\u00e1n de Puerto Montt_0066_Niveles 8\" data-e-action-hash=\"#elementor-action%3Aaction%3Dlightbox%26settings%3DeyJpZCI6NTI1NjYsInVybCI6Imh0dHBzOlwvXC9pYWxlbWFuLmNsXC93cC1jb250ZW50XC91cGxvYWRzXC8yMDI1XC8xMlwvTElDRU5DSUFUVVJBLTIwMjUtSW5zdGl0dXRvLUFsZW1hbi1kZS1QdWVydG8tTW9udHRfMDA2Nl9OaXZlbGVzLTguanBnIiwic2xpZGVzaG93IjoiYWVlY2RmMSJ9\" href='https:\/\/ialeman.cl\/wp-content\/uploads\/2025\/12\/LICENCIATURA-2025-Instituto-Aleman-de-Puerto-Montt_0066_Niveles-8.jpg'><img loading=\"lazy\" decoding=\"async\" width=\"1200\" height=\"801\" src=\"https:\/\/ialeman.cl\/wp-content\/uploads\/2025\/12\/LICENCIATURA-2025-Instituto-Aleman-de-Puerto-Montt_0066_Niveles-8.jpg\" class=\"attachment-full size-full\" alt=\"\" srcset=\"https:\/\/ialeman.cl\/wp-content\/uploads\/2025\/12\/LICENCIATURA-2025-Instituto-Aleman-de-Puerto-Montt_0066_Niveles-8.jpg 1200w, https:\/\/ialeman.cl\/wp-content\/uploads\/2025\/12\/LICENCIATURA-2025-Instituto-Aleman-de-Puerto-Montt_0066_Niveles-8-300x200.jpg 300w, https:\/\/ialeman.cl\/wp-content\/uploads\/2025\/12\/LICENCIATURA-2025-Instituto-Aleman-de-Puerto-Montt_0066_Niveles-8-1024x684.jpg 1024w, https:\/\/ialeman.cl\/wp-content\/uploads\/2025\/12\/LICENCIATURA-2025-Instituto-Aleman-de-Puerto-Montt_0066_Niveles-8-768x513.jpg 768w\" sizes=\"(max-width: 1200px) 100vw, 1200px\" \/><\/a>\n\t\t\t<\/div><\/figure><figure class='gallery-item'>\n\t\t\t<div class='gallery-icon landscape'>\n\t\t\t\t<a data-elementor-open-lightbox=\"yes\" data-elementor-lightbox-slideshow=\"aeecdf1\" data-elementor-lightbox-title=\"LICENCIATURA 2025 Instituto Alem\u00e1n de Puerto Montt_0067_DSC_3683\" data-e-action-hash=\"#elementor-action%3Aaction%3Dlightbox%26settings%3DeyJpZCI6NTI1NjcsInVybCI6Imh0dHBzOlwvXC9pYWxlbWFuLmNsXC93cC1jb250ZW50XC91cGxvYWRzXC8yMDI1XC8xMlwvTElDRU5DSUFUVVJBLTIwMjUtSW5zdGl0dXRvLUFsZW1hbi1kZS1QdWVydG8tTW9udHRfMDA2N19EU0NfMzY4My5qcGciLCJzbGlkZXNob3ciOiJhZWVjZGYxIn0%3D\" href='https:\/\/ialeman.cl\/wp-content\/uploads\/2025\/12\/LICENCIATURA-2025-Instituto-Aleman-de-Puerto-Montt_0067_DSC_3683.jpg'><img loading=\"lazy\" decoding=\"async\" width=\"1200\" height=\"801\" src=\"https:\/\/ialeman.cl\/wp-content\/uploads\/2025\/12\/LICENCIATURA-2025-Instituto-Aleman-de-Puerto-Montt_0067_DSC_3683.jpg\" class=\"attachment-full size-full\" alt=\"\" srcset=\"https:\/\/ialeman.cl\/wp-content\/uploads\/2025\/12\/LICENCIATURA-2025-Instituto-Aleman-de-Puerto-Montt_0067_DSC_3683.jpg 1200w, https:\/\/ialeman.cl\/wp-content\/uploads\/2025\/12\/LICENCIATURA-2025-Instituto-Aleman-de-Puerto-Montt_0067_DSC_3683-300x200.jpg 300w, https:\/\/ialeman.cl\/wp-content\/uploads\/2025\/12\/LICENCIATURA-2025-Instituto-Aleman-de-Puerto-Montt_0067_DSC_3683-1024x684.jpg 1024w, https:\/\/ialeman.cl\/wp-content\/uploads\/2025\/12\/LICENCIATURA-2025-Instituto-Aleman-de-Puerto-Montt_0067_DSC_3683-768x513.jpg 768w\" sizes=\"(max-width: 1200px) 100vw, 1200px\" \/><\/a>\n\t\t\t<\/div><\/figure><figure class='gallery-item'>\n\t\t\t<div class='gallery-icon landscape'>\n\t\t\t\t<a data-elementor-open-lightbox=\"yes\" data-elementor-lightbox-slideshow=\"aeecdf1\" data-elementor-lightbox-title=\"LICENCIATURA 2025 Instituto Alem\u00e1n de Puerto Montt_0068_DSC_3763\" data-e-action-hash=\"#elementor-action%3Aaction%3Dlightbox%26settings%3DeyJpZCI6NTI1NjgsInVybCI6Imh0dHBzOlwvXC9pYWxlbWFuLmNsXC93cC1jb250ZW50XC91cGxvYWRzXC8yMDI1XC8xMlwvTElDRU5DSUFUVVJBLTIwMjUtSW5zdGl0dXRvLUFsZW1hbi1kZS1QdWVydG8tTW9udHRfMDA2OF9EU0NfMzc2My5qcGciLCJzbGlkZXNob3ciOiJhZWVjZGYxIn0%3D\" href='https:\/\/ialeman.cl\/wp-content\/uploads\/2025\/12\/LICENCIATURA-2025-Instituto-Aleman-de-Puerto-Montt_0068_DSC_3763.jpg'><img loading=\"lazy\" decoding=\"async\" width=\"1200\" height=\"801\" src=\"https:\/\/ialeman.cl\/wp-content\/uploads\/2025\/12\/LICENCIATURA-2025-Instituto-Aleman-de-Puerto-Montt_0068_DSC_3763.jpg\" class=\"attachment-full size-full\" alt=\"\" srcset=\"https:\/\/ialeman.cl\/wp-content\/uploads\/2025\/12\/LICENCIATURA-2025-Instituto-Aleman-de-Puerto-Montt_0068_DSC_3763.jpg 1200w, https:\/\/ialeman.cl\/wp-content\/uploads\/2025\/12\/LICENCIATURA-2025-Instituto-Aleman-de-Puerto-Montt_0068_DSC_3763-300x200.jpg 300w, https:\/\/ialeman.cl\/wp-content\/uploads\/2025\/12\/LICENCIATURA-2025-Instituto-Aleman-de-Puerto-Montt_0068_DSC_3763-1024x684.jpg 1024w, https:\/\/ialeman.cl\/wp-content\/uploads\/2025\/12\/LICENCIATURA-2025-Instituto-Aleman-de-Puerto-Montt_0068_DSC_3763-768x513.jpg 768w\" sizes=\"(max-width: 1200px) 100vw, 1200px\" \/><\/a>\n\t\t\t<\/div><\/figure><figure class='gallery-item'>\n\t\t\t<div class='gallery-icon landscape'>\n\t\t\t\t<a data-elementor-open-lightbox=\"yes\" data-elementor-lightbox-slideshow=\"aeecdf1\" data-elementor-lightbox-title=\"LICENCIATURA 2025 Instituto Alem\u00e1n de Puerto Montt_0069_DSC_3674\" data-e-action-hash=\"#elementor-action%3Aaction%3Dlightbox%26settings%3DeyJpZCI6NTI1NjksInVybCI6Imh0dHBzOlwvXC9pYWxlbWFuLmNsXC93cC1jb250ZW50XC91cGxvYWRzXC8yMDI1XC8xMlwvTElDRU5DSUFUVVJBLTIwMjUtSW5zdGl0dXRvLUFsZW1hbi1kZS1QdWVydG8tTW9udHRfMDA2OV9EU0NfMzY3NC5qcGciLCJzbGlkZXNob3ciOiJhZWVjZGYxIn0%3D\" href='https:\/\/ialeman.cl\/wp-content\/uploads\/2025\/12\/LICENCIATURA-2025-Instituto-Aleman-de-Puerto-Montt_0069_DSC_3674.jpg'><img loading=\"lazy\" decoding=\"async\" width=\"1200\" height=\"801\" src=\"https:\/\/ialeman.cl\/wp-content\/uploads\/2025\/12\/LICENCIATURA-2025-Instituto-Aleman-de-Puerto-Montt_0069_DSC_3674.jpg\" class=\"attachment-full size-full\" alt=\"\" srcset=\"https:\/\/ialeman.cl\/wp-content\/uploads\/2025\/12\/LICENCIATURA-2025-Instituto-Aleman-de-Puerto-Montt_0069_DSC_3674.jpg 1200w, https:\/\/ialeman.cl\/wp-content\/uploads\/2025\/12\/LICENCIATURA-2025-Instituto-Aleman-de-Puerto-Montt_0069_DSC_3674-300x200.jpg 300w, https:\/\/ialeman.cl\/wp-content\/uploads\/2025\/12\/LICENCIATURA-2025-Instituto-Aleman-de-Puerto-Montt_0069_DSC_3674-1024x684.jpg 1024w, https:\/\/ialeman.cl\/wp-content\/uploads\/2025\/12\/LICENCIATURA-2025-Instituto-Aleman-de-Puerto-Montt_0069_DSC_3674-768x513.jpg 768w\" sizes=\"(max-width: 1200px) 100vw, 1200px\" \/><\/a>\n\t\t\t<\/div><\/figure><figure class='gallery-item'>\n\t\t\t<div class='gallery-icon landscape'>\n\t\t\t\t<a data-elementor-open-lightbox=\"yes\" data-elementor-lightbox-slideshow=\"aeecdf1\" data-elementor-lightbox-title=\"LICENCIATURA 2025 Instituto Alem\u00e1n de Puerto Montt_0070_DSC_3664\" data-e-action-hash=\"#elementor-action%3Aaction%3Dlightbox%26settings%3DeyJpZCI6NTI1NzAsInVybCI6Imh0dHBzOlwvXC9pYWxlbWFuLmNsXC93cC1jb250ZW50XC91cGxvYWRzXC8yMDI1XC8xMlwvTElDRU5DSUFUVVJBLTIwMjUtSW5zdGl0dXRvLUFsZW1hbi1kZS1QdWVydG8tTW9udHRfMDA3MF9EU0NfMzY2NC5qcGciLCJzbGlkZXNob3ciOiJhZWVjZGYxIn0%3D\" href='https:\/\/ialeman.cl\/wp-content\/uploads\/2025\/12\/LICENCIATURA-2025-Instituto-Aleman-de-Puerto-Montt_0070_DSC_3664.jpg'><img loading=\"lazy\" decoding=\"async\" width=\"1200\" height=\"801\" src=\"https:\/\/ialeman.cl\/wp-content\/uploads\/2025\/12\/LICENCIATURA-2025-Instituto-Aleman-de-Puerto-Montt_0070_DSC_3664.jpg\" class=\"attachment-full size-full\" alt=\"\" srcset=\"https:\/\/ialeman.cl\/wp-content\/uploads\/2025\/12\/LICENCIATURA-2025-Instituto-Aleman-de-Puerto-Montt_0070_DSC_3664.jpg 1200w, https:\/\/ialeman.cl\/wp-content\/uploads\/2025\/12\/LICENCIATURA-2025-Instituto-Aleman-de-Puerto-Montt_0070_DSC_3664-300x200.jpg 300w, https:\/\/ialeman.cl\/wp-content\/uploads\/2025\/12\/LICENCIATURA-2025-Instituto-Aleman-de-Puerto-Montt_0070_DSC_3664-1024x684.jpg 1024w, https:\/\/ialeman.cl\/wp-content\/uploads\/2025\/12\/LICENCIATURA-2025-Instituto-Aleman-de-Puerto-Montt_0070_DSC_3664-768x513.jpg 768w\" sizes=\"(max-width: 1200px) 100vw, 1200px\" \/><\/a>\n\t\t\t<\/div><\/figure><figure class='gallery-item'>\n\t\t\t<div class='gallery-icon landscape'>\n\t\t\t\t<a data-elementor-open-lightbox=\"yes\" data-elementor-lightbox-slideshow=\"aeecdf1\" data-elementor-lightbox-title=\"LICENCIATURA 2025 Instituto Alem\u00e1n de Puerto Montt_0071_Brillo_contraste 1\" data-e-action-hash=\"#elementor-action%3Aaction%3Dlightbox%26settings%3DeyJpZCI6NTI1NzEsInVybCI6Imh0dHBzOlwvXC9pYWxlbWFuLmNsXC93cC1jb250ZW50XC91cGxvYWRzXC8yMDI1XC8xMlwvTElDRU5DSUFUVVJBLTIwMjUtSW5zdGl0dXRvLUFsZW1hbi1kZS1QdWVydG8tTW9udHRfMDA3MV9CcmlsbG9fY29udHJhc3RlLTEuanBnIiwic2xpZGVzaG93IjoiYWVlY2RmMSJ9\" href='https:\/\/ialeman.cl\/wp-content\/uploads\/2025\/12\/LICENCIATURA-2025-Instituto-Aleman-de-Puerto-Montt_0071_Brillo_contraste-1.jpg'><img loading=\"lazy\" decoding=\"async\" width=\"1200\" height=\"801\" src=\"https:\/\/ialeman.cl\/wp-content\/uploads\/2025\/12\/LICENCIATURA-2025-Instituto-Aleman-de-Puerto-Montt_0071_Brillo_contraste-1.jpg\" class=\"attachment-full size-full\" alt=\"\" srcset=\"https:\/\/ialeman.cl\/wp-content\/uploads\/2025\/12\/LICENCIATURA-2025-Instituto-Aleman-de-Puerto-Montt_0071_Brillo_contraste-1.jpg 1200w, https:\/\/ialeman.cl\/wp-content\/uploads\/2025\/12\/LICENCIATURA-2025-Instituto-Aleman-de-Puerto-Montt_0071_Brillo_contraste-1-300x200.jpg 300w, https:\/\/ialeman.cl\/wp-content\/uploads\/2025\/12\/LICENCIATURA-2025-Instituto-Aleman-de-Puerto-Montt_0071_Brillo_contraste-1-1024x684.jpg 1024w, https:\/\/ialeman.cl\/wp-content\/uploads\/2025\/12\/LICENCIATURA-2025-Instituto-Aleman-de-Puerto-Montt_0071_Brillo_contraste-1-768x513.jpg 768w\" sizes=\"(max-width: 1200px) 100vw, 1200px\" \/><\/a>\n\t\t\t<\/div><\/figure><figure class='gallery-item'>\n\t\t\t<div class='gallery-icon landscape'>\n\t\t\t\t<a data-elementor-open-lightbox=\"yes\" data-elementor-lightbox-slideshow=\"aeecdf1\" data-elementor-lightbox-title=\"LICENCIATURA 2025 Instituto Alem\u00e1n de Puerto Montt_0072_DSC_3649\" data-e-action-hash=\"#elementor-action%3Aaction%3Dlightbox%26settings%3DeyJpZCI6NTI1NzIsInVybCI6Imh0dHBzOlwvXC9pYWxlbWFuLmNsXC93cC1jb250ZW50XC91cGxvYWRzXC8yMDI1XC8xMlwvTElDRU5DSUFUVVJBLTIwMjUtSW5zdGl0dXRvLUFsZW1hbi1kZS1QdWVydG8tTW9udHRfMDA3Ml9EU0NfMzY0OS5qcGciLCJzbGlkZXNob3ciOiJhZWVjZGYxIn0%3D\" href='https:\/\/ialeman.cl\/wp-content\/uploads\/2025\/12\/LICENCIATURA-2025-Instituto-Aleman-de-Puerto-Montt_0072_DSC_3649.jpg'><img loading=\"lazy\" decoding=\"async\" width=\"1200\" height=\"801\" src=\"https:\/\/ialeman.cl\/wp-content\/uploads\/2025\/12\/LICENCIATURA-2025-Instituto-Aleman-de-Puerto-Montt_0072_DSC_3649.jpg\" class=\"attachment-full size-full\" alt=\"\" srcset=\"https:\/\/ialeman.cl\/wp-content\/uploads\/2025\/12\/LICENCIATURA-2025-Instituto-Aleman-de-Puerto-Montt_0072_DSC_3649.jpg 1200w, https:\/\/ialeman.cl\/wp-content\/uploads\/2025\/12\/LICENCIATURA-2025-Instituto-Aleman-de-Puerto-Montt_0072_DSC_3649-300x200.jpg 300w, https:\/\/ialeman.cl\/wp-content\/uploads\/2025\/12\/LICENCIATURA-2025-Instituto-Aleman-de-Puerto-Montt_0072_DSC_3649-1024x684.jpg 1024w, https:\/\/ialeman.cl\/wp-content\/uploads\/2025\/12\/LICENCIATURA-2025-Instituto-Aleman-de-Puerto-Montt_0072_DSC_3649-768x513.jpg 768w\" sizes=\"(max-width: 1200px) 100vw, 1200px\" \/><\/a>\n\t\t\t<\/div><\/figure><figure class='gallery-item'>\n\t\t\t<div class='gallery-icon landscape'>\n\t\t\t\t<a data-elementor-open-lightbox=\"yes\" data-elementor-lightbox-slideshow=\"aeecdf1\" data-elementor-lightbox-title=\"LICENCIATURA 2025 Instituto Alem\u00e1n de Puerto Montt_0073_DSC_3636\" data-e-action-hash=\"#elementor-action%3Aaction%3Dlightbox%26settings%3DeyJpZCI6NTI1NzMsInVybCI6Imh0dHBzOlwvXC9pYWxlbWFuLmNsXC93cC1jb250ZW50XC91cGxvYWRzXC8yMDI1XC8xMlwvTElDRU5DSUFUVVJBLTIwMjUtSW5zdGl0dXRvLUFsZW1hbi1kZS1QdWVydG8tTW9udHRfMDA3M19EU0NfMzYzNi5qcGciLCJzbGlkZXNob3ciOiJhZWVjZGYxIn0%3D\" href='https:\/\/ialeman.cl\/wp-content\/uploads\/2025\/12\/LICENCIATURA-2025-Instituto-Aleman-de-Puerto-Montt_0073_DSC_3636.jpg'><img loading=\"lazy\" decoding=\"async\" width=\"1200\" height=\"801\" src=\"https:\/\/ialeman.cl\/wp-content\/uploads\/2025\/12\/LICENCIATURA-2025-Instituto-Aleman-de-Puerto-Montt_0073_DSC_3636.jpg\" class=\"attachment-full size-full\" alt=\"\" srcset=\"https:\/\/ialeman.cl\/wp-content\/uploads\/2025\/12\/LICENCIATURA-2025-Instituto-Aleman-de-Puerto-Montt_0073_DSC_3636.jpg 1200w, https:\/\/ialeman.cl\/wp-content\/uploads\/2025\/12\/LICENCIATURA-2025-Instituto-Aleman-de-Puerto-Montt_0073_DSC_3636-300x200.jpg 300w, https:\/\/ialeman.cl\/wp-content\/uploads\/2025\/12\/LICENCIATURA-2025-Instituto-Aleman-de-Puerto-Montt_0073_DSC_3636-1024x684.jpg 1024w, https:\/\/ialeman.cl\/wp-content\/uploads\/2025\/12\/LICENCIATURA-2025-Instituto-Aleman-de-Puerto-Montt_0073_DSC_3636-768x513.jpg 768w\" sizes=\"(max-width: 1200px) 100vw, 1200px\" \/><\/a>\n\t\t\t<\/div><\/figure><figure class='gallery-item'>\n\t\t\t<div class='gallery-icon landscape'>\n\t\t\t\t<a data-elementor-open-lightbox=\"yes\" data-elementor-lightbox-slideshow=\"aeecdf1\" data-elementor-lightbox-title=\"LICENCIATURA 2025 Instituto Alem\u00e1n de Puerto Montt_0074_DSC_3631\" data-e-action-hash=\"#elementor-action%3Aaction%3Dlightbox%26settings%3DeyJpZCI6NTI1NzQsInVybCI6Imh0dHBzOlwvXC9pYWxlbWFuLmNsXC93cC1jb250ZW50XC91cGxvYWRzXC8yMDI1XC8xMlwvTElDRU5DSUFUVVJBLTIwMjUtSW5zdGl0dXRvLUFsZW1hbi1kZS1QdWVydG8tTW9udHRfMDA3NF9EU0NfMzYzMS5qcGciLCJzbGlkZXNob3ciOiJhZWVjZGYxIn0%3D\" href='https:\/\/ialeman.cl\/wp-content\/uploads\/2025\/12\/LICENCIATURA-2025-Instituto-Aleman-de-Puerto-Montt_0074_DSC_3631.jpg'><img loading=\"lazy\" decoding=\"async\" width=\"1200\" height=\"801\" src=\"https:\/\/ialeman.cl\/wp-content\/uploads\/2025\/12\/LICENCIATURA-2025-Instituto-Aleman-de-Puerto-Montt_0074_DSC_3631.jpg\" class=\"attachment-full size-full\" alt=\"\" srcset=\"https:\/\/ialeman.cl\/wp-content\/uploads\/2025\/12\/LICENCIATURA-2025-Instituto-Aleman-de-Puerto-Montt_0074_DSC_3631.jpg 1200w, https:\/\/ialeman.cl\/wp-content\/uploads\/2025\/12\/LICENCIATURA-2025-Instituto-Aleman-de-Puerto-Montt_0074_DSC_3631-300x200.jpg 300w, https:\/\/ialeman.cl\/wp-content\/uploads\/2025\/12\/LICENCIATURA-2025-Instituto-Aleman-de-Puerto-Montt_0074_DSC_3631-1024x684.jpg 1024w, https:\/\/ialeman.cl\/wp-content\/uploads\/2025\/12\/LICENCIATURA-2025-Instituto-Aleman-de-Puerto-Montt_0074_DSC_3631-768x513.jpg 768w\" sizes=\"(max-width: 1200px) 100vw, 1200px\" \/><\/a>\n\t\t\t<\/div><\/figure><figure class='gallery-item'>\n\t\t\t<div class='gallery-icon landscape'>\n\t\t\t\t<a data-elementor-open-lightbox=\"yes\" data-elementor-lightbox-slideshow=\"aeecdf1\" data-elementor-lightbox-title=\"LICENCIATURA 2025 Instituto Alem\u00e1n de Puerto Montt_0075_DSC_3679\" data-e-action-hash=\"#elementor-action%3Aaction%3Dlightbox%26settings%3DeyJpZCI6NTI1NzUsInVybCI6Imh0dHBzOlwvXC9pYWxlbWFuLmNsXC93cC1jb250ZW50XC91cGxvYWRzXC8yMDI1XC8xMlwvTElDRU5DSUFUVVJBLTIwMjUtSW5zdGl0dXRvLUFsZW1hbi1kZS1QdWVydG8tTW9udHRfMDA3NV9EU0NfMzY3OS5qcGciLCJzbGlkZXNob3ciOiJhZWVjZGYxIn0%3D\" href='https:\/\/ialeman.cl\/wp-content\/uploads\/2025\/12\/LICENCIATURA-2025-Instituto-Aleman-de-Puerto-Montt_0075_DSC_3679.jpg'><img loading=\"lazy\" decoding=\"async\" width=\"1200\" height=\"801\" src=\"https:\/\/ialeman.cl\/wp-content\/uploads\/2025\/12\/LICENCIATURA-2025-Instituto-Aleman-de-Puerto-Montt_0075_DSC_3679.jpg\" class=\"attachment-full size-full\" alt=\"\" srcset=\"https:\/\/ialeman.cl\/wp-content\/uploads\/2025\/12\/LICENCIATURA-2025-Instituto-Aleman-de-Puerto-Montt_0075_DSC_3679.jpg 1200w, https:\/\/ialeman.cl\/wp-content\/uploads\/2025\/12\/LICENCIATURA-2025-Instituto-Aleman-de-Puerto-Montt_0075_DSC_3679-300x200.jpg 300w, https:\/\/ialeman.cl\/wp-content\/uploads\/2025\/12\/LICENCIATURA-2025-Instituto-Aleman-de-Puerto-Montt_0075_DSC_3679-1024x684.jpg 1024w, https:\/\/ialeman.cl\/wp-content\/uploads\/2025\/12\/LICENCIATURA-2025-Instituto-Aleman-de-Puerto-Montt_0075_DSC_3679-768x513.jpg 768w\" sizes=\"(max-width: 1200px) 100vw, 1200px\" \/><\/a>\n\t\t\t<\/div><\/figure><figure class='gallery-item'>\n\t\t\t<div class='gallery-icon landscape'>\n\t\t\t\t<a data-elementor-open-lightbox=\"yes\" data-elementor-lightbox-slideshow=\"aeecdf1\" data-elementor-lightbox-title=\"LICENCIATURA 2025 Instituto Alem\u00e1n de Puerto Montt_0076_DSC_3612\" data-e-action-hash=\"#elementor-action%3Aaction%3Dlightbox%26settings%3DeyJpZCI6NTI1NzYsInVybCI6Imh0dHBzOlwvXC9pYWxlbWFuLmNsXC93cC1jb250ZW50XC91cGxvYWRzXC8yMDI1XC8xMlwvTElDRU5DSUFUVVJBLTIwMjUtSW5zdGl0dXRvLUFsZW1hbi1kZS1QdWVydG8tTW9udHRfMDA3Nl9EU0NfMzYxMi5qcGciLCJzbGlkZXNob3ciOiJhZWVjZGYxIn0%3D\" href='https:\/\/ialeman.cl\/wp-content\/uploads\/2025\/12\/LICENCIATURA-2025-Instituto-Aleman-de-Puerto-Montt_0076_DSC_3612.jpg'><img loading=\"lazy\" decoding=\"async\" width=\"1200\" height=\"801\" src=\"https:\/\/ialeman.cl\/wp-content\/uploads\/2025\/12\/LICENCIATURA-2025-Instituto-Aleman-de-Puerto-Montt_0076_DSC_3612.jpg\" class=\"attachment-full size-full\" alt=\"\" srcset=\"https:\/\/ialeman.cl\/wp-content\/uploads\/2025\/12\/LICENCIATURA-2025-Instituto-Aleman-de-Puerto-Montt_0076_DSC_3612.jpg 1200w, https:\/\/ialeman.cl\/wp-content\/uploads\/2025\/12\/LICENCIATURA-2025-Instituto-Aleman-de-Puerto-Montt_0076_DSC_3612-300x200.jpg 300w, https:\/\/ialeman.cl\/wp-content\/uploads\/2025\/12\/LICENCIATURA-2025-Instituto-Aleman-de-Puerto-Montt_0076_DSC_3612-1024x684.jpg 1024w, https:\/\/ialeman.cl\/wp-content\/uploads\/2025\/12\/LICENCIATURA-2025-Instituto-Aleman-de-Puerto-Montt_0076_DSC_3612-768x513.jpg 768w\" sizes=\"(max-width: 1200px) 100vw, 1200px\" \/><\/a>\n\t\t\t<\/div><\/figure><figure class='gallery-item'>\n\t\t\t<div class='gallery-icon landscape'>\n\t\t\t\t<a data-elementor-open-lightbox=\"yes\" data-elementor-lightbox-slideshow=\"aeecdf1\" data-elementor-lightbox-title=\"LICENCIATURA 2025 Instituto Alem\u00e1n de Puerto Montt_0077_DSC_3602\" data-e-action-hash=\"#elementor-action%3Aaction%3Dlightbox%26settings%3DeyJpZCI6NTI1NzcsInVybCI6Imh0dHBzOlwvXC9pYWxlbWFuLmNsXC93cC1jb250ZW50XC91cGxvYWRzXC8yMDI1XC8xMlwvTElDRU5DSUFUVVJBLTIwMjUtSW5zdGl0dXRvLUFsZW1hbi1kZS1QdWVydG8tTW9udHRfMDA3N19EU0NfMzYwMi5qcGciLCJzbGlkZXNob3ciOiJhZWVjZGYxIn0%3D\" href='https:\/\/ialeman.cl\/wp-content\/uploads\/2025\/12\/LICENCIATURA-2025-Instituto-Aleman-de-Puerto-Montt_0077_DSC_3602.jpg'><img loading=\"lazy\" decoding=\"async\" width=\"1200\" height=\"801\" src=\"https:\/\/ialeman.cl\/wp-content\/uploads\/2025\/12\/LICENCIATURA-2025-Instituto-Aleman-de-Puerto-Montt_0077_DSC_3602.jpg\" class=\"attachment-full size-full\" alt=\"\" srcset=\"https:\/\/ialeman.cl\/wp-content\/uploads\/2025\/12\/LICENCIATURA-2025-Instituto-Aleman-de-Puerto-Montt_0077_DSC_3602.jpg 1200w, https:\/\/ialeman.cl\/wp-content\/uploads\/2025\/12\/LICENCIATURA-2025-Instituto-Aleman-de-Puerto-Montt_0077_DSC_3602-300x200.jpg 300w, https:\/\/ialeman.cl\/wp-content\/uploads\/2025\/12\/LICENCIATURA-2025-Instituto-Aleman-de-Puerto-Montt_0077_DSC_3602-1024x684.jpg 1024w, https:\/\/ialeman.cl\/wp-content\/uploads\/2025\/12\/LICENCIATURA-2025-Instituto-Aleman-de-Puerto-Montt_0077_DSC_3602-768x513.jpg 768w\" sizes=\"(max-width: 1200px) 100vw, 1200px\" \/><\/a>\n\t\t\t<\/div><\/figure><figure class='gallery-item'>\n\t\t\t<div class='gallery-icon landscape'>\n\t\t\t\t<a data-elementor-open-lightbox=\"yes\" data-elementor-lightbox-slideshow=\"aeecdf1\" data-elementor-lightbox-title=\"LICENCIATURA 2025 Instituto Alem\u00e1n de Puerto Montt_0078_Niveles 9\" data-e-action-hash=\"#elementor-action%3Aaction%3Dlightbox%26settings%3DeyJpZCI6NTI1NzgsInVybCI6Imh0dHBzOlwvXC9pYWxlbWFuLmNsXC93cC1jb250ZW50XC91cGxvYWRzXC8yMDI1XC8xMlwvTElDRU5DSUFUVVJBLTIwMjUtSW5zdGl0dXRvLUFsZW1hbi1kZS1QdWVydG8tTW9udHRfMDA3OF9OaXZlbGVzLTkuanBnIiwic2xpZGVzaG93IjoiYWVlY2RmMSJ9\" href='https:\/\/ialeman.cl\/wp-content\/uploads\/2025\/12\/LICENCIATURA-2025-Instituto-Aleman-de-Puerto-Montt_0078_Niveles-9.jpg'><img loading=\"lazy\" decoding=\"async\" width=\"1200\" height=\"801\" src=\"https:\/\/ialeman.cl\/wp-content\/uploads\/2025\/12\/LICENCIATURA-2025-Instituto-Aleman-de-Puerto-Montt_0078_Niveles-9.jpg\" class=\"attachment-full size-full\" alt=\"\" srcset=\"https:\/\/ialeman.cl\/wp-content\/uploads\/2025\/12\/LICENCIATURA-2025-Instituto-Aleman-de-Puerto-Montt_0078_Niveles-9.jpg 1200w, https:\/\/ialeman.cl\/wp-content\/uploads\/2025\/12\/LICENCIATURA-2025-Instituto-Aleman-de-Puerto-Montt_0078_Niveles-9-300x200.jpg 300w, https:\/\/ialeman.cl\/wp-content\/uploads\/2025\/12\/LICENCIATURA-2025-Instituto-Aleman-de-Puerto-Montt_0078_Niveles-9-1024x684.jpg 1024w, https:\/\/ialeman.cl\/wp-content\/uploads\/2025\/12\/LICENCIATURA-2025-Instituto-Aleman-de-Puerto-Montt_0078_Niveles-9-768x513.jpg 768w\" sizes=\"(max-width: 1200px) 100vw, 1200px\" \/><\/a>\n\t\t\t<\/div><\/figure><figure class='gallery-item'>\n\t\t\t<div class='gallery-icon landscape'>\n\t\t\t\t<a data-elementor-open-lightbox=\"yes\" data-elementor-lightbox-slideshow=\"aeecdf1\" data-elementor-lightbox-title=\"LICENCIATURA 2025 Instituto Alem\u00e1n de Puerto Montt_0079_DSC_3595\" data-e-action-hash=\"#elementor-action%3Aaction%3Dlightbox%26settings%3DeyJpZCI6NTI1NzksInVybCI6Imh0dHBzOlwvXC9pYWxlbWFuLmNsXC93cC1jb250ZW50XC91cGxvYWRzXC8yMDI1XC8xMlwvTElDRU5DSUFUVVJBLTIwMjUtSW5zdGl0dXRvLUFsZW1hbi1kZS1QdWVydG8tTW9udHRfMDA3OV9EU0NfMzU5NS5qcGciLCJzbGlkZXNob3ciOiJhZWVjZGYxIn0%3D\" href='https:\/\/ialeman.cl\/wp-content\/uploads\/2025\/12\/LICENCIATURA-2025-Instituto-Aleman-de-Puerto-Montt_0079_DSC_3595.jpg'><img loading=\"lazy\" decoding=\"async\" width=\"1200\" height=\"801\" src=\"https:\/\/ialeman.cl\/wp-content\/uploads\/2025\/12\/LICENCIATURA-2025-Instituto-Aleman-de-Puerto-Montt_0079_DSC_3595.jpg\" class=\"attachment-full size-full\" alt=\"\" srcset=\"https:\/\/ialeman.cl\/wp-content\/uploads\/2025\/12\/LICENCIATURA-2025-Instituto-Aleman-de-Puerto-Montt_0079_DSC_3595.jpg 1200w, https:\/\/ialeman.cl\/wp-content\/uploads\/2025\/12\/LICENCIATURA-2025-Instituto-Aleman-de-Puerto-Montt_0079_DSC_3595-300x200.jpg 300w, https:\/\/ialeman.cl\/wp-content\/uploads\/2025\/12\/LICENCIATURA-2025-Instituto-Aleman-de-Puerto-Montt_0079_DSC_3595-1024x684.jpg 1024w, https:\/\/ialeman.cl\/wp-content\/uploads\/2025\/12\/LICENCIATURA-2025-Instituto-Aleman-de-Puerto-Montt_0079_DSC_3595-768x513.jpg 768w\" sizes=\"(max-width: 1200px) 100vw, 1200px\" \/><\/a>\n\t\t\t<\/div><\/figure><figure class='gallery-item'>\n\t\t\t<div class='gallery-icon landscape'>\n\t\t\t\t<a data-elementor-open-lightbox=\"yes\" data-elementor-lightbox-slideshow=\"aeecdf1\" data-elementor-lightbox-title=\"LICENCIATURA 2025 Instituto Alem\u00e1n de Puerto Montt_0080_DSC_3623\" data-e-action-hash=\"#elementor-action%3Aaction%3Dlightbox%26settings%3DeyJpZCI6NTI1ODAsInVybCI6Imh0dHBzOlwvXC9pYWxlbWFuLmNsXC93cC1jb250ZW50XC91cGxvYWRzXC8yMDI1XC8xMlwvTElDRU5DSUFUVVJBLTIwMjUtSW5zdGl0dXRvLUFsZW1hbi1kZS1QdWVydG8tTW9udHRfMDA4MF9EU0NfMzYyMy5qcGciLCJzbGlkZXNob3ciOiJhZWVjZGYxIn0%3D\" href='https:\/\/ialeman.cl\/wp-content\/uploads\/2025\/12\/LICENCIATURA-2025-Instituto-Aleman-de-Puerto-Montt_0080_DSC_3623.jpg'><img loading=\"lazy\" decoding=\"async\" width=\"1200\" height=\"801\" src=\"https:\/\/ialeman.cl\/wp-content\/uploads\/2025\/12\/LICENCIATURA-2025-Instituto-Aleman-de-Puerto-Montt_0080_DSC_3623.jpg\" class=\"attachment-full size-full\" alt=\"\" srcset=\"https:\/\/ialeman.cl\/wp-content\/uploads\/2025\/12\/LICENCIATURA-2025-Instituto-Aleman-de-Puerto-Montt_0080_DSC_3623.jpg 1200w, https:\/\/ialeman.cl\/wp-content\/uploads\/2025\/12\/LICENCIATURA-2025-Instituto-Aleman-de-Puerto-Montt_0080_DSC_3623-300x200.jpg 300w, https:\/\/ialeman.cl\/wp-content\/uploads\/2025\/12\/LICENCIATURA-2025-Instituto-Aleman-de-Puerto-Montt_0080_DSC_3623-1024x684.jpg 1024w, https:\/\/ialeman.cl\/wp-content\/uploads\/2025\/12\/LICENCIATURA-2025-Instituto-Aleman-de-Puerto-Montt_0080_DSC_3623-768x513.jpg 768w\" sizes=\"(max-width: 1200px) 100vw, 1200px\" \/><\/a>\n\t\t\t<\/div><\/figure><figure class='gallery-item'>\n\t\t\t<div class='gallery-icon landscape'>\n\t\t\t\t<a data-elementor-open-lightbox=\"yes\" data-elementor-lightbox-slideshow=\"aeecdf1\" data-elementor-lightbox-title=\"LICENCIATURA 2025 Instituto Alem\u00e1n de Puerto Montt_0081_DSC_3583\" data-e-action-hash=\"#elementor-action%3Aaction%3Dlightbox%26settings%3DeyJpZCI6NTI1ODEsInVybCI6Imh0dHBzOlwvXC9pYWxlbWFuLmNsXC93cC1jb250ZW50XC91cGxvYWRzXC8yMDI1XC8xMlwvTElDRU5DSUFUVVJBLTIwMjUtSW5zdGl0dXRvLUFsZW1hbi1kZS1QdWVydG8tTW9udHRfMDA4MV9EU0NfMzU4My5qcGciLCJzbGlkZXNob3ciOiJhZWVjZGYxIn0%3D\" href='https:\/\/ialeman.cl\/wp-content\/uploads\/2025\/12\/LICENCIATURA-2025-Instituto-Aleman-de-Puerto-Montt_0081_DSC_3583.jpg'><img loading=\"lazy\" decoding=\"async\" width=\"1200\" height=\"801\" src=\"https:\/\/ialeman.cl\/wp-content\/uploads\/2025\/12\/LICENCIATURA-2025-Instituto-Aleman-de-Puerto-Montt_0081_DSC_3583.jpg\" class=\"attachment-full size-full\" alt=\"\" srcset=\"https:\/\/ialeman.cl\/wp-content\/uploads\/2025\/12\/LICENCIATURA-2025-Instituto-Aleman-de-Puerto-Montt_0081_DSC_3583.jpg 1200w, https:\/\/ialeman.cl\/wp-content\/uploads\/2025\/12\/LICENCIATURA-2025-Instituto-Aleman-de-Puerto-Montt_0081_DSC_3583-300x200.jpg 300w, https:\/\/ialeman.cl\/wp-content\/uploads\/2025\/12\/LICENCIATURA-2025-Instituto-Aleman-de-Puerto-Montt_0081_DSC_3583-1024x684.jpg 1024w, https:\/\/ialeman.cl\/wp-content\/uploads\/2025\/12\/LICENCIATURA-2025-Instituto-Aleman-de-Puerto-Montt_0081_DSC_3583-768x513.jpg 768w\" sizes=\"(max-width: 1200px) 100vw, 1200px\" \/><\/a>\n\t\t\t<\/div><\/figure><figure class='gallery-item'>\n\t\t\t<div class='gallery-icon landscape'>\n\t\t\t\t<a data-elementor-open-lightbox=\"yes\" data-elementor-lightbox-slideshow=\"aeecdf1\" data-elementor-lightbox-title=\"LICENCIATURA 2025 Instituto Alem\u00e1n de Puerto Montt_0082_Niveles 10\" data-e-action-hash=\"#elementor-action%3Aaction%3Dlightbox%26settings%3DeyJpZCI6NTI1ODIsInVybCI6Imh0dHBzOlwvXC9pYWxlbWFuLmNsXC93cC1jb250ZW50XC91cGxvYWRzXC8yMDI1XC8xMlwvTElDRU5DSUFUVVJBLTIwMjUtSW5zdGl0dXRvLUFsZW1hbi1kZS1QdWVydG8tTW9udHRfMDA4Ml9OaXZlbGVzLTEwLmpwZyIsInNsaWRlc2hvdyI6ImFlZWNkZjEifQ%3D%3D\" href='https:\/\/ialeman.cl\/wp-content\/uploads\/2025\/12\/LICENCIATURA-2025-Instituto-Aleman-de-Puerto-Montt_0082_Niveles-10.jpg'><img loading=\"lazy\" decoding=\"async\" width=\"1200\" height=\"801\" src=\"https:\/\/ialeman.cl\/wp-content\/uploads\/2025\/12\/LICENCIATURA-2025-Instituto-Aleman-de-Puerto-Montt_0082_Niveles-10.jpg\" class=\"attachment-full size-full\" alt=\"\" srcset=\"https:\/\/ialeman.cl\/wp-content\/uploads\/2025\/12\/LICENCIATURA-2025-Instituto-Aleman-de-Puerto-Montt_0082_Niveles-10.jpg 1200w, https:\/\/ialeman.cl\/wp-content\/uploads\/2025\/12\/LICENCIATURA-2025-Instituto-Aleman-de-Puerto-Montt_0082_Niveles-10-300x200.jpg 300w, https:\/\/ialeman.cl\/wp-content\/uploads\/2025\/12\/LICENCIATURA-2025-Instituto-Aleman-de-Puerto-Montt_0082_Niveles-10-1024x684.jpg 1024w, https:\/\/ialeman.cl\/wp-content\/uploads\/2025\/12\/LICENCIATURA-2025-Instituto-Aleman-de-Puerto-Montt_0082_Niveles-10-768x513.jpg 768w\" sizes=\"(max-width: 1200px) 100vw, 1200px\" \/><\/a>\n\t\t\t<\/div><\/figure><figure class='gallery-item'>\n\t\t\t<div class='gallery-icon landscape'>\n\t\t\t\t<a data-elementor-open-lightbox=\"yes\" data-elementor-lightbox-slideshow=\"aeecdf1\" data-elementor-lightbox-title=\"LICENCIATURA 2025 Instituto Alem\u00e1n de Puerto Montt_0083_DSC_3577\" data-e-action-hash=\"#elementor-action%3Aaction%3Dlightbox%26settings%3DeyJpZCI6NTI1ODMsInVybCI6Imh0dHBzOlwvXC9pYWxlbWFuLmNsXC93cC1jb250ZW50XC91cGxvYWRzXC8yMDI1XC8xMlwvTElDRU5DSUFUVVJBLTIwMjUtSW5zdGl0dXRvLUFsZW1hbi1kZS1QdWVydG8tTW9udHRfMDA4M19EU0NfMzU3Ny5qcGciLCJzbGlkZXNob3ciOiJhZWVjZGYxIn0%3D\" href='https:\/\/ialeman.cl\/wp-content\/uploads\/2025\/12\/LICENCIATURA-2025-Instituto-Aleman-de-Puerto-Montt_0083_DSC_3577.jpg'><img loading=\"lazy\" decoding=\"async\" width=\"1200\" height=\"801\" src=\"https:\/\/ialeman.cl\/wp-content\/uploads\/2025\/12\/LICENCIATURA-2025-Instituto-Aleman-de-Puerto-Montt_0083_DSC_3577.jpg\" class=\"attachment-full size-full\" alt=\"\" srcset=\"https:\/\/ialeman.cl\/wp-content\/uploads\/2025\/12\/LICENCIATURA-2025-Instituto-Aleman-de-Puerto-Montt_0083_DSC_3577.jpg 1200w, https:\/\/ialeman.cl\/wp-content\/uploads\/2025\/12\/LICENCIATURA-2025-Instituto-Aleman-de-Puerto-Montt_0083_DSC_3577-300x200.jpg 300w, https:\/\/ialeman.cl\/wp-content\/uploads\/2025\/12\/LICENCIATURA-2025-Instituto-Aleman-de-Puerto-Montt_0083_DSC_3577-1024x684.jpg 1024w, https:\/\/ialeman.cl\/wp-content\/uploads\/2025\/12\/LICENCIATURA-2025-Instituto-Aleman-de-Puerto-Montt_0083_DSC_3577-768x513.jpg 768w\" sizes=\"(max-width: 1200px) 100vw, 1200px\" \/><\/a>\n\t\t\t<\/div><\/figure><figure class='gallery-item'>\n\t\t\t<div class='gallery-icon landscape'>\n\t\t\t\t<a data-elementor-open-lightbox=\"yes\" data-elementor-lightbox-slideshow=\"aeecdf1\" data-elementor-lightbox-title=\"LICENCIATURA 2025 Instituto Alem\u00e1n de Puerto Montt_0084_DSC_3590\" data-e-action-hash=\"#elementor-action%3Aaction%3Dlightbox%26settings%3DeyJpZCI6NTI1ODQsInVybCI6Imh0dHBzOlwvXC9pYWxlbWFuLmNsXC93cC1jb250ZW50XC91cGxvYWRzXC8yMDI1XC8xMlwvTElDRU5DSUFUVVJBLTIwMjUtSW5zdGl0dXRvLUFsZW1hbi1kZS1QdWVydG8tTW9udHRfMDA4NF9EU0NfMzU5MC5qcGciLCJzbGlkZXNob3ciOiJhZWVjZGYxIn0%3D\" href='https:\/\/ialeman.cl\/wp-content\/uploads\/2025\/12\/LICENCIATURA-2025-Instituto-Aleman-de-Puerto-Montt_0084_DSC_3590.jpg'><img loading=\"lazy\" decoding=\"async\" width=\"1200\" height=\"801\" src=\"https:\/\/ialeman.cl\/wp-content\/uploads\/2025\/12\/LICENCIATURA-2025-Instituto-Aleman-de-Puerto-Montt_0084_DSC_3590.jpg\" class=\"attachment-full size-full\" alt=\"\" srcset=\"https:\/\/ialeman.cl\/wp-content\/uploads\/2025\/12\/LICENCIATURA-2025-Instituto-Aleman-de-Puerto-Montt_0084_DSC_3590.jpg 1200w, https:\/\/ialeman.cl\/wp-content\/uploads\/2025\/12\/LICENCIATURA-2025-Instituto-Aleman-de-Puerto-Montt_0084_DSC_3590-300x200.jpg 300w, https:\/\/ialeman.cl\/wp-content\/uploads\/2025\/12\/LICENCIATURA-2025-Instituto-Aleman-de-Puerto-Montt_0084_DSC_3590-1024x684.jpg 1024w, https:\/\/ialeman.cl\/wp-content\/uploads\/2025\/12\/LICENCIATURA-2025-Instituto-Aleman-de-Puerto-Montt_0084_DSC_3590-768x513.jpg 768w\" sizes=\"(max-width: 1200px) 100vw, 1200px\" \/><\/a>\n\t\t\t<\/div><\/figure><figure class='gallery-item'>\n\t\t\t<div class='gallery-icon landscape'>\n\t\t\t\t<a data-elementor-open-lightbox=\"yes\" data-elementor-lightbox-slideshow=\"aeecdf1\" data-elementor-lightbox-title=\"LICENCIATURA 2025 Instituto Alem\u00e1n de Puerto Montt_0085_DSC_3565\" data-e-action-hash=\"#elementor-action%3Aaction%3Dlightbox%26settings%3DeyJpZCI6NTI1ODUsInVybCI6Imh0dHBzOlwvXC9pYWxlbWFuLmNsXC93cC1jb250ZW50XC91cGxvYWRzXC8yMDI1XC8xMlwvTElDRU5DSUFUVVJBLTIwMjUtSW5zdGl0dXRvLUFsZW1hbi1kZS1QdWVydG8tTW9udHRfMDA4NV9EU0NfMzU2NS5qcGciLCJzbGlkZXNob3ciOiJhZWVjZGYxIn0%3D\" href='https:\/\/ialeman.cl\/wp-content\/uploads\/2025\/12\/LICENCIATURA-2025-Instituto-Aleman-de-Puerto-Montt_0085_DSC_3565.jpg'><img loading=\"lazy\" decoding=\"async\" width=\"1200\" height=\"801\" src=\"https:\/\/ialeman.cl\/wp-content\/uploads\/2025\/12\/LICENCIATURA-2025-Instituto-Aleman-de-Puerto-Montt_0085_DSC_3565.jpg\" class=\"attachment-full size-full\" alt=\"\" srcset=\"https:\/\/ialeman.cl\/wp-content\/uploads\/2025\/12\/LICENCIATURA-2025-Instituto-Aleman-de-Puerto-Montt_0085_DSC_3565.jpg 1200w, https:\/\/ialeman.cl\/wp-content\/uploads\/2025\/12\/LICENCIATURA-2025-Instituto-Aleman-de-Puerto-Montt_0085_DSC_3565-300x200.jpg 300w, https:\/\/ialeman.cl\/wp-content\/uploads\/2025\/12\/LICENCIATURA-2025-Instituto-Aleman-de-Puerto-Montt_0085_DSC_3565-1024x684.jpg 1024w, https:\/\/ialeman.cl\/wp-content\/uploads\/2025\/12\/LICENCIATURA-2025-Instituto-Aleman-de-Puerto-Montt_0085_DSC_3565-768x513.jpg 768w\" sizes=\"(max-width: 1200px) 100vw, 1200px\" \/><\/a>\n\t\t\t<\/div><\/figure><figure class='gallery-item'>\n\t\t\t<div class='gallery-icon landscape'>\n\t\t\t\t<a data-elementor-open-lightbox=\"yes\" data-elementor-lightbox-slideshow=\"aeecdf1\" data-elementor-lightbox-title=\"LICENCIATURA 2025 Instituto Alem\u00e1n de Puerto Montt_0086_Brillo_contraste 2\" data-e-action-hash=\"#elementor-action%3Aaction%3Dlightbox%26settings%3DeyJpZCI6NTI1ODYsInVybCI6Imh0dHBzOlwvXC9pYWxlbWFuLmNsXC93cC1jb250ZW50XC91cGxvYWRzXC8yMDI1XC8xMlwvTElDRU5DSUFUVVJBLTIwMjUtSW5zdGl0dXRvLUFsZW1hbi1kZS1QdWVydG8tTW9udHRfMDA4Nl9CcmlsbG9fY29udHJhc3RlLTIuanBnIiwic2xpZGVzaG93IjoiYWVlY2RmMSJ9\" href='https:\/\/ialeman.cl\/wp-content\/uploads\/2025\/12\/LICENCIATURA-2025-Instituto-Aleman-de-Puerto-Montt_0086_Brillo_contraste-2.jpg'><img loading=\"lazy\" decoding=\"async\" width=\"1200\" height=\"801\" src=\"https:\/\/ialeman.cl\/wp-content\/uploads\/2025\/12\/LICENCIATURA-2025-Instituto-Aleman-de-Puerto-Montt_0086_Brillo_contraste-2.jpg\" class=\"attachment-full size-full\" alt=\"\" srcset=\"https:\/\/ialeman.cl\/wp-content\/uploads\/2025\/12\/LICENCIATURA-2025-Instituto-Aleman-de-Puerto-Montt_0086_Brillo_contraste-2.jpg 1200w, https:\/\/ialeman.cl\/wp-content\/uploads\/2025\/12\/LICENCIATURA-2025-Instituto-Aleman-de-Puerto-Montt_0086_Brillo_contraste-2-300x200.jpg 300w, https:\/\/ialeman.cl\/wp-content\/uploads\/2025\/12\/LICENCIATURA-2025-Instituto-Aleman-de-Puerto-Montt_0086_Brillo_contraste-2-1024x684.jpg 1024w, https:\/\/ialeman.cl\/wp-content\/uploads\/2025\/12\/LICENCIATURA-2025-Instituto-Aleman-de-Puerto-Montt_0086_Brillo_contraste-2-768x513.jpg 768w\" sizes=\"(max-width: 1200px) 100vw, 1200px\" \/><\/a>\n\t\t\t<\/div><\/figure><figure class='gallery-item'>\n\t\t\t<div class='gallery-icon landscape'>\n\t\t\t\t<a data-elementor-open-lightbox=\"yes\" data-elementor-lightbox-slideshow=\"aeecdf1\" data-elementor-lightbox-title=\"LICENCIATURA 2025 Instituto Alem\u00e1n de Puerto Montt_0087_DSC_3559\" data-e-action-hash=\"#elementor-action%3Aaction%3Dlightbox%26settings%3DeyJpZCI6NTI1ODcsInVybCI6Imh0dHBzOlwvXC9pYWxlbWFuLmNsXC93cC1jb250ZW50XC91cGxvYWRzXC8yMDI1XC8xMlwvTElDRU5DSUFUVVJBLTIwMjUtSW5zdGl0dXRvLUFsZW1hbi1kZS1QdWVydG8tTW9udHRfMDA4N19EU0NfMzU1OS5qcGciLCJzbGlkZXNob3ciOiJhZWVjZGYxIn0%3D\" href='https:\/\/ialeman.cl\/wp-content\/uploads\/2025\/12\/LICENCIATURA-2025-Instituto-Aleman-de-Puerto-Montt_0087_DSC_3559.jpg'><img loading=\"lazy\" decoding=\"async\" width=\"1200\" height=\"801\" src=\"https:\/\/ialeman.cl\/wp-content\/uploads\/2025\/12\/LICENCIATURA-2025-Instituto-Aleman-de-Puerto-Montt_0087_DSC_3559.jpg\" class=\"attachment-full size-full\" alt=\"\" srcset=\"https:\/\/ialeman.cl\/wp-content\/uploads\/2025\/12\/LICENCIATURA-2025-Instituto-Aleman-de-Puerto-Montt_0087_DSC_3559.jpg 1200w, https:\/\/ialeman.cl\/wp-content\/uploads\/2025\/12\/LICENCIATURA-2025-Instituto-Aleman-de-Puerto-Montt_0087_DSC_3559-300x200.jpg 300w, https:\/\/ialeman.cl\/wp-content\/uploads\/2025\/12\/LICENCIATURA-2025-Instituto-Aleman-de-Puerto-Montt_0087_DSC_3559-1024x684.jpg 1024w, https:\/\/ialeman.cl\/wp-content\/uploads\/2025\/12\/LICENCIATURA-2025-Instituto-Aleman-de-Puerto-Montt_0087_DSC_3559-768x513.jpg 768w\" sizes=\"(max-width: 1200px) 100vw, 1200px\" \/><\/a>\n\t\t\t<\/div><\/figure><figure class='gallery-item'>\n\t\t\t<div class='gallery-icon landscape'>\n\t\t\t\t<a data-elementor-open-lightbox=\"yes\" data-elementor-lightbox-slideshow=\"aeecdf1\" data-elementor-lightbox-title=\"LICENCIATURA 2025 Instituto Alem\u00e1n de Puerto Montt_0088_DSC_3539\" data-e-action-hash=\"#elementor-action%3Aaction%3Dlightbox%26settings%3DeyJpZCI6NTI1ODgsInVybCI6Imh0dHBzOlwvXC9pYWxlbWFuLmNsXC93cC1jb250ZW50XC91cGxvYWRzXC8yMDI1XC8xMlwvTElDRU5DSUFUVVJBLTIwMjUtSW5zdGl0dXRvLUFsZW1hbi1kZS1QdWVydG8tTW9udHRfMDA4OF9EU0NfMzUzOS5qcGciLCJzbGlkZXNob3ciOiJhZWVjZGYxIn0%3D\" href='https:\/\/ialeman.cl\/wp-content\/uploads\/2025\/12\/LICENCIATURA-2025-Instituto-Aleman-de-Puerto-Montt_0088_DSC_3539.jpg'><img loading=\"lazy\" decoding=\"async\" width=\"1200\" height=\"801\" src=\"https:\/\/ialeman.cl\/wp-content\/uploads\/2025\/12\/LICENCIATURA-2025-Instituto-Aleman-de-Puerto-Montt_0088_DSC_3539.jpg\" class=\"attachment-full size-full\" alt=\"\" srcset=\"https:\/\/ialeman.cl\/wp-content\/uploads\/2025\/12\/LICENCIATURA-2025-Instituto-Aleman-de-Puerto-Montt_0088_DSC_3539.jpg 1200w, https:\/\/ialeman.cl\/wp-content\/uploads\/2025\/12\/LICENCIATURA-2025-Instituto-Aleman-de-Puerto-Montt_0088_DSC_3539-300x200.jpg 300w, https:\/\/ialeman.cl\/wp-content\/uploads\/2025\/12\/LICENCIATURA-2025-Instituto-Aleman-de-Puerto-Montt_0088_DSC_3539-1024x684.jpg 1024w, https:\/\/ialeman.cl\/wp-content\/uploads\/2025\/12\/LICENCIATURA-2025-Instituto-Aleman-de-Puerto-Montt_0088_DSC_3539-768x513.jpg 768w\" sizes=\"(max-width: 1200px) 100vw, 1200px\" \/><\/a>\n\t\t\t<\/div><\/figure><figure class='gallery-item'>\n\t\t\t<div class='gallery-icon landscape'>\n\t\t\t\t<a data-elementor-open-lightbox=\"yes\" data-elementor-lightbox-slideshow=\"aeecdf1\" data-elementor-lightbox-title=\"LICENCIATURA 2025 Instituto Alem\u00e1n de Puerto Montt_0089_Niveles 11\" data-e-action-hash=\"#elementor-action%3Aaction%3Dlightbox%26settings%3DeyJpZCI6NTI1ODksInVybCI6Imh0dHBzOlwvXC9pYWxlbWFuLmNsXC93cC1jb250ZW50XC91cGxvYWRzXC8yMDI1XC8xMlwvTElDRU5DSUFUVVJBLTIwMjUtSW5zdGl0dXRvLUFsZW1hbi1kZS1QdWVydG8tTW9udHRfMDA4OV9OaXZlbGVzLTExLmpwZyIsInNsaWRlc2hvdyI6ImFlZWNkZjEifQ%3D%3D\" href='https:\/\/ialeman.cl\/wp-content\/uploads\/2025\/12\/LICENCIATURA-2025-Instituto-Aleman-de-Puerto-Montt_0089_Niveles-11.jpg'><img loading=\"lazy\" decoding=\"async\" width=\"1200\" height=\"801\" src=\"https:\/\/ialeman.cl\/wp-content\/uploads\/2025\/12\/LICENCIATURA-2025-Instituto-Aleman-de-Puerto-Montt_0089_Niveles-11.jpg\" class=\"attachment-full size-full\" alt=\"\" srcset=\"https:\/\/ialeman.cl\/wp-content\/uploads\/2025\/12\/LICENCIATURA-2025-Instituto-Aleman-de-Puerto-Montt_0089_Niveles-11.jpg 1200w, https:\/\/ialeman.cl\/wp-content\/uploads\/2025\/12\/LICENCIATURA-2025-Instituto-Aleman-de-Puerto-Montt_0089_Niveles-11-300x200.jpg 300w, https:\/\/ialeman.cl\/wp-content\/uploads\/2025\/12\/LICENCIATURA-2025-Instituto-Aleman-de-Puerto-Montt_0089_Niveles-11-1024x684.jpg 1024w, https:\/\/ialeman.cl\/wp-content\/uploads\/2025\/12\/LICENCIATURA-2025-Instituto-Aleman-de-Puerto-Montt_0089_Niveles-11-768x513.jpg 768w\" sizes=\"(max-width: 1200px) 100vw, 1200px\" \/><\/a>\n\t\t\t<\/div><\/figure><figure class='gallery-item'>\n\t\t\t<div class='gallery-icon landscape'>\n\t\t\t\t<a data-elementor-open-lightbox=\"yes\" data-elementor-lightbox-slideshow=\"aeecdf1\" data-elementor-lightbox-title=\"LICENCIATURA 2025 Instituto Alem\u00e1n de Puerto Montt_0090_DSC_3527\" data-e-action-hash=\"#elementor-action%3Aaction%3Dlightbox%26settings%3DeyJpZCI6NTI1OTAsInVybCI6Imh0dHBzOlwvXC9pYWxlbWFuLmNsXC93cC1jb250ZW50XC91cGxvYWRzXC8yMDI1XC8xMlwvTElDRU5DSUFUVVJBLTIwMjUtSW5zdGl0dXRvLUFsZW1hbi1kZS1QdWVydG8tTW9udHRfMDA5MF9EU0NfMzUyNy5qcGciLCJzbGlkZXNob3ciOiJhZWVjZGYxIn0%3D\" href='https:\/\/ialeman.cl\/wp-content\/uploads\/2025\/12\/LICENCIATURA-2025-Instituto-Aleman-de-Puerto-Montt_0090_DSC_3527.jpg'><img loading=\"lazy\" decoding=\"async\" width=\"1200\" height=\"801\" src=\"https:\/\/ialeman.cl\/wp-content\/uploads\/2025\/12\/LICENCIATURA-2025-Instituto-Aleman-de-Puerto-Montt_0090_DSC_3527.jpg\" class=\"attachment-full size-full\" alt=\"\" srcset=\"https:\/\/ialeman.cl\/wp-content\/uploads\/2025\/12\/LICENCIATURA-2025-Instituto-Aleman-de-Puerto-Montt_0090_DSC_3527.jpg 1200w, https:\/\/ialeman.cl\/wp-content\/uploads\/2025\/12\/LICENCIATURA-2025-Instituto-Aleman-de-Puerto-Montt_0090_DSC_3527-300x200.jpg 300w, https:\/\/ialeman.cl\/wp-content\/uploads\/2025\/12\/LICENCIATURA-2025-Instituto-Aleman-de-Puerto-Montt_0090_DSC_3527-1024x684.jpg 1024w, https:\/\/ialeman.cl\/wp-content\/uploads\/2025\/12\/LICENCIATURA-2025-Instituto-Aleman-de-Puerto-Montt_0090_DSC_3527-768x513.jpg 768w\" sizes=\"(max-width: 1200px) 100vw, 1200px\" \/><\/a>\n\t\t\t<\/div><\/figure><figure class='gallery-item'>\n\t\t\t<div class='gallery-icon landscape'>\n\t\t\t\t<a data-elementor-open-lightbox=\"yes\" data-elementor-lightbox-slideshow=\"aeecdf1\" data-elementor-lightbox-title=\"LICENCIATURA 2025 Instituto Alem\u00e1n de Puerto Montt_0091_Niveles 12\" data-e-action-hash=\"#elementor-action%3Aaction%3Dlightbox%26settings%3DeyJpZCI6NTI1OTEsInVybCI6Imh0dHBzOlwvXC9pYWxlbWFuLmNsXC93cC1jb250ZW50XC91cGxvYWRzXC8yMDI1XC8xMlwvTElDRU5DSUFUVVJBLTIwMjUtSW5zdGl0dXRvLUFsZW1hbi1kZS1QdWVydG8tTW9udHRfMDA5MV9OaXZlbGVzLTEyLmpwZyIsInNsaWRlc2hvdyI6ImFlZWNkZjEifQ%3D%3D\" href='https:\/\/ialeman.cl\/wp-content\/uploads\/2025\/12\/LICENCIATURA-2025-Instituto-Aleman-de-Puerto-Montt_0091_Niveles-12.jpg'><img loading=\"lazy\" decoding=\"async\" width=\"1200\" height=\"801\" src=\"https:\/\/ialeman.cl\/wp-content\/uploads\/2025\/12\/LICENCIATURA-2025-Instituto-Aleman-de-Puerto-Montt_0091_Niveles-12.jpg\" class=\"attachment-full size-full\" alt=\"\" srcset=\"https:\/\/ialeman.cl\/wp-content\/uploads\/2025\/12\/LICENCIATURA-2025-Instituto-Aleman-de-Puerto-Montt_0091_Niveles-12.jpg 1200w, https:\/\/ialeman.cl\/wp-content\/uploads\/2025\/12\/LICENCIATURA-2025-Instituto-Aleman-de-Puerto-Montt_0091_Niveles-12-300x200.jpg 300w, https:\/\/ialeman.cl\/wp-content\/uploads\/2025\/12\/LICENCIATURA-2025-Instituto-Aleman-de-Puerto-Montt_0091_Niveles-12-1024x684.jpg 1024w, https:\/\/ialeman.cl\/wp-content\/uploads\/2025\/12\/LICENCIATURA-2025-Instituto-Aleman-de-Puerto-Montt_0091_Niveles-12-768x513.jpg 768w\" sizes=\"(max-width: 1200px) 100vw, 1200px\" \/><\/a>\n\t\t\t<\/div><\/figure><figure class='gallery-item'>\n\t\t\t<div class='gallery-icon landscape'>\n\t\t\t\t<a data-elementor-open-lightbox=\"yes\" data-elementor-lightbox-slideshow=\"aeecdf1\" data-elementor-lightbox-title=\"LICENCIATURA 2025 Instituto Alem\u00e1n de Puerto Montt_0093_DSC_3469\" data-e-action-hash=\"#elementor-action%3Aaction%3Dlightbox%26settings%3DeyJpZCI6NTI1OTMsInVybCI6Imh0dHBzOlwvXC9pYWxlbWFuLmNsXC93cC1jb250ZW50XC91cGxvYWRzXC8yMDI1XC8xMlwvTElDRU5DSUFUVVJBLTIwMjUtSW5zdGl0dXRvLUFsZW1hbi1kZS1QdWVydG8tTW9udHRfMDA5M19EU0NfMzQ2OS5qcGciLCJzbGlkZXNob3ciOiJhZWVjZGYxIn0%3D\" href='https:\/\/ialeman.cl\/wp-content\/uploads\/2025\/12\/LICENCIATURA-2025-Instituto-Aleman-de-Puerto-Montt_0093_DSC_3469.jpg'><img loading=\"lazy\" decoding=\"async\" width=\"1200\" height=\"801\" src=\"https:\/\/ialeman.cl\/wp-content\/uploads\/2025\/12\/LICENCIATURA-2025-Instituto-Aleman-de-Puerto-Montt_0093_DSC_3469.jpg\" class=\"attachment-full size-full\" alt=\"\" srcset=\"https:\/\/ialeman.cl\/wp-content\/uploads\/2025\/12\/LICENCIATURA-2025-Instituto-Aleman-de-Puerto-Montt_0093_DSC_3469.jpg 1200w, https:\/\/ialeman.cl\/wp-content\/uploads\/2025\/12\/LICENCIATURA-2025-Instituto-Aleman-de-Puerto-Montt_0093_DSC_3469-300x200.jpg 300w, https:\/\/ialeman.cl\/wp-content\/uploads\/2025\/12\/LICENCIATURA-2025-Instituto-Aleman-de-Puerto-Montt_0093_DSC_3469-1024x684.jpg 1024w, https:\/\/ialeman.cl\/wp-content\/uploads\/2025\/12\/LICENCIATURA-2025-Instituto-Aleman-de-Puerto-Montt_0093_DSC_3469-768x513.jpg 768w\" sizes=\"(max-width: 1200px) 100vw, 1200px\" \/><\/a>\n\t\t\t<\/div><\/figure><figure class='gallery-item'>\n\t\t\t<div class='gallery-icon landscape'>\n\t\t\t\t<a data-elementor-open-lightbox=\"yes\" data-elementor-lightbox-slideshow=\"aeecdf1\" data-elementor-lightbox-title=\"LICENCIATURA 2025 Instituto Alem\u00e1n de Puerto Montt_0094_DSC_3462\" data-e-action-hash=\"#elementor-action%3Aaction%3Dlightbox%26settings%3DeyJpZCI6NTI1OTQsInVybCI6Imh0dHBzOlwvXC9pYWxlbWFuLmNsXC93cC1jb250ZW50XC91cGxvYWRzXC8yMDI1XC8xMlwvTElDRU5DSUFUVVJBLTIwMjUtSW5zdGl0dXRvLUFsZW1hbi1kZS1QdWVydG8tTW9udHRfMDA5NF9EU0NfMzQ2Mi5qcGciLCJzbGlkZXNob3ciOiJhZWVjZGYxIn0%3D\" href='https:\/\/ialeman.cl\/wp-content\/uploads\/2025\/12\/LICENCIATURA-2025-Instituto-Aleman-de-Puerto-Montt_0094_DSC_3462.jpg'><img loading=\"lazy\" decoding=\"async\" width=\"1200\" height=\"801\" src=\"https:\/\/ialeman.cl\/wp-content\/uploads\/2025\/12\/LICENCIATURA-2025-Instituto-Aleman-de-Puerto-Montt_0094_DSC_3462.jpg\" class=\"attachment-full size-full\" alt=\"\" srcset=\"https:\/\/ialeman.cl\/wp-content\/uploads\/2025\/12\/LICENCIATURA-2025-Instituto-Aleman-de-Puerto-Montt_0094_DSC_3462.jpg 1200w, https:\/\/ialeman.cl\/wp-content\/uploads\/2025\/12\/LICENCIATURA-2025-Instituto-Aleman-de-Puerto-Montt_0094_DSC_3462-300x200.jpg 300w, https:\/\/ialeman.cl\/wp-content\/uploads\/2025\/12\/LICENCIATURA-2025-Instituto-Aleman-de-Puerto-Montt_0094_DSC_3462-1024x684.jpg 1024w, https:\/\/ialeman.cl\/wp-content\/uploads\/2025\/12\/LICENCIATURA-2025-Instituto-Aleman-de-Puerto-Montt_0094_DSC_3462-768x513.jpg 768w\" sizes=\"(max-width: 1200px) 100vw, 1200px\" \/><\/a>\n\t\t\t<\/div><\/figure><figure class='gallery-item'>\n\t\t\t<div class='gallery-icon landscape'>\n\t\t\t\t<a data-elementor-open-lightbox=\"yes\" data-elementor-lightbox-slideshow=\"aeecdf1\" data-elementor-lightbox-title=\"LICENCIATURA 2025 Instituto Alem\u00e1n de Puerto Montt_0095_DSC_3457\" data-e-action-hash=\"#elementor-action%3Aaction%3Dlightbox%26settings%3DeyJpZCI6NTI1OTUsInVybCI6Imh0dHBzOlwvXC9pYWxlbWFuLmNsXC93cC1jb250ZW50XC91cGxvYWRzXC8yMDI1XC8xMlwvTElDRU5DSUFUVVJBLTIwMjUtSW5zdGl0dXRvLUFsZW1hbi1kZS1QdWVydG8tTW9udHRfMDA5NV9EU0NfMzQ1Ny5qcGciLCJzbGlkZXNob3ciOiJhZWVjZGYxIn0%3D\" href='https:\/\/ialeman.cl\/wp-content\/uploads\/2025\/12\/LICENCIATURA-2025-Instituto-Aleman-de-Puerto-Montt_0095_DSC_3457.jpg'><img loading=\"lazy\" decoding=\"async\" width=\"1200\" height=\"801\" src=\"https:\/\/ialeman.cl\/wp-content\/uploads\/2025\/12\/LICENCIATURA-2025-Instituto-Aleman-de-Puerto-Montt_0095_DSC_3457.jpg\" class=\"attachment-full size-full\" alt=\"\" srcset=\"https:\/\/ialeman.cl\/wp-content\/uploads\/2025\/12\/LICENCIATURA-2025-Instituto-Aleman-de-Puerto-Montt_0095_DSC_3457.jpg 1200w, https:\/\/ialeman.cl\/wp-content\/uploads\/2025\/12\/LICENCIATURA-2025-Instituto-Aleman-de-Puerto-Montt_0095_DSC_3457-300x200.jpg 300w, https:\/\/ialeman.cl\/wp-content\/uploads\/2025\/12\/LICENCIATURA-2025-Instituto-Aleman-de-Puerto-Montt_0095_DSC_3457-1024x684.jpg 1024w, https:\/\/ialeman.cl\/wp-content\/uploads\/2025\/12\/LICENCIATURA-2025-Instituto-Aleman-de-Puerto-Montt_0095_DSC_3457-768x513.jpg 768w\" sizes=\"(max-width: 1200px) 100vw, 1200px\" \/><\/a>\n\t\t\t<\/div><\/figure><figure class='gallery-item'>\n\t\t\t<div class='gallery-icon landscape'>\n\t\t\t\t<a data-elementor-open-lightbox=\"yes\" data-elementor-lightbox-slideshow=\"aeecdf1\" data-elementor-lightbox-title=\"LICENCIATURA 2025 Instituto Alem\u00e1n de Puerto Montt_0096_DSC_3444\" data-e-action-hash=\"#elementor-action%3Aaction%3Dlightbox%26settings%3DeyJpZCI6NTI1OTYsInVybCI6Imh0dHBzOlwvXC9pYWxlbWFuLmNsXC93cC1jb250ZW50XC91cGxvYWRzXC8yMDI1XC8xMlwvTElDRU5DSUFUVVJBLTIwMjUtSW5zdGl0dXRvLUFsZW1hbi1kZS1QdWVydG8tTW9udHRfMDA5Nl9EU0NfMzQ0NC5qcGciLCJzbGlkZXNob3ciOiJhZWVjZGYxIn0%3D\" href='https:\/\/ialeman.cl\/wp-content\/uploads\/2025\/12\/LICENCIATURA-2025-Instituto-Aleman-de-Puerto-Montt_0096_DSC_3444.jpg'><img loading=\"lazy\" decoding=\"async\" width=\"1200\" height=\"801\" src=\"https:\/\/ialeman.cl\/wp-content\/uploads\/2025\/12\/LICENCIATURA-2025-Instituto-Aleman-de-Puerto-Montt_0096_DSC_3444.jpg\" class=\"attachment-full size-full\" alt=\"\" srcset=\"https:\/\/ialeman.cl\/wp-content\/uploads\/2025\/12\/LICENCIATURA-2025-Instituto-Aleman-de-Puerto-Montt_0096_DSC_3444.jpg 1200w, https:\/\/ialeman.cl\/wp-content\/uploads\/2025\/12\/LICENCIATURA-2025-Instituto-Aleman-de-Puerto-Montt_0096_DSC_3444-300x200.jpg 300w, https:\/\/ialeman.cl\/wp-content\/uploads\/2025\/12\/LICENCIATURA-2025-Instituto-Aleman-de-Puerto-Montt_0096_DSC_3444-1024x684.jpg 1024w, https:\/\/ialeman.cl\/wp-content\/uploads\/2025\/12\/LICENCIATURA-2025-Instituto-Aleman-de-Puerto-Montt_0096_DSC_3444-768x513.jpg 768w\" sizes=\"(max-width: 1200px) 100vw, 1200px\" \/><\/a>\n\t\t\t<\/div><\/figure><figure class='gallery-item'>\n\t\t\t<div class='gallery-icon landscape'>\n\t\t\t\t<a data-elementor-open-lightbox=\"yes\" data-elementor-lightbox-slideshow=\"aeecdf1\" data-elementor-lightbox-title=\"LICENCIATURA 2025 Instituto Alem\u00e1n de Puerto Montt_0097_DSC_3412\" data-e-action-hash=\"#elementor-action%3Aaction%3Dlightbox%26settings%3DeyJpZCI6NTI1OTcsInVybCI6Imh0dHBzOlwvXC9pYWxlbWFuLmNsXC93cC1jb250ZW50XC91cGxvYWRzXC8yMDI1XC8xMlwvTElDRU5DSUFUVVJBLTIwMjUtSW5zdGl0dXRvLUFsZW1hbi1kZS1QdWVydG8tTW9udHRfMDA5N19EU0NfMzQxMi5qcGciLCJzbGlkZXNob3ciOiJhZWVjZGYxIn0%3D\" href='https:\/\/ialeman.cl\/wp-content\/uploads\/2025\/12\/LICENCIATURA-2025-Instituto-Aleman-de-Puerto-Montt_0097_DSC_3412.jpg'><img loading=\"lazy\" decoding=\"async\" width=\"1200\" height=\"801\" src=\"https:\/\/ialeman.cl\/wp-content\/uploads\/2025\/12\/LICENCIATURA-2025-Instituto-Aleman-de-Puerto-Montt_0097_DSC_3412.jpg\" class=\"attachment-full size-full\" alt=\"\" srcset=\"https:\/\/ialeman.cl\/wp-content\/uploads\/2025\/12\/LICENCIATURA-2025-Instituto-Aleman-de-Puerto-Montt_0097_DSC_3412.jpg 1200w, https:\/\/ialeman.cl\/wp-content\/uploads\/2025\/12\/LICENCIATURA-2025-Instituto-Aleman-de-Puerto-Montt_0097_DSC_3412-300x200.jpg 300w, https:\/\/ialeman.cl\/wp-content\/uploads\/2025\/12\/LICENCIATURA-2025-Instituto-Aleman-de-Puerto-Montt_0097_DSC_3412-1024x684.jpg 1024w, https:\/\/ialeman.cl\/wp-content\/uploads\/2025\/12\/LICENCIATURA-2025-Instituto-Aleman-de-Puerto-Montt_0097_DSC_3412-768x513.jpg 768w\" sizes=\"(max-width: 1200px) 100vw, 1200px\" \/><\/a>\n\t\t\t<\/div><\/figure><figure class='gallery-item'>\n\t\t\t<div class='gallery-icon landscape'>\n\t\t\t\t<a data-elementor-open-lightbox=\"yes\" data-elementor-lightbox-slideshow=\"aeecdf1\" data-elementor-lightbox-title=\"LICENCIATURA 2025 Instituto Alem\u00e1n de Puerto Montt_0099_DSC_3385\" data-e-action-hash=\"#elementor-action%3Aaction%3Dlightbox%26settings%3DeyJpZCI6NTI1OTksInVybCI6Imh0dHBzOlwvXC9pYWxlbWFuLmNsXC93cC1jb250ZW50XC91cGxvYWRzXC8yMDI1XC8xMlwvTElDRU5DSUFUVVJBLTIwMjUtSW5zdGl0dXRvLUFsZW1hbi1kZS1QdWVydG8tTW9udHRfMDA5OV9EU0NfMzM4NS5qcGciLCJzbGlkZXNob3ciOiJhZWVjZGYxIn0%3D\" href='https:\/\/ialeman.cl\/wp-content\/uploads\/2025\/12\/LICENCIATURA-2025-Instituto-Aleman-de-Puerto-Montt_0099_DSC_3385.jpg'><img loading=\"lazy\" decoding=\"async\" width=\"1200\" height=\"801\" src=\"https:\/\/ialeman.cl\/wp-content\/uploads\/2025\/12\/LICENCIATURA-2025-Instituto-Aleman-de-Puerto-Montt_0099_DSC_3385.jpg\" class=\"attachment-full size-full\" alt=\"\" srcset=\"https:\/\/ialeman.cl\/wp-content\/uploads\/2025\/12\/LICENCIATURA-2025-Instituto-Aleman-de-Puerto-Montt_0099_DSC_3385.jpg 1200w, https:\/\/ialeman.cl\/wp-content\/uploads\/2025\/12\/LICENCIATURA-2025-Instituto-Aleman-de-Puerto-Montt_0099_DSC_3385-300x200.jpg 300w, https:\/\/ialeman.cl\/wp-content\/uploads\/2025\/12\/LICENCIATURA-2025-Instituto-Aleman-de-Puerto-Montt_0099_DSC_3385-1024x684.jpg 1024w, https:\/\/ialeman.cl\/wp-content\/uploads\/2025\/12\/LICENCIATURA-2025-Instituto-Aleman-de-Puerto-Montt_0099_DSC_3385-768x513.jpg 768w\" sizes=\"(max-width: 1200px) 100vw, 1200px\" \/><\/a>\n\t\t\t<\/div><\/figure><figure class='gallery-item'>\n\t\t\t<div class='gallery-icon landscape'>\n\t\t\t\t<a data-elementor-open-lightbox=\"yes\" data-elementor-lightbox-slideshow=\"aeecdf1\" data-elementor-lightbox-title=\"LICENCIATURA 2025 Instituto Alem\u00e1n de Puerto Montt_0100_DSC_3376\" data-e-action-hash=\"#elementor-action%3Aaction%3Dlightbox%26settings%3DeyJpZCI6NTI2MDAsInVybCI6Imh0dHBzOlwvXC9pYWxlbWFuLmNsXC93cC1jb250ZW50XC91cGxvYWRzXC8yMDI1XC8xMlwvTElDRU5DSUFUVVJBLTIwMjUtSW5zdGl0dXRvLUFsZW1hbi1kZS1QdWVydG8tTW9udHRfMDEwMF9EU0NfMzM3Ni5qcGciLCJzbGlkZXNob3ciOiJhZWVjZGYxIn0%3D\" href='https:\/\/ialeman.cl\/wp-content\/uploads\/2025\/12\/LICENCIATURA-2025-Instituto-Aleman-de-Puerto-Montt_0100_DSC_3376.jpg'><img loading=\"lazy\" decoding=\"async\" width=\"1200\" height=\"801\" src=\"https:\/\/ialeman.cl\/wp-content\/uploads\/2025\/12\/LICENCIATURA-2025-Instituto-Aleman-de-Puerto-Montt_0100_DSC_3376.jpg\" class=\"attachment-full size-full\" alt=\"\" srcset=\"https:\/\/ialeman.cl\/wp-content\/uploads\/2025\/12\/LICENCIATURA-2025-Instituto-Aleman-de-Puerto-Montt_0100_DSC_3376.jpg 1200w, https:\/\/ialeman.cl\/wp-content\/uploads\/2025\/12\/LICENCIATURA-2025-Instituto-Aleman-de-Puerto-Montt_0100_DSC_3376-300x200.jpg 300w, https:\/\/ialeman.cl\/wp-content\/uploads\/2025\/12\/LICENCIATURA-2025-Instituto-Aleman-de-Puerto-Montt_0100_DSC_3376-1024x684.jpg 1024w, https:\/\/ialeman.cl\/wp-content\/uploads\/2025\/12\/LICENCIATURA-2025-Instituto-Aleman-de-Puerto-Montt_0100_DSC_3376-768x513.jpg 768w\" sizes=\"(max-width: 1200px) 100vw, 1200px\" \/><\/a>\n\t\t\t<\/div><\/figure><figure class='gallery-item'>\n\t\t\t<div class='gallery-icon landscape'>\n\t\t\t\t<a data-elementor-open-lightbox=\"yes\" data-elementor-lightbox-slideshow=\"aeecdf1\" data-elementor-lightbox-title=\"LICENCIATURA 2025 Instituto Alem\u00e1n de Puerto Montt_0101_DSC_3363\" data-e-action-hash=\"#elementor-action%3Aaction%3Dlightbox%26settings%3DeyJpZCI6NTI2MDEsInVybCI6Imh0dHBzOlwvXC9pYWxlbWFuLmNsXC93cC1jb250ZW50XC91cGxvYWRzXC8yMDI1XC8xMlwvTElDRU5DSUFUVVJBLTIwMjUtSW5zdGl0dXRvLUFsZW1hbi1kZS1QdWVydG8tTW9udHRfMDEwMV9EU0NfMzM2My5qcGciLCJzbGlkZXNob3ciOiJhZWVjZGYxIn0%3D\" href='https:\/\/ialeman.cl\/wp-content\/uploads\/2025\/12\/LICENCIATURA-2025-Instituto-Aleman-de-Puerto-Montt_0101_DSC_3363.jpg'><img loading=\"lazy\" decoding=\"async\" width=\"1200\" height=\"801\" src=\"https:\/\/ialeman.cl\/wp-content\/uploads\/2025\/12\/LICENCIATURA-2025-Instituto-Aleman-de-Puerto-Montt_0101_DSC_3363.jpg\" class=\"attachment-full size-full\" alt=\"\" srcset=\"https:\/\/ialeman.cl\/wp-content\/uploads\/2025\/12\/LICENCIATURA-2025-Instituto-Aleman-de-Puerto-Montt_0101_DSC_3363.jpg 1200w, https:\/\/ialeman.cl\/wp-content\/uploads\/2025\/12\/LICENCIATURA-2025-Instituto-Aleman-de-Puerto-Montt_0101_DSC_3363-300x200.jpg 300w, https:\/\/ialeman.cl\/wp-content\/uploads\/2025\/12\/LICENCIATURA-2025-Instituto-Aleman-de-Puerto-Montt_0101_DSC_3363-1024x684.jpg 1024w, https:\/\/ialeman.cl\/wp-content\/uploads\/2025\/12\/LICENCIATURA-2025-Instituto-Aleman-de-Puerto-Montt_0101_DSC_3363-768x513.jpg 768w\" sizes=\"(max-width: 1200px) 100vw, 1200px\" \/><\/a>\n\t\t\t<\/div><\/figure><figure class='gallery-item'>\n\t\t\t<div class='gallery-icon landscape'>\n\t\t\t\t<a data-elementor-open-lightbox=\"yes\" data-elementor-lightbox-slideshow=\"aeecdf1\" data-elementor-lightbox-title=\"LICENCIATURA 2025 Instituto Alem\u00e1n de Puerto Montt_0102_DSC_3521\" data-e-action-hash=\"#elementor-action%3Aaction%3Dlightbox%26settings%3DeyJpZCI6NTI2MDIsInVybCI6Imh0dHBzOlwvXC9pYWxlbWFuLmNsXC93cC1jb250ZW50XC91cGxvYWRzXC8yMDI1XC8xMlwvTElDRU5DSUFUVVJBLTIwMjUtSW5zdGl0dXRvLUFsZW1hbi1kZS1QdWVydG8tTW9udHRfMDEwMl9EU0NfMzUyMS5qcGciLCJzbGlkZXNob3ciOiJhZWVjZGYxIn0%3D\" href='https:\/\/ialeman.cl\/wp-content\/uploads\/2025\/12\/LICENCIATURA-2025-Instituto-Aleman-de-Puerto-Montt_0102_DSC_3521.jpg'><img loading=\"lazy\" decoding=\"async\" width=\"1200\" height=\"801\" src=\"https:\/\/ialeman.cl\/wp-content\/uploads\/2025\/12\/LICENCIATURA-2025-Instituto-Aleman-de-Puerto-Montt_0102_DSC_3521.jpg\" class=\"attachment-full size-full\" alt=\"\" srcset=\"https:\/\/ialeman.cl\/wp-content\/uploads\/2025\/12\/LICENCIATURA-2025-Instituto-Aleman-de-Puerto-Montt_0102_DSC_3521.jpg 1200w, https:\/\/ialeman.cl\/wp-content\/uploads\/2025\/12\/LICENCIATURA-2025-Instituto-Aleman-de-Puerto-Montt_0102_DSC_3521-300x200.jpg 300w, https:\/\/ialeman.cl\/wp-content\/uploads\/2025\/12\/LICENCIATURA-2025-Instituto-Aleman-de-Puerto-Montt_0102_DSC_3521-1024x684.jpg 1024w, https:\/\/ialeman.cl\/wp-content\/uploads\/2025\/12\/LICENCIATURA-2025-Instituto-Aleman-de-Puerto-Montt_0102_DSC_3521-768x513.jpg 768w\" sizes=\"(max-width: 1200px) 100vw, 1200px\" \/><\/a>\n\t\t\t<\/div><\/figure><figure class='gallery-item'>\n\t\t\t<div class='gallery-icon landscape'>\n\t\t\t\t<a data-elementor-open-lightbox=\"yes\" data-elementor-lightbox-slideshow=\"aeecdf1\" data-elementor-lightbox-title=\"LICENCIATURA 2025 Instituto Alem\u00e1n de Puerto Montt_0037_DSC_4280\" data-e-action-hash=\"#elementor-action%3Aaction%3Dlightbox%26settings%3DeyJpZCI6NTI1MzYsInVybCI6Imh0dHBzOlwvXC9pYWxlbWFuLmNsXC93cC1jb250ZW50XC91cGxvYWRzXC8yMDI1XC8xMlwvTElDRU5DSUFUVVJBLTIwMjUtSW5zdGl0dXRvLUFsZW1hbi1kZS1QdWVydG8tTW9udHRfMDAzN19EU0NfNDI4MC5qcGciLCJzbGlkZXNob3ciOiJhZWVjZGYxIn0%3D\" href='https:\/\/ialeman.cl\/wp-content\/uploads\/2025\/12\/LICENCIATURA-2025-Instituto-Aleman-de-Puerto-Montt_0037_DSC_4280.jpg'><img loading=\"lazy\" decoding=\"async\" width=\"1200\" height=\"801\" src=\"https:\/\/ialeman.cl\/wp-content\/uploads\/2025\/12\/LICENCIATURA-2025-Instituto-Aleman-de-Puerto-Montt_0037_DSC_4280.jpg\" class=\"attachment-full size-full\" alt=\"\" srcset=\"https:\/\/ialeman.cl\/wp-content\/uploads\/2025\/12\/LICENCIATURA-2025-Instituto-Aleman-de-Puerto-Montt_0037_DSC_4280.jpg 1200w, https:\/\/ialeman.cl\/wp-content\/uploads\/2025\/12\/LICENCIATURA-2025-Instituto-Aleman-de-Puerto-Montt_0037_DSC_4280-300x200.jpg 300w, https:\/\/ialeman.cl\/wp-content\/uploads\/2025\/12\/LICENCIATURA-2025-Instituto-Aleman-de-Puerto-Montt_0037_DSC_4280-1024x684.jpg 1024w, https:\/\/ialeman.cl\/wp-content\/uploads\/2025\/12\/LICENCIATURA-2025-Instituto-Aleman-de-Puerto-Montt_0037_DSC_4280-768x513.jpg 768w\" sizes=\"(max-width: 1200px) 100vw, 1200px\" \/><\/a>\n\t\t\t<\/div><\/figure><figure class='gallery-item'>\n\t\t\t<div class='gallery-icon landscape'>\n\t\t\t\t<a data-elementor-open-lightbox=\"yes\" data-elementor-lightbox-slideshow=\"aeecdf1\" data-elementor-lightbox-title=\"LICENCIATURA 2025 Instituto Alem\u00e1n de Puerto Montt_0104_DSC_3360\" data-e-action-hash=\"#elementor-action%3Aaction%3Dlightbox%26settings%3DeyJpZCI6NTI2MDQsInVybCI6Imh0dHBzOlwvXC9pYWxlbWFuLmNsXC93cC1jb250ZW50XC91cGxvYWRzXC8yMDI1XC8xMlwvTElDRU5DSUFUVVJBLTIwMjUtSW5zdGl0dXRvLUFsZW1hbi1kZS1QdWVydG8tTW9udHRfMDEwNF9EU0NfMzM2MC5qcGciLCJzbGlkZXNob3ciOiJhZWVjZGYxIn0%3D\" href='https:\/\/ialeman.cl\/wp-content\/uploads\/2025\/12\/LICENCIATURA-2025-Instituto-Aleman-de-Puerto-Montt_0104_DSC_3360.jpg'><img loading=\"lazy\" decoding=\"async\" width=\"1200\" height=\"801\" src=\"https:\/\/ialeman.cl\/wp-content\/uploads\/2025\/12\/LICENCIATURA-2025-Instituto-Aleman-de-Puerto-Montt_0104_DSC_3360.jpg\" class=\"attachment-full size-full\" alt=\"\" srcset=\"https:\/\/ialeman.cl\/wp-content\/uploads\/2025\/12\/LICENCIATURA-2025-Instituto-Aleman-de-Puerto-Montt_0104_DSC_3360.jpg 1200w, https:\/\/ialeman.cl\/wp-content\/uploads\/2025\/12\/LICENCIATURA-2025-Instituto-Aleman-de-Puerto-Montt_0104_DSC_3360-300x200.jpg 300w, https:\/\/ialeman.cl\/wp-content\/uploads\/2025\/12\/LICENCIATURA-2025-Instituto-Aleman-de-Puerto-Montt_0104_DSC_3360-1024x684.jpg 1024w, https:\/\/ialeman.cl\/wp-content\/uploads\/2025\/12\/LICENCIATURA-2025-Instituto-Aleman-de-Puerto-Montt_0104_DSC_3360-768x513.jpg 768w\" sizes=\"(max-width: 1200px) 100vw, 1200px\" \/><\/a>\n\t\t\t<\/div><\/figure>\n\t\t<\/div>\n\t\t<\/div>\n\t\t\t\t\t\t<\/div>\n\t\t\t\t<\/div>\n\t\t\t\t\t<\/div>\n\t\t<\/div>\n\t\t\t\t\t<\/div>\n\t\t<\/section>\n\t\t\t\t<\/div>\n\t\t","protected":false},"excerpt":{"rendered":"<p>Instituto Alem\u00e1n de Puerto Montt realiz\u00f3 la ceremonia de licenciatura de la Generaci\u00f3n 2025 El Instituto Alem\u00e1n de Puerto Montt celebr\u00f3 la ceremonia de licenciatura de la Generaci\u00f3n 2025, instancia en la que 55 estudiantes de IV Medio culminaron su trayectoria escolar. El acto, realizado en el gimnasio, reuni\u00f3 a sus familias, directivos, docentes y [&hellip;]<\/p>\n","protected":false},"author":6,"featured_media":52494,"comment_status":"closed","ping_status":"","sticky":false,"template":"","format":"standard","meta":{"site-sidebar-layout":"default","site-content-layout":"","ast-site-content-layout":"default","site-content-style":"default","site-sidebar-style":"default","ast-global-header-display":"","ast-banner-title-visibility":"","ast-main-header-display":"","ast-hfb-above-header-display":"","ast-hfb-below-header-display":"","ast-hfb-mobile-header-display":"","site-post-title":"","ast-breadcrumbs-content":"","ast-featured-img":"disabled","footer-sml-layout":"","ast-disable-related-posts":"","theme-transparent-header-meta":"","adv-header-id-meta":"","stick-header-meta":"","header-above-stick-meta":"","header-main-stick-meta":"","header-below-stick-meta":"","astra-migrate-meta-layouts":"set","ast-page-background-enabled":"default","ast-page-background-meta":{"desktop":{"background-color":"var(--ast-global-color-4)","background-image":"","background-repeat":"repeat","background-position":"center center","background-size":"auto","background-attachment":"scroll","background-type":"","background-media":"","overlay-type":"","overlay-color":"","overlay-opacity":"","overlay-gradient":""},"tablet":{"background-color":"","background-image":"","background-repeat":"repeat","background-position":"center center","background-size":"auto","background-attachment":"scroll","background-type":"","background-media":"","overlay-type":"","overlay-color":"","overlay-opacity":"","overlay-gradient":""},"mobile":{"background-color":"","background-image":"","background-repeat":"repeat","background-position":"center center","background-size":"auto","background-attachment":"scroll","background-type":"","background-media":"","overlay-type":"","overlay-color":"","overlay-opacity":"","overlay-gradient":""}},"ast-content-background-meta":{"desktop":{"background-color":"var(--ast-global-color-5)","background-image":"","background-repeat":"repeat","background-position":"center center","background-size":"auto","background-attachment":"scroll","background-type":"","background-media":"","overlay-type":"","overlay-color":"","overlay-opacity":"","overlay-gradient":""},"tablet":{"background-color":"var(--ast-global-color-5)","background-image":"","background-repeat":"repeat","background-position":"center center","background-size":"auto","background-attachment":"scroll","background-type":"","background-media":"","overlay-type":"","overlay-color":"","overlay-opacity":"","overlay-gradient":""},"mobile":{"background-color":"var(--ast-global-color-5)","background-image":"","background-repeat":"repeat","background-position":"center center","background-size":"auto","background-attachment":"scroll","background-type":"","background-media":"","overlay-type":"","overlay-color":"","overlay-opacity":"","overlay-gradient":""}},"advanced_seo_description":"","jetpack_seo_html_title":"","jetpack_seo_noindex":false,"jetpack_seo_schema_type":"","_jetpack_newsletter_access":"","_jetpack_dont_email_post_to_subs":false,"_jetpack_newsletter_tier_id":0,"_jetpack_memberships_contains_paywalled_content":false,"_wpcom_ai_launchpad_first_post":false,"_jetpack_feature_clip_id":0,"_jetpack_memberships_contains_paid_content":false,"footnotes":"","jetpack_post_was_ever_published":false},"categories":[10],"tags":[],"class_list":["post-52493","post","type-post","status-publish","format-standard","has-post-thumbnail","hentry","category-noticias"],"jetpack_shortlink":"https:\/\/wp.me\/ph8I5c-dEF","jetpack_sharing_enabled":true,"jetpack_featured_media_url":"https:\/\/ialeman.cl\/wp-content\/uploads\/2025\/12\/LICENCIATURA-2025-Instituto-Aleman-de-Puerto-Montt_0001_DSC_3417.jpg","_links":{"self":[{"href":"https:\/\/ialeman.cl\/index.php\/wp-json\/wp\/v2\/posts\/52493","targetHints":{"allow":["GET"]}}],"collection":[{"href":"https:\/\/ialeman.cl\/index.php\/wp-json\/wp\/v2\/posts"}],"about":[{"href":"https:\/\/ialeman.cl\/index.php\/wp-json\/wp\/v2\/types\/post"}],"author":[{"embeddable":true,"href":"https:\/\/ialeman.cl\/index.php\/wp-json\/wp\/v2\/users\/6"}],"replies":[{"embeddable":true,"href":"https:\/\/ialeman.cl\/index.php\/wp-json\/wp\/v2\/comments?post=52493"}],"version-history":[{"count":10,"href":"https:\/\/ialeman.cl\/index.php\/wp-json\/wp\/v2\/posts\/52493\/revisions"}],"predecessor-version":[{"id":52610,"href":"https:\/\/ialeman.cl\/index.php\/wp-json\/wp\/v2\/posts\/52493\/revisions\/52610"}],"wp:featuredmedia":[{"embeddable":true,"href":"https:\/\/ialeman.cl\/index.php\/wp-json\/wp\/v2\/media\/52494"}],"wp:attachment":[{"href":"https:\/\/ialeman.cl\/index.php\/wp-json\/wp\/v2\/media?parent=52493"}],"wp:term":[{"taxonomy":"category","embeddable":true,"href":"https:\/\/ialeman.cl\/index.php\/wp-json\/wp\/v2\/categories?post=52493"},{"taxonomy":"post_tag","embeddable":true,"href":"https:\/\/ialeman.cl\/index.php\/wp-json\/wp\/v2\/tags?post=52493"}],"curies":[{"name":"wp","href":"https:\/\/api.w.org\/{rel}","templated":true}]}}