{"id":52110,"date":"2025-11-24T11:55:45","date_gmt":"2025-11-24T15:55:45","guid":{"rendered":"https:\/\/ialeman.cl\/?p=52110"},"modified":"2025-12-03T12:09:16","modified_gmt":"2025-12-03T16:09:16","slug":"gran-noche-con-el-arte-2025","status":"publish","type":"post","link":"https:\/\/ialeman.cl\/index.php\/gran-noche-con-el-arte-2025\/","title":{"rendered":"Gran noche con el arte 2025"},"content":{"rendered":"\t\t<div data-elementor-type=\"wp-post\" data-elementor-id=\"52110\" class=\"elementor elementor-52110\">\n\t\t\t\t\t\t<section class=\"elementor-section elementor-top-section elementor-element elementor-element-64a6bf8 elementor-section-boxed elementor-section-height-default elementor-section-height-default\" data-id=\"64a6bf8\" data-element_type=\"section\" data-e-type=\"section\">\n\t\t\t\t\t\t<div class=\"elementor-container elementor-column-gap-default\">\n\t\t\t\t\t<div class=\"elementor-column elementor-col-100 elementor-top-column elementor-element elementor-element-1a8ccbe\" data-id=\"1a8ccbe\" data-element_type=\"column\" data-e-type=\"column\">\n\t\t\t<div class=\"elementor-widget-wrap elementor-element-populated\">\n\t\t\t\t\t\t<div class=\"elementor-element elementor-element-5707487 elementor-widget elementor-widget-heading\" data-id=\"5707487\" data-element_type=\"widget\" data-e-type=\"widget\" data-widget_type=\"heading.default\">\n\t\t\t\t<div class=\"elementor-widget-container\">\n\t\t\t\t\t<h2 class=\"elementor-heading-title elementor-size-default\">La III Gran Noche con el Arte reuni\u00f3 a la comunidad en una destacada jornada cultural\n<\/h2>\t\t\t\t<\/div>\n\t\t\t\t<\/div>\n\t\t\t\t\t<\/div>\n\t\t<\/div>\n\t\t\t\t\t<\/div>\n\t\t<\/section>\n\t\t\t\t<section class=\"elementor-section elementor-top-section elementor-element elementor-element-ef845c8 elementor-section-boxed elementor-section-height-default elementor-section-height-default\" data-id=\"ef845c8\" data-element_type=\"section\" data-e-type=\"section\">\n\t\t\t\t\t\t<div class=\"elementor-container elementor-column-gap-default\">\n\t\t\t\t\t<div class=\"elementor-column elementor-col-100 elementor-top-column elementor-element elementor-element-98e9afb\" data-id=\"98e9afb\" data-element_type=\"column\" data-e-type=\"column\">\n\t\t\t<div class=\"elementor-widget-wrap elementor-element-populated\">\n\t\t\t\t\t\t<div class=\"elementor-element elementor-element-17962d8 elementor-widget elementor-widget-heading\" data-id=\"17962d8\" data-element_type=\"widget\" data-e-type=\"widget\" data-widget_type=\"heading.default\">\n\t\t\t\t<div class=\"elementor-widget-container\">\n\t\t\t\t\t<h2 class=\"elementor-heading-title elementor-size-default\">El Instituto Alem\u00e1n de Puerto Montt celebr\u00f3 la III versi\u00f3n de la Gran Noche con el Arte 2025, una iniciativa impulsada por el Alumniverein y realizada en colaboraci\u00f3n con la Galer\u00eda de Arte Contacto. M\u00e1s de 200 obras de artistas nacionales e internacionales fueron exhibidas en el gimnasio 2, en una muestra abierta a estudiantes durante la ma\u00f1ana y a las familias y apoderados en la jornada vespertina.<br><br>\n\nEn esta ocasi\u00f3n, se rindi\u00f3 un emotivo homenaje al pintor puertomontino Manuel Maldonado Barr\u00eda, Manoly, cuyas obras formaron parte de la exposici\u00f3n. Conocido por sus marinas y retratos de la caleta de Angelm\u00f3, Manoly fue un referente del arte regional y nacional.<br><br>\n\nEn ambas instancias, los asistentes disfrutaron una presentaci\u00f3n l\u00edrica de primer nivel a cargo de la soprano Marcela Gonz\u00e1lez y el bar\u00edtono Homero P\u00e9rez-Miranda, acompa\u00f1ados por el pianista y director Claudio Merino. Durante la ma\u00f1ana, adem\u00e1s, se recibi\u00f3 la visita de una delegaci\u00f3n del Colegio Dar\u00edo Salas, cuyos estudiantes y profesores participaron del recorrido art\u00edstico.<br><br>\n\nLa jornada concluy\u00f3 con la tradicional subasta conducida por la Galer\u00eda de Arte Contacto, cuyo prop\u00f3sito fue reunir recursos para las actividades sociales del Alumniverein (Centro de exalumnos). La exitosa convocatoria reafirm\u00f3 el compromiso del Instituto Alem\u00e1n con el desarrollo cultural y la formaci\u00f3n integral, consolidando un espacio de encuentro que celebra el arte, la comunidad y el esp\u00edritu solidario.<\/h2>\t\t\t\t<\/div>\n\t\t\t\t<\/div>\n\t\t\t\t\t<\/div>\n\t\t<\/div>\n\t\t\t\t\t<\/div>\n\t\t<\/section>\n\t\t\t\t<section class=\"elementor-section elementor-top-section elementor-element elementor-element-2b1a754 elementor-section-boxed elementor-section-height-default elementor-section-height-default\" data-id=\"2b1a754\" data-element_type=\"section\" data-e-type=\"section\">\n\t\t\t\t\t\t<div class=\"elementor-container elementor-column-gap-default\">\n\t\t\t\t\t<div class=\"elementor-column elementor-col-100 elementor-top-column elementor-element elementor-element-5d5d0d0\" data-id=\"5d5d0d0\" data-element_type=\"column\" data-e-type=\"column\">\n\t\t\t<div class=\"elementor-widget-wrap elementor-element-populated\">\n\t\t\t\t\t\t<div class=\"elementor-element elementor-element-d10778d elementor-widget elementor-widget-heading\" data-id=\"d10778d\" data-element_type=\"widget\" data-e-type=\"widget\" data-widget_type=\"heading.default\">\n\t\t\t\t<div class=\"elementor-widget-container\">\n\t\t\t\t\t<h2 class=\"elementor-heading-title elementor-size-default\">21\/11\/2025<\/h2>\t\t\t\t<\/div>\n\t\t\t\t<\/div>\n\t\t\t\t\t<\/div>\n\t\t<\/div>\n\t\t\t\t\t<\/div>\n\t\t<\/section>\n\t\t\t\t<section class=\"elementor-section elementor-top-section elementor-element elementor-element-32c291c elementor-section-boxed elementor-section-height-default elementor-section-height-default\" data-id=\"32c291c\" data-element_type=\"section\" data-e-type=\"section\">\n\t\t\t\t\t\t<div class=\"elementor-container elementor-column-gap-default\">\n\t\t\t\t\t<div class=\"elementor-column elementor-col-100 elementor-top-column elementor-element elementor-element-ec32603\" data-id=\"ec32603\" data-element_type=\"column\" data-e-type=\"column\">\n\t\t\t<div class=\"elementor-widget-wrap elementor-element-populated\">\n\t\t\t\t\t\t<div class=\"elementor-element elementor-element-00102cf gallery-spacing-custom elementor-widget elementor-widget-image-gallery\" data-id=\"00102cf\" data-element_type=\"widget\" data-e-type=\"widget\" data-widget_type=\"image-gallery.default\">\n\t\t\t\t<div class=\"elementor-widget-container\">\n\t\t\t\t\t\t\t<div class=\"elementor-image-gallery\">\n\t\t\t<div id='gallery-1' class='gallery galleryid-52110 gallery-columns-2 gallery-size-full'><figure class='gallery-item'>\n\t\t\t<div class='gallery-icon landscape'>\n\t\t\t\t<a data-elementor-open-lightbox=\"yes\" data-elementor-lightbox-slideshow=\"00102cf\" data-elementor-lightbox-title=\"Gran noche con el arte 2025 Instituto Alem\u00e1n de Puerto Montt _0000_DSC_5516\" data-e-action-hash=\"#elementor-action%3Aaction%3Dlightbox%26settings%3DeyJpZCI6NTIxMTYsInVybCI6Imh0dHBzOlwvXC9pYWxlbWFuLmNsXC93cC1jb250ZW50XC91cGxvYWRzXC8yMDI1XC8xMlwvR3Jhbi1ub2NoZS1jb24tZWwtYXJ0ZS0yMDI1LUluc3RpdHV0by1BbGVtYW4tZGUtUHVlcnRvLU1vbnR0LV8wMDAwX0RTQ181NTE2LmpwZyIsInNsaWRlc2hvdyI6IjAwMTAyY2YifQ%3D%3D\" href='https:\/\/ialeman.cl\/wp-content\/uploads\/2025\/12\/Gran-noche-con-el-arte-2025-Instituto-Aleman-de-Puerto-Montt-_0000_DSC_5516.jpg'><img fetchpriority=\"high\" decoding=\"async\" width=\"1200\" height=\"801\" src=\"https:\/\/ialeman.cl\/wp-content\/uploads\/2025\/12\/Gran-noche-con-el-arte-2025-Instituto-Aleman-de-Puerto-Montt-_0000_DSC_5516.jpg\" class=\"attachment-full size-full\" alt=\"\" srcset=\"https:\/\/ialeman.cl\/wp-content\/uploads\/2025\/12\/Gran-noche-con-el-arte-2025-Instituto-Aleman-de-Puerto-Montt-_0000_DSC_5516.jpg 1200w, https:\/\/ialeman.cl\/wp-content\/uploads\/2025\/12\/Gran-noche-con-el-arte-2025-Instituto-Aleman-de-Puerto-Montt-_0000_DSC_5516-300x200.jpg 300w, https:\/\/ialeman.cl\/wp-content\/uploads\/2025\/12\/Gran-noche-con-el-arte-2025-Instituto-Aleman-de-Puerto-Montt-_0000_DSC_5516-1024x684.jpg 1024w, https:\/\/ialeman.cl\/wp-content\/uploads\/2025\/12\/Gran-noche-con-el-arte-2025-Instituto-Aleman-de-Puerto-Montt-_0000_DSC_5516-768x513.jpg 768w\" sizes=\"(max-width: 1200px) 100vw, 1200px\" \/><\/a>\n\t\t\t<\/div><\/figure><figure class='gallery-item'>\n\t\t\t<div class='gallery-icon landscape'>\n\t\t\t\t<a data-elementor-open-lightbox=\"yes\" data-elementor-lightbox-slideshow=\"00102cf\" data-elementor-lightbox-title=\"Gran noche con el arte 2025 Instituto Alem\u00e1n de Puerto Montt _0001_DSC_5571\" data-e-action-hash=\"#elementor-action%3Aaction%3Dlightbox%26settings%3DeyJpZCI6NTIxMTcsInVybCI6Imh0dHBzOlwvXC9pYWxlbWFuLmNsXC93cC1jb250ZW50XC91cGxvYWRzXC8yMDI1XC8xMlwvR3Jhbi1ub2NoZS1jb24tZWwtYXJ0ZS0yMDI1LUluc3RpdHV0by1BbGVtYW4tZGUtUHVlcnRvLU1vbnR0LV8wMDAxX0RTQ181NTcxLmpwZyIsInNsaWRlc2hvdyI6IjAwMTAyY2YifQ%3D%3D\" href='https:\/\/ialeman.cl\/wp-content\/uploads\/2025\/12\/Gran-noche-con-el-arte-2025-Instituto-Aleman-de-Puerto-Montt-_0001_DSC_5571.jpg'><img decoding=\"async\" width=\"1200\" height=\"801\" src=\"https:\/\/ialeman.cl\/wp-content\/uploads\/2025\/12\/Gran-noche-con-el-arte-2025-Instituto-Aleman-de-Puerto-Montt-_0001_DSC_5571.jpg\" class=\"attachment-full size-full\" alt=\"\" srcset=\"https:\/\/ialeman.cl\/wp-content\/uploads\/2025\/12\/Gran-noche-con-el-arte-2025-Instituto-Aleman-de-Puerto-Montt-_0001_DSC_5571.jpg 1200w, https:\/\/ialeman.cl\/wp-content\/uploads\/2025\/12\/Gran-noche-con-el-arte-2025-Instituto-Aleman-de-Puerto-Montt-_0001_DSC_5571-300x200.jpg 300w, https:\/\/ialeman.cl\/wp-content\/uploads\/2025\/12\/Gran-noche-con-el-arte-2025-Instituto-Aleman-de-Puerto-Montt-_0001_DSC_5571-1024x684.jpg 1024w, https:\/\/ialeman.cl\/wp-content\/uploads\/2025\/12\/Gran-noche-con-el-arte-2025-Instituto-Aleman-de-Puerto-Montt-_0001_DSC_5571-768x513.jpg 768w\" sizes=\"(max-width: 1200px) 100vw, 1200px\" \/><\/a>\n\t\t\t<\/div><\/figure><figure class='gallery-item'>\n\t\t\t<div class='gallery-icon landscape'>\n\t\t\t\t<a data-elementor-open-lightbox=\"yes\" data-elementor-lightbox-slideshow=\"00102cf\" data-elementor-lightbox-title=\"Gran noche con el arte 2025 Instituto Alem\u00e1n de Puerto Montt _0002_DSC_5464\" data-e-action-hash=\"#elementor-action%3Aaction%3Dlightbox%26settings%3DeyJpZCI6NTIxMTgsInVybCI6Imh0dHBzOlwvXC9pYWxlbWFuLmNsXC93cC1jb250ZW50XC91cGxvYWRzXC8yMDI1XC8xMlwvR3Jhbi1ub2NoZS1jb24tZWwtYXJ0ZS0yMDI1LUluc3RpdHV0by1BbGVtYW4tZGUtUHVlcnRvLU1vbnR0LV8wMDAyX0RTQ181NDY0LmpwZyIsInNsaWRlc2hvdyI6IjAwMTAyY2YifQ%3D%3D\" href='https:\/\/ialeman.cl\/wp-content\/uploads\/2025\/12\/Gran-noche-con-el-arte-2025-Instituto-Aleman-de-Puerto-Montt-_0002_DSC_5464.jpg'><img decoding=\"async\" width=\"1200\" height=\"801\" src=\"https:\/\/ialeman.cl\/wp-content\/uploads\/2025\/12\/Gran-noche-con-el-arte-2025-Instituto-Aleman-de-Puerto-Montt-_0002_DSC_5464.jpg\" class=\"attachment-full size-full\" alt=\"\" srcset=\"https:\/\/ialeman.cl\/wp-content\/uploads\/2025\/12\/Gran-noche-con-el-arte-2025-Instituto-Aleman-de-Puerto-Montt-_0002_DSC_5464.jpg 1200w, https:\/\/ialeman.cl\/wp-content\/uploads\/2025\/12\/Gran-noche-con-el-arte-2025-Instituto-Aleman-de-Puerto-Montt-_0002_DSC_5464-300x200.jpg 300w, https:\/\/ialeman.cl\/wp-content\/uploads\/2025\/12\/Gran-noche-con-el-arte-2025-Instituto-Aleman-de-Puerto-Montt-_0002_DSC_5464-1024x684.jpg 1024w, https:\/\/ialeman.cl\/wp-content\/uploads\/2025\/12\/Gran-noche-con-el-arte-2025-Instituto-Aleman-de-Puerto-Montt-_0002_DSC_5464-768x513.jpg 768w\" sizes=\"(max-width: 1200px) 100vw, 1200px\" \/><\/a>\n\t\t\t<\/div><\/figure><figure class='gallery-item'>\n\t\t\t<div class='gallery-icon landscape'>\n\t\t\t\t<a data-elementor-open-lightbox=\"yes\" data-elementor-lightbox-slideshow=\"00102cf\" data-elementor-lightbox-title=\"Gran noche con el arte 2025 Instituto Alem\u00e1n de Puerto Montt _0009_Niveles 1\" data-e-action-hash=\"#elementor-action%3Aaction%3Dlightbox%26settings%3DeyJpZCI6NTIxMjUsInVybCI6Imh0dHBzOlwvXC9pYWxlbWFuLmNsXC93cC1jb250ZW50XC91cGxvYWRzXC8yMDI1XC8xMlwvR3Jhbi1ub2NoZS1jb24tZWwtYXJ0ZS0yMDI1LUluc3RpdHV0by1BbGVtYW4tZGUtUHVlcnRvLU1vbnR0LV8wMDA5X05pdmVsZXMtMS5qcGciLCJzbGlkZXNob3ciOiIwMDEwMmNmIn0%3D\" href='https:\/\/ialeman.cl\/wp-content\/uploads\/2025\/12\/Gran-noche-con-el-arte-2025-Instituto-Aleman-de-Puerto-Montt-_0009_Niveles-1.jpg'><img loading=\"lazy\" decoding=\"async\" width=\"1200\" height=\"801\" src=\"https:\/\/ialeman.cl\/wp-content\/uploads\/2025\/12\/Gran-noche-con-el-arte-2025-Instituto-Aleman-de-Puerto-Montt-_0009_Niveles-1.jpg\" class=\"attachment-full size-full\" alt=\"\" srcset=\"https:\/\/ialeman.cl\/wp-content\/uploads\/2025\/12\/Gran-noche-con-el-arte-2025-Instituto-Aleman-de-Puerto-Montt-_0009_Niveles-1.jpg 1200w, https:\/\/ialeman.cl\/wp-content\/uploads\/2025\/12\/Gran-noche-con-el-arte-2025-Instituto-Aleman-de-Puerto-Montt-_0009_Niveles-1-300x200.jpg 300w, https:\/\/ialeman.cl\/wp-content\/uploads\/2025\/12\/Gran-noche-con-el-arte-2025-Instituto-Aleman-de-Puerto-Montt-_0009_Niveles-1-1024x684.jpg 1024w, https:\/\/ialeman.cl\/wp-content\/uploads\/2025\/12\/Gran-noche-con-el-arte-2025-Instituto-Aleman-de-Puerto-Montt-_0009_Niveles-1-768x513.jpg 768w\" sizes=\"(max-width: 1200px) 100vw, 1200px\" \/><\/a>\n\t\t\t<\/div><\/figure><figure class='gallery-item'>\n\t\t\t<div class='gallery-icon landscape'>\n\t\t\t\t<a data-elementor-open-lightbox=\"yes\" data-elementor-lightbox-slideshow=\"00102cf\" data-elementor-lightbox-title=\"Gran noche con el arte 2025 Instituto Alem\u00e1n de Puerto Montt _0016_DSC_5511\" data-e-action-hash=\"#elementor-action%3Aaction%3Dlightbox%26settings%3DeyJpZCI6NTIxMzIsInVybCI6Imh0dHBzOlwvXC9pYWxlbWFuLmNsXC93cC1jb250ZW50XC91cGxvYWRzXC8yMDI1XC8xMlwvR3Jhbi1ub2NoZS1jb24tZWwtYXJ0ZS0yMDI1LUluc3RpdHV0by1BbGVtYW4tZGUtUHVlcnRvLU1vbnR0LV8wMDE2X0RTQ181NTExLmpwZyIsInNsaWRlc2hvdyI6IjAwMTAyY2YifQ%3D%3D\" href='https:\/\/ialeman.cl\/wp-content\/uploads\/2025\/12\/Gran-noche-con-el-arte-2025-Instituto-Aleman-de-Puerto-Montt-_0016_DSC_5511.jpg'><img loading=\"lazy\" decoding=\"async\" width=\"1200\" height=\"801\" src=\"https:\/\/ialeman.cl\/wp-content\/uploads\/2025\/12\/Gran-noche-con-el-arte-2025-Instituto-Aleman-de-Puerto-Montt-_0016_DSC_5511.jpg\" class=\"attachment-full size-full\" alt=\"\" srcset=\"https:\/\/ialeman.cl\/wp-content\/uploads\/2025\/12\/Gran-noche-con-el-arte-2025-Instituto-Aleman-de-Puerto-Montt-_0016_DSC_5511.jpg 1200w, https:\/\/ialeman.cl\/wp-content\/uploads\/2025\/12\/Gran-noche-con-el-arte-2025-Instituto-Aleman-de-Puerto-Montt-_0016_DSC_5511-300x200.jpg 300w, https:\/\/ialeman.cl\/wp-content\/uploads\/2025\/12\/Gran-noche-con-el-arte-2025-Instituto-Aleman-de-Puerto-Montt-_0016_DSC_5511-1024x684.jpg 1024w, https:\/\/ialeman.cl\/wp-content\/uploads\/2025\/12\/Gran-noche-con-el-arte-2025-Instituto-Aleman-de-Puerto-Montt-_0016_DSC_5511-768x513.jpg 768w\" sizes=\"(max-width: 1200px) 100vw, 1200px\" \/><\/a>\n\t\t\t<\/div><\/figure><figure class='gallery-item'>\n\t\t\t<div class='gallery-icon landscape'>\n\t\t\t\t<a data-elementor-open-lightbox=\"yes\" data-elementor-lightbox-slideshow=\"00102cf\" data-elementor-lightbox-title=\"Gran noche con el arte 2025 Instituto Alem\u00e1n de Puerto Montt _0023_DSC_5469\" data-e-action-hash=\"#elementor-action%3Aaction%3Dlightbox%26settings%3DeyJpZCI6NTIxMzksInVybCI6Imh0dHBzOlwvXC9pYWxlbWFuLmNsXC93cC1jb250ZW50XC91cGxvYWRzXC8yMDI1XC8xMlwvR3Jhbi1ub2NoZS1jb24tZWwtYXJ0ZS0yMDI1LUluc3RpdHV0by1BbGVtYW4tZGUtUHVlcnRvLU1vbnR0LV8wMDIzX0RTQ181NDY5LmpwZyIsInNsaWRlc2hvdyI6IjAwMTAyY2YifQ%3D%3D\" href='https:\/\/ialeman.cl\/wp-content\/uploads\/2025\/12\/Gran-noche-con-el-arte-2025-Instituto-Aleman-de-Puerto-Montt-_0023_DSC_5469.jpg'><img loading=\"lazy\" decoding=\"async\" width=\"1200\" height=\"801\" src=\"https:\/\/ialeman.cl\/wp-content\/uploads\/2025\/12\/Gran-noche-con-el-arte-2025-Instituto-Aleman-de-Puerto-Montt-_0023_DSC_5469.jpg\" class=\"attachment-full size-full\" alt=\"\" srcset=\"https:\/\/ialeman.cl\/wp-content\/uploads\/2025\/12\/Gran-noche-con-el-arte-2025-Instituto-Aleman-de-Puerto-Montt-_0023_DSC_5469.jpg 1200w, https:\/\/ialeman.cl\/wp-content\/uploads\/2025\/12\/Gran-noche-con-el-arte-2025-Instituto-Aleman-de-Puerto-Montt-_0023_DSC_5469-300x200.jpg 300w, https:\/\/ialeman.cl\/wp-content\/uploads\/2025\/12\/Gran-noche-con-el-arte-2025-Instituto-Aleman-de-Puerto-Montt-_0023_DSC_5469-1024x684.jpg 1024w, https:\/\/ialeman.cl\/wp-content\/uploads\/2025\/12\/Gran-noche-con-el-arte-2025-Instituto-Aleman-de-Puerto-Montt-_0023_DSC_5469-768x513.jpg 768w\" sizes=\"(max-width: 1200px) 100vw, 1200px\" \/><\/a>\n\t\t\t<\/div><\/figure><figure class='gallery-item'>\n\t\t\t<div class='gallery-icon landscape'>\n\t\t\t\t<a data-elementor-open-lightbox=\"yes\" data-elementor-lightbox-slideshow=\"00102cf\" data-elementor-lightbox-title=\"Gran noche con el arte 2025 Instituto Alem\u00e1n de Puerto Montt _0017_Niveles 4\" data-e-action-hash=\"#elementor-action%3Aaction%3Dlightbox%26settings%3DeyJpZCI6NTIxMzMsInVybCI6Imh0dHBzOlwvXC9pYWxlbWFuLmNsXC93cC1jb250ZW50XC91cGxvYWRzXC8yMDI1XC8xMlwvR3Jhbi1ub2NoZS1jb24tZWwtYXJ0ZS0yMDI1LUluc3RpdHV0by1BbGVtYW4tZGUtUHVlcnRvLU1vbnR0LV8wMDE3X05pdmVsZXMtNC5qcGciLCJzbGlkZXNob3ciOiIwMDEwMmNmIn0%3D\" href='https:\/\/ialeman.cl\/wp-content\/uploads\/2025\/12\/Gran-noche-con-el-arte-2025-Instituto-Aleman-de-Puerto-Montt-_0017_Niveles-4.jpg'><img loading=\"lazy\" decoding=\"async\" width=\"1200\" height=\"801\" src=\"https:\/\/ialeman.cl\/wp-content\/uploads\/2025\/12\/Gran-noche-con-el-arte-2025-Instituto-Aleman-de-Puerto-Montt-_0017_Niveles-4.jpg\" class=\"attachment-full size-full\" alt=\"\" srcset=\"https:\/\/ialeman.cl\/wp-content\/uploads\/2025\/12\/Gran-noche-con-el-arte-2025-Instituto-Aleman-de-Puerto-Montt-_0017_Niveles-4.jpg 1200w, https:\/\/ialeman.cl\/wp-content\/uploads\/2025\/12\/Gran-noche-con-el-arte-2025-Instituto-Aleman-de-Puerto-Montt-_0017_Niveles-4-300x200.jpg 300w, https:\/\/ialeman.cl\/wp-content\/uploads\/2025\/12\/Gran-noche-con-el-arte-2025-Instituto-Aleman-de-Puerto-Montt-_0017_Niveles-4-1024x684.jpg 1024w, https:\/\/ialeman.cl\/wp-content\/uploads\/2025\/12\/Gran-noche-con-el-arte-2025-Instituto-Aleman-de-Puerto-Montt-_0017_Niveles-4-768x513.jpg 768w\" sizes=\"(max-width: 1200px) 100vw, 1200px\" \/><\/a>\n\t\t\t<\/div><\/figure><figure class='gallery-item'>\n\t\t\t<div class='gallery-icon landscape'>\n\t\t\t\t<a data-elementor-open-lightbox=\"yes\" data-elementor-lightbox-slideshow=\"00102cf\" data-elementor-lightbox-title=\"Gran noche con el arte 2025 Instituto Alem\u00e1n de Puerto Montt _0012_DSC_5482\" data-e-action-hash=\"#elementor-action%3Aaction%3Dlightbox%26settings%3DeyJpZCI6NTIxMjgsInVybCI6Imh0dHBzOlwvXC9pYWxlbWFuLmNsXC93cC1jb250ZW50XC91cGxvYWRzXC8yMDI1XC8xMlwvR3Jhbi1ub2NoZS1jb24tZWwtYXJ0ZS0yMDI1LUluc3RpdHV0by1BbGVtYW4tZGUtUHVlcnRvLU1vbnR0LV8wMDEyX0RTQ181NDgyLmpwZyIsInNsaWRlc2hvdyI6IjAwMTAyY2YifQ%3D%3D\" href='https:\/\/ialeman.cl\/wp-content\/uploads\/2025\/12\/Gran-noche-con-el-arte-2025-Instituto-Aleman-de-Puerto-Montt-_0012_DSC_5482.jpg'><img loading=\"lazy\" decoding=\"async\" width=\"1200\" height=\"801\" src=\"https:\/\/ialeman.cl\/wp-content\/uploads\/2025\/12\/Gran-noche-con-el-arte-2025-Instituto-Aleman-de-Puerto-Montt-_0012_DSC_5482.jpg\" class=\"attachment-full size-full\" alt=\"\" srcset=\"https:\/\/ialeman.cl\/wp-content\/uploads\/2025\/12\/Gran-noche-con-el-arte-2025-Instituto-Aleman-de-Puerto-Montt-_0012_DSC_5482.jpg 1200w, https:\/\/ialeman.cl\/wp-content\/uploads\/2025\/12\/Gran-noche-con-el-arte-2025-Instituto-Aleman-de-Puerto-Montt-_0012_DSC_5482-300x200.jpg 300w, https:\/\/ialeman.cl\/wp-content\/uploads\/2025\/12\/Gran-noche-con-el-arte-2025-Instituto-Aleman-de-Puerto-Montt-_0012_DSC_5482-1024x684.jpg 1024w, https:\/\/ialeman.cl\/wp-content\/uploads\/2025\/12\/Gran-noche-con-el-arte-2025-Instituto-Aleman-de-Puerto-Montt-_0012_DSC_5482-768x513.jpg 768w\" sizes=\"(max-width: 1200px) 100vw, 1200px\" \/><\/a>\n\t\t\t<\/div><\/figure><figure class='gallery-item'>\n\t\t\t<div class='gallery-icon landscape'>\n\t\t\t\t<a data-elementor-open-lightbox=\"yes\" data-elementor-lightbox-slideshow=\"00102cf\" data-elementor-lightbox-title=\"Gran noche con el arte 2025 Instituto Alem\u00e1n de Puerto Montt _0005_Brillo_contraste 1\" data-e-action-hash=\"#elementor-action%3Aaction%3Dlightbox%26settings%3DeyJpZCI6NTIxMjEsInVybCI6Imh0dHBzOlwvXC9pYWxlbWFuLmNsXC93cC1jb250ZW50XC91cGxvYWRzXC8yMDI1XC8xMlwvR3Jhbi1ub2NoZS1jb24tZWwtYXJ0ZS0yMDI1LUluc3RpdHV0by1BbGVtYW4tZGUtUHVlcnRvLU1vbnR0LV8wMDA1X0JyaWxsb19jb250cmFzdGUtMS5qcGciLCJzbGlkZXNob3ciOiIwMDEwMmNmIn0%3D\" href='https:\/\/ialeman.cl\/wp-content\/uploads\/2025\/12\/Gran-noche-con-el-arte-2025-Instituto-Aleman-de-Puerto-Montt-_0005_Brillo_contraste-1.jpg'><img loading=\"lazy\" decoding=\"async\" width=\"1200\" height=\"801\" src=\"https:\/\/ialeman.cl\/wp-content\/uploads\/2025\/12\/Gran-noche-con-el-arte-2025-Instituto-Aleman-de-Puerto-Montt-_0005_Brillo_contraste-1.jpg\" class=\"attachment-full size-full\" alt=\"\" srcset=\"https:\/\/ialeman.cl\/wp-content\/uploads\/2025\/12\/Gran-noche-con-el-arte-2025-Instituto-Aleman-de-Puerto-Montt-_0005_Brillo_contraste-1.jpg 1200w, https:\/\/ialeman.cl\/wp-content\/uploads\/2025\/12\/Gran-noche-con-el-arte-2025-Instituto-Aleman-de-Puerto-Montt-_0005_Brillo_contraste-1-300x200.jpg 300w, https:\/\/ialeman.cl\/wp-content\/uploads\/2025\/12\/Gran-noche-con-el-arte-2025-Instituto-Aleman-de-Puerto-Montt-_0005_Brillo_contraste-1-1024x684.jpg 1024w, https:\/\/ialeman.cl\/wp-content\/uploads\/2025\/12\/Gran-noche-con-el-arte-2025-Instituto-Aleman-de-Puerto-Montt-_0005_Brillo_contraste-1-768x513.jpg 768w\" sizes=\"(max-width: 1200px) 100vw, 1200px\" \/><\/a>\n\t\t\t<\/div><\/figure><figure class='gallery-item'>\n\t\t\t<div class='gallery-icon landscape'>\n\t\t\t\t<a data-elementor-open-lightbox=\"yes\" data-elementor-lightbox-slideshow=\"00102cf\" data-elementor-lightbox-title=\"Gran noche con el arte 2025 Instituto Alem\u00e1n de Puerto Montt _0006_Niveles 2\" data-e-action-hash=\"#elementor-action%3Aaction%3Dlightbox%26settings%3DeyJpZCI6NTIxMjIsInVybCI6Imh0dHBzOlwvXC9pYWxlbWFuLmNsXC93cC1jb250ZW50XC91cGxvYWRzXC8yMDI1XC8xMlwvR3Jhbi1ub2NoZS1jb24tZWwtYXJ0ZS0yMDI1LUluc3RpdHV0by1BbGVtYW4tZGUtUHVlcnRvLU1vbnR0LV8wMDA2X05pdmVsZXMtMi5qcGciLCJzbGlkZXNob3ciOiIwMDEwMmNmIn0%3D\" href='https:\/\/ialeman.cl\/wp-content\/uploads\/2025\/12\/Gran-noche-con-el-arte-2025-Instituto-Aleman-de-Puerto-Montt-_0006_Niveles-2.jpg'><img loading=\"lazy\" decoding=\"async\" width=\"1200\" height=\"801\" src=\"https:\/\/ialeman.cl\/wp-content\/uploads\/2025\/12\/Gran-noche-con-el-arte-2025-Instituto-Aleman-de-Puerto-Montt-_0006_Niveles-2.jpg\" class=\"attachment-full size-full\" alt=\"\" srcset=\"https:\/\/ialeman.cl\/wp-content\/uploads\/2025\/12\/Gran-noche-con-el-arte-2025-Instituto-Aleman-de-Puerto-Montt-_0006_Niveles-2.jpg 1200w, https:\/\/ialeman.cl\/wp-content\/uploads\/2025\/12\/Gran-noche-con-el-arte-2025-Instituto-Aleman-de-Puerto-Montt-_0006_Niveles-2-300x200.jpg 300w, https:\/\/ialeman.cl\/wp-content\/uploads\/2025\/12\/Gran-noche-con-el-arte-2025-Instituto-Aleman-de-Puerto-Montt-_0006_Niveles-2-1024x684.jpg 1024w, https:\/\/ialeman.cl\/wp-content\/uploads\/2025\/12\/Gran-noche-con-el-arte-2025-Instituto-Aleman-de-Puerto-Montt-_0006_Niveles-2-768x513.jpg 768w\" sizes=\"(max-width: 1200px) 100vw, 1200px\" \/><\/a>\n\t\t\t<\/div><\/figure><figure class='gallery-item'>\n\t\t\t<div class='gallery-icon landscape'>\n\t\t\t\t<a data-elementor-open-lightbox=\"yes\" data-elementor-lightbox-slideshow=\"00102cf\" data-elementor-lightbox-title=\"Gran noche con el arte 2025 Instituto Alem\u00e1n de Puerto Montt _0007_DSC_5656\" data-e-action-hash=\"#elementor-action%3Aaction%3Dlightbox%26settings%3DeyJpZCI6NTIxMjMsInVybCI6Imh0dHBzOlwvXC9pYWxlbWFuLmNsXC93cC1jb250ZW50XC91cGxvYWRzXC8yMDI1XC8xMlwvR3Jhbi1ub2NoZS1jb24tZWwtYXJ0ZS0yMDI1LUluc3RpdHV0by1BbGVtYW4tZGUtUHVlcnRvLU1vbnR0LV8wMDA3X0RTQ181NjU2LmpwZyIsInNsaWRlc2hvdyI6IjAwMTAyY2YifQ%3D%3D\" href='https:\/\/ialeman.cl\/wp-content\/uploads\/2025\/12\/Gran-noche-con-el-arte-2025-Instituto-Aleman-de-Puerto-Montt-_0007_DSC_5656.jpg'><img loading=\"lazy\" decoding=\"async\" width=\"1200\" height=\"801\" src=\"https:\/\/ialeman.cl\/wp-content\/uploads\/2025\/12\/Gran-noche-con-el-arte-2025-Instituto-Aleman-de-Puerto-Montt-_0007_DSC_5656.jpg\" class=\"attachment-full size-full\" alt=\"\" srcset=\"https:\/\/ialeman.cl\/wp-content\/uploads\/2025\/12\/Gran-noche-con-el-arte-2025-Instituto-Aleman-de-Puerto-Montt-_0007_DSC_5656.jpg 1200w, https:\/\/ialeman.cl\/wp-content\/uploads\/2025\/12\/Gran-noche-con-el-arte-2025-Instituto-Aleman-de-Puerto-Montt-_0007_DSC_5656-300x200.jpg 300w, https:\/\/ialeman.cl\/wp-content\/uploads\/2025\/12\/Gran-noche-con-el-arte-2025-Instituto-Aleman-de-Puerto-Montt-_0007_DSC_5656-1024x684.jpg 1024w, https:\/\/ialeman.cl\/wp-content\/uploads\/2025\/12\/Gran-noche-con-el-arte-2025-Instituto-Aleman-de-Puerto-Montt-_0007_DSC_5656-768x513.jpg 768w\" sizes=\"(max-width: 1200px) 100vw, 1200px\" \/><\/a>\n\t\t\t<\/div><\/figure><figure class='gallery-item'>\n\t\t\t<div class='gallery-icon landscape'>\n\t\t\t\t<a data-elementor-open-lightbox=\"yes\" data-elementor-lightbox-slideshow=\"00102cf\" data-elementor-lightbox-title=\"Gran noche con el arte 2025 Instituto Alem\u00e1n de Puerto Montt _0008_DSC_5578\" data-e-action-hash=\"#elementor-action%3Aaction%3Dlightbox%26settings%3DeyJpZCI6NTIxMjQsInVybCI6Imh0dHBzOlwvXC9pYWxlbWFuLmNsXC93cC1jb250ZW50XC91cGxvYWRzXC8yMDI1XC8xMlwvR3Jhbi1ub2NoZS1jb24tZWwtYXJ0ZS0yMDI1LUluc3RpdHV0by1BbGVtYW4tZGUtUHVlcnRvLU1vbnR0LV8wMDA4X0RTQ181NTc4LmpwZyIsInNsaWRlc2hvdyI6IjAwMTAyY2YifQ%3D%3D\" href='https:\/\/ialeman.cl\/wp-content\/uploads\/2025\/12\/Gran-noche-con-el-arte-2025-Instituto-Aleman-de-Puerto-Montt-_0008_DSC_5578.jpg'><img loading=\"lazy\" decoding=\"async\" width=\"1200\" height=\"801\" src=\"https:\/\/ialeman.cl\/wp-content\/uploads\/2025\/12\/Gran-noche-con-el-arte-2025-Instituto-Aleman-de-Puerto-Montt-_0008_DSC_5578.jpg\" class=\"attachment-full size-full\" alt=\"\" srcset=\"https:\/\/ialeman.cl\/wp-content\/uploads\/2025\/12\/Gran-noche-con-el-arte-2025-Instituto-Aleman-de-Puerto-Montt-_0008_DSC_5578.jpg 1200w, https:\/\/ialeman.cl\/wp-content\/uploads\/2025\/12\/Gran-noche-con-el-arte-2025-Instituto-Aleman-de-Puerto-Montt-_0008_DSC_5578-300x200.jpg 300w, https:\/\/ialeman.cl\/wp-content\/uploads\/2025\/12\/Gran-noche-con-el-arte-2025-Instituto-Aleman-de-Puerto-Montt-_0008_DSC_5578-1024x684.jpg 1024w, https:\/\/ialeman.cl\/wp-content\/uploads\/2025\/12\/Gran-noche-con-el-arte-2025-Instituto-Aleman-de-Puerto-Montt-_0008_DSC_5578-768x513.jpg 768w\" sizes=\"(max-width: 1200px) 100vw, 1200px\" \/><\/a>\n\t\t\t<\/div><\/figure><figure class='gallery-item'>\n\t\t\t<div class='gallery-icon landscape'>\n\t\t\t\t<a data-elementor-open-lightbox=\"yes\" data-elementor-lightbox-slideshow=\"00102cf\" data-elementor-lightbox-title=\"Gran noche con el arte 2025 Instituto Alem\u00e1n de Puerto Montt _0013_DSC_5539\" data-e-action-hash=\"#elementor-action%3Aaction%3Dlightbox%26settings%3DeyJpZCI6NTIxMjksInVybCI6Imh0dHBzOlwvXC9pYWxlbWFuLmNsXC93cC1jb250ZW50XC91cGxvYWRzXC8yMDI1XC8xMlwvR3Jhbi1ub2NoZS1jb24tZWwtYXJ0ZS0yMDI1LUluc3RpdHV0by1BbGVtYW4tZGUtUHVlcnRvLU1vbnR0LV8wMDEzX0RTQ181NTM5LmpwZyIsInNsaWRlc2hvdyI6IjAwMTAyY2YifQ%3D%3D\" href='https:\/\/ialeman.cl\/wp-content\/uploads\/2025\/12\/Gran-noche-con-el-arte-2025-Instituto-Aleman-de-Puerto-Montt-_0013_DSC_5539.jpg'><img loading=\"lazy\" decoding=\"async\" width=\"1200\" height=\"801\" src=\"https:\/\/ialeman.cl\/wp-content\/uploads\/2025\/12\/Gran-noche-con-el-arte-2025-Instituto-Aleman-de-Puerto-Montt-_0013_DSC_5539.jpg\" class=\"attachment-full size-full\" alt=\"\" srcset=\"https:\/\/ialeman.cl\/wp-content\/uploads\/2025\/12\/Gran-noche-con-el-arte-2025-Instituto-Aleman-de-Puerto-Montt-_0013_DSC_5539.jpg 1200w, https:\/\/ialeman.cl\/wp-content\/uploads\/2025\/12\/Gran-noche-con-el-arte-2025-Instituto-Aleman-de-Puerto-Montt-_0013_DSC_5539-300x200.jpg 300w, https:\/\/ialeman.cl\/wp-content\/uploads\/2025\/12\/Gran-noche-con-el-arte-2025-Instituto-Aleman-de-Puerto-Montt-_0013_DSC_5539-1024x684.jpg 1024w, https:\/\/ialeman.cl\/wp-content\/uploads\/2025\/12\/Gran-noche-con-el-arte-2025-Instituto-Aleman-de-Puerto-Montt-_0013_DSC_5539-768x513.jpg 768w\" sizes=\"(max-width: 1200px) 100vw, 1200px\" \/><\/a>\n\t\t\t<\/div><\/figure><figure class='gallery-item'>\n\t\t\t<div class='gallery-icon landscape'>\n\t\t\t\t<a data-elementor-open-lightbox=\"yes\" data-elementor-lightbox-slideshow=\"00102cf\" data-elementor-lightbox-title=\"Gran noche con el arte 2025 Instituto Alem\u00e1n de Puerto Montt _0004_Niveles 3\" data-e-action-hash=\"#elementor-action%3Aaction%3Dlightbox%26settings%3DeyJpZCI6NTIxMjAsInVybCI6Imh0dHBzOlwvXC9pYWxlbWFuLmNsXC93cC1jb250ZW50XC91cGxvYWRzXC8yMDI1XC8xMlwvR3Jhbi1ub2NoZS1jb24tZWwtYXJ0ZS0yMDI1LUluc3RpdHV0by1BbGVtYW4tZGUtUHVlcnRvLU1vbnR0LV8wMDA0X05pdmVsZXMtMy5qcGciLCJzbGlkZXNob3ciOiIwMDEwMmNmIn0%3D\" href='https:\/\/ialeman.cl\/wp-content\/uploads\/2025\/12\/Gran-noche-con-el-arte-2025-Instituto-Aleman-de-Puerto-Montt-_0004_Niveles-3.jpg'><img loading=\"lazy\" decoding=\"async\" width=\"1200\" height=\"801\" src=\"https:\/\/ialeman.cl\/wp-content\/uploads\/2025\/12\/Gran-noche-con-el-arte-2025-Instituto-Aleman-de-Puerto-Montt-_0004_Niveles-3.jpg\" class=\"attachment-full size-full\" alt=\"\" srcset=\"https:\/\/ialeman.cl\/wp-content\/uploads\/2025\/12\/Gran-noche-con-el-arte-2025-Instituto-Aleman-de-Puerto-Montt-_0004_Niveles-3.jpg 1200w, https:\/\/ialeman.cl\/wp-content\/uploads\/2025\/12\/Gran-noche-con-el-arte-2025-Instituto-Aleman-de-Puerto-Montt-_0004_Niveles-3-300x200.jpg 300w, https:\/\/ialeman.cl\/wp-content\/uploads\/2025\/12\/Gran-noche-con-el-arte-2025-Instituto-Aleman-de-Puerto-Montt-_0004_Niveles-3-1024x684.jpg 1024w, https:\/\/ialeman.cl\/wp-content\/uploads\/2025\/12\/Gran-noche-con-el-arte-2025-Instituto-Aleman-de-Puerto-Montt-_0004_Niveles-3-768x513.jpg 768w\" sizes=\"(max-width: 1200px) 100vw, 1200px\" \/><\/a>\n\t\t\t<\/div><\/figure><figure class='gallery-item'>\n\t\t\t<div class='gallery-icon landscape'>\n\t\t\t\t<a data-elementor-open-lightbox=\"yes\" data-elementor-lightbox-slideshow=\"00102cf\" data-elementor-lightbox-title=\"Gran noche con el arte 2025 Instituto Alem\u00e1n de Puerto Montt _0010_DSC_5599\" data-e-action-hash=\"#elementor-action%3Aaction%3Dlightbox%26settings%3DeyJpZCI6NTIxMjYsInVybCI6Imh0dHBzOlwvXC9pYWxlbWFuLmNsXC93cC1jb250ZW50XC91cGxvYWRzXC8yMDI1XC8xMlwvR3Jhbi1ub2NoZS1jb24tZWwtYXJ0ZS0yMDI1LUluc3RpdHV0by1BbGVtYW4tZGUtUHVlcnRvLU1vbnR0LV8wMDEwX0RTQ181NTk5LmpwZyIsInNsaWRlc2hvdyI6IjAwMTAyY2YifQ%3D%3D\" href='https:\/\/ialeman.cl\/wp-content\/uploads\/2025\/12\/Gran-noche-con-el-arte-2025-Instituto-Aleman-de-Puerto-Montt-_0010_DSC_5599.jpg'><img loading=\"lazy\" decoding=\"async\" width=\"1200\" height=\"801\" src=\"https:\/\/ialeman.cl\/wp-content\/uploads\/2025\/12\/Gran-noche-con-el-arte-2025-Instituto-Aleman-de-Puerto-Montt-_0010_DSC_5599.jpg\" class=\"attachment-full size-full\" alt=\"\" srcset=\"https:\/\/ialeman.cl\/wp-content\/uploads\/2025\/12\/Gran-noche-con-el-arte-2025-Instituto-Aleman-de-Puerto-Montt-_0010_DSC_5599.jpg 1200w, https:\/\/ialeman.cl\/wp-content\/uploads\/2025\/12\/Gran-noche-con-el-arte-2025-Instituto-Aleman-de-Puerto-Montt-_0010_DSC_5599-300x200.jpg 300w, https:\/\/ialeman.cl\/wp-content\/uploads\/2025\/12\/Gran-noche-con-el-arte-2025-Instituto-Aleman-de-Puerto-Montt-_0010_DSC_5599-1024x684.jpg 1024w, https:\/\/ialeman.cl\/wp-content\/uploads\/2025\/12\/Gran-noche-con-el-arte-2025-Instituto-Aleman-de-Puerto-Montt-_0010_DSC_5599-768x513.jpg 768w\" sizes=\"(max-width: 1200px) 100vw, 1200px\" \/><\/a>\n\t\t\t<\/div><\/figure><figure class='gallery-item'>\n\t\t\t<div class='gallery-icon landscape'>\n\t\t\t\t<a data-elementor-open-lightbox=\"yes\" data-elementor-lightbox-slideshow=\"00102cf\" data-elementor-lightbox-title=\"Gran noche con el arte 2025 Instituto Alem\u00e1n de Puerto Montt _0011_DSC_5548\" data-e-action-hash=\"#elementor-action%3Aaction%3Dlightbox%26settings%3DeyJpZCI6NTIxMjcsInVybCI6Imh0dHBzOlwvXC9pYWxlbWFuLmNsXC93cC1jb250ZW50XC91cGxvYWRzXC8yMDI1XC8xMlwvR3Jhbi1ub2NoZS1jb24tZWwtYXJ0ZS0yMDI1LUluc3RpdHV0by1BbGVtYW4tZGUtUHVlcnRvLU1vbnR0LV8wMDExX0RTQ181NTQ4LmpwZyIsInNsaWRlc2hvdyI6IjAwMTAyY2YifQ%3D%3D\" href='https:\/\/ialeman.cl\/wp-content\/uploads\/2025\/12\/Gran-noche-con-el-arte-2025-Instituto-Aleman-de-Puerto-Montt-_0011_DSC_5548.jpg'><img loading=\"lazy\" decoding=\"async\" width=\"1200\" height=\"801\" src=\"https:\/\/ialeman.cl\/wp-content\/uploads\/2025\/12\/Gran-noche-con-el-arte-2025-Instituto-Aleman-de-Puerto-Montt-_0011_DSC_5548.jpg\" class=\"attachment-full size-full\" alt=\"\" srcset=\"https:\/\/ialeman.cl\/wp-content\/uploads\/2025\/12\/Gran-noche-con-el-arte-2025-Instituto-Aleman-de-Puerto-Montt-_0011_DSC_5548.jpg 1200w, https:\/\/ialeman.cl\/wp-content\/uploads\/2025\/12\/Gran-noche-con-el-arte-2025-Instituto-Aleman-de-Puerto-Montt-_0011_DSC_5548-300x200.jpg 300w, https:\/\/ialeman.cl\/wp-content\/uploads\/2025\/12\/Gran-noche-con-el-arte-2025-Instituto-Aleman-de-Puerto-Montt-_0011_DSC_5548-1024x684.jpg 1024w, https:\/\/ialeman.cl\/wp-content\/uploads\/2025\/12\/Gran-noche-con-el-arte-2025-Instituto-Aleman-de-Puerto-Montt-_0011_DSC_5548-768x513.jpg 768w\" sizes=\"(max-width: 1200px) 100vw, 1200px\" \/><\/a>\n\t\t\t<\/div><\/figure><figure class='gallery-item'>\n\t\t\t<div class='gallery-icon landscape'>\n\t\t\t\t<a data-elementor-open-lightbox=\"yes\" data-elementor-lightbox-slideshow=\"00102cf\" data-elementor-lightbox-title=\"Gran noche con el arte 2025 Instituto Alem\u00e1n de Puerto Montt _0014_DSC_5580\" data-e-action-hash=\"#elementor-action%3Aaction%3Dlightbox%26settings%3DeyJpZCI6NTIxMzAsInVybCI6Imh0dHBzOlwvXC9pYWxlbWFuLmNsXC93cC1jb250ZW50XC91cGxvYWRzXC8yMDI1XC8xMlwvR3Jhbi1ub2NoZS1jb24tZWwtYXJ0ZS0yMDI1LUluc3RpdHV0by1BbGVtYW4tZGUtUHVlcnRvLU1vbnR0LV8wMDE0X0RTQ181NTgwLmpwZyIsInNsaWRlc2hvdyI6IjAwMTAyY2YifQ%3D%3D\" href='https:\/\/ialeman.cl\/wp-content\/uploads\/2025\/12\/Gran-noche-con-el-arte-2025-Instituto-Aleman-de-Puerto-Montt-_0014_DSC_5580.jpg'><img loading=\"lazy\" decoding=\"async\" width=\"1200\" height=\"801\" src=\"https:\/\/ialeman.cl\/wp-content\/uploads\/2025\/12\/Gran-noche-con-el-arte-2025-Instituto-Aleman-de-Puerto-Montt-_0014_DSC_5580.jpg\" class=\"attachment-full size-full\" alt=\"\" srcset=\"https:\/\/ialeman.cl\/wp-content\/uploads\/2025\/12\/Gran-noche-con-el-arte-2025-Instituto-Aleman-de-Puerto-Montt-_0014_DSC_5580.jpg 1200w, https:\/\/ialeman.cl\/wp-content\/uploads\/2025\/12\/Gran-noche-con-el-arte-2025-Instituto-Aleman-de-Puerto-Montt-_0014_DSC_5580-300x200.jpg 300w, https:\/\/ialeman.cl\/wp-content\/uploads\/2025\/12\/Gran-noche-con-el-arte-2025-Instituto-Aleman-de-Puerto-Montt-_0014_DSC_5580-1024x684.jpg 1024w, https:\/\/ialeman.cl\/wp-content\/uploads\/2025\/12\/Gran-noche-con-el-arte-2025-Instituto-Aleman-de-Puerto-Montt-_0014_DSC_5580-768x513.jpg 768w\" sizes=\"(max-width: 1200px) 100vw, 1200px\" \/><\/a>\n\t\t\t<\/div><\/figure><figure class='gallery-item'>\n\t\t\t<div class='gallery-icon landscape'>\n\t\t\t\t<a data-elementor-open-lightbox=\"yes\" data-elementor-lightbox-slideshow=\"00102cf\" data-elementor-lightbox-title=\"Gran noche con el arte 2025 Instituto Alem\u00e1n de Puerto Montt _0015_DSC_5517\" data-e-action-hash=\"#elementor-action%3Aaction%3Dlightbox%26settings%3DeyJpZCI6NTIxMzEsInVybCI6Imh0dHBzOlwvXC9pYWxlbWFuLmNsXC93cC1jb250ZW50XC91cGxvYWRzXC8yMDI1XC8xMlwvR3Jhbi1ub2NoZS1jb24tZWwtYXJ0ZS0yMDI1LUluc3RpdHV0by1BbGVtYW4tZGUtUHVlcnRvLU1vbnR0LV8wMDE1X0RTQ181NTE3LmpwZyIsInNsaWRlc2hvdyI6IjAwMTAyY2YifQ%3D%3D\" href='https:\/\/ialeman.cl\/wp-content\/uploads\/2025\/12\/Gran-noche-con-el-arte-2025-Instituto-Aleman-de-Puerto-Montt-_0015_DSC_5517.jpg'><img loading=\"lazy\" decoding=\"async\" width=\"1200\" height=\"801\" src=\"https:\/\/ialeman.cl\/wp-content\/uploads\/2025\/12\/Gran-noche-con-el-arte-2025-Instituto-Aleman-de-Puerto-Montt-_0015_DSC_5517.jpg\" class=\"attachment-full size-full\" alt=\"\" srcset=\"https:\/\/ialeman.cl\/wp-content\/uploads\/2025\/12\/Gran-noche-con-el-arte-2025-Instituto-Aleman-de-Puerto-Montt-_0015_DSC_5517.jpg 1200w, https:\/\/ialeman.cl\/wp-content\/uploads\/2025\/12\/Gran-noche-con-el-arte-2025-Instituto-Aleman-de-Puerto-Montt-_0015_DSC_5517-300x200.jpg 300w, https:\/\/ialeman.cl\/wp-content\/uploads\/2025\/12\/Gran-noche-con-el-arte-2025-Instituto-Aleman-de-Puerto-Montt-_0015_DSC_5517-1024x684.jpg 1024w, https:\/\/ialeman.cl\/wp-content\/uploads\/2025\/12\/Gran-noche-con-el-arte-2025-Instituto-Aleman-de-Puerto-Montt-_0015_DSC_5517-768x513.jpg 768w\" sizes=\"(max-width: 1200px) 100vw, 1200px\" \/><\/a>\n\t\t\t<\/div><\/figure><figure class='gallery-item'>\n\t\t\t<div class='gallery-icon landscape'>\n\t\t\t\t<a data-elementor-open-lightbox=\"yes\" data-elementor-lightbox-slideshow=\"00102cf\" data-elementor-lightbox-title=\"Gran noche con el arte 2025 Instituto Alem\u00e1n de Puerto Montt _0024_DSC_5553\" data-e-action-hash=\"#elementor-action%3Aaction%3Dlightbox%26settings%3DeyJpZCI6NTIxNDAsInVybCI6Imh0dHBzOlwvXC9pYWxlbWFuLmNsXC93cC1jb250ZW50XC91cGxvYWRzXC8yMDI1XC8xMlwvR3Jhbi1ub2NoZS1jb24tZWwtYXJ0ZS0yMDI1LUluc3RpdHV0by1BbGVtYW4tZGUtUHVlcnRvLU1vbnR0LV8wMDI0X0RTQ181NTUzLmpwZyIsInNsaWRlc2hvdyI6IjAwMTAyY2YifQ%3D%3D\" href='https:\/\/ialeman.cl\/wp-content\/uploads\/2025\/12\/Gran-noche-con-el-arte-2025-Instituto-Aleman-de-Puerto-Montt-_0024_DSC_5553.jpg'><img loading=\"lazy\" decoding=\"async\" width=\"1200\" height=\"801\" src=\"https:\/\/ialeman.cl\/wp-content\/uploads\/2025\/12\/Gran-noche-con-el-arte-2025-Instituto-Aleman-de-Puerto-Montt-_0024_DSC_5553.jpg\" class=\"attachment-full size-full\" alt=\"\" srcset=\"https:\/\/ialeman.cl\/wp-content\/uploads\/2025\/12\/Gran-noche-con-el-arte-2025-Instituto-Aleman-de-Puerto-Montt-_0024_DSC_5553.jpg 1200w, https:\/\/ialeman.cl\/wp-content\/uploads\/2025\/12\/Gran-noche-con-el-arte-2025-Instituto-Aleman-de-Puerto-Montt-_0024_DSC_5553-300x200.jpg 300w, https:\/\/ialeman.cl\/wp-content\/uploads\/2025\/12\/Gran-noche-con-el-arte-2025-Instituto-Aleman-de-Puerto-Montt-_0024_DSC_5553-1024x684.jpg 1024w, https:\/\/ialeman.cl\/wp-content\/uploads\/2025\/12\/Gran-noche-con-el-arte-2025-Instituto-Aleman-de-Puerto-Montt-_0024_DSC_5553-768x513.jpg 768w\" sizes=\"(max-width: 1200px) 100vw, 1200px\" \/><\/a>\n\t\t\t<\/div><\/figure><figure class='gallery-item'>\n\t\t\t<div class='gallery-icon landscape'>\n\t\t\t\t<a data-elementor-open-lightbox=\"yes\" data-elementor-lightbox-slideshow=\"00102cf\" data-elementor-lightbox-title=\"Gran noche con el arte 2025 Instituto Alem\u00e1n de Puerto Montt _0018_Niveles 5\" data-e-action-hash=\"#elementor-action%3Aaction%3Dlightbox%26settings%3DeyJpZCI6NTIxMzQsInVybCI6Imh0dHBzOlwvXC9pYWxlbWFuLmNsXC93cC1jb250ZW50XC91cGxvYWRzXC8yMDI1XC8xMlwvR3Jhbi1ub2NoZS1jb24tZWwtYXJ0ZS0yMDI1LUluc3RpdHV0by1BbGVtYW4tZGUtUHVlcnRvLU1vbnR0LV8wMDE4X05pdmVsZXMtNS5qcGciLCJzbGlkZXNob3ciOiIwMDEwMmNmIn0%3D\" href='https:\/\/ialeman.cl\/wp-content\/uploads\/2025\/12\/Gran-noche-con-el-arte-2025-Instituto-Aleman-de-Puerto-Montt-_0018_Niveles-5.jpg'><img loading=\"lazy\" decoding=\"async\" width=\"1200\" height=\"801\" src=\"https:\/\/ialeman.cl\/wp-content\/uploads\/2025\/12\/Gran-noche-con-el-arte-2025-Instituto-Aleman-de-Puerto-Montt-_0018_Niveles-5.jpg\" class=\"attachment-full size-full\" alt=\"\" srcset=\"https:\/\/ialeman.cl\/wp-content\/uploads\/2025\/12\/Gran-noche-con-el-arte-2025-Instituto-Aleman-de-Puerto-Montt-_0018_Niveles-5.jpg 1200w, https:\/\/ialeman.cl\/wp-content\/uploads\/2025\/12\/Gran-noche-con-el-arte-2025-Instituto-Aleman-de-Puerto-Montt-_0018_Niveles-5-300x200.jpg 300w, https:\/\/ialeman.cl\/wp-content\/uploads\/2025\/12\/Gran-noche-con-el-arte-2025-Instituto-Aleman-de-Puerto-Montt-_0018_Niveles-5-1024x684.jpg 1024w, https:\/\/ialeman.cl\/wp-content\/uploads\/2025\/12\/Gran-noche-con-el-arte-2025-Instituto-Aleman-de-Puerto-Montt-_0018_Niveles-5-768x513.jpg 768w\" sizes=\"(max-width: 1200px) 100vw, 1200px\" \/><\/a>\n\t\t\t<\/div><\/figure><figure class='gallery-item'>\n\t\t\t<div class='gallery-icon landscape'>\n\t\t\t\t<a data-elementor-open-lightbox=\"yes\" data-elementor-lightbox-slideshow=\"00102cf\" data-elementor-lightbox-title=\"Gran noche con el arte 2025 Instituto Alem\u00e1n de Puerto Montt _0003_DSC_5644\" data-e-action-hash=\"#elementor-action%3Aaction%3Dlightbox%26settings%3DeyJpZCI6NTIxMTksInVybCI6Imh0dHBzOlwvXC9pYWxlbWFuLmNsXC93cC1jb250ZW50XC91cGxvYWRzXC8yMDI1XC8xMlwvR3Jhbi1ub2NoZS1jb24tZWwtYXJ0ZS0yMDI1LUluc3RpdHV0by1BbGVtYW4tZGUtUHVlcnRvLU1vbnR0LV8wMDAzX0RTQ181NjQ0LmpwZyIsInNsaWRlc2hvdyI6IjAwMTAyY2YifQ%3D%3D\" href='https:\/\/ialeman.cl\/wp-content\/uploads\/2025\/12\/Gran-noche-con-el-arte-2025-Instituto-Aleman-de-Puerto-Montt-_0003_DSC_5644.jpg'><img loading=\"lazy\" decoding=\"async\" width=\"1200\" height=\"801\" src=\"https:\/\/ialeman.cl\/wp-content\/uploads\/2025\/12\/Gran-noche-con-el-arte-2025-Instituto-Aleman-de-Puerto-Montt-_0003_DSC_5644.jpg\" class=\"attachment-full size-full\" alt=\"\" srcset=\"https:\/\/ialeman.cl\/wp-content\/uploads\/2025\/12\/Gran-noche-con-el-arte-2025-Instituto-Aleman-de-Puerto-Montt-_0003_DSC_5644.jpg 1200w, https:\/\/ialeman.cl\/wp-content\/uploads\/2025\/12\/Gran-noche-con-el-arte-2025-Instituto-Aleman-de-Puerto-Montt-_0003_DSC_5644-300x200.jpg 300w, https:\/\/ialeman.cl\/wp-content\/uploads\/2025\/12\/Gran-noche-con-el-arte-2025-Instituto-Aleman-de-Puerto-Montt-_0003_DSC_5644-1024x684.jpg 1024w, https:\/\/ialeman.cl\/wp-content\/uploads\/2025\/12\/Gran-noche-con-el-arte-2025-Instituto-Aleman-de-Puerto-Montt-_0003_DSC_5644-768x513.jpg 768w\" sizes=\"(max-width: 1200px) 100vw, 1200px\" \/><\/a>\n\t\t\t<\/div><\/figure><figure class='gallery-item'>\n\t\t\t<div class='gallery-icon landscape'>\n\t\t\t\t<a data-elementor-open-lightbox=\"yes\" data-elementor-lightbox-slideshow=\"00102cf\" data-elementor-lightbox-title=\"Gran noche con el arte 2025 Instituto Alem\u00e1n de Puerto Montt _0019_DSC_5486\" data-e-action-hash=\"#elementor-action%3Aaction%3Dlightbox%26settings%3DeyJpZCI6NTIxMzUsInVybCI6Imh0dHBzOlwvXC9pYWxlbWFuLmNsXC93cC1jb250ZW50XC91cGxvYWRzXC8yMDI1XC8xMlwvR3Jhbi1ub2NoZS1jb24tZWwtYXJ0ZS0yMDI1LUluc3RpdHV0by1BbGVtYW4tZGUtUHVlcnRvLU1vbnR0LV8wMDE5X0RTQ181NDg2LmpwZyIsInNsaWRlc2hvdyI6IjAwMTAyY2YifQ%3D%3D\" href='https:\/\/ialeman.cl\/wp-content\/uploads\/2025\/12\/Gran-noche-con-el-arte-2025-Instituto-Aleman-de-Puerto-Montt-_0019_DSC_5486.jpg'><img loading=\"lazy\" decoding=\"async\" width=\"1200\" height=\"801\" src=\"https:\/\/ialeman.cl\/wp-content\/uploads\/2025\/12\/Gran-noche-con-el-arte-2025-Instituto-Aleman-de-Puerto-Montt-_0019_DSC_5486.jpg\" class=\"attachment-full size-full\" alt=\"\" srcset=\"https:\/\/ialeman.cl\/wp-content\/uploads\/2025\/12\/Gran-noche-con-el-arte-2025-Instituto-Aleman-de-Puerto-Montt-_0019_DSC_5486.jpg 1200w, https:\/\/ialeman.cl\/wp-content\/uploads\/2025\/12\/Gran-noche-con-el-arte-2025-Instituto-Aleman-de-Puerto-Montt-_0019_DSC_5486-300x200.jpg 300w, https:\/\/ialeman.cl\/wp-content\/uploads\/2025\/12\/Gran-noche-con-el-arte-2025-Instituto-Aleman-de-Puerto-Montt-_0019_DSC_5486-1024x684.jpg 1024w, https:\/\/ialeman.cl\/wp-content\/uploads\/2025\/12\/Gran-noche-con-el-arte-2025-Instituto-Aleman-de-Puerto-Montt-_0019_DSC_5486-768x513.jpg 768w\" sizes=\"(max-width: 1200px) 100vw, 1200px\" \/><\/a>\n\t\t\t<\/div><\/figure><figure class='gallery-item'>\n\t\t\t<div class='gallery-icon landscape'>\n\t\t\t\t<a data-elementor-open-lightbox=\"yes\" data-elementor-lightbox-slideshow=\"00102cf\" data-elementor-lightbox-title=\"Gran noche con el arte 2025 Instituto Alem\u00e1n de Puerto Montt _0020_Brillo_contraste 2\" data-e-action-hash=\"#elementor-action%3Aaction%3Dlightbox%26settings%3DeyJpZCI6NTIxMzYsInVybCI6Imh0dHBzOlwvXC9pYWxlbWFuLmNsXC93cC1jb250ZW50XC91cGxvYWRzXC8yMDI1XC8xMlwvR3Jhbi1ub2NoZS1jb24tZWwtYXJ0ZS0yMDI1LUluc3RpdHV0by1BbGVtYW4tZGUtUHVlcnRvLU1vbnR0LV8wMDIwX0JyaWxsb19jb250cmFzdGUtMi5qcGciLCJzbGlkZXNob3ciOiIwMDEwMmNmIn0%3D\" href='https:\/\/ialeman.cl\/wp-content\/uploads\/2025\/12\/Gran-noche-con-el-arte-2025-Instituto-Aleman-de-Puerto-Montt-_0020_Brillo_contraste-2.jpg'><img loading=\"lazy\" decoding=\"async\" width=\"1200\" height=\"801\" src=\"https:\/\/ialeman.cl\/wp-content\/uploads\/2025\/12\/Gran-noche-con-el-arte-2025-Instituto-Aleman-de-Puerto-Montt-_0020_Brillo_contraste-2.jpg\" class=\"attachment-full size-full\" alt=\"\" srcset=\"https:\/\/ialeman.cl\/wp-content\/uploads\/2025\/12\/Gran-noche-con-el-arte-2025-Instituto-Aleman-de-Puerto-Montt-_0020_Brillo_contraste-2.jpg 1200w, https:\/\/ialeman.cl\/wp-content\/uploads\/2025\/12\/Gran-noche-con-el-arte-2025-Instituto-Aleman-de-Puerto-Montt-_0020_Brillo_contraste-2-300x200.jpg 300w, https:\/\/ialeman.cl\/wp-content\/uploads\/2025\/12\/Gran-noche-con-el-arte-2025-Instituto-Aleman-de-Puerto-Montt-_0020_Brillo_contraste-2-1024x684.jpg 1024w, https:\/\/ialeman.cl\/wp-content\/uploads\/2025\/12\/Gran-noche-con-el-arte-2025-Instituto-Aleman-de-Puerto-Montt-_0020_Brillo_contraste-2-768x513.jpg 768w\" sizes=\"(max-width: 1200px) 100vw, 1200px\" \/><\/a>\n\t\t\t<\/div><\/figure><figure class='gallery-item'>\n\t\t\t<div class='gallery-icon landscape'>\n\t\t\t\t<a data-elementor-open-lightbox=\"yes\" data-elementor-lightbox-slideshow=\"00102cf\" data-elementor-lightbox-title=\"Gran noche con el arte 2025 Instituto Alem\u00e1n de Puerto Montt _0021_DSC_5462\" data-e-action-hash=\"#elementor-action%3Aaction%3Dlightbox%26settings%3DeyJpZCI6NTIxMzcsInVybCI6Imh0dHBzOlwvXC9pYWxlbWFuLmNsXC93cC1jb250ZW50XC91cGxvYWRzXC8yMDI1XC8xMlwvR3Jhbi1ub2NoZS1jb24tZWwtYXJ0ZS0yMDI1LUluc3RpdHV0by1BbGVtYW4tZGUtUHVlcnRvLU1vbnR0LV8wMDIxX0RTQ181NDYyLTEuanBnIiwic2xpZGVzaG93IjoiMDAxMDJjZiJ9\" href='https:\/\/ialeman.cl\/wp-content\/uploads\/2025\/12\/Gran-noche-con-el-arte-2025-Instituto-Aleman-de-Puerto-Montt-_0021_DSC_5462-1.jpg'><img loading=\"lazy\" decoding=\"async\" width=\"1200\" height=\"801\" src=\"https:\/\/ialeman.cl\/wp-content\/uploads\/2025\/12\/Gran-noche-con-el-arte-2025-Instituto-Aleman-de-Puerto-Montt-_0021_DSC_5462-1.jpg\" class=\"attachment-full size-full\" alt=\"\" srcset=\"https:\/\/ialeman.cl\/wp-content\/uploads\/2025\/12\/Gran-noche-con-el-arte-2025-Instituto-Aleman-de-Puerto-Montt-_0021_DSC_5462-1.jpg 1200w, https:\/\/ialeman.cl\/wp-content\/uploads\/2025\/12\/Gran-noche-con-el-arte-2025-Instituto-Aleman-de-Puerto-Montt-_0021_DSC_5462-1-300x200.jpg 300w, https:\/\/ialeman.cl\/wp-content\/uploads\/2025\/12\/Gran-noche-con-el-arte-2025-Instituto-Aleman-de-Puerto-Montt-_0021_DSC_5462-1-1024x684.jpg 1024w, https:\/\/ialeman.cl\/wp-content\/uploads\/2025\/12\/Gran-noche-con-el-arte-2025-Instituto-Aleman-de-Puerto-Montt-_0021_DSC_5462-1-768x513.jpg 768w\" sizes=\"(max-width: 1200px) 100vw, 1200px\" \/><\/a>\n\t\t\t<\/div><\/figure><figure class='gallery-item'>\n\t\t\t<div class='gallery-icon landscape'>\n\t\t\t\t<a data-elementor-open-lightbox=\"yes\" data-elementor-lightbox-slideshow=\"00102cf\" data-elementor-lightbox-title=\"Gran noche con el arte 2025 Instituto Alem\u00e1n de Puerto Montt _0022_Niveles 6\" data-e-action-hash=\"#elementor-action%3Aaction%3Dlightbox%26settings%3DeyJpZCI6NTIxMzgsInVybCI6Imh0dHBzOlwvXC9pYWxlbWFuLmNsXC93cC1jb250ZW50XC91cGxvYWRzXC8yMDI1XC8xMlwvR3Jhbi1ub2NoZS1jb24tZWwtYXJ0ZS0yMDI1LUluc3RpdHV0by1BbGVtYW4tZGUtUHVlcnRvLU1vbnR0LV8wMDIyX05pdmVsZXMtNi5qcGciLCJzbGlkZXNob3ciOiIwMDEwMmNmIn0%3D\" href='https:\/\/ialeman.cl\/wp-content\/uploads\/2025\/12\/Gran-noche-con-el-arte-2025-Instituto-Aleman-de-Puerto-Montt-_0022_Niveles-6.jpg'><img loading=\"lazy\" decoding=\"async\" width=\"1200\" height=\"801\" src=\"https:\/\/ialeman.cl\/wp-content\/uploads\/2025\/12\/Gran-noche-con-el-arte-2025-Instituto-Aleman-de-Puerto-Montt-_0022_Niveles-6.jpg\" class=\"attachment-full size-full\" alt=\"\" srcset=\"https:\/\/ialeman.cl\/wp-content\/uploads\/2025\/12\/Gran-noche-con-el-arte-2025-Instituto-Aleman-de-Puerto-Montt-_0022_Niveles-6.jpg 1200w, https:\/\/ialeman.cl\/wp-content\/uploads\/2025\/12\/Gran-noche-con-el-arte-2025-Instituto-Aleman-de-Puerto-Montt-_0022_Niveles-6-300x200.jpg 300w, https:\/\/ialeman.cl\/wp-content\/uploads\/2025\/12\/Gran-noche-con-el-arte-2025-Instituto-Aleman-de-Puerto-Montt-_0022_Niveles-6-1024x684.jpg 1024w, https:\/\/ialeman.cl\/wp-content\/uploads\/2025\/12\/Gran-noche-con-el-arte-2025-Instituto-Aleman-de-Puerto-Montt-_0022_Niveles-6-768x513.jpg 768w\" sizes=\"(max-width: 1200px) 100vw, 1200px\" \/><\/a>\n\t\t\t<\/div><\/figure><figure class='gallery-item'>\n\t\t\t<div class='gallery-icon landscape'>\n\t\t\t\t<a data-elementor-open-lightbox=\"yes\" data-elementor-lightbox-slideshow=\"00102cf\" data-elementor-lightbox-title=\"Gran noche con el arte 2025 Instituto Alem\u00e1n de Puerto Montt _0024_DSC_5553tt\" data-e-action-hash=\"#elementor-action%3Aaction%3Dlightbox%26settings%3DeyJpZCI6NTIxNDUsInVybCI6Imh0dHBzOlwvXC9pYWxlbWFuLmNsXC93cC1jb250ZW50XC91cGxvYWRzXC8yMDI1XC8xMlwvR3Jhbi1ub2NoZS1jb24tZWwtYXJ0ZS0yMDI1LUluc3RpdHV0by1BbGVtYW4tZGUtUHVlcnRvLU1vbnR0LV8wMDI0X0RTQ181NTUzdHQuanBnIiwic2xpZGVzaG93IjoiMDAxMDJjZiJ9\" href='https:\/\/ialeman.cl\/wp-content\/uploads\/2025\/12\/Gran-noche-con-el-arte-2025-Instituto-Aleman-de-Puerto-Montt-_0024_DSC_5553tt.jpg'><img loading=\"lazy\" decoding=\"async\" width=\"1200\" height=\"801\" src=\"https:\/\/ialeman.cl\/wp-content\/uploads\/2025\/12\/Gran-noche-con-el-arte-2025-Instituto-Aleman-de-Puerto-Montt-_0024_DSC_5553tt.jpg\" class=\"attachment-full size-full\" alt=\"\" srcset=\"https:\/\/ialeman.cl\/wp-content\/uploads\/2025\/12\/Gran-noche-con-el-arte-2025-Instituto-Aleman-de-Puerto-Montt-_0024_DSC_5553tt.jpg 1200w, https:\/\/ialeman.cl\/wp-content\/uploads\/2025\/12\/Gran-noche-con-el-arte-2025-Instituto-Aleman-de-Puerto-Montt-_0024_DSC_5553tt-300x200.jpg 300w, https:\/\/ialeman.cl\/wp-content\/uploads\/2025\/12\/Gran-noche-con-el-arte-2025-Instituto-Aleman-de-Puerto-Montt-_0024_DSC_5553tt-1024x684.jpg 1024w, https:\/\/ialeman.cl\/wp-content\/uploads\/2025\/12\/Gran-noche-con-el-arte-2025-Instituto-Aleman-de-Puerto-Montt-_0024_DSC_5553tt-768x513.jpg 768w\" sizes=\"(max-width: 1200px) 100vw, 1200px\" \/><\/a>\n\t\t\t<\/div><\/figure>\n\t\t<\/div>\n\t\t<\/div>\n\t\t\t\t\t\t<\/div>\n\t\t\t\t<\/div>\n\t\t\t\t\t<\/div>\n\t\t<\/div>\n\t\t\t\t\t<\/div>\n\t\t<\/section>\n\t\t\t\t<\/div>\n\t\t","protected":false},"excerpt":{"rendered":"<p>La III Gran Noche con el Arte reuni\u00f3 a la comunidad en una destacada jornada cultural El Instituto Alem\u00e1n de Puerto Montt celebr\u00f3 la III versi\u00f3n de la Gran Noche con el Arte 2025, una iniciativa impulsada por el Alumniverein y realizada en colaboraci\u00f3n con la Galer\u00eda de Arte Contacto. M\u00e1s de 200 obras de [&hellip;]<\/p>\n","protected":false},"author":6,"featured_media":52111,"comment_status":"closed","ping_status":"","sticky":false,"template":"","format":"standard","meta":{"site-sidebar-layout":"default","site-content-layout":"","ast-site-content-layout":"default","site-content-style":"default","site-sidebar-style":"default","ast-global-header-display":"","ast-banner-title-visibility":"","ast-main-header-display":"","ast-hfb-above-header-display":"","ast-hfb-below-header-display":"","ast-hfb-mobile-header-display":"","site-post-title":"","ast-breadcrumbs-content":"","ast-featured-img":"disabled","footer-sml-layout":"","ast-disable-related-posts":"","theme-transparent-header-meta":"","adv-header-id-meta":"","stick-header-meta":"","header-above-stick-meta":"","header-main-stick-meta":"","header-below-stick-meta":"","astra-migrate-meta-layouts":"set","ast-page-background-enabled":"default","ast-page-background-meta":{"desktop":{"background-color":"var(--ast-global-color-4)","background-image":"","background-repeat":"repeat","background-position":"center center","background-size":"auto","background-attachment":"scroll","background-type":"","background-media":"","overlay-type":"","overlay-color":"","overlay-opacity":"","overlay-gradient":""},"tablet":{"background-color":"","background-image":"","background-repeat":"repeat","background-position":"center center","background-size":"auto","background-attachment":"scroll","background-type":"","background-media":"","overlay-type":"","overlay-color":"","overlay-opacity":"","overlay-gradient":""},"mobile":{"background-color":"","background-image":"","background-repeat":"repeat","background-position":"center center","background-size":"auto","background-attachment":"scroll","background-type":"","background-media":"","overlay-type":"","overlay-color":"","overlay-opacity":"","overlay-gradient":""}},"ast-content-background-meta":{"desktop":{"background-color":"var(--ast-global-color-5)","background-image":"","background-repeat":"repeat","background-position":"center center","background-size":"auto","background-attachment":"scroll","background-type":"","background-media":"","overlay-type":"","overlay-color":"","overlay-opacity":"","overlay-gradient":""},"tablet":{"background-color":"var(--ast-global-color-5)","background-image":"","background-repeat":"repeat","background-position":"center center","background-size":"auto","background-attachment":"scroll","background-type":"","background-media":"","overlay-type":"","overlay-color":"","overlay-opacity":"","overlay-gradient":""},"mobile":{"background-color":"var(--ast-global-color-5)","background-image":"","background-repeat":"repeat","background-position":"center center","background-size":"auto","background-attachment":"scroll","background-type":"","background-media":"","overlay-type":"","overlay-color":"","overlay-opacity":"","overlay-gradient":""}},"advanced_seo_description":"","jetpack_seo_html_title":"","jetpack_seo_noindex":false,"jetpack_seo_schema_type":"","_jetpack_newsletter_access":"","_jetpack_dont_email_post_to_subs":false,"_jetpack_newsletter_tier_id":0,"_jetpack_memberships_contains_paywalled_content":false,"_wpcom_ai_launchpad_first_post":false,"_jetpack_feature_clip_id":0,"_jetpack_memberships_contains_paid_content":false,"footnotes":"","jetpack_post_was_ever_published":false},"categories":[10],"tags":[],"class_list":["post-52110","post","type-post","status-publish","format-standard","has-post-thumbnail","hentry","category-noticias"],"jetpack_shortlink":"https:\/\/wp.me\/ph8I5c-dyu","jetpack_sharing_enabled":true,"jetpack_featured_media_url":"https:\/\/ialeman.cl\/wp-content\/uploads\/2025\/12\/Gran-noche-con-el-arte-2025-Instituto-Aleman-de-Puerto-Montt-_0021_DSC_5462.jpg","_links":{"self":[{"href":"https:\/\/ialeman.cl\/index.php\/wp-json\/wp\/v2\/posts\/52110","targetHints":{"allow":["GET"]}}],"collection":[{"href":"https:\/\/ialeman.cl\/index.php\/wp-json\/wp\/v2\/posts"}],"about":[{"href":"https:\/\/ialeman.cl\/index.php\/wp-json\/wp\/v2\/types\/post"}],"author":[{"embeddable":true,"href":"https:\/\/ialeman.cl\/index.php\/wp-json\/wp\/v2\/users\/6"}],"replies":[{"embeddable":true,"href":"https:\/\/ialeman.cl\/index.php\/wp-json\/wp\/v2\/comments?post=52110"}],"version-history":[{"count":14,"href":"https:\/\/ialeman.cl\/index.php\/wp-json\/wp\/v2\/posts\/52110\/revisions"}],"predecessor-version":[{"id":52152,"href":"https:\/\/ialeman.cl\/index.php\/wp-json\/wp\/v2\/posts\/52110\/revisions\/52152"}],"wp:featuredmedia":[{"embeddable":true,"href":"https:\/\/ialeman.cl\/index.php\/wp-json\/wp\/v2\/media\/52111"}],"wp:attachment":[{"href":"https:\/\/ialeman.cl\/index.php\/wp-json\/wp\/v2\/media?parent=52110"}],"wp:term":[{"taxonomy":"category","embeddable":true,"href":"https:\/\/ialeman.cl\/index.php\/wp-json\/wp\/v2\/categories?post=52110"},{"taxonomy":"post_tag","embeddable":true,"href":"https:\/\/ialeman.cl\/index.php\/wp-json\/wp\/v2\/tags?post=52110"}],"curies":[{"name":"wp","href":"https:\/\/api.w.org\/{rel}","templated":true}]}}