{"id":51898,"date":"2025-12-03T10:11:13","date_gmt":"2025-12-03T14:11:13","guid":{"rendered":"https:\/\/ialeman.cl\/?p=51898"},"modified":"2025-12-03T10:23:38","modified_gmt":"2025-12-03T14:23:38","slug":"ritual-de-los-corazones-2","status":"publish","type":"post","link":"https:\/\/ialeman.cl\/index.php\/ritual-de-los-corazones-2\/","title":{"rendered":"Ritual de los Corazones"},"content":{"rendered":"\t\t<div data-elementor-type=\"wp-post\" data-elementor-id=\"51898\" class=\"elementor elementor-51898\">\n\t\t\t\t\t\t<section class=\"elementor-section elementor-top-section elementor-element elementor-element-cb6f93e elementor-section-boxed elementor-section-height-default elementor-section-height-default\" data-id=\"cb6f93e\" data-element_type=\"section\" data-e-type=\"section\">\n\t\t\t\t\t\t<div class=\"elementor-container elementor-column-gap-default\">\n\t\t\t\t\t<div class=\"elementor-column elementor-col-100 elementor-top-column elementor-element elementor-element-63f0b7a\" data-id=\"63f0b7a\" data-element_type=\"column\" data-e-type=\"column\">\n\t\t\t<div class=\"elementor-widget-wrap elementor-element-populated\">\n\t\t\t\t\t\t<div class=\"elementor-element elementor-element-ecdd9b6 elementor-widget elementor-widget-heading\" data-id=\"ecdd9b6\" data-element_type=\"widget\" data-e-type=\"widget\" data-widget_type=\"heading.default\">\n\t\t\t\t<div class=\"elementor-widget-container\">\n\t\t\t\t\t<h2 class=\"elementor-heading-title elementor-size-default\">Ritual de los Corazones 2025: Estudiantes se despiden de Kinder\n<\/h2>\t\t\t\t<\/div>\n\t\t\t\t<\/div>\n\t\t\t\t\t<\/div>\n\t\t<\/div>\n\t\t\t\t\t<\/div>\n\t\t<\/section>\n\t\t\t\t<section class=\"elementor-section elementor-top-section elementor-element elementor-element-46b37ed elementor-section-boxed elementor-section-height-default elementor-section-height-default\" data-id=\"46b37ed\" data-element_type=\"section\" data-e-type=\"section\">\n\t\t\t\t\t\t<div class=\"elementor-container elementor-column-gap-default\">\n\t\t\t\t\t<div class=\"elementor-column elementor-col-100 elementor-top-column elementor-element elementor-element-747cf29\" data-id=\"747cf29\" data-element_type=\"column\" data-e-type=\"column\">\n\t\t\t<div class=\"elementor-widget-wrap elementor-element-populated\">\n\t\t\t\t\t\t<div class=\"elementor-element elementor-element-f5c52fc elementor-widget elementor-widget-heading\" data-id=\"f5c52fc\" data-element_type=\"widget\" data-e-type=\"widget\" data-widget_type=\"heading.default\">\n\t\t\t\t<div class=\"elementor-widget-container\">\n\t\t\t\t\t<h2 class=\"elementor-heading-title elementor-size-default\">El Instituto Alem\u00e1n de Puerto Montt celebr\u00f3 el tradicional Ritual de los Corazones junto a los estudiantes y familias de Kinder, instancia que marca el cierre de su etapa en Educaci\u00f3n Inicial. En esta emotiva actividad participaron los tres cursos, Kinder A, B y C, donde cada familia dedic\u00f3 una carta a sus hijos, expresando palabras de cari\u00f1o, reconocimiento y buenos deseos.<br><br>\n\nDurante la jornada, las familias recibieron un regalo muy especial: el delantal y el morral que acompa\u00f1aron a los ni\u00f1os durante su trayectoria en el Kindergarten, desde Medio Menor hasta Kinder. En un ambiente de alegr\u00eda y emoci\u00f3n, los estudiantes se despidieron de sus Tanten y finalizaron la ceremonia con el \u00faltimo llamado a lista y la interpretaci\u00f3n de una canci\u00f3n en alem\u00e1n.<br><br>\n\nEl Ritual de los Corazones simboliza el t\u00e9rmino de una etapa fundamental y abre el camino hacia un nuevo desaf\u00edo acad\u00e9mico. A partir del pr\u00f3ximo a\u00f1o, los alumnos iniciar\u00e1n su recorrido en 1\u00b0 b\u00e1sico, dando paso al anhelado \u201ccolegio de los grandes\u201d, un hito esperado con entusiasmo tanto por los ni\u00f1os y sus pap\u00e1s como por toda la comunidad del Instituto Alem\u00e1n de Puerto Montt.<\/h2>\t\t\t\t<\/div>\n\t\t\t\t<\/div>\n\t\t\t\t\t<\/div>\n\t\t<\/div>\n\t\t\t\t\t<\/div>\n\t\t<\/section>\n\t\t\t\t<section class=\"elementor-section elementor-top-section elementor-element elementor-element-28ddb96 elementor-section-boxed elementor-section-height-default elementor-section-height-default\" data-id=\"28ddb96\" data-element_type=\"section\" data-e-type=\"section\">\n\t\t\t\t\t\t<div class=\"elementor-container elementor-column-gap-default\">\n\t\t\t\t\t<div class=\"elementor-column elementor-col-100 elementor-top-column elementor-element elementor-element-9edccfb\" data-id=\"9edccfb\" data-element_type=\"column\" data-e-type=\"column\">\n\t\t\t<div class=\"elementor-widget-wrap elementor-element-populated\">\n\t\t\t\t\t\t<div class=\"elementor-element elementor-element-aff9b3a elementor-widget elementor-widget-heading\" data-id=\"aff9b3a\" data-element_type=\"widget\" data-e-type=\"widget\" data-widget_type=\"heading.default\">\n\t\t\t\t<div class=\"elementor-widget-container\">\n\t\t\t\t\t<h2 class=\"elementor-heading-title elementor-size-default\">1\/12\/2025<\/h2>\t\t\t\t<\/div>\n\t\t\t\t<\/div>\n\t\t\t\t\t<\/div>\n\t\t<\/div>\n\t\t\t\t\t<\/div>\n\t\t<\/section>\n\t\t\t\t<section class=\"elementor-section elementor-top-section elementor-element elementor-element-41ff5a6 elementor-section-boxed elementor-section-height-default elementor-section-height-default\" data-id=\"41ff5a6\" data-element_type=\"section\" data-e-type=\"section\">\n\t\t\t\t\t\t<div class=\"elementor-container elementor-column-gap-default\">\n\t\t\t\t\t<div class=\"elementor-column elementor-col-100 elementor-top-column elementor-element elementor-element-2571d9a\" data-id=\"2571d9a\" data-element_type=\"column\" data-e-type=\"column\">\n\t\t\t<div class=\"elementor-widget-wrap elementor-element-populated\">\n\t\t\t\t\t\t<div class=\"elementor-element elementor-element-93f3ece gallery-spacing-custom elementor-widget elementor-widget-image-gallery\" data-id=\"93f3ece\" data-element_type=\"widget\" data-e-type=\"widget\" data-widget_type=\"image-gallery.default\">\n\t\t\t\t<div class=\"elementor-widget-container\">\n\t\t\t\t\t\t\t<div class=\"elementor-image-gallery\">\n\t\t\t<div id='gallery-1' class='gallery galleryid-51898 gallery-columns-2 gallery-size-full'><figure class='gallery-item'>\n\t\t\t<div class='gallery-icon landscape'>\n\t\t\t\t<a data-elementor-open-lightbox=\"yes\" data-elementor-lightbox-slideshow=\"93f3ece\" data-elementor-lightbox-title=\"ceremonia de los corazones 2025 Instituto Alem\u00e1n de Puerto Montt_0056_DSC_0689\" data-e-action-hash=\"#elementor-action%3Aaction%3Dlightbox%26settings%3DeyJpZCI6NTE5NjMsInVybCI6Imh0dHBzOlwvXC9pYWxlbWFuLmNsXC93cC1jb250ZW50XC91cGxvYWRzXC8yMDI1XC8xMlwvY2VyZW1vbmlhLWRlLWxvcy1jb3Jhem9uZXMtMjAyNS1JbnN0aXR1dG8tQWxlbWFuLWRlLVB1ZXJ0by1Nb250dF8wMDU2X0RTQ18wNjg5LmpwZyIsInNsaWRlc2hvdyI6IjkzZjNlY2UifQ%3D%3D\" href='https:\/\/ialeman.cl\/wp-content\/uploads\/2025\/12\/ceremonia-de-los-corazones-2025-Instituto-Aleman-de-Puerto-Montt_0056_DSC_0689.jpg'><img fetchpriority=\"high\" decoding=\"async\" width=\"1200\" height=\"801\" src=\"https:\/\/ialeman.cl\/wp-content\/uploads\/2025\/12\/ceremonia-de-los-corazones-2025-Instituto-Aleman-de-Puerto-Montt_0056_DSC_0689.jpg\" class=\"attachment-full size-full\" alt=\"\" srcset=\"https:\/\/ialeman.cl\/wp-content\/uploads\/2025\/12\/ceremonia-de-los-corazones-2025-Instituto-Aleman-de-Puerto-Montt_0056_DSC_0689.jpg 1200w, https:\/\/ialeman.cl\/wp-content\/uploads\/2025\/12\/ceremonia-de-los-corazones-2025-Instituto-Aleman-de-Puerto-Montt_0056_DSC_0689-300x200.jpg 300w, https:\/\/ialeman.cl\/wp-content\/uploads\/2025\/12\/ceremonia-de-los-corazones-2025-Instituto-Aleman-de-Puerto-Montt_0056_DSC_0689-1024x684.jpg 1024w, https:\/\/ialeman.cl\/wp-content\/uploads\/2025\/12\/ceremonia-de-los-corazones-2025-Instituto-Aleman-de-Puerto-Montt_0056_DSC_0689-768x513.jpg 768w\" sizes=\"(max-width: 1200px) 100vw, 1200px\" \/><\/a>\n\t\t\t<\/div><\/figure><figure class='gallery-item'>\n\t\t\t<div class='gallery-icon landscape'>\n\t\t\t\t<a data-elementor-open-lightbox=\"yes\" data-elementor-lightbox-slideshow=\"93f3ece\" data-elementor-lightbox-title=\"ceremonia de los corazones 2025 Instituto Alem\u00e1n de Puerto Montt_0007_DSC_1530\" data-e-action-hash=\"#elementor-action%3Aaction%3Dlightbox%26settings%3DeyJpZCI6NTE5MTQsInVybCI6Imh0dHBzOlwvXC9pYWxlbWFuLmNsXC93cC1jb250ZW50XC91cGxvYWRzXC8yMDI1XC8xMlwvY2VyZW1vbmlhLWRlLWxvcy1jb3Jhem9uZXMtMjAyNS1JbnN0aXR1dG8tQWxlbWFuLWRlLVB1ZXJ0by1Nb250dF8wMDA3X0RTQ18xNTMwLTEuanBnIiwic2xpZGVzaG93IjoiOTNmM2VjZSJ9\" href='https:\/\/ialeman.cl\/wp-content\/uploads\/2025\/12\/ceremonia-de-los-corazones-2025-Instituto-Aleman-de-Puerto-Montt_0007_DSC_1530-1.jpg'><img decoding=\"async\" width=\"1200\" height=\"801\" src=\"https:\/\/ialeman.cl\/wp-content\/uploads\/2025\/12\/ceremonia-de-los-corazones-2025-Instituto-Aleman-de-Puerto-Montt_0007_DSC_1530-1.jpg\" class=\"attachment-full size-full\" alt=\"\" srcset=\"https:\/\/ialeman.cl\/wp-content\/uploads\/2025\/12\/ceremonia-de-los-corazones-2025-Instituto-Aleman-de-Puerto-Montt_0007_DSC_1530-1.jpg 1200w, https:\/\/ialeman.cl\/wp-content\/uploads\/2025\/12\/ceremonia-de-los-corazones-2025-Instituto-Aleman-de-Puerto-Montt_0007_DSC_1530-1-300x200.jpg 300w, https:\/\/ialeman.cl\/wp-content\/uploads\/2025\/12\/ceremonia-de-los-corazones-2025-Instituto-Aleman-de-Puerto-Montt_0007_DSC_1530-1-1024x684.jpg 1024w, https:\/\/ialeman.cl\/wp-content\/uploads\/2025\/12\/ceremonia-de-los-corazones-2025-Instituto-Aleman-de-Puerto-Montt_0007_DSC_1530-1-768x513.jpg 768w\" sizes=\"(max-width: 1200px) 100vw, 1200px\" \/><\/a>\n\t\t\t<\/div><\/figure><figure class='gallery-item'>\n\t\t\t<div class='gallery-icon landscape'>\n\t\t\t\t<a data-elementor-open-lightbox=\"yes\" data-elementor-lightbox-slideshow=\"93f3ece\" data-elementor-lightbox-title=\"ceremonia de los corazones 2025 Instituto Alem\u00e1n de Puerto Montt_0015_DSC_1357\" data-e-action-hash=\"#elementor-action%3Aaction%3Dlightbox%26settings%3DeyJpZCI6NTE5MjIsInVybCI6Imh0dHBzOlwvXC9pYWxlbWFuLmNsXC93cC1jb250ZW50XC91cGxvYWRzXC8yMDI1XC8xMlwvY2VyZW1vbmlhLWRlLWxvcy1jb3Jhem9uZXMtMjAyNS1JbnN0aXR1dG8tQWxlbWFuLWRlLVB1ZXJ0by1Nb250dF8wMDE1X0RTQ18xMzU3LmpwZyIsInNsaWRlc2hvdyI6IjkzZjNlY2UifQ%3D%3D\" href='https:\/\/ialeman.cl\/wp-content\/uploads\/2025\/12\/ceremonia-de-los-corazones-2025-Instituto-Aleman-de-Puerto-Montt_0015_DSC_1357.jpg'><img decoding=\"async\" width=\"1200\" height=\"801\" src=\"https:\/\/ialeman.cl\/wp-content\/uploads\/2025\/12\/ceremonia-de-los-corazones-2025-Instituto-Aleman-de-Puerto-Montt_0015_DSC_1357.jpg\" class=\"attachment-full size-full\" alt=\"\" srcset=\"https:\/\/ialeman.cl\/wp-content\/uploads\/2025\/12\/ceremonia-de-los-corazones-2025-Instituto-Aleman-de-Puerto-Montt_0015_DSC_1357.jpg 1200w, https:\/\/ialeman.cl\/wp-content\/uploads\/2025\/12\/ceremonia-de-los-corazones-2025-Instituto-Aleman-de-Puerto-Montt_0015_DSC_1357-300x200.jpg 300w, https:\/\/ialeman.cl\/wp-content\/uploads\/2025\/12\/ceremonia-de-los-corazones-2025-Instituto-Aleman-de-Puerto-Montt_0015_DSC_1357-1024x684.jpg 1024w, https:\/\/ialeman.cl\/wp-content\/uploads\/2025\/12\/ceremonia-de-los-corazones-2025-Instituto-Aleman-de-Puerto-Montt_0015_DSC_1357-768x513.jpg 768w\" sizes=\"(max-width: 1200px) 100vw, 1200px\" \/><\/a>\n\t\t\t<\/div><\/figure><figure class='gallery-item'>\n\t\t\t<div class='gallery-icon landscape'>\n\t\t\t\t<a data-elementor-open-lightbox=\"yes\" data-elementor-lightbox-slideshow=\"93f3ece\" data-elementor-lightbox-title=\"ceremonia de los corazones 2025 Instituto Alem\u00e1n de Puerto Montt_0078_DSC_0439\" data-e-action-hash=\"#elementor-action%3Aaction%3Dlightbox%26settings%3DeyJpZCI6NTE5ODUsInVybCI6Imh0dHBzOlwvXC9pYWxlbWFuLmNsXC93cC1jb250ZW50XC91cGxvYWRzXC8yMDI1XC8xMlwvY2VyZW1vbmlhLWRlLWxvcy1jb3Jhem9uZXMtMjAyNS1JbnN0aXR1dG8tQWxlbWFuLWRlLVB1ZXJ0by1Nb250dF8wMDc4X0RTQ18wNDM5LmpwZyIsInNsaWRlc2hvdyI6IjkzZjNlY2UifQ%3D%3D\" href='https:\/\/ialeman.cl\/wp-content\/uploads\/2025\/12\/ceremonia-de-los-corazones-2025-Instituto-Aleman-de-Puerto-Montt_0078_DSC_0439.jpg'><img loading=\"lazy\" decoding=\"async\" width=\"1200\" height=\"801\" src=\"https:\/\/ialeman.cl\/wp-content\/uploads\/2025\/12\/ceremonia-de-los-corazones-2025-Instituto-Aleman-de-Puerto-Montt_0078_DSC_0439.jpg\" class=\"attachment-full size-full\" alt=\"\" srcset=\"https:\/\/ialeman.cl\/wp-content\/uploads\/2025\/12\/ceremonia-de-los-corazones-2025-Instituto-Aleman-de-Puerto-Montt_0078_DSC_0439.jpg 1200w, https:\/\/ialeman.cl\/wp-content\/uploads\/2025\/12\/ceremonia-de-los-corazones-2025-Instituto-Aleman-de-Puerto-Montt_0078_DSC_0439-300x200.jpg 300w, https:\/\/ialeman.cl\/wp-content\/uploads\/2025\/12\/ceremonia-de-los-corazones-2025-Instituto-Aleman-de-Puerto-Montt_0078_DSC_0439-1024x684.jpg 1024w, https:\/\/ialeman.cl\/wp-content\/uploads\/2025\/12\/ceremonia-de-los-corazones-2025-Instituto-Aleman-de-Puerto-Montt_0078_DSC_0439-768x513.jpg 768w\" sizes=\"(max-width: 1200px) 100vw, 1200px\" \/><\/a>\n\t\t\t<\/div><\/figure><figure class='gallery-item'>\n\t\t\t<div class='gallery-icon landscape'>\n\t\t\t\t<a data-elementor-open-lightbox=\"yes\" data-elementor-lightbox-slideshow=\"93f3ece\" data-elementor-lightbox-title=\"ceremonia de los corazones 2025 Instituto Alem\u00e1n de Puerto Montt_0029_DSC_1049\" data-e-action-hash=\"#elementor-action%3Aaction%3Dlightbox%26settings%3DeyJpZCI6NTE5MzYsInVybCI6Imh0dHBzOlwvXC9pYWxlbWFuLmNsXC93cC1jb250ZW50XC91cGxvYWRzXC8yMDI1XC8xMlwvY2VyZW1vbmlhLWRlLWxvcy1jb3Jhem9uZXMtMjAyNS1JbnN0aXR1dG8tQWxlbWFuLWRlLVB1ZXJ0by1Nb250dF8wMDI5X0RTQ18xMDQ5LmpwZyIsInNsaWRlc2hvdyI6IjkzZjNlY2UifQ%3D%3D\" href='https:\/\/ialeman.cl\/wp-content\/uploads\/2025\/12\/ceremonia-de-los-corazones-2025-Instituto-Aleman-de-Puerto-Montt_0029_DSC_1049.jpg'><img loading=\"lazy\" decoding=\"async\" width=\"1200\" height=\"801\" src=\"https:\/\/ialeman.cl\/wp-content\/uploads\/2025\/12\/ceremonia-de-los-corazones-2025-Instituto-Aleman-de-Puerto-Montt_0029_DSC_1049.jpg\" class=\"attachment-full size-full\" alt=\"\" srcset=\"https:\/\/ialeman.cl\/wp-content\/uploads\/2025\/12\/ceremonia-de-los-corazones-2025-Instituto-Aleman-de-Puerto-Montt_0029_DSC_1049.jpg 1200w, https:\/\/ialeman.cl\/wp-content\/uploads\/2025\/12\/ceremonia-de-los-corazones-2025-Instituto-Aleman-de-Puerto-Montt_0029_DSC_1049-300x200.jpg 300w, https:\/\/ialeman.cl\/wp-content\/uploads\/2025\/12\/ceremonia-de-los-corazones-2025-Instituto-Aleman-de-Puerto-Montt_0029_DSC_1049-1024x684.jpg 1024w, https:\/\/ialeman.cl\/wp-content\/uploads\/2025\/12\/ceremonia-de-los-corazones-2025-Instituto-Aleman-de-Puerto-Montt_0029_DSC_1049-768x513.jpg 768w\" sizes=\"(max-width: 1200px) 100vw, 1200px\" \/><\/a>\n\t\t\t<\/div><\/figure><figure class='gallery-item'>\n\t\t\t<div class='gallery-icon landscape'>\n\t\t\t\t<a data-elementor-open-lightbox=\"yes\" data-elementor-lightbox-slideshow=\"93f3ece\" data-elementor-lightbox-title=\"ceremonia de los corazones 2025 Instituto Alem\u00e1n de Puerto Montt_0019_DSC_1243\" data-e-action-hash=\"#elementor-action%3Aaction%3Dlightbox%26settings%3DeyJpZCI6NTE5MjYsInVybCI6Imh0dHBzOlwvXC9pYWxlbWFuLmNsXC93cC1jb250ZW50XC91cGxvYWRzXC8yMDI1XC8xMlwvY2VyZW1vbmlhLWRlLWxvcy1jb3Jhem9uZXMtMjAyNS1JbnN0aXR1dG8tQWxlbWFuLWRlLVB1ZXJ0by1Nb250dF8wMDE5X0RTQ18xMjQzLmpwZyIsInNsaWRlc2hvdyI6IjkzZjNlY2UifQ%3D%3D\" href='https:\/\/ialeman.cl\/wp-content\/uploads\/2025\/12\/ceremonia-de-los-corazones-2025-Instituto-Aleman-de-Puerto-Montt_0019_DSC_1243.jpg'><img loading=\"lazy\" decoding=\"async\" width=\"1200\" height=\"801\" src=\"https:\/\/ialeman.cl\/wp-content\/uploads\/2025\/12\/ceremonia-de-los-corazones-2025-Instituto-Aleman-de-Puerto-Montt_0019_DSC_1243.jpg\" class=\"attachment-full size-full\" alt=\"\" srcset=\"https:\/\/ialeman.cl\/wp-content\/uploads\/2025\/12\/ceremonia-de-los-corazones-2025-Instituto-Aleman-de-Puerto-Montt_0019_DSC_1243.jpg 1200w, https:\/\/ialeman.cl\/wp-content\/uploads\/2025\/12\/ceremonia-de-los-corazones-2025-Instituto-Aleman-de-Puerto-Montt_0019_DSC_1243-300x200.jpg 300w, https:\/\/ialeman.cl\/wp-content\/uploads\/2025\/12\/ceremonia-de-los-corazones-2025-Instituto-Aleman-de-Puerto-Montt_0019_DSC_1243-1024x684.jpg 1024w, https:\/\/ialeman.cl\/wp-content\/uploads\/2025\/12\/ceremonia-de-los-corazones-2025-Instituto-Aleman-de-Puerto-Montt_0019_DSC_1243-768x513.jpg 768w\" sizes=\"(max-width: 1200px) 100vw, 1200px\" \/><\/a>\n\t\t\t<\/div><\/figure><figure class='gallery-item'>\n\t\t\t<div class='gallery-icon landscape'>\n\t\t\t\t<a data-elementor-open-lightbox=\"yes\" data-elementor-lightbox-slideshow=\"93f3ece\" data-elementor-lightbox-title=\"ceremonia de los corazones 2025 Instituto Alem\u00e1n de Puerto Montt_0013_DSC_1413\" data-e-action-hash=\"#elementor-action%3Aaction%3Dlightbox%26settings%3DeyJpZCI6NTE5MjAsInVybCI6Imh0dHBzOlwvXC9pYWxlbWFuLmNsXC93cC1jb250ZW50XC91cGxvYWRzXC8yMDI1XC8xMlwvY2VyZW1vbmlhLWRlLWxvcy1jb3Jhem9uZXMtMjAyNS1JbnN0aXR1dG8tQWxlbWFuLWRlLVB1ZXJ0by1Nb250dF8wMDEzX0RTQ18xNDEzLmpwZyIsInNsaWRlc2hvdyI6IjkzZjNlY2UifQ%3D%3D\" href='https:\/\/ialeman.cl\/wp-content\/uploads\/2025\/12\/ceremonia-de-los-corazones-2025-Instituto-Aleman-de-Puerto-Montt_0013_DSC_1413.jpg'><img loading=\"lazy\" decoding=\"async\" width=\"1200\" height=\"801\" src=\"https:\/\/ialeman.cl\/wp-content\/uploads\/2025\/12\/ceremonia-de-los-corazones-2025-Instituto-Aleman-de-Puerto-Montt_0013_DSC_1413.jpg\" class=\"attachment-full size-full\" alt=\"\" srcset=\"https:\/\/ialeman.cl\/wp-content\/uploads\/2025\/12\/ceremonia-de-los-corazones-2025-Instituto-Aleman-de-Puerto-Montt_0013_DSC_1413.jpg 1200w, https:\/\/ialeman.cl\/wp-content\/uploads\/2025\/12\/ceremonia-de-los-corazones-2025-Instituto-Aleman-de-Puerto-Montt_0013_DSC_1413-300x200.jpg 300w, https:\/\/ialeman.cl\/wp-content\/uploads\/2025\/12\/ceremonia-de-los-corazones-2025-Instituto-Aleman-de-Puerto-Montt_0013_DSC_1413-1024x684.jpg 1024w, https:\/\/ialeman.cl\/wp-content\/uploads\/2025\/12\/ceremonia-de-los-corazones-2025-Instituto-Aleman-de-Puerto-Montt_0013_DSC_1413-768x513.jpg 768w\" sizes=\"(max-width: 1200px) 100vw, 1200px\" \/><\/a>\n\t\t\t<\/div><\/figure><figure class='gallery-item'>\n\t\t\t<div class='gallery-icon landscape'>\n\t\t\t\t<a data-elementor-open-lightbox=\"yes\" data-elementor-lightbox-slideshow=\"93f3ece\" data-elementor-lightbox-title=\"ceremonia de los corazones 2025 Instituto Alem\u00e1n de Puerto Montt_0048_DSC_0986\" data-e-action-hash=\"#elementor-action%3Aaction%3Dlightbox%26settings%3DeyJpZCI6NTE5NTUsInVybCI6Imh0dHBzOlwvXC9pYWxlbWFuLmNsXC93cC1jb250ZW50XC91cGxvYWRzXC8yMDI1XC8xMlwvY2VyZW1vbmlhLWRlLWxvcy1jb3Jhem9uZXMtMjAyNS1JbnN0aXR1dG8tQWxlbWFuLWRlLVB1ZXJ0by1Nb250dF8wMDQ4X0RTQ18wOTg2LmpwZyIsInNsaWRlc2hvdyI6IjkzZjNlY2UifQ%3D%3D\" href='https:\/\/ialeman.cl\/wp-content\/uploads\/2025\/12\/ceremonia-de-los-corazones-2025-Instituto-Aleman-de-Puerto-Montt_0048_DSC_0986.jpg'><img loading=\"lazy\" decoding=\"async\" width=\"1200\" height=\"801\" src=\"https:\/\/ialeman.cl\/wp-content\/uploads\/2025\/12\/ceremonia-de-los-corazones-2025-Instituto-Aleman-de-Puerto-Montt_0048_DSC_0986.jpg\" class=\"attachment-full size-full\" alt=\"\" srcset=\"https:\/\/ialeman.cl\/wp-content\/uploads\/2025\/12\/ceremonia-de-los-corazones-2025-Instituto-Aleman-de-Puerto-Montt_0048_DSC_0986.jpg 1200w, https:\/\/ialeman.cl\/wp-content\/uploads\/2025\/12\/ceremonia-de-los-corazones-2025-Instituto-Aleman-de-Puerto-Montt_0048_DSC_0986-300x200.jpg 300w, https:\/\/ialeman.cl\/wp-content\/uploads\/2025\/12\/ceremonia-de-los-corazones-2025-Instituto-Aleman-de-Puerto-Montt_0048_DSC_0986-1024x684.jpg 1024w, https:\/\/ialeman.cl\/wp-content\/uploads\/2025\/12\/ceremonia-de-los-corazones-2025-Instituto-Aleman-de-Puerto-Montt_0048_DSC_0986-768x513.jpg 768w\" sizes=\"(max-width: 1200px) 100vw, 1200px\" \/><\/a>\n\t\t\t<\/div><\/figure><figure class='gallery-item'>\n\t\t\t<div class='gallery-icon landscape'>\n\t\t\t\t<a data-elementor-open-lightbox=\"yes\" data-elementor-lightbox-slideshow=\"93f3ece\" data-elementor-lightbox-title=\"ceremonia de los corazones 2025 Instituto Alem\u00e1n de Puerto Montt_0073_DSC_0485\" data-e-action-hash=\"#elementor-action%3Aaction%3Dlightbox%26settings%3DeyJpZCI6NTE5ODAsInVybCI6Imh0dHBzOlwvXC9pYWxlbWFuLmNsXC93cC1jb250ZW50XC91cGxvYWRzXC8yMDI1XC8xMlwvY2VyZW1vbmlhLWRlLWxvcy1jb3Jhem9uZXMtMjAyNS1JbnN0aXR1dG8tQWxlbWFuLWRlLVB1ZXJ0by1Nb250dF8wMDczX0RTQ18wNDg1LmpwZyIsInNsaWRlc2hvdyI6IjkzZjNlY2UifQ%3D%3D\" href='https:\/\/ialeman.cl\/wp-content\/uploads\/2025\/12\/ceremonia-de-los-corazones-2025-Instituto-Aleman-de-Puerto-Montt_0073_DSC_0485.jpg'><img loading=\"lazy\" decoding=\"async\" width=\"1200\" height=\"801\" src=\"https:\/\/ialeman.cl\/wp-content\/uploads\/2025\/12\/ceremonia-de-los-corazones-2025-Instituto-Aleman-de-Puerto-Montt_0073_DSC_0485.jpg\" class=\"attachment-full size-full\" alt=\"\" srcset=\"https:\/\/ialeman.cl\/wp-content\/uploads\/2025\/12\/ceremonia-de-los-corazones-2025-Instituto-Aleman-de-Puerto-Montt_0073_DSC_0485.jpg 1200w, https:\/\/ialeman.cl\/wp-content\/uploads\/2025\/12\/ceremonia-de-los-corazones-2025-Instituto-Aleman-de-Puerto-Montt_0073_DSC_0485-300x200.jpg 300w, https:\/\/ialeman.cl\/wp-content\/uploads\/2025\/12\/ceremonia-de-los-corazones-2025-Instituto-Aleman-de-Puerto-Montt_0073_DSC_0485-1024x684.jpg 1024w, https:\/\/ialeman.cl\/wp-content\/uploads\/2025\/12\/ceremonia-de-los-corazones-2025-Instituto-Aleman-de-Puerto-Montt_0073_DSC_0485-768x513.jpg 768w\" sizes=\"(max-width: 1200px) 100vw, 1200px\" \/><\/a>\n\t\t\t<\/div><\/figure><figure class='gallery-item'>\n\t\t\t<div class='gallery-icon landscape'>\n\t\t\t\t<a data-elementor-open-lightbox=\"yes\" data-elementor-lightbox-slideshow=\"93f3ece\" data-elementor-lightbox-title=\"ceremonia de los corazones 2025 Instituto Alem\u00e1n de Puerto Montt_0011_DSC_1457\" data-e-action-hash=\"#elementor-action%3Aaction%3Dlightbox%26settings%3DeyJpZCI6NTE5MTgsInVybCI6Imh0dHBzOlwvXC9pYWxlbWFuLmNsXC93cC1jb250ZW50XC91cGxvYWRzXC8yMDI1XC8xMlwvY2VyZW1vbmlhLWRlLWxvcy1jb3Jhem9uZXMtMjAyNS1JbnN0aXR1dG8tQWxlbWFuLWRlLVB1ZXJ0by1Nb250dF8wMDExX0RTQ18xNDU3LmpwZyIsInNsaWRlc2hvdyI6IjkzZjNlY2UifQ%3D%3D\" href='https:\/\/ialeman.cl\/wp-content\/uploads\/2025\/12\/ceremonia-de-los-corazones-2025-Instituto-Aleman-de-Puerto-Montt_0011_DSC_1457.jpg'><img loading=\"lazy\" decoding=\"async\" width=\"1200\" height=\"801\" src=\"https:\/\/ialeman.cl\/wp-content\/uploads\/2025\/12\/ceremonia-de-los-corazones-2025-Instituto-Aleman-de-Puerto-Montt_0011_DSC_1457.jpg\" class=\"attachment-full size-full\" alt=\"\" srcset=\"https:\/\/ialeman.cl\/wp-content\/uploads\/2025\/12\/ceremonia-de-los-corazones-2025-Instituto-Aleman-de-Puerto-Montt_0011_DSC_1457.jpg 1200w, https:\/\/ialeman.cl\/wp-content\/uploads\/2025\/12\/ceremonia-de-los-corazones-2025-Instituto-Aleman-de-Puerto-Montt_0011_DSC_1457-300x200.jpg 300w, https:\/\/ialeman.cl\/wp-content\/uploads\/2025\/12\/ceremonia-de-los-corazones-2025-Instituto-Aleman-de-Puerto-Montt_0011_DSC_1457-1024x684.jpg 1024w, https:\/\/ialeman.cl\/wp-content\/uploads\/2025\/12\/ceremonia-de-los-corazones-2025-Instituto-Aleman-de-Puerto-Montt_0011_DSC_1457-768x513.jpg 768w\" sizes=\"(max-width: 1200px) 100vw, 1200px\" \/><\/a>\n\t\t\t<\/div><\/figure><figure class='gallery-item'>\n\t\t\t<div class='gallery-icon landscape'>\n\t\t\t\t<a data-elementor-open-lightbox=\"yes\" data-elementor-lightbox-slideshow=\"93f3ece\" data-elementor-lightbox-title=\"ceremonia de los corazones 2025 Instituto Alem\u00e1n de Puerto Montt_0006_DSC_1554\" data-e-action-hash=\"#elementor-action%3Aaction%3Dlightbox%26settings%3DeyJpZCI6NTE5MTMsInVybCI6Imh0dHBzOlwvXC9pYWxlbWFuLmNsXC93cC1jb250ZW50XC91cGxvYWRzXC8yMDI1XC8xMlwvY2VyZW1vbmlhLWRlLWxvcy1jb3Jhem9uZXMtMjAyNS1JbnN0aXR1dG8tQWxlbWFuLWRlLVB1ZXJ0by1Nb250dF8wMDA2X0RTQ18xNTU0LmpwZyIsInNsaWRlc2hvdyI6IjkzZjNlY2UifQ%3D%3D\" href='https:\/\/ialeman.cl\/wp-content\/uploads\/2025\/12\/ceremonia-de-los-corazones-2025-Instituto-Aleman-de-Puerto-Montt_0006_DSC_1554.jpg'><img loading=\"lazy\" decoding=\"async\" width=\"1200\" height=\"801\" src=\"https:\/\/ialeman.cl\/wp-content\/uploads\/2025\/12\/ceremonia-de-los-corazones-2025-Instituto-Aleman-de-Puerto-Montt_0006_DSC_1554.jpg\" class=\"attachment-full size-full\" alt=\"\" srcset=\"https:\/\/ialeman.cl\/wp-content\/uploads\/2025\/12\/ceremonia-de-los-corazones-2025-Instituto-Aleman-de-Puerto-Montt_0006_DSC_1554.jpg 1200w, https:\/\/ialeman.cl\/wp-content\/uploads\/2025\/12\/ceremonia-de-los-corazones-2025-Instituto-Aleman-de-Puerto-Montt_0006_DSC_1554-300x200.jpg 300w, https:\/\/ialeman.cl\/wp-content\/uploads\/2025\/12\/ceremonia-de-los-corazones-2025-Instituto-Aleman-de-Puerto-Montt_0006_DSC_1554-1024x684.jpg 1024w, https:\/\/ialeman.cl\/wp-content\/uploads\/2025\/12\/ceremonia-de-los-corazones-2025-Instituto-Aleman-de-Puerto-Montt_0006_DSC_1554-768x513.jpg 768w\" sizes=\"(max-width: 1200px) 100vw, 1200px\" \/><\/a>\n\t\t\t<\/div><\/figure><figure class='gallery-item'>\n\t\t\t<div class='gallery-icon landscape'>\n\t\t\t\t<a data-elementor-open-lightbox=\"yes\" data-elementor-lightbox-slideshow=\"93f3ece\" data-elementor-lightbox-title=\"ceremonia de los corazones 2025 Instituto Alem\u00e1n de Puerto Montt_0026_DSC_1108\" data-e-action-hash=\"#elementor-action%3Aaction%3Dlightbox%26settings%3DeyJpZCI6NTE5MzMsInVybCI6Imh0dHBzOlwvXC9pYWxlbWFuLmNsXC93cC1jb250ZW50XC91cGxvYWRzXC8yMDI1XC8xMlwvY2VyZW1vbmlhLWRlLWxvcy1jb3Jhem9uZXMtMjAyNS1JbnN0aXR1dG8tQWxlbWFuLWRlLVB1ZXJ0by1Nb250dF8wMDI2X0RTQ18xMTA4LmpwZyIsInNsaWRlc2hvdyI6IjkzZjNlY2UifQ%3D%3D\" href='https:\/\/ialeman.cl\/wp-content\/uploads\/2025\/12\/ceremonia-de-los-corazones-2025-Instituto-Aleman-de-Puerto-Montt_0026_DSC_1108.jpg'><img loading=\"lazy\" decoding=\"async\" width=\"1200\" height=\"801\" src=\"https:\/\/ialeman.cl\/wp-content\/uploads\/2025\/12\/ceremonia-de-los-corazones-2025-Instituto-Aleman-de-Puerto-Montt_0026_DSC_1108.jpg\" class=\"attachment-full size-full\" alt=\"\" srcset=\"https:\/\/ialeman.cl\/wp-content\/uploads\/2025\/12\/ceremonia-de-los-corazones-2025-Instituto-Aleman-de-Puerto-Montt_0026_DSC_1108.jpg 1200w, https:\/\/ialeman.cl\/wp-content\/uploads\/2025\/12\/ceremonia-de-los-corazones-2025-Instituto-Aleman-de-Puerto-Montt_0026_DSC_1108-300x200.jpg 300w, https:\/\/ialeman.cl\/wp-content\/uploads\/2025\/12\/ceremonia-de-los-corazones-2025-Instituto-Aleman-de-Puerto-Montt_0026_DSC_1108-1024x684.jpg 1024w, https:\/\/ialeman.cl\/wp-content\/uploads\/2025\/12\/ceremonia-de-los-corazones-2025-Instituto-Aleman-de-Puerto-Montt_0026_DSC_1108-768x513.jpg 768w\" sizes=\"(max-width: 1200px) 100vw, 1200px\" \/><\/a>\n\t\t\t<\/div><\/figure><figure class='gallery-item'>\n\t\t\t<div class='gallery-icon landscape'>\n\t\t\t\t<a data-elementor-open-lightbox=\"yes\" data-elementor-lightbox-slideshow=\"93f3ece\" data-elementor-lightbox-title=\"ceremonia de los corazones 2025 Instituto Alem\u00e1n de Puerto Montt_0008_DSC_1500\" data-e-action-hash=\"#elementor-action%3Aaction%3Dlightbox%26settings%3DeyJpZCI6NTE5MTUsInVybCI6Imh0dHBzOlwvXC9pYWxlbWFuLmNsXC93cC1jb250ZW50XC91cGxvYWRzXC8yMDI1XC8xMlwvY2VyZW1vbmlhLWRlLWxvcy1jb3Jhem9uZXMtMjAyNS1JbnN0aXR1dG8tQWxlbWFuLWRlLVB1ZXJ0by1Nb250dF8wMDA4X0RTQ18xNTAwLmpwZyIsInNsaWRlc2hvdyI6IjkzZjNlY2UifQ%3D%3D\" href='https:\/\/ialeman.cl\/wp-content\/uploads\/2025\/12\/ceremonia-de-los-corazones-2025-Instituto-Aleman-de-Puerto-Montt_0008_DSC_1500.jpg'><img loading=\"lazy\" decoding=\"async\" width=\"1200\" height=\"801\" src=\"https:\/\/ialeman.cl\/wp-content\/uploads\/2025\/12\/ceremonia-de-los-corazones-2025-Instituto-Aleman-de-Puerto-Montt_0008_DSC_1500.jpg\" class=\"attachment-full size-full\" alt=\"\" srcset=\"https:\/\/ialeman.cl\/wp-content\/uploads\/2025\/12\/ceremonia-de-los-corazones-2025-Instituto-Aleman-de-Puerto-Montt_0008_DSC_1500.jpg 1200w, https:\/\/ialeman.cl\/wp-content\/uploads\/2025\/12\/ceremonia-de-los-corazones-2025-Instituto-Aleman-de-Puerto-Montt_0008_DSC_1500-300x200.jpg 300w, https:\/\/ialeman.cl\/wp-content\/uploads\/2025\/12\/ceremonia-de-los-corazones-2025-Instituto-Aleman-de-Puerto-Montt_0008_DSC_1500-1024x684.jpg 1024w, https:\/\/ialeman.cl\/wp-content\/uploads\/2025\/12\/ceremonia-de-los-corazones-2025-Instituto-Aleman-de-Puerto-Montt_0008_DSC_1500-768x513.jpg 768w\" sizes=\"(max-width: 1200px) 100vw, 1200px\" \/><\/a>\n\t\t\t<\/div><\/figure><figure class='gallery-item'>\n\t\t\t<div class='gallery-icon landscape'>\n\t\t\t\t<a data-elementor-open-lightbox=\"yes\" data-elementor-lightbox-slideshow=\"93f3ece\" data-elementor-lightbox-title=\"ceremonia de los corazones 2025 Instituto Alem\u00e1n de Puerto Montt_0009_DSC_1482\" data-e-action-hash=\"#elementor-action%3Aaction%3Dlightbox%26settings%3DeyJpZCI6NTE5MTYsInVybCI6Imh0dHBzOlwvXC9pYWxlbWFuLmNsXC93cC1jb250ZW50XC91cGxvYWRzXC8yMDI1XC8xMlwvY2VyZW1vbmlhLWRlLWxvcy1jb3Jhem9uZXMtMjAyNS1JbnN0aXR1dG8tQWxlbWFuLWRlLVB1ZXJ0by1Nb250dF8wMDA5X0RTQ18xNDgyLmpwZyIsInNsaWRlc2hvdyI6IjkzZjNlY2UifQ%3D%3D\" href='https:\/\/ialeman.cl\/wp-content\/uploads\/2025\/12\/ceremonia-de-los-corazones-2025-Instituto-Aleman-de-Puerto-Montt_0009_DSC_1482.jpg'><img loading=\"lazy\" decoding=\"async\" width=\"1200\" height=\"801\" src=\"https:\/\/ialeman.cl\/wp-content\/uploads\/2025\/12\/ceremonia-de-los-corazones-2025-Instituto-Aleman-de-Puerto-Montt_0009_DSC_1482.jpg\" class=\"attachment-full size-full\" alt=\"\" srcset=\"https:\/\/ialeman.cl\/wp-content\/uploads\/2025\/12\/ceremonia-de-los-corazones-2025-Instituto-Aleman-de-Puerto-Montt_0009_DSC_1482.jpg 1200w, https:\/\/ialeman.cl\/wp-content\/uploads\/2025\/12\/ceremonia-de-los-corazones-2025-Instituto-Aleman-de-Puerto-Montt_0009_DSC_1482-300x200.jpg 300w, https:\/\/ialeman.cl\/wp-content\/uploads\/2025\/12\/ceremonia-de-los-corazones-2025-Instituto-Aleman-de-Puerto-Montt_0009_DSC_1482-1024x684.jpg 1024w, https:\/\/ialeman.cl\/wp-content\/uploads\/2025\/12\/ceremonia-de-los-corazones-2025-Instituto-Aleman-de-Puerto-Montt_0009_DSC_1482-768x513.jpg 768w\" sizes=\"(max-width: 1200px) 100vw, 1200px\" \/><\/a>\n\t\t\t<\/div><\/figure><figure class='gallery-item'>\n\t\t\t<div class='gallery-icon landscape'>\n\t\t\t\t<a data-elementor-open-lightbox=\"yes\" data-elementor-lightbox-slideshow=\"93f3ece\" data-elementor-lightbox-title=\"ceremonia de los corazones 2025 Instituto Alem\u00e1n de Puerto Montt_0010_Niveles 2\" data-e-action-hash=\"#elementor-action%3Aaction%3Dlightbox%26settings%3DeyJpZCI6NTE5MTcsInVybCI6Imh0dHBzOlwvXC9pYWxlbWFuLmNsXC93cC1jb250ZW50XC91cGxvYWRzXC8yMDI1XC8xMlwvY2VyZW1vbmlhLWRlLWxvcy1jb3Jhem9uZXMtMjAyNS1JbnN0aXR1dG8tQWxlbWFuLWRlLVB1ZXJ0by1Nb250dF8wMDEwX05pdmVsZXMtMi5qcGciLCJzbGlkZXNob3ciOiI5M2YzZWNlIn0%3D\" href='https:\/\/ialeman.cl\/wp-content\/uploads\/2025\/12\/ceremonia-de-los-corazones-2025-Instituto-Aleman-de-Puerto-Montt_0010_Niveles-2.jpg'><img loading=\"lazy\" decoding=\"async\" width=\"1200\" height=\"801\" src=\"https:\/\/ialeman.cl\/wp-content\/uploads\/2025\/12\/ceremonia-de-los-corazones-2025-Instituto-Aleman-de-Puerto-Montt_0010_Niveles-2.jpg\" class=\"attachment-full size-full\" alt=\"\" srcset=\"https:\/\/ialeman.cl\/wp-content\/uploads\/2025\/12\/ceremonia-de-los-corazones-2025-Instituto-Aleman-de-Puerto-Montt_0010_Niveles-2.jpg 1200w, https:\/\/ialeman.cl\/wp-content\/uploads\/2025\/12\/ceremonia-de-los-corazones-2025-Instituto-Aleman-de-Puerto-Montt_0010_Niveles-2-300x200.jpg 300w, https:\/\/ialeman.cl\/wp-content\/uploads\/2025\/12\/ceremonia-de-los-corazones-2025-Instituto-Aleman-de-Puerto-Montt_0010_Niveles-2-1024x684.jpg 1024w, https:\/\/ialeman.cl\/wp-content\/uploads\/2025\/12\/ceremonia-de-los-corazones-2025-Instituto-Aleman-de-Puerto-Montt_0010_Niveles-2-768x513.jpg 768w\" sizes=\"(max-width: 1200px) 100vw, 1200px\" \/><\/a>\n\t\t\t<\/div><\/figure><figure class='gallery-item'>\n\t\t\t<div class='gallery-icon landscape'>\n\t\t\t\t<a data-elementor-open-lightbox=\"yes\" data-elementor-lightbox-slideshow=\"93f3ece\" data-elementor-lightbox-title=\"ceremonia de los corazones 2025 Instituto Alem\u00e1n de Puerto Montt_0000_DSC_1631\" data-e-action-hash=\"#elementor-action%3Aaction%3Dlightbox%26settings%3DeyJpZCI6NTE5MDcsInVybCI6Imh0dHBzOlwvXC9pYWxlbWFuLmNsXC93cC1jb250ZW50XC91cGxvYWRzXC8yMDI1XC8xMlwvY2VyZW1vbmlhLWRlLWxvcy1jb3Jhem9uZXMtMjAyNS1JbnN0aXR1dG8tQWxlbWFuLWRlLVB1ZXJ0by1Nb250dF8wMDAwX0RTQ18xNjMxLmpwZyIsInNsaWRlc2hvdyI6IjkzZjNlY2UifQ%3D%3D\" href='https:\/\/ialeman.cl\/wp-content\/uploads\/2025\/12\/ceremonia-de-los-corazones-2025-Instituto-Aleman-de-Puerto-Montt_0000_DSC_1631.jpg'><img loading=\"lazy\" decoding=\"async\" width=\"1200\" height=\"801\" src=\"https:\/\/ialeman.cl\/wp-content\/uploads\/2025\/12\/ceremonia-de-los-corazones-2025-Instituto-Aleman-de-Puerto-Montt_0000_DSC_1631.jpg\" class=\"attachment-full size-full\" alt=\"\" srcset=\"https:\/\/ialeman.cl\/wp-content\/uploads\/2025\/12\/ceremonia-de-los-corazones-2025-Instituto-Aleman-de-Puerto-Montt_0000_DSC_1631.jpg 1200w, https:\/\/ialeman.cl\/wp-content\/uploads\/2025\/12\/ceremonia-de-los-corazones-2025-Instituto-Aleman-de-Puerto-Montt_0000_DSC_1631-300x200.jpg 300w, https:\/\/ialeman.cl\/wp-content\/uploads\/2025\/12\/ceremonia-de-los-corazones-2025-Instituto-Aleman-de-Puerto-Montt_0000_DSC_1631-1024x684.jpg 1024w, https:\/\/ialeman.cl\/wp-content\/uploads\/2025\/12\/ceremonia-de-los-corazones-2025-Instituto-Aleman-de-Puerto-Montt_0000_DSC_1631-768x513.jpg 768w\" sizes=\"(max-width: 1200px) 100vw, 1200px\" \/><\/a>\n\t\t\t<\/div><\/figure><figure class='gallery-item'>\n\t\t\t<div class='gallery-icon landscape'>\n\t\t\t\t<a data-elementor-open-lightbox=\"yes\" data-elementor-lightbox-slideshow=\"93f3ece\" data-elementor-lightbox-title=\"ceremonia de los corazones 2025 Instituto Alem\u00e1n de Puerto Montt_0014_DSC_1401\" data-e-action-hash=\"#elementor-action%3Aaction%3Dlightbox%26settings%3DeyJpZCI6NTE5MjEsInVybCI6Imh0dHBzOlwvXC9pYWxlbWFuLmNsXC93cC1jb250ZW50XC91cGxvYWRzXC8yMDI1XC8xMlwvY2VyZW1vbmlhLWRlLWxvcy1jb3Jhem9uZXMtMjAyNS1JbnN0aXR1dG8tQWxlbWFuLWRlLVB1ZXJ0by1Nb250dF8wMDE0X0RTQ18xNDAxLmpwZyIsInNsaWRlc2hvdyI6IjkzZjNlY2UifQ%3D%3D\" href='https:\/\/ialeman.cl\/wp-content\/uploads\/2025\/12\/ceremonia-de-los-corazones-2025-Instituto-Aleman-de-Puerto-Montt_0014_DSC_1401.jpg'><img loading=\"lazy\" decoding=\"async\" width=\"1200\" height=\"801\" src=\"https:\/\/ialeman.cl\/wp-content\/uploads\/2025\/12\/ceremonia-de-los-corazones-2025-Instituto-Aleman-de-Puerto-Montt_0014_DSC_1401.jpg\" class=\"attachment-full size-full\" alt=\"\" srcset=\"https:\/\/ialeman.cl\/wp-content\/uploads\/2025\/12\/ceremonia-de-los-corazones-2025-Instituto-Aleman-de-Puerto-Montt_0014_DSC_1401.jpg 1200w, https:\/\/ialeman.cl\/wp-content\/uploads\/2025\/12\/ceremonia-de-los-corazones-2025-Instituto-Aleman-de-Puerto-Montt_0014_DSC_1401-300x200.jpg 300w, https:\/\/ialeman.cl\/wp-content\/uploads\/2025\/12\/ceremonia-de-los-corazones-2025-Instituto-Aleman-de-Puerto-Montt_0014_DSC_1401-1024x684.jpg 1024w, https:\/\/ialeman.cl\/wp-content\/uploads\/2025\/12\/ceremonia-de-los-corazones-2025-Instituto-Aleman-de-Puerto-Montt_0014_DSC_1401-768x513.jpg 768w\" sizes=\"(max-width: 1200px) 100vw, 1200px\" \/><\/a>\n\t\t\t<\/div><\/figure><figure class='gallery-item'>\n\t\t\t<div class='gallery-icon landscape'>\n\t\t\t\t<a data-elementor-open-lightbox=\"yes\" data-elementor-lightbox-slideshow=\"93f3ece\" data-elementor-lightbox-title=\"ceremonia de los corazones 2025 Instituto Alem\u00e1n de Puerto Montt_0016_DSC_1559\" data-e-action-hash=\"#elementor-action%3Aaction%3Dlightbox%26settings%3DeyJpZCI6NTE5MjMsInVybCI6Imh0dHBzOlwvXC9pYWxlbWFuLmNsXC93cC1jb250ZW50XC91cGxvYWRzXC8yMDI1XC8xMlwvY2VyZW1vbmlhLWRlLWxvcy1jb3Jhem9uZXMtMjAyNS1JbnN0aXR1dG8tQWxlbWFuLWRlLVB1ZXJ0by1Nb250dF8wMDE2X0RTQ18xNTU5LmpwZyIsInNsaWRlc2hvdyI6IjkzZjNlY2UifQ%3D%3D\" href='https:\/\/ialeman.cl\/wp-content\/uploads\/2025\/12\/ceremonia-de-los-corazones-2025-Instituto-Aleman-de-Puerto-Montt_0016_DSC_1559.jpg'><img loading=\"lazy\" decoding=\"async\" width=\"1200\" height=\"801\" src=\"https:\/\/ialeman.cl\/wp-content\/uploads\/2025\/12\/ceremonia-de-los-corazones-2025-Instituto-Aleman-de-Puerto-Montt_0016_DSC_1559.jpg\" class=\"attachment-full size-full\" alt=\"\" srcset=\"https:\/\/ialeman.cl\/wp-content\/uploads\/2025\/12\/ceremonia-de-los-corazones-2025-Instituto-Aleman-de-Puerto-Montt_0016_DSC_1559.jpg 1200w, https:\/\/ialeman.cl\/wp-content\/uploads\/2025\/12\/ceremonia-de-los-corazones-2025-Instituto-Aleman-de-Puerto-Montt_0016_DSC_1559-300x200.jpg 300w, https:\/\/ialeman.cl\/wp-content\/uploads\/2025\/12\/ceremonia-de-los-corazones-2025-Instituto-Aleman-de-Puerto-Montt_0016_DSC_1559-1024x684.jpg 1024w, https:\/\/ialeman.cl\/wp-content\/uploads\/2025\/12\/ceremonia-de-los-corazones-2025-Instituto-Aleman-de-Puerto-Montt_0016_DSC_1559-768x513.jpg 768w\" sizes=\"(max-width: 1200px) 100vw, 1200px\" \/><\/a>\n\t\t\t<\/div><\/figure><figure class='gallery-item'>\n\t\t\t<div class='gallery-icon landscape'>\n\t\t\t\t<a data-elementor-open-lightbox=\"yes\" data-elementor-lightbox-slideshow=\"93f3ece\" data-elementor-lightbox-title=\"ceremonia de los corazones 2025 Instituto Alem\u00e1n de Puerto Montt_0017_DSC_1307\" data-e-action-hash=\"#elementor-action%3Aaction%3Dlightbox%26settings%3DeyJpZCI6NTE5MjQsInVybCI6Imh0dHBzOlwvXC9pYWxlbWFuLmNsXC93cC1jb250ZW50XC91cGxvYWRzXC8yMDI1XC8xMlwvY2VyZW1vbmlhLWRlLWxvcy1jb3Jhem9uZXMtMjAyNS1JbnN0aXR1dG8tQWxlbWFuLWRlLVB1ZXJ0by1Nb250dF8wMDE3X0RTQ18xMzA3LmpwZyIsInNsaWRlc2hvdyI6IjkzZjNlY2UifQ%3D%3D\" href='https:\/\/ialeman.cl\/wp-content\/uploads\/2025\/12\/ceremonia-de-los-corazones-2025-Instituto-Aleman-de-Puerto-Montt_0017_DSC_1307.jpg'><img loading=\"lazy\" decoding=\"async\" width=\"1200\" height=\"801\" src=\"https:\/\/ialeman.cl\/wp-content\/uploads\/2025\/12\/ceremonia-de-los-corazones-2025-Instituto-Aleman-de-Puerto-Montt_0017_DSC_1307.jpg\" class=\"attachment-full size-full\" alt=\"\" srcset=\"https:\/\/ialeman.cl\/wp-content\/uploads\/2025\/12\/ceremonia-de-los-corazones-2025-Instituto-Aleman-de-Puerto-Montt_0017_DSC_1307.jpg 1200w, https:\/\/ialeman.cl\/wp-content\/uploads\/2025\/12\/ceremonia-de-los-corazones-2025-Instituto-Aleman-de-Puerto-Montt_0017_DSC_1307-300x200.jpg 300w, https:\/\/ialeman.cl\/wp-content\/uploads\/2025\/12\/ceremonia-de-los-corazones-2025-Instituto-Aleman-de-Puerto-Montt_0017_DSC_1307-1024x684.jpg 1024w, https:\/\/ialeman.cl\/wp-content\/uploads\/2025\/12\/ceremonia-de-los-corazones-2025-Instituto-Aleman-de-Puerto-Montt_0017_DSC_1307-768x513.jpg 768w\" sizes=\"(max-width: 1200px) 100vw, 1200px\" \/><\/a>\n\t\t\t<\/div><\/figure><figure class='gallery-item'>\n\t\t\t<div class='gallery-icon landscape'>\n\t\t\t\t<a data-elementor-open-lightbox=\"yes\" data-elementor-lightbox-slideshow=\"93f3ece\" data-elementor-lightbox-title=\"ceremonia de los corazones 2025 Instituto Alem\u00e1n de Puerto Montt_0018_Niveles 4\" data-e-action-hash=\"#elementor-action%3Aaction%3Dlightbox%26settings%3DeyJpZCI6NTE5MjUsInVybCI6Imh0dHBzOlwvXC9pYWxlbWFuLmNsXC93cC1jb250ZW50XC91cGxvYWRzXC8yMDI1XC8xMlwvY2VyZW1vbmlhLWRlLWxvcy1jb3Jhem9uZXMtMjAyNS1JbnN0aXR1dG8tQWxlbWFuLWRlLVB1ZXJ0by1Nb250dF8wMDE4X05pdmVsZXMtNC5qcGciLCJzbGlkZXNob3ciOiI5M2YzZWNlIn0%3D\" href='https:\/\/ialeman.cl\/wp-content\/uploads\/2025\/12\/ceremonia-de-los-corazones-2025-Instituto-Aleman-de-Puerto-Montt_0018_Niveles-4.jpg'><img loading=\"lazy\" decoding=\"async\" width=\"1200\" height=\"801\" src=\"https:\/\/ialeman.cl\/wp-content\/uploads\/2025\/12\/ceremonia-de-los-corazones-2025-Instituto-Aleman-de-Puerto-Montt_0018_Niveles-4.jpg\" class=\"attachment-full size-full\" alt=\"\" srcset=\"https:\/\/ialeman.cl\/wp-content\/uploads\/2025\/12\/ceremonia-de-los-corazones-2025-Instituto-Aleman-de-Puerto-Montt_0018_Niveles-4.jpg 1200w, https:\/\/ialeman.cl\/wp-content\/uploads\/2025\/12\/ceremonia-de-los-corazones-2025-Instituto-Aleman-de-Puerto-Montt_0018_Niveles-4-300x200.jpg 300w, https:\/\/ialeman.cl\/wp-content\/uploads\/2025\/12\/ceremonia-de-los-corazones-2025-Instituto-Aleman-de-Puerto-Montt_0018_Niveles-4-1024x684.jpg 1024w, https:\/\/ialeman.cl\/wp-content\/uploads\/2025\/12\/ceremonia-de-los-corazones-2025-Instituto-Aleman-de-Puerto-Montt_0018_Niveles-4-768x513.jpg 768w\" sizes=\"(max-width: 1200px) 100vw, 1200px\" \/><\/a>\n\t\t\t<\/div><\/figure><figure class='gallery-item'>\n\t\t\t<div class='gallery-icon landscape'>\n\t\t\t\t<a data-elementor-open-lightbox=\"yes\" data-elementor-lightbox-slideshow=\"93f3ece\" data-elementor-lightbox-title=\"ceremonia de los corazones 2025 Instituto Alem\u00e1n de Puerto Montt_0045_DSC_0842\" data-e-action-hash=\"#elementor-action%3Aaction%3Dlightbox%26settings%3DeyJpZCI6NTE5NTIsInVybCI6Imh0dHBzOlwvXC9pYWxlbWFuLmNsXC93cC1jb250ZW50XC91cGxvYWRzXC8yMDI1XC8xMlwvY2VyZW1vbmlhLWRlLWxvcy1jb3Jhem9uZXMtMjAyNS1JbnN0aXR1dG8tQWxlbWFuLWRlLVB1ZXJ0by1Nb250dF8wMDQ1X0RTQ18wODQyLmpwZyIsInNsaWRlc2hvdyI6IjkzZjNlY2UifQ%3D%3D\" href='https:\/\/ialeman.cl\/wp-content\/uploads\/2025\/12\/ceremonia-de-los-corazones-2025-Instituto-Aleman-de-Puerto-Montt_0045_DSC_0842.jpg'><img loading=\"lazy\" decoding=\"async\" width=\"1200\" height=\"801\" src=\"https:\/\/ialeman.cl\/wp-content\/uploads\/2025\/12\/ceremonia-de-los-corazones-2025-Instituto-Aleman-de-Puerto-Montt_0045_DSC_0842.jpg\" class=\"attachment-full size-full\" alt=\"\" srcset=\"https:\/\/ialeman.cl\/wp-content\/uploads\/2025\/12\/ceremonia-de-los-corazones-2025-Instituto-Aleman-de-Puerto-Montt_0045_DSC_0842.jpg 1200w, https:\/\/ialeman.cl\/wp-content\/uploads\/2025\/12\/ceremonia-de-los-corazones-2025-Instituto-Aleman-de-Puerto-Montt_0045_DSC_0842-300x200.jpg 300w, https:\/\/ialeman.cl\/wp-content\/uploads\/2025\/12\/ceremonia-de-los-corazones-2025-Instituto-Aleman-de-Puerto-Montt_0045_DSC_0842-1024x684.jpg 1024w, https:\/\/ialeman.cl\/wp-content\/uploads\/2025\/12\/ceremonia-de-los-corazones-2025-Instituto-Aleman-de-Puerto-Montt_0045_DSC_0842-768x513.jpg 768w\" sizes=\"(max-width: 1200px) 100vw, 1200px\" \/><\/a>\n\t\t\t<\/div><\/figure><figure class='gallery-item'>\n\t\t\t<div class='gallery-icon landscape'>\n\t\t\t\t<a data-elementor-open-lightbox=\"yes\" data-elementor-lightbox-slideshow=\"93f3ece\" data-elementor-lightbox-title=\"ceremonia de los corazones 2025 Instituto Alem\u00e1n de Puerto Montt_0103_Niveles 11\" data-e-action-hash=\"#elementor-action%3Aaction%3Dlightbox%26settings%3DeyJpZCI6NTIwMTAsInVybCI6Imh0dHBzOlwvXC9pYWxlbWFuLmNsXC93cC1jb250ZW50XC91cGxvYWRzXC8yMDI1XC8xMlwvY2VyZW1vbmlhLWRlLWxvcy1jb3Jhem9uZXMtMjAyNS1JbnN0aXR1dG8tQWxlbWFuLWRlLVB1ZXJ0by1Nb250dF8wMTAzX05pdmVsZXMtMTEuanBnIiwic2xpZGVzaG93IjoiOTNmM2VjZSJ9\" href='https:\/\/ialeman.cl\/wp-content\/uploads\/2025\/12\/ceremonia-de-los-corazones-2025-Instituto-Aleman-de-Puerto-Montt_0103_Niveles-11.jpg'><img loading=\"lazy\" decoding=\"async\" width=\"1200\" height=\"801\" src=\"https:\/\/ialeman.cl\/wp-content\/uploads\/2025\/12\/ceremonia-de-los-corazones-2025-Instituto-Aleman-de-Puerto-Montt_0103_Niveles-11.jpg\" class=\"attachment-full size-full\" alt=\"\" srcset=\"https:\/\/ialeman.cl\/wp-content\/uploads\/2025\/12\/ceremonia-de-los-corazones-2025-Instituto-Aleman-de-Puerto-Montt_0103_Niveles-11.jpg 1200w, https:\/\/ialeman.cl\/wp-content\/uploads\/2025\/12\/ceremonia-de-los-corazones-2025-Instituto-Aleman-de-Puerto-Montt_0103_Niveles-11-300x200.jpg 300w, https:\/\/ialeman.cl\/wp-content\/uploads\/2025\/12\/ceremonia-de-los-corazones-2025-Instituto-Aleman-de-Puerto-Montt_0103_Niveles-11-1024x684.jpg 1024w, https:\/\/ialeman.cl\/wp-content\/uploads\/2025\/12\/ceremonia-de-los-corazones-2025-Instituto-Aleman-de-Puerto-Montt_0103_Niveles-11-768x513.jpg 768w\" sizes=\"(max-width: 1200px) 100vw, 1200px\" \/><\/a>\n\t\t\t<\/div><\/figure><figure class='gallery-item'>\n\t\t\t<div class='gallery-icon landscape'>\n\t\t\t\t<a data-elementor-open-lightbox=\"yes\" data-elementor-lightbox-slideshow=\"93f3ece\" data-elementor-lightbox-title=\"ceremonia de los corazones 2025 Instituto Alem\u00e1n de Puerto Montt_0020_DSC_1240\" data-e-action-hash=\"#elementor-action%3Aaction%3Dlightbox%26settings%3DeyJpZCI6NTE5MjcsInVybCI6Imh0dHBzOlwvXC9pYWxlbWFuLmNsXC93cC1jb250ZW50XC91cGxvYWRzXC8yMDI1XC8xMlwvY2VyZW1vbmlhLWRlLWxvcy1jb3Jhem9uZXMtMjAyNS1JbnN0aXR1dG8tQWxlbWFuLWRlLVB1ZXJ0by1Nb250dF8wMDIwX0RTQ18xMjQwLmpwZyIsInNsaWRlc2hvdyI6IjkzZjNlY2UifQ%3D%3D\" href='https:\/\/ialeman.cl\/wp-content\/uploads\/2025\/12\/ceremonia-de-los-corazones-2025-Instituto-Aleman-de-Puerto-Montt_0020_DSC_1240.jpg'><img loading=\"lazy\" decoding=\"async\" width=\"1200\" height=\"801\" src=\"https:\/\/ialeman.cl\/wp-content\/uploads\/2025\/12\/ceremonia-de-los-corazones-2025-Instituto-Aleman-de-Puerto-Montt_0020_DSC_1240.jpg\" class=\"attachment-full size-full\" alt=\"\" srcset=\"https:\/\/ialeman.cl\/wp-content\/uploads\/2025\/12\/ceremonia-de-los-corazones-2025-Instituto-Aleman-de-Puerto-Montt_0020_DSC_1240.jpg 1200w, https:\/\/ialeman.cl\/wp-content\/uploads\/2025\/12\/ceremonia-de-los-corazones-2025-Instituto-Aleman-de-Puerto-Montt_0020_DSC_1240-300x200.jpg 300w, https:\/\/ialeman.cl\/wp-content\/uploads\/2025\/12\/ceremonia-de-los-corazones-2025-Instituto-Aleman-de-Puerto-Montt_0020_DSC_1240-1024x684.jpg 1024w, https:\/\/ialeman.cl\/wp-content\/uploads\/2025\/12\/ceremonia-de-los-corazones-2025-Instituto-Aleman-de-Puerto-Montt_0020_DSC_1240-768x513.jpg 768w\" sizes=\"(max-width: 1200px) 100vw, 1200px\" \/><\/a>\n\t\t\t<\/div><\/figure><figure class='gallery-item'>\n\t\t\t<div class='gallery-icon landscape'>\n\t\t\t\t<a data-elementor-open-lightbox=\"yes\" data-elementor-lightbox-slideshow=\"93f3ece\" data-elementor-lightbox-title=\"ceremonia de los corazones 2025 Instituto Alem\u00e1n de Puerto Montt_0021_DSC_1215\" data-e-action-hash=\"#elementor-action%3Aaction%3Dlightbox%26settings%3DeyJpZCI6NTE5MjgsInVybCI6Imh0dHBzOlwvXC9pYWxlbWFuLmNsXC93cC1jb250ZW50XC91cGxvYWRzXC8yMDI1XC8xMlwvY2VyZW1vbmlhLWRlLWxvcy1jb3Jhem9uZXMtMjAyNS1JbnN0aXR1dG8tQWxlbWFuLWRlLVB1ZXJ0by1Nb250dF8wMDIxX0RTQ18xMjE1LmpwZyIsInNsaWRlc2hvdyI6IjkzZjNlY2UifQ%3D%3D\" href='https:\/\/ialeman.cl\/wp-content\/uploads\/2025\/12\/ceremonia-de-los-corazones-2025-Instituto-Aleman-de-Puerto-Montt_0021_DSC_1215.jpg'><img loading=\"lazy\" decoding=\"async\" width=\"1200\" height=\"801\" src=\"https:\/\/ialeman.cl\/wp-content\/uploads\/2025\/12\/ceremonia-de-los-corazones-2025-Instituto-Aleman-de-Puerto-Montt_0021_DSC_1215.jpg\" class=\"attachment-full size-full\" alt=\"\" srcset=\"https:\/\/ialeman.cl\/wp-content\/uploads\/2025\/12\/ceremonia-de-los-corazones-2025-Instituto-Aleman-de-Puerto-Montt_0021_DSC_1215.jpg 1200w, https:\/\/ialeman.cl\/wp-content\/uploads\/2025\/12\/ceremonia-de-los-corazones-2025-Instituto-Aleman-de-Puerto-Montt_0021_DSC_1215-300x200.jpg 300w, https:\/\/ialeman.cl\/wp-content\/uploads\/2025\/12\/ceremonia-de-los-corazones-2025-Instituto-Aleman-de-Puerto-Montt_0021_DSC_1215-1024x684.jpg 1024w, https:\/\/ialeman.cl\/wp-content\/uploads\/2025\/12\/ceremonia-de-los-corazones-2025-Instituto-Aleman-de-Puerto-Montt_0021_DSC_1215-768x513.jpg 768w\" sizes=\"(max-width: 1200px) 100vw, 1200px\" \/><\/a>\n\t\t\t<\/div><\/figure><figure class='gallery-item'>\n\t\t\t<div class='gallery-icon landscape'>\n\t\t\t\t<a data-elementor-open-lightbox=\"yes\" data-elementor-lightbox-slideshow=\"93f3ece\" data-elementor-lightbox-title=\"ceremonia de los corazones 2025 Instituto Alem\u00e1n de Puerto Montt_0076_DSC_0449\" data-e-action-hash=\"#elementor-action%3Aaction%3Dlightbox%26settings%3DeyJpZCI6NTE5ODMsInVybCI6Imh0dHBzOlwvXC9pYWxlbWFuLmNsXC93cC1jb250ZW50XC91cGxvYWRzXC8yMDI1XC8xMlwvY2VyZW1vbmlhLWRlLWxvcy1jb3Jhem9uZXMtMjAyNS1JbnN0aXR1dG8tQWxlbWFuLWRlLVB1ZXJ0by1Nb250dF8wMDc2X0RTQ18wNDQ5LmpwZyIsInNsaWRlc2hvdyI6IjkzZjNlY2UifQ%3D%3D\" href='https:\/\/ialeman.cl\/wp-content\/uploads\/2025\/12\/ceremonia-de-los-corazones-2025-Instituto-Aleman-de-Puerto-Montt_0076_DSC_0449.jpg'><img loading=\"lazy\" decoding=\"async\" width=\"1200\" height=\"801\" src=\"https:\/\/ialeman.cl\/wp-content\/uploads\/2025\/12\/ceremonia-de-los-corazones-2025-Instituto-Aleman-de-Puerto-Montt_0076_DSC_0449.jpg\" class=\"attachment-full size-full\" alt=\"\" srcset=\"https:\/\/ialeman.cl\/wp-content\/uploads\/2025\/12\/ceremonia-de-los-corazones-2025-Instituto-Aleman-de-Puerto-Montt_0076_DSC_0449.jpg 1200w, https:\/\/ialeman.cl\/wp-content\/uploads\/2025\/12\/ceremonia-de-los-corazones-2025-Instituto-Aleman-de-Puerto-Montt_0076_DSC_0449-300x200.jpg 300w, https:\/\/ialeman.cl\/wp-content\/uploads\/2025\/12\/ceremonia-de-los-corazones-2025-Instituto-Aleman-de-Puerto-Montt_0076_DSC_0449-1024x684.jpg 1024w, https:\/\/ialeman.cl\/wp-content\/uploads\/2025\/12\/ceremonia-de-los-corazones-2025-Instituto-Aleman-de-Puerto-Montt_0076_DSC_0449-768x513.jpg 768w\" sizes=\"(max-width: 1200px) 100vw, 1200px\" \/><\/a>\n\t\t\t<\/div><\/figure><figure class='gallery-item'>\n\t\t\t<div class='gallery-icon landscape'>\n\t\t\t\t<a data-elementor-open-lightbox=\"yes\" data-elementor-lightbox-slideshow=\"93f3ece\" data-elementor-lightbox-title=\"ceremonia de los corazones 2025 Instituto Alem\u00e1n de Puerto Montt_0022_DSC_1192\" data-e-action-hash=\"#elementor-action%3Aaction%3Dlightbox%26settings%3DeyJpZCI6NTE5MjksInVybCI6Imh0dHBzOlwvXC9pYWxlbWFuLmNsXC93cC1jb250ZW50XC91cGxvYWRzXC8yMDI1XC8xMlwvY2VyZW1vbmlhLWRlLWxvcy1jb3Jhem9uZXMtMjAyNS1JbnN0aXR1dG8tQWxlbWFuLWRlLVB1ZXJ0by1Nb250dF8wMDIyX0RTQ18xMTkyLmpwZyIsInNsaWRlc2hvdyI6IjkzZjNlY2UifQ%3D%3D\" href='https:\/\/ialeman.cl\/wp-content\/uploads\/2025\/12\/ceremonia-de-los-corazones-2025-Instituto-Aleman-de-Puerto-Montt_0022_DSC_1192.jpg'><img loading=\"lazy\" decoding=\"async\" width=\"1200\" height=\"801\" src=\"https:\/\/ialeman.cl\/wp-content\/uploads\/2025\/12\/ceremonia-de-los-corazones-2025-Instituto-Aleman-de-Puerto-Montt_0022_DSC_1192.jpg\" class=\"attachment-full size-full\" alt=\"\" srcset=\"https:\/\/ialeman.cl\/wp-content\/uploads\/2025\/12\/ceremonia-de-los-corazones-2025-Instituto-Aleman-de-Puerto-Montt_0022_DSC_1192.jpg 1200w, https:\/\/ialeman.cl\/wp-content\/uploads\/2025\/12\/ceremonia-de-los-corazones-2025-Instituto-Aleman-de-Puerto-Montt_0022_DSC_1192-300x200.jpg 300w, https:\/\/ialeman.cl\/wp-content\/uploads\/2025\/12\/ceremonia-de-los-corazones-2025-Instituto-Aleman-de-Puerto-Montt_0022_DSC_1192-1024x684.jpg 1024w, https:\/\/ialeman.cl\/wp-content\/uploads\/2025\/12\/ceremonia-de-los-corazones-2025-Instituto-Aleman-de-Puerto-Montt_0022_DSC_1192-768x513.jpg 768w\" sizes=\"(max-width: 1200px) 100vw, 1200px\" \/><\/a>\n\t\t\t<\/div><\/figure><figure class='gallery-item'>\n\t\t\t<div class='gallery-icon landscape'>\n\t\t\t\t<a data-elementor-open-lightbox=\"yes\" data-elementor-lightbox-slideshow=\"93f3ece\" data-elementor-lightbox-title=\"ceremonia de los corazones 2025 Instituto Alem\u00e1n de Puerto Montt_0023_DSC_1161\" data-e-action-hash=\"#elementor-action%3Aaction%3Dlightbox%26settings%3DeyJpZCI6NTE5MzAsInVybCI6Imh0dHBzOlwvXC9pYWxlbWFuLmNsXC93cC1jb250ZW50XC91cGxvYWRzXC8yMDI1XC8xMlwvY2VyZW1vbmlhLWRlLWxvcy1jb3Jhem9uZXMtMjAyNS1JbnN0aXR1dG8tQWxlbWFuLWRlLVB1ZXJ0by1Nb250dF8wMDIzX0RTQ18xMTYxLmpwZyIsInNsaWRlc2hvdyI6IjkzZjNlY2UifQ%3D%3D\" href='https:\/\/ialeman.cl\/wp-content\/uploads\/2025\/12\/ceremonia-de-los-corazones-2025-Instituto-Aleman-de-Puerto-Montt_0023_DSC_1161.jpg'><img loading=\"lazy\" decoding=\"async\" width=\"1200\" height=\"801\" src=\"https:\/\/ialeman.cl\/wp-content\/uploads\/2025\/12\/ceremonia-de-los-corazones-2025-Instituto-Aleman-de-Puerto-Montt_0023_DSC_1161.jpg\" class=\"attachment-full size-full\" alt=\"\" srcset=\"https:\/\/ialeman.cl\/wp-content\/uploads\/2025\/12\/ceremonia-de-los-corazones-2025-Instituto-Aleman-de-Puerto-Montt_0023_DSC_1161.jpg 1200w, https:\/\/ialeman.cl\/wp-content\/uploads\/2025\/12\/ceremonia-de-los-corazones-2025-Instituto-Aleman-de-Puerto-Montt_0023_DSC_1161-300x200.jpg 300w, https:\/\/ialeman.cl\/wp-content\/uploads\/2025\/12\/ceremonia-de-los-corazones-2025-Instituto-Aleman-de-Puerto-Montt_0023_DSC_1161-1024x684.jpg 1024w, https:\/\/ialeman.cl\/wp-content\/uploads\/2025\/12\/ceremonia-de-los-corazones-2025-Instituto-Aleman-de-Puerto-Montt_0023_DSC_1161-768x513.jpg 768w\" sizes=\"(max-width: 1200px) 100vw, 1200px\" \/><\/a>\n\t\t\t<\/div><\/figure><figure class='gallery-item'>\n\t\t\t<div class='gallery-icon landscape'>\n\t\t\t\t<a data-elementor-open-lightbox=\"yes\" data-elementor-lightbox-slideshow=\"93f3ece\" data-elementor-lightbox-title=\"ceremonia de los corazones 2025 Instituto Alem\u00e1n de Puerto Montt_0034_DSC_1611\" data-e-action-hash=\"#elementor-action%3Aaction%3Dlightbox%26settings%3DeyJpZCI6NTE5NDEsInVybCI6Imh0dHBzOlwvXC9pYWxlbWFuLmNsXC93cC1jb250ZW50XC91cGxvYWRzXC8yMDI1XC8xMlwvY2VyZW1vbmlhLWRlLWxvcy1jb3Jhem9uZXMtMjAyNS1JbnN0aXR1dG8tQWxlbWFuLWRlLVB1ZXJ0by1Nb250dF8wMDM0X0RTQ18xNjExLmpwZyIsInNsaWRlc2hvdyI6IjkzZjNlY2UifQ%3D%3D\" href='https:\/\/ialeman.cl\/wp-content\/uploads\/2025\/12\/ceremonia-de-los-corazones-2025-Instituto-Aleman-de-Puerto-Montt_0034_DSC_1611.jpg'><img loading=\"lazy\" decoding=\"async\" width=\"1200\" height=\"801\" src=\"https:\/\/ialeman.cl\/wp-content\/uploads\/2025\/12\/ceremonia-de-los-corazones-2025-Instituto-Aleman-de-Puerto-Montt_0034_DSC_1611.jpg\" class=\"attachment-full size-full\" alt=\"\" srcset=\"https:\/\/ialeman.cl\/wp-content\/uploads\/2025\/12\/ceremonia-de-los-corazones-2025-Instituto-Aleman-de-Puerto-Montt_0034_DSC_1611.jpg 1200w, https:\/\/ialeman.cl\/wp-content\/uploads\/2025\/12\/ceremonia-de-los-corazones-2025-Instituto-Aleman-de-Puerto-Montt_0034_DSC_1611-300x200.jpg 300w, https:\/\/ialeman.cl\/wp-content\/uploads\/2025\/12\/ceremonia-de-los-corazones-2025-Instituto-Aleman-de-Puerto-Montt_0034_DSC_1611-1024x684.jpg 1024w, https:\/\/ialeman.cl\/wp-content\/uploads\/2025\/12\/ceremonia-de-los-corazones-2025-Instituto-Aleman-de-Puerto-Montt_0034_DSC_1611-768x513.jpg 768w\" sizes=\"(max-width: 1200px) 100vw, 1200px\" \/><\/a>\n\t\t\t<\/div><\/figure><figure class='gallery-item'>\n\t\t\t<div class='gallery-icon landscape'>\n\t\t\t\t<a data-elementor-open-lightbox=\"yes\" data-elementor-lightbox-slideshow=\"93f3ece\" data-elementor-lightbox-title=\"ceremonia de los corazones 2025 Instituto Alem\u00e1n de Puerto Montt_0024_DSC_1157\" data-e-action-hash=\"#elementor-action%3Aaction%3Dlightbox%26settings%3DeyJpZCI6NTE5MzEsInVybCI6Imh0dHBzOlwvXC9pYWxlbWFuLmNsXC93cC1jb250ZW50XC91cGxvYWRzXC8yMDI1XC8xMlwvY2VyZW1vbmlhLWRlLWxvcy1jb3Jhem9uZXMtMjAyNS1JbnN0aXR1dG8tQWxlbWFuLWRlLVB1ZXJ0by1Nb250dF8wMDI0X0RTQ18xMTU3LmpwZyIsInNsaWRlc2hvdyI6IjkzZjNlY2UifQ%3D%3D\" href='https:\/\/ialeman.cl\/wp-content\/uploads\/2025\/12\/ceremonia-de-los-corazones-2025-Instituto-Aleman-de-Puerto-Montt_0024_DSC_1157.jpg'><img loading=\"lazy\" decoding=\"async\" width=\"1200\" height=\"801\" src=\"https:\/\/ialeman.cl\/wp-content\/uploads\/2025\/12\/ceremonia-de-los-corazones-2025-Instituto-Aleman-de-Puerto-Montt_0024_DSC_1157.jpg\" class=\"attachment-full size-full\" alt=\"\" srcset=\"https:\/\/ialeman.cl\/wp-content\/uploads\/2025\/12\/ceremonia-de-los-corazones-2025-Instituto-Aleman-de-Puerto-Montt_0024_DSC_1157.jpg 1200w, https:\/\/ialeman.cl\/wp-content\/uploads\/2025\/12\/ceremonia-de-los-corazones-2025-Instituto-Aleman-de-Puerto-Montt_0024_DSC_1157-300x200.jpg 300w, https:\/\/ialeman.cl\/wp-content\/uploads\/2025\/12\/ceremonia-de-los-corazones-2025-Instituto-Aleman-de-Puerto-Montt_0024_DSC_1157-1024x684.jpg 1024w, https:\/\/ialeman.cl\/wp-content\/uploads\/2025\/12\/ceremonia-de-los-corazones-2025-Instituto-Aleman-de-Puerto-Montt_0024_DSC_1157-768x513.jpg 768w\" sizes=\"(max-width: 1200px) 100vw, 1200px\" \/><\/a>\n\t\t\t<\/div><\/figure><figure class='gallery-item'>\n\t\t\t<div class='gallery-icon landscape'>\n\t\t\t\t<a data-elementor-open-lightbox=\"yes\" data-elementor-lightbox-slideshow=\"93f3ece\" data-elementor-lightbox-title=\"ceremonia de los corazones 2025 Instituto Alem\u00e1n de Puerto Montt_0098_DSC_0160\" data-e-action-hash=\"#elementor-action%3Aaction%3Dlightbox%26settings%3DeyJpZCI6NTIwMDUsInVybCI6Imh0dHBzOlwvXC9pYWxlbWFuLmNsXC93cC1jb250ZW50XC91cGxvYWRzXC8yMDI1XC8xMlwvY2VyZW1vbmlhLWRlLWxvcy1jb3Jhem9uZXMtMjAyNS1JbnN0aXR1dG8tQWxlbWFuLWRlLVB1ZXJ0by1Nb250dF8wMDk4X0RTQ18wMTYwLmpwZyIsInNsaWRlc2hvdyI6IjkzZjNlY2UifQ%3D%3D\" href='https:\/\/ialeman.cl\/wp-content\/uploads\/2025\/12\/ceremonia-de-los-corazones-2025-Instituto-Aleman-de-Puerto-Montt_0098_DSC_0160.jpg'><img loading=\"lazy\" decoding=\"async\" width=\"1200\" height=\"801\" src=\"https:\/\/ialeman.cl\/wp-content\/uploads\/2025\/12\/ceremonia-de-los-corazones-2025-Instituto-Aleman-de-Puerto-Montt_0098_DSC_0160.jpg\" class=\"attachment-full size-full\" alt=\"\" srcset=\"https:\/\/ialeman.cl\/wp-content\/uploads\/2025\/12\/ceremonia-de-los-corazones-2025-Instituto-Aleman-de-Puerto-Montt_0098_DSC_0160.jpg 1200w, https:\/\/ialeman.cl\/wp-content\/uploads\/2025\/12\/ceremonia-de-los-corazones-2025-Instituto-Aleman-de-Puerto-Montt_0098_DSC_0160-300x200.jpg 300w, https:\/\/ialeman.cl\/wp-content\/uploads\/2025\/12\/ceremonia-de-los-corazones-2025-Instituto-Aleman-de-Puerto-Montt_0098_DSC_0160-1024x684.jpg 1024w, https:\/\/ialeman.cl\/wp-content\/uploads\/2025\/12\/ceremonia-de-los-corazones-2025-Instituto-Aleman-de-Puerto-Montt_0098_DSC_0160-768x513.jpg 768w\" sizes=\"(max-width: 1200px) 100vw, 1200px\" \/><\/a>\n\t\t\t<\/div><\/figure><figure class='gallery-item'>\n\t\t\t<div class='gallery-icon landscape'>\n\t\t\t\t<a data-elementor-open-lightbox=\"yes\" data-elementor-lightbox-slideshow=\"93f3ece\" data-elementor-lightbox-title=\"ceremonia de los corazones 2025 Instituto Alem\u00e1n de Puerto Montt_0025_DSC_1342\" data-e-action-hash=\"#elementor-action%3Aaction%3Dlightbox%26settings%3DeyJpZCI6NTE5MzIsInVybCI6Imh0dHBzOlwvXC9pYWxlbWFuLmNsXC93cC1jb250ZW50XC91cGxvYWRzXC8yMDI1XC8xMlwvY2VyZW1vbmlhLWRlLWxvcy1jb3Jhem9uZXMtMjAyNS1JbnN0aXR1dG8tQWxlbWFuLWRlLVB1ZXJ0by1Nb250dF8wMDI1X0RTQ18xMzQyLmpwZyIsInNsaWRlc2hvdyI6IjkzZjNlY2UifQ%3D%3D\" href='https:\/\/ialeman.cl\/wp-content\/uploads\/2025\/12\/ceremonia-de-los-corazones-2025-Instituto-Aleman-de-Puerto-Montt_0025_DSC_1342.jpg'><img loading=\"lazy\" decoding=\"async\" width=\"1200\" height=\"801\" src=\"https:\/\/ialeman.cl\/wp-content\/uploads\/2025\/12\/ceremonia-de-los-corazones-2025-Instituto-Aleman-de-Puerto-Montt_0025_DSC_1342.jpg\" class=\"attachment-full size-full\" alt=\"\" srcset=\"https:\/\/ialeman.cl\/wp-content\/uploads\/2025\/12\/ceremonia-de-los-corazones-2025-Instituto-Aleman-de-Puerto-Montt_0025_DSC_1342.jpg 1200w, https:\/\/ialeman.cl\/wp-content\/uploads\/2025\/12\/ceremonia-de-los-corazones-2025-Instituto-Aleman-de-Puerto-Montt_0025_DSC_1342-300x200.jpg 300w, https:\/\/ialeman.cl\/wp-content\/uploads\/2025\/12\/ceremonia-de-los-corazones-2025-Instituto-Aleman-de-Puerto-Montt_0025_DSC_1342-1024x684.jpg 1024w, https:\/\/ialeman.cl\/wp-content\/uploads\/2025\/12\/ceremonia-de-los-corazones-2025-Instituto-Aleman-de-Puerto-Montt_0025_DSC_1342-768x513.jpg 768w\" sizes=\"(max-width: 1200px) 100vw, 1200px\" \/><\/a>\n\t\t\t<\/div><\/figure><figure class='gallery-item'>\n\t\t\t<div class='gallery-icon landscape'>\n\t\t\t\t<a data-elementor-open-lightbox=\"yes\" data-elementor-lightbox-slideshow=\"93f3ece\" data-elementor-lightbox-title=\"ceremonia de los corazones 2025 Instituto Alem\u00e1n de Puerto Montt_0027_DSC_1070\" data-e-action-hash=\"#elementor-action%3Aaction%3Dlightbox%26settings%3DeyJpZCI6NTE5MzQsInVybCI6Imh0dHBzOlwvXC9pYWxlbWFuLmNsXC93cC1jb250ZW50XC91cGxvYWRzXC8yMDI1XC8xMlwvY2VyZW1vbmlhLWRlLWxvcy1jb3Jhem9uZXMtMjAyNS1JbnN0aXR1dG8tQWxlbWFuLWRlLVB1ZXJ0by1Nb250dF8wMDI3X0RTQ18xMDcwLmpwZyIsInNsaWRlc2hvdyI6IjkzZjNlY2UifQ%3D%3D\" href='https:\/\/ialeman.cl\/wp-content\/uploads\/2025\/12\/ceremonia-de-los-corazones-2025-Instituto-Aleman-de-Puerto-Montt_0027_DSC_1070.jpg'><img loading=\"lazy\" decoding=\"async\" width=\"1200\" height=\"801\" src=\"https:\/\/ialeman.cl\/wp-content\/uploads\/2025\/12\/ceremonia-de-los-corazones-2025-Instituto-Aleman-de-Puerto-Montt_0027_DSC_1070.jpg\" class=\"attachment-full size-full\" alt=\"\" srcset=\"https:\/\/ialeman.cl\/wp-content\/uploads\/2025\/12\/ceremonia-de-los-corazones-2025-Instituto-Aleman-de-Puerto-Montt_0027_DSC_1070.jpg 1200w, https:\/\/ialeman.cl\/wp-content\/uploads\/2025\/12\/ceremonia-de-los-corazones-2025-Instituto-Aleman-de-Puerto-Montt_0027_DSC_1070-300x200.jpg 300w, https:\/\/ialeman.cl\/wp-content\/uploads\/2025\/12\/ceremonia-de-los-corazones-2025-Instituto-Aleman-de-Puerto-Montt_0027_DSC_1070-1024x684.jpg 1024w, https:\/\/ialeman.cl\/wp-content\/uploads\/2025\/12\/ceremonia-de-los-corazones-2025-Instituto-Aleman-de-Puerto-Montt_0027_DSC_1070-768x513.jpg 768w\" sizes=\"(max-width: 1200px) 100vw, 1200px\" \/><\/a>\n\t\t\t<\/div><\/figure><figure class='gallery-item'>\n\t\t\t<div class='gallery-icon landscape'>\n\t\t\t\t<a data-elementor-open-lightbox=\"yes\" data-elementor-lightbox-slideshow=\"93f3ece\" data-elementor-lightbox-title=\"ceremonia de los corazones 2025 Instituto Alem\u00e1n de Puerto Montt_0028_Niveles 5\" data-e-action-hash=\"#elementor-action%3Aaction%3Dlightbox%26settings%3DeyJpZCI6NTE5MzUsInVybCI6Imh0dHBzOlwvXC9pYWxlbWFuLmNsXC93cC1jb250ZW50XC91cGxvYWRzXC8yMDI1XC8xMlwvY2VyZW1vbmlhLWRlLWxvcy1jb3Jhem9uZXMtMjAyNS1JbnN0aXR1dG8tQWxlbWFuLWRlLVB1ZXJ0by1Nb250dF8wMDI4X05pdmVsZXMtNS5qcGciLCJzbGlkZXNob3ciOiI5M2YzZWNlIn0%3D\" href='https:\/\/ialeman.cl\/wp-content\/uploads\/2025\/12\/ceremonia-de-los-corazones-2025-Instituto-Aleman-de-Puerto-Montt_0028_Niveles-5.jpg'><img loading=\"lazy\" decoding=\"async\" width=\"1200\" height=\"801\" src=\"https:\/\/ialeman.cl\/wp-content\/uploads\/2025\/12\/ceremonia-de-los-corazones-2025-Instituto-Aleman-de-Puerto-Montt_0028_Niveles-5.jpg\" class=\"attachment-full size-full\" alt=\"\" srcset=\"https:\/\/ialeman.cl\/wp-content\/uploads\/2025\/12\/ceremonia-de-los-corazones-2025-Instituto-Aleman-de-Puerto-Montt_0028_Niveles-5.jpg 1200w, https:\/\/ialeman.cl\/wp-content\/uploads\/2025\/12\/ceremonia-de-los-corazones-2025-Instituto-Aleman-de-Puerto-Montt_0028_Niveles-5-300x200.jpg 300w, https:\/\/ialeman.cl\/wp-content\/uploads\/2025\/12\/ceremonia-de-los-corazones-2025-Instituto-Aleman-de-Puerto-Montt_0028_Niveles-5-1024x684.jpg 1024w, https:\/\/ialeman.cl\/wp-content\/uploads\/2025\/12\/ceremonia-de-los-corazones-2025-Instituto-Aleman-de-Puerto-Montt_0028_Niveles-5-768x513.jpg 768w\" sizes=\"(max-width: 1200px) 100vw, 1200px\" \/><\/a>\n\t\t\t<\/div><\/figure><figure class='gallery-item'>\n\t\t\t<div class='gallery-icon landscape'>\n\t\t\t\t<a data-elementor-open-lightbox=\"yes\" data-elementor-lightbox-slideshow=\"93f3ece\" data-elementor-lightbox-title=\"ceremonia de los corazones 2025 Instituto Alem\u00e1n de Puerto Montt_0065_Brillo_contraste 1\" data-e-action-hash=\"#elementor-action%3Aaction%3Dlightbox%26settings%3DeyJpZCI6NTE5NzIsInVybCI6Imh0dHBzOlwvXC9pYWxlbWFuLmNsXC93cC1jb250ZW50XC91cGxvYWRzXC8yMDI1XC8xMlwvY2VyZW1vbmlhLWRlLWxvcy1jb3Jhem9uZXMtMjAyNS1JbnN0aXR1dG8tQWxlbWFuLWRlLVB1ZXJ0by1Nb250dF8wMDY1X0JyaWxsb19jb250cmFzdGUtMS5qcGciLCJzbGlkZXNob3ciOiI5M2YzZWNlIn0%3D\" href='https:\/\/ialeman.cl\/wp-content\/uploads\/2025\/12\/ceremonia-de-los-corazones-2025-Instituto-Aleman-de-Puerto-Montt_0065_Brillo_contraste-1.jpg'><img loading=\"lazy\" decoding=\"async\" width=\"1200\" height=\"801\" src=\"https:\/\/ialeman.cl\/wp-content\/uploads\/2025\/12\/ceremonia-de-los-corazones-2025-Instituto-Aleman-de-Puerto-Montt_0065_Brillo_contraste-1.jpg\" class=\"attachment-full size-full\" alt=\"\" srcset=\"https:\/\/ialeman.cl\/wp-content\/uploads\/2025\/12\/ceremonia-de-los-corazones-2025-Instituto-Aleman-de-Puerto-Montt_0065_Brillo_contraste-1.jpg 1200w, https:\/\/ialeman.cl\/wp-content\/uploads\/2025\/12\/ceremonia-de-los-corazones-2025-Instituto-Aleman-de-Puerto-Montt_0065_Brillo_contraste-1-300x200.jpg 300w, https:\/\/ialeman.cl\/wp-content\/uploads\/2025\/12\/ceremonia-de-los-corazones-2025-Instituto-Aleman-de-Puerto-Montt_0065_Brillo_contraste-1-1024x684.jpg 1024w, https:\/\/ialeman.cl\/wp-content\/uploads\/2025\/12\/ceremonia-de-los-corazones-2025-Instituto-Aleman-de-Puerto-Montt_0065_Brillo_contraste-1-768x513.jpg 768w\" sizes=\"(max-width: 1200px) 100vw, 1200px\" \/><\/a>\n\t\t\t<\/div><\/figure><figure class='gallery-item'>\n\t\t\t<div class='gallery-icon landscape'>\n\t\t\t\t<a data-elementor-open-lightbox=\"yes\" data-elementor-lightbox-slideshow=\"93f3ece\" data-elementor-lightbox-title=\"ceremonia de los corazones 2025 Instituto Alem\u00e1n de Puerto Montt_0030_DSC_1023\" data-e-action-hash=\"#elementor-action%3Aaction%3Dlightbox%26settings%3DeyJpZCI6NTE5MzcsInVybCI6Imh0dHBzOlwvXC9pYWxlbWFuLmNsXC93cC1jb250ZW50XC91cGxvYWRzXC8yMDI1XC8xMlwvY2VyZW1vbmlhLWRlLWxvcy1jb3Jhem9uZXMtMjAyNS1JbnN0aXR1dG8tQWxlbWFuLWRlLVB1ZXJ0by1Nb250dF8wMDMwX0RTQ18xMDIzLmpwZyIsInNsaWRlc2hvdyI6IjkzZjNlY2UifQ%3D%3D\" href='https:\/\/ialeman.cl\/wp-content\/uploads\/2025\/12\/ceremonia-de-los-corazones-2025-Instituto-Aleman-de-Puerto-Montt_0030_DSC_1023.jpg'><img loading=\"lazy\" decoding=\"async\" width=\"1200\" height=\"801\" src=\"https:\/\/ialeman.cl\/wp-content\/uploads\/2025\/12\/ceremonia-de-los-corazones-2025-Instituto-Aleman-de-Puerto-Montt_0030_DSC_1023.jpg\" class=\"attachment-full size-full\" alt=\"\" srcset=\"https:\/\/ialeman.cl\/wp-content\/uploads\/2025\/12\/ceremonia-de-los-corazones-2025-Instituto-Aleman-de-Puerto-Montt_0030_DSC_1023.jpg 1200w, https:\/\/ialeman.cl\/wp-content\/uploads\/2025\/12\/ceremonia-de-los-corazones-2025-Instituto-Aleman-de-Puerto-Montt_0030_DSC_1023-300x200.jpg 300w, https:\/\/ialeman.cl\/wp-content\/uploads\/2025\/12\/ceremonia-de-los-corazones-2025-Instituto-Aleman-de-Puerto-Montt_0030_DSC_1023-1024x684.jpg 1024w, https:\/\/ialeman.cl\/wp-content\/uploads\/2025\/12\/ceremonia-de-los-corazones-2025-Instituto-Aleman-de-Puerto-Montt_0030_DSC_1023-768x513.jpg 768w\" sizes=\"(max-width: 1200px) 100vw, 1200px\" \/><\/a>\n\t\t\t<\/div><\/figure><figure class='gallery-item'>\n\t\t\t<div class='gallery-icon landscape'>\n\t\t\t\t<a data-elementor-open-lightbox=\"yes\" data-elementor-lightbox-slideshow=\"93f3ece\" data-elementor-lightbox-title=\"ceremonia de los corazones 2025 Instituto Alem\u00e1n de Puerto Montt_0004_DSC_1682\" data-e-action-hash=\"#elementor-action%3Aaction%3Dlightbox%26settings%3DeyJpZCI6NTE5MTEsInVybCI6Imh0dHBzOlwvXC9pYWxlbWFuLmNsXC93cC1jb250ZW50XC91cGxvYWRzXC8yMDI1XC8xMlwvY2VyZW1vbmlhLWRlLWxvcy1jb3Jhem9uZXMtMjAyNS1JbnN0aXR1dG8tQWxlbWFuLWRlLVB1ZXJ0by1Nb250dF8wMDA0X0RTQ18xNjgyLmpwZyIsInNsaWRlc2hvdyI6IjkzZjNlY2UifQ%3D%3D\" href='https:\/\/ialeman.cl\/wp-content\/uploads\/2025\/12\/ceremonia-de-los-corazones-2025-Instituto-Aleman-de-Puerto-Montt_0004_DSC_1682.jpg'><img loading=\"lazy\" decoding=\"async\" width=\"1200\" height=\"801\" src=\"https:\/\/ialeman.cl\/wp-content\/uploads\/2025\/12\/ceremonia-de-los-corazones-2025-Instituto-Aleman-de-Puerto-Montt_0004_DSC_1682.jpg\" class=\"attachment-full size-full\" alt=\"\" srcset=\"https:\/\/ialeman.cl\/wp-content\/uploads\/2025\/12\/ceremonia-de-los-corazones-2025-Instituto-Aleman-de-Puerto-Montt_0004_DSC_1682.jpg 1200w, https:\/\/ialeman.cl\/wp-content\/uploads\/2025\/12\/ceremonia-de-los-corazones-2025-Instituto-Aleman-de-Puerto-Montt_0004_DSC_1682-300x200.jpg 300w, https:\/\/ialeman.cl\/wp-content\/uploads\/2025\/12\/ceremonia-de-los-corazones-2025-Instituto-Aleman-de-Puerto-Montt_0004_DSC_1682-1024x684.jpg 1024w, https:\/\/ialeman.cl\/wp-content\/uploads\/2025\/12\/ceremonia-de-los-corazones-2025-Instituto-Aleman-de-Puerto-Montt_0004_DSC_1682-768x513.jpg 768w\" sizes=\"(max-width: 1200px) 100vw, 1200px\" \/><\/a>\n\t\t\t<\/div><\/figure><figure class='gallery-item'>\n\t\t\t<div class='gallery-icon landscape'>\n\t\t\t\t<a data-elementor-open-lightbox=\"yes\" data-elementor-lightbox-slideshow=\"93f3ece\" data-elementor-lightbox-title=\"ceremonia de los corazones 2025 Instituto Alem\u00e1n de Puerto Montt_0003_DSC_1684\" data-e-action-hash=\"#elementor-action%3Aaction%3Dlightbox%26settings%3DeyJpZCI6NTE5MTAsInVybCI6Imh0dHBzOlwvXC9pYWxlbWFuLmNsXC93cC1jb250ZW50XC91cGxvYWRzXC8yMDI1XC8xMlwvY2VyZW1vbmlhLWRlLWxvcy1jb3Jhem9uZXMtMjAyNS1JbnN0aXR1dG8tQWxlbWFuLWRlLVB1ZXJ0by1Nb250dF8wMDAzX0RTQ18xNjg0LmpwZyIsInNsaWRlc2hvdyI6IjkzZjNlY2UifQ%3D%3D\" href='https:\/\/ialeman.cl\/wp-content\/uploads\/2025\/12\/ceremonia-de-los-corazones-2025-Instituto-Aleman-de-Puerto-Montt_0003_DSC_1684.jpg'><img loading=\"lazy\" decoding=\"async\" width=\"1200\" height=\"801\" src=\"https:\/\/ialeman.cl\/wp-content\/uploads\/2025\/12\/ceremonia-de-los-corazones-2025-Instituto-Aleman-de-Puerto-Montt_0003_DSC_1684.jpg\" class=\"attachment-full size-full\" alt=\"\" srcset=\"https:\/\/ialeman.cl\/wp-content\/uploads\/2025\/12\/ceremonia-de-los-corazones-2025-Instituto-Aleman-de-Puerto-Montt_0003_DSC_1684.jpg 1200w, https:\/\/ialeman.cl\/wp-content\/uploads\/2025\/12\/ceremonia-de-los-corazones-2025-Instituto-Aleman-de-Puerto-Montt_0003_DSC_1684-300x200.jpg 300w, https:\/\/ialeman.cl\/wp-content\/uploads\/2025\/12\/ceremonia-de-los-corazones-2025-Instituto-Aleman-de-Puerto-Montt_0003_DSC_1684-1024x684.jpg 1024w, https:\/\/ialeman.cl\/wp-content\/uploads\/2025\/12\/ceremonia-de-los-corazones-2025-Instituto-Aleman-de-Puerto-Montt_0003_DSC_1684-768x513.jpg 768w\" sizes=\"(max-width: 1200px) 100vw, 1200px\" \/><\/a>\n\t\t\t<\/div><\/figure><figure class='gallery-item'>\n\t\t\t<div class='gallery-icon landscape'>\n\t\t\t\t<a data-elementor-open-lightbox=\"yes\" data-elementor-lightbox-slideshow=\"93f3ece\" data-elementor-lightbox-title=\"ceremonia de los corazones 2025 Instituto Alem\u00e1n de Puerto Montt_0031_DSC_1017\" data-e-action-hash=\"#elementor-action%3Aaction%3Dlightbox%26settings%3DeyJpZCI6NTE5MzgsInVybCI6Imh0dHBzOlwvXC9pYWxlbWFuLmNsXC93cC1jb250ZW50XC91cGxvYWRzXC8yMDI1XC8xMlwvY2VyZW1vbmlhLWRlLWxvcy1jb3Jhem9uZXMtMjAyNS1JbnN0aXR1dG8tQWxlbWFuLWRlLVB1ZXJ0by1Nb250dF8wMDMxX0RTQ18xMDE3LmpwZyIsInNsaWRlc2hvdyI6IjkzZjNlY2UifQ%3D%3D\" href='https:\/\/ialeman.cl\/wp-content\/uploads\/2025\/12\/ceremonia-de-los-corazones-2025-Instituto-Aleman-de-Puerto-Montt_0031_DSC_1017.jpg'><img loading=\"lazy\" decoding=\"async\" width=\"1200\" height=\"801\" src=\"https:\/\/ialeman.cl\/wp-content\/uploads\/2025\/12\/ceremonia-de-los-corazones-2025-Instituto-Aleman-de-Puerto-Montt_0031_DSC_1017.jpg\" class=\"attachment-full size-full\" alt=\"\" srcset=\"https:\/\/ialeman.cl\/wp-content\/uploads\/2025\/12\/ceremonia-de-los-corazones-2025-Instituto-Aleman-de-Puerto-Montt_0031_DSC_1017.jpg 1200w, https:\/\/ialeman.cl\/wp-content\/uploads\/2025\/12\/ceremonia-de-los-corazones-2025-Instituto-Aleman-de-Puerto-Montt_0031_DSC_1017-300x200.jpg 300w, https:\/\/ialeman.cl\/wp-content\/uploads\/2025\/12\/ceremonia-de-los-corazones-2025-Instituto-Aleman-de-Puerto-Montt_0031_DSC_1017-1024x684.jpg 1024w, https:\/\/ialeman.cl\/wp-content\/uploads\/2025\/12\/ceremonia-de-los-corazones-2025-Instituto-Aleman-de-Puerto-Montt_0031_DSC_1017-768x513.jpg 768w\" sizes=\"(max-width: 1200px) 100vw, 1200px\" \/><\/a>\n\t\t\t<\/div><\/figure><figure class='gallery-item'>\n\t\t\t<div class='gallery-icon landscape'>\n\t\t\t\t<a data-elementor-open-lightbox=\"yes\" data-elementor-lightbox-slideshow=\"93f3ece\" data-elementor-lightbox-title=\"ceremonia de los corazones 2025 Instituto Alem\u00e1n de Puerto Montt_0082_Niveles 10\" data-e-action-hash=\"#elementor-action%3Aaction%3Dlightbox%26settings%3DeyJpZCI6NTE5ODksInVybCI6Imh0dHBzOlwvXC9pYWxlbWFuLmNsXC93cC1jb250ZW50XC91cGxvYWRzXC8yMDI1XC8xMlwvY2VyZW1vbmlhLWRlLWxvcy1jb3Jhem9uZXMtMjAyNS1JbnN0aXR1dG8tQWxlbWFuLWRlLVB1ZXJ0by1Nb250dF8wMDgyX05pdmVsZXMtMTAuanBnIiwic2xpZGVzaG93IjoiOTNmM2VjZSJ9\" href='https:\/\/ialeman.cl\/wp-content\/uploads\/2025\/12\/ceremonia-de-los-corazones-2025-Instituto-Aleman-de-Puerto-Montt_0082_Niveles-10.jpg'><img loading=\"lazy\" decoding=\"async\" width=\"1200\" height=\"801\" src=\"https:\/\/ialeman.cl\/wp-content\/uploads\/2025\/12\/ceremonia-de-los-corazones-2025-Instituto-Aleman-de-Puerto-Montt_0082_Niveles-10.jpg\" class=\"attachment-full size-full\" alt=\"\" srcset=\"https:\/\/ialeman.cl\/wp-content\/uploads\/2025\/12\/ceremonia-de-los-corazones-2025-Instituto-Aleman-de-Puerto-Montt_0082_Niveles-10.jpg 1200w, https:\/\/ialeman.cl\/wp-content\/uploads\/2025\/12\/ceremonia-de-los-corazones-2025-Instituto-Aleman-de-Puerto-Montt_0082_Niveles-10-300x200.jpg 300w, https:\/\/ialeman.cl\/wp-content\/uploads\/2025\/12\/ceremonia-de-los-corazones-2025-Instituto-Aleman-de-Puerto-Montt_0082_Niveles-10-1024x684.jpg 1024w, https:\/\/ialeman.cl\/wp-content\/uploads\/2025\/12\/ceremonia-de-los-corazones-2025-Instituto-Aleman-de-Puerto-Montt_0082_Niveles-10-768x513.jpg 768w\" sizes=\"(max-width: 1200px) 100vw, 1200px\" \/><\/a>\n\t\t\t<\/div><\/figure><figure class='gallery-item'>\n\t\t\t<div class='gallery-icon landscape'>\n\t\t\t\t<a data-elementor-open-lightbox=\"yes\" data-elementor-lightbox-slideshow=\"93f3ece\" data-elementor-lightbox-title=\"ceremonia de los corazones 2025 Instituto Alem\u00e1n de Puerto Montt_0032_DSC_1006\" data-e-action-hash=\"#elementor-action%3Aaction%3Dlightbox%26settings%3DeyJpZCI6NTE5MzksInVybCI6Imh0dHBzOlwvXC9pYWxlbWFuLmNsXC93cC1jb250ZW50XC91cGxvYWRzXC8yMDI1XC8xMlwvY2VyZW1vbmlhLWRlLWxvcy1jb3Jhem9uZXMtMjAyNS1JbnN0aXR1dG8tQWxlbWFuLWRlLVB1ZXJ0by1Nb250dF8wMDMyX0RTQ18xMDA2LmpwZyIsInNsaWRlc2hvdyI6IjkzZjNlY2UifQ%3D%3D\" href='https:\/\/ialeman.cl\/wp-content\/uploads\/2025\/12\/ceremonia-de-los-corazones-2025-Instituto-Aleman-de-Puerto-Montt_0032_DSC_1006.jpg'><img loading=\"lazy\" decoding=\"async\" width=\"1200\" height=\"801\" src=\"https:\/\/ialeman.cl\/wp-content\/uploads\/2025\/12\/ceremonia-de-los-corazones-2025-Instituto-Aleman-de-Puerto-Montt_0032_DSC_1006.jpg\" class=\"attachment-full size-full\" alt=\"\" srcset=\"https:\/\/ialeman.cl\/wp-content\/uploads\/2025\/12\/ceremonia-de-los-corazones-2025-Instituto-Aleman-de-Puerto-Montt_0032_DSC_1006.jpg 1200w, https:\/\/ialeman.cl\/wp-content\/uploads\/2025\/12\/ceremonia-de-los-corazones-2025-Instituto-Aleman-de-Puerto-Montt_0032_DSC_1006-300x200.jpg 300w, https:\/\/ialeman.cl\/wp-content\/uploads\/2025\/12\/ceremonia-de-los-corazones-2025-Instituto-Aleman-de-Puerto-Montt_0032_DSC_1006-1024x684.jpg 1024w, https:\/\/ialeman.cl\/wp-content\/uploads\/2025\/12\/ceremonia-de-los-corazones-2025-Instituto-Aleman-de-Puerto-Montt_0032_DSC_1006-768x513.jpg 768w\" sizes=\"(max-width: 1200px) 100vw, 1200px\" \/><\/a>\n\t\t\t<\/div><\/figure><figure class='gallery-item'>\n\t\t\t<div class='gallery-icon landscape'>\n\t\t\t\t<a data-elementor-open-lightbox=\"yes\" data-elementor-lightbox-slideshow=\"93f3ece\" data-elementor-lightbox-title=\"ceremonia de los corazones 2025 Instituto Alem\u00e1n de Puerto Montt_0001_DSC_1690\" data-e-action-hash=\"#elementor-action%3Aaction%3Dlightbox%26settings%3DeyJpZCI6NTE5MDgsInVybCI6Imh0dHBzOlwvXC9pYWxlbWFuLmNsXC93cC1jb250ZW50XC91cGxvYWRzXC8yMDI1XC8xMlwvY2VyZW1vbmlhLWRlLWxvcy1jb3Jhem9uZXMtMjAyNS1JbnN0aXR1dG8tQWxlbWFuLWRlLVB1ZXJ0by1Nb250dF8wMDAxX0RTQ18xNjkwLmpwZyIsInNsaWRlc2hvdyI6IjkzZjNlY2UifQ%3D%3D\" href='https:\/\/ialeman.cl\/wp-content\/uploads\/2025\/12\/ceremonia-de-los-corazones-2025-Instituto-Aleman-de-Puerto-Montt_0001_DSC_1690.jpg'><img loading=\"lazy\" decoding=\"async\" width=\"1200\" height=\"801\" src=\"https:\/\/ialeman.cl\/wp-content\/uploads\/2025\/12\/ceremonia-de-los-corazones-2025-Instituto-Aleman-de-Puerto-Montt_0001_DSC_1690.jpg\" class=\"attachment-full size-full\" alt=\"\" srcset=\"https:\/\/ialeman.cl\/wp-content\/uploads\/2025\/12\/ceremonia-de-los-corazones-2025-Instituto-Aleman-de-Puerto-Montt_0001_DSC_1690.jpg 1200w, https:\/\/ialeman.cl\/wp-content\/uploads\/2025\/12\/ceremonia-de-los-corazones-2025-Instituto-Aleman-de-Puerto-Montt_0001_DSC_1690-300x200.jpg 300w, https:\/\/ialeman.cl\/wp-content\/uploads\/2025\/12\/ceremonia-de-los-corazones-2025-Instituto-Aleman-de-Puerto-Montt_0001_DSC_1690-1024x684.jpg 1024w, https:\/\/ialeman.cl\/wp-content\/uploads\/2025\/12\/ceremonia-de-los-corazones-2025-Instituto-Aleman-de-Puerto-Montt_0001_DSC_1690-768x513.jpg 768w\" sizes=\"(max-width: 1200px) 100vw, 1200px\" \/><\/a>\n\t\t\t<\/div><\/figure><figure class='gallery-item'>\n\t\t\t<div class='gallery-icon landscape'>\n\t\t\t\t<a data-elementor-open-lightbox=\"yes\" data-elementor-lightbox-slideshow=\"93f3ece\" data-elementor-lightbox-title=\"ceremonia de los corazones 2025 Instituto Alem\u00e1n de Puerto Montt_0012_Niveles 3\" data-e-action-hash=\"#elementor-action%3Aaction%3Dlightbox%26settings%3DeyJpZCI6NTE5MTksInVybCI6Imh0dHBzOlwvXC9pYWxlbWFuLmNsXC93cC1jb250ZW50XC91cGxvYWRzXC8yMDI1XC8xMlwvY2VyZW1vbmlhLWRlLWxvcy1jb3Jhem9uZXMtMjAyNS1JbnN0aXR1dG8tQWxlbWFuLWRlLVB1ZXJ0by1Nb250dF8wMDEyX05pdmVsZXMtMy5qcGciLCJzbGlkZXNob3ciOiI5M2YzZWNlIn0%3D\" href='https:\/\/ialeman.cl\/wp-content\/uploads\/2025\/12\/ceremonia-de-los-corazones-2025-Instituto-Aleman-de-Puerto-Montt_0012_Niveles-3.jpg'><img loading=\"lazy\" decoding=\"async\" width=\"1200\" height=\"801\" src=\"https:\/\/ialeman.cl\/wp-content\/uploads\/2025\/12\/ceremonia-de-los-corazones-2025-Instituto-Aleman-de-Puerto-Montt_0012_Niveles-3.jpg\" class=\"attachment-full size-full\" alt=\"\" srcset=\"https:\/\/ialeman.cl\/wp-content\/uploads\/2025\/12\/ceremonia-de-los-corazones-2025-Instituto-Aleman-de-Puerto-Montt_0012_Niveles-3.jpg 1200w, https:\/\/ialeman.cl\/wp-content\/uploads\/2025\/12\/ceremonia-de-los-corazones-2025-Instituto-Aleman-de-Puerto-Montt_0012_Niveles-3-300x200.jpg 300w, https:\/\/ialeman.cl\/wp-content\/uploads\/2025\/12\/ceremonia-de-los-corazones-2025-Instituto-Aleman-de-Puerto-Montt_0012_Niveles-3-1024x684.jpg 1024w, https:\/\/ialeman.cl\/wp-content\/uploads\/2025\/12\/ceremonia-de-los-corazones-2025-Instituto-Aleman-de-Puerto-Montt_0012_Niveles-3-768x513.jpg 768w\" sizes=\"(max-width: 1200px) 100vw, 1200px\" \/><\/a>\n\t\t\t<\/div><\/figure><figure class='gallery-item'>\n\t\t\t<div class='gallery-icon landscape'>\n\t\t\t\t<a data-elementor-open-lightbox=\"yes\" data-elementor-lightbox-slideshow=\"93f3ece\" data-elementor-lightbox-title=\"ceremonia de los corazones 2025 Instituto Alem\u00e1n de Puerto Montt_0050_DSC_0777\" data-e-action-hash=\"#elementor-action%3Aaction%3Dlightbox%26settings%3DeyJpZCI6NTE5NTcsInVybCI6Imh0dHBzOlwvXC9pYWxlbWFuLmNsXC93cC1jb250ZW50XC91cGxvYWRzXC8yMDI1XC8xMlwvY2VyZW1vbmlhLWRlLWxvcy1jb3Jhem9uZXMtMjAyNS1JbnN0aXR1dG8tQWxlbWFuLWRlLVB1ZXJ0by1Nb250dF8wMDUwX0RTQ18wNzc3LmpwZyIsInNsaWRlc2hvdyI6IjkzZjNlY2UifQ%3D%3D\" href='https:\/\/ialeman.cl\/wp-content\/uploads\/2025\/12\/ceremonia-de-los-corazones-2025-Instituto-Aleman-de-Puerto-Montt_0050_DSC_0777.jpg'><img loading=\"lazy\" decoding=\"async\" width=\"1200\" height=\"801\" src=\"https:\/\/ialeman.cl\/wp-content\/uploads\/2025\/12\/ceremonia-de-los-corazones-2025-Instituto-Aleman-de-Puerto-Montt_0050_DSC_0777.jpg\" class=\"attachment-full size-full\" alt=\"\" srcset=\"https:\/\/ialeman.cl\/wp-content\/uploads\/2025\/12\/ceremonia-de-los-corazones-2025-Instituto-Aleman-de-Puerto-Montt_0050_DSC_0777.jpg 1200w, https:\/\/ialeman.cl\/wp-content\/uploads\/2025\/12\/ceremonia-de-los-corazones-2025-Instituto-Aleman-de-Puerto-Montt_0050_DSC_0777-300x200.jpg 300w, https:\/\/ialeman.cl\/wp-content\/uploads\/2025\/12\/ceremonia-de-los-corazones-2025-Instituto-Aleman-de-Puerto-Montt_0050_DSC_0777-1024x684.jpg 1024w, https:\/\/ialeman.cl\/wp-content\/uploads\/2025\/12\/ceremonia-de-los-corazones-2025-Instituto-Aleman-de-Puerto-Montt_0050_DSC_0777-768x513.jpg 768w\" sizes=\"(max-width: 1200px) 100vw, 1200px\" \/><\/a>\n\t\t\t<\/div><\/figure><figure class='gallery-item'>\n\t\t\t<div class='gallery-icon landscape'>\n\t\t\t\t<a data-elementor-open-lightbox=\"yes\" data-elementor-lightbox-slideshow=\"93f3ece\" data-elementor-lightbox-title=\"ceremonia de los corazones 2025 Instituto Alem\u00e1n de Puerto Montt_0033_DSC_1002\" data-e-action-hash=\"#elementor-action%3Aaction%3Dlightbox%26settings%3DeyJpZCI6NTE5NDAsInVybCI6Imh0dHBzOlwvXC9pYWxlbWFuLmNsXC93cC1jb250ZW50XC91cGxvYWRzXC8yMDI1XC8xMlwvY2VyZW1vbmlhLWRlLWxvcy1jb3Jhem9uZXMtMjAyNS1JbnN0aXR1dG8tQWxlbWFuLWRlLVB1ZXJ0by1Nb250dF8wMDMzX0RTQ18xMDAyLmpwZyIsInNsaWRlc2hvdyI6IjkzZjNlY2UifQ%3D%3D\" href='https:\/\/ialeman.cl\/wp-content\/uploads\/2025\/12\/ceremonia-de-los-corazones-2025-Instituto-Aleman-de-Puerto-Montt_0033_DSC_1002.jpg'><img loading=\"lazy\" decoding=\"async\" width=\"1200\" height=\"801\" src=\"https:\/\/ialeman.cl\/wp-content\/uploads\/2025\/12\/ceremonia-de-los-corazones-2025-Instituto-Aleman-de-Puerto-Montt_0033_DSC_1002.jpg\" class=\"attachment-full size-full\" alt=\"\" srcset=\"https:\/\/ialeman.cl\/wp-content\/uploads\/2025\/12\/ceremonia-de-los-corazones-2025-Instituto-Aleman-de-Puerto-Montt_0033_DSC_1002.jpg 1200w, https:\/\/ialeman.cl\/wp-content\/uploads\/2025\/12\/ceremonia-de-los-corazones-2025-Instituto-Aleman-de-Puerto-Montt_0033_DSC_1002-300x200.jpg 300w, https:\/\/ialeman.cl\/wp-content\/uploads\/2025\/12\/ceremonia-de-los-corazones-2025-Instituto-Aleman-de-Puerto-Montt_0033_DSC_1002-1024x684.jpg 1024w, https:\/\/ialeman.cl\/wp-content\/uploads\/2025\/12\/ceremonia-de-los-corazones-2025-Instituto-Aleman-de-Puerto-Montt_0033_DSC_1002-768x513.jpg 768w\" sizes=\"(max-width: 1200px) 100vw, 1200px\" \/><\/a>\n\t\t\t<\/div><\/figure><figure class='gallery-item'>\n\t\t\t<div class='gallery-icon landscape'>\n\t\t\t\t<a data-elementor-open-lightbox=\"yes\" data-elementor-lightbox-slideshow=\"93f3ece\" data-elementor-lightbox-title=\"ceremonia de los corazones 2025 Instituto Alem\u00e1n de Puerto Montt_0035_DSC_1140\" data-e-action-hash=\"#elementor-action%3Aaction%3Dlightbox%26settings%3DeyJpZCI6NTE5NDIsInVybCI6Imh0dHBzOlwvXC9pYWxlbWFuLmNsXC93cC1jb250ZW50XC91cGxvYWRzXC8yMDI1XC8xMlwvY2VyZW1vbmlhLWRlLWxvcy1jb3Jhem9uZXMtMjAyNS1JbnN0aXR1dG8tQWxlbWFuLWRlLVB1ZXJ0by1Nb250dF8wMDM1X0RTQ18xMTQwLmpwZyIsInNsaWRlc2hvdyI6IjkzZjNlY2UifQ%3D%3D\" href='https:\/\/ialeman.cl\/wp-content\/uploads\/2025\/12\/ceremonia-de-los-corazones-2025-Instituto-Aleman-de-Puerto-Montt_0035_DSC_1140.jpg'><img loading=\"lazy\" decoding=\"async\" width=\"1200\" height=\"801\" src=\"https:\/\/ialeman.cl\/wp-content\/uploads\/2025\/12\/ceremonia-de-los-corazones-2025-Instituto-Aleman-de-Puerto-Montt_0035_DSC_1140.jpg\" class=\"attachment-full size-full\" alt=\"\" srcset=\"https:\/\/ialeman.cl\/wp-content\/uploads\/2025\/12\/ceremonia-de-los-corazones-2025-Instituto-Aleman-de-Puerto-Montt_0035_DSC_1140.jpg 1200w, https:\/\/ialeman.cl\/wp-content\/uploads\/2025\/12\/ceremonia-de-los-corazones-2025-Instituto-Aleman-de-Puerto-Montt_0035_DSC_1140-300x200.jpg 300w, https:\/\/ialeman.cl\/wp-content\/uploads\/2025\/12\/ceremonia-de-los-corazones-2025-Instituto-Aleman-de-Puerto-Montt_0035_DSC_1140-1024x684.jpg 1024w, https:\/\/ialeman.cl\/wp-content\/uploads\/2025\/12\/ceremonia-de-los-corazones-2025-Instituto-Aleman-de-Puerto-Montt_0035_DSC_1140-768x513.jpg 768w\" sizes=\"(max-width: 1200px) 100vw, 1200px\" \/><\/a>\n\t\t\t<\/div><\/figure><figure class='gallery-item'>\n\t\t\t<div class='gallery-icon landscape'>\n\t\t\t\t<a data-elementor-open-lightbox=\"yes\" data-elementor-lightbox-slideshow=\"93f3ece\" data-elementor-lightbox-title=\"ceremonia de los corazones 2025 Instituto Alem\u00e1n de Puerto Montt_0036_DSC_0980\" data-e-action-hash=\"#elementor-action%3Aaction%3Dlightbox%26settings%3DeyJpZCI6NTE5NDMsInVybCI6Imh0dHBzOlwvXC9pYWxlbWFuLmNsXC93cC1jb250ZW50XC91cGxvYWRzXC8yMDI1XC8xMlwvY2VyZW1vbmlhLWRlLWxvcy1jb3Jhem9uZXMtMjAyNS1JbnN0aXR1dG8tQWxlbWFuLWRlLVB1ZXJ0by1Nb250dF8wMDM2X0RTQ18wOTgwLmpwZyIsInNsaWRlc2hvdyI6IjkzZjNlY2UifQ%3D%3D\" href='https:\/\/ialeman.cl\/wp-content\/uploads\/2025\/12\/ceremonia-de-los-corazones-2025-Instituto-Aleman-de-Puerto-Montt_0036_DSC_0980.jpg'><img loading=\"lazy\" decoding=\"async\" width=\"1200\" height=\"801\" src=\"https:\/\/ialeman.cl\/wp-content\/uploads\/2025\/12\/ceremonia-de-los-corazones-2025-Instituto-Aleman-de-Puerto-Montt_0036_DSC_0980.jpg\" class=\"attachment-full size-full\" alt=\"\" srcset=\"https:\/\/ialeman.cl\/wp-content\/uploads\/2025\/12\/ceremonia-de-los-corazones-2025-Instituto-Aleman-de-Puerto-Montt_0036_DSC_0980.jpg 1200w, https:\/\/ialeman.cl\/wp-content\/uploads\/2025\/12\/ceremonia-de-los-corazones-2025-Instituto-Aleman-de-Puerto-Montt_0036_DSC_0980-300x200.jpg 300w, https:\/\/ialeman.cl\/wp-content\/uploads\/2025\/12\/ceremonia-de-los-corazones-2025-Instituto-Aleman-de-Puerto-Montt_0036_DSC_0980-1024x684.jpg 1024w, https:\/\/ialeman.cl\/wp-content\/uploads\/2025\/12\/ceremonia-de-los-corazones-2025-Instituto-Aleman-de-Puerto-Montt_0036_DSC_0980-768x513.jpg 768w\" sizes=\"(max-width: 1200px) 100vw, 1200px\" \/><\/a>\n\t\t\t<\/div><\/figure><figure class='gallery-item'>\n\t\t\t<div class='gallery-icon landscape'>\n\t\t\t\t<a data-elementor-open-lightbox=\"yes\" data-elementor-lightbox-slideshow=\"93f3ece\" data-elementor-lightbox-title=\"ceremonia de los corazones 2025 Instituto Alem\u00e1n de Puerto Montt_0037_DSC_0977\" data-e-action-hash=\"#elementor-action%3Aaction%3Dlightbox%26settings%3DeyJpZCI6NTE5NDQsInVybCI6Imh0dHBzOlwvXC9pYWxlbWFuLmNsXC93cC1jb250ZW50XC91cGxvYWRzXC8yMDI1XC8xMlwvY2VyZW1vbmlhLWRlLWxvcy1jb3Jhem9uZXMtMjAyNS1JbnN0aXR1dG8tQWxlbWFuLWRlLVB1ZXJ0by1Nb250dF8wMDM3X0RTQ18wOTc3LmpwZyIsInNsaWRlc2hvdyI6IjkzZjNlY2UifQ%3D%3D\" href='https:\/\/ialeman.cl\/wp-content\/uploads\/2025\/12\/ceremonia-de-los-corazones-2025-Instituto-Aleman-de-Puerto-Montt_0037_DSC_0977.jpg'><img loading=\"lazy\" decoding=\"async\" width=\"1200\" height=\"801\" src=\"https:\/\/ialeman.cl\/wp-content\/uploads\/2025\/12\/ceremonia-de-los-corazones-2025-Instituto-Aleman-de-Puerto-Montt_0037_DSC_0977.jpg\" class=\"attachment-full size-full\" alt=\"\" srcset=\"https:\/\/ialeman.cl\/wp-content\/uploads\/2025\/12\/ceremonia-de-los-corazones-2025-Instituto-Aleman-de-Puerto-Montt_0037_DSC_0977.jpg 1200w, https:\/\/ialeman.cl\/wp-content\/uploads\/2025\/12\/ceremonia-de-los-corazones-2025-Instituto-Aleman-de-Puerto-Montt_0037_DSC_0977-300x200.jpg 300w, https:\/\/ialeman.cl\/wp-content\/uploads\/2025\/12\/ceremonia-de-los-corazones-2025-Instituto-Aleman-de-Puerto-Montt_0037_DSC_0977-1024x684.jpg 1024w, https:\/\/ialeman.cl\/wp-content\/uploads\/2025\/12\/ceremonia-de-los-corazones-2025-Instituto-Aleman-de-Puerto-Montt_0037_DSC_0977-768x513.jpg 768w\" sizes=\"(max-width: 1200px) 100vw, 1200px\" \/><\/a>\n\t\t\t<\/div><\/figure><figure class='gallery-item'>\n\t\t\t<div class='gallery-icon landscape'>\n\t\t\t\t<a data-elementor-open-lightbox=\"yes\" data-elementor-lightbox-slideshow=\"93f3ece\" data-elementor-lightbox-title=\"ceremonia de los corazones 2025 Instituto Alem\u00e1n de Puerto Montt_0038_DSC_0964\" data-e-action-hash=\"#elementor-action%3Aaction%3Dlightbox%26settings%3DeyJpZCI6NTE5NDUsInVybCI6Imh0dHBzOlwvXC9pYWxlbWFuLmNsXC93cC1jb250ZW50XC91cGxvYWRzXC8yMDI1XC8xMlwvY2VyZW1vbmlhLWRlLWxvcy1jb3Jhem9uZXMtMjAyNS1JbnN0aXR1dG8tQWxlbWFuLWRlLVB1ZXJ0by1Nb250dF8wMDM4X0RTQ18wOTY0LmpwZyIsInNsaWRlc2hvdyI6IjkzZjNlY2UifQ%3D%3D\" href='https:\/\/ialeman.cl\/wp-content\/uploads\/2025\/12\/ceremonia-de-los-corazones-2025-Instituto-Aleman-de-Puerto-Montt_0038_DSC_0964.jpg'><img loading=\"lazy\" decoding=\"async\" width=\"1200\" height=\"801\" src=\"https:\/\/ialeman.cl\/wp-content\/uploads\/2025\/12\/ceremonia-de-los-corazones-2025-Instituto-Aleman-de-Puerto-Montt_0038_DSC_0964.jpg\" class=\"attachment-full size-full\" alt=\"\" srcset=\"https:\/\/ialeman.cl\/wp-content\/uploads\/2025\/12\/ceremonia-de-los-corazones-2025-Instituto-Aleman-de-Puerto-Montt_0038_DSC_0964.jpg 1200w, https:\/\/ialeman.cl\/wp-content\/uploads\/2025\/12\/ceremonia-de-los-corazones-2025-Instituto-Aleman-de-Puerto-Montt_0038_DSC_0964-300x200.jpg 300w, https:\/\/ialeman.cl\/wp-content\/uploads\/2025\/12\/ceremonia-de-los-corazones-2025-Instituto-Aleman-de-Puerto-Montt_0038_DSC_0964-1024x684.jpg 1024w, https:\/\/ialeman.cl\/wp-content\/uploads\/2025\/12\/ceremonia-de-los-corazones-2025-Instituto-Aleman-de-Puerto-Montt_0038_DSC_0964-768x513.jpg 768w\" sizes=\"(max-width: 1200px) 100vw, 1200px\" \/><\/a>\n\t\t\t<\/div><\/figure><figure class='gallery-item'>\n\t\t\t<div class='gallery-icon landscape'>\n\t\t\t\t<a data-elementor-open-lightbox=\"yes\" data-elementor-lightbox-slideshow=\"93f3ece\" data-elementor-lightbox-title=\"ceremonia de los corazones 2025 Instituto Alem\u00e1n de Puerto Montt_0039_DSC_0957\" data-e-action-hash=\"#elementor-action%3Aaction%3Dlightbox%26settings%3DeyJpZCI6NTE5NDYsInVybCI6Imh0dHBzOlwvXC9pYWxlbWFuLmNsXC93cC1jb250ZW50XC91cGxvYWRzXC8yMDI1XC8xMlwvY2VyZW1vbmlhLWRlLWxvcy1jb3Jhem9uZXMtMjAyNS1JbnN0aXR1dG8tQWxlbWFuLWRlLVB1ZXJ0by1Nb250dF8wMDM5X0RTQ18wOTU3LmpwZyIsInNsaWRlc2hvdyI6IjkzZjNlY2UifQ%3D%3D\" href='https:\/\/ialeman.cl\/wp-content\/uploads\/2025\/12\/ceremonia-de-los-corazones-2025-Instituto-Aleman-de-Puerto-Montt_0039_DSC_0957.jpg'><img loading=\"lazy\" decoding=\"async\" width=\"1200\" height=\"801\" src=\"https:\/\/ialeman.cl\/wp-content\/uploads\/2025\/12\/ceremonia-de-los-corazones-2025-Instituto-Aleman-de-Puerto-Montt_0039_DSC_0957.jpg\" class=\"attachment-full size-full\" alt=\"\" srcset=\"https:\/\/ialeman.cl\/wp-content\/uploads\/2025\/12\/ceremonia-de-los-corazones-2025-Instituto-Aleman-de-Puerto-Montt_0039_DSC_0957.jpg 1200w, https:\/\/ialeman.cl\/wp-content\/uploads\/2025\/12\/ceremonia-de-los-corazones-2025-Instituto-Aleman-de-Puerto-Montt_0039_DSC_0957-300x200.jpg 300w, https:\/\/ialeman.cl\/wp-content\/uploads\/2025\/12\/ceremonia-de-los-corazones-2025-Instituto-Aleman-de-Puerto-Montt_0039_DSC_0957-1024x684.jpg 1024w, https:\/\/ialeman.cl\/wp-content\/uploads\/2025\/12\/ceremonia-de-los-corazones-2025-Instituto-Aleman-de-Puerto-Montt_0039_DSC_0957-768x513.jpg 768w\" sizes=\"(max-width: 1200px) 100vw, 1200px\" \/><\/a>\n\t\t\t<\/div><\/figure><figure class='gallery-item'>\n\t\t\t<div class='gallery-icon landscape'>\n\t\t\t\t<a data-elementor-open-lightbox=\"yes\" data-elementor-lightbox-slideshow=\"93f3ece\" data-elementor-lightbox-title=\"ceremonia de los corazones 2025 Instituto Alem\u00e1n de Puerto Montt_0040_DSC_0944\" data-e-action-hash=\"#elementor-action%3Aaction%3Dlightbox%26settings%3DeyJpZCI6NTE5NDcsInVybCI6Imh0dHBzOlwvXC9pYWxlbWFuLmNsXC93cC1jb250ZW50XC91cGxvYWRzXC8yMDI1XC8xMlwvY2VyZW1vbmlhLWRlLWxvcy1jb3Jhem9uZXMtMjAyNS1JbnN0aXR1dG8tQWxlbWFuLWRlLVB1ZXJ0by1Nb250dF8wMDQwX0RTQ18wOTQ0LmpwZyIsInNsaWRlc2hvdyI6IjkzZjNlY2UifQ%3D%3D\" href='https:\/\/ialeman.cl\/wp-content\/uploads\/2025\/12\/ceremonia-de-los-corazones-2025-Instituto-Aleman-de-Puerto-Montt_0040_DSC_0944.jpg'><img loading=\"lazy\" decoding=\"async\" width=\"1200\" height=\"801\" src=\"https:\/\/ialeman.cl\/wp-content\/uploads\/2025\/12\/ceremonia-de-los-corazones-2025-Instituto-Aleman-de-Puerto-Montt_0040_DSC_0944.jpg\" class=\"attachment-full size-full\" alt=\"\" srcset=\"https:\/\/ialeman.cl\/wp-content\/uploads\/2025\/12\/ceremonia-de-los-corazones-2025-Instituto-Aleman-de-Puerto-Montt_0040_DSC_0944.jpg 1200w, https:\/\/ialeman.cl\/wp-content\/uploads\/2025\/12\/ceremonia-de-los-corazones-2025-Instituto-Aleman-de-Puerto-Montt_0040_DSC_0944-300x200.jpg 300w, https:\/\/ialeman.cl\/wp-content\/uploads\/2025\/12\/ceremonia-de-los-corazones-2025-Instituto-Aleman-de-Puerto-Montt_0040_DSC_0944-1024x684.jpg 1024w, https:\/\/ialeman.cl\/wp-content\/uploads\/2025\/12\/ceremonia-de-los-corazones-2025-Instituto-Aleman-de-Puerto-Montt_0040_DSC_0944-768x513.jpg 768w\" sizes=\"(max-width: 1200px) 100vw, 1200px\" \/><\/a>\n\t\t\t<\/div><\/figure><figure class='gallery-item'>\n\t\t\t<div class='gallery-icon landscape'>\n\t\t\t\t<a data-elementor-open-lightbox=\"yes\" data-elementor-lightbox-slideshow=\"93f3ece\" data-elementor-lightbox-title=\"ceremonia de los corazones 2025 Instituto Alem\u00e1n de Puerto Montt_0059_DSC_0640\" data-e-action-hash=\"#elementor-action%3Aaction%3Dlightbox%26settings%3DeyJpZCI6NTE5NjYsInVybCI6Imh0dHBzOlwvXC9pYWxlbWFuLmNsXC93cC1jb250ZW50XC91cGxvYWRzXC8yMDI1XC8xMlwvY2VyZW1vbmlhLWRlLWxvcy1jb3Jhem9uZXMtMjAyNS1JbnN0aXR1dG8tQWxlbWFuLWRlLVB1ZXJ0by1Nb250dF8wMDU5X0RTQ18wNjQwLmpwZyIsInNsaWRlc2hvdyI6IjkzZjNlY2UifQ%3D%3D\" href='https:\/\/ialeman.cl\/wp-content\/uploads\/2025\/12\/ceremonia-de-los-corazones-2025-Instituto-Aleman-de-Puerto-Montt_0059_DSC_0640.jpg'><img loading=\"lazy\" decoding=\"async\" width=\"1200\" height=\"801\" src=\"https:\/\/ialeman.cl\/wp-content\/uploads\/2025\/12\/ceremonia-de-los-corazones-2025-Instituto-Aleman-de-Puerto-Montt_0059_DSC_0640.jpg\" class=\"attachment-full size-full\" alt=\"\" srcset=\"https:\/\/ialeman.cl\/wp-content\/uploads\/2025\/12\/ceremonia-de-los-corazones-2025-Instituto-Aleman-de-Puerto-Montt_0059_DSC_0640.jpg 1200w, https:\/\/ialeman.cl\/wp-content\/uploads\/2025\/12\/ceremonia-de-los-corazones-2025-Instituto-Aleman-de-Puerto-Montt_0059_DSC_0640-300x200.jpg 300w, https:\/\/ialeman.cl\/wp-content\/uploads\/2025\/12\/ceremonia-de-los-corazones-2025-Instituto-Aleman-de-Puerto-Montt_0059_DSC_0640-1024x684.jpg 1024w, https:\/\/ialeman.cl\/wp-content\/uploads\/2025\/12\/ceremonia-de-los-corazones-2025-Instituto-Aleman-de-Puerto-Montt_0059_DSC_0640-768x513.jpg 768w\" sizes=\"(max-width: 1200px) 100vw, 1200px\" \/><\/a>\n\t\t\t<\/div><\/figure><figure class='gallery-item'>\n\t\t\t<div class='gallery-icon landscape'>\n\t\t\t\t<a data-elementor-open-lightbox=\"yes\" data-elementor-lightbox-slideshow=\"93f3ece\" data-elementor-lightbox-title=\"ceremonia de los corazones 2025 Instituto Alem\u00e1n de Puerto Montt_0041_DSC_0934\" data-e-action-hash=\"#elementor-action%3Aaction%3Dlightbox%26settings%3DeyJpZCI6NTE5NDgsInVybCI6Imh0dHBzOlwvXC9pYWxlbWFuLmNsXC93cC1jb250ZW50XC91cGxvYWRzXC8yMDI1XC8xMlwvY2VyZW1vbmlhLWRlLWxvcy1jb3Jhem9uZXMtMjAyNS1JbnN0aXR1dG8tQWxlbWFuLWRlLVB1ZXJ0by1Nb250dF8wMDQxX0RTQ18wOTM0LmpwZyIsInNsaWRlc2hvdyI6IjkzZjNlY2UifQ%3D%3D\" href='https:\/\/ialeman.cl\/wp-content\/uploads\/2025\/12\/ceremonia-de-los-corazones-2025-Instituto-Aleman-de-Puerto-Montt_0041_DSC_0934.jpg'><img loading=\"lazy\" decoding=\"async\" width=\"1200\" height=\"801\" src=\"https:\/\/ialeman.cl\/wp-content\/uploads\/2025\/12\/ceremonia-de-los-corazones-2025-Instituto-Aleman-de-Puerto-Montt_0041_DSC_0934.jpg\" class=\"attachment-full size-full\" alt=\"\" srcset=\"https:\/\/ialeman.cl\/wp-content\/uploads\/2025\/12\/ceremonia-de-los-corazones-2025-Instituto-Aleman-de-Puerto-Montt_0041_DSC_0934.jpg 1200w, https:\/\/ialeman.cl\/wp-content\/uploads\/2025\/12\/ceremonia-de-los-corazones-2025-Instituto-Aleman-de-Puerto-Montt_0041_DSC_0934-300x200.jpg 300w, https:\/\/ialeman.cl\/wp-content\/uploads\/2025\/12\/ceremonia-de-los-corazones-2025-Instituto-Aleman-de-Puerto-Montt_0041_DSC_0934-1024x684.jpg 1024w, https:\/\/ialeman.cl\/wp-content\/uploads\/2025\/12\/ceremonia-de-los-corazones-2025-Instituto-Aleman-de-Puerto-Montt_0041_DSC_0934-768x513.jpg 768w\" sizes=\"(max-width: 1200px) 100vw, 1200px\" \/><\/a>\n\t\t\t<\/div><\/figure><figure class='gallery-item'>\n\t\t\t<div class='gallery-icon landscape'>\n\t\t\t\t<a data-elementor-open-lightbox=\"yes\" data-elementor-lightbox-slideshow=\"93f3ece\" data-elementor-lightbox-title=\"ceremonia de los corazones 2025 Instituto Alem\u00e1n de Puerto Montt_0042_DSC_0920\" data-e-action-hash=\"#elementor-action%3Aaction%3Dlightbox%26settings%3DeyJpZCI6NTE5NDksInVybCI6Imh0dHBzOlwvXC9pYWxlbWFuLmNsXC93cC1jb250ZW50XC91cGxvYWRzXC8yMDI1XC8xMlwvY2VyZW1vbmlhLWRlLWxvcy1jb3Jhem9uZXMtMjAyNS1JbnN0aXR1dG8tQWxlbWFuLWRlLVB1ZXJ0by1Nb250dF8wMDQyX0RTQ18wOTIwLmpwZyIsInNsaWRlc2hvdyI6IjkzZjNlY2UifQ%3D%3D\" href='https:\/\/ialeman.cl\/wp-content\/uploads\/2025\/12\/ceremonia-de-los-corazones-2025-Instituto-Aleman-de-Puerto-Montt_0042_DSC_0920.jpg'><img loading=\"lazy\" decoding=\"async\" width=\"1200\" height=\"801\" src=\"https:\/\/ialeman.cl\/wp-content\/uploads\/2025\/12\/ceremonia-de-los-corazones-2025-Instituto-Aleman-de-Puerto-Montt_0042_DSC_0920.jpg\" class=\"attachment-full size-full\" alt=\"\" srcset=\"https:\/\/ialeman.cl\/wp-content\/uploads\/2025\/12\/ceremonia-de-los-corazones-2025-Instituto-Aleman-de-Puerto-Montt_0042_DSC_0920.jpg 1200w, https:\/\/ialeman.cl\/wp-content\/uploads\/2025\/12\/ceremonia-de-los-corazones-2025-Instituto-Aleman-de-Puerto-Montt_0042_DSC_0920-300x200.jpg 300w, https:\/\/ialeman.cl\/wp-content\/uploads\/2025\/12\/ceremonia-de-los-corazones-2025-Instituto-Aleman-de-Puerto-Montt_0042_DSC_0920-1024x684.jpg 1024w, https:\/\/ialeman.cl\/wp-content\/uploads\/2025\/12\/ceremonia-de-los-corazones-2025-Instituto-Aleman-de-Puerto-Montt_0042_DSC_0920-768x513.jpg 768w\" sizes=\"(max-width: 1200px) 100vw, 1200px\" \/><\/a>\n\t\t\t<\/div><\/figure><figure class='gallery-item'>\n\t\t\t<div class='gallery-icon landscape'>\n\t\t\t\t<a data-elementor-open-lightbox=\"yes\" data-elementor-lightbox-slideshow=\"93f3ece\" data-elementor-lightbox-title=\"ceremonia de los corazones 2025 Instituto Alem\u00e1n de Puerto Montt_0043_DSC_0899\" data-e-action-hash=\"#elementor-action%3Aaction%3Dlightbox%26settings%3DeyJpZCI6NTE5NTAsInVybCI6Imh0dHBzOlwvXC9pYWxlbWFuLmNsXC93cC1jb250ZW50XC91cGxvYWRzXC8yMDI1XC8xMlwvY2VyZW1vbmlhLWRlLWxvcy1jb3Jhem9uZXMtMjAyNS1JbnN0aXR1dG8tQWxlbWFuLWRlLVB1ZXJ0by1Nb250dF8wMDQzX0RTQ18wODk5LmpwZyIsInNsaWRlc2hvdyI6IjkzZjNlY2UifQ%3D%3D\" href='https:\/\/ialeman.cl\/wp-content\/uploads\/2025\/12\/ceremonia-de-los-corazones-2025-Instituto-Aleman-de-Puerto-Montt_0043_DSC_0899.jpg'><img loading=\"lazy\" decoding=\"async\" width=\"1200\" height=\"801\" src=\"https:\/\/ialeman.cl\/wp-content\/uploads\/2025\/12\/ceremonia-de-los-corazones-2025-Instituto-Aleman-de-Puerto-Montt_0043_DSC_0899.jpg\" class=\"attachment-full size-full\" alt=\"\" srcset=\"https:\/\/ialeman.cl\/wp-content\/uploads\/2025\/12\/ceremonia-de-los-corazones-2025-Instituto-Aleman-de-Puerto-Montt_0043_DSC_0899.jpg 1200w, https:\/\/ialeman.cl\/wp-content\/uploads\/2025\/12\/ceremonia-de-los-corazones-2025-Instituto-Aleman-de-Puerto-Montt_0043_DSC_0899-300x200.jpg 300w, https:\/\/ialeman.cl\/wp-content\/uploads\/2025\/12\/ceremonia-de-los-corazones-2025-Instituto-Aleman-de-Puerto-Montt_0043_DSC_0899-1024x684.jpg 1024w, https:\/\/ialeman.cl\/wp-content\/uploads\/2025\/12\/ceremonia-de-los-corazones-2025-Instituto-Aleman-de-Puerto-Montt_0043_DSC_0899-768x513.jpg 768w\" sizes=\"(max-width: 1200px) 100vw, 1200px\" \/><\/a>\n\t\t\t<\/div><\/figure><figure class='gallery-item'>\n\t\t\t<div class='gallery-icon landscape'>\n\t\t\t\t<a data-elementor-open-lightbox=\"yes\" data-elementor-lightbox-slideshow=\"93f3ece\" data-elementor-lightbox-title=\"ceremonia de los corazones 2025 Instituto Alem\u00e1n de Puerto Montt_0044_DSC_0860\" data-e-action-hash=\"#elementor-action%3Aaction%3Dlightbox%26settings%3DeyJpZCI6NTE5NTEsInVybCI6Imh0dHBzOlwvXC9pYWxlbWFuLmNsXC93cC1jb250ZW50XC91cGxvYWRzXC8yMDI1XC8xMlwvY2VyZW1vbmlhLWRlLWxvcy1jb3Jhem9uZXMtMjAyNS1JbnN0aXR1dG8tQWxlbWFuLWRlLVB1ZXJ0by1Nb250dF8wMDQ0X0RTQ18wODYwLmpwZyIsInNsaWRlc2hvdyI6IjkzZjNlY2UifQ%3D%3D\" href='https:\/\/ialeman.cl\/wp-content\/uploads\/2025\/12\/ceremonia-de-los-corazones-2025-Instituto-Aleman-de-Puerto-Montt_0044_DSC_0860.jpg'><img loading=\"lazy\" decoding=\"async\" width=\"1200\" height=\"801\" src=\"https:\/\/ialeman.cl\/wp-content\/uploads\/2025\/12\/ceremonia-de-los-corazones-2025-Instituto-Aleman-de-Puerto-Montt_0044_DSC_0860.jpg\" class=\"attachment-full size-full\" alt=\"\" srcset=\"https:\/\/ialeman.cl\/wp-content\/uploads\/2025\/12\/ceremonia-de-los-corazones-2025-Instituto-Aleman-de-Puerto-Montt_0044_DSC_0860.jpg 1200w, https:\/\/ialeman.cl\/wp-content\/uploads\/2025\/12\/ceremonia-de-los-corazones-2025-Instituto-Aleman-de-Puerto-Montt_0044_DSC_0860-300x200.jpg 300w, https:\/\/ialeman.cl\/wp-content\/uploads\/2025\/12\/ceremonia-de-los-corazones-2025-Instituto-Aleman-de-Puerto-Montt_0044_DSC_0860-1024x684.jpg 1024w, https:\/\/ialeman.cl\/wp-content\/uploads\/2025\/12\/ceremonia-de-los-corazones-2025-Instituto-Aleman-de-Puerto-Montt_0044_DSC_0860-768x513.jpg 768w\" sizes=\"(max-width: 1200px) 100vw, 1200px\" \/><\/a>\n\t\t\t<\/div><\/figure><figure class='gallery-item'>\n\t\t\t<div class='gallery-icon landscape'>\n\t\t\t\t<a data-elementor-open-lightbox=\"yes\" data-elementor-lightbox-slideshow=\"93f3ece\" data-elementor-lightbox-title=\"ceremonia de los corazones 2025 Instituto Alem\u00e1n de Puerto Montt_0046_DSC_0832\" data-e-action-hash=\"#elementor-action%3Aaction%3Dlightbox%26settings%3DeyJpZCI6NTE5NTMsInVybCI6Imh0dHBzOlwvXC9pYWxlbWFuLmNsXC93cC1jb250ZW50XC91cGxvYWRzXC8yMDI1XC8xMlwvY2VyZW1vbmlhLWRlLWxvcy1jb3Jhem9uZXMtMjAyNS1JbnN0aXR1dG8tQWxlbWFuLWRlLVB1ZXJ0by1Nb250dF8wMDQ2X0RTQ18wODMyLmpwZyIsInNsaWRlc2hvdyI6IjkzZjNlY2UifQ%3D%3D\" href='https:\/\/ialeman.cl\/wp-content\/uploads\/2025\/12\/ceremonia-de-los-corazones-2025-Instituto-Aleman-de-Puerto-Montt_0046_DSC_0832.jpg'><img loading=\"lazy\" decoding=\"async\" width=\"1200\" height=\"801\" src=\"https:\/\/ialeman.cl\/wp-content\/uploads\/2025\/12\/ceremonia-de-los-corazones-2025-Instituto-Aleman-de-Puerto-Montt_0046_DSC_0832.jpg\" class=\"attachment-full size-full\" alt=\"\" srcset=\"https:\/\/ialeman.cl\/wp-content\/uploads\/2025\/12\/ceremonia-de-los-corazones-2025-Instituto-Aleman-de-Puerto-Montt_0046_DSC_0832.jpg 1200w, https:\/\/ialeman.cl\/wp-content\/uploads\/2025\/12\/ceremonia-de-los-corazones-2025-Instituto-Aleman-de-Puerto-Montt_0046_DSC_0832-300x200.jpg 300w, https:\/\/ialeman.cl\/wp-content\/uploads\/2025\/12\/ceremonia-de-los-corazones-2025-Instituto-Aleman-de-Puerto-Montt_0046_DSC_0832-1024x684.jpg 1024w, https:\/\/ialeman.cl\/wp-content\/uploads\/2025\/12\/ceremonia-de-los-corazones-2025-Instituto-Aleman-de-Puerto-Montt_0046_DSC_0832-768x513.jpg 768w\" sizes=\"(max-width: 1200px) 100vw, 1200px\" \/><\/a>\n\t\t\t<\/div><\/figure><figure class='gallery-item'>\n\t\t\t<div class='gallery-icon landscape'>\n\t\t\t\t<a data-elementor-open-lightbox=\"yes\" data-elementor-lightbox-slideshow=\"93f3ece\" data-elementor-lightbox-title=\"ceremonia de los corazones 2025 Instituto Alem\u00e1n de Puerto Montt_0005_DSC_1679\" data-e-action-hash=\"#elementor-action%3Aaction%3Dlightbox%26settings%3DeyJpZCI6NTE5MTIsInVybCI6Imh0dHBzOlwvXC9pYWxlbWFuLmNsXC93cC1jb250ZW50XC91cGxvYWRzXC8yMDI1XC8xMlwvY2VyZW1vbmlhLWRlLWxvcy1jb3Jhem9uZXMtMjAyNS1JbnN0aXR1dG8tQWxlbWFuLWRlLVB1ZXJ0by1Nb250dF8wMDA1X0RTQ18xNjc5LmpwZyIsInNsaWRlc2hvdyI6IjkzZjNlY2UifQ%3D%3D\" href='https:\/\/ialeman.cl\/wp-content\/uploads\/2025\/12\/ceremonia-de-los-corazones-2025-Instituto-Aleman-de-Puerto-Montt_0005_DSC_1679.jpg'><img loading=\"lazy\" decoding=\"async\" width=\"1200\" height=\"801\" src=\"https:\/\/ialeman.cl\/wp-content\/uploads\/2025\/12\/ceremonia-de-los-corazones-2025-Instituto-Aleman-de-Puerto-Montt_0005_DSC_1679.jpg\" class=\"attachment-full size-full\" alt=\"\" srcset=\"https:\/\/ialeman.cl\/wp-content\/uploads\/2025\/12\/ceremonia-de-los-corazones-2025-Instituto-Aleman-de-Puerto-Montt_0005_DSC_1679.jpg 1200w, https:\/\/ialeman.cl\/wp-content\/uploads\/2025\/12\/ceremonia-de-los-corazones-2025-Instituto-Aleman-de-Puerto-Montt_0005_DSC_1679-300x200.jpg 300w, https:\/\/ialeman.cl\/wp-content\/uploads\/2025\/12\/ceremonia-de-los-corazones-2025-Instituto-Aleman-de-Puerto-Montt_0005_DSC_1679-1024x684.jpg 1024w, https:\/\/ialeman.cl\/wp-content\/uploads\/2025\/12\/ceremonia-de-los-corazones-2025-Instituto-Aleman-de-Puerto-Montt_0005_DSC_1679-768x513.jpg 768w\" sizes=\"(max-width: 1200px) 100vw, 1200px\" \/><\/a>\n\t\t\t<\/div><\/figure><figure class='gallery-item'>\n\t\t\t<div class='gallery-icon landscape'>\n\t\t\t\t<a data-elementor-open-lightbox=\"yes\" data-elementor-lightbox-slideshow=\"93f3ece\" data-elementor-lightbox-title=\"ceremonia de los corazones 2025 Instituto Alem\u00e1n de Puerto Montt_0047_DSC_0812\" data-e-action-hash=\"#elementor-action%3Aaction%3Dlightbox%26settings%3DeyJpZCI6NTE5NTQsInVybCI6Imh0dHBzOlwvXC9pYWxlbWFuLmNsXC93cC1jb250ZW50XC91cGxvYWRzXC8yMDI1XC8xMlwvY2VyZW1vbmlhLWRlLWxvcy1jb3Jhem9uZXMtMjAyNS1JbnN0aXR1dG8tQWxlbWFuLWRlLVB1ZXJ0by1Nb250dF8wMDQ3X0RTQ18wODEyLmpwZyIsInNsaWRlc2hvdyI6IjkzZjNlY2UifQ%3D%3D\" href='https:\/\/ialeman.cl\/wp-content\/uploads\/2025\/12\/ceremonia-de-los-corazones-2025-Instituto-Aleman-de-Puerto-Montt_0047_DSC_0812.jpg'><img loading=\"lazy\" decoding=\"async\" width=\"1200\" height=\"801\" src=\"https:\/\/ialeman.cl\/wp-content\/uploads\/2025\/12\/ceremonia-de-los-corazones-2025-Instituto-Aleman-de-Puerto-Montt_0047_DSC_0812.jpg\" class=\"attachment-full size-full\" alt=\"\" srcset=\"https:\/\/ialeman.cl\/wp-content\/uploads\/2025\/12\/ceremonia-de-los-corazones-2025-Instituto-Aleman-de-Puerto-Montt_0047_DSC_0812.jpg 1200w, https:\/\/ialeman.cl\/wp-content\/uploads\/2025\/12\/ceremonia-de-los-corazones-2025-Instituto-Aleman-de-Puerto-Montt_0047_DSC_0812-300x200.jpg 300w, https:\/\/ialeman.cl\/wp-content\/uploads\/2025\/12\/ceremonia-de-los-corazones-2025-Instituto-Aleman-de-Puerto-Montt_0047_DSC_0812-1024x684.jpg 1024w, https:\/\/ialeman.cl\/wp-content\/uploads\/2025\/12\/ceremonia-de-los-corazones-2025-Instituto-Aleman-de-Puerto-Montt_0047_DSC_0812-768x513.jpg 768w\" sizes=\"(max-width: 1200px) 100vw, 1200px\" \/><\/a>\n\t\t\t<\/div><\/figure><figure class='gallery-item'>\n\t\t\t<div class='gallery-icon landscape'>\n\t\t\t\t<a data-elementor-open-lightbox=\"yes\" data-elementor-lightbox-slideshow=\"93f3ece\" data-elementor-lightbox-title=\"ceremonia de los corazones 2025 Instituto Alem\u00e1n de Puerto Montt_0049_DSC_0981\" data-e-action-hash=\"#elementor-action%3Aaction%3Dlightbox%26settings%3DeyJpZCI6NTE5NTYsInVybCI6Imh0dHBzOlwvXC9pYWxlbWFuLmNsXC93cC1jb250ZW50XC91cGxvYWRzXC8yMDI1XC8xMlwvY2VyZW1vbmlhLWRlLWxvcy1jb3Jhem9uZXMtMjAyNS1JbnN0aXR1dG8tQWxlbWFuLWRlLVB1ZXJ0by1Nb250dF8wMDQ5X0RTQ18wOTgxLmpwZyIsInNsaWRlc2hvdyI6IjkzZjNlY2UifQ%3D%3D\" href='https:\/\/ialeman.cl\/wp-content\/uploads\/2025\/12\/ceremonia-de-los-corazones-2025-Instituto-Aleman-de-Puerto-Montt_0049_DSC_0981.jpg'><img loading=\"lazy\" decoding=\"async\" width=\"1200\" height=\"801\" src=\"https:\/\/ialeman.cl\/wp-content\/uploads\/2025\/12\/ceremonia-de-los-corazones-2025-Instituto-Aleman-de-Puerto-Montt_0049_DSC_0981.jpg\" class=\"attachment-full size-full\" alt=\"\" srcset=\"https:\/\/ialeman.cl\/wp-content\/uploads\/2025\/12\/ceremonia-de-los-corazones-2025-Instituto-Aleman-de-Puerto-Montt_0049_DSC_0981.jpg 1200w, https:\/\/ialeman.cl\/wp-content\/uploads\/2025\/12\/ceremonia-de-los-corazones-2025-Instituto-Aleman-de-Puerto-Montt_0049_DSC_0981-300x200.jpg 300w, https:\/\/ialeman.cl\/wp-content\/uploads\/2025\/12\/ceremonia-de-los-corazones-2025-Instituto-Aleman-de-Puerto-Montt_0049_DSC_0981-1024x684.jpg 1024w, https:\/\/ialeman.cl\/wp-content\/uploads\/2025\/12\/ceremonia-de-los-corazones-2025-Instituto-Aleman-de-Puerto-Montt_0049_DSC_0981-768x513.jpg 768w\" sizes=\"(max-width: 1200px) 100vw, 1200px\" \/><\/a>\n\t\t\t<\/div><\/figure><figure class='gallery-item'>\n\t\t\t<div class='gallery-icon landscape'>\n\t\t\t\t<a data-elementor-open-lightbox=\"yes\" data-elementor-lightbox-slideshow=\"93f3ece\" data-elementor-lightbox-title=\"ceremonia de los corazones 2025 Instituto Alem\u00e1n de Puerto Montt_0051_DSC_0768\" data-e-action-hash=\"#elementor-action%3Aaction%3Dlightbox%26settings%3DeyJpZCI6NTE5NTgsInVybCI6Imh0dHBzOlwvXC9pYWxlbWFuLmNsXC93cC1jb250ZW50XC91cGxvYWRzXC8yMDI1XC8xMlwvY2VyZW1vbmlhLWRlLWxvcy1jb3Jhem9uZXMtMjAyNS1JbnN0aXR1dG8tQWxlbWFuLWRlLVB1ZXJ0by1Nb250dF8wMDUxX0RTQ18wNzY4LmpwZyIsInNsaWRlc2hvdyI6IjkzZjNlY2UifQ%3D%3D\" href='https:\/\/ialeman.cl\/wp-content\/uploads\/2025\/12\/ceremonia-de-los-corazones-2025-Instituto-Aleman-de-Puerto-Montt_0051_DSC_0768.jpg'><img loading=\"lazy\" decoding=\"async\" width=\"1200\" height=\"801\" src=\"https:\/\/ialeman.cl\/wp-content\/uploads\/2025\/12\/ceremonia-de-los-corazones-2025-Instituto-Aleman-de-Puerto-Montt_0051_DSC_0768.jpg\" class=\"attachment-full size-full\" alt=\"\" srcset=\"https:\/\/ialeman.cl\/wp-content\/uploads\/2025\/12\/ceremonia-de-los-corazones-2025-Instituto-Aleman-de-Puerto-Montt_0051_DSC_0768.jpg 1200w, https:\/\/ialeman.cl\/wp-content\/uploads\/2025\/12\/ceremonia-de-los-corazones-2025-Instituto-Aleman-de-Puerto-Montt_0051_DSC_0768-300x200.jpg 300w, https:\/\/ialeman.cl\/wp-content\/uploads\/2025\/12\/ceremonia-de-los-corazones-2025-Instituto-Aleman-de-Puerto-Montt_0051_DSC_0768-1024x684.jpg 1024w, https:\/\/ialeman.cl\/wp-content\/uploads\/2025\/12\/ceremonia-de-los-corazones-2025-Instituto-Aleman-de-Puerto-Montt_0051_DSC_0768-768x513.jpg 768w\" sizes=\"(max-width: 1200px) 100vw, 1200px\" \/><\/a>\n\t\t\t<\/div><\/figure><figure class='gallery-item'>\n\t\t\t<div class='gallery-icon landscape'>\n\t\t\t\t<a data-elementor-open-lightbox=\"yes\" data-elementor-lightbox-slideshow=\"93f3ece\" data-elementor-lightbox-title=\"ceremonia de los corazones 2025 Instituto Alem\u00e1n de Puerto Montt_0052_DSC_0746\" data-e-action-hash=\"#elementor-action%3Aaction%3Dlightbox%26settings%3DeyJpZCI6NTE5NTksInVybCI6Imh0dHBzOlwvXC9pYWxlbWFuLmNsXC93cC1jb250ZW50XC91cGxvYWRzXC8yMDI1XC8xMlwvY2VyZW1vbmlhLWRlLWxvcy1jb3Jhem9uZXMtMjAyNS1JbnN0aXR1dG8tQWxlbWFuLWRlLVB1ZXJ0by1Nb250dF8wMDUyX0RTQ18wNzQ2LmpwZyIsInNsaWRlc2hvdyI6IjkzZjNlY2UifQ%3D%3D\" href='https:\/\/ialeman.cl\/wp-content\/uploads\/2025\/12\/ceremonia-de-los-corazones-2025-Instituto-Aleman-de-Puerto-Montt_0052_DSC_0746.jpg'><img loading=\"lazy\" decoding=\"async\" width=\"1200\" height=\"801\" src=\"https:\/\/ialeman.cl\/wp-content\/uploads\/2025\/12\/ceremonia-de-los-corazones-2025-Instituto-Aleman-de-Puerto-Montt_0052_DSC_0746.jpg\" class=\"attachment-full size-full\" alt=\"\" srcset=\"https:\/\/ialeman.cl\/wp-content\/uploads\/2025\/12\/ceremonia-de-los-corazones-2025-Instituto-Aleman-de-Puerto-Montt_0052_DSC_0746.jpg 1200w, https:\/\/ialeman.cl\/wp-content\/uploads\/2025\/12\/ceremonia-de-los-corazones-2025-Instituto-Aleman-de-Puerto-Montt_0052_DSC_0746-300x200.jpg 300w, https:\/\/ialeman.cl\/wp-content\/uploads\/2025\/12\/ceremonia-de-los-corazones-2025-Instituto-Aleman-de-Puerto-Montt_0052_DSC_0746-1024x684.jpg 1024w, https:\/\/ialeman.cl\/wp-content\/uploads\/2025\/12\/ceremonia-de-los-corazones-2025-Instituto-Aleman-de-Puerto-Montt_0052_DSC_0746-768x513.jpg 768w\" sizes=\"(max-width: 1200px) 100vw, 1200px\" \/><\/a>\n\t\t\t<\/div><\/figure><figure class='gallery-item'>\n\t\t\t<div class='gallery-icon landscape'>\n\t\t\t\t<a data-elementor-open-lightbox=\"yes\" data-elementor-lightbox-slideshow=\"93f3ece\" data-elementor-lightbox-title=\"ceremonia de los corazones 2025 Instituto Alem\u00e1n de Puerto Montt_0053_DSC_0784\" data-e-action-hash=\"#elementor-action%3Aaction%3Dlightbox%26settings%3DeyJpZCI6NTE5NjAsInVybCI6Imh0dHBzOlwvXC9pYWxlbWFuLmNsXC93cC1jb250ZW50XC91cGxvYWRzXC8yMDI1XC8xMlwvY2VyZW1vbmlhLWRlLWxvcy1jb3Jhem9uZXMtMjAyNS1JbnN0aXR1dG8tQWxlbWFuLWRlLVB1ZXJ0by1Nb250dF8wMDUzX0RTQ18wNzg0LmpwZyIsInNsaWRlc2hvdyI6IjkzZjNlY2UifQ%3D%3D\" href='https:\/\/ialeman.cl\/wp-content\/uploads\/2025\/12\/ceremonia-de-los-corazones-2025-Instituto-Aleman-de-Puerto-Montt_0053_DSC_0784.jpg'><img loading=\"lazy\" decoding=\"async\" width=\"1200\" height=\"801\" src=\"https:\/\/ialeman.cl\/wp-content\/uploads\/2025\/12\/ceremonia-de-los-corazones-2025-Instituto-Aleman-de-Puerto-Montt_0053_DSC_0784.jpg\" class=\"attachment-full size-full\" alt=\"\" srcset=\"https:\/\/ialeman.cl\/wp-content\/uploads\/2025\/12\/ceremonia-de-los-corazones-2025-Instituto-Aleman-de-Puerto-Montt_0053_DSC_0784.jpg 1200w, https:\/\/ialeman.cl\/wp-content\/uploads\/2025\/12\/ceremonia-de-los-corazones-2025-Instituto-Aleman-de-Puerto-Montt_0053_DSC_0784-300x200.jpg 300w, https:\/\/ialeman.cl\/wp-content\/uploads\/2025\/12\/ceremonia-de-los-corazones-2025-Instituto-Aleman-de-Puerto-Montt_0053_DSC_0784-1024x684.jpg 1024w, https:\/\/ialeman.cl\/wp-content\/uploads\/2025\/12\/ceremonia-de-los-corazones-2025-Instituto-Aleman-de-Puerto-Montt_0053_DSC_0784-768x513.jpg 768w\" sizes=\"(max-width: 1200px) 100vw, 1200px\" \/><\/a>\n\t\t\t<\/div><\/figure><figure class='gallery-item'>\n\t\t\t<div class='gallery-icon landscape'>\n\t\t\t\t<a data-elementor-open-lightbox=\"yes\" data-elementor-lightbox-slideshow=\"93f3ece\" data-elementor-lightbox-title=\"ceremonia de los corazones 2025 Instituto Alem\u00e1n de Puerto Montt_0054_Niveles 6\" data-e-action-hash=\"#elementor-action%3Aaction%3Dlightbox%26settings%3DeyJpZCI6NTE5NjEsInVybCI6Imh0dHBzOlwvXC9pYWxlbWFuLmNsXC93cC1jb250ZW50XC91cGxvYWRzXC8yMDI1XC8xMlwvY2VyZW1vbmlhLWRlLWxvcy1jb3Jhem9uZXMtMjAyNS1JbnN0aXR1dG8tQWxlbWFuLWRlLVB1ZXJ0by1Nb250dF8wMDU0X05pdmVsZXMtNi5qcGciLCJzbGlkZXNob3ciOiI5M2YzZWNlIn0%3D\" href='https:\/\/ialeman.cl\/wp-content\/uploads\/2025\/12\/ceremonia-de-los-corazones-2025-Instituto-Aleman-de-Puerto-Montt_0054_Niveles-6.jpg'><img loading=\"lazy\" decoding=\"async\" width=\"1200\" height=\"801\" src=\"https:\/\/ialeman.cl\/wp-content\/uploads\/2025\/12\/ceremonia-de-los-corazones-2025-Instituto-Aleman-de-Puerto-Montt_0054_Niveles-6.jpg\" class=\"attachment-full size-full\" alt=\"\" srcset=\"https:\/\/ialeman.cl\/wp-content\/uploads\/2025\/12\/ceremonia-de-los-corazones-2025-Instituto-Aleman-de-Puerto-Montt_0054_Niveles-6.jpg 1200w, https:\/\/ialeman.cl\/wp-content\/uploads\/2025\/12\/ceremonia-de-los-corazones-2025-Instituto-Aleman-de-Puerto-Montt_0054_Niveles-6-300x200.jpg 300w, https:\/\/ialeman.cl\/wp-content\/uploads\/2025\/12\/ceremonia-de-los-corazones-2025-Instituto-Aleman-de-Puerto-Montt_0054_Niveles-6-1024x684.jpg 1024w, https:\/\/ialeman.cl\/wp-content\/uploads\/2025\/12\/ceremonia-de-los-corazones-2025-Instituto-Aleman-de-Puerto-Montt_0054_Niveles-6-768x513.jpg 768w\" sizes=\"(max-width: 1200px) 100vw, 1200px\" \/><\/a>\n\t\t\t<\/div><\/figure><figure class='gallery-item'>\n\t\t\t<div class='gallery-icon landscape'>\n\t\t\t\t<a data-elementor-open-lightbox=\"yes\" data-elementor-lightbox-slideshow=\"93f3ece\" data-elementor-lightbox-title=\"ceremonia de los corazones 2025 Instituto Alem\u00e1n de Puerto Montt_0055_Niveles 7\" data-e-action-hash=\"#elementor-action%3Aaction%3Dlightbox%26settings%3DeyJpZCI6NTE5NjIsInVybCI6Imh0dHBzOlwvXC9pYWxlbWFuLmNsXC93cC1jb250ZW50XC91cGxvYWRzXC8yMDI1XC8xMlwvY2VyZW1vbmlhLWRlLWxvcy1jb3Jhem9uZXMtMjAyNS1JbnN0aXR1dG8tQWxlbWFuLWRlLVB1ZXJ0by1Nb250dF8wMDU1X05pdmVsZXMtNy5qcGciLCJzbGlkZXNob3ciOiI5M2YzZWNlIn0%3D\" href='https:\/\/ialeman.cl\/wp-content\/uploads\/2025\/12\/ceremonia-de-los-corazones-2025-Instituto-Aleman-de-Puerto-Montt_0055_Niveles-7.jpg'><img loading=\"lazy\" decoding=\"async\" width=\"1200\" height=\"801\" src=\"https:\/\/ialeman.cl\/wp-content\/uploads\/2025\/12\/ceremonia-de-los-corazones-2025-Instituto-Aleman-de-Puerto-Montt_0055_Niveles-7.jpg\" class=\"attachment-full size-full\" alt=\"\" srcset=\"https:\/\/ialeman.cl\/wp-content\/uploads\/2025\/12\/ceremonia-de-los-corazones-2025-Instituto-Aleman-de-Puerto-Montt_0055_Niveles-7.jpg 1200w, https:\/\/ialeman.cl\/wp-content\/uploads\/2025\/12\/ceremonia-de-los-corazones-2025-Instituto-Aleman-de-Puerto-Montt_0055_Niveles-7-300x200.jpg 300w, https:\/\/ialeman.cl\/wp-content\/uploads\/2025\/12\/ceremonia-de-los-corazones-2025-Instituto-Aleman-de-Puerto-Montt_0055_Niveles-7-1024x684.jpg 1024w, https:\/\/ialeman.cl\/wp-content\/uploads\/2025\/12\/ceremonia-de-los-corazones-2025-Instituto-Aleman-de-Puerto-Montt_0055_Niveles-7-768x513.jpg 768w\" sizes=\"(max-width: 1200px) 100vw, 1200px\" \/><\/a>\n\t\t\t<\/div><\/figure><figure class='gallery-item'>\n\t\t\t<div class='gallery-icon landscape'>\n\t\t\t\t<a data-elementor-open-lightbox=\"yes\" data-elementor-lightbox-slideshow=\"93f3ece\" data-elementor-lightbox-title=\"ceremonia de los corazones 2025 Instituto Alem\u00e1n de Puerto Montt_0057_DSC_0685\" data-e-action-hash=\"#elementor-action%3Aaction%3Dlightbox%26settings%3DeyJpZCI6NTE5NjQsInVybCI6Imh0dHBzOlwvXC9pYWxlbWFuLmNsXC93cC1jb250ZW50XC91cGxvYWRzXC8yMDI1XC8xMlwvY2VyZW1vbmlhLWRlLWxvcy1jb3Jhem9uZXMtMjAyNS1JbnN0aXR1dG8tQWxlbWFuLWRlLVB1ZXJ0by1Nb250dF8wMDU3X0RTQ18wNjg1LmpwZyIsInNsaWRlc2hvdyI6IjkzZjNlY2UifQ%3D%3D\" href='https:\/\/ialeman.cl\/wp-content\/uploads\/2025\/12\/ceremonia-de-los-corazones-2025-Instituto-Aleman-de-Puerto-Montt_0057_DSC_0685.jpg'><img loading=\"lazy\" decoding=\"async\" width=\"1200\" height=\"801\" src=\"https:\/\/ialeman.cl\/wp-content\/uploads\/2025\/12\/ceremonia-de-los-corazones-2025-Instituto-Aleman-de-Puerto-Montt_0057_DSC_0685.jpg\" class=\"attachment-full size-full\" alt=\"\" srcset=\"https:\/\/ialeman.cl\/wp-content\/uploads\/2025\/12\/ceremonia-de-los-corazones-2025-Instituto-Aleman-de-Puerto-Montt_0057_DSC_0685.jpg 1200w, https:\/\/ialeman.cl\/wp-content\/uploads\/2025\/12\/ceremonia-de-los-corazones-2025-Instituto-Aleman-de-Puerto-Montt_0057_DSC_0685-300x200.jpg 300w, https:\/\/ialeman.cl\/wp-content\/uploads\/2025\/12\/ceremonia-de-los-corazones-2025-Instituto-Aleman-de-Puerto-Montt_0057_DSC_0685-1024x684.jpg 1024w, https:\/\/ialeman.cl\/wp-content\/uploads\/2025\/12\/ceremonia-de-los-corazones-2025-Instituto-Aleman-de-Puerto-Montt_0057_DSC_0685-768x513.jpg 768w\" sizes=\"(max-width: 1200px) 100vw, 1200px\" \/><\/a>\n\t\t\t<\/div><\/figure><figure class='gallery-item'>\n\t\t\t<div class='gallery-icon landscape'>\n\t\t\t\t<a data-elementor-open-lightbox=\"yes\" data-elementor-lightbox-slideshow=\"93f3ece\" data-elementor-lightbox-title=\"ceremonia de los corazones 2025 Instituto Alem\u00e1n de Puerto Montt_0058_DSC_0663\" data-e-action-hash=\"#elementor-action%3Aaction%3Dlightbox%26settings%3DeyJpZCI6NTE5NjUsInVybCI6Imh0dHBzOlwvXC9pYWxlbWFuLmNsXC93cC1jb250ZW50XC91cGxvYWRzXC8yMDI1XC8xMlwvY2VyZW1vbmlhLWRlLWxvcy1jb3Jhem9uZXMtMjAyNS1JbnN0aXR1dG8tQWxlbWFuLWRlLVB1ZXJ0by1Nb250dF8wMDU4X0RTQ18wNjYzLmpwZyIsInNsaWRlc2hvdyI6IjkzZjNlY2UifQ%3D%3D\" href='https:\/\/ialeman.cl\/wp-content\/uploads\/2025\/12\/ceremonia-de-los-corazones-2025-Instituto-Aleman-de-Puerto-Montt_0058_DSC_0663.jpg'><img loading=\"lazy\" decoding=\"async\" width=\"1200\" height=\"801\" src=\"https:\/\/ialeman.cl\/wp-content\/uploads\/2025\/12\/ceremonia-de-los-corazones-2025-Instituto-Aleman-de-Puerto-Montt_0058_DSC_0663.jpg\" class=\"attachment-full size-full\" alt=\"\" srcset=\"https:\/\/ialeman.cl\/wp-content\/uploads\/2025\/12\/ceremonia-de-los-corazones-2025-Instituto-Aleman-de-Puerto-Montt_0058_DSC_0663.jpg 1200w, https:\/\/ialeman.cl\/wp-content\/uploads\/2025\/12\/ceremonia-de-los-corazones-2025-Instituto-Aleman-de-Puerto-Montt_0058_DSC_0663-300x200.jpg 300w, https:\/\/ialeman.cl\/wp-content\/uploads\/2025\/12\/ceremonia-de-los-corazones-2025-Instituto-Aleman-de-Puerto-Montt_0058_DSC_0663-1024x684.jpg 1024w, https:\/\/ialeman.cl\/wp-content\/uploads\/2025\/12\/ceremonia-de-los-corazones-2025-Instituto-Aleman-de-Puerto-Montt_0058_DSC_0663-768x513.jpg 768w\" sizes=\"(max-width: 1200px) 100vw, 1200px\" \/><\/a>\n\t\t\t<\/div><\/figure><figure class='gallery-item'>\n\t\t\t<div class='gallery-icon landscape'>\n\t\t\t\t<a data-elementor-open-lightbox=\"yes\" data-elementor-lightbox-slideshow=\"93f3ece\" data-elementor-lightbox-title=\"ceremonia de los corazones 2025 Instituto Alem\u00e1n de Puerto Montt_0060_DSC_0722\" data-e-action-hash=\"#elementor-action%3Aaction%3Dlightbox%26settings%3DeyJpZCI6NTE5NjcsInVybCI6Imh0dHBzOlwvXC9pYWxlbWFuLmNsXC93cC1jb250ZW50XC91cGxvYWRzXC8yMDI1XC8xMlwvY2VyZW1vbmlhLWRlLWxvcy1jb3Jhem9uZXMtMjAyNS1JbnN0aXR1dG8tQWxlbWFuLWRlLVB1ZXJ0by1Nb250dF8wMDYwX0RTQ18wNzIyLmpwZyIsInNsaWRlc2hvdyI6IjkzZjNlY2UifQ%3D%3D\" href='https:\/\/ialeman.cl\/wp-content\/uploads\/2025\/12\/ceremonia-de-los-corazones-2025-Instituto-Aleman-de-Puerto-Montt_0060_DSC_0722.jpg'><img loading=\"lazy\" decoding=\"async\" width=\"1200\" height=\"801\" src=\"https:\/\/ialeman.cl\/wp-content\/uploads\/2025\/12\/ceremonia-de-los-corazones-2025-Instituto-Aleman-de-Puerto-Montt_0060_DSC_0722.jpg\" class=\"attachment-full size-full\" alt=\"\" srcset=\"https:\/\/ialeman.cl\/wp-content\/uploads\/2025\/12\/ceremonia-de-los-corazones-2025-Instituto-Aleman-de-Puerto-Montt_0060_DSC_0722.jpg 1200w, https:\/\/ialeman.cl\/wp-content\/uploads\/2025\/12\/ceremonia-de-los-corazones-2025-Instituto-Aleman-de-Puerto-Montt_0060_DSC_0722-300x200.jpg 300w, https:\/\/ialeman.cl\/wp-content\/uploads\/2025\/12\/ceremonia-de-los-corazones-2025-Instituto-Aleman-de-Puerto-Montt_0060_DSC_0722-1024x684.jpg 1024w, https:\/\/ialeman.cl\/wp-content\/uploads\/2025\/12\/ceremonia-de-los-corazones-2025-Instituto-Aleman-de-Puerto-Montt_0060_DSC_0722-768x513.jpg 768w\" sizes=\"(max-width: 1200px) 100vw, 1200px\" \/><\/a>\n\t\t\t<\/div><\/figure><figure class='gallery-item'>\n\t\t\t<div class='gallery-icon landscape'>\n\t\t\t\t<a data-elementor-open-lightbox=\"yes\" data-elementor-lightbox-slideshow=\"93f3ece\" data-elementor-lightbox-title=\"ceremonia de los corazones 2025 Instituto Alem\u00e1n de Puerto Montt_0061_DSC_0604\" data-e-action-hash=\"#elementor-action%3Aaction%3Dlightbox%26settings%3DeyJpZCI6NTE5NjgsInVybCI6Imh0dHBzOlwvXC9pYWxlbWFuLmNsXC93cC1jb250ZW50XC91cGxvYWRzXC8yMDI1XC8xMlwvY2VyZW1vbmlhLWRlLWxvcy1jb3Jhem9uZXMtMjAyNS1JbnN0aXR1dG8tQWxlbWFuLWRlLVB1ZXJ0by1Nb250dF8wMDYxX0RTQ18wNjA0LmpwZyIsInNsaWRlc2hvdyI6IjkzZjNlY2UifQ%3D%3D\" href='https:\/\/ialeman.cl\/wp-content\/uploads\/2025\/12\/ceremonia-de-los-corazones-2025-Instituto-Aleman-de-Puerto-Montt_0061_DSC_0604.jpg'><img loading=\"lazy\" decoding=\"async\" width=\"1200\" height=\"801\" src=\"https:\/\/ialeman.cl\/wp-content\/uploads\/2025\/12\/ceremonia-de-los-corazones-2025-Instituto-Aleman-de-Puerto-Montt_0061_DSC_0604.jpg\" class=\"attachment-full size-full\" alt=\"\" srcset=\"https:\/\/ialeman.cl\/wp-content\/uploads\/2025\/12\/ceremonia-de-los-corazones-2025-Instituto-Aleman-de-Puerto-Montt_0061_DSC_0604.jpg 1200w, https:\/\/ialeman.cl\/wp-content\/uploads\/2025\/12\/ceremonia-de-los-corazones-2025-Instituto-Aleman-de-Puerto-Montt_0061_DSC_0604-300x200.jpg 300w, https:\/\/ialeman.cl\/wp-content\/uploads\/2025\/12\/ceremonia-de-los-corazones-2025-Instituto-Aleman-de-Puerto-Montt_0061_DSC_0604-1024x684.jpg 1024w, https:\/\/ialeman.cl\/wp-content\/uploads\/2025\/12\/ceremonia-de-los-corazones-2025-Instituto-Aleman-de-Puerto-Montt_0061_DSC_0604-768x513.jpg 768w\" sizes=\"(max-width: 1200px) 100vw, 1200px\" \/><\/a>\n\t\t\t<\/div><\/figure><figure class='gallery-item'>\n\t\t\t<div class='gallery-icon landscape'>\n\t\t\t\t<a data-elementor-open-lightbox=\"yes\" data-elementor-lightbox-slideshow=\"93f3ece\" data-elementor-lightbox-title=\"ceremonia de los corazones 2025 Instituto Alem\u00e1n de Puerto Montt_0062_DSC_0568\" data-e-action-hash=\"#elementor-action%3Aaction%3Dlightbox%26settings%3DeyJpZCI6NTE5NjksInVybCI6Imh0dHBzOlwvXC9pYWxlbWFuLmNsXC93cC1jb250ZW50XC91cGxvYWRzXC8yMDI1XC8xMlwvY2VyZW1vbmlhLWRlLWxvcy1jb3Jhem9uZXMtMjAyNS1JbnN0aXR1dG8tQWxlbWFuLWRlLVB1ZXJ0by1Nb250dF8wMDYyX0RTQ18wNTY4LmpwZyIsInNsaWRlc2hvdyI6IjkzZjNlY2UifQ%3D%3D\" href='https:\/\/ialeman.cl\/wp-content\/uploads\/2025\/12\/ceremonia-de-los-corazones-2025-Instituto-Aleman-de-Puerto-Montt_0062_DSC_0568.jpg'><img loading=\"lazy\" decoding=\"async\" width=\"1200\" height=\"801\" src=\"https:\/\/ialeman.cl\/wp-content\/uploads\/2025\/12\/ceremonia-de-los-corazones-2025-Instituto-Aleman-de-Puerto-Montt_0062_DSC_0568.jpg\" class=\"attachment-full size-full\" alt=\"\" srcset=\"https:\/\/ialeman.cl\/wp-content\/uploads\/2025\/12\/ceremonia-de-los-corazones-2025-Instituto-Aleman-de-Puerto-Montt_0062_DSC_0568.jpg 1200w, https:\/\/ialeman.cl\/wp-content\/uploads\/2025\/12\/ceremonia-de-los-corazones-2025-Instituto-Aleman-de-Puerto-Montt_0062_DSC_0568-300x200.jpg 300w, https:\/\/ialeman.cl\/wp-content\/uploads\/2025\/12\/ceremonia-de-los-corazones-2025-Instituto-Aleman-de-Puerto-Montt_0062_DSC_0568-1024x684.jpg 1024w, https:\/\/ialeman.cl\/wp-content\/uploads\/2025\/12\/ceremonia-de-los-corazones-2025-Instituto-Aleman-de-Puerto-Montt_0062_DSC_0568-768x513.jpg 768w\" sizes=\"(max-width: 1200px) 100vw, 1200px\" \/><\/a>\n\t\t\t<\/div><\/figure><figure class='gallery-item'>\n\t\t\t<div class='gallery-icon landscape'>\n\t\t\t\t<a data-elementor-open-lightbox=\"yes\" data-elementor-lightbox-slideshow=\"93f3ece\" data-elementor-lightbox-title=\"ceremonia de los corazones 2025 Instituto Alem\u00e1n de Puerto Montt_0063_DSC_0554\" data-e-action-hash=\"#elementor-action%3Aaction%3Dlightbox%26settings%3DeyJpZCI6NTE5NzAsInVybCI6Imh0dHBzOlwvXC9pYWxlbWFuLmNsXC93cC1jb250ZW50XC91cGxvYWRzXC8yMDI1XC8xMlwvY2VyZW1vbmlhLWRlLWxvcy1jb3Jhem9uZXMtMjAyNS1JbnN0aXR1dG8tQWxlbWFuLWRlLVB1ZXJ0by1Nb250dF8wMDYzX0RTQ18wNTU0LmpwZyIsInNsaWRlc2hvdyI6IjkzZjNlY2UifQ%3D%3D\" href='https:\/\/ialeman.cl\/wp-content\/uploads\/2025\/12\/ceremonia-de-los-corazones-2025-Instituto-Aleman-de-Puerto-Montt_0063_DSC_0554.jpg'><img loading=\"lazy\" decoding=\"async\" width=\"1200\" height=\"801\" src=\"https:\/\/ialeman.cl\/wp-content\/uploads\/2025\/12\/ceremonia-de-los-corazones-2025-Instituto-Aleman-de-Puerto-Montt_0063_DSC_0554.jpg\" class=\"attachment-full size-full\" alt=\"\" srcset=\"https:\/\/ialeman.cl\/wp-content\/uploads\/2025\/12\/ceremonia-de-los-corazones-2025-Instituto-Aleman-de-Puerto-Montt_0063_DSC_0554.jpg 1200w, https:\/\/ialeman.cl\/wp-content\/uploads\/2025\/12\/ceremonia-de-los-corazones-2025-Instituto-Aleman-de-Puerto-Montt_0063_DSC_0554-300x200.jpg 300w, https:\/\/ialeman.cl\/wp-content\/uploads\/2025\/12\/ceremonia-de-los-corazones-2025-Instituto-Aleman-de-Puerto-Montt_0063_DSC_0554-1024x684.jpg 1024w, https:\/\/ialeman.cl\/wp-content\/uploads\/2025\/12\/ceremonia-de-los-corazones-2025-Instituto-Aleman-de-Puerto-Montt_0063_DSC_0554-768x513.jpg 768w\" sizes=\"(max-width: 1200px) 100vw, 1200px\" \/><\/a>\n\t\t\t<\/div><\/figure><figure class='gallery-item'>\n\t\t\t<div class='gallery-icon landscape'>\n\t\t\t\t<a data-elementor-open-lightbox=\"yes\" data-elementor-lightbox-slideshow=\"93f3ece\" data-elementor-lightbox-title=\"ceremonia de los corazones 2025 Instituto Alem\u00e1n de Puerto Montt_0064_DSC_0530\" data-e-action-hash=\"#elementor-action%3Aaction%3Dlightbox%26settings%3DeyJpZCI6NTE5NzEsInVybCI6Imh0dHBzOlwvXC9pYWxlbWFuLmNsXC93cC1jb250ZW50XC91cGxvYWRzXC8yMDI1XC8xMlwvY2VyZW1vbmlhLWRlLWxvcy1jb3Jhem9uZXMtMjAyNS1JbnN0aXR1dG8tQWxlbWFuLWRlLVB1ZXJ0by1Nb250dF8wMDY0X0RTQ18wNTMwLmpwZyIsInNsaWRlc2hvdyI6IjkzZjNlY2UifQ%3D%3D\" href='https:\/\/ialeman.cl\/wp-content\/uploads\/2025\/12\/ceremonia-de-los-corazones-2025-Instituto-Aleman-de-Puerto-Montt_0064_DSC_0530.jpg'><img loading=\"lazy\" decoding=\"async\" width=\"1200\" height=\"801\" src=\"https:\/\/ialeman.cl\/wp-content\/uploads\/2025\/12\/ceremonia-de-los-corazones-2025-Instituto-Aleman-de-Puerto-Montt_0064_DSC_0530.jpg\" class=\"attachment-full size-full\" alt=\"\" srcset=\"https:\/\/ialeman.cl\/wp-content\/uploads\/2025\/12\/ceremonia-de-los-corazones-2025-Instituto-Aleman-de-Puerto-Montt_0064_DSC_0530.jpg 1200w, https:\/\/ialeman.cl\/wp-content\/uploads\/2025\/12\/ceremonia-de-los-corazones-2025-Instituto-Aleman-de-Puerto-Montt_0064_DSC_0530-300x200.jpg 300w, https:\/\/ialeman.cl\/wp-content\/uploads\/2025\/12\/ceremonia-de-los-corazones-2025-Instituto-Aleman-de-Puerto-Montt_0064_DSC_0530-1024x684.jpg 1024w, https:\/\/ialeman.cl\/wp-content\/uploads\/2025\/12\/ceremonia-de-los-corazones-2025-Instituto-Aleman-de-Puerto-Montt_0064_DSC_0530-768x513.jpg 768w\" sizes=\"(max-width: 1200px) 100vw, 1200px\" \/><\/a>\n\t\t\t<\/div><\/figure><figure class='gallery-item'>\n\t\t\t<div class='gallery-icon landscape'>\n\t\t\t\t<a data-elementor-open-lightbox=\"yes\" data-elementor-lightbox-slideshow=\"93f3ece\" data-elementor-lightbox-title=\"ceremonia de los corazones 2025 Instituto Alem\u00e1n de Puerto Montt_0002_Niveles 1\" data-e-action-hash=\"#elementor-action%3Aaction%3Dlightbox%26settings%3DeyJpZCI6NTE5MDksInVybCI6Imh0dHBzOlwvXC9pYWxlbWFuLmNsXC93cC1jb250ZW50XC91cGxvYWRzXC8yMDI1XC8xMlwvY2VyZW1vbmlhLWRlLWxvcy1jb3Jhem9uZXMtMjAyNS1JbnN0aXR1dG8tQWxlbWFuLWRlLVB1ZXJ0by1Nb250dF8wMDAyX05pdmVsZXMtMS5qcGciLCJzbGlkZXNob3ciOiI5M2YzZWNlIn0%3D\" href='https:\/\/ialeman.cl\/wp-content\/uploads\/2025\/12\/ceremonia-de-los-corazones-2025-Instituto-Aleman-de-Puerto-Montt_0002_Niveles-1.jpg'><img loading=\"lazy\" decoding=\"async\" width=\"1200\" height=\"801\" src=\"https:\/\/ialeman.cl\/wp-content\/uploads\/2025\/12\/ceremonia-de-los-corazones-2025-Instituto-Aleman-de-Puerto-Montt_0002_Niveles-1.jpg\" class=\"attachment-full size-full\" alt=\"\" srcset=\"https:\/\/ialeman.cl\/wp-content\/uploads\/2025\/12\/ceremonia-de-los-corazones-2025-Instituto-Aleman-de-Puerto-Montt_0002_Niveles-1.jpg 1200w, https:\/\/ialeman.cl\/wp-content\/uploads\/2025\/12\/ceremonia-de-los-corazones-2025-Instituto-Aleman-de-Puerto-Montt_0002_Niveles-1-300x200.jpg 300w, https:\/\/ialeman.cl\/wp-content\/uploads\/2025\/12\/ceremonia-de-los-corazones-2025-Instituto-Aleman-de-Puerto-Montt_0002_Niveles-1-1024x684.jpg 1024w, https:\/\/ialeman.cl\/wp-content\/uploads\/2025\/12\/ceremonia-de-los-corazones-2025-Instituto-Aleman-de-Puerto-Montt_0002_Niveles-1-768x513.jpg 768w\" sizes=\"(max-width: 1200px) 100vw, 1200px\" \/><\/a>\n\t\t\t<\/div><\/figure><figure class='gallery-item'>\n\t\t\t<div class='gallery-icon landscape'>\n\t\t\t\t<a data-elementor-open-lightbox=\"yes\" data-elementor-lightbox-slideshow=\"93f3ece\" data-elementor-lightbox-title=\"ceremonia de los corazones 2025 Instituto Alem\u00e1n de Puerto Montt_0066_DSC_0512\" data-e-action-hash=\"#elementor-action%3Aaction%3Dlightbox%26settings%3DeyJpZCI6NTE5NzMsInVybCI6Imh0dHBzOlwvXC9pYWxlbWFuLmNsXC93cC1jb250ZW50XC91cGxvYWRzXC8yMDI1XC8xMlwvY2VyZW1vbmlhLWRlLWxvcy1jb3Jhem9uZXMtMjAyNS1JbnN0aXR1dG8tQWxlbWFuLWRlLVB1ZXJ0by1Nb250dF8wMDY2X0RTQ18wNTEyLmpwZyIsInNsaWRlc2hvdyI6IjkzZjNlY2UifQ%3D%3D\" href='https:\/\/ialeman.cl\/wp-content\/uploads\/2025\/12\/ceremonia-de-los-corazones-2025-Instituto-Aleman-de-Puerto-Montt_0066_DSC_0512.jpg'><img loading=\"lazy\" decoding=\"async\" width=\"1200\" height=\"801\" src=\"https:\/\/ialeman.cl\/wp-content\/uploads\/2025\/12\/ceremonia-de-los-corazones-2025-Instituto-Aleman-de-Puerto-Montt_0066_DSC_0512.jpg\" class=\"attachment-full size-full\" alt=\"\" srcset=\"https:\/\/ialeman.cl\/wp-content\/uploads\/2025\/12\/ceremonia-de-los-corazones-2025-Instituto-Aleman-de-Puerto-Montt_0066_DSC_0512.jpg 1200w, https:\/\/ialeman.cl\/wp-content\/uploads\/2025\/12\/ceremonia-de-los-corazones-2025-Instituto-Aleman-de-Puerto-Montt_0066_DSC_0512-300x200.jpg 300w, https:\/\/ialeman.cl\/wp-content\/uploads\/2025\/12\/ceremonia-de-los-corazones-2025-Instituto-Aleman-de-Puerto-Montt_0066_DSC_0512-1024x684.jpg 1024w, https:\/\/ialeman.cl\/wp-content\/uploads\/2025\/12\/ceremonia-de-los-corazones-2025-Instituto-Aleman-de-Puerto-Montt_0066_DSC_0512-768x513.jpg 768w\" sizes=\"(max-width: 1200px) 100vw, 1200px\" \/><\/a>\n\t\t\t<\/div><\/figure><figure class='gallery-item'>\n\t\t\t<div class='gallery-icon landscape'>\n\t\t\t\t<a data-elementor-open-lightbox=\"yes\" data-elementor-lightbox-slideshow=\"93f3ece\" data-elementor-lightbox-title=\"ceremonia de los corazones 2025 Instituto Alem\u00e1n de Puerto Montt_0067_DSC_0507\" data-e-action-hash=\"#elementor-action%3Aaction%3Dlightbox%26settings%3DeyJpZCI6NTE5NzQsInVybCI6Imh0dHBzOlwvXC9pYWxlbWFuLmNsXC93cC1jb250ZW50XC91cGxvYWRzXC8yMDI1XC8xMlwvY2VyZW1vbmlhLWRlLWxvcy1jb3Jhem9uZXMtMjAyNS1JbnN0aXR1dG8tQWxlbWFuLWRlLVB1ZXJ0by1Nb250dF8wMDY3X0RTQ18wNTA3LmpwZyIsInNsaWRlc2hvdyI6IjkzZjNlY2UifQ%3D%3D\" href='https:\/\/ialeman.cl\/wp-content\/uploads\/2025\/12\/ceremonia-de-los-corazones-2025-Instituto-Aleman-de-Puerto-Montt_0067_DSC_0507.jpg'><img loading=\"lazy\" decoding=\"async\" width=\"1200\" height=\"801\" src=\"https:\/\/ialeman.cl\/wp-content\/uploads\/2025\/12\/ceremonia-de-los-corazones-2025-Instituto-Aleman-de-Puerto-Montt_0067_DSC_0507.jpg\" class=\"attachment-full size-full\" alt=\"\" srcset=\"https:\/\/ialeman.cl\/wp-content\/uploads\/2025\/12\/ceremonia-de-los-corazones-2025-Instituto-Aleman-de-Puerto-Montt_0067_DSC_0507.jpg 1200w, https:\/\/ialeman.cl\/wp-content\/uploads\/2025\/12\/ceremonia-de-los-corazones-2025-Instituto-Aleman-de-Puerto-Montt_0067_DSC_0507-300x200.jpg 300w, https:\/\/ialeman.cl\/wp-content\/uploads\/2025\/12\/ceremonia-de-los-corazones-2025-Instituto-Aleman-de-Puerto-Montt_0067_DSC_0507-1024x684.jpg 1024w, https:\/\/ialeman.cl\/wp-content\/uploads\/2025\/12\/ceremonia-de-los-corazones-2025-Instituto-Aleman-de-Puerto-Montt_0067_DSC_0507-768x513.jpg 768w\" sizes=\"(max-width: 1200px) 100vw, 1200px\" \/><\/a>\n\t\t\t<\/div><\/figure><figure class='gallery-item'>\n\t\t\t<div class='gallery-icon landscape'>\n\t\t\t\t<a data-elementor-open-lightbox=\"yes\" data-elementor-lightbox-slideshow=\"93f3ece\" data-elementor-lightbox-title=\"ceremonia de los corazones 2025 Instituto Alem\u00e1n de Puerto Montt_0068_DSC_0629\" data-e-action-hash=\"#elementor-action%3Aaction%3Dlightbox%26settings%3DeyJpZCI6NTE5NzUsInVybCI6Imh0dHBzOlwvXC9pYWxlbWFuLmNsXC93cC1jb250ZW50XC91cGxvYWRzXC8yMDI1XC8xMlwvY2VyZW1vbmlhLWRlLWxvcy1jb3Jhem9uZXMtMjAyNS1JbnN0aXR1dG8tQWxlbWFuLWRlLVB1ZXJ0by1Nb250dF8wMDY4X0RTQ18wNjI5LmpwZyIsInNsaWRlc2hvdyI6IjkzZjNlY2UifQ%3D%3D\" href='https:\/\/ialeman.cl\/wp-content\/uploads\/2025\/12\/ceremonia-de-los-corazones-2025-Instituto-Aleman-de-Puerto-Montt_0068_DSC_0629.jpg'><img loading=\"lazy\" decoding=\"async\" width=\"1200\" height=\"801\" src=\"https:\/\/ialeman.cl\/wp-content\/uploads\/2025\/12\/ceremonia-de-los-corazones-2025-Instituto-Aleman-de-Puerto-Montt_0068_DSC_0629.jpg\" class=\"attachment-full size-full\" alt=\"\" srcset=\"https:\/\/ialeman.cl\/wp-content\/uploads\/2025\/12\/ceremonia-de-los-corazones-2025-Instituto-Aleman-de-Puerto-Montt_0068_DSC_0629.jpg 1200w, https:\/\/ialeman.cl\/wp-content\/uploads\/2025\/12\/ceremonia-de-los-corazones-2025-Instituto-Aleman-de-Puerto-Montt_0068_DSC_0629-300x200.jpg 300w, https:\/\/ialeman.cl\/wp-content\/uploads\/2025\/12\/ceremonia-de-los-corazones-2025-Instituto-Aleman-de-Puerto-Montt_0068_DSC_0629-1024x684.jpg 1024w, https:\/\/ialeman.cl\/wp-content\/uploads\/2025\/12\/ceremonia-de-los-corazones-2025-Instituto-Aleman-de-Puerto-Montt_0068_DSC_0629-768x513.jpg 768w\" sizes=\"(max-width: 1200px) 100vw, 1200px\" \/><\/a>\n\t\t\t<\/div><\/figure><figure class='gallery-item'>\n\t\t\t<div class='gallery-icon landscape'>\n\t\t\t\t<a data-elementor-open-lightbox=\"yes\" data-elementor-lightbox-slideshow=\"93f3ece\" data-elementor-lightbox-title=\"ceremonia de los corazones 2025 Instituto Alem\u00e1n de Puerto Montt_0069_Niveles 8\" data-e-action-hash=\"#elementor-action%3Aaction%3Dlightbox%26settings%3DeyJpZCI6NTE5NzYsInVybCI6Imh0dHBzOlwvXC9pYWxlbWFuLmNsXC93cC1jb250ZW50XC91cGxvYWRzXC8yMDI1XC8xMlwvY2VyZW1vbmlhLWRlLWxvcy1jb3Jhem9uZXMtMjAyNS1JbnN0aXR1dG8tQWxlbWFuLWRlLVB1ZXJ0by1Nb250dF8wMDY5X05pdmVsZXMtOC5qcGciLCJzbGlkZXNob3ciOiI5M2YzZWNlIn0%3D\" href='https:\/\/ialeman.cl\/wp-content\/uploads\/2025\/12\/ceremonia-de-los-corazones-2025-Instituto-Aleman-de-Puerto-Montt_0069_Niveles-8.jpg'><img loading=\"lazy\" decoding=\"async\" width=\"1200\" height=\"801\" src=\"https:\/\/ialeman.cl\/wp-content\/uploads\/2025\/12\/ceremonia-de-los-corazones-2025-Instituto-Aleman-de-Puerto-Montt_0069_Niveles-8.jpg\" class=\"attachment-full size-full\" alt=\"\" srcset=\"https:\/\/ialeman.cl\/wp-content\/uploads\/2025\/12\/ceremonia-de-los-corazones-2025-Instituto-Aleman-de-Puerto-Montt_0069_Niveles-8.jpg 1200w, https:\/\/ialeman.cl\/wp-content\/uploads\/2025\/12\/ceremonia-de-los-corazones-2025-Instituto-Aleman-de-Puerto-Montt_0069_Niveles-8-300x200.jpg 300w, https:\/\/ialeman.cl\/wp-content\/uploads\/2025\/12\/ceremonia-de-los-corazones-2025-Instituto-Aleman-de-Puerto-Montt_0069_Niveles-8-1024x684.jpg 1024w, https:\/\/ialeman.cl\/wp-content\/uploads\/2025\/12\/ceremonia-de-los-corazones-2025-Instituto-Aleman-de-Puerto-Montt_0069_Niveles-8-768x513.jpg 768w\" sizes=\"(max-width: 1200px) 100vw, 1200px\" \/><\/a>\n\t\t\t<\/div><\/figure><figure class='gallery-item'>\n\t\t\t<div class='gallery-icon landscape'>\n\t\t\t\t<a data-elementor-open-lightbox=\"yes\" data-elementor-lightbox-slideshow=\"93f3ece\" data-elementor-lightbox-title=\"ceremonia de los corazones 2025 Instituto Alem\u00e1n de Puerto Montt_0070_Brillo_contraste 2\" data-e-action-hash=\"#elementor-action%3Aaction%3Dlightbox%26settings%3DeyJpZCI6NTE5NzcsInVybCI6Imh0dHBzOlwvXC9pYWxlbWFuLmNsXC93cC1jb250ZW50XC91cGxvYWRzXC8yMDI1XC8xMlwvY2VyZW1vbmlhLWRlLWxvcy1jb3Jhem9uZXMtMjAyNS1JbnN0aXR1dG8tQWxlbWFuLWRlLVB1ZXJ0by1Nb250dF8wMDcwX0JyaWxsb19jb250cmFzdGUtMi5qcGciLCJzbGlkZXNob3ciOiI5M2YzZWNlIn0%3D\" href='https:\/\/ialeman.cl\/wp-content\/uploads\/2025\/12\/ceremonia-de-los-corazones-2025-Instituto-Aleman-de-Puerto-Montt_0070_Brillo_contraste-2.jpg'><img loading=\"lazy\" decoding=\"async\" width=\"1200\" height=\"801\" src=\"https:\/\/ialeman.cl\/wp-content\/uploads\/2025\/12\/ceremonia-de-los-corazones-2025-Instituto-Aleman-de-Puerto-Montt_0070_Brillo_contraste-2.jpg\" class=\"attachment-full size-full\" alt=\"\" srcset=\"https:\/\/ialeman.cl\/wp-content\/uploads\/2025\/12\/ceremonia-de-los-corazones-2025-Instituto-Aleman-de-Puerto-Montt_0070_Brillo_contraste-2.jpg 1200w, https:\/\/ialeman.cl\/wp-content\/uploads\/2025\/12\/ceremonia-de-los-corazones-2025-Instituto-Aleman-de-Puerto-Montt_0070_Brillo_contraste-2-300x200.jpg 300w, https:\/\/ialeman.cl\/wp-content\/uploads\/2025\/12\/ceremonia-de-los-corazones-2025-Instituto-Aleman-de-Puerto-Montt_0070_Brillo_contraste-2-1024x684.jpg 1024w, https:\/\/ialeman.cl\/wp-content\/uploads\/2025\/12\/ceremonia-de-los-corazones-2025-Instituto-Aleman-de-Puerto-Montt_0070_Brillo_contraste-2-768x513.jpg 768w\" sizes=\"(max-width: 1200px) 100vw, 1200px\" \/><\/a>\n\t\t\t<\/div><\/figure><figure class='gallery-item'>\n\t\t\t<div class='gallery-icon landscape'>\n\t\t\t\t<a data-elementor-open-lightbox=\"yes\" data-elementor-lightbox-slideshow=\"93f3ece\" data-elementor-lightbox-title=\"ceremonia de los corazones 2025 Instituto Alem\u00e1n de Puerto Montt_0071_DSC_9944\" data-e-action-hash=\"#elementor-action%3Aaction%3Dlightbox%26settings%3DeyJpZCI6NTE5NzgsInVybCI6Imh0dHBzOlwvXC9pYWxlbWFuLmNsXC93cC1jb250ZW50XC91cGxvYWRzXC8yMDI1XC8xMlwvY2VyZW1vbmlhLWRlLWxvcy1jb3Jhem9uZXMtMjAyNS1JbnN0aXR1dG8tQWxlbWFuLWRlLVB1ZXJ0by1Nb250dF8wMDcxX0RTQ185OTQ0LmpwZyIsInNsaWRlc2hvdyI6IjkzZjNlY2UifQ%3D%3D\" href='https:\/\/ialeman.cl\/wp-content\/uploads\/2025\/12\/ceremonia-de-los-corazones-2025-Instituto-Aleman-de-Puerto-Montt_0071_DSC_9944.jpg'><img loading=\"lazy\" decoding=\"async\" width=\"1200\" height=\"801\" src=\"https:\/\/ialeman.cl\/wp-content\/uploads\/2025\/12\/ceremonia-de-los-corazones-2025-Instituto-Aleman-de-Puerto-Montt_0071_DSC_9944.jpg\" class=\"attachment-full size-full\" alt=\"\" srcset=\"https:\/\/ialeman.cl\/wp-content\/uploads\/2025\/12\/ceremonia-de-los-corazones-2025-Instituto-Aleman-de-Puerto-Montt_0071_DSC_9944.jpg 1200w, https:\/\/ialeman.cl\/wp-content\/uploads\/2025\/12\/ceremonia-de-los-corazones-2025-Instituto-Aleman-de-Puerto-Montt_0071_DSC_9944-300x200.jpg 300w, https:\/\/ialeman.cl\/wp-content\/uploads\/2025\/12\/ceremonia-de-los-corazones-2025-Instituto-Aleman-de-Puerto-Montt_0071_DSC_9944-1024x684.jpg 1024w, https:\/\/ialeman.cl\/wp-content\/uploads\/2025\/12\/ceremonia-de-los-corazones-2025-Instituto-Aleman-de-Puerto-Montt_0071_DSC_9944-768x513.jpg 768w\" sizes=\"(max-width: 1200px) 100vw, 1200px\" \/><\/a>\n\t\t\t<\/div><\/figure><figure class='gallery-item'>\n\t\t\t<div class='gallery-icon landscape'>\n\t\t\t\t<a data-elementor-open-lightbox=\"yes\" data-elementor-lightbox-slideshow=\"93f3ece\" data-elementor-lightbox-title=\"ceremonia de los corazones 2025 Instituto Alem\u00e1n de Puerto Montt_0072_DSC_9925\" data-e-action-hash=\"#elementor-action%3Aaction%3Dlightbox%26settings%3DeyJpZCI6NTE5NzksInVybCI6Imh0dHBzOlwvXC9pYWxlbWFuLmNsXC93cC1jb250ZW50XC91cGxvYWRzXC8yMDI1XC8xMlwvY2VyZW1vbmlhLWRlLWxvcy1jb3Jhem9uZXMtMjAyNS1JbnN0aXR1dG8tQWxlbWFuLWRlLVB1ZXJ0by1Nb250dF8wMDcyX0RTQ185OTI1LmpwZyIsInNsaWRlc2hvdyI6IjkzZjNlY2UifQ%3D%3D\" href='https:\/\/ialeman.cl\/wp-content\/uploads\/2025\/12\/ceremonia-de-los-corazones-2025-Instituto-Aleman-de-Puerto-Montt_0072_DSC_9925.jpg'><img loading=\"lazy\" decoding=\"async\" width=\"1200\" height=\"801\" src=\"https:\/\/ialeman.cl\/wp-content\/uploads\/2025\/12\/ceremonia-de-los-corazones-2025-Instituto-Aleman-de-Puerto-Montt_0072_DSC_9925.jpg\" class=\"attachment-full size-full\" alt=\"\" srcset=\"https:\/\/ialeman.cl\/wp-content\/uploads\/2025\/12\/ceremonia-de-los-corazones-2025-Instituto-Aleman-de-Puerto-Montt_0072_DSC_9925.jpg 1200w, https:\/\/ialeman.cl\/wp-content\/uploads\/2025\/12\/ceremonia-de-los-corazones-2025-Instituto-Aleman-de-Puerto-Montt_0072_DSC_9925-300x200.jpg 300w, https:\/\/ialeman.cl\/wp-content\/uploads\/2025\/12\/ceremonia-de-los-corazones-2025-Instituto-Aleman-de-Puerto-Montt_0072_DSC_9925-1024x684.jpg 1024w, https:\/\/ialeman.cl\/wp-content\/uploads\/2025\/12\/ceremonia-de-los-corazones-2025-Instituto-Aleman-de-Puerto-Montt_0072_DSC_9925-768x513.jpg 768w\" sizes=\"(max-width: 1200px) 100vw, 1200px\" \/><\/a>\n\t\t\t<\/div><\/figure><figure class='gallery-item'>\n\t\t\t<div class='gallery-icon landscape'>\n\t\t\t\t<a data-elementor-open-lightbox=\"yes\" data-elementor-lightbox-slideshow=\"93f3ece\" data-elementor-lightbox-title=\"ceremonia de los corazones 2025 Instituto Alem\u00e1n de Puerto Montt_0074_Niveles 9\" data-e-action-hash=\"#elementor-action%3Aaction%3Dlightbox%26settings%3DeyJpZCI6NTE5ODEsInVybCI6Imh0dHBzOlwvXC9pYWxlbWFuLmNsXC93cC1jb250ZW50XC91cGxvYWRzXC8yMDI1XC8xMlwvY2VyZW1vbmlhLWRlLWxvcy1jb3Jhem9uZXMtMjAyNS1JbnN0aXR1dG8tQWxlbWFuLWRlLVB1ZXJ0by1Nb250dF8wMDc0X05pdmVsZXMtOS5qcGciLCJzbGlkZXNob3ciOiI5M2YzZWNlIn0%3D\" href='https:\/\/ialeman.cl\/wp-content\/uploads\/2025\/12\/ceremonia-de-los-corazones-2025-Instituto-Aleman-de-Puerto-Montt_0074_Niveles-9.jpg'><img loading=\"lazy\" decoding=\"async\" width=\"1200\" height=\"801\" src=\"https:\/\/ialeman.cl\/wp-content\/uploads\/2025\/12\/ceremonia-de-los-corazones-2025-Instituto-Aleman-de-Puerto-Montt_0074_Niveles-9.jpg\" class=\"attachment-full size-full\" alt=\"\" srcset=\"https:\/\/ialeman.cl\/wp-content\/uploads\/2025\/12\/ceremonia-de-los-corazones-2025-Instituto-Aleman-de-Puerto-Montt_0074_Niveles-9.jpg 1200w, https:\/\/ialeman.cl\/wp-content\/uploads\/2025\/12\/ceremonia-de-los-corazones-2025-Instituto-Aleman-de-Puerto-Montt_0074_Niveles-9-300x200.jpg 300w, https:\/\/ialeman.cl\/wp-content\/uploads\/2025\/12\/ceremonia-de-los-corazones-2025-Instituto-Aleman-de-Puerto-Montt_0074_Niveles-9-1024x684.jpg 1024w, https:\/\/ialeman.cl\/wp-content\/uploads\/2025\/12\/ceremonia-de-los-corazones-2025-Instituto-Aleman-de-Puerto-Montt_0074_Niveles-9-768x513.jpg 768w\" sizes=\"(max-width: 1200px) 100vw, 1200px\" \/><\/a>\n\t\t\t<\/div><\/figure><figure class='gallery-item'>\n\t\t\t<div class='gallery-icon landscape'>\n\t\t\t\t<a data-elementor-open-lightbox=\"yes\" data-elementor-lightbox-slideshow=\"93f3ece\" data-elementor-lightbox-title=\"ceremonia de los corazones 2025 Instituto Alem\u00e1n de Puerto Montt_0075_Brillo_contraste 3\" data-e-action-hash=\"#elementor-action%3Aaction%3Dlightbox%26settings%3DeyJpZCI6NTE5ODIsInVybCI6Imh0dHBzOlwvXC9pYWxlbWFuLmNsXC93cC1jb250ZW50XC91cGxvYWRzXC8yMDI1XC8xMlwvY2VyZW1vbmlhLWRlLWxvcy1jb3Jhem9uZXMtMjAyNS1JbnN0aXR1dG8tQWxlbWFuLWRlLVB1ZXJ0by1Nb250dF8wMDc1X0JyaWxsb19jb250cmFzdGUtMy5qcGciLCJzbGlkZXNob3ciOiI5M2YzZWNlIn0%3D\" href='https:\/\/ialeman.cl\/wp-content\/uploads\/2025\/12\/ceremonia-de-los-corazones-2025-Instituto-Aleman-de-Puerto-Montt_0075_Brillo_contraste-3.jpg'><img loading=\"lazy\" decoding=\"async\" width=\"1200\" height=\"801\" src=\"https:\/\/ialeman.cl\/wp-content\/uploads\/2025\/12\/ceremonia-de-los-corazones-2025-Instituto-Aleman-de-Puerto-Montt_0075_Brillo_contraste-3.jpg\" class=\"attachment-full size-full\" alt=\"\" srcset=\"https:\/\/ialeman.cl\/wp-content\/uploads\/2025\/12\/ceremonia-de-los-corazones-2025-Instituto-Aleman-de-Puerto-Montt_0075_Brillo_contraste-3.jpg 1200w, https:\/\/ialeman.cl\/wp-content\/uploads\/2025\/12\/ceremonia-de-los-corazones-2025-Instituto-Aleman-de-Puerto-Montt_0075_Brillo_contraste-3-300x200.jpg 300w, https:\/\/ialeman.cl\/wp-content\/uploads\/2025\/12\/ceremonia-de-los-corazones-2025-Instituto-Aleman-de-Puerto-Montt_0075_Brillo_contraste-3-1024x684.jpg 1024w, https:\/\/ialeman.cl\/wp-content\/uploads\/2025\/12\/ceremonia-de-los-corazones-2025-Instituto-Aleman-de-Puerto-Montt_0075_Brillo_contraste-3-768x513.jpg 768w\" sizes=\"(max-width: 1200px) 100vw, 1200px\" \/><\/a>\n\t\t\t<\/div><\/figure><figure class='gallery-item'>\n\t\t\t<div class='gallery-icon landscape'>\n\t\t\t\t<a data-elementor-open-lightbox=\"yes\" data-elementor-lightbox-slideshow=\"93f3ece\" data-elementor-lightbox-title=\"ceremonia de los corazones 2025 Instituto Alem\u00e1n de Puerto Montt_0077_Brillo_contraste 4\" data-e-action-hash=\"#elementor-action%3Aaction%3Dlightbox%26settings%3DeyJpZCI6NTE5ODQsInVybCI6Imh0dHBzOlwvXC9pYWxlbWFuLmNsXC93cC1jb250ZW50XC91cGxvYWRzXC8yMDI1XC8xMlwvY2VyZW1vbmlhLWRlLWxvcy1jb3Jhem9uZXMtMjAyNS1JbnN0aXR1dG8tQWxlbWFuLWRlLVB1ZXJ0by1Nb250dF8wMDc3X0JyaWxsb19jb250cmFzdGUtNC5qcGciLCJzbGlkZXNob3ciOiI5M2YzZWNlIn0%3D\" href='https:\/\/ialeman.cl\/wp-content\/uploads\/2025\/12\/ceremonia-de-los-corazones-2025-Instituto-Aleman-de-Puerto-Montt_0077_Brillo_contraste-4.jpg'><img loading=\"lazy\" decoding=\"async\" width=\"1200\" height=\"801\" src=\"https:\/\/ialeman.cl\/wp-content\/uploads\/2025\/12\/ceremonia-de-los-corazones-2025-Instituto-Aleman-de-Puerto-Montt_0077_Brillo_contraste-4.jpg\" class=\"attachment-full size-full\" alt=\"\" srcset=\"https:\/\/ialeman.cl\/wp-content\/uploads\/2025\/12\/ceremonia-de-los-corazones-2025-Instituto-Aleman-de-Puerto-Montt_0077_Brillo_contraste-4.jpg 1200w, https:\/\/ialeman.cl\/wp-content\/uploads\/2025\/12\/ceremonia-de-los-corazones-2025-Instituto-Aleman-de-Puerto-Montt_0077_Brillo_contraste-4-300x200.jpg 300w, https:\/\/ialeman.cl\/wp-content\/uploads\/2025\/12\/ceremonia-de-los-corazones-2025-Instituto-Aleman-de-Puerto-Montt_0077_Brillo_contraste-4-1024x684.jpg 1024w, https:\/\/ialeman.cl\/wp-content\/uploads\/2025\/12\/ceremonia-de-los-corazones-2025-Instituto-Aleman-de-Puerto-Montt_0077_Brillo_contraste-4-768x513.jpg 768w\" sizes=\"(max-width: 1200px) 100vw, 1200px\" \/><\/a>\n\t\t\t<\/div><\/figure><figure class='gallery-item'>\n\t\t\t<div class='gallery-icon landscape'>\n\t\t\t\t<a data-elementor-open-lightbox=\"yes\" data-elementor-lightbox-slideshow=\"93f3ece\" data-elementor-lightbox-title=\"ceremonia de los corazones 2025 Instituto Alem\u00e1n de Puerto Montt_0079_DSC_0434\" data-e-action-hash=\"#elementor-action%3Aaction%3Dlightbox%26settings%3DeyJpZCI6NTE5ODYsInVybCI6Imh0dHBzOlwvXC9pYWxlbWFuLmNsXC93cC1jb250ZW50XC91cGxvYWRzXC8yMDI1XC8xMlwvY2VyZW1vbmlhLWRlLWxvcy1jb3Jhem9uZXMtMjAyNS1JbnN0aXR1dG8tQWxlbWFuLWRlLVB1ZXJ0by1Nb250dF8wMDc5X0RTQ18wNDM0LmpwZyIsInNsaWRlc2hvdyI6IjkzZjNlY2UifQ%3D%3D\" href='https:\/\/ialeman.cl\/wp-content\/uploads\/2025\/12\/ceremonia-de-los-corazones-2025-Instituto-Aleman-de-Puerto-Montt_0079_DSC_0434.jpg'><img loading=\"lazy\" decoding=\"async\" width=\"1200\" height=\"801\" src=\"https:\/\/ialeman.cl\/wp-content\/uploads\/2025\/12\/ceremonia-de-los-corazones-2025-Instituto-Aleman-de-Puerto-Montt_0079_DSC_0434.jpg\" class=\"attachment-full size-full\" alt=\"\" srcset=\"https:\/\/ialeman.cl\/wp-content\/uploads\/2025\/12\/ceremonia-de-los-corazones-2025-Instituto-Aleman-de-Puerto-Montt_0079_DSC_0434.jpg 1200w, https:\/\/ialeman.cl\/wp-content\/uploads\/2025\/12\/ceremonia-de-los-corazones-2025-Instituto-Aleman-de-Puerto-Montt_0079_DSC_0434-300x200.jpg 300w, https:\/\/ialeman.cl\/wp-content\/uploads\/2025\/12\/ceremonia-de-los-corazones-2025-Instituto-Aleman-de-Puerto-Montt_0079_DSC_0434-1024x684.jpg 1024w, https:\/\/ialeman.cl\/wp-content\/uploads\/2025\/12\/ceremonia-de-los-corazones-2025-Instituto-Aleman-de-Puerto-Montt_0079_DSC_0434-768x513.jpg 768w\" sizes=\"(max-width: 1200px) 100vw, 1200px\" \/><\/a>\n\t\t\t<\/div><\/figure><figure class='gallery-item'>\n\t\t\t<div class='gallery-icon landscape'>\n\t\t\t\t<a data-elementor-open-lightbox=\"yes\" data-elementor-lightbox-slideshow=\"93f3ece\" data-elementor-lightbox-title=\"ceremonia de los corazones 2025 Instituto Alem\u00e1n de Puerto Montt_0080_DSC_0432\" data-e-action-hash=\"#elementor-action%3Aaction%3Dlightbox%26settings%3DeyJpZCI6NTE5ODcsInVybCI6Imh0dHBzOlwvXC9pYWxlbWFuLmNsXC93cC1jb250ZW50XC91cGxvYWRzXC8yMDI1XC8xMlwvY2VyZW1vbmlhLWRlLWxvcy1jb3Jhem9uZXMtMjAyNS1JbnN0aXR1dG8tQWxlbWFuLWRlLVB1ZXJ0by1Nb250dF8wMDgwX0RTQ18wNDMyLmpwZyIsInNsaWRlc2hvdyI6IjkzZjNlY2UifQ%3D%3D\" href='https:\/\/ialeman.cl\/wp-content\/uploads\/2025\/12\/ceremonia-de-los-corazones-2025-Instituto-Aleman-de-Puerto-Montt_0080_DSC_0432.jpg'><img loading=\"lazy\" decoding=\"async\" width=\"1200\" height=\"801\" src=\"https:\/\/ialeman.cl\/wp-content\/uploads\/2025\/12\/ceremonia-de-los-corazones-2025-Instituto-Aleman-de-Puerto-Montt_0080_DSC_0432.jpg\" class=\"attachment-full size-full\" alt=\"\" srcset=\"https:\/\/ialeman.cl\/wp-content\/uploads\/2025\/12\/ceremonia-de-los-corazones-2025-Instituto-Aleman-de-Puerto-Montt_0080_DSC_0432.jpg 1200w, https:\/\/ialeman.cl\/wp-content\/uploads\/2025\/12\/ceremonia-de-los-corazones-2025-Instituto-Aleman-de-Puerto-Montt_0080_DSC_0432-300x200.jpg 300w, https:\/\/ialeman.cl\/wp-content\/uploads\/2025\/12\/ceremonia-de-los-corazones-2025-Instituto-Aleman-de-Puerto-Montt_0080_DSC_0432-1024x684.jpg 1024w, https:\/\/ialeman.cl\/wp-content\/uploads\/2025\/12\/ceremonia-de-los-corazones-2025-Instituto-Aleman-de-Puerto-Montt_0080_DSC_0432-768x513.jpg 768w\" sizes=\"(max-width: 1200px) 100vw, 1200px\" \/><\/a>\n\t\t\t<\/div><\/figure><figure class='gallery-item'>\n\t\t\t<div class='gallery-icon landscape'>\n\t\t\t\t<a data-elementor-open-lightbox=\"yes\" data-elementor-lightbox-slideshow=\"93f3ece\" data-elementor-lightbox-title=\"ceremonia de los corazones 2025 Instituto Alem\u00e1n de Puerto Montt_0081_DSC_0430\" data-e-action-hash=\"#elementor-action%3Aaction%3Dlightbox%26settings%3DeyJpZCI6NTE5ODgsInVybCI6Imh0dHBzOlwvXC9pYWxlbWFuLmNsXC93cC1jb250ZW50XC91cGxvYWRzXC8yMDI1XC8xMlwvY2VyZW1vbmlhLWRlLWxvcy1jb3Jhem9uZXMtMjAyNS1JbnN0aXR1dG8tQWxlbWFuLWRlLVB1ZXJ0by1Nb250dF8wMDgxX0RTQ18wNDMwLmpwZyIsInNsaWRlc2hvdyI6IjkzZjNlY2UifQ%3D%3D\" href='https:\/\/ialeman.cl\/wp-content\/uploads\/2025\/12\/ceremonia-de-los-corazones-2025-Instituto-Aleman-de-Puerto-Montt_0081_DSC_0430.jpg'><img loading=\"lazy\" decoding=\"async\" width=\"1200\" height=\"801\" src=\"https:\/\/ialeman.cl\/wp-content\/uploads\/2025\/12\/ceremonia-de-los-corazones-2025-Instituto-Aleman-de-Puerto-Montt_0081_DSC_0430.jpg\" class=\"attachment-full size-full\" alt=\"\" srcset=\"https:\/\/ialeman.cl\/wp-content\/uploads\/2025\/12\/ceremonia-de-los-corazones-2025-Instituto-Aleman-de-Puerto-Montt_0081_DSC_0430.jpg 1200w, https:\/\/ialeman.cl\/wp-content\/uploads\/2025\/12\/ceremonia-de-los-corazones-2025-Instituto-Aleman-de-Puerto-Montt_0081_DSC_0430-300x200.jpg 300w, https:\/\/ialeman.cl\/wp-content\/uploads\/2025\/12\/ceremonia-de-los-corazones-2025-Instituto-Aleman-de-Puerto-Montt_0081_DSC_0430-1024x684.jpg 1024w, https:\/\/ialeman.cl\/wp-content\/uploads\/2025\/12\/ceremonia-de-los-corazones-2025-Instituto-Aleman-de-Puerto-Montt_0081_DSC_0430-768x513.jpg 768w\" sizes=\"(max-width: 1200px) 100vw, 1200px\" \/><\/a>\n\t\t\t<\/div><\/figure><figure class='gallery-item'>\n\t\t\t<div class='gallery-icon landscape'>\n\t\t\t\t<a data-elementor-open-lightbox=\"yes\" data-elementor-lightbox-slideshow=\"93f3ece\" data-elementor-lightbox-title=\"ceremonia de los corazones 2025 Instituto Alem\u00e1n de Puerto Montt_0083_DSC_0412\" data-e-action-hash=\"#elementor-action%3Aaction%3Dlightbox%26settings%3DeyJpZCI6NTE5OTAsInVybCI6Imh0dHBzOlwvXC9pYWxlbWFuLmNsXC93cC1jb250ZW50XC91cGxvYWRzXC8yMDI1XC8xMlwvY2VyZW1vbmlhLWRlLWxvcy1jb3Jhem9uZXMtMjAyNS1JbnN0aXR1dG8tQWxlbWFuLWRlLVB1ZXJ0by1Nb250dF8wMDgzX0RTQ18wNDEyLmpwZyIsInNsaWRlc2hvdyI6IjkzZjNlY2UifQ%3D%3D\" href='https:\/\/ialeman.cl\/wp-content\/uploads\/2025\/12\/ceremonia-de-los-corazones-2025-Instituto-Aleman-de-Puerto-Montt_0083_DSC_0412.jpg'><img loading=\"lazy\" decoding=\"async\" width=\"1200\" height=\"801\" src=\"https:\/\/ialeman.cl\/wp-content\/uploads\/2025\/12\/ceremonia-de-los-corazones-2025-Instituto-Aleman-de-Puerto-Montt_0083_DSC_0412.jpg\" class=\"attachment-full size-full\" alt=\"\" srcset=\"https:\/\/ialeman.cl\/wp-content\/uploads\/2025\/12\/ceremonia-de-los-corazones-2025-Instituto-Aleman-de-Puerto-Montt_0083_DSC_0412.jpg 1200w, https:\/\/ialeman.cl\/wp-content\/uploads\/2025\/12\/ceremonia-de-los-corazones-2025-Instituto-Aleman-de-Puerto-Montt_0083_DSC_0412-300x200.jpg 300w, https:\/\/ialeman.cl\/wp-content\/uploads\/2025\/12\/ceremonia-de-los-corazones-2025-Instituto-Aleman-de-Puerto-Montt_0083_DSC_0412-1024x684.jpg 1024w, https:\/\/ialeman.cl\/wp-content\/uploads\/2025\/12\/ceremonia-de-los-corazones-2025-Instituto-Aleman-de-Puerto-Montt_0083_DSC_0412-768x513.jpg 768w\" sizes=\"(max-width: 1200px) 100vw, 1200px\" \/><\/a>\n\t\t\t<\/div><\/figure><figure class='gallery-item'>\n\t\t\t<div class='gallery-icon landscape'>\n\t\t\t\t<a data-elementor-open-lightbox=\"yes\" data-elementor-lightbox-slideshow=\"93f3ece\" data-elementor-lightbox-title=\"ceremonia de los corazones 2025 Instituto Alem\u00e1n de Puerto Montt_0084_DSC_0406\" data-e-action-hash=\"#elementor-action%3Aaction%3Dlightbox%26settings%3DeyJpZCI6NTE5OTEsInVybCI6Imh0dHBzOlwvXC9pYWxlbWFuLmNsXC93cC1jb250ZW50XC91cGxvYWRzXC8yMDI1XC8xMlwvY2VyZW1vbmlhLWRlLWxvcy1jb3Jhem9uZXMtMjAyNS1JbnN0aXR1dG8tQWxlbWFuLWRlLVB1ZXJ0by1Nb250dF8wMDg0X0RTQ18wNDA2LmpwZyIsInNsaWRlc2hvdyI6IjkzZjNlY2UifQ%3D%3D\" href='https:\/\/ialeman.cl\/wp-content\/uploads\/2025\/12\/ceremonia-de-los-corazones-2025-Instituto-Aleman-de-Puerto-Montt_0084_DSC_0406.jpg'><img loading=\"lazy\" decoding=\"async\" width=\"1200\" height=\"801\" src=\"https:\/\/ialeman.cl\/wp-content\/uploads\/2025\/12\/ceremonia-de-los-corazones-2025-Instituto-Aleman-de-Puerto-Montt_0084_DSC_0406.jpg\" class=\"attachment-full size-full\" alt=\"\" srcset=\"https:\/\/ialeman.cl\/wp-content\/uploads\/2025\/12\/ceremonia-de-los-corazones-2025-Instituto-Aleman-de-Puerto-Montt_0084_DSC_0406.jpg 1200w, https:\/\/ialeman.cl\/wp-content\/uploads\/2025\/12\/ceremonia-de-los-corazones-2025-Instituto-Aleman-de-Puerto-Montt_0084_DSC_0406-300x200.jpg 300w, https:\/\/ialeman.cl\/wp-content\/uploads\/2025\/12\/ceremonia-de-los-corazones-2025-Instituto-Aleman-de-Puerto-Montt_0084_DSC_0406-1024x684.jpg 1024w, https:\/\/ialeman.cl\/wp-content\/uploads\/2025\/12\/ceremonia-de-los-corazones-2025-Instituto-Aleman-de-Puerto-Montt_0084_DSC_0406-768x513.jpg 768w\" sizes=\"(max-width: 1200px) 100vw, 1200px\" \/><\/a>\n\t\t\t<\/div><\/figure><figure class='gallery-item'>\n\t\t\t<div class='gallery-icon landscape'>\n\t\t\t\t<a data-elementor-open-lightbox=\"yes\" data-elementor-lightbox-slideshow=\"93f3ece\" data-elementor-lightbox-title=\"ceremonia de los corazones 2025 Instituto Alem\u00e1n de Puerto Montt_0085_DSC_0389\" data-e-action-hash=\"#elementor-action%3Aaction%3Dlightbox%26settings%3DeyJpZCI6NTE5OTIsInVybCI6Imh0dHBzOlwvXC9pYWxlbWFuLmNsXC93cC1jb250ZW50XC91cGxvYWRzXC8yMDI1XC8xMlwvY2VyZW1vbmlhLWRlLWxvcy1jb3Jhem9uZXMtMjAyNS1JbnN0aXR1dG8tQWxlbWFuLWRlLVB1ZXJ0by1Nb250dF8wMDg1X0RTQ18wMzg5LmpwZyIsInNsaWRlc2hvdyI6IjkzZjNlY2UifQ%3D%3D\" href='https:\/\/ialeman.cl\/wp-content\/uploads\/2025\/12\/ceremonia-de-los-corazones-2025-Instituto-Aleman-de-Puerto-Montt_0085_DSC_0389.jpg'><img loading=\"lazy\" decoding=\"async\" width=\"1200\" height=\"801\" src=\"https:\/\/ialeman.cl\/wp-content\/uploads\/2025\/12\/ceremonia-de-los-corazones-2025-Instituto-Aleman-de-Puerto-Montt_0085_DSC_0389.jpg\" class=\"attachment-full size-full\" alt=\"\" srcset=\"https:\/\/ialeman.cl\/wp-content\/uploads\/2025\/12\/ceremonia-de-los-corazones-2025-Instituto-Aleman-de-Puerto-Montt_0085_DSC_0389.jpg 1200w, https:\/\/ialeman.cl\/wp-content\/uploads\/2025\/12\/ceremonia-de-los-corazones-2025-Instituto-Aleman-de-Puerto-Montt_0085_DSC_0389-300x200.jpg 300w, https:\/\/ialeman.cl\/wp-content\/uploads\/2025\/12\/ceremonia-de-los-corazones-2025-Instituto-Aleman-de-Puerto-Montt_0085_DSC_0389-1024x684.jpg 1024w, https:\/\/ialeman.cl\/wp-content\/uploads\/2025\/12\/ceremonia-de-los-corazones-2025-Instituto-Aleman-de-Puerto-Montt_0085_DSC_0389-768x513.jpg 768w\" sizes=\"(max-width: 1200px) 100vw, 1200px\" \/><\/a>\n\t\t\t<\/div><\/figure><figure class='gallery-item'>\n\t\t\t<div class='gallery-icon landscape'>\n\t\t\t\t<a data-elementor-open-lightbox=\"yes\" data-elementor-lightbox-slideshow=\"93f3ece\" data-elementor-lightbox-title=\"ceremonia de los corazones 2025 Instituto Alem\u00e1n de Puerto Montt_0086_DSC_0372\" data-e-action-hash=\"#elementor-action%3Aaction%3Dlightbox%26settings%3DeyJpZCI6NTE5OTMsInVybCI6Imh0dHBzOlwvXC9pYWxlbWFuLmNsXC93cC1jb250ZW50XC91cGxvYWRzXC8yMDI1XC8xMlwvY2VyZW1vbmlhLWRlLWxvcy1jb3Jhem9uZXMtMjAyNS1JbnN0aXR1dG8tQWxlbWFuLWRlLVB1ZXJ0by1Nb250dF8wMDg2X0RTQ18wMzcyLmpwZyIsInNsaWRlc2hvdyI6IjkzZjNlY2UifQ%3D%3D\" href='https:\/\/ialeman.cl\/wp-content\/uploads\/2025\/12\/ceremonia-de-los-corazones-2025-Instituto-Aleman-de-Puerto-Montt_0086_DSC_0372.jpg'><img loading=\"lazy\" decoding=\"async\" width=\"1200\" height=\"801\" src=\"https:\/\/ialeman.cl\/wp-content\/uploads\/2025\/12\/ceremonia-de-los-corazones-2025-Instituto-Aleman-de-Puerto-Montt_0086_DSC_0372.jpg\" class=\"attachment-full size-full\" alt=\"\" srcset=\"https:\/\/ialeman.cl\/wp-content\/uploads\/2025\/12\/ceremonia-de-los-corazones-2025-Instituto-Aleman-de-Puerto-Montt_0086_DSC_0372.jpg 1200w, https:\/\/ialeman.cl\/wp-content\/uploads\/2025\/12\/ceremonia-de-los-corazones-2025-Instituto-Aleman-de-Puerto-Montt_0086_DSC_0372-300x200.jpg 300w, https:\/\/ialeman.cl\/wp-content\/uploads\/2025\/12\/ceremonia-de-los-corazones-2025-Instituto-Aleman-de-Puerto-Montt_0086_DSC_0372-1024x684.jpg 1024w, https:\/\/ialeman.cl\/wp-content\/uploads\/2025\/12\/ceremonia-de-los-corazones-2025-Instituto-Aleman-de-Puerto-Montt_0086_DSC_0372-768x513.jpg 768w\" sizes=\"(max-width: 1200px) 100vw, 1200px\" \/><\/a>\n\t\t\t<\/div><\/figure><figure class='gallery-item'>\n\t\t\t<div class='gallery-icon landscape'>\n\t\t\t\t<a data-elementor-open-lightbox=\"yes\" data-elementor-lightbox-slideshow=\"93f3ece\" data-elementor-lightbox-title=\"ceremonia de los corazones 2025 Instituto Alem\u00e1n de Puerto Montt_0087_DSC_0359\" data-e-action-hash=\"#elementor-action%3Aaction%3Dlightbox%26settings%3DeyJpZCI6NTE5OTQsInVybCI6Imh0dHBzOlwvXC9pYWxlbWFuLmNsXC93cC1jb250ZW50XC91cGxvYWRzXC8yMDI1XC8xMlwvY2VyZW1vbmlhLWRlLWxvcy1jb3Jhem9uZXMtMjAyNS1JbnN0aXR1dG8tQWxlbWFuLWRlLVB1ZXJ0by1Nb250dF8wMDg3X0RTQ18wMzU5LmpwZyIsInNsaWRlc2hvdyI6IjkzZjNlY2UifQ%3D%3D\" href='https:\/\/ialeman.cl\/wp-content\/uploads\/2025\/12\/ceremonia-de-los-corazones-2025-Instituto-Aleman-de-Puerto-Montt_0087_DSC_0359.jpg'><img loading=\"lazy\" decoding=\"async\" width=\"1200\" height=\"801\" src=\"https:\/\/ialeman.cl\/wp-content\/uploads\/2025\/12\/ceremonia-de-los-corazones-2025-Instituto-Aleman-de-Puerto-Montt_0087_DSC_0359.jpg\" class=\"attachment-full size-full\" alt=\"\" srcset=\"https:\/\/ialeman.cl\/wp-content\/uploads\/2025\/12\/ceremonia-de-los-corazones-2025-Instituto-Aleman-de-Puerto-Montt_0087_DSC_0359.jpg 1200w, https:\/\/ialeman.cl\/wp-content\/uploads\/2025\/12\/ceremonia-de-los-corazones-2025-Instituto-Aleman-de-Puerto-Montt_0087_DSC_0359-300x200.jpg 300w, https:\/\/ialeman.cl\/wp-content\/uploads\/2025\/12\/ceremonia-de-los-corazones-2025-Instituto-Aleman-de-Puerto-Montt_0087_DSC_0359-1024x684.jpg 1024w, https:\/\/ialeman.cl\/wp-content\/uploads\/2025\/12\/ceremonia-de-los-corazones-2025-Instituto-Aleman-de-Puerto-Montt_0087_DSC_0359-768x513.jpg 768w\" sizes=\"(max-width: 1200px) 100vw, 1200px\" \/><\/a>\n\t\t\t<\/div><\/figure><figure class='gallery-item'>\n\t\t\t<div class='gallery-icon landscape'>\n\t\t\t\t<a data-elementor-open-lightbox=\"yes\" data-elementor-lightbox-slideshow=\"93f3ece\" data-elementor-lightbox-title=\"ceremonia de los corazones 2025 Instituto Alem\u00e1n de Puerto Montt_0088_DSC_0333\" data-e-action-hash=\"#elementor-action%3Aaction%3Dlightbox%26settings%3DeyJpZCI6NTE5OTUsInVybCI6Imh0dHBzOlwvXC9pYWxlbWFuLmNsXC93cC1jb250ZW50XC91cGxvYWRzXC8yMDI1XC8xMlwvY2VyZW1vbmlhLWRlLWxvcy1jb3Jhem9uZXMtMjAyNS1JbnN0aXR1dG8tQWxlbWFuLWRlLVB1ZXJ0by1Nb250dF8wMDg4X0RTQ18wMzMzLmpwZyIsInNsaWRlc2hvdyI6IjkzZjNlY2UifQ%3D%3D\" href='https:\/\/ialeman.cl\/wp-content\/uploads\/2025\/12\/ceremonia-de-los-corazones-2025-Instituto-Aleman-de-Puerto-Montt_0088_DSC_0333.jpg'><img loading=\"lazy\" decoding=\"async\" width=\"1200\" height=\"801\" src=\"https:\/\/ialeman.cl\/wp-content\/uploads\/2025\/12\/ceremonia-de-los-corazones-2025-Instituto-Aleman-de-Puerto-Montt_0088_DSC_0333.jpg\" class=\"attachment-full size-full\" alt=\"\" srcset=\"https:\/\/ialeman.cl\/wp-content\/uploads\/2025\/12\/ceremonia-de-los-corazones-2025-Instituto-Aleman-de-Puerto-Montt_0088_DSC_0333.jpg 1200w, https:\/\/ialeman.cl\/wp-content\/uploads\/2025\/12\/ceremonia-de-los-corazones-2025-Instituto-Aleman-de-Puerto-Montt_0088_DSC_0333-300x200.jpg 300w, https:\/\/ialeman.cl\/wp-content\/uploads\/2025\/12\/ceremonia-de-los-corazones-2025-Instituto-Aleman-de-Puerto-Montt_0088_DSC_0333-1024x684.jpg 1024w, https:\/\/ialeman.cl\/wp-content\/uploads\/2025\/12\/ceremonia-de-los-corazones-2025-Instituto-Aleman-de-Puerto-Montt_0088_DSC_0333-768x513.jpg 768w\" sizes=\"(max-width: 1200px) 100vw, 1200px\" \/><\/a>\n\t\t\t<\/div><\/figure><figure class='gallery-item'>\n\t\t\t<div class='gallery-icon landscape'>\n\t\t\t\t<a data-elementor-open-lightbox=\"yes\" data-elementor-lightbox-slideshow=\"93f3ece\" data-elementor-lightbox-title=\"ceremonia de los corazones 2025 Instituto Alem\u00e1n de Puerto Montt_0089_DSC_0314\" data-e-action-hash=\"#elementor-action%3Aaction%3Dlightbox%26settings%3DeyJpZCI6NTE5OTYsInVybCI6Imh0dHBzOlwvXC9pYWxlbWFuLmNsXC93cC1jb250ZW50XC91cGxvYWRzXC8yMDI1XC8xMlwvY2VyZW1vbmlhLWRlLWxvcy1jb3Jhem9uZXMtMjAyNS1JbnN0aXR1dG8tQWxlbWFuLWRlLVB1ZXJ0by1Nb250dF8wMDg5X0RTQ18wMzE0LmpwZyIsInNsaWRlc2hvdyI6IjkzZjNlY2UifQ%3D%3D\" href='https:\/\/ialeman.cl\/wp-content\/uploads\/2025\/12\/ceremonia-de-los-corazones-2025-Instituto-Aleman-de-Puerto-Montt_0089_DSC_0314.jpg'><img loading=\"lazy\" decoding=\"async\" width=\"1200\" height=\"801\" src=\"https:\/\/ialeman.cl\/wp-content\/uploads\/2025\/12\/ceremonia-de-los-corazones-2025-Instituto-Aleman-de-Puerto-Montt_0089_DSC_0314.jpg\" class=\"attachment-full size-full\" alt=\"\" srcset=\"https:\/\/ialeman.cl\/wp-content\/uploads\/2025\/12\/ceremonia-de-los-corazones-2025-Instituto-Aleman-de-Puerto-Montt_0089_DSC_0314.jpg 1200w, https:\/\/ialeman.cl\/wp-content\/uploads\/2025\/12\/ceremonia-de-los-corazones-2025-Instituto-Aleman-de-Puerto-Montt_0089_DSC_0314-300x200.jpg 300w, https:\/\/ialeman.cl\/wp-content\/uploads\/2025\/12\/ceremonia-de-los-corazones-2025-Instituto-Aleman-de-Puerto-Montt_0089_DSC_0314-1024x684.jpg 1024w, https:\/\/ialeman.cl\/wp-content\/uploads\/2025\/12\/ceremonia-de-los-corazones-2025-Instituto-Aleman-de-Puerto-Montt_0089_DSC_0314-768x513.jpg 768w\" sizes=\"(max-width: 1200px) 100vw, 1200px\" \/><\/a>\n\t\t\t<\/div><\/figure><figure class='gallery-item'>\n\t\t\t<div class='gallery-icon landscape'>\n\t\t\t\t<a data-elementor-open-lightbox=\"yes\" data-elementor-lightbox-slideshow=\"93f3ece\" data-elementor-lightbox-title=\"ceremonia de los corazones 2025 Instituto Alem\u00e1n de Puerto Montt_0090_DSC_0300\" data-e-action-hash=\"#elementor-action%3Aaction%3Dlightbox%26settings%3DeyJpZCI6NTE5OTcsInVybCI6Imh0dHBzOlwvXC9pYWxlbWFuLmNsXC93cC1jb250ZW50XC91cGxvYWRzXC8yMDI1XC8xMlwvY2VyZW1vbmlhLWRlLWxvcy1jb3Jhem9uZXMtMjAyNS1JbnN0aXR1dG8tQWxlbWFuLWRlLVB1ZXJ0by1Nb250dF8wMDkwX0RTQ18wMzAwLmpwZyIsInNsaWRlc2hvdyI6IjkzZjNlY2UifQ%3D%3D\" href='https:\/\/ialeman.cl\/wp-content\/uploads\/2025\/12\/ceremonia-de-los-corazones-2025-Instituto-Aleman-de-Puerto-Montt_0090_DSC_0300.jpg'><img loading=\"lazy\" decoding=\"async\" width=\"1200\" height=\"801\" src=\"https:\/\/ialeman.cl\/wp-content\/uploads\/2025\/12\/ceremonia-de-los-corazones-2025-Instituto-Aleman-de-Puerto-Montt_0090_DSC_0300.jpg\" class=\"attachment-full size-full\" alt=\"\" srcset=\"https:\/\/ialeman.cl\/wp-content\/uploads\/2025\/12\/ceremonia-de-los-corazones-2025-Instituto-Aleman-de-Puerto-Montt_0090_DSC_0300.jpg 1200w, https:\/\/ialeman.cl\/wp-content\/uploads\/2025\/12\/ceremonia-de-los-corazones-2025-Instituto-Aleman-de-Puerto-Montt_0090_DSC_0300-300x200.jpg 300w, https:\/\/ialeman.cl\/wp-content\/uploads\/2025\/12\/ceremonia-de-los-corazones-2025-Instituto-Aleman-de-Puerto-Montt_0090_DSC_0300-1024x684.jpg 1024w, https:\/\/ialeman.cl\/wp-content\/uploads\/2025\/12\/ceremonia-de-los-corazones-2025-Instituto-Aleman-de-Puerto-Montt_0090_DSC_0300-768x513.jpg 768w\" sizes=\"(max-width: 1200px) 100vw, 1200px\" \/><\/a>\n\t\t\t<\/div><\/figure><figure class='gallery-item'>\n\t\t\t<div class='gallery-icon landscape'>\n\t\t\t\t<a data-elementor-open-lightbox=\"yes\" data-elementor-lightbox-slideshow=\"93f3ece\" data-elementor-lightbox-title=\"ceremonia de los corazones 2025 Instituto Alem\u00e1n de Puerto Montt_0106_Niveles 13\" data-e-action-hash=\"#elementor-action%3Aaction%3Dlightbox%26settings%3DeyJpZCI6NTIwMTMsInVybCI6Imh0dHBzOlwvXC9pYWxlbWFuLmNsXC93cC1jb250ZW50XC91cGxvYWRzXC8yMDI1XC8xMlwvY2VyZW1vbmlhLWRlLWxvcy1jb3Jhem9uZXMtMjAyNS1JbnN0aXR1dG8tQWxlbWFuLWRlLVB1ZXJ0by1Nb250dF8wMTA2X05pdmVsZXMtMTMuanBnIiwic2xpZGVzaG93IjoiOTNmM2VjZSJ9\" href='https:\/\/ialeman.cl\/wp-content\/uploads\/2025\/12\/ceremonia-de-los-corazones-2025-Instituto-Aleman-de-Puerto-Montt_0106_Niveles-13.jpg'><img loading=\"lazy\" decoding=\"async\" width=\"1200\" height=\"801\" src=\"https:\/\/ialeman.cl\/wp-content\/uploads\/2025\/12\/ceremonia-de-los-corazones-2025-Instituto-Aleman-de-Puerto-Montt_0106_Niveles-13.jpg\" class=\"attachment-full size-full\" alt=\"\" srcset=\"https:\/\/ialeman.cl\/wp-content\/uploads\/2025\/12\/ceremonia-de-los-corazones-2025-Instituto-Aleman-de-Puerto-Montt_0106_Niveles-13.jpg 1200w, https:\/\/ialeman.cl\/wp-content\/uploads\/2025\/12\/ceremonia-de-los-corazones-2025-Instituto-Aleman-de-Puerto-Montt_0106_Niveles-13-300x200.jpg 300w, https:\/\/ialeman.cl\/wp-content\/uploads\/2025\/12\/ceremonia-de-los-corazones-2025-Instituto-Aleman-de-Puerto-Montt_0106_Niveles-13-1024x684.jpg 1024w, https:\/\/ialeman.cl\/wp-content\/uploads\/2025\/12\/ceremonia-de-los-corazones-2025-Instituto-Aleman-de-Puerto-Montt_0106_Niveles-13-768x513.jpg 768w\" sizes=\"(max-width: 1200px) 100vw, 1200px\" \/><\/a>\n\t\t\t<\/div><\/figure><figure class='gallery-item'>\n\t\t\t<div class='gallery-icon landscape'>\n\t\t\t\t<a data-elementor-open-lightbox=\"yes\" data-elementor-lightbox-slideshow=\"93f3ece\" data-elementor-lightbox-title=\"ceremonia de los corazones 2025 Instituto Alem\u00e1n de Puerto Montt_0091_DSC_0278\" data-e-action-hash=\"#elementor-action%3Aaction%3Dlightbox%26settings%3DeyJpZCI6NTE5OTgsInVybCI6Imh0dHBzOlwvXC9pYWxlbWFuLmNsXC93cC1jb250ZW50XC91cGxvYWRzXC8yMDI1XC8xMlwvY2VyZW1vbmlhLWRlLWxvcy1jb3Jhem9uZXMtMjAyNS1JbnN0aXR1dG8tQWxlbWFuLWRlLVB1ZXJ0by1Nb250dF8wMDkxX0RTQ18wMjc4LmpwZyIsInNsaWRlc2hvdyI6IjkzZjNlY2UifQ%3D%3D\" href='https:\/\/ialeman.cl\/wp-content\/uploads\/2025\/12\/ceremonia-de-los-corazones-2025-Instituto-Aleman-de-Puerto-Montt_0091_DSC_0278.jpg'><img loading=\"lazy\" decoding=\"async\" width=\"1200\" height=\"801\" src=\"https:\/\/ialeman.cl\/wp-content\/uploads\/2025\/12\/ceremonia-de-los-corazones-2025-Instituto-Aleman-de-Puerto-Montt_0091_DSC_0278.jpg\" class=\"attachment-full size-full\" alt=\"\" srcset=\"https:\/\/ialeman.cl\/wp-content\/uploads\/2025\/12\/ceremonia-de-los-corazones-2025-Instituto-Aleman-de-Puerto-Montt_0091_DSC_0278.jpg 1200w, https:\/\/ialeman.cl\/wp-content\/uploads\/2025\/12\/ceremonia-de-los-corazones-2025-Instituto-Aleman-de-Puerto-Montt_0091_DSC_0278-300x200.jpg 300w, https:\/\/ialeman.cl\/wp-content\/uploads\/2025\/12\/ceremonia-de-los-corazones-2025-Instituto-Aleman-de-Puerto-Montt_0091_DSC_0278-1024x684.jpg 1024w, https:\/\/ialeman.cl\/wp-content\/uploads\/2025\/12\/ceremonia-de-los-corazones-2025-Instituto-Aleman-de-Puerto-Montt_0091_DSC_0278-768x513.jpg 768w\" sizes=\"(max-width: 1200px) 100vw, 1200px\" \/><\/a>\n\t\t\t<\/div><\/figure><figure class='gallery-item'>\n\t\t\t<div class='gallery-icon landscape'>\n\t\t\t\t<a data-elementor-open-lightbox=\"yes\" data-elementor-lightbox-slideshow=\"93f3ece\" data-elementor-lightbox-title=\"ceremonia de los corazones 2025 Instituto Alem\u00e1n de Puerto Montt_0092_DSC_0245\" data-e-action-hash=\"#elementor-action%3Aaction%3Dlightbox%26settings%3DeyJpZCI6NTE5OTksInVybCI6Imh0dHBzOlwvXC9pYWxlbWFuLmNsXC93cC1jb250ZW50XC91cGxvYWRzXC8yMDI1XC8xMlwvY2VyZW1vbmlhLWRlLWxvcy1jb3Jhem9uZXMtMjAyNS1JbnN0aXR1dG8tQWxlbWFuLWRlLVB1ZXJ0by1Nb250dF8wMDkyX0RTQ18wMjQ1LmpwZyIsInNsaWRlc2hvdyI6IjkzZjNlY2UifQ%3D%3D\" href='https:\/\/ialeman.cl\/wp-content\/uploads\/2025\/12\/ceremonia-de-los-corazones-2025-Instituto-Aleman-de-Puerto-Montt_0092_DSC_0245.jpg'><img loading=\"lazy\" decoding=\"async\" width=\"1200\" height=\"801\" src=\"https:\/\/ialeman.cl\/wp-content\/uploads\/2025\/12\/ceremonia-de-los-corazones-2025-Instituto-Aleman-de-Puerto-Montt_0092_DSC_0245.jpg\" class=\"attachment-full size-full\" alt=\"\" srcset=\"https:\/\/ialeman.cl\/wp-content\/uploads\/2025\/12\/ceremonia-de-los-corazones-2025-Instituto-Aleman-de-Puerto-Montt_0092_DSC_0245.jpg 1200w, https:\/\/ialeman.cl\/wp-content\/uploads\/2025\/12\/ceremonia-de-los-corazones-2025-Instituto-Aleman-de-Puerto-Montt_0092_DSC_0245-300x200.jpg 300w, https:\/\/ialeman.cl\/wp-content\/uploads\/2025\/12\/ceremonia-de-los-corazones-2025-Instituto-Aleman-de-Puerto-Montt_0092_DSC_0245-1024x684.jpg 1024w, https:\/\/ialeman.cl\/wp-content\/uploads\/2025\/12\/ceremonia-de-los-corazones-2025-Instituto-Aleman-de-Puerto-Montt_0092_DSC_0245-768x513.jpg 768w\" sizes=\"(max-width: 1200px) 100vw, 1200px\" \/><\/a>\n\t\t\t<\/div><\/figure><figure class='gallery-item'>\n\t\t\t<div class='gallery-icon landscape'>\n\t\t\t\t<a data-elementor-open-lightbox=\"yes\" data-elementor-lightbox-slideshow=\"93f3ece\" data-elementor-lightbox-title=\"ceremonia de los corazones 2025 Instituto Alem\u00e1n de Puerto Montt_0093_DSC_0221\" data-e-action-hash=\"#elementor-action%3Aaction%3Dlightbox%26settings%3DeyJpZCI6NTIwMDAsInVybCI6Imh0dHBzOlwvXC9pYWxlbWFuLmNsXC93cC1jb250ZW50XC91cGxvYWRzXC8yMDI1XC8xMlwvY2VyZW1vbmlhLWRlLWxvcy1jb3Jhem9uZXMtMjAyNS1JbnN0aXR1dG8tQWxlbWFuLWRlLVB1ZXJ0by1Nb250dF8wMDkzX0RTQ18wMjIxLmpwZyIsInNsaWRlc2hvdyI6IjkzZjNlY2UifQ%3D%3D\" href='https:\/\/ialeman.cl\/wp-content\/uploads\/2025\/12\/ceremonia-de-los-corazones-2025-Instituto-Aleman-de-Puerto-Montt_0093_DSC_0221.jpg'><img loading=\"lazy\" decoding=\"async\" width=\"1200\" height=\"801\" src=\"https:\/\/ialeman.cl\/wp-content\/uploads\/2025\/12\/ceremonia-de-los-corazones-2025-Instituto-Aleman-de-Puerto-Montt_0093_DSC_0221.jpg\" class=\"attachment-full size-full\" alt=\"\" srcset=\"https:\/\/ialeman.cl\/wp-content\/uploads\/2025\/12\/ceremonia-de-los-corazones-2025-Instituto-Aleman-de-Puerto-Montt_0093_DSC_0221.jpg 1200w, https:\/\/ialeman.cl\/wp-content\/uploads\/2025\/12\/ceremonia-de-los-corazones-2025-Instituto-Aleman-de-Puerto-Montt_0093_DSC_0221-300x200.jpg 300w, https:\/\/ialeman.cl\/wp-content\/uploads\/2025\/12\/ceremonia-de-los-corazones-2025-Instituto-Aleman-de-Puerto-Montt_0093_DSC_0221-1024x684.jpg 1024w, https:\/\/ialeman.cl\/wp-content\/uploads\/2025\/12\/ceremonia-de-los-corazones-2025-Instituto-Aleman-de-Puerto-Montt_0093_DSC_0221-768x513.jpg 768w\" sizes=\"(max-width: 1200px) 100vw, 1200px\" \/><\/a>\n\t\t\t<\/div><\/figure><figure class='gallery-item'>\n\t\t\t<div class='gallery-icon landscape'>\n\t\t\t\t<a data-elementor-open-lightbox=\"yes\" data-elementor-lightbox-slideshow=\"93f3ece\" data-elementor-lightbox-title=\"ceremonia de los corazones 2025 Instituto Alem\u00e1n de Puerto Montt_0094_DSC_0210\" data-e-action-hash=\"#elementor-action%3Aaction%3Dlightbox%26settings%3DeyJpZCI6NTIwMDEsInVybCI6Imh0dHBzOlwvXC9pYWxlbWFuLmNsXC93cC1jb250ZW50XC91cGxvYWRzXC8yMDI1XC8xMlwvY2VyZW1vbmlhLWRlLWxvcy1jb3Jhem9uZXMtMjAyNS1JbnN0aXR1dG8tQWxlbWFuLWRlLVB1ZXJ0by1Nb250dF8wMDk0X0RTQ18wMjEwLmpwZyIsInNsaWRlc2hvdyI6IjkzZjNlY2UifQ%3D%3D\" href='https:\/\/ialeman.cl\/wp-content\/uploads\/2025\/12\/ceremonia-de-los-corazones-2025-Instituto-Aleman-de-Puerto-Montt_0094_DSC_0210.jpg'><img loading=\"lazy\" decoding=\"async\" width=\"1200\" height=\"801\" src=\"https:\/\/ialeman.cl\/wp-content\/uploads\/2025\/12\/ceremonia-de-los-corazones-2025-Instituto-Aleman-de-Puerto-Montt_0094_DSC_0210.jpg\" class=\"attachment-full size-full\" alt=\"\" srcset=\"https:\/\/ialeman.cl\/wp-content\/uploads\/2025\/12\/ceremonia-de-los-corazones-2025-Instituto-Aleman-de-Puerto-Montt_0094_DSC_0210.jpg 1200w, https:\/\/ialeman.cl\/wp-content\/uploads\/2025\/12\/ceremonia-de-los-corazones-2025-Instituto-Aleman-de-Puerto-Montt_0094_DSC_0210-300x200.jpg 300w, https:\/\/ialeman.cl\/wp-content\/uploads\/2025\/12\/ceremonia-de-los-corazones-2025-Instituto-Aleman-de-Puerto-Montt_0094_DSC_0210-1024x684.jpg 1024w, https:\/\/ialeman.cl\/wp-content\/uploads\/2025\/12\/ceremonia-de-los-corazones-2025-Instituto-Aleman-de-Puerto-Montt_0094_DSC_0210-768x513.jpg 768w\" sizes=\"(max-width: 1200px) 100vw, 1200px\" \/><\/a>\n\t\t\t<\/div><\/figure><figure class='gallery-item'>\n\t\t\t<div class='gallery-icon landscape'>\n\t\t\t\t<a data-elementor-open-lightbox=\"yes\" data-elementor-lightbox-slideshow=\"93f3ece\" data-elementor-lightbox-title=\"ceremonia de los corazones 2025 Instituto Alem\u00e1n de Puerto Montt_0095_DSC_0186\" data-e-action-hash=\"#elementor-action%3Aaction%3Dlightbox%26settings%3DeyJpZCI6NTIwMDIsInVybCI6Imh0dHBzOlwvXC9pYWxlbWFuLmNsXC93cC1jb250ZW50XC91cGxvYWRzXC8yMDI1XC8xMlwvY2VyZW1vbmlhLWRlLWxvcy1jb3Jhem9uZXMtMjAyNS1JbnN0aXR1dG8tQWxlbWFuLWRlLVB1ZXJ0by1Nb250dF8wMDk1X0RTQ18wMTg2LmpwZyIsInNsaWRlc2hvdyI6IjkzZjNlY2UifQ%3D%3D\" href='https:\/\/ialeman.cl\/wp-content\/uploads\/2025\/12\/ceremonia-de-los-corazones-2025-Instituto-Aleman-de-Puerto-Montt_0095_DSC_0186.jpg'><img loading=\"lazy\" decoding=\"async\" width=\"1200\" height=\"801\" src=\"https:\/\/ialeman.cl\/wp-content\/uploads\/2025\/12\/ceremonia-de-los-corazones-2025-Instituto-Aleman-de-Puerto-Montt_0095_DSC_0186.jpg\" class=\"attachment-full size-full\" alt=\"\" srcset=\"https:\/\/ialeman.cl\/wp-content\/uploads\/2025\/12\/ceremonia-de-los-corazones-2025-Instituto-Aleman-de-Puerto-Montt_0095_DSC_0186.jpg 1200w, https:\/\/ialeman.cl\/wp-content\/uploads\/2025\/12\/ceremonia-de-los-corazones-2025-Instituto-Aleman-de-Puerto-Montt_0095_DSC_0186-300x200.jpg 300w, https:\/\/ialeman.cl\/wp-content\/uploads\/2025\/12\/ceremonia-de-los-corazones-2025-Instituto-Aleman-de-Puerto-Montt_0095_DSC_0186-1024x684.jpg 1024w, https:\/\/ialeman.cl\/wp-content\/uploads\/2025\/12\/ceremonia-de-los-corazones-2025-Instituto-Aleman-de-Puerto-Montt_0095_DSC_0186-768x513.jpg 768w\" sizes=\"(max-width: 1200px) 100vw, 1200px\" \/><\/a>\n\t\t\t<\/div><\/figure><figure class='gallery-item'>\n\t\t\t<div class='gallery-icon landscape'>\n\t\t\t\t<a data-elementor-open-lightbox=\"yes\" data-elementor-lightbox-slideshow=\"93f3ece\" data-elementor-lightbox-title=\"ceremonia de los corazones 2025 Instituto Alem\u00e1n de Puerto Montt_0096_DSC_0183\" data-e-action-hash=\"#elementor-action%3Aaction%3Dlightbox%26settings%3DeyJpZCI6NTIwMDMsInVybCI6Imh0dHBzOlwvXC9pYWxlbWFuLmNsXC93cC1jb250ZW50XC91cGxvYWRzXC8yMDI1XC8xMlwvY2VyZW1vbmlhLWRlLWxvcy1jb3Jhem9uZXMtMjAyNS1JbnN0aXR1dG8tQWxlbWFuLWRlLVB1ZXJ0by1Nb250dF8wMDk2X0RTQ18wMTgzLmpwZyIsInNsaWRlc2hvdyI6IjkzZjNlY2UifQ%3D%3D\" href='https:\/\/ialeman.cl\/wp-content\/uploads\/2025\/12\/ceremonia-de-los-corazones-2025-Instituto-Aleman-de-Puerto-Montt_0096_DSC_0183.jpg'><img loading=\"lazy\" decoding=\"async\" width=\"1200\" height=\"801\" src=\"https:\/\/ialeman.cl\/wp-content\/uploads\/2025\/12\/ceremonia-de-los-corazones-2025-Instituto-Aleman-de-Puerto-Montt_0096_DSC_0183.jpg\" class=\"attachment-full size-full\" alt=\"\" srcset=\"https:\/\/ialeman.cl\/wp-content\/uploads\/2025\/12\/ceremonia-de-los-corazones-2025-Instituto-Aleman-de-Puerto-Montt_0096_DSC_0183.jpg 1200w, https:\/\/ialeman.cl\/wp-content\/uploads\/2025\/12\/ceremonia-de-los-corazones-2025-Instituto-Aleman-de-Puerto-Montt_0096_DSC_0183-300x200.jpg 300w, https:\/\/ialeman.cl\/wp-content\/uploads\/2025\/12\/ceremonia-de-los-corazones-2025-Instituto-Aleman-de-Puerto-Montt_0096_DSC_0183-1024x684.jpg 1024w, https:\/\/ialeman.cl\/wp-content\/uploads\/2025\/12\/ceremonia-de-los-corazones-2025-Instituto-Aleman-de-Puerto-Montt_0096_DSC_0183-768x513.jpg 768w\" sizes=\"(max-width: 1200px) 100vw, 1200px\" \/><\/a>\n\t\t\t<\/div><\/figure><figure class='gallery-item'>\n\t\t\t<div class='gallery-icon landscape'>\n\t\t\t\t<a data-elementor-open-lightbox=\"yes\" data-elementor-lightbox-slideshow=\"93f3ece\" data-elementor-lightbox-title=\"ceremonia de los corazones 2025 Instituto Alem\u00e1n de Puerto Montt_0097_DSC_0162\" data-e-action-hash=\"#elementor-action%3Aaction%3Dlightbox%26settings%3DeyJpZCI6NTIwMDQsInVybCI6Imh0dHBzOlwvXC9pYWxlbWFuLmNsXC93cC1jb250ZW50XC91cGxvYWRzXC8yMDI1XC8xMlwvY2VyZW1vbmlhLWRlLWxvcy1jb3Jhem9uZXMtMjAyNS1JbnN0aXR1dG8tQWxlbWFuLWRlLVB1ZXJ0by1Nb250dF8wMDk3X0RTQ18wMTYyLmpwZyIsInNsaWRlc2hvdyI6IjkzZjNlY2UifQ%3D%3D\" href='https:\/\/ialeman.cl\/wp-content\/uploads\/2025\/12\/ceremonia-de-los-corazones-2025-Instituto-Aleman-de-Puerto-Montt_0097_DSC_0162.jpg'><img loading=\"lazy\" decoding=\"async\" width=\"1200\" height=\"801\" src=\"https:\/\/ialeman.cl\/wp-content\/uploads\/2025\/12\/ceremonia-de-los-corazones-2025-Instituto-Aleman-de-Puerto-Montt_0097_DSC_0162.jpg\" class=\"attachment-full size-full\" alt=\"\" srcset=\"https:\/\/ialeman.cl\/wp-content\/uploads\/2025\/12\/ceremonia-de-los-corazones-2025-Instituto-Aleman-de-Puerto-Montt_0097_DSC_0162.jpg 1200w, https:\/\/ialeman.cl\/wp-content\/uploads\/2025\/12\/ceremonia-de-los-corazones-2025-Instituto-Aleman-de-Puerto-Montt_0097_DSC_0162-300x200.jpg 300w, https:\/\/ialeman.cl\/wp-content\/uploads\/2025\/12\/ceremonia-de-los-corazones-2025-Instituto-Aleman-de-Puerto-Montt_0097_DSC_0162-1024x684.jpg 1024w, https:\/\/ialeman.cl\/wp-content\/uploads\/2025\/12\/ceremonia-de-los-corazones-2025-Instituto-Aleman-de-Puerto-Montt_0097_DSC_0162-768x513.jpg 768w\" sizes=\"(max-width: 1200px) 100vw, 1200px\" \/><\/a>\n\t\t\t<\/div><\/figure><figure class='gallery-item'>\n\t\t\t<div class='gallery-icon landscape'>\n\t\t\t\t<a data-elementor-open-lightbox=\"yes\" data-elementor-lightbox-slideshow=\"93f3ece\" data-elementor-lightbox-title=\"ceremonia de los corazones 2025 Instituto Alem\u00e1n de Puerto Montt_0099_DSC_0158\" data-e-action-hash=\"#elementor-action%3Aaction%3Dlightbox%26settings%3DeyJpZCI6NTIwMDYsInVybCI6Imh0dHBzOlwvXC9pYWxlbWFuLmNsXC93cC1jb250ZW50XC91cGxvYWRzXC8yMDI1XC8xMlwvY2VyZW1vbmlhLWRlLWxvcy1jb3Jhem9uZXMtMjAyNS1JbnN0aXR1dG8tQWxlbWFuLWRlLVB1ZXJ0by1Nb250dF8wMDk5X0RTQ18wMTU4LmpwZyIsInNsaWRlc2hvdyI6IjkzZjNlY2UifQ%3D%3D\" href='https:\/\/ialeman.cl\/wp-content\/uploads\/2025\/12\/ceremonia-de-los-corazones-2025-Instituto-Aleman-de-Puerto-Montt_0099_DSC_0158.jpg'><img loading=\"lazy\" decoding=\"async\" width=\"1200\" height=\"801\" src=\"https:\/\/ialeman.cl\/wp-content\/uploads\/2025\/12\/ceremonia-de-los-corazones-2025-Instituto-Aleman-de-Puerto-Montt_0099_DSC_0158.jpg\" class=\"attachment-full size-full\" alt=\"\" srcset=\"https:\/\/ialeman.cl\/wp-content\/uploads\/2025\/12\/ceremonia-de-los-corazones-2025-Instituto-Aleman-de-Puerto-Montt_0099_DSC_0158.jpg 1200w, https:\/\/ialeman.cl\/wp-content\/uploads\/2025\/12\/ceremonia-de-los-corazones-2025-Instituto-Aleman-de-Puerto-Montt_0099_DSC_0158-300x200.jpg 300w, https:\/\/ialeman.cl\/wp-content\/uploads\/2025\/12\/ceremonia-de-los-corazones-2025-Instituto-Aleman-de-Puerto-Montt_0099_DSC_0158-1024x684.jpg 1024w, https:\/\/ialeman.cl\/wp-content\/uploads\/2025\/12\/ceremonia-de-los-corazones-2025-Instituto-Aleman-de-Puerto-Montt_0099_DSC_0158-768x513.jpg 768w\" sizes=\"(max-width: 1200px) 100vw, 1200px\" \/><\/a>\n\t\t\t<\/div><\/figure><figure class='gallery-item'>\n\t\t\t<div class='gallery-icon landscape'>\n\t\t\t\t<a data-elementor-open-lightbox=\"yes\" data-elementor-lightbox-slideshow=\"93f3ece\" data-elementor-lightbox-title=\"ceremonia de los corazones 2025 Instituto Alem\u00e1n de Puerto Montt_0100_DSC_0136\" data-e-action-hash=\"#elementor-action%3Aaction%3Dlightbox%26settings%3DeyJpZCI6NTIwMDcsInVybCI6Imh0dHBzOlwvXC9pYWxlbWFuLmNsXC93cC1jb250ZW50XC91cGxvYWRzXC8yMDI1XC8xMlwvY2VyZW1vbmlhLWRlLWxvcy1jb3Jhem9uZXMtMjAyNS1JbnN0aXR1dG8tQWxlbWFuLWRlLVB1ZXJ0by1Nb250dF8wMTAwX0RTQ18wMTM2LmpwZyIsInNsaWRlc2hvdyI6IjkzZjNlY2UifQ%3D%3D\" href='https:\/\/ialeman.cl\/wp-content\/uploads\/2025\/12\/ceremonia-de-los-corazones-2025-Instituto-Aleman-de-Puerto-Montt_0100_DSC_0136.jpg'><img loading=\"lazy\" decoding=\"async\" width=\"1200\" height=\"801\" src=\"https:\/\/ialeman.cl\/wp-content\/uploads\/2025\/12\/ceremonia-de-los-corazones-2025-Instituto-Aleman-de-Puerto-Montt_0100_DSC_0136.jpg\" class=\"attachment-full size-full\" alt=\"\" srcset=\"https:\/\/ialeman.cl\/wp-content\/uploads\/2025\/12\/ceremonia-de-los-corazones-2025-Instituto-Aleman-de-Puerto-Montt_0100_DSC_0136.jpg 1200w, https:\/\/ialeman.cl\/wp-content\/uploads\/2025\/12\/ceremonia-de-los-corazones-2025-Instituto-Aleman-de-Puerto-Montt_0100_DSC_0136-300x200.jpg 300w, https:\/\/ialeman.cl\/wp-content\/uploads\/2025\/12\/ceremonia-de-los-corazones-2025-Instituto-Aleman-de-Puerto-Montt_0100_DSC_0136-1024x684.jpg 1024w, https:\/\/ialeman.cl\/wp-content\/uploads\/2025\/12\/ceremonia-de-los-corazones-2025-Instituto-Aleman-de-Puerto-Montt_0100_DSC_0136-768x513.jpg 768w\" sizes=\"(max-width: 1200px) 100vw, 1200px\" \/><\/a>\n\t\t\t<\/div><\/figure><figure class='gallery-item'>\n\t\t\t<div class='gallery-icon landscape'>\n\t\t\t\t<a data-elementor-open-lightbox=\"yes\" data-elementor-lightbox-slideshow=\"93f3ece\" data-elementor-lightbox-title=\"ceremonia de los corazones 2025 Instituto Alem\u00e1n de Puerto Montt_0101_DSC_0099\" data-e-action-hash=\"#elementor-action%3Aaction%3Dlightbox%26settings%3DeyJpZCI6NTIwMDgsInVybCI6Imh0dHBzOlwvXC9pYWxlbWFuLmNsXC93cC1jb250ZW50XC91cGxvYWRzXC8yMDI1XC8xMlwvY2VyZW1vbmlhLWRlLWxvcy1jb3Jhem9uZXMtMjAyNS1JbnN0aXR1dG8tQWxlbWFuLWRlLVB1ZXJ0by1Nb250dF8wMTAxX0RTQ18wMDk5LmpwZyIsInNsaWRlc2hvdyI6IjkzZjNlY2UifQ%3D%3D\" href='https:\/\/ialeman.cl\/wp-content\/uploads\/2025\/12\/ceremonia-de-los-corazones-2025-Instituto-Aleman-de-Puerto-Montt_0101_DSC_0099.jpg'><img loading=\"lazy\" decoding=\"async\" width=\"1200\" height=\"801\" src=\"https:\/\/ialeman.cl\/wp-content\/uploads\/2025\/12\/ceremonia-de-los-corazones-2025-Instituto-Aleman-de-Puerto-Montt_0101_DSC_0099.jpg\" class=\"attachment-full size-full\" alt=\"\" srcset=\"https:\/\/ialeman.cl\/wp-content\/uploads\/2025\/12\/ceremonia-de-los-corazones-2025-Instituto-Aleman-de-Puerto-Montt_0101_DSC_0099.jpg 1200w, https:\/\/ialeman.cl\/wp-content\/uploads\/2025\/12\/ceremonia-de-los-corazones-2025-Instituto-Aleman-de-Puerto-Montt_0101_DSC_0099-300x200.jpg 300w, https:\/\/ialeman.cl\/wp-content\/uploads\/2025\/12\/ceremonia-de-los-corazones-2025-Instituto-Aleman-de-Puerto-Montt_0101_DSC_0099-1024x684.jpg 1024w, https:\/\/ialeman.cl\/wp-content\/uploads\/2025\/12\/ceremonia-de-los-corazones-2025-Instituto-Aleman-de-Puerto-Montt_0101_DSC_0099-768x513.jpg 768w\" sizes=\"(max-width: 1200px) 100vw, 1200px\" \/><\/a>\n\t\t\t<\/div><\/figure><figure class='gallery-item'>\n\t\t\t<div class='gallery-icon landscape'>\n\t\t\t\t<a data-elementor-open-lightbox=\"yes\" data-elementor-lightbox-slideshow=\"93f3ece\" data-elementor-lightbox-title=\"ceremonia de los corazones 2025 Instituto Alem\u00e1n de Puerto Montt_0102_DSC_0077\" data-e-action-hash=\"#elementor-action%3Aaction%3Dlightbox%26settings%3DeyJpZCI6NTIwMDksInVybCI6Imh0dHBzOlwvXC9pYWxlbWFuLmNsXC93cC1jb250ZW50XC91cGxvYWRzXC8yMDI1XC8xMlwvY2VyZW1vbmlhLWRlLWxvcy1jb3Jhem9uZXMtMjAyNS1JbnN0aXR1dG8tQWxlbWFuLWRlLVB1ZXJ0by1Nb250dF8wMTAyX0RTQ18wMDc3LmpwZyIsInNsaWRlc2hvdyI6IjkzZjNlY2UifQ%3D%3D\" href='https:\/\/ialeman.cl\/wp-content\/uploads\/2025\/12\/ceremonia-de-los-corazones-2025-Instituto-Aleman-de-Puerto-Montt_0102_DSC_0077.jpg'><img loading=\"lazy\" decoding=\"async\" width=\"1200\" height=\"801\" src=\"https:\/\/ialeman.cl\/wp-content\/uploads\/2025\/12\/ceremonia-de-los-corazones-2025-Instituto-Aleman-de-Puerto-Montt_0102_DSC_0077.jpg\" class=\"attachment-full size-full\" alt=\"\" srcset=\"https:\/\/ialeman.cl\/wp-content\/uploads\/2025\/12\/ceremonia-de-los-corazones-2025-Instituto-Aleman-de-Puerto-Montt_0102_DSC_0077.jpg 1200w, https:\/\/ialeman.cl\/wp-content\/uploads\/2025\/12\/ceremonia-de-los-corazones-2025-Instituto-Aleman-de-Puerto-Montt_0102_DSC_0077-300x200.jpg 300w, https:\/\/ialeman.cl\/wp-content\/uploads\/2025\/12\/ceremonia-de-los-corazones-2025-Instituto-Aleman-de-Puerto-Montt_0102_DSC_0077-1024x684.jpg 1024w, https:\/\/ialeman.cl\/wp-content\/uploads\/2025\/12\/ceremonia-de-los-corazones-2025-Instituto-Aleman-de-Puerto-Montt_0102_DSC_0077-768x513.jpg 768w\" sizes=\"(max-width: 1200px) 100vw, 1200px\" \/><\/a>\n\t\t\t<\/div><\/figure><figure class='gallery-item'>\n\t\t\t<div class='gallery-icon landscape'>\n\t\t\t\t<a data-elementor-open-lightbox=\"yes\" data-elementor-lightbox-slideshow=\"93f3ece\" data-elementor-lightbox-title=\"ceremonia de los corazones 2025 Instituto Alem\u00e1n de Puerto Montt_0104_DSC_0041\" data-e-action-hash=\"#elementor-action%3Aaction%3Dlightbox%26settings%3DeyJpZCI6NTIwMTEsInVybCI6Imh0dHBzOlwvXC9pYWxlbWFuLmNsXC93cC1jb250ZW50XC91cGxvYWRzXC8yMDI1XC8xMlwvY2VyZW1vbmlhLWRlLWxvcy1jb3Jhem9uZXMtMjAyNS1JbnN0aXR1dG8tQWxlbWFuLWRlLVB1ZXJ0by1Nb250dF8wMTA0X0RTQ18wMDQxLmpwZyIsInNsaWRlc2hvdyI6IjkzZjNlY2UifQ%3D%3D\" href='https:\/\/ialeman.cl\/wp-content\/uploads\/2025\/12\/ceremonia-de-los-corazones-2025-Instituto-Aleman-de-Puerto-Montt_0104_DSC_0041.jpg'><img loading=\"lazy\" decoding=\"async\" width=\"1200\" height=\"801\" src=\"https:\/\/ialeman.cl\/wp-content\/uploads\/2025\/12\/ceremonia-de-los-corazones-2025-Instituto-Aleman-de-Puerto-Montt_0104_DSC_0041.jpg\" class=\"attachment-full size-full\" alt=\"\" srcset=\"https:\/\/ialeman.cl\/wp-content\/uploads\/2025\/12\/ceremonia-de-los-corazones-2025-Instituto-Aleman-de-Puerto-Montt_0104_DSC_0041.jpg 1200w, https:\/\/ialeman.cl\/wp-content\/uploads\/2025\/12\/ceremonia-de-los-corazones-2025-Instituto-Aleman-de-Puerto-Montt_0104_DSC_0041-300x200.jpg 300w, https:\/\/ialeman.cl\/wp-content\/uploads\/2025\/12\/ceremonia-de-los-corazones-2025-Instituto-Aleman-de-Puerto-Montt_0104_DSC_0041-1024x684.jpg 1024w, https:\/\/ialeman.cl\/wp-content\/uploads\/2025\/12\/ceremonia-de-los-corazones-2025-Instituto-Aleman-de-Puerto-Montt_0104_DSC_0041-768x513.jpg 768w\" sizes=\"(max-width: 1200px) 100vw, 1200px\" \/><\/a>\n\t\t\t<\/div><\/figure><figure class='gallery-item'>\n\t\t\t<div class='gallery-icon landscape'>\n\t\t\t\t<a data-elementor-open-lightbox=\"yes\" data-elementor-lightbox-slideshow=\"93f3ece\" data-elementor-lightbox-title=\"ceremonia de los corazones 2025 Instituto Alem\u00e1n de Puerto Montt_0105_DSC_0026\" data-e-action-hash=\"#elementor-action%3Aaction%3Dlightbox%26settings%3DeyJpZCI6NTIwMTIsInVybCI6Imh0dHBzOlwvXC9pYWxlbWFuLmNsXC93cC1jb250ZW50XC91cGxvYWRzXC8yMDI1XC8xMlwvY2VyZW1vbmlhLWRlLWxvcy1jb3Jhem9uZXMtMjAyNS1JbnN0aXR1dG8tQWxlbWFuLWRlLVB1ZXJ0by1Nb250dF8wMTA1X0RTQ18wMDI2LmpwZyIsInNsaWRlc2hvdyI6IjkzZjNlY2UifQ%3D%3D\" href='https:\/\/ialeman.cl\/wp-content\/uploads\/2025\/12\/ceremonia-de-los-corazones-2025-Instituto-Aleman-de-Puerto-Montt_0105_DSC_0026.jpg'><img loading=\"lazy\" decoding=\"async\" width=\"1200\" height=\"801\" src=\"https:\/\/ialeman.cl\/wp-content\/uploads\/2025\/12\/ceremonia-de-los-corazones-2025-Instituto-Aleman-de-Puerto-Montt_0105_DSC_0026.jpg\" class=\"attachment-full size-full\" alt=\"\" srcset=\"https:\/\/ialeman.cl\/wp-content\/uploads\/2025\/12\/ceremonia-de-los-corazones-2025-Instituto-Aleman-de-Puerto-Montt_0105_DSC_0026.jpg 1200w, https:\/\/ialeman.cl\/wp-content\/uploads\/2025\/12\/ceremonia-de-los-corazones-2025-Instituto-Aleman-de-Puerto-Montt_0105_DSC_0026-300x200.jpg 300w, https:\/\/ialeman.cl\/wp-content\/uploads\/2025\/12\/ceremonia-de-los-corazones-2025-Instituto-Aleman-de-Puerto-Montt_0105_DSC_0026-1024x684.jpg 1024w, https:\/\/ialeman.cl\/wp-content\/uploads\/2025\/12\/ceremonia-de-los-corazones-2025-Instituto-Aleman-de-Puerto-Montt_0105_DSC_0026-768x513.jpg 768w\" sizes=\"(max-width: 1200px) 100vw, 1200px\" \/><\/a>\n\t\t\t<\/div><\/figure><figure class='gallery-item'>\n\t\t\t<div class='gallery-icon landscape'>\n\t\t\t\t<a data-elementor-open-lightbox=\"yes\" data-elementor-lightbox-slideshow=\"93f3ece\" data-elementor-lightbox-title=\"ceremonia de los corazones 2025 Instituto Alem\u00e1n de Puerto Montt_0107_DSC_0021\" data-e-action-hash=\"#elementor-action%3Aaction%3Dlightbox%26settings%3DeyJpZCI6NTIwMTQsInVybCI6Imh0dHBzOlwvXC9pYWxlbWFuLmNsXC93cC1jb250ZW50XC91cGxvYWRzXC8yMDI1XC8xMlwvY2VyZW1vbmlhLWRlLWxvcy1jb3Jhem9uZXMtMjAyNS1JbnN0aXR1dG8tQWxlbWFuLWRlLVB1ZXJ0by1Nb250dF8wMTA3X0RTQ18wMDIxLmpwZyIsInNsaWRlc2hvdyI6IjkzZjNlY2UifQ%3D%3D\" href='https:\/\/ialeman.cl\/wp-content\/uploads\/2025\/12\/ceremonia-de-los-corazones-2025-Instituto-Aleman-de-Puerto-Montt_0107_DSC_0021.jpg'><img loading=\"lazy\" decoding=\"async\" width=\"1200\" height=\"801\" src=\"https:\/\/ialeman.cl\/wp-content\/uploads\/2025\/12\/ceremonia-de-los-corazones-2025-Instituto-Aleman-de-Puerto-Montt_0107_DSC_0021.jpg\" class=\"attachment-full size-full\" alt=\"\" srcset=\"https:\/\/ialeman.cl\/wp-content\/uploads\/2025\/12\/ceremonia-de-los-corazones-2025-Instituto-Aleman-de-Puerto-Montt_0107_DSC_0021.jpg 1200w, https:\/\/ialeman.cl\/wp-content\/uploads\/2025\/12\/ceremonia-de-los-corazones-2025-Instituto-Aleman-de-Puerto-Montt_0107_DSC_0021-300x200.jpg 300w, https:\/\/ialeman.cl\/wp-content\/uploads\/2025\/12\/ceremonia-de-los-corazones-2025-Instituto-Aleman-de-Puerto-Montt_0107_DSC_0021-1024x684.jpg 1024w, https:\/\/ialeman.cl\/wp-content\/uploads\/2025\/12\/ceremonia-de-los-corazones-2025-Instituto-Aleman-de-Puerto-Montt_0107_DSC_0021-768x513.jpg 768w\" sizes=\"(max-width: 1200px) 100vw, 1200px\" \/><\/a>\n\t\t\t<\/div><\/figure><figure class='gallery-item'>\n\t\t\t<div class='gallery-icon landscape'>\n\t\t\t\t<a data-elementor-open-lightbox=\"yes\" data-elementor-lightbox-slideshow=\"93f3ece\" data-elementor-lightbox-title=\"ceremonia de los corazones 2025 Instituto Alem\u00e1n de Puerto Montt_0108_DSC_0016\" data-e-action-hash=\"#elementor-action%3Aaction%3Dlightbox%26settings%3DeyJpZCI6NTIwMTUsInVybCI6Imh0dHBzOlwvXC9pYWxlbWFuLmNsXC93cC1jb250ZW50XC91cGxvYWRzXC8yMDI1XC8xMlwvY2VyZW1vbmlhLWRlLWxvcy1jb3Jhem9uZXMtMjAyNS1JbnN0aXR1dG8tQWxlbWFuLWRlLVB1ZXJ0by1Nb250dF8wMTA4X0RTQ18wMDE2LmpwZyIsInNsaWRlc2hvdyI6IjkzZjNlY2UifQ%3D%3D\" href='https:\/\/ialeman.cl\/wp-content\/uploads\/2025\/12\/ceremonia-de-los-corazones-2025-Instituto-Aleman-de-Puerto-Montt_0108_DSC_0016.jpg'><img loading=\"lazy\" decoding=\"async\" width=\"1200\" height=\"801\" src=\"https:\/\/ialeman.cl\/wp-content\/uploads\/2025\/12\/ceremonia-de-los-corazones-2025-Instituto-Aleman-de-Puerto-Montt_0108_DSC_0016.jpg\" class=\"attachment-full size-full\" alt=\"\" srcset=\"https:\/\/ialeman.cl\/wp-content\/uploads\/2025\/12\/ceremonia-de-los-corazones-2025-Instituto-Aleman-de-Puerto-Montt_0108_DSC_0016.jpg 1200w, https:\/\/ialeman.cl\/wp-content\/uploads\/2025\/12\/ceremonia-de-los-corazones-2025-Instituto-Aleman-de-Puerto-Montt_0108_DSC_0016-300x200.jpg 300w, https:\/\/ialeman.cl\/wp-content\/uploads\/2025\/12\/ceremonia-de-los-corazones-2025-Instituto-Aleman-de-Puerto-Montt_0108_DSC_0016-1024x684.jpg 1024w, https:\/\/ialeman.cl\/wp-content\/uploads\/2025\/12\/ceremonia-de-los-corazones-2025-Instituto-Aleman-de-Puerto-Montt_0108_DSC_0016-768x513.jpg 768w\" sizes=\"(max-width: 1200px) 100vw, 1200px\" \/><\/a>\n\t\t\t<\/div><\/figure><figure class='gallery-item'>\n\t\t\t<div class='gallery-icon landscape'>\n\t\t\t\t<a data-elementor-open-lightbox=\"yes\" data-elementor-lightbox-slideshow=\"93f3ece\" data-elementor-lightbox-title=\"ceremonia de los corazones 2025 Instituto Alem\u00e1n de Puerto Montt_0110_Niveles 12\" data-e-action-hash=\"#elementor-action%3Aaction%3Dlightbox%26settings%3DeyJpZCI6NTIwMTcsInVybCI6Imh0dHBzOlwvXC9pYWxlbWFuLmNsXC93cC1jb250ZW50XC91cGxvYWRzXC8yMDI1XC8xMlwvY2VyZW1vbmlhLWRlLWxvcy1jb3Jhem9uZXMtMjAyNS1JbnN0aXR1dG8tQWxlbWFuLWRlLVB1ZXJ0by1Nb250dF8wMTEwX05pdmVsZXMtMTIuanBnIiwic2xpZGVzaG93IjoiOTNmM2VjZSJ9\" href='https:\/\/ialeman.cl\/wp-content\/uploads\/2025\/12\/ceremonia-de-los-corazones-2025-Instituto-Aleman-de-Puerto-Montt_0110_Niveles-12.jpg'><img loading=\"lazy\" decoding=\"async\" width=\"1200\" height=\"801\" src=\"https:\/\/ialeman.cl\/wp-content\/uploads\/2025\/12\/ceremonia-de-los-corazones-2025-Instituto-Aleman-de-Puerto-Montt_0110_Niveles-12.jpg\" class=\"attachment-full size-full\" alt=\"\" srcset=\"https:\/\/ialeman.cl\/wp-content\/uploads\/2025\/12\/ceremonia-de-los-corazones-2025-Instituto-Aleman-de-Puerto-Montt_0110_Niveles-12.jpg 1200w, https:\/\/ialeman.cl\/wp-content\/uploads\/2025\/12\/ceremonia-de-los-corazones-2025-Instituto-Aleman-de-Puerto-Montt_0110_Niveles-12-300x200.jpg 300w, https:\/\/ialeman.cl\/wp-content\/uploads\/2025\/12\/ceremonia-de-los-corazones-2025-Instituto-Aleman-de-Puerto-Montt_0110_Niveles-12-1024x684.jpg 1024w, https:\/\/ialeman.cl\/wp-content\/uploads\/2025\/12\/ceremonia-de-los-corazones-2025-Instituto-Aleman-de-Puerto-Montt_0110_Niveles-12-768x513.jpg 768w\" sizes=\"(max-width: 1200px) 100vw, 1200px\" \/><\/a>\n\t\t\t<\/div><\/figure>\n\t\t<\/div>\n\t\t<\/div>\n\t\t\t\t\t\t<\/div>\n\t\t\t\t<\/div>\n\t\t\t\t\t<\/div>\n\t\t<\/div>\n\t\t\t\t\t<\/div>\n\t\t<\/section>\n\t\t\t\t<\/div>\n\t\t","protected":false},"excerpt":{"rendered":"<p>Ritual de los Corazones 2025: Estudiantes se despiden de Kinder El Instituto Alem\u00e1n de Puerto Montt celebr\u00f3 el tradicional Ritual de los Corazones junto a los estudiantes y familias de Kinder, instancia que marca el cierre de su etapa en Educaci\u00f3n Inicial. En esta emotiva actividad participaron los tres cursos, Kinder A, B y C, [&hellip;]<\/p>\n","protected":false},"author":6,"featured_media":51900,"comment_status":"closed","ping_status":"","sticky":false,"template":"","format":"standard","meta":{"site-sidebar-layout":"default","site-content-layout":"","ast-site-content-layout":"default","site-content-style":"default","site-sidebar-style":"default","ast-global-header-display":"","ast-banner-title-visibility":"","ast-main-header-display":"","ast-hfb-above-header-display":"","ast-hfb-below-header-display":"","ast-hfb-mobile-header-display":"","site-post-title":"","ast-breadcrumbs-content":"","ast-featured-img":"disabled","footer-sml-layout":"","ast-disable-related-posts":"","theme-transparent-header-meta":"","adv-header-id-meta":"","stick-header-meta":"","header-above-stick-meta":"","header-main-stick-meta":"","header-below-stick-meta":"","astra-migrate-meta-layouts":"set","ast-page-background-enabled":"default","ast-page-background-meta":{"desktop":{"background-color":"var(--ast-global-color-4)","background-image":"","background-repeat":"repeat","background-position":"center center","background-size":"auto","background-attachment":"scroll","background-type":"","background-media":"","overlay-type":"","overlay-color":"","overlay-opacity":"","overlay-gradient":""},"tablet":{"background-color":"","background-image":"","background-repeat":"repeat","background-position":"center center","background-size":"auto","background-attachment":"scroll","background-type":"","background-media":"","overlay-type":"","overlay-color":"","overlay-opacity":"","overlay-gradient":""},"mobile":{"background-color":"","background-image":"","background-repeat":"repeat","background-position":"center center","background-size":"auto","background-attachment":"scroll","background-type":"","background-media":"","overlay-type":"","overlay-color":"","overlay-opacity":"","overlay-gradient":""}},"ast-content-background-meta":{"desktop":{"background-color":"var(--ast-global-color-5)","background-image":"","background-repeat":"repeat","background-position":"center center","background-size":"auto","background-attachment":"scroll","background-type":"","background-media":"","overlay-type":"","overlay-color":"","overlay-opacity":"","overlay-gradient":""},"tablet":{"background-color":"var(--ast-global-color-5)","background-image":"","background-repeat":"repeat","background-position":"center center","background-size":"auto","background-attachment":"scroll","background-type":"","background-media":"","overlay-type":"","overlay-color":"","overlay-opacity":"","overlay-gradient":""},"mobile":{"background-color":"var(--ast-global-color-5)","background-image":"","background-repeat":"repeat","background-position":"center center","background-size":"auto","background-attachment":"scroll","background-type":"","background-media":"","overlay-type":"","overlay-color":"","overlay-opacity":"","overlay-gradient":""}},"advanced_seo_description":"","jetpack_seo_html_title":"","jetpack_seo_noindex":false,"jetpack_seo_schema_type":"","_jetpack_newsletter_access":"","_jetpack_dont_email_post_to_subs":false,"_jetpack_newsletter_tier_id":0,"_jetpack_memberships_contains_paywalled_content":false,"_wpcom_ai_launchpad_first_post":false,"_jetpack_feature_clip_id":0,"_jetpack_memberships_contains_paid_content":false,"footnotes":"","jetpack_post_was_ever_published":false},"categories":[10],"tags":[],"class_list":["post-51898","post","type-post","status-publish","format-standard","has-post-thumbnail","hentry","category-noticias"],"jetpack_shortlink":"https:\/\/wp.me\/ph8I5c-dv4","jetpack_sharing_enabled":true,"jetpack_featured_media_url":"https:\/\/ialeman.cl\/wp-content\/uploads\/2025\/12\/ceremonia-de-los-corazones-2025-Instituto-Aleman-de-Puerto-Montt_0007_DSC_1530.jpg","_links":{"self":[{"href":"https:\/\/ialeman.cl\/index.php\/wp-json\/wp\/v2\/posts\/51898","targetHints":{"allow":["GET"]}}],"collection":[{"href":"https:\/\/ialeman.cl\/index.php\/wp-json\/wp\/v2\/posts"}],"about":[{"href":"https:\/\/ialeman.cl\/index.php\/wp-json\/wp\/v2\/types\/post"}],"author":[{"embeddable":true,"href":"https:\/\/ialeman.cl\/index.php\/wp-json\/wp\/v2\/users\/6"}],"replies":[{"embeddable":true,"href":"https:\/\/ialeman.cl\/index.php\/wp-json\/wp\/v2\/comments?post=51898"}],"version-history":[{"count":13,"href":"https:\/\/ialeman.cl\/index.php\/wp-json\/wp\/v2\/posts\/51898\/revisions"}],"predecessor-version":[{"id":52023,"href":"https:\/\/ialeman.cl\/index.php\/wp-json\/wp\/v2\/posts\/51898\/revisions\/52023"}],"wp:featuredmedia":[{"embeddable":true,"href":"https:\/\/ialeman.cl\/index.php\/wp-json\/wp\/v2\/media\/51900"}],"wp:attachment":[{"href":"https:\/\/ialeman.cl\/index.php\/wp-json\/wp\/v2\/media?parent=51898"}],"wp:term":[{"taxonomy":"category","embeddable":true,"href":"https:\/\/ialeman.cl\/index.php\/wp-json\/wp\/v2\/categories?post=51898"},{"taxonomy":"post_tag","embeddable":true,"href":"https:\/\/ialeman.cl\/index.php\/wp-json\/wp\/v2\/tags?post=51898"}],"curies":[{"name":"wp","href":"https:\/\/api.w.org\/{rel}","templated":true}]}}