{"id":51320,"date":"2025-11-10T13:50:09","date_gmt":"2025-11-10T17:50:09","guid":{"rendered":"https:\/\/ialeman.cl\/?p=51320"},"modified":"2025-11-10T13:54:18","modified_gmt":"2025-11-10T17:54:18","slug":"encuentro-padre-e-hijo-2025","status":"publish","type":"post","link":"https:\/\/ialeman.cl\/index.php\/encuentro-padre-e-hijo-2025\/","title":{"rendered":"Encuentro Padre e Hijo 2025"},"content":{"rendered":"\t\t<div data-elementor-type=\"wp-post\" data-elementor-id=\"51320\" class=\"elementor elementor-51320\">\n\t\t\t\t\t\t<section class=\"elementor-section elementor-top-section elementor-element elementor-element-cd667a2 elementor-section-boxed elementor-section-height-default elementor-section-height-default\" data-id=\"cd667a2\" data-element_type=\"section\" data-e-type=\"section\">\n\t\t\t\t\t\t<div class=\"elementor-container elementor-column-gap-default\">\n\t\t\t\t\t<div class=\"elementor-column elementor-col-100 elementor-top-column elementor-element elementor-element-85d9c67\" data-id=\"85d9c67\" data-element_type=\"column\" data-e-type=\"column\">\n\t\t\t<div class=\"elementor-widget-wrap elementor-element-populated\">\n\t\t\t\t\t\t<div class=\"elementor-element elementor-element-82db1ac elementor-widget elementor-widget-heading\" data-id=\"82db1ac\" data-element_type=\"widget\" data-e-type=\"widget\" data-widget_type=\"heading.default\">\n\t\t\t\t<div class=\"elementor-widget-container\">\n\t\t\t\t\t<h2 class=\"elementor-heading-title elementor-size-default\">Encuentro Padre e Hijo: una jornada para recordar y agradecer\n<\/h2>\t\t\t\t<\/div>\n\t\t\t\t<\/div>\n\t\t\t\t\t<\/div>\n\t\t<\/div>\n\t\t\t\t\t<\/div>\n\t\t<\/section>\n\t\t\t\t<section class=\"elementor-section elementor-top-section elementor-element elementor-element-76ac0fc elementor-section-boxed elementor-section-height-default elementor-section-height-default\" data-id=\"76ac0fc\" data-element_type=\"section\" data-e-type=\"section\">\n\t\t\t\t\t\t<div class=\"elementor-container elementor-column-gap-default\">\n\t\t\t\t\t<div class=\"elementor-column elementor-col-100 elementor-top-column elementor-element elementor-element-ee3ae29\" data-id=\"ee3ae29\" data-element_type=\"column\" data-e-type=\"column\">\n\t\t\t<div class=\"elementor-widget-wrap elementor-element-populated\">\n\t\t\t\t\t\t<div class=\"elementor-element elementor-element-49a392d elementor-widget elementor-widget-heading\" data-id=\"49a392d\" data-element_type=\"widget\" data-e-type=\"widget\" data-widget_type=\"heading.default\">\n\t\t\t\t<div class=\"elementor-widget-container\">\n\t\t\t\t\t<h2 class=\"elementor-heading-title elementor-size-default\">Las familias de IV medio del Instituto Alem\u00e1n de Puerto Montt vivieron una jornada muy especial durante el Encuentro Padre e Hijo, actividad organizada por el equipo de Formaci\u00f3n y Desarrollo Personal que invit\u00f3 a mirar el camino recorrido a lo largo de la etapa escolar.<br><br>\n\nDurante el evento, padres e hijos compartieron momentos de conversaci\u00f3n y reflexi\u00f3n, reviviendo recuerdos significativos a trav\u00e9s de fotograf\u00edas y cartas llenas de afecto. Fue una instancia alegre y emotiva, en la que las palabras, las risas y los sentimientos se convirtieron en el centro del encuentro.<br><br>\n\nEl casino del colegio se llen\u00f3 de emociones y reencuentros, en un ambiente que permiti\u00f3 fortalecer los lazos familiares y cerrar un importante ciclo con gratitud y esperanza, antes de que los j\u00f3venes egresen. Una experiencia que quedar\u00e1 en el coraz\u00f3n de cada familia y que los anima a mirar el futuro con seguridad y confianza.<\/h2>\t\t\t\t<\/div>\n\t\t\t\t<\/div>\n\t\t\t\t\t<\/div>\n\t\t<\/div>\n\t\t\t\t\t<\/div>\n\t\t<\/section>\n\t\t\t\t<section class=\"elementor-section elementor-top-section elementor-element elementor-element-e4f570e elementor-section-boxed elementor-section-height-default elementor-section-height-default\" data-id=\"e4f570e\" data-element_type=\"section\" data-e-type=\"section\">\n\t\t\t\t\t\t<div class=\"elementor-container elementor-column-gap-default\">\n\t\t\t\t\t<div class=\"elementor-column elementor-col-100 elementor-top-column elementor-element elementor-element-c2a0dbf\" data-id=\"c2a0dbf\" data-element_type=\"column\" data-e-type=\"column\">\n\t\t\t<div class=\"elementor-widget-wrap elementor-element-populated\">\n\t\t\t\t\t\t<div class=\"elementor-element elementor-element-72f06cc gallery-spacing-custom elementor-widget elementor-widget-image-gallery\" data-id=\"72f06cc\" data-element_type=\"widget\" data-e-type=\"widget\" data-widget_type=\"image-gallery.default\">\n\t\t\t\t<div class=\"elementor-widget-container\">\n\t\t\t\t\t\t\t<div class=\"elementor-image-gallery\">\n\t\t\t<div id='gallery-1' class='gallery galleryid-51320 gallery-columns-3 gallery-size-full'><figure class='gallery-item'>\n\t\t\t<div class='gallery-icon landscape'>\n\t\t\t\t<a data-elementor-open-lightbox=\"yes\" data-elementor-lightbox-slideshow=\"72f06cc\" data-elementor-lightbox-title=\"Encuentro Padre e Hijo 2025 ialeman puerto montt_0010_DSC_0532\" data-e-action-hash=\"#elementor-action%3Aaction%3Dlightbox%26settings%3DeyJpZCI6NTEzMzYsInVybCI6Imh0dHBzOlwvXC9pYWxlbWFuLmNsXC93cC1jb250ZW50XC91cGxvYWRzXC8yMDI1XC8xMVwvRW5jdWVudHJvLVBhZHJlLWUtSGlqby0yMDI1LWlhbGVtYW4tcHVlcnRvLW1vbnR0XzAwMTBfRFNDXzA1MzIuanBnIiwic2xpZGVzaG93IjoiNzJmMDZjYyJ9\" href='https:\/\/ialeman.cl\/wp-content\/uploads\/2025\/11\/Encuentro-Padre-e-Hijo-2025-ialeman-puerto-montt_0010_DSC_0532.jpg'><img fetchpriority=\"high\" decoding=\"async\" width=\"1200\" height=\"801\" src=\"https:\/\/ialeman.cl\/wp-content\/uploads\/2025\/11\/Encuentro-Padre-e-Hijo-2025-ialeman-puerto-montt_0010_DSC_0532.jpg\" class=\"attachment-full size-full\" alt=\"\" srcset=\"https:\/\/ialeman.cl\/wp-content\/uploads\/2025\/11\/Encuentro-Padre-e-Hijo-2025-ialeman-puerto-montt_0010_DSC_0532.jpg 1200w, https:\/\/ialeman.cl\/wp-content\/uploads\/2025\/11\/Encuentro-Padre-e-Hijo-2025-ialeman-puerto-montt_0010_DSC_0532-300x200.jpg 300w, https:\/\/ialeman.cl\/wp-content\/uploads\/2025\/11\/Encuentro-Padre-e-Hijo-2025-ialeman-puerto-montt_0010_DSC_0532-1024x684.jpg 1024w, https:\/\/ialeman.cl\/wp-content\/uploads\/2025\/11\/Encuentro-Padre-e-Hijo-2025-ialeman-puerto-montt_0010_DSC_0532-768x513.jpg 768w\" sizes=\"(max-width: 1200px) 100vw, 1200px\" \/><\/a>\n\t\t\t<\/div><\/figure><figure class='gallery-item'>\n\t\t\t<div class='gallery-icon landscape'>\n\t\t\t\t<a data-elementor-open-lightbox=\"yes\" data-elementor-lightbox-slideshow=\"72f06cc\" data-elementor-lightbox-title=\"Encuentro Padre e Hijo 2025 ialeman puerto montt_0003_DSC_0574\" data-e-action-hash=\"#elementor-action%3Aaction%3Dlightbox%26settings%3DeyJpZCI6NTEzMjksInVybCI6Imh0dHBzOlwvXC9pYWxlbWFuLmNsXC93cC1jb250ZW50XC91cGxvYWRzXC8yMDI1XC8xMVwvRW5jdWVudHJvLVBhZHJlLWUtSGlqby0yMDI1LWlhbGVtYW4tcHVlcnRvLW1vbnR0XzAwMDNfRFNDXzA1NzQtMS5qcGciLCJzbGlkZXNob3ciOiI3MmYwNmNjIn0%3D\" href='https:\/\/ialeman.cl\/wp-content\/uploads\/2025\/11\/Encuentro-Padre-e-Hijo-2025-ialeman-puerto-montt_0003_DSC_0574-1.jpg'><img decoding=\"async\" width=\"1200\" height=\"801\" src=\"https:\/\/ialeman.cl\/wp-content\/uploads\/2025\/11\/Encuentro-Padre-e-Hijo-2025-ialeman-puerto-montt_0003_DSC_0574-1.jpg\" class=\"attachment-full size-full\" alt=\"\" srcset=\"https:\/\/ialeman.cl\/wp-content\/uploads\/2025\/11\/Encuentro-Padre-e-Hijo-2025-ialeman-puerto-montt_0003_DSC_0574-1.jpg 1200w, https:\/\/ialeman.cl\/wp-content\/uploads\/2025\/11\/Encuentro-Padre-e-Hijo-2025-ialeman-puerto-montt_0003_DSC_0574-1-300x200.jpg 300w, https:\/\/ialeman.cl\/wp-content\/uploads\/2025\/11\/Encuentro-Padre-e-Hijo-2025-ialeman-puerto-montt_0003_DSC_0574-1-1024x684.jpg 1024w, https:\/\/ialeman.cl\/wp-content\/uploads\/2025\/11\/Encuentro-Padre-e-Hijo-2025-ialeman-puerto-montt_0003_DSC_0574-1-768x513.jpg 768w\" sizes=\"(max-width: 1200px) 100vw, 1200px\" \/><\/a>\n\t\t\t<\/div><\/figure><figure class='gallery-item'>\n\t\t\t<div class='gallery-icon landscape'>\n\t\t\t\t<a data-elementor-open-lightbox=\"yes\" data-elementor-lightbox-slideshow=\"72f06cc\" data-elementor-lightbox-title=\"Encuentro Padre e Hijo 2025 ialeman puerto montt_0014_DSC_0514\" data-e-action-hash=\"#elementor-action%3Aaction%3Dlightbox%26settings%3DeyJpZCI6NTEzNDAsInVybCI6Imh0dHBzOlwvXC9pYWxlbWFuLmNsXC93cC1jb250ZW50XC91cGxvYWRzXC8yMDI1XC8xMVwvRW5jdWVudHJvLVBhZHJlLWUtSGlqby0yMDI1LWlhbGVtYW4tcHVlcnRvLW1vbnR0XzAwMTRfRFNDXzA1MTQuanBnIiwic2xpZGVzaG93IjoiNzJmMDZjYyJ9\" href='https:\/\/ialeman.cl\/wp-content\/uploads\/2025\/11\/Encuentro-Padre-e-Hijo-2025-ialeman-puerto-montt_0014_DSC_0514.jpg'><img decoding=\"async\" width=\"1200\" height=\"801\" src=\"https:\/\/ialeman.cl\/wp-content\/uploads\/2025\/11\/Encuentro-Padre-e-Hijo-2025-ialeman-puerto-montt_0014_DSC_0514.jpg\" class=\"attachment-full size-full\" alt=\"\" srcset=\"https:\/\/ialeman.cl\/wp-content\/uploads\/2025\/11\/Encuentro-Padre-e-Hijo-2025-ialeman-puerto-montt_0014_DSC_0514.jpg 1200w, https:\/\/ialeman.cl\/wp-content\/uploads\/2025\/11\/Encuentro-Padre-e-Hijo-2025-ialeman-puerto-montt_0014_DSC_0514-300x200.jpg 300w, https:\/\/ialeman.cl\/wp-content\/uploads\/2025\/11\/Encuentro-Padre-e-Hijo-2025-ialeman-puerto-montt_0014_DSC_0514-1024x684.jpg 1024w, https:\/\/ialeman.cl\/wp-content\/uploads\/2025\/11\/Encuentro-Padre-e-Hijo-2025-ialeman-puerto-montt_0014_DSC_0514-768x513.jpg 768w\" sizes=\"(max-width: 1200px) 100vw, 1200px\" \/><\/a>\n\t\t\t<\/div><\/figure><figure class='gallery-item'>\n\t\t\t<div class='gallery-icon landscape'>\n\t\t\t\t<a data-elementor-open-lightbox=\"yes\" data-elementor-lightbox-slideshow=\"72f06cc\" data-elementor-lightbox-title=\"Encuentro Padre e Hijo 2025 ialeman puerto montt_0015_DSC_0508\" data-e-action-hash=\"#elementor-action%3Aaction%3Dlightbox%26settings%3DeyJpZCI6NTEzNDEsInVybCI6Imh0dHBzOlwvXC9pYWxlbWFuLmNsXC93cC1jb250ZW50XC91cGxvYWRzXC8yMDI1XC8xMVwvRW5jdWVudHJvLVBhZHJlLWUtSGlqby0yMDI1LWlhbGVtYW4tcHVlcnRvLW1vbnR0XzAwMTVfRFNDXzA1MDguanBnIiwic2xpZGVzaG93IjoiNzJmMDZjYyJ9\" href='https:\/\/ialeman.cl\/wp-content\/uploads\/2025\/11\/Encuentro-Padre-e-Hijo-2025-ialeman-puerto-montt_0015_DSC_0508.jpg'><img loading=\"lazy\" decoding=\"async\" width=\"1200\" height=\"801\" src=\"https:\/\/ialeman.cl\/wp-content\/uploads\/2025\/11\/Encuentro-Padre-e-Hijo-2025-ialeman-puerto-montt_0015_DSC_0508.jpg\" class=\"attachment-full size-full\" alt=\"\" srcset=\"https:\/\/ialeman.cl\/wp-content\/uploads\/2025\/11\/Encuentro-Padre-e-Hijo-2025-ialeman-puerto-montt_0015_DSC_0508.jpg 1200w, https:\/\/ialeman.cl\/wp-content\/uploads\/2025\/11\/Encuentro-Padre-e-Hijo-2025-ialeman-puerto-montt_0015_DSC_0508-300x200.jpg 300w, https:\/\/ialeman.cl\/wp-content\/uploads\/2025\/11\/Encuentro-Padre-e-Hijo-2025-ialeman-puerto-montt_0015_DSC_0508-1024x684.jpg 1024w, https:\/\/ialeman.cl\/wp-content\/uploads\/2025\/11\/Encuentro-Padre-e-Hijo-2025-ialeman-puerto-montt_0015_DSC_0508-768x513.jpg 768w\" sizes=\"(max-width: 1200px) 100vw, 1200px\" \/><\/a>\n\t\t\t<\/div><\/figure><figure class='gallery-item'>\n\t\t\t<div class='gallery-icon landscape'>\n\t\t\t\t<a data-elementor-open-lightbox=\"yes\" data-elementor-lightbox-slideshow=\"72f06cc\" data-elementor-lightbox-title=\"Encuentro Padre e Hijo 2025 ialeman puerto montt_0020_DSC_0487\" data-e-action-hash=\"#elementor-action%3Aaction%3Dlightbox%26settings%3DeyJpZCI6NTEzNDYsInVybCI6Imh0dHBzOlwvXC9pYWxlbWFuLmNsXC93cC1jb250ZW50XC91cGxvYWRzXC8yMDI1XC8xMVwvRW5jdWVudHJvLVBhZHJlLWUtSGlqby0yMDI1LWlhbGVtYW4tcHVlcnRvLW1vbnR0XzAwMjBfRFNDXzA0ODcuanBnIiwic2xpZGVzaG93IjoiNzJmMDZjYyJ9\" href='https:\/\/ialeman.cl\/wp-content\/uploads\/2025\/11\/Encuentro-Padre-e-Hijo-2025-ialeman-puerto-montt_0020_DSC_0487.jpg'><img loading=\"lazy\" decoding=\"async\" width=\"1200\" height=\"801\" src=\"https:\/\/ialeman.cl\/wp-content\/uploads\/2025\/11\/Encuentro-Padre-e-Hijo-2025-ialeman-puerto-montt_0020_DSC_0487.jpg\" class=\"attachment-full size-full\" alt=\"\" srcset=\"https:\/\/ialeman.cl\/wp-content\/uploads\/2025\/11\/Encuentro-Padre-e-Hijo-2025-ialeman-puerto-montt_0020_DSC_0487.jpg 1200w, https:\/\/ialeman.cl\/wp-content\/uploads\/2025\/11\/Encuentro-Padre-e-Hijo-2025-ialeman-puerto-montt_0020_DSC_0487-300x200.jpg 300w, https:\/\/ialeman.cl\/wp-content\/uploads\/2025\/11\/Encuentro-Padre-e-Hijo-2025-ialeman-puerto-montt_0020_DSC_0487-1024x684.jpg 1024w, https:\/\/ialeman.cl\/wp-content\/uploads\/2025\/11\/Encuentro-Padre-e-Hijo-2025-ialeman-puerto-montt_0020_DSC_0487-768x513.jpg 768w\" sizes=\"(max-width: 1200px) 100vw, 1200px\" \/><\/a>\n\t\t\t<\/div><\/figure><figure class='gallery-item'>\n\t\t\t<div class='gallery-icon landscape'>\n\t\t\t\t<a data-elementor-open-lightbox=\"yes\" data-elementor-lightbox-slideshow=\"72f06cc\" data-elementor-lightbox-title=\"Encuentro Padre e Hijo 2025 ialeman puerto montt_0050_DSC_0396\" data-e-action-hash=\"#elementor-action%3Aaction%3Dlightbox%26settings%3DeyJpZCI6NTEzNzYsInVybCI6Imh0dHBzOlwvXC9pYWxlbWFuLmNsXC93cC1jb250ZW50XC91cGxvYWRzXC8yMDI1XC8xMVwvRW5jdWVudHJvLVBhZHJlLWUtSGlqby0yMDI1LWlhbGVtYW4tcHVlcnRvLW1vbnR0XzAwNTBfRFNDXzAzOTYuanBnIiwic2xpZGVzaG93IjoiNzJmMDZjYyJ9\" href='https:\/\/ialeman.cl\/wp-content\/uploads\/2025\/11\/Encuentro-Padre-e-Hijo-2025-ialeman-puerto-montt_0050_DSC_0396.jpg'><img loading=\"lazy\" decoding=\"async\" width=\"1200\" height=\"801\" src=\"https:\/\/ialeman.cl\/wp-content\/uploads\/2025\/11\/Encuentro-Padre-e-Hijo-2025-ialeman-puerto-montt_0050_DSC_0396.jpg\" class=\"attachment-full size-full\" alt=\"\" srcset=\"https:\/\/ialeman.cl\/wp-content\/uploads\/2025\/11\/Encuentro-Padre-e-Hijo-2025-ialeman-puerto-montt_0050_DSC_0396.jpg 1200w, https:\/\/ialeman.cl\/wp-content\/uploads\/2025\/11\/Encuentro-Padre-e-Hijo-2025-ialeman-puerto-montt_0050_DSC_0396-300x200.jpg 300w, https:\/\/ialeman.cl\/wp-content\/uploads\/2025\/11\/Encuentro-Padre-e-Hijo-2025-ialeman-puerto-montt_0050_DSC_0396-1024x684.jpg 1024w, https:\/\/ialeman.cl\/wp-content\/uploads\/2025\/11\/Encuentro-Padre-e-Hijo-2025-ialeman-puerto-montt_0050_DSC_0396-768x513.jpg 768w\" sizes=\"(max-width: 1200px) 100vw, 1200px\" \/><\/a>\n\t\t\t<\/div><\/figure><figure class='gallery-item'>\n\t\t\t<div class='gallery-icon landscape'>\n\t\t\t\t<a data-elementor-open-lightbox=\"yes\" data-elementor-lightbox-slideshow=\"72f06cc\" data-elementor-lightbox-title=\"Encuentro Padre e Hijo 2025 ialeman puerto montt_0016_DSC_0506\" data-e-action-hash=\"#elementor-action%3Aaction%3Dlightbox%26settings%3DeyJpZCI6NTEzNDIsInVybCI6Imh0dHBzOlwvXC9pYWxlbWFuLmNsXC93cC1jb250ZW50XC91cGxvYWRzXC8yMDI1XC8xMVwvRW5jdWVudHJvLVBhZHJlLWUtSGlqby0yMDI1LWlhbGVtYW4tcHVlcnRvLW1vbnR0XzAwMTZfRFNDXzA1MDYuanBnIiwic2xpZGVzaG93IjoiNzJmMDZjYyJ9\" href='https:\/\/ialeman.cl\/wp-content\/uploads\/2025\/11\/Encuentro-Padre-e-Hijo-2025-ialeman-puerto-montt_0016_DSC_0506.jpg'><img loading=\"lazy\" decoding=\"async\" width=\"1200\" height=\"801\" src=\"https:\/\/ialeman.cl\/wp-content\/uploads\/2025\/11\/Encuentro-Padre-e-Hijo-2025-ialeman-puerto-montt_0016_DSC_0506.jpg\" class=\"attachment-full size-full\" alt=\"\" srcset=\"https:\/\/ialeman.cl\/wp-content\/uploads\/2025\/11\/Encuentro-Padre-e-Hijo-2025-ialeman-puerto-montt_0016_DSC_0506.jpg 1200w, https:\/\/ialeman.cl\/wp-content\/uploads\/2025\/11\/Encuentro-Padre-e-Hijo-2025-ialeman-puerto-montt_0016_DSC_0506-300x200.jpg 300w, https:\/\/ialeman.cl\/wp-content\/uploads\/2025\/11\/Encuentro-Padre-e-Hijo-2025-ialeman-puerto-montt_0016_DSC_0506-1024x684.jpg 1024w, https:\/\/ialeman.cl\/wp-content\/uploads\/2025\/11\/Encuentro-Padre-e-Hijo-2025-ialeman-puerto-montt_0016_DSC_0506-768x513.jpg 768w\" sizes=\"(max-width: 1200px) 100vw, 1200px\" \/><\/a>\n\t\t\t<\/div><\/figure><figure class='gallery-item'>\n\t\t\t<div class='gallery-icon landscape'>\n\t\t\t\t<a data-elementor-open-lightbox=\"yes\" data-elementor-lightbox-slideshow=\"72f06cc\" data-elementor-lightbox-title=\"Encuentro Padre e Hijo 2025 ialeman puerto montt_0013_DSC_0521\" data-e-action-hash=\"#elementor-action%3Aaction%3Dlightbox%26settings%3DeyJpZCI6NTEzMzksInVybCI6Imh0dHBzOlwvXC9pYWxlbWFuLmNsXC93cC1jb250ZW50XC91cGxvYWRzXC8yMDI1XC8xMVwvRW5jdWVudHJvLVBhZHJlLWUtSGlqby0yMDI1LWlhbGVtYW4tcHVlcnRvLW1vbnR0XzAwMTNfRFNDXzA1MjEuanBnIiwic2xpZGVzaG93IjoiNzJmMDZjYyJ9\" href='https:\/\/ialeman.cl\/wp-content\/uploads\/2025\/11\/Encuentro-Padre-e-Hijo-2025-ialeman-puerto-montt_0013_DSC_0521.jpg'><img loading=\"lazy\" decoding=\"async\" width=\"1200\" height=\"801\" src=\"https:\/\/ialeman.cl\/wp-content\/uploads\/2025\/11\/Encuentro-Padre-e-Hijo-2025-ialeman-puerto-montt_0013_DSC_0521.jpg\" class=\"attachment-full size-full\" alt=\"\" srcset=\"https:\/\/ialeman.cl\/wp-content\/uploads\/2025\/11\/Encuentro-Padre-e-Hijo-2025-ialeman-puerto-montt_0013_DSC_0521.jpg 1200w, https:\/\/ialeman.cl\/wp-content\/uploads\/2025\/11\/Encuentro-Padre-e-Hijo-2025-ialeman-puerto-montt_0013_DSC_0521-300x200.jpg 300w, https:\/\/ialeman.cl\/wp-content\/uploads\/2025\/11\/Encuentro-Padre-e-Hijo-2025-ialeman-puerto-montt_0013_DSC_0521-1024x684.jpg 1024w, https:\/\/ialeman.cl\/wp-content\/uploads\/2025\/11\/Encuentro-Padre-e-Hijo-2025-ialeman-puerto-montt_0013_DSC_0521-768x513.jpg 768w\" sizes=\"(max-width: 1200px) 100vw, 1200px\" \/><\/a>\n\t\t\t<\/div><\/figure><figure class='gallery-item'>\n\t\t\t<div class='gallery-icon landscape'>\n\t\t\t\t<a data-elementor-open-lightbox=\"yes\" data-elementor-lightbox-slideshow=\"72f06cc\" data-elementor-lightbox-title=\"Encuentro Padre e Hijo 2025 ialeman puerto montt_0006_DSC_0562\" data-e-action-hash=\"#elementor-action%3Aaction%3Dlightbox%26settings%3DeyJpZCI6NTEzMzIsInVybCI6Imh0dHBzOlwvXC9pYWxlbWFuLmNsXC93cC1jb250ZW50XC91cGxvYWRzXC8yMDI1XC8xMVwvRW5jdWVudHJvLVBhZHJlLWUtSGlqby0yMDI1LWlhbGVtYW4tcHVlcnRvLW1vbnR0XzAwMDZfRFNDXzA1NjIuanBnIiwic2xpZGVzaG93IjoiNzJmMDZjYyJ9\" href='https:\/\/ialeman.cl\/wp-content\/uploads\/2025\/11\/Encuentro-Padre-e-Hijo-2025-ialeman-puerto-montt_0006_DSC_0562.jpg'><img loading=\"lazy\" decoding=\"async\" width=\"1200\" height=\"801\" src=\"https:\/\/ialeman.cl\/wp-content\/uploads\/2025\/11\/Encuentro-Padre-e-Hijo-2025-ialeman-puerto-montt_0006_DSC_0562.jpg\" class=\"attachment-full size-full\" alt=\"\" srcset=\"https:\/\/ialeman.cl\/wp-content\/uploads\/2025\/11\/Encuentro-Padre-e-Hijo-2025-ialeman-puerto-montt_0006_DSC_0562.jpg 1200w, https:\/\/ialeman.cl\/wp-content\/uploads\/2025\/11\/Encuentro-Padre-e-Hijo-2025-ialeman-puerto-montt_0006_DSC_0562-300x200.jpg 300w, https:\/\/ialeman.cl\/wp-content\/uploads\/2025\/11\/Encuentro-Padre-e-Hijo-2025-ialeman-puerto-montt_0006_DSC_0562-1024x684.jpg 1024w, https:\/\/ialeman.cl\/wp-content\/uploads\/2025\/11\/Encuentro-Padre-e-Hijo-2025-ialeman-puerto-montt_0006_DSC_0562-768x513.jpg 768w\" sizes=\"(max-width: 1200px) 100vw, 1200px\" \/><\/a>\n\t\t\t<\/div><\/figure><figure class='gallery-item'>\n\t\t\t<div class='gallery-icon landscape'>\n\t\t\t\t<a data-elementor-open-lightbox=\"yes\" data-elementor-lightbox-slideshow=\"72f06cc\" data-elementor-lightbox-title=\"Encuentro Padre e Hijo 2025 ialeman puerto montt_0017_DSC_0503\" data-e-action-hash=\"#elementor-action%3Aaction%3Dlightbox%26settings%3DeyJpZCI6NTEzNDMsInVybCI6Imh0dHBzOlwvXC9pYWxlbWFuLmNsXC93cC1jb250ZW50XC91cGxvYWRzXC8yMDI1XC8xMVwvRW5jdWVudHJvLVBhZHJlLWUtSGlqby0yMDI1LWlhbGVtYW4tcHVlcnRvLW1vbnR0XzAwMTdfRFNDXzA1MDMuanBnIiwic2xpZGVzaG93IjoiNzJmMDZjYyJ9\" href='https:\/\/ialeman.cl\/wp-content\/uploads\/2025\/11\/Encuentro-Padre-e-Hijo-2025-ialeman-puerto-montt_0017_DSC_0503.jpg'><img loading=\"lazy\" decoding=\"async\" width=\"1200\" height=\"801\" src=\"https:\/\/ialeman.cl\/wp-content\/uploads\/2025\/11\/Encuentro-Padre-e-Hijo-2025-ialeman-puerto-montt_0017_DSC_0503.jpg\" class=\"attachment-full size-full\" alt=\"\" srcset=\"https:\/\/ialeman.cl\/wp-content\/uploads\/2025\/11\/Encuentro-Padre-e-Hijo-2025-ialeman-puerto-montt_0017_DSC_0503.jpg 1200w, https:\/\/ialeman.cl\/wp-content\/uploads\/2025\/11\/Encuentro-Padre-e-Hijo-2025-ialeman-puerto-montt_0017_DSC_0503-300x200.jpg 300w, https:\/\/ialeman.cl\/wp-content\/uploads\/2025\/11\/Encuentro-Padre-e-Hijo-2025-ialeman-puerto-montt_0017_DSC_0503-1024x684.jpg 1024w, https:\/\/ialeman.cl\/wp-content\/uploads\/2025\/11\/Encuentro-Padre-e-Hijo-2025-ialeman-puerto-montt_0017_DSC_0503-768x513.jpg 768w\" sizes=\"(max-width: 1200px) 100vw, 1200px\" \/><\/a>\n\t\t\t<\/div><\/figure><figure class='gallery-item'>\n\t\t\t<div class='gallery-icon landscape'>\n\t\t\t\t<a data-elementor-open-lightbox=\"yes\" data-elementor-lightbox-slideshow=\"72f06cc\" data-elementor-lightbox-title=\"Encuentro Padre e Hijo 2025 ialeman puerto montt_0025_DSC_0465\" data-e-action-hash=\"#elementor-action%3Aaction%3Dlightbox%26settings%3DeyJpZCI6NTEzNTEsInVybCI6Imh0dHBzOlwvXC9pYWxlbWFuLmNsXC93cC1jb250ZW50XC91cGxvYWRzXC8yMDI1XC8xMVwvRW5jdWVudHJvLVBhZHJlLWUtSGlqby0yMDI1LWlhbGVtYW4tcHVlcnRvLW1vbnR0XzAwMjVfRFNDXzA0NjUuanBnIiwic2xpZGVzaG93IjoiNzJmMDZjYyJ9\" href='https:\/\/ialeman.cl\/wp-content\/uploads\/2025\/11\/Encuentro-Padre-e-Hijo-2025-ialeman-puerto-montt_0025_DSC_0465.jpg'><img loading=\"lazy\" decoding=\"async\" width=\"1200\" height=\"801\" src=\"https:\/\/ialeman.cl\/wp-content\/uploads\/2025\/11\/Encuentro-Padre-e-Hijo-2025-ialeman-puerto-montt_0025_DSC_0465.jpg\" class=\"attachment-full size-full\" alt=\"\" srcset=\"https:\/\/ialeman.cl\/wp-content\/uploads\/2025\/11\/Encuentro-Padre-e-Hijo-2025-ialeman-puerto-montt_0025_DSC_0465.jpg 1200w, https:\/\/ialeman.cl\/wp-content\/uploads\/2025\/11\/Encuentro-Padre-e-Hijo-2025-ialeman-puerto-montt_0025_DSC_0465-300x200.jpg 300w, https:\/\/ialeman.cl\/wp-content\/uploads\/2025\/11\/Encuentro-Padre-e-Hijo-2025-ialeman-puerto-montt_0025_DSC_0465-1024x684.jpg 1024w, https:\/\/ialeman.cl\/wp-content\/uploads\/2025\/11\/Encuentro-Padre-e-Hijo-2025-ialeman-puerto-montt_0025_DSC_0465-768x513.jpg 768w\" sizes=\"(max-width: 1200px) 100vw, 1200px\" \/><\/a>\n\t\t\t<\/div><\/figure><figure class='gallery-item'>\n\t\t\t<div class='gallery-icon landscape'>\n\t\t\t\t<a data-elementor-open-lightbox=\"yes\" data-elementor-lightbox-slideshow=\"72f06cc\" data-elementor-lightbox-title=\"Encuentro Padre e Hijo 2025 ialeman puerto montt_0011_DSC_0566\" data-e-action-hash=\"#elementor-action%3Aaction%3Dlightbox%26settings%3DeyJpZCI6NTEzMzcsInVybCI6Imh0dHBzOlwvXC9pYWxlbWFuLmNsXC93cC1jb250ZW50XC91cGxvYWRzXC8yMDI1XC8xMVwvRW5jdWVudHJvLVBhZHJlLWUtSGlqby0yMDI1LWlhbGVtYW4tcHVlcnRvLW1vbnR0XzAwMTFfRFNDXzA1NjYuanBnIiwic2xpZGVzaG93IjoiNzJmMDZjYyJ9\" href='https:\/\/ialeman.cl\/wp-content\/uploads\/2025\/11\/Encuentro-Padre-e-Hijo-2025-ialeman-puerto-montt_0011_DSC_0566.jpg'><img loading=\"lazy\" decoding=\"async\" width=\"1200\" height=\"801\" src=\"https:\/\/ialeman.cl\/wp-content\/uploads\/2025\/11\/Encuentro-Padre-e-Hijo-2025-ialeman-puerto-montt_0011_DSC_0566.jpg\" class=\"attachment-full size-full\" alt=\"\" srcset=\"https:\/\/ialeman.cl\/wp-content\/uploads\/2025\/11\/Encuentro-Padre-e-Hijo-2025-ialeman-puerto-montt_0011_DSC_0566.jpg 1200w, https:\/\/ialeman.cl\/wp-content\/uploads\/2025\/11\/Encuentro-Padre-e-Hijo-2025-ialeman-puerto-montt_0011_DSC_0566-300x200.jpg 300w, https:\/\/ialeman.cl\/wp-content\/uploads\/2025\/11\/Encuentro-Padre-e-Hijo-2025-ialeman-puerto-montt_0011_DSC_0566-1024x684.jpg 1024w, https:\/\/ialeman.cl\/wp-content\/uploads\/2025\/11\/Encuentro-Padre-e-Hijo-2025-ialeman-puerto-montt_0011_DSC_0566-768x513.jpg 768w\" sizes=\"(max-width: 1200px) 100vw, 1200px\" \/><\/a>\n\t\t\t<\/div><\/figure><figure class='gallery-item'>\n\t\t\t<div class='gallery-icon landscape'>\n\t\t\t\t<a data-elementor-open-lightbox=\"yes\" data-elementor-lightbox-slideshow=\"72f06cc\" data-elementor-lightbox-title=\"Encuentro Padre e Hijo 2025 ialeman puerto montt_0000_DSC_0590\" data-e-action-hash=\"#elementor-action%3Aaction%3Dlightbox%26settings%3DeyJpZCI6NTEzMjYsInVybCI6Imh0dHBzOlwvXC9pYWxlbWFuLmNsXC93cC1jb250ZW50XC91cGxvYWRzXC8yMDI1XC8xMVwvRW5jdWVudHJvLVBhZHJlLWUtSGlqby0yMDI1LWlhbGVtYW4tcHVlcnRvLW1vbnR0XzAwMDBfRFNDXzA1OTAuanBnIiwic2xpZGVzaG93IjoiNzJmMDZjYyJ9\" href='https:\/\/ialeman.cl\/wp-content\/uploads\/2025\/11\/Encuentro-Padre-e-Hijo-2025-ialeman-puerto-montt_0000_DSC_0590.jpg'><img loading=\"lazy\" decoding=\"async\" width=\"1200\" height=\"801\" src=\"https:\/\/ialeman.cl\/wp-content\/uploads\/2025\/11\/Encuentro-Padre-e-Hijo-2025-ialeman-puerto-montt_0000_DSC_0590.jpg\" class=\"attachment-full size-full\" alt=\"\" srcset=\"https:\/\/ialeman.cl\/wp-content\/uploads\/2025\/11\/Encuentro-Padre-e-Hijo-2025-ialeman-puerto-montt_0000_DSC_0590.jpg 1200w, https:\/\/ialeman.cl\/wp-content\/uploads\/2025\/11\/Encuentro-Padre-e-Hijo-2025-ialeman-puerto-montt_0000_DSC_0590-300x200.jpg 300w, https:\/\/ialeman.cl\/wp-content\/uploads\/2025\/11\/Encuentro-Padre-e-Hijo-2025-ialeman-puerto-montt_0000_DSC_0590-1024x684.jpg 1024w, https:\/\/ialeman.cl\/wp-content\/uploads\/2025\/11\/Encuentro-Padre-e-Hijo-2025-ialeman-puerto-montt_0000_DSC_0590-768x513.jpg 768w\" sizes=\"(max-width: 1200px) 100vw, 1200px\" \/><\/a>\n\t\t\t<\/div><\/figure><figure class='gallery-item'>\n\t\t\t<div class='gallery-icon landscape'>\n\t\t\t\t<a data-elementor-open-lightbox=\"yes\" data-elementor-lightbox-slideshow=\"72f06cc\" data-elementor-lightbox-title=\"Encuentro Padre e Hijo 2025 ialeman puerto montt_0001_DSC_0585\" data-e-action-hash=\"#elementor-action%3Aaction%3Dlightbox%26settings%3DeyJpZCI6NTEzMjcsInVybCI6Imh0dHBzOlwvXC9pYWxlbWFuLmNsXC93cC1jb250ZW50XC91cGxvYWRzXC8yMDI1XC8xMVwvRW5jdWVudHJvLVBhZHJlLWUtSGlqby0yMDI1LWlhbGVtYW4tcHVlcnRvLW1vbnR0XzAwMDFfRFNDXzA1ODUuanBnIiwic2xpZGVzaG93IjoiNzJmMDZjYyJ9\" href='https:\/\/ialeman.cl\/wp-content\/uploads\/2025\/11\/Encuentro-Padre-e-Hijo-2025-ialeman-puerto-montt_0001_DSC_0585.jpg'><img loading=\"lazy\" decoding=\"async\" width=\"1200\" height=\"801\" src=\"https:\/\/ialeman.cl\/wp-content\/uploads\/2025\/11\/Encuentro-Padre-e-Hijo-2025-ialeman-puerto-montt_0001_DSC_0585.jpg\" class=\"attachment-full size-full\" alt=\"\" srcset=\"https:\/\/ialeman.cl\/wp-content\/uploads\/2025\/11\/Encuentro-Padre-e-Hijo-2025-ialeman-puerto-montt_0001_DSC_0585.jpg 1200w, https:\/\/ialeman.cl\/wp-content\/uploads\/2025\/11\/Encuentro-Padre-e-Hijo-2025-ialeman-puerto-montt_0001_DSC_0585-300x200.jpg 300w, https:\/\/ialeman.cl\/wp-content\/uploads\/2025\/11\/Encuentro-Padre-e-Hijo-2025-ialeman-puerto-montt_0001_DSC_0585-1024x684.jpg 1024w, https:\/\/ialeman.cl\/wp-content\/uploads\/2025\/11\/Encuentro-Padre-e-Hijo-2025-ialeman-puerto-montt_0001_DSC_0585-768x513.jpg 768w\" sizes=\"(max-width: 1200px) 100vw, 1200px\" \/><\/a>\n\t\t\t<\/div><\/figure><figure class='gallery-item'>\n\t\t\t<div class='gallery-icon landscape'>\n\t\t\t\t<a data-elementor-open-lightbox=\"yes\" data-elementor-lightbox-slideshow=\"72f06cc\" data-elementor-lightbox-title=\"Encuentro Padre e Hijo 2025 ialeman puerto montt_0002_DSC_0579\" data-e-action-hash=\"#elementor-action%3Aaction%3Dlightbox%26settings%3DeyJpZCI6NTEzMjgsInVybCI6Imh0dHBzOlwvXC9pYWxlbWFuLmNsXC93cC1jb250ZW50XC91cGxvYWRzXC8yMDI1XC8xMVwvRW5jdWVudHJvLVBhZHJlLWUtSGlqby0yMDI1LWlhbGVtYW4tcHVlcnRvLW1vbnR0XzAwMDJfRFNDXzA1NzkuanBnIiwic2xpZGVzaG93IjoiNzJmMDZjYyJ9\" href='https:\/\/ialeman.cl\/wp-content\/uploads\/2025\/11\/Encuentro-Padre-e-Hijo-2025-ialeman-puerto-montt_0002_DSC_0579.jpg'><img loading=\"lazy\" decoding=\"async\" width=\"1200\" height=\"801\" src=\"https:\/\/ialeman.cl\/wp-content\/uploads\/2025\/11\/Encuentro-Padre-e-Hijo-2025-ialeman-puerto-montt_0002_DSC_0579.jpg\" class=\"attachment-full size-full\" alt=\"\" srcset=\"https:\/\/ialeman.cl\/wp-content\/uploads\/2025\/11\/Encuentro-Padre-e-Hijo-2025-ialeman-puerto-montt_0002_DSC_0579.jpg 1200w, https:\/\/ialeman.cl\/wp-content\/uploads\/2025\/11\/Encuentro-Padre-e-Hijo-2025-ialeman-puerto-montt_0002_DSC_0579-300x200.jpg 300w, https:\/\/ialeman.cl\/wp-content\/uploads\/2025\/11\/Encuentro-Padre-e-Hijo-2025-ialeman-puerto-montt_0002_DSC_0579-1024x684.jpg 1024w, https:\/\/ialeman.cl\/wp-content\/uploads\/2025\/11\/Encuentro-Padre-e-Hijo-2025-ialeman-puerto-montt_0002_DSC_0579-768x513.jpg 768w\" sizes=\"(max-width: 1200px) 100vw, 1200px\" \/><\/a>\n\t\t\t<\/div><\/figure><figure class='gallery-item'>\n\t\t\t<div class='gallery-icon landscape'>\n\t\t\t\t<a data-elementor-open-lightbox=\"yes\" data-elementor-lightbox-slideshow=\"72f06cc\" data-elementor-lightbox-title=\"Encuentro Padre e Hijo 2025 ialeman puerto montt_0030_DSC_0453\" data-e-action-hash=\"#elementor-action%3Aaction%3Dlightbox%26settings%3DeyJpZCI6NTEzNTYsInVybCI6Imh0dHBzOlwvXC9pYWxlbWFuLmNsXC93cC1jb250ZW50XC91cGxvYWRzXC8yMDI1XC8xMVwvRW5jdWVudHJvLVBhZHJlLWUtSGlqby0yMDI1LWlhbGVtYW4tcHVlcnRvLW1vbnR0XzAwMzBfRFNDXzA0NTMuanBnIiwic2xpZGVzaG93IjoiNzJmMDZjYyJ9\" href='https:\/\/ialeman.cl\/wp-content\/uploads\/2025\/11\/Encuentro-Padre-e-Hijo-2025-ialeman-puerto-montt_0030_DSC_0453.jpg'><img loading=\"lazy\" decoding=\"async\" width=\"1200\" height=\"801\" src=\"https:\/\/ialeman.cl\/wp-content\/uploads\/2025\/11\/Encuentro-Padre-e-Hijo-2025-ialeman-puerto-montt_0030_DSC_0453.jpg\" class=\"attachment-full size-full\" alt=\"\" srcset=\"https:\/\/ialeman.cl\/wp-content\/uploads\/2025\/11\/Encuentro-Padre-e-Hijo-2025-ialeman-puerto-montt_0030_DSC_0453.jpg 1200w, https:\/\/ialeman.cl\/wp-content\/uploads\/2025\/11\/Encuentro-Padre-e-Hijo-2025-ialeman-puerto-montt_0030_DSC_0453-300x200.jpg 300w, https:\/\/ialeman.cl\/wp-content\/uploads\/2025\/11\/Encuentro-Padre-e-Hijo-2025-ialeman-puerto-montt_0030_DSC_0453-1024x684.jpg 1024w, https:\/\/ialeman.cl\/wp-content\/uploads\/2025\/11\/Encuentro-Padre-e-Hijo-2025-ialeman-puerto-montt_0030_DSC_0453-768x513.jpg 768w\" sizes=\"(max-width: 1200px) 100vw, 1200px\" \/><\/a>\n\t\t\t<\/div><\/figure><figure class='gallery-item'>\n\t\t\t<div class='gallery-icon landscape'>\n\t\t\t\t<a data-elementor-open-lightbox=\"yes\" data-elementor-lightbox-slideshow=\"72f06cc\" data-elementor-lightbox-title=\"Encuentro Padre e Hijo 2025 ialeman puerto montt_0005_DSC_0595\" data-e-action-hash=\"#elementor-action%3Aaction%3Dlightbox%26settings%3DeyJpZCI6NTEzMzEsInVybCI6Imh0dHBzOlwvXC9pYWxlbWFuLmNsXC93cC1jb250ZW50XC91cGxvYWRzXC8yMDI1XC8xMVwvRW5jdWVudHJvLVBhZHJlLWUtSGlqby0yMDI1LWlhbGVtYW4tcHVlcnRvLW1vbnR0XzAwMDVfRFNDXzA1OTUuanBnIiwic2xpZGVzaG93IjoiNzJmMDZjYyJ9\" href='https:\/\/ialeman.cl\/wp-content\/uploads\/2025\/11\/Encuentro-Padre-e-Hijo-2025-ialeman-puerto-montt_0005_DSC_0595.jpg'><img loading=\"lazy\" decoding=\"async\" width=\"1200\" height=\"801\" src=\"https:\/\/ialeman.cl\/wp-content\/uploads\/2025\/11\/Encuentro-Padre-e-Hijo-2025-ialeman-puerto-montt_0005_DSC_0595.jpg\" class=\"attachment-full size-full\" alt=\"\" srcset=\"https:\/\/ialeman.cl\/wp-content\/uploads\/2025\/11\/Encuentro-Padre-e-Hijo-2025-ialeman-puerto-montt_0005_DSC_0595.jpg 1200w, https:\/\/ialeman.cl\/wp-content\/uploads\/2025\/11\/Encuentro-Padre-e-Hijo-2025-ialeman-puerto-montt_0005_DSC_0595-300x200.jpg 300w, https:\/\/ialeman.cl\/wp-content\/uploads\/2025\/11\/Encuentro-Padre-e-Hijo-2025-ialeman-puerto-montt_0005_DSC_0595-1024x684.jpg 1024w, https:\/\/ialeman.cl\/wp-content\/uploads\/2025\/11\/Encuentro-Padre-e-Hijo-2025-ialeman-puerto-montt_0005_DSC_0595-768x513.jpg 768w\" sizes=\"(max-width: 1200px) 100vw, 1200px\" \/><\/a>\n\t\t\t<\/div><\/figure><figure class='gallery-item'>\n\t\t\t<div class='gallery-icon landscape'>\n\t\t\t\t<a data-elementor-open-lightbox=\"yes\" data-elementor-lightbox-slideshow=\"72f06cc\" data-elementor-lightbox-title=\"Encuentro Padre e Hijo 2025 ialeman puerto montt_0007_DSC_0557\" data-e-action-hash=\"#elementor-action%3Aaction%3Dlightbox%26settings%3DeyJpZCI6NTEzMzMsInVybCI6Imh0dHBzOlwvXC9pYWxlbWFuLmNsXC93cC1jb250ZW50XC91cGxvYWRzXC8yMDI1XC8xMVwvRW5jdWVudHJvLVBhZHJlLWUtSGlqby0yMDI1LWlhbGVtYW4tcHVlcnRvLW1vbnR0XzAwMDdfRFNDXzA1NTcuanBnIiwic2xpZGVzaG93IjoiNzJmMDZjYyJ9\" href='https:\/\/ialeman.cl\/wp-content\/uploads\/2025\/11\/Encuentro-Padre-e-Hijo-2025-ialeman-puerto-montt_0007_DSC_0557.jpg'><img loading=\"lazy\" decoding=\"async\" width=\"1200\" height=\"801\" src=\"https:\/\/ialeman.cl\/wp-content\/uploads\/2025\/11\/Encuentro-Padre-e-Hijo-2025-ialeman-puerto-montt_0007_DSC_0557.jpg\" class=\"attachment-full size-full\" alt=\"\" srcset=\"https:\/\/ialeman.cl\/wp-content\/uploads\/2025\/11\/Encuentro-Padre-e-Hijo-2025-ialeman-puerto-montt_0007_DSC_0557.jpg 1200w, https:\/\/ialeman.cl\/wp-content\/uploads\/2025\/11\/Encuentro-Padre-e-Hijo-2025-ialeman-puerto-montt_0007_DSC_0557-300x200.jpg 300w, https:\/\/ialeman.cl\/wp-content\/uploads\/2025\/11\/Encuentro-Padre-e-Hijo-2025-ialeman-puerto-montt_0007_DSC_0557-1024x684.jpg 1024w, https:\/\/ialeman.cl\/wp-content\/uploads\/2025\/11\/Encuentro-Padre-e-Hijo-2025-ialeman-puerto-montt_0007_DSC_0557-768x513.jpg 768w\" sizes=\"(max-width: 1200px) 100vw, 1200px\" \/><\/a>\n\t\t\t<\/div><\/figure><figure class='gallery-item'>\n\t\t\t<div class='gallery-icon landscape'>\n\t\t\t\t<a data-elementor-open-lightbox=\"yes\" data-elementor-lightbox-slideshow=\"72f06cc\" data-elementor-lightbox-title=\"Encuentro Padre e Hijo 2025 ialeman puerto montt_0008_DSC_0554\" data-e-action-hash=\"#elementor-action%3Aaction%3Dlightbox%26settings%3DeyJpZCI6NTEzMzQsInVybCI6Imh0dHBzOlwvXC9pYWxlbWFuLmNsXC93cC1jb250ZW50XC91cGxvYWRzXC8yMDI1XC8xMVwvRW5jdWVudHJvLVBhZHJlLWUtSGlqby0yMDI1LWlhbGVtYW4tcHVlcnRvLW1vbnR0XzAwMDhfRFNDXzA1NTQuanBnIiwic2xpZGVzaG93IjoiNzJmMDZjYyJ9\" href='https:\/\/ialeman.cl\/wp-content\/uploads\/2025\/11\/Encuentro-Padre-e-Hijo-2025-ialeman-puerto-montt_0008_DSC_0554.jpg'><img loading=\"lazy\" decoding=\"async\" width=\"1200\" height=\"801\" src=\"https:\/\/ialeman.cl\/wp-content\/uploads\/2025\/11\/Encuentro-Padre-e-Hijo-2025-ialeman-puerto-montt_0008_DSC_0554.jpg\" class=\"attachment-full size-full\" alt=\"\" srcset=\"https:\/\/ialeman.cl\/wp-content\/uploads\/2025\/11\/Encuentro-Padre-e-Hijo-2025-ialeman-puerto-montt_0008_DSC_0554.jpg 1200w, https:\/\/ialeman.cl\/wp-content\/uploads\/2025\/11\/Encuentro-Padre-e-Hijo-2025-ialeman-puerto-montt_0008_DSC_0554-300x200.jpg 300w, https:\/\/ialeman.cl\/wp-content\/uploads\/2025\/11\/Encuentro-Padre-e-Hijo-2025-ialeman-puerto-montt_0008_DSC_0554-1024x684.jpg 1024w, https:\/\/ialeman.cl\/wp-content\/uploads\/2025\/11\/Encuentro-Padre-e-Hijo-2025-ialeman-puerto-montt_0008_DSC_0554-768x513.jpg 768w\" sizes=\"(max-width: 1200px) 100vw, 1200px\" \/><\/a>\n\t\t\t<\/div><\/figure><figure class='gallery-item'>\n\t\t\t<div class='gallery-icon landscape'>\n\t\t\t\t<a data-elementor-open-lightbox=\"yes\" data-elementor-lightbox-slideshow=\"72f06cc\" data-elementor-lightbox-title=\"Encuentro Padre e Hijo 2025 ialeman puerto montt_0009_DSC_0546\" data-e-action-hash=\"#elementor-action%3Aaction%3Dlightbox%26settings%3DeyJpZCI6NTEzMzUsInVybCI6Imh0dHBzOlwvXC9pYWxlbWFuLmNsXC93cC1jb250ZW50XC91cGxvYWRzXC8yMDI1XC8xMVwvRW5jdWVudHJvLVBhZHJlLWUtSGlqby0yMDI1LWlhbGVtYW4tcHVlcnRvLW1vbnR0XzAwMDlfRFNDXzA1NDYuanBnIiwic2xpZGVzaG93IjoiNzJmMDZjYyJ9\" href='https:\/\/ialeman.cl\/wp-content\/uploads\/2025\/11\/Encuentro-Padre-e-Hijo-2025-ialeman-puerto-montt_0009_DSC_0546.jpg'><img loading=\"lazy\" decoding=\"async\" width=\"1200\" height=\"801\" src=\"https:\/\/ialeman.cl\/wp-content\/uploads\/2025\/11\/Encuentro-Padre-e-Hijo-2025-ialeman-puerto-montt_0009_DSC_0546.jpg\" class=\"attachment-full size-full\" alt=\"\" srcset=\"https:\/\/ialeman.cl\/wp-content\/uploads\/2025\/11\/Encuentro-Padre-e-Hijo-2025-ialeman-puerto-montt_0009_DSC_0546.jpg 1200w, https:\/\/ialeman.cl\/wp-content\/uploads\/2025\/11\/Encuentro-Padre-e-Hijo-2025-ialeman-puerto-montt_0009_DSC_0546-300x200.jpg 300w, https:\/\/ialeman.cl\/wp-content\/uploads\/2025\/11\/Encuentro-Padre-e-Hijo-2025-ialeman-puerto-montt_0009_DSC_0546-1024x684.jpg 1024w, https:\/\/ialeman.cl\/wp-content\/uploads\/2025\/11\/Encuentro-Padre-e-Hijo-2025-ialeman-puerto-montt_0009_DSC_0546-768x513.jpg 768w\" sizes=\"(max-width: 1200px) 100vw, 1200px\" \/><\/a>\n\t\t\t<\/div><\/figure><figure class='gallery-item'>\n\t\t\t<div class='gallery-icon landscape'>\n\t\t\t\t<a data-elementor-open-lightbox=\"yes\" data-elementor-lightbox-slideshow=\"72f06cc\" data-elementor-lightbox-title=\"Encuentro Padre e Hijo 2025 ialeman puerto montt_0012_DSC_0525\" data-e-action-hash=\"#elementor-action%3Aaction%3Dlightbox%26settings%3DeyJpZCI6NTEzMzgsInVybCI6Imh0dHBzOlwvXC9pYWxlbWFuLmNsXC93cC1jb250ZW50XC91cGxvYWRzXC8yMDI1XC8xMVwvRW5jdWVudHJvLVBhZHJlLWUtSGlqby0yMDI1LWlhbGVtYW4tcHVlcnRvLW1vbnR0XzAwMTJfRFNDXzA1MjUuanBnIiwic2xpZGVzaG93IjoiNzJmMDZjYyJ9\" href='https:\/\/ialeman.cl\/wp-content\/uploads\/2025\/11\/Encuentro-Padre-e-Hijo-2025-ialeman-puerto-montt_0012_DSC_0525.jpg'><img loading=\"lazy\" decoding=\"async\" width=\"1200\" height=\"801\" src=\"https:\/\/ialeman.cl\/wp-content\/uploads\/2025\/11\/Encuentro-Padre-e-Hijo-2025-ialeman-puerto-montt_0012_DSC_0525.jpg\" class=\"attachment-full size-full\" alt=\"\" srcset=\"https:\/\/ialeman.cl\/wp-content\/uploads\/2025\/11\/Encuentro-Padre-e-Hijo-2025-ialeman-puerto-montt_0012_DSC_0525.jpg 1200w, https:\/\/ialeman.cl\/wp-content\/uploads\/2025\/11\/Encuentro-Padre-e-Hijo-2025-ialeman-puerto-montt_0012_DSC_0525-300x200.jpg 300w, https:\/\/ialeman.cl\/wp-content\/uploads\/2025\/11\/Encuentro-Padre-e-Hijo-2025-ialeman-puerto-montt_0012_DSC_0525-1024x684.jpg 1024w, https:\/\/ialeman.cl\/wp-content\/uploads\/2025\/11\/Encuentro-Padre-e-Hijo-2025-ialeman-puerto-montt_0012_DSC_0525-768x513.jpg 768w\" sizes=\"(max-width: 1200px) 100vw, 1200px\" \/><\/a>\n\t\t\t<\/div><\/figure><figure class='gallery-item'>\n\t\t\t<div class='gallery-icon landscape'>\n\t\t\t\t<a data-elementor-open-lightbox=\"yes\" data-elementor-lightbox-slideshow=\"72f06cc\" data-elementor-lightbox-title=\"Encuentro Padre e Hijo 2025 ialeman puerto montt_0018_DSC_0498\" data-e-action-hash=\"#elementor-action%3Aaction%3Dlightbox%26settings%3DeyJpZCI6NTEzNDQsInVybCI6Imh0dHBzOlwvXC9pYWxlbWFuLmNsXC93cC1jb250ZW50XC91cGxvYWRzXC8yMDI1XC8xMVwvRW5jdWVudHJvLVBhZHJlLWUtSGlqby0yMDI1LWlhbGVtYW4tcHVlcnRvLW1vbnR0XzAwMThfRFNDXzA0OTguanBnIiwic2xpZGVzaG93IjoiNzJmMDZjYyJ9\" href='https:\/\/ialeman.cl\/wp-content\/uploads\/2025\/11\/Encuentro-Padre-e-Hijo-2025-ialeman-puerto-montt_0018_DSC_0498.jpg'><img loading=\"lazy\" decoding=\"async\" width=\"1200\" height=\"801\" src=\"https:\/\/ialeman.cl\/wp-content\/uploads\/2025\/11\/Encuentro-Padre-e-Hijo-2025-ialeman-puerto-montt_0018_DSC_0498.jpg\" class=\"attachment-full size-full\" alt=\"\" srcset=\"https:\/\/ialeman.cl\/wp-content\/uploads\/2025\/11\/Encuentro-Padre-e-Hijo-2025-ialeman-puerto-montt_0018_DSC_0498.jpg 1200w, https:\/\/ialeman.cl\/wp-content\/uploads\/2025\/11\/Encuentro-Padre-e-Hijo-2025-ialeman-puerto-montt_0018_DSC_0498-300x200.jpg 300w, https:\/\/ialeman.cl\/wp-content\/uploads\/2025\/11\/Encuentro-Padre-e-Hijo-2025-ialeman-puerto-montt_0018_DSC_0498-1024x684.jpg 1024w, https:\/\/ialeman.cl\/wp-content\/uploads\/2025\/11\/Encuentro-Padre-e-Hijo-2025-ialeman-puerto-montt_0018_DSC_0498-768x513.jpg 768w\" sizes=\"(max-width: 1200px) 100vw, 1200px\" \/><\/a>\n\t\t\t<\/div><\/figure><figure class='gallery-item'>\n\t\t\t<div class='gallery-icon landscape'>\n\t\t\t\t<a data-elementor-open-lightbox=\"yes\" data-elementor-lightbox-slideshow=\"72f06cc\" data-elementor-lightbox-title=\"Encuentro Padre e Hijo 2025 ialeman puerto montt_0019_DSC_0492\" data-e-action-hash=\"#elementor-action%3Aaction%3Dlightbox%26settings%3DeyJpZCI6NTEzNDUsInVybCI6Imh0dHBzOlwvXC9pYWxlbWFuLmNsXC93cC1jb250ZW50XC91cGxvYWRzXC8yMDI1XC8xMVwvRW5jdWVudHJvLVBhZHJlLWUtSGlqby0yMDI1LWlhbGVtYW4tcHVlcnRvLW1vbnR0XzAwMTlfRFNDXzA0OTIuanBnIiwic2xpZGVzaG93IjoiNzJmMDZjYyJ9\" href='https:\/\/ialeman.cl\/wp-content\/uploads\/2025\/11\/Encuentro-Padre-e-Hijo-2025-ialeman-puerto-montt_0019_DSC_0492.jpg'><img loading=\"lazy\" decoding=\"async\" width=\"1200\" height=\"801\" src=\"https:\/\/ialeman.cl\/wp-content\/uploads\/2025\/11\/Encuentro-Padre-e-Hijo-2025-ialeman-puerto-montt_0019_DSC_0492.jpg\" class=\"attachment-full size-full\" alt=\"\" srcset=\"https:\/\/ialeman.cl\/wp-content\/uploads\/2025\/11\/Encuentro-Padre-e-Hijo-2025-ialeman-puerto-montt_0019_DSC_0492.jpg 1200w, https:\/\/ialeman.cl\/wp-content\/uploads\/2025\/11\/Encuentro-Padre-e-Hijo-2025-ialeman-puerto-montt_0019_DSC_0492-300x200.jpg 300w, https:\/\/ialeman.cl\/wp-content\/uploads\/2025\/11\/Encuentro-Padre-e-Hijo-2025-ialeman-puerto-montt_0019_DSC_0492-1024x684.jpg 1024w, https:\/\/ialeman.cl\/wp-content\/uploads\/2025\/11\/Encuentro-Padre-e-Hijo-2025-ialeman-puerto-montt_0019_DSC_0492-768x513.jpg 768w\" sizes=\"(max-width: 1200px) 100vw, 1200px\" \/><\/a>\n\t\t\t<\/div><\/figure><figure class='gallery-item'>\n\t\t\t<div class='gallery-icon landscape'>\n\t\t\t\t<a data-elementor-open-lightbox=\"yes\" data-elementor-lightbox-slideshow=\"72f06cc\" data-elementor-lightbox-title=\"Encuentro Padre e Hijo 2025 ialeman puerto montt_0021_DSC_0483\" data-e-action-hash=\"#elementor-action%3Aaction%3Dlightbox%26settings%3DeyJpZCI6NTEzNDcsInVybCI6Imh0dHBzOlwvXC9pYWxlbWFuLmNsXC93cC1jb250ZW50XC91cGxvYWRzXC8yMDI1XC8xMVwvRW5jdWVudHJvLVBhZHJlLWUtSGlqby0yMDI1LWlhbGVtYW4tcHVlcnRvLW1vbnR0XzAwMjFfRFNDXzA0ODMuanBnIiwic2xpZGVzaG93IjoiNzJmMDZjYyJ9\" href='https:\/\/ialeman.cl\/wp-content\/uploads\/2025\/11\/Encuentro-Padre-e-Hijo-2025-ialeman-puerto-montt_0021_DSC_0483.jpg'><img loading=\"lazy\" decoding=\"async\" width=\"1200\" height=\"801\" src=\"https:\/\/ialeman.cl\/wp-content\/uploads\/2025\/11\/Encuentro-Padre-e-Hijo-2025-ialeman-puerto-montt_0021_DSC_0483.jpg\" class=\"attachment-full size-full\" alt=\"\" srcset=\"https:\/\/ialeman.cl\/wp-content\/uploads\/2025\/11\/Encuentro-Padre-e-Hijo-2025-ialeman-puerto-montt_0021_DSC_0483.jpg 1200w, https:\/\/ialeman.cl\/wp-content\/uploads\/2025\/11\/Encuentro-Padre-e-Hijo-2025-ialeman-puerto-montt_0021_DSC_0483-300x200.jpg 300w, https:\/\/ialeman.cl\/wp-content\/uploads\/2025\/11\/Encuentro-Padre-e-Hijo-2025-ialeman-puerto-montt_0021_DSC_0483-1024x684.jpg 1024w, https:\/\/ialeman.cl\/wp-content\/uploads\/2025\/11\/Encuentro-Padre-e-Hijo-2025-ialeman-puerto-montt_0021_DSC_0483-768x513.jpg 768w\" sizes=\"(max-width: 1200px) 100vw, 1200px\" \/><\/a>\n\t\t\t<\/div><\/figure><figure class='gallery-item'>\n\t\t\t<div class='gallery-icon landscape'>\n\t\t\t\t<a data-elementor-open-lightbox=\"yes\" data-elementor-lightbox-slideshow=\"72f06cc\" data-elementor-lightbox-title=\"Encuentro Padre e Hijo 2025 ialeman puerto montt_0022_DSC_0482\" data-e-action-hash=\"#elementor-action%3Aaction%3Dlightbox%26settings%3DeyJpZCI6NTEzNDgsInVybCI6Imh0dHBzOlwvXC9pYWxlbWFuLmNsXC93cC1jb250ZW50XC91cGxvYWRzXC8yMDI1XC8xMVwvRW5jdWVudHJvLVBhZHJlLWUtSGlqby0yMDI1LWlhbGVtYW4tcHVlcnRvLW1vbnR0XzAwMjJfRFNDXzA0ODIuanBnIiwic2xpZGVzaG93IjoiNzJmMDZjYyJ9\" href='https:\/\/ialeman.cl\/wp-content\/uploads\/2025\/11\/Encuentro-Padre-e-Hijo-2025-ialeman-puerto-montt_0022_DSC_0482.jpg'><img loading=\"lazy\" decoding=\"async\" width=\"1200\" height=\"801\" src=\"https:\/\/ialeman.cl\/wp-content\/uploads\/2025\/11\/Encuentro-Padre-e-Hijo-2025-ialeman-puerto-montt_0022_DSC_0482.jpg\" class=\"attachment-full size-full\" alt=\"\" srcset=\"https:\/\/ialeman.cl\/wp-content\/uploads\/2025\/11\/Encuentro-Padre-e-Hijo-2025-ialeman-puerto-montt_0022_DSC_0482.jpg 1200w, https:\/\/ialeman.cl\/wp-content\/uploads\/2025\/11\/Encuentro-Padre-e-Hijo-2025-ialeman-puerto-montt_0022_DSC_0482-300x200.jpg 300w, https:\/\/ialeman.cl\/wp-content\/uploads\/2025\/11\/Encuentro-Padre-e-Hijo-2025-ialeman-puerto-montt_0022_DSC_0482-1024x684.jpg 1024w, https:\/\/ialeman.cl\/wp-content\/uploads\/2025\/11\/Encuentro-Padre-e-Hijo-2025-ialeman-puerto-montt_0022_DSC_0482-768x513.jpg 768w\" sizes=\"(max-width: 1200px) 100vw, 1200px\" \/><\/a>\n\t\t\t<\/div><\/figure><figure class='gallery-item'>\n\t\t\t<div class='gallery-icon landscape'>\n\t\t\t\t<a data-elementor-open-lightbox=\"yes\" data-elementor-lightbox-slideshow=\"72f06cc\" data-elementor-lightbox-title=\"Encuentro Padre e Hijo 2025 ialeman puerto montt_0023_DSC_0476\" data-e-action-hash=\"#elementor-action%3Aaction%3Dlightbox%26settings%3DeyJpZCI6NTEzNDksInVybCI6Imh0dHBzOlwvXC9pYWxlbWFuLmNsXC93cC1jb250ZW50XC91cGxvYWRzXC8yMDI1XC8xMVwvRW5jdWVudHJvLVBhZHJlLWUtSGlqby0yMDI1LWlhbGVtYW4tcHVlcnRvLW1vbnR0XzAwMjNfRFNDXzA0NzYuanBnIiwic2xpZGVzaG93IjoiNzJmMDZjYyJ9\" href='https:\/\/ialeman.cl\/wp-content\/uploads\/2025\/11\/Encuentro-Padre-e-Hijo-2025-ialeman-puerto-montt_0023_DSC_0476.jpg'><img loading=\"lazy\" decoding=\"async\" width=\"1200\" height=\"801\" src=\"https:\/\/ialeman.cl\/wp-content\/uploads\/2025\/11\/Encuentro-Padre-e-Hijo-2025-ialeman-puerto-montt_0023_DSC_0476.jpg\" class=\"attachment-full size-full\" alt=\"\" srcset=\"https:\/\/ialeman.cl\/wp-content\/uploads\/2025\/11\/Encuentro-Padre-e-Hijo-2025-ialeman-puerto-montt_0023_DSC_0476.jpg 1200w, https:\/\/ialeman.cl\/wp-content\/uploads\/2025\/11\/Encuentro-Padre-e-Hijo-2025-ialeman-puerto-montt_0023_DSC_0476-300x200.jpg 300w, https:\/\/ialeman.cl\/wp-content\/uploads\/2025\/11\/Encuentro-Padre-e-Hijo-2025-ialeman-puerto-montt_0023_DSC_0476-1024x684.jpg 1024w, https:\/\/ialeman.cl\/wp-content\/uploads\/2025\/11\/Encuentro-Padre-e-Hijo-2025-ialeman-puerto-montt_0023_DSC_0476-768x513.jpg 768w\" sizes=\"(max-width: 1200px) 100vw, 1200px\" \/><\/a>\n\t\t\t<\/div><\/figure><figure class='gallery-item'>\n\t\t\t<div class='gallery-icon landscape'>\n\t\t\t\t<a data-elementor-open-lightbox=\"yes\" data-elementor-lightbox-slideshow=\"72f06cc\" data-elementor-lightbox-title=\"Encuentro Padre e Hijo 2025 ialeman puerto montt_0024_DSC_0527\" data-e-action-hash=\"#elementor-action%3Aaction%3Dlightbox%26settings%3DeyJpZCI6NTEzNTAsInVybCI6Imh0dHBzOlwvXC9pYWxlbWFuLmNsXC93cC1jb250ZW50XC91cGxvYWRzXC8yMDI1XC8xMVwvRW5jdWVudHJvLVBhZHJlLWUtSGlqby0yMDI1LWlhbGVtYW4tcHVlcnRvLW1vbnR0XzAwMjRfRFNDXzA1MjcuanBnIiwic2xpZGVzaG93IjoiNzJmMDZjYyJ9\" href='https:\/\/ialeman.cl\/wp-content\/uploads\/2025\/11\/Encuentro-Padre-e-Hijo-2025-ialeman-puerto-montt_0024_DSC_0527.jpg'><img loading=\"lazy\" decoding=\"async\" width=\"1200\" height=\"801\" src=\"https:\/\/ialeman.cl\/wp-content\/uploads\/2025\/11\/Encuentro-Padre-e-Hijo-2025-ialeman-puerto-montt_0024_DSC_0527.jpg\" class=\"attachment-full size-full\" alt=\"\" srcset=\"https:\/\/ialeman.cl\/wp-content\/uploads\/2025\/11\/Encuentro-Padre-e-Hijo-2025-ialeman-puerto-montt_0024_DSC_0527.jpg 1200w, https:\/\/ialeman.cl\/wp-content\/uploads\/2025\/11\/Encuentro-Padre-e-Hijo-2025-ialeman-puerto-montt_0024_DSC_0527-300x200.jpg 300w, https:\/\/ialeman.cl\/wp-content\/uploads\/2025\/11\/Encuentro-Padre-e-Hijo-2025-ialeman-puerto-montt_0024_DSC_0527-1024x684.jpg 1024w, https:\/\/ialeman.cl\/wp-content\/uploads\/2025\/11\/Encuentro-Padre-e-Hijo-2025-ialeman-puerto-montt_0024_DSC_0527-768x513.jpg 768w\" sizes=\"(max-width: 1200px) 100vw, 1200px\" \/><\/a>\n\t\t\t<\/div><\/figure><figure class='gallery-item'>\n\t\t\t<div class='gallery-icon landscape'>\n\t\t\t\t<a data-elementor-open-lightbox=\"yes\" data-elementor-lightbox-slideshow=\"72f06cc\" data-elementor-lightbox-title=\"Encuentro Padre e Hijo 2025 ialeman puerto montt_0026_DSC_0463\" data-e-action-hash=\"#elementor-action%3Aaction%3Dlightbox%26settings%3DeyJpZCI6NTEzNTIsInVybCI6Imh0dHBzOlwvXC9pYWxlbWFuLmNsXC93cC1jb250ZW50XC91cGxvYWRzXC8yMDI1XC8xMVwvRW5jdWVudHJvLVBhZHJlLWUtSGlqby0yMDI1LWlhbGVtYW4tcHVlcnRvLW1vbnR0XzAwMjZfRFNDXzA0NjMuanBnIiwic2xpZGVzaG93IjoiNzJmMDZjYyJ9\" href='https:\/\/ialeman.cl\/wp-content\/uploads\/2025\/11\/Encuentro-Padre-e-Hijo-2025-ialeman-puerto-montt_0026_DSC_0463.jpg'><img loading=\"lazy\" decoding=\"async\" width=\"1200\" height=\"801\" src=\"https:\/\/ialeman.cl\/wp-content\/uploads\/2025\/11\/Encuentro-Padre-e-Hijo-2025-ialeman-puerto-montt_0026_DSC_0463.jpg\" class=\"attachment-full size-full\" alt=\"\" srcset=\"https:\/\/ialeman.cl\/wp-content\/uploads\/2025\/11\/Encuentro-Padre-e-Hijo-2025-ialeman-puerto-montt_0026_DSC_0463.jpg 1200w, https:\/\/ialeman.cl\/wp-content\/uploads\/2025\/11\/Encuentro-Padre-e-Hijo-2025-ialeman-puerto-montt_0026_DSC_0463-300x200.jpg 300w, https:\/\/ialeman.cl\/wp-content\/uploads\/2025\/11\/Encuentro-Padre-e-Hijo-2025-ialeman-puerto-montt_0026_DSC_0463-1024x684.jpg 1024w, https:\/\/ialeman.cl\/wp-content\/uploads\/2025\/11\/Encuentro-Padre-e-Hijo-2025-ialeman-puerto-montt_0026_DSC_0463-768x513.jpg 768w\" sizes=\"(max-width: 1200px) 100vw, 1200px\" \/><\/a>\n\t\t\t<\/div><\/figure><figure class='gallery-item'>\n\t\t\t<div class='gallery-icon landscape'>\n\t\t\t\t<a data-elementor-open-lightbox=\"yes\" data-elementor-lightbox-slideshow=\"72f06cc\" data-elementor-lightbox-title=\"Encuentro Padre e Hijo 2025 ialeman puerto montt_0027_DSC_0460\" data-e-action-hash=\"#elementor-action%3Aaction%3Dlightbox%26settings%3DeyJpZCI6NTEzNTMsInVybCI6Imh0dHBzOlwvXC9pYWxlbWFuLmNsXC93cC1jb250ZW50XC91cGxvYWRzXC8yMDI1XC8xMVwvRW5jdWVudHJvLVBhZHJlLWUtSGlqby0yMDI1LWlhbGVtYW4tcHVlcnRvLW1vbnR0XzAwMjdfRFNDXzA0NjAuanBnIiwic2xpZGVzaG93IjoiNzJmMDZjYyJ9\" href='https:\/\/ialeman.cl\/wp-content\/uploads\/2025\/11\/Encuentro-Padre-e-Hijo-2025-ialeman-puerto-montt_0027_DSC_0460.jpg'><img loading=\"lazy\" decoding=\"async\" width=\"1200\" height=\"801\" src=\"https:\/\/ialeman.cl\/wp-content\/uploads\/2025\/11\/Encuentro-Padre-e-Hijo-2025-ialeman-puerto-montt_0027_DSC_0460.jpg\" class=\"attachment-full size-full\" alt=\"\" srcset=\"https:\/\/ialeman.cl\/wp-content\/uploads\/2025\/11\/Encuentro-Padre-e-Hijo-2025-ialeman-puerto-montt_0027_DSC_0460.jpg 1200w, https:\/\/ialeman.cl\/wp-content\/uploads\/2025\/11\/Encuentro-Padre-e-Hijo-2025-ialeman-puerto-montt_0027_DSC_0460-300x200.jpg 300w, https:\/\/ialeman.cl\/wp-content\/uploads\/2025\/11\/Encuentro-Padre-e-Hijo-2025-ialeman-puerto-montt_0027_DSC_0460-1024x684.jpg 1024w, https:\/\/ialeman.cl\/wp-content\/uploads\/2025\/11\/Encuentro-Padre-e-Hijo-2025-ialeman-puerto-montt_0027_DSC_0460-768x513.jpg 768w\" sizes=\"(max-width: 1200px) 100vw, 1200px\" \/><\/a>\n\t\t\t<\/div><\/figure><figure class='gallery-item'>\n\t\t\t<div class='gallery-icon landscape'>\n\t\t\t\t<a data-elementor-open-lightbox=\"yes\" data-elementor-lightbox-slideshow=\"72f06cc\" data-elementor-lightbox-title=\"Encuentro Padre e Hijo 2025 ialeman puerto montt_0028_DSC_0459\" data-e-action-hash=\"#elementor-action%3Aaction%3Dlightbox%26settings%3DeyJpZCI6NTEzNTQsInVybCI6Imh0dHBzOlwvXC9pYWxlbWFuLmNsXC93cC1jb250ZW50XC91cGxvYWRzXC8yMDI1XC8xMVwvRW5jdWVudHJvLVBhZHJlLWUtSGlqby0yMDI1LWlhbGVtYW4tcHVlcnRvLW1vbnR0XzAwMjhfRFNDXzA0NTkuanBnIiwic2xpZGVzaG93IjoiNzJmMDZjYyJ9\" href='https:\/\/ialeman.cl\/wp-content\/uploads\/2025\/11\/Encuentro-Padre-e-Hijo-2025-ialeman-puerto-montt_0028_DSC_0459.jpg'><img loading=\"lazy\" decoding=\"async\" width=\"1200\" height=\"801\" src=\"https:\/\/ialeman.cl\/wp-content\/uploads\/2025\/11\/Encuentro-Padre-e-Hijo-2025-ialeman-puerto-montt_0028_DSC_0459.jpg\" class=\"attachment-full size-full\" alt=\"\" srcset=\"https:\/\/ialeman.cl\/wp-content\/uploads\/2025\/11\/Encuentro-Padre-e-Hijo-2025-ialeman-puerto-montt_0028_DSC_0459.jpg 1200w, https:\/\/ialeman.cl\/wp-content\/uploads\/2025\/11\/Encuentro-Padre-e-Hijo-2025-ialeman-puerto-montt_0028_DSC_0459-300x200.jpg 300w, https:\/\/ialeman.cl\/wp-content\/uploads\/2025\/11\/Encuentro-Padre-e-Hijo-2025-ialeman-puerto-montt_0028_DSC_0459-1024x684.jpg 1024w, https:\/\/ialeman.cl\/wp-content\/uploads\/2025\/11\/Encuentro-Padre-e-Hijo-2025-ialeman-puerto-montt_0028_DSC_0459-768x513.jpg 768w\" sizes=\"(max-width: 1200px) 100vw, 1200px\" \/><\/a>\n\t\t\t<\/div><\/figure><figure class='gallery-item'>\n\t\t\t<div class='gallery-icon landscape'>\n\t\t\t\t<a data-elementor-open-lightbox=\"yes\" data-elementor-lightbox-slideshow=\"72f06cc\" data-elementor-lightbox-title=\"Encuentro Padre e Hijo 2025 ialeman puerto montt_0004_DSC_0570\" data-e-action-hash=\"#elementor-action%3Aaction%3Dlightbox%26settings%3DeyJpZCI6NTEzMzAsInVybCI6Imh0dHBzOlwvXC9pYWxlbWFuLmNsXC93cC1jb250ZW50XC91cGxvYWRzXC8yMDI1XC8xMVwvRW5jdWVudHJvLVBhZHJlLWUtSGlqby0yMDI1LWlhbGVtYW4tcHVlcnRvLW1vbnR0XzAwMDRfRFNDXzA1NzAuanBnIiwic2xpZGVzaG93IjoiNzJmMDZjYyJ9\" href='https:\/\/ialeman.cl\/wp-content\/uploads\/2025\/11\/Encuentro-Padre-e-Hijo-2025-ialeman-puerto-montt_0004_DSC_0570.jpg'><img loading=\"lazy\" decoding=\"async\" width=\"1200\" height=\"801\" src=\"https:\/\/ialeman.cl\/wp-content\/uploads\/2025\/11\/Encuentro-Padre-e-Hijo-2025-ialeman-puerto-montt_0004_DSC_0570.jpg\" class=\"attachment-full size-full\" alt=\"\" srcset=\"https:\/\/ialeman.cl\/wp-content\/uploads\/2025\/11\/Encuentro-Padre-e-Hijo-2025-ialeman-puerto-montt_0004_DSC_0570.jpg 1200w, https:\/\/ialeman.cl\/wp-content\/uploads\/2025\/11\/Encuentro-Padre-e-Hijo-2025-ialeman-puerto-montt_0004_DSC_0570-300x200.jpg 300w, https:\/\/ialeman.cl\/wp-content\/uploads\/2025\/11\/Encuentro-Padre-e-Hijo-2025-ialeman-puerto-montt_0004_DSC_0570-1024x684.jpg 1024w, https:\/\/ialeman.cl\/wp-content\/uploads\/2025\/11\/Encuentro-Padre-e-Hijo-2025-ialeman-puerto-montt_0004_DSC_0570-768x513.jpg 768w\" sizes=\"(max-width: 1200px) 100vw, 1200px\" \/><\/a>\n\t\t\t<\/div><\/figure><figure class='gallery-item'>\n\t\t\t<div class='gallery-icon landscape'>\n\t\t\t\t<a data-elementor-open-lightbox=\"yes\" data-elementor-lightbox-slideshow=\"72f06cc\" data-elementor-lightbox-title=\"Encuentro Padre e Hijo 2025 ialeman puerto montt_0029_DSC_0457\" data-e-action-hash=\"#elementor-action%3Aaction%3Dlightbox%26settings%3DeyJpZCI6NTEzNTUsInVybCI6Imh0dHBzOlwvXC9pYWxlbWFuLmNsXC93cC1jb250ZW50XC91cGxvYWRzXC8yMDI1XC8xMVwvRW5jdWVudHJvLVBhZHJlLWUtSGlqby0yMDI1LWlhbGVtYW4tcHVlcnRvLW1vbnR0XzAwMjlfRFNDXzA0NTcuanBnIiwic2xpZGVzaG93IjoiNzJmMDZjYyJ9\" href='https:\/\/ialeman.cl\/wp-content\/uploads\/2025\/11\/Encuentro-Padre-e-Hijo-2025-ialeman-puerto-montt_0029_DSC_0457.jpg'><img loading=\"lazy\" decoding=\"async\" width=\"1200\" height=\"801\" src=\"https:\/\/ialeman.cl\/wp-content\/uploads\/2025\/11\/Encuentro-Padre-e-Hijo-2025-ialeman-puerto-montt_0029_DSC_0457.jpg\" class=\"attachment-full size-full\" alt=\"\" srcset=\"https:\/\/ialeman.cl\/wp-content\/uploads\/2025\/11\/Encuentro-Padre-e-Hijo-2025-ialeman-puerto-montt_0029_DSC_0457.jpg 1200w, https:\/\/ialeman.cl\/wp-content\/uploads\/2025\/11\/Encuentro-Padre-e-Hijo-2025-ialeman-puerto-montt_0029_DSC_0457-300x200.jpg 300w, https:\/\/ialeman.cl\/wp-content\/uploads\/2025\/11\/Encuentro-Padre-e-Hijo-2025-ialeman-puerto-montt_0029_DSC_0457-1024x684.jpg 1024w, https:\/\/ialeman.cl\/wp-content\/uploads\/2025\/11\/Encuentro-Padre-e-Hijo-2025-ialeman-puerto-montt_0029_DSC_0457-768x513.jpg 768w\" sizes=\"(max-width: 1200px) 100vw, 1200px\" \/><\/a>\n\t\t\t<\/div><\/figure><figure class='gallery-item'>\n\t\t\t<div class='gallery-icon landscape'>\n\t\t\t\t<a data-elementor-open-lightbox=\"yes\" data-elementor-lightbox-slideshow=\"72f06cc\" data-elementor-lightbox-title=\"Encuentro Padre e Hijo 2025 ialeman puerto montt_0031_DSC_0451\" data-e-action-hash=\"#elementor-action%3Aaction%3Dlightbox%26settings%3DeyJpZCI6NTEzNTcsInVybCI6Imh0dHBzOlwvXC9pYWxlbWFuLmNsXC93cC1jb250ZW50XC91cGxvYWRzXC8yMDI1XC8xMVwvRW5jdWVudHJvLVBhZHJlLWUtSGlqby0yMDI1LWlhbGVtYW4tcHVlcnRvLW1vbnR0XzAwMzFfRFNDXzA0NTEuanBnIiwic2xpZGVzaG93IjoiNzJmMDZjYyJ9\" href='https:\/\/ialeman.cl\/wp-content\/uploads\/2025\/11\/Encuentro-Padre-e-Hijo-2025-ialeman-puerto-montt_0031_DSC_0451.jpg'><img loading=\"lazy\" decoding=\"async\" width=\"1200\" height=\"801\" src=\"https:\/\/ialeman.cl\/wp-content\/uploads\/2025\/11\/Encuentro-Padre-e-Hijo-2025-ialeman-puerto-montt_0031_DSC_0451.jpg\" class=\"attachment-full size-full\" alt=\"\" srcset=\"https:\/\/ialeman.cl\/wp-content\/uploads\/2025\/11\/Encuentro-Padre-e-Hijo-2025-ialeman-puerto-montt_0031_DSC_0451.jpg 1200w, https:\/\/ialeman.cl\/wp-content\/uploads\/2025\/11\/Encuentro-Padre-e-Hijo-2025-ialeman-puerto-montt_0031_DSC_0451-300x200.jpg 300w, https:\/\/ialeman.cl\/wp-content\/uploads\/2025\/11\/Encuentro-Padre-e-Hijo-2025-ialeman-puerto-montt_0031_DSC_0451-1024x684.jpg 1024w, https:\/\/ialeman.cl\/wp-content\/uploads\/2025\/11\/Encuentro-Padre-e-Hijo-2025-ialeman-puerto-montt_0031_DSC_0451-768x513.jpg 768w\" sizes=\"(max-width: 1200px) 100vw, 1200px\" \/><\/a>\n\t\t\t<\/div><\/figure><figure class='gallery-item'>\n\t\t\t<div class='gallery-icon landscape'>\n\t\t\t\t<a data-elementor-open-lightbox=\"yes\" data-elementor-lightbox-slideshow=\"72f06cc\" data-elementor-lightbox-title=\"Encuentro Padre e Hijo 2025 ialeman puerto montt_0032_DSC_0466\" data-e-action-hash=\"#elementor-action%3Aaction%3Dlightbox%26settings%3DeyJpZCI6NTEzNTgsInVybCI6Imh0dHBzOlwvXC9pYWxlbWFuLmNsXC93cC1jb250ZW50XC91cGxvYWRzXC8yMDI1XC8xMVwvRW5jdWVudHJvLVBhZHJlLWUtSGlqby0yMDI1LWlhbGVtYW4tcHVlcnRvLW1vbnR0XzAwMzJfRFNDXzA0NjYuanBnIiwic2xpZGVzaG93IjoiNzJmMDZjYyJ9\" href='https:\/\/ialeman.cl\/wp-content\/uploads\/2025\/11\/Encuentro-Padre-e-Hijo-2025-ialeman-puerto-montt_0032_DSC_0466.jpg'><img loading=\"lazy\" decoding=\"async\" width=\"1200\" height=\"801\" src=\"https:\/\/ialeman.cl\/wp-content\/uploads\/2025\/11\/Encuentro-Padre-e-Hijo-2025-ialeman-puerto-montt_0032_DSC_0466.jpg\" class=\"attachment-full size-full\" alt=\"\" srcset=\"https:\/\/ialeman.cl\/wp-content\/uploads\/2025\/11\/Encuentro-Padre-e-Hijo-2025-ialeman-puerto-montt_0032_DSC_0466.jpg 1200w, https:\/\/ialeman.cl\/wp-content\/uploads\/2025\/11\/Encuentro-Padre-e-Hijo-2025-ialeman-puerto-montt_0032_DSC_0466-300x200.jpg 300w, https:\/\/ialeman.cl\/wp-content\/uploads\/2025\/11\/Encuentro-Padre-e-Hijo-2025-ialeman-puerto-montt_0032_DSC_0466-1024x684.jpg 1024w, https:\/\/ialeman.cl\/wp-content\/uploads\/2025\/11\/Encuentro-Padre-e-Hijo-2025-ialeman-puerto-montt_0032_DSC_0466-768x513.jpg 768w\" sizes=\"(max-width: 1200px) 100vw, 1200px\" \/><\/a>\n\t\t\t<\/div><\/figure><figure class='gallery-item'>\n\t\t\t<div class='gallery-icon landscape'>\n\t\t\t\t<a data-elementor-open-lightbox=\"yes\" data-elementor-lightbox-slideshow=\"72f06cc\" data-elementor-lightbox-title=\"Encuentro Padre e Hijo 2025 ialeman puerto montt_0033_DSC_0380\" data-e-action-hash=\"#elementor-action%3Aaction%3Dlightbox%26settings%3DeyJpZCI6NTEzNTksInVybCI6Imh0dHBzOlwvXC9pYWxlbWFuLmNsXC93cC1jb250ZW50XC91cGxvYWRzXC8yMDI1XC8xMVwvRW5jdWVudHJvLVBhZHJlLWUtSGlqby0yMDI1LWlhbGVtYW4tcHVlcnRvLW1vbnR0XzAwMzNfRFNDXzAzODAuanBnIiwic2xpZGVzaG93IjoiNzJmMDZjYyJ9\" href='https:\/\/ialeman.cl\/wp-content\/uploads\/2025\/11\/Encuentro-Padre-e-Hijo-2025-ialeman-puerto-montt_0033_DSC_0380.jpg'><img loading=\"lazy\" decoding=\"async\" width=\"1200\" height=\"801\" src=\"https:\/\/ialeman.cl\/wp-content\/uploads\/2025\/11\/Encuentro-Padre-e-Hijo-2025-ialeman-puerto-montt_0033_DSC_0380.jpg\" class=\"attachment-full size-full\" alt=\"\" srcset=\"https:\/\/ialeman.cl\/wp-content\/uploads\/2025\/11\/Encuentro-Padre-e-Hijo-2025-ialeman-puerto-montt_0033_DSC_0380.jpg 1200w, https:\/\/ialeman.cl\/wp-content\/uploads\/2025\/11\/Encuentro-Padre-e-Hijo-2025-ialeman-puerto-montt_0033_DSC_0380-300x200.jpg 300w, https:\/\/ialeman.cl\/wp-content\/uploads\/2025\/11\/Encuentro-Padre-e-Hijo-2025-ialeman-puerto-montt_0033_DSC_0380-1024x684.jpg 1024w, https:\/\/ialeman.cl\/wp-content\/uploads\/2025\/11\/Encuentro-Padre-e-Hijo-2025-ialeman-puerto-montt_0033_DSC_0380-768x513.jpg 768w\" sizes=\"(max-width: 1200px) 100vw, 1200px\" \/><\/a>\n\t\t\t<\/div><\/figure><figure class='gallery-item'>\n\t\t\t<div class='gallery-icon landscape'>\n\t\t\t\t<a data-elementor-open-lightbox=\"yes\" data-elementor-lightbox-slideshow=\"72f06cc\" data-elementor-lightbox-title=\"Encuentro Padre e Hijo 2025 ialeman puerto montt_0034_DSC_0441\" data-e-action-hash=\"#elementor-action%3Aaction%3Dlightbox%26settings%3DeyJpZCI6NTEzNjAsInVybCI6Imh0dHBzOlwvXC9pYWxlbWFuLmNsXC93cC1jb250ZW50XC91cGxvYWRzXC8yMDI1XC8xMVwvRW5jdWVudHJvLVBhZHJlLWUtSGlqby0yMDI1LWlhbGVtYW4tcHVlcnRvLW1vbnR0XzAwMzRfRFNDXzA0NDEuanBnIiwic2xpZGVzaG93IjoiNzJmMDZjYyJ9\" href='https:\/\/ialeman.cl\/wp-content\/uploads\/2025\/11\/Encuentro-Padre-e-Hijo-2025-ialeman-puerto-montt_0034_DSC_0441.jpg'><img loading=\"lazy\" decoding=\"async\" width=\"1200\" height=\"801\" src=\"https:\/\/ialeman.cl\/wp-content\/uploads\/2025\/11\/Encuentro-Padre-e-Hijo-2025-ialeman-puerto-montt_0034_DSC_0441.jpg\" class=\"attachment-full size-full\" alt=\"\" srcset=\"https:\/\/ialeman.cl\/wp-content\/uploads\/2025\/11\/Encuentro-Padre-e-Hijo-2025-ialeman-puerto-montt_0034_DSC_0441.jpg 1200w, https:\/\/ialeman.cl\/wp-content\/uploads\/2025\/11\/Encuentro-Padre-e-Hijo-2025-ialeman-puerto-montt_0034_DSC_0441-300x200.jpg 300w, https:\/\/ialeman.cl\/wp-content\/uploads\/2025\/11\/Encuentro-Padre-e-Hijo-2025-ialeman-puerto-montt_0034_DSC_0441-1024x684.jpg 1024w, https:\/\/ialeman.cl\/wp-content\/uploads\/2025\/11\/Encuentro-Padre-e-Hijo-2025-ialeman-puerto-montt_0034_DSC_0441-768x513.jpg 768w\" sizes=\"(max-width: 1200px) 100vw, 1200px\" \/><\/a>\n\t\t\t<\/div><\/figure><figure class='gallery-item'>\n\t\t\t<div class='gallery-icon landscape'>\n\t\t\t\t<a data-elementor-open-lightbox=\"yes\" data-elementor-lightbox-slideshow=\"72f06cc\" data-elementor-lightbox-title=\"Encuentro Padre e Hijo 2025 ialeman puerto montt_0035_DSC_0439\" data-e-action-hash=\"#elementor-action%3Aaction%3Dlightbox%26settings%3DeyJpZCI6NTEzNjEsInVybCI6Imh0dHBzOlwvXC9pYWxlbWFuLmNsXC93cC1jb250ZW50XC91cGxvYWRzXC8yMDI1XC8xMVwvRW5jdWVudHJvLVBhZHJlLWUtSGlqby0yMDI1LWlhbGVtYW4tcHVlcnRvLW1vbnR0XzAwMzVfRFNDXzA0MzkuanBnIiwic2xpZGVzaG93IjoiNzJmMDZjYyJ9\" href='https:\/\/ialeman.cl\/wp-content\/uploads\/2025\/11\/Encuentro-Padre-e-Hijo-2025-ialeman-puerto-montt_0035_DSC_0439.jpg'><img loading=\"lazy\" decoding=\"async\" width=\"1200\" height=\"801\" src=\"https:\/\/ialeman.cl\/wp-content\/uploads\/2025\/11\/Encuentro-Padre-e-Hijo-2025-ialeman-puerto-montt_0035_DSC_0439.jpg\" class=\"attachment-full size-full\" alt=\"\" srcset=\"https:\/\/ialeman.cl\/wp-content\/uploads\/2025\/11\/Encuentro-Padre-e-Hijo-2025-ialeman-puerto-montt_0035_DSC_0439.jpg 1200w, https:\/\/ialeman.cl\/wp-content\/uploads\/2025\/11\/Encuentro-Padre-e-Hijo-2025-ialeman-puerto-montt_0035_DSC_0439-300x200.jpg 300w, https:\/\/ialeman.cl\/wp-content\/uploads\/2025\/11\/Encuentro-Padre-e-Hijo-2025-ialeman-puerto-montt_0035_DSC_0439-1024x684.jpg 1024w, https:\/\/ialeman.cl\/wp-content\/uploads\/2025\/11\/Encuentro-Padre-e-Hijo-2025-ialeman-puerto-montt_0035_DSC_0439-768x513.jpg 768w\" sizes=\"(max-width: 1200px) 100vw, 1200px\" \/><\/a>\n\t\t\t<\/div><\/figure><figure class='gallery-item'>\n\t\t\t<div class='gallery-icon landscape'>\n\t\t\t\t<a data-elementor-open-lightbox=\"yes\" data-elementor-lightbox-slideshow=\"72f06cc\" data-elementor-lightbox-title=\"Encuentro Padre e Hijo 2025 ialeman puerto montt_0036_DSC_0435\" data-e-action-hash=\"#elementor-action%3Aaction%3Dlightbox%26settings%3DeyJpZCI6NTEzNjIsInVybCI6Imh0dHBzOlwvXC9pYWxlbWFuLmNsXC93cC1jb250ZW50XC91cGxvYWRzXC8yMDI1XC8xMVwvRW5jdWVudHJvLVBhZHJlLWUtSGlqby0yMDI1LWlhbGVtYW4tcHVlcnRvLW1vbnR0XzAwMzZfRFNDXzA0MzUuanBnIiwic2xpZGVzaG93IjoiNzJmMDZjYyJ9\" href='https:\/\/ialeman.cl\/wp-content\/uploads\/2025\/11\/Encuentro-Padre-e-Hijo-2025-ialeman-puerto-montt_0036_DSC_0435.jpg'><img loading=\"lazy\" decoding=\"async\" width=\"1200\" height=\"801\" src=\"https:\/\/ialeman.cl\/wp-content\/uploads\/2025\/11\/Encuentro-Padre-e-Hijo-2025-ialeman-puerto-montt_0036_DSC_0435.jpg\" class=\"attachment-full size-full\" alt=\"\" srcset=\"https:\/\/ialeman.cl\/wp-content\/uploads\/2025\/11\/Encuentro-Padre-e-Hijo-2025-ialeman-puerto-montt_0036_DSC_0435.jpg 1200w, https:\/\/ialeman.cl\/wp-content\/uploads\/2025\/11\/Encuentro-Padre-e-Hijo-2025-ialeman-puerto-montt_0036_DSC_0435-300x200.jpg 300w, https:\/\/ialeman.cl\/wp-content\/uploads\/2025\/11\/Encuentro-Padre-e-Hijo-2025-ialeman-puerto-montt_0036_DSC_0435-1024x684.jpg 1024w, https:\/\/ialeman.cl\/wp-content\/uploads\/2025\/11\/Encuentro-Padre-e-Hijo-2025-ialeman-puerto-montt_0036_DSC_0435-768x513.jpg 768w\" sizes=\"(max-width: 1200px) 100vw, 1200px\" \/><\/a>\n\t\t\t<\/div><\/figure><figure class='gallery-item'>\n\t\t\t<div class='gallery-icon landscape'>\n\t\t\t\t<a data-elementor-open-lightbox=\"yes\" data-elementor-lightbox-slideshow=\"72f06cc\" data-elementor-lightbox-title=\"Encuentro Padre e Hijo 2025 ialeman puerto montt_0037_DSC_0433\" data-e-action-hash=\"#elementor-action%3Aaction%3Dlightbox%26settings%3DeyJpZCI6NTEzNjMsInVybCI6Imh0dHBzOlwvXC9pYWxlbWFuLmNsXC93cC1jb250ZW50XC91cGxvYWRzXC8yMDI1XC8xMVwvRW5jdWVudHJvLVBhZHJlLWUtSGlqby0yMDI1LWlhbGVtYW4tcHVlcnRvLW1vbnR0XzAwMzdfRFNDXzA0MzMuanBnIiwic2xpZGVzaG93IjoiNzJmMDZjYyJ9\" href='https:\/\/ialeman.cl\/wp-content\/uploads\/2025\/11\/Encuentro-Padre-e-Hijo-2025-ialeman-puerto-montt_0037_DSC_0433.jpg'><img loading=\"lazy\" decoding=\"async\" width=\"1200\" height=\"801\" src=\"https:\/\/ialeman.cl\/wp-content\/uploads\/2025\/11\/Encuentro-Padre-e-Hijo-2025-ialeman-puerto-montt_0037_DSC_0433.jpg\" class=\"attachment-full size-full\" alt=\"\" srcset=\"https:\/\/ialeman.cl\/wp-content\/uploads\/2025\/11\/Encuentro-Padre-e-Hijo-2025-ialeman-puerto-montt_0037_DSC_0433.jpg 1200w, https:\/\/ialeman.cl\/wp-content\/uploads\/2025\/11\/Encuentro-Padre-e-Hijo-2025-ialeman-puerto-montt_0037_DSC_0433-300x200.jpg 300w, https:\/\/ialeman.cl\/wp-content\/uploads\/2025\/11\/Encuentro-Padre-e-Hijo-2025-ialeman-puerto-montt_0037_DSC_0433-1024x684.jpg 1024w, https:\/\/ialeman.cl\/wp-content\/uploads\/2025\/11\/Encuentro-Padre-e-Hijo-2025-ialeman-puerto-montt_0037_DSC_0433-768x513.jpg 768w\" sizes=\"(max-width: 1200px) 100vw, 1200px\" \/><\/a>\n\t\t\t<\/div><\/figure><figure class='gallery-item'>\n\t\t\t<div class='gallery-icon landscape'>\n\t\t\t\t<a data-elementor-open-lightbox=\"yes\" data-elementor-lightbox-slideshow=\"72f06cc\" data-elementor-lightbox-title=\"Encuentro Padre e Hijo 2025 ialeman puerto montt_0038_DSC_0431\" data-e-action-hash=\"#elementor-action%3Aaction%3Dlightbox%26settings%3DeyJpZCI6NTEzNjQsInVybCI6Imh0dHBzOlwvXC9pYWxlbWFuLmNsXC93cC1jb250ZW50XC91cGxvYWRzXC8yMDI1XC8xMVwvRW5jdWVudHJvLVBhZHJlLWUtSGlqby0yMDI1LWlhbGVtYW4tcHVlcnRvLW1vbnR0XzAwMzhfRFNDXzA0MzEuanBnIiwic2xpZGVzaG93IjoiNzJmMDZjYyJ9\" href='https:\/\/ialeman.cl\/wp-content\/uploads\/2025\/11\/Encuentro-Padre-e-Hijo-2025-ialeman-puerto-montt_0038_DSC_0431.jpg'><img loading=\"lazy\" decoding=\"async\" width=\"1200\" height=\"801\" src=\"https:\/\/ialeman.cl\/wp-content\/uploads\/2025\/11\/Encuentro-Padre-e-Hijo-2025-ialeman-puerto-montt_0038_DSC_0431.jpg\" class=\"attachment-full size-full\" alt=\"\" srcset=\"https:\/\/ialeman.cl\/wp-content\/uploads\/2025\/11\/Encuentro-Padre-e-Hijo-2025-ialeman-puerto-montt_0038_DSC_0431.jpg 1200w, https:\/\/ialeman.cl\/wp-content\/uploads\/2025\/11\/Encuentro-Padre-e-Hijo-2025-ialeman-puerto-montt_0038_DSC_0431-300x200.jpg 300w, https:\/\/ialeman.cl\/wp-content\/uploads\/2025\/11\/Encuentro-Padre-e-Hijo-2025-ialeman-puerto-montt_0038_DSC_0431-1024x684.jpg 1024w, https:\/\/ialeman.cl\/wp-content\/uploads\/2025\/11\/Encuentro-Padre-e-Hijo-2025-ialeman-puerto-montt_0038_DSC_0431-768x513.jpg 768w\" sizes=\"(max-width: 1200px) 100vw, 1200px\" \/><\/a>\n\t\t\t<\/div><\/figure><figure class='gallery-item'>\n\t\t\t<div class='gallery-icon landscape'>\n\t\t\t\t<a data-elementor-open-lightbox=\"yes\" data-elementor-lightbox-slideshow=\"72f06cc\" data-elementor-lightbox-title=\"Encuentro Padre e Hijo 2025 ialeman puerto montt_0039_DSC_0428\" data-e-action-hash=\"#elementor-action%3Aaction%3Dlightbox%26settings%3DeyJpZCI6NTEzNjUsInVybCI6Imh0dHBzOlwvXC9pYWxlbWFuLmNsXC93cC1jb250ZW50XC91cGxvYWRzXC8yMDI1XC8xMVwvRW5jdWVudHJvLVBhZHJlLWUtSGlqby0yMDI1LWlhbGVtYW4tcHVlcnRvLW1vbnR0XzAwMzlfRFNDXzA0MjguanBnIiwic2xpZGVzaG93IjoiNzJmMDZjYyJ9\" href='https:\/\/ialeman.cl\/wp-content\/uploads\/2025\/11\/Encuentro-Padre-e-Hijo-2025-ialeman-puerto-montt_0039_DSC_0428.jpg'><img loading=\"lazy\" decoding=\"async\" width=\"1200\" height=\"801\" src=\"https:\/\/ialeman.cl\/wp-content\/uploads\/2025\/11\/Encuentro-Padre-e-Hijo-2025-ialeman-puerto-montt_0039_DSC_0428.jpg\" class=\"attachment-full size-full\" alt=\"\" srcset=\"https:\/\/ialeman.cl\/wp-content\/uploads\/2025\/11\/Encuentro-Padre-e-Hijo-2025-ialeman-puerto-montt_0039_DSC_0428.jpg 1200w, https:\/\/ialeman.cl\/wp-content\/uploads\/2025\/11\/Encuentro-Padre-e-Hijo-2025-ialeman-puerto-montt_0039_DSC_0428-300x200.jpg 300w, https:\/\/ialeman.cl\/wp-content\/uploads\/2025\/11\/Encuentro-Padre-e-Hijo-2025-ialeman-puerto-montt_0039_DSC_0428-1024x684.jpg 1024w, https:\/\/ialeman.cl\/wp-content\/uploads\/2025\/11\/Encuentro-Padre-e-Hijo-2025-ialeman-puerto-montt_0039_DSC_0428-768x513.jpg 768w\" sizes=\"(max-width: 1200px) 100vw, 1200px\" \/><\/a>\n\t\t\t<\/div><\/figure><figure class='gallery-item'>\n\t\t\t<div class='gallery-icon landscape'>\n\t\t\t\t<a data-elementor-open-lightbox=\"yes\" data-elementor-lightbox-slideshow=\"72f06cc\" data-elementor-lightbox-title=\"Encuentro Padre e Hijo 2025 ialeman puerto montt_0040_DSC_0424\" data-e-action-hash=\"#elementor-action%3Aaction%3Dlightbox%26settings%3DeyJpZCI6NTEzNjYsInVybCI6Imh0dHBzOlwvXC9pYWxlbWFuLmNsXC93cC1jb250ZW50XC91cGxvYWRzXC8yMDI1XC8xMVwvRW5jdWVudHJvLVBhZHJlLWUtSGlqby0yMDI1LWlhbGVtYW4tcHVlcnRvLW1vbnR0XzAwNDBfRFNDXzA0MjQuanBnIiwic2xpZGVzaG93IjoiNzJmMDZjYyJ9\" href='https:\/\/ialeman.cl\/wp-content\/uploads\/2025\/11\/Encuentro-Padre-e-Hijo-2025-ialeman-puerto-montt_0040_DSC_0424.jpg'><img loading=\"lazy\" decoding=\"async\" width=\"1200\" height=\"801\" src=\"https:\/\/ialeman.cl\/wp-content\/uploads\/2025\/11\/Encuentro-Padre-e-Hijo-2025-ialeman-puerto-montt_0040_DSC_0424.jpg\" class=\"attachment-full size-full\" alt=\"\" srcset=\"https:\/\/ialeman.cl\/wp-content\/uploads\/2025\/11\/Encuentro-Padre-e-Hijo-2025-ialeman-puerto-montt_0040_DSC_0424.jpg 1200w, https:\/\/ialeman.cl\/wp-content\/uploads\/2025\/11\/Encuentro-Padre-e-Hijo-2025-ialeman-puerto-montt_0040_DSC_0424-300x200.jpg 300w, https:\/\/ialeman.cl\/wp-content\/uploads\/2025\/11\/Encuentro-Padre-e-Hijo-2025-ialeman-puerto-montt_0040_DSC_0424-1024x684.jpg 1024w, https:\/\/ialeman.cl\/wp-content\/uploads\/2025\/11\/Encuentro-Padre-e-Hijo-2025-ialeman-puerto-montt_0040_DSC_0424-768x513.jpg 768w\" sizes=\"(max-width: 1200px) 100vw, 1200px\" \/><\/a>\n\t\t\t<\/div><\/figure><figure class='gallery-item'>\n\t\t\t<div class='gallery-icon landscape'>\n\t\t\t\t<a data-elementor-open-lightbox=\"yes\" data-elementor-lightbox-slideshow=\"72f06cc\" data-elementor-lightbox-title=\"Encuentro Padre e Hijo 2025 ialeman puerto montt_0041_DSC_0422\" data-e-action-hash=\"#elementor-action%3Aaction%3Dlightbox%26settings%3DeyJpZCI6NTEzNjcsInVybCI6Imh0dHBzOlwvXC9pYWxlbWFuLmNsXC93cC1jb250ZW50XC91cGxvYWRzXC8yMDI1XC8xMVwvRW5jdWVudHJvLVBhZHJlLWUtSGlqby0yMDI1LWlhbGVtYW4tcHVlcnRvLW1vbnR0XzAwNDFfRFNDXzA0MjIuanBnIiwic2xpZGVzaG93IjoiNzJmMDZjYyJ9\" href='https:\/\/ialeman.cl\/wp-content\/uploads\/2025\/11\/Encuentro-Padre-e-Hijo-2025-ialeman-puerto-montt_0041_DSC_0422.jpg'><img loading=\"lazy\" decoding=\"async\" width=\"1200\" height=\"801\" src=\"https:\/\/ialeman.cl\/wp-content\/uploads\/2025\/11\/Encuentro-Padre-e-Hijo-2025-ialeman-puerto-montt_0041_DSC_0422.jpg\" class=\"attachment-full size-full\" alt=\"\" srcset=\"https:\/\/ialeman.cl\/wp-content\/uploads\/2025\/11\/Encuentro-Padre-e-Hijo-2025-ialeman-puerto-montt_0041_DSC_0422.jpg 1200w, https:\/\/ialeman.cl\/wp-content\/uploads\/2025\/11\/Encuentro-Padre-e-Hijo-2025-ialeman-puerto-montt_0041_DSC_0422-300x200.jpg 300w, https:\/\/ialeman.cl\/wp-content\/uploads\/2025\/11\/Encuentro-Padre-e-Hijo-2025-ialeman-puerto-montt_0041_DSC_0422-1024x684.jpg 1024w, https:\/\/ialeman.cl\/wp-content\/uploads\/2025\/11\/Encuentro-Padre-e-Hijo-2025-ialeman-puerto-montt_0041_DSC_0422-768x513.jpg 768w\" sizes=\"(max-width: 1200px) 100vw, 1200px\" \/><\/a>\n\t\t\t<\/div><\/figure><figure class='gallery-item'>\n\t\t\t<div class='gallery-icon landscape'>\n\t\t\t\t<a data-elementor-open-lightbox=\"yes\" data-elementor-lightbox-slideshow=\"72f06cc\" data-elementor-lightbox-title=\"Encuentro Padre e Hijo 2025 ialeman puerto montt_0042_DSC_0419\" data-e-action-hash=\"#elementor-action%3Aaction%3Dlightbox%26settings%3DeyJpZCI6NTEzNjgsInVybCI6Imh0dHBzOlwvXC9pYWxlbWFuLmNsXC93cC1jb250ZW50XC91cGxvYWRzXC8yMDI1XC8xMVwvRW5jdWVudHJvLVBhZHJlLWUtSGlqby0yMDI1LWlhbGVtYW4tcHVlcnRvLW1vbnR0XzAwNDJfRFNDXzA0MTkuanBnIiwic2xpZGVzaG93IjoiNzJmMDZjYyJ9\" href='https:\/\/ialeman.cl\/wp-content\/uploads\/2025\/11\/Encuentro-Padre-e-Hijo-2025-ialeman-puerto-montt_0042_DSC_0419.jpg'><img loading=\"lazy\" decoding=\"async\" width=\"1200\" height=\"801\" src=\"https:\/\/ialeman.cl\/wp-content\/uploads\/2025\/11\/Encuentro-Padre-e-Hijo-2025-ialeman-puerto-montt_0042_DSC_0419.jpg\" class=\"attachment-full size-full\" alt=\"\" srcset=\"https:\/\/ialeman.cl\/wp-content\/uploads\/2025\/11\/Encuentro-Padre-e-Hijo-2025-ialeman-puerto-montt_0042_DSC_0419.jpg 1200w, https:\/\/ialeman.cl\/wp-content\/uploads\/2025\/11\/Encuentro-Padre-e-Hijo-2025-ialeman-puerto-montt_0042_DSC_0419-300x200.jpg 300w, https:\/\/ialeman.cl\/wp-content\/uploads\/2025\/11\/Encuentro-Padre-e-Hijo-2025-ialeman-puerto-montt_0042_DSC_0419-1024x684.jpg 1024w, https:\/\/ialeman.cl\/wp-content\/uploads\/2025\/11\/Encuentro-Padre-e-Hijo-2025-ialeman-puerto-montt_0042_DSC_0419-768x513.jpg 768w\" sizes=\"(max-width: 1200px) 100vw, 1200px\" \/><\/a>\n\t\t\t<\/div><\/figure><figure class='gallery-item'>\n\t\t\t<div class='gallery-icon landscape'>\n\t\t\t\t<a data-elementor-open-lightbox=\"yes\" data-elementor-lightbox-slideshow=\"72f06cc\" data-elementor-lightbox-title=\"Encuentro Padre e Hijo 2025 ialeman puerto montt_0043_DSC_0417\" data-e-action-hash=\"#elementor-action%3Aaction%3Dlightbox%26settings%3DeyJpZCI6NTEzNjksInVybCI6Imh0dHBzOlwvXC9pYWxlbWFuLmNsXC93cC1jb250ZW50XC91cGxvYWRzXC8yMDI1XC8xMVwvRW5jdWVudHJvLVBhZHJlLWUtSGlqby0yMDI1LWlhbGVtYW4tcHVlcnRvLW1vbnR0XzAwNDNfRFNDXzA0MTcuanBnIiwic2xpZGVzaG93IjoiNzJmMDZjYyJ9\" href='https:\/\/ialeman.cl\/wp-content\/uploads\/2025\/11\/Encuentro-Padre-e-Hijo-2025-ialeman-puerto-montt_0043_DSC_0417.jpg'><img loading=\"lazy\" decoding=\"async\" width=\"1200\" height=\"801\" src=\"https:\/\/ialeman.cl\/wp-content\/uploads\/2025\/11\/Encuentro-Padre-e-Hijo-2025-ialeman-puerto-montt_0043_DSC_0417.jpg\" class=\"attachment-full size-full\" alt=\"\" srcset=\"https:\/\/ialeman.cl\/wp-content\/uploads\/2025\/11\/Encuentro-Padre-e-Hijo-2025-ialeman-puerto-montt_0043_DSC_0417.jpg 1200w, https:\/\/ialeman.cl\/wp-content\/uploads\/2025\/11\/Encuentro-Padre-e-Hijo-2025-ialeman-puerto-montt_0043_DSC_0417-300x200.jpg 300w, https:\/\/ialeman.cl\/wp-content\/uploads\/2025\/11\/Encuentro-Padre-e-Hijo-2025-ialeman-puerto-montt_0043_DSC_0417-1024x684.jpg 1024w, https:\/\/ialeman.cl\/wp-content\/uploads\/2025\/11\/Encuentro-Padre-e-Hijo-2025-ialeman-puerto-montt_0043_DSC_0417-768x513.jpg 768w\" sizes=\"(max-width: 1200px) 100vw, 1200px\" \/><\/a>\n\t\t\t<\/div><\/figure><figure class='gallery-item'>\n\t\t\t<div class='gallery-icon landscape'>\n\t\t\t\t<a data-elementor-open-lightbox=\"yes\" data-elementor-lightbox-slideshow=\"72f06cc\" data-elementor-lightbox-title=\"Encuentro Padre e Hijo 2025 ialeman puerto montt_0044_DSC_0413\" data-e-action-hash=\"#elementor-action%3Aaction%3Dlightbox%26settings%3DeyJpZCI6NTEzNzAsInVybCI6Imh0dHBzOlwvXC9pYWxlbWFuLmNsXC93cC1jb250ZW50XC91cGxvYWRzXC8yMDI1XC8xMVwvRW5jdWVudHJvLVBhZHJlLWUtSGlqby0yMDI1LWlhbGVtYW4tcHVlcnRvLW1vbnR0XzAwNDRfRFNDXzA0MTMuanBnIiwic2xpZGVzaG93IjoiNzJmMDZjYyJ9\" href='https:\/\/ialeman.cl\/wp-content\/uploads\/2025\/11\/Encuentro-Padre-e-Hijo-2025-ialeman-puerto-montt_0044_DSC_0413.jpg'><img loading=\"lazy\" decoding=\"async\" width=\"1200\" height=\"801\" src=\"https:\/\/ialeman.cl\/wp-content\/uploads\/2025\/11\/Encuentro-Padre-e-Hijo-2025-ialeman-puerto-montt_0044_DSC_0413.jpg\" class=\"attachment-full size-full\" alt=\"\" srcset=\"https:\/\/ialeman.cl\/wp-content\/uploads\/2025\/11\/Encuentro-Padre-e-Hijo-2025-ialeman-puerto-montt_0044_DSC_0413.jpg 1200w, https:\/\/ialeman.cl\/wp-content\/uploads\/2025\/11\/Encuentro-Padre-e-Hijo-2025-ialeman-puerto-montt_0044_DSC_0413-300x200.jpg 300w, https:\/\/ialeman.cl\/wp-content\/uploads\/2025\/11\/Encuentro-Padre-e-Hijo-2025-ialeman-puerto-montt_0044_DSC_0413-1024x684.jpg 1024w, https:\/\/ialeman.cl\/wp-content\/uploads\/2025\/11\/Encuentro-Padre-e-Hijo-2025-ialeman-puerto-montt_0044_DSC_0413-768x513.jpg 768w\" sizes=\"(max-width: 1200px) 100vw, 1200px\" \/><\/a>\n\t\t\t<\/div><\/figure><figure class='gallery-item'>\n\t\t\t<div class='gallery-icon landscape'>\n\t\t\t\t<a data-elementor-open-lightbox=\"yes\" data-elementor-lightbox-slideshow=\"72f06cc\" data-elementor-lightbox-title=\"Encuentro Padre e Hijo 2025 ialeman puerto montt_0045_DSC_0412\" data-e-action-hash=\"#elementor-action%3Aaction%3Dlightbox%26settings%3DeyJpZCI6NTEzNzEsInVybCI6Imh0dHBzOlwvXC9pYWxlbWFuLmNsXC93cC1jb250ZW50XC91cGxvYWRzXC8yMDI1XC8xMVwvRW5jdWVudHJvLVBhZHJlLWUtSGlqby0yMDI1LWlhbGVtYW4tcHVlcnRvLW1vbnR0XzAwNDVfRFNDXzA0MTIuanBnIiwic2xpZGVzaG93IjoiNzJmMDZjYyJ9\" href='https:\/\/ialeman.cl\/wp-content\/uploads\/2025\/11\/Encuentro-Padre-e-Hijo-2025-ialeman-puerto-montt_0045_DSC_0412.jpg'><img loading=\"lazy\" decoding=\"async\" width=\"1200\" height=\"801\" src=\"https:\/\/ialeman.cl\/wp-content\/uploads\/2025\/11\/Encuentro-Padre-e-Hijo-2025-ialeman-puerto-montt_0045_DSC_0412.jpg\" class=\"attachment-full size-full\" alt=\"\" srcset=\"https:\/\/ialeman.cl\/wp-content\/uploads\/2025\/11\/Encuentro-Padre-e-Hijo-2025-ialeman-puerto-montt_0045_DSC_0412.jpg 1200w, https:\/\/ialeman.cl\/wp-content\/uploads\/2025\/11\/Encuentro-Padre-e-Hijo-2025-ialeman-puerto-montt_0045_DSC_0412-300x200.jpg 300w, https:\/\/ialeman.cl\/wp-content\/uploads\/2025\/11\/Encuentro-Padre-e-Hijo-2025-ialeman-puerto-montt_0045_DSC_0412-1024x684.jpg 1024w, https:\/\/ialeman.cl\/wp-content\/uploads\/2025\/11\/Encuentro-Padre-e-Hijo-2025-ialeman-puerto-montt_0045_DSC_0412-768x513.jpg 768w\" sizes=\"(max-width: 1200px) 100vw, 1200px\" \/><\/a>\n\t\t\t<\/div><\/figure><figure class='gallery-item'>\n\t\t\t<div class='gallery-icon landscape'>\n\t\t\t\t<a data-elementor-open-lightbox=\"yes\" data-elementor-lightbox-slideshow=\"72f06cc\" data-elementor-lightbox-title=\"Encuentro Padre e Hijo 2025 ialeman puerto montt_0046_Niveles 1\" data-e-action-hash=\"#elementor-action%3Aaction%3Dlightbox%26settings%3DeyJpZCI6NTEzNzIsInVybCI6Imh0dHBzOlwvXC9pYWxlbWFuLmNsXC93cC1jb250ZW50XC91cGxvYWRzXC8yMDI1XC8xMVwvRW5jdWVudHJvLVBhZHJlLWUtSGlqby0yMDI1LWlhbGVtYW4tcHVlcnRvLW1vbnR0XzAwNDZfTml2ZWxlcy0xLmpwZyIsInNsaWRlc2hvdyI6IjcyZjA2Y2MifQ%3D%3D\" href='https:\/\/ialeman.cl\/wp-content\/uploads\/2025\/11\/Encuentro-Padre-e-Hijo-2025-ialeman-puerto-montt_0046_Niveles-1.jpg'><img loading=\"lazy\" decoding=\"async\" width=\"1200\" height=\"801\" src=\"https:\/\/ialeman.cl\/wp-content\/uploads\/2025\/11\/Encuentro-Padre-e-Hijo-2025-ialeman-puerto-montt_0046_Niveles-1.jpg\" class=\"attachment-full size-full\" alt=\"\" srcset=\"https:\/\/ialeman.cl\/wp-content\/uploads\/2025\/11\/Encuentro-Padre-e-Hijo-2025-ialeman-puerto-montt_0046_Niveles-1.jpg 1200w, https:\/\/ialeman.cl\/wp-content\/uploads\/2025\/11\/Encuentro-Padre-e-Hijo-2025-ialeman-puerto-montt_0046_Niveles-1-300x200.jpg 300w, https:\/\/ialeman.cl\/wp-content\/uploads\/2025\/11\/Encuentro-Padre-e-Hijo-2025-ialeman-puerto-montt_0046_Niveles-1-1024x684.jpg 1024w, https:\/\/ialeman.cl\/wp-content\/uploads\/2025\/11\/Encuentro-Padre-e-Hijo-2025-ialeman-puerto-montt_0046_Niveles-1-768x513.jpg 768w\" sizes=\"(max-width: 1200px) 100vw, 1200px\" \/><\/a>\n\t\t\t<\/div><\/figure><figure class='gallery-item'>\n\t\t\t<div class='gallery-icon landscape'>\n\t\t\t\t<a data-elementor-open-lightbox=\"yes\" data-elementor-lightbox-slideshow=\"72f06cc\" data-elementor-lightbox-title=\"Encuentro Padre e Hijo 2025 ialeman puerto montt_0047_DSC_0407\" data-e-action-hash=\"#elementor-action%3Aaction%3Dlightbox%26settings%3DeyJpZCI6NTEzNzMsInVybCI6Imh0dHBzOlwvXC9pYWxlbWFuLmNsXC93cC1jb250ZW50XC91cGxvYWRzXC8yMDI1XC8xMVwvRW5jdWVudHJvLVBhZHJlLWUtSGlqby0yMDI1LWlhbGVtYW4tcHVlcnRvLW1vbnR0XzAwNDdfRFNDXzA0MDcuanBnIiwic2xpZGVzaG93IjoiNzJmMDZjYyJ9\" href='https:\/\/ialeman.cl\/wp-content\/uploads\/2025\/11\/Encuentro-Padre-e-Hijo-2025-ialeman-puerto-montt_0047_DSC_0407.jpg'><img loading=\"lazy\" decoding=\"async\" width=\"1200\" height=\"801\" src=\"https:\/\/ialeman.cl\/wp-content\/uploads\/2025\/11\/Encuentro-Padre-e-Hijo-2025-ialeman-puerto-montt_0047_DSC_0407.jpg\" class=\"attachment-full size-full\" alt=\"\" srcset=\"https:\/\/ialeman.cl\/wp-content\/uploads\/2025\/11\/Encuentro-Padre-e-Hijo-2025-ialeman-puerto-montt_0047_DSC_0407.jpg 1200w, https:\/\/ialeman.cl\/wp-content\/uploads\/2025\/11\/Encuentro-Padre-e-Hijo-2025-ialeman-puerto-montt_0047_DSC_0407-300x200.jpg 300w, https:\/\/ialeman.cl\/wp-content\/uploads\/2025\/11\/Encuentro-Padre-e-Hijo-2025-ialeman-puerto-montt_0047_DSC_0407-1024x684.jpg 1024w, https:\/\/ialeman.cl\/wp-content\/uploads\/2025\/11\/Encuentro-Padre-e-Hijo-2025-ialeman-puerto-montt_0047_DSC_0407-768x513.jpg 768w\" sizes=\"(max-width: 1200px) 100vw, 1200px\" \/><\/a>\n\t\t\t<\/div><\/figure><figure class='gallery-item'>\n\t\t\t<div class='gallery-icon landscape'>\n\t\t\t\t<a data-elementor-open-lightbox=\"yes\" data-elementor-lightbox-slideshow=\"72f06cc\" data-elementor-lightbox-title=\"Encuentro Padre e Hijo 2025 ialeman puerto montt_0048_Niveles 2\" data-e-action-hash=\"#elementor-action%3Aaction%3Dlightbox%26settings%3DeyJpZCI6NTEzNzQsInVybCI6Imh0dHBzOlwvXC9pYWxlbWFuLmNsXC93cC1jb250ZW50XC91cGxvYWRzXC8yMDI1XC8xMVwvRW5jdWVudHJvLVBhZHJlLWUtSGlqby0yMDI1LWlhbGVtYW4tcHVlcnRvLW1vbnR0XzAwNDhfTml2ZWxlcy0yLmpwZyIsInNsaWRlc2hvdyI6IjcyZjA2Y2MifQ%3D%3D\" href='https:\/\/ialeman.cl\/wp-content\/uploads\/2025\/11\/Encuentro-Padre-e-Hijo-2025-ialeman-puerto-montt_0048_Niveles-2.jpg'><img loading=\"lazy\" decoding=\"async\" width=\"1200\" height=\"801\" src=\"https:\/\/ialeman.cl\/wp-content\/uploads\/2025\/11\/Encuentro-Padre-e-Hijo-2025-ialeman-puerto-montt_0048_Niveles-2.jpg\" class=\"attachment-full size-full\" alt=\"\" srcset=\"https:\/\/ialeman.cl\/wp-content\/uploads\/2025\/11\/Encuentro-Padre-e-Hijo-2025-ialeman-puerto-montt_0048_Niveles-2.jpg 1200w, https:\/\/ialeman.cl\/wp-content\/uploads\/2025\/11\/Encuentro-Padre-e-Hijo-2025-ialeman-puerto-montt_0048_Niveles-2-300x200.jpg 300w, https:\/\/ialeman.cl\/wp-content\/uploads\/2025\/11\/Encuentro-Padre-e-Hijo-2025-ialeman-puerto-montt_0048_Niveles-2-1024x684.jpg 1024w, https:\/\/ialeman.cl\/wp-content\/uploads\/2025\/11\/Encuentro-Padre-e-Hijo-2025-ialeman-puerto-montt_0048_Niveles-2-768x513.jpg 768w\" sizes=\"(max-width: 1200px) 100vw, 1200px\" \/><\/a>\n\t\t\t<\/div><\/figure><figure class='gallery-item'>\n\t\t\t<div class='gallery-icon landscape'>\n\t\t\t\t<a data-elementor-open-lightbox=\"yes\" data-elementor-lightbox-slideshow=\"72f06cc\" data-elementor-lightbox-title=\"Encuentro Padre e Hijo 2025 ialeman puerto montt_0049_DSC_0402\" data-e-action-hash=\"#elementor-action%3Aaction%3Dlightbox%26settings%3DeyJpZCI6NTEzNzUsInVybCI6Imh0dHBzOlwvXC9pYWxlbWFuLmNsXC93cC1jb250ZW50XC91cGxvYWRzXC8yMDI1XC8xMVwvRW5jdWVudHJvLVBhZHJlLWUtSGlqby0yMDI1LWlhbGVtYW4tcHVlcnRvLW1vbnR0XzAwNDlfRFNDXzA0MDIuanBnIiwic2xpZGVzaG93IjoiNzJmMDZjYyJ9\" href='https:\/\/ialeman.cl\/wp-content\/uploads\/2025\/11\/Encuentro-Padre-e-Hijo-2025-ialeman-puerto-montt_0049_DSC_0402.jpg'><img loading=\"lazy\" decoding=\"async\" width=\"1200\" height=\"801\" src=\"https:\/\/ialeman.cl\/wp-content\/uploads\/2025\/11\/Encuentro-Padre-e-Hijo-2025-ialeman-puerto-montt_0049_DSC_0402.jpg\" class=\"attachment-full size-full\" alt=\"\" srcset=\"https:\/\/ialeman.cl\/wp-content\/uploads\/2025\/11\/Encuentro-Padre-e-Hijo-2025-ialeman-puerto-montt_0049_DSC_0402.jpg 1200w, https:\/\/ialeman.cl\/wp-content\/uploads\/2025\/11\/Encuentro-Padre-e-Hijo-2025-ialeman-puerto-montt_0049_DSC_0402-300x200.jpg 300w, https:\/\/ialeman.cl\/wp-content\/uploads\/2025\/11\/Encuentro-Padre-e-Hijo-2025-ialeman-puerto-montt_0049_DSC_0402-1024x684.jpg 1024w, https:\/\/ialeman.cl\/wp-content\/uploads\/2025\/11\/Encuentro-Padre-e-Hijo-2025-ialeman-puerto-montt_0049_DSC_0402-768x513.jpg 768w\" sizes=\"(max-width: 1200px) 100vw, 1200px\" \/><\/a>\n\t\t\t<\/div><\/figure><figure class='gallery-item'>\n\t\t\t<div class='gallery-icon landscape'>\n\t\t\t\t<a data-elementor-open-lightbox=\"yes\" data-elementor-lightbox-slideshow=\"72f06cc\" data-elementor-lightbox-title=\"Encuentro Padre e Hijo 2025 ialeman puerto montt_0051_DSC_0389\" data-e-action-hash=\"#elementor-action%3Aaction%3Dlightbox%26settings%3DeyJpZCI6NTEzNzcsInVybCI6Imh0dHBzOlwvXC9pYWxlbWFuLmNsXC93cC1jb250ZW50XC91cGxvYWRzXC8yMDI1XC8xMVwvRW5jdWVudHJvLVBhZHJlLWUtSGlqby0yMDI1LWlhbGVtYW4tcHVlcnRvLW1vbnR0XzAwNTFfRFNDXzAzODkuanBnIiwic2xpZGVzaG93IjoiNzJmMDZjYyJ9\" href='https:\/\/ialeman.cl\/wp-content\/uploads\/2025\/11\/Encuentro-Padre-e-Hijo-2025-ialeman-puerto-montt_0051_DSC_0389.jpg'><img loading=\"lazy\" decoding=\"async\" width=\"1200\" height=\"801\" src=\"https:\/\/ialeman.cl\/wp-content\/uploads\/2025\/11\/Encuentro-Padre-e-Hijo-2025-ialeman-puerto-montt_0051_DSC_0389.jpg\" class=\"attachment-full size-full\" alt=\"\" srcset=\"https:\/\/ialeman.cl\/wp-content\/uploads\/2025\/11\/Encuentro-Padre-e-Hijo-2025-ialeman-puerto-montt_0051_DSC_0389.jpg 1200w, https:\/\/ialeman.cl\/wp-content\/uploads\/2025\/11\/Encuentro-Padre-e-Hijo-2025-ialeman-puerto-montt_0051_DSC_0389-300x200.jpg 300w, https:\/\/ialeman.cl\/wp-content\/uploads\/2025\/11\/Encuentro-Padre-e-Hijo-2025-ialeman-puerto-montt_0051_DSC_0389-1024x684.jpg 1024w, https:\/\/ialeman.cl\/wp-content\/uploads\/2025\/11\/Encuentro-Padre-e-Hijo-2025-ialeman-puerto-montt_0051_DSC_0389-768x513.jpg 768w\" sizes=\"(max-width: 1200px) 100vw, 1200px\" \/><\/a>\n\t\t\t<\/div><\/figure><figure class='gallery-item'>\n\t\t\t<div class='gallery-icon landscape'>\n\t\t\t\t<a data-elementor-open-lightbox=\"yes\" data-elementor-lightbox-slideshow=\"72f06cc\" data-elementor-lightbox-title=\"Encuentro Padre e Hijo 2025 ialeman puerto montt_0052_DSC_0387\" data-e-action-hash=\"#elementor-action%3Aaction%3Dlightbox%26settings%3DeyJpZCI6NTEzNzgsInVybCI6Imh0dHBzOlwvXC9pYWxlbWFuLmNsXC93cC1jb250ZW50XC91cGxvYWRzXC8yMDI1XC8xMVwvRW5jdWVudHJvLVBhZHJlLWUtSGlqby0yMDI1LWlhbGVtYW4tcHVlcnRvLW1vbnR0XzAwNTJfRFNDXzAzODcuanBnIiwic2xpZGVzaG93IjoiNzJmMDZjYyJ9\" href='https:\/\/ialeman.cl\/wp-content\/uploads\/2025\/11\/Encuentro-Padre-e-Hijo-2025-ialeman-puerto-montt_0052_DSC_0387.jpg'><img loading=\"lazy\" decoding=\"async\" width=\"1200\" height=\"801\" src=\"https:\/\/ialeman.cl\/wp-content\/uploads\/2025\/11\/Encuentro-Padre-e-Hijo-2025-ialeman-puerto-montt_0052_DSC_0387.jpg\" class=\"attachment-full size-full\" alt=\"\" srcset=\"https:\/\/ialeman.cl\/wp-content\/uploads\/2025\/11\/Encuentro-Padre-e-Hijo-2025-ialeman-puerto-montt_0052_DSC_0387.jpg 1200w, https:\/\/ialeman.cl\/wp-content\/uploads\/2025\/11\/Encuentro-Padre-e-Hijo-2025-ialeman-puerto-montt_0052_DSC_0387-300x200.jpg 300w, https:\/\/ialeman.cl\/wp-content\/uploads\/2025\/11\/Encuentro-Padre-e-Hijo-2025-ialeman-puerto-montt_0052_DSC_0387-1024x684.jpg 1024w, https:\/\/ialeman.cl\/wp-content\/uploads\/2025\/11\/Encuentro-Padre-e-Hijo-2025-ialeman-puerto-montt_0052_DSC_0387-768x513.jpg 768w\" sizes=\"(max-width: 1200px) 100vw, 1200px\" \/><\/a>\n\t\t\t<\/div><\/figure><figure class='gallery-item'>\n\t\t\t<div class='gallery-icon landscape'>\n\t\t\t\t<a data-elementor-open-lightbox=\"yes\" data-elementor-lightbox-slideshow=\"72f06cc\" data-elementor-lightbox-title=\"Encuentro Padre e Hijo 2025 ialeman puerto montt_0053_DSC_0384\" data-e-action-hash=\"#elementor-action%3Aaction%3Dlightbox%26settings%3DeyJpZCI6NTEzNzksInVybCI6Imh0dHBzOlwvXC9pYWxlbWFuLmNsXC93cC1jb250ZW50XC91cGxvYWRzXC8yMDI1XC8xMVwvRW5jdWVudHJvLVBhZHJlLWUtSGlqby0yMDI1LWlhbGVtYW4tcHVlcnRvLW1vbnR0XzAwNTNfRFNDXzAzODQuanBnIiwic2xpZGVzaG93IjoiNzJmMDZjYyJ9\" href='https:\/\/ialeman.cl\/wp-content\/uploads\/2025\/11\/Encuentro-Padre-e-Hijo-2025-ialeman-puerto-montt_0053_DSC_0384.jpg'><img loading=\"lazy\" decoding=\"async\" width=\"1200\" height=\"801\" src=\"https:\/\/ialeman.cl\/wp-content\/uploads\/2025\/11\/Encuentro-Padre-e-Hijo-2025-ialeman-puerto-montt_0053_DSC_0384.jpg\" class=\"attachment-full size-full\" alt=\"\" srcset=\"https:\/\/ialeman.cl\/wp-content\/uploads\/2025\/11\/Encuentro-Padre-e-Hijo-2025-ialeman-puerto-montt_0053_DSC_0384.jpg 1200w, https:\/\/ialeman.cl\/wp-content\/uploads\/2025\/11\/Encuentro-Padre-e-Hijo-2025-ialeman-puerto-montt_0053_DSC_0384-300x200.jpg 300w, https:\/\/ialeman.cl\/wp-content\/uploads\/2025\/11\/Encuentro-Padre-e-Hijo-2025-ialeman-puerto-montt_0053_DSC_0384-1024x684.jpg 1024w, https:\/\/ialeman.cl\/wp-content\/uploads\/2025\/11\/Encuentro-Padre-e-Hijo-2025-ialeman-puerto-montt_0053_DSC_0384-768x513.jpg 768w\" sizes=\"(max-width: 1200px) 100vw, 1200px\" \/><\/a>\n\t\t\t<\/div><\/figure><figure class='gallery-item'>\n\t\t\t<div class='gallery-icon landscape'>\n\t\t\t\t<a data-elementor-open-lightbox=\"yes\" data-elementor-lightbox-slideshow=\"72f06cc\" data-elementor-lightbox-title=\"Encuentro Padre e Hijo 2025 ialeman puerto montt_0054_Niveles 3\" data-e-action-hash=\"#elementor-action%3Aaction%3Dlightbox%26settings%3DeyJpZCI6NTEzODAsInVybCI6Imh0dHBzOlwvXC9pYWxlbWFuLmNsXC93cC1jb250ZW50XC91cGxvYWRzXC8yMDI1XC8xMVwvRW5jdWVudHJvLVBhZHJlLWUtSGlqby0yMDI1LWlhbGVtYW4tcHVlcnRvLW1vbnR0XzAwNTRfTml2ZWxlcy0zLmpwZyIsInNsaWRlc2hvdyI6IjcyZjA2Y2MifQ%3D%3D\" href='https:\/\/ialeman.cl\/wp-content\/uploads\/2025\/11\/Encuentro-Padre-e-Hijo-2025-ialeman-puerto-montt_0054_Niveles-3.jpg'><img loading=\"lazy\" decoding=\"async\" width=\"1200\" height=\"801\" src=\"https:\/\/ialeman.cl\/wp-content\/uploads\/2025\/11\/Encuentro-Padre-e-Hijo-2025-ialeman-puerto-montt_0054_Niveles-3.jpg\" class=\"attachment-full size-full\" alt=\"\" srcset=\"https:\/\/ialeman.cl\/wp-content\/uploads\/2025\/11\/Encuentro-Padre-e-Hijo-2025-ialeman-puerto-montt_0054_Niveles-3.jpg 1200w, https:\/\/ialeman.cl\/wp-content\/uploads\/2025\/11\/Encuentro-Padre-e-Hijo-2025-ialeman-puerto-montt_0054_Niveles-3-300x200.jpg 300w, https:\/\/ialeman.cl\/wp-content\/uploads\/2025\/11\/Encuentro-Padre-e-Hijo-2025-ialeman-puerto-montt_0054_Niveles-3-1024x684.jpg 1024w, https:\/\/ialeman.cl\/wp-content\/uploads\/2025\/11\/Encuentro-Padre-e-Hijo-2025-ialeman-puerto-montt_0054_Niveles-3-768x513.jpg 768w\" sizes=\"(max-width: 1200px) 100vw, 1200px\" \/><\/a>\n\t\t\t<\/div><\/figure><figure class='gallery-item'>\n\t\t\t<div class='gallery-icon landscape'>\n\t\t\t\t<a data-elementor-open-lightbox=\"yes\" data-elementor-lightbox-slideshow=\"72f06cc\" data-elementor-lightbox-title=\"Encuentro Padre e Hijo 2025 ialeman puerto montt_0055_Niveles 4\" data-e-action-hash=\"#elementor-action%3Aaction%3Dlightbox%26settings%3DeyJpZCI6NTEzODEsInVybCI6Imh0dHBzOlwvXC9pYWxlbWFuLmNsXC93cC1jb250ZW50XC91cGxvYWRzXC8yMDI1XC8xMVwvRW5jdWVudHJvLVBhZHJlLWUtSGlqby0yMDI1LWlhbGVtYW4tcHVlcnRvLW1vbnR0XzAwNTVfTml2ZWxlcy00LmpwZyIsInNsaWRlc2hvdyI6IjcyZjA2Y2MifQ%3D%3D\" href='https:\/\/ialeman.cl\/wp-content\/uploads\/2025\/11\/Encuentro-Padre-e-Hijo-2025-ialeman-puerto-montt_0055_Niveles-4.jpg'><img loading=\"lazy\" decoding=\"async\" width=\"1200\" height=\"801\" src=\"https:\/\/ialeman.cl\/wp-content\/uploads\/2025\/11\/Encuentro-Padre-e-Hijo-2025-ialeman-puerto-montt_0055_Niveles-4.jpg\" class=\"attachment-full size-full\" alt=\"\" srcset=\"https:\/\/ialeman.cl\/wp-content\/uploads\/2025\/11\/Encuentro-Padre-e-Hijo-2025-ialeman-puerto-montt_0055_Niveles-4.jpg 1200w, https:\/\/ialeman.cl\/wp-content\/uploads\/2025\/11\/Encuentro-Padre-e-Hijo-2025-ialeman-puerto-montt_0055_Niveles-4-300x200.jpg 300w, https:\/\/ialeman.cl\/wp-content\/uploads\/2025\/11\/Encuentro-Padre-e-Hijo-2025-ialeman-puerto-montt_0055_Niveles-4-1024x684.jpg 1024w, https:\/\/ialeman.cl\/wp-content\/uploads\/2025\/11\/Encuentro-Padre-e-Hijo-2025-ialeman-puerto-montt_0055_Niveles-4-768x513.jpg 768w\" sizes=\"(max-width: 1200px) 100vw, 1200px\" \/><\/a>\n\t\t\t<\/div><\/figure><figure class='gallery-item'>\n\t\t\t<div class='gallery-icon landscape'>\n\t\t\t\t<a data-elementor-open-lightbox=\"yes\" data-elementor-lightbox-slideshow=\"72f06cc\" data-elementor-lightbox-title=\"Encuentro Padre e Hijo 2025 ialeman puerto montt_0056_DSC_0444\" data-e-action-hash=\"#elementor-action%3Aaction%3Dlightbox%26settings%3DeyJpZCI6NTEzODIsInVybCI6Imh0dHBzOlwvXC9pYWxlbWFuLmNsXC93cC1jb250ZW50XC91cGxvYWRzXC8yMDI1XC8xMVwvRW5jdWVudHJvLVBhZHJlLWUtSGlqby0yMDI1LWlhbGVtYW4tcHVlcnRvLW1vbnR0XzAwNTZfRFNDXzA0NDQuanBnIiwic2xpZGVzaG93IjoiNzJmMDZjYyJ9\" href='https:\/\/ialeman.cl\/wp-content\/uploads\/2025\/11\/Encuentro-Padre-e-Hijo-2025-ialeman-puerto-montt_0056_DSC_0444.jpg'><img loading=\"lazy\" decoding=\"async\" width=\"1200\" height=\"801\" src=\"https:\/\/ialeman.cl\/wp-content\/uploads\/2025\/11\/Encuentro-Padre-e-Hijo-2025-ialeman-puerto-montt_0056_DSC_0444.jpg\" class=\"attachment-full size-full\" alt=\"\" srcset=\"https:\/\/ialeman.cl\/wp-content\/uploads\/2025\/11\/Encuentro-Padre-e-Hijo-2025-ialeman-puerto-montt_0056_DSC_0444.jpg 1200w, https:\/\/ialeman.cl\/wp-content\/uploads\/2025\/11\/Encuentro-Padre-e-Hijo-2025-ialeman-puerto-montt_0056_DSC_0444-300x200.jpg 300w, https:\/\/ialeman.cl\/wp-content\/uploads\/2025\/11\/Encuentro-Padre-e-Hijo-2025-ialeman-puerto-montt_0056_DSC_0444-1024x684.jpg 1024w, https:\/\/ialeman.cl\/wp-content\/uploads\/2025\/11\/Encuentro-Padre-e-Hijo-2025-ialeman-puerto-montt_0056_DSC_0444-768x513.jpg 768w\" sizes=\"(max-width: 1200px) 100vw, 1200px\" \/><\/a>\n\t\t\t<\/div><\/figure>\n\t\t<\/div>\n\t\t<\/div>\n\t\t\t\t\t\t<\/div>\n\t\t\t\t<\/div>\n\t\t\t\t\t<\/div>\n\t\t<\/div>\n\t\t\t\t\t<\/div>\n\t\t<\/section>\n\t\t\t\t<\/div>\n\t\t","protected":false},"excerpt":{"rendered":"<p>Encuentro Padre e Hijo: una jornada para recordar y agradecer Las familias de IV medio del Instituto Alem\u00e1n de Puerto Montt vivieron una jornada muy especial durante el Encuentro Padre e Hijo, actividad organizada por el equipo de Formaci\u00f3n y Desarrollo Personal que invit\u00f3 a mirar el camino recorrido a lo largo de la etapa [&hellip;]<\/p>\n","protected":false},"author":6,"featured_media":51321,"comment_status":"closed","ping_status":"","sticky":false,"template":"","format":"standard","meta":{"site-sidebar-layout":"default","site-content-layout":"","ast-site-content-layout":"default","site-content-style":"default","site-sidebar-style":"default","ast-global-header-display":"","ast-banner-title-visibility":"","ast-main-header-display":"","ast-hfb-above-header-display":"","ast-hfb-below-header-display":"","ast-hfb-mobile-header-display":"","site-post-title":"","ast-breadcrumbs-content":"","ast-featured-img":"disabled","footer-sml-layout":"","ast-disable-related-posts":"","theme-transparent-header-meta":"","adv-header-id-meta":"","stick-header-meta":"","header-above-stick-meta":"","header-main-stick-meta":"","header-below-stick-meta":"","astra-migrate-meta-layouts":"set","ast-page-background-enabled":"default","ast-page-background-meta":{"desktop":{"background-color":"var(--ast-global-color-4)","background-image":"","background-repeat":"repeat","background-position":"center center","background-size":"auto","background-attachment":"scroll","background-type":"","background-media":"","overlay-type":"","overlay-color":"","overlay-opacity":"","overlay-gradient":""},"tablet":{"background-color":"","background-image":"","background-repeat":"repeat","background-position":"center center","background-size":"auto","background-attachment":"scroll","background-type":"","background-media":"","overlay-type":"","overlay-color":"","overlay-opacity":"","overlay-gradient":""},"mobile":{"background-color":"","background-image":"","background-repeat":"repeat","background-position":"center center","background-size":"auto","background-attachment":"scroll","background-type":"","background-media":"","overlay-type":"","overlay-color":"","overlay-opacity":"","overlay-gradient":""}},"ast-content-background-meta":{"desktop":{"background-color":"var(--ast-global-color-5)","background-image":"","background-repeat":"repeat","background-position":"center center","background-size":"auto","background-attachment":"scroll","background-type":"","background-media":"","overlay-type":"","overlay-color":"","overlay-opacity":"","overlay-gradient":""},"tablet":{"background-color":"var(--ast-global-color-5)","background-image":"","background-repeat":"repeat","background-position":"center center","background-size":"auto","background-attachment":"scroll","background-type":"","background-media":"","overlay-type":"","overlay-color":"","overlay-opacity":"","overlay-gradient":""},"mobile":{"background-color":"var(--ast-global-color-5)","background-image":"","background-repeat":"repeat","background-position":"center center","background-size":"auto","background-attachment":"scroll","background-type":"","background-media":"","overlay-type":"","overlay-color":"","overlay-opacity":"","overlay-gradient":""}},"advanced_seo_description":"","jetpack_seo_html_title":"","jetpack_seo_noindex":false,"jetpack_seo_schema_type":"","_jetpack_newsletter_access":"","_jetpack_dont_email_post_to_subs":false,"_jetpack_newsletter_tier_id":0,"_jetpack_memberships_contains_paywalled_content":false,"_wpcom_ai_launchpad_first_post":false,"_jetpack_feature_clip_id":0,"_jetpack_memberships_contains_paid_content":false,"footnotes":"","jetpack_post_was_ever_published":false},"categories":[10],"tags":[],"class_list":["post-51320","post","type-post","status-publish","format-standard","has-post-thumbnail","hentry","category-noticias"],"jetpack_shortlink":"https:\/\/wp.me\/ph8I5c-dlK","jetpack_sharing_enabled":true,"jetpack_featured_media_url":"https:\/\/ialeman.cl\/wp-content\/uploads\/2025\/11\/Encuentro-Padre-e-Hijo-2025-ialeman-puerto-montt_0003_DSC_0574.jpg","_links":{"self":[{"href":"https:\/\/ialeman.cl\/index.php\/wp-json\/wp\/v2\/posts\/51320","targetHints":{"allow":["GET"]}}],"collection":[{"href":"https:\/\/ialeman.cl\/index.php\/wp-json\/wp\/v2\/posts"}],"about":[{"href":"https:\/\/ialeman.cl\/index.php\/wp-json\/wp\/v2\/types\/post"}],"author":[{"embeddable":true,"href":"https:\/\/ialeman.cl\/index.php\/wp-json\/wp\/v2\/users\/6"}],"replies":[{"embeddable":true,"href":"https:\/\/ialeman.cl\/index.php\/wp-json\/wp\/v2\/comments?post=51320"}],"version-history":[{"count":10,"href":"https:\/\/ialeman.cl\/index.php\/wp-json\/wp\/v2\/posts\/51320\/revisions"}],"predecessor-version":[{"id":51389,"href":"https:\/\/ialeman.cl\/index.php\/wp-json\/wp\/v2\/posts\/51320\/revisions\/51389"}],"wp:featuredmedia":[{"embeddable":true,"href":"https:\/\/ialeman.cl\/index.php\/wp-json\/wp\/v2\/media\/51321"}],"wp:attachment":[{"href":"https:\/\/ialeman.cl\/index.php\/wp-json\/wp\/v2\/media?parent=51320"}],"wp:term":[{"taxonomy":"category","embeddable":true,"href":"https:\/\/ialeman.cl\/index.php\/wp-json\/wp\/v2\/categories?post=51320"},{"taxonomy":"post_tag","embeddable":true,"href":"https:\/\/ialeman.cl\/index.php\/wp-json\/wp\/v2\/tags?post=51320"}],"curies":[{"name":"wp","href":"https:\/\/api.w.org\/{rel}","templated":true}]}}