{"id":50859,"date":"2025-10-23T10:53:01","date_gmt":"2025-10-23T14:53:01","guid":{"rendered":"https:\/\/ialeman.cl\/?p=50859"},"modified":"2025-10-23T14:06:40","modified_gmt":"2025-10-23T18:06:40","slug":"jornada-deportiva-de-remo","status":"publish","type":"post","link":"https:\/\/ialeman.cl\/index.php\/jornada-deportiva-de-remo\/","title":{"rendered":"Jornada deportiva de remo"},"content":{"rendered":"\t\t<div data-elementor-type=\"wp-post\" data-elementor-id=\"50859\" class=\"elementor elementor-50859\">\n\t\t\t\t\t\t<section class=\"elementor-section elementor-top-section elementor-element elementor-element-dd83af6 elementor-section-boxed elementor-section-height-default elementor-section-height-default\" data-id=\"dd83af6\" data-element_type=\"section\" data-e-type=\"section\">\n\t\t\t\t\t\t<div class=\"elementor-container elementor-column-gap-default\">\n\t\t\t\t\t<div class=\"elementor-column elementor-col-100 elementor-top-column elementor-element elementor-element-b7cdce6\" data-id=\"b7cdce6\" data-element_type=\"column\" data-e-type=\"column\">\n\t\t\t<div class=\"elementor-widget-wrap elementor-element-populated\">\n\t\t\t\t\t\t<div class=\"elementor-element elementor-element-be9bd3f elementor-widget elementor-widget-heading\" data-id=\"be9bd3f\" data-element_type=\"widget\" data-e-type=\"widget\" data-widget_type=\"heading.default\">\n\t\t\t\t<div class=\"elementor-widget-container\">\n\t\t\t\t\t<h2 class=\"elementor-heading-title elementor-size-default\">Deportista ol\u00edmpico dict\u00f3 charla sobre el remo a los estudiantes del Instituto Alem\u00e1n de Puerto Montt<\/h2>\t\t\t\t<\/div>\n\t\t\t\t<\/div>\n\t\t\t\t\t<\/div>\n\t\t<\/div>\n\t\t\t\t\t<\/div>\n\t\t<\/section>\n\t\t\t\t<section class=\"elementor-section elementor-top-section elementor-element elementor-element-ca5de55 elementor-section-boxed elementor-section-height-default elementor-section-height-default\" data-id=\"ca5de55\" data-element_type=\"section\" data-e-type=\"section\">\n\t\t\t\t\t\t<div class=\"elementor-container elementor-column-gap-default\">\n\t\t\t\t\t<div class=\"elementor-column elementor-col-100 elementor-top-column elementor-element elementor-element-d4a9798\" data-id=\"d4a9798\" data-element_type=\"column\" data-e-type=\"column\">\n\t\t\t<div class=\"elementor-widget-wrap elementor-element-populated\">\n\t\t\t\t\t\t<div class=\"elementor-element elementor-element-3b6ea99 elementor-widget elementor-widget-heading\" data-id=\"3b6ea99\" data-element_type=\"widget\" data-e-type=\"widget\" data-widget_type=\"heading.default\">\n\t\t\t\t<div class=\"elementor-widget-container\">\n\t\t\t\t\t<h2 class=\"elementor-heading-title elementor-size-default\">El Centro de Alumnos del Instituto Alem\u00e1n de Puerto Montt, en colaboraci\u00f3n con el Club de Remo Estrella Blanca, realizaron una jornada deportiva de remo destinada a los alumnos de 6\u00ba b\u00e1sico. La actividad cont\u00f3 con la presencia del destacado deportista ol\u00edmpico Eber Sanhueza, quien comparti\u00f3 su experiencia profesional y brind\u00f3 una charla motivadora a los ni\u00f1os.<br><br>\n\nDurante la jornada, los alumnos participaron en competencias en erg\u00f3metros y pudieron observar una exhibici\u00f3n de bote del club puertomontino en el gimnasio 2. Adem\u00e1s, recibieron instrucciones y consejos pr\u00e1cticos sobre las t\u00e9cnicas y los implementos utilizados en este deporte, acerc\u00e1ndolos al mundo del remo y fomentando valores como la disciplina y el trabajo en equipo.<br><br>\n\nEl Instituto Alem\u00e1n de Puerto Montt agradeci\u00f3 al Centro de Alumnos y al Club de Remo Estrella Blanca, junto a sus deportistas, por su disposici\u00f3n a participar en esta actividad y promover el deporte entre los estudiantes.<\/h2>\t\t\t\t<\/div>\n\t\t\t\t<\/div>\n\t\t\t\t\t<\/div>\n\t\t<\/div>\n\t\t\t\t\t<\/div>\n\t\t<\/section>\n\t\t\t\t<section class=\"elementor-section elementor-top-section elementor-element elementor-element-819821b elementor-section-boxed elementor-section-height-default elementor-section-height-default\" data-id=\"819821b\" data-element_type=\"section\" data-e-type=\"section\">\n\t\t\t\t\t\t<div class=\"elementor-container elementor-column-gap-default\">\n\t\t\t\t\t<div class=\"elementor-column elementor-col-100 elementor-top-column elementor-element elementor-element-9794676\" data-id=\"9794676\" data-element_type=\"column\" data-e-type=\"column\">\n\t\t\t<div class=\"elementor-widget-wrap elementor-element-populated\">\n\t\t\t\t\t\t<div class=\"elementor-element elementor-element-42734d7 gallery-spacing-custom elementor-widget elementor-widget-image-gallery\" data-id=\"42734d7\" data-element_type=\"widget\" data-e-type=\"widget\" data-widget_type=\"image-gallery.default\">\n\t\t\t\t<div class=\"elementor-widget-container\">\n\t\t\t\t\t\t\t<div class=\"elementor-image-gallery\">\n\t\t\t<div id='gallery-1' class='gallery galleryid-50859 gallery-columns-2 gallery-size-full'><figure class='gallery-item'>\n\t\t\t<div class='gallery-icon landscape'>\n\t\t\t\t<a data-elementor-open-lightbox=\"yes\" data-elementor-lightbox-slideshow=\"42734d7\" data-elementor-lightbox-title=\"Club de Remo Estrella Blanca Instituto Aleman de Puerto Montt_0000_DSC_4992\" data-e-action-hash=\"#elementor-action%3Aaction%3Dlightbox%26settings%3DeyJpZCI6NTA4NjUsInVybCI6Imh0dHBzOlwvXC9pYWxlbWFuLmNsXC93cC1jb250ZW50XC91cGxvYWRzXC8yMDI1XC8xMFwvQ2x1Yi1kZS1SZW1vLUVzdHJlbGxhLUJsYW5jYS1JbnN0aXR1dG8tQWxlbWFuLWRlLVB1ZXJ0by1Nb250dF8wMDAwX0RTQ180OTkyLTEuanBnIiwic2xpZGVzaG93IjoiNDI3MzRkNyJ9\" href='https:\/\/ialeman.cl\/wp-content\/uploads\/2025\/10\/Club-de-Remo-Estrella-Blanca-Instituto-Aleman-de-Puerto-Montt_0000_DSC_4992-1.jpg'><img fetchpriority=\"high\" decoding=\"async\" width=\"1200\" height=\"801\" src=\"https:\/\/ialeman.cl\/wp-content\/uploads\/2025\/10\/Club-de-Remo-Estrella-Blanca-Instituto-Aleman-de-Puerto-Montt_0000_DSC_4992-1.jpg\" class=\"attachment-full size-full\" alt=\"\" srcset=\"https:\/\/ialeman.cl\/wp-content\/uploads\/2025\/10\/Club-de-Remo-Estrella-Blanca-Instituto-Aleman-de-Puerto-Montt_0000_DSC_4992-1.jpg 1200w, https:\/\/ialeman.cl\/wp-content\/uploads\/2025\/10\/Club-de-Remo-Estrella-Blanca-Instituto-Aleman-de-Puerto-Montt_0000_DSC_4992-1-300x200.jpg 300w, https:\/\/ialeman.cl\/wp-content\/uploads\/2025\/10\/Club-de-Remo-Estrella-Blanca-Instituto-Aleman-de-Puerto-Montt_0000_DSC_4992-1-1024x684.jpg 1024w, https:\/\/ialeman.cl\/wp-content\/uploads\/2025\/10\/Club-de-Remo-Estrella-Blanca-Instituto-Aleman-de-Puerto-Montt_0000_DSC_4992-1-768x513.jpg 768w\" sizes=\"(max-width: 1200px) 100vw, 1200px\" \/><\/a>\n\t\t\t<\/div><\/figure><figure class='gallery-item'>\n\t\t\t<div class='gallery-icon landscape'>\n\t\t\t\t<a data-elementor-open-lightbox=\"yes\" data-elementor-lightbox-slideshow=\"42734d7\" data-elementor-lightbox-title=\"Club de Remo Estrella Blanca Instituto Aleman de Puerto Montt_0001_DSC_4999\" data-e-action-hash=\"#elementor-action%3Aaction%3Dlightbox%26settings%3DeyJpZCI6NTA4NjYsInVybCI6Imh0dHBzOlwvXC9pYWxlbWFuLmNsXC93cC1jb250ZW50XC91cGxvYWRzXC8yMDI1XC8xMFwvQ2x1Yi1kZS1SZW1vLUVzdHJlbGxhLUJsYW5jYS1JbnN0aXR1dG8tQWxlbWFuLWRlLVB1ZXJ0by1Nb250dF8wMDAxX0RTQ180OTk5LmpwZyIsInNsaWRlc2hvdyI6IjQyNzM0ZDcifQ%3D%3D\" href='https:\/\/ialeman.cl\/wp-content\/uploads\/2025\/10\/Club-de-Remo-Estrella-Blanca-Instituto-Aleman-de-Puerto-Montt_0001_DSC_4999.jpg'><img decoding=\"async\" width=\"1200\" height=\"801\" src=\"https:\/\/ialeman.cl\/wp-content\/uploads\/2025\/10\/Club-de-Remo-Estrella-Blanca-Instituto-Aleman-de-Puerto-Montt_0001_DSC_4999.jpg\" class=\"attachment-full size-full\" alt=\"\" srcset=\"https:\/\/ialeman.cl\/wp-content\/uploads\/2025\/10\/Club-de-Remo-Estrella-Blanca-Instituto-Aleman-de-Puerto-Montt_0001_DSC_4999.jpg 1200w, https:\/\/ialeman.cl\/wp-content\/uploads\/2025\/10\/Club-de-Remo-Estrella-Blanca-Instituto-Aleman-de-Puerto-Montt_0001_DSC_4999-300x200.jpg 300w, https:\/\/ialeman.cl\/wp-content\/uploads\/2025\/10\/Club-de-Remo-Estrella-Blanca-Instituto-Aleman-de-Puerto-Montt_0001_DSC_4999-1024x684.jpg 1024w, https:\/\/ialeman.cl\/wp-content\/uploads\/2025\/10\/Club-de-Remo-Estrella-Blanca-Instituto-Aleman-de-Puerto-Montt_0001_DSC_4999-768x513.jpg 768w\" sizes=\"(max-width: 1200px) 100vw, 1200px\" \/><\/a>\n\t\t\t<\/div><\/figure><figure class='gallery-item'>\n\t\t\t<div class='gallery-icon landscape'>\n\t\t\t\t<a data-elementor-open-lightbox=\"yes\" data-elementor-lightbox-slideshow=\"42734d7\" data-elementor-lightbox-title=\"Club de Remo Estrella Blanca Instituto Aleman de Puerto Montt_0002_Niveles 1\" data-e-action-hash=\"#elementor-action%3Aaction%3Dlightbox%26settings%3DeyJpZCI6NTA4NjcsInVybCI6Imh0dHBzOlwvXC9pYWxlbWFuLmNsXC93cC1jb250ZW50XC91cGxvYWRzXC8yMDI1XC8xMFwvQ2x1Yi1kZS1SZW1vLUVzdHJlbGxhLUJsYW5jYS1JbnN0aXR1dG8tQWxlbWFuLWRlLVB1ZXJ0by1Nb250dF8wMDAyX05pdmVsZXMtMS5qcGciLCJzbGlkZXNob3ciOiI0MjczNGQ3In0%3D\" href='https:\/\/ialeman.cl\/wp-content\/uploads\/2025\/10\/Club-de-Remo-Estrella-Blanca-Instituto-Aleman-de-Puerto-Montt_0002_Niveles-1.jpg'><img decoding=\"async\" width=\"1200\" height=\"801\" src=\"https:\/\/ialeman.cl\/wp-content\/uploads\/2025\/10\/Club-de-Remo-Estrella-Blanca-Instituto-Aleman-de-Puerto-Montt_0002_Niveles-1.jpg\" class=\"attachment-full size-full\" alt=\"\" srcset=\"https:\/\/ialeman.cl\/wp-content\/uploads\/2025\/10\/Club-de-Remo-Estrella-Blanca-Instituto-Aleman-de-Puerto-Montt_0002_Niveles-1.jpg 1200w, https:\/\/ialeman.cl\/wp-content\/uploads\/2025\/10\/Club-de-Remo-Estrella-Blanca-Instituto-Aleman-de-Puerto-Montt_0002_Niveles-1-300x200.jpg 300w, https:\/\/ialeman.cl\/wp-content\/uploads\/2025\/10\/Club-de-Remo-Estrella-Blanca-Instituto-Aleman-de-Puerto-Montt_0002_Niveles-1-1024x684.jpg 1024w, https:\/\/ialeman.cl\/wp-content\/uploads\/2025\/10\/Club-de-Remo-Estrella-Blanca-Instituto-Aleman-de-Puerto-Montt_0002_Niveles-1-768x513.jpg 768w\" sizes=\"(max-width: 1200px) 100vw, 1200px\" \/><\/a>\n\t\t\t<\/div><\/figure><figure class='gallery-item'>\n\t\t\t<div class='gallery-icon landscape'>\n\t\t\t\t<a data-elementor-open-lightbox=\"yes\" data-elementor-lightbox-slideshow=\"42734d7\" data-elementor-lightbox-title=\"Club de Remo Estrella Blanca Instituto Aleman de Puerto Montt_0003_Niveles 2\" data-e-action-hash=\"#elementor-action%3Aaction%3Dlightbox%26settings%3DeyJpZCI6NTA4NjgsInVybCI6Imh0dHBzOlwvXC9pYWxlbWFuLmNsXC93cC1jb250ZW50XC91cGxvYWRzXC8yMDI1XC8xMFwvQ2x1Yi1kZS1SZW1vLUVzdHJlbGxhLUJsYW5jYS1JbnN0aXR1dG8tQWxlbWFuLWRlLVB1ZXJ0by1Nb250dF8wMDAzX05pdmVsZXMtMi5qcGciLCJzbGlkZXNob3ciOiI0MjczNGQ3In0%3D\" href='https:\/\/ialeman.cl\/wp-content\/uploads\/2025\/10\/Club-de-Remo-Estrella-Blanca-Instituto-Aleman-de-Puerto-Montt_0003_Niveles-2.jpg'><img loading=\"lazy\" decoding=\"async\" width=\"1200\" height=\"801\" src=\"https:\/\/ialeman.cl\/wp-content\/uploads\/2025\/10\/Club-de-Remo-Estrella-Blanca-Instituto-Aleman-de-Puerto-Montt_0003_Niveles-2.jpg\" class=\"attachment-full size-full\" alt=\"\" srcset=\"https:\/\/ialeman.cl\/wp-content\/uploads\/2025\/10\/Club-de-Remo-Estrella-Blanca-Instituto-Aleman-de-Puerto-Montt_0003_Niveles-2.jpg 1200w, https:\/\/ialeman.cl\/wp-content\/uploads\/2025\/10\/Club-de-Remo-Estrella-Blanca-Instituto-Aleman-de-Puerto-Montt_0003_Niveles-2-300x200.jpg 300w, https:\/\/ialeman.cl\/wp-content\/uploads\/2025\/10\/Club-de-Remo-Estrella-Blanca-Instituto-Aleman-de-Puerto-Montt_0003_Niveles-2-1024x684.jpg 1024w, https:\/\/ialeman.cl\/wp-content\/uploads\/2025\/10\/Club-de-Remo-Estrella-Blanca-Instituto-Aleman-de-Puerto-Montt_0003_Niveles-2-768x513.jpg 768w\" sizes=\"(max-width: 1200px) 100vw, 1200px\" \/><\/a>\n\t\t\t<\/div><\/figure><figure class='gallery-item'>\n\t\t\t<div class='gallery-icon landscape'>\n\t\t\t\t<a data-elementor-open-lightbox=\"yes\" data-elementor-lightbox-slideshow=\"42734d7\" data-elementor-lightbox-title=\"Club de Remo Estrella Blanca Instituto Aleman de Puerto Montt_0004_DSC_5067\" data-e-action-hash=\"#elementor-action%3Aaction%3Dlightbox%26settings%3DeyJpZCI6NTA4NjksInVybCI6Imh0dHBzOlwvXC9pYWxlbWFuLmNsXC93cC1jb250ZW50XC91cGxvYWRzXC8yMDI1XC8xMFwvQ2x1Yi1kZS1SZW1vLUVzdHJlbGxhLUJsYW5jYS1JbnN0aXR1dG8tQWxlbWFuLWRlLVB1ZXJ0by1Nb250dF8wMDA0X0RTQ181MDY3LmpwZyIsInNsaWRlc2hvdyI6IjQyNzM0ZDcifQ%3D%3D\" href='https:\/\/ialeman.cl\/wp-content\/uploads\/2025\/10\/Club-de-Remo-Estrella-Blanca-Instituto-Aleman-de-Puerto-Montt_0004_DSC_5067.jpg'><img loading=\"lazy\" decoding=\"async\" width=\"1200\" height=\"801\" src=\"https:\/\/ialeman.cl\/wp-content\/uploads\/2025\/10\/Club-de-Remo-Estrella-Blanca-Instituto-Aleman-de-Puerto-Montt_0004_DSC_5067.jpg\" class=\"attachment-full size-full\" alt=\"\" srcset=\"https:\/\/ialeman.cl\/wp-content\/uploads\/2025\/10\/Club-de-Remo-Estrella-Blanca-Instituto-Aleman-de-Puerto-Montt_0004_DSC_5067.jpg 1200w, https:\/\/ialeman.cl\/wp-content\/uploads\/2025\/10\/Club-de-Remo-Estrella-Blanca-Instituto-Aleman-de-Puerto-Montt_0004_DSC_5067-300x200.jpg 300w, https:\/\/ialeman.cl\/wp-content\/uploads\/2025\/10\/Club-de-Remo-Estrella-Blanca-Instituto-Aleman-de-Puerto-Montt_0004_DSC_5067-1024x684.jpg 1024w, https:\/\/ialeman.cl\/wp-content\/uploads\/2025\/10\/Club-de-Remo-Estrella-Blanca-Instituto-Aleman-de-Puerto-Montt_0004_DSC_5067-768x513.jpg 768w\" sizes=\"(max-width: 1200px) 100vw, 1200px\" \/><\/a>\n\t\t\t<\/div><\/figure><figure class='gallery-item'>\n\t\t\t<div class='gallery-icon landscape'>\n\t\t\t\t<a data-elementor-open-lightbox=\"yes\" data-elementor-lightbox-slideshow=\"42734d7\" data-elementor-lightbox-title=\"Club de Remo Estrella Blanca Instituto Aleman de Puerto Montt_0005_DSC_5089\" data-e-action-hash=\"#elementor-action%3Aaction%3Dlightbox%26settings%3DeyJpZCI6NTA4NzAsInVybCI6Imh0dHBzOlwvXC9pYWxlbWFuLmNsXC93cC1jb250ZW50XC91cGxvYWRzXC8yMDI1XC8xMFwvQ2x1Yi1kZS1SZW1vLUVzdHJlbGxhLUJsYW5jYS1JbnN0aXR1dG8tQWxlbWFuLWRlLVB1ZXJ0by1Nb250dF8wMDA1X0RTQ181MDg5LmpwZyIsInNsaWRlc2hvdyI6IjQyNzM0ZDcifQ%3D%3D\" href='https:\/\/ialeman.cl\/wp-content\/uploads\/2025\/10\/Club-de-Remo-Estrella-Blanca-Instituto-Aleman-de-Puerto-Montt_0005_DSC_5089.jpg'><img loading=\"lazy\" decoding=\"async\" width=\"1200\" height=\"801\" src=\"https:\/\/ialeman.cl\/wp-content\/uploads\/2025\/10\/Club-de-Remo-Estrella-Blanca-Instituto-Aleman-de-Puerto-Montt_0005_DSC_5089.jpg\" class=\"attachment-full size-full\" alt=\"\" srcset=\"https:\/\/ialeman.cl\/wp-content\/uploads\/2025\/10\/Club-de-Remo-Estrella-Blanca-Instituto-Aleman-de-Puerto-Montt_0005_DSC_5089.jpg 1200w, https:\/\/ialeman.cl\/wp-content\/uploads\/2025\/10\/Club-de-Remo-Estrella-Blanca-Instituto-Aleman-de-Puerto-Montt_0005_DSC_5089-300x200.jpg 300w, https:\/\/ialeman.cl\/wp-content\/uploads\/2025\/10\/Club-de-Remo-Estrella-Blanca-Instituto-Aleman-de-Puerto-Montt_0005_DSC_5089-1024x684.jpg 1024w, https:\/\/ialeman.cl\/wp-content\/uploads\/2025\/10\/Club-de-Remo-Estrella-Blanca-Instituto-Aleman-de-Puerto-Montt_0005_DSC_5089-768x513.jpg 768w\" sizes=\"(max-width: 1200px) 100vw, 1200px\" \/><\/a>\n\t\t\t<\/div><\/figure><figure class='gallery-item'>\n\t\t\t<div class='gallery-icon landscape'>\n\t\t\t\t<a data-elementor-open-lightbox=\"yes\" data-elementor-lightbox-slideshow=\"42734d7\" data-elementor-lightbox-title=\"Club de Remo Estrella Blanca Instituto Aleman de Puerto Montt_0011_Niveles 3\" data-e-action-hash=\"#elementor-action%3Aaction%3Dlightbox%26settings%3DeyJpZCI6NTA4NzYsInVybCI6Imh0dHBzOlwvXC9pYWxlbWFuLmNsXC93cC1jb250ZW50XC91cGxvYWRzXC8yMDI1XC8xMFwvQ2x1Yi1kZS1SZW1vLUVzdHJlbGxhLUJsYW5jYS1JbnN0aXR1dG8tQWxlbWFuLWRlLVB1ZXJ0by1Nb250dF8wMDExX05pdmVsZXMtMy5qcGciLCJzbGlkZXNob3ciOiI0MjczNGQ3In0%3D\" href='https:\/\/ialeman.cl\/wp-content\/uploads\/2025\/10\/Club-de-Remo-Estrella-Blanca-Instituto-Aleman-de-Puerto-Montt_0011_Niveles-3.jpg'><img loading=\"lazy\" decoding=\"async\" width=\"1200\" height=\"801\" src=\"https:\/\/ialeman.cl\/wp-content\/uploads\/2025\/10\/Club-de-Remo-Estrella-Blanca-Instituto-Aleman-de-Puerto-Montt_0011_Niveles-3.jpg\" class=\"attachment-full size-full\" alt=\"\" srcset=\"https:\/\/ialeman.cl\/wp-content\/uploads\/2025\/10\/Club-de-Remo-Estrella-Blanca-Instituto-Aleman-de-Puerto-Montt_0011_Niveles-3.jpg 1200w, https:\/\/ialeman.cl\/wp-content\/uploads\/2025\/10\/Club-de-Remo-Estrella-Blanca-Instituto-Aleman-de-Puerto-Montt_0011_Niveles-3-300x200.jpg 300w, https:\/\/ialeman.cl\/wp-content\/uploads\/2025\/10\/Club-de-Remo-Estrella-Blanca-Instituto-Aleman-de-Puerto-Montt_0011_Niveles-3-1024x684.jpg 1024w, https:\/\/ialeman.cl\/wp-content\/uploads\/2025\/10\/Club-de-Remo-Estrella-Blanca-Instituto-Aleman-de-Puerto-Montt_0011_Niveles-3-768x513.jpg 768w\" sizes=\"(max-width: 1200px) 100vw, 1200px\" \/><\/a>\n\t\t\t<\/div><\/figure><figure class='gallery-item'>\n\t\t\t<div class='gallery-icon landscape'>\n\t\t\t\t<a data-elementor-open-lightbox=\"yes\" data-elementor-lightbox-slideshow=\"42734d7\" data-elementor-lightbox-title=\"Club de Remo Estrella Blanca Instituto Aleman de Puerto Montt_0006_DSC_4969\" data-e-action-hash=\"#elementor-action%3Aaction%3Dlightbox%26settings%3DeyJpZCI6NTA4NzEsInVybCI6Imh0dHBzOlwvXC9pYWxlbWFuLmNsXC93cC1jb250ZW50XC91cGxvYWRzXC8yMDI1XC8xMFwvQ2x1Yi1kZS1SZW1vLUVzdHJlbGxhLUJsYW5jYS1JbnN0aXR1dG8tQWxlbWFuLWRlLVB1ZXJ0by1Nb250dF8wMDA2X0RTQ180OTY5LmpwZyIsInNsaWRlc2hvdyI6IjQyNzM0ZDcifQ%3D%3D\" href='https:\/\/ialeman.cl\/wp-content\/uploads\/2025\/10\/Club-de-Remo-Estrella-Blanca-Instituto-Aleman-de-Puerto-Montt_0006_DSC_4969.jpg'><img loading=\"lazy\" decoding=\"async\" width=\"1200\" height=\"801\" src=\"https:\/\/ialeman.cl\/wp-content\/uploads\/2025\/10\/Club-de-Remo-Estrella-Blanca-Instituto-Aleman-de-Puerto-Montt_0006_DSC_4969.jpg\" class=\"attachment-full size-full\" alt=\"\" srcset=\"https:\/\/ialeman.cl\/wp-content\/uploads\/2025\/10\/Club-de-Remo-Estrella-Blanca-Instituto-Aleman-de-Puerto-Montt_0006_DSC_4969.jpg 1200w, https:\/\/ialeman.cl\/wp-content\/uploads\/2025\/10\/Club-de-Remo-Estrella-Blanca-Instituto-Aleman-de-Puerto-Montt_0006_DSC_4969-300x200.jpg 300w, https:\/\/ialeman.cl\/wp-content\/uploads\/2025\/10\/Club-de-Remo-Estrella-Blanca-Instituto-Aleman-de-Puerto-Montt_0006_DSC_4969-1024x684.jpg 1024w, https:\/\/ialeman.cl\/wp-content\/uploads\/2025\/10\/Club-de-Remo-Estrella-Blanca-Instituto-Aleman-de-Puerto-Montt_0006_DSC_4969-768x513.jpg 768w\" sizes=\"(max-width: 1200px) 100vw, 1200px\" \/><\/a>\n\t\t\t<\/div><\/figure><figure class='gallery-item'>\n\t\t\t<div class='gallery-icon landscape'>\n\t\t\t\t<a data-elementor-open-lightbox=\"yes\" data-elementor-lightbox-slideshow=\"42734d7\" data-elementor-lightbox-title=\"Club de Remo Estrella Blanca Instituto Aleman de Puerto Montt_0007_DSC_5196\" data-e-action-hash=\"#elementor-action%3Aaction%3Dlightbox%26settings%3DeyJpZCI6NTA4NzIsInVybCI6Imh0dHBzOlwvXC9pYWxlbWFuLmNsXC93cC1jb250ZW50XC91cGxvYWRzXC8yMDI1XC8xMFwvQ2x1Yi1kZS1SZW1vLUVzdHJlbGxhLUJsYW5jYS1JbnN0aXR1dG8tQWxlbWFuLWRlLVB1ZXJ0by1Nb250dF8wMDA3X0RTQ181MTk2LmpwZyIsInNsaWRlc2hvdyI6IjQyNzM0ZDcifQ%3D%3D\" href='https:\/\/ialeman.cl\/wp-content\/uploads\/2025\/10\/Club-de-Remo-Estrella-Blanca-Instituto-Aleman-de-Puerto-Montt_0007_DSC_5196.jpg'><img loading=\"lazy\" decoding=\"async\" width=\"1200\" height=\"801\" src=\"https:\/\/ialeman.cl\/wp-content\/uploads\/2025\/10\/Club-de-Remo-Estrella-Blanca-Instituto-Aleman-de-Puerto-Montt_0007_DSC_5196.jpg\" class=\"attachment-full size-full\" alt=\"\" srcset=\"https:\/\/ialeman.cl\/wp-content\/uploads\/2025\/10\/Club-de-Remo-Estrella-Blanca-Instituto-Aleman-de-Puerto-Montt_0007_DSC_5196.jpg 1200w, https:\/\/ialeman.cl\/wp-content\/uploads\/2025\/10\/Club-de-Remo-Estrella-Blanca-Instituto-Aleman-de-Puerto-Montt_0007_DSC_5196-300x200.jpg 300w, https:\/\/ialeman.cl\/wp-content\/uploads\/2025\/10\/Club-de-Remo-Estrella-Blanca-Instituto-Aleman-de-Puerto-Montt_0007_DSC_5196-1024x684.jpg 1024w, https:\/\/ialeman.cl\/wp-content\/uploads\/2025\/10\/Club-de-Remo-Estrella-Blanca-Instituto-Aleman-de-Puerto-Montt_0007_DSC_5196-768x513.jpg 768w\" sizes=\"(max-width: 1200px) 100vw, 1200px\" \/><\/a>\n\t\t\t<\/div><\/figure><figure class='gallery-item'>\n\t\t\t<div class='gallery-icon landscape'>\n\t\t\t\t<a data-elementor-open-lightbox=\"yes\" data-elementor-lightbox-slideshow=\"42734d7\" data-elementor-lightbox-title=\"Club de Remo Estrella Blanca Instituto Aleman de Puerto Montt_0008_DSC_5063\" data-e-action-hash=\"#elementor-action%3Aaction%3Dlightbox%26settings%3DeyJpZCI6NTA4NzMsInVybCI6Imh0dHBzOlwvXC9pYWxlbWFuLmNsXC93cC1jb250ZW50XC91cGxvYWRzXC8yMDI1XC8xMFwvQ2x1Yi1kZS1SZW1vLUVzdHJlbGxhLUJsYW5jYS1JbnN0aXR1dG8tQWxlbWFuLWRlLVB1ZXJ0by1Nb250dF8wMDA4X0RTQ181MDYzLmpwZyIsInNsaWRlc2hvdyI6IjQyNzM0ZDcifQ%3D%3D\" href='https:\/\/ialeman.cl\/wp-content\/uploads\/2025\/10\/Club-de-Remo-Estrella-Blanca-Instituto-Aleman-de-Puerto-Montt_0008_DSC_5063.jpg'><img loading=\"lazy\" decoding=\"async\" width=\"1200\" height=\"801\" src=\"https:\/\/ialeman.cl\/wp-content\/uploads\/2025\/10\/Club-de-Remo-Estrella-Blanca-Instituto-Aleman-de-Puerto-Montt_0008_DSC_5063.jpg\" class=\"attachment-full size-full\" alt=\"\" srcset=\"https:\/\/ialeman.cl\/wp-content\/uploads\/2025\/10\/Club-de-Remo-Estrella-Blanca-Instituto-Aleman-de-Puerto-Montt_0008_DSC_5063.jpg 1200w, https:\/\/ialeman.cl\/wp-content\/uploads\/2025\/10\/Club-de-Remo-Estrella-Blanca-Instituto-Aleman-de-Puerto-Montt_0008_DSC_5063-300x200.jpg 300w, https:\/\/ialeman.cl\/wp-content\/uploads\/2025\/10\/Club-de-Remo-Estrella-Blanca-Instituto-Aleman-de-Puerto-Montt_0008_DSC_5063-1024x684.jpg 1024w, https:\/\/ialeman.cl\/wp-content\/uploads\/2025\/10\/Club-de-Remo-Estrella-Blanca-Instituto-Aleman-de-Puerto-Montt_0008_DSC_5063-768x513.jpg 768w\" sizes=\"(max-width: 1200px) 100vw, 1200px\" \/><\/a>\n\t\t\t<\/div><\/figure><figure class='gallery-item'>\n\t\t\t<div class='gallery-icon landscape'>\n\t\t\t\t<a data-elementor-open-lightbox=\"yes\" data-elementor-lightbox-slideshow=\"42734d7\" data-elementor-lightbox-title=\"Club de Remo Estrella Blanca Instituto Aleman de Puerto Montt_0009_DSC_5056\" data-e-action-hash=\"#elementor-action%3Aaction%3Dlightbox%26settings%3DeyJpZCI6NTA4NzQsInVybCI6Imh0dHBzOlwvXC9pYWxlbWFuLmNsXC93cC1jb250ZW50XC91cGxvYWRzXC8yMDI1XC8xMFwvQ2x1Yi1kZS1SZW1vLUVzdHJlbGxhLUJsYW5jYS1JbnN0aXR1dG8tQWxlbWFuLWRlLVB1ZXJ0by1Nb250dF8wMDA5X0RTQ181MDU2LmpwZyIsInNsaWRlc2hvdyI6IjQyNzM0ZDcifQ%3D%3D\" href='https:\/\/ialeman.cl\/wp-content\/uploads\/2025\/10\/Club-de-Remo-Estrella-Blanca-Instituto-Aleman-de-Puerto-Montt_0009_DSC_5056.jpg'><img loading=\"lazy\" decoding=\"async\" width=\"1200\" height=\"801\" src=\"https:\/\/ialeman.cl\/wp-content\/uploads\/2025\/10\/Club-de-Remo-Estrella-Blanca-Instituto-Aleman-de-Puerto-Montt_0009_DSC_5056.jpg\" class=\"attachment-full size-full\" alt=\"\" srcset=\"https:\/\/ialeman.cl\/wp-content\/uploads\/2025\/10\/Club-de-Remo-Estrella-Blanca-Instituto-Aleman-de-Puerto-Montt_0009_DSC_5056.jpg 1200w, https:\/\/ialeman.cl\/wp-content\/uploads\/2025\/10\/Club-de-Remo-Estrella-Blanca-Instituto-Aleman-de-Puerto-Montt_0009_DSC_5056-300x200.jpg 300w, https:\/\/ialeman.cl\/wp-content\/uploads\/2025\/10\/Club-de-Remo-Estrella-Blanca-Instituto-Aleman-de-Puerto-Montt_0009_DSC_5056-1024x684.jpg 1024w, https:\/\/ialeman.cl\/wp-content\/uploads\/2025\/10\/Club-de-Remo-Estrella-Blanca-Instituto-Aleman-de-Puerto-Montt_0009_DSC_5056-768x513.jpg 768w\" sizes=\"(max-width: 1200px) 100vw, 1200px\" \/><\/a>\n\t\t\t<\/div><\/figure><figure class='gallery-item'>\n\t\t\t<div class='gallery-icon landscape'>\n\t\t\t\t<a data-elementor-open-lightbox=\"yes\" data-elementor-lightbox-slideshow=\"42734d7\" data-elementor-lightbox-title=\"Club de Remo Estrella Blanca Instituto Aleman de Puerto Montt_0010_DSC_5178\" data-e-action-hash=\"#elementor-action%3Aaction%3Dlightbox%26settings%3DeyJpZCI6NTA4NzUsInVybCI6Imh0dHBzOlwvXC9pYWxlbWFuLmNsXC93cC1jb250ZW50XC91cGxvYWRzXC8yMDI1XC8xMFwvQ2x1Yi1kZS1SZW1vLUVzdHJlbGxhLUJsYW5jYS1JbnN0aXR1dG8tQWxlbWFuLWRlLVB1ZXJ0by1Nb250dF8wMDEwX0RTQ181MTc4LmpwZyIsInNsaWRlc2hvdyI6IjQyNzM0ZDcifQ%3D%3D\" href='https:\/\/ialeman.cl\/wp-content\/uploads\/2025\/10\/Club-de-Remo-Estrella-Blanca-Instituto-Aleman-de-Puerto-Montt_0010_DSC_5178.jpg'><img loading=\"lazy\" decoding=\"async\" width=\"1200\" height=\"801\" src=\"https:\/\/ialeman.cl\/wp-content\/uploads\/2025\/10\/Club-de-Remo-Estrella-Blanca-Instituto-Aleman-de-Puerto-Montt_0010_DSC_5178.jpg\" class=\"attachment-full size-full\" alt=\"\" srcset=\"https:\/\/ialeman.cl\/wp-content\/uploads\/2025\/10\/Club-de-Remo-Estrella-Blanca-Instituto-Aleman-de-Puerto-Montt_0010_DSC_5178.jpg 1200w, https:\/\/ialeman.cl\/wp-content\/uploads\/2025\/10\/Club-de-Remo-Estrella-Blanca-Instituto-Aleman-de-Puerto-Montt_0010_DSC_5178-300x200.jpg 300w, https:\/\/ialeman.cl\/wp-content\/uploads\/2025\/10\/Club-de-Remo-Estrella-Blanca-Instituto-Aleman-de-Puerto-Montt_0010_DSC_5178-1024x684.jpg 1024w, https:\/\/ialeman.cl\/wp-content\/uploads\/2025\/10\/Club-de-Remo-Estrella-Blanca-Instituto-Aleman-de-Puerto-Montt_0010_DSC_5178-768x513.jpg 768w\" sizes=\"(max-width: 1200px) 100vw, 1200px\" \/><\/a>\n\t\t\t<\/div><\/figure><figure class='gallery-item'>\n\t\t\t<div class='gallery-icon landscape'>\n\t\t\t\t<a data-elementor-open-lightbox=\"yes\" data-elementor-lightbox-slideshow=\"42734d7\" data-elementor-lightbox-title=\"Club de Remo Estrella Blanca Instituto Aleman de Puerto Montt_0012_DSC_5112\" data-e-action-hash=\"#elementor-action%3Aaction%3Dlightbox%26settings%3DeyJpZCI6NTA4NzcsInVybCI6Imh0dHBzOlwvXC9pYWxlbWFuLmNsXC93cC1jb250ZW50XC91cGxvYWRzXC8yMDI1XC8xMFwvQ2x1Yi1kZS1SZW1vLUVzdHJlbGxhLUJsYW5jYS1JbnN0aXR1dG8tQWxlbWFuLWRlLVB1ZXJ0by1Nb250dF8wMDEyX0RTQ181MTEyLmpwZyIsInNsaWRlc2hvdyI6IjQyNzM0ZDcifQ%3D%3D\" href='https:\/\/ialeman.cl\/wp-content\/uploads\/2025\/10\/Club-de-Remo-Estrella-Blanca-Instituto-Aleman-de-Puerto-Montt_0012_DSC_5112.jpg'><img loading=\"lazy\" decoding=\"async\" width=\"1200\" height=\"801\" src=\"https:\/\/ialeman.cl\/wp-content\/uploads\/2025\/10\/Club-de-Remo-Estrella-Blanca-Instituto-Aleman-de-Puerto-Montt_0012_DSC_5112.jpg\" class=\"attachment-full size-full\" alt=\"\" srcset=\"https:\/\/ialeman.cl\/wp-content\/uploads\/2025\/10\/Club-de-Remo-Estrella-Blanca-Instituto-Aleman-de-Puerto-Montt_0012_DSC_5112.jpg 1200w, https:\/\/ialeman.cl\/wp-content\/uploads\/2025\/10\/Club-de-Remo-Estrella-Blanca-Instituto-Aleman-de-Puerto-Montt_0012_DSC_5112-300x200.jpg 300w, https:\/\/ialeman.cl\/wp-content\/uploads\/2025\/10\/Club-de-Remo-Estrella-Blanca-Instituto-Aleman-de-Puerto-Montt_0012_DSC_5112-1024x684.jpg 1024w, https:\/\/ialeman.cl\/wp-content\/uploads\/2025\/10\/Club-de-Remo-Estrella-Blanca-Instituto-Aleman-de-Puerto-Montt_0012_DSC_5112-768x513.jpg 768w\" sizes=\"(max-width: 1200px) 100vw, 1200px\" \/><\/a>\n\t\t\t<\/div><\/figure><figure class='gallery-item'>\n\t\t\t<div class='gallery-icon landscape'>\n\t\t\t\t<a data-elementor-open-lightbox=\"yes\" data-elementor-lightbox-slideshow=\"42734d7\" data-elementor-lightbox-title=\"Club de Remo Estrella Blanca Instituto Aleman de Puerto Montt_0013_DSC_5095\" data-e-action-hash=\"#elementor-action%3Aaction%3Dlightbox%26settings%3DeyJpZCI6NTA4NzgsInVybCI6Imh0dHBzOlwvXC9pYWxlbWFuLmNsXC93cC1jb250ZW50XC91cGxvYWRzXC8yMDI1XC8xMFwvQ2x1Yi1kZS1SZW1vLUVzdHJlbGxhLUJsYW5jYS1JbnN0aXR1dG8tQWxlbWFuLWRlLVB1ZXJ0by1Nb250dF8wMDEzX0RTQ181MDk1LmpwZyIsInNsaWRlc2hvdyI6IjQyNzM0ZDcifQ%3D%3D\" href='https:\/\/ialeman.cl\/wp-content\/uploads\/2025\/10\/Club-de-Remo-Estrella-Blanca-Instituto-Aleman-de-Puerto-Montt_0013_DSC_5095.jpg'><img loading=\"lazy\" decoding=\"async\" width=\"1200\" height=\"801\" src=\"https:\/\/ialeman.cl\/wp-content\/uploads\/2025\/10\/Club-de-Remo-Estrella-Blanca-Instituto-Aleman-de-Puerto-Montt_0013_DSC_5095.jpg\" class=\"attachment-full size-full\" alt=\"\" srcset=\"https:\/\/ialeman.cl\/wp-content\/uploads\/2025\/10\/Club-de-Remo-Estrella-Blanca-Instituto-Aleman-de-Puerto-Montt_0013_DSC_5095.jpg 1200w, https:\/\/ialeman.cl\/wp-content\/uploads\/2025\/10\/Club-de-Remo-Estrella-Blanca-Instituto-Aleman-de-Puerto-Montt_0013_DSC_5095-300x200.jpg 300w, https:\/\/ialeman.cl\/wp-content\/uploads\/2025\/10\/Club-de-Remo-Estrella-Blanca-Instituto-Aleman-de-Puerto-Montt_0013_DSC_5095-1024x684.jpg 1024w, https:\/\/ialeman.cl\/wp-content\/uploads\/2025\/10\/Club-de-Remo-Estrella-Blanca-Instituto-Aleman-de-Puerto-Montt_0013_DSC_5095-768x513.jpg 768w\" sizes=\"(max-width: 1200px) 100vw, 1200px\" \/><\/a>\n\t\t\t<\/div><\/figure><figure class='gallery-item'>\n\t\t\t<div class='gallery-icon landscape'>\n\t\t\t\t<a data-elementor-open-lightbox=\"yes\" data-elementor-lightbox-slideshow=\"42734d7\" data-elementor-lightbox-title=\"Club de Remo Estrella Blanca Instituto Aleman de Puerto Montt_0014_Niveles 4\" data-e-action-hash=\"#elementor-action%3Aaction%3Dlightbox%26settings%3DeyJpZCI6NTA4NzksInVybCI6Imh0dHBzOlwvXC9pYWxlbWFuLmNsXC93cC1jb250ZW50XC91cGxvYWRzXC8yMDI1XC8xMFwvQ2x1Yi1kZS1SZW1vLUVzdHJlbGxhLUJsYW5jYS1JbnN0aXR1dG8tQWxlbWFuLWRlLVB1ZXJ0by1Nb250dF8wMDE0X05pdmVsZXMtNC5qcGciLCJzbGlkZXNob3ciOiI0MjczNGQ3In0%3D\" href='https:\/\/ialeman.cl\/wp-content\/uploads\/2025\/10\/Club-de-Remo-Estrella-Blanca-Instituto-Aleman-de-Puerto-Montt_0014_Niveles-4.jpg'><img loading=\"lazy\" decoding=\"async\" width=\"1200\" height=\"801\" src=\"https:\/\/ialeman.cl\/wp-content\/uploads\/2025\/10\/Club-de-Remo-Estrella-Blanca-Instituto-Aleman-de-Puerto-Montt_0014_Niveles-4.jpg\" class=\"attachment-full size-full\" alt=\"\" srcset=\"https:\/\/ialeman.cl\/wp-content\/uploads\/2025\/10\/Club-de-Remo-Estrella-Blanca-Instituto-Aleman-de-Puerto-Montt_0014_Niveles-4.jpg 1200w, https:\/\/ialeman.cl\/wp-content\/uploads\/2025\/10\/Club-de-Remo-Estrella-Blanca-Instituto-Aleman-de-Puerto-Montt_0014_Niveles-4-300x200.jpg 300w, https:\/\/ialeman.cl\/wp-content\/uploads\/2025\/10\/Club-de-Remo-Estrella-Blanca-Instituto-Aleman-de-Puerto-Montt_0014_Niveles-4-1024x684.jpg 1024w, https:\/\/ialeman.cl\/wp-content\/uploads\/2025\/10\/Club-de-Remo-Estrella-Blanca-Instituto-Aleman-de-Puerto-Montt_0014_Niveles-4-768x513.jpg 768w\" sizes=\"(max-width: 1200px) 100vw, 1200px\" \/><\/a>\n\t\t\t<\/div><\/figure><figure class='gallery-item'>\n\t\t\t<div class='gallery-icon landscape'>\n\t\t\t\t<a data-elementor-open-lightbox=\"yes\" data-elementor-lightbox-slideshow=\"42734d7\" data-elementor-lightbox-title=\"Club de Remo Estrella Blanca Instituto Aleman de Puerto Montt_0015_DSC_5186\" data-e-action-hash=\"#elementor-action%3Aaction%3Dlightbox%26settings%3DeyJpZCI6NTA4ODAsInVybCI6Imh0dHBzOlwvXC9pYWxlbWFuLmNsXC93cC1jb250ZW50XC91cGxvYWRzXC8yMDI1XC8xMFwvQ2x1Yi1kZS1SZW1vLUVzdHJlbGxhLUJsYW5jYS1JbnN0aXR1dG8tQWxlbWFuLWRlLVB1ZXJ0by1Nb250dF8wMDE1X0RTQ181MTg2LmpwZyIsInNsaWRlc2hvdyI6IjQyNzM0ZDcifQ%3D%3D\" href='https:\/\/ialeman.cl\/wp-content\/uploads\/2025\/10\/Club-de-Remo-Estrella-Blanca-Instituto-Aleman-de-Puerto-Montt_0015_DSC_5186.jpg'><img loading=\"lazy\" decoding=\"async\" width=\"1200\" height=\"801\" src=\"https:\/\/ialeman.cl\/wp-content\/uploads\/2025\/10\/Club-de-Remo-Estrella-Blanca-Instituto-Aleman-de-Puerto-Montt_0015_DSC_5186.jpg\" class=\"attachment-full size-full\" alt=\"\" srcset=\"https:\/\/ialeman.cl\/wp-content\/uploads\/2025\/10\/Club-de-Remo-Estrella-Blanca-Instituto-Aleman-de-Puerto-Montt_0015_DSC_5186.jpg 1200w, https:\/\/ialeman.cl\/wp-content\/uploads\/2025\/10\/Club-de-Remo-Estrella-Blanca-Instituto-Aleman-de-Puerto-Montt_0015_DSC_5186-300x200.jpg 300w, https:\/\/ialeman.cl\/wp-content\/uploads\/2025\/10\/Club-de-Remo-Estrella-Blanca-Instituto-Aleman-de-Puerto-Montt_0015_DSC_5186-1024x684.jpg 1024w, https:\/\/ialeman.cl\/wp-content\/uploads\/2025\/10\/Club-de-Remo-Estrella-Blanca-Instituto-Aleman-de-Puerto-Montt_0015_DSC_5186-768x513.jpg 768w\" sizes=\"(max-width: 1200px) 100vw, 1200px\" \/><\/a>\n\t\t\t<\/div><\/figure><figure class='gallery-item'>\n\t\t\t<div class='gallery-icon landscape'>\n\t\t\t\t<a data-elementor-open-lightbox=\"yes\" data-elementor-lightbox-slideshow=\"42734d7\" data-elementor-lightbox-title=\"Club de Remo Estrella Blanca Instituto Aleman de Puerto Montt_0016_DSC_5115\" data-e-action-hash=\"#elementor-action%3Aaction%3Dlightbox%26settings%3DeyJpZCI6NTA4ODEsInVybCI6Imh0dHBzOlwvXC9pYWxlbWFuLmNsXC93cC1jb250ZW50XC91cGxvYWRzXC8yMDI1XC8xMFwvQ2x1Yi1kZS1SZW1vLUVzdHJlbGxhLUJsYW5jYS1JbnN0aXR1dG8tQWxlbWFuLWRlLVB1ZXJ0by1Nb250dF8wMDE2X0RTQ181MTE1LmpwZyIsInNsaWRlc2hvdyI6IjQyNzM0ZDcifQ%3D%3D\" href='https:\/\/ialeman.cl\/wp-content\/uploads\/2025\/10\/Club-de-Remo-Estrella-Blanca-Instituto-Aleman-de-Puerto-Montt_0016_DSC_5115.jpg'><img loading=\"lazy\" decoding=\"async\" width=\"1200\" height=\"801\" src=\"https:\/\/ialeman.cl\/wp-content\/uploads\/2025\/10\/Club-de-Remo-Estrella-Blanca-Instituto-Aleman-de-Puerto-Montt_0016_DSC_5115.jpg\" class=\"attachment-full size-full\" alt=\"\" srcset=\"https:\/\/ialeman.cl\/wp-content\/uploads\/2025\/10\/Club-de-Remo-Estrella-Blanca-Instituto-Aleman-de-Puerto-Montt_0016_DSC_5115.jpg 1200w, https:\/\/ialeman.cl\/wp-content\/uploads\/2025\/10\/Club-de-Remo-Estrella-Blanca-Instituto-Aleman-de-Puerto-Montt_0016_DSC_5115-300x200.jpg 300w, https:\/\/ialeman.cl\/wp-content\/uploads\/2025\/10\/Club-de-Remo-Estrella-Blanca-Instituto-Aleman-de-Puerto-Montt_0016_DSC_5115-1024x684.jpg 1024w, https:\/\/ialeman.cl\/wp-content\/uploads\/2025\/10\/Club-de-Remo-Estrella-Blanca-Instituto-Aleman-de-Puerto-Montt_0016_DSC_5115-768x513.jpg 768w\" sizes=\"(max-width: 1200px) 100vw, 1200px\" \/><\/a>\n\t\t\t<\/div><\/figure><figure class='gallery-item'>\n\t\t\t<div class='gallery-icon landscape'>\n\t\t\t\t<a data-elementor-open-lightbox=\"yes\" data-elementor-lightbox-slideshow=\"42734d7\" data-elementor-lightbox-title=\"Club de Remo Estrella Blanca Instituto Aleman de Puerto Montt_0017_DSC_5055\" data-e-action-hash=\"#elementor-action%3Aaction%3Dlightbox%26settings%3DeyJpZCI6NTA4ODIsInVybCI6Imh0dHBzOlwvXC9pYWxlbWFuLmNsXC93cC1jb250ZW50XC91cGxvYWRzXC8yMDI1XC8xMFwvQ2x1Yi1kZS1SZW1vLUVzdHJlbGxhLUJsYW5jYS1JbnN0aXR1dG8tQWxlbWFuLWRlLVB1ZXJ0by1Nb250dF8wMDE3X0RTQ181MDU1LmpwZyIsInNsaWRlc2hvdyI6IjQyNzM0ZDcifQ%3D%3D\" href='https:\/\/ialeman.cl\/wp-content\/uploads\/2025\/10\/Club-de-Remo-Estrella-Blanca-Instituto-Aleman-de-Puerto-Montt_0017_DSC_5055.jpg'><img loading=\"lazy\" decoding=\"async\" width=\"1200\" height=\"801\" src=\"https:\/\/ialeman.cl\/wp-content\/uploads\/2025\/10\/Club-de-Remo-Estrella-Blanca-Instituto-Aleman-de-Puerto-Montt_0017_DSC_5055.jpg\" class=\"attachment-full size-full\" alt=\"\" srcset=\"https:\/\/ialeman.cl\/wp-content\/uploads\/2025\/10\/Club-de-Remo-Estrella-Blanca-Instituto-Aleman-de-Puerto-Montt_0017_DSC_5055.jpg 1200w, https:\/\/ialeman.cl\/wp-content\/uploads\/2025\/10\/Club-de-Remo-Estrella-Blanca-Instituto-Aleman-de-Puerto-Montt_0017_DSC_5055-300x200.jpg 300w, https:\/\/ialeman.cl\/wp-content\/uploads\/2025\/10\/Club-de-Remo-Estrella-Blanca-Instituto-Aleman-de-Puerto-Montt_0017_DSC_5055-1024x684.jpg 1024w, https:\/\/ialeman.cl\/wp-content\/uploads\/2025\/10\/Club-de-Remo-Estrella-Blanca-Instituto-Aleman-de-Puerto-Montt_0017_DSC_5055-768x513.jpg 768w\" sizes=\"(max-width: 1200px) 100vw, 1200px\" \/><\/a>\n\t\t\t<\/div><\/figure>\n\t\t<\/div>\n\t\t<\/div>\n\t\t\t\t\t\t<\/div>\n\t\t\t\t<\/div>\n\t\t\t\t\t<\/div>\n\t\t<\/div>\n\t\t\t\t\t<\/div>\n\t\t<\/section>\n\t\t\t\t<\/div>\n\t\t","protected":false},"excerpt":{"rendered":"<p>Deportista ol\u00edmpico dict\u00f3 charla sobre el remo a los estudiantes del Instituto Alem\u00e1n de Puerto Montt El Centro de Alumnos del Instituto Alem\u00e1n de Puerto Montt, en colaboraci\u00f3n con el Club de Remo Estrella Blanca, realizaron una jornada deportiva de remo destinada a los alumnos de 6\u00ba b\u00e1sico. La actividad cont\u00f3 con la presencia del [&hellip;]<\/p>\n","protected":false},"author":1,"featured_media":50860,"comment_status":"closed","ping_status":"closed","sticky":false,"template":"","format":"standard","meta":{"_crdt_document":"","_monsterinsights_skip_tracking":false,"_monsterinsights_sitenote_active":false,"_monsterinsights_sitenote_note":"","_monsterinsights_sitenote_category":0,"site-sidebar-layout":"default","site-content-layout":"","ast-site-content-layout":"default","site-content-style":"default","site-sidebar-style":"default","ast-global-header-display":"","ast-banner-title-visibility":"","ast-main-header-display":"","ast-hfb-above-header-display":"","ast-hfb-below-header-display":"","ast-hfb-mobile-header-display":"","site-post-title":"","ast-breadcrumbs-content":"","ast-featured-img":"disabled","footer-sml-layout":"","ast-disable-related-posts":"","theme-transparent-header-meta":"","adv-header-id-meta":"","stick-header-meta":"","header-above-stick-meta":"","header-main-stick-meta":"","header-below-stick-meta":"","astra-migrate-meta-layouts":"set","ast-page-background-enabled":"default","ast-page-background-meta":{"desktop":{"background-color":"var(--ast-global-color-4)","background-image":"","background-repeat":"repeat","background-position":"center center","background-size":"auto","background-attachment":"scroll","background-type":"","background-media":"","overlay-type":"","overlay-color":"","overlay-opacity":"","overlay-gradient":""},"tablet":{"background-color":"","background-image":"","background-repeat":"repeat","background-position":"center center","background-size":"auto","background-attachment":"scroll","background-type":"","background-media":"","overlay-type":"","overlay-color":"","overlay-opacity":"","overlay-gradient":""},"mobile":{"background-color":"","background-image":"","background-repeat":"repeat","background-position":"center center","background-size":"auto","background-attachment":"scroll","background-type":"","background-media":"","overlay-type":"","overlay-color":"","overlay-opacity":"","overlay-gradient":""}},"ast-content-background-meta":{"desktop":{"background-color":"var(--ast-global-color-5)","background-image":"","background-repeat":"repeat","background-position":"center center","background-size":"auto","background-attachment":"scroll","background-type":"","background-media":"","overlay-type":"","overlay-color":"","overlay-opacity":"","overlay-gradient":""},"tablet":{"background-color":"var(--ast-global-color-5)","background-image":"","background-repeat":"repeat","background-position":"center center","background-size":"auto","background-attachment":"scroll","background-type":"","background-media":"","overlay-type":"","overlay-color":"","overlay-opacity":"","overlay-gradient":""},"mobile":{"background-color":"var(--ast-global-color-5)","background-image":"","background-repeat":"repeat","background-position":"center center","background-size":"auto","background-attachment":"scroll","background-type":"","background-media":"","overlay-type":"","overlay-color":"","overlay-opacity":"","overlay-gradient":""}},"advanced_seo_description":"","jetpack_seo_html_title":"","jetpack_seo_noindex":false,"_jetpack_memberships_contains_paid_content":false,"footnotes":""},"categories":[10],"tags":[],"class_list":["post-50859","post","type-post","status-publish","format-standard","has-post-thumbnail","hentry","category-noticias"],"jetpack_featured_media_url":"https:\/\/ialeman.cl\/wp-content\/uploads\/2025\/10\/Club-de-Remo-Estrella-Blanca-Instituto-Aleman-de-Puerto-Montt_0000_DSC_4992.jpg","jetpack_shortlink":"https:\/\/wp.me\/ph8I5c-dej","jetpack_sharing_enabled":true,"_links":{"self":[{"href":"https:\/\/ialeman.cl\/index.php\/wp-json\/wp\/v2\/posts\/50859","targetHints":{"allow":["GET"]}}],"collection":[{"href":"https:\/\/ialeman.cl\/index.php\/wp-json\/wp\/v2\/posts"}],"about":[{"href":"https:\/\/ialeman.cl\/index.php\/wp-json\/wp\/v2\/types\/post"}],"author":[{"embeddable":true,"href":"https:\/\/ialeman.cl\/index.php\/wp-json\/wp\/v2\/users\/1"}],"replies":[{"embeddable":true,"href":"https:\/\/ialeman.cl\/index.php\/wp-json\/wp\/v2\/comments?post=50859"}],"version-history":[{"count":11,"href":"https:\/\/ialeman.cl\/index.php\/wp-json\/wp\/v2\/posts\/50859\/revisions"}],"predecessor-version":[{"id":51018,"href":"https:\/\/ialeman.cl\/index.php\/wp-json\/wp\/v2\/posts\/50859\/revisions\/51018"}],"wp:featuredmedia":[{"embeddable":true,"href":"https:\/\/ialeman.cl\/index.php\/wp-json\/wp\/v2\/media\/50860"}],"wp:attachment":[{"href":"https:\/\/ialeman.cl\/index.php\/wp-json\/wp\/v2\/media?parent=50859"}],"wp:term":[{"taxonomy":"category","embeddable":true,"href":"https:\/\/ialeman.cl\/index.php\/wp-json\/wp\/v2\/categories?post=50859"},{"taxonomy":"post_tag","embeddable":true,"href":"https:\/\/ialeman.cl\/index.php\/wp-json\/wp\/v2\/tags?post=50859"}],"curies":[{"name":"wp","href":"https:\/\/api.w.org\/{rel}","templated":true}]}}