{"id":46288,"date":"2025-06-10T14:46:10","date_gmt":"2025-06-10T18:46:10","guid":{"rendered":"https:\/\/ialeman.cl\/?p=46288"},"modified":"2025-06-16T08:24:02","modified_gmt":"2025-06-16T12:24:02","slug":"pei-2025","status":"publish","type":"post","link":"https:\/\/ialeman.cl\/index.php\/pei-2025\/","title":{"rendered":"PEI 2025"},"content":{"rendered":"\t\t<div data-elementor-type=\"wp-post\" data-elementor-id=\"46288\" class=\"elementor elementor-46288\">\n\t\t\t\t\t\t<section class=\"elementor-section elementor-top-section elementor-element elementor-element-f348475 elementor-section-boxed elementor-section-height-default elementor-section-height-default\" data-id=\"f348475\" data-element_type=\"section\" data-e-type=\"section\">\n\t\t\t\t\t\t<div class=\"elementor-container elementor-column-gap-default\">\n\t\t\t\t\t<div class=\"elementor-column elementor-col-100 elementor-top-column elementor-element elementor-element-8fd2582\" data-id=\"8fd2582\" data-element_type=\"column\" data-e-type=\"column\">\n\t\t\t<div class=\"elementor-widget-wrap elementor-element-populated\">\n\t\t\t\t\t\t<div class=\"elementor-element elementor-element-232dd73 elementor-widget elementor-widget-heading\" data-id=\"232dd73\" data-element_type=\"widget\" data-e-type=\"widget\" data-widget_type=\"heading.default\">\n\t\t\t\t<div class=\"elementor-widget-container\">\n\t\t\t\t\t<h2 class=\"elementor-heading-title elementor-size-default\">Instituto Alem\u00e1n de Puerto Montt trabaja en la actualizaci\u00f3n de Proyecto Educativo Institucional<\/h2>\t\t\t\t<\/div>\n\t\t\t\t<\/div>\n\t\t\t\t\t<\/div>\n\t\t<\/div>\n\t\t\t\t\t<\/div>\n\t\t<\/section>\n\t\t\t\t<section class=\"elementor-section elementor-top-section elementor-element elementor-element-b9c8867 elementor-section-boxed elementor-section-height-default elementor-section-height-default\" data-id=\"b9c8867\" data-element_type=\"section\" data-e-type=\"section\">\n\t\t\t\t\t\t<div class=\"elementor-container elementor-column-gap-default\">\n\t\t\t\t\t<div class=\"elementor-column elementor-col-100 elementor-top-column elementor-element elementor-element-f836f37\" data-id=\"f836f37\" data-element_type=\"column\" data-e-type=\"column\">\n\t\t\t<div class=\"elementor-widget-wrap elementor-element-populated\">\n\t\t\t\t\t\t<div class=\"elementor-element elementor-element-1ed74d6 elementor-widget elementor-widget-heading\" data-id=\"1ed74d6\" data-element_type=\"widget\" data-e-type=\"widget\" data-widget_type=\"heading.default\">\n\t\t\t\t<div class=\"elementor-widget-container\">\n\t\t\t\t\t<h2 class=\"elementor-heading-title elementor-size-default\">Con la participaci\u00f3n de los estudiantes, profesores, apoderados y funcionarios, el Instituto Alem\u00e1n de Puerto Montt avanza en la actualizaci\u00f3n de su Proyecto Educativo Institucional (PEI), un proceso clave para definir la misi\u00f3n, visi\u00f3n y objetivos estrat\u00e9gicos que guiar\u00e1n el quehacer del colegio en los pr\u00f3ximos a\u00f1os.\n<br><br>\nLos talleres se desarrollaron entre el 22 y el 29 de abril de 2025 y fueron dirigidos por el Rector, Sr. Gabriel Saldivia Y\u00e1\u00f1ez. En cada jornada, los distintos estamentos, incluidos el Directorio, el Equipo Directivo, docentes, administrativos y auxiliares, trabajaron en grupos, completaron un formulario online y compartieron sus ideas en torno al futuro del colegio, en un ejercicio de reflexi\u00f3n colectiva que recogi\u00f3 el aporte de todos sus integrantes.<br><br>\n\nLa comunidad destac\u00f3 la importancia de contar con un PEI que responda a los nuevos desaf\u00edos educativos, resguardando su v\u00ednculo con la tradici\u00f3n alemana y el rol que cumple el Bachillerato Internacional en la formaci\u00f3n integral de los estudiantes. Los resultados ser\u00e1n procesados y presentados en las pr\u00f3ximas semanas a todos los estamentos del Instituto Alem\u00e1n de Puerto Montt.<\/h2>\t\t\t\t<\/div>\n\t\t\t\t<\/div>\n\t\t\t\t\t<\/div>\n\t\t<\/div>\n\t\t\t\t\t<\/div>\n\t\t<\/section>\n\t\t\t\t<section class=\"elementor-section elementor-top-section elementor-element elementor-element-6c818c6 elementor-section-boxed elementor-section-height-default elementor-section-height-default\" data-id=\"6c818c6\" data-element_type=\"section\" data-e-type=\"section\">\n\t\t\t\t\t\t<div class=\"elementor-container elementor-column-gap-default\">\n\t\t\t\t\t<div class=\"elementor-column elementor-col-100 elementor-top-column elementor-element elementor-element-9b450d1\" data-id=\"9b450d1\" data-element_type=\"column\" data-e-type=\"column\">\n\t\t\t<div class=\"elementor-widget-wrap elementor-element-populated\">\n\t\t\t\t\t\t<div class=\"elementor-element elementor-element-fefe58c gallery-spacing-custom elementor-widget elementor-widget-image-gallery\" data-id=\"fefe58c\" data-element_type=\"widget\" data-e-type=\"widget\" data-widget_type=\"image-gallery.default\">\n\t\t\t\t<div class=\"elementor-widget-container\">\n\t\t\t\t\t\t\t<div class=\"elementor-image-gallery\">\n\t\t\t<div id='gallery-1' class='gallery galleryid-46288 gallery-columns-2 gallery-size-full'><figure class='gallery-item'>\n\t\t\t<div class='gallery-icon landscape'>\n\t\t\t\t<a data-elementor-open-lightbox=\"yes\" data-elementor-lightbox-slideshow=\"fefe58c\" data-elementor-lightbox-title=\"PEI 2025 Instituto Alem\u00e1n de Puerto Montt_0000_DSC_7541\" data-e-action-hash=\"#elementor-action%3Aaction%3Dlightbox%26settings%3DeyJpZCI6NDYzMzAsInVybCI6Imh0dHBzOlwvXC9pYWxlbWFuLmNsXC93cC1jb250ZW50XC91cGxvYWRzXC8yMDI1XC8wNlwvUEVJLTIwMjUtSW5zdGl0dXRvLUFsZW1hbi1kZS1QdWVydG8tTW9udHRfMDAwMF9EU0NfNzU0MS0xLmpwZyIsInNsaWRlc2hvdyI6ImZlZmU1OGMifQ%3D%3D\" href='https:\/\/ialeman.cl\/wp-content\/uploads\/2025\/06\/PEI-2025-Instituto-Aleman-de-Puerto-Montt_0000_DSC_7541-1.jpg'><img fetchpriority=\"high\" decoding=\"async\" width=\"1200\" height=\"801\" src=\"https:\/\/ialeman.cl\/wp-content\/uploads\/2025\/06\/PEI-2025-Instituto-Aleman-de-Puerto-Montt_0000_DSC_7541-1.jpg\" class=\"attachment-full size-full\" alt=\"\" srcset=\"https:\/\/ialeman.cl\/wp-content\/uploads\/2025\/06\/PEI-2025-Instituto-Aleman-de-Puerto-Montt_0000_DSC_7541-1.jpg 1200w, https:\/\/ialeman.cl\/wp-content\/uploads\/2025\/06\/PEI-2025-Instituto-Aleman-de-Puerto-Montt_0000_DSC_7541-1-300x200.jpg 300w, https:\/\/ialeman.cl\/wp-content\/uploads\/2025\/06\/PEI-2025-Instituto-Aleman-de-Puerto-Montt_0000_DSC_7541-1-1024x684.jpg 1024w, https:\/\/ialeman.cl\/wp-content\/uploads\/2025\/06\/PEI-2025-Instituto-Aleman-de-Puerto-Montt_0000_DSC_7541-1-768x513.jpg 768w\" sizes=\"(max-width: 1200px) 100vw, 1200px\" \/><\/a>\n\t\t\t<\/div><\/figure><figure class='gallery-item'>\n\t\t\t<div class='gallery-icon landscape'>\n\t\t\t\t<a data-elementor-open-lightbox=\"yes\" data-elementor-lightbox-slideshow=\"fefe58c\" data-elementor-lightbox-title=\"PEI 2025 Instituto Alem\u00e1n de Puerto Montt_0002_DSC_5502\" data-e-action-hash=\"#elementor-action%3Aaction%3Dlightbox%26settings%3DeyJpZCI6NDYzMzIsInVybCI6Imh0dHBzOlwvXC9pYWxlbWFuLmNsXC93cC1jb250ZW50XC91cGxvYWRzXC8yMDI1XC8wNlwvUEVJLTIwMjUtSW5zdGl0dXRvLUFsZW1hbi1kZS1QdWVydG8tTW9udHRfMDAwMl9EU0NfNTUwMi0xLmpwZyIsInNsaWRlc2hvdyI6ImZlZmU1OGMifQ%3D%3D\" href='https:\/\/ialeman.cl\/wp-content\/uploads\/2025\/06\/PEI-2025-Instituto-Aleman-de-Puerto-Montt_0002_DSC_5502-1.jpg'><img decoding=\"async\" width=\"1200\" height=\"801\" src=\"https:\/\/ialeman.cl\/wp-content\/uploads\/2025\/06\/PEI-2025-Instituto-Aleman-de-Puerto-Montt_0002_DSC_5502-1.jpg\" class=\"attachment-full size-full\" alt=\"\" srcset=\"https:\/\/ialeman.cl\/wp-content\/uploads\/2025\/06\/PEI-2025-Instituto-Aleman-de-Puerto-Montt_0002_DSC_5502-1.jpg 1200w, https:\/\/ialeman.cl\/wp-content\/uploads\/2025\/06\/PEI-2025-Instituto-Aleman-de-Puerto-Montt_0002_DSC_5502-1-300x200.jpg 300w, https:\/\/ialeman.cl\/wp-content\/uploads\/2025\/06\/PEI-2025-Instituto-Aleman-de-Puerto-Montt_0002_DSC_5502-1-1024x684.jpg 1024w, https:\/\/ialeman.cl\/wp-content\/uploads\/2025\/06\/PEI-2025-Instituto-Aleman-de-Puerto-Montt_0002_DSC_5502-1-768x513.jpg 768w\" sizes=\"(max-width: 1200px) 100vw, 1200px\" \/><\/a>\n\t\t\t<\/div><\/figure><figure class='gallery-item'>\n\t\t\t<div class='gallery-icon landscape'>\n\t\t\t\t<a data-elementor-open-lightbox=\"yes\" data-elementor-lightbox-slideshow=\"fefe58c\" data-elementor-lightbox-title=\"PEI 2025 Instituto Alem\u00e1n de Puerto Montt_0022_DSC_7478\" data-e-action-hash=\"#elementor-action%3Aaction%3Dlightbox%26settings%3DeyJpZCI6NDYzNTIsInVybCI6Imh0dHBzOlwvXC9pYWxlbWFuLmNsXC93cC1jb250ZW50XC91cGxvYWRzXC8yMDI1XC8wNlwvUEVJLTIwMjUtSW5zdGl0dXRvLUFsZW1hbi1kZS1QdWVydG8tTW9udHRfMDAyMl9EU0NfNzQ3OC0xLmpwZyIsInNsaWRlc2hvdyI6ImZlZmU1OGMifQ%3D%3D\" href='https:\/\/ialeman.cl\/wp-content\/uploads\/2025\/06\/PEI-2025-Instituto-Aleman-de-Puerto-Montt_0022_DSC_7478-1.jpg'><img decoding=\"async\" width=\"1200\" height=\"801\" src=\"https:\/\/ialeman.cl\/wp-content\/uploads\/2025\/06\/PEI-2025-Instituto-Aleman-de-Puerto-Montt_0022_DSC_7478-1.jpg\" class=\"attachment-full size-full\" alt=\"\" srcset=\"https:\/\/ialeman.cl\/wp-content\/uploads\/2025\/06\/PEI-2025-Instituto-Aleman-de-Puerto-Montt_0022_DSC_7478-1.jpg 1200w, https:\/\/ialeman.cl\/wp-content\/uploads\/2025\/06\/PEI-2025-Instituto-Aleman-de-Puerto-Montt_0022_DSC_7478-1-300x200.jpg 300w, https:\/\/ialeman.cl\/wp-content\/uploads\/2025\/06\/PEI-2025-Instituto-Aleman-de-Puerto-Montt_0022_DSC_7478-1-1024x684.jpg 1024w, https:\/\/ialeman.cl\/wp-content\/uploads\/2025\/06\/PEI-2025-Instituto-Aleman-de-Puerto-Montt_0022_DSC_7478-1-768x513.jpg 768w\" sizes=\"(max-width: 1200px) 100vw, 1200px\" \/><\/a>\n\t\t\t<\/div><\/figure><figure class='gallery-item'>\n\t\t\t<div class='gallery-icon landscape'>\n\t\t\t\t<a data-elementor-open-lightbox=\"yes\" data-elementor-lightbox-slideshow=\"fefe58c\" data-elementor-lightbox-title=\"PEI 2025 Instituto Alem\u00e1n de Puerto Montt_0003_DSC_7482\" data-e-action-hash=\"#elementor-action%3Aaction%3Dlightbox%26settings%3DeyJpZCI6NDYzMzMsInVybCI6Imh0dHBzOlwvXC9pYWxlbWFuLmNsXC93cC1jb250ZW50XC91cGxvYWRzXC8yMDI1XC8wNlwvUEVJLTIwMjUtSW5zdGl0dXRvLUFsZW1hbi1kZS1QdWVydG8tTW9udHRfMDAwM19EU0NfNzQ4Mi0xLmpwZyIsInNsaWRlc2hvdyI6ImZlZmU1OGMifQ%3D%3D\" href='https:\/\/ialeman.cl\/wp-content\/uploads\/2025\/06\/PEI-2025-Instituto-Aleman-de-Puerto-Montt_0003_DSC_7482-1.jpg'><img loading=\"lazy\" decoding=\"async\" width=\"1200\" height=\"801\" src=\"https:\/\/ialeman.cl\/wp-content\/uploads\/2025\/06\/PEI-2025-Instituto-Aleman-de-Puerto-Montt_0003_DSC_7482-1.jpg\" class=\"attachment-full size-full\" alt=\"\" srcset=\"https:\/\/ialeman.cl\/wp-content\/uploads\/2025\/06\/PEI-2025-Instituto-Aleman-de-Puerto-Montt_0003_DSC_7482-1.jpg 1200w, https:\/\/ialeman.cl\/wp-content\/uploads\/2025\/06\/PEI-2025-Instituto-Aleman-de-Puerto-Montt_0003_DSC_7482-1-300x200.jpg 300w, https:\/\/ialeman.cl\/wp-content\/uploads\/2025\/06\/PEI-2025-Instituto-Aleman-de-Puerto-Montt_0003_DSC_7482-1-1024x684.jpg 1024w, https:\/\/ialeman.cl\/wp-content\/uploads\/2025\/06\/PEI-2025-Instituto-Aleman-de-Puerto-Montt_0003_DSC_7482-1-768x513.jpg 768w\" sizes=\"(max-width: 1200px) 100vw, 1200px\" \/><\/a>\n\t\t\t<\/div><\/figure><figure class='gallery-item'>\n\t\t\t<div class='gallery-icon landscape'>\n\t\t\t\t<a data-elementor-open-lightbox=\"yes\" data-elementor-lightbox-slideshow=\"fefe58c\" data-elementor-lightbox-title=\"PEI 2025 Instituto Alem\u00e1n de Puerto Montt_0001_DSC_7561\" data-e-action-hash=\"#elementor-action%3Aaction%3Dlightbox%26settings%3DeyJpZCI6NDYzMzEsInVybCI6Imh0dHBzOlwvXC9pYWxlbWFuLmNsXC93cC1jb250ZW50XC91cGxvYWRzXC8yMDI1XC8wNlwvUEVJLTIwMjUtSW5zdGl0dXRvLUFsZW1hbi1kZS1QdWVydG8tTW9udHRfMDAwMV9EU0NfNzU2MS0xLmpwZyIsInNsaWRlc2hvdyI6ImZlZmU1OGMifQ%3D%3D\" href='https:\/\/ialeman.cl\/wp-content\/uploads\/2025\/06\/PEI-2025-Instituto-Aleman-de-Puerto-Montt_0001_DSC_7561-1.jpg'><img loading=\"lazy\" decoding=\"async\" width=\"1200\" height=\"801\" src=\"https:\/\/ialeman.cl\/wp-content\/uploads\/2025\/06\/PEI-2025-Instituto-Aleman-de-Puerto-Montt_0001_DSC_7561-1.jpg\" class=\"attachment-full size-full\" alt=\"\" srcset=\"https:\/\/ialeman.cl\/wp-content\/uploads\/2025\/06\/PEI-2025-Instituto-Aleman-de-Puerto-Montt_0001_DSC_7561-1.jpg 1200w, https:\/\/ialeman.cl\/wp-content\/uploads\/2025\/06\/PEI-2025-Instituto-Aleman-de-Puerto-Montt_0001_DSC_7561-1-300x200.jpg 300w, https:\/\/ialeman.cl\/wp-content\/uploads\/2025\/06\/PEI-2025-Instituto-Aleman-de-Puerto-Montt_0001_DSC_7561-1-1024x684.jpg 1024w, https:\/\/ialeman.cl\/wp-content\/uploads\/2025\/06\/PEI-2025-Instituto-Aleman-de-Puerto-Montt_0001_DSC_7561-1-768x513.jpg 768w\" sizes=\"(max-width: 1200px) 100vw, 1200px\" \/><\/a>\n\t\t\t<\/div><\/figure><figure class='gallery-item'>\n\t\t\t<div class='gallery-icon landscape'>\n\t\t\t\t<a data-elementor-open-lightbox=\"yes\" data-elementor-lightbox-slideshow=\"fefe58c\" data-elementor-lightbox-title=\"PEI 2025 Instituto Alem\u00e1n de Puerto Montt_0004_DSC_6228\" data-e-action-hash=\"#elementor-action%3Aaction%3Dlightbox%26settings%3DeyJpZCI6NDYzMzQsInVybCI6Imh0dHBzOlwvXC9pYWxlbWFuLmNsXC93cC1jb250ZW50XC91cGxvYWRzXC8yMDI1XC8wNlwvUEVJLTIwMjUtSW5zdGl0dXRvLUFsZW1hbi1kZS1QdWVydG8tTW9udHRfMDAwNF9EU0NfNjIyOC0xLmpwZyIsInNsaWRlc2hvdyI6ImZlZmU1OGMifQ%3D%3D\" href='https:\/\/ialeman.cl\/wp-content\/uploads\/2025\/06\/PEI-2025-Instituto-Aleman-de-Puerto-Montt_0004_DSC_6228-1.jpg'><img loading=\"lazy\" decoding=\"async\" width=\"1200\" height=\"801\" src=\"https:\/\/ialeman.cl\/wp-content\/uploads\/2025\/06\/PEI-2025-Instituto-Aleman-de-Puerto-Montt_0004_DSC_6228-1.jpg\" class=\"attachment-full size-full\" alt=\"\" srcset=\"https:\/\/ialeman.cl\/wp-content\/uploads\/2025\/06\/PEI-2025-Instituto-Aleman-de-Puerto-Montt_0004_DSC_6228-1.jpg 1200w, https:\/\/ialeman.cl\/wp-content\/uploads\/2025\/06\/PEI-2025-Instituto-Aleman-de-Puerto-Montt_0004_DSC_6228-1-300x200.jpg 300w, https:\/\/ialeman.cl\/wp-content\/uploads\/2025\/06\/PEI-2025-Instituto-Aleman-de-Puerto-Montt_0004_DSC_6228-1-1024x684.jpg 1024w, https:\/\/ialeman.cl\/wp-content\/uploads\/2025\/06\/PEI-2025-Instituto-Aleman-de-Puerto-Montt_0004_DSC_6228-1-768x513.jpg 768w\" sizes=\"(max-width: 1200px) 100vw, 1200px\" \/><\/a>\n\t\t\t<\/div><\/figure><figure class='gallery-item'>\n\t\t\t<div class='gallery-icon landscape'>\n\t\t\t\t<a data-elementor-open-lightbox=\"yes\" data-elementor-lightbox-slideshow=\"fefe58c\" data-elementor-lightbox-title=\"PEI 2025 Instituto Alem\u00e1n de Puerto Montt_0005_DSC_6584\" data-e-action-hash=\"#elementor-action%3Aaction%3Dlightbox%26settings%3DeyJpZCI6NDYzMzUsInVybCI6Imh0dHBzOlwvXC9pYWxlbWFuLmNsXC93cC1jb250ZW50XC91cGxvYWRzXC8yMDI1XC8wNlwvUEVJLTIwMjUtSW5zdGl0dXRvLUFsZW1hbi1kZS1QdWVydG8tTW9udHRfMDAwNV9EU0NfNjU4NC0xLmpwZyIsInNsaWRlc2hvdyI6ImZlZmU1OGMifQ%3D%3D\" href='https:\/\/ialeman.cl\/wp-content\/uploads\/2025\/06\/PEI-2025-Instituto-Aleman-de-Puerto-Montt_0005_DSC_6584-1.jpg'><img loading=\"lazy\" decoding=\"async\" width=\"1200\" height=\"801\" src=\"https:\/\/ialeman.cl\/wp-content\/uploads\/2025\/06\/PEI-2025-Instituto-Aleman-de-Puerto-Montt_0005_DSC_6584-1.jpg\" class=\"attachment-full size-full\" alt=\"\" srcset=\"https:\/\/ialeman.cl\/wp-content\/uploads\/2025\/06\/PEI-2025-Instituto-Aleman-de-Puerto-Montt_0005_DSC_6584-1.jpg 1200w, https:\/\/ialeman.cl\/wp-content\/uploads\/2025\/06\/PEI-2025-Instituto-Aleman-de-Puerto-Montt_0005_DSC_6584-1-300x200.jpg 300w, https:\/\/ialeman.cl\/wp-content\/uploads\/2025\/06\/PEI-2025-Instituto-Aleman-de-Puerto-Montt_0005_DSC_6584-1-1024x684.jpg 1024w, https:\/\/ialeman.cl\/wp-content\/uploads\/2025\/06\/PEI-2025-Instituto-Aleman-de-Puerto-Montt_0005_DSC_6584-1-768x513.jpg 768w\" sizes=\"(max-width: 1200px) 100vw, 1200px\" \/><\/a>\n\t\t\t<\/div><\/figure><figure class='gallery-item'>\n\t\t\t<div class='gallery-icon landscape'>\n\t\t\t\t<a data-elementor-open-lightbox=\"yes\" data-elementor-lightbox-slideshow=\"fefe58c\" data-elementor-lightbox-title=\"PEI 2025 Instituto Alem\u00e1n de Puerto Montt_0006_DSC_7844\" data-e-action-hash=\"#elementor-action%3Aaction%3Dlightbox%26settings%3DeyJpZCI6NDYzMzYsInVybCI6Imh0dHBzOlwvXC9pYWxlbWFuLmNsXC93cC1jb250ZW50XC91cGxvYWRzXC8yMDI1XC8wNlwvUEVJLTIwMjUtSW5zdGl0dXRvLUFsZW1hbi1kZS1QdWVydG8tTW9udHRfMDAwNl9EU0NfNzg0NC0xLmpwZyIsInNsaWRlc2hvdyI6ImZlZmU1OGMifQ%3D%3D\" href='https:\/\/ialeman.cl\/wp-content\/uploads\/2025\/06\/PEI-2025-Instituto-Aleman-de-Puerto-Montt_0006_DSC_7844-1.jpg'><img loading=\"lazy\" decoding=\"async\" width=\"1200\" height=\"801\" src=\"https:\/\/ialeman.cl\/wp-content\/uploads\/2025\/06\/PEI-2025-Instituto-Aleman-de-Puerto-Montt_0006_DSC_7844-1.jpg\" class=\"attachment-full size-full\" alt=\"\" srcset=\"https:\/\/ialeman.cl\/wp-content\/uploads\/2025\/06\/PEI-2025-Instituto-Aleman-de-Puerto-Montt_0006_DSC_7844-1.jpg 1200w, https:\/\/ialeman.cl\/wp-content\/uploads\/2025\/06\/PEI-2025-Instituto-Aleman-de-Puerto-Montt_0006_DSC_7844-1-300x200.jpg 300w, https:\/\/ialeman.cl\/wp-content\/uploads\/2025\/06\/PEI-2025-Instituto-Aleman-de-Puerto-Montt_0006_DSC_7844-1-1024x684.jpg 1024w, https:\/\/ialeman.cl\/wp-content\/uploads\/2025\/06\/PEI-2025-Instituto-Aleman-de-Puerto-Montt_0006_DSC_7844-1-768x513.jpg 768w\" sizes=\"(max-width: 1200px) 100vw, 1200px\" \/><\/a>\n\t\t\t<\/div><\/figure><figure class='gallery-item'>\n\t\t\t<div class='gallery-icon landscape'>\n\t\t\t\t<a data-elementor-open-lightbox=\"yes\" data-elementor-lightbox-slideshow=\"fefe58c\" data-elementor-lightbox-title=\"PEI 2025 Instituto Alem\u00e1n de Puerto Montt_0007_DSC_7846\" data-e-action-hash=\"#elementor-action%3Aaction%3Dlightbox%26settings%3DeyJpZCI6NDYzMzcsInVybCI6Imh0dHBzOlwvXC9pYWxlbWFuLmNsXC93cC1jb250ZW50XC91cGxvYWRzXC8yMDI1XC8wNlwvUEVJLTIwMjUtSW5zdGl0dXRvLUFsZW1hbi1kZS1QdWVydG8tTW9udHRfMDAwN19EU0NfNzg0Ni0xLmpwZyIsInNsaWRlc2hvdyI6ImZlZmU1OGMifQ%3D%3D\" href='https:\/\/ialeman.cl\/wp-content\/uploads\/2025\/06\/PEI-2025-Instituto-Aleman-de-Puerto-Montt_0007_DSC_7846-1.jpg'><img loading=\"lazy\" decoding=\"async\" width=\"1200\" height=\"801\" src=\"https:\/\/ialeman.cl\/wp-content\/uploads\/2025\/06\/PEI-2025-Instituto-Aleman-de-Puerto-Montt_0007_DSC_7846-1.jpg\" class=\"attachment-full size-full\" alt=\"\" srcset=\"https:\/\/ialeman.cl\/wp-content\/uploads\/2025\/06\/PEI-2025-Instituto-Aleman-de-Puerto-Montt_0007_DSC_7846-1.jpg 1200w, https:\/\/ialeman.cl\/wp-content\/uploads\/2025\/06\/PEI-2025-Instituto-Aleman-de-Puerto-Montt_0007_DSC_7846-1-300x200.jpg 300w, https:\/\/ialeman.cl\/wp-content\/uploads\/2025\/06\/PEI-2025-Instituto-Aleman-de-Puerto-Montt_0007_DSC_7846-1-1024x684.jpg 1024w, https:\/\/ialeman.cl\/wp-content\/uploads\/2025\/06\/PEI-2025-Instituto-Aleman-de-Puerto-Montt_0007_DSC_7846-1-768x513.jpg 768w\" sizes=\"(max-width: 1200px) 100vw, 1200px\" \/><\/a>\n\t\t\t<\/div><\/figure><figure class='gallery-item'>\n\t\t\t<div class='gallery-icon landscape'>\n\t\t\t\t<a data-elementor-open-lightbox=\"yes\" data-elementor-lightbox-slideshow=\"fefe58c\" data-elementor-lightbox-title=\"PEI 2025 Instituto Alem\u00e1n de Puerto Montt_0008_DSC_7809\" data-e-action-hash=\"#elementor-action%3Aaction%3Dlightbox%26settings%3DeyJpZCI6NDYzMzgsInVybCI6Imh0dHBzOlwvXC9pYWxlbWFuLmNsXC93cC1jb250ZW50XC91cGxvYWRzXC8yMDI1XC8wNlwvUEVJLTIwMjUtSW5zdGl0dXRvLUFsZW1hbi1kZS1QdWVydG8tTW9udHRfMDAwOF9EU0NfNzgwOS0xLmpwZyIsInNsaWRlc2hvdyI6ImZlZmU1OGMifQ%3D%3D\" href='https:\/\/ialeman.cl\/wp-content\/uploads\/2025\/06\/PEI-2025-Instituto-Aleman-de-Puerto-Montt_0008_DSC_7809-1.jpg'><img loading=\"lazy\" decoding=\"async\" width=\"1200\" height=\"801\" src=\"https:\/\/ialeman.cl\/wp-content\/uploads\/2025\/06\/PEI-2025-Instituto-Aleman-de-Puerto-Montt_0008_DSC_7809-1.jpg\" class=\"attachment-full size-full\" alt=\"\" srcset=\"https:\/\/ialeman.cl\/wp-content\/uploads\/2025\/06\/PEI-2025-Instituto-Aleman-de-Puerto-Montt_0008_DSC_7809-1.jpg 1200w, https:\/\/ialeman.cl\/wp-content\/uploads\/2025\/06\/PEI-2025-Instituto-Aleman-de-Puerto-Montt_0008_DSC_7809-1-300x200.jpg 300w, https:\/\/ialeman.cl\/wp-content\/uploads\/2025\/06\/PEI-2025-Instituto-Aleman-de-Puerto-Montt_0008_DSC_7809-1-1024x684.jpg 1024w, https:\/\/ialeman.cl\/wp-content\/uploads\/2025\/06\/PEI-2025-Instituto-Aleman-de-Puerto-Montt_0008_DSC_7809-1-768x513.jpg 768w\" sizes=\"(max-width: 1200px) 100vw, 1200px\" \/><\/a>\n\t\t\t<\/div><\/figure><figure class='gallery-item'>\n\t\t\t<div class='gallery-icon landscape'>\n\t\t\t\t<a data-elementor-open-lightbox=\"yes\" data-elementor-lightbox-slideshow=\"fefe58c\" data-elementor-lightbox-title=\"PEI 2025 Instituto Alem\u00e1n de Puerto Montt_0009_DSC_7499\" data-e-action-hash=\"#elementor-action%3Aaction%3Dlightbox%26settings%3DeyJpZCI6NDYzMzksInVybCI6Imh0dHBzOlwvXC9pYWxlbWFuLmNsXC93cC1jb250ZW50XC91cGxvYWRzXC8yMDI1XC8wNlwvUEVJLTIwMjUtSW5zdGl0dXRvLUFsZW1hbi1kZS1QdWVydG8tTW9udHRfMDAwOV9EU0NfNzQ5OS0xLmpwZyIsInNsaWRlc2hvdyI6ImZlZmU1OGMifQ%3D%3D\" href='https:\/\/ialeman.cl\/wp-content\/uploads\/2025\/06\/PEI-2025-Instituto-Aleman-de-Puerto-Montt_0009_DSC_7499-1.jpg'><img loading=\"lazy\" decoding=\"async\" width=\"1200\" height=\"801\" src=\"https:\/\/ialeman.cl\/wp-content\/uploads\/2025\/06\/PEI-2025-Instituto-Aleman-de-Puerto-Montt_0009_DSC_7499-1.jpg\" class=\"attachment-full size-full\" alt=\"\" srcset=\"https:\/\/ialeman.cl\/wp-content\/uploads\/2025\/06\/PEI-2025-Instituto-Aleman-de-Puerto-Montt_0009_DSC_7499-1.jpg 1200w, https:\/\/ialeman.cl\/wp-content\/uploads\/2025\/06\/PEI-2025-Instituto-Aleman-de-Puerto-Montt_0009_DSC_7499-1-300x200.jpg 300w, https:\/\/ialeman.cl\/wp-content\/uploads\/2025\/06\/PEI-2025-Instituto-Aleman-de-Puerto-Montt_0009_DSC_7499-1-1024x684.jpg 1024w, https:\/\/ialeman.cl\/wp-content\/uploads\/2025\/06\/PEI-2025-Instituto-Aleman-de-Puerto-Montt_0009_DSC_7499-1-768x513.jpg 768w\" sizes=\"(max-width: 1200px) 100vw, 1200px\" \/><\/a>\n\t\t\t<\/div><\/figure><figure class='gallery-item'>\n\t\t\t<div class='gallery-icon landscape'>\n\t\t\t\t<a data-elementor-open-lightbox=\"yes\" data-elementor-lightbox-slideshow=\"fefe58c\" data-elementor-lightbox-title=\"PEI 2025 Instituto Alem\u00e1n de Puerto Montt_0012_DSC_6235\" data-e-action-hash=\"#elementor-action%3Aaction%3Dlightbox%26settings%3DeyJpZCI6NDYzNDIsInVybCI6Imh0dHBzOlwvXC9pYWxlbWFuLmNsXC93cC1jb250ZW50XC91cGxvYWRzXC8yMDI1XC8wNlwvUEVJLTIwMjUtSW5zdGl0dXRvLUFsZW1hbi1kZS1QdWVydG8tTW9udHRfMDAxMl9EU0NfNjIzNS0xLmpwZyIsInNsaWRlc2hvdyI6ImZlZmU1OGMifQ%3D%3D\" href='https:\/\/ialeman.cl\/wp-content\/uploads\/2025\/06\/PEI-2025-Instituto-Aleman-de-Puerto-Montt_0012_DSC_6235-1.jpg'><img loading=\"lazy\" decoding=\"async\" width=\"1200\" height=\"801\" src=\"https:\/\/ialeman.cl\/wp-content\/uploads\/2025\/06\/PEI-2025-Instituto-Aleman-de-Puerto-Montt_0012_DSC_6235-1.jpg\" class=\"attachment-full size-full\" alt=\"\" srcset=\"https:\/\/ialeman.cl\/wp-content\/uploads\/2025\/06\/PEI-2025-Instituto-Aleman-de-Puerto-Montt_0012_DSC_6235-1.jpg 1200w, https:\/\/ialeman.cl\/wp-content\/uploads\/2025\/06\/PEI-2025-Instituto-Aleman-de-Puerto-Montt_0012_DSC_6235-1-300x200.jpg 300w, https:\/\/ialeman.cl\/wp-content\/uploads\/2025\/06\/PEI-2025-Instituto-Aleman-de-Puerto-Montt_0012_DSC_6235-1-1024x684.jpg 1024w, https:\/\/ialeman.cl\/wp-content\/uploads\/2025\/06\/PEI-2025-Instituto-Aleman-de-Puerto-Montt_0012_DSC_6235-1-768x513.jpg 768w\" sizes=\"(max-width: 1200px) 100vw, 1200px\" \/><\/a>\n\t\t\t<\/div><\/figure><figure class='gallery-item'>\n\t\t\t<div class='gallery-icon landscape'>\n\t\t\t\t<a data-elementor-open-lightbox=\"yes\" data-elementor-lightbox-slideshow=\"fefe58c\" data-elementor-lightbox-title=\"PEI 2025 Instituto Alem\u00e1n de Puerto Montt_0011_DSC_6255\" data-e-action-hash=\"#elementor-action%3Aaction%3Dlightbox%26settings%3DeyJpZCI6NDYzNDEsInVybCI6Imh0dHBzOlwvXC9pYWxlbWFuLmNsXC93cC1jb250ZW50XC91cGxvYWRzXC8yMDI1XC8wNlwvUEVJLTIwMjUtSW5zdGl0dXRvLUFsZW1hbi1kZS1QdWVydG8tTW9udHRfMDAxMV9EU0NfNjI1NS0xLmpwZyIsInNsaWRlc2hvdyI6ImZlZmU1OGMifQ%3D%3D\" href='https:\/\/ialeman.cl\/wp-content\/uploads\/2025\/06\/PEI-2025-Instituto-Aleman-de-Puerto-Montt_0011_DSC_6255-1.jpg'><img loading=\"lazy\" decoding=\"async\" width=\"1200\" height=\"801\" src=\"https:\/\/ialeman.cl\/wp-content\/uploads\/2025\/06\/PEI-2025-Instituto-Aleman-de-Puerto-Montt_0011_DSC_6255-1.jpg\" class=\"attachment-full size-full\" alt=\"\" srcset=\"https:\/\/ialeman.cl\/wp-content\/uploads\/2025\/06\/PEI-2025-Instituto-Aleman-de-Puerto-Montt_0011_DSC_6255-1.jpg 1200w, https:\/\/ialeman.cl\/wp-content\/uploads\/2025\/06\/PEI-2025-Instituto-Aleman-de-Puerto-Montt_0011_DSC_6255-1-300x200.jpg 300w, https:\/\/ialeman.cl\/wp-content\/uploads\/2025\/06\/PEI-2025-Instituto-Aleman-de-Puerto-Montt_0011_DSC_6255-1-1024x684.jpg 1024w, https:\/\/ialeman.cl\/wp-content\/uploads\/2025\/06\/PEI-2025-Instituto-Aleman-de-Puerto-Montt_0011_DSC_6255-1-768x513.jpg 768w\" sizes=\"(max-width: 1200px) 100vw, 1200px\" \/><\/a>\n\t\t\t<\/div><\/figure><figure class='gallery-item'>\n\t\t\t<div class='gallery-icon landscape'>\n\t\t\t\t<a data-elementor-open-lightbox=\"yes\" data-elementor-lightbox-slideshow=\"fefe58c\" data-elementor-lightbox-title=\"PEI 2025 Instituto Alem\u00e1n de Puerto Montt_0010_DSC_6227\" data-e-action-hash=\"#elementor-action%3Aaction%3Dlightbox%26settings%3DeyJpZCI6NDYzNDAsInVybCI6Imh0dHBzOlwvXC9pYWxlbWFuLmNsXC93cC1jb250ZW50XC91cGxvYWRzXC8yMDI1XC8wNlwvUEVJLTIwMjUtSW5zdGl0dXRvLUFsZW1hbi1kZS1QdWVydG8tTW9udHRfMDAxMF9EU0NfNjIyNy0xLmpwZyIsInNsaWRlc2hvdyI6ImZlZmU1OGMifQ%3D%3D\" href='https:\/\/ialeman.cl\/wp-content\/uploads\/2025\/06\/PEI-2025-Instituto-Aleman-de-Puerto-Montt_0010_DSC_6227-1.jpg'><img loading=\"lazy\" decoding=\"async\" width=\"1200\" height=\"801\" src=\"https:\/\/ialeman.cl\/wp-content\/uploads\/2025\/06\/PEI-2025-Instituto-Aleman-de-Puerto-Montt_0010_DSC_6227-1.jpg\" class=\"attachment-full size-full\" alt=\"\" srcset=\"https:\/\/ialeman.cl\/wp-content\/uploads\/2025\/06\/PEI-2025-Instituto-Aleman-de-Puerto-Montt_0010_DSC_6227-1.jpg 1200w, https:\/\/ialeman.cl\/wp-content\/uploads\/2025\/06\/PEI-2025-Instituto-Aleman-de-Puerto-Montt_0010_DSC_6227-1-300x200.jpg 300w, https:\/\/ialeman.cl\/wp-content\/uploads\/2025\/06\/PEI-2025-Instituto-Aleman-de-Puerto-Montt_0010_DSC_6227-1-1024x684.jpg 1024w, https:\/\/ialeman.cl\/wp-content\/uploads\/2025\/06\/PEI-2025-Instituto-Aleman-de-Puerto-Montt_0010_DSC_6227-1-768x513.jpg 768w\" sizes=\"(max-width: 1200px) 100vw, 1200px\" \/><\/a>\n\t\t\t<\/div><\/figure><figure class='gallery-item'>\n\t\t\t<div class='gallery-icon landscape'>\n\t\t\t\t<a data-elementor-open-lightbox=\"yes\" data-elementor-lightbox-slideshow=\"fefe58c\" data-elementor-lightbox-title=\"PEI 2025 Instituto Alem\u00e1n de Puerto Montt_0013_DSC_6220\" data-e-action-hash=\"#elementor-action%3Aaction%3Dlightbox%26settings%3DeyJpZCI6NDYzNDMsInVybCI6Imh0dHBzOlwvXC9pYWxlbWFuLmNsXC93cC1jb250ZW50XC91cGxvYWRzXC8yMDI1XC8wNlwvUEVJLTIwMjUtSW5zdGl0dXRvLUFsZW1hbi1kZS1QdWVydG8tTW9udHRfMDAxM19EU0NfNjIyMC0xLmpwZyIsInNsaWRlc2hvdyI6ImZlZmU1OGMifQ%3D%3D\" href='https:\/\/ialeman.cl\/wp-content\/uploads\/2025\/06\/PEI-2025-Instituto-Aleman-de-Puerto-Montt_0013_DSC_6220-1.jpg'><img loading=\"lazy\" decoding=\"async\" width=\"1200\" height=\"801\" src=\"https:\/\/ialeman.cl\/wp-content\/uploads\/2025\/06\/PEI-2025-Instituto-Aleman-de-Puerto-Montt_0013_DSC_6220-1.jpg\" class=\"attachment-full size-full\" alt=\"\" srcset=\"https:\/\/ialeman.cl\/wp-content\/uploads\/2025\/06\/PEI-2025-Instituto-Aleman-de-Puerto-Montt_0013_DSC_6220-1.jpg 1200w, https:\/\/ialeman.cl\/wp-content\/uploads\/2025\/06\/PEI-2025-Instituto-Aleman-de-Puerto-Montt_0013_DSC_6220-1-300x200.jpg 300w, https:\/\/ialeman.cl\/wp-content\/uploads\/2025\/06\/PEI-2025-Instituto-Aleman-de-Puerto-Montt_0013_DSC_6220-1-1024x684.jpg 1024w, https:\/\/ialeman.cl\/wp-content\/uploads\/2025\/06\/PEI-2025-Instituto-Aleman-de-Puerto-Montt_0013_DSC_6220-1-768x513.jpg 768w\" sizes=\"(max-width: 1200px) 100vw, 1200px\" \/><\/a>\n\t\t\t<\/div><\/figure><figure class='gallery-item'>\n\t\t\t<div class='gallery-icon landscape'>\n\t\t\t\t<a data-elementor-open-lightbox=\"yes\" data-elementor-lightbox-slideshow=\"fefe58c\" data-elementor-lightbox-title=\"PEI 2025 Instituto Alem\u00e1n de Puerto Montt_0014_DSC_6602\" data-e-action-hash=\"#elementor-action%3Aaction%3Dlightbox%26settings%3DeyJpZCI6NDYzNDQsInVybCI6Imh0dHBzOlwvXC9pYWxlbWFuLmNsXC93cC1jb250ZW50XC91cGxvYWRzXC8yMDI1XC8wNlwvUEVJLTIwMjUtSW5zdGl0dXRvLUFsZW1hbi1kZS1QdWVydG8tTW9udHRfMDAxNF9EU0NfNjYwMi0xLmpwZyIsInNsaWRlc2hvdyI6ImZlZmU1OGMifQ%3D%3D\" href='https:\/\/ialeman.cl\/wp-content\/uploads\/2025\/06\/PEI-2025-Instituto-Aleman-de-Puerto-Montt_0014_DSC_6602-1.jpg'><img loading=\"lazy\" decoding=\"async\" width=\"1200\" height=\"801\" src=\"https:\/\/ialeman.cl\/wp-content\/uploads\/2025\/06\/PEI-2025-Instituto-Aleman-de-Puerto-Montt_0014_DSC_6602-1.jpg\" class=\"attachment-full size-full\" alt=\"\" srcset=\"https:\/\/ialeman.cl\/wp-content\/uploads\/2025\/06\/PEI-2025-Instituto-Aleman-de-Puerto-Montt_0014_DSC_6602-1.jpg 1200w, https:\/\/ialeman.cl\/wp-content\/uploads\/2025\/06\/PEI-2025-Instituto-Aleman-de-Puerto-Montt_0014_DSC_6602-1-300x200.jpg 300w, https:\/\/ialeman.cl\/wp-content\/uploads\/2025\/06\/PEI-2025-Instituto-Aleman-de-Puerto-Montt_0014_DSC_6602-1-1024x684.jpg 1024w, https:\/\/ialeman.cl\/wp-content\/uploads\/2025\/06\/PEI-2025-Instituto-Aleman-de-Puerto-Montt_0014_DSC_6602-1-768x513.jpg 768w\" sizes=\"(max-width: 1200px) 100vw, 1200px\" \/><\/a>\n\t\t\t<\/div><\/figure><figure class='gallery-item'>\n\t\t\t<div class='gallery-icon landscape'>\n\t\t\t\t<a data-elementor-open-lightbox=\"yes\" data-elementor-lightbox-slideshow=\"fefe58c\" data-elementor-lightbox-title=\"PEI 2025 Instituto Alem\u00e1n de Puerto Montt_0015_DSC_6214\" data-e-action-hash=\"#elementor-action%3Aaction%3Dlightbox%26settings%3DeyJpZCI6NDYzNDUsInVybCI6Imh0dHBzOlwvXC9pYWxlbWFuLmNsXC93cC1jb250ZW50XC91cGxvYWRzXC8yMDI1XC8wNlwvUEVJLTIwMjUtSW5zdGl0dXRvLUFsZW1hbi1kZS1QdWVydG8tTW9udHRfMDAxNV9EU0NfNjIxNC0xLmpwZyIsInNsaWRlc2hvdyI6ImZlZmU1OGMifQ%3D%3D\" href='https:\/\/ialeman.cl\/wp-content\/uploads\/2025\/06\/PEI-2025-Instituto-Aleman-de-Puerto-Montt_0015_DSC_6214-1.jpg'><img loading=\"lazy\" decoding=\"async\" width=\"1200\" height=\"801\" src=\"https:\/\/ialeman.cl\/wp-content\/uploads\/2025\/06\/PEI-2025-Instituto-Aleman-de-Puerto-Montt_0015_DSC_6214-1.jpg\" class=\"attachment-full size-full\" alt=\"\" srcset=\"https:\/\/ialeman.cl\/wp-content\/uploads\/2025\/06\/PEI-2025-Instituto-Aleman-de-Puerto-Montt_0015_DSC_6214-1.jpg 1200w, https:\/\/ialeman.cl\/wp-content\/uploads\/2025\/06\/PEI-2025-Instituto-Aleman-de-Puerto-Montt_0015_DSC_6214-1-300x200.jpg 300w, https:\/\/ialeman.cl\/wp-content\/uploads\/2025\/06\/PEI-2025-Instituto-Aleman-de-Puerto-Montt_0015_DSC_6214-1-1024x684.jpg 1024w, https:\/\/ialeman.cl\/wp-content\/uploads\/2025\/06\/PEI-2025-Instituto-Aleman-de-Puerto-Montt_0015_DSC_6214-1-768x513.jpg 768w\" sizes=\"(max-width: 1200px) 100vw, 1200px\" \/><\/a>\n\t\t\t<\/div><\/figure><figure class='gallery-item'>\n\t\t\t<div class='gallery-icon landscape'>\n\t\t\t\t<a data-elementor-open-lightbox=\"yes\" data-elementor-lightbox-slideshow=\"fefe58c\" data-elementor-lightbox-title=\"PEI 2025 Instituto Alem\u00e1n de Puerto Montt_0024_DSC_6612\" data-e-action-hash=\"#elementor-action%3Aaction%3Dlightbox%26settings%3DeyJpZCI6NDYzNTQsInVybCI6Imh0dHBzOlwvXC9pYWxlbWFuLmNsXC93cC1jb250ZW50XC91cGxvYWRzXC8yMDI1XC8wNlwvUEVJLTIwMjUtSW5zdGl0dXRvLUFsZW1hbi1kZS1QdWVydG8tTW9udHRfMDAyNF9EU0NfNjYxMi0xLmpwZyIsInNsaWRlc2hvdyI6ImZlZmU1OGMifQ%3D%3D\" href='https:\/\/ialeman.cl\/wp-content\/uploads\/2025\/06\/PEI-2025-Instituto-Aleman-de-Puerto-Montt_0024_DSC_6612-1.jpg'><img loading=\"lazy\" decoding=\"async\" width=\"1200\" height=\"801\" src=\"https:\/\/ialeman.cl\/wp-content\/uploads\/2025\/06\/PEI-2025-Instituto-Aleman-de-Puerto-Montt_0024_DSC_6612-1.jpg\" class=\"attachment-full size-full\" alt=\"\" srcset=\"https:\/\/ialeman.cl\/wp-content\/uploads\/2025\/06\/PEI-2025-Instituto-Aleman-de-Puerto-Montt_0024_DSC_6612-1.jpg 1200w, https:\/\/ialeman.cl\/wp-content\/uploads\/2025\/06\/PEI-2025-Instituto-Aleman-de-Puerto-Montt_0024_DSC_6612-1-300x200.jpg 300w, https:\/\/ialeman.cl\/wp-content\/uploads\/2025\/06\/PEI-2025-Instituto-Aleman-de-Puerto-Montt_0024_DSC_6612-1-1024x684.jpg 1024w, https:\/\/ialeman.cl\/wp-content\/uploads\/2025\/06\/PEI-2025-Instituto-Aleman-de-Puerto-Montt_0024_DSC_6612-1-768x513.jpg 768w\" sizes=\"(max-width: 1200px) 100vw, 1200px\" \/><\/a>\n\t\t\t<\/div><\/figure><figure class='gallery-item'>\n\t\t\t<div class='gallery-icon landscape'>\n\t\t\t\t<a data-elementor-open-lightbox=\"yes\" data-elementor-lightbox-slideshow=\"fefe58c\" data-elementor-lightbox-title=\"PEI 2025 Instituto Alem\u00e1n de Puerto Montt_0016_DSC_6211\" data-e-action-hash=\"#elementor-action%3Aaction%3Dlightbox%26settings%3DeyJpZCI6NDYzNDYsInVybCI6Imh0dHBzOlwvXC9pYWxlbWFuLmNsXC93cC1jb250ZW50XC91cGxvYWRzXC8yMDI1XC8wNlwvUEVJLTIwMjUtSW5zdGl0dXRvLUFsZW1hbi1kZS1QdWVydG8tTW9udHRfMDAxNl9EU0NfNjIxMS0xLmpwZyIsInNsaWRlc2hvdyI6ImZlZmU1OGMifQ%3D%3D\" href='https:\/\/ialeman.cl\/wp-content\/uploads\/2025\/06\/PEI-2025-Instituto-Aleman-de-Puerto-Montt_0016_DSC_6211-1.jpg'><img loading=\"lazy\" decoding=\"async\" width=\"1200\" height=\"801\" src=\"https:\/\/ialeman.cl\/wp-content\/uploads\/2025\/06\/PEI-2025-Instituto-Aleman-de-Puerto-Montt_0016_DSC_6211-1.jpg\" class=\"attachment-full size-full\" alt=\"\" srcset=\"https:\/\/ialeman.cl\/wp-content\/uploads\/2025\/06\/PEI-2025-Instituto-Aleman-de-Puerto-Montt_0016_DSC_6211-1.jpg 1200w, https:\/\/ialeman.cl\/wp-content\/uploads\/2025\/06\/PEI-2025-Instituto-Aleman-de-Puerto-Montt_0016_DSC_6211-1-300x200.jpg 300w, https:\/\/ialeman.cl\/wp-content\/uploads\/2025\/06\/PEI-2025-Instituto-Aleman-de-Puerto-Montt_0016_DSC_6211-1-1024x684.jpg 1024w, https:\/\/ialeman.cl\/wp-content\/uploads\/2025\/06\/PEI-2025-Instituto-Aleman-de-Puerto-Montt_0016_DSC_6211-1-768x513.jpg 768w\" sizes=\"(max-width: 1200px) 100vw, 1200px\" \/><\/a>\n\t\t\t<\/div><\/figure><figure class='gallery-item'>\n\t\t\t<div class='gallery-icon landscape'>\n\t\t\t\t<a data-elementor-open-lightbox=\"yes\" data-elementor-lightbox-slideshow=\"fefe58c\" data-elementor-lightbox-title=\"PEI 2025 Instituto Alem\u00e1n de Puerto Montt_0033_DSC_7473\" data-e-action-hash=\"#elementor-action%3Aaction%3Dlightbox%26settings%3DeyJpZCI6NDYzNjMsInVybCI6Imh0dHBzOlwvXC9pYWxlbWFuLmNsXC93cC1jb250ZW50XC91cGxvYWRzXC8yMDI1XC8wNlwvUEVJLTIwMjUtSW5zdGl0dXRvLUFsZW1hbi1kZS1QdWVydG8tTW9udHRfMDAzM19EU0NfNzQ3My0xLmpwZyIsInNsaWRlc2hvdyI6ImZlZmU1OGMifQ%3D%3D\" href='https:\/\/ialeman.cl\/wp-content\/uploads\/2025\/06\/PEI-2025-Instituto-Aleman-de-Puerto-Montt_0033_DSC_7473-1.jpg'><img loading=\"lazy\" decoding=\"async\" width=\"1200\" height=\"801\" src=\"https:\/\/ialeman.cl\/wp-content\/uploads\/2025\/06\/PEI-2025-Instituto-Aleman-de-Puerto-Montt_0033_DSC_7473-1.jpg\" class=\"attachment-full size-full\" alt=\"\" srcset=\"https:\/\/ialeman.cl\/wp-content\/uploads\/2025\/06\/PEI-2025-Instituto-Aleman-de-Puerto-Montt_0033_DSC_7473-1.jpg 1200w, https:\/\/ialeman.cl\/wp-content\/uploads\/2025\/06\/PEI-2025-Instituto-Aleman-de-Puerto-Montt_0033_DSC_7473-1-300x200.jpg 300w, https:\/\/ialeman.cl\/wp-content\/uploads\/2025\/06\/PEI-2025-Instituto-Aleman-de-Puerto-Montt_0033_DSC_7473-1-1024x684.jpg 1024w, https:\/\/ialeman.cl\/wp-content\/uploads\/2025\/06\/PEI-2025-Instituto-Aleman-de-Puerto-Montt_0033_DSC_7473-1-768x513.jpg 768w\" sizes=\"(max-width: 1200px) 100vw, 1200px\" \/><\/a>\n\t\t\t<\/div><\/figure><figure class='gallery-item'>\n\t\t\t<div class='gallery-icon landscape'>\n\t\t\t\t<a data-elementor-open-lightbox=\"yes\" data-elementor-lightbox-slideshow=\"fefe58c\" data-elementor-lightbox-title=\"PEI 2025 Instituto Alem\u00e1n de Puerto Montt_0017_DSC_7807\" data-e-action-hash=\"#elementor-action%3Aaction%3Dlightbox%26settings%3DeyJpZCI6NDYzNDcsInVybCI6Imh0dHBzOlwvXC9pYWxlbWFuLmNsXC93cC1jb250ZW50XC91cGxvYWRzXC8yMDI1XC8wNlwvUEVJLTIwMjUtSW5zdGl0dXRvLUFsZW1hbi1kZS1QdWVydG8tTW9udHRfMDAxN19EU0NfNzgwNy0xLmpwZyIsInNsaWRlc2hvdyI6ImZlZmU1OGMifQ%3D%3D\" href='https:\/\/ialeman.cl\/wp-content\/uploads\/2025\/06\/PEI-2025-Instituto-Aleman-de-Puerto-Montt_0017_DSC_7807-1.jpg'><img loading=\"lazy\" decoding=\"async\" width=\"1200\" height=\"801\" src=\"https:\/\/ialeman.cl\/wp-content\/uploads\/2025\/06\/PEI-2025-Instituto-Aleman-de-Puerto-Montt_0017_DSC_7807-1.jpg\" class=\"attachment-full size-full\" alt=\"\" srcset=\"https:\/\/ialeman.cl\/wp-content\/uploads\/2025\/06\/PEI-2025-Instituto-Aleman-de-Puerto-Montt_0017_DSC_7807-1.jpg 1200w, https:\/\/ialeman.cl\/wp-content\/uploads\/2025\/06\/PEI-2025-Instituto-Aleman-de-Puerto-Montt_0017_DSC_7807-1-300x200.jpg 300w, https:\/\/ialeman.cl\/wp-content\/uploads\/2025\/06\/PEI-2025-Instituto-Aleman-de-Puerto-Montt_0017_DSC_7807-1-1024x684.jpg 1024w, https:\/\/ialeman.cl\/wp-content\/uploads\/2025\/06\/PEI-2025-Instituto-Aleman-de-Puerto-Montt_0017_DSC_7807-1-768x513.jpg 768w\" sizes=\"(max-width: 1200px) 100vw, 1200px\" \/><\/a>\n\t\t\t<\/div><\/figure><figure class='gallery-item'>\n\t\t\t<div class='gallery-icon landscape'>\n\t\t\t\t<a data-elementor-open-lightbox=\"yes\" data-elementor-lightbox-slideshow=\"fefe58c\" data-elementor-lightbox-title=\"PEI 2025 Instituto Alem\u00e1n de Puerto Montt_0018_DSC_7837\" data-e-action-hash=\"#elementor-action%3Aaction%3Dlightbox%26settings%3DeyJpZCI6NDYzNDgsInVybCI6Imh0dHBzOlwvXC9pYWxlbWFuLmNsXC93cC1jb250ZW50XC91cGxvYWRzXC8yMDI1XC8wNlwvUEVJLTIwMjUtSW5zdGl0dXRvLUFsZW1hbi1kZS1QdWVydG8tTW9udHRfMDAxOF9EU0NfNzgzNy0xLmpwZyIsInNsaWRlc2hvdyI6ImZlZmU1OGMifQ%3D%3D\" href='https:\/\/ialeman.cl\/wp-content\/uploads\/2025\/06\/PEI-2025-Instituto-Aleman-de-Puerto-Montt_0018_DSC_7837-1.jpg'><img loading=\"lazy\" decoding=\"async\" width=\"1200\" height=\"801\" src=\"https:\/\/ialeman.cl\/wp-content\/uploads\/2025\/06\/PEI-2025-Instituto-Aleman-de-Puerto-Montt_0018_DSC_7837-1.jpg\" class=\"attachment-full size-full\" alt=\"\" srcset=\"https:\/\/ialeman.cl\/wp-content\/uploads\/2025\/06\/PEI-2025-Instituto-Aleman-de-Puerto-Montt_0018_DSC_7837-1.jpg 1200w, https:\/\/ialeman.cl\/wp-content\/uploads\/2025\/06\/PEI-2025-Instituto-Aleman-de-Puerto-Montt_0018_DSC_7837-1-300x200.jpg 300w, https:\/\/ialeman.cl\/wp-content\/uploads\/2025\/06\/PEI-2025-Instituto-Aleman-de-Puerto-Montt_0018_DSC_7837-1-1024x684.jpg 1024w, https:\/\/ialeman.cl\/wp-content\/uploads\/2025\/06\/PEI-2025-Instituto-Aleman-de-Puerto-Montt_0018_DSC_7837-1-768x513.jpg 768w\" sizes=\"(max-width: 1200px) 100vw, 1200px\" \/><\/a>\n\t\t\t<\/div><\/figure><figure class='gallery-item'>\n\t\t\t<div class='gallery-icon landscape'>\n\t\t\t\t<a data-elementor-open-lightbox=\"yes\" data-elementor-lightbox-slideshow=\"fefe58c\" data-elementor-lightbox-title=\"PEI 2025 Instituto Alem\u00e1n de Puerto Montt_0019_DSC_7805\" data-e-action-hash=\"#elementor-action%3Aaction%3Dlightbox%26settings%3DeyJpZCI6NDYzNDksInVybCI6Imh0dHBzOlwvXC9pYWxlbWFuLmNsXC93cC1jb250ZW50XC91cGxvYWRzXC8yMDI1XC8wNlwvUEVJLTIwMjUtSW5zdGl0dXRvLUFsZW1hbi1kZS1QdWVydG8tTW9udHRfMDAxOV9EU0NfNzgwNS0xLmpwZyIsInNsaWRlc2hvdyI6ImZlZmU1OGMifQ%3D%3D\" href='https:\/\/ialeman.cl\/wp-content\/uploads\/2025\/06\/PEI-2025-Instituto-Aleman-de-Puerto-Montt_0019_DSC_7805-1.jpg'><img loading=\"lazy\" decoding=\"async\" width=\"1200\" height=\"801\" src=\"https:\/\/ialeman.cl\/wp-content\/uploads\/2025\/06\/PEI-2025-Instituto-Aleman-de-Puerto-Montt_0019_DSC_7805-1.jpg\" class=\"attachment-full size-full\" alt=\"\" srcset=\"https:\/\/ialeman.cl\/wp-content\/uploads\/2025\/06\/PEI-2025-Instituto-Aleman-de-Puerto-Montt_0019_DSC_7805-1.jpg 1200w, https:\/\/ialeman.cl\/wp-content\/uploads\/2025\/06\/PEI-2025-Instituto-Aleman-de-Puerto-Montt_0019_DSC_7805-1-300x200.jpg 300w, https:\/\/ialeman.cl\/wp-content\/uploads\/2025\/06\/PEI-2025-Instituto-Aleman-de-Puerto-Montt_0019_DSC_7805-1-1024x684.jpg 1024w, https:\/\/ialeman.cl\/wp-content\/uploads\/2025\/06\/PEI-2025-Instituto-Aleman-de-Puerto-Montt_0019_DSC_7805-1-768x513.jpg 768w\" sizes=\"(max-width: 1200px) 100vw, 1200px\" \/><\/a>\n\t\t\t<\/div><\/figure><figure class='gallery-item'>\n\t\t\t<div class='gallery-icon landscape'>\n\t\t\t\t<a data-elementor-open-lightbox=\"yes\" data-elementor-lightbox-slideshow=\"fefe58c\" data-elementor-lightbox-title=\"PEI 2025 Instituto Alem\u00e1n de Puerto Montt_0020_DSC_7493\" data-e-action-hash=\"#elementor-action%3Aaction%3Dlightbox%26settings%3DeyJpZCI6NDYzNTAsInVybCI6Imh0dHBzOlwvXC9pYWxlbWFuLmNsXC93cC1jb250ZW50XC91cGxvYWRzXC8yMDI1XC8wNlwvUEVJLTIwMjUtSW5zdGl0dXRvLUFsZW1hbi1kZS1QdWVydG8tTW9udHRfMDAyMF9EU0NfNzQ5My0xLmpwZyIsInNsaWRlc2hvdyI6ImZlZmU1OGMifQ%3D%3D\" href='https:\/\/ialeman.cl\/wp-content\/uploads\/2025\/06\/PEI-2025-Instituto-Aleman-de-Puerto-Montt_0020_DSC_7493-1.jpg'><img loading=\"lazy\" decoding=\"async\" width=\"1200\" height=\"801\" src=\"https:\/\/ialeman.cl\/wp-content\/uploads\/2025\/06\/PEI-2025-Instituto-Aleman-de-Puerto-Montt_0020_DSC_7493-1.jpg\" class=\"attachment-full size-full\" alt=\"\" srcset=\"https:\/\/ialeman.cl\/wp-content\/uploads\/2025\/06\/PEI-2025-Instituto-Aleman-de-Puerto-Montt_0020_DSC_7493-1.jpg 1200w, https:\/\/ialeman.cl\/wp-content\/uploads\/2025\/06\/PEI-2025-Instituto-Aleman-de-Puerto-Montt_0020_DSC_7493-1-300x200.jpg 300w, https:\/\/ialeman.cl\/wp-content\/uploads\/2025\/06\/PEI-2025-Instituto-Aleman-de-Puerto-Montt_0020_DSC_7493-1-1024x684.jpg 1024w, https:\/\/ialeman.cl\/wp-content\/uploads\/2025\/06\/PEI-2025-Instituto-Aleman-de-Puerto-Montt_0020_DSC_7493-1-768x513.jpg 768w\" sizes=\"(max-width: 1200px) 100vw, 1200px\" \/><\/a>\n\t\t\t<\/div><\/figure><figure class='gallery-item'>\n\t\t\t<div class='gallery-icon landscape'>\n\t\t\t\t<a data-elementor-open-lightbox=\"yes\" data-elementor-lightbox-slideshow=\"fefe58c\" data-elementor-lightbox-title=\"PEI 2025 Instituto Alem\u00e1n de Puerto Montt_0021_DSC_7486\" data-e-action-hash=\"#elementor-action%3Aaction%3Dlightbox%26settings%3DeyJpZCI6NDYzNTEsInVybCI6Imh0dHBzOlwvXC9pYWxlbWFuLmNsXC93cC1jb250ZW50XC91cGxvYWRzXC8yMDI1XC8wNlwvUEVJLTIwMjUtSW5zdGl0dXRvLUFsZW1hbi1kZS1QdWVydG8tTW9udHRfMDAyMV9EU0NfNzQ4Ni0xLmpwZyIsInNsaWRlc2hvdyI6ImZlZmU1OGMifQ%3D%3D\" href='https:\/\/ialeman.cl\/wp-content\/uploads\/2025\/06\/PEI-2025-Instituto-Aleman-de-Puerto-Montt_0021_DSC_7486-1.jpg'><img loading=\"lazy\" decoding=\"async\" width=\"1200\" height=\"801\" src=\"https:\/\/ialeman.cl\/wp-content\/uploads\/2025\/06\/PEI-2025-Instituto-Aleman-de-Puerto-Montt_0021_DSC_7486-1.jpg\" class=\"attachment-full size-full\" alt=\"\" srcset=\"https:\/\/ialeman.cl\/wp-content\/uploads\/2025\/06\/PEI-2025-Instituto-Aleman-de-Puerto-Montt_0021_DSC_7486-1.jpg 1200w, https:\/\/ialeman.cl\/wp-content\/uploads\/2025\/06\/PEI-2025-Instituto-Aleman-de-Puerto-Montt_0021_DSC_7486-1-300x200.jpg 300w, https:\/\/ialeman.cl\/wp-content\/uploads\/2025\/06\/PEI-2025-Instituto-Aleman-de-Puerto-Montt_0021_DSC_7486-1-1024x684.jpg 1024w, https:\/\/ialeman.cl\/wp-content\/uploads\/2025\/06\/PEI-2025-Instituto-Aleman-de-Puerto-Montt_0021_DSC_7486-1-768x513.jpg 768w\" sizes=\"(max-width: 1200px) 100vw, 1200px\" \/><\/a>\n\t\t\t<\/div><\/figure><figure class='gallery-item'>\n\t\t\t<div class='gallery-icon landscape'>\n\t\t\t\t<a data-elementor-open-lightbox=\"yes\" data-elementor-lightbox-slideshow=\"fefe58c\" data-elementor-lightbox-title=\"PEI 2025 Instituto Alem\u00e1n de Puerto Montt_0023_DSC_7508\" data-e-action-hash=\"#elementor-action%3Aaction%3Dlightbox%26settings%3DeyJpZCI6NDYzNTMsInVybCI6Imh0dHBzOlwvXC9pYWxlbWFuLmNsXC93cC1jb250ZW50XC91cGxvYWRzXC8yMDI1XC8wNlwvUEVJLTIwMjUtSW5zdGl0dXRvLUFsZW1hbi1kZS1QdWVydG8tTW9udHRfMDAyM19EU0NfNzUwOC0xLmpwZyIsInNsaWRlc2hvdyI6ImZlZmU1OGMifQ%3D%3D\" href='https:\/\/ialeman.cl\/wp-content\/uploads\/2025\/06\/PEI-2025-Instituto-Aleman-de-Puerto-Montt_0023_DSC_7508-1.jpg'><img loading=\"lazy\" decoding=\"async\" width=\"1200\" height=\"801\" src=\"https:\/\/ialeman.cl\/wp-content\/uploads\/2025\/06\/PEI-2025-Instituto-Aleman-de-Puerto-Montt_0023_DSC_7508-1.jpg\" class=\"attachment-full size-full\" alt=\"\" srcset=\"https:\/\/ialeman.cl\/wp-content\/uploads\/2025\/06\/PEI-2025-Instituto-Aleman-de-Puerto-Montt_0023_DSC_7508-1.jpg 1200w, https:\/\/ialeman.cl\/wp-content\/uploads\/2025\/06\/PEI-2025-Instituto-Aleman-de-Puerto-Montt_0023_DSC_7508-1-300x200.jpg 300w, https:\/\/ialeman.cl\/wp-content\/uploads\/2025\/06\/PEI-2025-Instituto-Aleman-de-Puerto-Montt_0023_DSC_7508-1-1024x684.jpg 1024w, https:\/\/ialeman.cl\/wp-content\/uploads\/2025\/06\/PEI-2025-Instituto-Aleman-de-Puerto-Montt_0023_DSC_7508-1-768x513.jpg 768w\" sizes=\"(max-width: 1200px) 100vw, 1200px\" \/><\/a>\n\t\t\t<\/div><\/figure><figure class='gallery-item'>\n\t\t\t<div class='gallery-icon landscape'>\n\t\t\t\t<a data-elementor-open-lightbox=\"yes\" data-elementor-lightbox-slideshow=\"fefe58c\" data-elementor-lightbox-title=\"PEI 2025 Instituto Alem\u00e1n de Puerto Montt_0025_DSC_6209\" data-e-action-hash=\"#elementor-action%3Aaction%3Dlightbox%26settings%3DeyJpZCI6NDYzNTUsInVybCI6Imh0dHBzOlwvXC9pYWxlbWFuLmNsXC93cC1jb250ZW50XC91cGxvYWRzXC8yMDI1XC8wNlwvUEVJLTIwMjUtSW5zdGl0dXRvLUFsZW1hbi1kZS1QdWVydG8tTW9udHRfMDAyNV9EU0NfNjIwOS0xLmpwZyIsInNsaWRlc2hvdyI6ImZlZmU1OGMifQ%3D%3D\" href='https:\/\/ialeman.cl\/wp-content\/uploads\/2025\/06\/PEI-2025-Instituto-Aleman-de-Puerto-Montt_0025_DSC_6209-1.jpg'><img loading=\"lazy\" decoding=\"async\" width=\"1200\" height=\"801\" src=\"https:\/\/ialeman.cl\/wp-content\/uploads\/2025\/06\/PEI-2025-Instituto-Aleman-de-Puerto-Montt_0025_DSC_6209-1.jpg\" class=\"attachment-full size-full\" alt=\"\" srcset=\"https:\/\/ialeman.cl\/wp-content\/uploads\/2025\/06\/PEI-2025-Instituto-Aleman-de-Puerto-Montt_0025_DSC_6209-1.jpg 1200w, https:\/\/ialeman.cl\/wp-content\/uploads\/2025\/06\/PEI-2025-Instituto-Aleman-de-Puerto-Montt_0025_DSC_6209-1-300x200.jpg 300w, https:\/\/ialeman.cl\/wp-content\/uploads\/2025\/06\/PEI-2025-Instituto-Aleman-de-Puerto-Montt_0025_DSC_6209-1-1024x684.jpg 1024w, https:\/\/ialeman.cl\/wp-content\/uploads\/2025\/06\/PEI-2025-Instituto-Aleman-de-Puerto-Montt_0025_DSC_6209-1-768x513.jpg 768w\" sizes=\"(max-width: 1200px) 100vw, 1200px\" \/><\/a>\n\t\t\t<\/div><\/figure><figure class='gallery-item'>\n\t\t\t<div class='gallery-icon landscape'>\n\t\t\t\t<a data-elementor-open-lightbox=\"yes\" data-elementor-lightbox-slideshow=\"fefe58c\" data-elementor-lightbox-title=\"PEI 2025 Instituto Alem\u00e1n de Puerto Montt_0026_DSC_7471\" data-e-action-hash=\"#elementor-action%3Aaction%3Dlightbox%26settings%3DeyJpZCI6NDYzNTYsInVybCI6Imh0dHBzOlwvXC9pYWxlbWFuLmNsXC93cC1jb250ZW50XC91cGxvYWRzXC8yMDI1XC8wNlwvUEVJLTIwMjUtSW5zdGl0dXRvLUFsZW1hbi1kZS1QdWVydG8tTW9udHRfMDAyNl9EU0NfNzQ3MS0xLmpwZyIsInNsaWRlc2hvdyI6ImZlZmU1OGMifQ%3D%3D\" href='https:\/\/ialeman.cl\/wp-content\/uploads\/2025\/06\/PEI-2025-Instituto-Aleman-de-Puerto-Montt_0026_DSC_7471-1.jpg'><img loading=\"lazy\" decoding=\"async\" width=\"1200\" height=\"801\" src=\"https:\/\/ialeman.cl\/wp-content\/uploads\/2025\/06\/PEI-2025-Instituto-Aleman-de-Puerto-Montt_0026_DSC_7471-1.jpg\" class=\"attachment-full size-full\" alt=\"\" srcset=\"https:\/\/ialeman.cl\/wp-content\/uploads\/2025\/06\/PEI-2025-Instituto-Aleman-de-Puerto-Montt_0026_DSC_7471-1.jpg 1200w, https:\/\/ialeman.cl\/wp-content\/uploads\/2025\/06\/PEI-2025-Instituto-Aleman-de-Puerto-Montt_0026_DSC_7471-1-300x200.jpg 300w, https:\/\/ialeman.cl\/wp-content\/uploads\/2025\/06\/PEI-2025-Instituto-Aleman-de-Puerto-Montt_0026_DSC_7471-1-1024x684.jpg 1024w, https:\/\/ialeman.cl\/wp-content\/uploads\/2025\/06\/PEI-2025-Instituto-Aleman-de-Puerto-Montt_0026_DSC_7471-1-768x513.jpg 768w\" sizes=\"(max-width: 1200px) 100vw, 1200px\" \/><\/a>\n\t\t\t<\/div><\/figure><figure class='gallery-item'>\n\t\t\t<div class='gallery-icon landscape'>\n\t\t\t\t<a data-elementor-open-lightbox=\"yes\" data-elementor-lightbox-slideshow=\"fefe58c\" data-elementor-lightbox-title=\"PEI 2025 Instituto Alem\u00e1n de Puerto Montt_0027_DSC_6599\" data-e-action-hash=\"#elementor-action%3Aaction%3Dlightbox%26settings%3DeyJpZCI6NDYzNTcsInVybCI6Imh0dHBzOlwvXC9pYWxlbWFuLmNsXC93cC1jb250ZW50XC91cGxvYWRzXC8yMDI1XC8wNlwvUEVJLTIwMjUtSW5zdGl0dXRvLUFsZW1hbi1kZS1QdWVydG8tTW9udHRfMDAyN19EU0NfNjU5OS0xLmpwZyIsInNsaWRlc2hvdyI6ImZlZmU1OGMifQ%3D%3D\" href='https:\/\/ialeman.cl\/wp-content\/uploads\/2025\/06\/PEI-2025-Instituto-Aleman-de-Puerto-Montt_0027_DSC_6599-1.jpg'><img loading=\"lazy\" decoding=\"async\" width=\"1200\" height=\"801\" src=\"https:\/\/ialeman.cl\/wp-content\/uploads\/2025\/06\/PEI-2025-Instituto-Aleman-de-Puerto-Montt_0027_DSC_6599-1.jpg\" class=\"attachment-full size-full\" alt=\"\" srcset=\"https:\/\/ialeman.cl\/wp-content\/uploads\/2025\/06\/PEI-2025-Instituto-Aleman-de-Puerto-Montt_0027_DSC_6599-1.jpg 1200w, https:\/\/ialeman.cl\/wp-content\/uploads\/2025\/06\/PEI-2025-Instituto-Aleman-de-Puerto-Montt_0027_DSC_6599-1-300x200.jpg 300w, https:\/\/ialeman.cl\/wp-content\/uploads\/2025\/06\/PEI-2025-Instituto-Aleman-de-Puerto-Montt_0027_DSC_6599-1-1024x684.jpg 1024w, https:\/\/ialeman.cl\/wp-content\/uploads\/2025\/06\/PEI-2025-Instituto-Aleman-de-Puerto-Montt_0027_DSC_6599-1-768x513.jpg 768w\" sizes=\"(max-width: 1200px) 100vw, 1200px\" \/><\/a>\n\t\t\t<\/div><\/figure><figure class='gallery-item'>\n\t\t\t<div class='gallery-icon landscape'>\n\t\t\t\t<a data-elementor-open-lightbox=\"yes\" data-elementor-lightbox-slideshow=\"fefe58c\" data-elementor-lightbox-title=\"PEI 2025 Instituto Alem\u00e1n de Puerto Montt_0028_DSC_6287\" data-e-action-hash=\"#elementor-action%3Aaction%3Dlightbox%26settings%3DeyJpZCI6NDYzNTgsInVybCI6Imh0dHBzOlwvXC9pYWxlbWFuLmNsXC93cC1jb250ZW50XC91cGxvYWRzXC8yMDI1XC8wNlwvUEVJLTIwMjUtSW5zdGl0dXRvLUFsZW1hbi1kZS1QdWVydG8tTW9udHRfMDAyOF9EU0NfNjI4Ny0xLmpwZyIsInNsaWRlc2hvdyI6ImZlZmU1OGMifQ%3D%3D\" href='https:\/\/ialeman.cl\/wp-content\/uploads\/2025\/06\/PEI-2025-Instituto-Aleman-de-Puerto-Montt_0028_DSC_6287-1.jpg'><img loading=\"lazy\" decoding=\"async\" width=\"1200\" height=\"801\" src=\"https:\/\/ialeman.cl\/wp-content\/uploads\/2025\/06\/PEI-2025-Instituto-Aleman-de-Puerto-Montt_0028_DSC_6287-1.jpg\" class=\"attachment-full size-full\" alt=\"\" srcset=\"https:\/\/ialeman.cl\/wp-content\/uploads\/2025\/06\/PEI-2025-Instituto-Aleman-de-Puerto-Montt_0028_DSC_6287-1.jpg 1200w, https:\/\/ialeman.cl\/wp-content\/uploads\/2025\/06\/PEI-2025-Instituto-Aleman-de-Puerto-Montt_0028_DSC_6287-1-300x200.jpg 300w, https:\/\/ialeman.cl\/wp-content\/uploads\/2025\/06\/PEI-2025-Instituto-Aleman-de-Puerto-Montt_0028_DSC_6287-1-1024x684.jpg 1024w, https:\/\/ialeman.cl\/wp-content\/uploads\/2025\/06\/PEI-2025-Instituto-Aleman-de-Puerto-Montt_0028_DSC_6287-1-768x513.jpg 768w\" sizes=\"(max-width: 1200px) 100vw, 1200px\" \/><\/a>\n\t\t\t<\/div><\/figure><figure class='gallery-item'>\n\t\t\t<div class='gallery-icon landscape'>\n\t\t\t\t<a data-elementor-open-lightbox=\"yes\" data-elementor-lightbox-slideshow=\"fefe58c\" data-elementor-lightbox-title=\"PEI 2025 Instituto Alem\u00e1n de Puerto Montt_0029_DSC_6268\" data-e-action-hash=\"#elementor-action%3Aaction%3Dlightbox%26settings%3DeyJpZCI6NDYzNTksInVybCI6Imh0dHBzOlwvXC9pYWxlbWFuLmNsXC93cC1jb250ZW50XC91cGxvYWRzXC8yMDI1XC8wNlwvUEVJLTIwMjUtSW5zdGl0dXRvLUFsZW1hbi1kZS1QdWVydG8tTW9udHRfMDAyOV9EU0NfNjI2OC0xLmpwZyIsInNsaWRlc2hvdyI6ImZlZmU1OGMifQ%3D%3D\" href='https:\/\/ialeman.cl\/wp-content\/uploads\/2025\/06\/PEI-2025-Instituto-Aleman-de-Puerto-Montt_0029_DSC_6268-1.jpg'><img loading=\"lazy\" decoding=\"async\" width=\"1200\" height=\"801\" src=\"https:\/\/ialeman.cl\/wp-content\/uploads\/2025\/06\/PEI-2025-Instituto-Aleman-de-Puerto-Montt_0029_DSC_6268-1.jpg\" class=\"attachment-full size-full\" alt=\"\" srcset=\"https:\/\/ialeman.cl\/wp-content\/uploads\/2025\/06\/PEI-2025-Instituto-Aleman-de-Puerto-Montt_0029_DSC_6268-1.jpg 1200w, https:\/\/ialeman.cl\/wp-content\/uploads\/2025\/06\/PEI-2025-Instituto-Aleman-de-Puerto-Montt_0029_DSC_6268-1-300x200.jpg 300w, https:\/\/ialeman.cl\/wp-content\/uploads\/2025\/06\/PEI-2025-Instituto-Aleman-de-Puerto-Montt_0029_DSC_6268-1-1024x684.jpg 1024w, https:\/\/ialeman.cl\/wp-content\/uploads\/2025\/06\/PEI-2025-Instituto-Aleman-de-Puerto-Montt_0029_DSC_6268-1-768x513.jpg 768w\" sizes=\"(max-width: 1200px) 100vw, 1200px\" \/><\/a>\n\t\t\t<\/div><\/figure><figure class='gallery-item'>\n\t\t\t<div class='gallery-icon landscape'>\n\t\t\t\t<a data-elementor-open-lightbox=\"yes\" data-elementor-lightbox-slideshow=\"fefe58c\" data-elementor-lightbox-title=\"PEI 2025 Instituto Alem\u00e1n de Puerto Montt_0030_DSC_7829\" data-e-action-hash=\"#elementor-action%3Aaction%3Dlightbox%26settings%3DeyJpZCI6NDYzNjAsInVybCI6Imh0dHBzOlwvXC9pYWxlbWFuLmNsXC93cC1jb250ZW50XC91cGxvYWRzXC8yMDI1XC8wNlwvUEVJLTIwMjUtSW5zdGl0dXRvLUFsZW1hbi1kZS1QdWVydG8tTW9udHRfMDAzMF9EU0NfNzgyOS0xLmpwZyIsInNsaWRlc2hvdyI6ImZlZmU1OGMifQ%3D%3D\" href='https:\/\/ialeman.cl\/wp-content\/uploads\/2025\/06\/PEI-2025-Instituto-Aleman-de-Puerto-Montt_0030_DSC_7829-1.jpg'><img loading=\"lazy\" decoding=\"async\" width=\"1200\" height=\"801\" src=\"https:\/\/ialeman.cl\/wp-content\/uploads\/2025\/06\/PEI-2025-Instituto-Aleman-de-Puerto-Montt_0030_DSC_7829-1.jpg\" class=\"attachment-full size-full\" alt=\"\" srcset=\"https:\/\/ialeman.cl\/wp-content\/uploads\/2025\/06\/PEI-2025-Instituto-Aleman-de-Puerto-Montt_0030_DSC_7829-1.jpg 1200w, https:\/\/ialeman.cl\/wp-content\/uploads\/2025\/06\/PEI-2025-Instituto-Aleman-de-Puerto-Montt_0030_DSC_7829-1-300x200.jpg 300w, https:\/\/ialeman.cl\/wp-content\/uploads\/2025\/06\/PEI-2025-Instituto-Aleman-de-Puerto-Montt_0030_DSC_7829-1-1024x684.jpg 1024w, https:\/\/ialeman.cl\/wp-content\/uploads\/2025\/06\/PEI-2025-Instituto-Aleman-de-Puerto-Montt_0030_DSC_7829-1-768x513.jpg 768w\" sizes=\"(max-width: 1200px) 100vw, 1200px\" \/><\/a>\n\t\t\t<\/div><\/figure><figure class='gallery-item'>\n\t\t\t<div class='gallery-icon landscape'>\n\t\t\t\t<a data-elementor-open-lightbox=\"yes\" data-elementor-lightbox-slideshow=\"fefe58c\" data-elementor-lightbox-title=\"PEI 2025 Instituto Alem\u00e1n de Puerto Montt_0031_DSC_6249\" data-e-action-hash=\"#elementor-action%3Aaction%3Dlightbox%26settings%3DeyJpZCI6NDYzNjEsInVybCI6Imh0dHBzOlwvXC9pYWxlbWFuLmNsXC93cC1jb250ZW50XC91cGxvYWRzXC8yMDI1XC8wNlwvUEVJLTIwMjUtSW5zdGl0dXRvLUFsZW1hbi1kZS1QdWVydG8tTW9udHRfMDAzMV9EU0NfNjI0OS0xLmpwZyIsInNsaWRlc2hvdyI6ImZlZmU1OGMifQ%3D%3D\" href='https:\/\/ialeman.cl\/wp-content\/uploads\/2025\/06\/PEI-2025-Instituto-Aleman-de-Puerto-Montt_0031_DSC_6249-1.jpg'><img loading=\"lazy\" decoding=\"async\" width=\"1200\" height=\"801\" src=\"https:\/\/ialeman.cl\/wp-content\/uploads\/2025\/06\/PEI-2025-Instituto-Aleman-de-Puerto-Montt_0031_DSC_6249-1.jpg\" class=\"attachment-full size-full\" alt=\"\" srcset=\"https:\/\/ialeman.cl\/wp-content\/uploads\/2025\/06\/PEI-2025-Instituto-Aleman-de-Puerto-Montt_0031_DSC_6249-1.jpg 1200w, https:\/\/ialeman.cl\/wp-content\/uploads\/2025\/06\/PEI-2025-Instituto-Aleman-de-Puerto-Montt_0031_DSC_6249-1-300x200.jpg 300w, https:\/\/ialeman.cl\/wp-content\/uploads\/2025\/06\/PEI-2025-Instituto-Aleman-de-Puerto-Montt_0031_DSC_6249-1-1024x684.jpg 1024w, https:\/\/ialeman.cl\/wp-content\/uploads\/2025\/06\/PEI-2025-Instituto-Aleman-de-Puerto-Montt_0031_DSC_6249-1-768x513.jpg 768w\" sizes=\"(max-width: 1200px) 100vw, 1200px\" \/><\/a>\n\t\t\t<\/div><\/figure><figure class='gallery-item'>\n\t\t\t<div class='gallery-icon landscape'>\n\t\t\t\t<a data-elementor-open-lightbox=\"yes\" data-elementor-lightbox-slideshow=\"fefe58c\" data-elementor-lightbox-title=\"PEI 2025 Instituto Alem\u00e1n de Puerto Montt_0032_DSC_6243\" data-e-action-hash=\"#elementor-action%3Aaction%3Dlightbox%26settings%3DeyJpZCI6NDYzNjIsInVybCI6Imh0dHBzOlwvXC9pYWxlbWFuLmNsXC93cC1jb250ZW50XC91cGxvYWRzXC8yMDI1XC8wNlwvUEVJLTIwMjUtSW5zdGl0dXRvLUFsZW1hbi1kZS1QdWVydG8tTW9udHRfMDAzMl9EU0NfNjI0My0xLmpwZyIsInNsaWRlc2hvdyI6ImZlZmU1OGMifQ%3D%3D\" href='https:\/\/ialeman.cl\/wp-content\/uploads\/2025\/06\/PEI-2025-Instituto-Aleman-de-Puerto-Montt_0032_DSC_6243-1.jpg'><img loading=\"lazy\" decoding=\"async\" width=\"1200\" height=\"801\" src=\"https:\/\/ialeman.cl\/wp-content\/uploads\/2025\/06\/PEI-2025-Instituto-Aleman-de-Puerto-Montt_0032_DSC_6243-1.jpg\" class=\"attachment-full size-full\" alt=\"\" srcset=\"https:\/\/ialeman.cl\/wp-content\/uploads\/2025\/06\/PEI-2025-Instituto-Aleman-de-Puerto-Montt_0032_DSC_6243-1.jpg 1200w, https:\/\/ialeman.cl\/wp-content\/uploads\/2025\/06\/PEI-2025-Instituto-Aleman-de-Puerto-Montt_0032_DSC_6243-1-300x200.jpg 300w, https:\/\/ialeman.cl\/wp-content\/uploads\/2025\/06\/PEI-2025-Instituto-Aleman-de-Puerto-Montt_0032_DSC_6243-1-1024x684.jpg 1024w, https:\/\/ialeman.cl\/wp-content\/uploads\/2025\/06\/PEI-2025-Instituto-Aleman-de-Puerto-Montt_0032_DSC_6243-1-768x513.jpg 768w\" sizes=\"(max-width: 1200px) 100vw, 1200px\" \/><\/a>\n\t\t\t<\/div><\/figure>\n\t\t<\/div>\n\t\t<\/div>\n\t\t\t\t\t\t<\/div>\n\t\t\t\t<\/div>\n\t\t\t\t\t<\/div>\n\t\t<\/div>\n\t\t\t\t\t<\/div>\n\t\t<\/section>\n\t\t\t\t<\/div>\n\t\t","protected":false},"excerpt":{"rendered":"<p>Instituto Alem\u00e1n de Puerto Montt trabaja en la actualizaci\u00f3n de Proyecto Educativo Institucional Con la participaci\u00f3n de los estudiantes, profesores, apoderados y funcionarios, el Instituto Alem\u00e1n de Puerto Montt avanza en la actualizaci\u00f3n de su Proyecto Educativo Institucional (PEI), un proceso clave para definir la misi\u00f3n, visi\u00f3n y objetivos estrat\u00e9gicos que guiar\u00e1n el quehacer del [&hellip;]<\/p>\n","protected":false},"author":1,"featured_media":46290,"comment_status":"closed","ping_status":"closed","sticky":false,"template":"","format":"standard","meta":{"_crdt_document":"","_monsterinsights_skip_tracking":false,"_monsterinsights_sitenote_active":false,"_monsterinsights_sitenote_note":"","_monsterinsights_sitenote_category":0,"site-sidebar-layout":"default","site-content-layout":"","ast-site-content-layout":"default","site-content-style":"default","site-sidebar-style":"default","ast-global-header-display":"","ast-banner-title-visibility":"","ast-main-header-display":"","ast-hfb-above-header-display":"","ast-hfb-below-header-display":"","ast-hfb-mobile-header-display":"","site-post-title":"disabled","ast-breadcrumbs-content":"","ast-featured-img":"disabled","footer-sml-layout":"","ast-disable-related-posts":"","theme-transparent-header-meta":"","adv-header-id-meta":"","stick-header-meta":"","header-above-stick-meta":"","header-main-stick-meta":"","header-below-stick-meta":"","astra-migrate-meta-layouts":"set","ast-page-background-enabled":"default","ast-page-background-meta":{"desktop":{"background-color":"var(--ast-global-color-4)","background-image":"","background-repeat":"repeat","background-position":"center center","background-size":"auto","background-attachment":"scroll","background-type":"","background-media":"","overlay-type":"","overlay-color":"","overlay-opacity":"","overlay-gradient":""},"tablet":{"background-color":"","background-image":"","background-repeat":"repeat","background-position":"center center","background-size":"auto","background-attachment":"scroll","background-type":"","background-media":"","overlay-type":"","overlay-color":"","overlay-opacity":"","overlay-gradient":""},"mobile":{"background-color":"","background-image":"","background-repeat":"repeat","background-position":"center center","background-size":"auto","background-attachment":"scroll","background-type":"","background-media":"","overlay-type":"","overlay-color":"","overlay-opacity":"","overlay-gradient":""}},"ast-content-background-meta":{"desktop":{"background-color":"var(--ast-global-color-5)","background-image":"","background-repeat":"repeat","background-position":"center center","background-size":"auto","background-attachment":"scroll","background-type":"","background-media":"","overlay-type":"","overlay-color":"","overlay-opacity":"","overlay-gradient":""},"tablet":{"background-color":"var(--ast-global-color-5)","background-image":"","background-repeat":"repeat","background-position":"center center","background-size":"auto","background-attachment":"scroll","background-type":"","background-media":"","overlay-type":"","overlay-color":"","overlay-opacity":"","overlay-gradient":""},"mobile":{"background-color":"var(--ast-global-color-5)","background-image":"","background-repeat":"repeat","background-position":"center center","background-size":"auto","background-attachment":"scroll","background-type":"","background-media":"","overlay-type":"","overlay-color":"","overlay-opacity":"","overlay-gradient":""}},"advanced_seo_description":"","jetpack_seo_html_title":"","jetpack_seo_noindex":false,"_jetpack_memberships_contains_paid_content":false,"footnotes":""},"categories":[10,1],"tags":[],"class_list":["post-46288","post","type-post","status-publish","format-standard","has-post-thumbnail","hentry","category-noticias","category-uncategorized"],"jetpack_featured_media_url":"https:\/\/ialeman.cl\/wp-content\/uploads\/2025\/06\/PEI-2025-Instituto-Aleman-de-Puerto-Montt_0000_DSC_7541.jpg","jetpack_shortlink":"https:\/\/wp.me\/ph8I5c-c2A","jetpack_sharing_enabled":true,"_links":{"self":[{"href":"https:\/\/ialeman.cl\/index.php\/wp-json\/wp\/v2\/posts\/46288","targetHints":{"allow":["GET"]}}],"collection":[{"href":"https:\/\/ialeman.cl\/index.php\/wp-json\/wp\/v2\/posts"}],"about":[{"href":"https:\/\/ialeman.cl\/index.php\/wp-json\/wp\/v2\/types\/post"}],"author":[{"embeddable":true,"href":"https:\/\/ialeman.cl\/index.php\/wp-json\/wp\/v2\/users\/1"}],"replies":[{"embeddable":true,"href":"https:\/\/ialeman.cl\/index.php\/wp-json\/wp\/v2\/comments?post=46288"}],"version-history":[{"count":11,"href":"https:\/\/ialeman.cl\/index.php\/wp-json\/wp\/v2\/posts\/46288\/revisions"}],"predecessor-version":[{"id":46514,"href":"https:\/\/ialeman.cl\/index.php\/wp-json\/wp\/v2\/posts\/46288\/revisions\/46514"}],"wp:featuredmedia":[{"embeddable":true,"href":"https:\/\/ialeman.cl\/index.php\/wp-json\/wp\/v2\/media\/46290"}],"wp:attachment":[{"href":"https:\/\/ialeman.cl\/index.php\/wp-json\/wp\/v2\/media?parent=46288"}],"wp:term":[{"taxonomy":"category","embeddable":true,"href":"https:\/\/ialeman.cl\/index.php\/wp-json\/wp\/v2\/categories?post=46288"},{"taxonomy":"post_tag","embeddable":true,"href":"https:\/\/ialeman.cl\/index.php\/wp-json\/wp\/v2\/tags?post=46288"}],"curies":[{"name":"wp","href":"https:\/\/api.w.org\/{rel}","templated":true}]}}