{"id":43991,"date":"2025-04-14T11:36:48","date_gmt":"2025-04-14T15:36:48","guid":{"rendered":"https:\/\/ialeman.cl\/?p=43991"},"modified":"2025-04-22T12:04:38","modified_gmt":"2025-04-22T16:04:38","slug":"schokofest-2025","status":"publish","type":"post","link":"https:\/\/ialeman.cl\/index.php\/schokofest-2025\/","title":{"rendered":"Schokofest 2025"},"content":{"rendered":"\t\t<div data-elementor-type=\"wp-post\" data-elementor-id=\"43991\" class=\"elementor elementor-43991\">\n\t\t\t\t\t\t<section class=\"elementor-section elementor-top-section elementor-element elementor-element-5c91054 elementor-section-boxed elementor-section-height-default elementor-section-height-default\" data-id=\"5c91054\" data-element_type=\"section\" data-e-type=\"section\">\n\t\t\t\t\t\t<div class=\"elementor-container elementor-column-gap-default\">\n\t\t\t\t\t<div class=\"elementor-column elementor-col-100 elementor-top-column elementor-element elementor-element-f4db0c3\" data-id=\"f4db0c3\" data-element_type=\"column\" data-e-type=\"column\">\n\t\t\t<div class=\"elementor-widget-wrap elementor-element-populated\">\n\t\t\t\t\t\t<div class=\"elementor-element elementor-element-b9b7fd6 elementor-widget elementor-widget-heading\" data-id=\"b9b7fd6\" data-element_type=\"widget\" data-e-type=\"widget\" data-widget_type=\"heading.default\">\n\t\t\t\t<div class=\"elementor-widget-container\">\n\t\t\t\t\t<h2 class=\"elementor-heading-title elementor-size-default\">Schokofest 2025: una jornada de alegr\u00eda, talentos y comunidad en el Instituto Alem\u00e1n de Puerto Montt<\/h2>\t\t\t\t<\/div>\n\t\t\t\t<\/div>\n\t\t\t\t\t<\/div>\n\t\t<\/div>\n\t\t\t\t\t<\/div>\n\t\t<\/section>\n\t\t\t\t<section class=\"elementor-section elementor-top-section elementor-element elementor-element-ea37461 elementor-section-boxed elementor-section-height-default elementor-section-height-default\" data-id=\"ea37461\" data-element_type=\"section\" data-e-type=\"section\">\n\t\t\t\t\t\t<div class=\"elementor-container elementor-column-gap-default\">\n\t\t\t\t\t<div class=\"elementor-column elementor-col-100 elementor-top-column elementor-element elementor-element-e3ee5d5\" data-id=\"e3ee5d5\" data-element_type=\"column\" data-e-type=\"column\">\n\t\t\t<div class=\"elementor-widget-wrap elementor-element-populated\">\n\t\t\t\t\t\t<div class=\"elementor-element elementor-element-bd50491 elementor-widget elementor-widget-heading\" data-id=\"bd50491\" data-element_type=\"widget\" data-e-type=\"widget\" data-widget_type=\"heading.default\">\n\t\t\t\t<div class=\"elementor-widget-container\">\n\t\t\t\t\t<h2 class=\"elementor-heading-title elementor-size-default\">El gimnasio del Instituto Alem\u00e1n de Puerto Montt se llen\u00f3 de color, m\u00fasica y entusiasmo con la realizaci\u00f3n de la Schokofest 2025, una emotiva jornada organizada por los estudiantes, apoderados y profesores de II Medio, con el objetivo de reunir fondos para el intercambio estudiantil a Alemania.<br><br>\n\nDurante la tarde, los ni\u00f1os disfrutaron de juegos, concursos, pinta caritas, exquisita comida y un inolvidable show de talentos, donde estudiantes de distintos cursos cantaron, tocaron instrumentos y presentaron rutinas de humor. El evento se convirti\u00f3 en un punto de encuentro familiar, lleno de risas, aplausos y bonitos momentos.<br><br>\n\nLa Schokofest, inspirada en la Pascua, es abierta a toda la comunidad escolar. Adem\u00e1s, es reflejo del esp\u00edritu colaborativo que caracteriza al colegio y una linda instancia para fortalecer los lazos de amistad.<\/h2>\t\t\t\t<\/div>\n\t\t\t\t<\/div>\n\t\t\t\t\t<\/div>\n\t\t<\/div>\n\t\t\t\t\t<\/div>\n\t\t<\/section>\n\t\t\t\t<section class=\"elementor-section elementor-top-section elementor-element elementor-element-b41d307 elementor-section-boxed elementor-section-height-default elementor-section-height-default\" data-id=\"b41d307\" data-element_type=\"section\" data-e-type=\"section\">\n\t\t\t\t\t\t<div class=\"elementor-container elementor-column-gap-default\">\n\t\t\t\t\t<div class=\"elementor-column elementor-col-100 elementor-top-column elementor-element elementor-element-18985d4\" data-id=\"18985d4\" data-element_type=\"column\" data-e-type=\"column\">\n\t\t\t<div class=\"elementor-widget-wrap elementor-element-populated\">\n\t\t\t\t\t\t<div class=\"elementor-element elementor-element-725301a gallery-spacing-custom elementor-widget elementor-widget-image-gallery\" data-id=\"725301a\" data-element_type=\"widget\" data-e-type=\"widget\" data-widget_type=\"image-gallery.default\">\n\t\t\t\t<div class=\"elementor-widget-container\">\n\t\t\t\t\t\t\t<div class=\"elementor-image-gallery\">\n\t\t\t<div id='gallery-1' class='gallery galleryid-43991 gallery-columns-3 gallery-size-full'><figure class='gallery-item'>\n\t\t\t<div class='gallery-icon landscape'>\n\t\t\t\t<a data-elementor-open-lightbox=\"yes\" data-elementor-lightbox-slideshow=\"725301a\" data-elementor-lightbox-title=\"SCHOKOFEST 2025 Instituto Alem\u00e1n de Puerto Montt_0000_DSC_4383\" data-e-action-hash=\"#elementor-action%3Aaction%3Dlightbox%26settings%3DeyJpZCI6NDQwMDAsInVybCI6Imh0dHBzOlwvXC9pYWxlbWFuLmNsXC93cC1jb250ZW50XC91cGxvYWRzXC8yMDI1XC8wNFwvU0NIT0tPRkVTVC0yMDI1LUluc3RpdHV0by1BbGVtYW4tZGUtUHVlcnRvLU1vbnR0XzAwMDBfRFNDXzQzODMtMS5qcGciLCJzbGlkZXNob3ciOiI3MjUzMDFhIn0%3D\" href='https:\/\/ialeman.cl\/wp-content\/uploads\/2025\/04\/SCHOKOFEST-2025-Instituto-Aleman-de-Puerto-Montt_0000_DSC_4383-1.jpg'><img fetchpriority=\"high\" decoding=\"async\" width=\"1200\" height=\"801\" src=\"https:\/\/ialeman.cl\/wp-content\/uploads\/2025\/04\/SCHOKOFEST-2025-Instituto-Aleman-de-Puerto-Montt_0000_DSC_4383-1.jpg\" class=\"attachment-full size-full\" alt=\"\" srcset=\"https:\/\/ialeman.cl\/wp-content\/uploads\/2025\/04\/SCHOKOFEST-2025-Instituto-Aleman-de-Puerto-Montt_0000_DSC_4383-1.jpg 1200w, https:\/\/ialeman.cl\/wp-content\/uploads\/2025\/04\/SCHOKOFEST-2025-Instituto-Aleman-de-Puerto-Montt_0000_DSC_4383-1-300x200.jpg 300w, https:\/\/ialeman.cl\/wp-content\/uploads\/2025\/04\/SCHOKOFEST-2025-Instituto-Aleman-de-Puerto-Montt_0000_DSC_4383-1-1024x684.jpg 1024w, https:\/\/ialeman.cl\/wp-content\/uploads\/2025\/04\/SCHOKOFEST-2025-Instituto-Aleman-de-Puerto-Montt_0000_DSC_4383-1-768x513.jpg 768w\" sizes=\"(max-width: 1200px) 100vw, 1200px\" \/><\/a>\n\t\t\t<\/div><\/figure><figure class='gallery-item'>\n\t\t\t<div class='gallery-icon landscape'>\n\t\t\t\t<a data-elementor-open-lightbox=\"yes\" data-elementor-lightbox-slideshow=\"725301a\" data-elementor-lightbox-title=\"SCHOKOFEST 2025 Instituto Alem\u00e1n de Puerto Montt_0001_DSC_4341\" data-e-action-hash=\"#elementor-action%3Aaction%3Dlightbox%26settings%3DeyJpZCI6NDQwMDEsInVybCI6Imh0dHBzOlwvXC9pYWxlbWFuLmNsXC93cC1jb250ZW50XC91cGxvYWRzXC8yMDI1XC8wNFwvU0NIT0tPRkVTVC0yMDI1LUluc3RpdHV0by1BbGVtYW4tZGUtUHVlcnRvLU1vbnR0XzAwMDFfRFNDXzQzNDEuanBnIiwic2xpZGVzaG93IjoiNzI1MzAxYSJ9\" href='https:\/\/ialeman.cl\/wp-content\/uploads\/2025\/04\/SCHOKOFEST-2025-Instituto-Aleman-de-Puerto-Montt_0001_DSC_4341.jpg'><img decoding=\"async\" width=\"1200\" height=\"801\" src=\"https:\/\/ialeman.cl\/wp-content\/uploads\/2025\/04\/SCHOKOFEST-2025-Instituto-Aleman-de-Puerto-Montt_0001_DSC_4341.jpg\" class=\"attachment-full size-full\" alt=\"\" srcset=\"https:\/\/ialeman.cl\/wp-content\/uploads\/2025\/04\/SCHOKOFEST-2025-Instituto-Aleman-de-Puerto-Montt_0001_DSC_4341.jpg 1200w, https:\/\/ialeman.cl\/wp-content\/uploads\/2025\/04\/SCHOKOFEST-2025-Instituto-Aleman-de-Puerto-Montt_0001_DSC_4341-300x200.jpg 300w, https:\/\/ialeman.cl\/wp-content\/uploads\/2025\/04\/SCHOKOFEST-2025-Instituto-Aleman-de-Puerto-Montt_0001_DSC_4341-1024x684.jpg 1024w, https:\/\/ialeman.cl\/wp-content\/uploads\/2025\/04\/SCHOKOFEST-2025-Instituto-Aleman-de-Puerto-Montt_0001_DSC_4341-768x513.jpg 768w\" sizes=\"(max-width: 1200px) 100vw, 1200px\" \/><\/a>\n\t\t\t<\/div><\/figure><figure class='gallery-item'>\n\t\t\t<div class='gallery-icon landscape'>\n\t\t\t\t<a data-elementor-open-lightbox=\"yes\" data-elementor-lightbox-slideshow=\"725301a\" data-elementor-lightbox-title=\"SCHOKOFEST 2025 Instituto Alem\u00e1n de Puerto Montt_0002_DSC_4374\" data-e-action-hash=\"#elementor-action%3Aaction%3Dlightbox%26settings%3DeyJpZCI6NDQwMDIsInVybCI6Imh0dHBzOlwvXC9pYWxlbWFuLmNsXC93cC1jb250ZW50XC91cGxvYWRzXC8yMDI1XC8wNFwvU0NIT0tPRkVTVC0yMDI1LUluc3RpdHV0by1BbGVtYW4tZGUtUHVlcnRvLU1vbnR0XzAwMDJfRFNDXzQzNzQuanBnIiwic2xpZGVzaG93IjoiNzI1MzAxYSJ9\" href='https:\/\/ialeman.cl\/wp-content\/uploads\/2025\/04\/SCHOKOFEST-2025-Instituto-Aleman-de-Puerto-Montt_0002_DSC_4374.jpg'><img decoding=\"async\" width=\"1200\" height=\"801\" src=\"https:\/\/ialeman.cl\/wp-content\/uploads\/2025\/04\/SCHOKOFEST-2025-Instituto-Aleman-de-Puerto-Montt_0002_DSC_4374.jpg\" class=\"attachment-full size-full\" alt=\"\" srcset=\"https:\/\/ialeman.cl\/wp-content\/uploads\/2025\/04\/SCHOKOFEST-2025-Instituto-Aleman-de-Puerto-Montt_0002_DSC_4374.jpg 1200w, https:\/\/ialeman.cl\/wp-content\/uploads\/2025\/04\/SCHOKOFEST-2025-Instituto-Aleman-de-Puerto-Montt_0002_DSC_4374-300x200.jpg 300w, https:\/\/ialeman.cl\/wp-content\/uploads\/2025\/04\/SCHOKOFEST-2025-Instituto-Aleman-de-Puerto-Montt_0002_DSC_4374-1024x684.jpg 1024w, https:\/\/ialeman.cl\/wp-content\/uploads\/2025\/04\/SCHOKOFEST-2025-Instituto-Aleman-de-Puerto-Montt_0002_DSC_4374-768x513.jpg 768w\" sizes=\"(max-width: 1200px) 100vw, 1200px\" \/><\/a>\n\t\t\t<\/div><\/figure><figure class='gallery-item'>\n\t\t\t<div class='gallery-icon landscape'>\n\t\t\t\t<a data-elementor-open-lightbox=\"yes\" data-elementor-lightbox-slideshow=\"725301a\" data-elementor-lightbox-title=\"SCHOKOFEST 2025 Instituto Alem\u00e1n de Puerto Montt_0004_Niveles 5\" data-e-action-hash=\"#elementor-action%3Aaction%3Dlightbox%26settings%3DeyJpZCI6NDQwMDQsInVybCI6Imh0dHBzOlwvXC9pYWxlbWFuLmNsXC93cC1jb250ZW50XC91cGxvYWRzXC8yMDI1XC8wNFwvU0NIT0tPRkVTVC0yMDI1LUluc3RpdHV0by1BbGVtYW4tZGUtUHVlcnRvLU1vbnR0XzAwMDRfTml2ZWxlcy01LmpwZyIsInNsaWRlc2hvdyI6IjcyNTMwMWEifQ%3D%3D\" href='https:\/\/ialeman.cl\/wp-content\/uploads\/2025\/04\/SCHOKOFEST-2025-Instituto-Aleman-de-Puerto-Montt_0004_Niveles-5.jpg'><img loading=\"lazy\" decoding=\"async\" width=\"1200\" height=\"801\" src=\"https:\/\/ialeman.cl\/wp-content\/uploads\/2025\/04\/SCHOKOFEST-2025-Instituto-Aleman-de-Puerto-Montt_0004_Niveles-5.jpg\" class=\"attachment-full size-full\" alt=\"\" srcset=\"https:\/\/ialeman.cl\/wp-content\/uploads\/2025\/04\/SCHOKOFEST-2025-Instituto-Aleman-de-Puerto-Montt_0004_Niveles-5.jpg 1200w, https:\/\/ialeman.cl\/wp-content\/uploads\/2025\/04\/SCHOKOFEST-2025-Instituto-Aleman-de-Puerto-Montt_0004_Niveles-5-300x200.jpg 300w, https:\/\/ialeman.cl\/wp-content\/uploads\/2025\/04\/SCHOKOFEST-2025-Instituto-Aleman-de-Puerto-Montt_0004_Niveles-5-1024x684.jpg 1024w, https:\/\/ialeman.cl\/wp-content\/uploads\/2025\/04\/SCHOKOFEST-2025-Instituto-Aleman-de-Puerto-Montt_0004_Niveles-5-768x513.jpg 768w\" sizes=\"(max-width: 1200px) 100vw, 1200px\" \/><\/a>\n\t\t\t<\/div><\/figure><figure class='gallery-item'>\n\t\t\t<div class='gallery-icon landscape'>\n\t\t\t\t<a data-elementor-open-lightbox=\"yes\" data-elementor-lightbox-slideshow=\"725301a\" data-elementor-lightbox-title=\"SCHOKOFEST 2025 Instituto Alem\u00e1n de Puerto Montt_0005_DSC_4381\" data-e-action-hash=\"#elementor-action%3Aaction%3Dlightbox%26settings%3DeyJpZCI6NDQwMDUsInVybCI6Imh0dHBzOlwvXC9pYWxlbWFuLmNsXC93cC1jb250ZW50XC91cGxvYWRzXC8yMDI1XC8wNFwvU0NIT0tPRkVTVC0yMDI1LUluc3RpdHV0by1BbGVtYW4tZGUtUHVlcnRvLU1vbnR0XzAwMDVfRFNDXzQzODEuanBnIiwic2xpZGVzaG93IjoiNzI1MzAxYSJ9\" href='https:\/\/ialeman.cl\/wp-content\/uploads\/2025\/04\/SCHOKOFEST-2025-Instituto-Aleman-de-Puerto-Montt_0005_DSC_4381.jpg'><img loading=\"lazy\" decoding=\"async\" width=\"1200\" height=\"801\" src=\"https:\/\/ialeman.cl\/wp-content\/uploads\/2025\/04\/SCHOKOFEST-2025-Instituto-Aleman-de-Puerto-Montt_0005_DSC_4381.jpg\" class=\"attachment-full size-full\" alt=\"\" srcset=\"https:\/\/ialeman.cl\/wp-content\/uploads\/2025\/04\/SCHOKOFEST-2025-Instituto-Aleman-de-Puerto-Montt_0005_DSC_4381.jpg 1200w, https:\/\/ialeman.cl\/wp-content\/uploads\/2025\/04\/SCHOKOFEST-2025-Instituto-Aleman-de-Puerto-Montt_0005_DSC_4381-300x200.jpg 300w, https:\/\/ialeman.cl\/wp-content\/uploads\/2025\/04\/SCHOKOFEST-2025-Instituto-Aleman-de-Puerto-Montt_0005_DSC_4381-1024x684.jpg 1024w, https:\/\/ialeman.cl\/wp-content\/uploads\/2025\/04\/SCHOKOFEST-2025-Instituto-Aleman-de-Puerto-Montt_0005_DSC_4381-768x513.jpg 768w\" sizes=\"(max-width: 1200px) 100vw, 1200px\" \/><\/a>\n\t\t\t<\/div><\/figure><figure class='gallery-item'>\n\t\t\t<div class='gallery-icon landscape'>\n\t\t\t\t<a data-elementor-open-lightbox=\"yes\" data-elementor-lightbox-slideshow=\"725301a\" data-elementor-lightbox-title=\"SCHOKOFEST 2025 Instituto Alem\u00e1n de Puerto Montt_0006_Brillo_contraste 1\" data-e-action-hash=\"#elementor-action%3Aaction%3Dlightbox%26settings%3DeyJpZCI6NDQwMDYsInVybCI6Imh0dHBzOlwvXC9pYWxlbWFuLmNsXC93cC1jb250ZW50XC91cGxvYWRzXC8yMDI1XC8wNFwvU0NIT0tPRkVTVC0yMDI1LUluc3RpdHV0by1BbGVtYW4tZGUtUHVlcnRvLU1vbnR0XzAwMDZfQnJpbGxvX2NvbnRyYXN0ZS0xLmpwZyIsInNsaWRlc2hvdyI6IjcyNTMwMWEifQ%3D%3D\" href='https:\/\/ialeman.cl\/wp-content\/uploads\/2025\/04\/SCHOKOFEST-2025-Instituto-Aleman-de-Puerto-Montt_0006_Brillo_contraste-1.jpg'><img loading=\"lazy\" decoding=\"async\" width=\"1200\" height=\"801\" src=\"https:\/\/ialeman.cl\/wp-content\/uploads\/2025\/04\/SCHOKOFEST-2025-Instituto-Aleman-de-Puerto-Montt_0006_Brillo_contraste-1.jpg\" class=\"attachment-full size-full\" alt=\"\" srcset=\"https:\/\/ialeman.cl\/wp-content\/uploads\/2025\/04\/SCHOKOFEST-2025-Instituto-Aleman-de-Puerto-Montt_0006_Brillo_contraste-1.jpg 1200w, https:\/\/ialeman.cl\/wp-content\/uploads\/2025\/04\/SCHOKOFEST-2025-Instituto-Aleman-de-Puerto-Montt_0006_Brillo_contraste-1-300x200.jpg 300w, https:\/\/ialeman.cl\/wp-content\/uploads\/2025\/04\/SCHOKOFEST-2025-Instituto-Aleman-de-Puerto-Montt_0006_Brillo_contraste-1-1024x684.jpg 1024w, https:\/\/ialeman.cl\/wp-content\/uploads\/2025\/04\/SCHOKOFEST-2025-Instituto-Aleman-de-Puerto-Montt_0006_Brillo_contraste-1-768x513.jpg 768w\" sizes=\"(max-width: 1200px) 100vw, 1200px\" \/><\/a>\n\t\t\t<\/div><\/figure><figure class='gallery-item'>\n\t\t\t<div class='gallery-icon landscape'>\n\t\t\t\t<a data-elementor-open-lightbox=\"yes\" data-elementor-lightbox-slideshow=\"725301a\" data-elementor-lightbox-title=\"SCHOKOFEST 2025 Instituto Alem\u00e1n de Puerto Montt_0021_Brillo_contraste 7\" data-e-action-hash=\"#elementor-action%3Aaction%3Dlightbox%26settings%3DeyJpZCI6NDQwMjEsInVybCI6Imh0dHBzOlwvXC9pYWxlbWFuLmNsXC93cC1jb250ZW50XC91cGxvYWRzXC8yMDI1XC8wNFwvU0NIT0tPRkVTVC0yMDI1LUluc3RpdHV0by1BbGVtYW4tZGUtUHVlcnRvLU1vbnR0XzAwMjFfQnJpbGxvX2NvbnRyYXN0ZS03LmpwZyIsInNsaWRlc2hvdyI6IjcyNTMwMWEifQ%3D%3D\" href='https:\/\/ialeman.cl\/wp-content\/uploads\/2025\/04\/SCHOKOFEST-2025-Instituto-Aleman-de-Puerto-Montt_0021_Brillo_contraste-7.jpg'><img loading=\"lazy\" decoding=\"async\" width=\"1200\" height=\"801\" src=\"https:\/\/ialeman.cl\/wp-content\/uploads\/2025\/04\/SCHOKOFEST-2025-Instituto-Aleman-de-Puerto-Montt_0021_Brillo_contraste-7.jpg\" class=\"attachment-full size-full\" alt=\"\" srcset=\"https:\/\/ialeman.cl\/wp-content\/uploads\/2025\/04\/SCHOKOFEST-2025-Instituto-Aleman-de-Puerto-Montt_0021_Brillo_contraste-7.jpg 1200w, https:\/\/ialeman.cl\/wp-content\/uploads\/2025\/04\/SCHOKOFEST-2025-Instituto-Aleman-de-Puerto-Montt_0021_Brillo_contraste-7-300x200.jpg 300w, https:\/\/ialeman.cl\/wp-content\/uploads\/2025\/04\/SCHOKOFEST-2025-Instituto-Aleman-de-Puerto-Montt_0021_Brillo_contraste-7-1024x684.jpg 1024w, https:\/\/ialeman.cl\/wp-content\/uploads\/2025\/04\/SCHOKOFEST-2025-Instituto-Aleman-de-Puerto-Montt_0021_Brillo_contraste-7-768x513.jpg 768w\" sizes=\"(max-width: 1200px) 100vw, 1200px\" \/><\/a>\n\t\t\t<\/div><\/figure><figure class='gallery-item'>\n\t\t\t<div class='gallery-icon landscape'>\n\t\t\t\t<a data-elementor-open-lightbox=\"yes\" data-elementor-lightbox-slideshow=\"725301a\" data-elementor-lightbox-title=\"SCHOKOFEST 2025 Instituto Alem\u00e1n de Puerto Montt_0029_Niveles 16\" data-e-action-hash=\"#elementor-action%3Aaction%3Dlightbox%26settings%3DeyJpZCI6NDQwMjksInVybCI6Imh0dHBzOlwvXC9pYWxlbWFuLmNsXC93cC1jb250ZW50XC91cGxvYWRzXC8yMDI1XC8wNFwvU0NIT0tPRkVTVC0yMDI1LUluc3RpdHV0by1BbGVtYW4tZGUtUHVlcnRvLU1vbnR0XzAwMjlfTml2ZWxlcy0xNi5qcGciLCJzbGlkZXNob3ciOiI3MjUzMDFhIn0%3D\" href='https:\/\/ialeman.cl\/wp-content\/uploads\/2025\/04\/SCHOKOFEST-2025-Instituto-Aleman-de-Puerto-Montt_0029_Niveles-16.jpg'><img loading=\"lazy\" decoding=\"async\" width=\"1200\" height=\"801\" src=\"https:\/\/ialeman.cl\/wp-content\/uploads\/2025\/04\/SCHOKOFEST-2025-Instituto-Aleman-de-Puerto-Montt_0029_Niveles-16.jpg\" class=\"attachment-full size-full\" alt=\"\" srcset=\"https:\/\/ialeman.cl\/wp-content\/uploads\/2025\/04\/SCHOKOFEST-2025-Instituto-Aleman-de-Puerto-Montt_0029_Niveles-16.jpg 1200w, https:\/\/ialeman.cl\/wp-content\/uploads\/2025\/04\/SCHOKOFEST-2025-Instituto-Aleman-de-Puerto-Montt_0029_Niveles-16-300x200.jpg 300w, https:\/\/ialeman.cl\/wp-content\/uploads\/2025\/04\/SCHOKOFEST-2025-Instituto-Aleman-de-Puerto-Montt_0029_Niveles-16-1024x684.jpg 1024w, https:\/\/ialeman.cl\/wp-content\/uploads\/2025\/04\/SCHOKOFEST-2025-Instituto-Aleman-de-Puerto-Montt_0029_Niveles-16-768x513.jpg 768w\" sizes=\"(max-width: 1200px) 100vw, 1200px\" \/><\/a>\n\t\t\t<\/div><\/figure><figure class='gallery-item'>\n\t\t\t<div class='gallery-icon landscape'>\n\t\t\t\t<a data-elementor-open-lightbox=\"yes\" data-elementor-lightbox-slideshow=\"725301a\" data-elementor-lightbox-title=\"SCHOKOFEST 2025 Instituto Alem\u00e1n de Puerto Montt_0010_Brillo_contraste 2\" data-e-action-hash=\"#elementor-action%3Aaction%3Dlightbox%26settings%3DeyJpZCI6NDQwMTAsInVybCI6Imh0dHBzOlwvXC9pYWxlbWFuLmNsXC93cC1jb250ZW50XC91cGxvYWRzXC8yMDI1XC8wNFwvU0NIT0tPRkVTVC0yMDI1LUluc3RpdHV0by1BbGVtYW4tZGUtUHVlcnRvLU1vbnR0XzAwMTBfQnJpbGxvX2NvbnRyYXN0ZS0yLmpwZyIsInNsaWRlc2hvdyI6IjcyNTMwMWEifQ%3D%3D\" href='https:\/\/ialeman.cl\/wp-content\/uploads\/2025\/04\/SCHOKOFEST-2025-Instituto-Aleman-de-Puerto-Montt_0010_Brillo_contraste-2.jpg'><img loading=\"lazy\" decoding=\"async\" width=\"1200\" height=\"801\" src=\"https:\/\/ialeman.cl\/wp-content\/uploads\/2025\/04\/SCHOKOFEST-2025-Instituto-Aleman-de-Puerto-Montt_0010_Brillo_contraste-2.jpg\" class=\"attachment-full size-full\" alt=\"\" srcset=\"https:\/\/ialeman.cl\/wp-content\/uploads\/2025\/04\/SCHOKOFEST-2025-Instituto-Aleman-de-Puerto-Montt_0010_Brillo_contraste-2.jpg 1200w, https:\/\/ialeman.cl\/wp-content\/uploads\/2025\/04\/SCHOKOFEST-2025-Instituto-Aleman-de-Puerto-Montt_0010_Brillo_contraste-2-300x200.jpg 300w, https:\/\/ialeman.cl\/wp-content\/uploads\/2025\/04\/SCHOKOFEST-2025-Instituto-Aleman-de-Puerto-Montt_0010_Brillo_contraste-2-1024x684.jpg 1024w, https:\/\/ialeman.cl\/wp-content\/uploads\/2025\/04\/SCHOKOFEST-2025-Instituto-Aleman-de-Puerto-Montt_0010_Brillo_contraste-2-768x513.jpg 768w\" sizes=\"(max-width: 1200px) 100vw, 1200px\" \/><\/a>\n\t\t\t<\/div><\/figure><figure class='gallery-item'>\n\t\t\t<div class='gallery-icon landscape'>\n\t\t\t\t<a data-elementor-open-lightbox=\"yes\" data-elementor-lightbox-slideshow=\"725301a\" data-elementor-lightbox-title=\"SCHOKOFEST 2025 Instituto Alem\u00e1n de Puerto Montt_0044_Niveles 8\" data-e-action-hash=\"#elementor-action%3Aaction%3Dlightbox%26settings%3DeyJpZCI6NDQwNDUsInVybCI6Imh0dHBzOlwvXC9pYWxlbWFuLmNsXC93cC1jb250ZW50XC91cGxvYWRzXC8yMDI1XC8wNFwvU0NIT0tPRkVTVC0yMDI1LUluc3RpdHV0by1BbGVtYW4tZGUtUHVlcnRvLU1vbnR0XzAwNDRfTml2ZWxlcy04LmpwZyIsInNsaWRlc2hvdyI6IjcyNTMwMWEifQ%3D%3D\" href='https:\/\/ialeman.cl\/wp-content\/uploads\/2025\/04\/SCHOKOFEST-2025-Instituto-Aleman-de-Puerto-Montt_0044_Niveles-8.jpg'><img loading=\"lazy\" decoding=\"async\" width=\"1200\" height=\"801\" src=\"https:\/\/ialeman.cl\/wp-content\/uploads\/2025\/04\/SCHOKOFEST-2025-Instituto-Aleman-de-Puerto-Montt_0044_Niveles-8.jpg\" class=\"attachment-full size-full\" alt=\"\" srcset=\"https:\/\/ialeman.cl\/wp-content\/uploads\/2025\/04\/SCHOKOFEST-2025-Instituto-Aleman-de-Puerto-Montt_0044_Niveles-8.jpg 1200w, https:\/\/ialeman.cl\/wp-content\/uploads\/2025\/04\/SCHOKOFEST-2025-Instituto-Aleman-de-Puerto-Montt_0044_Niveles-8-300x200.jpg 300w, https:\/\/ialeman.cl\/wp-content\/uploads\/2025\/04\/SCHOKOFEST-2025-Instituto-Aleman-de-Puerto-Montt_0044_Niveles-8-1024x684.jpg 1024w, https:\/\/ialeman.cl\/wp-content\/uploads\/2025\/04\/SCHOKOFEST-2025-Instituto-Aleman-de-Puerto-Montt_0044_Niveles-8-768x513.jpg 768w\" sizes=\"(max-width: 1200px) 100vw, 1200px\" \/><\/a>\n\t\t\t<\/div><\/figure><figure class='gallery-item'>\n\t\t\t<div class='gallery-icon landscape'>\n\t\t\t\t<a data-elementor-open-lightbox=\"yes\" data-elementor-lightbox-slideshow=\"725301a\" data-elementor-lightbox-title=\"SCHOKOFEST 2025 Instituto Alem\u00e1n de Puerto Montt_0003_Brillo_contraste 10\" data-e-action-hash=\"#elementor-action%3Aaction%3Dlightbox%26settings%3DeyJpZCI6NDQwMDMsInVybCI6Imh0dHBzOlwvXC9pYWxlbWFuLmNsXC93cC1jb250ZW50XC91cGxvYWRzXC8yMDI1XC8wNFwvU0NIT0tPRkVTVC0yMDI1LUluc3RpdHV0by1BbGVtYW4tZGUtUHVlcnRvLU1vbnR0XzAwMDNfQnJpbGxvX2NvbnRyYXN0ZS0xMC5qcGciLCJzbGlkZXNob3ciOiI3MjUzMDFhIn0%3D\" href='https:\/\/ialeman.cl\/wp-content\/uploads\/2025\/04\/SCHOKOFEST-2025-Instituto-Aleman-de-Puerto-Montt_0003_Brillo_contraste-10.jpg'><img loading=\"lazy\" decoding=\"async\" width=\"1200\" height=\"801\" src=\"https:\/\/ialeman.cl\/wp-content\/uploads\/2025\/04\/SCHOKOFEST-2025-Instituto-Aleman-de-Puerto-Montt_0003_Brillo_contraste-10.jpg\" class=\"attachment-full size-full\" alt=\"\" srcset=\"https:\/\/ialeman.cl\/wp-content\/uploads\/2025\/04\/SCHOKOFEST-2025-Instituto-Aleman-de-Puerto-Montt_0003_Brillo_contraste-10.jpg 1200w, https:\/\/ialeman.cl\/wp-content\/uploads\/2025\/04\/SCHOKOFEST-2025-Instituto-Aleman-de-Puerto-Montt_0003_Brillo_contraste-10-300x200.jpg 300w, https:\/\/ialeman.cl\/wp-content\/uploads\/2025\/04\/SCHOKOFEST-2025-Instituto-Aleman-de-Puerto-Montt_0003_Brillo_contraste-10-1024x684.jpg 1024w, https:\/\/ialeman.cl\/wp-content\/uploads\/2025\/04\/SCHOKOFEST-2025-Instituto-Aleman-de-Puerto-Montt_0003_Brillo_contraste-10-768x513.jpg 768w\" sizes=\"(max-width: 1200px) 100vw, 1200px\" \/><\/a>\n\t\t\t<\/div><\/figure><figure class='gallery-item'>\n\t\t\t<div class='gallery-icon landscape'>\n\t\t\t\t<a data-elementor-open-lightbox=\"yes\" data-elementor-lightbox-slideshow=\"725301a\" data-elementor-lightbox-title=\"SCHOKOFEST 2025 Instituto Alem\u00e1n de Puerto Montt_0007_DSC_4357\" data-e-action-hash=\"#elementor-action%3Aaction%3Dlightbox%26settings%3DeyJpZCI6NDQwMDcsInVybCI6Imh0dHBzOlwvXC9pYWxlbWFuLmNsXC93cC1jb250ZW50XC91cGxvYWRzXC8yMDI1XC8wNFwvU0NIT0tPRkVTVC0yMDI1LUluc3RpdHV0by1BbGVtYW4tZGUtUHVlcnRvLU1vbnR0XzAwMDdfRFNDXzQzNTcuanBnIiwic2xpZGVzaG93IjoiNzI1MzAxYSJ9\" href='https:\/\/ialeman.cl\/wp-content\/uploads\/2025\/04\/SCHOKOFEST-2025-Instituto-Aleman-de-Puerto-Montt_0007_DSC_4357.jpg'><img loading=\"lazy\" decoding=\"async\" width=\"1200\" height=\"801\" src=\"https:\/\/ialeman.cl\/wp-content\/uploads\/2025\/04\/SCHOKOFEST-2025-Instituto-Aleman-de-Puerto-Montt_0007_DSC_4357.jpg\" class=\"attachment-full size-full\" alt=\"\" srcset=\"https:\/\/ialeman.cl\/wp-content\/uploads\/2025\/04\/SCHOKOFEST-2025-Instituto-Aleman-de-Puerto-Montt_0007_DSC_4357.jpg 1200w, https:\/\/ialeman.cl\/wp-content\/uploads\/2025\/04\/SCHOKOFEST-2025-Instituto-Aleman-de-Puerto-Montt_0007_DSC_4357-300x200.jpg 300w, https:\/\/ialeman.cl\/wp-content\/uploads\/2025\/04\/SCHOKOFEST-2025-Instituto-Aleman-de-Puerto-Montt_0007_DSC_4357-1024x684.jpg 1024w, https:\/\/ialeman.cl\/wp-content\/uploads\/2025\/04\/SCHOKOFEST-2025-Instituto-Aleman-de-Puerto-Montt_0007_DSC_4357-768x513.jpg 768w\" sizes=\"(max-width: 1200px) 100vw, 1200px\" \/><\/a>\n\t\t\t<\/div><\/figure><figure class='gallery-item'>\n\t\t\t<div class='gallery-icon landscape'>\n\t\t\t\t<a data-elementor-open-lightbox=\"yes\" data-elementor-lightbox-slideshow=\"725301a\" data-elementor-lightbox-title=\"SCHOKOFEST 2025 Instituto Alem\u00e1n de Puerto Montt_0024_DSC_4311\" data-e-action-hash=\"#elementor-action%3Aaction%3Dlightbox%26settings%3DeyJpZCI6NDQwMjQsInVybCI6Imh0dHBzOlwvXC9pYWxlbWFuLmNsXC93cC1jb250ZW50XC91cGxvYWRzXC8yMDI1XC8wNFwvU0NIT0tPRkVTVC0yMDI1LUluc3RpdHV0by1BbGVtYW4tZGUtUHVlcnRvLU1vbnR0XzAwMjRfRFNDXzQzMTEuanBnIiwic2xpZGVzaG93IjoiNzI1MzAxYSJ9\" href='https:\/\/ialeman.cl\/wp-content\/uploads\/2025\/04\/SCHOKOFEST-2025-Instituto-Aleman-de-Puerto-Montt_0024_DSC_4311.jpg'><img loading=\"lazy\" decoding=\"async\" width=\"1200\" height=\"801\" src=\"https:\/\/ialeman.cl\/wp-content\/uploads\/2025\/04\/SCHOKOFEST-2025-Instituto-Aleman-de-Puerto-Montt_0024_DSC_4311.jpg\" class=\"attachment-full size-full\" alt=\"\" srcset=\"https:\/\/ialeman.cl\/wp-content\/uploads\/2025\/04\/SCHOKOFEST-2025-Instituto-Aleman-de-Puerto-Montt_0024_DSC_4311.jpg 1200w, https:\/\/ialeman.cl\/wp-content\/uploads\/2025\/04\/SCHOKOFEST-2025-Instituto-Aleman-de-Puerto-Montt_0024_DSC_4311-300x200.jpg 300w, https:\/\/ialeman.cl\/wp-content\/uploads\/2025\/04\/SCHOKOFEST-2025-Instituto-Aleman-de-Puerto-Montt_0024_DSC_4311-1024x684.jpg 1024w, https:\/\/ialeman.cl\/wp-content\/uploads\/2025\/04\/SCHOKOFEST-2025-Instituto-Aleman-de-Puerto-Montt_0024_DSC_4311-768x513.jpg 768w\" sizes=\"(max-width: 1200px) 100vw, 1200px\" \/><\/a>\n\t\t\t<\/div><\/figure><figure class='gallery-item'>\n\t\t\t<div class='gallery-icon landscape'>\n\t\t\t\t<a data-elementor-open-lightbox=\"yes\" data-elementor-lightbox-slideshow=\"725301a\" data-elementor-lightbox-title=\"SCHOKOFEST 2025 Instituto Alem\u00e1n de Puerto Montt_0011_DSC_4387\" data-e-action-hash=\"#elementor-action%3Aaction%3Dlightbox%26settings%3DeyJpZCI6NDQwMTEsInVybCI6Imh0dHBzOlwvXC9pYWxlbWFuLmNsXC93cC1jb250ZW50XC91cGxvYWRzXC8yMDI1XC8wNFwvU0NIT0tPRkVTVC0yMDI1LUluc3RpdHV0by1BbGVtYW4tZGUtUHVlcnRvLU1vbnR0XzAwMTFfRFNDXzQzODcuanBnIiwic2xpZGVzaG93IjoiNzI1MzAxYSJ9\" href='https:\/\/ialeman.cl\/wp-content\/uploads\/2025\/04\/SCHOKOFEST-2025-Instituto-Aleman-de-Puerto-Montt_0011_DSC_4387.jpg'><img loading=\"lazy\" decoding=\"async\" width=\"1200\" height=\"801\" src=\"https:\/\/ialeman.cl\/wp-content\/uploads\/2025\/04\/SCHOKOFEST-2025-Instituto-Aleman-de-Puerto-Montt_0011_DSC_4387.jpg\" class=\"attachment-full size-full\" alt=\"\" srcset=\"https:\/\/ialeman.cl\/wp-content\/uploads\/2025\/04\/SCHOKOFEST-2025-Instituto-Aleman-de-Puerto-Montt_0011_DSC_4387.jpg 1200w, https:\/\/ialeman.cl\/wp-content\/uploads\/2025\/04\/SCHOKOFEST-2025-Instituto-Aleman-de-Puerto-Montt_0011_DSC_4387-300x200.jpg 300w, https:\/\/ialeman.cl\/wp-content\/uploads\/2025\/04\/SCHOKOFEST-2025-Instituto-Aleman-de-Puerto-Montt_0011_DSC_4387-1024x684.jpg 1024w, https:\/\/ialeman.cl\/wp-content\/uploads\/2025\/04\/SCHOKOFEST-2025-Instituto-Aleman-de-Puerto-Montt_0011_DSC_4387-768x513.jpg 768w\" sizes=\"(max-width: 1200px) 100vw, 1200px\" \/><\/a>\n\t\t\t<\/div><\/figure><figure class='gallery-item'>\n\t\t\t<div class='gallery-icon landscape'>\n\t\t\t\t<a data-elementor-open-lightbox=\"yes\" data-elementor-lightbox-slideshow=\"725301a\" data-elementor-lightbox-title=\"SCHOKOFEST 2025 Instituto Alem\u00e1n de Puerto Montt_0022_Niveles 1\" data-e-action-hash=\"#elementor-action%3Aaction%3Dlightbox%26settings%3DeyJpZCI6NDQwMjIsInVybCI6Imh0dHBzOlwvXC9pYWxlbWFuLmNsXC93cC1jb250ZW50XC91cGxvYWRzXC8yMDI1XC8wNFwvU0NIT0tPRkVTVC0yMDI1LUluc3RpdHV0by1BbGVtYW4tZGUtUHVlcnRvLU1vbnR0XzAwMjJfTml2ZWxlcy0xLmpwZyIsInNsaWRlc2hvdyI6IjcyNTMwMWEifQ%3D%3D\" href='https:\/\/ialeman.cl\/wp-content\/uploads\/2025\/04\/SCHOKOFEST-2025-Instituto-Aleman-de-Puerto-Montt_0022_Niveles-1.jpg'><img loading=\"lazy\" decoding=\"async\" width=\"1200\" height=\"801\" src=\"https:\/\/ialeman.cl\/wp-content\/uploads\/2025\/04\/SCHOKOFEST-2025-Instituto-Aleman-de-Puerto-Montt_0022_Niveles-1.jpg\" class=\"attachment-full size-full\" alt=\"\" srcset=\"https:\/\/ialeman.cl\/wp-content\/uploads\/2025\/04\/SCHOKOFEST-2025-Instituto-Aleman-de-Puerto-Montt_0022_Niveles-1.jpg 1200w, https:\/\/ialeman.cl\/wp-content\/uploads\/2025\/04\/SCHOKOFEST-2025-Instituto-Aleman-de-Puerto-Montt_0022_Niveles-1-300x200.jpg 300w, https:\/\/ialeman.cl\/wp-content\/uploads\/2025\/04\/SCHOKOFEST-2025-Instituto-Aleman-de-Puerto-Montt_0022_Niveles-1-1024x684.jpg 1024w, https:\/\/ialeman.cl\/wp-content\/uploads\/2025\/04\/SCHOKOFEST-2025-Instituto-Aleman-de-Puerto-Montt_0022_Niveles-1-768x513.jpg 768w\" sizes=\"(max-width: 1200px) 100vw, 1200px\" \/><\/a>\n\t\t\t<\/div><\/figure><figure class='gallery-item'>\n\t\t\t<div class='gallery-icon landscape'>\n\t\t\t\t<a data-elementor-open-lightbox=\"yes\" data-elementor-lightbox-slideshow=\"725301a\" data-elementor-lightbox-title=\"SCHOKOFEST 2025 Instituto Alem\u00e1n de Puerto Montt_0008_DSC_4359\" data-e-action-hash=\"#elementor-action%3Aaction%3Dlightbox%26settings%3DeyJpZCI6NDQwMDgsInVybCI6Imh0dHBzOlwvXC9pYWxlbWFuLmNsXC93cC1jb250ZW50XC91cGxvYWRzXC8yMDI1XC8wNFwvU0NIT0tPRkVTVC0yMDI1LUluc3RpdHV0by1BbGVtYW4tZGUtUHVlcnRvLU1vbnR0XzAwMDhfRFNDXzQzNTkuanBnIiwic2xpZGVzaG93IjoiNzI1MzAxYSJ9\" href='https:\/\/ialeman.cl\/wp-content\/uploads\/2025\/04\/SCHOKOFEST-2025-Instituto-Aleman-de-Puerto-Montt_0008_DSC_4359.jpg'><img loading=\"lazy\" decoding=\"async\" width=\"1200\" height=\"801\" src=\"https:\/\/ialeman.cl\/wp-content\/uploads\/2025\/04\/SCHOKOFEST-2025-Instituto-Aleman-de-Puerto-Montt_0008_DSC_4359.jpg\" class=\"attachment-full size-full\" alt=\"\" srcset=\"https:\/\/ialeman.cl\/wp-content\/uploads\/2025\/04\/SCHOKOFEST-2025-Instituto-Aleman-de-Puerto-Montt_0008_DSC_4359.jpg 1200w, https:\/\/ialeman.cl\/wp-content\/uploads\/2025\/04\/SCHOKOFEST-2025-Instituto-Aleman-de-Puerto-Montt_0008_DSC_4359-300x200.jpg 300w, https:\/\/ialeman.cl\/wp-content\/uploads\/2025\/04\/SCHOKOFEST-2025-Instituto-Aleman-de-Puerto-Montt_0008_DSC_4359-1024x684.jpg 1024w, https:\/\/ialeman.cl\/wp-content\/uploads\/2025\/04\/SCHOKOFEST-2025-Instituto-Aleman-de-Puerto-Montt_0008_DSC_4359-768x513.jpg 768w\" sizes=\"(max-width: 1200px) 100vw, 1200px\" \/><\/a>\n\t\t\t<\/div><\/figure><figure class='gallery-item'>\n\t\t\t<div class='gallery-icon landscape'>\n\t\t\t\t<a data-elementor-open-lightbox=\"yes\" data-elementor-lightbox-slideshow=\"725301a\" data-elementor-lightbox-title=\"SCHOKOFEST 2025 Instituto Alem\u00e1n de Puerto Montt_0009_Niveles 10\" data-e-action-hash=\"#elementor-action%3Aaction%3Dlightbox%26settings%3DeyJpZCI6NDQwMDksInVybCI6Imh0dHBzOlwvXC9pYWxlbWFuLmNsXC93cC1jb250ZW50XC91cGxvYWRzXC8yMDI1XC8wNFwvU0NIT0tPRkVTVC0yMDI1LUluc3RpdHV0by1BbGVtYW4tZGUtUHVlcnRvLU1vbnR0XzAwMDlfTml2ZWxlcy0xMC5qcGciLCJzbGlkZXNob3ciOiI3MjUzMDFhIn0%3D\" href='https:\/\/ialeman.cl\/wp-content\/uploads\/2025\/04\/SCHOKOFEST-2025-Instituto-Aleman-de-Puerto-Montt_0009_Niveles-10.jpg'><img loading=\"lazy\" decoding=\"async\" width=\"1200\" height=\"801\" src=\"https:\/\/ialeman.cl\/wp-content\/uploads\/2025\/04\/SCHOKOFEST-2025-Instituto-Aleman-de-Puerto-Montt_0009_Niveles-10.jpg\" class=\"attachment-full size-full\" alt=\"\" srcset=\"https:\/\/ialeman.cl\/wp-content\/uploads\/2025\/04\/SCHOKOFEST-2025-Instituto-Aleman-de-Puerto-Montt_0009_Niveles-10.jpg 1200w, https:\/\/ialeman.cl\/wp-content\/uploads\/2025\/04\/SCHOKOFEST-2025-Instituto-Aleman-de-Puerto-Montt_0009_Niveles-10-300x200.jpg 300w, https:\/\/ialeman.cl\/wp-content\/uploads\/2025\/04\/SCHOKOFEST-2025-Instituto-Aleman-de-Puerto-Montt_0009_Niveles-10-1024x684.jpg 1024w, https:\/\/ialeman.cl\/wp-content\/uploads\/2025\/04\/SCHOKOFEST-2025-Instituto-Aleman-de-Puerto-Montt_0009_Niveles-10-768x513.jpg 768w\" sizes=\"(max-width: 1200px) 100vw, 1200px\" \/><\/a>\n\t\t\t<\/div><\/figure><figure class='gallery-item'>\n\t\t\t<div class='gallery-icon landscape'>\n\t\t\t\t<a data-elementor-open-lightbox=\"yes\" data-elementor-lightbox-slideshow=\"725301a\" data-elementor-lightbox-title=\"SCHOKOFEST 2025 Instituto Alem\u00e1n de Puerto Montt_0012_DSC_4346\" data-e-action-hash=\"#elementor-action%3Aaction%3Dlightbox%26settings%3DeyJpZCI6NDQwMTIsInVybCI6Imh0dHBzOlwvXC9pYWxlbWFuLmNsXC93cC1jb250ZW50XC91cGxvYWRzXC8yMDI1XC8wNFwvU0NIT0tPRkVTVC0yMDI1LUluc3RpdHV0by1BbGVtYW4tZGUtUHVlcnRvLU1vbnR0XzAwMTJfRFNDXzQzNDYuanBnIiwic2xpZGVzaG93IjoiNzI1MzAxYSJ9\" href='https:\/\/ialeman.cl\/wp-content\/uploads\/2025\/04\/SCHOKOFEST-2025-Instituto-Aleman-de-Puerto-Montt_0012_DSC_4346.jpg'><img loading=\"lazy\" decoding=\"async\" width=\"1200\" height=\"801\" src=\"https:\/\/ialeman.cl\/wp-content\/uploads\/2025\/04\/SCHOKOFEST-2025-Instituto-Aleman-de-Puerto-Montt_0012_DSC_4346.jpg\" class=\"attachment-full size-full\" alt=\"\" srcset=\"https:\/\/ialeman.cl\/wp-content\/uploads\/2025\/04\/SCHOKOFEST-2025-Instituto-Aleman-de-Puerto-Montt_0012_DSC_4346.jpg 1200w, https:\/\/ialeman.cl\/wp-content\/uploads\/2025\/04\/SCHOKOFEST-2025-Instituto-Aleman-de-Puerto-Montt_0012_DSC_4346-300x200.jpg 300w, https:\/\/ialeman.cl\/wp-content\/uploads\/2025\/04\/SCHOKOFEST-2025-Instituto-Aleman-de-Puerto-Montt_0012_DSC_4346-1024x684.jpg 1024w, https:\/\/ialeman.cl\/wp-content\/uploads\/2025\/04\/SCHOKOFEST-2025-Instituto-Aleman-de-Puerto-Montt_0012_DSC_4346-768x513.jpg 768w\" sizes=\"(max-width: 1200px) 100vw, 1200px\" \/><\/a>\n\t\t\t<\/div><\/figure><figure class='gallery-item'>\n\t\t\t<div class='gallery-icon landscape'>\n\t\t\t\t<a data-elementor-open-lightbox=\"yes\" data-elementor-lightbox-slideshow=\"725301a\" data-elementor-lightbox-title=\"SCHOKOFEST 2025 Instituto Alem\u00e1n de Puerto Montt_0031_DSC_4215\" data-e-action-hash=\"#elementor-action%3Aaction%3Dlightbox%26settings%3DeyJpZCI6NDQwMzEsInVybCI6Imh0dHBzOlwvXC9pYWxlbWFuLmNsXC93cC1jb250ZW50XC91cGxvYWRzXC8yMDI1XC8wNFwvU0NIT0tPRkVTVC0yMDI1LUluc3RpdHV0by1BbGVtYW4tZGUtUHVlcnRvLU1vbnR0XzAwMzFfRFNDXzQyMTUuanBnIiwic2xpZGVzaG93IjoiNzI1MzAxYSJ9\" href='https:\/\/ialeman.cl\/wp-content\/uploads\/2025\/04\/SCHOKOFEST-2025-Instituto-Aleman-de-Puerto-Montt_0031_DSC_4215.jpg'><img loading=\"lazy\" decoding=\"async\" width=\"1200\" height=\"801\" src=\"https:\/\/ialeman.cl\/wp-content\/uploads\/2025\/04\/SCHOKOFEST-2025-Instituto-Aleman-de-Puerto-Montt_0031_DSC_4215.jpg\" class=\"attachment-full size-full\" alt=\"\" srcset=\"https:\/\/ialeman.cl\/wp-content\/uploads\/2025\/04\/SCHOKOFEST-2025-Instituto-Aleman-de-Puerto-Montt_0031_DSC_4215.jpg 1200w, https:\/\/ialeman.cl\/wp-content\/uploads\/2025\/04\/SCHOKOFEST-2025-Instituto-Aleman-de-Puerto-Montt_0031_DSC_4215-300x200.jpg 300w, https:\/\/ialeman.cl\/wp-content\/uploads\/2025\/04\/SCHOKOFEST-2025-Instituto-Aleman-de-Puerto-Montt_0031_DSC_4215-1024x684.jpg 1024w, https:\/\/ialeman.cl\/wp-content\/uploads\/2025\/04\/SCHOKOFEST-2025-Instituto-Aleman-de-Puerto-Montt_0031_DSC_4215-768x513.jpg 768w\" sizes=\"(max-width: 1200px) 100vw, 1200px\" \/><\/a>\n\t\t\t<\/div><\/figure><figure class='gallery-item'>\n\t\t\t<div class='gallery-icon landscape'>\n\t\t\t\t<a data-elementor-open-lightbox=\"yes\" data-elementor-lightbox-slideshow=\"725301a\" data-elementor-lightbox-title=\"SCHOKOFEST 2025 Instituto Alem\u00e1n de Puerto Montt_0013_DSC_4375\" data-e-action-hash=\"#elementor-action%3Aaction%3Dlightbox%26settings%3DeyJpZCI6NDQwMTMsInVybCI6Imh0dHBzOlwvXC9pYWxlbWFuLmNsXC93cC1jb250ZW50XC91cGxvYWRzXC8yMDI1XC8wNFwvU0NIT0tPRkVTVC0yMDI1LUluc3RpdHV0by1BbGVtYW4tZGUtUHVlcnRvLU1vbnR0XzAwMTNfRFNDXzQzNzUuanBnIiwic2xpZGVzaG93IjoiNzI1MzAxYSJ9\" href='https:\/\/ialeman.cl\/wp-content\/uploads\/2025\/04\/SCHOKOFEST-2025-Instituto-Aleman-de-Puerto-Montt_0013_DSC_4375.jpg'><img loading=\"lazy\" decoding=\"async\" width=\"1200\" height=\"801\" src=\"https:\/\/ialeman.cl\/wp-content\/uploads\/2025\/04\/SCHOKOFEST-2025-Instituto-Aleman-de-Puerto-Montt_0013_DSC_4375.jpg\" class=\"attachment-full size-full\" alt=\"\" srcset=\"https:\/\/ialeman.cl\/wp-content\/uploads\/2025\/04\/SCHOKOFEST-2025-Instituto-Aleman-de-Puerto-Montt_0013_DSC_4375.jpg 1200w, https:\/\/ialeman.cl\/wp-content\/uploads\/2025\/04\/SCHOKOFEST-2025-Instituto-Aleman-de-Puerto-Montt_0013_DSC_4375-300x200.jpg 300w, https:\/\/ialeman.cl\/wp-content\/uploads\/2025\/04\/SCHOKOFEST-2025-Instituto-Aleman-de-Puerto-Montt_0013_DSC_4375-1024x684.jpg 1024w, https:\/\/ialeman.cl\/wp-content\/uploads\/2025\/04\/SCHOKOFEST-2025-Instituto-Aleman-de-Puerto-Montt_0013_DSC_4375-768x513.jpg 768w\" sizes=\"(max-width: 1200px) 100vw, 1200px\" \/><\/a>\n\t\t\t<\/div><\/figure><figure class='gallery-item'>\n\t\t\t<div class='gallery-icon landscape'>\n\t\t\t\t<a data-elementor-open-lightbox=\"yes\" data-elementor-lightbox-slideshow=\"725301a\" data-elementor-lightbox-title=\"SCHOKOFEST 2025 Instituto Alem\u00e1n de Puerto Montt_0014_Brillo_contraste 3\" data-e-action-hash=\"#elementor-action%3Aaction%3Dlightbox%26settings%3DeyJpZCI6NDQwMTQsInVybCI6Imh0dHBzOlwvXC9pYWxlbWFuLmNsXC93cC1jb250ZW50XC91cGxvYWRzXC8yMDI1XC8wNFwvU0NIT0tPRkVTVC0yMDI1LUluc3RpdHV0by1BbGVtYW4tZGUtUHVlcnRvLU1vbnR0XzAwMTRfQnJpbGxvX2NvbnRyYXN0ZS0zLmpwZyIsInNsaWRlc2hvdyI6IjcyNTMwMWEifQ%3D%3D\" href='https:\/\/ialeman.cl\/wp-content\/uploads\/2025\/04\/SCHOKOFEST-2025-Instituto-Aleman-de-Puerto-Montt_0014_Brillo_contraste-3.jpg'><img loading=\"lazy\" decoding=\"async\" width=\"1200\" height=\"801\" src=\"https:\/\/ialeman.cl\/wp-content\/uploads\/2025\/04\/SCHOKOFEST-2025-Instituto-Aleman-de-Puerto-Montt_0014_Brillo_contraste-3.jpg\" class=\"attachment-full size-full\" alt=\"\" srcset=\"https:\/\/ialeman.cl\/wp-content\/uploads\/2025\/04\/SCHOKOFEST-2025-Instituto-Aleman-de-Puerto-Montt_0014_Brillo_contraste-3.jpg 1200w, https:\/\/ialeman.cl\/wp-content\/uploads\/2025\/04\/SCHOKOFEST-2025-Instituto-Aleman-de-Puerto-Montt_0014_Brillo_contraste-3-300x200.jpg 300w, https:\/\/ialeman.cl\/wp-content\/uploads\/2025\/04\/SCHOKOFEST-2025-Instituto-Aleman-de-Puerto-Montt_0014_Brillo_contraste-3-1024x684.jpg 1024w, https:\/\/ialeman.cl\/wp-content\/uploads\/2025\/04\/SCHOKOFEST-2025-Instituto-Aleman-de-Puerto-Montt_0014_Brillo_contraste-3-768x513.jpg 768w\" sizes=\"(max-width: 1200px) 100vw, 1200px\" \/><\/a>\n\t\t\t<\/div><\/figure><figure class='gallery-item'>\n\t\t\t<div class='gallery-icon landscape'>\n\t\t\t\t<a data-elementor-open-lightbox=\"yes\" data-elementor-lightbox-slideshow=\"725301a\" data-elementor-lightbox-title=\"SCHOKOFEST 2025 Instituto Alem\u00e1n de Puerto Montt_0015_DSC_4331\" data-e-action-hash=\"#elementor-action%3Aaction%3Dlightbox%26settings%3DeyJpZCI6NDQwMTUsInVybCI6Imh0dHBzOlwvXC9pYWxlbWFuLmNsXC93cC1jb250ZW50XC91cGxvYWRzXC8yMDI1XC8wNFwvU0NIT0tPRkVTVC0yMDI1LUluc3RpdHV0by1BbGVtYW4tZGUtUHVlcnRvLU1vbnR0XzAwMTVfRFNDXzQzMzEuanBnIiwic2xpZGVzaG93IjoiNzI1MzAxYSJ9\" href='https:\/\/ialeman.cl\/wp-content\/uploads\/2025\/04\/SCHOKOFEST-2025-Instituto-Aleman-de-Puerto-Montt_0015_DSC_4331.jpg'><img loading=\"lazy\" decoding=\"async\" width=\"1200\" height=\"801\" src=\"https:\/\/ialeman.cl\/wp-content\/uploads\/2025\/04\/SCHOKOFEST-2025-Instituto-Aleman-de-Puerto-Montt_0015_DSC_4331.jpg\" class=\"attachment-full size-full\" alt=\"\" srcset=\"https:\/\/ialeman.cl\/wp-content\/uploads\/2025\/04\/SCHOKOFEST-2025-Instituto-Aleman-de-Puerto-Montt_0015_DSC_4331.jpg 1200w, https:\/\/ialeman.cl\/wp-content\/uploads\/2025\/04\/SCHOKOFEST-2025-Instituto-Aleman-de-Puerto-Montt_0015_DSC_4331-300x200.jpg 300w, https:\/\/ialeman.cl\/wp-content\/uploads\/2025\/04\/SCHOKOFEST-2025-Instituto-Aleman-de-Puerto-Montt_0015_DSC_4331-1024x684.jpg 1024w, https:\/\/ialeman.cl\/wp-content\/uploads\/2025\/04\/SCHOKOFEST-2025-Instituto-Aleman-de-Puerto-Montt_0015_DSC_4331-768x513.jpg 768w\" sizes=\"(max-width: 1200px) 100vw, 1200px\" \/><\/a>\n\t\t\t<\/div><\/figure><figure class='gallery-item'>\n\t\t\t<div class='gallery-icon landscape'>\n\t\t\t\t<a data-elementor-open-lightbox=\"yes\" data-elementor-lightbox-slideshow=\"725301a\" data-elementor-lightbox-title=\"SCHOKOFEST 2025 Instituto Alem\u00e1n de Puerto Montt_0016_Brillo_contraste 4\" data-e-action-hash=\"#elementor-action%3Aaction%3Dlightbox%26settings%3DeyJpZCI6NDQwMTYsInVybCI6Imh0dHBzOlwvXC9pYWxlbWFuLmNsXC93cC1jb250ZW50XC91cGxvYWRzXC8yMDI1XC8wNFwvU0NIT0tPRkVTVC0yMDI1LUluc3RpdHV0by1BbGVtYW4tZGUtUHVlcnRvLU1vbnR0XzAwMTZfQnJpbGxvX2NvbnRyYXN0ZS00LmpwZyIsInNsaWRlc2hvdyI6IjcyNTMwMWEifQ%3D%3D\" href='https:\/\/ialeman.cl\/wp-content\/uploads\/2025\/04\/SCHOKOFEST-2025-Instituto-Aleman-de-Puerto-Montt_0016_Brillo_contraste-4.jpg'><img loading=\"lazy\" decoding=\"async\" width=\"1200\" height=\"801\" src=\"https:\/\/ialeman.cl\/wp-content\/uploads\/2025\/04\/SCHOKOFEST-2025-Instituto-Aleman-de-Puerto-Montt_0016_Brillo_contraste-4.jpg\" class=\"attachment-full size-full\" alt=\"\" srcset=\"https:\/\/ialeman.cl\/wp-content\/uploads\/2025\/04\/SCHOKOFEST-2025-Instituto-Aleman-de-Puerto-Montt_0016_Brillo_contraste-4.jpg 1200w, https:\/\/ialeman.cl\/wp-content\/uploads\/2025\/04\/SCHOKOFEST-2025-Instituto-Aleman-de-Puerto-Montt_0016_Brillo_contraste-4-300x200.jpg 300w, https:\/\/ialeman.cl\/wp-content\/uploads\/2025\/04\/SCHOKOFEST-2025-Instituto-Aleman-de-Puerto-Montt_0016_Brillo_contraste-4-1024x684.jpg 1024w, https:\/\/ialeman.cl\/wp-content\/uploads\/2025\/04\/SCHOKOFEST-2025-Instituto-Aleman-de-Puerto-Montt_0016_Brillo_contraste-4-768x513.jpg 768w\" sizes=\"(max-width: 1200px) 100vw, 1200px\" \/><\/a>\n\t\t\t<\/div><\/figure><figure class='gallery-item'>\n\t\t\t<div class='gallery-icon landscape'>\n\t\t\t\t<a data-elementor-open-lightbox=\"yes\" data-elementor-lightbox-slideshow=\"725301a\" data-elementor-lightbox-title=\"SCHOKOFEST 2025 Instituto Alem\u00e1n de Puerto Montt_0017_Niveles 11\" data-e-action-hash=\"#elementor-action%3Aaction%3Dlightbox%26settings%3DeyJpZCI6NDQwMTcsInVybCI6Imh0dHBzOlwvXC9pYWxlbWFuLmNsXC93cC1jb250ZW50XC91cGxvYWRzXC8yMDI1XC8wNFwvU0NIT0tPRkVTVC0yMDI1LUluc3RpdHV0by1BbGVtYW4tZGUtUHVlcnRvLU1vbnR0XzAwMTdfTml2ZWxlcy0xMS5qcGciLCJzbGlkZXNob3ciOiI3MjUzMDFhIn0%3D\" href='https:\/\/ialeman.cl\/wp-content\/uploads\/2025\/04\/SCHOKOFEST-2025-Instituto-Aleman-de-Puerto-Montt_0017_Niveles-11.jpg'><img loading=\"lazy\" decoding=\"async\" width=\"1200\" height=\"801\" src=\"https:\/\/ialeman.cl\/wp-content\/uploads\/2025\/04\/SCHOKOFEST-2025-Instituto-Aleman-de-Puerto-Montt_0017_Niveles-11.jpg\" class=\"attachment-full size-full\" alt=\"\" srcset=\"https:\/\/ialeman.cl\/wp-content\/uploads\/2025\/04\/SCHOKOFEST-2025-Instituto-Aleman-de-Puerto-Montt_0017_Niveles-11.jpg 1200w, https:\/\/ialeman.cl\/wp-content\/uploads\/2025\/04\/SCHOKOFEST-2025-Instituto-Aleman-de-Puerto-Montt_0017_Niveles-11-300x200.jpg 300w, https:\/\/ialeman.cl\/wp-content\/uploads\/2025\/04\/SCHOKOFEST-2025-Instituto-Aleman-de-Puerto-Montt_0017_Niveles-11-1024x684.jpg 1024w, https:\/\/ialeman.cl\/wp-content\/uploads\/2025\/04\/SCHOKOFEST-2025-Instituto-Aleman-de-Puerto-Montt_0017_Niveles-11-768x513.jpg 768w\" sizes=\"(max-width: 1200px) 100vw, 1200px\" \/><\/a>\n\t\t\t<\/div><\/figure><figure class='gallery-item'>\n\t\t\t<div class='gallery-icon landscape'>\n\t\t\t\t<a data-elementor-open-lightbox=\"yes\" data-elementor-lightbox-slideshow=\"725301a\" data-elementor-lightbox-title=\"SCHOKOFEST 2025 Instituto Alem\u00e1n de Puerto Montt_0018_Brillo_contraste 5\" data-e-action-hash=\"#elementor-action%3Aaction%3Dlightbox%26settings%3DeyJpZCI6NDQwMTgsInVybCI6Imh0dHBzOlwvXC9pYWxlbWFuLmNsXC93cC1jb250ZW50XC91cGxvYWRzXC8yMDI1XC8wNFwvU0NIT0tPRkVTVC0yMDI1LUluc3RpdHV0by1BbGVtYW4tZGUtUHVlcnRvLU1vbnR0XzAwMThfQnJpbGxvX2NvbnRyYXN0ZS01LmpwZyIsInNsaWRlc2hvdyI6IjcyNTMwMWEifQ%3D%3D\" href='https:\/\/ialeman.cl\/wp-content\/uploads\/2025\/04\/SCHOKOFEST-2025-Instituto-Aleman-de-Puerto-Montt_0018_Brillo_contraste-5.jpg'><img loading=\"lazy\" decoding=\"async\" width=\"1200\" height=\"801\" src=\"https:\/\/ialeman.cl\/wp-content\/uploads\/2025\/04\/SCHOKOFEST-2025-Instituto-Aleman-de-Puerto-Montt_0018_Brillo_contraste-5.jpg\" class=\"attachment-full size-full\" alt=\"\" srcset=\"https:\/\/ialeman.cl\/wp-content\/uploads\/2025\/04\/SCHOKOFEST-2025-Instituto-Aleman-de-Puerto-Montt_0018_Brillo_contraste-5.jpg 1200w, https:\/\/ialeman.cl\/wp-content\/uploads\/2025\/04\/SCHOKOFEST-2025-Instituto-Aleman-de-Puerto-Montt_0018_Brillo_contraste-5-300x200.jpg 300w, https:\/\/ialeman.cl\/wp-content\/uploads\/2025\/04\/SCHOKOFEST-2025-Instituto-Aleman-de-Puerto-Montt_0018_Brillo_contraste-5-1024x684.jpg 1024w, https:\/\/ialeman.cl\/wp-content\/uploads\/2025\/04\/SCHOKOFEST-2025-Instituto-Aleman-de-Puerto-Montt_0018_Brillo_contraste-5-768x513.jpg 768w\" sizes=\"(max-width: 1200px) 100vw, 1200px\" \/><\/a>\n\t\t\t<\/div><\/figure><figure class='gallery-item'>\n\t\t\t<div class='gallery-icon landscape'>\n\t\t\t\t<a data-elementor-open-lightbox=\"yes\" data-elementor-lightbox-slideshow=\"725301a\" data-elementor-lightbox-title=\"SCHOKOFEST 2025 Instituto Alem\u00e1n de Puerto Montt_0019_DSC_4236\" data-e-action-hash=\"#elementor-action%3Aaction%3Dlightbox%26settings%3DeyJpZCI6NDQwMTksInVybCI6Imh0dHBzOlwvXC9pYWxlbWFuLmNsXC93cC1jb250ZW50XC91cGxvYWRzXC8yMDI1XC8wNFwvU0NIT0tPRkVTVC0yMDI1LUluc3RpdHV0by1BbGVtYW4tZGUtUHVlcnRvLU1vbnR0XzAwMTlfRFNDXzQyMzYuanBnIiwic2xpZGVzaG93IjoiNzI1MzAxYSJ9\" href='https:\/\/ialeman.cl\/wp-content\/uploads\/2025\/04\/SCHOKOFEST-2025-Instituto-Aleman-de-Puerto-Montt_0019_DSC_4236.jpg'><img loading=\"lazy\" decoding=\"async\" width=\"1200\" height=\"801\" src=\"https:\/\/ialeman.cl\/wp-content\/uploads\/2025\/04\/SCHOKOFEST-2025-Instituto-Aleman-de-Puerto-Montt_0019_DSC_4236.jpg\" class=\"attachment-full size-full\" alt=\"\" srcset=\"https:\/\/ialeman.cl\/wp-content\/uploads\/2025\/04\/SCHOKOFEST-2025-Instituto-Aleman-de-Puerto-Montt_0019_DSC_4236.jpg 1200w, https:\/\/ialeman.cl\/wp-content\/uploads\/2025\/04\/SCHOKOFEST-2025-Instituto-Aleman-de-Puerto-Montt_0019_DSC_4236-300x200.jpg 300w, https:\/\/ialeman.cl\/wp-content\/uploads\/2025\/04\/SCHOKOFEST-2025-Instituto-Aleman-de-Puerto-Montt_0019_DSC_4236-1024x684.jpg 1024w, https:\/\/ialeman.cl\/wp-content\/uploads\/2025\/04\/SCHOKOFEST-2025-Instituto-Aleman-de-Puerto-Montt_0019_DSC_4236-768x513.jpg 768w\" sizes=\"(max-width: 1200px) 100vw, 1200px\" \/><\/a>\n\t\t\t<\/div><\/figure><figure class='gallery-item'>\n\t\t\t<div class='gallery-icon landscape'>\n\t\t\t\t<a data-elementor-open-lightbox=\"yes\" data-elementor-lightbox-slideshow=\"725301a\" data-elementor-lightbox-title=\"SCHOKOFEST 2025 Instituto Alem\u00e1n de Puerto Montt_0020_Brillo_contraste 6\" data-e-action-hash=\"#elementor-action%3Aaction%3Dlightbox%26settings%3DeyJpZCI6NDQwMjAsInVybCI6Imh0dHBzOlwvXC9pYWxlbWFuLmNsXC93cC1jb250ZW50XC91cGxvYWRzXC8yMDI1XC8wNFwvU0NIT0tPRkVTVC0yMDI1LUluc3RpdHV0by1BbGVtYW4tZGUtUHVlcnRvLU1vbnR0XzAwMjBfQnJpbGxvX2NvbnRyYXN0ZS02LmpwZyIsInNsaWRlc2hvdyI6IjcyNTMwMWEifQ%3D%3D\" href='https:\/\/ialeman.cl\/wp-content\/uploads\/2025\/04\/SCHOKOFEST-2025-Instituto-Aleman-de-Puerto-Montt_0020_Brillo_contraste-6.jpg'><img loading=\"lazy\" decoding=\"async\" width=\"1200\" height=\"801\" src=\"https:\/\/ialeman.cl\/wp-content\/uploads\/2025\/04\/SCHOKOFEST-2025-Instituto-Aleman-de-Puerto-Montt_0020_Brillo_contraste-6.jpg\" class=\"attachment-full size-full\" alt=\"\" srcset=\"https:\/\/ialeman.cl\/wp-content\/uploads\/2025\/04\/SCHOKOFEST-2025-Instituto-Aleman-de-Puerto-Montt_0020_Brillo_contraste-6.jpg 1200w, https:\/\/ialeman.cl\/wp-content\/uploads\/2025\/04\/SCHOKOFEST-2025-Instituto-Aleman-de-Puerto-Montt_0020_Brillo_contraste-6-300x200.jpg 300w, https:\/\/ialeman.cl\/wp-content\/uploads\/2025\/04\/SCHOKOFEST-2025-Instituto-Aleman-de-Puerto-Montt_0020_Brillo_contraste-6-1024x684.jpg 1024w, https:\/\/ialeman.cl\/wp-content\/uploads\/2025\/04\/SCHOKOFEST-2025-Instituto-Aleman-de-Puerto-Montt_0020_Brillo_contraste-6-768x513.jpg 768w\" sizes=\"(max-width: 1200px) 100vw, 1200px\" \/><\/a>\n\t\t\t<\/div><\/figure><figure class='gallery-item'>\n\t\t\t<div class='gallery-icon landscape'>\n\t\t\t\t<a data-elementor-open-lightbox=\"yes\" data-elementor-lightbox-slideshow=\"725301a\" data-elementor-lightbox-title=\"SCHOKOFEST 2025 Instituto Alem\u00e1n de Puerto Montt_0023_Niveles 2\" data-e-action-hash=\"#elementor-action%3Aaction%3Dlightbox%26settings%3DeyJpZCI6NDQwMjMsInVybCI6Imh0dHBzOlwvXC9pYWxlbWFuLmNsXC93cC1jb250ZW50XC91cGxvYWRzXC8yMDI1XC8wNFwvU0NIT0tPRkVTVC0yMDI1LUluc3RpdHV0by1BbGVtYW4tZGUtUHVlcnRvLU1vbnR0XzAwMjNfTml2ZWxlcy0yLmpwZyIsInNsaWRlc2hvdyI6IjcyNTMwMWEifQ%3D%3D\" href='https:\/\/ialeman.cl\/wp-content\/uploads\/2025\/04\/SCHOKOFEST-2025-Instituto-Aleman-de-Puerto-Montt_0023_Niveles-2.jpg'><img loading=\"lazy\" decoding=\"async\" width=\"1200\" height=\"801\" src=\"https:\/\/ialeman.cl\/wp-content\/uploads\/2025\/04\/SCHOKOFEST-2025-Instituto-Aleman-de-Puerto-Montt_0023_Niveles-2.jpg\" class=\"attachment-full size-full\" alt=\"\" srcset=\"https:\/\/ialeman.cl\/wp-content\/uploads\/2025\/04\/SCHOKOFEST-2025-Instituto-Aleman-de-Puerto-Montt_0023_Niveles-2.jpg 1200w, https:\/\/ialeman.cl\/wp-content\/uploads\/2025\/04\/SCHOKOFEST-2025-Instituto-Aleman-de-Puerto-Montt_0023_Niveles-2-300x200.jpg 300w, https:\/\/ialeman.cl\/wp-content\/uploads\/2025\/04\/SCHOKOFEST-2025-Instituto-Aleman-de-Puerto-Montt_0023_Niveles-2-1024x684.jpg 1024w, https:\/\/ialeman.cl\/wp-content\/uploads\/2025\/04\/SCHOKOFEST-2025-Instituto-Aleman-de-Puerto-Montt_0023_Niveles-2-768x513.jpg 768w\" sizes=\"(max-width: 1200px) 100vw, 1200px\" \/><\/a>\n\t\t\t<\/div><\/figure><figure class='gallery-item'>\n\t\t\t<div class='gallery-icon landscape'>\n\t\t\t\t<a data-elementor-open-lightbox=\"yes\" data-elementor-lightbox-slideshow=\"725301a\" data-elementor-lightbox-title=\"SCHOKOFEST 2025 Instituto Alem\u00e1n de Puerto Montt_0025_DSC_4286\" data-e-action-hash=\"#elementor-action%3Aaction%3Dlightbox%26settings%3DeyJpZCI6NDQwMjUsInVybCI6Imh0dHBzOlwvXC9pYWxlbWFuLmNsXC93cC1jb250ZW50XC91cGxvYWRzXC8yMDI1XC8wNFwvU0NIT0tPRkVTVC0yMDI1LUluc3RpdHV0by1BbGVtYW4tZGUtUHVlcnRvLU1vbnR0XzAwMjVfRFNDXzQyODYuanBnIiwic2xpZGVzaG93IjoiNzI1MzAxYSJ9\" href='https:\/\/ialeman.cl\/wp-content\/uploads\/2025\/04\/SCHOKOFEST-2025-Instituto-Aleman-de-Puerto-Montt_0025_DSC_4286.jpg'><img loading=\"lazy\" decoding=\"async\" width=\"1200\" height=\"801\" src=\"https:\/\/ialeman.cl\/wp-content\/uploads\/2025\/04\/SCHOKOFEST-2025-Instituto-Aleman-de-Puerto-Montt_0025_DSC_4286.jpg\" class=\"attachment-full size-full\" alt=\"\" srcset=\"https:\/\/ialeman.cl\/wp-content\/uploads\/2025\/04\/SCHOKOFEST-2025-Instituto-Aleman-de-Puerto-Montt_0025_DSC_4286.jpg 1200w, https:\/\/ialeman.cl\/wp-content\/uploads\/2025\/04\/SCHOKOFEST-2025-Instituto-Aleman-de-Puerto-Montt_0025_DSC_4286-300x200.jpg 300w, https:\/\/ialeman.cl\/wp-content\/uploads\/2025\/04\/SCHOKOFEST-2025-Instituto-Aleman-de-Puerto-Montt_0025_DSC_4286-1024x684.jpg 1024w, https:\/\/ialeman.cl\/wp-content\/uploads\/2025\/04\/SCHOKOFEST-2025-Instituto-Aleman-de-Puerto-Montt_0025_DSC_4286-768x513.jpg 768w\" sizes=\"(max-width: 1200px) 100vw, 1200px\" \/><\/a>\n\t\t\t<\/div><\/figure><figure class='gallery-item'>\n\t\t\t<div class='gallery-icon landscape'>\n\t\t\t\t<a data-elementor-open-lightbox=\"yes\" data-elementor-lightbox-slideshow=\"725301a\" data-elementor-lightbox-title=\"SCHOKOFEST 2025 Instituto Alem\u00e1n de Puerto Montt_0026_DSC_4280\" data-e-action-hash=\"#elementor-action%3Aaction%3Dlightbox%26settings%3DeyJpZCI6NDQwMjYsInVybCI6Imh0dHBzOlwvXC9pYWxlbWFuLmNsXC93cC1jb250ZW50XC91cGxvYWRzXC8yMDI1XC8wNFwvU0NIT0tPRkVTVC0yMDI1LUluc3RpdHV0by1BbGVtYW4tZGUtUHVlcnRvLU1vbnR0XzAwMjZfRFNDXzQyODAuanBnIiwic2xpZGVzaG93IjoiNzI1MzAxYSJ9\" href='https:\/\/ialeman.cl\/wp-content\/uploads\/2025\/04\/SCHOKOFEST-2025-Instituto-Aleman-de-Puerto-Montt_0026_DSC_4280.jpg'><img loading=\"lazy\" decoding=\"async\" width=\"1200\" height=\"801\" src=\"https:\/\/ialeman.cl\/wp-content\/uploads\/2025\/04\/SCHOKOFEST-2025-Instituto-Aleman-de-Puerto-Montt_0026_DSC_4280.jpg\" class=\"attachment-full size-full\" alt=\"\" srcset=\"https:\/\/ialeman.cl\/wp-content\/uploads\/2025\/04\/SCHOKOFEST-2025-Instituto-Aleman-de-Puerto-Montt_0026_DSC_4280.jpg 1200w, https:\/\/ialeman.cl\/wp-content\/uploads\/2025\/04\/SCHOKOFEST-2025-Instituto-Aleman-de-Puerto-Montt_0026_DSC_4280-300x200.jpg 300w, https:\/\/ialeman.cl\/wp-content\/uploads\/2025\/04\/SCHOKOFEST-2025-Instituto-Aleman-de-Puerto-Montt_0026_DSC_4280-1024x684.jpg 1024w, https:\/\/ialeman.cl\/wp-content\/uploads\/2025\/04\/SCHOKOFEST-2025-Instituto-Aleman-de-Puerto-Montt_0026_DSC_4280-768x513.jpg 768w\" sizes=\"(max-width: 1200px) 100vw, 1200px\" \/><\/a>\n\t\t\t<\/div><\/figure><figure class='gallery-item'>\n\t\t\t<div class='gallery-icon landscape'>\n\t\t\t\t<a data-elementor-open-lightbox=\"yes\" data-elementor-lightbox-slideshow=\"725301a\" data-elementor-lightbox-title=\"SCHOKOFEST 2025 Instituto Alem\u00e1n de Puerto Montt_0027_DSC_4277\" data-e-action-hash=\"#elementor-action%3Aaction%3Dlightbox%26settings%3DeyJpZCI6NDQwMjcsInVybCI6Imh0dHBzOlwvXC9pYWxlbWFuLmNsXC93cC1jb250ZW50XC91cGxvYWRzXC8yMDI1XC8wNFwvU0NIT0tPRkVTVC0yMDI1LUluc3RpdHV0by1BbGVtYW4tZGUtUHVlcnRvLU1vbnR0XzAwMjdfRFNDXzQyNzcuanBnIiwic2xpZGVzaG93IjoiNzI1MzAxYSJ9\" href='https:\/\/ialeman.cl\/wp-content\/uploads\/2025\/04\/SCHOKOFEST-2025-Instituto-Aleman-de-Puerto-Montt_0027_DSC_4277.jpg'><img loading=\"lazy\" decoding=\"async\" width=\"1200\" height=\"801\" src=\"https:\/\/ialeman.cl\/wp-content\/uploads\/2025\/04\/SCHOKOFEST-2025-Instituto-Aleman-de-Puerto-Montt_0027_DSC_4277.jpg\" class=\"attachment-full size-full\" alt=\"\" srcset=\"https:\/\/ialeman.cl\/wp-content\/uploads\/2025\/04\/SCHOKOFEST-2025-Instituto-Aleman-de-Puerto-Montt_0027_DSC_4277.jpg 1200w, https:\/\/ialeman.cl\/wp-content\/uploads\/2025\/04\/SCHOKOFEST-2025-Instituto-Aleman-de-Puerto-Montt_0027_DSC_4277-300x200.jpg 300w, https:\/\/ialeman.cl\/wp-content\/uploads\/2025\/04\/SCHOKOFEST-2025-Instituto-Aleman-de-Puerto-Montt_0027_DSC_4277-1024x684.jpg 1024w, https:\/\/ialeman.cl\/wp-content\/uploads\/2025\/04\/SCHOKOFEST-2025-Instituto-Aleman-de-Puerto-Montt_0027_DSC_4277-768x513.jpg 768w\" sizes=\"(max-width: 1200px) 100vw, 1200px\" \/><\/a>\n\t\t\t<\/div><\/figure><figure class='gallery-item'>\n\t\t\t<div class='gallery-icon landscape'>\n\t\t\t\t<a data-elementor-open-lightbox=\"yes\" data-elementor-lightbox-slideshow=\"725301a\" data-elementor-lightbox-title=\"SCHOKOFEST 2025 Instituto Alem\u00e1n de Puerto Montt_0028_Brillo_contraste 13\" data-e-action-hash=\"#elementor-action%3Aaction%3Dlightbox%26settings%3DeyJpZCI6NDQwMjgsInVybCI6Imh0dHBzOlwvXC9pYWxlbWFuLmNsXC93cC1jb250ZW50XC91cGxvYWRzXC8yMDI1XC8wNFwvU0NIT0tPRkVTVC0yMDI1LUluc3RpdHV0by1BbGVtYW4tZGUtUHVlcnRvLU1vbnR0XzAwMjhfQnJpbGxvX2NvbnRyYXN0ZS0xMy5qcGciLCJzbGlkZXNob3ciOiI3MjUzMDFhIn0%3D\" href='https:\/\/ialeman.cl\/wp-content\/uploads\/2025\/04\/SCHOKOFEST-2025-Instituto-Aleman-de-Puerto-Montt_0028_Brillo_contraste-13.jpg'><img loading=\"lazy\" decoding=\"async\" width=\"1200\" height=\"801\" src=\"https:\/\/ialeman.cl\/wp-content\/uploads\/2025\/04\/SCHOKOFEST-2025-Instituto-Aleman-de-Puerto-Montt_0028_Brillo_contraste-13.jpg\" class=\"attachment-full size-full\" alt=\"\" srcset=\"https:\/\/ialeman.cl\/wp-content\/uploads\/2025\/04\/SCHOKOFEST-2025-Instituto-Aleman-de-Puerto-Montt_0028_Brillo_contraste-13.jpg 1200w, https:\/\/ialeman.cl\/wp-content\/uploads\/2025\/04\/SCHOKOFEST-2025-Instituto-Aleman-de-Puerto-Montt_0028_Brillo_contraste-13-300x200.jpg 300w, https:\/\/ialeman.cl\/wp-content\/uploads\/2025\/04\/SCHOKOFEST-2025-Instituto-Aleman-de-Puerto-Montt_0028_Brillo_contraste-13-1024x684.jpg 1024w, https:\/\/ialeman.cl\/wp-content\/uploads\/2025\/04\/SCHOKOFEST-2025-Instituto-Aleman-de-Puerto-Montt_0028_Brillo_contraste-13-768x513.jpg 768w\" sizes=\"(max-width: 1200px) 100vw, 1200px\" \/><\/a>\n\t\t\t<\/div><\/figure><figure class='gallery-item'>\n\t\t\t<div class='gallery-icon landscape'>\n\t\t\t\t<a data-elementor-open-lightbox=\"yes\" data-elementor-lightbox-slideshow=\"725301a\" data-elementor-lightbox-title=\"SCHOKOFEST 2025 Instituto Alem\u00e1n de Puerto Montt_0030_Niveles 17\" data-e-action-hash=\"#elementor-action%3Aaction%3Dlightbox%26settings%3DeyJpZCI6NDQwMzAsInVybCI6Imh0dHBzOlwvXC9pYWxlbWFuLmNsXC93cC1jb250ZW50XC91cGxvYWRzXC8yMDI1XC8wNFwvU0NIT0tPRkVTVC0yMDI1LUluc3RpdHV0by1BbGVtYW4tZGUtUHVlcnRvLU1vbnR0XzAwMzBfTml2ZWxlcy0xNy5qcGciLCJzbGlkZXNob3ciOiI3MjUzMDFhIn0%3D\" href='https:\/\/ialeman.cl\/wp-content\/uploads\/2025\/04\/SCHOKOFEST-2025-Instituto-Aleman-de-Puerto-Montt_0030_Niveles-17.jpg'><img loading=\"lazy\" decoding=\"async\" width=\"1200\" height=\"801\" src=\"https:\/\/ialeman.cl\/wp-content\/uploads\/2025\/04\/SCHOKOFEST-2025-Instituto-Aleman-de-Puerto-Montt_0030_Niveles-17.jpg\" class=\"attachment-full size-full\" alt=\"\" srcset=\"https:\/\/ialeman.cl\/wp-content\/uploads\/2025\/04\/SCHOKOFEST-2025-Instituto-Aleman-de-Puerto-Montt_0030_Niveles-17.jpg 1200w, https:\/\/ialeman.cl\/wp-content\/uploads\/2025\/04\/SCHOKOFEST-2025-Instituto-Aleman-de-Puerto-Montt_0030_Niveles-17-300x200.jpg 300w, https:\/\/ialeman.cl\/wp-content\/uploads\/2025\/04\/SCHOKOFEST-2025-Instituto-Aleman-de-Puerto-Montt_0030_Niveles-17-1024x684.jpg 1024w, https:\/\/ialeman.cl\/wp-content\/uploads\/2025\/04\/SCHOKOFEST-2025-Instituto-Aleman-de-Puerto-Montt_0030_Niveles-17-768x513.jpg 768w\" sizes=\"(max-width: 1200px) 100vw, 1200px\" \/><\/a>\n\t\t\t<\/div><\/figure><figure class='gallery-item'>\n\t\t\t<div class='gallery-icon landscape'>\n\t\t\t\t<a data-elementor-open-lightbox=\"yes\" data-elementor-lightbox-slideshow=\"725301a\" data-elementor-lightbox-title=\"SCHOKOFEST 2025 Instituto Alem\u00e1n de Puerto Montt_0032_Brillo_contraste 8\" data-e-action-hash=\"#elementor-action%3Aaction%3Dlightbox%26settings%3DeyJpZCI6NDQwMzIsInVybCI6Imh0dHBzOlwvXC9pYWxlbWFuLmNsXC93cC1jb250ZW50XC91cGxvYWRzXC8yMDI1XC8wNFwvU0NIT0tPRkVTVC0yMDI1LUluc3RpdHV0by1BbGVtYW4tZGUtUHVlcnRvLU1vbnR0XzAwMzJfQnJpbGxvX2NvbnRyYXN0ZS04LmpwZyIsInNsaWRlc2hvdyI6IjcyNTMwMWEifQ%3D%3D\" href='https:\/\/ialeman.cl\/wp-content\/uploads\/2025\/04\/SCHOKOFEST-2025-Instituto-Aleman-de-Puerto-Montt_0032_Brillo_contraste-8.jpg'><img loading=\"lazy\" decoding=\"async\" width=\"1200\" height=\"801\" src=\"https:\/\/ialeman.cl\/wp-content\/uploads\/2025\/04\/SCHOKOFEST-2025-Instituto-Aleman-de-Puerto-Montt_0032_Brillo_contraste-8.jpg\" class=\"attachment-full size-full\" alt=\"\" srcset=\"https:\/\/ialeman.cl\/wp-content\/uploads\/2025\/04\/SCHOKOFEST-2025-Instituto-Aleman-de-Puerto-Montt_0032_Brillo_contraste-8.jpg 1200w, https:\/\/ialeman.cl\/wp-content\/uploads\/2025\/04\/SCHOKOFEST-2025-Instituto-Aleman-de-Puerto-Montt_0032_Brillo_contraste-8-300x200.jpg 300w, https:\/\/ialeman.cl\/wp-content\/uploads\/2025\/04\/SCHOKOFEST-2025-Instituto-Aleman-de-Puerto-Montt_0032_Brillo_contraste-8-1024x684.jpg 1024w, https:\/\/ialeman.cl\/wp-content\/uploads\/2025\/04\/SCHOKOFEST-2025-Instituto-Aleman-de-Puerto-Montt_0032_Brillo_contraste-8-768x513.jpg 768w\" sizes=\"(max-width: 1200px) 100vw, 1200px\" \/><\/a>\n\t\t\t<\/div><\/figure><figure class='gallery-item'>\n\t\t\t<div class='gallery-icon landscape'>\n\t\t\t\t<a data-elementor-open-lightbox=\"yes\" data-elementor-lightbox-slideshow=\"725301a\" data-elementor-lightbox-title=\"SCHOKOFEST 2025 Instituto Alem\u00e1n de Puerto Montt_0033_DSC_4266\" data-e-action-hash=\"#elementor-action%3Aaction%3Dlightbox%26settings%3DeyJpZCI6NDQwMzMsInVybCI6Imh0dHBzOlwvXC9pYWxlbWFuLmNsXC93cC1jb250ZW50XC91cGxvYWRzXC8yMDI1XC8wNFwvU0NIT0tPRkVTVC0yMDI1LUluc3RpdHV0by1BbGVtYW4tZGUtUHVlcnRvLU1vbnR0XzAwMzNfRFNDXzQyNjYuanBnIiwic2xpZGVzaG93IjoiNzI1MzAxYSJ9\" href='https:\/\/ialeman.cl\/wp-content\/uploads\/2025\/04\/SCHOKOFEST-2025-Instituto-Aleman-de-Puerto-Montt_0033_DSC_4266.jpg'><img loading=\"lazy\" decoding=\"async\" width=\"1200\" height=\"801\" src=\"https:\/\/ialeman.cl\/wp-content\/uploads\/2025\/04\/SCHOKOFEST-2025-Instituto-Aleman-de-Puerto-Montt_0033_DSC_4266.jpg\" class=\"attachment-full size-full\" alt=\"\" srcset=\"https:\/\/ialeman.cl\/wp-content\/uploads\/2025\/04\/SCHOKOFEST-2025-Instituto-Aleman-de-Puerto-Montt_0033_DSC_4266.jpg 1200w, https:\/\/ialeman.cl\/wp-content\/uploads\/2025\/04\/SCHOKOFEST-2025-Instituto-Aleman-de-Puerto-Montt_0033_DSC_4266-300x200.jpg 300w, https:\/\/ialeman.cl\/wp-content\/uploads\/2025\/04\/SCHOKOFEST-2025-Instituto-Aleman-de-Puerto-Montt_0033_DSC_4266-1024x684.jpg 1024w, https:\/\/ialeman.cl\/wp-content\/uploads\/2025\/04\/SCHOKOFEST-2025-Instituto-Aleman-de-Puerto-Montt_0033_DSC_4266-768x513.jpg 768w\" sizes=\"(max-width: 1200px) 100vw, 1200px\" \/><\/a>\n\t\t\t<\/div><\/figure><figure class='gallery-item'>\n\t\t\t<div class='gallery-icon landscape'>\n\t\t\t\t<a data-elementor-open-lightbox=\"yes\" data-elementor-lightbox-slideshow=\"725301a\" data-elementor-lightbox-title=\"SCHOKOFEST 2025 Instituto Alem\u00e1n de Puerto Montt_0034_DSC_4260\" data-e-action-hash=\"#elementor-action%3Aaction%3Dlightbox%26settings%3DeyJpZCI6NDQwMzQsInVybCI6Imh0dHBzOlwvXC9pYWxlbWFuLmNsXC93cC1jb250ZW50XC91cGxvYWRzXC8yMDI1XC8wNFwvU0NIT0tPRkVTVC0yMDI1LUluc3RpdHV0by1BbGVtYW4tZGUtUHVlcnRvLU1vbnR0XzAwMzRfRFNDXzQyNjAuanBnIiwic2xpZGVzaG93IjoiNzI1MzAxYSJ9\" href='https:\/\/ialeman.cl\/wp-content\/uploads\/2025\/04\/SCHOKOFEST-2025-Instituto-Aleman-de-Puerto-Montt_0034_DSC_4260.jpg'><img loading=\"lazy\" decoding=\"async\" width=\"1200\" height=\"801\" src=\"https:\/\/ialeman.cl\/wp-content\/uploads\/2025\/04\/SCHOKOFEST-2025-Instituto-Aleman-de-Puerto-Montt_0034_DSC_4260.jpg\" class=\"attachment-full size-full\" alt=\"\" srcset=\"https:\/\/ialeman.cl\/wp-content\/uploads\/2025\/04\/SCHOKOFEST-2025-Instituto-Aleman-de-Puerto-Montt_0034_DSC_4260.jpg 1200w, https:\/\/ialeman.cl\/wp-content\/uploads\/2025\/04\/SCHOKOFEST-2025-Instituto-Aleman-de-Puerto-Montt_0034_DSC_4260-300x200.jpg 300w, https:\/\/ialeman.cl\/wp-content\/uploads\/2025\/04\/SCHOKOFEST-2025-Instituto-Aleman-de-Puerto-Montt_0034_DSC_4260-1024x684.jpg 1024w, https:\/\/ialeman.cl\/wp-content\/uploads\/2025\/04\/SCHOKOFEST-2025-Instituto-Aleman-de-Puerto-Montt_0034_DSC_4260-768x513.jpg 768w\" sizes=\"(max-width: 1200px) 100vw, 1200px\" \/><\/a>\n\t\t\t<\/div><\/figure><figure class='gallery-item'>\n\t\t\t<div class='gallery-icon landscape'>\n\t\t\t\t<a data-elementor-open-lightbox=\"yes\" data-elementor-lightbox-slideshow=\"725301a\" data-elementor-lightbox-title=\"SCHOKOFEST 2025 Instituto Alem\u00e1n de Puerto Montt_0035_DSC_4257\" data-e-action-hash=\"#elementor-action%3Aaction%3Dlightbox%26settings%3DeyJpZCI6NDQwMzUsInVybCI6Imh0dHBzOlwvXC9pYWxlbWFuLmNsXC93cC1jb250ZW50XC91cGxvYWRzXC8yMDI1XC8wNFwvU0NIT0tPRkVTVC0yMDI1LUluc3RpdHV0by1BbGVtYW4tZGUtUHVlcnRvLU1vbnR0XzAwMzVfRFNDXzQyNTcuanBnIiwic2xpZGVzaG93IjoiNzI1MzAxYSJ9\" href='https:\/\/ialeman.cl\/wp-content\/uploads\/2025\/04\/SCHOKOFEST-2025-Instituto-Aleman-de-Puerto-Montt_0035_DSC_4257.jpg'><img loading=\"lazy\" decoding=\"async\" width=\"1200\" height=\"801\" src=\"https:\/\/ialeman.cl\/wp-content\/uploads\/2025\/04\/SCHOKOFEST-2025-Instituto-Aleman-de-Puerto-Montt_0035_DSC_4257.jpg\" class=\"attachment-full size-full\" alt=\"\" srcset=\"https:\/\/ialeman.cl\/wp-content\/uploads\/2025\/04\/SCHOKOFEST-2025-Instituto-Aleman-de-Puerto-Montt_0035_DSC_4257.jpg 1200w, https:\/\/ialeman.cl\/wp-content\/uploads\/2025\/04\/SCHOKOFEST-2025-Instituto-Aleman-de-Puerto-Montt_0035_DSC_4257-300x200.jpg 300w, https:\/\/ialeman.cl\/wp-content\/uploads\/2025\/04\/SCHOKOFEST-2025-Instituto-Aleman-de-Puerto-Montt_0035_DSC_4257-1024x684.jpg 1024w, https:\/\/ialeman.cl\/wp-content\/uploads\/2025\/04\/SCHOKOFEST-2025-Instituto-Aleman-de-Puerto-Montt_0035_DSC_4257-768x513.jpg 768w\" sizes=\"(max-width: 1200px) 100vw, 1200px\" \/><\/a>\n\t\t\t<\/div><\/figure><figure class='gallery-item'>\n\t\t\t<div class='gallery-icon landscape'>\n\t\t\t\t<a data-elementor-open-lightbox=\"yes\" data-elementor-lightbox-slideshow=\"725301a\" data-elementor-lightbox-title=\"SCHOKOFEST 2025 Instituto Alem\u00e1n de Puerto Montt_0036_DSC_4291\" data-e-action-hash=\"#elementor-action%3Aaction%3Dlightbox%26settings%3DeyJpZCI6NDQwMzYsInVybCI6Imh0dHBzOlwvXC9pYWxlbWFuLmNsXC93cC1jb250ZW50XC91cGxvYWRzXC8yMDI1XC8wNFwvU0NIT0tPRkVTVC0yMDI1LUluc3RpdHV0by1BbGVtYW4tZGUtUHVlcnRvLU1vbnR0XzAwMzZfRFNDXzQyOTEuanBnIiwic2xpZGVzaG93IjoiNzI1MzAxYSJ9\" href='https:\/\/ialeman.cl\/wp-content\/uploads\/2025\/04\/SCHOKOFEST-2025-Instituto-Aleman-de-Puerto-Montt_0036_DSC_4291.jpg'><img loading=\"lazy\" decoding=\"async\" width=\"1200\" height=\"801\" src=\"https:\/\/ialeman.cl\/wp-content\/uploads\/2025\/04\/SCHOKOFEST-2025-Instituto-Aleman-de-Puerto-Montt_0036_DSC_4291.jpg\" class=\"attachment-full size-full\" alt=\"\" srcset=\"https:\/\/ialeman.cl\/wp-content\/uploads\/2025\/04\/SCHOKOFEST-2025-Instituto-Aleman-de-Puerto-Montt_0036_DSC_4291.jpg 1200w, https:\/\/ialeman.cl\/wp-content\/uploads\/2025\/04\/SCHOKOFEST-2025-Instituto-Aleman-de-Puerto-Montt_0036_DSC_4291-300x200.jpg 300w, https:\/\/ialeman.cl\/wp-content\/uploads\/2025\/04\/SCHOKOFEST-2025-Instituto-Aleman-de-Puerto-Montt_0036_DSC_4291-1024x684.jpg 1024w, https:\/\/ialeman.cl\/wp-content\/uploads\/2025\/04\/SCHOKOFEST-2025-Instituto-Aleman-de-Puerto-Montt_0036_DSC_4291-768x513.jpg 768w\" sizes=\"(max-width: 1200px) 100vw, 1200px\" \/><\/a>\n\t\t\t<\/div><\/figure><figure class='gallery-item'>\n\t\t\t<div class='gallery-icon landscape'>\n\t\t\t\t<a data-elementor-open-lightbox=\"yes\" data-elementor-lightbox-slideshow=\"725301a\" data-elementor-lightbox-title=\"SCHOKOFEST 2025 Instituto Alem\u00e1n de Puerto Montt_0037_Brillo_contraste 9\" data-e-action-hash=\"#elementor-action%3Aaction%3Dlightbox%26settings%3DeyJpZCI6NDQwMzgsInVybCI6Imh0dHBzOlwvXC9pYWxlbWFuLmNsXC93cC1jb250ZW50XC91cGxvYWRzXC8yMDI1XC8wNFwvU0NIT0tPRkVTVC0yMDI1LUluc3RpdHV0by1BbGVtYW4tZGUtUHVlcnRvLU1vbnR0XzAwMzdfQnJpbGxvX2NvbnRyYXN0ZS05LmpwZyIsInNsaWRlc2hvdyI6IjcyNTMwMWEifQ%3D%3D\" href='https:\/\/ialeman.cl\/wp-content\/uploads\/2025\/04\/SCHOKOFEST-2025-Instituto-Aleman-de-Puerto-Montt_0037_Brillo_contraste-9.jpg'><img loading=\"lazy\" decoding=\"async\" width=\"1200\" height=\"801\" src=\"https:\/\/ialeman.cl\/wp-content\/uploads\/2025\/04\/SCHOKOFEST-2025-Instituto-Aleman-de-Puerto-Montt_0037_Brillo_contraste-9.jpg\" class=\"attachment-full size-full\" alt=\"\" srcset=\"https:\/\/ialeman.cl\/wp-content\/uploads\/2025\/04\/SCHOKOFEST-2025-Instituto-Aleman-de-Puerto-Montt_0037_Brillo_contraste-9.jpg 1200w, https:\/\/ialeman.cl\/wp-content\/uploads\/2025\/04\/SCHOKOFEST-2025-Instituto-Aleman-de-Puerto-Montt_0037_Brillo_contraste-9-300x200.jpg 300w, https:\/\/ialeman.cl\/wp-content\/uploads\/2025\/04\/SCHOKOFEST-2025-Instituto-Aleman-de-Puerto-Montt_0037_Brillo_contraste-9-1024x684.jpg 1024w, https:\/\/ialeman.cl\/wp-content\/uploads\/2025\/04\/SCHOKOFEST-2025-Instituto-Aleman-de-Puerto-Montt_0037_Brillo_contraste-9-768x513.jpg 768w\" sizes=\"(max-width: 1200px) 100vw, 1200px\" \/><\/a>\n\t\t\t<\/div><\/figure><figure class='gallery-item'>\n\t\t\t<div class='gallery-icon landscape'>\n\t\t\t\t<a data-elementor-open-lightbox=\"yes\" data-elementor-lightbox-slideshow=\"725301a\" data-elementor-lightbox-title=\"SCHOKOFEST 2025 Instituto Alem\u00e1n de Puerto Montt_0038_Niveles 3\" data-e-action-hash=\"#elementor-action%3Aaction%3Dlightbox%26settings%3DeyJpZCI6NDQwMzksInVybCI6Imh0dHBzOlwvXC9pYWxlbWFuLmNsXC93cC1jb250ZW50XC91cGxvYWRzXC8yMDI1XC8wNFwvU0NIT0tPRkVTVC0yMDI1LUluc3RpdHV0by1BbGVtYW4tZGUtUHVlcnRvLU1vbnR0XzAwMzhfTml2ZWxlcy0zLmpwZyIsInNsaWRlc2hvdyI6IjcyNTMwMWEifQ%3D%3D\" href='https:\/\/ialeman.cl\/wp-content\/uploads\/2025\/04\/SCHOKOFEST-2025-Instituto-Aleman-de-Puerto-Montt_0038_Niveles-3.jpg'><img loading=\"lazy\" decoding=\"async\" width=\"1200\" height=\"801\" src=\"https:\/\/ialeman.cl\/wp-content\/uploads\/2025\/04\/SCHOKOFEST-2025-Instituto-Aleman-de-Puerto-Montt_0038_Niveles-3.jpg\" class=\"attachment-full size-full\" alt=\"\" srcset=\"https:\/\/ialeman.cl\/wp-content\/uploads\/2025\/04\/SCHOKOFEST-2025-Instituto-Aleman-de-Puerto-Montt_0038_Niveles-3.jpg 1200w, https:\/\/ialeman.cl\/wp-content\/uploads\/2025\/04\/SCHOKOFEST-2025-Instituto-Aleman-de-Puerto-Montt_0038_Niveles-3-300x200.jpg 300w, https:\/\/ialeman.cl\/wp-content\/uploads\/2025\/04\/SCHOKOFEST-2025-Instituto-Aleman-de-Puerto-Montt_0038_Niveles-3-1024x684.jpg 1024w, https:\/\/ialeman.cl\/wp-content\/uploads\/2025\/04\/SCHOKOFEST-2025-Instituto-Aleman-de-Puerto-Montt_0038_Niveles-3-768x513.jpg 768w\" sizes=\"(max-width: 1200px) 100vw, 1200px\" \/><\/a>\n\t\t\t<\/div><\/figure><figure class='gallery-item'>\n\t\t\t<div class='gallery-icon landscape'>\n\t\t\t\t<a data-elementor-open-lightbox=\"yes\" data-elementor-lightbox-slideshow=\"725301a\" data-elementor-lightbox-title=\"SCHOKOFEST 2025 Instituto Alem\u00e1n de Puerto Montt_0039_Brillo_contraste 11\" data-e-action-hash=\"#elementor-action%3Aaction%3Dlightbox%26settings%3DeyJpZCI6NDQwNDAsInVybCI6Imh0dHBzOlwvXC9pYWxlbWFuLmNsXC93cC1jb250ZW50XC91cGxvYWRzXC8yMDI1XC8wNFwvU0NIT0tPRkVTVC0yMDI1LUluc3RpdHV0by1BbGVtYW4tZGUtUHVlcnRvLU1vbnR0XzAwMzlfQnJpbGxvX2NvbnRyYXN0ZS0xMS5qcGciLCJzbGlkZXNob3ciOiI3MjUzMDFhIn0%3D\" href='https:\/\/ialeman.cl\/wp-content\/uploads\/2025\/04\/SCHOKOFEST-2025-Instituto-Aleman-de-Puerto-Montt_0039_Brillo_contraste-11.jpg'><img loading=\"lazy\" decoding=\"async\" width=\"1200\" height=\"801\" src=\"https:\/\/ialeman.cl\/wp-content\/uploads\/2025\/04\/SCHOKOFEST-2025-Instituto-Aleman-de-Puerto-Montt_0039_Brillo_contraste-11.jpg\" class=\"attachment-full size-full\" alt=\"\" srcset=\"https:\/\/ialeman.cl\/wp-content\/uploads\/2025\/04\/SCHOKOFEST-2025-Instituto-Aleman-de-Puerto-Montt_0039_Brillo_contraste-11.jpg 1200w, https:\/\/ialeman.cl\/wp-content\/uploads\/2025\/04\/SCHOKOFEST-2025-Instituto-Aleman-de-Puerto-Montt_0039_Brillo_contraste-11-300x200.jpg 300w, https:\/\/ialeman.cl\/wp-content\/uploads\/2025\/04\/SCHOKOFEST-2025-Instituto-Aleman-de-Puerto-Montt_0039_Brillo_contraste-11-1024x684.jpg 1024w, https:\/\/ialeman.cl\/wp-content\/uploads\/2025\/04\/SCHOKOFEST-2025-Instituto-Aleman-de-Puerto-Montt_0039_Brillo_contraste-11-768x513.jpg 768w\" sizes=\"(max-width: 1200px) 100vw, 1200px\" \/><\/a>\n\t\t\t<\/div><\/figure><figure class='gallery-item'>\n\t\t\t<div class='gallery-icon landscape'>\n\t\t\t\t<a data-elementor-open-lightbox=\"yes\" data-elementor-lightbox-slideshow=\"725301a\" data-elementor-lightbox-title=\"SCHOKOFEST 2025 Instituto Alem\u00e1n de Puerto Montt_0040_Niveles 4\" data-e-action-hash=\"#elementor-action%3Aaction%3Dlightbox%26settings%3DeyJpZCI6NDQwNDEsInVybCI6Imh0dHBzOlwvXC9pYWxlbWFuLmNsXC93cC1jb250ZW50XC91cGxvYWRzXC8yMDI1XC8wNFwvU0NIT0tPRkVTVC0yMDI1LUluc3RpdHV0by1BbGVtYW4tZGUtUHVlcnRvLU1vbnR0XzAwNDBfTml2ZWxlcy00LmpwZyIsInNsaWRlc2hvdyI6IjcyNTMwMWEifQ%3D%3D\" href='https:\/\/ialeman.cl\/wp-content\/uploads\/2025\/04\/SCHOKOFEST-2025-Instituto-Aleman-de-Puerto-Montt_0040_Niveles-4.jpg'><img loading=\"lazy\" decoding=\"async\" width=\"1200\" height=\"801\" src=\"https:\/\/ialeman.cl\/wp-content\/uploads\/2025\/04\/SCHOKOFEST-2025-Instituto-Aleman-de-Puerto-Montt_0040_Niveles-4.jpg\" class=\"attachment-full size-full\" alt=\"\" srcset=\"https:\/\/ialeman.cl\/wp-content\/uploads\/2025\/04\/SCHOKOFEST-2025-Instituto-Aleman-de-Puerto-Montt_0040_Niveles-4.jpg 1200w, https:\/\/ialeman.cl\/wp-content\/uploads\/2025\/04\/SCHOKOFEST-2025-Instituto-Aleman-de-Puerto-Montt_0040_Niveles-4-300x200.jpg 300w, https:\/\/ialeman.cl\/wp-content\/uploads\/2025\/04\/SCHOKOFEST-2025-Instituto-Aleman-de-Puerto-Montt_0040_Niveles-4-1024x684.jpg 1024w, https:\/\/ialeman.cl\/wp-content\/uploads\/2025\/04\/SCHOKOFEST-2025-Instituto-Aleman-de-Puerto-Montt_0040_Niveles-4-768x513.jpg 768w\" sizes=\"(max-width: 1200px) 100vw, 1200px\" \/><\/a>\n\t\t\t<\/div><\/figure><figure class='gallery-item'>\n\t\t\t<div class='gallery-icon landscape'>\n\t\t\t\t<a data-elementor-open-lightbox=\"yes\" data-elementor-lightbox-slideshow=\"725301a\" data-elementor-lightbox-title=\"SCHOKOFEST 2025 Instituto Alem\u00e1n de Puerto Montt_0041_Brillo_contraste 12\" data-e-action-hash=\"#elementor-action%3Aaction%3Dlightbox%26settings%3DeyJpZCI6NDQwNDIsInVybCI6Imh0dHBzOlwvXC9pYWxlbWFuLmNsXC93cC1jb250ZW50XC91cGxvYWRzXC8yMDI1XC8wNFwvU0NIT0tPRkVTVC0yMDI1LUluc3RpdHV0by1BbGVtYW4tZGUtUHVlcnRvLU1vbnR0XzAwNDFfQnJpbGxvX2NvbnRyYXN0ZS0xMi5qcGciLCJzbGlkZXNob3ciOiI3MjUzMDFhIn0%3D\" href='https:\/\/ialeman.cl\/wp-content\/uploads\/2025\/04\/SCHOKOFEST-2025-Instituto-Aleman-de-Puerto-Montt_0041_Brillo_contraste-12.jpg'><img loading=\"lazy\" decoding=\"async\" width=\"1200\" height=\"801\" src=\"https:\/\/ialeman.cl\/wp-content\/uploads\/2025\/04\/SCHOKOFEST-2025-Instituto-Aleman-de-Puerto-Montt_0041_Brillo_contraste-12.jpg\" class=\"attachment-full size-full\" alt=\"\" srcset=\"https:\/\/ialeman.cl\/wp-content\/uploads\/2025\/04\/SCHOKOFEST-2025-Instituto-Aleman-de-Puerto-Montt_0041_Brillo_contraste-12.jpg 1200w, https:\/\/ialeman.cl\/wp-content\/uploads\/2025\/04\/SCHOKOFEST-2025-Instituto-Aleman-de-Puerto-Montt_0041_Brillo_contraste-12-300x200.jpg 300w, https:\/\/ialeman.cl\/wp-content\/uploads\/2025\/04\/SCHOKOFEST-2025-Instituto-Aleman-de-Puerto-Montt_0041_Brillo_contraste-12-1024x684.jpg 1024w, https:\/\/ialeman.cl\/wp-content\/uploads\/2025\/04\/SCHOKOFEST-2025-Instituto-Aleman-de-Puerto-Montt_0041_Brillo_contraste-12-768x513.jpg 768w\" sizes=\"(max-width: 1200px) 100vw, 1200px\" \/><\/a>\n\t\t\t<\/div><\/figure><figure class='gallery-item'>\n\t\t\t<div class='gallery-icon landscape'>\n\t\t\t\t<a data-elementor-open-lightbox=\"yes\" data-elementor-lightbox-slideshow=\"725301a\" data-elementor-lightbox-title=\"SCHOKOFEST 2025 Instituto Alem\u00e1n de Puerto Montt_0042_DSC_4206\" data-e-action-hash=\"#elementor-action%3Aaction%3Dlightbox%26settings%3DeyJpZCI6NDQwNDMsInVybCI6Imh0dHBzOlwvXC9pYWxlbWFuLmNsXC93cC1jb250ZW50XC91cGxvYWRzXC8yMDI1XC8wNFwvU0NIT0tPRkVTVC0yMDI1LUluc3RpdHV0by1BbGVtYW4tZGUtUHVlcnRvLU1vbnR0XzAwNDJfRFNDXzQyMDYuanBnIiwic2xpZGVzaG93IjoiNzI1MzAxYSJ9\" href='https:\/\/ialeman.cl\/wp-content\/uploads\/2025\/04\/SCHOKOFEST-2025-Instituto-Aleman-de-Puerto-Montt_0042_DSC_4206.jpg'><img loading=\"lazy\" decoding=\"async\" width=\"1200\" height=\"801\" src=\"https:\/\/ialeman.cl\/wp-content\/uploads\/2025\/04\/SCHOKOFEST-2025-Instituto-Aleman-de-Puerto-Montt_0042_DSC_4206.jpg\" class=\"attachment-full size-full\" alt=\"\" srcset=\"https:\/\/ialeman.cl\/wp-content\/uploads\/2025\/04\/SCHOKOFEST-2025-Instituto-Aleman-de-Puerto-Montt_0042_DSC_4206.jpg 1200w, https:\/\/ialeman.cl\/wp-content\/uploads\/2025\/04\/SCHOKOFEST-2025-Instituto-Aleman-de-Puerto-Montt_0042_DSC_4206-300x200.jpg 300w, https:\/\/ialeman.cl\/wp-content\/uploads\/2025\/04\/SCHOKOFEST-2025-Instituto-Aleman-de-Puerto-Montt_0042_DSC_4206-1024x684.jpg 1024w, https:\/\/ialeman.cl\/wp-content\/uploads\/2025\/04\/SCHOKOFEST-2025-Instituto-Aleman-de-Puerto-Montt_0042_DSC_4206-768x513.jpg 768w\" sizes=\"(max-width: 1200px) 100vw, 1200px\" \/><\/a>\n\t\t\t<\/div><\/figure><figure class='gallery-item'>\n\t\t\t<div class='gallery-icon landscape'>\n\t\t\t\t<a data-elementor-open-lightbox=\"yes\" data-elementor-lightbox-slideshow=\"725301a\" data-elementor-lightbox-title=\"SCHOKOFEST 2025 Instituto Alem\u00e1n de Puerto Montt_0043_Niveles 6\" data-e-action-hash=\"#elementor-action%3Aaction%3Dlightbox%26settings%3DeyJpZCI6NDQwNDQsInVybCI6Imh0dHBzOlwvXC9pYWxlbWFuLmNsXC93cC1jb250ZW50XC91cGxvYWRzXC8yMDI1XC8wNFwvU0NIT0tPRkVTVC0yMDI1LUluc3RpdHV0by1BbGVtYW4tZGUtUHVlcnRvLU1vbnR0XzAwNDNfTml2ZWxlcy02LmpwZyIsInNsaWRlc2hvdyI6IjcyNTMwMWEifQ%3D%3D\" href='https:\/\/ialeman.cl\/wp-content\/uploads\/2025\/04\/SCHOKOFEST-2025-Instituto-Aleman-de-Puerto-Montt_0043_Niveles-6.jpg'><img loading=\"lazy\" decoding=\"async\" width=\"1200\" height=\"801\" src=\"https:\/\/ialeman.cl\/wp-content\/uploads\/2025\/04\/SCHOKOFEST-2025-Instituto-Aleman-de-Puerto-Montt_0043_Niveles-6.jpg\" class=\"attachment-full size-full\" alt=\"\" srcset=\"https:\/\/ialeman.cl\/wp-content\/uploads\/2025\/04\/SCHOKOFEST-2025-Instituto-Aleman-de-Puerto-Montt_0043_Niveles-6.jpg 1200w, https:\/\/ialeman.cl\/wp-content\/uploads\/2025\/04\/SCHOKOFEST-2025-Instituto-Aleman-de-Puerto-Montt_0043_Niveles-6-300x200.jpg 300w, https:\/\/ialeman.cl\/wp-content\/uploads\/2025\/04\/SCHOKOFEST-2025-Instituto-Aleman-de-Puerto-Montt_0043_Niveles-6-1024x684.jpg 1024w, https:\/\/ialeman.cl\/wp-content\/uploads\/2025\/04\/SCHOKOFEST-2025-Instituto-Aleman-de-Puerto-Montt_0043_Niveles-6-768x513.jpg 768w\" sizes=\"(max-width: 1200px) 100vw, 1200px\" \/><\/a>\n\t\t\t<\/div><\/figure><figure class='gallery-item'>\n\t\t\t<div class='gallery-icon landscape'>\n\t\t\t\t<a data-elementor-open-lightbox=\"yes\" data-elementor-lightbox-slideshow=\"725301a\" data-elementor-lightbox-title=\"SCHOKOFEST 2025 Instituto Alem\u00e1n de Puerto Montt_0045_DSC_4192\" data-e-action-hash=\"#elementor-action%3Aaction%3Dlightbox%26settings%3DeyJpZCI6NDQwNDYsInVybCI6Imh0dHBzOlwvXC9pYWxlbWFuLmNsXC93cC1jb250ZW50XC91cGxvYWRzXC8yMDI1XC8wNFwvU0NIT0tPRkVTVC0yMDI1LUluc3RpdHV0by1BbGVtYW4tZGUtUHVlcnRvLU1vbnR0XzAwNDVfRFNDXzQxOTIuanBnIiwic2xpZGVzaG93IjoiNzI1MzAxYSJ9\" href='https:\/\/ialeman.cl\/wp-content\/uploads\/2025\/04\/SCHOKOFEST-2025-Instituto-Aleman-de-Puerto-Montt_0045_DSC_4192.jpg'><img loading=\"lazy\" decoding=\"async\" width=\"1200\" height=\"801\" src=\"https:\/\/ialeman.cl\/wp-content\/uploads\/2025\/04\/SCHOKOFEST-2025-Instituto-Aleman-de-Puerto-Montt_0045_DSC_4192.jpg\" class=\"attachment-full size-full\" alt=\"\" srcset=\"https:\/\/ialeman.cl\/wp-content\/uploads\/2025\/04\/SCHOKOFEST-2025-Instituto-Aleman-de-Puerto-Montt_0045_DSC_4192.jpg 1200w, https:\/\/ialeman.cl\/wp-content\/uploads\/2025\/04\/SCHOKOFEST-2025-Instituto-Aleman-de-Puerto-Montt_0045_DSC_4192-300x200.jpg 300w, https:\/\/ialeman.cl\/wp-content\/uploads\/2025\/04\/SCHOKOFEST-2025-Instituto-Aleman-de-Puerto-Montt_0045_DSC_4192-1024x684.jpg 1024w, https:\/\/ialeman.cl\/wp-content\/uploads\/2025\/04\/SCHOKOFEST-2025-Instituto-Aleman-de-Puerto-Montt_0045_DSC_4192-768x513.jpg 768w\" sizes=\"(max-width: 1200px) 100vw, 1200px\" \/><\/a>\n\t\t\t<\/div><\/figure><figure class='gallery-item'>\n\t\t\t<div class='gallery-icon landscape'>\n\t\t\t\t<a data-elementor-open-lightbox=\"yes\" data-elementor-lightbox-slideshow=\"725301a\" data-elementor-lightbox-title=\"SCHOKOFEST 2025 Instituto Alem\u00e1n de Puerto Montt_0046_DSC_4187\" data-e-action-hash=\"#elementor-action%3Aaction%3Dlightbox%26settings%3DeyJpZCI6NDQwNDcsInVybCI6Imh0dHBzOlwvXC9pYWxlbWFuLmNsXC93cC1jb250ZW50XC91cGxvYWRzXC8yMDI1XC8wNFwvU0NIT0tPRkVTVC0yMDI1LUluc3RpdHV0by1BbGVtYW4tZGUtUHVlcnRvLU1vbnR0XzAwNDZfRFNDXzQxODcuanBnIiwic2xpZGVzaG93IjoiNzI1MzAxYSJ9\" href='https:\/\/ialeman.cl\/wp-content\/uploads\/2025\/04\/SCHOKOFEST-2025-Instituto-Aleman-de-Puerto-Montt_0046_DSC_4187.jpg'><img loading=\"lazy\" decoding=\"async\" width=\"1200\" height=\"801\" src=\"https:\/\/ialeman.cl\/wp-content\/uploads\/2025\/04\/SCHOKOFEST-2025-Instituto-Aleman-de-Puerto-Montt_0046_DSC_4187.jpg\" class=\"attachment-full size-full\" alt=\"\" srcset=\"https:\/\/ialeman.cl\/wp-content\/uploads\/2025\/04\/SCHOKOFEST-2025-Instituto-Aleman-de-Puerto-Montt_0046_DSC_4187.jpg 1200w, https:\/\/ialeman.cl\/wp-content\/uploads\/2025\/04\/SCHOKOFEST-2025-Instituto-Aleman-de-Puerto-Montt_0046_DSC_4187-300x200.jpg 300w, https:\/\/ialeman.cl\/wp-content\/uploads\/2025\/04\/SCHOKOFEST-2025-Instituto-Aleman-de-Puerto-Montt_0046_DSC_4187-1024x684.jpg 1024w, https:\/\/ialeman.cl\/wp-content\/uploads\/2025\/04\/SCHOKOFEST-2025-Instituto-Aleman-de-Puerto-Montt_0046_DSC_4187-768x513.jpg 768w\" sizes=\"(max-width: 1200px) 100vw, 1200px\" \/><\/a>\n\t\t\t<\/div><\/figure><figure class='gallery-item'>\n\t\t\t<div class='gallery-icon landscape'>\n\t\t\t\t<a data-elementor-open-lightbox=\"yes\" data-elementor-lightbox-slideshow=\"725301a\" data-elementor-lightbox-title=\"SCHOKOFEST 2025 Instituto Alem\u00e1n de Puerto Montt_0047_Niveles 9\" data-e-action-hash=\"#elementor-action%3Aaction%3Dlightbox%26settings%3DeyJpZCI6NDQwNDgsInVybCI6Imh0dHBzOlwvXC9pYWxlbWFuLmNsXC93cC1jb250ZW50XC91cGxvYWRzXC8yMDI1XC8wNFwvU0NIT0tPRkVTVC0yMDI1LUluc3RpdHV0by1BbGVtYW4tZGUtUHVlcnRvLU1vbnR0XzAwNDdfTml2ZWxlcy05LmpwZyIsInNsaWRlc2hvdyI6IjcyNTMwMWEifQ%3D%3D\" href='https:\/\/ialeman.cl\/wp-content\/uploads\/2025\/04\/SCHOKOFEST-2025-Instituto-Aleman-de-Puerto-Montt_0047_Niveles-9.jpg'><img loading=\"lazy\" decoding=\"async\" width=\"1200\" height=\"801\" src=\"https:\/\/ialeman.cl\/wp-content\/uploads\/2025\/04\/SCHOKOFEST-2025-Instituto-Aleman-de-Puerto-Montt_0047_Niveles-9.jpg\" class=\"attachment-full size-full\" alt=\"\" srcset=\"https:\/\/ialeman.cl\/wp-content\/uploads\/2025\/04\/SCHOKOFEST-2025-Instituto-Aleman-de-Puerto-Montt_0047_Niveles-9.jpg 1200w, https:\/\/ialeman.cl\/wp-content\/uploads\/2025\/04\/SCHOKOFEST-2025-Instituto-Aleman-de-Puerto-Montt_0047_Niveles-9-300x200.jpg 300w, https:\/\/ialeman.cl\/wp-content\/uploads\/2025\/04\/SCHOKOFEST-2025-Instituto-Aleman-de-Puerto-Montt_0047_Niveles-9-1024x684.jpg 1024w, https:\/\/ialeman.cl\/wp-content\/uploads\/2025\/04\/SCHOKOFEST-2025-Instituto-Aleman-de-Puerto-Montt_0047_Niveles-9-768x513.jpg 768w\" sizes=\"(max-width: 1200px) 100vw, 1200px\" \/><\/a>\n\t\t\t<\/div><\/figure><figure class='gallery-item'>\n\t\t\t<div class='gallery-icon landscape'>\n\t\t\t\t<a data-elementor-open-lightbox=\"yes\" data-elementor-lightbox-slideshow=\"725301a\" data-elementor-lightbox-title=\"SCHOKOFEST 2025 Instituto Alem\u00e1n de Puerto Montt_0048_DSC_4181\" data-e-action-hash=\"#elementor-action%3Aaction%3Dlightbox%26settings%3DeyJpZCI6NDQwNDksInVybCI6Imh0dHBzOlwvXC9pYWxlbWFuLmNsXC93cC1jb250ZW50XC91cGxvYWRzXC8yMDI1XC8wNFwvU0NIT0tPRkVTVC0yMDI1LUluc3RpdHV0by1BbGVtYW4tZGUtUHVlcnRvLU1vbnR0XzAwNDhfRFNDXzQxODEuanBnIiwic2xpZGVzaG93IjoiNzI1MzAxYSJ9\" href='https:\/\/ialeman.cl\/wp-content\/uploads\/2025\/04\/SCHOKOFEST-2025-Instituto-Aleman-de-Puerto-Montt_0048_DSC_4181.jpg'><img loading=\"lazy\" decoding=\"async\" width=\"1200\" height=\"801\" src=\"https:\/\/ialeman.cl\/wp-content\/uploads\/2025\/04\/SCHOKOFEST-2025-Instituto-Aleman-de-Puerto-Montt_0048_DSC_4181.jpg\" class=\"attachment-full size-full\" alt=\"\" srcset=\"https:\/\/ialeman.cl\/wp-content\/uploads\/2025\/04\/SCHOKOFEST-2025-Instituto-Aleman-de-Puerto-Montt_0048_DSC_4181.jpg 1200w, https:\/\/ialeman.cl\/wp-content\/uploads\/2025\/04\/SCHOKOFEST-2025-Instituto-Aleman-de-Puerto-Montt_0048_DSC_4181-300x200.jpg 300w, https:\/\/ialeman.cl\/wp-content\/uploads\/2025\/04\/SCHOKOFEST-2025-Instituto-Aleman-de-Puerto-Montt_0048_DSC_4181-1024x684.jpg 1024w, https:\/\/ialeman.cl\/wp-content\/uploads\/2025\/04\/SCHOKOFEST-2025-Instituto-Aleman-de-Puerto-Montt_0048_DSC_4181-768x513.jpg 768w\" sizes=\"(max-width: 1200px) 100vw, 1200px\" \/><\/a>\n\t\t\t<\/div><\/figure><figure class='gallery-item'>\n\t\t\t<div class='gallery-icon landscape'>\n\t\t\t\t<a data-elementor-open-lightbox=\"yes\" data-elementor-lightbox-slideshow=\"725301a\" data-elementor-lightbox-title=\"SCHOKOFEST 2025 Instituto Alem\u00e1n de Puerto Montt_0049_Niveles 7\" data-e-action-hash=\"#elementor-action%3Aaction%3Dlightbox%26settings%3DeyJpZCI6NDQwNTAsInVybCI6Imh0dHBzOlwvXC9pYWxlbWFuLmNsXC93cC1jb250ZW50XC91cGxvYWRzXC8yMDI1XC8wNFwvU0NIT0tPRkVTVC0yMDI1LUluc3RpdHV0by1BbGVtYW4tZGUtUHVlcnRvLU1vbnR0XzAwNDlfTml2ZWxlcy03LmpwZyIsInNsaWRlc2hvdyI6IjcyNTMwMWEifQ%3D%3D\" href='https:\/\/ialeman.cl\/wp-content\/uploads\/2025\/04\/SCHOKOFEST-2025-Instituto-Aleman-de-Puerto-Montt_0049_Niveles-7.jpg'><img loading=\"lazy\" decoding=\"async\" width=\"1200\" height=\"801\" src=\"https:\/\/ialeman.cl\/wp-content\/uploads\/2025\/04\/SCHOKOFEST-2025-Instituto-Aleman-de-Puerto-Montt_0049_Niveles-7.jpg\" class=\"attachment-full size-full\" alt=\"\" srcset=\"https:\/\/ialeman.cl\/wp-content\/uploads\/2025\/04\/SCHOKOFEST-2025-Instituto-Aleman-de-Puerto-Montt_0049_Niveles-7.jpg 1200w, https:\/\/ialeman.cl\/wp-content\/uploads\/2025\/04\/SCHOKOFEST-2025-Instituto-Aleman-de-Puerto-Montt_0049_Niveles-7-300x200.jpg 300w, https:\/\/ialeman.cl\/wp-content\/uploads\/2025\/04\/SCHOKOFEST-2025-Instituto-Aleman-de-Puerto-Montt_0049_Niveles-7-1024x684.jpg 1024w, https:\/\/ialeman.cl\/wp-content\/uploads\/2025\/04\/SCHOKOFEST-2025-Instituto-Aleman-de-Puerto-Montt_0049_Niveles-7-768x513.jpg 768w\" sizes=\"(max-width: 1200px) 100vw, 1200px\" \/><\/a>\n\t\t\t<\/div><\/figure><figure class='gallery-item'>\n\t\t\t<div class='gallery-icon landscape'>\n\t\t\t\t<a data-elementor-open-lightbox=\"yes\" data-elementor-lightbox-slideshow=\"725301a\" data-elementor-lightbox-title=\"SCHOKOFEST 2025 Instituto Alem\u00e1n de Puerto Montt_0050_244fb711-5890-40dd-8e9f-96f65c901323\" data-e-action-hash=\"#elementor-action%3Aaction%3Dlightbox%26settings%3DeyJpZCI6NDQwNTEsInVybCI6Imh0dHBzOlwvXC9pYWxlbWFuLmNsXC93cC1jb250ZW50XC91cGxvYWRzXC8yMDI1XC8wNFwvU0NIT0tPRkVTVC0yMDI1LUluc3RpdHV0by1BbGVtYW4tZGUtUHVlcnRvLU1vbnR0XzAwNTBfMjQ0ZmI3MTEtNTg5MC00MGRkLThlOWYtOTZmNjVjOTAxMzIzLmpwZyIsInNsaWRlc2hvdyI6IjcyNTMwMWEifQ%3D%3D\" href='https:\/\/ialeman.cl\/wp-content\/uploads\/2025\/04\/SCHOKOFEST-2025-Instituto-Aleman-de-Puerto-Montt_0050_244fb711-5890-40dd-8e9f-96f65c901323.jpg'><img loading=\"lazy\" decoding=\"async\" width=\"1200\" height=\"801\" src=\"https:\/\/ialeman.cl\/wp-content\/uploads\/2025\/04\/SCHOKOFEST-2025-Instituto-Aleman-de-Puerto-Montt_0050_244fb711-5890-40dd-8e9f-96f65c901323.jpg\" class=\"attachment-full size-full\" alt=\"\" srcset=\"https:\/\/ialeman.cl\/wp-content\/uploads\/2025\/04\/SCHOKOFEST-2025-Instituto-Aleman-de-Puerto-Montt_0050_244fb711-5890-40dd-8e9f-96f65c901323.jpg 1200w, https:\/\/ialeman.cl\/wp-content\/uploads\/2025\/04\/SCHOKOFEST-2025-Instituto-Aleman-de-Puerto-Montt_0050_244fb711-5890-40dd-8e9f-96f65c901323-300x200.jpg 300w, https:\/\/ialeman.cl\/wp-content\/uploads\/2025\/04\/SCHOKOFEST-2025-Instituto-Aleman-de-Puerto-Montt_0050_244fb711-5890-40dd-8e9f-96f65c901323-1024x684.jpg 1024w, https:\/\/ialeman.cl\/wp-content\/uploads\/2025\/04\/SCHOKOFEST-2025-Instituto-Aleman-de-Puerto-Montt_0050_244fb711-5890-40dd-8e9f-96f65c901323-768x513.jpg 768w\" sizes=\"(max-width: 1200px) 100vw, 1200px\" \/><\/a>\n\t\t\t<\/div><\/figure><figure class='gallery-item'>\n\t\t\t<div class='gallery-icon landscape'>\n\t\t\t\t<a data-elementor-open-lightbox=\"yes\" data-elementor-lightbox-slideshow=\"725301a\" data-elementor-lightbox-title=\"SCHOKOFEST 2025 Instituto Alem\u00e1n de Puerto Montt_0051_Niveles 12\" data-e-action-hash=\"#elementor-action%3Aaction%3Dlightbox%26settings%3DeyJpZCI6NDQwNTIsInVybCI6Imh0dHBzOlwvXC9pYWxlbWFuLmNsXC93cC1jb250ZW50XC91cGxvYWRzXC8yMDI1XC8wNFwvU0NIT0tPRkVTVC0yMDI1LUluc3RpdHV0by1BbGVtYW4tZGUtUHVlcnRvLU1vbnR0XzAwNTFfTml2ZWxlcy0xMi5qcGciLCJzbGlkZXNob3ciOiI3MjUzMDFhIn0%3D\" href='https:\/\/ialeman.cl\/wp-content\/uploads\/2025\/04\/SCHOKOFEST-2025-Instituto-Aleman-de-Puerto-Montt_0051_Niveles-12.jpg'><img loading=\"lazy\" decoding=\"async\" width=\"1200\" height=\"801\" src=\"https:\/\/ialeman.cl\/wp-content\/uploads\/2025\/04\/SCHOKOFEST-2025-Instituto-Aleman-de-Puerto-Montt_0051_Niveles-12.jpg\" class=\"attachment-full size-full\" alt=\"\" srcset=\"https:\/\/ialeman.cl\/wp-content\/uploads\/2025\/04\/SCHOKOFEST-2025-Instituto-Aleman-de-Puerto-Montt_0051_Niveles-12.jpg 1200w, https:\/\/ialeman.cl\/wp-content\/uploads\/2025\/04\/SCHOKOFEST-2025-Instituto-Aleman-de-Puerto-Montt_0051_Niveles-12-300x200.jpg 300w, https:\/\/ialeman.cl\/wp-content\/uploads\/2025\/04\/SCHOKOFEST-2025-Instituto-Aleman-de-Puerto-Montt_0051_Niveles-12-1024x684.jpg 1024w, https:\/\/ialeman.cl\/wp-content\/uploads\/2025\/04\/SCHOKOFEST-2025-Instituto-Aleman-de-Puerto-Montt_0051_Niveles-12-768x513.jpg 768w\" sizes=\"(max-width: 1200px) 100vw, 1200px\" \/><\/a>\n\t\t\t<\/div><\/figure><figure class='gallery-item'>\n\t\t\t<div class='gallery-icon landscape'>\n\t\t\t\t<a data-elementor-open-lightbox=\"yes\" data-elementor-lightbox-slideshow=\"725301a\" data-elementor-lightbox-title=\"SCHOKOFEST 2025 Instituto Alem\u00e1n de Puerto Montt_0052_6D2EB8FD-B75B-4E06-854E-56C959B35D4A\" data-e-action-hash=\"#elementor-action%3Aaction%3Dlightbox%26settings%3DeyJpZCI6NDQwNTMsInVybCI6Imh0dHBzOlwvXC9pYWxlbWFuLmNsXC93cC1jb250ZW50XC91cGxvYWRzXC8yMDI1XC8wNFwvU0NIT0tPRkVTVC0yMDI1LUluc3RpdHV0by1BbGVtYW4tZGUtUHVlcnRvLU1vbnR0XzAwNTJfNkQyRUI4RkQtQjc1Qi00RTA2LTg1NEUtNTZDOTU5QjM1RDRBLmpwZyIsInNsaWRlc2hvdyI6IjcyNTMwMWEifQ%3D%3D\" href='https:\/\/ialeman.cl\/wp-content\/uploads\/2025\/04\/SCHOKOFEST-2025-Instituto-Aleman-de-Puerto-Montt_0052_6D2EB8FD-B75B-4E06-854E-56C959B35D4A.jpg'><img loading=\"lazy\" decoding=\"async\" width=\"1200\" height=\"801\" src=\"https:\/\/ialeman.cl\/wp-content\/uploads\/2025\/04\/SCHOKOFEST-2025-Instituto-Aleman-de-Puerto-Montt_0052_6D2EB8FD-B75B-4E06-854E-56C959B35D4A.jpg\" class=\"attachment-full size-full\" alt=\"\" srcset=\"https:\/\/ialeman.cl\/wp-content\/uploads\/2025\/04\/SCHOKOFEST-2025-Instituto-Aleman-de-Puerto-Montt_0052_6D2EB8FD-B75B-4E06-854E-56C959B35D4A.jpg 1200w, https:\/\/ialeman.cl\/wp-content\/uploads\/2025\/04\/SCHOKOFEST-2025-Instituto-Aleman-de-Puerto-Montt_0052_6D2EB8FD-B75B-4E06-854E-56C959B35D4A-300x200.jpg 300w, https:\/\/ialeman.cl\/wp-content\/uploads\/2025\/04\/SCHOKOFEST-2025-Instituto-Aleman-de-Puerto-Montt_0052_6D2EB8FD-B75B-4E06-854E-56C959B35D4A-1024x684.jpg 1024w, https:\/\/ialeman.cl\/wp-content\/uploads\/2025\/04\/SCHOKOFEST-2025-Instituto-Aleman-de-Puerto-Montt_0052_6D2EB8FD-B75B-4E06-854E-56C959B35D4A-768x513.jpg 768w\" sizes=\"(max-width: 1200px) 100vw, 1200px\" \/><\/a>\n\t\t\t<\/div><\/figure><figure class='gallery-item'>\n\t\t\t<div class='gallery-icon landscape'>\n\t\t\t\t<a data-elementor-open-lightbox=\"yes\" data-elementor-lightbox-slideshow=\"725301a\" data-elementor-lightbox-title=\"SCHOKOFEST 2025 Instituto Alem\u00e1n de Puerto Montt_0053_image12\" data-e-action-hash=\"#elementor-action%3Aaction%3Dlightbox%26settings%3DeyJpZCI6NDQwNTQsInVybCI6Imh0dHBzOlwvXC9pYWxlbWFuLmNsXC93cC1jb250ZW50XC91cGxvYWRzXC8yMDI1XC8wNFwvU0NIT0tPRkVTVC0yMDI1LUluc3RpdHV0by1BbGVtYW4tZGUtUHVlcnRvLU1vbnR0XzAwNTNfaW1hZ2UxMi5qcGciLCJzbGlkZXNob3ciOiI3MjUzMDFhIn0%3D\" href='https:\/\/ialeman.cl\/wp-content\/uploads\/2025\/04\/SCHOKOFEST-2025-Instituto-Aleman-de-Puerto-Montt_0053_image12.jpg'><img loading=\"lazy\" decoding=\"async\" width=\"1200\" height=\"801\" src=\"https:\/\/ialeman.cl\/wp-content\/uploads\/2025\/04\/SCHOKOFEST-2025-Instituto-Aleman-de-Puerto-Montt_0053_image12.jpg\" class=\"attachment-full size-full\" alt=\"\" srcset=\"https:\/\/ialeman.cl\/wp-content\/uploads\/2025\/04\/SCHOKOFEST-2025-Instituto-Aleman-de-Puerto-Montt_0053_image12.jpg 1200w, https:\/\/ialeman.cl\/wp-content\/uploads\/2025\/04\/SCHOKOFEST-2025-Instituto-Aleman-de-Puerto-Montt_0053_image12-300x200.jpg 300w, https:\/\/ialeman.cl\/wp-content\/uploads\/2025\/04\/SCHOKOFEST-2025-Instituto-Aleman-de-Puerto-Montt_0053_image12-1024x684.jpg 1024w, https:\/\/ialeman.cl\/wp-content\/uploads\/2025\/04\/SCHOKOFEST-2025-Instituto-Aleman-de-Puerto-Montt_0053_image12-768x513.jpg 768w\" sizes=\"(max-width: 1200px) 100vw, 1200px\" \/><\/a>\n\t\t\t<\/div><\/figure><figure class='gallery-item'>\n\t\t\t<div class='gallery-icon landscape'>\n\t\t\t\t<a data-elementor-open-lightbox=\"yes\" data-elementor-lightbox-slideshow=\"725301a\" data-elementor-lightbox-title=\"SCHOKOFEST 2025 Instituto Alem\u00e1n de Puerto Montt_0054_Niveles 13\" data-e-action-hash=\"#elementor-action%3Aaction%3Dlightbox%26settings%3DeyJpZCI6NDQwNTUsInVybCI6Imh0dHBzOlwvXC9pYWxlbWFuLmNsXC93cC1jb250ZW50XC91cGxvYWRzXC8yMDI1XC8wNFwvU0NIT0tPRkVTVC0yMDI1LUluc3RpdHV0by1BbGVtYW4tZGUtUHVlcnRvLU1vbnR0XzAwNTRfTml2ZWxlcy0xMy5qcGciLCJzbGlkZXNob3ciOiI3MjUzMDFhIn0%3D\" href='https:\/\/ialeman.cl\/wp-content\/uploads\/2025\/04\/SCHOKOFEST-2025-Instituto-Aleman-de-Puerto-Montt_0054_Niveles-13.jpg'><img loading=\"lazy\" decoding=\"async\" width=\"1200\" height=\"801\" src=\"https:\/\/ialeman.cl\/wp-content\/uploads\/2025\/04\/SCHOKOFEST-2025-Instituto-Aleman-de-Puerto-Montt_0054_Niveles-13.jpg\" class=\"attachment-full size-full\" alt=\"\" srcset=\"https:\/\/ialeman.cl\/wp-content\/uploads\/2025\/04\/SCHOKOFEST-2025-Instituto-Aleman-de-Puerto-Montt_0054_Niveles-13.jpg 1200w, https:\/\/ialeman.cl\/wp-content\/uploads\/2025\/04\/SCHOKOFEST-2025-Instituto-Aleman-de-Puerto-Montt_0054_Niveles-13-300x200.jpg 300w, https:\/\/ialeman.cl\/wp-content\/uploads\/2025\/04\/SCHOKOFEST-2025-Instituto-Aleman-de-Puerto-Montt_0054_Niveles-13-1024x684.jpg 1024w, https:\/\/ialeman.cl\/wp-content\/uploads\/2025\/04\/SCHOKOFEST-2025-Instituto-Aleman-de-Puerto-Montt_0054_Niveles-13-768x513.jpg 768w\" sizes=\"(max-width: 1200px) 100vw, 1200px\" \/><\/a>\n\t\t\t<\/div><\/figure><figure class='gallery-item'>\n\t\t\t<div class='gallery-icon landscape'>\n\t\t\t\t<a data-elementor-open-lightbox=\"yes\" data-elementor-lightbox-slideshow=\"725301a\" data-elementor-lightbox-title=\"SCHOKOFEST 2025 Instituto Alem\u00e1n de Puerto Montt_0055_Niveles 14\" data-e-action-hash=\"#elementor-action%3Aaction%3Dlightbox%26settings%3DeyJpZCI6NDQwNTYsInVybCI6Imh0dHBzOlwvXC9pYWxlbWFuLmNsXC93cC1jb250ZW50XC91cGxvYWRzXC8yMDI1XC8wNFwvU0NIT0tPRkVTVC0yMDI1LUluc3RpdHV0by1BbGVtYW4tZGUtUHVlcnRvLU1vbnR0XzAwNTVfTml2ZWxlcy0xNC5qcGciLCJzbGlkZXNob3ciOiI3MjUzMDFhIn0%3D\" href='https:\/\/ialeman.cl\/wp-content\/uploads\/2025\/04\/SCHOKOFEST-2025-Instituto-Aleman-de-Puerto-Montt_0055_Niveles-14.jpg'><img loading=\"lazy\" decoding=\"async\" width=\"1200\" height=\"801\" src=\"https:\/\/ialeman.cl\/wp-content\/uploads\/2025\/04\/SCHOKOFEST-2025-Instituto-Aleman-de-Puerto-Montt_0055_Niveles-14.jpg\" class=\"attachment-full size-full\" alt=\"\" srcset=\"https:\/\/ialeman.cl\/wp-content\/uploads\/2025\/04\/SCHOKOFEST-2025-Instituto-Aleman-de-Puerto-Montt_0055_Niveles-14.jpg 1200w, https:\/\/ialeman.cl\/wp-content\/uploads\/2025\/04\/SCHOKOFEST-2025-Instituto-Aleman-de-Puerto-Montt_0055_Niveles-14-300x200.jpg 300w, https:\/\/ialeman.cl\/wp-content\/uploads\/2025\/04\/SCHOKOFEST-2025-Instituto-Aleman-de-Puerto-Montt_0055_Niveles-14-1024x684.jpg 1024w, https:\/\/ialeman.cl\/wp-content\/uploads\/2025\/04\/SCHOKOFEST-2025-Instituto-Aleman-de-Puerto-Montt_0055_Niveles-14-768x513.jpg 768w\" sizes=\"(max-width: 1200px) 100vw, 1200px\" \/><\/a>\n\t\t\t<\/div><\/figure><figure class='gallery-item'>\n\t\t\t<div class='gallery-icon landscape'>\n\t\t\t\t<a data-elementor-open-lightbox=\"yes\" data-elementor-lightbox-slideshow=\"725301a\" data-elementor-lightbox-title=\"SCHOKOFEST 2025 Instituto Alem\u00e1n de Puerto Montt_0056_Niveles 15\" data-e-action-hash=\"#elementor-action%3Aaction%3Dlightbox%26settings%3DeyJpZCI6NDQwNTcsInVybCI6Imh0dHBzOlwvXC9pYWxlbWFuLmNsXC93cC1jb250ZW50XC91cGxvYWRzXC8yMDI1XC8wNFwvU0NIT0tPRkVTVC0yMDI1LUluc3RpdHV0by1BbGVtYW4tZGUtUHVlcnRvLU1vbnR0XzAwNTZfTml2ZWxlcy0xNS5qcGciLCJzbGlkZXNob3ciOiI3MjUzMDFhIn0%3D\" href='https:\/\/ialeman.cl\/wp-content\/uploads\/2025\/04\/SCHOKOFEST-2025-Instituto-Aleman-de-Puerto-Montt_0056_Niveles-15.jpg'><img loading=\"lazy\" decoding=\"async\" width=\"1200\" height=\"801\" src=\"https:\/\/ialeman.cl\/wp-content\/uploads\/2025\/04\/SCHOKOFEST-2025-Instituto-Aleman-de-Puerto-Montt_0056_Niveles-15.jpg\" class=\"attachment-full size-full\" alt=\"\" srcset=\"https:\/\/ialeman.cl\/wp-content\/uploads\/2025\/04\/SCHOKOFEST-2025-Instituto-Aleman-de-Puerto-Montt_0056_Niveles-15.jpg 1200w, https:\/\/ialeman.cl\/wp-content\/uploads\/2025\/04\/SCHOKOFEST-2025-Instituto-Aleman-de-Puerto-Montt_0056_Niveles-15-300x200.jpg 300w, https:\/\/ialeman.cl\/wp-content\/uploads\/2025\/04\/SCHOKOFEST-2025-Instituto-Aleman-de-Puerto-Montt_0056_Niveles-15-1024x684.jpg 1024w, https:\/\/ialeman.cl\/wp-content\/uploads\/2025\/04\/SCHOKOFEST-2025-Instituto-Aleman-de-Puerto-Montt_0056_Niveles-15-768x513.jpg 768w\" sizes=\"(max-width: 1200px) 100vw, 1200px\" \/><\/a>\n\t\t\t<\/div><\/figure><figure class='gallery-item'>\n\t\t\t<div class='gallery-icon landscape'>\n\t\t\t\t<a data-elementor-open-lightbox=\"yes\" data-elementor-lightbox-slideshow=\"725301a\" data-elementor-lightbox-title=\"SCHOKOFEST 2025 Instituto Alem\u00e1n de Puerto Montt_0057_imag1\" data-e-action-hash=\"#elementor-action%3Aaction%3Dlightbox%26settings%3DeyJpZCI6NDQwNTgsInVybCI6Imh0dHBzOlwvXC9pYWxlbWFuLmNsXC93cC1jb250ZW50XC91cGxvYWRzXC8yMDI1XC8wNFwvU0NIT0tPRkVTVC0yMDI1LUluc3RpdHV0by1BbGVtYW4tZGUtUHVlcnRvLU1vbnR0XzAwNTdfaW1hZzEuanBnIiwic2xpZGVzaG93IjoiNzI1MzAxYSJ9\" href='https:\/\/ialeman.cl\/wp-content\/uploads\/2025\/04\/SCHOKOFEST-2025-Instituto-Aleman-de-Puerto-Montt_0057_imag1.jpg'><img loading=\"lazy\" decoding=\"async\" width=\"1200\" height=\"801\" src=\"https:\/\/ialeman.cl\/wp-content\/uploads\/2025\/04\/SCHOKOFEST-2025-Instituto-Aleman-de-Puerto-Montt_0057_imag1.jpg\" class=\"attachment-full size-full\" alt=\"\" srcset=\"https:\/\/ialeman.cl\/wp-content\/uploads\/2025\/04\/SCHOKOFEST-2025-Instituto-Aleman-de-Puerto-Montt_0057_imag1.jpg 1200w, https:\/\/ialeman.cl\/wp-content\/uploads\/2025\/04\/SCHOKOFEST-2025-Instituto-Aleman-de-Puerto-Montt_0057_imag1-300x200.jpg 300w, https:\/\/ialeman.cl\/wp-content\/uploads\/2025\/04\/SCHOKOFEST-2025-Instituto-Aleman-de-Puerto-Montt_0057_imag1-1024x684.jpg 1024w, https:\/\/ialeman.cl\/wp-content\/uploads\/2025\/04\/SCHOKOFEST-2025-Instituto-Aleman-de-Puerto-Montt_0057_imag1-768x513.jpg 768w\" sizes=\"(max-width: 1200px) 100vw, 1200px\" \/><\/a>\n\t\t\t<\/div><\/figure><figure class='gallery-item'>\n\t\t\t<div class='gallery-icon landscape'>\n\t\t\t\t<a data-elementor-open-lightbox=\"yes\" data-elementor-lightbox-slideshow=\"725301a\" data-elementor-lightbox-title=\"SCHOKOFEST 2025 Instituto Alem\u00e1n de Puerto Montt_0058_e9a4d696-ffdd-4db8-b655-0cb726513947\" data-e-action-hash=\"#elementor-action%3Aaction%3Dlightbox%26settings%3DeyJpZCI6NDQwNTksInVybCI6Imh0dHBzOlwvXC9pYWxlbWFuLmNsXC93cC1jb250ZW50XC91cGxvYWRzXC8yMDI1XC8wNFwvU0NIT0tPRkVTVC0yMDI1LUluc3RpdHV0by1BbGVtYW4tZGUtUHVlcnRvLU1vbnR0XzAwNThfZTlhNGQ2OTYtZmZkZC00ZGI4LWI2NTUtMGNiNzI2NTEzOTQ3LmpwZyIsInNsaWRlc2hvdyI6IjcyNTMwMWEifQ%3D%3D\" href='https:\/\/ialeman.cl\/wp-content\/uploads\/2025\/04\/SCHOKOFEST-2025-Instituto-Aleman-de-Puerto-Montt_0058_e9a4d696-ffdd-4db8-b655-0cb726513947.jpg'><img loading=\"lazy\" decoding=\"async\" width=\"1200\" height=\"801\" src=\"https:\/\/ialeman.cl\/wp-content\/uploads\/2025\/04\/SCHOKOFEST-2025-Instituto-Aleman-de-Puerto-Montt_0058_e9a4d696-ffdd-4db8-b655-0cb726513947.jpg\" class=\"attachment-full size-full\" alt=\"\" srcset=\"https:\/\/ialeman.cl\/wp-content\/uploads\/2025\/04\/SCHOKOFEST-2025-Instituto-Aleman-de-Puerto-Montt_0058_e9a4d696-ffdd-4db8-b655-0cb726513947.jpg 1200w, https:\/\/ialeman.cl\/wp-content\/uploads\/2025\/04\/SCHOKOFEST-2025-Instituto-Aleman-de-Puerto-Montt_0058_e9a4d696-ffdd-4db8-b655-0cb726513947-300x200.jpg 300w, https:\/\/ialeman.cl\/wp-content\/uploads\/2025\/04\/SCHOKOFEST-2025-Instituto-Aleman-de-Puerto-Montt_0058_e9a4d696-ffdd-4db8-b655-0cb726513947-1024x684.jpg 1024w, https:\/\/ialeman.cl\/wp-content\/uploads\/2025\/04\/SCHOKOFEST-2025-Instituto-Aleman-de-Puerto-Montt_0058_e9a4d696-ffdd-4db8-b655-0cb726513947-768x513.jpg 768w\" sizes=\"(max-width: 1200px) 100vw, 1200px\" \/><\/a>\n\t\t\t<\/div><\/figure><figure class='gallery-item'>\n\t\t\t<div class='gallery-icon landscape'>\n\t\t\t\t<a data-elementor-open-lightbox=\"yes\" data-elementor-lightbox-slideshow=\"725301a\" data-elementor-lightbox-title=\"SCHOKOFEST 2025 Instituto Alem\u00e1n de Puerto Montt_0059_471510e7-7a94-4f18-ab89-f1387cc14d68\" data-e-action-hash=\"#elementor-action%3Aaction%3Dlightbox%26settings%3DeyJpZCI6NDQwNjAsInVybCI6Imh0dHBzOlwvXC9pYWxlbWFuLmNsXC93cC1jb250ZW50XC91cGxvYWRzXC8yMDI1XC8wNFwvU0NIT0tPRkVTVC0yMDI1LUluc3RpdHV0by1BbGVtYW4tZGUtUHVlcnRvLU1vbnR0XzAwNTlfNDcxNTEwZTctN2E5NC00ZjE4LWFiODktZjEzODdjYzE0ZDY4LmpwZyIsInNsaWRlc2hvdyI6IjcyNTMwMWEifQ%3D%3D\" href='https:\/\/ialeman.cl\/wp-content\/uploads\/2025\/04\/SCHOKOFEST-2025-Instituto-Aleman-de-Puerto-Montt_0059_471510e7-7a94-4f18-ab89-f1387cc14d68.jpg'><img loading=\"lazy\" decoding=\"async\" width=\"1200\" height=\"801\" src=\"https:\/\/ialeman.cl\/wp-content\/uploads\/2025\/04\/SCHOKOFEST-2025-Instituto-Aleman-de-Puerto-Montt_0059_471510e7-7a94-4f18-ab89-f1387cc14d68.jpg\" class=\"attachment-full size-full\" alt=\"\" srcset=\"https:\/\/ialeman.cl\/wp-content\/uploads\/2025\/04\/SCHOKOFEST-2025-Instituto-Aleman-de-Puerto-Montt_0059_471510e7-7a94-4f18-ab89-f1387cc14d68.jpg 1200w, https:\/\/ialeman.cl\/wp-content\/uploads\/2025\/04\/SCHOKOFEST-2025-Instituto-Aleman-de-Puerto-Montt_0059_471510e7-7a94-4f18-ab89-f1387cc14d68-300x200.jpg 300w, https:\/\/ialeman.cl\/wp-content\/uploads\/2025\/04\/SCHOKOFEST-2025-Instituto-Aleman-de-Puerto-Montt_0059_471510e7-7a94-4f18-ab89-f1387cc14d68-1024x684.jpg 1024w, https:\/\/ialeman.cl\/wp-content\/uploads\/2025\/04\/SCHOKOFEST-2025-Instituto-Aleman-de-Puerto-Montt_0059_471510e7-7a94-4f18-ab89-f1387cc14d68-768x513.jpg 768w\" sizes=\"(max-width: 1200px) 100vw, 1200px\" \/><\/a>\n\t\t\t<\/div><\/figure>\n\t\t<\/div>\n\t\t<\/div>\n\t\t\t\t\t\t<\/div>\n\t\t\t\t<\/div>\n\t\t\t\t\t<\/div>\n\t\t<\/div>\n\t\t\t\t\t<\/div>\n\t\t<\/section>\n\t\t\t\t<\/div>\n\t\t","protected":false},"excerpt":{"rendered":"<p>Schokofest 2025: una jornada de alegr\u00eda, talentos y comunidad en el Instituto Alem\u00e1n de Puerto Montt El gimnasio del Instituto Alem\u00e1n de Puerto Montt se llen\u00f3 de color, m\u00fasica y entusiasmo con la realizaci\u00f3n de la Schokofest 2025, una emotiva jornada organizada por los estudiantes, apoderados y profesores de II Medio, con el objetivo de [&hellip;]<\/p>\n","protected":false},"author":1,"featured_media":43993,"comment_status":"closed","ping_status":"closed","sticky":false,"template":"","format":"standard","meta":{"site-sidebar-layout":"default","site-content-layout":"","ast-site-content-layout":"default","site-content-style":"default","site-sidebar-style":"default","ast-global-header-display":"","ast-banner-title-visibility":"","ast-main-header-display":"","ast-hfb-above-header-display":"","ast-hfb-below-header-display":"","ast-hfb-mobile-header-display":"","site-post-title":"disabled","ast-breadcrumbs-content":"","ast-featured-img":"disabled","footer-sml-layout":"","ast-disable-related-posts":"","theme-transparent-header-meta":"","adv-header-id-meta":"","stick-header-meta":"","header-above-stick-meta":"","header-main-stick-meta":"","header-below-stick-meta":"","astra-migrate-meta-layouts":"set","ast-page-background-enabled":"default","ast-page-background-meta":{"desktop":{"background-color":"var(--ast-global-color-4)","background-image":"","background-repeat":"repeat","background-position":"center center","background-size":"auto","background-attachment":"scroll","background-type":"","background-media":"","overlay-type":"","overlay-color":"","overlay-opacity":"","overlay-gradient":""},"tablet":{"background-color":"","background-image":"","background-repeat":"repeat","background-position":"center center","background-size":"auto","background-attachment":"scroll","background-type":"","background-media":"","overlay-type":"","overlay-color":"","overlay-opacity":"","overlay-gradient":""},"mobile":{"background-color":"","background-image":"","background-repeat":"repeat","background-position":"center center","background-size":"auto","background-attachment":"scroll","background-type":"","background-media":"","overlay-type":"","overlay-color":"","overlay-opacity":"","overlay-gradient":""}},"ast-content-background-meta":{"desktop":{"background-color":"var(--ast-global-color-5)","background-image":"","background-repeat":"repeat","background-position":"center center","background-size":"auto","background-attachment":"scroll","background-type":"","background-media":"","overlay-type":"","overlay-color":"","overlay-opacity":"","overlay-gradient":""},"tablet":{"background-color":"var(--ast-global-color-5)","background-image":"","background-repeat":"repeat","background-position":"center center","background-size":"auto","background-attachment":"scroll","background-type":"","background-media":"","overlay-type":"","overlay-color":"","overlay-opacity":"","overlay-gradient":""},"mobile":{"background-color":"var(--ast-global-color-5)","background-image":"","background-repeat":"repeat","background-position":"center center","background-size":"auto","background-attachment":"scroll","background-type":"","background-media":"","overlay-type":"","overlay-color":"","overlay-opacity":"","overlay-gradient":""}},"advanced_seo_description":"","jetpack_seo_html_title":"","jetpack_seo_noindex":false,"jetpack_seo_schema_type":"","_jetpack_newsletter_access":"","_jetpack_dont_email_post_to_subs":false,"_jetpack_newsletter_tier_id":0,"_jetpack_memberships_contains_paywalled_content":false,"_wpcom_ai_launchpad_first_post":false,"_jetpack_feature_clip_id":0,"_jetpack_memberships_contains_paid_content":false,"footnotes":"","jetpack_post_was_ever_published":false},"categories":[10],"tags":[],"class_list":["post-43991","post","type-post","status-publish","format-standard","has-post-thumbnail","hentry","category-noticias"],"jetpack_shortlink":"https:\/\/wp.me\/ph8I5c-brx","jetpack_sharing_enabled":true,"jetpack_featured_media_url":"https:\/\/ialeman.cl\/wp-content\/uploads\/2025\/04\/SCHOKOFEST-2025-Instituto-Aleman-de-Puerto-Montt_0000_DSC_4383.jpg","_links":{"self":[{"href":"https:\/\/ialeman.cl\/index.php\/wp-json\/wp\/v2\/posts\/43991","targetHints":{"allow":["GET"]}}],"collection":[{"href":"https:\/\/ialeman.cl\/index.php\/wp-json\/wp\/v2\/posts"}],"about":[{"href":"https:\/\/ialeman.cl\/index.php\/wp-json\/wp\/v2\/types\/post"}],"author":[{"embeddable":true,"href":"https:\/\/ialeman.cl\/index.php\/wp-json\/wp\/v2\/users\/1"}],"replies":[{"embeddable":true,"href":"https:\/\/ialeman.cl\/index.php\/wp-json\/wp\/v2\/comments?post=43991"}],"version-history":[{"count":11,"href":"https:\/\/ialeman.cl\/index.php\/wp-json\/wp\/v2\/posts\/43991\/revisions"}],"predecessor-version":[{"id":44064,"href":"https:\/\/ialeman.cl\/index.php\/wp-json\/wp\/v2\/posts\/43991\/revisions\/44064"}],"wp:featuredmedia":[{"embeddable":true,"href":"https:\/\/ialeman.cl\/index.php\/wp-json\/wp\/v2\/media\/43993"}],"wp:attachment":[{"href":"https:\/\/ialeman.cl\/index.php\/wp-json\/wp\/v2\/media?parent=43991"}],"wp:term":[{"taxonomy":"category","embeddable":true,"href":"https:\/\/ialeman.cl\/index.php\/wp-json\/wp\/v2\/categories?post=43991"},{"taxonomy":"post_tag","embeddable":true,"href":"https:\/\/ialeman.cl\/index.php\/wp-json\/wp\/v2\/tags?post=43991"}],"curies":[{"name":"wp","href":"https:\/\/api.w.org\/{rel}","templated":true}]}}