{"id":43926,"date":"2025-04-09T15:48:49","date_gmt":"2025-04-09T19:48:49","guid":{"rendered":"https:\/\/ialeman.cl\/?p=43926"},"modified":"2025-04-16T16:01:11","modified_gmt":"2025-04-16T20:01:11","slug":"instituto-aleman-de-puerto-montt-recibe-a-estudiantes-alemanes-en-intercambio-escolar","status":"publish","type":"post","link":"https:\/\/ialeman.cl\/index.php\/instituto-aleman-de-puerto-montt-recibe-a-estudiantes-alemanes-en-intercambio-escolar\/","title":{"rendered":"Instituto Alem\u00e1n de Puerto Montt recibe a estudiantes alemanes en intercambio escolar"},"content":{"rendered":"\t\t<div data-elementor-type=\"wp-post\" data-elementor-id=\"43926\" class=\"elementor elementor-43926\">\n\t\t\t\t\t\t<section class=\"elementor-section elementor-top-section elementor-element elementor-element-da39441 elementor-section-boxed elementor-section-height-default elementor-section-height-default\" data-id=\"da39441\" data-element_type=\"section\" data-e-type=\"section\">\n\t\t\t\t\t\t<div class=\"elementor-container elementor-column-gap-default\">\n\t\t\t\t\t<div class=\"elementor-column elementor-col-100 elementor-top-column elementor-element elementor-element-0927745\" data-id=\"0927745\" data-element_type=\"column\" data-e-type=\"column\">\n\t\t\t<div class=\"elementor-widget-wrap elementor-element-populated\">\n\t\t\t\t\t\t<div class=\"elementor-element elementor-element-614742f elementor-widget elementor-widget-heading\" data-id=\"614742f\" data-element_type=\"widget\" data-e-type=\"widget\" data-widget_type=\"heading.default\">\n\t\t\t\t<div class=\"elementor-widget-container\">\n\t\t\t\t\t<h2 class=\"elementor-heading-title elementor-size-default\">Instituto Alem\u00e1n de Puerto Montt recibe a estudiantes alemanes en intercambio escolar<\/h2>\t\t\t\t<\/div>\n\t\t\t\t<\/div>\n\t\t\t\t\t<\/div>\n\t\t<\/div>\n\t\t\t\t\t<\/div>\n\t\t<\/section>\n\t\t\t\t<section class=\"elementor-section elementor-top-section elementor-element elementor-element-191588e elementor-section-boxed elementor-section-height-default elementor-section-height-default\" data-id=\"191588e\" data-element_type=\"section\" data-e-type=\"section\">\n\t\t\t\t\t\t<div class=\"elementor-container elementor-column-gap-default\">\n\t\t\t\t\t<div class=\"elementor-column elementor-col-100 elementor-top-column elementor-element elementor-element-8ec8577\" data-id=\"8ec8577\" data-element_type=\"column\" data-e-type=\"column\">\n\t\t\t<div class=\"elementor-widget-wrap elementor-element-populated\">\n\t\t\t\t\t\t<div class=\"elementor-element elementor-element-878274a elementor-widget elementor-widget-heading\" data-id=\"878274a\" data-element_type=\"widget\" data-e-type=\"widget\" data-widget_type=\"heading.default\">\n\t\t\t\t<div class=\"elementor-widget-container\">\n\t\t\t\t\t<h2 class=\"elementor-heading-title elementor-size-default\">Con gran alegr\u00eda, en el Instituto Alem\u00e1n de Puerto Montt recibimos a los 20 estudiantes alemanes que participan este a\u00f1o en nuestro programa de intercambio escolar 2025.<br><br>\n\nLos j\u00f3venes fueron recibidos en el Aeropuerto El Tepual por las mismas familias chilenas que, durante el verano, enviaron a sus hijos a vivir la experiencia de intercambio en Alemania. Este reencuentro, esperado con mucha emoci\u00f3n, estuvo marcado por gestos de cari\u00f1o, pancartas y regalos.<br><br>\n\nLa bienvenida oficial se realiz\u00f3 en el auditorio del colegio, con la participaci\u00f3n de autoridades, profesores y estudiantes de Ense\u00f1anza Media. Durante abril, los alumnos alemanes se integrar\u00e1n a los cursos de II y III Medio, participar\u00e1n en las Actividades de Formaci\u00f3n Complementaria y contribuir\u00e1n al fortalecimiento del idioma alem\u00e1n en nuestras aulas.<br><br>\n\nPara el Instituto Alem\u00e1n de Puerto Montt, este intercambio representa una valiosa instancia de crecimiento, que nos permite seguir promoviendo el aprendizaje intercultural y reafirmar nuestro sello fundacional.<\/h2>\t\t\t\t<\/div>\n\t\t\t\t<\/div>\n\t\t\t\t\t<\/div>\n\t\t<\/div>\n\t\t\t\t\t<\/div>\n\t\t<\/section>\n\t\t\t\t<section class=\"elementor-section elementor-top-section elementor-element elementor-element-8636312 elementor-section-boxed elementor-section-height-default elementor-section-height-default\" data-id=\"8636312\" data-element_type=\"section\" data-e-type=\"section\">\n\t\t\t\t\t\t<div class=\"elementor-container elementor-column-gap-default\">\n\t\t\t\t\t<div class=\"elementor-column elementor-col-100 elementor-top-column elementor-element elementor-element-26e4f0a\" data-id=\"26e4f0a\" data-element_type=\"column\" data-e-type=\"column\">\n\t\t\t<div class=\"elementor-widget-wrap elementor-element-populated\">\n\t\t\t\t\t\t<div class=\"elementor-element elementor-element-b388bc0 gallery-spacing-custom elementor-widget elementor-widget-image-gallery\" data-id=\"b388bc0\" data-element_type=\"widget\" data-e-type=\"widget\" data-widget_type=\"image-gallery.default\">\n\t\t\t\t<div class=\"elementor-widget-container\">\n\t\t\t\t\t\t\t<div class=\"elementor-image-gallery\">\n\t\t\t<div id='gallery-1' class='gallery galleryid-43926 gallery-columns-2 gallery-size-full'><figure class='gallery-item'>\n\t\t\t<div class='gallery-icon landscape'>\n\t\t\t\t<a data-elementor-open-lightbox=\"yes\" data-elementor-lightbox-slideshow=\"b388bc0\" data-elementor-lightbox-title=\"INTERCAMBIO ALEMANIA 2025 Instituto Alem\u00e1n Puerto Montt_0000_Brillo_contraste 1\" data-e-action-hash=\"#elementor-action%3Aaction%3Dlightbox%26settings%3DeyJpZCI6NDM5MzUsInVybCI6Imh0dHBzOlwvXC9pYWxlbWFuLmNsXC93cC1jb250ZW50XC91cGxvYWRzXC8yMDI1XC8wNFwvSU5URVJDQU1CSU8tQUxFTUFOSUEtMjAyNS1JbnN0aXR1dG8tQWxlbWFuLVB1ZXJ0by1Nb250dF8wMDAwX0JyaWxsb19jb250cmFzdGUtMS0xLmpwZyIsInNsaWRlc2hvdyI6ImIzODhiYzAifQ%3D%3D\" href='https:\/\/ialeman.cl\/wp-content\/uploads\/2025\/04\/INTERCAMBIO-ALEMANIA-2025-Instituto-Aleman-Puerto-Montt_0000_Brillo_contraste-1-1.jpg'><img fetchpriority=\"high\" decoding=\"async\" width=\"1200\" height=\"801\" src=\"https:\/\/ialeman.cl\/wp-content\/uploads\/2025\/04\/INTERCAMBIO-ALEMANIA-2025-Instituto-Aleman-Puerto-Montt_0000_Brillo_contraste-1-1.jpg\" class=\"attachment-full size-full\" alt=\"\" srcset=\"https:\/\/ialeman.cl\/wp-content\/uploads\/2025\/04\/INTERCAMBIO-ALEMANIA-2025-Instituto-Aleman-Puerto-Montt_0000_Brillo_contraste-1-1.jpg 1200w, https:\/\/ialeman.cl\/wp-content\/uploads\/2025\/04\/INTERCAMBIO-ALEMANIA-2025-Instituto-Aleman-Puerto-Montt_0000_Brillo_contraste-1-1-300x200.jpg 300w, https:\/\/ialeman.cl\/wp-content\/uploads\/2025\/04\/INTERCAMBIO-ALEMANIA-2025-Instituto-Aleman-Puerto-Montt_0000_Brillo_contraste-1-1-1024x684.jpg 1024w, https:\/\/ialeman.cl\/wp-content\/uploads\/2025\/04\/INTERCAMBIO-ALEMANIA-2025-Instituto-Aleman-Puerto-Montt_0000_Brillo_contraste-1-1-768x513.jpg 768w\" sizes=\"(max-width: 1200px) 100vw, 1200px\" \/><\/a>\n\t\t\t<\/div><\/figure><figure class='gallery-item'>\n\t\t\t<div class='gallery-icon landscape'>\n\t\t\t\t<a data-elementor-open-lightbox=\"yes\" data-elementor-lightbox-slideshow=\"b388bc0\" data-elementor-lightbox-title=\"INTERCAMBIO ALEMANIA 2025 Instituto Alem\u00e1n Puerto Montt_0001_Niveles 1\" data-e-action-hash=\"#elementor-action%3Aaction%3Dlightbox%26settings%3DeyJpZCI6NDM5MzYsInVybCI6Imh0dHBzOlwvXC9pYWxlbWFuLmNsXC93cC1jb250ZW50XC91cGxvYWRzXC8yMDI1XC8wNFwvSU5URVJDQU1CSU8tQUxFTUFOSUEtMjAyNS1JbnN0aXR1dG8tQWxlbWFuLVB1ZXJ0by1Nb250dF8wMDAxX05pdmVsZXMtMS5qcGciLCJzbGlkZXNob3ciOiJiMzg4YmMwIn0%3D\" href='https:\/\/ialeman.cl\/wp-content\/uploads\/2025\/04\/INTERCAMBIO-ALEMANIA-2025-Instituto-Aleman-Puerto-Montt_0001_Niveles-1.jpg'><img decoding=\"async\" width=\"1200\" height=\"801\" src=\"https:\/\/ialeman.cl\/wp-content\/uploads\/2025\/04\/INTERCAMBIO-ALEMANIA-2025-Instituto-Aleman-Puerto-Montt_0001_Niveles-1.jpg\" class=\"attachment-full size-full\" alt=\"\" srcset=\"https:\/\/ialeman.cl\/wp-content\/uploads\/2025\/04\/INTERCAMBIO-ALEMANIA-2025-Instituto-Aleman-Puerto-Montt_0001_Niveles-1.jpg 1200w, https:\/\/ialeman.cl\/wp-content\/uploads\/2025\/04\/INTERCAMBIO-ALEMANIA-2025-Instituto-Aleman-Puerto-Montt_0001_Niveles-1-300x200.jpg 300w, https:\/\/ialeman.cl\/wp-content\/uploads\/2025\/04\/INTERCAMBIO-ALEMANIA-2025-Instituto-Aleman-Puerto-Montt_0001_Niveles-1-1024x684.jpg 1024w, https:\/\/ialeman.cl\/wp-content\/uploads\/2025\/04\/INTERCAMBIO-ALEMANIA-2025-Instituto-Aleman-Puerto-Montt_0001_Niveles-1-768x513.jpg 768w\" sizes=\"(max-width: 1200px) 100vw, 1200px\" \/><\/a>\n\t\t\t<\/div><\/figure><figure class='gallery-item'>\n\t\t\t<div class='gallery-icon landscape'>\n\t\t\t\t<a data-elementor-open-lightbox=\"yes\" data-elementor-lightbox-slideshow=\"b388bc0\" data-elementor-lightbox-title=\"INTERCAMBIO ALEMANIA 2025 Instituto Alem\u00e1n Puerto Montt_0002_Brillo_contraste 2\" data-e-action-hash=\"#elementor-action%3Aaction%3Dlightbox%26settings%3DeyJpZCI6NDM5MzcsInVybCI6Imh0dHBzOlwvXC9pYWxlbWFuLmNsXC93cC1jb250ZW50XC91cGxvYWRzXC8yMDI1XC8wNFwvSU5URVJDQU1CSU8tQUxFTUFOSUEtMjAyNS1JbnN0aXR1dG8tQWxlbWFuLVB1ZXJ0by1Nb250dF8wMDAyX0JyaWxsb19jb250cmFzdGUtMi5qcGciLCJzbGlkZXNob3ciOiJiMzg4YmMwIn0%3D\" href='https:\/\/ialeman.cl\/wp-content\/uploads\/2025\/04\/INTERCAMBIO-ALEMANIA-2025-Instituto-Aleman-Puerto-Montt_0002_Brillo_contraste-2.jpg'><img decoding=\"async\" width=\"1200\" height=\"801\" src=\"https:\/\/ialeman.cl\/wp-content\/uploads\/2025\/04\/INTERCAMBIO-ALEMANIA-2025-Instituto-Aleman-Puerto-Montt_0002_Brillo_contraste-2.jpg\" class=\"attachment-full size-full\" alt=\"\" srcset=\"https:\/\/ialeman.cl\/wp-content\/uploads\/2025\/04\/INTERCAMBIO-ALEMANIA-2025-Instituto-Aleman-Puerto-Montt_0002_Brillo_contraste-2.jpg 1200w, https:\/\/ialeman.cl\/wp-content\/uploads\/2025\/04\/INTERCAMBIO-ALEMANIA-2025-Instituto-Aleman-Puerto-Montt_0002_Brillo_contraste-2-300x200.jpg 300w, https:\/\/ialeman.cl\/wp-content\/uploads\/2025\/04\/INTERCAMBIO-ALEMANIA-2025-Instituto-Aleman-Puerto-Montt_0002_Brillo_contraste-2-1024x684.jpg 1024w, https:\/\/ialeman.cl\/wp-content\/uploads\/2025\/04\/INTERCAMBIO-ALEMANIA-2025-Instituto-Aleman-Puerto-Montt_0002_Brillo_contraste-2-768x513.jpg 768w\" sizes=\"(max-width: 1200px) 100vw, 1200px\" \/><\/a>\n\t\t\t<\/div><\/figure><figure class='gallery-item'>\n\t\t\t<div class='gallery-icon landscape'>\n\t\t\t\t<a data-elementor-open-lightbox=\"yes\" data-elementor-lightbox-slideshow=\"b388bc0\" data-elementor-lightbox-title=\"INTERCAMBIO ALEMANIA 2025 Instituto Alem\u00e1n Puerto Montt_0012_Brillo_contraste 7\" data-e-action-hash=\"#elementor-action%3Aaction%3Dlightbox%26settings%3DeyJpZCI6NDM5NDcsInVybCI6Imh0dHBzOlwvXC9pYWxlbWFuLmNsXC93cC1jb250ZW50XC91cGxvYWRzXC8yMDI1XC8wNFwvSU5URVJDQU1CSU8tQUxFTUFOSUEtMjAyNS1JbnN0aXR1dG8tQWxlbWFuLVB1ZXJ0by1Nb250dF8wMDEyX0JyaWxsb19jb250cmFzdGUtNy5qcGciLCJzbGlkZXNob3ciOiJiMzg4YmMwIn0%3D\" href='https:\/\/ialeman.cl\/wp-content\/uploads\/2025\/04\/INTERCAMBIO-ALEMANIA-2025-Instituto-Aleman-Puerto-Montt_0012_Brillo_contraste-7.jpg'><img loading=\"lazy\" decoding=\"async\" width=\"1200\" height=\"801\" src=\"https:\/\/ialeman.cl\/wp-content\/uploads\/2025\/04\/INTERCAMBIO-ALEMANIA-2025-Instituto-Aleman-Puerto-Montt_0012_Brillo_contraste-7.jpg\" class=\"attachment-full size-full\" alt=\"\" srcset=\"https:\/\/ialeman.cl\/wp-content\/uploads\/2025\/04\/INTERCAMBIO-ALEMANIA-2025-Instituto-Aleman-Puerto-Montt_0012_Brillo_contraste-7.jpg 1200w, https:\/\/ialeman.cl\/wp-content\/uploads\/2025\/04\/INTERCAMBIO-ALEMANIA-2025-Instituto-Aleman-Puerto-Montt_0012_Brillo_contraste-7-300x200.jpg 300w, https:\/\/ialeman.cl\/wp-content\/uploads\/2025\/04\/INTERCAMBIO-ALEMANIA-2025-Instituto-Aleman-Puerto-Montt_0012_Brillo_contraste-7-1024x684.jpg 1024w, https:\/\/ialeman.cl\/wp-content\/uploads\/2025\/04\/INTERCAMBIO-ALEMANIA-2025-Instituto-Aleman-Puerto-Montt_0012_Brillo_contraste-7-768x513.jpg 768w\" sizes=\"(max-width: 1200px) 100vw, 1200px\" \/><\/a>\n\t\t\t<\/div><\/figure><figure class='gallery-item'>\n\t\t\t<div class='gallery-icon landscape'>\n\t\t\t\t<a data-elementor-open-lightbox=\"yes\" data-elementor-lightbox-slideshow=\"b388bc0\" data-elementor-lightbox-title=\"INTERCAMBIO ALEMANIA 2025 Instituto Alem\u00e1n Puerto Montt_0011_DSC_3358\" data-e-action-hash=\"#elementor-action%3Aaction%3Dlightbox%26settings%3DeyJpZCI6NDM5NDYsInVybCI6Imh0dHBzOlwvXC9pYWxlbWFuLmNsXC93cC1jb250ZW50XC91cGxvYWRzXC8yMDI1XC8wNFwvSU5URVJDQU1CSU8tQUxFTUFOSUEtMjAyNS1JbnN0aXR1dG8tQWxlbWFuLVB1ZXJ0by1Nb250dF8wMDExX0RTQ18zMzU4LmpwZyIsInNsaWRlc2hvdyI6ImIzODhiYzAifQ%3D%3D\" href='https:\/\/ialeman.cl\/wp-content\/uploads\/2025\/04\/INTERCAMBIO-ALEMANIA-2025-Instituto-Aleman-Puerto-Montt_0011_DSC_3358.jpg'><img loading=\"lazy\" decoding=\"async\" width=\"1200\" height=\"801\" src=\"https:\/\/ialeman.cl\/wp-content\/uploads\/2025\/04\/INTERCAMBIO-ALEMANIA-2025-Instituto-Aleman-Puerto-Montt_0011_DSC_3358.jpg\" class=\"attachment-full size-full\" alt=\"\" srcset=\"https:\/\/ialeman.cl\/wp-content\/uploads\/2025\/04\/INTERCAMBIO-ALEMANIA-2025-Instituto-Aleman-Puerto-Montt_0011_DSC_3358.jpg 1200w, https:\/\/ialeman.cl\/wp-content\/uploads\/2025\/04\/INTERCAMBIO-ALEMANIA-2025-Instituto-Aleman-Puerto-Montt_0011_DSC_3358-300x200.jpg 300w, https:\/\/ialeman.cl\/wp-content\/uploads\/2025\/04\/INTERCAMBIO-ALEMANIA-2025-Instituto-Aleman-Puerto-Montt_0011_DSC_3358-1024x684.jpg 1024w, https:\/\/ialeman.cl\/wp-content\/uploads\/2025\/04\/INTERCAMBIO-ALEMANIA-2025-Instituto-Aleman-Puerto-Montt_0011_DSC_3358-768x513.jpg 768w\" sizes=\"(max-width: 1200px) 100vw, 1200px\" \/><\/a>\n\t\t\t<\/div><\/figure><figure class='gallery-item'>\n\t\t\t<div class='gallery-icon landscape'>\n\t\t\t\t<a data-elementor-open-lightbox=\"yes\" data-elementor-lightbox-slideshow=\"b388bc0\" data-elementor-lightbox-title=\"INTERCAMBIO ALEMANIA 2025 Instituto Alem\u00e1n Puerto Montt_0028_DSC_3324\" data-e-action-hash=\"#elementor-action%3Aaction%3Dlightbox%26settings%3DeyJpZCI6NDM5NjMsInVybCI6Imh0dHBzOlwvXC9pYWxlbWFuLmNsXC93cC1jb250ZW50XC91cGxvYWRzXC8yMDI1XC8wNFwvSU5URVJDQU1CSU8tQUxFTUFOSUEtMjAyNS1JbnN0aXR1dG8tQWxlbWFuLVB1ZXJ0by1Nb250dF8wMDI4X0RTQ18zMzI0LmpwZyIsInNsaWRlc2hvdyI6ImIzODhiYzAifQ%3D%3D\" href='https:\/\/ialeman.cl\/wp-content\/uploads\/2025\/04\/INTERCAMBIO-ALEMANIA-2025-Instituto-Aleman-Puerto-Montt_0028_DSC_3324.jpg'><img loading=\"lazy\" decoding=\"async\" width=\"1200\" height=\"801\" src=\"https:\/\/ialeman.cl\/wp-content\/uploads\/2025\/04\/INTERCAMBIO-ALEMANIA-2025-Instituto-Aleman-Puerto-Montt_0028_DSC_3324.jpg\" class=\"attachment-full size-full\" alt=\"\" srcset=\"https:\/\/ialeman.cl\/wp-content\/uploads\/2025\/04\/INTERCAMBIO-ALEMANIA-2025-Instituto-Aleman-Puerto-Montt_0028_DSC_3324.jpg 1200w, https:\/\/ialeman.cl\/wp-content\/uploads\/2025\/04\/INTERCAMBIO-ALEMANIA-2025-Instituto-Aleman-Puerto-Montt_0028_DSC_3324-300x200.jpg 300w, https:\/\/ialeman.cl\/wp-content\/uploads\/2025\/04\/INTERCAMBIO-ALEMANIA-2025-Instituto-Aleman-Puerto-Montt_0028_DSC_3324-1024x684.jpg 1024w, https:\/\/ialeman.cl\/wp-content\/uploads\/2025\/04\/INTERCAMBIO-ALEMANIA-2025-Instituto-Aleman-Puerto-Montt_0028_DSC_3324-768x513.jpg 768w\" sizes=\"(max-width: 1200px) 100vw, 1200px\" \/><\/a>\n\t\t\t<\/div><\/figure><figure class='gallery-item'>\n\t\t\t<div class='gallery-icon landscape'>\n\t\t\t\t<a data-elementor-open-lightbox=\"yes\" data-elementor-lightbox-slideshow=\"b388bc0\" data-elementor-lightbox-title=\"INTERCAMBIO ALEMANIA 2025 Instituto Alem\u00e1n Puerto Montt_0015_Niveles 13\" data-e-action-hash=\"#elementor-action%3Aaction%3Dlightbox%26settings%3DeyJpZCI6NDM5NTAsInVybCI6Imh0dHBzOlwvXC9pYWxlbWFuLmNsXC93cC1jb250ZW50XC91cGxvYWRzXC8yMDI1XC8wNFwvSU5URVJDQU1CSU8tQUxFTUFOSUEtMjAyNS1JbnN0aXR1dG8tQWxlbWFuLVB1ZXJ0by1Nb250dF8wMDE1X05pdmVsZXMtMTMuanBnIiwic2xpZGVzaG93IjoiYjM4OGJjMCJ9\" href='https:\/\/ialeman.cl\/wp-content\/uploads\/2025\/04\/INTERCAMBIO-ALEMANIA-2025-Instituto-Aleman-Puerto-Montt_0015_Niveles-13.jpg'><img loading=\"lazy\" decoding=\"async\" width=\"1200\" height=\"801\" src=\"https:\/\/ialeman.cl\/wp-content\/uploads\/2025\/04\/INTERCAMBIO-ALEMANIA-2025-Instituto-Aleman-Puerto-Montt_0015_Niveles-13.jpg\" class=\"attachment-full size-full\" alt=\"\" srcset=\"https:\/\/ialeman.cl\/wp-content\/uploads\/2025\/04\/INTERCAMBIO-ALEMANIA-2025-Instituto-Aleman-Puerto-Montt_0015_Niveles-13.jpg 1200w, https:\/\/ialeman.cl\/wp-content\/uploads\/2025\/04\/INTERCAMBIO-ALEMANIA-2025-Instituto-Aleman-Puerto-Montt_0015_Niveles-13-300x200.jpg 300w, https:\/\/ialeman.cl\/wp-content\/uploads\/2025\/04\/INTERCAMBIO-ALEMANIA-2025-Instituto-Aleman-Puerto-Montt_0015_Niveles-13-1024x684.jpg 1024w, https:\/\/ialeman.cl\/wp-content\/uploads\/2025\/04\/INTERCAMBIO-ALEMANIA-2025-Instituto-Aleman-Puerto-Montt_0015_Niveles-13-768x513.jpg 768w\" sizes=\"(max-width: 1200px) 100vw, 1200px\" \/><\/a>\n\t\t\t<\/div><\/figure><figure class='gallery-item'>\n\t\t\t<div class='gallery-icon landscape'>\n\t\t\t\t<a data-elementor-open-lightbox=\"yes\" data-elementor-lightbox-slideshow=\"b388bc0\" data-elementor-lightbox-title=\"INTERCAMBIO ALEMANIA 2025 Instituto Alem\u00e1n Puerto Montt_0013_DSC_3454\" data-e-action-hash=\"#elementor-action%3Aaction%3Dlightbox%26settings%3DeyJpZCI6NDM5NDgsInVybCI6Imh0dHBzOlwvXC9pYWxlbWFuLmNsXC93cC1jb250ZW50XC91cGxvYWRzXC8yMDI1XC8wNFwvSU5URVJDQU1CSU8tQUxFTUFOSUEtMjAyNS1JbnN0aXR1dG8tQWxlbWFuLVB1ZXJ0by1Nb250dF8wMDEzX0RTQ18zNDU0LmpwZyIsInNsaWRlc2hvdyI6ImIzODhiYzAifQ%3D%3D\" href='https:\/\/ialeman.cl\/wp-content\/uploads\/2025\/04\/INTERCAMBIO-ALEMANIA-2025-Instituto-Aleman-Puerto-Montt_0013_DSC_3454.jpg'><img loading=\"lazy\" decoding=\"async\" width=\"1200\" height=\"801\" src=\"https:\/\/ialeman.cl\/wp-content\/uploads\/2025\/04\/INTERCAMBIO-ALEMANIA-2025-Instituto-Aleman-Puerto-Montt_0013_DSC_3454.jpg\" class=\"attachment-full size-full\" alt=\"\" srcset=\"https:\/\/ialeman.cl\/wp-content\/uploads\/2025\/04\/INTERCAMBIO-ALEMANIA-2025-Instituto-Aleman-Puerto-Montt_0013_DSC_3454.jpg 1200w, https:\/\/ialeman.cl\/wp-content\/uploads\/2025\/04\/INTERCAMBIO-ALEMANIA-2025-Instituto-Aleman-Puerto-Montt_0013_DSC_3454-300x200.jpg 300w, https:\/\/ialeman.cl\/wp-content\/uploads\/2025\/04\/INTERCAMBIO-ALEMANIA-2025-Instituto-Aleman-Puerto-Montt_0013_DSC_3454-1024x684.jpg 1024w, https:\/\/ialeman.cl\/wp-content\/uploads\/2025\/04\/INTERCAMBIO-ALEMANIA-2025-Instituto-Aleman-Puerto-Montt_0013_DSC_3454-768x513.jpg 768w\" sizes=\"(max-width: 1200px) 100vw, 1200px\" \/><\/a>\n\t\t\t<\/div><\/figure><figure class='gallery-item'>\n\t\t\t<div class='gallery-icon landscape'>\n\t\t\t\t<a data-elementor-open-lightbox=\"yes\" data-elementor-lightbox-slideshow=\"b388bc0\" data-elementor-lightbox-title=\"INTERCAMBIO ALEMANIA 2025 Instituto Alem\u00e1n Puerto Montt_0008_Brillo_contraste 6\" data-e-action-hash=\"#elementor-action%3Aaction%3Dlightbox%26settings%3DeyJpZCI6NDM5NDMsInVybCI6Imh0dHBzOlwvXC9pYWxlbWFuLmNsXC93cC1jb250ZW50XC91cGxvYWRzXC8yMDI1XC8wNFwvSU5URVJDQU1CSU8tQUxFTUFOSUEtMjAyNS1JbnN0aXR1dG8tQWxlbWFuLVB1ZXJ0by1Nb250dF8wMDA4X0JyaWxsb19jb250cmFzdGUtNi5qcGciLCJzbGlkZXNob3ciOiJiMzg4YmMwIn0%3D\" href='https:\/\/ialeman.cl\/wp-content\/uploads\/2025\/04\/INTERCAMBIO-ALEMANIA-2025-Instituto-Aleman-Puerto-Montt_0008_Brillo_contraste-6.jpg'><img loading=\"lazy\" decoding=\"async\" width=\"1200\" height=\"801\" src=\"https:\/\/ialeman.cl\/wp-content\/uploads\/2025\/04\/INTERCAMBIO-ALEMANIA-2025-Instituto-Aleman-Puerto-Montt_0008_Brillo_contraste-6.jpg\" class=\"attachment-full size-full\" alt=\"\" srcset=\"https:\/\/ialeman.cl\/wp-content\/uploads\/2025\/04\/INTERCAMBIO-ALEMANIA-2025-Instituto-Aleman-Puerto-Montt_0008_Brillo_contraste-6.jpg 1200w, https:\/\/ialeman.cl\/wp-content\/uploads\/2025\/04\/INTERCAMBIO-ALEMANIA-2025-Instituto-Aleman-Puerto-Montt_0008_Brillo_contraste-6-300x200.jpg 300w, https:\/\/ialeman.cl\/wp-content\/uploads\/2025\/04\/INTERCAMBIO-ALEMANIA-2025-Instituto-Aleman-Puerto-Montt_0008_Brillo_contraste-6-1024x684.jpg 1024w, https:\/\/ialeman.cl\/wp-content\/uploads\/2025\/04\/INTERCAMBIO-ALEMANIA-2025-Instituto-Aleman-Puerto-Montt_0008_Brillo_contraste-6-768x513.jpg 768w\" sizes=\"(max-width: 1200px) 100vw, 1200px\" \/><\/a>\n\t\t\t<\/div><\/figure><figure class='gallery-item'>\n\t\t\t<div class='gallery-icon landscape'>\n\t\t\t\t<a data-elementor-open-lightbox=\"yes\" data-elementor-lightbox-slideshow=\"b388bc0\" data-elementor-lightbox-title=\"INTERCAMBIO ALEMANIA 2025 Instituto Alem\u00e1n Puerto Montt_0009_Niveles 4\" data-e-action-hash=\"#elementor-action%3Aaction%3Dlightbox%26settings%3DeyJpZCI6NDM5NDQsInVybCI6Imh0dHBzOlwvXC9pYWxlbWFuLmNsXC93cC1jb250ZW50XC91cGxvYWRzXC8yMDI1XC8wNFwvSU5URVJDQU1CSU8tQUxFTUFOSUEtMjAyNS1JbnN0aXR1dG8tQWxlbWFuLVB1ZXJ0by1Nb250dF8wMDA5X05pdmVsZXMtNC5qcGciLCJzbGlkZXNob3ciOiJiMzg4YmMwIn0%3D\" href='https:\/\/ialeman.cl\/wp-content\/uploads\/2025\/04\/INTERCAMBIO-ALEMANIA-2025-Instituto-Aleman-Puerto-Montt_0009_Niveles-4.jpg'><img loading=\"lazy\" decoding=\"async\" width=\"1200\" height=\"801\" src=\"https:\/\/ialeman.cl\/wp-content\/uploads\/2025\/04\/INTERCAMBIO-ALEMANIA-2025-Instituto-Aleman-Puerto-Montt_0009_Niveles-4.jpg\" class=\"attachment-full size-full\" alt=\"\" srcset=\"https:\/\/ialeman.cl\/wp-content\/uploads\/2025\/04\/INTERCAMBIO-ALEMANIA-2025-Instituto-Aleman-Puerto-Montt_0009_Niveles-4.jpg 1200w, https:\/\/ialeman.cl\/wp-content\/uploads\/2025\/04\/INTERCAMBIO-ALEMANIA-2025-Instituto-Aleman-Puerto-Montt_0009_Niveles-4-300x200.jpg 300w, https:\/\/ialeman.cl\/wp-content\/uploads\/2025\/04\/INTERCAMBIO-ALEMANIA-2025-Instituto-Aleman-Puerto-Montt_0009_Niveles-4-1024x684.jpg 1024w, https:\/\/ialeman.cl\/wp-content\/uploads\/2025\/04\/INTERCAMBIO-ALEMANIA-2025-Instituto-Aleman-Puerto-Montt_0009_Niveles-4-768x513.jpg 768w\" sizes=\"(max-width: 1200px) 100vw, 1200px\" \/><\/a>\n\t\t\t<\/div><\/figure><figure class='gallery-item'>\n\t\t\t<div class='gallery-icon landscape'>\n\t\t\t\t<a data-elementor-open-lightbox=\"yes\" data-elementor-lightbox-slideshow=\"b388bc0\" data-elementor-lightbox-title=\"INTERCAMBIO ALEMANIA 2025 Instituto Alem\u00e1n Puerto Montt_0010_Niveles 5\" data-e-action-hash=\"#elementor-action%3Aaction%3Dlightbox%26settings%3DeyJpZCI6NDM5NDUsInVybCI6Imh0dHBzOlwvXC9pYWxlbWFuLmNsXC93cC1jb250ZW50XC91cGxvYWRzXC8yMDI1XC8wNFwvSU5URVJDQU1CSU8tQUxFTUFOSUEtMjAyNS1JbnN0aXR1dG8tQWxlbWFuLVB1ZXJ0by1Nb250dF8wMDEwX05pdmVsZXMtNS5qcGciLCJzbGlkZXNob3ciOiJiMzg4YmMwIn0%3D\" href='https:\/\/ialeman.cl\/wp-content\/uploads\/2025\/04\/INTERCAMBIO-ALEMANIA-2025-Instituto-Aleman-Puerto-Montt_0010_Niveles-5.jpg'><img loading=\"lazy\" decoding=\"async\" width=\"1200\" height=\"801\" src=\"https:\/\/ialeman.cl\/wp-content\/uploads\/2025\/04\/INTERCAMBIO-ALEMANIA-2025-Instituto-Aleman-Puerto-Montt_0010_Niveles-5.jpg\" class=\"attachment-full size-full\" alt=\"\" srcset=\"https:\/\/ialeman.cl\/wp-content\/uploads\/2025\/04\/INTERCAMBIO-ALEMANIA-2025-Instituto-Aleman-Puerto-Montt_0010_Niveles-5.jpg 1200w, https:\/\/ialeman.cl\/wp-content\/uploads\/2025\/04\/INTERCAMBIO-ALEMANIA-2025-Instituto-Aleman-Puerto-Montt_0010_Niveles-5-300x200.jpg 300w, https:\/\/ialeman.cl\/wp-content\/uploads\/2025\/04\/INTERCAMBIO-ALEMANIA-2025-Instituto-Aleman-Puerto-Montt_0010_Niveles-5-1024x684.jpg 1024w, https:\/\/ialeman.cl\/wp-content\/uploads\/2025\/04\/INTERCAMBIO-ALEMANIA-2025-Instituto-Aleman-Puerto-Montt_0010_Niveles-5-768x513.jpg 768w\" sizes=\"(max-width: 1200px) 100vw, 1200px\" \/><\/a>\n\t\t\t<\/div><\/figure><figure class='gallery-item'>\n\t\t\t<div class='gallery-icon landscape'>\n\t\t\t\t<a data-elementor-open-lightbox=\"yes\" data-elementor-lightbox-slideshow=\"b388bc0\" data-elementor-lightbox-title=\"INTERCAMBIO ALEMANIA 2025 Instituto Alem\u00e1n Puerto Montt_0003_Niveles 2\" data-e-action-hash=\"#elementor-action%3Aaction%3Dlightbox%26settings%3DeyJpZCI6NDM5MzgsInVybCI6Imh0dHBzOlwvXC9pYWxlbWFuLmNsXC93cC1jb250ZW50XC91cGxvYWRzXC8yMDI1XC8wNFwvSU5URVJDQU1CSU8tQUxFTUFOSUEtMjAyNS1JbnN0aXR1dG8tQWxlbWFuLVB1ZXJ0by1Nb250dF8wMDAzX05pdmVsZXMtMi5qcGciLCJzbGlkZXNob3ciOiJiMzg4YmMwIn0%3D\" href='https:\/\/ialeman.cl\/wp-content\/uploads\/2025\/04\/INTERCAMBIO-ALEMANIA-2025-Instituto-Aleman-Puerto-Montt_0003_Niveles-2.jpg'><img loading=\"lazy\" decoding=\"async\" width=\"1200\" height=\"801\" src=\"https:\/\/ialeman.cl\/wp-content\/uploads\/2025\/04\/INTERCAMBIO-ALEMANIA-2025-Instituto-Aleman-Puerto-Montt_0003_Niveles-2.jpg\" class=\"attachment-full size-full\" alt=\"\" srcset=\"https:\/\/ialeman.cl\/wp-content\/uploads\/2025\/04\/INTERCAMBIO-ALEMANIA-2025-Instituto-Aleman-Puerto-Montt_0003_Niveles-2.jpg 1200w, https:\/\/ialeman.cl\/wp-content\/uploads\/2025\/04\/INTERCAMBIO-ALEMANIA-2025-Instituto-Aleman-Puerto-Montt_0003_Niveles-2-300x200.jpg 300w, https:\/\/ialeman.cl\/wp-content\/uploads\/2025\/04\/INTERCAMBIO-ALEMANIA-2025-Instituto-Aleman-Puerto-Montt_0003_Niveles-2-1024x684.jpg 1024w, https:\/\/ialeman.cl\/wp-content\/uploads\/2025\/04\/INTERCAMBIO-ALEMANIA-2025-Instituto-Aleman-Puerto-Montt_0003_Niveles-2-768x513.jpg 768w\" sizes=\"(max-width: 1200px) 100vw, 1200px\" \/><\/a>\n\t\t\t<\/div><\/figure><figure class='gallery-item'>\n\t\t\t<div class='gallery-icon landscape'>\n\t\t\t\t<a data-elementor-open-lightbox=\"yes\" data-elementor-lightbox-slideshow=\"b388bc0\" data-elementor-lightbox-title=\"INTERCAMBIO ALEMANIA 2025 Instituto Alem\u00e1n Puerto Montt_0004_Niveles 3\" data-e-action-hash=\"#elementor-action%3Aaction%3Dlightbox%26settings%3DeyJpZCI6NDM5MzksInVybCI6Imh0dHBzOlwvXC9pYWxlbWFuLmNsXC93cC1jb250ZW50XC91cGxvYWRzXC8yMDI1XC8wNFwvSU5URVJDQU1CSU8tQUxFTUFOSUEtMjAyNS1JbnN0aXR1dG8tQWxlbWFuLVB1ZXJ0by1Nb250dF8wMDA0X05pdmVsZXMtMy5qcGciLCJzbGlkZXNob3ciOiJiMzg4YmMwIn0%3D\" href='https:\/\/ialeman.cl\/wp-content\/uploads\/2025\/04\/INTERCAMBIO-ALEMANIA-2025-Instituto-Aleman-Puerto-Montt_0004_Niveles-3.jpg'><img loading=\"lazy\" decoding=\"async\" width=\"1200\" height=\"801\" src=\"https:\/\/ialeman.cl\/wp-content\/uploads\/2025\/04\/INTERCAMBIO-ALEMANIA-2025-Instituto-Aleman-Puerto-Montt_0004_Niveles-3.jpg\" class=\"attachment-full size-full\" alt=\"\" srcset=\"https:\/\/ialeman.cl\/wp-content\/uploads\/2025\/04\/INTERCAMBIO-ALEMANIA-2025-Instituto-Aleman-Puerto-Montt_0004_Niveles-3.jpg 1200w, https:\/\/ialeman.cl\/wp-content\/uploads\/2025\/04\/INTERCAMBIO-ALEMANIA-2025-Instituto-Aleman-Puerto-Montt_0004_Niveles-3-300x200.jpg 300w, https:\/\/ialeman.cl\/wp-content\/uploads\/2025\/04\/INTERCAMBIO-ALEMANIA-2025-Instituto-Aleman-Puerto-Montt_0004_Niveles-3-1024x684.jpg 1024w, https:\/\/ialeman.cl\/wp-content\/uploads\/2025\/04\/INTERCAMBIO-ALEMANIA-2025-Instituto-Aleman-Puerto-Montt_0004_Niveles-3-768x513.jpg 768w\" sizes=\"(max-width: 1200px) 100vw, 1200px\" \/><\/a>\n\t\t\t<\/div><\/figure><figure class='gallery-item'>\n\t\t\t<div class='gallery-icon landscape'>\n\t\t\t\t<a data-elementor-open-lightbox=\"yes\" data-elementor-lightbox-slideshow=\"b388bc0\" data-elementor-lightbox-title=\"INTERCAMBIO ALEMANIA 2025 Instituto Alem\u00e1n Puerto Montt_0005_Brillo_contraste 3\" data-e-action-hash=\"#elementor-action%3Aaction%3Dlightbox%26settings%3DeyJpZCI6NDM5NDAsInVybCI6Imh0dHBzOlwvXC9pYWxlbWFuLmNsXC93cC1jb250ZW50XC91cGxvYWRzXC8yMDI1XC8wNFwvSU5URVJDQU1CSU8tQUxFTUFOSUEtMjAyNS1JbnN0aXR1dG8tQWxlbWFuLVB1ZXJ0by1Nb250dF8wMDA1X0JyaWxsb19jb250cmFzdGUtMy5qcGciLCJzbGlkZXNob3ciOiJiMzg4YmMwIn0%3D\" href='https:\/\/ialeman.cl\/wp-content\/uploads\/2025\/04\/INTERCAMBIO-ALEMANIA-2025-Instituto-Aleman-Puerto-Montt_0005_Brillo_contraste-3.jpg'><img loading=\"lazy\" decoding=\"async\" width=\"1200\" height=\"801\" src=\"https:\/\/ialeman.cl\/wp-content\/uploads\/2025\/04\/INTERCAMBIO-ALEMANIA-2025-Instituto-Aleman-Puerto-Montt_0005_Brillo_contraste-3.jpg\" class=\"attachment-full size-full\" alt=\"\" srcset=\"https:\/\/ialeman.cl\/wp-content\/uploads\/2025\/04\/INTERCAMBIO-ALEMANIA-2025-Instituto-Aleman-Puerto-Montt_0005_Brillo_contraste-3.jpg 1200w, https:\/\/ialeman.cl\/wp-content\/uploads\/2025\/04\/INTERCAMBIO-ALEMANIA-2025-Instituto-Aleman-Puerto-Montt_0005_Brillo_contraste-3-300x200.jpg 300w, https:\/\/ialeman.cl\/wp-content\/uploads\/2025\/04\/INTERCAMBIO-ALEMANIA-2025-Instituto-Aleman-Puerto-Montt_0005_Brillo_contraste-3-1024x684.jpg 1024w, https:\/\/ialeman.cl\/wp-content\/uploads\/2025\/04\/INTERCAMBIO-ALEMANIA-2025-Instituto-Aleman-Puerto-Montt_0005_Brillo_contraste-3-768x513.jpg 768w\" sizes=\"(max-width: 1200px) 100vw, 1200px\" \/><\/a>\n\t\t\t<\/div><\/figure><figure class='gallery-item'>\n\t\t\t<div class='gallery-icon landscape'>\n\t\t\t\t<a data-elementor-open-lightbox=\"yes\" data-elementor-lightbox-slideshow=\"b388bc0\" data-elementor-lightbox-title=\"INTERCAMBIO ALEMANIA 2025 Instituto Alem\u00e1n Puerto Montt_0006_Brillo_contraste 4\" data-e-action-hash=\"#elementor-action%3Aaction%3Dlightbox%26settings%3DeyJpZCI6NDM5NDEsInVybCI6Imh0dHBzOlwvXC9pYWxlbWFuLmNsXC93cC1jb250ZW50XC91cGxvYWRzXC8yMDI1XC8wNFwvSU5URVJDQU1CSU8tQUxFTUFOSUEtMjAyNS1JbnN0aXR1dG8tQWxlbWFuLVB1ZXJ0by1Nb250dF8wMDA2X0JyaWxsb19jb250cmFzdGUtNC5qcGciLCJzbGlkZXNob3ciOiJiMzg4YmMwIn0%3D\" href='https:\/\/ialeman.cl\/wp-content\/uploads\/2025\/04\/INTERCAMBIO-ALEMANIA-2025-Instituto-Aleman-Puerto-Montt_0006_Brillo_contraste-4.jpg'><img loading=\"lazy\" decoding=\"async\" width=\"1200\" height=\"801\" src=\"https:\/\/ialeman.cl\/wp-content\/uploads\/2025\/04\/INTERCAMBIO-ALEMANIA-2025-Instituto-Aleman-Puerto-Montt_0006_Brillo_contraste-4.jpg\" class=\"attachment-full size-full\" alt=\"\" srcset=\"https:\/\/ialeman.cl\/wp-content\/uploads\/2025\/04\/INTERCAMBIO-ALEMANIA-2025-Instituto-Aleman-Puerto-Montt_0006_Brillo_contraste-4.jpg 1200w, https:\/\/ialeman.cl\/wp-content\/uploads\/2025\/04\/INTERCAMBIO-ALEMANIA-2025-Instituto-Aleman-Puerto-Montt_0006_Brillo_contraste-4-300x200.jpg 300w, https:\/\/ialeman.cl\/wp-content\/uploads\/2025\/04\/INTERCAMBIO-ALEMANIA-2025-Instituto-Aleman-Puerto-Montt_0006_Brillo_contraste-4-1024x684.jpg 1024w, https:\/\/ialeman.cl\/wp-content\/uploads\/2025\/04\/INTERCAMBIO-ALEMANIA-2025-Instituto-Aleman-Puerto-Montt_0006_Brillo_contraste-4-768x513.jpg 768w\" sizes=\"(max-width: 1200px) 100vw, 1200px\" \/><\/a>\n\t\t\t<\/div><\/figure><figure class='gallery-item'>\n\t\t\t<div class='gallery-icon landscape'>\n\t\t\t\t<a data-elementor-open-lightbox=\"yes\" data-elementor-lightbox-slideshow=\"b388bc0\" data-elementor-lightbox-title=\"INTERCAMBIO ALEMANIA 2025 Instituto Alem\u00e1n Puerto Montt_0007_Brillo_contraste 5\" data-e-action-hash=\"#elementor-action%3Aaction%3Dlightbox%26settings%3DeyJpZCI6NDM5NDIsInVybCI6Imh0dHBzOlwvXC9pYWxlbWFuLmNsXC93cC1jb250ZW50XC91cGxvYWRzXC8yMDI1XC8wNFwvSU5URVJDQU1CSU8tQUxFTUFOSUEtMjAyNS1JbnN0aXR1dG8tQWxlbWFuLVB1ZXJ0by1Nb250dF8wMDA3X0JyaWxsb19jb250cmFzdGUtNS5qcGciLCJzbGlkZXNob3ciOiJiMzg4YmMwIn0%3D\" href='https:\/\/ialeman.cl\/wp-content\/uploads\/2025\/04\/INTERCAMBIO-ALEMANIA-2025-Instituto-Aleman-Puerto-Montt_0007_Brillo_contraste-5.jpg'><img loading=\"lazy\" decoding=\"async\" width=\"1200\" height=\"801\" src=\"https:\/\/ialeman.cl\/wp-content\/uploads\/2025\/04\/INTERCAMBIO-ALEMANIA-2025-Instituto-Aleman-Puerto-Montt_0007_Brillo_contraste-5.jpg\" class=\"attachment-full size-full\" alt=\"\" srcset=\"https:\/\/ialeman.cl\/wp-content\/uploads\/2025\/04\/INTERCAMBIO-ALEMANIA-2025-Instituto-Aleman-Puerto-Montt_0007_Brillo_contraste-5.jpg 1200w, https:\/\/ialeman.cl\/wp-content\/uploads\/2025\/04\/INTERCAMBIO-ALEMANIA-2025-Instituto-Aleman-Puerto-Montt_0007_Brillo_contraste-5-300x200.jpg 300w, https:\/\/ialeman.cl\/wp-content\/uploads\/2025\/04\/INTERCAMBIO-ALEMANIA-2025-Instituto-Aleman-Puerto-Montt_0007_Brillo_contraste-5-1024x684.jpg 1024w, https:\/\/ialeman.cl\/wp-content\/uploads\/2025\/04\/INTERCAMBIO-ALEMANIA-2025-Instituto-Aleman-Puerto-Montt_0007_Brillo_contraste-5-768x513.jpg 768w\" sizes=\"(max-width: 1200px) 100vw, 1200px\" \/><\/a>\n\t\t\t<\/div><\/figure><figure class='gallery-item'>\n\t\t\t<div class='gallery-icon landscape'>\n\t\t\t\t<a data-elementor-open-lightbox=\"yes\" data-elementor-lightbox-slideshow=\"b388bc0\" data-elementor-lightbox-title=\"INTERCAMBIO ALEMANIA 2025 Instituto Alem\u00e1n Puerto Montt_0014_DSC_3558\" data-e-action-hash=\"#elementor-action%3Aaction%3Dlightbox%26settings%3DeyJpZCI6NDM5NDksInVybCI6Imh0dHBzOlwvXC9pYWxlbWFuLmNsXC93cC1jb250ZW50XC91cGxvYWRzXC8yMDI1XC8wNFwvSU5URVJDQU1CSU8tQUxFTUFOSUEtMjAyNS1JbnN0aXR1dG8tQWxlbWFuLVB1ZXJ0by1Nb250dF8wMDE0X0RTQ18zNTU4LmpwZyIsInNsaWRlc2hvdyI6ImIzODhiYzAifQ%3D%3D\" href='https:\/\/ialeman.cl\/wp-content\/uploads\/2025\/04\/INTERCAMBIO-ALEMANIA-2025-Instituto-Aleman-Puerto-Montt_0014_DSC_3558.jpg'><img loading=\"lazy\" decoding=\"async\" width=\"1200\" height=\"801\" src=\"https:\/\/ialeman.cl\/wp-content\/uploads\/2025\/04\/INTERCAMBIO-ALEMANIA-2025-Instituto-Aleman-Puerto-Montt_0014_DSC_3558.jpg\" class=\"attachment-full size-full\" alt=\"\" srcset=\"https:\/\/ialeman.cl\/wp-content\/uploads\/2025\/04\/INTERCAMBIO-ALEMANIA-2025-Instituto-Aleman-Puerto-Montt_0014_DSC_3558.jpg 1200w, https:\/\/ialeman.cl\/wp-content\/uploads\/2025\/04\/INTERCAMBIO-ALEMANIA-2025-Instituto-Aleman-Puerto-Montt_0014_DSC_3558-300x200.jpg 300w, https:\/\/ialeman.cl\/wp-content\/uploads\/2025\/04\/INTERCAMBIO-ALEMANIA-2025-Instituto-Aleman-Puerto-Montt_0014_DSC_3558-1024x684.jpg 1024w, https:\/\/ialeman.cl\/wp-content\/uploads\/2025\/04\/INTERCAMBIO-ALEMANIA-2025-Instituto-Aleman-Puerto-Montt_0014_DSC_3558-768x513.jpg 768w\" sizes=\"(max-width: 1200px) 100vw, 1200px\" \/><\/a>\n\t\t\t<\/div><\/figure><figure class='gallery-item'>\n\t\t\t<div class='gallery-icon landscape'>\n\t\t\t\t<a data-elementor-open-lightbox=\"yes\" data-elementor-lightbox-slideshow=\"b388bc0\" data-elementor-lightbox-title=\"INTERCAMBIO ALEMANIA 2025 Instituto Alem\u00e1n Puerto Montt_0016_Niveles 15\" data-e-action-hash=\"#elementor-action%3Aaction%3Dlightbox%26settings%3DeyJpZCI6NDM5NTEsInVybCI6Imh0dHBzOlwvXC9pYWxlbWFuLmNsXC93cC1jb250ZW50XC91cGxvYWRzXC8yMDI1XC8wNFwvSU5URVJDQU1CSU8tQUxFTUFOSUEtMjAyNS1JbnN0aXR1dG8tQWxlbWFuLVB1ZXJ0by1Nb250dF8wMDE2X05pdmVsZXMtMTUuanBnIiwic2xpZGVzaG93IjoiYjM4OGJjMCJ9\" href='https:\/\/ialeman.cl\/wp-content\/uploads\/2025\/04\/INTERCAMBIO-ALEMANIA-2025-Instituto-Aleman-Puerto-Montt_0016_Niveles-15.jpg'><img loading=\"lazy\" decoding=\"async\" width=\"1200\" height=\"801\" src=\"https:\/\/ialeman.cl\/wp-content\/uploads\/2025\/04\/INTERCAMBIO-ALEMANIA-2025-Instituto-Aleman-Puerto-Montt_0016_Niveles-15.jpg\" class=\"attachment-full size-full\" alt=\"\" srcset=\"https:\/\/ialeman.cl\/wp-content\/uploads\/2025\/04\/INTERCAMBIO-ALEMANIA-2025-Instituto-Aleman-Puerto-Montt_0016_Niveles-15.jpg 1200w, https:\/\/ialeman.cl\/wp-content\/uploads\/2025\/04\/INTERCAMBIO-ALEMANIA-2025-Instituto-Aleman-Puerto-Montt_0016_Niveles-15-300x200.jpg 300w, https:\/\/ialeman.cl\/wp-content\/uploads\/2025\/04\/INTERCAMBIO-ALEMANIA-2025-Instituto-Aleman-Puerto-Montt_0016_Niveles-15-1024x684.jpg 1024w, https:\/\/ialeman.cl\/wp-content\/uploads\/2025\/04\/INTERCAMBIO-ALEMANIA-2025-Instituto-Aleman-Puerto-Montt_0016_Niveles-15-768x513.jpg 768w\" sizes=\"(max-width: 1200px) 100vw, 1200px\" \/><\/a>\n\t\t\t<\/div><\/figure><figure class='gallery-item'>\n\t\t\t<div class='gallery-icon landscape'>\n\t\t\t\t<a data-elementor-open-lightbox=\"yes\" data-elementor-lightbox-slideshow=\"b388bc0\" data-elementor-lightbox-title=\"INTERCAMBIO ALEMANIA 2025 Instituto Alem\u00e1n Puerto Montt_0017_Niveles 6\" data-e-action-hash=\"#elementor-action%3Aaction%3Dlightbox%26settings%3DeyJpZCI6NDM5NTIsInVybCI6Imh0dHBzOlwvXC9pYWxlbWFuLmNsXC93cC1jb250ZW50XC91cGxvYWRzXC8yMDI1XC8wNFwvSU5URVJDQU1CSU8tQUxFTUFOSUEtMjAyNS1JbnN0aXR1dG8tQWxlbWFuLVB1ZXJ0by1Nb250dF8wMDE3X05pdmVsZXMtNi5qcGciLCJzbGlkZXNob3ciOiJiMzg4YmMwIn0%3D\" href='https:\/\/ialeman.cl\/wp-content\/uploads\/2025\/04\/INTERCAMBIO-ALEMANIA-2025-Instituto-Aleman-Puerto-Montt_0017_Niveles-6.jpg'><img loading=\"lazy\" decoding=\"async\" width=\"1200\" height=\"801\" src=\"https:\/\/ialeman.cl\/wp-content\/uploads\/2025\/04\/INTERCAMBIO-ALEMANIA-2025-Instituto-Aleman-Puerto-Montt_0017_Niveles-6.jpg\" class=\"attachment-full size-full\" alt=\"\" srcset=\"https:\/\/ialeman.cl\/wp-content\/uploads\/2025\/04\/INTERCAMBIO-ALEMANIA-2025-Instituto-Aleman-Puerto-Montt_0017_Niveles-6.jpg 1200w, https:\/\/ialeman.cl\/wp-content\/uploads\/2025\/04\/INTERCAMBIO-ALEMANIA-2025-Instituto-Aleman-Puerto-Montt_0017_Niveles-6-300x200.jpg 300w, https:\/\/ialeman.cl\/wp-content\/uploads\/2025\/04\/INTERCAMBIO-ALEMANIA-2025-Instituto-Aleman-Puerto-Montt_0017_Niveles-6-1024x684.jpg 1024w, https:\/\/ialeman.cl\/wp-content\/uploads\/2025\/04\/INTERCAMBIO-ALEMANIA-2025-Instituto-Aleman-Puerto-Montt_0017_Niveles-6-768x513.jpg 768w\" sizes=\"(max-width: 1200px) 100vw, 1200px\" \/><\/a>\n\t\t\t<\/div><\/figure><figure class='gallery-item'>\n\t\t\t<div class='gallery-icon landscape'>\n\t\t\t\t<a data-elementor-open-lightbox=\"yes\" data-elementor-lightbox-slideshow=\"b388bc0\" data-elementor-lightbox-title=\"INTERCAMBIO ALEMANIA 2025 Instituto Alem\u00e1n Puerto Montt_0018_Niveles 7\" data-e-action-hash=\"#elementor-action%3Aaction%3Dlightbox%26settings%3DeyJpZCI6NDM5NTMsInVybCI6Imh0dHBzOlwvXC9pYWxlbWFuLmNsXC93cC1jb250ZW50XC91cGxvYWRzXC8yMDI1XC8wNFwvSU5URVJDQU1CSU8tQUxFTUFOSUEtMjAyNS1JbnN0aXR1dG8tQWxlbWFuLVB1ZXJ0by1Nb250dF8wMDE4X05pdmVsZXMtNy5qcGciLCJzbGlkZXNob3ciOiJiMzg4YmMwIn0%3D\" href='https:\/\/ialeman.cl\/wp-content\/uploads\/2025\/04\/INTERCAMBIO-ALEMANIA-2025-Instituto-Aleman-Puerto-Montt_0018_Niveles-7.jpg'><img loading=\"lazy\" decoding=\"async\" width=\"1200\" height=\"801\" src=\"https:\/\/ialeman.cl\/wp-content\/uploads\/2025\/04\/INTERCAMBIO-ALEMANIA-2025-Instituto-Aleman-Puerto-Montt_0018_Niveles-7.jpg\" class=\"attachment-full size-full\" alt=\"\" srcset=\"https:\/\/ialeman.cl\/wp-content\/uploads\/2025\/04\/INTERCAMBIO-ALEMANIA-2025-Instituto-Aleman-Puerto-Montt_0018_Niveles-7.jpg 1200w, https:\/\/ialeman.cl\/wp-content\/uploads\/2025\/04\/INTERCAMBIO-ALEMANIA-2025-Instituto-Aleman-Puerto-Montt_0018_Niveles-7-300x200.jpg 300w, https:\/\/ialeman.cl\/wp-content\/uploads\/2025\/04\/INTERCAMBIO-ALEMANIA-2025-Instituto-Aleman-Puerto-Montt_0018_Niveles-7-1024x684.jpg 1024w, https:\/\/ialeman.cl\/wp-content\/uploads\/2025\/04\/INTERCAMBIO-ALEMANIA-2025-Instituto-Aleman-Puerto-Montt_0018_Niveles-7-768x513.jpg 768w\" sizes=\"(max-width: 1200px) 100vw, 1200px\" \/><\/a>\n\t\t\t<\/div><\/figure><figure class='gallery-item'>\n\t\t\t<div class='gallery-icon landscape'>\n\t\t\t\t<a data-elementor-open-lightbox=\"yes\" data-elementor-lightbox-slideshow=\"b388bc0\" data-elementor-lightbox-title=\"INTERCAMBIO ALEMANIA 2025 Instituto Alem\u00e1n Puerto Montt_0019_DSC_3506\" data-e-action-hash=\"#elementor-action%3Aaction%3Dlightbox%26settings%3DeyJpZCI6NDM5NTQsInVybCI6Imh0dHBzOlwvXC9pYWxlbWFuLmNsXC93cC1jb250ZW50XC91cGxvYWRzXC8yMDI1XC8wNFwvSU5URVJDQU1CSU8tQUxFTUFOSUEtMjAyNS1JbnN0aXR1dG8tQWxlbWFuLVB1ZXJ0by1Nb250dF8wMDE5X0RTQ18zNTA2LmpwZyIsInNsaWRlc2hvdyI6ImIzODhiYzAifQ%3D%3D\" href='https:\/\/ialeman.cl\/wp-content\/uploads\/2025\/04\/INTERCAMBIO-ALEMANIA-2025-Instituto-Aleman-Puerto-Montt_0019_DSC_3506.jpg'><img loading=\"lazy\" decoding=\"async\" width=\"1200\" height=\"801\" src=\"https:\/\/ialeman.cl\/wp-content\/uploads\/2025\/04\/INTERCAMBIO-ALEMANIA-2025-Instituto-Aleman-Puerto-Montt_0019_DSC_3506.jpg\" class=\"attachment-full size-full\" alt=\"\" srcset=\"https:\/\/ialeman.cl\/wp-content\/uploads\/2025\/04\/INTERCAMBIO-ALEMANIA-2025-Instituto-Aleman-Puerto-Montt_0019_DSC_3506.jpg 1200w, https:\/\/ialeman.cl\/wp-content\/uploads\/2025\/04\/INTERCAMBIO-ALEMANIA-2025-Instituto-Aleman-Puerto-Montt_0019_DSC_3506-300x200.jpg 300w, https:\/\/ialeman.cl\/wp-content\/uploads\/2025\/04\/INTERCAMBIO-ALEMANIA-2025-Instituto-Aleman-Puerto-Montt_0019_DSC_3506-1024x684.jpg 1024w, https:\/\/ialeman.cl\/wp-content\/uploads\/2025\/04\/INTERCAMBIO-ALEMANIA-2025-Instituto-Aleman-Puerto-Montt_0019_DSC_3506-768x513.jpg 768w\" sizes=\"(max-width: 1200px) 100vw, 1200px\" \/><\/a>\n\t\t\t<\/div><\/figure><figure class='gallery-item'>\n\t\t\t<div class='gallery-icon landscape'>\n\t\t\t\t<a data-elementor-open-lightbox=\"yes\" data-elementor-lightbox-slideshow=\"b388bc0\" data-elementor-lightbox-title=\"INTERCAMBIO ALEMANIA 2025 Instituto Alem\u00e1n Puerto Montt_0020_Niveles 11\" data-e-action-hash=\"#elementor-action%3Aaction%3Dlightbox%26settings%3DeyJpZCI6NDM5NTUsInVybCI6Imh0dHBzOlwvXC9pYWxlbWFuLmNsXC93cC1jb250ZW50XC91cGxvYWRzXC8yMDI1XC8wNFwvSU5URVJDQU1CSU8tQUxFTUFOSUEtMjAyNS1JbnN0aXR1dG8tQWxlbWFuLVB1ZXJ0by1Nb250dF8wMDIwX05pdmVsZXMtMTEuanBnIiwic2xpZGVzaG93IjoiYjM4OGJjMCJ9\" href='https:\/\/ialeman.cl\/wp-content\/uploads\/2025\/04\/INTERCAMBIO-ALEMANIA-2025-Instituto-Aleman-Puerto-Montt_0020_Niveles-11.jpg'><img loading=\"lazy\" decoding=\"async\" width=\"1200\" height=\"801\" src=\"https:\/\/ialeman.cl\/wp-content\/uploads\/2025\/04\/INTERCAMBIO-ALEMANIA-2025-Instituto-Aleman-Puerto-Montt_0020_Niveles-11.jpg\" class=\"attachment-full size-full\" alt=\"\" srcset=\"https:\/\/ialeman.cl\/wp-content\/uploads\/2025\/04\/INTERCAMBIO-ALEMANIA-2025-Instituto-Aleman-Puerto-Montt_0020_Niveles-11.jpg 1200w, https:\/\/ialeman.cl\/wp-content\/uploads\/2025\/04\/INTERCAMBIO-ALEMANIA-2025-Instituto-Aleman-Puerto-Montt_0020_Niveles-11-300x200.jpg 300w, https:\/\/ialeman.cl\/wp-content\/uploads\/2025\/04\/INTERCAMBIO-ALEMANIA-2025-Instituto-Aleman-Puerto-Montt_0020_Niveles-11-1024x684.jpg 1024w, https:\/\/ialeman.cl\/wp-content\/uploads\/2025\/04\/INTERCAMBIO-ALEMANIA-2025-Instituto-Aleman-Puerto-Montt_0020_Niveles-11-768x513.jpg 768w\" sizes=\"(max-width: 1200px) 100vw, 1200px\" \/><\/a>\n\t\t\t<\/div><\/figure><figure class='gallery-item'>\n\t\t\t<div class='gallery-icon landscape'>\n\t\t\t\t<a data-elementor-open-lightbox=\"yes\" data-elementor-lightbox-slideshow=\"b388bc0\" data-elementor-lightbox-title=\"INTERCAMBIO ALEMANIA 2025 Instituto Alem\u00e1n Puerto Montt_0022_DSC_3519\" data-e-action-hash=\"#elementor-action%3Aaction%3Dlightbox%26settings%3DeyJpZCI6NDM5NTcsInVybCI6Imh0dHBzOlwvXC9pYWxlbWFuLmNsXC93cC1jb250ZW50XC91cGxvYWRzXC8yMDI1XC8wNFwvSU5URVJDQU1CSU8tQUxFTUFOSUEtMjAyNS1JbnN0aXR1dG8tQWxlbWFuLVB1ZXJ0by1Nb250dF8wMDIyX0RTQ18zNTE5LmpwZyIsInNsaWRlc2hvdyI6ImIzODhiYzAifQ%3D%3D\" href='https:\/\/ialeman.cl\/wp-content\/uploads\/2025\/04\/INTERCAMBIO-ALEMANIA-2025-Instituto-Aleman-Puerto-Montt_0022_DSC_3519.jpg'><img loading=\"lazy\" decoding=\"async\" width=\"1200\" height=\"801\" src=\"https:\/\/ialeman.cl\/wp-content\/uploads\/2025\/04\/INTERCAMBIO-ALEMANIA-2025-Instituto-Aleman-Puerto-Montt_0022_DSC_3519.jpg\" class=\"attachment-full size-full\" alt=\"\" srcset=\"https:\/\/ialeman.cl\/wp-content\/uploads\/2025\/04\/INTERCAMBIO-ALEMANIA-2025-Instituto-Aleman-Puerto-Montt_0022_DSC_3519.jpg 1200w, https:\/\/ialeman.cl\/wp-content\/uploads\/2025\/04\/INTERCAMBIO-ALEMANIA-2025-Instituto-Aleman-Puerto-Montt_0022_DSC_3519-300x200.jpg 300w, https:\/\/ialeman.cl\/wp-content\/uploads\/2025\/04\/INTERCAMBIO-ALEMANIA-2025-Instituto-Aleman-Puerto-Montt_0022_DSC_3519-1024x684.jpg 1024w, https:\/\/ialeman.cl\/wp-content\/uploads\/2025\/04\/INTERCAMBIO-ALEMANIA-2025-Instituto-Aleman-Puerto-Montt_0022_DSC_3519-768x513.jpg 768w\" sizes=\"(max-width: 1200px) 100vw, 1200px\" \/><\/a>\n\t\t\t<\/div><\/figure><figure class='gallery-item'>\n\t\t\t<div class='gallery-icon landscape'>\n\t\t\t\t<a data-elementor-open-lightbox=\"yes\" data-elementor-lightbox-slideshow=\"b388bc0\" data-elementor-lightbox-title=\"INTERCAMBIO ALEMANIA 2025 Instituto Alem\u00e1n Puerto Montt_0021_DSC_3484\" data-e-action-hash=\"#elementor-action%3Aaction%3Dlightbox%26settings%3DeyJpZCI6NDM5NTYsInVybCI6Imh0dHBzOlwvXC9pYWxlbWFuLmNsXC93cC1jb250ZW50XC91cGxvYWRzXC8yMDI1XC8wNFwvSU5URVJDQU1CSU8tQUxFTUFOSUEtMjAyNS1JbnN0aXR1dG8tQWxlbWFuLVB1ZXJ0by1Nb250dF8wMDIxX0RTQ18zNDg0LmpwZyIsInNsaWRlc2hvdyI6ImIzODhiYzAifQ%3D%3D\" href='https:\/\/ialeman.cl\/wp-content\/uploads\/2025\/04\/INTERCAMBIO-ALEMANIA-2025-Instituto-Aleman-Puerto-Montt_0021_DSC_3484.jpg'><img loading=\"lazy\" decoding=\"async\" width=\"1200\" height=\"801\" src=\"https:\/\/ialeman.cl\/wp-content\/uploads\/2025\/04\/INTERCAMBIO-ALEMANIA-2025-Instituto-Aleman-Puerto-Montt_0021_DSC_3484.jpg\" class=\"attachment-full size-full\" alt=\"\" srcset=\"https:\/\/ialeman.cl\/wp-content\/uploads\/2025\/04\/INTERCAMBIO-ALEMANIA-2025-Instituto-Aleman-Puerto-Montt_0021_DSC_3484.jpg 1200w, https:\/\/ialeman.cl\/wp-content\/uploads\/2025\/04\/INTERCAMBIO-ALEMANIA-2025-Instituto-Aleman-Puerto-Montt_0021_DSC_3484-300x200.jpg 300w, https:\/\/ialeman.cl\/wp-content\/uploads\/2025\/04\/INTERCAMBIO-ALEMANIA-2025-Instituto-Aleman-Puerto-Montt_0021_DSC_3484-1024x684.jpg 1024w, https:\/\/ialeman.cl\/wp-content\/uploads\/2025\/04\/INTERCAMBIO-ALEMANIA-2025-Instituto-Aleman-Puerto-Montt_0021_DSC_3484-768x513.jpg 768w\" sizes=\"(max-width: 1200px) 100vw, 1200px\" \/><\/a>\n\t\t\t<\/div><\/figure><figure class='gallery-item'>\n\t\t\t<div class='gallery-icon landscape'>\n\t\t\t\t<a data-elementor-open-lightbox=\"yes\" data-elementor-lightbox-slideshow=\"b388bc0\" data-elementor-lightbox-title=\"INTERCAMBIO ALEMANIA 2025 Instituto Alem\u00e1n Puerto Montt_0023_Niveles 8\" data-e-action-hash=\"#elementor-action%3Aaction%3Dlightbox%26settings%3DeyJpZCI6NDM5NTgsInVybCI6Imh0dHBzOlwvXC9pYWxlbWFuLmNsXC93cC1jb250ZW50XC91cGxvYWRzXC8yMDI1XC8wNFwvSU5URVJDQU1CSU8tQUxFTUFOSUEtMjAyNS1JbnN0aXR1dG8tQWxlbWFuLVB1ZXJ0by1Nb250dF8wMDIzX05pdmVsZXMtOC5qcGciLCJzbGlkZXNob3ciOiJiMzg4YmMwIn0%3D\" href='https:\/\/ialeman.cl\/wp-content\/uploads\/2025\/04\/INTERCAMBIO-ALEMANIA-2025-Instituto-Aleman-Puerto-Montt_0023_Niveles-8.jpg'><img loading=\"lazy\" decoding=\"async\" width=\"1200\" height=\"801\" src=\"https:\/\/ialeman.cl\/wp-content\/uploads\/2025\/04\/INTERCAMBIO-ALEMANIA-2025-Instituto-Aleman-Puerto-Montt_0023_Niveles-8.jpg\" class=\"attachment-full size-full\" alt=\"\" srcset=\"https:\/\/ialeman.cl\/wp-content\/uploads\/2025\/04\/INTERCAMBIO-ALEMANIA-2025-Instituto-Aleman-Puerto-Montt_0023_Niveles-8.jpg 1200w, https:\/\/ialeman.cl\/wp-content\/uploads\/2025\/04\/INTERCAMBIO-ALEMANIA-2025-Instituto-Aleman-Puerto-Montt_0023_Niveles-8-300x200.jpg 300w, https:\/\/ialeman.cl\/wp-content\/uploads\/2025\/04\/INTERCAMBIO-ALEMANIA-2025-Instituto-Aleman-Puerto-Montt_0023_Niveles-8-1024x684.jpg 1024w, https:\/\/ialeman.cl\/wp-content\/uploads\/2025\/04\/INTERCAMBIO-ALEMANIA-2025-Instituto-Aleman-Puerto-Montt_0023_Niveles-8-768x513.jpg 768w\" sizes=\"(max-width: 1200px) 100vw, 1200px\" \/><\/a>\n\t\t\t<\/div><\/figure><figure class='gallery-item'>\n\t\t\t<div class='gallery-icon landscape'>\n\t\t\t\t<a data-elementor-open-lightbox=\"yes\" data-elementor-lightbox-slideshow=\"b388bc0\" data-elementor-lightbox-title=\"INTERCAMBIO ALEMANIA 2025 Instituto Alem\u00e1n Puerto Montt_0024_Niveles 9\" data-e-action-hash=\"#elementor-action%3Aaction%3Dlightbox%26settings%3DeyJpZCI6NDM5NTksInVybCI6Imh0dHBzOlwvXC9pYWxlbWFuLmNsXC93cC1jb250ZW50XC91cGxvYWRzXC8yMDI1XC8wNFwvSU5URVJDQU1CSU8tQUxFTUFOSUEtMjAyNS1JbnN0aXR1dG8tQWxlbWFuLVB1ZXJ0by1Nb250dF8wMDI0X05pdmVsZXMtOS5qcGciLCJzbGlkZXNob3ciOiJiMzg4YmMwIn0%3D\" href='https:\/\/ialeman.cl\/wp-content\/uploads\/2025\/04\/INTERCAMBIO-ALEMANIA-2025-Instituto-Aleman-Puerto-Montt_0024_Niveles-9.jpg'><img loading=\"lazy\" decoding=\"async\" width=\"1200\" height=\"801\" src=\"https:\/\/ialeman.cl\/wp-content\/uploads\/2025\/04\/INTERCAMBIO-ALEMANIA-2025-Instituto-Aleman-Puerto-Montt_0024_Niveles-9.jpg\" class=\"attachment-full size-full\" alt=\"\" srcset=\"https:\/\/ialeman.cl\/wp-content\/uploads\/2025\/04\/INTERCAMBIO-ALEMANIA-2025-Instituto-Aleman-Puerto-Montt_0024_Niveles-9.jpg 1200w, https:\/\/ialeman.cl\/wp-content\/uploads\/2025\/04\/INTERCAMBIO-ALEMANIA-2025-Instituto-Aleman-Puerto-Montt_0024_Niveles-9-300x200.jpg 300w, https:\/\/ialeman.cl\/wp-content\/uploads\/2025\/04\/INTERCAMBIO-ALEMANIA-2025-Instituto-Aleman-Puerto-Montt_0024_Niveles-9-1024x684.jpg 1024w, https:\/\/ialeman.cl\/wp-content\/uploads\/2025\/04\/INTERCAMBIO-ALEMANIA-2025-Instituto-Aleman-Puerto-Montt_0024_Niveles-9-768x513.jpg 768w\" sizes=\"(max-width: 1200px) 100vw, 1200px\" \/><\/a>\n\t\t\t<\/div><\/figure><figure class='gallery-item'>\n\t\t\t<div class='gallery-icon landscape'>\n\t\t\t\t<a data-elementor-open-lightbox=\"yes\" data-elementor-lightbox-slideshow=\"b388bc0\" data-elementor-lightbox-title=\"INTERCAMBIO ALEMANIA 2025 Instituto Alem\u00e1n Puerto Montt_0025_DSC_3334\" data-e-action-hash=\"#elementor-action%3Aaction%3Dlightbox%26settings%3DeyJpZCI6NDM5NjAsInVybCI6Imh0dHBzOlwvXC9pYWxlbWFuLmNsXC93cC1jb250ZW50XC91cGxvYWRzXC8yMDI1XC8wNFwvSU5URVJDQU1CSU8tQUxFTUFOSUEtMjAyNS1JbnN0aXR1dG8tQWxlbWFuLVB1ZXJ0by1Nb250dF8wMDI1X0RTQ18zMzM0LmpwZyIsInNsaWRlc2hvdyI6ImIzODhiYzAifQ%3D%3D\" href='https:\/\/ialeman.cl\/wp-content\/uploads\/2025\/04\/INTERCAMBIO-ALEMANIA-2025-Instituto-Aleman-Puerto-Montt_0025_DSC_3334.jpg'><img loading=\"lazy\" decoding=\"async\" width=\"1200\" height=\"801\" src=\"https:\/\/ialeman.cl\/wp-content\/uploads\/2025\/04\/INTERCAMBIO-ALEMANIA-2025-Instituto-Aleman-Puerto-Montt_0025_DSC_3334.jpg\" class=\"attachment-full size-full\" alt=\"\" srcset=\"https:\/\/ialeman.cl\/wp-content\/uploads\/2025\/04\/INTERCAMBIO-ALEMANIA-2025-Instituto-Aleman-Puerto-Montt_0025_DSC_3334.jpg 1200w, https:\/\/ialeman.cl\/wp-content\/uploads\/2025\/04\/INTERCAMBIO-ALEMANIA-2025-Instituto-Aleman-Puerto-Montt_0025_DSC_3334-300x200.jpg 300w, https:\/\/ialeman.cl\/wp-content\/uploads\/2025\/04\/INTERCAMBIO-ALEMANIA-2025-Instituto-Aleman-Puerto-Montt_0025_DSC_3334-1024x684.jpg 1024w, https:\/\/ialeman.cl\/wp-content\/uploads\/2025\/04\/INTERCAMBIO-ALEMANIA-2025-Instituto-Aleman-Puerto-Montt_0025_DSC_3334-768x513.jpg 768w\" sizes=\"(max-width: 1200px) 100vw, 1200px\" \/><\/a>\n\t\t\t<\/div><\/figure><figure class='gallery-item'>\n\t\t\t<div class='gallery-icon landscape'>\n\t\t\t\t<a data-elementor-open-lightbox=\"yes\" data-elementor-lightbox-slideshow=\"b388bc0\" data-elementor-lightbox-title=\"INTERCAMBIO ALEMANIA 2025 Instituto Alem\u00e1n Puerto Montt_0026_DSC_3332\" data-e-action-hash=\"#elementor-action%3Aaction%3Dlightbox%26settings%3DeyJpZCI6NDM5NjEsInVybCI6Imh0dHBzOlwvXC9pYWxlbWFuLmNsXC93cC1jb250ZW50XC91cGxvYWRzXC8yMDI1XC8wNFwvSU5URVJDQU1CSU8tQUxFTUFOSUEtMjAyNS1JbnN0aXR1dG8tQWxlbWFuLVB1ZXJ0by1Nb250dF8wMDI2X0RTQ18zMzMyLmpwZyIsInNsaWRlc2hvdyI6ImIzODhiYzAifQ%3D%3D\" href='https:\/\/ialeman.cl\/wp-content\/uploads\/2025\/04\/INTERCAMBIO-ALEMANIA-2025-Instituto-Aleman-Puerto-Montt_0026_DSC_3332.jpg'><img loading=\"lazy\" decoding=\"async\" width=\"1200\" height=\"801\" src=\"https:\/\/ialeman.cl\/wp-content\/uploads\/2025\/04\/INTERCAMBIO-ALEMANIA-2025-Instituto-Aleman-Puerto-Montt_0026_DSC_3332.jpg\" class=\"attachment-full size-full\" alt=\"\" srcset=\"https:\/\/ialeman.cl\/wp-content\/uploads\/2025\/04\/INTERCAMBIO-ALEMANIA-2025-Instituto-Aleman-Puerto-Montt_0026_DSC_3332.jpg 1200w, https:\/\/ialeman.cl\/wp-content\/uploads\/2025\/04\/INTERCAMBIO-ALEMANIA-2025-Instituto-Aleman-Puerto-Montt_0026_DSC_3332-300x200.jpg 300w, https:\/\/ialeman.cl\/wp-content\/uploads\/2025\/04\/INTERCAMBIO-ALEMANIA-2025-Instituto-Aleman-Puerto-Montt_0026_DSC_3332-1024x684.jpg 1024w, https:\/\/ialeman.cl\/wp-content\/uploads\/2025\/04\/INTERCAMBIO-ALEMANIA-2025-Instituto-Aleman-Puerto-Montt_0026_DSC_3332-768x513.jpg 768w\" sizes=\"(max-width: 1200px) 100vw, 1200px\" \/><\/a>\n\t\t\t<\/div><\/figure><figure class='gallery-item'>\n\t\t\t<div class='gallery-icon landscape'>\n\t\t\t\t<a data-elementor-open-lightbox=\"yes\" data-elementor-lightbox-slideshow=\"b388bc0\" data-elementor-lightbox-title=\"INTERCAMBIO ALEMANIA 2025 Instituto Alem\u00e1n Puerto Montt_0027_DSC_3327\" data-e-action-hash=\"#elementor-action%3Aaction%3Dlightbox%26settings%3DeyJpZCI6NDM5NjIsInVybCI6Imh0dHBzOlwvXC9pYWxlbWFuLmNsXC93cC1jb250ZW50XC91cGxvYWRzXC8yMDI1XC8wNFwvSU5URVJDQU1CSU8tQUxFTUFOSUEtMjAyNS1JbnN0aXR1dG8tQWxlbWFuLVB1ZXJ0by1Nb250dF8wMDI3X0RTQ18zMzI3LmpwZyIsInNsaWRlc2hvdyI6ImIzODhiYzAifQ%3D%3D\" href='https:\/\/ialeman.cl\/wp-content\/uploads\/2025\/04\/INTERCAMBIO-ALEMANIA-2025-Instituto-Aleman-Puerto-Montt_0027_DSC_3327.jpg'><img loading=\"lazy\" decoding=\"async\" width=\"1200\" height=\"801\" src=\"https:\/\/ialeman.cl\/wp-content\/uploads\/2025\/04\/INTERCAMBIO-ALEMANIA-2025-Instituto-Aleman-Puerto-Montt_0027_DSC_3327.jpg\" class=\"attachment-full size-full\" alt=\"\" srcset=\"https:\/\/ialeman.cl\/wp-content\/uploads\/2025\/04\/INTERCAMBIO-ALEMANIA-2025-Instituto-Aleman-Puerto-Montt_0027_DSC_3327.jpg 1200w, https:\/\/ialeman.cl\/wp-content\/uploads\/2025\/04\/INTERCAMBIO-ALEMANIA-2025-Instituto-Aleman-Puerto-Montt_0027_DSC_3327-300x200.jpg 300w, https:\/\/ialeman.cl\/wp-content\/uploads\/2025\/04\/INTERCAMBIO-ALEMANIA-2025-Instituto-Aleman-Puerto-Montt_0027_DSC_3327-1024x684.jpg 1024w, https:\/\/ialeman.cl\/wp-content\/uploads\/2025\/04\/INTERCAMBIO-ALEMANIA-2025-Instituto-Aleman-Puerto-Montt_0027_DSC_3327-768x513.jpg 768w\" sizes=\"(max-width: 1200px) 100vw, 1200px\" \/><\/a>\n\t\t\t<\/div><\/figure><figure class='gallery-item'>\n\t\t\t<div class='gallery-icon landscape'>\n\t\t\t\t<a data-elementor-open-lightbox=\"yes\" data-elementor-lightbox-slideshow=\"b388bc0\" data-elementor-lightbox-title=\"INTERCAMBIO ALEMANIA 2025 Instituto Alem\u00e1n Puerto Montt_0029_DSC_3322\" data-e-action-hash=\"#elementor-action%3Aaction%3Dlightbox%26settings%3DeyJpZCI6NDM5NjQsInVybCI6Imh0dHBzOlwvXC9pYWxlbWFuLmNsXC93cC1jb250ZW50XC91cGxvYWRzXC8yMDI1XC8wNFwvSU5URVJDQU1CSU8tQUxFTUFOSUEtMjAyNS1JbnN0aXR1dG8tQWxlbWFuLVB1ZXJ0by1Nb250dF8wMDI5X0RTQ18zMzIyLmpwZyIsInNsaWRlc2hvdyI6ImIzODhiYzAifQ%3D%3D\" href='https:\/\/ialeman.cl\/wp-content\/uploads\/2025\/04\/INTERCAMBIO-ALEMANIA-2025-Instituto-Aleman-Puerto-Montt_0029_DSC_3322.jpg'><img loading=\"lazy\" decoding=\"async\" width=\"1200\" height=\"801\" src=\"https:\/\/ialeman.cl\/wp-content\/uploads\/2025\/04\/INTERCAMBIO-ALEMANIA-2025-Instituto-Aleman-Puerto-Montt_0029_DSC_3322.jpg\" class=\"attachment-full size-full\" alt=\"\" srcset=\"https:\/\/ialeman.cl\/wp-content\/uploads\/2025\/04\/INTERCAMBIO-ALEMANIA-2025-Instituto-Aleman-Puerto-Montt_0029_DSC_3322.jpg 1200w, https:\/\/ialeman.cl\/wp-content\/uploads\/2025\/04\/INTERCAMBIO-ALEMANIA-2025-Instituto-Aleman-Puerto-Montt_0029_DSC_3322-300x200.jpg 300w, https:\/\/ialeman.cl\/wp-content\/uploads\/2025\/04\/INTERCAMBIO-ALEMANIA-2025-Instituto-Aleman-Puerto-Montt_0029_DSC_3322-1024x684.jpg 1024w, https:\/\/ialeman.cl\/wp-content\/uploads\/2025\/04\/INTERCAMBIO-ALEMANIA-2025-Instituto-Aleman-Puerto-Montt_0029_DSC_3322-768x513.jpg 768w\" sizes=\"(max-width: 1200px) 100vw, 1200px\" \/><\/a>\n\t\t\t<\/div><\/figure><figure class='gallery-item'>\n\t\t\t<div class='gallery-icon landscape'>\n\t\t\t\t<a data-elementor-open-lightbox=\"yes\" data-elementor-lightbox-slideshow=\"b388bc0\" data-elementor-lightbox-title=\"INTERCAMBIO ALEMANIA 2025 Instituto Alem\u00e1n Puerto Montt_0030_DSC_3321\" data-e-action-hash=\"#elementor-action%3Aaction%3Dlightbox%26settings%3DeyJpZCI6NDM5NjUsInVybCI6Imh0dHBzOlwvXC9pYWxlbWFuLmNsXC93cC1jb250ZW50XC91cGxvYWRzXC8yMDI1XC8wNFwvSU5URVJDQU1CSU8tQUxFTUFOSUEtMjAyNS1JbnN0aXR1dG8tQWxlbWFuLVB1ZXJ0by1Nb250dF8wMDMwX0RTQ18zMzIxLmpwZyIsInNsaWRlc2hvdyI6ImIzODhiYzAifQ%3D%3D\" href='https:\/\/ialeman.cl\/wp-content\/uploads\/2025\/04\/INTERCAMBIO-ALEMANIA-2025-Instituto-Aleman-Puerto-Montt_0030_DSC_3321.jpg'><img loading=\"lazy\" decoding=\"async\" width=\"1200\" height=\"801\" src=\"https:\/\/ialeman.cl\/wp-content\/uploads\/2025\/04\/INTERCAMBIO-ALEMANIA-2025-Instituto-Aleman-Puerto-Montt_0030_DSC_3321.jpg\" class=\"attachment-full size-full\" alt=\"\" srcset=\"https:\/\/ialeman.cl\/wp-content\/uploads\/2025\/04\/INTERCAMBIO-ALEMANIA-2025-Instituto-Aleman-Puerto-Montt_0030_DSC_3321.jpg 1200w, https:\/\/ialeman.cl\/wp-content\/uploads\/2025\/04\/INTERCAMBIO-ALEMANIA-2025-Instituto-Aleman-Puerto-Montt_0030_DSC_3321-300x200.jpg 300w, https:\/\/ialeman.cl\/wp-content\/uploads\/2025\/04\/INTERCAMBIO-ALEMANIA-2025-Instituto-Aleman-Puerto-Montt_0030_DSC_3321-1024x684.jpg 1024w, https:\/\/ialeman.cl\/wp-content\/uploads\/2025\/04\/INTERCAMBIO-ALEMANIA-2025-Instituto-Aleman-Puerto-Montt_0030_DSC_3321-768x513.jpg 768w\" sizes=\"(max-width: 1200px) 100vw, 1200px\" \/><\/a>\n\t\t\t<\/div><\/figure><figure class='gallery-item'>\n\t\t\t<div class='gallery-icon landscape'>\n\t\t\t\t<a data-elementor-open-lightbox=\"yes\" data-elementor-lightbox-slideshow=\"b388bc0\" data-elementor-lightbox-title=\"INTERCAMBIO ALEMANIA 2025 Instituto Alem\u00e1n Puerto Montt_0031_Niveles 10\" data-e-action-hash=\"#elementor-action%3Aaction%3Dlightbox%26settings%3DeyJpZCI6NDM5NjYsInVybCI6Imh0dHBzOlwvXC9pYWxlbWFuLmNsXC93cC1jb250ZW50XC91cGxvYWRzXC8yMDI1XC8wNFwvSU5URVJDQU1CSU8tQUxFTUFOSUEtMjAyNS1JbnN0aXR1dG8tQWxlbWFuLVB1ZXJ0by1Nb250dF8wMDMxX05pdmVsZXMtMTAuanBnIiwic2xpZGVzaG93IjoiYjM4OGJjMCJ9\" href='https:\/\/ialeman.cl\/wp-content\/uploads\/2025\/04\/INTERCAMBIO-ALEMANIA-2025-Instituto-Aleman-Puerto-Montt_0031_Niveles-10.jpg'><img loading=\"lazy\" decoding=\"async\" width=\"1200\" height=\"801\" src=\"https:\/\/ialeman.cl\/wp-content\/uploads\/2025\/04\/INTERCAMBIO-ALEMANIA-2025-Instituto-Aleman-Puerto-Montt_0031_Niveles-10.jpg\" class=\"attachment-full size-full\" alt=\"\" srcset=\"https:\/\/ialeman.cl\/wp-content\/uploads\/2025\/04\/INTERCAMBIO-ALEMANIA-2025-Instituto-Aleman-Puerto-Montt_0031_Niveles-10.jpg 1200w, https:\/\/ialeman.cl\/wp-content\/uploads\/2025\/04\/INTERCAMBIO-ALEMANIA-2025-Instituto-Aleman-Puerto-Montt_0031_Niveles-10-300x200.jpg 300w, https:\/\/ialeman.cl\/wp-content\/uploads\/2025\/04\/INTERCAMBIO-ALEMANIA-2025-Instituto-Aleman-Puerto-Montt_0031_Niveles-10-1024x684.jpg 1024w, https:\/\/ialeman.cl\/wp-content\/uploads\/2025\/04\/INTERCAMBIO-ALEMANIA-2025-Instituto-Aleman-Puerto-Montt_0031_Niveles-10-768x513.jpg 768w\" sizes=\"(max-width: 1200px) 100vw, 1200px\" \/><\/a>\n\t\t\t<\/div><\/figure><figure class='gallery-item'>\n\t\t\t<div class='gallery-icon landscape'>\n\t\t\t\t<a data-elementor-open-lightbox=\"yes\" data-elementor-lightbox-slideshow=\"b388bc0\" data-elementor-lightbox-title=\"INTERCAMBIO ALEMANIA 2025 Instituto Alem\u00e1n Puerto Montt_0038_DSC_3417\" data-e-action-hash=\"#elementor-action%3Aaction%3Dlightbox%26settings%3DeyJpZCI6NDM5NzQsInVybCI6Imh0dHBzOlwvXC9pYWxlbWFuLmNsXC93cC1jb250ZW50XC91cGxvYWRzXC8yMDI1XC8wNFwvSU5URVJDQU1CSU8tQUxFTUFOSUEtMjAyNS1JbnN0aXR1dG8tQWxlbWFuLVB1ZXJ0by1Nb250dF8wMDM4X0RTQ18zNDE3LmpwZyIsInNsaWRlc2hvdyI6ImIzODhiYzAifQ%3D%3D\" href='https:\/\/ialeman.cl\/wp-content\/uploads\/2025\/04\/INTERCAMBIO-ALEMANIA-2025-Instituto-Aleman-Puerto-Montt_0038_DSC_3417.jpg'><img loading=\"lazy\" decoding=\"async\" width=\"1200\" height=\"801\" src=\"https:\/\/ialeman.cl\/wp-content\/uploads\/2025\/04\/INTERCAMBIO-ALEMANIA-2025-Instituto-Aleman-Puerto-Montt_0038_DSC_3417.jpg\" class=\"attachment-full size-full\" alt=\"\" srcset=\"https:\/\/ialeman.cl\/wp-content\/uploads\/2025\/04\/INTERCAMBIO-ALEMANIA-2025-Instituto-Aleman-Puerto-Montt_0038_DSC_3417.jpg 1200w, https:\/\/ialeman.cl\/wp-content\/uploads\/2025\/04\/INTERCAMBIO-ALEMANIA-2025-Instituto-Aleman-Puerto-Montt_0038_DSC_3417-300x200.jpg 300w, https:\/\/ialeman.cl\/wp-content\/uploads\/2025\/04\/INTERCAMBIO-ALEMANIA-2025-Instituto-Aleman-Puerto-Montt_0038_DSC_3417-1024x684.jpg 1024w, https:\/\/ialeman.cl\/wp-content\/uploads\/2025\/04\/INTERCAMBIO-ALEMANIA-2025-Instituto-Aleman-Puerto-Montt_0038_DSC_3417-768x513.jpg 768w\" sizes=\"(max-width: 1200px) 100vw, 1200px\" \/><\/a>\n\t\t\t<\/div><\/figure><figure class='gallery-item'>\n\t\t\t<div class='gallery-icon landscape'>\n\t\t\t\t<a data-elementor-open-lightbox=\"yes\" data-elementor-lightbox-slideshow=\"b388bc0\" data-elementor-lightbox-title=\"INTERCAMBIO ALEMANIA 2025 Instituto Alem\u00e1n Puerto Montt_0032_Niveles 12\" data-e-action-hash=\"#elementor-action%3Aaction%3Dlightbox%26settings%3DeyJpZCI6NDM5NjcsInVybCI6Imh0dHBzOlwvXC9pYWxlbWFuLmNsXC93cC1jb250ZW50XC91cGxvYWRzXC8yMDI1XC8wNFwvSU5URVJDQU1CSU8tQUxFTUFOSUEtMjAyNS1JbnN0aXR1dG8tQWxlbWFuLVB1ZXJ0by1Nb250dF8wMDMyX05pdmVsZXMtMTIuanBnIiwic2xpZGVzaG93IjoiYjM4OGJjMCJ9\" href='https:\/\/ialeman.cl\/wp-content\/uploads\/2025\/04\/INTERCAMBIO-ALEMANIA-2025-Instituto-Aleman-Puerto-Montt_0032_Niveles-12.jpg'><img loading=\"lazy\" decoding=\"async\" width=\"1200\" height=\"801\" src=\"https:\/\/ialeman.cl\/wp-content\/uploads\/2025\/04\/INTERCAMBIO-ALEMANIA-2025-Instituto-Aleman-Puerto-Montt_0032_Niveles-12.jpg\" class=\"attachment-full size-full\" alt=\"\" srcset=\"https:\/\/ialeman.cl\/wp-content\/uploads\/2025\/04\/INTERCAMBIO-ALEMANIA-2025-Instituto-Aleman-Puerto-Montt_0032_Niveles-12.jpg 1200w, https:\/\/ialeman.cl\/wp-content\/uploads\/2025\/04\/INTERCAMBIO-ALEMANIA-2025-Instituto-Aleman-Puerto-Montt_0032_Niveles-12-300x200.jpg 300w, https:\/\/ialeman.cl\/wp-content\/uploads\/2025\/04\/INTERCAMBIO-ALEMANIA-2025-Instituto-Aleman-Puerto-Montt_0032_Niveles-12-1024x684.jpg 1024w, https:\/\/ialeman.cl\/wp-content\/uploads\/2025\/04\/INTERCAMBIO-ALEMANIA-2025-Instituto-Aleman-Puerto-Montt_0032_Niveles-12-768x513.jpg 768w\" sizes=\"(max-width: 1200px) 100vw, 1200px\" \/><\/a>\n\t\t\t<\/div><\/figure><figure class='gallery-item'>\n\t\t\t<div class='gallery-icon landscape'>\n\t\t\t\t<a data-elementor-open-lightbox=\"yes\" data-elementor-lightbox-slideshow=\"b388bc0\" data-elementor-lightbox-title=\"INTERCAMBIO ALEMANIA 2025 Instituto Alem\u00e1n Puerto Montt_0033_DSC_3439\" data-e-action-hash=\"#elementor-action%3Aaction%3Dlightbox%26settings%3DeyJpZCI6NDM5NjgsInVybCI6Imh0dHBzOlwvXC9pYWxlbWFuLmNsXC93cC1jb250ZW50XC91cGxvYWRzXC8yMDI1XC8wNFwvSU5URVJDQU1CSU8tQUxFTUFOSUEtMjAyNS1JbnN0aXR1dG8tQWxlbWFuLVB1ZXJ0by1Nb250dF8wMDMzX0RTQ18zNDM5LmpwZyIsInNsaWRlc2hvdyI6ImIzODhiYzAifQ%3D%3D\" href='https:\/\/ialeman.cl\/wp-content\/uploads\/2025\/04\/INTERCAMBIO-ALEMANIA-2025-Instituto-Aleman-Puerto-Montt_0033_DSC_3439.jpg'><img loading=\"lazy\" decoding=\"async\" width=\"1200\" height=\"801\" src=\"https:\/\/ialeman.cl\/wp-content\/uploads\/2025\/04\/INTERCAMBIO-ALEMANIA-2025-Instituto-Aleman-Puerto-Montt_0033_DSC_3439.jpg\" class=\"attachment-full size-full\" alt=\"\" srcset=\"https:\/\/ialeman.cl\/wp-content\/uploads\/2025\/04\/INTERCAMBIO-ALEMANIA-2025-Instituto-Aleman-Puerto-Montt_0033_DSC_3439.jpg 1200w, https:\/\/ialeman.cl\/wp-content\/uploads\/2025\/04\/INTERCAMBIO-ALEMANIA-2025-Instituto-Aleman-Puerto-Montt_0033_DSC_3439-300x200.jpg 300w, https:\/\/ialeman.cl\/wp-content\/uploads\/2025\/04\/INTERCAMBIO-ALEMANIA-2025-Instituto-Aleman-Puerto-Montt_0033_DSC_3439-1024x684.jpg 1024w, https:\/\/ialeman.cl\/wp-content\/uploads\/2025\/04\/INTERCAMBIO-ALEMANIA-2025-Instituto-Aleman-Puerto-Montt_0033_DSC_3439-768x513.jpg 768w\" sizes=\"(max-width: 1200px) 100vw, 1200px\" \/><\/a>\n\t\t\t<\/div><\/figure><figure class='gallery-item'>\n\t\t\t<div class='gallery-icon landscape'>\n\t\t\t\t<a data-elementor-open-lightbox=\"yes\" data-elementor-lightbox-slideshow=\"b388bc0\" data-elementor-lightbox-title=\"INTERCAMBIO ALEMANIA 2025 Instituto Alem\u00e1n Puerto Montt_0034_Niveles 14\" data-e-action-hash=\"#elementor-action%3Aaction%3Dlightbox%26settings%3DeyJpZCI6NDM5NjksInVybCI6Imh0dHBzOlwvXC9pYWxlbWFuLmNsXC93cC1jb250ZW50XC91cGxvYWRzXC8yMDI1XC8wNFwvSU5URVJDQU1CSU8tQUxFTUFOSUEtMjAyNS1JbnN0aXR1dG8tQWxlbWFuLVB1ZXJ0by1Nb250dF8wMDM0X05pdmVsZXMtMTQuanBnIiwic2xpZGVzaG93IjoiYjM4OGJjMCJ9\" href='https:\/\/ialeman.cl\/wp-content\/uploads\/2025\/04\/INTERCAMBIO-ALEMANIA-2025-Instituto-Aleman-Puerto-Montt_0034_Niveles-14.jpg'><img loading=\"lazy\" decoding=\"async\" width=\"1200\" height=\"801\" src=\"https:\/\/ialeman.cl\/wp-content\/uploads\/2025\/04\/INTERCAMBIO-ALEMANIA-2025-Instituto-Aleman-Puerto-Montt_0034_Niveles-14.jpg\" class=\"attachment-full size-full\" alt=\"\" srcset=\"https:\/\/ialeman.cl\/wp-content\/uploads\/2025\/04\/INTERCAMBIO-ALEMANIA-2025-Instituto-Aleman-Puerto-Montt_0034_Niveles-14.jpg 1200w, https:\/\/ialeman.cl\/wp-content\/uploads\/2025\/04\/INTERCAMBIO-ALEMANIA-2025-Instituto-Aleman-Puerto-Montt_0034_Niveles-14-300x200.jpg 300w, https:\/\/ialeman.cl\/wp-content\/uploads\/2025\/04\/INTERCAMBIO-ALEMANIA-2025-Instituto-Aleman-Puerto-Montt_0034_Niveles-14-1024x684.jpg 1024w, https:\/\/ialeman.cl\/wp-content\/uploads\/2025\/04\/INTERCAMBIO-ALEMANIA-2025-Instituto-Aleman-Puerto-Montt_0034_Niveles-14-768x513.jpg 768w\" sizes=\"(max-width: 1200px) 100vw, 1200px\" \/><\/a>\n\t\t\t<\/div><\/figure><figure class='gallery-item'>\n\t\t\t<div class='gallery-icon landscape'>\n\t\t\t\t<a data-elementor-open-lightbox=\"yes\" data-elementor-lightbox-slideshow=\"b388bc0\" data-elementor-lightbox-title=\"INTERCAMBIO ALEMANIA 2025 Instituto Alem\u00e1n Puerto Montt_0035_DSC_3427\" data-e-action-hash=\"#elementor-action%3Aaction%3Dlightbox%26settings%3DeyJpZCI6NDM5NzEsInVybCI6Imh0dHBzOlwvXC9pYWxlbWFuLmNsXC93cC1jb250ZW50XC91cGxvYWRzXC8yMDI1XC8wNFwvSU5URVJDQU1CSU8tQUxFTUFOSUEtMjAyNS1JbnN0aXR1dG8tQWxlbWFuLVB1ZXJ0by1Nb250dF8wMDM1X0RTQ18zNDI3LmpwZyIsInNsaWRlc2hvdyI6ImIzODhiYzAifQ%3D%3D\" href='https:\/\/ialeman.cl\/wp-content\/uploads\/2025\/04\/INTERCAMBIO-ALEMANIA-2025-Instituto-Aleman-Puerto-Montt_0035_DSC_3427.jpg'><img loading=\"lazy\" decoding=\"async\" width=\"1200\" height=\"801\" src=\"https:\/\/ialeman.cl\/wp-content\/uploads\/2025\/04\/INTERCAMBIO-ALEMANIA-2025-Instituto-Aleman-Puerto-Montt_0035_DSC_3427.jpg\" class=\"attachment-full size-full\" alt=\"\" srcset=\"https:\/\/ialeman.cl\/wp-content\/uploads\/2025\/04\/INTERCAMBIO-ALEMANIA-2025-Instituto-Aleman-Puerto-Montt_0035_DSC_3427.jpg 1200w, https:\/\/ialeman.cl\/wp-content\/uploads\/2025\/04\/INTERCAMBIO-ALEMANIA-2025-Instituto-Aleman-Puerto-Montt_0035_DSC_3427-300x200.jpg 300w, https:\/\/ialeman.cl\/wp-content\/uploads\/2025\/04\/INTERCAMBIO-ALEMANIA-2025-Instituto-Aleman-Puerto-Montt_0035_DSC_3427-1024x684.jpg 1024w, https:\/\/ialeman.cl\/wp-content\/uploads\/2025\/04\/INTERCAMBIO-ALEMANIA-2025-Instituto-Aleman-Puerto-Montt_0035_DSC_3427-768x513.jpg 768w\" sizes=\"(max-width: 1200px) 100vw, 1200px\" \/><\/a>\n\t\t\t<\/div><\/figure><figure class='gallery-item'>\n\t\t\t<div class='gallery-icon landscape'>\n\t\t\t\t<a data-elementor-open-lightbox=\"yes\" data-elementor-lightbox-slideshow=\"b388bc0\" data-elementor-lightbox-title=\"INTERCAMBIO ALEMANIA 2025 Instituto Alem\u00e1n Puerto Montt_0036_DSC_3421\" data-e-action-hash=\"#elementor-action%3Aaction%3Dlightbox%26settings%3DeyJpZCI6NDM5NzIsInVybCI6Imh0dHBzOlwvXC9pYWxlbWFuLmNsXC93cC1jb250ZW50XC91cGxvYWRzXC8yMDI1XC8wNFwvSU5URVJDQU1CSU8tQUxFTUFOSUEtMjAyNS1JbnN0aXR1dG8tQWxlbWFuLVB1ZXJ0by1Nb250dF8wMDM2X0RTQ18zNDIxLmpwZyIsInNsaWRlc2hvdyI6ImIzODhiYzAifQ%3D%3D\" href='https:\/\/ialeman.cl\/wp-content\/uploads\/2025\/04\/INTERCAMBIO-ALEMANIA-2025-Instituto-Aleman-Puerto-Montt_0036_DSC_3421.jpg'><img loading=\"lazy\" decoding=\"async\" width=\"1200\" height=\"801\" src=\"https:\/\/ialeman.cl\/wp-content\/uploads\/2025\/04\/INTERCAMBIO-ALEMANIA-2025-Instituto-Aleman-Puerto-Montt_0036_DSC_3421.jpg\" class=\"attachment-full size-full\" alt=\"\" srcset=\"https:\/\/ialeman.cl\/wp-content\/uploads\/2025\/04\/INTERCAMBIO-ALEMANIA-2025-Instituto-Aleman-Puerto-Montt_0036_DSC_3421.jpg 1200w, https:\/\/ialeman.cl\/wp-content\/uploads\/2025\/04\/INTERCAMBIO-ALEMANIA-2025-Instituto-Aleman-Puerto-Montt_0036_DSC_3421-300x200.jpg 300w, https:\/\/ialeman.cl\/wp-content\/uploads\/2025\/04\/INTERCAMBIO-ALEMANIA-2025-Instituto-Aleman-Puerto-Montt_0036_DSC_3421-1024x684.jpg 1024w, https:\/\/ialeman.cl\/wp-content\/uploads\/2025\/04\/INTERCAMBIO-ALEMANIA-2025-Instituto-Aleman-Puerto-Montt_0036_DSC_3421-768x513.jpg 768w\" sizes=\"(max-width: 1200px) 100vw, 1200px\" \/><\/a>\n\t\t\t<\/div><\/figure><figure class='gallery-item'>\n\t\t\t<div class='gallery-icon landscape'>\n\t\t\t\t<a data-elementor-open-lightbox=\"yes\" data-elementor-lightbox-slideshow=\"b388bc0\" data-elementor-lightbox-title=\"INTERCAMBIO ALEMANIA 2025 Instituto Alem\u00e1n Puerto Montt_0037_Niveles 16\" data-e-action-hash=\"#elementor-action%3Aaction%3Dlightbox%26settings%3DeyJpZCI6NDM5NzMsInVybCI6Imh0dHBzOlwvXC9pYWxlbWFuLmNsXC93cC1jb250ZW50XC91cGxvYWRzXC8yMDI1XC8wNFwvSU5URVJDQU1CSU8tQUxFTUFOSUEtMjAyNS1JbnN0aXR1dG8tQWxlbWFuLVB1ZXJ0by1Nb250dF8wMDM3X05pdmVsZXMtMTYuanBnIiwic2xpZGVzaG93IjoiYjM4OGJjMCJ9\" href='https:\/\/ialeman.cl\/wp-content\/uploads\/2025\/04\/INTERCAMBIO-ALEMANIA-2025-Instituto-Aleman-Puerto-Montt_0037_Niveles-16.jpg'><img loading=\"lazy\" decoding=\"async\" width=\"1200\" height=\"801\" src=\"https:\/\/ialeman.cl\/wp-content\/uploads\/2025\/04\/INTERCAMBIO-ALEMANIA-2025-Instituto-Aleman-Puerto-Montt_0037_Niveles-16.jpg\" class=\"attachment-full size-full\" alt=\"\" srcset=\"https:\/\/ialeman.cl\/wp-content\/uploads\/2025\/04\/INTERCAMBIO-ALEMANIA-2025-Instituto-Aleman-Puerto-Montt_0037_Niveles-16.jpg 1200w, https:\/\/ialeman.cl\/wp-content\/uploads\/2025\/04\/INTERCAMBIO-ALEMANIA-2025-Instituto-Aleman-Puerto-Montt_0037_Niveles-16-300x200.jpg 300w, https:\/\/ialeman.cl\/wp-content\/uploads\/2025\/04\/INTERCAMBIO-ALEMANIA-2025-Instituto-Aleman-Puerto-Montt_0037_Niveles-16-1024x684.jpg 1024w, https:\/\/ialeman.cl\/wp-content\/uploads\/2025\/04\/INTERCAMBIO-ALEMANIA-2025-Instituto-Aleman-Puerto-Montt_0037_Niveles-16-768x513.jpg 768w\" sizes=\"(max-width: 1200px) 100vw, 1200px\" \/><\/a>\n\t\t\t<\/div><\/figure><figure class='gallery-item'>\n\t\t\t<div class='gallery-icon landscape'>\n\t\t\t\t<a data-elementor-open-lightbox=\"yes\" data-elementor-lightbox-slideshow=\"b388bc0\" data-elementor-lightbox-title=\"INTERCAMBIO ALEMANIA 2025 Instituto Alem\u00e1n Puerto Montt_0039_DSC_3416\" data-e-action-hash=\"#elementor-action%3Aaction%3Dlightbox%26settings%3DeyJpZCI6NDM5NzUsInVybCI6Imh0dHBzOlwvXC9pYWxlbWFuLmNsXC93cC1jb250ZW50XC91cGxvYWRzXC8yMDI1XC8wNFwvSU5URVJDQU1CSU8tQUxFTUFOSUEtMjAyNS1JbnN0aXR1dG8tQWxlbWFuLVB1ZXJ0by1Nb250dF8wMDM5X0RTQ18zNDE2LmpwZyIsInNsaWRlc2hvdyI6ImIzODhiYzAifQ%3D%3D\" href='https:\/\/ialeman.cl\/wp-content\/uploads\/2025\/04\/INTERCAMBIO-ALEMANIA-2025-Instituto-Aleman-Puerto-Montt_0039_DSC_3416.jpg'><img loading=\"lazy\" decoding=\"async\" width=\"1200\" height=\"801\" src=\"https:\/\/ialeman.cl\/wp-content\/uploads\/2025\/04\/INTERCAMBIO-ALEMANIA-2025-Instituto-Aleman-Puerto-Montt_0039_DSC_3416.jpg\" class=\"attachment-full size-full\" alt=\"\" srcset=\"https:\/\/ialeman.cl\/wp-content\/uploads\/2025\/04\/INTERCAMBIO-ALEMANIA-2025-Instituto-Aleman-Puerto-Montt_0039_DSC_3416.jpg 1200w, https:\/\/ialeman.cl\/wp-content\/uploads\/2025\/04\/INTERCAMBIO-ALEMANIA-2025-Instituto-Aleman-Puerto-Montt_0039_DSC_3416-300x200.jpg 300w, https:\/\/ialeman.cl\/wp-content\/uploads\/2025\/04\/INTERCAMBIO-ALEMANIA-2025-Instituto-Aleman-Puerto-Montt_0039_DSC_3416-1024x684.jpg 1024w, https:\/\/ialeman.cl\/wp-content\/uploads\/2025\/04\/INTERCAMBIO-ALEMANIA-2025-Instituto-Aleman-Puerto-Montt_0039_DSC_3416-768x513.jpg 768w\" sizes=\"(max-width: 1200px) 100vw, 1200px\" \/><\/a>\n\t\t\t<\/div><\/figure>\n\t\t<\/div>\n\t\t<\/div>\n\t\t\t\t\t\t<\/div>\n\t\t\t\t<\/div>\n\t\t\t\t\t<\/div>\n\t\t<\/div>\n\t\t\t\t\t<\/div>\n\t\t<\/section>\n\t\t\t\t<\/div>\n\t\t","protected":false},"excerpt":{"rendered":"<p>Instituto Alem\u00e1n de Puerto Montt recibe a estudiantes alemanes en intercambio escolar Con gran alegr\u00eda, en el Instituto Alem\u00e1n de Puerto Montt recibimos a los 20 estudiantes alemanes que participan este a\u00f1o en nuestro programa de intercambio escolar 2025. Los j\u00f3venes fueron recibidos en el Aeropuerto El Tepual por las mismas familias chilenas que, durante [&hellip;]<\/p>\n","protected":false},"author":1,"featured_media":43927,"comment_status":"closed","ping_status":"closed","sticky":false,"template":"","format":"standard","meta":{"site-sidebar-layout":"default","site-content-layout":"","ast-site-content-layout":"default","site-content-style":"default","site-sidebar-style":"default","ast-global-header-display":"","ast-banner-title-visibility":"","ast-main-header-display":"","ast-hfb-above-header-display":"","ast-hfb-below-header-display":"","ast-hfb-mobile-header-display":"","site-post-title":"disabled","ast-breadcrumbs-content":"","ast-featured-img":"disabled","footer-sml-layout":"","ast-disable-related-posts":"","theme-transparent-header-meta":"","adv-header-id-meta":"","stick-header-meta":"","header-above-stick-meta":"","header-main-stick-meta":"","header-below-stick-meta":"","astra-migrate-meta-layouts":"set","ast-page-background-enabled":"default","ast-page-background-meta":{"desktop":{"background-color":"var(--ast-global-color-4)","background-image":"","background-repeat":"repeat","background-position":"center center","background-size":"auto","background-attachment":"scroll","background-type":"","background-media":"","overlay-type":"","overlay-color":"","overlay-opacity":"","overlay-gradient":""},"tablet":{"background-color":"","background-image":"","background-repeat":"repeat","background-position":"center center","background-size":"auto","background-attachment":"scroll","background-type":"","background-media":"","overlay-type":"","overlay-color":"","overlay-opacity":"","overlay-gradient":""},"mobile":{"background-color":"","background-image":"","background-repeat":"repeat","background-position":"center center","background-size":"auto","background-attachment":"scroll","background-type":"","background-media":"","overlay-type":"","overlay-color":"","overlay-opacity":"","overlay-gradient":""}},"ast-content-background-meta":{"desktop":{"background-color":"var(--ast-global-color-5)","background-image":"","background-repeat":"repeat","background-position":"center center","background-size":"auto","background-attachment":"scroll","background-type":"","background-media":"","overlay-type":"","overlay-color":"","overlay-opacity":"","overlay-gradient":""},"tablet":{"background-color":"var(--ast-global-color-5)","background-image":"","background-repeat":"repeat","background-position":"center center","background-size":"auto","background-attachment":"scroll","background-type":"","background-media":"","overlay-type":"","overlay-color":"","overlay-opacity":"","overlay-gradient":""},"mobile":{"background-color":"var(--ast-global-color-5)","background-image":"","background-repeat":"repeat","background-position":"center center","background-size":"auto","background-attachment":"scroll","background-type":"","background-media":"","overlay-type":"","overlay-color":"","overlay-opacity":"","overlay-gradient":""}},"advanced_seo_description":"","jetpack_seo_html_title":"","jetpack_seo_noindex":false,"jetpack_seo_schema_type":"","_jetpack_newsletter_access":"","_jetpack_dont_email_post_to_subs":false,"_jetpack_newsletter_tier_id":0,"_jetpack_memberships_contains_paywalled_content":false,"_wpcom_ai_launchpad_first_post":false,"_jetpack_feature_clip_id":0,"_jetpack_memberships_contains_paid_content":false,"footnotes":"","jetpack_post_was_ever_published":false},"categories":[10],"tags":[],"class_list":["post-43926","post","type-post","status-publish","format-standard","has-post-thumbnail","hentry","category-noticias"],"jetpack_shortlink":"https:\/\/wp.me\/ph8I5c-bqu","jetpack_sharing_enabled":true,"jetpack_featured_media_url":"https:\/\/ialeman.cl\/wp-content\/uploads\/2025\/04\/INTERCAMBIO-ALEMANIA-2025-Instituto-Aleman-Puerto-Montt_0000_Brillo_contraste-1.jpg","_links":{"self":[{"href":"https:\/\/ialeman.cl\/index.php\/wp-json\/wp\/v2\/posts\/43926","targetHints":{"allow":["GET"]}}],"collection":[{"href":"https:\/\/ialeman.cl\/index.php\/wp-json\/wp\/v2\/posts"}],"about":[{"href":"https:\/\/ialeman.cl\/index.php\/wp-json\/wp\/v2\/types\/post"}],"author":[{"embeddable":true,"href":"https:\/\/ialeman.cl\/index.php\/wp-json\/wp\/v2\/users\/1"}],"replies":[{"embeddable":true,"href":"https:\/\/ialeman.cl\/index.php\/wp-json\/wp\/v2\/comments?post=43926"}],"version-history":[{"count":11,"href":"https:\/\/ialeman.cl\/index.php\/wp-json\/wp\/v2\/posts\/43926\/revisions"}],"predecessor-version":[{"id":43981,"href":"https:\/\/ialeman.cl\/index.php\/wp-json\/wp\/v2\/posts\/43926\/revisions\/43981"}],"wp:featuredmedia":[{"embeddable":true,"href":"https:\/\/ialeman.cl\/index.php\/wp-json\/wp\/v2\/media\/43927"}],"wp:attachment":[{"href":"https:\/\/ialeman.cl\/index.php\/wp-json\/wp\/v2\/media?parent=43926"}],"wp:term":[{"taxonomy":"category","embeddable":true,"href":"https:\/\/ialeman.cl\/index.php\/wp-json\/wp\/v2\/categories?post=43926"},{"taxonomy":"post_tag","embeddable":true,"href":"https:\/\/ialeman.cl\/index.php\/wp-json\/wp\/v2\/tags?post=43926"}],"curies":[{"name":"wp","href":"https:\/\/api.w.org\/{rel}","templated":true}]}}