{"id":43877,"date":"2025-04-16T12:56:03","date_gmt":"2025-04-16T16:56:03","guid":{"rendered":"https:\/\/ialeman.cl\/?p=43877"},"modified":"2025-04-16T15:58:22","modified_gmt":"2025-04-16T19:58:22","slug":"visita-al-parque-nacional-alerce-andino","status":"publish","type":"post","link":"https:\/\/ialeman.cl\/index.php\/visita-al-parque-nacional-alerce-andino\/","title":{"rendered":"Visita al Parque Nacional Alerce Andino"},"content":{"rendered":"\t\t<div data-elementor-type=\"wp-post\" data-elementor-id=\"43877\" class=\"elementor elementor-43877\">\n\t\t\t\t\t\t<section class=\"elementor-section elementor-top-section elementor-element elementor-element-54d08ab elementor-section-boxed elementor-section-height-default elementor-section-height-default\" data-id=\"54d08ab\" data-element_type=\"section\" data-e-type=\"section\">\n\t\t\t\t\t\t<div class=\"elementor-container elementor-column-gap-default\">\n\t\t\t\t\t<div class=\"elementor-column elementor-col-100 elementor-top-column elementor-element elementor-element-769fe5c\" data-id=\"769fe5c\" data-element_type=\"column\" data-e-type=\"column\">\n\t\t\t<div class=\"elementor-widget-wrap elementor-element-populated\">\n\t\t\t\t\t\t<div class=\"elementor-element elementor-element-e7932e7 elementor-widget elementor-widget-heading\" data-id=\"e7932e7\" data-element_type=\"widget\" data-e-type=\"widget\" data-widget_type=\"heading.default\">\n\t\t\t\t<div class=\"elementor-widget-container\">\n\t\t\t\t\t<h2 class=\"elementor-heading-title elementor-size-default\">Los estudiantes de 6\u00b0 b\u00e1sico visitaron el Parque Nacional Alerce Andino<\/h2>\t\t\t\t<\/div>\n\t\t\t\t<\/div>\n\t\t\t\t\t<\/div>\n\t\t<\/div>\n\t\t\t\t\t<\/div>\n\t\t<\/section>\n\t\t\t\t<section class=\"elementor-section elementor-top-section elementor-element elementor-element-2873e4d elementor-section-boxed elementor-section-height-default elementor-section-height-default\" data-id=\"2873e4d\" data-element_type=\"section\" data-e-type=\"section\">\n\t\t\t\t\t\t<div class=\"elementor-container elementor-column-gap-default\">\n\t\t\t\t\t<div class=\"elementor-column elementor-col-100 elementor-top-column elementor-element elementor-element-0cdc015\" data-id=\"0cdc015\" data-element_type=\"column\" data-e-type=\"column\">\n\t\t\t<div class=\"elementor-widget-wrap elementor-element-populated\">\n\t\t\t\t\t\t<div class=\"elementor-element elementor-element-df885ad elementor-widget elementor-widget-heading\" data-id=\"df885ad\" data-element_type=\"widget\" data-e-type=\"widget\" data-widget_type=\"heading.default\">\n\t\t\t\t<div class=\"elementor-widget-container\">\n\t\t\t\t\t<h2 class=\"elementor-heading-title elementor-size-default\">Como parte de una salida pedag\u00f3gica interdisciplinaria, los ni\u00f1os de 6\u00b0 b\u00e1sico del Instituto Alem\u00e1n de Puerto Montt conocieron el Parque Nacional Alerce Andino, recorriendo los senderos Chaica y Alerce Milenario. La actividad integr\u00f3 las asignaturas de Educaci\u00f3n F\u00edsica para la Salud, Lenguaje y Artes, promoviendo el aprendizaje y el respeto por la naturaleza.<br><br>\n\nDurante el trayecto, que abarc\u00f3 cerca de cinco kil\u00f3metros ida y vuelta, los estudiantes aplicaron contenidos trabajados en clases, respondiendo preguntas relacionadas con las tres asignaturas. El recorrido, en un d\u00eda nublado y de aire limpio, ofreci\u00f3 un ambiente ideal para la observaci\u00f3n, la reflexi\u00f3n y el trabajo colaborativo.<br><br>\n\nLa experiencia fue valorada con entusiasmo por los estudiantes, quienes se mostraron motivados y sorprendidos al conocer esta maravilla natural, rodeada por la flora y fauna del lugar. Compartir y aprender fuera del aula fortaleci\u00f3 tanto sus aprendizajes como la autonom\u00eda de los alumnos. <\/h2>\t\t\t\t<\/div>\n\t\t\t\t<\/div>\n\t\t\t\t\t<\/div>\n\t\t<\/div>\n\t\t\t\t\t<\/div>\n\t\t<\/section>\n\t\t\t\t<section class=\"elementor-section elementor-top-section elementor-element elementor-element-9595513 elementor-section-boxed elementor-section-height-default elementor-section-height-default\" data-id=\"9595513\" data-element_type=\"section\" data-e-type=\"section\">\n\t\t\t\t\t\t<div class=\"elementor-container elementor-column-gap-default\">\n\t\t\t\t\t<div class=\"elementor-column elementor-col-100 elementor-top-column elementor-element elementor-element-cf19cd5\" data-id=\"cf19cd5\" data-element_type=\"column\" data-e-type=\"column\">\n\t\t\t<div class=\"elementor-widget-wrap elementor-element-populated\">\n\t\t\t\t\t\t<div class=\"elementor-element elementor-element-8b3b98c gallery-spacing-custom elementor-widget elementor-widget-image-gallery\" data-id=\"8b3b98c\" data-element_type=\"widget\" data-e-type=\"widget\" data-widget_type=\"image-gallery.default\">\n\t\t\t\t<div class=\"elementor-widget-container\">\n\t\t\t\t\t\t\t<div class=\"elementor-image-gallery\">\n\t\t\t<div id='gallery-1' class='gallery galleryid-43877 gallery-columns-2 gallery-size-full'><figure class='gallery-item'>\n\t\t\t<div class='gallery-icon landscape'>\n\t\t\t\t<a data-elementor-open-lightbox=\"yes\" data-elementor-lightbox-slideshow=\"8b3b98c\" data-elementor-lightbox-title=\"ALERCE ANDINO 6\u00ba B\u00c1SICO 2025 Instituto Alem\u00e1n de Puerto Montt_0000_DSC_3791\" data-e-action-hash=\"#elementor-action%3Aaction%3Dlightbox%26settings%3DeyJpZCI6NDM4ODYsInVybCI6Imh0dHBzOlwvXC9pYWxlbWFuLmNsXC93cC1jb250ZW50XC91cGxvYWRzXC8yMDI1XC8wNFwvQUxFUkNFLUFORElOTy02by1CQVNJQ08tMjAyNS1JbnN0aXR1dG8tQWxlbWFuLWRlLVB1ZXJ0by1Nb250dF8wMDAwX0RTQ18zNzkxLmpwZyIsInNsaWRlc2hvdyI6IjhiM2I5OGMifQ%3D%3D\" href='https:\/\/ialeman.cl\/wp-content\/uploads\/2025\/04\/ALERCE-ANDINO-6o-BASICO-2025-Instituto-Aleman-de-Puerto-Montt_0000_DSC_3791.jpg'><img fetchpriority=\"high\" decoding=\"async\" width=\"1200\" height=\"801\" src=\"https:\/\/ialeman.cl\/wp-content\/uploads\/2025\/04\/ALERCE-ANDINO-6o-BASICO-2025-Instituto-Aleman-de-Puerto-Montt_0000_DSC_3791.jpg\" class=\"attachment-full size-full\" alt=\"\" srcset=\"https:\/\/ialeman.cl\/wp-content\/uploads\/2025\/04\/ALERCE-ANDINO-6o-BASICO-2025-Instituto-Aleman-de-Puerto-Montt_0000_DSC_3791.jpg 1200w, https:\/\/ialeman.cl\/wp-content\/uploads\/2025\/04\/ALERCE-ANDINO-6o-BASICO-2025-Instituto-Aleman-de-Puerto-Montt_0000_DSC_3791-300x200.jpg 300w, https:\/\/ialeman.cl\/wp-content\/uploads\/2025\/04\/ALERCE-ANDINO-6o-BASICO-2025-Instituto-Aleman-de-Puerto-Montt_0000_DSC_3791-1024x684.jpg 1024w, https:\/\/ialeman.cl\/wp-content\/uploads\/2025\/04\/ALERCE-ANDINO-6o-BASICO-2025-Instituto-Aleman-de-Puerto-Montt_0000_DSC_3791-768x513.jpg 768w\" sizes=\"(max-width: 1200px) 100vw, 1200px\" \/><\/a>\n\t\t\t<\/div><\/figure><figure class='gallery-item'>\n\t\t\t<div class='gallery-icon landscape'>\n\t\t\t\t<a data-elementor-open-lightbox=\"yes\" data-elementor-lightbox-slideshow=\"8b3b98c\" data-elementor-lightbox-title=\"ALERCE ANDINO 6\u00ba B\u00c1SICO 2025 Instituto Alem\u00e1n de Puerto Montt_0004_DSC_3765\" data-e-action-hash=\"#elementor-action%3Aaction%3Dlightbox%26settings%3DeyJpZCI6NDM4OTAsInVybCI6Imh0dHBzOlwvXC9pYWxlbWFuLmNsXC93cC1jb250ZW50XC91cGxvYWRzXC8yMDI1XC8wNFwvQUxFUkNFLUFORElOTy02by1CQVNJQ08tMjAyNS1JbnN0aXR1dG8tQWxlbWFuLWRlLVB1ZXJ0by1Nb250dF8wMDA0X0RTQ18zNzY1LmpwZyIsInNsaWRlc2hvdyI6IjhiM2I5OGMifQ%3D%3D\" href='https:\/\/ialeman.cl\/wp-content\/uploads\/2025\/04\/ALERCE-ANDINO-6o-BASICO-2025-Instituto-Aleman-de-Puerto-Montt_0004_DSC_3765.jpg'><img decoding=\"async\" width=\"1200\" height=\"801\" src=\"https:\/\/ialeman.cl\/wp-content\/uploads\/2025\/04\/ALERCE-ANDINO-6o-BASICO-2025-Instituto-Aleman-de-Puerto-Montt_0004_DSC_3765.jpg\" class=\"attachment-full size-full\" alt=\"\" srcset=\"https:\/\/ialeman.cl\/wp-content\/uploads\/2025\/04\/ALERCE-ANDINO-6o-BASICO-2025-Instituto-Aleman-de-Puerto-Montt_0004_DSC_3765.jpg 1200w, https:\/\/ialeman.cl\/wp-content\/uploads\/2025\/04\/ALERCE-ANDINO-6o-BASICO-2025-Instituto-Aleman-de-Puerto-Montt_0004_DSC_3765-300x200.jpg 300w, https:\/\/ialeman.cl\/wp-content\/uploads\/2025\/04\/ALERCE-ANDINO-6o-BASICO-2025-Instituto-Aleman-de-Puerto-Montt_0004_DSC_3765-1024x684.jpg 1024w, https:\/\/ialeman.cl\/wp-content\/uploads\/2025\/04\/ALERCE-ANDINO-6o-BASICO-2025-Instituto-Aleman-de-Puerto-Montt_0004_DSC_3765-768x513.jpg 768w\" sizes=\"(max-width: 1200px) 100vw, 1200px\" \/><\/a>\n\t\t\t<\/div><\/figure><figure class='gallery-item'>\n\t\t\t<div class='gallery-icon landscape'>\n\t\t\t\t<a data-elementor-open-lightbox=\"yes\" data-elementor-lightbox-slideshow=\"8b3b98c\" data-elementor-lightbox-title=\"ALERCE ANDINO 6\u00ba B\u00c1SICO 2025 Instituto Alem\u00e1n de Puerto Montt_0019_DSC_3624\" data-e-action-hash=\"#elementor-action%3Aaction%3Dlightbox%26settings%3DeyJpZCI6NDM5MDUsInVybCI6Imh0dHBzOlwvXC9pYWxlbWFuLmNsXC93cC1jb250ZW50XC91cGxvYWRzXC8yMDI1XC8wNFwvQUxFUkNFLUFORElOTy02by1CQVNJQ08tMjAyNS1JbnN0aXR1dG8tQWxlbWFuLWRlLVB1ZXJ0by1Nb250dF8wMDE5X0RTQ18zNjI0LTEuanBnIiwic2xpZGVzaG93IjoiOGIzYjk4YyJ9\" href='https:\/\/ialeman.cl\/wp-content\/uploads\/2025\/04\/ALERCE-ANDINO-6o-BASICO-2025-Instituto-Aleman-de-Puerto-Montt_0019_DSC_3624-1.jpg'><img decoding=\"async\" width=\"1200\" height=\"801\" src=\"https:\/\/ialeman.cl\/wp-content\/uploads\/2025\/04\/ALERCE-ANDINO-6o-BASICO-2025-Instituto-Aleman-de-Puerto-Montt_0019_DSC_3624-1.jpg\" class=\"attachment-full size-full\" alt=\"\" srcset=\"https:\/\/ialeman.cl\/wp-content\/uploads\/2025\/04\/ALERCE-ANDINO-6o-BASICO-2025-Instituto-Aleman-de-Puerto-Montt_0019_DSC_3624-1.jpg 1200w, https:\/\/ialeman.cl\/wp-content\/uploads\/2025\/04\/ALERCE-ANDINO-6o-BASICO-2025-Instituto-Aleman-de-Puerto-Montt_0019_DSC_3624-1-300x200.jpg 300w, https:\/\/ialeman.cl\/wp-content\/uploads\/2025\/04\/ALERCE-ANDINO-6o-BASICO-2025-Instituto-Aleman-de-Puerto-Montt_0019_DSC_3624-1-1024x684.jpg 1024w, https:\/\/ialeman.cl\/wp-content\/uploads\/2025\/04\/ALERCE-ANDINO-6o-BASICO-2025-Instituto-Aleman-de-Puerto-Montt_0019_DSC_3624-1-768x513.jpg 768w\" sizes=\"(max-width: 1200px) 100vw, 1200px\" \/><\/a>\n\t\t\t<\/div><\/figure><figure class='gallery-item'>\n\t\t\t<div class='gallery-icon landscape'>\n\t\t\t\t<a data-elementor-open-lightbox=\"yes\" data-elementor-lightbox-slideshow=\"8b3b98c\" data-elementor-lightbox-title=\"ALERCE ANDINO 6\u00ba B\u00c1SICO 2025 Instituto Alem\u00e1n de Puerto Montt_0017_DSC_3680\" data-e-action-hash=\"#elementor-action%3Aaction%3Dlightbox%26settings%3DeyJpZCI6NDM5MDMsInVybCI6Imh0dHBzOlwvXC9pYWxlbWFuLmNsXC93cC1jb250ZW50XC91cGxvYWRzXC8yMDI1XC8wNFwvQUxFUkNFLUFORElOTy02by1CQVNJQ08tMjAyNS1JbnN0aXR1dG8tQWxlbWFuLWRlLVB1ZXJ0by1Nb250dF8wMDE3X0RTQ18zNjgwLmpwZyIsInNsaWRlc2hvdyI6IjhiM2I5OGMifQ%3D%3D\" href='https:\/\/ialeman.cl\/wp-content\/uploads\/2025\/04\/ALERCE-ANDINO-6o-BASICO-2025-Instituto-Aleman-de-Puerto-Montt_0017_DSC_3680.jpg'><img loading=\"lazy\" decoding=\"async\" width=\"1200\" height=\"801\" src=\"https:\/\/ialeman.cl\/wp-content\/uploads\/2025\/04\/ALERCE-ANDINO-6o-BASICO-2025-Instituto-Aleman-de-Puerto-Montt_0017_DSC_3680.jpg\" class=\"attachment-full size-full\" alt=\"\" srcset=\"https:\/\/ialeman.cl\/wp-content\/uploads\/2025\/04\/ALERCE-ANDINO-6o-BASICO-2025-Instituto-Aleman-de-Puerto-Montt_0017_DSC_3680.jpg 1200w, https:\/\/ialeman.cl\/wp-content\/uploads\/2025\/04\/ALERCE-ANDINO-6o-BASICO-2025-Instituto-Aleman-de-Puerto-Montt_0017_DSC_3680-300x200.jpg 300w, https:\/\/ialeman.cl\/wp-content\/uploads\/2025\/04\/ALERCE-ANDINO-6o-BASICO-2025-Instituto-Aleman-de-Puerto-Montt_0017_DSC_3680-1024x684.jpg 1024w, https:\/\/ialeman.cl\/wp-content\/uploads\/2025\/04\/ALERCE-ANDINO-6o-BASICO-2025-Instituto-Aleman-de-Puerto-Montt_0017_DSC_3680-768x513.jpg 768w\" sizes=\"(max-width: 1200px) 100vw, 1200px\" \/><\/a>\n\t\t\t<\/div><\/figure><figure class='gallery-item'>\n\t\t\t<div class='gallery-icon landscape'>\n\t\t\t\t<a data-elementor-open-lightbox=\"yes\" data-elementor-lightbox-slideshow=\"8b3b98c\" data-elementor-lightbox-title=\"ALERCE ANDINO 6\u00ba B\u00c1SICO 2025 Instituto Alem\u00e1n de Puerto Montt_0002_DSC_3762\" data-e-action-hash=\"#elementor-action%3Aaction%3Dlightbox%26settings%3DeyJpZCI6NDM4ODgsInVybCI6Imh0dHBzOlwvXC9pYWxlbWFuLmNsXC93cC1jb250ZW50XC91cGxvYWRzXC8yMDI1XC8wNFwvQUxFUkNFLUFORElOTy02by1CQVNJQ08tMjAyNS1JbnN0aXR1dG8tQWxlbWFuLWRlLVB1ZXJ0by1Nb250dF8wMDAyX0RTQ18zNzYyLmpwZyIsInNsaWRlc2hvdyI6IjhiM2I5OGMifQ%3D%3D\" href='https:\/\/ialeman.cl\/wp-content\/uploads\/2025\/04\/ALERCE-ANDINO-6o-BASICO-2025-Instituto-Aleman-de-Puerto-Montt_0002_DSC_3762.jpg'><img loading=\"lazy\" decoding=\"async\" width=\"1200\" height=\"801\" src=\"https:\/\/ialeman.cl\/wp-content\/uploads\/2025\/04\/ALERCE-ANDINO-6o-BASICO-2025-Instituto-Aleman-de-Puerto-Montt_0002_DSC_3762.jpg\" class=\"attachment-full size-full\" alt=\"\" srcset=\"https:\/\/ialeman.cl\/wp-content\/uploads\/2025\/04\/ALERCE-ANDINO-6o-BASICO-2025-Instituto-Aleman-de-Puerto-Montt_0002_DSC_3762.jpg 1200w, https:\/\/ialeman.cl\/wp-content\/uploads\/2025\/04\/ALERCE-ANDINO-6o-BASICO-2025-Instituto-Aleman-de-Puerto-Montt_0002_DSC_3762-300x200.jpg 300w, https:\/\/ialeman.cl\/wp-content\/uploads\/2025\/04\/ALERCE-ANDINO-6o-BASICO-2025-Instituto-Aleman-de-Puerto-Montt_0002_DSC_3762-1024x684.jpg 1024w, https:\/\/ialeman.cl\/wp-content\/uploads\/2025\/04\/ALERCE-ANDINO-6o-BASICO-2025-Instituto-Aleman-de-Puerto-Montt_0002_DSC_3762-768x513.jpg 768w\" sizes=\"(max-width: 1200px) 100vw, 1200px\" \/><\/a>\n\t\t\t<\/div><\/figure><figure class='gallery-item'>\n\t\t\t<div class='gallery-icon landscape'>\n\t\t\t\t<a data-elementor-open-lightbox=\"yes\" data-elementor-lightbox-slideshow=\"8b3b98c\" data-elementor-lightbox-title=\"ALERCE ANDINO 6\u00ba B\u00c1SICO 2025 Instituto Alem\u00e1n de Puerto Montt_0015_DSC_3696\" data-e-action-hash=\"#elementor-action%3Aaction%3Dlightbox%26settings%3DeyJpZCI6NDM5MDEsInVybCI6Imh0dHBzOlwvXC9pYWxlbWFuLmNsXC93cC1jb250ZW50XC91cGxvYWRzXC8yMDI1XC8wNFwvQUxFUkNFLUFORElOTy02by1CQVNJQ08tMjAyNS1JbnN0aXR1dG8tQWxlbWFuLWRlLVB1ZXJ0by1Nb250dF8wMDE1X0RTQ18zNjk2LmpwZyIsInNsaWRlc2hvdyI6IjhiM2I5OGMifQ%3D%3D\" href='https:\/\/ialeman.cl\/wp-content\/uploads\/2025\/04\/ALERCE-ANDINO-6o-BASICO-2025-Instituto-Aleman-de-Puerto-Montt_0015_DSC_3696.jpg'><img loading=\"lazy\" decoding=\"async\" width=\"1200\" height=\"801\" src=\"https:\/\/ialeman.cl\/wp-content\/uploads\/2025\/04\/ALERCE-ANDINO-6o-BASICO-2025-Instituto-Aleman-de-Puerto-Montt_0015_DSC_3696.jpg\" class=\"attachment-full size-full\" alt=\"\" srcset=\"https:\/\/ialeman.cl\/wp-content\/uploads\/2025\/04\/ALERCE-ANDINO-6o-BASICO-2025-Instituto-Aleman-de-Puerto-Montt_0015_DSC_3696.jpg 1200w, https:\/\/ialeman.cl\/wp-content\/uploads\/2025\/04\/ALERCE-ANDINO-6o-BASICO-2025-Instituto-Aleman-de-Puerto-Montt_0015_DSC_3696-300x200.jpg 300w, https:\/\/ialeman.cl\/wp-content\/uploads\/2025\/04\/ALERCE-ANDINO-6o-BASICO-2025-Instituto-Aleman-de-Puerto-Montt_0015_DSC_3696-1024x684.jpg 1024w, https:\/\/ialeman.cl\/wp-content\/uploads\/2025\/04\/ALERCE-ANDINO-6o-BASICO-2025-Instituto-Aleman-de-Puerto-Montt_0015_DSC_3696-768x513.jpg 768w\" sizes=\"(max-width: 1200px) 100vw, 1200px\" \/><\/a>\n\t\t\t<\/div><\/figure><figure class='gallery-item'>\n\t\t\t<div class='gallery-icon landscape'>\n\t\t\t\t<a data-elementor-open-lightbox=\"yes\" data-elementor-lightbox-slideshow=\"8b3b98c\" data-elementor-lightbox-title=\"ALERCE ANDINO 6\u00ba B\u00c1SICO 2025 Instituto Alem\u00e1n de Puerto Montt_0001_Niveles 1\" data-e-action-hash=\"#elementor-action%3Aaction%3Dlightbox%26settings%3DeyJpZCI6NDM4ODcsInVybCI6Imh0dHBzOlwvXC9pYWxlbWFuLmNsXC93cC1jb250ZW50XC91cGxvYWRzXC8yMDI1XC8wNFwvQUxFUkNFLUFORElOTy02by1CQVNJQ08tMjAyNS1JbnN0aXR1dG8tQWxlbWFuLWRlLVB1ZXJ0by1Nb250dF8wMDAxX05pdmVsZXMtMS5qcGciLCJzbGlkZXNob3ciOiI4YjNiOThjIn0%3D\" href='https:\/\/ialeman.cl\/wp-content\/uploads\/2025\/04\/ALERCE-ANDINO-6o-BASICO-2025-Instituto-Aleman-de-Puerto-Montt_0001_Niveles-1.jpg'><img loading=\"lazy\" decoding=\"async\" width=\"1200\" height=\"801\" src=\"https:\/\/ialeman.cl\/wp-content\/uploads\/2025\/04\/ALERCE-ANDINO-6o-BASICO-2025-Instituto-Aleman-de-Puerto-Montt_0001_Niveles-1.jpg\" class=\"attachment-full size-full\" alt=\"\" srcset=\"https:\/\/ialeman.cl\/wp-content\/uploads\/2025\/04\/ALERCE-ANDINO-6o-BASICO-2025-Instituto-Aleman-de-Puerto-Montt_0001_Niveles-1.jpg 1200w, https:\/\/ialeman.cl\/wp-content\/uploads\/2025\/04\/ALERCE-ANDINO-6o-BASICO-2025-Instituto-Aleman-de-Puerto-Montt_0001_Niveles-1-300x200.jpg 300w, https:\/\/ialeman.cl\/wp-content\/uploads\/2025\/04\/ALERCE-ANDINO-6o-BASICO-2025-Instituto-Aleman-de-Puerto-Montt_0001_Niveles-1-1024x684.jpg 1024w, https:\/\/ialeman.cl\/wp-content\/uploads\/2025\/04\/ALERCE-ANDINO-6o-BASICO-2025-Instituto-Aleman-de-Puerto-Montt_0001_Niveles-1-768x513.jpg 768w\" sizes=\"(max-width: 1200px) 100vw, 1200px\" \/><\/a>\n\t\t\t<\/div><\/figure><figure class='gallery-item'>\n\t\t\t<div class='gallery-icon landscape'>\n\t\t\t\t<a data-elementor-open-lightbox=\"yes\" data-elementor-lightbox-slideshow=\"8b3b98c\" data-elementor-lightbox-title=\"ALERCE ANDINO 6\u00ba B\u00c1SICO 2025 Instituto Alem\u00e1n de Puerto Montt_0006_DSC_3561\" data-e-action-hash=\"#elementor-action%3Aaction%3Dlightbox%26settings%3DeyJpZCI6NDM4OTIsInVybCI6Imh0dHBzOlwvXC9pYWxlbWFuLmNsXC93cC1jb250ZW50XC91cGxvYWRzXC8yMDI1XC8wNFwvQUxFUkNFLUFORElOTy02by1CQVNJQ08tMjAyNS1JbnN0aXR1dG8tQWxlbWFuLWRlLVB1ZXJ0by1Nb250dF8wMDA2X0RTQ18zNTYxLmpwZyIsInNsaWRlc2hvdyI6IjhiM2I5OGMifQ%3D%3D\" href='https:\/\/ialeman.cl\/wp-content\/uploads\/2025\/04\/ALERCE-ANDINO-6o-BASICO-2025-Instituto-Aleman-de-Puerto-Montt_0006_DSC_3561.jpg'><img loading=\"lazy\" decoding=\"async\" width=\"1200\" height=\"801\" src=\"https:\/\/ialeman.cl\/wp-content\/uploads\/2025\/04\/ALERCE-ANDINO-6o-BASICO-2025-Instituto-Aleman-de-Puerto-Montt_0006_DSC_3561.jpg\" class=\"attachment-full size-full\" alt=\"\" srcset=\"https:\/\/ialeman.cl\/wp-content\/uploads\/2025\/04\/ALERCE-ANDINO-6o-BASICO-2025-Instituto-Aleman-de-Puerto-Montt_0006_DSC_3561.jpg 1200w, https:\/\/ialeman.cl\/wp-content\/uploads\/2025\/04\/ALERCE-ANDINO-6o-BASICO-2025-Instituto-Aleman-de-Puerto-Montt_0006_DSC_3561-300x200.jpg 300w, https:\/\/ialeman.cl\/wp-content\/uploads\/2025\/04\/ALERCE-ANDINO-6o-BASICO-2025-Instituto-Aleman-de-Puerto-Montt_0006_DSC_3561-1024x684.jpg 1024w, https:\/\/ialeman.cl\/wp-content\/uploads\/2025\/04\/ALERCE-ANDINO-6o-BASICO-2025-Instituto-Aleman-de-Puerto-Montt_0006_DSC_3561-768x513.jpg 768w\" sizes=\"(max-width: 1200px) 100vw, 1200px\" \/><\/a>\n\t\t\t<\/div><\/figure><figure class='gallery-item'>\n\t\t\t<div class='gallery-icon landscape'>\n\t\t\t\t<a data-elementor-open-lightbox=\"yes\" data-elementor-lightbox-slideshow=\"8b3b98c\" data-elementor-lightbox-title=\"ALERCE ANDINO 6\u00ba B\u00c1SICO 2025 Instituto Alem\u00e1n de Puerto Montt_0003_Niveles 2\" data-e-action-hash=\"#elementor-action%3Aaction%3Dlightbox%26settings%3DeyJpZCI6NDM4ODksInVybCI6Imh0dHBzOlwvXC9pYWxlbWFuLmNsXC93cC1jb250ZW50XC91cGxvYWRzXC8yMDI1XC8wNFwvQUxFUkNFLUFORElOTy02by1CQVNJQ08tMjAyNS1JbnN0aXR1dG8tQWxlbWFuLWRlLVB1ZXJ0by1Nb250dF8wMDAzX05pdmVsZXMtMi5qcGciLCJzbGlkZXNob3ciOiI4YjNiOThjIn0%3D\" href='https:\/\/ialeman.cl\/wp-content\/uploads\/2025\/04\/ALERCE-ANDINO-6o-BASICO-2025-Instituto-Aleman-de-Puerto-Montt_0003_Niveles-2.jpg'><img loading=\"lazy\" decoding=\"async\" width=\"1200\" height=\"801\" src=\"https:\/\/ialeman.cl\/wp-content\/uploads\/2025\/04\/ALERCE-ANDINO-6o-BASICO-2025-Instituto-Aleman-de-Puerto-Montt_0003_Niveles-2.jpg\" class=\"attachment-full size-full\" alt=\"\" srcset=\"https:\/\/ialeman.cl\/wp-content\/uploads\/2025\/04\/ALERCE-ANDINO-6o-BASICO-2025-Instituto-Aleman-de-Puerto-Montt_0003_Niveles-2.jpg 1200w, https:\/\/ialeman.cl\/wp-content\/uploads\/2025\/04\/ALERCE-ANDINO-6o-BASICO-2025-Instituto-Aleman-de-Puerto-Montt_0003_Niveles-2-300x200.jpg 300w, https:\/\/ialeman.cl\/wp-content\/uploads\/2025\/04\/ALERCE-ANDINO-6o-BASICO-2025-Instituto-Aleman-de-Puerto-Montt_0003_Niveles-2-1024x684.jpg 1024w, https:\/\/ialeman.cl\/wp-content\/uploads\/2025\/04\/ALERCE-ANDINO-6o-BASICO-2025-Instituto-Aleman-de-Puerto-Montt_0003_Niveles-2-768x513.jpg 768w\" sizes=\"(max-width: 1200px) 100vw, 1200px\" \/><\/a>\n\t\t\t<\/div><\/figure><figure class='gallery-item'>\n\t\t\t<div class='gallery-icon landscape'>\n\t\t\t\t<a data-elementor-open-lightbox=\"yes\" data-elementor-lightbox-slideshow=\"8b3b98c\" data-elementor-lightbox-title=\"ALERCE ANDINO 6\u00ba B\u00c1SICO 2025 Instituto Alem\u00e1n de Puerto Montt_0005_DSC_3689\" data-e-action-hash=\"#elementor-action%3Aaction%3Dlightbox%26settings%3DeyJpZCI6NDM4OTEsInVybCI6Imh0dHBzOlwvXC9pYWxlbWFuLmNsXC93cC1jb250ZW50XC91cGxvYWRzXC8yMDI1XC8wNFwvQUxFUkNFLUFORElOTy02by1CQVNJQ08tMjAyNS1JbnN0aXR1dG8tQWxlbWFuLWRlLVB1ZXJ0by1Nb250dF8wMDA1X0RTQ18zNjg5LmpwZyIsInNsaWRlc2hvdyI6IjhiM2I5OGMifQ%3D%3D\" href='https:\/\/ialeman.cl\/wp-content\/uploads\/2025\/04\/ALERCE-ANDINO-6o-BASICO-2025-Instituto-Aleman-de-Puerto-Montt_0005_DSC_3689.jpg'><img loading=\"lazy\" decoding=\"async\" width=\"1200\" height=\"801\" src=\"https:\/\/ialeman.cl\/wp-content\/uploads\/2025\/04\/ALERCE-ANDINO-6o-BASICO-2025-Instituto-Aleman-de-Puerto-Montt_0005_DSC_3689.jpg\" class=\"attachment-full size-full\" alt=\"\" srcset=\"https:\/\/ialeman.cl\/wp-content\/uploads\/2025\/04\/ALERCE-ANDINO-6o-BASICO-2025-Instituto-Aleman-de-Puerto-Montt_0005_DSC_3689.jpg 1200w, https:\/\/ialeman.cl\/wp-content\/uploads\/2025\/04\/ALERCE-ANDINO-6o-BASICO-2025-Instituto-Aleman-de-Puerto-Montt_0005_DSC_3689-300x200.jpg 300w, https:\/\/ialeman.cl\/wp-content\/uploads\/2025\/04\/ALERCE-ANDINO-6o-BASICO-2025-Instituto-Aleman-de-Puerto-Montt_0005_DSC_3689-1024x684.jpg 1024w, https:\/\/ialeman.cl\/wp-content\/uploads\/2025\/04\/ALERCE-ANDINO-6o-BASICO-2025-Instituto-Aleman-de-Puerto-Montt_0005_DSC_3689-768x513.jpg 768w\" sizes=\"(max-width: 1200px) 100vw, 1200px\" \/><\/a>\n\t\t\t<\/div><\/figure><figure class='gallery-item'>\n\t\t\t<div class='gallery-icon landscape'>\n\t\t\t\t<a data-elementor-open-lightbox=\"yes\" data-elementor-lightbox-slideshow=\"8b3b98c\" data-elementor-lightbox-title=\"ALERCE ANDINO 6\u00ba B\u00c1SICO 2025 Instituto Alem\u00e1n de Puerto Montt_0007_DSC_3770\" data-e-action-hash=\"#elementor-action%3Aaction%3Dlightbox%26settings%3DeyJpZCI6NDM4OTMsInVybCI6Imh0dHBzOlwvXC9pYWxlbWFuLmNsXC93cC1jb250ZW50XC91cGxvYWRzXC8yMDI1XC8wNFwvQUxFUkNFLUFORElOTy02by1CQVNJQ08tMjAyNS1JbnN0aXR1dG8tQWxlbWFuLWRlLVB1ZXJ0by1Nb250dF8wMDA3X0RTQ18zNzcwLmpwZyIsInNsaWRlc2hvdyI6IjhiM2I5OGMifQ%3D%3D\" href='https:\/\/ialeman.cl\/wp-content\/uploads\/2025\/04\/ALERCE-ANDINO-6o-BASICO-2025-Instituto-Aleman-de-Puerto-Montt_0007_DSC_3770.jpg'><img loading=\"lazy\" decoding=\"async\" width=\"1200\" height=\"801\" src=\"https:\/\/ialeman.cl\/wp-content\/uploads\/2025\/04\/ALERCE-ANDINO-6o-BASICO-2025-Instituto-Aleman-de-Puerto-Montt_0007_DSC_3770.jpg\" class=\"attachment-full size-full\" alt=\"\" srcset=\"https:\/\/ialeman.cl\/wp-content\/uploads\/2025\/04\/ALERCE-ANDINO-6o-BASICO-2025-Instituto-Aleman-de-Puerto-Montt_0007_DSC_3770.jpg 1200w, https:\/\/ialeman.cl\/wp-content\/uploads\/2025\/04\/ALERCE-ANDINO-6o-BASICO-2025-Instituto-Aleman-de-Puerto-Montt_0007_DSC_3770-300x200.jpg 300w, https:\/\/ialeman.cl\/wp-content\/uploads\/2025\/04\/ALERCE-ANDINO-6o-BASICO-2025-Instituto-Aleman-de-Puerto-Montt_0007_DSC_3770-1024x684.jpg 1024w, https:\/\/ialeman.cl\/wp-content\/uploads\/2025\/04\/ALERCE-ANDINO-6o-BASICO-2025-Instituto-Aleman-de-Puerto-Montt_0007_DSC_3770-768x513.jpg 768w\" sizes=\"(max-width: 1200px) 100vw, 1200px\" \/><\/a>\n\t\t\t<\/div><\/figure><figure class='gallery-item'>\n\t\t\t<div class='gallery-icon landscape'>\n\t\t\t\t<a data-elementor-open-lightbox=\"yes\" data-elementor-lightbox-slideshow=\"8b3b98c\" data-elementor-lightbox-title=\"ALERCE ANDINO 6\u00ba B\u00c1SICO 2025 Instituto Alem\u00e1n de Puerto Montt_0008_Niveles 3\" data-e-action-hash=\"#elementor-action%3Aaction%3Dlightbox%26settings%3DeyJpZCI6NDM4OTQsInVybCI6Imh0dHBzOlwvXC9pYWxlbWFuLmNsXC93cC1jb250ZW50XC91cGxvYWRzXC8yMDI1XC8wNFwvQUxFUkNFLUFORElOTy02by1CQVNJQ08tMjAyNS1JbnN0aXR1dG8tQWxlbWFuLWRlLVB1ZXJ0by1Nb250dF8wMDA4X05pdmVsZXMtMy5qcGciLCJzbGlkZXNob3ciOiI4YjNiOThjIn0%3D\" href='https:\/\/ialeman.cl\/wp-content\/uploads\/2025\/04\/ALERCE-ANDINO-6o-BASICO-2025-Instituto-Aleman-de-Puerto-Montt_0008_Niveles-3.jpg'><img loading=\"lazy\" decoding=\"async\" width=\"1200\" height=\"801\" src=\"https:\/\/ialeman.cl\/wp-content\/uploads\/2025\/04\/ALERCE-ANDINO-6o-BASICO-2025-Instituto-Aleman-de-Puerto-Montt_0008_Niveles-3.jpg\" class=\"attachment-full size-full\" alt=\"\" srcset=\"https:\/\/ialeman.cl\/wp-content\/uploads\/2025\/04\/ALERCE-ANDINO-6o-BASICO-2025-Instituto-Aleman-de-Puerto-Montt_0008_Niveles-3.jpg 1200w, https:\/\/ialeman.cl\/wp-content\/uploads\/2025\/04\/ALERCE-ANDINO-6o-BASICO-2025-Instituto-Aleman-de-Puerto-Montt_0008_Niveles-3-300x200.jpg 300w, https:\/\/ialeman.cl\/wp-content\/uploads\/2025\/04\/ALERCE-ANDINO-6o-BASICO-2025-Instituto-Aleman-de-Puerto-Montt_0008_Niveles-3-1024x684.jpg 1024w, https:\/\/ialeman.cl\/wp-content\/uploads\/2025\/04\/ALERCE-ANDINO-6o-BASICO-2025-Instituto-Aleman-de-Puerto-Montt_0008_Niveles-3-768x513.jpg 768w\" sizes=\"(max-width: 1200px) 100vw, 1200px\" \/><\/a>\n\t\t\t<\/div><\/figure><figure class='gallery-item'>\n\t\t\t<div class='gallery-icon landscape'>\n\t\t\t\t<a data-elementor-open-lightbox=\"yes\" data-elementor-lightbox-slideshow=\"8b3b98c\" data-elementor-lightbox-title=\"ALERCE ANDINO 6\u00ba B\u00c1SICO 2025 Instituto Alem\u00e1n de Puerto Montt_0009_Niveles 4\" data-e-action-hash=\"#elementor-action%3Aaction%3Dlightbox%26settings%3DeyJpZCI6NDM4OTUsInVybCI6Imh0dHBzOlwvXC9pYWxlbWFuLmNsXC93cC1jb250ZW50XC91cGxvYWRzXC8yMDI1XC8wNFwvQUxFUkNFLUFORElOTy02by1CQVNJQ08tMjAyNS1JbnN0aXR1dG8tQWxlbWFuLWRlLVB1ZXJ0by1Nb250dF8wMDA5X05pdmVsZXMtNC5qcGciLCJzbGlkZXNob3ciOiI4YjNiOThjIn0%3D\" href='https:\/\/ialeman.cl\/wp-content\/uploads\/2025\/04\/ALERCE-ANDINO-6o-BASICO-2025-Instituto-Aleman-de-Puerto-Montt_0009_Niveles-4.jpg'><img loading=\"lazy\" decoding=\"async\" width=\"1200\" height=\"801\" src=\"https:\/\/ialeman.cl\/wp-content\/uploads\/2025\/04\/ALERCE-ANDINO-6o-BASICO-2025-Instituto-Aleman-de-Puerto-Montt_0009_Niveles-4.jpg\" class=\"attachment-full size-full\" alt=\"\" srcset=\"https:\/\/ialeman.cl\/wp-content\/uploads\/2025\/04\/ALERCE-ANDINO-6o-BASICO-2025-Instituto-Aleman-de-Puerto-Montt_0009_Niveles-4.jpg 1200w, https:\/\/ialeman.cl\/wp-content\/uploads\/2025\/04\/ALERCE-ANDINO-6o-BASICO-2025-Instituto-Aleman-de-Puerto-Montt_0009_Niveles-4-300x200.jpg 300w, https:\/\/ialeman.cl\/wp-content\/uploads\/2025\/04\/ALERCE-ANDINO-6o-BASICO-2025-Instituto-Aleman-de-Puerto-Montt_0009_Niveles-4-1024x684.jpg 1024w, https:\/\/ialeman.cl\/wp-content\/uploads\/2025\/04\/ALERCE-ANDINO-6o-BASICO-2025-Instituto-Aleman-de-Puerto-Montt_0009_Niveles-4-768x513.jpg 768w\" sizes=\"(max-width: 1200px) 100vw, 1200px\" \/><\/a>\n\t\t\t<\/div><\/figure><figure class='gallery-item'>\n\t\t\t<div class='gallery-icon landscape'>\n\t\t\t\t<a data-elementor-open-lightbox=\"yes\" data-elementor-lightbox-slideshow=\"8b3b98c\" data-elementor-lightbox-title=\"ALERCE ANDINO 6\u00ba B\u00c1SICO 2025 Instituto Alem\u00e1n de Puerto Montt_0010_DSC_3702\" data-e-action-hash=\"#elementor-action%3Aaction%3Dlightbox%26settings%3DeyJpZCI6NDM4OTYsInVybCI6Imh0dHBzOlwvXC9pYWxlbWFuLmNsXC93cC1jb250ZW50XC91cGxvYWRzXC8yMDI1XC8wNFwvQUxFUkNFLUFORElOTy02by1CQVNJQ08tMjAyNS1JbnN0aXR1dG8tQWxlbWFuLWRlLVB1ZXJ0by1Nb250dF8wMDEwX0RTQ18zNzAyLmpwZyIsInNsaWRlc2hvdyI6IjhiM2I5OGMifQ%3D%3D\" href='https:\/\/ialeman.cl\/wp-content\/uploads\/2025\/04\/ALERCE-ANDINO-6o-BASICO-2025-Instituto-Aleman-de-Puerto-Montt_0010_DSC_3702.jpg'><img loading=\"lazy\" decoding=\"async\" width=\"1200\" height=\"801\" src=\"https:\/\/ialeman.cl\/wp-content\/uploads\/2025\/04\/ALERCE-ANDINO-6o-BASICO-2025-Instituto-Aleman-de-Puerto-Montt_0010_DSC_3702.jpg\" class=\"attachment-full size-full\" alt=\"\" srcset=\"https:\/\/ialeman.cl\/wp-content\/uploads\/2025\/04\/ALERCE-ANDINO-6o-BASICO-2025-Instituto-Aleman-de-Puerto-Montt_0010_DSC_3702.jpg 1200w, https:\/\/ialeman.cl\/wp-content\/uploads\/2025\/04\/ALERCE-ANDINO-6o-BASICO-2025-Instituto-Aleman-de-Puerto-Montt_0010_DSC_3702-300x200.jpg 300w, https:\/\/ialeman.cl\/wp-content\/uploads\/2025\/04\/ALERCE-ANDINO-6o-BASICO-2025-Instituto-Aleman-de-Puerto-Montt_0010_DSC_3702-1024x684.jpg 1024w, https:\/\/ialeman.cl\/wp-content\/uploads\/2025\/04\/ALERCE-ANDINO-6o-BASICO-2025-Instituto-Aleman-de-Puerto-Montt_0010_DSC_3702-768x513.jpg 768w\" sizes=\"(max-width: 1200px) 100vw, 1200px\" \/><\/a>\n\t\t\t<\/div><\/figure><figure class='gallery-item'>\n\t\t\t<div class='gallery-icon landscape'>\n\t\t\t\t<a data-elementor-open-lightbox=\"yes\" data-elementor-lightbox-slideshow=\"8b3b98c\" data-elementor-lightbox-title=\"ALERCE ANDINO 6\u00ba B\u00c1SICO 2025 Instituto Alem\u00e1n de Puerto Montt_0011_DSC_3779\" data-e-action-hash=\"#elementor-action%3Aaction%3Dlightbox%26settings%3DeyJpZCI6NDM4OTcsInVybCI6Imh0dHBzOlwvXC9pYWxlbWFuLmNsXC93cC1jb250ZW50XC91cGxvYWRzXC8yMDI1XC8wNFwvQUxFUkNFLUFORElOTy02by1CQVNJQ08tMjAyNS1JbnN0aXR1dG8tQWxlbWFuLWRlLVB1ZXJ0by1Nb250dF8wMDExX0RTQ18zNzc5LmpwZyIsInNsaWRlc2hvdyI6IjhiM2I5OGMifQ%3D%3D\" href='https:\/\/ialeman.cl\/wp-content\/uploads\/2025\/04\/ALERCE-ANDINO-6o-BASICO-2025-Instituto-Aleman-de-Puerto-Montt_0011_DSC_3779.jpg'><img loading=\"lazy\" decoding=\"async\" width=\"1200\" height=\"801\" src=\"https:\/\/ialeman.cl\/wp-content\/uploads\/2025\/04\/ALERCE-ANDINO-6o-BASICO-2025-Instituto-Aleman-de-Puerto-Montt_0011_DSC_3779.jpg\" class=\"attachment-full size-full\" alt=\"\" srcset=\"https:\/\/ialeman.cl\/wp-content\/uploads\/2025\/04\/ALERCE-ANDINO-6o-BASICO-2025-Instituto-Aleman-de-Puerto-Montt_0011_DSC_3779.jpg 1200w, https:\/\/ialeman.cl\/wp-content\/uploads\/2025\/04\/ALERCE-ANDINO-6o-BASICO-2025-Instituto-Aleman-de-Puerto-Montt_0011_DSC_3779-300x200.jpg 300w, https:\/\/ialeman.cl\/wp-content\/uploads\/2025\/04\/ALERCE-ANDINO-6o-BASICO-2025-Instituto-Aleman-de-Puerto-Montt_0011_DSC_3779-1024x684.jpg 1024w, https:\/\/ialeman.cl\/wp-content\/uploads\/2025\/04\/ALERCE-ANDINO-6o-BASICO-2025-Instituto-Aleman-de-Puerto-Montt_0011_DSC_3779-768x513.jpg 768w\" sizes=\"(max-width: 1200px) 100vw, 1200px\" \/><\/a>\n\t\t\t<\/div><\/figure><figure class='gallery-item'>\n\t\t\t<div class='gallery-icon landscape'>\n\t\t\t\t<a data-elementor-open-lightbox=\"yes\" data-elementor-lightbox-slideshow=\"8b3b98c\" data-elementor-lightbox-title=\"ALERCE ANDINO 6\u00ba B\u00c1SICO 2025 Instituto Alem\u00e1n de Puerto Montt_0012_DSC_3796\" data-e-action-hash=\"#elementor-action%3Aaction%3Dlightbox%26settings%3DeyJpZCI6NDM4OTgsInVybCI6Imh0dHBzOlwvXC9pYWxlbWFuLmNsXC93cC1jb250ZW50XC91cGxvYWRzXC8yMDI1XC8wNFwvQUxFUkNFLUFORElOTy02by1CQVNJQ08tMjAyNS1JbnN0aXR1dG8tQWxlbWFuLWRlLVB1ZXJ0by1Nb250dF8wMDEyX0RTQ18zNzk2LmpwZyIsInNsaWRlc2hvdyI6IjhiM2I5OGMifQ%3D%3D\" href='https:\/\/ialeman.cl\/wp-content\/uploads\/2025\/04\/ALERCE-ANDINO-6o-BASICO-2025-Instituto-Aleman-de-Puerto-Montt_0012_DSC_3796.jpg'><img loading=\"lazy\" decoding=\"async\" width=\"1200\" height=\"801\" src=\"https:\/\/ialeman.cl\/wp-content\/uploads\/2025\/04\/ALERCE-ANDINO-6o-BASICO-2025-Instituto-Aleman-de-Puerto-Montt_0012_DSC_3796.jpg\" class=\"attachment-full size-full\" alt=\"\" srcset=\"https:\/\/ialeman.cl\/wp-content\/uploads\/2025\/04\/ALERCE-ANDINO-6o-BASICO-2025-Instituto-Aleman-de-Puerto-Montt_0012_DSC_3796.jpg 1200w, https:\/\/ialeman.cl\/wp-content\/uploads\/2025\/04\/ALERCE-ANDINO-6o-BASICO-2025-Instituto-Aleman-de-Puerto-Montt_0012_DSC_3796-300x200.jpg 300w, https:\/\/ialeman.cl\/wp-content\/uploads\/2025\/04\/ALERCE-ANDINO-6o-BASICO-2025-Instituto-Aleman-de-Puerto-Montt_0012_DSC_3796-1024x684.jpg 1024w, https:\/\/ialeman.cl\/wp-content\/uploads\/2025\/04\/ALERCE-ANDINO-6o-BASICO-2025-Instituto-Aleman-de-Puerto-Montt_0012_DSC_3796-768x513.jpg 768w\" sizes=\"(max-width: 1200px) 100vw, 1200px\" \/><\/a>\n\t\t\t<\/div><\/figure><figure class='gallery-item'>\n\t\t\t<div class='gallery-icon landscape'>\n\t\t\t\t<a data-elementor-open-lightbox=\"yes\" data-elementor-lightbox-slideshow=\"8b3b98c\" data-elementor-lightbox-title=\"ALERCE ANDINO 6\u00ba B\u00c1SICO 2025 Instituto Alem\u00e1n de Puerto Montt_0013_DSC_3699\" data-e-action-hash=\"#elementor-action%3Aaction%3Dlightbox%26settings%3DeyJpZCI6NDM4OTksInVybCI6Imh0dHBzOlwvXC9pYWxlbWFuLmNsXC93cC1jb250ZW50XC91cGxvYWRzXC8yMDI1XC8wNFwvQUxFUkNFLUFORElOTy02by1CQVNJQ08tMjAyNS1JbnN0aXR1dG8tQWxlbWFuLWRlLVB1ZXJ0by1Nb250dF8wMDEzX0RTQ18zNjk5LmpwZyIsInNsaWRlc2hvdyI6IjhiM2I5OGMifQ%3D%3D\" href='https:\/\/ialeman.cl\/wp-content\/uploads\/2025\/04\/ALERCE-ANDINO-6o-BASICO-2025-Instituto-Aleman-de-Puerto-Montt_0013_DSC_3699.jpg'><img loading=\"lazy\" decoding=\"async\" width=\"1200\" height=\"801\" src=\"https:\/\/ialeman.cl\/wp-content\/uploads\/2025\/04\/ALERCE-ANDINO-6o-BASICO-2025-Instituto-Aleman-de-Puerto-Montt_0013_DSC_3699.jpg\" class=\"attachment-full size-full\" alt=\"\" srcset=\"https:\/\/ialeman.cl\/wp-content\/uploads\/2025\/04\/ALERCE-ANDINO-6o-BASICO-2025-Instituto-Aleman-de-Puerto-Montt_0013_DSC_3699.jpg 1200w, https:\/\/ialeman.cl\/wp-content\/uploads\/2025\/04\/ALERCE-ANDINO-6o-BASICO-2025-Instituto-Aleman-de-Puerto-Montt_0013_DSC_3699-300x200.jpg 300w, https:\/\/ialeman.cl\/wp-content\/uploads\/2025\/04\/ALERCE-ANDINO-6o-BASICO-2025-Instituto-Aleman-de-Puerto-Montt_0013_DSC_3699-1024x684.jpg 1024w, https:\/\/ialeman.cl\/wp-content\/uploads\/2025\/04\/ALERCE-ANDINO-6o-BASICO-2025-Instituto-Aleman-de-Puerto-Montt_0013_DSC_3699-768x513.jpg 768w\" sizes=\"(max-width: 1200px) 100vw, 1200px\" \/><\/a>\n\t\t\t<\/div><\/figure><figure class='gallery-item'>\n\t\t\t<div class='gallery-icon landscape'>\n\t\t\t\t<a data-elementor-open-lightbox=\"yes\" data-elementor-lightbox-slideshow=\"8b3b98c\" data-elementor-lightbox-title=\"ALERCE ANDINO 6\u00ba B\u00c1SICO 2025 Instituto Alem\u00e1n de Puerto Montt_0016_DSC_3566\" data-e-action-hash=\"#elementor-action%3Aaction%3Dlightbox%26settings%3DeyJpZCI6NDM5MDIsInVybCI6Imh0dHBzOlwvXC9pYWxlbWFuLmNsXC93cC1jb250ZW50XC91cGxvYWRzXC8yMDI1XC8wNFwvQUxFUkNFLUFORElOTy02by1CQVNJQ08tMjAyNS1JbnN0aXR1dG8tQWxlbWFuLWRlLVB1ZXJ0by1Nb250dF8wMDE2X0RTQ18zNTY2LmpwZyIsInNsaWRlc2hvdyI6IjhiM2I5OGMifQ%3D%3D\" href='https:\/\/ialeman.cl\/wp-content\/uploads\/2025\/04\/ALERCE-ANDINO-6o-BASICO-2025-Instituto-Aleman-de-Puerto-Montt_0016_DSC_3566.jpg'><img loading=\"lazy\" decoding=\"async\" width=\"1200\" height=\"801\" src=\"https:\/\/ialeman.cl\/wp-content\/uploads\/2025\/04\/ALERCE-ANDINO-6o-BASICO-2025-Instituto-Aleman-de-Puerto-Montt_0016_DSC_3566.jpg\" class=\"attachment-full size-full\" alt=\"\" srcset=\"https:\/\/ialeman.cl\/wp-content\/uploads\/2025\/04\/ALERCE-ANDINO-6o-BASICO-2025-Instituto-Aleman-de-Puerto-Montt_0016_DSC_3566.jpg 1200w, https:\/\/ialeman.cl\/wp-content\/uploads\/2025\/04\/ALERCE-ANDINO-6o-BASICO-2025-Instituto-Aleman-de-Puerto-Montt_0016_DSC_3566-300x200.jpg 300w, https:\/\/ialeman.cl\/wp-content\/uploads\/2025\/04\/ALERCE-ANDINO-6o-BASICO-2025-Instituto-Aleman-de-Puerto-Montt_0016_DSC_3566-1024x684.jpg 1024w, https:\/\/ialeman.cl\/wp-content\/uploads\/2025\/04\/ALERCE-ANDINO-6o-BASICO-2025-Instituto-Aleman-de-Puerto-Montt_0016_DSC_3566-768x513.jpg 768w\" sizes=\"(max-width: 1200px) 100vw, 1200px\" \/><\/a>\n\t\t\t<\/div><\/figure><figure class='gallery-item'>\n\t\t\t<div class='gallery-icon landscape'>\n\t\t\t\t<a data-elementor-open-lightbox=\"yes\" data-elementor-lightbox-slideshow=\"8b3b98c\" data-elementor-lightbox-title=\"ALERCE ANDINO 6\u00ba B\u00c1SICO 2025 Instituto Alem\u00e1n de Puerto Montt_0018_DSC_3564\" data-e-action-hash=\"#elementor-action%3Aaction%3Dlightbox%26settings%3DeyJpZCI6NDM5MDQsInVybCI6Imh0dHBzOlwvXC9pYWxlbWFuLmNsXC93cC1jb250ZW50XC91cGxvYWRzXC8yMDI1XC8wNFwvQUxFUkNFLUFORElOTy02by1CQVNJQ08tMjAyNS1JbnN0aXR1dG8tQWxlbWFuLWRlLVB1ZXJ0by1Nb250dF8wMDE4X0RTQ18zNTY0LmpwZyIsInNsaWRlc2hvdyI6IjhiM2I5OGMifQ%3D%3D\" href='https:\/\/ialeman.cl\/wp-content\/uploads\/2025\/04\/ALERCE-ANDINO-6o-BASICO-2025-Instituto-Aleman-de-Puerto-Montt_0018_DSC_3564.jpg'><img loading=\"lazy\" decoding=\"async\" width=\"1200\" height=\"801\" src=\"https:\/\/ialeman.cl\/wp-content\/uploads\/2025\/04\/ALERCE-ANDINO-6o-BASICO-2025-Instituto-Aleman-de-Puerto-Montt_0018_DSC_3564.jpg\" class=\"attachment-full size-full\" alt=\"\" srcset=\"https:\/\/ialeman.cl\/wp-content\/uploads\/2025\/04\/ALERCE-ANDINO-6o-BASICO-2025-Instituto-Aleman-de-Puerto-Montt_0018_DSC_3564.jpg 1200w, https:\/\/ialeman.cl\/wp-content\/uploads\/2025\/04\/ALERCE-ANDINO-6o-BASICO-2025-Instituto-Aleman-de-Puerto-Montt_0018_DSC_3564-300x200.jpg 300w, https:\/\/ialeman.cl\/wp-content\/uploads\/2025\/04\/ALERCE-ANDINO-6o-BASICO-2025-Instituto-Aleman-de-Puerto-Montt_0018_DSC_3564-1024x684.jpg 1024w, https:\/\/ialeman.cl\/wp-content\/uploads\/2025\/04\/ALERCE-ANDINO-6o-BASICO-2025-Instituto-Aleman-de-Puerto-Montt_0018_DSC_3564-768x513.jpg 768w\" sizes=\"(max-width: 1200px) 100vw, 1200px\" \/><\/a>\n\t\t\t<\/div><\/figure><figure class='gallery-item'>\n\t\t\t<div class='gallery-icon landscape'>\n\t\t\t\t<a data-elementor-open-lightbox=\"yes\" data-elementor-lightbox-slideshow=\"8b3b98c\" data-elementor-lightbox-title=\"ALERCE ANDINO 6\u00ba B\u00c1SICO 2025 Instituto Alem\u00e1n de Puerto Montt_0020_DSC_3788\" data-e-action-hash=\"#elementor-action%3Aaction%3Dlightbox%26settings%3DeyJpZCI6NDM5MDYsInVybCI6Imh0dHBzOlwvXC9pYWxlbWFuLmNsXC93cC1jb250ZW50XC91cGxvYWRzXC8yMDI1XC8wNFwvQUxFUkNFLUFORElOTy02by1CQVNJQ08tMjAyNS1JbnN0aXR1dG8tQWxlbWFuLWRlLVB1ZXJ0by1Nb250dF8wMDIwX0RTQ18zNzg4LmpwZyIsInNsaWRlc2hvdyI6IjhiM2I5OGMifQ%3D%3D\" href='https:\/\/ialeman.cl\/wp-content\/uploads\/2025\/04\/ALERCE-ANDINO-6o-BASICO-2025-Instituto-Aleman-de-Puerto-Montt_0020_DSC_3788.jpg'><img loading=\"lazy\" decoding=\"async\" width=\"1200\" height=\"801\" src=\"https:\/\/ialeman.cl\/wp-content\/uploads\/2025\/04\/ALERCE-ANDINO-6o-BASICO-2025-Instituto-Aleman-de-Puerto-Montt_0020_DSC_3788.jpg\" class=\"attachment-full size-full\" alt=\"\" srcset=\"https:\/\/ialeman.cl\/wp-content\/uploads\/2025\/04\/ALERCE-ANDINO-6o-BASICO-2025-Instituto-Aleman-de-Puerto-Montt_0020_DSC_3788.jpg 1200w, https:\/\/ialeman.cl\/wp-content\/uploads\/2025\/04\/ALERCE-ANDINO-6o-BASICO-2025-Instituto-Aleman-de-Puerto-Montt_0020_DSC_3788-300x200.jpg 300w, https:\/\/ialeman.cl\/wp-content\/uploads\/2025\/04\/ALERCE-ANDINO-6o-BASICO-2025-Instituto-Aleman-de-Puerto-Montt_0020_DSC_3788-1024x684.jpg 1024w, https:\/\/ialeman.cl\/wp-content\/uploads\/2025\/04\/ALERCE-ANDINO-6o-BASICO-2025-Instituto-Aleman-de-Puerto-Montt_0020_DSC_3788-768x513.jpg 768w\" sizes=\"(max-width: 1200px) 100vw, 1200px\" \/><\/a>\n\t\t\t<\/div><\/figure><figure class='gallery-item'>\n\t\t\t<div class='gallery-icon landscape'>\n\t\t\t\t<a data-elementor-open-lightbox=\"yes\" data-elementor-lightbox-slideshow=\"8b3b98c\" data-elementor-lightbox-title=\"ALERCE ANDINO 6\u00ba B\u00c1SICO 2025 Instituto Alem\u00e1n de Puerto Montt_0021_DSC_3660\" data-e-action-hash=\"#elementor-action%3Aaction%3Dlightbox%26settings%3DeyJpZCI6NDM5MDcsInVybCI6Imh0dHBzOlwvXC9pYWxlbWFuLmNsXC93cC1jb250ZW50XC91cGxvYWRzXC8yMDI1XC8wNFwvQUxFUkNFLUFORElOTy02by1CQVNJQ08tMjAyNS1JbnN0aXR1dG8tQWxlbWFuLWRlLVB1ZXJ0by1Nb250dF8wMDIxX0RTQ18zNjYwLmpwZyIsInNsaWRlc2hvdyI6IjhiM2I5OGMifQ%3D%3D\" href='https:\/\/ialeman.cl\/wp-content\/uploads\/2025\/04\/ALERCE-ANDINO-6o-BASICO-2025-Instituto-Aleman-de-Puerto-Montt_0021_DSC_3660.jpg'><img loading=\"lazy\" decoding=\"async\" width=\"1200\" height=\"801\" src=\"https:\/\/ialeman.cl\/wp-content\/uploads\/2025\/04\/ALERCE-ANDINO-6o-BASICO-2025-Instituto-Aleman-de-Puerto-Montt_0021_DSC_3660.jpg\" class=\"attachment-full size-full\" alt=\"\" srcset=\"https:\/\/ialeman.cl\/wp-content\/uploads\/2025\/04\/ALERCE-ANDINO-6o-BASICO-2025-Instituto-Aleman-de-Puerto-Montt_0021_DSC_3660.jpg 1200w, https:\/\/ialeman.cl\/wp-content\/uploads\/2025\/04\/ALERCE-ANDINO-6o-BASICO-2025-Instituto-Aleman-de-Puerto-Montt_0021_DSC_3660-300x200.jpg 300w, https:\/\/ialeman.cl\/wp-content\/uploads\/2025\/04\/ALERCE-ANDINO-6o-BASICO-2025-Instituto-Aleman-de-Puerto-Montt_0021_DSC_3660-1024x684.jpg 1024w, https:\/\/ialeman.cl\/wp-content\/uploads\/2025\/04\/ALERCE-ANDINO-6o-BASICO-2025-Instituto-Aleman-de-Puerto-Montt_0021_DSC_3660-768x513.jpg 768w\" sizes=\"(max-width: 1200px) 100vw, 1200px\" \/><\/a>\n\t\t\t<\/div><\/figure><figure class='gallery-item'>\n\t\t\t<div class='gallery-icon landscape'>\n\t\t\t\t<a data-elementor-open-lightbox=\"yes\" data-elementor-lightbox-slideshow=\"8b3b98c\" data-elementor-lightbox-title=\"ALERCE ANDINO 6\u00ba B\u00c1SICO 2025 Instituto Alem\u00e1n de Puerto Montt_0022_DSC_3657\" data-e-action-hash=\"#elementor-action%3Aaction%3Dlightbox%26settings%3DeyJpZCI6NDM5MDgsInVybCI6Imh0dHBzOlwvXC9pYWxlbWFuLmNsXC93cC1jb250ZW50XC91cGxvYWRzXC8yMDI1XC8wNFwvQUxFUkNFLUFORElOTy02by1CQVNJQ08tMjAyNS1JbnN0aXR1dG8tQWxlbWFuLWRlLVB1ZXJ0by1Nb250dF8wMDIyX0RTQ18zNjU3LmpwZyIsInNsaWRlc2hvdyI6IjhiM2I5OGMifQ%3D%3D\" href='https:\/\/ialeman.cl\/wp-content\/uploads\/2025\/04\/ALERCE-ANDINO-6o-BASICO-2025-Instituto-Aleman-de-Puerto-Montt_0022_DSC_3657.jpg'><img loading=\"lazy\" decoding=\"async\" width=\"1200\" height=\"801\" src=\"https:\/\/ialeman.cl\/wp-content\/uploads\/2025\/04\/ALERCE-ANDINO-6o-BASICO-2025-Instituto-Aleman-de-Puerto-Montt_0022_DSC_3657.jpg\" class=\"attachment-full size-full\" alt=\"\" srcset=\"https:\/\/ialeman.cl\/wp-content\/uploads\/2025\/04\/ALERCE-ANDINO-6o-BASICO-2025-Instituto-Aleman-de-Puerto-Montt_0022_DSC_3657.jpg 1200w, https:\/\/ialeman.cl\/wp-content\/uploads\/2025\/04\/ALERCE-ANDINO-6o-BASICO-2025-Instituto-Aleman-de-Puerto-Montt_0022_DSC_3657-300x200.jpg 300w, https:\/\/ialeman.cl\/wp-content\/uploads\/2025\/04\/ALERCE-ANDINO-6o-BASICO-2025-Instituto-Aleman-de-Puerto-Montt_0022_DSC_3657-1024x684.jpg 1024w, https:\/\/ialeman.cl\/wp-content\/uploads\/2025\/04\/ALERCE-ANDINO-6o-BASICO-2025-Instituto-Aleman-de-Puerto-Montt_0022_DSC_3657-768x513.jpg 768w\" sizes=\"(max-width: 1200px) 100vw, 1200px\" \/><\/a>\n\t\t\t<\/div><\/figure><figure class='gallery-item'>\n\t\t\t<div class='gallery-icon landscape'>\n\t\t\t\t<a data-elementor-open-lightbox=\"yes\" data-elementor-lightbox-slideshow=\"8b3b98c\" data-elementor-lightbox-title=\"ALERCE ANDINO 6\u00ba B\u00c1SICO 2025 Instituto Alem\u00e1n de Puerto Montt_0023_DSC_3645\" data-e-action-hash=\"#elementor-action%3Aaction%3Dlightbox%26settings%3DeyJpZCI6NDM5MDksInVybCI6Imh0dHBzOlwvXC9pYWxlbWFuLmNsXC93cC1jb250ZW50XC91cGxvYWRzXC8yMDI1XC8wNFwvQUxFUkNFLUFORElOTy02by1CQVNJQ08tMjAyNS1JbnN0aXR1dG8tQWxlbWFuLWRlLVB1ZXJ0by1Nb250dF8wMDIzX0RTQ18zNjQ1LmpwZyIsInNsaWRlc2hvdyI6IjhiM2I5OGMifQ%3D%3D\" href='https:\/\/ialeman.cl\/wp-content\/uploads\/2025\/04\/ALERCE-ANDINO-6o-BASICO-2025-Instituto-Aleman-de-Puerto-Montt_0023_DSC_3645.jpg'><img loading=\"lazy\" decoding=\"async\" width=\"1200\" height=\"801\" src=\"https:\/\/ialeman.cl\/wp-content\/uploads\/2025\/04\/ALERCE-ANDINO-6o-BASICO-2025-Instituto-Aleman-de-Puerto-Montt_0023_DSC_3645.jpg\" class=\"attachment-full size-full\" alt=\"\" srcset=\"https:\/\/ialeman.cl\/wp-content\/uploads\/2025\/04\/ALERCE-ANDINO-6o-BASICO-2025-Instituto-Aleman-de-Puerto-Montt_0023_DSC_3645.jpg 1200w, https:\/\/ialeman.cl\/wp-content\/uploads\/2025\/04\/ALERCE-ANDINO-6o-BASICO-2025-Instituto-Aleman-de-Puerto-Montt_0023_DSC_3645-300x200.jpg 300w, https:\/\/ialeman.cl\/wp-content\/uploads\/2025\/04\/ALERCE-ANDINO-6o-BASICO-2025-Instituto-Aleman-de-Puerto-Montt_0023_DSC_3645-1024x684.jpg 1024w, https:\/\/ialeman.cl\/wp-content\/uploads\/2025\/04\/ALERCE-ANDINO-6o-BASICO-2025-Instituto-Aleman-de-Puerto-Montt_0023_DSC_3645-768x513.jpg 768w\" sizes=\"(max-width: 1200px) 100vw, 1200px\" \/><\/a>\n\t\t\t<\/div><\/figure><figure class='gallery-item'>\n\t\t\t<div class='gallery-icon landscape'>\n\t\t\t\t<a data-elementor-open-lightbox=\"yes\" data-elementor-lightbox-slideshow=\"8b3b98c\" data-elementor-lightbox-title=\"ALERCE ANDINO 6\u00ba B\u00c1SICO 2025 Instituto Alem\u00e1n de Puerto Montt_0024_DSC_3640\" data-e-action-hash=\"#elementor-action%3Aaction%3Dlightbox%26settings%3DeyJpZCI6NDM5MTAsInVybCI6Imh0dHBzOlwvXC9pYWxlbWFuLmNsXC93cC1jb250ZW50XC91cGxvYWRzXC8yMDI1XC8wNFwvQUxFUkNFLUFORElOTy02by1CQVNJQ08tMjAyNS1JbnN0aXR1dG8tQWxlbWFuLWRlLVB1ZXJ0by1Nb250dF8wMDI0X0RTQ18zNjQwLmpwZyIsInNsaWRlc2hvdyI6IjhiM2I5OGMifQ%3D%3D\" href='https:\/\/ialeman.cl\/wp-content\/uploads\/2025\/04\/ALERCE-ANDINO-6o-BASICO-2025-Instituto-Aleman-de-Puerto-Montt_0024_DSC_3640.jpg'><img loading=\"lazy\" decoding=\"async\" width=\"1200\" height=\"801\" src=\"https:\/\/ialeman.cl\/wp-content\/uploads\/2025\/04\/ALERCE-ANDINO-6o-BASICO-2025-Instituto-Aleman-de-Puerto-Montt_0024_DSC_3640.jpg\" class=\"attachment-full size-full\" alt=\"\" srcset=\"https:\/\/ialeman.cl\/wp-content\/uploads\/2025\/04\/ALERCE-ANDINO-6o-BASICO-2025-Instituto-Aleman-de-Puerto-Montt_0024_DSC_3640.jpg 1200w, https:\/\/ialeman.cl\/wp-content\/uploads\/2025\/04\/ALERCE-ANDINO-6o-BASICO-2025-Instituto-Aleman-de-Puerto-Montt_0024_DSC_3640-300x200.jpg 300w, https:\/\/ialeman.cl\/wp-content\/uploads\/2025\/04\/ALERCE-ANDINO-6o-BASICO-2025-Instituto-Aleman-de-Puerto-Montt_0024_DSC_3640-1024x684.jpg 1024w, https:\/\/ialeman.cl\/wp-content\/uploads\/2025\/04\/ALERCE-ANDINO-6o-BASICO-2025-Instituto-Aleman-de-Puerto-Montt_0024_DSC_3640-768x513.jpg 768w\" sizes=\"(max-width: 1200px) 100vw, 1200px\" \/><\/a>\n\t\t\t<\/div><\/figure><figure class='gallery-item'>\n\t\t\t<div class='gallery-icon landscape'>\n\t\t\t\t<a data-elementor-open-lightbox=\"yes\" data-elementor-lightbox-slideshow=\"8b3b98c\" data-elementor-lightbox-title=\"ALERCE ANDINO 6\u00ba B\u00c1SICO 2025 Instituto Alem\u00e1n de Puerto Montt_0025_DSC_3671\" data-e-action-hash=\"#elementor-action%3Aaction%3Dlightbox%26settings%3DeyJpZCI6NDM5MTEsInVybCI6Imh0dHBzOlwvXC9pYWxlbWFuLmNsXC93cC1jb250ZW50XC91cGxvYWRzXC8yMDI1XC8wNFwvQUxFUkNFLUFORElOTy02by1CQVNJQ08tMjAyNS1JbnN0aXR1dG8tQWxlbWFuLWRlLVB1ZXJ0by1Nb250dF8wMDI1X0RTQ18zNjcxLmpwZyIsInNsaWRlc2hvdyI6IjhiM2I5OGMifQ%3D%3D\" href='https:\/\/ialeman.cl\/wp-content\/uploads\/2025\/04\/ALERCE-ANDINO-6o-BASICO-2025-Instituto-Aleman-de-Puerto-Montt_0025_DSC_3671.jpg'><img loading=\"lazy\" decoding=\"async\" width=\"1200\" height=\"801\" src=\"https:\/\/ialeman.cl\/wp-content\/uploads\/2025\/04\/ALERCE-ANDINO-6o-BASICO-2025-Instituto-Aleman-de-Puerto-Montt_0025_DSC_3671.jpg\" class=\"attachment-full size-full\" alt=\"\" srcset=\"https:\/\/ialeman.cl\/wp-content\/uploads\/2025\/04\/ALERCE-ANDINO-6o-BASICO-2025-Instituto-Aleman-de-Puerto-Montt_0025_DSC_3671.jpg 1200w, https:\/\/ialeman.cl\/wp-content\/uploads\/2025\/04\/ALERCE-ANDINO-6o-BASICO-2025-Instituto-Aleman-de-Puerto-Montt_0025_DSC_3671-300x200.jpg 300w, https:\/\/ialeman.cl\/wp-content\/uploads\/2025\/04\/ALERCE-ANDINO-6o-BASICO-2025-Instituto-Aleman-de-Puerto-Montt_0025_DSC_3671-1024x684.jpg 1024w, https:\/\/ialeman.cl\/wp-content\/uploads\/2025\/04\/ALERCE-ANDINO-6o-BASICO-2025-Instituto-Aleman-de-Puerto-Montt_0025_DSC_3671-768x513.jpg 768w\" sizes=\"(max-width: 1200px) 100vw, 1200px\" \/><\/a>\n\t\t\t<\/div><\/figure><figure class='gallery-item'>\n\t\t\t<div class='gallery-icon landscape'>\n\t\t\t\t<a data-elementor-open-lightbox=\"yes\" data-elementor-lightbox-slideshow=\"8b3b98c\" data-elementor-lightbox-title=\"ALERCE ANDINO 6\u00ba B\u00c1SICO 2025 Instituto Alem\u00e1n de Puerto Montt_0026_DSC_3619\" data-e-action-hash=\"#elementor-action%3Aaction%3Dlightbox%26settings%3DeyJpZCI6NDM5MTIsInVybCI6Imh0dHBzOlwvXC9pYWxlbWFuLmNsXC93cC1jb250ZW50XC91cGxvYWRzXC8yMDI1XC8wNFwvQUxFUkNFLUFORElOTy02by1CQVNJQ08tMjAyNS1JbnN0aXR1dG8tQWxlbWFuLWRlLVB1ZXJ0by1Nb250dF8wMDI2X0RTQ18zNjE5LmpwZyIsInNsaWRlc2hvdyI6IjhiM2I5OGMifQ%3D%3D\" href='https:\/\/ialeman.cl\/wp-content\/uploads\/2025\/04\/ALERCE-ANDINO-6o-BASICO-2025-Instituto-Aleman-de-Puerto-Montt_0026_DSC_3619.jpg'><img loading=\"lazy\" decoding=\"async\" width=\"1200\" height=\"801\" src=\"https:\/\/ialeman.cl\/wp-content\/uploads\/2025\/04\/ALERCE-ANDINO-6o-BASICO-2025-Instituto-Aleman-de-Puerto-Montt_0026_DSC_3619.jpg\" class=\"attachment-full size-full\" alt=\"\" srcset=\"https:\/\/ialeman.cl\/wp-content\/uploads\/2025\/04\/ALERCE-ANDINO-6o-BASICO-2025-Instituto-Aleman-de-Puerto-Montt_0026_DSC_3619.jpg 1200w, https:\/\/ialeman.cl\/wp-content\/uploads\/2025\/04\/ALERCE-ANDINO-6o-BASICO-2025-Instituto-Aleman-de-Puerto-Montt_0026_DSC_3619-300x200.jpg 300w, https:\/\/ialeman.cl\/wp-content\/uploads\/2025\/04\/ALERCE-ANDINO-6o-BASICO-2025-Instituto-Aleman-de-Puerto-Montt_0026_DSC_3619-1024x684.jpg 1024w, https:\/\/ialeman.cl\/wp-content\/uploads\/2025\/04\/ALERCE-ANDINO-6o-BASICO-2025-Instituto-Aleman-de-Puerto-Montt_0026_DSC_3619-768x513.jpg 768w\" sizes=\"(max-width: 1200px) 100vw, 1200px\" \/><\/a>\n\t\t\t<\/div><\/figure><figure class='gallery-item'>\n\t\t\t<div class='gallery-icon landscape'>\n\t\t\t\t<a data-elementor-open-lightbox=\"yes\" data-elementor-lightbox-slideshow=\"8b3b98c\" data-elementor-lightbox-title=\"ALERCE ANDINO 6\u00ba B\u00c1SICO 2025 Instituto Alem\u00e1n de Puerto Montt_0027_Niveles 5\" data-e-action-hash=\"#elementor-action%3Aaction%3Dlightbox%26settings%3DeyJpZCI6NDM5MTMsInVybCI6Imh0dHBzOlwvXC9pYWxlbWFuLmNsXC93cC1jb250ZW50XC91cGxvYWRzXC8yMDI1XC8wNFwvQUxFUkNFLUFORElOTy02by1CQVNJQ08tMjAyNS1JbnN0aXR1dG8tQWxlbWFuLWRlLVB1ZXJ0by1Nb250dF8wMDI3X05pdmVsZXMtNS5qcGciLCJzbGlkZXNob3ciOiI4YjNiOThjIn0%3D\" href='https:\/\/ialeman.cl\/wp-content\/uploads\/2025\/04\/ALERCE-ANDINO-6o-BASICO-2025-Instituto-Aleman-de-Puerto-Montt_0027_Niveles-5.jpg'><img loading=\"lazy\" decoding=\"async\" width=\"1200\" height=\"801\" src=\"https:\/\/ialeman.cl\/wp-content\/uploads\/2025\/04\/ALERCE-ANDINO-6o-BASICO-2025-Instituto-Aleman-de-Puerto-Montt_0027_Niveles-5.jpg\" class=\"attachment-full size-full\" alt=\"\" srcset=\"https:\/\/ialeman.cl\/wp-content\/uploads\/2025\/04\/ALERCE-ANDINO-6o-BASICO-2025-Instituto-Aleman-de-Puerto-Montt_0027_Niveles-5.jpg 1200w, https:\/\/ialeman.cl\/wp-content\/uploads\/2025\/04\/ALERCE-ANDINO-6o-BASICO-2025-Instituto-Aleman-de-Puerto-Montt_0027_Niveles-5-300x200.jpg 300w, https:\/\/ialeman.cl\/wp-content\/uploads\/2025\/04\/ALERCE-ANDINO-6o-BASICO-2025-Instituto-Aleman-de-Puerto-Montt_0027_Niveles-5-1024x684.jpg 1024w, https:\/\/ialeman.cl\/wp-content\/uploads\/2025\/04\/ALERCE-ANDINO-6o-BASICO-2025-Instituto-Aleman-de-Puerto-Montt_0027_Niveles-5-768x513.jpg 768w\" sizes=\"(max-width: 1200px) 100vw, 1200px\" \/><\/a>\n\t\t\t<\/div><\/figure><figure class='gallery-item'>\n\t\t\t<div class='gallery-icon landscape'>\n\t\t\t\t<a data-elementor-open-lightbox=\"yes\" data-elementor-lightbox-slideshow=\"8b3b98c\" data-elementor-lightbox-title=\"ALERCE ANDINO 6\u00ba B\u00c1SICO 2025 Instituto Alem\u00e1n de Puerto Montt_0028_DSC_3608\" data-e-action-hash=\"#elementor-action%3Aaction%3Dlightbox%26settings%3DeyJpZCI6NDM5MTQsInVybCI6Imh0dHBzOlwvXC9pYWxlbWFuLmNsXC93cC1jb250ZW50XC91cGxvYWRzXC8yMDI1XC8wNFwvQUxFUkNFLUFORElOTy02by1CQVNJQ08tMjAyNS1JbnN0aXR1dG8tQWxlbWFuLWRlLVB1ZXJ0by1Nb250dF8wMDI4X0RTQ18zNjA4LmpwZyIsInNsaWRlc2hvdyI6IjhiM2I5OGMifQ%3D%3D\" href='https:\/\/ialeman.cl\/wp-content\/uploads\/2025\/04\/ALERCE-ANDINO-6o-BASICO-2025-Instituto-Aleman-de-Puerto-Montt_0028_DSC_3608.jpg'><img loading=\"lazy\" decoding=\"async\" width=\"1200\" height=\"801\" src=\"https:\/\/ialeman.cl\/wp-content\/uploads\/2025\/04\/ALERCE-ANDINO-6o-BASICO-2025-Instituto-Aleman-de-Puerto-Montt_0028_DSC_3608.jpg\" class=\"attachment-full size-full\" alt=\"\" srcset=\"https:\/\/ialeman.cl\/wp-content\/uploads\/2025\/04\/ALERCE-ANDINO-6o-BASICO-2025-Instituto-Aleman-de-Puerto-Montt_0028_DSC_3608.jpg 1200w, https:\/\/ialeman.cl\/wp-content\/uploads\/2025\/04\/ALERCE-ANDINO-6o-BASICO-2025-Instituto-Aleman-de-Puerto-Montt_0028_DSC_3608-300x200.jpg 300w, https:\/\/ialeman.cl\/wp-content\/uploads\/2025\/04\/ALERCE-ANDINO-6o-BASICO-2025-Instituto-Aleman-de-Puerto-Montt_0028_DSC_3608-1024x684.jpg 1024w, https:\/\/ialeman.cl\/wp-content\/uploads\/2025\/04\/ALERCE-ANDINO-6o-BASICO-2025-Instituto-Aleman-de-Puerto-Montt_0028_DSC_3608-768x513.jpg 768w\" sizes=\"(max-width: 1200px) 100vw, 1200px\" \/><\/a>\n\t\t\t<\/div><\/figure><figure class='gallery-item'>\n\t\t\t<div class='gallery-icon landscape'>\n\t\t\t\t<a data-elementor-open-lightbox=\"yes\" data-elementor-lightbox-slideshow=\"8b3b98c\" data-elementor-lightbox-title=\"ALERCE ANDINO 6\u00ba B\u00c1SICO 2025 Instituto Alem\u00e1n de Puerto Montt_0029_Niveles 6\" data-e-action-hash=\"#elementor-action%3Aaction%3Dlightbox%26settings%3DeyJpZCI6NDM5MTUsInVybCI6Imh0dHBzOlwvXC9pYWxlbWFuLmNsXC93cC1jb250ZW50XC91cGxvYWRzXC8yMDI1XC8wNFwvQUxFUkNFLUFORElOTy02by1CQVNJQ08tMjAyNS1JbnN0aXR1dG8tQWxlbWFuLWRlLVB1ZXJ0by1Nb250dF8wMDI5X05pdmVsZXMtNi5qcGciLCJzbGlkZXNob3ciOiI4YjNiOThjIn0%3D\" href='https:\/\/ialeman.cl\/wp-content\/uploads\/2025\/04\/ALERCE-ANDINO-6o-BASICO-2025-Instituto-Aleman-de-Puerto-Montt_0029_Niveles-6.jpg'><img loading=\"lazy\" decoding=\"async\" width=\"1200\" height=\"801\" src=\"https:\/\/ialeman.cl\/wp-content\/uploads\/2025\/04\/ALERCE-ANDINO-6o-BASICO-2025-Instituto-Aleman-de-Puerto-Montt_0029_Niveles-6.jpg\" class=\"attachment-full size-full\" alt=\"\" srcset=\"https:\/\/ialeman.cl\/wp-content\/uploads\/2025\/04\/ALERCE-ANDINO-6o-BASICO-2025-Instituto-Aleman-de-Puerto-Montt_0029_Niveles-6.jpg 1200w, https:\/\/ialeman.cl\/wp-content\/uploads\/2025\/04\/ALERCE-ANDINO-6o-BASICO-2025-Instituto-Aleman-de-Puerto-Montt_0029_Niveles-6-300x200.jpg 300w, https:\/\/ialeman.cl\/wp-content\/uploads\/2025\/04\/ALERCE-ANDINO-6o-BASICO-2025-Instituto-Aleman-de-Puerto-Montt_0029_Niveles-6-1024x684.jpg 1024w, https:\/\/ialeman.cl\/wp-content\/uploads\/2025\/04\/ALERCE-ANDINO-6o-BASICO-2025-Instituto-Aleman-de-Puerto-Montt_0029_Niveles-6-768x513.jpg 768w\" sizes=\"(max-width: 1200px) 100vw, 1200px\" \/><\/a>\n\t\t\t<\/div><\/figure><figure class='gallery-item'>\n\t\t\t<div class='gallery-icon landscape'>\n\t\t\t\t<a data-elementor-open-lightbox=\"yes\" data-elementor-lightbox-slideshow=\"8b3b98c\" data-elementor-lightbox-title=\"ALERCE ANDINO 6\u00ba B\u00c1SICO 2025 Instituto Alem\u00e1n de Puerto Montt_0030_DSC_3598\" data-e-action-hash=\"#elementor-action%3Aaction%3Dlightbox%26settings%3DeyJpZCI6NDM5MTYsInVybCI6Imh0dHBzOlwvXC9pYWxlbWFuLmNsXC93cC1jb250ZW50XC91cGxvYWRzXC8yMDI1XC8wNFwvQUxFUkNFLUFORElOTy02by1CQVNJQ08tMjAyNS1JbnN0aXR1dG8tQWxlbWFuLWRlLVB1ZXJ0by1Nb250dF8wMDMwX0RTQ18zNTk4LmpwZyIsInNsaWRlc2hvdyI6IjhiM2I5OGMifQ%3D%3D\" href='https:\/\/ialeman.cl\/wp-content\/uploads\/2025\/04\/ALERCE-ANDINO-6o-BASICO-2025-Instituto-Aleman-de-Puerto-Montt_0030_DSC_3598.jpg'><img loading=\"lazy\" decoding=\"async\" width=\"1200\" height=\"801\" src=\"https:\/\/ialeman.cl\/wp-content\/uploads\/2025\/04\/ALERCE-ANDINO-6o-BASICO-2025-Instituto-Aleman-de-Puerto-Montt_0030_DSC_3598.jpg\" class=\"attachment-full size-full\" alt=\"\" srcset=\"https:\/\/ialeman.cl\/wp-content\/uploads\/2025\/04\/ALERCE-ANDINO-6o-BASICO-2025-Instituto-Aleman-de-Puerto-Montt_0030_DSC_3598.jpg 1200w, https:\/\/ialeman.cl\/wp-content\/uploads\/2025\/04\/ALERCE-ANDINO-6o-BASICO-2025-Instituto-Aleman-de-Puerto-Montt_0030_DSC_3598-300x200.jpg 300w, https:\/\/ialeman.cl\/wp-content\/uploads\/2025\/04\/ALERCE-ANDINO-6o-BASICO-2025-Instituto-Aleman-de-Puerto-Montt_0030_DSC_3598-1024x684.jpg 1024w, https:\/\/ialeman.cl\/wp-content\/uploads\/2025\/04\/ALERCE-ANDINO-6o-BASICO-2025-Instituto-Aleman-de-Puerto-Montt_0030_DSC_3598-768x513.jpg 768w\" sizes=\"(max-width: 1200px) 100vw, 1200px\" \/><\/a>\n\t\t\t<\/div><\/figure><figure class='gallery-item'>\n\t\t\t<div class='gallery-icon landscape'>\n\t\t\t\t<a data-elementor-open-lightbox=\"yes\" data-elementor-lightbox-slideshow=\"8b3b98c\" data-elementor-lightbox-title=\"ALERCE ANDINO 6\u00ba B\u00c1SICO 2025 Instituto Alem\u00e1n de Puerto Montt_0031_DSC_3594\" data-e-action-hash=\"#elementor-action%3Aaction%3Dlightbox%26settings%3DeyJpZCI6NDM5MTcsInVybCI6Imh0dHBzOlwvXC9pYWxlbWFuLmNsXC93cC1jb250ZW50XC91cGxvYWRzXC8yMDI1XC8wNFwvQUxFUkNFLUFORElOTy02by1CQVNJQ08tMjAyNS1JbnN0aXR1dG8tQWxlbWFuLWRlLVB1ZXJ0by1Nb250dF8wMDMxX0RTQ18zNTk0LmpwZyIsInNsaWRlc2hvdyI6IjhiM2I5OGMifQ%3D%3D\" href='https:\/\/ialeman.cl\/wp-content\/uploads\/2025\/04\/ALERCE-ANDINO-6o-BASICO-2025-Instituto-Aleman-de-Puerto-Montt_0031_DSC_3594.jpg'><img loading=\"lazy\" decoding=\"async\" width=\"1200\" height=\"801\" src=\"https:\/\/ialeman.cl\/wp-content\/uploads\/2025\/04\/ALERCE-ANDINO-6o-BASICO-2025-Instituto-Aleman-de-Puerto-Montt_0031_DSC_3594.jpg\" class=\"attachment-full size-full\" alt=\"\" srcset=\"https:\/\/ialeman.cl\/wp-content\/uploads\/2025\/04\/ALERCE-ANDINO-6o-BASICO-2025-Instituto-Aleman-de-Puerto-Montt_0031_DSC_3594.jpg 1200w, https:\/\/ialeman.cl\/wp-content\/uploads\/2025\/04\/ALERCE-ANDINO-6o-BASICO-2025-Instituto-Aleman-de-Puerto-Montt_0031_DSC_3594-300x200.jpg 300w, https:\/\/ialeman.cl\/wp-content\/uploads\/2025\/04\/ALERCE-ANDINO-6o-BASICO-2025-Instituto-Aleman-de-Puerto-Montt_0031_DSC_3594-1024x684.jpg 1024w, https:\/\/ialeman.cl\/wp-content\/uploads\/2025\/04\/ALERCE-ANDINO-6o-BASICO-2025-Instituto-Aleman-de-Puerto-Montt_0031_DSC_3594-768x513.jpg 768w\" sizes=\"(max-width: 1200px) 100vw, 1200px\" \/><\/a>\n\t\t\t<\/div><\/figure><figure class='gallery-item'>\n\t\t\t<div class='gallery-icon landscape'>\n\t\t\t\t<a data-elementor-open-lightbox=\"yes\" data-elementor-lightbox-slideshow=\"8b3b98c\" data-elementor-lightbox-title=\"ALERCE ANDINO 6\u00ba B\u00c1SICO 2025 Instituto Alem\u00e1n de Puerto Montt_0032_DSC_3581\" data-e-action-hash=\"#elementor-action%3Aaction%3Dlightbox%26settings%3DeyJpZCI6NDM5MTgsInVybCI6Imh0dHBzOlwvXC9pYWxlbWFuLmNsXC93cC1jb250ZW50XC91cGxvYWRzXC8yMDI1XC8wNFwvQUxFUkNFLUFORElOTy02by1CQVNJQ08tMjAyNS1JbnN0aXR1dG8tQWxlbWFuLWRlLVB1ZXJ0by1Nb250dF8wMDMyX0RTQ18zNTgxLmpwZyIsInNsaWRlc2hvdyI6IjhiM2I5OGMifQ%3D%3D\" href='https:\/\/ialeman.cl\/wp-content\/uploads\/2025\/04\/ALERCE-ANDINO-6o-BASICO-2025-Instituto-Aleman-de-Puerto-Montt_0032_DSC_3581.jpg'><img loading=\"lazy\" decoding=\"async\" width=\"1200\" height=\"801\" src=\"https:\/\/ialeman.cl\/wp-content\/uploads\/2025\/04\/ALERCE-ANDINO-6o-BASICO-2025-Instituto-Aleman-de-Puerto-Montt_0032_DSC_3581.jpg\" class=\"attachment-full size-full\" alt=\"\" srcset=\"https:\/\/ialeman.cl\/wp-content\/uploads\/2025\/04\/ALERCE-ANDINO-6o-BASICO-2025-Instituto-Aleman-de-Puerto-Montt_0032_DSC_3581.jpg 1200w, https:\/\/ialeman.cl\/wp-content\/uploads\/2025\/04\/ALERCE-ANDINO-6o-BASICO-2025-Instituto-Aleman-de-Puerto-Montt_0032_DSC_3581-300x200.jpg 300w, https:\/\/ialeman.cl\/wp-content\/uploads\/2025\/04\/ALERCE-ANDINO-6o-BASICO-2025-Instituto-Aleman-de-Puerto-Montt_0032_DSC_3581-1024x684.jpg 1024w, https:\/\/ialeman.cl\/wp-content\/uploads\/2025\/04\/ALERCE-ANDINO-6o-BASICO-2025-Instituto-Aleman-de-Puerto-Montt_0032_DSC_3581-768x513.jpg 768w\" sizes=\"(max-width: 1200px) 100vw, 1200px\" \/><\/a>\n\t\t\t<\/div><\/figure><figure class='gallery-item'>\n\t\t\t<div class='gallery-icon landscape'>\n\t\t\t\t<a data-elementor-open-lightbox=\"yes\" data-elementor-lightbox-slideshow=\"8b3b98c\" data-elementor-lightbox-title=\"ALERCE ANDINO 6\u00ba B\u00c1SICO 2025 Instituto Alem\u00e1n de Puerto Montt_0033_DSC_3578\" data-e-action-hash=\"#elementor-action%3Aaction%3Dlightbox%26settings%3DeyJpZCI6NDM5MTksInVybCI6Imh0dHBzOlwvXC9pYWxlbWFuLmNsXC93cC1jb250ZW50XC91cGxvYWRzXC8yMDI1XC8wNFwvQUxFUkNFLUFORElOTy02by1CQVNJQ08tMjAyNS1JbnN0aXR1dG8tQWxlbWFuLWRlLVB1ZXJ0by1Nb250dF8wMDMzX0RTQ18zNTc4LmpwZyIsInNsaWRlc2hvdyI6IjhiM2I5OGMifQ%3D%3D\" href='https:\/\/ialeman.cl\/wp-content\/uploads\/2025\/04\/ALERCE-ANDINO-6o-BASICO-2025-Instituto-Aleman-de-Puerto-Montt_0033_DSC_3578.jpg'><img loading=\"lazy\" decoding=\"async\" width=\"1200\" height=\"801\" src=\"https:\/\/ialeman.cl\/wp-content\/uploads\/2025\/04\/ALERCE-ANDINO-6o-BASICO-2025-Instituto-Aleman-de-Puerto-Montt_0033_DSC_3578.jpg\" class=\"attachment-full size-full\" alt=\"\" srcset=\"https:\/\/ialeman.cl\/wp-content\/uploads\/2025\/04\/ALERCE-ANDINO-6o-BASICO-2025-Instituto-Aleman-de-Puerto-Montt_0033_DSC_3578.jpg 1200w, https:\/\/ialeman.cl\/wp-content\/uploads\/2025\/04\/ALERCE-ANDINO-6o-BASICO-2025-Instituto-Aleman-de-Puerto-Montt_0033_DSC_3578-300x200.jpg 300w, https:\/\/ialeman.cl\/wp-content\/uploads\/2025\/04\/ALERCE-ANDINO-6o-BASICO-2025-Instituto-Aleman-de-Puerto-Montt_0033_DSC_3578-1024x684.jpg 1024w, https:\/\/ialeman.cl\/wp-content\/uploads\/2025\/04\/ALERCE-ANDINO-6o-BASICO-2025-Instituto-Aleman-de-Puerto-Montt_0033_DSC_3578-768x513.jpg 768w\" sizes=\"(max-width: 1200px) 100vw, 1200px\" \/><\/a>\n\t\t\t<\/div><\/figure><figure class='gallery-item'>\n\t\t\t<div class='gallery-icon landscape'>\n\t\t\t\t<a data-elementor-open-lightbox=\"yes\" data-elementor-lightbox-slideshow=\"8b3b98c\" data-elementor-lightbox-title=\"ALERCE ANDINO 6\u00ba B\u00c1SICO 2025 Instituto Alem\u00e1n de Puerto Montt_0034_DSC_3576\" data-e-action-hash=\"#elementor-action%3Aaction%3Dlightbox%26settings%3DeyJpZCI6NDM5MjAsInVybCI6Imh0dHBzOlwvXC9pYWxlbWFuLmNsXC93cC1jb250ZW50XC91cGxvYWRzXC8yMDI1XC8wNFwvQUxFUkNFLUFORElOTy02by1CQVNJQ08tMjAyNS1JbnN0aXR1dG8tQWxlbWFuLWRlLVB1ZXJ0by1Nb250dF8wMDM0X0RTQ18zNTc2LmpwZyIsInNsaWRlc2hvdyI6IjhiM2I5OGMifQ%3D%3D\" href='https:\/\/ialeman.cl\/wp-content\/uploads\/2025\/04\/ALERCE-ANDINO-6o-BASICO-2025-Instituto-Aleman-de-Puerto-Montt_0034_DSC_3576.jpg'><img loading=\"lazy\" decoding=\"async\" width=\"1200\" height=\"801\" src=\"https:\/\/ialeman.cl\/wp-content\/uploads\/2025\/04\/ALERCE-ANDINO-6o-BASICO-2025-Instituto-Aleman-de-Puerto-Montt_0034_DSC_3576.jpg\" class=\"attachment-full size-full\" alt=\"\" srcset=\"https:\/\/ialeman.cl\/wp-content\/uploads\/2025\/04\/ALERCE-ANDINO-6o-BASICO-2025-Instituto-Aleman-de-Puerto-Montt_0034_DSC_3576.jpg 1200w, https:\/\/ialeman.cl\/wp-content\/uploads\/2025\/04\/ALERCE-ANDINO-6o-BASICO-2025-Instituto-Aleman-de-Puerto-Montt_0034_DSC_3576-300x200.jpg 300w, https:\/\/ialeman.cl\/wp-content\/uploads\/2025\/04\/ALERCE-ANDINO-6o-BASICO-2025-Instituto-Aleman-de-Puerto-Montt_0034_DSC_3576-1024x684.jpg 1024w, https:\/\/ialeman.cl\/wp-content\/uploads\/2025\/04\/ALERCE-ANDINO-6o-BASICO-2025-Instituto-Aleman-de-Puerto-Montt_0034_DSC_3576-768x513.jpg 768w\" sizes=\"(max-width: 1200px) 100vw, 1200px\" \/><\/a>\n\t\t\t<\/div><\/figure><figure class='gallery-item'>\n\t\t\t<div class='gallery-icon landscape'>\n\t\t\t\t<a data-elementor-open-lightbox=\"yes\" data-elementor-lightbox-slideshow=\"8b3b98c\" data-elementor-lightbox-title=\"ALERCE ANDINO 6\u00ba B\u00c1SICO 2025 Instituto Alem\u00e1n de Puerto Montt_0014_DSC_3714\" data-e-action-hash=\"#elementor-action%3Aaction%3Dlightbox%26settings%3DeyJpZCI6NDM5MDAsInVybCI6Imh0dHBzOlwvXC9pYWxlbWFuLmNsXC93cC1jb250ZW50XC91cGxvYWRzXC8yMDI1XC8wNFwvQUxFUkNFLUFORElOTy02by1CQVNJQ08tMjAyNS1JbnN0aXR1dG8tQWxlbWFuLWRlLVB1ZXJ0by1Nb250dF8wMDE0X0RTQ18zNzE0LmpwZyIsInNsaWRlc2hvdyI6IjhiM2I5OGMifQ%3D%3D\" href='https:\/\/ialeman.cl\/wp-content\/uploads\/2025\/04\/ALERCE-ANDINO-6o-BASICO-2025-Instituto-Aleman-de-Puerto-Montt_0014_DSC_3714.jpg'><img loading=\"lazy\" decoding=\"async\" width=\"1200\" height=\"801\" src=\"https:\/\/ialeman.cl\/wp-content\/uploads\/2025\/04\/ALERCE-ANDINO-6o-BASICO-2025-Instituto-Aleman-de-Puerto-Montt_0014_DSC_3714.jpg\" class=\"attachment-full size-full\" alt=\"\" srcset=\"https:\/\/ialeman.cl\/wp-content\/uploads\/2025\/04\/ALERCE-ANDINO-6o-BASICO-2025-Instituto-Aleman-de-Puerto-Montt_0014_DSC_3714.jpg 1200w, https:\/\/ialeman.cl\/wp-content\/uploads\/2025\/04\/ALERCE-ANDINO-6o-BASICO-2025-Instituto-Aleman-de-Puerto-Montt_0014_DSC_3714-300x200.jpg 300w, https:\/\/ialeman.cl\/wp-content\/uploads\/2025\/04\/ALERCE-ANDINO-6o-BASICO-2025-Instituto-Aleman-de-Puerto-Montt_0014_DSC_3714-1024x684.jpg 1024w, https:\/\/ialeman.cl\/wp-content\/uploads\/2025\/04\/ALERCE-ANDINO-6o-BASICO-2025-Instituto-Aleman-de-Puerto-Montt_0014_DSC_3714-768x513.jpg 768w\" sizes=\"(max-width: 1200px) 100vw, 1200px\" \/><\/a>\n\t\t\t<\/div><\/figure><figure class='gallery-item'>\n\t\t\t<div class='gallery-icon landscape'>\n\t\t\t\t<a data-elementor-open-lightbox=\"yes\" data-elementor-lightbox-slideshow=\"8b3b98c\" data-elementor-lightbox-title=\"ALERCE ANDINO 6\u00ba B\u00c1SICO 2025 Instituto Alem\u00e1n de Puerto Montt_0035_Niveles 7\" data-e-action-hash=\"#elementor-action%3Aaction%3Dlightbox%26settings%3DeyJpZCI6NDM5MjEsInVybCI6Imh0dHBzOlwvXC9pYWxlbWFuLmNsXC93cC1jb250ZW50XC91cGxvYWRzXC8yMDI1XC8wNFwvQUxFUkNFLUFORElOTy02by1CQVNJQ08tMjAyNS1JbnN0aXR1dG8tQWxlbWFuLWRlLVB1ZXJ0by1Nb250dF8wMDM1X05pdmVsZXMtNy5qcGciLCJzbGlkZXNob3ciOiI4YjNiOThjIn0%3D\" href='https:\/\/ialeman.cl\/wp-content\/uploads\/2025\/04\/ALERCE-ANDINO-6o-BASICO-2025-Instituto-Aleman-de-Puerto-Montt_0035_Niveles-7.jpg'><img loading=\"lazy\" decoding=\"async\" width=\"1200\" height=\"801\" src=\"https:\/\/ialeman.cl\/wp-content\/uploads\/2025\/04\/ALERCE-ANDINO-6o-BASICO-2025-Instituto-Aleman-de-Puerto-Montt_0035_Niveles-7.jpg\" class=\"attachment-full size-full\" alt=\"\" srcset=\"https:\/\/ialeman.cl\/wp-content\/uploads\/2025\/04\/ALERCE-ANDINO-6o-BASICO-2025-Instituto-Aleman-de-Puerto-Montt_0035_Niveles-7.jpg 1200w, https:\/\/ialeman.cl\/wp-content\/uploads\/2025\/04\/ALERCE-ANDINO-6o-BASICO-2025-Instituto-Aleman-de-Puerto-Montt_0035_Niveles-7-300x200.jpg 300w, https:\/\/ialeman.cl\/wp-content\/uploads\/2025\/04\/ALERCE-ANDINO-6o-BASICO-2025-Instituto-Aleman-de-Puerto-Montt_0035_Niveles-7-1024x684.jpg 1024w, https:\/\/ialeman.cl\/wp-content\/uploads\/2025\/04\/ALERCE-ANDINO-6o-BASICO-2025-Instituto-Aleman-de-Puerto-Montt_0035_Niveles-7-768x513.jpg 768w\" sizes=\"(max-width: 1200px) 100vw, 1200px\" \/><\/a>\n\t\t\t<\/div><\/figure>\n\t\t<\/div>\n\t\t<\/div>\n\t\t\t\t\t\t<\/div>\n\t\t\t\t<\/div>\n\t\t\t\t\t<\/div>\n\t\t<\/div>\n\t\t\t\t\t<\/div>\n\t\t<\/section>\n\t\t\t\t<\/div>\n\t\t","protected":false},"excerpt":{"rendered":"<p>Los estudiantes de 6\u00b0 b\u00e1sico visitaron el Parque Nacional Alerce Andino Como parte de una salida pedag\u00f3gica interdisciplinaria, los ni\u00f1os de 6\u00b0 b\u00e1sico del Instituto Alem\u00e1n de Puerto Montt conocieron el Parque Nacional Alerce Andino, recorriendo los senderos Chaica y Alerce Milenario. La actividad integr\u00f3 las asignaturas de Educaci\u00f3n F\u00edsica para la Salud, Lenguaje y [&hellip;]<\/p>\n","protected":false},"author":1,"featured_media":43878,"comment_status":"closed","ping_status":"closed","sticky":false,"template":"","format":"standard","meta":{"site-sidebar-layout":"default","site-content-layout":"","ast-site-content-layout":"default","site-content-style":"default","site-sidebar-style":"default","ast-global-header-display":"","ast-banner-title-visibility":"","ast-main-header-display":"","ast-hfb-above-header-display":"","ast-hfb-below-header-display":"","ast-hfb-mobile-header-display":"","site-post-title":"disabled","ast-breadcrumbs-content":"","ast-featured-img":"disabled","footer-sml-layout":"","ast-disable-related-posts":"","theme-transparent-header-meta":"","adv-header-id-meta":"","stick-header-meta":"","header-above-stick-meta":"","header-main-stick-meta":"","header-below-stick-meta":"","astra-migrate-meta-layouts":"set","ast-page-background-enabled":"default","ast-page-background-meta":{"desktop":{"background-color":"var(--ast-global-color-4)","background-image":"","background-repeat":"repeat","background-position":"center center","background-size":"auto","background-attachment":"scroll","background-type":"","background-media":"","overlay-type":"","overlay-color":"","overlay-opacity":"","overlay-gradient":""},"tablet":{"background-color":"","background-image":"","background-repeat":"repeat","background-position":"center center","background-size":"auto","background-attachment":"scroll","background-type":"","background-media":"","overlay-type":"","overlay-color":"","overlay-opacity":"","overlay-gradient":""},"mobile":{"background-color":"","background-image":"","background-repeat":"repeat","background-position":"center center","background-size":"auto","background-attachment":"scroll","background-type":"","background-media":"","overlay-type":"","overlay-color":"","overlay-opacity":"","overlay-gradient":""}},"ast-content-background-meta":{"desktop":{"background-color":"var(--ast-global-color-5)","background-image":"","background-repeat":"repeat","background-position":"center center","background-size":"auto","background-attachment":"scroll","background-type":"","background-media":"","overlay-type":"","overlay-color":"","overlay-opacity":"","overlay-gradient":""},"tablet":{"background-color":"var(--ast-global-color-5)","background-image":"","background-repeat":"repeat","background-position":"center center","background-size":"auto","background-attachment":"scroll","background-type":"","background-media":"","overlay-type":"","overlay-color":"","overlay-opacity":"","overlay-gradient":""},"mobile":{"background-color":"var(--ast-global-color-5)","background-image":"","background-repeat":"repeat","background-position":"center center","background-size":"auto","background-attachment":"scroll","background-type":"","background-media":"","overlay-type":"","overlay-color":"","overlay-opacity":"","overlay-gradient":""}},"advanced_seo_description":"","jetpack_seo_html_title":"","jetpack_seo_noindex":false,"jetpack_seo_schema_type":"","_jetpack_newsletter_access":"","_jetpack_dont_email_post_to_subs":false,"_jetpack_newsletter_tier_id":0,"_jetpack_memberships_contains_paywalled_content":false,"_wpcom_ai_launchpad_first_post":false,"_jetpack_feature_clip_id":0,"_jetpack_memberships_contains_paid_content":false,"footnotes":"","jetpack_post_was_ever_published":false},"categories":[10],"tags":[],"class_list":["post-43877","post","type-post","status-publish","format-standard","has-post-thumbnail","hentry","category-noticias"],"jetpack_shortlink":"https:\/\/wp.me\/ph8I5c-bpH","jetpack_sharing_enabled":true,"jetpack_featured_media_url":"https:\/\/ialeman.cl\/wp-content\/uploads\/2025\/04\/ALERCE-ANDINO-6o-BASICO-2025-Instituto-Aleman-de-Puerto-Montt_0019_DSC_3624.jpg","_links":{"self":[{"href":"https:\/\/ialeman.cl\/index.php\/wp-json\/wp\/v2\/posts\/43877","targetHints":{"allow":["GET"]}}],"collection":[{"href":"https:\/\/ialeman.cl\/index.php\/wp-json\/wp\/v2\/posts"}],"about":[{"href":"https:\/\/ialeman.cl\/index.php\/wp-json\/wp\/v2\/types\/post"}],"author":[{"embeddable":true,"href":"https:\/\/ialeman.cl\/index.php\/wp-json\/wp\/v2\/users\/1"}],"replies":[{"embeddable":true,"href":"https:\/\/ialeman.cl\/index.php\/wp-json\/wp\/v2\/comments?post=43877"}],"version-history":[{"count":11,"href":"https:\/\/ialeman.cl\/index.php\/wp-json\/wp\/v2\/posts\/43877\/revisions"}],"predecessor-version":[{"id":43979,"href":"https:\/\/ialeman.cl\/index.php\/wp-json\/wp\/v2\/posts\/43877\/revisions\/43979"}],"wp:featuredmedia":[{"embeddable":true,"href":"https:\/\/ialeman.cl\/index.php\/wp-json\/wp\/v2\/media\/43878"}],"wp:attachment":[{"href":"https:\/\/ialeman.cl\/index.php\/wp-json\/wp\/v2\/media?parent=43877"}],"wp:term":[{"taxonomy":"category","embeddable":true,"href":"https:\/\/ialeman.cl\/index.php\/wp-json\/wp\/v2\/categories?post=43877"},{"taxonomy":"post_tag","embeddable":true,"href":"https:\/\/ialeman.cl\/index.php\/wp-json\/wp\/v2\/tags?post=43877"}],"curies":[{"name":"wp","href":"https:\/\/api.w.org\/{rel}","templated":true}]}}