{"id":43822,"date":"2025-04-08T12:42:02","date_gmt":"2025-04-08T16:42:02","guid":{"rendered":"https:\/\/ialeman.cl\/?p=43822"},"modified":"2025-04-16T16:02:16","modified_gmt":"2025-04-16T20:02:16","slug":"dia-internacional-de-la-actividad-fisica-2025","status":"publish","type":"post","link":"https:\/\/ialeman.cl\/index.php\/dia-internacional-de-la-actividad-fisica-2025\/","title":{"rendered":"D\u00eda Internacional de la Actividad F\u00edsica 2025"},"content":{"rendered":"\t\t<div data-elementor-type=\"wp-post\" data-elementor-id=\"43822\" class=\"elementor elementor-43822\">\n\t\t\t\t\t\t<section class=\"elementor-section elementor-top-section elementor-element elementor-element-252bb15 elementor-section-boxed elementor-section-height-default elementor-section-height-default\" data-id=\"252bb15\" data-element_type=\"section\" data-e-type=\"section\">\n\t\t\t\t\t\t<div class=\"elementor-container elementor-column-gap-default\">\n\t\t\t\t\t<div class=\"elementor-column elementor-col-100 elementor-top-column elementor-element elementor-element-9c7a8e3\" data-id=\"9c7a8e3\" data-element_type=\"column\" data-e-type=\"column\">\n\t\t\t<div class=\"elementor-widget-wrap elementor-element-populated\">\n\t\t\t\t\t\t<div class=\"elementor-element elementor-element-1f631c1 elementor-widget elementor-widget-heading\" data-id=\"1f631c1\" data-element_type=\"widget\" data-e-type=\"widget\" data-widget_type=\"heading.default\">\n\t\t\t\t<div class=\"elementor-widget-container\">\n\t\t\t\t\t<h2 class=\"elementor-heading-title elementor-size-default\">D\u00eda Internacional de la Actividad F\u00edsica 2025<\/h2>\t\t\t\t<\/div>\n\t\t\t\t<\/div>\n\t\t\t\t\t<\/div>\n\t\t<\/div>\n\t\t\t\t\t<\/div>\n\t\t<\/section>\n\t\t\t\t<section class=\"elementor-section elementor-top-section elementor-element elementor-element-4942123 elementor-section-boxed elementor-section-height-default elementor-section-height-default\" data-id=\"4942123\" data-element_type=\"section\" data-e-type=\"section\">\n\t\t\t\t\t\t<div class=\"elementor-container elementor-column-gap-default\">\n\t\t\t\t\t<div class=\"elementor-column elementor-col-100 elementor-top-column elementor-element elementor-element-2a72630\" data-id=\"2a72630\" data-element_type=\"column\" data-e-type=\"column\">\n\t\t\t<div class=\"elementor-widget-wrap elementor-element-populated\">\n\t\t\t\t\t\t<div class=\"elementor-element elementor-element-9ff67ec elementor-widget elementor-widget-heading\" data-id=\"9ff67ec\" data-element_type=\"widget\" data-e-type=\"widget\" data-widget_type=\"heading.default\">\n\t\t\t\t<div class=\"elementor-widget-container\">\n\t\t\t\t\t<h2 class=\"elementor-heading-title elementor-size-default\">Con una jornada llena de ritmo y movimiento, el Instituto Alem\u00e1n de Puerto Montt celebr\u00f3 el D\u00eda Internacional de la Actividad F\u00edsica 2025, promoviendo h\u00e1bitos saludables y el bienestar entre los alumnos. Desde los m\u00e1s peque\u00f1os de Prekinder hasta los j\u00f3venes de IV Medio participaron activamente en sesiones de baile entretenido, las cuales se llevaron a cabo en distintos espacios del colegio durante la jornada escolar.<br><br>\n\nLa iniciativa fue organizada por el Departamento de Educaci\u00f3n F\u00edsica y Salud, que planific\u00f3 una experiencia l\u00fadica y din\u00e1mica, con el objetivo de fomentar el gusto por el ejercicio y la vida activa desde temprana edad. Las coreograf\u00edas, adaptadas a los distintos niveles, permitieron que todos los cursos disfrutaran de la actividad de manera inclusiva y segura.<br><br>\n\nCon gran entusiasmo, los estudiantes se sumaron a esta celebraci\u00f3n internacional, destacando la importancia del movimiento como parte fundamental de una vida equilibrada y el desarrollo integral. <\/h2>\t\t\t\t<\/div>\n\t\t\t\t<\/div>\n\t\t\t\t\t<\/div>\n\t\t<\/div>\n\t\t\t\t\t<\/div>\n\t\t<\/section>\n\t\t\t\t<section class=\"elementor-section elementor-top-section elementor-element elementor-element-3cbf6ef elementor-section-boxed elementor-section-height-default elementor-section-height-default\" data-id=\"3cbf6ef\" data-element_type=\"section\" data-e-type=\"section\">\n\t\t\t\t\t\t<div class=\"elementor-container elementor-column-gap-default\">\n\t\t\t\t\t<div class=\"elementor-column elementor-col-100 elementor-top-column elementor-element elementor-element-1fd0c3e\" data-id=\"1fd0c3e\" data-element_type=\"column\" data-e-type=\"column\">\n\t\t\t<div class=\"elementor-widget-wrap elementor-element-populated\">\n\t\t\t\t\t\t<div class=\"elementor-element elementor-element-d59a2af gallery-spacing-custom elementor-widget elementor-widget-image-gallery\" data-id=\"d59a2af\" data-element_type=\"widget\" data-e-type=\"widget\" data-widget_type=\"image-gallery.default\">\n\t\t\t\t<div class=\"elementor-widget-container\">\n\t\t\t\t\t\t\t<div class=\"elementor-image-gallery\">\n\t\t\t<div id='gallery-1' class='gallery galleryid-43822 gallery-columns-2 gallery-size-full'><figure class='gallery-item'>\n\t\t\t<div class='gallery-icon landscape'>\n\t\t\t\t<a data-elementor-open-lightbox=\"yes\" data-elementor-lightbox-slideshow=\"d59a2af\" data-elementor-lightbox-title=\"D\u00cdA INTERNACIONAL ACTIVIDAD F\u00cdSICA 2025 Instituto Alem\u00e1n Puerto Montt_0000_Brillo_contraste 1\" data-e-action-hash=\"#elementor-action%3Aaction%3Dlightbox%26settings%3DeyJpZCI6NDM4MjgsInVybCI6Imh0dHBzOlwvXC9pYWxlbWFuLmNsXC93cC1jb250ZW50XC91cGxvYWRzXC8yMDI1XC8wNFwvRElBLUlOVEVSTkFDSU9OQUwtQUNUSVZJREFELUZJU0lDQS0yMDI1LUluc3RpdHV0by1BbGVtYW4tUHVlcnRvLU1vbnR0XzAwMDBfQnJpbGxvX2NvbnRyYXN0ZS0xLmpwZyIsInNsaWRlc2hvdyI6ImQ1OWEyYWYifQ%3D%3D\" href='https:\/\/ialeman.cl\/wp-content\/uploads\/2025\/04\/DIA-INTERNACIONAL-ACTIVIDAD-FISICA-2025-Instituto-Aleman-Puerto-Montt_0000_Brillo_contraste-1.jpg'><img fetchpriority=\"high\" decoding=\"async\" width=\"1200\" height=\"801\" src=\"https:\/\/ialeman.cl\/wp-content\/uploads\/2025\/04\/DIA-INTERNACIONAL-ACTIVIDAD-FISICA-2025-Instituto-Aleman-Puerto-Montt_0000_Brillo_contraste-1.jpg\" class=\"attachment-full size-full\" alt=\"\" srcset=\"https:\/\/ialeman.cl\/wp-content\/uploads\/2025\/04\/DIA-INTERNACIONAL-ACTIVIDAD-FISICA-2025-Instituto-Aleman-Puerto-Montt_0000_Brillo_contraste-1.jpg 1200w, https:\/\/ialeman.cl\/wp-content\/uploads\/2025\/04\/DIA-INTERNACIONAL-ACTIVIDAD-FISICA-2025-Instituto-Aleman-Puerto-Montt_0000_Brillo_contraste-1-300x200.jpg 300w, https:\/\/ialeman.cl\/wp-content\/uploads\/2025\/04\/DIA-INTERNACIONAL-ACTIVIDAD-FISICA-2025-Instituto-Aleman-Puerto-Montt_0000_Brillo_contraste-1-1024x684.jpg 1024w, https:\/\/ialeman.cl\/wp-content\/uploads\/2025\/04\/DIA-INTERNACIONAL-ACTIVIDAD-FISICA-2025-Instituto-Aleman-Puerto-Montt_0000_Brillo_contraste-1-768x513.jpg 768w\" sizes=\"(max-width: 1200px) 100vw, 1200px\" \/><\/a>\n\t\t\t<\/div><\/figure><figure class='gallery-item'>\n\t\t\t<div class='gallery-icon landscape'>\n\t\t\t\t<a data-elementor-open-lightbox=\"yes\" data-elementor-lightbox-slideshow=\"d59a2af\" data-elementor-lightbox-title=\"D\u00cdA INTERNACIONAL ACTIVIDAD F\u00cdSICA 2025 Instituto Alem\u00e1n Puerto Montt_0006_Brillo_contraste 5\" data-e-action-hash=\"#elementor-action%3Aaction%3Dlightbox%26settings%3DeyJpZCI6NDM4MzQsInVybCI6Imh0dHBzOlwvXC9pYWxlbWFuLmNsXC93cC1jb250ZW50XC91cGxvYWRzXC8yMDI1XC8wNFwvRElBLUlOVEVSTkFDSU9OQUwtQUNUSVZJREFELUZJU0lDQS0yMDI1LUluc3RpdHV0by1BbGVtYW4tUHVlcnRvLU1vbnR0XzAwMDZfQnJpbGxvX2NvbnRyYXN0ZS01LTEuanBnIiwic2xpZGVzaG93IjoiZDU5YTJhZiJ9\" href='https:\/\/ialeman.cl\/wp-content\/uploads\/2025\/04\/DIA-INTERNACIONAL-ACTIVIDAD-FISICA-2025-Instituto-Aleman-Puerto-Montt_0006_Brillo_contraste-5-1.jpg'><img decoding=\"async\" width=\"1200\" height=\"801\" src=\"https:\/\/ialeman.cl\/wp-content\/uploads\/2025\/04\/DIA-INTERNACIONAL-ACTIVIDAD-FISICA-2025-Instituto-Aleman-Puerto-Montt_0006_Brillo_contraste-5-1.jpg\" class=\"attachment-full size-full\" alt=\"\" srcset=\"https:\/\/ialeman.cl\/wp-content\/uploads\/2025\/04\/DIA-INTERNACIONAL-ACTIVIDAD-FISICA-2025-Instituto-Aleman-Puerto-Montt_0006_Brillo_contraste-5-1.jpg 1200w, https:\/\/ialeman.cl\/wp-content\/uploads\/2025\/04\/DIA-INTERNACIONAL-ACTIVIDAD-FISICA-2025-Instituto-Aleman-Puerto-Montt_0006_Brillo_contraste-5-1-300x200.jpg 300w, https:\/\/ialeman.cl\/wp-content\/uploads\/2025\/04\/DIA-INTERNACIONAL-ACTIVIDAD-FISICA-2025-Instituto-Aleman-Puerto-Montt_0006_Brillo_contraste-5-1-1024x684.jpg 1024w, https:\/\/ialeman.cl\/wp-content\/uploads\/2025\/04\/DIA-INTERNACIONAL-ACTIVIDAD-FISICA-2025-Instituto-Aleman-Puerto-Montt_0006_Brillo_contraste-5-1-768x513.jpg 768w\" sizes=\"(max-width: 1200px) 100vw, 1200px\" \/><\/a>\n\t\t\t<\/div><\/figure><figure class='gallery-item'>\n\t\t\t<div class='gallery-icon landscape'>\n\t\t\t\t<a data-elementor-open-lightbox=\"yes\" data-elementor-lightbox-slideshow=\"d59a2af\" data-elementor-lightbox-title=\"D\u00cdA INTERNACIONAL ACTIVIDAD F\u00cdSICA 2025 Instituto Alem\u00e1n Puerto Montt_0001_Brillo_contraste 2\" data-e-action-hash=\"#elementor-action%3Aaction%3Dlightbox%26settings%3DeyJpZCI6NDM4MjksInVybCI6Imh0dHBzOlwvXC9pYWxlbWFuLmNsXC93cC1jb250ZW50XC91cGxvYWRzXC8yMDI1XC8wNFwvRElBLUlOVEVSTkFDSU9OQUwtQUNUSVZJREFELUZJU0lDQS0yMDI1LUluc3RpdHV0by1BbGVtYW4tUHVlcnRvLU1vbnR0XzAwMDFfQnJpbGxvX2NvbnRyYXN0ZS0yLmpwZyIsInNsaWRlc2hvdyI6ImQ1OWEyYWYifQ%3D%3D\" href='https:\/\/ialeman.cl\/wp-content\/uploads\/2025\/04\/DIA-INTERNACIONAL-ACTIVIDAD-FISICA-2025-Instituto-Aleman-Puerto-Montt_0001_Brillo_contraste-2.jpg'><img decoding=\"async\" width=\"1200\" height=\"801\" src=\"https:\/\/ialeman.cl\/wp-content\/uploads\/2025\/04\/DIA-INTERNACIONAL-ACTIVIDAD-FISICA-2025-Instituto-Aleman-Puerto-Montt_0001_Brillo_contraste-2.jpg\" class=\"attachment-full size-full\" alt=\"\" srcset=\"https:\/\/ialeman.cl\/wp-content\/uploads\/2025\/04\/DIA-INTERNACIONAL-ACTIVIDAD-FISICA-2025-Instituto-Aleman-Puerto-Montt_0001_Brillo_contraste-2.jpg 1200w, https:\/\/ialeman.cl\/wp-content\/uploads\/2025\/04\/DIA-INTERNACIONAL-ACTIVIDAD-FISICA-2025-Instituto-Aleman-Puerto-Montt_0001_Brillo_contraste-2-300x200.jpg 300w, https:\/\/ialeman.cl\/wp-content\/uploads\/2025\/04\/DIA-INTERNACIONAL-ACTIVIDAD-FISICA-2025-Instituto-Aleman-Puerto-Montt_0001_Brillo_contraste-2-1024x684.jpg 1024w, https:\/\/ialeman.cl\/wp-content\/uploads\/2025\/04\/DIA-INTERNACIONAL-ACTIVIDAD-FISICA-2025-Instituto-Aleman-Puerto-Montt_0001_Brillo_contraste-2-768x513.jpg 768w\" sizes=\"(max-width: 1200px) 100vw, 1200px\" \/><\/a>\n\t\t\t<\/div><\/figure><figure class='gallery-item'>\n\t\t\t<div class='gallery-icon landscape'>\n\t\t\t\t<a data-elementor-open-lightbox=\"yes\" data-elementor-lightbox-slideshow=\"d59a2af\" data-elementor-lightbox-title=\"D\u00cdA INTERNACIONAL ACTIVIDAD F\u00cdSICA 2025 Instituto Alem\u00e1n Puerto Montt_0002_Brillo_contraste 3\" data-e-action-hash=\"#elementor-action%3Aaction%3Dlightbox%26settings%3DeyJpZCI6NDM4MzAsInVybCI6Imh0dHBzOlwvXC9pYWxlbWFuLmNsXC93cC1jb250ZW50XC91cGxvYWRzXC8yMDI1XC8wNFwvRElBLUlOVEVSTkFDSU9OQUwtQUNUSVZJREFELUZJU0lDQS0yMDI1LUluc3RpdHV0by1BbGVtYW4tUHVlcnRvLU1vbnR0XzAwMDJfQnJpbGxvX2NvbnRyYXN0ZS0zLmpwZyIsInNsaWRlc2hvdyI6ImQ1OWEyYWYifQ%3D%3D\" href='https:\/\/ialeman.cl\/wp-content\/uploads\/2025\/04\/DIA-INTERNACIONAL-ACTIVIDAD-FISICA-2025-Instituto-Aleman-Puerto-Montt_0002_Brillo_contraste-3.jpg'><img loading=\"lazy\" decoding=\"async\" width=\"1200\" height=\"801\" src=\"https:\/\/ialeman.cl\/wp-content\/uploads\/2025\/04\/DIA-INTERNACIONAL-ACTIVIDAD-FISICA-2025-Instituto-Aleman-Puerto-Montt_0002_Brillo_contraste-3.jpg\" class=\"attachment-full size-full\" alt=\"\" srcset=\"https:\/\/ialeman.cl\/wp-content\/uploads\/2025\/04\/DIA-INTERNACIONAL-ACTIVIDAD-FISICA-2025-Instituto-Aleman-Puerto-Montt_0002_Brillo_contraste-3.jpg 1200w, https:\/\/ialeman.cl\/wp-content\/uploads\/2025\/04\/DIA-INTERNACIONAL-ACTIVIDAD-FISICA-2025-Instituto-Aleman-Puerto-Montt_0002_Brillo_contraste-3-300x200.jpg 300w, https:\/\/ialeman.cl\/wp-content\/uploads\/2025\/04\/DIA-INTERNACIONAL-ACTIVIDAD-FISICA-2025-Instituto-Aleman-Puerto-Montt_0002_Brillo_contraste-3-1024x684.jpg 1024w, https:\/\/ialeman.cl\/wp-content\/uploads\/2025\/04\/DIA-INTERNACIONAL-ACTIVIDAD-FISICA-2025-Instituto-Aleman-Puerto-Montt_0002_Brillo_contraste-3-768x513.jpg 768w\" sizes=\"(max-width: 1200px) 100vw, 1200px\" \/><\/a>\n\t\t\t<\/div><\/figure><figure class='gallery-item'>\n\t\t\t<div class='gallery-icon landscape'>\n\t\t\t\t<a data-elementor-open-lightbox=\"yes\" data-elementor-lightbox-slideshow=\"d59a2af\" data-elementor-lightbox-title=\"D\u00cdA INTERNACIONAL ACTIVIDAD F\u00cdSICA 2025 Instituto Alem\u00e1n Puerto Montt_0010_Brillo_contraste 9\" data-e-action-hash=\"#elementor-action%3Aaction%3Dlightbox%26settings%3DeyJpZCI6NDM4MzgsInVybCI6Imh0dHBzOlwvXC9pYWxlbWFuLmNsXC93cC1jb250ZW50XC91cGxvYWRzXC8yMDI1XC8wNFwvRElBLUlOVEVSTkFDSU9OQUwtQUNUSVZJREFELUZJU0lDQS0yMDI1LUluc3RpdHV0by1BbGVtYW4tUHVlcnRvLU1vbnR0XzAwMTBfQnJpbGxvX2NvbnRyYXN0ZS05LmpwZyIsInNsaWRlc2hvdyI6ImQ1OWEyYWYifQ%3D%3D\" href='https:\/\/ialeman.cl\/wp-content\/uploads\/2025\/04\/DIA-INTERNACIONAL-ACTIVIDAD-FISICA-2025-Instituto-Aleman-Puerto-Montt_0010_Brillo_contraste-9.jpg'><img loading=\"lazy\" decoding=\"async\" width=\"1200\" height=\"801\" src=\"https:\/\/ialeman.cl\/wp-content\/uploads\/2025\/04\/DIA-INTERNACIONAL-ACTIVIDAD-FISICA-2025-Instituto-Aleman-Puerto-Montt_0010_Brillo_contraste-9.jpg\" class=\"attachment-full size-full\" alt=\"\" srcset=\"https:\/\/ialeman.cl\/wp-content\/uploads\/2025\/04\/DIA-INTERNACIONAL-ACTIVIDAD-FISICA-2025-Instituto-Aleman-Puerto-Montt_0010_Brillo_contraste-9.jpg 1200w, https:\/\/ialeman.cl\/wp-content\/uploads\/2025\/04\/DIA-INTERNACIONAL-ACTIVIDAD-FISICA-2025-Instituto-Aleman-Puerto-Montt_0010_Brillo_contraste-9-300x200.jpg 300w, https:\/\/ialeman.cl\/wp-content\/uploads\/2025\/04\/DIA-INTERNACIONAL-ACTIVIDAD-FISICA-2025-Instituto-Aleman-Puerto-Montt_0010_Brillo_contraste-9-1024x684.jpg 1024w, https:\/\/ialeman.cl\/wp-content\/uploads\/2025\/04\/DIA-INTERNACIONAL-ACTIVIDAD-FISICA-2025-Instituto-Aleman-Puerto-Montt_0010_Brillo_contraste-9-768x513.jpg 768w\" sizes=\"(max-width: 1200px) 100vw, 1200px\" \/><\/a>\n\t\t\t<\/div><\/figure><figure class='gallery-item'>\n\t\t\t<div class='gallery-icon landscape'>\n\t\t\t\t<a data-elementor-open-lightbox=\"yes\" data-elementor-lightbox-slideshow=\"d59a2af\" data-elementor-lightbox-title=\"D\u00cdA INTERNACIONAL ACTIVIDAD F\u00cdSICA 2025 Instituto Alem\u00e1n Puerto Montt_0003_DSC_3265\" data-e-action-hash=\"#elementor-action%3Aaction%3Dlightbox%26settings%3DeyJpZCI6NDM4MzEsInVybCI6Imh0dHBzOlwvXC9pYWxlbWFuLmNsXC93cC1jb250ZW50XC91cGxvYWRzXC8yMDI1XC8wNFwvRElBLUlOVEVSTkFDSU9OQUwtQUNUSVZJREFELUZJU0lDQS0yMDI1LUluc3RpdHV0by1BbGVtYW4tUHVlcnRvLU1vbnR0XzAwMDNfRFNDXzMyNjUuanBnIiwic2xpZGVzaG93IjoiZDU5YTJhZiJ9\" href='https:\/\/ialeman.cl\/wp-content\/uploads\/2025\/04\/DIA-INTERNACIONAL-ACTIVIDAD-FISICA-2025-Instituto-Aleman-Puerto-Montt_0003_DSC_3265.jpg'><img loading=\"lazy\" decoding=\"async\" width=\"1200\" height=\"801\" src=\"https:\/\/ialeman.cl\/wp-content\/uploads\/2025\/04\/DIA-INTERNACIONAL-ACTIVIDAD-FISICA-2025-Instituto-Aleman-Puerto-Montt_0003_DSC_3265.jpg\" class=\"attachment-full size-full\" alt=\"\" srcset=\"https:\/\/ialeman.cl\/wp-content\/uploads\/2025\/04\/DIA-INTERNACIONAL-ACTIVIDAD-FISICA-2025-Instituto-Aleman-Puerto-Montt_0003_DSC_3265.jpg 1200w, https:\/\/ialeman.cl\/wp-content\/uploads\/2025\/04\/DIA-INTERNACIONAL-ACTIVIDAD-FISICA-2025-Instituto-Aleman-Puerto-Montt_0003_DSC_3265-300x200.jpg 300w, https:\/\/ialeman.cl\/wp-content\/uploads\/2025\/04\/DIA-INTERNACIONAL-ACTIVIDAD-FISICA-2025-Instituto-Aleman-Puerto-Montt_0003_DSC_3265-1024x684.jpg 1024w, https:\/\/ialeman.cl\/wp-content\/uploads\/2025\/04\/DIA-INTERNACIONAL-ACTIVIDAD-FISICA-2025-Instituto-Aleman-Puerto-Montt_0003_DSC_3265-768x513.jpg 768w\" sizes=\"(max-width: 1200px) 100vw, 1200px\" \/><\/a>\n\t\t\t<\/div><\/figure><figure class='gallery-item'>\n\t\t\t<div class='gallery-icon landscape'>\n\t\t\t\t<a data-elementor-open-lightbox=\"yes\" data-elementor-lightbox-slideshow=\"d59a2af\" data-elementor-lightbox-title=\"D\u00cdA INTERNACIONAL ACTIVIDAD F\u00cdSICA 2025 Instituto Alem\u00e1n Puerto Montt_0004_Brillo_contraste 4\" data-e-action-hash=\"#elementor-action%3Aaction%3Dlightbox%26settings%3DeyJpZCI6NDM4MzIsInVybCI6Imh0dHBzOlwvXC9pYWxlbWFuLmNsXC93cC1jb250ZW50XC91cGxvYWRzXC8yMDI1XC8wNFwvRElBLUlOVEVSTkFDSU9OQUwtQUNUSVZJREFELUZJU0lDQS0yMDI1LUluc3RpdHV0by1BbGVtYW4tUHVlcnRvLU1vbnR0XzAwMDRfQnJpbGxvX2NvbnRyYXN0ZS00LmpwZyIsInNsaWRlc2hvdyI6ImQ1OWEyYWYifQ%3D%3D\" href='https:\/\/ialeman.cl\/wp-content\/uploads\/2025\/04\/DIA-INTERNACIONAL-ACTIVIDAD-FISICA-2025-Instituto-Aleman-Puerto-Montt_0004_Brillo_contraste-4.jpg'><img loading=\"lazy\" decoding=\"async\" width=\"1200\" height=\"801\" src=\"https:\/\/ialeman.cl\/wp-content\/uploads\/2025\/04\/DIA-INTERNACIONAL-ACTIVIDAD-FISICA-2025-Instituto-Aleman-Puerto-Montt_0004_Brillo_contraste-4.jpg\" class=\"attachment-full size-full\" alt=\"\" srcset=\"https:\/\/ialeman.cl\/wp-content\/uploads\/2025\/04\/DIA-INTERNACIONAL-ACTIVIDAD-FISICA-2025-Instituto-Aleman-Puerto-Montt_0004_Brillo_contraste-4.jpg 1200w, https:\/\/ialeman.cl\/wp-content\/uploads\/2025\/04\/DIA-INTERNACIONAL-ACTIVIDAD-FISICA-2025-Instituto-Aleman-Puerto-Montt_0004_Brillo_contraste-4-300x200.jpg 300w, https:\/\/ialeman.cl\/wp-content\/uploads\/2025\/04\/DIA-INTERNACIONAL-ACTIVIDAD-FISICA-2025-Instituto-Aleman-Puerto-Montt_0004_Brillo_contraste-4-1024x684.jpg 1024w, https:\/\/ialeman.cl\/wp-content\/uploads\/2025\/04\/DIA-INTERNACIONAL-ACTIVIDAD-FISICA-2025-Instituto-Aleman-Puerto-Montt_0004_Brillo_contraste-4-768x513.jpg 768w\" sizes=\"(max-width: 1200px) 100vw, 1200px\" \/><\/a>\n\t\t\t<\/div><\/figure><figure class='gallery-item'>\n\t\t\t<div class='gallery-icon landscape'>\n\t\t\t\t<a data-elementor-open-lightbox=\"yes\" data-elementor-lightbox-slideshow=\"d59a2af\" data-elementor-lightbox-title=\"D\u00cdA INTERNACIONAL ACTIVIDAD F\u00cdSICA 2025 Instituto Alem\u00e1n Puerto Montt_0005_DSC_3255\" data-e-action-hash=\"#elementor-action%3Aaction%3Dlightbox%26settings%3DeyJpZCI6NDM4MzMsInVybCI6Imh0dHBzOlwvXC9pYWxlbWFuLmNsXC93cC1jb250ZW50XC91cGxvYWRzXC8yMDI1XC8wNFwvRElBLUlOVEVSTkFDSU9OQUwtQUNUSVZJREFELUZJU0lDQS0yMDI1LUluc3RpdHV0by1BbGVtYW4tUHVlcnRvLU1vbnR0XzAwMDVfRFNDXzMyNTUuanBnIiwic2xpZGVzaG93IjoiZDU5YTJhZiJ9\" href='https:\/\/ialeman.cl\/wp-content\/uploads\/2025\/04\/DIA-INTERNACIONAL-ACTIVIDAD-FISICA-2025-Instituto-Aleman-Puerto-Montt_0005_DSC_3255.jpg'><img loading=\"lazy\" decoding=\"async\" width=\"1200\" height=\"801\" src=\"https:\/\/ialeman.cl\/wp-content\/uploads\/2025\/04\/DIA-INTERNACIONAL-ACTIVIDAD-FISICA-2025-Instituto-Aleman-Puerto-Montt_0005_DSC_3255.jpg\" class=\"attachment-full size-full\" alt=\"\" srcset=\"https:\/\/ialeman.cl\/wp-content\/uploads\/2025\/04\/DIA-INTERNACIONAL-ACTIVIDAD-FISICA-2025-Instituto-Aleman-Puerto-Montt_0005_DSC_3255.jpg 1200w, https:\/\/ialeman.cl\/wp-content\/uploads\/2025\/04\/DIA-INTERNACIONAL-ACTIVIDAD-FISICA-2025-Instituto-Aleman-Puerto-Montt_0005_DSC_3255-300x200.jpg 300w, https:\/\/ialeman.cl\/wp-content\/uploads\/2025\/04\/DIA-INTERNACIONAL-ACTIVIDAD-FISICA-2025-Instituto-Aleman-Puerto-Montt_0005_DSC_3255-1024x684.jpg 1024w, https:\/\/ialeman.cl\/wp-content\/uploads\/2025\/04\/DIA-INTERNACIONAL-ACTIVIDAD-FISICA-2025-Instituto-Aleman-Puerto-Montt_0005_DSC_3255-768x513.jpg 768w\" sizes=\"(max-width: 1200px) 100vw, 1200px\" \/><\/a>\n\t\t\t<\/div><\/figure><figure class='gallery-item'>\n\t\t\t<div class='gallery-icon landscape'>\n\t\t\t\t<a data-elementor-open-lightbox=\"yes\" data-elementor-lightbox-slideshow=\"d59a2af\" data-elementor-lightbox-title=\"D\u00cdA INTERNACIONAL ACTIVIDAD F\u00cdSICA 2025 Instituto Alem\u00e1n Puerto Montt_0007_Brillo_contraste 6\" data-e-action-hash=\"#elementor-action%3Aaction%3Dlightbox%26settings%3DeyJpZCI6NDM4MzUsInVybCI6Imh0dHBzOlwvXC9pYWxlbWFuLmNsXC93cC1jb250ZW50XC91cGxvYWRzXC8yMDI1XC8wNFwvRElBLUlOVEVSTkFDSU9OQUwtQUNUSVZJREFELUZJU0lDQS0yMDI1LUluc3RpdHV0by1BbGVtYW4tUHVlcnRvLU1vbnR0XzAwMDdfQnJpbGxvX2NvbnRyYXN0ZS02LmpwZyIsInNsaWRlc2hvdyI6ImQ1OWEyYWYifQ%3D%3D\" href='https:\/\/ialeman.cl\/wp-content\/uploads\/2025\/04\/DIA-INTERNACIONAL-ACTIVIDAD-FISICA-2025-Instituto-Aleman-Puerto-Montt_0007_Brillo_contraste-6.jpg'><img loading=\"lazy\" decoding=\"async\" width=\"1200\" height=\"801\" src=\"https:\/\/ialeman.cl\/wp-content\/uploads\/2025\/04\/DIA-INTERNACIONAL-ACTIVIDAD-FISICA-2025-Instituto-Aleman-Puerto-Montt_0007_Brillo_contraste-6.jpg\" class=\"attachment-full size-full\" alt=\"\" srcset=\"https:\/\/ialeman.cl\/wp-content\/uploads\/2025\/04\/DIA-INTERNACIONAL-ACTIVIDAD-FISICA-2025-Instituto-Aleman-Puerto-Montt_0007_Brillo_contraste-6.jpg 1200w, https:\/\/ialeman.cl\/wp-content\/uploads\/2025\/04\/DIA-INTERNACIONAL-ACTIVIDAD-FISICA-2025-Instituto-Aleman-Puerto-Montt_0007_Brillo_contraste-6-300x200.jpg 300w, https:\/\/ialeman.cl\/wp-content\/uploads\/2025\/04\/DIA-INTERNACIONAL-ACTIVIDAD-FISICA-2025-Instituto-Aleman-Puerto-Montt_0007_Brillo_contraste-6-1024x684.jpg 1024w, https:\/\/ialeman.cl\/wp-content\/uploads\/2025\/04\/DIA-INTERNACIONAL-ACTIVIDAD-FISICA-2025-Instituto-Aleman-Puerto-Montt_0007_Brillo_contraste-6-768x513.jpg 768w\" sizes=\"(max-width: 1200px) 100vw, 1200px\" \/><\/a>\n\t\t\t<\/div><\/figure><figure class='gallery-item'>\n\t\t\t<div class='gallery-icon landscape'>\n\t\t\t\t<a data-elementor-open-lightbox=\"yes\" data-elementor-lightbox-slideshow=\"d59a2af\" data-elementor-lightbox-title=\"D\u00cdA INTERNACIONAL ACTIVIDAD F\u00cdSICA 2025 Instituto Alem\u00e1n Puerto Montt_0008_Brillo_contraste 7\" data-e-action-hash=\"#elementor-action%3Aaction%3Dlightbox%26settings%3DeyJpZCI6NDM4MzYsInVybCI6Imh0dHBzOlwvXC9pYWxlbWFuLmNsXC93cC1jb250ZW50XC91cGxvYWRzXC8yMDI1XC8wNFwvRElBLUlOVEVSTkFDSU9OQUwtQUNUSVZJREFELUZJU0lDQS0yMDI1LUluc3RpdHV0by1BbGVtYW4tUHVlcnRvLU1vbnR0XzAwMDhfQnJpbGxvX2NvbnRyYXN0ZS03LmpwZyIsInNsaWRlc2hvdyI6ImQ1OWEyYWYifQ%3D%3D\" href='https:\/\/ialeman.cl\/wp-content\/uploads\/2025\/04\/DIA-INTERNACIONAL-ACTIVIDAD-FISICA-2025-Instituto-Aleman-Puerto-Montt_0008_Brillo_contraste-7.jpg'><img loading=\"lazy\" decoding=\"async\" width=\"1200\" height=\"801\" src=\"https:\/\/ialeman.cl\/wp-content\/uploads\/2025\/04\/DIA-INTERNACIONAL-ACTIVIDAD-FISICA-2025-Instituto-Aleman-Puerto-Montt_0008_Brillo_contraste-7.jpg\" class=\"attachment-full size-full\" alt=\"\" srcset=\"https:\/\/ialeman.cl\/wp-content\/uploads\/2025\/04\/DIA-INTERNACIONAL-ACTIVIDAD-FISICA-2025-Instituto-Aleman-Puerto-Montt_0008_Brillo_contraste-7.jpg 1200w, https:\/\/ialeman.cl\/wp-content\/uploads\/2025\/04\/DIA-INTERNACIONAL-ACTIVIDAD-FISICA-2025-Instituto-Aleman-Puerto-Montt_0008_Brillo_contraste-7-300x200.jpg 300w, https:\/\/ialeman.cl\/wp-content\/uploads\/2025\/04\/DIA-INTERNACIONAL-ACTIVIDAD-FISICA-2025-Instituto-Aleman-Puerto-Montt_0008_Brillo_contraste-7-1024x684.jpg 1024w, https:\/\/ialeman.cl\/wp-content\/uploads\/2025\/04\/DIA-INTERNACIONAL-ACTIVIDAD-FISICA-2025-Instituto-Aleman-Puerto-Montt_0008_Brillo_contraste-7-768x513.jpg 768w\" sizes=\"(max-width: 1200px) 100vw, 1200px\" \/><\/a>\n\t\t\t<\/div><\/figure><figure class='gallery-item'>\n\t\t\t<div class='gallery-icon landscape'>\n\t\t\t\t<a data-elementor-open-lightbox=\"yes\" data-elementor-lightbox-slideshow=\"d59a2af\" data-elementor-lightbox-title=\"D\u00cdA INTERNACIONAL ACTIVIDAD F\u00cdSICA 2025 Instituto Alem\u00e1n Puerto Montt_0009_Brillo_contraste 8\" data-e-action-hash=\"#elementor-action%3Aaction%3Dlightbox%26settings%3DeyJpZCI6NDM4MzcsInVybCI6Imh0dHBzOlwvXC9pYWxlbWFuLmNsXC93cC1jb250ZW50XC91cGxvYWRzXC8yMDI1XC8wNFwvRElBLUlOVEVSTkFDSU9OQUwtQUNUSVZJREFELUZJU0lDQS0yMDI1LUluc3RpdHV0by1BbGVtYW4tUHVlcnRvLU1vbnR0XzAwMDlfQnJpbGxvX2NvbnRyYXN0ZS04LmpwZyIsInNsaWRlc2hvdyI6ImQ1OWEyYWYifQ%3D%3D\" href='https:\/\/ialeman.cl\/wp-content\/uploads\/2025\/04\/DIA-INTERNACIONAL-ACTIVIDAD-FISICA-2025-Instituto-Aleman-Puerto-Montt_0009_Brillo_contraste-8.jpg'><img loading=\"lazy\" decoding=\"async\" width=\"1200\" height=\"801\" src=\"https:\/\/ialeman.cl\/wp-content\/uploads\/2025\/04\/DIA-INTERNACIONAL-ACTIVIDAD-FISICA-2025-Instituto-Aleman-Puerto-Montt_0009_Brillo_contraste-8.jpg\" class=\"attachment-full size-full\" alt=\"\" srcset=\"https:\/\/ialeman.cl\/wp-content\/uploads\/2025\/04\/DIA-INTERNACIONAL-ACTIVIDAD-FISICA-2025-Instituto-Aleman-Puerto-Montt_0009_Brillo_contraste-8.jpg 1200w, https:\/\/ialeman.cl\/wp-content\/uploads\/2025\/04\/DIA-INTERNACIONAL-ACTIVIDAD-FISICA-2025-Instituto-Aleman-Puerto-Montt_0009_Brillo_contraste-8-300x200.jpg 300w, https:\/\/ialeman.cl\/wp-content\/uploads\/2025\/04\/DIA-INTERNACIONAL-ACTIVIDAD-FISICA-2025-Instituto-Aleman-Puerto-Montt_0009_Brillo_contraste-8-1024x684.jpg 1024w, https:\/\/ialeman.cl\/wp-content\/uploads\/2025\/04\/DIA-INTERNACIONAL-ACTIVIDAD-FISICA-2025-Instituto-Aleman-Puerto-Montt_0009_Brillo_contraste-8-768x513.jpg 768w\" sizes=\"(max-width: 1200px) 100vw, 1200px\" \/><\/a>\n\t\t\t<\/div><\/figure><figure class='gallery-item'>\n\t\t\t<div class='gallery-icon landscape'>\n\t\t\t\t<a data-elementor-open-lightbox=\"yes\" data-elementor-lightbox-slideshow=\"d59a2af\" data-elementor-lightbox-title=\"D\u00cdA INTERNACIONAL ACTIVIDAD F\u00cdSICA 2025 Instituto Alem\u00e1n Puerto Montt_0011_Brillo_contraste 10\" data-e-action-hash=\"#elementor-action%3Aaction%3Dlightbox%26settings%3DeyJpZCI6NDM4MzksInVybCI6Imh0dHBzOlwvXC9pYWxlbWFuLmNsXC93cC1jb250ZW50XC91cGxvYWRzXC8yMDI1XC8wNFwvRElBLUlOVEVSTkFDSU9OQUwtQUNUSVZJREFELUZJU0lDQS0yMDI1LUluc3RpdHV0by1BbGVtYW4tUHVlcnRvLU1vbnR0XzAwMTFfQnJpbGxvX2NvbnRyYXN0ZS0xMC5qcGciLCJzbGlkZXNob3ciOiJkNTlhMmFmIn0%3D\" href='https:\/\/ialeman.cl\/wp-content\/uploads\/2025\/04\/DIA-INTERNACIONAL-ACTIVIDAD-FISICA-2025-Instituto-Aleman-Puerto-Montt_0011_Brillo_contraste-10.jpg'><img loading=\"lazy\" decoding=\"async\" width=\"1200\" height=\"801\" src=\"https:\/\/ialeman.cl\/wp-content\/uploads\/2025\/04\/DIA-INTERNACIONAL-ACTIVIDAD-FISICA-2025-Instituto-Aleman-Puerto-Montt_0011_Brillo_contraste-10.jpg\" class=\"attachment-full size-full\" alt=\"\" srcset=\"https:\/\/ialeman.cl\/wp-content\/uploads\/2025\/04\/DIA-INTERNACIONAL-ACTIVIDAD-FISICA-2025-Instituto-Aleman-Puerto-Montt_0011_Brillo_contraste-10.jpg 1200w, https:\/\/ialeman.cl\/wp-content\/uploads\/2025\/04\/DIA-INTERNACIONAL-ACTIVIDAD-FISICA-2025-Instituto-Aleman-Puerto-Montt_0011_Brillo_contraste-10-300x200.jpg 300w, https:\/\/ialeman.cl\/wp-content\/uploads\/2025\/04\/DIA-INTERNACIONAL-ACTIVIDAD-FISICA-2025-Instituto-Aleman-Puerto-Montt_0011_Brillo_contraste-10-1024x684.jpg 1024w, https:\/\/ialeman.cl\/wp-content\/uploads\/2025\/04\/DIA-INTERNACIONAL-ACTIVIDAD-FISICA-2025-Instituto-Aleman-Puerto-Montt_0011_Brillo_contraste-10-768x513.jpg 768w\" sizes=\"(max-width: 1200px) 100vw, 1200px\" \/><\/a>\n\t\t\t<\/div><\/figure><figure class='gallery-item'>\n\t\t\t<div class='gallery-icon landscape'>\n\t\t\t\t<a data-elementor-open-lightbox=\"yes\" data-elementor-lightbox-slideshow=\"d59a2af\" data-elementor-lightbox-title=\"D\u00cdA INTERNACIONAL ACTIVIDAD F\u00cdSICA 2025 Instituto Alem\u00e1n Puerto Montt_0031_DSC_3004\" data-e-action-hash=\"#elementor-action%3Aaction%3Dlightbox%26settings%3DeyJpZCI6NDM4NTksInVybCI6Imh0dHBzOlwvXC9pYWxlbWFuLmNsXC93cC1jb250ZW50XC91cGxvYWRzXC8yMDI1XC8wNFwvRElBLUlOVEVSTkFDSU9OQUwtQUNUSVZJREFELUZJU0lDQS0yMDI1LUluc3RpdHV0by1BbGVtYW4tUHVlcnRvLU1vbnR0XzAwMzFfRFNDXzMwMDQuanBnIiwic2xpZGVzaG93IjoiZDU5YTJhZiJ9\" href='https:\/\/ialeman.cl\/wp-content\/uploads\/2025\/04\/DIA-INTERNACIONAL-ACTIVIDAD-FISICA-2025-Instituto-Aleman-Puerto-Montt_0031_DSC_3004.jpg'><img loading=\"lazy\" decoding=\"async\" width=\"1200\" height=\"801\" src=\"https:\/\/ialeman.cl\/wp-content\/uploads\/2025\/04\/DIA-INTERNACIONAL-ACTIVIDAD-FISICA-2025-Instituto-Aleman-Puerto-Montt_0031_DSC_3004.jpg\" class=\"attachment-full size-full\" alt=\"\" srcset=\"https:\/\/ialeman.cl\/wp-content\/uploads\/2025\/04\/DIA-INTERNACIONAL-ACTIVIDAD-FISICA-2025-Instituto-Aleman-Puerto-Montt_0031_DSC_3004.jpg 1200w, https:\/\/ialeman.cl\/wp-content\/uploads\/2025\/04\/DIA-INTERNACIONAL-ACTIVIDAD-FISICA-2025-Instituto-Aleman-Puerto-Montt_0031_DSC_3004-300x200.jpg 300w, https:\/\/ialeman.cl\/wp-content\/uploads\/2025\/04\/DIA-INTERNACIONAL-ACTIVIDAD-FISICA-2025-Instituto-Aleman-Puerto-Montt_0031_DSC_3004-1024x684.jpg 1024w, https:\/\/ialeman.cl\/wp-content\/uploads\/2025\/04\/DIA-INTERNACIONAL-ACTIVIDAD-FISICA-2025-Instituto-Aleman-Puerto-Montt_0031_DSC_3004-768x513.jpg 768w\" sizes=\"(max-width: 1200px) 100vw, 1200px\" \/><\/a>\n\t\t\t<\/div><\/figure><figure class='gallery-item'>\n\t\t\t<div class='gallery-icon landscape'>\n\t\t\t\t<a data-elementor-open-lightbox=\"yes\" data-elementor-lightbox-slideshow=\"d59a2af\" data-elementor-lightbox-title=\"D\u00cdA INTERNACIONAL ACTIVIDAD F\u00cdSICA 2025 Instituto Alem\u00e1n Puerto Montt_0030_Niveles 18\" data-e-action-hash=\"#elementor-action%3Aaction%3Dlightbox%26settings%3DeyJpZCI6NDM4NTgsInVybCI6Imh0dHBzOlwvXC9pYWxlbWFuLmNsXC93cC1jb250ZW50XC91cGxvYWRzXC8yMDI1XC8wNFwvRElBLUlOVEVSTkFDSU9OQUwtQUNUSVZJREFELUZJU0lDQS0yMDI1LUluc3RpdHV0by1BbGVtYW4tUHVlcnRvLU1vbnR0XzAwMzBfTml2ZWxlcy0xOC5qcGciLCJzbGlkZXNob3ciOiJkNTlhMmFmIn0%3D\" href='https:\/\/ialeman.cl\/wp-content\/uploads\/2025\/04\/DIA-INTERNACIONAL-ACTIVIDAD-FISICA-2025-Instituto-Aleman-Puerto-Montt_0030_Niveles-18.jpg'><img loading=\"lazy\" decoding=\"async\" width=\"1200\" height=\"801\" src=\"https:\/\/ialeman.cl\/wp-content\/uploads\/2025\/04\/DIA-INTERNACIONAL-ACTIVIDAD-FISICA-2025-Instituto-Aleman-Puerto-Montt_0030_Niveles-18.jpg\" class=\"attachment-full size-full\" alt=\"\" srcset=\"https:\/\/ialeman.cl\/wp-content\/uploads\/2025\/04\/DIA-INTERNACIONAL-ACTIVIDAD-FISICA-2025-Instituto-Aleman-Puerto-Montt_0030_Niveles-18.jpg 1200w, https:\/\/ialeman.cl\/wp-content\/uploads\/2025\/04\/DIA-INTERNACIONAL-ACTIVIDAD-FISICA-2025-Instituto-Aleman-Puerto-Montt_0030_Niveles-18-300x200.jpg 300w, https:\/\/ialeman.cl\/wp-content\/uploads\/2025\/04\/DIA-INTERNACIONAL-ACTIVIDAD-FISICA-2025-Instituto-Aleman-Puerto-Montt_0030_Niveles-18-1024x684.jpg 1024w, https:\/\/ialeman.cl\/wp-content\/uploads\/2025\/04\/DIA-INTERNACIONAL-ACTIVIDAD-FISICA-2025-Instituto-Aleman-Puerto-Montt_0030_Niveles-18-768x513.jpg 768w\" sizes=\"(max-width: 1200px) 100vw, 1200px\" \/><\/a>\n\t\t\t<\/div><\/figure><figure class='gallery-item'>\n\t\t\t<div class='gallery-icon landscape'>\n\t\t\t\t<a data-elementor-open-lightbox=\"yes\" data-elementor-lightbox-slideshow=\"d59a2af\" data-elementor-lightbox-title=\"D\u00cdA INTERNACIONAL ACTIVIDAD F\u00cdSICA 2025 Instituto Alem\u00e1n Puerto Montt_0025_Niveles 14\" data-e-action-hash=\"#elementor-action%3Aaction%3Dlightbox%26settings%3DeyJpZCI6NDM4NTMsInVybCI6Imh0dHBzOlwvXC9pYWxlbWFuLmNsXC93cC1jb250ZW50XC91cGxvYWRzXC8yMDI1XC8wNFwvRElBLUlOVEVSTkFDSU9OQUwtQUNUSVZJREFELUZJU0lDQS0yMDI1LUluc3RpdHV0by1BbGVtYW4tUHVlcnRvLU1vbnR0XzAwMjVfTml2ZWxlcy0xNC5qcGciLCJzbGlkZXNob3ciOiJkNTlhMmFmIn0%3D\" href='https:\/\/ialeman.cl\/wp-content\/uploads\/2025\/04\/DIA-INTERNACIONAL-ACTIVIDAD-FISICA-2025-Instituto-Aleman-Puerto-Montt_0025_Niveles-14.jpg'><img loading=\"lazy\" decoding=\"async\" width=\"1200\" height=\"801\" src=\"https:\/\/ialeman.cl\/wp-content\/uploads\/2025\/04\/DIA-INTERNACIONAL-ACTIVIDAD-FISICA-2025-Instituto-Aleman-Puerto-Montt_0025_Niveles-14.jpg\" class=\"attachment-full size-full\" alt=\"\" srcset=\"https:\/\/ialeman.cl\/wp-content\/uploads\/2025\/04\/DIA-INTERNACIONAL-ACTIVIDAD-FISICA-2025-Instituto-Aleman-Puerto-Montt_0025_Niveles-14.jpg 1200w, https:\/\/ialeman.cl\/wp-content\/uploads\/2025\/04\/DIA-INTERNACIONAL-ACTIVIDAD-FISICA-2025-Instituto-Aleman-Puerto-Montt_0025_Niveles-14-300x200.jpg 300w, https:\/\/ialeman.cl\/wp-content\/uploads\/2025\/04\/DIA-INTERNACIONAL-ACTIVIDAD-FISICA-2025-Instituto-Aleman-Puerto-Montt_0025_Niveles-14-1024x684.jpg 1024w, https:\/\/ialeman.cl\/wp-content\/uploads\/2025\/04\/DIA-INTERNACIONAL-ACTIVIDAD-FISICA-2025-Instituto-Aleman-Puerto-Montt_0025_Niveles-14-768x513.jpg 768w\" sizes=\"(max-width: 1200px) 100vw, 1200px\" \/><\/a>\n\t\t\t<\/div><\/figure><figure class='gallery-item'>\n\t\t\t<div class='gallery-icon landscape'>\n\t\t\t\t<a data-elementor-open-lightbox=\"yes\" data-elementor-lightbox-slideshow=\"d59a2af\" data-elementor-lightbox-title=\"D\u00cdA INTERNACIONAL ACTIVIDAD F\u00cdSICA 2025 Instituto Alem\u00e1n Puerto Montt_0035_Niveles 22\" data-e-action-hash=\"#elementor-action%3Aaction%3Dlightbox%26settings%3DeyJpZCI6NDM4NjMsInVybCI6Imh0dHBzOlwvXC9pYWxlbWFuLmNsXC93cC1jb250ZW50XC91cGxvYWRzXC8yMDI1XC8wNFwvRElBLUlOVEVSTkFDSU9OQUwtQUNUSVZJREFELUZJU0lDQS0yMDI1LUluc3RpdHV0by1BbGVtYW4tUHVlcnRvLU1vbnR0XzAwMzVfTml2ZWxlcy0yMi5qcGciLCJzbGlkZXNob3ciOiJkNTlhMmFmIn0%3D\" href='https:\/\/ialeman.cl\/wp-content\/uploads\/2025\/04\/DIA-INTERNACIONAL-ACTIVIDAD-FISICA-2025-Instituto-Aleman-Puerto-Montt_0035_Niveles-22.jpg'><img loading=\"lazy\" decoding=\"async\" width=\"1200\" height=\"801\" src=\"https:\/\/ialeman.cl\/wp-content\/uploads\/2025\/04\/DIA-INTERNACIONAL-ACTIVIDAD-FISICA-2025-Instituto-Aleman-Puerto-Montt_0035_Niveles-22.jpg\" class=\"attachment-full size-full\" alt=\"\" srcset=\"https:\/\/ialeman.cl\/wp-content\/uploads\/2025\/04\/DIA-INTERNACIONAL-ACTIVIDAD-FISICA-2025-Instituto-Aleman-Puerto-Montt_0035_Niveles-22.jpg 1200w, https:\/\/ialeman.cl\/wp-content\/uploads\/2025\/04\/DIA-INTERNACIONAL-ACTIVIDAD-FISICA-2025-Instituto-Aleman-Puerto-Montt_0035_Niveles-22-300x200.jpg 300w, https:\/\/ialeman.cl\/wp-content\/uploads\/2025\/04\/DIA-INTERNACIONAL-ACTIVIDAD-FISICA-2025-Instituto-Aleman-Puerto-Montt_0035_Niveles-22-1024x684.jpg 1024w, https:\/\/ialeman.cl\/wp-content\/uploads\/2025\/04\/DIA-INTERNACIONAL-ACTIVIDAD-FISICA-2025-Instituto-Aleman-Puerto-Montt_0035_Niveles-22-768x513.jpg 768w\" sizes=\"(max-width: 1200px) 100vw, 1200px\" \/><\/a>\n\t\t\t<\/div><\/figure><figure class='gallery-item'>\n\t\t\t<div class='gallery-icon landscape'>\n\t\t\t\t<a data-elementor-open-lightbox=\"yes\" data-elementor-lightbox-slideshow=\"d59a2af\" data-elementor-lightbox-title=\"D\u00cdA INTERNACIONAL ACTIVIDAD F\u00cdSICA 2025 Instituto Alem\u00e1n Puerto Montt_0019_Niveles 7\" data-e-action-hash=\"#elementor-action%3Aaction%3Dlightbox%26settings%3DeyJpZCI6NDM4NDcsInVybCI6Imh0dHBzOlwvXC9pYWxlbWFuLmNsXC93cC1jb250ZW50XC91cGxvYWRzXC8yMDI1XC8wNFwvRElBLUlOVEVSTkFDSU9OQUwtQUNUSVZJREFELUZJU0lDQS0yMDI1LUluc3RpdHV0by1BbGVtYW4tUHVlcnRvLU1vbnR0XzAwMTlfTml2ZWxlcy03LmpwZyIsInNsaWRlc2hvdyI6ImQ1OWEyYWYifQ%3D%3D\" href='https:\/\/ialeman.cl\/wp-content\/uploads\/2025\/04\/DIA-INTERNACIONAL-ACTIVIDAD-FISICA-2025-Instituto-Aleman-Puerto-Montt_0019_Niveles-7.jpg'><img loading=\"lazy\" decoding=\"async\" width=\"1200\" height=\"801\" src=\"https:\/\/ialeman.cl\/wp-content\/uploads\/2025\/04\/DIA-INTERNACIONAL-ACTIVIDAD-FISICA-2025-Instituto-Aleman-Puerto-Montt_0019_Niveles-7.jpg\" class=\"attachment-full size-full\" alt=\"\" srcset=\"https:\/\/ialeman.cl\/wp-content\/uploads\/2025\/04\/DIA-INTERNACIONAL-ACTIVIDAD-FISICA-2025-Instituto-Aleman-Puerto-Montt_0019_Niveles-7.jpg 1200w, https:\/\/ialeman.cl\/wp-content\/uploads\/2025\/04\/DIA-INTERNACIONAL-ACTIVIDAD-FISICA-2025-Instituto-Aleman-Puerto-Montt_0019_Niveles-7-300x200.jpg 300w, https:\/\/ialeman.cl\/wp-content\/uploads\/2025\/04\/DIA-INTERNACIONAL-ACTIVIDAD-FISICA-2025-Instituto-Aleman-Puerto-Montt_0019_Niveles-7-1024x684.jpg 1024w, https:\/\/ialeman.cl\/wp-content\/uploads\/2025\/04\/DIA-INTERNACIONAL-ACTIVIDAD-FISICA-2025-Instituto-Aleman-Puerto-Montt_0019_Niveles-7-768x513.jpg 768w\" sizes=\"(max-width: 1200px) 100vw, 1200px\" \/><\/a>\n\t\t\t<\/div><\/figure><figure class='gallery-item'>\n\t\t\t<div class='gallery-icon landscape'>\n\t\t\t\t<a data-elementor-open-lightbox=\"yes\" data-elementor-lightbox-slideshow=\"d59a2af\" data-elementor-lightbox-title=\"D\u00cdA INTERNACIONAL ACTIVIDAD F\u00cdSICA 2025 Instituto Alem\u00e1n Puerto Montt_0012_DSC_3170\" data-e-action-hash=\"#elementor-action%3Aaction%3Dlightbox%26settings%3DeyJpZCI6NDM4NDAsInVybCI6Imh0dHBzOlwvXC9pYWxlbWFuLmNsXC93cC1jb250ZW50XC91cGxvYWRzXC8yMDI1XC8wNFwvRElBLUlOVEVSTkFDSU9OQUwtQUNUSVZJREFELUZJU0lDQS0yMDI1LUluc3RpdHV0by1BbGVtYW4tUHVlcnRvLU1vbnR0XzAwMTJfRFNDXzMxNzAuanBnIiwic2xpZGVzaG93IjoiZDU5YTJhZiJ9\" href='https:\/\/ialeman.cl\/wp-content\/uploads\/2025\/04\/DIA-INTERNACIONAL-ACTIVIDAD-FISICA-2025-Instituto-Aleman-Puerto-Montt_0012_DSC_3170.jpg'><img loading=\"lazy\" decoding=\"async\" width=\"1200\" height=\"801\" src=\"https:\/\/ialeman.cl\/wp-content\/uploads\/2025\/04\/DIA-INTERNACIONAL-ACTIVIDAD-FISICA-2025-Instituto-Aleman-Puerto-Montt_0012_DSC_3170.jpg\" class=\"attachment-full size-full\" alt=\"\" srcset=\"https:\/\/ialeman.cl\/wp-content\/uploads\/2025\/04\/DIA-INTERNACIONAL-ACTIVIDAD-FISICA-2025-Instituto-Aleman-Puerto-Montt_0012_DSC_3170.jpg 1200w, https:\/\/ialeman.cl\/wp-content\/uploads\/2025\/04\/DIA-INTERNACIONAL-ACTIVIDAD-FISICA-2025-Instituto-Aleman-Puerto-Montt_0012_DSC_3170-300x200.jpg 300w, https:\/\/ialeman.cl\/wp-content\/uploads\/2025\/04\/DIA-INTERNACIONAL-ACTIVIDAD-FISICA-2025-Instituto-Aleman-Puerto-Montt_0012_DSC_3170-1024x684.jpg 1024w, https:\/\/ialeman.cl\/wp-content\/uploads\/2025\/04\/DIA-INTERNACIONAL-ACTIVIDAD-FISICA-2025-Instituto-Aleman-Puerto-Montt_0012_DSC_3170-768x513.jpg 768w\" sizes=\"(max-width: 1200px) 100vw, 1200px\" \/><\/a>\n\t\t\t<\/div><\/figure><figure class='gallery-item'>\n\t\t\t<div class='gallery-icon landscape'>\n\t\t\t\t<a data-elementor-open-lightbox=\"yes\" data-elementor-lightbox-slideshow=\"d59a2af\" data-elementor-lightbox-title=\"D\u00cdA INTERNACIONAL ACTIVIDAD F\u00cdSICA 2025 Instituto Alem\u00e1n Puerto Montt_0013_Niveles 2\" data-e-action-hash=\"#elementor-action%3Aaction%3Dlightbox%26settings%3DeyJpZCI6NDM4NDEsInVybCI6Imh0dHBzOlwvXC9pYWxlbWFuLmNsXC93cC1jb250ZW50XC91cGxvYWRzXC8yMDI1XC8wNFwvRElBLUlOVEVSTkFDSU9OQUwtQUNUSVZJREFELUZJU0lDQS0yMDI1LUluc3RpdHV0by1BbGVtYW4tUHVlcnRvLU1vbnR0XzAwMTNfTml2ZWxlcy0yLmpwZyIsInNsaWRlc2hvdyI6ImQ1OWEyYWYifQ%3D%3D\" href='https:\/\/ialeman.cl\/wp-content\/uploads\/2025\/04\/DIA-INTERNACIONAL-ACTIVIDAD-FISICA-2025-Instituto-Aleman-Puerto-Montt_0013_Niveles-2.jpg'><img loading=\"lazy\" decoding=\"async\" width=\"1200\" height=\"801\" src=\"https:\/\/ialeman.cl\/wp-content\/uploads\/2025\/04\/DIA-INTERNACIONAL-ACTIVIDAD-FISICA-2025-Instituto-Aleman-Puerto-Montt_0013_Niveles-2.jpg\" class=\"attachment-full size-full\" alt=\"\" srcset=\"https:\/\/ialeman.cl\/wp-content\/uploads\/2025\/04\/DIA-INTERNACIONAL-ACTIVIDAD-FISICA-2025-Instituto-Aleman-Puerto-Montt_0013_Niveles-2.jpg 1200w, https:\/\/ialeman.cl\/wp-content\/uploads\/2025\/04\/DIA-INTERNACIONAL-ACTIVIDAD-FISICA-2025-Instituto-Aleman-Puerto-Montt_0013_Niveles-2-300x200.jpg 300w, https:\/\/ialeman.cl\/wp-content\/uploads\/2025\/04\/DIA-INTERNACIONAL-ACTIVIDAD-FISICA-2025-Instituto-Aleman-Puerto-Montt_0013_Niveles-2-1024x684.jpg 1024w, https:\/\/ialeman.cl\/wp-content\/uploads\/2025\/04\/DIA-INTERNACIONAL-ACTIVIDAD-FISICA-2025-Instituto-Aleman-Puerto-Montt_0013_Niveles-2-768x513.jpg 768w\" sizes=\"(max-width: 1200px) 100vw, 1200px\" \/><\/a>\n\t\t\t<\/div><\/figure><figure class='gallery-item'>\n\t\t\t<div class='gallery-icon landscape'>\n\t\t\t\t<a data-elementor-open-lightbox=\"yes\" data-elementor-lightbox-slideshow=\"d59a2af\" data-elementor-lightbox-title=\"D\u00cdA INTERNACIONAL ACTIVIDAD F\u00cdSICA 2025 Instituto Alem\u00e1n Puerto Montt_0018_Niveles 6\" data-e-action-hash=\"#elementor-action%3Aaction%3Dlightbox%26settings%3DeyJpZCI6NDM4NDYsInVybCI6Imh0dHBzOlwvXC9pYWxlbWFuLmNsXC93cC1jb250ZW50XC91cGxvYWRzXC8yMDI1XC8wNFwvRElBLUlOVEVSTkFDSU9OQUwtQUNUSVZJREFELUZJU0lDQS0yMDI1LUluc3RpdHV0by1BbGVtYW4tUHVlcnRvLU1vbnR0XzAwMThfTml2ZWxlcy02LmpwZyIsInNsaWRlc2hvdyI6ImQ1OWEyYWYifQ%3D%3D\" href='https:\/\/ialeman.cl\/wp-content\/uploads\/2025\/04\/DIA-INTERNACIONAL-ACTIVIDAD-FISICA-2025-Instituto-Aleman-Puerto-Montt_0018_Niveles-6.jpg'><img loading=\"lazy\" decoding=\"async\" width=\"1200\" height=\"801\" src=\"https:\/\/ialeman.cl\/wp-content\/uploads\/2025\/04\/DIA-INTERNACIONAL-ACTIVIDAD-FISICA-2025-Instituto-Aleman-Puerto-Montt_0018_Niveles-6.jpg\" class=\"attachment-full size-full\" alt=\"\" srcset=\"https:\/\/ialeman.cl\/wp-content\/uploads\/2025\/04\/DIA-INTERNACIONAL-ACTIVIDAD-FISICA-2025-Instituto-Aleman-Puerto-Montt_0018_Niveles-6.jpg 1200w, https:\/\/ialeman.cl\/wp-content\/uploads\/2025\/04\/DIA-INTERNACIONAL-ACTIVIDAD-FISICA-2025-Instituto-Aleman-Puerto-Montt_0018_Niveles-6-300x200.jpg 300w, https:\/\/ialeman.cl\/wp-content\/uploads\/2025\/04\/DIA-INTERNACIONAL-ACTIVIDAD-FISICA-2025-Instituto-Aleman-Puerto-Montt_0018_Niveles-6-1024x684.jpg 1024w, https:\/\/ialeman.cl\/wp-content\/uploads\/2025\/04\/DIA-INTERNACIONAL-ACTIVIDAD-FISICA-2025-Instituto-Aleman-Puerto-Montt_0018_Niveles-6-768x513.jpg 768w\" sizes=\"(max-width: 1200px) 100vw, 1200px\" \/><\/a>\n\t\t\t<\/div><\/figure><figure class='gallery-item'>\n\t\t\t<div class='gallery-icon landscape'>\n\t\t\t\t<a data-elementor-open-lightbox=\"yes\" data-elementor-lightbox-slideshow=\"d59a2af\" data-elementor-lightbox-title=\"D\u00cdA INTERNACIONAL ACTIVIDAD F\u00cdSICA 2025 Instituto Alem\u00e1n Puerto Montt_0015_Niveles 5\" data-e-action-hash=\"#elementor-action%3Aaction%3Dlightbox%26settings%3DeyJpZCI6NDM4NDMsInVybCI6Imh0dHBzOlwvXC9pYWxlbWFuLmNsXC93cC1jb250ZW50XC91cGxvYWRzXC8yMDI1XC8wNFwvRElBLUlOVEVSTkFDSU9OQUwtQUNUSVZJREFELUZJU0lDQS0yMDI1LUluc3RpdHV0by1BbGVtYW4tUHVlcnRvLU1vbnR0XzAwMTVfTml2ZWxlcy01LmpwZyIsInNsaWRlc2hvdyI6ImQ1OWEyYWYifQ%3D%3D\" href='https:\/\/ialeman.cl\/wp-content\/uploads\/2025\/04\/DIA-INTERNACIONAL-ACTIVIDAD-FISICA-2025-Instituto-Aleman-Puerto-Montt_0015_Niveles-5.jpg'><img loading=\"lazy\" decoding=\"async\" width=\"1200\" height=\"801\" src=\"https:\/\/ialeman.cl\/wp-content\/uploads\/2025\/04\/DIA-INTERNACIONAL-ACTIVIDAD-FISICA-2025-Instituto-Aleman-Puerto-Montt_0015_Niveles-5.jpg\" class=\"attachment-full size-full\" alt=\"\" srcset=\"https:\/\/ialeman.cl\/wp-content\/uploads\/2025\/04\/DIA-INTERNACIONAL-ACTIVIDAD-FISICA-2025-Instituto-Aleman-Puerto-Montt_0015_Niveles-5.jpg 1200w, https:\/\/ialeman.cl\/wp-content\/uploads\/2025\/04\/DIA-INTERNACIONAL-ACTIVIDAD-FISICA-2025-Instituto-Aleman-Puerto-Montt_0015_Niveles-5-300x200.jpg 300w, https:\/\/ialeman.cl\/wp-content\/uploads\/2025\/04\/DIA-INTERNACIONAL-ACTIVIDAD-FISICA-2025-Instituto-Aleman-Puerto-Montt_0015_Niveles-5-1024x684.jpg 1024w, https:\/\/ialeman.cl\/wp-content\/uploads\/2025\/04\/DIA-INTERNACIONAL-ACTIVIDAD-FISICA-2025-Instituto-Aleman-Puerto-Montt_0015_Niveles-5-768x513.jpg 768w\" sizes=\"(max-width: 1200px) 100vw, 1200px\" \/><\/a>\n\t\t\t<\/div><\/figure><figure class='gallery-item'>\n\t\t\t<div class='gallery-icon landscape'>\n\t\t\t\t<a data-elementor-open-lightbox=\"yes\" data-elementor-lightbox-slideshow=\"d59a2af\" data-elementor-lightbox-title=\"D\u00cdA INTERNACIONAL ACTIVIDAD F\u00cdSICA 2025 Instituto Alem\u00e1n Puerto Montt_0014_Niveles 4\" data-e-action-hash=\"#elementor-action%3Aaction%3Dlightbox%26settings%3DeyJpZCI6NDM4NDIsInVybCI6Imh0dHBzOlwvXC9pYWxlbWFuLmNsXC93cC1jb250ZW50XC91cGxvYWRzXC8yMDI1XC8wNFwvRElBLUlOVEVSTkFDSU9OQUwtQUNUSVZJREFELUZJU0lDQS0yMDI1LUluc3RpdHV0by1BbGVtYW4tUHVlcnRvLU1vbnR0XzAwMTRfTml2ZWxlcy00LmpwZyIsInNsaWRlc2hvdyI6ImQ1OWEyYWYifQ%3D%3D\" href='https:\/\/ialeman.cl\/wp-content\/uploads\/2025\/04\/DIA-INTERNACIONAL-ACTIVIDAD-FISICA-2025-Instituto-Aleman-Puerto-Montt_0014_Niveles-4.jpg'><img loading=\"lazy\" decoding=\"async\" width=\"1200\" height=\"801\" src=\"https:\/\/ialeman.cl\/wp-content\/uploads\/2025\/04\/DIA-INTERNACIONAL-ACTIVIDAD-FISICA-2025-Instituto-Aleman-Puerto-Montt_0014_Niveles-4.jpg\" class=\"attachment-full size-full\" alt=\"\" srcset=\"https:\/\/ialeman.cl\/wp-content\/uploads\/2025\/04\/DIA-INTERNACIONAL-ACTIVIDAD-FISICA-2025-Instituto-Aleman-Puerto-Montt_0014_Niveles-4.jpg 1200w, https:\/\/ialeman.cl\/wp-content\/uploads\/2025\/04\/DIA-INTERNACIONAL-ACTIVIDAD-FISICA-2025-Instituto-Aleman-Puerto-Montt_0014_Niveles-4-300x200.jpg 300w, https:\/\/ialeman.cl\/wp-content\/uploads\/2025\/04\/DIA-INTERNACIONAL-ACTIVIDAD-FISICA-2025-Instituto-Aleman-Puerto-Montt_0014_Niveles-4-1024x684.jpg 1024w, https:\/\/ialeman.cl\/wp-content\/uploads\/2025\/04\/DIA-INTERNACIONAL-ACTIVIDAD-FISICA-2025-Instituto-Aleman-Puerto-Montt_0014_Niveles-4-768x513.jpg 768w\" sizes=\"(max-width: 1200px) 100vw, 1200px\" \/><\/a>\n\t\t\t<\/div><\/figure><figure class='gallery-item'>\n\t\t\t<div class='gallery-icon landscape'>\n\t\t\t\t<a data-elementor-open-lightbox=\"yes\" data-elementor-lightbox-slideshow=\"d59a2af\" data-elementor-lightbox-title=\"D\u00cdA INTERNACIONAL ACTIVIDAD F\u00cdSICA 2025 Instituto Alem\u00e1n Puerto Montt_0016_Niveles 3\" data-e-action-hash=\"#elementor-action%3Aaction%3Dlightbox%26settings%3DeyJpZCI6NDM4NDQsInVybCI6Imh0dHBzOlwvXC9pYWxlbWFuLmNsXC93cC1jb250ZW50XC91cGxvYWRzXC8yMDI1XC8wNFwvRElBLUlOVEVSTkFDSU9OQUwtQUNUSVZJREFELUZJU0lDQS0yMDI1LUluc3RpdHV0by1BbGVtYW4tUHVlcnRvLU1vbnR0XzAwMTZfTml2ZWxlcy0zLmpwZyIsInNsaWRlc2hvdyI6ImQ1OWEyYWYifQ%3D%3D\" href='https:\/\/ialeman.cl\/wp-content\/uploads\/2025\/04\/DIA-INTERNACIONAL-ACTIVIDAD-FISICA-2025-Instituto-Aleman-Puerto-Montt_0016_Niveles-3.jpg'><img loading=\"lazy\" decoding=\"async\" width=\"1200\" height=\"801\" src=\"https:\/\/ialeman.cl\/wp-content\/uploads\/2025\/04\/DIA-INTERNACIONAL-ACTIVIDAD-FISICA-2025-Instituto-Aleman-Puerto-Montt_0016_Niveles-3.jpg\" class=\"attachment-full size-full\" alt=\"\" srcset=\"https:\/\/ialeman.cl\/wp-content\/uploads\/2025\/04\/DIA-INTERNACIONAL-ACTIVIDAD-FISICA-2025-Instituto-Aleman-Puerto-Montt_0016_Niveles-3.jpg 1200w, https:\/\/ialeman.cl\/wp-content\/uploads\/2025\/04\/DIA-INTERNACIONAL-ACTIVIDAD-FISICA-2025-Instituto-Aleman-Puerto-Montt_0016_Niveles-3-300x200.jpg 300w, https:\/\/ialeman.cl\/wp-content\/uploads\/2025\/04\/DIA-INTERNACIONAL-ACTIVIDAD-FISICA-2025-Instituto-Aleman-Puerto-Montt_0016_Niveles-3-1024x684.jpg 1024w, https:\/\/ialeman.cl\/wp-content\/uploads\/2025\/04\/DIA-INTERNACIONAL-ACTIVIDAD-FISICA-2025-Instituto-Aleman-Puerto-Montt_0016_Niveles-3-768x513.jpg 768w\" sizes=\"(max-width: 1200px) 100vw, 1200px\" \/><\/a>\n\t\t\t<\/div><\/figure><figure class='gallery-item'>\n\t\t\t<div class='gallery-icon landscape'>\n\t\t\t\t<a data-elementor-open-lightbox=\"yes\" data-elementor-lightbox-slideshow=\"d59a2af\" data-elementor-lightbox-title=\"D\u00cdA INTERNACIONAL ACTIVIDAD F\u00cdSICA 2025 Instituto Alem\u00e1n Puerto Montt_0017_Niveles 8\" data-e-action-hash=\"#elementor-action%3Aaction%3Dlightbox%26settings%3DeyJpZCI6NDM4NDUsInVybCI6Imh0dHBzOlwvXC9pYWxlbWFuLmNsXC93cC1jb250ZW50XC91cGxvYWRzXC8yMDI1XC8wNFwvRElBLUlOVEVSTkFDSU9OQUwtQUNUSVZJREFELUZJU0lDQS0yMDI1LUluc3RpdHV0by1BbGVtYW4tUHVlcnRvLU1vbnR0XzAwMTdfTml2ZWxlcy04LmpwZyIsInNsaWRlc2hvdyI6ImQ1OWEyYWYifQ%3D%3D\" href='https:\/\/ialeman.cl\/wp-content\/uploads\/2025\/04\/DIA-INTERNACIONAL-ACTIVIDAD-FISICA-2025-Instituto-Aleman-Puerto-Montt_0017_Niveles-8.jpg'><img loading=\"lazy\" decoding=\"async\" width=\"1200\" height=\"801\" src=\"https:\/\/ialeman.cl\/wp-content\/uploads\/2025\/04\/DIA-INTERNACIONAL-ACTIVIDAD-FISICA-2025-Instituto-Aleman-Puerto-Montt_0017_Niveles-8.jpg\" class=\"attachment-full size-full\" alt=\"\" srcset=\"https:\/\/ialeman.cl\/wp-content\/uploads\/2025\/04\/DIA-INTERNACIONAL-ACTIVIDAD-FISICA-2025-Instituto-Aleman-Puerto-Montt_0017_Niveles-8.jpg 1200w, https:\/\/ialeman.cl\/wp-content\/uploads\/2025\/04\/DIA-INTERNACIONAL-ACTIVIDAD-FISICA-2025-Instituto-Aleman-Puerto-Montt_0017_Niveles-8-300x200.jpg 300w, https:\/\/ialeman.cl\/wp-content\/uploads\/2025\/04\/DIA-INTERNACIONAL-ACTIVIDAD-FISICA-2025-Instituto-Aleman-Puerto-Montt_0017_Niveles-8-1024x684.jpg 1024w, https:\/\/ialeman.cl\/wp-content\/uploads\/2025\/04\/DIA-INTERNACIONAL-ACTIVIDAD-FISICA-2025-Instituto-Aleman-Puerto-Montt_0017_Niveles-8-768x513.jpg 768w\" sizes=\"(max-width: 1200px) 100vw, 1200px\" \/><\/a>\n\t\t\t<\/div><\/figure><figure class='gallery-item'>\n\t\t\t<div class='gallery-icon landscape'>\n\t\t\t\t<a data-elementor-open-lightbox=\"yes\" data-elementor-lightbox-slideshow=\"d59a2af\" data-elementor-lightbox-title=\"D\u00cdA INTERNACIONAL ACTIVIDAD F\u00cdSICA 2025 Instituto Alem\u00e1n Puerto Montt_0020_Niveles 9\" data-e-action-hash=\"#elementor-action%3Aaction%3Dlightbox%26settings%3DeyJpZCI6NDM4NDgsInVybCI6Imh0dHBzOlwvXC9pYWxlbWFuLmNsXC93cC1jb250ZW50XC91cGxvYWRzXC8yMDI1XC8wNFwvRElBLUlOVEVSTkFDSU9OQUwtQUNUSVZJREFELUZJU0lDQS0yMDI1LUluc3RpdHV0by1BbGVtYW4tUHVlcnRvLU1vbnR0XzAwMjBfTml2ZWxlcy05LmpwZyIsInNsaWRlc2hvdyI6ImQ1OWEyYWYifQ%3D%3D\" href='https:\/\/ialeman.cl\/wp-content\/uploads\/2025\/04\/DIA-INTERNACIONAL-ACTIVIDAD-FISICA-2025-Instituto-Aleman-Puerto-Montt_0020_Niveles-9.jpg'><img loading=\"lazy\" decoding=\"async\" width=\"1200\" height=\"801\" src=\"https:\/\/ialeman.cl\/wp-content\/uploads\/2025\/04\/DIA-INTERNACIONAL-ACTIVIDAD-FISICA-2025-Instituto-Aleman-Puerto-Montt_0020_Niveles-9.jpg\" class=\"attachment-full size-full\" alt=\"\" srcset=\"https:\/\/ialeman.cl\/wp-content\/uploads\/2025\/04\/DIA-INTERNACIONAL-ACTIVIDAD-FISICA-2025-Instituto-Aleman-Puerto-Montt_0020_Niveles-9.jpg 1200w, https:\/\/ialeman.cl\/wp-content\/uploads\/2025\/04\/DIA-INTERNACIONAL-ACTIVIDAD-FISICA-2025-Instituto-Aleman-Puerto-Montt_0020_Niveles-9-300x200.jpg 300w, https:\/\/ialeman.cl\/wp-content\/uploads\/2025\/04\/DIA-INTERNACIONAL-ACTIVIDAD-FISICA-2025-Instituto-Aleman-Puerto-Montt_0020_Niveles-9-1024x684.jpg 1024w, https:\/\/ialeman.cl\/wp-content\/uploads\/2025\/04\/DIA-INTERNACIONAL-ACTIVIDAD-FISICA-2025-Instituto-Aleman-Puerto-Montt_0020_Niveles-9-768x513.jpg 768w\" sizes=\"(max-width: 1200px) 100vw, 1200px\" \/><\/a>\n\t\t\t<\/div><\/figure><figure class='gallery-item'>\n\t\t\t<div class='gallery-icon landscape'>\n\t\t\t\t<a data-elementor-open-lightbox=\"yes\" data-elementor-lightbox-slideshow=\"d59a2af\" data-elementor-lightbox-title=\"D\u00cdA INTERNACIONAL ACTIVIDAD F\u00cdSICA 2025 Instituto Alem\u00e1n Puerto Montt_0021_Niveles 10\" data-e-action-hash=\"#elementor-action%3Aaction%3Dlightbox%26settings%3DeyJpZCI6NDM4NDksInVybCI6Imh0dHBzOlwvXC9pYWxlbWFuLmNsXC93cC1jb250ZW50XC91cGxvYWRzXC8yMDI1XC8wNFwvRElBLUlOVEVSTkFDSU9OQUwtQUNUSVZJREFELUZJU0lDQS0yMDI1LUluc3RpdHV0by1BbGVtYW4tUHVlcnRvLU1vbnR0XzAwMjFfTml2ZWxlcy0xMC5qcGciLCJzbGlkZXNob3ciOiJkNTlhMmFmIn0%3D\" href='https:\/\/ialeman.cl\/wp-content\/uploads\/2025\/04\/DIA-INTERNACIONAL-ACTIVIDAD-FISICA-2025-Instituto-Aleman-Puerto-Montt_0021_Niveles-10.jpg'><img loading=\"lazy\" decoding=\"async\" width=\"1200\" height=\"801\" src=\"https:\/\/ialeman.cl\/wp-content\/uploads\/2025\/04\/DIA-INTERNACIONAL-ACTIVIDAD-FISICA-2025-Instituto-Aleman-Puerto-Montt_0021_Niveles-10.jpg\" class=\"attachment-full size-full\" alt=\"\" srcset=\"https:\/\/ialeman.cl\/wp-content\/uploads\/2025\/04\/DIA-INTERNACIONAL-ACTIVIDAD-FISICA-2025-Instituto-Aleman-Puerto-Montt_0021_Niveles-10.jpg 1200w, https:\/\/ialeman.cl\/wp-content\/uploads\/2025\/04\/DIA-INTERNACIONAL-ACTIVIDAD-FISICA-2025-Instituto-Aleman-Puerto-Montt_0021_Niveles-10-300x200.jpg 300w, https:\/\/ialeman.cl\/wp-content\/uploads\/2025\/04\/DIA-INTERNACIONAL-ACTIVIDAD-FISICA-2025-Instituto-Aleman-Puerto-Montt_0021_Niveles-10-1024x684.jpg 1024w, https:\/\/ialeman.cl\/wp-content\/uploads\/2025\/04\/DIA-INTERNACIONAL-ACTIVIDAD-FISICA-2025-Instituto-Aleman-Puerto-Montt_0021_Niveles-10-768x513.jpg 768w\" sizes=\"(max-width: 1200px) 100vw, 1200px\" \/><\/a>\n\t\t\t<\/div><\/figure><figure class='gallery-item'>\n\t\t\t<div class='gallery-icon landscape'>\n\t\t\t\t<a data-elementor-open-lightbox=\"yes\" data-elementor-lightbox-slideshow=\"d59a2af\" data-elementor-lightbox-title=\"D\u00cdA INTERNACIONAL ACTIVIDAD F\u00cdSICA 2025 Instituto Alem\u00e1n Puerto Montt_0022_Niveles 11\" data-e-action-hash=\"#elementor-action%3Aaction%3Dlightbox%26settings%3DeyJpZCI6NDM4NTAsInVybCI6Imh0dHBzOlwvXC9pYWxlbWFuLmNsXC93cC1jb250ZW50XC91cGxvYWRzXC8yMDI1XC8wNFwvRElBLUlOVEVSTkFDSU9OQUwtQUNUSVZJREFELUZJU0lDQS0yMDI1LUluc3RpdHV0by1BbGVtYW4tUHVlcnRvLU1vbnR0XzAwMjJfTml2ZWxlcy0xMS5qcGciLCJzbGlkZXNob3ciOiJkNTlhMmFmIn0%3D\" href='https:\/\/ialeman.cl\/wp-content\/uploads\/2025\/04\/DIA-INTERNACIONAL-ACTIVIDAD-FISICA-2025-Instituto-Aleman-Puerto-Montt_0022_Niveles-11.jpg'><img loading=\"lazy\" decoding=\"async\" width=\"1200\" height=\"801\" src=\"https:\/\/ialeman.cl\/wp-content\/uploads\/2025\/04\/DIA-INTERNACIONAL-ACTIVIDAD-FISICA-2025-Instituto-Aleman-Puerto-Montt_0022_Niveles-11.jpg\" class=\"attachment-full size-full\" alt=\"\" srcset=\"https:\/\/ialeman.cl\/wp-content\/uploads\/2025\/04\/DIA-INTERNACIONAL-ACTIVIDAD-FISICA-2025-Instituto-Aleman-Puerto-Montt_0022_Niveles-11.jpg 1200w, https:\/\/ialeman.cl\/wp-content\/uploads\/2025\/04\/DIA-INTERNACIONAL-ACTIVIDAD-FISICA-2025-Instituto-Aleman-Puerto-Montt_0022_Niveles-11-300x200.jpg 300w, https:\/\/ialeman.cl\/wp-content\/uploads\/2025\/04\/DIA-INTERNACIONAL-ACTIVIDAD-FISICA-2025-Instituto-Aleman-Puerto-Montt_0022_Niveles-11-1024x684.jpg 1024w, https:\/\/ialeman.cl\/wp-content\/uploads\/2025\/04\/DIA-INTERNACIONAL-ACTIVIDAD-FISICA-2025-Instituto-Aleman-Puerto-Montt_0022_Niveles-11-768x513.jpg 768w\" sizes=\"(max-width: 1200px) 100vw, 1200px\" \/><\/a>\n\t\t\t<\/div><\/figure><figure class='gallery-item'>\n\t\t\t<div class='gallery-icon landscape'>\n\t\t\t\t<a data-elementor-open-lightbox=\"yes\" data-elementor-lightbox-slideshow=\"d59a2af\" data-elementor-lightbox-title=\"D\u00cdA INTERNACIONAL ACTIVIDAD F\u00cdSICA 2025 Instituto Alem\u00e1n Puerto Montt_0023_Niveles 12\" data-e-action-hash=\"#elementor-action%3Aaction%3Dlightbox%26settings%3DeyJpZCI6NDM4NTEsInVybCI6Imh0dHBzOlwvXC9pYWxlbWFuLmNsXC93cC1jb250ZW50XC91cGxvYWRzXC8yMDI1XC8wNFwvRElBLUlOVEVSTkFDSU9OQUwtQUNUSVZJREFELUZJU0lDQS0yMDI1LUluc3RpdHV0by1BbGVtYW4tUHVlcnRvLU1vbnR0XzAwMjNfTml2ZWxlcy0xMi5qcGciLCJzbGlkZXNob3ciOiJkNTlhMmFmIn0%3D\" href='https:\/\/ialeman.cl\/wp-content\/uploads\/2025\/04\/DIA-INTERNACIONAL-ACTIVIDAD-FISICA-2025-Instituto-Aleman-Puerto-Montt_0023_Niveles-12.jpg'><img loading=\"lazy\" decoding=\"async\" width=\"1200\" height=\"801\" src=\"https:\/\/ialeman.cl\/wp-content\/uploads\/2025\/04\/DIA-INTERNACIONAL-ACTIVIDAD-FISICA-2025-Instituto-Aleman-Puerto-Montt_0023_Niveles-12.jpg\" class=\"attachment-full size-full\" alt=\"\" srcset=\"https:\/\/ialeman.cl\/wp-content\/uploads\/2025\/04\/DIA-INTERNACIONAL-ACTIVIDAD-FISICA-2025-Instituto-Aleman-Puerto-Montt_0023_Niveles-12.jpg 1200w, https:\/\/ialeman.cl\/wp-content\/uploads\/2025\/04\/DIA-INTERNACIONAL-ACTIVIDAD-FISICA-2025-Instituto-Aleman-Puerto-Montt_0023_Niveles-12-300x200.jpg 300w, https:\/\/ialeman.cl\/wp-content\/uploads\/2025\/04\/DIA-INTERNACIONAL-ACTIVIDAD-FISICA-2025-Instituto-Aleman-Puerto-Montt_0023_Niveles-12-1024x684.jpg 1024w, https:\/\/ialeman.cl\/wp-content\/uploads\/2025\/04\/DIA-INTERNACIONAL-ACTIVIDAD-FISICA-2025-Instituto-Aleman-Puerto-Montt_0023_Niveles-12-768x513.jpg 768w\" sizes=\"(max-width: 1200px) 100vw, 1200px\" \/><\/a>\n\t\t\t<\/div><\/figure><figure class='gallery-item'>\n\t\t\t<div class='gallery-icon landscape'>\n\t\t\t\t<a data-elementor-open-lightbox=\"yes\" data-elementor-lightbox-slideshow=\"d59a2af\" data-elementor-lightbox-title=\"D\u00cdA INTERNACIONAL ACTIVIDAD F\u00cdSICA 2025 Instituto Alem\u00e1n Puerto Montt_0024_Niveles 13\" data-e-action-hash=\"#elementor-action%3Aaction%3Dlightbox%26settings%3DeyJpZCI6NDM4NTIsInVybCI6Imh0dHBzOlwvXC9pYWxlbWFuLmNsXC93cC1jb250ZW50XC91cGxvYWRzXC8yMDI1XC8wNFwvRElBLUlOVEVSTkFDSU9OQUwtQUNUSVZJREFELUZJU0lDQS0yMDI1LUluc3RpdHV0by1BbGVtYW4tUHVlcnRvLU1vbnR0XzAwMjRfTml2ZWxlcy0xMy5qcGciLCJzbGlkZXNob3ciOiJkNTlhMmFmIn0%3D\" href='https:\/\/ialeman.cl\/wp-content\/uploads\/2025\/04\/DIA-INTERNACIONAL-ACTIVIDAD-FISICA-2025-Instituto-Aleman-Puerto-Montt_0024_Niveles-13.jpg'><img loading=\"lazy\" decoding=\"async\" width=\"1200\" height=\"801\" src=\"https:\/\/ialeman.cl\/wp-content\/uploads\/2025\/04\/DIA-INTERNACIONAL-ACTIVIDAD-FISICA-2025-Instituto-Aleman-Puerto-Montt_0024_Niveles-13.jpg\" class=\"attachment-full size-full\" alt=\"\" srcset=\"https:\/\/ialeman.cl\/wp-content\/uploads\/2025\/04\/DIA-INTERNACIONAL-ACTIVIDAD-FISICA-2025-Instituto-Aleman-Puerto-Montt_0024_Niveles-13.jpg 1200w, https:\/\/ialeman.cl\/wp-content\/uploads\/2025\/04\/DIA-INTERNACIONAL-ACTIVIDAD-FISICA-2025-Instituto-Aleman-Puerto-Montt_0024_Niveles-13-300x200.jpg 300w, https:\/\/ialeman.cl\/wp-content\/uploads\/2025\/04\/DIA-INTERNACIONAL-ACTIVIDAD-FISICA-2025-Instituto-Aleman-Puerto-Montt_0024_Niveles-13-1024x684.jpg 1024w, https:\/\/ialeman.cl\/wp-content\/uploads\/2025\/04\/DIA-INTERNACIONAL-ACTIVIDAD-FISICA-2025-Instituto-Aleman-Puerto-Montt_0024_Niveles-13-768x513.jpg 768w\" sizes=\"(max-width: 1200px) 100vw, 1200px\" \/><\/a>\n\t\t\t<\/div><\/figure><figure class='gallery-item'>\n\t\t\t<div class='gallery-icon landscape'>\n\t\t\t\t<a data-elementor-open-lightbox=\"yes\" data-elementor-lightbox-slideshow=\"d59a2af\" data-elementor-lightbox-title=\"D\u00cdA INTERNACIONAL ACTIVIDAD F\u00cdSICA 2025 Instituto Alem\u00e1n Puerto Montt_0026_DSC_3028\" data-e-action-hash=\"#elementor-action%3Aaction%3Dlightbox%26settings%3DeyJpZCI6NDM4NTQsInVybCI6Imh0dHBzOlwvXC9pYWxlbWFuLmNsXC93cC1jb250ZW50XC91cGxvYWRzXC8yMDI1XC8wNFwvRElBLUlOVEVSTkFDSU9OQUwtQUNUSVZJREFELUZJU0lDQS0yMDI1LUluc3RpdHV0by1BbGVtYW4tUHVlcnRvLU1vbnR0XzAwMjZfRFNDXzMwMjguanBnIiwic2xpZGVzaG93IjoiZDU5YTJhZiJ9\" href='https:\/\/ialeman.cl\/wp-content\/uploads\/2025\/04\/DIA-INTERNACIONAL-ACTIVIDAD-FISICA-2025-Instituto-Aleman-Puerto-Montt_0026_DSC_3028.jpg'><img loading=\"lazy\" decoding=\"async\" width=\"1200\" height=\"801\" src=\"https:\/\/ialeman.cl\/wp-content\/uploads\/2025\/04\/DIA-INTERNACIONAL-ACTIVIDAD-FISICA-2025-Instituto-Aleman-Puerto-Montt_0026_DSC_3028.jpg\" class=\"attachment-full size-full\" alt=\"\" srcset=\"https:\/\/ialeman.cl\/wp-content\/uploads\/2025\/04\/DIA-INTERNACIONAL-ACTIVIDAD-FISICA-2025-Instituto-Aleman-Puerto-Montt_0026_DSC_3028.jpg 1200w, https:\/\/ialeman.cl\/wp-content\/uploads\/2025\/04\/DIA-INTERNACIONAL-ACTIVIDAD-FISICA-2025-Instituto-Aleman-Puerto-Montt_0026_DSC_3028-300x200.jpg 300w, https:\/\/ialeman.cl\/wp-content\/uploads\/2025\/04\/DIA-INTERNACIONAL-ACTIVIDAD-FISICA-2025-Instituto-Aleman-Puerto-Montt_0026_DSC_3028-1024x684.jpg 1024w, https:\/\/ialeman.cl\/wp-content\/uploads\/2025\/04\/DIA-INTERNACIONAL-ACTIVIDAD-FISICA-2025-Instituto-Aleman-Puerto-Montt_0026_DSC_3028-768x513.jpg 768w\" sizes=\"(max-width: 1200px) 100vw, 1200px\" \/><\/a>\n\t\t\t<\/div><\/figure><figure class='gallery-item'>\n\t\t\t<div class='gallery-icon landscape'>\n\t\t\t\t<a data-elementor-open-lightbox=\"yes\" data-elementor-lightbox-slideshow=\"d59a2af\" data-elementor-lightbox-title=\"D\u00cdA INTERNACIONAL ACTIVIDAD F\u00cdSICA 2025 Instituto Alem\u00e1n Puerto Montt_0027_Niveles 15\" data-e-action-hash=\"#elementor-action%3Aaction%3Dlightbox%26settings%3DeyJpZCI6NDM4NTUsInVybCI6Imh0dHBzOlwvXC9pYWxlbWFuLmNsXC93cC1jb250ZW50XC91cGxvYWRzXC8yMDI1XC8wNFwvRElBLUlOVEVSTkFDSU9OQUwtQUNUSVZJREFELUZJU0lDQS0yMDI1LUluc3RpdHV0by1BbGVtYW4tUHVlcnRvLU1vbnR0XzAwMjdfTml2ZWxlcy0xNS5qcGciLCJzbGlkZXNob3ciOiJkNTlhMmFmIn0%3D\" href='https:\/\/ialeman.cl\/wp-content\/uploads\/2025\/04\/DIA-INTERNACIONAL-ACTIVIDAD-FISICA-2025-Instituto-Aleman-Puerto-Montt_0027_Niveles-15.jpg'><img loading=\"lazy\" decoding=\"async\" width=\"1200\" height=\"801\" src=\"https:\/\/ialeman.cl\/wp-content\/uploads\/2025\/04\/DIA-INTERNACIONAL-ACTIVIDAD-FISICA-2025-Instituto-Aleman-Puerto-Montt_0027_Niveles-15.jpg\" class=\"attachment-full size-full\" alt=\"\" srcset=\"https:\/\/ialeman.cl\/wp-content\/uploads\/2025\/04\/DIA-INTERNACIONAL-ACTIVIDAD-FISICA-2025-Instituto-Aleman-Puerto-Montt_0027_Niveles-15.jpg 1200w, https:\/\/ialeman.cl\/wp-content\/uploads\/2025\/04\/DIA-INTERNACIONAL-ACTIVIDAD-FISICA-2025-Instituto-Aleman-Puerto-Montt_0027_Niveles-15-300x200.jpg 300w, https:\/\/ialeman.cl\/wp-content\/uploads\/2025\/04\/DIA-INTERNACIONAL-ACTIVIDAD-FISICA-2025-Instituto-Aleman-Puerto-Montt_0027_Niveles-15-1024x684.jpg 1024w, https:\/\/ialeman.cl\/wp-content\/uploads\/2025\/04\/DIA-INTERNACIONAL-ACTIVIDAD-FISICA-2025-Instituto-Aleman-Puerto-Montt_0027_Niveles-15-768x513.jpg 768w\" sizes=\"(max-width: 1200px) 100vw, 1200px\" \/><\/a>\n\t\t\t<\/div><\/figure><figure class='gallery-item'>\n\t\t\t<div class='gallery-icon landscape'>\n\t\t\t\t<a data-elementor-open-lightbox=\"yes\" data-elementor-lightbox-slideshow=\"d59a2af\" data-elementor-lightbox-title=\"D\u00cdA INTERNACIONAL ACTIVIDAD F\u00cdSICA 2025 Instituto Alem\u00e1n Puerto Montt_0028_Niveles 16\" data-e-action-hash=\"#elementor-action%3Aaction%3Dlightbox%26settings%3DeyJpZCI6NDM4NTYsInVybCI6Imh0dHBzOlwvXC9pYWxlbWFuLmNsXC93cC1jb250ZW50XC91cGxvYWRzXC8yMDI1XC8wNFwvRElBLUlOVEVSTkFDSU9OQUwtQUNUSVZJREFELUZJU0lDQS0yMDI1LUluc3RpdHV0by1BbGVtYW4tUHVlcnRvLU1vbnR0XzAwMjhfTml2ZWxlcy0xNi5qcGciLCJzbGlkZXNob3ciOiJkNTlhMmFmIn0%3D\" href='https:\/\/ialeman.cl\/wp-content\/uploads\/2025\/04\/DIA-INTERNACIONAL-ACTIVIDAD-FISICA-2025-Instituto-Aleman-Puerto-Montt_0028_Niveles-16.jpg'><img loading=\"lazy\" decoding=\"async\" width=\"1200\" height=\"801\" src=\"https:\/\/ialeman.cl\/wp-content\/uploads\/2025\/04\/DIA-INTERNACIONAL-ACTIVIDAD-FISICA-2025-Instituto-Aleman-Puerto-Montt_0028_Niveles-16.jpg\" class=\"attachment-full size-full\" alt=\"\" srcset=\"https:\/\/ialeman.cl\/wp-content\/uploads\/2025\/04\/DIA-INTERNACIONAL-ACTIVIDAD-FISICA-2025-Instituto-Aleman-Puerto-Montt_0028_Niveles-16.jpg 1200w, https:\/\/ialeman.cl\/wp-content\/uploads\/2025\/04\/DIA-INTERNACIONAL-ACTIVIDAD-FISICA-2025-Instituto-Aleman-Puerto-Montt_0028_Niveles-16-300x200.jpg 300w, https:\/\/ialeman.cl\/wp-content\/uploads\/2025\/04\/DIA-INTERNACIONAL-ACTIVIDAD-FISICA-2025-Instituto-Aleman-Puerto-Montt_0028_Niveles-16-1024x684.jpg 1024w, https:\/\/ialeman.cl\/wp-content\/uploads\/2025\/04\/DIA-INTERNACIONAL-ACTIVIDAD-FISICA-2025-Instituto-Aleman-Puerto-Montt_0028_Niveles-16-768x513.jpg 768w\" sizes=\"(max-width: 1200px) 100vw, 1200px\" \/><\/a>\n\t\t\t<\/div><\/figure><figure class='gallery-item'>\n\t\t\t<div class='gallery-icon landscape'>\n\t\t\t\t<a data-elementor-open-lightbox=\"yes\" data-elementor-lightbox-slideshow=\"d59a2af\" data-elementor-lightbox-title=\"D\u00cdA INTERNACIONAL ACTIVIDAD F\u00cdSICA 2025 Instituto Alem\u00e1n Puerto Montt_0029_Niveles 17\" data-e-action-hash=\"#elementor-action%3Aaction%3Dlightbox%26settings%3DeyJpZCI6NDM4NTcsInVybCI6Imh0dHBzOlwvXC9pYWxlbWFuLmNsXC93cC1jb250ZW50XC91cGxvYWRzXC8yMDI1XC8wNFwvRElBLUlOVEVSTkFDSU9OQUwtQUNUSVZJREFELUZJU0lDQS0yMDI1LUluc3RpdHV0by1BbGVtYW4tUHVlcnRvLU1vbnR0XzAwMjlfTml2ZWxlcy0xNy5qcGciLCJzbGlkZXNob3ciOiJkNTlhMmFmIn0%3D\" href='https:\/\/ialeman.cl\/wp-content\/uploads\/2025\/04\/DIA-INTERNACIONAL-ACTIVIDAD-FISICA-2025-Instituto-Aleman-Puerto-Montt_0029_Niveles-17.jpg'><img loading=\"lazy\" decoding=\"async\" width=\"1200\" height=\"801\" src=\"https:\/\/ialeman.cl\/wp-content\/uploads\/2025\/04\/DIA-INTERNACIONAL-ACTIVIDAD-FISICA-2025-Instituto-Aleman-Puerto-Montt_0029_Niveles-17.jpg\" class=\"attachment-full size-full\" alt=\"\" srcset=\"https:\/\/ialeman.cl\/wp-content\/uploads\/2025\/04\/DIA-INTERNACIONAL-ACTIVIDAD-FISICA-2025-Instituto-Aleman-Puerto-Montt_0029_Niveles-17.jpg 1200w, https:\/\/ialeman.cl\/wp-content\/uploads\/2025\/04\/DIA-INTERNACIONAL-ACTIVIDAD-FISICA-2025-Instituto-Aleman-Puerto-Montt_0029_Niveles-17-300x200.jpg 300w, https:\/\/ialeman.cl\/wp-content\/uploads\/2025\/04\/DIA-INTERNACIONAL-ACTIVIDAD-FISICA-2025-Instituto-Aleman-Puerto-Montt_0029_Niveles-17-1024x684.jpg 1024w, https:\/\/ialeman.cl\/wp-content\/uploads\/2025\/04\/DIA-INTERNACIONAL-ACTIVIDAD-FISICA-2025-Instituto-Aleman-Puerto-Montt_0029_Niveles-17-768x513.jpg 768w\" sizes=\"(max-width: 1200px) 100vw, 1200px\" \/><\/a>\n\t\t\t<\/div><\/figure><figure class='gallery-item'>\n\t\t\t<div class='gallery-icon landscape'>\n\t\t\t\t<a data-elementor-open-lightbox=\"yes\" data-elementor-lightbox-slideshow=\"d59a2af\" data-elementor-lightbox-title=\"D\u00cdA INTERNACIONAL ACTIVIDAD F\u00cdSICA 2025 Instituto Alem\u00e1n Puerto Montt_0032_Niveles 19\" data-e-action-hash=\"#elementor-action%3Aaction%3Dlightbox%26settings%3DeyJpZCI6NDM4NjAsInVybCI6Imh0dHBzOlwvXC9pYWxlbWFuLmNsXC93cC1jb250ZW50XC91cGxvYWRzXC8yMDI1XC8wNFwvRElBLUlOVEVSTkFDSU9OQUwtQUNUSVZJREFELUZJU0lDQS0yMDI1LUluc3RpdHV0by1BbGVtYW4tUHVlcnRvLU1vbnR0XzAwMzJfTml2ZWxlcy0xOS5qcGciLCJzbGlkZXNob3ciOiJkNTlhMmFmIn0%3D\" href='https:\/\/ialeman.cl\/wp-content\/uploads\/2025\/04\/DIA-INTERNACIONAL-ACTIVIDAD-FISICA-2025-Instituto-Aleman-Puerto-Montt_0032_Niveles-19.jpg'><img loading=\"lazy\" decoding=\"async\" width=\"1200\" height=\"801\" src=\"https:\/\/ialeman.cl\/wp-content\/uploads\/2025\/04\/DIA-INTERNACIONAL-ACTIVIDAD-FISICA-2025-Instituto-Aleman-Puerto-Montt_0032_Niveles-19.jpg\" class=\"attachment-full size-full\" alt=\"\" srcset=\"https:\/\/ialeman.cl\/wp-content\/uploads\/2025\/04\/DIA-INTERNACIONAL-ACTIVIDAD-FISICA-2025-Instituto-Aleman-Puerto-Montt_0032_Niveles-19.jpg 1200w, https:\/\/ialeman.cl\/wp-content\/uploads\/2025\/04\/DIA-INTERNACIONAL-ACTIVIDAD-FISICA-2025-Instituto-Aleman-Puerto-Montt_0032_Niveles-19-300x200.jpg 300w, https:\/\/ialeman.cl\/wp-content\/uploads\/2025\/04\/DIA-INTERNACIONAL-ACTIVIDAD-FISICA-2025-Instituto-Aleman-Puerto-Montt_0032_Niveles-19-1024x684.jpg 1024w, https:\/\/ialeman.cl\/wp-content\/uploads\/2025\/04\/DIA-INTERNACIONAL-ACTIVIDAD-FISICA-2025-Instituto-Aleman-Puerto-Montt_0032_Niveles-19-768x513.jpg 768w\" sizes=\"(max-width: 1200px) 100vw, 1200px\" \/><\/a>\n\t\t\t<\/div><\/figure><figure class='gallery-item'>\n\t\t\t<div class='gallery-icon landscape'>\n\t\t\t\t<a data-elementor-open-lightbox=\"yes\" data-elementor-lightbox-slideshow=\"d59a2af\" data-elementor-lightbox-title=\"D\u00cdA INTERNACIONAL ACTIVIDAD F\u00cdSICA 2025 Instituto Alem\u00e1n Puerto Montt_0033_Niveles 20\" data-e-action-hash=\"#elementor-action%3Aaction%3Dlightbox%26settings%3DeyJpZCI6NDM4NjEsInVybCI6Imh0dHBzOlwvXC9pYWxlbWFuLmNsXC93cC1jb250ZW50XC91cGxvYWRzXC8yMDI1XC8wNFwvRElBLUlOVEVSTkFDSU9OQUwtQUNUSVZJREFELUZJU0lDQS0yMDI1LUluc3RpdHV0by1BbGVtYW4tUHVlcnRvLU1vbnR0XzAwMzNfTml2ZWxlcy0yMC5qcGciLCJzbGlkZXNob3ciOiJkNTlhMmFmIn0%3D\" href='https:\/\/ialeman.cl\/wp-content\/uploads\/2025\/04\/DIA-INTERNACIONAL-ACTIVIDAD-FISICA-2025-Instituto-Aleman-Puerto-Montt_0033_Niveles-20.jpg'><img loading=\"lazy\" decoding=\"async\" width=\"1200\" height=\"801\" src=\"https:\/\/ialeman.cl\/wp-content\/uploads\/2025\/04\/DIA-INTERNACIONAL-ACTIVIDAD-FISICA-2025-Instituto-Aleman-Puerto-Montt_0033_Niveles-20.jpg\" class=\"attachment-full size-full\" alt=\"\" srcset=\"https:\/\/ialeman.cl\/wp-content\/uploads\/2025\/04\/DIA-INTERNACIONAL-ACTIVIDAD-FISICA-2025-Instituto-Aleman-Puerto-Montt_0033_Niveles-20.jpg 1200w, https:\/\/ialeman.cl\/wp-content\/uploads\/2025\/04\/DIA-INTERNACIONAL-ACTIVIDAD-FISICA-2025-Instituto-Aleman-Puerto-Montt_0033_Niveles-20-300x200.jpg 300w, https:\/\/ialeman.cl\/wp-content\/uploads\/2025\/04\/DIA-INTERNACIONAL-ACTIVIDAD-FISICA-2025-Instituto-Aleman-Puerto-Montt_0033_Niveles-20-1024x684.jpg 1024w, https:\/\/ialeman.cl\/wp-content\/uploads\/2025\/04\/DIA-INTERNACIONAL-ACTIVIDAD-FISICA-2025-Instituto-Aleman-Puerto-Montt_0033_Niveles-20-768x513.jpg 768w\" sizes=\"(max-width: 1200px) 100vw, 1200px\" \/><\/a>\n\t\t\t<\/div><\/figure><figure class='gallery-item'>\n\t\t\t<div class='gallery-icon landscape'>\n\t\t\t\t<a data-elementor-open-lightbox=\"yes\" data-elementor-lightbox-slideshow=\"d59a2af\" data-elementor-lightbox-title=\"D\u00cdA INTERNACIONAL ACTIVIDAD F\u00cdSICA 2025 Instituto Alem\u00e1n Puerto Montt_0034_Niveles 21\" data-e-action-hash=\"#elementor-action%3Aaction%3Dlightbox%26settings%3DeyJpZCI6NDM4NjIsInVybCI6Imh0dHBzOlwvXC9pYWxlbWFuLmNsXC93cC1jb250ZW50XC91cGxvYWRzXC8yMDI1XC8wNFwvRElBLUlOVEVSTkFDSU9OQUwtQUNUSVZJREFELUZJU0lDQS0yMDI1LUluc3RpdHV0by1BbGVtYW4tUHVlcnRvLU1vbnR0XzAwMzRfTml2ZWxlcy0yMS5qcGciLCJzbGlkZXNob3ciOiJkNTlhMmFmIn0%3D\" href='https:\/\/ialeman.cl\/wp-content\/uploads\/2025\/04\/DIA-INTERNACIONAL-ACTIVIDAD-FISICA-2025-Instituto-Aleman-Puerto-Montt_0034_Niveles-21.jpg'><img loading=\"lazy\" decoding=\"async\" width=\"1200\" height=\"801\" src=\"https:\/\/ialeman.cl\/wp-content\/uploads\/2025\/04\/DIA-INTERNACIONAL-ACTIVIDAD-FISICA-2025-Instituto-Aleman-Puerto-Montt_0034_Niveles-21.jpg\" class=\"attachment-full size-full\" alt=\"\" srcset=\"https:\/\/ialeman.cl\/wp-content\/uploads\/2025\/04\/DIA-INTERNACIONAL-ACTIVIDAD-FISICA-2025-Instituto-Aleman-Puerto-Montt_0034_Niveles-21.jpg 1200w, https:\/\/ialeman.cl\/wp-content\/uploads\/2025\/04\/DIA-INTERNACIONAL-ACTIVIDAD-FISICA-2025-Instituto-Aleman-Puerto-Montt_0034_Niveles-21-300x200.jpg 300w, https:\/\/ialeman.cl\/wp-content\/uploads\/2025\/04\/DIA-INTERNACIONAL-ACTIVIDAD-FISICA-2025-Instituto-Aleman-Puerto-Montt_0034_Niveles-21-1024x684.jpg 1024w, https:\/\/ialeman.cl\/wp-content\/uploads\/2025\/04\/DIA-INTERNACIONAL-ACTIVIDAD-FISICA-2025-Instituto-Aleman-Puerto-Montt_0034_Niveles-21-768x513.jpg 768w\" sizes=\"(max-width: 1200px) 100vw, 1200px\" \/><\/a>\n\t\t\t<\/div><\/figure><figure class='gallery-item'>\n\t\t\t<div class='gallery-icon landscape'>\n\t\t\t\t<a data-elementor-open-lightbox=\"yes\" data-elementor-lightbox-slideshow=\"d59a2af\" data-elementor-lightbox-title=\"D\u00cdA INTERNACIONAL ACTIVIDAD F\u00cdSICA 2025 Instituto Alem\u00e1n Puerto Montt_0036_Niveles 28\" data-e-action-hash=\"#elementor-action%3Aaction%3Dlightbox%26settings%3DeyJpZCI6NDM4NjQsInVybCI6Imh0dHBzOlwvXC9pYWxlbWFuLmNsXC93cC1jb250ZW50XC91cGxvYWRzXC8yMDI1XC8wNFwvRElBLUlOVEVSTkFDSU9OQUwtQUNUSVZJREFELUZJU0lDQS0yMDI1LUluc3RpdHV0by1BbGVtYW4tUHVlcnRvLU1vbnR0XzAwMzZfTml2ZWxlcy0yOC5qcGciLCJzbGlkZXNob3ciOiJkNTlhMmFmIn0%3D\" href='https:\/\/ialeman.cl\/wp-content\/uploads\/2025\/04\/DIA-INTERNACIONAL-ACTIVIDAD-FISICA-2025-Instituto-Aleman-Puerto-Montt_0036_Niveles-28.jpg'><img loading=\"lazy\" decoding=\"async\" width=\"1200\" height=\"801\" src=\"https:\/\/ialeman.cl\/wp-content\/uploads\/2025\/04\/DIA-INTERNACIONAL-ACTIVIDAD-FISICA-2025-Instituto-Aleman-Puerto-Montt_0036_Niveles-28.jpg\" class=\"attachment-full size-full\" alt=\"\" srcset=\"https:\/\/ialeman.cl\/wp-content\/uploads\/2025\/04\/DIA-INTERNACIONAL-ACTIVIDAD-FISICA-2025-Instituto-Aleman-Puerto-Montt_0036_Niveles-28.jpg 1200w, https:\/\/ialeman.cl\/wp-content\/uploads\/2025\/04\/DIA-INTERNACIONAL-ACTIVIDAD-FISICA-2025-Instituto-Aleman-Puerto-Montt_0036_Niveles-28-300x200.jpg 300w, https:\/\/ialeman.cl\/wp-content\/uploads\/2025\/04\/DIA-INTERNACIONAL-ACTIVIDAD-FISICA-2025-Instituto-Aleman-Puerto-Montt_0036_Niveles-28-1024x684.jpg 1024w, https:\/\/ialeman.cl\/wp-content\/uploads\/2025\/04\/DIA-INTERNACIONAL-ACTIVIDAD-FISICA-2025-Instituto-Aleman-Puerto-Montt_0036_Niveles-28-768x513.jpg 768w\" sizes=\"(max-width: 1200px) 100vw, 1200px\" \/><\/a>\n\t\t\t<\/div><\/figure><figure class='gallery-item'>\n\t\t\t<div class='gallery-icon landscape'>\n\t\t\t\t<a data-elementor-open-lightbox=\"yes\" data-elementor-lightbox-slideshow=\"d59a2af\" data-elementor-lightbox-title=\"D\u00cdA INTERNACIONAL ACTIVIDAD F\u00cdSICA 2025 Instituto Alem\u00e1n Puerto Montt_0037_Niveles 23\" data-e-action-hash=\"#elementor-action%3Aaction%3Dlightbox%26settings%3DeyJpZCI6NDM4NjUsInVybCI6Imh0dHBzOlwvXC9pYWxlbWFuLmNsXC93cC1jb250ZW50XC91cGxvYWRzXC8yMDI1XC8wNFwvRElBLUlOVEVSTkFDSU9OQUwtQUNUSVZJREFELUZJU0lDQS0yMDI1LUluc3RpdHV0by1BbGVtYW4tUHVlcnRvLU1vbnR0XzAwMzdfTml2ZWxlcy0yMy5qcGciLCJzbGlkZXNob3ciOiJkNTlhMmFmIn0%3D\" href='https:\/\/ialeman.cl\/wp-content\/uploads\/2025\/04\/DIA-INTERNACIONAL-ACTIVIDAD-FISICA-2025-Instituto-Aleman-Puerto-Montt_0037_Niveles-23.jpg'><img loading=\"lazy\" decoding=\"async\" width=\"1200\" height=\"801\" src=\"https:\/\/ialeman.cl\/wp-content\/uploads\/2025\/04\/DIA-INTERNACIONAL-ACTIVIDAD-FISICA-2025-Instituto-Aleman-Puerto-Montt_0037_Niveles-23.jpg\" class=\"attachment-full size-full\" alt=\"\" srcset=\"https:\/\/ialeman.cl\/wp-content\/uploads\/2025\/04\/DIA-INTERNACIONAL-ACTIVIDAD-FISICA-2025-Instituto-Aleman-Puerto-Montt_0037_Niveles-23.jpg 1200w, https:\/\/ialeman.cl\/wp-content\/uploads\/2025\/04\/DIA-INTERNACIONAL-ACTIVIDAD-FISICA-2025-Instituto-Aleman-Puerto-Montt_0037_Niveles-23-300x200.jpg 300w, https:\/\/ialeman.cl\/wp-content\/uploads\/2025\/04\/DIA-INTERNACIONAL-ACTIVIDAD-FISICA-2025-Instituto-Aleman-Puerto-Montt_0037_Niveles-23-1024x684.jpg 1024w, https:\/\/ialeman.cl\/wp-content\/uploads\/2025\/04\/DIA-INTERNACIONAL-ACTIVIDAD-FISICA-2025-Instituto-Aleman-Puerto-Montt_0037_Niveles-23-768x513.jpg 768w\" sizes=\"(max-width: 1200px) 100vw, 1200px\" \/><\/a>\n\t\t\t<\/div><\/figure><figure class='gallery-item'>\n\t\t\t<div class='gallery-icon landscape'>\n\t\t\t\t<a data-elementor-open-lightbox=\"yes\" data-elementor-lightbox-slideshow=\"d59a2af\" data-elementor-lightbox-title=\"D\u00cdA INTERNACIONAL ACTIVIDAD F\u00cdSICA 2025 Instituto Alem\u00e1n Puerto Montt_0038_Niveles 24\" data-e-action-hash=\"#elementor-action%3Aaction%3Dlightbox%26settings%3DeyJpZCI6NDM4NjcsInVybCI6Imh0dHBzOlwvXC9pYWxlbWFuLmNsXC93cC1jb250ZW50XC91cGxvYWRzXC8yMDI1XC8wNFwvRElBLUlOVEVSTkFDSU9OQUwtQUNUSVZJREFELUZJU0lDQS0yMDI1LUluc3RpdHV0by1BbGVtYW4tUHVlcnRvLU1vbnR0XzAwMzhfTml2ZWxlcy0yNC5qcGciLCJzbGlkZXNob3ciOiJkNTlhMmFmIn0%3D\" href='https:\/\/ialeman.cl\/wp-content\/uploads\/2025\/04\/DIA-INTERNACIONAL-ACTIVIDAD-FISICA-2025-Instituto-Aleman-Puerto-Montt_0038_Niveles-24.jpg'><img loading=\"lazy\" decoding=\"async\" width=\"1200\" height=\"801\" src=\"https:\/\/ialeman.cl\/wp-content\/uploads\/2025\/04\/DIA-INTERNACIONAL-ACTIVIDAD-FISICA-2025-Instituto-Aleman-Puerto-Montt_0038_Niveles-24.jpg\" class=\"attachment-full size-full\" alt=\"\" srcset=\"https:\/\/ialeman.cl\/wp-content\/uploads\/2025\/04\/DIA-INTERNACIONAL-ACTIVIDAD-FISICA-2025-Instituto-Aleman-Puerto-Montt_0038_Niveles-24.jpg 1200w, https:\/\/ialeman.cl\/wp-content\/uploads\/2025\/04\/DIA-INTERNACIONAL-ACTIVIDAD-FISICA-2025-Instituto-Aleman-Puerto-Montt_0038_Niveles-24-300x200.jpg 300w, https:\/\/ialeman.cl\/wp-content\/uploads\/2025\/04\/DIA-INTERNACIONAL-ACTIVIDAD-FISICA-2025-Instituto-Aleman-Puerto-Montt_0038_Niveles-24-1024x684.jpg 1024w, https:\/\/ialeman.cl\/wp-content\/uploads\/2025\/04\/DIA-INTERNACIONAL-ACTIVIDAD-FISICA-2025-Instituto-Aleman-Puerto-Montt_0038_Niveles-24-768x513.jpg 768w\" sizes=\"(max-width: 1200px) 100vw, 1200px\" \/><\/a>\n\t\t\t<\/div><\/figure><figure class='gallery-item'>\n\t\t\t<div class='gallery-icon landscape'>\n\t\t\t\t<a data-elementor-open-lightbox=\"yes\" data-elementor-lightbox-slideshow=\"d59a2af\" data-elementor-lightbox-title=\"D\u00cdA INTERNACIONAL ACTIVIDAD F\u00cdSICA 2025 Instituto Alem\u00e1n Puerto Montt_0039_Niveles 25\" data-e-action-hash=\"#elementor-action%3Aaction%3Dlightbox%26settings%3DeyJpZCI6NDM4NjgsInVybCI6Imh0dHBzOlwvXC9pYWxlbWFuLmNsXC93cC1jb250ZW50XC91cGxvYWRzXC8yMDI1XC8wNFwvRElBLUlOVEVSTkFDSU9OQUwtQUNUSVZJREFELUZJU0lDQS0yMDI1LUluc3RpdHV0by1BbGVtYW4tUHVlcnRvLU1vbnR0XzAwMzlfTml2ZWxlcy0yNS5qcGciLCJzbGlkZXNob3ciOiJkNTlhMmFmIn0%3D\" href='https:\/\/ialeman.cl\/wp-content\/uploads\/2025\/04\/DIA-INTERNACIONAL-ACTIVIDAD-FISICA-2025-Instituto-Aleman-Puerto-Montt_0039_Niveles-25.jpg'><img loading=\"lazy\" decoding=\"async\" width=\"1200\" height=\"801\" src=\"https:\/\/ialeman.cl\/wp-content\/uploads\/2025\/04\/DIA-INTERNACIONAL-ACTIVIDAD-FISICA-2025-Instituto-Aleman-Puerto-Montt_0039_Niveles-25.jpg\" class=\"attachment-full size-full\" alt=\"\" srcset=\"https:\/\/ialeman.cl\/wp-content\/uploads\/2025\/04\/DIA-INTERNACIONAL-ACTIVIDAD-FISICA-2025-Instituto-Aleman-Puerto-Montt_0039_Niveles-25.jpg 1200w, https:\/\/ialeman.cl\/wp-content\/uploads\/2025\/04\/DIA-INTERNACIONAL-ACTIVIDAD-FISICA-2025-Instituto-Aleman-Puerto-Montt_0039_Niveles-25-300x200.jpg 300w, https:\/\/ialeman.cl\/wp-content\/uploads\/2025\/04\/DIA-INTERNACIONAL-ACTIVIDAD-FISICA-2025-Instituto-Aleman-Puerto-Montt_0039_Niveles-25-1024x684.jpg 1024w, https:\/\/ialeman.cl\/wp-content\/uploads\/2025\/04\/DIA-INTERNACIONAL-ACTIVIDAD-FISICA-2025-Instituto-Aleman-Puerto-Montt_0039_Niveles-25-768x513.jpg 768w\" sizes=\"(max-width: 1200px) 100vw, 1200px\" \/><\/a>\n\t\t\t<\/div><\/figure><figure class='gallery-item'>\n\t\t\t<div class='gallery-icon landscape'>\n\t\t\t\t<a data-elementor-open-lightbox=\"yes\" data-elementor-lightbox-slideshow=\"d59a2af\" data-elementor-lightbox-title=\"D\u00cdA INTERNACIONAL ACTIVIDAD F\u00cdSICA 2025 Instituto Alem\u00e1n Puerto Montt_0040_Niveles 26\" data-e-action-hash=\"#elementor-action%3Aaction%3Dlightbox%26settings%3DeyJpZCI6NDM4NjksInVybCI6Imh0dHBzOlwvXC9pYWxlbWFuLmNsXC93cC1jb250ZW50XC91cGxvYWRzXC8yMDI1XC8wNFwvRElBLUlOVEVSTkFDSU9OQUwtQUNUSVZJREFELUZJU0lDQS0yMDI1LUluc3RpdHV0by1BbGVtYW4tUHVlcnRvLU1vbnR0XzAwNDBfTml2ZWxlcy0yNi5qcGciLCJzbGlkZXNob3ciOiJkNTlhMmFmIn0%3D\" href='https:\/\/ialeman.cl\/wp-content\/uploads\/2025\/04\/DIA-INTERNACIONAL-ACTIVIDAD-FISICA-2025-Instituto-Aleman-Puerto-Montt_0040_Niveles-26.jpg'><img loading=\"lazy\" decoding=\"async\" width=\"1200\" height=\"801\" src=\"https:\/\/ialeman.cl\/wp-content\/uploads\/2025\/04\/DIA-INTERNACIONAL-ACTIVIDAD-FISICA-2025-Instituto-Aleman-Puerto-Montt_0040_Niveles-26.jpg\" class=\"attachment-full size-full\" alt=\"\" srcset=\"https:\/\/ialeman.cl\/wp-content\/uploads\/2025\/04\/DIA-INTERNACIONAL-ACTIVIDAD-FISICA-2025-Instituto-Aleman-Puerto-Montt_0040_Niveles-26.jpg 1200w, https:\/\/ialeman.cl\/wp-content\/uploads\/2025\/04\/DIA-INTERNACIONAL-ACTIVIDAD-FISICA-2025-Instituto-Aleman-Puerto-Montt_0040_Niveles-26-300x200.jpg 300w, https:\/\/ialeman.cl\/wp-content\/uploads\/2025\/04\/DIA-INTERNACIONAL-ACTIVIDAD-FISICA-2025-Instituto-Aleman-Puerto-Montt_0040_Niveles-26-1024x684.jpg 1024w, https:\/\/ialeman.cl\/wp-content\/uploads\/2025\/04\/DIA-INTERNACIONAL-ACTIVIDAD-FISICA-2025-Instituto-Aleman-Puerto-Montt_0040_Niveles-26-768x513.jpg 768w\" sizes=\"(max-width: 1200px) 100vw, 1200px\" \/><\/a>\n\t\t\t<\/div><\/figure><figure class='gallery-item'>\n\t\t\t<div class='gallery-icon landscape'>\n\t\t\t\t<a data-elementor-open-lightbox=\"yes\" data-elementor-lightbox-slideshow=\"d59a2af\" data-elementor-lightbox-title=\"D\u00cdA INTERNACIONAL ACTIVIDAD F\u00cdSICA 2025 Instituto Alem\u00e1n Puerto Montt_0041_Niveles 27\" data-e-action-hash=\"#elementor-action%3Aaction%3Dlightbox%26settings%3DeyJpZCI6NDM4NzAsInVybCI6Imh0dHBzOlwvXC9pYWxlbWFuLmNsXC93cC1jb250ZW50XC91cGxvYWRzXC8yMDI1XC8wNFwvRElBLUlOVEVSTkFDSU9OQUwtQUNUSVZJREFELUZJU0lDQS0yMDI1LUluc3RpdHV0by1BbGVtYW4tUHVlcnRvLU1vbnR0XzAwNDFfTml2ZWxlcy0yNy5qcGciLCJzbGlkZXNob3ciOiJkNTlhMmFmIn0%3D\" href='https:\/\/ialeman.cl\/wp-content\/uploads\/2025\/04\/DIA-INTERNACIONAL-ACTIVIDAD-FISICA-2025-Instituto-Aleman-Puerto-Montt_0041_Niveles-27.jpg'><img loading=\"lazy\" decoding=\"async\" width=\"1200\" height=\"801\" src=\"https:\/\/ialeman.cl\/wp-content\/uploads\/2025\/04\/DIA-INTERNACIONAL-ACTIVIDAD-FISICA-2025-Instituto-Aleman-Puerto-Montt_0041_Niveles-27.jpg\" class=\"attachment-full size-full\" alt=\"\" srcset=\"https:\/\/ialeman.cl\/wp-content\/uploads\/2025\/04\/DIA-INTERNACIONAL-ACTIVIDAD-FISICA-2025-Instituto-Aleman-Puerto-Montt_0041_Niveles-27.jpg 1200w, https:\/\/ialeman.cl\/wp-content\/uploads\/2025\/04\/DIA-INTERNACIONAL-ACTIVIDAD-FISICA-2025-Instituto-Aleman-Puerto-Montt_0041_Niveles-27-300x200.jpg 300w, https:\/\/ialeman.cl\/wp-content\/uploads\/2025\/04\/DIA-INTERNACIONAL-ACTIVIDAD-FISICA-2025-Instituto-Aleman-Puerto-Montt_0041_Niveles-27-1024x684.jpg 1024w, https:\/\/ialeman.cl\/wp-content\/uploads\/2025\/04\/DIA-INTERNACIONAL-ACTIVIDAD-FISICA-2025-Instituto-Aleman-Puerto-Montt_0041_Niveles-27-768x513.jpg 768w\" sizes=\"(max-width: 1200px) 100vw, 1200px\" \/><\/a>\n\t\t\t<\/div><\/figure>\n\t\t<\/div>\n\t\t<\/div>\n\t\t\t\t\t\t<\/div>\n\t\t\t\t<\/div>\n\t\t\t\t\t<\/div>\n\t\t<\/div>\n\t\t\t\t\t<\/div>\n\t\t<\/section>\n\t\t\t\t<\/div>\n\t\t","protected":false},"excerpt":{"rendered":"<p>D\u00eda Internacional de la Actividad F\u00edsica 2025 Con una jornada llena de ritmo y movimiento, el Instituto Alem\u00e1n de Puerto Montt celebr\u00f3 el D\u00eda Internacional de la Actividad F\u00edsica 2025, promoviendo h\u00e1bitos saludables y el bienestar entre los alumnos. Desde los m\u00e1s peque\u00f1os de Prekinder hasta los j\u00f3venes de IV Medio participaron activamente en sesiones [&hellip;]<\/p>\n","protected":false},"author":1,"featured_media":43823,"comment_status":"closed","ping_status":"closed","sticky":false,"template":"","format":"standard","meta":{"site-sidebar-layout":"default","site-content-layout":"","ast-site-content-layout":"default","site-content-style":"default","site-sidebar-style":"default","ast-global-header-display":"","ast-banner-title-visibility":"","ast-main-header-display":"","ast-hfb-above-header-display":"","ast-hfb-below-header-display":"","ast-hfb-mobile-header-display":"","site-post-title":"disabled","ast-breadcrumbs-content":"","ast-featured-img":"disabled","footer-sml-layout":"","ast-disable-related-posts":"","theme-transparent-header-meta":"","adv-header-id-meta":"","stick-header-meta":"","header-above-stick-meta":"","header-main-stick-meta":"","header-below-stick-meta":"","astra-migrate-meta-layouts":"set","ast-page-background-enabled":"default","ast-page-background-meta":{"desktop":{"background-color":"var(--ast-global-color-4)","background-image":"","background-repeat":"repeat","background-position":"center center","background-size":"auto","background-attachment":"scroll","background-type":"","background-media":"","overlay-type":"","overlay-color":"","overlay-opacity":"","overlay-gradient":""},"tablet":{"background-color":"","background-image":"","background-repeat":"repeat","background-position":"center center","background-size":"auto","background-attachment":"scroll","background-type":"","background-media":"","overlay-type":"","overlay-color":"","overlay-opacity":"","overlay-gradient":""},"mobile":{"background-color":"","background-image":"","background-repeat":"repeat","background-position":"center center","background-size":"auto","background-attachment":"scroll","background-type":"","background-media":"","overlay-type":"","overlay-color":"","overlay-opacity":"","overlay-gradient":""}},"ast-content-background-meta":{"desktop":{"background-color":"var(--ast-global-color-5)","background-image":"","background-repeat":"repeat","background-position":"center center","background-size":"auto","background-attachment":"scroll","background-type":"","background-media":"","overlay-type":"","overlay-color":"","overlay-opacity":"","overlay-gradient":""},"tablet":{"background-color":"var(--ast-global-color-5)","background-image":"","background-repeat":"repeat","background-position":"center center","background-size":"auto","background-attachment":"scroll","background-type":"","background-media":"","overlay-type":"","overlay-color":"","overlay-opacity":"","overlay-gradient":""},"mobile":{"background-color":"var(--ast-global-color-5)","background-image":"","background-repeat":"repeat","background-position":"center center","background-size":"auto","background-attachment":"scroll","background-type":"","background-media":"","overlay-type":"","overlay-color":"","overlay-opacity":"","overlay-gradient":""}},"advanced_seo_description":"","jetpack_seo_html_title":"","jetpack_seo_noindex":false,"jetpack_seo_schema_type":"","_jetpack_newsletter_access":"","_jetpack_dont_email_post_to_subs":false,"_jetpack_newsletter_tier_id":0,"_jetpack_memberships_contains_paywalled_content":false,"_wpcom_ai_launchpad_first_post":false,"_jetpack_feature_clip_id":0,"_jetpack_memberships_contains_paid_content":false,"footnotes":"","jetpack_post_was_ever_published":false},"categories":[10],"tags":[],"class_list":["post-43822","post","type-post","status-publish","format-standard","has-post-thumbnail","hentry","category-noticias"],"jetpack_shortlink":"https:\/\/wp.me\/ph8I5c-boO","jetpack_sharing_enabled":true,"jetpack_featured_media_url":"https:\/\/ialeman.cl\/wp-content\/uploads\/2025\/04\/DIA-INTERNACIONAL-ACTIVIDAD-FISICA-2025-Instituto-Aleman-Puerto-Montt_0006_Brillo_contraste-5.jpg","_links":{"self":[{"href":"https:\/\/ialeman.cl\/index.php\/wp-json\/wp\/v2\/posts\/43822","targetHints":{"allow":["GET"]}}],"collection":[{"href":"https:\/\/ialeman.cl\/index.php\/wp-json\/wp\/v2\/posts"}],"about":[{"href":"https:\/\/ialeman.cl\/index.php\/wp-json\/wp\/v2\/types\/post"}],"author":[{"embeddable":true,"href":"https:\/\/ialeman.cl\/index.php\/wp-json\/wp\/v2\/users\/1"}],"replies":[{"embeddable":true,"href":"https:\/\/ialeman.cl\/index.php\/wp-json\/wp\/v2\/comments?post=43822"}],"version-history":[{"count":11,"href":"https:\/\/ialeman.cl\/index.php\/wp-json\/wp\/v2\/posts\/43822\/revisions"}],"predecessor-version":[{"id":43982,"href":"https:\/\/ialeman.cl\/index.php\/wp-json\/wp\/v2\/posts\/43822\/revisions\/43982"}],"wp:featuredmedia":[{"embeddable":true,"href":"https:\/\/ialeman.cl\/index.php\/wp-json\/wp\/v2\/media\/43823"}],"wp:attachment":[{"href":"https:\/\/ialeman.cl\/index.php\/wp-json\/wp\/v2\/media?parent=43822"}],"wp:term":[{"taxonomy":"category","embeddable":true,"href":"https:\/\/ialeman.cl\/index.php\/wp-json\/wp\/v2\/categories?post=43822"},{"taxonomy":"post_tag","embeddable":true,"href":"https:\/\/ialeman.cl\/index.php\/wp-json\/wp\/v2\/tags?post=43822"}],"curies":[{"name":"wp","href":"https:\/\/api.w.org\/{rel}","templated":true}]}}