{"id":39736,"date":"2024-12-02T08:39:48","date_gmt":"2024-12-02T12:39:48","guid":{"rendered":"https:\/\/ialeman.cl\/?p=39736"},"modified":"2024-12-05T09:15:26","modified_gmt":"2024-12-05T13:15:26","slug":"intercambio-escolar-a-alemania-2024-2","status":"publish","type":"post","link":"https:\/\/ialeman.cl\/index.php\/intercambio-escolar-a-alemania-2024-2\/","title":{"rendered":"Intercambio escolar a Alemania 2024"},"content":{"rendered":"\t\t<div data-elementor-type=\"wp-post\" data-elementor-id=\"39736\" class=\"elementor elementor-39736\">\n\t\t\t\t\t\t<section class=\"elementor-section elementor-top-section elementor-element elementor-element-c0372d1 elementor-section-boxed elementor-section-height-default elementor-section-height-default\" data-id=\"c0372d1\" data-element_type=\"section\" data-e-type=\"section\">\n\t\t\t\t\t\t<div class=\"elementor-container elementor-column-gap-default\">\n\t\t\t\t\t<div class=\"elementor-column elementor-col-100 elementor-top-column elementor-element elementor-element-8df0bce\" data-id=\"8df0bce\" data-element_type=\"column\" data-e-type=\"column\">\n\t\t\t<div class=\"elementor-widget-wrap elementor-element-populated\">\n\t\t\t\t\t\t<div class=\"elementor-element elementor-element-ac60707 elementor-widget elementor-widget-heading\" data-id=\"ac60707\" data-element_type=\"widget\" data-e-type=\"widget\" data-widget_type=\"heading.default\">\n\t\t\t\t<div class=\"elementor-widget-container\">\n\t\t\t\t\t<h2 class=\"elementor-heading-title elementor-size-default\">Estudiantes de II Medio del Instituto Alem\u00e1n de Puerto Montt viajaron a Alemania de intercambio escolar\n<\/h2>\t\t\t\t<\/div>\n\t\t\t\t<\/div>\n\t\t\t\t\t<\/div>\n\t\t<\/div>\n\t\t\t\t\t<\/div>\n\t\t<\/section>\n\t\t\t\t<section class=\"elementor-section elementor-top-section elementor-element elementor-element-383e220 elementor-section-boxed elementor-section-height-default elementor-section-height-default\" data-id=\"383e220\" data-element_type=\"section\" data-e-type=\"section\">\n\t\t\t\t\t\t<div class=\"elementor-container elementor-column-gap-default\">\n\t\t\t\t\t<div class=\"elementor-column elementor-col-100 elementor-top-column elementor-element elementor-element-c286d3a\" data-id=\"c286d3a\" data-element_type=\"column\" data-e-type=\"column\">\n\t\t\t<div class=\"elementor-widget-wrap elementor-element-populated\">\n\t\t\t\t\t\t<div class=\"elementor-element elementor-element-e1ba915 elementor-widget elementor-widget-heading\" data-id=\"e1ba915\" data-element_type=\"widget\" data-e-type=\"widget\" data-widget_type=\"heading.default\">\n\t\t\t\t<div class=\"elementor-widget-container\">\n\t\t\t\t\t<h2 class=\"elementor-heading-title elementor-size-default\">Con gran emoci\u00f3n despedimos en el aeropuerto El Tepual a los primeros 15 estudiantes de II Medio que viajaron a Alemania como parte del programa de intercambio estudiantil del Instituto Alem\u00e1n de Puerto Montt. Este grupo, que parti\u00f3 el pasado 27 de noviembre, forma parte de un total de 45 j\u00f3venes que tendr\u00e1n la oportunidad de vivir esta experiencia \u00fanica, gestionada por el colegio y ampliamente respaldada por la comunidad escolar.<br><br>\n\nEl intercambio permitir\u00e1 a los estudiantes profundizar en el aprendizaje del idioma alem\u00e1n y tambi\u00e9n les brindar\u00e1 una oportunidad invaluable para conocer la rica cultura y estilo de vida del pa\u00eds europeo. Durante su estad\u00eda, convivir\u00e1n con familias anfitrionas, asistir\u00e1n a clases y pasar\u00e1n las fiestas de fin de a\u00f1o en un entorno culturalmente enriquecedor.<br><br>\n\nEl segundo grupo, compuesto por 17 estudiantes, viajar\u00e1 el jueves 5 de diciembre, mientras que el tercero partir\u00e1 la primera semana de enero de 2025. Se espera que esta experiencia marque un hito en la formaci\u00f3n acad\u00e9mica y personal de los participantes, fortaleciendo sus competencias ling\u00fc\u00edsticas, su visi\u00f3n global y sus habilidades interculturales.<br><br>\n\nPor \u00faltimo, para el Instituto Alem\u00e1n de Puerto Montt, retomar el intercambio escolar a Alemania de los estudiantes del II Medio constituye un hito muy importante, especialmente por la oportunidad que tendr\u00e1n 45 alumnos de vivir durante aproximadamente dos meses en Europa.<\/h2>\t\t\t\t<\/div>\n\t\t\t\t<\/div>\n\t\t\t\t\t<\/div>\n\t\t<\/div>\n\t\t\t\t\t<\/div>\n\t\t<\/section>\n\t\t\t\t<section class=\"elementor-section elementor-top-section elementor-element elementor-element-6c24f11 elementor-section-boxed elementor-section-height-default elementor-section-height-default\" data-id=\"6c24f11\" data-element_type=\"section\" data-e-type=\"section\">\n\t\t\t\t\t\t<div class=\"elementor-container elementor-column-gap-default\">\n\t\t\t\t\t<div class=\"elementor-column elementor-col-100 elementor-top-column elementor-element elementor-element-0545609\" data-id=\"0545609\" data-element_type=\"column\" data-e-type=\"column\">\n\t\t\t<div class=\"elementor-widget-wrap elementor-element-populated\">\n\t\t\t\t\t\t<div class=\"elementor-element elementor-element-fc07607 gallery-spacing-custom elementor-widget elementor-widget-image-gallery\" data-id=\"fc07607\" data-element_type=\"widget\" data-e-type=\"widget\" data-widget_type=\"image-gallery.default\">\n\t\t\t\t<div class=\"elementor-widget-container\">\n\t\t\t\t\t\t\t<div class=\"elementor-image-gallery\">\n\t\t\t<div id='gallery-1' class='gallery galleryid-39736 gallery-columns-2 gallery-size-full'><figure class='gallery-item'>\n\t\t\t<div class='gallery-icon landscape'>\n\t\t\t\t<a data-elementor-open-lightbox=\"yes\" data-elementor-lightbox-slideshow=\"fc07607\" data-elementor-lightbox-title=\"VIAJE DE INTERCAMBIO A ALEMANIA_0000_DSC_4229\" data-e-action-hash=\"#elementor-action%3Aaction%3Dlightbox%26settings%3DeyJpZCI6Mzk3NTgsInVybCI6Imh0dHBzOlwvXC9pYWxlbWFuLmNsXC93cC1jb250ZW50XC91cGxvYWRzXC8yMDI0XC8xMlwvVklBSkUtREUtSU5URVJDQU1CSU8tQS1BTEVNQU5JQV8wMDAwX0RTQ180MjI5LTEuanBnIiwic2xpZGVzaG93IjoiZmMwNzYwNyJ9\" href='https:\/\/ialeman.cl\/wp-content\/uploads\/2024\/12\/VIAJE-DE-INTERCAMBIO-A-ALEMANIA_0000_DSC_4229-1.jpg'><img fetchpriority=\"high\" decoding=\"async\" width=\"1200\" height=\"801\" src=\"https:\/\/ialeman.cl\/wp-content\/uploads\/2024\/12\/VIAJE-DE-INTERCAMBIO-A-ALEMANIA_0000_DSC_4229-1.jpg\" class=\"attachment-full size-full\" alt=\"\" srcset=\"https:\/\/ialeman.cl\/wp-content\/uploads\/2024\/12\/VIAJE-DE-INTERCAMBIO-A-ALEMANIA_0000_DSC_4229-1.jpg 1200w, https:\/\/ialeman.cl\/wp-content\/uploads\/2024\/12\/VIAJE-DE-INTERCAMBIO-A-ALEMANIA_0000_DSC_4229-1-300x200.jpg 300w, https:\/\/ialeman.cl\/wp-content\/uploads\/2024\/12\/VIAJE-DE-INTERCAMBIO-A-ALEMANIA_0000_DSC_4229-1-1024x684.jpg 1024w, https:\/\/ialeman.cl\/wp-content\/uploads\/2024\/12\/VIAJE-DE-INTERCAMBIO-A-ALEMANIA_0000_DSC_4229-1-768x513.jpg 768w\" sizes=\"(max-width: 1200px) 100vw, 1200px\" \/><\/a>\n\t\t\t<\/div><\/figure><figure class='gallery-item'>\n\t\t\t<div class='gallery-icon landscape'>\n\t\t\t\t<a data-elementor-open-lightbox=\"yes\" data-elementor-lightbox-slideshow=\"fc07607\" data-elementor-lightbox-title=\"VIAJE DE INTERCAMBIO A ALEMANIA_0001_DSC_4236\" data-e-action-hash=\"#elementor-action%3Aaction%3Dlightbox%26settings%3DeyJpZCI6Mzk3NTksInVybCI6Imh0dHBzOlwvXC9pYWxlbWFuLmNsXC93cC1jb250ZW50XC91cGxvYWRzXC8yMDI0XC8xMlwvVklBSkUtREUtSU5URVJDQU1CSU8tQS1BTEVNQU5JQV8wMDAxX0RTQ180MjM2LTEuanBnIiwic2xpZGVzaG93IjoiZmMwNzYwNyJ9\" href='https:\/\/ialeman.cl\/wp-content\/uploads\/2024\/12\/VIAJE-DE-INTERCAMBIO-A-ALEMANIA_0001_DSC_4236-1.jpg'><img decoding=\"async\" width=\"1200\" height=\"801\" src=\"https:\/\/ialeman.cl\/wp-content\/uploads\/2024\/12\/VIAJE-DE-INTERCAMBIO-A-ALEMANIA_0001_DSC_4236-1.jpg\" class=\"attachment-full size-full\" alt=\"\" srcset=\"https:\/\/ialeman.cl\/wp-content\/uploads\/2024\/12\/VIAJE-DE-INTERCAMBIO-A-ALEMANIA_0001_DSC_4236-1.jpg 1200w, https:\/\/ialeman.cl\/wp-content\/uploads\/2024\/12\/VIAJE-DE-INTERCAMBIO-A-ALEMANIA_0001_DSC_4236-1-300x200.jpg 300w, https:\/\/ialeman.cl\/wp-content\/uploads\/2024\/12\/VIAJE-DE-INTERCAMBIO-A-ALEMANIA_0001_DSC_4236-1-1024x684.jpg 1024w, https:\/\/ialeman.cl\/wp-content\/uploads\/2024\/12\/VIAJE-DE-INTERCAMBIO-A-ALEMANIA_0001_DSC_4236-1-768x513.jpg 768w\" sizes=\"(max-width: 1200px) 100vw, 1200px\" \/><\/a>\n\t\t\t<\/div><\/figure><figure class='gallery-item'>\n\t\t\t<div class='gallery-icon landscape'>\n\t\t\t\t<a data-elementor-open-lightbox=\"yes\" data-elementor-lightbox-slideshow=\"fc07607\" data-elementor-lightbox-title=\"VIAJE DE INTERCAMBIO A ALEMANIA_0002_DSC_4099\" data-e-action-hash=\"#elementor-action%3Aaction%3Dlightbox%26settings%3DeyJpZCI6Mzk3NjAsInVybCI6Imh0dHBzOlwvXC9pYWxlbWFuLmNsXC93cC1jb250ZW50XC91cGxvYWRzXC8yMDI0XC8xMlwvVklBSkUtREUtSU5URVJDQU1CSU8tQS1BTEVNQU5JQV8wMDAyX0RTQ180MDk5LTEuanBnIiwic2xpZGVzaG93IjoiZmMwNzYwNyJ9\" href='https:\/\/ialeman.cl\/wp-content\/uploads\/2024\/12\/VIAJE-DE-INTERCAMBIO-A-ALEMANIA_0002_DSC_4099-1.jpg'><img decoding=\"async\" width=\"1200\" height=\"801\" src=\"https:\/\/ialeman.cl\/wp-content\/uploads\/2024\/12\/VIAJE-DE-INTERCAMBIO-A-ALEMANIA_0002_DSC_4099-1.jpg\" class=\"attachment-full size-full\" alt=\"\" srcset=\"https:\/\/ialeman.cl\/wp-content\/uploads\/2024\/12\/VIAJE-DE-INTERCAMBIO-A-ALEMANIA_0002_DSC_4099-1.jpg 1200w, https:\/\/ialeman.cl\/wp-content\/uploads\/2024\/12\/VIAJE-DE-INTERCAMBIO-A-ALEMANIA_0002_DSC_4099-1-300x200.jpg 300w, https:\/\/ialeman.cl\/wp-content\/uploads\/2024\/12\/VIAJE-DE-INTERCAMBIO-A-ALEMANIA_0002_DSC_4099-1-1024x684.jpg 1024w, https:\/\/ialeman.cl\/wp-content\/uploads\/2024\/12\/VIAJE-DE-INTERCAMBIO-A-ALEMANIA_0002_DSC_4099-1-768x513.jpg 768w\" sizes=\"(max-width: 1200px) 100vw, 1200px\" \/><\/a>\n\t\t\t<\/div><\/figure><figure class='gallery-item'>\n\t\t\t<div class='gallery-icon landscape'>\n\t\t\t\t<a data-elementor-open-lightbox=\"yes\" data-elementor-lightbox-slideshow=\"fc07607\" data-elementor-lightbox-title=\"VIAJE DE INTERCAMBIO A ALEMANIA_0003_DSC_4088\" data-e-action-hash=\"#elementor-action%3Aaction%3Dlightbox%26settings%3DeyJpZCI6Mzk3NjEsInVybCI6Imh0dHBzOlwvXC9pYWxlbWFuLmNsXC93cC1jb250ZW50XC91cGxvYWRzXC8yMDI0XC8xMlwvVklBSkUtREUtSU5URVJDQU1CSU8tQS1BTEVNQU5JQV8wMDAzX0RTQ180MDg4LTEuanBnIiwic2xpZGVzaG93IjoiZmMwNzYwNyJ9\" href='https:\/\/ialeman.cl\/wp-content\/uploads\/2024\/12\/VIAJE-DE-INTERCAMBIO-A-ALEMANIA_0003_DSC_4088-1.jpg'><img loading=\"lazy\" decoding=\"async\" width=\"1200\" height=\"801\" src=\"https:\/\/ialeman.cl\/wp-content\/uploads\/2024\/12\/VIAJE-DE-INTERCAMBIO-A-ALEMANIA_0003_DSC_4088-1.jpg\" class=\"attachment-full size-full\" alt=\"\" srcset=\"https:\/\/ialeman.cl\/wp-content\/uploads\/2024\/12\/VIAJE-DE-INTERCAMBIO-A-ALEMANIA_0003_DSC_4088-1.jpg 1200w, https:\/\/ialeman.cl\/wp-content\/uploads\/2024\/12\/VIAJE-DE-INTERCAMBIO-A-ALEMANIA_0003_DSC_4088-1-300x200.jpg 300w, https:\/\/ialeman.cl\/wp-content\/uploads\/2024\/12\/VIAJE-DE-INTERCAMBIO-A-ALEMANIA_0003_DSC_4088-1-1024x684.jpg 1024w, https:\/\/ialeman.cl\/wp-content\/uploads\/2024\/12\/VIAJE-DE-INTERCAMBIO-A-ALEMANIA_0003_DSC_4088-1-768x513.jpg 768w\" sizes=\"(max-width: 1200px) 100vw, 1200px\" \/><\/a>\n\t\t\t<\/div><\/figure><figure class='gallery-item'>\n\t\t\t<div class='gallery-icon landscape'>\n\t\t\t\t<a data-elementor-open-lightbox=\"yes\" data-elementor-lightbox-slideshow=\"fc07607\" data-elementor-lightbox-title=\"VIAJE DE INTERCAMBIO A ALEMANIA_0004_DSC_4231\" data-e-action-hash=\"#elementor-action%3Aaction%3Dlightbox%26settings%3DeyJpZCI6Mzk3NjIsInVybCI6Imh0dHBzOlwvXC9pYWxlbWFuLmNsXC93cC1jb250ZW50XC91cGxvYWRzXC8yMDI0XC8xMlwvVklBSkUtREUtSU5URVJDQU1CSU8tQS1BTEVNQU5JQV8wMDA0X0RTQ180MjMxLTEuanBnIiwic2xpZGVzaG93IjoiZmMwNzYwNyJ9\" href='https:\/\/ialeman.cl\/wp-content\/uploads\/2024\/12\/VIAJE-DE-INTERCAMBIO-A-ALEMANIA_0004_DSC_4231-1.jpg'><img loading=\"lazy\" decoding=\"async\" width=\"1200\" height=\"801\" src=\"https:\/\/ialeman.cl\/wp-content\/uploads\/2024\/12\/VIAJE-DE-INTERCAMBIO-A-ALEMANIA_0004_DSC_4231-1.jpg\" class=\"attachment-full size-full\" alt=\"\" srcset=\"https:\/\/ialeman.cl\/wp-content\/uploads\/2024\/12\/VIAJE-DE-INTERCAMBIO-A-ALEMANIA_0004_DSC_4231-1.jpg 1200w, https:\/\/ialeman.cl\/wp-content\/uploads\/2024\/12\/VIAJE-DE-INTERCAMBIO-A-ALEMANIA_0004_DSC_4231-1-300x200.jpg 300w, https:\/\/ialeman.cl\/wp-content\/uploads\/2024\/12\/VIAJE-DE-INTERCAMBIO-A-ALEMANIA_0004_DSC_4231-1-1024x684.jpg 1024w, https:\/\/ialeman.cl\/wp-content\/uploads\/2024\/12\/VIAJE-DE-INTERCAMBIO-A-ALEMANIA_0004_DSC_4231-1-768x513.jpg 768w\" sizes=\"(max-width: 1200px) 100vw, 1200px\" \/><\/a>\n\t\t\t<\/div><\/figure><figure class='gallery-item'>\n\t\t\t<div class='gallery-icon landscape'>\n\t\t\t\t<a data-elementor-open-lightbox=\"yes\" data-elementor-lightbox-slideshow=\"fc07607\" data-elementor-lightbox-title=\"VIAJE DE INTERCAMBIO A ALEMANIA_0005_DSC_4218\" data-e-action-hash=\"#elementor-action%3Aaction%3Dlightbox%26settings%3DeyJpZCI6Mzk3NjMsInVybCI6Imh0dHBzOlwvXC9pYWxlbWFuLmNsXC93cC1jb250ZW50XC91cGxvYWRzXC8yMDI0XC8xMlwvVklBSkUtREUtSU5URVJDQU1CSU8tQS1BTEVNQU5JQV8wMDA1X0RTQ180MjE4LTEuanBnIiwic2xpZGVzaG93IjoiZmMwNzYwNyJ9\" href='https:\/\/ialeman.cl\/wp-content\/uploads\/2024\/12\/VIAJE-DE-INTERCAMBIO-A-ALEMANIA_0005_DSC_4218-1.jpg'><img loading=\"lazy\" decoding=\"async\" width=\"1200\" height=\"801\" src=\"https:\/\/ialeman.cl\/wp-content\/uploads\/2024\/12\/VIAJE-DE-INTERCAMBIO-A-ALEMANIA_0005_DSC_4218-1.jpg\" class=\"attachment-full size-full\" alt=\"\" srcset=\"https:\/\/ialeman.cl\/wp-content\/uploads\/2024\/12\/VIAJE-DE-INTERCAMBIO-A-ALEMANIA_0005_DSC_4218-1.jpg 1200w, https:\/\/ialeman.cl\/wp-content\/uploads\/2024\/12\/VIAJE-DE-INTERCAMBIO-A-ALEMANIA_0005_DSC_4218-1-300x200.jpg 300w, https:\/\/ialeman.cl\/wp-content\/uploads\/2024\/12\/VIAJE-DE-INTERCAMBIO-A-ALEMANIA_0005_DSC_4218-1-1024x684.jpg 1024w, https:\/\/ialeman.cl\/wp-content\/uploads\/2024\/12\/VIAJE-DE-INTERCAMBIO-A-ALEMANIA_0005_DSC_4218-1-768x513.jpg 768w\" sizes=\"(max-width: 1200px) 100vw, 1200px\" \/><\/a>\n\t\t\t<\/div><\/figure><figure class='gallery-item'>\n\t\t\t<div class='gallery-icon landscape'>\n\t\t\t\t<a data-elementor-open-lightbox=\"yes\" data-elementor-lightbox-slideshow=\"fc07607\" data-elementor-lightbox-title=\"VIAJE DE INTERCAMBIO A ALEMANIA_0006_DSC_4186\" data-e-action-hash=\"#elementor-action%3Aaction%3Dlightbox%26settings%3DeyJpZCI6Mzk3NjQsInVybCI6Imh0dHBzOlwvXC9pYWxlbWFuLmNsXC93cC1jb250ZW50XC91cGxvYWRzXC8yMDI0XC8xMlwvVklBSkUtREUtSU5URVJDQU1CSU8tQS1BTEVNQU5JQV8wMDA2X0RTQ180MTg2LTEuanBnIiwic2xpZGVzaG93IjoiZmMwNzYwNyJ9\" href='https:\/\/ialeman.cl\/wp-content\/uploads\/2024\/12\/VIAJE-DE-INTERCAMBIO-A-ALEMANIA_0006_DSC_4186-1.jpg'><img loading=\"lazy\" decoding=\"async\" width=\"1200\" height=\"801\" src=\"https:\/\/ialeman.cl\/wp-content\/uploads\/2024\/12\/VIAJE-DE-INTERCAMBIO-A-ALEMANIA_0006_DSC_4186-1.jpg\" class=\"attachment-full size-full\" alt=\"\" srcset=\"https:\/\/ialeman.cl\/wp-content\/uploads\/2024\/12\/VIAJE-DE-INTERCAMBIO-A-ALEMANIA_0006_DSC_4186-1.jpg 1200w, https:\/\/ialeman.cl\/wp-content\/uploads\/2024\/12\/VIAJE-DE-INTERCAMBIO-A-ALEMANIA_0006_DSC_4186-1-300x200.jpg 300w, https:\/\/ialeman.cl\/wp-content\/uploads\/2024\/12\/VIAJE-DE-INTERCAMBIO-A-ALEMANIA_0006_DSC_4186-1-1024x684.jpg 1024w, https:\/\/ialeman.cl\/wp-content\/uploads\/2024\/12\/VIAJE-DE-INTERCAMBIO-A-ALEMANIA_0006_DSC_4186-1-768x513.jpg 768w\" sizes=\"(max-width: 1200px) 100vw, 1200px\" \/><\/a>\n\t\t\t<\/div><\/figure><figure class='gallery-item'>\n\t\t\t<div class='gallery-icon landscape'>\n\t\t\t\t<a data-elementor-open-lightbox=\"yes\" data-elementor-lightbox-slideshow=\"fc07607\" data-elementor-lightbox-title=\"VIAJE DE INTERCAMBIO A ALEMANIA_0007_DSC_4175\" data-e-action-hash=\"#elementor-action%3Aaction%3Dlightbox%26settings%3DeyJpZCI6Mzk3NjUsInVybCI6Imh0dHBzOlwvXC9pYWxlbWFuLmNsXC93cC1jb250ZW50XC91cGxvYWRzXC8yMDI0XC8xMlwvVklBSkUtREUtSU5URVJDQU1CSU8tQS1BTEVNQU5JQV8wMDA3X0RTQ180MTc1LTEuanBnIiwic2xpZGVzaG93IjoiZmMwNzYwNyJ9\" href='https:\/\/ialeman.cl\/wp-content\/uploads\/2024\/12\/VIAJE-DE-INTERCAMBIO-A-ALEMANIA_0007_DSC_4175-1.jpg'><img loading=\"lazy\" decoding=\"async\" width=\"1200\" height=\"801\" src=\"https:\/\/ialeman.cl\/wp-content\/uploads\/2024\/12\/VIAJE-DE-INTERCAMBIO-A-ALEMANIA_0007_DSC_4175-1.jpg\" class=\"attachment-full size-full\" alt=\"\" srcset=\"https:\/\/ialeman.cl\/wp-content\/uploads\/2024\/12\/VIAJE-DE-INTERCAMBIO-A-ALEMANIA_0007_DSC_4175-1.jpg 1200w, https:\/\/ialeman.cl\/wp-content\/uploads\/2024\/12\/VIAJE-DE-INTERCAMBIO-A-ALEMANIA_0007_DSC_4175-1-300x200.jpg 300w, https:\/\/ialeman.cl\/wp-content\/uploads\/2024\/12\/VIAJE-DE-INTERCAMBIO-A-ALEMANIA_0007_DSC_4175-1-1024x684.jpg 1024w, https:\/\/ialeman.cl\/wp-content\/uploads\/2024\/12\/VIAJE-DE-INTERCAMBIO-A-ALEMANIA_0007_DSC_4175-1-768x513.jpg 768w\" sizes=\"(max-width: 1200px) 100vw, 1200px\" \/><\/a>\n\t\t\t<\/div><\/figure><figure class='gallery-item'>\n\t\t\t<div class='gallery-icon landscape'>\n\t\t\t\t<a data-elementor-open-lightbox=\"yes\" data-elementor-lightbox-slideshow=\"fc07607\" data-elementor-lightbox-title=\"VIAJE DE INTERCAMBIO A ALEMANIA_0008_DSC_4171\" data-e-action-hash=\"#elementor-action%3Aaction%3Dlightbox%26settings%3DeyJpZCI6Mzk3NjYsInVybCI6Imh0dHBzOlwvXC9pYWxlbWFuLmNsXC93cC1jb250ZW50XC91cGxvYWRzXC8yMDI0XC8xMlwvVklBSkUtREUtSU5URVJDQU1CSU8tQS1BTEVNQU5JQV8wMDA4X0RTQ180MTcxLTEuanBnIiwic2xpZGVzaG93IjoiZmMwNzYwNyJ9\" href='https:\/\/ialeman.cl\/wp-content\/uploads\/2024\/12\/VIAJE-DE-INTERCAMBIO-A-ALEMANIA_0008_DSC_4171-1.jpg'><img loading=\"lazy\" decoding=\"async\" width=\"1200\" height=\"801\" src=\"https:\/\/ialeman.cl\/wp-content\/uploads\/2024\/12\/VIAJE-DE-INTERCAMBIO-A-ALEMANIA_0008_DSC_4171-1.jpg\" class=\"attachment-full size-full\" alt=\"\" srcset=\"https:\/\/ialeman.cl\/wp-content\/uploads\/2024\/12\/VIAJE-DE-INTERCAMBIO-A-ALEMANIA_0008_DSC_4171-1.jpg 1200w, https:\/\/ialeman.cl\/wp-content\/uploads\/2024\/12\/VIAJE-DE-INTERCAMBIO-A-ALEMANIA_0008_DSC_4171-1-300x200.jpg 300w, https:\/\/ialeman.cl\/wp-content\/uploads\/2024\/12\/VIAJE-DE-INTERCAMBIO-A-ALEMANIA_0008_DSC_4171-1-1024x684.jpg 1024w, https:\/\/ialeman.cl\/wp-content\/uploads\/2024\/12\/VIAJE-DE-INTERCAMBIO-A-ALEMANIA_0008_DSC_4171-1-768x513.jpg 768w\" sizes=\"(max-width: 1200px) 100vw, 1200px\" \/><\/a>\n\t\t\t<\/div><\/figure><figure class='gallery-item'>\n\t\t\t<div class='gallery-icon landscape'>\n\t\t\t\t<a data-elementor-open-lightbox=\"yes\" data-elementor-lightbox-slideshow=\"fc07607\" data-elementor-lightbox-title=\"VIAJE DE INTERCAMBIO A ALEMANIA_0009_DSC_4155\" data-e-action-hash=\"#elementor-action%3Aaction%3Dlightbox%26settings%3DeyJpZCI6Mzk3NjcsInVybCI6Imh0dHBzOlwvXC9pYWxlbWFuLmNsXC93cC1jb250ZW50XC91cGxvYWRzXC8yMDI0XC8xMlwvVklBSkUtREUtSU5URVJDQU1CSU8tQS1BTEVNQU5JQV8wMDA5X0RTQ180MTU1LTEuanBnIiwic2xpZGVzaG93IjoiZmMwNzYwNyJ9\" href='https:\/\/ialeman.cl\/wp-content\/uploads\/2024\/12\/VIAJE-DE-INTERCAMBIO-A-ALEMANIA_0009_DSC_4155-1.jpg'><img loading=\"lazy\" decoding=\"async\" width=\"1200\" height=\"801\" src=\"https:\/\/ialeman.cl\/wp-content\/uploads\/2024\/12\/VIAJE-DE-INTERCAMBIO-A-ALEMANIA_0009_DSC_4155-1.jpg\" class=\"attachment-full size-full\" alt=\"\" srcset=\"https:\/\/ialeman.cl\/wp-content\/uploads\/2024\/12\/VIAJE-DE-INTERCAMBIO-A-ALEMANIA_0009_DSC_4155-1.jpg 1200w, https:\/\/ialeman.cl\/wp-content\/uploads\/2024\/12\/VIAJE-DE-INTERCAMBIO-A-ALEMANIA_0009_DSC_4155-1-300x200.jpg 300w, https:\/\/ialeman.cl\/wp-content\/uploads\/2024\/12\/VIAJE-DE-INTERCAMBIO-A-ALEMANIA_0009_DSC_4155-1-1024x684.jpg 1024w, https:\/\/ialeman.cl\/wp-content\/uploads\/2024\/12\/VIAJE-DE-INTERCAMBIO-A-ALEMANIA_0009_DSC_4155-1-768x513.jpg 768w\" sizes=\"(max-width: 1200px) 100vw, 1200px\" \/><\/a>\n\t\t\t<\/div><\/figure><figure class='gallery-item'>\n\t\t\t<div class='gallery-icon landscape'>\n\t\t\t\t<a data-elementor-open-lightbox=\"yes\" data-elementor-lightbox-slideshow=\"fc07607\" data-elementor-lightbox-title=\"VIAJE DE INTERCAMBIO A ALEMANIA_0010_DSC_4152\" data-e-action-hash=\"#elementor-action%3Aaction%3Dlightbox%26settings%3DeyJpZCI6Mzk3NjgsInVybCI6Imh0dHBzOlwvXC9pYWxlbWFuLmNsXC93cC1jb250ZW50XC91cGxvYWRzXC8yMDI0XC8xMlwvVklBSkUtREUtSU5URVJDQU1CSU8tQS1BTEVNQU5JQV8wMDEwX0RTQ180MTUyLTEuanBnIiwic2xpZGVzaG93IjoiZmMwNzYwNyJ9\" href='https:\/\/ialeman.cl\/wp-content\/uploads\/2024\/12\/VIAJE-DE-INTERCAMBIO-A-ALEMANIA_0010_DSC_4152-1.jpg'><img loading=\"lazy\" decoding=\"async\" width=\"1200\" height=\"801\" src=\"https:\/\/ialeman.cl\/wp-content\/uploads\/2024\/12\/VIAJE-DE-INTERCAMBIO-A-ALEMANIA_0010_DSC_4152-1.jpg\" class=\"attachment-full size-full\" alt=\"\" srcset=\"https:\/\/ialeman.cl\/wp-content\/uploads\/2024\/12\/VIAJE-DE-INTERCAMBIO-A-ALEMANIA_0010_DSC_4152-1.jpg 1200w, https:\/\/ialeman.cl\/wp-content\/uploads\/2024\/12\/VIAJE-DE-INTERCAMBIO-A-ALEMANIA_0010_DSC_4152-1-300x200.jpg 300w, https:\/\/ialeman.cl\/wp-content\/uploads\/2024\/12\/VIAJE-DE-INTERCAMBIO-A-ALEMANIA_0010_DSC_4152-1-1024x684.jpg 1024w, https:\/\/ialeman.cl\/wp-content\/uploads\/2024\/12\/VIAJE-DE-INTERCAMBIO-A-ALEMANIA_0010_DSC_4152-1-768x513.jpg 768w\" sizes=\"(max-width: 1200px) 100vw, 1200px\" \/><\/a>\n\t\t\t<\/div><\/figure><figure class='gallery-item'>\n\t\t\t<div class='gallery-icon landscape'>\n\t\t\t\t<a data-elementor-open-lightbox=\"yes\" data-elementor-lightbox-slideshow=\"fc07607\" data-elementor-lightbox-title=\"VIAJE DE INTERCAMBIO A ALEMANIA_0011_DSC_4143\" data-e-action-hash=\"#elementor-action%3Aaction%3Dlightbox%26settings%3DeyJpZCI6Mzk3NjksInVybCI6Imh0dHBzOlwvXC9pYWxlbWFuLmNsXC93cC1jb250ZW50XC91cGxvYWRzXC8yMDI0XC8xMlwvVklBSkUtREUtSU5URVJDQU1CSU8tQS1BTEVNQU5JQV8wMDExX0RTQ180MTQzLTEuanBnIiwic2xpZGVzaG93IjoiZmMwNzYwNyJ9\" href='https:\/\/ialeman.cl\/wp-content\/uploads\/2024\/12\/VIAJE-DE-INTERCAMBIO-A-ALEMANIA_0011_DSC_4143-1.jpg'><img loading=\"lazy\" decoding=\"async\" width=\"1200\" height=\"801\" src=\"https:\/\/ialeman.cl\/wp-content\/uploads\/2024\/12\/VIAJE-DE-INTERCAMBIO-A-ALEMANIA_0011_DSC_4143-1.jpg\" class=\"attachment-full size-full\" alt=\"\" srcset=\"https:\/\/ialeman.cl\/wp-content\/uploads\/2024\/12\/VIAJE-DE-INTERCAMBIO-A-ALEMANIA_0011_DSC_4143-1.jpg 1200w, https:\/\/ialeman.cl\/wp-content\/uploads\/2024\/12\/VIAJE-DE-INTERCAMBIO-A-ALEMANIA_0011_DSC_4143-1-300x200.jpg 300w, https:\/\/ialeman.cl\/wp-content\/uploads\/2024\/12\/VIAJE-DE-INTERCAMBIO-A-ALEMANIA_0011_DSC_4143-1-1024x684.jpg 1024w, https:\/\/ialeman.cl\/wp-content\/uploads\/2024\/12\/VIAJE-DE-INTERCAMBIO-A-ALEMANIA_0011_DSC_4143-1-768x513.jpg 768w\" sizes=\"(max-width: 1200px) 100vw, 1200px\" \/><\/a>\n\t\t\t<\/div><\/figure><figure class='gallery-item'>\n\t\t\t<div class='gallery-icon landscape'>\n\t\t\t\t<a data-elementor-open-lightbox=\"yes\" data-elementor-lightbox-slideshow=\"fc07607\" data-elementor-lightbox-title=\"VIAJE DE INTERCAMBIO A ALEMANIA_0012_DSC_4117\" data-e-action-hash=\"#elementor-action%3Aaction%3Dlightbox%26settings%3DeyJpZCI6Mzk3NzAsInVybCI6Imh0dHBzOlwvXC9pYWxlbWFuLmNsXC93cC1jb250ZW50XC91cGxvYWRzXC8yMDI0XC8xMlwvVklBSkUtREUtSU5URVJDQU1CSU8tQS1BTEVNQU5JQV8wMDEyX0RTQ180MTE3LTEuanBnIiwic2xpZGVzaG93IjoiZmMwNzYwNyJ9\" href='https:\/\/ialeman.cl\/wp-content\/uploads\/2024\/12\/VIAJE-DE-INTERCAMBIO-A-ALEMANIA_0012_DSC_4117-1.jpg'><img loading=\"lazy\" decoding=\"async\" width=\"1200\" height=\"801\" src=\"https:\/\/ialeman.cl\/wp-content\/uploads\/2024\/12\/VIAJE-DE-INTERCAMBIO-A-ALEMANIA_0012_DSC_4117-1.jpg\" class=\"attachment-full size-full\" alt=\"\" srcset=\"https:\/\/ialeman.cl\/wp-content\/uploads\/2024\/12\/VIAJE-DE-INTERCAMBIO-A-ALEMANIA_0012_DSC_4117-1.jpg 1200w, https:\/\/ialeman.cl\/wp-content\/uploads\/2024\/12\/VIAJE-DE-INTERCAMBIO-A-ALEMANIA_0012_DSC_4117-1-300x200.jpg 300w, https:\/\/ialeman.cl\/wp-content\/uploads\/2024\/12\/VIAJE-DE-INTERCAMBIO-A-ALEMANIA_0012_DSC_4117-1-1024x684.jpg 1024w, https:\/\/ialeman.cl\/wp-content\/uploads\/2024\/12\/VIAJE-DE-INTERCAMBIO-A-ALEMANIA_0012_DSC_4117-1-768x513.jpg 768w\" sizes=\"(max-width: 1200px) 100vw, 1200px\" \/><\/a>\n\t\t\t<\/div><\/figure><figure class='gallery-item'>\n\t\t\t<div class='gallery-icon landscape'>\n\t\t\t\t<a data-elementor-open-lightbox=\"yes\" data-elementor-lightbox-slideshow=\"fc07607\" data-elementor-lightbox-title=\"VIAJE DE INTERCAMBIO A ALEMANIA_0013_DSC_4207\" data-e-action-hash=\"#elementor-action%3Aaction%3Dlightbox%26settings%3DeyJpZCI6Mzk3NzEsInVybCI6Imh0dHBzOlwvXC9pYWxlbWFuLmNsXC93cC1jb250ZW50XC91cGxvYWRzXC8yMDI0XC8xMlwvVklBSkUtREUtSU5URVJDQU1CSU8tQS1BTEVNQU5JQV8wMDEzX0RTQ180MjA3LTEuanBnIiwic2xpZGVzaG93IjoiZmMwNzYwNyJ9\" href='https:\/\/ialeman.cl\/wp-content\/uploads\/2024\/12\/VIAJE-DE-INTERCAMBIO-A-ALEMANIA_0013_DSC_4207-1.jpg'><img loading=\"lazy\" decoding=\"async\" width=\"1200\" height=\"801\" src=\"https:\/\/ialeman.cl\/wp-content\/uploads\/2024\/12\/VIAJE-DE-INTERCAMBIO-A-ALEMANIA_0013_DSC_4207-1.jpg\" class=\"attachment-full size-full\" alt=\"\" srcset=\"https:\/\/ialeman.cl\/wp-content\/uploads\/2024\/12\/VIAJE-DE-INTERCAMBIO-A-ALEMANIA_0013_DSC_4207-1.jpg 1200w, https:\/\/ialeman.cl\/wp-content\/uploads\/2024\/12\/VIAJE-DE-INTERCAMBIO-A-ALEMANIA_0013_DSC_4207-1-300x200.jpg 300w, https:\/\/ialeman.cl\/wp-content\/uploads\/2024\/12\/VIAJE-DE-INTERCAMBIO-A-ALEMANIA_0013_DSC_4207-1-1024x684.jpg 1024w, https:\/\/ialeman.cl\/wp-content\/uploads\/2024\/12\/VIAJE-DE-INTERCAMBIO-A-ALEMANIA_0013_DSC_4207-1-768x513.jpg 768w\" sizes=\"(max-width: 1200px) 100vw, 1200px\" \/><\/a>\n\t\t\t<\/div><\/figure><figure class='gallery-item'>\n\t\t\t<div class='gallery-icon landscape'>\n\t\t\t\t<a data-elementor-open-lightbox=\"yes\" data-elementor-lightbox-slideshow=\"fc07607\" data-elementor-lightbox-title=\"VIAJE DE INTERCAMBIO A ALEMANIA_0014_DSC_4107\" data-e-action-hash=\"#elementor-action%3Aaction%3Dlightbox%26settings%3DeyJpZCI6Mzk3NzIsInVybCI6Imh0dHBzOlwvXC9pYWxlbWFuLmNsXC93cC1jb250ZW50XC91cGxvYWRzXC8yMDI0XC8xMlwvVklBSkUtREUtSU5URVJDQU1CSU8tQS1BTEVNQU5JQV8wMDE0X0RTQ180MTA3LTEuanBnIiwic2xpZGVzaG93IjoiZmMwNzYwNyJ9\" href='https:\/\/ialeman.cl\/wp-content\/uploads\/2024\/12\/VIAJE-DE-INTERCAMBIO-A-ALEMANIA_0014_DSC_4107-1.jpg'><img loading=\"lazy\" decoding=\"async\" width=\"1200\" height=\"801\" src=\"https:\/\/ialeman.cl\/wp-content\/uploads\/2024\/12\/VIAJE-DE-INTERCAMBIO-A-ALEMANIA_0014_DSC_4107-1.jpg\" class=\"attachment-full size-full\" alt=\"\" srcset=\"https:\/\/ialeman.cl\/wp-content\/uploads\/2024\/12\/VIAJE-DE-INTERCAMBIO-A-ALEMANIA_0014_DSC_4107-1.jpg 1200w, https:\/\/ialeman.cl\/wp-content\/uploads\/2024\/12\/VIAJE-DE-INTERCAMBIO-A-ALEMANIA_0014_DSC_4107-1-300x200.jpg 300w, https:\/\/ialeman.cl\/wp-content\/uploads\/2024\/12\/VIAJE-DE-INTERCAMBIO-A-ALEMANIA_0014_DSC_4107-1-1024x684.jpg 1024w, https:\/\/ialeman.cl\/wp-content\/uploads\/2024\/12\/VIAJE-DE-INTERCAMBIO-A-ALEMANIA_0014_DSC_4107-1-768x513.jpg 768w\" sizes=\"(max-width: 1200px) 100vw, 1200px\" \/><\/a>\n\t\t\t<\/div><\/figure><figure class='gallery-item'>\n\t\t\t<div class='gallery-icon landscape'>\n\t\t\t\t<a data-elementor-open-lightbox=\"yes\" data-elementor-lightbox-slideshow=\"fc07607\" data-elementor-lightbox-title=\"VIAJE DE INTERCAMBIO A ALEMANIA_0015_DSC_4131\" data-e-action-hash=\"#elementor-action%3Aaction%3Dlightbox%26settings%3DeyJpZCI6Mzk3NzMsInVybCI6Imh0dHBzOlwvXC9pYWxlbWFuLmNsXC93cC1jb250ZW50XC91cGxvYWRzXC8yMDI0XC8xMlwvVklBSkUtREUtSU5URVJDQU1CSU8tQS1BTEVNQU5JQV8wMDE1X0RTQ180MTMxLTEuanBnIiwic2xpZGVzaG93IjoiZmMwNzYwNyJ9\" href='https:\/\/ialeman.cl\/wp-content\/uploads\/2024\/12\/VIAJE-DE-INTERCAMBIO-A-ALEMANIA_0015_DSC_4131-1.jpg'><img loading=\"lazy\" decoding=\"async\" width=\"1200\" height=\"801\" src=\"https:\/\/ialeman.cl\/wp-content\/uploads\/2024\/12\/VIAJE-DE-INTERCAMBIO-A-ALEMANIA_0015_DSC_4131-1.jpg\" class=\"attachment-full size-full\" alt=\"\" srcset=\"https:\/\/ialeman.cl\/wp-content\/uploads\/2024\/12\/VIAJE-DE-INTERCAMBIO-A-ALEMANIA_0015_DSC_4131-1.jpg 1200w, https:\/\/ialeman.cl\/wp-content\/uploads\/2024\/12\/VIAJE-DE-INTERCAMBIO-A-ALEMANIA_0015_DSC_4131-1-300x200.jpg 300w, https:\/\/ialeman.cl\/wp-content\/uploads\/2024\/12\/VIAJE-DE-INTERCAMBIO-A-ALEMANIA_0015_DSC_4131-1-1024x684.jpg 1024w, https:\/\/ialeman.cl\/wp-content\/uploads\/2024\/12\/VIAJE-DE-INTERCAMBIO-A-ALEMANIA_0015_DSC_4131-1-768x513.jpg 768w\" sizes=\"(max-width: 1200px) 100vw, 1200px\" \/><\/a>\n\t\t\t<\/div><\/figure>\n\t\t<\/div>\n\t\t<\/div>\n\t\t\t\t\t\t<\/div>\n\t\t\t\t<\/div>\n\t\t\t\t\t<\/div>\n\t\t<\/div>\n\t\t\t\t\t<\/div>\n\t\t<\/section>\n\t\t\t\t<\/div>\n\t\t","protected":false},"excerpt":{"rendered":"<p>Estudiantes de II Medio del Instituto Alem\u00e1n de Puerto Montt viajaron a Alemania de intercambio escolar Con gran emoci\u00f3n despedimos en el aeropuerto El Tepual a los primeros 15 estudiantes de II Medio que viajaron a Alemania como parte del programa de intercambio estudiantil del Instituto Alem\u00e1n de Puerto Montt. Este grupo, que parti\u00f3 el [&hellip;]<\/p>\n","protected":false},"author":1,"featured_media":39742,"comment_status":"closed","ping_status":"closed","sticky":false,"template":"","format":"standard","meta":{"site-sidebar-layout":"default","site-content-layout":"","ast-site-content-layout":"default","site-content-style":"default","site-sidebar-style":"default","ast-global-header-display":"","ast-banner-title-visibility":"","ast-main-header-display":"","ast-hfb-above-header-display":"","ast-hfb-below-header-display":"","ast-hfb-mobile-header-display":"","site-post-title":"disabled","ast-breadcrumbs-content":"","ast-featured-img":"disabled","footer-sml-layout":"","ast-disable-related-posts":"","theme-transparent-header-meta":"","adv-header-id-meta":"","stick-header-meta":"","header-above-stick-meta":"","header-main-stick-meta":"","header-below-stick-meta":"","astra-migrate-meta-layouts":"set","ast-page-background-enabled":"default","ast-page-background-meta":{"desktop":{"background-color":"var(--ast-global-color-4)","background-image":"","background-repeat":"repeat","background-position":"center center","background-size":"auto","background-attachment":"scroll","background-type":"","background-media":"","overlay-type":"","overlay-color":"","overlay-opacity":"","overlay-gradient":""},"tablet":{"background-color":"","background-image":"","background-repeat":"repeat","background-position":"center center","background-size":"auto","background-attachment":"scroll","background-type":"","background-media":"","overlay-type":"","overlay-color":"","overlay-opacity":"","overlay-gradient":""},"mobile":{"background-color":"","background-image":"","background-repeat":"repeat","background-position":"center center","background-size":"auto","background-attachment":"scroll","background-type":"","background-media":"","overlay-type":"","overlay-color":"","overlay-opacity":"","overlay-gradient":""}},"ast-content-background-meta":{"desktop":{"background-color":"var(--ast-global-color-5)","background-image":"","background-repeat":"repeat","background-position":"center center","background-size":"auto","background-attachment":"scroll","background-type":"","background-media":"","overlay-type":"","overlay-color":"","overlay-opacity":"","overlay-gradient":""},"tablet":{"background-color":"var(--ast-global-color-5)","background-image":"","background-repeat":"repeat","background-position":"center center","background-size":"auto","background-attachment":"scroll","background-type":"","background-media":"","overlay-type":"","overlay-color":"","overlay-opacity":"","overlay-gradient":""},"mobile":{"background-color":"var(--ast-global-color-5)","background-image":"","background-repeat":"repeat","background-position":"center center","background-size":"auto","background-attachment":"scroll","background-type":"","background-media":"","overlay-type":"","overlay-color":"","overlay-opacity":"","overlay-gradient":""}},"advanced_seo_description":"","jetpack_seo_html_title":"","jetpack_seo_noindex":false,"jetpack_seo_schema_type":"","_jetpack_newsletter_access":"","_jetpack_dont_email_post_to_subs":false,"_jetpack_newsletter_tier_id":0,"_jetpack_memberships_contains_paywalled_content":false,"_wpcom_ai_launchpad_first_post":false,"_jetpack_feature_clip_id":0,"_jetpack_memberships_contains_paid_content":false,"footnotes":"","jetpack_post_was_ever_published":false},"categories":[10],"tags":[],"class_list":["post-39736","post","type-post","status-publish","format-standard","has-post-thumbnail","hentry","category-noticias"],"jetpack_shortlink":"https:\/\/wp.me\/ph8I5c-akU","jetpack_sharing_enabled":true,"jetpack_featured_media_url":"https:\/\/ialeman.cl\/wp-content\/uploads\/2024\/12\/VIAJE-DE-INTERCAMBIO-A-ALEMANIA_0005_DSC_4218.jpg","_links":{"self":[{"href":"https:\/\/ialeman.cl\/index.php\/wp-json\/wp\/v2\/posts\/39736","targetHints":{"allow":["GET"]}}],"collection":[{"href":"https:\/\/ialeman.cl\/index.php\/wp-json\/wp\/v2\/posts"}],"about":[{"href":"https:\/\/ialeman.cl\/index.php\/wp-json\/wp\/v2\/types\/post"}],"author":[{"embeddable":true,"href":"https:\/\/ialeman.cl\/index.php\/wp-json\/wp\/v2\/users\/1"}],"replies":[{"embeddable":true,"href":"https:\/\/ialeman.cl\/index.php\/wp-json\/wp\/v2\/comments?post=39736"}],"version-history":[{"count":15,"href":"https:\/\/ialeman.cl\/index.php\/wp-json\/wp\/v2\/posts\/39736\/revisions"}],"predecessor-version":[{"id":39920,"href":"https:\/\/ialeman.cl\/index.php\/wp-json\/wp\/v2\/posts\/39736\/revisions\/39920"}],"wp:featuredmedia":[{"embeddable":true,"href":"https:\/\/ialeman.cl\/index.php\/wp-json\/wp\/v2\/media\/39742"}],"wp:attachment":[{"href":"https:\/\/ialeman.cl\/index.php\/wp-json\/wp\/v2\/media?parent=39736"}],"wp:term":[{"taxonomy":"category","embeddable":true,"href":"https:\/\/ialeman.cl\/index.php\/wp-json\/wp\/v2\/categories?post=39736"},{"taxonomy":"post_tag","embeddable":true,"href":"https:\/\/ialeman.cl\/index.php\/wp-json\/wp\/v2\/tags?post=39736"}],"curies":[{"name":"wp","href":"https:\/\/api.w.org\/{rel}","templated":true}]}}