{"id":37369,"date":"2024-09-11T13:32:20","date_gmt":"2024-09-11T17:32:20","guid":{"rendered":"https:\/\/ialeman.cl\/?p=37369"},"modified":"2024-09-13T09:23:35","modified_gmt":"2024-09-13T13:23:35","slug":"gala-folclorica-2024","status":"publish","type":"post","link":"https:\/\/ialeman.cl\/index.php\/gala-folclorica-2024\/","title":{"rendered":"Gala Folcl\u00f3rica 2024"},"content":{"rendered":"\t\t<div data-elementor-type=\"wp-post\" data-elementor-id=\"37369\" class=\"elementor elementor-37369\">\n\t\t\t\t\t\t<section class=\"elementor-section elementor-top-section elementor-element elementor-element-0f274bc elementor-section-boxed elementor-section-height-default elementor-section-height-default\" data-id=\"0f274bc\" data-element_type=\"section\" data-e-type=\"section\">\n\t\t\t\t\t\t<div class=\"elementor-container elementor-column-gap-default\">\n\t\t\t\t\t<div class=\"elementor-column elementor-col-100 elementor-top-column elementor-element elementor-element-06d7852\" data-id=\"06d7852\" data-element_type=\"column\" data-e-type=\"column\">\n\t\t\t<div class=\"elementor-widget-wrap elementor-element-populated\">\n\t\t\t\t\t\t<div class=\"elementor-element elementor-element-a92ab42 elementor-widget elementor-widget-heading\" data-id=\"a92ab42\" data-element_type=\"widget\" data-e-type=\"widget\" data-widget_type=\"heading.default\">\n\t\t\t\t<div class=\"elementor-widget-container\">\n\t\t\t\t\t<h2 class=\"elementor-heading-title elementor-size-default\">Gala Folcl\u00f3rica 2024<\/h2>\t\t\t\t<\/div>\n\t\t\t\t<\/div>\n\t\t\t\t\t<\/div>\n\t\t<\/div>\n\t\t\t\t\t<\/div>\n\t\t<\/section>\n\t\t\t\t<section class=\"elementor-section elementor-top-section elementor-element elementor-element-7e615d5 elementor-section-boxed elementor-section-height-default elementor-section-height-default\" data-id=\"7e615d5\" data-element_type=\"section\" data-e-type=\"section\">\n\t\t\t\t\t\t<div class=\"elementor-container elementor-column-gap-default\">\n\t\t\t\t\t<div class=\"elementor-column elementor-col-100 elementor-top-column elementor-element elementor-element-f5d6b97\" data-id=\"f5d6b97\" data-element_type=\"column\" data-e-type=\"column\">\n\t\t\t<div class=\"elementor-widget-wrap elementor-element-populated\">\n\t\t\t\t\t\t<div class=\"elementor-element elementor-element-afa4b3e elementor-widget elementor-widget-heading\" data-id=\"afa4b3e\" data-element_type=\"widget\" data-e-type=\"widget\" data-widget_type=\"heading.default\">\n\t\t\t\t<div class=\"elementor-widget-container\">\n\t\t\t\t\t<h2 class=\"elementor-heading-title elementor-size-default\">Una espectacular celebraci\u00f3n de Fiestas Patrias se vivi\u00f3 en el Instituto Alem\u00e1n de Puerto Montt con la Gala Folcl\u00f3rica 2024.<br><br>\n\nEn el gimnasio del colegio, con una alta asistencia de familias, los ni\u00f1os de Educaci\u00f3n Inicial y 1\u00b0 Ciclo ofrecieron, el martes 10 de septiembre, una hermosa presentaci\u00f3n, haciendo un recorrido art\u00edstico y musical por las tradiciones de Chile, desde el norte hasta el sur.<br><br>\n\nEn tanto, los estudiantes del 2\u00b0 Ciclo y Ense\u00f1anza Media tambi\u00e9n protagonizaron un impecable evento, el jueves 12 de septiembre, lleno de emoci\u00f3n y calidad. En la actividad se reflej\u00f3 el aprecio por el folclore y las costumbres en Fiestas Patrias. <br><br>\n\nDurante la Gala Folcl\u00f3rica, la respuesta del p\u00fablico fue realmente incre\u00edble, pues el gimnasio vibr\u00f3 con cada baile y aplaudi\u00f3 cada una de las presentaciones de los cursos.<br><br>\n\nEl Instituto Alem\u00e1n de Puerto Montt felicita a todos los estudiantes por su impecable presentaci\u00f3n durante la Gala Folcl\u00f3rica de Fiestas Patrias y agradece el trabajo y dedicaci\u00f3n de los profesores del Departamento de Educaci\u00f3n F\u00edsica, Artes y M\u00fasica, quienes hicieron posible el \u00e9xito del evento.  <br><br>\n\nLes invitamos a ver la galer\u00eda de fotos para disfrutar de los mejores momentos de la Gala Folcl\u00f3rica 2024.<\/h2>\t\t\t\t<\/div>\n\t\t\t\t<\/div>\n\t\t\t\t\t<\/div>\n\t\t<\/div>\n\t\t\t\t\t<\/div>\n\t\t<\/section>\n\t\t\t\t<section class=\"elementor-section elementor-top-section elementor-element elementor-element-49f8230 elementor-section-boxed elementor-section-height-default elementor-section-height-default\" data-id=\"49f8230\" data-element_type=\"section\" data-e-type=\"section\">\n\t\t\t\t\t\t<div class=\"elementor-container elementor-column-gap-default\">\n\t\t\t\t\t<div class=\"elementor-column elementor-col-50 elementor-top-column elementor-element elementor-element-afa8bad\" data-id=\"afa8bad\" data-element_type=\"column\" data-e-type=\"column\">\n\t\t\t<div class=\"elementor-widget-wrap elementor-element-populated\">\n\t\t\t\t\t\t<div class=\"elementor-element elementor-element-4b78380 elementor-widget elementor-widget-image\" data-id=\"4b78380\" data-element_type=\"widget\" data-e-type=\"widget\" data-widget_type=\"image.default\">\n\t\t\t\t<div class=\"elementor-widget-container\">\n\t\t\t\t\t\t\t\t\t\t\t\t\t\t\t<img fetchpriority=\"high\" decoding=\"async\" width=\"1024\" height=\"684\" src=\"https:\/\/ialeman.cl\/wp-content\/uploads\/2024\/09\/gala-folclorica-educacion-inicial_0033_DSC_1029-1-1024x684.jpg\" class=\"attachment-large size-large wp-image-37388\" alt=\"\" srcset=\"https:\/\/ialeman.cl\/wp-content\/uploads\/2024\/09\/gala-folclorica-educacion-inicial_0033_DSC_1029-1-1024x684.jpg 1024w, https:\/\/ialeman.cl\/wp-content\/uploads\/2024\/09\/gala-folclorica-educacion-inicial_0033_DSC_1029-1-300x200.jpg 300w, https:\/\/ialeman.cl\/wp-content\/uploads\/2024\/09\/gala-folclorica-educacion-inicial_0033_DSC_1029-1-768x513.jpg 768w, https:\/\/ialeman.cl\/wp-content\/uploads\/2024\/09\/gala-folclorica-educacion-inicial_0033_DSC_1029-1.jpg 1200w\" sizes=\"(max-width: 1024px) 100vw, 1024px\" \/>\t\t\t\t\t\t\t\t\t\t\t\t\t\t\t<\/div>\n\t\t\t\t<\/div>\n\t\t\t\t<div class=\"elementor-element elementor-element-487d7bf elementor-widget elementor-widget-heading\" data-id=\"487d7bf\" data-element_type=\"widget\" data-e-type=\"widget\" data-widget_type=\"heading.default\">\n\t\t\t\t<div class=\"elementor-widget-container\">\n\t\t\t\t\t<h2 class=\"elementor-heading-title elementor-size-default\"><a href=\"https:\/\/ialeman.cl\/index.php\/gala-folclorica-educacion-inicial\/\">Gala Folcl\u00f3rica  Educaci\u00f3n Inicial <\/a><\/h2>\t\t\t\t<\/div>\n\t\t\t\t<\/div>\n\t\t\t\t\t<\/div>\n\t\t<\/div>\n\t\t\t\t<div class=\"elementor-column elementor-col-50 elementor-top-column elementor-element elementor-element-283f25b\" data-id=\"283f25b\" data-element_type=\"column\" data-e-type=\"column\">\n\t\t\t<div class=\"elementor-widget-wrap elementor-element-populated\">\n\t\t\t\t\t\t<div class=\"elementor-element elementor-element-d6d566e elementor-widget elementor-widget-image\" data-id=\"d6d566e\" data-element_type=\"widget\" data-e-type=\"widget\" data-widget_type=\"image.default\">\n\t\t\t\t<div class=\"elementor-widget-container\">\n\t\t\t\t\t\t\t\t\t\t\t\t\t\t\t<img decoding=\"async\" width=\"1024\" height=\"684\" src=\"https:\/\/ialeman.cl\/wp-content\/uploads\/2024\/09\/GALA-FOLCLORICA-PRIMER-CICLO-_0010_DSC_1736-1-1024x684.jpg\" class=\"attachment-large size-large wp-image-37215\" alt=\"\" srcset=\"https:\/\/ialeman.cl\/wp-content\/uploads\/2024\/09\/GALA-FOLCLORICA-PRIMER-CICLO-_0010_DSC_1736-1-1024x684.jpg 1024w, https:\/\/ialeman.cl\/wp-content\/uploads\/2024\/09\/GALA-FOLCLORICA-PRIMER-CICLO-_0010_DSC_1736-1-300x200.jpg 300w, https:\/\/ialeman.cl\/wp-content\/uploads\/2024\/09\/GALA-FOLCLORICA-PRIMER-CICLO-_0010_DSC_1736-1-768x513.jpg 768w, https:\/\/ialeman.cl\/wp-content\/uploads\/2024\/09\/GALA-FOLCLORICA-PRIMER-CICLO-_0010_DSC_1736-1.jpg 1200w\" sizes=\"(max-width: 1024px) 100vw, 1024px\" \/>\t\t\t\t\t\t\t\t\t\t\t\t\t\t\t<\/div>\n\t\t\t\t<\/div>\n\t\t\t\t<div class=\"elementor-element elementor-element-b073bad elementor-widget elementor-widget-heading\" data-id=\"b073bad\" data-element_type=\"widget\" data-e-type=\"widget\" data-widget_type=\"heading.default\">\n\t\t\t\t<div class=\"elementor-widget-container\">\n\t\t\t\t\t<h2 class=\"elementor-heading-title elementor-size-default\"><a href=\"https:\/\/ialeman.cl\/index.php\/gala-folclorica-1-ciclo-2024\/\">Gala Folcl\u00f3rica 1\u00b0 Ciclo B\u00e1sico <\/a><\/h2>\t\t\t\t<\/div>\n\t\t\t\t<\/div>\n\t\t\t\t\t<\/div>\n\t\t<\/div>\n\t\t\t\t\t<\/div>\n\t\t<\/section>\n\t\t\t\t<section class=\"elementor-section elementor-top-section elementor-element elementor-element-0f7c69d elementor-section-boxed elementor-section-height-default elementor-section-height-default\" data-id=\"0f7c69d\" data-element_type=\"section\" data-e-type=\"section\">\n\t\t\t\t\t\t<div class=\"elementor-container elementor-column-gap-default\">\n\t\t\t\t\t<div class=\"elementor-column elementor-col-50 elementor-top-column elementor-element elementor-element-1ae7040\" data-id=\"1ae7040\" data-element_type=\"column\" data-e-type=\"column\">\n\t\t\t<div class=\"elementor-widget-wrap elementor-element-populated\">\n\t\t\t\t\t\t<div class=\"elementor-element elementor-element-60a024e elementor-widget elementor-widget-image\" data-id=\"60a024e\" data-element_type=\"widget\" data-e-type=\"widget\" data-widget_type=\"image.default\">\n\t\t\t\t<div class=\"elementor-widget-container\">\n\t\t\t\t\t\t\t\t\t\t\t\t\t\t\t<img decoding=\"async\" width=\"1024\" height=\"684\" src=\"https:\/\/ialeman.cl\/wp-content\/uploads\/2024\/09\/gala-segundo-ciclo-basico_0025_DSC_2433-1024x684.jpg\" class=\"attachment-large size-large wp-image-37445\" alt=\"\" srcset=\"https:\/\/ialeman.cl\/wp-content\/uploads\/2024\/09\/gala-segundo-ciclo-basico_0025_DSC_2433-1024x684.jpg 1024w, https:\/\/ialeman.cl\/wp-content\/uploads\/2024\/09\/gala-segundo-ciclo-basico_0025_DSC_2433-300x200.jpg 300w, https:\/\/ialeman.cl\/wp-content\/uploads\/2024\/09\/gala-segundo-ciclo-basico_0025_DSC_2433-768x513.jpg 768w, https:\/\/ialeman.cl\/wp-content\/uploads\/2024\/09\/gala-segundo-ciclo-basico_0025_DSC_2433.jpg 1200w\" sizes=\"(max-width: 1024px) 100vw, 1024px\" \/>\t\t\t\t\t\t\t\t\t\t\t\t\t\t\t<\/div>\n\t\t\t\t<\/div>\n\t\t\t\t<div class=\"elementor-element elementor-element-67bf063 elementor-widget elementor-widget-heading\" data-id=\"67bf063\" data-element_type=\"widget\" data-e-type=\"widget\" data-widget_type=\"heading.default\">\n\t\t\t\t<div class=\"elementor-widget-container\">\n\t\t\t\t\t<h2 class=\"elementor-heading-title elementor-size-default\"><a href=\"https:\/\/ialeman.cl\/index.php\/gala-folclorica-2o-ciclo-basico\/\">Gala Folcl\u00f3rica Segundo Ciclo B\u00e1sico<\/a><\/h2>\t\t\t\t<\/div>\n\t\t\t\t<\/div>\n\t\t\t\t\t<\/div>\n\t\t<\/div>\n\t\t\t\t<div class=\"elementor-column elementor-col-50 elementor-top-column elementor-element elementor-element-37f8886\" data-id=\"37f8886\" data-element_type=\"column\" data-e-type=\"column\">\n\t\t\t<div class=\"elementor-widget-wrap elementor-element-populated\">\n\t\t\t\t\t\t<div class=\"elementor-element elementor-element-e8c8891 elementor-widget elementor-widget-image\" data-id=\"e8c8891\" data-element_type=\"widget\" data-e-type=\"widget\" data-widget_type=\"image.default\">\n\t\t\t\t<div class=\"elementor-widget-container\">\n\t\t\t\t\t\t\t\t\t\t\t\t\t\t\t<img loading=\"lazy\" decoding=\"async\" width=\"1024\" height=\"684\" src=\"https:\/\/ialeman.cl\/wp-content\/uploads\/2024\/09\/GALA-FOLCLORICA-ENSENANZA-MEDIA-2024_0045_Brillo_contraste-25-1024x684.jpg\" class=\"attachment-large size-large wp-image-37552\" alt=\"\" srcset=\"https:\/\/ialeman.cl\/wp-content\/uploads\/2024\/09\/GALA-FOLCLORICA-ENSENANZA-MEDIA-2024_0045_Brillo_contraste-25-1024x684.jpg 1024w, https:\/\/ialeman.cl\/wp-content\/uploads\/2024\/09\/GALA-FOLCLORICA-ENSENANZA-MEDIA-2024_0045_Brillo_contraste-25-300x200.jpg 300w, https:\/\/ialeman.cl\/wp-content\/uploads\/2024\/09\/GALA-FOLCLORICA-ENSENANZA-MEDIA-2024_0045_Brillo_contraste-25-768x513.jpg 768w, https:\/\/ialeman.cl\/wp-content\/uploads\/2024\/09\/GALA-FOLCLORICA-ENSENANZA-MEDIA-2024_0045_Brillo_contraste-25.jpg 1200w\" sizes=\"(max-width: 1024px) 100vw, 1024px\" \/>\t\t\t\t\t\t\t\t\t\t\t\t\t\t\t<\/div>\n\t\t\t\t<\/div>\n\t\t\t\t<div class=\"elementor-element elementor-element-2b9aa79 elementor-widget elementor-widget-heading\" data-id=\"2b9aa79\" data-element_type=\"widget\" data-e-type=\"widget\" data-widget_type=\"heading.default\">\n\t\t\t\t<div class=\"elementor-widget-container\">\n\t\t\t\t\t<h2 class=\"elementor-heading-title elementor-size-default\"><a href=\"https:\/\/ialeman.cl\/index.php\/gala-folclorica-ensenanza-media\/\">Gala Folcl\u00f3rica Ense\u00f1anza Media<\/a><\/h2>\t\t\t\t<\/div>\n\t\t\t\t<\/div>\n\t\t\t\t\t<\/div>\n\t\t<\/div>\n\t\t\t\t\t<\/div>\n\t\t<\/section>\n\t\t\t\t<\/div>\n\t\t","protected":false},"excerpt":{"rendered":"<p>Gala Folcl\u00f3rica 2024 Una espectacular celebraci\u00f3n de Fiestas Patrias se vivi\u00f3 en el Instituto Alem\u00e1n de Puerto Montt con la Gala Folcl\u00f3rica 2024. En el gimnasio del colegio, con una alta asistencia de familias, los ni\u00f1os de Educaci\u00f3n Inicial y 1\u00b0 Ciclo ofrecieron, el martes 10 de septiembre, una hermosa presentaci\u00f3n, haciendo un recorrido art\u00edstico [&hellip;]<\/p>\n","protected":false},"author":1,"featured_media":37388,"comment_status":"closed","ping_status":"closed","sticky":false,"template":"","format":"standard","meta":{"_crdt_document":"","_monsterinsights_skip_tracking":false,"_monsterinsights_sitenote_active":false,"_monsterinsights_sitenote_note":"","_monsterinsights_sitenote_category":0,"site-sidebar-layout":"default","site-content-layout":"","ast-site-content-layout":"default","site-content-style":"default","site-sidebar-style":"default","ast-global-header-display":"","ast-banner-title-visibility":"","ast-main-header-display":"","ast-hfb-above-header-display":"","ast-hfb-below-header-display":"","ast-hfb-mobile-header-display":"","site-post-title":"disabled","ast-breadcrumbs-content":"","ast-featured-img":"disabled","footer-sml-layout":"","ast-disable-related-posts":"","theme-transparent-header-meta":"","adv-header-id-meta":"","stick-header-meta":"","header-above-stick-meta":"","header-main-stick-meta":"","header-below-stick-meta":"","astra-migrate-meta-layouts":"set","ast-page-background-enabled":"default","ast-page-background-meta":{"desktop":{"background-color":"var(--ast-global-color-4)","background-image":"","background-repeat":"repeat","background-position":"center center","background-size":"auto","background-attachment":"scroll","background-type":"","background-media":"","overlay-type":"","overlay-color":"","overlay-opacity":"","overlay-gradient":""},"tablet":{"background-color":"","background-image":"","background-repeat":"repeat","background-position":"center center","background-size":"auto","background-attachment":"scroll","background-type":"","background-media":"","overlay-type":"","overlay-color":"","overlay-opacity":"","overlay-gradient":""},"mobile":{"background-color":"","background-image":"","background-repeat":"repeat","background-position":"center center","background-size":"auto","background-attachment":"scroll","background-type":"","background-media":"","overlay-type":"","overlay-color":"","overlay-opacity":"","overlay-gradient":""}},"ast-content-background-meta":{"desktop":{"background-color":"var(--ast-global-color-5)","background-image":"","background-repeat":"repeat","background-position":"center center","background-size":"auto","background-attachment":"scroll","background-type":"","background-media":"","overlay-type":"","overlay-color":"","overlay-opacity":"","overlay-gradient":""},"tablet":{"background-color":"var(--ast-global-color-5)","background-image":"","background-repeat":"repeat","background-position":"center center","background-size":"auto","background-attachment":"scroll","background-type":"","background-media":"","overlay-type":"","overlay-color":"","overlay-opacity":"","overlay-gradient":""},"mobile":{"background-color":"var(--ast-global-color-5)","background-image":"","background-repeat":"repeat","background-position":"center center","background-size":"auto","background-attachment":"scroll","background-type":"","background-media":"","overlay-type":"","overlay-color":"","overlay-opacity":"","overlay-gradient":""}},"advanced_seo_description":"","jetpack_seo_html_title":"","jetpack_seo_noindex":false,"_jetpack_memberships_contains_paid_content":false,"footnotes":""},"categories":[10],"tags":[],"class_list":["post-37369","post","type-post","status-publish","format-standard","has-post-thumbnail","hentry","category-noticias"],"jetpack_featured_media_url":"https:\/\/ialeman.cl\/wp-content\/uploads\/2024\/09\/gala-folclorica-educacion-inicial_0033_DSC_1029-1.jpg","jetpack_shortlink":"https:\/\/wp.me\/ph8I5c-9IJ","jetpack_sharing_enabled":true,"_links":{"self":[{"href":"https:\/\/ialeman.cl\/index.php\/wp-json\/wp\/v2\/posts\/37369","targetHints":{"allow":["GET"]}}],"collection":[{"href":"https:\/\/ialeman.cl\/index.php\/wp-json\/wp\/v2\/posts"}],"about":[{"href":"https:\/\/ialeman.cl\/index.php\/wp-json\/wp\/v2\/types\/post"}],"author":[{"embeddable":true,"href":"https:\/\/ialeman.cl\/index.php\/wp-json\/wp\/v2\/users\/1"}],"replies":[{"embeddable":true,"href":"https:\/\/ialeman.cl\/index.php\/wp-json\/wp\/v2\/comments?post=37369"}],"version-history":[{"count":41,"href":"https:\/\/ialeman.cl\/index.php\/wp-json\/wp\/v2\/posts\/37369\/revisions"}],"predecessor-version":[{"id":37589,"href":"https:\/\/ialeman.cl\/index.php\/wp-json\/wp\/v2\/posts\/37369\/revisions\/37589"}],"wp:featuredmedia":[{"embeddable":true,"href":"https:\/\/ialeman.cl\/index.php\/wp-json\/wp\/v2\/media\/37388"}],"wp:attachment":[{"href":"https:\/\/ialeman.cl\/index.php\/wp-json\/wp\/v2\/media?parent=37369"}],"wp:term":[{"taxonomy":"category","embeddable":true,"href":"https:\/\/ialeman.cl\/index.php\/wp-json\/wp\/v2\/categories?post=37369"},{"taxonomy":"post_tag","embeddable":true,"href":"https:\/\/ialeman.cl\/index.php\/wp-json\/wp\/v2\/tags?post=37369"}],"curies":[{"name":"wp","href":"https:\/\/api.w.org\/{rel}","templated":true}]}}