{"id":34408,"date":"2024-06-19T10:55:00","date_gmt":"2024-06-19T14:55:00","guid":{"rendered":"https:\/\/ialeman.cl\/?p=34408"},"modified":"2024-06-19T16:15:07","modified_gmt":"2024-06-19T20:15:07","slug":"laternenfest-ciclo-inicial-2024","status":"publish","type":"post","link":"https:\/\/ialeman.cl\/index.php\/laternenfest-ciclo-inicial-2024\/","title":{"rendered":"Laternenfest Ciclo Inicial 2024"},"content":{"rendered":"\t\t<div data-elementor-type=\"wp-post\" data-elementor-id=\"34408\" class=\"elementor elementor-34408\">\n\t\t\t\t\t\t<section class=\"elementor-section elementor-top-section elementor-element elementor-element-b09854d elementor-section-boxed elementor-section-height-default elementor-section-height-default\" data-id=\"b09854d\" data-element_type=\"section\" data-e-type=\"section\">\n\t\t\t\t\t\t<div class=\"elementor-container elementor-column-gap-default\">\n\t\t\t\t\t<div class=\"elementor-column elementor-col-100 elementor-top-column elementor-element elementor-element-35f5d55\" data-id=\"35f5d55\" data-element_type=\"column\" data-e-type=\"column\">\n\t\t\t<div class=\"elementor-widget-wrap elementor-element-populated\">\n\t\t\t\t\t\t<div class=\"elementor-element elementor-element-c082ab4 elementor-widget elementor-widget-heading\" data-id=\"c082ab4\" data-element_type=\"widget\" data-e-type=\"widget\" data-widget_type=\"heading.default\">\n\t\t\t\t<div class=\"elementor-widget-container\">\n\t\t\t\t\t<h2 class=\"elementor-heading-title elementor-size-default\">Laternenfest Ciclo Inicial 2024<\/h2>\t\t\t\t<\/div>\n\t\t\t\t<\/div>\n\t\t\t\t\t<\/div>\n\t\t<\/div>\n\t\t\t\t\t<\/div>\n\t\t<\/section>\n\t\t\t\t<section class=\"elementor-section elementor-top-section elementor-element elementor-element-408669f elementor-section-boxed elementor-section-height-default elementor-section-height-default\" data-id=\"408669f\" data-element_type=\"section\" data-e-type=\"section\">\n\t\t\t\t\t\t<div class=\"elementor-container elementor-column-gap-default\">\n\t\t\t\t\t<div class=\"elementor-column elementor-col-100 elementor-top-column elementor-element elementor-element-5113cbe\" data-id=\"5113cbe\" data-element_type=\"column\" data-e-type=\"column\">\n\t\t\t<div class=\"elementor-widget-wrap elementor-element-populated\">\n\t\t\t\t\t\t<div class=\"elementor-element elementor-element-ad3e3da elementor-widget elementor-widget-heading\" data-id=\"ad3e3da\" data-element_type=\"widget\" data-e-type=\"widget\" data-widget_type=\"heading.default\">\n\t\t\t\t<div class=\"elementor-widget-container\">\n\t\t\t\t\t<h2 class=\"elementor-heading-title elementor-size-default\">El Instituto Alem\u00e1n de Puerto Montt celebr\u00f3 la Laternenfest junto a los ni\u00f1os del Ciclo Inicial.<br><br>\n\nLa tradicional fiesta alemana cont\u00f3 con una gran asistencia de familias, las cuales se reunieron en el gimnasio 2 para participar en el importante evento.<br><br>\n\nLos ni\u00f1os decoraron hermosos faroles para crear un maravilloso espect\u00e1culo de luces durante su recorrido. Adem\u00e1s, fueron acompa\u00f1ados por el coro de apoderados, quienes interpretaron las canciones de la Laternenfest. <br><br>\n\nEn la ocasi\u00f3n, los padres de los ni\u00f1os de Kinder presentaron una sorprendente obra de teatro sobre la vida y el legado de solidaridad de Sankt Martin, siendo aplaudida por todos los asistentes.<br><br>\n\nPor \u00faltimo, los alumnos recibieron de sus Tanten una deliciosa galleta de gansito para compartir con sus compa\u00f1eros. <\/h2>\t\t\t\t<\/div>\n\t\t\t\t<\/div>\n\t\t\t\t\t<\/div>\n\t\t<\/div>\n\t\t\t\t\t<\/div>\n\t\t<\/section>\n\t\t\t\t<section class=\"elementor-section elementor-top-section elementor-element elementor-element-cb57d3b elementor-section-boxed elementor-section-height-default elementor-section-height-default\" data-id=\"cb57d3b\" data-element_type=\"section\" data-e-type=\"section\">\n\t\t\t\t\t\t<div class=\"elementor-container elementor-column-gap-default\">\n\t\t\t\t\t<div class=\"elementor-column elementor-col-100 elementor-top-column elementor-element elementor-element-a1c0491\" data-id=\"a1c0491\" data-element_type=\"column\" data-e-type=\"column\">\n\t\t\t<div class=\"elementor-widget-wrap elementor-element-populated\">\n\t\t\t\t\t\t<div class=\"elementor-element elementor-element-202609c gallery-spacing-custom elementor-widget elementor-widget-image-gallery\" data-id=\"202609c\" data-element_type=\"widget\" data-e-type=\"widget\" data-widget_type=\"image-gallery.default\">\n\t\t\t\t<div class=\"elementor-widget-container\">\n\t\t\t\t\t\t\t<div class=\"elementor-image-gallery\">\n\t\t\t<div id='gallery-1' class='gallery galleryid-34408 gallery-columns-2 gallery-size-full'><figure class='gallery-item'>\n\t\t\t<div class='gallery-icon landscape'>\n\t\t\t\t<a data-elementor-open-lightbox=\"yes\" data-elementor-lightbox-slideshow=\"202609c\" data-elementor-lightbox-title=\"Laternenfest Kinder2024 Instituto Alem\u00e1n Puerto Montt _0000_DSC_2385\" data-e-action-hash=\"#elementor-action%3Aaction%3Dlightbox%26settings%3DeyJpZCI6MzQ0MjAsInVybCI6Imh0dHBzOlwvXC9pYWxlbWFuLmNsXC93cC1jb250ZW50XC91cGxvYWRzXC8yMDI0XC8wNlwvTGF0ZXJuZW5mZXN0LUtpbmRlcjIwMjQtSW5zdGl0dXRvLUFsZW1hbi1QdWVydG8tTW9udHQtXzAwMDBfRFNDXzIzODUuanBnIiwic2xpZGVzaG93IjoiMjAyNjA5YyJ9\" href='https:\/\/ialeman.cl\/wp-content\/uploads\/2024\/06\/Laternenfest-Kinder2024-Instituto-Aleman-Puerto-Montt-_0000_DSC_2385.jpg'><img fetchpriority=\"high\" decoding=\"async\" width=\"1200\" height=\"801\" src=\"https:\/\/ialeman.cl\/wp-content\/uploads\/2024\/06\/Laternenfest-Kinder2024-Instituto-Aleman-Puerto-Montt-_0000_DSC_2385.jpg\" class=\"attachment-full size-full\" alt=\"\" srcset=\"https:\/\/ialeman.cl\/wp-content\/uploads\/2024\/06\/Laternenfest-Kinder2024-Instituto-Aleman-Puerto-Montt-_0000_DSC_2385.jpg 1200w, https:\/\/ialeman.cl\/wp-content\/uploads\/2024\/06\/Laternenfest-Kinder2024-Instituto-Aleman-Puerto-Montt-_0000_DSC_2385-300x200.jpg 300w, https:\/\/ialeman.cl\/wp-content\/uploads\/2024\/06\/Laternenfest-Kinder2024-Instituto-Aleman-Puerto-Montt-_0000_DSC_2385-1024x684.jpg 1024w, https:\/\/ialeman.cl\/wp-content\/uploads\/2024\/06\/Laternenfest-Kinder2024-Instituto-Aleman-Puerto-Montt-_0000_DSC_2385-768x513.jpg 768w\" sizes=\"(max-width: 1200px) 100vw, 1200px\" \/><\/a>\n\t\t\t<\/div><\/figure><figure class='gallery-item'>\n\t\t\t<div class='gallery-icon landscape'>\n\t\t\t\t<a data-elementor-open-lightbox=\"yes\" data-elementor-lightbox-slideshow=\"202609c\" data-elementor-lightbox-title=\"Laternenfest Kinder2024 Instituto Alem\u00e1n Puerto Montt _0001_DSC_2411\" data-e-action-hash=\"#elementor-action%3Aaction%3Dlightbox%26settings%3DeyJpZCI6MzQ0MjEsInVybCI6Imh0dHBzOlwvXC9pYWxlbWFuLmNsXC93cC1jb250ZW50XC91cGxvYWRzXC8yMDI0XC8wNlwvTGF0ZXJuZW5mZXN0LUtpbmRlcjIwMjQtSW5zdGl0dXRvLUFsZW1hbi1QdWVydG8tTW9udHQtXzAwMDFfRFNDXzI0MTEuanBnIiwic2xpZGVzaG93IjoiMjAyNjA5YyJ9\" href='https:\/\/ialeman.cl\/wp-content\/uploads\/2024\/06\/Laternenfest-Kinder2024-Instituto-Aleman-Puerto-Montt-_0001_DSC_2411.jpg'><img decoding=\"async\" width=\"1200\" height=\"801\" src=\"https:\/\/ialeman.cl\/wp-content\/uploads\/2024\/06\/Laternenfest-Kinder2024-Instituto-Aleman-Puerto-Montt-_0001_DSC_2411.jpg\" class=\"attachment-full size-full\" alt=\"\" srcset=\"https:\/\/ialeman.cl\/wp-content\/uploads\/2024\/06\/Laternenfest-Kinder2024-Instituto-Aleman-Puerto-Montt-_0001_DSC_2411.jpg 1200w, https:\/\/ialeman.cl\/wp-content\/uploads\/2024\/06\/Laternenfest-Kinder2024-Instituto-Aleman-Puerto-Montt-_0001_DSC_2411-300x200.jpg 300w, https:\/\/ialeman.cl\/wp-content\/uploads\/2024\/06\/Laternenfest-Kinder2024-Instituto-Aleman-Puerto-Montt-_0001_DSC_2411-1024x684.jpg 1024w, https:\/\/ialeman.cl\/wp-content\/uploads\/2024\/06\/Laternenfest-Kinder2024-Instituto-Aleman-Puerto-Montt-_0001_DSC_2411-768x513.jpg 768w\" sizes=\"(max-width: 1200px) 100vw, 1200px\" \/><\/a>\n\t\t\t<\/div><\/figure><figure class='gallery-item'>\n\t\t\t<div class='gallery-icon landscape'>\n\t\t\t\t<a data-elementor-open-lightbox=\"yes\" data-elementor-lightbox-slideshow=\"202609c\" data-elementor-lightbox-title=\"Laternenfest Kinder2024 Instituto Alem\u00e1n Puerto Montt _0002_Brillo_contraste 14\" data-e-action-hash=\"#elementor-action%3Aaction%3Dlightbox%26settings%3DeyJpZCI6MzQ0MjIsInVybCI6Imh0dHBzOlwvXC9pYWxlbWFuLmNsXC93cC1jb250ZW50XC91cGxvYWRzXC8yMDI0XC8wNlwvTGF0ZXJuZW5mZXN0LUtpbmRlcjIwMjQtSW5zdGl0dXRvLUFsZW1hbi1QdWVydG8tTW9udHQtXzAwMDJfQnJpbGxvX2NvbnRyYXN0ZS0xNC5qcGciLCJzbGlkZXNob3ciOiIyMDI2MDljIn0%3D\" href='https:\/\/ialeman.cl\/wp-content\/uploads\/2024\/06\/Laternenfest-Kinder2024-Instituto-Aleman-Puerto-Montt-_0002_Brillo_contraste-14.jpg'><img decoding=\"async\" width=\"1200\" height=\"801\" src=\"https:\/\/ialeman.cl\/wp-content\/uploads\/2024\/06\/Laternenfest-Kinder2024-Instituto-Aleman-Puerto-Montt-_0002_Brillo_contraste-14.jpg\" class=\"attachment-full size-full\" alt=\"\" srcset=\"https:\/\/ialeman.cl\/wp-content\/uploads\/2024\/06\/Laternenfest-Kinder2024-Instituto-Aleman-Puerto-Montt-_0002_Brillo_contraste-14.jpg 1200w, https:\/\/ialeman.cl\/wp-content\/uploads\/2024\/06\/Laternenfest-Kinder2024-Instituto-Aleman-Puerto-Montt-_0002_Brillo_contraste-14-300x200.jpg 300w, https:\/\/ialeman.cl\/wp-content\/uploads\/2024\/06\/Laternenfest-Kinder2024-Instituto-Aleman-Puerto-Montt-_0002_Brillo_contraste-14-1024x684.jpg 1024w, https:\/\/ialeman.cl\/wp-content\/uploads\/2024\/06\/Laternenfest-Kinder2024-Instituto-Aleman-Puerto-Montt-_0002_Brillo_contraste-14-768x513.jpg 768w\" sizes=\"(max-width: 1200px) 100vw, 1200px\" \/><\/a>\n\t\t\t<\/div><\/figure><figure class='gallery-item'>\n\t\t\t<div class='gallery-icon landscape'>\n\t\t\t\t<a data-elementor-open-lightbox=\"yes\" data-elementor-lightbox-slideshow=\"202609c\" data-elementor-lightbox-title=\"Laternenfest Kinder2024 Instituto Alem\u00e1n Puerto Montt _0003_Brillo_contraste 15\" data-e-action-hash=\"#elementor-action%3Aaction%3Dlightbox%26settings%3DeyJpZCI6MzQ0MjMsInVybCI6Imh0dHBzOlwvXC9pYWxlbWFuLmNsXC93cC1jb250ZW50XC91cGxvYWRzXC8yMDI0XC8wNlwvTGF0ZXJuZW5mZXN0LUtpbmRlcjIwMjQtSW5zdGl0dXRvLUFsZW1hbi1QdWVydG8tTW9udHQtXzAwMDNfQnJpbGxvX2NvbnRyYXN0ZS0xNS5qcGciLCJzbGlkZXNob3ciOiIyMDI2MDljIn0%3D\" href='https:\/\/ialeman.cl\/wp-content\/uploads\/2024\/06\/Laternenfest-Kinder2024-Instituto-Aleman-Puerto-Montt-_0003_Brillo_contraste-15.jpg'><img loading=\"lazy\" decoding=\"async\" width=\"1200\" height=\"801\" src=\"https:\/\/ialeman.cl\/wp-content\/uploads\/2024\/06\/Laternenfest-Kinder2024-Instituto-Aleman-Puerto-Montt-_0003_Brillo_contraste-15.jpg\" class=\"attachment-full size-full\" alt=\"\" srcset=\"https:\/\/ialeman.cl\/wp-content\/uploads\/2024\/06\/Laternenfest-Kinder2024-Instituto-Aleman-Puerto-Montt-_0003_Brillo_contraste-15.jpg 1200w, https:\/\/ialeman.cl\/wp-content\/uploads\/2024\/06\/Laternenfest-Kinder2024-Instituto-Aleman-Puerto-Montt-_0003_Brillo_contraste-15-300x200.jpg 300w, https:\/\/ialeman.cl\/wp-content\/uploads\/2024\/06\/Laternenfest-Kinder2024-Instituto-Aleman-Puerto-Montt-_0003_Brillo_contraste-15-1024x684.jpg 1024w, https:\/\/ialeman.cl\/wp-content\/uploads\/2024\/06\/Laternenfest-Kinder2024-Instituto-Aleman-Puerto-Montt-_0003_Brillo_contraste-15-768x513.jpg 768w\" sizes=\"(max-width: 1200px) 100vw, 1200px\" \/><\/a>\n\t\t\t<\/div><\/figure><figure class='gallery-item'>\n\t\t\t<div class='gallery-icon landscape'>\n\t\t\t\t<a data-elementor-open-lightbox=\"yes\" data-elementor-lightbox-slideshow=\"202609c\" data-elementor-lightbox-title=\"Laternenfest Kinder2024 Instituto Alem\u00e1n Puerto Montt _0004_Brillo_contraste 18\" data-e-action-hash=\"#elementor-action%3Aaction%3Dlightbox%26settings%3DeyJpZCI6MzQ0MjQsInVybCI6Imh0dHBzOlwvXC9pYWxlbWFuLmNsXC93cC1jb250ZW50XC91cGxvYWRzXC8yMDI0XC8wNlwvTGF0ZXJuZW5mZXN0LUtpbmRlcjIwMjQtSW5zdGl0dXRvLUFsZW1hbi1QdWVydG8tTW9udHQtXzAwMDRfQnJpbGxvX2NvbnRyYXN0ZS0xOC5qcGciLCJzbGlkZXNob3ciOiIyMDI2MDljIn0%3D\" href='https:\/\/ialeman.cl\/wp-content\/uploads\/2024\/06\/Laternenfest-Kinder2024-Instituto-Aleman-Puerto-Montt-_0004_Brillo_contraste-18.jpg'><img loading=\"lazy\" decoding=\"async\" width=\"1200\" height=\"801\" src=\"https:\/\/ialeman.cl\/wp-content\/uploads\/2024\/06\/Laternenfest-Kinder2024-Instituto-Aleman-Puerto-Montt-_0004_Brillo_contraste-18.jpg\" class=\"attachment-full size-full\" alt=\"\" srcset=\"https:\/\/ialeman.cl\/wp-content\/uploads\/2024\/06\/Laternenfest-Kinder2024-Instituto-Aleman-Puerto-Montt-_0004_Brillo_contraste-18.jpg 1200w, https:\/\/ialeman.cl\/wp-content\/uploads\/2024\/06\/Laternenfest-Kinder2024-Instituto-Aleman-Puerto-Montt-_0004_Brillo_contraste-18-300x200.jpg 300w, https:\/\/ialeman.cl\/wp-content\/uploads\/2024\/06\/Laternenfest-Kinder2024-Instituto-Aleman-Puerto-Montt-_0004_Brillo_contraste-18-1024x684.jpg 1024w, https:\/\/ialeman.cl\/wp-content\/uploads\/2024\/06\/Laternenfest-Kinder2024-Instituto-Aleman-Puerto-Montt-_0004_Brillo_contraste-18-768x513.jpg 768w\" sizes=\"(max-width: 1200px) 100vw, 1200px\" \/><\/a>\n\t\t\t<\/div><\/figure><figure class='gallery-item'>\n\t\t\t<div class='gallery-icon landscape'>\n\t\t\t\t<a data-elementor-open-lightbox=\"yes\" data-elementor-lightbox-slideshow=\"202609c\" data-elementor-lightbox-title=\"Laternenfest Kinder2024 Instituto Alem\u00e1n Puerto Montt _0005_Brillo_contraste 1\" data-e-action-hash=\"#elementor-action%3Aaction%3Dlightbox%26settings%3DeyJpZCI6MzQ0MjUsInVybCI6Imh0dHBzOlwvXC9pYWxlbWFuLmNsXC93cC1jb250ZW50XC91cGxvYWRzXC8yMDI0XC8wNlwvTGF0ZXJuZW5mZXN0LUtpbmRlcjIwMjQtSW5zdGl0dXRvLUFsZW1hbi1QdWVydG8tTW9udHQtXzAwMDVfQnJpbGxvX2NvbnRyYXN0ZS0xLmpwZyIsInNsaWRlc2hvdyI6IjIwMjYwOWMifQ%3D%3D\" href='https:\/\/ialeman.cl\/wp-content\/uploads\/2024\/06\/Laternenfest-Kinder2024-Instituto-Aleman-Puerto-Montt-_0005_Brillo_contraste-1.jpg'><img loading=\"lazy\" decoding=\"async\" width=\"1200\" height=\"801\" src=\"https:\/\/ialeman.cl\/wp-content\/uploads\/2024\/06\/Laternenfest-Kinder2024-Instituto-Aleman-Puerto-Montt-_0005_Brillo_contraste-1.jpg\" class=\"attachment-full size-full\" alt=\"\" srcset=\"https:\/\/ialeman.cl\/wp-content\/uploads\/2024\/06\/Laternenfest-Kinder2024-Instituto-Aleman-Puerto-Montt-_0005_Brillo_contraste-1.jpg 1200w, https:\/\/ialeman.cl\/wp-content\/uploads\/2024\/06\/Laternenfest-Kinder2024-Instituto-Aleman-Puerto-Montt-_0005_Brillo_contraste-1-300x200.jpg 300w, https:\/\/ialeman.cl\/wp-content\/uploads\/2024\/06\/Laternenfest-Kinder2024-Instituto-Aleman-Puerto-Montt-_0005_Brillo_contraste-1-1024x684.jpg 1024w, https:\/\/ialeman.cl\/wp-content\/uploads\/2024\/06\/Laternenfest-Kinder2024-Instituto-Aleman-Puerto-Montt-_0005_Brillo_contraste-1-768x513.jpg 768w\" sizes=\"(max-width: 1200px) 100vw, 1200px\" \/><\/a>\n\t\t\t<\/div><\/figure><figure class='gallery-item'>\n\t\t\t<div class='gallery-icon landscape'>\n\t\t\t\t<a data-elementor-open-lightbox=\"yes\" data-elementor-lightbox-slideshow=\"202609c\" data-elementor-lightbox-title=\"Laternenfest Kinder2024 Instituto Alem\u00e1n Puerto Montt _0006_Brillo_contraste 2\" data-e-action-hash=\"#elementor-action%3Aaction%3Dlightbox%26settings%3DeyJpZCI6MzQ0MjYsInVybCI6Imh0dHBzOlwvXC9pYWxlbWFuLmNsXC93cC1jb250ZW50XC91cGxvYWRzXC8yMDI0XC8wNlwvTGF0ZXJuZW5mZXN0LUtpbmRlcjIwMjQtSW5zdGl0dXRvLUFsZW1hbi1QdWVydG8tTW9udHQtXzAwMDZfQnJpbGxvX2NvbnRyYXN0ZS0yLmpwZyIsInNsaWRlc2hvdyI6IjIwMjYwOWMifQ%3D%3D\" href='https:\/\/ialeman.cl\/wp-content\/uploads\/2024\/06\/Laternenfest-Kinder2024-Instituto-Aleman-Puerto-Montt-_0006_Brillo_contraste-2.jpg'><img loading=\"lazy\" decoding=\"async\" width=\"1200\" height=\"801\" src=\"https:\/\/ialeman.cl\/wp-content\/uploads\/2024\/06\/Laternenfest-Kinder2024-Instituto-Aleman-Puerto-Montt-_0006_Brillo_contraste-2.jpg\" class=\"attachment-full size-full\" alt=\"\" srcset=\"https:\/\/ialeman.cl\/wp-content\/uploads\/2024\/06\/Laternenfest-Kinder2024-Instituto-Aleman-Puerto-Montt-_0006_Brillo_contraste-2.jpg 1200w, https:\/\/ialeman.cl\/wp-content\/uploads\/2024\/06\/Laternenfest-Kinder2024-Instituto-Aleman-Puerto-Montt-_0006_Brillo_contraste-2-300x200.jpg 300w, https:\/\/ialeman.cl\/wp-content\/uploads\/2024\/06\/Laternenfest-Kinder2024-Instituto-Aleman-Puerto-Montt-_0006_Brillo_contraste-2-1024x684.jpg 1024w, https:\/\/ialeman.cl\/wp-content\/uploads\/2024\/06\/Laternenfest-Kinder2024-Instituto-Aleman-Puerto-Montt-_0006_Brillo_contraste-2-768x513.jpg 768w\" sizes=\"(max-width: 1200px) 100vw, 1200px\" \/><\/a>\n\t\t\t<\/div><\/figure><figure class='gallery-item'>\n\t\t\t<div class='gallery-icon landscape'>\n\t\t\t\t<a data-elementor-open-lightbox=\"yes\" data-elementor-lightbox-slideshow=\"202609c\" data-elementor-lightbox-title=\"Laternenfest Kinder2024 Instituto Alem\u00e1n Puerto Montt _0007_Brillo_contraste 3\" data-e-action-hash=\"#elementor-action%3Aaction%3Dlightbox%26settings%3DeyJpZCI6MzQ0MjcsInVybCI6Imh0dHBzOlwvXC9pYWxlbWFuLmNsXC93cC1jb250ZW50XC91cGxvYWRzXC8yMDI0XC8wNlwvTGF0ZXJuZW5mZXN0LUtpbmRlcjIwMjQtSW5zdGl0dXRvLUFsZW1hbi1QdWVydG8tTW9udHQtXzAwMDdfQnJpbGxvX2NvbnRyYXN0ZS0zLmpwZyIsInNsaWRlc2hvdyI6IjIwMjYwOWMifQ%3D%3D\" href='https:\/\/ialeman.cl\/wp-content\/uploads\/2024\/06\/Laternenfest-Kinder2024-Instituto-Aleman-Puerto-Montt-_0007_Brillo_contraste-3.jpg'><img loading=\"lazy\" decoding=\"async\" width=\"1200\" height=\"801\" src=\"https:\/\/ialeman.cl\/wp-content\/uploads\/2024\/06\/Laternenfest-Kinder2024-Instituto-Aleman-Puerto-Montt-_0007_Brillo_contraste-3.jpg\" class=\"attachment-full size-full\" alt=\"\" srcset=\"https:\/\/ialeman.cl\/wp-content\/uploads\/2024\/06\/Laternenfest-Kinder2024-Instituto-Aleman-Puerto-Montt-_0007_Brillo_contraste-3.jpg 1200w, https:\/\/ialeman.cl\/wp-content\/uploads\/2024\/06\/Laternenfest-Kinder2024-Instituto-Aleman-Puerto-Montt-_0007_Brillo_contraste-3-300x200.jpg 300w, https:\/\/ialeman.cl\/wp-content\/uploads\/2024\/06\/Laternenfest-Kinder2024-Instituto-Aleman-Puerto-Montt-_0007_Brillo_contraste-3-1024x684.jpg 1024w, https:\/\/ialeman.cl\/wp-content\/uploads\/2024\/06\/Laternenfest-Kinder2024-Instituto-Aleman-Puerto-Montt-_0007_Brillo_contraste-3-768x513.jpg 768w\" sizes=\"(max-width: 1200px) 100vw, 1200px\" \/><\/a>\n\t\t\t<\/div><\/figure><figure class='gallery-item'>\n\t\t\t<div class='gallery-icon landscape'>\n\t\t\t\t<a data-elementor-open-lightbox=\"yes\" data-elementor-lightbox-slideshow=\"202609c\" data-elementor-lightbox-title=\"Laternenfest Kinder2024 Instituto Alem\u00e1n Puerto Montt _0008_DSC_2380\" data-e-action-hash=\"#elementor-action%3Aaction%3Dlightbox%26settings%3DeyJpZCI6MzQ0MjgsInVybCI6Imh0dHBzOlwvXC9pYWxlbWFuLmNsXC93cC1jb250ZW50XC91cGxvYWRzXC8yMDI0XC8wNlwvTGF0ZXJuZW5mZXN0LUtpbmRlcjIwMjQtSW5zdGl0dXRvLUFsZW1hbi1QdWVydG8tTW9udHQtXzAwMDhfRFNDXzIzODAuanBnIiwic2xpZGVzaG93IjoiMjAyNjA5YyJ9\" href='https:\/\/ialeman.cl\/wp-content\/uploads\/2024\/06\/Laternenfest-Kinder2024-Instituto-Aleman-Puerto-Montt-_0008_DSC_2380.jpg'><img loading=\"lazy\" decoding=\"async\" width=\"1200\" height=\"801\" src=\"https:\/\/ialeman.cl\/wp-content\/uploads\/2024\/06\/Laternenfest-Kinder2024-Instituto-Aleman-Puerto-Montt-_0008_DSC_2380.jpg\" class=\"attachment-full size-full\" alt=\"\" srcset=\"https:\/\/ialeman.cl\/wp-content\/uploads\/2024\/06\/Laternenfest-Kinder2024-Instituto-Aleman-Puerto-Montt-_0008_DSC_2380.jpg 1200w, https:\/\/ialeman.cl\/wp-content\/uploads\/2024\/06\/Laternenfest-Kinder2024-Instituto-Aleman-Puerto-Montt-_0008_DSC_2380-300x200.jpg 300w, https:\/\/ialeman.cl\/wp-content\/uploads\/2024\/06\/Laternenfest-Kinder2024-Instituto-Aleman-Puerto-Montt-_0008_DSC_2380-1024x684.jpg 1024w, https:\/\/ialeman.cl\/wp-content\/uploads\/2024\/06\/Laternenfest-Kinder2024-Instituto-Aleman-Puerto-Montt-_0008_DSC_2380-768x513.jpg 768w\" sizes=\"(max-width: 1200px) 100vw, 1200px\" \/><\/a>\n\t\t\t<\/div><\/figure><figure class='gallery-item'>\n\t\t\t<div class='gallery-icon landscape'>\n\t\t\t\t<a data-elementor-open-lightbox=\"yes\" data-elementor-lightbox-slideshow=\"202609c\" data-elementor-lightbox-title=\"Laternenfest Kinder2024 Instituto Alem\u00e1n Puerto Montt _0009_Brillo_contraste 4\" data-e-action-hash=\"#elementor-action%3Aaction%3Dlightbox%26settings%3DeyJpZCI6MzQ0MjksInVybCI6Imh0dHBzOlwvXC9pYWxlbWFuLmNsXC93cC1jb250ZW50XC91cGxvYWRzXC8yMDI0XC8wNlwvTGF0ZXJuZW5mZXN0LUtpbmRlcjIwMjQtSW5zdGl0dXRvLUFsZW1hbi1QdWVydG8tTW9udHQtXzAwMDlfQnJpbGxvX2NvbnRyYXN0ZS00LmpwZyIsInNsaWRlc2hvdyI6IjIwMjYwOWMifQ%3D%3D\" href='https:\/\/ialeman.cl\/wp-content\/uploads\/2024\/06\/Laternenfest-Kinder2024-Instituto-Aleman-Puerto-Montt-_0009_Brillo_contraste-4.jpg'><img loading=\"lazy\" decoding=\"async\" width=\"1200\" height=\"801\" src=\"https:\/\/ialeman.cl\/wp-content\/uploads\/2024\/06\/Laternenfest-Kinder2024-Instituto-Aleman-Puerto-Montt-_0009_Brillo_contraste-4.jpg\" class=\"attachment-full size-full\" alt=\"\" srcset=\"https:\/\/ialeman.cl\/wp-content\/uploads\/2024\/06\/Laternenfest-Kinder2024-Instituto-Aleman-Puerto-Montt-_0009_Brillo_contraste-4.jpg 1200w, https:\/\/ialeman.cl\/wp-content\/uploads\/2024\/06\/Laternenfest-Kinder2024-Instituto-Aleman-Puerto-Montt-_0009_Brillo_contraste-4-300x200.jpg 300w, https:\/\/ialeman.cl\/wp-content\/uploads\/2024\/06\/Laternenfest-Kinder2024-Instituto-Aleman-Puerto-Montt-_0009_Brillo_contraste-4-1024x684.jpg 1024w, https:\/\/ialeman.cl\/wp-content\/uploads\/2024\/06\/Laternenfest-Kinder2024-Instituto-Aleman-Puerto-Montt-_0009_Brillo_contraste-4-768x513.jpg 768w\" sizes=\"(max-width: 1200px) 100vw, 1200px\" \/><\/a>\n\t\t\t<\/div><\/figure><figure class='gallery-item'>\n\t\t\t<div class='gallery-icon landscape'>\n\t\t\t\t<a data-elementor-open-lightbox=\"yes\" data-elementor-lightbox-slideshow=\"202609c\" data-elementor-lightbox-title=\"Laternenfest Kinder2024 Instituto Alem\u00e1n Puerto Montt _0010_Brillo_contraste 5\" data-e-action-hash=\"#elementor-action%3Aaction%3Dlightbox%26settings%3DeyJpZCI6MzQ0MzAsInVybCI6Imh0dHBzOlwvXC9pYWxlbWFuLmNsXC93cC1jb250ZW50XC91cGxvYWRzXC8yMDI0XC8wNlwvTGF0ZXJuZW5mZXN0LUtpbmRlcjIwMjQtSW5zdGl0dXRvLUFsZW1hbi1QdWVydG8tTW9udHQtXzAwMTBfQnJpbGxvX2NvbnRyYXN0ZS01LmpwZyIsInNsaWRlc2hvdyI6IjIwMjYwOWMifQ%3D%3D\" href='https:\/\/ialeman.cl\/wp-content\/uploads\/2024\/06\/Laternenfest-Kinder2024-Instituto-Aleman-Puerto-Montt-_0010_Brillo_contraste-5.jpg'><img loading=\"lazy\" decoding=\"async\" width=\"1200\" height=\"801\" src=\"https:\/\/ialeman.cl\/wp-content\/uploads\/2024\/06\/Laternenfest-Kinder2024-Instituto-Aleman-Puerto-Montt-_0010_Brillo_contraste-5.jpg\" class=\"attachment-full size-full\" alt=\"\" srcset=\"https:\/\/ialeman.cl\/wp-content\/uploads\/2024\/06\/Laternenfest-Kinder2024-Instituto-Aleman-Puerto-Montt-_0010_Brillo_contraste-5.jpg 1200w, https:\/\/ialeman.cl\/wp-content\/uploads\/2024\/06\/Laternenfest-Kinder2024-Instituto-Aleman-Puerto-Montt-_0010_Brillo_contraste-5-300x200.jpg 300w, https:\/\/ialeman.cl\/wp-content\/uploads\/2024\/06\/Laternenfest-Kinder2024-Instituto-Aleman-Puerto-Montt-_0010_Brillo_contraste-5-1024x684.jpg 1024w, https:\/\/ialeman.cl\/wp-content\/uploads\/2024\/06\/Laternenfest-Kinder2024-Instituto-Aleman-Puerto-Montt-_0010_Brillo_contraste-5-768x513.jpg 768w\" sizes=\"(max-width: 1200px) 100vw, 1200px\" \/><\/a>\n\t\t\t<\/div><\/figure><figure class='gallery-item'>\n\t\t\t<div class='gallery-icon landscape'>\n\t\t\t\t<a data-elementor-open-lightbox=\"yes\" data-elementor-lightbox-slideshow=\"202609c\" data-elementor-lightbox-title=\"Laternenfest Kinder2024 Instituto Alem\u00e1n Puerto Montt _0011_DSC_2249\" data-e-action-hash=\"#elementor-action%3Aaction%3Dlightbox%26settings%3DeyJpZCI6MzQ0MzEsInVybCI6Imh0dHBzOlwvXC9pYWxlbWFuLmNsXC93cC1jb250ZW50XC91cGxvYWRzXC8yMDI0XC8wNlwvTGF0ZXJuZW5mZXN0LUtpbmRlcjIwMjQtSW5zdGl0dXRvLUFsZW1hbi1QdWVydG8tTW9udHQtXzAwMTFfRFNDXzIyNDkuanBnIiwic2xpZGVzaG93IjoiMjAyNjA5YyJ9\" href='https:\/\/ialeman.cl\/wp-content\/uploads\/2024\/06\/Laternenfest-Kinder2024-Instituto-Aleman-Puerto-Montt-_0011_DSC_2249.jpg'><img loading=\"lazy\" decoding=\"async\" width=\"1200\" height=\"801\" src=\"https:\/\/ialeman.cl\/wp-content\/uploads\/2024\/06\/Laternenfest-Kinder2024-Instituto-Aleman-Puerto-Montt-_0011_DSC_2249.jpg\" class=\"attachment-full size-full\" alt=\"\" srcset=\"https:\/\/ialeman.cl\/wp-content\/uploads\/2024\/06\/Laternenfest-Kinder2024-Instituto-Aleman-Puerto-Montt-_0011_DSC_2249.jpg 1200w, https:\/\/ialeman.cl\/wp-content\/uploads\/2024\/06\/Laternenfest-Kinder2024-Instituto-Aleman-Puerto-Montt-_0011_DSC_2249-300x200.jpg 300w, https:\/\/ialeman.cl\/wp-content\/uploads\/2024\/06\/Laternenfest-Kinder2024-Instituto-Aleman-Puerto-Montt-_0011_DSC_2249-1024x684.jpg 1024w, https:\/\/ialeman.cl\/wp-content\/uploads\/2024\/06\/Laternenfest-Kinder2024-Instituto-Aleman-Puerto-Montt-_0011_DSC_2249-768x513.jpg 768w\" sizes=\"(max-width: 1200px) 100vw, 1200px\" \/><\/a>\n\t\t\t<\/div><\/figure><figure class='gallery-item'>\n\t\t\t<div class='gallery-icon landscape'>\n\t\t\t\t<a data-elementor-open-lightbox=\"yes\" data-elementor-lightbox-slideshow=\"202609c\" data-elementor-lightbox-title=\"Laternenfest Kinder2024 Instituto Alem\u00e1n Puerto Montt _0012_DSC_2275\" data-e-action-hash=\"#elementor-action%3Aaction%3Dlightbox%26settings%3DeyJpZCI6MzQ0MzIsInVybCI6Imh0dHBzOlwvXC9pYWxlbWFuLmNsXC93cC1jb250ZW50XC91cGxvYWRzXC8yMDI0XC8wNlwvTGF0ZXJuZW5mZXN0LUtpbmRlcjIwMjQtSW5zdGl0dXRvLUFsZW1hbi1QdWVydG8tTW9udHQtXzAwMTJfRFNDXzIyNzUuanBnIiwic2xpZGVzaG93IjoiMjAyNjA5YyJ9\" href='https:\/\/ialeman.cl\/wp-content\/uploads\/2024\/06\/Laternenfest-Kinder2024-Instituto-Aleman-Puerto-Montt-_0012_DSC_2275.jpg'><img loading=\"lazy\" decoding=\"async\" width=\"1200\" height=\"801\" src=\"https:\/\/ialeman.cl\/wp-content\/uploads\/2024\/06\/Laternenfest-Kinder2024-Instituto-Aleman-Puerto-Montt-_0012_DSC_2275.jpg\" class=\"attachment-full size-full\" alt=\"\" srcset=\"https:\/\/ialeman.cl\/wp-content\/uploads\/2024\/06\/Laternenfest-Kinder2024-Instituto-Aleman-Puerto-Montt-_0012_DSC_2275.jpg 1200w, https:\/\/ialeman.cl\/wp-content\/uploads\/2024\/06\/Laternenfest-Kinder2024-Instituto-Aleman-Puerto-Montt-_0012_DSC_2275-300x200.jpg 300w, https:\/\/ialeman.cl\/wp-content\/uploads\/2024\/06\/Laternenfest-Kinder2024-Instituto-Aleman-Puerto-Montt-_0012_DSC_2275-1024x684.jpg 1024w, https:\/\/ialeman.cl\/wp-content\/uploads\/2024\/06\/Laternenfest-Kinder2024-Instituto-Aleman-Puerto-Montt-_0012_DSC_2275-768x513.jpg 768w\" sizes=\"(max-width: 1200px) 100vw, 1200px\" \/><\/a>\n\t\t\t<\/div><\/figure><figure class='gallery-item'>\n\t\t\t<div class='gallery-icon landscape'>\n\t\t\t\t<a data-elementor-open-lightbox=\"yes\" data-elementor-lightbox-slideshow=\"202609c\" data-elementor-lightbox-title=\"Laternenfest Kinder2024 Instituto Alem\u00e1n Puerto Montt _0013_Brillo_contraste 6\" data-e-action-hash=\"#elementor-action%3Aaction%3Dlightbox%26settings%3DeyJpZCI6MzQ0MzMsInVybCI6Imh0dHBzOlwvXC9pYWxlbWFuLmNsXC93cC1jb250ZW50XC91cGxvYWRzXC8yMDI0XC8wNlwvTGF0ZXJuZW5mZXN0LUtpbmRlcjIwMjQtSW5zdGl0dXRvLUFsZW1hbi1QdWVydG8tTW9udHQtXzAwMTNfQnJpbGxvX2NvbnRyYXN0ZS02LmpwZyIsInNsaWRlc2hvdyI6IjIwMjYwOWMifQ%3D%3D\" href='https:\/\/ialeman.cl\/wp-content\/uploads\/2024\/06\/Laternenfest-Kinder2024-Instituto-Aleman-Puerto-Montt-_0013_Brillo_contraste-6.jpg'><img loading=\"lazy\" decoding=\"async\" width=\"1200\" height=\"801\" src=\"https:\/\/ialeman.cl\/wp-content\/uploads\/2024\/06\/Laternenfest-Kinder2024-Instituto-Aleman-Puerto-Montt-_0013_Brillo_contraste-6.jpg\" class=\"attachment-full size-full\" alt=\"\" srcset=\"https:\/\/ialeman.cl\/wp-content\/uploads\/2024\/06\/Laternenfest-Kinder2024-Instituto-Aleman-Puerto-Montt-_0013_Brillo_contraste-6.jpg 1200w, https:\/\/ialeman.cl\/wp-content\/uploads\/2024\/06\/Laternenfest-Kinder2024-Instituto-Aleman-Puerto-Montt-_0013_Brillo_contraste-6-300x200.jpg 300w, https:\/\/ialeman.cl\/wp-content\/uploads\/2024\/06\/Laternenfest-Kinder2024-Instituto-Aleman-Puerto-Montt-_0013_Brillo_contraste-6-1024x684.jpg 1024w, https:\/\/ialeman.cl\/wp-content\/uploads\/2024\/06\/Laternenfest-Kinder2024-Instituto-Aleman-Puerto-Montt-_0013_Brillo_contraste-6-768x513.jpg 768w\" sizes=\"(max-width: 1200px) 100vw, 1200px\" \/><\/a>\n\t\t\t<\/div><\/figure><figure class='gallery-item'>\n\t\t\t<div class='gallery-icon landscape'>\n\t\t\t\t<a data-elementor-open-lightbox=\"yes\" data-elementor-lightbox-slideshow=\"202609c\" data-elementor-lightbox-title=\"Laternenfest Kinder2024 Instituto Alem\u00e1n Puerto Montt _0014_Brillo_contraste 7\" data-e-action-hash=\"#elementor-action%3Aaction%3Dlightbox%26settings%3DeyJpZCI6MzQ0MzQsInVybCI6Imh0dHBzOlwvXC9pYWxlbWFuLmNsXC93cC1jb250ZW50XC91cGxvYWRzXC8yMDI0XC8wNlwvTGF0ZXJuZW5mZXN0LUtpbmRlcjIwMjQtSW5zdGl0dXRvLUFsZW1hbi1QdWVydG8tTW9udHQtXzAwMTRfQnJpbGxvX2NvbnRyYXN0ZS03LmpwZyIsInNsaWRlc2hvdyI6IjIwMjYwOWMifQ%3D%3D\" href='https:\/\/ialeman.cl\/wp-content\/uploads\/2024\/06\/Laternenfest-Kinder2024-Instituto-Aleman-Puerto-Montt-_0014_Brillo_contraste-7.jpg'><img loading=\"lazy\" decoding=\"async\" width=\"1200\" height=\"801\" src=\"https:\/\/ialeman.cl\/wp-content\/uploads\/2024\/06\/Laternenfest-Kinder2024-Instituto-Aleman-Puerto-Montt-_0014_Brillo_contraste-7.jpg\" class=\"attachment-full size-full\" alt=\"\" srcset=\"https:\/\/ialeman.cl\/wp-content\/uploads\/2024\/06\/Laternenfest-Kinder2024-Instituto-Aleman-Puerto-Montt-_0014_Brillo_contraste-7.jpg 1200w, https:\/\/ialeman.cl\/wp-content\/uploads\/2024\/06\/Laternenfest-Kinder2024-Instituto-Aleman-Puerto-Montt-_0014_Brillo_contraste-7-300x200.jpg 300w, https:\/\/ialeman.cl\/wp-content\/uploads\/2024\/06\/Laternenfest-Kinder2024-Instituto-Aleman-Puerto-Montt-_0014_Brillo_contraste-7-1024x684.jpg 1024w, https:\/\/ialeman.cl\/wp-content\/uploads\/2024\/06\/Laternenfest-Kinder2024-Instituto-Aleman-Puerto-Montt-_0014_Brillo_contraste-7-768x513.jpg 768w\" sizes=\"(max-width: 1200px) 100vw, 1200px\" \/><\/a>\n\t\t\t<\/div><\/figure><figure class='gallery-item'>\n\t\t\t<div class='gallery-icon landscape'>\n\t\t\t\t<a data-elementor-open-lightbox=\"yes\" data-elementor-lightbox-slideshow=\"202609c\" data-elementor-lightbox-title=\"Laternenfest Kinder2024 Instituto Alem\u00e1n Puerto Montt _0015_Brillo_contraste 8\" data-e-action-hash=\"#elementor-action%3Aaction%3Dlightbox%26settings%3DeyJpZCI6MzQ0MzUsInVybCI6Imh0dHBzOlwvXC9pYWxlbWFuLmNsXC93cC1jb250ZW50XC91cGxvYWRzXC8yMDI0XC8wNlwvTGF0ZXJuZW5mZXN0LUtpbmRlcjIwMjQtSW5zdGl0dXRvLUFsZW1hbi1QdWVydG8tTW9udHQtXzAwMTVfQnJpbGxvX2NvbnRyYXN0ZS04LmpwZyIsInNsaWRlc2hvdyI6IjIwMjYwOWMifQ%3D%3D\" href='https:\/\/ialeman.cl\/wp-content\/uploads\/2024\/06\/Laternenfest-Kinder2024-Instituto-Aleman-Puerto-Montt-_0015_Brillo_contraste-8.jpg'><img loading=\"lazy\" decoding=\"async\" width=\"1200\" height=\"801\" src=\"https:\/\/ialeman.cl\/wp-content\/uploads\/2024\/06\/Laternenfest-Kinder2024-Instituto-Aleman-Puerto-Montt-_0015_Brillo_contraste-8.jpg\" class=\"attachment-full size-full\" alt=\"\" srcset=\"https:\/\/ialeman.cl\/wp-content\/uploads\/2024\/06\/Laternenfest-Kinder2024-Instituto-Aleman-Puerto-Montt-_0015_Brillo_contraste-8.jpg 1200w, https:\/\/ialeman.cl\/wp-content\/uploads\/2024\/06\/Laternenfest-Kinder2024-Instituto-Aleman-Puerto-Montt-_0015_Brillo_contraste-8-300x200.jpg 300w, https:\/\/ialeman.cl\/wp-content\/uploads\/2024\/06\/Laternenfest-Kinder2024-Instituto-Aleman-Puerto-Montt-_0015_Brillo_contraste-8-1024x684.jpg 1024w, https:\/\/ialeman.cl\/wp-content\/uploads\/2024\/06\/Laternenfest-Kinder2024-Instituto-Aleman-Puerto-Montt-_0015_Brillo_contraste-8-768x513.jpg 768w\" sizes=\"(max-width: 1200px) 100vw, 1200px\" \/><\/a>\n\t\t\t<\/div><\/figure><figure class='gallery-item'>\n\t\t\t<div class='gallery-icon landscape'>\n\t\t\t\t<a data-elementor-open-lightbox=\"yes\" data-elementor-lightbox-slideshow=\"202609c\" data-elementor-lightbox-title=\"Laternenfest Kinder2024 Instituto Alem\u00e1n Puerto Montt _0016_DSC_2203\" data-e-action-hash=\"#elementor-action%3Aaction%3Dlightbox%26settings%3DeyJpZCI6MzQ0MzYsInVybCI6Imh0dHBzOlwvXC9pYWxlbWFuLmNsXC93cC1jb250ZW50XC91cGxvYWRzXC8yMDI0XC8wNlwvTGF0ZXJuZW5mZXN0LUtpbmRlcjIwMjQtSW5zdGl0dXRvLUFsZW1hbi1QdWVydG8tTW9udHQtXzAwMTZfRFNDXzIyMDMuanBnIiwic2xpZGVzaG93IjoiMjAyNjA5YyJ9\" href='https:\/\/ialeman.cl\/wp-content\/uploads\/2024\/06\/Laternenfest-Kinder2024-Instituto-Aleman-Puerto-Montt-_0016_DSC_2203.jpg'><img loading=\"lazy\" decoding=\"async\" width=\"1200\" height=\"801\" src=\"https:\/\/ialeman.cl\/wp-content\/uploads\/2024\/06\/Laternenfest-Kinder2024-Instituto-Aleman-Puerto-Montt-_0016_DSC_2203.jpg\" class=\"attachment-full size-full\" alt=\"\" srcset=\"https:\/\/ialeman.cl\/wp-content\/uploads\/2024\/06\/Laternenfest-Kinder2024-Instituto-Aleman-Puerto-Montt-_0016_DSC_2203.jpg 1200w, https:\/\/ialeman.cl\/wp-content\/uploads\/2024\/06\/Laternenfest-Kinder2024-Instituto-Aleman-Puerto-Montt-_0016_DSC_2203-300x200.jpg 300w, https:\/\/ialeman.cl\/wp-content\/uploads\/2024\/06\/Laternenfest-Kinder2024-Instituto-Aleman-Puerto-Montt-_0016_DSC_2203-1024x684.jpg 1024w, https:\/\/ialeman.cl\/wp-content\/uploads\/2024\/06\/Laternenfest-Kinder2024-Instituto-Aleman-Puerto-Montt-_0016_DSC_2203-768x513.jpg 768w\" sizes=\"(max-width: 1200px) 100vw, 1200px\" \/><\/a>\n\t\t\t<\/div><\/figure><figure class='gallery-item'>\n\t\t\t<div class='gallery-icon landscape'>\n\t\t\t\t<a data-elementor-open-lightbox=\"yes\" data-elementor-lightbox-slideshow=\"202609c\" data-elementor-lightbox-title=\"Laternenfest Kinder2024 Instituto Alem\u00e1n Puerto Montt _0017_Brillo_contraste 9\" data-e-action-hash=\"#elementor-action%3Aaction%3Dlightbox%26settings%3DeyJpZCI6MzQ0MzcsInVybCI6Imh0dHBzOlwvXC9pYWxlbWFuLmNsXC93cC1jb250ZW50XC91cGxvYWRzXC8yMDI0XC8wNlwvTGF0ZXJuZW5mZXN0LUtpbmRlcjIwMjQtSW5zdGl0dXRvLUFsZW1hbi1QdWVydG8tTW9udHQtXzAwMTdfQnJpbGxvX2NvbnRyYXN0ZS05LmpwZyIsInNsaWRlc2hvdyI6IjIwMjYwOWMifQ%3D%3D\" href='https:\/\/ialeman.cl\/wp-content\/uploads\/2024\/06\/Laternenfest-Kinder2024-Instituto-Aleman-Puerto-Montt-_0017_Brillo_contraste-9.jpg'><img loading=\"lazy\" decoding=\"async\" width=\"1200\" height=\"801\" src=\"https:\/\/ialeman.cl\/wp-content\/uploads\/2024\/06\/Laternenfest-Kinder2024-Instituto-Aleman-Puerto-Montt-_0017_Brillo_contraste-9.jpg\" class=\"attachment-full size-full\" alt=\"\" srcset=\"https:\/\/ialeman.cl\/wp-content\/uploads\/2024\/06\/Laternenfest-Kinder2024-Instituto-Aleman-Puerto-Montt-_0017_Brillo_contraste-9.jpg 1200w, https:\/\/ialeman.cl\/wp-content\/uploads\/2024\/06\/Laternenfest-Kinder2024-Instituto-Aleman-Puerto-Montt-_0017_Brillo_contraste-9-300x200.jpg 300w, https:\/\/ialeman.cl\/wp-content\/uploads\/2024\/06\/Laternenfest-Kinder2024-Instituto-Aleman-Puerto-Montt-_0017_Brillo_contraste-9-1024x684.jpg 1024w, https:\/\/ialeman.cl\/wp-content\/uploads\/2024\/06\/Laternenfest-Kinder2024-Instituto-Aleman-Puerto-Montt-_0017_Brillo_contraste-9-768x513.jpg 768w\" sizes=\"(max-width: 1200px) 100vw, 1200px\" \/><\/a>\n\t\t\t<\/div><\/figure><figure class='gallery-item'>\n\t\t\t<div class='gallery-icon landscape'>\n\t\t\t\t<a data-elementor-open-lightbox=\"yes\" data-elementor-lightbox-slideshow=\"202609c\" data-elementor-lightbox-title=\"Laternenfest Kinder2024 Instituto Alem\u00e1n Puerto Montt _0018_DSC_1995\" data-e-action-hash=\"#elementor-action%3Aaction%3Dlightbox%26settings%3DeyJpZCI6MzQ0MzgsInVybCI6Imh0dHBzOlwvXC9pYWxlbWFuLmNsXC93cC1jb250ZW50XC91cGxvYWRzXC8yMDI0XC8wNlwvTGF0ZXJuZW5mZXN0LUtpbmRlcjIwMjQtSW5zdGl0dXRvLUFsZW1hbi1QdWVydG8tTW9udHQtXzAwMThfRFNDXzE5OTUuanBnIiwic2xpZGVzaG93IjoiMjAyNjA5YyJ9\" href='https:\/\/ialeman.cl\/wp-content\/uploads\/2024\/06\/Laternenfest-Kinder2024-Instituto-Aleman-Puerto-Montt-_0018_DSC_1995.jpg'><img loading=\"lazy\" decoding=\"async\" width=\"1200\" height=\"801\" src=\"https:\/\/ialeman.cl\/wp-content\/uploads\/2024\/06\/Laternenfest-Kinder2024-Instituto-Aleman-Puerto-Montt-_0018_DSC_1995.jpg\" class=\"attachment-full size-full\" alt=\"\" srcset=\"https:\/\/ialeman.cl\/wp-content\/uploads\/2024\/06\/Laternenfest-Kinder2024-Instituto-Aleman-Puerto-Montt-_0018_DSC_1995.jpg 1200w, https:\/\/ialeman.cl\/wp-content\/uploads\/2024\/06\/Laternenfest-Kinder2024-Instituto-Aleman-Puerto-Montt-_0018_DSC_1995-300x200.jpg 300w, https:\/\/ialeman.cl\/wp-content\/uploads\/2024\/06\/Laternenfest-Kinder2024-Instituto-Aleman-Puerto-Montt-_0018_DSC_1995-1024x684.jpg 1024w, https:\/\/ialeman.cl\/wp-content\/uploads\/2024\/06\/Laternenfest-Kinder2024-Instituto-Aleman-Puerto-Montt-_0018_DSC_1995-768x513.jpg 768w\" sizes=\"(max-width: 1200px) 100vw, 1200px\" \/><\/a>\n\t\t\t<\/div><\/figure><figure class='gallery-item'>\n\t\t\t<div class='gallery-icon landscape'>\n\t\t\t\t<a data-elementor-open-lightbox=\"yes\" data-elementor-lightbox-slideshow=\"202609c\" data-elementor-lightbox-title=\"Laternenfest Kinder2024 Instituto Alem\u00e1n Puerto Montt _0019_DSC_2366\" data-e-action-hash=\"#elementor-action%3Aaction%3Dlightbox%26settings%3DeyJpZCI6MzQ0MzksInVybCI6Imh0dHBzOlwvXC9pYWxlbWFuLmNsXC93cC1jb250ZW50XC91cGxvYWRzXC8yMDI0XC8wNlwvTGF0ZXJuZW5mZXN0LUtpbmRlcjIwMjQtSW5zdGl0dXRvLUFsZW1hbi1QdWVydG8tTW9udHQtXzAwMTlfRFNDXzIzNjYuanBnIiwic2xpZGVzaG93IjoiMjAyNjA5YyJ9\" href='https:\/\/ialeman.cl\/wp-content\/uploads\/2024\/06\/Laternenfest-Kinder2024-Instituto-Aleman-Puerto-Montt-_0019_DSC_2366.jpg'><img loading=\"lazy\" decoding=\"async\" width=\"1200\" height=\"801\" src=\"https:\/\/ialeman.cl\/wp-content\/uploads\/2024\/06\/Laternenfest-Kinder2024-Instituto-Aleman-Puerto-Montt-_0019_DSC_2366.jpg\" class=\"attachment-full size-full\" alt=\"\" srcset=\"https:\/\/ialeman.cl\/wp-content\/uploads\/2024\/06\/Laternenfest-Kinder2024-Instituto-Aleman-Puerto-Montt-_0019_DSC_2366.jpg 1200w, https:\/\/ialeman.cl\/wp-content\/uploads\/2024\/06\/Laternenfest-Kinder2024-Instituto-Aleman-Puerto-Montt-_0019_DSC_2366-300x200.jpg 300w, https:\/\/ialeman.cl\/wp-content\/uploads\/2024\/06\/Laternenfest-Kinder2024-Instituto-Aleman-Puerto-Montt-_0019_DSC_2366-1024x684.jpg 1024w, https:\/\/ialeman.cl\/wp-content\/uploads\/2024\/06\/Laternenfest-Kinder2024-Instituto-Aleman-Puerto-Montt-_0019_DSC_2366-768x513.jpg 768w\" sizes=\"(max-width: 1200px) 100vw, 1200px\" \/><\/a>\n\t\t\t<\/div><\/figure><figure class='gallery-item'>\n\t\t\t<div class='gallery-icon landscape'>\n\t\t\t\t<a data-elementor-open-lightbox=\"yes\" data-elementor-lightbox-slideshow=\"202609c\" data-elementor-lightbox-title=\"Laternenfest Kinder2024 Instituto Alem\u00e1n Puerto Montt _0020_DSC_2177\" data-e-action-hash=\"#elementor-action%3Aaction%3Dlightbox%26settings%3DeyJpZCI6MzQ0NDAsInVybCI6Imh0dHBzOlwvXC9pYWxlbWFuLmNsXC93cC1jb250ZW50XC91cGxvYWRzXC8yMDI0XC8wNlwvTGF0ZXJuZW5mZXN0LUtpbmRlcjIwMjQtSW5zdGl0dXRvLUFsZW1hbi1QdWVydG8tTW9udHQtXzAwMjBfRFNDXzIxNzcuanBnIiwic2xpZGVzaG93IjoiMjAyNjA5YyJ9\" href='https:\/\/ialeman.cl\/wp-content\/uploads\/2024\/06\/Laternenfest-Kinder2024-Instituto-Aleman-Puerto-Montt-_0020_DSC_2177.jpg'><img loading=\"lazy\" decoding=\"async\" width=\"1200\" height=\"801\" src=\"https:\/\/ialeman.cl\/wp-content\/uploads\/2024\/06\/Laternenfest-Kinder2024-Instituto-Aleman-Puerto-Montt-_0020_DSC_2177.jpg\" class=\"attachment-full size-full\" alt=\"\" srcset=\"https:\/\/ialeman.cl\/wp-content\/uploads\/2024\/06\/Laternenfest-Kinder2024-Instituto-Aleman-Puerto-Montt-_0020_DSC_2177.jpg 1200w, https:\/\/ialeman.cl\/wp-content\/uploads\/2024\/06\/Laternenfest-Kinder2024-Instituto-Aleman-Puerto-Montt-_0020_DSC_2177-300x200.jpg 300w, https:\/\/ialeman.cl\/wp-content\/uploads\/2024\/06\/Laternenfest-Kinder2024-Instituto-Aleman-Puerto-Montt-_0020_DSC_2177-1024x684.jpg 1024w, https:\/\/ialeman.cl\/wp-content\/uploads\/2024\/06\/Laternenfest-Kinder2024-Instituto-Aleman-Puerto-Montt-_0020_DSC_2177-768x513.jpg 768w\" sizes=\"(max-width: 1200px) 100vw, 1200px\" \/><\/a>\n\t\t\t<\/div><\/figure><figure class='gallery-item'>\n\t\t\t<div class='gallery-icon landscape'>\n\t\t\t\t<a data-elementor-open-lightbox=\"yes\" data-elementor-lightbox-slideshow=\"202609c\" data-elementor-lightbox-title=\"Laternenfest Kinder2024 Instituto Alem\u00e1n Puerto Montt _0021_DSC_2162\" data-e-action-hash=\"#elementor-action%3Aaction%3Dlightbox%26settings%3DeyJpZCI6MzQ0NDEsInVybCI6Imh0dHBzOlwvXC9pYWxlbWFuLmNsXC93cC1jb250ZW50XC91cGxvYWRzXC8yMDI0XC8wNlwvTGF0ZXJuZW5mZXN0LUtpbmRlcjIwMjQtSW5zdGl0dXRvLUFsZW1hbi1QdWVydG8tTW9udHQtXzAwMjFfRFNDXzIxNjIuanBnIiwic2xpZGVzaG93IjoiMjAyNjA5YyJ9\" href='https:\/\/ialeman.cl\/wp-content\/uploads\/2024\/06\/Laternenfest-Kinder2024-Instituto-Aleman-Puerto-Montt-_0021_DSC_2162.jpg'><img loading=\"lazy\" decoding=\"async\" width=\"1200\" height=\"801\" src=\"https:\/\/ialeman.cl\/wp-content\/uploads\/2024\/06\/Laternenfest-Kinder2024-Instituto-Aleman-Puerto-Montt-_0021_DSC_2162.jpg\" class=\"attachment-full size-full\" alt=\"\" srcset=\"https:\/\/ialeman.cl\/wp-content\/uploads\/2024\/06\/Laternenfest-Kinder2024-Instituto-Aleman-Puerto-Montt-_0021_DSC_2162.jpg 1200w, https:\/\/ialeman.cl\/wp-content\/uploads\/2024\/06\/Laternenfest-Kinder2024-Instituto-Aleman-Puerto-Montt-_0021_DSC_2162-300x200.jpg 300w, https:\/\/ialeman.cl\/wp-content\/uploads\/2024\/06\/Laternenfest-Kinder2024-Instituto-Aleman-Puerto-Montt-_0021_DSC_2162-1024x684.jpg 1024w, https:\/\/ialeman.cl\/wp-content\/uploads\/2024\/06\/Laternenfest-Kinder2024-Instituto-Aleman-Puerto-Montt-_0021_DSC_2162-768x513.jpg 768w\" sizes=\"(max-width: 1200px) 100vw, 1200px\" \/><\/a>\n\t\t\t<\/div><\/figure><figure class='gallery-item'>\n\t\t\t<div class='gallery-icon landscape'>\n\t\t\t\t<a data-elementor-open-lightbox=\"yes\" data-elementor-lightbox-slideshow=\"202609c\" data-elementor-lightbox-title=\"Laternenfest Kinder2024 Instituto Alem\u00e1n Puerto Montt _0022_DSC_2146\" data-e-action-hash=\"#elementor-action%3Aaction%3Dlightbox%26settings%3DeyJpZCI6MzQ0NDIsInVybCI6Imh0dHBzOlwvXC9pYWxlbWFuLmNsXC93cC1jb250ZW50XC91cGxvYWRzXC8yMDI0XC8wNlwvTGF0ZXJuZW5mZXN0LUtpbmRlcjIwMjQtSW5zdGl0dXRvLUFsZW1hbi1QdWVydG8tTW9udHQtXzAwMjJfRFNDXzIxNDYuanBnIiwic2xpZGVzaG93IjoiMjAyNjA5YyJ9\" href='https:\/\/ialeman.cl\/wp-content\/uploads\/2024\/06\/Laternenfest-Kinder2024-Instituto-Aleman-Puerto-Montt-_0022_DSC_2146.jpg'><img loading=\"lazy\" decoding=\"async\" width=\"1200\" height=\"801\" src=\"https:\/\/ialeman.cl\/wp-content\/uploads\/2024\/06\/Laternenfest-Kinder2024-Instituto-Aleman-Puerto-Montt-_0022_DSC_2146.jpg\" class=\"attachment-full size-full\" alt=\"\" srcset=\"https:\/\/ialeman.cl\/wp-content\/uploads\/2024\/06\/Laternenfest-Kinder2024-Instituto-Aleman-Puerto-Montt-_0022_DSC_2146.jpg 1200w, https:\/\/ialeman.cl\/wp-content\/uploads\/2024\/06\/Laternenfest-Kinder2024-Instituto-Aleman-Puerto-Montt-_0022_DSC_2146-300x200.jpg 300w, https:\/\/ialeman.cl\/wp-content\/uploads\/2024\/06\/Laternenfest-Kinder2024-Instituto-Aleman-Puerto-Montt-_0022_DSC_2146-1024x684.jpg 1024w, https:\/\/ialeman.cl\/wp-content\/uploads\/2024\/06\/Laternenfest-Kinder2024-Instituto-Aleman-Puerto-Montt-_0022_DSC_2146-768x513.jpg 768w\" sizes=\"(max-width: 1200px) 100vw, 1200px\" \/><\/a>\n\t\t\t<\/div><\/figure><figure class='gallery-item'>\n\t\t\t<div class='gallery-icon landscape'>\n\t\t\t\t<a data-elementor-open-lightbox=\"yes\" data-elementor-lightbox-slideshow=\"202609c\" data-elementor-lightbox-title=\"Laternenfest Kinder2024 Instituto Alem\u00e1n Puerto Montt _0023_Brillo_contraste 10\" data-e-action-hash=\"#elementor-action%3Aaction%3Dlightbox%26settings%3DeyJpZCI6MzQ0NDMsInVybCI6Imh0dHBzOlwvXC9pYWxlbWFuLmNsXC93cC1jb250ZW50XC91cGxvYWRzXC8yMDI0XC8wNlwvTGF0ZXJuZW5mZXN0LUtpbmRlcjIwMjQtSW5zdGl0dXRvLUFsZW1hbi1QdWVydG8tTW9udHQtXzAwMjNfQnJpbGxvX2NvbnRyYXN0ZS0xMC5qcGciLCJzbGlkZXNob3ciOiIyMDI2MDljIn0%3D\" href='https:\/\/ialeman.cl\/wp-content\/uploads\/2024\/06\/Laternenfest-Kinder2024-Instituto-Aleman-Puerto-Montt-_0023_Brillo_contraste-10.jpg'><img loading=\"lazy\" decoding=\"async\" width=\"1200\" height=\"801\" src=\"https:\/\/ialeman.cl\/wp-content\/uploads\/2024\/06\/Laternenfest-Kinder2024-Instituto-Aleman-Puerto-Montt-_0023_Brillo_contraste-10.jpg\" class=\"attachment-full size-full\" alt=\"\" srcset=\"https:\/\/ialeman.cl\/wp-content\/uploads\/2024\/06\/Laternenfest-Kinder2024-Instituto-Aleman-Puerto-Montt-_0023_Brillo_contraste-10.jpg 1200w, https:\/\/ialeman.cl\/wp-content\/uploads\/2024\/06\/Laternenfest-Kinder2024-Instituto-Aleman-Puerto-Montt-_0023_Brillo_contraste-10-300x200.jpg 300w, https:\/\/ialeman.cl\/wp-content\/uploads\/2024\/06\/Laternenfest-Kinder2024-Instituto-Aleman-Puerto-Montt-_0023_Brillo_contraste-10-1024x684.jpg 1024w, https:\/\/ialeman.cl\/wp-content\/uploads\/2024\/06\/Laternenfest-Kinder2024-Instituto-Aleman-Puerto-Montt-_0023_Brillo_contraste-10-768x513.jpg 768w\" sizes=\"(max-width: 1200px) 100vw, 1200px\" \/><\/a>\n\t\t\t<\/div><\/figure><figure class='gallery-item'>\n\t\t\t<div class='gallery-icon landscape'>\n\t\t\t\t<a data-elementor-open-lightbox=\"yes\" data-elementor-lightbox-slideshow=\"202609c\" data-elementor-lightbox-title=\"Laternenfest Kinder2024 Instituto Alem\u00e1n Puerto Montt _0024_DSC_2151\" data-e-action-hash=\"#elementor-action%3Aaction%3Dlightbox%26settings%3DeyJpZCI6MzQ0NDQsInVybCI6Imh0dHBzOlwvXC9pYWxlbWFuLmNsXC93cC1jb250ZW50XC91cGxvYWRzXC8yMDI0XC8wNlwvTGF0ZXJuZW5mZXN0LUtpbmRlcjIwMjQtSW5zdGl0dXRvLUFsZW1hbi1QdWVydG8tTW9udHQtXzAwMjRfRFNDXzIxNTEuanBnIiwic2xpZGVzaG93IjoiMjAyNjA5YyJ9\" href='https:\/\/ialeman.cl\/wp-content\/uploads\/2024\/06\/Laternenfest-Kinder2024-Instituto-Aleman-Puerto-Montt-_0024_DSC_2151.jpg'><img loading=\"lazy\" decoding=\"async\" width=\"1200\" height=\"801\" src=\"https:\/\/ialeman.cl\/wp-content\/uploads\/2024\/06\/Laternenfest-Kinder2024-Instituto-Aleman-Puerto-Montt-_0024_DSC_2151.jpg\" class=\"attachment-full size-full\" alt=\"\" srcset=\"https:\/\/ialeman.cl\/wp-content\/uploads\/2024\/06\/Laternenfest-Kinder2024-Instituto-Aleman-Puerto-Montt-_0024_DSC_2151.jpg 1200w, https:\/\/ialeman.cl\/wp-content\/uploads\/2024\/06\/Laternenfest-Kinder2024-Instituto-Aleman-Puerto-Montt-_0024_DSC_2151-300x200.jpg 300w, https:\/\/ialeman.cl\/wp-content\/uploads\/2024\/06\/Laternenfest-Kinder2024-Instituto-Aleman-Puerto-Montt-_0024_DSC_2151-1024x684.jpg 1024w, https:\/\/ialeman.cl\/wp-content\/uploads\/2024\/06\/Laternenfest-Kinder2024-Instituto-Aleman-Puerto-Montt-_0024_DSC_2151-768x513.jpg 768w\" sizes=\"(max-width: 1200px) 100vw, 1200px\" \/><\/a>\n\t\t\t<\/div><\/figure><figure class='gallery-item'>\n\t\t\t<div class='gallery-icon landscape'>\n\t\t\t\t<a data-elementor-open-lightbox=\"yes\" data-elementor-lightbox-slideshow=\"202609c\" data-elementor-lightbox-title=\"Laternenfest Kinder2024 Instituto Alem\u00e1n Puerto Montt _0025_Brillo_contraste 11\" data-e-action-hash=\"#elementor-action%3Aaction%3Dlightbox%26settings%3DeyJpZCI6MzQ0NDUsInVybCI6Imh0dHBzOlwvXC9pYWxlbWFuLmNsXC93cC1jb250ZW50XC91cGxvYWRzXC8yMDI0XC8wNlwvTGF0ZXJuZW5mZXN0LUtpbmRlcjIwMjQtSW5zdGl0dXRvLUFsZW1hbi1QdWVydG8tTW9udHQtXzAwMjVfQnJpbGxvX2NvbnRyYXN0ZS0xMS5qcGciLCJzbGlkZXNob3ciOiIyMDI2MDljIn0%3D\" href='https:\/\/ialeman.cl\/wp-content\/uploads\/2024\/06\/Laternenfest-Kinder2024-Instituto-Aleman-Puerto-Montt-_0025_Brillo_contraste-11.jpg'><img loading=\"lazy\" decoding=\"async\" width=\"1200\" height=\"801\" src=\"https:\/\/ialeman.cl\/wp-content\/uploads\/2024\/06\/Laternenfest-Kinder2024-Instituto-Aleman-Puerto-Montt-_0025_Brillo_contraste-11.jpg\" class=\"attachment-full size-full\" alt=\"\" srcset=\"https:\/\/ialeman.cl\/wp-content\/uploads\/2024\/06\/Laternenfest-Kinder2024-Instituto-Aleman-Puerto-Montt-_0025_Brillo_contraste-11.jpg 1200w, https:\/\/ialeman.cl\/wp-content\/uploads\/2024\/06\/Laternenfest-Kinder2024-Instituto-Aleman-Puerto-Montt-_0025_Brillo_contraste-11-300x200.jpg 300w, https:\/\/ialeman.cl\/wp-content\/uploads\/2024\/06\/Laternenfest-Kinder2024-Instituto-Aleman-Puerto-Montt-_0025_Brillo_contraste-11-1024x684.jpg 1024w, https:\/\/ialeman.cl\/wp-content\/uploads\/2024\/06\/Laternenfest-Kinder2024-Instituto-Aleman-Puerto-Montt-_0025_Brillo_contraste-11-768x513.jpg 768w\" sizes=\"(max-width: 1200px) 100vw, 1200px\" \/><\/a>\n\t\t\t<\/div><\/figure><figure class='gallery-item'>\n\t\t\t<div class='gallery-icon landscape'>\n\t\t\t\t<a data-elementor-open-lightbox=\"yes\" data-elementor-lightbox-slideshow=\"202609c\" data-elementor-lightbox-title=\"Laternenfest Kinder2024 Instituto Alem\u00e1n Puerto Montt _0026_Brillo_contraste 12\" data-e-action-hash=\"#elementor-action%3Aaction%3Dlightbox%26settings%3DeyJpZCI6MzQ0NDYsInVybCI6Imh0dHBzOlwvXC9pYWxlbWFuLmNsXC93cC1jb250ZW50XC91cGxvYWRzXC8yMDI0XC8wNlwvTGF0ZXJuZW5mZXN0LUtpbmRlcjIwMjQtSW5zdGl0dXRvLUFsZW1hbi1QdWVydG8tTW9udHQtXzAwMjZfQnJpbGxvX2NvbnRyYXN0ZS0xMi5qcGciLCJzbGlkZXNob3ciOiIyMDI2MDljIn0%3D\" href='https:\/\/ialeman.cl\/wp-content\/uploads\/2024\/06\/Laternenfest-Kinder2024-Instituto-Aleman-Puerto-Montt-_0026_Brillo_contraste-12.jpg'><img loading=\"lazy\" decoding=\"async\" width=\"1200\" height=\"801\" src=\"https:\/\/ialeman.cl\/wp-content\/uploads\/2024\/06\/Laternenfest-Kinder2024-Instituto-Aleman-Puerto-Montt-_0026_Brillo_contraste-12.jpg\" class=\"attachment-full size-full\" alt=\"\" srcset=\"https:\/\/ialeman.cl\/wp-content\/uploads\/2024\/06\/Laternenfest-Kinder2024-Instituto-Aleman-Puerto-Montt-_0026_Brillo_contraste-12.jpg 1200w, https:\/\/ialeman.cl\/wp-content\/uploads\/2024\/06\/Laternenfest-Kinder2024-Instituto-Aleman-Puerto-Montt-_0026_Brillo_contraste-12-300x200.jpg 300w, https:\/\/ialeman.cl\/wp-content\/uploads\/2024\/06\/Laternenfest-Kinder2024-Instituto-Aleman-Puerto-Montt-_0026_Brillo_contraste-12-1024x684.jpg 1024w, https:\/\/ialeman.cl\/wp-content\/uploads\/2024\/06\/Laternenfest-Kinder2024-Instituto-Aleman-Puerto-Montt-_0026_Brillo_contraste-12-768x513.jpg 768w\" sizes=\"(max-width: 1200px) 100vw, 1200px\" \/><\/a>\n\t\t\t<\/div><\/figure><figure class='gallery-item'>\n\t\t\t<div class='gallery-icon landscape'>\n\t\t\t\t<a data-elementor-open-lightbox=\"yes\" data-elementor-lightbox-slideshow=\"202609c\" data-elementor-lightbox-title=\"Laternenfest Kinder2024 Instituto Alem\u00e1n Puerto Montt _0027_Brillo_contraste 13\" data-e-action-hash=\"#elementor-action%3Aaction%3Dlightbox%26settings%3DeyJpZCI6MzQ0NDcsInVybCI6Imh0dHBzOlwvXC9pYWxlbWFuLmNsXC93cC1jb250ZW50XC91cGxvYWRzXC8yMDI0XC8wNlwvTGF0ZXJuZW5mZXN0LUtpbmRlcjIwMjQtSW5zdGl0dXRvLUFsZW1hbi1QdWVydG8tTW9udHQtXzAwMjdfQnJpbGxvX2NvbnRyYXN0ZS0xMy5qcGciLCJzbGlkZXNob3ciOiIyMDI2MDljIn0%3D\" href='https:\/\/ialeman.cl\/wp-content\/uploads\/2024\/06\/Laternenfest-Kinder2024-Instituto-Aleman-Puerto-Montt-_0027_Brillo_contraste-13.jpg'><img loading=\"lazy\" decoding=\"async\" width=\"1200\" height=\"801\" src=\"https:\/\/ialeman.cl\/wp-content\/uploads\/2024\/06\/Laternenfest-Kinder2024-Instituto-Aleman-Puerto-Montt-_0027_Brillo_contraste-13.jpg\" class=\"attachment-full size-full\" alt=\"\" srcset=\"https:\/\/ialeman.cl\/wp-content\/uploads\/2024\/06\/Laternenfest-Kinder2024-Instituto-Aleman-Puerto-Montt-_0027_Brillo_contraste-13.jpg 1200w, https:\/\/ialeman.cl\/wp-content\/uploads\/2024\/06\/Laternenfest-Kinder2024-Instituto-Aleman-Puerto-Montt-_0027_Brillo_contraste-13-300x200.jpg 300w, https:\/\/ialeman.cl\/wp-content\/uploads\/2024\/06\/Laternenfest-Kinder2024-Instituto-Aleman-Puerto-Montt-_0027_Brillo_contraste-13-1024x684.jpg 1024w, https:\/\/ialeman.cl\/wp-content\/uploads\/2024\/06\/Laternenfest-Kinder2024-Instituto-Aleman-Puerto-Montt-_0027_Brillo_contraste-13-768x513.jpg 768w\" sizes=\"(max-width: 1200px) 100vw, 1200px\" \/><\/a>\n\t\t\t<\/div><\/figure><figure class='gallery-item'>\n\t\t\t<div class='gallery-icon landscape'>\n\t\t\t\t<a data-elementor-open-lightbox=\"yes\" data-elementor-lightbox-slideshow=\"202609c\" data-elementor-lightbox-title=\"Laternenfest Kinder2024 Instituto Alem\u00e1n Puerto Montt _0028_Brillo_contraste 16\" data-e-action-hash=\"#elementor-action%3Aaction%3Dlightbox%26settings%3DeyJpZCI6MzQ0NDgsInVybCI6Imh0dHBzOlwvXC9pYWxlbWFuLmNsXC93cC1jb250ZW50XC91cGxvYWRzXC8yMDI0XC8wNlwvTGF0ZXJuZW5mZXN0LUtpbmRlcjIwMjQtSW5zdGl0dXRvLUFsZW1hbi1QdWVydG8tTW9udHQtXzAwMjhfQnJpbGxvX2NvbnRyYXN0ZS0xNi5qcGciLCJzbGlkZXNob3ciOiIyMDI2MDljIn0%3D\" href='https:\/\/ialeman.cl\/wp-content\/uploads\/2024\/06\/Laternenfest-Kinder2024-Instituto-Aleman-Puerto-Montt-_0028_Brillo_contraste-16.jpg'><img loading=\"lazy\" decoding=\"async\" width=\"1200\" height=\"801\" src=\"https:\/\/ialeman.cl\/wp-content\/uploads\/2024\/06\/Laternenfest-Kinder2024-Instituto-Aleman-Puerto-Montt-_0028_Brillo_contraste-16.jpg\" class=\"attachment-full size-full\" alt=\"\" srcset=\"https:\/\/ialeman.cl\/wp-content\/uploads\/2024\/06\/Laternenfest-Kinder2024-Instituto-Aleman-Puerto-Montt-_0028_Brillo_contraste-16.jpg 1200w, https:\/\/ialeman.cl\/wp-content\/uploads\/2024\/06\/Laternenfest-Kinder2024-Instituto-Aleman-Puerto-Montt-_0028_Brillo_contraste-16-300x200.jpg 300w, https:\/\/ialeman.cl\/wp-content\/uploads\/2024\/06\/Laternenfest-Kinder2024-Instituto-Aleman-Puerto-Montt-_0028_Brillo_contraste-16-1024x684.jpg 1024w, https:\/\/ialeman.cl\/wp-content\/uploads\/2024\/06\/Laternenfest-Kinder2024-Instituto-Aleman-Puerto-Montt-_0028_Brillo_contraste-16-768x513.jpg 768w\" sizes=\"(max-width: 1200px) 100vw, 1200px\" \/><\/a>\n\t\t\t<\/div><\/figure><figure class='gallery-item'>\n\t\t\t<div class='gallery-icon landscape'>\n\t\t\t\t<a data-elementor-open-lightbox=\"yes\" data-elementor-lightbox-slideshow=\"202609c\" data-elementor-lightbox-title=\"Laternenfest Kinder2024 Instituto Alem\u00e1n Puerto Montt _0029_Brillo_contraste 17\" data-e-action-hash=\"#elementor-action%3Aaction%3Dlightbox%26settings%3DeyJpZCI6MzQ0NDksInVybCI6Imh0dHBzOlwvXC9pYWxlbWFuLmNsXC93cC1jb250ZW50XC91cGxvYWRzXC8yMDI0XC8wNlwvTGF0ZXJuZW5mZXN0LUtpbmRlcjIwMjQtSW5zdGl0dXRvLUFsZW1hbi1QdWVydG8tTW9udHQtXzAwMjlfQnJpbGxvX2NvbnRyYXN0ZS0xNy0xLmpwZyIsInNsaWRlc2hvdyI6IjIwMjYwOWMifQ%3D%3D\" href='https:\/\/ialeman.cl\/wp-content\/uploads\/2024\/06\/Laternenfest-Kinder2024-Instituto-Aleman-Puerto-Montt-_0029_Brillo_contraste-17-1.jpg'><img loading=\"lazy\" decoding=\"async\" width=\"1200\" height=\"801\" src=\"https:\/\/ialeman.cl\/wp-content\/uploads\/2024\/06\/Laternenfest-Kinder2024-Instituto-Aleman-Puerto-Montt-_0029_Brillo_contraste-17-1.jpg\" class=\"attachment-full size-full\" alt=\"\" srcset=\"https:\/\/ialeman.cl\/wp-content\/uploads\/2024\/06\/Laternenfest-Kinder2024-Instituto-Aleman-Puerto-Montt-_0029_Brillo_contraste-17-1.jpg 1200w, https:\/\/ialeman.cl\/wp-content\/uploads\/2024\/06\/Laternenfest-Kinder2024-Instituto-Aleman-Puerto-Montt-_0029_Brillo_contraste-17-1-300x200.jpg 300w, https:\/\/ialeman.cl\/wp-content\/uploads\/2024\/06\/Laternenfest-Kinder2024-Instituto-Aleman-Puerto-Montt-_0029_Brillo_contraste-17-1-1024x684.jpg 1024w, https:\/\/ialeman.cl\/wp-content\/uploads\/2024\/06\/Laternenfest-Kinder2024-Instituto-Aleman-Puerto-Montt-_0029_Brillo_contraste-17-1-768x513.jpg 768w\" sizes=\"(max-width: 1200px) 100vw, 1200px\" \/><\/a>\n\t\t\t<\/div><\/figure><figure class='gallery-item'>\n\t\t\t<div class='gallery-icon landscape'>\n\t\t\t\t<a data-elementor-open-lightbox=\"yes\" data-elementor-lightbox-slideshow=\"202609c\" data-elementor-lightbox-title=\"Laternenfest Kinder2024 Instituto Alem\u00e1n Puerto Montt _0030_Brillo_contraste 19\" data-e-action-hash=\"#elementor-action%3Aaction%3Dlightbox%26settings%3DeyJpZCI6MzQ0NTAsInVybCI6Imh0dHBzOlwvXC9pYWxlbWFuLmNsXC93cC1jb250ZW50XC91cGxvYWRzXC8yMDI0XC8wNlwvTGF0ZXJuZW5mZXN0LUtpbmRlcjIwMjQtSW5zdGl0dXRvLUFsZW1hbi1QdWVydG8tTW9udHQtXzAwMzBfQnJpbGxvX2NvbnRyYXN0ZS0xOS5qcGciLCJzbGlkZXNob3ciOiIyMDI2MDljIn0%3D\" href='https:\/\/ialeman.cl\/wp-content\/uploads\/2024\/06\/Laternenfest-Kinder2024-Instituto-Aleman-Puerto-Montt-_0030_Brillo_contraste-19.jpg'><img loading=\"lazy\" decoding=\"async\" width=\"1200\" height=\"801\" src=\"https:\/\/ialeman.cl\/wp-content\/uploads\/2024\/06\/Laternenfest-Kinder2024-Instituto-Aleman-Puerto-Montt-_0030_Brillo_contraste-19.jpg\" class=\"attachment-full size-full\" alt=\"\" srcset=\"https:\/\/ialeman.cl\/wp-content\/uploads\/2024\/06\/Laternenfest-Kinder2024-Instituto-Aleman-Puerto-Montt-_0030_Brillo_contraste-19.jpg 1200w, https:\/\/ialeman.cl\/wp-content\/uploads\/2024\/06\/Laternenfest-Kinder2024-Instituto-Aleman-Puerto-Montt-_0030_Brillo_contraste-19-300x200.jpg 300w, https:\/\/ialeman.cl\/wp-content\/uploads\/2024\/06\/Laternenfest-Kinder2024-Instituto-Aleman-Puerto-Montt-_0030_Brillo_contraste-19-1024x684.jpg 1024w, https:\/\/ialeman.cl\/wp-content\/uploads\/2024\/06\/Laternenfest-Kinder2024-Instituto-Aleman-Puerto-Montt-_0030_Brillo_contraste-19-768x513.jpg 768w\" sizes=\"(max-width: 1200px) 100vw, 1200px\" \/><\/a>\n\t\t\t<\/div><\/figure><figure class='gallery-item'>\n\t\t\t<div class='gallery-icon landscape'>\n\t\t\t\t<a data-elementor-open-lightbox=\"yes\" data-elementor-lightbox-slideshow=\"202609c\" data-elementor-lightbox-title=\"Laternenfest Kinder2024 Instituto Alem\u00e1n Puerto Montt _0031_Brillo_contraste 20\" data-e-action-hash=\"#elementor-action%3Aaction%3Dlightbox%26settings%3DeyJpZCI6MzQ0NTEsInVybCI6Imh0dHBzOlwvXC9pYWxlbWFuLmNsXC93cC1jb250ZW50XC91cGxvYWRzXC8yMDI0XC8wNlwvTGF0ZXJuZW5mZXN0LUtpbmRlcjIwMjQtSW5zdGl0dXRvLUFsZW1hbi1QdWVydG8tTW9udHQtXzAwMzFfQnJpbGxvX2NvbnRyYXN0ZS0yMC5qcGciLCJzbGlkZXNob3ciOiIyMDI2MDljIn0%3D\" href='https:\/\/ialeman.cl\/wp-content\/uploads\/2024\/06\/Laternenfest-Kinder2024-Instituto-Aleman-Puerto-Montt-_0031_Brillo_contraste-20.jpg'><img loading=\"lazy\" decoding=\"async\" width=\"1200\" height=\"801\" src=\"https:\/\/ialeman.cl\/wp-content\/uploads\/2024\/06\/Laternenfest-Kinder2024-Instituto-Aleman-Puerto-Montt-_0031_Brillo_contraste-20.jpg\" class=\"attachment-full size-full\" alt=\"\" srcset=\"https:\/\/ialeman.cl\/wp-content\/uploads\/2024\/06\/Laternenfest-Kinder2024-Instituto-Aleman-Puerto-Montt-_0031_Brillo_contraste-20.jpg 1200w, https:\/\/ialeman.cl\/wp-content\/uploads\/2024\/06\/Laternenfest-Kinder2024-Instituto-Aleman-Puerto-Montt-_0031_Brillo_contraste-20-300x200.jpg 300w, https:\/\/ialeman.cl\/wp-content\/uploads\/2024\/06\/Laternenfest-Kinder2024-Instituto-Aleman-Puerto-Montt-_0031_Brillo_contraste-20-1024x684.jpg 1024w, https:\/\/ialeman.cl\/wp-content\/uploads\/2024\/06\/Laternenfest-Kinder2024-Instituto-Aleman-Puerto-Montt-_0031_Brillo_contraste-20-768x513.jpg 768w\" sizes=\"(max-width: 1200px) 100vw, 1200px\" \/><\/a>\n\t\t\t<\/div><\/figure><figure class='gallery-item'>\n\t\t\t<div class='gallery-icon landscape'>\n\t\t\t\t<a data-elementor-open-lightbox=\"yes\" data-elementor-lightbox-slideshow=\"202609c\" data-elementor-lightbox-title=\"Laternenfest Kinder2024 Instituto Alem\u00e1n Puerto Montt _0032_Brillo_contraste 21\" data-e-action-hash=\"#elementor-action%3Aaction%3Dlightbox%26settings%3DeyJpZCI6MzQ0NTIsInVybCI6Imh0dHBzOlwvXC9pYWxlbWFuLmNsXC93cC1jb250ZW50XC91cGxvYWRzXC8yMDI0XC8wNlwvTGF0ZXJuZW5mZXN0LUtpbmRlcjIwMjQtSW5zdGl0dXRvLUFsZW1hbi1QdWVydG8tTW9udHQtXzAwMzJfQnJpbGxvX2NvbnRyYXN0ZS0yMS5qcGciLCJzbGlkZXNob3ciOiIyMDI2MDljIn0%3D\" href='https:\/\/ialeman.cl\/wp-content\/uploads\/2024\/06\/Laternenfest-Kinder2024-Instituto-Aleman-Puerto-Montt-_0032_Brillo_contraste-21.jpg'><img loading=\"lazy\" decoding=\"async\" width=\"1200\" height=\"801\" src=\"https:\/\/ialeman.cl\/wp-content\/uploads\/2024\/06\/Laternenfest-Kinder2024-Instituto-Aleman-Puerto-Montt-_0032_Brillo_contraste-21.jpg\" class=\"attachment-full size-full\" alt=\"\" srcset=\"https:\/\/ialeman.cl\/wp-content\/uploads\/2024\/06\/Laternenfest-Kinder2024-Instituto-Aleman-Puerto-Montt-_0032_Brillo_contraste-21.jpg 1200w, https:\/\/ialeman.cl\/wp-content\/uploads\/2024\/06\/Laternenfest-Kinder2024-Instituto-Aleman-Puerto-Montt-_0032_Brillo_contraste-21-300x200.jpg 300w, https:\/\/ialeman.cl\/wp-content\/uploads\/2024\/06\/Laternenfest-Kinder2024-Instituto-Aleman-Puerto-Montt-_0032_Brillo_contraste-21-1024x684.jpg 1024w, https:\/\/ialeman.cl\/wp-content\/uploads\/2024\/06\/Laternenfest-Kinder2024-Instituto-Aleman-Puerto-Montt-_0032_Brillo_contraste-21-768x513.jpg 768w\" sizes=\"(max-width: 1200px) 100vw, 1200px\" \/><\/a>\n\t\t\t<\/div><\/figure><figure class='gallery-item'>\n\t\t\t<div class='gallery-icon landscape'>\n\t\t\t\t<a data-elementor-open-lightbox=\"yes\" data-elementor-lightbox-slideshow=\"202609c\" data-elementor-lightbox-title=\"Laternenfest Kinder2024 Instituto Alem\u00e1n Puerto Montt _0033_DSC_2048\" data-e-action-hash=\"#elementor-action%3Aaction%3Dlightbox%26settings%3DeyJpZCI6MzQ0NTMsInVybCI6Imh0dHBzOlwvXC9pYWxlbWFuLmNsXC93cC1jb250ZW50XC91cGxvYWRzXC8yMDI0XC8wNlwvTGF0ZXJuZW5mZXN0LUtpbmRlcjIwMjQtSW5zdGl0dXRvLUFsZW1hbi1QdWVydG8tTW9udHQtXzAwMzNfRFNDXzIwNDguanBnIiwic2xpZGVzaG93IjoiMjAyNjA5YyJ9\" href='https:\/\/ialeman.cl\/wp-content\/uploads\/2024\/06\/Laternenfest-Kinder2024-Instituto-Aleman-Puerto-Montt-_0033_DSC_2048.jpg'><img loading=\"lazy\" decoding=\"async\" width=\"1200\" height=\"801\" src=\"https:\/\/ialeman.cl\/wp-content\/uploads\/2024\/06\/Laternenfest-Kinder2024-Instituto-Aleman-Puerto-Montt-_0033_DSC_2048.jpg\" class=\"attachment-full size-full\" alt=\"\" srcset=\"https:\/\/ialeman.cl\/wp-content\/uploads\/2024\/06\/Laternenfest-Kinder2024-Instituto-Aleman-Puerto-Montt-_0033_DSC_2048.jpg 1200w, https:\/\/ialeman.cl\/wp-content\/uploads\/2024\/06\/Laternenfest-Kinder2024-Instituto-Aleman-Puerto-Montt-_0033_DSC_2048-300x200.jpg 300w, https:\/\/ialeman.cl\/wp-content\/uploads\/2024\/06\/Laternenfest-Kinder2024-Instituto-Aleman-Puerto-Montt-_0033_DSC_2048-1024x684.jpg 1024w, https:\/\/ialeman.cl\/wp-content\/uploads\/2024\/06\/Laternenfest-Kinder2024-Instituto-Aleman-Puerto-Montt-_0033_DSC_2048-768x513.jpg 768w\" sizes=\"(max-width: 1200px) 100vw, 1200px\" \/><\/a>\n\t\t\t<\/div><\/figure><figure class='gallery-item'>\n\t\t\t<div class='gallery-icon landscape'>\n\t\t\t\t<a data-elementor-open-lightbox=\"yes\" data-elementor-lightbox-slideshow=\"202609c\" data-elementor-lightbox-title=\"Laternenfest Kinder2024 Instituto Alem\u00e1n Puerto Montt _0034_Brillo_contraste 22\" data-e-action-hash=\"#elementor-action%3Aaction%3Dlightbox%26settings%3DeyJpZCI6MzQ0NTQsInVybCI6Imh0dHBzOlwvXC9pYWxlbWFuLmNsXC93cC1jb250ZW50XC91cGxvYWRzXC8yMDI0XC8wNlwvTGF0ZXJuZW5mZXN0LUtpbmRlcjIwMjQtSW5zdGl0dXRvLUFsZW1hbi1QdWVydG8tTW9udHQtXzAwMzRfQnJpbGxvX2NvbnRyYXN0ZS0yMi5qcGciLCJzbGlkZXNob3ciOiIyMDI2MDljIn0%3D\" href='https:\/\/ialeman.cl\/wp-content\/uploads\/2024\/06\/Laternenfest-Kinder2024-Instituto-Aleman-Puerto-Montt-_0034_Brillo_contraste-22.jpg'><img loading=\"lazy\" decoding=\"async\" width=\"1200\" height=\"801\" src=\"https:\/\/ialeman.cl\/wp-content\/uploads\/2024\/06\/Laternenfest-Kinder2024-Instituto-Aleman-Puerto-Montt-_0034_Brillo_contraste-22.jpg\" class=\"attachment-full size-full\" alt=\"\" srcset=\"https:\/\/ialeman.cl\/wp-content\/uploads\/2024\/06\/Laternenfest-Kinder2024-Instituto-Aleman-Puerto-Montt-_0034_Brillo_contraste-22.jpg 1200w, https:\/\/ialeman.cl\/wp-content\/uploads\/2024\/06\/Laternenfest-Kinder2024-Instituto-Aleman-Puerto-Montt-_0034_Brillo_contraste-22-300x200.jpg 300w, https:\/\/ialeman.cl\/wp-content\/uploads\/2024\/06\/Laternenfest-Kinder2024-Instituto-Aleman-Puerto-Montt-_0034_Brillo_contraste-22-1024x684.jpg 1024w, https:\/\/ialeman.cl\/wp-content\/uploads\/2024\/06\/Laternenfest-Kinder2024-Instituto-Aleman-Puerto-Montt-_0034_Brillo_contraste-22-768x513.jpg 768w\" sizes=\"(max-width: 1200px) 100vw, 1200px\" \/><\/a>\n\t\t\t<\/div><\/figure><figure class='gallery-item'>\n\t\t\t<div class='gallery-icon landscape'>\n\t\t\t\t<a data-elementor-open-lightbox=\"yes\" data-elementor-lightbox-slideshow=\"202609c\" data-elementor-lightbox-title=\"Laternenfest Kinder2024 Instituto Alem\u00e1n Puerto Montt _0035_DSC_2138\" data-e-action-hash=\"#elementor-action%3Aaction%3Dlightbox%26settings%3DeyJpZCI6MzQ0NTUsInVybCI6Imh0dHBzOlwvXC9pYWxlbWFuLmNsXC93cC1jb250ZW50XC91cGxvYWRzXC8yMDI0XC8wNlwvTGF0ZXJuZW5mZXN0LUtpbmRlcjIwMjQtSW5zdGl0dXRvLUFsZW1hbi1QdWVydG8tTW9udHQtXzAwMzVfRFNDXzIxMzguanBnIiwic2xpZGVzaG93IjoiMjAyNjA5YyJ9\" href='https:\/\/ialeman.cl\/wp-content\/uploads\/2024\/06\/Laternenfest-Kinder2024-Instituto-Aleman-Puerto-Montt-_0035_DSC_2138.jpg'><img loading=\"lazy\" decoding=\"async\" width=\"1200\" height=\"801\" src=\"https:\/\/ialeman.cl\/wp-content\/uploads\/2024\/06\/Laternenfest-Kinder2024-Instituto-Aleman-Puerto-Montt-_0035_DSC_2138.jpg\" class=\"attachment-full size-full\" alt=\"\" srcset=\"https:\/\/ialeman.cl\/wp-content\/uploads\/2024\/06\/Laternenfest-Kinder2024-Instituto-Aleman-Puerto-Montt-_0035_DSC_2138.jpg 1200w, https:\/\/ialeman.cl\/wp-content\/uploads\/2024\/06\/Laternenfest-Kinder2024-Instituto-Aleman-Puerto-Montt-_0035_DSC_2138-300x200.jpg 300w, https:\/\/ialeman.cl\/wp-content\/uploads\/2024\/06\/Laternenfest-Kinder2024-Instituto-Aleman-Puerto-Montt-_0035_DSC_2138-1024x684.jpg 1024w, https:\/\/ialeman.cl\/wp-content\/uploads\/2024\/06\/Laternenfest-Kinder2024-Instituto-Aleman-Puerto-Montt-_0035_DSC_2138-768x513.jpg 768w\" sizes=\"(max-width: 1200px) 100vw, 1200px\" \/><\/a>\n\t\t\t<\/div><\/figure><figure class='gallery-item'>\n\t\t\t<div class='gallery-icon landscape'>\n\t\t\t\t<a data-elementor-open-lightbox=\"yes\" data-elementor-lightbox-slideshow=\"202609c\" data-elementor-lightbox-title=\"Laternenfest Kinder2024 Instituto Alem\u00e1n Puerto Montt _0036_Brillo_contraste 23\" data-e-action-hash=\"#elementor-action%3Aaction%3Dlightbox%26settings%3DeyJpZCI6MzQ0NTcsInVybCI6Imh0dHBzOlwvXC9pYWxlbWFuLmNsXC93cC1jb250ZW50XC91cGxvYWRzXC8yMDI0XC8wNlwvTGF0ZXJuZW5mZXN0LUtpbmRlcjIwMjQtSW5zdGl0dXRvLUFsZW1hbi1QdWVydG8tTW9udHQtXzAwMzZfQnJpbGxvX2NvbnRyYXN0ZS0yMy5qcGciLCJzbGlkZXNob3ciOiIyMDI2MDljIn0%3D\" href='https:\/\/ialeman.cl\/wp-content\/uploads\/2024\/06\/Laternenfest-Kinder2024-Instituto-Aleman-Puerto-Montt-_0036_Brillo_contraste-23.jpg'><img loading=\"lazy\" decoding=\"async\" width=\"1200\" height=\"801\" src=\"https:\/\/ialeman.cl\/wp-content\/uploads\/2024\/06\/Laternenfest-Kinder2024-Instituto-Aleman-Puerto-Montt-_0036_Brillo_contraste-23.jpg\" class=\"attachment-full size-full\" alt=\"\" srcset=\"https:\/\/ialeman.cl\/wp-content\/uploads\/2024\/06\/Laternenfest-Kinder2024-Instituto-Aleman-Puerto-Montt-_0036_Brillo_contraste-23.jpg 1200w, https:\/\/ialeman.cl\/wp-content\/uploads\/2024\/06\/Laternenfest-Kinder2024-Instituto-Aleman-Puerto-Montt-_0036_Brillo_contraste-23-300x200.jpg 300w, https:\/\/ialeman.cl\/wp-content\/uploads\/2024\/06\/Laternenfest-Kinder2024-Instituto-Aleman-Puerto-Montt-_0036_Brillo_contraste-23-1024x684.jpg 1024w, https:\/\/ialeman.cl\/wp-content\/uploads\/2024\/06\/Laternenfest-Kinder2024-Instituto-Aleman-Puerto-Montt-_0036_Brillo_contraste-23-768x513.jpg 768w\" sizes=\"(max-width: 1200px) 100vw, 1200px\" \/><\/a>\n\t\t\t<\/div><\/figure><figure class='gallery-item'>\n\t\t\t<div class='gallery-icon landscape'>\n\t\t\t\t<a data-elementor-open-lightbox=\"yes\" data-elementor-lightbox-slideshow=\"202609c\" data-elementor-lightbox-title=\"Laternenfest Kinder2024 Instituto Alem\u00e1n Puerto Montt _0037_Brillo_contraste 24\" data-e-action-hash=\"#elementor-action%3Aaction%3Dlightbox%26settings%3DeyJpZCI6MzQ0NTgsInVybCI6Imh0dHBzOlwvXC9pYWxlbWFuLmNsXC93cC1jb250ZW50XC91cGxvYWRzXC8yMDI0XC8wNlwvTGF0ZXJuZW5mZXN0LUtpbmRlcjIwMjQtSW5zdGl0dXRvLUFsZW1hbi1QdWVydG8tTW9udHQtXzAwMzdfQnJpbGxvX2NvbnRyYXN0ZS0yNC5qcGciLCJzbGlkZXNob3ciOiIyMDI2MDljIn0%3D\" href='https:\/\/ialeman.cl\/wp-content\/uploads\/2024\/06\/Laternenfest-Kinder2024-Instituto-Aleman-Puerto-Montt-_0037_Brillo_contraste-24.jpg'><img loading=\"lazy\" decoding=\"async\" width=\"1200\" height=\"801\" src=\"https:\/\/ialeman.cl\/wp-content\/uploads\/2024\/06\/Laternenfest-Kinder2024-Instituto-Aleman-Puerto-Montt-_0037_Brillo_contraste-24.jpg\" class=\"attachment-full size-full\" alt=\"\" srcset=\"https:\/\/ialeman.cl\/wp-content\/uploads\/2024\/06\/Laternenfest-Kinder2024-Instituto-Aleman-Puerto-Montt-_0037_Brillo_contraste-24.jpg 1200w, https:\/\/ialeman.cl\/wp-content\/uploads\/2024\/06\/Laternenfest-Kinder2024-Instituto-Aleman-Puerto-Montt-_0037_Brillo_contraste-24-300x200.jpg 300w, https:\/\/ialeman.cl\/wp-content\/uploads\/2024\/06\/Laternenfest-Kinder2024-Instituto-Aleman-Puerto-Montt-_0037_Brillo_contraste-24-1024x684.jpg 1024w, https:\/\/ialeman.cl\/wp-content\/uploads\/2024\/06\/Laternenfest-Kinder2024-Instituto-Aleman-Puerto-Montt-_0037_Brillo_contraste-24-768x513.jpg 768w\" sizes=\"(max-width: 1200px) 100vw, 1200px\" \/><\/a>\n\t\t\t<\/div><\/figure><figure class='gallery-item'>\n\t\t\t<div class='gallery-icon landscape'>\n\t\t\t\t<a data-elementor-open-lightbox=\"yes\" data-elementor-lightbox-slideshow=\"202609c\" data-elementor-lightbox-title=\"Laternenfest Kinder2024 Instituto Alem\u00e1n Puerto Montt _0038_Brillo_contraste 25\" data-e-action-hash=\"#elementor-action%3Aaction%3Dlightbox%26settings%3DeyJpZCI6MzQ0NTksInVybCI6Imh0dHBzOlwvXC9pYWxlbWFuLmNsXC93cC1jb250ZW50XC91cGxvYWRzXC8yMDI0XC8wNlwvTGF0ZXJuZW5mZXN0LUtpbmRlcjIwMjQtSW5zdGl0dXRvLUFsZW1hbi1QdWVydG8tTW9udHQtXzAwMzhfQnJpbGxvX2NvbnRyYXN0ZS0yNS5qcGciLCJzbGlkZXNob3ciOiIyMDI2MDljIn0%3D\" href='https:\/\/ialeman.cl\/wp-content\/uploads\/2024\/06\/Laternenfest-Kinder2024-Instituto-Aleman-Puerto-Montt-_0038_Brillo_contraste-25.jpg'><img loading=\"lazy\" decoding=\"async\" width=\"1200\" height=\"801\" src=\"https:\/\/ialeman.cl\/wp-content\/uploads\/2024\/06\/Laternenfest-Kinder2024-Instituto-Aleman-Puerto-Montt-_0038_Brillo_contraste-25.jpg\" class=\"attachment-full size-full\" alt=\"\" srcset=\"https:\/\/ialeman.cl\/wp-content\/uploads\/2024\/06\/Laternenfest-Kinder2024-Instituto-Aleman-Puerto-Montt-_0038_Brillo_contraste-25.jpg 1200w, https:\/\/ialeman.cl\/wp-content\/uploads\/2024\/06\/Laternenfest-Kinder2024-Instituto-Aleman-Puerto-Montt-_0038_Brillo_contraste-25-300x200.jpg 300w, https:\/\/ialeman.cl\/wp-content\/uploads\/2024\/06\/Laternenfest-Kinder2024-Instituto-Aleman-Puerto-Montt-_0038_Brillo_contraste-25-1024x684.jpg 1024w, https:\/\/ialeman.cl\/wp-content\/uploads\/2024\/06\/Laternenfest-Kinder2024-Instituto-Aleman-Puerto-Montt-_0038_Brillo_contraste-25-768x513.jpg 768w\" sizes=\"(max-width: 1200px) 100vw, 1200px\" \/><\/a>\n\t\t\t<\/div><\/figure><figure class='gallery-item'>\n\t\t\t<div class='gallery-icon landscape'>\n\t\t\t\t<a data-elementor-open-lightbox=\"yes\" data-elementor-lightbox-slideshow=\"202609c\" data-elementor-lightbox-title=\"Laternenfest Kinder2024 Instituto Alem\u00e1n Puerto Montt _0039_DSC_1992\" data-e-action-hash=\"#elementor-action%3Aaction%3Dlightbox%26settings%3DeyJpZCI6MzQ0NjAsInVybCI6Imh0dHBzOlwvXC9pYWxlbWFuLmNsXC93cC1jb250ZW50XC91cGxvYWRzXC8yMDI0XC8wNlwvTGF0ZXJuZW5mZXN0LUtpbmRlcjIwMjQtSW5zdGl0dXRvLUFsZW1hbi1QdWVydG8tTW9udHQtXzAwMzlfRFNDXzE5OTIuanBnIiwic2xpZGVzaG93IjoiMjAyNjA5YyJ9\" href='https:\/\/ialeman.cl\/wp-content\/uploads\/2024\/06\/Laternenfest-Kinder2024-Instituto-Aleman-Puerto-Montt-_0039_DSC_1992.jpg'><img loading=\"lazy\" decoding=\"async\" width=\"1200\" height=\"801\" src=\"https:\/\/ialeman.cl\/wp-content\/uploads\/2024\/06\/Laternenfest-Kinder2024-Instituto-Aleman-Puerto-Montt-_0039_DSC_1992.jpg\" class=\"attachment-full size-full\" alt=\"\" srcset=\"https:\/\/ialeman.cl\/wp-content\/uploads\/2024\/06\/Laternenfest-Kinder2024-Instituto-Aleman-Puerto-Montt-_0039_DSC_1992.jpg 1200w, https:\/\/ialeman.cl\/wp-content\/uploads\/2024\/06\/Laternenfest-Kinder2024-Instituto-Aleman-Puerto-Montt-_0039_DSC_1992-300x200.jpg 300w, https:\/\/ialeman.cl\/wp-content\/uploads\/2024\/06\/Laternenfest-Kinder2024-Instituto-Aleman-Puerto-Montt-_0039_DSC_1992-1024x684.jpg 1024w, https:\/\/ialeman.cl\/wp-content\/uploads\/2024\/06\/Laternenfest-Kinder2024-Instituto-Aleman-Puerto-Montt-_0039_DSC_1992-768x513.jpg 768w\" sizes=\"(max-width: 1200px) 100vw, 1200px\" \/><\/a>\n\t\t\t<\/div><\/figure><figure class='gallery-item'>\n\t\t\t<div class='gallery-icon landscape'>\n\t\t\t\t<a data-elementor-open-lightbox=\"yes\" data-elementor-lightbox-slideshow=\"202609c\" data-elementor-lightbox-title=\"Laternenfest Kinder2024 Instituto Alem\u00e1n Puerto Montt _0040_Brillo_contraste 26\" data-e-action-hash=\"#elementor-action%3Aaction%3Dlightbox%26settings%3DeyJpZCI6MzQ0NjEsInVybCI6Imh0dHBzOlwvXC9pYWxlbWFuLmNsXC93cC1jb250ZW50XC91cGxvYWRzXC8yMDI0XC8wNlwvTGF0ZXJuZW5mZXN0LUtpbmRlcjIwMjQtSW5zdGl0dXRvLUFsZW1hbi1QdWVydG8tTW9udHQtXzAwNDBfQnJpbGxvX2NvbnRyYXN0ZS0yNi5qcGciLCJzbGlkZXNob3ciOiIyMDI2MDljIn0%3D\" href='https:\/\/ialeman.cl\/wp-content\/uploads\/2024\/06\/Laternenfest-Kinder2024-Instituto-Aleman-Puerto-Montt-_0040_Brillo_contraste-26.jpg'><img loading=\"lazy\" decoding=\"async\" width=\"1200\" height=\"801\" src=\"https:\/\/ialeman.cl\/wp-content\/uploads\/2024\/06\/Laternenfest-Kinder2024-Instituto-Aleman-Puerto-Montt-_0040_Brillo_contraste-26.jpg\" class=\"attachment-full size-full\" alt=\"\" srcset=\"https:\/\/ialeman.cl\/wp-content\/uploads\/2024\/06\/Laternenfest-Kinder2024-Instituto-Aleman-Puerto-Montt-_0040_Brillo_contraste-26.jpg 1200w, https:\/\/ialeman.cl\/wp-content\/uploads\/2024\/06\/Laternenfest-Kinder2024-Instituto-Aleman-Puerto-Montt-_0040_Brillo_contraste-26-300x200.jpg 300w, https:\/\/ialeman.cl\/wp-content\/uploads\/2024\/06\/Laternenfest-Kinder2024-Instituto-Aleman-Puerto-Montt-_0040_Brillo_contraste-26-1024x684.jpg 1024w, https:\/\/ialeman.cl\/wp-content\/uploads\/2024\/06\/Laternenfest-Kinder2024-Instituto-Aleman-Puerto-Montt-_0040_Brillo_contraste-26-768x513.jpg 768w\" sizes=\"(max-width: 1200px) 100vw, 1200px\" \/><\/a>\n\t\t\t<\/div><\/figure><figure class='gallery-item'>\n\t\t\t<div class='gallery-icon landscape'>\n\t\t\t\t<a data-elementor-open-lightbox=\"yes\" data-elementor-lightbox-slideshow=\"202609c\" data-elementor-lightbox-title=\"Laternenfest Kinder2024 Instituto Alem\u00e1n Puerto Montt _0041_Brillo_contraste 27\" data-e-action-hash=\"#elementor-action%3Aaction%3Dlightbox%26settings%3DeyJpZCI6MzQ0NjIsInVybCI6Imh0dHBzOlwvXC9pYWxlbWFuLmNsXC93cC1jb250ZW50XC91cGxvYWRzXC8yMDI0XC8wNlwvTGF0ZXJuZW5mZXN0LUtpbmRlcjIwMjQtSW5zdGl0dXRvLUFsZW1hbi1QdWVydG8tTW9udHQtXzAwNDFfQnJpbGxvX2NvbnRyYXN0ZS0yNy5qcGciLCJzbGlkZXNob3ciOiIyMDI2MDljIn0%3D\" href='https:\/\/ialeman.cl\/wp-content\/uploads\/2024\/06\/Laternenfest-Kinder2024-Instituto-Aleman-Puerto-Montt-_0041_Brillo_contraste-27.jpg'><img loading=\"lazy\" decoding=\"async\" width=\"1200\" height=\"801\" src=\"https:\/\/ialeman.cl\/wp-content\/uploads\/2024\/06\/Laternenfest-Kinder2024-Instituto-Aleman-Puerto-Montt-_0041_Brillo_contraste-27.jpg\" class=\"attachment-full size-full\" alt=\"\" srcset=\"https:\/\/ialeman.cl\/wp-content\/uploads\/2024\/06\/Laternenfest-Kinder2024-Instituto-Aleman-Puerto-Montt-_0041_Brillo_contraste-27.jpg 1200w, https:\/\/ialeman.cl\/wp-content\/uploads\/2024\/06\/Laternenfest-Kinder2024-Instituto-Aleman-Puerto-Montt-_0041_Brillo_contraste-27-300x200.jpg 300w, https:\/\/ialeman.cl\/wp-content\/uploads\/2024\/06\/Laternenfest-Kinder2024-Instituto-Aleman-Puerto-Montt-_0041_Brillo_contraste-27-1024x684.jpg 1024w, https:\/\/ialeman.cl\/wp-content\/uploads\/2024\/06\/Laternenfest-Kinder2024-Instituto-Aleman-Puerto-Montt-_0041_Brillo_contraste-27-768x513.jpg 768w\" sizes=\"(max-width: 1200px) 100vw, 1200px\" \/><\/a>\n\t\t\t<\/div><\/figure><figure class='gallery-item'>\n\t\t\t<div class='gallery-icon landscape'>\n\t\t\t\t<a data-elementor-open-lightbox=\"yes\" data-elementor-lightbox-slideshow=\"202609c\" data-elementor-lightbox-title=\"Laternenfest Kinder2024 Instituto Alem\u00e1n Puerto Montt _0042_Brillo_contraste 28\" data-e-action-hash=\"#elementor-action%3Aaction%3Dlightbox%26settings%3DeyJpZCI6MzQ0NjMsInVybCI6Imh0dHBzOlwvXC9pYWxlbWFuLmNsXC93cC1jb250ZW50XC91cGxvYWRzXC8yMDI0XC8wNlwvTGF0ZXJuZW5mZXN0LUtpbmRlcjIwMjQtSW5zdGl0dXRvLUFsZW1hbi1QdWVydG8tTW9udHQtXzAwNDJfQnJpbGxvX2NvbnRyYXN0ZS0yOC5qcGciLCJzbGlkZXNob3ciOiIyMDI2MDljIn0%3D\" href='https:\/\/ialeman.cl\/wp-content\/uploads\/2024\/06\/Laternenfest-Kinder2024-Instituto-Aleman-Puerto-Montt-_0042_Brillo_contraste-28.jpg'><img loading=\"lazy\" decoding=\"async\" width=\"1200\" height=\"801\" src=\"https:\/\/ialeman.cl\/wp-content\/uploads\/2024\/06\/Laternenfest-Kinder2024-Instituto-Aleman-Puerto-Montt-_0042_Brillo_contraste-28.jpg\" class=\"attachment-full size-full\" alt=\"\" srcset=\"https:\/\/ialeman.cl\/wp-content\/uploads\/2024\/06\/Laternenfest-Kinder2024-Instituto-Aleman-Puerto-Montt-_0042_Brillo_contraste-28.jpg 1200w, https:\/\/ialeman.cl\/wp-content\/uploads\/2024\/06\/Laternenfest-Kinder2024-Instituto-Aleman-Puerto-Montt-_0042_Brillo_contraste-28-300x200.jpg 300w, https:\/\/ialeman.cl\/wp-content\/uploads\/2024\/06\/Laternenfest-Kinder2024-Instituto-Aleman-Puerto-Montt-_0042_Brillo_contraste-28-1024x684.jpg 1024w, https:\/\/ialeman.cl\/wp-content\/uploads\/2024\/06\/Laternenfest-Kinder2024-Instituto-Aleman-Puerto-Montt-_0042_Brillo_contraste-28-768x513.jpg 768w\" sizes=\"(max-width: 1200px) 100vw, 1200px\" \/><\/a>\n\t\t\t<\/div><\/figure><figure class='gallery-item'>\n\t\t\t<div class='gallery-icon landscape'>\n\t\t\t\t<a data-elementor-open-lightbox=\"yes\" data-elementor-lightbox-slideshow=\"202609c\" data-elementor-lightbox-title=\"Laternenfest Kinder2024 Instituto Alem\u00e1n Puerto Montt _0043_Brillo_contraste 29\" data-e-action-hash=\"#elementor-action%3Aaction%3Dlightbox%26settings%3DeyJpZCI6MzQ0NjQsInVybCI6Imh0dHBzOlwvXC9pYWxlbWFuLmNsXC93cC1jb250ZW50XC91cGxvYWRzXC8yMDI0XC8wNlwvTGF0ZXJuZW5mZXN0LUtpbmRlcjIwMjQtSW5zdGl0dXRvLUFsZW1hbi1QdWVydG8tTW9udHQtXzAwNDNfQnJpbGxvX2NvbnRyYXN0ZS0yOS5qcGciLCJzbGlkZXNob3ciOiIyMDI2MDljIn0%3D\" href='https:\/\/ialeman.cl\/wp-content\/uploads\/2024\/06\/Laternenfest-Kinder2024-Instituto-Aleman-Puerto-Montt-_0043_Brillo_contraste-29.jpg'><img loading=\"lazy\" decoding=\"async\" width=\"1200\" height=\"801\" src=\"https:\/\/ialeman.cl\/wp-content\/uploads\/2024\/06\/Laternenfest-Kinder2024-Instituto-Aleman-Puerto-Montt-_0043_Brillo_contraste-29.jpg\" class=\"attachment-full size-full\" alt=\"\" srcset=\"https:\/\/ialeman.cl\/wp-content\/uploads\/2024\/06\/Laternenfest-Kinder2024-Instituto-Aleman-Puerto-Montt-_0043_Brillo_contraste-29.jpg 1200w, https:\/\/ialeman.cl\/wp-content\/uploads\/2024\/06\/Laternenfest-Kinder2024-Instituto-Aleman-Puerto-Montt-_0043_Brillo_contraste-29-300x200.jpg 300w, https:\/\/ialeman.cl\/wp-content\/uploads\/2024\/06\/Laternenfest-Kinder2024-Instituto-Aleman-Puerto-Montt-_0043_Brillo_contraste-29-1024x684.jpg 1024w, https:\/\/ialeman.cl\/wp-content\/uploads\/2024\/06\/Laternenfest-Kinder2024-Instituto-Aleman-Puerto-Montt-_0043_Brillo_contraste-29-768x513.jpg 768w\" sizes=\"(max-width: 1200px) 100vw, 1200px\" \/><\/a>\n\t\t\t<\/div><\/figure><figure class='gallery-item'>\n\t\t\t<div class='gallery-icon landscape'>\n\t\t\t\t<a data-elementor-open-lightbox=\"yes\" data-elementor-lightbox-slideshow=\"202609c\" data-elementor-lightbox-title=\"Laternenfest Kinder2024 Instituto Alem\u00e1n Puerto Montt _0044_DSC_2030\" data-e-action-hash=\"#elementor-action%3Aaction%3Dlightbox%26settings%3DeyJpZCI6MzQ0NjUsInVybCI6Imh0dHBzOlwvXC9pYWxlbWFuLmNsXC93cC1jb250ZW50XC91cGxvYWRzXC8yMDI0XC8wNlwvTGF0ZXJuZW5mZXN0LUtpbmRlcjIwMjQtSW5zdGl0dXRvLUFsZW1hbi1QdWVydG8tTW9udHQtXzAwNDRfRFNDXzIwMzAuanBnIiwic2xpZGVzaG93IjoiMjAyNjA5YyJ9\" href='https:\/\/ialeman.cl\/wp-content\/uploads\/2024\/06\/Laternenfest-Kinder2024-Instituto-Aleman-Puerto-Montt-_0044_DSC_2030.jpg'><img loading=\"lazy\" decoding=\"async\" width=\"1200\" height=\"801\" src=\"https:\/\/ialeman.cl\/wp-content\/uploads\/2024\/06\/Laternenfest-Kinder2024-Instituto-Aleman-Puerto-Montt-_0044_DSC_2030.jpg\" class=\"attachment-full size-full\" alt=\"\" srcset=\"https:\/\/ialeman.cl\/wp-content\/uploads\/2024\/06\/Laternenfest-Kinder2024-Instituto-Aleman-Puerto-Montt-_0044_DSC_2030.jpg 1200w, https:\/\/ialeman.cl\/wp-content\/uploads\/2024\/06\/Laternenfest-Kinder2024-Instituto-Aleman-Puerto-Montt-_0044_DSC_2030-300x200.jpg 300w, https:\/\/ialeman.cl\/wp-content\/uploads\/2024\/06\/Laternenfest-Kinder2024-Instituto-Aleman-Puerto-Montt-_0044_DSC_2030-1024x684.jpg 1024w, https:\/\/ialeman.cl\/wp-content\/uploads\/2024\/06\/Laternenfest-Kinder2024-Instituto-Aleman-Puerto-Montt-_0044_DSC_2030-768x513.jpg 768w\" sizes=\"(max-width: 1200px) 100vw, 1200px\" \/><\/a>\n\t\t\t<\/div><\/figure><figure class='gallery-item'>\n\t\t\t<div class='gallery-icon landscape'>\n\t\t\t\t<a data-elementor-open-lightbox=\"yes\" data-elementor-lightbox-slideshow=\"202609c\" data-elementor-lightbox-title=\"Laternenfest Kinder2024 Instituto Alem\u00e1n Puerto Montt _0045_Niveles 1\" data-e-action-hash=\"#elementor-action%3Aaction%3Dlightbox%26settings%3DeyJpZCI6MzQ0NjYsInVybCI6Imh0dHBzOlwvXC9pYWxlbWFuLmNsXC93cC1jb250ZW50XC91cGxvYWRzXC8yMDI0XC8wNlwvTGF0ZXJuZW5mZXN0LUtpbmRlcjIwMjQtSW5zdGl0dXRvLUFsZW1hbi1QdWVydG8tTW9udHQtXzAwNDVfTml2ZWxlcy0xLmpwZyIsInNsaWRlc2hvdyI6IjIwMjYwOWMifQ%3D%3D\" href='https:\/\/ialeman.cl\/wp-content\/uploads\/2024\/06\/Laternenfest-Kinder2024-Instituto-Aleman-Puerto-Montt-_0045_Niveles-1.jpg'><img loading=\"lazy\" decoding=\"async\" width=\"1200\" height=\"801\" src=\"https:\/\/ialeman.cl\/wp-content\/uploads\/2024\/06\/Laternenfest-Kinder2024-Instituto-Aleman-Puerto-Montt-_0045_Niveles-1.jpg\" class=\"attachment-full size-full\" alt=\"\" srcset=\"https:\/\/ialeman.cl\/wp-content\/uploads\/2024\/06\/Laternenfest-Kinder2024-Instituto-Aleman-Puerto-Montt-_0045_Niveles-1.jpg 1200w, https:\/\/ialeman.cl\/wp-content\/uploads\/2024\/06\/Laternenfest-Kinder2024-Instituto-Aleman-Puerto-Montt-_0045_Niveles-1-300x200.jpg 300w, https:\/\/ialeman.cl\/wp-content\/uploads\/2024\/06\/Laternenfest-Kinder2024-Instituto-Aleman-Puerto-Montt-_0045_Niveles-1-1024x684.jpg 1024w, https:\/\/ialeman.cl\/wp-content\/uploads\/2024\/06\/Laternenfest-Kinder2024-Instituto-Aleman-Puerto-Montt-_0045_Niveles-1-768x513.jpg 768w\" sizes=\"(max-width: 1200px) 100vw, 1200px\" \/><\/a>\n\t\t\t<\/div><\/figure>\n\t\t<\/div>\n\t\t<\/div>\n\t\t\t\t\t\t<\/div>\n\t\t\t\t<\/div>\n\t\t\t\t\t<\/div>\n\t\t<\/div>\n\t\t\t\t\t<\/div>\n\t\t<\/section>\n\t\t\t\t<\/div>\n\t\t","protected":false},"excerpt":{"rendered":"<p>Laternenfest Ciclo Inicial 2024 El Instituto Alem\u00e1n de Puerto Montt celebr\u00f3 la Laternenfest junto a los ni\u00f1os del Ciclo Inicial. La tradicional fiesta alemana cont\u00f3 con una gran asistencia de familias, las cuales se reunieron en el gimnasio 2 para participar en el importante evento. Los ni\u00f1os decoraron hermosos faroles para crear un maravilloso espect\u00e1culo [&hellip;]<\/p>\n","protected":false},"author":1,"featured_media":34410,"comment_status":"closed","ping_status":"closed","sticky":false,"template":"","format":"standard","meta":{"site-sidebar-layout":"default","site-content-layout":"","ast-site-content-layout":"default","site-content-style":"default","site-sidebar-style":"default","ast-global-header-display":"","ast-banner-title-visibility":"","ast-main-header-display":"","ast-hfb-above-header-display":"","ast-hfb-below-header-display":"","ast-hfb-mobile-header-display":"","site-post-title":"disabled","ast-breadcrumbs-content":"","ast-featured-img":"disabled","footer-sml-layout":"","ast-disable-related-posts":"","theme-transparent-header-meta":"","adv-header-id-meta":"","stick-header-meta":"","header-above-stick-meta":"","header-main-stick-meta":"","header-below-stick-meta":"","astra-migrate-meta-layouts":"set","ast-page-background-enabled":"default","ast-page-background-meta":{"desktop":{"background-color":"var(--ast-global-color-4)","background-image":"","background-repeat":"repeat","background-position":"center center","background-size":"auto","background-attachment":"scroll","background-type":"","background-media":"","overlay-type":"","overlay-color":"","overlay-opacity":"","overlay-gradient":""},"tablet":{"background-color":"","background-image":"","background-repeat":"repeat","background-position":"center center","background-size":"auto","background-attachment":"scroll","background-type":"","background-media":"","overlay-type":"","overlay-color":"","overlay-opacity":"","overlay-gradient":""},"mobile":{"background-color":"","background-image":"","background-repeat":"repeat","background-position":"center center","background-size":"auto","background-attachment":"scroll","background-type":"","background-media":"","overlay-type":"","overlay-color":"","overlay-opacity":"","overlay-gradient":""}},"ast-content-background-meta":{"desktop":{"background-color":"var(--ast-global-color-5)","background-image":"","background-repeat":"repeat","background-position":"center center","background-size":"auto","background-attachment":"scroll","background-type":"","background-media":"","overlay-type":"","overlay-color":"","overlay-opacity":"","overlay-gradient":""},"tablet":{"background-color":"var(--ast-global-color-5)","background-image":"","background-repeat":"repeat","background-position":"center center","background-size":"auto","background-attachment":"scroll","background-type":"","background-media":"","overlay-type":"","overlay-color":"","overlay-opacity":"","overlay-gradient":""},"mobile":{"background-color":"var(--ast-global-color-5)","background-image":"","background-repeat":"repeat","background-position":"center center","background-size":"auto","background-attachment":"scroll","background-type":"","background-media":"","overlay-type":"","overlay-color":"","overlay-opacity":"","overlay-gradient":""}},"advanced_seo_description":"","jetpack_seo_html_title":"","jetpack_seo_noindex":false,"jetpack_seo_schema_type":"","_jetpack_newsletter_access":"","_jetpack_dont_email_post_to_subs":false,"_jetpack_newsletter_tier_id":0,"_jetpack_memberships_contains_paywalled_content":false,"_wpcom_ai_launchpad_first_post":false,"_jetpack_feature_clip_id":0,"_jetpack_memberships_contains_paid_content":false,"footnotes":"","jetpack_post_was_ever_published":false},"categories":[10],"tags":[],"class_list":["post-34408","post","type-post","status-publish","format-standard","has-post-thumbnail","hentry","category-noticias"],"jetpack_shortlink":"https:\/\/wp.me\/ph8I5c-8WY","jetpack_sharing_enabled":true,"jetpack_featured_media_url":"https:\/\/ialeman.cl\/wp-content\/uploads\/2024\/06\/Laternenfest-Kinder2024-Instituto-Aleman-Puerto-Montt-_0029_Brillo_contraste-17.jpg","_links":{"self":[{"href":"https:\/\/ialeman.cl\/index.php\/wp-json\/wp\/v2\/posts\/34408","targetHints":{"allow":["GET"]}}],"collection":[{"href":"https:\/\/ialeman.cl\/index.php\/wp-json\/wp\/v2\/posts"}],"about":[{"href":"https:\/\/ialeman.cl\/index.php\/wp-json\/wp\/v2\/types\/post"}],"author":[{"embeddable":true,"href":"https:\/\/ialeman.cl\/index.php\/wp-json\/wp\/v2\/users\/1"}],"replies":[{"embeddable":true,"href":"https:\/\/ialeman.cl\/index.php\/wp-json\/wp\/v2\/comments?post=34408"}],"version-history":[{"count":14,"href":"https:\/\/ialeman.cl\/index.php\/wp-json\/wp\/v2\/posts\/34408\/revisions"}],"predecessor-version":[{"id":34472,"href":"https:\/\/ialeman.cl\/index.php\/wp-json\/wp\/v2\/posts\/34408\/revisions\/34472"}],"wp:featuredmedia":[{"embeddable":true,"href":"https:\/\/ialeman.cl\/index.php\/wp-json\/wp\/v2\/media\/34410"}],"wp:attachment":[{"href":"https:\/\/ialeman.cl\/index.php\/wp-json\/wp\/v2\/media?parent=34408"}],"wp:term":[{"taxonomy":"category","embeddable":true,"href":"https:\/\/ialeman.cl\/index.php\/wp-json\/wp\/v2\/categories?post=34408"},{"taxonomy":"post_tag","embeddable":true,"href":"https:\/\/ialeman.cl\/index.php\/wp-json\/wp\/v2\/tags?post=34408"}],"curies":[{"name":"wp","href":"https:\/\/api.w.org\/{rel}","templated":true}]}}