{"id":34252,"date":"2024-06-17T14:53:00","date_gmt":"2024-06-17T18:53:00","guid":{"rendered":"https:\/\/ialeman.cl\/?p=34252"},"modified":"2024-06-18T13:08:12","modified_gmt":"2024-06-18T17:08:12","slug":"tour-de-copas-2024","status":"publish","type":"post","link":"https:\/\/ialeman.cl\/index.php\/tour-de-copas-2024\/","title":{"rendered":"Tour de Copas 2024"},"content":{"rendered":"\t\t<div data-elementor-type=\"wp-post\" data-elementor-id=\"34252\" class=\"elementor elementor-34252\">\n\t\t\t\t\t\t<section class=\"elementor-section elementor-top-section elementor-element elementor-element-c001838 elementor-section-boxed elementor-section-height-default elementor-section-height-default\" data-id=\"c001838\" data-element_type=\"section\" data-e-type=\"section\">\n\t\t\t\t\t\t<div class=\"elementor-container elementor-column-gap-default\">\n\t\t\t\t\t<div class=\"elementor-column elementor-col-100 elementor-top-column elementor-element elementor-element-0a83d75\" data-id=\"0a83d75\" data-element_type=\"column\" data-e-type=\"column\">\n\t\t\t<div class=\"elementor-widget-wrap elementor-element-populated\">\n\t\t\t\t\t\t<div class=\"elementor-element elementor-element-a2ed4b5 elementor-widget elementor-widget-heading\" data-id=\"a2ed4b5\" data-element_type=\"widget\" data-e-type=\"widget\" data-widget_type=\"heading.default\">\n\t\t\t\t<div class=\"elementor-widget-container\">\n\t\t\t\t\t<h2 class=\"elementor-heading-title elementor-size-default\">Tour de Copas 2024<\/h2>\t\t\t\t<\/div>\n\t\t\t\t<\/div>\n\t\t\t\t\t<\/div>\n\t\t<\/div>\n\t\t\t\t\t<\/div>\n\t\t<\/section>\n\t\t\t\t<section class=\"elementor-section elementor-top-section elementor-element elementor-element-823e773 elementor-section-boxed elementor-section-height-default elementor-section-height-default\" data-id=\"823e773\" data-element_type=\"section\" data-e-type=\"section\">\n\t\t\t\t\t\t<div class=\"elementor-container elementor-column-gap-default\">\n\t\t\t\t\t<div class=\"elementor-column elementor-col-100 elementor-top-column elementor-element elementor-element-8c8ef34\" data-id=\"8c8ef34\" data-element_type=\"column\" data-e-type=\"column\">\n\t\t\t<div class=\"elementor-widget-wrap elementor-element-populated\">\n\t\t\t\t\t\t<div class=\"elementor-element elementor-element-1ed25c1 elementor-widget elementor-widget-heading\" data-id=\"1ed25c1\" data-element_type=\"widget\" data-e-type=\"widget\" data-widget_type=\"heading.default\">\n\t\t\t\t<div class=\"elementor-widget-container\">\n\t\t\t\t\t<h2 class=\"elementor-heading-title elementor-size-default\">Una sorprendente exposici\u00f3n del Tour de Copas se realiz\u00f3 en el Instituto Alem\u00e1n de Puerto Montt. <br><br>\n\nLa muestra de los trofeos y medallas de los campeonatos de f\u00fatbol m\u00e1s importantes del mundo se present\u00f3 en el gimnasio 2 y cont\u00f3 con el inter\u00e9s de toda la comunidad educativa, especialmente de los fan\u00e1ticos del f\u00fatbol. <br><br>\n\nLa actividad fue organizada por el colegio y el Centro General de Padres y Apoderados y asistieron los estudiantes, desde Kinder a IV Medio. <br><br>\n\nPor \u00faltimo, en la galer\u00eda se pudo ver la Copa Am\u00e9rica, Confederaciones, Libertadores, Sudam\u00e9rica, entre otros valiosos premios, obtenidos por clubes chilenos y la selecci\u00f3n de f\u00fatbol. <\/h2>\t\t\t\t<\/div>\n\t\t\t\t<\/div>\n\t\t\t\t\t<\/div>\n\t\t<\/div>\n\t\t\t\t\t<\/div>\n\t\t<\/section>\n\t\t\t\t<section class=\"elementor-section elementor-top-section elementor-element elementor-element-e3004ca elementor-section-boxed elementor-section-height-default elementor-section-height-default\" data-id=\"e3004ca\" data-element_type=\"section\" data-e-type=\"section\">\n\t\t\t\t\t\t<div class=\"elementor-container elementor-column-gap-default\">\n\t\t\t\t\t<div class=\"elementor-column elementor-col-100 elementor-top-column elementor-element elementor-element-8c78874\" data-id=\"8c78874\" data-element_type=\"column\" data-e-type=\"column\">\n\t\t\t<div class=\"elementor-widget-wrap elementor-element-populated\">\n\t\t\t\t\t\t<div class=\"elementor-element elementor-element-df4c96d gallery-spacing-custom elementor-widget elementor-widget-image-gallery\" data-id=\"df4c96d\" data-element_type=\"widget\" data-e-type=\"widget\" data-widget_type=\"image-gallery.default\">\n\t\t\t\t<div class=\"elementor-widget-container\">\n\t\t\t\t\t\t\t<div class=\"elementor-image-gallery\">\n\t\t\t<div id='gallery-1' class='gallery galleryid-34252 gallery-columns-2 gallery-size-full'><figure class='gallery-item'>\n\t\t\t<div class='gallery-icon landscape'>\n\t\t\t\t<a data-elementor-open-lightbox=\"yes\" data-elementor-lightbox-slideshow=\"df4c96d\" data-elementor-lightbox-title=\"TOUR DE COPAS 2024 Instituto Alem\u00e1n Puerto Montt _0006_Brillo_contraste 8\" data-e-action-hash=\"#elementor-action%3Aaction%3Dlightbox%26settings%3DeyJpZCI6MzQyNzAsInVybCI6Imh0dHBzOlwvXC9pYWxlbWFuLmNsXC93cC1jb250ZW50XC91cGxvYWRzXC8yMDI0XC8wNlwvVE9VUi1ERS1DT1BBUy0yMDI0LUluc3RpdHV0by1BbGVtYW4tUHVlcnRvLU1vbnR0LV8wMDA2X0JyaWxsb19jb250cmFzdGUtOC0xLmpwZyIsInNsaWRlc2hvdyI6ImRmNGM5NmQifQ%3D%3D\" href='https:\/\/ialeman.cl\/wp-content\/uploads\/2024\/06\/TOUR-DE-COPAS-2024-Instituto-Aleman-Puerto-Montt-_0006_Brillo_contraste-8-1.jpg'><img fetchpriority=\"high\" decoding=\"async\" width=\"1200\" height=\"801\" src=\"https:\/\/ialeman.cl\/wp-content\/uploads\/2024\/06\/TOUR-DE-COPAS-2024-Instituto-Aleman-Puerto-Montt-_0006_Brillo_contraste-8-1.jpg\" class=\"attachment-full size-full\" alt=\"\" srcset=\"https:\/\/ialeman.cl\/wp-content\/uploads\/2024\/06\/TOUR-DE-COPAS-2024-Instituto-Aleman-Puerto-Montt-_0006_Brillo_contraste-8-1.jpg 1200w, https:\/\/ialeman.cl\/wp-content\/uploads\/2024\/06\/TOUR-DE-COPAS-2024-Instituto-Aleman-Puerto-Montt-_0006_Brillo_contraste-8-1-300x200.jpg 300w, https:\/\/ialeman.cl\/wp-content\/uploads\/2024\/06\/TOUR-DE-COPAS-2024-Instituto-Aleman-Puerto-Montt-_0006_Brillo_contraste-8-1-1024x684.jpg 1024w, https:\/\/ialeman.cl\/wp-content\/uploads\/2024\/06\/TOUR-DE-COPAS-2024-Instituto-Aleman-Puerto-Montt-_0006_Brillo_contraste-8-1-768x513.jpg 768w\" sizes=\"(max-width: 1200px) 100vw, 1200px\" \/><\/a>\n\t\t\t<\/div><\/figure><figure class='gallery-item'>\n\t\t\t<div class='gallery-icon landscape'>\n\t\t\t\t<a data-elementor-open-lightbox=\"yes\" data-elementor-lightbox-slideshow=\"df4c96d\" data-elementor-lightbox-title=\"TOUR DE COPAS 2024 Instituto Alem\u00e1n Puerto Montt _0002_Brillo_contraste 4\" data-e-action-hash=\"#elementor-action%3Aaction%3Dlightbox%26settings%3DeyJpZCI6MzQyNjYsInVybCI6Imh0dHBzOlwvXC9pYWxlbWFuLmNsXC93cC1jb250ZW50XC91cGxvYWRzXC8yMDI0XC8wNlwvVE9VUi1ERS1DT1BBUy0yMDI0LUluc3RpdHV0by1BbGVtYW4tUHVlcnRvLU1vbnR0LV8wMDAyX0JyaWxsb19jb250cmFzdGUtNC5qcGciLCJzbGlkZXNob3ciOiJkZjRjOTZkIn0%3D\" href='https:\/\/ialeman.cl\/wp-content\/uploads\/2024\/06\/TOUR-DE-COPAS-2024-Instituto-Aleman-Puerto-Montt-_0002_Brillo_contraste-4.jpg'><img decoding=\"async\" width=\"1200\" height=\"801\" src=\"https:\/\/ialeman.cl\/wp-content\/uploads\/2024\/06\/TOUR-DE-COPAS-2024-Instituto-Aleman-Puerto-Montt-_0002_Brillo_contraste-4.jpg\" class=\"attachment-full size-full\" alt=\"\" srcset=\"https:\/\/ialeman.cl\/wp-content\/uploads\/2024\/06\/TOUR-DE-COPAS-2024-Instituto-Aleman-Puerto-Montt-_0002_Brillo_contraste-4.jpg 1200w, https:\/\/ialeman.cl\/wp-content\/uploads\/2024\/06\/TOUR-DE-COPAS-2024-Instituto-Aleman-Puerto-Montt-_0002_Brillo_contraste-4-300x200.jpg 300w, https:\/\/ialeman.cl\/wp-content\/uploads\/2024\/06\/TOUR-DE-COPAS-2024-Instituto-Aleman-Puerto-Montt-_0002_Brillo_contraste-4-1024x684.jpg 1024w, https:\/\/ialeman.cl\/wp-content\/uploads\/2024\/06\/TOUR-DE-COPAS-2024-Instituto-Aleman-Puerto-Montt-_0002_Brillo_contraste-4-768x513.jpg 768w\" sizes=\"(max-width: 1200px) 100vw, 1200px\" \/><\/a>\n\t\t\t<\/div><\/figure><figure class='gallery-item'>\n\t\t\t<div class='gallery-icon landscape'>\n\t\t\t\t<a data-elementor-open-lightbox=\"yes\" data-elementor-lightbox-slideshow=\"df4c96d\" data-elementor-lightbox-title=\"TOUR DE COPAS 2024 Instituto Alem\u00e1n Puerto Montt _0000_Brillo_contraste 1\" data-e-action-hash=\"#elementor-action%3Aaction%3Dlightbox%26settings%3DeyJpZCI6MzQyNjQsInVybCI6Imh0dHBzOlwvXC9pYWxlbWFuLmNsXC93cC1jb250ZW50XC91cGxvYWRzXC8yMDI0XC8wNlwvVE9VUi1ERS1DT1BBUy0yMDI0LUluc3RpdHV0by1BbGVtYW4tUHVlcnRvLU1vbnR0LV8wMDAwX0JyaWxsb19jb250cmFzdGUtMS5qcGciLCJzbGlkZXNob3ciOiJkZjRjOTZkIn0%3D\" href='https:\/\/ialeman.cl\/wp-content\/uploads\/2024\/06\/TOUR-DE-COPAS-2024-Instituto-Aleman-Puerto-Montt-_0000_Brillo_contraste-1.jpg'><img decoding=\"async\" width=\"1200\" height=\"801\" src=\"https:\/\/ialeman.cl\/wp-content\/uploads\/2024\/06\/TOUR-DE-COPAS-2024-Instituto-Aleman-Puerto-Montt-_0000_Brillo_contraste-1.jpg\" class=\"attachment-full size-full\" alt=\"\" srcset=\"https:\/\/ialeman.cl\/wp-content\/uploads\/2024\/06\/TOUR-DE-COPAS-2024-Instituto-Aleman-Puerto-Montt-_0000_Brillo_contraste-1.jpg 1200w, https:\/\/ialeman.cl\/wp-content\/uploads\/2024\/06\/TOUR-DE-COPAS-2024-Instituto-Aleman-Puerto-Montt-_0000_Brillo_contraste-1-300x200.jpg 300w, https:\/\/ialeman.cl\/wp-content\/uploads\/2024\/06\/TOUR-DE-COPAS-2024-Instituto-Aleman-Puerto-Montt-_0000_Brillo_contraste-1-1024x684.jpg 1024w, https:\/\/ialeman.cl\/wp-content\/uploads\/2024\/06\/TOUR-DE-COPAS-2024-Instituto-Aleman-Puerto-Montt-_0000_Brillo_contraste-1-768x513.jpg 768w\" sizes=\"(max-width: 1200px) 100vw, 1200px\" \/><\/a>\n\t\t\t<\/div><\/figure><figure class='gallery-item'>\n\t\t\t<div class='gallery-icon landscape'>\n\t\t\t\t<a data-elementor-open-lightbox=\"yes\" data-elementor-lightbox-slideshow=\"df4c96d\" data-elementor-lightbox-title=\"TOUR DE COPAS 2024 Instituto Alem\u00e1n Puerto Montt _0001_Brillo_contraste 3\" data-e-action-hash=\"#elementor-action%3Aaction%3Dlightbox%26settings%3DeyJpZCI6MzQyNjUsInVybCI6Imh0dHBzOlwvXC9pYWxlbWFuLmNsXC93cC1jb250ZW50XC91cGxvYWRzXC8yMDI0XC8wNlwvVE9VUi1ERS1DT1BBUy0yMDI0LUluc3RpdHV0by1BbGVtYW4tUHVlcnRvLU1vbnR0LV8wMDAxX0JyaWxsb19jb250cmFzdGUtMy5qcGciLCJzbGlkZXNob3ciOiJkZjRjOTZkIn0%3D\" href='https:\/\/ialeman.cl\/wp-content\/uploads\/2024\/06\/TOUR-DE-COPAS-2024-Instituto-Aleman-Puerto-Montt-_0001_Brillo_contraste-3.jpg'><img loading=\"lazy\" decoding=\"async\" width=\"1200\" height=\"801\" src=\"https:\/\/ialeman.cl\/wp-content\/uploads\/2024\/06\/TOUR-DE-COPAS-2024-Instituto-Aleman-Puerto-Montt-_0001_Brillo_contraste-3.jpg\" class=\"attachment-full size-full\" alt=\"\" srcset=\"https:\/\/ialeman.cl\/wp-content\/uploads\/2024\/06\/TOUR-DE-COPAS-2024-Instituto-Aleman-Puerto-Montt-_0001_Brillo_contraste-3.jpg 1200w, https:\/\/ialeman.cl\/wp-content\/uploads\/2024\/06\/TOUR-DE-COPAS-2024-Instituto-Aleman-Puerto-Montt-_0001_Brillo_contraste-3-300x200.jpg 300w, https:\/\/ialeman.cl\/wp-content\/uploads\/2024\/06\/TOUR-DE-COPAS-2024-Instituto-Aleman-Puerto-Montt-_0001_Brillo_contraste-3-1024x684.jpg 1024w, https:\/\/ialeman.cl\/wp-content\/uploads\/2024\/06\/TOUR-DE-COPAS-2024-Instituto-Aleman-Puerto-Montt-_0001_Brillo_contraste-3-768x513.jpg 768w\" sizes=\"(max-width: 1200px) 100vw, 1200px\" \/><\/a>\n\t\t\t<\/div><\/figure><figure class='gallery-item'>\n\t\t\t<div class='gallery-icon landscape'>\n\t\t\t\t<a data-elementor-open-lightbox=\"yes\" data-elementor-lightbox-slideshow=\"df4c96d\" data-elementor-lightbox-title=\"TOUR DE COPAS 2024 Instituto Alem\u00e1n Puerto Montt _0004_Brillo_contraste 6\" data-e-action-hash=\"#elementor-action%3Aaction%3Dlightbox%26settings%3DeyJpZCI6MzQyNjgsInVybCI6Imh0dHBzOlwvXC9pYWxlbWFuLmNsXC93cC1jb250ZW50XC91cGxvYWRzXC8yMDI0XC8wNlwvVE9VUi1ERS1DT1BBUy0yMDI0LUluc3RpdHV0by1BbGVtYW4tUHVlcnRvLU1vbnR0LV8wMDA0X0JyaWxsb19jb250cmFzdGUtNi5qcGciLCJzbGlkZXNob3ciOiJkZjRjOTZkIn0%3D\" href='https:\/\/ialeman.cl\/wp-content\/uploads\/2024\/06\/TOUR-DE-COPAS-2024-Instituto-Aleman-Puerto-Montt-_0004_Brillo_contraste-6.jpg'><img loading=\"lazy\" decoding=\"async\" width=\"1200\" height=\"801\" src=\"https:\/\/ialeman.cl\/wp-content\/uploads\/2024\/06\/TOUR-DE-COPAS-2024-Instituto-Aleman-Puerto-Montt-_0004_Brillo_contraste-6.jpg\" class=\"attachment-full size-full\" alt=\"\" srcset=\"https:\/\/ialeman.cl\/wp-content\/uploads\/2024\/06\/TOUR-DE-COPAS-2024-Instituto-Aleman-Puerto-Montt-_0004_Brillo_contraste-6.jpg 1200w, https:\/\/ialeman.cl\/wp-content\/uploads\/2024\/06\/TOUR-DE-COPAS-2024-Instituto-Aleman-Puerto-Montt-_0004_Brillo_contraste-6-300x200.jpg 300w, https:\/\/ialeman.cl\/wp-content\/uploads\/2024\/06\/TOUR-DE-COPAS-2024-Instituto-Aleman-Puerto-Montt-_0004_Brillo_contraste-6-1024x684.jpg 1024w, https:\/\/ialeman.cl\/wp-content\/uploads\/2024\/06\/TOUR-DE-COPAS-2024-Instituto-Aleman-Puerto-Montt-_0004_Brillo_contraste-6-768x513.jpg 768w\" sizes=\"(max-width: 1200px) 100vw, 1200px\" \/><\/a>\n\t\t\t<\/div><\/figure><figure class='gallery-item'>\n\t\t\t<div class='gallery-icon landscape'>\n\t\t\t\t<a data-elementor-open-lightbox=\"yes\" data-elementor-lightbox-slideshow=\"df4c96d\" data-elementor-lightbox-title=\"TOUR DE COPAS 2024 Instituto Alem\u00e1n Puerto Montt _0010_Brillo_contraste 12\" data-e-action-hash=\"#elementor-action%3Aaction%3Dlightbox%26settings%3DeyJpZCI6MzQyNzQsInVybCI6Imh0dHBzOlwvXC9pYWxlbWFuLmNsXC93cC1jb250ZW50XC91cGxvYWRzXC8yMDI0XC8wNlwvVE9VUi1ERS1DT1BBUy0yMDI0LUluc3RpdHV0by1BbGVtYW4tUHVlcnRvLU1vbnR0LV8wMDEwX0JyaWxsb19jb250cmFzdGUtMTIuanBnIiwic2xpZGVzaG93IjoiZGY0Yzk2ZCJ9\" href='https:\/\/ialeman.cl\/wp-content\/uploads\/2024\/06\/TOUR-DE-COPAS-2024-Instituto-Aleman-Puerto-Montt-_0010_Brillo_contraste-12.jpg'><img loading=\"lazy\" decoding=\"async\" width=\"1200\" height=\"801\" src=\"https:\/\/ialeman.cl\/wp-content\/uploads\/2024\/06\/TOUR-DE-COPAS-2024-Instituto-Aleman-Puerto-Montt-_0010_Brillo_contraste-12.jpg\" class=\"attachment-full size-full\" alt=\"\" srcset=\"https:\/\/ialeman.cl\/wp-content\/uploads\/2024\/06\/TOUR-DE-COPAS-2024-Instituto-Aleman-Puerto-Montt-_0010_Brillo_contraste-12.jpg 1200w, https:\/\/ialeman.cl\/wp-content\/uploads\/2024\/06\/TOUR-DE-COPAS-2024-Instituto-Aleman-Puerto-Montt-_0010_Brillo_contraste-12-300x200.jpg 300w, https:\/\/ialeman.cl\/wp-content\/uploads\/2024\/06\/TOUR-DE-COPAS-2024-Instituto-Aleman-Puerto-Montt-_0010_Brillo_contraste-12-1024x684.jpg 1024w, https:\/\/ialeman.cl\/wp-content\/uploads\/2024\/06\/TOUR-DE-COPAS-2024-Instituto-Aleman-Puerto-Montt-_0010_Brillo_contraste-12-768x513.jpg 768w\" sizes=\"(max-width: 1200px) 100vw, 1200px\" \/><\/a>\n\t\t\t<\/div><\/figure><figure class='gallery-item'>\n\t\t\t<div class='gallery-icon landscape'>\n\t\t\t\t<a data-elementor-open-lightbox=\"yes\" data-elementor-lightbox-slideshow=\"df4c96d\" data-elementor-lightbox-title=\"TOUR DE COPAS 2024 Instituto Alem\u00e1n Puerto Montt _0003_Brillo_contraste 5\" data-e-action-hash=\"#elementor-action%3Aaction%3Dlightbox%26settings%3DeyJpZCI6MzQyNjcsInVybCI6Imh0dHBzOlwvXC9pYWxlbWFuLmNsXC93cC1jb250ZW50XC91cGxvYWRzXC8yMDI0XC8wNlwvVE9VUi1ERS1DT1BBUy0yMDI0LUluc3RpdHV0by1BbGVtYW4tUHVlcnRvLU1vbnR0LV8wMDAzX0JyaWxsb19jb250cmFzdGUtNS5qcGciLCJzbGlkZXNob3ciOiJkZjRjOTZkIn0%3D\" href='https:\/\/ialeman.cl\/wp-content\/uploads\/2024\/06\/TOUR-DE-COPAS-2024-Instituto-Aleman-Puerto-Montt-_0003_Brillo_contraste-5.jpg'><img loading=\"lazy\" decoding=\"async\" width=\"1200\" height=\"801\" src=\"https:\/\/ialeman.cl\/wp-content\/uploads\/2024\/06\/TOUR-DE-COPAS-2024-Instituto-Aleman-Puerto-Montt-_0003_Brillo_contraste-5.jpg\" class=\"attachment-full size-full\" alt=\"\" srcset=\"https:\/\/ialeman.cl\/wp-content\/uploads\/2024\/06\/TOUR-DE-COPAS-2024-Instituto-Aleman-Puerto-Montt-_0003_Brillo_contraste-5.jpg 1200w, https:\/\/ialeman.cl\/wp-content\/uploads\/2024\/06\/TOUR-DE-COPAS-2024-Instituto-Aleman-Puerto-Montt-_0003_Brillo_contraste-5-300x200.jpg 300w, https:\/\/ialeman.cl\/wp-content\/uploads\/2024\/06\/TOUR-DE-COPAS-2024-Instituto-Aleman-Puerto-Montt-_0003_Brillo_contraste-5-1024x684.jpg 1024w, https:\/\/ialeman.cl\/wp-content\/uploads\/2024\/06\/TOUR-DE-COPAS-2024-Instituto-Aleman-Puerto-Montt-_0003_Brillo_contraste-5-768x513.jpg 768w\" sizes=\"(max-width: 1200px) 100vw, 1200px\" \/><\/a>\n\t\t\t<\/div><\/figure><figure class='gallery-item'>\n\t\t\t<div class='gallery-icon landscape'>\n\t\t\t\t<a data-elementor-open-lightbox=\"yes\" data-elementor-lightbox-slideshow=\"df4c96d\" data-elementor-lightbox-title=\"TOUR DE COPAS 2024 Instituto Alem\u00e1n Puerto Montt _0005_Brillo_contraste 7\" data-e-action-hash=\"#elementor-action%3Aaction%3Dlightbox%26settings%3DeyJpZCI6MzQyNjksInVybCI6Imh0dHBzOlwvXC9pYWxlbWFuLmNsXC93cC1jb250ZW50XC91cGxvYWRzXC8yMDI0XC8wNlwvVE9VUi1ERS1DT1BBUy0yMDI0LUluc3RpdHV0by1BbGVtYW4tUHVlcnRvLU1vbnR0LV8wMDA1X0JyaWxsb19jb250cmFzdGUtNy5qcGciLCJzbGlkZXNob3ciOiJkZjRjOTZkIn0%3D\" href='https:\/\/ialeman.cl\/wp-content\/uploads\/2024\/06\/TOUR-DE-COPAS-2024-Instituto-Aleman-Puerto-Montt-_0005_Brillo_contraste-7.jpg'><img loading=\"lazy\" decoding=\"async\" width=\"1200\" height=\"801\" src=\"https:\/\/ialeman.cl\/wp-content\/uploads\/2024\/06\/TOUR-DE-COPAS-2024-Instituto-Aleman-Puerto-Montt-_0005_Brillo_contraste-7.jpg\" class=\"attachment-full size-full\" alt=\"\" srcset=\"https:\/\/ialeman.cl\/wp-content\/uploads\/2024\/06\/TOUR-DE-COPAS-2024-Instituto-Aleman-Puerto-Montt-_0005_Brillo_contraste-7.jpg 1200w, https:\/\/ialeman.cl\/wp-content\/uploads\/2024\/06\/TOUR-DE-COPAS-2024-Instituto-Aleman-Puerto-Montt-_0005_Brillo_contraste-7-300x200.jpg 300w, https:\/\/ialeman.cl\/wp-content\/uploads\/2024\/06\/TOUR-DE-COPAS-2024-Instituto-Aleman-Puerto-Montt-_0005_Brillo_contraste-7-1024x684.jpg 1024w, https:\/\/ialeman.cl\/wp-content\/uploads\/2024\/06\/TOUR-DE-COPAS-2024-Instituto-Aleman-Puerto-Montt-_0005_Brillo_contraste-7-768x513.jpg 768w\" sizes=\"(max-width: 1200px) 100vw, 1200px\" \/><\/a>\n\t\t\t<\/div><\/figure><figure class='gallery-item'>\n\t\t\t<div class='gallery-icon landscape'>\n\t\t\t\t<a data-elementor-open-lightbox=\"yes\" data-elementor-lightbox-slideshow=\"df4c96d\" data-elementor-lightbox-title=\"TOUR DE COPAS 2024 Instituto Alem\u00e1n Puerto Montt _0007_Brillo_contraste 9\" data-e-action-hash=\"#elementor-action%3Aaction%3Dlightbox%26settings%3DeyJpZCI6MzQyNzEsInVybCI6Imh0dHBzOlwvXC9pYWxlbWFuLmNsXC93cC1jb250ZW50XC91cGxvYWRzXC8yMDI0XC8wNlwvVE9VUi1ERS1DT1BBUy0yMDI0LUluc3RpdHV0by1BbGVtYW4tUHVlcnRvLU1vbnR0LV8wMDA3X0JyaWxsb19jb250cmFzdGUtOS5qcGciLCJzbGlkZXNob3ciOiJkZjRjOTZkIn0%3D\" href='https:\/\/ialeman.cl\/wp-content\/uploads\/2024\/06\/TOUR-DE-COPAS-2024-Instituto-Aleman-Puerto-Montt-_0007_Brillo_contraste-9.jpg'><img loading=\"lazy\" decoding=\"async\" width=\"1200\" height=\"801\" src=\"https:\/\/ialeman.cl\/wp-content\/uploads\/2024\/06\/TOUR-DE-COPAS-2024-Instituto-Aleman-Puerto-Montt-_0007_Brillo_contraste-9.jpg\" class=\"attachment-full size-full\" alt=\"\" srcset=\"https:\/\/ialeman.cl\/wp-content\/uploads\/2024\/06\/TOUR-DE-COPAS-2024-Instituto-Aleman-Puerto-Montt-_0007_Brillo_contraste-9.jpg 1200w, https:\/\/ialeman.cl\/wp-content\/uploads\/2024\/06\/TOUR-DE-COPAS-2024-Instituto-Aleman-Puerto-Montt-_0007_Brillo_contraste-9-300x200.jpg 300w, https:\/\/ialeman.cl\/wp-content\/uploads\/2024\/06\/TOUR-DE-COPAS-2024-Instituto-Aleman-Puerto-Montt-_0007_Brillo_contraste-9-1024x684.jpg 1024w, https:\/\/ialeman.cl\/wp-content\/uploads\/2024\/06\/TOUR-DE-COPAS-2024-Instituto-Aleman-Puerto-Montt-_0007_Brillo_contraste-9-768x513.jpg 768w\" sizes=\"(max-width: 1200px) 100vw, 1200px\" \/><\/a>\n\t\t\t<\/div><\/figure><figure class='gallery-item'>\n\t\t\t<div class='gallery-icon landscape'>\n\t\t\t\t<a data-elementor-open-lightbox=\"yes\" data-elementor-lightbox-slideshow=\"df4c96d\" data-elementor-lightbox-title=\"TOUR DE COPAS 2024 Instituto Alem\u00e1n Puerto Montt _0008_Brillo_contraste 10\" data-e-action-hash=\"#elementor-action%3Aaction%3Dlightbox%26settings%3DeyJpZCI6MzQyNzIsInVybCI6Imh0dHBzOlwvXC9pYWxlbWFuLmNsXC93cC1jb250ZW50XC91cGxvYWRzXC8yMDI0XC8wNlwvVE9VUi1ERS1DT1BBUy0yMDI0LUluc3RpdHV0by1BbGVtYW4tUHVlcnRvLU1vbnR0LV8wMDA4X0JyaWxsb19jb250cmFzdGUtMTAuanBnIiwic2xpZGVzaG93IjoiZGY0Yzk2ZCJ9\" href='https:\/\/ialeman.cl\/wp-content\/uploads\/2024\/06\/TOUR-DE-COPAS-2024-Instituto-Aleman-Puerto-Montt-_0008_Brillo_contraste-10.jpg'><img loading=\"lazy\" decoding=\"async\" width=\"1200\" height=\"801\" src=\"https:\/\/ialeman.cl\/wp-content\/uploads\/2024\/06\/TOUR-DE-COPAS-2024-Instituto-Aleman-Puerto-Montt-_0008_Brillo_contraste-10.jpg\" class=\"attachment-full size-full\" alt=\"\" srcset=\"https:\/\/ialeman.cl\/wp-content\/uploads\/2024\/06\/TOUR-DE-COPAS-2024-Instituto-Aleman-Puerto-Montt-_0008_Brillo_contraste-10.jpg 1200w, https:\/\/ialeman.cl\/wp-content\/uploads\/2024\/06\/TOUR-DE-COPAS-2024-Instituto-Aleman-Puerto-Montt-_0008_Brillo_contraste-10-300x200.jpg 300w, https:\/\/ialeman.cl\/wp-content\/uploads\/2024\/06\/TOUR-DE-COPAS-2024-Instituto-Aleman-Puerto-Montt-_0008_Brillo_contraste-10-1024x684.jpg 1024w, https:\/\/ialeman.cl\/wp-content\/uploads\/2024\/06\/TOUR-DE-COPAS-2024-Instituto-Aleman-Puerto-Montt-_0008_Brillo_contraste-10-768x513.jpg 768w\" sizes=\"(max-width: 1200px) 100vw, 1200px\" \/><\/a>\n\t\t\t<\/div><\/figure><figure class='gallery-item'>\n\t\t\t<div class='gallery-icon landscape'>\n\t\t\t\t<a data-elementor-open-lightbox=\"yes\" data-elementor-lightbox-slideshow=\"df4c96d\" data-elementor-lightbox-title=\"TOUR DE COPAS 2024 Instituto Alem\u00e1n Puerto Montt _0014_Brillo_contraste 14\" data-e-action-hash=\"#elementor-action%3Aaction%3Dlightbox%26settings%3DeyJpZCI6MzQyNzgsInVybCI6Imh0dHBzOlwvXC9pYWxlbWFuLmNsXC93cC1jb250ZW50XC91cGxvYWRzXC8yMDI0XC8wNlwvVE9VUi1ERS1DT1BBUy0yMDI0LUluc3RpdHV0by1BbGVtYW4tUHVlcnRvLU1vbnR0LV8wMDE0X0JyaWxsb19jb250cmFzdGUtMTQuanBnIiwic2xpZGVzaG93IjoiZGY0Yzk2ZCJ9\" href='https:\/\/ialeman.cl\/wp-content\/uploads\/2024\/06\/TOUR-DE-COPAS-2024-Instituto-Aleman-Puerto-Montt-_0014_Brillo_contraste-14.jpg'><img loading=\"lazy\" decoding=\"async\" width=\"1200\" height=\"801\" src=\"https:\/\/ialeman.cl\/wp-content\/uploads\/2024\/06\/TOUR-DE-COPAS-2024-Instituto-Aleman-Puerto-Montt-_0014_Brillo_contraste-14.jpg\" class=\"attachment-full size-full\" alt=\"\" srcset=\"https:\/\/ialeman.cl\/wp-content\/uploads\/2024\/06\/TOUR-DE-COPAS-2024-Instituto-Aleman-Puerto-Montt-_0014_Brillo_contraste-14.jpg 1200w, https:\/\/ialeman.cl\/wp-content\/uploads\/2024\/06\/TOUR-DE-COPAS-2024-Instituto-Aleman-Puerto-Montt-_0014_Brillo_contraste-14-300x200.jpg 300w, https:\/\/ialeman.cl\/wp-content\/uploads\/2024\/06\/TOUR-DE-COPAS-2024-Instituto-Aleman-Puerto-Montt-_0014_Brillo_contraste-14-1024x684.jpg 1024w, https:\/\/ialeman.cl\/wp-content\/uploads\/2024\/06\/TOUR-DE-COPAS-2024-Instituto-Aleman-Puerto-Montt-_0014_Brillo_contraste-14-768x513.jpg 768w\" sizes=\"(max-width: 1200px) 100vw, 1200px\" \/><\/a>\n\t\t\t<\/div><\/figure><figure class='gallery-item'>\n\t\t\t<div class='gallery-icon landscape'>\n\t\t\t\t<a data-elementor-open-lightbox=\"yes\" data-elementor-lightbox-slideshow=\"df4c96d\" data-elementor-lightbox-title=\"TOUR DE COPAS 2024 Instituto Alem\u00e1n Puerto Montt _0012_DSC_1139\" data-e-action-hash=\"#elementor-action%3Aaction%3Dlightbox%26settings%3DeyJpZCI6MzQyNzYsInVybCI6Imh0dHBzOlwvXC9pYWxlbWFuLmNsXC93cC1jb250ZW50XC91cGxvYWRzXC8yMDI0XC8wNlwvVE9VUi1ERS1DT1BBUy0yMDI0LUluc3RpdHV0by1BbGVtYW4tUHVlcnRvLU1vbnR0LV8wMDEyX0RTQ18xMTM5LmpwZyIsInNsaWRlc2hvdyI6ImRmNGM5NmQifQ%3D%3D\" href='https:\/\/ialeman.cl\/wp-content\/uploads\/2024\/06\/TOUR-DE-COPAS-2024-Instituto-Aleman-Puerto-Montt-_0012_DSC_1139.jpg'><img loading=\"lazy\" decoding=\"async\" width=\"1200\" height=\"801\" src=\"https:\/\/ialeman.cl\/wp-content\/uploads\/2024\/06\/TOUR-DE-COPAS-2024-Instituto-Aleman-Puerto-Montt-_0012_DSC_1139.jpg\" class=\"attachment-full size-full\" alt=\"\" srcset=\"https:\/\/ialeman.cl\/wp-content\/uploads\/2024\/06\/TOUR-DE-COPAS-2024-Instituto-Aleman-Puerto-Montt-_0012_DSC_1139.jpg 1200w, https:\/\/ialeman.cl\/wp-content\/uploads\/2024\/06\/TOUR-DE-COPAS-2024-Instituto-Aleman-Puerto-Montt-_0012_DSC_1139-300x200.jpg 300w, https:\/\/ialeman.cl\/wp-content\/uploads\/2024\/06\/TOUR-DE-COPAS-2024-Instituto-Aleman-Puerto-Montt-_0012_DSC_1139-1024x684.jpg 1024w, https:\/\/ialeman.cl\/wp-content\/uploads\/2024\/06\/TOUR-DE-COPAS-2024-Instituto-Aleman-Puerto-Montt-_0012_DSC_1139-768x513.jpg 768w\" sizes=\"(max-width: 1200px) 100vw, 1200px\" \/><\/a>\n\t\t\t<\/div><\/figure><figure class='gallery-item'>\n\t\t\t<div class='gallery-icon landscape'>\n\t\t\t\t<a data-elementor-open-lightbox=\"yes\" data-elementor-lightbox-slideshow=\"df4c96d\" data-elementor-lightbox-title=\"TOUR DE COPAS 2024 Instituto Alem\u00e1n Puerto Montt _0013_Brillo_contraste 13\" data-e-action-hash=\"#elementor-action%3Aaction%3Dlightbox%26settings%3DeyJpZCI6MzQyNzcsInVybCI6Imh0dHBzOlwvXC9pYWxlbWFuLmNsXC93cC1jb250ZW50XC91cGxvYWRzXC8yMDI0XC8wNlwvVE9VUi1ERS1DT1BBUy0yMDI0LUluc3RpdHV0by1BbGVtYW4tUHVlcnRvLU1vbnR0LV8wMDEzX0JyaWxsb19jb250cmFzdGUtMTMuanBnIiwic2xpZGVzaG93IjoiZGY0Yzk2ZCJ9\" href='https:\/\/ialeman.cl\/wp-content\/uploads\/2024\/06\/TOUR-DE-COPAS-2024-Instituto-Aleman-Puerto-Montt-_0013_Brillo_contraste-13.jpg'><img loading=\"lazy\" decoding=\"async\" width=\"1200\" height=\"801\" src=\"https:\/\/ialeman.cl\/wp-content\/uploads\/2024\/06\/TOUR-DE-COPAS-2024-Instituto-Aleman-Puerto-Montt-_0013_Brillo_contraste-13.jpg\" class=\"attachment-full size-full\" alt=\"\" srcset=\"https:\/\/ialeman.cl\/wp-content\/uploads\/2024\/06\/TOUR-DE-COPAS-2024-Instituto-Aleman-Puerto-Montt-_0013_Brillo_contraste-13.jpg 1200w, https:\/\/ialeman.cl\/wp-content\/uploads\/2024\/06\/TOUR-DE-COPAS-2024-Instituto-Aleman-Puerto-Montt-_0013_Brillo_contraste-13-300x200.jpg 300w, https:\/\/ialeman.cl\/wp-content\/uploads\/2024\/06\/TOUR-DE-COPAS-2024-Instituto-Aleman-Puerto-Montt-_0013_Brillo_contraste-13-1024x684.jpg 1024w, https:\/\/ialeman.cl\/wp-content\/uploads\/2024\/06\/TOUR-DE-COPAS-2024-Instituto-Aleman-Puerto-Montt-_0013_Brillo_contraste-13-768x513.jpg 768w\" sizes=\"(max-width: 1200px) 100vw, 1200px\" \/><\/a>\n\t\t\t<\/div><\/figure><figure class='gallery-item'>\n\t\t\t<div class='gallery-icon landscape'>\n\t\t\t\t<a data-elementor-open-lightbox=\"yes\" data-elementor-lightbox-slideshow=\"df4c96d\" data-elementor-lightbox-title=\"TOUR DE COPAS 2024 Instituto Alem\u00e1n Puerto Montt _0009_Brillo_contraste 11\" data-e-action-hash=\"#elementor-action%3Aaction%3Dlightbox%26settings%3DeyJpZCI6MzQyNzMsInVybCI6Imh0dHBzOlwvXC9pYWxlbWFuLmNsXC93cC1jb250ZW50XC91cGxvYWRzXC8yMDI0XC8wNlwvVE9VUi1ERS1DT1BBUy0yMDI0LUluc3RpdHV0by1BbGVtYW4tUHVlcnRvLU1vbnR0LV8wMDA5X0JyaWxsb19jb250cmFzdGUtMTEuanBnIiwic2xpZGVzaG93IjoiZGY0Yzk2ZCJ9\" href='https:\/\/ialeman.cl\/wp-content\/uploads\/2024\/06\/TOUR-DE-COPAS-2024-Instituto-Aleman-Puerto-Montt-_0009_Brillo_contraste-11.jpg'><img loading=\"lazy\" decoding=\"async\" width=\"1200\" height=\"801\" src=\"https:\/\/ialeman.cl\/wp-content\/uploads\/2024\/06\/TOUR-DE-COPAS-2024-Instituto-Aleman-Puerto-Montt-_0009_Brillo_contraste-11.jpg\" class=\"attachment-full size-full\" alt=\"\" srcset=\"https:\/\/ialeman.cl\/wp-content\/uploads\/2024\/06\/TOUR-DE-COPAS-2024-Instituto-Aleman-Puerto-Montt-_0009_Brillo_contraste-11.jpg 1200w, https:\/\/ialeman.cl\/wp-content\/uploads\/2024\/06\/TOUR-DE-COPAS-2024-Instituto-Aleman-Puerto-Montt-_0009_Brillo_contraste-11-300x200.jpg 300w, https:\/\/ialeman.cl\/wp-content\/uploads\/2024\/06\/TOUR-DE-COPAS-2024-Instituto-Aleman-Puerto-Montt-_0009_Brillo_contraste-11-1024x684.jpg 1024w, https:\/\/ialeman.cl\/wp-content\/uploads\/2024\/06\/TOUR-DE-COPAS-2024-Instituto-Aleman-Puerto-Montt-_0009_Brillo_contraste-11-768x513.jpg 768w\" sizes=\"(max-width: 1200px) 100vw, 1200px\" \/><\/a>\n\t\t\t<\/div><\/figure>\n\t\t<\/div>\n\t\t<\/div>\n\t\t\t\t\t\t<\/div>\n\t\t\t\t<\/div>\n\t\t\t\t\t<\/div>\n\t\t<\/div>\n\t\t\t\t\t<\/div>\n\t\t<\/section>\n\t\t\t\t<\/div>\n\t\t","protected":false},"excerpt":{"rendered":"<p>Tour de Copas 2024 Una sorprendente exposici\u00f3n del Tour de Copas se realiz\u00f3 en el Instituto Alem\u00e1n de Puerto Montt. La muestra de los trofeos y medallas de los campeonatos de f\u00fatbol m\u00e1s importantes del mundo se present\u00f3 en el gimnasio 2 y cont\u00f3 con el inter\u00e9s de toda la comunidad educativa, especialmente de los [&hellip;]<\/p>\n","protected":false},"author":1,"featured_media":34253,"comment_status":"closed","ping_status":"closed","sticky":false,"template":"","format":"standard","meta":{"site-sidebar-layout":"default","site-content-layout":"","ast-site-content-layout":"default","site-content-style":"default","site-sidebar-style":"default","ast-global-header-display":"","ast-banner-title-visibility":"","ast-main-header-display":"","ast-hfb-above-header-display":"","ast-hfb-below-header-display":"","ast-hfb-mobile-header-display":"","site-post-title":"disabled","ast-breadcrumbs-content":"","ast-featured-img":"disabled","footer-sml-layout":"","ast-disable-related-posts":"","theme-transparent-header-meta":"","adv-header-id-meta":"","stick-header-meta":"","header-above-stick-meta":"","header-main-stick-meta":"","header-below-stick-meta":"","astra-migrate-meta-layouts":"set","ast-page-background-enabled":"default","ast-page-background-meta":{"desktop":{"background-color":"var(--ast-global-color-4)","background-image":"","background-repeat":"repeat","background-position":"center center","background-size":"auto","background-attachment":"scroll","background-type":"","background-media":"","overlay-type":"","overlay-color":"","overlay-opacity":"","overlay-gradient":""},"tablet":{"background-color":"","background-image":"","background-repeat":"repeat","background-position":"center center","background-size":"auto","background-attachment":"scroll","background-type":"","background-media":"","overlay-type":"","overlay-color":"","overlay-opacity":"","overlay-gradient":""},"mobile":{"background-color":"","background-image":"","background-repeat":"repeat","background-position":"center center","background-size":"auto","background-attachment":"scroll","background-type":"","background-media":"","overlay-type":"","overlay-color":"","overlay-opacity":"","overlay-gradient":""}},"ast-content-background-meta":{"desktop":{"background-color":"var(--ast-global-color-5)","background-image":"","background-repeat":"repeat","background-position":"center center","background-size":"auto","background-attachment":"scroll","background-type":"","background-media":"","overlay-type":"","overlay-color":"","overlay-opacity":"","overlay-gradient":""},"tablet":{"background-color":"var(--ast-global-color-5)","background-image":"","background-repeat":"repeat","background-position":"center center","background-size":"auto","background-attachment":"scroll","background-type":"","background-media":"","overlay-type":"","overlay-color":"","overlay-opacity":"","overlay-gradient":""},"mobile":{"background-color":"var(--ast-global-color-5)","background-image":"","background-repeat":"repeat","background-position":"center center","background-size":"auto","background-attachment":"scroll","background-type":"","background-media":"","overlay-type":"","overlay-color":"","overlay-opacity":"","overlay-gradient":""}},"advanced_seo_description":"","jetpack_seo_html_title":"","jetpack_seo_noindex":false,"jetpack_seo_schema_type":"","_jetpack_newsletter_access":"","_jetpack_dont_email_post_to_subs":false,"_jetpack_newsletter_tier_id":0,"_jetpack_memberships_contains_paywalled_content":false,"_wpcom_ai_launchpad_first_post":false,"_jetpack_feature_clip_id":0,"_jetpack_memberships_contains_paid_content":false,"footnotes":"","jetpack_post_was_ever_published":false},"categories":[10],"tags":[],"class_list":["post-34252","post","type-post","status-publish","format-standard","has-post-thumbnail","hentry","category-noticias"],"jetpack_shortlink":"https:\/\/wp.me\/ph8I5c-8Us","jetpack_sharing_enabled":true,"jetpack_featured_media_url":"https:\/\/ialeman.cl\/wp-content\/uploads\/2024\/06\/TOUR-DE-COPAS-2024-Instituto-Aleman-Puerto-Montt-_0006_Brillo_contraste-8.jpg","_links":{"self":[{"href":"https:\/\/ialeman.cl\/index.php\/wp-json\/wp\/v2\/posts\/34252","targetHints":{"allow":["GET"]}}],"collection":[{"href":"https:\/\/ialeman.cl\/index.php\/wp-json\/wp\/v2\/posts"}],"about":[{"href":"https:\/\/ialeman.cl\/index.php\/wp-json\/wp\/v2\/types\/post"}],"author":[{"embeddable":true,"href":"https:\/\/ialeman.cl\/index.php\/wp-json\/wp\/v2\/users\/1"}],"replies":[{"embeddable":true,"href":"https:\/\/ialeman.cl\/index.php\/wp-json\/wp\/v2\/comments?post=34252"}],"version-history":[{"count":17,"href":"https:\/\/ialeman.cl\/index.php\/wp-json\/wp\/v2\/posts\/34252\/revisions"}],"predecessor-version":[{"id":34286,"href":"https:\/\/ialeman.cl\/index.php\/wp-json\/wp\/v2\/posts\/34252\/revisions\/34286"}],"wp:featuredmedia":[{"embeddable":true,"href":"https:\/\/ialeman.cl\/index.php\/wp-json\/wp\/v2\/media\/34253"}],"wp:attachment":[{"href":"https:\/\/ialeman.cl\/index.php\/wp-json\/wp\/v2\/media?parent=34252"}],"wp:term":[{"taxonomy":"category","embeddable":true,"href":"https:\/\/ialeman.cl\/index.php\/wp-json\/wp\/v2\/categories?post=34252"},{"taxonomy":"post_tag","embeddable":true,"href":"https:\/\/ialeman.cl\/index.php\/wp-json\/wp\/v2\/tags?post=34252"}],"curies":[{"name":"wp","href":"https:\/\/api.w.org\/{rel}","templated":true}]}}