{"id":34120,"date":"2024-06-18T11:31:11","date_gmt":"2024-06-18T15:31:11","guid":{"rendered":"https:\/\/ialeman.cl\/?p=34120"},"modified":"2024-06-18T12:38:28","modified_gmt":"2024-06-18T16:38:28","slug":"laternenfest-primer-ciclo-2024","status":"publish","type":"post","link":"https:\/\/ialeman.cl\/index.php\/laternenfest-primer-ciclo-2024\/","title":{"rendered":"Laternenfest Primer Ciclo 2024"},"content":{"rendered":"\t\t<div data-elementor-type=\"wp-post\" data-elementor-id=\"34120\" class=\"elementor elementor-34120\">\n\t\t\t\t\t\t<section class=\"elementor-section elementor-top-section elementor-element elementor-element-41042b1 elementor-section-boxed elementor-section-height-default elementor-section-height-default\" data-id=\"41042b1\" data-element_type=\"section\" data-e-type=\"section\">\n\t\t\t\t\t\t<div class=\"elementor-container elementor-column-gap-default\">\n\t\t\t\t\t<div class=\"elementor-column elementor-col-100 elementor-top-column elementor-element elementor-element-38d2f97\" data-id=\"38d2f97\" data-element_type=\"column\" data-e-type=\"column\">\n\t\t\t<div class=\"elementor-widget-wrap elementor-element-populated\">\n\t\t\t\t\t\t<div class=\"elementor-element elementor-element-4aa5de6 elementor-widget elementor-widget-heading\" data-id=\"4aa5de6\" data-element_type=\"widget\" data-e-type=\"widget\" data-widget_type=\"heading.default\">\n\t\t\t\t<div class=\"elementor-widget-container\">\n\t\t\t\t\t<h2 class=\"elementor-heading-title elementor-size-default\">Laternenfest Primer Ciclo 2024<\/h2>\t\t\t\t<\/div>\n\t\t\t\t<\/div>\n\t\t\t\t\t<\/div>\n\t\t<\/div>\n\t\t\t\t\t<\/div>\n\t\t<\/section>\n\t\t\t\t<section class=\"elementor-section elementor-top-section elementor-element elementor-element-eaa56fe elementor-section-boxed elementor-section-height-default elementor-section-height-default\" data-id=\"eaa56fe\" data-element_type=\"section\" data-e-type=\"section\">\n\t\t\t\t\t\t<div class=\"elementor-container elementor-column-gap-default\">\n\t\t\t\t\t<div class=\"elementor-column elementor-col-100 elementor-top-column elementor-element elementor-element-c5fd33e\" data-id=\"c5fd33e\" data-element_type=\"column\" data-e-type=\"column\">\n\t\t\t<div class=\"elementor-widget-wrap elementor-element-populated\">\n\t\t\t\t\t\t<div class=\"elementor-element elementor-element-fd4e51e elementor-widget elementor-widget-heading\" data-id=\"fd4e51e\" data-element_type=\"widget\" data-e-type=\"widget\" data-widget_type=\"heading.default\">\n\t\t\t\t<div class=\"elementor-widget-container\">\n\t\t\t\t\t<h2 class=\"elementor-heading-title elementor-size-default\">Los estudiantes del Primer Ciclo celebraron la tradicional Laternenfest, en un emocionante y alegre evento.<br><br>\n\nLos ni\u00f1os se prepararon junto a sus profesoras para una de las m\u00e1s bellas tradiciones de la cultura alemana que se realiza en el Instituto Alem\u00e1n de Puerto Montt. <br><br>\n\nLos alumnos aprendieron sobre la ense\u00f1anza de solidaridad de Sankt Mart\u00edn y de las canciones de la festividad. Adem\u00e1s, confeccionaron unos hermosos faroles.<br><br>\n\nLa Laternenfest cont\u00f3 con la asistencia de las familias, las que presenciaron el recorrido de sus hijos con sus faroles, los que iluminaron el gimnasio 2 y lo convirtieron en un hermoso espect\u00e1culo.<br><br>\n\nPor \u00faltimo, los ni\u00f1os recibieron una dulce galleta en forma de gansito, la que compartieron junto a sus compa\u00f1eros en sus salas de clases. <\/h2>\t\t\t\t<\/div>\n\t\t\t\t<\/div>\n\t\t\t\t\t<\/div>\n\t\t<\/div>\n\t\t\t\t\t<\/div>\n\t\t<\/section>\n\t\t\t\t<section class=\"elementor-section elementor-top-section elementor-element elementor-element-40f7ff8 elementor-section-boxed elementor-section-height-default elementor-section-height-default\" data-id=\"40f7ff8\" data-element_type=\"section\" data-e-type=\"section\">\n\t\t\t\t\t\t<div class=\"elementor-container elementor-column-gap-default\">\n\t\t\t\t\t<div class=\"elementor-column elementor-col-100 elementor-top-column elementor-element elementor-element-11ff5ef\" data-id=\"11ff5ef\" data-element_type=\"column\" data-e-type=\"column\">\n\t\t\t<div class=\"elementor-widget-wrap elementor-element-populated\">\n\t\t\t\t\t\t<div class=\"elementor-element elementor-element-6861649 gallery-spacing-custom elementor-widget elementor-widget-image-gallery\" data-id=\"6861649\" data-element_type=\"widget\" data-e-type=\"widget\" data-widget_type=\"image-gallery.default\">\n\t\t\t\t<div class=\"elementor-widget-container\">\n\t\t\t\t\t\t\t<div class=\"elementor-image-gallery\">\n\t\t\t<div id='gallery-1' class='gallery galleryid-34120 gallery-columns-2 gallery-size-full'><figure class='gallery-item'>\n\t\t\t<div class='gallery-icon landscape'>\n\t\t\t\t<a data-elementor-open-lightbox=\"yes\" data-elementor-lightbox-slideshow=\"6861649\" data-elementor-lightbox-title=\"LATERNENFEST PRIMER CICLO Instituto Alem\u00e1n Puerto Montt _0000_Brillo_contraste 2\" data-e-action-hash=\"#elementor-action%3Aaction%3Dlightbox%26settings%3DeyJpZCI6MzQxMjksInVybCI6Imh0dHBzOlwvXC9pYWxlbWFuLmNsXC93cC1jb250ZW50XC91cGxvYWRzXC8yMDI0XC8wNlwvTEFURVJORU5GRVNULVBSSU1FUi1DSUNMTy1JbnN0aXR1dG8tQWxlbWFuLVB1ZXJ0by1Nb250dC1fMDAwMF9CcmlsbG9fY29udHJhc3RlLTIuanBnIiwic2xpZGVzaG93IjoiNjg2MTY0OSJ9\" href='https:\/\/ialeman.cl\/wp-content\/uploads\/2024\/06\/LATERNENFEST-PRIMER-CICLO-Instituto-Aleman-Puerto-Montt-_0000_Brillo_contraste-2.jpg'><img fetchpriority=\"high\" decoding=\"async\" width=\"1200\" height=\"801\" src=\"https:\/\/ialeman.cl\/wp-content\/uploads\/2024\/06\/LATERNENFEST-PRIMER-CICLO-Instituto-Aleman-Puerto-Montt-_0000_Brillo_contraste-2.jpg\" class=\"attachment-full size-full\" alt=\"\" srcset=\"https:\/\/ialeman.cl\/wp-content\/uploads\/2024\/06\/LATERNENFEST-PRIMER-CICLO-Instituto-Aleman-Puerto-Montt-_0000_Brillo_contraste-2.jpg 1200w, https:\/\/ialeman.cl\/wp-content\/uploads\/2024\/06\/LATERNENFEST-PRIMER-CICLO-Instituto-Aleman-Puerto-Montt-_0000_Brillo_contraste-2-300x200.jpg 300w, https:\/\/ialeman.cl\/wp-content\/uploads\/2024\/06\/LATERNENFEST-PRIMER-CICLO-Instituto-Aleman-Puerto-Montt-_0000_Brillo_contraste-2-1024x684.jpg 1024w, https:\/\/ialeman.cl\/wp-content\/uploads\/2024\/06\/LATERNENFEST-PRIMER-CICLO-Instituto-Aleman-Puerto-Montt-_0000_Brillo_contraste-2-768x513.jpg 768w\" sizes=\"(max-width: 1200px) 100vw, 1200px\" \/><\/a>\n\t\t\t<\/div><\/figure><figure class='gallery-item'>\n\t\t\t<div class='gallery-icon landscape'>\n\t\t\t\t<a data-elementor-open-lightbox=\"yes\" data-elementor-lightbox-slideshow=\"6861649\" data-elementor-lightbox-title=\"LATERNENFEST PRIMER CICLO Instituto Alem\u00e1n Puerto Montt _0001_Brillo_contraste 1\" data-e-action-hash=\"#elementor-action%3Aaction%3Dlightbox%26settings%3DeyJpZCI6MzQxMzAsInVybCI6Imh0dHBzOlwvXC9pYWxlbWFuLmNsXC93cC1jb250ZW50XC91cGxvYWRzXC8yMDI0XC8wNlwvTEFURVJORU5GRVNULVBSSU1FUi1DSUNMTy1JbnN0aXR1dG8tQWxlbWFuLVB1ZXJ0by1Nb250dC1fMDAwMV9CcmlsbG9fY29udHJhc3RlLTEuanBnIiwic2xpZGVzaG93IjoiNjg2MTY0OSJ9\" href='https:\/\/ialeman.cl\/wp-content\/uploads\/2024\/06\/LATERNENFEST-PRIMER-CICLO-Instituto-Aleman-Puerto-Montt-_0001_Brillo_contraste-1.jpg'><img decoding=\"async\" width=\"1200\" height=\"801\" src=\"https:\/\/ialeman.cl\/wp-content\/uploads\/2024\/06\/LATERNENFEST-PRIMER-CICLO-Instituto-Aleman-Puerto-Montt-_0001_Brillo_contraste-1.jpg\" class=\"attachment-full size-full\" alt=\"\" srcset=\"https:\/\/ialeman.cl\/wp-content\/uploads\/2024\/06\/LATERNENFEST-PRIMER-CICLO-Instituto-Aleman-Puerto-Montt-_0001_Brillo_contraste-1.jpg 1200w, https:\/\/ialeman.cl\/wp-content\/uploads\/2024\/06\/LATERNENFEST-PRIMER-CICLO-Instituto-Aleman-Puerto-Montt-_0001_Brillo_contraste-1-300x200.jpg 300w, https:\/\/ialeman.cl\/wp-content\/uploads\/2024\/06\/LATERNENFEST-PRIMER-CICLO-Instituto-Aleman-Puerto-Montt-_0001_Brillo_contraste-1-1024x684.jpg 1024w, https:\/\/ialeman.cl\/wp-content\/uploads\/2024\/06\/LATERNENFEST-PRIMER-CICLO-Instituto-Aleman-Puerto-Montt-_0001_Brillo_contraste-1-768x513.jpg 768w\" sizes=\"(max-width: 1200px) 100vw, 1200px\" \/><\/a>\n\t\t\t<\/div><\/figure><figure class='gallery-item'>\n\t\t\t<div class='gallery-icon landscape'>\n\t\t\t\t<a data-elementor-open-lightbox=\"yes\" data-elementor-lightbox-slideshow=\"6861649\" data-elementor-lightbox-title=\"LATERNENFEST PRIMER CICLO Instituto Alem\u00e1n Puerto Montt _0002_Brillo_contraste 3\" data-e-action-hash=\"#elementor-action%3Aaction%3Dlightbox%26settings%3DeyJpZCI6MzQxMzEsInVybCI6Imh0dHBzOlwvXC9pYWxlbWFuLmNsXC93cC1jb250ZW50XC91cGxvYWRzXC8yMDI0XC8wNlwvTEFURVJORU5GRVNULVBSSU1FUi1DSUNMTy1JbnN0aXR1dG8tQWxlbWFuLVB1ZXJ0by1Nb250dC1fMDAwMl9CcmlsbG9fY29udHJhc3RlLTMuanBnIiwic2xpZGVzaG93IjoiNjg2MTY0OSJ9\" href='https:\/\/ialeman.cl\/wp-content\/uploads\/2024\/06\/LATERNENFEST-PRIMER-CICLO-Instituto-Aleman-Puerto-Montt-_0002_Brillo_contraste-3.jpg'><img decoding=\"async\" width=\"1200\" height=\"801\" src=\"https:\/\/ialeman.cl\/wp-content\/uploads\/2024\/06\/LATERNENFEST-PRIMER-CICLO-Instituto-Aleman-Puerto-Montt-_0002_Brillo_contraste-3.jpg\" class=\"attachment-full size-full\" alt=\"\" srcset=\"https:\/\/ialeman.cl\/wp-content\/uploads\/2024\/06\/LATERNENFEST-PRIMER-CICLO-Instituto-Aleman-Puerto-Montt-_0002_Brillo_contraste-3.jpg 1200w, https:\/\/ialeman.cl\/wp-content\/uploads\/2024\/06\/LATERNENFEST-PRIMER-CICLO-Instituto-Aleman-Puerto-Montt-_0002_Brillo_contraste-3-300x200.jpg 300w, https:\/\/ialeman.cl\/wp-content\/uploads\/2024\/06\/LATERNENFEST-PRIMER-CICLO-Instituto-Aleman-Puerto-Montt-_0002_Brillo_contraste-3-1024x684.jpg 1024w, https:\/\/ialeman.cl\/wp-content\/uploads\/2024\/06\/LATERNENFEST-PRIMER-CICLO-Instituto-Aleman-Puerto-Montt-_0002_Brillo_contraste-3-768x513.jpg 768w\" sizes=\"(max-width: 1200px) 100vw, 1200px\" \/><\/a>\n\t\t\t<\/div><\/figure><figure class='gallery-item'>\n\t\t\t<div class='gallery-icon landscape'>\n\t\t\t\t<a data-elementor-open-lightbox=\"yes\" data-elementor-lightbox-slideshow=\"6861649\" data-elementor-lightbox-title=\"LATERNENFEST PRIMER CICLO Instituto Alem\u00e1n Puerto Montt _0003_Brillo_contraste 4\" data-e-action-hash=\"#elementor-action%3Aaction%3Dlightbox%26settings%3DeyJpZCI6MzQxMzIsInVybCI6Imh0dHBzOlwvXC9pYWxlbWFuLmNsXC93cC1jb250ZW50XC91cGxvYWRzXC8yMDI0XC8wNlwvTEFURVJORU5GRVNULVBSSU1FUi1DSUNMTy1JbnN0aXR1dG8tQWxlbWFuLVB1ZXJ0by1Nb250dC1fMDAwM19CcmlsbG9fY29udHJhc3RlLTQuanBnIiwic2xpZGVzaG93IjoiNjg2MTY0OSJ9\" href='https:\/\/ialeman.cl\/wp-content\/uploads\/2024\/06\/LATERNENFEST-PRIMER-CICLO-Instituto-Aleman-Puerto-Montt-_0003_Brillo_contraste-4.jpg'><img loading=\"lazy\" decoding=\"async\" width=\"1200\" height=\"801\" src=\"https:\/\/ialeman.cl\/wp-content\/uploads\/2024\/06\/LATERNENFEST-PRIMER-CICLO-Instituto-Aleman-Puerto-Montt-_0003_Brillo_contraste-4.jpg\" class=\"attachment-full size-full\" alt=\"\" srcset=\"https:\/\/ialeman.cl\/wp-content\/uploads\/2024\/06\/LATERNENFEST-PRIMER-CICLO-Instituto-Aleman-Puerto-Montt-_0003_Brillo_contraste-4.jpg 1200w, https:\/\/ialeman.cl\/wp-content\/uploads\/2024\/06\/LATERNENFEST-PRIMER-CICLO-Instituto-Aleman-Puerto-Montt-_0003_Brillo_contraste-4-300x200.jpg 300w, https:\/\/ialeman.cl\/wp-content\/uploads\/2024\/06\/LATERNENFEST-PRIMER-CICLO-Instituto-Aleman-Puerto-Montt-_0003_Brillo_contraste-4-1024x684.jpg 1024w, https:\/\/ialeman.cl\/wp-content\/uploads\/2024\/06\/LATERNENFEST-PRIMER-CICLO-Instituto-Aleman-Puerto-Montt-_0003_Brillo_contraste-4-768x513.jpg 768w\" sizes=\"(max-width: 1200px) 100vw, 1200px\" \/><\/a>\n\t\t\t<\/div><\/figure><figure class='gallery-item'>\n\t\t\t<div class='gallery-icon landscape'>\n\t\t\t\t<a data-elementor-open-lightbox=\"yes\" data-elementor-lightbox-slideshow=\"6861649\" data-elementor-lightbox-title=\"LATERNENFEST PRIMER CICLO Instituto Alem\u00e1n Puerto Montt _0004_Brillo_contraste 5\" data-e-action-hash=\"#elementor-action%3Aaction%3Dlightbox%26settings%3DeyJpZCI6MzQxMzMsInVybCI6Imh0dHBzOlwvXC9pYWxlbWFuLmNsXC93cC1jb250ZW50XC91cGxvYWRzXC8yMDI0XC8wNlwvTEFURVJORU5GRVNULVBSSU1FUi1DSUNMTy1JbnN0aXR1dG8tQWxlbWFuLVB1ZXJ0by1Nb250dC1fMDAwNF9CcmlsbG9fY29udHJhc3RlLTUuanBnIiwic2xpZGVzaG93IjoiNjg2MTY0OSJ9\" href='https:\/\/ialeman.cl\/wp-content\/uploads\/2024\/06\/LATERNENFEST-PRIMER-CICLO-Instituto-Aleman-Puerto-Montt-_0004_Brillo_contraste-5.jpg'><img loading=\"lazy\" decoding=\"async\" width=\"1200\" height=\"801\" src=\"https:\/\/ialeman.cl\/wp-content\/uploads\/2024\/06\/LATERNENFEST-PRIMER-CICLO-Instituto-Aleman-Puerto-Montt-_0004_Brillo_contraste-5.jpg\" class=\"attachment-full size-full\" alt=\"\" srcset=\"https:\/\/ialeman.cl\/wp-content\/uploads\/2024\/06\/LATERNENFEST-PRIMER-CICLO-Instituto-Aleman-Puerto-Montt-_0004_Brillo_contraste-5.jpg 1200w, https:\/\/ialeman.cl\/wp-content\/uploads\/2024\/06\/LATERNENFEST-PRIMER-CICLO-Instituto-Aleman-Puerto-Montt-_0004_Brillo_contraste-5-300x200.jpg 300w, https:\/\/ialeman.cl\/wp-content\/uploads\/2024\/06\/LATERNENFEST-PRIMER-CICLO-Instituto-Aleman-Puerto-Montt-_0004_Brillo_contraste-5-1024x684.jpg 1024w, https:\/\/ialeman.cl\/wp-content\/uploads\/2024\/06\/LATERNENFEST-PRIMER-CICLO-Instituto-Aleman-Puerto-Montt-_0004_Brillo_contraste-5-768x513.jpg 768w\" sizes=\"(max-width: 1200px) 100vw, 1200px\" \/><\/a>\n\t\t\t<\/div><\/figure><figure class='gallery-item'>\n\t\t\t<div class='gallery-icon landscape'>\n\t\t\t\t<a data-elementor-open-lightbox=\"yes\" data-elementor-lightbox-slideshow=\"6861649\" data-elementor-lightbox-title=\"LATERNENFEST PRIMER CICLO Instituto Alem\u00e1n Puerto Montt _0005_DSC_1627\" data-e-action-hash=\"#elementor-action%3Aaction%3Dlightbox%26settings%3DeyJpZCI6MzQxMzQsInVybCI6Imh0dHBzOlwvXC9pYWxlbWFuLmNsXC93cC1jb250ZW50XC91cGxvYWRzXC8yMDI0XC8wNlwvTEFURVJORU5GRVNULVBSSU1FUi1DSUNMTy1JbnN0aXR1dG8tQWxlbWFuLVB1ZXJ0by1Nb250dC1fMDAwNV9EU0NfMTYyNy5qcGciLCJzbGlkZXNob3ciOiI2ODYxNjQ5In0%3D\" href='https:\/\/ialeman.cl\/wp-content\/uploads\/2024\/06\/LATERNENFEST-PRIMER-CICLO-Instituto-Aleman-Puerto-Montt-_0005_DSC_1627.jpg'><img loading=\"lazy\" decoding=\"async\" width=\"1200\" height=\"801\" src=\"https:\/\/ialeman.cl\/wp-content\/uploads\/2024\/06\/LATERNENFEST-PRIMER-CICLO-Instituto-Aleman-Puerto-Montt-_0005_DSC_1627.jpg\" class=\"attachment-full size-full\" alt=\"\" srcset=\"https:\/\/ialeman.cl\/wp-content\/uploads\/2024\/06\/LATERNENFEST-PRIMER-CICLO-Instituto-Aleman-Puerto-Montt-_0005_DSC_1627.jpg 1200w, https:\/\/ialeman.cl\/wp-content\/uploads\/2024\/06\/LATERNENFEST-PRIMER-CICLO-Instituto-Aleman-Puerto-Montt-_0005_DSC_1627-300x200.jpg 300w, https:\/\/ialeman.cl\/wp-content\/uploads\/2024\/06\/LATERNENFEST-PRIMER-CICLO-Instituto-Aleman-Puerto-Montt-_0005_DSC_1627-1024x684.jpg 1024w, https:\/\/ialeman.cl\/wp-content\/uploads\/2024\/06\/LATERNENFEST-PRIMER-CICLO-Instituto-Aleman-Puerto-Montt-_0005_DSC_1627-768x513.jpg 768w\" sizes=\"(max-width: 1200px) 100vw, 1200px\" \/><\/a>\n\t\t\t<\/div><\/figure><figure class='gallery-item'>\n\t\t\t<div class='gallery-icon landscape'>\n\t\t\t\t<a data-elementor-open-lightbox=\"yes\" data-elementor-lightbox-slideshow=\"6861649\" data-elementor-lightbox-title=\"LATERNENFEST PRIMER CICLO Instituto Alem\u00e1n Puerto Montt _0006_Brillo_contraste 6\" data-e-action-hash=\"#elementor-action%3Aaction%3Dlightbox%26settings%3DeyJpZCI6MzQxMzUsInVybCI6Imh0dHBzOlwvXC9pYWxlbWFuLmNsXC93cC1jb250ZW50XC91cGxvYWRzXC8yMDI0XC8wNlwvTEFURVJORU5GRVNULVBSSU1FUi1DSUNMTy1JbnN0aXR1dG8tQWxlbWFuLVB1ZXJ0by1Nb250dC1fMDAwNl9CcmlsbG9fY29udHJhc3RlLTYuanBnIiwic2xpZGVzaG93IjoiNjg2MTY0OSJ9\" href='https:\/\/ialeman.cl\/wp-content\/uploads\/2024\/06\/LATERNENFEST-PRIMER-CICLO-Instituto-Aleman-Puerto-Montt-_0006_Brillo_contraste-6.jpg'><img loading=\"lazy\" decoding=\"async\" width=\"1200\" height=\"801\" src=\"https:\/\/ialeman.cl\/wp-content\/uploads\/2024\/06\/LATERNENFEST-PRIMER-CICLO-Instituto-Aleman-Puerto-Montt-_0006_Brillo_contraste-6.jpg\" class=\"attachment-full size-full\" alt=\"\" srcset=\"https:\/\/ialeman.cl\/wp-content\/uploads\/2024\/06\/LATERNENFEST-PRIMER-CICLO-Instituto-Aleman-Puerto-Montt-_0006_Brillo_contraste-6.jpg 1200w, https:\/\/ialeman.cl\/wp-content\/uploads\/2024\/06\/LATERNENFEST-PRIMER-CICLO-Instituto-Aleman-Puerto-Montt-_0006_Brillo_contraste-6-300x200.jpg 300w, https:\/\/ialeman.cl\/wp-content\/uploads\/2024\/06\/LATERNENFEST-PRIMER-CICLO-Instituto-Aleman-Puerto-Montt-_0006_Brillo_contraste-6-1024x684.jpg 1024w, https:\/\/ialeman.cl\/wp-content\/uploads\/2024\/06\/LATERNENFEST-PRIMER-CICLO-Instituto-Aleman-Puerto-Montt-_0006_Brillo_contraste-6-768x513.jpg 768w\" sizes=\"(max-width: 1200px) 100vw, 1200px\" \/><\/a>\n\t\t\t<\/div><\/figure><figure class='gallery-item'>\n\t\t\t<div class='gallery-icon landscape'>\n\t\t\t\t<a data-elementor-open-lightbox=\"yes\" data-elementor-lightbox-slideshow=\"6861649\" data-elementor-lightbox-title=\"LATERNENFEST PRIMER CICLO Instituto Alem\u00e1n Puerto Montt _0007_Brillo_contraste 7\" data-e-action-hash=\"#elementor-action%3Aaction%3Dlightbox%26settings%3DeyJpZCI6MzQxMzYsInVybCI6Imh0dHBzOlwvXC9pYWxlbWFuLmNsXC93cC1jb250ZW50XC91cGxvYWRzXC8yMDI0XC8wNlwvTEFURVJORU5GRVNULVBSSU1FUi1DSUNMTy1JbnN0aXR1dG8tQWxlbWFuLVB1ZXJ0by1Nb250dC1fMDAwN19CcmlsbG9fY29udHJhc3RlLTcuanBnIiwic2xpZGVzaG93IjoiNjg2MTY0OSJ9\" href='https:\/\/ialeman.cl\/wp-content\/uploads\/2024\/06\/LATERNENFEST-PRIMER-CICLO-Instituto-Aleman-Puerto-Montt-_0007_Brillo_contraste-7.jpg'><img loading=\"lazy\" decoding=\"async\" width=\"1200\" height=\"801\" src=\"https:\/\/ialeman.cl\/wp-content\/uploads\/2024\/06\/LATERNENFEST-PRIMER-CICLO-Instituto-Aleman-Puerto-Montt-_0007_Brillo_contraste-7.jpg\" class=\"attachment-full size-full\" alt=\"\" srcset=\"https:\/\/ialeman.cl\/wp-content\/uploads\/2024\/06\/LATERNENFEST-PRIMER-CICLO-Instituto-Aleman-Puerto-Montt-_0007_Brillo_contraste-7.jpg 1200w, https:\/\/ialeman.cl\/wp-content\/uploads\/2024\/06\/LATERNENFEST-PRIMER-CICLO-Instituto-Aleman-Puerto-Montt-_0007_Brillo_contraste-7-300x200.jpg 300w, https:\/\/ialeman.cl\/wp-content\/uploads\/2024\/06\/LATERNENFEST-PRIMER-CICLO-Instituto-Aleman-Puerto-Montt-_0007_Brillo_contraste-7-1024x684.jpg 1024w, https:\/\/ialeman.cl\/wp-content\/uploads\/2024\/06\/LATERNENFEST-PRIMER-CICLO-Instituto-Aleman-Puerto-Montt-_0007_Brillo_contraste-7-768x513.jpg 768w\" sizes=\"(max-width: 1200px) 100vw, 1200px\" \/><\/a>\n\t\t\t<\/div><\/figure><figure class='gallery-item'>\n\t\t\t<div class='gallery-icon landscape'>\n\t\t\t\t<a data-elementor-open-lightbox=\"yes\" data-elementor-lightbox-slideshow=\"6861649\" data-elementor-lightbox-title=\"LATERNENFEST PRIMER CICLO Instituto Alem\u00e1n Puerto Montt _0008_Brillo_contraste 8\" data-e-action-hash=\"#elementor-action%3Aaction%3Dlightbox%26settings%3DeyJpZCI6MzQxMzcsInVybCI6Imh0dHBzOlwvXC9pYWxlbWFuLmNsXC93cC1jb250ZW50XC91cGxvYWRzXC8yMDI0XC8wNlwvTEFURVJORU5GRVNULVBSSU1FUi1DSUNMTy1JbnN0aXR1dG8tQWxlbWFuLVB1ZXJ0by1Nb250dC1fMDAwOF9CcmlsbG9fY29udHJhc3RlLTguanBnIiwic2xpZGVzaG93IjoiNjg2MTY0OSJ9\" href='https:\/\/ialeman.cl\/wp-content\/uploads\/2024\/06\/LATERNENFEST-PRIMER-CICLO-Instituto-Aleman-Puerto-Montt-_0008_Brillo_contraste-8.jpg'><img loading=\"lazy\" decoding=\"async\" width=\"1200\" height=\"801\" src=\"https:\/\/ialeman.cl\/wp-content\/uploads\/2024\/06\/LATERNENFEST-PRIMER-CICLO-Instituto-Aleman-Puerto-Montt-_0008_Brillo_contraste-8.jpg\" class=\"attachment-full size-full\" alt=\"\" srcset=\"https:\/\/ialeman.cl\/wp-content\/uploads\/2024\/06\/LATERNENFEST-PRIMER-CICLO-Instituto-Aleman-Puerto-Montt-_0008_Brillo_contraste-8.jpg 1200w, https:\/\/ialeman.cl\/wp-content\/uploads\/2024\/06\/LATERNENFEST-PRIMER-CICLO-Instituto-Aleman-Puerto-Montt-_0008_Brillo_contraste-8-300x200.jpg 300w, https:\/\/ialeman.cl\/wp-content\/uploads\/2024\/06\/LATERNENFEST-PRIMER-CICLO-Instituto-Aleman-Puerto-Montt-_0008_Brillo_contraste-8-1024x684.jpg 1024w, https:\/\/ialeman.cl\/wp-content\/uploads\/2024\/06\/LATERNENFEST-PRIMER-CICLO-Instituto-Aleman-Puerto-Montt-_0008_Brillo_contraste-8-768x513.jpg 768w\" sizes=\"(max-width: 1200px) 100vw, 1200px\" \/><\/a>\n\t\t\t<\/div><\/figure><figure class='gallery-item'>\n\t\t\t<div class='gallery-icon landscape'>\n\t\t\t\t<a data-elementor-open-lightbox=\"yes\" data-elementor-lightbox-slideshow=\"6861649\" data-elementor-lightbox-title=\"LATERNENFEST PRIMER CICLO Instituto Alem\u00e1n Puerto Montt _0009_Brillo_contraste 9\" data-e-action-hash=\"#elementor-action%3Aaction%3Dlightbox%26settings%3DeyJpZCI6MzQxMzgsInVybCI6Imh0dHBzOlwvXC9pYWxlbWFuLmNsXC93cC1jb250ZW50XC91cGxvYWRzXC8yMDI0XC8wNlwvTEFURVJORU5GRVNULVBSSU1FUi1DSUNMTy1JbnN0aXR1dG8tQWxlbWFuLVB1ZXJ0by1Nb250dC1fMDAwOV9CcmlsbG9fY29udHJhc3RlLTkuanBnIiwic2xpZGVzaG93IjoiNjg2MTY0OSJ9\" href='https:\/\/ialeman.cl\/wp-content\/uploads\/2024\/06\/LATERNENFEST-PRIMER-CICLO-Instituto-Aleman-Puerto-Montt-_0009_Brillo_contraste-9.jpg'><img loading=\"lazy\" decoding=\"async\" width=\"1200\" height=\"801\" src=\"https:\/\/ialeman.cl\/wp-content\/uploads\/2024\/06\/LATERNENFEST-PRIMER-CICLO-Instituto-Aleman-Puerto-Montt-_0009_Brillo_contraste-9.jpg\" class=\"attachment-full size-full\" alt=\"\" srcset=\"https:\/\/ialeman.cl\/wp-content\/uploads\/2024\/06\/LATERNENFEST-PRIMER-CICLO-Instituto-Aleman-Puerto-Montt-_0009_Brillo_contraste-9.jpg 1200w, https:\/\/ialeman.cl\/wp-content\/uploads\/2024\/06\/LATERNENFEST-PRIMER-CICLO-Instituto-Aleman-Puerto-Montt-_0009_Brillo_contraste-9-300x200.jpg 300w, https:\/\/ialeman.cl\/wp-content\/uploads\/2024\/06\/LATERNENFEST-PRIMER-CICLO-Instituto-Aleman-Puerto-Montt-_0009_Brillo_contraste-9-1024x684.jpg 1024w, https:\/\/ialeman.cl\/wp-content\/uploads\/2024\/06\/LATERNENFEST-PRIMER-CICLO-Instituto-Aleman-Puerto-Montt-_0009_Brillo_contraste-9-768x513.jpg 768w\" sizes=\"(max-width: 1200px) 100vw, 1200px\" \/><\/a>\n\t\t\t<\/div><\/figure><figure class='gallery-item'>\n\t\t\t<div class='gallery-icon landscape'>\n\t\t\t\t<a data-elementor-open-lightbox=\"yes\" data-elementor-lightbox-slideshow=\"6861649\" data-elementor-lightbox-title=\"LATERNENFEST PRIMER CICLO Instituto Alem\u00e1n Puerto Montt _0010_Brillo_contraste 10\" data-e-action-hash=\"#elementor-action%3Aaction%3Dlightbox%26settings%3DeyJpZCI6MzQxMzksInVybCI6Imh0dHBzOlwvXC9pYWxlbWFuLmNsXC93cC1jb250ZW50XC91cGxvYWRzXC8yMDI0XC8wNlwvTEFURVJORU5GRVNULVBSSU1FUi1DSUNMTy1JbnN0aXR1dG8tQWxlbWFuLVB1ZXJ0by1Nb250dC1fMDAxMF9CcmlsbG9fY29udHJhc3RlLTEwLmpwZyIsInNsaWRlc2hvdyI6IjY4NjE2NDkifQ%3D%3D\" href='https:\/\/ialeman.cl\/wp-content\/uploads\/2024\/06\/LATERNENFEST-PRIMER-CICLO-Instituto-Aleman-Puerto-Montt-_0010_Brillo_contraste-10.jpg'><img loading=\"lazy\" decoding=\"async\" width=\"1200\" height=\"801\" src=\"https:\/\/ialeman.cl\/wp-content\/uploads\/2024\/06\/LATERNENFEST-PRIMER-CICLO-Instituto-Aleman-Puerto-Montt-_0010_Brillo_contraste-10.jpg\" class=\"attachment-full size-full\" alt=\"\" srcset=\"https:\/\/ialeman.cl\/wp-content\/uploads\/2024\/06\/LATERNENFEST-PRIMER-CICLO-Instituto-Aleman-Puerto-Montt-_0010_Brillo_contraste-10.jpg 1200w, https:\/\/ialeman.cl\/wp-content\/uploads\/2024\/06\/LATERNENFEST-PRIMER-CICLO-Instituto-Aleman-Puerto-Montt-_0010_Brillo_contraste-10-300x200.jpg 300w, https:\/\/ialeman.cl\/wp-content\/uploads\/2024\/06\/LATERNENFEST-PRIMER-CICLO-Instituto-Aleman-Puerto-Montt-_0010_Brillo_contraste-10-1024x684.jpg 1024w, https:\/\/ialeman.cl\/wp-content\/uploads\/2024\/06\/LATERNENFEST-PRIMER-CICLO-Instituto-Aleman-Puerto-Montt-_0010_Brillo_contraste-10-768x513.jpg 768w\" sizes=\"(max-width: 1200px) 100vw, 1200px\" \/><\/a>\n\t\t\t<\/div><\/figure><figure class='gallery-item'>\n\t\t\t<div class='gallery-icon landscape'>\n\t\t\t\t<a data-elementor-open-lightbox=\"yes\" data-elementor-lightbox-slideshow=\"6861649\" data-elementor-lightbox-title=\"LATERNENFEST PRIMER CICLO Instituto Alem\u00e1n Puerto Montt _0011_Brillo_contraste 11\" data-e-action-hash=\"#elementor-action%3Aaction%3Dlightbox%26settings%3DeyJpZCI6MzQxNDAsInVybCI6Imh0dHBzOlwvXC9pYWxlbWFuLmNsXC93cC1jb250ZW50XC91cGxvYWRzXC8yMDI0XC8wNlwvTEFURVJORU5GRVNULVBSSU1FUi1DSUNMTy1JbnN0aXR1dG8tQWxlbWFuLVB1ZXJ0by1Nb250dC1fMDAxMV9CcmlsbG9fY29udHJhc3RlLTExLmpwZyIsInNsaWRlc2hvdyI6IjY4NjE2NDkifQ%3D%3D\" href='https:\/\/ialeman.cl\/wp-content\/uploads\/2024\/06\/LATERNENFEST-PRIMER-CICLO-Instituto-Aleman-Puerto-Montt-_0011_Brillo_contraste-11.jpg'><img loading=\"lazy\" decoding=\"async\" width=\"1200\" height=\"801\" src=\"https:\/\/ialeman.cl\/wp-content\/uploads\/2024\/06\/LATERNENFEST-PRIMER-CICLO-Instituto-Aleman-Puerto-Montt-_0011_Brillo_contraste-11.jpg\" class=\"attachment-full size-full\" alt=\"\" srcset=\"https:\/\/ialeman.cl\/wp-content\/uploads\/2024\/06\/LATERNENFEST-PRIMER-CICLO-Instituto-Aleman-Puerto-Montt-_0011_Brillo_contraste-11.jpg 1200w, https:\/\/ialeman.cl\/wp-content\/uploads\/2024\/06\/LATERNENFEST-PRIMER-CICLO-Instituto-Aleman-Puerto-Montt-_0011_Brillo_contraste-11-300x200.jpg 300w, https:\/\/ialeman.cl\/wp-content\/uploads\/2024\/06\/LATERNENFEST-PRIMER-CICLO-Instituto-Aleman-Puerto-Montt-_0011_Brillo_contraste-11-1024x684.jpg 1024w, https:\/\/ialeman.cl\/wp-content\/uploads\/2024\/06\/LATERNENFEST-PRIMER-CICLO-Instituto-Aleman-Puerto-Montt-_0011_Brillo_contraste-11-768x513.jpg 768w\" sizes=\"(max-width: 1200px) 100vw, 1200px\" \/><\/a>\n\t\t\t<\/div><\/figure><figure class='gallery-item'>\n\t\t\t<div class='gallery-icon landscape'>\n\t\t\t\t<a data-elementor-open-lightbox=\"yes\" data-elementor-lightbox-slideshow=\"6861649\" data-elementor-lightbox-title=\"LATERNENFEST PRIMER CICLO Instituto Alem\u00e1n Puerto Montt _0012_Brillo_contraste 12\" data-e-action-hash=\"#elementor-action%3Aaction%3Dlightbox%26settings%3DeyJpZCI6MzQxNDEsInVybCI6Imh0dHBzOlwvXC9pYWxlbWFuLmNsXC93cC1jb250ZW50XC91cGxvYWRzXC8yMDI0XC8wNlwvTEFURVJORU5GRVNULVBSSU1FUi1DSUNMTy1JbnN0aXR1dG8tQWxlbWFuLVB1ZXJ0by1Nb250dC1fMDAxMl9CcmlsbG9fY29udHJhc3RlLTEyLmpwZyIsInNsaWRlc2hvdyI6IjY4NjE2NDkifQ%3D%3D\" href='https:\/\/ialeman.cl\/wp-content\/uploads\/2024\/06\/LATERNENFEST-PRIMER-CICLO-Instituto-Aleman-Puerto-Montt-_0012_Brillo_contraste-12.jpg'><img loading=\"lazy\" decoding=\"async\" width=\"1200\" height=\"801\" src=\"https:\/\/ialeman.cl\/wp-content\/uploads\/2024\/06\/LATERNENFEST-PRIMER-CICLO-Instituto-Aleman-Puerto-Montt-_0012_Brillo_contraste-12.jpg\" class=\"attachment-full size-full\" alt=\"\" srcset=\"https:\/\/ialeman.cl\/wp-content\/uploads\/2024\/06\/LATERNENFEST-PRIMER-CICLO-Instituto-Aleman-Puerto-Montt-_0012_Brillo_contraste-12.jpg 1200w, https:\/\/ialeman.cl\/wp-content\/uploads\/2024\/06\/LATERNENFEST-PRIMER-CICLO-Instituto-Aleman-Puerto-Montt-_0012_Brillo_contraste-12-300x200.jpg 300w, https:\/\/ialeman.cl\/wp-content\/uploads\/2024\/06\/LATERNENFEST-PRIMER-CICLO-Instituto-Aleman-Puerto-Montt-_0012_Brillo_contraste-12-1024x684.jpg 1024w, https:\/\/ialeman.cl\/wp-content\/uploads\/2024\/06\/LATERNENFEST-PRIMER-CICLO-Instituto-Aleman-Puerto-Montt-_0012_Brillo_contraste-12-768x513.jpg 768w\" sizes=\"(max-width: 1200px) 100vw, 1200px\" \/><\/a>\n\t\t\t<\/div><\/figure><figure class='gallery-item'>\n\t\t\t<div class='gallery-icon landscape'>\n\t\t\t\t<a data-elementor-open-lightbox=\"yes\" data-elementor-lightbox-slideshow=\"6861649\" data-elementor-lightbox-title=\"LATERNENFEST PRIMER CICLO Instituto Alem\u00e1n Puerto Montt _0013_Brillo_contraste 13\" data-e-action-hash=\"#elementor-action%3Aaction%3Dlightbox%26settings%3DeyJpZCI6MzQxNDIsInVybCI6Imh0dHBzOlwvXC9pYWxlbWFuLmNsXC93cC1jb250ZW50XC91cGxvYWRzXC8yMDI0XC8wNlwvTEFURVJORU5GRVNULVBSSU1FUi1DSUNMTy1JbnN0aXR1dG8tQWxlbWFuLVB1ZXJ0by1Nb250dC1fMDAxM19CcmlsbG9fY29udHJhc3RlLTEzLmpwZyIsInNsaWRlc2hvdyI6IjY4NjE2NDkifQ%3D%3D\" href='https:\/\/ialeman.cl\/wp-content\/uploads\/2024\/06\/LATERNENFEST-PRIMER-CICLO-Instituto-Aleman-Puerto-Montt-_0013_Brillo_contraste-13.jpg'><img loading=\"lazy\" decoding=\"async\" width=\"1200\" height=\"801\" src=\"https:\/\/ialeman.cl\/wp-content\/uploads\/2024\/06\/LATERNENFEST-PRIMER-CICLO-Instituto-Aleman-Puerto-Montt-_0013_Brillo_contraste-13.jpg\" class=\"attachment-full size-full\" alt=\"\" srcset=\"https:\/\/ialeman.cl\/wp-content\/uploads\/2024\/06\/LATERNENFEST-PRIMER-CICLO-Instituto-Aleman-Puerto-Montt-_0013_Brillo_contraste-13.jpg 1200w, https:\/\/ialeman.cl\/wp-content\/uploads\/2024\/06\/LATERNENFEST-PRIMER-CICLO-Instituto-Aleman-Puerto-Montt-_0013_Brillo_contraste-13-300x200.jpg 300w, https:\/\/ialeman.cl\/wp-content\/uploads\/2024\/06\/LATERNENFEST-PRIMER-CICLO-Instituto-Aleman-Puerto-Montt-_0013_Brillo_contraste-13-1024x684.jpg 1024w, https:\/\/ialeman.cl\/wp-content\/uploads\/2024\/06\/LATERNENFEST-PRIMER-CICLO-Instituto-Aleman-Puerto-Montt-_0013_Brillo_contraste-13-768x513.jpg 768w\" sizes=\"(max-width: 1200px) 100vw, 1200px\" \/><\/a>\n\t\t\t<\/div><\/figure><figure class='gallery-item'>\n\t\t\t<div class='gallery-icon landscape'>\n\t\t\t\t<a data-elementor-open-lightbox=\"yes\" data-elementor-lightbox-slideshow=\"6861649\" data-elementor-lightbox-title=\"LATERNENFEST PRIMER CICLO Instituto Alem\u00e1n Puerto Montt _0014_Brillo_contraste 14\" data-e-action-hash=\"#elementor-action%3Aaction%3Dlightbox%26settings%3DeyJpZCI6MzQxNDMsInVybCI6Imh0dHBzOlwvXC9pYWxlbWFuLmNsXC93cC1jb250ZW50XC91cGxvYWRzXC8yMDI0XC8wNlwvTEFURVJORU5GRVNULVBSSU1FUi1DSUNMTy1JbnN0aXR1dG8tQWxlbWFuLVB1ZXJ0by1Nb250dC1fMDAxNF9CcmlsbG9fY29udHJhc3RlLTE0LmpwZyIsInNsaWRlc2hvdyI6IjY4NjE2NDkifQ%3D%3D\" href='https:\/\/ialeman.cl\/wp-content\/uploads\/2024\/06\/LATERNENFEST-PRIMER-CICLO-Instituto-Aleman-Puerto-Montt-_0014_Brillo_contraste-14.jpg'><img loading=\"lazy\" decoding=\"async\" width=\"1200\" height=\"801\" src=\"https:\/\/ialeman.cl\/wp-content\/uploads\/2024\/06\/LATERNENFEST-PRIMER-CICLO-Instituto-Aleman-Puerto-Montt-_0014_Brillo_contraste-14.jpg\" class=\"attachment-full size-full\" alt=\"\" srcset=\"https:\/\/ialeman.cl\/wp-content\/uploads\/2024\/06\/LATERNENFEST-PRIMER-CICLO-Instituto-Aleman-Puerto-Montt-_0014_Brillo_contraste-14.jpg 1200w, https:\/\/ialeman.cl\/wp-content\/uploads\/2024\/06\/LATERNENFEST-PRIMER-CICLO-Instituto-Aleman-Puerto-Montt-_0014_Brillo_contraste-14-300x200.jpg 300w, https:\/\/ialeman.cl\/wp-content\/uploads\/2024\/06\/LATERNENFEST-PRIMER-CICLO-Instituto-Aleman-Puerto-Montt-_0014_Brillo_contraste-14-1024x684.jpg 1024w, https:\/\/ialeman.cl\/wp-content\/uploads\/2024\/06\/LATERNENFEST-PRIMER-CICLO-Instituto-Aleman-Puerto-Montt-_0014_Brillo_contraste-14-768x513.jpg 768w\" sizes=\"(max-width: 1200px) 100vw, 1200px\" \/><\/a>\n\t\t\t<\/div><\/figure><figure class='gallery-item'>\n\t\t\t<div class='gallery-icon landscape'>\n\t\t\t\t<a data-elementor-open-lightbox=\"yes\" data-elementor-lightbox-slideshow=\"6861649\" data-elementor-lightbox-title=\"LATERNENFEST PRIMER CICLO Instituto Alem\u00e1n Puerto Montt _0015_Brillo_contraste 15\" data-e-action-hash=\"#elementor-action%3Aaction%3Dlightbox%26settings%3DeyJpZCI6MzQxNDQsInVybCI6Imh0dHBzOlwvXC9pYWxlbWFuLmNsXC93cC1jb250ZW50XC91cGxvYWRzXC8yMDI0XC8wNlwvTEFURVJORU5GRVNULVBSSU1FUi1DSUNMTy1JbnN0aXR1dG8tQWxlbWFuLVB1ZXJ0by1Nb250dC1fMDAxNV9CcmlsbG9fY29udHJhc3RlLTE1LmpwZyIsInNsaWRlc2hvdyI6IjY4NjE2NDkifQ%3D%3D\" href='https:\/\/ialeman.cl\/wp-content\/uploads\/2024\/06\/LATERNENFEST-PRIMER-CICLO-Instituto-Aleman-Puerto-Montt-_0015_Brillo_contraste-15.jpg'><img loading=\"lazy\" decoding=\"async\" width=\"1200\" height=\"801\" src=\"https:\/\/ialeman.cl\/wp-content\/uploads\/2024\/06\/LATERNENFEST-PRIMER-CICLO-Instituto-Aleman-Puerto-Montt-_0015_Brillo_contraste-15.jpg\" class=\"attachment-full size-full\" alt=\"\" srcset=\"https:\/\/ialeman.cl\/wp-content\/uploads\/2024\/06\/LATERNENFEST-PRIMER-CICLO-Instituto-Aleman-Puerto-Montt-_0015_Brillo_contraste-15.jpg 1200w, https:\/\/ialeman.cl\/wp-content\/uploads\/2024\/06\/LATERNENFEST-PRIMER-CICLO-Instituto-Aleman-Puerto-Montt-_0015_Brillo_contraste-15-300x200.jpg 300w, https:\/\/ialeman.cl\/wp-content\/uploads\/2024\/06\/LATERNENFEST-PRIMER-CICLO-Instituto-Aleman-Puerto-Montt-_0015_Brillo_contraste-15-1024x684.jpg 1024w, https:\/\/ialeman.cl\/wp-content\/uploads\/2024\/06\/LATERNENFEST-PRIMER-CICLO-Instituto-Aleman-Puerto-Montt-_0015_Brillo_contraste-15-768x513.jpg 768w\" sizes=\"(max-width: 1200px) 100vw, 1200px\" \/><\/a>\n\t\t\t<\/div><\/figure><figure class='gallery-item'>\n\t\t\t<div class='gallery-icon landscape'>\n\t\t\t\t<a data-elementor-open-lightbox=\"yes\" data-elementor-lightbox-slideshow=\"6861649\" data-elementor-lightbox-title=\"LATERNENFEST PRIMER CICLO Instituto Alem\u00e1n Puerto Montt _0016_Brillo_contraste 16\" data-e-action-hash=\"#elementor-action%3Aaction%3Dlightbox%26settings%3DeyJpZCI6MzQxNDUsInVybCI6Imh0dHBzOlwvXC9pYWxlbWFuLmNsXC93cC1jb250ZW50XC91cGxvYWRzXC8yMDI0XC8wNlwvTEFURVJORU5GRVNULVBSSU1FUi1DSUNMTy1JbnN0aXR1dG8tQWxlbWFuLVB1ZXJ0by1Nb250dC1fMDAxNl9CcmlsbG9fY29udHJhc3RlLTE2LmpwZyIsInNsaWRlc2hvdyI6IjY4NjE2NDkifQ%3D%3D\" href='https:\/\/ialeman.cl\/wp-content\/uploads\/2024\/06\/LATERNENFEST-PRIMER-CICLO-Instituto-Aleman-Puerto-Montt-_0016_Brillo_contraste-16.jpg'><img loading=\"lazy\" decoding=\"async\" width=\"1200\" height=\"801\" src=\"https:\/\/ialeman.cl\/wp-content\/uploads\/2024\/06\/LATERNENFEST-PRIMER-CICLO-Instituto-Aleman-Puerto-Montt-_0016_Brillo_contraste-16.jpg\" class=\"attachment-full size-full\" alt=\"\" srcset=\"https:\/\/ialeman.cl\/wp-content\/uploads\/2024\/06\/LATERNENFEST-PRIMER-CICLO-Instituto-Aleman-Puerto-Montt-_0016_Brillo_contraste-16.jpg 1200w, https:\/\/ialeman.cl\/wp-content\/uploads\/2024\/06\/LATERNENFEST-PRIMER-CICLO-Instituto-Aleman-Puerto-Montt-_0016_Brillo_contraste-16-300x200.jpg 300w, https:\/\/ialeman.cl\/wp-content\/uploads\/2024\/06\/LATERNENFEST-PRIMER-CICLO-Instituto-Aleman-Puerto-Montt-_0016_Brillo_contraste-16-1024x684.jpg 1024w, https:\/\/ialeman.cl\/wp-content\/uploads\/2024\/06\/LATERNENFEST-PRIMER-CICLO-Instituto-Aleman-Puerto-Montt-_0016_Brillo_contraste-16-768x513.jpg 768w\" sizes=\"(max-width: 1200px) 100vw, 1200px\" \/><\/a>\n\t\t\t<\/div><\/figure><figure class='gallery-item'>\n\t\t\t<div class='gallery-icon landscape'>\n\t\t\t\t<a data-elementor-open-lightbox=\"yes\" data-elementor-lightbox-slideshow=\"6861649\" data-elementor-lightbox-title=\"LATERNENFEST PRIMER CICLO Instituto Alem\u00e1n Puerto Montt _0017_Brillo_contraste 17\" data-e-action-hash=\"#elementor-action%3Aaction%3Dlightbox%26settings%3DeyJpZCI6MzQxNDYsInVybCI6Imh0dHBzOlwvXC9pYWxlbWFuLmNsXC93cC1jb250ZW50XC91cGxvYWRzXC8yMDI0XC8wNlwvTEFURVJORU5GRVNULVBSSU1FUi1DSUNMTy1JbnN0aXR1dG8tQWxlbWFuLVB1ZXJ0by1Nb250dC1fMDAxN19CcmlsbG9fY29udHJhc3RlLTE3LmpwZyIsInNsaWRlc2hvdyI6IjY4NjE2NDkifQ%3D%3D\" href='https:\/\/ialeman.cl\/wp-content\/uploads\/2024\/06\/LATERNENFEST-PRIMER-CICLO-Instituto-Aleman-Puerto-Montt-_0017_Brillo_contraste-17.jpg'><img loading=\"lazy\" decoding=\"async\" width=\"1200\" height=\"801\" src=\"https:\/\/ialeman.cl\/wp-content\/uploads\/2024\/06\/LATERNENFEST-PRIMER-CICLO-Instituto-Aleman-Puerto-Montt-_0017_Brillo_contraste-17.jpg\" class=\"attachment-full size-full\" alt=\"\" srcset=\"https:\/\/ialeman.cl\/wp-content\/uploads\/2024\/06\/LATERNENFEST-PRIMER-CICLO-Instituto-Aleman-Puerto-Montt-_0017_Brillo_contraste-17.jpg 1200w, https:\/\/ialeman.cl\/wp-content\/uploads\/2024\/06\/LATERNENFEST-PRIMER-CICLO-Instituto-Aleman-Puerto-Montt-_0017_Brillo_contraste-17-300x200.jpg 300w, https:\/\/ialeman.cl\/wp-content\/uploads\/2024\/06\/LATERNENFEST-PRIMER-CICLO-Instituto-Aleman-Puerto-Montt-_0017_Brillo_contraste-17-1024x684.jpg 1024w, https:\/\/ialeman.cl\/wp-content\/uploads\/2024\/06\/LATERNENFEST-PRIMER-CICLO-Instituto-Aleman-Puerto-Montt-_0017_Brillo_contraste-17-768x513.jpg 768w\" sizes=\"(max-width: 1200px) 100vw, 1200px\" \/><\/a>\n\t\t\t<\/div><\/figure><figure class='gallery-item'>\n\t\t\t<div class='gallery-icon landscape'>\n\t\t\t\t<a data-elementor-open-lightbox=\"yes\" data-elementor-lightbox-slideshow=\"6861649\" data-elementor-lightbox-title=\"LATERNENFEST PRIMER CICLO Instituto Alem\u00e1n Puerto Montt _0018_Brillo_contraste 18\" data-e-action-hash=\"#elementor-action%3Aaction%3Dlightbox%26settings%3DeyJpZCI6MzQxNDcsInVybCI6Imh0dHBzOlwvXC9pYWxlbWFuLmNsXC93cC1jb250ZW50XC91cGxvYWRzXC8yMDI0XC8wNlwvTEFURVJORU5GRVNULVBSSU1FUi1DSUNMTy1JbnN0aXR1dG8tQWxlbWFuLVB1ZXJ0by1Nb250dC1fMDAxOF9CcmlsbG9fY29udHJhc3RlLTE4LmpwZyIsInNsaWRlc2hvdyI6IjY4NjE2NDkifQ%3D%3D\" href='https:\/\/ialeman.cl\/wp-content\/uploads\/2024\/06\/LATERNENFEST-PRIMER-CICLO-Instituto-Aleman-Puerto-Montt-_0018_Brillo_contraste-18.jpg'><img loading=\"lazy\" decoding=\"async\" width=\"1200\" height=\"801\" src=\"https:\/\/ialeman.cl\/wp-content\/uploads\/2024\/06\/LATERNENFEST-PRIMER-CICLO-Instituto-Aleman-Puerto-Montt-_0018_Brillo_contraste-18.jpg\" class=\"attachment-full size-full\" alt=\"\" srcset=\"https:\/\/ialeman.cl\/wp-content\/uploads\/2024\/06\/LATERNENFEST-PRIMER-CICLO-Instituto-Aleman-Puerto-Montt-_0018_Brillo_contraste-18.jpg 1200w, https:\/\/ialeman.cl\/wp-content\/uploads\/2024\/06\/LATERNENFEST-PRIMER-CICLO-Instituto-Aleman-Puerto-Montt-_0018_Brillo_contraste-18-300x200.jpg 300w, https:\/\/ialeman.cl\/wp-content\/uploads\/2024\/06\/LATERNENFEST-PRIMER-CICLO-Instituto-Aleman-Puerto-Montt-_0018_Brillo_contraste-18-1024x684.jpg 1024w, https:\/\/ialeman.cl\/wp-content\/uploads\/2024\/06\/LATERNENFEST-PRIMER-CICLO-Instituto-Aleman-Puerto-Montt-_0018_Brillo_contraste-18-768x513.jpg 768w\" sizes=\"(max-width: 1200px) 100vw, 1200px\" \/><\/a>\n\t\t\t<\/div><\/figure><figure class='gallery-item'>\n\t\t\t<div class='gallery-icon landscape'>\n\t\t\t\t<a data-elementor-open-lightbox=\"yes\" data-elementor-lightbox-slideshow=\"6861649\" data-elementor-lightbox-title=\"LATERNENFEST PRIMER CICLO Instituto Alem\u00e1n Puerto Montt _0019_Brillo_contraste 19\" data-e-action-hash=\"#elementor-action%3Aaction%3Dlightbox%26settings%3DeyJpZCI6MzQxNDgsInVybCI6Imh0dHBzOlwvXC9pYWxlbWFuLmNsXC93cC1jb250ZW50XC91cGxvYWRzXC8yMDI0XC8wNlwvTEFURVJORU5GRVNULVBSSU1FUi1DSUNMTy1JbnN0aXR1dG8tQWxlbWFuLVB1ZXJ0by1Nb250dC1fMDAxOV9CcmlsbG9fY29udHJhc3RlLTE5LmpwZyIsInNsaWRlc2hvdyI6IjY4NjE2NDkifQ%3D%3D\" href='https:\/\/ialeman.cl\/wp-content\/uploads\/2024\/06\/LATERNENFEST-PRIMER-CICLO-Instituto-Aleman-Puerto-Montt-_0019_Brillo_contraste-19.jpg'><img loading=\"lazy\" decoding=\"async\" width=\"1200\" height=\"801\" src=\"https:\/\/ialeman.cl\/wp-content\/uploads\/2024\/06\/LATERNENFEST-PRIMER-CICLO-Instituto-Aleman-Puerto-Montt-_0019_Brillo_contraste-19.jpg\" class=\"attachment-full size-full\" alt=\"\" srcset=\"https:\/\/ialeman.cl\/wp-content\/uploads\/2024\/06\/LATERNENFEST-PRIMER-CICLO-Instituto-Aleman-Puerto-Montt-_0019_Brillo_contraste-19.jpg 1200w, https:\/\/ialeman.cl\/wp-content\/uploads\/2024\/06\/LATERNENFEST-PRIMER-CICLO-Instituto-Aleman-Puerto-Montt-_0019_Brillo_contraste-19-300x200.jpg 300w, https:\/\/ialeman.cl\/wp-content\/uploads\/2024\/06\/LATERNENFEST-PRIMER-CICLO-Instituto-Aleman-Puerto-Montt-_0019_Brillo_contraste-19-1024x684.jpg 1024w, https:\/\/ialeman.cl\/wp-content\/uploads\/2024\/06\/LATERNENFEST-PRIMER-CICLO-Instituto-Aleman-Puerto-Montt-_0019_Brillo_contraste-19-768x513.jpg 768w\" sizes=\"(max-width: 1200px) 100vw, 1200px\" \/><\/a>\n\t\t\t<\/div><\/figure><figure class='gallery-item'>\n\t\t\t<div class='gallery-icon landscape'>\n\t\t\t\t<a data-elementor-open-lightbox=\"yes\" data-elementor-lightbox-slideshow=\"6861649\" data-elementor-lightbox-title=\"LATERNENFEST PRIMER CICLO Instituto Alem\u00e1n Puerto Montt _0020_Brillo_contraste 20\" data-e-action-hash=\"#elementor-action%3Aaction%3Dlightbox%26settings%3DeyJpZCI6MzQxNDksInVybCI6Imh0dHBzOlwvXC9pYWxlbWFuLmNsXC93cC1jb250ZW50XC91cGxvYWRzXC8yMDI0XC8wNlwvTEFURVJORU5GRVNULVBSSU1FUi1DSUNMTy1JbnN0aXR1dG8tQWxlbWFuLVB1ZXJ0by1Nb250dC1fMDAyMF9CcmlsbG9fY29udHJhc3RlLTIwLmpwZyIsInNsaWRlc2hvdyI6IjY4NjE2NDkifQ%3D%3D\" href='https:\/\/ialeman.cl\/wp-content\/uploads\/2024\/06\/LATERNENFEST-PRIMER-CICLO-Instituto-Aleman-Puerto-Montt-_0020_Brillo_contraste-20.jpg'><img loading=\"lazy\" decoding=\"async\" width=\"1200\" height=\"801\" src=\"https:\/\/ialeman.cl\/wp-content\/uploads\/2024\/06\/LATERNENFEST-PRIMER-CICLO-Instituto-Aleman-Puerto-Montt-_0020_Brillo_contraste-20.jpg\" class=\"attachment-full size-full\" alt=\"\" srcset=\"https:\/\/ialeman.cl\/wp-content\/uploads\/2024\/06\/LATERNENFEST-PRIMER-CICLO-Instituto-Aleman-Puerto-Montt-_0020_Brillo_contraste-20.jpg 1200w, https:\/\/ialeman.cl\/wp-content\/uploads\/2024\/06\/LATERNENFEST-PRIMER-CICLO-Instituto-Aleman-Puerto-Montt-_0020_Brillo_contraste-20-300x200.jpg 300w, https:\/\/ialeman.cl\/wp-content\/uploads\/2024\/06\/LATERNENFEST-PRIMER-CICLO-Instituto-Aleman-Puerto-Montt-_0020_Brillo_contraste-20-1024x684.jpg 1024w, https:\/\/ialeman.cl\/wp-content\/uploads\/2024\/06\/LATERNENFEST-PRIMER-CICLO-Instituto-Aleman-Puerto-Montt-_0020_Brillo_contraste-20-768x513.jpg 768w\" sizes=\"(max-width: 1200px) 100vw, 1200px\" \/><\/a>\n\t\t\t<\/div><\/figure><figure class='gallery-item'>\n\t\t\t<div class='gallery-icon landscape'>\n\t\t\t\t<a data-elementor-open-lightbox=\"yes\" data-elementor-lightbox-slideshow=\"6861649\" data-elementor-lightbox-title=\"LATERNENFEST PRIMER CICLO Instituto Alem\u00e1n Puerto Montt _0021_Brillo_contraste 21\" data-e-action-hash=\"#elementor-action%3Aaction%3Dlightbox%26settings%3DeyJpZCI6MzQxNTAsInVybCI6Imh0dHBzOlwvXC9pYWxlbWFuLmNsXC93cC1jb250ZW50XC91cGxvYWRzXC8yMDI0XC8wNlwvTEFURVJORU5GRVNULVBSSU1FUi1DSUNMTy1JbnN0aXR1dG8tQWxlbWFuLVB1ZXJ0by1Nb250dC1fMDAyMV9CcmlsbG9fY29udHJhc3RlLTIxLTEuanBnIiwic2xpZGVzaG93IjoiNjg2MTY0OSJ9\" href='https:\/\/ialeman.cl\/wp-content\/uploads\/2024\/06\/LATERNENFEST-PRIMER-CICLO-Instituto-Aleman-Puerto-Montt-_0021_Brillo_contraste-21-1.jpg'><img loading=\"lazy\" decoding=\"async\" width=\"1200\" height=\"801\" src=\"https:\/\/ialeman.cl\/wp-content\/uploads\/2024\/06\/LATERNENFEST-PRIMER-CICLO-Instituto-Aleman-Puerto-Montt-_0021_Brillo_contraste-21-1.jpg\" class=\"attachment-full size-full\" alt=\"\" srcset=\"https:\/\/ialeman.cl\/wp-content\/uploads\/2024\/06\/LATERNENFEST-PRIMER-CICLO-Instituto-Aleman-Puerto-Montt-_0021_Brillo_contraste-21-1.jpg 1200w, https:\/\/ialeman.cl\/wp-content\/uploads\/2024\/06\/LATERNENFEST-PRIMER-CICLO-Instituto-Aleman-Puerto-Montt-_0021_Brillo_contraste-21-1-300x200.jpg 300w, https:\/\/ialeman.cl\/wp-content\/uploads\/2024\/06\/LATERNENFEST-PRIMER-CICLO-Instituto-Aleman-Puerto-Montt-_0021_Brillo_contraste-21-1-1024x684.jpg 1024w, https:\/\/ialeman.cl\/wp-content\/uploads\/2024\/06\/LATERNENFEST-PRIMER-CICLO-Instituto-Aleman-Puerto-Montt-_0021_Brillo_contraste-21-1-768x513.jpg 768w\" sizes=\"(max-width: 1200px) 100vw, 1200px\" \/><\/a>\n\t\t\t<\/div><\/figure><figure class='gallery-item'>\n\t\t\t<div class='gallery-icon landscape'>\n\t\t\t\t<a data-elementor-open-lightbox=\"yes\" data-elementor-lightbox-slideshow=\"6861649\" data-elementor-lightbox-title=\"LATERNENFEST PRIMER CICLO Instituto Alem\u00e1n Puerto Montt _0022_Brillo_contraste 22\" data-e-action-hash=\"#elementor-action%3Aaction%3Dlightbox%26settings%3DeyJpZCI6MzQxNTEsInVybCI6Imh0dHBzOlwvXC9pYWxlbWFuLmNsXC93cC1jb250ZW50XC91cGxvYWRzXC8yMDI0XC8wNlwvTEFURVJORU5GRVNULVBSSU1FUi1DSUNMTy1JbnN0aXR1dG8tQWxlbWFuLVB1ZXJ0by1Nb250dC1fMDAyMl9CcmlsbG9fY29udHJhc3RlLTIyLmpwZyIsInNsaWRlc2hvdyI6IjY4NjE2NDkifQ%3D%3D\" href='https:\/\/ialeman.cl\/wp-content\/uploads\/2024\/06\/LATERNENFEST-PRIMER-CICLO-Instituto-Aleman-Puerto-Montt-_0022_Brillo_contraste-22.jpg'><img loading=\"lazy\" decoding=\"async\" width=\"1200\" height=\"801\" src=\"https:\/\/ialeman.cl\/wp-content\/uploads\/2024\/06\/LATERNENFEST-PRIMER-CICLO-Instituto-Aleman-Puerto-Montt-_0022_Brillo_contraste-22.jpg\" class=\"attachment-full size-full\" alt=\"\" srcset=\"https:\/\/ialeman.cl\/wp-content\/uploads\/2024\/06\/LATERNENFEST-PRIMER-CICLO-Instituto-Aleman-Puerto-Montt-_0022_Brillo_contraste-22.jpg 1200w, https:\/\/ialeman.cl\/wp-content\/uploads\/2024\/06\/LATERNENFEST-PRIMER-CICLO-Instituto-Aleman-Puerto-Montt-_0022_Brillo_contraste-22-300x200.jpg 300w, https:\/\/ialeman.cl\/wp-content\/uploads\/2024\/06\/LATERNENFEST-PRIMER-CICLO-Instituto-Aleman-Puerto-Montt-_0022_Brillo_contraste-22-1024x684.jpg 1024w, https:\/\/ialeman.cl\/wp-content\/uploads\/2024\/06\/LATERNENFEST-PRIMER-CICLO-Instituto-Aleman-Puerto-Montt-_0022_Brillo_contraste-22-768x513.jpg 768w\" sizes=\"(max-width: 1200px) 100vw, 1200px\" \/><\/a>\n\t\t\t<\/div><\/figure><figure class='gallery-item'>\n\t\t\t<div class='gallery-icon landscape'>\n\t\t\t\t<a data-elementor-open-lightbox=\"yes\" data-elementor-lightbox-slideshow=\"6861649\" data-elementor-lightbox-title=\"LATERNENFEST PRIMER CICLO Instituto Alem\u00e1n Puerto Montt _0023_Brillo_contraste 23\" data-e-action-hash=\"#elementor-action%3Aaction%3Dlightbox%26settings%3DeyJpZCI6MzQxNTIsInVybCI6Imh0dHBzOlwvXC9pYWxlbWFuLmNsXC93cC1jb250ZW50XC91cGxvYWRzXC8yMDI0XC8wNlwvTEFURVJORU5GRVNULVBSSU1FUi1DSUNMTy1JbnN0aXR1dG8tQWxlbWFuLVB1ZXJ0by1Nb250dC1fMDAyM19CcmlsbG9fY29udHJhc3RlLTIzLmpwZyIsInNsaWRlc2hvdyI6IjY4NjE2NDkifQ%3D%3D\" href='https:\/\/ialeman.cl\/wp-content\/uploads\/2024\/06\/LATERNENFEST-PRIMER-CICLO-Instituto-Aleman-Puerto-Montt-_0023_Brillo_contraste-23.jpg'><img loading=\"lazy\" decoding=\"async\" width=\"1200\" height=\"801\" src=\"https:\/\/ialeman.cl\/wp-content\/uploads\/2024\/06\/LATERNENFEST-PRIMER-CICLO-Instituto-Aleman-Puerto-Montt-_0023_Brillo_contraste-23.jpg\" class=\"attachment-full size-full\" alt=\"\" srcset=\"https:\/\/ialeman.cl\/wp-content\/uploads\/2024\/06\/LATERNENFEST-PRIMER-CICLO-Instituto-Aleman-Puerto-Montt-_0023_Brillo_contraste-23.jpg 1200w, https:\/\/ialeman.cl\/wp-content\/uploads\/2024\/06\/LATERNENFEST-PRIMER-CICLO-Instituto-Aleman-Puerto-Montt-_0023_Brillo_contraste-23-300x200.jpg 300w, https:\/\/ialeman.cl\/wp-content\/uploads\/2024\/06\/LATERNENFEST-PRIMER-CICLO-Instituto-Aleman-Puerto-Montt-_0023_Brillo_contraste-23-1024x684.jpg 1024w, https:\/\/ialeman.cl\/wp-content\/uploads\/2024\/06\/LATERNENFEST-PRIMER-CICLO-Instituto-Aleman-Puerto-Montt-_0023_Brillo_contraste-23-768x513.jpg 768w\" sizes=\"(max-width: 1200px) 100vw, 1200px\" \/><\/a>\n\t\t\t<\/div><\/figure><figure class='gallery-item'>\n\t\t\t<div class='gallery-icon landscape'>\n\t\t\t\t<a data-elementor-open-lightbox=\"yes\" data-elementor-lightbox-slideshow=\"6861649\" data-elementor-lightbox-title=\"LATERNENFEST PRIMER CICLO Instituto Alem\u00e1n Puerto Montt _0024_Brillo_contraste 24\" data-e-action-hash=\"#elementor-action%3Aaction%3Dlightbox%26settings%3DeyJpZCI6MzQxNTMsInVybCI6Imh0dHBzOlwvXC9pYWxlbWFuLmNsXC93cC1jb250ZW50XC91cGxvYWRzXC8yMDI0XC8wNlwvTEFURVJORU5GRVNULVBSSU1FUi1DSUNMTy1JbnN0aXR1dG8tQWxlbWFuLVB1ZXJ0by1Nb250dC1fMDAyNF9CcmlsbG9fY29udHJhc3RlLTI0LmpwZyIsInNsaWRlc2hvdyI6IjY4NjE2NDkifQ%3D%3D\" href='https:\/\/ialeman.cl\/wp-content\/uploads\/2024\/06\/LATERNENFEST-PRIMER-CICLO-Instituto-Aleman-Puerto-Montt-_0024_Brillo_contraste-24.jpg'><img loading=\"lazy\" decoding=\"async\" width=\"1200\" height=\"801\" src=\"https:\/\/ialeman.cl\/wp-content\/uploads\/2024\/06\/LATERNENFEST-PRIMER-CICLO-Instituto-Aleman-Puerto-Montt-_0024_Brillo_contraste-24.jpg\" class=\"attachment-full size-full\" alt=\"\" srcset=\"https:\/\/ialeman.cl\/wp-content\/uploads\/2024\/06\/LATERNENFEST-PRIMER-CICLO-Instituto-Aleman-Puerto-Montt-_0024_Brillo_contraste-24.jpg 1200w, https:\/\/ialeman.cl\/wp-content\/uploads\/2024\/06\/LATERNENFEST-PRIMER-CICLO-Instituto-Aleman-Puerto-Montt-_0024_Brillo_contraste-24-300x200.jpg 300w, https:\/\/ialeman.cl\/wp-content\/uploads\/2024\/06\/LATERNENFEST-PRIMER-CICLO-Instituto-Aleman-Puerto-Montt-_0024_Brillo_contraste-24-1024x684.jpg 1024w, https:\/\/ialeman.cl\/wp-content\/uploads\/2024\/06\/LATERNENFEST-PRIMER-CICLO-Instituto-Aleman-Puerto-Montt-_0024_Brillo_contraste-24-768x513.jpg 768w\" sizes=\"(max-width: 1200px) 100vw, 1200px\" \/><\/a>\n\t\t\t<\/div><\/figure><figure class='gallery-item'>\n\t\t\t<div class='gallery-icon landscape'>\n\t\t\t\t<a data-elementor-open-lightbox=\"yes\" data-elementor-lightbox-slideshow=\"6861649\" data-elementor-lightbox-title=\"LATERNENFEST PRIMER CICLO Instituto Alem\u00e1n Puerto Montt _0025_Brillo_contraste 25\" data-e-action-hash=\"#elementor-action%3Aaction%3Dlightbox%26settings%3DeyJpZCI6MzQxNTQsInVybCI6Imh0dHBzOlwvXC9pYWxlbWFuLmNsXC93cC1jb250ZW50XC91cGxvYWRzXC8yMDI0XC8wNlwvTEFURVJORU5GRVNULVBSSU1FUi1DSUNMTy1JbnN0aXR1dG8tQWxlbWFuLVB1ZXJ0by1Nb250dC1fMDAyNV9CcmlsbG9fY29udHJhc3RlLTI1LmpwZyIsInNsaWRlc2hvdyI6IjY4NjE2NDkifQ%3D%3D\" href='https:\/\/ialeman.cl\/wp-content\/uploads\/2024\/06\/LATERNENFEST-PRIMER-CICLO-Instituto-Aleman-Puerto-Montt-_0025_Brillo_contraste-25.jpg'><img loading=\"lazy\" decoding=\"async\" width=\"1200\" height=\"801\" src=\"https:\/\/ialeman.cl\/wp-content\/uploads\/2024\/06\/LATERNENFEST-PRIMER-CICLO-Instituto-Aleman-Puerto-Montt-_0025_Brillo_contraste-25.jpg\" class=\"attachment-full size-full\" alt=\"\" srcset=\"https:\/\/ialeman.cl\/wp-content\/uploads\/2024\/06\/LATERNENFEST-PRIMER-CICLO-Instituto-Aleman-Puerto-Montt-_0025_Brillo_contraste-25.jpg 1200w, https:\/\/ialeman.cl\/wp-content\/uploads\/2024\/06\/LATERNENFEST-PRIMER-CICLO-Instituto-Aleman-Puerto-Montt-_0025_Brillo_contraste-25-300x200.jpg 300w, https:\/\/ialeman.cl\/wp-content\/uploads\/2024\/06\/LATERNENFEST-PRIMER-CICLO-Instituto-Aleman-Puerto-Montt-_0025_Brillo_contraste-25-1024x684.jpg 1024w, https:\/\/ialeman.cl\/wp-content\/uploads\/2024\/06\/LATERNENFEST-PRIMER-CICLO-Instituto-Aleman-Puerto-Montt-_0025_Brillo_contraste-25-768x513.jpg 768w\" sizes=\"(max-width: 1200px) 100vw, 1200px\" \/><\/a>\n\t\t\t<\/div><\/figure><figure class='gallery-item'>\n\t\t\t<div class='gallery-icon landscape'>\n\t\t\t\t<a data-elementor-open-lightbox=\"yes\" data-elementor-lightbox-slideshow=\"6861649\" data-elementor-lightbox-title=\"LATERNENFEST PRIMER CICLO Instituto Alem\u00e1n Puerto Montt _0026_Brillo_contraste 26\" data-e-action-hash=\"#elementor-action%3Aaction%3Dlightbox%26settings%3DeyJpZCI6MzQxNTUsInVybCI6Imh0dHBzOlwvXC9pYWxlbWFuLmNsXC93cC1jb250ZW50XC91cGxvYWRzXC8yMDI0XC8wNlwvTEFURVJORU5GRVNULVBSSU1FUi1DSUNMTy1JbnN0aXR1dG8tQWxlbWFuLVB1ZXJ0by1Nb250dC1fMDAyNl9CcmlsbG9fY29udHJhc3RlLTI2LmpwZyIsInNsaWRlc2hvdyI6IjY4NjE2NDkifQ%3D%3D\" href='https:\/\/ialeman.cl\/wp-content\/uploads\/2024\/06\/LATERNENFEST-PRIMER-CICLO-Instituto-Aleman-Puerto-Montt-_0026_Brillo_contraste-26.jpg'><img loading=\"lazy\" decoding=\"async\" width=\"1200\" height=\"801\" src=\"https:\/\/ialeman.cl\/wp-content\/uploads\/2024\/06\/LATERNENFEST-PRIMER-CICLO-Instituto-Aleman-Puerto-Montt-_0026_Brillo_contraste-26.jpg\" class=\"attachment-full size-full\" alt=\"\" srcset=\"https:\/\/ialeman.cl\/wp-content\/uploads\/2024\/06\/LATERNENFEST-PRIMER-CICLO-Instituto-Aleman-Puerto-Montt-_0026_Brillo_contraste-26.jpg 1200w, https:\/\/ialeman.cl\/wp-content\/uploads\/2024\/06\/LATERNENFEST-PRIMER-CICLO-Instituto-Aleman-Puerto-Montt-_0026_Brillo_contraste-26-300x200.jpg 300w, https:\/\/ialeman.cl\/wp-content\/uploads\/2024\/06\/LATERNENFEST-PRIMER-CICLO-Instituto-Aleman-Puerto-Montt-_0026_Brillo_contraste-26-1024x684.jpg 1024w, https:\/\/ialeman.cl\/wp-content\/uploads\/2024\/06\/LATERNENFEST-PRIMER-CICLO-Instituto-Aleman-Puerto-Montt-_0026_Brillo_contraste-26-768x513.jpg 768w\" sizes=\"(max-width: 1200px) 100vw, 1200px\" \/><\/a>\n\t\t\t<\/div><\/figure><figure class='gallery-item'>\n\t\t\t<div class='gallery-icon landscape'>\n\t\t\t\t<a data-elementor-open-lightbox=\"yes\" data-elementor-lightbox-slideshow=\"6861649\" data-elementor-lightbox-title=\"LATERNENFEST PRIMER CICLO Instituto Alem\u00e1n Puerto Montt _0027_Brillo_contraste 27\" data-e-action-hash=\"#elementor-action%3Aaction%3Dlightbox%26settings%3DeyJpZCI6MzQxNTYsInVybCI6Imh0dHBzOlwvXC9pYWxlbWFuLmNsXC93cC1jb250ZW50XC91cGxvYWRzXC8yMDI0XC8wNlwvTEFURVJORU5GRVNULVBSSU1FUi1DSUNMTy1JbnN0aXR1dG8tQWxlbWFuLVB1ZXJ0by1Nb250dC1fMDAyN19CcmlsbG9fY29udHJhc3RlLTI3LmpwZyIsInNsaWRlc2hvdyI6IjY4NjE2NDkifQ%3D%3D\" href='https:\/\/ialeman.cl\/wp-content\/uploads\/2024\/06\/LATERNENFEST-PRIMER-CICLO-Instituto-Aleman-Puerto-Montt-_0027_Brillo_contraste-27.jpg'><img loading=\"lazy\" decoding=\"async\" width=\"1200\" height=\"801\" src=\"https:\/\/ialeman.cl\/wp-content\/uploads\/2024\/06\/LATERNENFEST-PRIMER-CICLO-Instituto-Aleman-Puerto-Montt-_0027_Brillo_contraste-27.jpg\" class=\"attachment-full size-full\" alt=\"\" srcset=\"https:\/\/ialeman.cl\/wp-content\/uploads\/2024\/06\/LATERNENFEST-PRIMER-CICLO-Instituto-Aleman-Puerto-Montt-_0027_Brillo_contraste-27.jpg 1200w, https:\/\/ialeman.cl\/wp-content\/uploads\/2024\/06\/LATERNENFEST-PRIMER-CICLO-Instituto-Aleman-Puerto-Montt-_0027_Brillo_contraste-27-300x200.jpg 300w, https:\/\/ialeman.cl\/wp-content\/uploads\/2024\/06\/LATERNENFEST-PRIMER-CICLO-Instituto-Aleman-Puerto-Montt-_0027_Brillo_contraste-27-1024x684.jpg 1024w, https:\/\/ialeman.cl\/wp-content\/uploads\/2024\/06\/LATERNENFEST-PRIMER-CICLO-Instituto-Aleman-Puerto-Montt-_0027_Brillo_contraste-27-768x513.jpg 768w\" sizes=\"(max-width: 1200px) 100vw, 1200px\" \/><\/a>\n\t\t\t<\/div><\/figure><figure class='gallery-item'>\n\t\t\t<div class='gallery-icon landscape'>\n\t\t\t\t<a data-elementor-open-lightbox=\"yes\" data-elementor-lightbox-slideshow=\"6861649\" data-elementor-lightbox-title=\"LATERNENFEST PRIMER CICLO Instituto Alem\u00e1n Puerto Montt _0028_Brillo_contraste 28\" data-e-action-hash=\"#elementor-action%3Aaction%3Dlightbox%26settings%3DeyJpZCI6MzQxNTcsInVybCI6Imh0dHBzOlwvXC9pYWxlbWFuLmNsXC93cC1jb250ZW50XC91cGxvYWRzXC8yMDI0XC8wNlwvTEFURVJORU5GRVNULVBSSU1FUi1DSUNMTy1JbnN0aXR1dG8tQWxlbWFuLVB1ZXJ0by1Nb250dC1fMDAyOF9CcmlsbG9fY29udHJhc3RlLTI4LmpwZyIsInNsaWRlc2hvdyI6IjY4NjE2NDkifQ%3D%3D\" href='https:\/\/ialeman.cl\/wp-content\/uploads\/2024\/06\/LATERNENFEST-PRIMER-CICLO-Instituto-Aleman-Puerto-Montt-_0028_Brillo_contraste-28.jpg'><img loading=\"lazy\" decoding=\"async\" width=\"1200\" height=\"801\" src=\"https:\/\/ialeman.cl\/wp-content\/uploads\/2024\/06\/LATERNENFEST-PRIMER-CICLO-Instituto-Aleman-Puerto-Montt-_0028_Brillo_contraste-28.jpg\" class=\"attachment-full size-full\" alt=\"\" srcset=\"https:\/\/ialeman.cl\/wp-content\/uploads\/2024\/06\/LATERNENFEST-PRIMER-CICLO-Instituto-Aleman-Puerto-Montt-_0028_Brillo_contraste-28.jpg 1200w, https:\/\/ialeman.cl\/wp-content\/uploads\/2024\/06\/LATERNENFEST-PRIMER-CICLO-Instituto-Aleman-Puerto-Montt-_0028_Brillo_contraste-28-300x200.jpg 300w, https:\/\/ialeman.cl\/wp-content\/uploads\/2024\/06\/LATERNENFEST-PRIMER-CICLO-Instituto-Aleman-Puerto-Montt-_0028_Brillo_contraste-28-1024x684.jpg 1024w, https:\/\/ialeman.cl\/wp-content\/uploads\/2024\/06\/LATERNENFEST-PRIMER-CICLO-Instituto-Aleman-Puerto-Montt-_0028_Brillo_contraste-28-768x513.jpg 768w\" sizes=\"(max-width: 1200px) 100vw, 1200px\" \/><\/a>\n\t\t\t<\/div><\/figure><figure class='gallery-item'>\n\t\t\t<div class='gallery-icon landscape'>\n\t\t\t\t<a data-elementor-open-lightbox=\"yes\" data-elementor-lightbox-slideshow=\"6861649\" data-elementor-lightbox-title=\"LATERNENFEST PRIMER CICLO Instituto Alem\u00e1n Puerto Montt _0029_Brillo_contraste 29\" data-e-action-hash=\"#elementor-action%3Aaction%3Dlightbox%26settings%3DeyJpZCI6MzQxNTgsInVybCI6Imh0dHBzOlwvXC9pYWxlbWFuLmNsXC93cC1jb250ZW50XC91cGxvYWRzXC8yMDI0XC8wNlwvTEFURVJORU5GRVNULVBSSU1FUi1DSUNMTy1JbnN0aXR1dG8tQWxlbWFuLVB1ZXJ0by1Nb250dC1fMDAyOV9CcmlsbG9fY29udHJhc3RlLTI5LmpwZyIsInNsaWRlc2hvdyI6IjY4NjE2NDkifQ%3D%3D\" href='https:\/\/ialeman.cl\/wp-content\/uploads\/2024\/06\/LATERNENFEST-PRIMER-CICLO-Instituto-Aleman-Puerto-Montt-_0029_Brillo_contraste-29.jpg'><img loading=\"lazy\" decoding=\"async\" width=\"1200\" height=\"801\" src=\"https:\/\/ialeman.cl\/wp-content\/uploads\/2024\/06\/LATERNENFEST-PRIMER-CICLO-Instituto-Aleman-Puerto-Montt-_0029_Brillo_contraste-29.jpg\" class=\"attachment-full size-full\" alt=\"\" srcset=\"https:\/\/ialeman.cl\/wp-content\/uploads\/2024\/06\/LATERNENFEST-PRIMER-CICLO-Instituto-Aleman-Puerto-Montt-_0029_Brillo_contraste-29.jpg 1200w, https:\/\/ialeman.cl\/wp-content\/uploads\/2024\/06\/LATERNENFEST-PRIMER-CICLO-Instituto-Aleman-Puerto-Montt-_0029_Brillo_contraste-29-300x200.jpg 300w, https:\/\/ialeman.cl\/wp-content\/uploads\/2024\/06\/LATERNENFEST-PRIMER-CICLO-Instituto-Aleman-Puerto-Montt-_0029_Brillo_contraste-29-1024x684.jpg 1024w, https:\/\/ialeman.cl\/wp-content\/uploads\/2024\/06\/LATERNENFEST-PRIMER-CICLO-Instituto-Aleman-Puerto-Montt-_0029_Brillo_contraste-29-768x513.jpg 768w\" sizes=\"(max-width: 1200px) 100vw, 1200px\" \/><\/a>\n\t\t\t<\/div><\/figure><figure class='gallery-item'>\n\t\t\t<div class='gallery-icon landscape'>\n\t\t\t\t<a data-elementor-open-lightbox=\"yes\" data-elementor-lightbox-slideshow=\"6861649\" data-elementor-lightbox-title=\"LATERNENFEST PRIMER CICLO Instituto Alem\u00e1n Puerto Montt _0030_Brillo_contraste 30\" data-e-action-hash=\"#elementor-action%3Aaction%3Dlightbox%26settings%3DeyJpZCI6MzQxNTksInVybCI6Imh0dHBzOlwvXC9pYWxlbWFuLmNsXC93cC1jb250ZW50XC91cGxvYWRzXC8yMDI0XC8wNlwvTEFURVJORU5GRVNULVBSSU1FUi1DSUNMTy1JbnN0aXR1dG8tQWxlbWFuLVB1ZXJ0by1Nb250dC1fMDAzMF9CcmlsbG9fY29udHJhc3RlLTMwLmpwZyIsInNsaWRlc2hvdyI6IjY4NjE2NDkifQ%3D%3D\" href='https:\/\/ialeman.cl\/wp-content\/uploads\/2024\/06\/LATERNENFEST-PRIMER-CICLO-Instituto-Aleman-Puerto-Montt-_0030_Brillo_contraste-30.jpg'><img loading=\"lazy\" decoding=\"async\" width=\"1200\" height=\"801\" src=\"https:\/\/ialeman.cl\/wp-content\/uploads\/2024\/06\/LATERNENFEST-PRIMER-CICLO-Instituto-Aleman-Puerto-Montt-_0030_Brillo_contraste-30.jpg\" class=\"attachment-full size-full\" alt=\"\" srcset=\"https:\/\/ialeman.cl\/wp-content\/uploads\/2024\/06\/LATERNENFEST-PRIMER-CICLO-Instituto-Aleman-Puerto-Montt-_0030_Brillo_contraste-30.jpg 1200w, https:\/\/ialeman.cl\/wp-content\/uploads\/2024\/06\/LATERNENFEST-PRIMER-CICLO-Instituto-Aleman-Puerto-Montt-_0030_Brillo_contraste-30-300x200.jpg 300w, https:\/\/ialeman.cl\/wp-content\/uploads\/2024\/06\/LATERNENFEST-PRIMER-CICLO-Instituto-Aleman-Puerto-Montt-_0030_Brillo_contraste-30-1024x684.jpg 1024w, https:\/\/ialeman.cl\/wp-content\/uploads\/2024\/06\/LATERNENFEST-PRIMER-CICLO-Instituto-Aleman-Puerto-Montt-_0030_Brillo_contraste-30-768x513.jpg 768w\" sizes=\"(max-width: 1200px) 100vw, 1200px\" \/><\/a>\n\t\t\t<\/div><\/figure><figure class='gallery-item'>\n\t\t\t<div class='gallery-icon landscape'>\n\t\t\t\t<a data-elementor-open-lightbox=\"yes\" data-elementor-lightbox-slideshow=\"6861649\" data-elementor-lightbox-title=\"LATERNENFEST PRIMER CICLO Instituto Alem\u00e1n Puerto Montt _0031_Brillo_contraste 31\" data-e-action-hash=\"#elementor-action%3Aaction%3Dlightbox%26settings%3DeyJpZCI6MzQxNjAsInVybCI6Imh0dHBzOlwvXC9pYWxlbWFuLmNsXC93cC1jb250ZW50XC91cGxvYWRzXC8yMDI0XC8wNlwvTEFURVJORU5GRVNULVBSSU1FUi1DSUNMTy1JbnN0aXR1dG8tQWxlbWFuLVB1ZXJ0by1Nb250dC1fMDAzMV9CcmlsbG9fY29udHJhc3RlLTMxLmpwZyIsInNsaWRlc2hvdyI6IjY4NjE2NDkifQ%3D%3D\" href='https:\/\/ialeman.cl\/wp-content\/uploads\/2024\/06\/LATERNENFEST-PRIMER-CICLO-Instituto-Aleman-Puerto-Montt-_0031_Brillo_contraste-31.jpg'><img loading=\"lazy\" decoding=\"async\" width=\"1200\" height=\"801\" src=\"https:\/\/ialeman.cl\/wp-content\/uploads\/2024\/06\/LATERNENFEST-PRIMER-CICLO-Instituto-Aleman-Puerto-Montt-_0031_Brillo_contraste-31.jpg\" class=\"attachment-full size-full\" alt=\"\" srcset=\"https:\/\/ialeman.cl\/wp-content\/uploads\/2024\/06\/LATERNENFEST-PRIMER-CICLO-Instituto-Aleman-Puerto-Montt-_0031_Brillo_contraste-31.jpg 1200w, https:\/\/ialeman.cl\/wp-content\/uploads\/2024\/06\/LATERNENFEST-PRIMER-CICLO-Instituto-Aleman-Puerto-Montt-_0031_Brillo_contraste-31-300x200.jpg 300w, https:\/\/ialeman.cl\/wp-content\/uploads\/2024\/06\/LATERNENFEST-PRIMER-CICLO-Instituto-Aleman-Puerto-Montt-_0031_Brillo_contraste-31-1024x684.jpg 1024w, https:\/\/ialeman.cl\/wp-content\/uploads\/2024\/06\/LATERNENFEST-PRIMER-CICLO-Instituto-Aleman-Puerto-Montt-_0031_Brillo_contraste-31-768x513.jpg 768w\" sizes=\"(max-width: 1200px) 100vw, 1200px\" \/><\/a>\n\t\t\t<\/div><\/figure><figure class='gallery-item'>\n\t\t\t<div class='gallery-icon landscape'>\n\t\t\t\t<a data-elementor-open-lightbox=\"yes\" data-elementor-lightbox-slideshow=\"6861649\" data-elementor-lightbox-title=\"LATERNENFEST PRIMER CICLO Instituto Alem\u00e1n Puerto Montt _0032_Brillo_contraste 32\" data-e-action-hash=\"#elementor-action%3Aaction%3Dlightbox%26settings%3DeyJpZCI6MzQxNjEsInVybCI6Imh0dHBzOlwvXC9pYWxlbWFuLmNsXC93cC1jb250ZW50XC91cGxvYWRzXC8yMDI0XC8wNlwvTEFURVJORU5GRVNULVBSSU1FUi1DSUNMTy1JbnN0aXR1dG8tQWxlbWFuLVB1ZXJ0by1Nb250dC1fMDAzMl9CcmlsbG9fY29udHJhc3RlLTMyLmpwZyIsInNsaWRlc2hvdyI6IjY4NjE2NDkifQ%3D%3D\" href='https:\/\/ialeman.cl\/wp-content\/uploads\/2024\/06\/LATERNENFEST-PRIMER-CICLO-Instituto-Aleman-Puerto-Montt-_0032_Brillo_contraste-32.jpg'><img loading=\"lazy\" decoding=\"async\" width=\"1200\" height=\"801\" src=\"https:\/\/ialeman.cl\/wp-content\/uploads\/2024\/06\/LATERNENFEST-PRIMER-CICLO-Instituto-Aleman-Puerto-Montt-_0032_Brillo_contraste-32.jpg\" class=\"attachment-full size-full\" alt=\"\" srcset=\"https:\/\/ialeman.cl\/wp-content\/uploads\/2024\/06\/LATERNENFEST-PRIMER-CICLO-Instituto-Aleman-Puerto-Montt-_0032_Brillo_contraste-32.jpg 1200w, https:\/\/ialeman.cl\/wp-content\/uploads\/2024\/06\/LATERNENFEST-PRIMER-CICLO-Instituto-Aleman-Puerto-Montt-_0032_Brillo_contraste-32-300x200.jpg 300w, https:\/\/ialeman.cl\/wp-content\/uploads\/2024\/06\/LATERNENFEST-PRIMER-CICLO-Instituto-Aleman-Puerto-Montt-_0032_Brillo_contraste-32-1024x684.jpg 1024w, https:\/\/ialeman.cl\/wp-content\/uploads\/2024\/06\/LATERNENFEST-PRIMER-CICLO-Instituto-Aleman-Puerto-Montt-_0032_Brillo_contraste-32-768x513.jpg 768w\" sizes=\"(max-width: 1200px) 100vw, 1200px\" \/><\/a>\n\t\t\t<\/div><\/figure><figure class='gallery-item'>\n\t\t\t<div class='gallery-icon landscape'>\n\t\t\t\t<a data-elementor-open-lightbox=\"yes\" data-elementor-lightbox-slideshow=\"6861649\" data-elementor-lightbox-title=\"LATERNENFEST PRIMER CICLO Instituto Alem\u00e1n Puerto Montt _0033_Brillo_contraste 33\" data-e-action-hash=\"#elementor-action%3Aaction%3Dlightbox%26settings%3DeyJpZCI6MzQxNjIsInVybCI6Imh0dHBzOlwvXC9pYWxlbWFuLmNsXC93cC1jb250ZW50XC91cGxvYWRzXC8yMDI0XC8wNlwvTEFURVJORU5GRVNULVBSSU1FUi1DSUNMTy1JbnN0aXR1dG8tQWxlbWFuLVB1ZXJ0by1Nb250dC1fMDAzM19CcmlsbG9fY29udHJhc3RlLTMzLmpwZyIsInNsaWRlc2hvdyI6IjY4NjE2NDkifQ%3D%3D\" href='https:\/\/ialeman.cl\/wp-content\/uploads\/2024\/06\/LATERNENFEST-PRIMER-CICLO-Instituto-Aleman-Puerto-Montt-_0033_Brillo_contraste-33.jpg'><img loading=\"lazy\" decoding=\"async\" width=\"1200\" height=\"801\" src=\"https:\/\/ialeman.cl\/wp-content\/uploads\/2024\/06\/LATERNENFEST-PRIMER-CICLO-Instituto-Aleman-Puerto-Montt-_0033_Brillo_contraste-33.jpg\" class=\"attachment-full size-full\" alt=\"\" srcset=\"https:\/\/ialeman.cl\/wp-content\/uploads\/2024\/06\/LATERNENFEST-PRIMER-CICLO-Instituto-Aleman-Puerto-Montt-_0033_Brillo_contraste-33.jpg 1200w, https:\/\/ialeman.cl\/wp-content\/uploads\/2024\/06\/LATERNENFEST-PRIMER-CICLO-Instituto-Aleman-Puerto-Montt-_0033_Brillo_contraste-33-300x200.jpg 300w, https:\/\/ialeman.cl\/wp-content\/uploads\/2024\/06\/LATERNENFEST-PRIMER-CICLO-Instituto-Aleman-Puerto-Montt-_0033_Brillo_contraste-33-1024x684.jpg 1024w, https:\/\/ialeman.cl\/wp-content\/uploads\/2024\/06\/LATERNENFEST-PRIMER-CICLO-Instituto-Aleman-Puerto-Montt-_0033_Brillo_contraste-33-768x513.jpg 768w\" sizes=\"(max-width: 1200px) 100vw, 1200px\" \/><\/a>\n\t\t\t<\/div><\/figure><figure class='gallery-item'>\n\t\t\t<div class='gallery-icon landscape'>\n\t\t\t\t<a data-elementor-open-lightbox=\"yes\" data-elementor-lightbox-slideshow=\"6861649\" data-elementor-lightbox-title=\"LATERNENFEST PRIMER CICLO Instituto Alem\u00e1n Puerto Montt _0034_Brillo_contraste 34\" data-e-action-hash=\"#elementor-action%3Aaction%3Dlightbox%26settings%3DeyJpZCI6MzQxNjMsInVybCI6Imh0dHBzOlwvXC9pYWxlbWFuLmNsXC93cC1jb250ZW50XC91cGxvYWRzXC8yMDI0XC8wNlwvTEFURVJORU5GRVNULVBSSU1FUi1DSUNMTy1JbnN0aXR1dG8tQWxlbWFuLVB1ZXJ0by1Nb250dC1fMDAzNF9CcmlsbG9fY29udHJhc3RlLTM0LmpwZyIsInNsaWRlc2hvdyI6IjY4NjE2NDkifQ%3D%3D\" href='https:\/\/ialeman.cl\/wp-content\/uploads\/2024\/06\/LATERNENFEST-PRIMER-CICLO-Instituto-Aleman-Puerto-Montt-_0034_Brillo_contraste-34.jpg'><img loading=\"lazy\" decoding=\"async\" width=\"1200\" height=\"801\" src=\"https:\/\/ialeman.cl\/wp-content\/uploads\/2024\/06\/LATERNENFEST-PRIMER-CICLO-Instituto-Aleman-Puerto-Montt-_0034_Brillo_contraste-34.jpg\" class=\"attachment-full size-full\" alt=\"\" srcset=\"https:\/\/ialeman.cl\/wp-content\/uploads\/2024\/06\/LATERNENFEST-PRIMER-CICLO-Instituto-Aleman-Puerto-Montt-_0034_Brillo_contraste-34.jpg 1200w, https:\/\/ialeman.cl\/wp-content\/uploads\/2024\/06\/LATERNENFEST-PRIMER-CICLO-Instituto-Aleman-Puerto-Montt-_0034_Brillo_contraste-34-300x200.jpg 300w, https:\/\/ialeman.cl\/wp-content\/uploads\/2024\/06\/LATERNENFEST-PRIMER-CICLO-Instituto-Aleman-Puerto-Montt-_0034_Brillo_contraste-34-1024x684.jpg 1024w, https:\/\/ialeman.cl\/wp-content\/uploads\/2024\/06\/LATERNENFEST-PRIMER-CICLO-Instituto-Aleman-Puerto-Montt-_0034_Brillo_contraste-34-768x513.jpg 768w\" sizes=\"(max-width: 1200px) 100vw, 1200px\" \/><\/a>\n\t\t\t<\/div><\/figure><figure class='gallery-item'>\n\t\t\t<div class='gallery-icon landscape'>\n\t\t\t\t<a data-elementor-open-lightbox=\"yes\" data-elementor-lightbox-slideshow=\"6861649\" data-elementor-lightbox-title=\"LATERNENFEST PRIMER CICLO Instituto Alem\u00e1n Puerto Montt _0035_Brillo_contraste 35\" data-e-action-hash=\"#elementor-action%3Aaction%3Dlightbox%26settings%3DeyJpZCI6MzQxNjQsInVybCI6Imh0dHBzOlwvXC9pYWxlbWFuLmNsXC93cC1jb250ZW50XC91cGxvYWRzXC8yMDI0XC8wNlwvTEFURVJORU5GRVNULVBSSU1FUi1DSUNMTy1JbnN0aXR1dG8tQWxlbWFuLVB1ZXJ0by1Nb250dC1fMDAzNV9CcmlsbG9fY29udHJhc3RlLTM1LmpwZyIsInNsaWRlc2hvdyI6IjY4NjE2NDkifQ%3D%3D\" href='https:\/\/ialeman.cl\/wp-content\/uploads\/2024\/06\/LATERNENFEST-PRIMER-CICLO-Instituto-Aleman-Puerto-Montt-_0035_Brillo_contraste-35.jpg'><img loading=\"lazy\" decoding=\"async\" width=\"1200\" height=\"801\" src=\"https:\/\/ialeman.cl\/wp-content\/uploads\/2024\/06\/LATERNENFEST-PRIMER-CICLO-Instituto-Aleman-Puerto-Montt-_0035_Brillo_contraste-35.jpg\" class=\"attachment-full size-full\" alt=\"\" srcset=\"https:\/\/ialeman.cl\/wp-content\/uploads\/2024\/06\/LATERNENFEST-PRIMER-CICLO-Instituto-Aleman-Puerto-Montt-_0035_Brillo_contraste-35.jpg 1200w, https:\/\/ialeman.cl\/wp-content\/uploads\/2024\/06\/LATERNENFEST-PRIMER-CICLO-Instituto-Aleman-Puerto-Montt-_0035_Brillo_contraste-35-300x200.jpg 300w, https:\/\/ialeman.cl\/wp-content\/uploads\/2024\/06\/LATERNENFEST-PRIMER-CICLO-Instituto-Aleman-Puerto-Montt-_0035_Brillo_contraste-35-1024x684.jpg 1024w, https:\/\/ialeman.cl\/wp-content\/uploads\/2024\/06\/LATERNENFEST-PRIMER-CICLO-Instituto-Aleman-Puerto-Montt-_0035_Brillo_contraste-35-768x513.jpg 768w\" sizes=\"(max-width: 1200px) 100vw, 1200px\" \/><\/a>\n\t\t\t<\/div><\/figure><figure class='gallery-item'>\n\t\t\t<div class='gallery-icon landscape'>\n\t\t\t\t<a data-elementor-open-lightbox=\"yes\" data-elementor-lightbox-slideshow=\"6861649\" data-elementor-lightbox-title=\"LATERNENFEST PRIMER CICLO Instituto Alem\u00e1n Puerto Montt _0036_Brillo_contraste 63\" data-e-action-hash=\"#elementor-action%3Aaction%3Dlightbox%26settings%3DeyJpZCI6MzQxNjUsInVybCI6Imh0dHBzOlwvXC9pYWxlbWFuLmNsXC93cC1jb250ZW50XC91cGxvYWRzXC8yMDI0XC8wNlwvTEFURVJORU5GRVNULVBSSU1FUi1DSUNMTy1JbnN0aXR1dG8tQWxlbWFuLVB1ZXJ0by1Nb250dC1fMDAzNl9CcmlsbG9fY29udHJhc3RlLTYzLmpwZyIsInNsaWRlc2hvdyI6IjY4NjE2NDkifQ%3D%3D\" href='https:\/\/ialeman.cl\/wp-content\/uploads\/2024\/06\/LATERNENFEST-PRIMER-CICLO-Instituto-Aleman-Puerto-Montt-_0036_Brillo_contraste-63.jpg'><img loading=\"lazy\" decoding=\"async\" width=\"1200\" height=\"801\" src=\"https:\/\/ialeman.cl\/wp-content\/uploads\/2024\/06\/LATERNENFEST-PRIMER-CICLO-Instituto-Aleman-Puerto-Montt-_0036_Brillo_contraste-63.jpg\" class=\"attachment-full size-full\" alt=\"\" srcset=\"https:\/\/ialeman.cl\/wp-content\/uploads\/2024\/06\/LATERNENFEST-PRIMER-CICLO-Instituto-Aleman-Puerto-Montt-_0036_Brillo_contraste-63.jpg 1200w, https:\/\/ialeman.cl\/wp-content\/uploads\/2024\/06\/LATERNENFEST-PRIMER-CICLO-Instituto-Aleman-Puerto-Montt-_0036_Brillo_contraste-63-300x200.jpg 300w, https:\/\/ialeman.cl\/wp-content\/uploads\/2024\/06\/LATERNENFEST-PRIMER-CICLO-Instituto-Aleman-Puerto-Montt-_0036_Brillo_contraste-63-1024x684.jpg 1024w, https:\/\/ialeman.cl\/wp-content\/uploads\/2024\/06\/LATERNENFEST-PRIMER-CICLO-Instituto-Aleman-Puerto-Montt-_0036_Brillo_contraste-63-768x513.jpg 768w\" sizes=\"(max-width: 1200px) 100vw, 1200px\" \/><\/a>\n\t\t\t<\/div><\/figure><figure class='gallery-item'>\n\t\t\t<div class='gallery-icon landscape'>\n\t\t\t\t<a data-elementor-open-lightbox=\"yes\" data-elementor-lightbox-slideshow=\"6861649\" data-elementor-lightbox-title=\"LATERNENFEST PRIMER CICLO Instituto Alem\u00e1n Puerto Montt _0037_Brillo_contraste 36\" data-e-action-hash=\"#elementor-action%3Aaction%3Dlightbox%26settings%3DeyJpZCI6MzQxNjYsInVybCI6Imh0dHBzOlwvXC9pYWxlbWFuLmNsXC93cC1jb250ZW50XC91cGxvYWRzXC8yMDI0XC8wNlwvTEFURVJORU5GRVNULVBSSU1FUi1DSUNMTy1JbnN0aXR1dG8tQWxlbWFuLVB1ZXJ0by1Nb250dC1fMDAzN19CcmlsbG9fY29udHJhc3RlLTM2LmpwZyIsInNsaWRlc2hvdyI6IjY4NjE2NDkifQ%3D%3D\" href='https:\/\/ialeman.cl\/wp-content\/uploads\/2024\/06\/LATERNENFEST-PRIMER-CICLO-Instituto-Aleman-Puerto-Montt-_0037_Brillo_contraste-36.jpg'><img loading=\"lazy\" decoding=\"async\" width=\"1200\" height=\"801\" src=\"https:\/\/ialeman.cl\/wp-content\/uploads\/2024\/06\/LATERNENFEST-PRIMER-CICLO-Instituto-Aleman-Puerto-Montt-_0037_Brillo_contraste-36.jpg\" class=\"attachment-full size-full\" alt=\"\" srcset=\"https:\/\/ialeman.cl\/wp-content\/uploads\/2024\/06\/LATERNENFEST-PRIMER-CICLO-Instituto-Aleman-Puerto-Montt-_0037_Brillo_contraste-36.jpg 1200w, https:\/\/ialeman.cl\/wp-content\/uploads\/2024\/06\/LATERNENFEST-PRIMER-CICLO-Instituto-Aleman-Puerto-Montt-_0037_Brillo_contraste-36-300x200.jpg 300w, https:\/\/ialeman.cl\/wp-content\/uploads\/2024\/06\/LATERNENFEST-PRIMER-CICLO-Instituto-Aleman-Puerto-Montt-_0037_Brillo_contraste-36-1024x684.jpg 1024w, https:\/\/ialeman.cl\/wp-content\/uploads\/2024\/06\/LATERNENFEST-PRIMER-CICLO-Instituto-Aleman-Puerto-Montt-_0037_Brillo_contraste-36-768x513.jpg 768w\" sizes=\"(max-width: 1200px) 100vw, 1200px\" \/><\/a>\n\t\t\t<\/div><\/figure><figure class='gallery-item'>\n\t\t\t<div class='gallery-icon landscape'>\n\t\t\t\t<a data-elementor-open-lightbox=\"yes\" data-elementor-lightbox-slideshow=\"6861649\" data-elementor-lightbox-title=\"LATERNENFEST PRIMER CICLO Instituto Alem\u00e1n Puerto Montt _0038_Brillo_contraste 37\" data-e-action-hash=\"#elementor-action%3Aaction%3Dlightbox%26settings%3DeyJpZCI6MzQxNjcsInVybCI6Imh0dHBzOlwvXC9pYWxlbWFuLmNsXC93cC1jb250ZW50XC91cGxvYWRzXC8yMDI0XC8wNlwvTEFURVJORU5GRVNULVBSSU1FUi1DSUNMTy1JbnN0aXR1dG8tQWxlbWFuLVB1ZXJ0by1Nb250dC1fMDAzOF9CcmlsbG9fY29udHJhc3RlLTM3LmpwZyIsInNsaWRlc2hvdyI6IjY4NjE2NDkifQ%3D%3D\" href='https:\/\/ialeman.cl\/wp-content\/uploads\/2024\/06\/LATERNENFEST-PRIMER-CICLO-Instituto-Aleman-Puerto-Montt-_0038_Brillo_contraste-37.jpg'><img loading=\"lazy\" decoding=\"async\" width=\"1200\" height=\"801\" src=\"https:\/\/ialeman.cl\/wp-content\/uploads\/2024\/06\/LATERNENFEST-PRIMER-CICLO-Instituto-Aleman-Puerto-Montt-_0038_Brillo_contraste-37.jpg\" class=\"attachment-full size-full\" alt=\"\" srcset=\"https:\/\/ialeman.cl\/wp-content\/uploads\/2024\/06\/LATERNENFEST-PRIMER-CICLO-Instituto-Aleman-Puerto-Montt-_0038_Brillo_contraste-37.jpg 1200w, https:\/\/ialeman.cl\/wp-content\/uploads\/2024\/06\/LATERNENFEST-PRIMER-CICLO-Instituto-Aleman-Puerto-Montt-_0038_Brillo_contraste-37-300x200.jpg 300w, https:\/\/ialeman.cl\/wp-content\/uploads\/2024\/06\/LATERNENFEST-PRIMER-CICLO-Instituto-Aleman-Puerto-Montt-_0038_Brillo_contraste-37-1024x684.jpg 1024w, https:\/\/ialeman.cl\/wp-content\/uploads\/2024\/06\/LATERNENFEST-PRIMER-CICLO-Instituto-Aleman-Puerto-Montt-_0038_Brillo_contraste-37-768x513.jpg 768w\" sizes=\"(max-width: 1200px) 100vw, 1200px\" \/><\/a>\n\t\t\t<\/div><\/figure><figure class='gallery-item'>\n\t\t\t<div class='gallery-icon landscape'>\n\t\t\t\t<a data-elementor-open-lightbox=\"yes\" data-elementor-lightbox-slideshow=\"6861649\" data-elementor-lightbox-title=\"LATERNENFEST PRIMER CICLO Instituto Alem\u00e1n Puerto Montt _0039_Brillo_contraste 38\" data-e-action-hash=\"#elementor-action%3Aaction%3Dlightbox%26settings%3DeyJpZCI6MzQxNjgsInVybCI6Imh0dHBzOlwvXC9pYWxlbWFuLmNsXC93cC1jb250ZW50XC91cGxvYWRzXC8yMDI0XC8wNlwvTEFURVJORU5GRVNULVBSSU1FUi1DSUNMTy1JbnN0aXR1dG8tQWxlbWFuLVB1ZXJ0by1Nb250dC1fMDAzOV9CcmlsbG9fY29udHJhc3RlLTM4LmpwZyIsInNsaWRlc2hvdyI6IjY4NjE2NDkifQ%3D%3D\" href='https:\/\/ialeman.cl\/wp-content\/uploads\/2024\/06\/LATERNENFEST-PRIMER-CICLO-Instituto-Aleman-Puerto-Montt-_0039_Brillo_contraste-38.jpg'><img loading=\"lazy\" decoding=\"async\" width=\"1200\" height=\"801\" src=\"https:\/\/ialeman.cl\/wp-content\/uploads\/2024\/06\/LATERNENFEST-PRIMER-CICLO-Instituto-Aleman-Puerto-Montt-_0039_Brillo_contraste-38.jpg\" class=\"attachment-full size-full\" alt=\"\" srcset=\"https:\/\/ialeman.cl\/wp-content\/uploads\/2024\/06\/LATERNENFEST-PRIMER-CICLO-Instituto-Aleman-Puerto-Montt-_0039_Brillo_contraste-38.jpg 1200w, https:\/\/ialeman.cl\/wp-content\/uploads\/2024\/06\/LATERNENFEST-PRIMER-CICLO-Instituto-Aleman-Puerto-Montt-_0039_Brillo_contraste-38-300x200.jpg 300w, https:\/\/ialeman.cl\/wp-content\/uploads\/2024\/06\/LATERNENFEST-PRIMER-CICLO-Instituto-Aleman-Puerto-Montt-_0039_Brillo_contraste-38-1024x684.jpg 1024w, https:\/\/ialeman.cl\/wp-content\/uploads\/2024\/06\/LATERNENFEST-PRIMER-CICLO-Instituto-Aleman-Puerto-Montt-_0039_Brillo_contraste-38-768x513.jpg 768w\" sizes=\"(max-width: 1200px) 100vw, 1200px\" \/><\/a>\n\t\t\t<\/div><\/figure><figure class='gallery-item'>\n\t\t\t<div class='gallery-icon landscape'>\n\t\t\t\t<a data-elementor-open-lightbox=\"yes\" data-elementor-lightbox-slideshow=\"6861649\" data-elementor-lightbox-title=\"LATERNENFEST PRIMER CICLO Instituto Alem\u00e1n Puerto Montt _0040_Brillo_contraste 39\" data-e-action-hash=\"#elementor-action%3Aaction%3Dlightbox%26settings%3DeyJpZCI6MzQxNjksInVybCI6Imh0dHBzOlwvXC9pYWxlbWFuLmNsXC93cC1jb250ZW50XC91cGxvYWRzXC8yMDI0XC8wNlwvTEFURVJORU5GRVNULVBSSU1FUi1DSUNMTy1JbnN0aXR1dG8tQWxlbWFuLVB1ZXJ0by1Nb250dC1fMDA0MF9CcmlsbG9fY29udHJhc3RlLTM5LmpwZyIsInNsaWRlc2hvdyI6IjY4NjE2NDkifQ%3D%3D\" href='https:\/\/ialeman.cl\/wp-content\/uploads\/2024\/06\/LATERNENFEST-PRIMER-CICLO-Instituto-Aleman-Puerto-Montt-_0040_Brillo_contraste-39.jpg'><img loading=\"lazy\" decoding=\"async\" width=\"1200\" height=\"801\" src=\"https:\/\/ialeman.cl\/wp-content\/uploads\/2024\/06\/LATERNENFEST-PRIMER-CICLO-Instituto-Aleman-Puerto-Montt-_0040_Brillo_contraste-39.jpg\" class=\"attachment-full size-full\" alt=\"\" srcset=\"https:\/\/ialeman.cl\/wp-content\/uploads\/2024\/06\/LATERNENFEST-PRIMER-CICLO-Instituto-Aleman-Puerto-Montt-_0040_Brillo_contraste-39.jpg 1200w, https:\/\/ialeman.cl\/wp-content\/uploads\/2024\/06\/LATERNENFEST-PRIMER-CICLO-Instituto-Aleman-Puerto-Montt-_0040_Brillo_contraste-39-300x200.jpg 300w, https:\/\/ialeman.cl\/wp-content\/uploads\/2024\/06\/LATERNENFEST-PRIMER-CICLO-Instituto-Aleman-Puerto-Montt-_0040_Brillo_contraste-39-1024x684.jpg 1024w, https:\/\/ialeman.cl\/wp-content\/uploads\/2024\/06\/LATERNENFEST-PRIMER-CICLO-Instituto-Aleman-Puerto-Montt-_0040_Brillo_contraste-39-768x513.jpg 768w\" sizes=\"(max-width: 1200px) 100vw, 1200px\" \/><\/a>\n\t\t\t<\/div><\/figure><figure class='gallery-item'>\n\t\t\t<div class='gallery-icon landscape'>\n\t\t\t\t<a data-elementor-open-lightbox=\"yes\" data-elementor-lightbox-slideshow=\"6861649\" data-elementor-lightbox-title=\"LATERNENFEST PRIMER CICLO Instituto Alem\u00e1n Puerto Montt _0041_Brillo_contraste 41\" data-e-action-hash=\"#elementor-action%3Aaction%3Dlightbox%26settings%3DeyJpZCI6MzQxNzAsInVybCI6Imh0dHBzOlwvXC9pYWxlbWFuLmNsXC93cC1jb250ZW50XC91cGxvYWRzXC8yMDI0XC8wNlwvTEFURVJORU5GRVNULVBSSU1FUi1DSUNMTy1JbnN0aXR1dG8tQWxlbWFuLVB1ZXJ0by1Nb250dC1fMDA0MV9CcmlsbG9fY29udHJhc3RlLTQxLmpwZyIsInNsaWRlc2hvdyI6IjY4NjE2NDkifQ%3D%3D\" href='https:\/\/ialeman.cl\/wp-content\/uploads\/2024\/06\/LATERNENFEST-PRIMER-CICLO-Instituto-Aleman-Puerto-Montt-_0041_Brillo_contraste-41.jpg'><img loading=\"lazy\" decoding=\"async\" width=\"1200\" height=\"801\" src=\"https:\/\/ialeman.cl\/wp-content\/uploads\/2024\/06\/LATERNENFEST-PRIMER-CICLO-Instituto-Aleman-Puerto-Montt-_0041_Brillo_contraste-41.jpg\" class=\"attachment-full size-full\" alt=\"\" srcset=\"https:\/\/ialeman.cl\/wp-content\/uploads\/2024\/06\/LATERNENFEST-PRIMER-CICLO-Instituto-Aleman-Puerto-Montt-_0041_Brillo_contraste-41.jpg 1200w, https:\/\/ialeman.cl\/wp-content\/uploads\/2024\/06\/LATERNENFEST-PRIMER-CICLO-Instituto-Aleman-Puerto-Montt-_0041_Brillo_contraste-41-300x200.jpg 300w, https:\/\/ialeman.cl\/wp-content\/uploads\/2024\/06\/LATERNENFEST-PRIMER-CICLO-Instituto-Aleman-Puerto-Montt-_0041_Brillo_contraste-41-1024x684.jpg 1024w, https:\/\/ialeman.cl\/wp-content\/uploads\/2024\/06\/LATERNENFEST-PRIMER-CICLO-Instituto-Aleman-Puerto-Montt-_0041_Brillo_contraste-41-768x513.jpg 768w\" sizes=\"(max-width: 1200px) 100vw, 1200px\" \/><\/a>\n\t\t\t<\/div><\/figure><figure class='gallery-item'>\n\t\t\t<div class='gallery-icon landscape'>\n\t\t\t\t<a data-elementor-open-lightbox=\"yes\" data-elementor-lightbox-slideshow=\"6861649\" data-elementor-lightbox-title=\"LATERNENFEST PRIMER CICLO Instituto Alem\u00e1n Puerto Montt _0042_Brillo_contraste 42\" data-e-action-hash=\"#elementor-action%3Aaction%3Dlightbox%26settings%3DeyJpZCI6MzQxNzEsInVybCI6Imh0dHBzOlwvXC9pYWxlbWFuLmNsXC93cC1jb250ZW50XC91cGxvYWRzXC8yMDI0XC8wNlwvTEFURVJORU5GRVNULVBSSU1FUi1DSUNMTy1JbnN0aXR1dG8tQWxlbWFuLVB1ZXJ0by1Nb250dC1fMDA0Ml9CcmlsbG9fY29udHJhc3RlLTQyLmpwZyIsInNsaWRlc2hvdyI6IjY4NjE2NDkifQ%3D%3D\" href='https:\/\/ialeman.cl\/wp-content\/uploads\/2024\/06\/LATERNENFEST-PRIMER-CICLO-Instituto-Aleman-Puerto-Montt-_0042_Brillo_contraste-42.jpg'><img loading=\"lazy\" decoding=\"async\" width=\"1200\" height=\"801\" src=\"https:\/\/ialeman.cl\/wp-content\/uploads\/2024\/06\/LATERNENFEST-PRIMER-CICLO-Instituto-Aleman-Puerto-Montt-_0042_Brillo_contraste-42.jpg\" class=\"attachment-full size-full\" alt=\"\" srcset=\"https:\/\/ialeman.cl\/wp-content\/uploads\/2024\/06\/LATERNENFEST-PRIMER-CICLO-Instituto-Aleman-Puerto-Montt-_0042_Brillo_contraste-42.jpg 1200w, https:\/\/ialeman.cl\/wp-content\/uploads\/2024\/06\/LATERNENFEST-PRIMER-CICLO-Instituto-Aleman-Puerto-Montt-_0042_Brillo_contraste-42-300x200.jpg 300w, https:\/\/ialeman.cl\/wp-content\/uploads\/2024\/06\/LATERNENFEST-PRIMER-CICLO-Instituto-Aleman-Puerto-Montt-_0042_Brillo_contraste-42-1024x684.jpg 1024w, https:\/\/ialeman.cl\/wp-content\/uploads\/2024\/06\/LATERNENFEST-PRIMER-CICLO-Instituto-Aleman-Puerto-Montt-_0042_Brillo_contraste-42-768x513.jpg 768w\" sizes=\"(max-width: 1200px) 100vw, 1200px\" \/><\/a>\n\t\t\t<\/div><\/figure><figure class='gallery-item'>\n\t\t\t<div class='gallery-icon landscape'>\n\t\t\t\t<a data-elementor-open-lightbox=\"yes\" data-elementor-lightbox-slideshow=\"6861649\" data-elementor-lightbox-title=\"LATERNENFEST PRIMER CICLO Instituto Alem\u00e1n Puerto Montt _0043_Brillo_contraste 43\" data-e-action-hash=\"#elementor-action%3Aaction%3Dlightbox%26settings%3DeyJpZCI6MzQxNzIsInVybCI6Imh0dHBzOlwvXC9pYWxlbWFuLmNsXC93cC1jb250ZW50XC91cGxvYWRzXC8yMDI0XC8wNlwvTEFURVJORU5GRVNULVBSSU1FUi1DSUNMTy1JbnN0aXR1dG8tQWxlbWFuLVB1ZXJ0by1Nb250dC1fMDA0M19CcmlsbG9fY29udHJhc3RlLTQzLmpwZyIsInNsaWRlc2hvdyI6IjY4NjE2NDkifQ%3D%3D\" href='https:\/\/ialeman.cl\/wp-content\/uploads\/2024\/06\/LATERNENFEST-PRIMER-CICLO-Instituto-Aleman-Puerto-Montt-_0043_Brillo_contraste-43.jpg'><img loading=\"lazy\" decoding=\"async\" width=\"1200\" height=\"801\" src=\"https:\/\/ialeman.cl\/wp-content\/uploads\/2024\/06\/LATERNENFEST-PRIMER-CICLO-Instituto-Aleman-Puerto-Montt-_0043_Brillo_contraste-43.jpg\" class=\"attachment-full size-full\" alt=\"\" srcset=\"https:\/\/ialeman.cl\/wp-content\/uploads\/2024\/06\/LATERNENFEST-PRIMER-CICLO-Instituto-Aleman-Puerto-Montt-_0043_Brillo_contraste-43.jpg 1200w, https:\/\/ialeman.cl\/wp-content\/uploads\/2024\/06\/LATERNENFEST-PRIMER-CICLO-Instituto-Aleman-Puerto-Montt-_0043_Brillo_contraste-43-300x200.jpg 300w, https:\/\/ialeman.cl\/wp-content\/uploads\/2024\/06\/LATERNENFEST-PRIMER-CICLO-Instituto-Aleman-Puerto-Montt-_0043_Brillo_contraste-43-1024x684.jpg 1024w, https:\/\/ialeman.cl\/wp-content\/uploads\/2024\/06\/LATERNENFEST-PRIMER-CICLO-Instituto-Aleman-Puerto-Montt-_0043_Brillo_contraste-43-768x513.jpg 768w\" sizes=\"(max-width: 1200px) 100vw, 1200px\" \/><\/a>\n\t\t\t<\/div><\/figure><figure class='gallery-item'>\n\t\t\t<div class='gallery-icon landscape'>\n\t\t\t\t<a data-elementor-open-lightbox=\"yes\" data-elementor-lightbox-slideshow=\"6861649\" data-elementor-lightbox-title=\"LATERNENFEST PRIMER CICLO Instituto Alem\u00e1n Puerto Montt _0044_Brillo_contraste 44\" data-e-action-hash=\"#elementor-action%3Aaction%3Dlightbox%26settings%3DeyJpZCI6MzQxNzMsInVybCI6Imh0dHBzOlwvXC9pYWxlbWFuLmNsXC93cC1jb250ZW50XC91cGxvYWRzXC8yMDI0XC8wNlwvTEFURVJORU5GRVNULVBSSU1FUi1DSUNMTy1JbnN0aXR1dG8tQWxlbWFuLVB1ZXJ0by1Nb250dC1fMDA0NF9CcmlsbG9fY29udHJhc3RlLTQ0LmpwZyIsInNsaWRlc2hvdyI6IjY4NjE2NDkifQ%3D%3D\" href='https:\/\/ialeman.cl\/wp-content\/uploads\/2024\/06\/LATERNENFEST-PRIMER-CICLO-Instituto-Aleman-Puerto-Montt-_0044_Brillo_contraste-44.jpg'><img loading=\"lazy\" decoding=\"async\" width=\"1200\" height=\"801\" src=\"https:\/\/ialeman.cl\/wp-content\/uploads\/2024\/06\/LATERNENFEST-PRIMER-CICLO-Instituto-Aleman-Puerto-Montt-_0044_Brillo_contraste-44.jpg\" class=\"attachment-full size-full\" alt=\"\" srcset=\"https:\/\/ialeman.cl\/wp-content\/uploads\/2024\/06\/LATERNENFEST-PRIMER-CICLO-Instituto-Aleman-Puerto-Montt-_0044_Brillo_contraste-44.jpg 1200w, https:\/\/ialeman.cl\/wp-content\/uploads\/2024\/06\/LATERNENFEST-PRIMER-CICLO-Instituto-Aleman-Puerto-Montt-_0044_Brillo_contraste-44-300x200.jpg 300w, https:\/\/ialeman.cl\/wp-content\/uploads\/2024\/06\/LATERNENFEST-PRIMER-CICLO-Instituto-Aleman-Puerto-Montt-_0044_Brillo_contraste-44-1024x684.jpg 1024w, https:\/\/ialeman.cl\/wp-content\/uploads\/2024\/06\/LATERNENFEST-PRIMER-CICLO-Instituto-Aleman-Puerto-Montt-_0044_Brillo_contraste-44-768x513.jpg 768w\" sizes=\"(max-width: 1200px) 100vw, 1200px\" \/><\/a>\n\t\t\t<\/div><\/figure><figure class='gallery-item'>\n\t\t\t<div class='gallery-icon landscape'>\n\t\t\t\t<a data-elementor-open-lightbox=\"yes\" data-elementor-lightbox-slideshow=\"6861649\" data-elementor-lightbox-title=\"LATERNENFEST PRIMER CICLO Instituto Alem\u00e1n Puerto Montt _0045_Brillo_contraste 45\" data-e-action-hash=\"#elementor-action%3Aaction%3Dlightbox%26settings%3DeyJpZCI6MzQxNzQsInVybCI6Imh0dHBzOlwvXC9pYWxlbWFuLmNsXC93cC1jb250ZW50XC91cGxvYWRzXC8yMDI0XC8wNlwvTEFURVJORU5GRVNULVBSSU1FUi1DSUNMTy1JbnN0aXR1dG8tQWxlbWFuLVB1ZXJ0by1Nb250dC1fMDA0NV9CcmlsbG9fY29udHJhc3RlLTQ1LmpwZyIsInNsaWRlc2hvdyI6IjY4NjE2NDkifQ%3D%3D\" href='https:\/\/ialeman.cl\/wp-content\/uploads\/2024\/06\/LATERNENFEST-PRIMER-CICLO-Instituto-Aleman-Puerto-Montt-_0045_Brillo_contraste-45.jpg'><img loading=\"lazy\" decoding=\"async\" width=\"1200\" height=\"801\" src=\"https:\/\/ialeman.cl\/wp-content\/uploads\/2024\/06\/LATERNENFEST-PRIMER-CICLO-Instituto-Aleman-Puerto-Montt-_0045_Brillo_contraste-45.jpg\" class=\"attachment-full size-full\" alt=\"\" srcset=\"https:\/\/ialeman.cl\/wp-content\/uploads\/2024\/06\/LATERNENFEST-PRIMER-CICLO-Instituto-Aleman-Puerto-Montt-_0045_Brillo_contraste-45.jpg 1200w, https:\/\/ialeman.cl\/wp-content\/uploads\/2024\/06\/LATERNENFEST-PRIMER-CICLO-Instituto-Aleman-Puerto-Montt-_0045_Brillo_contraste-45-300x200.jpg 300w, https:\/\/ialeman.cl\/wp-content\/uploads\/2024\/06\/LATERNENFEST-PRIMER-CICLO-Instituto-Aleman-Puerto-Montt-_0045_Brillo_contraste-45-1024x684.jpg 1024w, https:\/\/ialeman.cl\/wp-content\/uploads\/2024\/06\/LATERNENFEST-PRIMER-CICLO-Instituto-Aleman-Puerto-Montt-_0045_Brillo_contraste-45-768x513.jpg 768w\" sizes=\"(max-width: 1200px) 100vw, 1200px\" \/><\/a>\n\t\t\t<\/div><\/figure><figure class='gallery-item'>\n\t\t\t<div class='gallery-icon landscape'>\n\t\t\t\t<a data-elementor-open-lightbox=\"yes\" data-elementor-lightbox-slideshow=\"6861649\" data-elementor-lightbox-title=\"LATERNENFEST PRIMER CICLO Instituto Alem\u00e1n Puerto Montt _0046_Brillo_contraste 46\" data-e-action-hash=\"#elementor-action%3Aaction%3Dlightbox%26settings%3DeyJpZCI6MzQxNzUsInVybCI6Imh0dHBzOlwvXC9pYWxlbWFuLmNsXC93cC1jb250ZW50XC91cGxvYWRzXC8yMDI0XC8wNlwvTEFURVJORU5GRVNULVBSSU1FUi1DSUNMTy1JbnN0aXR1dG8tQWxlbWFuLVB1ZXJ0by1Nb250dC1fMDA0Nl9CcmlsbG9fY29udHJhc3RlLTQ2LmpwZyIsInNsaWRlc2hvdyI6IjY4NjE2NDkifQ%3D%3D\" href='https:\/\/ialeman.cl\/wp-content\/uploads\/2024\/06\/LATERNENFEST-PRIMER-CICLO-Instituto-Aleman-Puerto-Montt-_0046_Brillo_contraste-46.jpg'><img loading=\"lazy\" decoding=\"async\" width=\"1200\" height=\"801\" src=\"https:\/\/ialeman.cl\/wp-content\/uploads\/2024\/06\/LATERNENFEST-PRIMER-CICLO-Instituto-Aleman-Puerto-Montt-_0046_Brillo_contraste-46.jpg\" class=\"attachment-full size-full\" alt=\"\" srcset=\"https:\/\/ialeman.cl\/wp-content\/uploads\/2024\/06\/LATERNENFEST-PRIMER-CICLO-Instituto-Aleman-Puerto-Montt-_0046_Brillo_contraste-46.jpg 1200w, https:\/\/ialeman.cl\/wp-content\/uploads\/2024\/06\/LATERNENFEST-PRIMER-CICLO-Instituto-Aleman-Puerto-Montt-_0046_Brillo_contraste-46-300x200.jpg 300w, https:\/\/ialeman.cl\/wp-content\/uploads\/2024\/06\/LATERNENFEST-PRIMER-CICLO-Instituto-Aleman-Puerto-Montt-_0046_Brillo_contraste-46-1024x684.jpg 1024w, https:\/\/ialeman.cl\/wp-content\/uploads\/2024\/06\/LATERNENFEST-PRIMER-CICLO-Instituto-Aleman-Puerto-Montt-_0046_Brillo_contraste-46-768x513.jpg 768w\" sizes=\"(max-width: 1200px) 100vw, 1200px\" \/><\/a>\n\t\t\t<\/div><\/figure><figure class='gallery-item'>\n\t\t\t<div class='gallery-icon landscape'>\n\t\t\t\t<a data-elementor-open-lightbox=\"yes\" data-elementor-lightbox-slideshow=\"6861649\" data-elementor-lightbox-title=\"LATERNENFEST PRIMER CICLO Instituto Alem\u00e1n Puerto Montt _0047_Brillo_contraste 47\" data-e-action-hash=\"#elementor-action%3Aaction%3Dlightbox%26settings%3DeyJpZCI6MzQxNzYsInVybCI6Imh0dHBzOlwvXC9pYWxlbWFuLmNsXC93cC1jb250ZW50XC91cGxvYWRzXC8yMDI0XC8wNlwvTEFURVJORU5GRVNULVBSSU1FUi1DSUNMTy1JbnN0aXR1dG8tQWxlbWFuLVB1ZXJ0by1Nb250dC1fMDA0N19CcmlsbG9fY29udHJhc3RlLTQ3LmpwZyIsInNsaWRlc2hvdyI6IjY4NjE2NDkifQ%3D%3D\" href='https:\/\/ialeman.cl\/wp-content\/uploads\/2024\/06\/LATERNENFEST-PRIMER-CICLO-Instituto-Aleman-Puerto-Montt-_0047_Brillo_contraste-47.jpg'><img loading=\"lazy\" decoding=\"async\" width=\"1200\" height=\"801\" src=\"https:\/\/ialeman.cl\/wp-content\/uploads\/2024\/06\/LATERNENFEST-PRIMER-CICLO-Instituto-Aleman-Puerto-Montt-_0047_Brillo_contraste-47.jpg\" class=\"attachment-full size-full\" alt=\"\" srcset=\"https:\/\/ialeman.cl\/wp-content\/uploads\/2024\/06\/LATERNENFEST-PRIMER-CICLO-Instituto-Aleman-Puerto-Montt-_0047_Brillo_contraste-47.jpg 1200w, https:\/\/ialeman.cl\/wp-content\/uploads\/2024\/06\/LATERNENFEST-PRIMER-CICLO-Instituto-Aleman-Puerto-Montt-_0047_Brillo_contraste-47-300x200.jpg 300w, https:\/\/ialeman.cl\/wp-content\/uploads\/2024\/06\/LATERNENFEST-PRIMER-CICLO-Instituto-Aleman-Puerto-Montt-_0047_Brillo_contraste-47-1024x684.jpg 1024w, https:\/\/ialeman.cl\/wp-content\/uploads\/2024\/06\/LATERNENFEST-PRIMER-CICLO-Instituto-Aleman-Puerto-Montt-_0047_Brillo_contraste-47-768x513.jpg 768w\" sizes=\"(max-width: 1200px) 100vw, 1200px\" \/><\/a>\n\t\t\t<\/div><\/figure><figure class='gallery-item'>\n\t\t\t<div class='gallery-icon landscape'>\n\t\t\t\t<a data-elementor-open-lightbox=\"yes\" data-elementor-lightbox-slideshow=\"6861649\" data-elementor-lightbox-title=\"LATERNENFEST PRIMER CICLO Instituto Alem\u00e1n Puerto Montt _0048_Brillo_contraste 48\" data-e-action-hash=\"#elementor-action%3Aaction%3Dlightbox%26settings%3DeyJpZCI6MzQxNzcsInVybCI6Imh0dHBzOlwvXC9pYWxlbWFuLmNsXC93cC1jb250ZW50XC91cGxvYWRzXC8yMDI0XC8wNlwvTEFURVJORU5GRVNULVBSSU1FUi1DSUNMTy1JbnN0aXR1dG8tQWxlbWFuLVB1ZXJ0by1Nb250dC1fMDA0OF9CcmlsbG9fY29udHJhc3RlLTQ4LmpwZyIsInNsaWRlc2hvdyI6IjY4NjE2NDkifQ%3D%3D\" href='https:\/\/ialeman.cl\/wp-content\/uploads\/2024\/06\/LATERNENFEST-PRIMER-CICLO-Instituto-Aleman-Puerto-Montt-_0048_Brillo_contraste-48.jpg'><img loading=\"lazy\" decoding=\"async\" width=\"1200\" height=\"801\" src=\"https:\/\/ialeman.cl\/wp-content\/uploads\/2024\/06\/LATERNENFEST-PRIMER-CICLO-Instituto-Aleman-Puerto-Montt-_0048_Brillo_contraste-48.jpg\" class=\"attachment-full size-full\" alt=\"\" srcset=\"https:\/\/ialeman.cl\/wp-content\/uploads\/2024\/06\/LATERNENFEST-PRIMER-CICLO-Instituto-Aleman-Puerto-Montt-_0048_Brillo_contraste-48.jpg 1200w, https:\/\/ialeman.cl\/wp-content\/uploads\/2024\/06\/LATERNENFEST-PRIMER-CICLO-Instituto-Aleman-Puerto-Montt-_0048_Brillo_contraste-48-300x200.jpg 300w, https:\/\/ialeman.cl\/wp-content\/uploads\/2024\/06\/LATERNENFEST-PRIMER-CICLO-Instituto-Aleman-Puerto-Montt-_0048_Brillo_contraste-48-1024x684.jpg 1024w, https:\/\/ialeman.cl\/wp-content\/uploads\/2024\/06\/LATERNENFEST-PRIMER-CICLO-Instituto-Aleman-Puerto-Montt-_0048_Brillo_contraste-48-768x513.jpg 768w\" sizes=\"(max-width: 1200px) 100vw, 1200px\" \/><\/a>\n\t\t\t<\/div><\/figure><figure class='gallery-item'>\n\t\t\t<div class='gallery-icon landscape'>\n\t\t\t\t<a data-elementor-open-lightbox=\"yes\" data-elementor-lightbox-slideshow=\"6861649\" data-elementor-lightbox-title=\"LATERNENFEST PRIMER CICLO Instituto Alem\u00e1n Puerto Montt _0049_Brillo_contraste 49\" data-e-action-hash=\"#elementor-action%3Aaction%3Dlightbox%26settings%3DeyJpZCI6MzQxNzgsInVybCI6Imh0dHBzOlwvXC9pYWxlbWFuLmNsXC93cC1jb250ZW50XC91cGxvYWRzXC8yMDI0XC8wNlwvTEFURVJORU5GRVNULVBSSU1FUi1DSUNMTy1JbnN0aXR1dG8tQWxlbWFuLVB1ZXJ0by1Nb250dC1fMDA0OV9CcmlsbG9fY29udHJhc3RlLTQ5LmpwZyIsInNsaWRlc2hvdyI6IjY4NjE2NDkifQ%3D%3D\" href='https:\/\/ialeman.cl\/wp-content\/uploads\/2024\/06\/LATERNENFEST-PRIMER-CICLO-Instituto-Aleman-Puerto-Montt-_0049_Brillo_contraste-49.jpg'><img loading=\"lazy\" decoding=\"async\" width=\"1200\" height=\"801\" src=\"https:\/\/ialeman.cl\/wp-content\/uploads\/2024\/06\/LATERNENFEST-PRIMER-CICLO-Instituto-Aleman-Puerto-Montt-_0049_Brillo_contraste-49.jpg\" class=\"attachment-full size-full\" alt=\"\" srcset=\"https:\/\/ialeman.cl\/wp-content\/uploads\/2024\/06\/LATERNENFEST-PRIMER-CICLO-Instituto-Aleman-Puerto-Montt-_0049_Brillo_contraste-49.jpg 1200w, https:\/\/ialeman.cl\/wp-content\/uploads\/2024\/06\/LATERNENFEST-PRIMER-CICLO-Instituto-Aleman-Puerto-Montt-_0049_Brillo_contraste-49-300x200.jpg 300w, https:\/\/ialeman.cl\/wp-content\/uploads\/2024\/06\/LATERNENFEST-PRIMER-CICLO-Instituto-Aleman-Puerto-Montt-_0049_Brillo_contraste-49-1024x684.jpg 1024w, https:\/\/ialeman.cl\/wp-content\/uploads\/2024\/06\/LATERNENFEST-PRIMER-CICLO-Instituto-Aleman-Puerto-Montt-_0049_Brillo_contraste-49-768x513.jpg 768w\" sizes=\"(max-width: 1200px) 100vw, 1200px\" \/><\/a>\n\t\t\t<\/div><\/figure><figure class='gallery-item'>\n\t\t\t<div class='gallery-icon landscape'>\n\t\t\t\t<a data-elementor-open-lightbox=\"yes\" data-elementor-lightbox-slideshow=\"6861649\" data-elementor-lightbox-title=\"LATERNENFEST PRIMER CICLO Instituto Alem\u00e1n Puerto Montt _0050_Brillo_contraste 50\" data-e-action-hash=\"#elementor-action%3Aaction%3Dlightbox%26settings%3DeyJpZCI6MzQxNzksInVybCI6Imh0dHBzOlwvXC9pYWxlbWFuLmNsXC93cC1jb250ZW50XC91cGxvYWRzXC8yMDI0XC8wNlwvTEFURVJORU5GRVNULVBSSU1FUi1DSUNMTy1JbnN0aXR1dG8tQWxlbWFuLVB1ZXJ0by1Nb250dC1fMDA1MF9CcmlsbG9fY29udHJhc3RlLTUwLmpwZyIsInNsaWRlc2hvdyI6IjY4NjE2NDkifQ%3D%3D\" href='https:\/\/ialeman.cl\/wp-content\/uploads\/2024\/06\/LATERNENFEST-PRIMER-CICLO-Instituto-Aleman-Puerto-Montt-_0050_Brillo_contraste-50.jpg'><img loading=\"lazy\" decoding=\"async\" width=\"1200\" height=\"801\" src=\"https:\/\/ialeman.cl\/wp-content\/uploads\/2024\/06\/LATERNENFEST-PRIMER-CICLO-Instituto-Aleman-Puerto-Montt-_0050_Brillo_contraste-50.jpg\" class=\"attachment-full size-full\" alt=\"\" srcset=\"https:\/\/ialeman.cl\/wp-content\/uploads\/2024\/06\/LATERNENFEST-PRIMER-CICLO-Instituto-Aleman-Puerto-Montt-_0050_Brillo_contraste-50.jpg 1200w, https:\/\/ialeman.cl\/wp-content\/uploads\/2024\/06\/LATERNENFEST-PRIMER-CICLO-Instituto-Aleman-Puerto-Montt-_0050_Brillo_contraste-50-300x200.jpg 300w, https:\/\/ialeman.cl\/wp-content\/uploads\/2024\/06\/LATERNENFEST-PRIMER-CICLO-Instituto-Aleman-Puerto-Montt-_0050_Brillo_contraste-50-1024x684.jpg 1024w, https:\/\/ialeman.cl\/wp-content\/uploads\/2024\/06\/LATERNENFEST-PRIMER-CICLO-Instituto-Aleman-Puerto-Montt-_0050_Brillo_contraste-50-768x513.jpg 768w\" sizes=\"(max-width: 1200px) 100vw, 1200px\" \/><\/a>\n\t\t\t<\/div><\/figure><figure class='gallery-item'>\n\t\t\t<div class='gallery-icon landscape'>\n\t\t\t\t<a data-elementor-open-lightbox=\"yes\" data-elementor-lightbox-slideshow=\"6861649\" data-elementor-lightbox-title=\"LATERNENFEST PRIMER CICLO Instituto Alem\u00e1n Puerto Montt _0051_Brillo_contraste 51\" data-e-action-hash=\"#elementor-action%3Aaction%3Dlightbox%26settings%3DeyJpZCI6MzQxODAsInVybCI6Imh0dHBzOlwvXC9pYWxlbWFuLmNsXC93cC1jb250ZW50XC91cGxvYWRzXC8yMDI0XC8wNlwvTEFURVJORU5GRVNULVBSSU1FUi1DSUNMTy1JbnN0aXR1dG8tQWxlbWFuLVB1ZXJ0by1Nb250dC1fMDA1MV9CcmlsbG9fY29udHJhc3RlLTUxLmpwZyIsInNsaWRlc2hvdyI6IjY4NjE2NDkifQ%3D%3D\" href='https:\/\/ialeman.cl\/wp-content\/uploads\/2024\/06\/LATERNENFEST-PRIMER-CICLO-Instituto-Aleman-Puerto-Montt-_0051_Brillo_contraste-51.jpg'><img loading=\"lazy\" decoding=\"async\" width=\"1200\" height=\"801\" src=\"https:\/\/ialeman.cl\/wp-content\/uploads\/2024\/06\/LATERNENFEST-PRIMER-CICLO-Instituto-Aleman-Puerto-Montt-_0051_Brillo_contraste-51.jpg\" class=\"attachment-full size-full\" alt=\"\" srcset=\"https:\/\/ialeman.cl\/wp-content\/uploads\/2024\/06\/LATERNENFEST-PRIMER-CICLO-Instituto-Aleman-Puerto-Montt-_0051_Brillo_contraste-51.jpg 1200w, https:\/\/ialeman.cl\/wp-content\/uploads\/2024\/06\/LATERNENFEST-PRIMER-CICLO-Instituto-Aleman-Puerto-Montt-_0051_Brillo_contraste-51-300x200.jpg 300w, https:\/\/ialeman.cl\/wp-content\/uploads\/2024\/06\/LATERNENFEST-PRIMER-CICLO-Instituto-Aleman-Puerto-Montt-_0051_Brillo_contraste-51-1024x684.jpg 1024w, https:\/\/ialeman.cl\/wp-content\/uploads\/2024\/06\/LATERNENFEST-PRIMER-CICLO-Instituto-Aleman-Puerto-Montt-_0051_Brillo_contraste-51-768x513.jpg 768w\" sizes=\"(max-width: 1200px) 100vw, 1200px\" \/><\/a>\n\t\t\t<\/div><\/figure><figure class='gallery-item'>\n\t\t\t<div class='gallery-icon landscape'>\n\t\t\t\t<a data-elementor-open-lightbox=\"yes\" data-elementor-lightbox-slideshow=\"6861649\" data-elementor-lightbox-title=\"LATERNENFEST PRIMER CICLO Instituto Alem\u00e1n Puerto Montt _0052_Brillo_contraste 52\" data-e-action-hash=\"#elementor-action%3Aaction%3Dlightbox%26settings%3DeyJpZCI6MzQxODEsInVybCI6Imh0dHBzOlwvXC9pYWxlbWFuLmNsXC93cC1jb250ZW50XC91cGxvYWRzXC8yMDI0XC8wNlwvTEFURVJORU5GRVNULVBSSU1FUi1DSUNMTy1JbnN0aXR1dG8tQWxlbWFuLVB1ZXJ0by1Nb250dC1fMDA1Ml9CcmlsbG9fY29udHJhc3RlLTUyLmpwZyIsInNsaWRlc2hvdyI6IjY4NjE2NDkifQ%3D%3D\" href='https:\/\/ialeman.cl\/wp-content\/uploads\/2024\/06\/LATERNENFEST-PRIMER-CICLO-Instituto-Aleman-Puerto-Montt-_0052_Brillo_contraste-52.jpg'><img loading=\"lazy\" decoding=\"async\" width=\"1200\" height=\"801\" src=\"https:\/\/ialeman.cl\/wp-content\/uploads\/2024\/06\/LATERNENFEST-PRIMER-CICLO-Instituto-Aleman-Puerto-Montt-_0052_Brillo_contraste-52.jpg\" class=\"attachment-full size-full\" alt=\"\" srcset=\"https:\/\/ialeman.cl\/wp-content\/uploads\/2024\/06\/LATERNENFEST-PRIMER-CICLO-Instituto-Aleman-Puerto-Montt-_0052_Brillo_contraste-52.jpg 1200w, https:\/\/ialeman.cl\/wp-content\/uploads\/2024\/06\/LATERNENFEST-PRIMER-CICLO-Instituto-Aleman-Puerto-Montt-_0052_Brillo_contraste-52-300x200.jpg 300w, https:\/\/ialeman.cl\/wp-content\/uploads\/2024\/06\/LATERNENFEST-PRIMER-CICLO-Instituto-Aleman-Puerto-Montt-_0052_Brillo_contraste-52-1024x684.jpg 1024w, https:\/\/ialeman.cl\/wp-content\/uploads\/2024\/06\/LATERNENFEST-PRIMER-CICLO-Instituto-Aleman-Puerto-Montt-_0052_Brillo_contraste-52-768x513.jpg 768w\" sizes=\"(max-width: 1200px) 100vw, 1200px\" \/><\/a>\n\t\t\t<\/div><\/figure><figure class='gallery-item'>\n\t\t\t<div class='gallery-icon landscape'>\n\t\t\t\t<a data-elementor-open-lightbox=\"yes\" data-elementor-lightbox-slideshow=\"6861649\" data-elementor-lightbox-title=\"LATERNENFEST PRIMER CICLO Instituto Alem\u00e1n Puerto Montt _0053_Brillo_contraste 53\" data-e-action-hash=\"#elementor-action%3Aaction%3Dlightbox%26settings%3DeyJpZCI6MzQxODIsInVybCI6Imh0dHBzOlwvXC9pYWxlbWFuLmNsXC93cC1jb250ZW50XC91cGxvYWRzXC8yMDI0XC8wNlwvTEFURVJORU5GRVNULVBSSU1FUi1DSUNMTy1JbnN0aXR1dG8tQWxlbWFuLVB1ZXJ0by1Nb250dC1fMDA1M19CcmlsbG9fY29udHJhc3RlLTUzLmpwZyIsInNsaWRlc2hvdyI6IjY4NjE2NDkifQ%3D%3D\" href='https:\/\/ialeman.cl\/wp-content\/uploads\/2024\/06\/LATERNENFEST-PRIMER-CICLO-Instituto-Aleman-Puerto-Montt-_0053_Brillo_contraste-53.jpg'><img loading=\"lazy\" decoding=\"async\" width=\"1200\" height=\"801\" src=\"https:\/\/ialeman.cl\/wp-content\/uploads\/2024\/06\/LATERNENFEST-PRIMER-CICLO-Instituto-Aleman-Puerto-Montt-_0053_Brillo_contraste-53.jpg\" class=\"attachment-full size-full\" alt=\"\" srcset=\"https:\/\/ialeman.cl\/wp-content\/uploads\/2024\/06\/LATERNENFEST-PRIMER-CICLO-Instituto-Aleman-Puerto-Montt-_0053_Brillo_contraste-53.jpg 1200w, https:\/\/ialeman.cl\/wp-content\/uploads\/2024\/06\/LATERNENFEST-PRIMER-CICLO-Instituto-Aleman-Puerto-Montt-_0053_Brillo_contraste-53-300x200.jpg 300w, https:\/\/ialeman.cl\/wp-content\/uploads\/2024\/06\/LATERNENFEST-PRIMER-CICLO-Instituto-Aleman-Puerto-Montt-_0053_Brillo_contraste-53-1024x684.jpg 1024w, https:\/\/ialeman.cl\/wp-content\/uploads\/2024\/06\/LATERNENFEST-PRIMER-CICLO-Instituto-Aleman-Puerto-Montt-_0053_Brillo_contraste-53-768x513.jpg 768w\" sizes=\"(max-width: 1200px) 100vw, 1200px\" \/><\/a>\n\t\t\t<\/div><\/figure><figure class='gallery-item'>\n\t\t\t<div class='gallery-icon landscape'>\n\t\t\t\t<a data-elementor-open-lightbox=\"yes\" data-elementor-lightbox-slideshow=\"6861649\" data-elementor-lightbox-title=\"LATERNENFEST PRIMER CICLO Instituto Alem\u00e1n Puerto Montt _0054_Brillo_contraste 54\" data-e-action-hash=\"#elementor-action%3Aaction%3Dlightbox%26settings%3DeyJpZCI6MzQxODMsInVybCI6Imh0dHBzOlwvXC9pYWxlbWFuLmNsXC93cC1jb250ZW50XC91cGxvYWRzXC8yMDI0XC8wNlwvTEFURVJORU5GRVNULVBSSU1FUi1DSUNMTy1JbnN0aXR1dG8tQWxlbWFuLVB1ZXJ0by1Nb250dC1fMDA1NF9CcmlsbG9fY29udHJhc3RlLTU0LmpwZyIsInNsaWRlc2hvdyI6IjY4NjE2NDkifQ%3D%3D\" href='https:\/\/ialeman.cl\/wp-content\/uploads\/2024\/06\/LATERNENFEST-PRIMER-CICLO-Instituto-Aleman-Puerto-Montt-_0054_Brillo_contraste-54.jpg'><img loading=\"lazy\" decoding=\"async\" width=\"1200\" height=\"801\" src=\"https:\/\/ialeman.cl\/wp-content\/uploads\/2024\/06\/LATERNENFEST-PRIMER-CICLO-Instituto-Aleman-Puerto-Montt-_0054_Brillo_contraste-54.jpg\" class=\"attachment-full size-full\" alt=\"\" srcset=\"https:\/\/ialeman.cl\/wp-content\/uploads\/2024\/06\/LATERNENFEST-PRIMER-CICLO-Instituto-Aleman-Puerto-Montt-_0054_Brillo_contraste-54.jpg 1200w, https:\/\/ialeman.cl\/wp-content\/uploads\/2024\/06\/LATERNENFEST-PRIMER-CICLO-Instituto-Aleman-Puerto-Montt-_0054_Brillo_contraste-54-300x200.jpg 300w, https:\/\/ialeman.cl\/wp-content\/uploads\/2024\/06\/LATERNENFEST-PRIMER-CICLO-Instituto-Aleman-Puerto-Montt-_0054_Brillo_contraste-54-1024x684.jpg 1024w, https:\/\/ialeman.cl\/wp-content\/uploads\/2024\/06\/LATERNENFEST-PRIMER-CICLO-Instituto-Aleman-Puerto-Montt-_0054_Brillo_contraste-54-768x513.jpg 768w\" sizes=\"(max-width: 1200px) 100vw, 1200px\" \/><\/a>\n\t\t\t<\/div><\/figure><figure class='gallery-item'>\n\t\t\t<div class='gallery-icon landscape'>\n\t\t\t\t<a data-elementor-open-lightbox=\"yes\" data-elementor-lightbox-slideshow=\"6861649\" data-elementor-lightbox-title=\"LATERNENFEST PRIMER CICLO Instituto Alem\u00e1n Puerto Montt _0055_Brillo_contraste 55\" data-e-action-hash=\"#elementor-action%3Aaction%3Dlightbox%26settings%3DeyJpZCI6MzQxODQsInVybCI6Imh0dHBzOlwvXC9pYWxlbWFuLmNsXC93cC1jb250ZW50XC91cGxvYWRzXC8yMDI0XC8wNlwvTEFURVJORU5GRVNULVBSSU1FUi1DSUNMTy1JbnN0aXR1dG8tQWxlbWFuLVB1ZXJ0by1Nb250dC1fMDA1NV9CcmlsbG9fY29udHJhc3RlLTU1LmpwZyIsInNsaWRlc2hvdyI6IjY4NjE2NDkifQ%3D%3D\" href='https:\/\/ialeman.cl\/wp-content\/uploads\/2024\/06\/LATERNENFEST-PRIMER-CICLO-Instituto-Aleman-Puerto-Montt-_0055_Brillo_contraste-55.jpg'><img loading=\"lazy\" decoding=\"async\" width=\"1200\" height=\"801\" src=\"https:\/\/ialeman.cl\/wp-content\/uploads\/2024\/06\/LATERNENFEST-PRIMER-CICLO-Instituto-Aleman-Puerto-Montt-_0055_Brillo_contraste-55.jpg\" class=\"attachment-full size-full\" alt=\"\" srcset=\"https:\/\/ialeman.cl\/wp-content\/uploads\/2024\/06\/LATERNENFEST-PRIMER-CICLO-Instituto-Aleman-Puerto-Montt-_0055_Brillo_contraste-55.jpg 1200w, https:\/\/ialeman.cl\/wp-content\/uploads\/2024\/06\/LATERNENFEST-PRIMER-CICLO-Instituto-Aleman-Puerto-Montt-_0055_Brillo_contraste-55-300x200.jpg 300w, https:\/\/ialeman.cl\/wp-content\/uploads\/2024\/06\/LATERNENFEST-PRIMER-CICLO-Instituto-Aleman-Puerto-Montt-_0055_Brillo_contraste-55-1024x684.jpg 1024w, https:\/\/ialeman.cl\/wp-content\/uploads\/2024\/06\/LATERNENFEST-PRIMER-CICLO-Instituto-Aleman-Puerto-Montt-_0055_Brillo_contraste-55-768x513.jpg 768w\" sizes=\"(max-width: 1200px) 100vw, 1200px\" \/><\/a>\n\t\t\t<\/div><\/figure><figure class='gallery-item'>\n\t\t\t<div class='gallery-icon landscape'>\n\t\t\t\t<a data-elementor-open-lightbox=\"yes\" data-elementor-lightbox-slideshow=\"6861649\" data-elementor-lightbox-title=\"LATERNENFEST PRIMER CICLO Instituto Alem\u00e1n Puerto Montt _0056_Brillo_contraste 56\" data-e-action-hash=\"#elementor-action%3Aaction%3Dlightbox%26settings%3DeyJpZCI6MzQxODUsInVybCI6Imh0dHBzOlwvXC9pYWxlbWFuLmNsXC93cC1jb250ZW50XC91cGxvYWRzXC8yMDI0XC8wNlwvTEFURVJORU5GRVNULVBSSU1FUi1DSUNMTy1JbnN0aXR1dG8tQWxlbWFuLVB1ZXJ0by1Nb250dC1fMDA1Nl9CcmlsbG9fY29udHJhc3RlLTU2LmpwZyIsInNsaWRlc2hvdyI6IjY4NjE2NDkifQ%3D%3D\" href='https:\/\/ialeman.cl\/wp-content\/uploads\/2024\/06\/LATERNENFEST-PRIMER-CICLO-Instituto-Aleman-Puerto-Montt-_0056_Brillo_contraste-56.jpg'><img loading=\"lazy\" decoding=\"async\" width=\"1200\" height=\"801\" src=\"https:\/\/ialeman.cl\/wp-content\/uploads\/2024\/06\/LATERNENFEST-PRIMER-CICLO-Instituto-Aleman-Puerto-Montt-_0056_Brillo_contraste-56.jpg\" class=\"attachment-full size-full\" alt=\"\" srcset=\"https:\/\/ialeman.cl\/wp-content\/uploads\/2024\/06\/LATERNENFEST-PRIMER-CICLO-Instituto-Aleman-Puerto-Montt-_0056_Brillo_contraste-56.jpg 1200w, https:\/\/ialeman.cl\/wp-content\/uploads\/2024\/06\/LATERNENFEST-PRIMER-CICLO-Instituto-Aleman-Puerto-Montt-_0056_Brillo_contraste-56-300x200.jpg 300w, https:\/\/ialeman.cl\/wp-content\/uploads\/2024\/06\/LATERNENFEST-PRIMER-CICLO-Instituto-Aleman-Puerto-Montt-_0056_Brillo_contraste-56-1024x684.jpg 1024w, https:\/\/ialeman.cl\/wp-content\/uploads\/2024\/06\/LATERNENFEST-PRIMER-CICLO-Instituto-Aleman-Puerto-Montt-_0056_Brillo_contraste-56-768x513.jpg 768w\" sizes=\"(max-width: 1200px) 100vw, 1200px\" \/><\/a>\n\t\t\t<\/div><\/figure><figure class='gallery-item'>\n\t\t\t<div class='gallery-icon landscape'>\n\t\t\t\t<a data-elementor-open-lightbox=\"yes\" data-elementor-lightbox-slideshow=\"6861649\" data-elementor-lightbox-title=\"LATERNENFEST PRIMER CICLO Instituto Alem\u00e1n Puerto Montt _0057_Brillo_contraste 57\" data-e-action-hash=\"#elementor-action%3Aaction%3Dlightbox%26settings%3DeyJpZCI6MzQxODYsInVybCI6Imh0dHBzOlwvXC9pYWxlbWFuLmNsXC93cC1jb250ZW50XC91cGxvYWRzXC8yMDI0XC8wNlwvTEFURVJORU5GRVNULVBSSU1FUi1DSUNMTy1JbnN0aXR1dG8tQWxlbWFuLVB1ZXJ0by1Nb250dC1fMDA1N19CcmlsbG9fY29udHJhc3RlLTU3LmpwZyIsInNsaWRlc2hvdyI6IjY4NjE2NDkifQ%3D%3D\" href='https:\/\/ialeman.cl\/wp-content\/uploads\/2024\/06\/LATERNENFEST-PRIMER-CICLO-Instituto-Aleman-Puerto-Montt-_0057_Brillo_contraste-57.jpg'><img loading=\"lazy\" decoding=\"async\" width=\"1200\" height=\"801\" src=\"https:\/\/ialeman.cl\/wp-content\/uploads\/2024\/06\/LATERNENFEST-PRIMER-CICLO-Instituto-Aleman-Puerto-Montt-_0057_Brillo_contraste-57.jpg\" class=\"attachment-full size-full\" alt=\"\" srcset=\"https:\/\/ialeman.cl\/wp-content\/uploads\/2024\/06\/LATERNENFEST-PRIMER-CICLO-Instituto-Aleman-Puerto-Montt-_0057_Brillo_contraste-57.jpg 1200w, https:\/\/ialeman.cl\/wp-content\/uploads\/2024\/06\/LATERNENFEST-PRIMER-CICLO-Instituto-Aleman-Puerto-Montt-_0057_Brillo_contraste-57-300x200.jpg 300w, https:\/\/ialeman.cl\/wp-content\/uploads\/2024\/06\/LATERNENFEST-PRIMER-CICLO-Instituto-Aleman-Puerto-Montt-_0057_Brillo_contraste-57-1024x684.jpg 1024w, https:\/\/ialeman.cl\/wp-content\/uploads\/2024\/06\/LATERNENFEST-PRIMER-CICLO-Instituto-Aleman-Puerto-Montt-_0057_Brillo_contraste-57-768x513.jpg 768w\" sizes=\"(max-width: 1200px) 100vw, 1200px\" \/><\/a>\n\t\t\t<\/div><\/figure><figure class='gallery-item'>\n\t\t\t<div class='gallery-icon landscape'>\n\t\t\t\t<a data-elementor-open-lightbox=\"yes\" data-elementor-lightbox-slideshow=\"6861649\" data-elementor-lightbox-title=\"LATERNENFEST PRIMER CICLO Instituto Alem\u00e1n Puerto Montt _0058_Brillo_contraste 58\" data-e-action-hash=\"#elementor-action%3Aaction%3Dlightbox%26settings%3DeyJpZCI6MzQxODcsInVybCI6Imh0dHBzOlwvXC9pYWxlbWFuLmNsXC93cC1jb250ZW50XC91cGxvYWRzXC8yMDI0XC8wNlwvTEFURVJORU5GRVNULVBSSU1FUi1DSUNMTy1JbnN0aXR1dG8tQWxlbWFuLVB1ZXJ0by1Nb250dC1fMDA1OF9CcmlsbG9fY29udHJhc3RlLTU4LmpwZyIsInNsaWRlc2hvdyI6IjY4NjE2NDkifQ%3D%3D\" href='https:\/\/ialeman.cl\/wp-content\/uploads\/2024\/06\/LATERNENFEST-PRIMER-CICLO-Instituto-Aleman-Puerto-Montt-_0058_Brillo_contraste-58.jpg'><img loading=\"lazy\" decoding=\"async\" width=\"1200\" height=\"801\" src=\"https:\/\/ialeman.cl\/wp-content\/uploads\/2024\/06\/LATERNENFEST-PRIMER-CICLO-Instituto-Aleman-Puerto-Montt-_0058_Brillo_contraste-58.jpg\" class=\"attachment-full size-full\" alt=\"\" srcset=\"https:\/\/ialeman.cl\/wp-content\/uploads\/2024\/06\/LATERNENFEST-PRIMER-CICLO-Instituto-Aleman-Puerto-Montt-_0058_Brillo_contraste-58.jpg 1200w, https:\/\/ialeman.cl\/wp-content\/uploads\/2024\/06\/LATERNENFEST-PRIMER-CICLO-Instituto-Aleman-Puerto-Montt-_0058_Brillo_contraste-58-300x200.jpg 300w, https:\/\/ialeman.cl\/wp-content\/uploads\/2024\/06\/LATERNENFEST-PRIMER-CICLO-Instituto-Aleman-Puerto-Montt-_0058_Brillo_contraste-58-1024x684.jpg 1024w, https:\/\/ialeman.cl\/wp-content\/uploads\/2024\/06\/LATERNENFEST-PRIMER-CICLO-Instituto-Aleman-Puerto-Montt-_0058_Brillo_contraste-58-768x513.jpg 768w\" sizes=\"(max-width: 1200px) 100vw, 1200px\" \/><\/a>\n\t\t\t<\/div><\/figure><figure class='gallery-item'>\n\t\t\t<div class='gallery-icon landscape'>\n\t\t\t\t<a data-elementor-open-lightbox=\"yes\" data-elementor-lightbox-slideshow=\"6861649\" data-elementor-lightbox-title=\"LATERNENFEST PRIMER CICLO Instituto Alem\u00e1n Puerto Montt _0059_Brillo_contraste 59\" data-e-action-hash=\"#elementor-action%3Aaction%3Dlightbox%26settings%3DeyJpZCI6MzQxODgsInVybCI6Imh0dHBzOlwvXC9pYWxlbWFuLmNsXC93cC1jb250ZW50XC91cGxvYWRzXC8yMDI0XC8wNlwvTEFURVJORU5GRVNULVBSSU1FUi1DSUNMTy1JbnN0aXR1dG8tQWxlbWFuLVB1ZXJ0by1Nb250dC1fMDA1OV9CcmlsbG9fY29udHJhc3RlLTU5LmpwZyIsInNsaWRlc2hvdyI6IjY4NjE2NDkifQ%3D%3D\" href='https:\/\/ialeman.cl\/wp-content\/uploads\/2024\/06\/LATERNENFEST-PRIMER-CICLO-Instituto-Aleman-Puerto-Montt-_0059_Brillo_contraste-59.jpg'><img loading=\"lazy\" decoding=\"async\" width=\"1200\" height=\"801\" src=\"https:\/\/ialeman.cl\/wp-content\/uploads\/2024\/06\/LATERNENFEST-PRIMER-CICLO-Instituto-Aleman-Puerto-Montt-_0059_Brillo_contraste-59.jpg\" class=\"attachment-full size-full\" alt=\"\" srcset=\"https:\/\/ialeman.cl\/wp-content\/uploads\/2024\/06\/LATERNENFEST-PRIMER-CICLO-Instituto-Aleman-Puerto-Montt-_0059_Brillo_contraste-59.jpg 1200w, https:\/\/ialeman.cl\/wp-content\/uploads\/2024\/06\/LATERNENFEST-PRIMER-CICLO-Instituto-Aleman-Puerto-Montt-_0059_Brillo_contraste-59-300x200.jpg 300w, https:\/\/ialeman.cl\/wp-content\/uploads\/2024\/06\/LATERNENFEST-PRIMER-CICLO-Instituto-Aleman-Puerto-Montt-_0059_Brillo_contraste-59-1024x684.jpg 1024w, https:\/\/ialeman.cl\/wp-content\/uploads\/2024\/06\/LATERNENFEST-PRIMER-CICLO-Instituto-Aleman-Puerto-Montt-_0059_Brillo_contraste-59-768x513.jpg 768w\" sizes=\"(max-width: 1200px) 100vw, 1200px\" \/><\/a>\n\t\t\t<\/div><\/figure><figure class='gallery-item'>\n\t\t\t<div class='gallery-icon landscape'>\n\t\t\t\t<a data-elementor-open-lightbox=\"yes\" data-elementor-lightbox-slideshow=\"6861649\" data-elementor-lightbox-title=\"LATERNENFEST PRIMER CICLO Instituto Alem\u00e1n Puerto Montt _0060_Brillo_contraste 60\" data-e-action-hash=\"#elementor-action%3Aaction%3Dlightbox%26settings%3DeyJpZCI6MzQxODksInVybCI6Imh0dHBzOlwvXC9pYWxlbWFuLmNsXC93cC1jb250ZW50XC91cGxvYWRzXC8yMDI0XC8wNlwvTEFURVJORU5GRVNULVBSSU1FUi1DSUNMTy1JbnN0aXR1dG8tQWxlbWFuLVB1ZXJ0by1Nb250dC1fMDA2MF9CcmlsbG9fY29udHJhc3RlLTYwLmpwZyIsInNsaWRlc2hvdyI6IjY4NjE2NDkifQ%3D%3D\" href='https:\/\/ialeman.cl\/wp-content\/uploads\/2024\/06\/LATERNENFEST-PRIMER-CICLO-Instituto-Aleman-Puerto-Montt-_0060_Brillo_contraste-60.jpg'><img loading=\"lazy\" decoding=\"async\" width=\"1200\" height=\"801\" src=\"https:\/\/ialeman.cl\/wp-content\/uploads\/2024\/06\/LATERNENFEST-PRIMER-CICLO-Instituto-Aleman-Puerto-Montt-_0060_Brillo_contraste-60.jpg\" class=\"attachment-full size-full\" alt=\"\" srcset=\"https:\/\/ialeman.cl\/wp-content\/uploads\/2024\/06\/LATERNENFEST-PRIMER-CICLO-Instituto-Aleman-Puerto-Montt-_0060_Brillo_contraste-60.jpg 1200w, https:\/\/ialeman.cl\/wp-content\/uploads\/2024\/06\/LATERNENFEST-PRIMER-CICLO-Instituto-Aleman-Puerto-Montt-_0060_Brillo_contraste-60-300x200.jpg 300w, https:\/\/ialeman.cl\/wp-content\/uploads\/2024\/06\/LATERNENFEST-PRIMER-CICLO-Instituto-Aleman-Puerto-Montt-_0060_Brillo_contraste-60-1024x684.jpg 1024w, https:\/\/ialeman.cl\/wp-content\/uploads\/2024\/06\/LATERNENFEST-PRIMER-CICLO-Instituto-Aleman-Puerto-Montt-_0060_Brillo_contraste-60-768x513.jpg 768w\" sizes=\"(max-width: 1200px) 100vw, 1200px\" \/><\/a>\n\t\t\t<\/div><\/figure><figure class='gallery-item'>\n\t\t\t<div class='gallery-icon landscape'>\n\t\t\t\t<a data-elementor-open-lightbox=\"yes\" data-elementor-lightbox-slideshow=\"6861649\" data-elementor-lightbox-title=\"LATERNENFEST PRIMER CICLO Instituto Alem\u00e1n Puerto Montt _0061_Brillo_contraste 61\" data-e-action-hash=\"#elementor-action%3Aaction%3Dlightbox%26settings%3DeyJpZCI6MzQxOTAsInVybCI6Imh0dHBzOlwvXC9pYWxlbWFuLmNsXC93cC1jb250ZW50XC91cGxvYWRzXC8yMDI0XC8wNlwvTEFURVJORU5GRVNULVBSSU1FUi1DSUNMTy1JbnN0aXR1dG8tQWxlbWFuLVB1ZXJ0by1Nb250dC1fMDA2MV9CcmlsbG9fY29udHJhc3RlLTYxLmpwZyIsInNsaWRlc2hvdyI6IjY4NjE2NDkifQ%3D%3D\" href='https:\/\/ialeman.cl\/wp-content\/uploads\/2024\/06\/LATERNENFEST-PRIMER-CICLO-Instituto-Aleman-Puerto-Montt-_0061_Brillo_contraste-61.jpg'><img loading=\"lazy\" decoding=\"async\" width=\"1200\" height=\"801\" src=\"https:\/\/ialeman.cl\/wp-content\/uploads\/2024\/06\/LATERNENFEST-PRIMER-CICLO-Instituto-Aleman-Puerto-Montt-_0061_Brillo_contraste-61.jpg\" class=\"attachment-full size-full\" alt=\"\" srcset=\"https:\/\/ialeman.cl\/wp-content\/uploads\/2024\/06\/LATERNENFEST-PRIMER-CICLO-Instituto-Aleman-Puerto-Montt-_0061_Brillo_contraste-61.jpg 1200w, https:\/\/ialeman.cl\/wp-content\/uploads\/2024\/06\/LATERNENFEST-PRIMER-CICLO-Instituto-Aleman-Puerto-Montt-_0061_Brillo_contraste-61-300x200.jpg 300w, https:\/\/ialeman.cl\/wp-content\/uploads\/2024\/06\/LATERNENFEST-PRIMER-CICLO-Instituto-Aleman-Puerto-Montt-_0061_Brillo_contraste-61-1024x684.jpg 1024w, https:\/\/ialeman.cl\/wp-content\/uploads\/2024\/06\/LATERNENFEST-PRIMER-CICLO-Instituto-Aleman-Puerto-Montt-_0061_Brillo_contraste-61-768x513.jpg 768w\" sizes=\"(max-width: 1200px) 100vw, 1200px\" \/><\/a>\n\t\t\t<\/div><\/figure><figure class='gallery-item'>\n\t\t\t<div class='gallery-icon landscape'>\n\t\t\t\t<a data-elementor-open-lightbox=\"yes\" data-elementor-lightbox-slideshow=\"6861649\" data-elementor-lightbox-title=\"LATERNENFEST PRIMER CICLO Instituto Alem\u00e1n Puerto Montt _0062_Brillo_contraste 62\" data-e-action-hash=\"#elementor-action%3Aaction%3Dlightbox%26settings%3DeyJpZCI6MzQxOTEsInVybCI6Imh0dHBzOlwvXC9pYWxlbWFuLmNsXC93cC1jb250ZW50XC91cGxvYWRzXC8yMDI0XC8wNlwvTEFURVJORU5GRVNULVBSSU1FUi1DSUNMTy1JbnN0aXR1dG8tQWxlbWFuLVB1ZXJ0by1Nb250dC1fMDA2Ml9CcmlsbG9fY29udHJhc3RlLTYyLmpwZyIsInNsaWRlc2hvdyI6IjY4NjE2NDkifQ%3D%3D\" href='https:\/\/ialeman.cl\/wp-content\/uploads\/2024\/06\/LATERNENFEST-PRIMER-CICLO-Instituto-Aleman-Puerto-Montt-_0062_Brillo_contraste-62.jpg'><img loading=\"lazy\" decoding=\"async\" width=\"1200\" height=\"801\" src=\"https:\/\/ialeman.cl\/wp-content\/uploads\/2024\/06\/LATERNENFEST-PRIMER-CICLO-Instituto-Aleman-Puerto-Montt-_0062_Brillo_contraste-62.jpg\" class=\"attachment-full size-full\" alt=\"\" srcset=\"https:\/\/ialeman.cl\/wp-content\/uploads\/2024\/06\/LATERNENFEST-PRIMER-CICLO-Instituto-Aleman-Puerto-Montt-_0062_Brillo_contraste-62.jpg 1200w, https:\/\/ialeman.cl\/wp-content\/uploads\/2024\/06\/LATERNENFEST-PRIMER-CICLO-Instituto-Aleman-Puerto-Montt-_0062_Brillo_contraste-62-300x200.jpg 300w, https:\/\/ialeman.cl\/wp-content\/uploads\/2024\/06\/LATERNENFEST-PRIMER-CICLO-Instituto-Aleman-Puerto-Montt-_0062_Brillo_contraste-62-1024x684.jpg 1024w, https:\/\/ialeman.cl\/wp-content\/uploads\/2024\/06\/LATERNENFEST-PRIMER-CICLO-Instituto-Aleman-Puerto-Montt-_0062_Brillo_contraste-62-768x513.jpg 768w\" sizes=\"(max-width: 1200px) 100vw, 1200px\" \/><\/a>\n\t\t\t<\/div><\/figure><figure class='gallery-item'>\n\t\t\t<div class='gallery-icon landscape'>\n\t\t\t\t<a data-elementor-open-lightbox=\"yes\" data-elementor-lightbox-slideshow=\"6861649\" data-elementor-lightbox-title=\"LATERNENFEST PRIMER CICLO Instituto Alem\u00e1n Puerto Montt _0062_Brillo_contraste 63\" data-e-action-hash=\"#elementor-action%3Aaction%3Dlightbox%26settings%3DeyJpZCI6MzQyMDEsInVybCI6Imh0dHBzOlwvXC9pYWxlbWFuLmNsXC93cC1jb250ZW50XC91cGxvYWRzXC8yMDI0XC8wNlwvTEFURVJORU5GRVNULVBSSU1FUi1DSUNMTy1JbnN0aXR1dG8tQWxlbWFuLVB1ZXJ0by1Nb250dC1fMDA2Ml9CcmlsbG9fY29udHJhc3RlLTYzLmpwZyIsInNsaWRlc2hvdyI6IjY4NjE2NDkifQ%3D%3D\" href='https:\/\/ialeman.cl\/wp-content\/uploads\/2024\/06\/LATERNENFEST-PRIMER-CICLO-Instituto-Aleman-Puerto-Montt-_0062_Brillo_contraste-63.jpg'><img loading=\"lazy\" decoding=\"async\" width=\"1200\" height=\"801\" src=\"https:\/\/ialeman.cl\/wp-content\/uploads\/2024\/06\/LATERNENFEST-PRIMER-CICLO-Instituto-Aleman-Puerto-Montt-_0062_Brillo_contraste-63.jpg\" class=\"attachment-full size-full\" alt=\"\" srcset=\"https:\/\/ialeman.cl\/wp-content\/uploads\/2024\/06\/LATERNENFEST-PRIMER-CICLO-Instituto-Aleman-Puerto-Montt-_0062_Brillo_contraste-63.jpg 1200w, https:\/\/ialeman.cl\/wp-content\/uploads\/2024\/06\/LATERNENFEST-PRIMER-CICLO-Instituto-Aleman-Puerto-Montt-_0062_Brillo_contraste-63-300x200.jpg 300w, https:\/\/ialeman.cl\/wp-content\/uploads\/2024\/06\/LATERNENFEST-PRIMER-CICLO-Instituto-Aleman-Puerto-Montt-_0062_Brillo_contraste-63-1024x684.jpg 1024w, https:\/\/ialeman.cl\/wp-content\/uploads\/2024\/06\/LATERNENFEST-PRIMER-CICLO-Instituto-Aleman-Puerto-Montt-_0062_Brillo_contraste-63-768x513.jpg 768w\" sizes=\"(max-width: 1200px) 100vw, 1200px\" \/><\/a>\n\t\t\t<\/div><\/figure>\n\t\t<\/div>\n\t\t<\/div>\n\t\t\t\t\t\t<\/div>\n\t\t\t\t<\/div>\n\t\t\t\t\t<\/div>\n\t\t<\/div>\n\t\t\t\t\t<\/div>\n\t\t<\/section>\n\t\t\t\t<\/div>\n\t\t","protected":false},"excerpt":{"rendered":"<p>Laternenfest Primer Ciclo 2024 Los estudiantes del Primer Ciclo celebraron la tradicional Laternenfest, en un emocionante y alegre evento. Los ni\u00f1os se prepararon junto a sus profesoras para una de las m\u00e1s bellas tradiciones de la cultura alemana que se realiza en el Instituto Alem\u00e1n de Puerto Montt. Los alumnos aprendieron sobre la ense\u00f1anza de [&hellip;]<\/p>\n","protected":false},"author":1,"featured_media":34121,"comment_status":"closed","ping_status":"closed","sticky":false,"template":"","format":"standard","meta":{"site-sidebar-layout":"default","site-content-layout":"","ast-site-content-layout":"default","site-content-style":"default","site-sidebar-style":"default","ast-global-header-display":"","ast-banner-title-visibility":"","ast-main-header-display":"","ast-hfb-above-header-display":"","ast-hfb-below-header-display":"","ast-hfb-mobile-header-display":"","site-post-title":"disabled","ast-breadcrumbs-content":"","ast-featured-img":"disabled","footer-sml-layout":"","ast-disable-related-posts":"","theme-transparent-header-meta":"","adv-header-id-meta":"","stick-header-meta":"","header-above-stick-meta":"","header-main-stick-meta":"","header-below-stick-meta":"","astra-migrate-meta-layouts":"set","ast-page-background-enabled":"default","ast-page-background-meta":{"desktop":{"background-color":"var(--ast-global-color-4)","background-image":"","background-repeat":"repeat","background-position":"center center","background-size":"auto","background-attachment":"scroll","background-type":"","background-media":"","overlay-type":"","overlay-color":"","overlay-opacity":"","overlay-gradient":""},"tablet":{"background-color":"","background-image":"","background-repeat":"repeat","background-position":"center center","background-size":"auto","background-attachment":"scroll","background-type":"","background-media":"","overlay-type":"","overlay-color":"","overlay-opacity":"","overlay-gradient":""},"mobile":{"background-color":"","background-image":"","background-repeat":"repeat","background-position":"center center","background-size":"auto","background-attachment":"scroll","background-type":"","background-media":"","overlay-type":"","overlay-color":"","overlay-opacity":"","overlay-gradient":""}},"ast-content-background-meta":{"desktop":{"background-color":"var(--ast-global-color-5)","background-image":"","background-repeat":"repeat","background-position":"center center","background-size":"auto","background-attachment":"scroll","background-type":"","background-media":"","overlay-type":"","overlay-color":"","overlay-opacity":"","overlay-gradient":""},"tablet":{"background-color":"var(--ast-global-color-5)","background-image":"","background-repeat":"repeat","background-position":"center center","background-size":"auto","background-attachment":"scroll","background-type":"","background-media":"","overlay-type":"","overlay-color":"","overlay-opacity":"","overlay-gradient":""},"mobile":{"background-color":"var(--ast-global-color-5)","background-image":"","background-repeat":"repeat","background-position":"center center","background-size":"auto","background-attachment":"scroll","background-type":"","background-media":"","overlay-type":"","overlay-color":"","overlay-opacity":"","overlay-gradient":""}},"advanced_seo_description":"","jetpack_seo_html_title":"","jetpack_seo_noindex":false,"jetpack_seo_schema_type":"","_jetpack_newsletter_access":"","_jetpack_dont_email_post_to_subs":false,"_jetpack_newsletter_tier_id":0,"_jetpack_memberships_contains_paywalled_content":false,"_wpcom_ai_launchpad_first_post":false,"_jetpack_feature_clip_id":0,"_jetpack_memberships_contains_paid_content":false,"footnotes":"","jetpack_post_was_ever_published":false},"categories":[10],"tags":[],"class_list":["post-34120","post","type-post","status-publish","format-standard","has-post-thumbnail","hentry","category-noticias"],"jetpack_shortlink":"https:\/\/wp.me\/ph8I5c-8Sk","jetpack_sharing_enabled":true,"jetpack_featured_media_url":"https:\/\/ialeman.cl\/wp-content\/uploads\/2024\/06\/LATERNENFEST-PRIMER-CICLO-Instituto-Aleman-Puerto-Montt-_0021_Brillo_contraste-21.jpg","_links":{"self":[{"href":"https:\/\/ialeman.cl\/index.php\/wp-json\/wp\/v2\/posts\/34120","targetHints":{"allow":["GET"]}}],"collection":[{"href":"https:\/\/ialeman.cl\/index.php\/wp-json\/wp\/v2\/posts"}],"about":[{"href":"https:\/\/ialeman.cl\/index.php\/wp-json\/wp\/v2\/types\/post"}],"author":[{"embeddable":true,"href":"https:\/\/ialeman.cl\/index.php\/wp-json\/wp\/v2\/users\/1"}],"replies":[{"embeddable":true,"href":"https:\/\/ialeman.cl\/index.php\/wp-json\/wp\/v2\/comments?post=34120"}],"version-history":[{"count":20,"href":"https:\/\/ialeman.cl\/index.php\/wp-json\/wp\/v2\/posts\/34120\/revisions"}],"predecessor-version":[{"id":34250,"href":"https:\/\/ialeman.cl\/index.php\/wp-json\/wp\/v2\/posts\/34120\/revisions\/34250"}],"wp:featuredmedia":[{"embeddable":true,"href":"https:\/\/ialeman.cl\/index.php\/wp-json\/wp\/v2\/media\/34121"}],"wp:attachment":[{"href":"https:\/\/ialeman.cl\/index.php\/wp-json\/wp\/v2\/media?parent=34120"}],"wp:term":[{"taxonomy":"category","embeddable":true,"href":"https:\/\/ialeman.cl\/index.php\/wp-json\/wp\/v2\/categories?post=34120"},{"taxonomy":"post_tag","embeddable":true,"href":"https:\/\/ialeman.cl\/index.php\/wp-json\/wp\/v2\/tags?post=34120"}],"curies":[{"name":"wp","href":"https:\/\/api.w.org\/{rel}","templated":true}]}}