{"id":33231,"date":"2024-05-22T15:31:24","date_gmt":"2024-05-22T19:31:24","guid":{"rendered":"https:\/\/ialeman.cl\/?p=33231"},"modified":"2024-05-29T16:05:18","modified_gmt":"2024-05-29T20:05:18","slug":"weltbienentag-2024","status":"publish","type":"post","link":"https:\/\/ialeman.cl\/index.php\/weltbienentag-2024\/","title":{"rendered":"Weltbienentag 2024"},"content":{"rendered":"\t\t<div data-elementor-type=\"wp-post\" data-elementor-id=\"33231\" class=\"elementor elementor-33231\">\n\t\t\t\t\t\t<section class=\"elementor-section elementor-top-section elementor-element elementor-element-c4690dc elementor-section-boxed elementor-section-height-default elementor-section-height-default\" data-id=\"c4690dc\" data-element_type=\"section\" data-e-type=\"section\">\n\t\t\t\t\t\t<div class=\"elementor-container elementor-column-gap-default\">\n\t\t\t\t\t<div class=\"elementor-column elementor-col-100 elementor-top-column elementor-element elementor-element-384e8d7\" data-id=\"384e8d7\" data-element_type=\"column\" data-e-type=\"column\">\n\t\t\t<div class=\"elementor-widget-wrap elementor-element-populated\">\n\t\t\t\t\t\t<div class=\"elementor-element elementor-element-dc941c8 elementor-widget elementor-widget-heading\" data-id=\"dc941c8\" data-element_type=\"widget\" data-e-type=\"widget\" data-widget_type=\"heading.default\">\n\t\t\t\t<div class=\"elementor-widget-container\">\n\t\t\t\t\t<h2 class=\"elementor-heading-title elementor-size-default\">Weltbienentag 2024<\/h2>\t\t\t\t<\/div>\n\t\t\t\t<\/div>\n\t\t\t\t\t<\/div>\n\t\t<\/div>\n\t\t\t\t\t<\/div>\n\t\t<\/section>\n\t\t\t\t<section class=\"elementor-section elementor-top-section elementor-element elementor-element-6454c2f elementor-section-boxed elementor-section-height-default elementor-section-height-default\" data-id=\"6454c2f\" data-element_type=\"section\" data-e-type=\"section\">\n\t\t\t\t\t\t<div class=\"elementor-container elementor-column-gap-default\">\n\t\t\t\t\t<div class=\"elementor-column elementor-col-100 elementor-top-column elementor-element elementor-element-9f4a340\" data-id=\"9f4a340\" data-element_type=\"column\" data-e-type=\"column\">\n\t\t\t<div class=\"elementor-widget-wrap elementor-element-populated\">\n\t\t\t\t\t\t<div class=\"elementor-element elementor-element-26ce0f3 elementor-widget elementor-widget-heading\" data-id=\"26ce0f3\" data-element_type=\"widget\" data-e-type=\"widget\" data-widget_type=\"heading.default\">\n\t\t\t\t<div class=\"elementor-widget-container\">\n\t\t\t\t\t<h2 class=\"elementor-heading-title elementor-size-default\">El D\u00eda Mundial de las Abejas celebr\u00f3 el Instituto Alem\u00e1n de Puerto Montt junto a sus estudiantes del Kindergarten y el Primer Ciclo.<br><br> \n\nLos alumnos de Medio Menor a 4\u00ba b\u00e1sico vistieron prendas y accesorios de color amarillo y negro para la importante ocasi\u00f3n. <br><br>\n\nEn la actividad, el Instituto Alem\u00e1n de Puerto Montt invit\u00f3 a sus estudiantes a cuidar y proteger a las abejas. <br><br>\n\nPor \u00faltimo, los ni\u00f1os durante la jornada aprendieron sobre la esencial labor que desempe\u00f1an las abejas, especialmente en la polinizaci\u00f3n. \n<\/h2>\t\t\t\t<\/div>\n\t\t\t\t<\/div>\n\t\t\t\t\t<\/div>\n\t\t<\/div>\n\t\t\t\t\t<\/div>\n\t\t<\/section>\n\t\t\t\t<section class=\"elementor-section elementor-top-section elementor-element elementor-element-b36acc9 elementor-section-boxed elementor-section-height-default elementor-section-height-default\" data-id=\"b36acc9\" data-element_type=\"section\" data-e-type=\"section\">\n\t\t\t\t\t\t<div class=\"elementor-container elementor-column-gap-default\">\n\t\t\t\t\t<div class=\"elementor-column elementor-col-100 elementor-top-column elementor-element elementor-element-783c7e1\" data-id=\"783c7e1\" data-element_type=\"column\" data-e-type=\"column\">\n\t\t\t<div class=\"elementor-widget-wrap elementor-element-populated\">\n\t\t\t\t\t\t<div class=\"elementor-element elementor-element-9062402 gallery-spacing-custom elementor-widget elementor-widget-image-gallery\" data-id=\"9062402\" data-element_type=\"widget\" data-e-type=\"widget\" data-widget_type=\"image-gallery.default\">\n\t\t\t\t<div class=\"elementor-widget-container\">\n\t\t\t\t\t\t\t<div class=\"elementor-image-gallery\">\n\t\t\t<div id='gallery-1' class='gallery galleryid-33231 gallery-columns-2 gallery-size-full'><figure class='gallery-item'>\n\t\t\t<div class='gallery-icon landscape'>\n\t\t\t\t<a data-elementor-open-lightbox=\"yes\" data-elementor-lightbox-slideshow=\"9062402\" data-elementor-lightbox-title=\"dia de la abeja _0004_DSC_8268\" data-e-action-hash=\"#elementor-action%3Aaction%3Dlightbox%26settings%3DeyJpZCI6MzMyMzgsInVybCI6Imh0dHBzOlwvXC9pYWxlbWFuLmNsXC93cC1jb250ZW50XC91cGxvYWRzXC8yMDI0XC8wNVwvZGlhLWRlLWxhLWFiZWphLV8wMDA0X0RTQ184MjY4LmpwZyIsInNsaWRlc2hvdyI6IjkwNjI0MDIifQ%3D%3D\" href='https:\/\/ialeman.cl\/wp-content\/uploads\/2024\/05\/dia-de-la-abeja-_0004_DSC_8268.jpg'><img fetchpriority=\"high\" decoding=\"async\" width=\"1200\" height=\"801\" src=\"https:\/\/ialeman.cl\/wp-content\/uploads\/2024\/05\/dia-de-la-abeja-_0004_DSC_8268.jpg\" class=\"attachment-full size-full\" alt=\"\" srcset=\"https:\/\/ialeman.cl\/wp-content\/uploads\/2024\/05\/dia-de-la-abeja-_0004_DSC_8268.jpg 1200w, https:\/\/ialeman.cl\/wp-content\/uploads\/2024\/05\/dia-de-la-abeja-_0004_DSC_8268-300x200.jpg 300w, https:\/\/ialeman.cl\/wp-content\/uploads\/2024\/05\/dia-de-la-abeja-_0004_DSC_8268-1024x684.jpg 1024w, https:\/\/ialeman.cl\/wp-content\/uploads\/2024\/05\/dia-de-la-abeja-_0004_DSC_8268-768x513.jpg 768w\" sizes=\"(max-width: 1200px) 100vw, 1200px\" \/><\/a>\n\t\t\t<\/div><\/figure><figure class='gallery-item'>\n\t\t\t<div class='gallery-icon landscape'>\n\t\t\t\t<a data-elementor-open-lightbox=\"yes\" data-elementor-lightbox-slideshow=\"9062402\" data-elementor-lightbox-title=\"dia de la abeja _0023_DSC_8261\" data-e-action-hash=\"#elementor-action%3Aaction%3Dlightbox%26settings%3DeyJpZCI6MzMyNTcsInVybCI6Imh0dHBzOlwvXC9pYWxlbWFuLmNsXC93cC1jb250ZW50XC91cGxvYWRzXC8yMDI0XC8wNVwvZGlhLWRlLWxhLWFiZWphLV8wMDIzX0RTQ184MjYxLmpwZyIsInNsaWRlc2hvdyI6IjkwNjI0MDIifQ%3D%3D\" href='https:\/\/ialeman.cl\/wp-content\/uploads\/2024\/05\/dia-de-la-abeja-_0023_DSC_8261.jpg'><img decoding=\"async\" width=\"1200\" height=\"801\" src=\"https:\/\/ialeman.cl\/wp-content\/uploads\/2024\/05\/dia-de-la-abeja-_0023_DSC_8261.jpg\" class=\"attachment-full size-full\" alt=\"\" srcset=\"https:\/\/ialeman.cl\/wp-content\/uploads\/2024\/05\/dia-de-la-abeja-_0023_DSC_8261.jpg 1200w, https:\/\/ialeman.cl\/wp-content\/uploads\/2024\/05\/dia-de-la-abeja-_0023_DSC_8261-300x200.jpg 300w, https:\/\/ialeman.cl\/wp-content\/uploads\/2024\/05\/dia-de-la-abeja-_0023_DSC_8261-1024x684.jpg 1024w, https:\/\/ialeman.cl\/wp-content\/uploads\/2024\/05\/dia-de-la-abeja-_0023_DSC_8261-768x513.jpg 768w\" sizes=\"(max-width: 1200px) 100vw, 1200px\" \/><\/a>\n\t\t\t<\/div><\/figure><figure class='gallery-item'>\n\t\t\t<div class='gallery-icon landscape'>\n\t\t\t\t<a data-elementor-open-lightbox=\"yes\" data-elementor-lightbox-slideshow=\"9062402\" data-elementor-lightbox-title=\"dia de la abeja _0041_DSC_8119\" data-e-action-hash=\"#elementor-action%3Aaction%3Dlightbox%26settings%3DeyJpZCI6MzMyNzYsInVybCI6Imh0dHBzOlwvXC9pYWxlbWFuLmNsXC93cC1jb250ZW50XC91cGxvYWRzXC8yMDI0XC8wNVwvZGlhLWRlLWxhLWFiZWphLV8wMDQxX0RTQ184MTE5LmpwZyIsInNsaWRlc2hvdyI6IjkwNjI0MDIifQ%3D%3D\" href='https:\/\/ialeman.cl\/wp-content\/uploads\/2024\/05\/dia-de-la-abeja-_0041_DSC_8119.jpg'><img decoding=\"async\" width=\"1200\" height=\"801\" src=\"https:\/\/ialeman.cl\/wp-content\/uploads\/2024\/05\/dia-de-la-abeja-_0041_DSC_8119.jpg\" class=\"attachment-full size-full\" alt=\"\" srcset=\"https:\/\/ialeman.cl\/wp-content\/uploads\/2024\/05\/dia-de-la-abeja-_0041_DSC_8119.jpg 1200w, https:\/\/ialeman.cl\/wp-content\/uploads\/2024\/05\/dia-de-la-abeja-_0041_DSC_8119-300x200.jpg 300w, https:\/\/ialeman.cl\/wp-content\/uploads\/2024\/05\/dia-de-la-abeja-_0041_DSC_8119-1024x684.jpg 1024w, https:\/\/ialeman.cl\/wp-content\/uploads\/2024\/05\/dia-de-la-abeja-_0041_DSC_8119-768x513.jpg 768w\" sizes=\"(max-width: 1200px) 100vw, 1200px\" \/><\/a>\n\t\t\t<\/div><\/figure><figure class='gallery-item'>\n\t\t\t<div class='gallery-icon landscape'>\n\t\t\t\t<a data-elementor-open-lightbox=\"yes\" data-elementor-lightbox-slideshow=\"9062402\" data-elementor-lightbox-title=\"dia de la abeja _0032_DSC_8232\" data-e-action-hash=\"#elementor-action%3Aaction%3Dlightbox%26settings%3DeyJpZCI6MzMyNjYsInVybCI6Imh0dHBzOlwvXC9pYWxlbWFuLmNsXC93cC1jb250ZW50XC91cGxvYWRzXC8yMDI0XC8wNVwvZGlhLWRlLWxhLWFiZWphLV8wMDMyX0RTQ184MjMyLmpwZyIsInNsaWRlc2hvdyI6IjkwNjI0MDIifQ%3D%3D\" href='https:\/\/ialeman.cl\/wp-content\/uploads\/2024\/05\/dia-de-la-abeja-_0032_DSC_8232.jpg'><img loading=\"lazy\" decoding=\"async\" width=\"1200\" height=\"801\" src=\"https:\/\/ialeman.cl\/wp-content\/uploads\/2024\/05\/dia-de-la-abeja-_0032_DSC_8232.jpg\" class=\"attachment-full size-full\" alt=\"\" srcset=\"https:\/\/ialeman.cl\/wp-content\/uploads\/2024\/05\/dia-de-la-abeja-_0032_DSC_8232.jpg 1200w, https:\/\/ialeman.cl\/wp-content\/uploads\/2024\/05\/dia-de-la-abeja-_0032_DSC_8232-300x200.jpg 300w, https:\/\/ialeman.cl\/wp-content\/uploads\/2024\/05\/dia-de-la-abeja-_0032_DSC_8232-1024x684.jpg 1024w, https:\/\/ialeman.cl\/wp-content\/uploads\/2024\/05\/dia-de-la-abeja-_0032_DSC_8232-768x513.jpg 768w\" sizes=\"(max-width: 1200px) 100vw, 1200px\" \/><\/a>\n\t\t\t<\/div><\/figure><figure class='gallery-item'>\n\t\t\t<div class='gallery-icon landscape'>\n\t\t\t\t<a data-elementor-open-lightbox=\"yes\" data-elementor-lightbox-slideshow=\"9062402\" data-elementor-lightbox-title=\"dia de la abeja _0051_DSC_8111\" data-e-action-hash=\"#elementor-action%3Aaction%3Dlightbox%26settings%3DeyJpZCI6MzMyODYsInVybCI6Imh0dHBzOlwvXC9pYWxlbWFuLmNsXC93cC1jb250ZW50XC91cGxvYWRzXC8yMDI0XC8wNVwvZGlhLWRlLWxhLWFiZWphLV8wMDUxX0RTQ184MTExLTEuanBnIiwic2xpZGVzaG93IjoiOTA2MjQwMiJ9\" href='https:\/\/ialeman.cl\/wp-content\/uploads\/2024\/05\/dia-de-la-abeja-_0051_DSC_8111-1.jpg'><img loading=\"lazy\" decoding=\"async\" width=\"1200\" height=\"801\" src=\"https:\/\/ialeman.cl\/wp-content\/uploads\/2024\/05\/dia-de-la-abeja-_0051_DSC_8111-1.jpg\" class=\"attachment-full size-full\" alt=\"\" srcset=\"https:\/\/ialeman.cl\/wp-content\/uploads\/2024\/05\/dia-de-la-abeja-_0051_DSC_8111-1.jpg 1200w, https:\/\/ialeman.cl\/wp-content\/uploads\/2024\/05\/dia-de-la-abeja-_0051_DSC_8111-1-300x200.jpg 300w, https:\/\/ialeman.cl\/wp-content\/uploads\/2024\/05\/dia-de-la-abeja-_0051_DSC_8111-1-1024x684.jpg 1024w, https:\/\/ialeman.cl\/wp-content\/uploads\/2024\/05\/dia-de-la-abeja-_0051_DSC_8111-1-768x513.jpg 768w\" sizes=\"(max-width: 1200px) 100vw, 1200px\" \/><\/a>\n\t\t\t<\/div><\/figure><figure class='gallery-item'>\n\t\t\t<div class='gallery-icon landscape'>\n\t\t\t\t<a data-elementor-open-lightbox=\"yes\" data-elementor-lightbox-slideshow=\"9062402\" data-elementor-lightbox-title=\"dia de la abeja _0020_DSC_8265\" data-e-action-hash=\"#elementor-action%3Aaction%3Dlightbox%26settings%3DeyJpZCI6MzMyNTQsInVybCI6Imh0dHBzOlwvXC9pYWxlbWFuLmNsXC93cC1jb250ZW50XC91cGxvYWRzXC8yMDI0XC8wNVwvZGlhLWRlLWxhLWFiZWphLV8wMDIwX0RTQ184MjY1LmpwZyIsInNsaWRlc2hvdyI6IjkwNjI0MDIifQ%3D%3D\" href='https:\/\/ialeman.cl\/wp-content\/uploads\/2024\/05\/dia-de-la-abeja-_0020_DSC_8265.jpg'><img loading=\"lazy\" decoding=\"async\" width=\"1200\" height=\"801\" src=\"https:\/\/ialeman.cl\/wp-content\/uploads\/2024\/05\/dia-de-la-abeja-_0020_DSC_8265.jpg\" class=\"attachment-full size-full\" alt=\"\" srcset=\"https:\/\/ialeman.cl\/wp-content\/uploads\/2024\/05\/dia-de-la-abeja-_0020_DSC_8265.jpg 1200w, https:\/\/ialeman.cl\/wp-content\/uploads\/2024\/05\/dia-de-la-abeja-_0020_DSC_8265-300x200.jpg 300w, https:\/\/ialeman.cl\/wp-content\/uploads\/2024\/05\/dia-de-la-abeja-_0020_DSC_8265-1024x684.jpg 1024w, https:\/\/ialeman.cl\/wp-content\/uploads\/2024\/05\/dia-de-la-abeja-_0020_DSC_8265-768x513.jpg 768w\" sizes=\"(max-width: 1200px) 100vw, 1200px\" \/><\/a>\n\t\t\t<\/div><\/figure><figure class='gallery-item'>\n\t\t\t<div class='gallery-icon landscape'>\n\t\t\t\t<a data-elementor-open-lightbox=\"yes\" data-elementor-lightbox-slideshow=\"9062402\" data-elementor-lightbox-title=\"dia de la abeja _0015_DSC_8272\" data-e-action-hash=\"#elementor-action%3Aaction%3Dlightbox%26settings%3DeyJpZCI6MzMyNDksInVybCI6Imh0dHBzOlwvXC9pYWxlbWFuLmNsXC93cC1jb250ZW50XC91cGxvYWRzXC8yMDI0XC8wNVwvZGlhLWRlLWxhLWFiZWphLV8wMDE1X0RTQ184MjcyLmpwZyIsInNsaWRlc2hvdyI6IjkwNjI0MDIifQ%3D%3D\" href='https:\/\/ialeman.cl\/wp-content\/uploads\/2024\/05\/dia-de-la-abeja-_0015_DSC_8272.jpg'><img loading=\"lazy\" decoding=\"async\" width=\"1200\" height=\"801\" src=\"https:\/\/ialeman.cl\/wp-content\/uploads\/2024\/05\/dia-de-la-abeja-_0015_DSC_8272.jpg\" class=\"attachment-full size-full\" alt=\"\" srcset=\"https:\/\/ialeman.cl\/wp-content\/uploads\/2024\/05\/dia-de-la-abeja-_0015_DSC_8272.jpg 1200w, https:\/\/ialeman.cl\/wp-content\/uploads\/2024\/05\/dia-de-la-abeja-_0015_DSC_8272-300x200.jpg 300w, https:\/\/ialeman.cl\/wp-content\/uploads\/2024\/05\/dia-de-la-abeja-_0015_DSC_8272-1024x684.jpg 1024w, https:\/\/ialeman.cl\/wp-content\/uploads\/2024\/05\/dia-de-la-abeja-_0015_DSC_8272-768x513.jpg 768w\" sizes=\"(max-width: 1200px) 100vw, 1200px\" \/><\/a>\n\t\t\t<\/div><\/figure><figure class='gallery-item'>\n\t\t\t<div class='gallery-icon landscape'>\n\t\t\t\t<a data-elementor-open-lightbox=\"yes\" data-elementor-lightbox-slideshow=\"9062402\" data-elementor-lightbox-title=\"dia de la abeja _0016_DSC_8271\" data-e-action-hash=\"#elementor-action%3Aaction%3Dlightbox%26settings%3DeyJpZCI6MzMyNTAsInVybCI6Imh0dHBzOlwvXC9pYWxlbWFuLmNsXC93cC1jb250ZW50XC91cGxvYWRzXC8yMDI0XC8wNVwvZGlhLWRlLWxhLWFiZWphLV8wMDE2X0RTQ184MjcxLmpwZyIsInNsaWRlc2hvdyI6IjkwNjI0MDIifQ%3D%3D\" href='https:\/\/ialeman.cl\/wp-content\/uploads\/2024\/05\/dia-de-la-abeja-_0016_DSC_8271.jpg'><img loading=\"lazy\" decoding=\"async\" width=\"1200\" height=\"801\" src=\"https:\/\/ialeman.cl\/wp-content\/uploads\/2024\/05\/dia-de-la-abeja-_0016_DSC_8271.jpg\" class=\"attachment-full size-full\" alt=\"\" srcset=\"https:\/\/ialeman.cl\/wp-content\/uploads\/2024\/05\/dia-de-la-abeja-_0016_DSC_8271.jpg 1200w, https:\/\/ialeman.cl\/wp-content\/uploads\/2024\/05\/dia-de-la-abeja-_0016_DSC_8271-300x200.jpg 300w, https:\/\/ialeman.cl\/wp-content\/uploads\/2024\/05\/dia-de-la-abeja-_0016_DSC_8271-1024x684.jpg 1024w, https:\/\/ialeman.cl\/wp-content\/uploads\/2024\/05\/dia-de-la-abeja-_0016_DSC_8271-768x513.jpg 768w\" sizes=\"(max-width: 1200px) 100vw, 1200px\" \/><\/a>\n\t\t\t<\/div><\/figure><figure class='gallery-item'>\n\t\t\t<div class='gallery-icon landscape'>\n\t\t\t\t<a data-elementor-open-lightbox=\"yes\" data-elementor-lightbox-slideshow=\"9062402\" data-elementor-lightbox-title=\"dia de la abeja _0018_DSC_8267\" data-e-action-hash=\"#elementor-action%3Aaction%3Dlightbox%26settings%3DeyJpZCI6MzMyNTIsInVybCI6Imh0dHBzOlwvXC9pYWxlbWFuLmNsXC93cC1jb250ZW50XC91cGxvYWRzXC8yMDI0XC8wNVwvZGlhLWRlLWxhLWFiZWphLV8wMDE4X0RTQ184MjY3LmpwZyIsInNsaWRlc2hvdyI6IjkwNjI0MDIifQ%3D%3D\" href='https:\/\/ialeman.cl\/wp-content\/uploads\/2024\/05\/dia-de-la-abeja-_0018_DSC_8267.jpg'><img loading=\"lazy\" decoding=\"async\" width=\"1200\" height=\"801\" src=\"https:\/\/ialeman.cl\/wp-content\/uploads\/2024\/05\/dia-de-la-abeja-_0018_DSC_8267.jpg\" class=\"attachment-full size-full\" alt=\"\" srcset=\"https:\/\/ialeman.cl\/wp-content\/uploads\/2024\/05\/dia-de-la-abeja-_0018_DSC_8267.jpg 1200w, https:\/\/ialeman.cl\/wp-content\/uploads\/2024\/05\/dia-de-la-abeja-_0018_DSC_8267-300x200.jpg 300w, https:\/\/ialeman.cl\/wp-content\/uploads\/2024\/05\/dia-de-la-abeja-_0018_DSC_8267-1024x684.jpg 1024w, https:\/\/ialeman.cl\/wp-content\/uploads\/2024\/05\/dia-de-la-abeja-_0018_DSC_8267-768x513.jpg 768w\" sizes=\"(max-width: 1200px) 100vw, 1200px\" \/><\/a>\n\t\t\t<\/div><\/figure><figure class='gallery-item'>\n\t\t\t<div class='gallery-icon landscape'>\n\t\t\t\t<a data-elementor-open-lightbox=\"yes\" data-elementor-lightbox-slideshow=\"9062402\" data-elementor-lightbox-title=\"dia de la abeja _0021_DSC_8264\" data-e-action-hash=\"#elementor-action%3Aaction%3Dlightbox%26settings%3DeyJpZCI6MzMyNTUsInVybCI6Imh0dHBzOlwvXC9pYWxlbWFuLmNsXC93cC1jb250ZW50XC91cGxvYWRzXC8yMDI0XC8wNVwvZGlhLWRlLWxhLWFiZWphLV8wMDIxX0RTQ184MjY0LmpwZyIsInNsaWRlc2hvdyI6IjkwNjI0MDIifQ%3D%3D\" href='https:\/\/ialeman.cl\/wp-content\/uploads\/2024\/05\/dia-de-la-abeja-_0021_DSC_8264.jpg'><img loading=\"lazy\" decoding=\"async\" width=\"1200\" height=\"801\" src=\"https:\/\/ialeman.cl\/wp-content\/uploads\/2024\/05\/dia-de-la-abeja-_0021_DSC_8264.jpg\" class=\"attachment-full size-full\" alt=\"\" srcset=\"https:\/\/ialeman.cl\/wp-content\/uploads\/2024\/05\/dia-de-la-abeja-_0021_DSC_8264.jpg 1200w, https:\/\/ialeman.cl\/wp-content\/uploads\/2024\/05\/dia-de-la-abeja-_0021_DSC_8264-300x200.jpg 300w, https:\/\/ialeman.cl\/wp-content\/uploads\/2024\/05\/dia-de-la-abeja-_0021_DSC_8264-1024x684.jpg 1024w, https:\/\/ialeman.cl\/wp-content\/uploads\/2024\/05\/dia-de-la-abeja-_0021_DSC_8264-768x513.jpg 768w\" sizes=\"(max-width: 1200px) 100vw, 1200px\" \/><\/a>\n\t\t\t<\/div><\/figure><figure class='gallery-item'>\n\t\t\t<div class='gallery-icon landscape'>\n\t\t\t\t<a data-elementor-open-lightbox=\"yes\" data-elementor-lightbox-slideshow=\"9062402\" data-elementor-lightbox-title=\"dia de la abeja _0050_DSC_8095\" data-e-action-hash=\"#elementor-action%3Aaction%3Dlightbox%26settings%3DeyJpZCI6MzMyODUsInVybCI6Imh0dHBzOlwvXC9pYWxlbWFuLmNsXC93cC1jb250ZW50XC91cGxvYWRzXC8yMDI0XC8wNVwvZGlhLWRlLWxhLWFiZWphLV8wMDUwX0RTQ184MDk1LmpwZyIsInNsaWRlc2hvdyI6IjkwNjI0MDIifQ%3D%3D\" href='https:\/\/ialeman.cl\/wp-content\/uploads\/2024\/05\/dia-de-la-abeja-_0050_DSC_8095.jpg'><img loading=\"lazy\" decoding=\"async\" width=\"1200\" height=\"801\" src=\"https:\/\/ialeman.cl\/wp-content\/uploads\/2024\/05\/dia-de-la-abeja-_0050_DSC_8095.jpg\" class=\"attachment-full size-full\" alt=\"\" srcset=\"https:\/\/ialeman.cl\/wp-content\/uploads\/2024\/05\/dia-de-la-abeja-_0050_DSC_8095.jpg 1200w, https:\/\/ialeman.cl\/wp-content\/uploads\/2024\/05\/dia-de-la-abeja-_0050_DSC_8095-300x200.jpg 300w, https:\/\/ialeman.cl\/wp-content\/uploads\/2024\/05\/dia-de-la-abeja-_0050_DSC_8095-1024x684.jpg 1024w, https:\/\/ialeman.cl\/wp-content\/uploads\/2024\/05\/dia-de-la-abeja-_0050_DSC_8095-768x513.jpg 768w\" sizes=\"(max-width: 1200px) 100vw, 1200px\" \/><\/a>\n\t\t\t<\/div><\/figure><figure class='gallery-item'>\n\t\t\t<div class='gallery-icon landscape'>\n\t\t\t\t<a data-elementor-open-lightbox=\"yes\" data-elementor-lightbox-slideshow=\"9062402\" data-elementor-lightbox-title=\"dia de la abeja _0022_DSC_8262\" data-e-action-hash=\"#elementor-action%3Aaction%3Dlightbox%26settings%3DeyJpZCI6MzMyNTYsInVybCI6Imh0dHBzOlwvXC9pYWxlbWFuLmNsXC93cC1jb250ZW50XC91cGxvYWRzXC8yMDI0XC8wNVwvZGlhLWRlLWxhLWFiZWphLV8wMDIyX0RTQ184MjYyLmpwZyIsInNsaWRlc2hvdyI6IjkwNjI0MDIifQ%3D%3D\" href='https:\/\/ialeman.cl\/wp-content\/uploads\/2024\/05\/dia-de-la-abeja-_0022_DSC_8262.jpg'><img loading=\"lazy\" decoding=\"async\" width=\"1200\" height=\"801\" src=\"https:\/\/ialeman.cl\/wp-content\/uploads\/2024\/05\/dia-de-la-abeja-_0022_DSC_8262.jpg\" class=\"attachment-full size-full\" alt=\"\" srcset=\"https:\/\/ialeman.cl\/wp-content\/uploads\/2024\/05\/dia-de-la-abeja-_0022_DSC_8262.jpg 1200w, https:\/\/ialeman.cl\/wp-content\/uploads\/2024\/05\/dia-de-la-abeja-_0022_DSC_8262-300x200.jpg 300w, https:\/\/ialeman.cl\/wp-content\/uploads\/2024\/05\/dia-de-la-abeja-_0022_DSC_8262-1024x684.jpg 1024w, https:\/\/ialeman.cl\/wp-content\/uploads\/2024\/05\/dia-de-la-abeja-_0022_DSC_8262-768x513.jpg 768w\" sizes=\"(max-width: 1200px) 100vw, 1200px\" \/><\/a>\n\t\t\t<\/div><\/figure><figure class='gallery-item'>\n\t\t\t<div class='gallery-icon landscape'>\n\t\t\t\t<a data-elementor-open-lightbox=\"yes\" data-elementor-lightbox-slideshow=\"9062402\" data-elementor-lightbox-title=\"dia de la abeja _0024_DSC_8260\" data-e-action-hash=\"#elementor-action%3Aaction%3Dlightbox%26settings%3DeyJpZCI6MzMyNTgsInVybCI6Imh0dHBzOlwvXC9pYWxlbWFuLmNsXC93cC1jb250ZW50XC91cGxvYWRzXC8yMDI0XC8wNVwvZGlhLWRlLWxhLWFiZWphLV8wMDI0X0RTQ184MjYwLmpwZyIsInNsaWRlc2hvdyI6IjkwNjI0MDIifQ%3D%3D\" href='https:\/\/ialeman.cl\/wp-content\/uploads\/2024\/05\/dia-de-la-abeja-_0024_DSC_8260.jpg'><img loading=\"lazy\" decoding=\"async\" width=\"1200\" height=\"801\" src=\"https:\/\/ialeman.cl\/wp-content\/uploads\/2024\/05\/dia-de-la-abeja-_0024_DSC_8260.jpg\" class=\"attachment-full size-full\" alt=\"\" srcset=\"https:\/\/ialeman.cl\/wp-content\/uploads\/2024\/05\/dia-de-la-abeja-_0024_DSC_8260.jpg 1200w, https:\/\/ialeman.cl\/wp-content\/uploads\/2024\/05\/dia-de-la-abeja-_0024_DSC_8260-300x200.jpg 300w, https:\/\/ialeman.cl\/wp-content\/uploads\/2024\/05\/dia-de-la-abeja-_0024_DSC_8260-1024x684.jpg 1024w, https:\/\/ialeman.cl\/wp-content\/uploads\/2024\/05\/dia-de-la-abeja-_0024_DSC_8260-768x513.jpg 768w\" sizes=\"(max-width: 1200px) 100vw, 1200px\" \/><\/a>\n\t\t\t<\/div><\/figure><figure class='gallery-item'>\n\t\t\t<div class='gallery-icon landscape'>\n\t\t\t\t<a data-elementor-open-lightbox=\"yes\" data-elementor-lightbox-slideshow=\"9062402\" data-elementor-lightbox-title=\"dia de la abeja _0001_DSC_8273\" data-e-action-hash=\"#elementor-action%3Aaction%3Dlightbox%26settings%3DeyJpZCI6MzMyMzUsInVybCI6Imh0dHBzOlwvXC9pYWxlbWFuLmNsXC93cC1jb250ZW50XC91cGxvYWRzXC8yMDI0XC8wNVwvZGlhLWRlLWxhLWFiZWphLV8wMDAxX0RTQ184MjczLmpwZyIsInNsaWRlc2hvdyI6IjkwNjI0MDIifQ%3D%3D\" href='https:\/\/ialeman.cl\/wp-content\/uploads\/2024\/05\/dia-de-la-abeja-_0001_DSC_8273.jpg'><img loading=\"lazy\" decoding=\"async\" width=\"1200\" height=\"801\" src=\"https:\/\/ialeman.cl\/wp-content\/uploads\/2024\/05\/dia-de-la-abeja-_0001_DSC_8273.jpg\" class=\"attachment-full size-full\" alt=\"\" srcset=\"https:\/\/ialeman.cl\/wp-content\/uploads\/2024\/05\/dia-de-la-abeja-_0001_DSC_8273.jpg 1200w, https:\/\/ialeman.cl\/wp-content\/uploads\/2024\/05\/dia-de-la-abeja-_0001_DSC_8273-300x200.jpg 300w, https:\/\/ialeman.cl\/wp-content\/uploads\/2024\/05\/dia-de-la-abeja-_0001_DSC_8273-1024x684.jpg 1024w, https:\/\/ialeman.cl\/wp-content\/uploads\/2024\/05\/dia-de-la-abeja-_0001_DSC_8273-768x513.jpg 768w\" sizes=\"(max-width: 1200px) 100vw, 1200px\" \/><\/a>\n\t\t\t<\/div><\/figure><figure class='gallery-item'>\n\t\t\t<div class='gallery-icon landscape'>\n\t\t\t\t<a data-elementor-open-lightbox=\"yes\" data-elementor-lightbox-slideshow=\"9062402\" data-elementor-lightbox-title=\"dia de la abeja _0000_Brillo_contraste 1\" data-e-action-hash=\"#elementor-action%3Aaction%3Dlightbox%26settings%3DeyJpZCI6MzMyMzQsInVybCI6Imh0dHBzOlwvXC9pYWxlbWFuLmNsXC93cC1jb250ZW50XC91cGxvYWRzXC8yMDI0XC8wNVwvZGlhLWRlLWxhLWFiZWphLV8wMDAwX0JyaWxsb19jb250cmFzdGUtMS5qcGciLCJzbGlkZXNob3ciOiI5MDYyNDAyIn0%3D\" href='https:\/\/ialeman.cl\/wp-content\/uploads\/2024\/05\/dia-de-la-abeja-_0000_Brillo_contraste-1.jpg'><img loading=\"lazy\" decoding=\"async\" width=\"1200\" height=\"801\" src=\"https:\/\/ialeman.cl\/wp-content\/uploads\/2024\/05\/dia-de-la-abeja-_0000_Brillo_contraste-1.jpg\" class=\"attachment-full size-full\" alt=\"\" srcset=\"https:\/\/ialeman.cl\/wp-content\/uploads\/2024\/05\/dia-de-la-abeja-_0000_Brillo_contraste-1.jpg 1200w, https:\/\/ialeman.cl\/wp-content\/uploads\/2024\/05\/dia-de-la-abeja-_0000_Brillo_contraste-1-300x200.jpg 300w, https:\/\/ialeman.cl\/wp-content\/uploads\/2024\/05\/dia-de-la-abeja-_0000_Brillo_contraste-1-1024x684.jpg 1024w, https:\/\/ialeman.cl\/wp-content\/uploads\/2024\/05\/dia-de-la-abeja-_0000_Brillo_contraste-1-768x513.jpg 768w\" sizes=\"(max-width: 1200px) 100vw, 1200px\" \/><\/a>\n\t\t\t<\/div><\/figure><figure class='gallery-item'>\n\t\t\t<div class='gallery-icon landscape'>\n\t\t\t\t<a data-elementor-open-lightbox=\"yes\" data-elementor-lightbox-slideshow=\"9062402\" data-elementor-lightbox-title=\"dia de la abeja _0025_DSC_8257\" data-e-action-hash=\"#elementor-action%3Aaction%3Dlightbox%26settings%3DeyJpZCI6MzMyNTksInVybCI6Imh0dHBzOlwvXC9pYWxlbWFuLmNsXC93cC1jb250ZW50XC91cGxvYWRzXC8yMDI0XC8wNVwvZGlhLWRlLWxhLWFiZWphLV8wMDI1X0RTQ184MjU3LmpwZyIsInNsaWRlc2hvdyI6IjkwNjI0MDIifQ%3D%3D\" href='https:\/\/ialeman.cl\/wp-content\/uploads\/2024\/05\/dia-de-la-abeja-_0025_DSC_8257.jpg'><img loading=\"lazy\" decoding=\"async\" width=\"1200\" height=\"801\" src=\"https:\/\/ialeman.cl\/wp-content\/uploads\/2024\/05\/dia-de-la-abeja-_0025_DSC_8257.jpg\" class=\"attachment-full size-full\" alt=\"\" srcset=\"https:\/\/ialeman.cl\/wp-content\/uploads\/2024\/05\/dia-de-la-abeja-_0025_DSC_8257.jpg 1200w, https:\/\/ialeman.cl\/wp-content\/uploads\/2024\/05\/dia-de-la-abeja-_0025_DSC_8257-300x200.jpg 300w, https:\/\/ialeman.cl\/wp-content\/uploads\/2024\/05\/dia-de-la-abeja-_0025_DSC_8257-1024x684.jpg 1024w, https:\/\/ialeman.cl\/wp-content\/uploads\/2024\/05\/dia-de-la-abeja-_0025_DSC_8257-768x513.jpg 768w\" sizes=\"(max-width: 1200px) 100vw, 1200px\" \/><\/a>\n\t\t\t<\/div><\/figure><figure class='gallery-item'>\n\t\t\t<div class='gallery-icon landscape'>\n\t\t\t\t<a data-elementor-open-lightbox=\"yes\" data-elementor-lightbox-slideshow=\"9062402\" data-elementor-lightbox-title=\"dia de la abeja _0026_DSC_8281\" data-e-action-hash=\"#elementor-action%3Aaction%3Dlightbox%26settings%3DeyJpZCI6MzMyNjAsInVybCI6Imh0dHBzOlwvXC9pYWxlbWFuLmNsXC93cC1jb250ZW50XC91cGxvYWRzXC8yMDI0XC8wNVwvZGlhLWRlLWxhLWFiZWphLV8wMDI2X0RTQ184MjgxLmpwZyIsInNsaWRlc2hvdyI6IjkwNjI0MDIifQ%3D%3D\" href='https:\/\/ialeman.cl\/wp-content\/uploads\/2024\/05\/dia-de-la-abeja-_0026_DSC_8281.jpg'><img loading=\"lazy\" decoding=\"async\" width=\"1200\" height=\"801\" src=\"https:\/\/ialeman.cl\/wp-content\/uploads\/2024\/05\/dia-de-la-abeja-_0026_DSC_8281.jpg\" class=\"attachment-full size-full\" alt=\"\" srcset=\"https:\/\/ialeman.cl\/wp-content\/uploads\/2024\/05\/dia-de-la-abeja-_0026_DSC_8281.jpg 1200w, https:\/\/ialeman.cl\/wp-content\/uploads\/2024\/05\/dia-de-la-abeja-_0026_DSC_8281-300x200.jpg 300w, https:\/\/ialeman.cl\/wp-content\/uploads\/2024\/05\/dia-de-la-abeja-_0026_DSC_8281-1024x684.jpg 1024w, https:\/\/ialeman.cl\/wp-content\/uploads\/2024\/05\/dia-de-la-abeja-_0026_DSC_8281-768x513.jpg 768w\" sizes=\"(max-width: 1200px) 100vw, 1200px\" \/><\/a>\n\t\t\t<\/div><\/figure><figure class='gallery-item'>\n\t\t\t<div class='gallery-icon landscape'>\n\t\t\t\t<a data-elementor-open-lightbox=\"yes\" data-elementor-lightbox-slideshow=\"9062402\" data-elementor-lightbox-title=\"dia de la abeja _0027_DSC_8252\" data-e-action-hash=\"#elementor-action%3Aaction%3Dlightbox%26settings%3DeyJpZCI6MzMyNjEsInVybCI6Imh0dHBzOlwvXC9pYWxlbWFuLmNsXC93cC1jb250ZW50XC91cGxvYWRzXC8yMDI0XC8wNVwvZGlhLWRlLWxhLWFiZWphLV8wMDI3X0RTQ184MjUyLmpwZyIsInNsaWRlc2hvdyI6IjkwNjI0MDIifQ%3D%3D\" href='https:\/\/ialeman.cl\/wp-content\/uploads\/2024\/05\/dia-de-la-abeja-_0027_DSC_8252.jpg'><img loading=\"lazy\" decoding=\"async\" width=\"1200\" height=\"801\" src=\"https:\/\/ialeman.cl\/wp-content\/uploads\/2024\/05\/dia-de-la-abeja-_0027_DSC_8252.jpg\" class=\"attachment-full size-full\" alt=\"\" srcset=\"https:\/\/ialeman.cl\/wp-content\/uploads\/2024\/05\/dia-de-la-abeja-_0027_DSC_8252.jpg 1200w, https:\/\/ialeman.cl\/wp-content\/uploads\/2024\/05\/dia-de-la-abeja-_0027_DSC_8252-300x200.jpg 300w, https:\/\/ialeman.cl\/wp-content\/uploads\/2024\/05\/dia-de-la-abeja-_0027_DSC_8252-1024x684.jpg 1024w, https:\/\/ialeman.cl\/wp-content\/uploads\/2024\/05\/dia-de-la-abeja-_0027_DSC_8252-768x513.jpg 768w\" sizes=\"(max-width: 1200px) 100vw, 1200px\" \/><\/a>\n\t\t\t<\/div><\/figure><figure class='gallery-item'>\n\t\t\t<div class='gallery-icon landscape'>\n\t\t\t\t<a data-elementor-open-lightbox=\"yes\" data-elementor-lightbox-slideshow=\"9062402\" data-elementor-lightbox-title=\"dia de la abeja _0039_DSC_8124\" data-e-action-hash=\"#elementor-action%3Aaction%3Dlightbox%26settings%3DeyJpZCI6MzMyNzQsInVybCI6Imh0dHBzOlwvXC9pYWxlbWFuLmNsXC93cC1jb250ZW50XC91cGxvYWRzXC8yMDI0XC8wNVwvZGlhLWRlLWxhLWFiZWphLV8wMDM5X0RTQ184MTI0LmpwZyIsInNsaWRlc2hvdyI6IjkwNjI0MDIifQ%3D%3D\" href='https:\/\/ialeman.cl\/wp-content\/uploads\/2024\/05\/dia-de-la-abeja-_0039_DSC_8124.jpg'><img loading=\"lazy\" decoding=\"async\" width=\"1200\" height=\"801\" src=\"https:\/\/ialeman.cl\/wp-content\/uploads\/2024\/05\/dia-de-la-abeja-_0039_DSC_8124.jpg\" class=\"attachment-full size-full\" alt=\"\" srcset=\"https:\/\/ialeman.cl\/wp-content\/uploads\/2024\/05\/dia-de-la-abeja-_0039_DSC_8124.jpg 1200w, https:\/\/ialeman.cl\/wp-content\/uploads\/2024\/05\/dia-de-la-abeja-_0039_DSC_8124-300x200.jpg 300w, https:\/\/ialeman.cl\/wp-content\/uploads\/2024\/05\/dia-de-la-abeja-_0039_DSC_8124-1024x684.jpg 1024w, https:\/\/ialeman.cl\/wp-content\/uploads\/2024\/05\/dia-de-la-abeja-_0039_DSC_8124-768x513.jpg 768w\" sizes=\"(max-width: 1200px) 100vw, 1200px\" \/><\/a>\n\t\t\t<\/div><\/figure><figure class='gallery-item'>\n\t\t\t<div class='gallery-icon landscape'>\n\t\t\t\t<a data-elementor-open-lightbox=\"yes\" data-elementor-lightbox-slideshow=\"9062402\" data-elementor-lightbox-title=\"dia de la abeja _0045_DSC_8109\" data-e-action-hash=\"#elementor-action%3Aaction%3Dlightbox%26settings%3DeyJpZCI6MzMyODAsInVybCI6Imh0dHBzOlwvXC9pYWxlbWFuLmNsXC93cC1jb250ZW50XC91cGxvYWRzXC8yMDI0XC8wNVwvZGlhLWRlLWxhLWFiZWphLV8wMDQ1X0RTQ184MTA5LmpwZyIsInNsaWRlc2hvdyI6IjkwNjI0MDIifQ%3D%3D\" href='https:\/\/ialeman.cl\/wp-content\/uploads\/2024\/05\/dia-de-la-abeja-_0045_DSC_8109.jpg'><img loading=\"lazy\" decoding=\"async\" width=\"1200\" height=\"801\" src=\"https:\/\/ialeman.cl\/wp-content\/uploads\/2024\/05\/dia-de-la-abeja-_0045_DSC_8109.jpg\" class=\"attachment-full size-full\" alt=\"\" srcset=\"https:\/\/ialeman.cl\/wp-content\/uploads\/2024\/05\/dia-de-la-abeja-_0045_DSC_8109.jpg 1200w, https:\/\/ialeman.cl\/wp-content\/uploads\/2024\/05\/dia-de-la-abeja-_0045_DSC_8109-300x200.jpg 300w, https:\/\/ialeman.cl\/wp-content\/uploads\/2024\/05\/dia-de-la-abeja-_0045_DSC_8109-1024x684.jpg 1024w, https:\/\/ialeman.cl\/wp-content\/uploads\/2024\/05\/dia-de-la-abeja-_0045_DSC_8109-768x513.jpg 768w\" sizes=\"(max-width: 1200px) 100vw, 1200px\" \/><\/a>\n\t\t\t<\/div><\/figure><figure class='gallery-item'>\n\t\t\t<div class='gallery-icon landscape'>\n\t\t\t\t<a data-elementor-open-lightbox=\"yes\" data-elementor-lightbox-slideshow=\"9062402\" data-elementor-lightbox-title=\"dia de la abeja _0028_DSC_8244\" data-e-action-hash=\"#elementor-action%3Aaction%3Dlightbox%26settings%3DeyJpZCI6MzMyNjIsInVybCI6Imh0dHBzOlwvXC9pYWxlbWFuLmNsXC93cC1jb250ZW50XC91cGxvYWRzXC8yMDI0XC8wNVwvZGlhLWRlLWxhLWFiZWphLV8wMDI4X0RTQ184MjQ0LmpwZyIsInNsaWRlc2hvdyI6IjkwNjI0MDIifQ%3D%3D\" href='https:\/\/ialeman.cl\/wp-content\/uploads\/2024\/05\/dia-de-la-abeja-_0028_DSC_8244.jpg'><img loading=\"lazy\" decoding=\"async\" width=\"1200\" height=\"801\" src=\"https:\/\/ialeman.cl\/wp-content\/uploads\/2024\/05\/dia-de-la-abeja-_0028_DSC_8244.jpg\" class=\"attachment-full size-full\" alt=\"\" srcset=\"https:\/\/ialeman.cl\/wp-content\/uploads\/2024\/05\/dia-de-la-abeja-_0028_DSC_8244.jpg 1200w, https:\/\/ialeman.cl\/wp-content\/uploads\/2024\/05\/dia-de-la-abeja-_0028_DSC_8244-300x200.jpg 300w, https:\/\/ialeman.cl\/wp-content\/uploads\/2024\/05\/dia-de-la-abeja-_0028_DSC_8244-1024x684.jpg 1024w, https:\/\/ialeman.cl\/wp-content\/uploads\/2024\/05\/dia-de-la-abeja-_0028_DSC_8244-768x513.jpg 768w\" sizes=\"(max-width: 1200px) 100vw, 1200px\" \/><\/a>\n\t\t\t<\/div><\/figure><figure class='gallery-item'>\n\t\t\t<div class='gallery-icon landscape'>\n\t\t\t\t<a data-elementor-open-lightbox=\"yes\" data-elementor-lightbox-slideshow=\"9062402\" data-elementor-lightbox-title=\"dia de la abeja _0029_DSC_8242\" data-e-action-hash=\"#elementor-action%3Aaction%3Dlightbox%26settings%3DeyJpZCI6MzMyNjMsInVybCI6Imh0dHBzOlwvXC9pYWxlbWFuLmNsXC93cC1jb250ZW50XC91cGxvYWRzXC8yMDI0XC8wNVwvZGlhLWRlLWxhLWFiZWphLV8wMDI5X0RTQ184MjQyLmpwZyIsInNsaWRlc2hvdyI6IjkwNjI0MDIifQ%3D%3D\" href='https:\/\/ialeman.cl\/wp-content\/uploads\/2024\/05\/dia-de-la-abeja-_0029_DSC_8242.jpg'><img loading=\"lazy\" decoding=\"async\" width=\"1200\" height=\"801\" src=\"https:\/\/ialeman.cl\/wp-content\/uploads\/2024\/05\/dia-de-la-abeja-_0029_DSC_8242.jpg\" class=\"attachment-full size-full\" alt=\"\" srcset=\"https:\/\/ialeman.cl\/wp-content\/uploads\/2024\/05\/dia-de-la-abeja-_0029_DSC_8242.jpg 1200w, https:\/\/ialeman.cl\/wp-content\/uploads\/2024\/05\/dia-de-la-abeja-_0029_DSC_8242-300x200.jpg 300w, https:\/\/ialeman.cl\/wp-content\/uploads\/2024\/05\/dia-de-la-abeja-_0029_DSC_8242-1024x684.jpg 1024w, https:\/\/ialeman.cl\/wp-content\/uploads\/2024\/05\/dia-de-la-abeja-_0029_DSC_8242-768x513.jpg 768w\" sizes=\"(max-width: 1200px) 100vw, 1200px\" \/><\/a>\n\t\t\t<\/div><\/figure><figure class='gallery-item'>\n\t\t\t<div class='gallery-icon landscape'>\n\t\t\t\t<a data-elementor-open-lightbox=\"yes\" data-elementor-lightbox-slideshow=\"9062402\" data-elementor-lightbox-title=\"dia de la abeja _0048_DSC_8098\" data-e-action-hash=\"#elementor-action%3Aaction%3Dlightbox%26settings%3DeyJpZCI6MzMyODMsInVybCI6Imh0dHBzOlwvXC9pYWxlbWFuLmNsXC93cC1jb250ZW50XC91cGxvYWRzXC8yMDI0XC8wNVwvZGlhLWRlLWxhLWFiZWphLV8wMDQ4X0RTQ184MDk4LmpwZyIsInNsaWRlc2hvdyI6IjkwNjI0MDIifQ%3D%3D\" href='https:\/\/ialeman.cl\/wp-content\/uploads\/2024\/05\/dia-de-la-abeja-_0048_DSC_8098.jpg'><img loading=\"lazy\" decoding=\"async\" width=\"1200\" height=\"801\" src=\"https:\/\/ialeman.cl\/wp-content\/uploads\/2024\/05\/dia-de-la-abeja-_0048_DSC_8098.jpg\" class=\"attachment-full size-full\" alt=\"\" srcset=\"https:\/\/ialeman.cl\/wp-content\/uploads\/2024\/05\/dia-de-la-abeja-_0048_DSC_8098.jpg 1200w, https:\/\/ialeman.cl\/wp-content\/uploads\/2024\/05\/dia-de-la-abeja-_0048_DSC_8098-300x200.jpg 300w, https:\/\/ialeman.cl\/wp-content\/uploads\/2024\/05\/dia-de-la-abeja-_0048_DSC_8098-1024x684.jpg 1024w, https:\/\/ialeman.cl\/wp-content\/uploads\/2024\/05\/dia-de-la-abeja-_0048_DSC_8098-768x513.jpg 768w\" sizes=\"(max-width: 1200px) 100vw, 1200px\" \/><\/a>\n\t\t\t<\/div><\/figure><figure class='gallery-item'>\n\t\t\t<div class='gallery-icon landscape'>\n\t\t\t\t<a data-elementor-open-lightbox=\"yes\" data-elementor-lightbox-slideshow=\"9062402\" data-elementor-lightbox-title=\"dia de la abeja _0030_DSC_8236\" data-e-action-hash=\"#elementor-action%3Aaction%3Dlightbox%26settings%3DeyJpZCI6MzMyNjQsInVybCI6Imh0dHBzOlwvXC9pYWxlbWFuLmNsXC93cC1jb250ZW50XC91cGxvYWRzXC8yMDI0XC8wNVwvZGlhLWRlLWxhLWFiZWphLV8wMDMwX0RTQ184MjM2LmpwZyIsInNsaWRlc2hvdyI6IjkwNjI0MDIifQ%3D%3D\" href='https:\/\/ialeman.cl\/wp-content\/uploads\/2024\/05\/dia-de-la-abeja-_0030_DSC_8236.jpg'><img loading=\"lazy\" decoding=\"async\" width=\"1200\" height=\"801\" src=\"https:\/\/ialeman.cl\/wp-content\/uploads\/2024\/05\/dia-de-la-abeja-_0030_DSC_8236.jpg\" class=\"attachment-full size-full\" alt=\"\" srcset=\"https:\/\/ialeman.cl\/wp-content\/uploads\/2024\/05\/dia-de-la-abeja-_0030_DSC_8236.jpg 1200w, https:\/\/ialeman.cl\/wp-content\/uploads\/2024\/05\/dia-de-la-abeja-_0030_DSC_8236-300x200.jpg 300w, https:\/\/ialeman.cl\/wp-content\/uploads\/2024\/05\/dia-de-la-abeja-_0030_DSC_8236-1024x684.jpg 1024w, https:\/\/ialeman.cl\/wp-content\/uploads\/2024\/05\/dia-de-la-abeja-_0030_DSC_8236-768x513.jpg 768w\" sizes=\"(max-width: 1200px) 100vw, 1200px\" \/><\/a>\n\t\t\t<\/div><\/figure><figure class='gallery-item'>\n\t\t\t<div class='gallery-icon landscape'>\n\t\t\t\t<a data-elementor-open-lightbox=\"yes\" data-elementor-lightbox-slideshow=\"9062402\" data-elementor-lightbox-title=\"dia de la abeja _0031_DSC_8233\" data-e-action-hash=\"#elementor-action%3Aaction%3Dlightbox%26settings%3DeyJpZCI6MzMyNjUsInVybCI6Imh0dHBzOlwvXC9pYWxlbWFuLmNsXC93cC1jb250ZW50XC91cGxvYWRzXC8yMDI0XC8wNVwvZGlhLWRlLWxhLWFiZWphLV8wMDMxX0RTQ184MjMzLmpwZyIsInNsaWRlc2hvdyI6IjkwNjI0MDIifQ%3D%3D\" href='https:\/\/ialeman.cl\/wp-content\/uploads\/2024\/05\/dia-de-la-abeja-_0031_DSC_8233.jpg'><img loading=\"lazy\" decoding=\"async\" width=\"1200\" height=\"801\" src=\"https:\/\/ialeman.cl\/wp-content\/uploads\/2024\/05\/dia-de-la-abeja-_0031_DSC_8233.jpg\" class=\"attachment-full size-full\" alt=\"\" srcset=\"https:\/\/ialeman.cl\/wp-content\/uploads\/2024\/05\/dia-de-la-abeja-_0031_DSC_8233.jpg 1200w, https:\/\/ialeman.cl\/wp-content\/uploads\/2024\/05\/dia-de-la-abeja-_0031_DSC_8233-300x200.jpg 300w, https:\/\/ialeman.cl\/wp-content\/uploads\/2024\/05\/dia-de-la-abeja-_0031_DSC_8233-1024x684.jpg 1024w, https:\/\/ialeman.cl\/wp-content\/uploads\/2024\/05\/dia-de-la-abeja-_0031_DSC_8233-768x513.jpg 768w\" sizes=\"(max-width: 1200px) 100vw, 1200px\" \/><\/a>\n\t\t\t<\/div><\/figure><figure class='gallery-item'>\n\t\t\t<div class='gallery-icon landscape'>\n\t\t\t\t<a data-elementor-open-lightbox=\"yes\" data-elementor-lightbox-slideshow=\"9062402\" data-elementor-lightbox-title=\"dia de la abeja _0033_DSC_8231\" data-e-action-hash=\"#elementor-action%3Aaction%3Dlightbox%26settings%3DeyJpZCI6MzMyNjgsInVybCI6Imh0dHBzOlwvXC9pYWxlbWFuLmNsXC93cC1jb250ZW50XC91cGxvYWRzXC8yMDI0XC8wNVwvZGlhLWRlLWxhLWFiZWphLV8wMDMzX0RTQ184MjMxLmpwZyIsInNsaWRlc2hvdyI6IjkwNjI0MDIifQ%3D%3D\" href='https:\/\/ialeman.cl\/wp-content\/uploads\/2024\/05\/dia-de-la-abeja-_0033_DSC_8231.jpg'><img loading=\"lazy\" decoding=\"async\" width=\"1200\" height=\"801\" src=\"https:\/\/ialeman.cl\/wp-content\/uploads\/2024\/05\/dia-de-la-abeja-_0033_DSC_8231.jpg\" class=\"attachment-full size-full\" alt=\"\" srcset=\"https:\/\/ialeman.cl\/wp-content\/uploads\/2024\/05\/dia-de-la-abeja-_0033_DSC_8231.jpg 1200w, https:\/\/ialeman.cl\/wp-content\/uploads\/2024\/05\/dia-de-la-abeja-_0033_DSC_8231-300x200.jpg 300w, https:\/\/ialeman.cl\/wp-content\/uploads\/2024\/05\/dia-de-la-abeja-_0033_DSC_8231-1024x684.jpg 1024w, https:\/\/ialeman.cl\/wp-content\/uploads\/2024\/05\/dia-de-la-abeja-_0033_DSC_8231-768x513.jpg 768w\" sizes=\"(max-width: 1200px) 100vw, 1200px\" \/><\/a>\n\t\t\t<\/div><\/figure><figure class='gallery-item'>\n\t\t\t<div class='gallery-icon landscape'>\n\t\t\t\t<a data-elementor-open-lightbox=\"yes\" data-elementor-lightbox-slideshow=\"9062402\" data-elementor-lightbox-title=\"dia de la abeja _0034_DSC_8227\" data-e-action-hash=\"#elementor-action%3Aaction%3Dlightbox%26settings%3DeyJpZCI6MzMyNjksInVybCI6Imh0dHBzOlwvXC9pYWxlbWFuLmNsXC93cC1jb250ZW50XC91cGxvYWRzXC8yMDI0XC8wNVwvZGlhLWRlLWxhLWFiZWphLV8wMDM0X0RTQ184MjI3LmpwZyIsInNsaWRlc2hvdyI6IjkwNjI0MDIifQ%3D%3D\" href='https:\/\/ialeman.cl\/wp-content\/uploads\/2024\/05\/dia-de-la-abeja-_0034_DSC_8227.jpg'><img loading=\"lazy\" decoding=\"async\" width=\"1200\" height=\"801\" src=\"https:\/\/ialeman.cl\/wp-content\/uploads\/2024\/05\/dia-de-la-abeja-_0034_DSC_8227.jpg\" class=\"attachment-full size-full\" alt=\"\" srcset=\"https:\/\/ialeman.cl\/wp-content\/uploads\/2024\/05\/dia-de-la-abeja-_0034_DSC_8227.jpg 1200w, https:\/\/ialeman.cl\/wp-content\/uploads\/2024\/05\/dia-de-la-abeja-_0034_DSC_8227-300x200.jpg 300w, https:\/\/ialeman.cl\/wp-content\/uploads\/2024\/05\/dia-de-la-abeja-_0034_DSC_8227-1024x684.jpg 1024w, https:\/\/ialeman.cl\/wp-content\/uploads\/2024\/05\/dia-de-la-abeja-_0034_DSC_8227-768x513.jpg 768w\" sizes=\"(max-width: 1200px) 100vw, 1200px\" \/><\/a>\n\t\t\t<\/div><\/figure><figure class='gallery-item'>\n\t\t\t<div class='gallery-icon landscape'>\n\t\t\t\t<a data-elementor-open-lightbox=\"yes\" data-elementor-lightbox-slideshow=\"9062402\" data-elementor-lightbox-title=\"dia de la abeja _0035_DSC_8256\" data-e-action-hash=\"#elementor-action%3Aaction%3Dlightbox%26settings%3DeyJpZCI6MzMyNzAsInVybCI6Imh0dHBzOlwvXC9pYWxlbWFuLmNsXC93cC1jb250ZW50XC91cGxvYWRzXC8yMDI0XC8wNVwvZGlhLWRlLWxhLWFiZWphLV8wMDM1X0RTQ184MjU2LmpwZyIsInNsaWRlc2hvdyI6IjkwNjI0MDIifQ%3D%3D\" href='https:\/\/ialeman.cl\/wp-content\/uploads\/2024\/05\/dia-de-la-abeja-_0035_DSC_8256.jpg'><img loading=\"lazy\" decoding=\"async\" width=\"1200\" height=\"801\" src=\"https:\/\/ialeman.cl\/wp-content\/uploads\/2024\/05\/dia-de-la-abeja-_0035_DSC_8256.jpg\" class=\"attachment-full size-full\" alt=\"\" srcset=\"https:\/\/ialeman.cl\/wp-content\/uploads\/2024\/05\/dia-de-la-abeja-_0035_DSC_8256.jpg 1200w, https:\/\/ialeman.cl\/wp-content\/uploads\/2024\/05\/dia-de-la-abeja-_0035_DSC_8256-300x200.jpg 300w, https:\/\/ialeman.cl\/wp-content\/uploads\/2024\/05\/dia-de-la-abeja-_0035_DSC_8256-1024x684.jpg 1024w, https:\/\/ialeman.cl\/wp-content\/uploads\/2024\/05\/dia-de-la-abeja-_0035_DSC_8256-768x513.jpg 768w\" sizes=\"(max-width: 1200px) 100vw, 1200px\" \/><\/a>\n\t\t\t<\/div><\/figure><figure class='gallery-item'>\n\t\t\t<div class='gallery-icon landscape'>\n\t\t\t\t<a data-elementor-open-lightbox=\"yes\" data-elementor-lightbox-slideshow=\"9062402\" data-elementor-lightbox-title=\"dia de la abeja _0036_DSC_8131\" data-e-action-hash=\"#elementor-action%3Aaction%3Dlightbox%26settings%3DeyJpZCI6MzMyNzEsInVybCI6Imh0dHBzOlwvXC9pYWxlbWFuLmNsXC93cC1jb250ZW50XC91cGxvYWRzXC8yMDI0XC8wNVwvZGlhLWRlLWxhLWFiZWphLV8wMDM2X0RTQ184MTMxLmpwZyIsInNsaWRlc2hvdyI6IjkwNjI0MDIifQ%3D%3D\" href='https:\/\/ialeman.cl\/wp-content\/uploads\/2024\/05\/dia-de-la-abeja-_0036_DSC_8131.jpg'><img loading=\"lazy\" decoding=\"async\" width=\"1200\" height=\"801\" src=\"https:\/\/ialeman.cl\/wp-content\/uploads\/2024\/05\/dia-de-la-abeja-_0036_DSC_8131.jpg\" class=\"attachment-full size-full\" alt=\"\" srcset=\"https:\/\/ialeman.cl\/wp-content\/uploads\/2024\/05\/dia-de-la-abeja-_0036_DSC_8131.jpg 1200w, https:\/\/ialeman.cl\/wp-content\/uploads\/2024\/05\/dia-de-la-abeja-_0036_DSC_8131-300x200.jpg 300w, https:\/\/ialeman.cl\/wp-content\/uploads\/2024\/05\/dia-de-la-abeja-_0036_DSC_8131-1024x684.jpg 1024w, https:\/\/ialeman.cl\/wp-content\/uploads\/2024\/05\/dia-de-la-abeja-_0036_DSC_8131-768x513.jpg 768w\" sizes=\"(max-width: 1200px) 100vw, 1200px\" \/><\/a>\n\t\t\t<\/div><\/figure><figure class='gallery-item'>\n\t\t\t<div class='gallery-icon landscape'>\n\t\t\t\t<a data-elementor-open-lightbox=\"yes\" data-elementor-lightbox-slideshow=\"9062402\" data-elementor-lightbox-title=\"dia de la abeja _0037_DSC_8128\" data-e-action-hash=\"#elementor-action%3Aaction%3Dlightbox%26settings%3DeyJpZCI6MzMyNzIsInVybCI6Imh0dHBzOlwvXC9pYWxlbWFuLmNsXC93cC1jb250ZW50XC91cGxvYWRzXC8yMDI0XC8wNVwvZGlhLWRlLWxhLWFiZWphLV8wMDM3X0RTQ184MTI4LmpwZyIsInNsaWRlc2hvdyI6IjkwNjI0MDIifQ%3D%3D\" href='https:\/\/ialeman.cl\/wp-content\/uploads\/2024\/05\/dia-de-la-abeja-_0037_DSC_8128.jpg'><img loading=\"lazy\" decoding=\"async\" width=\"1200\" height=\"801\" src=\"https:\/\/ialeman.cl\/wp-content\/uploads\/2024\/05\/dia-de-la-abeja-_0037_DSC_8128.jpg\" class=\"attachment-full size-full\" alt=\"\" srcset=\"https:\/\/ialeman.cl\/wp-content\/uploads\/2024\/05\/dia-de-la-abeja-_0037_DSC_8128.jpg 1200w, https:\/\/ialeman.cl\/wp-content\/uploads\/2024\/05\/dia-de-la-abeja-_0037_DSC_8128-300x200.jpg 300w, https:\/\/ialeman.cl\/wp-content\/uploads\/2024\/05\/dia-de-la-abeja-_0037_DSC_8128-1024x684.jpg 1024w, https:\/\/ialeman.cl\/wp-content\/uploads\/2024\/05\/dia-de-la-abeja-_0037_DSC_8128-768x513.jpg 768w\" sizes=\"(max-width: 1200px) 100vw, 1200px\" \/><\/a>\n\t\t\t<\/div><\/figure><figure class='gallery-item'>\n\t\t\t<div class='gallery-icon landscape'>\n\t\t\t\t<a data-elementor-open-lightbox=\"yes\" data-elementor-lightbox-slideshow=\"9062402\" data-elementor-lightbox-title=\"dia de la abeja _0038_DSC_8125\" data-e-action-hash=\"#elementor-action%3Aaction%3Dlightbox%26settings%3DeyJpZCI6MzMyNzMsInVybCI6Imh0dHBzOlwvXC9pYWxlbWFuLmNsXC93cC1jb250ZW50XC91cGxvYWRzXC8yMDI0XC8wNVwvZGlhLWRlLWxhLWFiZWphLV8wMDM4X0RTQ184MTI1LmpwZyIsInNsaWRlc2hvdyI6IjkwNjI0MDIifQ%3D%3D\" href='https:\/\/ialeman.cl\/wp-content\/uploads\/2024\/05\/dia-de-la-abeja-_0038_DSC_8125.jpg'><img loading=\"lazy\" decoding=\"async\" width=\"1200\" height=\"801\" src=\"https:\/\/ialeman.cl\/wp-content\/uploads\/2024\/05\/dia-de-la-abeja-_0038_DSC_8125.jpg\" class=\"attachment-full size-full\" alt=\"\" srcset=\"https:\/\/ialeman.cl\/wp-content\/uploads\/2024\/05\/dia-de-la-abeja-_0038_DSC_8125.jpg 1200w, https:\/\/ialeman.cl\/wp-content\/uploads\/2024\/05\/dia-de-la-abeja-_0038_DSC_8125-300x200.jpg 300w, https:\/\/ialeman.cl\/wp-content\/uploads\/2024\/05\/dia-de-la-abeja-_0038_DSC_8125-1024x684.jpg 1024w, https:\/\/ialeman.cl\/wp-content\/uploads\/2024\/05\/dia-de-la-abeja-_0038_DSC_8125-768x513.jpg 768w\" sizes=\"(max-width: 1200px) 100vw, 1200px\" \/><\/a>\n\t\t\t<\/div><\/figure><figure class='gallery-item'>\n\t\t\t<div class='gallery-icon landscape'>\n\t\t\t\t<a data-elementor-open-lightbox=\"yes\" data-elementor-lightbox-slideshow=\"9062402\" data-elementor-lightbox-title=\"dia de la abeja _0019_DSC_8266\" data-e-action-hash=\"#elementor-action%3Aaction%3Dlightbox%26settings%3DeyJpZCI6MzMyNTMsInVybCI6Imh0dHBzOlwvXC9pYWxlbWFuLmNsXC93cC1jb250ZW50XC91cGxvYWRzXC8yMDI0XC8wNVwvZGlhLWRlLWxhLWFiZWphLV8wMDE5X0RTQ184MjY2LmpwZyIsInNsaWRlc2hvdyI6IjkwNjI0MDIifQ%3D%3D\" href='https:\/\/ialeman.cl\/wp-content\/uploads\/2024\/05\/dia-de-la-abeja-_0019_DSC_8266.jpg'><img loading=\"lazy\" decoding=\"async\" width=\"1200\" height=\"801\" src=\"https:\/\/ialeman.cl\/wp-content\/uploads\/2024\/05\/dia-de-la-abeja-_0019_DSC_8266.jpg\" class=\"attachment-full size-full\" alt=\"\" srcset=\"https:\/\/ialeman.cl\/wp-content\/uploads\/2024\/05\/dia-de-la-abeja-_0019_DSC_8266.jpg 1200w, https:\/\/ialeman.cl\/wp-content\/uploads\/2024\/05\/dia-de-la-abeja-_0019_DSC_8266-300x200.jpg 300w, https:\/\/ialeman.cl\/wp-content\/uploads\/2024\/05\/dia-de-la-abeja-_0019_DSC_8266-1024x684.jpg 1024w, https:\/\/ialeman.cl\/wp-content\/uploads\/2024\/05\/dia-de-la-abeja-_0019_DSC_8266-768x513.jpg 768w\" sizes=\"(max-width: 1200px) 100vw, 1200px\" \/><\/a>\n\t\t\t<\/div><\/figure><figure class='gallery-item'>\n\t\t\t<div class='gallery-icon landscape'>\n\t\t\t\t<a data-elementor-open-lightbox=\"yes\" data-elementor-lightbox-slideshow=\"9062402\" data-elementor-lightbox-title=\"dia de la abeja _0040_DSC_8120\" data-e-action-hash=\"#elementor-action%3Aaction%3Dlightbox%26settings%3DeyJpZCI6MzMyNzUsInVybCI6Imh0dHBzOlwvXC9pYWxlbWFuLmNsXC93cC1jb250ZW50XC91cGxvYWRzXC8yMDI0XC8wNVwvZGlhLWRlLWxhLWFiZWphLV8wMDQwX0RTQ184MTIwLmpwZyIsInNsaWRlc2hvdyI6IjkwNjI0MDIifQ%3D%3D\" href='https:\/\/ialeman.cl\/wp-content\/uploads\/2024\/05\/dia-de-la-abeja-_0040_DSC_8120.jpg'><img loading=\"lazy\" decoding=\"async\" width=\"1200\" height=\"801\" src=\"https:\/\/ialeman.cl\/wp-content\/uploads\/2024\/05\/dia-de-la-abeja-_0040_DSC_8120.jpg\" class=\"attachment-full size-full\" alt=\"\" srcset=\"https:\/\/ialeman.cl\/wp-content\/uploads\/2024\/05\/dia-de-la-abeja-_0040_DSC_8120.jpg 1200w, https:\/\/ialeman.cl\/wp-content\/uploads\/2024\/05\/dia-de-la-abeja-_0040_DSC_8120-300x200.jpg 300w, https:\/\/ialeman.cl\/wp-content\/uploads\/2024\/05\/dia-de-la-abeja-_0040_DSC_8120-1024x684.jpg 1024w, https:\/\/ialeman.cl\/wp-content\/uploads\/2024\/05\/dia-de-la-abeja-_0040_DSC_8120-768x513.jpg 768w\" sizes=\"(max-width: 1200px) 100vw, 1200px\" \/><\/a>\n\t\t\t<\/div><\/figure><figure class='gallery-item'>\n\t\t\t<div class='gallery-icon landscape'>\n\t\t\t\t<a data-elementor-open-lightbox=\"yes\" data-elementor-lightbox-slideshow=\"9062402\" data-elementor-lightbox-title=\"dia de la abeja _0042_DSC_8115\" data-e-action-hash=\"#elementor-action%3Aaction%3Dlightbox%26settings%3DeyJpZCI6MzMyNzcsInVybCI6Imh0dHBzOlwvXC9pYWxlbWFuLmNsXC93cC1jb250ZW50XC91cGxvYWRzXC8yMDI0XC8wNVwvZGlhLWRlLWxhLWFiZWphLV8wMDQyX0RTQ184MTE1LmpwZyIsInNsaWRlc2hvdyI6IjkwNjI0MDIifQ%3D%3D\" href='https:\/\/ialeman.cl\/wp-content\/uploads\/2024\/05\/dia-de-la-abeja-_0042_DSC_8115.jpg'><img loading=\"lazy\" decoding=\"async\" width=\"1200\" height=\"801\" src=\"https:\/\/ialeman.cl\/wp-content\/uploads\/2024\/05\/dia-de-la-abeja-_0042_DSC_8115.jpg\" class=\"attachment-full size-full\" alt=\"\" srcset=\"https:\/\/ialeman.cl\/wp-content\/uploads\/2024\/05\/dia-de-la-abeja-_0042_DSC_8115.jpg 1200w, https:\/\/ialeman.cl\/wp-content\/uploads\/2024\/05\/dia-de-la-abeja-_0042_DSC_8115-300x200.jpg 300w, https:\/\/ialeman.cl\/wp-content\/uploads\/2024\/05\/dia-de-la-abeja-_0042_DSC_8115-1024x684.jpg 1024w, https:\/\/ialeman.cl\/wp-content\/uploads\/2024\/05\/dia-de-la-abeja-_0042_DSC_8115-768x513.jpg 768w\" sizes=\"(max-width: 1200px) 100vw, 1200px\" \/><\/a>\n\t\t\t<\/div><\/figure><figure class='gallery-item'>\n\t\t\t<div class='gallery-icon landscape'>\n\t\t\t\t<a data-elementor-open-lightbox=\"yes\" data-elementor-lightbox-slideshow=\"9062402\" data-elementor-lightbox-title=\"dia de la abeja _0043_DSC_8114\" data-e-action-hash=\"#elementor-action%3Aaction%3Dlightbox%26settings%3DeyJpZCI6MzMyNzgsInVybCI6Imh0dHBzOlwvXC9pYWxlbWFuLmNsXC93cC1jb250ZW50XC91cGxvYWRzXC8yMDI0XC8wNVwvZGlhLWRlLWxhLWFiZWphLV8wMDQzX0RTQ184MTE0LmpwZyIsInNsaWRlc2hvdyI6IjkwNjI0MDIifQ%3D%3D\" href='https:\/\/ialeman.cl\/wp-content\/uploads\/2024\/05\/dia-de-la-abeja-_0043_DSC_8114.jpg'><img loading=\"lazy\" decoding=\"async\" width=\"1200\" height=\"801\" src=\"https:\/\/ialeman.cl\/wp-content\/uploads\/2024\/05\/dia-de-la-abeja-_0043_DSC_8114.jpg\" class=\"attachment-full size-full\" alt=\"\" srcset=\"https:\/\/ialeman.cl\/wp-content\/uploads\/2024\/05\/dia-de-la-abeja-_0043_DSC_8114.jpg 1200w, https:\/\/ialeman.cl\/wp-content\/uploads\/2024\/05\/dia-de-la-abeja-_0043_DSC_8114-300x200.jpg 300w, https:\/\/ialeman.cl\/wp-content\/uploads\/2024\/05\/dia-de-la-abeja-_0043_DSC_8114-1024x684.jpg 1024w, https:\/\/ialeman.cl\/wp-content\/uploads\/2024\/05\/dia-de-la-abeja-_0043_DSC_8114-768x513.jpg 768w\" sizes=\"(max-width: 1200px) 100vw, 1200px\" \/><\/a>\n\t\t\t<\/div><\/figure><figure class='gallery-item'>\n\t\t\t<div class='gallery-icon landscape'>\n\t\t\t\t<a data-elementor-open-lightbox=\"yes\" data-elementor-lightbox-slideshow=\"9062402\" data-elementor-lightbox-title=\"dia de la abeja _0044_DSC_8137\" data-e-action-hash=\"#elementor-action%3Aaction%3Dlightbox%26settings%3DeyJpZCI6MzMyNzksInVybCI6Imh0dHBzOlwvXC9pYWxlbWFuLmNsXC93cC1jb250ZW50XC91cGxvYWRzXC8yMDI0XC8wNVwvZGlhLWRlLWxhLWFiZWphLV8wMDQ0X0RTQ184MTM3LmpwZyIsInNsaWRlc2hvdyI6IjkwNjI0MDIifQ%3D%3D\" href='https:\/\/ialeman.cl\/wp-content\/uploads\/2024\/05\/dia-de-la-abeja-_0044_DSC_8137.jpg'><img loading=\"lazy\" decoding=\"async\" width=\"1200\" height=\"801\" src=\"https:\/\/ialeman.cl\/wp-content\/uploads\/2024\/05\/dia-de-la-abeja-_0044_DSC_8137.jpg\" class=\"attachment-full size-full\" alt=\"\" srcset=\"https:\/\/ialeman.cl\/wp-content\/uploads\/2024\/05\/dia-de-la-abeja-_0044_DSC_8137.jpg 1200w, https:\/\/ialeman.cl\/wp-content\/uploads\/2024\/05\/dia-de-la-abeja-_0044_DSC_8137-300x200.jpg 300w, https:\/\/ialeman.cl\/wp-content\/uploads\/2024\/05\/dia-de-la-abeja-_0044_DSC_8137-1024x684.jpg 1024w, https:\/\/ialeman.cl\/wp-content\/uploads\/2024\/05\/dia-de-la-abeja-_0044_DSC_8137-768x513.jpg 768w\" sizes=\"(max-width: 1200px) 100vw, 1200px\" \/><\/a>\n\t\t\t<\/div><\/figure><figure class='gallery-item'>\n\t\t\t<div class='gallery-icon landscape'>\n\t\t\t\t<a data-elementor-open-lightbox=\"yes\" data-elementor-lightbox-slideshow=\"9062402\" data-elementor-lightbox-title=\"dia de la abeja _0046_DSC_8105\" data-e-action-hash=\"#elementor-action%3Aaction%3Dlightbox%26settings%3DeyJpZCI6MzMyODEsInVybCI6Imh0dHBzOlwvXC9pYWxlbWFuLmNsXC93cC1jb250ZW50XC91cGxvYWRzXC8yMDI0XC8wNVwvZGlhLWRlLWxhLWFiZWphLV8wMDQ2X0RTQ184MTA1LmpwZyIsInNsaWRlc2hvdyI6IjkwNjI0MDIifQ%3D%3D\" href='https:\/\/ialeman.cl\/wp-content\/uploads\/2024\/05\/dia-de-la-abeja-_0046_DSC_8105.jpg'><img loading=\"lazy\" decoding=\"async\" width=\"1200\" height=\"801\" src=\"https:\/\/ialeman.cl\/wp-content\/uploads\/2024\/05\/dia-de-la-abeja-_0046_DSC_8105.jpg\" class=\"attachment-full size-full\" alt=\"\" srcset=\"https:\/\/ialeman.cl\/wp-content\/uploads\/2024\/05\/dia-de-la-abeja-_0046_DSC_8105.jpg 1200w, https:\/\/ialeman.cl\/wp-content\/uploads\/2024\/05\/dia-de-la-abeja-_0046_DSC_8105-300x200.jpg 300w, https:\/\/ialeman.cl\/wp-content\/uploads\/2024\/05\/dia-de-la-abeja-_0046_DSC_8105-1024x684.jpg 1024w, https:\/\/ialeman.cl\/wp-content\/uploads\/2024\/05\/dia-de-la-abeja-_0046_DSC_8105-768x513.jpg 768w\" sizes=\"(max-width: 1200px) 100vw, 1200px\" \/><\/a>\n\t\t\t<\/div><\/figure><figure class='gallery-item'>\n\t\t\t<div class='gallery-icon landscape'>\n\t\t\t\t<a data-elementor-open-lightbox=\"yes\" data-elementor-lightbox-slideshow=\"9062402\" data-elementor-lightbox-title=\"dia de la abeja _0047_DSC_8100\" data-e-action-hash=\"#elementor-action%3Aaction%3Dlightbox%26settings%3DeyJpZCI6MzMyODIsInVybCI6Imh0dHBzOlwvXC9pYWxlbWFuLmNsXC93cC1jb250ZW50XC91cGxvYWRzXC8yMDI0XC8wNVwvZGlhLWRlLWxhLWFiZWphLV8wMDQ3X0RTQ184MTAwLmpwZyIsInNsaWRlc2hvdyI6IjkwNjI0MDIifQ%3D%3D\" href='https:\/\/ialeman.cl\/wp-content\/uploads\/2024\/05\/dia-de-la-abeja-_0047_DSC_8100.jpg'><img loading=\"lazy\" decoding=\"async\" width=\"1200\" height=\"801\" src=\"https:\/\/ialeman.cl\/wp-content\/uploads\/2024\/05\/dia-de-la-abeja-_0047_DSC_8100.jpg\" class=\"attachment-full size-full\" alt=\"\" srcset=\"https:\/\/ialeman.cl\/wp-content\/uploads\/2024\/05\/dia-de-la-abeja-_0047_DSC_8100.jpg 1200w, https:\/\/ialeman.cl\/wp-content\/uploads\/2024\/05\/dia-de-la-abeja-_0047_DSC_8100-300x200.jpg 300w, https:\/\/ialeman.cl\/wp-content\/uploads\/2024\/05\/dia-de-la-abeja-_0047_DSC_8100-1024x684.jpg 1024w, https:\/\/ialeman.cl\/wp-content\/uploads\/2024\/05\/dia-de-la-abeja-_0047_DSC_8100-768x513.jpg 768w\" sizes=\"(max-width: 1200px) 100vw, 1200px\" \/><\/a>\n\t\t\t<\/div><\/figure><figure class='gallery-item'>\n\t\t\t<div class='gallery-icon landscape'>\n\t\t\t\t<a data-elementor-open-lightbox=\"yes\" data-elementor-lightbox-slideshow=\"9062402\" data-elementor-lightbox-title=\"dia de la abeja _0003_DSC_8271\" data-e-action-hash=\"#elementor-action%3Aaction%3Dlightbox%26settings%3DeyJpZCI6MzMyMzcsInVybCI6Imh0dHBzOlwvXC9pYWxlbWFuLmNsXC93cC1jb250ZW50XC91cGxvYWRzXC8yMDI0XC8wNVwvZGlhLWRlLWxhLWFiZWphLV8wMDAzX0RTQ184MjcxLmpwZyIsInNsaWRlc2hvdyI6IjkwNjI0MDIifQ%3D%3D\" href='https:\/\/ialeman.cl\/wp-content\/uploads\/2024\/05\/dia-de-la-abeja-_0003_DSC_8271.jpg'><img loading=\"lazy\" decoding=\"async\" width=\"1200\" height=\"801\" src=\"https:\/\/ialeman.cl\/wp-content\/uploads\/2024\/05\/dia-de-la-abeja-_0003_DSC_8271.jpg\" class=\"attachment-full size-full\" alt=\"\" srcset=\"https:\/\/ialeman.cl\/wp-content\/uploads\/2024\/05\/dia-de-la-abeja-_0003_DSC_8271.jpg 1200w, https:\/\/ialeman.cl\/wp-content\/uploads\/2024\/05\/dia-de-la-abeja-_0003_DSC_8271-300x200.jpg 300w, https:\/\/ialeman.cl\/wp-content\/uploads\/2024\/05\/dia-de-la-abeja-_0003_DSC_8271-1024x684.jpg 1024w, https:\/\/ialeman.cl\/wp-content\/uploads\/2024\/05\/dia-de-la-abeja-_0003_DSC_8271-768x513.jpg 768w\" sizes=\"(max-width: 1200px) 100vw, 1200px\" \/><\/a>\n\t\t\t<\/div><\/figure><figure class='gallery-item'>\n\t\t\t<div class='gallery-icon landscape'>\n\t\t\t\t<a data-elementor-open-lightbox=\"yes\" data-elementor-lightbox-slideshow=\"9062402\" data-elementor-lightbox-title=\"dia de la abeja _0049_DSC_8097\" data-e-action-hash=\"#elementor-action%3Aaction%3Dlightbox%26settings%3DeyJpZCI6MzMyODQsInVybCI6Imh0dHBzOlwvXC9pYWxlbWFuLmNsXC93cC1jb250ZW50XC91cGxvYWRzXC8yMDI0XC8wNVwvZGlhLWRlLWxhLWFiZWphLV8wMDQ5X0RTQ184MDk3LmpwZyIsInNsaWRlc2hvdyI6IjkwNjI0MDIifQ%3D%3D\" href='https:\/\/ialeman.cl\/wp-content\/uploads\/2024\/05\/dia-de-la-abeja-_0049_DSC_8097.jpg'><img loading=\"lazy\" decoding=\"async\" width=\"1200\" height=\"801\" src=\"https:\/\/ialeman.cl\/wp-content\/uploads\/2024\/05\/dia-de-la-abeja-_0049_DSC_8097.jpg\" class=\"attachment-full size-full\" alt=\"\" srcset=\"https:\/\/ialeman.cl\/wp-content\/uploads\/2024\/05\/dia-de-la-abeja-_0049_DSC_8097.jpg 1200w, https:\/\/ialeman.cl\/wp-content\/uploads\/2024\/05\/dia-de-la-abeja-_0049_DSC_8097-300x200.jpg 300w, https:\/\/ialeman.cl\/wp-content\/uploads\/2024\/05\/dia-de-la-abeja-_0049_DSC_8097-1024x684.jpg 1024w, https:\/\/ialeman.cl\/wp-content\/uploads\/2024\/05\/dia-de-la-abeja-_0049_DSC_8097-768x513.jpg 768w\" sizes=\"(max-width: 1200px) 100vw, 1200px\" \/><\/a>\n\t\t\t<\/div><\/figure>\n\t\t<\/div>\n\t\t<\/div>\n\t\t\t\t\t\t<\/div>\n\t\t\t\t<\/div>\n\t\t\t\t\t<\/div>\n\t\t<\/div>\n\t\t\t\t\t<\/div>\n\t\t<\/section>\n\t\t\t\t<\/div>\n\t\t","protected":false},"excerpt":{"rendered":"<p>Weltbienentag 2024 El D\u00eda Mundial de las Abejas celebr\u00f3 el Instituto Alem\u00e1n de Puerto Montt junto a sus estudiantes del Kindergarten y el Primer Ciclo. Los alumnos de Medio Menor a 4\u00ba b\u00e1sico vistieron prendas y accesorios de color amarillo y negro para la importante ocasi\u00f3n. En la actividad, el Instituto Alem\u00e1n de Puerto Montt [&hellip;]<\/p>\n","protected":false},"author":1,"featured_media":33232,"comment_status":"closed","ping_status":"closed","sticky":false,"template":"","format":"standard","meta":{"_crdt_document":"","_monsterinsights_skip_tracking":false,"_monsterinsights_sitenote_active":false,"_monsterinsights_sitenote_note":"","_monsterinsights_sitenote_category":0,"site-sidebar-layout":"default","site-content-layout":"","ast-site-content-layout":"default","site-content-style":"default","site-sidebar-style":"default","ast-global-header-display":"","ast-banner-title-visibility":"","ast-main-header-display":"","ast-hfb-above-header-display":"","ast-hfb-below-header-display":"","ast-hfb-mobile-header-display":"","site-post-title":"disabled","ast-breadcrumbs-content":"","ast-featured-img":"disabled","footer-sml-layout":"","ast-disable-related-posts":"","theme-transparent-header-meta":"","adv-header-id-meta":"","stick-header-meta":"","header-above-stick-meta":"","header-main-stick-meta":"","header-below-stick-meta":"","astra-migrate-meta-layouts":"set","ast-page-background-enabled":"default","ast-page-background-meta":{"desktop":{"background-color":"var(--ast-global-color-4)","background-image":"","background-repeat":"repeat","background-position":"center center","background-size":"auto","background-attachment":"scroll","background-type":"","background-media":"","overlay-type":"","overlay-color":"","overlay-opacity":"","overlay-gradient":""},"tablet":{"background-color":"","background-image":"","background-repeat":"repeat","background-position":"center center","background-size":"auto","background-attachment":"scroll","background-type":"","background-media":"","overlay-type":"","overlay-color":"","overlay-opacity":"","overlay-gradient":""},"mobile":{"background-color":"","background-image":"","background-repeat":"repeat","background-position":"center center","background-size":"auto","background-attachment":"scroll","background-type":"","background-media":"","overlay-type":"","overlay-color":"","overlay-opacity":"","overlay-gradient":""}},"ast-content-background-meta":{"desktop":{"background-color":"var(--ast-global-color-5)","background-image":"","background-repeat":"repeat","background-position":"center center","background-size":"auto","background-attachment":"scroll","background-type":"","background-media":"","overlay-type":"","overlay-color":"","overlay-opacity":"","overlay-gradient":""},"tablet":{"background-color":"var(--ast-global-color-5)","background-image":"","background-repeat":"repeat","background-position":"center center","background-size":"auto","background-attachment":"scroll","background-type":"","background-media":"","overlay-type":"","overlay-color":"","overlay-opacity":"","overlay-gradient":""},"mobile":{"background-color":"var(--ast-global-color-5)","background-image":"","background-repeat":"repeat","background-position":"center center","background-size":"auto","background-attachment":"scroll","background-type":"","background-media":"","overlay-type":"","overlay-color":"","overlay-opacity":"","overlay-gradient":""}},"advanced_seo_description":"","jetpack_seo_html_title":"","jetpack_seo_noindex":false,"_jetpack_memberships_contains_paid_content":false,"footnotes":""},"categories":[10],"tags":[],"class_list":["post-33231","post","type-post","status-publish","format-standard","has-post-thumbnail","hentry","category-noticias"],"jetpack_featured_media_url":"https:\/\/ialeman.cl\/wp-content\/uploads\/2024\/05\/dia-de-la-abeja-_0051_DSC_8111.jpg","jetpack_shortlink":"https:\/\/wp.me\/ph8I5c-8DZ","jetpack_sharing_enabled":true,"_links":{"self":[{"href":"https:\/\/ialeman.cl\/index.php\/wp-json\/wp\/v2\/posts\/33231","targetHints":{"allow":["GET"]}}],"collection":[{"href":"https:\/\/ialeman.cl\/index.php\/wp-json\/wp\/v2\/posts"}],"about":[{"href":"https:\/\/ialeman.cl\/index.php\/wp-json\/wp\/v2\/types\/post"}],"author":[{"embeddable":true,"href":"https:\/\/ialeman.cl\/index.php\/wp-json\/wp\/v2\/users\/1"}],"replies":[{"embeddable":true,"href":"https:\/\/ialeman.cl\/index.php\/wp-json\/wp\/v2\/comments?post=33231"}],"version-history":[{"count":17,"href":"https:\/\/ialeman.cl\/index.php\/wp-json\/wp\/v2\/posts\/33231\/revisions"}],"predecessor-version":[{"id":33943,"href":"https:\/\/ialeman.cl\/index.php\/wp-json\/wp\/v2\/posts\/33231\/revisions\/33943"}],"wp:featuredmedia":[{"embeddable":true,"href":"https:\/\/ialeman.cl\/index.php\/wp-json\/wp\/v2\/media\/33232"}],"wp:attachment":[{"href":"https:\/\/ialeman.cl\/index.php\/wp-json\/wp\/v2\/media?parent=33231"}],"wp:term":[{"taxonomy":"category","embeddable":true,"href":"https:\/\/ialeman.cl\/index.php\/wp-json\/wp\/v2\/categories?post=33231"},{"taxonomy":"post_tag","embeddable":true,"href":"https:\/\/ialeman.cl\/index.php\/wp-json\/wp\/v2\/tags?post=33231"}],"curies":[{"name":"wp","href":"https:\/\/api.w.org\/{rel}","templated":true}]}}