{"id":28282,"date":"2023-12-18T14:33:01","date_gmt":"2023-12-18T18:33:01","guid":{"rendered":"https:\/\/ialeman.cl\/?p=28282"},"modified":"2024-03-05T11:43:25","modified_gmt":"2024-03-05T15:43:25","slug":"concierto-de-gala-orquesta-infantil-juvenil","status":"publish","type":"post","link":"https:\/\/ialeman.cl\/index.php\/concierto-de-gala-orquesta-infantil-juvenil\/","title":{"rendered":"Concierto de Gala Orquesta Infantil- Juvenil"},"content":{"rendered":"\t\t<div data-elementor-type=\"wp-post\" data-elementor-id=\"28282\" class=\"elementor elementor-28282\">\n\t\t\t\t\t\t<section class=\"elementor-section elementor-top-section elementor-element elementor-element-677a18a elementor-section-boxed elementor-section-height-default elementor-section-height-default\" data-id=\"677a18a\" data-element_type=\"section\" data-e-type=\"section\">\n\t\t\t\t\t\t<div class=\"elementor-container elementor-column-gap-default\">\n\t\t\t\t\t<div class=\"elementor-column elementor-col-100 elementor-top-column elementor-element elementor-element-8935f3b\" data-id=\"8935f3b\" data-element_type=\"column\" data-e-type=\"column\">\n\t\t\t<div class=\"elementor-widget-wrap elementor-element-populated\">\n\t\t\t\t\t\t<div class=\"elementor-element elementor-element-9ca6d47 elementor-widget elementor-widget-heading\" data-id=\"9ca6d47\" data-element_type=\"widget\" data-e-type=\"widget\" data-widget_type=\"heading.default\">\n\t\t\t\t<div class=\"elementor-widget-container\">\n\t\t\t\t\t<h2 class=\"elementor-heading-title elementor-size-default\">Concierto de Gala Orquesta Infantil- Juvenil<\/h2>\t\t\t\t<\/div>\n\t\t\t\t<\/div>\n\t\t\t\t\t<\/div>\n\t\t<\/div>\n\t\t\t\t\t<\/div>\n\t\t<\/section>\n\t\t\t\t<section class=\"elementor-section elementor-top-section elementor-element elementor-element-d66352d elementor-section-boxed elementor-section-height-default elementor-section-height-default\" data-id=\"d66352d\" data-element_type=\"section\" data-e-type=\"section\">\n\t\t\t\t\t\t<div class=\"elementor-container elementor-column-gap-default\">\n\t\t\t\t\t<div class=\"elementor-column elementor-col-100 elementor-top-column elementor-element elementor-element-56fe335\" data-id=\"56fe335\" data-element_type=\"column\" data-e-type=\"column\">\n\t\t\t<div class=\"elementor-widget-wrap elementor-element-populated\">\n\t\t\t\t\t\t<div class=\"elementor-element elementor-element-a3639b9 elementor-widget elementor-widget-heading\" data-id=\"a3639b9\" data-element_type=\"widget\" data-e-type=\"widget\" data-widget_type=\"heading.default\">\n\t\t\t\t<div class=\"elementor-widget-container\">\n\t\t\t\t\t<h2 class=\"elementor-heading-title elementor-size-default\">Un espectacular Concierto de Gala present\u00f3 la Orquesta Infantil-Juvenil del Instituto Alem\u00e1n de Puerto Montt.<br><br>\n\nUn bonito e impecable evento musical realizaron los estudiantes frente a cientos de asistentes que se dieron cita en el gimnasio 2 del colegio, la tarde del viernes 15 de diciembre del 2023. <br><br>\n\nLos ni\u00f1os y j\u00f3venes fueron dirigidos en el concierto por su director musical Sr. Alexis Vel\u00e1squez, quien destac\u00f3 las habilidades y los avances de los alumnos que se han ido integrando a la Orquesta de Apresto, Infantil y Juvenil desde su creaci\u00f3n en 2014.<br><br>\n\nEl Instituto Alem\u00e1n de Puerto Montt se visti\u00f3 de gala para apreciar la gran presentaci\u00f3n que mostraron los estudiantes, utilizando varios instrumentos musicales, entre ellos: violines, violas, violonchelos y contrabajos.<br><br>\n\nPor \u00faltimo, en el Concierto de Gala se destac\u00f3 los valores que han alcanzado con el tiempo los alumnos que participan de la Orquesta Infantil-Juvenil, entre ellos la responsabilidad, el compromiso, la constancia, el esfuerzo y el trabajo en equipo.<\/h2>\t\t\t\t<\/div>\n\t\t\t\t<\/div>\n\t\t\t\t\t<\/div>\n\t\t<\/div>\n\t\t\t\t\t<\/div>\n\t\t<\/section>\n\t\t\t\t<section class=\"elementor-section elementor-top-section elementor-element elementor-element-f32f00d elementor-section-boxed elementor-section-height-default elementor-section-height-default\" data-id=\"f32f00d\" data-element_type=\"section\" data-e-type=\"section\">\n\t\t\t\t\t\t<div class=\"elementor-container elementor-column-gap-default\">\n\t\t\t\t\t<div class=\"elementor-column elementor-col-100 elementor-top-column elementor-element elementor-element-726c3e2\" data-id=\"726c3e2\" data-element_type=\"column\" data-e-type=\"column\">\n\t\t\t<div class=\"elementor-widget-wrap elementor-element-populated\">\n\t\t\t\t\t\t<div class=\"elementor-element elementor-element-3fdb876 gallery-spacing-custom elementor-widget elementor-widget-image-gallery\" data-id=\"3fdb876\" data-element_type=\"widget\" data-e-type=\"widget\" data-widget_type=\"image-gallery.default\">\n\t\t\t\t<div class=\"elementor-widget-container\">\n\t\t\t\t\t\t\t<div class=\"elementor-image-gallery\">\n\t\t\t<div id='gallery-1' class='gallery galleryid-28282 gallery-columns-2 gallery-size-full'><figure class='gallery-item'>\n\t\t\t<div class='gallery-icon landscape'>\n\t\t\t\t<a data-elementor-open-lightbox=\"yes\" data-elementor-lightbox-slideshow=\"3fdb876\" data-elementor-lightbox-title=\"Orquesta Instituto Aleman Puerto Montt_0001_DSC_6593\" data-e-action-hash=\"#elementor-action%3Aaction%3Dlightbox%26settings%3DeyJpZCI6MjgyODUsInVybCI6Imh0dHBzOlwvXC9pYWxlbWFuLmNsXC93cC1jb250ZW50XC91cGxvYWRzXC8yMDIzXC8xMlwvT3JxdWVzdGEtSW5zdGl0dXRvLUFsZW1hbi1QdWVydG8tTW9udHRfMDAwMV9EU0NfNjU5My5qcGciLCJzbGlkZXNob3ciOiIzZmRiODc2In0%3D\" href='https:\/\/ialeman.cl\/wp-content\/uploads\/2023\/12\/Orquesta-Instituto-Aleman-Puerto-Montt_0001_DSC_6593.jpg'><img fetchpriority=\"high\" decoding=\"async\" width=\"1200\" height=\"801\" src=\"https:\/\/ialeman.cl\/wp-content\/uploads\/2023\/12\/Orquesta-Instituto-Aleman-Puerto-Montt_0001_DSC_6593.jpg\" class=\"attachment-full size-full\" alt=\"\" srcset=\"https:\/\/ialeman.cl\/wp-content\/uploads\/2023\/12\/Orquesta-Instituto-Aleman-Puerto-Montt_0001_DSC_6593.jpg 1200w, https:\/\/ialeman.cl\/wp-content\/uploads\/2023\/12\/Orquesta-Instituto-Aleman-Puerto-Montt_0001_DSC_6593-300x200.jpg 300w, https:\/\/ialeman.cl\/wp-content\/uploads\/2023\/12\/Orquesta-Instituto-Aleman-Puerto-Montt_0001_DSC_6593-1024x684.jpg 1024w, https:\/\/ialeman.cl\/wp-content\/uploads\/2023\/12\/Orquesta-Instituto-Aleman-Puerto-Montt_0001_DSC_6593-768x513.jpg 768w\" sizes=\"(max-width: 1200px) 100vw, 1200px\" \/><\/a>\n\t\t\t<\/div><\/figure><figure class='gallery-item'>\n\t\t\t<div class='gallery-icon landscape'>\n\t\t\t\t<a data-elementor-open-lightbox=\"yes\" data-elementor-lightbox-slideshow=\"3fdb876\" data-elementor-lightbox-title=\"Orquesta Instituto Aleman Puerto Montt_0002_DSC_6582\" data-e-action-hash=\"#elementor-action%3Aaction%3Dlightbox%26settings%3DeyJpZCI6MjgyODYsInVybCI6Imh0dHBzOlwvXC9pYWxlbWFuLmNsXC93cC1jb250ZW50XC91cGxvYWRzXC8yMDIzXC8xMlwvT3JxdWVzdGEtSW5zdGl0dXRvLUFsZW1hbi1QdWVydG8tTW9udHRfMDAwMl9EU0NfNjU4Mi5qcGciLCJzbGlkZXNob3ciOiIzZmRiODc2In0%3D\" href='https:\/\/ialeman.cl\/wp-content\/uploads\/2023\/12\/Orquesta-Instituto-Aleman-Puerto-Montt_0002_DSC_6582.jpg'><img decoding=\"async\" width=\"1200\" height=\"801\" src=\"https:\/\/ialeman.cl\/wp-content\/uploads\/2023\/12\/Orquesta-Instituto-Aleman-Puerto-Montt_0002_DSC_6582.jpg\" class=\"attachment-full size-full\" alt=\"\" srcset=\"https:\/\/ialeman.cl\/wp-content\/uploads\/2023\/12\/Orquesta-Instituto-Aleman-Puerto-Montt_0002_DSC_6582.jpg 1200w, https:\/\/ialeman.cl\/wp-content\/uploads\/2023\/12\/Orquesta-Instituto-Aleman-Puerto-Montt_0002_DSC_6582-300x200.jpg 300w, https:\/\/ialeman.cl\/wp-content\/uploads\/2023\/12\/Orquesta-Instituto-Aleman-Puerto-Montt_0002_DSC_6582-1024x684.jpg 1024w, https:\/\/ialeman.cl\/wp-content\/uploads\/2023\/12\/Orquesta-Instituto-Aleman-Puerto-Montt_0002_DSC_6582-768x513.jpg 768w\" sizes=\"(max-width: 1200px) 100vw, 1200px\" \/><\/a>\n\t\t\t<\/div><\/figure><figure class='gallery-item'>\n\t\t\t<div class='gallery-icon landscape'>\n\t\t\t\t<a data-elementor-open-lightbox=\"yes\" data-elementor-lightbox-slideshow=\"3fdb876\" data-elementor-lightbox-title=\"Orquesta Instituto Aleman Puerto Montt_0003_DSC_6578\" data-e-action-hash=\"#elementor-action%3Aaction%3Dlightbox%26settings%3DeyJpZCI6MjgyODcsInVybCI6Imh0dHBzOlwvXC9pYWxlbWFuLmNsXC93cC1jb250ZW50XC91cGxvYWRzXC8yMDIzXC8xMlwvT3JxdWVzdGEtSW5zdGl0dXRvLUFsZW1hbi1QdWVydG8tTW9udHRfMDAwM19EU0NfNjU3OC5qcGciLCJzbGlkZXNob3ciOiIzZmRiODc2In0%3D\" href='https:\/\/ialeman.cl\/wp-content\/uploads\/2023\/12\/Orquesta-Instituto-Aleman-Puerto-Montt_0003_DSC_6578.jpg'><img decoding=\"async\" width=\"1200\" height=\"801\" src=\"https:\/\/ialeman.cl\/wp-content\/uploads\/2023\/12\/Orquesta-Instituto-Aleman-Puerto-Montt_0003_DSC_6578.jpg\" class=\"attachment-full size-full\" alt=\"\" srcset=\"https:\/\/ialeman.cl\/wp-content\/uploads\/2023\/12\/Orquesta-Instituto-Aleman-Puerto-Montt_0003_DSC_6578.jpg 1200w, https:\/\/ialeman.cl\/wp-content\/uploads\/2023\/12\/Orquesta-Instituto-Aleman-Puerto-Montt_0003_DSC_6578-300x200.jpg 300w, https:\/\/ialeman.cl\/wp-content\/uploads\/2023\/12\/Orquesta-Instituto-Aleman-Puerto-Montt_0003_DSC_6578-1024x684.jpg 1024w, https:\/\/ialeman.cl\/wp-content\/uploads\/2023\/12\/Orquesta-Instituto-Aleman-Puerto-Montt_0003_DSC_6578-768x513.jpg 768w\" sizes=\"(max-width: 1200px) 100vw, 1200px\" \/><\/a>\n\t\t\t<\/div><\/figure><figure class='gallery-item'>\n\t\t\t<div class='gallery-icon landscape'>\n\t\t\t\t<a data-elementor-open-lightbox=\"yes\" data-elementor-lightbox-slideshow=\"3fdb876\" data-elementor-lightbox-title=\"Orquesta Instituto Aleman Puerto Montt_0004_DSC_6548\" data-e-action-hash=\"#elementor-action%3Aaction%3Dlightbox%26settings%3DeyJpZCI6MjgyODgsInVybCI6Imh0dHBzOlwvXC9pYWxlbWFuLmNsXC93cC1jb250ZW50XC91cGxvYWRzXC8yMDIzXC8xMlwvT3JxdWVzdGEtSW5zdGl0dXRvLUFsZW1hbi1QdWVydG8tTW9udHRfMDAwNF9EU0NfNjU0OC5qcGciLCJzbGlkZXNob3ciOiIzZmRiODc2In0%3D\" href='https:\/\/ialeman.cl\/wp-content\/uploads\/2023\/12\/Orquesta-Instituto-Aleman-Puerto-Montt_0004_DSC_6548.jpg'><img loading=\"lazy\" decoding=\"async\" width=\"1200\" height=\"801\" src=\"https:\/\/ialeman.cl\/wp-content\/uploads\/2023\/12\/Orquesta-Instituto-Aleman-Puerto-Montt_0004_DSC_6548.jpg\" class=\"attachment-full size-full\" alt=\"\" srcset=\"https:\/\/ialeman.cl\/wp-content\/uploads\/2023\/12\/Orquesta-Instituto-Aleman-Puerto-Montt_0004_DSC_6548.jpg 1200w, https:\/\/ialeman.cl\/wp-content\/uploads\/2023\/12\/Orquesta-Instituto-Aleman-Puerto-Montt_0004_DSC_6548-300x200.jpg 300w, https:\/\/ialeman.cl\/wp-content\/uploads\/2023\/12\/Orquesta-Instituto-Aleman-Puerto-Montt_0004_DSC_6548-1024x684.jpg 1024w, https:\/\/ialeman.cl\/wp-content\/uploads\/2023\/12\/Orquesta-Instituto-Aleman-Puerto-Montt_0004_DSC_6548-768x513.jpg 768w\" sizes=\"(max-width: 1200px) 100vw, 1200px\" \/><\/a>\n\t\t\t<\/div><\/figure><figure class='gallery-item'>\n\t\t\t<div class='gallery-icon landscape'>\n\t\t\t\t<a data-elementor-open-lightbox=\"yes\" data-elementor-lightbox-slideshow=\"3fdb876\" data-elementor-lightbox-title=\"Orquesta Instituto Aleman Puerto Montt_0005_DSC_6542\" data-e-action-hash=\"#elementor-action%3Aaction%3Dlightbox%26settings%3DeyJpZCI6MjgyODksInVybCI6Imh0dHBzOlwvXC9pYWxlbWFuLmNsXC93cC1jb250ZW50XC91cGxvYWRzXC8yMDIzXC8xMlwvT3JxdWVzdGEtSW5zdGl0dXRvLUFsZW1hbi1QdWVydG8tTW9udHRfMDAwNV9EU0NfNjU0Mi5qcGciLCJzbGlkZXNob3ciOiIzZmRiODc2In0%3D\" href='https:\/\/ialeman.cl\/wp-content\/uploads\/2023\/12\/Orquesta-Instituto-Aleman-Puerto-Montt_0005_DSC_6542.jpg'><img loading=\"lazy\" decoding=\"async\" width=\"1200\" height=\"801\" src=\"https:\/\/ialeman.cl\/wp-content\/uploads\/2023\/12\/Orquesta-Instituto-Aleman-Puerto-Montt_0005_DSC_6542.jpg\" class=\"attachment-full size-full\" alt=\"\" srcset=\"https:\/\/ialeman.cl\/wp-content\/uploads\/2023\/12\/Orquesta-Instituto-Aleman-Puerto-Montt_0005_DSC_6542.jpg 1200w, https:\/\/ialeman.cl\/wp-content\/uploads\/2023\/12\/Orquesta-Instituto-Aleman-Puerto-Montt_0005_DSC_6542-300x200.jpg 300w, https:\/\/ialeman.cl\/wp-content\/uploads\/2023\/12\/Orquesta-Instituto-Aleman-Puerto-Montt_0005_DSC_6542-1024x684.jpg 1024w, https:\/\/ialeman.cl\/wp-content\/uploads\/2023\/12\/Orquesta-Instituto-Aleman-Puerto-Montt_0005_DSC_6542-768x513.jpg 768w\" sizes=\"(max-width: 1200px) 100vw, 1200px\" \/><\/a>\n\t\t\t<\/div><\/figure><figure class='gallery-item'>\n\t\t\t<div class='gallery-icon landscape'>\n\t\t\t\t<a data-elementor-open-lightbox=\"yes\" data-elementor-lightbox-slideshow=\"3fdb876\" data-elementor-lightbox-title=\"Orquesta Instituto Aleman Puerto Montt_0006_DSC_6538\" data-e-action-hash=\"#elementor-action%3Aaction%3Dlightbox%26settings%3DeyJpZCI6MjgyOTAsInVybCI6Imh0dHBzOlwvXC9pYWxlbWFuLmNsXC93cC1jb250ZW50XC91cGxvYWRzXC8yMDIzXC8xMlwvT3JxdWVzdGEtSW5zdGl0dXRvLUFsZW1hbi1QdWVydG8tTW9udHRfMDAwNl9EU0NfNjUzOC5qcGciLCJzbGlkZXNob3ciOiIzZmRiODc2In0%3D\" href='https:\/\/ialeman.cl\/wp-content\/uploads\/2023\/12\/Orquesta-Instituto-Aleman-Puerto-Montt_0006_DSC_6538.jpg'><img loading=\"lazy\" decoding=\"async\" width=\"1200\" height=\"801\" src=\"https:\/\/ialeman.cl\/wp-content\/uploads\/2023\/12\/Orquesta-Instituto-Aleman-Puerto-Montt_0006_DSC_6538.jpg\" class=\"attachment-full size-full\" alt=\"\" srcset=\"https:\/\/ialeman.cl\/wp-content\/uploads\/2023\/12\/Orquesta-Instituto-Aleman-Puerto-Montt_0006_DSC_6538.jpg 1200w, https:\/\/ialeman.cl\/wp-content\/uploads\/2023\/12\/Orquesta-Instituto-Aleman-Puerto-Montt_0006_DSC_6538-300x200.jpg 300w, https:\/\/ialeman.cl\/wp-content\/uploads\/2023\/12\/Orquesta-Instituto-Aleman-Puerto-Montt_0006_DSC_6538-1024x684.jpg 1024w, https:\/\/ialeman.cl\/wp-content\/uploads\/2023\/12\/Orquesta-Instituto-Aleman-Puerto-Montt_0006_DSC_6538-768x513.jpg 768w\" sizes=\"(max-width: 1200px) 100vw, 1200px\" \/><\/a>\n\t\t\t<\/div><\/figure><figure class='gallery-item'>\n\t\t\t<div class='gallery-icon landscape'>\n\t\t\t\t<a data-elementor-open-lightbox=\"yes\" data-elementor-lightbox-slideshow=\"3fdb876\" data-elementor-lightbox-title=\"Orquesta Instituto Aleman Puerto Montt_0007_DSC_6526\" data-e-action-hash=\"#elementor-action%3Aaction%3Dlightbox%26settings%3DeyJpZCI6MjgyOTEsInVybCI6Imh0dHBzOlwvXC9pYWxlbWFuLmNsXC93cC1jb250ZW50XC91cGxvYWRzXC8yMDIzXC8xMlwvT3JxdWVzdGEtSW5zdGl0dXRvLUFsZW1hbi1QdWVydG8tTW9udHRfMDAwN19EU0NfNjUyNi5qcGciLCJzbGlkZXNob3ciOiIzZmRiODc2In0%3D\" href='https:\/\/ialeman.cl\/wp-content\/uploads\/2023\/12\/Orquesta-Instituto-Aleman-Puerto-Montt_0007_DSC_6526.jpg'><img loading=\"lazy\" decoding=\"async\" width=\"1200\" height=\"801\" src=\"https:\/\/ialeman.cl\/wp-content\/uploads\/2023\/12\/Orquesta-Instituto-Aleman-Puerto-Montt_0007_DSC_6526.jpg\" class=\"attachment-full size-full\" alt=\"\" srcset=\"https:\/\/ialeman.cl\/wp-content\/uploads\/2023\/12\/Orquesta-Instituto-Aleman-Puerto-Montt_0007_DSC_6526.jpg 1200w, https:\/\/ialeman.cl\/wp-content\/uploads\/2023\/12\/Orquesta-Instituto-Aleman-Puerto-Montt_0007_DSC_6526-300x200.jpg 300w, https:\/\/ialeman.cl\/wp-content\/uploads\/2023\/12\/Orquesta-Instituto-Aleman-Puerto-Montt_0007_DSC_6526-1024x684.jpg 1024w, https:\/\/ialeman.cl\/wp-content\/uploads\/2023\/12\/Orquesta-Instituto-Aleman-Puerto-Montt_0007_DSC_6526-768x513.jpg 768w\" sizes=\"(max-width: 1200px) 100vw, 1200px\" \/><\/a>\n\t\t\t<\/div><\/figure><figure class='gallery-item'>\n\t\t\t<div class='gallery-icon landscape'>\n\t\t\t\t<a data-elementor-open-lightbox=\"yes\" data-elementor-lightbox-slideshow=\"3fdb876\" data-elementor-lightbox-title=\"Orquesta Instituto Aleman Puerto Montt_0008_DSC_6523\" data-e-action-hash=\"#elementor-action%3Aaction%3Dlightbox%26settings%3DeyJpZCI6MjgyOTIsInVybCI6Imh0dHBzOlwvXC9pYWxlbWFuLmNsXC93cC1jb250ZW50XC91cGxvYWRzXC8yMDIzXC8xMlwvT3JxdWVzdGEtSW5zdGl0dXRvLUFsZW1hbi1QdWVydG8tTW9udHRfMDAwOF9EU0NfNjUyMy5qcGciLCJzbGlkZXNob3ciOiIzZmRiODc2In0%3D\" href='https:\/\/ialeman.cl\/wp-content\/uploads\/2023\/12\/Orquesta-Instituto-Aleman-Puerto-Montt_0008_DSC_6523.jpg'><img loading=\"lazy\" decoding=\"async\" width=\"1200\" height=\"801\" src=\"https:\/\/ialeman.cl\/wp-content\/uploads\/2023\/12\/Orquesta-Instituto-Aleman-Puerto-Montt_0008_DSC_6523.jpg\" class=\"attachment-full size-full\" alt=\"\" srcset=\"https:\/\/ialeman.cl\/wp-content\/uploads\/2023\/12\/Orquesta-Instituto-Aleman-Puerto-Montt_0008_DSC_6523.jpg 1200w, https:\/\/ialeman.cl\/wp-content\/uploads\/2023\/12\/Orquesta-Instituto-Aleman-Puerto-Montt_0008_DSC_6523-300x200.jpg 300w, https:\/\/ialeman.cl\/wp-content\/uploads\/2023\/12\/Orquesta-Instituto-Aleman-Puerto-Montt_0008_DSC_6523-1024x684.jpg 1024w, https:\/\/ialeman.cl\/wp-content\/uploads\/2023\/12\/Orquesta-Instituto-Aleman-Puerto-Montt_0008_DSC_6523-768x513.jpg 768w\" sizes=\"(max-width: 1200px) 100vw, 1200px\" \/><\/a>\n\t\t\t<\/div><\/figure><figure class='gallery-item'>\n\t\t\t<div class='gallery-icon landscape'>\n\t\t\t\t<a data-elementor-open-lightbox=\"yes\" data-elementor-lightbox-slideshow=\"3fdb876\" data-elementor-lightbox-title=\"Orquesta Instituto Aleman Puerto Montt_0009_DSC_6615\" data-e-action-hash=\"#elementor-action%3Aaction%3Dlightbox%26settings%3DeyJpZCI6MjgyOTMsInVybCI6Imh0dHBzOlwvXC9pYWxlbWFuLmNsXC93cC1jb250ZW50XC91cGxvYWRzXC8yMDIzXC8xMlwvT3JxdWVzdGEtSW5zdGl0dXRvLUFsZW1hbi1QdWVydG8tTW9udHRfMDAwOV9EU0NfNjYxNS5qcGciLCJzbGlkZXNob3ciOiIzZmRiODc2In0%3D\" href='https:\/\/ialeman.cl\/wp-content\/uploads\/2023\/12\/Orquesta-Instituto-Aleman-Puerto-Montt_0009_DSC_6615.jpg'><img loading=\"lazy\" decoding=\"async\" width=\"1200\" height=\"801\" src=\"https:\/\/ialeman.cl\/wp-content\/uploads\/2023\/12\/Orquesta-Instituto-Aleman-Puerto-Montt_0009_DSC_6615.jpg\" class=\"attachment-full size-full\" alt=\"\" srcset=\"https:\/\/ialeman.cl\/wp-content\/uploads\/2023\/12\/Orquesta-Instituto-Aleman-Puerto-Montt_0009_DSC_6615.jpg 1200w, https:\/\/ialeman.cl\/wp-content\/uploads\/2023\/12\/Orquesta-Instituto-Aleman-Puerto-Montt_0009_DSC_6615-300x200.jpg 300w, https:\/\/ialeman.cl\/wp-content\/uploads\/2023\/12\/Orquesta-Instituto-Aleman-Puerto-Montt_0009_DSC_6615-1024x684.jpg 1024w, https:\/\/ialeman.cl\/wp-content\/uploads\/2023\/12\/Orquesta-Instituto-Aleman-Puerto-Montt_0009_DSC_6615-768x513.jpg 768w\" sizes=\"(max-width: 1200px) 100vw, 1200px\" \/><\/a>\n\t\t\t<\/div><\/figure><figure class='gallery-item'>\n\t\t\t<div class='gallery-icon landscape'>\n\t\t\t\t<a data-elementor-open-lightbox=\"yes\" data-elementor-lightbox-slideshow=\"3fdb876\" data-elementor-lightbox-title=\"Orquesta Instituto Aleman Puerto Montt_0010_DSC_6904\" data-e-action-hash=\"#elementor-action%3Aaction%3Dlightbox%26settings%3DeyJpZCI6MjgyOTQsInVybCI6Imh0dHBzOlwvXC9pYWxlbWFuLmNsXC93cC1jb250ZW50XC91cGxvYWRzXC8yMDIzXC8xMlwvT3JxdWVzdGEtSW5zdGl0dXRvLUFsZW1hbi1QdWVydG8tTW9udHRfMDAxMF9EU0NfNjkwNC5qcGciLCJzbGlkZXNob3ciOiIzZmRiODc2In0%3D\" href='https:\/\/ialeman.cl\/wp-content\/uploads\/2023\/12\/Orquesta-Instituto-Aleman-Puerto-Montt_0010_DSC_6904.jpg'><img loading=\"lazy\" decoding=\"async\" width=\"1200\" height=\"801\" src=\"https:\/\/ialeman.cl\/wp-content\/uploads\/2023\/12\/Orquesta-Instituto-Aleman-Puerto-Montt_0010_DSC_6904.jpg\" class=\"attachment-full size-full\" alt=\"\" srcset=\"https:\/\/ialeman.cl\/wp-content\/uploads\/2023\/12\/Orquesta-Instituto-Aleman-Puerto-Montt_0010_DSC_6904.jpg 1200w, https:\/\/ialeman.cl\/wp-content\/uploads\/2023\/12\/Orquesta-Instituto-Aleman-Puerto-Montt_0010_DSC_6904-300x200.jpg 300w, https:\/\/ialeman.cl\/wp-content\/uploads\/2023\/12\/Orquesta-Instituto-Aleman-Puerto-Montt_0010_DSC_6904-1024x684.jpg 1024w, https:\/\/ialeman.cl\/wp-content\/uploads\/2023\/12\/Orquesta-Instituto-Aleman-Puerto-Montt_0010_DSC_6904-768x513.jpg 768w\" sizes=\"(max-width: 1200px) 100vw, 1200px\" \/><\/a>\n\t\t\t<\/div><\/figure><figure class='gallery-item'>\n\t\t\t<div class='gallery-icon landscape'>\n\t\t\t\t<a data-elementor-open-lightbox=\"yes\" data-elementor-lightbox-slideshow=\"3fdb876\" data-elementor-lightbox-title=\"Orquesta Instituto Aleman Puerto Montt_0011_DSC_6752\" data-e-action-hash=\"#elementor-action%3Aaction%3Dlightbox%26settings%3DeyJpZCI6MjgyOTUsInVybCI6Imh0dHBzOlwvXC9pYWxlbWFuLmNsXC93cC1jb250ZW50XC91cGxvYWRzXC8yMDIzXC8xMlwvT3JxdWVzdGEtSW5zdGl0dXRvLUFsZW1hbi1QdWVydG8tTW9udHRfMDAxMV9EU0NfNjc1Mi5qcGciLCJzbGlkZXNob3ciOiIzZmRiODc2In0%3D\" href='https:\/\/ialeman.cl\/wp-content\/uploads\/2023\/12\/Orquesta-Instituto-Aleman-Puerto-Montt_0011_DSC_6752.jpg'><img loading=\"lazy\" decoding=\"async\" width=\"1200\" height=\"801\" src=\"https:\/\/ialeman.cl\/wp-content\/uploads\/2023\/12\/Orquesta-Instituto-Aleman-Puerto-Montt_0011_DSC_6752.jpg\" class=\"attachment-full size-full\" alt=\"\" srcset=\"https:\/\/ialeman.cl\/wp-content\/uploads\/2023\/12\/Orquesta-Instituto-Aleman-Puerto-Montt_0011_DSC_6752.jpg 1200w, https:\/\/ialeman.cl\/wp-content\/uploads\/2023\/12\/Orquesta-Instituto-Aleman-Puerto-Montt_0011_DSC_6752-300x200.jpg 300w, https:\/\/ialeman.cl\/wp-content\/uploads\/2023\/12\/Orquesta-Instituto-Aleman-Puerto-Montt_0011_DSC_6752-1024x684.jpg 1024w, https:\/\/ialeman.cl\/wp-content\/uploads\/2023\/12\/Orquesta-Instituto-Aleman-Puerto-Montt_0011_DSC_6752-768x513.jpg 768w\" sizes=\"(max-width: 1200px) 100vw, 1200px\" \/><\/a>\n\t\t\t<\/div><\/figure><figure class='gallery-item'>\n\t\t\t<div class='gallery-icon landscape'>\n\t\t\t\t<a data-elementor-open-lightbox=\"yes\" data-elementor-lightbox-slideshow=\"3fdb876\" data-elementor-lightbox-title=\"Orquesta Instituto Aleman Puerto Montt_0012_DSC_6771\" data-e-action-hash=\"#elementor-action%3Aaction%3Dlightbox%26settings%3DeyJpZCI6MjgyOTYsInVybCI6Imh0dHBzOlwvXC9pYWxlbWFuLmNsXC93cC1jb250ZW50XC91cGxvYWRzXC8yMDIzXC8xMlwvT3JxdWVzdGEtSW5zdGl0dXRvLUFsZW1hbi1QdWVydG8tTW9udHRfMDAxMl9EU0NfNjc3MS5qcGciLCJzbGlkZXNob3ciOiIzZmRiODc2In0%3D\" href='https:\/\/ialeman.cl\/wp-content\/uploads\/2023\/12\/Orquesta-Instituto-Aleman-Puerto-Montt_0012_DSC_6771.jpg'><img loading=\"lazy\" decoding=\"async\" width=\"1200\" height=\"801\" src=\"https:\/\/ialeman.cl\/wp-content\/uploads\/2023\/12\/Orquesta-Instituto-Aleman-Puerto-Montt_0012_DSC_6771.jpg\" class=\"attachment-full size-full\" alt=\"\" srcset=\"https:\/\/ialeman.cl\/wp-content\/uploads\/2023\/12\/Orquesta-Instituto-Aleman-Puerto-Montt_0012_DSC_6771.jpg 1200w, https:\/\/ialeman.cl\/wp-content\/uploads\/2023\/12\/Orquesta-Instituto-Aleman-Puerto-Montt_0012_DSC_6771-300x200.jpg 300w, https:\/\/ialeman.cl\/wp-content\/uploads\/2023\/12\/Orquesta-Instituto-Aleman-Puerto-Montt_0012_DSC_6771-1024x684.jpg 1024w, https:\/\/ialeman.cl\/wp-content\/uploads\/2023\/12\/Orquesta-Instituto-Aleman-Puerto-Montt_0012_DSC_6771-768x513.jpg 768w\" sizes=\"(max-width: 1200px) 100vw, 1200px\" \/><\/a>\n\t\t\t<\/div><\/figure><figure class='gallery-item'>\n\t\t\t<div class='gallery-icon landscape'>\n\t\t\t\t<a data-elementor-open-lightbox=\"yes\" data-elementor-lightbox-slideshow=\"3fdb876\" data-elementor-lightbox-title=\"Orquesta Instituto Aleman Puerto Montt_0014_DSC_7106\" data-e-action-hash=\"#elementor-action%3Aaction%3Dlightbox%26settings%3DeyJpZCI6MjgyOTgsInVybCI6Imh0dHBzOlwvXC9pYWxlbWFuLmNsXC93cC1jb250ZW50XC91cGxvYWRzXC8yMDIzXC8xMlwvT3JxdWVzdGEtSW5zdGl0dXRvLUFsZW1hbi1QdWVydG8tTW9udHRfMDAxNF9EU0NfNzEwNi5qcGciLCJzbGlkZXNob3ciOiIzZmRiODc2In0%3D\" href='https:\/\/ialeman.cl\/wp-content\/uploads\/2023\/12\/Orquesta-Instituto-Aleman-Puerto-Montt_0014_DSC_7106.jpg'><img loading=\"lazy\" decoding=\"async\" width=\"1200\" height=\"801\" src=\"https:\/\/ialeman.cl\/wp-content\/uploads\/2023\/12\/Orquesta-Instituto-Aleman-Puerto-Montt_0014_DSC_7106.jpg\" class=\"attachment-full size-full\" alt=\"\" srcset=\"https:\/\/ialeman.cl\/wp-content\/uploads\/2023\/12\/Orquesta-Instituto-Aleman-Puerto-Montt_0014_DSC_7106.jpg 1200w, https:\/\/ialeman.cl\/wp-content\/uploads\/2023\/12\/Orquesta-Instituto-Aleman-Puerto-Montt_0014_DSC_7106-300x200.jpg 300w, https:\/\/ialeman.cl\/wp-content\/uploads\/2023\/12\/Orquesta-Instituto-Aleman-Puerto-Montt_0014_DSC_7106-1024x684.jpg 1024w, https:\/\/ialeman.cl\/wp-content\/uploads\/2023\/12\/Orquesta-Instituto-Aleman-Puerto-Montt_0014_DSC_7106-768x513.jpg 768w\" sizes=\"(max-width: 1200px) 100vw, 1200px\" \/><\/a>\n\t\t\t<\/div><\/figure><figure class='gallery-item'>\n\t\t\t<div class='gallery-icon landscape'>\n\t\t\t\t<a data-elementor-open-lightbox=\"yes\" data-elementor-lightbox-slideshow=\"3fdb876\" data-elementor-lightbox-title=\"Orquesta Instituto Aleman Puerto Montt_0015_DSC_7081\" data-e-action-hash=\"#elementor-action%3Aaction%3Dlightbox%26settings%3DeyJpZCI6MjgyOTksInVybCI6Imh0dHBzOlwvXC9pYWxlbWFuLmNsXC93cC1jb250ZW50XC91cGxvYWRzXC8yMDIzXC8xMlwvT3JxdWVzdGEtSW5zdGl0dXRvLUFsZW1hbi1QdWVydG8tTW9udHRfMDAxNV9EU0NfNzA4MS5qcGciLCJzbGlkZXNob3ciOiIzZmRiODc2In0%3D\" href='https:\/\/ialeman.cl\/wp-content\/uploads\/2023\/12\/Orquesta-Instituto-Aleman-Puerto-Montt_0015_DSC_7081.jpg'><img loading=\"lazy\" decoding=\"async\" width=\"1200\" height=\"801\" src=\"https:\/\/ialeman.cl\/wp-content\/uploads\/2023\/12\/Orquesta-Instituto-Aleman-Puerto-Montt_0015_DSC_7081.jpg\" class=\"attachment-full size-full\" alt=\"\" srcset=\"https:\/\/ialeman.cl\/wp-content\/uploads\/2023\/12\/Orquesta-Instituto-Aleman-Puerto-Montt_0015_DSC_7081.jpg 1200w, https:\/\/ialeman.cl\/wp-content\/uploads\/2023\/12\/Orquesta-Instituto-Aleman-Puerto-Montt_0015_DSC_7081-300x200.jpg 300w, https:\/\/ialeman.cl\/wp-content\/uploads\/2023\/12\/Orquesta-Instituto-Aleman-Puerto-Montt_0015_DSC_7081-1024x684.jpg 1024w, https:\/\/ialeman.cl\/wp-content\/uploads\/2023\/12\/Orquesta-Instituto-Aleman-Puerto-Montt_0015_DSC_7081-768x513.jpg 768w\" sizes=\"(max-width: 1200px) 100vw, 1200px\" \/><\/a>\n\t\t\t<\/div><\/figure><figure class='gallery-item'>\n\t\t\t<div class='gallery-icon landscape'>\n\t\t\t\t<a data-elementor-open-lightbox=\"yes\" data-elementor-lightbox-slideshow=\"3fdb876\" data-elementor-lightbox-title=\"Orquesta Instituto Aleman Puerto Montt_0016_DSC_7038\" data-e-action-hash=\"#elementor-action%3Aaction%3Dlightbox%26settings%3DeyJpZCI6MjgzMDAsInVybCI6Imh0dHBzOlwvXC9pYWxlbWFuLmNsXC93cC1jb250ZW50XC91cGxvYWRzXC8yMDIzXC8xMlwvT3JxdWVzdGEtSW5zdGl0dXRvLUFsZW1hbi1QdWVydG8tTW9udHRfMDAxNl9EU0NfNzAzOC0xLmpwZyIsInNsaWRlc2hvdyI6IjNmZGI4NzYifQ%3D%3D\" href='https:\/\/ialeman.cl\/wp-content\/uploads\/2023\/12\/Orquesta-Instituto-Aleman-Puerto-Montt_0016_DSC_7038-1.jpg'><img loading=\"lazy\" decoding=\"async\" width=\"1200\" height=\"801\" src=\"https:\/\/ialeman.cl\/wp-content\/uploads\/2023\/12\/Orquesta-Instituto-Aleman-Puerto-Montt_0016_DSC_7038-1.jpg\" class=\"attachment-full size-full\" alt=\"\" srcset=\"https:\/\/ialeman.cl\/wp-content\/uploads\/2023\/12\/Orquesta-Instituto-Aleman-Puerto-Montt_0016_DSC_7038-1.jpg 1200w, https:\/\/ialeman.cl\/wp-content\/uploads\/2023\/12\/Orquesta-Instituto-Aleman-Puerto-Montt_0016_DSC_7038-1-300x200.jpg 300w, https:\/\/ialeman.cl\/wp-content\/uploads\/2023\/12\/Orquesta-Instituto-Aleman-Puerto-Montt_0016_DSC_7038-1-1024x684.jpg 1024w, https:\/\/ialeman.cl\/wp-content\/uploads\/2023\/12\/Orquesta-Instituto-Aleman-Puerto-Montt_0016_DSC_7038-1-768x513.jpg 768w\" sizes=\"(max-width: 1200px) 100vw, 1200px\" \/><\/a>\n\t\t\t<\/div><\/figure><figure class='gallery-item'>\n\t\t\t<div class='gallery-icon landscape'>\n\t\t\t\t<a data-elementor-open-lightbox=\"yes\" data-elementor-lightbox-slideshow=\"3fdb876\" data-elementor-lightbox-title=\"Orquesta Instituto Aleman Puerto Montt_0017_DSC_6983\" data-e-action-hash=\"#elementor-action%3Aaction%3Dlightbox%26settings%3DeyJpZCI6MjgzMDEsInVybCI6Imh0dHBzOlwvXC9pYWxlbWFuLmNsXC93cC1jb250ZW50XC91cGxvYWRzXC8yMDIzXC8xMlwvT3JxdWVzdGEtSW5zdGl0dXRvLUFsZW1hbi1QdWVydG8tTW9udHRfMDAxN19EU0NfNjk4My5qcGciLCJzbGlkZXNob3ciOiIzZmRiODc2In0%3D\" href='https:\/\/ialeman.cl\/wp-content\/uploads\/2023\/12\/Orquesta-Instituto-Aleman-Puerto-Montt_0017_DSC_6983.jpg'><img loading=\"lazy\" decoding=\"async\" width=\"1200\" height=\"801\" src=\"https:\/\/ialeman.cl\/wp-content\/uploads\/2023\/12\/Orquesta-Instituto-Aleman-Puerto-Montt_0017_DSC_6983.jpg\" class=\"attachment-full size-full\" alt=\"\" srcset=\"https:\/\/ialeman.cl\/wp-content\/uploads\/2023\/12\/Orquesta-Instituto-Aleman-Puerto-Montt_0017_DSC_6983.jpg 1200w, https:\/\/ialeman.cl\/wp-content\/uploads\/2023\/12\/Orquesta-Instituto-Aleman-Puerto-Montt_0017_DSC_6983-300x200.jpg 300w, https:\/\/ialeman.cl\/wp-content\/uploads\/2023\/12\/Orquesta-Instituto-Aleman-Puerto-Montt_0017_DSC_6983-1024x684.jpg 1024w, https:\/\/ialeman.cl\/wp-content\/uploads\/2023\/12\/Orquesta-Instituto-Aleman-Puerto-Montt_0017_DSC_6983-768x513.jpg 768w\" sizes=\"(max-width: 1200px) 100vw, 1200px\" \/><\/a>\n\t\t\t<\/div><\/figure><figure class='gallery-item'>\n\t\t\t<div class='gallery-icon landscape'>\n\t\t\t\t<a data-elementor-open-lightbox=\"yes\" data-elementor-lightbox-slideshow=\"3fdb876\" data-elementor-lightbox-title=\"Orquesta Instituto Aleman Puerto Montt_0018_DSC_6981\" data-e-action-hash=\"#elementor-action%3Aaction%3Dlightbox%26settings%3DeyJpZCI6MjgzMDIsInVybCI6Imh0dHBzOlwvXC9pYWxlbWFuLmNsXC93cC1jb250ZW50XC91cGxvYWRzXC8yMDIzXC8xMlwvT3JxdWVzdGEtSW5zdGl0dXRvLUFsZW1hbi1QdWVydG8tTW9udHRfMDAxOF9EU0NfNjk4MS5qcGciLCJzbGlkZXNob3ciOiIzZmRiODc2In0%3D\" href='https:\/\/ialeman.cl\/wp-content\/uploads\/2023\/12\/Orquesta-Instituto-Aleman-Puerto-Montt_0018_DSC_6981.jpg'><img loading=\"lazy\" decoding=\"async\" width=\"1200\" height=\"801\" src=\"https:\/\/ialeman.cl\/wp-content\/uploads\/2023\/12\/Orquesta-Instituto-Aleman-Puerto-Montt_0018_DSC_6981.jpg\" class=\"attachment-full size-full\" alt=\"\" srcset=\"https:\/\/ialeman.cl\/wp-content\/uploads\/2023\/12\/Orquesta-Instituto-Aleman-Puerto-Montt_0018_DSC_6981.jpg 1200w, https:\/\/ialeman.cl\/wp-content\/uploads\/2023\/12\/Orquesta-Instituto-Aleman-Puerto-Montt_0018_DSC_6981-300x200.jpg 300w, https:\/\/ialeman.cl\/wp-content\/uploads\/2023\/12\/Orquesta-Instituto-Aleman-Puerto-Montt_0018_DSC_6981-1024x684.jpg 1024w, https:\/\/ialeman.cl\/wp-content\/uploads\/2023\/12\/Orquesta-Instituto-Aleman-Puerto-Montt_0018_DSC_6981-768x513.jpg 768w\" sizes=\"(max-width: 1200px) 100vw, 1200px\" \/><\/a>\n\t\t\t<\/div><\/figure><figure class='gallery-item'>\n\t\t\t<div class='gallery-icon landscape'>\n\t\t\t\t<a data-elementor-open-lightbox=\"yes\" data-elementor-lightbox-slideshow=\"3fdb876\" data-elementor-lightbox-title=\"Orquesta Instituto Aleman Puerto Montt_0019_DSC_6759\" data-e-action-hash=\"#elementor-action%3Aaction%3Dlightbox%26settings%3DeyJpZCI6MjgzMDMsInVybCI6Imh0dHBzOlwvXC9pYWxlbWFuLmNsXC93cC1jb250ZW50XC91cGxvYWRzXC8yMDIzXC8xMlwvT3JxdWVzdGEtSW5zdGl0dXRvLUFsZW1hbi1QdWVydG8tTW9udHRfMDAxOV9EU0NfNjc1OS5qcGciLCJzbGlkZXNob3ciOiIzZmRiODc2In0%3D\" href='https:\/\/ialeman.cl\/wp-content\/uploads\/2023\/12\/Orquesta-Instituto-Aleman-Puerto-Montt_0019_DSC_6759.jpg'><img loading=\"lazy\" decoding=\"async\" width=\"1200\" height=\"801\" src=\"https:\/\/ialeman.cl\/wp-content\/uploads\/2023\/12\/Orquesta-Instituto-Aleman-Puerto-Montt_0019_DSC_6759.jpg\" class=\"attachment-full size-full\" alt=\"\" srcset=\"https:\/\/ialeman.cl\/wp-content\/uploads\/2023\/12\/Orquesta-Instituto-Aleman-Puerto-Montt_0019_DSC_6759.jpg 1200w, https:\/\/ialeman.cl\/wp-content\/uploads\/2023\/12\/Orquesta-Instituto-Aleman-Puerto-Montt_0019_DSC_6759-300x200.jpg 300w, https:\/\/ialeman.cl\/wp-content\/uploads\/2023\/12\/Orquesta-Instituto-Aleman-Puerto-Montt_0019_DSC_6759-1024x684.jpg 1024w, https:\/\/ialeman.cl\/wp-content\/uploads\/2023\/12\/Orquesta-Instituto-Aleman-Puerto-Montt_0019_DSC_6759-768x513.jpg 768w\" sizes=\"(max-width: 1200px) 100vw, 1200px\" \/><\/a>\n\t\t\t<\/div><\/figure><figure class='gallery-item'>\n\t\t\t<div class='gallery-icon landscape'>\n\t\t\t\t<a data-elementor-open-lightbox=\"yes\" data-elementor-lightbox-slideshow=\"3fdb876\" data-elementor-lightbox-title=\"Orquesta Instituto Aleman Puerto Montt_0020_DSC_6963\" data-e-action-hash=\"#elementor-action%3Aaction%3Dlightbox%26settings%3DeyJpZCI6MjgzMDQsInVybCI6Imh0dHBzOlwvXC9pYWxlbWFuLmNsXC93cC1jb250ZW50XC91cGxvYWRzXC8yMDIzXC8xMlwvT3JxdWVzdGEtSW5zdGl0dXRvLUFsZW1hbi1QdWVydG8tTW9udHRfMDAyMF9EU0NfNjk2My5qcGciLCJzbGlkZXNob3ciOiIzZmRiODc2In0%3D\" href='https:\/\/ialeman.cl\/wp-content\/uploads\/2023\/12\/Orquesta-Instituto-Aleman-Puerto-Montt_0020_DSC_6963.jpg'><img loading=\"lazy\" decoding=\"async\" width=\"1200\" height=\"801\" src=\"https:\/\/ialeman.cl\/wp-content\/uploads\/2023\/12\/Orquesta-Instituto-Aleman-Puerto-Montt_0020_DSC_6963.jpg\" class=\"attachment-full size-full\" alt=\"\" srcset=\"https:\/\/ialeman.cl\/wp-content\/uploads\/2023\/12\/Orquesta-Instituto-Aleman-Puerto-Montt_0020_DSC_6963.jpg 1200w, https:\/\/ialeman.cl\/wp-content\/uploads\/2023\/12\/Orquesta-Instituto-Aleman-Puerto-Montt_0020_DSC_6963-300x200.jpg 300w, https:\/\/ialeman.cl\/wp-content\/uploads\/2023\/12\/Orquesta-Instituto-Aleman-Puerto-Montt_0020_DSC_6963-1024x684.jpg 1024w, https:\/\/ialeman.cl\/wp-content\/uploads\/2023\/12\/Orquesta-Instituto-Aleman-Puerto-Montt_0020_DSC_6963-768x513.jpg 768w\" sizes=\"(max-width: 1200px) 100vw, 1200px\" \/><\/a>\n\t\t\t<\/div><\/figure><figure class='gallery-item'>\n\t\t\t<div class='gallery-icon landscape'>\n\t\t\t\t<a data-elementor-open-lightbox=\"yes\" data-elementor-lightbox-slideshow=\"3fdb876\" data-elementor-lightbox-title=\"Orquesta Instituto Aleman Puerto Montt_0021_DSC_6905\" data-e-action-hash=\"#elementor-action%3Aaction%3Dlightbox%26settings%3DeyJpZCI6MjgzMDUsInVybCI6Imh0dHBzOlwvXC9pYWxlbWFuLmNsXC93cC1jb250ZW50XC91cGxvYWRzXC8yMDIzXC8xMlwvT3JxdWVzdGEtSW5zdGl0dXRvLUFsZW1hbi1QdWVydG8tTW9udHRfMDAyMV9EU0NfNjkwNS5qcGciLCJzbGlkZXNob3ciOiIzZmRiODc2In0%3D\" href='https:\/\/ialeman.cl\/wp-content\/uploads\/2023\/12\/Orquesta-Instituto-Aleman-Puerto-Montt_0021_DSC_6905.jpg'><img loading=\"lazy\" decoding=\"async\" width=\"1200\" height=\"801\" src=\"https:\/\/ialeman.cl\/wp-content\/uploads\/2023\/12\/Orquesta-Instituto-Aleman-Puerto-Montt_0021_DSC_6905.jpg\" class=\"attachment-full size-full\" alt=\"\" srcset=\"https:\/\/ialeman.cl\/wp-content\/uploads\/2023\/12\/Orquesta-Instituto-Aleman-Puerto-Montt_0021_DSC_6905.jpg 1200w, https:\/\/ialeman.cl\/wp-content\/uploads\/2023\/12\/Orquesta-Instituto-Aleman-Puerto-Montt_0021_DSC_6905-300x200.jpg 300w, https:\/\/ialeman.cl\/wp-content\/uploads\/2023\/12\/Orquesta-Instituto-Aleman-Puerto-Montt_0021_DSC_6905-1024x684.jpg 1024w, https:\/\/ialeman.cl\/wp-content\/uploads\/2023\/12\/Orquesta-Instituto-Aleman-Puerto-Montt_0021_DSC_6905-768x513.jpg 768w\" sizes=\"(max-width: 1200px) 100vw, 1200px\" \/><\/a>\n\t\t\t<\/div><\/figure><figure class='gallery-item'>\n\t\t\t<div class='gallery-icon landscape'>\n\t\t\t\t<a data-elementor-open-lightbox=\"yes\" data-elementor-lightbox-slideshow=\"3fdb876\" data-elementor-lightbox-title=\"Orquesta Instituto Aleman Puerto Montt_0022_DSC_6895\" data-e-action-hash=\"#elementor-action%3Aaction%3Dlightbox%26settings%3DeyJpZCI6MjgzMDYsInVybCI6Imh0dHBzOlwvXC9pYWxlbWFuLmNsXC93cC1jb250ZW50XC91cGxvYWRzXC8yMDIzXC8xMlwvT3JxdWVzdGEtSW5zdGl0dXRvLUFsZW1hbi1QdWVydG8tTW9udHRfMDAyMl9EU0NfNjg5NS5qcGciLCJzbGlkZXNob3ciOiIzZmRiODc2In0%3D\" href='https:\/\/ialeman.cl\/wp-content\/uploads\/2023\/12\/Orquesta-Instituto-Aleman-Puerto-Montt_0022_DSC_6895.jpg'><img loading=\"lazy\" decoding=\"async\" width=\"1200\" height=\"801\" src=\"https:\/\/ialeman.cl\/wp-content\/uploads\/2023\/12\/Orquesta-Instituto-Aleman-Puerto-Montt_0022_DSC_6895.jpg\" class=\"attachment-full size-full\" alt=\"\" srcset=\"https:\/\/ialeman.cl\/wp-content\/uploads\/2023\/12\/Orquesta-Instituto-Aleman-Puerto-Montt_0022_DSC_6895.jpg 1200w, https:\/\/ialeman.cl\/wp-content\/uploads\/2023\/12\/Orquesta-Instituto-Aleman-Puerto-Montt_0022_DSC_6895-300x200.jpg 300w, https:\/\/ialeman.cl\/wp-content\/uploads\/2023\/12\/Orquesta-Instituto-Aleman-Puerto-Montt_0022_DSC_6895-1024x684.jpg 1024w, https:\/\/ialeman.cl\/wp-content\/uploads\/2023\/12\/Orquesta-Instituto-Aleman-Puerto-Montt_0022_DSC_6895-768x513.jpg 768w\" sizes=\"(max-width: 1200px) 100vw, 1200px\" \/><\/a>\n\t\t\t<\/div><\/figure><figure class='gallery-item'>\n\t\t\t<div class='gallery-icon landscape'>\n\t\t\t\t<a data-elementor-open-lightbox=\"yes\" data-elementor-lightbox-slideshow=\"3fdb876\" data-elementor-lightbox-title=\"Orquesta Instituto Aleman Puerto Montt_0023_DSC_6764\" data-e-action-hash=\"#elementor-action%3Aaction%3Dlightbox%26settings%3DeyJpZCI6MjgzMDcsInVybCI6Imh0dHBzOlwvXC9pYWxlbWFuLmNsXC93cC1jb250ZW50XC91cGxvYWRzXC8yMDIzXC8xMlwvT3JxdWVzdGEtSW5zdGl0dXRvLUFsZW1hbi1QdWVydG8tTW9udHRfMDAyM19EU0NfNjc2NC5qcGciLCJzbGlkZXNob3ciOiIzZmRiODc2In0%3D\" href='https:\/\/ialeman.cl\/wp-content\/uploads\/2023\/12\/Orquesta-Instituto-Aleman-Puerto-Montt_0023_DSC_6764.jpg'><img loading=\"lazy\" decoding=\"async\" width=\"1200\" height=\"801\" src=\"https:\/\/ialeman.cl\/wp-content\/uploads\/2023\/12\/Orquesta-Instituto-Aleman-Puerto-Montt_0023_DSC_6764.jpg\" class=\"attachment-full size-full\" alt=\"\" srcset=\"https:\/\/ialeman.cl\/wp-content\/uploads\/2023\/12\/Orquesta-Instituto-Aleman-Puerto-Montt_0023_DSC_6764.jpg 1200w, https:\/\/ialeman.cl\/wp-content\/uploads\/2023\/12\/Orquesta-Instituto-Aleman-Puerto-Montt_0023_DSC_6764-300x200.jpg 300w, https:\/\/ialeman.cl\/wp-content\/uploads\/2023\/12\/Orquesta-Instituto-Aleman-Puerto-Montt_0023_DSC_6764-1024x684.jpg 1024w, https:\/\/ialeman.cl\/wp-content\/uploads\/2023\/12\/Orquesta-Instituto-Aleman-Puerto-Montt_0023_DSC_6764-768x513.jpg 768w\" sizes=\"(max-width: 1200px) 100vw, 1200px\" \/><\/a>\n\t\t\t<\/div><\/figure><figure class='gallery-item'>\n\t\t\t<div class='gallery-icon landscape'>\n\t\t\t\t<a data-elementor-open-lightbox=\"yes\" data-elementor-lightbox-slideshow=\"3fdb876\" data-elementor-lightbox-title=\"Orquesta Instituto Aleman Puerto Montt_0024_DSC_6894\" data-e-action-hash=\"#elementor-action%3Aaction%3Dlightbox%26settings%3DeyJpZCI6MjgzMDgsInVybCI6Imh0dHBzOlwvXC9pYWxlbWFuLmNsXC93cC1jb250ZW50XC91cGxvYWRzXC8yMDIzXC8xMlwvT3JxdWVzdGEtSW5zdGl0dXRvLUFsZW1hbi1QdWVydG8tTW9udHRfMDAyNF9EU0NfNjg5NC5qcGciLCJzbGlkZXNob3ciOiIzZmRiODc2In0%3D\" href='https:\/\/ialeman.cl\/wp-content\/uploads\/2023\/12\/Orquesta-Instituto-Aleman-Puerto-Montt_0024_DSC_6894.jpg'><img loading=\"lazy\" decoding=\"async\" width=\"1200\" height=\"801\" src=\"https:\/\/ialeman.cl\/wp-content\/uploads\/2023\/12\/Orquesta-Instituto-Aleman-Puerto-Montt_0024_DSC_6894.jpg\" class=\"attachment-full size-full\" alt=\"\" srcset=\"https:\/\/ialeman.cl\/wp-content\/uploads\/2023\/12\/Orquesta-Instituto-Aleman-Puerto-Montt_0024_DSC_6894.jpg 1200w, https:\/\/ialeman.cl\/wp-content\/uploads\/2023\/12\/Orquesta-Instituto-Aleman-Puerto-Montt_0024_DSC_6894-300x200.jpg 300w, https:\/\/ialeman.cl\/wp-content\/uploads\/2023\/12\/Orquesta-Instituto-Aleman-Puerto-Montt_0024_DSC_6894-1024x684.jpg 1024w, https:\/\/ialeman.cl\/wp-content\/uploads\/2023\/12\/Orquesta-Instituto-Aleman-Puerto-Montt_0024_DSC_6894-768x513.jpg 768w\" sizes=\"(max-width: 1200px) 100vw, 1200px\" \/><\/a>\n\t\t\t<\/div><\/figure><figure class='gallery-item'>\n\t\t\t<div class='gallery-icon landscape'>\n\t\t\t\t<a data-elementor-open-lightbox=\"yes\" data-elementor-lightbox-slideshow=\"3fdb876\" data-elementor-lightbox-title=\"Orquesta Instituto Aleman Puerto Montt_0025_DSC_7138\" data-e-action-hash=\"#elementor-action%3Aaction%3Dlightbox%26settings%3DeyJpZCI6MjgzMTAsInVybCI6Imh0dHBzOlwvXC9pYWxlbWFuLmNsXC93cC1jb250ZW50XC91cGxvYWRzXC8yMDIzXC8xMlwvT3JxdWVzdGEtSW5zdGl0dXRvLUFsZW1hbi1QdWVydG8tTW9udHRfMDAyNV9EU0NfNzEzOC5qcGciLCJzbGlkZXNob3ciOiIzZmRiODc2In0%3D\" href='https:\/\/ialeman.cl\/wp-content\/uploads\/2023\/12\/Orquesta-Instituto-Aleman-Puerto-Montt_0025_DSC_7138.jpg'><img loading=\"lazy\" decoding=\"async\" width=\"1200\" height=\"801\" src=\"https:\/\/ialeman.cl\/wp-content\/uploads\/2023\/12\/Orquesta-Instituto-Aleman-Puerto-Montt_0025_DSC_7138.jpg\" class=\"attachment-full size-full\" alt=\"\" srcset=\"https:\/\/ialeman.cl\/wp-content\/uploads\/2023\/12\/Orquesta-Instituto-Aleman-Puerto-Montt_0025_DSC_7138.jpg 1200w, https:\/\/ialeman.cl\/wp-content\/uploads\/2023\/12\/Orquesta-Instituto-Aleman-Puerto-Montt_0025_DSC_7138-300x200.jpg 300w, https:\/\/ialeman.cl\/wp-content\/uploads\/2023\/12\/Orquesta-Instituto-Aleman-Puerto-Montt_0025_DSC_7138-1024x684.jpg 1024w, https:\/\/ialeman.cl\/wp-content\/uploads\/2023\/12\/Orquesta-Instituto-Aleman-Puerto-Montt_0025_DSC_7138-768x513.jpg 768w\" sizes=\"(max-width: 1200px) 100vw, 1200px\" \/><\/a>\n\t\t\t<\/div><\/figure><figure class='gallery-item'>\n\t\t\t<div class='gallery-icon landscape'>\n\t\t\t\t<a data-elementor-open-lightbox=\"yes\" data-elementor-lightbox-slideshow=\"3fdb876\" data-elementor-lightbox-title=\"Orquesta Instituto Aleman Puerto Montt_0026_DSC_6878\" data-e-action-hash=\"#elementor-action%3Aaction%3Dlightbox%26settings%3DeyJpZCI6MjgzMTEsInVybCI6Imh0dHBzOlwvXC9pYWxlbWFuLmNsXC93cC1jb250ZW50XC91cGxvYWRzXC8yMDIzXC8xMlwvT3JxdWVzdGEtSW5zdGl0dXRvLUFsZW1hbi1QdWVydG8tTW9udHRfMDAyNl9EU0NfNjg3OC5qcGciLCJzbGlkZXNob3ciOiIzZmRiODc2In0%3D\" href='https:\/\/ialeman.cl\/wp-content\/uploads\/2023\/12\/Orquesta-Instituto-Aleman-Puerto-Montt_0026_DSC_6878.jpg'><img loading=\"lazy\" decoding=\"async\" width=\"1200\" height=\"801\" src=\"https:\/\/ialeman.cl\/wp-content\/uploads\/2023\/12\/Orquesta-Instituto-Aleman-Puerto-Montt_0026_DSC_6878.jpg\" class=\"attachment-full size-full\" alt=\"\" srcset=\"https:\/\/ialeman.cl\/wp-content\/uploads\/2023\/12\/Orquesta-Instituto-Aleman-Puerto-Montt_0026_DSC_6878.jpg 1200w, https:\/\/ialeman.cl\/wp-content\/uploads\/2023\/12\/Orquesta-Instituto-Aleman-Puerto-Montt_0026_DSC_6878-300x200.jpg 300w, https:\/\/ialeman.cl\/wp-content\/uploads\/2023\/12\/Orquesta-Instituto-Aleman-Puerto-Montt_0026_DSC_6878-1024x684.jpg 1024w, https:\/\/ialeman.cl\/wp-content\/uploads\/2023\/12\/Orquesta-Instituto-Aleman-Puerto-Montt_0026_DSC_6878-768x513.jpg 768w\" sizes=\"(max-width: 1200px) 100vw, 1200px\" \/><\/a>\n\t\t\t<\/div><\/figure><figure class='gallery-item'>\n\t\t\t<div class='gallery-icon landscape'>\n\t\t\t\t<a data-elementor-open-lightbox=\"yes\" data-elementor-lightbox-slideshow=\"3fdb876\" data-elementor-lightbox-title=\"Orquesta Instituto Aleman Puerto Montt_0027_DSC_6870\" data-e-action-hash=\"#elementor-action%3Aaction%3Dlightbox%26settings%3DeyJpZCI6MjgzMTIsInVybCI6Imh0dHBzOlwvXC9pYWxlbWFuLmNsXC93cC1jb250ZW50XC91cGxvYWRzXC8yMDIzXC8xMlwvT3JxdWVzdGEtSW5zdGl0dXRvLUFsZW1hbi1QdWVydG8tTW9udHRfMDAyN19EU0NfNjg3MC5qcGciLCJzbGlkZXNob3ciOiIzZmRiODc2In0%3D\" href='https:\/\/ialeman.cl\/wp-content\/uploads\/2023\/12\/Orquesta-Instituto-Aleman-Puerto-Montt_0027_DSC_6870.jpg'><img loading=\"lazy\" decoding=\"async\" width=\"1200\" height=\"801\" src=\"https:\/\/ialeman.cl\/wp-content\/uploads\/2023\/12\/Orquesta-Instituto-Aleman-Puerto-Montt_0027_DSC_6870.jpg\" class=\"attachment-full size-full\" alt=\"\" srcset=\"https:\/\/ialeman.cl\/wp-content\/uploads\/2023\/12\/Orquesta-Instituto-Aleman-Puerto-Montt_0027_DSC_6870.jpg 1200w, https:\/\/ialeman.cl\/wp-content\/uploads\/2023\/12\/Orquesta-Instituto-Aleman-Puerto-Montt_0027_DSC_6870-300x200.jpg 300w, https:\/\/ialeman.cl\/wp-content\/uploads\/2023\/12\/Orquesta-Instituto-Aleman-Puerto-Montt_0027_DSC_6870-1024x684.jpg 1024w, https:\/\/ialeman.cl\/wp-content\/uploads\/2023\/12\/Orquesta-Instituto-Aleman-Puerto-Montt_0027_DSC_6870-768x513.jpg 768w\" sizes=\"(max-width: 1200px) 100vw, 1200px\" \/><\/a>\n\t\t\t<\/div><\/figure><figure class='gallery-item'>\n\t\t\t<div class='gallery-icon landscape'>\n\t\t\t\t<a data-elementor-open-lightbox=\"yes\" data-elementor-lightbox-slideshow=\"3fdb876\" data-elementor-lightbox-title=\"Orquesta Instituto Aleman Puerto Montt_0028_DSC_6866\" data-e-action-hash=\"#elementor-action%3Aaction%3Dlightbox%26settings%3DeyJpZCI6MjgzMTMsInVybCI6Imh0dHBzOlwvXC9pYWxlbWFuLmNsXC93cC1jb250ZW50XC91cGxvYWRzXC8yMDIzXC8xMlwvT3JxdWVzdGEtSW5zdGl0dXRvLUFsZW1hbi1QdWVydG8tTW9udHRfMDAyOF9EU0NfNjg2Ni5qcGciLCJzbGlkZXNob3ciOiIzZmRiODc2In0%3D\" href='https:\/\/ialeman.cl\/wp-content\/uploads\/2023\/12\/Orquesta-Instituto-Aleman-Puerto-Montt_0028_DSC_6866.jpg'><img loading=\"lazy\" decoding=\"async\" width=\"1200\" height=\"801\" src=\"https:\/\/ialeman.cl\/wp-content\/uploads\/2023\/12\/Orquesta-Instituto-Aleman-Puerto-Montt_0028_DSC_6866.jpg\" class=\"attachment-full size-full\" alt=\"\" srcset=\"https:\/\/ialeman.cl\/wp-content\/uploads\/2023\/12\/Orquesta-Instituto-Aleman-Puerto-Montt_0028_DSC_6866.jpg 1200w, https:\/\/ialeman.cl\/wp-content\/uploads\/2023\/12\/Orquesta-Instituto-Aleman-Puerto-Montt_0028_DSC_6866-300x200.jpg 300w, https:\/\/ialeman.cl\/wp-content\/uploads\/2023\/12\/Orquesta-Instituto-Aleman-Puerto-Montt_0028_DSC_6866-1024x684.jpg 1024w, https:\/\/ialeman.cl\/wp-content\/uploads\/2023\/12\/Orquesta-Instituto-Aleman-Puerto-Montt_0028_DSC_6866-768x513.jpg 768w\" sizes=\"(max-width: 1200px) 100vw, 1200px\" \/><\/a>\n\t\t\t<\/div><\/figure><figure class='gallery-item'>\n\t\t\t<div class='gallery-icon landscape'>\n\t\t\t\t<a data-elementor-open-lightbox=\"yes\" data-elementor-lightbox-slideshow=\"3fdb876\" data-elementor-lightbox-title=\"Orquesta Instituto Aleman Puerto Montt_0029_DSC_6841\" data-e-action-hash=\"#elementor-action%3Aaction%3Dlightbox%26settings%3DeyJpZCI6MjgzMTQsInVybCI6Imh0dHBzOlwvXC9pYWxlbWFuLmNsXC93cC1jb250ZW50XC91cGxvYWRzXC8yMDIzXC8xMlwvT3JxdWVzdGEtSW5zdGl0dXRvLUFsZW1hbi1QdWVydG8tTW9udHRfMDAyOV9EU0NfNjg0MS5qcGciLCJzbGlkZXNob3ciOiIzZmRiODc2In0%3D\" href='https:\/\/ialeman.cl\/wp-content\/uploads\/2023\/12\/Orquesta-Instituto-Aleman-Puerto-Montt_0029_DSC_6841.jpg'><img loading=\"lazy\" decoding=\"async\" width=\"1200\" height=\"801\" src=\"https:\/\/ialeman.cl\/wp-content\/uploads\/2023\/12\/Orquesta-Instituto-Aleman-Puerto-Montt_0029_DSC_6841.jpg\" class=\"attachment-full size-full\" alt=\"\" srcset=\"https:\/\/ialeman.cl\/wp-content\/uploads\/2023\/12\/Orquesta-Instituto-Aleman-Puerto-Montt_0029_DSC_6841.jpg 1200w, https:\/\/ialeman.cl\/wp-content\/uploads\/2023\/12\/Orquesta-Instituto-Aleman-Puerto-Montt_0029_DSC_6841-300x200.jpg 300w, https:\/\/ialeman.cl\/wp-content\/uploads\/2023\/12\/Orquesta-Instituto-Aleman-Puerto-Montt_0029_DSC_6841-1024x684.jpg 1024w, https:\/\/ialeman.cl\/wp-content\/uploads\/2023\/12\/Orquesta-Instituto-Aleman-Puerto-Montt_0029_DSC_6841-768x513.jpg 768w\" sizes=\"(max-width: 1200px) 100vw, 1200px\" \/><\/a>\n\t\t\t<\/div><\/figure><figure class='gallery-item'>\n\t\t\t<div class='gallery-icon landscape'>\n\t\t\t\t<a data-elementor-open-lightbox=\"yes\" data-elementor-lightbox-slideshow=\"3fdb876\" data-elementor-lightbox-title=\"Orquesta Instituto Aleman Puerto Montt_0030_DSC_6838\" data-e-action-hash=\"#elementor-action%3Aaction%3Dlightbox%26settings%3DeyJpZCI6MjgzMTUsInVybCI6Imh0dHBzOlwvXC9pYWxlbWFuLmNsXC93cC1jb250ZW50XC91cGxvYWRzXC8yMDIzXC8xMlwvT3JxdWVzdGEtSW5zdGl0dXRvLUFsZW1hbi1QdWVydG8tTW9udHRfMDAzMF9EU0NfNjgzOC5qcGciLCJzbGlkZXNob3ciOiIzZmRiODc2In0%3D\" href='https:\/\/ialeman.cl\/wp-content\/uploads\/2023\/12\/Orquesta-Instituto-Aleman-Puerto-Montt_0030_DSC_6838.jpg'><img loading=\"lazy\" decoding=\"async\" width=\"1200\" height=\"801\" src=\"https:\/\/ialeman.cl\/wp-content\/uploads\/2023\/12\/Orquesta-Instituto-Aleman-Puerto-Montt_0030_DSC_6838.jpg\" class=\"attachment-full size-full\" alt=\"\" srcset=\"https:\/\/ialeman.cl\/wp-content\/uploads\/2023\/12\/Orquesta-Instituto-Aleman-Puerto-Montt_0030_DSC_6838.jpg 1200w, https:\/\/ialeman.cl\/wp-content\/uploads\/2023\/12\/Orquesta-Instituto-Aleman-Puerto-Montt_0030_DSC_6838-300x200.jpg 300w, https:\/\/ialeman.cl\/wp-content\/uploads\/2023\/12\/Orquesta-Instituto-Aleman-Puerto-Montt_0030_DSC_6838-1024x684.jpg 1024w, https:\/\/ialeman.cl\/wp-content\/uploads\/2023\/12\/Orquesta-Instituto-Aleman-Puerto-Montt_0030_DSC_6838-768x513.jpg 768w\" sizes=\"(max-width: 1200px) 100vw, 1200px\" \/><\/a>\n\t\t\t<\/div><\/figure><figure class='gallery-item'>\n\t\t\t<div class='gallery-icon landscape'>\n\t\t\t\t<a data-elementor-open-lightbox=\"yes\" data-elementor-lightbox-slideshow=\"3fdb876\" data-elementor-lightbox-title=\"Orquesta Instituto Aleman Puerto Montt_0031_DSC_6804\" data-e-action-hash=\"#elementor-action%3Aaction%3Dlightbox%26settings%3DeyJpZCI6MjgzMTYsInVybCI6Imh0dHBzOlwvXC9pYWxlbWFuLmNsXC93cC1jb250ZW50XC91cGxvYWRzXC8yMDIzXC8xMlwvT3JxdWVzdGEtSW5zdGl0dXRvLUFsZW1hbi1QdWVydG8tTW9udHRfMDAzMV9EU0NfNjgwNC5qcGciLCJzbGlkZXNob3ciOiIzZmRiODc2In0%3D\" href='https:\/\/ialeman.cl\/wp-content\/uploads\/2023\/12\/Orquesta-Instituto-Aleman-Puerto-Montt_0031_DSC_6804.jpg'><img loading=\"lazy\" decoding=\"async\" width=\"1200\" height=\"801\" src=\"https:\/\/ialeman.cl\/wp-content\/uploads\/2023\/12\/Orquesta-Instituto-Aleman-Puerto-Montt_0031_DSC_6804.jpg\" class=\"attachment-full size-full\" alt=\"\" srcset=\"https:\/\/ialeman.cl\/wp-content\/uploads\/2023\/12\/Orquesta-Instituto-Aleman-Puerto-Montt_0031_DSC_6804.jpg 1200w, https:\/\/ialeman.cl\/wp-content\/uploads\/2023\/12\/Orquesta-Instituto-Aleman-Puerto-Montt_0031_DSC_6804-300x200.jpg 300w, https:\/\/ialeman.cl\/wp-content\/uploads\/2023\/12\/Orquesta-Instituto-Aleman-Puerto-Montt_0031_DSC_6804-1024x684.jpg 1024w, https:\/\/ialeman.cl\/wp-content\/uploads\/2023\/12\/Orquesta-Instituto-Aleman-Puerto-Montt_0031_DSC_6804-768x513.jpg 768w\" sizes=\"(max-width: 1200px) 100vw, 1200px\" \/><\/a>\n\t\t\t<\/div><\/figure><figure class='gallery-item'>\n\t\t\t<div class='gallery-icon landscape'>\n\t\t\t\t<a data-elementor-open-lightbox=\"yes\" data-elementor-lightbox-slideshow=\"3fdb876\" data-elementor-lightbox-title=\"Orquesta Instituto Aleman Puerto Montt_0013_DSC_7135\" data-e-action-hash=\"#elementor-action%3Aaction%3Dlightbox%26settings%3DeyJpZCI6MjgyOTcsInVybCI6Imh0dHBzOlwvXC9pYWxlbWFuLmNsXC93cC1jb250ZW50XC91cGxvYWRzXC8yMDIzXC8xMlwvT3JxdWVzdGEtSW5zdGl0dXRvLUFsZW1hbi1QdWVydG8tTW9udHRfMDAxM19EU0NfNzEzNS5qcGciLCJzbGlkZXNob3ciOiIzZmRiODc2In0%3D\" href='https:\/\/ialeman.cl\/wp-content\/uploads\/2023\/12\/Orquesta-Instituto-Aleman-Puerto-Montt_0013_DSC_7135.jpg'><img loading=\"lazy\" decoding=\"async\" width=\"1200\" height=\"801\" src=\"https:\/\/ialeman.cl\/wp-content\/uploads\/2023\/12\/Orquesta-Instituto-Aleman-Puerto-Montt_0013_DSC_7135.jpg\" class=\"attachment-full size-full\" alt=\"\" srcset=\"https:\/\/ialeman.cl\/wp-content\/uploads\/2023\/12\/Orquesta-Instituto-Aleman-Puerto-Montt_0013_DSC_7135.jpg 1200w, https:\/\/ialeman.cl\/wp-content\/uploads\/2023\/12\/Orquesta-Instituto-Aleman-Puerto-Montt_0013_DSC_7135-300x200.jpg 300w, https:\/\/ialeman.cl\/wp-content\/uploads\/2023\/12\/Orquesta-Instituto-Aleman-Puerto-Montt_0013_DSC_7135-1024x684.jpg 1024w, https:\/\/ialeman.cl\/wp-content\/uploads\/2023\/12\/Orquesta-Instituto-Aleman-Puerto-Montt_0013_DSC_7135-768x513.jpg 768w\" sizes=\"(max-width: 1200px) 100vw, 1200px\" \/><\/a>\n\t\t\t<\/div><\/figure><figure class='gallery-item'>\n\t\t\t<div class='gallery-icon landscape'>\n\t\t\t\t<a data-elementor-open-lightbox=\"yes\" data-elementor-lightbox-slideshow=\"3fdb876\" data-elementor-lightbox-title=\"Orquesta Instituto Aleman Puerto Montt_0032_DSC_6774\" data-e-action-hash=\"#elementor-action%3Aaction%3Dlightbox%26settings%3DeyJpZCI6MjgzMTcsInVybCI6Imh0dHBzOlwvXC9pYWxlbWFuLmNsXC93cC1jb250ZW50XC91cGxvYWRzXC8yMDIzXC8xMlwvT3JxdWVzdGEtSW5zdGl0dXRvLUFsZW1hbi1QdWVydG8tTW9udHRfMDAzMl9EU0NfNjc3NC5qcGciLCJzbGlkZXNob3ciOiIzZmRiODc2In0%3D\" href='https:\/\/ialeman.cl\/wp-content\/uploads\/2023\/12\/Orquesta-Instituto-Aleman-Puerto-Montt_0032_DSC_6774.jpg'><img loading=\"lazy\" decoding=\"async\" width=\"1200\" height=\"801\" src=\"https:\/\/ialeman.cl\/wp-content\/uploads\/2023\/12\/Orquesta-Instituto-Aleman-Puerto-Montt_0032_DSC_6774.jpg\" class=\"attachment-full size-full\" alt=\"\" srcset=\"https:\/\/ialeman.cl\/wp-content\/uploads\/2023\/12\/Orquesta-Instituto-Aleman-Puerto-Montt_0032_DSC_6774.jpg 1200w, https:\/\/ialeman.cl\/wp-content\/uploads\/2023\/12\/Orquesta-Instituto-Aleman-Puerto-Montt_0032_DSC_6774-300x200.jpg 300w, https:\/\/ialeman.cl\/wp-content\/uploads\/2023\/12\/Orquesta-Instituto-Aleman-Puerto-Montt_0032_DSC_6774-1024x684.jpg 1024w, https:\/\/ialeman.cl\/wp-content\/uploads\/2023\/12\/Orquesta-Instituto-Aleman-Puerto-Montt_0032_DSC_6774-768x513.jpg 768w\" sizes=\"(max-width: 1200px) 100vw, 1200px\" \/><\/a>\n\t\t\t<\/div><\/figure><figure class='gallery-item'>\n\t\t\t<div class='gallery-icon landscape'>\n\t\t\t\t<a data-elementor-open-lightbox=\"yes\" data-elementor-lightbox-slideshow=\"3fdb876\" data-elementor-lightbox-title=\"Orquesta Instituto Aleman Puerto Montt_0033_DSC_6751\" data-e-action-hash=\"#elementor-action%3Aaction%3Dlightbox%26settings%3DeyJpZCI6MjgzMTgsInVybCI6Imh0dHBzOlwvXC9pYWxlbWFuLmNsXC93cC1jb250ZW50XC91cGxvYWRzXC8yMDIzXC8xMlwvT3JxdWVzdGEtSW5zdGl0dXRvLUFsZW1hbi1QdWVydG8tTW9udHRfMDAzM19EU0NfNjc1MS5qcGciLCJzbGlkZXNob3ciOiIzZmRiODc2In0%3D\" href='https:\/\/ialeman.cl\/wp-content\/uploads\/2023\/12\/Orquesta-Instituto-Aleman-Puerto-Montt_0033_DSC_6751.jpg'><img loading=\"lazy\" decoding=\"async\" width=\"1200\" height=\"801\" src=\"https:\/\/ialeman.cl\/wp-content\/uploads\/2023\/12\/Orquesta-Instituto-Aleman-Puerto-Montt_0033_DSC_6751.jpg\" class=\"attachment-full size-full\" alt=\"\" srcset=\"https:\/\/ialeman.cl\/wp-content\/uploads\/2023\/12\/Orquesta-Instituto-Aleman-Puerto-Montt_0033_DSC_6751.jpg 1200w, https:\/\/ialeman.cl\/wp-content\/uploads\/2023\/12\/Orquesta-Instituto-Aleman-Puerto-Montt_0033_DSC_6751-300x200.jpg 300w, https:\/\/ialeman.cl\/wp-content\/uploads\/2023\/12\/Orquesta-Instituto-Aleman-Puerto-Montt_0033_DSC_6751-1024x684.jpg 1024w, https:\/\/ialeman.cl\/wp-content\/uploads\/2023\/12\/Orquesta-Instituto-Aleman-Puerto-Montt_0033_DSC_6751-768x513.jpg 768w\" sizes=\"(max-width: 1200px) 100vw, 1200px\" \/><\/a>\n\t\t\t<\/div><\/figure><figure class='gallery-item'>\n\t\t\t<div class='gallery-icon landscape'>\n\t\t\t\t<a data-elementor-open-lightbox=\"yes\" data-elementor-lightbox-slideshow=\"3fdb876\" data-elementor-lightbox-title=\"Orquesta Instituto Aleman Puerto Montt_0034_DSC_6882\" data-e-action-hash=\"#elementor-action%3Aaction%3Dlightbox%26settings%3DeyJpZCI6MjgzMTksInVybCI6Imh0dHBzOlwvXC9pYWxlbWFuLmNsXC93cC1jb250ZW50XC91cGxvYWRzXC8yMDIzXC8xMlwvT3JxdWVzdGEtSW5zdGl0dXRvLUFsZW1hbi1QdWVydG8tTW9udHRfMDAzNF9EU0NfNjg4Mi5qcGciLCJzbGlkZXNob3ciOiIzZmRiODc2In0%3D\" href='https:\/\/ialeman.cl\/wp-content\/uploads\/2023\/12\/Orquesta-Instituto-Aleman-Puerto-Montt_0034_DSC_6882.jpg'><img loading=\"lazy\" decoding=\"async\" width=\"1200\" height=\"801\" src=\"https:\/\/ialeman.cl\/wp-content\/uploads\/2023\/12\/Orquesta-Instituto-Aleman-Puerto-Montt_0034_DSC_6882.jpg\" class=\"attachment-full size-full\" alt=\"\" srcset=\"https:\/\/ialeman.cl\/wp-content\/uploads\/2023\/12\/Orquesta-Instituto-Aleman-Puerto-Montt_0034_DSC_6882.jpg 1200w, https:\/\/ialeman.cl\/wp-content\/uploads\/2023\/12\/Orquesta-Instituto-Aleman-Puerto-Montt_0034_DSC_6882-300x200.jpg 300w, https:\/\/ialeman.cl\/wp-content\/uploads\/2023\/12\/Orquesta-Instituto-Aleman-Puerto-Montt_0034_DSC_6882-1024x684.jpg 1024w, https:\/\/ialeman.cl\/wp-content\/uploads\/2023\/12\/Orquesta-Instituto-Aleman-Puerto-Montt_0034_DSC_6882-768x513.jpg 768w\" sizes=\"(max-width: 1200px) 100vw, 1200px\" \/><\/a>\n\t\t\t<\/div><\/figure><figure class='gallery-item'>\n\t\t\t<div class='gallery-icon landscape'>\n\t\t\t\t<a data-elementor-open-lightbox=\"yes\" data-elementor-lightbox-slideshow=\"3fdb876\" data-elementor-lightbox-title=\"Orquesta Instituto Aleman Puerto Montt_0035_DSC_6731\" data-e-action-hash=\"#elementor-action%3Aaction%3Dlightbox%26settings%3DeyJpZCI6MjgzMjAsInVybCI6Imh0dHBzOlwvXC9pYWxlbWFuLmNsXC93cC1jb250ZW50XC91cGxvYWRzXC8yMDIzXC8xMlwvT3JxdWVzdGEtSW5zdGl0dXRvLUFsZW1hbi1QdWVydG8tTW9udHRfMDAzNV9EU0NfNjczMS5qcGciLCJzbGlkZXNob3ciOiIzZmRiODc2In0%3D\" href='https:\/\/ialeman.cl\/wp-content\/uploads\/2023\/12\/Orquesta-Instituto-Aleman-Puerto-Montt_0035_DSC_6731.jpg'><img loading=\"lazy\" decoding=\"async\" width=\"1200\" height=\"801\" src=\"https:\/\/ialeman.cl\/wp-content\/uploads\/2023\/12\/Orquesta-Instituto-Aleman-Puerto-Montt_0035_DSC_6731.jpg\" class=\"attachment-full size-full\" alt=\"\" srcset=\"https:\/\/ialeman.cl\/wp-content\/uploads\/2023\/12\/Orquesta-Instituto-Aleman-Puerto-Montt_0035_DSC_6731.jpg 1200w, https:\/\/ialeman.cl\/wp-content\/uploads\/2023\/12\/Orquesta-Instituto-Aleman-Puerto-Montt_0035_DSC_6731-300x200.jpg 300w, https:\/\/ialeman.cl\/wp-content\/uploads\/2023\/12\/Orquesta-Instituto-Aleman-Puerto-Montt_0035_DSC_6731-1024x684.jpg 1024w, https:\/\/ialeman.cl\/wp-content\/uploads\/2023\/12\/Orquesta-Instituto-Aleman-Puerto-Montt_0035_DSC_6731-768x513.jpg 768w\" sizes=\"(max-width: 1200px) 100vw, 1200px\" \/><\/a>\n\t\t\t<\/div><\/figure><figure class='gallery-item'>\n\t\t\t<div class='gallery-icon landscape'>\n\t\t\t\t<a data-elementor-open-lightbox=\"yes\" data-elementor-lightbox-slideshow=\"3fdb876\" data-elementor-lightbox-title=\"Orquesta Instituto Aleman Puerto Montt_0036_DSC_6720\" data-e-action-hash=\"#elementor-action%3Aaction%3Dlightbox%26settings%3DeyJpZCI6MjgzMjEsInVybCI6Imh0dHBzOlwvXC9pYWxlbWFuLmNsXC93cC1jb250ZW50XC91cGxvYWRzXC8yMDIzXC8xMlwvT3JxdWVzdGEtSW5zdGl0dXRvLUFsZW1hbi1QdWVydG8tTW9udHRfMDAzNl9EU0NfNjcyMC5qcGciLCJzbGlkZXNob3ciOiIzZmRiODc2In0%3D\" href='https:\/\/ialeman.cl\/wp-content\/uploads\/2023\/12\/Orquesta-Instituto-Aleman-Puerto-Montt_0036_DSC_6720.jpg'><img loading=\"lazy\" decoding=\"async\" width=\"1200\" height=\"801\" src=\"https:\/\/ialeman.cl\/wp-content\/uploads\/2023\/12\/Orquesta-Instituto-Aleman-Puerto-Montt_0036_DSC_6720.jpg\" class=\"attachment-full size-full\" alt=\"\" srcset=\"https:\/\/ialeman.cl\/wp-content\/uploads\/2023\/12\/Orquesta-Instituto-Aleman-Puerto-Montt_0036_DSC_6720.jpg 1200w, https:\/\/ialeman.cl\/wp-content\/uploads\/2023\/12\/Orquesta-Instituto-Aleman-Puerto-Montt_0036_DSC_6720-300x200.jpg 300w, https:\/\/ialeman.cl\/wp-content\/uploads\/2023\/12\/Orquesta-Instituto-Aleman-Puerto-Montt_0036_DSC_6720-1024x684.jpg 1024w, https:\/\/ialeman.cl\/wp-content\/uploads\/2023\/12\/Orquesta-Instituto-Aleman-Puerto-Montt_0036_DSC_6720-768x513.jpg 768w\" sizes=\"(max-width: 1200px) 100vw, 1200px\" \/><\/a>\n\t\t\t<\/div><\/figure><figure class='gallery-item'>\n\t\t\t<div class='gallery-icon landscape'>\n\t\t\t\t<a data-elementor-open-lightbox=\"yes\" data-elementor-lightbox-slideshow=\"3fdb876\" data-elementor-lightbox-title=\"Orquesta Instituto Aleman Puerto Montt_0037_DSC_6717\" data-e-action-hash=\"#elementor-action%3Aaction%3Dlightbox%26settings%3DeyJpZCI6MjgzMjIsInVybCI6Imh0dHBzOlwvXC9pYWxlbWFuLmNsXC93cC1jb250ZW50XC91cGxvYWRzXC8yMDIzXC8xMlwvT3JxdWVzdGEtSW5zdGl0dXRvLUFsZW1hbi1QdWVydG8tTW9udHRfMDAzN19EU0NfNjcxNy5qcGciLCJzbGlkZXNob3ciOiIzZmRiODc2In0%3D\" href='https:\/\/ialeman.cl\/wp-content\/uploads\/2023\/12\/Orquesta-Instituto-Aleman-Puerto-Montt_0037_DSC_6717.jpg'><img loading=\"lazy\" decoding=\"async\" width=\"1200\" height=\"801\" src=\"https:\/\/ialeman.cl\/wp-content\/uploads\/2023\/12\/Orquesta-Instituto-Aleman-Puerto-Montt_0037_DSC_6717.jpg\" class=\"attachment-full size-full\" alt=\"\" srcset=\"https:\/\/ialeman.cl\/wp-content\/uploads\/2023\/12\/Orquesta-Instituto-Aleman-Puerto-Montt_0037_DSC_6717.jpg 1200w, https:\/\/ialeman.cl\/wp-content\/uploads\/2023\/12\/Orquesta-Instituto-Aleman-Puerto-Montt_0037_DSC_6717-300x200.jpg 300w, https:\/\/ialeman.cl\/wp-content\/uploads\/2023\/12\/Orquesta-Instituto-Aleman-Puerto-Montt_0037_DSC_6717-1024x684.jpg 1024w, https:\/\/ialeman.cl\/wp-content\/uploads\/2023\/12\/Orquesta-Instituto-Aleman-Puerto-Montt_0037_DSC_6717-768x513.jpg 768w\" sizes=\"(max-width: 1200px) 100vw, 1200px\" \/><\/a>\n\t\t\t<\/div><\/figure><figure class='gallery-item'>\n\t\t\t<div class='gallery-icon landscape'>\n\t\t\t\t<a data-elementor-open-lightbox=\"yes\" data-elementor-lightbox-slideshow=\"3fdb876\" data-elementor-lightbox-title=\"Orquesta Instituto Aleman Puerto Montt_0038_DSC_6698\" data-e-action-hash=\"#elementor-action%3Aaction%3Dlightbox%26settings%3DeyJpZCI6MjgzMjMsInVybCI6Imh0dHBzOlwvXC9pYWxlbWFuLmNsXC93cC1jb250ZW50XC91cGxvYWRzXC8yMDIzXC8xMlwvT3JxdWVzdGEtSW5zdGl0dXRvLUFsZW1hbi1QdWVydG8tTW9udHRfMDAzOF9EU0NfNjY5OC5qcGciLCJzbGlkZXNob3ciOiIzZmRiODc2In0%3D\" href='https:\/\/ialeman.cl\/wp-content\/uploads\/2023\/12\/Orquesta-Instituto-Aleman-Puerto-Montt_0038_DSC_6698.jpg'><img loading=\"lazy\" decoding=\"async\" width=\"1200\" height=\"801\" src=\"https:\/\/ialeman.cl\/wp-content\/uploads\/2023\/12\/Orquesta-Instituto-Aleman-Puerto-Montt_0038_DSC_6698.jpg\" class=\"attachment-full size-full\" alt=\"\" srcset=\"https:\/\/ialeman.cl\/wp-content\/uploads\/2023\/12\/Orquesta-Instituto-Aleman-Puerto-Montt_0038_DSC_6698.jpg 1200w, https:\/\/ialeman.cl\/wp-content\/uploads\/2023\/12\/Orquesta-Instituto-Aleman-Puerto-Montt_0038_DSC_6698-300x200.jpg 300w, https:\/\/ialeman.cl\/wp-content\/uploads\/2023\/12\/Orquesta-Instituto-Aleman-Puerto-Montt_0038_DSC_6698-1024x684.jpg 1024w, https:\/\/ialeman.cl\/wp-content\/uploads\/2023\/12\/Orquesta-Instituto-Aleman-Puerto-Montt_0038_DSC_6698-768x513.jpg 768w\" sizes=\"(max-width: 1200px) 100vw, 1200px\" \/><\/a>\n\t\t\t<\/div><\/figure><figure class='gallery-item'>\n\t\t\t<div class='gallery-icon landscape'>\n\t\t\t\t<a data-elementor-open-lightbox=\"yes\" data-elementor-lightbox-slideshow=\"3fdb876\" data-elementor-lightbox-title=\"Orquesta Instituto Aleman Puerto Montt_0039_DSC_6697\" data-e-action-hash=\"#elementor-action%3Aaction%3Dlightbox%26settings%3DeyJpZCI6MjgzMjQsInVybCI6Imh0dHBzOlwvXC9pYWxlbWFuLmNsXC93cC1jb250ZW50XC91cGxvYWRzXC8yMDIzXC8xMlwvT3JxdWVzdGEtSW5zdGl0dXRvLUFsZW1hbi1QdWVydG8tTW9udHRfMDAzOV9EU0NfNjY5Ny5qcGciLCJzbGlkZXNob3ciOiIzZmRiODc2In0%3D\" href='https:\/\/ialeman.cl\/wp-content\/uploads\/2023\/12\/Orquesta-Instituto-Aleman-Puerto-Montt_0039_DSC_6697.jpg'><img loading=\"lazy\" decoding=\"async\" width=\"1200\" height=\"801\" src=\"https:\/\/ialeman.cl\/wp-content\/uploads\/2023\/12\/Orquesta-Instituto-Aleman-Puerto-Montt_0039_DSC_6697.jpg\" class=\"attachment-full size-full\" alt=\"\" srcset=\"https:\/\/ialeman.cl\/wp-content\/uploads\/2023\/12\/Orquesta-Instituto-Aleman-Puerto-Montt_0039_DSC_6697.jpg 1200w, https:\/\/ialeman.cl\/wp-content\/uploads\/2023\/12\/Orquesta-Instituto-Aleman-Puerto-Montt_0039_DSC_6697-300x200.jpg 300w, https:\/\/ialeman.cl\/wp-content\/uploads\/2023\/12\/Orquesta-Instituto-Aleman-Puerto-Montt_0039_DSC_6697-1024x684.jpg 1024w, https:\/\/ialeman.cl\/wp-content\/uploads\/2023\/12\/Orquesta-Instituto-Aleman-Puerto-Montt_0039_DSC_6697-768x513.jpg 768w\" sizes=\"(max-width: 1200px) 100vw, 1200px\" \/><\/a>\n\t\t\t<\/div><\/figure><figure class='gallery-item'>\n\t\t\t<div class='gallery-icon landscape'>\n\t\t\t\t<a data-elementor-open-lightbox=\"yes\" data-elementor-lightbox-slideshow=\"3fdb876\" data-elementor-lightbox-title=\"Orquesta Instituto Aleman Puerto Montt_0040_DSC_6688\" data-e-action-hash=\"#elementor-action%3Aaction%3Dlightbox%26settings%3DeyJpZCI6MjgzMjUsInVybCI6Imh0dHBzOlwvXC9pYWxlbWFuLmNsXC93cC1jb250ZW50XC91cGxvYWRzXC8yMDIzXC8xMlwvT3JxdWVzdGEtSW5zdGl0dXRvLUFsZW1hbi1QdWVydG8tTW9udHRfMDA0MF9EU0NfNjY4OC5qcGciLCJzbGlkZXNob3ciOiIzZmRiODc2In0%3D\" href='https:\/\/ialeman.cl\/wp-content\/uploads\/2023\/12\/Orquesta-Instituto-Aleman-Puerto-Montt_0040_DSC_6688.jpg'><img loading=\"lazy\" decoding=\"async\" width=\"1200\" height=\"801\" src=\"https:\/\/ialeman.cl\/wp-content\/uploads\/2023\/12\/Orquesta-Instituto-Aleman-Puerto-Montt_0040_DSC_6688.jpg\" class=\"attachment-full size-full\" alt=\"\" srcset=\"https:\/\/ialeman.cl\/wp-content\/uploads\/2023\/12\/Orquesta-Instituto-Aleman-Puerto-Montt_0040_DSC_6688.jpg 1200w, https:\/\/ialeman.cl\/wp-content\/uploads\/2023\/12\/Orquesta-Instituto-Aleman-Puerto-Montt_0040_DSC_6688-300x200.jpg 300w, https:\/\/ialeman.cl\/wp-content\/uploads\/2023\/12\/Orquesta-Instituto-Aleman-Puerto-Montt_0040_DSC_6688-1024x684.jpg 1024w, https:\/\/ialeman.cl\/wp-content\/uploads\/2023\/12\/Orquesta-Instituto-Aleman-Puerto-Montt_0040_DSC_6688-768x513.jpg 768w\" sizes=\"(max-width: 1200px) 100vw, 1200px\" \/><\/a>\n\t\t\t<\/div><\/figure><figure class='gallery-item'>\n\t\t\t<div class='gallery-icon landscape'>\n\t\t\t\t<a data-elementor-open-lightbox=\"yes\" data-elementor-lightbox-slideshow=\"3fdb876\" data-elementor-lightbox-title=\"Orquesta Instituto Aleman Puerto Montt_0041_DSC_6686\" data-e-action-hash=\"#elementor-action%3Aaction%3Dlightbox%26settings%3DeyJpZCI6MjgzMjYsInVybCI6Imh0dHBzOlwvXC9pYWxlbWFuLmNsXC93cC1jb250ZW50XC91cGxvYWRzXC8yMDIzXC8xMlwvT3JxdWVzdGEtSW5zdGl0dXRvLUFsZW1hbi1QdWVydG8tTW9udHRfMDA0MV9EU0NfNjY4Ni5qcGciLCJzbGlkZXNob3ciOiIzZmRiODc2In0%3D\" href='https:\/\/ialeman.cl\/wp-content\/uploads\/2023\/12\/Orquesta-Instituto-Aleman-Puerto-Montt_0041_DSC_6686.jpg'><img loading=\"lazy\" decoding=\"async\" width=\"1200\" height=\"801\" src=\"https:\/\/ialeman.cl\/wp-content\/uploads\/2023\/12\/Orquesta-Instituto-Aleman-Puerto-Montt_0041_DSC_6686.jpg\" class=\"attachment-full size-full\" alt=\"\" srcset=\"https:\/\/ialeman.cl\/wp-content\/uploads\/2023\/12\/Orquesta-Instituto-Aleman-Puerto-Montt_0041_DSC_6686.jpg 1200w, https:\/\/ialeman.cl\/wp-content\/uploads\/2023\/12\/Orquesta-Instituto-Aleman-Puerto-Montt_0041_DSC_6686-300x200.jpg 300w, https:\/\/ialeman.cl\/wp-content\/uploads\/2023\/12\/Orquesta-Instituto-Aleman-Puerto-Montt_0041_DSC_6686-1024x684.jpg 1024w, https:\/\/ialeman.cl\/wp-content\/uploads\/2023\/12\/Orquesta-Instituto-Aleman-Puerto-Montt_0041_DSC_6686-768x513.jpg 768w\" sizes=\"(max-width: 1200px) 100vw, 1200px\" \/><\/a>\n\t\t\t<\/div><\/figure><figure class='gallery-item'>\n\t\t\t<div class='gallery-icon landscape'>\n\t\t\t\t<a data-elementor-open-lightbox=\"yes\" data-elementor-lightbox-slideshow=\"3fdb876\" data-elementor-lightbox-title=\"Orquesta Instituto Aleman Puerto Montt_0042_DSC_6683\" data-e-action-hash=\"#elementor-action%3Aaction%3Dlightbox%26settings%3DeyJpZCI6MjgzMjcsInVybCI6Imh0dHBzOlwvXC9pYWxlbWFuLmNsXC93cC1jb250ZW50XC91cGxvYWRzXC8yMDIzXC8xMlwvT3JxdWVzdGEtSW5zdGl0dXRvLUFsZW1hbi1QdWVydG8tTW9udHRfMDA0Ml9EU0NfNjY4My5qcGciLCJzbGlkZXNob3ciOiIzZmRiODc2In0%3D\" href='https:\/\/ialeman.cl\/wp-content\/uploads\/2023\/12\/Orquesta-Instituto-Aleman-Puerto-Montt_0042_DSC_6683.jpg'><img loading=\"lazy\" decoding=\"async\" width=\"1200\" height=\"801\" src=\"https:\/\/ialeman.cl\/wp-content\/uploads\/2023\/12\/Orquesta-Instituto-Aleman-Puerto-Montt_0042_DSC_6683.jpg\" class=\"attachment-full size-full\" alt=\"\" srcset=\"https:\/\/ialeman.cl\/wp-content\/uploads\/2023\/12\/Orquesta-Instituto-Aleman-Puerto-Montt_0042_DSC_6683.jpg 1200w, https:\/\/ialeman.cl\/wp-content\/uploads\/2023\/12\/Orquesta-Instituto-Aleman-Puerto-Montt_0042_DSC_6683-300x200.jpg 300w, https:\/\/ialeman.cl\/wp-content\/uploads\/2023\/12\/Orquesta-Instituto-Aleman-Puerto-Montt_0042_DSC_6683-1024x684.jpg 1024w, https:\/\/ialeman.cl\/wp-content\/uploads\/2023\/12\/Orquesta-Instituto-Aleman-Puerto-Montt_0042_DSC_6683-768x513.jpg 768w\" sizes=\"(max-width: 1200px) 100vw, 1200px\" \/><\/a>\n\t\t\t<\/div><\/figure><figure class='gallery-item'>\n\t\t\t<div class='gallery-icon landscape'>\n\t\t\t\t<a data-elementor-open-lightbox=\"yes\" data-elementor-lightbox-slideshow=\"3fdb876\" data-elementor-lightbox-title=\"Orquesta Instituto Aleman Puerto Montt_0043_DSC_6682\" data-e-action-hash=\"#elementor-action%3Aaction%3Dlightbox%26settings%3DeyJpZCI6MjgzMjgsInVybCI6Imh0dHBzOlwvXC9pYWxlbWFuLmNsXC93cC1jb250ZW50XC91cGxvYWRzXC8yMDIzXC8xMlwvT3JxdWVzdGEtSW5zdGl0dXRvLUFsZW1hbi1QdWVydG8tTW9udHRfMDA0M19EU0NfNjY4Mi5qcGciLCJzbGlkZXNob3ciOiIzZmRiODc2In0%3D\" href='https:\/\/ialeman.cl\/wp-content\/uploads\/2023\/12\/Orquesta-Instituto-Aleman-Puerto-Montt_0043_DSC_6682.jpg'><img loading=\"lazy\" decoding=\"async\" width=\"1200\" height=\"801\" src=\"https:\/\/ialeman.cl\/wp-content\/uploads\/2023\/12\/Orquesta-Instituto-Aleman-Puerto-Montt_0043_DSC_6682.jpg\" class=\"attachment-full size-full\" alt=\"\" srcset=\"https:\/\/ialeman.cl\/wp-content\/uploads\/2023\/12\/Orquesta-Instituto-Aleman-Puerto-Montt_0043_DSC_6682.jpg 1200w, https:\/\/ialeman.cl\/wp-content\/uploads\/2023\/12\/Orquesta-Instituto-Aleman-Puerto-Montt_0043_DSC_6682-300x200.jpg 300w, https:\/\/ialeman.cl\/wp-content\/uploads\/2023\/12\/Orquesta-Instituto-Aleman-Puerto-Montt_0043_DSC_6682-1024x684.jpg 1024w, https:\/\/ialeman.cl\/wp-content\/uploads\/2023\/12\/Orquesta-Instituto-Aleman-Puerto-Montt_0043_DSC_6682-768x513.jpg 768w\" sizes=\"(max-width: 1200px) 100vw, 1200px\" \/><\/a>\n\t\t\t<\/div><\/figure><figure class='gallery-item'>\n\t\t\t<div class='gallery-icon landscape'>\n\t\t\t\t<a data-elementor-open-lightbox=\"yes\" data-elementor-lightbox-slideshow=\"3fdb876\" data-elementor-lightbox-title=\"Orquesta Instituto Aleman Puerto Montt_0044_DSC_6680\" data-e-action-hash=\"#elementor-action%3Aaction%3Dlightbox%26settings%3DeyJpZCI6MjgzMjksInVybCI6Imh0dHBzOlwvXC9pYWxlbWFuLmNsXC93cC1jb250ZW50XC91cGxvYWRzXC8yMDIzXC8xMlwvT3JxdWVzdGEtSW5zdGl0dXRvLUFsZW1hbi1QdWVydG8tTW9udHRfMDA0NF9EU0NfNjY4MC5qcGciLCJzbGlkZXNob3ciOiIzZmRiODc2In0%3D\" href='https:\/\/ialeman.cl\/wp-content\/uploads\/2023\/12\/Orquesta-Instituto-Aleman-Puerto-Montt_0044_DSC_6680.jpg'><img loading=\"lazy\" decoding=\"async\" width=\"1200\" height=\"801\" src=\"https:\/\/ialeman.cl\/wp-content\/uploads\/2023\/12\/Orquesta-Instituto-Aleman-Puerto-Montt_0044_DSC_6680.jpg\" class=\"attachment-full size-full\" alt=\"\" srcset=\"https:\/\/ialeman.cl\/wp-content\/uploads\/2023\/12\/Orquesta-Instituto-Aleman-Puerto-Montt_0044_DSC_6680.jpg 1200w, https:\/\/ialeman.cl\/wp-content\/uploads\/2023\/12\/Orquesta-Instituto-Aleman-Puerto-Montt_0044_DSC_6680-300x200.jpg 300w, https:\/\/ialeman.cl\/wp-content\/uploads\/2023\/12\/Orquesta-Instituto-Aleman-Puerto-Montt_0044_DSC_6680-1024x684.jpg 1024w, https:\/\/ialeman.cl\/wp-content\/uploads\/2023\/12\/Orquesta-Instituto-Aleman-Puerto-Montt_0044_DSC_6680-768x513.jpg 768w\" sizes=\"(max-width: 1200px) 100vw, 1200px\" \/><\/a>\n\t\t\t<\/div><\/figure><figure class='gallery-item'>\n\t\t\t<div class='gallery-icon landscape'>\n\t\t\t\t<a data-elementor-open-lightbox=\"yes\" data-elementor-lightbox-slideshow=\"3fdb876\" data-elementor-lightbox-title=\"Orquesta Instituto Aleman Puerto Montt_0045_DSC_6665\" data-e-action-hash=\"#elementor-action%3Aaction%3Dlightbox%26settings%3DeyJpZCI6MjgzMzAsInVybCI6Imh0dHBzOlwvXC9pYWxlbWFuLmNsXC93cC1jb250ZW50XC91cGxvYWRzXC8yMDIzXC8xMlwvT3JxdWVzdGEtSW5zdGl0dXRvLUFsZW1hbi1QdWVydG8tTW9udHRfMDA0NV9EU0NfNjY2NS5qcGciLCJzbGlkZXNob3ciOiIzZmRiODc2In0%3D\" href='https:\/\/ialeman.cl\/wp-content\/uploads\/2023\/12\/Orquesta-Instituto-Aleman-Puerto-Montt_0045_DSC_6665.jpg'><img loading=\"lazy\" decoding=\"async\" width=\"1200\" height=\"801\" src=\"https:\/\/ialeman.cl\/wp-content\/uploads\/2023\/12\/Orquesta-Instituto-Aleman-Puerto-Montt_0045_DSC_6665.jpg\" class=\"attachment-full size-full\" alt=\"\" srcset=\"https:\/\/ialeman.cl\/wp-content\/uploads\/2023\/12\/Orquesta-Instituto-Aleman-Puerto-Montt_0045_DSC_6665.jpg 1200w, https:\/\/ialeman.cl\/wp-content\/uploads\/2023\/12\/Orquesta-Instituto-Aleman-Puerto-Montt_0045_DSC_6665-300x200.jpg 300w, https:\/\/ialeman.cl\/wp-content\/uploads\/2023\/12\/Orquesta-Instituto-Aleman-Puerto-Montt_0045_DSC_6665-1024x684.jpg 1024w, https:\/\/ialeman.cl\/wp-content\/uploads\/2023\/12\/Orquesta-Instituto-Aleman-Puerto-Montt_0045_DSC_6665-768x513.jpg 768w\" sizes=\"(max-width: 1200px) 100vw, 1200px\" \/><\/a>\n\t\t\t<\/div><\/figure><figure class='gallery-item'>\n\t\t\t<div class='gallery-icon landscape'>\n\t\t\t\t<a data-elementor-open-lightbox=\"yes\" data-elementor-lightbox-slideshow=\"3fdb876\" data-elementor-lightbox-title=\"Orquesta Instituto Aleman Puerto Montt_0046_DSC_6741\" data-e-action-hash=\"#elementor-action%3Aaction%3Dlightbox%26settings%3DeyJpZCI6MjgzMzEsInVybCI6Imh0dHBzOlwvXC9pYWxlbWFuLmNsXC93cC1jb250ZW50XC91cGxvYWRzXC8yMDIzXC8xMlwvT3JxdWVzdGEtSW5zdGl0dXRvLUFsZW1hbi1QdWVydG8tTW9udHRfMDA0Nl9EU0NfNjc0MS5qcGciLCJzbGlkZXNob3ciOiIzZmRiODc2In0%3D\" href='https:\/\/ialeman.cl\/wp-content\/uploads\/2023\/12\/Orquesta-Instituto-Aleman-Puerto-Montt_0046_DSC_6741.jpg'><img loading=\"lazy\" decoding=\"async\" width=\"1200\" height=\"801\" src=\"https:\/\/ialeman.cl\/wp-content\/uploads\/2023\/12\/Orquesta-Instituto-Aleman-Puerto-Montt_0046_DSC_6741.jpg\" class=\"attachment-full size-full\" alt=\"\" srcset=\"https:\/\/ialeman.cl\/wp-content\/uploads\/2023\/12\/Orquesta-Instituto-Aleman-Puerto-Montt_0046_DSC_6741.jpg 1200w, https:\/\/ialeman.cl\/wp-content\/uploads\/2023\/12\/Orquesta-Instituto-Aleman-Puerto-Montt_0046_DSC_6741-300x200.jpg 300w, https:\/\/ialeman.cl\/wp-content\/uploads\/2023\/12\/Orquesta-Instituto-Aleman-Puerto-Montt_0046_DSC_6741-1024x684.jpg 1024w, https:\/\/ialeman.cl\/wp-content\/uploads\/2023\/12\/Orquesta-Instituto-Aleman-Puerto-Montt_0046_DSC_6741-768x513.jpg 768w\" sizes=\"(max-width: 1200px) 100vw, 1200px\" \/><\/a>\n\t\t\t<\/div><\/figure>\n\t\t<\/div>\n\t\t<\/div>\n\t\t\t\t\t\t<\/div>\n\t\t\t\t<\/div>\n\t\t\t\t\t<\/div>\n\t\t<\/div>\n\t\t\t\t\t<\/div>\n\t\t<\/section>\n\t\t\t\t<\/div>\n\t\t","protected":false},"excerpt":{"rendered":"<p>Concierto de Gala Orquesta Infantil- Juvenil Un espectacular Concierto de Gala present\u00f3 la Orquesta Infantil-Juvenil del Instituto Alem\u00e1n de Puerto Montt. Un bonito e impecable evento musical realizaron los estudiantes frente a cientos de asistentes que se dieron cita en el gimnasio 2 del colegio, la tarde del viernes 15 de diciembre del 2023. Los [&hellip;]<\/p>\n","protected":false},"author":1,"featured_media":28283,"comment_status":"closed","ping_status":"closed","sticky":false,"template":"","format":"standard","meta":{"site-sidebar-layout":"default","site-content-layout":"","ast-site-content-layout":"default","site-content-style":"default","site-sidebar-style":"default","ast-global-header-display":"","ast-banner-title-visibility":"","ast-main-header-display":"","ast-hfb-above-header-display":"","ast-hfb-below-header-display":"","ast-hfb-mobile-header-display":"","site-post-title":"disabled","ast-breadcrumbs-content":"","ast-featured-img":"disabled","footer-sml-layout":"","ast-disable-related-posts":"","theme-transparent-header-meta":"","adv-header-id-meta":"","stick-header-meta":"","header-above-stick-meta":"","header-main-stick-meta":"","header-below-stick-meta":"","astra-migrate-meta-layouts":"set","ast-page-background-enabled":"default","ast-page-background-meta":{"desktop":{"background-color":"var(--ast-global-color-4)","background-image":"","background-repeat":"repeat","background-position":"center center","background-size":"auto","background-attachment":"scroll","background-type":"","background-media":"","overlay-type":"","overlay-color":"","overlay-opacity":"","overlay-gradient":""},"tablet":{"background-color":"","background-image":"","background-repeat":"repeat","background-position":"center center","background-size":"auto","background-attachment":"scroll","background-type":"","background-media":"","overlay-type":"","overlay-color":"","overlay-opacity":"","overlay-gradient":""},"mobile":{"background-color":"","background-image":"","background-repeat":"repeat","background-position":"center center","background-size":"auto","background-attachment":"scroll","background-type":"","background-media":"","overlay-type":"","overlay-color":"","overlay-opacity":"","overlay-gradient":""}},"ast-content-background-meta":{"desktop":{"background-color":"var(--ast-global-color-5)","background-image":"","background-repeat":"repeat","background-position":"center center","background-size":"auto","background-attachment":"scroll","background-type":"","background-media":"","overlay-type":"","overlay-color":"","overlay-opacity":"","overlay-gradient":""},"tablet":{"background-color":"var(--ast-global-color-5)","background-image":"","background-repeat":"repeat","background-position":"center center","background-size":"auto","background-attachment":"scroll","background-type":"","background-media":"","overlay-type":"","overlay-color":"","overlay-opacity":"","overlay-gradient":""},"mobile":{"background-color":"var(--ast-global-color-5)","background-image":"","background-repeat":"repeat","background-position":"center center","background-size":"auto","background-attachment":"scroll","background-type":"","background-media":"","overlay-type":"","overlay-color":"","overlay-opacity":"","overlay-gradient":""}},"advanced_seo_description":"","jetpack_seo_html_title":"","jetpack_seo_noindex":false,"jetpack_seo_schema_type":"","_jetpack_newsletter_access":"","_jetpack_dont_email_post_to_subs":false,"_jetpack_newsletter_tier_id":0,"_jetpack_memberships_contains_paywalled_content":false,"_wpcom_ai_launchpad_first_post":false,"_jetpack_feature_clip_id":0,"_jetpack_memberships_contains_paid_content":false,"footnotes":"","jetpack_post_was_ever_published":false},"categories":[10],"tags":[],"class_list":["post-28282","post","type-post","status-publish","format-standard","has-post-thumbnail","hentry","category-noticias"],"jetpack_shortlink":"https:\/\/wp.me\/ph8I5c-7ma","jetpack_sharing_enabled":true,"jetpack_featured_media_url":"https:\/\/ialeman.cl\/wp-content\/uploads\/2023\/12\/Orquesta-Instituto-Aleman-Puerto-Montt_0016_DSC_7038.jpg","_links":{"self":[{"href":"https:\/\/ialeman.cl\/index.php\/wp-json\/wp\/v2\/posts\/28282","targetHints":{"allow":["GET"]}}],"collection":[{"href":"https:\/\/ialeman.cl\/index.php\/wp-json\/wp\/v2\/posts"}],"about":[{"href":"https:\/\/ialeman.cl\/index.php\/wp-json\/wp\/v2\/types\/post"}],"author":[{"embeddable":true,"href":"https:\/\/ialeman.cl\/index.php\/wp-json\/wp\/v2\/users\/1"}],"replies":[{"embeddable":true,"href":"https:\/\/ialeman.cl\/index.php\/wp-json\/wp\/v2\/comments?post=28282"}],"version-history":[{"count":17,"href":"https:\/\/ialeman.cl\/index.php\/wp-json\/wp\/v2\/posts\/28282\/revisions"}],"predecessor-version":[{"id":29236,"href":"https:\/\/ialeman.cl\/index.php\/wp-json\/wp\/v2\/posts\/28282\/revisions\/29236"}],"wp:featuredmedia":[{"embeddable":true,"href":"https:\/\/ialeman.cl\/index.php\/wp-json\/wp\/v2\/media\/28283"}],"wp:attachment":[{"href":"https:\/\/ialeman.cl\/index.php\/wp-json\/wp\/v2\/media?parent=28282"}],"wp:term":[{"taxonomy":"category","embeddable":true,"href":"https:\/\/ialeman.cl\/index.php\/wp-json\/wp\/v2\/categories?post=28282"},{"taxonomy":"post_tag","embeddable":true,"href":"https:\/\/ialeman.cl\/index.php\/wp-json\/wp\/v2\/tags?post=28282"}],"curies":[{"name":"wp","href":"https:\/\/api.w.org\/{rel}","templated":true}]}}