{"id":28034,"date":"2023-12-02T08:01:27","date_gmt":"2023-12-02T12:01:27","guid":{"rendered":"https:\/\/ialeman.cl\/?p=28034"},"modified":"2023-12-07T08:17:24","modified_gmt":"2023-12-07T12:17:24","slug":"feria-navidena","status":"publish","type":"post","link":"https:\/\/ialeman.cl\/index.php\/feria-navidena\/","title":{"rendered":"Feria Navide\u00f1a 2023"},"content":{"rendered":"\t\t<div data-elementor-type=\"wp-post\" data-elementor-id=\"28034\" class=\"elementor elementor-28034\">\n\t\t\t\t\t\t<section class=\"elementor-section elementor-top-section elementor-element elementor-element-bf90bef elementor-section-boxed elementor-section-height-default elementor-section-height-default\" data-id=\"bf90bef\" data-element_type=\"section\" data-e-type=\"section\">\n\t\t\t\t\t\t<div class=\"elementor-container elementor-column-gap-default\">\n\t\t\t\t\t<div class=\"elementor-column elementor-col-100 elementor-top-column elementor-element elementor-element-dcfd2b4\" data-id=\"dcfd2b4\" data-element_type=\"column\" data-e-type=\"column\">\n\t\t\t<div class=\"elementor-widget-wrap elementor-element-populated\">\n\t\t\t\t\t\t<div class=\"elementor-element elementor-element-65ec141 elementor-widget elementor-widget-heading\" data-id=\"65ec141\" data-element_type=\"widget\" data-e-type=\"widget\" data-widget_type=\"heading.default\">\n\t\t\t\t<div class=\"elementor-widget-container\">\n\t\t\t\t\t<h2 class=\"elementor-heading-title elementor-size-default\">Feria Navide\u00f1a 2023<\/h2>\t\t\t\t<\/div>\n\t\t\t\t<\/div>\n\t\t\t\t\t<\/div>\n\t\t<\/div>\n\t\t\t\t\t<\/div>\n\t\t<\/section>\n\t\t\t\t<section class=\"elementor-section elementor-top-section elementor-element elementor-element-f11469e elementor-section-boxed elementor-section-height-default elementor-section-height-default\" data-id=\"f11469e\" data-element_type=\"section\" data-e-type=\"section\">\n\t\t\t\t\t\t<div class=\"elementor-container elementor-column-gap-default\">\n\t\t\t\t\t<div class=\"elementor-column elementor-col-50 elementor-top-column elementor-element elementor-element-4256adf\" data-id=\"4256adf\" data-element_type=\"column\" data-e-type=\"column\">\n\t\t\t<div class=\"elementor-widget-wrap elementor-element-populated\">\n\t\t\t\t\t\t<div class=\"elementor-element elementor-element-d96baff elementor-widget elementor-widget-heading\" data-id=\"d96baff\" data-element_type=\"widget\" data-e-type=\"widget\" data-widget_type=\"heading.default\">\n\t\t\t\t<div class=\"elementor-widget-container\">\n\t\t\t\t\t<h2 class=\"elementor-heading-title elementor-size-default\">Una gran feria navide\u00f1a realiz\u00f3 el Centro General de Padres y Apoderados del Instituto Alem\u00e1n de Puerto Montt. <br><br>\n\nLa actividad familiar se desarroll\u00f3 en el patio techado del colegio y cont\u00f3 con una gran cantidad de stand de ventas. <br><br>\n\nEn la ocasi\u00f3n, fueron distintos art\u00edculos y productos que se ofrecieron a la comunidad en la v\u00edspera de Navidad, entre ellos: ropa, artesan\u00eda, joyas, juguetes, menaje, comida, entre otros.<br><br> \n\n<\/h2>\t\t\t\t<\/div>\n\t\t\t\t<\/div>\n\t\t\t\t\t<\/div>\n\t\t<\/div>\n\t\t\t\t<div class=\"elementor-column elementor-col-50 elementor-top-column elementor-element elementor-element-0eb543a\" data-id=\"0eb543a\" data-element_type=\"column\" data-e-type=\"column\">\n\t\t\t<div class=\"elementor-widget-wrap elementor-element-populated\">\n\t\t\t\t\t\t<div class=\"elementor-element elementor-element-274ba29 elementor-widget elementor-widget-image-gallery\" data-id=\"274ba29\" data-element_type=\"widget\" data-e-type=\"widget\" data-widget_type=\"image-gallery.default\">\n\t\t\t\t<div class=\"elementor-widget-container\">\n\t\t\t\t\t\t\t<div class=\"elementor-image-gallery\">\n\t\t\t<div id='gallery-1' class='gallery galleryid-28034 gallery-columns-1 gallery-size-full'><figure class='gallery-item'>\n\t\t\t<div class='gallery-icon landscape'>\n\t\t\t\t<a data-elementor-open-lightbox=\"yes\" data-elementor-lightbox-slideshow=\"274ba29\" data-elementor-lightbox-title=\"FERIA NAVIDENA_0024_DSC_4079\" data-e-action-hash=\"#elementor-action%3Aaction%3Dlightbox%26settings%3DeyJpZCI6MjgwNDEsInVybCI6Imh0dHBzOlwvXC9pYWxlbWFuLmNsXC93cC1jb250ZW50XC91cGxvYWRzXC8yMDIzXC8xMlwvRkVSSUEtTkFWSURFTkFfMDAyNF9EU0NfNDA3OS5qcGciLCJzbGlkZXNob3ciOiIyNzRiYTI5In0%3D\" href='https:\/\/ialeman.cl\/wp-content\/uploads\/2023\/12\/FERIA-NAVIDENA_0024_DSC_4079.jpg'><img fetchpriority=\"high\" decoding=\"async\" width=\"1200\" height=\"801\" src=\"https:\/\/ialeman.cl\/wp-content\/uploads\/2023\/12\/FERIA-NAVIDENA_0024_DSC_4079.jpg\" class=\"attachment-full size-full\" alt=\"\" srcset=\"https:\/\/ialeman.cl\/wp-content\/uploads\/2023\/12\/FERIA-NAVIDENA_0024_DSC_4079.jpg 1200w, https:\/\/ialeman.cl\/wp-content\/uploads\/2023\/12\/FERIA-NAVIDENA_0024_DSC_4079-300x200.jpg 300w, https:\/\/ialeman.cl\/wp-content\/uploads\/2023\/12\/FERIA-NAVIDENA_0024_DSC_4079-1024x684.jpg 1024w, https:\/\/ialeman.cl\/wp-content\/uploads\/2023\/12\/FERIA-NAVIDENA_0024_DSC_4079-768x513.jpg 768w\" sizes=\"(max-width: 1200px) 100vw, 1200px\" \/><\/a>\n\t\t\t<\/div><\/figure>\n\t\t<\/div>\n\t\t<\/div>\n\t\t\t\t\t\t<\/div>\n\t\t\t\t<\/div>\n\t\t\t\t\t<\/div>\n\t\t<\/div>\n\t\t\t\t\t<\/div>\n\t\t<\/section>\n\t\t\t\t<section class=\"elementor-section elementor-top-section elementor-element elementor-element-7dda73c elementor-section-boxed elementor-section-height-default elementor-section-height-default\" data-id=\"7dda73c\" data-element_type=\"section\" data-e-type=\"section\">\n\t\t\t\t\t\t<div class=\"elementor-container elementor-column-gap-default\">\n\t\t\t\t\t<div class=\"elementor-column elementor-col-100 elementor-top-column elementor-element elementor-element-ed0c070\" data-id=\"ed0c070\" data-element_type=\"column\" data-e-type=\"column\">\n\t\t\t<div class=\"elementor-widget-wrap elementor-element-populated\">\n\t\t\t\t\t\t<div class=\"elementor-element elementor-element-98d0d1e elementor-widget elementor-widget-heading\" data-id=\"98d0d1e\" data-element_type=\"widget\" data-e-type=\"widget\" data-widget_type=\"heading.default\">\n\t\t\t\t<div class=\"elementor-widget-container\">\n\t\t\t\t\t<h2 class=\"elementor-heading-title elementor-size-default\">Por \u00faltimo, el evento familiar reuni\u00f3 a cientos de integrantes de la comunidad, los que pudieron interactuar y estrechar los lazos de amistad.\n<\/h2>\t\t\t\t<\/div>\n\t\t\t\t<\/div>\n\t\t\t\t\t<\/div>\n\t\t<\/div>\n\t\t\t\t\t<\/div>\n\t\t<\/section>\n\t\t\t\t<section class=\"elementor-section elementor-top-section elementor-element elementor-element-3abcdb0 elementor-section-boxed elementor-section-height-default elementor-section-height-default\" data-id=\"3abcdb0\" data-element_type=\"section\" data-e-type=\"section\">\n\t\t\t\t\t\t<div class=\"elementor-container elementor-column-gap-default\">\n\t\t\t\t\t<div class=\"elementor-column elementor-col-100 elementor-top-column elementor-element elementor-element-9b0b919\" data-id=\"9b0b919\" data-element_type=\"column\" data-e-type=\"column\">\n\t\t\t<div class=\"elementor-widget-wrap elementor-element-populated\">\n\t\t\t\t\t\t<div class=\"elementor-element elementor-element-ae46a30 gallery-spacing-custom elementor-widget elementor-widget-image-gallery\" data-id=\"ae46a30\" data-element_type=\"widget\" data-e-type=\"widget\" data-widget_type=\"image-gallery.default\">\n\t\t\t\t<div class=\"elementor-widget-container\">\n\t\t\t\t\t\t\t<div class=\"elementor-image-gallery\">\n\t\t\t<div id='gallery-2' class='gallery galleryid-28034 gallery-columns-2 gallery-size-full'><figure class='gallery-item'>\n\t\t\t<div class='gallery-icon landscape'>\n\t\t\t\t<a data-elementor-open-lightbox=\"yes\" data-elementor-lightbox-slideshow=\"ae46a30\" data-elementor-lightbox-title=\"FERIA NAVIDENA_0001_DSC_4129\" data-e-action-hash=\"#elementor-action%3Aaction%3Dlightbox%26settings%3DeyJpZCI6MjgwNDUsInVybCI6Imh0dHBzOlwvXC9pYWxlbWFuLmNsXC93cC1jb250ZW50XC91cGxvYWRzXC8yMDIzXC8xMlwvRkVSSUEtTkFWSURFTkFfMDAwMV9EU0NfNDEyOS5qcGciLCJzbGlkZXNob3ciOiJhZTQ2YTMwIn0%3D\" href='https:\/\/ialeman.cl\/wp-content\/uploads\/2023\/12\/FERIA-NAVIDENA_0001_DSC_4129.jpg'><img decoding=\"async\" width=\"1200\" height=\"801\" src=\"https:\/\/ialeman.cl\/wp-content\/uploads\/2023\/12\/FERIA-NAVIDENA_0001_DSC_4129.jpg\" class=\"attachment-full size-full\" alt=\"\" srcset=\"https:\/\/ialeman.cl\/wp-content\/uploads\/2023\/12\/FERIA-NAVIDENA_0001_DSC_4129.jpg 1200w, https:\/\/ialeman.cl\/wp-content\/uploads\/2023\/12\/FERIA-NAVIDENA_0001_DSC_4129-300x200.jpg 300w, https:\/\/ialeman.cl\/wp-content\/uploads\/2023\/12\/FERIA-NAVIDENA_0001_DSC_4129-1024x684.jpg 1024w, https:\/\/ialeman.cl\/wp-content\/uploads\/2023\/12\/FERIA-NAVIDENA_0001_DSC_4129-768x513.jpg 768w\" sizes=\"(max-width: 1200px) 100vw, 1200px\" \/><\/a>\n\t\t\t<\/div><\/figure><figure class='gallery-item'>\n\t\t\t<div class='gallery-icon landscape'>\n\t\t\t\t<a data-elementor-open-lightbox=\"yes\" data-elementor-lightbox-slideshow=\"ae46a30\" data-elementor-lightbox-title=\"FERIA NAVIDENA_0002_DSC_4124\" data-e-action-hash=\"#elementor-action%3Aaction%3Dlightbox%26settings%3DeyJpZCI6MjgwNDYsInVybCI6Imh0dHBzOlwvXC9pYWxlbWFuLmNsXC93cC1jb250ZW50XC91cGxvYWRzXC8yMDIzXC8xMlwvRkVSSUEtTkFWSURFTkFfMDAwMl9EU0NfNDEyNC5qcGciLCJzbGlkZXNob3ciOiJhZTQ2YTMwIn0%3D\" href='https:\/\/ialeman.cl\/wp-content\/uploads\/2023\/12\/FERIA-NAVIDENA_0002_DSC_4124.jpg'><img decoding=\"async\" width=\"1200\" height=\"801\" src=\"https:\/\/ialeman.cl\/wp-content\/uploads\/2023\/12\/FERIA-NAVIDENA_0002_DSC_4124.jpg\" class=\"attachment-full size-full\" alt=\"\" srcset=\"https:\/\/ialeman.cl\/wp-content\/uploads\/2023\/12\/FERIA-NAVIDENA_0002_DSC_4124.jpg 1200w, https:\/\/ialeman.cl\/wp-content\/uploads\/2023\/12\/FERIA-NAVIDENA_0002_DSC_4124-300x200.jpg 300w, https:\/\/ialeman.cl\/wp-content\/uploads\/2023\/12\/FERIA-NAVIDENA_0002_DSC_4124-1024x684.jpg 1024w, https:\/\/ialeman.cl\/wp-content\/uploads\/2023\/12\/FERIA-NAVIDENA_0002_DSC_4124-768x513.jpg 768w\" sizes=\"(max-width: 1200px) 100vw, 1200px\" \/><\/a>\n\t\t\t<\/div><\/figure><figure class='gallery-item'>\n\t\t\t<div class='gallery-icon landscape'>\n\t\t\t\t<a data-elementor-open-lightbox=\"yes\" data-elementor-lightbox-slideshow=\"ae46a30\" data-elementor-lightbox-title=\"FERIA NAVIDENA_0003_DSC_4122\" data-e-action-hash=\"#elementor-action%3Aaction%3Dlightbox%26settings%3DeyJpZCI6MjgwNDcsInVybCI6Imh0dHBzOlwvXC9pYWxlbWFuLmNsXC93cC1jb250ZW50XC91cGxvYWRzXC8yMDIzXC8xMlwvRkVSSUEtTkFWSURFTkFfMDAwM19EU0NfNDEyMi0xLmpwZyIsInNsaWRlc2hvdyI6ImFlNDZhMzAifQ%3D%3D\" href='https:\/\/ialeman.cl\/wp-content\/uploads\/2023\/12\/FERIA-NAVIDENA_0003_DSC_4122-1.jpg'><img loading=\"lazy\" decoding=\"async\" width=\"1200\" height=\"801\" src=\"https:\/\/ialeman.cl\/wp-content\/uploads\/2023\/12\/FERIA-NAVIDENA_0003_DSC_4122-1.jpg\" class=\"attachment-full size-full\" alt=\"\" srcset=\"https:\/\/ialeman.cl\/wp-content\/uploads\/2023\/12\/FERIA-NAVIDENA_0003_DSC_4122-1.jpg 1200w, https:\/\/ialeman.cl\/wp-content\/uploads\/2023\/12\/FERIA-NAVIDENA_0003_DSC_4122-1-300x200.jpg 300w, https:\/\/ialeman.cl\/wp-content\/uploads\/2023\/12\/FERIA-NAVIDENA_0003_DSC_4122-1-1024x684.jpg 1024w, https:\/\/ialeman.cl\/wp-content\/uploads\/2023\/12\/FERIA-NAVIDENA_0003_DSC_4122-1-768x513.jpg 768w\" sizes=\"(max-width: 1200px) 100vw, 1200px\" \/><\/a>\n\t\t\t<\/div><\/figure><figure class='gallery-item'>\n\t\t\t<div class='gallery-icon landscape'>\n\t\t\t\t<a data-elementor-open-lightbox=\"yes\" data-elementor-lightbox-slideshow=\"ae46a30\" data-elementor-lightbox-title=\"FERIA NAVIDENA_0004_DSC_4121\" data-e-action-hash=\"#elementor-action%3Aaction%3Dlightbox%26settings%3DeyJpZCI6MjgwNDgsInVybCI6Imh0dHBzOlwvXC9pYWxlbWFuLmNsXC93cC1jb250ZW50XC91cGxvYWRzXC8yMDIzXC8xMlwvRkVSSUEtTkFWSURFTkFfMDAwNF9EU0NfNDEyMS5qcGciLCJzbGlkZXNob3ciOiJhZTQ2YTMwIn0%3D\" href='https:\/\/ialeman.cl\/wp-content\/uploads\/2023\/12\/FERIA-NAVIDENA_0004_DSC_4121.jpg'><img loading=\"lazy\" decoding=\"async\" width=\"1200\" height=\"801\" src=\"https:\/\/ialeman.cl\/wp-content\/uploads\/2023\/12\/FERIA-NAVIDENA_0004_DSC_4121.jpg\" class=\"attachment-full size-full\" alt=\"\" srcset=\"https:\/\/ialeman.cl\/wp-content\/uploads\/2023\/12\/FERIA-NAVIDENA_0004_DSC_4121.jpg 1200w, https:\/\/ialeman.cl\/wp-content\/uploads\/2023\/12\/FERIA-NAVIDENA_0004_DSC_4121-300x200.jpg 300w, https:\/\/ialeman.cl\/wp-content\/uploads\/2023\/12\/FERIA-NAVIDENA_0004_DSC_4121-1024x684.jpg 1024w, https:\/\/ialeman.cl\/wp-content\/uploads\/2023\/12\/FERIA-NAVIDENA_0004_DSC_4121-768x513.jpg 768w\" sizes=\"(max-width: 1200px) 100vw, 1200px\" \/><\/a>\n\t\t\t<\/div><\/figure><figure class='gallery-item'>\n\t\t\t<div class='gallery-icon landscape'>\n\t\t\t\t<a data-elementor-open-lightbox=\"yes\" data-elementor-lightbox-slideshow=\"ae46a30\" data-elementor-lightbox-title=\"FERIA NAVIDENA_0005_DSC_4117\" data-e-action-hash=\"#elementor-action%3Aaction%3Dlightbox%26settings%3DeyJpZCI6MjgwNDksInVybCI6Imh0dHBzOlwvXC9pYWxlbWFuLmNsXC93cC1jb250ZW50XC91cGxvYWRzXC8yMDIzXC8xMlwvRkVSSUEtTkFWSURFTkFfMDAwNV9EU0NfNDExNy5qcGciLCJzbGlkZXNob3ciOiJhZTQ2YTMwIn0%3D\" href='https:\/\/ialeman.cl\/wp-content\/uploads\/2023\/12\/FERIA-NAVIDENA_0005_DSC_4117.jpg'><img loading=\"lazy\" decoding=\"async\" width=\"1200\" height=\"801\" src=\"https:\/\/ialeman.cl\/wp-content\/uploads\/2023\/12\/FERIA-NAVIDENA_0005_DSC_4117.jpg\" class=\"attachment-full size-full\" alt=\"\" srcset=\"https:\/\/ialeman.cl\/wp-content\/uploads\/2023\/12\/FERIA-NAVIDENA_0005_DSC_4117.jpg 1200w, https:\/\/ialeman.cl\/wp-content\/uploads\/2023\/12\/FERIA-NAVIDENA_0005_DSC_4117-300x200.jpg 300w, https:\/\/ialeman.cl\/wp-content\/uploads\/2023\/12\/FERIA-NAVIDENA_0005_DSC_4117-1024x684.jpg 1024w, https:\/\/ialeman.cl\/wp-content\/uploads\/2023\/12\/FERIA-NAVIDENA_0005_DSC_4117-768x513.jpg 768w\" sizes=\"(max-width: 1200px) 100vw, 1200px\" \/><\/a>\n\t\t\t<\/div><\/figure><figure class='gallery-item'>\n\t\t\t<div class='gallery-icon landscape'>\n\t\t\t\t<a data-elementor-open-lightbox=\"yes\" data-elementor-lightbox-slideshow=\"ae46a30\" data-elementor-lightbox-title=\"FERIA NAVIDENA_0006_DSC_4112\" data-e-action-hash=\"#elementor-action%3Aaction%3Dlightbox%26settings%3DeyJpZCI6MjgwNTAsInVybCI6Imh0dHBzOlwvXC9pYWxlbWFuLmNsXC93cC1jb250ZW50XC91cGxvYWRzXC8yMDIzXC8xMlwvRkVSSUEtTkFWSURFTkFfMDAwNl9EU0NfNDExMi5qcGciLCJzbGlkZXNob3ciOiJhZTQ2YTMwIn0%3D\" href='https:\/\/ialeman.cl\/wp-content\/uploads\/2023\/12\/FERIA-NAVIDENA_0006_DSC_4112.jpg'><img loading=\"lazy\" decoding=\"async\" width=\"1200\" height=\"801\" src=\"https:\/\/ialeman.cl\/wp-content\/uploads\/2023\/12\/FERIA-NAVIDENA_0006_DSC_4112.jpg\" class=\"attachment-full size-full\" alt=\"\" srcset=\"https:\/\/ialeman.cl\/wp-content\/uploads\/2023\/12\/FERIA-NAVIDENA_0006_DSC_4112.jpg 1200w, https:\/\/ialeman.cl\/wp-content\/uploads\/2023\/12\/FERIA-NAVIDENA_0006_DSC_4112-300x200.jpg 300w, https:\/\/ialeman.cl\/wp-content\/uploads\/2023\/12\/FERIA-NAVIDENA_0006_DSC_4112-1024x684.jpg 1024w, https:\/\/ialeman.cl\/wp-content\/uploads\/2023\/12\/FERIA-NAVIDENA_0006_DSC_4112-768x513.jpg 768w\" sizes=\"(max-width: 1200px) 100vw, 1200px\" \/><\/a>\n\t\t\t<\/div><\/figure><figure class='gallery-item'>\n\t\t\t<div class='gallery-icon landscape'>\n\t\t\t\t<a data-elementor-open-lightbox=\"yes\" data-elementor-lightbox-slideshow=\"ae46a30\" data-elementor-lightbox-title=\"FERIA NAVIDENA_0007_DSC_4111\" data-e-action-hash=\"#elementor-action%3Aaction%3Dlightbox%26settings%3DeyJpZCI6MjgwNTEsInVybCI6Imh0dHBzOlwvXC9pYWxlbWFuLmNsXC93cC1jb250ZW50XC91cGxvYWRzXC8yMDIzXC8xMlwvRkVSSUEtTkFWSURFTkFfMDAwN19EU0NfNDExMS5qcGciLCJzbGlkZXNob3ciOiJhZTQ2YTMwIn0%3D\" href='https:\/\/ialeman.cl\/wp-content\/uploads\/2023\/12\/FERIA-NAVIDENA_0007_DSC_4111.jpg'><img loading=\"lazy\" decoding=\"async\" width=\"1200\" height=\"801\" src=\"https:\/\/ialeman.cl\/wp-content\/uploads\/2023\/12\/FERIA-NAVIDENA_0007_DSC_4111.jpg\" class=\"attachment-full size-full\" alt=\"\" srcset=\"https:\/\/ialeman.cl\/wp-content\/uploads\/2023\/12\/FERIA-NAVIDENA_0007_DSC_4111.jpg 1200w, https:\/\/ialeman.cl\/wp-content\/uploads\/2023\/12\/FERIA-NAVIDENA_0007_DSC_4111-300x200.jpg 300w, https:\/\/ialeman.cl\/wp-content\/uploads\/2023\/12\/FERIA-NAVIDENA_0007_DSC_4111-1024x684.jpg 1024w, https:\/\/ialeman.cl\/wp-content\/uploads\/2023\/12\/FERIA-NAVIDENA_0007_DSC_4111-768x513.jpg 768w\" sizes=\"(max-width: 1200px) 100vw, 1200px\" \/><\/a>\n\t\t\t<\/div><\/figure><figure class='gallery-item'>\n\t\t\t<div class='gallery-icon landscape'>\n\t\t\t\t<a data-elementor-open-lightbox=\"yes\" data-elementor-lightbox-slideshow=\"ae46a30\" data-elementor-lightbox-title=\"FERIA NAVIDENA_0008_DSC_4131\" data-e-action-hash=\"#elementor-action%3Aaction%3Dlightbox%26settings%3DeyJpZCI6MjgwNTIsInVybCI6Imh0dHBzOlwvXC9pYWxlbWFuLmNsXC93cC1jb250ZW50XC91cGxvYWRzXC8yMDIzXC8xMlwvRkVSSUEtTkFWSURFTkFfMDAwOF9EU0NfNDEzMS5qcGciLCJzbGlkZXNob3ciOiJhZTQ2YTMwIn0%3D\" href='https:\/\/ialeman.cl\/wp-content\/uploads\/2023\/12\/FERIA-NAVIDENA_0008_DSC_4131.jpg'><img loading=\"lazy\" decoding=\"async\" width=\"1200\" height=\"801\" src=\"https:\/\/ialeman.cl\/wp-content\/uploads\/2023\/12\/FERIA-NAVIDENA_0008_DSC_4131.jpg\" class=\"attachment-full size-full\" alt=\"\" srcset=\"https:\/\/ialeman.cl\/wp-content\/uploads\/2023\/12\/FERIA-NAVIDENA_0008_DSC_4131.jpg 1200w, https:\/\/ialeman.cl\/wp-content\/uploads\/2023\/12\/FERIA-NAVIDENA_0008_DSC_4131-300x200.jpg 300w, https:\/\/ialeman.cl\/wp-content\/uploads\/2023\/12\/FERIA-NAVIDENA_0008_DSC_4131-1024x684.jpg 1024w, https:\/\/ialeman.cl\/wp-content\/uploads\/2023\/12\/FERIA-NAVIDENA_0008_DSC_4131-768x513.jpg 768w\" sizes=\"(max-width: 1200px) 100vw, 1200px\" \/><\/a>\n\t\t\t<\/div><\/figure><figure class='gallery-item'>\n\t\t\t<div class='gallery-icon landscape'>\n\t\t\t\t<a data-elementor-open-lightbox=\"yes\" data-elementor-lightbox-slideshow=\"ae46a30\" data-elementor-lightbox-title=\"FERIA NAVIDENA_0009_DSC_4110\" data-e-action-hash=\"#elementor-action%3Aaction%3Dlightbox%26settings%3DeyJpZCI6MjgwNTMsInVybCI6Imh0dHBzOlwvXC9pYWxlbWFuLmNsXC93cC1jb250ZW50XC91cGxvYWRzXC8yMDIzXC8xMlwvRkVSSUEtTkFWSURFTkFfMDAwOV9EU0NfNDExMC5qcGciLCJzbGlkZXNob3ciOiJhZTQ2YTMwIn0%3D\" href='https:\/\/ialeman.cl\/wp-content\/uploads\/2023\/12\/FERIA-NAVIDENA_0009_DSC_4110.jpg'><img loading=\"lazy\" decoding=\"async\" width=\"1200\" height=\"801\" src=\"https:\/\/ialeman.cl\/wp-content\/uploads\/2023\/12\/FERIA-NAVIDENA_0009_DSC_4110.jpg\" class=\"attachment-full size-full\" alt=\"\" srcset=\"https:\/\/ialeman.cl\/wp-content\/uploads\/2023\/12\/FERIA-NAVIDENA_0009_DSC_4110.jpg 1200w, https:\/\/ialeman.cl\/wp-content\/uploads\/2023\/12\/FERIA-NAVIDENA_0009_DSC_4110-300x200.jpg 300w, https:\/\/ialeman.cl\/wp-content\/uploads\/2023\/12\/FERIA-NAVIDENA_0009_DSC_4110-1024x684.jpg 1024w, https:\/\/ialeman.cl\/wp-content\/uploads\/2023\/12\/FERIA-NAVIDENA_0009_DSC_4110-768x513.jpg 768w\" sizes=\"(max-width: 1200px) 100vw, 1200px\" \/><\/a>\n\t\t\t<\/div><\/figure><figure class='gallery-item'>\n\t\t\t<div class='gallery-icon landscape'>\n\t\t\t\t<a data-elementor-open-lightbox=\"yes\" data-elementor-lightbox-slideshow=\"ae46a30\" data-elementor-lightbox-title=\"FERIA NAVIDENA_0010_DSC_4107\" data-e-action-hash=\"#elementor-action%3Aaction%3Dlightbox%26settings%3DeyJpZCI6MjgwNTQsInVybCI6Imh0dHBzOlwvXC9pYWxlbWFuLmNsXC93cC1jb250ZW50XC91cGxvYWRzXC8yMDIzXC8xMlwvRkVSSUEtTkFWSURFTkFfMDAxMF9EU0NfNDEwNy5qcGciLCJzbGlkZXNob3ciOiJhZTQ2YTMwIn0%3D\" href='https:\/\/ialeman.cl\/wp-content\/uploads\/2023\/12\/FERIA-NAVIDENA_0010_DSC_4107.jpg'><img loading=\"lazy\" decoding=\"async\" width=\"1200\" height=\"801\" src=\"https:\/\/ialeman.cl\/wp-content\/uploads\/2023\/12\/FERIA-NAVIDENA_0010_DSC_4107.jpg\" class=\"attachment-full size-full\" alt=\"\" srcset=\"https:\/\/ialeman.cl\/wp-content\/uploads\/2023\/12\/FERIA-NAVIDENA_0010_DSC_4107.jpg 1200w, https:\/\/ialeman.cl\/wp-content\/uploads\/2023\/12\/FERIA-NAVIDENA_0010_DSC_4107-300x200.jpg 300w, https:\/\/ialeman.cl\/wp-content\/uploads\/2023\/12\/FERIA-NAVIDENA_0010_DSC_4107-1024x684.jpg 1024w, https:\/\/ialeman.cl\/wp-content\/uploads\/2023\/12\/FERIA-NAVIDENA_0010_DSC_4107-768x513.jpg 768w\" sizes=\"(max-width: 1200px) 100vw, 1200px\" \/><\/a>\n\t\t\t<\/div><\/figure><figure class='gallery-item'>\n\t\t\t<div class='gallery-icon landscape'>\n\t\t\t\t<a data-elementor-open-lightbox=\"yes\" data-elementor-lightbox-slideshow=\"ae46a30\" data-elementor-lightbox-title=\"FERIA NAVIDENA_0011_DSC_4104\" data-e-action-hash=\"#elementor-action%3Aaction%3Dlightbox%26settings%3DeyJpZCI6MjgwNTUsInVybCI6Imh0dHBzOlwvXC9pYWxlbWFuLmNsXC93cC1jb250ZW50XC91cGxvYWRzXC8yMDIzXC8xMlwvRkVSSUEtTkFWSURFTkFfMDAxMV9EU0NfNDEwNC5qcGciLCJzbGlkZXNob3ciOiJhZTQ2YTMwIn0%3D\" href='https:\/\/ialeman.cl\/wp-content\/uploads\/2023\/12\/FERIA-NAVIDENA_0011_DSC_4104.jpg'><img loading=\"lazy\" decoding=\"async\" width=\"1200\" height=\"801\" src=\"https:\/\/ialeman.cl\/wp-content\/uploads\/2023\/12\/FERIA-NAVIDENA_0011_DSC_4104.jpg\" class=\"attachment-full size-full\" alt=\"\" srcset=\"https:\/\/ialeman.cl\/wp-content\/uploads\/2023\/12\/FERIA-NAVIDENA_0011_DSC_4104.jpg 1200w, https:\/\/ialeman.cl\/wp-content\/uploads\/2023\/12\/FERIA-NAVIDENA_0011_DSC_4104-300x200.jpg 300w, https:\/\/ialeman.cl\/wp-content\/uploads\/2023\/12\/FERIA-NAVIDENA_0011_DSC_4104-1024x684.jpg 1024w, https:\/\/ialeman.cl\/wp-content\/uploads\/2023\/12\/FERIA-NAVIDENA_0011_DSC_4104-768x513.jpg 768w\" sizes=\"(max-width: 1200px) 100vw, 1200px\" \/><\/a>\n\t\t\t<\/div><\/figure><figure class='gallery-item'>\n\t\t\t<div class='gallery-icon landscape'>\n\t\t\t\t<a data-elementor-open-lightbox=\"yes\" data-elementor-lightbox-slideshow=\"ae46a30\" data-elementor-lightbox-title=\"FERIA NAVIDENA_0012_DSC_4102\" data-e-action-hash=\"#elementor-action%3Aaction%3Dlightbox%26settings%3DeyJpZCI6MjgwNTYsInVybCI6Imh0dHBzOlwvXC9pYWxlbWFuLmNsXC93cC1jb250ZW50XC91cGxvYWRzXC8yMDIzXC8xMlwvRkVSSUEtTkFWSURFTkFfMDAxMl9EU0NfNDEwMi5qcGciLCJzbGlkZXNob3ciOiJhZTQ2YTMwIn0%3D\" href='https:\/\/ialeman.cl\/wp-content\/uploads\/2023\/12\/FERIA-NAVIDENA_0012_DSC_4102.jpg'><img loading=\"lazy\" decoding=\"async\" width=\"1200\" height=\"801\" src=\"https:\/\/ialeman.cl\/wp-content\/uploads\/2023\/12\/FERIA-NAVIDENA_0012_DSC_4102.jpg\" class=\"attachment-full size-full\" alt=\"\" srcset=\"https:\/\/ialeman.cl\/wp-content\/uploads\/2023\/12\/FERIA-NAVIDENA_0012_DSC_4102.jpg 1200w, https:\/\/ialeman.cl\/wp-content\/uploads\/2023\/12\/FERIA-NAVIDENA_0012_DSC_4102-300x200.jpg 300w, https:\/\/ialeman.cl\/wp-content\/uploads\/2023\/12\/FERIA-NAVIDENA_0012_DSC_4102-1024x684.jpg 1024w, https:\/\/ialeman.cl\/wp-content\/uploads\/2023\/12\/FERIA-NAVIDENA_0012_DSC_4102-768x513.jpg 768w\" sizes=\"(max-width: 1200px) 100vw, 1200px\" \/><\/a>\n\t\t\t<\/div><\/figure><figure class='gallery-item'>\n\t\t\t<div class='gallery-icon landscape'>\n\t\t\t\t<a data-elementor-open-lightbox=\"yes\" data-elementor-lightbox-slideshow=\"ae46a30\" data-elementor-lightbox-title=\"FERIA NAVIDENA_0013_DSC_4100\" data-e-action-hash=\"#elementor-action%3Aaction%3Dlightbox%26settings%3DeyJpZCI6MjgwNTcsInVybCI6Imh0dHBzOlwvXC9pYWxlbWFuLmNsXC93cC1jb250ZW50XC91cGxvYWRzXC8yMDIzXC8xMlwvRkVSSUEtTkFWSURFTkFfMDAxM19EU0NfNDEwMC5qcGciLCJzbGlkZXNob3ciOiJhZTQ2YTMwIn0%3D\" href='https:\/\/ialeman.cl\/wp-content\/uploads\/2023\/12\/FERIA-NAVIDENA_0013_DSC_4100.jpg'><img loading=\"lazy\" decoding=\"async\" width=\"1200\" height=\"801\" src=\"https:\/\/ialeman.cl\/wp-content\/uploads\/2023\/12\/FERIA-NAVIDENA_0013_DSC_4100.jpg\" class=\"attachment-full size-full\" alt=\"\" srcset=\"https:\/\/ialeman.cl\/wp-content\/uploads\/2023\/12\/FERIA-NAVIDENA_0013_DSC_4100.jpg 1200w, https:\/\/ialeman.cl\/wp-content\/uploads\/2023\/12\/FERIA-NAVIDENA_0013_DSC_4100-300x200.jpg 300w, https:\/\/ialeman.cl\/wp-content\/uploads\/2023\/12\/FERIA-NAVIDENA_0013_DSC_4100-1024x684.jpg 1024w, https:\/\/ialeman.cl\/wp-content\/uploads\/2023\/12\/FERIA-NAVIDENA_0013_DSC_4100-768x513.jpg 768w\" sizes=\"(max-width: 1200px) 100vw, 1200px\" \/><\/a>\n\t\t\t<\/div><\/figure><figure class='gallery-item'>\n\t\t\t<div class='gallery-icon landscape'>\n\t\t\t\t<a data-elementor-open-lightbox=\"yes\" data-elementor-lightbox-slideshow=\"ae46a30\" data-elementor-lightbox-title=\"FERIA NAVIDENA_0014_DSC_4097\" data-e-action-hash=\"#elementor-action%3Aaction%3Dlightbox%26settings%3DeyJpZCI6MjgwNTgsInVybCI6Imh0dHBzOlwvXC9pYWxlbWFuLmNsXC93cC1jb250ZW50XC91cGxvYWRzXC8yMDIzXC8xMlwvRkVSSUEtTkFWSURFTkFfMDAxNF9EU0NfNDA5Ny5qcGciLCJzbGlkZXNob3ciOiJhZTQ2YTMwIn0%3D\" href='https:\/\/ialeman.cl\/wp-content\/uploads\/2023\/12\/FERIA-NAVIDENA_0014_DSC_4097.jpg'><img loading=\"lazy\" decoding=\"async\" width=\"1200\" height=\"801\" src=\"https:\/\/ialeman.cl\/wp-content\/uploads\/2023\/12\/FERIA-NAVIDENA_0014_DSC_4097.jpg\" class=\"attachment-full size-full\" alt=\"\" srcset=\"https:\/\/ialeman.cl\/wp-content\/uploads\/2023\/12\/FERIA-NAVIDENA_0014_DSC_4097.jpg 1200w, https:\/\/ialeman.cl\/wp-content\/uploads\/2023\/12\/FERIA-NAVIDENA_0014_DSC_4097-300x200.jpg 300w, https:\/\/ialeman.cl\/wp-content\/uploads\/2023\/12\/FERIA-NAVIDENA_0014_DSC_4097-1024x684.jpg 1024w, https:\/\/ialeman.cl\/wp-content\/uploads\/2023\/12\/FERIA-NAVIDENA_0014_DSC_4097-768x513.jpg 768w\" sizes=\"(max-width: 1200px) 100vw, 1200px\" \/><\/a>\n\t\t\t<\/div><\/figure><figure class='gallery-item'>\n\t\t\t<div class='gallery-icon landscape'>\n\t\t\t\t<a data-elementor-open-lightbox=\"yes\" data-elementor-lightbox-slideshow=\"ae46a30\" data-elementor-lightbox-title=\"FERIA NAVIDENA_0015_DSC_4096\" data-e-action-hash=\"#elementor-action%3Aaction%3Dlightbox%26settings%3DeyJpZCI6MjgwNTksInVybCI6Imh0dHBzOlwvXC9pYWxlbWFuLmNsXC93cC1jb250ZW50XC91cGxvYWRzXC8yMDIzXC8xMlwvRkVSSUEtTkFWSURFTkFfMDAxNV9EU0NfNDA5Ni5qcGciLCJzbGlkZXNob3ciOiJhZTQ2YTMwIn0%3D\" href='https:\/\/ialeman.cl\/wp-content\/uploads\/2023\/12\/FERIA-NAVIDENA_0015_DSC_4096.jpg'><img loading=\"lazy\" decoding=\"async\" width=\"1200\" height=\"801\" src=\"https:\/\/ialeman.cl\/wp-content\/uploads\/2023\/12\/FERIA-NAVIDENA_0015_DSC_4096.jpg\" class=\"attachment-full size-full\" alt=\"\" srcset=\"https:\/\/ialeman.cl\/wp-content\/uploads\/2023\/12\/FERIA-NAVIDENA_0015_DSC_4096.jpg 1200w, https:\/\/ialeman.cl\/wp-content\/uploads\/2023\/12\/FERIA-NAVIDENA_0015_DSC_4096-300x200.jpg 300w, https:\/\/ialeman.cl\/wp-content\/uploads\/2023\/12\/FERIA-NAVIDENA_0015_DSC_4096-1024x684.jpg 1024w, https:\/\/ialeman.cl\/wp-content\/uploads\/2023\/12\/FERIA-NAVIDENA_0015_DSC_4096-768x513.jpg 768w\" sizes=\"(max-width: 1200px) 100vw, 1200px\" \/><\/a>\n\t\t\t<\/div><\/figure><figure class='gallery-item'>\n\t\t\t<div class='gallery-icon landscape'>\n\t\t\t\t<a data-elementor-open-lightbox=\"yes\" data-elementor-lightbox-slideshow=\"ae46a30\" data-elementor-lightbox-title=\"FERIA NAVIDENA_0016_DSC_4092\" data-e-action-hash=\"#elementor-action%3Aaction%3Dlightbox%26settings%3DeyJpZCI6MjgwNjAsInVybCI6Imh0dHBzOlwvXC9pYWxlbWFuLmNsXC93cC1jb250ZW50XC91cGxvYWRzXC8yMDIzXC8xMlwvRkVSSUEtTkFWSURFTkFfMDAxNl9EU0NfNDA5Mi5qcGciLCJzbGlkZXNob3ciOiJhZTQ2YTMwIn0%3D\" href='https:\/\/ialeman.cl\/wp-content\/uploads\/2023\/12\/FERIA-NAVIDENA_0016_DSC_4092.jpg'><img loading=\"lazy\" decoding=\"async\" width=\"1200\" height=\"801\" src=\"https:\/\/ialeman.cl\/wp-content\/uploads\/2023\/12\/FERIA-NAVIDENA_0016_DSC_4092.jpg\" class=\"attachment-full size-full\" alt=\"\" srcset=\"https:\/\/ialeman.cl\/wp-content\/uploads\/2023\/12\/FERIA-NAVIDENA_0016_DSC_4092.jpg 1200w, https:\/\/ialeman.cl\/wp-content\/uploads\/2023\/12\/FERIA-NAVIDENA_0016_DSC_4092-300x200.jpg 300w, https:\/\/ialeman.cl\/wp-content\/uploads\/2023\/12\/FERIA-NAVIDENA_0016_DSC_4092-1024x684.jpg 1024w, https:\/\/ialeman.cl\/wp-content\/uploads\/2023\/12\/FERIA-NAVIDENA_0016_DSC_4092-768x513.jpg 768w\" sizes=\"(max-width: 1200px) 100vw, 1200px\" \/><\/a>\n\t\t\t<\/div><\/figure><figure class='gallery-item'>\n\t\t\t<div class='gallery-icon landscape'>\n\t\t\t\t<a data-elementor-open-lightbox=\"yes\" data-elementor-lightbox-slideshow=\"ae46a30\" data-elementor-lightbox-title=\"FERIA NAVIDENA_0017_DSC_4089\" data-e-action-hash=\"#elementor-action%3Aaction%3Dlightbox%26settings%3DeyJpZCI6MjgwNjEsInVybCI6Imh0dHBzOlwvXC9pYWxlbWFuLmNsXC93cC1jb250ZW50XC91cGxvYWRzXC8yMDIzXC8xMlwvRkVSSUEtTkFWSURFTkFfMDAxN19EU0NfNDA4OS5qcGciLCJzbGlkZXNob3ciOiJhZTQ2YTMwIn0%3D\" href='https:\/\/ialeman.cl\/wp-content\/uploads\/2023\/12\/FERIA-NAVIDENA_0017_DSC_4089.jpg'><img loading=\"lazy\" decoding=\"async\" width=\"1200\" height=\"801\" src=\"https:\/\/ialeman.cl\/wp-content\/uploads\/2023\/12\/FERIA-NAVIDENA_0017_DSC_4089.jpg\" class=\"attachment-full size-full\" alt=\"\" srcset=\"https:\/\/ialeman.cl\/wp-content\/uploads\/2023\/12\/FERIA-NAVIDENA_0017_DSC_4089.jpg 1200w, https:\/\/ialeman.cl\/wp-content\/uploads\/2023\/12\/FERIA-NAVIDENA_0017_DSC_4089-300x200.jpg 300w, https:\/\/ialeman.cl\/wp-content\/uploads\/2023\/12\/FERIA-NAVIDENA_0017_DSC_4089-1024x684.jpg 1024w, https:\/\/ialeman.cl\/wp-content\/uploads\/2023\/12\/FERIA-NAVIDENA_0017_DSC_4089-768x513.jpg 768w\" sizes=\"(max-width: 1200px) 100vw, 1200px\" \/><\/a>\n\t\t\t<\/div><\/figure><figure class='gallery-item'>\n\t\t\t<div class='gallery-icon landscape'>\n\t\t\t\t<a data-elementor-open-lightbox=\"yes\" data-elementor-lightbox-slideshow=\"ae46a30\" data-elementor-lightbox-title=\"FERIA NAVIDENA_0018_DSC_4088\" data-e-action-hash=\"#elementor-action%3Aaction%3Dlightbox%26settings%3DeyJpZCI6MjgwNjIsInVybCI6Imh0dHBzOlwvXC9pYWxlbWFuLmNsXC93cC1jb250ZW50XC91cGxvYWRzXC8yMDIzXC8xMlwvRkVSSUEtTkFWSURFTkFfMDAxOF9EU0NfNDA4OC5qcGciLCJzbGlkZXNob3ciOiJhZTQ2YTMwIn0%3D\" href='https:\/\/ialeman.cl\/wp-content\/uploads\/2023\/12\/FERIA-NAVIDENA_0018_DSC_4088.jpg'><img loading=\"lazy\" decoding=\"async\" width=\"1200\" height=\"801\" src=\"https:\/\/ialeman.cl\/wp-content\/uploads\/2023\/12\/FERIA-NAVIDENA_0018_DSC_4088.jpg\" class=\"attachment-full size-full\" alt=\"\" srcset=\"https:\/\/ialeman.cl\/wp-content\/uploads\/2023\/12\/FERIA-NAVIDENA_0018_DSC_4088.jpg 1200w, https:\/\/ialeman.cl\/wp-content\/uploads\/2023\/12\/FERIA-NAVIDENA_0018_DSC_4088-300x200.jpg 300w, https:\/\/ialeman.cl\/wp-content\/uploads\/2023\/12\/FERIA-NAVIDENA_0018_DSC_4088-1024x684.jpg 1024w, https:\/\/ialeman.cl\/wp-content\/uploads\/2023\/12\/FERIA-NAVIDENA_0018_DSC_4088-768x513.jpg 768w\" sizes=\"(max-width: 1200px) 100vw, 1200px\" \/><\/a>\n\t\t\t<\/div><\/figure><figure class='gallery-item'>\n\t\t\t<div class='gallery-icon landscape'>\n\t\t\t\t<a data-elementor-open-lightbox=\"yes\" data-elementor-lightbox-slideshow=\"ae46a30\" data-elementor-lightbox-title=\"FERIA NAVIDENA_0019_DSC_4087\" data-e-action-hash=\"#elementor-action%3Aaction%3Dlightbox%26settings%3DeyJpZCI6MjgwNjMsInVybCI6Imh0dHBzOlwvXC9pYWxlbWFuLmNsXC93cC1jb250ZW50XC91cGxvYWRzXC8yMDIzXC8xMlwvRkVSSUEtTkFWSURFTkFfMDAxOV9EU0NfNDA4Ny5qcGciLCJzbGlkZXNob3ciOiJhZTQ2YTMwIn0%3D\" href='https:\/\/ialeman.cl\/wp-content\/uploads\/2023\/12\/FERIA-NAVIDENA_0019_DSC_4087.jpg'><img loading=\"lazy\" decoding=\"async\" width=\"1200\" height=\"801\" src=\"https:\/\/ialeman.cl\/wp-content\/uploads\/2023\/12\/FERIA-NAVIDENA_0019_DSC_4087.jpg\" class=\"attachment-full size-full\" alt=\"\" srcset=\"https:\/\/ialeman.cl\/wp-content\/uploads\/2023\/12\/FERIA-NAVIDENA_0019_DSC_4087.jpg 1200w, https:\/\/ialeman.cl\/wp-content\/uploads\/2023\/12\/FERIA-NAVIDENA_0019_DSC_4087-300x200.jpg 300w, https:\/\/ialeman.cl\/wp-content\/uploads\/2023\/12\/FERIA-NAVIDENA_0019_DSC_4087-1024x684.jpg 1024w, https:\/\/ialeman.cl\/wp-content\/uploads\/2023\/12\/FERIA-NAVIDENA_0019_DSC_4087-768x513.jpg 768w\" sizes=\"(max-width: 1200px) 100vw, 1200px\" \/><\/a>\n\t\t\t<\/div><\/figure><figure class='gallery-item'>\n\t\t\t<div class='gallery-icon landscape'>\n\t\t\t\t<a data-elementor-open-lightbox=\"yes\" data-elementor-lightbox-slideshow=\"ae46a30\" data-elementor-lightbox-title=\"FERIA NAVIDENA_0020_DSC_4086\" data-e-action-hash=\"#elementor-action%3Aaction%3Dlightbox%26settings%3DeyJpZCI6MjgwNjQsInVybCI6Imh0dHBzOlwvXC9pYWxlbWFuLmNsXC93cC1jb250ZW50XC91cGxvYWRzXC8yMDIzXC8xMlwvRkVSSUEtTkFWSURFTkFfMDAyMF9EU0NfNDA4Ni5qcGciLCJzbGlkZXNob3ciOiJhZTQ2YTMwIn0%3D\" href='https:\/\/ialeman.cl\/wp-content\/uploads\/2023\/12\/FERIA-NAVIDENA_0020_DSC_4086.jpg'><img loading=\"lazy\" decoding=\"async\" width=\"1200\" height=\"801\" src=\"https:\/\/ialeman.cl\/wp-content\/uploads\/2023\/12\/FERIA-NAVIDENA_0020_DSC_4086.jpg\" class=\"attachment-full size-full\" alt=\"\" srcset=\"https:\/\/ialeman.cl\/wp-content\/uploads\/2023\/12\/FERIA-NAVIDENA_0020_DSC_4086.jpg 1200w, https:\/\/ialeman.cl\/wp-content\/uploads\/2023\/12\/FERIA-NAVIDENA_0020_DSC_4086-300x200.jpg 300w, https:\/\/ialeman.cl\/wp-content\/uploads\/2023\/12\/FERIA-NAVIDENA_0020_DSC_4086-1024x684.jpg 1024w, https:\/\/ialeman.cl\/wp-content\/uploads\/2023\/12\/FERIA-NAVIDENA_0020_DSC_4086-768x513.jpg 768w\" sizes=\"(max-width: 1200px) 100vw, 1200px\" \/><\/a>\n\t\t\t<\/div><\/figure><figure class='gallery-item'>\n\t\t\t<div class='gallery-icon landscape'>\n\t\t\t\t<a data-elementor-open-lightbox=\"yes\" data-elementor-lightbox-slideshow=\"ae46a30\" data-elementor-lightbox-title=\"FERIA NAVIDENA_0021_DSC_4085\" data-e-action-hash=\"#elementor-action%3Aaction%3Dlightbox%26settings%3DeyJpZCI6MjgwNjUsInVybCI6Imh0dHBzOlwvXC9pYWxlbWFuLmNsXC93cC1jb250ZW50XC91cGxvYWRzXC8yMDIzXC8xMlwvRkVSSUEtTkFWSURFTkFfMDAyMV9EU0NfNDA4NS5qcGciLCJzbGlkZXNob3ciOiJhZTQ2YTMwIn0%3D\" href='https:\/\/ialeman.cl\/wp-content\/uploads\/2023\/12\/FERIA-NAVIDENA_0021_DSC_4085.jpg'><img loading=\"lazy\" decoding=\"async\" width=\"1200\" height=\"801\" src=\"https:\/\/ialeman.cl\/wp-content\/uploads\/2023\/12\/FERIA-NAVIDENA_0021_DSC_4085.jpg\" class=\"attachment-full size-full\" alt=\"\" srcset=\"https:\/\/ialeman.cl\/wp-content\/uploads\/2023\/12\/FERIA-NAVIDENA_0021_DSC_4085.jpg 1200w, https:\/\/ialeman.cl\/wp-content\/uploads\/2023\/12\/FERIA-NAVIDENA_0021_DSC_4085-300x200.jpg 300w, https:\/\/ialeman.cl\/wp-content\/uploads\/2023\/12\/FERIA-NAVIDENA_0021_DSC_4085-1024x684.jpg 1024w, https:\/\/ialeman.cl\/wp-content\/uploads\/2023\/12\/FERIA-NAVIDENA_0021_DSC_4085-768x513.jpg 768w\" sizes=\"(max-width: 1200px) 100vw, 1200px\" \/><\/a>\n\t\t\t<\/div><\/figure><figure class='gallery-item'>\n\t\t\t<div class='gallery-icon landscape'>\n\t\t\t\t<a data-elementor-open-lightbox=\"yes\" data-elementor-lightbox-slideshow=\"ae46a30\" data-elementor-lightbox-title=\"FERIA NAVIDENA_0022_DSC_4082\" data-e-action-hash=\"#elementor-action%3Aaction%3Dlightbox%26settings%3DeyJpZCI6MjgwNjYsInVybCI6Imh0dHBzOlwvXC9pYWxlbWFuLmNsXC93cC1jb250ZW50XC91cGxvYWRzXC8yMDIzXC8xMlwvRkVSSUEtTkFWSURFTkFfMDAyMl9EU0NfNDA4Mi5qcGciLCJzbGlkZXNob3ciOiJhZTQ2YTMwIn0%3D\" href='https:\/\/ialeman.cl\/wp-content\/uploads\/2023\/12\/FERIA-NAVIDENA_0022_DSC_4082.jpg'><img loading=\"lazy\" decoding=\"async\" width=\"1200\" height=\"801\" src=\"https:\/\/ialeman.cl\/wp-content\/uploads\/2023\/12\/FERIA-NAVIDENA_0022_DSC_4082.jpg\" class=\"attachment-full size-full\" alt=\"\" srcset=\"https:\/\/ialeman.cl\/wp-content\/uploads\/2023\/12\/FERIA-NAVIDENA_0022_DSC_4082.jpg 1200w, https:\/\/ialeman.cl\/wp-content\/uploads\/2023\/12\/FERIA-NAVIDENA_0022_DSC_4082-300x200.jpg 300w, https:\/\/ialeman.cl\/wp-content\/uploads\/2023\/12\/FERIA-NAVIDENA_0022_DSC_4082-1024x684.jpg 1024w, https:\/\/ialeman.cl\/wp-content\/uploads\/2023\/12\/FERIA-NAVIDENA_0022_DSC_4082-768x513.jpg 768w\" sizes=\"(max-width: 1200px) 100vw, 1200px\" \/><\/a>\n\t\t\t<\/div><\/figure><figure class='gallery-item'>\n\t\t\t<div class='gallery-icon landscape'>\n\t\t\t\t<a data-elementor-open-lightbox=\"yes\" data-elementor-lightbox-slideshow=\"ae46a30\" data-elementor-lightbox-title=\"FERIA NAVIDENA_0023_DSC_4081\" data-e-action-hash=\"#elementor-action%3Aaction%3Dlightbox%26settings%3DeyJpZCI6MjgwNjcsInVybCI6Imh0dHBzOlwvXC9pYWxlbWFuLmNsXC93cC1jb250ZW50XC91cGxvYWRzXC8yMDIzXC8xMlwvRkVSSUEtTkFWSURFTkFfMDAyM19EU0NfNDA4MS5qcGciLCJzbGlkZXNob3ciOiJhZTQ2YTMwIn0%3D\" href='https:\/\/ialeman.cl\/wp-content\/uploads\/2023\/12\/FERIA-NAVIDENA_0023_DSC_4081.jpg'><img loading=\"lazy\" decoding=\"async\" width=\"1200\" height=\"801\" src=\"https:\/\/ialeman.cl\/wp-content\/uploads\/2023\/12\/FERIA-NAVIDENA_0023_DSC_4081.jpg\" class=\"attachment-full size-full\" alt=\"\" srcset=\"https:\/\/ialeman.cl\/wp-content\/uploads\/2023\/12\/FERIA-NAVIDENA_0023_DSC_4081.jpg 1200w, https:\/\/ialeman.cl\/wp-content\/uploads\/2023\/12\/FERIA-NAVIDENA_0023_DSC_4081-300x200.jpg 300w, https:\/\/ialeman.cl\/wp-content\/uploads\/2023\/12\/FERIA-NAVIDENA_0023_DSC_4081-1024x684.jpg 1024w, https:\/\/ialeman.cl\/wp-content\/uploads\/2023\/12\/FERIA-NAVIDENA_0023_DSC_4081-768x513.jpg 768w\" sizes=\"(max-width: 1200px) 100vw, 1200px\" \/><\/a>\n\t\t\t<\/div><\/figure><figure class='gallery-item'>\n\t\t\t<div class='gallery-icon landscape'>\n\t\t\t\t<a data-elementor-open-lightbox=\"yes\" data-elementor-lightbox-slideshow=\"ae46a30\" data-elementor-lightbox-title=\"FERIA NAVIDENA_0025_DSC_4075\" data-e-action-hash=\"#elementor-action%3Aaction%3Dlightbox%26settings%3DeyJpZCI6MjgwNjksInVybCI6Imh0dHBzOlwvXC9pYWxlbWFuLmNsXC93cC1jb250ZW50XC91cGxvYWRzXC8yMDIzXC8xMlwvRkVSSUEtTkFWSURFTkFfMDAyNV9EU0NfNDA3NS5qcGciLCJzbGlkZXNob3ciOiJhZTQ2YTMwIn0%3D\" href='https:\/\/ialeman.cl\/wp-content\/uploads\/2023\/12\/FERIA-NAVIDENA_0025_DSC_4075.jpg'><img loading=\"lazy\" decoding=\"async\" width=\"1200\" height=\"801\" src=\"https:\/\/ialeman.cl\/wp-content\/uploads\/2023\/12\/FERIA-NAVIDENA_0025_DSC_4075.jpg\" class=\"attachment-full size-full\" alt=\"\" srcset=\"https:\/\/ialeman.cl\/wp-content\/uploads\/2023\/12\/FERIA-NAVIDENA_0025_DSC_4075.jpg 1200w, https:\/\/ialeman.cl\/wp-content\/uploads\/2023\/12\/FERIA-NAVIDENA_0025_DSC_4075-300x200.jpg 300w, https:\/\/ialeman.cl\/wp-content\/uploads\/2023\/12\/FERIA-NAVIDENA_0025_DSC_4075-1024x684.jpg 1024w, https:\/\/ialeman.cl\/wp-content\/uploads\/2023\/12\/FERIA-NAVIDENA_0025_DSC_4075-768x513.jpg 768w\" sizes=\"(max-width: 1200px) 100vw, 1200px\" \/><\/a>\n\t\t\t<\/div><\/figure><figure class='gallery-item'>\n\t\t\t<div class='gallery-icon landscape'>\n\t\t\t\t<a data-elementor-open-lightbox=\"yes\" data-elementor-lightbox-slideshow=\"ae46a30\" data-elementor-lightbox-title=\"FERIA NAVIDENA_0026_DSC_4073\" data-e-action-hash=\"#elementor-action%3Aaction%3Dlightbox%26settings%3DeyJpZCI6MjgwNzAsInVybCI6Imh0dHBzOlwvXC9pYWxlbWFuLmNsXC93cC1jb250ZW50XC91cGxvYWRzXC8yMDIzXC8xMlwvRkVSSUEtTkFWSURFTkFfMDAyNl9EU0NfNDA3My5qcGciLCJzbGlkZXNob3ciOiJhZTQ2YTMwIn0%3D\" href='https:\/\/ialeman.cl\/wp-content\/uploads\/2023\/12\/FERIA-NAVIDENA_0026_DSC_4073.jpg'><img loading=\"lazy\" decoding=\"async\" width=\"1200\" height=\"801\" src=\"https:\/\/ialeman.cl\/wp-content\/uploads\/2023\/12\/FERIA-NAVIDENA_0026_DSC_4073.jpg\" class=\"attachment-full size-full\" alt=\"\" srcset=\"https:\/\/ialeman.cl\/wp-content\/uploads\/2023\/12\/FERIA-NAVIDENA_0026_DSC_4073.jpg 1200w, https:\/\/ialeman.cl\/wp-content\/uploads\/2023\/12\/FERIA-NAVIDENA_0026_DSC_4073-300x200.jpg 300w, https:\/\/ialeman.cl\/wp-content\/uploads\/2023\/12\/FERIA-NAVIDENA_0026_DSC_4073-1024x684.jpg 1024w, https:\/\/ialeman.cl\/wp-content\/uploads\/2023\/12\/FERIA-NAVIDENA_0026_DSC_4073-768x513.jpg 768w\" sizes=\"(max-width: 1200px) 100vw, 1200px\" \/><\/a>\n\t\t\t<\/div><\/figure><figure class='gallery-item'>\n\t\t\t<div class='gallery-icon landscape'>\n\t\t\t\t<a data-elementor-open-lightbox=\"yes\" data-elementor-lightbox-slideshow=\"ae46a30\" data-elementor-lightbox-title=\"FERIA NAVIDENA_0027_DSC_4071\" data-e-action-hash=\"#elementor-action%3Aaction%3Dlightbox%26settings%3DeyJpZCI6MjgwNzEsInVybCI6Imh0dHBzOlwvXC9pYWxlbWFuLmNsXC93cC1jb250ZW50XC91cGxvYWRzXC8yMDIzXC8xMlwvRkVSSUEtTkFWSURFTkFfMDAyN19EU0NfNDA3MS5qcGciLCJzbGlkZXNob3ciOiJhZTQ2YTMwIn0%3D\" href='https:\/\/ialeman.cl\/wp-content\/uploads\/2023\/12\/FERIA-NAVIDENA_0027_DSC_4071.jpg'><img loading=\"lazy\" decoding=\"async\" width=\"1200\" height=\"801\" src=\"https:\/\/ialeman.cl\/wp-content\/uploads\/2023\/12\/FERIA-NAVIDENA_0027_DSC_4071.jpg\" class=\"attachment-full size-full\" alt=\"\" srcset=\"https:\/\/ialeman.cl\/wp-content\/uploads\/2023\/12\/FERIA-NAVIDENA_0027_DSC_4071.jpg 1200w, https:\/\/ialeman.cl\/wp-content\/uploads\/2023\/12\/FERIA-NAVIDENA_0027_DSC_4071-300x200.jpg 300w, https:\/\/ialeman.cl\/wp-content\/uploads\/2023\/12\/FERIA-NAVIDENA_0027_DSC_4071-1024x684.jpg 1024w, https:\/\/ialeman.cl\/wp-content\/uploads\/2023\/12\/FERIA-NAVIDENA_0027_DSC_4071-768x513.jpg 768w\" sizes=\"(max-width: 1200px) 100vw, 1200px\" \/><\/a>\n\t\t\t<\/div><\/figure><figure class='gallery-item'>\n\t\t\t<div class='gallery-icon landscape'>\n\t\t\t\t<a data-elementor-open-lightbox=\"yes\" data-elementor-lightbox-slideshow=\"ae46a30\" data-elementor-lightbox-title=\"FERIA NAVIDENA_0028_DSC_4070\" data-e-action-hash=\"#elementor-action%3Aaction%3Dlightbox%26settings%3DeyJpZCI6MjgwNzIsInVybCI6Imh0dHBzOlwvXC9pYWxlbWFuLmNsXC93cC1jb250ZW50XC91cGxvYWRzXC8yMDIzXC8xMlwvRkVSSUEtTkFWSURFTkFfMDAyOF9EU0NfNDA3MC5qcGciLCJzbGlkZXNob3ciOiJhZTQ2YTMwIn0%3D\" href='https:\/\/ialeman.cl\/wp-content\/uploads\/2023\/12\/FERIA-NAVIDENA_0028_DSC_4070.jpg'><img loading=\"lazy\" decoding=\"async\" width=\"1200\" height=\"801\" src=\"https:\/\/ialeman.cl\/wp-content\/uploads\/2023\/12\/FERIA-NAVIDENA_0028_DSC_4070.jpg\" class=\"attachment-full size-full\" alt=\"\" srcset=\"https:\/\/ialeman.cl\/wp-content\/uploads\/2023\/12\/FERIA-NAVIDENA_0028_DSC_4070.jpg 1200w, https:\/\/ialeman.cl\/wp-content\/uploads\/2023\/12\/FERIA-NAVIDENA_0028_DSC_4070-300x200.jpg 300w, https:\/\/ialeman.cl\/wp-content\/uploads\/2023\/12\/FERIA-NAVIDENA_0028_DSC_4070-1024x684.jpg 1024w, https:\/\/ialeman.cl\/wp-content\/uploads\/2023\/12\/FERIA-NAVIDENA_0028_DSC_4070-768x513.jpg 768w\" sizes=\"(max-width: 1200px) 100vw, 1200px\" \/><\/a>\n\t\t\t<\/div><\/figure><figure class='gallery-item'>\n\t\t\t<div class='gallery-icon landscape'>\n\t\t\t\t<a data-elementor-open-lightbox=\"yes\" data-elementor-lightbox-slideshow=\"ae46a30\" data-elementor-lightbox-title=\"FERIA NAVIDENA_0029_DSC_4068\" data-e-action-hash=\"#elementor-action%3Aaction%3Dlightbox%26settings%3DeyJpZCI6MjgwNzMsInVybCI6Imh0dHBzOlwvXC9pYWxlbWFuLmNsXC93cC1jb250ZW50XC91cGxvYWRzXC8yMDIzXC8xMlwvRkVSSUEtTkFWSURFTkFfMDAyOV9EU0NfNDA2OC5qcGciLCJzbGlkZXNob3ciOiJhZTQ2YTMwIn0%3D\" href='https:\/\/ialeman.cl\/wp-content\/uploads\/2023\/12\/FERIA-NAVIDENA_0029_DSC_4068.jpg'><img loading=\"lazy\" decoding=\"async\" width=\"1200\" height=\"801\" src=\"https:\/\/ialeman.cl\/wp-content\/uploads\/2023\/12\/FERIA-NAVIDENA_0029_DSC_4068.jpg\" class=\"attachment-full size-full\" alt=\"\" srcset=\"https:\/\/ialeman.cl\/wp-content\/uploads\/2023\/12\/FERIA-NAVIDENA_0029_DSC_4068.jpg 1200w, https:\/\/ialeman.cl\/wp-content\/uploads\/2023\/12\/FERIA-NAVIDENA_0029_DSC_4068-300x200.jpg 300w, https:\/\/ialeman.cl\/wp-content\/uploads\/2023\/12\/FERIA-NAVIDENA_0029_DSC_4068-1024x684.jpg 1024w, https:\/\/ialeman.cl\/wp-content\/uploads\/2023\/12\/FERIA-NAVIDENA_0029_DSC_4068-768x513.jpg 768w\" sizes=\"(max-width: 1200px) 100vw, 1200px\" \/><\/a>\n\t\t\t<\/div><\/figure><figure class='gallery-item'>\n\t\t\t<div class='gallery-icon landscape'>\n\t\t\t\t<a data-elementor-open-lightbox=\"yes\" data-elementor-lightbox-slideshow=\"ae46a30\" data-elementor-lightbox-title=\"FERIA NAVIDENA_0030_DSC_4066\" data-e-action-hash=\"#elementor-action%3Aaction%3Dlightbox%26settings%3DeyJpZCI6MjgwNzQsInVybCI6Imh0dHBzOlwvXC9pYWxlbWFuLmNsXC93cC1jb250ZW50XC91cGxvYWRzXC8yMDIzXC8xMlwvRkVSSUEtTkFWSURFTkFfMDAzMF9EU0NfNDA2Ni5qcGciLCJzbGlkZXNob3ciOiJhZTQ2YTMwIn0%3D\" href='https:\/\/ialeman.cl\/wp-content\/uploads\/2023\/12\/FERIA-NAVIDENA_0030_DSC_4066.jpg'><img loading=\"lazy\" decoding=\"async\" width=\"1200\" height=\"801\" src=\"https:\/\/ialeman.cl\/wp-content\/uploads\/2023\/12\/FERIA-NAVIDENA_0030_DSC_4066.jpg\" class=\"attachment-full size-full\" alt=\"\" srcset=\"https:\/\/ialeman.cl\/wp-content\/uploads\/2023\/12\/FERIA-NAVIDENA_0030_DSC_4066.jpg 1200w, https:\/\/ialeman.cl\/wp-content\/uploads\/2023\/12\/FERIA-NAVIDENA_0030_DSC_4066-300x200.jpg 300w, https:\/\/ialeman.cl\/wp-content\/uploads\/2023\/12\/FERIA-NAVIDENA_0030_DSC_4066-1024x684.jpg 1024w, https:\/\/ialeman.cl\/wp-content\/uploads\/2023\/12\/FERIA-NAVIDENA_0030_DSC_4066-768x513.jpg 768w\" sizes=\"(max-width: 1200px) 100vw, 1200px\" \/><\/a>\n\t\t\t<\/div><\/figure><figure class='gallery-item'>\n\t\t\t<div class='gallery-icon landscape'>\n\t\t\t\t<a data-elementor-open-lightbox=\"yes\" data-elementor-lightbox-slideshow=\"ae46a30\" data-elementor-lightbox-title=\"FERIA NAVIDENA_0031_DSC_4133\" data-e-action-hash=\"#elementor-action%3Aaction%3Dlightbox%26settings%3DeyJpZCI6MjgwNzUsInVybCI6Imh0dHBzOlwvXC9pYWxlbWFuLmNsXC93cC1jb250ZW50XC91cGxvYWRzXC8yMDIzXC8xMlwvRkVSSUEtTkFWSURFTkFfMDAzMV9EU0NfNDEzMy5qcGciLCJzbGlkZXNob3ciOiJhZTQ2YTMwIn0%3D\" href='https:\/\/ialeman.cl\/wp-content\/uploads\/2023\/12\/FERIA-NAVIDENA_0031_DSC_4133.jpg'><img loading=\"lazy\" decoding=\"async\" width=\"1200\" height=\"801\" src=\"https:\/\/ialeman.cl\/wp-content\/uploads\/2023\/12\/FERIA-NAVIDENA_0031_DSC_4133.jpg\" class=\"attachment-full size-full\" alt=\"\" srcset=\"https:\/\/ialeman.cl\/wp-content\/uploads\/2023\/12\/FERIA-NAVIDENA_0031_DSC_4133.jpg 1200w, https:\/\/ialeman.cl\/wp-content\/uploads\/2023\/12\/FERIA-NAVIDENA_0031_DSC_4133-300x200.jpg 300w, https:\/\/ialeman.cl\/wp-content\/uploads\/2023\/12\/FERIA-NAVIDENA_0031_DSC_4133-1024x684.jpg 1024w, https:\/\/ialeman.cl\/wp-content\/uploads\/2023\/12\/FERIA-NAVIDENA_0031_DSC_4133-768x513.jpg 768w\" sizes=\"(max-width: 1200px) 100vw, 1200px\" \/><\/a>\n\t\t\t<\/div><\/figure>\n\t\t<\/div>\n\t\t<\/div>\n\t\t\t\t\t\t<\/div>\n\t\t\t\t<\/div>\n\t\t\t\t\t<\/div>\n\t\t<\/div>\n\t\t\t\t\t<\/div>\n\t\t<\/section>\n\t\t\t\t<\/div>\n\t\t","protected":false},"excerpt":{"rendered":"<p>Feria Navide\u00f1a 2023 Una gran feria navide\u00f1a realiz\u00f3 el Centro General de Padres y Apoderados del Instituto Alem\u00e1n de Puerto Montt. La actividad familiar se desarroll\u00f3 en el patio techado del colegio y cont\u00f3 con una gran cantidad de stand de ventas. En la ocasi\u00f3n, fueron distintos art\u00edculos y productos que se ofrecieron a la [&hellip;]<\/p>\n","protected":false},"author":1,"featured_media":28036,"comment_status":"closed","ping_status":"closed","sticky":false,"template":"","format":"standard","meta":{"_crdt_document":"","_monsterinsights_skip_tracking":false,"_monsterinsights_sitenote_active":false,"_monsterinsights_sitenote_note":"","_monsterinsights_sitenote_category":0,"site-sidebar-layout":"default","site-content-layout":"","ast-site-content-layout":"default","site-content-style":"default","site-sidebar-style":"default","ast-global-header-display":"","ast-banner-title-visibility":"","ast-main-header-display":"","ast-hfb-above-header-display":"","ast-hfb-below-header-display":"","ast-hfb-mobile-header-display":"","site-post-title":"disabled","ast-breadcrumbs-content":"","ast-featured-img":"disabled","footer-sml-layout":"","ast-disable-related-posts":"","theme-transparent-header-meta":"","adv-header-id-meta":"","stick-header-meta":"","header-above-stick-meta":"","header-main-stick-meta":"","header-below-stick-meta":"","astra-migrate-meta-layouts":"set","ast-page-background-enabled":"default","ast-page-background-meta":{"desktop":{"background-color":"var(--ast-global-color-4)","background-image":"","background-repeat":"repeat","background-position":"center center","background-size":"auto","background-attachment":"scroll","background-type":"","background-media":"","overlay-type":"","overlay-color":"","overlay-opacity":"","overlay-gradient":""},"tablet":{"background-color":"","background-image":"","background-repeat":"repeat","background-position":"center center","background-size":"auto","background-attachment":"scroll","background-type":"","background-media":"","overlay-type":"","overlay-color":"","overlay-opacity":"","overlay-gradient":""},"mobile":{"background-color":"","background-image":"","background-repeat":"repeat","background-position":"center center","background-size":"auto","background-attachment":"scroll","background-type":"","background-media":"","overlay-type":"","overlay-color":"","overlay-opacity":"","overlay-gradient":""}},"ast-content-background-meta":{"desktop":{"background-color":"var(--ast-global-color-5)","background-image":"","background-repeat":"repeat","background-position":"center center","background-size":"auto","background-attachment":"scroll","background-type":"","background-media":"","overlay-type":"","overlay-color":"","overlay-opacity":"","overlay-gradient":""},"tablet":{"background-color":"var(--ast-global-color-5)","background-image":"","background-repeat":"repeat","background-position":"center center","background-size":"auto","background-attachment":"scroll","background-type":"","background-media":"","overlay-type":"","overlay-color":"","overlay-opacity":"","overlay-gradient":""},"mobile":{"background-color":"var(--ast-global-color-5)","background-image":"","background-repeat":"repeat","background-position":"center center","background-size":"auto","background-attachment":"scroll","background-type":"","background-media":"","overlay-type":"","overlay-color":"","overlay-opacity":"","overlay-gradient":""}},"advanced_seo_description":"","jetpack_seo_html_title":"","jetpack_seo_noindex":false,"_jetpack_memberships_contains_paid_content":false,"footnotes":""},"categories":[10],"tags":[],"class_list":["post-28034","post","type-post","status-publish","format-standard","has-post-thumbnail","hentry","category-noticias"],"jetpack_featured_media_url":"https:\/\/ialeman.cl\/wp-content\/uploads\/2023\/12\/FERIA-NAVIDENA_0003_DSC_4122.jpg","jetpack_shortlink":"https:\/\/wp.me\/ph8I5c-7ia","jetpack_sharing_enabled":true,"_links":{"self":[{"href":"https:\/\/ialeman.cl\/index.php\/wp-json\/wp\/v2\/posts\/28034","targetHints":{"allow":["GET"]}}],"collection":[{"href":"https:\/\/ialeman.cl\/index.php\/wp-json\/wp\/v2\/posts"}],"about":[{"href":"https:\/\/ialeman.cl\/index.php\/wp-json\/wp\/v2\/types\/post"}],"author":[{"embeddable":true,"href":"https:\/\/ialeman.cl\/index.php\/wp-json\/wp\/v2\/users\/1"}],"replies":[{"embeddable":true,"href":"https:\/\/ialeman.cl\/index.php\/wp-json\/wp\/v2\/comments?post=28034"}],"version-history":[{"count":15,"href":"https:\/\/ialeman.cl\/index.php\/wp-json\/wp\/v2\/posts\/28034\/revisions"}],"predecessor-version":[{"id":28084,"href":"https:\/\/ialeman.cl\/index.php\/wp-json\/wp\/v2\/posts\/28034\/revisions\/28084"}],"wp:featuredmedia":[{"embeddable":true,"href":"https:\/\/ialeman.cl\/index.php\/wp-json\/wp\/v2\/media\/28036"}],"wp:attachment":[{"href":"https:\/\/ialeman.cl\/index.php\/wp-json\/wp\/v2\/media?parent=28034"}],"wp:term":[{"taxonomy":"category","embeddable":true,"href":"https:\/\/ialeman.cl\/index.php\/wp-json\/wp\/v2\/categories?post=28034"},{"taxonomy":"post_tag","embeddable":true,"href":"https:\/\/ialeman.cl\/index.php\/wp-json\/wp\/v2\/tags?post=28034"}],"curies":[{"name":"wp","href":"https:\/\/api.w.org\/{rel}","templated":true}]}}