{"id":27648,"date":"2023-12-05T10:32:38","date_gmt":"2023-12-05T14:32:38","guid":{"rendered":"https:\/\/ialeman.cl\/?p=27648"},"modified":"2023-12-06T11:11:30","modified_gmt":"2023-12-06T15:11:30","slug":"licenciatura-iv-medio-2023","status":"publish","type":"post","link":"https:\/\/ialeman.cl\/index.php\/licenciatura-iv-medio-2023\/","title":{"rendered":"Licenciatura IV Medio 2023"},"content":{"rendered":"\t\t<div data-elementor-type=\"wp-post\" data-elementor-id=\"27648\" class=\"elementor elementor-27648\">\n\t\t\t\t\t\t<section class=\"elementor-section elementor-top-section elementor-element elementor-element-ce0a372 elementor-section-boxed elementor-section-height-default elementor-section-height-default\" data-id=\"ce0a372\" data-element_type=\"section\" data-e-type=\"section\">\n\t\t\t\t\t\t<div class=\"elementor-container elementor-column-gap-default\">\n\t\t\t\t\t<div class=\"elementor-column elementor-col-100 elementor-top-column elementor-element elementor-element-86a001e\" data-id=\"86a001e\" data-element_type=\"column\" data-e-type=\"column\">\n\t\t\t<div class=\"elementor-widget-wrap elementor-element-populated\">\n\t\t\t\t\t\t<div class=\"elementor-element elementor-element-9d3a126 elementor-widget elementor-widget-heading\" data-id=\"9d3a126\" data-element_type=\"widget\" data-e-type=\"widget\" data-widget_type=\"heading.default\">\n\t\t\t\t<div class=\"elementor-widget-container\">\n\t\t\t\t\t<h2 class=\"elementor-heading-title elementor-size-default\">Licenciatura IV Medio 2023<\/h2>\t\t\t\t<\/div>\n\t\t\t\t<\/div>\n\t\t\t\t\t<\/div>\n\t\t<\/div>\n\t\t\t\t\t<\/div>\n\t\t<\/section>\n\t\t\t\t<section class=\"elementor-section elementor-top-section elementor-element elementor-element-04fe131 elementor-section-boxed elementor-section-height-default elementor-section-height-default\" data-id=\"04fe131\" data-element_type=\"section\" data-e-type=\"section\">\n\t\t\t\t\t\t<div class=\"elementor-container elementor-column-gap-default\">\n\t\t\t\t\t<div class=\"elementor-column elementor-col-100 elementor-top-column elementor-element elementor-element-975ed19\" data-id=\"975ed19\" data-element_type=\"column\" data-e-type=\"column\">\n\t\t\t<div class=\"elementor-widget-wrap elementor-element-populated\">\n\t\t\t\t\t\t<div class=\"elementor-element elementor-element-99b0953 elementor-widget elementor-widget-heading\" data-id=\"99b0953\" data-element_type=\"widget\" data-e-type=\"widget\" data-widget_type=\"heading.default\">\n\t\t\t\t<div class=\"elementor-widget-container\">\n\t\t\t\t\t<h2 class=\"elementor-heading-title elementor-size-default\">Una solemne ceremonia de licenciatura de los estudiantes de IV Medio se realiz\u00f3 en el Instituto Alem\u00e1n de Puerto Montt. <br><br>\n\nCon gran emoci\u00f3n se vivi\u00f3 el hermoso evento junto a la Generaci\u00f3n 2023 y sus familias, los que acompa\u00f1aron a sus hijos e hijas en su egreso del colegio. En la oportunidad, tambi\u00e9n estuvieron los directivos, profesores y amigos de los j\u00f3venes. <br><br>\n\nLa ceremonia se desarroll\u00f3 en el gimnasio 2 del Instituto Alem\u00e1n de Puerto Montt, en la que los alumnos recibieron sus licencias y un galvano. En la ocasi\u00f3n, tambi\u00e9n se entregaron reconocimientos por buen rendimiento acad\u00e9mico, participaci\u00f3n deportiva y cultural. <br><br>\n\nPor \u00faltimo, en la actividad los egresados y sus padres leyeron bonitos mensajes de despedida y agradecimientos al colegio por lo entregado en sus 16 a\u00f1os de formaci\u00f3n acad\u00e9mica. \n<\/h2>\t\t\t\t<\/div>\n\t\t\t\t<\/div>\n\t\t\t\t\t<\/div>\n\t\t<\/div>\n\t\t\t\t\t<\/div>\n\t\t<\/section>\n\t\t\t\t<section class=\"elementor-section elementor-top-section elementor-element elementor-element-b937da8 elementor-section-boxed elementor-section-height-default elementor-section-height-default\" data-id=\"b937da8\" data-element_type=\"section\" data-e-type=\"section\">\n\t\t\t\t\t\t<div class=\"elementor-container elementor-column-gap-default\">\n\t\t\t\t\t<div class=\"elementor-column elementor-col-100 elementor-top-column elementor-element elementor-element-beccd20\" data-id=\"beccd20\" data-element_type=\"column\" data-e-type=\"column\">\n\t\t\t<div class=\"elementor-widget-wrap elementor-element-populated\">\n\t\t\t\t\t\t<div class=\"elementor-element elementor-element-4579f4a gallery-spacing-custom elementor-widget elementor-widget-image-gallery\" data-id=\"4579f4a\" data-element_type=\"widget\" data-e-type=\"widget\" data-widget_type=\"image-gallery.default\">\n\t\t\t\t<div class=\"elementor-widget-container\">\n\t\t\t\t\t\t\t<div class=\"elementor-image-gallery\">\n\t\t\t<div id='gallery-1' class='gallery galleryid-27648 gallery-columns-3 gallery-size-full'><figure class='gallery-item'>\n\t\t\t<div class='gallery-icon landscape'>\n\t\t\t\t<a data-elementor-open-lightbox=\"yes\" data-elementor-lightbox-slideshow=\"4579f4a\" data-elementor-lightbox-title=\"LICENCIATURA INSTITUTO ALEMAN PUERTO MONTT 2023_0000_DSC_3648\" data-e-action-hash=\"#elementor-action%3Aaction%3Dlightbox%26settings%3DeyJpZCI6Mjc2NTcsInVybCI6Imh0dHBzOlwvXC9pYWxlbWFuLmNsXC93cC1jb250ZW50XC91cGxvYWRzXC8yMDIzXC8xMlwvTElDRU5DSUFUVVJBLUlOU1RJVFVUTy1BTEVNQU4tUFVFUlRPLU1PTlRULTIwMjNfMDAwMF9EU0NfMzY0OC0xLmpwZyIsInNsaWRlc2hvdyI6IjQ1NzlmNGEifQ%3D%3D\" href='https:\/\/ialeman.cl\/wp-content\/uploads\/2023\/12\/LICENCIATURA-INSTITUTO-ALEMAN-PUERTO-MONTT-2023_0000_DSC_3648-1.jpg'><img fetchpriority=\"high\" decoding=\"async\" width=\"1200\" height=\"801\" src=\"https:\/\/ialeman.cl\/wp-content\/uploads\/2023\/12\/LICENCIATURA-INSTITUTO-ALEMAN-PUERTO-MONTT-2023_0000_DSC_3648-1.jpg\" class=\"attachment-full size-full\" alt=\"\" srcset=\"https:\/\/ialeman.cl\/wp-content\/uploads\/2023\/12\/LICENCIATURA-INSTITUTO-ALEMAN-PUERTO-MONTT-2023_0000_DSC_3648-1.jpg 1200w, https:\/\/ialeman.cl\/wp-content\/uploads\/2023\/12\/LICENCIATURA-INSTITUTO-ALEMAN-PUERTO-MONTT-2023_0000_DSC_3648-1-300x200.jpg 300w, https:\/\/ialeman.cl\/wp-content\/uploads\/2023\/12\/LICENCIATURA-INSTITUTO-ALEMAN-PUERTO-MONTT-2023_0000_DSC_3648-1-1024x684.jpg 1024w, https:\/\/ialeman.cl\/wp-content\/uploads\/2023\/12\/LICENCIATURA-INSTITUTO-ALEMAN-PUERTO-MONTT-2023_0000_DSC_3648-1-768x513.jpg 768w\" sizes=\"(max-width: 1200px) 100vw, 1200px\" \/><\/a>\n\t\t\t<\/div><\/figure><figure class='gallery-item'>\n\t\t\t<div class='gallery-icon landscape'>\n\t\t\t\t<a data-elementor-open-lightbox=\"yes\" data-elementor-lightbox-slideshow=\"4579f4a\" data-elementor-lightbox-title=\"LICENCIATURA INSTITUTO ALEMAN PUERTO MONTT 2023_0001_DSC_3650\" data-e-action-hash=\"#elementor-action%3Aaction%3Dlightbox%26settings%3DeyJpZCI6Mjc2NTgsInVybCI6Imh0dHBzOlwvXC9pYWxlbWFuLmNsXC93cC1jb250ZW50XC91cGxvYWRzXC8yMDIzXC8xMlwvTElDRU5DSUFUVVJBLUlOU1RJVFVUTy1BTEVNQU4tUFVFUlRPLU1PTlRULTIwMjNfMDAwMV9EU0NfMzY1MC5qcGciLCJzbGlkZXNob3ciOiI0NTc5ZjRhIn0%3D\" href='https:\/\/ialeman.cl\/wp-content\/uploads\/2023\/12\/LICENCIATURA-INSTITUTO-ALEMAN-PUERTO-MONTT-2023_0001_DSC_3650.jpg'><img decoding=\"async\" width=\"1200\" height=\"801\" src=\"https:\/\/ialeman.cl\/wp-content\/uploads\/2023\/12\/LICENCIATURA-INSTITUTO-ALEMAN-PUERTO-MONTT-2023_0001_DSC_3650.jpg\" class=\"attachment-full size-full\" alt=\"\" srcset=\"https:\/\/ialeman.cl\/wp-content\/uploads\/2023\/12\/LICENCIATURA-INSTITUTO-ALEMAN-PUERTO-MONTT-2023_0001_DSC_3650.jpg 1200w, https:\/\/ialeman.cl\/wp-content\/uploads\/2023\/12\/LICENCIATURA-INSTITUTO-ALEMAN-PUERTO-MONTT-2023_0001_DSC_3650-300x200.jpg 300w, https:\/\/ialeman.cl\/wp-content\/uploads\/2023\/12\/LICENCIATURA-INSTITUTO-ALEMAN-PUERTO-MONTT-2023_0001_DSC_3650-1024x684.jpg 1024w, https:\/\/ialeman.cl\/wp-content\/uploads\/2023\/12\/LICENCIATURA-INSTITUTO-ALEMAN-PUERTO-MONTT-2023_0001_DSC_3650-768x513.jpg 768w\" sizes=\"(max-width: 1200px) 100vw, 1200px\" \/><\/a>\n\t\t\t<\/div><\/figure><figure class='gallery-item'>\n\t\t\t<div class='gallery-icon landscape'>\n\t\t\t\t<a data-elementor-open-lightbox=\"yes\" data-elementor-lightbox-slideshow=\"4579f4a\" data-elementor-lightbox-title=\"LICENCIATURA INSTITUTO ALEMAN PUERTO MONTT 2023_0002_DSC_3624\" data-e-action-hash=\"#elementor-action%3Aaction%3Dlightbox%26settings%3DeyJpZCI6Mjc2NTksInVybCI6Imh0dHBzOlwvXC9pYWxlbWFuLmNsXC93cC1jb250ZW50XC91cGxvYWRzXC8yMDIzXC8xMlwvTElDRU5DSUFUVVJBLUlOU1RJVFVUTy1BTEVNQU4tUFVFUlRPLU1PTlRULTIwMjNfMDAwMl9EU0NfMzYyNC5qcGciLCJzbGlkZXNob3ciOiI0NTc5ZjRhIn0%3D\" href='https:\/\/ialeman.cl\/wp-content\/uploads\/2023\/12\/LICENCIATURA-INSTITUTO-ALEMAN-PUERTO-MONTT-2023_0002_DSC_3624.jpg'><img decoding=\"async\" width=\"1200\" height=\"801\" src=\"https:\/\/ialeman.cl\/wp-content\/uploads\/2023\/12\/LICENCIATURA-INSTITUTO-ALEMAN-PUERTO-MONTT-2023_0002_DSC_3624.jpg\" class=\"attachment-full size-full\" alt=\"\" srcset=\"https:\/\/ialeman.cl\/wp-content\/uploads\/2023\/12\/LICENCIATURA-INSTITUTO-ALEMAN-PUERTO-MONTT-2023_0002_DSC_3624.jpg 1200w, https:\/\/ialeman.cl\/wp-content\/uploads\/2023\/12\/LICENCIATURA-INSTITUTO-ALEMAN-PUERTO-MONTT-2023_0002_DSC_3624-300x200.jpg 300w, https:\/\/ialeman.cl\/wp-content\/uploads\/2023\/12\/LICENCIATURA-INSTITUTO-ALEMAN-PUERTO-MONTT-2023_0002_DSC_3624-1024x684.jpg 1024w, https:\/\/ialeman.cl\/wp-content\/uploads\/2023\/12\/LICENCIATURA-INSTITUTO-ALEMAN-PUERTO-MONTT-2023_0002_DSC_3624-768x513.jpg 768w\" sizes=\"(max-width: 1200px) 100vw, 1200px\" \/><\/a>\n\t\t\t<\/div><\/figure><figure class='gallery-item'>\n\t\t\t<div class='gallery-icon landscape'>\n\t\t\t\t<a data-elementor-open-lightbox=\"yes\" data-elementor-lightbox-slideshow=\"4579f4a\" data-elementor-lightbox-title=\"LICENCIATURA INSTITUTO ALEMAN PUERTO MONTT 2023_0005_DSC_3926\" data-e-action-hash=\"#elementor-action%3Aaction%3Dlightbox%26settings%3DeyJpZCI6Mjc2NjIsInVybCI6Imh0dHBzOlwvXC9pYWxlbWFuLmNsXC93cC1jb250ZW50XC91cGxvYWRzXC8yMDIzXC8xMlwvTElDRU5DSUFUVVJBLUlOU1RJVFVUTy1BTEVNQU4tUFVFUlRPLU1PTlRULTIwMjNfMDAwNV9EU0NfMzkyNi5qcGciLCJzbGlkZXNob3ciOiI0NTc5ZjRhIn0%3D\" href='https:\/\/ialeman.cl\/wp-content\/uploads\/2023\/12\/LICENCIATURA-INSTITUTO-ALEMAN-PUERTO-MONTT-2023_0005_DSC_3926.jpg'><img loading=\"lazy\" decoding=\"async\" width=\"1200\" height=\"801\" src=\"https:\/\/ialeman.cl\/wp-content\/uploads\/2023\/12\/LICENCIATURA-INSTITUTO-ALEMAN-PUERTO-MONTT-2023_0005_DSC_3926.jpg\" class=\"attachment-full size-full\" alt=\"\" srcset=\"https:\/\/ialeman.cl\/wp-content\/uploads\/2023\/12\/LICENCIATURA-INSTITUTO-ALEMAN-PUERTO-MONTT-2023_0005_DSC_3926.jpg 1200w, https:\/\/ialeman.cl\/wp-content\/uploads\/2023\/12\/LICENCIATURA-INSTITUTO-ALEMAN-PUERTO-MONTT-2023_0005_DSC_3926-300x200.jpg 300w, https:\/\/ialeman.cl\/wp-content\/uploads\/2023\/12\/LICENCIATURA-INSTITUTO-ALEMAN-PUERTO-MONTT-2023_0005_DSC_3926-1024x684.jpg 1024w, https:\/\/ialeman.cl\/wp-content\/uploads\/2023\/12\/LICENCIATURA-INSTITUTO-ALEMAN-PUERTO-MONTT-2023_0005_DSC_3926-768x513.jpg 768w\" sizes=\"(max-width: 1200px) 100vw, 1200px\" \/><\/a>\n\t\t\t<\/div><\/figure><figure class='gallery-item'>\n\t\t\t<div class='gallery-icon landscape'>\n\t\t\t\t<a data-elementor-open-lightbox=\"yes\" data-elementor-lightbox-slideshow=\"4579f4a\" data-elementor-lightbox-title=\"LICENCIATURA INSTITUTO ALEMAN PUERTO MONTT 2023_0030_DSC_3917\" data-e-action-hash=\"#elementor-action%3Aaction%3Dlightbox%26settings%3DeyJpZCI6Mjc2ODcsInVybCI6Imh0dHBzOlwvXC9pYWxlbWFuLmNsXC93cC1jb250ZW50XC91cGxvYWRzXC8yMDIzXC8xMlwvTElDRU5DSUFUVVJBLUlOU1RJVFVUTy1BTEVNQU4tUFVFUlRPLU1PTlRULTIwMjNfMDAzMF9EU0NfMzkxNy5qcGciLCJzbGlkZXNob3ciOiI0NTc5ZjRhIn0%3D\" href='https:\/\/ialeman.cl\/wp-content\/uploads\/2023\/12\/LICENCIATURA-INSTITUTO-ALEMAN-PUERTO-MONTT-2023_0030_DSC_3917.jpg'><img loading=\"lazy\" decoding=\"async\" width=\"1200\" height=\"801\" src=\"https:\/\/ialeman.cl\/wp-content\/uploads\/2023\/12\/LICENCIATURA-INSTITUTO-ALEMAN-PUERTO-MONTT-2023_0030_DSC_3917.jpg\" class=\"attachment-full size-full\" alt=\"\" srcset=\"https:\/\/ialeman.cl\/wp-content\/uploads\/2023\/12\/LICENCIATURA-INSTITUTO-ALEMAN-PUERTO-MONTT-2023_0030_DSC_3917.jpg 1200w, https:\/\/ialeman.cl\/wp-content\/uploads\/2023\/12\/LICENCIATURA-INSTITUTO-ALEMAN-PUERTO-MONTT-2023_0030_DSC_3917-300x200.jpg 300w, https:\/\/ialeman.cl\/wp-content\/uploads\/2023\/12\/LICENCIATURA-INSTITUTO-ALEMAN-PUERTO-MONTT-2023_0030_DSC_3917-1024x684.jpg 1024w, https:\/\/ialeman.cl\/wp-content\/uploads\/2023\/12\/LICENCIATURA-INSTITUTO-ALEMAN-PUERTO-MONTT-2023_0030_DSC_3917-768x513.jpg 768w\" sizes=\"(max-width: 1200px) 100vw, 1200px\" \/><\/a>\n\t\t\t<\/div><\/figure><figure class='gallery-item'>\n\t\t\t<div class='gallery-icon landscape'>\n\t\t\t\t<a data-elementor-open-lightbox=\"yes\" data-elementor-lightbox-slideshow=\"4579f4a\" data-elementor-lightbox-title=\"LICENCIATURA INSTITUTO ALEMAN PUERTO MONTT 2023_0004_DSC_3633\" data-e-action-hash=\"#elementor-action%3Aaction%3Dlightbox%26settings%3DeyJpZCI6Mjc2NjEsInVybCI6Imh0dHBzOlwvXC9pYWxlbWFuLmNsXC93cC1jb250ZW50XC91cGxvYWRzXC8yMDIzXC8xMlwvTElDRU5DSUFUVVJBLUlOU1RJVFVUTy1BTEVNQU4tUFVFUlRPLU1PTlRULTIwMjNfMDAwNF9EU0NfMzYzMy5qcGciLCJzbGlkZXNob3ciOiI0NTc5ZjRhIn0%3D\" href='https:\/\/ialeman.cl\/wp-content\/uploads\/2023\/12\/LICENCIATURA-INSTITUTO-ALEMAN-PUERTO-MONTT-2023_0004_DSC_3633.jpg'><img loading=\"lazy\" decoding=\"async\" width=\"1200\" height=\"801\" src=\"https:\/\/ialeman.cl\/wp-content\/uploads\/2023\/12\/LICENCIATURA-INSTITUTO-ALEMAN-PUERTO-MONTT-2023_0004_DSC_3633.jpg\" class=\"attachment-full size-full\" alt=\"\" srcset=\"https:\/\/ialeman.cl\/wp-content\/uploads\/2023\/12\/LICENCIATURA-INSTITUTO-ALEMAN-PUERTO-MONTT-2023_0004_DSC_3633.jpg 1200w, https:\/\/ialeman.cl\/wp-content\/uploads\/2023\/12\/LICENCIATURA-INSTITUTO-ALEMAN-PUERTO-MONTT-2023_0004_DSC_3633-300x200.jpg 300w, https:\/\/ialeman.cl\/wp-content\/uploads\/2023\/12\/LICENCIATURA-INSTITUTO-ALEMAN-PUERTO-MONTT-2023_0004_DSC_3633-1024x684.jpg 1024w, https:\/\/ialeman.cl\/wp-content\/uploads\/2023\/12\/LICENCIATURA-INSTITUTO-ALEMAN-PUERTO-MONTT-2023_0004_DSC_3633-768x513.jpg 768w\" sizes=\"(max-width: 1200px) 100vw, 1200px\" \/><\/a>\n\t\t\t<\/div><\/figure><figure class='gallery-item'>\n\t\t\t<div class='gallery-icon landscape'>\n\t\t\t\t<a data-elementor-open-lightbox=\"yes\" data-elementor-lightbox-slideshow=\"4579f4a\" data-elementor-lightbox-title=\"LICENCIATURA INSTITUTO ALEMAN PUERTO MONTT 2023_0042_DSC_3861\" data-e-action-hash=\"#elementor-action%3Aaction%3Dlightbox%26settings%3DeyJpZCI6Mjc3MDAsInVybCI6Imh0dHBzOlwvXC9pYWxlbWFuLmNsXC93cC1jb250ZW50XC91cGxvYWRzXC8yMDIzXC8xMlwvTElDRU5DSUFUVVJBLUlOU1RJVFVUTy1BTEVNQU4tUFVFUlRPLU1PTlRULTIwMjNfMDA0Ml9EU0NfMzg2MS5qcGciLCJzbGlkZXNob3ciOiI0NTc5ZjRhIn0%3D\" href='https:\/\/ialeman.cl\/wp-content\/uploads\/2023\/12\/LICENCIATURA-INSTITUTO-ALEMAN-PUERTO-MONTT-2023_0042_DSC_3861.jpg'><img loading=\"lazy\" decoding=\"async\" width=\"1200\" height=\"801\" src=\"https:\/\/ialeman.cl\/wp-content\/uploads\/2023\/12\/LICENCIATURA-INSTITUTO-ALEMAN-PUERTO-MONTT-2023_0042_DSC_3861.jpg\" class=\"attachment-full size-full\" alt=\"\" srcset=\"https:\/\/ialeman.cl\/wp-content\/uploads\/2023\/12\/LICENCIATURA-INSTITUTO-ALEMAN-PUERTO-MONTT-2023_0042_DSC_3861.jpg 1200w, https:\/\/ialeman.cl\/wp-content\/uploads\/2023\/12\/LICENCIATURA-INSTITUTO-ALEMAN-PUERTO-MONTT-2023_0042_DSC_3861-300x200.jpg 300w, https:\/\/ialeman.cl\/wp-content\/uploads\/2023\/12\/LICENCIATURA-INSTITUTO-ALEMAN-PUERTO-MONTT-2023_0042_DSC_3861-1024x684.jpg 1024w, https:\/\/ialeman.cl\/wp-content\/uploads\/2023\/12\/LICENCIATURA-INSTITUTO-ALEMAN-PUERTO-MONTT-2023_0042_DSC_3861-768x513.jpg 768w\" sizes=\"(max-width: 1200px) 100vw, 1200px\" \/><\/a>\n\t\t\t<\/div><\/figure><figure class='gallery-item'>\n\t\t\t<div class='gallery-icon landscape'>\n\t\t\t\t<a data-elementor-open-lightbox=\"yes\" data-elementor-lightbox-slideshow=\"4579f4a\" data-elementor-lightbox-title=\"LICENCIATURA INSTITUTO ALEMAN PUERTO MONTT 2023_0021_DSC_3997\" data-e-action-hash=\"#elementor-action%3Aaction%3Dlightbox%26settings%3DeyJpZCI6Mjc2NzgsInVybCI6Imh0dHBzOlwvXC9pYWxlbWFuLmNsXC93cC1jb250ZW50XC91cGxvYWRzXC8yMDIzXC8xMlwvTElDRU5DSUFUVVJBLUlOU1RJVFVUTy1BTEVNQU4tUFVFUlRPLU1PTlRULTIwMjNfMDAyMV9EU0NfMzk5Ny5qcGciLCJzbGlkZXNob3ciOiI0NTc5ZjRhIn0%3D\" href='https:\/\/ialeman.cl\/wp-content\/uploads\/2023\/12\/LICENCIATURA-INSTITUTO-ALEMAN-PUERTO-MONTT-2023_0021_DSC_3997.jpg'><img loading=\"lazy\" decoding=\"async\" width=\"1200\" height=\"801\" src=\"https:\/\/ialeman.cl\/wp-content\/uploads\/2023\/12\/LICENCIATURA-INSTITUTO-ALEMAN-PUERTO-MONTT-2023_0021_DSC_3997.jpg\" class=\"attachment-full size-full\" alt=\"\" srcset=\"https:\/\/ialeman.cl\/wp-content\/uploads\/2023\/12\/LICENCIATURA-INSTITUTO-ALEMAN-PUERTO-MONTT-2023_0021_DSC_3997.jpg 1200w, https:\/\/ialeman.cl\/wp-content\/uploads\/2023\/12\/LICENCIATURA-INSTITUTO-ALEMAN-PUERTO-MONTT-2023_0021_DSC_3997-300x200.jpg 300w, https:\/\/ialeman.cl\/wp-content\/uploads\/2023\/12\/LICENCIATURA-INSTITUTO-ALEMAN-PUERTO-MONTT-2023_0021_DSC_3997-1024x684.jpg 1024w, https:\/\/ialeman.cl\/wp-content\/uploads\/2023\/12\/LICENCIATURA-INSTITUTO-ALEMAN-PUERTO-MONTT-2023_0021_DSC_3997-768x513.jpg 768w\" sizes=\"(max-width: 1200px) 100vw, 1200px\" \/><\/a>\n\t\t\t<\/div><\/figure><figure class='gallery-item'>\n\t\t\t<div class='gallery-icon landscape'>\n\t\t\t\t<a data-elementor-open-lightbox=\"yes\" data-elementor-lightbox-slideshow=\"4579f4a\" data-elementor-lightbox-title=\"LICENCIATURA INSTITUTO ALEMAN PUERTO MONTT 2023_0025_DSC_3935\" data-e-action-hash=\"#elementor-action%3Aaction%3Dlightbox%26settings%3DeyJpZCI6Mjc2ODIsInVybCI6Imh0dHBzOlwvXC9pYWxlbWFuLmNsXC93cC1jb250ZW50XC91cGxvYWRzXC8yMDIzXC8xMlwvTElDRU5DSUFUVVJBLUlOU1RJVFVUTy1BTEVNQU4tUFVFUlRPLU1PTlRULTIwMjNfMDAyNV9EU0NfMzkzNS5qcGciLCJzbGlkZXNob3ciOiI0NTc5ZjRhIn0%3D\" href='https:\/\/ialeman.cl\/wp-content\/uploads\/2023\/12\/LICENCIATURA-INSTITUTO-ALEMAN-PUERTO-MONTT-2023_0025_DSC_3935.jpg'><img loading=\"lazy\" decoding=\"async\" width=\"1200\" height=\"801\" src=\"https:\/\/ialeman.cl\/wp-content\/uploads\/2023\/12\/LICENCIATURA-INSTITUTO-ALEMAN-PUERTO-MONTT-2023_0025_DSC_3935.jpg\" class=\"attachment-full size-full\" alt=\"\" srcset=\"https:\/\/ialeman.cl\/wp-content\/uploads\/2023\/12\/LICENCIATURA-INSTITUTO-ALEMAN-PUERTO-MONTT-2023_0025_DSC_3935.jpg 1200w, https:\/\/ialeman.cl\/wp-content\/uploads\/2023\/12\/LICENCIATURA-INSTITUTO-ALEMAN-PUERTO-MONTT-2023_0025_DSC_3935-300x200.jpg 300w, https:\/\/ialeman.cl\/wp-content\/uploads\/2023\/12\/LICENCIATURA-INSTITUTO-ALEMAN-PUERTO-MONTT-2023_0025_DSC_3935-1024x684.jpg 1024w, https:\/\/ialeman.cl\/wp-content\/uploads\/2023\/12\/LICENCIATURA-INSTITUTO-ALEMAN-PUERTO-MONTT-2023_0025_DSC_3935-768x513.jpg 768w\" sizes=\"(max-width: 1200px) 100vw, 1200px\" \/><\/a>\n\t\t\t<\/div><\/figure><figure class='gallery-item'>\n\t\t\t<div class='gallery-icon landscape'>\n\t\t\t\t<a data-elementor-open-lightbox=\"yes\" data-elementor-lightbox-slideshow=\"4579f4a\" data-elementor-lightbox-title=\"LICENCIATURA INSTITUTO ALEMAN PUERTO MONTT 2023_0006_DSC_3987\" data-e-action-hash=\"#elementor-action%3Aaction%3Dlightbox%26settings%3DeyJpZCI6Mjc2NjMsInVybCI6Imh0dHBzOlwvXC9pYWxlbWFuLmNsXC93cC1jb250ZW50XC91cGxvYWRzXC8yMDIzXC8xMlwvTElDRU5DSUFUVVJBLUlOU1RJVFVUTy1BTEVNQU4tUFVFUlRPLU1PTlRULTIwMjNfMDAwNl9EU0NfMzk4Ny5qcGciLCJzbGlkZXNob3ciOiI0NTc5ZjRhIn0%3D\" href='https:\/\/ialeman.cl\/wp-content\/uploads\/2023\/12\/LICENCIATURA-INSTITUTO-ALEMAN-PUERTO-MONTT-2023_0006_DSC_3987.jpg'><img loading=\"lazy\" decoding=\"async\" width=\"1200\" height=\"801\" src=\"https:\/\/ialeman.cl\/wp-content\/uploads\/2023\/12\/LICENCIATURA-INSTITUTO-ALEMAN-PUERTO-MONTT-2023_0006_DSC_3987.jpg\" class=\"attachment-full size-full\" alt=\"\" srcset=\"https:\/\/ialeman.cl\/wp-content\/uploads\/2023\/12\/LICENCIATURA-INSTITUTO-ALEMAN-PUERTO-MONTT-2023_0006_DSC_3987.jpg 1200w, https:\/\/ialeman.cl\/wp-content\/uploads\/2023\/12\/LICENCIATURA-INSTITUTO-ALEMAN-PUERTO-MONTT-2023_0006_DSC_3987-300x200.jpg 300w, https:\/\/ialeman.cl\/wp-content\/uploads\/2023\/12\/LICENCIATURA-INSTITUTO-ALEMAN-PUERTO-MONTT-2023_0006_DSC_3987-1024x684.jpg 1024w, https:\/\/ialeman.cl\/wp-content\/uploads\/2023\/12\/LICENCIATURA-INSTITUTO-ALEMAN-PUERTO-MONTT-2023_0006_DSC_3987-768x513.jpg 768w\" sizes=\"(max-width: 1200px) 100vw, 1200px\" \/><\/a>\n\t\t\t<\/div><\/figure><figure class='gallery-item'>\n\t\t\t<div class='gallery-icon landscape'>\n\t\t\t\t<a data-elementor-open-lightbox=\"yes\" data-elementor-lightbox-slideshow=\"4579f4a\" data-elementor-lightbox-title=\"LICENCIATURA INSTITUTO ALEMAN PUERTO MONTT 2023_0081_DSC_3682\" data-e-action-hash=\"#elementor-action%3Aaction%3Dlightbox%26settings%3DeyJpZCI6Mjc3MzksInVybCI6Imh0dHBzOlwvXC9pYWxlbWFuLmNsXC93cC1jb250ZW50XC91cGxvYWRzXC8yMDIzXC8xMlwvTElDRU5DSUFUVVJBLUlOU1RJVFVUTy1BTEVNQU4tUFVFUlRPLU1PTlRULTIwMjNfMDA4MV9EU0NfMzY4Mi5qcGciLCJzbGlkZXNob3ciOiI0NTc5ZjRhIn0%3D\" href='https:\/\/ialeman.cl\/wp-content\/uploads\/2023\/12\/LICENCIATURA-INSTITUTO-ALEMAN-PUERTO-MONTT-2023_0081_DSC_3682.jpg'><img loading=\"lazy\" decoding=\"async\" width=\"1200\" height=\"801\" src=\"https:\/\/ialeman.cl\/wp-content\/uploads\/2023\/12\/LICENCIATURA-INSTITUTO-ALEMAN-PUERTO-MONTT-2023_0081_DSC_3682.jpg\" class=\"attachment-full size-full\" alt=\"\" srcset=\"https:\/\/ialeman.cl\/wp-content\/uploads\/2023\/12\/LICENCIATURA-INSTITUTO-ALEMAN-PUERTO-MONTT-2023_0081_DSC_3682.jpg 1200w, https:\/\/ialeman.cl\/wp-content\/uploads\/2023\/12\/LICENCIATURA-INSTITUTO-ALEMAN-PUERTO-MONTT-2023_0081_DSC_3682-300x200.jpg 300w, https:\/\/ialeman.cl\/wp-content\/uploads\/2023\/12\/LICENCIATURA-INSTITUTO-ALEMAN-PUERTO-MONTT-2023_0081_DSC_3682-1024x684.jpg 1024w, https:\/\/ialeman.cl\/wp-content\/uploads\/2023\/12\/LICENCIATURA-INSTITUTO-ALEMAN-PUERTO-MONTT-2023_0081_DSC_3682-768x513.jpg 768w\" sizes=\"(max-width: 1200px) 100vw, 1200px\" \/><\/a>\n\t\t\t<\/div><\/figure><figure class='gallery-item'>\n\t\t\t<div class='gallery-icon landscape'>\n\t\t\t\t<a data-elementor-open-lightbox=\"yes\" data-elementor-lightbox-slideshow=\"4579f4a\" data-elementor-lightbox-title=\"LICENCIATURA INSTITUTO ALEMAN PUERTO MONTT 2023_0007_DSC_3673\" data-e-action-hash=\"#elementor-action%3Aaction%3Dlightbox%26settings%3DeyJpZCI6Mjc2NjQsInVybCI6Imh0dHBzOlwvXC9pYWxlbWFuLmNsXC93cC1jb250ZW50XC91cGxvYWRzXC8yMDIzXC8xMlwvTElDRU5DSUFUVVJBLUlOU1RJVFVUTy1BTEVNQU4tUFVFUlRPLU1PTlRULTIwMjNfMDAwN19EU0NfMzY3My5qcGciLCJzbGlkZXNob3ciOiI0NTc5ZjRhIn0%3D\" href='https:\/\/ialeman.cl\/wp-content\/uploads\/2023\/12\/LICENCIATURA-INSTITUTO-ALEMAN-PUERTO-MONTT-2023_0007_DSC_3673.jpg'><img loading=\"lazy\" decoding=\"async\" width=\"1200\" height=\"801\" src=\"https:\/\/ialeman.cl\/wp-content\/uploads\/2023\/12\/LICENCIATURA-INSTITUTO-ALEMAN-PUERTO-MONTT-2023_0007_DSC_3673.jpg\" class=\"attachment-full size-full\" alt=\"\" srcset=\"https:\/\/ialeman.cl\/wp-content\/uploads\/2023\/12\/LICENCIATURA-INSTITUTO-ALEMAN-PUERTO-MONTT-2023_0007_DSC_3673.jpg 1200w, https:\/\/ialeman.cl\/wp-content\/uploads\/2023\/12\/LICENCIATURA-INSTITUTO-ALEMAN-PUERTO-MONTT-2023_0007_DSC_3673-300x200.jpg 300w, https:\/\/ialeman.cl\/wp-content\/uploads\/2023\/12\/LICENCIATURA-INSTITUTO-ALEMAN-PUERTO-MONTT-2023_0007_DSC_3673-1024x684.jpg 1024w, https:\/\/ialeman.cl\/wp-content\/uploads\/2023\/12\/LICENCIATURA-INSTITUTO-ALEMAN-PUERTO-MONTT-2023_0007_DSC_3673-768x513.jpg 768w\" sizes=\"(max-width: 1200px) 100vw, 1200px\" \/><\/a>\n\t\t\t<\/div><\/figure><figure class='gallery-item'>\n\t\t\t<div class='gallery-icon landscape'>\n\t\t\t\t<a data-elementor-open-lightbox=\"yes\" data-elementor-lightbox-slideshow=\"4579f4a\" data-elementor-lightbox-title=\"LICENCIATURA INSTITUTO ALEMAN PUERTO MONTT 2023_0085_DSC_3654\" data-e-action-hash=\"#elementor-action%3Aaction%3Dlightbox%26settings%3DeyJpZCI6Mjc3NDMsInVybCI6Imh0dHBzOlwvXC9pYWxlbWFuLmNsXC93cC1jb250ZW50XC91cGxvYWRzXC8yMDIzXC8xMlwvTElDRU5DSUFUVVJBLUlOU1RJVFVUTy1BTEVNQU4tUFVFUlRPLU1PTlRULTIwMjNfMDA4NV9EU0NfMzY1NC5qcGciLCJzbGlkZXNob3ciOiI0NTc5ZjRhIn0%3D\" href='https:\/\/ialeman.cl\/wp-content\/uploads\/2023\/12\/LICENCIATURA-INSTITUTO-ALEMAN-PUERTO-MONTT-2023_0085_DSC_3654.jpg'><img loading=\"lazy\" decoding=\"async\" width=\"1200\" height=\"801\" src=\"https:\/\/ialeman.cl\/wp-content\/uploads\/2023\/12\/LICENCIATURA-INSTITUTO-ALEMAN-PUERTO-MONTT-2023_0085_DSC_3654.jpg\" class=\"attachment-full size-full\" alt=\"\" srcset=\"https:\/\/ialeman.cl\/wp-content\/uploads\/2023\/12\/LICENCIATURA-INSTITUTO-ALEMAN-PUERTO-MONTT-2023_0085_DSC_3654.jpg 1200w, https:\/\/ialeman.cl\/wp-content\/uploads\/2023\/12\/LICENCIATURA-INSTITUTO-ALEMAN-PUERTO-MONTT-2023_0085_DSC_3654-300x200.jpg 300w, https:\/\/ialeman.cl\/wp-content\/uploads\/2023\/12\/LICENCIATURA-INSTITUTO-ALEMAN-PUERTO-MONTT-2023_0085_DSC_3654-1024x684.jpg 1024w, https:\/\/ialeman.cl\/wp-content\/uploads\/2023\/12\/LICENCIATURA-INSTITUTO-ALEMAN-PUERTO-MONTT-2023_0085_DSC_3654-768x513.jpg 768w\" sizes=\"(max-width: 1200px) 100vw, 1200px\" \/><\/a>\n\t\t\t<\/div><\/figure><figure class='gallery-item'>\n\t\t\t<div class='gallery-icon landscape'>\n\t\t\t\t<a data-elementor-open-lightbox=\"yes\" data-elementor-lightbox-slideshow=\"4579f4a\" data-elementor-lightbox-title=\"LICENCIATURA INSTITUTO ALEMAN PUERTO MONTT 2023_0018_DSC_4023\" data-e-action-hash=\"#elementor-action%3Aaction%3Dlightbox%26settings%3DeyJpZCI6Mjc2NzUsInVybCI6Imh0dHBzOlwvXC9pYWxlbWFuLmNsXC93cC1jb250ZW50XC91cGxvYWRzXC8yMDIzXC8xMlwvTElDRU5DSUFUVVJBLUlOU1RJVFVUTy1BTEVNQU4tUFVFUlRPLU1PTlRULTIwMjNfMDAxOF9EU0NfNDAyMy5qcGciLCJzbGlkZXNob3ciOiI0NTc5ZjRhIn0%3D\" href='https:\/\/ialeman.cl\/wp-content\/uploads\/2023\/12\/LICENCIATURA-INSTITUTO-ALEMAN-PUERTO-MONTT-2023_0018_DSC_4023.jpg'><img loading=\"lazy\" decoding=\"async\" width=\"1200\" height=\"801\" src=\"https:\/\/ialeman.cl\/wp-content\/uploads\/2023\/12\/LICENCIATURA-INSTITUTO-ALEMAN-PUERTO-MONTT-2023_0018_DSC_4023.jpg\" class=\"attachment-full size-full\" alt=\"\" srcset=\"https:\/\/ialeman.cl\/wp-content\/uploads\/2023\/12\/LICENCIATURA-INSTITUTO-ALEMAN-PUERTO-MONTT-2023_0018_DSC_4023.jpg 1200w, https:\/\/ialeman.cl\/wp-content\/uploads\/2023\/12\/LICENCIATURA-INSTITUTO-ALEMAN-PUERTO-MONTT-2023_0018_DSC_4023-300x200.jpg 300w, https:\/\/ialeman.cl\/wp-content\/uploads\/2023\/12\/LICENCIATURA-INSTITUTO-ALEMAN-PUERTO-MONTT-2023_0018_DSC_4023-1024x684.jpg 1024w, https:\/\/ialeman.cl\/wp-content\/uploads\/2023\/12\/LICENCIATURA-INSTITUTO-ALEMAN-PUERTO-MONTT-2023_0018_DSC_4023-768x513.jpg 768w\" sizes=\"(max-width: 1200px) 100vw, 1200px\" \/><\/a>\n\t\t\t<\/div><\/figure><figure class='gallery-item'>\n\t\t\t<div class='gallery-icon landscape'>\n\t\t\t\t<a data-elementor-open-lightbox=\"yes\" data-elementor-lightbox-slideshow=\"4579f4a\" data-elementor-lightbox-title=\"LICENCIATURA INSTITUTO ALEMAN PUERTO MONTT 2023_0008_DSC_3632\" data-e-action-hash=\"#elementor-action%3Aaction%3Dlightbox%26settings%3DeyJpZCI6Mjc2NjUsInVybCI6Imh0dHBzOlwvXC9pYWxlbWFuLmNsXC93cC1jb250ZW50XC91cGxvYWRzXC8yMDIzXC8xMlwvTElDRU5DSUFUVVJBLUlOU1RJVFVUTy1BTEVNQU4tUFVFUlRPLU1PTlRULTIwMjNfMDAwOF9EU0NfMzYzMi5qcGciLCJzbGlkZXNob3ciOiI0NTc5ZjRhIn0%3D\" href='https:\/\/ialeman.cl\/wp-content\/uploads\/2023\/12\/LICENCIATURA-INSTITUTO-ALEMAN-PUERTO-MONTT-2023_0008_DSC_3632.jpg'><img loading=\"lazy\" decoding=\"async\" width=\"1200\" height=\"801\" src=\"https:\/\/ialeman.cl\/wp-content\/uploads\/2023\/12\/LICENCIATURA-INSTITUTO-ALEMAN-PUERTO-MONTT-2023_0008_DSC_3632.jpg\" class=\"attachment-full size-full\" alt=\"\" srcset=\"https:\/\/ialeman.cl\/wp-content\/uploads\/2023\/12\/LICENCIATURA-INSTITUTO-ALEMAN-PUERTO-MONTT-2023_0008_DSC_3632.jpg 1200w, https:\/\/ialeman.cl\/wp-content\/uploads\/2023\/12\/LICENCIATURA-INSTITUTO-ALEMAN-PUERTO-MONTT-2023_0008_DSC_3632-300x200.jpg 300w, https:\/\/ialeman.cl\/wp-content\/uploads\/2023\/12\/LICENCIATURA-INSTITUTO-ALEMAN-PUERTO-MONTT-2023_0008_DSC_3632-1024x684.jpg 1024w, https:\/\/ialeman.cl\/wp-content\/uploads\/2023\/12\/LICENCIATURA-INSTITUTO-ALEMAN-PUERTO-MONTT-2023_0008_DSC_3632-768x513.jpg 768w\" sizes=\"(max-width: 1200px) 100vw, 1200px\" \/><\/a>\n\t\t\t<\/div><\/figure><figure class='gallery-item'>\n\t\t\t<div class='gallery-icon landscape'>\n\t\t\t\t<a data-elementor-open-lightbox=\"yes\" data-elementor-lightbox-slideshow=\"4579f4a\" data-elementor-lightbox-title=\"LICENCIATURA INSTITUTO ALEMAN PUERTO MONTT 2023_0070_DSC_3737\" data-e-action-hash=\"#elementor-action%3Aaction%3Dlightbox%26settings%3DeyJpZCI6Mjc3MjgsInVybCI6Imh0dHBzOlwvXC9pYWxlbWFuLmNsXC93cC1jb250ZW50XC91cGxvYWRzXC8yMDIzXC8xMlwvTElDRU5DSUFUVVJBLUlOU1RJVFVUTy1BTEVNQU4tUFVFUlRPLU1PTlRULTIwMjNfMDA3MF9EU0NfMzczNy5qcGciLCJzbGlkZXNob3ciOiI0NTc5ZjRhIn0%3D\" href='https:\/\/ialeman.cl\/wp-content\/uploads\/2023\/12\/LICENCIATURA-INSTITUTO-ALEMAN-PUERTO-MONTT-2023_0070_DSC_3737.jpg'><img loading=\"lazy\" decoding=\"async\" width=\"1200\" height=\"801\" src=\"https:\/\/ialeman.cl\/wp-content\/uploads\/2023\/12\/LICENCIATURA-INSTITUTO-ALEMAN-PUERTO-MONTT-2023_0070_DSC_3737.jpg\" class=\"attachment-full size-full\" alt=\"\" srcset=\"https:\/\/ialeman.cl\/wp-content\/uploads\/2023\/12\/LICENCIATURA-INSTITUTO-ALEMAN-PUERTO-MONTT-2023_0070_DSC_3737.jpg 1200w, https:\/\/ialeman.cl\/wp-content\/uploads\/2023\/12\/LICENCIATURA-INSTITUTO-ALEMAN-PUERTO-MONTT-2023_0070_DSC_3737-300x200.jpg 300w, https:\/\/ialeman.cl\/wp-content\/uploads\/2023\/12\/LICENCIATURA-INSTITUTO-ALEMAN-PUERTO-MONTT-2023_0070_DSC_3737-1024x684.jpg 1024w, https:\/\/ialeman.cl\/wp-content\/uploads\/2023\/12\/LICENCIATURA-INSTITUTO-ALEMAN-PUERTO-MONTT-2023_0070_DSC_3737-768x513.jpg 768w\" sizes=\"(max-width: 1200px) 100vw, 1200px\" \/><\/a>\n\t\t\t<\/div><\/figure><figure class='gallery-item'>\n\t\t\t<div class='gallery-icon landscape'>\n\t\t\t\t<a data-elementor-open-lightbox=\"yes\" data-elementor-lightbox-slideshow=\"4579f4a\" data-elementor-lightbox-title=\"LICENCIATURA INSTITUTO ALEMAN PUERTO MONTT 2023_0074_DSC_3719\" data-e-action-hash=\"#elementor-action%3Aaction%3Dlightbox%26settings%3DeyJpZCI6Mjc3MzIsInVybCI6Imh0dHBzOlwvXC9pYWxlbWFuLmNsXC93cC1jb250ZW50XC91cGxvYWRzXC8yMDIzXC8xMlwvTElDRU5DSUFUVVJBLUlOU1RJVFVUTy1BTEVNQU4tUFVFUlRPLU1PTlRULTIwMjNfMDA3NF9EU0NfMzcxOS5qcGciLCJzbGlkZXNob3ciOiI0NTc5ZjRhIn0%3D\" href='https:\/\/ialeman.cl\/wp-content\/uploads\/2023\/12\/LICENCIATURA-INSTITUTO-ALEMAN-PUERTO-MONTT-2023_0074_DSC_3719.jpg'><img loading=\"lazy\" decoding=\"async\" width=\"1200\" height=\"801\" src=\"https:\/\/ialeman.cl\/wp-content\/uploads\/2023\/12\/LICENCIATURA-INSTITUTO-ALEMAN-PUERTO-MONTT-2023_0074_DSC_3719.jpg\" class=\"attachment-full size-full\" alt=\"\" srcset=\"https:\/\/ialeman.cl\/wp-content\/uploads\/2023\/12\/LICENCIATURA-INSTITUTO-ALEMAN-PUERTO-MONTT-2023_0074_DSC_3719.jpg 1200w, https:\/\/ialeman.cl\/wp-content\/uploads\/2023\/12\/LICENCIATURA-INSTITUTO-ALEMAN-PUERTO-MONTT-2023_0074_DSC_3719-300x200.jpg 300w, https:\/\/ialeman.cl\/wp-content\/uploads\/2023\/12\/LICENCIATURA-INSTITUTO-ALEMAN-PUERTO-MONTT-2023_0074_DSC_3719-1024x684.jpg 1024w, https:\/\/ialeman.cl\/wp-content\/uploads\/2023\/12\/LICENCIATURA-INSTITUTO-ALEMAN-PUERTO-MONTT-2023_0074_DSC_3719-768x513.jpg 768w\" sizes=\"(max-width: 1200px) 100vw, 1200px\" \/><\/a>\n\t\t\t<\/div><\/figure><figure class='gallery-item'>\n\t\t\t<div class='gallery-icon landscape'>\n\t\t\t\t<a data-elementor-open-lightbox=\"yes\" data-elementor-lightbox-slideshow=\"4579f4a\" data-elementor-lightbox-title=\"LICENCIATURA INSTITUTO ALEMAN PUERTO MONTT 2023_0049_DSC_3842\" data-e-action-hash=\"#elementor-action%3Aaction%3Dlightbox%26settings%3DeyJpZCI6Mjc3MDcsInVybCI6Imh0dHBzOlwvXC9pYWxlbWFuLmNsXC93cC1jb250ZW50XC91cGxvYWRzXC8yMDIzXC8xMlwvTElDRU5DSUFUVVJBLUlOU1RJVFVUTy1BTEVNQU4tUFVFUlRPLU1PTlRULTIwMjNfMDA0OV9EU0NfMzg0Mi5qcGciLCJzbGlkZXNob3ciOiI0NTc5ZjRhIn0%3D\" href='https:\/\/ialeman.cl\/wp-content\/uploads\/2023\/12\/LICENCIATURA-INSTITUTO-ALEMAN-PUERTO-MONTT-2023_0049_DSC_3842.jpg'><img loading=\"lazy\" decoding=\"async\" width=\"1200\" height=\"801\" src=\"https:\/\/ialeman.cl\/wp-content\/uploads\/2023\/12\/LICENCIATURA-INSTITUTO-ALEMAN-PUERTO-MONTT-2023_0049_DSC_3842.jpg\" class=\"attachment-full size-full\" alt=\"\" srcset=\"https:\/\/ialeman.cl\/wp-content\/uploads\/2023\/12\/LICENCIATURA-INSTITUTO-ALEMAN-PUERTO-MONTT-2023_0049_DSC_3842.jpg 1200w, https:\/\/ialeman.cl\/wp-content\/uploads\/2023\/12\/LICENCIATURA-INSTITUTO-ALEMAN-PUERTO-MONTT-2023_0049_DSC_3842-300x200.jpg 300w, https:\/\/ialeman.cl\/wp-content\/uploads\/2023\/12\/LICENCIATURA-INSTITUTO-ALEMAN-PUERTO-MONTT-2023_0049_DSC_3842-1024x684.jpg 1024w, https:\/\/ialeman.cl\/wp-content\/uploads\/2023\/12\/LICENCIATURA-INSTITUTO-ALEMAN-PUERTO-MONTT-2023_0049_DSC_3842-768x513.jpg 768w\" sizes=\"(max-width: 1200px) 100vw, 1200px\" \/><\/a>\n\t\t\t<\/div><\/figure><figure class='gallery-item'>\n\t\t\t<div class='gallery-icon landscape'>\n\t\t\t\t<a data-elementor-open-lightbox=\"yes\" data-elementor-lightbox-slideshow=\"4579f4a\" data-elementor-lightbox-title=\"LICENCIATURA INSTITUTO ALEMAN PUERTO MONTT 2023_0010_DSC_3580\" data-e-action-hash=\"#elementor-action%3Aaction%3Dlightbox%26settings%3DeyJpZCI6Mjc2NjcsInVybCI6Imh0dHBzOlwvXC9pYWxlbWFuLmNsXC93cC1jb250ZW50XC91cGxvYWRzXC8yMDIzXC8xMlwvTElDRU5DSUFUVVJBLUlOU1RJVFVUTy1BTEVNQU4tUFVFUlRPLU1PTlRULTIwMjNfMDAxMF9EU0NfMzU4MC5qcGciLCJzbGlkZXNob3ciOiI0NTc5ZjRhIn0%3D\" href='https:\/\/ialeman.cl\/wp-content\/uploads\/2023\/12\/LICENCIATURA-INSTITUTO-ALEMAN-PUERTO-MONTT-2023_0010_DSC_3580.jpg'><img loading=\"lazy\" decoding=\"async\" width=\"1200\" height=\"801\" src=\"https:\/\/ialeman.cl\/wp-content\/uploads\/2023\/12\/LICENCIATURA-INSTITUTO-ALEMAN-PUERTO-MONTT-2023_0010_DSC_3580.jpg\" class=\"attachment-full size-full\" alt=\"\" srcset=\"https:\/\/ialeman.cl\/wp-content\/uploads\/2023\/12\/LICENCIATURA-INSTITUTO-ALEMAN-PUERTO-MONTT-2023_0010_DSC_3580.jpg 1200w, https:\/\/ialeman.cl\/wp-content\/uploads\/2023\/12\/LICENCIATURA-INSTITUTO-ALEMAN-PUERTO-MONTT-2023_0010_DSC_3580-300x200.jpg 300w, https:\/\/ialeman.cl\/wp-content\/uploads\/2023\/12\/LICENCIATURA-INSTITUTO-ALEMAN-PUERTO-MONTT-2023_0010_DSC_3580-1024x684.jpg 1024w, https:\/\/ialeman.cl\/wp-content\/uploads\/2023\/12\/LICENCIATURA-INSTITUTO-ALEMAN-PUERTO-MONTT-2023_0010_DSC_3580-768x513.jpg 768w\" sizes=\"(max-width: 1200px) 100vw, 1200px\" \/><\/a>\n\t\t\t<\/div><\/figure><figure class='gallery-item'>\n\t\t\t<div class='gallery-icon landscape'>\n\t\t\t\t<a data-elementor-open-lightbox=\"yes\" data-elementor-lightbox-slideshow=\"4579f4a\" data-elementor-lightbox-title=\"LICENCIATURA INSTITUTO ALEMAN PUERTO MONTT 2023_0009_DSC_3620\" data-e-action-hash=\"#elementor-action%3Aaction%3Dlightbox%26settings%3DeyJpZCI6Mjc2NjYsInVybCI6Imh0dHBzOlwvXC9pYWxlbWFuLmNsXC93cC1jb250ZW50XC91cGxvYWRzXC8yMDIzXC8xMlwvTElDRU5DSUFUVVJBLUlOU1RJVFVUTy1BTEVNQU4tUFVFUlRPLU1PTlRULTIwMjNfMDAwOV9EU0NfMzYyMC5qcGciLCJzbGlkZXNob3ciOiI0NTc5ZjRhIn0%3D\" href='https:\/\/ialeman.cl\/wp-content\/uploads\/2023\/12\/LICENCIATURA-INSTITUTO-ALEMAN-PUERTO-MONTT-2023_0009_DSC_3620.jpg'><img loading=\"lazy\" decoding=\"async\" width=\"1200\" height=\"801\" src=\"https:\/\/ialeman.cl\/wp-content\/uploads\/2023\/12\/LICENCIATURA-INSTITUTO-ALEMAN-PUERTO-MONTT-2023_0009_DSC_3620.jpg\" class=\"attachment-full size-full\" alt=\"\" srcset=\"https:\/\/ialeman.cl\/wp-content\/uploads\/2023\/12\/LICENCIATURA-INSTITUTO-ALEMAN-PUERTO-MONTT-2023_0009_DSC_3620.jpg 1200w, https:\/\/ialeman.cl\/wp-content\/uploads\/2023\/12\/LICENCIATURA-INSTITUTO-ALEMAN-PUERTO-MONTT-2023_0009_DSC_3620-300x200.jpg 300w, https:\/\/ialeman.cl\/wp-content\/uploads\/2023\/12\/LICENCIATURA-INSTITUTO-ALEMAN-PUERTO-MONTT-2023_0009_DSC_3620-1024x684.jpg 1024w, https:\/\/ialeman.cl\/wp-content\/uploads\/2023\/12\/LICENCIATURA-INSTITUTO-ALEMAN-PUERTO-MONTT-2023_0009_DSC_3620-768x513.jpg 768w\" sizes=\"(max-width: 1200px) 100vw, 1200px\" \/><\/a>\n\t\t\t<\/div><\/figure><figure class='gallery-item'>\n\t\t\t<div class='gallery-icon landscape'>\n\t\t\t\t<a data-elementor-open-lightbox=\"yes\" data-elementor-lightbox-slideshow=\"4579f4a\" data-elementor-lightbox-title=\"LICENCIATURA INSTITUTO ALEMAN PUERTO MONTT 2023_0011_DSC_4050\" data-e-action-hash=\"#elementor-action%3Aaction%3Dlightbox%26settings%3DeyJpZCI6Mjc2NjgsInVybCI6Imh0dHBzOlwvXC9pYWxlbWFuLmNsXC93cC1jb250ZW50XC91cGxvYWRzXC8yMDIzXC8xMlwvTElDRU5DSUFUVVJBLUlOU1RJVFVUTy1BTEVNQU4tUFVFUlRPLU1PTlRULTIwMjNfMDAxMV9EU0NfNDA1MC5qcGciLCJzbGlkZXNob3ciOiI0NTc5ZjRhIn0%3D\" href='https:\/\/ialeman.cl\/wp-content\/uploads\/2023\/12\/LICENCIATURA-INSTITUTO-ALEMAN-PUERTO-MONTT-2023_0011_DSC_4050.jpg'><img loading=\"lazy\" decoding=\"async\" width=\"1200\" height=\"801\" src=\"https:\/\/ialeman.cl\/wp-content\/uploads\/2023\/12\/LICENCIATURA-INSTITUTO-ALEMAN-PUERTO-MONTT-2023_0011_DSC_4050.jpg\" class=\"attachment-full size-full\" alt=\"\" srcset=\"https:\/\/ialeman.cl\/wp-content\/uploads\/2023\/12\/LICENCIATURA-INSTITUTO-ALEMAN-PUERTO-MONTT-2023_0011_DSC_4050.jpg 1200w, https:\/\/ialeman.cl\/wp-content\/uploads\/2023\/12\/LICENCIATURA-INSTITUTO-ALEMAN-PUERTO-MONTT-2023_0011_DSC_4050-300x200.jpg 300w, https:\/\/ialeman.cl\/wp-content\/uploads\/2023\/12\/LICENCIATURA-INSTITUTO-ALEMAN-PUERTO-MONTT-2023_0011_DSC_4050-1024x684.jpg 1024w, https:\/\/ialeman.cl\/wp-content\/uploads\/2023\/12\/LICENCIATURA-INSTITUTO-ALEMAN-PUERTO-MONTT-2023_0011_DSC_4050-768x513.jpg 768w\" sizes=\"(max-width: 1200px) 100vw, 1200px\" \/><\/a>\n\t\t\t<\/div><\/figure><figure class='gallery-item'>\n\t\t\t<div class='gallery-icon landscape'>\n\t\t\t\t<a data-elementor-open-lightbox=\"yes\" data-elementor-lightbox-slideshow=\"4579f4a\" data-elementor-lightbox-title=\"LICENCIATURA INSTITUTO ALEMAN PUERTO MONTT 2023_0012_DSC_3950\" data-e-action-hash=\"#elementor-action%3Aaction%3Dlightbox%26settings%3DeyJpZCI6Mjc2NjksInVybCI6Imh0dHBzOlwvXC9pYWxlbWFuLmNsXC93cC1jb250ZW50XC91cGxvYWRzXC8yMDIzXC8xMlwvTElDRU5DSUFUVVJBLUlOU1RJVFVUTy1BTEVNQU4tUFVFUlRPLU1PTlRULTIwMjNfMDAxMl9EU0NfMzk1MC5qcGciLCJzbGlkZXNob3ciOiI0NTc5ZjRhIn0%3D\" href='https:\/\/ialeman.cl\/wp-content\/uploads\/2023\/12\/LICENCIATURA-INSTITUTO-ALEMAN-PUERTO-MONTT-2023_0012_DSC_3950.jpg'><img loading=\"lazy\" decoding=\"async\" width=\"1200\" height=\"801\" src=\"https:\/\/ialeman.cl\/wp-content\/uploads\/2023\/12\/LICENCIATURA-INSTITUTO-ALEMAN-PUERTO-MONTT-2023_0012_DSC_3950.jpg\" class=\"attachment-full size-full\" alt=\"\" srcset=\"https:\/\/ialeman.cl\/wp-content\/uploads\/2023\/12\/LICENCIATURA-INSTITUTO-ALEMAN-PUERTO-MONTT-2023_0012_DSC_3950.jpg 1200w, https:\/\/ialeman.cl\/wp-content\/uploads\/2023\/12\/LICENCIATURA-INSTITUTO-ALEMAN-PUERTO-MONTT-2023_0012_DSC_3950-300x200.jpg 300w, https:\/\/ialeman.cl\/wp-content\/uploads\/2023\/12\/LICENCIATURA-INSTITUTO-ALEMAN-PUERTO-MONTT-2023_0012_DSC_3950-1024x684.jpg 1024w, https:\/\/ialeman.cl\/wp-content\/uploads\/2023\/12\/LICENCIATURA-INSTITUTO-ALEMAN-PUERTO-MONTT-2023_0012_DSC_3950-768x513.jpg 768w\" sizes=\"(max-width: 1200px) 100vw, 1200px\" \/><\/a>\n\t\t\t<\/div><\/figure><figure class='gallery-item'>\n\t\t\t<div class='gallery-icon landscape'>\n\t\t\t\t<a data-elementor-open-lightbox=\"yes\" data-elementor-lightbox-slideshow=\"4579f4a\" data-elementor-lightbox-title=\"LICENCIATURA INSTITUTO ALEMAN PUERTO MONTT 2023_0013_DSC_4043\" data-e-action-hash=\"#elementor-action%3Aaction%3Dlightbox%26settings%3DeyJpZCI6Mjc2NzAsInVybCI6Imh0dHBzOlwvXC9pYWxlbWFuLmNsXC93cC1jb250ZW50XC91cGxvYWRzXC8yMDIzXC8xMlwvTElDRU5DSUFUVVJBLUlOU1RJVFVUTy1BTEVNQU4tUFVFUlRPLU1PTlRULTIwMjNfMDAxM19EU0NfNDA0My5qcGciLCJzbGlkZXNob3ciOiI0NTc5ZjRhIn0%3D\" href='https:\/\/ialeman.cl\/wp-content\/uploads\/2023\/12\/LICENCIATURA-INSTITUTO-ALEMAN-PUERTO-MONTT-2023_0013_DSC_4043.jpg'><img loading=\"lazy\" decoding=\"async\" width=\"1200\" height=\"801\" src=\"https:\/\/ialeman.cl\/wp-content\/uploads\/2023\/12\/LICENCIATURA-INSTITUTO-ALEMAN-PUERTO-MONTT-2023_0013_DSC_4043.jpg\" class=\"attachment-full size-full\" alt=\"\" srcset=\"https:\/\/ialeman.cl\/wp-content\/uploads\/2023\/12\/LICENCIATURA-INSTITUTO-ALEMAN-PUERTO-MONTT-2023_0013_DSC_4043.jpg 1200w, https:\/\/ialeman.cl\/wp-content\/uploads\/2023\/12\/LICENCIATURA-INSTITUTO-ALEMAN-PUERTO-MONTT-2023_0013_DSC_4043-300x200.jpg 300w, https:\/\/ialeman.cl\/wp-content\/uploads\/2023\/12\/LICENCIATURA-INSTITUTO-ALEMAN-PUERTO-MONTT-2023_0013_DSC_4043-1024x684.jpg 1024w, https:\/\/ialeman.cl\/wp-content\/uploads\/2023\/12\/LICENCIATURA-INSTITUTO-ALEMAN-PUERTO-MONTT-2023_0013_DSC_4043-768x513.jpg 768w\" sizes=\"(max-width: 1200px) 100vw, 1200px\" \/><\/a>\n\t\t\t<\/div><\/figure><figure class='gallery-item'>\n\t\t\t<div class='gallery-icon landscape'>\n\t\t\t\t<a data-elementor-open-lightbox=\"yes\" data-elementor-lightbox-slideshow=\"4579f4a\" data-elementor-lightbox-title=\"LICENCIATURA INSTITUTO ALEMAN PUERTO MONTT 2023_0003_DSC_3643\" data-e-action-hash=\"#elementor-action%3Aaction%3Dlightbox%26settings%3DeyJpZCI6Mjc2NjAsInVybCI6Imh0dHBzOlwvXC9pYWxlbWFuLmNsXC93cC1jb250ZW50XC91cGxvYWRzXC8yMDIzXC8xMlwvTElDRU5DSUFUVVJBLUlOU1RJVFVUTy1BTEVNQU4tUFVFUlRPLU1PTlRULTIwMjNfMDAwM19EU0NfMzY0My5qcGciLCJzbGlkZXNob3ciOiI0NTc5ZjRhIn0%3D\" href='https:\/\/ialeman.cl\/wp-content\/uploads\/2023\/12\/LICENCIATURA-INSTITUTO-ALEMAN-PUERTO-MONTT-2023_0003_DSC_3643.jpg'><img loading=\"lazy\" decoding=\"async\" width=\"1200\" height=\"801\" src=\"https:\/\/ialeman.cl\/wp-content\/uploads\/2023\/12\/LICENCIATURA-INSTITUTO-ALEMAN-PUERTO-MONTT-2023_0003_DSC_3643.jpg\" class=\"attachment-full size-full\" alt=\"\" srcset=\"https:\/\/ialeman.cl\/wp-content\/uploads\/2023\/12\/LICENCIATURA-INSTITUTO-ALEMAN-PUERTO-MONTT-2023_0003_DSC_3643.jpg 1200w, https:\/\/ialeman.cl\/wp-content\/uploads\/2023\/12\/LICENCIATURA-INSTITUTO-ALEMAN-PUERTO-MONTT-2023_0003_DSC_3643-300x200.jpg 300w, https:\/\/ialeman.cl\/wp-content\/uploads\/2023\/12\/LICENCIATURA-INSTITUTO-ALEMAN-PUERTO-MONTT-2023_0003_DSC_3643-1024x684.jpg 1024w, https:\/\/ialeman.cl\/wp-content\/uploads\/2023\/12\/LICENCIATURA-INSTITUTO-ALEMAN-PUERTO-MONTT-2023_0003_DSC_3643-768x513.jpg 768w\" sizes=\"(max-width: 1200px) 100vw, 1200px\" \/><\/a>\n\t\t\t<\/div><\/figure><figure class='gallery-item'>\n\t\t\t<div class='gallery-icon landscape'>\n\t\t\t\t<a data-elementor-open-lightbox=\"yes\" data-elementor-lightbox-slideshow=\"4579f4a\" data-elementor-lightbox-title=\"LICENCIATURA INSTITUTO ALEMAN PUERTO MONTT 2023_0014_DSC_4036\" data-e-action-hash=\"#elementor-action%3Aaction%3Dlightbox%26settings%3DeyJpZCI6Mjc2NzEsInVybCI6Imh0dHBzOlwvXC9pYWxlbWFuLmNsXC93cC1jb250ZW50XC91cGxvYWRzXC8yMDIzXC8xMlwvTElDRU5DSUFUVVJBLUlOU1RJVFVUTy1BTEVNQU4tUFVFUlRPLU1PTlRULTIwMjNfMDAxNF9EU0NfNDAzNi5qcGciLCJzbGlkZXNob3ciOiI0NTc5ZjRhIn0%3D\" href='https:\/\/ialeman.cl\/wp-content\/uploads\/2023\/12\/LICENCIATURA-INSTITUTO-ALEMAN-PUERTO-MONTT-2023_0014_DSC_4036.jpg'><img loading=\"lazy\" decoding=\"async\" width=\"1200\" height=\"801\" src=\"https:\/\/ialeman.cl\/wp-content\/uploads\/2023\/12\/LICENCIATURA-INSTITUTO-ALEMAN-PUERTO-MONTT-2023_0014_DSC_4036.jpg\" class=\"attachment-full size-full\" alt=\"\" srcset=\"https:\/\/ialeman.cl\/wp-content\/uploads\/2023\/12\/LICENCIATURA-INSTITUTO-ALEMAN-PUERTO-MONTT-2023_0014_DSC_4036.jpg 1200w, https:\/\/ialeman.cl\/wp-content\/uploads\/2023\/12\/LICENCIATURA-INSTITUTO-ALEMAN-PUERTO-MONTT-2023_0014_DSC_4036-300x200.jpg 300w, https:\/\/ialeman.cl\/wp-content\/uploads\/2023\/12\/LICENCIATURA-INSTITUTO-ALEMAN-PUERTO-MONTT-2023_0014_DSC_4036-1024x684.jpg 1024w, https:\/\/ialeman.cl\/wp-content\/uploads\/2023\/12\/LICENCIATURA-INSTITUTO-ALEMAN-PUERTO-MONTT-2023_0014_DSC_4036-768x513.jpg 768w\" sizes=\"(max-width: 1200px) 100vw, 1200px\" \/><\/a>\n\t\t\t<\/div><\/figure><figure class='gallery-item'>\n\t\t\t<div class='gallery-icon landscape'>\n\t\t\t\t<a data-elementor-open-lightbox=\"yes\" data-elementor-lightbox-slideshow=\"4579f4a\" data-elementor-lightbox-title=\"LICENCIATURA INSTITUTO ALEMAN PUERTO MONTT 2023_0015_DSC_4035\" data-e-action-hash=\"#elementor-action%3Aaction%3Dlightbox%26settings%3DeyJpZCI6Mjc2NzIsInVybCI6Imh0dHBzOlwvXC9pYWxlbWFuLmNsXC93cC1jb250ZW50XC91cGxvYWRzXC8yMDIzXC8xMlwvTElDRU5DSUFUVVJBLUlOU1RJVFVUTy1BTEVNQU4tUFVFUlRPLU1PTlRULTIwMjNfMDAxNV9EU0NfNDAzNS5qcGciLCJzbGlkZXNob3ciOiI0NTc5ZjRhIn0%3D\" href='https:\/\/ialeman.cl\/wp-content\/uploads\/2023\/12\/LICENCIATURA-INSTITUTO-ALEMAN-PUERTO-MONTT-2023_0015_DSC_4035.jpg'><img loading=\"lazy\" decoding=\"async\" width=\"1200\" height=\"801\" src=\"https:\/\/ialeman.cl\/wp-content\/uploads\/2023\/12\/LICENCIATURA-INSTITUTO-ALEMAN-PUERTO-MONTT-2023_0015_DSC_4035.jpg\" class=\"attachment-full size-full\" alt=\"\" srcset=\"https:\/\/ialeman.cl\/wp-content\/uploads\/2023\/12\/LICENCIATURA-INSTITUTO-ALEMAN-PUERTO-MONTT-2023_0015_DSC_4035.jpg 1200w, https:\/\/ialeman.cl\/wp-content\/uploads\/2023\/12\/LICENCIATURA-INSTITUTO-ALEMAN-PUERTO-MONTT-2023_0015_DSC_4035-300x200.jpg 300w, https:\/\/ialeman.cl\/wp-content\/uploads\/2023\/12\/LICENCIATURA-INSTITUTO-ALEMAN-PUERTO-MONTT-2023_0015_DSC_4035-1024x684.jpg 1024w, https:\/\/ialeman.cl\/wp-content\/uploads\/2023\/12\/LICENCIATURA-INSTITUTO-ALEMAN-PUERTO-MONTT-2023_0015_DSC_4035-768x513.jpg 768w\" sizes=\"(max-width: 1200px) 100vw, 1200px\" \/><\/a>\n\t\t\t<\/div><\/figure><figure class='gallery-item'>\n\t\t\t<div class='gallery-icon landscape'>\n\t\t\t\t<a data-elementor-open-lightbox=\"yes\" data-elementor-lightbox-slideshow=\"4579f4a\" data-elementor-lightbox-title=\"LICENCIATURA INSTITUTO ALEMAN PUERTO MONTT 2023_0016_DSC_4028\" data-e-action-hash=\"#elementor-action%3Aaction%3Dlightbox%26settings%3DeyJpZCI6Mjc2NzMsInVybCI6Imh0dHBzOlwvXC9pYWxlbWFuLmNsXC93cC1jb250ZW50XC91cGxvYWRzXC8yMDIzXC8xMlwvTElDRU5DSUFUVVJBLUlOU1RJVFVUTy1BTEVNQU4tUFVFUlRPLU1PTlRULTIwMjNfMDAxNl9EU0NfNDAyOC5qcGciLCJzbGlkZXNob3ciOiI0NTc5ZjRhIn0%3D\" href='https:\/\/ialeman.cl\/wp-content\/uploads\/2023\/12\/LICENCIATURA-INSTITUTO-ALEMAN-PUERTO-MONTT-2023_0016_DSC_4028.jpg'><img loading=\"lazy\" decoding=\"async\" width=\"1200\" height=\"801\" src=\"https:\/\/ialeman.cl\/wp-content\/uploads\/2023\/12\/LICENCIATURA-INSTITUTO-ALEMAN-PUERTO-MONTT-2023_0016_DSC_4028.jpg\" class=\"attachment-full size-full\" alt=\"\" srcset=\"https:\/\/ialeman.cl\/wp-content\/uploads\/2023\/12\/LICENCIATURA-INSTITUTO-ALEMAN-PUERTO-MONTT-2023_0016_DSC_4028.jpg 1200w, https:\/\/ialeman.cl\/wp-content\/uploads\/2023\/12\/LICENCIATURA-INSTITUTO-ALEMAN-PUERTO-MONTT-2023_0016_DSC_4028-300x200.jpg 300w, https:\/\/ialeman.cl\/wp-content\/uploads\/2023\/12\/LICENCIATURA-INSTITUTO-ALEMAN-PUERTO-MONTT-2023_0016_DSC_4028-1024x684.jpg 1024w, https:\/\/ialeman.cl\/wp-content\/uploads\/2023\/12\/LICENCIATURA-INSTITUTO-ALEMAN-PUERTO-MONTT-2023_0016_DSC_4028-768x513.jpg 768w\" sizes=\"(max-width: 1200px) 100vw, 1200px\" \/><\/a>\n\t\t\t<\/div><\/figure><figure class='gallery-item'>\n\t\t\t<div class='gallery-icon landscape'>\n\t\t\t\t<a data-elementor-open-lightbox=\"yes\" data-elementor-lightbox-slideshow=\"4579f4a\" data-elementor-lightbox-title=\"LICENCIATURA INSTITUTO ALEMAN PUERTO MONTT 2023_0017_DSC_4024\" data-e-action-hash=\"#elementor-action%3Aaction%3Dlightbox%26settings%3DeyJpZCI6Mjc2NzQsInVybCI6Imh0dHBzOlwvXC9pYWxlbWFuLmNsXC93cC1jb250ZW50XC91cGxvYWRzXC8yMDIzXC8xMlwvTElDRU5DSUFUVVJBLUlOU1RJVFVUTy1BTEVNQU4tUFVFUlRPLU1PTlRULTIwMjNfMDAxN19EU0NfNDAyNC5qcGciLCJzbGlkZXNob3ciOiI0NTc5ZjRhIn0%3D\" href='https:\/\/ialeman.cl\/wp-content\/uploads\/2023\/12\/LICENCIATURA-INSTITUTO-ALEMAN-PUERTO-MONTT-2023_0017_DSC_4024.jpg'><img loading=\"lazy\" decoding=\"async\" width=\"1200\" height=\"801\" src=\"https:\/\/ialeman.cl\/wp-content\/uploads\/2023\/12\/LICENCIATURA-INSTITUTO-ALEMAN-PUERTO-MONTT-2023_0017_DSC_4024.jpg\" class=\"attachment-full size-full\" alt=\"\" srcset=\"https:\/\/ialeman.cl\/wp-content\/uploads\/2023\/12\/LICENCIATURA-INSTITUTO-ALEMAN-PUERTO-MONTT-2023_0017_DSC_4024.jpg 1200w, https:\/\/ialeman.cl\/wp-content\/uploads\/2023\/12\/LICENCIATURA-INSTITUTO-ALEMAN-PUERTO-MONTT-2023_0017_DSC_4024-300x200.jpg 300w, https:\/\/ialeman.cl\/wp-content\/uploads\/2023\/12\/LICENCIATURA-INSTITUTO-ALEMAN-PUERTO-MONTT-2023_0017_DSC_4024-1024x684.jpg 1024w, https:\/\/ialeman.cl\/wp-content\/uploads\/2023\/12\/LICENCIATURA-INSTITUTO-ALEMAN-PUERTO-MONTT-2023_0017_DSC_4024-768x513.jpg 768w\" sizes=\"(max-width: 1200px) 100vw, 1200px\" \/><\/a>\n\t\t\t<\/div><\/figure><figure class='gallery-item'>\n\t\t\t<div class='gallery-icon landscape'>\n\t\t\t\t<a data-elementor-open-lightbox=\"yes\" data-elementor-lightbox-slideshow=\"4579f4a\" data-elementor-lightbox-title=\"LICENCIATURA INSTITUTO ALEMAN PUERTO MONTT 2023_0019_DSC_4006\" data-e-action-hash=\"#elementor-action%3Aaction%3Dlightbox%26settings%3DeyJpZCI6Mjc2NzYsInVybCI6Imh0dHBzOlwvXC9pYWxlbWFuLmNsXC93cC1jb250ZW50XC91cGxvYWRzXC8yMDIzXC8xMlwvTElDRU5DSUFUVVJBLUlOU1RJVFVUTy1BTEVNQU4tUFVFUlRPLU1PTlRULTIwMjNfMDAxOV9EU0NfNDAwNi5qcGciLCJzbGlkZXNob3ciOiI0NTc5ZjRhIn0%3D\" href='https:\/\/ialeman.cl\/wp-content\/uploads\/2023\/12\/LICENCIATURA-INSTITUTO-ALEMAN-PUERTO-MONTT-2023_0019_DSC_4006.jpg'><img loading=\"lazy\" decoding=\"async\" width=\"1200\" height=\"801\" src=\"https:\/\/ialeman.cl\/wp-content\/uploads\/2023\/12\/LICENCIATURA-INSTITUTO-ALEMAN-PUERTO-MONTT-2023_0019_DSC_4006.jpg\" class=\"attachment-full size-full\" alt=\"\" srcset=\"https:\/\/ialeman.cl\/wp-content\/uploads\/2023\/12\/LICENCIATURA-INSTITUTO-ALEMAN-PUERTO-MONTT-2023_0019_DSC_4006.jpg 1200w, https:\/\/ialeman.cl\/wp-content\/uploads\/2023\/12\/LICENCIATURA-INSTITUTO-ALEMAN-PUERTO-MONTT-2023_0019_DSC_4006-300x200.jpg 300w, https:\/\/ialeman.cl\/wp-content\/uploads\/2023\/12\/LICENCIATURA-INSTITUTO-ALEMAN-PUERTO-MONTT-2023_0019_DSC_4006-1024x684.jpg 1024w, https:\/\/ialeman.cl\/wp-content\/uploads\/2023\/12\/LICENCIATURA-INSTITUTO-ALEMAN-PUERTO-MONTT-2023_0019_DSC_4006-768x513.jpg 768w\" sizes=\"(max-width: 1200px) 100vw, 1200px\" \/><\/a>\n\t\t\t<\/div><\/figure><figure class='gallery-item'>\n\t\t\t<div class='gallery-icon landscape'>\n\t\t\t\t<a data-elementor-open-lightbox=\"yes\" data-elementor-lightbox-slideshow=\"4579f4a\" data-elementor-lightbox-title=\"LICENCIATURA INSTITUTO ALEMAN PUERTO MONTT 2023_0022_DSC_3967\" data-e-action-hash=\"#elementor-action%3Aaction%3Dlightbox%26settings%3DeyJpZCI6Mjc2NzksInVybCI6Imh0dHBzOlwvXC9pYWxlbWFuLmNsXC93cC1jb250ZW50XC91cGxvYWRzXC8yMDIzXC8xMlwvTElDRU5DSUFUVVJBLUlOU1RJVFVUTy1BTEVNQU4tUFVFUlRPLU1PTlRULTIwMjNfMDAyMl9EU0NfMzk2Ny5qcGciLCJzbGlkZXNob3ciOiI0NTc5ZjRhIn0%3D\" href='https:\/\/ialeman.cl\/wp-content\/uploads\/2023\/12\/LICENCIATURA-INSTITUTO-ALEMAN-PUERTO-MONTT-2023_0022_DSC_3967.jpg'><img loading=\"lazy\" decoding=\"async\" width=\"1200\" height=\"801\" src=\"https:\/\/ialeman.cl\/wp-content\/uploads\/2023\/12\/LICENCIATURA-INSTITUTO-ALEMAN-PUERTO-MONTT-2023_0022_DSC_3967.jpg\" class=\"attachment-full size-full\" alt=\"\" srcset=\"https:\/\/ialeman.cl\/wp-content\/uploads\/2023\/12\/LICENCIATURA-INSTITUTO-ALEMAN-PUERTO-MONTT-2023_0022_DSC_3967.jpg 1200w, https:\/\/ialeman.cl\/wp-content\/uploads\/2023\/12\/LICENCIATURA-INSTITUTO-ALEMAN-PUERTO-MONTT-2023_0022_DSC_3967-300x200.jpg 300w, https:\/\/ialeman.cl\/wp-content\/uploads\/2023\/12\/LICENCIATURA-INSTITUTO-ALEMAN-PUERTO-MONTT-2023_0022_DSC_3967-1024x684.jpg 1024w, https:\/\/ialeman.cl\/wp-content\/uploads\/2023\/12\/LICENCIATURA-INSTITUTO-ALEMAN-PUERTO-MONTT-2023_0022_DSC_3967-768x513.jpg 768w\" sizes=\"(max-width: 1200px) 100vw, 1200px\" \/><\/a>\n\t\t\t<\/div><\/figure><figure class='gallery-item'>\n\t\t\t<div class='gallery-icon landscape'>\n\t\t\t\t<a data-elementor-open-lightbox=\"yes\" data-elementor-lightbox-slideshow=\"4579f4a\" data-elementor-lightbox-title=\"LICENCIATURA INSTITUTO ALEMAN PUERTO MONTT 2023_0023_DSC_3959\" data-e-action-hash=\"#elementor-action%3Aaction%3Dlightbox%26settings%3DeyJpZCI6Mjc2ODAsInVybCI6Imh0dHBzOlwvXC9pYWxlbWFuLmNsXC93cC1jb250ZW50XC91cGxvYWRzXC8yMDIzXC8xMlwvTElDRU5DSUFUVVJBLUlOU1RJVFVUTy1BTEVNQU4tUFVFUlRPLU1PTlRULTIwMjNfMDAyM19EU0NfMzk1OS5qcGciLCJzbGlkZXNob3ciOiI0NTc5ZjRhIn0%3D\" href='https:\/\/ialeman.cl\/wp-content\/uploads\/2023\/12\/LICENCIATURA-INSTITUTO-ALEMAN-PUERTO-MONTT-2023_0023_DSC_3959.jpg'><img loading=\"lazy\" decoding=\"async\" width=\"1200\" height=\"801\" src=\"https:\/\/ialeman.cl\/wp-content\/uploads\/2023\/12\/LICENCIATURA-INSTITUTO-ALEMAN-PUERTO-MONTT-2023_0023_DSC_3959.jpg\" class=\"attachment-full size-full\" alt=\"\" srcset=\"https:\/\/ialeman.cl\/wp-content\/uploads\/2023\/12\/LICENCIATURA-INSTITUTO-ALEMAN-PUERTO-MONTT-2023_0023_DSC_3959.jpg 1200w, https:\/\/ialeman.cl\/wp-content\/uploads\/2023\/12\/LICENCIATURA-INSTITUTO-ALEMAN-PUERTO-MONTT-2023_0023_DSC_3959-300x200.jpg 300w, https:\/\/ialeman.cl\/wp-content\/uploads\/2023\/12\/LICENCIATURA-INSTITUTO-ALEMAN-PUERTO-MONTT-2023_0023_DSC_3959-1024x684.jpg 1024w, https:\/\/ialeman.cl\/wp-content\/uploads\/2023\/12\/LICENCIATURA-INSTITUTO-ALEMAN-PUERTO-MONTT-2023_0023_DSC_3959-768x513.jpg 768w\" sizes=\"(max-width: 1200px) 100vw, 1200px\" \/><\/a>\n\t\t\t<\/div><\/figure><figure class='gallery-item'>\n\t\t\t<div class='gallery-icon landscape'>\n\t\t\t\t<a data-elementor-open-lightbox=\"yes\" data-elementor-lightbox-slideshow=\"4579f4a\" data-elementor-lightbox-title=\"LICENCIATURA INSTITUTO ALEMAN PUERTO MONTT 2023_0024_DSC_3940\" data-e-action-hash=\"#elementor-action%3Aaction%3Dlightbox%26settings%3DeyJpZCI6Mjc2ODEsInVybCI6Imh0dHBzOlwvXC9pYWxlbWFuLmNsXC93cC1jb250ZW50XC91cGxvYWRzXC8yMDIzXC8xMlwvTElDRU5DSUFUVVJBLUlOU1RJVFVUTy1BTEVNQU4tUFVFUlRPLU1PTlRULTIwMjNfMDAyNF9EU0NfMzk0MC5qcGciLCJzbGlkZXNob3ciOiI0NTc5ZjRhIn0%3D\" href='https:\/\/ialeman.cl\/wp-content\/uploads\/2023\/12\/LICENCIATURA-INSTITUTO-ALEMAN-PUERTO-MONTT-2023_0024_DSC_3940.jpg'><img loading=\"lazy\" decoding=\"async\" width=\"1200\" height=\"801\" src=\"https:\/\/ialeman.cl\/wp-content\/uploads\/2023\/12\/LICENCIATURA-INSTITUTO-ALEMAN-PUERTO-MONTT-2023_0024_DSC_3940.jpg\" class=\"attachment-full size-full\" alt=\"\" srcset=\"https:\/\/ialeman.cl\/wp-content\/uploads\/2023\/12\/LICENCIATURA-INSTITUTO-ALEMAN-PUERTO-MONTT-2023_0024_DSC_3940.jpg 1200w, https:\/\/ialeman.cl\/wp-content\/uploads\/2023\/12\/LICENCIATURA-INSTITUTO-ALEMAN-PUERTO-MONTT-2023_0024_DSC_3940-300x200.jpg 300w, https:\/\/ialeman.cl\/wp-content\/uploads\/2023\/12\/LICENCIATURA-INSTITUTO-ALEMAN-PUERTO-MONTT-2023_0024_DSC_3940-1024x684.jpg 1024w, https:\/\/ialeman.cl\/wp-content\/uploads\/2023\/12\/LICENCIATURA-INSTITUTO-ALEMAN-PUERTO-MONTT-2023_0024_DSC_3940-768x513.jpg 768w\" sizes=\"(max-width: 1200px) 100vw, 1200px\" \/><\/a>\n\t\t\t<\/div><\/figure><figure class='gallery-item'>\n\t\t\t<div class='gallery-icon landscape'>\n\t\t\t\t<a data-elementor-open-lightbox=\"yes\" data-elementor-lightbox-slideshow=\"4579f4a\" data-elementor-lightbox-title=\"LICENCIATURA INSTITUTO ALEMAN PUERTO MONTT 2023_0026_DSC_3933\" data-e-action-hash=\"#elementor-action%3Aaction%3Dlightbox%26settings%3DeyJpZCI6Mjc2ODMsInVybCI6Imh0dHBzOlwvXC9pYWxlbWFuLmNsXC93cC1jb250ZW50XC91cGxvYWRzXC8yMDIzXC8xMlwvTElDRU5DSUFUVVJBLUlOU1RJVFVUTy1BTEVNQU4tUFVFUlRPLU1PTlRULTIwMjNfMDAyNl9EU0NfMzkzMy5qcGciLCJzbGlkZXNob3ciOiI0NTc5ZjRhIn0%3D\" href='https:\/\/ialeman.cl\/wp-content\/uploads\/2023\/12\/LICENCIATURA-INSTITUTO-ALEMAN-PUERTO-MONTT-2023_0026_DSC_3933.jpg'><img loading=\"lazy\" decoding=\"async\" width=\"1200\" height=\"801\" src=\"https:\/\/ialeman.cl\/wp-content\/uploads\/2023\/12\/LICENCIATURA-INSTITUTO-ALEMAN-PUERTO-MONTT-2023_0026_DSC_3933.jpg\" class=\"attachment-full size-full\" alt=\"\" srcset=\"https:\/\/ialeman.cl\/wp-content\/uploads\/2023\/12\/LICENCIATURA-INSTITUTO-ALEMAN-PUERTO-MONTT-2023_0026_DSC_3933.jpg 1200w, https:\/\/ialeman.cl\/wp-content\/uploads\/2023\/12\/LICENCIATURA-INSTITUTO-ALEMAN-PUERTO-MONTT-2023_0026_DSC_3933-300x200.jpg 300w, https:\/\/ialeman.cl\/wp-content\/uploads\/2023\/12\/LICENCIATURA-INSTITUTO-ALEMAN-PUERTO-MONTT-2023_0026_DSC_3933-1024x684.jpg 1024w, https:\/\/ialeman.cl\/wp-content\/uploads\/2023\/12\/LICENCIATURA-INSTITUTO-ALEMAN-PUERTO-MONTT-2023_0026_DSC_3933-768x513.jpg 768w\" sizes=\"(max-width: 1200px) 100vw, 1200px\" \/><\/a>\n\t\t\t<\/div><\/figure><figure class='gallery-item'>\n\t\t\t<div class='gallery-icon landscape'>\n\t\t\t\t<a data-elementor-open-lightbox=\"yes\" data-elementor-lightbox-slideshow=\"4579f4a\" data-elementor-lightbox-title=\"LICENCIATURA INSTITUTO ALEMAN PUERTO MONTT 2023_0027_DSC_3932\" data-e-action-hash=\"#elementor-action%3Aaction%3Dlightbox%26settings%3DeyJpZCI6Mjc2ODQsInVybCI6Imh0dHBzOlwvXC9pYWxlbWFuLmNsXC93cC1jb250ZW50XC91cGxvYWRzXC8yMDIzXC8xMlwvTElDRU5DSUFUVVJBLUlOU1RJVFVUTy1BTEVNQU4tUFVFUlRPLU1PTlRULTIwMjNfMDAyN19EU0NfMzkzMi5qcGciLCJzbGlkZXNob3ciOiI0NTc5ZjRhIn0%3D\" href='https:\/\/ialeman.cl\/wp-content\/uploads\/2023\/12\/LICENCIATURA-INSTITUTO-ALEMAN-PUERTO-MONTT-2023_0027_DSC_3932.jpg'><img loading=\"lazy\" decoding=\"async\" width=\"1200\" height=\"801\" src=\"https:\/\/ialeman.cl\/wp-content\/uploads\/2023\/12\/LICENCIATURA-INSTITUTO-ALEMAN-PUERTO-MONTT-2023_0027_DSC_3932.jpg\" class=\"attachment-full size-full\" alt=\"\" srcset=\"https:\/\/ialeman.cl\/wp-content\/uploads\/2023\/12\/LICENCIATURA-INSTITUTO-ALEMAN-PUERTO-MONTT-2023_0027_DSC_3932.jpg 1200w, https:\/\/ialeman.cl\/wp-content\/uploads\/2023\/12\/LICENCIATURA-INSTITUTO-ALEMAN-PUERTO-MONTT-2023_0027_DSC_3932-300x200.jpg 300w, https:\/\/ialeman.cl\/wp-content\/uploads\/2023\/12\/LICENCIATURA-INSTITUTO-ALEMAN-PUERTO-MONTT-2023_0027_DSC_3932-1024x684.jpg 1024w, https:\/\/ialeman.cl\/wp-content\/uploads\/2023\/12\/LICENCIATURA-INSTITUTO-ALEMAN-PUERTO-MONTT-2023_0027_DSC_3932-768x513.jpg 768w\" sizes=\"(max-width: 1200px) 100vw, 1200px\" \/><\/a>\n\t\t\t<\/div><\/figure><figure class='gallery-item'>\n\t\t\t<div class='gallery-icon landscape'>\n\t\t\t\t<a data-elementor-open-lightbox=\"yes\" data-elementor-lightbox-slideshow=\"4579f4a\" data-elementor-lightbox-title=\"LICENCIATURA INSTITUTO ALEMAN PUERTO MONTT 2023_0028_DSC_3921\" data-e-action-hash=\"#elementor-action%3Aaction%3Dlightbox%26settings%3DeyJpZCI6Mjc2ODUsInVybCI6Imh0dHBzOlwvXC9pYWxlbWFuLmNsXC93cC1jb250ZW50XC91cGxvYWRzXC8yMDIzXC8xMlwvTElDRU5DSUFUVVJBLUlOU1RJVFVUTy1BTEVNQU4tUFVFUlRPLU1PTlRULTIwMjNfMDAyOF9EU0NfMzkyMS5qcGciLCJzbGlkZXNob3ciOiI0NTc5ZjRhIn0%3D\" href='https:\/\/ialeman.cl\/wp-content\/uploads\/2023\/12\/LICENCIATURA-INSTITUTO-ALEMAN-PUERTO-MONTT-2023_0028_DSC_3921.jpg'><img loading=\"lazy\" decoding=\"async\" width=\"1200\" height=\"801\" src=\"https:\/\/ialeman.cl\/wp-content\/uploads\/2023\/12\/LICENCIATURA-INSTITUTO-ALEMAN-PUERTO-MONTT-2023_0028_DSC_3921.jpg\" class=\"attachment-full size-full\" alt=\"\" srcset=\"https:\/\/ialeman.cl\/wp-content\/uploads\/2023\/12\/LICENCIATURA-INSTITUTO-ALEMAN-PUERTO-MONTT-2023_0028_DSC_3921.jpg 1200w, https:\/\/ialeman.cl\/wp-content\/uploads\/2023\/12\/LICENCIATURA-INSTITUTO-ALEMAN-PUERTO-MONTT-2023_0028_DSC_3921-300x200.jpg 300w, https:\/\/ialeman.cl\/wp-content\/uploads\/2023\/12\/LICENCIATURA-INSTITUTO-ALEMAN-PUERTO-MONTT-2023_0028_DSC_3921-1024x684.jpg 1024w, https:\/\/ialeman.cl\/wp-content\/uploads\/2023\/12\/LICENCIATURA-INSTITUTO-ALEMAN-PUERTO-MONTT-2023_0028_DSC_3921-768x513.jpg 768w\" sizes=\"(max-width: 1200px) 100vw, 1200px\" \/><\/a>\n\t\t\t<\/div><\/figure><figure class='gallery-item'>\n\t\t\t<div class='gallery-icon landscape'>\n\t\t\t\t<a data-elementor-open-lightbox=\"yes\" data-elementor-lightbox-slideshow=\"4579f4a\" data-elementor-lightbox-title=\"LICENCIATURA INSTITUTO ALEMAN PUERTO MONTT 2023_0029_DSC_3918\" data-e-action-hash=\"#elementor-action%3Aaction%3Dlightbox%26settings%3DeyJpZCI6Mjc2ODYsInVybCI6Imh0dHBzOlwvXC9pYWxlbWFuLmNsXC93cC1jb250ZW50XC91cGxvYWRzXC8yMDIzXC8xMlwvTElDRU5DSUFUVVJBLUlOU1RJVFVUTy1BTEVNQU4tUFVFUlRPLU1PTlRULTIwMjNfMDAyOV9EU0NfMzkxOC5qcGciLCJzbGlkZXNob3ciOiI0NTc5ZjRhIn0%3D\" href='https:\/\/ialeman.cl\/wp-content\/uploads\/2023\/12\/LICENCIATURA-INSTITUTO-ALEMAN-PUERTO-MONTT-2023_0029_DSC_3918.jpg'><img loading=\"lazy\" decoding=\"async\" width=\"1200\" height=\"801\" src=\"https:\/\/ialeman.cl\/wp-content\/uploads\/2023\/12\/LICENCIATURA-INSTITUTO-ALEMAN-PUERTO-MONTT-2023_0029_DSC_3918.jpg\" class=\"attachment-full size-full\" alt=\"\" srcset=\"https:\/\/ialeman.cl\/wp-content\/uploads\/2023\/12\/LICENCIATURA-INSTITUTO-ALEMAN-PUERTO-MONTT-2023_0029_DSC_3918.jpg 1200w, https:\/\/ialeman.cl\/wp-content\/uploads\/2023\/12\/LICENCIATURA-INSTITUTO-ALEMAN-PUERTO-MONTT-2023_0029_DSC_3918-300x200.jpg 300w, https:\/\/ialeman.cl\/wp-content\/uploads\/2023\/12\/LICENCIATURA-INSTITUTO-ALEMAN-PUERTO-MONTT-2023_0029_DSC_3918-1024x684.jpg 1024w, https:\/\/ialeman.cl\/wp-content\/uploads\/2023\/12\/LICENCIATURA-INSTITUTO-ALEMAN-PUERTO-MONTT-2023_0029_DSC_3918-768x513.jpg 768w\" sizes=\"(max-width: 1200px) 100vw, 1200px\" \/><\/a>\n\t\t\t<\/div><\/figure><figure class='gallery-item'>\n\t\t\t<div class='gallery-icon landscape'>\n\t\t\t\t<a data-elementor-open-lightbox=\"yes\" data-elementor-lightbox-slideshow=\"4579f4a\" data-elementor-lightbox-title=\"LICENCIATURA INSTITUTO ALEMAN PUERTO MONTT 2023_0031_DSC_3914\" data-e-action-hash=\"#elementor-action%3Aaction%3Dlightbox%26settings%3DeyJpZCI6Mjc2ODgsInVybCI6Imh0dHBzOlwvXC9pYWxlbWFuLmNsXC93cC1jb250ZW50XC91cGxvYWRzXC8yMDIzXC8xMlwvTElDRU5DSUFUVVJBLUlOU1RJVFVUTy1BTEVNQU4tUFVFUlRPLU1PTlRULTIwMjNfMDAzMV9EU0NfMzkxNC5qcGciLCJzbGlkZXNob3ciOiI0NTc5ZjRhIn0%3D\" href='https:\/\/ialeman.cl\/wp-content\/uploads\/2023\/12\/LICENCIATURA-INSTITUTO-ALEMAN-PUERTO-MONTT-2023_0031_DSC_3914.jpg'><img loading=\"lazy\" decoding=\"async\" width=\"1200\" height=\"801\" src=\"https:\/\/ialeman.cl\/wp-content\/uploads\/2023\/12\/LICENCIATURA-INSTITUTO-ALEMAN-PUERTO-MONTT-2023_0031_DSC_3914.jpg\" class=\"attachment-full size-full\" alt=\"\" srcset=\"https:\/\/ialeman.cl\/wp-content\/uploads\/2023\/12\/LICENCIATURA-INSTITUTO-ALEMAN-PUERTO-MONTT-2023_0031_DSC_3914.jpg 1200w, https:\/\/ialeman.cl\/wp-content\/uploads\/2023\/12\/LICENCIATURA-INSTITUTO-ALEMAN-PUERTO-MONTT-2023_0031_DSC_3914-300x200.jpg 300w, https:\/\/ialeman.cl\/wp-content\/uploads\/2023\/12\/LICENCIATURA-INSTITUTO-ALEMAN-PUERTO-MONTT-2023_0031_DSC_3914-1024x684.jpg 1024w, https:\/\/ialeman.cl\/wp-content\/uploads\/2023\/12\/LICENCIATURA-INSTITUTO-ALEMAN-PUERTO-MONTT-2023_0031_DSC_3914-768x513.jpg 768w\" sizes=\"(max-width: 1200px) 100vw, 1200px\" \/><\/a>\n\t\t\t<\/div><\/figure><figure class='gallery-item'>\n\t\t\t<div class='gallery-icon landscape'>\n\t\t\t\t<a data-elementor-open-lightbox=\"yes\" data-elementor-lightbox-slideshow=\"4579f4a\" data-elementor-lightbox-title=\"LICENCIATURA INSTITUTO ALEMAN PUERTO MONTT 2023_0032_DSC_3909\" data-e-action-hash=\"#elementor-action%3Aaction%3Dlightbox%26settings%3DeyJpZCI6Mjc2OTAsInVybCI6Imh0dHBzOlwvXC9pYWxlbWFuLmNsXC93cC1jb250ZW50XC91cGxvYWRzXC8yMDIzXC8xMlwvTElDRU5DSUFUVVJBLUlOU1RJVFVUTy1BTEVNQU4tUFVFUlRPLU1PTlRULTIwMjNfMDAzMl9EU0NfMzkwOS5qcGciLCJzbGlkZXNob3ciOiI0NTc5ZjRhIn0%3D\" href='https:\/\/ialeman.cl\/wp-content\/uploads\/2023\/12\/LICENCIATURA-INSTITUTO-ALEMAN-PUERTO-MONTT-2023_0032_DSC_3909.jpg'><img loading=\"lazy\" decoding=\"async\" width=\"1200\" height=\"801\" src=\"https:\/\/ialeman.cl\/wp-content\/uploads\/2023\/12\/LICENCIATURA-INSTITUTO-ALEMAN-PUERTO-MONTT-2023_0032_DSC_3909.jpg\" class=\"attachment-full size-full\" alt=\"\" srcset=\"https:\/\/ialeman.cl\/wp-content\/uploads\/2023\/12\/LICENCIATURA-INSTITUTO-ALEMAN-PUERTO-MONTT-2023_0032_DSC_3909.jpg 1200w, https:\/\/ialeman.cl\/wp-content\/uploads\/2023\/12\/LICENCIATURA-INSTITUTO-ALEMAN-PUERTO-MONTT-2023_0032_DSC_3909-300x200.jpg 300w, https:\/\/ialeman.cl\/wp-content\/uploads\/2023\/12\/LICENCIATURA-INSTITUTO-ALEMAN-PUERTO-MONTT-2023_0032_DSC_3909-1024x684.jpg 1024w, https:\/\/ialeman.cl\/wp-content\/uploads\/2023\/12\/LICENCIATURA-INSTITUTO-ALEMAN-PUERTO-MONTT-2023_0032_DSC_3909-768x513.jpg 768w\" sizes=\"(max-width: 1200px) 100vw, 1200px\" \/><\/a>\n\t\t\t<\/div><\/figure><figure class='gallery-item'>\n\t\t\t<div class='gallery-icon landscape'>\n\t\t\t\t<a data-elementor-open-lightbox=\"yes\" data-elementor-lightbox-slideshow=\"4579f4a\" data-elementor-lightbox-title=\"LICENCIATURA INSTITUTO ALEMAN PUERTO MONTT 2023_0033_DSC_3905\" data-e-action-hash=\"#elementor-action%3Aaction%3Dlightbox%26settings%3DeyJpZCI6Mjc2OTEsInVybCI6Imh0dHBzOlwvXC9pYWxlbWFuLmNsXC93cC1jb250ZW50XC91cGxvYWRzXC8yMDIzXC8xMlwvTElDRU5DSUFUVVJBLUlOU1RJVFVUTy1BTEVNQU4tUFVFUlRPLU1PTlRULTIwMjNfMDAzM19EU0NfMzkwNS5qcGciLCJzbGlkZXNob3ciOiI0NTc5ZjRhIn0%3D\" href='https:\/\/ialeman.cl\/wp-content\/uploads\/2023\/12\/LICENCIATURA-INSTITUTO-ALEMAN-PUERTO-MONTT-2023_0033_DSC_3905.jpg'><img loading=\"lazy\" decoding=\"async\" width=\"1200\" height=\"801\" src=\"https:\/\/ialeman.cl\/wp-content\/uploads\/2023\/12\/LICENCIATURA-INSTITUTO-ALEMAN-PUERTO-MONTT-2023_0033_DSC_3905.jpg\" class=\"attachment-full size-full\" alt=\"\" srcset=\"https:\/\/ialeman.cl\/wp-content\/uploads\/2023\/12\/LICENCIATURA-INSTITUTO-ALEMAN-PUERTO-MONTT-2023_0033_DSC_3905.jpg 1200w, https:\/\/ialeman.cl\/wp-content\/uploads\/2023\/12\/LICENCIATURA-INSTITUTO-ALEMAN-PUERTO-MONTT-2023_0033_DSC_3905-300x200.jpg 300w, https:\/\/ialeman.cl\/wp-content\/uploads\/2023\/12\/LICENCIATURA-INSTITUTO-ALEMAN-PUERTO-MONTT-2023_0033_DSC_3905-1024x684.jpg 1024w, https:\/\/ialeman.cl\/wp-content\/uploads\/2023\/12\/LICENCIATURA-INSTITUTO-ALEMAN-PUERTO-MONTT-2023_0033_DSC_3905-768x513.jpg 768w\" sizes=\"(max-width: 1200px) 100vw, 1200px\" \/><\/a>\n\t\t\t<\/div><\/figure><figure class='gallery-item'>\n\t\t\t<div class='gallery-icon landscape'>\n\t\t\t\t<a data-elementor-open-lightbox=\"yes\" data-elementor-lightbox-slideshow=\"4579f4a\" data-elementor-lightbox-title=\"LICENCIATURA INSTITUTO ALEMAN PUERTO MONTT 2023_0034_DSC_3900\" data-e-action-hash=\"#elementor-action%3Aaction%3Dlightbox%26settings%3DeyJpZCI6Mjc2OTIsInVybCI6Imh0dHBzOlwvXC9pYWxlbWFuLmNsXC93cC1jb250ZW50XC91cGxvYWRzXC8yMDIzXC8xMlwvTElDRU5DSUFUVVJBLUlOU1RJVFVUTy1BTEVNQU4tUFVFUlRPLU1PTlRULTIwMjNfMDAzNF9EU0NfMzkwMC5qcGciLCJzbGlkZXNob3ciOiI0NTc5ZjRhIn0%3D\" href='https:\/\/ialeman.cl\/wp-content\/uploads\/2023\/12\/LICENCIATURA-INSTITUTO-ALEMAN-PUERTO-MONTT-2023_0034_DSC_3900.jpg'><img loading=\"lazy\" decoding=\"async\" width=\"1200\" height=\"801\" src=\"https:\/\/ialeman.cl\/wp-content\/uploads\/2023\/12\/LICENCIATURA-INSTITUTO-ALEMAN-PUERTO-MONTT-2023_0034_DSC_3900.jpg\" class=\"attachment-full size-full\" alt=\"\" srcset=\"https:\/\/ialeman.cl\/wp-content\/uploads\/2023\/12\/LICENCIATURA-INSTITUTO-ALEMAN-PUERTO-MONTT-2023_0034_DSC_3900.jpg 1200w, https:\/\/ialeman.cl\/wp-content\/uploads\/2023\/12\/LICENCIATURA-INSTITUTO-ALEMAN-PUERTO-MONTT-2023_0034_DSC_3900-300x200.jpg 300w, https:\/\/ialeman.cl\/wp-content\/uploads\/2023\/12\/LICENCIATURA-INSTITUTO-ALEMAN-PUERTO-MONTT-2023_0034_DSC_3900-1024x684.jpg 1024w, https:\/\/ialeman.cl\/wp-content\/uploads\/2023\/12\/LICENCIATURA-INSTITUTO-ALEMAN-PUERTO-MONTT-2023_0034_DSC_3900-768x513.jpg 768w\" sizes=\"(max-width: 1200px) 100vw, 1200px\" \/><\/a>\n\t\t\t<\/div><\/figure><figure class='gallery-item'>\n\t\t\t<div class='gallery-icon landscape'>\n\t\t\t\t<a data-elementor-open-lightbox=\"yes\" data-elementor-lightbox-slideshow=\"4579f4a\" data-elementor-lightbox-title=\"LICENCIATURA INSTITUTO ALEMAN PUERTO MONTT 2023_0035_DSC_3891\" data-e-action-hash=\"#elementor-action%3Aaction%3Dlightbox%26settings%3DeyJpZCI6Mjc2OTMsInVybCI6Imh0dHBzOlwvXC9pYWxlbWFuLmNsXC93cC1jb250ZW50XC91cGxvYWRzXC8yMDIzXC8xMlwvTElDRU5DSUFUVVJBLUlOU1RJVFVUTy1BTEVNQU4tUFVFUlRPLU1PTlRULTIwMjNfMDAzNV9EU0NfMzg5MS5qcGciLCJzbGlkZXNob3ciOiI0NTc5ZjRhIn0%3D\" href='https:\/\/ialeman.cl\/wp-content\/uploads\/2023\/12\/LICENCIATURA-INSTITUTO-ALEMAN-PUERTO-MONTT-2023_0035_DSC_3891.jpg'><img loading=\"lazy\" decoding=\"async\" width=\"1200\" height=\"801\" src=\"https:\/\/ialeman.cl\/wp-content\/uploads\/2023\/12\/LICENCIATURA-INSTITUTO-ALEMAN-PUERTO-MONTT-2023_0035_DSC_3891.jpg\" class=\"attachment-full size-full\" alt=\"\" srcset=\"https:\/\/ialeman.cl\/wp-content\/uploads\/2023\/12\/LICENCIATURA-INSTITUTO-ALEMAN-PUERTO-MONTT-2023_0035_DSC_3891.jpg 1200w, https:\/\/ialeman.cl\/wp-content\/uploads\/2023\/12\/LICENCIATURA-INSTITUTO-ALEMAN-PUERTO-MONTT-2023_0035_DSC_3891-300x200.jpg 300w, https:\/\/ialeman.cl\/wp-content\/uploads\/2023\/12\/LICENCIATURA-INSTITUTO-ALEMAN-PUERTO-MONTT-2023_0035_DSC_3891-1024x684.jpg 1024w, https:\/\/ialeman.cl\/wp-content\/uploads\/2023\/12\/LICENCIATURA-INSTITUTO-ALEMAN-PUERTO-MONTT-2023_0035_DSC_3891-768x513.jpg 768w\" sizes=\"(max-width: 1200px) 100vw, 1200px\" \/><\/a>\n\t\t\t<\/div><\/figure><figure class='gallery-item'>\n\t\t\t<div class='gallery-icon landscape'>\n\t\t\t\t<a data-elementor-open-lightbox=\"yes\" data-elementor-lightbox-slideshow=\"4579f4a\" data-elementor-lightbox-title=\"LICENCIATURA INSTITUTO ALEMAN PUERTO MONTT 2023_0036_DSC_3886\" data-e-action-hash=\"#elementor-action%3Aaction%3Dlightbox%26settings%3DeyJpZCI6Mjc2OTQsInVybCI6Imh0dHBzOlwvXC9pYWxlbWFuLmNsXC93cC1jb250ZW50XC91cGxvYWRzXC8yMDIzXC8xMlwvTElDRU5DSUFUVVJBLUlOU1RJVFVUTy1BTEVNQU4tUFVFUlRPLU1PTlRULTIwMjNfMDAzNl9EU0NfMzg4Ni5qcGciLCJzbGlkZXNob3ciOiI0NTc5ZjRhIn0%3D\" href='https:\/\/ialeman.cl\/wp-content\/uploads\/2023\/12\/LICENCIATURA-INSTITUTO-ALEMAN-PUERTO-MONTT-2023_0036_DSC_3886.jpg'><img loading=\"lazy\" decoding=\"async\" width=\"1200\" height=\"801\" src=\"https:\/\/ialeman.cl\/wp-content\/uploads\/2023\/12\/LICENCIATURA-INSTITUTO-ALEMAN-PUERTO-MONTT-2023_0036_DSC_3886.jpg\" class=\"attachment-full size-full\" alt=\"\" srcset=\"https:\/\/ialeman.cl\/wp-content\/uploads\/2023\/12\/LICENCIATURA-INSTITUTO-ALEMAN-PUERTO-MONTT-2023_0036_DSC_3886.jpg 1200w, https:\/\/ialeman.cl\/wp-content\/uploads\/2023\/12\/LICENCIATURA-INSTITUTO-ALEMAN-PUERTO-MONTT-2023_0036_DSC_3886-300x200.jpg 300w, https:\/\/ialeman.cl\/wp-content\/uploads\/2023\/12\/LICENCIATURA-INSTITUTO-ALEMAN-PUERTO-MONTT-2023_0036_DSC_3886-1024x684.jpg 1024w, https:\/\/ialeman.cl\/wp-content\/uploads\/2023\/12\/LICENCIATURA-INSTITUTO-ALEMAN-PUERTO-MONTT-2023_0036_DSC_3886-768x513.jpg 768w\" sizes=\"(max-width: 1200px) 100vw, 1200px\" \/><\/a>\n\t\t\t<\/div><\/figure><figure class='gallery-item'>\n\t\t\t<div class='gallery-icon landscape'>\n\t\t\t\t<a data-elementor-open-lightbox=\"yes\" data-elementor-lightbox-slideshow=\"4579f4a\" data-elementor-lightbox-title=\"LICENCIATURA INSTITUTO ALEMAN PUERTO MONTT 2023_0037_DSC_3885\" data-e-action-hash=\"#elementor-action%3Aaction%3Dlightbox%26settings%3DeyJpZCI6Mjc2OTUsInVybCI6Imh0dHBzOlwvXC9pYWxlbWFuLmNsXC93cC1jb250ZW50XC91cGxvYWRzXC8yMDIzXC8xMlwvTElDRU5DSUFUVVJBLUlOU1RJVFVUTy1BTEVNQU4tUFVFUlRPLU1PTlRULTIwMjNfMDAzN19EU0NfMzg4NS5qcGciLCJzbGlkZXNob3ciOiI0NTc5ZjRhIn0%3D\" href='https:\/\/ialeman.cl\/wp-content\/uploads\/2023\/12\/LICENCIATURA-INSTITUTO-ALEMAN-PUERTO-MONTT-2023_0037_DSC_3885.jpg'><img loading=\"lazy\" decoding=\"async\" width=\"1200\" height=\"801\" src=\"https:\/\/ialeman.cl\/wp-content\/uploads\/2023\/12\/LICENCIATURA-INSTITUTO-ALEMAN-PUERTO-MONTT-2023_0037_DSC_3885.jpg\" class=\"attachment-full size-full\" alt=\"\" srcset=\"https:\/\/ialeman.cl\/wp-content\/uploads\/2023\/12\/LICENCIATURA-INSTITUTO-ALEMAN-PUERTO-MONTT-2023_0037_DSC_3885.jpg 1200w, https:\/\/ialeman.cl\/wp-content\/uploads\/2023\/12\/LICENCIATURA-INSTITUTO-ALEMAN-PUERTO-MONTT-2023_0037_DSC_3885-300x200.jpg 300w, https:\/\/ialeman.cl\/wp-content\/uploads\/2023\/12\/LICENCIATURA-INSTITUTO-ALEMAN-PUERTO-MONTT-2023_0037_DSC_3885-1024x684.jpg 1024w, https:\/\/ialeman.cl\/wp-content\/uploads\/2023\/12\/LICENCIATURA-INSTITUTO-ALEMAN-PUERTO-MONTT-2023_0037_DSC_3885-768x513.jpg 768w\" sizes=\"(max-width: 1200px) 100vw, 1200px\" \/><\/a>\n\t\t\t<\/div><\/figure><figure class='gallery-item'>\n\t\t\t<div class='gallery-icon landscape'>\n\t\t\t\t<a data-elementor-open-lightbox=\"yes\" data-elementor-lightbox-slideshow=\"4579f4a\" data-elementor-lightbox-title=\"LICENCIATURA INSTITUTO ALEMAN PUERTO MONTT 2023_0084_DSC_3664\" data-e-action-hash=\"#elementor-action%3Aaction%3Dlightbox%26settings%3DeyJpZCI6Mjc3NDIsInVybCI6Imh0dHBzOlwvXC9pYWxlbWFuLmNsXC93cC1jb250ZW50XC91cGxvYWRzXC8yMDIzXC8xMlwvTElDRU5DSUFUVVJBLUlOU1RJVFVUTy1BTEVNQU4tUFVFUlRPLU1PTlRULTIwMjNfMDA4NF9EU0NfMzY2NC5qcGciLCJzbGlkZXNob3ciOiI0NTc5ZjRhIn0%3D\" href='https:\/\/ialeman.cl\/wp-content\/uploads\/2023\/12\/LICENCIATURA-INSTITUTO-ALEMAN-PUERTO-MONTT-2023_0084_DSC_3664.jpg'><img loading=\"lazy\" decoding=\"async\" width=\"1200\" height=\"801\" src=\"https:\/\/ialeman.cl\/wp-content\/uploads\/2023\/12\/LICENCIATURA-INSTITUTO-ALEMAN-PUERTO-MONTT-2023_0084_DSC_3664.jpg\" class=\"attachment-full size-full\" alt=\"\" srcset=\"https:\/\/ialeman.cl\/wp-content\/uploads\/2023\/12\/LICENCIATURA-INSTITUTO-ALEMAN-PUERTO-MONTT-2023_0084_DSC_3664.jpg 1200w, https:\/\/ialeman.cl\/wp-content\/uploads\/2023\/12\/LICENCIATURA-INSTITUTO-ALEMAN-PUERTO-MONTT-2023_0084_DSC_3664-300x200.jpg 300w, https:\/\/ialeman.cl\/wp-content\/uploads\/2023\/12\/LICENCIATURA-INSTITUTO-ALEMAN-PUERTO-MONTT-2023_0084_DSC_3664-1024x684.jpg 1024w, https:\/\/ialeman.cl\/wp-content\/uploads\/2023\/12\/LICENCIATURA-INSTITUTO-ALEMAN-PUERTO-MONTT-2023_0084_DSC_3664-768x513.jpg 768w\" sizes=\"(max-width: 1200px) 100vw, 1200px\" \/><\/a>\n\t\t\t<\/div><\/figure><figure class='gallery-item'>\n\t\t\t<div class='gallery-icon landscape'>\n\t\t\t\t<a data-elementor-open-lightbox=\"yes\" data-elementor-lightbox-slideshow=\"4579f4a\" data-elementor-lightbox-title=\"LICENCIATURA INSTITUTO ALEMAN PUERTO MONTT 2023_0038_DSC_3883\" data-e-action-hash=\"#elementor-action%3Aaction%3Dlightbox%26settings%3DeyJpZCI6Mjc2OTYsInVybCI6Imh0dHBzOlwvXC9pYWxlbWFuLmNsXC93cC1jb250ZW50XC91cGxvYWRzXC8yMDIzXC8xMlwvTElDRU5DSUFUVVJBLUlOU1RJVFVUTy1BTEVNQU4tUFVFUlRPLU1PTlRULTIwMjNfMDAzOF9EU0NfMzg4My5qcGciLCJzbGlkZXNob3ciOiI0NTc5ZjRhIn0%3D\" href='https:\/\/ialeman.cl\/wp-content\/uploads\/2023\/12\/LICENCIATURA-INSTITUTO-ALEMAN-PUERTO-MONTT-2023_0038_DSC_3883.jpg'><img loading=\"lazy\" decoding=\"async\" width=\"1200\" height=\"801\" src=\"https:\/\/ialeman.cl\/wp-content\/uploads\/2023\/12\/LICENCIATURA-INSTITUTO-ALEMAN-PUERTO-MONTT-2023_0038_DSC_3883.jpg\" class=\"attachment-full size-full\" alt=\"\" srcset=\"https:\/\/ialeman.cl\/wp-content\/uploads\/2023\/12\/LICENCIATURA-INSTITUTO-ALEMAN-PUERTO-MONTT-2023_0038_DSC_3883.jpg 1200w, https:\/\/ialeman.cl\/wp-content\/uploads\/2023\/12\/LICENCIATURA-INSTITUTO-ALEMAN-PUERTO-MONTT-2023_0038_DSC_3883-300x200.jpg 300w, https:\/\/ialeman.cl\/wp-content\/uploads\/2023\/12\/LICENCIATURA-INSTITUTO-ALEMAN-PUERTO-MONTT-2023_0038_DSC_3883-1024x684.jpg 1024w, https:\/\/ialeman.cl\/wp-content\/uploads\/2023\/12\/LICENCIATURA-INSTITUTO-ALEMAN-PUERTO-MONTT-2023_0038_DSC_3883-768x513.jpg 768w\" sizes=\"(max-width: 1200px) 100vw, 1200px\" \/><\/a>\n\t\t\t<\/div><\/figure><figure class='gallery-item'>\n\t\t\t<div class='gallery-icon landscape'>\n\t\t\t\t<a data-elementor-open-lightbox=\"yes\" data-elementor-lightbox-slideshow=\"4579f4a\" data-elementor-lightbox-title=\"LICENCIATURA INSTITUTO ALEMAN PUERTO MONTT 2023_0039_DSC_3880\" data-e-action-hash=\"#elementor-action%3Aaction%3Dlightbox%26settings%3DeyJpZCI6Mjc2OTcsInVybCI6Imh0dHBzOlwvXC9pYWxlbWFuLmNsXC93cC1jb250ZW50XC91cGxvYWRzXC8yMDIzXC8xMlwvTElDRU5DSUFUVVJBLUlOU1RJVFVUTy1BTEVNQU4tUFVFUlRPLU1PTlRULTIwMjNfMDAzOV9EU0NfMzg4MC5qcGciLCJzbGlkZXNob3ciOiI0NTc5ZjRhIn0%3D\" href='https:\/\/ialeman.cl\/wp-content\/uploads\/2023\/12\/LICENCIATURA-INSTITUTO-ALEMAN-PUERTO-MONTT-2023_0039_DSC_3880.jpg'><img loading=\"lazy\" decoding=\"async\" width=\"1200\" height=\"801\" src=\"https:\/\/ialeman.cl\/wp-content\/uploads\/2023\/12\/LICENCIATURA-INSTITUTO-ALEMAN-PUERTO-MONTT-2023_0039_DSC_3880.jpg\" class=\"attachment-full size-full\" alt=\"\" srcset=\"https:\/\/ialeman.cl\/wp-content\/uploads\/2023\/12\/LICENCIATURA-INSTITUTO-ALEMAN-PUERTO-MONTT-2023_0039_DSC_3880.jpg 1200w, https:\/\/ialeman.cl\/wp-content\/uploads\/2023\/12\/LICENCIATURA-INSTITUTO-ALEMAN-PUERTO-MONTT-2023_0039_DSC_3880-300x200.jpg 300w, https:\/\/ialeman.cl\/wp-content\/uploads\/2023\/12\/LICENCIATURA-INSTITUTO-ALEMAN-PUERTO-MONTT-2023_0039_DSC_3880-1024x684.jpg 1024w, https:\/\/ialeman.cl\/wp-content\/uploads\/2023\/12\/LICENCIATURA-INSTITUTO-ALEMAN-PUERTO-MONTT-2023_0039_DSC_3880-768x513.jpg 768w\" sizes=\"(max-width: 1200px) 100vw, 1200px\" \/><\/a>\n\t\t\t<\/div><\/figure><figure class='gallery-item'>\n\t\t\t<div class='gallery-icon landscape'>\n\t\t\t\t<a data-elementor-open-lightbox=\"yes\" data-elementor-lightbox-slideshow=\"4579f4a\" data-elementor-lightbox-title=\"LICENCIATURA INSTITUTO ALEMAN PUERTO MONTT 2023_0040_DSC_3871\" data-e-action-hash=\"#elementor-action%3Aaction%3Dlightbox%26settings%3DeyJpZCI6Mjc2OTgsInVybCI6Imh0dHBzOlwvXC9pYWxlbWFuLmNsXC93cC1jb250ZW50XC91cGxvYWRzXC8yMDIzXC8xMlwvTElDRU5DSUFUVVJBLUlOU1RJVFVUTy1BTEVNQU4tUFVFUlRPLU1PTlRULTIwMjNfMDA0MF9EU0NfMzg3MS5qcGciLCJzbGlkZXNob3ciOiI0NTc5ZjRhIn0%3D\" href='https:\/\/ialeman.cl\/wp-content\/uploads\/2023\/12\/LICENCIATURA-INSTITUTO-ALEMAN-PUERTO-MONTT-2023_0040_DSC_3871.jpg'><img loading=\"lazy\" decoding=\"async\" width=\"1200\" height=\"801\" src=\"https:\/\/ialeman.cl\/wp-content\/uploads\/2023\/12\/LICENCIATURA-INSTITUTO-ALEMAN-PUERTO-MONTT-2023_0040_DSC_3871.jpg\" class=\"attachment-full size-full\" alt=\"\" srcset=\"https:\/\/ialeman.cl\/wp-content\/uploads\/2023\/12\/LICENCIATURA-INSTITUTO-ALEMAN-PUERTO-MONTT-2023_0040_DSC_3871.jpg 1200w, https:\/\/ialeman.cl\/wp-content\/uploads\/2023\/12\/LICENCIATURA-INSTITUTO-ALEMAN-PUERTO-MONTT-2023_0040_DSC_3871-300x200.jpg 300w, https:\/\/ialeman.cl\/wp-content\/uploads\/2023\/12\/LICENCIATURA-INSTITUTO-ALEMAN-PUERTO-MONTT-2023_0040_DSC_3871-1024x684.jpg 1024w, https:\/\/ialeman.cl\/wp-content\/uploads\/2023\/12\/LICENCIATURA-INSTITUTO-ALEMAN-PUERTO-MONTT-2023_0040_DSC_3871-768x513.jpg 768w\" sizes=\"(max-width: 1200px) 100vw, 1200px\" \/><\/a>\n\t\t\t<\/div><\/figure><figure class='gallery-item'>\n\t\t\t<div class='gallery-icon landscape'>\n\t\t\t\t<a data-elementor-open-lightbox=\"yes\" data-elementor-lightbox-slideshow=\"4579f4a\" data-elementor-lightbox-title=\"LICENCIATURA INSTITUTO ALEMAN PUERTO MONTT 2023_0041_DSC_3869\" data-e-action-hash=\"#elementor-action%3Aaction%3Dlightbox%26settings%3DeyJpZCI6Mjc2OTksInVybCI6Imh0dHBzOlwvXC9pYWxlbWFuLmNsXC93cC1jb250ZW50XC91cGxvYWRzXC8yMDIzXC8xMlwvTElDRU5DSUFUVVJBLUlOU1RJVFVUTy1BTEVNQU4tUFVFUlRPLU1PTlRULTIwMjNfMDA0MV9EU0NfMzg2OS5qcGciLCJzbGlkZXNob3ciOiI0NTc5ZjRhIn0%3D\" href='https:\/\/ialeman.cl\/wp-content\/uploads\/2023\/12\/LICENCIATURA-INSTITUTO-ALEMAN-PUERTO-MONTT-2023_0041_DSC_3869.jpg'><img loading=\"lazy\" decoding=\"async\" width=\"1200\" height=\"801\" src=\"https:\/\/ialeman.cl\/wp-content\/uploads\/2023\/12\/LICENCIATURA-INSTITUTO-ALEMAN-PUERTO-MONTT-2023_0041_DSC_3869.jpg\" class=\"attachment-full size-full\" alt=\"\" srcset=\"https:\/\/ialeman.cl\/wp-content\/uploads\/2023\/12\/LICENCIATURA-INSTITUTO-ALEMAN-PUERTO-MONTT-2023_0041_DSC_3869.jpg 1200w, https:\/\/ialeman.cl\/wp-content\/uploads\/2023\/12\/LICENCIATURA-INSTITUTO-ALEMAN-PUERTO-MONTT-2023_0041_DSC_3869-300x200.jpg 300w, https:\/\/ialeman.cl\/wp-content\/uploads\/2023\/12\/LICENCIATURA-INSTITUTO-ALEMAN-PUERTO-MONTT-2023_0041_DSC_3869-1024x684.jpg 1024w, https:\/\/ialeman.cl\/wp-content\/uploads\/2023\/12\/LICENCIATURA-INSTITUTO-ALEMAN-PUERTO-MONTT-2023_0041_DSC_3869-768x513.jpg 768w\" sizes=\"(max-width: 1200px) 100vw, 1200px\" \/><\/a>\n\t\t\t<\/div><\/figure><figure class='gallery-item'>\n\t\t\t<div class='gallery-icon landscape'>\n\t\t\t\t<a data-elementor-open-lightbox=\"yes\" data-elementor-lightbox-slideshow=\"4579f4a\" data-elementor-lightbox-title=\"LICENCIATURA INSTITUTO ALEMAN PUERTO MONTT 2023_0043_DSC_3857\" data-e-action-hash=\"#elementor-action%3Aaction%3Dlightbox%26settings%3DeyJpZCI6Mjc3MDEsInVybCI6Imh0dHBzOlwvXC9pYWxlbWFuLmNsXC93cC1jb250ZW50XC91cGxvYWRzXC8yMDIzXC8xMlwvTElDRU5DSUFUVVJBLUlOU1RJVFVUTy1BTEVNQU4tUFVFUlRPLU1PTlRULTIwMjNfMDA0M19EU0NfMzg1Ny5qcGciLCJzbGlkZXNob3ciOiI0NTc5ZjRhIn0%3D\" href='https:\/\/ialeman.cl\/wp-content\/uploads\/2023\/12\/LICENCIATURA-INSTITUTO-ALEMAN-PUERTO-MONTT-2023_0043_DSC_3857.jpg'><img loading=\"lazy\" decoding=\"async\" width=\"1200\" height=\"801\" src=\"https:\/\/ialeman.cl\/wp-content\/uploads\/2023\/12\/LICENCIATURA-INSTITUTO-ALEMAN-PUERTO-MONTT-2023_0043_DSC_3857.jpg\" class=\"attachment-full size-full\" alt=\"\" srcset=\"https:\/\/ialeman.cl\/wp-content\/uploads\/2023\/12\/LICENCIATURA-INSTITUTO-ALEMAN-PUERTO-MONTT-2023_0043_DSC_3857.jpg 1200w, https:\/\/ialeman.cl\/wp-content\/uploads\/2023\/12\/LICENCIATURA-INSTITUTO-ALEMAN-PUERTO-MONTT-2023_0043_DSC_3857-300x200.jpg 300w, https:\/\/ialeman.cl\/wp-content\/uploads\/2023\/12\/LICENCIATURA-INSTITUTO-ALEMAN-PUERTO-MONTT-2023_0043_DSC_3857-1024x684.jpg 1024w, https:\/\/ialeman.cl\/wp-content\/uploads\/2023\/12\/LICENCIATURA-INSTITUTO-ALEMAN-PUERTO-MONTT-2023_0043_DSC_3857-768x513.jpg 768w\" sizes=\"(max-width: 1200px) 100vw, 1200px\" \/><\/a>\n\t\t\t<\/div><\/figure><figure class='gallery-item'>\n\t\t\t<div class='gallery-icon landscape'>\n\t\t\t\t<a data-elementor-open-lightbox=\"yes\" data-elementor-lightbox-slideshow=\"4579f4a\" data-elementor-lightbox-title=\"LICENCIATURA INSTITUTO ALEMAN PUERTO MONTT 2023_0020_DSC_4000\" data-e-action-hash=\"#elementor-action%3Aaction%3Dlightbox%26settings%3DeyJpZCI6Mjc2NzcsInVybCI6Imh0dHBzOlwvXC9pYWxlbWFuLmNsXC93cC1jb250ZW50XC91cGxvYWRzXC8yMDIzXC8xMlwvTElDRU5DSUFUVVJBLUlOU1RJVFVUTy1BTEVNQU4tUFVFUlRPLU1PTlRULTIwMjNfMDAyMF9EU0NfNDAwMC5qcGciLCJzbGlkZXNob3ciOiI0NTc5ZjRhIn0%3D\" href='https:\/\/ialeman.cl\/wp-content\/uploads\/2023\/12\/LICENCIATURA-INSTITUTO-ALEMAN-PUERTO-MONTT-2023_0020_DSC_4000.jpg'><img loading=\"lazy\" decoding=\"async\" width=\"1200\" height=\"801\" src=\"https:\/\/ialeman.cl\/wp-content\/uploads\/2023\/12\/LICENCIATURA-INSTITUTO-ALEMAN-PUERTO-MONTT-2023_0020_DSC_4000.jpg\" class=\"attachment-full size-full\" alt=\"\" srcset=\"https:\/\/ialeman.cl\/wp-content\/uploads\/2023\/12\/LICENCIATURA-INSTITUTO-ALEMAN-PUERTO-MONTT-2023_0020_DSC_4000.jpg 1200w, https:\/\/ialeman.cl\/wp-content\/uploads\/2023\/12\/LICENCIATURA-INSTITUTO-ALEMAN-PUERTO-MONTT-2023_0020_DSC_4000-300x200.jpg 300w, https:\/\/ialeman.cl\/wp-content\/uploads\/2023\/12\/LICENCIATURA-INSTITUTO-ALEMAN-PUERTO-MONTT-2023_0020_DSC_4000-1024x684.jpg 1024w, https:\/\/ialeman.cl\/wp-content\/uploads\/2023\/12\/LICENCIATURA-INSTITUTO-ALEMAN-PUERTO-MONTT-2023_0020_DSC_4000-768x513.jpg 768w\" sizes=\"(max-width: 1200px) 100vw, 1200px\" \/><\/a>\n\t\t\t<\/div><\/figure><figure class='gallery-item'>\n\t\t\t<div class='gallery-icon landscape'>\n\t\t\t\t<a data-elementor-open-lightbox=\"yes\" data-elementor-lightbox-slideshow=\"4579f4a\" data-elementor-lightbox-title=\"LICENCIATURA INSTITUTO ALEMAN PUERTO MONTT 2023_0044_DSC_4065\" data-e-action-hash=\"#elementor-action%3Aaction%3Dlightbox%26settings%3DeyJpZCI6Mjc3MDIsInVybCI6Imh0dHBzOlwvXC9pYWxlbWFuLmNsXC93cC1jb250ZW50XC91cGxvYWRzXC8yMDIzXC8xMlwvTElDRU5DSUFUVVJBLUlOU1RJVFVUTy1BTEVNQU4tUFVFUlRPLU1PTlRULTIwMjNfMDA0NF9EU0NfNDA2NS5qcGciLCJzbGlkZXNob3ciOiI0NTc5ZjRhIn0%3D\" href='https:\/\/ialeman.cl\/wp-content\/uploads\/2023\/12\/LICENCIATURA-INSTITUTO-ALEMAN-PUERTO-MONTT-2023_0044_DSC_4065.jpg'><img loading=\"lazy\" decoding=\"async\" width=\"1200\" height=\"801\" src=\"https:\/\/ialeman.cl\/wp-content\/uploads\/2023\/12\/LICENCIATURA-INSTITUTO-ALEMAN-PUERTO-MONTT-2023_0044_DSC_4065.jpg\" class=\"attachment-full size-full\" alt=\"\" srcset=\"https:\/\/ialeman.cl\/wp-content\/uploads\/2023\/12\/LICENCIATURA-INSTITUTO-ALEMAN-PUERTO-MONTT-2023_0044_DSC_4065.jpg 1200w, https:\/\/ialeman.cl\/wp-content\/uploads\/2023\/12\/LICENCIATURA-INSTITUTO-ALEMAN-PUERTO-MONTT-2023_0044_DSC_4065-300x200.jpg 300w, https:\/\/ialeman.cl\/wp-content\/uploads\/2023\/12\/LICENCIATURA-INSTITUTO-ALEMAN-PUERTO-MONTT-2023_0044_DSC_4065-1024x684.jpg 1024w, https:\/\/ialeman.cl\/wp-content\/uploads\/2023\/12\/LICENCIATURA-INSTITUTO-ALEMAN-PUERTO-MONTT-2023_0044_DSC_4065-768x513.jpg 768w\" sizes=\"(max-width: 1200px) 100vw, 1200px\" \/><\/a>\n\t\t\t<\/div><\/figure><figure class='gallery-item'>\n\t\t\t<div class='gallery-icon landscape'>\n\t\t\t\t<a data-elementor-open-lightbox=\"yes\" data-elementor-lightbox-slideshow=\"4579f4a\" data-elementor-lightbox-title=\"LICENCIATURA INSTITUTO ALEMAN PUERTO MONTT 2023_0045_DSC_3849\" data-e-action-hash=\"#elementor-action%3Aaction%3Dlightbox%26settings%3DeyJpZCI6Mjc3MDMsInVybCI6Imh0dHBzOlwvXC9pYWxlbWFuLmNsXC93cC1jb250ZW50XC91cGxvYWRzXC8yMDIzXC8xMlwvTElDRU5DSUFUVVJBLUlOU1RJVFVUTy1BTEVNQU4tUFVFUlRPLU1PTlRULTIwMjNfMDA0NV9EU0NfMzg0OS5qcGciLCJzbGlkZXNob3ciOiI0NTc5ZjRhIn0%3D\" href='https:\/\/ialeman.cl\/wp-content\/uploads\/2023\/12\/LICENCIATURA-INSTITUTO-ALEMAN-PUERTO-MONTT-2023_0045_DSC_3849.jpg'><img loading=\"lazy\" decoding=\"async\" width=\"1200\" height=\"801\" src=\"https:\/\/ialeman.cl\/wp-content\/uploads\/2023\/12\/LICENCIATURA-INSTITUTO-ALEMAN-PUERTO-MONTT-2023_0045_DSC_3849.jpg\" class=\"attachment-full size-full\" alt=\"\" srcset=\"https:\/\/ialeman.cl\/wp-content\/uploads\/2023\/12\/LICENCIATURA-INSTITUTO-ALEMAN-PUERTO-MONTT-2023_0045_DSC_3849.jpg 1200w, https:\/\/ialeman.cl\/wp-content\/uploads\/2023\/12\/LICENCIATURA-INSTITUTO-ALEMAN-PUERTO-MONTT-2023_0045_DSC_3849-300x200.jpg 300w, https:\/\/ialeman.cl\/wp-content\/uploads\/2023\/12\/LICENCIATURA-INSTITUTO-ALEMAN-PUERTO-MONTT-2023_0045_DSC_3849-1024x684.jpg 1024w, https:\/\/ialeman.cl\/wp-content\/uploads\/2023\/12\/LICENCIATURA-INSTITUTO-ALEMAN-PUERTO-MONTT-2023_0045_DSC_3849-768x513.jpg 768w\" sizes=\"(max-width: 1200px) 100vw, 1200px\" \/><\/a>\n\t\t\t<\/div><\/figure><figure class='gallery-item'>\n\t\t\t<div class='gallery-icon landscape'>\n\t\t\t\t<a data-elementor-open-lightbox=\"yes\" data-elementor-lightbox-slideshow=\"4579f4a\" data-elementor-lightbox-title=\"LICENCIATURA INSTITUTO ALEMAN PUERTO MONTT 2023_0046_DSC_3847\" data-e-action-hash=\"#elementor-action%3Aaction%3Dlightbox%26settings%3DeyJpZCI6Mjc3MDQsInVybCI6Imh0dHBzOlwvXC9pYWxlbWFuLmNsXC93cC1jb250ZW50XC91cGxvYWRzXC8yMDIzXC8xMlwvTElDRU5DSUFUVVJBLUlOU1RJVFVUTy1BTEVNQU4tUFVFUlRPLU1PTlRULTIwMjNfMDA0Nl9EU0NfMzg0Ny5qcGciLCJzbGlkZXNob3ciOiI0NTc5ZjRhIn0%3D\" href='https:\/\/ialeman.cl\/wp-content\/uploads\/2023\/12\/LICENCIATURA-INSTITUTO-ALEMAN-PUERTO-MONTT-2023_0046_DSC_3847.jpg'><img loading=\"lazy\" decoding=\"async\" width=\"1200\" height=\"801\" src=\"https:\/\/ialeman.cl\/wp-content\/uploads\/2023\/12\/LICENCIATURA-INSTITUTO-ALEMAN-PUERTO-MONTT-2023_0046_DSC_3847.jpg\" class=\"attachment-full size-full\" alt=\"\" srcset=\"https:\/\/ialeman.cl\/wp-content\/uploads\/2023\/12\/LICENCIATURA-INSTITUTO-ALEMAN-PUERTO-MONTT-2023_0046_DSC_3847.jpg 1200w, https:\/\/ialeman.cl\/wp-content\/uploads\/2023\/12\/LICENCIATURA-INSTITUTO-ALEMAN-PUERTO-MONTT-2023_0046_DSC_3847-300x200.jpg 300w, https:\/\/ialeman.cl\/wp-content\/uploads\/2023\/12\/LICENCIATURA-INSTITUTO-ALEMAN-PUERTO-MONTT-2023_0046_DSC_3847-1024x684.jpg 1024w, https:\/\/ialeman.cl\/wp-content\/uploads\/2023\/12\/LICENCIATURA-INSTITUTO-ALEMAN-PUERTO-MONTT-2023_0046_DSC_3847-768x513.jpg 768w\" sizes=\"(max-width: 1200px) 100vw, 1200px\" \/><\/a>\n\t\t\t<\/div><\/figure><figure class='gallery-item'>\n\t\t\t<div class='gallery-icon landscape'>\n\t\t\t\t<a data-elementor-open-lightbox=\"yes\" data-elementor-lightbox-slideshow=\"4579f4a\" data-elementor-lightbox-title=\"LICENCIATURA INSTITUTO ALEMAN PUERTO MONTT 2023_0047_DSC_3846\" data-e-action-hash=\"#elementor-action%3Aaction%3Dlightbox%26settings%3DeyJpZCI6Mjc3MDUsInVybCI6Imh0dHBzOlwvXC9pYWxlbWFuLmNsXC93cC1jb250ZW50XC91cGxvYWRzXC8yMDIzXC8xMlwvTElDRU5DSUFUVVJBLUlOU1RJVFVUTy1BTEVNQU4tUFVFUlRPLU1PTlRULTIwMjNfMDA0N19EU0NfMzg0Ni5qcGciLCJzbGlkZXNob3ciOiI0NTc5ZjRhIn0%3D\" href='https:\/\/ialeman.cl\/wp-content\/uploads\/2023\/12\/LICENCIATURA-INSTITUTO-ALEMAN-PUERTO-MONTT-2023_0047_DSC_3846.jpg'><img loading=\"lazy\" decoding=\"async\" width=\"1200\" height=\"801\" src=\"https:\/\/ialeman.cl\/wp-content\/uploads\/2023\/12\/LICENCIATURA-INSTITUTO-ALEMAN-PUERTO-MONTT-2023_0047_DSC_3846.jpg\" class=\"attachment-full size-full\" alt=\"\" srcset=\"https:\/\/ialeman.cl\/wp-content\/uploads\/2023\/12\/LICENCIATURA-INSTITUTO-ALEMAN-PUERTO-MONTT-2023_0047_DSC_3846.jpg 1200w, https:\/\/ialeman.cl\/wp-content\/uploads\/2023\/12\/LICENCIATURA-INSTITUTO-ALEMAN-PUERTO-MONTT-2023_0047_DSC_3846-300x200.jpg 300w, https:\/\/ialeman.cl\/wp-content\/uploads\/2023\/12\/LICENCIATURA-INSTITUTO-ALEMAN-PUERTO-MONTT-2023_0047_DSC_3846-1024x684.jpg 1024w, https:\/\/ialeman.cl\/wp-content\/uploads\/2023\/12\/LICENCIATURA-INSTITUTO-ALEMAN-PUERTO-MONTT-2023_0047_DSC_3846-768x513.jpg 768w\" sizes=\"(max-width: 1200px) 100vw, 1200px\" \/><\/a>\n\t\t\t<\/div><\/figure><figure class='gallery-item'>\n\t\t\t<div class='gallery-icon landscape'>\n\t\t\t\t<a data-elementor-open-lightbox=\"yes\" data-elementor-lightbox-slideshow=\"4579f4a\" data-elementor-lightbox-title=\"LICENCIATURA INSTITUTO ALEMAN PUERTO MONTT 2023_0048_DSC_3843\" data-e-action-hash=\"#elementor-action%3Aaction%3Dlightbox%26settings%3DeyJpZCI6Mjc3MDYsInVybCI6Imh0dHBzOlwvXC9pYWxlbWFuLmNsXC93cC1jb250ZW50XC91cGxvYWRzXC8yMDIzXC8xMlwvTElDRU5DSUFUVVJBLUlOU1RJVFVUTy1BTEVNQU4tUFVFUlRPLU1PTlRULTIwMjNfMDA0OF9EU0NfMzg0My5qcGciLCJzbGlkZXNob3ciOiI0NTc5ZjRhIn0%3D\" href='https:\/\/ialeman.cl\/wp-content\/uploads\/2023\/12\/LICENCIATURA-INSTITUTO-ALEMAN-PUERTO-MONTT-2023_0048_DSC_3843.jpg'><img loading=\"lazy\" decoding=\"async\" width=\"1200\" height=\"801\" src=\"https:\/\/ialeman.cl\/wp-content\/uploads\/2023\/12\/LICENCIATURA-INSTITUTO-ALEMAN-PUERTO-MONTT-2023_0048_DSC_3843.jpg\" class=\"attachment-full size-full\" alt=\"\" srcset=\"https:\/\/ialeman.cl\/wp-content\/uploads\/2023\/12\/LICENCIATURA-INSTITUTO-ALEMAN-PUERTO-MONTT-2023_0048_DSC_3843.jpg 1200w, https:\/\/ialeman.cl\/wp-content\/uploads\/2023\/12\/LICENCIATURA-INSTITUTO-ALEMAN-PUERTO-MONTT-2023_0048_DSC_3843-300x200.jpg 300w, https:\/\/ialeman.cl\/wp-content\/uploads\/2023\/12\/LICENCIATURA-INSTITUTO-ALEMAN-PUERTO-MONTT-2023_0048_DSC_3843-1024x684.jpg 1024w, https:\/\/ialeman.cl\/wp-content\/uploads\/2023\/12\/LICENCIATURA-INSTITUTO-ALEMAN-PUERTO-MONTT-2023_0048_DSC_3843-768x513.jpg 768w\" sizes=\"(max-width: 1200px) 100vw, 1200px\" \/><\/a>\n\t\t\t<\/div><\/figure><figure class='gallery-item'>\n\t\t\t<div class='gallery-icon landscape'>\n\t\t\t\t<a data-elementor-open-lightbox=\"yes\" data-elementor-lightbox-slideshow=\"4579f4a\" data-elementor-lightbox-title=\"LICENCIATURA INSTITUTO ALEMAN PUERTO MONTT 2023_0050_DSC_3839\" data-e-action-hash=\"#elementor-action%3Aaction%3Dlightbox%26settings%3DeyJpZCI6Mjc3MDgsInVybCI6Imh0dHBzOlwvXC9pYWxlbWFuLmNsXC93cC1jb250ZW50XC91cGxvYWRzXC8yMDIzXC8xMlwvTElDRU5DSUFUVVJBLUlOU1RJVFVUTy1BTEVNQU4tUFVFUlRPLU1PTlRULTIwMjNfMDA1MF9EU0NfMzgzOS5qcGciLCJzbGlkZXNob3ciOiI0NTc5ZjRhIn0%3D\" href='https:\/\/ialeman.cl\/wp-content\/uploads\/2023\/12\/LICENCIATURA-INSTITUTO-ALEMAN-PUERTO-MONTT-2023_0050_DSC_3839.jpg'><img loading=\"lazy\" decoding=\"async\" width=\"1200\" height=\"801\" src=\"https:\/\/ialeman.cl\/wp-content\/uploads\/2023\/12\/LICENCIATURA-INSTITUTO-ALEMAN-PUERTO-MONTT-2023_0050_DSC_3839.jpg\" class=\"attachment-full size-full\" alt=\"\" srcset=\"https:\/\/ialeman.cl\/wp-content\/uploads\/2023\/12\/LICENCIATURA-INSTITUTO-ALEMAN-PUERTO-MONTT-2023_0050_DSC_3839.jpg 1200w, https:\/\/ialeman.cl\/wp-content\/uploads\/2023\/12\/LICENCIATURA-INSTITUTO-ALEMAN-PUERTO-MONTT-2023_0050_DSC_3839-300x200.jpg 300w, https:\/\/ialeman.cl\/wp-content\/uploads\/2023\/12\/LICENCIATURA-INSTITUTO-ALEMAN-PUERTO-MONTT-2023_0050_DSC_3839-1024x684.jpg 1024w, https:\/\/ialeman.cl\/wp-content\/uploads\/2023\/12\/LICENCIATURA-INSTITUTO-ALEMAN-PUERTO-MONTT-2023_0050_DSC_3839-768x513.jpg 768w\" sizes=\"(max-width: 1200px) 100vw, 1200px\" \/><\/a>\n\t\t\t<\/div><\/figure><figure class='gallery-item'>\n\t\t\t<div class='gallery-icon landscape'>\n\t\t\t\t<a data-elementor-open-lightbox=\"yes\" data-elementor-lightbox-slideshow=\"4579f4a\" data-elementor-lightbox-title=\"LICENCIATURA INSTITUTO ALEMAN PUERTO MONTT 2023_0051_DSC_3836\" data-e-action-hash=\"#elementor-action%3Aaction%3Dlightbox%26settings%3DeyJpZCI6Mjc3MDksInVybCI6Imh0dHBzOlwvXC9pYWxlbWFuLmNsXC93cC1jb250ZW50XC91cGxvYWRzXC8yMDIzXC8xMlwvTElDRU5DSUFUVVJBLUlOU1RJVFVUTy1BTEVNQU4tUFVFUlRPLU1PTlRULTIwMjNfMDA1MV9EU0NfMzgzNi5qcGciLCJzbGlkZXNob3ciOiI0NTc5ZjRhIn0%3D\" href='https:\/\/ialeman.cl\/wp-content\/uploads\/2023\/12\/LICENCIATURA-INSTITUTO-ALEMAN-PUERTO-MONTT-2023_0051_DSC_3836.jpg'><img loading=\"lazy\" decoding=\"async\" width=\"1200\" height=\"801\" src=\"https:\/\/ialeman.cl\/wp-content\/uploads\/2023\/12\/LICENCIATURA-INSTITUTO-ALEMAN-PUERTO-MONTT-2023_0051_DSC_3836.jpg\" class=\"attachment-full size-full\" alt=\"\" srcset=\"https:\/\/ialeman.cl\/wp-content\/uploads\/2023\/12\/LICENCIATURA-INSTITUTO-ALEMAN-PUERTO-MONTT-2023_0051_DSC_3836.jpg 1200w, https:\/\/ialeman.cl\/wp-content\/uploads\/2023\/12\/LICENCIATURA-INSTITUTO-ALEMAN-PUERTO-MONTT-2023_0051_DSC_3836-300x200.jpg 300w, https:\/\/ialeman.cl\/wp-content\/uploads\/2023\/12\/LICENCIATURA-INSTITUTO-ALEMAN-PUERTO-MONTT-2023_0051_DSC_3836-1024x684.jpg 1024w, https:\/\/ialeman.cl\/wp-content\/uploads\/2023\/12\/LICENCIATURA-INSTITUTO-ALEMAN-PUERTO-MONTT-2023_0051_DSC_3836-768x513.jpg 768w\" sizes=\"(max-width: 1200px) 100vw, 1200px\" \/><\/a>\n\t\t\t<\/div><\/figure><figure class='gallery-item'>\n\t\t\t<div class='gallery-icon landscape'>\n\t\t\t\t<a data-elementor-open-lightbox=\"yes\" data-elementor-lightbox-slideshow=\"4579f4a\" data-elementor-lightbox-title=\"LICENCIATURA INSTITUTO ALEMAN PUERTO MONTT 2023_0052_DSC_3835\" data-e-action-hash=\"#elementor-action%3Aaction%3Dlightbox%26settings%3DeyJpZCI6Mjc3MTAsInVybCI6Imh0dHBzOlwvXC9pYWxlbWFuLmNsXC93cC1jb250ZW50XC91cGxvYWRzXC8yMDIzXC8xMlwvTElDRU5DSUFUVVJBLUlOU1RJVFVUTy1BTEVNQU4tUFVFUlRPLU1PTlRULTIwMjNfMDA1Ml9EU0NfMzgzNS5qcGciLCJzbGlkZXNob3ciOiI0NTc5ZjRhIn0%3D\" href='https:\/\/ialeman.cl\/wp-content\/uploads\/2023\/12\/LICENCIATURA-INSTITUTO-ALEMAN-PUERTO-MONTT-2023_0052_DSC_3835.jpg'><img loading=\"lazy\" decoding=\"async\" width=\"1200\" height=\"801\" src=\"https:\/\/ialeman.cl\/wp-content\/uploads\/2023\/12\/LICENCIATURA-INSTITUTO-ALEMAN-PUERTO-MONTT-2023_0052_DSC_3835.jpg\" class=\"attachment-full size-full\" alt=\"\" srcset=\"https:\/\/ialeman.cl\/wp-content\/uploads\/2023\/12\/LICENCIATURA-INSTITUTO-ALEMAN-PUERTO-MONTT-2023_0052_DSC_3835.jpg 1200w, https:\/\/ialeman.cl\/wp-content\/uploads\/2023\/12\/LICENCIATURA-INSTITUTO-ALEMAN-PUERTO-MONTT-2023_0052_DSC_3835-300x200.jpg 300w, https:\/\/ialeman.cl\/wp-content\/uploads\/2023\/12\/LICENCIATURA-INSTITUTO-ALEMAN-PUERTO-MONTT-2023_0052_DSC_3835-1024x684.jpg 1024w, https:\/\/ialeman.cl\/wp-content\/uploads\/2023\/12\/LICENCIATURA-INSTITUTO-ALEMAN-PUERTO-MONTT-2023_0052_DSC_3835-768x513.jpg 768w\" sizes=\"(max-width: 1200px) 100vw, 1200px\" \/><\/a>\n\t\t\t<\/div><\/figure><figure class='gallery-item'>\n\t\t\t<div class='gallery-icon landscape'>\n\t\t\t\t<a data-elementor-open-lightbox=\"yes\" data-elementor-lightbox-slideshow=\"4579f4a\" data-elementor-lightbox-title=\"LICENCIATURA INSTITUTO ALEMAN PUERTO MONTT 2023_0053_DSC_3854\" data-e-action-hash=\"#elementor-action%3Aaction%3Dlightbox%26settings%3DeyJpZCI6Mjc3MTEsInVybCI6Imh0dHBzOlwvXC9pYWxlbWFuLmNsXC93cC1jb250ZW50XC91cGxvYWRzXC8yMDIzXC8xMlwvTElDRU5DSUFUVVJBLUlOU1RJVFVUTy1BTEVNQU4tUFVFUlRPLU1PTlRULTIwMjNfMDA1M19EU0NfMzg1NC5qcGciLCJzbGlkZXNob3ciOiI0NTc5ZjRhIn0%3D\" href='https:\/\/ialeman.cl\/wp-content\/uploads\/2023\/12\/LICENCIATURA-INSTITUTO-ALEMAN-PUERTO-MONTT-2023_0053_DSC_3854.jpg'><img loading=\"lazy\" decoding=\"async\" width=\"1200\" height=\"801\" src=\"https:\/\/ialeman.cl\/wp-content\/uploads\/2023\/12\/LICENCIATURA-INSTITUTO-ALEMAN-PUERTO-MONTT-2023_0053_DSC_3854.jpg\" class=\"attachment-full size-full\" alt=\"\" srcset=\"https:\/\/ialeman.cl\/wp-content\/uploads\/2023\/12\/LICENCIATURA-INSTITUTO-ALEMAN-PUERTO-MONTT-2023_0053_DSC_3854.jpg 1200w, https:\/\/ialeman.cl\/wp-content\/uploads\/2023\/12\/LICENCIATURA-INSTITUTO-ALEMAN-PUERTO-MONTT-2023_0053_DSC_3854-300x200.jpg 300w, https:\/\/ialeman.cl\/wp-content\/uploads\/2023\/12\/LICENCIATURA-INSTITUTO-ALEMAN-PUERTO-MONTT-2023_0053_DSC_3854-1024x684.jpg 1024w, https:\/\/ialeman.cl\/wp-content\/uploads\/2023\/12\/LICENCIATURA-INSTITUTO-ALEMAN-PUERTO-MONTT-2023_0053_DSC_3854-768x513.jpg 768w\" sizes=\"(max-width: 1200px) 100vw, 1200px\" \/><\/a>\n\t\t\t<\/div><\/figure><figure class='gallery-item'>\n\t\t\t<div class='gallery-icon landscape'>\n\t\t\t\t<a data-elementor-open-lightbox=\"yes\" data-elementor-lightbox-slideshow=\"4579f4a\" data-elementor-lightbox-title=\"LICENCIATURA INSTITUTO ALEMAN PUERTO MONTT 2023_0054_DSC_3824\" data-e-action-hash=\"#elementor-action%3Aaction%3Dlightbox%26settings%3DeyJpZCI6Mjc3MTIsInVybCI6Imh0dHBzOlwvXC9pYWxlbWFuLmNsXC93cC1jb250ZW50XC91cGxvYWRzXC8yMDIzXC8xMlwvTElDRU5DSUFUVVJBLUlOU1RJVFVUTy1BTEVNQU4tUFVFUlRPLU1PTlRULTIwMjNfMDA1NF9EU0NfMzgyNC5qcGciLCJzbGlkZXNob3ciOiI0NTc5ZjRhIn0%3D\" href='https:\/\/ialeman.cl\/wp-content\/uploads\/2023\/12\/LICENCIATURA-INSTITUTO-ALEMAN-PUERTO-MONTT-2023_0054_DSC_3824.jpg'><img loading=\"lazy\" decoding=\"async\" width=\"1200\" height=\"801\" src=\"https:\/\/ialeman.cl\/wp-content\/uploads\/2023\/12\/LICENCIATURA-INSTITUTO-ALEMAN-PUERTO-MONTT-2023_0054_DSC_3824.jpg\" class=\"attachment-full size-full\" alt=\"\" srcset=\"https:\/\/ialeman.cl\/wp-content\/uploads\/2023\/12\/LICENCIATURA-INSTITUTO-ALEMAN-PUERTO-MONTT-2023_0054_DSC_3824.jpg 1200w, https:\/\/ialeman.cl\/wp-content\/uploads\/2023\/12\/LICENCIATURA-INSTITUTO-ALEMAN-PUERTO-MONTT-2023_0054_DSC_3824-300x200.jpg 300w, https:\/\/ialeman.cl\/wp-content\/uploads\/2023\/12\/LICENCIATURA-INSTITUTO-ALEMAN-PUERTO-MONTT-2023_0054_DSC_3824-1024x684.jpg 1024w, https:\/\/ialeman.cl\/wp-content\/uploads\/2023\/12\/LICENCIATURA-INSTITUTO-ALEMAN-PUERTO-MONTT-2023_0054_DSC_3824-768x513.jpg 768w\" sizes=\"(max-width: 1200px) 100vw, 1200px\" \/><\/a>\n\t\t\t<\/div><\/figure><figure class='gallery-item'>\n\t\t\t<div class='gallery-icon landscape'>\n\t\t\t\t<a data-elementor-open-lightbox=\"yes\" data-elementor-lightbox-slideshow=\"4579f4a\" data-elementor-lightbox-title=\"LICENCIATURA INSTITUTO ALEMAN PUERTO MONTT 2023_0055_DSC_3822\" data-e-action-hash=\"#elementor-action%3Aaction%3Dlightbox%26settings%3DeyJpZCI6Mjc3MTMsInVybCI6Imh0dHBzOlwvXC9pYWxlbWFuLmNsXC93cC1jb250ZW50XC91cGxvYWRzXC8yMDIzXC8xMlwvTElDRU5DSUFUVVJBLUlOU1RJVFVUTy1BTEVNQU4tUFVFUlRPLU1PTlRULTIwMjNfMDA1NV9EU0NfMzgyMi5qcGciLCJzbGlkZXNob3ciOiI0NTc5ZjRhIn0%3D\" href='https:\/\/ialeman.cl\/wp-content\/uploads\/2023\/12\/LICENCIATURA-INSTITUTO-ALEMAN-PUERTO-MONTT-2023_0055_DSC_3822.jpg'><img loading=\"lazy\" decoding=\"async\" width=\"1200\" height=\"801\" src=\"https:\/\/ialeman.cl\/wp-content\/uploads\/2023\/12\/LICENCIATURA-INSTITUTO-ALEMAN-PUERTO-MONTT-2023_0055_DSC_3822.jpg\" class=\"attachment-full size-full\" alt=\"\" srcset=\"https:\/\/ialeman.cl\/wp-content\/uploads\/2023\/12\/LICENCIATURA-INSTITUTO-ALEMAN-PUERTO-MONTT-2023_0055_DSC_3822.jpg 1200w, https:\/\/ialeman.cl\/wp-content\/uploads\/2023\/12\/LICENCIATURA-INSTITUTO-ALEMAN-PUERTO-MONTT-2023_0055_DSC_3822-300x200.jpg 300w, https:\/\/ialeman.cl\/wp-content\/uploads\/2023\/12\/LICENCIATURA-INSTITUTO-ALEMAN-PUERTO-MONTT-2023_0055_DSC_3822-1024x684.jpg 1024w, https:\/\/ialeman.cl\/wp-content\/uploads\/2023\/12\/LICENCIATURA-INSTITUTO-ALEMAN-PUERTO-MONTT-2023_0055_DSC_3822-768x513.jpg 768w\" sizes=\"(max-width: 1200px) 100vw, 1200px\" \/><\/a>\n\t\t\t<\/div><\/figure><figure class='gallery-item'>\n\t\t\t<div class='gallery-icon landscape'>\n\t\t\t\t<a data-elementor-open-lightbox=\"yes\" data-elementor-lightbox-slideshow=\"4579f4a\" data-elementor-lightbox-title=\"LICENCIATURA INSTITUTO ALEMAN PUERTO MONTT 2023_0056_DSC_3818\" data-e-action-hash=\"#elementor-action%3Aaction%3Dlightbox%26settings%3DeyJpZCI6Mjc3MTQsInVybCI6Imh0dHBzOlwvXC9pYWxlbWFuLmNsXC93cC1jb250ZW50XC91cGxvYWRzXC8yMDIzXC8xMlwvTElDRU5DSUFUVVJBLUlOU1RJVFVUTy1BTEVNQU4tUFVFUlRPLU1PTlRULTIwMjNfMDA1Nl9EU0NfMzgxOC5qcGciLCJzbGlkZXNob3ciOiI0NTc5ZjRhIn0%3D\" href='https:\/\/ialeman.cl\/wp-content\/uploads\/2023\/12\/LICENCIATURA-INSTITUTO-ALEMAN-PUERTO-MONTT-2023_0056_DSC_3818.jpg'><img loading=\"lazy\" decoding=\"async\" width=\"1200\" height=\"801\" src=\"https:\/\/ialeman.cl\/wp-content\/uploads\/2023\/12\/LICENCIATURA-INSTITUTO-ALEMAN-PUERTO-MONTT-2023_0056_DSC_3818.jpg\" class=\"attachment-full size-full\" alt=\"\" srcset=\"https:\/\/ialeman.cl\/wp-content\/uploads\/2023\/12\/LICENCIATURA-INSTITUTO-ALEMAN-PUERTO-MONTT-2023_0056_DSC_3818.jpg 1200w, https:\/\/ialeman.cl\/wp-content\/uploads\/2023\/12\/LICENCIATURA-INSTITUTO-ALEMAN-PUERTO-MONTT-2023_0056_DSC_3818-300x200.jpg 300w, https:\/\/ialeman.cl\/wp-content\/uploads\/2023\/12\/LICENCIATURA-INSTITUTO-ALEMAN-PUERTO-MONTT-2023_0056_DSC_3818-1024x684.jpg 1024w, https:\/\/ialeman.cl\/wp-content\/uploads\/2023\/12\/LICENCIATURA-INSTITUTO-ALEMAN-PUERTO-MONTT-2023_0056_DSC_3818-768x513.jpg 768w\" sizes=\"(max-width: 1200px) 100vw, 1200px\" \/><\/a>\n\t\t\t<\/div><\/figure><figure class='gallery-item'>\n\t\t\t<div class='gallery-icon landscape'>\n\t\t\t\t<a data-elementor-open-lightbox=\"yes\" data-elementor-lightbox-slideshow=\"4579f4a\" data-elementor-lightbox-title=\"LICENCIATURA INSTITUTO ALEMAN PUERTO MONTT 2023_0057_DSC_3815\" data-e-action-hash=\"#elementor-action%3Aaction%3Dlightbox%26settings%3DeyJpZCI6Mjc3MTUsInVybCI6Imh0dHBzOlwvXC9pYWxlbWFuLmNsXC93cC1jb250ZW50XC91cGxvYWRzXC8yMDIzXC8xMlwvTElDRU5DSUFUVVJBLUlOU1RJVFVUTy1BTEVNQU4tUFVFUlRPLU1PTlRULTIwMjNfMDA1N19EU0NfMzgxNS5qcGciLCJzbGlkZXNob3ciOiI0NTc5ZjRhIn0%3D\" href='https:\/\/ialeman.cl\/wp-content\/uploads\/2023\/12\/LICENCIATURA-INSTITUTO-ALEMAN-PUERTO-MONTT-2023_0057_DSC_3815.jpg'><img loading=\"lazy\" decoding=\"async\" width=\"1200\" height=\"801\" src=\"https:\/\/ialeman.cl\/wp-content\/uploads\/2023\/12\/LICENCIATURA-INSTITUTO-ALEMAN-PUERTO-MONTT-2023_0057_DSC_3815.jpg\" class=\"attachment-full size-full\" alt=\"\" srcset=\"https:\/\/ialeman.cl\/wp-content\/uploads\/2023\/12\/LICENCIATURA-INSTITUTO-ALEMAN-PUERTO-MONTT-2023_0057_DSC_3815.jpg 1200w, https:\/\/ialeman.cl\/wp-content\/uploads\/2023\/12\/LICENCIATURA-INSTITUTO-ALEMAN-PUERTO-MONTT-2023_0057_DSC_3815-300x200.jpg 300w, https:\/\/ialeman.cl\/wp-content\/uploads\/2023\/12\/LICENCIATURA-INSTITUTO-ALEMAN-PUERTO-MONTT-2023_0057_DSC_3815-1024x684.jpg 1024w, https:\/\/ialeman.cl\/wp-content\/uploads\/2023\/12\/LICENCIATURA-INSTITUTO-ALEMAN-PUERTO-MONTT-2023_0057_DSC_3815-768x513.jpg 768w\" sizes=\"(max-width: 1200px) 100vw, 1200px\" \/><\/a>\n\t\t\t<\/div><\/figure><figure class='gallery-item'>\n\t\t\t<div class='gallery-icon landscape'>\n\t\t\t\t<a data-elementor-open-lightbox=\"yes\" data-elementor-lightbox-slideshow=\"4579f4a\" data-elementor-lightbox-title=\"LICENCIATURA INSTITUTO ALEMAN PUERTO MONTT 2023_0058_DSC_3800\" data-e-action-hash=\"#elementor-action%3Aaction%3Dlightbox%26settings%3DeyJpZCI6Mjc3MTYsInVybCI6Imh0dHBzOlwvXC9pYWxlbWFuLmNsXC93cC1jb250ZW50XC91cGxvYWRzXC8yMDIzXC8xMlwvTElDRU5DSUFUVVJBLUlOU1RJVFVUTy1BTEVNQU4tUFVFUlRPLU1PTlRULTIwMjNfMDA1OF9EU0NfMzgwMC5qcGciLCJzbGlkZXNob3ciOiI0NTc5ZjRhIn0%3D\" href='https:\/\/ialeman.cl\/wp-content\/uploads\/2023\/12\/LICENCIATURA-INSTITUTO-ALEMAN-PUERTO-MONTT-2023_0058_DSC_3800.jpg'><img loading=\"lazy\" decoding=\"async\" width=\"1200\" height=\"801\" src=\"https:\/\/ialeman.cl\/wp-content\/uploads\/2023\/12\/LICENCIATURA-INSTITUTO-ALEMAN-PUERTO-MONTT-2023_0058_DSC_3800.jpg\" class=\"attachment-full size-full\" alt=\"\" srcset=\"https:\/\/ialeman.cl\/wp-content\/uploads\/2023\/12\/LICENCIATURA-INSTITUTO-ALEMAN-PUERTO-MONTT-2023_0058_DSC_3800.jpg 1200w, https:\/\/ialeman.cl\/wp-content\/uploads\/2023\/12\/LICENCIATURA-INSTITUTO-ALEMAN-PUERTO-MONTT-2023_0058_DSC_3800-300x200.jpg 300w, https:\/\/ialeman.cl\/wp-content\/uploads\/2023\/12\/LICENCIATURA-INSTITUTO-ALEMAN-PUERTO-MONTT-2023_0058_DSC_3800-1024x684.jpg 1024w, https:\/\/ialeman.cl\/wp-content\/uploads\/2023\/12\/LICENCIATURA-INSTITUTO-ALEMAN-PUERTO-MONTT-2023_0058_DSC_3800-768x513.jpg 768w\" sizes=\"(max-width: 1200px) 100vw, 1200px\" \/><\/a>\n\t\t\t<\/div><\/figure><figure class='gallery-item'>\n\t\t\t<div class='gallery-icon landscape'>\n\t\t\t\t<a data-elementor-open-lightbox=\"yes\" data-elementor-lightbox-slideshow=\"4579f4a\" data-elementor-lightbox-title=\"LICENCIATURA INSTITUTO ALEMAN PUERTO MONTT 2023_0059_DSC_3799\" data-e-action-hash=\"#elementor-action%3Aaction%3Dlightbox%26settings%3DeyJpZCI6Mjc3MTcsInVybCI6Imh0dHBzOlwvXC9pYWxlbWFuLmNsXC93cC1jb250ZW50XC91cGxvYWRzXC8yMDIzXC8xMlwvTElDRU5DSUFUVVJBLUlOU1RJVFVUTy1BTEVNQU4tUFVFUlRPLU1PTlRULTIwMjNfMDA1OV9EU0NfMzc5OS5qcGciLCJzbGlkZXNob3ciOiI0NTc5ZjRhIn0%3D\" href='https:\/\/ialeman.cl\/wp-content\/uploads\/2023\/12\/LICENCIATURA-INSTITUTO-ALEMAN-PUERTO-MONTT-2023_0059_DSC_3799.jpg'><img loading=\"lazy\" decoding=\"async\" width=\"1200\" height=\"801\" src=\"https:\/\/ialeman.cl\/wp-content\/uploads\/2023\/12\/LICENCIATURA-INSTITUTO-ALEMAN-PUERTO-MONTT-2023_0059_DSC_3799.jpg\" class=\"attachment-full size-full\" alt=\"\" srcset=\"https:\/\/ialeman.cl\/wp-content\/uploads\/2023\/12\/LICENCIATURA-INSTITUTO-ALEMAN-PUERTO-MONTT-2023_0059_DSC_3799.jpg 1200w, https:\/\/ialeman.cl\/wp-content\/uploads\/2023\/12\/LICENCIATURA-INSTITUTO-ALEMAN-PUERTO-MONTT-2023_0059_DSC_3799-300x200.jpg 300w, https:\/\/ialeman.cl\/wp-content\/uploads\/2023\/12\/LICENCIATURA-INSTITUTO-ALEMAN-PUERTO-MONTT-2023_0059_DSC_3799-1024x684.jpg 1024w, https:\/\/ialeman.cl\/wp-content\/uploads\/2023\/12\/LICENCIATURA-INSTITUTO-ALEMAN-PUERTO-MONTT-2023_0059_DSC_3799-768x513.jpg 768w\" sizes=\"(max-width: 1200px) 100vw, 1200px\" \/><\/a>\n\t\t\t<\/div><\/figure><figure class='gallery-item'>\n\t\t\t<div class='gallery-icon landscape'>\n\t\t\t\t<a data-elementor-open-lightbox=\"yes\" data-elementor-lightbox-slideshow=\"4579f4a\" data-elementor-lightbox-title=\"LICENCIATURA INSTITUTO ALEMAN PUERTO MONTT 2023_0060_DSC_3794\" data-e-action-hash=\"#elementor-action%3Aaction%3Dlightbox%26settings%3DeyJpZCI6Mjc3MTgsInVybCI6Imh0dHBzOlwvXC9pYWxlbWFuLmNsXC93cC1jb250ZW50XC91cGxvYWRzXC8yMDIzXC8xMlwvTElDRU5DSUFUVVJBLUlOU1RJVFVUTy1BTEVNQU4tUFVFUlRPLU1PTlRULTIwMjNfMDA2MF9EU0NfMzc5NC5qcGciLCJzbGlkZXNob3ciOiI0NTc5ZjRhIn0%3D\" href='https:\/\/ialeman.cl\/wp-content\/uploads\/2023\/12\/LICENCIATURA-INSTITUTO-ALEMAN-PUERTO-MONTT-2023_0060_DSC_3794.jpg'><img loading=\"lazy\" decoding=\"async\" width=\"1200\" height=\"801\" src=\"https:\/\/ialeman.cl\/wp-content\/uploads\/2023\/12\/LICENCIATURA-INSTITUTO-ALEMAN-PUERTO-MONTT-2023_0060_DSC_3794.jpg\" class=\"attachment-full size-full\" alt=\"\" srcset=\"https:\/\/ialeman.cl\/wp-content\/uploads\/2023\/12\/LICENCIATURA-INSTITUTO-ALEMAN-PUERTO-MONTT-2023_0060_DSC_3794.jpg 1200w, https:\/\/ialeman.cl\/wp-content\/uploads\/2023\/12\/LICENCIATURA-INSTITUTO-ALEMAN-PUERTO-MONTT-2023_0060_DSC_3794-300x200.jpg 300w, https:\/\/ialeman.cl\/wp-content\/uploads\/2023\/12\/LICENCIATURA-INSTITUTO-ALEMAN-PUERTO-MONTT-2023_0060_DSC_3794-1024x684.jpg 1024w, https:\/\/ialeman.cl\/wp-content\/uploads\/2023\/12\/LICENCIATURA-INSTITUTO-ALEMAN-PUERTO-MONTT-2023_0060_DSC_3794-768x513.jpg 768w\" sizes=\"(max-width: 1200px) 100vw, 1200px\" \/><\/a>\n\t\t\t<\/div><\/figure><figure class='gallery-item'>\n\t\t\t<div class='gallery-icon landscape'>\n\t\t\t\t<a data-elementor-open-lightbox=\"yes\" data-elementor-lightbox-slideshow=\"4579f4a\" data-elementor-lightbox-title=\"LICENCIATURA INSTITUTO ALEMAN PUERTO MONTT 2023_0061_DSC_3793\" data-e-action-hash=\"#elementor-action%3Aaction%3Dlightbox%26settings%3DeyJpZCI6Mjc3MTksInVybCI6Imh0dHBzOlwvXC9pYWxlbWFuLmNsXC93cC1jb250ZW50XC91cGxvYWRzXC8yMDIzXC8xMlwvTElDRU5DSUFUVVJBLUlOU1RJVFVUTy1BTEVNQU4tUFVFUlRPLU1PTlRULTIwMjNfMDA2MV9EU0NfMzc5My5qcGciLCJzbGlkZXNob3ciOiI0NTc5ZjRhIn0%3D\" href='https:\/\/ialeman.cl\/wp-content\/uploads\/2023\/12\/LICENCIATURA-INSTITUTO-ALEMAN-PUERTO-MONTT-2023_0061_DSC_3793.jpg'><img loading=\"lazy\" decoding=\"async\" width=\"1200\" height=\"801\" src=\"https:\/\/ialeman.cl\/wp-content\/uploads\/2023\/12\/LICENCIATURA-INSTITUTO-ALEMAN-PUERTO-MONTT-2023_0061_DSC_3793.jpg\" class=\"attachment-full size-full\" alt=\"\" srcset=\"https:\/\/ialeman.cl\/wp-content\/uploads\/2023\/12\/LICENCIATURA-INSTITUTO-ALEMAN-PUERTO-MONTT-2023_0061_DSC_3793.jpg 1200w, https:\/\/ialeman.cl\/wp-content\/uploads\/2023\/12\/LICENCIATURA-INSTITUTO-ALEMAN-PUERTO-MONTT-2023_0061_DSC_3793-300x200.jpg 300w, https:\/\/ialeman.cl\/wp-content\/uploads\/2023\/12\/LICENCIATURA-INSTITUTO-ALEMAN-PUERTO-MONTT-2023_0061_DSC_3793-1024x684.jpg 1024w, https:\/\/ialeman.cl\/wp-content\/uploads\/2023\/12\/LICENCIATURA-INSTITUTO-ALEMAN-PUERTO-MONTT-2023_0061_DSC_3793-768x513.jpg 768w\" sizes=\"(max-width: 1200px) 100vw, 1200px\" \/><\/a>\n\t\t\t<\/div><\/figure><figure class='gallery-item'>\n\t\t\t<div class='gallery-icon landscape'>\n\t\t\t\t<a data-elementor-open-lightbox=\"yes\" data-elementor-lightbox-slideshow=\"4579f4a\" data-elementor-lightbox-title=\"LICENCIATURA INSTITUTO ALEMAN PUERTO MONTT 2023_0062_DSC_3778\" data-e-action-hash=\"#elementor-action%3Aaction%3Dlightbox%26settings%3DeyJpZCI6Mjc3MjAsInVybCI6Imh0dHBzOlwvXC9pYWxlbWFuLmNsXC93cC1jb250ZW50XC91cGxvYWRzXC8yMDIzXC8xMlwvTElDRU5DSUFUVVJBLUlOU1RJVFVUTy1BTEVNQU4tUFVFUlRPLU1PTlRULTIwMjNfMDA2Ml9EU0NfMzc3OC5qcGciLCJzbGlkZXNob3ciOiI0NTc5ZjRhIn0%3D\" href='https:\/\/ialeman.cl\/wp-content\/uploads\/2023\/12\/LICENCIATURA-INSTITUTO-ALEMAN-PUERTO-MONTT-2023_0062_DSC_3778.jpg'><img loading=\"lazy\" decoding=\"async\" width=\"1200\" height=\"801\" src=\"https:\/\/ialeman.cl\/wp-content\/uploads\/2023\/12\/LICENCIATURA-INSTITUTO-ALEMAN-PUERTO-MONTT-2023_0062_DSC_3778.jpg\" class=\"attachment-full size-full\" alt=\"\" srcset=\"https:\/\/ialeman.cl\/wp-content\/uploads\/2023\/12\/LICENCIATURA-INSTITUTO-ALEMAN-PUERTO-MONTT-2023_0062_DSC_3778.jpg 1200w, https:\/\/ialeman.cl\/wp-content\/uploads\/2023\/12\/LICENCIATURA-INSTITUTO-ALEMAN-PUERTO-MONTT-2023_0062_DSC_3778-300x200.jpg 300w, https:\/\/ialeman.cl\/wp-content\/uploads\/2023\/12\/LICENCIATURA-INSTITUTO-ALEMAN-PUERTO-MONTT-2023_0062_DSC_3778-1024x684.jpg 1024w, https:\/\/ialeman.cl\/wp-content\/uploads\/2023\/12\/LICENCIATURA-INSTITUTO-ALEMAN-PUERTO-MONTT-2023_0062_DSC_3778-768x513.jpg 768w\" sizes=\"(max-width: 1200px) 100vw, 1200px\" \/><\/a>\n\t\t\t<\/div><\/figure><figure class='gallery-item'>\n\t\t\t<div class='gallery-icon landscape'>\n\t\t\t\t<a data-elementor-open-lightbox=\"yes\" data-elementor-lightbox-slideshow=\"4579f4a\" data-elementor-lightbox-title=\"LICENCIATURA INSTITUTO ALEMAN PUERTO MONTT 2023_0063_DSC_3772\" data-e-action-hash=\"#elementor-action%3Aaction%3Dlightbox%26settings%3DeyJpZCI6Mjc3MjEsInVybCI6Imh0dHBzOlwvXC9pYWxlbWFuLmNsXC93cC1jb250ZW50XC91cGxvYWRzXC8yMDIzXC8xMlwvTElDRU5DSUFUVVJBLUlOU1RJVFVUTy1BTEVNQU4tUFVFUlRPLU1PTlRULTIwMjNfMDA2M19EU0NfMzc3Mi5qcGciLCJzbGlkZXNob3ciOiI0NTc5ZjRhIn0%3D\" href='https:\/\/ialeman.cl\/wp-content\/uploads\/2023\/12\/LICENCIATURA-INSTITUTO-ALEMAN-PUERTO-MONTT-2023_0063_DSC_3772.jpg'><img loading=\"lazy\" decoding=\"async\" width=\"1200\" height=\"801\" src=\"https:\/\/ialeman.cl\/wp-content\/uploads\/2023\/12\/LICENCIATURA-INSTITUTO-ALEMAN-PUERTO-MONTT-2023_0063_DSC_3772.jpg\" class=\"attachment-full size-full\" alt=\"\" srcset=\"https:\/\/ialeman.cl\/wp-content\/uploads\/2023\/12\/LICENCIATURA-INSTITUTO-ALEMAN-PUERTO-MONTT-2023_0063_DSC_3772.jpg 1200w, https:\/\/ialeman.cl\/wp-content\/uploads\/2023\/12\/LICENCIATURA-INSTITUTO-ALEMAN-PUERTO-MONTT-2023_0063_DSC_3772-300x200.jpg 300w, https:\/\/ialeman.cl\/wp-content\/uploads\/2023\/12\/LICENCIATURA-INSTITUTO-ALEMAN-PUERTO-MONTT-2023_0063_DSC_3772-1024x684.jpg 1024w, https:\/\/ialeman.cl\/wp-content\/uploads\/2023\/12\/LICENCIATURA-INSTITUTO-ALEMAN-PUERTO-MONTT-2023_0063_DSC_3772-768x513.jpg 768w\" sizes=\"(max-width: 1200px) 100vw, 1200px\" \/><\/a>\n\t\t\t<\/div><\/figure><figure class='gallery-item'>\n\t\t\t<div class='gallery-icon landscape'>\n\t\t\t\t<a data-elementor-open-lightbox=\"yes\" data-elementor-lightbox-slideshow=\"4579f4a\" data-elementor-lightbox-title=\"LICENCIATURA INSTITUTO ALEMAN PUERTO MONTT 2023_0064_DSC_3769\" data-e-action-hash=\"#elementor-action%3Aaction%3Dlightbox%26settings%3DeyJpZCI6Mjc3MjIsInVybCI6Imh0dHBzOlwvXC9pYWxlbWFuLmNsXC93cC1jb250ZW50XC91cGxvYWRzXC8yMDIzXC8xMlwvTElDRU5DSUFUVVJBLUlOU1RJVFVUTy1BTEVNQU4tUFVFUlRPLU1PTlRULTIwMjNfMDA2NF9EU0NfMzc2OS5qcGciLCJzbGlkZXNob3ciOiI0NTc5ZjRhIn0%3D\" href='https:\/\/ialeman.cl\/wp-content\/uploads\/2023\/12\/LICENCIATURA-INSTITUTO-ALEMAN-PUERTO-MONTT-2023_0064_DSC_3769.jpg'><img loading=\"lazy\" decoding=\"async\" width=\"1200\" height=\"801\" src=\"https:\/\/ialeman.cl\/wp-content\/uploads\/2023\/12\/LICENCIATURA-INSTITUTO-ALEMAN-PUERTO-MONTT-2023_0064_DSC_3769.jpg\" class=\"attachment-full size-full\" alt=\"\" srcset=\"https:\/\/ialeman.cl\/wp-content\/uploads\/2023\/12\/LICENCIATURA-INSTITUTO-ALEMAN-PUERTO-MONTT-2023_0064_DSC_3769.jpg 1200w, https:\/\/ialeman.cl\/wp-content\/uploads\/2023\/12\/LICENCIATURA-INSTITUTO-ALEMAN-PUERTO-MONTT-2023_0064_DSC_3769-300x200.jpg 300w, https:\/\/ialeman.cl\/wp-content\/uploads\/2023\/12\/LICENCIATURA-INSTITUTO-ALEMAN-PUERTO-MONTT-2023_0064_DSC_3769-1024x684.jpg 1024w, https:\/\/ialeman.cl\/wp-content\/uploads\/2023\/12\/LICENCIATURA-INSTITUTO-ALEMAN-PUERTO-MONTT-2023_0064_DSC_3769-768x513.jpg 768w\" sizes=\"(max-width: 1200px) 100vw, 1200px\" \/><\/a>\n\t\t\t<\/div><\/figure><figure class='gallery-item'>\n\t\t\t<div class='gallery-icon landscape'>\n\t\t\t\t<a data-elementor-open-lightbox=\"yes\" data-elementor-lightbox-slideshow=\"4579f4a\" data-elementor-lightbox-title=\"LICENCIATURA INSTITUTO ALEMAN PUERTO MONTT 2023_0065_DSC_3763\" data-e-action-hash=\"#elementor-action%3Aaction%3Dlightbox%26settings%3DeyJpZCI6Mjc3MjMsInVybCI6Imh0dHBzOlwvXC9pYWxlbWFuLmNsXC93cC1jb250ZW50XC91cGxvYWRzXC8yMDIzXC8xMlwvTElDRU5DSUFUVVJBLUlOU1RJVFVUTy1BTEVNQU4tUFVFUlRPLU1PTlRULTIwMjNfMDA2NV9EU0NfMzc2My5qcGciLCJzbGlkZXNob3ciOiI0NTc5ZjRhIn0%3D\" href='https:\/\/ialeman.cl\/wp-content\/uploads\/2023\/12\/LICENCIATURA-INSTITUTO-ALEMAN-PUERTO-MONTT-2023_0065_DSC_3763.jpg'><img loading=\"lazy\" decoding=\"async\" width=\"1200\" height=\"801\" src=\"https:\/\/ialeman.cl\/wp-content\/uploads\/2023\/12\/LICENCIATURA-INSTITUTO-ALEMAN-PUERTO-MONTT-2023_0065_DSC_3763.jpg\" class=\"attachment-full size-full\" alt=\"\" srcset=\"https:\/\/ialeman.cl\/wp-content\/uploads\/2023\/12\/LICENCIATURA-INSTITUTO-ALEMAN-PUERTO-MONTT-2023_0065_DSC_3763.jpg 1200w, https:\/\/ialeman.cl\/wp-content\/uploads\/2023\/12\/LICENCIATURA-INSTITUTO-ALEMAN-PUERTO-MONTT-2023_0065_DSC_3763-300x200.jpg 300w, https:\/\/ialeman.cl\/wp-content\/uploads\/2023\/12\/LICENCIATURA-INSTITUTO-ALEMAN-PUERTO-MONTT-2023_0065_DSC_3763-1024x684.jpg 1024w, https:\/\/ialeman.cl\/wp-content\/uploads\/2023\/12\/LICENCIATURA-INSTITUTO-ALEMAN-PUERTO-MONTT-2023_0065_DSC_3763-768x513.jpg 768w\" sizes=\"(max-width: 1200px) 100vw, 1200px\" \/><\/a>\n\t\t\t<\/div><\/figure><figure class='gallery-item'>\n\t\t\t<div class='gallery-icon landscape'>\n\t\t\t\t<a data-elementor-open-lightbox=\"yes\" data-elementor-lightbox-slideshow=\"4579f4a\" data-elementor-lightbox-title=\"LICENCIATURA INSTITUTO ALEMAN PUERTO MONTT 2023_0066_DSC_3758\" data-e-action-hash=\"#elementor-action%3Aaction%3Dlightbox%26settings%3DeyJpZCI6Mjc3MjQsInVybCI6Imh0dHBzOlwvXC9pYWxlbWFuLmNsXC93cC1jb250ZW50XC91cGxvYWRzXC8yMDIzXC8xMlwvTElDRU5DSUFUVVJBLUlOU1RJVFVUTy1BTEVNQU4tUFVFUlRPLU1PTlRULTIwMjNfMDA2Nl9EU0NfMzc1OC5qcGciLCJzbGlkZXNob3ciOiI0NTc5ZjRhIn0%3D\" href='https:\/\/ialeman.cl\/wp-content\/uploads\/2023\/12\/LICENCIATURA-INSTITUTO-ALEMAN-PUERTO-MONTT-2023_0066_DSC_3758.jpg'><img loading=\"lazy\" decoding=\"async\" width=\"1200\" height=\"801\" src=\"https:\/\/ialeman.cl\/wp-content\/uploads\/2023\/12\/LICENCIATURA-INSTITUTO-ALEMAN-PUERTO-MONTT-2023_0066_DSC_3758.jpg\" class=\"attachment-full size-full\" alt=\"\" srcset=\"https:\/\/ialeman.cl\/wp-content\/uploads\/2023\/12\/LICENCIATURA-INSTITUTO-ALEMAN-PUERTO-MONTT-2023_0066_DSC_3758.jpg 1200w, https:\/\/ialeman.cl\/wp-content\/uploads\/2023\/12\/LICENCIATURA-INSTITUTO-ALEMAN-PUERTO-MONTT-2023_0066_DSC_3758-300x200.jpg 300w, https:\/\/ialeman.cl\/wp-content\/uploads\/2023\/12\/LICENCIATURA-INSTITUTO-ALEMAN-PUERTO-MONTT-2023_0066_DSC_3758-1024x684.jpg 1024w, https:\/\/ialeman.cl\/wp-content\/uploads\/2023\/12\/LICENCIATURA-INSTITUTO-ALEMAN-PUERTO-MONTT-2023_0066_DSC_3758-768x513.jpg 768w\" sizes=\"(max-width: 1200px) 100vw, 1200px\" \/><\/a>\n\t\t\t<\/div><\/figure><figure class='gallery-item'>\n\t\t\t<div class='gallery-icon landscape'>\n\t\t\t\t<a data-elementor-open-lightbox=\"yes\" data-elementor-lightbox-slideshow=\"4579f4a\" data-elementor-lightbox-title=\"LICENCIATURA INSTITUTO ALEMAN PUERTO MONTT 2023_0067_DSC_3833\" data-e-action-hash=\"#elementor-action%3Aaction%3Dlightbox%26settings%3DeyJpZCI6Mjc3MjUsInVybCI6Imh0dHBzOlwvXC9pYWxlbWFuLmNsXC93cC1jb250ZW50XC91cGxvYWRzXC8yMDIzXC8xMlwvTElDRU5DSUFUVVJBLUlOU1RJVFVUTy1BTEVNQU4tUFVFUlRPLU1PTlRULTIwMjNfMDA2N19EU0NfMzgzMy5qcGciLCJzbGlkZXNob3ciOiI0NTc5ZjRhIn0%3D\" href='https:\/\/ialeman.cl\/wp-content\/uploads\/2023\/12\/LICENCIATURA-INSTITUTO-ALEMAN-PUERTO-MONTT-2023_0067_DSC_3833.jpg'><img loading=\"lazy\" decoding=\"async\" width=\"1200\" height=\"801\" src=\"https:\/\/ialeman.cl\/wp-content\/uploads\/2023\/12\/LICENCIATURA-INSTITUTO-ALEMAN-PUERTO-MONTT-2023_0067_DSC_3833.jpg\" class=\"attachment-full size-full\" alt=\"\" srcset=\"https:\/\/ialeman.cl\/wp-content\/uploads\/2023\/12\/LICENCIATURA-INSTITUTO-ALEMAN-PUERTO-MONTT-2023_0067_DSC_3833.jpg 1200w, https:\/\/ialeman.cl\/wp-content\/uploads\/2023\/12\/LICENCIATURA-INSTITUTO-ALEMAN-PUERTO-MONTT-2023_0067_DSC_3833-300x200.jpg 300w, https:\/\/ialeman.cl\/wp-content\/uploads\/2023\/12\/LICENCIATURA-INSTITUTO-ALEMAN-PUERTO-MONTT-2023_0067_DSC_3833-1024x684.jpg 1024w, https:\/\/ialeman.cl\/wp-content\/uploads\/2023\/12\/LICENCIATURA-INSTITUTO-ALEMAN-PUERTO-MONTT-2023_0067_DSC_3833-768x513.jpg 768w\" sizes=\"(max-width: 1200px) 100vw, 1200px\" \/><\/a>\n\t\t\t<\/div><\/figure><figure class='gallery-item'>\n\t\t\t<div class='gallery-icon landscape'>\n\t\t\t\t<a data-elementor-open-lightbox=\"yes\" data-elementor-lightbox-slideshow=\"4579f4a\" data-elementor-lightbox-title=\"LICENCIATURA INSTITUTO ALEMAN PUERTO MONTT 2023_0068_DSC_3756\" data-e-action-hash=\"#elementor-action%3Aaction%3Dlightbox%26settings%3DeyJpZCI6Mjc3MjYsInVybCI6Imh0dHBzOlwvXC9pYWxlbWFuLmNsXC93cC1jb250ZW50XC91cGxvYWRzXC8yMDIzXC8xMlwvTElDRU5DSUFUVVJBLUlOU1RJVFVUTy1BTEVNQU4tUFVFUlRPLU1PTlRULTIwMjNfMDA2OF9EU0NfMzc1Ni5qcGciLCJzbGlkZXNob3ciOiI0NTc5ZjRhIn0%3D\" href='https:\/\/ialeman.cl\/wp-content\/uploads\/2023\/12\/LICENCIATURA-INSTITUTO-ALEMAN-PUERTO-MONTT-2023_0068_DSC_3756.jpg'><img loading=\"lazy\" decoding=\"async\" width=\"1200\" height=\"801\" src=\"https:\/\/ialeman.cl\/wp-content\/uploads\/2023\/12\/LICENCIATURA-INSTITUTO-ALEMAN-PUERTO-MONTT-2023_0068_DSC_3756.jpg\" class=\"attachment-full size-full\" alt=\"\" srcset=\"https:\/\/ialeman.cl\/wp-content\/uploads\/2023\/12\/LICENCIATURA-INSTITUTO-ALEMAN-PUERTO-MONTT-2023_0068_DSC_3756.jpg 1200w, https:\/\/ialeman.cl\/wp-content\/uploads\/2023\/12\/LICENCIATURA-INSTITUTO-ALEMAN-PUERTO-MONTT-2023_0068_DSC_3756-300x200.jpg 300w, https:\/\/ialeman.cl\/wp-content\/uploads\/2023\/12\/LICENCIATURA-INSTITUTO-ALEMAN-PUERTO-MONTT-2023_0068_DSC_3756-1024x684.jpg 1024w, https:\/\/ialeman.cl\/wp-content\/uploads\/2023\/12\/LICENCIATURA-INSTITUTO-ALEMAN-PUERTO-MONTT-2023_0068_DSC_3756-768x513.jpg 768w\" sizes=\"(max-width: 1200px) 100vw, 1200px\" \/><\/a>\n\t\t\t<\/div><\/figure><figure class='gallery-item'>\n\t\t\t<div class='gallery-icon landscape'>\n\t\t\t\t<a data-elementor-open-lightbox=\"yes\" data-elementor-lightbox-slideshow=\"4579f4a\" data-elementor-lightbox-title=\"LICENCIATURA INSTITUTO ALEMAN PUERTO MONTT 2023_0069_DSC_3741\" data-e-action-hash=\"#elementor-action%3Aaction%3Dlightbox%26settings%3DeyJpZCI6Mjc3MjcsInVybCI6Imh0dHBzOlwvXC9pYWxlbWFuLmNsXC93cC1jb250ZW50XC91cGxvYWRzXC8yMDIzXC8xMlwvTElDRU5DSUFUVVJBLUlOU1RJVFVUTy1BTEVNQU4tUFVFUlRPLU1PTlRULTIwMjNfMDA2OV9EU0NfMzc0MS5qcGciLCJzbGlkZXNob3ciOiI0NTc5ZjRhIn0%3D\" href='https:\/\/ialeman.cl\/wp-content\/uploads\/2023\/12\/LICENCIATURA-INSTITUTO-ALEMAN-PUERTO-MONTT-2023_0069_DSC_3741.jpg'><img loading=\"lazy\" decoding=\"async\" width=\"1200\" height=\"801\" src=\"https:\/\/ialeman.cl\/wp-content\/uploads\/2023\/12\/LICENCIATURA-INSTITUTO-ALEMAN-PUERTO-MONTT-2023_0069_DSC_3741.jpg\" class=\"attachment-full size-full\" alt=\"\" srcset=\"https:\/\/ialeman.cl\/wp-content\/uploads\/2023\/12\/LICENCIATURA-INSTITUTO-ALEMAN-PUERTO-MONTT-2023_0069_DSC_3741.jpg 1200w, https:\/\/ialeman.cl\/wp-content\/uploads\/2023\/12\/LICENCIATURA-INSTITUTO-ALEMAN-PUERTO-MONTT-2023_0069_DSC_3741-300x200.jpg 300w, https:\/\/ialeman.cl\/wp-content\/uploads\/2023\/12\/LICENCIATURA-INSTITUTO-ALEMAN-PUERTO-MONTT-2023_0069_DSC_3741-1024x684.jpg 1024w, https:\/\/ialeman.cl\/wp-content\/uploads\/2023\/12\/LICENCIATURA-INSTITUTO-ALEMAN-PUERTO-MONTT-2023_0069_DSC_3741-768x513.jpg 768w\" sizes=\"(max-width: 1200px) 100vw, 1200px\" \/><\/a>\n\t\t\t<\/div><\/figure><figure class='gallery-item'>\n\t\t\t<div class='gallery-icon landscape'>\n\t\t\t\t<a data-elementor-open-lightbox=\"yes\" data-elementor-lightbox-slideshow=\"4579f4a\" data-elementor-lightbox-title=\"LICENCIATURA INSTITUTO ALEMAN PUERTO MONTT 2023_0071_DSC_3733\" data-e-action-hash=\"#elementor-action%3Aaction%3Dlightbox%26settings%3DeyJpZCI6Mjc3MjksInVybCI6Imh0dHBzOlwvXC9pYWxlbWFuLmNsXC93cC1jb250ZW50XC91cGxvYWRzXC8yMDIzXC8xMlwvTElDRU5DSUFUVVJBLUlOU1RJVFVUTy1BTEVNQU4tUFVFUlRPLU1PTlRULTIwMjNfMDA3MV9EU0NfMzczMy5qcGciLCJzbGlkZXNob3ciOiI0NTc5ZjRhIn0%3D\" href='https:\/\/ialeman.cl\/wp-content\/uploads\/2023\/12\/LICENCIATURA-INSTITUTO-ALEMAN-PUERTO-MONTT-2023_0071_DSC_3733.jpg'><img loading=\"lazy\" decoding=\"async\" width=\"1200\" height=\"801\" src=\"https:\/\/ialeman.cl\/wp-content\/uploads\/2023\/12\/LICENCIATURA-INSTITUTO-ALEMAN-PUERTO-MONTT-2023_0071_DSC_3733.jpg\" class=\"attachment-full size-full\" alt=\"\" srcset=\"https:\/\/ialeman.cl\/wp-content\/uploads\/2023\/12\/LICENCIATURA-INSTITUTO-ALEMAN-PUERTO-MONTT-2023_0071_DSC_3733.jpg 1200w, https:\/\/ialeman.cl\/wp-content\/uploads\/2023\/12\/LICENCIATURA-INSTITUTO-ALEMAN-PUERTO-MONTT-2023_0071_DSC_3733-300x200.jpg 300w, https:\/\/ialeman.cl\/wp-content\/uploads\/2023\/12\/LICENCIATURA-INSTITUTO-ALEMAN-PUERTO-MONTT-2023_0071_DSC_3733-1024x684.jpg 1024w, https:\/\/ialeman.cl\/wp-content\/uploads\/2023\/12\/LICENCIATURA-INSTITUTO-ALEMAN-PUERTO-MONTT-2023_0071_DSC_3733-768x513.jpg 768w\" sizes=\"(max-width: 1200px) 100vw, 1200px\" \/><\/a>\n\t\t\t<\/div><\/figure><figure class='gallery-item'>\n\t\t\t<div class='gallery-icon landscape'>\n\t\t\t\t<a data-elementor-open-lightbox=\"yes\" data-elementor-lightbox-slideshow=\"4579f4a\" data-elementor-lightbox-title=\"LICENCIATURA INSTITUTO ALEMAN PUERTO MONTT 2023_0072_DSC_3730\" data-e-action-hash=\"#elementor-action%3Aaction%3Dlightbox%26settings%3DeyJpZCI6Mjc3MzAsInVybCI6Imh0dHBzOlwvXC9pYWxlbWFuLmNsXC93cC1jb250ZW50XC91cGxvYWRzXC8yMDIzXC8xMlwvTElDRU5DSUFUVVJBLUlOU1RJVFVUTy1BTEVNQU4tUFVFUlRPLU1PTlRULTIwMjNfMDA3Ml9EU0NfMzczMC5qcGciLCJzbGlkZXNob3ciOiI0NTc5ZjRhIn0%3D\" href='https:\/\/ialeman.cl\/wp-content\/uploads\/2023\/12\/LICENCIATURA-INSTITUTO-ALEMAN-PUERTO-MONTT-2023_0072_DSC_3730.jpg'><img loading=\"lazy\" decoding=\"async\" width=\"1200\" height=\"801\" src=\"https:\/\/ialeman.cl\/wp-content\/uploads\/2023\/12\/LICENCIATURA-INSTITUTO-ALEMAN-PUERTO-MONTT-2023_0072_DSC_3730.jpg\" class=\"attachment-full size-full\" alt=\"\" srcset=\"https:\/\/ialeman.cl\/wp-content\/uploads\/2023\/12\/LICENCIATURA-INSTITUTO-ALEMAN-PUERTO-MONTT-2023_0072_DSC_3730.jpg 1200w, https:\/\/ialeman.cl\/wp-content\/uploads\/2023\/12\/LICENCIATURA-INSTITUTO-ALEMAN-PUERTO-MONTT-2023_0072_DSC_3730-300x200.jpg 300w, https:\/\/ialeman.cl\/wp-content\/uploads\/2023\/12\/LICENCIATURA-INSTITUTO-ALEMAN-PUERTO-MONTT-2023_0072_DSC_3730-1024x684.jpg 1024w, https:\/\/ialeman.cl\/wp-content\/uploads\/2023\/12\/LICENCIATURA-INSTITUTO-ALEMAN-PUERTO-MONTT-2023_0072_DSC_3730-768x513.jpg 768w\" sizes=\"(max-width: 1200px) 100vw, 1200px\" \/><\/a>\n\t\t\t<\/div><\/figure><figure class='gallery-item'>\n\t\t\t<div class='gallery-icon landscape'>\n\t\t\t\t<a data-elementor-open-lightbox=\"yes\" data-elementor-lightbox-slideshow=\"4579f4a\" data-elementor-lightbox-title=\"LICENCIATURA INSTITUTO ALEMAN PUERTO MONTT 2023_0073_DSC_3721\" data-e-action-hash=\"#elementor-action%3Aaction%3Dlightbox%26settings%3DeyJpZCI6Mjc3MzEsInVybCI6Imh0dHBzOlwvXC9pYWxlbWFuLmNsXC93cC1jb250ZW50XC91cGxvYWRzXC8yMDIzXC8xMlwvTElDRU5DSUFUVVJBLUlOU1RJVFVUTy1BTEVNQU4tUFVFUlRPLU1PTlRULTIwMjNfMDA3M19EU0NfMzcyMS5qcGciLCJzbGlkZXNob3ciOiI0NTc5ZjRhIn0%3D\" href='https:\/\/ialeman.cl\/wp-content\/uploads\/2023\/12\/LICENCIATURA-INSTITUTO-ALEMAN-PUERTO-MONTT-2023_0073_DSC_3721.jpg'><img loading=\"lazy\" decoding=\"async\" width=\"1200\" height=\"801\" src=\"https:\/\/ialeman.cl\/wp-content\/uploads\/2023\/12\/LICENCIATURA-INSTITUTO-ALEMAN-PUERTO-MONTT-2023_0073_DSC_3721.jpg\" class=\"attachment-full size-full\" alt=\"\" srcset=\"https:\/\/ialeman.cl\/wp-content\/uploads\/2023\/12\/LICENCIATURA-INSTITUTO-ALEMAN-PUERTO-MONTT-2023_0073_DSC_3721.jpg 1200w, https:\/\/ialeman.cl\/wp-content\/uploads\/2023\/12\/LICENCIATURA-INSTITUTO-ALEMAN-PUERTO-MONTT-2023_0073_DSC_3721-300x200.jpg 300w, https:\/\/ialeman.cl\/wp-content\/uploads\/2023\/12\/LICENCIATURA-INSTITUTO-ALEMAN-PUERTO-MONTT-2023_0073_DSC_3721-1024x684.jpg 1024w, https:\/\/ialeman.cl\/wp-content\/uploads\/2023\/12\/LICENCIATURA-INSTITUTO-ALEMAN-PUERTO-MONTT-2023_0073_DSC_3721-768x513.jpg 768w\" sizes=\"(max-width: 1200px) 100vw, 1200px\" \/><\/a>\n\t\t\t<\/div><\/figure><figure class='gallery-item'>\n\t\t\t<div class='gallery-icon landscape'>\n\t\t\t\t<a data-elementor-open-lightbox=\"yes\" data-elementor-lightbox-slideshow=\"4579f4a\" data-elementor-lightbox-title=\"LICENCIATURA INSTITUTO ALEMAN PUERTO MONTT 2023_0075_DSC_3713\" data-e-action-hash=\"#elementor-action%3Aaction%3Dlightbox%26settings%3DeyJpZCI6Mjc3MzMsInVybCI6Imh0dHBzOlwvXC9pYWxlbWFuLmNsXC93cC1jb250ZW50XC91cGxvYWRzXC8yMDIzXC8xMlwvTElDRU5DSUFUVVJBLUlOU1RJVFVUTy1BTEVNQU4tUFVFUlRPLU1PTlRULTIwMjNfMDA3NV9EU0NfMzcxMy5qcGciLCJzbGlkZXNob3ciOiI0NTc5ZjRhIn0%3D\" href='https:\/\/ialeman.cl\/wp-content\/uploads\/2023\/12\/LICENCIATURA-INSTITUTO-ALEMAN-PUERTO-MONTT-2023_0075_DSC_3713.jpg'><img loading=\"lazy\" decoding=\"async\" width=\"1200\" height=\"801\" src=\"https:\/\/ialeman.cl\/wp-content\/uploads\/2023\/12\/LICENCIATURA-INSTITUTO-ALEMAN-PUERTO-MONTT-2023_0075_DSC_3713.jpg\" class=\"attachment-full size-full\" alt=\"\" srcset=\"https:\/\/ialeman.cl\/wp-content\/uploads\/2023\/12\/LICENCIATURA-INSTITUTO-ALEMAN-PUERTO-MONTT-2023_0075_DSC_3713.jpg 1200w, https:\/\/ialeman.cl\/wp-content\/uploads\/2023\/12\/LICENCIATURA-INSTITUTO-ALEMAN-PUERTO-MONTT-2023_0075_DSC_3713-300x200.jpg 300w, https:\/\/ialeman.cl\/wp-content\/uploads\/2023\/12\/LICENCIATURA-INSTITUTO-ALEMAN-PUERTO-MONTT-2023_0075_DSC_3713-1024x684.jpg 1024w, https:\/\/ialeman.cl\/wp-content\/uploads\/2023\/12\/LICENCIATURA-INSTITUTO-ALEMAN-PUERTO-MONTT-2023_0075_DSC_3713-768x513.jpg 768w\" sizes=\"(max-width: 1200px) 100vw, 1200px\" \/><\/a>\n\t\t\t<\/div><\/figure><figure class='gallery-item'>\n\t\t\t<div class='gallery-icon landscape'>\n\t\t\t\t<a data-elementor-open-lightbox=\"yes\" data-elementor-lightbox-slideshow=\"4579f4a\" data-elementor-lightbox-title=\"LICENCIATURA INSTITUTO ALEMAN PUERTO MONTT 2023_0076_DSC_3710\" data-e-action-hash=\"#elementor-action%3Aaction%3Dlightbox%26settings%3DeyJpZCI6Mjc3MzQsInVybCI6Imh0dHBzOlwvXC9pYWxlbWFuLmNsXC93cC1jb250ZW50XC91cGxvYWRzXC8yMDIzXC8xMlwvTElDRU5DSUFUVVJBLUlOU1RJVFVUTy1BTEVNQU4tUFVFUlRPLU1PTlRULTIwMjNfMDA3Nl9EU0NfMzcxMC5qcGciLCJzbGlkZXNob3ciOiI0NTc5ZjRhIn0%3D\" href='https:\/\/ialeman.cl\/wp-content\/uploads\/2023\/12\/LICENCIATURA-INSTITUTO-ALEMAN-PUERTO-MONTT-2023_0076_DSC_3710.jpg'><img loading=\"lazy\" decoding=\"async\" width=\"1200\" height=\"801\" src=\"https:\/\/ialeman.cl\/wp-content\/uploads\/2023\/12\/LICENCIATURA-INSTITUTO-ALEMAN-PUERTO-MONTT-2023_0076_DSC_3710.jpg\" class=\"attachment-full size-full\" alt=\"\" srcset=\"https:\/\/ialeman.cl\/wp-content\/uploads\/2023\/12\/LICENCIATURA-INSTITUTO-ALEMAN-PUERTO-MONTT-2023_0076_DSC_3710.jpg 1200w, https:\/\/ialeman.cl\/wp-content\/uploads\/2023\/12\/LICENCIATURA-INSTITUTO-ALEMAN-PUERTO-MONTT-2023_0076_DSC_3710-300x200.jpg 300w, https:\/\/ialeman.cl\/wp-content\/uploads\/2023\/12\/LICENCIATURA-INSTITUTO-ALEMAN-PUERTO-MONTT-2023_0076_DSC_3710-1024x684.jpg 1024w, https:\/\/ialeman.cl\/wp-content\/uploads\/2023\/12\/LICENCIATURA-INSTITUTO-ALEMAN-PUERTO-MONTT-2023_0076_DSC_3710-768x513.jpg 768w\" sizes=\"(max-width: 1200px) 100vw, 1200px\" \/><\/a>\n\t\t\t<\/div><\/figure><figure class='gallery-item'>\n\t\t\t<div class='gallery-icon landscape'>\n\t\t\t\t<a data-elementor-open-lightbox=\"yes\" data-elementor-lightbox-slideshow=\"4579f4a\" data-elementor-lightbox-title=\"LICENCIATURA INSTITUTO ALEMAN PUERTO MONTT 2023_0077_DSC_3704\" data-e-action-hash=\"#elementor-action%3Aaction%3Dlightbox%26settings%3DeyJpZCI6Mjc3MzUsInVybCI6Imh0dHBzOlwvXC9pYWxlbWFuLmNsXC93cC1jb250ZW50XC91cGxvYWRzXC8yMDIzXC8xMlwvTElDRU5DSUFUVVJBLUlOU1RJVFVUTy1BTEVNQU4tUFVFUlRPLU1PTlRULTIwMjNfMDA3N19EU0NfMzcwNC5qcGciLCJzbGlkZXNob3ciOiI0NTc5ZjRhIn0%3D\" href='https:\/\/ialeman.cl\/wp-content\/uploads\/2023\/12\/LICENCIATURA-INSTITUTO-ALEMAN-PUERTO-MONTT-2023_0077_DSC_3704.jpg'><img loading=\"lazy\" decoding=\"async\" width=\"1200\" height=\"801\" src=\"https:\/\/ialeman.cl\/wp-content\/uploads\/2023\/12\/LICENCIATURA-INSTITUTO-ALEMAN-PUERTO-MONTT-2023_0077_DSC_3704.jpg\" class=\"attachment-full size-full\" alt=\"\" srcset=\"https:\/\/ialeman.cl\/wp-content\/uploads\/2023\/12\/LICENCIATURA-INSTITUTO-ALEMAN-PUERTO-MONTT-2023_0077_DSC_3704.jpg 1200w, https:\/\/ialeman.cl\/wp-content\/uploads\/2023\/12\/LICENCIATURA-INSTITUTO-ALEMAN-PUERTO-MONTT-2023_0077_DSC_3704-300x200.jpg 300w, https:\/\/ialeman.cl\/wp-content\/uploads\/2023\/12\/LICENCIATURA-INSTITUTO-ALEMAN-PUERTO-MONTT-2023_0077_DSC_3704-1024x684.jpg 1024w, https:\/\/ialeman.cl\/wp-content\/uploads\/2023\/12\/LICENCIATURA-INSTITUTO-ALEMAN-PUERTO-MONTT-2023_0077_DSC_3704-768x513.jpg 768w\" sizes=\"(max-width: 1200px) 100vw, 1200px\" \/><\/a>\n\t\t\t<\/div><\/figure><figure class='gallery-item'>\n\t\t\t<div class='gallery-icon landscape'>\n\t\t\t\t<a data-elementor-open-lightbox=\"yes\" data-elementor-lightbox-slideshow=\"4579f4a\" data-elementor-lightbox-title=\"LICENCIATURA INSTITUTO ALEMAN PUERTO MONTT 2023_0078_DSC_3699\" data-e-action-hash=\"#elementor-action%3Aaction%3Dlightbox%26settings%3DeyJpZCI6Mjc3MzYsInVybCI6Imh0dHBzOlwvXC9pYWxlbWFuLmNsXC93cC1jb250ZW50XC91cGxvYWRzXC8yMDIzXC8xMlwvTElDRU5DSUFUVVJBLUlOU1RJVFVUTy1BTEVNQU4tUFVFUlRPLU1PTlRULTIwMjNfMDA3OF9EU0NfMzY5OS5qcGciLCJzbGlkZXNob3ciOiI0NTc5ZjRhIn0%3D\" href='https:\/\/ialeman.cl\/wp-content\/uploads\/2023\/12\/LICENCIATURA-INSTITUTO-ALEMAN-PUERTO-MONTT-2023_0078_DSC_3699.jpg'><img loading=\"lazy\" decoding=\"async\" width=\"1200\" height=\"801\" src=\"https:\/\/ialeman.cl\/wp-content\/uploads\/2023\/12\/LICENCIATURA-INSTITUTO-ALEMAN-PUERTO-MONTT-2023_0078_DSC_3699.jpg\" class=\"attachment-full size-full\" alt=\"\" srcset=\"https:\/\/ialeman.cl\/wp-content\/uploads\/2023\/12\/LICENCIATURA-INSTITUTO-ALEMAN-PUERTO-MONTT-2023_0078_DSC_3699.jpg 1200w, https:\/\/ialeman.cl\/wp-content\/uploads\/2023\/12\/LICENCIATURA-INSTITUTO-ALEMAN-PUERTO-MONTT-2023_0078_DSC_3699-300x200.jpg 300w, https:\/\/ialeman.cl\/wp-content\/uploads\/2023\/12\/LICENCIATURA-INSTITUTO-ALEMAN-PUERTO-MONTT-2023_0078_DSC_3699-1024x684.jpg 1024w, https:\/\/ialeman.cl\/wp-content\/uploads\/2023\/12\/LICENCIATURA-INSTITUTO-ALEMAN-PUERTO-MONTT-2023_0078_DSC_3699-768x513.jpg 768w\" sizes=\"(max-width: 1200px) 100vw, 1200px\" \/><\/a>\n\t\t\t<\/div><\/figure><figure class='gallery-item'>\n\t\t\t<div class='gallery-icon landscape'>\n\t\t\t\t<a data-elementor-open-lightbox=\"yes\" data-elementor-lightbox-slideshow=\"4579f4a\" data-elementor-lightbox-title=\"LICENCIATURA INSTITUTO ALEMAN PUERTO MONTT 2023_0079_DSC_3698\" data-e-action-hash=\"#elementor-action%3Aaction%3Dlightbox%26settings%3DeyJpZCI6Mjc3MzcsInVybCI6Imh0dHBzOlwvXC9pYWxlbWFuLmNsXC93cC1jb250ZW50XC91cGxvYWRzXC8yMDIzXC8xMlwvTElDRU5DSUFUVVJBLUlOU1RJVFVUTy1BTEVNQU4tUFVFUlRPLU1PTlRULTIwMjNfMDA3OV9EU0NfMzY5OC5qcGciLCJzbGlkZXNob3ciOiI0NTc5ZjRhIn0%3D\" href='https:\/\/ialeman.cl\/wp-content\/uploads\/2023\/12\/LICENCIATURA-INSTITUTO-ALEMAN-PUERTO-MONTT-2023_0079_DSC_3698.jpg'><img loading=\"lazy\" decoding=\"async\" width=\"1200\" height=\"801\" src=\"https:\/\/ialeman.cl\/wp-content\/uploads\/2023\/12\/LICENCIATURA-INSTITUTO-ALEMAN-PUERTO-MONTT-2023_0079_DSC_3698.jpg\" class=\"attachment-full size-full\" alt=\"\" srcset=\"https:\/\/ialeman.cl\/wp-content\/uploads\/2023\/12\/LICENCIATURA-INSTITUTO-ALEMAN-PUERTO-MONTT-2023_0079_DSC_3698.jpg 1200w, https:\/\/ialeman.cl\/wp-content\/uploads\/2023\/12\/LICENCIATURA-INSTITUTO-ALEMAN-PUERTO-MONTT-2023_0079_DSC_3698-300x200.jpg 300w, https:\/\/ialeman.cl\/wp-content\/uploads\/2023\/12\/LICENCIATURA-INSTITUTO-ALEMAN-PUERTO-MONTT-2023_0079_DSC_3698-1024x684.jpg 1024w, https:\/\/ialeman.cl\/wp-content\/uploads\/2023\/12\/LICENCIATURA-INSTITUTO-ALEMAN-PUERTO-MONTT-2023_0079_DSC_3698-768x513.jpg 768w\" sizes=\"(max-width: 1200px) 100vw, 1200px\" \/><\/a>\n\t\t\t<\/div><\/figure><figure class='gallery-item'>\n\t\t\t<div class='gallery-icon landscape'>\n\t\t\t\t<a data-elementor-open-lightbox=\"yes\" data-elementor-lightbox-slideshow=\"4579f4a\" data-elementor-lightbox-title=\"LICENCIATURA INSTITUTO ALEMAN PUERTO MONTT 2023_0080_DSC_3694\" data-e-action-hash=\"#elementor-action%3Aaction%3Dlightbox%26settings%3DeyJpZCI6Mjc3MzgsInVybCI6Imh0dHBzOlwvXC9pYWxlbWFuLmNsXC93cC1jb250ZW50XC91cGxvYWRzXC8yMDIzXC8xMlwvTElDRU5DSUFUVVJBLUlOU1RJVFVUTy1BTEVNQU4tUFVFUlRPLU1PTlRULTIwMjNfMDA4MF9EU0NfMzY5NC5qcGciLCJzbGlkZXNob3ciOiI0NTc5ZjRhIn0%3D\" href='https:\/\/ialeman.cl\/wp-content\/uploads\/2023\/12\/LICENCIATURA-INSTITUTO-ALEMAN-PUERTO-MONTT-2023_0080_DSC_3694.jpg'><img loading=\"lazy\" decoding=\"async\" width=\"1200\" height=\"801\" src=\"https:\/\/ialeman.cl\/wp-content\/uploads\/2023\/12\/LICENCIATURA-INSTITUTO-ALEMAN-PUERTO-MONTT-2023_0080_DSC_3694.jpg\" class=\"attachment-full size-full\" alt=\"\" srcset=\"https:\/\/ialeman.cl\/wp-content\/uploads\/2023\/12\/LICENCIATURA-INSTITUTO-ALEMAN-PUERTO-MONTT-2023_0080_DSC_3694.jpg 1200w, https:\/\/ialeman.cl\/wp-content\/uploads\/2023\/12\/LICENCIATURA-INSTITUTO-ALEMAN-PUERTO-MONTT-2023_0080_DSC_3694-300x200.jpg 300w, https:\/\/ialeman.cl\/wp-content\/uploads\/2023\/12\/LICENCIATURA-INSTITUTO-ALEMAN-PUERTO-MONTT-2023_0080_DSC_3694-1024x684.jpg 1024w, https:\/\/ialeman.cl\/wp-content\/uploads\/2023\/12\/LICENCIATURA-INSTITUTO-ALEMAN-PUERTO-MONTT-2023_0080_DSC_3694-768x513.jpg 768w\" sizes=\"(max-width: 1200px) 100vw, 1200px\" \/><\/a>\n\t\t\t<\/div><\/figure><figure class='gallery-item'>\n\t\t\t<div class='gallery-icon landscape'>\n\t\t\t\t<a data-elementor-open-lightbox=\"yes\" data-elementor-lightbox-slideshow=\"4579f4a\" data-elementor-lightbox-title=\"LICENCIATURA INSTITUTO ALEMAN PUERTO MONTT 2023_0082_DSC_3751\" data-e-action-hash=\"#elementor-action%3Aaction%3Dlightbox%26settings%3DeyJpZCI6Mjc3NDAsInVybCI6Imh0dHBzOlwvXC9pYWxlbWFuLmNsXC93cC1jb250ZW50XC91cGxvYWRzXC8yMDIzXC8xMlwvTElDRU5DSUFUVVJBLUlOU1RJVFVUTy1BTEVNQU4tUFVFUlRPLU1PTlRULTIwMjNfMDA4Ml9EU0NfMzc1MS5qcGciLCJzbGlkZXNob3ciOiI0NTc5ZjRhIn0%3D\" href='https:\/\/ialeman.cl\/wp-content\/uploads\/2023\/12\/LICENCIATURA-INSTITUTO-ALEMAN-PUERTO-MONTT-2023_0082_DSC_3751.jpg'><img loading=\"lazy\" decoding=\"async\" width=\"1200\" height=\"801\" src=\"https:\/\/ialeman.cl\/wp-content\/uploads\/2023\/12\/LICENCIATURA-INSTITUTO-ALEMAN-PUERTO-MONTT-2023_0082_DSC_3751.jpg\" class=\"attachment-full size-full\" alt=\"\" srcset=\"https:\/\/ialeman.cl\/wp-content\/uploads\/2023\/12\/LICENCIATURA-INSTITUTO-ALEMAN-PUERTO-MONTT-2023_0082_DSC_3751.jpg 1200w, https:\/\/ialeman.cl\/wp-content\/uploads\/2023\/12\/LICENCIATURA-INSTITUTO-ALEMAN-PUERTO-MONTT-2023_0082_DSC_3751-300x200.jpg 300w, https:\/\/ialeman.cl\/wp-content\/uploads\/2023\/12\/LICENCIATURA-INSTITUTO-ALEMAN-PUERTO-MONTT-2023_0082_DSC_3751-1024x684.jpg 1024w, https:\/\/ialeman.cl\/wp-content\/uploads\/2023\/12\/LICENCIATURA-INSTITUTO-ALEMAN-PUERTO-MONTT-2023_0082_DSC_3751-768x513.jpg 768w\" sizes=\"(max-width: 1200px) 100vw, 1200px\" \/><\/a>\n\t\t\t<\/div><\/figure><figure class='gallery-item'>\n\t\t\t<div class='gallery-icon landscape'>\n\t\t\t\t<a data-elementor-open-lightbox=\"yes\" data-elementor-lightbox-slideshow=\"4579f4a\" data-elementor-lightbox-title=\"LICENCIATURA INSTITUTO ALEMAN PUERTO MONTT 2023_0083_DSC_3668\" data-e-action-hash=\"#elementor-action%3Aaction%3Dlightbox%26settings%3DeyJpZCI6Mjc3NDEsInVybCI6Imh0dHBzOlwvXC9pYWxlbWFuLmNsXC93cC1jb250ZW50XC91cGxvYWRzXC8yMDIzXC8xMlwvTElDRU5DSUFUVVJBLUlOU1RJVFVUTy1BTEVNQU4tUFVFUlRPLU1PTlRULTIwMjNfMDA4M19EU0NfMzY2OC5qcGciLCJzbGlkZXNob3ciOiI0NTc5ZjRhIn0%3D\" href='https:\/\/ialeman.cl\/wp-content\/uploads\/2023\/12\/LICENCIATURA-INSTITUTO-ALEMAN-PUERTO-MONTT-2023_0083_DSC_3668.jpg'><img loading=\"lazy\" decoding=\"async\" width=\"1200\" height=\"801\" src=\"https:\/\/ialeman.cl\/wp-content\/uploads\/2023\/12\/LICENCIATURA-INSTITUTO-ALEMAN-PUERTO-MONTT-2023_0083_DSC_3668.jpg\" class=\"attachment-full size-full\" alt=\"\" srcset=\"https:\/\/ialeman.cl\/wp-content\/uploads\/2023\/12\/LICENCIATURA-INSTITUTO-ALEMAN-PUERTO-MONTT-2023_0083_DSC_3668.jpg 1200w, https:\/\/ialeman.cl\/wp-content\/uploads\/2023\/12\/LICENCIATURA-INSTITUTO-ALEMAN-PUERTO-MONTT-2023_0083_DSC_3668-300x200.jpg 300w, https:\/\/ialeman.cl\/wp-content\/uploads\/2023\/12\/LICENCIATURA-INSTITUTO-ALEMAN-PUERTO-MONTT-2023_0083_DSC_3668-1024x684.jpg 1024w, https:\/\/ialeman.cl\/wp-content\/uploads\/2023\/12\/LICENCIATURA-INSTITUTO-ALEMAN-PUERTO-MONTT-2023_0083_DSC_3668-768x513.jpg 768w\" sizes=\"(max-width: 1200px) 100vw, 1200px\" \/><\/a>\n\t\t\t<\/div><\/figure><figure class='gallery-item'>\n\t\t\t<div class='gallery-icon landscape'>\n\t\t\t\t<a data-elementor-open-lightbox=\"yes\" data-elementor-lightbox-slideshow=\"4579f4a\" data-elementor-lightbox-title=\"LICENCIATURA INSTITUTO ALEMAN PUERTO MONTT 2023_0086_DSC_3652\" data-e-action-hash=\"#elementor-action%3Aaction%3Dlightbox%26settings%3DeyJpZCI6Mjc3NDQsInVybCI6Imh0dHBzOlwvXC9pYWxlbWFuLmNsXC93cC1jb250ZW50XC91cGxvYWRzXC8yMDIzXC8xMlwvTElDRU5DSUFUVVJBLUlOU1RJVFVUTy1BTEVNQU4tUFVFUlRPLU1PTlRULTIwMjNfMDA4Nl9EU0NfMzY1Mi5qcGciLCJzbGlkZXNob3ciOiI0NTc5ZjRhIn0%3D\" href='https:\/\/ialeman.cl\/wp-content\/uploads\/2023\/12\/LICENCIATURA-INSTITUTO-ALEMAN-PUERTO-MONTT-2023_0086_DSC_3652.jpg'><img loading=\"lazy\" decoding=\"async\" width=\"1200\" height=\"801\" src=\"https:\/\/ialeman.cl\/wp-content\/uploads\/2023\/12\/LICENCIATURA-INSTITUTO-ALEMAN-PUERTO-MONTT-2023_0086_DSC_3652.jpg\" class=\"attachment-full size-full\" alt=\"\" srcset=\"https:\/\/ialeman.cl\/wp-content\/uploads\/2023\/12\/LICENCIATURA-INSTITUTO-ALEMAN-PUERTO-MONTT-2023_0086_DSC_3652.jpg 1200w, https:\/\/ialeman.cl\/wp-content\/uploads\/2023\/12\/LICENCIATURA-INSTITUTO-ALEMAN-PUERTO-MONTT-2023_0086_DSC_3652-300x200.jpg 300w, https:\/\/ialeman.cl\/wp-content\/uploads\/2023\/12\/LICENCIATURA-INSTITUTO-ALEMAN-PUERTO-MONTT-2023_0086_DSC_3652-1024x684.jpg 1024w, https:\/\/ialeman.cl\/wp-content\/uploads\/2023\/12\/LICENCIATURA-INSTITUTO-ALEMAN-PUERTO-MONTT-2023_0086_DSC_3652-768x513.jpg 768w\" sizes=\"(max-width: 1200px) 100vw, 1200px\" \/><\/a>\n\t\t\t<\/div><\/figure>\n\t\t<\/div>\n\t\t<\/div>\n\t\t\t\t\t\t<\/div>\n\t\t\t\t<\/div>\n\t\t\t\t\t<\/div>\n\t\t<\/div>\n\t\t\t\t\t<\/div>\n\t\t<\/section>\n\t\t\t\t<\/div>\n\t\t","protected":false},"excerpt":{"rendered":"<p>Licenciatura IV Medio 2023 Una solemne ceremonia de licenciatura de los estudiantes de IV Medio se realiz\u00f3 en el Instituto Alem\u00e1n de Puerto Montt. Con gran emoci\u00f3n se vivi\u00f3 el hermoso evento junto a la Generaci\u00f3n 2023 y sus familias, los que acompa\u00f1aron a sus hijos e hijas en su egreso del colegio. En la [&hellip;]<\/p>\n","protected":false},"author":1,"featured_media":27649,"comment_status":"closed","ping_status":"closed","sticky":false,"template":"","format":"standard","meta":{"site-sidebar-layout":"default","site-content-layout":"","ast-site-content-layout":"default","site-content-style":"default","site-sidebar-style":"default","ast-global-header-display":"","ast-banner-title-visibility":"","ast-main-header-display":"","ast-hfb-above-header-display":"","ast-hfb-below-header-display":"","ast-hfb-mobile-header-display":"","site-post-title":"disabled","ast-breadcrumbs-content":"","ast-featured-img":"disabled","footer-sml-layout":"","ast-disable-related-posts":"","theme-transparent-header-meta":"","adv-header-id-meta":"","stick-header-meta":"","header-above-stick-meta":"","header-main-stick-meta":"","header-below-stick-meta":"","astra-migrate-meta-layouts":"set","ast-page-background-enabled":"default","ast-page-background-meta":{"desktop":{"background-color":"var(--ast-global-color-4)","background-image":"","background-repeat":"repeat","background-position":"center center","background-size":"auto","background-attachment":"scroll","background-type":"","background-media":"","overlay-type":"","overlay-color":"","overlay-opacity":"","overlay-gradient":""},"tablet":{"background-color":"","background-image":"","background-repeat":"repeat","background-position":"center center","background-size":"auto","background-attachment":"scroll","background-type":"","background-media":"","overlay-type":"","overlay-color":"","overlay-opacity":"","overlay-gradient":""},"mobile":{"background-color":"","background-image":"","background-repeat":"repeat","background-position":"center center","background-size":"auto","background-attachment":"scroll","background-type":"","background-media":"","overlay-type":"","overlay-color":"","overlay-opacity":"","overlay-gradient":""}},"ast-content-background-meta":{"desktop":{"background-color":"var(--ast-global-color-5)","background-image":"","background-repeat":"repeat","background-position":"center center","background-size":"auto","background-attachment":"scroll","background-type":"","background-media":"","overlay-type":"","overlay-color":"","overlay-opacity":"","overlay-gradient":""},"tablet":{"background-color":"var(--ast-global-color-5)","background-image":"","background-repeat":"repeat","background-position":"center center","background-size":"auto","background-attachment":"scroll","background-type":"","background-media":"","overlay-type":"","overlay-color":"","overlay-opacity":"","overlay-gradient":""},"mobile":{"background-color":"var(--ast-global-color-5)","background-image":"","background-repeat":"repeat","background-position":"center center","background-size":"auto","background-attachment":"scroll","background-type":"","background-media":"","overlay-type":"","overlay-color":"","overlay-opacity":"","overlay-gradient":""}},"advanced_seo_description":"","jetpack_seo_html_title":"","jetpack_seo_noindex":false,"jetpack_seo_schema_type":"","_jetpack_newsletter_access":"","_jetpack_dont_email_post_to_subs":false,"_jetpack_newsletter_tier_id":0,"_jetpack_memberships_contains_paywalled_content":false,"_wpcom_ai_launchpad_first_post":false,"_jetpack_feature_clip_id":0,"_jetpack_memberships_contains_paid_content":false,"footnotes":"","jetpack_post_was_ever_published":false},"categories":[10],"tags":[],"class_list":["post-27648","post","type-post","status-publish","format-standard","has-post-thumbnail","hentry","category-noticias"],"jetpack_shortlink":"https:\/\/wp.me\/ph8I5c-7bW","jetpack_sharing_enabled":true,"jetpack_featured_media_url":"https:\/\/ialeman.cl\/wp-content\/uploads\/2023\/12\/LICENCIATURA-INSTITUTO-ALEMAN-PUERTO-MONTT-2023_0000_DSC_3648.jpg","_links":{"self":[{"href":"https:\/\/ialeman.cl\/index.php\/wp-json\/wp\/v2\/posts\/27648","targetHints":{"allow":["GET"]}}],"collection":[{"href":"https:\/\/ialeman.cl\/index.php\/wp-json\/wp\/v2\/posts"}],"about":[{"href":"https:\/\/ialeman.cl\/index.php\/wp-json\/wp\/v2\/types\/post"}],"author":[{"embeddable":true,"href":"https:\/\/ialeman.cl\/index.php\/wp-json\/wp\/v2\/users\/1"}],"replies":[{"embeddable":true,"href":"https:\/\/ialeman.cl\/index.php\/wp-json\/wp\/v2\/comments?post=27648"}],"version-history":[{"count":14,"href":"https:\/\/ialeman.cl\/index.php\/wp-json\/wp\/v2\/posts\/27648\/revisions"}],"predecessor-version":[{"id":27755,"href":"https:\/\/ialeman.cl\/index.php\/wp-json\/wp\/v2\/posts\/27648\/revisions\/27755"}],"wp:featuredmedia":[{"embeddable":true,"href":"https:\/\/ialeman.cl\/index.php\/wp-json\/wp\/v2\/media\/27649"}],"wp:attachment":[{"href":"https:\/\/ialeman.cl\/index.php\/wp-json\/wp\/v2\/media?parent=27648"}],"wp:term":[{"taxonomy":"category","embeddable":true,"href":"https:\/\/ialeman.cl\/index.php\/wp-json\/wp\/v2\/categories?post=27648"},{"taxonomy":"post_tag","embeddable":true,"href":"https:\/\/ialeman.cl\/index.php\/wp-json\/wp\/v2\/tags?post=27648"}],"curies":[{"name":"wp","href":"https:\/\/api.w.org\/{rel}","templated":true}]}}