{"id":27564,"date":"2023-12-01T08:00:03","date_gmt":"2023-12-01T12:00:03","guid":{"rendered":"https:\/\/ialeman.cl\/?p=27564"},"modified":"2023-12-06T11:17:05","modified_gmt":"2023-12-06T15:17:05","slug":"feria-de-las-pulgas","status":"publish","type":"post","link":"https:\/\/ialeman.cl\/index.php\/feria-de-las-pulgas\/","title":{"rendered":"Feria de las Pulgas"},"content":{"rendered":"\t\t<div data-elementor-type=\"wp-post\" data-elementor-id=\"27564\" class=\"elementor elementor-27564\">\n\t\t\t\t\t\t<section class=\"elementor-section elementor-top-section elementor-element elementor-element-4a6e2b7 elementor-section-boxed elementor-section-height-default elementor-section-height-default\" data-id=\"4a6e2b7\" data-element_type=\"section\" data-e-type=\"section\">\n\t\t\t\t\t\t<div class=\"elementor-container elementor-column-gap-default\">\n\t\t\t\t\t<div class=\"elementor-column elementor-col-100 elementor-top-column elementor-element elementor-element-7499e0e\" data-id=\"7499e0e\" data-element_type=\"column\" data-e-type=\"column\">\n\t\t\t<div class=\"elementor-widget-wrap elementor-element-populated\">\n\t\t\t\t\t\t<div class=\"elementor-element elementor-element-458582f elementor-widget elementor-widget-heading\" data-id=\"458582f\" data-element_type=\"widget\" data-e-type=\"widget\" data-widget_type=\"heading.default\">\n\t\t\t\t<div class=\"elementor-widget-container\">\n\t\t\t\t\t<h2 class=\"elementor-heading-title elementor-size-default\">Feria de las Pulgas<\/h2>\t\t\t\t<\/div>\n\t\t\t\t<\/div>\n\t\t\t\t\t<\/div>\n\t\t<\/div>\n\t\t\t\t\t<\/div>\n\t\t<\/section>\n\t\t\t\t<section class=\"elementor-section elementor-top-section elementor-element elementor-element-22683df elementor-section-boxed elementor-section-height-default elementor-section-height-default\" data-id=\"22683df\" data-element_type=\"section\" data-e-type=\"section\">\n\t\t\t\t\t\t<div class=\"elementor-container elementor-column-gap-default\">\n\t\t\t\t\t<div class=\"elementor-column elementor-col-100 elementor-top-column elementor-element elementor-element-fd20745\" data-id=\"fd20745\" data-element_type=\"column\" data-e-type=\"column\">\n\t\t\t<div class=\"elementor-widget-wrap elementor-element-populated\">\n\t\t\t\t\t\t<div class=\"elementor-element elementor-element-7681c55 elementor-widget elementor-widget-heading\" data-id=\"7681c55\" data-element_type=\"widget\" data-e-type=\"widget\" data-widget_type=\"heading.default\">\n\t\t\t\t<div class=\"elementor-widget-container\">\n\t\t\t\t\t<h2 class=\"elementor-heading-title elementor-size-default\">Una entretenida \"Feria de las Pulgas\" realizaron los estudiantes de 6\u00ba b\u00e1sico en el patio techado del colegio.<br><br> \n\nLa actividad pedag\u00f3gica tiene como objetivo desarrollar en los ni\u00f1os y ni\u00f1as las habilidades de la autogesti\u00f3n y el pensamiento creativo en forma individual y grupal. <br><br>\n\nEn la tradicional feria, los alumnos ofrecieron a la comunidad escolar del Instituto Alem\u00e1n de Puerto Montt una gran cantidad de art\u00edculos, entre ellos: juguetes, libros, vestuario y alimentos.<br><br>\n\nLa iniciativa tambi\u00e9n permite a los estudiantes comprender que todo elemento que ya no se ocupe puede tener una segunda oportunidad, ayudando a la reutilizaci\u00f3n y el cuidado del medio ambiente.\n<\/h2>\t\t\t\t<\/div>\n\t\t\t\t<\/div>\n\t\t\t\t\t<\/div>\n\t\t<\/div>\n\t\t\t\t\t<\/div>\n\t\t<\/section>\n\t\t\t\t<section class=\"elementor-section elementor-top-section elementor-element elementor-element-01fbf5f elementor-section-boxed elementor-section-height-default elementor-section-height-default\" data-id=\"01fbf5f\" data-element_type=\"section\" data-e-type=\"section\">\n\t\t\t\t\t\t<div class=\"elementor-container elementor-column-gap-default\">\n\t\t\t\t\t<div class=\"elementor-column elementor-col-100 elementor-top-column elementor-element elementor-element-ac7bba1\" data-id=\"ac7bba1\" data-element_type=\"column\" data-e-type=\"column\">\n\t\t\t<div class=\"elementor-widget-wrap elementor-element-populated\">\n\t\t\t\t\t\t<div class=\"elementor-element elementor-element-6988f94 gallery-spacing-custom elementor-widget elementor-widget-image-gallery\" data-id=\"6988f94\" data-element_type=\"widget\" data-e-type=\"widget\" data-widget_type=\"image-gallery.default\">\n\t\t\t\t<div class=\"elementor-widget-container\">\n\t\t\t\t\t\t\t<div class=\"elementor-image-gallery\">\n\t\t\t<div id='gallery-1' class='gallery galleryid-27564 gallery-columns-3 gallery-size-full'><figure class='gallery-item'>\n\t\t\t<div class='gallery-icon landscape'>\n\t\t\t\t<a data-elementor-open-lightbox=\"yes\" data-elementor-lightbox-slideshow=\"6988f94\" data-elementor-lightbox-title=\"FERIA DE LAS PULGAS 2023_0001_DSC_0019\" data-e-action-hash=\"#elementor-action%3Aaction%3Dlightbox%26settings%3DeyJpZCI6Mjc1NzAsInVybCI6Imh0dHBzOlwvXC9pYWxlbWFuLmNsXC93cC1jb250ZW50XC91cGxvYWRzXC8yMDIzXC8xMlwvRkVSSUEtREUtTEFTLVBVTEdBUy0yMDIzXzAwMDFfRFNDXzAwMTktMS5qcGciLCJzbGlkZXNob3ciOiI2OTg4Zjk0In0%3D\" href='https:\/\/ialeman.cl\/wp-content\/uploads\/2023\/12\/FERIA-DE-LAS-PULGAS-2023_0001_DSC_0019-1.jpg'><img fetchpriority=\"high\" decoding=\"async\" width=\"1200\" height=\"801\" src=\"https:\/\/ialeman.cl\/wp-content\/uploads\/2023\/12\/FERIA-DE-LAS-PULGAS-2023_0001_DSC_0019-1.jpg\" class=\"attachment-full size-full\" alt=\"\" srcset=\"https:\/\/ialeman.cl\/wp-content\/uploads\/2023\/12\/FERIA-DE-LAS-PULGAS-2023_0001_DSC_0019-1.jpg 1200w, https:\/\/ialeman.cl\/wp-content\/uploads\/2023\/12\/FERIA-DE-LAS-PULGAS-2023_0001_DSC_0019-1-300x200.jpg 300w, https:\/\/ialeman.cl\/wp-content\/uploads\/2023\/12\/FERIA-DE-LAS-PULGAS-2023_0001_DSC_0019-1-1024x684.jpg 1024w, https:\/\/ialeman.cl\/wp-content\/uploads\/2023\/12\/FERIA-DE-LAS-PULGAS-2023_0001_DSC_0019-1-768x513.jpg 768w\" sizes=\"(max-width: 1200px) 100vw, 1200px\" \/><\/a>\n\t\t\t<\/div><\/figure><figure class='gallery-item'>\n\t\t\t<div class='gallery-icon landscape'>\n\t\t\t\t<a data-elementor-open-lightbox=\"yes\" data-elementor-lightbox-slideshow=\"6988f94\" data-elementor-lightbox-title=\"FERIA DE LAS PULGAS 2023_0002_DSC_0070\" data-e-action-hash=\"#elementor-action%3Aaction%3Dlightbox%26settings%3DeyJpZCI6Mjc1NzEsInVybCI6Imh0dHBzOlwvXC9pYWxlbWFuLmNsXC93cC1jb250ZW50XC91cGxvYWRzXC8yMDIzXC8xMlwvRkVSSUEtREUtTEFTLVBVTEdBUy0yMDIzXzAwMDJfRFNDXzAwNzAuanBnIiwic2xpZGVzaG93IjoiNjk4OGY5NCJ9\" href='https:\/\/ialeman.cl\/wp-content\/uploads\/2023\/12\/FERIA-DE-LAS-PULGAS-2023_0002_DSC_0070.jpg'><img decoding=\"async\" width=\"1200\" height=\"801\" src=\"https:\/\/ialeman.cl\/wp-content\/uploads\/2023\/12\/FERIA-DE-LAS-PULGAS-2023_0002_DSC_0070.jpg\" class=\"attachment-full size-full\" alt=\"\" srcset=\"https:\/\/ialeman.cl\/wp-content\/uploads\/2023\/12\/FERIA-DE-LAS-PULGAS-2023_0002_DSC_0070.jpg 1200w, https:\/\/ialeman.cl\/wp-content\/uploads\/2023\/12\/FERIA-DE-LAS-PULGAS-2023_0002_DSC_0070-300x200.jpg 300w, https:\/\/ialeman.cl\/wp-content\/uploads\/2023\/12\/FERIA-DE-LAS-PULGAS-2023_0002_DSC_0070-1024x684.jpg 1024w, https:\/\/ialeman.cl\/wp-content\/uploads\/2023\/12\/FERIA-DE-LAS-PULGAS-2023_0002_DSC_0070-768x513.jpg 768w\" sizes=\"(max-width: 1200px) 100vw, 1200px\" \/><\/a>\n\t\t\t<\/div><\/figure><figure class='gallery-item'>\n\t\t\t<div class='gallery-icon landscape'>\n\t\t\t\t<a data-elementor-open-lightbox=\"yes\" data-elementor-lightbox-slideshow=\"6988f94\" data-elementor-lightbox-title=\"FERIA DE LAS PULGAS 2023_0014_DSC_0008\" data-e-action-hash=\"#elementor-action%3Aaction%3Dlightbox%26settings%3DeyJpZCI6Mjc1ODMsInVybCI6Imh0dHBzOlwvXC9pYWxlbWFuLmNsXC93cC1jb250ZW50XC91cGxvYWRzXC8yMDIzXC8xMlwvRkVSSUEtREUtTEFTLVBVTEdBUy0yMDIzXzAwMTRfRFNDXzAwMDguanBnIiwic2xpZGVzaG93IjoiNjk4OGY5NCJ9\" href='https:\/\/ialeman.cl\/wp-content\/uploads\/2023\/12\/FERIA-DE-LAS-PULGAS-2023_0014_DSC_0008.jpg'><img decoding=\"async\" width=\"1200\" height=\"801\" src=\"https:\/\/ialeman.cl\/wp-content\/uploads\/2023\/12\/FERIA-DE-LAS-PULGAS-2023_0014_DSC_0008.jpg\" class=\"attachment-full size-full\" alt=\"\" srcset=\"https:\/\/ialeman.cl\/wp-content\/uploads\/2023\/12\/FERIA-DE-LAS-PULGAS-2023_0014_DSC_0008.jpg 1200w, https:\/\/ialeman.cl\/wp-content\/uploads\/2023\/12\/FERIA-DE-LAS-PULGAS-2023_0014_DSC_0008-300x200.jpg 300w, https:\/\/ialeman.cl\/wp-content\/uploads\/2023\/12\/FERIA-DE-LAS-PULGAS-2023_0014_DSC_0008-1024x684.jpg 1024w, https:\/\/ialeman.cl\/wp-content\/uploads\/2023\/12\/FERIA-DE-LAS-PULGAS-2023_0014_DSC_0008-768x513.jpg 768w\" sizes=\"(max-width: 1200px) 100vw, 1200px\" \/><\/a>\n\t\t\t<\/div><\/figure><figure class='gallery-item'>\n\t\t\t<div class='gallery-icon landscape'>\n\t\t\t\t<a data-elementor-open-lightbox=\"yes\" data-elementor-lightbox-slideshow=\"6988f94\" data-elementor-lightbox-title=\"FERIA DE LAS PULGAS 2023_0003_DSC_3076\" data-e-action-hash=\"#elementor-action%3Aaction%3Dlightbox%26settings%3DeyJpZCI6Mjc1NzIsInVybCI6Imh0dHBzOlwvXC9pYWxlbWFuLmNsXC93cC1jb250ZW50XC91cGxvYWRzXC8yMDIzXC8xMlwvRkVSSUEtREUtTEFTLVBVTEdBUy0yMDIzXzAwMDNfRFNDXzMwNzYuanBnIiwic2xpZGVzaG93IjoiNjk4OGY5NCJ9\" href='https:\/\/ialeman.cl\/wp-content\/uploads\/2023\/12\/FERIA-DE-LAS-PULGAS-2023_0003_DSC_3076.jpg'><img loading=\"lazy\" decoding=\"async\" width=\"1200\" height=\"801\" src=\"https:\/\/ialeman.cl\/wp-content\/uploads\/2023\/12\/FERIA-DE-LAS-PULGAS-2023_0003_DSC_3076.jpg\" class=\"attachment-full size-full\" alt=\"\" srcset=\"https:\/\/ialeman.cl\/wp-content\/uploads\/2023\/12\/FERIA-DE-LAS-PULGAS-2023_0003_DSC_3076.jpg 1200w, https:\/\/ialeman.cl\/wp-content\/uploads\/2023\/12\/FERIA-DE-LAS-PULGAS-2023_0003_DSC_3076-300x200.jpg 300w, https:\/\/ialeman.cl\/wp-content\/uploads\/2023\/12\/FERIA-DE-LAS-PULGAS-2023_0003_DSC_3076-1024x684.jpg 1024w, https:\/\/ialeman.cl\/wp-content\/uploads\/2023\/12\/FERIA-DE-LAS-PULGAS-2023_0003_DSC_3076-768x513.jpg 768w\" sizes=\"(max-width: 1200px) 100vw, 1200px\" \/><\/a>\n\t\t\t<\/div><\/figure><figure class='gallery-item'>\n\t\t\t<div class='gallery-icon landscape'>\n\t\t\t\t<a data-elementor-open-lightbox=\"yes\" data-elementor-lightbox-slideshow=\"6988f94\" data-elementor-lightbox-title=\"FERIA DE LAS PULGAS 2023_0004_DSC_3058\" data-e-action-hash=\"#elementor-action%3Aaction%3Dlightbox%26settings%3DeyJpZCI6Mjc1NzMsInVybCI6Imh0dHBzOlwvXC9pYWxlbWFuLmNsXC93cC1jb250ZW50XC91cGxvYWRzXC8yMDIzXC8xMlwvRkVSSUEtREUtTEFTLVBVTEdBUy0yMDIzXzAwMDRfRFNDXzMwNTguanBnIiwic2xpZGVzaG93IjoiNjk4OGY5NCJ9\" href='https:\/\/ialeman.cl\/wp-content\/uploads\/2023\/12\/FERIA-DE-LAS-PULGAS-2023_0004_DSC_3058.jpg'><img loading=\"lazy\" decoding=\"async\" width=\"1200\" height=\"801\" src=\"https:\/\/ialeman.cl\/wp-content\/uploads\/2023\/12\/FERIA-DE-LAS-PULGAS-2023_0004_DSC_3058.jpg\" class=\"attachment-full size-full\" alt=\"\" srcset=\"https:\/\/ialeman.cl\/wp-content\/uploads\/2023\/12\/FERIA-DE-LAS-PULGAS-2023_0004_DSC_3058.jpg 1200w, https:\/\/ialeman.cl\/wp-content\/uploads\/2023\/12\/FERIA-DE-LAS-PULGAS-2023_0004_DSC_3058-300x200.jpg 300w, https:\/\/ialeman.cl\/wp-content\/uploads\/2023\/12\/FERIA-DE-LAS-PULGAS-2023_0004_DSC_3058-1024x684.jpg 1024w, https:\/\/ialeman.cl\/wp-content\/uploads\/2023\/12\/FERIA-DE-LAS-PULGAS-2023_0004_DSC_3058-768x513.jpg 768w\" sizes=\"(max-width: 1200px) 100vw, 1200px\" \/><\/a>\n\t\t\t<\/div><\/figure><figure class='gallery-item'>\n\t\t\t<div class='gallery-icon landscape'>\n\t\t\t\t<a data-elementor-open-lightbox=\"yes\" data-elementor-lightbox-slideshow=\"6988f94\" data-elementor-lightbox-title=\"FERIA DE LAS PULGAS 2023_0020_DSC_3080\" data-e-action-hash=\"#elementor-action%3Aaction%3Dlightbox%26settings%3DeyJpZCI6Mjc1ODksInVybCI6Imh0dHBzOlwvXC9pYWxlbWFuLmNsXC93cC1jb250ZW50XC91cGxvYWRzXC8yMDIzXC8xMlwvRkVSSUEtREUtTEFTLVBVTEdBUy0yMDIzXzAwMjBfRFNDXzMwODAuanBnIiwic2xpZGVzaG93IjoiNjk4OGY5NCJ9\" href='https:\/\/ialeman.cl\/wp-content\/uploads\/2023\/12\/FERIA-DE-LAS-PULGAS-2023_0020_DSC_3080.jpg'><img loading=\"lazy\" decoding=\"async\" width=\"1200\" height=\"801\" src=\"https:\/\/ialeman.cl\/wp-content\/uploads\/2023\/12\/FERIA-DE-LAS-PULGAS-2023_0020_DSC_3080.jpg\" class=\"attachment-full size-full\" alt=\"\" srcset=\"https:\/\/ialeman.cl\/wp-content\/uploads\/2023\/12\/FERIA-DE-LAS-PULGAS-2023_0020_DSC_3080.jpg 1200w, https:\/\/ialeman.cl\/wp-content\/uploads\/2023\/12\/FERIA-DE-LAS-PULGAS-2023_0020_DSC_3080-300x200.jpg 300w, https:\/\/ialeman.cl\/wp-content\/uploads\/2023\/12\/FERIA-DE-LAS-PULGAS-2023_0020_DSC_3080-1024x684.jpg 1024w, https:\/\/ialeman.cl\/wp-content\/uploads\/2023\/12\/FERIA-DE-LAS-PULGAS-2023_0020_DSC_3080-768x513.jpg 768w\" sizes=\"(max-width: 1200px) 100vw, 1200px\" \/><\/a>\n\t\t\t<\/div><\/figure><figure class='gallery-item'>\n\t\t\t<div class='gallery-icon landscape'>\n\t\t\t\t<a data-elementor-open-lightbox=\"yes\" data-elementor-lightbox-slideshow=\"6988f94\" data-elementor-lightbox-title=\"FERIA DE LAS PULGAS 2023_0005_DSC_3077\" data-e-action-hash=\"#elementor-action%3Aaction%3Dlightbox%26settings%3DeyJpZCI6Mjc1NzQsInVybCI6Imh0dHBzOlwvXC9pYWxlbWFuLmNsXC93cC1jb250ZW50XC91cGxvYWRzXC8yMDIzXC8xMlwvRkVSSUEtREUtTEFTLVBVTEdBUy0yMDIzXzAwMDVfRFNDXzMwNzcuanBnIiwic2xpZGVzaG93IjoiNjk4OGY5NCJ9\" href='https:\/\/ialeman.cl\/wp-content\/uploads\/2023\/12\/FERIA-DE-LAS-PULGAS-2023_0005_DSC_3077.jpg'><img loading=\"lazy\" decoding=\"async\" width=\"1200\" height=\"801\" src=\"https:\/\/ialeman.cl\/wp-content\/uploads\/2023\/12\/FERIA-DE-LAS-PULGAS-2023_0005_DSC_3077.jpg\" class=\"attachment-full size-full\" alt=\"\" srcset=\"https:\/\/ialeman.cl\/wp-content\/uploads\/2023\/12\/FERIA-DE-LAS-PULGAS-2023_0005_DSC_3077.jpg 1200w, https:\/\/ialeman.cl\/wp-content\/uploads\/2023\/12\/FERIA-DE-LAS-PULGAS-2023_0005_DSC_3077-300x200.jpg 300w, https:\/\/ialeman.cl\/wp-content\/uploads\/2023\/12\/FERIA-DE-LAS-PULGAS-2023_0005_DSC_3077-1024x684.jpg 1024w, https:\/\/ialeman.cl\/wp-content\/uploads\/2023\/12\/FERIA-DE-LAS-PULGAS-2023_0005_DSC_3077-768x513.jpg 768w\" sizes=\"(max-width: 1200px) 100vw, 1200px\" \/><\/a>\n\t\t\t<\/div><\/figure><figure class='gallery-item'>\n\t\t\t<div class='gallery-icon landscape'>\n\t\t\t\t<a data-elementor-open-lightbox=\"yes\" data-elementor-lightbox-slideshow=\"6988f94\" data-elementor-lightbox-title=\"FERIA DE LAS PULGAS 2023_0006_DSC_3074\" data-e-action-hash=\"#elementor-action%3Aaction%3Dlightbox%26settings%3DeyJpZCI6Mjc1NzUsInVybCI6Imh0dHBzOlwvXC9pYWxlbWFuLmNsXC93cC1jb250ZW50XC91cGxvYWRzXC8yMDIzXC8xMlwvRkVSSUEtREUtTEFTLVBVTEdBUy0yMDIzXzAwMDZfRFNDXzMwNzQuanBnIiwic2xpZGVzaG93IjoiNjk4OGY5NCJ9\" href='https:\/\/ialeman.cl\/wp-content\/uploads\/2023\/12\/FERIA-DE-LAS-PULGAS-2023_0006_DSC_3074.jpg'><img loading=\"lazy\" decoding=\"async\" width=\"1200\" height=\"801\" src=\"https:\/\/ialeman.cl\/wp-content\/uploads\/2023\/12\/FERIA-DE-LAS-PULGAS-2023_0006_DSC_3074.jpg\" class=\"attachment-full size-full\" alt=\"\" srcset=\"https:\/\/ialeman.cl\/wp-content\/uploads\/2023\/12\/FERIA-DE-LAS-PULGAS-2023_0006_DSC_3074.jpg 1200w, https:\/\/ialeman.cl\/wp-content\/uploads\/2023\/12\/FERIA-DE-LAS-PULGAS-2023_0006_DSC_3074-300x200.jpg 300w, https:\/\/ialeman.cl\/wp-content\/uploads\/2023\/12\/FERIA-DE-LAS-PULGAS-2023_0006_DSC_3074-1024x684.jpg 1024w, https:\/\/ialeman.cl\/wp-content\/uploads\/2023\/12\/FERIA-DE-LAS-PULGAS-2023_0006_DSC_3074-768x513.jpg 768w\" sizes=\"(max-width: 1200px) 100vw, 1200px\" \/><\/a>\n\t\t\t<\/div><\/figure><figure class='gallery-item'>\n\t\t\t<div class='gallery-icon landscape'>\n\t\t\t\t<a data-elementor-open-lightbox=\"yes\" data-elementor-lightbox-slideshow=\"6988f94\" data-elementor-lightbox-title=\"FERIA DE LAS PULGAS 2023_0007_DSC_3048\" data-e-action-hash=\"#elementor-action%3Aaction%3Dlightbox%26settings%3DeyJpZCI6Mjc1NzYsInVybCI6Imh0dHBzOlwvXC9pYWxlbWFuLmNsXC93cC1jb250ZW50XC91cGxvYWRzXC8yMDIzXC8xMlwvRkVSSUEtREUtTEFTLVBVTEdBUy0yMDIzXzAwMDdfRFNDXzMwNDguanBnIiwic2xpZGVzaG93IjoiNjk4OGY5NCJ9\" href='https:\/\/ialeman.cl\/wp-content\/uploads\/2023\/12\/FERIA-DE-LAS-PULGAS-2023_0007_DSC_3048.jpg'><img loading=\"lazy\" decoding=\"async\" width=\"1200\" height=\"801\" src=\"https:\/\/ialeman.cl\/wp-content\/uploads\/2023\/12\/FERIA-DE-LAS-PULGAS-2023_0007_DSC_3048.jpg\" class=\"attachment-full size-full\" alt=\"\" srcset=\"https:\/\/ialeman.cl\/wp-content\/uploads\/2023\/12\/FERIA-DE-LAS-PULGAS-2023_0007_DSC_3048.jpg 1200w, https:\/\/ialeman.cl\/wp-content\/uploads\/2023\/12\/FERIA-DE-LAS-PULGAS-2023_0007_DSC_3048-300x200.jpg 300w, https:\/\/ialeman.cl\/wp-content\/uploads\/2023\/12\/FERIA-DE-LAS-PULGAS-2023_0007_DSC_3048-1024x684.jpg 1024w, https:\/\/ialeman.cl\/wp-content\/uploads\/2023\/12\/FERIA-DE-LAS-PULGAS-2023_0007_DSC_3048-768x513.jpg 768w\" sizes=\"(max-width: 1200px) 100vw, 1200px\" \/><\/a>\n\t\t\t<\/div><\/figure><figure class='gallery-item'>\n\t\t\t<div class='gallery-icon landscape'>\n\t\t\t\t<a data-elementor-open-lightbox=\"yes\" data-elementor-lightbox-slideshow=\"6988f94\" data-elementor-lightbox-title=\"FERIA DE LAS PULGAS 2023_0008_DSC_3072\" data-e-action-hash=\"#elementor-action%3Aaction%3Dlightbox%26settings%3DeyJpZCI6Mjc1NzcsInVybCI6Imh0dHBzOlwvXC9pYWxlbWFuLmNsXC93cC1jb250ZW50XC91cGxvYWRzXC8yMDIzXC8xMlwvRkVSSUEtREUtTEFTLVBVTEdBUy0yMDIzXzAwMDhfRFNDXzMwNzIuanBnIiwic2xpZGVzaG93IjoiNjk4OGY5NCJ9\" href='https:\/\/ialeman.cl\/wp-content\/uploads\/2023\/12\/FERIA-DE-LAS-PULGAS-2023_0008_DSC_3072.jpg'><img loading=\"lazy\" decoding=\"async\" width=\"1200\" height=\"801\" src=\"https:\/\/ialeman.cl\/wp-content\/uploads\/2023\/12\/FERIA-DE-LAS-PULGAS-2023_0008_DSC_3072.jpg\" class=\"attachment-full size-full\" alt=\"\" srcset=\"https:\/\/ialeman.cl\/wp-content\/uploads\/2023\/12\/FERIA-DE-LAS-PULGAS-2023_0008_DSC_3072.jpg 1200w, https:\/\/ialeman.cl\/wp-content\/uploads\/2023\/12\/FERIA-DE-LAS-PULGAS-2023_0008_DSC_3072-300x200.jpg 300w, https:\/\/ialeman.cl\/wp-content\/uploads\/2023\/12\/FERIA-DE-LAS-PULGAS-2023_0008_DSC_3072-1024x684.jpg 1024w, https:\/\/ialeman.cl\/wp-content\/uploads\/2023\/12\/FERIA-DE-LAS-PULGAS-2023_0008_DSC_3072-768x513.jpg 768w\" sizes=\"(max-width: 1200px) 100vw, 1200px\" \/><\/a>\n\t\t\t<\/div><\/figure><figure class='gallery-item'>\n\t\t\t<div class='gallery-icon landscape'>\n\t\t\t\t<a data-elementor-open-lightbox=\"yes\" data-elementor-lightbox-slideshow=\"6988f94\" data-elementor-lightbox-title=\"FERIA DE LAS PULGAS 2023_0009_DSC_3071\" data-e-action-hash=\"#elementor-action%3Aaction%3Dlightbox%26settings%3DeyJpZCI6Mjc1NzgsInVybCI6Imh0dHBzOlwvXC9pYWxlbWFuLmNsXC93cC1jb250ZW50XC91cGxvYWRzXC8yMDIzXC8xMlwvRkVSSUEtREUtTEFTLVBVTEdBUy0yMDIzXzAwMDlfRFNDXzMwNzEuanBnIiwic2xpZGVzaG93IjoiNjk4OGY5NCJ9\" href='https:\/\/ialeman.cl\/wp-content\/uploads\/2023\/12\/FERIA-DE-LAS-PULGAS-2023_0009_DSC_3071.jpg'><img loading=\"lazy\" decoding=\"async\" width=\"1200\" height=\"801\" src=\"https:\/\/ialeman.cl\/wp-content\/uploads\/2023\/12\/FERIA-DE-LAS-PULGAS-2023_0009_DSC_3071.jpg\" class=\"attachment-full size-full\" alt=\"\" srcset=\"https:\/\/ialeman.cl\/wp-content\/uploads\/2023\/12\/FERIA-DE-LAS-PULGAS-2023_0009_DSC_3071.jpg 1200w, https:\/\/ialeman.cl\/wp-content\/uploads\/2023\/12\/FERIA-DE-LAS-PULGAS-2023_0009_DSC_3071-300x200.jpg 300w, https:\/\/ialeman.cl\/wp-content\/uploads\/2023\/12\/FERIA-DE-LAS-PULGAS-2023_0009_DSC_3071-1024x684.jpg 1024w, https:\/\/ialeman.cl\/wp-content\/uploads\/2023\/12\/FERIA-DE-LAS-PULGAS-2023_0009_DSC_3071-768x513.jpg 768w\" sizes=\"(max-width: 1200px) 100vw, 1200px\" \/><\/a>\n\t\t\t<\/div><\/figure><figure class='gallery-item'>\n\t\t\t<div class='gallery-icon landscape'>\n\t\t\t\t<a data-elementor-open-lightbox=\"yes\" data-elementor-lightbox-slideshow=\"6988f94\" data-elementor-lightbox-title=\"FERIA DE LAS PULGAS 2023_0019_DSC_0015\" data-e-action-hash=\"#elementor-action%3Aaction%3Dlightbox%26settings%3DeyJpZCI6Mjc1ODgsInVybCI6Imh0dHBzOlwvXC9pYWxlbWFuLmNsXC93cC1jb250ZW50XC91cGxvYWRzXC8yMDIzXC8xMlwvRkVSSUEtREUtTEFTLVBVTEdBUy0yMDIzXzAwMTlfRFNDXzAwMTUuanBnIiwic2xpZGVzaG93IjoiNjk4OGY5NCJ9\" href='https:\/\/ialeman.cl\/wp-content\/uploads\/2023\/12\/FERIA-DE-LAS-PULGAS-2023_0019_DSC_0015.jpg'><img loading=\"lazy\" decoding=\"async\" width=\"1200\" height=\"801\" src=\"https:\/\/ialeman.cl\/wp-content\/uploads\/2023\/12\/FERIA-DE-LAS-PULGAS-2023_0019_DSC_0015.jpg\" class=\"attachment-full size-full\" alt=\"\" srcset=\"https:\/\/ialeman.cl\/wp-content\/uploads\/2023\/12\/FERIA-DE-LAS-PULGAS-2023_0019_DSC_0015.jpg 1200w, https:\/\/ialeman.cl\/wp-content\/uploads\/2023\/12\/FERIA-DE-LAS-PULGAS-2023_0019_DSC_0015-300x200.jpg 300w, https:\/\/ialeman.cl\/wp-content\/uploads\/2023\/12\/FERIA-DE-LAS-PULGAS-2023_0019_DSC_0015-1024x684.jpg 1024w, https:\/\/ialeman.cl\/wp-content\/uploads\/2023\/12\/FERIA-DE-LAS-PULGAS-2023_0019_DSC_0015-768x513.jpg 768w\" sizes=\"(max-width: 1200px) 100vw, 1200px\" \/><\/a>\n\t\t\t<\/div><\/figure><figure class='gallery-item'>\n\t\t\t<div class='gallery-icon landscape'>\n\t\t\t\t<a data-elementor-open-lightbox=\"yes\" data-elementor-lightbox-slideshow=\"6988f94\" data-elementor-lightbox-title=\"FERIA DE LAS PULGAS 2023_0010_DSC_3066\" data-e-action-hash=\"#elementor-action%3Aaction%3Dlightbox%26settings%3DeyJpZCI6Mjc1NzksInVybCI6Imh0dHBzOlwvXC9pYWxlbWFuLmNsXC93cC1jb250ZW50XC91cGxvYWRzXC8yMDIzXC8xMlwvRkVSSUEtREUtTEFTLVBVTEdBUy0yMDIzXzAwMTBfRFNDXzMwNjYuanBnIiwic2xpZGVzaG93IjoiNjk4OGY5NCJ9\" href='https:\/\/ialeman.cl\/wp-content\/uploads\/2023\/12\/FERIA-DE-LAS-PULGAS-2023_0010_DSC_3066.jpg'><img loading=\"lazy\" decoding=\"async\" width=\"1200\" height=\"801\" src=\"https:\/\/ialeman.cl\/wp-content\/uploads\/2023\/12\/FERIA-DE-LAS-PULGAS-2023_0010_DSC_3066.jpg\" class=\"attachment-full size-full\" alt=\"\" srcset=\"https:\/\/ialeman.cl\/wp-content\/uploads\/2023\/12\/FERIA-DE-LAS-PULGAS-2023_0010_DSC_3066.jpg 1200w, https:\/\/ialeman.cl\/wp-content\/uploads\/2023\/12\/FERIA-DE-LAS-PULGAS-2023_0010_DSC_3066-300x200.jpg 300w, https:\/\/ialeman.cl\/wp-content\/uploads\/2023\/12\/FERIA-DE-LAS-PULGAS-2023_0010_DSC_3066-1024x684.jpg 1024w, https:\/\/ialeman.cl\/wp-content\/uploads\/2023\/12\/FERIA-DE-LAS-PULGAS-2023_0010_DSC_3066-768x513.jpg 768w\" sizes=\"(max-width: 1200px) 100vw, 1200px\" \/><\/a>\n\t\t\t<\/div><\/figure><figure class='gallery-item'>\n\t\t\t<div class='gallery-icon landscape'>\n\t\t\t\t<a data-elementor-open-lightbox=\"yes\" data-elementor-lightbox-slideshow=\"6988f94\" data-elementor-lightbox-title=\"FERIA DE LAS PULGAS 2023_0011_DSC_3062\" data-e-action-hash=\"#elementor-action%3Aaction%3Dlightbox%26settings%3DeyJpZCI6Mjc1ODAsInVybCI6Imh0dHBzOlwvXC9pYWxlbWFuLmNsXC93cC1jb250ZW50XC91cGxvYWRzXC8yMDIzXC8xMlwvRkVSSUEtREUtTEFTLVBVTEdBUy0yMDIzXzAwMTFfRFNDXzMwNjIuanBnIiwic2xpZGVzaG93IjoiNjk4OGY5NCJ9\" href='https:\/\/ialeman.cl\/wp-content\/uploads\/2023\/12\/FERIA-DE-LAS-PULGAS-2023_0011_DSC_3062.jpg'><img loading=\"lazy\" decoding=\"async\" width=\"1200\" height=\"801\" src=\"https:\/\/ialeman.cl\/wp-content\/uploads\/2023\/12\/FERIA-DE-LAS-PULGAS-2023_0011_DSC_3062.jpg\" class=\"attachment-full size-full\" alt=\"\" srcset=\"https:\/\/ialeman.cl\/wp-content\/uploads\/2023\/12\/FERIA-DE-LAS-PULGAS-2023_0011_DSC_3062.jpg 1200w, https:\/\/ialeman.cl\/wp-content\/uploads\/2023\/12\/FERIA-DE-LAS-PULGAS-2023_0011_DSC_3062-300x200.jpg 300w, https:\/\/ialeman.cl\/wp-content\/uploads\/2023\/12\/FERIA-DE-LAS-PULGAS-2023_0011_DSC_3062-1024x684.jpg 1024w, https:\/\/ialeman.cl\/wp-content\/uploads\/2023\/12\/FERIA-DE-LAS-PULGAS-2023_0011_DSC_3062-768x513.jpg 768w\" sizes=\"(max-width: 1200px) 100vw, 1200px\" \/><\/a>\n\t\t\t<\/div><\/figure><figure class='gallery-item'>\n\t\t\t<div class='gallery-icon landscape'>\n\t\t\t\t<a data-elementor-open-lightbox=\"yes\" data-elementor-lightbox-slideshow=\"6988f94\" data-elementor-lightbox-title=\"FERIA DE LAS PULGAS 2023_0012_DSC_3057\" data-e-action-hash=\"#elementor-action%3Aaction%3Dlightbox%26settings%3DeyJpZCI6Mjc1ODEsInVybCI6Imh0dHBzOlwvXC9pYWxlbWFuLmNsXC93cC1jb250ZW50XC91cGxvYWRzXC8yMDIzXC8xMlwvRkVSSUEtREUtTEFTLVBVTEdBUy0yMDIzXzAwMTJfRFNDXzMwNTcuanBnIiwic2xpZGVzaG93IjoiNjk4OGY5NCJ9\" href='https:\/\/ialeman.cl\/wp-content\/uploads\/2023\/12\/FERIA-DE-LAS-PULGAS-2023_0012_DSC_3057.jpg'><img loading=\"lazy\" decoding=\"async\" width=\"1200\" height=\"801\" src=\"https:\/\/ialeman.cl\/wp-content\/uploads\/2023\/12\/FERIA-DE-LAS-PULGAS-2023_0012_DSC_3057.jpg\" class=\"attachment-full size-full\" alt=\"\" srcset=\"https:\/\/ialeman.cl\/wp-content\/uploads\/2023\/12\/FERIA-DE-LAS-PULGAS-2023_0012_DSC_3057.jpg 1200w, https:\/\/ialeman.cl\/wp-content\/uploads\/2023\/12\/FERIA-DE-LAS-PULGAS-2023_0012_DSC_3057-300x200.jpg 300w, https:\/\/ialeman.cl\/wp-content\/uploads\/2023\/12\/FERIA-DE-LAS-PULGAS-2023_0012_DSC_3057-1024x684.jpg 1024w, https:\/\/ialeman.cl\/wp-content\/uploads\/2023\/12\/FERIA-DE-LAS-PULGAS-2023_0012_DSC_3057-768x513.jpg 768w\" sizes=\"(max-width: 1200px) 100vw, 1200px\" \/><\/a>\n\t\t\t<\/div><\/figure><figure class='gallery-item'>\n\t\t\t<div class='gallery-icon landscape'>\n\t\t\t\t<a data-elementor-open-lightbox=\"yes\" data-elementor-lightbox-slideshow=\"6988f94\" data-elementor-lightbox-title=\"FERIA DE LAS PULGAS 2023_0013_DSC_3056\" data-e-action-hash=\"#elementor-action%3Aaction%3Dlightbox%26settings%3DeyJpZCI6Mjc1ODIsInVybCI6Imh0dHBzOlwvXC9pYWxlbWFuLmNsXC93cC1jb250ZW50XC91cGxvYWRzXC8yMDIzXC8xMlwvRkVSSUEtREUtTEFTLVBVTEdBUy0yMDIzXzAwMTNfRFNDXzMwNTYuanBnIiwic2xpZGVzaG93IjoiNjk4OGY5NCJ9\" href='https:\/\/ialeman.cl\/wp-content\/uploads\/2023\/12\/FERIA-DE-LAS-PULGAS-2023_0013_DSC_3056.jpg'><img loading=\"lazy\" decoding=\"async\" width=\"1200\" height=\"801\" src=\"https:\/\/ialeman.cl\/wp-content\/uploads\/2023\/12\/FERIA-DE-LAS-PULGAS-2023_0013_DSC_3056.jpg\" class=\"attachment-full size-full\" alt=\"\" srcset=\"https:\/\/ialeman.cl\/wp-content\/uploads\/2023\/12\/FERIA-DE-LAS-PULGAS-2023_0013_DSC_3056.jpg 1200w, https:\/\/ialeman.cl\/wp-content\/uploads\/2023\/12\/FERIA-DE-LAS-PULGAS-2023_0013_DSC_3056-300x200.jpg 300w, https:\/\/ialeman.cl\/wp-content\/uploads\/2023\/12\/FERIA-DE-LAS-PULGAS-2023_0013_DSC_3056-1024x684.jpg 1024w, https:\/\/ialeman.cl\/wp-content\/uploads\/2023\/12\/FERIA-DE-LAS-PULGAS-2023_0013_DSC_3056-768x513.jpg 768w\" sizes=\"(max-width: 1200px) 100vw, 1200px\" \/><\/a>\n\t\t\t<\/div><\/figure><figure class='gallery-item'>\n\t\t\t<div class='gallery-icon landscape'>\n\t\t\t\t<a data-elementor-open-lightbox=\"yes\" data-elementor-lightbox-slideshow=\"6988f94\" data-elementor-lightbox-title=\"FERIA DE LAS PULGAS 2023_0015_DSC_3050\" data-e-action-hash=\"#elementor-action%3Aaction%3Dlightbox%26settings%3DeyJpZCI6Mjc1ODQsInVybCI6Imh0dHBzOlwvXC9pYWxlbWFuLmNsXC93cC1jb250ZW50XC91cGxvYWRzXC8yMDIzXC8xMlwvRkVSSUEtREUtTEFTLVBVTEdBUy0yMDIzXzAwMTVfRFNDXzMwNTAuanBnIiwic2xpZGVzaG93IjoiNjk4OGY5NCJ9\" href='https:\/\/ialeman.cl\/wp-content\/uploads\/2023\/12\/FERIA-DE-LAS-PULGAS-2023_0015_DSC_3050.jpg'><img loading=\"lazy\" decoding=\"async\" width=\"1200\" height=\"801\" src=\"https:\/\/ialeman.cl\/wp-content\/uploads\/2023\/12\/FERIA-DE-LAS-PULGAS-2023_0015_DSC_3050.jpg\" class=\"attachment-full size-full\" alt=\"\" srcset=\"https:\/\/ialeman.cl\/wp-content\/uploads\/2023\/12\/FERIA-DE-LAS-PULGAS-2023_0015_DSC_3050.jpg 1200w, https:\/\/ialeman.cl\/wp-content\/uploads\/2023\/12\/FERIA-DE-LAS-PULGAS-2023_0015_DSC_3050-300x200.jpg 300w, https:\/\/ialeman.cl\/wp-content\/uploads\/2023\/12\/FERIA-DE-LAS-PULGAS-2023_0015_DSC_3050-1024x684.jpg 1024w, https:\/\/ialeman.cl\/wp-content\/uploads\/2023\/12\/FERIA-DE-LAS-PULGAS-2023_0015_DSC_3050-768x513.jpg 768w\" sizes=\"(max-width: 1200px) 100vw, 1200px\" \/><\/a>\n\t\t\t<\/div><\/figure><figure class='gallery-item'>\n\t\t\t<div class='gallery-icon landscape'>\n\t\t\t\t<a data-elementor-open-lightbox=\"yes\" data-elementor-lightbox-slideshow=\"6988f94\" data-elementor-lightbox-title=\"FERIA DE LAS PULGAS 2023_0016_DSC_0002\" data-e-action-hash=\"#elementor-action%3Aaction%3Dlightbox%26settings%3DeyJpZCI6Mjc1ODUsInVybCI6Imh0dHBzOlwvXC9pYWxlbWFuLmNsXC93cC1jb250ZW50XC91cGxvYWRzXC8yMDIzXC8xMlwvRkVSSUEtREUtTEFTLVBVTEdBUy0yMDIzXzAwMTZfRFNDXzAwMDIuanBnIiwic2xpZGVzaG93IjoiNjk4OGY5NCJ9\" href='https:\/\/ialeman.cl\/wp-content\/uploads\/2023\/12\/FERIA-DE-LAS-PULGAS-2023_0016_DSC_0002.jpg'><img loading=\"lazy\" decoding=\"async\" width=\"1200\" height=\"801\" src=\"https:\/\/ialeman.cl\/wp-content\/uploads\/2023\/12\/FERIA-DE-LAS-PULGAS-2023_0016_DSC_0002.jpg\" class=\"attachment-full size-full\" alt=\"\" srcset=\"https:\/\/ialeman.cl\/wp-content\/uploads\/2023\/12\/FERIA-DE-LAS-PULGAS-2023_0016_DSC_0002.jpg 1200w, https:\/\/ialeman.cl\/wp-content\/uploads\/2023\/12\/FERIA-DE-LAS-PULGAS-2023_0016_DSC_0002-300x200.jpg 300w, https:\/\/ialeman.cl\/wp-content\/uploads\/2023\/12\/FERIA-DE-LAS-PULGAS-2023_0016_DSC_0002-1024x684.jpg 1024w, https:\/\/ialeman.cl\/wp-content\/uploads\/2023\/12\/FERIA-DE-LAS-PULGAS-2023_0016_DSC_0002-768x513.jpg 768w\" sizes=\"(max-width: 1200px) 100vw, 1200px\" \/><\/a>\n\t\t\t<\/div><\/figure><figure class='gallery-item'>\n\t\t\t<div class='gallery-icon landscape'>\n\t\t\t\t<a data-elementor-open-lightbox=\"yes\" data-elementor-lightbox-slideshow=\"6988f94\" data-elementor-lightbox-title=\"FERIA DE LAS PULGAS 2023_0017_DSC_3053\" data-e-action-hash=\"#elementor-action%3Aaction%3Dlightbox%26settings%3DeyJpZCI6Mjc1ODYsInVybCI6Imh0dHBzOlwvXC9pYWxlbWFuLmNsXC93cC1jb250ZW50XC91cGxvYWRzXC8yMDIzXC8xMlwvRkVSSUEtREUtTEFTLVBVTEdBUy0yMDIzXzAwMTdfRFNDXzMwNTMuanBnIiwic2xpZGVzaG93IjoiNjk4OGY5NCJ9\" href='https:\/\/ialeman.cl\/wp-content\/uploads\/2023\/12\/FERIA-DE-LAS-PULGAS-2023_0017_DSC_3053.jpg'><img loading=\"lazy\" decoding=\"async\" width=\"1200\" height=\"801\" src=\"https:\/\/ialeman.cl\/wp-content\/uploads\/2023\/12\/FERIA-DE-LAS-PULGAS-2023_0017_DSC_3053.jpg\" class=\"attachment-full size-full\" alt=\"\" srcset=\"https:\/\/ialeman.cl\/wp-content\/uploads\/2023\/12\/FERIA-DE-LAS-PULGAS-2023_0017_DSC_3053.jpg 1200w, https:\/\/ialeman.cl\/wp-content\/uploads\/2023\/12\/FERIA-DE-LAS-PULGAS-2023_0017_DSC_3053-300x200.jpg 300w, https:\/\/ialeman.cl\/wp-content\/uploads\/2023\/12\/FERIA-DE-LAS-PULGAS-2023_0017_DSC_3053-1024x684.jpg 1024w, https:\/\/ialeman.cl\/wp-content\/uploads\/2023\/12\/FERIA-DE-LAS-PULGAS-2023_0017_DSC_3053-768x513.jpg 768w\" sizes=\"(max-width: 1200px) 100vw, 1200px\" \/><\/a>\n\t\t\t<\/div><\/figure><figure class='gallery-item'>\n\t\t\t<div class='gallery-icon landscape'>\n\t\t\t\t<a data-elementor-open-lightbox=\"yes\" data-elementor-lightbox-slideshow=\"6988f94\" data-elementor-lightbox-title=\"FERIA DE LAS PULGAS 2023_0018_DSC_3049\" data-e-action-hash=\"#elementor-action%3Aaction%3Dlightbox%26settings%3DeyJpZCI6Mjc1ODcsInVybCI6Imh0dHBzOlwvXC9pYWxlbWFuLmNsXC93cC1jb250ZW50XC91cGxvYWRzXC8yMDIzXC8xMlwvRkVSSUEtREUtTEFTLVBVTEdBUy0yMDIzXzAwMThfRFNDXzMwNDkuanBnIiwic2xpZGVzaG93IjoiNjk4OGY5NCJ9\" href='https:\/\/ialeman.cl\/wp-content\/uploads\/2023\/12\/FERIA-DE-LAS-PULGAS-2023_0018_DSC_3049.jpg'><img loading=\"lazy\" decoding=\"async\" width=\"1200\" height=\"801\" src=\"https:\/\/ialeman.cl\/wp-content\/uploads\/2023\/12\/FERIA-DE-LAS-PULGAS-2023_0018_DSC_3049.jpg\" class=\"attachment-full size-full\" alt=\"\" srcset=\"https:\/\/ialeman.cl\/wp-content\/uploads\/2023\/12\/FERIA-DE-LAS-PULGAS-2023_0018_DSC_3049.jpg 1200w, https:\/\/ialeman.cl\/wp-content\/uploads\/2023\/12\/FERIA-DE-LAS-PULGAS-2023_0018_DSC_3049-300x200.jpg 300w, https:\/\/ialeman.cl\/wp-content\/uploads\/2023\/12\/FERIA-DE-LAS-PULGAS-2023_0018_DSC_3049-1024x684.jpg 1024w, https:\/\/ialeman.cl\/wp-content\/uploads\/2023\/12\/FERIA-DE-LAS-PULGAS-2023_0018_DSC_3049-768x513.jpg 768w\" sizes=\"(max-width: 1200px) 100vw, 1200px\" \/><\/a>\n\t\t\t<\/div><\/figure><figure class='gallery-item'>\n\t\t\t<div class='gallery-icon landscape'>\n\t\t\t\t<a data-elementor-open-lightbox=\"yes\" data-elementor-lightbox-slideshow=\"6988f94\" data-elementor-lightbox-title=\"FERIA DE LAS PULGAS 2023_0021_DSC_0045\" data-e-action-hash=\"#elementor-action%3Aaction%3Dlightbox%26settings%3DeyJpZCI6Mjc1OTAsInVybCI6Imh0dHBzOlwvXC9pYWxlbWFuLmNsXC93cC1jb250ZW50XC91cGxvYWRzXC8yMDIzXC8xMlwvRkVSSUEtREUtTEFTLVBVTEdBUy0yMDIzXzAwMjFfRFNDXzAwNDUuanBnIiwic2xpZGVzaG93IjoiNjk4OGY5NCJ9\" href='https:\/\/ialeman.cl\/wp-content\/uploads\/2023\/12\/FERIA-DE-LAS-PULGAS-2023_0021_DSC_0045.jpg'><img loading=\"lazy\" decoding=\"async\" width=\"1200\" height=\"801\" src=\"https:\/\/ialeman.cl\/wp-content\/uploads\/2023\/12\/FERIA-DE-LAS-PULGAS-2023_0021_DSC_0045.jpg\" class=\"attachment-full size-full\" alt=\"\" srcset=\"https:\/\/ialeman.cl\/wp-content\/uploads\/2023\/12\/FERIA-DE-LAS-PULGAS-2023_0021_DSC_0045.jpg 1200w, https:\/\/ialeman.cl\/wp-content\/uploads\/2023\/12\/FERIA-DE-LAS-PULGAS-2023_0021_DSC_0045-300x200.jpg 300w, https:\/\/ialeman.cl\/wp-content\/uploads\/2023\/12\/FERIA-DE-LAS-PULGAS-2023_0021_DSC_0045-1024x684.jpg 1024w, https:\/\/ialeman.cl\/wp-content\/uploads\/2023\/12\/FERIA-DE-LAS-PULGAS-2023_0021_DSC_0045-768x513.jpg 768w\" sizes=\"(max-width: 1200px) 100vw, 1200px\" \/><\/a>\n\t\t\t<\/div><\/figure><figure class='gallery-item'>\n\t\t\t<div class='gallery-icon landscape'>\n\t\t\t\t<a data-elementor-open-lightbox=\"yes\" data-elementor-lightbox-slideshow=\"6988f94\" data-elementor-lightbox-title=\"FERIA DE LAS PULGAS 2023_0022_DSC_0036\" data-e-action-hash=\"#elementor-action%3Aaction%3Dlightbox%26settings%3DeyJpZCI6Mjc1OTEsInVybCI6Imh0dHBzOlwvXC9pYWxlbWFuLmNsXC93cC1jb250ZW50XC91cGxvYWRzXC8yMDIzXC8xMlwvRkVSSUEtREUtTEFTLVBVTEdBUy0yMDIzXzAwMjJfRFNDXzAwMzYuanBnIiwic2xpZGVzaG93IjoiNjk4OGY5NCJ9\" href='https:\/\/ialeman.cl\/wp-content\/uploads\/2023\/12\/FERIA-DE-LAS-PULGAS-2023_0022_DSC_0036.jpg'><img loading=\"lazy\" decoding=\"async\" width=\"1200\" height=\"801\" src=\"https:\/\/ialeman.cl\/wp-content\/uploads\/2023\/12\/FERIA-DE-LAS-PULGAS-2023_0022_DSC_0036.jpg\" class=\"attachment-full size-full\" alt=\"\" srcset=\"https:\/\/ialeman.cl\/wp-content\/uploads\/2023\/12\/FERIA-DE-LAS-PULGAS-2023_0022_DSC_0036.jpg 1200w, https:\/\/ialeman.cl\/wp-content\/uploads\/2023\/12\/FERIA-DE-LAS-PULGAS-2023_0022_DSC_0036-300x200.jpg 300w, https:\/\/ialeman.cl\/wp-content\/uploads\/2023\/12\/FERIA-DE-LAS-PULGAS-2023_0022_DSC_0036-1024x684.jpg 1024w, https:\/\/ialeman.cl\/wp-content\/uploads\/2023\/12\/FERIA-DE-LAS-PULGAS-2023_0022_DSC_0036-768x513.jpg 768w\" sizes=\"(max-width: 1200px) 100vw, 1200px\" \/><\/a>\n\t\t\t<\/div><\/figure><figure class='gallery-item'>\n\t\t\t<div class='gallery-icon landscape'>\n\t\t\t\t<a data-elementor-open-lightbox=\"yes\" data-elementor-lightbox-slideshow=\"6988f94\" data-elementor-lightbox-title=\"FERIA DE LAS PULGAS 2023_0023_DSC_0013\" data-e-action-hash=\"#elementor-action%3Aaction%3Dlightbox%26settings%3DeyJpZCI6Mjc1OTIsInVybCI6Imh0dHBzOlwvXC9pYWxlbWFuLmNsXC93cC1jb250ZW50XC91cGxvYWRzXC8yMDIzXC8xMlwvRkVSSUEtREUtTEFTLVBVTEdBUy0yMDIzXzAwMjNfRFNDXzAwMTMuanBnIiwic2xpZGVzaG93IjoiNjk4OGY5NCJ9\" href='https:\/\/ialeman.cl\/wp-content\/uploads\/2023\/12\/FERIA-DE-LAS-PULGAS-2023_0023_DSC_0013.jpg'><img loading=\"lazy\" decoding=\"async\" width=\"1200\" height=\"801\" src=\"https:\/\/ialeman.cl\/wp-content\/uploads\/2023\/12\/FERIA-DE-LAS-PULGAS-2023_0023_DSC_0013.jpg\" class=\"attachment-full size-full\" alt=\"\" srcset=\"https:\/\/ialeman.cl\/wp-content\/uploads\/2023\/12\/FERIA-DE-LAS-PULGAS-2023_0023_DSC_0013.jpg 1200w, https:\/\/ialeman.cl\/wp-content\/uploads\/2023\/12\/FERIA-DE-LAS-PULGAS-2023_0023_DSC_0013-300x200.jpg 300w, https:\/\/ialeman.cl\/wp-content\/uploads\/2023\/12\/FERIA-DE-LAS-PULGAS-2023_0023_DSC_0013-1024x684.jpg 1024w, https:\/\/ialeman.cl\/wp-content\/uploads\/2023\/12\/FERIA-DE-LAS-PULGAS-2023_0023_DSC_0013-768x513.jpg 768w\" sizes=\"(max-width: 1200px) 100vw, 1200px\" \/><\/a>\n\t\t\t<\/div><\/figure><figure class='gallery-item'>\n\t\t\t<div class='gallery-icon landscape'>\n\t\t\t\t<a data-elementor-open-lightbox=\"yes\" data-elementor-lightbox-slideshow=\"6988f94\" data-elementor-lightbox-title=\"FERIA DE LAS PULGAS 2023_0024_DSC_3083\" data-e-action-hash=\"#elementor-action%3Aaction%3Dlightbox%26settings%3DeyJpZCI6Mjc1OTMsInVybCI6Imh0dHBzOlwvXC9pYWxlbWFuLmNsXC93cC1jb250ZW50XC91cGxvYWRzXC8yMDIzXC8xMlwvRkVSSUEtREUtTEFTLVBVTEdBUy0yMDIzXzAwMjRfRFNDXzMwODMuanBnIiwic2xpZGVzaG93IjoiNjk4OGY5NCJ9\" href='https:\/\/ialeman.cl\/wp-content\/uploads\/2023\/12\/FERIA-DE-LAS-PULGAS-2023_0024_DSC_3083.jpg'><img loading=\"lazy\" decoding=\"async\" width=\"1200\" height=\"801\" src=\"https:\/\/ialeman.cl\/wp-content\/uploads\/2023\/12\/FERIA-DE-LAS-PULGAS-2023_0024_DSC_3083.jpg\" class=\"attachment-full size-full\" alt=\"\" srcset=\"https:\/\/ialeman.cl\/wp-content\/uploads\/2023\/12\/FERIA-DE-LAS-PULGAS-2023_0024_DSC_3083.jpg 1200w, https:\/\/ialeman.cl\/wp-content\/uploads\/2023\/12\/FERIA-DE-LAS-PULGAS-2023_0024_DSC_3083-300x200.jpg 300w, https:\/\/ialeman.cl\/wp-content\/uploads\/2023\/12\/FERIA-DE-LAS-PULGAS-2023_0024_DSC_3083-1024x684.jpg 1024w, https:\/\/ialeman.cl\/wp-content\/uploads\/2023\/12\/FERIA-DE-LAS-PULGAS-2023_0024_DSC_3083-768x513.jpg 768w\" sizes=\"(max-width: 1200px) 100vw, 1200px\" \/><\/a>\n\t\t\t<\/div><\/figure><figure class='gallery-item'>\n\t\t\t<div class='gallery-icon landscape'>\n\t\t\t\t<a data-elementor-open-lightbox=\"yes\" data-elementor-lightbox-slideshow=\"6988f94\" data-elementor-lightbox-title=\"FERIA DE LAS PULGAS 2023_0025_DSC_3084\" data-e-action-hash=\"#elementor-action%3Aaction%3Dlightbox%26settings%3DeyJpZCI6Mjc1OTQsInVybCI6Imh0dHBzOlwvXC9pYWxlbWFuLmNsXC93cC1jb250ZW50XC91cGxvYWRzXC8yMDIzXC8xMlwvRkVSSUEtREUtTEFTLVBVTEdBUy0yMDIzXzAwMjVfRFNDXzMwODQuanBnIiwic2xpZGVzaG93IjoiNjk4OGY5NCJ9\" href='https:\/\/ialeman.cl\/wp-content\/uploads\/2023\/12\/FERIA-DE-LAS-PULGAS-2023_0025_DSC_3084.jpg'><img loading=\"lazy\" decoding=\"async\" width=\"1200\" height=\"801\" src=\"https:\/\/ialeman.cl\/wp-content\/uploads\/2023\/12\/FERIA-DE-LAS-PULGAS-2023_0025_DSC_3084.jpg\" class=\"attachment-full size-full\" alt=\"\" srcset=\"https:\/\/ialeman.cl\/wp-content\/uploads\/2023\/12\/FERIA-DE-LAS-PULGAS-2023_0025_DSC_3084.jpg 1200w, https:\/\/ialeman.cl\/wp-content\/uploads\/2023\/12\/FERIA-DE-LAS-PULGAS-2023_0025_DSC_3084-300x200.jpg 300w, https:\/\/ialeman.cl\/wp-content\/uploads\/2023\/12\/FERIA-DE-LAS-PULGAS-2023_0025_DSC_3084-1024x684.jpg 1024w, https:\/\/ialeman.cl\/wp-content\/uploads\/2023\/12\/FERIA-DE-LAS-PULGAS-2023_0025_DSC_3084-768x513.jpg 768w\" sizes=\"(max-width: 1200px) 100vw, 1200px\" \/><\/a>\n\t\t\t<\/div><\/figure><figure class='gallery-item'>\n\t\t\t<div class='gallery-icon landscape'>\n\t\t\t\t<a data-elementor-open-lightbox=\"yes\" data-elementor-lightbox-slideshow=\"6988f94\" data-elementor-lightbox-title=\"FERIA DE LAS PULGAS 2023_0026_DSC_3082\" data-e-action-hash=\"#elementor-action%3Aaction%3Dlightbox%26settings%3DeyJpZCI6Mjc1OTUsInVybCI6Imh0dHBzOlwvXC9pYWxlbWFuLmNsXC93cC1jb250ZW50XC91cGxvYWRzXC8yMDIzXC8xMlwvRkVSSUEtREUtTEFTLVBVTEdBUy0yMDIzXzAwMjZfRFNDXzMwODIuanBnIiwic2xpZGVzaG93IjoiNjk4OGY5NCJ9\" href='https:\/\/ialeman.cl\/wp-content\/uploads\/2023\/12\/FERIA-DE-LAS-PULGAS-2023_0026_DSC_3082.jpg'><img loading=\"lazy\" decoding=\"async\" width=\"1200\" height=\"801\" src=\"https:\/\/ialeman.cl\/wp-content\/uploads\/2023\/12\/FERIA-DE-LAS-PULGAS-2023_0026_DSC_3082.jpg\" class=\"attachment-full size-full\" alt=\"\" srcset=\"https:\/\/ialeman.cl\/wp-content\/uploads\/2023\/12\/FERIA-DE-LAS-PULGAS-2023_0026_DSC_3082.jpg 1200w, https:\/\/ialeman.cl\/wp-content\/uploads\/2023\/12\/FERIA-DE-LAS-PULGAS-2023_0026_DSC_3082-300x200.jpg 300w, https:\/\/ialeman.cl\/wp-content\/uploads\/2023\/12\/FERIA-DE-LAS-PULGAS-2023_0026_DSC_3082-1024x684.jpg 1024w, https:\/\/ialeman.cl\/wp-content\/uploads\/2023\/12\/FERIA-DE-LAS-PULGAS-2023_0026_DSC_3082-768x513.jpg 768w\" sizes=\"(max-width: 1200px) 100vw, 1200px\" \/><\/a>\n\t\t\t<\/div><\/figure><figure class='gallery-item'>\n\t\t\t<div class='gallery-icon landscape'>\n\t\t\t\t<a data-elementor-open-lightbox=\"yes\" data-elementor-lightbox-slideshow=\"6988f94\" data-elementor-lightbox-title=\"FERIA DE LAS PULGAS 2023_0027_DSC_0073\" data-e-action-hash=\"#elementor-action%3Aaction%3Dlightbox%26settings%3DeyJpZCI6Mjc1OTYsInVybCI6Imh0dHBzOlwvXC9pYWxlbWFuLmNsXC93cC1jb250ZW50XC91cGxvYWRzXC8yMDIzXC8xMlwvRkVSSUEtREUtTEFTLVBVTEdBUy0yMDIzXzAwMjdfRFNDXzAwNzMuanBnIiwic2xpZGVzaG93IjoiNjk4OGY5NCJ9\" href='https:\/\/ialeman.cl\/wp-content\/uploads\/2023\/12\/FERIA-DE-LAS-PULGAS-2023_0027_DSC_0073.jpg'><img loading=\"lazy\" decoding=\"async\" width=\"1200\" height=\"801\" src=\"https:\/\/ialeman.cl\/wp-content\/uploads\/2023\/12\/FERIA-DE-LAS-PULGAS-2023_0027_DSC_0073.jpg\" class=\"attachment-full size-full\" alt=\"\" srcset=\"https:\/\/ialeman.cl\/wp-content\/uploads\/2023\/12\/FERIA-DE-LAS-PULGAS-2023_0027_DSC_0073.jpg 1200w, https:\/\/ialeman.cl\/wp-content\/uploads\/2023\/12\/FERIA-DE-LAS-PULGAS-2023_0027_DSC_0073-300x200.jpg 300w, https:\/\/ialeman.cl\/wp-content\/uploads\/2023\/12\/FERIA-DE-LAS-PULGAS-2023_0027_DSC_0073-1024x684.jpg 1024w, https:\/\/ialeman.cl\/wp-content\/uploads\/2023\/12\/FERIA-DE-LAS-PULGAS-2023_0027_DSC_0073-768x513.jpg 768w\" sizes=\"(max-width: 1200px) 100vw, 1200px\" \/><\/a>\n\t\t\t<\/div><\/figure>\n\t\t<\/div>\n\t\t<\/div>\n\t\t\t\t\t\t<\/div>\n\t\t\t\t<\/div>\n\t\t\t\t\t<\/div>\n\t\t<\/div>\n\t\t\t\t\t<\/div>\n\t\t<\/section>\n\t\t\t\t<\/div>\n\t\t","protected":false},"excerpt":{"rendered":"<p>Feria de las Pulgas Una entretenida &#8220;Feria de las Pulgas&#8221; realizaron los estudiantes de 6\u00ba b\u00e1sico en el patio techado del colegio. La actividad pedag\u00f3gica tiene como objetivo desarrollar en los ni\u00f1os y ni\u00f1as las habilidades de la autogesti\u00f3n y el pensamiento creativo en forma individual y grupal. En la tradicional feria, los alumnos ofrecieron [&hellip;]<\/p>\n","protected":false},"author":1,"featured_media":27565,"comment_status":"closed","ping_status":"closed","sticky":false,"template":"","format":"standard","meta":{"_crdt_document":"","_monsterinsights_skip_tracking":false,"_monsterinsights_sitenote_active":false,"_monsterinsights_sitenote_note":"","_monsterinsights_sitenote_category":0,"site-sidebar-layout":"default","site-content-layout":"","ast-site-content-layout":"default","site-content-style":"default","site-sidebar-style":"default","ast-global-header-display":"","ast-banner-title-visibility":"","ast-main-header-display":"","ast-hfb-above-header-display":"","ast-hfb-below-header-display":"","ast-hfb-mobile-header-display":"","site-post-title":"disabled","ast-breadcrumbs-content":"","ast-featured-img":"disabled","footer-sml-layout":"","ast-disable-related-posts":"","theme-transparent-header-meta":"","adv-header-id-meta":"","stick-header-meta":"","header-above-stick-meta":"","header-main-stick-meta":"","header-below-stick-meta":"","astra-migrate-meta-layouts":"set","ast-page-background-enabled":"default","ast-page-background-meta":{"desktop":{"background-color":"var(--ast-global-color-4)","background-image":"","background-repeat":"repeat","background-position":"center center","background-size":"auto","background-attachment":"scroll","background-type":"","background-media":"","overlay-type":"","overlay-color":"","overlay-opacity":"","overlay-gradient":""},"tablet":{"background-color":"","background-image":"","background-repeat":"repeat","background-position":"center center","background-size":"auto","background-attachment":"scroll","background-type":"","background-media":"","overlay-type":"","overlay-color":"","overlay-opacity":"","overlay-gradient":""},"mobile":{"background-color":"","background-image":"","background-repeat":"repeat","background-position":"center center","background-size":"auto","background-attachment":"scroll","background-type":"","background-media":"","overlay-type":"","overlay-color":"","overlay-opacity":"","overlay-gradient":""}},"ast-content-background-meta":{"desktop":{"background-color":"var(--ast-global-color-5)","background-image":"","background-repeat":"repeat","background-position":"center center","background-size":"auto","background-attachment":"scroll","background-type":"","background-media":"","overlay-type":"","overlay-color":"","overlay-opacity":"","overlay-gradient":""},"tablet":{"background-color":"var(--ast-global-color-5)","background-image":"","background-repeat":"repeat","background-position":"center center","background-size":"auto","background-attachment":"scroll","background-type":"","background-media":"","overlay-type":"","overlay-color":"","overlay-opacity":"","overlay-gradient":""},"mobile":{"background-color":"var(--ast-global-color-5)","background-image":"","background-repeat":"repeat","background-position":"center center","background-size":"auto","background-attachment":"scroll","background-type":"","background-media":"","overlay-type":"","overlay-color":"","overlay-opacity":"","overlay-gradient":""}},"advanced_seo_description":"","jetpack_seo_html_title":"","jetpack_seo_noindex":false,"_jetpack_memberships_contains_paid_content":false,"footnotes":""},"categories":[10],"tags":[],"class_list":["post-27564","post","type-post","status-publish","format-standard","has-post-thumbnail","hentry","category-noticias"],"jetpack_featured_media_url":"https:\/\/ialeman.cl\/wp-content\/uploads\/2023\/12\/FERIA-DE-LAS-PULGAS-2023_0001_DSC_0019.jpg","jetpack_shortlink":"https:\/\/wp.me\/ph8I5c-7aA","jetpack_sharing_enabled":true,"_links":{"self":[{"href":"https:\/\/ialeman.cl\/index.php\/wp-json\/wp\/v2\/posts\/27564","targetHints":{"allow":["GET"]}}],"collection":[{"href":"https:\/\/ialeman.cl\/index.php\/wp-json\/wp\/v2\/posts"}],"about":[{"href":"https:\/\/ialeman.cl\/index.php\/wp-json\/wp\/v2\/types\/post"}],"author":[{"embeddable":true,"href":"https:\/\/ialeman.cl\/index.php\/wp-json\/wp\/v2\/users\/1"}],"replies":[{"embeddable":true,"href":"https:\/\/ialeman.cl\/index.php\/wp-json\/wp\/v2\/comments?post=27564"}],"version-history":[{"count":8,"href":"https:\/\/ialeman.cl\/index.php\/wp-json\/wp\/v2\/posts\/27564\/revisions"}],"predecessor-version":[{"id":27758,"href":"https:\/\/ialeman.cl\/index.php\/wp-json\/wp\/v2\/posts\/27564\/revisions\/27758"}],"wp:featuredmedia":[{"embeddable":true,"href":"https:\/\/ialeman.cl\/index.php\/wp-json\/wp\/v2\/media\/27565"}],"wp:attachment":[{"href":"https:\/\/ialeman.cl\/index.php\/wp-json\/wp\/v2\/media?parent=27564"}],"wp:term":[{"taxonomy":"category","embeddable":true,"href":"https:\/\/ialeman.cl\/index.php\/wp-json\/wp\/v2\/categories?post=27564"},{"taxonomy":"post_tag","embeddable":true,"href":"https:\/\/ialeman.cl\/index.php\/wp-json\/wp\/v2\/tags?post=27564"}],"curies":[{"name":"wp","href":"https:\/\/api.w.org\/{rel}","templated":true}]}}