{"id":26725,"date":"2023-11-14T11:59:59","date_gmt":"2023-11-14T15:59:59","guid":{"rendered":"https:\/\/ialeman.cl\/?p=26725"},"modified":"2023-11-14T14:43:12","modified_gmt":"2023-11-14T18:43:12","slug":"diario-mural-bibliocra","status":"publish","type":"post","link":"https:\/\/ialeman.cl\/index.php\/diario-mural-bibliocra\/","title":{"rendered":"Diario Mural BiblioCRA"},"content":{"rendered":"\t\t<div data-elementor-type=\"wp-post\" data-elementor-id=\"26725\" class=\"elementor elementor-26725\">\n\t\t\t\t\t\t<section class=\"elementor-section elementor-top-section elementor-element elementor-element-27381a7 elementor-section-boxed elementor-section-height-default elementor-section-height-default\" data-id=\"27381a7\" data-element_type=\"section\" data-e-type=\"section\">\n\t\t\t\t\t\t<div class=\"elementor-container elementor-column-gap-default\">\n\t\t\t\t\t<div class=\"elementor-column elementor-col-100 elementor-top-column elementor-element elementor-element-30557ea\" data-id=\"30557ea\" data-element_type=\"column\" data-e-type=\"column\">\n\t\t\t<div class=\"elementor-widget-wrap elementor-element-populated\">\n\t\t\t\t\t\t<div class=\"elementor-element elementor-element-eb1eb52 elementor-widget elementor-widget-heading\" data-id=\"eb1eb52\" data-element_type=\"widget\" data-e-type=\"widget\" data-widget_type=\"heading.default\">\n\t\t\t\t<div class=\"elementor-widget-container\">\n\t\t\t\t\t<h2 class=\"elementor-heading-title elementor-size-default\">LA PRIMAVERA<\/h2>\t\t\t\t<\/div>\n\t\t\t\t<\/div>\n\t\t\t\t\t<\/div>\n\t\t<\/div>\n\t\t\t\t\t<\/div>\n\t\t<\/section>\n\t\t\t\t<section class=\"elementor-section elementor-top-section elementor-element elementor-element-6d7a611 elementor-section-boxed elementor-section-height-default elementor-section-height-default\" data-id=\"6d7a611\" data-element_type=\"section\" data-e-type=\"section\">\n\t\t\t\t\t\t<div class=\"elementor-container elementor-column-gap-default\">\n\t\t\t\t\t<div class=\"elementor-column elementor-col-100 elementor-top-column elementor-element elementor-element-3534ca0\" data-id=\"3534ca0\" data-element_type=\"column\" data-e-type=\"column\">\n\t\t\t<div class=\"elementor-widget-wrap elementor-element-populated\">\n\t\t\t\t\t\t<div class=\"elementor-element elementor-element-a2b3522 elementor-widget elementor-widget-heading\" data-id=\"a2b3522\" data-element_type=\"widget\" data-e-type=\"widget\" data-widget_type=\"heading.default\">\n\t\t\t\t<div class=\"elementor-widget-container\">\n\t\t\t\t\t<h2 class=\"elementor-heading-title elementor-size-default\">La palabra \u201cprimavera\u201d proviene del lat\u00edn vulgar \u201cprima\u201d que\nsignifica \u201cprimer\u201d y \u201cvera\u201d que significa \u201cverdor\u201d. En t\u00e9rminos\ngenerales, la primavera es una de las cuatro estaciones clim\u00e1ticas del\na\u00f1o en las zonas templadas del planeta.&nbsp;Se caracteriza por un\nascenso gradual de la temperatura, dispersi\u00f3n de las lluvias, d\u00edas m\u00e1s\nlargos y soleados, y floraci\u00f3n y reverdecimiento de las plantas de\nhoja caducifolia&nbsp;.&nbsp;Culturalmente, se asocia la primavera a las ideas\ndel renacimiento, la resurrecci\u00f3n, la alegr\u00eda y la juventud&nbsp; 1 .\nLa obra pict\u00f3rica \u201cLa Primavera\u201d de Sandro Botticelli, es una de las\nobras m\u00e1s bellas del artista florentino y del renacimiento italiano.\nFue encargada por Lorenzo di Pierfrancesco de Medici como regalo\npara su novia La obra est\u00e1 llena de simbolismo y mitolog\u00eda ., en\nella destacan Flora, Cupido, Venus, y Las Tres Gracias.<br><br>\n\nEn m\u00fasica Antonio Vivaldi compuso su famosa obra \u201cLas Cuatro\nEstaciones\u201d\nLa Primavera de Vivaldi es una de las obras m\u00e1s reconocidas\ndel compositor italiano del barroco, Antonio Vivaldi. Esta\npieza es el primer concierto de cuatro que conforman El\nCiclo de Las Cuatro Estaciones, una obra maestra que\nVivaldi escribi\u00f3 a principios del siglo XVIII. La primavera,\nen particular, destaca por sus hermosas melod\u00edas y su\ndescripci\u00f3n musical de la estaci\u00f3n m\u00e1s alegre y colorida del\na\u00f1o. Sus principales elementos, como la armon\u00eda, la\nestructura y el uso de instrumentos espec\u00edficos, son dignos\nde estudio para conocer en profundidad esta impresionante\nobra musical.\nEl Concierto de la Primavera de Vivaldi es una pieza\nmusical compuesta para un solo de viol\u00edn y orquesta<br><br>\n\nde cuerda, que se enmarca dentro del estilo de M\u00fasica\nProgram\u00e1tica y Descriptiva. La obra consiste en tres\nmovimientos y presenta una estructura t\u00edpica del\nBarroco, con un r\u00e1pido-allegro seguido de un\nmovimiento lento-adagio, y un \u00faltimo movimiento\nr\u00e1pido-allegro. Esta estructura es una caracter\u00edstica\ncom\u00fan en los conciertos musicales de la \u00e9poca y\npermite que el solista muestre su destreza t\u00e9cnica.\nLa obra Concierto de la Primavera de Vivaldi,\ncompuesta para viol\u00edn y orquesta, se enmarca en el\nestilo Barroco con una estructura t\u00edpica de tres\nmovimientos. El solista tiene la oportunidad de\ndemostrar su habilidad t\u00e9cnica en los r\u00e1pidos allegros,\nmientras que los movimientos lentos adagio permiten\nuna expresi\u00f3n m\u00e1s emotiva. La obra presenta una\nnarrativa descriptiva que evoca la primavera a trav\u00e9s\nde la m\u00fasica program\u00e1tica.<br><br>\n\nLa Primavera de Vivaldi es una obra exquisita que combina\ndiversos instrumentos de una manera \u00fanica y armoniosa. El\nviol\u00edn solista brilla a lo largo de toda la pieza, mientras que la\norquesta para cuerdas compuesta por violines, violas,\nviolonchelos y contrabajos le aporta una profundidad y\nriqueza \u00fanicas. El clavec\u00edn, por su parte, agrega un toque\ndistintivo y singular a la composici\u00f3n en conjunto. En\nresumen, esta obra musical es una verdadera joya que\ninspira y emociona a quien la escucha\nLa Primavera es aquel momento m\u00e1gico en que la\nvida renace , las flores muestran sus vivos colores y el\n\nser humano se siente capaz de afrontar la existencia\ncon un nuevo \u00e1nimo .\nEn literatura la primavera se muestra como refugio\nante la adversidad, como fuente de vida y como\nmotivaci\u00f3n a la alegr\u00eda de vivir.<br><br>\nGabriela Mistral en su poema \u201cDo\u00f1a Primavera\u201d nos\ndice \u201cDo\u00f1a Primavera ,\nDe aliento fecundo,\nSe r\u00ede de todas\nLas penas del mundo \u201c\nDentro de la literatura rom\u00e1ntica , la naturaleza se\nsituaba como espacio que refleja las emociones de los\npersonajes , el hablante se convierte en un ser\nprivilegiado durante la primavera , se renueva al igual\nque el paisaje .\nEntre los escritores que han creado hermosos\npoemas sobre la primavera est\u00e1 John Keats,\nAlfonsina Storni , Octavio Paz\nFinalizamos con un verso de \u201cCanci\u00f3n Primaveral \u201c de\nFederico Garc\u00eda Lorca:\n\u201cVoy camino de la tarde,\nEntre flores de la huerta, dejando sobre el camino\nEl agua de mi tristeza<\/h2>\t\t\t\t<\/div>\n\t\t\t\t<\/div>\n\t\t\t\t\t<\/div>\n\t\t<\/div>\n\t\t\t\t\t<\/div>\n\t\t<\/section>\n\t\t\t\t<section class=\"elementor-section elementor-top-section elementor-element elementor-element-6f1b87c elementor-section-boxed elementor-section-height-default elementor-section-height-default\" data-id=\"6f1b87c\" data-element_type=\"section\" data-e-type=\"section\">\n\t\t\t\t\t\t<div class=\"elementor-container elementor-column-gap-default\">\n\t\t\t\t\t<div class=\"elementor-column elementor-col-100 elementor-top-column elementor-element elementor-element-f63d77b\" data-id=\"f63d77b\" data-element_type=\"column\" data-e-type=\"column\">\n\t\t\t<div class=\"elementor-widget-wrap elementor-element-populated\">\n\t\t\t\t\t\t<div class=\"elementor-element elementor-element-f068aea gallery-spacing-custom elementor-widget elementor-widget-image-gallery\" data-id=\"f068aea\" data-element_type=\"widget\" data-e-type=\"widget\" data-widget_type=\"image-gallery.default\">\n\t\t\t\t<div class=\"elementor-widget-container\">\n\t\t\t\t\t\t\t<div class=\"elementor-image-gallery\">\n\t\t\t<div id='gallery-1' class='gallery galleryid-26725 gallery-columns-2 gallery-size-full'><figure class='gallery-item'>\n\t\t\t<div class='gallery-icon landscape'>\n\t\t\t\t<a data-elementor-open-lightbox=\"yes\" data-elementor-lightbox-slideshow=\"f068aea\" data-elementor-lightbox-title=\"Diario mural BiblioCRA 2\" data-e-action-hash=\"#elementor-action%3Aaction%3Dlightbox%26settings%3DeyJpZCI6MjY3MjksInVybCI6Imh0dHBzOlwvXC9pYWxlbWFuLmNsXC93cC1jb250ZW50XC91cGxvYWRzXC8yMDIzXC8xMVwvRGlhcmlvLW11cmFsLUJpYmxpb0NSQS0yLmpwZyIsInNsaWRlc2hvdyI6ImYwNjhhZWEifQ%3D%3D\" href='https:\/\/ialeman.cl\/wp-content\/uploads\/2023\/11\/Diario-mural-BiblioCRA-2.jpg'><img fetchpriority=\"high\" decoding=\"async\" width=\"1200\" height=\"801\" src=\"https:\/\/ialeman.cl\/wp-content\/uploads\/2023\/11\/Diario-mural-BiblioCRA-2.jpg\" class=\"attachment-full size-full\" alt=\"\" srcset=\"https:\/\/ialeman.cl\/wp-content\/uploads\/2023\/11\/Diario-mural-BiblioCRA-2.jpg 1200w, https:\/\/ialeman.cl\/wp-content\/uploads\/2023\/11\/Diario-mural-BiblioCRA-2-300x200.jpg 300w, https:\/\/ialeman.cl\/wp-content\/uploads\/2023\/11\/Diario-mural-BiblioCRA-2-1024x684.jpg 1024w, https:\/\/ialeman.cl\/wp-content\/uploads\/2023\/11\/Diario-mural-BiblioCRA-2-768x513.jpg 768w\" sizes=\"(max-width: 1200px) 100vw, 1200px\" \/><\/a>\n\t\t\t<\/div><\/figure><figure class='gallery-item'>\n\t\t\t<div class='gallery-icon landscape'>\n\t\t\t\t<a data-elementor-open-lightbox=\"yes\" data-elementor-lightbox-slideshow=\"f068aea\" data-elementor-lightbox-title=\"Diario mural BiblioCRA 3\" data-e-action-hash=\"#elementor-action%3Aaction%3Dlightbox%26settings%3DeyJpZCI6MjY3MzAsInVybCI6Imh0dHBzOlwvXC9pYWxlbWFuLmNsXC93cC1jb250ZW50XC91cGxvYWRzXC8yMDIzXC8xMVwvRGlhcmlvLW11cmFsLUJpYmxpb0NSQS0zLmpwZyIsInNsaWRlc2hvdyI6ImYwNjhhZWEifQ%3D%3D\" href='https:\/\/ialeman.cl\/wp-content\/uploads\/2023\/11\/Diario-mural-BiblioCRA-3.jpg'><img decoding=\"async\" width=\"1200\" height=\"801\" src=\"https:\/\/ialeman.cl\/wp-content\/uploads\/2023\/11\/Diario-mural-BiblioCRA-3.jpg\" class=\"attachment-full size-full\" alt=\"\" srcset=\"https:\/\/ialeman.cl\/wp-content\/uploads\/2023\/11\/Diario-mural-BiblioCRA-3.jpg 1200w, https:\/\/ialeman.cl\/wp-content\/uploads\/2023\/11\/Diario-mural-BiblioCRA-3-300x200.jpg 300w, https:\/\/ialeman.cl\/wp-content\/uploads\/2023\/11\/Diario-mural-BiblioCRA-3-1024x684.jpg 1024w, https:\/\/ialeman.cl\/wp-content\/uploads\/2023\/11\/Diario-mural-BiblioCRA-3-768x513.jpg 768w\" sizes=\"(max-width: 1200px) 100vw, 1200px\" \/><\/a>\n\t\t\t<\/div><\/figure><figure class='gallery-item'>\n\t\t\t<div class='gallery-icon landscape'>\n\t\t\t\t<a data-elementor-open-lightbox=\"yes\" data-elementor-lightbox-slideshow=\"f068aea\" data-elementor-lightbox-title=\"Diario mural BiblioCRA 4\" data-e-action-hash=\"#elementor-action%3Aaction%3Dlightbox%26settings%3DeyJpZCI6MjY3MzEsInVybCI6Imh0dHBzOlwvXC9pYWxlbWFuLmNsXC93cC1jb250ZW50XC91cGxvYWRzXC8yMDIzXC8xMVwvRGlhcmlvLW11cmFsLUJpYmxpb0NSQS00LmpwZyIsInNsaWRlc2hvdyI6ImYwNjhhZWEifQ%3D%3D\" href='https:\/\/ialeman.cl\/wp-content\/uploads\/2023\/11\/Diario-mural-BiblioCRA-4.jpg'><img decoding=\"async\" width=\"1200\" height=\"801\" src=\"https:\/\/ialeman.cl\/wp-content\/uploads\/2023\/11\/Diario-mural-BiblioCRA-4.jpg\" class=\"attachment-full size-full\" alt=\"\" srcset=\"https:\/\/ialeman.cl\/wp-content\/uploads\/2023\/11\/Diario-mural-BiblioCRA-4.jpg 1200w, https:\/\/ialeman.cl\/wp-content\/uploads\/2023\/11\/Diario-mural-BiblioCRA-4-300x200.jpg 300w, https:\/\/ialeman.cl\/wp-content\/uploads\/2023\/11\/Diario-mural-BiblioCRA-4-1024x684.jpg 1024w, https:\/\/ialeman.cl\/wp-content\/uploads\/2023\/11\/Diario-mural-BiblioCRA-4-768x513.jpg 768w\" sizes=\"(max-width: 1200px) 100vw, 1200px\" \/><\/a>\n\t\t\t<\/div><\/figure><figure class='gallery-item'>\n\t\t\t<div class='gallery-icon landscape'>\n\t\t\t\t<a data-elementor-open-lightbox=\"yes\" data-elementor-lightbox-slideshow=\"f068aea\" data-elementor-lightbox-title=\"Diario mural BiblioCRA 6\" data-e-action-hash=\"#elementor-action%3Aaction%3Dlightbox%26settings%3DeyJpZCI6MjY3MzMsInVybCI6Imh0dHBzOlwvXC9pYWxlbWFuLmNsXC93cC1jb250ZW50XC91cGxvYWRzXC8yMDIzXC8xMVwvRGlhcmlvLW11cmFsLUJpYmxpb0NSQS02LmpwZyIsInNsaWRlc2hvdyI6ImYwNjhhZWEifQ%3D%3D\" href='https:\/\/ialeman.cl\/wp-content\/uploads\/2023\/11\/Diario-mural-BiblioCRA-6.jpg'><img loading=\"lazy\" decoding=\"async\" width=\"1200\" height=\"801\" src=\"https:\/\/ialeman.cl\/wp-content\/uploads\/2023\/11\/Diario-mural-BiblioCRA-6.jpg\" class=\"attachment-full size-full\" alt=\"\" srcset=\"https:\/\/ialeman.cl\/wp-content\/uploads\/2023\/11\/Diario-mural-BiblioCRA-6.jpg 1200w, https:\/\/ialeman.cl\/wp-content\/uploads\/2023\/11\/Diario-mural-BiblioCRA-6-300x200.jpg 300w, https:\/\/ialeman.cl\/wp-content\/uploads\/2023\/11\/Diario-mural-BiblioCRA-6-1024x684.jpg 1024w, https:\/\/ialeman.cl\/wp-content\/uploads\/2023\/11\/Diario-mural-BiblioCRA-6-768x513.jpg 768w\" sizes=\"(max-width: 1200px) 100vw, 1200px\" \/><\/a>\n\t\t\t<\/div><\/figure>\n\t\t<\/div>\n\t\t<\/div>\n\t\t\t\t\t\t<\/div>\n\t\t\t\t<\/div>\n\t\t\t\t\t<\/div>\n\t\t<\/div>\n\t\t\t\t\t<\/div>\n\t\t<\/section>\n\t\t\t\t<\/div>\n\t\t","protected":false},"excerpt":{"rendered":"<p>LA PRIMAVERA La palabra \u201cprimavera\u201d proviene del lat\u00edn vulgar \u201cprima\u201d que significa \u201cprimer\u201d y \u201cvera\u201d que significa \u201cverdor\u201d. En t\u00e9rminos generales, la primavera es una de las cuatro estaciones clim\u00e1ticas del a\u00f1o en las zonas templadas del planeta.&nbsp;Se caracteriza por un ascenso gradual de la temperatura, dispersi\u00f3n de las lluvias, d\u00edas m\u00e1s largos y soleados, [&hellip;]<\/p>\n","protected":false},"author":1,"featured_media":26727,"comment_status":"closed","ping_status":"closed","sticky":false,"template":"","format":"standard","meta":{"site-sidebar-layout":"default","site-content-layout":"","ast-site-content-layout":"default","site-content-style":"default","site-sidebar-style":"default","ast-global-header-display":"","ast-banner-title-visibility":"","ast-main-header-display":"","ast-hfb-above-header-display":"","ast-hfb-below-header-display":"","ast-hfb-mobile-header-display":"","site-post-title":"disabled","ast-breadcrumbs-content":"","ast-featured-img":"disabled","footer-sml-layout":"","ast-disable-related-posts":"","theme-transparent-header-meta":"","adv-header-id-meta":"","stick-header-meta":"","header-above-stick-meta":"","header-main-stick-meta":"","header-below-stick-meta":"","astra-migrate-meta-layouts":"set","ast-page-background-enabled":"default","ast-page-background-meta":{"desktop":{"background-color":"var(--ast-global-color-4)","background-image":"","background-repeat":"repeat","background-position":"center center","background-size":"auto","background-attachment":"scroll","background-type":"","background-media":"","overlay-type":"","overlay-color":"","overlay-opacity":"","overlay-gradient":""},"tablet":{"background-color":"","background-image":"","background-repeat":"repeat","background-position":"center center","background-size":"auto","background-attachment":"scroll","background-type":"","background-media":"","overlay-type":"","overlay-color":"","overlay-opacity":"","overlay-gradient":""},"mobile":{"background-color":"","background-image":"","background-repeat":"repeat","background-position":"center center","background-size":"auto","background-attachment":"scroll","background-type":"","background-media":"","overlay-type":"","overlay-color":"","overlay-opacity":"","overlay-gradient":""}},"ast-content-background-meta":{"desktop":{"background-color":"var(--ast-global-color-5)","background-image":"","background-repeat":"repeat","background-position":"center center","background-size":"auto","background-attachment":"scroll","background-type":"","background-media":"","overlay-type":"","overlay-color":"","overlay-opacity":"","overlay-gradient":""},"tablet":{"background-color":"var(--ast-global-color-5)","background-image":"","background-repeat":"repeat","background-position":"center center","background-size":"auto","background-attachment":"scroll","background-type":"","background-media":"","overlay-type":"","overlay-color":"","overlay-opacity":"","overlay-gradient":""},"mobile":{"background-color":"var(--ast-global-color-5)","background-image":"","background-repeat":"repeat","background-position":"center center","background-size":"auto","background-attachment":"scroll","background-type":"","background-media":"","overlay-type":"","overlay-color":"","overlay-opacity":"","overlay-gradient":""}},"advanced_seo_description":"","jetpack_seo_html_title":"","jetpack_seo_noindex":false,"jetpack_seo_schema_type":"","_jetpack_newsletter_access":"","_jetpack_dont_email_post_to_subs":false,"_jetpack_newsletter_tier_id":0,"_jetpack_memberships_contains_paywalled_content":false,"_wpcom_ai_launchpad_first_post":false,"_jetpack_feature_clip_id":0,"_jetpack_memberships_contains_paid_content":false,"footnotes":"","jetpack_post_was_ever_published":false},"categories":[19],"tags":[],"class_list":["post-26725","post","type-post","status-publish","format-standard","has-post-thumbnail","hentry","category-bibliocra"],"jetpack_shortlink":"https:\/\/wp.me\/ph8I5c-6X3","jetpack_sharing_enabled":true,"jetpack_featured_media_url":"https:\/\/ialeman.cl\/wp-content\/uploads\/2023\/11\/Diario-mural-BiblioCRA-1.jpg","_links":{"self":[{"href":"https:\/\/ialeman.cl\/index.php\/wp-json\/wp\/v2\/posts\/26725","targetHints":{"allow":["GET"]}}],"collection":[{"href":"https:\/\/ialeman.cl\/index.php\/wp-json\/wp\/v2\/posts"}],"about":[{"href":"https:\/\/ialeman.cl\/index.php\/wp-json\/wp\/v2\/types\/post"}],"author":[{"embeddable":true,"href":"https:\/\/ialeman.cl\/index.php\/wp-json\/wp\/v2\/users\/1"}],"replies":[{"embeddable":true,"href":"https:\/\/ialeman.cl\/index.php\/wp-json\/wp\/v2\/comments?post=26725"}],"version-history":[{"count":7,"href":"https:\/\/ialeman.cl\/index.php\/wp-json\/wp\/v2\/posts\/26725\/revisions"}],"predecessor-version":[{"id":26750,"href":"https:\/\/ialeman.cl\/index.php\/wp-json\/wp\/v2\/posts\/26725\/revisions\/26750"}],"wp:featuredmedia":[{"embeddable":true,"href":"https:\/\/ialeman.cl\/index.php\/wp-json\/wp\/v2\/media\/26727"}],"wp:attachment":[{"href":"https:\/\/ialeman.cl\/index.php\/wp-json\/wp\/v2\/media?parent=26725"}],"wp:term":[{"taxonomy":"category","embeddable":true,"href":"https:\/\/ialeman.cl\/index.php\/wp-json\/wp\/v2\/categories?post=26725"},{"taxonomy":"post_tag","embeddable":true,"href":"https:\/\/ialeman.cl\/index.php\/wp-json\/wp\/v2\/tags?post=26725"}],"curies":[{"name":"wp","href":"https:\/\/api.w.org\/{rel}","templated":true}]}}