{"id":26628,"date":"2023-11-13T14:28:45","date_gmt":"2023-11-13T18:28:45","guid":{"rendered":"https:\/\/ialeman.cl\/?p=26628"},"modified":"2023-11-13T14:43:35","modified_gmt":"2023-11-13T18:43:35","slug":"gala-gimnasia-ritmica-2023","status":"publish","type":"post","link":"https:\/\/ialeman.cl\/index.php\/gala-gimnasia-ritmica-2023\/","title":{"rendered":"Gala Gimnasia R\u00edtmica 2023"},"content":{"rendered":"\t\t<div data-elementor-type=\"wp-post\" data-elementor-id=\"26628\" class=\"elementor elementor-26628\">\n\t\t\t\t\t\t<section class=\"elementor-section elementor-top-section elementor-element elementor-element-5f25233 elementor-section-boxed elementor-section-height-default elementor-section-height-default\" data-id=\"5f25233\" data-element_type=\"section\" data-e-type=\"section\">\n\t\t\t\t\t\t<div class=\"elementor-container elementor-column-gap-default\">\n\t\t\t\t\t<div class=\"elementor-column elementor-col-100 elementor-top-column elementor-element elementor-element-b3b5fa8\" data-id=\"b3b5fa8\" data-element_type=\"column\" data-e-type=\"column\">\n\t\t\t<div class=\"elementor-widget-wrap elementor-element-populated\">\n\t\t\t\t\t\t<div class=\"elementor-element elementor-element-92807db elementor-widget elementor-widget-heading\" data-id=\"92807db\" data-element_type=\"widget\" data-e-type=\"widget\" data-widget_type=\"heading.default\">\n\t\t\t\t<div class=\"elementor-widget-container\">\n\t\t\t\t\t<h2 class=\"elementor-heading-title elementor-size-default\">Gala Gimnasia R\u00edtmica 2023<\/h2>\t\t\t\t<\/div>\n\t\t\t\t<\/div>\n\t\t\t\t\t<\/div>\n\t\t<\/div>\n\t\t\t\t\t<\/div>\n\t\t<\/section>\n\t\t\t\t<section class=\"elementor-section elementor-top-section elementor-element elementor-element-a24ee3d elementor-section-boxed elementor-section-height-default elementor-section-height-default\" data-id=\"a24ee3d\" data-element_type=\"section\" data-e-type=\"section\">\n\t\t\t\t\t\t<div class=\"elementor-container elementor-column-gap-default\">\n\t\t\t\t\t<div class=\"elementor-column elementor-col-100 elementor-top-column elementor-element elementor-element-0d58290\" data-id=\"0d58290\" data-element_type=\"column\" data-e-type=\"column\">\n\t\t\t<div class=\"elementor-widget-wrap elementor-element-populated\">\n\t\t\t\t\t\t<div class=\"elementor-element elementor-element-46a23cb elementor-widget elementor-widget-heading\" data-id=\"46a23cb\" data-element_type=\"widget\" data-e-type=\"widget\" data-widget_type=\"heading.default\">\n\t\t\t\t<div class=\"elementor-widget-container\">\n\t\t\t\t\t<h2 class=\"elementor-heading-title elementor-size-default\">Una espectacular e impecable Gala de Gimnasia R\u00edtmica present\u00f3 el Instituto Alem\u00e1n de Puerto Montt. La hermosa actividad cont\u00f3 con la participaci\u00f3n de distintos colegios y clubes de la regi\u00f3n de Los Lagos. <br><br>\n\nEl evento deportivo se desarroll\u00f3 el viernes 10 de noviembre en el gimnasio 2, instancia en la que las m\u00e1s de 100 ni\u00f1as y j\u00f3venes realizaron hermosas coreograf\u00edas, utilizando distintos implementos, entre ellos clavas, cuerdas y balones. <br><br>\n\nLa Gimnasia R\u00edtmica consiste en la realizaci\u00f3n de una coreograf\u00eda con acompa\u00f1amiento musical, compuesta por una serie de elementos t\u00e9cnicos, unidos al ritmo, la precisi\u00f3n, la habilidad, la expresividad y la fluidez de movimiento que caracteriza dicha disciplina.  <br><br>\n\nLas delegaciones que estuvieron en la Gala de Gimnasia R\u00edtmica del Instituto Alem\u00e1n de Puerto Montt 2023 fueron: Colegio Inmaculada Concepci\u00f3n, Colegio San Francisco Javier, Club Inti Los Lagos y el Club Talentos del Sur. <br><br>\n\nPor \u00faltimo, en la instancia se reconoci\u00f3 el trabajo de las estudiantes, sus profesoras y sus familias, las que llegaron a acompa\u00f1ar y apoyar a sus hijas. <\/h2>\t\t\t\t<\/div>\n\t\t\t\t<\/div>\n\t\t\t\t\t<\/div>\n\t\t<\/div>\n\t\t\t\t\t<\/div>\n\t\t<\/section>\n\t\t\t\t<section class=\"elementor-section elementor-top-section elementor-element elementor-element-d620490 elementor-section-boxed elementor-section-height-default elementor-section-height-default\" data-id=\"d620490\" data-element_type=\"section\" data-e-type=\"section\">\n\t\t\t\t\t\t<div class=\"elementor-container elementor-column-gap-default\">\n\t\t\t\t\t<div class=\"elementor-column elementor-col-100 elementor-top-column elementor-element elementor-element-d8ab298\" data-id=\"d8ab298\" data-element_type=\"column\" data-e-type=\"column\">\n\t\t\t<div class=\"elementor-widget-wrap elementor-element-populated\">\n\t\t\t\t\t\t<div class=\"elementor-element elementor-element-5105d5c gallery-spacing-custom elementor-widget elementor-widget-image-gallery\" data-id=\"5105d5c\" data-element_type=\"widget\" data-e-type=\"widget\" data-widget_type=\"image-gallery.default\">\n\t\t\t\t<div class=\"elementor-widget-container\">\n\t\t\t\t\t\t\t<div class=\"elementor-image-gallery\">\n\t\t\t<div id='gallery-1' class='gallery galleryid-26628 gallery-columns-2 gallery-size-full'><figure class='gallery-item'>\n\t\t\t<div class='gallery-icon landscape'>\n\t\t\t\t<a data-elementor-open-lightbox=\"yes\" data-elementor-lightbox-slideshow=\"5105d5c\" data-elementor-lightbox-title=\"Gala Gimnasia R\u00edtmica Instituto Alem\u00e1n Puerto Montt 1\" data-e-action-hash=\"#elementor-action%3Aaction%3Dlightbox%26settings%3DeyJpZCI6MjY2MzcsInVybCI6Imh0dHBzOlwvXC9pYWxlbWFuLmNsXC93cC1jb250ZW50XC91cGxvYWRzXC8yMDIzXC8xMVwvR2FsYS1HaW1uYXNpYS1SaXRtaWNhLUluc3RpdHV0by1BbGVtYW4tUHVlcnRvLU1vbnR0LTEuanBnIiwic2xpZGVzaG93IjoiNTEwNWQ1YyJ9\" href='https:\/\/ialeman.cl\/wp-content\/uploads\/2023\/11\/Gala-Gimnasia-Ritmica-Instituto-Aleman-Puerto-Montt-1.jpg'><img fetchpriority=\"high\" decoding=\"async\" width=\"1200\" height=\"801\" src=\"https:\/\/ialeman.cl\/wp-content\/uploads\/2023\/11\/Gala-Gimnasia-Ritmica-Instituto-Aleman-Puerto-Montt-1.jpg\" class=\"attachment-full size-full\" alt=\"\" srcset=\"https:\/\/ialeman.cl\/wp-content\/uploads\/2023\/11\/Gala-Gimnasia-Ritmica-Instituto-Aleman-Puerto-Montt-1.jpg 1200w, https:\/\/ialeman.cl\/wp-content\/uploads\/2023\/11\/Gala-Gimnasia-Ritmica-Instituto-Aleman-Puerto-Montt-1-300x200.jpg 300w, https:\/\/ialeman.cl\/wp-content\/uploads\/2023\/11\/Gala-Gimnasia-Ritmica-Instituto-Aleman-Puerto-Montt-1-1024x684.jpg 1024w, https:\/\/ialeman.cl\/wp-content\/uploads\/2023\/11\/Gala-Gimnasia-Ritmica-Instituto-Aleman-Puerto-Montt-1-768x513.jpg 768w\" sizes=\"(max-width: 1200px) 100vw, 1200px\" \/><\/a>\n\t\t\t<\/div><\/figure><figure class='gallery-item'>\n\t\t\t<div class='gallery-icon landscape'>\n\t\t\t\t<a data-elementor-open-lightbox=\"yes\" data-elementor-lightbox-slideshow=\"5105d5c\" data-elementor-lightbox-title=\"Gala Gimnasia R\u00edtmica Instituto Alem\u00e1n Puerto Montt 10\" data-e-action-hash=\"#elementor-action%3Aaction%3Dlightbox%26settings%3DeyJpZCI6MjY2NDcsInVybCI6Imh0dHBzOlwvXC9pYWxlbWFuLmNsXC93cC1jb250ZW50XC91cGxvYWRzXC8yMDIzXC8xMVwvR2FsYS1HaW1uYXNpYS1SaXRtaWNhLUluc3RpdHV0by1BbGVtYW4tUHVlcnRvLU1vbnR0LTEwLmpwZyIsInNsaWRlc2hvdyI6IjUxMDVkNWMifQ%3D%3D\" href='https:\/\/ialeman.cl\/wp-content\/uploads\/2023\/11\/Gala-Gimnasia-Ritmica-Instituto-Aleman-Puerto-Montt-10.jpg'><img decoding=\"async\" width=\"1200\" height=\"801\" src=\"https:\/\/ialeman.cl\/wp-content\/uploads\/2023\/11\/Gala-Gimnasia-Ritmica-Instituto-Aleman-Puerto-Montt-10.jpg\" class=\"attachment-full size-full\" alt=\"\" srcset=\"https:\/\/ialeman.cl\/wp-content\/uploads\/2023\/11\/Gala-Gimnasia-Ritmica-Instituto-Aleman-Puerto-Montt-10.jpg 1200w, https:\/\/ialeman.cl\/wp-content\/uploads\/2023\/11\/Gala-Gimnasia-Ritmica-Instituto-Aleman-Puerto-Montt-10-300x200.jpg 300w, https:\/\/ialeman.cl\/wp-content\/uploads\/2023\/11\/Gala-Gimnasia-Ritmica-Instituto-Aleman-Puerto-Montt-10-1024x684.jpg 1024w, https:\/\/ialeman.cl\/wp-content\/uploads\/2023\/11\/Gala-Gimnasia-Ritmica-Instituto-Aleman-Puerto-Montt-10-768x513.jpg 768w\" sizes=\"(max-width: 1200px) 100vw, 1200px\" \/><\/a>\n\t\t\t<\/div><\/figure><figure class='gallery-item'>\n\t\t\t<div class='gallery-icon landscape'>\n\t\t\t\t<a data-elementor-open-lightbox=\"yes\" data-elementor-lightbox-slideshow=\"5105d5c\" data-elementor-lightbox-title=\"Gala Gimnasia R\u00edtmica Instituto Alem\u00e1n Puerto Montt 35\" data-e-action-hash=\"#elementor-action%3Aaction%3Dlightbox%26settings%3DeyJpZCI6MjY2NzIsInVybCI6Imh0dHBzOlwvXC9pYWxlbWFuLmNsXC93cC1jb250ZW50XC91cGxvYWRzXC8yMDIzXC8xMVwvR2FsYS1HaW1uYXNpYS1SaXRtaWNhLUluc3RpdHV0by1BbGVtYW4tUHVlcnRvLU1vbnR0LTM1LmpwZyIsInNsaWRlc2hvdyI6IjUxMDVkNWMifQ%3D%3D\" href='https:\/\/ialeman.cl\/wp-content\/uploads\/2023\/11\/Gala-Gimnasia-Ritmica-Instituto-Aleman-Puerto-Montt-35.jpg'><img decoding=\"async\" width=\"1200\" height=\"801\" src=\"https:\/\/ialeman.cl\/wp-content\/uploads\/2023\/11\/Gala-Gimnasia-Ritmica-Instituto-Aleman-Puerto-Montt-35.jpg\" class=\"attachment-full size-full\" alt=\"\" srcset=\"https:\/\/ialeman.cl\/wp-content\/uploads\/2023\/11\/Gala-Gimnasia-Ritmica-Instituto-Aleman-Puerto-Montt-35.jpg 1200w, https:\/\/ialeman.cl\/wp-content\/uploads\/2023\/11\/Gala-Gimnasia-Ritmica-Instituto-Aleman-Puerto-Montt-35-300x200.jpg 300w, https:\/\/ialeman.cl\/wp-content\/uploads\/2023\/11\/Gala-Gimnasia-Ritmica-Instituto-Aleman-Puerto-Montt-35-1024x684.jpg 1024w, https:\/\/ialeman.cl\/wp-content\/uploads\/2023\/11\/Gala-Gimnasia-Ritmica-Instituto-Aleman-Puerto-Montt-35-768x513.jpg 768w\" sizes=\"(max-width: 1200px) 100vw, 1200px\" \/><\/a>\n\t\t\t<\/div><\/figure><figure class='gallery-item'>\n\t\t\t<div class='gallery-icon landscape'>\n\t\t\t\t<a data-elementor-open-lightbox=\"yes\" data-elementor-lightbox-slideshow=\"5105d5c\" data-elementor-lightbox-title=\"Gala Gimnasia R\u00edtmica Instituto Alem\u00e1n Puerto Montt 27\" data-e-action-hash=\"#elementor-action%3Aaction%3Dlightbox%26settings%3DeyJpZCI6MjY2NjQsInVybCI6Imh0dHBzOlwvXC9pYWxlbWFuLmNsXC93cC1jb250ZW50XC91cGxvYWRzXC8yMDIzXC8xMVwvR2FsYS1HaW1uYXNpYS1SaXRtaWNhLUluc3RpdHV0by1BbGVtYW4tUHVlcnRvLU1vbnR0LTI3LmpwZyIsInNsaWRlc2hvdyI6IjUxMDVkNWMifQ%3D%3D\" href='https:\/\/ialeman.cl\/wp-content\/uploads\/2023\/11\/Gala-Gimnasia-Ritmica-Instituto-Aleman-Puerto-Montt-27.jpg'><img loading=\"lazy\" decoding=\"async\" width=\"1200\" height=\"801\" src=\"https:\/\/ialeman.cl\/wp-content\/uploads\/2023\/11\/Gala-Gimnasia-Ritmica-Instituto-Aleman-Puerto-Montt-27.jpg\" class=\"attachment-full size-full\" alt=\"\" srcset=\"https:\/\/ialeman.cl\/wp-content\/uploads\/2023\/11\/Gala-Gimnasia-Ritmica-Instituto-Aleman-Puerto-Montt-27.jpg 1200w, https:\/\/ialeman.cl\/wp-content\/uploads\/2023\/11\/Gala-Gimnasia-Ritmica-Instituto-Aleman-Puerto-Montt-27-300x200.jpg 300w, https:\/\/ialeman.cl\/wp-content\/uploads\/2023\/11\/Gala-Gimnasia-Ritmica-Instituto-Aleman-Puerto-Montt-27-1024x684.jpg 1024w, https:\/\/ialeman.cl\/wp-content\/uploads\/2023\/11\/Gala-Gimnasia-Ritmica-Instituto-Aleman-Puerto-Montt-27-768x513.jpg 768w\" sizes=\"(max-width: 1200px) 100vw, 1200px\" \/><\/a>\n\t\t\t<\/div><\/figure><figure class='gallery-item'>\n\t\t\t<div class='gallery-icon landscape'>\n\t\t\t\t<a data-elementor-open-lightbox=\"yes\" data-elementor-lightbox-slideshow=\"5105d5c\" data-elementor-lightbox-title=\"Gala Gimnasia R\u00edtmica Instituto Alem\u00e1n Puerto Montt 51\" data-e-action-hash=\"#elementor-action%3Aaction%3Dlightbox%26settings%3DeyJpZCI6MjY2ODksInVybCI6Imh0dHBzOlwvXC9pYWxlbWFuLmNsXC93cC1jb250ZW50XC91cGxvYWRzXC8yMDIzXC8xMVwvR2FsYS1HaW1uYXNpYS1SaXRtaWNhLUluc3RpdHV0by1BbGVtYW4tUHVlcnRvLU1vbnR0LTUxLmpwZyIsInNsaWRlc2hvdyI6IjUxMDVkNWMifQ%3D%3D\" href='https:\/\/ialeman.cl\/wp-content\/uploads\/2023\/11\/Gala-Gimnasia-Ritmica-Instituto-Aleman-Puerto-Montt-51.jpg'><img loading=\"lazy\" decoding=\"async\" width=\"1200\" height=\"801\" src=\"https:\/\/ialeman.cl\/wp-content\/uploads\/2023\/11\/Gala-Gimnasia-Ritmica-Instituto-Aleman-Puerto-Montt-51.jpg\" class=\"attachment-full size-full\" alt=\"\" srcset=\"https:\/\/ialeman.cl\/wp-content\/uploads\/2023\/11\/Gala-Gimnasia-Ritmica-Instituto-Aleman-Puerto-Montt-51.jpg 1200w, https:\/\/ialeman.cl\/wp-content\/uploads\/2023\/11\/Gala-Gimnasia-Ritmica-Instituto-Aleman-Puerto-Montt-51-300x200.jpg 300w, https:\/\/ialeman.cl\/wp-content\/uploads\/2023\/11\/Gala-Gimnasia-Ritmica-Instituto-Aleman-Puerto-Montt-51-1024x684.jpg 1024w, https:\/\/ialeman.cl\/wp-content\/uploads\/2023\/11\/Gala-Gimnasia-Ritmica-Instituto-Aleman-Puerto-Montt-51-768x513.jpg 768w\" sizes=\"(max-width: 1200px) 100vw, 1200px\" \/><\/a>\n\t\t\t<\/div><\/figure><figure class='gallery-item'>\n\t\t\t<div class='gallery-icon landscape'>\n\t\t\t\t<a data-elementor-open-lightbox=\"yes\" data-elementor-lightbox-slideshow=\"5105d5c\" data-elementor-lightbox-title=\"Gala Gimnasia R\u00edtmica Instituto Alem\u00e1n Puerto Montt 2\" data-e-action-hash=\"#elementor-action%3Aaction%3Dlightbox%26settings%3DeyJpZCI6MjY2MzgsInVybCI6Imh0dHBzOlwvXC9pYWxlbWFuLmNsXC93cC1jb250ZW50XC91cGxvYWRzXC8yMDIzXC8xMVwvR2FsYS1HaW1uYXNpYS1SaXRtaWNhLUluc3RpdHV0by1BbGVtYW4tUHVlcnRvLU1vbnR0LTIuanBnIiwic2xpZGVzaG93IjoiNTEwNWQ1YyJ9\" href='https:\/\/ialeman.cl\/wp-content\/uploads\/2023\/11\/Gala-Gimnasia-Ritmica-Instituto-Aleman-Puerto-Montt-2.jpg'><img loading=\"lazy\" decoding=\"async\" width=\"1200\" height=\"801\" src=\"https:\/\/ialeman.cl\/wp-content\/uploads\/2023\/11\/Gala-Gimnasia-Ritmica-Instituto-Aleman-Puerto-Montt-2.jpg\" class=\"attachment-full size-full\" alt=\"\" srcset=\"https:\/\/ialeman.cl\/wp-content\/uploads\/2023\/11\/Gala-Gimnasia-Ritmica-Instituto-Aleman-Puerto-Montt-2.jpg 1200w, https:\/\/ialeman.cl\/wp-content\/uploads\/2023\/11\/Gala-Gimnasia-Ritmica-Instituto-Aleman-Puerto-Montt-2-300x200.jpg 300w, https:\/\/ialeman.cl\/wp-content\/uploads\/2023\/11\/Gala-Gimnasia-Ritmica-Instituto-Aleman-Puerto-Montt-2-1024x684.jpg 1024w, https:\/\/ialeman.cl\/wp-content\/uploads\/2023\/11\/Gala-Gimnasia-Ritmica-Instituto-Aleman-Puerto-Montt-2-768x513.jpg 768w\" sizes=\"(max-width: 1200px) 100vw, 1200px\" \/><\/a>\n\t\t\t<\/div><\/figure><figure class='gallery-item'>\n\t\t\t<div class='gallery-icon landscape'>\n\t\t\t\t<a data-elementor-open-lightbox=\"yes\" data-elementor-lightbox-slideshow=\"5105d5c\" data-elementor-lightbox-title=\"Gala Gimnasia R\u00edtmica Instituto Alem\u00e1n Puerto Montt 34\" data-e-action-hash=\"#elementor-action%3Aaction%3Dlightbox%26settings%3DeyJpZCI6MjY2NzEsInVybCI6Imh0dHBzOlwvXC9pYWxlbWFuLmNsXC93cC1jb250ZW50XC91cGxvYWRzXC8yMDIzXC8xMVwvR2FsYS1HaW1uYXNpYS1SaXRtaWNhLUluc3RpdHV0by1BbGVtYW4tUHVlcnRvLU1vbnR0LTM0LmpwZyIsInNsaWRlc2hvdyI6IjUxMDVkNWMifQ%3D%3D\" href='https:\/\/ialeman.cl\/wp-content\/uploads\/2023\/11\/Gala-Gimnasia-Ritmica-Instituto-Aleman-Puerto-Montt-34.jpg'><img loading=\"lazy\" decoding=\"async\" width=\"1200\" height=\"801\" src=\"https:\/\/ialeman.cl\/wp-content\/uploads\/2023\/11\/Gala-Gimnasia-Ritmica-Instituto-Aleman-Puerto-Montt-34.jpg\" class=\"attachment-full size-full\" alt=\"\" srcset=\"https:\/\/ialeman.cl\/wp-content\/uploads\/2023\/11\/Gala-Gimnasia-Ritmica-Instituto-Aleman-Puerto-Montt-34.jpg 1200w, https:\/\/ialeman.cl\/wp-content\/uploads\/2023\/11\/Gala-Gimnasia-Ritmica-Instituto-Aleman-Puerto-Montt-34-300x200.jpg 300w, https:\/\/ialeman.cl\/wp-content\/uploads\/2023\/11\/Gala-Gimnasia-Ritmica-Instituto-Aleman-Puerto-Montt-34-1024x684.jpg 1024w, https:\/\/ialeman.cl\/wp-content\/uploads\/2023\/11\/Gala-Gimnasia-Ritmica-Instituto-Aleman-Puerto-Montt-34-768x513.jpg 768w\" sizes=\"(max-width: 1200px) 100vw, 1200px\" \/><\/a>\n\t\t\t<\/div><\/figure><figure class='gallery-item'>\n\t\t\t<div class='gallery-icon landscape'>\n\t\t\t\t<a data-elementor-open-lightbox=\"yes\" data-elementor-lightbox-slideshow=\"5105d5c\" data-elementor-lightbox-title=\"Gala Gimnasia R\u00edtmica Instituto Alem\u00e1n Puerto Montt 5\" data-e-action-hash=\"#elementor-action%3Aaction%3Dlightbox%26settings%3DeyJpZCI6MjY2NDIsInVybCI6Imh0dHBzOlwvXC9pYWxlbWFuLmNsXC93cC1jb250ZW50XC91cGxvYWRzXC8yMDIzXC8xMVwvR2FsYS1HaW1uYXNpYS1SaXRtaWNhLUluc3RpdHV0by1BbGVtYW4tUHVlcnRvLU1vbnR0LTUuanBnIiwic2xpZGVzaG93IjoiNTEwNWQ1YyJ9\" href='https:\/\/ialeman.cl\/wp-content\/uploads\/2023\/11\/Gala-Gimnasia-Ritmica-Instituto-Aleman-Puerto-Montt-5.jpg'><img loading=\"lazy\" decoding=\"async\" width=\"1200\" height=\"801\" src=\"https:\/\/ialeman.cl\/wp-content\/uploads\/2023\/11\/Gala-Gimnasia-Ritmica-Instituto-Aleman-Puerto-Montt-5.jpg\" class=\"attachment-full size-full\" alt=\"\" srcset=\"https:\/\/ialeman.cl\/wp-content\/uploads\/2023\/11\/Gala-Gimnasia-Ritmica-Instituto-Aleman-Puerto-Montt-5.jpg 1200w, https:\/\/ialeman.cl\/wp-content\/uploads\/2023\/11\/Gala-Gimnasia-Ritmica-Instituto-Aleman-Puerto-Montt-5-300x200.jpg 300w, https:\/\/ialeman.cl\/wp-content\/uploads\/2023\/11\/Gala-Gimnasia-Ritmica-Instituto-Aleman-Puerto-Montt-5-1024x684.jpg 1024w, https:\/\/ialeman.cl\/wp-content\/uploads\/2023\/11\/Gala-Gimnasia-Ritmica-Instituto-Aleman-Puerto-Montt-5-768x513.jpg 768w\" sizes=\"(max-width: 1200px) 100vw, 1200px\" \/><\/a>\n\t\t\t<\/div><\/figure><figure class='gallery-item'>\n\t\t\t<div class='gallery-icon landscape'>\n\t\t\t\t<a data-elementor-open-lightbox=\"yes\" data-elementor-lightbox-slideshow=\"5105d5c\" data-elementor-lightbox-title=\"Gala Gimnasia R\u00edtmica Instituto Alem\u00e1n Puerto Montt 3\" data-e-action-hash=\"#elementor-action%3Aaction%3Dlightbox%26settings%3DeyJpZCI6MjY2MzksInVybCI6Imh0dHBzOlwvXC9pYWxlbWFuLmNsXC93cC1jb250ZW50XC91cGxvYWRzXC8yMDIzXC8xMVwvR2FsYS1HaW1uYXNpYS1SaXRtaWNhLUluc3RpdHV0by1BbGVtYW4tUHVlcnRvLU1vbnR0LTMuanBnIiwic2xpZGVzaG93IjoiNTEwNWQ1YyJ9\" href='https:\/\/ialeman.cl\/wp-content\/uploads\/2023\/11\/Gala-Gimnasia-Ritmica-Instituto-Aleman-Puerto-Montt-3.jpg'><img loading=\"lazy\" decoding=\"async\" width=\"1200\" height=\"801\" src=\"https:\/\/ialeman.cl\/wp-content\/uploads\/2023\/11\/Gala-Gimnasia-Ritmica-Instituto-Aleman-Puerto-Montt-3.jpg\" class=\"attachment-full size-full\" alt=\"\" srcset=\"https:\/\/ialeman.cl\/wp-content\/uploads\/2023\/11\/Gala-Gimnasia-Ritmica-Instituto-Aleman-Puerto-Montt-3.jpg 1200w, https:\/\/ialeman.cl\/wp-content\/uploads\/2023\/11\/Gala-Gimnasia-Ritmica-Instituto-Aleman-Puerto-Montt-3-300x200.jpg 300w, https:\/\/ialeman.cl\/wp-content\/uploads\/2023\/11\/Gala-Gimnasia-Ritmica-Instituto-Aleman-Puerto-Montt-3-1024x684.jpg 1024w, https:\/\/ialeman.cl\/wp-content\/uploads\/2023\/11\/Gala-Gimnasia-Ritmica-Instituto-Aleman-Puerto-Montt-3-768x513.jpg 768w\" sizes=\"(max-width: 1200px) 100vw, 1200px\" \/><\/a>\n\t\t\t<\/div><\/figure><figure class='gallery-item'>\n\t\t\t<div class='gallery-icon landscape'>\n\t\t\t\t<a data-elementor-open-lightbox=\"yes\" data-elementor-lightbox-slideshow=\"5105d5c\" data-elementor-lightbox-title=\"Gala Gimnasia R\u00edtmica Instituto Alem\u00e1n Puerto Montt 19\" data-e-action-hash=\"#elementor-action%3Aaction%3Dlightbox%26settings%3DeyJpZCI6MjY2NTYsInVybCI6Imh0dHBzOlwvXC9pYWxlbWFuLmNsXC93cC1jb250ZW50XC91cGxvYWRzXC8yMDIzXC8xMVwvR2FsYS1HaW1uYXNpYS1SaXRtaWNhLUluc3RpdHV0by1BbGVtYW4tUHVlcnRvLU1vbnR0LTE5LmpwZyIsInNsaWRlc2hvdyI6IjUxMDVkNWMifQ%3D%3D\" href='https:\/\/ialeman.cl\/wp-content\/uploads\/2023\/11\/Gala-Gimnasia-Ritmica-Instituto-Aleman-Puerto-Montt-19.jpg'><img loading=\"lazy\" decoding=\"async\" width=\"1200\" height=\"801\" src=\"https:\/\/ialeman.cl\/wp-content\/uploads\/2023\/11\/Gala-Gimnasia-Ritmica-Instituto-Aleman-Puerto-Montt-19.jpg\" class=\"attachment-full size-full\" alt=\"\" srcset=\"https:\/\/ialeman.cl\/wp-content\/uploads\/2023\/11\/Gala-Gimnasia-Ritmica-Instituto-Aleman-Puerto-Montt-19.jpg 1200w, https:\/\/ialeman.cl\/wp-content\/uploads\/2023\/11\/Gala-Gimnasia-Ritmica-Instituto-Aleman-Puerto-Montt-19-300x200.jpg 300w, https:\/\/ialeman.cl\/wp-content\/uploads\/2023\/11\/Gala-Gimnasia-Ritmica-Instituto-Aleman-Puerto-Montt-19-1024x684.jpg 1024w, https:\/\/ialeman.cl\/wp-content\/uploads\/2023\/11\/Gala-Gimnasia-Ritmica-Instituto-Aleman-Puerto-Montt-19-768x513.jpg 768w\" sizes=\"(max-width: 1200px) 100vw, 1200px\" \/><\/a>\n\t\t\t<\/div><\/figure><figure class='gallery-item'>\n\t\t\t<div class='gallery-icon landscape'>\n\t\t\t\t<a data-elementor-open-lightbox=\"yes\" data-elementor-lightbox-slideshow=\"5105d5c\" data-elementor-lightbox-title=\"Gala Gimnasia R\u00edtmica Instituto Alem\u00e1n Puerto Montt 3_3\" data-e-action-hash=\"#elementor-action%3Aaction%3Dlightbox%26settings%3DeyJpZCI6MjY2NDAsInVybCI6Imh0dHBzOlwvXC9pYWxlbWFuLmNsXC93cC1jb250ZW50XC91cGxvYWRzXC8yMDIzXC8xMVwvR2FsYS1HaW1uYXNpYS1SaXRtaWNhLUluc3RpdHV0by1BbGVtYW4tUHVlcnRvLU1vbnR0LTNfMy5qcGciLCJzbGlkZXNob3ciOiI1MTA1ZDVjIn0%3D\" href='https:\/\/ialeman.cl\/wp-content\/uploads\/2023\/11\/Gala-Gimnasia-Ritmica-Instituto-Aleman-Puerto-Montt-3_3.jpg'><img loading=\"lazy\" decoding=\"async\" width=\"1200\" height=\"801\" src=\"https:\/\/ialeman.cl\/wp-content\/uploads\/2023\/11\/Gala-Gimnasia-Ritmica-Instituto-Aleman-Puerto-Montt-3_3.jpg\" class=\"attachment-full size-full\" alt=\"\" srcset=\"https:\/\/ialeman.cl\/wp-content\/uploads\/2023\/11\/Gala-Gimnasia-Ritmica-Instituto-Aleman-Puerto-Montt-3_3.jpg 1200w, https:\/\/ialeman.cl\/wp-content\/uploads\/2023\/11\/Gala-Gimnasia-Ritmica-Instituto-Aleman-Puerto-Montt-3_3-300x200.jpg 300w, https:\/\/ialeman.cl\/wp-content\/uploads\/2023\/11\/Gala-Gimnasia-Ritmica-Instituto-Aleman-Puerto-Montt-3_3-1024x684.jpg 1024w, https:\/\/ialeman.cl\/wp-content\/uploads\/2023\/11\/Gala-Gimnasia-Ritmica-Instituto-Aleman-Puerto-Montt-3_3-768x513.jpg 768w\" sizes=\"(max-width: 1200px) 100vw, 1200px\" \/><\/a>\n\t\t\t<\/div><\/figure><figure class='gallery-item'>\n\t\t\t<div class='gallery-icon landscape'>\n\t\t\t\t<a data-elementor-open-lightbox=\"yes\" data-elementor-lightbox-slideshow=\"5105d5c\" data-elementor-lightbox-title=\"Gala Gimnasia R\u00edtmica Instituto Alem\u00e1n Puerto Montt 47\" data-e-action-hash=\"#elementor-action%3Aaction%3Dlightbox%26settings%3DeyJpZCI6MjY2ODQsInVybCI6Imh0dHBzOlwvXC9pYWxlbWFuLmNsXC93cC1jb250ZW50XC91cGxvYWRzXC8yMDIzXC8xMVwvR2FsYS1HaW1uYXNpYS1SaXRtaWNhLUluc3RpdHV0by1BbGVtYW4tUHVlcnRvLU1vbnR0LTQ3LmpwZyIsInNsaWRlc2hvdyI6IjUxMDVkNWMifQ%3D%3D\" href='https:\/\/ialeman.cl\/wp-content\/uploads\/2023\/11\/Gala-Gimnasia-Ritmica-Instituto-Aleman-Puerto-Montt-47.jpg'><img loading=\"lazy\" decoding=\"async\" width=\"1200\" height=\"801\" src=\"https:\/\/ialeman.cl\/wp-content\/uploads\/2023\/11\/Gala-Gimnasia-Ritmica-Instituto-Aleman-Puerto-Montt-47.jpg\" class=\"attachment-full size-full\" alt=\"\" srcset=\"https:\/\/ialeman.cl\/wp-content\/uploads\/2023\/11\/Gala-Gimnasia-Ritmica-Instituto-Aleman-Puerto-Montt-47.jpg 1200w, https:\/\/ialeman.cl\/wp-content\/uploads\/2023\/11\/Gala-Gimnasia-Ritmica-Instituto-Aleman-Puerto-Montt-47-300x200.jpg 300w, https:\/\/ialeman.cl\/wp-content\/uploads\/2023\/11\/Gala-Gimnasia-Ritmica-Instituto-Aleman-Puerto-Montt-47-1024x684.jpg 1024w, https:\/\/ialeman.cl\/wp-content\/uploads\/2023\/11\/Gala-Gimnasia-Ritmica-Instituto-Aleman-Puerto-Montt-47-768x513.jpg 768w\" sizes=\"(max-width: 1200px) 100vw, 1200px\" \/><\/a>\n\t\t\t<\/div><\/figure><figure class='gallery-item'>\n\t\t\t<div class='gallery-icon landscape'>\n\t\t\t\t<a data-elementor-open-lightbox=\"yes\" data-elementor-lightbox-slideshow=\"5105d5c\" data-elementor-lightbox-title=\"Gala Gimnasia R\u00edtmica Instituto Alem\u00e1n Puerto Montt 4\" data-e-action-hash=\"#elementor-action%3Aaction%3Dlightbox%26settings%3DeyJpZCI6MjY2NDEsInVybCI6Imh0dHBzOlwvXC9pYWxlbWFuLmNsXC93cC1jb250ZW50XC91cGxvYWRzXC8yMDIzXC8xMVwvR2FsYS1HaW1uYXNpYS1SaXRtaWNhLUluc3RpdHV0by1BbGVtYW4tUHVlcnRvLU1vbnR0LTQuanBnIiwic2xpZGVzaG93IjoiNTEwNWQ1YyJ9\" href='https:\/\/ialeman.cl\/wp-content\/uploads\/2023\/11\/Gala-Gimnasia-Ritmica-Instituto-Aleman-Puerto-Montt-4.jpg'><img loading=\"lazy\" decoding=\"async\" width=\"1200\" height=\"801\" src=\"https:\/\/ialeman.cl\/wp-content\/uploads\/2023\/11\/Gala-Gimnasia-Ritmica-Instituto-Aleman-Puerto-Montt-4.jpg\" class=\"attachment-full size-full\" alt=\"\" srcset=\"https:\/\/ialeman.cl\/wp-content\/uploads\/2023\/11\/Gala-Gimnasia-Ritmica-Instituto-Aleman-Puerto-Montt-4.jpg 1200w, https:\/\/ialeman.cl\/wp-content\/uploads\/2023\/11\/Gala-Gimnasia-Ritmica-Instituto-Aleman-Puerto-Montt-4-300x200.jpg 300w, https:\/\/ialeman.cl\/wp-content\/uploads\/2023\/11\/Gala-Gimnasia-Ritmica-Instituto-Aleman-Puerto-Montt-4-1024x684.jpg 1024w, https:\/\/ialeman.cl\/wp-content\/uploads\/2023\/11\/Gala-Gimnasia-Ritmica-Instituto-Aleman-Puerto-Montt-4-768x513.jpg 768w\" sizes=\"(max-width: 1200px) 100vw, 1200px\" \/><\/a>\n\t\t\t<\/div><\/figure><figure class='gallery-item'>\n\t\t\t<div class='gallery-icon landscape'>\n\t\t\t\t<a data-elementor-open-lightbox=\"yes\" data-elementor-lightbox-slideshow=\"5105d5c\" data-elementor-lightbox-title=\"Gala Gimnasia R\u00edtmica Instituto Alem\u00e1n Puerto Montt 6\" data-e-action-hash=\"#elementor-action%3Aaction%3Dlightbox%26settings%3DeyJpZCI6MjY2NDMsInVybCI6Imh0dHBzOlwvXC9pYWxlbWFuLmNsXC93cC1jb250ZW50XC91cGxvYWRzXC8yMDIzXC8xMVwvR2FsYS1HaW1uYXNpYS1SaXRtaWNhLUluc3RpdHV0by1BbGVtYW4tUHVlcnRvLU1vbnR0LTYuanBnIiwic2xpZGVzaG93IjoiNTEwNWQ1YyJ9\" href='https:\/\/ialeman.cl\/wp-content\/uploads\/2023\/11\/Gala-Gimnasia-Ritmica-Instituto-Aleman-Puerto-Montt-6.jpg'><img loading=\"lazy\" decoding=\"async\" width=\"1200\" height=\"801\" src=\"https:\/\/ialeman.cl\/wp-content\/uploads\/2023\/11\/Gala-Gimnasia-Ritmica-Instituto-Aleman-Puerto-Montt-6.jpg\" class=\"attachment-full size-full\" alt=\"\" srcset=\"https:\/\/ialeman.cl\/wp-content\/uploads\/2023\/11\/Gala-Gimnasia-Ritmica-Instituto-Aleman-Puerto-Montt-6.jpg 1200w, https:\/\/ialeman.cl\/wp-content\/uploads\/2023\/11\/Gala-Gimnasia-Ritmica-Instituto-Aleman-Puerto-Montt-6-300x200.jpg 300w, https:\/\/ialeman.cl\/wp-content\/uploads\/2023\/11\/Gala-Gimnasia-Ritmica-Instituto-Aleman-Puerto-Montt-6-1024x684.jpg 1024w, https:\/\/ialeman.cl\/wp-content\/uploads\/2023\/11\/Gala-Gimnasia-Ritmica-Instituto-Aleman-Puerto-Montt-6-768x513.jpg 768w\" sizes=\"(max-width: 1200px) 100vw, 1200px\" \/><\/a>\n\t\t\t<\/div><\/figure><figure class='gallery-item'>\n\t\t\t<div class='gallery-icon landscape'>\n\t\t\t\t<a data-elementor-open-lightbox=\"yes\" data-elementor-lightbox-slideshow=\"5105d5c\" data-elementor-lightbox-title=\"Gala Gimnasia R\u00edtmica Instituto Alem\u00e1n Puerto Montt 7\" data-e-action-hash=\"#elementor-action%3Aaction%3Dlightbox%26settings%3DeyJpZCI6MjY2NDQsInVybCI6Imh0dHBzOlwvXC9pYWxlbWFuLmNsXC93cC1jb250ZW50XC91cGxvYWRzXC8yMDIzXC8xMVwvR2FsYS1HaW1uYXNpYS1SaXRtaWNhLUluc3RpdHV0by1BbGVtYW4tUHVlcnRvLU1vbnR0LTcuanBnIiwic2xpZGVzaG93IjoiNTEwNWQ1YyJ9\" href='https:\/\/ialeman.cl\/wp-content\/uploads\/2023\/11\/Gala-Gimnasia-Ritmica-Instituto-Aleman-Puerto-Montt-7.jpg'><img loading=\"lazy\" decoding=\"async\" width=\"1200\" height=\"801\" src=\"https:\/\/ialeman.cl\/wp-content\/uploads\/2023\/11\/Gala-Gimnasia-Ritmica-Instituto-Aleman-Puerto-Montt-7.jpg\" class=\"attachment-full size-full\" alt=\"\" srcset=\"https:\/\/ialeman.cl\/wp-content\/uploads\/2023\/11\/Gala-Gimnasia-Ritmica-Instituto-Aleman-Puerto-Montt-7.jpg 1200w, https:\/\/ialeman.cl\/wp-content\/uploads\/2023\/11\/Gala-Gimnasia-Ritmica-Instituto-Aleman-Puerto-Montt-7-300x200.jpg 300w, https:\/\/ialeman.cl\/wp-content\/uploads\/2023\/11\/Gala-Gimnasia-Ritmica-Instituto-Aleman-Puerto-Montt-7-1024x684.jpg 1024w, https:\/\/ialeman.cl\/wp-content\/uploads\/2023\/11\/Gala-Gimnasia-Ritmica-Instituto-Aleman-Puerto-Montt-7-768x513.jpg 768w\" sizes=\"(max-width: 1200px) 100vw, 1200px\" \/><\/a>\n\t\t\t<\/div><\/figure><figure class='gallery-item'>\n\t\t\t<div class='gallery-icon landscape'>\n\t\t\t\t<a data-elementor-open-lightbox=\"yes\" data-elementor-lightbox-slideshow=\"5105d5c\" data-elementor-lightbox-title=\"Gala Gimnasia R\u00edtmica Instituto Alem\u00e1n Puerto Montt 8\" data-e-action-hash=\"#elementor-action%3Aaction%3Dlightbox%26settings%3DeyJpZCI6MjY2NDUsInVybCI6Imh0dHBzOlwvXC9pYWxlbWFuLmNsXC93cC1jb250ZW50XC91cGxvYWRzXC8yMDIzXC8xMVwvR2FsYS1HaW1uYXNpYS1SaXRtaWNhLUluc3RpdHV0by1BbGVtYW4tUHVlcnRvLU1vbnR0LTguanBnIiwic2xpZGVzaG93IjoiNTEwNWQ1YyJ9\" href='https:\/\/ialeman.cl\/wp-content\/uploads\/2023\/11\/Gala-Gimnasia-Ritmica-Instituto-Aleman-Puerto-Montt-8.jpg'><img loading=\"lazy\" decoding=\"async\" width=\"1200\" height=\"801\" src=\"https:\/\/ialeman.cl\/wp-content\/uploads\/2023\/11\/Gala-Gimnasia-Ritmica-Instituto-Aleman-Puerto-Montt-8.jpg\" class=\"attachment-full size-full\" alt=\"\" srcset=\"https:\/\/ialeman.cl\/wp-content\/uploads\/2023\/11\/Gala-Gimnasia-Ritmica-Instituto-Aleman-Puerto-Montt-8.jpg 1200w, https:\/\/ialeman.cl\/wp-content\/uploads\/2023\/11\/Gala-Gimnasia-Ritmica-Instituto-Aleman-Puerto-Montt-8-300x200.jpg 300w, https:\/\/ialeman.cl\/wp-content\/uploads\/2023\/11\/Gala-Gimnasia-Ritmica-Instituto-Aleman-Puerto-Montt-8-1024x684.jpg 1024w, https:\/\/ialeman.cl\/wp-content\/uploads\/2023\/11\/Gala-Gimnasia-Ritmica-Instituto-Aleman-Puerto-Montt-8-768x513.jpg 768w\" sizes=\"(max-width: 1200px) 100vw, 1200px\" \/><\/a>\n\t\t\t<\/div><\/figure><figure class='gallery-item'>\n\t\t\t<div class='gallery-icon landscape'>\n\t\t\t\t<a data-elementor-open-lightbox=\"yes\" data-elementor-lightbox-slideshow=\"5105d5c\" data-elementor-lightbox-title=\"Gala Gimnasia R\u00edtmica Instituto Alem\u00e1n Puerto Montt 9\" data-e-action-hash=\"#elementor-action%3Aaction%3Dlightbox%26settings%3DeyJpZCI6MjY2NDYsInVybCI6Imh0dHBzOlwvXC9pYWxlbWFuLmNsXC93cC1jb250ZW50XC91cGxvYWRzXC8yMDIzXC8xMVwvR2FsYS1HaW1uYXNpYS1SaXRtaWNhLUluc3RpdHV0by1BbGVtYW4tUHVlcnRvLU1vbnR0LTkuanBnIiwic2xpZGVzaG93IjoiNTEwNWQ1YyJ9\" href='https:\/\/ialeman.cl\/wp-content\/uploads\/2023\/11\/Gala-Gimnasia-Ritmica-Instituto-Aleman-Puerto-Montt-9.jpg'><img loading=\"lazy\" decoding=\"async\" width=\"1200\" height=\"801\" src=\"https:\/\/ialeman.cl\/wp-content\/uploads\/2023\/11\/Gala-Gimnasia-Ritmica-Instituto-Aleman-Puerto-Montt-9.jpg\" class=\"attachment-full size-full\" alt=\"\" srcset=\"https:\/\/ialeman.cl\/wp-content\/uploads\/2023\/11\/Gala-Gimnasia-Ritmica-Instituto-Aleman-Puerto-Montt-9.jpg 1200w, https:\/\/ialeman.cl\/wp-content\/uploads\/2023\/11\/Gala-Gimnasia-Ritmica-Instituto-Aleman-Puerto-Montt-9-300x200.jpg 300w, https:\/\/ialeman.cl\/wp-content\/uploads\/2023\/11\/Gala-Gimnasia-Ritmica-Instituto-Aleman-Puerto-Montt-9-1024x684.jpg 1024w, https:\/\/ialeman.cl\/wp-content\/uploads\/2023\/11\/Gala-Gimnasia-Ritmica-Instituto-Aleman-Puerto-Montt-9-768x513.jpg 768w\" sizes=\"(max-width: 1200px) 100vw, 1200px\" \/><\/a>\n\t\t\t<\/div><\/figure><figure class='gallery-item'>\n\t\t\t<div class='gallery-icon landscape'>\n\t\t\t\t<a data-elementor-open-lightbox=\"yes\" data-elementor-lightbox-slideshow=\"5105d5c\" data-elementor-lightbox-title=\"Gala Gimnasia R\u00edtmica Instituto Alem\u00e1n Puerto Montt 11\" data-e-action-hash=\"#elementor-action%3Aaction%3Dlightbox%26settings%3DeyJpZCI6MjY2NDgsInVybCI6Imh0dHBzOlwvXC9pYWxlbWFuLmNsXC93cC1jb250ZW50XC91cGxvYWRzXC8yMDIzXC8xMVwvR2FsYS1HaW1uYXNpYS1SaXRtaWNhLUluc3RpdHV0by1BbGVtYW4tUHVlcnRvLU1vbnR0LTExLmpwZyIsInNsaWRlc2hvdyI6IjUxMDVkNWMifQ%3D%3D\" href='https:\/\/ialeman.cl\/wp-content\/uploads\/2023\/11\/Gala-Gimnasia-Ritmica-Instituto-Aleman-Puerto-Montt-11.jpg'><img loading=\"lazy\" decoding=\"async\" width=\"1200\" height=\"801\" src=\"https:\/\/ialeman.cl\/wp-content\/uploads\/2023\/11\/Gala-Gimnasia-Ritmica-Instituto-Aleman-Puerto-Montt-11.jpg\" class=\"attachment-full size-full\" alt=\"\" srcset=\"https:\/\/ialeman.cl\/wp-content\/uploads\/2023\/11\/Gala-Gimnasia-Ritmica-Instituto-Aleman-Puerto-Montt-11.jpg 1200w, https:\/\/ialeman.cl\/wp-content\/uploads\/2023\/11\/Gala-Gimnasia-Ritmica-Instituto-Aleman-Puerto-Montt-11-300x200.jpg 300w, https:\/\/ialeman.cl\/wp-content\/uploads\/2023\/11\/Gala-Gimnasia-Ritmica-Instituto-Aleman-Puerto-Montt-11-1024x684.jpg 1024w, https:\/\/ialeman.cl\/wp-content\/uploads\/2023\/11\/Gala-Gimnasia-Ritmica-Instituto-Aleman-Puerto-Montt-11-768x513.jpg 768w\" sizes=\"(max-width: 1200px) 100vw, 1200px\" \/><\/a>\n\t\t\t<\/div><\/figure><figure class='gallery-item'>\n\t\t\t<div class='gallery-icon landscape'>\n\t\t\t\t<a data-elementor-open-lightbox=\"yes\" data-elementor-lightbox-slideshow=\"5105d5c\" data-elementor-lightbox-title=\"Gala Gimnasia R\u00edtmica Instituto Alem\u00e1n Puerto Montt 12\" data-e-action-hash=\"#elementor-action%3Aaction%3Dlightbox%26settings%3DeyJpZCI6MjY2NDksInVybCI6Imh0dHBzOlwvXC9pYWxlbWFuLmNsXC93cC1jb250ZW50XC91cGxvYWRzXC8yMDIzXC8xMVwvR2FsYS1HaW1uYXNpYS1SaXRtaWNhLUluc3RpdHV0by1BbGVtYW4tUHVlcnRvLU1vbnR0LTEyLmpwZyIsInNsaWRlc2hvdyI6IjUxMDVkNWMifQ%3D%3D\" href='https:\/\/ialeman.cl\/wp-content\/uploads\/2023\/11\/Gala-Gimnasia-Ritmica-Instituto-Aleman-Puerto-Montt-12.jpg'><img loading=\"lazy\" decoding=\"async\" width=\"1200\" height=\"801\" src=\"https:\/\/ialeman.cl\/wp-content\/uploads\/2023\/11\/Gala-Gimnasia-Ritmica-Instituto-Aleman-Puerto-Montt-12.jpg\" class=\"attachment-full size-full\" alt=\"\" srcset=\"https:\/\/ialeman.cl\/wp-content\/uploads\/2023\/11\/Gala-Gimnasia-Ritmica-Instituto-Aleman-Puerto-Montt-12.jpg 1200w, https:\/\/ialeman.cl\/wp-content\/uploads\/2023\/11\/Gala-Gimnasia-Ritmica-Instituto-Aleman-Puerto-Montt-12-300x200.jpg 300w, https:\/\/ialeman.cl\/wp-content\/uploads\/2023\/11\/Gala-Gimnasia-Ritmica-Instituto-Aleman-Puerto-Montt-12-1024x684.jpg 1024w, https:\/\/ialeman.cl\/wp-content\/uploads\/2023\/11\/Gala-Gimnasia-Ritmica-Instituto-Aleman-Puerto-Montt-12-768x513.jpg 768w\" sizes=\"(max-width: 1200px) 100vw, 1200px\" \/><\/a>\n\t\t\t<\/div><\/figure><figure class='gallery-item'>\n\t\t\t<div class='gallery-icon landscape'>\n\t\t\t\t<a data-elementor-open-lightbox=\"yes\" data-elementor-lightbox-slideshow=\"5105d5c\" data-elementor-lightbox-title=\"Gala Gimnasia R\u00edtmica Instituto Alem\u00e1n Puerto Montt 13\" data-e-action-hash=\"#elementor-action%3Aaction%3Dlightbox%26settings%3DeyJpZCI6MjY2NTAsInVybCI6Imh0dHBzOlwvXC9pYWxlbWFuLmNsXC93cC1jb250ZW50XC91cGxvYWRzXC8yMDIzXC8xMVwvR2FsYS1HaW1uYXNpYS1SaXRtaWNhLUluc3RpdHV0by1BbGVtYW4tUHVlcnRvLU1vbnR0LTEzLmpwZyIsInNsaWRlc2hvdyI6IjUxMDVkNWMifQ%3D%3D\" href='https:\/\/ialeman.cl\/wp-content\/uploads\/2023\/11\/Gala-Gimnasia-Ritmica-Instituto-Aleman-Puerto-Montt-13.jpg'><img loading=\"lazy\" decoding=\"async\" width=\"1200\" height=\"801\" src=\"https:\/\/ialeman.cl\/wp-content\/uploads\/2023\/11\/Gala-Gimnasia-Ritmica-Instituto-Aleman-Puerto-Montt-13.jpg\" class=\"attachment-full size-full\" alt=\"\" srcset=\"https:\/\/ialeman.cl\/wp-content\/uploads\/2023\/11\/Gala-Gimnasia-Ritmica-Instituto-Aleman-Puerto-Montt-13.jpg 1200w, https:\/\/ialeman.cl\/wp-content\/uploads\/2023\/11\/Gala-Gimnasia-Ritmica-Instituto-Aleman-Puerto-Montt-13-300x200.jpg 300w, https:\/\/ialeman.cl\/wp-content\/uploads\/2023\/11\/Gala-Gimnasia-Ritmica-Instituto-Aleman-Puerto-Montt-13-1024x684.jpg 1024w, https:\/\/ialeman.cl\/wp-content\/uploads\/2023\/11\/Gala-Gimnasia-Ritmica-Instituto-Aleman-Puerto-Montt-13-768x513.jpg 768w\" sizes=\"(max-width: 1200px) 100vw, 1200px\" \/><\/a>\n\t\t\t<\/div><\/figure><figure class='gallery-item'>\n\t\t\t<div class='gallery-icon landscape'>\n\t\t\t\t<a data-elementor-open-lightbox=\"yes\" data-elementor-lightbox-slideshow=\"5105d5c\" data-elementor-lightbox-title=\"Gala Gimnasia R\u00edtmica Instituto Alem\u00e1n Puerto Montt 14\" data-e-action-hash=\"#elementor-action%3Aaction%3Dlightbox%26settings%3DeyJpZCI6MjY2NTEsInVybCI6Imh0dHBzOlwvXC9pYWxlbWFuLmNsXC93cC1jb250ZW50XC91cGxvYWRzXC8yMDIzXC8xMVwvR2FsYS1HaW1uYXNpYS1SaXRtaWNhLUluc3RpdHV0by1BbGVtYW4tUHVlcnRvLU1vbnR0LTE0LmpwZyIsInNsaWRlc2hvdyI6IjUxMDVkNWMifQ%3D%3D\" href='https:\/\/ialeman.cl\/wp-content\/uploads\/2023\/11\/Gala-Gimnasia-Ritmica-Instituto-Aleman-Puerto-Montt-14.jpg'><img loading=\"lazy\" decoding=\"async\" width=\"1200\" height=\"801\" src=\"https:\/\/ialeman.cl\/wp-content\/uploads\/2023\/11\/Gala-Gimnasia-Ritmica-Instituto-Aleman-Puerto-Montt-14.jpg\" class=\"attachment-full size-full\" alt=\"\" srcset=\"https:\/\/ialeman.cl\/wp-content\/uploads\/2023\/11\/Gala-Gimnasia-Ritmica-Instituto-Aleman-Puerto-Montt-14.jpg 1200w, https:\/\/ialeman.cl\/wp-content\/uploads\/2023\/11\/Gala-Gimnasia-Ritmica-Instituto-Aleman-Puerto-Montt-14-300x200.jpg 300w, https:\/\/ialeman.cl\/wp-content\/uploads\/2023\/11\/Gala-Gimnasia-Ritmica-Instituto-Aleman-Puerto-Montt-14-1024x684.jpg 1024w, https:\/\/ialeman.cl\/wp-content\/uploads\/2023\/11\/Gala-Gimnasia-Ritmica-Instituto-Aleman-Puerto-Montt-14-768x513.jpg 768w\" sizes=\"(max-width: 1200px) 100vw, 1200px\" \/><\/a>\n\t\t\t<\/div><\/figure><figure class='gallery-item'>\n\t\t\t<div class='gallery-icon landscape'>\n\t\t\t\t<a data-elementor-open-lightbox=\"yes\" data-elementor-lightbox-slideshow=\"5105d5c\" data-elementor-lightbox-title=\"Gala Gimnasia R\u00edtmica Instituto Alem\u00e1n Puerto Montt 15\" data-e-action-hash=\"#elementor-action%3Aaction%3Dlightbox%26settings%3DeyJpZCI6MjY2NTIsInVybCI6Imh0dHBzOlwvXC9pYWxlbWFuLmNsXC93cC1jb250ZW50XC91cGxvYWRzXC8yMDIzXC8xMVwvR2FsYS1HaW1uYXNpYS1SaXRtaWNhLUluc3RpdHV0by1BbGVtYW4tUHVlcnRvLU1vbnR0LTE1LmpwZyIsInNsaWRlc2hvdyI6IjUxMDVkNWMifQ%3D%3D\" href='https:\/\/ialeman.cl\/wp-content\/uploads\/2023\/11\/Gala-Gimnasia-Ritmica-Instituto-Aleman-Puerto-Montt-15.jpg'><img loading=\"lazy\" decoding=\"async\" width=\"1200\" height=\"801\" src=\"https:\/\/ialeman.cl\/wp-content\/uploads\/2023\/11\/Gala-Gimnasia-Ritmica-Instituto-Aleman-Puerto-Montt-15.jpg\" class=\"attachment-full size-full\" alt=\"\" srcset=\"https:\/\/ialeman.cl\/wp-content\/uploads\/2023\/11\/Gala-Gimnasia-Ritmica-Instituto-Aleman-Puerto-Montt-15.jpg 1200w, https:\/\/ialeman.cl\/wp-content\/uploads\/2023\/11\/Gala-Gimnasia-Ritmica-Instituto-Aleman-Puerto-Montt-15-300x200.jpg 300w, https:\/\/ialeman.cl\/wp-content\/uploads\/2023\/11\/Gala-Gimnasia-Ritmica-Instituto-Aleman-Puerto-Montt-15-1024x684.jpg 1024w, https:\/\/ialeman.cl\/wp-content\/uploads\/2023\/11\/Gala-Gimnasia-Ritmica-Instituto-Aleman-Puerto-Montt-15-768x513.jpg 768w\" sizes=\"(max-width: 1200px) 100vw, 1200px\" \/><\/a>\n\t\t\t<\/div><\/figure><figure class='gallery-item'>\n\t\t\t<div class='gallery-icon landscape'>\n\t\t\t\t<a data-elementor-open-lightbox=\"yes\" data-elementor-lightbox-slideshow=\"5105d5c\" data-elementor-lightbox-title=\"Gala Gimnasia R\u00edtmica Instituto Alem\u00e1n Puerto Montt 16\" data-e-action-hash=\"#elementor-action%3Aaction%3Dlightbox%26settings%3DeyJpZCI6MjY2NTMsInVybCI6Imh0dHBzOlwvXC9pYWxlbWFuLmNsXC93cC1jb250ZW50XC91cGxvYWRzXC8yMDIzXC8xMVwvR2FsYS1HaW1uYXNpYS1SaXRtaWNhLUluc3RpdHV0by1BbGVtYW4tUHVlcnRvLU1vbnR0LTE2LmpwZyIsInNsaWRlc2hvdyI6IjUxMDVkNWMifQ%3D%3D\" href='https:\/\/ialeman.cl\/wp-content\/uploads\/2023\/11\/Gala-Gimnasia-Ritmica-Instituto-Aleman-Puerto-Montt-16.jpg'><img loading=\"lazy\" decoding=\"async\" width=\"1200\" height=\"801\" src=\"https:\/\/ialeman.cl\/wp-content\/uploads\/2023\/11\/Gala-Gimnasia-Ritmica-Instituto-Aleman-Puerto-Montt-16.jpg\" class=\"attachment-full size-full\" alt=\"\" srcset=\"https:\/\/ialeman.cl\/wp-content\/uploads\/2023\/11\/Gala-Gimnasia-Ritmica-Instituto-Aleman-Puerto-Montt-16.jpg 1200w, https:\/\/ialeman.cl\/wp-content\/uploads\/2023\/11\/Gala-Gimnasia-Ritmica-Instituto-Aleman-Puerto-Montt-16-300x200.jpg 300w, https:\/\/ialeman.cl\/wp-content\/uploads\/2023\/11\/Gala-Gimnasia-Ritmica-Instituto-Aleman-Puerto-Montt-16-1024x684.jpg 1024w, https:\/\/ialeman.cl\/wp-content\/uploads\/2023\/11\/Gala-Gimnasia-Ritmica-Instituto-Aleman-Puerto-Montt-16-768x513.jpg 768w\" sizes=\"(max-width: 1200px) 100vw, 1200px\" \/><\/a>\n\t\t\t<\/div><\/figure><figure class='gallery-item'>\n\t\t\t<div class='gallery-icon landscape'>\n\t\t\t\t<a data-elementor-open-lightbox=\"yes\" data-elementor-lightbox-slideshow=\"5105d5c\" data-elementor-lightbox-title=\"Gala Gimnasia R\u00edtmica Instituto Alem\u00e1n Puerto Montt 17\" data-e-action-hash=\"#elementor-action%3Aaction%3Dlightbox%26settings%3DeyJpZCI6MjY2NTQsInVybCI6Imh0dHBzOlwvXC9pYWxlbWFuLmNsXC93cC1jb250ZW50XC91cGxvYWRzXC8yMDIzXC8xMVwvR2FsYS1HaW1uYXNpYS1SaXRtaWNhLUluc3RpdHV0by1BbGVtYW4tUHVlcnRvLU1vbnR0LTE3LmpwZyIsInNsaWRlc2hvdyI6IjUxMDVkNWMifQ%3D%3D\" href='https:\/\/ialeman.cl\/wp-content\/uploads\/2023\/11\/Gala-Gimnasia-Ritmica-Instituto-Aleman-Puerto-Montt-17.jpg'><img loading=\"lazy\" decoding=\"async\" width=\"1200\" height=\"801\" src=\"https:\/\/ialeman.cl\/wp-content\/uploads\/2023\/11\/Gala-Gimnasia-Ritmica-Instituto-Aleman-Puerto-Montt-17.jpg\" class=\"attachment-full size-full\" alt=\"\" srcset=\"https:\/\/ialeman.cl\/wp-content\/uploads\/2023\/11\/Gala-Gimnasia-Ritmica-Instituto-Aleman-Puerto-Montt-17.jpg 1200w, https:\/\/ialeman.cl\/wp-content\/uploads\/2023\/11\/Gala-Gimnasia-Ritmica-Instituto-Aleman-Puerto-Montt-17-300x200.jpg 300w, https:\/\/ialeman.cl\/wp-content\/uploads\/2023\/11\/Gala-Gimnasia-Ritmica-Instituto-Aleman-Puerto-Montt-17-1024x684.jpg 1024w, https:\/\/ialeman.cl\/wp-content\/uploads\/2023\/11\/Gala-Gimnasia-Ritmica-Instituto-Aleman-Puerto-Montt-17-768x513.jpg 768w\" sizes=\"(max-width: 1200px) 100vw, 1200px\" \/><\/a>\n\t\t\t<\/div><\/figure><figure class='gallery-item'>\n\t\t\t<div class='gallery-icon landscape'>\n\t\t\t\t<a data-elementor-open-lightbox=\"yes\" data-elementor-lightbox-slideshow=\"5105d5c\" data-elementor-lightbox-title=\"Gala Gimnasia R\u00edtmica Instituto Alem\u00e1n Puerto Montt 18\" data-e-action-hash=\"#elementor-action%3Aaction%3Dlightbox%26settings%3DeyJpZCI6MjY2NTUsInVybCI6Imh0dHBzOlwvXC9pYWxlbWFuLmNsXC93cC1jb250ZW50XC91cGxvYWRzXC8yMDIzXC8xMVwvR2FsYS1HaW1uYXNpYS1SaXRtaWNhLUluc3RpdHV0by1BbGVtYW4tUHVlcnRvLU1vbnR0LTE4LmpwZyIsInNsaWRlc2hvdyI6IjUxMDVkNWMifQ%3D%3D\" href='https:\/\/ialeman.cl\/wp-content\/uploads\/2023\/11\/Gala-Gimnasia-Ritmica-Instituto-Aleman-Puerto-Montt-18.jpg'><img loading=\"lazy\" decoding=\"async\" width=\"1200\" height=\"801\" src=\"https:\/\/ialeman.cl\/wp-content\/uploads\/2023\/11\/Gala-Gimnasia-Ritmica-Instituto-Aleman-Puerto-Montt-18.jpg\" class=\"attachment-full size-full\" alt=\"\" srcset=\"https:\/\/ialeman.cl\/wp-content\/uploads\/2023\/11\/Gala-Gimnasia-Ritmica-Instituto-Aleman-Puerto-Montt-18.jpg 1200w, https:\/\/ialeman.cl\/wp-content\/uploads\/2023\/11\/Gala-Gimnasia-Ritmica-Instituto-Aleman-Puerto-Montt-18-300x200.jpg 300w, https:\/\/ialeman.cl\/wp-content\/uploads\/2023\/11\/Gala-Gimnasia-Ritmica-Instituto-Aleman-Puerto-Montt-18-1024x684.jpg 1024w, https:\/\/ialeman.cl\/wp-content\/uploads\/2023\/11\/Gala-Gimnasia-Ritmica-Instituto-Aleman-Puerto-Montt-18-768x513.jpg 768w\" sizes=\"(max-width: 1200px) 100vw, 1200px\" \/><\/a>\n\t\t\t<\/div><\/figure><figure class='gallery-item'>\n\t\t\t<div class='gallery-icon landscape'>\n\t\t\t\t<a data-elementor-open-lightbox=\"yes\" data-elementor-lightbox-slideshow=\"5105d5c\" data-elementor-lightbox-title=\"Gala Gimnasia R\u00edtmica Instituto Alem\u00e1n Puerto Montt 20\" data-e-action-hash=\"#elementor-action%3Aaction%3Dlightbox%26settings%3DeyJpZCI6MjY2NTcsInVybCI6Imh0dHBzOlwvXC9pYWxlbWFuLmNsXC93cC1jb250ZW50XC91cGxvYWRzXC8yMDIzXC8xMVwvR2FsYS1HaW1uYXNpYS1SaXRtaWNhLUluc3RpdHV0by1BbGVtYW4tUHVlcnRvLU1vbnR0LTIwLmpwZyIsInNsaWRlc2hvdyI6IjUxMDVkNWMifQ%3D%3D\" href='https:\/\/ialeman.cl\/wp-content\/uploads\/2023\/11\/Gala-Gimnasia-Ritmica-Instituto-Aleman-Puerto-Montt-20.jpg'><img loading=\"lazy\" decoding=\"async\" width=\"1200\" height=\"801\" src=\"https:\/\/ialeman.cl\/wp-content\/uploads\/2023\/11\/Gala-Gimnasia-Ritmica-Instituto-Aleman-Puerto-Montt-20.jpg\" class=\"attachment-full size-full\" alt=\"\" srcset=\"https:\/\/ialeman.cl\/wp-content\/uploads\/2023\/11\/Gala-Gimnasia-Ritmica-Instituto-Aleman-Puerto-Montt-20.jpg 1200w, https:\/\/ialeman.cl\/wp-content\/uploads\/2023\/11\/Gala-Gimnasia-Ritmica-Instituto-Aleman-Puerto-Montt-20-300x200.jpg 300w, https:\/\/ialeman.cl\/wp-content\/uploads\/2023\/11\/Gala-Gimnasia-Ritmica-Instituto-Aleman-Puerto-Montt-20-1024x684.jpg 1024w, https:\/\/ialeman.cl\/wp-content\/uploads\/2023\/11\/Gala-Gimnasia-Ritmica-Instituto-Aleman-Puerto-Montt-20-768x513.jpg 768w\" sizes=\"(max-width: 1200px) 100vw, 1200px\" \/><\/a>\n\t\t\t<\/div><\/figure><figure class='gallery-item'>\n\t\t\t<div class='gallery-icon landscape'>\n\t\t\t\t<a data-elementor-open-lightbox=\"yes\" data-elementor-lightbox-slideshow=\"5105d5c\" data-elementor-lightbox-title=\"Gala Gimnasia R\u00edtmica Instituto Alem\u00e1n Puerto Montt 21\" data-e-action-hash=\"#elementor-action%3Aaction%3Dlightbox%26settings%3DeyJpZCI6MjY2NTgsInVybCI6Imh0dHBzOlwvXC9pYWxlbWFuLmNsXC93cC1jb250ZW50XC91cGxvYWRzXC8yMDIzXC8xMVwvR2FsYS1HaW1uYXNpYS1SaXRtaWNhLUluc3RpdHV0by1BbGVtYW4tUHVlcnRvLU1vbnR0LTIxLmpwZyIsInNsaWRlc2hvdyI6IjUxMDVkNWMifQ%3D%3D\" href='https:\/\/ialeman.cl\/wp-content\/uploads\/2023\/11\/Gala-Gimnasia-Ritmica-Instituto-Aleman-Puerto-Montt-21.jpg'><img loading=\"lazy\" decoding=\"async\" width=\"1200\" height=\"801\" src=\"https:\/\/ialeman.cl\/wp-content\/uploads\/2023\/11\/Gala-Gimnasia-Ritmica-Instituto-Aleman-Puerto-Montt-21.jpg\" class=\"attachment-full size-full\" alt=\"\" srcset=\"https:\/\/ialeman.cl\/wp-content\/uploads\/2023\/11\/Gala-Gimnasia-Ritmica-Instituto-Aleman-Puerto-Montt-21.jpg 1200w, https:\/\/ialeman.cl\/wp-content\/uploads\/2023\/11\/Gala-Gimnasia-Ritmica-Instituto-Aleman-Puerto-Montt-21-300x200.jpg 300w, https:\/\/ialeman.cl\/wp-content\/uploads\/2023\/11\/Gala-Gimnasia-Ritmica-Instituto-Aleman-Puerto-Montt-21-1024x684.jpg 1024w, https:\/\/ialeman.cl\/wp-content\/uploads\/2023\/11\/Gala-Gimnasia-Ritmica-Instituto-Aleman-Puerto-Montt-21-768x513.jpg 768w\" sizes=\"(max-width: 1200px) 100vw, 1200px\" \/><\/a>\n\t\t\t<\/div><\/figure><figure class='gallery-item'>\n\t\t\t<div class='gallery-icon landscape'>\n\t\t\t\t<a data-elementor-open-lightbox=\"yes\" data-elementor-lightbox-slideshow=\"5105d5c\" data-elementor-lightbox-title=\"Gala Gimnasia R\u00edtmica Instituto Alem\u00e1n Puerto Montt 22\" data-e-action-hash=\"#elementor-action%3Aaction%3Dlightbox%26settings%3DeyJpZCI6MjY2NTksInVybCI6Imh0dHBzOlwvXC9pYWxlbWFuLmNsXC93cC1jb250ZW50XC91cGxvYWRzXC8yMDIzXC8xMVwvR2FsYS1HaW1uYXNpYS1SaXRtaWNhLUluc3RpdHV0by1BbGVtYW4tUHVlcnRvLU1vbnR0LTIyLmpwZyIsInNsaWRlc2hvdyI6IjUxMDVkNWMifQ%3D%3D\" href='https:\/\/ialeman.cl\/wp-content\/uploads\/2023\/11\/Gala-Gimnasia-Ritmica-Instituto-Aleman-Puerto-Montt-22.jpg'><img loading=\"lazy\" decoding=\"async\" width=\"1200\" height=\"801\" src=\"https:\/\/ialeman.cl\/wp-content\/uploads\/2023\/11\/Gala-Gimnasia-Ritmica-Instituto-Aleman-Puerto-Montt-22.jpg\" class=\"attachment-full size-full\" alt=\"\" srcset=\"https:\/\/ialeman.cl\/wp-content\/uploads\/2023\/11\/Gala-Gimnasia-Ritmica-Instituto-Aleman-Puerto-Montt-22.jpg 1200w, https:\/\/ialeman.cl\/wp-content\/uploads\/2023\/11\/Gala-Gimnasia-Ritmica-Instituto-Aleman-Puerto-Montt-22-300x200.jpg 300w, https:\/\/ialeman.cl\/wp-content\/uploads\/2023\/11\/Gala-Gimnasia-Ritmica-Instituto-Aleman-Puerto-Montt-22-1024x684.jpg 1024w, https:\/\/ialeman.cl\/wp-content\/uploads\/2023\/11\/Gala-Gimnasia-Ritmica-Instituto-Aleman-Puerto-Montt-22-768x513.jpg 768w\" sizes=\"(max-width: 1200px) 100vw, 1200px\" \/><\/a>\n\t\t\t<\/div><\/figure><figure class='gallery-item'>\n\t\t\t<div class='gallery-icon landscape'>\n\t\t\t\t<a data-elementor-open-lightbox=\"yes\" data-elementor-lightbox-slideshow=\"5105d5c\" data-elementor-lightbox-title=\"Gala Gimnasia R\u00edtmica Instituto Alem\u00e1n Puerto Montt 23\" data-e-action-hash=\"#elementor-action%3Aaction%3Dlightbox%26settings%3DeyJpZCI6MjY2NjAsInVybCI6Imh0dHBzOlwvXC9pYWxlbWFuLmNsXC93cC1jb250ZW50XC91cGxvYWRzXC8yMDIzXC8xMVwvR2FsYS1HaW1uYXNpYS1SaXRtaWNhLUluc3RpdHV0by1BbGVtYW4tUHVlcnRvLU1vbnR0LTIzLmpwZyIsInNsaWRlc2hvdyI6IjUxMDVkNWMifQ%3D%3D\" href='https:\/\/ialeman.cl\/wp-content\/uploads\/2023\/11\/Gala-Gimnasia-Ritmica-Instituto-Aleman-Puerto-Montt-23.jpg'><img loading=\"lazy\" decoding=\"async\" width=\"1200\" height=\"801\" src=\"https:\/\/ialeman.cl\/wp-content\/uploads\/2023\/11\/Gala-Gimnasia-Ritmica-Instituto-Aleman-Puerto-Montt-23.jpg\" class=\"attachment-full size-full\" alt=\"\" srcset=\"https:\/\/ialeman.cl\/wp-content\/uploads\/2023\/11\/Gala-Gimnasia-Ritmica-Instituto-Aleman-Puerto-Montt-23.jpg 1200w, https:\/\/ialeman.cl\/wp-content\/uploads\/2023\/11\/Gala-Gimnasia-Ritmica-Instituto-Aleman-Puerto-Montt-23-300x200.jpg 300w, https:\/\/ialeman.cl\/wp-content\/uploads\/2023\/11\/Gala-Gimnasia-Ritmica-Instituto-Aleman-Puerto-Montt-23-1024x684.jpg 1024w, https:\/\/ialeman.cl\/wp-content\/uploads\/2023\/11\/Gala-Gimnasia-Ritmica-Instituto-Aleman-Puerto-Montt-23-768x513.jpg 768w\" sizes=\"(max-width: 1200px) 100vw, 1200px\" \/><\/a>\n\t\t\t<\/div><\/figure><figure class='gallery-item'>\n\t\t\t<div class='gallery-icon landscape'>\n\t\t\t\t<a data-elementor-open-lightbox=\"yes\" data-elementor-lightbox-slideshow=\"5105d5c\" data-elementor-lightbox-title=\"Gala Gimnasia R\u00edtmica Instituto Alem\u00e1n Puerto Montt 24\" data-e-action-hash=\"#elementor-action%3Aaction%3Dlightbox%26settings%3DeyJpZCI6MjY2NjEsInVybCI6Imh0dHBzOlwvXC9pYWxlbWFuLmNsXC93cC1jb250ZW50XC91cGxvYWRzXC8yMDIzXC8xMVwvR2FsYS1HaW1uYXNpYS1SaXRtaWNhLUluc3RpdHV0by1BbGVtYW4tUHVlcnRvLU1vbnR0LTI0LmpwZyIsInNsaWRlc2hvdyI6IjUxMDVkNWMifQ%3D%3D\" href='https:\/\/ialeman.cl\/wp-content\/uploads\/2023\/11\/Gala-Gimnasia-Ritmica-Instituto-Aleman-Puerto-Montt-24.jpg'><img loading=\"lazy\" decoding=\"async\" width=\"1200\" height=\"801\" src=\"https:\/\/ialeman.cl\/wp-content\/uploads\/2023\/11\/Gala-Gimnasia-Ritmica-Instituto-Aleman-Puerto-Montt-24.jpg\" class=\"attachment-full size-full\" alt=\"\" srcset=\"https:\/\/ialeman.cl\/wp-content\/uploads\/2023\/11\/Gala-Gimnasia-Ritmica-Instituto-Aleman-Puerto-Montt-24.jpg 1200w, https:\/\/ialeman.cl\/wp-content\/uploads\/2023\/11\/Gala-Gimnasia-Ritmica-Instituto-Aleman-Puerto-Montt-24-300x200.jpg 300w, https:\/\/ialeman.cl\/wp-content\/uploads\/2023\/11\/Gala-Gimnasia-Ritmica-Instituto-Aleman-Puerto-Montt-24-1024x684.jpg 1024w, https:\/\/ialeman.cl\/wp-content\/uploads\/2023\/11\/Gala-Gimnasia-Ritmica-Instituto-Aleman-Puerto-Montt-24-768x513.jpg 768w\" sizes=\"(max-width: 1200px) 100vw, 1200px\" \/><\/a>\n\t\t\t<\/div><\/figure><figure class='gallery-item'>\n\t\t\t<div class='gallery-icon landscape'>\n\t\t\t\t<a data-elementor-open-lightbox=\"yes\" data-elementor-lightbox-slideshow=\"5105d5c\" data-elementor-lightbox-title=\"Gala Gimnasia R\u00edtmica Instituto Alem\u00e1n Puerto Montt 25\" data-e-action-hash=\"#elementor-action%3Aaction%3Dlightbox%26settings%3DeyJpZCI6MjY2NjIsInVybCI6Imh0dHBzOlwvXC9pYWxlbWFuLmNsXC93cC1jb250ZW50XC91cGxvYWRzXC8yMDIzXC8xMVwvR2FsYS1HaW1uYXNpYS1SaXRtaWNhLUluc3RpdHV0by1BbGVtYW4tUHVlcnRvLU1vbnR0LTI1LmpwZyIsInNsaWRlc2hvdyI6IjUxMDVkNWMifQ%3D%3D\" href='https:\/\/ialeman.cl\/wp-content\/uploads\/2023\/11\/Gala-Gimnasia-Ritmica-Instituto-Aleman-Puerto-Montt-25.jpg'><img loading=\"lazy\" decoding=\"async\" width=\"1200\" height=\"801\" src=\"https:\/\/ialeman.cl\/wp-content\/uploads\/2023\/11\/Gala-Gimnasia-Ritmica-Instituto-Aleman-Puerto-Montt-25.jpg\" class=\"attachment-full size-full\" alt=\"\" srcset=\"https:\/\/ialeman.cl\/wp-content\/uploads\/2023\/11\/Gala-Gimnasia-Ritmica-Instituto-Aleman-Puerto-Montt-25.jpg 1200w, https:\/\/ialeman.cl\/wp-content\/uploads\/2023\/11\/Gala-Gimnasia-Ritmica-Instituto-Aleman-Puerto-Montt-25-300x200.jpg 300w, https:\/\/ialeman.cl\/wp-content\/uploads\/2023\/11\/Gala-Gimnasia-Ritmica-Instituto-Aleman-Puerto-Montt-25-1024x684.jpg 1024w, https:\/\/ialeman.cl\/wp-content\/uploads\/2023\/11\/Gala-Gimnasia-Ritmica-Instituto-Aleman-Puerto-Montt-25-768x513.jpg 768w\" sizes=\"(max-width: 1200px) 100vw, 1200px\" \/><\/a>\n\t\t\t<\/div><\/figure><figure class='gallery-item'>\n\t\t\t<div class='gallery-icon landscape'>\n\t\t\t\t<a data-elementor-open-lightbox=\"yes\" data-elementor-lightbox-slideshow=\"5105d5c\" data-elementor-lightbox-title=\"Gala Gimnasia R\u00edtmica Instituto Alem\u00e1n Puerto Montt 26\" data-e-action-hash=\"#elementor-action%3Aaction%3Dlightbox%26settings%3DeyJpZCI6MjY2NjMsInVybCI6Imh0dHBzOlwvXC9pYWxlbWFuLmNsXC93cC1jb250ZW50XC91cGxvYWRzXC8yMDIzXC8xMVwvR2FsYS1HaW1uYXNpYS1SaXRtaWNhLUluc3RpdHV0by1BbGVtYW4tUHVlcnRvLU1vbnR0LTI2LmpwZyIsInNsaWRlc2hvdyI6IjUxMDVkNWMifQ%3D%3D\" href='https:\/\/ialeman.cl\/wp-content\/uploads\/2023\/11\/Gala-Gimnasia-Ritmica-Instituto-Aleman-Puerto-Montt-26.jpg'><img loading=\"lazy\" decoding=\"async\" width=\"1200\" height=\"801\" src=\"https:\/\/ialeman.cl\/wp-content\/uploads\/2023\/11\/Gala-Gimnasia-Ritmica-Instituto-Aleman-Puerto-Montt-26.jpg\" class=\"attachment-full size-full\" alt=\"\" srcset=\"https:\/\/ialeman.cl\/wp-content\/uploads\/2023\/11\/Gala-Gimnasia-Ritmica-Instituto-Aleman-Puerto-Montt-26.jpg 1200w, https:\/\/ialeman.cl\/wp-content\/uploads\/2023\/11\/Gala-Gimnasia-Ritmica-Instituto-Aleman-Puerto-Montt-26-300x200.jpg 300w, https:\/\/ialeman.cl\/wp-content\/uploads\/2023\/11\/Gala-Gimnasia-Ritmica-Instituto-Aleman-Puerto-Montt-26-1024x684.jpg 1024w, https:\/\/ialeman.cl\/wp-content\/uploads\/2023\/11\/Gala-Gimnasia-Ritmica-Instituto-Aleman-Puerto-Montt-26-768x513.jpg 768w\" sizes=\"(max-width: 1200px) 100vw, 1200px\" \/><\/a>\n\t\t\t<\/div><\/figure><figure class='gallery-item'>\n\t\t\t<div class='gallery-icon landscape'>\n\t\t\t\t<a data-elementor-open-lightbox=\"yes\" data-elementor-lightbox-slideshow=\"5105d5c\" data-elementor-lightbox-title=\"Gala Gimnasia R\u00edtmica Instituto Alem\u00e1n Puerto Montt 28\" data-e-action-hash=\"#elementor-action%3Aaction%3Dlightbox%26settings%3DeyJpZCI6MjY2NjUsInVybCI6Imh0dHBzOlwvXC9pYWxlbWFuLmNsXC93cC1jb250ZW50XC91cGxvYWRzXC8yMDIzXC8xMVwvR2FsYS1HaW1uYXNpYS1SaXRtaWNhLUluc3RpdHV0by1BbGVtYW4tUHVlcnRvLU1vbnR0LTI4LmpwZyIsInNsaWRlc2hvdyI6IjUxMDVkNWMifQ%3D%3D\" href='https:\/\/ialeman.cl\/wp-content\/uploads\/2023\/11\/Gala-Gimnasia-Ritmica-Instituto-Aleman-Puerto-Montt-28.jpg'><img loading=\"lazy\" decoding=\"async\" width=\"1200\" height=\"801\" src=\"https:\/\/ialeman.cl\/wp-content\/uploads\/2023\/11\/Gala-Gimnasia-Ritmica-Instituto-Aleman-Puerto-Montt-28.jpg\" class=\"attachment-full size-full\" alt=\"\" srcset=\"https:\/\/ialeman.cl\/wp-content\/uploads\/2023\/11\/Gala-Gimnasia-Ritmica-Instituto-Aleman-Puerto-Montt-28.jpg 1200w, https:\/\/ialeman.cl\/wp-content\/uploads\/2023\/11\/Gala-Gimnasia-Ritmica-Instituto-Aleman-Puerto-Montt-28-300x200.jpg 300w, https:\/\/ialeman.cl\/wp-content\/uploads\/2023\/11\/Gala-Gimnasia-Ritmica-Instituto-Aleman-Puerto-Montt-28-1024x684.jpg 1024w, https:\/\/ialeman.cl\/wp-content\/uploads\/2023\/11\/Gala-Gimnasia-Ritmica-Instituto-Aleman-Puerto-Montt-28-768x513.jpg 768w\" sizes=\"(max-width: 1200px) 100vw, 1200px\" \/><\/a>\n\t\t\t<\/div><\/figure><figure class='gallery-item'>\n\t\t\t<div class='gallery-icon landscape'>\n\t\t\t\t<a data-elementor-open-lightbox=\"yes\" data-elementor-lightbox-slideshow=\"5105d5c\" data-elementor-lightbox-title=\"Gala Gimnasia R\u00edtmica Instituto Alem\u00e1n Puerto Montt 29\" data-e-action-hash=\"#elementor-action%3Aaction%3Dlightbox%26settings%3DeyJpZCI6MjY2NjYsInVybCI6Imh0dHBzOlwvXC9pYWxlbWFuLmNsXC93cC1jb250ZW50XC91cGxvYWRzXC8yMDIzXC8xMVwvR2FsYS1HaW1uYXNpYS1SaXRtaWNhLUluc3RpdHV0by1BbGVtYW4tUHVlcnRvLU1vbnR0LTI5LmpwZyIsInNsaWRlc2hvdyI6IjUxMDVkNWMifQ%3D%3D\" href='https:\/\/ialeman.cl\/wp-content\/uploads\/2023\/11\/Gala-Gimnasia-Ritmica-Instituto-Aleman-Puerto-Montt-29.jpg'><img loading=\"lazy\" decoding=\"async\" width=\"1200\" height=\"801\" src=\"https:\/\/ialeman.cl\/wp-content\/uploads\/2023\/11\/Gala-Gimnasia-Ritmica-Instituto-Aleman-Puerto-Montt-29.jpg\" class=\"attachment-full size-full\" alt=\"\" srcset=\"https:\/\/ialeman.cl\/wp-content\/uploads\/2023\/11\/Gala-Gimnasia-Ritmica-Instituto-Aleman-Puerto-Montt-29.jpg 1200w, https:\/\/ialeman.cl\/wp-content\/uploads\/2023\/11\/Gala-Gimnasia-Ritmica-Instituto-Aleman-Puerto-Montt-29-300x200.jpg 300w, https:\/\/ialeman.cl\/wp-content\/uploads\/2023\/11\/Gala-Gimnasia-Ritmica-Instituto-Aleman-Puerto-Montt-29-1024x684.jpg 1024w, https:\/\/ialeman.cl\/wp-content\/uploads\/2023\/11\/Gala-Gimnasia-Ritmica-Instituto-Aleman-Puerto-Montt-29-768x513.jpg 768w\" sizes=\"(max-width: 1200px) 100vw, 1200px\" \/><\/a>\n\t\t\t<\/div><\/figure><figure class='gallery-item'>\n\t\t\t<div class='gallery-icon landscape'>\n\t\t\t\t<a data-elementor-open-lightbox=\"yes\" data-elementor-lightbox-slideshow=\"5105d5c\" data-elementor-lightbox-title=\"Gala Gimnasia R\u00edtmica Instituto Alem\u00e1n Puerto Montt 30\" data-e-action-hash=\"#elementor-action%3Aaction%3Dlightbox%26settings%3DeyJpZCI6MjY2NjcsInVybCI6Imh0dHBzOlwvXC9pYWxlbWFuLmNsXC93cC1jb250ZW50XC91cGxvYWRzXC8yMDIzXC8xMVwvR2FsYS1HaW1uYXNpYS1SaXRtaWNhLUluc3RpdHV0by1BbGVtYW4tUHVlcnRvLU1vbnR0LTMwLmpwZyIsInNsaWRlc2hvdyI6IjUxMDVkNWMifQ%3D%3D\" href='https:\/\/ialeman.cl\/wp-content\/uploads\/2023\/11\/Gala-Gimnasia-Ritmica-Instituto-Aleman-Puerto-Montt-30.jpg'><img loading=\"lazy\" decoding=\"async\" width=\"1200\" height=\"801\" src=\"https:\/\/ialeman.cl\/wp-content\/uploads\/2023\/11\/Gala-Gimnasia-Ritmica-Instituto-Aleman-Puerto-Montt-30.jpg\" class=\"attachment-full size-full\" alt=\"\" srcset=\"https:\/\/ialeman.cl\/wp-content\/uploads\/2023\/11\/Gala-Gimnasia-Ritmica-Instituto-Aleman-Puerto-Montt-30.jpg 1200w, https:\/\/ialeman.cl\/wp-content\/uploads\/2023\/11\/Gala-Gimnasia-Ritmica-Instituto-Aleman-Puerto-Montt-30-300x200.jpg 300w, https:\/\/ialeman.cl\/wp-content\/uploads\/2023\/11\/Gala-Gimnasia-Ritmica-Instituto-Aleman-Puerto-Montt-30-1024x684.jpg 1024w, https:\/\/ialeman.cl\/wp-content\/uploads\/2023\/11\/Gala-Gimnasia-Ritmica-Instituto-Aleman-Puerto-Montt-30-768x513.jpg 768w\" sizes=\"(max-width: 1200px) 100vw, 1200px\" \/><\/a>\n\t\t\t<\/div><\/figure><figure class='gallery-item'>\n\t\t\t<div class='gallery-icon landscape'>\n\t\t\t\t<a data-elementor-open-lightbox=\"yes\" data-elementor-lightbox-slideshow=\"5105d5c\" data-elementor-lightbox-title=\"Gala Gimnasia R\u00edtmica Instituto Alem\u00e1n Puerto Montt 31\" data-e-action-hash=\"#elementor-action%3Aaction%3Dlightbox%26settings%3DeyJpZCI6MjY2NjgsInVybCI6Imh0dHBzOlwvXC9pYWxlbWFuLmNsXC93cC1jb250ZW50XC91cGxvYWRzXC8yMDIzXC8xMVwvR2FsYS1HaW1uYXNpYS1SaXRtaWNhLUluc3RpdHV0by1BbGVtYW4tUHVlcnRvLU1vbnR0LTMxLmpwZyIsInNsaWRlc2hvdyI6IjUxMDVkNWMifQ%3D%3D\" href='https:\/\/ialeman.cl\/wp-content\/uploads\/2023\/11\/Gala-Gimnasia-Ritmica-Instituto-Aleman-Puerto-Montt-31.jpg'><img loading=\"lazy\" decoding=\"async\" width=\"1200\" height=\"801\" src=\"https:\/\/ialeman.cl\/wp-content\/uploads\/2023\/11\/Gala-Gimnasia-Ritmica-Instituto-Aleman-Puerto-Montt-31.jpg\" class=\"attachment-full size-full\" alt=\"\" srcset=\"https:\/\/ialeman.cl\/wp-content\/uploads\/2023\/11\/Gala-Gimnasia-Ritmica-Instituto-Aleman-Puerto-Montt-31.jpg 1200w, https:\/\/ialeman.cl\/wp-content\/uploads\/2023\/11\/Gala-Gimnasia-Ritmica-Instituto-Aleman-Puerto-Montt-31-300x200.jpg 300w, https:\/\/ialeman.cl\/wp-content\/uploads\/2023\/11\/Gala-Gimnasia-Ritmica-Instituto-Aleman-Puerto-Montt-31-1024x684.jpg 1024w, https:\/\/ialeman.cl\/wp-content\/uploads\/2023\/11\/Gala-Gimnasia-Ritmica-Instituto-Aleman-Puerto-Montt-31-768x513.jpg 768w\" sizes=\"(max-width: 1200px) 100vw, 1200px\" \/><\/a>\n\t\t\t<\/div><\/figure><figure class='gallery-item'>\n\t\t\t<div class='gallery-icon landscape'>\n\t\t\t\t<a data-elementor-open-lightbox=\"yes\" data-elementor-lightbox-slideshow=\"5105d5c\" data-elementor-lightbox-title=\"Gala Gimnasia R\u00edtmica Instituto Alem\u00e1n Puerto Montt 32\" data-e-action-hash=\"#elementor-action%3Aaction%3Dlightbox%26settings%3DeyJpZCI6MjY2NjksInVybCI6Imh0dHBzOlwvXC9pYWxlbWFuLmNsXC93cC1jb250ZW50XC91cGxvYWRzXC8yMDIzXC8xMVwvR2FsYS1HaW1uYXNpYS1SaXRtaWNhLUluc3RpdHV0by1BbGVtYW4tUHVlcnRvLU1vbnR0LTMyLmpwZyIsInNsaWRlc2hvdyI6IjUxMDVkNWMifQ%3D%3D\" href='https:\/\/ialeman.cl\/wp-content\/uploads\/2023\/11\/Gala-Gimnasia-Ritmica-Instituto-Aleman-Puerto-Montt-32.jpg'><img loading=\"lazy\" decoding=\"async\" width=\"1200\" height=\"801\" src=\"https:\/\/ialeman.cl\/wp-content\/uploads\/2023\/11\/Gala-Gimnasia-Ritmica-Instituto-Aleman-Puerto-Montt-32.jpg\" class=\"attachment-full size-full\" alt=\"\" srcset=\"https:\/\/ialeman.cl\/wp-content\/uploads\/2023\/11\/Gala-Gimnasia-Ritmica-Instituto-Aleman-Puerto-Montt-32.jpg 1200w, https:\/\/ialeman.cl\/wp-content\/uploads\/2023\/11\/Gala-Gimnasia-Ritmica-Instituto-Aleman-Puerto-Montt-32-300x200.jpg 300w, https:\/\/ialeman.cl\/wp-content\/uploads\/2023\/11\/Gala-Gimnasia-Ritmica-Instituto-Aleman-Puerto-Montt-32-1024x684.jpg 1024w, https:\/\/ialeman.cl\/wp-content\/uploads\/2023\/11\/Gala-Gimnasia-Ritmica-Instituto-Aleman-Puerto-Montt-32-768x513.jpg 768w\" sizes=\"(max-width: 1200px) 100vw, 1200px\" \/><\/a>\n\t\t\t<\/div><\/figure><figure class='gallery-item'>\n\t\t\t<div class='gallery-icon landscape'>\n\t\t\t\t<a data-elementor-open-lightbox=\"yes\" data-elementor-lightbox-slideshow=\"5105d5c\" data-elementor-lightbox-title=\"Gala Gimnasia R\u00edtmica Instituto Alem\u00e1n Puerto Montt 33\" data-e-action-hash=\"#elementor-action%3Aaction%3Dlightbox%26settings%3DeyJpZCI6MjY2NzAsInVybCI6Imh0dHBzOlwvXC9pYWxlbWFuLmNsXC93cC1jb250ZW50XC91cGxvYWRzXC8yMDIzXC8xMVwvR2FsYS1HaW1uYXNpYS1SaXRtaWNhLUluc3RpdHV0by1BbGVtYW4tUHVlcnRvLU1vbnR0LTMzLmpwZyIsInNsaWRlc2hvdyI6IjUxMDVkNWMifQ%3D%3D\" href='https:\/\/ialeman.cl\/wp-content\/uploads\/2023\/11\/Gala-Gimnasia-Ritmica-Instituto-Aleman-Puerto-Montt-33.jpg'><img loading=\"lazy\" decoding=\"async\" width=\"1200\" height=\"801\" src=\"https:\/\/ialeman.cl\/wp-content\/uploads\/2023\/11\/Gala-Gimnasia-Ritmica-Instituto-Aleman-Puerto-Montt-33.jpg\" class=\"attachment-full size-full\" alt=\"\" srcset=\"https:\/\/ialeman.cl\/wp-content\/uploads\/2023\/11\/Gala-Gimnasia-Ritmica-Instituto-Aleman-Puerto-Montt-33.jpg 1200w, https:\/\/ialeman.cl\/wp-content\/uploads\/2023\/11\/Gala-Gimnasia-Ritmica-Instituto-Aleman-Puerto-Montt-33-300x200.jpg 300w, https:\/\/ialeman.cl\/wp-content\/uploads\/2023\/11\/Gala-Gimnasia-Ritmica-Instituto-Aleman-Puerto-Montt-33-1024x684.jpg 1024w, https:\/\/ialeman.cl\/wp-content\/uploads\/2023\/11\/Gala-Gimnasia-Ritmica-Instituto-Aleman-Puerto-Montt-33-768x513.jpg 768w\" sizes=\"(max-width: 1200px) 100vw, 1200px\" \/><\/a>\n\t\t\t<\/div><\/figure><figure class='gallery-item'>\n\t\t\t<div class='gallery-icon landscape'>\n\t\t\t\t<a data-elementor-open-lightbox=\"yes\" data-elementor-lightbox-slideshow=\"5105d5c\" data-elementor-lightbox-title=\"Gala Gimnasia R\u00edtmica Instituto Alem\u00e1n Puerto Montt 36\" data-e-action-hash=\"#elementor-action%3Aaction%3Dlightbox%26settings%3DeyJpZCI6MjY2NzMsInVybCI6Imh0dHBzOlwvXC9pYWxlbWFuLmNsXC93cC1jb250ZW50XC91cGxvYWRzXC8yMDIzXC8xMVwvR2FsYS1HaW1uYXNpYS1SaXRtaWNhLUluc3RpdHV0by1BbGVtYW4tUHVlcnRvLU1vbnR0LTM2LmpwZyIsInNsaWRlc2hvdyI6IjUxMDVkNWMifQ%3D%3D\" href='https:\/\/ialeman.cl\/wp-content\/uploads\/2023\/11\/Gala-Gimnasia-Ritmica-Instituto-Aleman-Puerto-Montt-36.jpg'><img loading=\"lazy\" decoding=\"async\" width=\"1200\" height=\"801\" src=\"https:\/\/ialeman.cl\/wp-content\/uploads\/2023\/11\/Gala-Gimnasia-Ritmica-Instituto-Aleman-Puerto-Montt-36.jpg\" class=\"attachment-full size-full\" alt=\"\" srcset=\"https:\/\/ialeman.cl\/wp-content\/uploads\/2023\/11\/Gala-Gimnasia-Ritmica-Instituto-Aleman-Puerto-Montt-36.jpg 1200w, https:\/\/ialeman.cl\/wp-content\/uploads\/2023\/11\/Gala-Gimnasia-Ritmica-Instituto-Aleman-Puerto-Montt-36-300x200.jpg 300w, https:\/\/ialeman.cl\/wp-content\/uploads\/2023\/11\/Gala-Gimnasia-Ritmica-Instituto-Aleman-Puerto-Montt-36-1024x684.jpg 1024w, https:\/\/ialeman.cl\/wp-content\/uploads\/2023\/11\/Gala-Gimnasia-Ritmica-Instituto-Aleman-Puerto-Montt-36-768x513.jpg 768w\" sizes=\"(max-width: 1200px) 100vw, 1200px\" \/><\/a>\n\t\t\t<\/div><\/figure><figure class='gallery-item'>\n\t\t\t<div class='gallery-icon landscape'>\n\t\t\t\t<a data-elementor-open-lightbox=\"yes\" data-elementor-lightbox-slideshow=\"5105d5c\" data-elementor-lightbox-title=\"Gala Gimnasia R\u00edtmica Instituto Alem\u00e1n Puerto Montt 37\" data-e-action-hash=\"#elementor-action%3Aaction%3Dlightbox%26settings%3DeyJpZCI6MjY2NzQsInVybCI6Imh0dHBzOlwvXC9pYWxlbWFuLmNsXC93cC1jb250ZW50XC91cGxvYWRzXC8yMDIzXC8xMVwvR2FsYS1HaW1uYXNpYS1SaXRtaWNhLUluc3RpdHV0by1BbGVtYW4tUHVlcnRvLU1vbnR0LTM3LmpwZyIsInNsaWRlc2hvdyI6IjUxMDVkNWMifQ%3D%3D\" href='https:\/\/ialeman.cl\/wp-content\/uploads\/2023\/11\/Gala-Gimnasia-Ritmica-Instituto-Aleman-Puerto-Montt-37.jpg'><img loading=\"lazy\" decoding=\"async\" width=\"1200\" height=\"801\" src=\"https:\/\/ialeman.cl\/wp-content\/uploads\/2023\/11\/Gala-Gimnasia-Ritmica-Instituto-Aleman-Puerto-Montt-37.jpg\" class=\"attachment-full size-full\" alt=\"\" srcset=\"https:\/\/ialeman.cl\/wp-content\/uploads\/2023\/11\/Gala-Gimnasia-Ritmica-Instituto-Aleman-Puerto-Montt-37.jpg 1200w, https:\/\/ialeman.cl\/wp-content\/uploads\/2023\/11\/Gala-Gimnasia-Ritmica-Instituto-Aleman-Puerto-Montt-37-300x200.jpg 300w, https:\/\/ialeman.cl\/wp-content\/uploads\/2023\/11\/Gala-Gimnasia-Ritmica-Instituto-Aleman-Puerto-Montt-37-1024x684.jpg 1024w, https:\/\/ialeman.cl\/wp-content\/uploads\/2023\/11\/Gala-Gimnasia-Ritmica-Instituto-Aleman-Puerto-Montt-37-768x513.jpg 768w\" sizes=\"(max-width: 1200px) 100vw, 1200px\" \/><\/a>\n\t\t\t<\/div><\/figure><figure class='gallery-item'>\n\t\t\t<div class='gallery-icon landscape'>\n\t\t\t\t<a data-elementor-open-lightbox=\"yes\" data-elementor-lightbox-slideshow=\"5105d5c\" data-elementor-lightbox-title=\"Gala Gimnasia R\u00edtmica Instituto Alem\u00e1n Puerto Montt 38\" data-e-action-hash=\"#elementor-action%3Aaction%3Dlightbox%26settings%3DeyJpZCI6MjY2NzUsInVybCI6Imh0dHBzOlwvXC9pYWxlbWFuLmNsXC93cC1jb250ZW50XC91cGxvYWRzXC8yMDIzXC8xMVwvR2FsYS1HaW1uYXNpYS1SaXRtaWNhLUluc3RpdHV0by1BbGVtYW4tUHVlcnRvLU1vbnR0LTM4LmpwZyIsInNsaWRlc2hvdyI6IjUxMDVkNWMifQ%3D%3D\" href='https:\/\/ialeman.cl\/wp-content\/uploads\/2023\/11\/Gala-Gimnasia-Ritmica-Instituto-Aleman-Puerto-Montt-38.jpg'><img loading=\"lazy\" decoding=\"async\" width=\"1200\" height=\"801\" src=\"https:\/\/ialeman.cl\/wp-content\/uploads\/2023\/11\/Gala-Gimnasia-Ritmica-Instituto-Aleman-Puerto-Montt-38.jpg\" class=\"attachment-full size-full\" alt=\"\" srcset=\"https:\/\/ialeman.cl\/wp-content\/uploads\/2023\/11\/Gala-Gimnasia-Ritmica-Instituto-Aleman-Puerto-Montt-38.jpg 1200w, https:\/\/ialeman.cl\/wp-content\/uploads\/2023\/11\/Gala-Gimnasia-Ritmica-Instituto-Aleman-Puerto-Montt-38-300x200.jpg 300w, https:\/\/ialeman.cl\/wp-content\/uploads\/2023\/11\/Gala-Gimnasia-Ritmica-Instituto-Aleman-Puerto-Montt-38-1024x684.jpg 1024w, https:\/\/ialeman.cl\/wp-content\/uploads\/2023\/11\/Gala-Gimnasia-Ritmica-Instituto-Aleman-Puerto-Montt-38-768x513.jpg 768w\" sizes=\"(max-width: 1200px) 100vw, 1200px\" \/><\/a>\n\t\t\t<\/div><\/figure><figure class='gallery-item'>\n\t\t\t<div class='gallery-icon landscape'>\n\t\t\t\t<a data-elementor-open-lightbox=\"yes\" data-elementor-lightbox-slideshow=\"5105d5c\" data-elementor-lightbox-title=\"Gala Gimnasia R\u00edtmica Instituto Alem\u00e1n Puerto Montt 39\" data-e-action-hash=\"#elementor-action%3Aaction%3Dlightbox%26settings%3DeyJpZCI6MjY2NzYsInVybCI6Imh0dHBzOlwvXC9pYWxlbWFuLmNsXC93cC1jb250ZW50XC91cGxvYWRzXC8yMDIzXC8xMVwvR2FsYS1HaW1uYXNpYS1SaXRtaWNhLUluc3RpdHV0by1BbGVtYW4tUHVlcnRvLU1vbnR0LTM5LmpwZyIsInNsaWRlc2hvdyI6IjUxMDVkNWMifQ%3D%3D\" href='https:\/\/ialeman.cl\/wp-content\/uploads\/2023\/11\/Gala-Gimnasia-Ritmica-Instituto-Aleman-Puerto-Montt-39.jpg'><img loading=\"lazy\" decoding=\"async\" width=\"1200\" height=\"801\" src=\"https:\/\/ialeman.cl\/wp-content\/uploads\/2023\/11\/Gala-Gimnasia-Ritmica-Instituto-Aleman-Puerto-Montt-39.jpg\" class=\"attachment-full size-full\" alt=\"\" srcset=\"https:\/\/ialeman.cl\/wp-content\/uploads\/2023\/11\/Gala-Gimnasia-Ritmica-Instituto-Aleman-Puerto-Montt-39.jpg 1200w, https:\/\/ialeman.cl\/wp-content\/uploads\/2023\/11\/Gala-Gimnasia-Ritmica-Instituto-Aleman-Puerto-Montt-39-300x200.jpg 300w, https:\/\/ialeman.cl\/wp-content\/uploads\/2023\/11\/Gala-Gimnasia-Ritmica-Instituto-Aleman-Puerto-Montt-39-1024x684.jpg 1024w, https:\/\/ialeman.cl\/wp-content\/uploads\/2023\/11\/Gala-Gimnasia-Ritmica-Instituto-Aleman-Puerto-Montt-39-768x513.jpg 768w\" sizes=\"(max-width: 1200px) 100vw, 1200px\" \/><\/a>\n\t\t\t<\/div><\/figure><figure class='gallery-item'>\n\t\t\t<div class='gallery-icon landscape'>\n\t\t\t\t<a data-elementor-open-lightbox=\"yes\" data-elementor-lightbox-slideshow=\"5105d5c\" data-elementor-lightbox-title=\"Gala Gimnasia R\u00edtmica Instituto Alem\u00e1n Puerto Montt 40\" data-e-action-hash=\"#elementor-action%3Aaction%3Dlightbox%26settings%3DeyJpZCI6MjY2NzcsInVybCI6Imh0dHBzOlwvXC9pYWxlbWFuLmNsXC93cC1jb250ZW50XC91cGxvYWRzXC8yMDIzXC8xMVwvR2FsYS1HaW1uYXNpYS1SaXRtaWNhLUluc3RpdHV0by1BbGVtYW4tUHVlcnRvLU1vbnR0LTQwLmpwZyIsInNsaWRlc2hvdyI6IjUxMDVkNWMifQ%3D%3D\" href='https:\/\/ialeman.cl\/wp-content\/uploads\/2023\/11\/Gala-Gimnasia-Ritmica-Instituto-Aleman-Puerto-Montt-40.jpg'><img loading=\"lazy\" decoding=\"async\" width=\"1200\" height=\"801\" src=\"https:\/\/ialeman.cl\/wp-content\/uploads\/2023\/11\/Gala-Gimnasia-Ritmica-Instituto-Aleman-Puerto-Montt-40.jpg\" class=\"attachment-full size-full\" alt=\"\" srcset=\"https:\/\/ialeman.cl\/wp-content\/uploads\/2023\/11\/Gala-Gimnasia-Ritmica-Instituto-Aleman-Puerto-Montt-40.jpg 1200w, https:\/\/ialeman.cl\/wp-content\/uploads\/2023\/11\/Gala-Gimnasia-Ritmica-Instituto-Aleman-Puerto-Montt-40-300x200.jpg 300w, https:\/\/ialeman.cl\/wp-content\/uploads\/2023\/11\/Gala-Gimnasia-Ritmica-Instituto-Aleman-Puerto-Montt-40-1024x684.jpg 1024w, https:\/\/ialeman.cl\/wp-content\/uploads\/2023\/11\/Gala-Gimnasia-Ritmica-Instituto-Aleman-Puerto-Montt-40-768x513.jpg 768w\" sizes=\"(max-width: 1200px) 100vw, 1200px\" \/><\/a>\n\t\t\t<\/div><\/figure><figure class='gallery-item'>\n\t\t\t<div class='gallery-icon landscape'>\n\t\t\t\t<a data-elementor-open-lightbox=\"yes\" data-elementor-lightbox-slideshow=\"5105d5c\" data-elementor-lightbox-title=\"Gala Gimnasia R\u00edtmica Instituto Alem\u00e1n Puerto Montt 41\" data-e-action-hash=\"#elementor-action%3Aaction%3Dlightbox%26settings%3DeyJpZCI6MjY2NzgsInVybCI6Imh0dHBzOlwvXC9pYWxlbWFuLmNsXC93cC1jb250ZW50XC91cGxvYWRzXC8yMDIzXC8xMVwvR2FsYS1HaW1uYXNpYS1SaXRtaWNhLUluc3RpdHV0by1BbGVtYW4tUHVlcnRvLU1vbnR0LTQxLmpwZyIsInNsaWRlc2hvdyI6IjUxMDVkNWMifQ%3D%3D\" href='https:\/\/ialeman.cl\/wp-content\/uploads\/2023\/11\/Gala-Gimnasia-Ritmica-Instituto-Aleman-Puerto-Montt-41.jpg'><img loading=\"lazy\" decoding=\"async\" width=\"1200\" height=\"801\" src=\"https:\/\/ialeman.cl\/wp-content\/uploads\/2023\/11\/Gala-Gimnasia-Ritmica-Instituto-Aleman-Puerto-Montt-41.jpg\" class=\"attachment-full size-full\" alt=\"\" srcset=\"https:\/\/ialeman.cl\/wp-content\/uploads\/2023\/11\/Gala-Gimnasia-Ritmica-Instituto-Aleman-Puerto-Montt-41.jpg 1200w, https:\/\/ialeman.cl\/wp-content\/uploads\/2023\/11\/Gala-Gimnasia-Ritmica-Instituto-Aleman-Puerto-Montt-41-300x200.jpg 300w, https:\/\/ialeman.cl\/wp-content\/uploads\/2023\/11\/Gala-Gimnasia-Ritmica-Instituto-Aleman-Puerto-Montt-41-1024x684.jpg 1024w, https:\/\/ialeman.cl\/wp-content\/uploads\/2023\/11\/Gala-Gimnasia-Ritmica-Instituto-Aleman-Puerto-Montt-41-768x513.jpg 768w\" sizes=\"(max-width: 1200px) 100vw, 1200px\" \/><\/a>\n\t\t\t<\/div><\/figure><figure class='gallery-item'>\n\t\t\t<div class='gallery-icon landscape'>\n\t\t\t\t<a data-elementor-open-lightbox=\"yes\" data-elementor-lightbox-slideshow=\"5105d5c\" data-elementor-lightbox-title=\"Gala Gimnasia R\u00edtmica Instituto Alem\u00e1n Puerto Montt 42\" data-e-action-hash=\"#elementor-action%3Aaction%3Dlightbox%26settings%3DeyJpZCI6MjY2NzksInVybCI6Imh0dHBzOlwvXC9pYWxlbWFuLmNsXC93cC1jb250ZW50XC91cGxvYWRzXC8yMDIzXC8xMVwvR2FsYS1HaW1uYXNpYS1SaXRtaWNhLUluc3RpdHV0by1BbGVtYW4tUHVlcnRvLU1vbnR0LTQyLmpwZyIsInNsaWRlc2hvdyI6IjUxMDVkNWMifQ%3D%3D\" href='https:\/\/ialeman.cl\/wp-content\/uploads\/2023\/11\/Gala-Gimnasia-Ritmica-Instituto-Aleman-Puerto-Montt-42.jpg'><img loading=\"lazy\" decoding=\"async\" width=\"1200\" height=\"801\" src=\"https:\/\/ialeman.cl\/wp-content\/uploads\/2023\/11\/Gala-Gimnasia-Ritmica-Instituto-Aleman-Puerto-Montt-42.jpg\" class=\"attachment-full size-full\" alt=\"\" srcset=\"https:\/\/ialeman.cl\/wp-content\/uploads\/2023\/11\/Gala-Gimnasia-Ritmica-Instituto-Aleman-Puerto-Montt-42.jpg 1200w, https:\/\/ialeman.cl\/wp-content\/uploads\/2023\/11\/Gala-Gimnasia-Ritmica-Instituto-Aleman-Puerto-Montt-42-300x200.jpg 300w, https:\/\/ialeman.cl\/wp-content\/uploads\/2023\/11\/Gala-Gimnasia-Ritmica-Instituto-Aleman-Puerto-Montt-42-1024x684.jpg 1024w, https:\/\/ialeman.cl\/wp-content\/uploads\/2023\/11\/Gala-Gimnasia-Ritmica-Instituto-Aleman-Puerto-Montt-42-768x513.jpg 768w\" sizes=\"(max-width: 1200px) 100vw, 1200px\" \/><\/a>\n\t\t\t<\/div><\/figure><figure class='gallery-item'>\n\t\t\t<div class='gallery-icon landscape'>\n\t\t\t\t<a data-elementor-open-lightbox=\"yes\" data-elementor-lightbox-slideshow=\"5105d5c\" data-elementor-lightbox-title=\"Gala Gimnasia R\u00edtmica Instituto Alem\u00e1n Puerto Montt 43\" data-e-action-hash=\"#elementor-action%3Aaction%3Dlightbox%26settings%3DeyJpZCI6MjY2ODAsInVybCI6Imh0dHBzOlwvXC9pYWxlbWFuLmNsXC93cC1jb250ZW50XC91cGxvYWRzXC8yMDIzXC8xMVwvR2FsYS1HaW1uYXNpYS1SaXRtaWNhLUluc3RpdHV0by1BbGVtYW4tUHVlcnRvLU1vbnR0LTQzLmpwZyIsInNsaWRlc2hvdyI6IjUxMDVkNWMifQ%3D%3D\" href='https:\/\/ialeman.cl\/wp-content\/uploads\/2023\/11\/Gala-Gimnasia-Ritmica-Instituto-Aleman-Puerto-Montt-43.jpg'><img loading=\"lazy\" decoding=\"async\" width=\"1200\" height=\"801\" src=\"https:\/\/ialeman.cl\/wp-content\/uploads\/2023\/11\/Gala-Gimnasia-Ritmica-Instituto-Aleman-Puerto-Montt-43.jpg\" class=\"attachment-full size-full\" alt=\"\" srcset=\"https:\/\/ialeman.cl\/wp-content\/uploads\/2023\/11\/Gala-Gimnasia-Ritmica-Instituto-Aleman-Puerto-Montt-43.jpg 1200w, https:\/\/ialeman.cl\/wp-content\/uploads\/2023\/11\/Gala-Gimnasia-Ritmica-Instituto-Aleman-Puerto-Montt-43-300x200.jpg 300w, https:\/\/ialeman.cl\/wp-content\/uploads\/2023\/11\/Gala-Gimnasia-Ritmica-Instituto-Aleman-Puerto-Montt-43-1024x684.jpg 1024w, https:\/\/ialeman.cl\/wp-content\/uploads\/2023\/11\/Gala-Gimnasia-Ritmica-Instituto-Aleman-Puerto-Montt-43-768x513.jpg 768w\" sizes=\"(max-width: 1200px) 100vw, 1200px\" \/><\/a>\n\t\t\t<\/div><\/figure><figure class='gallery-item'>\n\t\t\t<div class='gallery-icon landscape'>\n\t\t\t\t<a data-elementor-open-lightbox=\"yes\" data-elementor-lightbox-slideshow=\"5105d5c\" data-elementor-lightbox-title=\"Gala Gimnasia R\u00edtmica Instituto Alem\u00e1n Puerto Montt 44\" data-e-action-hash=\"#elementor-action%3Aaction%3Dlightbox%26settings%3DeyJpZCI6MjY2ODEsInVybCI6Imh0dHBzOlwvXC9pYWxlbWFuLmNsXC93cC1jb250ZW50XC91cGxvYWRzXC8yMDIzXC8xMVwvR2FsYS1HaW1uYXNpYS1SaXRtaWNhLUluc3RpdHV0by1BbGVtYW4tUHVlcnRvLU1vbnR0LTQ0LmpwZyIsInNsaWRlc2hvdyI6IjUxMDVkNWMifQ%3D%3D\" href='https:\/\/ialeman.cl\/wp-content\/uploads\/2023\/11\/Gala-Gimnasia-Ritmica-Instituto-Aleman-Puerto-Montt-44.jpg'><img loading=\"lazy\" decoding=\"async\" width=\"1200\" height=\"801\" src=\"https:\/\/ialeman.cl\/wp-content\/uploads\/2023\/11\/Gala-Gimnasia-Ritmica-Instituto-Aleman-Puerto-Montt-44.jpg\" class=\"attachment-full size-full\" alt=\"\" srcset=\"https:\/\/ialeman.cl\/wp-content\/uploads\/2023\/11\/Gala-Gimnasia-Ritmica-Instituto-Aleman-Puerto-Montt-44.jpg 1200w, https:\/\/ialeman.cl\/wp-content\/uploads\/2023\/11\/Gala-Gimnasia-Ritmica-Instituto-Aleman-Puerto-Montt-44-300x200.jpg 300w, https:\/\/ialeman.cl\/wp-content\/uploads\/2023\/11\/Gala-Gimnasia-Ritmica-Instituto-Aleman-Puerto-Montt-44-1024x684.jpg 1024w, https:\/\/ialeman.cl\/wp-content\/uploads\/2023\/11\/Gala-Gimnasia-Ritmica-Instituto-Aleman-Puerto-Montt-44-768x513.jpg 768w\" sizes=\"(max-width: 1200px) 100vw, 1200px\" \/><\/a>\n\t\t\t<\/div><\/figure><figure class='gallery-item'>\n\t\t\t<div class='gallery-icon landscape'>\n\t\t\t\t<a data-elementor-open-lightbox=\"yes\" data-elementor-lightbox-slideshow=\"5105d5c\" data-elementor-lightbox-title=\"Gala Gimnasia R\u00edtmica Instituto Alem\u00e1n Puerto Montt 45\" data-e-action-hash=\"#elementor-action%3Aaction%3Dlightbox%26settings%3DeyJpZCI6MjY2ODIsInVybCI6Imh0dHBzOlwvXC9pYWxlbWFuLmNsXC93cC1jb250ZW50XC91cGxvYWRzXC8yMDIzXC8xMVwvR2FsYS1HaW1uYXNpYS1SaXRtaWNhLUluc3RpdHV0by1BbGVtYW4tUHVlcnRvLU1vbnR0LTQ1LmpwZyIsInNsaWRlc2hvdyI6IjUxMDVkNWMifQ%3D%3D\" href='https:\/\/ialeman.cl\/wp-content\/uploads\/2023\/11\/Gala-Gimnasia-Ritmica-Instituto-Aleman-Puerto-Montt-45.jpg'><img loading=\"lazy\" decoding=\"async\" width=\"1200\" height=\"801\" src=\"https:\/\/ialeman.cl\/wp-content\/uploads\/2023\/11\/Gala-Gimnasia-Ritmica-Instituto-Aleman-Puerto-Montt-45.jpg\" class=\"attachment-full size-full\" alt=\"\" srcset=\"https:\/\/ialeman.cl\/wp-content\/uploads\/2023\/11\/Gala-Gimnasia-Ritmica-Instituto-Aleman-Puerto-Montt-45.jpg 1200w, https:\/\/ialeman.cl\/wp-content\/uploads\/2023\/11\/Gala-Gimnasia-Ritmica-Instituto-Aleman-Puerto-Montt-45-300x200.jpg 300w, https:\/\/ialeman.cl\/wp-content\/uploads\/2023\/11\/Gala-Gimnasia-Ritmica-Instituto-Aleman-Puerto-Montt-45-1024x684.jpg 1024w, https:\/\/ialeman.cl\/wp-content\/uploads\/2023\/11\/Gala-Gimnasia-Ritmica-Instituto-Aleman-Puerto-Montt-45-768x513.jpg 768w\" sizes=\"(max-width: 1200px) 100vw, 1200px\" \/><\/a>\n\t\t\t<\/div><\/figure><figure class='gallery-item'>\n\t\t\t<div class='gallery-icon landscape'>\n\t\t\t\t<a data-elementor-open-lightbox=\"yes\" data-elementor-lightbox-slideshow=\"5105d5c\" data-elementor-lightbox-title=\"Gala Gimnasia R\u00edtmica Instituto Alem\u00e1n Puerto Montt 46\" data-e-action-hash=\"#elementor-action%3Aaction%3Dlightbox%26settings%3DeyJpZCI6MjY2ODMsInVybCI6Imh0dHBzOlwvXC9pYWxlbWFuLmNsXC93cC1jb250ZW50XC91cGxvYWRzXC8yMDIzXC8xMVwvR2FsYS1HaW1uYXNpYS1SaXRtaWNhLUluc3RpdHV0by1BbGVtYW4tUHVlcnRvLU1vbnR0LTQ2LmpwZyIsInNsaWRlc2hvdyI6IjUxMDVkNWMifQ%3D%3D\" href='https:\/\/ialeman.cl\/wp-content\/uploads\/2023\/11\/Gala-Gimnasia-Ritmica-Instituto-Aleman-Puerto-Montt-46.jpg'><img loading=\"lazy\" decoding=\"async\" width=\"1200\" height=\"801\" src=\"https:\/\/ialeman.cl\/wp-content\/uploads\/2023\/11\/Gala-Gimnasia-Ritmica-Instituto-Aleman-Puerto-Montt-46.jpg\" class=\"attachment-full size-full\" alt=\"\" srcset=\"https:\/\/ialeman.cl\/wp-content\/uploads\/2023\/11\/Gala-Gimnasia-Ritmica-Instituto-Aleman-Puerto-Montt-46.jpg 1200w, https:\/\/ialeman.cl\/wp-content\/uploads\/2023\/11\/Gala-Gimnasia-Ritmica-Instituto-Aleman-Puerto-Montt-46-300x200.jpg 300w, https:\/\/ialeman.cl\/wp-content\/uploads\/2023\/11\/Gala-Gimnasia-Ritmica-Instituto-Aleman-Puerto-Montt-46-1024x684.jpg 1024w, https:\/\/ialeman.cl\/wp-content\/uploads\/2023\/11\/Gala-Gimnasia-Ritmica-Instituto-Aleman-Puerto-Montt-46-768x513.jpg 768w\" sizes=\"(max-width: 1200px) 100vw, 1200px\" \/><\/a>\n\t\t\t<\/div><\/figure><figure class='gallery-item'>\n\t\t\t<div class='gallery-icon landscape'>\n\t\t\t\t<a data-elementor-open-lightbox=\"yes\" data-elementor-lightbox-slideshow=\"5105d5c\" data-elementor-lightbox-title=\"Gala Gimnasia R\u00edtmica Instituto Alem\u00e1n Puerto Montt 48\" data-e-action-hash=\"#elementor-action%3Aaction%3Dlightbox%26settings%3DeyJpZCI6MjY2ODUsInVybCI6Imh0dHBzOlwvXC9pYWxlbWFuLmNsXC93cC1jb250ZW50XC91cGxvYWRzXC8yMDIzXC8xMVwvR2FsYS1HaW1uYXNpYS1SaXRtaWNhLUluc3RpdHV0by1BbGVtYW4tUHVlcnRvLU1vbnR0LTQ4LmpwZyIsInNsaWRlc2hvdyI6IjUxMDVkNWMifQ%3D%3D\" href='https:\/\/ialeman.cl\/wp-content\/uploads\/2023\/11\/Gala-Gimnasia-Ritmica-Instituto-Aleman-Puerto-Montt-48.jpg'><img loading=\"lazy\" decoding=\"async\" width=\"1200\" height=\"801\" src=\"https:\/\/ialeman.cl\/wp-content\/uploads\/2023\/11\/Gala-Gimnasia-Ritmica-Instituto-Aleman-Puerto-Montt-48.jpg\" class=\"attachment-full size-full\" alt=\"\" srcset=\"https:\/\/ialeman.cl\/wp-content\/uploads\/2023\/11\/Gala-Gimnasia-Ritmica-Instituto-Aleman-Puerto-Montt-48.jpg 1200w, https:\/\/ialeman.cl\/wp-content\/uploads\/2023\/11\/Gala-Gimnasia-Ritmica-Instituto-Aleman-Puerto-Montt-48-300x200.jpg 300w, https:\/\/ialeman.cl\/wp-content\/uploads\/2023\/11\/Gala-Gimnasia-Ritmica-Instituto-Aleman-Puerto-Montt-48-1024x684.jpg 1024w, https:\/\/ialeman.cl\/wp-content\/uploads\/2023\/11\/Gala-Gimnasia-Ritmica-Instituto-Aleman-Puerto-Montt-48-768x513.jpg 768w\" sizes=\"(max-width: 1200px) 100vw, 1200px\" \/><\/a>\n\t\t\t<\/div><\/figure><figure class='gallery-item'>\n\t\t\t<div class='gallery-icon landscape'>\n\t\t\t\t<a data-elementor-open-lightbox=\"yes\" data-elementor-lightbox-slideshow=\"5105d5c\" data-elementor-lightbox-title=\"Gala Gimnasia R\u00edtmica Instituto Alem\u00e1n Puerto Montt 49\" data-e-action-hash=\"#elementor-action%3Aaction%3Dlightbox%26settings%3DeyJpZCI6MjY2ODYsInVybCI6Imh0dHBzOlwvXC9pYWxlbWFuLmNsXC93cC1jb250ZW50XC91cGxvYWRzXC8yMDIzXC8xMVwvR2FsYS1HaW1uYXNpYS1SaXRtaWNhLUluc3RpdHV0by1BbGVtYW4tUHVlcnRvLU1vbnR0LTQ5LmpwZyIsInNsaWRlc2hvdyI6IjUxMDVkNWMifQ%3D%3D\" href='https:\/\/ialeman.cl\/wp-content\/uploads\/2023\/11\/Gala-Gimnasia-Ritmica-Instituto-Aleman-Puerto-Montt-49.jpg'><img loading=\"lazy\" decoding=\"async\" width=\"1200\" height=\"801\" src=\"https:\/\/ialeman.cl\/wp-content\/uploads\/2023\/11\/Gala-Gimnasia-Ritmica-Instituto-Aleman-Puerto-Montt-49.jpg\" class=\"attachment-full size-full\" alt=\"\" srcset=\"https:\/\/ialeman.cl\/wp-content\/uploads\/2023\/11\/Gala-Gimnasia-Ritmica-Instituto-Aleman-Puerto-Montt-49.jpg 1200w, https:\/\/ialeman.cl\/wp-content\/uploads\/2023\/11\/Gala-Gimnasia-Ritmica-Instituto-Aleman-Puerto-Montt-49-300x200.jpg 300w, https:\/\/ialeman.cl\/wp-content\/uploads\/2023\/11\/Gala-Gimnasia-Ritmica-Instituto-Aleman-Puerto-Montt-49-1024x684.jpg 1024w, https:\/\/ialeman.cl\/wp-content\/uploads\/2023\/11\/Gala-Gimnasia-Ritmica-Instituto-Aleman-Puerto-Montt-49-768x513.jpg 768w\" sizes=\"(max-width: 1200px) 100vw, 1200px\" \/><\/a>\n\t\t\t<\/div><\/figure><figure class='gallery-item'>\n\t\t\t<div class='gallery-icon landscape'>\n\t\t\t\t<a data-elementor-open-lightbox=\"yes\" data-elementor-lightbox-slideshow=\"5105d5c\" data-elementor-lightbox-title=\"Gala Gimnasia R\u00edtmica Instituto Alem\u00e1n Puerto Montt 50\" data-e-action-hash=\"#elementor-action%3Aaction%3Dlightbox%26settings%3DeyJpZCI6MjY2ODgsInVybCI6Imh0dHBzOlwvXC9pYWxlbWFuLmNsXC93cC1jb250ZW50XC91cGxvYWRzXC8yMDIzXC8xMVwvR2FsYS1HaW1uYXNpYS1SaXRtaWNhLUluc3RpdHV0by1BbGVtYW4tUHVlcnRvLU1vbnR0LTUwLmpwZyIsInNsaWRlc2hvdyI6IjUxMDVkNWMifQ%3D%3D\" href='https:\/\/ialeman.cl\/wp-content\/uploads\/2023\/11\/Gala-Gimnasia-Ritmica-Instituto-Aleman-Puerto-Montt-50.jpg'><img loading=\"lazy\" decoding=\"async\" width=\"1200\" height=\"801\" src=\"https:\/\/ialeman.cl\/wp-content\/uploads\/2023\/11\/Gala-Gimnasia-Ritmica-Instituto-Aleman-Puerto-Montt-50.jpg\" class=\"attachment-full size-full\" alt=\"\" srcset=\"https:\/\/ialeman.cl\/wp-content\/uploads\/2023\/11\/Gala-Gimnasia-Ritmica-Instituto-Aleman-Puerto-Montt-50.jpg 1200w, https:\/\/ialeman.cl\/wp-content\/uploads\/2023\/11\/Gala-Gimnasia-Ritmica-Instituto-Aleman-Puerto-Montt-50-300x200.jpg 300w, https:\/\/ialeman.cl\/wp-content\/uploads\/2023\/11\/Gala-Gimnasia-Ritmica-Instituto-Aleman-Puerto-Montt-50-1024x684.jpg 1024w, https:\/\/ialeman.cl\/wp-content\/uploads\/2023\/11\/Gala-Gimnasia-Ritmica-Instituto-Aleman-Puerto-Montt-50-768x513.jpg 768w\" sizes=\"(max-width: 1200px) 100vw, 1200px\" \/><\/a>\n\t\t\t<\/div><\/figure><figure class='gallery-item'>\n\t\t\t<div class='gallery-icon landscape'>\n\t\t\t\t<a data-elementor-open-lightbox=\"yes\" data-elementor-lightbox-slideshow=\"5105d5c\" data-elementor-lightbox-title=\"Gala Gimnasia R\u00edtmica Instituto Alem\u00e1n Puerto Montt 52\" data-e-action-hash=\"#elementor-action%3Aaction%3Dlightbox%26settings%3DeyJpZCI6MjY2OTAsInVybCI6Imh0dHBzOlwvXC9pYWxlbWFuLmNsXC93cC1jb250ZW50XC91cGxvYWRzXC8yMDIzXC8xMVwvR2FsYS1HaW1uYXNpYS1SaXRtaWNhLUluc3RpdHV0by1BbGVtYW4tUHVlcnRvLU1vbnR0LTUyLTEuanBnIiwic2xpZGVzaG93IjoiNTEwNWQ1YyJ9\" href='https:\/\/ialeman.cl\/wp-content\/uploads\/2023\/11\/Gala-Gimnasia-Ritmica-Instituto-Aleman-Puerto-Montt-52-1.jpg'><img loading=\"lazy\" decoding=\"async\" width=\"1200\" height=\"801\" src=\"https:\/\/ialeman.cl\/wp-content\/uploads\/2023\/11\/Gala-Gimnasia-Ritmica-Instituto-Aleman-Puerto-Montt-52-1.jpg\" class=\"attachment-full size-full\" alt=\"\" srcset=\"https:\/\/ialeman.cl\/wp-content\/uploads\/2023\/11\/Gala-Gimnasia-Ritmica-Instituto-Aleman-Puerto-Montt-52-1.jpg 1200w, https:\/\/ialeman.cl\/wp-content\/uploads\/2023\/11\/Gala-Gimnasia-Ritmica-Instituto-Aleman-Puerto-Montt-52-1-300x200.jpg 300w, https:\/\/ialeman.cl\/wp-content\/uploads\/2023\/11\/Gala-Gimnasia-Ritmica-Instituto-Aleman-Puerto-Montt-52-1-1024x684.jpg 1024w, https:\/\/ialeman.cl\/wp-content\/uploads\/2023\/11\/Gala-Gimnasia-Ritmica-Instituto-Aleman-Puerto-Montt-52-1-768x513.jpg 768w\" sizes=\"(max-width: 1200px) 100vw, 1200px\" \/><\/a>\n\t\t\t<\/div><\/figure><figure class='gallery-item'>\n\t\t\t<div class='gallery-icon landscape'>\n\t\t\t\t<a data-elementor-open-lightbox=\"yes\" data-elementor-lightbox-slideshow=\"5105d5c\" data-elementor-lightbox-title=\"Gala Gimnasia R\u00edtmica Instituto Alem\u00e1n Puerto Montt 53\" data-e-action-hash=\"#elementor-action%3Aaction%3Dlightbox%26settings%3DeyJpZCI6MjY2OTEsInVybCI6Imh0dHBzOlwvXC9pYWxlbWFuLmNsXC93cC1jb250ZW50XC91cGxvYWRzXC8yMDIzXC8xMVwvR2FsYS1HaW1uYXNpYS1SaXRtaWNhLUluc3RpdHV0by1BbGVtYW4tUHVlcnRvLU1vbnR0LTUzLmpwZyIsInNsaWRlc2hvdyI6IjUxMDVkNWMifQ%3D%3D\" href='https:\/\/ialeman.cl\/wp-content\/uploads\/2023\/11\/Gala-Gimnasia-Ritmica-Instituto-Aleman-Puerto-Montt-53.jpg'><img loading=\"lazy\" decoding=\"async\" width=\"1200\" height=\"801\" src=\"https:\/\/ialeman.cl\/wp-content\/uploads\/2023\/11\/Gala-Gimnasia-Ritmica-Instituto-Aleman-Puerto-Montt-53.jpg\" class=\"attachment-full size-full\" alt=\"\" srcset=\"https:\/\/ialeman.cl\/wp-content\/uploads\/2023\/11\/Gala-Gimnasia-Ritmica-Instituto-Aleman-Puerto-Montt-53.jpg 1200w, https:\/\/ialeman.cl\/wp-content\/uploads\/2023\/11\/Gala-Gimnasia-Ritmica-Instituto-Aleman-Puerto-Montt-53-300x200.jpg 300w, https:\/\/ialeman.cl\/wp-content\/uploads\/2023\/11\/Gala-Gimnasia-Ritmica-Instituto-Aleman-Puerto-Montt-53-1024x684.jpg 1024w, https:\/\/ialeman.cl\/wp-content\/uploads\/2023\/11\/Gala-Gimnasia-Ritmica-Instituto-Aleman-Puerto-Montt-53-768x513.jpg 768w\" sizes=\"(max-width: 1200px) 100vw, 1200px\" \/><\/a>\n\t\t\t<\/div><\/figure>\n\t\t<\/div>\n\t\t<\/div>\n\t\t\t\t\t\t<\/div>\n\t\t\t\t<\/div>\n\t\t\t\t\t<\/div>\n\t\t<\/div>\n\t\t\t\t\t<\/div>\n\t\t<\/section>\n\t\t\t\t<\/div>\n\t\t","protected":false},"excerpt":{"rendered":"<p>Gala Gimnasia R\u00edtmica 2023 Una espectacular e impecable Gala de Gimnasia R\u00edtmica present\u00f3 el Instituto Alem\u00e1n de Puerto Montt. La hermosa actividad cont\u00f3 con la participaci\u00f3n de distintos colegios y clubes de la regi\u00f3n de Los Lagos. El evento deportivo se desarroll\u00f3 el viernes 10 de noviembre en el gimnasio 2, instancia en la que [&hellip;]<\/p>\n","protected":false},"author":1,"featured_media":26630,"comment_status":"closed","ping_status":"closed","sticky":false,"template":"","format":"standard","meta":{"site-sidebar-layout":"default","site-content-layout":"","ast-site-content-layout":"default","site-content-style":"default","site-sidebar-style":"default","ast-global-header-display":"","ast-banner-title-visibility":"","ast-main-header-display":"","ast-hfb-above-header-display":"","ast-hfb-below-header-display":"","ast-hfb-mobile-header-display":"","site-post-title":"disabled","ast-breadcrumbs-content":"","ast-featured-img":"disabled","footer-sml-layout":"","ast-disable-related-posts":"","theme-transparent-header-meta":"","adv-header-id-meta":"","stick-header-meta":"","header-above-stick-meta":"","header-main-stick-meta":"","header-below-stick-meta":"","astra-migrate-meta-layouts":"set","ast-page-background-enabled":"default","ast-page-background-meta":{"desktop":{"background-color":"var(--ast-global-color-4)","background-image":"","background-repeat":"repeat","background-position":"center center","background-size":"auto","background-attachment":"scroll","background-type":"","background-media":"","overlay-type":"","overlay-color":"","overlay-opacity":"","overlay-gradient":""},"tablet":{"background-color":"","background-image":"","background-repeat":"repeat","background-position":"center center","background-size":"auto","background-attachment":"scroll","background-type":"","background-media":"","overlay-type":"","overlay-color":"","overlay-opacity":"","overlay-gradient":""},"mobile":{"background-color":"","background-image":"","background-repeat":"repeat","background-position":"center center","background-size":"auto","background-attachment":"scroll","background-type":"","background-media":"","overlay-type":"","overlay-color":"","overlay-opacity":"","overlay-gradient":""}},"ast-content-background-meta":{"desktop":{"background-color":"var(--ast-global-color-5)","background-image":"","background-repeat":"repeat","background-position":"center center","background-size":"auto","background-attachment":"scroll","background-type":"","background-media":"","overlay-type":"","overlay-color":"","overlay-opacity":"","overlay-gradient":""},"tablet":{"background-color":"var(--ast-global-color-5)","background-image":"","background-repeat":"repeat","background-position":"center center","background-size":"auto","background-attachment":"scroll","background-type":"","background-media":"","overlay-type":"","overlay-color":"","overlay-opacity":"","overlay-gradient":""},"mobile":{"background-color":"var(--ast-global-color-5)","background-image":"","background-repeat":"repeat","background-position":"center center","background-size":"auto","background-attachment":"scroll","background-type":"","background-media":"","overlay-type":"","overlay-color":"","overlay-opacity":"","overlay-gradient":""}},"advanced_seo_description":"","jetpack_seo_html_title":"","jetpack_seo_noindex":false,"jetpack_seo_schema_type":"","_jetpack_newsletter_access":"","_jetpack_dont_email_post_to_subs":false,"_jetpack_newsletter_tier_id":0,"_jetpack_memberships_contains_paywalled_content":false,"_wpcom_ai_launchpad_first_post":false,"_jetpack_feature_clip_id":0,"_jetpack_memberships_contains_paid_content":false,"footnotes":"","jetpack_post_was_ever_published":false},"categories":[10],"tags":[],"class_list":["post-26628","post","type-post","status-publish","format-standard","has-post-thumbnail","hentry","category-noticias"],"jetpack_shortlink":"https:\/\/wp.me\/ph8I5c-6Vu","jetpack_sharing_enabled":true,"jetpack_featured_media_url":"https:\/\/ialeman.cl\/wp-content\/uploads\/2023\/11\/Gala-Gimnasia-Ritmica-Instituto-Aleman-Puerto-Montt-52.jpg","_links":{"self":[{"href":"https:\/\/ialeman.cl\/index.php\/wp-json\/wp\/v2\/posts\/26628","targetHints":{"allow":["GET"]}}],"collection":[{"href":"https:\/\/ialeman.cl\/index.php\/wp-json\/wp\/v2\/posts"}],"about":[{"href":"https:\/\/ialeman.cl\/index.php\/wp-json\/wp\/v2\/types\/post"}],"author":[{"embeddable":true,"href":"https:\/\/ialeman.cl\/index.php\/wp-json\/wp\/v2\/users\/1"}],"replies":[{"embeddable":true,"href":"https:\/\/ialeman.cl\/index.php\/wp-json\/wp\/v2\/comments?post=26628"}],"version-history":[{"count":11,"href":"https:\/\/ialeman.cl\/index.php\/wp-json\/wp\/v2\/posts\/26628\/revisions"}],"predecessor-version":[{"id":26695,"href":"https:\/\/ialeman.cl\/index.php\/wp-json\/wp\/v2\/posts\/26628\/revisions\/26695"}],"wp:featuredmedia":[{"embeddable":true,"href":"https:\/\/ialeman.cl\/index.php\/wp-json\/wp\/v2\/media\/26630"}],"wp:attachment":[{"href":"https:\/\/ialeman.cl\/index.php\/wp-json\/wp\/v2\/media?parent=26628"}],"wp:term":[{"taxonomy":"category","embeddable":true,"href":"https:\/\/ialeman.cl\/index.php\/wp-json\/wp\/v2\/categories?post=26628"},{"taxonomy":"post_tag","embeddable":true,"href":"https:\/\/ialeman.cl\/index.php\/wp-json\/wp\/v2\/tags?post=26628"}],"curies":[{"name":"wp","href":"https:\/\/api.w.org\/{rel}","templated":true}]}}