{"id":26591,"date":"2023-11-10T14:26:08","date_gmt":"2023-11-10T18:26:08","guid":{"rendered":"https:\/\/ialeman.cl\/?p=26591"},"modified":"2023-11-10T14:42:15","modified_gmt":"2023-11-10T18:42:15","slug":"karneval-2023-2","status":"publish","type":"post","link":"https:\/\/ialeman.cl\/index.php\/karneval-2023-2\/","title":{"rendered":"Karneval 2023\u00a0"},"content":{"rendered":"\t\t<div data-elementor-type=\"wp-post\" data-elementor-id=\"26591\" class=\"elementor elementor-26591\">\n\t\t\t\t\t\t<section class=\"elementor-section elementor-top-section elementor-element elementor-element-075c54b elementor-section-boxed elementor-section-height-default elementor-section-height-default\" data-id=\"075c54b\" data-element_type=\"section\" data-e-type=\"section\">\n\t\t\t\t\t\t<div class=\"elementor-container elementor-column-gap-default\">\n\t\t\t\t\t<div class=\"elementor-column elementor-col-100 elementor-top-column elementor-element elementor-element-c3c97b5\" data-id=\"c3c97b5\" data-element_type=\"column\" data-e-type=\"column\">\n\t\t\t<div class=\"elementor-widget-wrap elementor-element-populated\">\n\t\t\t\t\t\t<div class=\"elementor-element elementor-element-71bf94d elementor-widget elementor-widget-heading\" data-id=\"71bf94d\" data-element_type=\"widget\" data-e-type=\"widget\" data-widget_type=\"heading.default\">\n\t\t\t\t<div class=\"elementor-widget-container\">\n\t\t\t\t\t<h2 class=\"elementor-heading-title elementor-size-default\">Karneval 2023\u00a0<\/h2>\t\t\t\t<\/div>\n\t\t\t\t<\/div>\n\t\t\t\t\t<\/div>\n\t\t<\/div>\n\t\t\t\t\t<\/div>\n\t\t<\/section>\n\t\t\t\t<section class=\"elementor-section elementor-top-section elementor-element elementor-element-ec75083 elementor-section-boxed elementor-section-height-default elementor-section-height-default\" data-id=\"ec75083\" data-element_type=\"section\" data-e-type=\"section\">\n\t\t\t\t\t\t<div class=\"elementor-container elementor-column-gap-default\">\n\t\t\t\t\t<div class=\"elementor-column elementor-col-100 elementor-top-column elementor-element elementor-element-b2b2fa5\" data-id=\"b2b2fa5\" data-element_type=\"column\" data-e-type=\"column\">\n\t\t\t<div class=\"elementor-widget-wrap elementor-element-populated\">\n\t\t\t\t\t\t<div class=\"elementor-element elementor-element-a1f0a08 elementor-widget elementor-widget-heading\" data-id=\"a1f0a08\" data-element_type=\"widget\" data-e-type=\"widget\" data-widget_type=\"heading.default\">\n\t\t\t\t<div class=\"elementor-widget-container\">\n\t\t\t\t\t<h2 class=\"elementor-heading-title elementor-size-default\">Una entretenida celebraci\u00f3n del Karneval vivimos en el Instituto Alem\u00e1n de Puerto Montt con los ni\u00f1os y ni\u00f1as de Kindergarten a 6\u00ba b\u00e1sico. <br><br>\n\nLa tradicional actividad que se celebra en Alemania y que se desarroll\u00f3 en el colegio fue una fiesta llena de color, risas y de gran alegr\u00eda para los estudiantes.<br><br>\n\nEn la ocasi\u00f3n, los alumnos utilizaron llamativos disfraces, gorros, antifaces y pelucas para jugar, bailar y cantar junto a sus profesores. <br><br>\n\nEn el caso de los ni\u00f1os del Kindergarten se reunieron en la cancha, mientras que los estudiantes de 1\u00ba a 6 b\u00e1sico lo hicieron en el gimnasio 2, para festejar tan importante evento. <br><br>\n\nLa bonita iniciativa fue organizada por el Departamento de Alem\u00e1n, con el objetivo de acercarnos y fortalecer la cultura alemana en el colegio. \n\n<\/h2>\t\t\t\t<\/div>\n\t\t\t\t<\/div>\n\t\t\t\t\t<\/div>\n\t\t<\/div>\n\t\t\t\t\t<\/div>\n\t\t<\/section>\n\t\t\t\t<section class=\"elementor-section elementor-top-section elementor-element elementor-element-51758e9 elementor-section-boxed elementor-section-height-default elementor-section-height-default\" data-id=\"51758e9\" data-element_type=\"section\" data-e-type=\"section\">\n\t\t\t\t\t\t<div class=\"elementor-container elementor-column-gap-default\">\n\t\t\t\t\t<div class=\"elementor-column elementor-col-50 elementor-top-column elementor-element elementor-element-e290656\" data-id=\"e290656\" data-element_type=\"column\" data-e-type=\"column\">\n\t\t\t<div class=\"elementor-widget-wrap elementor-element-populated\">\n\t\t\t\t\t\t<div class=\"elementor-element elementor-element-0a9a45d elementor-widget elementor-widget-image\" data-id=\"0a9a45d\" data-element_type=\"widget\" data-e-type=\"widget\" data-widget_type=\"image.default\">\n\t\t\t\t<div class=\"elementor-widget-container\">\n\t\t\t\t\t\t\t\t\t\t\t\t\t\t\t<img fetchpriority=\"high\" decoding=\"async\" width=\"1024\" height=\"684\" src=\"https:\/\/ialeman.cl\/wp-content\/uploads\/2023\/11\/KARNAVAL-KINDERGARTEN-INSTITUTO-ALEMAN-PUERTO-MONTT-1-2-1024x684.jpg\" class=\"attachment-large size-large wp-image-26592\" alt=\"\" srcset=\"https:\/\/ialeman.cl\/wp-content\/uploads\/2023\/11\/KARNAVAL-KINDERGARTEN-INSTITUTO-ALEMAN-PUERTO-MONTT-1-2-1024x684.jpg 1024w, https:\/\/ialeman.cl\/wp-content\/uploads\/2023\/11\/KARNAVAL-KINDERGARTEN-INSTITUTO-ALEMAN-PUERTO-MONTT-1-2-300x200.jpg 300w, https:\/\/ialeman.cl\/wp-content\/uploads\/2023\/11\/KARNAVAL-KINDERGARTEN-INSTITUTO-ALEMAN-PUERTO-MONTT-1-2-768x513.jpg 768w, https:\/\/ialeman.cl\/wp-content\/uploads\/2023\/11\/KARNAVAL-KINDERGARTEN-INSTITUTO-ALEMAN-PUERTO-MONTT-1-2.jpg 1200w\" sizes=\"(max-width: 1024px) 100vw, 1024px\" \/>\t\t\t\t\t\t\t\t\t\t\t\t\t\t\t<\/div>\n\t\t\t\t<\/div>\n\t\t\t\t<div class=\"elementor-element elementor-element-a5c95cb elementor-align-center elementor-widget elementor-widget-button\" data-id=\"a5c95cb\" data-element_type=\"widget\" data-e-type=\"widget\" data-widget_type=\"button.default\">\n\t\t\t\t<div class=\"elementor-widget-container\">\n\t\t\t\t\t\t\t\t\t<div class=\"elementor-button-wrapper\">\n\t\t\t\t\t<a class=\"elementor-button elementor-button-link elementor-size-sm\" href=\"https:\/\/ialeman.cl\/index.php\/karneval-2023\/\">\n\t\t\t\t\t\t<span class=\"elementor-button-content-wrapper\">\n\t\t\t\t\t\t\t\t\t<span class=\"elementor-button-text\">Fotos Kindergarten<\/span>\n\t\t\t\t\t<\/span>\n\t\t\t\t\t<\/a>\n\t\t\t\t<\/div>\n\t\t\t\t\t\t\t\t<\/div>\n\t\t\t\t<\/div>\n\t\t\t\t\t<\/div>\n\t\t<\/div>\n\t\t\t\t<div class=\"elementor-column elementor-col-50 elementor-top-column elementor-element elementor-element-b1e98be\" data-id=\"b1e98be\" data-element_type=\"column\" data-e-type=\"column\">\n\t\t\t<div class=\"elementor-widget-wrap elementor-element-populated\">\n\t\t\t\t\t\t<div class=\"elementor-element elementor-element-0dc37e7 elementor-widget elementor-widget-image\" data-id=\"0dc37e7\" data-element_type=\"widget\" data-e-type=\"widget\" data-widget_type=\"image.default\">\n\t\t\t\t<div class=\"elementor-widget-container\">\n\t\t\t\t\t\t\t\t\t\t\t\t\t\t\t<img decoding=\"async\" width=\"1024\" height=\"684\" src=\"https:\/\/ialeman.cl\/wp-content\/uploads\/2023\/11\/KARNAVAL-PRIMER-CICLO-INSTITUTO-ALEMAN-PUERTO-MONTT-26-1024x684.jpg\" class=\"attachment-large size-large wp-image-26562\" alt=\"\" srcset=\"https:\/\/ialeman.cl\/wp-content\/uploads\/2023\/11\/KARNAVAL-PRIMER-CICLO-INSTITUTO-ALEMAN-PUERTO-MONTT-26-1024x684.jpg 1024w, https:\/\/ialeman.cl\/wp-content\/uploads\/2023\/11\/KARNAVAL-PRIMER-CICLO-INSTITUTO-ALEMAN-PUERTO-MONTT-26-300x200.jpg 300w, https:\/\/ialeman.cl\/wp-content\/uploads\/2023\/11\/KARNAVAL-PRIMER-CICLO-INSTITUTO-ALEMAN-PUERTO-MONTT-26-768x513.jpg 768w, https:\/\/ialeman.cl\/wp-content\/uploads\/2023\/11\/KARNAVAL-PRIMER-CICLO-INSTITUTO-ALEMAN-PUERTO-MONTT-26.jpg 1200w\" sizes=\"(max-width: 1024px) 100vw, 1024px\" \/>\t\t\t\t\t\t\t\t\t\t\t\t\t\t\t<\/div>\n\t\t\t\t<\/div>\n\t\t\t\t<div class=\"elementor-element elementor-element-1928f29 elementor-align-center elementor-widget elementor-widget-button\" data-id=\"1928f29\" data-element_type=\"widget\" data-e-type=\"widget\" data-widget_type=\"button.default\">\n\t\t\t\t<div class=\"elementor-widget-container\">\n\t\t\t\t\t\t\t\t\t<div class=\"elementor-button-wrapper\">\n\t\t\t\t\t<a class=\"elementor-button elementor-button-link elementor-size-sm\" href=\"https:\/\/ialeman.cl\/index.php\/karneval-2023-primer-ciclo\/\">\n\t\t\t\t\t\t<span class=\"elementor-button-content-wrapper\">\n\t\t\t\t\t\t\t\t\t<span class=\"elementor-button-text\">Fotos Primer Ciclo<\/span>\n\t\t\t\t\t<\/span>\n\t\t\t\t\t<\/a>\n\t\t\t\t<\/div>\n\t\t\t\t\t\t\t\t<\/div>\n\t\t\t\t<\/div>\n\t\t\t\t\t<\/div>\n\t\t<\/div>\n\t\t\t\t\t<\/div>\n\t\t<\/section>\n\t\t\t\t<\/div>\n\t\t","protected":false},"excerpt":{"rendered":"<p>Karneval 2023&nbsp; Una entretenida celebraci\u00f3n del Karneval vivimos en el Instituto Alem\u00e1n de Puerto Montt con los ni\u00f1os y ni\u00f1as de Kindergarten a 6\u00ba b\u00e1sico. La tradicional actividad que se celebra en Alemania y que se desarroll\u00f3 en el colegio fue una fiesta llena de color, risas y de gran alegr\u00eda para los estudiantes. En [&hellip;]<\/p>\n","protected":false},"author":1,"featured_media":26592,"comment_status":"closed","ping_status":"closed","sticky":false,"template":"","format":"standard","meta":{"site-sidebar-layout":"default","site-content-layout":"","ast-site-content-layout":"default","site-content-style":"default","site-sidebar-style":"default","ast-global-header-display":"","ast-banner-title-visibility":"","ast-main-header-display":"","ast-hfb-above-header-display":"","ast-hfb-below-header-display":"","ast-hfb-mobile-header-display":"","site-post-title":"disabled","ast-breadcrumbs-content":"","ast-featured-img":"disabled","footer-sml-layout":"","ast-disable-related-posts":"","theme-transparent-header-meta":"","adv-header-id-meta":"","stick-header-meta":"","header-above-stick-meta":"","header-main-stick-meta":"","header-below-stick-meta":"","astra-migrate-meta-layouts":"set","ast-page-background-enabled":"default","ast-page-background-meta":{"desktop":{"background-color":"var(--ast-global-color-4)","background-image":"","background-repeat":"repeat","background-position":"center center","background-size":"auto","background-attachment":"scroll","background-type":"","background-media":"","overlay-type":"","overlay-color":"","overlay-opacity":"","overlay-gradient":""},"tablet":{"background-color":"","background-image":"","background-repeat":"repeat","background-position":"center center","background-size":"auto","background-attachment":"scroll","background-type":"","background-media":"","overlay-type":"","overlay-color":"","overlay-opacity":"","overlay-gradient":""},"mobile":{"background-color":"","background-image":"","background-repeat":"repeat","background-position":"center center","background-size":"auto","background-attachment":"scroll","background-type":"","background-media":"","overlay-type":"","overlay-color":"","overlay-opacity":"","overlay-gradient":""}},"ast-content-background-meta":{"desktop":{"background-color":"var(--ast-global-color-5)","background-image":"","background-repeat":"repeat","background-position":"center center","background-size":"auto","background-attachment":"scroll","background-type":"","background-media":"","overlay-type":"","overlay-color":"","overlay-opacity":"","overlay-gradient":""},"tablet":{"background-color":"var(--ast-global-color-5)","background-image":"","background-repeat":"repeat","background-position":"center center","background-size":"auto","background-attachment":"scroll","background-type":"","background-media":"","overlay-type":"","overlay-color":"","overlay-opacity":"","overlay-gradient":""},"mobile":{"background-color":"var(--ast-global-color-5)","background-image":"","background-repeat":"repeat","background-position":"center center","background-size":"auto","background-attachment":"scroll","background-type":"","background-media":"","overlay-type":"","overlay-color":"","overlay-opacity":"","overlay-gradient":""}},"advanced_seo_description":"","jetpack_seo_html_title":"","jetpack_seo_noindex":false,"jetpack_seo_schema_type":"","_jetpack_newsletter_access":"","_jetpack_dont_email_post_to_subs":false,"_jetpack_newsletter_tier_id":0,"_jetpack_memberships_contains_paywalled_content":false,"_wpcom_ai_launchpad_first_post":false,"_jetpack_feature_clip_id":0,"_jetpack_memberships_contains_paid_content":false,"footnotes":"","jetpack_post_was_ever_published":false},"categories":[10],"tags":[],"class_list":["post-26591","post","type-post","status-publish","format-standard","has-post-thumbnail","hentry","category-noticias"],"jetpack_shortlink":"https:\/\/wp.me\/ph8I5c-6UT","jetpack_sharing_enabled":true,"jetpack_featured_media_url":"https:\/\/ialeman.cl\/wp-content\/uploads\/2023\/11\/KARNAVAL-KINDERGARTEN-INSTITUTO-ALEMAN-PUERTO-MONTT-1-2.jpg","_links":{"self":[{"href":"https:\/\/ialeman.cl\/index.php\/wp-json\/wp\/v2\/posts\/26591","targetHints":{"allow":["GET"]}}],"collection":[{"href":"https:\/\/ialeman.cl\/index.php\/wp-json\/wp\/v2\/posts"}],"about":[{"href":"https:\/\/ialeman.cl\/index.php\/wp-json\/wp\/v2\/types\/post"}],"author":[{"embeddable":true,"href":"https:\/\/ialeman.cl\/index.php\/wp-json\/wp\/v2\/users\/1"}],"replies":[{"embeddable":true,"href":"https:\/\/ialeman.cl\/index.php\/wp-json\/wp\/v2\/comments?post=26591"}],"version-history":[{"count":20,"href":"https:\/\/ialeman.cl\/index.php\/wp-json\/wp\/v2\/posts\/26591\/revisions"}],"predecessor-version":[{"id":26614,"href":"https:\/\/ialeman.cl\/index.php\/wp-json\/wp\/v2\/posts\/26591\/revisions\/26614"}],"wp:featuredmedia":[{"embeddable":true,"href":"https:\/\/ialeman.cl\/index.php\/wp-json\/wp\/v2\/media\/26592"}],"wp:attachment":[{"href":"https:\/\/ialeman.cl\/index.php\/wp-json\/wp\/v2\/media?parent=26591"}],"wp:term":[{"taxonomy":"category","embeddable":true,"href":"https:\/\/ialeman.cl\/index.php\/wp-json\/wp\/v2\/categories?post=26591"},{"taxonomy":"post_tag","embeddable":true,"href":"https:\/\/ialeman.cl\/index.php\/wp-json\/wp\/v2\/tags?post=26591"}],"curies":[{"name":"wp","href":"https:\/\/api.w.org\/{rel}","templated":true}]}}