{"id":25723,"date":"2023-10-05T12:00:00","date_gmt":"2023-10-05T16:00:00","guid":{"rendered":"https:\/\/ialeman.cl\/?p=25723"},"modified":"2023-10-18T09:53:56","modified_gmt":"2023-10-18T13:53:56","slug":"actividades-en-la-semana-de-aniversario","status":"publish","type":"post","link":"https:\/\/ialeman.cl\/index.php\/actividades-en-la-semana-de-aniversario\/","title":{"rendered":"Actividades en Semana de Aniversario"},"content":{"rendered":"\t\t<div data-elementor-type=\"wp-post\" data-elementor-id=\"25723\" class=\"elementor elementor-25723\">\n\t\t\t\t\t\t<section class=\"elementor-section elementor-top-section elementor-element elementor-element-22659f6 elementor-section-boxed elementor-section-height-default elementor-section-height-default\" data-id=\"22659f6\" data-element_type=\"section\" data-e-type=\"section\">\n\t\t\t\t\t\t<div class=\"elementor-container elementor-column-gap-default\">\n\t\t\t\t\t<div class=\"elementor-column elementor-col-100 elementor-top-column elementor-element elementor-element-6fbeb5d\" data-id=\"6fbeb5d\" data-element_type=\"column\" data-e-type=\"column\">\n\t\t\t<div class=\"elementor-widget-wrap elementor-element-populated\">\n\t\t\t\t\t\t<div class=\"elementor-element elementor-element-1dbef58 elementor-widget elementor-widget-heading\" data-id=\"1dbef58\" data-element_type=\"widget\" data-e-type=\"widget\" data-widget_type=\"heading.default\">\n\t\t\t\t<div class=\"elementor-widget-container\">\n\t\t\t\t\t<h2 class=\"elementor-heading-title elementor-size-default\">Actividades en Semana Aniversario<\/h2>\t\t\t\t<\/div>\n\t\t\t\t<\/div>\n\t\t\t\t\t<\/div>\n\t\t<\/div>\n\t\t\t\t\t<\/div>\n\t\t<\/section>\n\t\t\t\t<section class=\"elementor-section elementor-top-section elementor-element elementor-element-e862939 elementor-section-boxed elementor-section-height-default elementor-section-height-default\" data-id=\"e862939\" data-element_type=\"section\" data-e-type=\"section\">\n\t\t\t\t\t\t<div class=\"elementor-container elementor-column-gap-default\">\n\t\t\t\t\t<div class=\"elementor-column elementor-col-100 elementor-top-column elementor-element elementor-element-e83ef5e\" data-id=\"e83ef5e\" data-element_type=\"column\" data-e-type=\"column\">\n\t\t\t<div class=\"elementor-widget-wrap elementor-element-populated\">\n\t\t\t\t\t\t<div class=\"elementor-element elementor-element-2cffd0d elementor-widget elementor-widget-heading\" data-id=\"2cffd0d\" data-element_type=\"widget\" data-e-type=\"widget\" data-widget_type=\"heading.default\">\n\t\t\t\t<div class=\"elementor-widget-container\">\n\t\t\t\t\t<h2 class=\"elementor-heading-title elementor-size-default\">Los estudiantes del Primer Ciclo participaron de divertidas actividades en la semana de aniversario del colegio.<br><br>\nLos interesantes talleres fueron realizados por los padres y apoderados y en los juegos recreativos por los profesores, con el objetivo de ofrecer una jornada de gran alegr\u00eda y diversi\u00f3n a los ni\u00f1os y ni\u00f1as.<\/h2>\t\t\t\t<\/div>\n\t\t\t\t<\/div>\n\t\t\t\t\t<\/div>\n\t\t<\/div>\n\t\t\t\t\t<\/div>\n\t\t<\/section>\n\t\t\t\t<section class=\"elementor-section elementor-top-section elementor-element elementor-element-667e530 elementor-section-boxed elementor-section-height-default elementor-section-height-default\" data-id=\"667e530\" data-element_type=\"section\" data-e-type=\"section\">\n\t\t\t\t\t\t<div class=\"elementor-container elementor-column-gap-default\">\n\t\t\t\t\t<div class=\"elementor-column elementor-col-100 elementor-top-column elementor-element elementor-element-2c15b3b\" data-id=\"2c15b3b\" data-element_type=\"column\" data-e-type=\"column\">\n\t\t\t<div class=\"elementor-widget-wrap elementor-element-populated\">\n\t\t\t\t\t\t<div class=\"elementor-element elementor-element-b3d7f35 gallery-spacing-custom elementor-widget elementor-widget-image-gallery\" data-id=\"b3d7f35\" data-element_type=\"widget\" data-e-type=\"widget\" data-widget_type=\"image-gallery.default\">\n\t\t\t\t<div class=\"elementor-widget-container\">\n\t\t\t\t\t\t\t<div class=\"elementor-image-gallery\">\n\t\t\t<div id='gallery-1' class='gallery galleryid-25723 gallery-columns-2 gallery-size-full'><figure class='gallery-item'>\n\t\t\t<div class='gallery-icon landscape'>\n\t\t\t\t<a data-elementor-open-lightbox=\"yes\" data-elementor-lightbox-slideshow=\"b3d7f35\" data-elementor-lightbox-title=\"Kuchen Instituto Alem\u00e1n Puerto Montt 1\" data-e-action-hash=\"#elementor-action%3Aaction%3Dlightbox%26settings%3DeyJpZCI6MjU3MzksInVybCI6Imh0dHBzOlwvXC9pYWxlbWFuLmNsXC93cC1jb250ZW50XC91cGxvYWRzXC8yMDIzXC8xMFwvS3VjaGVuLUluc3RpdHV0by1BbGVtYW4tUHVlcnRvLU1vbnR0LTEtMS5qcGciLCJzbGlkZXNob3ciOiJiM2Q3ZjM1In0%3D\" href='https:\/\/ialeman.cl\/wp-content\/uploads\/2023\/10\/Kuchen-Instituto-Aleman-Puerto-Montt-1-1.jpg'><img fetchpriority=\"high\" decoding=\"async\" width=\"1200\" height=\"801\" src=\"https:\/\/ialeman.cl\/wp-content\/uploads\/2023\/10\/Kuchen-Instituto-Aleman-Puerto-Montt-1-1.jpg\" class=\"attachment-full size-full\" alt=\"\" srcset=\"https:\/\/ialeman.cl\/wp-content\/uploads\/2023\/10\/Kuchen-Instituto-Aleman-Puerto-Montt-1-1.jpg 1200w, https:\/\/ialeman.cl\/wp-content\/uploads\/2023\/10\/Kuchen-Instituto-Aleman-Puerto-Montt-1-1-300x200.jpg 300w, https:\/\/ialeman.cl\/wp-content\/uploads\/2023\/10\/Kuchen-Instituto-Aleman-Puerto-Montt-1-1-1024x684.jpg 1024w, https:\/\/ialeman.cl\/wp-content\/uploads\/2023\/10\/Kuchen-Instituto-Aleman-Puerto-Montt-1-1-768x513.jpg 768w\" sizes=\"(max-width: 1200px) 100vw, 1200px\" \/><\/a>\n\t\t\t<\/div><\/figure><figure class='gallery-item'>\n\t\t\t<div class='gallery-icon landscape'>\n\t\t\t\t<a data-elementor-open-lightbox=\"yes\" data-elementor-lightbox-slideshow=\"b3d7f35\" data-elementor-lightbox-title=\"Kuchen Instituto Alem\u00e1n Puerto Montt 2\" data-e-action-hash=\"#elementor-action%3Aaction%3Dlightbox%26settings%3DeyJpZCI6MjU3NDAsInVybCI6Imh0dHBzOlwvXC9pYWxlbWFuLmNsXC93cC1jb250ZW50XC91cGxvYWRzXC8yMDIzXC8xMFwvS3VjaGVuLUluc3RpdHV0by1BbGVtYW4tUHVlcnRvLU1vbnR0LTIuanBnIiwic2xpZGVzaG93IjoiYjNkN2YzNSJ9\" href='https:\/\/ialeman.cl\/wp-content\/uploads\/2023\/10\/Kuchen-Instituto-Aleman-Puerto-Montt-2.jpg'><img decoding=\"async\" width=\"1200\" height=\"801\" src=\"https:\/\/ialeman.cl\/wp-content\/uploads\/2023\/10\/Kuchen-Instituto-Aleman-Puerto-Montt-2.jpg\" class=\"attachment-full size-full\" alt=\"\" srcset=\"https:\/\/ialeman.cl\/wp-content\/uploads\/2023\/10\/Kuchen-Instituto-Aleman-Puerto-Montt-2.jpg 1200w, https:\/\/ialeman.cl\/wp-content\/uploads\/2023\/10\/Kuchen-Instituto-Aleman-Puerto-Montt-2-300x200.jpg 300w, https:\/\/ialeman.cl\/wp-content\/uploads\/2023\/10\/Kuchen-Instituto-Aleman-Puerto-Montt-2-1024x684.jpg 1024w, https:\/\/ialeman.cl\/wp-content\/uploads\/2023\/10\/Kuchen-Instituto-Aleman-Puerto-Montt-2-768x513.jpg 768w\" sizes=\"(max-width: 1200px) 100vw, 1200px\" \/><\/a>\n\t\t\t<\/div><\/figure><figure class='gallery-item'>\n\t\t\t<div class='gallery-icon landscape'>\n\t\t\t\t<a data-elementor-open-lightbox=\"yes\" data-elementor-lightbox-slideshow=\"b3d7f35\" data-elementor-lightbox-title=\"Kuchen Instituto Alem\u00e1n Puerto Montt 3\" data-e-action-hash=\"#elementor-action%3Aaction%3Dlightbox%26settings%3DeyJpZCI6MjU3NDEsInVybCI6Imh0dHBzOlwvXC9pYWxlbWFuLmNsXC93cC1jb250ZW50XC91cGxvYWRzXC8yMDIzXC8xMFwvS3VjaGVuLUluc3RpdHV0by1BbGVtYW4tUHVlcnRvLU1vbnR0LTMuanBnIiwic2xpZGVzaG93IjoiYjNkN2YzNSJ9\" href='https:\/\/ialeman.cl\/wp-content\/uploads\/2023\/10\/Kuchen-Instituto-Aleman-Puerto-Montt-3.jpg'><img decoding=\"async\" width=\"1200\" height=\"801\" src=\"https:\/\/ialeman.cl\/wp-content\/uploads\/2023\/10\/Kuchen-Instituto-Aleman-Puerto-Montt-3.jpg\" class=\"attachment-full size-full\" alt=\"\" srcset=\"https:\/\/ialeman.cl\/wp-content\/uploads\/2023\/10\/Kuchen-Instituto-Aleman-Puerto-Montt-3.jpg 1200w, https:\/\/ialeman.cl\/wp-content\/uploads\/2023\/10\/Kuchen-Instituto-Aleman-Puerto-Montt-3-300x200.jpg 300w, https:\/\/ialeman.cl\/wp-content\/uploads\/2023\/10\/Kuchen-Instituto-Aleman-Puerto-Montt-3-1024x684.jpg 1024w, https:\/\/ialeman.cl\/wp-content\/uploads\/2023\/10\/Kuchen-Instituto-Aleman-Puerto-Montt-3-768x513.jpg 768w\" sizes=\"(max-width: 1200px) 100vw, 1200px\" \/><\/a>\n\t\t\t<\/div><\/figure><figure class='gallery-item'>\n\t\t\t<div class='gallery-icon landscape'>\n\t\t\t\t<a data-elementor-open-lightbox=\"yes\" data-elementor-lightbox-slideshow=\"b3d7f35\" data-elementor-lightbox-title=\"Kuchen Instituto Alem\u00e1n Puerto Montt 4\" data-e-action-hash=\"#elementor-action%3Aaction%3Dlightbox%26settings%3DeyJpZCI6MjU3NDIsInVybCI6Imh0dHBzOlwvXC9pYWxlbWFuLmNsXC93cC1jb250ZW50XC91cGxvYWRzXC8yMDIzXC8xMFwvS3VjaGVuLUluc3RpdHV0by1BbGVtYW4tUHVlcnRvLU1vbnR0LTQuanBnIiwic2xpZGVzaG93IjoiYjNkN2YzNSJ9\" href='https:\/\/ialeman.cl\/wp-content\/uploads\/2023\/10\/Kuchen-Instituto-Aleman-Puerto-Montt-4.jpg'><img loading=\"lazy\" decoding=\"async\" width=\"1200\" height=\"801\" src=\"https:\/\/ialeman.cl\/wp-content\/uploads\/2023\/10\/Kuchen-Instituto-Aleman-Puerto-Montt-4.jpg\" class=\"attachment-full size-full\" alt=\"\" srcset=\"https:\/\/ialeman.cl\/wp-content\/uploads\/2023\/10\/Kuchen-Instituto-Aleman-Puerto-Montt-4.jpg 1200w, https:\/\/ialeman.cl\/wp-content\/uploads\/2023\/10\/Kuchen-Instituto-Aleman-Puerto-Montt-4-300x200.jpg 300w, https:\/\/ialeman.cl\/wp-content\/uploads\/2023\/10\/Kuchen-Instituto-Aleman-Puerto-Montt-4-1024x684.jpg 1024w, https:\/\/ialeman.cl\/wp-content\/uploads\/2023\/10\/Kuchen-Instituto-Aleman-Puerto-Montt-4-768x513.jpg 768w\" sizes=\"(max-width: 1200px) 100vw, 1200px\" \/><\/a>\n\t\t\t<\/div><\/figure><figure class='gallery-item'>\n\t\t\t<div class='gallery-icon landscape'>\n\t\t\t\t<a data-elementor-open-lightbox=\"yes\" data-elementor-lightbox-slideshow=\"b3d7f35\" data-elementor-lightbox-title=\"Kuchen Instituto Alem\u00e1n Puerto Montt 5\" data-e-action-hash=\"#elementor-action%3Aaction%3Dlightbox%26settings%3DeyJpZCI6MjU3NDMsInVybCI6Imh0dHBzOlwvXC9pYWxlbWFuLmNsXC93cC1jb250ZW50XC91cGxvYWRzXC8yMDIzXC8xMFwvS3VjaGVuLUluc3RpdHV0by1BbGVtYW4tUHVlcnRvLU1vbnR0LTUuanBnIiwic2xpZGVzaG93IjoiYjNkN2YzNSJ9\" href='https:\/\/ialeman.cl\/wp-content\/uploads\/2023\/10\/Kuchen-Instituto-Aleman-Puerto-Montt-5.jpg'><img loading=\"lazy\" decoding=\"async\" width=\"1200\" height=\"801\" src=\"https:\/\/ialeman.cl\/wp-content\/uploads\/2023\/10\/Kuchen-Instituto-Aleman-Puerto-Montt-5.jpg\" class=\"attachment-full size-full\" alt=\"\" srcset=\"https:\/\/ialeman.cl\/wp-content\/uploads\/2023\/10\/Kuchen-Instituto-Aleman-Puerto-Montt-5.jpg 1200w, https:\/\/ialeman.cl\/wp-content\/uploads\/2023\/10\/Kuchen-Instituto-Aleman-Puerto-Montt-5-300x200.jpg 300w, https:\/\/ialeman.cl\/wp-content\/uploads\/2023\/10\/Kuchen-Instituto-Aleman-Puerto-Montt-5-1024x684.jpg 1024w, https:\/\/ialeman.cl\/wp-content\/uploads\/2023\/10\/Kuchen-Instituto-Aleman-Puerto-Montt-5-768x513.jpg 768w\" sizes=\"(max-width: 1200px) 100vw, 1200px\" \/><\/a>\n\t\t\t<\/div><\/figure><figure class='gallery-item'>\n\t\t\t<div class='gallery-icon landscape'>\n\t\t\t\t<a data-elementor-open-lightbox=\"yes\" data-elementor-lightbox-slideshow=\"b3d7f35\" data-elementor-lightbox-title=\"Kuchen Instituto Alem\u00e1n Puerto Montt 6\" data-e-action-hash=\"#elementor-action%3Aaction%3Dlightbox%26settings%3DeyJpZCI6MjU3NDQsInVybCI6Imh0dHBzOlwvXC9pYWxlbWFuLmNsXC93cC1jb250ZW50XC91cGxvYWRzXC8yMDIzXC8xMFwvS3VjaGVuLUluc3RpdHV0by1BbGVtYW4tUHVlcnRvLU1vbnR0LTYuanBnIiwic2xpZGVzaG93IjoiYjNkN2YzNSJ9\" href='https:\/\/ialeman.cl\/wp-content\/uploads\/2023\/10\/Kuchen-Instituto-Aleman-Puerto-Montt-6.jpg'><img loading=\"lazy\" decoding=\"async\" width=\"1200\" height=\"801\" src=\"https:\/\/ialeman.cl\/wp-content\/uploads\/2023\/10\/Kuchen-Instituto-Aleman-Puerto-Montt-6.jpg\" class=\"attachment-full size-full\" alt=\"\" srcset=\"https:\/\/ialeman.cl\/wp-content\/uploads\/2023\/10\/Kuchen-Instituto-Aleman-Puerto-Montt-6.jpg 1200w, https:\/\/ialeman.cl\/wp-content\/uploads\/2023\/10\/Kuchen-Instituto-Aleman-Puerto-Montt-6-300x200.jpg 300w, https:\/\/ialeman.cl\/wp-content\/uploads\/2023\/10\/Kuchen-Instituto-Aleman-Puerto-Montt-6-1024x684.jpg 1024w, https:\/\/ialeman.cl\/wp-content\/uploads\/2023\/10\/Kuchen-Instituto-Aleman-Puerto-Montt-6-768x513.jpg 768w\" sizes=\"(max-width: 1200px) 100vw, 1200px\" \/><\/a>\n\t\t\t<\/div><\/figure><figure class='gallery-item'>\n\t\t\t<div class='gallery-icon landscape'>\n\t\t\t\t<a data-elementor-open-lightbox=\"yes\" data-elementor-lightbox-slideshow=\"b3d7f35\" data-elementor-lightbox-title=\"Kuchen Instituto Alem\u00e1n Puerto Montt 7\" data-e-action-hash=\"#elementor-action%3Aaction%3Dlightbox%26settings%3DeyJpZCI6MjU3NDUsInVybCI6Imh0dHBzOlwvXC9pYWxlbWFuLmNsXC93cC1jb250ZW50XC91cGxvYWRzXC8yMDIzXC8xMFwvS3VjaGVuLUluc3RpdHV0by1BbGVtYW4tUHVlcnRvLU1vbnR0LTcuanBnIiwic2xpZGVzaG93IjoiYjNkN2YzNSJ9\" href='https:\/\/ialeman.cl\/wp-content\/uploads\/2023\/10\/Kuchen-Instituto-Aleman-Puerto-Montt-7.jpg'><img loading=\"lazy\" decoding=\"async\" width=\"1200\" height=\"801\" src=\"https:\/\/ialeman.cl\/wp-content\/uploads\/2023\/10\/Kuchen-Instituto-Aleman-Puerto-Montt-7.jpg\" class=\"attachment-full size-full\" alt=\"\" srcset=\"https:\/\/ialeman.cl\/wp-content\/uploads\/2023\/10\/Kuchen-Instituto-Aleman-Puerto-Montt-7.jpg 1200w, https:\/\/ialeman.cl\/wp-content\/uploads\/2023\/10\/Kuchen-Instituto-Aleman-Puerto-Montt-7-300x200.jpg 300w, https:\/\/ialeman.cl\/wp-content\/uploads\/2023\/10\/Kuchen-Instituto-Aleman-Puerto-Montt-7-1024x684.jpg 1024w, https:\/\/ialeman.cl\/wp-content\/uploads\/2023\/10\/Kuchen-Instituto-Aleman-Puerto-Montt-7-768x513.jpg 768w\" sizes=\"(max-width: 1200px) 100vw, 1200px\" \/><\/a>\n\t\t\t<\/div><\/figure><figure class='gallery-item'>\n\t\t\t<div class='gallery-icon landscape'>\n\t\t\t\t<a data-elementor-open-lightbox=\"yes\" data-elementor-lightbox-slideshow=\"b3d7f35\" data-elementor-lightbox-title=\"Kuchen Instituto Alem\u00e1n Puerto Montt 9\" data-e-action-hash=\"#elementor-action%3Aaction%3Dlightbox%26settings%3DeyJpZCI6MjU3NDYsInVybCI6Imh0dHBzOlwvXC9pYWxlbWFuLmNsXC93cC1jb250ZW50XC91cGxvYWRzXC8yMDIzXC8xMFwvS3VjaGVuLUluc3RpdHV0by1BbGVtYW4tUHVlcnRvLU1vbnR0LTkuanBnIiwic2xpZGVzaG93IjoiYjNkN2YzNSJ9\" href='https:\/\/ialeman.cl\/wp-content\/uploads\/2023\/10\/Kuchen-Instituto-Aleman-Puerto-Montt-9.jpg'><img loading=\"lazy\" decoding=\"async\" width=\"1200\" height=\"801\" src=\"https:\/\/ialeman.cl\/wp-content\/uploads\/2023\/10\/Kuchen-Instituto-Aleman-Puerto-Montt-9.jpg\" class=\"attachment-full size-full\" alt=\"\" srcset=\"https:\/\/ialeman.cl\/wp-content\/uploads\/2023\/10\/Kuchen-Instituto-Aleman-Puerto-Montt-9.jpg 1200w, https:\/\/ialeman.cl\/wp-content\/uploads\/2023\/10\/Kuchen-Instituto-Aleman-Puerto-Montt-9-300x200.jpg 300w, https:\/\/ialeman.cl\/wp-content\/uploads\/2023\/10\/Kuchen-Instituto-Aleman-Puerto-Montt-9-1024x684.jpg 1024w, https:\/\/ialeman.cl\/wp-content\/uploads\/2023\/10\/Kuchen-Instituto-Aleman-Puerto-Montt-9-768x513.jpg 768w\" sizes=\"(max-width: 1200px) 100vw, 1200px\" \/><\/a>\n\t\t\t<\/div><\/figure><figure class='gallery-item'>\n\t\t\t<div class='gallery-icon landscape'>\n\t\t\t\t<a data-elementor-open-lightbox=\"yes\" data-elementor-lightbox-slideshow=\"b3d7f35\" data-elementor-lightbox-title=\"Kuchen Instituto Alem\u00e1n Puerto Montt 10\" data-e-action-hash=\"#elementor-action%3Aaction%3Dlightbox%26settings%3DeyJpZCI6MjU3NDcsInVybCI6Imh0dHBzOlwvXC9pYWxlbWFuLmNsXC93cC1jb250ZW50XC91cGxvYWRzXC8yMDIzXC8xMFwvS3VjaGVuLUluc3RpdHV0by1BbGVtYW4tUHVlcnRvLU1vbnR0LTEwLmpwZyIsInNsaWRlc2hvdyI6ImIzZDdmMzUifQ%3D%3D\" href='https:\/\/ialeman.cl\/wp-content\/uploads\/2023\/10\/Kuchen-Instituto-Aleman-Puerto-Montt-10.jpg'><img loading=\"lazy\" decoding=\"async\" width=\"1200\" height=\"801\" src=\"https:\/\/ialeman.cl\/wp-content\/uploads\/2023\/10\/Kuchen-Instituto-Aleman-Puerto-Montt-10.jpg\" class=\"attachment-full size-full\" alt=\"\" srcset=\"https:\/\/ialeman.cl\/wp-content\/uploads\/2023\/10\/Kuchen-Instituto-Aleman-Puerto-Montt-10.jpg 1200w, https:\/\/ialeman.cl\/wp-content\/uploads\/2023\/10\/Kuchen-Instituto-Aleman-Puerto-Montt-10-300x200.jpg 300w, https:\/\/ialeman.cl\/wp-content\/uploads\/2023\/10\/Kuchen-Instituto-Aleman-Puerto-Montt-10-1024x684.jpg 1024w, https:\/\/ialeman.cl\/wp-content\/uploads\/2023\/10\/Kuchen-Instituto-Aleman-Puerto-Montt-10-768x513.jpg 768w\" sizes=\"(max-width: 1200px) 100vw, 1200px\" \/><\/a>\n\t\t\t<\/div><\/figure><figure class='gallery-item'>\n\t\t\t<div class='gallery-icon landscape'>\n\t\t\t\t<a data-elementor-open-lightbox=\"yes\" data-elementor-lightbox-slideshow=\"b3d7f35\" data-elementor-lightbox-title=\"Aniversario Instituto Alem\u00e1n Puerto Montt 11\" data-e-action-hash=\"#elementor-action%3Aaction%3Dlightbox%26settings%3DeyJpZCI6MjU3NTEsInVybCI6Imh0dHBzOlwvXC9pYWxlbWFuLmNsXC93cC1jb250ZW50XC91cGxvYWRzXC8yMDIzXC8xMFwvQW5pdmVyc2FyaW8tSW5zdGl0dXRvLUFsZW1hbi1QdWVydG8tTW9udHQtMTEuanBnIiwic2xpZGVzaG93IjoiYjNkN2YzNSJ9\" href='https:\/\/ialeman.cl\/wp-content\/uploads\/2023\/10\/Aniversario-Instituto-Aleman-Puerto-Montt-11.jpg'><img loading=\"lazy\" decoding=\"async\" width=\"1200\" height=\"801\" src=\"https:\/\/ialeman.cl\/wp-content\/uploads\/2023\/10\/Aniversario-Instituto-Aleman-Puerto-Montt-11.jpg\" class=\"attachment-full size-full\" alt=\"\" srcset=\"https:\/\/ialeman.cl\/wp-content\/uploads\/2023\/10\/Aniversario-Instituto-Aleman-Puerto-Montt-11.jpg 1200w, https:\/\/ialeman.cl\/wp-content\/uploads\/2023\/10\/Aniversario-Instituto-Aleman-Puerto-Montt-11-300x200.jpg 300w, https:\/\/ialeman.cl\/wp-content\/uploads\/2023\/10\/Aniversario-Instituto-Aleman-Puerto-Montt-11-1024x684.jpg 1024w, https:\/\/ialeman.cl\/wp-content\/uploads\/2023\/10\/Aniversario-Instituto-Aleman-Puerto-Montt-11-768x513.jpg 768w\" sizes=\"(max-width: 1200px) 100vw, 1200px\" \/><\/a>\n\t\t\t<\/div><\/figure><figure class='gallery-item'>\n\t\t\t<div class='gallery-icon landscape'>\n\t\t\t\t<a data-elementor-open-lightbox=\"yes\" data-elementor-lightbox-slideshow=\"b3d7f35\" data-elementor-lightbox-title=\"Aniversario Instituto Alem\u00e1n Puerto Montt 12\" data-e-action-hash=\"#elementor-action%3Aaction%3Dlightbox%26settings%3DeyJpZCI6MjU3NTMsInVybCI6Imh0dHBzOlwvXC9pYWxlbWFuLmNsXC93cC1jb250ZW50XC91cGxvYWRzXC8yMDIzXC8xMFwvQW5pdmVyc2FyaW8tSW5zdGl0dXRvLUFsZW1hbi1QdWVydG8tTW9udHQtMTIuanBnIiwic2xpZGVzaG93IjoiYjNkN2YzNSJ9\" href='https:\/\/ialeman.cl\/wp-content\/uploads\/2023\/10\/Aniversario-Instituto-Aleman-Puerto-Montt-12.jpg'><img loading=\"lazy\" decoding=\"async\" width=\"1200\" height=\"801\" src=\"https:\/\/ialeman.cl\/wp-content\/uploads\/2023\/10\/Aniversario-Instituto-Aleman-Puerto-Montt-12.jpg\" class=\"attachment-full size-full\" alt=\"\" srcset=\"https:\/\/ialeman.cl\/wp-content\/uploads\/2023\/10\/Aniversario-Instituto-Aleman-Puerto-Montt-12.jpg 1200w, https:\/\/ialeman.cl\/wp-content\/uploads\/2023\/10\/Aniversario-Instituto-Aleman-Puerto-Montt-12-300x200.jpg 300w, https:\/\/ialeman.cl\/wp-content\/uploads\/2023\/10\/Aniversario-Instituto-Aleman-Puerto-Montt-12-1024x684.jpg 1024w, https:\/\/ialeman.cl\/wp-content\/uploads\/2023\/10\/Aniversario-Instituto-Aleman-Puerto-Montt-12-768x513.jpg 768w\" sizes=\"(max-width: 1200px) 100vw, 1200px\" \/><\/a>\n\t\t\t<\/div><\/figure><figure class='gallery-item'>\n\t\t\t<div class='gallery-icon landscape'>\n\t\t\t\t<a data-elementor-open-lightbox=\"yes\" data-elementor-lightbox-slideshow=\"b3d7f35\" data-elementor-lightbox-title=\"Aniversario Instituto Alem\u00e1n Puerto Montt 13\" data-e-action-hash=\"#elementor-action%3Aaction%3Dlightbox%26settings%3DeyJpZCI6MjU3NTQsInVybCI6Imh0dHBzOlwvXC9pYWxlbWFuLmNsXC93cC1jb250ZW50XC91cGxvYWRzXC8yMDIzXC8xMFwvQW5pdmVyc2FyaW8tSW5zdGl0dXRvLUFsZW1hbi1QdWVydG8tTW9udHQtMTMuanBnIiwic2xpZGVzaG93IjoiYjNkN2YzNSJ9\" href='https:\/\/ialeman.cl\/wp-content\/uploads\/2023\/10\/Aniversario-Instituto-Aleman-Puerto-Montt-13.jpg'><img loading=\"lazy\" decoding=\"async\" width=\"1200\" height=\"801\" src=\"https:\/\/ialeman.cl\/wp-content\/uploads\/2023\/10\/Aniversario-Instituto-Aleman-Puerto-Montt-13.jpg\" class=\"attachment-full size-full\" alt=\"\" srcset=\"https:\/\/ialeman.cl\/wp-content\/uploads\/2023\/10\/Aniversario-Instituto-Aleman-Puerto-Montt-13.jpg 1200w, https:\/\/ialeman.cl\/wp-content\/uploads\/2023\/10\/Aniversario-Instituto-Aleman-Puerto-Montt-13-300x200.jpg 300w, https:\/\/ialeman.cl\/wp-content\/uploads\/2023\/10\/Aniversario-Instituto-Aleman-Puerto-Montt-13-1024x684.jpg 1024w, https:\/\/ialeman.cl\/wp-content\/uploads\/2023\/10\/Aniversario-Instituto-Aleman-Puerto-Montt-13-768x513.jpg 768w\" sizes=\"(max-width: 1200px) 100vw, 1200px\" \/><\/a>\n\t\t\t<\/div><\/figure><figure class='gallery-item'>\n\t\t\t<div class='gallery-icon landscape'>\n\t\t\t\t<a data-elementor-open-lightbox=\"yes\" data-elementor-lightbox-slideshow=\"b3d7f35\" data-elementor-lightbox-title=\"Aniversario Instituto Alem\u00e1n Puerto Montt 14\" data-e-action-hash=\"#elementor-action%3Aaction%3Dlightbox%26settings%3DeyJpZCI6MjU3NTUsInVybCI6Imh0dHBzOlwvXC9pYWxlbWFuLmNsXC93cC1jb250ZW50XC91cGxvYWRzXC8yMDIzXC8xMFwvQW5pdmVyc2FyaW8tSW5zdGl0dXRvLUFsZW1hbi1QdWVydG8tTW9udHQtMTQuanBnIiwic2xpZGVzaG93IjoiYjNkN2YzNSJ9\" href='https:\/\/ialeman.cl\/wp-content\/uploads\/2023\/10\/Aniversario-Instituto-Aleman-Puerto-Montt-14.jpg'><img loading=\"lazy\" decoding=\"async\" width=\"1200\" height=\"801\" src=\"https:\/\/ialeman.cl\/wp-content\/uploads\/2023\/10\/Aniversario-Instituto-Aleman-Puerto-Montt-14.jpg\" class=\"attachment-full size-full\" alt=\"\" srcset=\"https:\/\/ialeman.cl\/wp-content\/uploads\/2023\/10\/Aniversario-Instituto-Aleman-Puerto-Montt-14.jpg 1200w, https:\/\/ialeman.cl\/wp-content\/uploads\/2023\/10\/Aniversario-Instituto-Aleman-Puerto-Montt-14-300x200.jpg 300w, https:\/\/ialeman.cl\/wp-content\/uploads\/2023\/10\/Aniversario-Instituto-Aleman-Puerto-Montt-14-1024x684.jpg 1024w, https:\/\/ialeman.cl\/wp-content\/uploads\/2023\/10\/Aniversario-Instituto-Aleman-Puerto-Montt-14-768x513.jpg 768w\" sizes=\"(max-width: 1200px) 100vw, 1200px\" \/><\/a>\n\t\t\t<\/div><\/figure><figure class='gallery-item'>\n\t\t\t<div class='gallery-icon landscape'>\n\t\t\t\t<a data-elementor-open-lightbox=\"yes\" data-elementor-lightbox-slideshow=\"b3d7f35\" data-elementor-lightbox-title=\"Aniversario Instituto Alem\u00e1n Puerto Montt 15\" data-e-action-hash=\"#elementor-action%3Aaction%3Dlightbox%26settings%3DeyJpZCI6MjU3NTYsInVybCI6Imh0dHBzOlwvXC9pYWxlbWFuLmNsXC93cC1jb250ZW50XC91cGxvYWRzXC8yMDIzXC8xMFwvQW5pdmVyc2FyaW8tSW5zdGl0dXRvLUFsZW1hbi1QdWVydG8tTW9udHQtMTUuanBnIiwic2xpZGVzaG93IjoiYjNkN2YzNSJ9\" href='https:\/\/ialeman.cl\/wp-content\/uploads\/2023\/10\/Aniversario-Instituto-Aleman-Puerto-Montt-15.jpg'><img loading=\"lazy\" decoding=\"async\" width=\"1200\" height=\"801\" src=\"https:\/\/ialeman.cl\/wp-content\/uploads\/2023\/10\/Aniversario-Instituto-Aleman-Puerto-Montt-15.jpg\" class=\"attachment-full size-full\" alt=\"\" srcset=\"https:\/\/ialeman.cl\/wp-content\/uploads\/2023\/10\/Aniversario-Instituto-Aleman-Puerto-Montt-15.jpg 1200w, https:\/\/ialeman.cl\/wp-content\/uploads\/2023\/10\/Aniversario-Instituto-Aleman-Puerto-Montt-15-300x200.jpg 300w, https:\/\/ialeman.cl\/wp-content\/uploads\/2023\/10\/Aniversario-Instituto-Aleman-Puerto-Montt-15-1024x684.jpg 1024w, https:\/\/ialeman.cl\/wp-content\/uploads\/2023\/10\/Aniversario-Instituto-Aleman-Puerto-Montt-15-768x513.jpg 768w\" sizes=\"(max-width: 1200px) 100vw, 1200px\" \/><\/a>\n\t\t\t<\/div><\/figure>\n\t\t<\/div>\n\t\t<\/div>\n\t\t\t\t\t\t<\/div>\n\t\t\t\t<\/div>\n\t\t\t\t\t<\/div>\n\t\t<\/div>\n\t\t\t\t\t<\/div>\n\t\t<\/section>\n\t\t\t\t<\/div>\n\t\t","protected":false},"excerpt":{"rendered":"<p>Actividades en Semana Aniversario Los estudiantes del Primer Ciclo participaron de divertidas actividades en la semana de aniversario del colegio. Los interesantes talleres fueron realizados por los padres y apoderados y en los juegos recreativos por los profesores, con el objetivo de ofrecer una jornada de gran alegr\u00eda y diversi\u00f3n a los ni\u00f1os y ni\u00f1as.<\/p>\n","protected":false},"author":1,"featured_media":25725,"comment_status":"closed","ping_status":"closed","sticky":false,"template":"","format":"standard","meta":{"site-sidebar-layout":"default","site-content-layout":"","ast-site-content-layout":"default","site-content-style":"default","site-sidebar-style":"default","ast-global-header-display":"","ast-banner-title-visibility":"","ast-main-header-display":"","ast-hfb-above-header-display":"","ast-hfb-below-header-display":"","ast-hfb-mobile-header-display":"","site-post-title":"disabled","ast-breadcrumbs-content":"","ast-featured-img":"disabled","footer-sml-layout":"","ast-disable-related-posts":"","theme-transparent-header-meta":"","adv-header-id-meta":"","stick-header-meta":"","header-above-stick-meta":"","header-main-stick-meta":"","header-below-stick-meta":"","astra-migrate-meta-layouts":"set","ast-page-background-enabled":"default","ast-page-background-meta":{"desktop":{"background-color":"var(--ast-global-color-4)","background-image":"","background-repeat":"repeat","background-position":"center center","background-size":"auto","background-attachment":"scroll","background-type":"","background-media":"","overlay-type":"","overlay-color":"","overlay-opacity":"","overlay-gradient":""},"tablet":{"background-color":"","background-image":"","background-repeat":"repeat","background-position":"center center","background-size":"auto","background-attachment":"scroll","background-type":"","background-media":"","overlay-type":"","overlay-color":"","overlay-opacity":"","overlay-gradient":""},"mobile":{"background-color":"","background-image":"","background-repeat":"repeat","background-position":"center center","background-size":"auto","background-attachment":"scroll","background-type":"","background-media":"","overlay-type":"","overlay-color":"","overlay-opacity":"","overlay-gradient":""}},"ast-content-background-meta":{"desktop":{"background-color":"var(--ast-global-color-5)","background-image":"","background-repeat":"repeat","background-position":"center center","background-size":"auto","background-attachment":"scroll","background-type":"","background-media":"","overlay-type":"","overlay-color":"","overlay-opacity":"","overlay-gradient":""},"tablet":{"background-color":"var(--ast-global-color-5)","background-image":"","background-repeat":"repeat","background-position":"center center","background-size":"auto","background-attachment":"scroll","background-type":"","background-media":"","overlay-type":"","overlay-color":"","overlay-opacity":"","overlay-gradient":""},"mobile":{"background-color":"var(--ast-global-color-5)","background-image":"","background-repeat":"repeat","background-position":"center center","background-size":"auto","background-attachment":"scroll","background-type":"","background-media":"","overlay-type":"","overlay-color":"","overlay-opacity":"","overlay-gradient":""}},"advanced_seo_description":"","jetpack_seo_html_title":"","jetpack_seo_noindex":false,"jetpack_seo_schema_type":"","_jetpack_newsletter_access":"","_jetpack_dont_email_post_to_subs":false,"_jetpack_newsletter_tier_id":0,"_jetpack_memberships_contains_paywalled_content":false,"_wpcom_ai_launchpad_first_post":false,"_jetpack_feature_clip_id":0,"_jetpack_memberships_contains_paid_content":false,"footnotes":"","jetpack_post_was_ever_published":false},"categories":[10],"tags":[],"class_list":["post-25723","post","type-post","status-publish","format-standard","has-post-thumbnail","hentry","category-noticias"],"jetpack_shortlink":"https:\/\/wp.me\/ph8I5c-6GT","jetpack_sharing_enabled":true,"jetpack_featured_media_url":"https:\/\/ialeman.cl\/wp-content\/uploads\/2023\/10\/Kuchen-Instituto-Aleman-Puerto-Montt-1.jpg","_links":{"self":[{"href":"https:\/\/ialeman.cl\/index.php\/wp-json\/wp\/v2\/posts\/25723","targetHints":{"allow":["GET"]}}],"collection":[{"href":"https:\/\/ialeman.cl\/index.php\/wp-json\/wp\/v2\/posts"}],"about":[{"href":"https:\/\/ialeman.cl\/index.php\/wp-json\/wp\/v2\/types\/post"}],"author":[{"embeddable":true,"href":"https:\/\/ialeman.cl\/index.php\/wp-json\/wp\/v2\/users\/1"}],"replies":[{"embeddable":true,"href":"https:\/\/ialeman.cl\/index.php\/wp-json\/wp\/v2\/comments?post=25723"}],"version-history":[{"count":24,"href":"https:\/\/ialeman.cl\/index.php\/wp-json\/wp\/v2\/posts\/25723\/revisions"}],"predecessor-version":[{"id":25766,"href":"https:\/\/ialeman.cl\/index.php\/wp-json\/wp\/v2\/posts\/25723\/revisions\/25766"}],"wp:featuredmedia":[{"embeddable":true,"href":"https:\/\/ialeman.cl\/index.php\/wp-json\/wp\/v2\/media\/25725"}],"wp:attachment":[{"href":"https:\/\/ialeman.cl\/index.php\/wp-json\/wp\/v2\/media?parent=25723"}],"wp:term":[{"taxonomy":"category","embeddable":true,"href":"https:\/\/ialeman.cl\/index.php\/wp-json\/wp\/v2\/categories?post=25723"},{"taxonomy":"post_tag","embeddable":true,"href":"https:\/\/ialeman.cl\/index.php\/wp-json\/wp\/v2\/tags?post=25723"}],"curies":[{"name":"wp","href":"https:\/\/api.w.org\/{rel}","templated":true}]}}