{"id":25219,"date":"2023-10-06T10:48:41","date_gmt":"2023-10-06T14:48:41","guid":{"rendered":"https:\/\/ialeman.cl\/?p=25219"},"modified":"2023-10-11T14:31:46","modified_gmt":"2023-10-11T18:31:46","slug":"aniversario-154o","status":"publish","type":"post","link":"https:\/\/ialeman.cl\/index.php\/aniversario-154o\/","title":{"rendered":"Aniversario 154\u00ba"},"content":{"rendered":"\t\t<div data-elementor-type=\"wp-post\" data-elementor-id=\"25219\" class=\"elementor elementor-25219\">\n\t\t\t\t\t\t<section class=\"elementor-section elementor-top-section elementor-element elementor-element-36678d6 elementor-section-boxed elementor-section-height-default elementor-section-height-default\" data-id=\"36678d6\" data-element_type=\"section\" data-e-type=\"section\">\n\t\t\t\t\t\t<div class=\"elementor-container elementor-column-gap-default\">\n\t\t\t\t\t<div class=\"elementor-column elementor-col-100 elementor-top-column elementor-element elementor-element-a3e1812\" data-id=\"a3e1812\" data-element_type=\"column\" data-e-type=\"column\">\n\t\t\t<div class=\"elementor-widget-wrap elementor-element-populated\">\n\t\t\t\t\t\t<div class=\"elementor-element elementor-element-e90888a elementor-widget elementor-widget-heading\" data-id=\"e90888a\" data-element_type=\"widget\" data-e-type=\"widget\" data-widget_type=\"heading.default\">\n\t\t\t\t<div class=\"elementor-widget-container\">\n\t\t\t\t\t<h2 class=\"elementor-heading-title elementor-size-default\">Aniversario 154\u00ba<\/h2>\t\t\t\t<\/div>\n\t\t\t\t<\/div>\n\t\t\t\t\t<\/div>\n\t\t<\/div>\n\t\t\t\t\t<\/div>\n\t\t<\/section>\n\t\t\t\t<section class=\"elementor-section elementor-top-section elementor-element elementor-element-011d392 elementor-section-boxed elementor-section-height-default elementor-section-height-default\" data-id=\"011d392\" data-element_type=\"section\" data-e-type=\"section\">\n\t\t\t\t\t\t<div class=\"elementor-container elementor-column-gap-default\">\n\t\t\t\t\t<div class=\"elementor-column elementor-col-100 elementor-top-column elementor-element elementor-element-ea7f577\" data-id=\"ea7f577\" data-element_type=\"column\" data-e-type=\"column\">\n\t\t\t<div class=\"elementor-widget-wrap elementor-element-populated\">\n\t\t\t\t\t\t<div class=\"elementor-element elementor-element-1b9359a elementor-widget elementor-widget-heading\" data-id=\"1b9359a\" data-element_type=\"widget\" data-e-type=\"widget\" data-widget_type=\"heading.default\">\n\t\t\t\t<div class=\"elementor-widget-container\">\n\t\t\t\t\t<h2 class=\"elementor-heading-title elementor-size-default\">El Instituto Alem\u00e1n de Puerto Montt celebr\u00f3 su 154\u00ba aniversario con un solemne acto.<br><br>\n\nLa ceremonia fue encabezada por la Presidenta del Directorio Sra. Patricia von Freeden y el Rector Sr. Gabriel Saldivia e invitados especiales, entre ellos el c\u00f3nsul honorario de Alemania en Puerto Montt, Sr. Georg Wammes.  <br><br>\n\nEl solemne acto por el 154\u00ba aniversario del Instituto Alem\u00e1n de Puerto Montt se realiz\u00f3 en el gimnasio 2 y cont\u00f3 con la participaci\u00f3n de toda la comunidad. En la oportunidad se present\u00f3 una rese\u00f1a hist\u00f3rica del largo camino que ha transitado el colegio.  \n<br><br>\nEn la ocasi\u00f3n, se premi\u00f3 a los funcionarios que cumplieron a\u00f1os de servicio y se reconoci\u00f3 la trayectoria del profesor de Educaci\u00f3n F\u00edsica, Sr. Juan Carlos Moreira, generando una gran ovaci\u00f3n de los asistentes, especialmente por el trabajo y compromiso que ha entregado por m\u00e1s de 40 a\u00f1os a la Schule. <br><br>\n\nLa actividad cerr\u00f3 con la tradicional cortina de agua que realizaron los voluntarios de la 2 C\u00eda. \"German\u00eda\"  de Puerto Montt a las afueras del colegio, quienes entregaron su saludo al ser instituciones con un mismo legado y tradici\u00f3n en el sur de Chile. \n<\/h2>\t\t\t\t<\/div>\n\t\t\t\t<\/div>\n\t\t\t\t\t<\/div>\n\t\t<\/div>\n\t\t\t\t\t<\/div>\n\t\t<\/section>\n\t\t\t\t<section class=\"elementor-section elementor-top-section elementor-element elementor-element-2d2227f elementor-section-boxed elementor-section-height-default elementor-section-height-default\" data-id=\"2d2227f\" data-element_type=\"section\" data-e-type=\"section\">\n\t\t\t\t\t\t<div class=\"elementor-container elementor-column-gap-default\">\n\t\t\t\t\t<div class=\"elementor-column elementor-col-100 elementor-top-column elementor-element elementor-element-20c154a\" data-id=\"20c154a\" data-element_type=\"column\" data-e-type=\"column\">\n\t\t\t<div class=\"elementor-widget-wrap elementor-element-populated\">\n\t\t\t\t\t\t<div class=\"elementor-element elementor-element-30ae03a gallery-spacing-custom elementor-widget elementor-widget-image-gallery\" data-id=\"30ae03a\" data-element_type=\"widget\" data-e-type=\"widget\" data-widget_type=\"image-gallery.default\">\n\t\t\t\t<div class=\"elementor-widget-container\">\n\t\t\t\t\t\t\t<div class=\"elementor-image-gallery\">\n\t\t\t<div id='gallery-1' class='gallery galleryid-25219 gallery-columns-2 gallery-size-full'><figure class='gallery-item'>\n\t\t\t<div class='gallery-icon landscape'>\n\t\t\t\t<a data-elementor-open-lightbox=\"yes\" data-elementor-lightbox-slideshow=\"30ae03a\" data-elementor-lightbox-title=\"aniversario 154 instituto aleman puerto montt 1\" data-e-action-hash=\"#elementor-action%3Aaction%3Dlightbox%26settings%3DeyJpZCI6MjUyMjUsInVybCI6Imh0dHBzOlwvXC9pYWxlbWFuLmNsXC93cC1jb250ZW50XC91cGxvYWRzXC8yMDIzXC8xMFwvYW5pdmVyc2FyaW8tMTU0LWluc3RpdHV0by1hbGVtYW4tcHVlcnRvLW1vbnR0LTEuanBnIiwic2xpZGVzaG93IjoiMzBhZTAzYSJ9\" href='https:\/\/ialeman.cl\/wp-content\/uploads\/2023\/10\/aniversario-154-instituto-aleman-puerto-montt-1.jpg'><img fetchpriority=\"high\" decoding=\"async\" width=\"1200\" height=\"801\" src=\"https:\/\/ialeman.cl\/wp-content\/uploads\/2023\/10\/aniversario-154-instituto-aleman-puerto-montt-1.jpg\" class=\"attachment-full size-full\" alt=\"\" srcset=\"https:\/\/ialeman.cl\/wp-content\/uploads\/2023\/10\/aniversario-154-instituto-aleman-puerto-montt-1.jpg 1200w, https:\/\/ialeman.cl\/wp-content\/uploads\/2023\/10\/aniversario-154-instituto-aleman-puerto-montt-1-300x200.jpg 300w, https:\/\/ialeman.cl\/wp-content\/uploads\/2023\/10\/aniversario-154-instituto-aleman-puerto-montt-1-1024x684.jpg 1024w, https:\/\/ialeman.cl\/wp-content\/uploads\/2023\/10\/aniversario-154-instituto-aleman-puerto-montt-1-768x513.jpg 768w\" sizes=\"(max-width: 1200px) 100vw, 1200px\" \/><\/a>\n\t\t\t<\/div><\/figure><figure class='gallery-item'>\n\t\t\t<div class='gallery-icon landscape'>\n\t\t\t\t<a data-elementor-open-lightbox=\"yes\" data-elementor-lightbox-slideshow=\"30ae03a\" data-elementor-lightbox-title=\"aniversario 154 instituto aleman puerto montt 2\" data-e-action-hash=\"#elementor-action%3Aaction%3Dlightbox%26settings%3DeyJpZCI6MjUyMjYsInVybCI6Imh0dHBzOlwvXC9pYWxlbWFuLmNsXC93cC1jb250ZW50XC91cGxvYWRzXC8yMDIzXC8xMFwvYW5pdmVyc2FyaW8tMTU0LWluc3RpdHV0by1hbGVtYW4tcHVlcnRvLW1vbnR0LTIuanBnIiwic2xpZGVzaG93IjoiMzBhZTAzYSJ9\" href='https:\/\/ialeman.cl\/wp-content\/uploads\/2023\/10\/aniversario-154-instituto-aleman-puerto-montt-2.jpg'><img decoding=\"async\" width=\"1200\" height=\"801\" src=\"https:\/\/ialeman.cl\/wp-content\/uploads\/2023\/10\/aniversario-154-instituto-aleman-puerto-montt-2.jpg\" class=\"attachment-full size-full\" alt=\"\" srcset=\"https:\/\/ialeman.cl\/wp-content\/uploads\/2023\/10\/aniversario-154-instituto-aleman-puerto-montt-2.jpg 1200w, https:\/\/ialeman.cl\/wp-content\/uploads\/2023\/10\/aniversario-154-instituto-aleman-puerto-montt-2-300x200.jpg 300w, https:\/\/ialeman.cl\/wp-content\/uploads\/2023\/10\/aniversario-154-instituto-aleman-puerto-montt-2-1024x684.jpg 1024w, https:\/\/ialeman.cl\/wp-content\/uploads\/2023\/10\/aniversario-154-instituto-aleman-puerto-montt-2-768x513.jpg 768w\" sizes=\"(max-width: 1200px) 100vw, 1200px\" \/><\/a>\n\t\t\t<\/div><\/figure><figure class='gallery-item'>\n\t\t\t<div class='gallery-icon landscape'>\n\t\t\t\t<a data-elementor-open-lightbox=\"yes\" data-elementor-lightbox-slideshow=\"30ae03a\" data-elementor-lightbox-title=\"aniversario 154 instituto aleman puerto montt 3\" data-e-action-hash=\"#elementor-action%3Aaction%3Dlightbox%26settings%3DeyJpZCI6MjUyMjcsInVybCI6Imh0dHBzOlwvXC9pYWxlbWFuLmNsXC93cC1jb250ZW50XC91cGxvYWRzXC8yMDIzXC8xMFwvYW5pdmVyc2FyaW8tMTU0LWluc3RpdHV0by1hbGVtYW4tcHVlcnRvLW1vbnR0LTMuanBnIiwic2xpZGVzaG93IjoiMzBhZTAzYSJ9\" href='https:\/\/ialeman.cl\/wp-content\/uploads\/2023\/10\/aniversario-154-instituto-aleman-puerto-montt-3.jpg'><img decoding=\"async\" width=\"1200\" height=\"801\" src=\"https:\/\/ialeman.cl\/wp-content\/uploads\/2023\/10\/aniversario-154-instituto-aleman-puerto-montt-3.jpg\" class=\"attachment-full size-full\" alt=\"\" srcset=\"https:\/\/ialeman.cl\/wp-content\/uploads\/2023\/10\/aniversario-154-instituto-aleman-puerto-montt-3.jpg 1200w, https:\/\/ialeman.cl\/wp-content\/uploads\/2023\/10\/aniversario-154-instituto-aleman-puerto-montt-3-300x200.jpg 300w, https:\/\/ialeman.cl\/wp-content\/uploads\/2023\/10\/aniversario-154-instituto-aleman-puerto-montt-3-1024x684.jpg 1024w, https:\/\/ialeman.cl\/wp-content\/uploads\/2023\/10\/aniversario-154-instituto-aleman-puerto-montt-3-768x513.jpg 768w\" sizes=\"(max-width: 1200px) 100vw, 1200px\" \/><\/a>\n\t\t\t<\/div><\/figure><figure class='gallery-item'>\n\t\t\t<div class='gallery-icon landscape'>\n\t\t\t\t<a data-elementor-open-lightbox=\"yes\" data-elementor-lightbox-slideshow=\"30ae03a\" data-elementor-lightbox-title=\"aniversario 154 instituto aleman puerto montt 4\" data-e-action-hash=\"#elementor-action%3Aaction%3Dlightbox%26settings%3DeyJpZCI6MjUyMjgsInVybCI6Imh0dHBzOlwvXC9pYWxlbWFuLmNsXC93cC1jb250ZW50XC91cGxvYWRzXC8yMDIzXC8xMFwvYW5pdmVyc2FyaW8tMTU0LWluc3RpdHV0by1hbGVtYW4tcHVlcnRvLW1vbnR0LTQuanBnIiwic2xpZGVzaG93IjoiMzBhZTAzYSJ9\" href='https:\/\/ialeman.cl\/wp-content\/uploads\/2023\/10\/aniversario-154-instituto-aleman-puerto-montt-4.jpg'><img loading=\"lazy\" decoding=\"async\" width=\"1200\" height=\"801\" src=\"https:\/\/ialeman.cl\/wp-content\/uploads\/2023\/10\/aniversario-154-instituto-aleman-puerto-montt-4.jpg\" class=\"attachment-full size-full\" alt=\"\" srcset=\"https:\/\/ialeman.cl\/wp-content\/uploads\/2023\/10\/aniversario-154-instituto-aleman-puerto-montt-4.jpg 1200w, https:\/\/ialeman.cl\/wp-content\/uploads\/2023\/10\/aniversario-154-instituto-aleman-puerto-montt-4-300x200.jpg 300w, https:\/\/ialeman.cl\/wp-content\/uploads\/2023\/10\/aniversario-154-instituto-aleman-puerto-montt-4-1024x684.jpg 1024w, https:\/\/ialeman.cl\/wp-content\/uploads\/2023\/10\/aniversario-154-instituto-aleman-puerto-montt-4-768x513.jpg 768w\" sizes=\"(max-width: 1200px) 100vw, 1200px\" \/><\/a>\n\t\t\t<\/div><\/figure><figure class='gallery-item'>\n\t\t\t<div class='gallery-icon landscape'>\n\t\t\t\t<a data-elementor-open-lightbox=\"yes\" data-elementor-lightbox-slideshow=\"30ae03a\" data-elementor-lightbox-title=\"aniversario 154 instituto aleman puerto montt 5\" data-e-action-hash=\"#elementor-action%3Aaction%3Dlightbox%26settings%3DeyJpZCI6MjUyMjksInVybCI6Imh0dHBzOlwvXC9pYWxlbWFuLmNsXC93cC1jb250ZW50XC91cGxvYWRzXC8yMDIzXC8xMFwvYW5pdmVyc2FyaW8tMTU0LWluc3RpdHV0by1hbGVtYW4tcHVlcnRvLW1vbnR0LTUuanBnIiwic2xpZGVzaG93IjoiMzBhZTAzYSJ9\" href='https:\/\/ialeman.cl\/wp-content\/uploads\/2023\/10\/aniversario-154-instituto-aleman-puerto-montt-5.jpg'><img loading=\"lazy\" decoding=\"async\" width=\"1200\" height=\"801\" src=\"https:\/\/ialeman.cl\/wp-content\/uploads\/2023\/10\/aniversario-154-instituto-aleman-puerto-montt-5.jpg\" class=\"attachment-full size-full\" alt=\"\" srcset=\"https:\/\/ialeman.cl\/wp-content\/uploads\/2023\/10\/aniversario-154-instituto-aleman-puerto-montt-5.jpg 1200w, https:\/\/ialeman.cl\/wp-content\/uploads\/2023\/10\/aniversario-154-instituto-aleman-puerto-montt-5-300x200.jpg 300w, https:\/\/ialeman.cl\/wp-content\/uploads\/2023\/10\/aniversario-154-instituto-aleman-puerto-montt-5-1024x684.jpg 1024w, https:\/\/ialeman.cl\/wp-content\/uploads\/2023\/10\/aniversario-154-instituto-aleman-puerto-montt-5-768x513.jpg 768w\" sizes=\"(max-width: 1200px) 100vw, 1200px\" \/><\/a>\n\t\t\t<\/div><\/figure><figure class='gallery-item'>\n\t\t\t<div class='gallery-icon landscape'>\n\t\t\t\t<a data-elementor-open-lightbox=\"yes\" data-elementor-lightbox-slideshow=\"30ae03a\" data-elementor-lightbox-title=\"aniversario 154 instituto aleman puerto montt 6\" data-e-action-hash=\"#elementor-action%3Aaction%3Dlightbox%26settings%3DeyJpZCI6MjUyMzAsInVybCI6Imh0dHBzOlwvXC9pYWxlbWFuLmNsXC93cC1jb250ZW50XC91cGxvYWRzXC8yMDIzXC8xMFwvYW5pdmVyc2FyaW8tMTU0LWluc3RpdHV0by1hbGVtYW4tcHVlcnRvLW1vbnR0LTYuanBnIiwic2xpZGVzaG93IjoiMzBhZTAzYSJ9\" href='https:\/\/ialeman.cl\/wp-content\/uploads\/2023\/10\/aniversario-154-instituto-aleman-puerto-montt-6.jpg'><img loading=\"lazy\" decoding=\"async\" width=\"1200\" height=\"801\" src=\"https:\/\/ialeman.cl\/wp-content\/uploads\/2023\/10\/aniversario-154-instituto-aleman-puerto-montt-6.jpg\" class=\"attachment-full size-full\" alt=\"\" srcset=\"https:\/\/ialeman.cl\/wp-content\/uploads\/2023\/10\/aniversario-154-instituto-aleman-puerto-montt-6.jpg 1200w, https:\/\/ialeman.cl\/wp-content\/uploads\/2023\/10\/aniversario-154-instituto-aleman-puerto-montt-6-300x200.jpg 300w, https:\/\/ialeman.cl\/wp-content\/uploads\/2023\/10\/aniversario-154-instituto-aleman-puerto-montt-6-1024x684.jpg 1024w, https:\/\/ialeman.cl\/wp-content\/uploads\/2023\/10\/aniversario-154-instituto-aleman-puerto-montt-6-768x513.jpg 768w\" sizes=\"(max-width: 1200px) 100vw, 1200px\" \/><\/a>\n\t\t\t<\/div><\/figure><figure class='gallery-item'>\n\t\t\t<div class='gallery-icon landscape'>\n\t\t\t\t<a data-elementor-open-lightbox=\"yes\" data-elementor-lightbox-slideshow=\"30ae03a\" data-elementor-lightbox-title=\"aniversario 154 instituto aleman puerto montt 7\" data-e-action-hash=\"#elementor-action%3Aaction%3Dlightbox%26settings%3DeyJpZCI6MjUyMzEsInVybCI6Imh0dHBzOlwvXC9pYWxlbWFuLmNsXC93cC1jb250ZW50XC91cGxvYWRzXC8yMDIzXC8xMFwvYW5pdmVyc2FyaW8tMTU0LWluc3RpdHV0by1hbGVtYW4tcHVlcnRvLW1vbnR0LTcuanBnIiwic2xpZGVzaG93IjoiMzBhZTAzYSJ9\" href='https:\/\/ialeman.cl\/wp-content\/uploads\/2023\/10\/aniversario-154-instituto-aleman-puerto-montt-7.jpg'><img loading=\"lazy\" decoding=\"async\" width=\"1200\" height=\"801\" src=\"https:\/\/ialeman.cl\/wp-content\/uploads\/2023\/10\/aniversario-154-instituto-aleman-puerto-montt-7.jpg\" class=\"attachment-full size-full\" alt=\"\" srcset=\"https:\/\/ialeman.cl\/wp-content\/uploads\/2023\/10\/aniversario-154-instituto-aleman-puerto-montt-7.jpg 1200w, https:\/\/ialeman.cl\/wp-content\/uploads\/2023\/10\/aniversario-154-instituto-aleman-puerto-montt-7-300x200.jpg 300w, https:\/\/ialeman.cl\/wp-content\/uploads\/2023\/10\/aniversario-154-instituto-aleman-puerto-montt-7-1024x684.jpg 1024w, https:\/\/ialeman.cl\/wp-content\/uploads\/2023\/10\/aniversario-154-instituto-aleman-puerto-montt-7-768x513.jpg 768w\" sizes=\"(max-width: 1200px) 100vw, 1200px\" \/><\/a>\n\t\t\t<\/div><\/figure><figure class='gallery-item'>\n\t\t\t<div class='gallery-icon landscape'>\n\t\t\t\t<a data-elementor-open-lightbox=\"yes\" data-elementor-lightbox-slideshow=\"30ae03a\" data-elementor-lightbox-title=\"aniversario 154 instituto aleman puerto montt 8\" data-e-action-hash=\"#elementor-action%3Aaction%3Dlightbox%26settings%3DeyJpZCI6MjUyMzIsInVybCI6Imh0dHBzOlwvXC9pYWxlbWFuLmNsXC93cC1jb250ZW50XC91cGxvYWRzXC8yMDIzXC8xMFwvYW5pdmVyc2FyaW8tMTU0LWluc3RpdHV0by1hbGVtYW4tcHVlcnRvLW1vbnR0LTguanBnIiwic2xpZGVzaG93IjoiMzBhZTAzYSJ9\" href='https:\/\/ialeman.cl\/wp-content\/uploads\/2023\/10\/aniversario-154-instituto-aleman-puerto-montt-8.jpg'><img loading=\"lazy\" decoding=\"async\" width=\"1200\" height=\"801\" src=\"https:\/\/ialeman.cl\/wp-content\/uploads\/2023\/10\/aniversario-154-instituto-aleman-puerto-montt-8.jpg\" class=\"attachment-full size-full\" alt=\"\" srcset=\"https:\/\/ialeman.cl\/wp-content\/uploads\/2023\/10\/aniversario-154-instituto-aleman-puerto-montt-8.jpg 1200w, https:\/\/ialeman.cl\/wp-content\/uploads\/2023\/10\/aniversario-154-instituto-aleman-puerto-montt-8-300x200.jpg 300w, https:\/\/ialeman.cl\/wp-content\/uploads\/2023\/10\/aniversario-154-instituto-aleman-puerto-montt-8-1024x684.jpg 1024w, https:\/\/ialeman.cl\/wp-content\/uploads\/2023\/10\/aniversario-154-instituto-aleman-puerto-montt-8-768x513.jpg 768w\" sizes=\"(max-width: 1200px) 100vw, 1200px\" \/><\/a>\n\t\t\t<\/div><\/figure><figure class='gallery-item'>\n\t\t\t<div class='gallery-icon landscape'>\n\t\t\t\t<a data-elementor-open-lightbox=\"yes\" data-elementor-lightbox-slideshow=\"30ae03a\" data-elementor-lightbox-title=\"aniversario 154 instituto aleman puerto montt 9\" data-e-action-hash=\"#elementor-action%3Aaction%3Dlightbox%26settings%3DeyJpZCI6MjUyMzMsInVybCI6Imh0dHBzOlwvXC9pYWxlbWFuLmNsXC93cC1jb250ZW50XC91cGxvYWRzXC8yMDIzXC8xMFwvYW5pdmVyc2FyaW8tMTU0LWluc3RpdHV0by1hbGVtYW4tcHVlcnRvLW1vbnR0LTktMS5qcGciLCJzbGlkZXNob3ciOiIzMGFlMDNhIn0%3D\" href='https:\/\/ialeman.cl\/wp-content\/uploads\/2023\/10\/aniversario-154-instituto-aleman-puerto-montt-9-1.jpg'><img loading=\"lazy\" decoding=\"async\" width=\"1200\" height=\"801\" src=\"https:\/\/ialeman.cl\/wp-content\/uploads\/2023\/10\/aniversario-154-instituto-aleman-puerto-montt-9-1.jpg\" class=\"attachment-full size-full\" alt=\"\" srcset=\"https:\/\/ialeman.cl\/wp-content\/uploads\/2023\/10\/aniversario-154-instituto-aleman-puerto-montt-9-1.jpg 1200w, https:\/\/ialeman.cl\/wp-content\/uploads\/2023\/10\/aniversario-154-instituto-aleman-puerto-montt-9-1-300x200.jpg 300w, https:\/\/ialeman.cl\/wp-content\/uploads\/2023\/10\/aniversario-154-instituto-aleman-puerto-montt-9-1-1024x684.jpg 1024w, https:\/\/ialeman.cl\/wp-content\/uploads\/2023\/10\/aniversario-154-instituto-aleman-puerto-montt-9-1-768x513.jpg 768w\" sizes=\"(max-width: 1200px) 100vw, 1200px\" \/><\/a>\n\t\t\t<\/div><\/figure><figure class='gallery-item'>\n\t\t\t<div class='gallery-icon landscape'>\n\t\t\t\t<a data-elementor-open-lightbox=\"yes\" data-elementor-lightbox-slideshow=\"30ae03a\" data-elementor-lightbox-title=\"aniversario 154 instituto aleman puerto montt 10\" data-e-action-hash=\"#elementor-action%3Aaction%3Dlightbox%26settings%3DeyJpZCI6MjUyMzQsInVybCI6Imh0dHBzOlwvXC9pYWxlbWFuLmNsXC93cC1jb250ZW50XC91cGxvYWRzXC8yMDIzXC8xMFwvYW5pdmVyc2FyaW8tMTU0LWluc3RpdHV0by1hbGVtYW4tcHVlcnRvLW1vbnR0LTEwLmpwZyIsInNsaWRlc2hvdyI6IjMwYWUwM2EifQ%3D%3D\" href='https:\/\/ialeman.cl\/wp-content\/uploads\/2023\/10\/aniversario-154-instituto-aleman-puerto-montt-10.jpg'><img loading=\"lazy\" decoding=\"async\" width=\"1200\" height=\"801\" src=\"https:\/\/ialeman.cl\/wp-content\/uploads\/2023\/10\/aniversario-154-instituto-aleman-puerto-montt-10.jpg\" class=\"attachment-full size-full\" alt=\"\" srcset=\"https:\/\/ialeman.cl\/wp-content\/uploads\/2023\/10\/aniversario-154-instituto-aleman-puerto-montt-10.jpg 1200w, https:\/\/ialeman.cl\/wp-content\/uploads\/2023\/10\/aniversario-154-instituto-aleman-puerto-montt-10-300x200.jpg 300w, https:\/\/ialeman.cl\/wp-content\/uploads\/2023\/10\/aniversario-154-instituto-aleman-puerto-montt-10-1024x684.jpg 1024w, https:\/\/ialeman.cl\/wp-content\/uploads\/2023\/10\/aniversario-154-instituto-aleman-puerto-montt-10-768x513.jpg 768w\" sizes=\"(max-width: 1200px) 100vw, 1200px\" \/><\/a>\n\t\t\t<\/div><\/figure><figure class='gallery-item'>\n\t\t\t<div class='gallery-icon landscape'>\n\t\t\t\t<a data-elementor-open-lightbox=\"yes\" data-elementor-lightbox-slideshow=\"30ae03a\" data-elementor-lightbox-title=\"aniversario 154 instituto aleman puerto montt 11\" data-e-action-hash=\"#elementor-action%3Aaction%3Dlightbox%26settings%3DeyJpZCI6MjUyMzUsInVybCI6Imh0dHBzOlwvXC9pYWxlbWFuLmNsXC93cC1jb250ZW50XC91cGxvYWRzXC8yMDIzXC8xMFwvYW5pdmVyc2FyaW8tMTU0LWluc3RpdHV0by1hbGVtYW4tcHVlcnRvLW1vbnR0LTExLmpwZyIsInNsaWRlc2hvdyI6IjMwYWUwM2EifQ%3D%3D\" href='https:\/\/ialeman.cl\/wp-content\/uploads\/2023\/10\/aniversario-154-instituto-aleman-puerto-montt-11.jpg'><img loading=\"lazy\" decoding=\"async\" width=\"1200\" height=\"801\" src=\"https:\/\/ialeman.cl\/wp-content\/uploads\/2023\/10\/aniversario-154-instituto-aleman-puerto-montt-11.jpg\" class=\"attachment-full size-full\" alt=\"\" srcset=\"https:\/\/ialeman.cl\/wp-content\/uploads\/2023\/10\/aniversario-154-instituto-aleman-puerto-montt-11.jpg 1200w, https:\/\/ialeman.cl\/wp-content\/uploads\/2023\/10\/aniversario-154-instituto-aleman-puerto-montt-11-300x200.jpg 300w, https:\/\/ialeman.cl\/wp-content\/uploads\/2023\/10\/aniversario-154-instituto-aleman-puerto-montt-11-1024x684.jpg 1024w, https:\/\/ialeman.cl\/wp-content\/uploads\/2023\/10\/aniversario-154-instituto-aleman-puerto-montt-11-768x513.jpg 768w\" sizes=\"(max-width: 1200px) 100vw, 1200px\" \/><\/a>\n\t\t\t<\/div><\/figure><figure class='gallery-item'>\n\t\t\t<div class='gallery-icon landscape'>\n\t\t\t\t<a data-elementor-open-lightbox=\"yes\" data-elementor-lightbox-slideshow=\"30ae03a\" data-elementor-lightbox-title=\"aniversario 154 instituto aleman puerto montt 12\" data-e-action-hash=\"#elementor-action%3Aaction%3Dlightbox%26settings%3DeyJpZCI6MjUyMzYsInVybCI6Imh0dHBzOlwvXC9pYWxlbWFuLmNsXC93cC1jb250ZW50XC91cGxvYWRzXC8yMDIzXC8xMFwvYW5pdmVyc2FyaW8tMTU0LWluc3RpdHV0by1hbGVtYW4tcHVlcnRvLW1vbnR0LTEyLmpwZyIsInNsaWRlc2hvdyI6IjMwYWUwM2EifQ%3D%3D\" href='https:\/\/ialeman.cl\/wp-content\/uploads\/2023\/10\/aniversario-154-instituto-aleman-puerto-montt-12.jpg'><img loading=\"lazy\" decoding=\"async\" width=\"1200\" height=\"801\" src=\"https:\/\/ialeman.cl\/wp-content\/uploads\/2023\/10\/aniversario-154-instituto-aleman-puerto-montt-12.jpg\" class=\"attachment-full size-full\" alt=\"\" srcset=\"https:\/\/ialeman.cl\/wp-content\/uploads\/2023\/10\/aniversario-154-instituto-aleman-puerto-montt-12.jpg 1200w, https:\/\/ialeman.cl\/wp-content\/uploads\/2023\/10\/aniversario-154-instituto-aleman-puerto-montt-12-300x200.jpg 300w, https:\/\/ialeman.cl\/wp-content\/uploads\/2023\/10\/aniversario-154-instituto-aleman-puerto-montt-12-1024x684.jpg 1024w, https:\/\/ialeman.cl\/wp-content\/uploads\/2023\/10\/aniversario-154-instituto-aleman-puerto-montt-12-768x513.jpg 768w\" sizes=\"(max-width: 1200px) 100vw, 1200px\" \/><\/a>\n\t\t\t<\/div><\/figure><figure class='gallery-item'>\n\t\t\t<div class='gallery-icon landscape'>\n\t\t\t\t<a data-elementor-open-lightbox=\"yes\" data-elementor-lightbox-slideshow=\"30ae03a\" data-elementor-lightbox-title=\"aniversario 154 instituto aleman puerto montt 13\" data-e-action-hash=\"#elementor-action%3Aaction%3Dlightbox%26settings%3DeyJpZCI6MjUyMzcsInVybCI6Imh0dHBzOlwvXC9pYWxlbWFuLmNsXC93cC1jb250ZW50XC91cGxvYWRzXC8yMDIzXC8xMFwvYW5pdmVyc2FyaW8tMTU0LWluc3RpdHV0by1hbGVtYW4tcHVlcnRvLW1vbnR0LTEzLmpwZyIsInNsaWRlc2hvdyI6IjMwYWUwM2EifQ%3D%3D\" href='https:\/\/ialeman.cl\/wp-content\/uploads\/2023\/10\/aniversario-154-instituto-aleman-puerto-montt-13.jpg'><img loading=\"lazy\" decoding=\"async\" width=\"1200\" height=\"801\" src=\"https:\/\/ialeman.cl\/wp-content\/uploads\/2023\/10\/aniversario-154-instituto-aleman-puerto-montt-13.jpg\" class=\"attachment-full size-full\" alt=\"\" srcset=\"https:\/\/ialeman.cl\/wp-content\/uploads\/2023\/10\/aniversario-154-instituto-aleman-puerto-montt-13.jpg 1200w, https:\/\/ialeman.cl\/wp-content\/uploads\/2023\/10\/aniversario-154-instituto-aleman-puerto-montt-13-300x200.jpg 300w, https:\/\/ialeman.cl\/wp-content\/uploads\/2023\/10\/aniversario-154-instituto-aleman-puerto-montt-13-1024x684.jpg 1024w, https:\/\/ialeman.cl\/wp-content\/uploads\/2023\/10\/aniversario-154-instituto-aleman-puerto-montt-13-768x513.jpg 768w\" sizes=\"(max-width: 1200px) 100vw, 1200px\" \/><\/a>\n\t\t\t<\/div><\/figure><figure class='gallery-item'>\n\t\t\t<div class='gallery-icon landscape'>\n\t\t\t\t<a data-elementor-open-lightbox=\"yes\" data-elementor-lightbox-slideshow=\"30ae03a\" data-elementor-lightbox-title=\"aniversario 154 instituto aleman puerto montt 14\" data-e-action-hash=\"#elementor-action%3Aaction%3Dlightbox%26settings%3DeyJpZCI6MjUyMzgsInVybCI6Imh0dHBzOlwvXC9pYWxlbWFuLmNsXC93cC1jb250ZW50XC91cGxvYWRzXC8yMDIzXC8xMFwvYW5pdmVyc2FyaW8tMTU0LWluc3RpdHV0by1hbGVtYW4tcHVlcnRvLW1vbnR0LTE0LmpwZyIsInNsaWRlc2hvdyI6IjMwYWUwM2EifQ%3D%3D\" href='https:\/\/ialeman.cl\/wp-content\/uploads\/2023\/10\/aniversario-154-instituto-aleman-puerto-montt-14.jpg'><img loading=\"lazy\" decoding=\"async\" width=\"1200\" height=\"801\" src=\"https:\/\/ialeman.cl\/wp-content\/uploads\/2023\/10\/aniversario-154-instituto-aleman-puerto-montt-14.jpg\" class=\"attachment-full size-full\" alt=\"\" srcset=\"https:\/\/ialeman.cl\/wp-content\/uploads\/2023\/10\/aniversario-154-instituto-aleman-puerto-montt-14.jpg 1200w, https:\/\/ialeman.cl\/wp-content\/uploads\/2023\/10\/aniversario-154-instituto-aleman-puerto-montt-14-300x200.jpg 300w, https:\/\/ialeman.cl\/wp-content\/uploads\/2023\/10\/aniversario-154-instituto-aleman-puerto-montt-14-1024x684.jpg 1024w, https:\/\/ialeman.cl\/wp-content\/uploads\/2023\/10\/aniversario-154-instituto-aleman-puerto-montt-14-768x513.jpg 768w\" sizes=\"(max-width: 1200px) 100vw, 1200px\" \/><\/a>\n\t\t\t<\/div><\/figure><figure class='gallery-item'>\n\t\t\t<div class='gallery-icon landscape'>\n\t\t\t\t<a data-elementor-open-lightbox=\"yes\" data-elementor-lightbox-slideshow=\"30ae03a\" data-elementor-lightbox-title=\"aniversario 154 instituto aleman puerto montt 15\" data-e-action-hash=\"#elementor-action%3Aaction%3Dlightbox%26settings%3DeyJpZCI6MjUyMzksInVybCI6Imh0dHBzOlwvXC9pYWxlbWFuLmNsXC93cC1jb250ZW50XC91cGxvYWRzXC8yMDIzXC8xMFwvYW5pdmVyc2FyaW8tMTU0LWluc3RpdHV0by1hbGVtYW4tcHVlcnRvLW1vbnR0LTE1LmpwZyIsInNsaWRlc2hvdyI6IjMwYWUwM2EifQ%3D%3D\" href='https:\/\/ialeman.cl\/wp-content\/uploads\/2023\/10\/aniversario-154-instituto-aleman-puerto-montt-15.jpg'><img loading=\"lazy\" decoding=\"async\" width=\"1200\" height=\"801\" src=\"https:\/\/ialeman.cl\/wp-content\/uploads\/2023\/10\/aniversario-154-instituto-aleman-puerto-montt-15.jpg\" class=\"attachment-full size-full\" alt=\"\" srcset=\"https:\/\/ialeman.cl\/wp-content\/uploads\/2023\/10\/aniversario-154-instituto-aleman-puerto-montt-15.jpg 1200w, https:\/\/ialeman.cl\/wp-content\/uploads\/2023\/10\/aniversario-154-instituto-aleman-puerto-montt-15-300x200.jpg 300w, https:\/\/ialeman.cl\/wp-content\/uploads\/2023\/10\/aniversario-154-instituto-aleman-puerto-montt-15-1024x684.jpg 1024w, https:\/\/ialeman.cl\/wp-content\/uploads\/2023\/10\/aniversario-154-instituto-aleman-puerto-montt-15-768x513.jpg 768w\" sizes=\"(max-width: 1200px) 100vw, 1200px\" \/><\/a>\n\t\t\t<\/div><\/figure><figure class='gallery-item'>\n\t\t\t<div class='gallery-icon landscape'>\n\t\t\t\t<a data-elementor-open-lightbox=\"yes\" data-elementor-lightbox-slideshow=\"30ae03a\" data-elementor-lightbox-title=\"aniversario 154 instituto aleman puerto montt 16\" data-e-action-hash=\"#elementor-action%3Aaction%3Dlightbox%26settings%3DeyJpZCI6MjUyNDAsInVybCI6Imh0dHBzOlwvXC9pYWxlbWFuLmNsXC93cC1jb250ZW50XC91cGxvYWRzXC8yMDIzXC8xMFwvYW5pdmVyc2FyaW8tMTU0LWluc3RpdHV0by1hbGVtYW4tcHVlcnRvLW1vbnR0LTE2LmpwZyIsInNsaWRlc2hvdyI6IjMwYWUwM2EifQ%3D%3D\" href='https:\/\/ialeman.cl\/wp-content\/uploads\/2023\/10\/aniversario-154-instituto-aleman-puerto-montt-16.jpg'><img loading=\"lazy\" decoding=\"async\" width=\"1200\" height=\"801\" src=\"https:\/\/ialeman.cl\/wp-content\/uploads\/2023\/10\/aniversario-154-instituto-aleman-puerto-montt-16.jpg\" class=\"attachment-full size-full\" alt=\"\" srcset=\"https:\/\/ialeman.cl\/wp-content\/uploads\/2023\/10\/aniversario-154-instituto-aleman-puerto-montt-16.jpg 1200w, https:\/\/ialeman.cl\/wp-content\/uploads\/2023\/10\/aniversario-154-instituto-aleman-puerto-montt-16-300x200.jpg 300w, https:\/\/ialeman.cl\/wp-content\/uploads\/2023\/10\/aniversario-154-instituto-aleman-puerto-montt-16-1024x684.jpg 1024w, https:\/\/ialeman.cl\/wp-content\/uploads\/2023\/10\/aniversario-154-instituto-aleman-puerto-montt-16-768x513.jpg 768w\" sizes=\"(max-width: 1200px) 100vw, 1200px\" \/><\/a>\n\t\t\t<\/div><\/figure><figure class='gallery-item'>\n\t\t\t<div class='gallery-icon landscape'>\n\t\t\t\t<a data-elementor-open-lightbox=\"yes\" data-elementor-lightbox-slideshow=\"30ae03a\" data-elementor-lightbox-title=\"aniversario 154 instituto aleman puerto montt 17\" data-e-action-hash=\"#elementor-action%3Aaction%3Dlightbox%26settings%3DeyJpZCI6MjUyNDEsInVybCI6Imh0dHBzOlwvXC9pYWxlbWFuLmNsXC93cC1jb250ZW50XC91cGxvYWRzXC8yMDIzXC8xMFwvYW5pdmVyc2FyaW8tMTU0LWluc3RpdHV0by1hbGVtYW4tcHVlcnRvLW1vbnR0LTE3LmpwZyIsInNsaWRlc2hvdyI6IjMwYWUwM2EifQ%3D%3D\" href='https:\/\/ialeman.cl\/wp-content\/uploads\/2023\/10\/aniversario-154-instituto-aleman-puerto-montt-17.jpg'><img loading=\"lazy\" decoding=\"async\" width=\"1200\" height=\"801\" src=\"https:\/\/ialeman.cl\/wp-content\/uploads\/2023\/10\/aniversario-154-instituto-aleman-puerto-montt-17.jpg\" class=\"attachment-full size-full\" alt=\"\" srcset=\"https:\/\/ialeman.cl\/wp-content\/uploads\/2023\/10\/aniversario-154-instituto-aleman-puerto-montt-17.jpg 1200w, https:\/\/ialeman.cl\/wp-content\/uploads\/2023\/10\/aniversario-154-instituto-aleman-puerto-montt-17-300x200.jpg 300w, https:\/\/ialeman.cl\/wp-content\/uploads\/2023\/10\/aniversario-154-instituto-aleman-puerto-montt-17-1024x684.jpg 1024w, https:\/\/ialeman.cl\/wp-content\/uploads\/2023\/10\/aniversario-154-instituto-aleman-puerto-montt-17-768x513.jpg 768w\" sizes=\"(max-width: 1200px) 100vw, 1200px\" \/><\/a>\n\t\t\t<\/div><\/figure><figure class='gallery-item'>\n\t\t\t<div class='gallery-icon landscape'>\n\t\t\t\t<a data-elementor-open-lightbox=\"yes\" data-elementor-lightbox-slideshow=\"30ae03a\" data-elementor-lightbox-title=\"aniversario 154 instituto aleman puerto montt 18\" data-e-action-hash=\"#elementor-action%3Aaction%3Dlightbox%26settings%3DeyJpZCI6MjUyNDIsInVybCI6Imh0dHBzOlwvXC9pYWxlbWFuLmNsXC93cC1jb250ZW50XC91cGxvYWRzXC8yMDIzXC8xMFwvYW5pdmVyc2FyaW8tMTU0LWluc3RpdHV0by1hbGVtYW4tcHVlcnRvLW1vbnR0LTE4LmpwZyIsInNsaWRlc2hvdyI6IjMwYWUwM2EifQ%3D%3D\" href='https:\/\/ialeman.cl\/wp-content\/uploads\/2023\/10\/aniversario-154-instituto-aleman-puerto-montt-18.jpg'><img loading=\"lazy\" decoding=\"async\" width=\"1200\" height=\"801\" src=\"https:\/\/ialeman.cl\/wp-content\/uploads\/2023\/10\/aniversario-154-instituto-aleman-puerto-montt-18.jpg\" class=\"attachment-full size-full\" alt=\"\" srcset=\"https:\/\/ialeman.cl\/wp-content\/uploads\/2023\/10\/aniversario-154-instituto-aleman-puerto-montt-18.jpg 1200w, https:\/\/ialeman.cl\/wp-content\/uploads\/2023\/10\/aniversario-154-instituto-aleman-puerto-montt-18-300x200.jpg 300w, https:\/\/ialeman.cl\/wp-content\/uploads\/2023\/10\/aniversario-154-instituto-aleman-puerto-montt-18-1024x684.jpg 1024w, https:\/\/ialeman.cl\/wp-content\/uploads\/2023\/10\/aniversario-154-instituto-aleman-puerto-montt-18-768x513.jpg 768w\" sizes=\"(max-width: 1200px) 100vw, 1200px\" \/><\/a>\n\t\t\t<\/div><\/figure><figure class='gallery-item'>\n\t\t\t<div class='gallery-icon landscape'>\n\t\t\t\t<a data-elementor-open-lightbox=\"yes\" data-elementor-lightbox-slideshow=\"30ae03a\" data-elementor-lightbox-title=\"aniversario 154 instituto aleman puerto montt 19\" data-e-action-hash=\"#elementor-action%3Aaction%3Dlightbox%26settings%3DeyJpZCI6MjUyNDMsInVybCI6Imh0dHBzOlwvXC9pYWxlbWFuLmNsXC93cC1jb250ZW50XC91cGxvYWRzXC8yMDIzXC8xMFwvYW5pdmVyc2FyaW8tMTU0LWluc3RpdHV0by1hbGVtYW4tcHVlcnRvLW1vbnR0LTE5LmpwZyIsInNsaWRlc2hvdyI6IjMwYWUwM2EifQ%3D%3D\" href='https:\/\/ialeman.cl\/wp-content\/uploads\/2023\/10\/aniversario-154-instituto-aleman-puerto-montt-19.jpg'><img loading=\"lazy\" decoding=\"async\" width=\"1200\" height=\"801\" src=\"https:\/\/ialeman.cl\/wp-content\/uploads\/2023\/10\/aniversario-154-instituto-aleman-puerto-montt-19.jpg\" class=\"attachment-full size-full\" alt=\"\" srcset=\"https:\/\/ialeman.cl\/wp-content\/uploads\/2023\/10\/aniversario-154-instituto-aleman-puerto-montt-19.jpg 1200w, https:\/\/ialeman.cl\/wp-content\/uploads\/2023\/10\/aniversario-154-instituto-aleman-puerto-montt-19-300x200.jpg 300w, https:\/\/ialeman.cl\/wp-content\/uploads\/2023\/10\/aniversario-154-instituto-aleman-puerto-montt-19-1024x684.jpg 1024w, https:\/\/ialeman.cl\/wp-content\/uploads\/2023\/10\/aniversario-154-instituto-aleman-puerto-montt-19-768x513.jpg 768w\" sizes=\"(max-width: 1200px) 100vw, 1200px\" \/><\/a>\n\t\t\t<\/div><\/figure><figure class='gallery-item'>\n\t\t\t<div class='gallery-icon landscape'>\n\t\t\t\t<a data-elementor-open-lightbox=\"yes\" data-elementor-lightbox-slideshow=\"30ae03a\" data-elementor-lightbox-title=\"aniversario 154 instituto aleman puerto montt 20\" data-e-action-hash=\"#elementor-action%3Aaction%3Dlightbox%26settings%3DeyJpZCI6MjUyNDQsInVybCI6Imh0dHBzOlwvXC9pYWxlbWFuLmNsXC93cC1jb250ZW50XC91cGxvYWRzXC8yMDIzXC8xMFwvYW5pdmVyc2FyaW8tMTU0LWluc3RpdHV0by1hbGVtYW4tcHVlcnRvLW1vbnR0LTIwLmpwZyIsInNsaWRlc2hvdyI6IjMwYWUwM2EifQ%3D%3D\" href='https:\/\/ialeman.cl\/wp-content\/uploads\/2023\/10\/aniversario-154-instituto-aleman-puerto-montt-20.jpg'><img loading=\"lazy\" decoding=\"async\" width=\"1200\" height=\"801\" src=\"https:\/\/ialeman.cl\/wp-content\/uploads\/2023\/10\/aniversario-154-instituto-aleman-puerto-montt-20.jpg\" class=\"attachment-full size-full\" alt=\"\" srcset=\"https:\/\/ialeman.cl\/wp-content\/uploads\/2023\/10\/aniversario-154-instituto-aleman-puerto-montt-20.jpg 1200w, https:\/\/ialeman.cl\/wp-content\/uploads\/2023\/10\/aniversario-154-instituto-aleman-puerto-montt-20-300x200.jpg 300w, https:\/\/ialeman.cl\/wp-content\/uploads\/2023\/10\/aniversario-154-instituto-aleman-puerto-montt-20-1024x684.jpg 1024w, https:\/\/ialeman.cl\/wp-content\/uploads\/2023\/10\/aniversario-154-instituto-aleman-puerto-montt-20-768x513.jpg 768w\" sizes=\"(max-width: 1200px) 100vw, 1200px\" \/><\/a>\n\t\t\t<\/div><\/figure><figure class='gallery-item'>\n\t\t\t<div class='gallery-icon landscape'>\n\t\t\t\t<a data-elementor-open-lightbox=\"yes\" data-elementor-lightbox-slideshow=\"30ae03a\" data-elementor-lightbox-title=\"aniversario 154 instituto aleman puerto montt 20_1\" data-e-action-hash=\"#elementor-action%3Aaction%3Dlightbox%26settings%3DeyJpZCI6MjUyNDYsInVybCI6Imh0dHBzOlwvXC9pYWxlbWFuLmNsXC93cC1jb250ZW50XC91cGxvYWRzXC8yMDIzXC8xMFwvYW5pdmVyc2FyaW8tMTU0LWluc3RpdHV0by1hbGVtYW4tcHVlcnRvLW1vbnR0LTIwXzEuanBnIiwic2xpZGVzaG93IjoiMzBhZTAzYSJ9\" href='https:\/\/ialeman.cl\/wp-content\/uploads\/2023\/10\/aniversario-154-instituto-aleman-puerto-montt-20_1.jpg'><img loading=\"lazy\" decoding=\"async\" width=\"1200\" height=\"801\" src=\"https:\/\/ialeman.cl\/wp-content\/uploads\/2023\/10\/aniversario-154-instituto-aleman-puerto-montt-20_1.jpg\" class=\"attachment-full size-full\" alt=\"\" srcset=\"https:\/\/ialeman.cl\/wp-content\/uploads\/2023\/10\/aniversario-154-instituto-aleman-puerto-montt-20_1.jpg 1200w, https:\/\/ialeman.cl\/wp-content\/uploads\/2023\/10\/aniversario-154-instituto-aleman-puerto-montt-20_1-300x200.jpg 300w, https:\/\/ialeman.cl\/wp-content\/uploads\/2023\/10\/aniversario-154-instituto-aleman-puerto-montt-20_1-1024x684.jpg 1024w, https:\/\/ialeman.cl\/wp-content\/uploads\/2023\/10\/aniversario-154-instituto-aleman-puerto-montt-20_1-768x513.jpg 768w\" sizes=\"(max-width: 1200px) 100vw, 1200px\" \/><\/a>\n\t\t\t<\/div><\/figure><figure class='gallery-item'>\n\t\t\t<div class='gallery-icon landscape'>\n\t\t\t\t<a data-elementor-open-lightbox=\"yes\" data-elementor-lightbox-slideshow=\"30ae03a\" data-elementor-lightbox-title=\"aniversario 154 instituto aleman puerto montt 21\" data-e-action-hash=\"#elementor-action%3Aaction%3Dlightbox%26settings%3DeyJpZCI6MjUyNDcsInVybCI6Imh0dHBzOlwvXC9pYWxlbWFuLmNsXC93cC1jb250ZW50XC91cGxvYWRzXC8yMDIzXC8xMFwvYW5pdmVyc2FyaW8tMTU0LWluc3RpdHV0by1hbGVtYW4tcHVlcnRvLW1vbnR0LTIxLmpwZyIsInNsaWRlc2hvdyI6IjMwYWUwM2EifQ%3D%3D\" href='https:\/\/ialeman.cl\/wp-content\/uploads\/2023\/10\/aniversario-154-instituto-aleman-puerto-montt-21.jpg'><img loading=\"lazy\" decoding=\"async\" width=\"1200\" height=\"801\" src=\"https:\/\/ialeman.cl\/wp-content\/uploads\/2023\/10\/aniversario-154-instituto-aleman-puerto-montt-21.jpg\" class=\"attachment-full size-full\" alt=\"\" srcset=\"https:\/\/ialeman.cl\/wp-content\/uploads\/2023\/10\/aniversario-154-instituto-aleman-puerto-montt-21.jpg 1200w, https:\/\/ialeman.cl\/wp-content\/uploads\/2023\/10\/aniversario-154-instituto-aleman-puerto-montt-21-300x200.jpg 300w, https:\/\/ialeman.cl\/wp-content\/uploads\/2023\/10\/aniversario-154-instituto-aleman-puerto-montt-21-1024x684.jpg 1024w, https:\/\/ialeman.cl\/wp-content\/uploads\/2023\/10\/aniversario-154-instituto-aleman-puerto-montt-21-768x513.jpg 768w\" sizes=\"(max-width: 1200px) 100vw, 1200px\" \/><\/a>\n\t\t\t<\/div><\/figure><figure class='gallery-item'>\n\t\t\t<div class='gallery-icon landscape'>\n\t\t\t\t<a data-elementor-open-lightbox=\"yes\" data-elementor-lightbox-slideshow=\"30ae03a\" data-elementor-lightbox-title=\"aniversario 154 instituto aleman puerto montt 22\" data-e-action-hash=\"#elementor-action%3Aaction%3Dlightbox%26settings%3DeyJpZCI6MjUyNDgsInVybCI6Imh0dHBzOlwvXC9pYWxlbWFuLmNsXC93cC1jb250ZW50XC91cGxvYWRzXC8yMDIzXC8xMFwvYW5pdmVyc2FyaW8tMTU0LWluc3RpdHV0by1hbGVtYW4tcHVlcnRvLW1vbnR0LTIyLmpwZyIsInNsaWRlc2hvdyI6IjMwYWUwM2EifQ%3D%3D\" href='https:\/\/ialeman.cl\/wp-content\/uploads\/2023\/10\/aniversario-154-instituto-aleman-puerto-montt-22.jpg'><img loading=\"lazy\" decoding=\"async\" width=\"1200\" height=\"801\" src=\"https:\/\/ialeman.cl\/wp-content\/uploads\/2023\/10\/aniversario-154-instituto-aleman-puerto-montt-22.jpg\" class=\"attachment-full size-full\" alt=\"\" srcset=\"https:\/\/ialeman.cl\/wp-content\/uploads\/2023\/10\/aniversario-154-instituto-aleman-puerto-montt-22.jpg 1200w, https:\/\/ialeman.cl\/wp-content\/uploads\/2023\/10\/aniversario-154-instituto-aleman-puerto-montt-22-300x200.jpg 300w, https:\/\/ialeman.cl\/wp-content\/uploads\/2023\/10\/aniversario-154-instituto-aleman-puerto-montt-22-1024x684.jpg 1024w, https:\/\/ialeman.cl\/wp-content\/uploads\/2023\/10\/aniversario-154-instituto-aleman-puerto-montt-22-768x513.jpg 768w\" sizes=\"(max-width: 1200px) 100vw, 1200px\" \/><\/a>\n\t\t\t<\/div><\/figure><figure class='gallery-item'>\n\t\t\t<div class='gallery-icon landscape'>\n\t\t\t\t<a data-elementor-open-lightbox=\"yes\" data-elementor-lightbox-slideshow=\"30ae03a\" data-elementor-lightbox-title=\"aniversario 154 instituto aleman puerto montt 23\" data-e-action-hash=\"#elementor-action%3Aaction%3Dlightbox%26settings%3DeyJpZCI6MjUyNDksInVybCI6Imh0dHBzOlwvXC9pYWxlbWFuLmNsXC93cC1jb250ZW50XC91cGxvYWRzXC8yMDIzXC8xMFwvYW5pdmVyc2FyaW8tMTU0LWluc3RpdHV0by1hbGVtYW4tcHVlcnRvLW1vbnR0LTIzLmpwZyIsInNsaWRlc2hvdyI6IjMwYWUwM2EifQ%3D%3D\" href='https:\/\/ialeman.cl\/wp-content\/uploads\/2023\/10\/aniversario-154-instituto-aleman-puerto-montt-23.jpg'><img loading=\"lazy\" decoding=\"async\" width=\"1200\" height=\"801\" src=\"https:\/\/ialeman.cl\/wp-content\/uploads\/2023\/10\/aniversario-154-instituto-aleman-puerto-montt-23.jpg\" class=\"attachment-full size-full\" alt=\"\" srcset=\"https:\/\/ialeman.cl\/wp-content\/uploads\/2023\/10\/aniversario-154-instituto-aleman-puerto-montt-23.jpg 1200w, https:\/\/ialeman.cl\/wp-content\/uploads\/2023\/10\/aniversario-154-instituto-aleman-puerto-montt-23-300x200.jpg 300w, https:\/\/ialeman.cl\/wp-content\/uploads\/2023\/10\/aniversario-154-instituto-aleman-puerto-montt-23-1024x684.jpg 1024w, https:\/\/ialeman.cl\/wp-content\/uploads\/2023\/10\/aniversario-154-instituto-aleman-puerto-montt-23-768x513.jpg 768w\" sizes=\"(max-width: 1200px) 100vw, 1200px\" \/><\/a>\n\t\t\t<\/div><\/figure><figure class='gallery-item'>\n\t\t\t<div class='gallery-icon landscape'>\n\t\t\t\t<a data-elementor-open-lightbox=\"yes\" data-elementor-lightbox-slideshow=\"30ae03a\" data-elementor-lightbox-title=\"aniversario 154 instituto aleman puerto montt 24\" data-e-action-hash=\"#elementor-action%3Aaction%3Dlightbox%26settings%3DeyJpZCI6MjUyNTAsInVybCI6Imh0dHBzOlwvXC9pYWxlbWFuLmNsXC93cC1jb250ZW50XC91cGxvYWRzXC8yMDIzXC8xMFwvYW5pdmVyc2FyaW8tMTU0LWluc3RpdHV0by1hbGVtYW4tcHVlcnRvLW1vbnR0LTI0LmpwZyIsInNsaWRlc2hvdyI6IjMwYWUwM2EifQ%3D%3D\" href='https:\/\/ialeman.cl\/wp-content\/uploads\/2023\/10\/aniversario-154-instituto-aleman-puerto-montt-24.jpg'><img loading=\"lazy\" decoding=\"async\" width=\"1200\" height=\"801\" src=\"https:\/\/ialeman.cl\/wp-content\/uploads\/2023\/10\/aniversario-154-instituto-aleman-puerto-montt-24.jpg\" class=\"attachment-full size-full\" alt=\"\" srcset=\"https:\/\/ialeman.cl\/wp-content\/uploads\/2023\/10\/aniversario-154-instituto-aleman-puerto-montt-24.jpg 1200w, https:\/\/ialeman.cl\/wp-content\/uploads\/2023\/10\/aniversario-154-instituto-aleman-puerto-montt-24-300x200.jpg 300w, https:\/\/ialeman.cl\/wp-content\/uploads\/2023\/10\/aniversario-154-instituto-aleman-puerto-montt-24-1024x684.jpg 1024w, https:\/\/ialeman.cl\/wp-content\/uploads\/2023\/10\/aniversario-154-instituto-aleman-puerto-montt-24-768x513.jpg 768w\" sizes=\"(max-width: 1200px) 100vw, 1200px\" \/><\/a>\n\t\t\t<\/div><\/figure><figure class='gallery-item'>\n\t\t\t<div class='gallery-icon landscape'>\n\t\t\t\t<a data-elementor-open-lightbox=\"yes\" data-elementor-lightbox-slideshow=\"30ae03a\" data-elementor-lightbox-title=\"aniversario 154 instituto aleman puerto montt 25\" data-e-action-hash=\"#elementor-action%3Aaction%3Dlightbox%26settings%3DeyJpZCI6MjUyNTEsInVybCI6Imh0dHBzOlwvXC9pYWxlbWFuLmNsXC93cC1jb250ZW50XC91cGxvYWRzXC8yMDIzXC8xMFwvYW5pdmVyc2FyaW8tMTU0LWluc3RpdHV0by1hbGVtYW4tcHVlcnRvLW1vbnR0LTI1LmpwZyIsInNsaWRlc2hvdyI6IjMwYWUwM2EifQ%3D%3D\" href='https:\/\/ialeman.cl\/wp-content\/uploads\/2023\/10\/aniversario-154-instituto-aleman-puerto-montt-25.jpg'><img loading=\"lazy\" decoding=\"async\" width=\"1200\" height=\"801\" src=\"https:\/\/ialeman.cl\/wp-content\/uploads\/2023\/10\/aniversario-154-instituto-aleman-puerto-montt-25.jpg\" class=\"attachment-full size-full\" alt=\"\" srcset=\"https:\/\/ialeman.cl\/wp-content\/uploads\/2023\/10\/aniversario-154-instituto-aleman-puerto-montt-25.jpg 1200w, https:\/\/ialeman.cl\/wp-content\/uploads\/2023\/10\/aniversario-154-instituto-aleman-puerto-montt-25-300x200.jpg 300w, https:\/\/ialeman.cl\/wp-content\/uploads\/2023\/10\/aniversario-154-instituto-aleman-puerto-montt-25-1024x684.jpg 1024w, https:\/\/ialeman.cl\/wp-content\/uploads\/2023\/10\/aniversario-154-instituto-aleman-puerto-montt-25-768x513.jpg 768w\" sizes=\"(max-width: 1200px) 100vw, 1200px\" \/><\/a>\n\t\t\t<\/div><\/figure><figure class='gallery-item'>\n\t\t\t<div class='gallery-icon landscape'>\n\t\t\t\t<a data-elementor-open-lightbox=\"yes\" data-elementor-lightbox-slideshow=\"30ae03a\" data-elementor-lightbox-title=\"aniversario 154 instituto aleman puerto montt 26\" data-e-action-hash=\"#elementor-action%3Aaction%3Dlightbox%26settings%3DeyJpZCI6MjUyNTIsInVybCI6Imh0dHBzOlwvXC9pYWxlbWFuLmNsXC93cC1jb250ZW50XC91cGxvYWRzXC8yMDIzXC8xMFwvYW5pdmVyc2FyaW8tMTU0LWluc3RpdHV0by1hbGVtYW4tcHVlcnRvLW1vbnR0LTI2LmpwZyIsInNsaWRlc2hvdyI6IjMwYWUwM2EifQ%3D%3D\" href='https:\/\/ialeman.cl\/wp-content\/uploads\/2023\/10\/aniversario-154-instituto-aleman-puerto-montt-26.jpg'><img loading=\"lazy\" decoding=\"async\" width=\"1200\" height=\"801\" src=\"https:\/\/ialeman.cl\/wp-content\/uploads\/2023\/10\/aniversario-154-instituto-aleman-puerto-montt-26.jpg\" class=\"attachment-full size-full\" alt=\"\" srcset=\"https:\/\/ialeman.cl\/wp-content\/uploads\/2023\/10\/aniversario-154-instituto-aleman-puerto-montt-26.jpg 1200w, https:\/\/ialeman.cl\/wp-content\/uploads\/2023\/10\/aniversario-154-instituto-aleman-puerto-montt-26-300x200.jpg 300w, https:\/\/ialeman.cl\/wp-content\/uploads\/2023\/10\/aniversario-154-instituto-aleman-puerto-montt-26-1024x684.jpg 1024w, https:\/\/ialeman.cl\/wp-content\/uploads\/2023\/10\/aniversario-154-instituto-aleman-puerto-montt-26-768x513.jpg 768w\" sizes=\"(max-width: 1200px) 100vw, 1200px\" \/><\/a>\n\t\t\t<\/div><\/figure><figure class='gallery-item'>\n\t\t\t<div class='gallery-icon landscape'>\n\t\t\t\t<a data-elementor-open-lightbox=\"yes\" data-elementor-lightbox-slideshow=\"30ae03a\" data-elementor-lightbox-title=\"aniversario 154 instituto aleman puerto montt 27\" data-e-action-hash=\"#elementor-action%3Aaction%3Dlightbox%26settings%3DeyJpZCI6MjUyNTMsInVybCI6Imh0dHBzOlwvXC9pYWxlbWFuLmNsXC93cC1jb250ZW50XC91cGxvYWRzXC8yMDIzXC8xMFwvYW5pdmVyc2FyaW8tMTU0LWluc3RpdHV0by1hbGVtYW4tcHVlcnRvLW1vbnR0LTI3LmpwZyIsInNsaWRlc2hvdyI6IjMwYWUwM2EifQ%3D%3D\" href='https:\/\/ialeman.cl\/wp-content\/uploads\/2023\/10\/aniversario-154-instituto-aleman-puerto-montt-27.jpg'><img loading=\"lazy\" decoding=\"async\" width=\"1200\" height=\"801\" src=\"https:\/\/ialeman.cl\/wp-content\/uploads\/2023\/10\/aniversario-154-instituto-aleman-puerto-montt-27.jpg\" class=\"attachment-full size-full\" alt=\"\" srcset=\"https:\/\/ialeman.cl\/wp-content\/uploads\/2023\/10\/aniversario-154-instituto-aleman-puerto-montt-27.jpg 1200w, https:\/\/ialeman.cl\/wp-content\/uploads\/2023\/10\/aniversario-154-instituto-aleman-puerto-montt-27-300x200.jpg 300w, https:\/\/ialeman.cl\/wp-content\/uploads\/2023\/10\/aniversario-154-instituto-aleman-puerto-montt-27-1024x684.jpg 1024w, https:\/\/ialeman.cl\/wp-content\/uploads\/2023\/10\/aniversario-154-instituto-aleman-puerto-montt-27-768x513.jpg 768w\" sizes=\"(max-width: 1200px) 100vw, 1200px\" \/><\/a>\n\t\t\t<\/div><\/figure><figure class='gallery-item'>\n\t\t\t<div class='gallery-icon landscape'>\n\t\t\t\t<a data-elementor-open-lightbox=\"yes\" data-elementor-lightbox-slideshow=\"30ae03a\" data-elementor-lightbox-title=\"aniversario 154 instituto aleman puerto montt 28\" data-e-action-hash=\"#elementor-action%3Aaction%3Dlightbox%26settings%3DeyJpZCI6MjUyNTQsInVybCI6Imh0dHBzOlwvXC9pYWxlbWFuLmNsXC93cC1jb250ZW50XC91cGxvYWRzXC8yMDIzXC8xMFwvYW5pdmVyc2FyaW8tMTU0LWluc3RpdHV0by1hbGVtYW4tcHVlcnRvLW1vbnR0LTI4LmpwZyIsInNsaWRlc2hvdyI6IjMwYWUwM2EifQ%3D%3D\" href='https:\/\/ialeman.cl\/wp-content\/uploads\/2023\/10\/aniversario-154-instituto-aleman-puerto-montt-28.jpg'><img loading=\"lazy\" decoding=\"async\" width=\"1200\" height=\"801\" src=\"https:\/\/ialeman.cl\/wp-content\/uploads\/2023\/10\/aniversario-154-instituto-aleman-puerto-montt-28.jpg\" class=\"attachment-full size-full\" alt=\"\" srcset=\"https:\/\/ialeman.cl\/wp-content\/uploads\/2023\/10\/aniversario-154-instituto-aleman-puerto-montt-28.jpg 1200w, https:\/\/ialeman.cl\/wp-content\/uploads\/2023\/10\/aniversario-154-instituto-aleman-puerto-montt-28-300x200.jpg 300w, https:\/\/ialeman.cl\/wp-content\/uploads\/2023\/10\/aniversario-154-instituto-aleman-puerto-montt-28-1024x684.jpg 1024w, https:\/\/ialeman.cl\/wp-content\/uploads\/2023\/10\/aniversario-154-instituto-aleman-puerto-montt-28-768x513.jpg 768w\" sizes=\"(max-width: 1200px) 100vw, 1200px\" \/><\/a>\n\t\t\t<\/div><\/figure><figure class='gallery-item'>\n\t\t\t<div class='gallery-icon landscape'>\n\t\t\t\t<a data-elementor-open-lightbox=\"yes\" data-elementor-lightbox-slideshow=\"30ae03a\" data-elementor-lightbox-title=\"aniversario 154 instituto aleman puerto montt 29\" data-e-action-hash=\"#elementor-action%3Aaction%3Dlightbox%26settings%3DeyJpZCI6MjUyNTUsInVybCI6Imh0dHBzOlwvXC9pYWxlbWFuLmNsXC93cC1jb250ZW50XC91cGxvYWRzXC8yMDIzXC8xMFwvYW5pdmVyc2FyaW8tMTU0LWluc3RpdHV0by1hbGVtYW4tcHVlcnRvLW1vbnR0LTI5LmpwZyIsInNsaWRlc2hvdyI6IjMwYWUwM2EifQ%3D%3D\" href='https:\/\/ialeman.cl\/wp-content\/uploads\/2023\/10\/aniversario-154-instituto-aleman-puerto-montt-29.jpg'><img loading=\"lazy\" decoding=\"async\" width=\"1200\" height=\"801\" src=\"https:\/\/ialeman.cl\/wp-content\/uploads\/2023\/10\/aniversario-154-instituto-aleman-puerto-montt-29.jpg\" class=\"attachment-full size-full\" alt=\"\" srcset=\"https:\/\/ialeman.cl\/wp-content\/uploads\/2023\/10\/aniversario-154-instituto-aleman-puerto-montt-29.jpg 1200w, https:\/\/ialeman.cl\/wp-content\/uploads\/2023\/10\/aniversario-154-instituto-aleman-puerto-montt-29-300x200.jpg 300w, https:\/\/ialeman.cl\/wp-content\/uploads\/2023\/10\/aniversario-154-instituto-aleman-puerto-montt-29-1024x684.jpg 1024w, https:\/\/ialeman.cl\/wp-content\/uploads\/2023\/10\/aniversario-154-instituto-aleman-puerto-montt-29-768x513.jpg 768w\" sizes=\"(max-width: 1200px) 100vw, 1200px\" \/><\/a>\n\t\t\t<\/div><\/figure><figure class='gallery-item'>\n\t\t\t<div class='gallery-icon landscape'>\n\t\t\t\t<a data-elementor-open-lightbox=\"yes\" data-elementor-lightbox-slideshow=\"30ae03a\" data-elementor-lightbox-title=\"aniversario 154 instituto aleman puerto montt 30\" data-e-action-hash=\"#elementor-action%3Aaction%3Dlightbox%26settings%3DeyJpZCI6MjUyNTYsInVybCI6Imh0dHBzOlwvXC9pYWxlbWFuLmNsXC93cC1jb250ZW50XC91cGxvYWRzXC8yMDIzXC8xMFwvYW5pdmVyc2FyaW8tMTU0LWluc3RpdHV0by1hbGVtYW4tcHVlcnRvLW1vbnR0LTMwLmpwZyIsInNsaWRlc2hvdyI6IjMwYWUwM2EifQ%3D%3D\" href='https:\/\/ialeman.cl\/wp-content\/uploads\/2023\/10\/aniversario-154-instituto-aleman-puerto-montt-30.jpg'><img loading=\"lazy\" decoding=\"async\" width=\"1200\" height=\"801\" src=\"https:\/\/ialeman.cl\/wp-content\/uploads\/2023\/10\/aniversario-154-instituto-aleman-puerto-montt-30.jpg\" class=\"attachment-full size-full\" alt=\"\" srcset=\"https:\/\/ialeman.cl\/wp-content\/uploads\/2023\/10\/aniversario-154-instituto-aleman-puerto-montt-30.jpg 1200w, https:\/\/ialeman.cl\/wp-content\/uploads\/2023\/10\/aniversario-154-instituto-aleman-puerto-montt-30-300x200.jpg 300w, https:\/\/ialeman.cl\/wp-content\/uploads\/2023\/10\/aniversario-154-instituto-aleman-puerto-montt-30-1024x684.jpg 1024w, https:\/\/ialeman.cl\/wp-content\/uploads\/2023\/10\/aniversario-154-instituto-aleman-puerto-montt-30-768x513.jpg 768w\" sizes=\"(max-width: 1200px) 100vw, 1200px\" \/><\/a>\n\t\t\t<\/div><\/figure><figure class='gallery-item'>\n\t\t\t<div class='gallery-icon landscape'>\n\t\t\t\t<a data-elementor-open-lightbox=\"yes\" data-elementor-lightbox-slideshow=\"30ae03a\" data-elementor-lightbox-title=\"aniversario 154 instituto aleman puerto montt 31\" data-e-action-hash=\"#elementor-action%3Aaction%3Dlightbox%26settings%3DeyJpZCI6MjUyNTcsInVybCI6Imh0dHBzOlwvXC9pYWxlbWFuLmNsXC93cC1jb250ZW50XC91cGxvYWRzXC8yMDIzXC8xMFwvYW5pdmVyc2FyaW8tMTU0LWluc3RpdHV0by1hbGVtYW4tcHVlcnRvLW1vbnR0LTMxLmpwZyIsInNsaWRlc2hvdyI6IjMwYWUwM2EifQ%3D%3D\" href='https:\/\/ialeman.cl\/wp-content\/uploads\/2023\/10\/aniversario-154-instituto-aleman-puerto-montt-31.jpg'><img loading=\"lazy\" decoding=\"async\" width=\"1200\" height=\"801\" src=\"https:\/\/ialeman.cl\/wp-content\/uploads\/2023\/10\/aniversario-154-instituto-aleman-puerto-montt-31.jpg\" class=\"attachment-full size-full\" alt=\"\" srcset=\"https:\/\/ialeman.cl\/wp-content\/uploads\/2023\/10\/aniversario-154-instituto-aleman-puerto-montt-31.jpg 1200w, https:\/\/ialeman.cl\/wp-content\/uploads\/2023\/10\/aniversario-154-instituto-aleman-puerto-montt-31-300x200.jpg 300w, https:\/\/ialeman.cl\/wp-content\/uploads\/2023\/10\/aniversario-154-instituto-aleman-puerto-montt-31-1024x684.jpg 1024w, https:\/\/ialeman.cl\/wp-content\/uploads\/2023\/10\/aniversario-154-instituto-aleman-puerto-montt-31-768x513.jpg 768w\" sizes=\"(max-width: 1200px) 100vw, 1200px\" \/><\/a>\n\t\t\t<\/div><\/figure><figure class='gallery-item'>\n\t\t\t<div class='gallery-icon landscape'>\n\t\t\t\t<a data-elementor-open-lightbox=\"yes\" data-elementor-lightbox-slideshow=\"30ae03a\" data-elementor-lightbox-title=\"aniversario 154 instituto aleman puerto montt 32\" data-e-action-hash=\"#elementor-action%3Aaction%3Dlightbox%26settings%3DeyJpZCI6MjUyNTgsInVybCI6Imh0dHBzOlwvXC9pYWxlbWFuLmNsXC93cC1jb250ZW50XC91cGxvYWRzXC8yMDIzXC8xMFwvYW5pdmVyc2FyaW8tMTU0LWluc3RpdHV0by1hbGVtYW4tcHVlcnRvLW1vbnR0LTMyLmpwZyIsInNsaWRlc2hvdyI6IjMwYWUwM2EifQ%3D%3D\" href='https:\/\/ialeman.cl\/wp-content\/uploads\/2023\/10\/aniversario-154-instituto-aleman-puerto-montt-32.jpg'><img loading=\"lazy\" decoding=\"async\" width=\"1200\" height=\"801\" src=\"https:\/\/ialeman.cl\/wp-content\/uploads\/2023\/10\/aniversario-154-instituto-aleman-puerto-montt-32.jpg\" class=\"attachment-full size-full\" alt=\"\" srcset=\"https:\/\/ialeman.cl\/wp-content\/uploads\/2023\/10\/aniversario-154-instituto-aleman-puerto-montt-32.jpg 1200w, https:\/\/ialeman.cl\/wp-content\/uploads\/2023\/10\/aniversario-154-instituto-aleman-puerto-montt-32-300x200.jpg 300w, https:\/\/ialeman.cl\/wp-content\/uploads\/2023\/10\/aniversario-154-instituto-aleman-puerto-montt-32-1024x684.jpg 1024w, https:\/\/ialeman.cl\/wp-content\/uploads\/2023\/10\/aniversario-154-instituto-aleman-puerto-montt-32-768x513.jpg 768w\" sizes=\"(max-width: 1200px) 100vw, 1200px\" \/><\/a>\n\t\t\t<\/div><\/figure><figure class='gallery-item'>\n\t\t\t<div class='gallery-icon landscape'>\n\t\t\t\t<a data-elementor-open-lightbox=\"yes\" data-elementor-lightbox-slideshow=\"30ae03a\" data-elementor-lightbox-title=\"aniversario 154 instituto aleman puerto montt 33\" data-e-action-hash=\"#elementor-action%3Aaction%3Dlightbox%26settings%3DeyJpZCI6MjUyNTksInVybCI6Imh0dHBzOlwvXC9pYWxlbWFuLmNsXC93cC1jb250ZW50XC91cGxvYWRzXC8yMDIzXC8xMFwvYW5pdmVyc2FyaW8tMTU0LWluc3RpdHV0by1hbGVtYW4tcHVlcnRvLW1vbnR0LTMzLmpwZyIsInNsaWRlc2hvdyI6IjMwYWUwM2EifQ%3D%3D\" href='https:\/\/ialeman.cl\/wp-content\/uploads\/2023\/10\/aniversario-154-instituto-aleman-puerto-montt-33.jpg'><img loading=\"lazy\" decoding=\"async\" width=\"1200\" height=\"801\" src=\"https:\/\/ialeman.cl\/wp-content\/uploads\/2023\/10\/aniversario-154-instituto-aleman-puerto-montt-33.jpg\" class=\"attachment-full size-full\" alt=\"\" srcset=\"https:\/\/ialeman.cl\/wp-content\/uploads\/2023\/10\/aniversario-154-instituto-aleman-puerto-montt-33.jpg 1200w, https:\/\/ialeman.cl\/wp-content\/uploads\/2023\/10\/aniversario-154-instituto-aleman-puerto-montt-33-300x200.jpg 300w, https:\/\/ialeman.cl\/wp-content\/uploads\/2023\/10\/aniversario-154-instituto-aleman-puerto-montt-33-1024x684.jpg 1024w, https:\/\/ialeman.cl\/wp-content\/uploads\/2023\/10\/aniversario-154-instituto-aleman-puerto-montt-33-768x513.jpg 768w\" sizes=\"(max-width: 1200px) 100vw, 1200px\" \/><\/a>\n\t\t\t<\/div><\/figure><figure class='gallery-item'>\n\t\t\t<div class='gallery-icon landscape'>\n\t\t\t\t<a data-elementor-open-lightbox=\"yes\" data-elementor-lightbox-slideshow=\"30ae03a\" data-elementor-lightbox-title=\"aniversario 154 instituto aleman puerto montt 34\" data-e-action-hash=\"#elementor-action%3Aaction%3Dlightbox%26settings%3DeyJpZCI6MjUyNjAsInVybCI6Imh0dHBzOlwvXC9pYWxlbWFuLmNsXC93cC1jb250ZW50XC91cGxvYWRzXC8yMDIzXC8xMFwvYW5pdmVyc2FyaW8tMTU0LWluc3RpdHV0by1hbGVtYW4tcHVlcnRvLW1vbnR0LTM0LmpwZyIsInNsaWRlc2hvdyI6IjMwYWUwM2EifQ%3D%3D\" href='https:\/\/ialeman.cl\/wp-content\/uploads\/2023\/10\/aniversario-154-instituto-aleman-puerto-montt-34.jpg'><img loading=\"lazy\" decoding=\"async\" width=\"1200\" height=\"801\" src=\"https:\/\/ialeman.cl\/wp-content\/uploads\/2023\/10\/aniversario-154-instituto-aleman-puerto-montt-34.jpg\" class=\"attachment-full size-full\" alt=\"\" srcset=\"https:\/\/ialeman.cl\/wp-content\/uploads\/2023\/10\/aniversario-154-instituto-aleman-puerto-montt-34.jpg 1200w, https:\/\/ialeman.cl\/wp-content\/uploads\/2023\/10\/aniversario-154-instituto-aleman-puerto-montt-34-300x200.jpg 300w, https:\/\/ialeman.cl\/wp-content\/uploads\/2023\/10\/aniversario-154-instituto-aleman-puerto-montt-34-1024x684.jpg 1024w, https:\/\/ialeman.cl\/wp-content\/uploads\/2023\/10\/aniversario-154-instituto-aleman-puerto-montt-34-768x513.jpg 768w\" sizes=\"(max-width: 1200px) 100vw, 1200px\" \/><\/a>\n\t\t\t<\/div><\/figure><figure class='gallery-item'>\n\t\t\t<div class='gallery-icon landscape'>\n\t\t\t\t<a data-elementor-open-lightbox=\"yes\" data-elementor-lightbox-slideshow=\"30ae03a\" data-elementor-lightbox-title=\"aniversario 154 instituto aleman puerto montt 35\" data-e-action-hash=\"#elementor-action%3Aaction%3Dlightbox%26settings%3DeyJpZCI6MjUyNjEsInVybCI6Imh0dHBzOlwvXC9pYWxlbWFuLmNsXC93cC1jb250ZW50XC91cGxvYWRzXC8yMDIzXC8xMFwvYW5pdmVyc2FyaW8tMTU0LWluc3RpdHV0by1hbGVtYW4tcHVlcnRvLW1vbnR0LTM1LmpwZyIsInNsaWRlc2hvdyI6IjMwYWUwM2EifQ%3D%3D\" href='https:\/\/ialeman.cl\/wp-content\/uploads\/2023\/10\/aniversario-154-instituto-aleman-puerto-montt-35.jpg'><img loading=\"lazy\" decoding=\"async\" width=\"1200\" height=\"801\" src=\"https:\/\/ialeman.cl\/wp-content\/uploads\/2023\/10\/aniversario-154-instituto-aleman-puerto-montt-35.jpg\" class=\"attachment-full size-full\" alt=\"\" srcset=\"https:\/\/ialeman.cl\/wp-content\/uploads\/2023\/10\/aniversario-154-instituto-aleman-puerto-montt-35.jpg 1200w, https:\/\/ialeman.cl\/wp-content\/uploads\/2023\/10\/aniversario-154-instituto-aleman-puerto-montt-35-300x200.jpg 300w, https:\/\/ialeman.cl\/wp-content\/uploads\/2023\/10\/aniversario-154-instituto-aleman-puerto-montt-35-1024x684.jpg 1024w, https:\/\/ialeman.cl\/wp-content\/uploads\/2023\/10\/aniversario-154-instituto-aleman-puerto-montt-35-768x513.jpg 768w\" sizes=\"(max-width: 1200px) 100vw, 1200px\" \/><\/a>\n\t\t\t<\/div><\/figure><figure class='gallery-item'>\n\t\t\t<div class='gallery-icon landscape'>\n\t\t\t\t<a data-elementor-open-lightbox=\"yes\" data-elementor-lightbox-slideshow=\"30ae03a\" data-elementor-lightbox-title=\"aniversario 154 instituto aleman puerto montt 36\" data-e-action-hash=\"#elementor-action%3Aaction%3Dlightbox%26settings%3DeyJpZCI6MjUyNjIsInVybCI6Imh0dHBzOlwvXC9pYWxlbWFuLmNsXC93cC1jb250ZW50XC91cGxvYWRzXC8yMDIzXC8xMFwvYW5pdmVyc2FyaW8tMTU0LWluc3RpdHV0by1hbGVtYW4tcHVlcnRvLW1vbnR0LTM2LmpwZyIsInNsaWRlc2hvdyI6IjMwYWUwM2EifQ%3D%3D\" href='https:\/\/ialeman.cl\/wp-content\/uploads\/2023\/10\/aniversario-154-instituto-aleman-puerto-montt-36.jpg'><img loading=\"lazy\" decoding=\"async\" width=\"1200\" height=\"801\" src=\"https:\/\/ialeman.cl\/wp-content\/uploads\/2023\/10\/aniversario-154-instituto-aleman-puerto-montt-36.jpg\" class=\"attachment-full size-full\" alt=\"\" srcset=\"https:\/\/ialeman.cl\/wp-content\/uploads\/2023\/10\/aniversario-154-instituto-aleman-puerto-montt-36.jpg 1200w, https:\/\/ialeman.cl\/wp-content\/uploads\/2023\/10\/aniversario-154-instituto-aleman-puerto-montt-36-300x200.jpg 300w, https:\/\/ialeman.cl\/wp-content\/uploads\/2023\/10\/aniversario-154-instituto-aleman-puerto-montt-36-1024x684.jpg 1024w, https:\/\/ialeman.cl\/wp-content\/uploads\/2023\/10\/aniversario-154-instituto-aleman-puerto-montt-36-768x513.jpg 768w\" sizes=\"(max-width: 1200px) 100vw, 1200px\" \/><\/a>\n\t\t\t<\/div><\/figure><figure class='gallery-item'>\n\t\t\t<div class='gallery-icon landscape'>\n\t\t\t\t<a data-elementor-open-lightbox=\"yes\" data-elementor-lightbox-slideshow=\"30ae03a\" data-elementor-lightbox-title=\"aniversario 154 instituto aleman puerto montt 37\" data-e-action-hash=\"#elementor-action%3Aaction%3Dlightbox%26settings%3DeyJpZCI6MjUyNjMsInVybCI6Imh0dHBzOlwvXC9pYWxlbWFuLmNsXC93cC1jb250ZW50XC91cGxvYWRzXC8yMDIzXC8xMFwvYW5pdmVyc2FyaW8tMTU0LWluc3RpdHV0by1hbGVtYW4tcHVlcnRvLW1vbnR0LTM3LmpwZyIsInNsaWRlc2hvdyI6IjMwYWUwM2EifQ%3D%3D\" href='https:\/\/ialeman.cl\/wp-content\/uploads\/2023\/10\/aniversario-154-instituto-aleman-puerto-montt-37.jpg'><img loading=\"lazy\" decoding=\"async\" width=\"1200\" height=\"801\" src=\"https:\/\/ialeman.cl\/wp-content\/uploads\/2023\/10\/aniversario-154-instituto-aleman-puerto-montt-37.jpg\" class=\"attachment-full size-full\" alt=\"\" srcset=\"https:\/\/ialeman.cl\/wp-content\/uploads\/2023\/10\/aniversario-154-instituto-aleman-puerto-montt-37.jpg 1200w, https:\/\/ialeman.cl\/wp-content\/uploads\/2023\/10\/aniversario-154-instituto-aleman-puerto-montt-37-300x200.jpg 300w, https:\/\/ialeman.cl\/wp-content\/uploads\/2023\/10\/aniversario-154-instituto-aleman-puerto-montt-37-1024x684.jpg 1024w, https:\/\/ialeman.cl\/wp-content\/uploads\/2023\/10\/aniversario-154-instituto-aleman-puerto-montt-37-768x513.jpg 768w\" sizes=\"(max-width: 1200px) 100vw, 1200px\" \/><\/a>\n\t\t\t<\/div><\/figure><figure class='gallery-item'>\n\t\t\t<div class='gallery-icon landscape'>\n\t\t\t\t<a data-elementor-open-lightbox=\"yes\" data-elementor-lightbox-slideshow=\"30ae03a\" data-elementor-lightbox-title=\"aniversario 154 instituto aleman puerto montt 38\" data-e-action-hash=\"#elementor-action%3Aaction%3Dlightbox%26settings%3DeyJpZCI6MjUyNjQsInVybCI6Imh0dHBzOlwvXC9pYWxlbWFuLmNsXC93cC1jb250ZW50XC91cGxvYWRzXC8yMDIzXC8xMFwvYW5pdmVyc2FyaW8tMTU0LWluc3RpdHV0by1hbGVtYW4tcHVlcnRvLW1vbnR0LTM4LmpwZyIsInNsaWRlc2hvdyI6IjMwYWUwM2EifQ%3D%3D\" href='https:\/\/ialeman.cl\/wp-content\/uploads\/2023\/10\/aniversario-154-instituto-aleman-puerto-montt-38.jpg'><img loading=\"lazy\" decoding=\"async\" width=\"1200\" height=\"801\" src=\"https:\/\/ialeman.cl\/wp-content\/uploads\/2023\/10\/aniversario-154-instituto-aleman-puerto-montt-38.jpg\" class=\"attachment-full size-full\" alt=\"\" srcset=\"https:\/\/ialeman.cl\/wp-content\/uploads\/2023\/10\/aniversario-154-instituto-aleman-puerto-montt-38.jpg 1200w, https:\/\/ialeman.cl\/wp-content\/uploads\/2023\/10\/aniversario-154-instituto-aleman-puerto-montt-38-300x200.jpg 300w, https:\/\/ialeman.cl\/wp-content\/uploads\/2023\/10\/aniversario-154-instituto-aleman-puerto-montt-38-1024x684.jpg 1024w, https:\/\/ialeman.cl\/wp-content\/uploads\/2023\/10\/aniversario-154-instituto-aleman-puerto-montt-38-768x513.jpg 768w\" sizes=\"(max-width: 1200px) 100vw, 1200px\" \/><\/a>\n\t\t\t<\/div><\/figure><figure class='gallery-item'>\n\t\t\t<div class='gallery-icon landscape'>\n\t\t\t\t<a data-elementor-open-lightbox=\"yes\" data-elementor-lightbox-slideshow=\"30ae03a\" data-elementor-lightbox-title=\"aniversario 154 instituto aleman puerto montt 39\" data-e-action-hash=\"#elementor-action%3Aaction%3Dlightbox%26settings%3DeyJpZCI6MjUyNjUsInVybCI6Imh0dHBzOlwvXC9pYWxlbWFuLmNsXC93cC1jb250ZW50XC91cGxvYWRzXC8yMDIzXC8xMFwvYW5pdmVyc2FyaW8tMTU0LWluc3RpdHV0by1hbGVtYW4tcHVlcnRvLW1vbnR0LTM5LmpwZyIsInNsaWRlc2hvdyI6IjMwYWUwM2EifQ%3D%3D\" href='https:\/\/ialeman.cl\/wp-content\/uploads\/2023\/10\/aniversario-154-instituto-aleman-puerto-montt-39.jpg'><img loading=\"lazy\" decoding=\"async\" width=\"1200\" height=\"801\" src=\"https:\/\/ialeman.cl\/wp-content\/uploads\/2023\/10\/aniversario-154-instituto-aleman-puerto-montt-39.jpg\" class=\"attachment-full size-full\" alt=\"\" srcset=\"https:\/\/ialeman.cl\/wp-content\/uploads\/2023\/10\/aniversario-154-instituto-aleman-puerto-montt-39.jpg 1200w, https:\/\/ialeman.cl\/wp-content\/uploads\/2023\/10\/aniversario-154-instituto-aleman-puerto-montt-39-300x200.jpg 300w, https:\/\/ialeman.cl\/wp-content\/uploads\/2023\/10\/aniversario-154-instituto-aleman-puerto-montt-39-1024x684.jpg 1024w, https:\/\/ialeman.cl\/wp-content\/uploads\/2023\/10\/aniversario-154-instituto-aleman-puerto-montt-39-768x513.jpg 768w\" sizes=\"(max-width: 1200px) 100vw, 1200px\" \/><\/a>\n\t\t\t<\/div><\/figure><figure class='gallery-item'>\n\t\t\t<div class='gallery-icon landscape'>\n\t\t\t\t<a data-elementor-open-lightbox=\"yes\" data-elementor-lightbox-slideshow=\"30ae03a\" data-elementor-lightbox-title=\"aniversario 154 instituto aleman puerto montt 40\" data-e-action-hash=\"#elementor-action%3Aaction%3Dlightbox%26settings%3DeyJpZCI6MjUyNjYsInVybCI6Imh0dHBzOlwvXC9pYWxlbWFuLmNsXC93cC1jb250ZW50XC91cGxvYWRzXC8yMDIzXC8xMFwvYW5pdmVyc2FyaW8tMTU0LWluc3RpdHV0by1hbGVtYW4tcHVlcnRvLW1vbnR0LTQwLmpwZyIsInNsaWRlc2hvdyI6IjMwYWUwM2EifQ%3D%3D\" href='https:\/\/ialeman.cl\/wp-content\/uploads\/2023\/10\/aniversario-154-instituto-aleman-puerto-montt-40.jpg'><img loading=\"lazy\" decoding=\"async\" width=\"1200\" height=\"801\" src=\"https:\/\/ialeman.cl\/wp-content\/uploads\/2023\/10\/aniversario-154-instituto-aleman-puerto-montt-40.jpg\" class=\"attachment-full size-full\" alt=\"\" srcset=\"https:\/\/ialeman.cl\/wp-content\/uploads\/2023\/10\/aniversario-154-instituto-aleman-puerto-montt-40.jpg 1200w, https:\/\/ialeman.cl\/wp-content\/uploads\/2023\/10\/aniversario-154-instituto-aleman-puerto-montt-40-300x200.jpg 300w, https:\/\/ialeman.cl\/wp-content\/uploads\/2023\/10\/aniversario-154-instituto-aleman-puerto-montt-40-1024x684.jpg 1024w, https:\/\/ialeman.cl\/wp-content\/uploads\/2023\/10\/aniversario-154-instituto-aleman-puerto-montt-40-768x513.jpg 768w\" sizes=\"(max-width: 1200px) 100vw, 1200px\" \/><\/a>\n\t\t\t<\/div><\/figure><figure class='gallery-item'>\n\t\t\t<div class='gallery-icon landscape'>\n\t\t\t\t<a data-elementor-open-lightbox=\"yes\" data-elementor-lightbox-slideshow=\"30ae03a\" data-elementor-lightbox-title=\"aniversario 154 instituto aleman puerto montt 41\" data-e-action-hash=\"#elementor-action%3Aaction%3Dlightbox%26settings%3DeyJpZCI6MjUyNjcsInVybCI6Imh0dHBzOlwvXC9pYWxlbWFuLmNsXC93cC1jb250ZW50XC91cGxvYWRzXC8yMDIzXC8xMFwvYW5pdmVyc2FyaW8tMTU0LWluc3RpdHV0by1hbGVtYW4tcHVlcnRvLW1vbnR0LTQxLmpwZyIsInNsaWRlc2hvdyI6IjMwYWUwM2EifQ%3D%3D\" href='https:\/\/ialeman.cl\/wp-content\/uploads\/2023\/10\/aniversario-154-instituto-aleman-puerto-montt-41.jpg'><img loading=\"lazy\" decoding=\"async\" width=\"1200\" height=\"801\" src=\"https:\/\/ialeman.cl\/wp-content\/uploads\/2023\/10\/aniversario-154-instituto-aleman-puerto-montt-41.jpg\" class=\"attachment-full size-full\" alt=\"\" srcset=\"https:\/\/ialeman.cl\/wp-content\/uploads\/2023\/10\/aniversario-154-instituto-aleman-puerto-montt-41.jpg 1200w, https:\/\/ialeman.cl\/wp-content\/uploads\/2023\/10\/aniversario-154-instituto-aleman-puerto-montt-41-300x200.jpg 300w, https:\/\/ialeman.cl\/wp-content\/uploads\/2023\/10\/aniversario-154-instituto-aleman-puerto-montt-41-1024x684.jpg 1024w, https:\/\/ialeman.cl\/wp-content\/uploads\/2023\/10\/aniversario-154-instituto-aleman-puerto-montt-41-768x513.jpg 768w\" sizes=\"(max-width: 1200px) 100vw, 1200px\" \/><\/a>\n\t\t\t<\/div><\/figure><figure class='gallery-item'>\n\t\t\t<div class='gallery-icon landscape'>\n\t\t\t\t<a data-elementor-open-lightbox=\"yes\" data-elementor-lightbox-slideshow=\"30ae03a\" data-elementor-lightbox-title=\"aniversario 154 instituto aleman puerto montt 42\" data-e-action-hash=\"#elementor-action%3Aaction%3Dlightbox%26settings%3DeyJpZCI6MjUyNjgsInVybCI6Imh0dHBzOlwvXC9pYWxlbWFuLmNsXC93cC1jb250ZW50XC91cGxvYWRzXC8yMDIzXC8xMFwvYW5pdmVyc2FyaW8tMTU0LWluc3RpdHV0by1hbGVtYW4tcHVlcnRvLW1vbnR0LTQyLmpwZyIsInNsaWRlc2hvdyI6IjMwYWUwM2EifQ%3D%3D\" href='https:\/\/ialeman.cl\/wp-content\/uploads\/2023\/10\/aniversario-154-instituto-aleman-puerto-montt-42.jpg'><img loading=\"lazy\" decoding=\"async\" width=\"1200\" height=\"801\" src=\"https:\/\/ialeman.cl\/wp-content\/uploads\/2023\/10\/aniversario-154-instituto-aleman-puerto-montt-42.jpg\" class=\"attachment-full size-full\" alt=\"\" srcset=\"https:\/\/ialeman.cl\/wp-content\/uploads\/2023\/10\/aniversario-154-instituto-aleman-puerto-montt-42.jpg 1200w, https:\/\/ialeman.cl\/wp-content\/uploads\/2023\/10\/aniversario-154-instituto-aleman-puerto-montt-42-300x200.jpg 300w, https:\/\/ialeman.cl\/wp-content\/uploads\/2023\/10\/aniversario-154-instituto-aleman-puerto-montt-42-1024x684.jpg 1024w, https:\/\/ialeman.cl\/wp-content\/uploads\/2023\/10\/aniversario-154-instituto-aleman-puerto-montt-42-768x513.jpg 768w\" sizes=\"(max-width: 1200px) 100vw, 1200px\" \/><\/a>\n\t\t\t<\/div><\/figure><figure class='gallery-item'>\n\t\t\t<div class='gallery-icon landscape'>\n\t\t\t\t<a data-elementor-open-lightbox=\"yes\" data-elementor-lightbox-slideshow=\"30ae03a\" data-elementor-lightbox-title=\"aniversario 154 instituto aleman puerto montt 43\" data-e-action-hash=\"#elementor-action%3Aaction%3Dlightbox%26settings%3DeyJpZCI6MjUyNjksInVybCI6Imh0dHBzOlwvXC9pYWxlbWFuLmNsXC93cC1jb250ZW50XC91cGxvYWRzXC8yMDIzXC8xMFwvYW5pdmVyc2FyaW8tMTU0LWluc3RpdHV0by1hbGVtYW4tcHVlcnRvLW1vbnR0LTQzLmpwZyIsInNsaWRlc2hvdyI6IjMwYWUwM2EifQ%3D%3D\" href='https:\/\/ialeman.cl\/wp-content\/uploads\/2023\/10\/aniversario-154-instituto-aleman-puerto-montt-43.jpg'><img loading=\"lazy\" decoding=\"async\" width=\"1200\" height=\"801\" src=\"https:\/\/ialeman.cl\/wp-content\/uploads\/2023\/10\/aniversario-154-instituto-aleman-puerto-montt-43.jpg\" class=\"attachment-full size-full\" alt=\"\" srcset=\"https:\/\/ialeman.cl\/wp-content\/uploads\/2023\/10\/aniversario-154-instituto-aleman-puerto-montt-43.jpg 1200w, https:\/\/ialeman.cl\/wp-content\/uploads\/2023\/10\/aniversario-154-instituto-aleman-puerto-montt-43-300x200.jpg 300w, https:\/\/ialeman.cl\/wp-content\/uploads\/2023\/10\/aniversario-154-instituto-aleman-puerto-montt-43-1024x684.jpg 1024w, https:\/\/ialeman.cl\/wp-content\/uploads\/2023\/10\/aniversario-154-instituto-aleman-puerto-montt-43-768x513.jpg 768w\" sizes=\"(max-width: 1200px) 100vw, 1200px\" \/><\/a>\n\t\t\t<\/div><\/figure><figure class='gallery-item'>\n\t\t\t<div class='gallery-icon landscape'>\n\t\t\t\t<a data-elementor-open-lightbox=\"yes\" data-elementor-lightbox-slideshow=\"30ae03a\" data-elementor-lightbox-title=\"aniversario 154 instituto aleman puerto montt 44\" data-e-action-hash=\"#elementor-action%3Aaction%3Dlightbox%26settings%3DeyJpZCI6MjUyNzAsInVybCI6Imh0dHBzOlwvXC9pYWxlbWFuLmNsXC93cC1jb250ZW50XC91cGxvYWRzXC8yMDIzXC8xMFwvYW5pdmVyc2FyaW8tMTU0LWluc3RpdHV0by1hbGVtYW4tcHVlcnRvLW1vbnR0LTQ0LmpwZyIsInNsaWRlc2hvdyI6IjMwYWUwM2EifQ%3D%3D\" href='https:\/\/ialeman.cl\/wp-content\/uploads\/2023\/10\/aniversario-154-instituto-aleman-puerto-montt-44.jpg'><img loading=\"lazy\" decoding=\"async\" width=\"1200\" height=\"801\" src=\"https:\/\/ialeman.cl\/wp-content\/uploads\/2023\/10\/aniversario-154-instituto-aleman-puerto-montt-44.jpg\" class=\"attachment-full size-full\" alt=\"\" srcset=\"https:\/\/ialeman.cl\/wp-content\/uploads\/2023\/10\/aniversario-154-instituto-aleman-puerto-montt-44.jpg 1200w, https:\/\/ialeman.cl\/wp-content\/uploads\/2023\/10\/aniversario-154-instituto-aleman-puerto-montt-44-300x200.jpg 300w, https:\/\/ialeman.cl\/wp-content\/uploads\/2023\/10\/aniversario-154-instituto-aleman-puerto-montt-44-1024x684.jpg 1024w, https:\/\/ialeman.cl\/wp-content\/uploads\/2023\/10\/aniversario-154-instituto-aleman-puerto-montt-44-768x513.jpg 768w\" sizes=\"(max-width: 1200px) 100vw, 1200px\" \/><\/a>\n\t\t\t<\/div><\/figure><figure class='gallery-item'>\n\t\t\t<div class='gallery-icon landscape'>\n\t\t\t\t<a data-elementor-open-lightbox=\"yes\" data-elementor-lightbox-slideshow=\"30ae03a\" data-elementor-lightbox-title=\"aniversario 154 instituto aleman puerto montt 45\" data-e-action-hash=\"#elementor-action%3Aaction%3Dlightbox%26settings%3DeyJpZCI6MjUyNzEsInVybCI6Imh0dHBzOlwvXC9pYWxlbWFuLmNsXC93cC1jb250ZW50XC91cGxvYWRzXC8yMDIzXC8xMFwvYW5pdmVyc2FyaW8tMTU0LWluc3RpdHV0by1hbGVtYW4tcHVlcnRvLW1vbnR0LTQ1LmpwZyIsInNsaWRlc2hvdyI6IjMwYWUwM2EifQ%3D%3D\" href='https:\/\/ialeman.cl\/wp-content\/uploads\/2023\/10\/aniversario-154-instituto-aleman-puerto-montt-45.jpg'><img loading=\"lazy\" decoding=\"async\" width=\"1200\" height=\"801\" src=\"https:\/\/ialeman.cl\/wp-content\/uploads\/2023\/10\/aniversario-154-instituto-aleman-puerto-montt-45.jpg\" class=\"attachment-full size-full\" alt=\"\" srcset=\"https:\/\/ialeman.cl\/wp-content\/uploads\/2023\/10\/aniversario-154-instituto-aleman-puerto-montt-45.jpg 1200w, https:\/\/ialeman.cl\/wp-content\/uploads\/2023\/10\/aniversario-154-instituto-aleman-puerto-montt-45-300x200.jpg 300w, https:\/\/ialeman.cl\/wp-content\/uploads\/2023\/10\/aniversario-154-instituto-aleman-puerto-montt-45-1024x684.jpg 1024w, https:\/\/ialeman.cl\/wp-content\/uploads\/2023\/10\/aniversario-154-instituto-aleman-puerto-montt-45-768x513.jpg 768w\" sizes=\"(max-width: 1200px) 100vw, 1200px\" \/><\/a>\n\t\t\t<\/div><\/figure><figure class='gallery-item'>\n\t\t\t<div class='gallery-icon landscape'>\n\t\t\t\t<a data-elementor-open-lightbox=\"yes\" data-elementor-lightbox-slideshow=\"30ae03a\" data-elementor-lightbox-title=\"aniversario 154 instituto aleman puerto montt 46\" data-e-action-hash=\"#elementor-action%3Aaction%3Dlightbox%26settings%3DeyJpZCI6MjUyNzIsInVybCI6Imh0dHBzOlwvXC9pYWxlbWFuLmNsXC93cC1jb250ZW50XC91cGxvYWRzXC8yMDIzXC8xMFwvYW5pdmVyc2FyaW8tMTU0LWluc3RpdHV0by1hbGVtYW4tcHVlcnRvLW1vbnR0LTQ2LmpwZyIsInNsaWRlc2hvdyI6IjMwYWUwM2EifQ%3D%3D\" href='https:\/\/ialeman.cl\/wp-content\/uploads\/2023\/10\/aniversario-154-instituto-aleman-puerto-montt-46.jpg'><img loading=\"lazy\" decoding=\"async\" width=\"1200\" height=\"801\" src=\"https:\/\/ialeman.cl\/wp-content\/uploads\/2023\/10\/aniversario-154-instituto-aleman-puerto-montt-46.jpg\" class=\"attachment-full size-full\" alt=\"\" srcset=\"https:\/\/ialeman.cl\/wp-content\/uploads\/2023\/10\/aniversario-154-instituto-aleman-puerto-montt-46.jpg 1200w, https:\/\/ialeman.cl\/wp-content\/uploads\/2023\/10\/aniversario-154-instituto-aleman-puerto-montt-46-300x200.jpg 300w, https:\/\/ialeman.cl\/wp-content\/uploads\/2023\/10\/aniversario-154-instituto-aleman-puerto-montt-46-1024x684.jpg 1024w, https:\/\/ialeman.cl\/wp-content\/uploads\/2023\/10\/aniversario-154-instituto-aleman-puerto-montt-46-768x513.jpg 768w\" sizes=\"(max-width: 1200px) 100vw, 1200px\" \/><\/a>\n\t\t\t<\/div><\/figure><figure class='gallery-item'>\n\t\t\t<div class='gallery-icon landscape'>\n\t\t\t\t<a data-elementor-open-lightbox=\"yes\" data-elementor-lightbox-slideshow=\"30ae03a\" data-elementor-lightbox-title=\"aniversario 154 instituto aleman puerto montt 47\" data-e-action-hash=\"#elementor-action%3Aaction%3Dlightbox%26settings%3DeyJpZCI6MjUyNzMsInVybCI6Imh0dHBzOlwvXC9pYWxlbWFuLmNsXC93cC1jb250ZW50XC91cGxvYWRzXC8yMDIzXC8xMFwvYW5pdmVyc2FyaW8tMTU0LWluc3RpdHV0by1hbGVtYW4tcHVlcnRvLW1vbnR0LTQ3LmpwZyIsInNsaWRlc2hvdyI6IjMwYWUwM2EifQ%3D%3D\" href='https:\/\/ialeman.cl\/wp-content\/uploads\/2023\/10\/aniversario-154-instituto-aleman-puerto-montt-47.jpg'><img loading=\"lazy\" decoding=\"async\" width=\"1200\" height=\"801\" src=\"https:\/\/ialeman.cl\/wp-content\/uploads\/2023\/10\/aniversario-154-instituto-aleman-puerto-montt-47.jpg\" class=\"attachment-full size-full\" alt=\"\" srcset=\"https:\/\/ialeman.cl\/wp-content\/uploads\/2023\/10\/aniversario-154-instituto-aleman-puerto-montt-47.jpg 1200w, https:\/\/ialeman.cl\/wp-content\/uploads\/2023\/10\/aniversario-154-instituto-aleman-puerto-montt-47-300x200.jpg 300w, https:\/\/ialeman.cl\/wp-content\/uploads\/2023\/10\/aniversario-154-instituto-aleman-puerto-montt-47-1024x684.jpg 1024w, https:\/\/ialeman.cl\/wp-content\/uploads\/2023\/10\/aniversario-154-instituto-aleman-puerto-montt-47-768x513.jpg 768w\" sizes=\"(max-width: 1200px) 100vw, 1200px\" \/><\/a>\n\t\t\t<\/div><\/figure><figure class='gallery-item'>\n\t\t\t<div class='gallery-icon landscape'>\n\t\t\t\t<a data-elementor-open-lightbox=\"yes\" data-elementor-lightbox-slideshow=\"30ae03a\" data-elementor-lightbox-title=\"aniversario 154 instituto aleman puerto montt 48\" data-e-action-hash=\"#elementor-action%3Aaction%3Dlightbox%26settings%3DeyJpZCI6MjUyNzQsInVybCI6Imh0dHBzOlwvXC9pYWxlbWFuLmNsXC93cC1jb250ZW50XC91cGxvYWRzXC8yMDIzXC8xMFwvYW5pdmVyc2FyaW8tMTU0LWluc3RpdHV0by1hbGVtYW4tcHVlcnRvLW1vbnR0LTQ4LmpwZyIsInNsaWRlc2hvdyI6IjMwYWUwM2EifQ%3D%3D\" href='https:\/\/ialeman.cl\/wp-content\/uploads\/2023\/10\/aniversario-154-instituto-aleman-puerto-montt-48.jpg'><img loading=\"lazy\" decoding=\"async\" width=\"1200\" height=\"801\" src=\"https:\/\/ialeman.cl\/wp-content\/uploads\/2023\/10\/aniversario-154-instituto-aleman-puerto-montt-48.jpg\" class=\"attachment-full size-full\" alt=\"\" srcset=\"https:\/\/ialeman.cl\/wp-content\/uploads\/2023\/10\/aniversario-154-instituto-aleman-puerto-montt-48.jpg 1200w, https:\/\/ialeman.cl\/wp-content\/uploads\/2023\/10\/aniversario-154-instituto-aleman-puerto-montt-48-300x200.jpg 300w, https:\/\/ialeman.cl\/wp-content\/uploads\/2023\/10\/aniversario-154-instituto-aleman-puerto-montt-48-1024x684.jpg 1024w, https:\/\/ialeman.cl\/wp-content\/uploads\/2023\/10\/aniversario-154-instituto-aleman-puerto-montt-48-768x513.jpg 768w\" sizes=\"(max-width: 1200px) 100vw, 1200px\" \/><\/a>\n\t\t\t<\/div><\/figure><figure class='gallery-item'>\n\t\t\t<div class='gallery-icon landscape'>\n\t\t\t\t<a data-elementor-open-lightbox=\"yes\" data-elementor-lightbox-slideshow=\"30ae03a\" data-elementor-lightbox-title=\"aniversario 154 instituto aleman puerto montt 49\" data-e-action-hash=\"#elementor-action%3Aaction%3Dlightbox%26settings%3DeyJpZCI6MjUyNzUsInVybCI6Imh0dHBzOlwvXC9pYWxlbWFuLmNsXC93cC1jb250ZW50XC91cGxvYWRzXC8yMDIzXC8xMFwvYW5pdmVyc2FyaW8tMTU0LWluc3RpdHV0by1hbGVtYW4tcHVlcnRvLW1vbnR0LTQ5LmpwZyIsInNsaWRlc2hvdyI6IjMwYWUwM2EifQ%3D%3D\" href='https:\/\/ialeman.cl\/wp-content\/uploads\/2023\/10\/aniversario-154-instituto-aleman-puerto-montt-49.jpg'><img loading=\"lazy\" decoding=\"async\" width=\"1200\" height=\"801\" src=\"https:\/\/ialeman.cl\/wp-content\/uploads\/2023\/10\/aniversario-154-instituto-aleman-puerto-montt-49.jpg\" class=\"attachment-full size-full\" alt=\"\" srcset=\"https:\/\/ialeman.cl\/wp-content\/uploads\/2023\/10\/aniversario-154-instituto-aleman-puerto-montt-49.jpg 1200w, https:\/\/ialeman.cl\/wp-content\/uploads\/2023\/10\/aniversario-154-instituto-aleman-puerto-montt-49-300x200.jpg 300w, https:\/\/ialeman.cl\/wp-content\/uploads\/2023\/10\/aniversario-154-instituto-aleman-puerto-montt-49-1024x684.jpg 1024w, https:\/\/ialeman.cl\/wp-content\/uploads\/2023\/10\/aniversario-154-instituto-aleman-puerto-montt-49-768x513.jpg 768w\" sizes=\"(max-width: 1200px) 100vw, 1200px\" \/><\/a>\n\t\t\t<\/div><\/figure><figure class='gallery-item'>\n\t\t\t<div class='gallery-icon landscape'>\n\t\t\t\t<a data-elementor-open-lightbox=\"yes\" data-elementor-lightbox-slideshow=\"30ae03a\" data-elementor-lightbox-title=\"aniversario 154 instituto aleman puerto montt 50\" data-e-action-hash=\"#elementor-action%3Aaction%3Dlightbox%26settings%3DeyJpZCI6MjUyNzYsInVybCI6Imh0dHBzOlwvXC9pYWxlbWFuLmNsXC93cC1jb250ZW50XC91cGxvYWRzXC8yMDIzXC8xMFwvYW5pdmVyc2FyaW8tMTU0LWluc3RpdHV0by1hbGVtYW4tcHVlcnRvLW1vbnR0LTUwLmpwZyIsInNsaWRlc2hvdyI6IjMwYWUwM2EifQ%3D%3D\" href='https:\/\/ialeman.cl\/wp-content\/uploads\/2023\/10\/aniversario-154-instituto-aleman-puerto-montt-50.jpg'><img loading=\"lazy\" decoding=\"async\" width=\"1200\" height=\"801\" src=\"https:\/\/ialeman.cl\/wp-content\/uploads\/2023\/10\/aniversario-154-instituto-aleman-puerto-montt-50.jpg\" class=\"attachment-full size-full\" alt=\"\" srcset=\"https:\/\/ialeman.cl\/wp-content\/uploads\/2023\/10\/aniversario-154-instituto-aleman-puerto-montt-50.jpg 1200w, https:\/\/ialeman.cl\/wp-content\/uploads\/2023\/10\/aniversario-154-instituto-aleman-puerto-montt-50-300x200.jpg 300w, https:\/\/ialeman.cl\/wp-content\/uploads\/2023\/10\/aniversario-154-instituto-aleman-puerto-montt-50-1024x684.jpg 1024w, https:\/\/ialeman.cl\/wp-content\/uploads\/2023\/10\/aniversario-154-instituto-aleman-puerto-montt-50-768x513.jpg 768w\" sizes=\"(max-width: 1200px) 100vw, 1200px\" \/><\/a>\n\t\t\t<\/div><\/figure><figure class='gallery-item'>\n\t\t\t<div class='gallery-icon landscape'>\n\t\t\t\t<a data-elementor-open-lightbox=\"yes\" data-elementor-lightbox-slideshow=\"30ae03a\" data-elementor-lightbox-title=\"aniversario 154 instituto aleman puerto montt 51\" data-e-action-hash=\"#elementor-action%3Aaction%3Dlightbox%26settings%3DeyJpZCI6MjUyNzcsInVybCI6Imh0dHBzOlwvXC9pYWxlbWFuLmNsXC93cC1jb250ZW50XC91cGxvYWRzXC8yMDIzXC8xMFwvYW5pdmVyc2FyaW8tMTU0LWluc3RpdHV0by1hbGVtYW4tcHVlcnRvLW1vbnR0LTUxLmpwZyIsInNsaWRlc2hvdyI6IjMwYWUwM2EifQ%3D%3D\" href='https:\/\/ialeman.cl\/wp-content\/uploads\/2023\/10\/aniversario-154-instituto-aleman-puerto-montt-51.jpg'><img loading=\"lazy\" decoding=\"async\" width=\"1200\" height=\"801\" src=\"https:\/\/ialeman.cl\/wp-content\/uploads\/2023\/10\/aniversario-154-instituto-aleman-puerto-montt-51.jpg\" class=\"attachment-full size-full\" alt=\"\" srcset=\"https:\/\/ialeman.cl\/wp-content\/uploads\/2023\/10\/aniversario-154-instituto-aleman-puerto-montt-51.jpg 1200w, https:\/\/ialeman.cl\/wp-content\/uploads\/2023\/10\/aniversario-154-instituto-aleman-puerto-montt-51-300x200.jpg 300w, https:\/\/ialeman.cl\/wp-content\/uploads\/2023\/10\/aniversario-154-instituto-aleman-puerto-montt-51-1024x684.jpg 1024w, https:\/\/ialeman.cl\/wp-content\/uploads\/2023\/10\/aniversario-154-instituto-aleman-puerto-montt-51-768x513.jpg 768w\" sizes=\"(max-width: 1200px) 100vw, 1200px\" \/><\/a>\n\t\t\t<\/div><\/figure><figure class='gallery-item'>\n\t\t\t<div class='gallery-icon landscape'>\n\t\t\t\t<a data-elementor-open-lightbox=\"yes\" data-elementor-lightbox-slideshow=\"30ae03a\" data-elementor-lightbox-title=\"aniversario 154 instituto aleman puerto montt 52\" data-e-action-hash=\"#elementor-action%3Aaction%3Dlightbox%26settings%3DeyJpZCI6MjUyNzgsInVybCI6Imh0dHBzOlwvXC9pYWxlbWFuLmNsXC93cC1jb250ZW50XC91cGxvYWRzXC8yMDIzXC8xMFwvYW5pdmVyc2FyaW8tMTU0LWluc3RpdHV0by1hbGVtYW4tcHVlcnRvLW1vbnR0LTUyLmpwZyIsInNsaWRlc2hvdyI6IjMwYWUwM2EifQ%3D%3D\" href='https:\/\/ialeman.cl\/wp-content\/uploads\/2023\/10\/aniversario-154-instituto-aleman-puerto-montt-52.jpg'><img loading=\"lazy\" decoding=\"async\" width=\"1200\" height=\"801\" src=\"https:\/\/ialeman.cl\/wp-content\/uploads\/2023\/10\/aniversario-154-instituto-aleman-puerto-montt-52.jpg\" class=\"attachment-full size-full\" alt=\"\" srcset=\"https:\/\/ialeman.cl\/wp-content\/uploads\/2023\/10\/aniversario-154-instituto-aleman-puerto-montt-52.jpg 1200w, https:\/\/ialeman.cl\/wp-content\/uploads\/2023\/10\/aniversario-154-instituto-aleman-puerto-montt-52-300x200.jpg 300w, https:\/\/ialeman.cl\/wp-content\/uploads\/2023\/10\/aniversario-154-instituto-aleman-puerto-montt-52-1024x684.jpg 1024w, https:\/\/ialeman.cl\/wp-content\/uploads\/2023\/10\/aniversario-154-instituto-aleman-puerto-montt-52-768x513.jpg 768w\" sizes=\"(max-width: 1200px) 100vw, 1200px\" \/><\/a>\n\t\t\t<\/div><\/figure><figure class='gallery-item'>\n\t\t\t<div class='gallery-icon landscape'>\n\t\t\t\t<a data-elementor-open-lightbox=\"yes\" data-elementor-lightbox-slideshow=\"30ae03a\" data-elementor-lightbox-title=\"aniversario 154 instituto aleman puerto montt 53\" data-e-action-hash=\"#elementor-action%3Aaction%3Dlightbox%26settings%3DeyJpZCI6MjUyNzksInVybCI6Imh0dHBzOlwvXC9pYWxlbWFuLmNsXC93cC1jb250ZW50XC91cGxvYWRzXC8yMDIzXC8xMFwvYW5pdmVyc2FyaW8tMTU0LWluc3RpdHV0by1hbGVtYW4tcHVlcnRvLW1vbnR0LTUzLmpwZyIsInNsaWRlc2hvdyI6IjMwYWUwM2EifQ%3D%3D\" href='https:\/\/ialeman.cl\/wp-content\/uploads\/2023\/10\/aniversario-154-instituto-aleman-puerto-montt-53.jpg'><img loading=\"lazy\" decoding=\"async\" width=\"1200\" height=\"801\" src=\"https:\/\/ialeman.cl\/wp-content\/uploads\/2023\/10\/aniversario-154-instituto-aleman-puerto-montt-53.jpg\" class=\"attachment-full size-full\" alt=\"\" srcset=\"https:\/\/ialeman.cl\/wp-content\/uploads\/2023\/10\/aniversario-154-instituto-aleman-puerto-montt-53.jpg 1200w, https:\/\/ialeman.cl\/wp-content\/uploads\/2023\/10\/aniversario-154-instituto-aleman-puerto-montt-53-300x200.jpg 300w, https:\/\/ialeman.cl\/wp-content\/uploads\/2023\/10\/aniversario-154-instituto-aleman-puerto-montt-53-1024x684.jpg 1024w, https:\/\/ialeman.cl\/wp-content\/uploads\/2023\/10\/aniversario-154-instituto-aleman-puerto-montt-53-768x513.jpg 768w\" sizes=\"(max-width: 1200px) 100vw, 1200px\" \/><\/a>\n\t\t\t<\/div><\/figure><figure class='gallery-item'>\n\t\t\t<div class='gallery-icon landscape'>\n\t\t\t\t<a data-elementor-open-lightbox=\"yes\" data-elementor-lightbox-slideshow=\"30ae03a\" data-elementor-lightbox-title=\"aniversario 154 instituto aleman puerto montt 54\" data-e-action-hash=\"#elementor-action%3Aaction%3Dlightbox%26settings%3DeyJpZCI6MjUyODAsInVybCI6Imh0dHBzOlwvXC9pYWxlbWFuLmNsXC93cC1jb250ZW50XC91cGxvYWRzXC8yMDIzXC8xMFwvYW5pdmVyc2FyaW8tMTU0LWluc3RpdHV0by1hbGVtYW4tcHVlcnRvLW1vbnR0LTU0LmpwZyIsInNsaWRlc2hvdyI6IjMwYWUwM2EifQ%3D%3D\" href='https:\/\/ialeman.cl\/wp-content\/uploads\/2023\/10\/aniversario-154-instituto-aleman-puerto-montt-54.jpg'><img loading=\"lazy\" decoding=\"async\" width=\"1200\" height=\"801\" src=\"https:\/\/ialeman.cl\/wp-content\/uploads\/2023\/10\/aniversario-154-instituto-aleman-puerto-montt-54.jpg\" class=\"attachment-full size-full\" alt=\"\" srcset=\"https:\/\/ialeman.cl\/wp-content\/uploads\/2023\/10\/aniversario-154-instituto-aleman-puerto-montt-54.jpg 1200w, https:\/\/ialeman.cl\/wp-content\/uploads\/2023\/10\/aniversario-154-instituto-aleman-puerto-montt-54-300x200.jpg 300w, https:\/\/ialeman.cl\/wp-content\/uploads\/2023\/10\/aniversario-154-instituto-aleman-puerto-montt-54-1024x684.jpg 1024w, https:\/\/ialeman.cl\/wp-content\/uploads\/2023\/10\/aniversario-154-instituto-aleman-puerto-montt-54-768x513.jpg 768w\" sizes=\"(max-width: 1200px) 100vw, 1200px\" \/><\/a>\n\t\t\t<\/div><\/figure><figure class='gallery-item'>\n\t\t\t<div class='gallery-icon landscape'>\n\t\t\t\t<a data-elementor-open-lightbox=\"yes\" data-elementor-lightbox-slideshow=\"30ae03a\" data-elementor-lightbox-title=\"aniversario 154 instituto aleman puerto montt 55\" data-e-action-hash=\"#elementor-action%3Aaction%3Dlightbox%26settings%3DeyJpZCI6MjUyODEsInVybCI6Imh0dHBzOlwvXC9pYWxlbWFuLmNsXC93cC1jb250ZW50XC91cGxvYWRzXC8yMDIzXC8xMFwvYW5pdmVyc2FyaW8tMTU0LWluc3RpdHV0by1hbGVtYW4tcHVlcnRvLW1vbnR0LTU1LmpwZyIsInNsaWRlc2hvdyI6IjMwYWUwM2EifQ%3D%3D\" href='https:\/\/ialeman.cl\/wp-content\/uploads\/2023\/10\/aniversario-154-instituto-aleman-puerto-montt-55.jpg'><img loading=\"lazy\" decoding=\"async\" width=\"1200\" height=\"801\" src=\"https:\/\/ialeman.cl\/wp-content\/uploads\/2023\/10\/aniversario-154-instituto-aleman-puerto-montt-55.jpg\" class=\"attachment-full size-full\" alt=\"\" srcset=\"https:\/\/ialeman.cl\/wp-content\/uploads\/2023\/10\/aniversario-154-instituto-aleman-puerto-montt-55.jpg 1200w, https:\/\/ialeman.cl\/wp-content\/uploads\/2023\/10\/aniversario-154-instituto-aleman-puerto-montt-55-300x200.jpg 300w, https:\/\/ialeman.cl\/wp-content\/uploads\/2023\/10\/aniversario-154-instituto-aleman-puerto-montt-55-1024x684.jpg 1024w, https:\/\/ialeman.cl\/wp-content\/uploads\/2023\/10\/aniversario-154-instituto-aleman-puerto-montt-55-768x513.jpg 768w\" sizes=\"(max-width: 1200px) 100vw, 1200px\" \/><\/a>\n\t\t\t<\/div><\/figure><figure class='gallery-item'>\n\t\t\t<div class='gallery-icon landscape'>\n\t\t\t\t<a data-elementor-open-lightbox=\"yes\" data-elementor-lightbox-slideshow=\"30ae03a\" data-elementor-lightbox-title=\"aniversario 154 instituto aleman puerto montt 56\" data-e-action-hash=\"#elementor-action%3Aaction%3Dlightbox%26settings%3DeyJpZCI6MjUyODIsInVybCI6Imh0dHBzOlwvXC9pYWxlbWFuLmNsXC93cC1jb250ZW50XC91cGxvYWRzXC8yMDIzXC8xMFwvYW5pdmVyc2FyaW8tMTU0LWluc3RpdHV0by1hbGVtYW4tcHVlcnRvLW1vbnR0LTU2LmpwZyIsInNsaWRlc2hvdyI6IjMwYWUwM2EifQ%3D%3D\" href='https:\/\/ialeman.cl\/wp-content\/uploads\/2023\/10\/aniversario-154-instituto-aleman-puerto-montt-56.jpg'><img loading=\"lazy\" decoding=\"async\" width=\"1200\" height=\"801\" src=\"https:\/\/ialeman.cl\/wp-content\/uploads\/2023\/10\/aniversario-154-instituto-aleman-puerto-montt-56.jpg\" class=\"attachment-full size-full\" alt=\"\" srcset=\"https:\/\/ialeman.cl\/wp-content\/uploads\/2023\/10\/aniversario-154-instituto-aleman-puerto-montt-56.jpg 1200w, https:\/\/ialeman.cl\/wp-content\/uploads\/2023\/10\/aniversario-154-instituto-aleman-puerto-montt-56-300x200.jpg 300w, https:\/\/ialeman.cl\/wp-content\/uploads\/2023\/10\/aniversario-154-instituto-aleman-puerto-montt-56-1024x684.jpg 1024w, https:\/\/ialeman.cl\/wp-content\/uploads\/2023\/10\/aniversario-154-instituto-aleman-puerto-montt-56-768x513.jpg 768w\" sizes=\"(max-width: 1200px) 100vw, 1200px\" \/><\/a>\n\t\t\t<\/div><\/figure><figure class='gallery-item'>\n\t\t\t<div class='gallery-icon landscape'>\n\t\t\t\t<a data-elementor-open-lightbox=\"yes\" data-elementor-lightbox-slideshow=\"30ae03a\" data-elementor-lightbox-title=\"aniversario 154 instituto aleman puerto montt 57\" data-e-action-hash=\"#elementor-action%3Aaction%3Dlightbox%26settings%3DeyJpZCI6MjUyODMsInVybCI6Imh0dHBzOlwvXC9pYWxlbWFuLmNsXC93cC1jb250ZW50XC91cGxvYWRzXC8yMDIzXC8xMFwvYW5pdmVyc2FyaW8tMTU0LWluc3RpdHV0by1hbGVtYW4tcHVlcnRvLW1vbnR0LTU3LmpwZyIsInNsaWRlc2hvdyI6IjMwYWUwM2EifQ%3D%3D\" href='https:\/\/ialeman.cl\/wp-content\/uploads\/2023\/10\/aniversario-154-instituto-aleman-puerto-montt-57.jpg'><img loading=\"lazy\" decoding=\"async\" width=\"1200\" height=\"801\" src=\"https:\/\/ialeman.cl\/wp-content\/uploads\/2023\/10\/aniversario-154-instituto-aleman-puerto-montt-57.jpg\" class=\"attachment-full size-full\" alt=\"\" srcset=\"https:\/\/ialeman.cl\/wp-content\/uploads\/2023\/10\/aniversario-154-instituto-aleman-puerto-montt-57.jpg 1200w, https:\/\/ialeman.cl\/wp-content\/uploads\/2023\/10\/aniversario-154-instituto-aleman-puerto-montt-57-300x200.jpg 300w, https:\/\/ialeman.cl\/wp-content\/uploads\/2023\/10\/aniversario-154-instituto-aleman-puerto-montt-57-1024x684.jpg 1024w, https:\/\/ialeman.cl\/wp-content\/uploads\/2023\/10\/aniversario-154-instituto-aleman-puerto-montt-57-768x513.jpg 768w\" sizes=\"(max-width: 1200px) 100vw, 1200px\" \/><\/a>\n\t\t\t<\/div><\/figure><figure class='gallery-item'>\n\t\t\t<div class='gallery-icon landscape'>\n\t\t\t\t<a data-elementor-open-lightbox=\"yes\" data-elementor-lightbox-slideshow=\"30ae03a\" data-elementor-lightbox-title=\"aniversario 154 instituto aleman puerto montt 58\" data-e-action-hash=\"#elementor-action%3Aaction%3Dlightbox%26settings%3DeyJpZCI6MjUyODQsInVybCI6Imh0dHBzOlwvXC9pYWxlbWFuLmNsXC93cC1jb250ZW50XC91cGxvYWRzXC8yMDIzXC8xMFwvYW5pdmVyc2FyaW8tMTU0LWluc3RpdHV0by1hbGVtYW4tcHVlcnRvLW1vbnR0LTU4LmpwZyIsInNsaWRlc2hvdyI6IjMwYWUwM2EifQ%3D%3D\" href='https:\/\/ialeman.cl\/wp-content\/uploads\/2023\/10\/aniversario-154-instituto-aleman-puerto-montt-58.jpg'><img loading=\"lazy\" decoding=\"async\" width=\"1200\" height=\"801\" src=\"https:\/\/ialeman.cl\/wp-content\/uploads\/2023\/10\/aniversario-154-instituto-aleman-puerto-montt-58.jpg\" class=\"attachment-full size-full\" alt=\"\" srcset=\"https:\/\/ialeman.cl\/wp-content\/uploads\/2023\/10\/aniversario-154-instituto-aleman-puerto-montt-58.jpg 1200w, https:\/\/ialeman.cl\/wp-content\/uploads\/2023\/10\/aniversario-154-instituto-aleman-puerto-montt-58-300x200.jpg 300w, https:\/\/ialeman.cl\/wp-content\/uploads\/2023\/10\/aniversario-154-instituto-aleman-puerto-montt-58-1024x684.jpg 1024w, https:\/\/ialeman.cl\/wp-content\/uploads\/2023\/10\/aniversario-154-instituto-aleman-puerto-montt-58-768x513.jpg 768w\" sizes=\"(max-width: 1200px) 100vw, 1200px\" \/><\/a>\n\t\t\t<\/div><\/figure><figure class='gallery-item'>\n\t\t\t<div class='gallery-icon landscape'>\n\t\t\t\t<a data-elementor-open-lightbox=\"yes\" data-elementor-lightbox-slideshow=\"30ae03a\" data-elementor-lightbox-title=\"aniversario 154 instituto aleman puerto montt 59\" data-e-action-hash=\"#elementor-action%3Aaction%3Dlightbox%26settings%3DeyJpZCI6MjUyODUsInVybCI6Imh0dHBzOlwvXC9pYWxlbWFuLmNsXC93cC1jb250ZW50XC91cGxvYWRzXC8yMDIzXC8xMFwvYW5pdmVyc2FyaW8tMTU0LWluc3RpdHV0by1hbGVtYW4tcHVlcnRvLW1vbnR0LTU5LmpwZyIsInNsaWRlc2hvdyI6IjMwYWUwM2EifQ%3D%3D\" href='https:\/\/ialeman.cl\/wp-content\/uploads\/2023\/10\/aniversario-154-instituto-aleman-puerto-montt-59.jpg'><img loading=\"lazy\" decoding=\"async\" width=\"1200\" height=\"801\" src=\"https:\/\/ialeman.cl\/wp-content\/uploads\/2023\/10\/aniversario-154-instituto-aleman-puerto-montt-59.jpg\" class=\"attachment-full size-full\" alt=\"\" srcset=\"https:\/\/ialeman.cl\/wp-content\/uploads\/2023\/10\/aniversario-154-instituto-aleman-puerto-montt-59.jpg 1200w, https:\/\/ialeman.cl\/wp-content\/uploads\/2023\/10\/aniversario-154-instituto-aleman-puerto-montt-59-300x200.jpg 300w, https:\/\/ialeman.cl\/wp-content\/uploads\/2023\/10\/aniversario-154-instituto-aleman-puerto-montt-59-1024x684.jpg 1024w, https:\/\/ialeman.cl\/wp-content\/uploads\/2023\/10\/aniversario-154-instituto-aleman-puerto-montt-59-768x513.jpg 768w\" sizes=\"(max-width: 1200px) 100vw, 1200px\" \/><\/a>\n\t\t\t<\/div><\/figure>\n\t\t<\/div>\n\t\t<\/div>\n\t\t\t\t\t\t<\/div>\n\t\t\t\t<\/div>\n\t\t\t\t\t<\/div>\n\t\t<\/div>\n\t\t\t\t\t<\/div>\n\t\t<\/section>\n\t\t\t\t<\/div>\n\t\t","protected":false},"excerpt":{"rendered":"<p>Aniversario 154\u00ba El Instituto Alem\u00e1n de Puerto Montt celebr\u00f3 su 154\u00ba aniversario con un solemne acto. La ceremonia fue encabezada por la Presidenta del Directorio Sra. Patricia von Freeden y el Rector Sr. Gabriel Saldivia e invitados especiales, entre ellos el c\u00f3nsul honorario de Alemania en Puerto Montt, Sr. Georg Wammes. El solemne acto por [&hellip;]<\/p>\n","protected":false},"author":1,"featured_media":25221,"comment_status":"closed","ping_status":"closed","sticky":false,"template":"","format":"standard","meta":{"site-sidebar-layout":"default","site-content-layout":"","ast-site-content-layout":"default","site-content-style":"default","site-sidebar-style":"default","ast-global-header-display":"","ast-banner-title-visibility":"","ast-main-header-display":"","ast-hfb-above-header-display":"","ast-hfb-below-header-display":"","ast-hfb-mobile-header-display":"","site-post-title":"disabled","ast-breadcrumbs-content":"","ast-featured-img":"disabled","footer-sml-layout":"","ast-disable-related-posts":"","theme-transparent-header-meta":"","adv-header-id-meta":"","stick-header-meta":"","header-above-stick-meta":"","header-main-stick-meta":"","header-below-stick-meta":"","astra-migrate-meta-layouts":"set","ast-page-background-enabled":"default","ast-page-background-meta":{"desktop":{"background-color":"var(--ast-global-color-4)","background-image":"","background-repeat":"repeat","background-position":"center center","background-size":"auto","background-attachment":"scroll","background-type":"","background-media":"","overlay-type":"","overlay-color":"","overlay-opacity":"","overlay-gradient":""},"tablet":{"background-color":"","background-image":"","background-repeat":"repeat","background-position":"center center","background-size":"auto","background-attachment":"scroll","background-type":"","background-media":"","overlay-type":"","overlay-color":"","overlay-opacity":"","overlay-gradient":""},"mobile":{"background-color":"","background-image":"","background-repeat":"repeat","background-position":"center center","background-size":"auto","background-attachment":"scroll","background-type":"","background-media":"","overlay-type":"","overlay-color":"","overlay-opacity":"","overlay-gradient":""}},"ast-content-background-meta":{"desktop":{"background-color":"var(--ast-global-color-5)","background-image":"","background-repeat":"repeat","background-position":"center center","background-size":"auto","background-attachment":"scroll","background-type":"","background-media":"","overlay-type":"","overlay-color":"","overlay-opacity":"","overlay-gradient":""},"tablet":{"background-color":"var(--ast-global-color-5)","background-image":"","background-repeat":"repeat","background-position":"center center","background-size":"auto","background-attachment":"scroll","background-type":"","background-media":"","overlay-type":"","overlay-color":"","overlay-opacity":"","overlay-gradient":""},"mobile":{"background-color":"var(--ast-global-color-5)","background-image":"","background-repeat":"repeat","background-position":"center center","background-size":"auto","background-attachment":"scroll","background-type":"","background-media":"","overlay-type":"","overlay-color":"","overlay-opacity":"","overlay-gradient":""}},"advanced_seo_description":"","jetpack_seo_html_title":"","jetpack_seo_noindex":false,"jetpack_seo_schema_type":"","_jetpack_newsletter_access":"","_jetpack_dont_email_post_to_subs":false,"_jetpack_newsletter_tier_id":0,"_jetpack_memberships_contains_paywalled_content":false,"_wpcom_ai_launchpad_first_post":false,"_jetpack_feature_clip_id":0,"_jetpack_memberships_contains_paid_content":false,"footnotes":"","jetpack_post_was_ever_published":false},"categories":[10],"tags":[],"class_list":["post-25219","post","type-post","status-publish","format-standard","has-post-thumbnail","hentry","category-noticias"],"jetpack_shortlink":"https:\/\/wp.me\/ph8I5c-6yL","jetpack_sharing_enabled":true,"jetpack_featured_media_url":"https:\/\/ialeman.cl\/wp-content\/uploads\/2023\/10\/aniversario-154-instituto-aleman-puerto-montt-9.jpg","_links":{"self":[{"href":"https:\/\/ialeman.cl\/index.php\/wp-json\/wp\/v2\/posts\/25219","targetHints":{"allow":["GET"]}}],"collection":[{"href":"https:\/\/ialeman.cl\/index.php\/wp-json\/wp\/v2\/posts"}],"about":[{"href":"https:\/\/ialeman.cl\/index.php\/wp-json\/wp\/v2\/types\/post"}],"author":[{"embeddable":true,"href":"https:\/\/ialeman.cl\/index.php\/wp-json\/wp\/v2\/users\/1"}],"replies":[{"embeddable":true,"href":"https:\/\/ialeman.cl\/index.php\/wp-json\/wp\/v2\/comments?post=25219"}],"version-history":[{"count":18,"href":"https:\/\/ialeman.cl\/index.php\/wp-json\/wp\/v2\/posts\/25219\/revisions"}],"predecessor-version":[{"id":25525,"href":"https:\/\/ialeman.cl\/index.php\/wp-json\/wp\/v2\/posts\/25219\/revisions\/25525"}],"wp:featuredmedia":[{"embeddable":true,"href":"https:\/\/ialeman.cl\/index.php\/wp-json\/wp\/v2\/media\/25221"}],"wp:attachment":[{"href":"https:\/\/ialeman.cl\/index.php\/wp-json\/wp\/v2\/media?parent=25219"}],"wp:term":[{"taxonomy":"category","embeddable":true,"href":"https:\/\/ialeman.cl\/index.php\/wp-json\/wp\/v2\/categories?post=25219"},{"taxonomy":"post_tag","embeddable":true,"href":"https:\/\/ialeman.cl\/index.php\/wp-json\/wp\/v2\/tags?post=25219"}],"curies":[{"name":"wp","href":"https:\/\/api.w.org\/{rel}","templated":true}]}}