{"id":23978,"date":"2023-09-06T11:26:16","date_gmt":"2023-09-06T15:26:16","guid":{"rendered":"https:\/\/ialeman.cl\/?p=23978"},"modified":"2023-09-11T08:58:37","modified_gmt":"2023-09-11T12:58:37","slug":"laternenfest-2023-ciclo-inicial","status":"publish","type":"post","link":"https:\/\/ialeman.cl\/index.php\/laternenfest-2023-ciclo-inicial\/","title":{"rendered":"Laternenfest 2023 ciclo inicial"},"content":{"rendered":"\t\t<div data-elementor-type=\"wp-post\" data-elementor-id=\"23978\" class=\"elementor elementor-23978\">\n\t\t\t\t\t\t<section class=\"elementor-section elementor-top-section elementor-element elementor-element-518af86 elementor-section-boxed elementor-section-height-default elementor-section-height-default\" data-id=\"518af86\" data-element_type=\"section\" data-e-type=\"section\">\n\t\t\t\t\t\t<div class=\"elementor-container elementor-column-gap-default\">\n\t\t\t\t\t<div class=\"elementor-column elementor-col-100 elementor-top-column elementor-element elementor-element-51dc1b2\" data-id=\"51dc1b2\" data-element_type=\"column\" data-e-type=\"column\">\n\t\t\t<div class=\"elementor-widget-wrap elementor-element-populated\">\n\t\t\t\t\t\t<div class=\"elementor-element elementor-element-31e8688 elementor-widget elementor-widget-heading\" data-id=\"31e8688\" data-element_type=\"widget\" data-e-type=\"widget\" data-widget_type=\"heading.default\">\n\t\t\t\t<div class=\"elementor-widget-container\">\n\t\t\t\t\t<h2 class=\"elementor-heading-title elementor-size-default\">Laternenfest 2023 <\/h2>\t\t\t\t<\/div>\n\t\t\t\t<\/div>\n\t\t\t\t\t<\/div>\n\t\t<\/div>\n\t\t\t\t\t<\/div>\n\t\t<\/section>\n\t\t\t\t<section class=\"elementor-section elementor-top-section elementor-element elementor-element-6de3453 elementor-section-boxed elementor-section-height-default elementor-section-height-default\" data-id=\"6de3453\" data-element_type=\"section\" data-e-type=\"section\">\n\t\t\t\t\t\t<div class=\"elementor-container elementor-column-gap-default\">\n\t\t\t\t\t<div class=\"elementor-column elementor-col-50 elementor-top-column elementor-element elementor-element-d1231f1\" data-id=\"d1231f1\" data-element_type=\"column\" data-e-type=\"column\">\n\t\t\t<div class=\"elementor-widget-wrap elementor-element-populated\">\n\t\t\t\t\t\t<div class=\"elementor-element elementor-element-68ddae5 elementor-widget elementor-widget-heading\" data-id=\"68ddae5\" data-element_type=\"widget\" data-e-type=\"widget\" data-widget_type=\"heading.default\">\n\t\t\t\t<div class=\"elementor-widget-container\">\n\t\t\t\t\t<h2 class=\"elementor-heading-title elementor-size-default\">Una hermosa celebraci\u00f3n de Laternenfest se realiz\u00f3 en la Schule con los ni\u00f1os y las familias del Kindergarten. <br><br>\n\nEn la tradicional actividad, los estudiantes del Ciclo Inicial conocieron por medio de una obra de teatro, preparada por los apoderados de Kinder, la vida de Sankt Martin y su importante labor solidaria con los m\u00e1s necesitados.<br><br>\n\nEn la ocasi\u00f3n, se destac\u00f3 que el Instituto Alem\u00e1n de Puerto Montt lleva desarrollando la festividad por m\u00e1s de 40 a\u00f1os, iluminando con esperanza, empat\u00eda y solidaridad a trav\u00e9s de los faroles cada rinc\u00f3n del colegio. <br><br>\n\nLos ni\u00f1os y ni\u00f1as disfrutaron de la compa\u00f1\u00eda de familias. Al mismo tiempo, recibieron de sus Tanten una rica galleta con forma de gansito para compartir con sus compa\u00f1eros y endulzar una alegre jornada.<br><br>\n\n<\/h2>\t\t\t\t<\/div>\n\t\t\t\t<\/div>\n\t\t\t\t\t<\/div>\n\t\t<\/div>\n\t\t\t\t<div class=\"elementor-column elementor-col-50 elementor-top-column elementor-element elementor-element-e73d6a7\" data-id=\"e73d6a7\" data-element_type=\"column\" data-e-type=\"column\">\n\t\t\t<div class=\"elementor-widget-wrap elementor-element-populated\">\n\t\t\t\t\t\t<div class=\"elementor-element elementor-element-a725e9f elementor-widget elementor-widget-image\" data-id=\"a725e9f\" data-element_type=\"widget\" data-e-type=\"widget\" data-widget_type=\"image.default\">\n\t\t\t\t<div class=\"elementor-widget-container\">\n\t\t\t\t\t\t\t\t\t\t\t\t\t\t\t<img fetchpriority=\"high\" decoding=\"async\" width=\"1024\" height=\"1024\" src=\"https:\/\/ialeman.cl\/wp-content\/uploads\/2023\/09\/laternenfest-2023-ciclo-iniciasl-1024x1024.png\" class=\"attachment-large size-large wp-image-23993\" alt=\"\" srcset=\"https:\/\/ialeman.cl\/wp-content\/uploads\/2023\/09\/laternenfest-2023-ciclo-iniciasl-1024x1024.png 1024w, https:\/\/ialeman.cl\/wp-content\/uploads\/2023\/09\/laternenfest-2023-ciclo-iniciasl-300x300.png 300w, https:\/\/ialeman.cl\/wp-content\/uploads\/2023\/09\/laternenfest-2023-ciclo-iniciasl-150x150.png 150w, https:\/\/ialeman.cl\/wp-content\/uploads\/2023\/09\/laternenfest-2023-ciclo-iniciasl-768x768.png 768w, https:\/\/ialeman.cl\/wp-content\/uploads\/2023\/09\/laternenfest-2023-ciclo-iniciasl-250x250.png 250w, https:\/\/ialeman.cl\/wp-content\/uploads\/2023\/09\/laternenfest-2023-ciclo-iniciasl.png 1080w\" sizes=\"(max-width: 1024px) 100vw, 1024px\" \/>\t\t\t\t\t\t\t\t\t\t\t\t\t\t\t<\/div>\n\t\t\t\t<\/div>\n\t\t\t\t\t<\/div>\n\t\t<\/div>\n\t\t\t\t\t<\/div>\n\t\t<\/section>\n\t\t\t\t<section class=\"elementor-section elementor-top-section elementor-element elementor-element-0317fbd elementor-section-boxed elementor-section-height-default elementor-section-height-default\" data-id=\"0317fbd\" data-element_type=\"section\" data-e-type=\"section\">\n\t\t\t\t\t\t<div class=\"elementor-container elementor-column-gap-default\">\n\t\t\t\t\t<div class=\"elementor-column elementor-col-100 elementor-top-column elementor-element elementor-element-f8f915e\" data-id=\"f8f915e\" data-element_type=\"column\" data-e-type=\"column\">\n\t\t\t<div class=\"elementor-widget-wrap elementor-element-populated\">\n\t\t\t\t\t\t<div class=\"elementor-element elementor-element-7e567cf elementor-widget elementor-widget-heading\" data-id=\"7e567cf\" data-element_type=\"widget\" data-e-type=\"widget\" data-widget_type=\"heading.default\">\n\t\t\t\t<div class=\"elementor-widget-container\">\n\t\t\t\t\t<h2 class=\"elementor-heading-title elementor-size-default\">En la m\u00fasica, estuvo el coro de padres y apoderados del colegio, quienes demostraron su gran calidad y talento en la celebraci\u00f3n de los m\u00e1s peque\u00f1os, la que result\u00f3 todo un \u00e9xito.<\/h2>\t\t\t\t<\/div>\n\t\t\t\t<\/div>\n\t\t\t\t\t<\/div>\n\t\t<\/div>\n\t\t\t\t\t<\/div>\n\t\t<\/section>\n\t\t\t\t<section class=\"elementor-section elementor-top-section elementor-element elementor-element-96d3935 elementor-section-boxed elementor-section-height-default elementor-section-height-default\" data-id=\"96d3935\" data-element_type=\"section\" data-e-type=\"section\">\n\t\t\t\t\t\t<div class=\"elementor-container elementor-column-gap-default\">\n\t\t\t\t\t<div class=\"elementor-column elementor-col-100 elementor-top-column elementor-element elementor-element-f9098b2\" data-id=\"f9098b2\" data-element_type=\"column\" data-e-type=\"column\">\n\t\t\t<div class=\"elementor-widget-wrap elementor-element-populated\">\n\t\t\t\t\t\t<div class=\"elementor-element elementor-element-eaec45b gallery-spacing-custom elementor-widget elementor-widget-image-gallery\" data-id=\"eaec45b\" data-element_type=\"widget\" data-e-type=\"widget\" data-widget_type=\"image-gallery.default\">\n\t\t\t\t<div class=\"elementor-widget-container\">\n\t\t\t\t\t\t\t<div class=\"elementor-image-gallery\">\n\t\t\t<div id='gallery-1' class='gallery galleryid-23978 gallery-columns-2 gallery-size-full'><figure class='gallery-item'>\n\t\t\t<div class='gallery-icon landscape'>\n\t\t\t\t<a data-elementor-open-lightbox=\"yes\" data-elementor-lightbox-slideshow=\"eaec45b\" data-elementor-lightbox-title=\"Laternenfest ciclo inicial 2023_ 1\" data-e-action-hash=\"#elementor-action%3Aaction%3Dlightbox%26settings%3DeyJpZCI6MjQwMDQsInVybCI6Imh0dHBzOlwvXC9pYWxlbWFuLmNsXC93cC1jb250ZW50XC91cGxvYWRzXC8yMDIzXC8wOVwvTGF0ZXJuZW5mZXN0LWNpY2xvLWluaWNpYWwtMjAyM18tMS5qcGciLCJzbGlkZXNob3ciOiJlYWVjNDViIn0%3D\" href='https:\/\/ialeman.cl\/wp-content\/uploads\/2023\/09\/Laternenfest-ciclo-inicial-2023_-1.jpg'><img decoding=\"async\" width=\"1200\" height=\"801\" src=\"https:\/\/ialeman.cl\/wp-content\/uploads\/2023\/09\/Laternenfest-ciclo-inicial-2023_-1.jpg\" class=\"attachment-full size-full\" alt=\"\" srcset=\"https:\/\/ialeman.cl\/wp-content\/uploads\/2023\/09\/Laternenfest-ciclo-inicial-2023_-1.jpg 1200w, https:\/\/ialeman.cl\/wp-content\/uploads\/2023\/09\/Laternenfest-ciclo-inicial-2023_-1-300x200.jpg 300w, https:\/\/ialeman.cl\/wp-content\/uploads\/2023\/09\/Laternenfest-ciclo-inicial-2023_-1-1024x684.jpg 1024w, https:\/\/ialeman.cl\/wp-content\/uploads\/2023\/09\/Laternenfest-ciclo-inicial-2023_-1-768x513.jpg 768w\" sizes=\"(max-width: 1200px) 100vw, 1200px\" \/><\/a>\n\t\t\t<\/div><\/figure><figure class='gallery-item'>\n\t\t\t<div class='gallery-icon landscape'>\n\t\t\t\t<a data-elementor-open-lightbox=\"yes\" data-elementor-lightbox-slideshow=\"eaec45b\" data-elementor-lightbox-title=\"Laternenfest ciclo inicial 2023_ 4\" data-e-action-hash=\"#elementor-action%3Aaction%3Dlightbox%26settings%3DeyJpZCI6MjQwMDcsInVybCI6Imh0dHBzOlwvXC9pYWxlbWFuLmNsXC93cC1jb250ZW50XC91cGxvYWRzXC8yMDIzXC8wOVwvTGF0ZXJuZW5mZXN0LWNpY2xvLWluaWNpYWwtMjAyM18tNC5qcGciLCJzbGlkZXNob3ciOiJlYWVjNDViIn0%3D\" href='https:\/\/ialeman.cl\/wp-content\/uploads\/2023\/09\/Laternenfest-ciclo-inicial-2023_-4.jpg'><img decoding=\"async\" width=\"1200\" height=\"801\" src=\"https:\/\/ialeman.cl\/wp-content\/uploads\/2023\/09\/Laternenfest-ciclo-inicial-2023_-4.jpg\" class=\"attachment-full size-full\" alt=\"\" srcset=\"https:\/\/ialeman.cl\/wp-content\/uploads\/2023\/09\/Laternenfest-ciclo-inicial-2023_-4.jpg 1200w, https:\/\/ialeman.cl\/wp-content\/uploads\/2023\/09\/Laternenfest-ciclo-inicial-2023_-4-300x200.jpg 300w, https:\/\/ialeman.cl\/wp-content\/uploads\/2023\/09\/Laternenfest-ciclo-inicial-2023_-4-1024x684.jpg 1024w, https:\/\/ialeman.cl\/wp-content\/uploads\/2023\/09\/Laternenfest-ciclo-inicial-2023_-4-768x513.jpg 768w\" sizes=\"(max-width: 1200px) 100vw, 1200px\" \/><\/a>\n\t\t\t<\/div><\/figure><figure class='gallery-item'>\n\t\t\t<div class='gallery-icon landscape'>\n\t\t\t\t<a data-elementor-open-lightbox=\"yes\" data-elementor-lightbox-slideshow=\"eaec45b\" data-elementor-lightbox-title=\"Laternenfest ciclo inicial 2023_5\" data-e-action-hash=\"#elementor-action%3Aaction%3Dlightbox%26settings%3DeyJpZCI6MjQwMDgsInVybCI6Imh0dHBzOlwvXC9pYWxlbWFuLmNsXC93cC1jb250ZW50XC91cGxvYWRzXC8yMDIzXC8wOVwvTGF0ZXJuZW5mZXN0LWNpY2xvLWluaWNpYWwtMjAyM181LmpwZyIsInNsaWRlc2hvdyI6ImVhZWM0NWIifQ%3D%3D\" href='https:\/\/ialeman.cl\/wp-content\/uploads\/2023\/09\/Laternenfest-ciclo-inicial-2023_5.jpg'><img loading=\"lazy\" decoding=\"async\" width=\"1200\" height=\"801\" src=\"https:\/\/ialeman.cl\/wp-content\/uploads\/2023\/09\/Laternenfest-ciclo-inicial-2023_5.jpg\" class=\"attachment-full size-full\" alt=\"\" srcset=\"https:\/\/ialeman.cl\/wp-content\/uploads\/2023\/09\/Laternenfest-ciclo-inicial-2023_5.jpg 1200w, https:\/\/ialeman.cl\/wp-content\/uploads\/2023\/09\/Laternenfest-ciclo-inicial-2023_5-300x200.jpg 300w, https:\/\/ialeman.cl\/wp-content\/uploads\/2023\/09\/Laternenfest-ciclo-inicial-2023_5-1024x684.jpg 1024w, https:\/\/ialeman.cl\/wp-content\/uploads\/2023\/09\/Laternenfest-ciclo-inicial-2023_5-768x513.jpg 768w\" sizes=\"(max-width: 1200px) 100vw, 1200px\" \/><\/a>\n\t\t\t<\/div><\/figure><figure class='gallery-item'>\n\t\t\t<div class='gallery-icon landscape'>\n\t\t\t\t<a data-elementor-open-lightbox=\"yes\" data-elementor-lightbox-slideshow=\"eaec45b\" data-elementor-lightbox-title=\"Laternenfest ciclo inicial 2023_6\" data-e-action-hash=\"#elementor-action%3Aaction%3Dlightbox%26settings%3DeyJpZCI6MjQwMDksInVybCI6Imh0dHBzOlwvXC9pYWxlbWFuLmNsXC93cC1jb250ZW50XC91cGxvYWRzXC8yMDIzXC8wOVwvTGF0ZXJuZW5mZXN0LWNpY2xvLWluaWNpYWwtMjAyM182LmpwZyIsInNsaWRlc2hvdyI6ImVhZWM0NWIifQ%3D%3D\" href='https:\/\/ialeman.cl\/wp-content\/uploads\/2023\/09\/Laternenfest-ciclo-inicial-2023_6.jpg'><img loading=\"lazy\" decoding=\"async\" width=\"1200\" height=\"801\" src=\"https:\/\/ialeman.cl\/wp-content\/uploads\/2023\/09\/Laternenfest-ciclo-inicial-2023_6.jpg\" class=\"attachment-full size-full\" alt=\"\" srcset=\"https:\/\/ialeman.cl\/wp-content\/uploads\/2023\/09\/Laternenfest-ciclo-inicial-2023_6.jpg 1200w, https:\/\/ialeman.cl\/wp-content\/uploads\/2023\/09\/Laternenfest-ciclo-inicial-2023_6-300x200.jpg 300w, https:\/\/ialeman.cl\/wp-content\/uploads\/2023\/09\/Laternenfest-ciclo-inicial-2023_6-1024x684.jpg 1024w, https:\/\/ialeman.cl\/wp-content\/uploads\/2023\/09\/Laternenfest-ciclo-inicial-2023_6-768x513.jpg 768w\" sizes=\"(max-width: 1200px) 100vw, 1200px\" \/><\/a>\n\t\t\t<\/div><\/figure><figure class='gallery-item'>\n\t\t\t<div class='gallery-icon landscape'>\n\t\t\t\t<a data-elementor-open-lightbox=\"yes\" data-elementor-lightbox-slideshow=\"eaec45b\" data-elementor-lightbox-title=\"Laternenfest ciclo inicial 2023_7\" data-e-action-hash=\"#elementor-action%3Aaction%3Dlightbox%26settings%3DeyJpZCI6MjQwMTAsInVybCI6Imh0dHBzOlwvXC9pYWxlbWFuLmNsXC93cC1jb250ZW50XC91cGxvYWRzXC8yMDIzXC8wOVwvTGF0ZXJuZW5mZXN0LWNpY2xvLWluaWNpYWwtMjAyM183LmpwZyIsInNsaWRlc2hvdyI6ImVhZWM0NWIifQ%3D%3D\" href='https:\/\/ialeman.cl\/wp-content\/uploads\/2023\/09\/Laternenfest-ciclo-inicial-2023_7.jpg'><img loading=\"lazy\" decoding=\"async\" width=\"1200\" height=\"801\" src=\"https:\/\/ialeman.cl\/wp-content\/uploads\/2023\/09\/Laternenfest-ciclo-inicial-2023_7.jpg\" class=\"attachment-full size-full\" alt=\"\" srcset=\"https:\/\/ialeman.cl\/wp-content\/uploads\/2023\/09\/Laternenfest-ciclo-inicial-2023_7.jpg 1200w, https:\/\/ialeman.cl\/wp-content\/uploads\/2023\/09\/Laternenfest-ciclo-inicial-2023_7-300x200.jpg 300w, https:\/\/ialeman.cl\/wp-content\/uploads\/2023\/09\/Laternenfest-ciclo-inicial-2023_7-1024x684.jpg 1024w, https:\/\/ialeman.cl\/wp-content\/uploads\/2023\/09\/Laternenfest-ciclo-inicial-2023_7-768x513.jpg 768w\" sizes=\"(max-width: 1200px) 100vw, 1200px\" \/><\/a>\n\t\t\t<\/div><\/figure><figure class='gallery-item'>\n\t\t\t<div class='gallery-icon landscape'>\n\t\t\t\t<a data-elementor-open-lightbox=\"yes\" data-elementor-lightbox-slideshow=\"eaec45b\" data-elementor-lightbox-title=\"Laternenfest ciclo inicial 2023_8\" data-e-action-hash=\"#elementor-action%3Aaction%3Dlightbox%26settings%3DeyJpZCI6MjQwMTEsInVybCI6Imh0dHBzOlwvXC9pYWxlbWFuLmNsXC93cC1jb250ZW50XC91cGxvYWRzXC8yMDIzXC8wOVwvTGF0ZXJuZW5mZXN0LWNpY2xvLWluaWNpYWwtMjAyM184LmpwZyIsInNsaWRlc2hvdyI6ImVhZWM0NWIifQ%3D%3D\" href='https:\/\/ialeman.cl\/wp-content\/uploads\/2023\/09\/Laternenfest-ciclo-inicial-2023_8.jpg'><img loading=\"lazy\" decoding=\"async\" width=\"1200\" height=\"801\" src=\"https:\/\/ialeman.cl\/wp-content\/uploads\/2023\/09\/Laternenfest-ciclo-inicial-2023_8.jpg\" class=\"attachment-full size-full\" alt=\"\" srcset=\"https:\/\/ialeman.cl\/wp-content\/uploads\/2023\/09\/Laternenfest-ciclo-inicial-2023_8.jpg 1200w, https:\/\/ialeman.cl\/wp-content\/uploads\/2023\/09\/Laternenfest-ciclo-inicial-2023_8-300x200.jpg 300w, https:\/\/ialeman.cl\/wp-content\/uploads\/2023\/09\/Laternenfest-ciclo-inicial-2023_8-1024x684.jpg 1024w, https:\/\/ialeman.cl\/wp-content\/uploads\/2023\/09\/Laternenfest-ciclo-inicial-2023_8-768x513.jpg 768w\" sizes=\"(max-width: 1200px) 100vw, 1200px\" \/><\/a>\n\t\t\t<\/div><\/figure><figure class='gallery-item'>\n\t\t\t<div class='gallery-icon landscape'>\n\t\t\t\t<a data-elementor-open-lightbox=\"yes\" data-elementor-lightbox-slideshow=\"eaec45b\" data-elementor-lightbox-title=\"Laternenfest ciclo inicial 2023_9\" data-e-action-hash=\"#elementor-action%3Aaction%3Dlightbox%26settings%3DeyJpZCI6MjQwMTIsInVybCI6Imh0dHBzOlwvXC9pYWxlbWFuLmNsXC93cC1jb250ZW50XC91cGxvYWRzXC8yMDIzXC8wOVwvTGF0ZXJuZW5mZXN0LWNpY2xvLWluaWNpYWwtMjAyM185LmpwZyIsInNsaWRlc2hvdyI6ImVhZWM0NWIifQ%3D%3D\" href='https:\/\/ialeman.cl\/wp-content\/uploads\/2023\/09\/Laternenfest-ciclo-inicial-2023_9.jpg'><img loading=\"lazy\" decoding=\"async\" width=\"1200\" height=\"801\" src=\"https:\/\/ialeman.cl\/wp-content\/uploads\/2023\/09\/Laternenfest-ciclo-inicial-2023_9.jpg\" class=\"attachment-full size-full\" alt=\"\" srcset=\"https:\/\/ialeman.cl\/wp-content\/uploads\/2023\/09\/Laternenfest-ciclo-inicial-2023_9.jpg 1200w, https:\/\/ialeman.cl\/wp-content\/uploads\/2023\/09\/Laternenfest-ciclo-inicial-2023_9-300x200.jpg 300w, https:\/\/ialeman.cl\/wp-content\/uploads\/2023\/09\/Laternenfest-ciclo-inicial-2023_9-1024x684.jpg 1024w, https:\/\/ialeman.cl\/wp-content\/uploads\/2023\/09\/Laternenfest-ciclo-inicial-2023_9-768x513.jpg 768w\" sizes=\"(max-width: 1200px) 100vw, 1200px\" \/><\/a>\n\t\t\t<\/div><\/figure><figure class='gallery-item'>\n\t\t\t<div class='gallery-icon landscape'>\n\t\t\t\t<a data-elementor-open-lightbox=\"yes\" data-elementor-lightbox-slideshow=\"eaec45b\" data-elementor-lightbox-title=\"Laternenfest ciclo inicial 2023_9_2\" data-e-action-hash=\"#elementor-action%3Aaction%3Dlightbox%26settings%3DeyJpZCI6MjQwMTMsInVybCI6Imh0dHBzOlwvXC9pYWxlbWFuLmNsXC93cC1jb250ZW50XC91cGxvYWRzXC8yMDIzXC8wOVwvTGF0ZXJuZW5mZXN0LWNpY2xvLWluaWNpYWwtMjAyM185XzIuanBnIiwic2xpZGVzaG93IjoiZWFlYzQ1YiJ9\" href='https:\/\/ialeman.cl\/wp-content\/uploads\/2023\/09\/Laternenfest-ciclo-inicial-2023_9_2.jpg'><img loading=\"lazy\" decoding=\"async\" width=\"1200\" height=\"801\" src=\"https:\/\/ialeman.cl\/wp-content\/uploads\/2023\/09\/Laternenfest-ciclo-inicial-2023_9_2.jpg\" class=\"attachment-full size-full\" alt=\"\" srcset=\"https:\/\/ialeman.cl\/wp-content\/uploads\/2023\/09\/Laternenfest-ciclo-inicial-2023_9_2.jpg 1200w, https:\/\/ialeman.cl\/wp-content\/uploads\/2023\/09\/Laternenfest-ciclo-inicial-2023_9_2-300x200.jpg 300w, https:\/\/ialeman.cl\/wp-content\/uploads\/2023\/09\/Laternenfest-ciclo-inicial-2023_9_2-1024x684.jpg 1024w, https:\/\/ialeman.cl\/wp-content\/uploads\/2023\/09\/Laternenfest-ciclo-inicial-2023_9_2-768x513.jpg 768w\" sizes=\"(max-width: 1200px) 100vw, 1200px\" \/><\/a>\n\t\t\t<\/div><\/figure><figure class='gallery-item'>\n\t\t\t<div class='gallery-icon landscape'>\n\t\t\t\t<a data-elementor-open-lightbox=\"yes\" data-elementor-lightbox-slideshow=\"eaec45b\" data-elementor-lightbox-title=\"Laternenfest ciclo inicial 2023_10\" data-e-action-hash=\"#elementor-action%3Aaction%3Dlightbox%26settings%3DeyJpZCI6MjQwMTQsInVybCI6Imh0dHBzOlwvXC9pYWxlbWFuLmNsXC93cC1jb250ZW50XC91cGxvYWRzXC8yMDIzXC8wOVwvTGF0ZXJuZW5mZXN0LWNpY2xvLWluaWNpYWwtMjAyM18xMC5qcGciLCJzbGlkZXNob3ciOiJlYWVjNDViIn0%3D\" href='https:\/\/ialeman.cl\/wp-content\/uploads\/2023\/09\/Laternenfest-ciclo-inicial-2023_10.jpg'><img loading=\"lazy\" decoding=\"async\" width=\"1200\" height=\"801\" src=\"https:\/\/ialeman.cl\/wp-content\/uploads\/2023\/09\/Laternenfest-ciclo-inicial-2023_10.jpg\" class=\"attachment-full size-full\" alt=\"\" srcset=\"https:\/\/ialeman.cl\/wp-content\/uploads\/2023\/09\/Laternenfest-ciclo-inicial-2023_10.jpg 1200w, https:\/\/ialeman.cl\/wp-content\/uploads\/2023\/09\/Laternenfest-ciclo-inicial-2023_10-300x200.jpg 300w, https:\/\/ialeman.cl\/wp-content\/uploads\/2023\/09\/Laternenfest-ciclo-inicial-2023_10-1024x684.jpg 1024w, https:\/\/ialeman.cl\/wp-content\/uploads\/2023\/09\/Laternenfest-ciclo-inicial-2023_10-768x513.jpg 768w\" sizes=\"(max-width: 1200px) 100vw, 1200px\" \/><\/a>\n\t\t\t<\/div><\/figure><figure class='gallery-item'>\n\t\t\t<div class='gallery-icon landscape'>\n\t\t\t\t<a data-elementor-open-lightbox=\"yes\" data-elementor-lightbox-slideshow=\"eaec45b\" data-elementor-lightbox-title=\"Laternenfest ciclo inicial 2023_11\" data-e-action-hash=\"#elementor-action%3Aaction%3Dlightbox%26settings%3DeyJpZCI6MjQwMTUsInVybCI6Imh0dHBzOlwvXC9pYWxlbWFuLmNsXC93cC1jb250ZW50XC91cGxvYWRzXC8yMDIzXC8wOVwvTGF0ZXJuZW5mZXN0LWNpY2xvLWluaWNpYWwtMjAyM18xMS5qcGciLCJzbGlkZXNob3ciOiJlYWVjNDViIn0%3D\" href='https:\/\/ialeman.cl\/wp-content\/uploads\/2023\/09\/Laternenfest-ciclo-inicial-2023_11.jpg'><img loading=\"lazy\" decoding=\"async\" width=\"1200\" height=\"801\" src=\"https:\/\/ialeman.cl\/wp-content\/uploads\/2023\/09\/Laternenfest-ciclo-inicial-2023_11.jpg\" class=\"attachment-full size-full\" alt=\"\" srcset=\"https:\/\/ialeman.cl\/wp-content\/uploads\/2023\/09\/Laternenfest-ciclo-inicial-2023_11.jpg 1200w, https:\/\/ialeman.cl\/wp-content\/uploads\/2023\/09\/Laternenfest-ciclo-inicial-2023_11-300x200.jpg 300w, https:\/\/ialeman.cl\/wp-content\/uploads\/2023\/09\/Laternenfest-ciclo-inicial-2023_11-1024x684.jpg 1024w, https:\/\/ialeman.cl\/wp-content\/uploads\/2023\/09\/Laternenfest-ciclo-inicial-2023_11-768x513.jpg 768w\" sizes=\"(max-width: 1200px) 100vw, 1200px\" \/><\/a>\n\t\t\t<\/div><\/figure><figure class='gallery-item'>\n\t\t\t<div class='gallery-icon landscape'>\n\t\t\t\t<a data-elementor-open-lightbox=\"yes\" data-elementor-lightbox-slideshow=\"eaec45b\" data-elementor-lightbox-title=\"Laternenfest ciclo inicial 2023_11_1\" data-e-action-hash=\"#elementor-action%3Aaction%3Dlightbox%26settings%3DeyJpZCI6MjQwMTYsInVybCI6Imh0dHBzOlwvXC9pYWxlbWFuLmNsXC93cC1jb250ZW50XC91cGxvYWRzXC8yMDIzXC8wOVwvTGF0ZXJuZW5mZXN0LWNpY2xvLWluaWNpYWwtMjAyM18xMV8xLmpwZyIsInNsaWRlc2hvdyI6ImVhZWM0NWIifQ%3D%3D\" href='https:\/\/ialeman.cl\/wp-content\/uploads\/2023\/09\/Laternenfest-ciclo-inicial-2023_11_1.jpg'><img loading=\"lazy\" decoding=\"async\" width=\"1200\" height=\"801\" src=\"https:\/\/ialeman.cl\/wp-content\/uploads\/2023\/09\/Laternenfest-ciclo-inicial-2023_11_1.jpg\" class=\"attachment-full size-full\" alt=\"\" srcset=\"https:\/\/ialeman.cl\/wp-content\/uploads\/2023\/09\/Laternenfest-ciclo-inicial-2023_11_1.jpg 1200w, https:\/\/ialeman.cl\/wp-content\/uploads\/2023\/09\/Laternenfest-ciclo-inicial-2023_11_1-300x200.jpg 300w, https:\/\/ialeman.cl\/wp-content\/uploads\/2023\/09\/Laternenfest-ciclo-inicial-2023_11_1-1024x684.jpg 1024w, https:\/\/ialeman.cl\/wp-content\/uploads\/2023\/09\/Laternenfest-ciclo-inicial-2023_11_1-768x513.jpg 768w\" sizes=\"(max-width: 1200px) 100vw, 1200px\" \/><\/a>\n\t\t\t<\/div><\/figure><figure class='gallery-item'>\n\t\t\t<div class='gallery-icon landscape'>\n\t\t\t\t<a data-elementor-open-lightbox=\"yes\" data-elementor-lightbox-slideshow=\"eaec45b\" data-elementor-lightbox-title=\"Laternenfest ciclo inicial 2023_12\" data-e-action-hash=\"#elementor-action%3Aaction%3Dlightbox%26settings%3DeyJpZCI6MjQwMTcsInVybCI6Imh0dHBzOlwvXC9pYWxlbWFuLmNsXC93cC1jb250ZW50XC91cGxvYWRzXC8yMDIzXC8wOVwvTGF0ZXJuZW5mZXN0LWNpY2xvLWluaWNpYWwtMjAyM18xMi5qcGciLCJzbGlkZXNob3ciOiJlYWVjNDViIn0%3D\" href='https:\/\/ialeman.cl\/wp-content\/uploads\/2023\/09\/Laternenfest-ciclo-inicial-2023_12.jpg'><img loading=\"lazy\" decoding=\"async\" width=\"1200\" height=\"801\" src=\"https:\/\/ialeman.cl\/wp-content\/uploads\/2023\/09\/Laternenfest-ciclo-inicial-2023_12.jpg\" class=\"attachment-full size-full\" alt=\"\" srcset=\"https:\/\/ialeman.cl\/wp-content\/uploads\/2023\/09\/Laternenfest-ciclo-inicial-2023_12.jpg 1200w, https:\/\/ialeman.cl\/wp-content\/uploads\/2023\/09\/Laternenfest-ciclo-inicial-2023_12-300x200.jpg 300w, https:\/\/ialeman.cl\/wp-content\/uploads\/2023\/09\/Laternenfest-ciclo-inicial-2023_12-1024x684.jpg 1024w, https:\/\/ialeman.cl\/wp-content\/uploads\/2023\/09\/Laternenfest-ciclo-inicial-2023_12-768x513.jpg 768w\" sizes=\"(max-width: 1200px) 100vw, 1200px\" \/><\/a>\n\t\t\t<\/div><\/figure><figure class='gallery-item'>\n\t\t\t<div class='gallery-icon landscape'>\n\t\t\t\t<a data-elementor-open-lightbox=\"yes\" data-elementor-lightbox-slideshow=\"eaec45b\" data-elementor-lightbox-title=\"Laternenfest ciclo inicial 2023_13\" data-e-action-hash=\"#elementor-action%3Aaction%3Dlightbox%26settings%3DeyJpZCI6MjQwMTgsInVybCI6Imh0dHBzOlwvXC9pYWxlbWFuLmNsXC93cC1jb250ZW50XC91cGxvYWRzXC8yMDIzXC8wOVwvTGF0ZXJuZW5mZXN0LWNpY2xvLWluaWNpYWwtMjAyM18xMy5qcGciLCJzbGlkZXNob3ciOiJlYWVjNDViIn0%3D\" href='https:\/\/ialeman.cl\/wp-content\/uploads\/2023\/09\/Laternenfest-ciclo-inicial-2023_13.jpg'><img loading=\"lazy\" decoding=\"async\" width=\"1200\" height=\"801\" src=\"https:\/\/ialeman.cl\/wp-content\/uploads\/2023\/09\/Laternenfest-ciclo-inicial-2023_13.jpg\" class=\"attachment-full size-full\" alt=\"\" srcset=\"https:\/\/ialeman.cl\/wp-content\/uploads\/2023\/09\/Laternenfest-ciclo-inicial-2023_13.jpg 1200w, https:\/\/ialeman.cl\/wp-content\/uploads\/2023\/09\/Laternenfest-ciclo-inicial-2023_13-300x200.jpg 300w, https:\/\/ialeman.cl\/wp-content\/uploads\/2023\/09\/Laternenfest-ciclo-inicial-2023_13-1024x684.jpg 1024w, https:\/\/ialeman.cl\/wp-content\/uploads\/2023\/09\/Laternenfest-ciclo-inicial-2023_13-768x513.jpg 768w\" sizes=\"(max-width: 1200px) 100vw, 1200px\" \/><\/a>\n\t\t\t<\/div><\/figure><figure class='gallery-item'>\n\t\t\t<div class='gallery-icon landscape'>\n\t\t\t\t<a data-elementor-open-lightbox=\"yes\" data-elementor-lightbox-slideshow=\"eaec45b\" data-elementor-lightbox-title=\"Laternenfest ciclo inicial 2023_13_1\" data-e-action-hash=\"#elementor-action%3Aaction%3Dlightbox%26settings%3DeyJpZCI6MjQwMTksInVybCI6Imh0dHBzOlwvXC9pYWxlbWFuLmNsXC93cC1jb250ZW50XC91cGxvYWRzXC8yMDIzXC8wOVwvTGF0ZXJuZW5mZXN0LWNpY2xvLWluaWNpYWwtMjAyM18xM18xLmpwZyIsInNsaWRlc2hvdyI6ImVhZWM0NWIifQ%3D%3D\" href='https:\/\/ialeman.cl\/wp-content\/uploads\/2023\/09\/Laternenfest-ciclo-inicial-2023_13_1.jpg'><img loading=\"lazy\" decoding=\"async\" width=\"1200\" height=\"801\" src=\"https:\/\/ialeman.cl\/wp-content\/uploads\/2023\/09\/Laternenfest-ciclo-inicial-2023_13_1.jpg\" class=\"attachment-full size-full\" alt=\"\" srcset=\"https:\/\/ialeman.cl\/wp-content\/uploads\/2023\/09\/Laternenfest-ciclo-inicial-2023_13_1.jpg 1200w, https:\/\/ialeman.cl\/wp-content\/uploads\/2023\/09\/Laternenfest-ciclo-inicial-2023_13_1-300x200.jpg 300w, https:\/\/ialeman.cl\/wp-content\/uploads\/2023\/09\/Laternenfest-ciclo-inicial-2023_13_1-1024x684.jpg 1024w, https:\/\/ialeman.cl\/wp-content\/uploads\/2023\/09\/Laternenfest-ciclo-inicial-2023_13_1-768x513.jpg 768w\" sizes=\"(max-width: 1200px) 100vw, 1200px\" \/><\/a>\n\t\t\t<\/div><\/figure><figure class='gallery-item'>\n\t\t\t<div class='gallery-icon landscape'>\n\t\t\t\t<a data-elementor-open-lightbox=\"yes\" data-elementor-lightbox-slideshow=\"eaec45b\" data-elementor-lightbox-title=\"Laternenfest ciclo inicial 2023_14\" data-e-action-hash=\"#elementor-action%3Aaction%3Dlightbox%26settings%3DeyJpZCI6MjQwMjAsInVybCI6Imh0dHBzOlwvXC9pYWxlbWFuLmNsXC93cC1jb250ZW50XC91cGxvYWRzXC8yMDIzXC8wOVwvTGF0ZXJuZW5mZXN0LWNpY2xvLWluaWNpYWwtMjAyM18xNC5qcGciLCJzbGlkZXNob3ciOiJlYWVjNDViIn0%3D\" href='https:\/\/ialeman.cl\/wp-content\/uploads\/2023\/09\/Laternenfest-ciclo-inicial-2023_14.jpg'><img loading=\"lazy\" decoding=\"async\" width=\"1200\" height=\"801\" src=\"https:\/\/ialeman.cl\/wp-content\/uploads\/2023\/09\/Laternenfest-ciclo-inicial-2023_14.jpg\" class=\"attachment-full size-full\" alt=\"\" srcset=\"https:\/\/ialeman.cl\/wp-content\/uploads\/2023\/09\/Laternenfest-ciclo-inicial-2023_14.jpg 1200w, https:\/\/ialeman.cl\/wp-content\/uploads\/2023\/09\/Laternenfest-ciclo-inicial-2023_14-300x200.jpg 300w, https:\/\/ialeman.cl\/wp-content\/uploads\/2023\/09\/Laternenfest-ciclo-inicial-2023_14-1024x684.jpg 1024w, https:\/\/ialeman.cl\/wp-content\/uploads\/2023\/09\/Laternenfest-ciclo-inicial-2023_14-768x513.jpg 768w\" sizes=\"(max-width: 1200px) 100vw, 1200px\" \/><\/a>\n\t\t\t<\/div><\/figure><figure class='gallery-item'>\n\t\t\t<div class='gallery-icon landscape'>\n\t\t\t\t<a data-elementor-open-lightbox=\"yes\" data-elementor-lightbox-slideshow=\"eaec45b\" data-elementor-lightbox-title=\"Laternenfest ciclo inicial 2023_15\" data-e-action-hash=\"#elementor-action%3Aaction%3Dlightbox%26settings%3DeyJpZCI6MjQwMjEsInVybCI6Imh0dHBzOlwvXC9pYWxlbWFuLmNsXC93cC1jb250ZW50XC91cGxvYWRzXC8yMDIzXC8wOVwvTGF0ZXJuZW5mZXN0LWNpY2xvLWluaWNpYWwtMjAyM18xNS5qcGciLCJzbGlkZXNob3ciOiJlYWVjNDViIn0%3D\" href='https:\/\/ialeman.cl\/wp-content\/uploads\/2023\/09\/Laternenfest-ciclo-inicial-2023_15.jpg'><img loading=\"lazy\" decoding=\"async\" width=\"1200\" height=\"801\" src=\"https:\/\/ialeman.cl\/wp-content\/uploads\/2023\/09\/Laternenfest-ciclo-inicial-2023_15.jpg\" class=\"attachment-full size-full\" alt=\"\" srcset=\"https:\/\/ialeman.cl\/wp-content\/uploads\/2023\/09\/Laternenfest-ciclo-inicial-2023_15.jpg 1200w, https:\/\/ialeman.cl\/wp-content\/uploads\/2023\/09\/Laternenfest-ciclo-inicial-2023_15-300x200.jpg 300w, https:\/\/ialeman.cl\/wp-content\/uploads\/2023\/09\/Laternenfest-ciclo-inicial-2023_15-1024x684.jpg 1024w, https:\/\/ialeman.cl\/wp-content\/uploads\/2023\/09\/Laternenfest-ciclo-inicial-2023_15-768x513.jpg 768w\" sizes=\"(max-width: 1200px) 100vw, 1200px\" \/><\/a>\n\t\t\t<\/div><\/figure><figure class='gallery-item'>\n\t\t\t<div class='gallery-icon landscape'>\n\t\t\t\t<a data-elementor-open-lightbox=\"yes\" data-elementor-lightbox-slideshow=\"eaec45b\" data-elementor-lightbox-title=\"Laternenfest ciclo inicial 2023_16\" data-e-action-hash=\"#elementor-action%3Aaction%3Dlightbox%26settings%3DeyJpZCI6MjQwMjIsInVybCI6Imh0dHBzOlwvXC9pYWxlbWFuLmNsXC93cC1jb250ZW50XC91cGxvYWRzXC8yMDIzXC8wOVwvTGF0ZXJuZW5mZXN0LWNpY2xvLWluaWNpYWwtMjAyM18xNi5qcGciLCJzbGlkZXNob3ciOiJlYWVjNDViIn0%3D\" href='https:\/\/ialeman.cl\/wp-content\/uploads\/2023\/09\/Laternenfest-ciclo-inicial-2023_16.jpg'><img loading=\"lazy\" decoding=\"async\" width=\"1200\" height=\"801\" src=\"https:\/\/ialeman.cl\/wp-content\/uploads\/2023\/09\/Laternenfest-ciclo-inicial-2023_16.jpg\" class=\"attachment-full size-full\" alt=\"\" srcset=\"https:\/\/ialeman.cl\/wp-content\/uploads\/2023\/09\/Laternenfest-ciclo-inicial-2023_16.jpg 1200w, https:\/\/ialeman.cl\/wp-content\/uploads\/2023\/09\/Laternenfest-ciclo-inicial-2023_16-300x200.jpg 300w, https:\/\/ialeman.cl\/wp-content\/uploads\/2023\/09\/Laternenfest-ciclo-inicial-2023_16-1024x684.jpg 1024w, https:\/\/ialeman.cl\/wp-content\/uploads\/2023\/09\/Laternenfest-ciclo-inicial-2023_16-768x513.jpg 768w\" sizes=\"(max-width: 1200px) 100vw, 1200px\" \/><\/a>\n\t\t\t<\/div><\/figure><figure class='gallery-item'>\n\t\t\t<div class='gallery-icon landscape'>\n\t\t\t\t<a data-elementor-open-lightbox=\"yes\" data-elementor-lightbox-slideshow=\"eaec45b\" data-elementor-lightbox-title=\"Laternenfest ciclo inicial 2023_17\" data-e-action-hash=\"#elementor-action%3Aaction%3Dlightbox%26settings%3DeyJpZCI6MjQwMjMsInVybCI6Imh0dHBzOlwvXC9pYWxlbWFuLmNsXC93cC1jb250ZW50XC91cGxvYWRzXC8yMDIzXC8wOVwvTGF0ZXJuZW5mZXN0LWNpY2xvLWluaWNpYWwtMjAyM18xNy5qcGciLCJzbGlkZXNob3ciOiJlYWVjNDViIn0%3D\" href='https:\/\/ialeman.cl\/wp-content\/uploads\/2023\/09\/Laternenfest-ciclo-inicial-2023_17.jpg'><img loading=\"lazy\" decoding=\"async\" width=\"1200\" height=\"801\" src=\"https:\/\/ialeman.cl\/wp-content\/uploads\/2023\/09\/Laternenfest-ciclo-inicial-2023_17.jpg\" class=\"attachment-full size-full\" alt=\"\" srcset=\"https:\/\/ialeman.cl\/wp-content\/uploads\/2023\/09\/Laternenfest-ciclo-inicial-2023_17.jpg 1200w, https:\/\/ialeman.cl\/wp-content\/uploads\/2023\/09\/Laternenfest-ciclo-inicial-2023_17-300x200.jpg 300w, https:\/\/ialeman.cl\/wp-content\/uploads\/2023\/09\/Laternenfest-ciclo-inicial-2023_17-1024x684.jpg 1024w, https:\/\/ialeman.cl\/wp-content\/uploads\/2023\/09\/Laternenfest-ciclo-inicial-2023_17-768x513.jpg 768w\" sizes=\"(max-width: 1200px) 100vw, 1200px\" \/><\/a>\n\t\t\t<\/div><\/figure><figure class='gallery-item'>\n\t\t\t<div class='gallery-icon landscape'>\n\t\t\t\t<a data-elementor-open-lightbox=\"yes\" data-elementor-lightbox-slideshow=\"eaec45b\" data-elementor-lightbox-title=\"Laternenfest ciclo inicial 2023_18\" data-e-action-hash=\"#elementor-action%3Aaction%3Dlightbox%26settings%3DeyJpZCI6MjQwMjQsInVybCI6Imh0dHBzOlwvXC9pYWxlbWFuLmNsXC93cC1jb250ZW50XC91cGxvYWRzXC8yMDIzXC8wOVwvTGF0ZXJuZW5mZXN0LWNpY2xvLWluaWNpYWwtMjAyM18xOC5qcGciLCJzbGlkZXNob3ciOiJlYWVjNDViIn0%3D\" href='https:\/\/ialeman.cl\/wp-content\/uploads\/2023\/09\/Laternenfest-ciclo-inicial-2023_18.jpg'><img loading=\"lazy\" decoding=\"async\" width=\"1200\" height=\"801\" src=\"https:\/\/ialeman.cl\/wp-content\/uploads\/2023\/09\/Laternenfest-ciclo-inicial-2023_18.jpg\" class=\"attachment-full size-full\" alt=\"\" srcset=\"https:\/\/ialeman.cl\/wp-content\/uploads\/2023\/09\/Laternenfest-ciclo-inicial-2023_18.jpg 1200w, https:\/\/ialeman.cl\/wp-content\/uploads\/2023\/09\/Laternenfest-ciclo-inicial-2023_18-300x200.jpg 300w, https:\/\/ialeman.cl\/wp-content\/uploads\/2023\/09\/Laternenfest-ciclo-inicial-2023_18-1024x684.jpg 1024w, https:\/\/ialeman.cl\/wp-content\/uploads\/2023\/09\/Laternenfest-ciclo-inicial-2023_18-768x513.jpg 768w\" sizes=\"(max-width: 1200px) 100vw, 1200px\" \/><\/a>\n\t\t\t<\/div><\/figure><figure class='gallery-item'>\n\t\t\t<div class='gallery-icon landscape'>\n\t\t\t\t<a data-elementor-open-lightbox=\"yes\" data-elementor-lightbox-slideshow=\"eaec45b\" data-elementor-lightbox-title=\"Laternenfest ciclo inicial 2023_20\" data-e-action-hash=\"#elementor-action%3Aaction%3Dlightbox%26settings%3DeyJpZCI6MjQwMjYsInVybCI6Imh0dHBzOlwvXC9pYWxlbWFuLmNsXC93cC1jb250ZW50XC91cGxvYWRzXC8yMDIzXC8wOVwvTGF0ZXJuZW5mZXN0LWNpY2xvLWluaWNpYWwtMjAyM18yMC5qcGciLCJzbGlkZXNob3ciOiJlYWVjNDViIn0%3D\" href='https:\/\/ialeman.cl\/wp-content\/uploads\/2023\/09\/Laternenfest-ciclo-inicial-2023_20.jpg'><img loading=\"lazy\" decoding=\"async\" width=\"1200\" height=\"801\" src=\"https:\/\/ialeman.cl\/wp-content\/uploads\/2023\/09\/Laternenfest-ciclo-inicial-2023_20.jpg\" class=\"attachment-full size-full\" alt=\"\" srcset=\"https:\/\/ialeman.cl\/wp-content\/uploads\/2023\/09\/Laternenfest-ciclo-inicial-2023_20.jpg 1200w, https:\/\/ialeman.cl\/wp-content\/uploads\/2023\/09\/Laternenfest-ciclo-inicial-2023_20-300x200.jpg 300w, https:\/\/ialeman.cl\/wp-content\/uploads\/2023\/09\/Laternenfest-ciclo-inicial-2023_20-1024x684.jpg 1024w, https:\/\/ialeman.cl\/wp-content\/uploads\/2023\/09\/Laternenfest-ciclo-inicial-2023_20-768x513.jpg 768w\" sizes=\"(max-width: 1200px) 100vw, 1200px\" \/><\/a>\n\t\t\t<\/div><\/figure><figure class='gallery-item'>\n\t\t\t<div class='gallery-icon landscape'>\n\t\t\t\t<a data-elementor-open-lightbox=\"yes\" data-elementor-lightbox-slideshow=\"eaec45b\" data-elementor-lightbox-title=\"Laternenfest ciclo inicial 2023_20_4\" data-e-action-hash=\"#elementor-action%3Aaction%3Dlightbox%26settings%3DeyJpZCI6MjQwMjcsInVybCI6Imh0dHBzOlwvXC9pYWxlbWFuLmNsXC93cC1jb250ZW50XC91cGxvYWRzXC8yMDIzXC8wOVwvTGF0ZXJuZW5mZXN0LWNpY2xvLWluaWNpYWwtMjAyM18yMF80LmpwZyIsInNsaWRlc2hvdyI6ImVhZWM0NWIifQ%3D%3D\" href='https:\/\/ialeman.cl\/wp-content\/uploads\/2023\/09\/Laternenfest-ciclo-inicial-2023_20_4.jpg'><img loading=\"lazy\" decoding=\"async\" width=\"1200\" height=\"801\" src=\"https:\/\/ialeman.cl\/wp-content\/uploads\/2023\/09\/Laternenfest-ciclo-inicial-2023_20_4.jpg\" class=\"attachment-full size-full\" alt=\"\" srcset=\"https:\/\/ialeman.cl\/wp-content\/uploads\/2023\/09\/Laternenfest-ciclo-inicial-2023_20_4.jpg 1200w, https:\/\/ialeman.cl\/wp-content\/uploads\/2023\/09\/Laternenfest-ciclo-inicial-2023_20_4-300x200.jpg 300w, https:\/\/ialeman.cl\/wp-content\/uploads\/2023\/09\/Laternenfest-ciclo-inicial-2023_20_4-1024x684.jpg 1024w, https:\/\/ialeman.cl\/wp-content\/uploads\/2023\/09\/Laternenfest-ciclo-inicial-2023_20_4-768x513.jpg 768w\" sizes=\"(max-width: 1200px) 100vw, 1200px\" \/><\/a>\n\t\t\t<\/div><\/figure><figure class='gallery-item'>\n\t\t\t<div class='gallery-icon landscape'>\n\t\t\t\t<a data-elementor-open-lightbox=\"yes\" data-elementor-lightbox-slideshow=\"eaec45b\" data-elementor-lightbox-title=\"Laternenfest ciclo inicial 2023_21\" data-e-action-hash=\"#elementor-action%3Aaction%3Dlightbox%26settings%3DeyJpZCI6MjQwMjgsInVybCI6Imh0dHBzOlwvXC9pYWxlbWFuLmNsXC93cC1jb250ZW50XC91cGxvYWRzXC8yMDIzXC8wOVwvTGF0ZXJuZW5mZXN0LWNpY2xvLWluaWNpYWwtMjAyM18yMS5qcGciLCJzbGlkZXNob3ciOiJlYWVjNDViIn0%3D\" href='https:\/\/ialeman.cl\/wp-content\/uploads\/2023\/09\/Laternenfest-ciclo-inicial-2023_21.jpg'><img loading=\"lazy\" decoding=\"async\" width=\"1200\" height=\"801\" src=\"https:\/\/ialeman.cl\/wp-content\/uploads\/2023\/09\/Laternenfest-ciclo-inicial-2023_21.jpg\" class=\"attachment-full size-full\" alt=\"\" srcset=\"https:\/\/ialeman.cl\/wp-content\/uploads\/2023\/09\/Laternenfest-ciclo-inicial-2023_21.jpg 1200w, https:\/\/ialeman.cl\/wp-content\/uploads\/2023\/09\/Laternenfest-ciclo-inicial-2023_21-300x200.jpg 300w, https:\/\/ialeman.cl\/wp-content\/uploads\/2023\/09\/Laternenfest-ciclo-inicial-2023_21-1024x684.jpg 1024w, https:\/\/ialeman.cl\/wp-content\/uploads\/2023\/09\/Laternenfest-ciclo-inicial-2023_21-768x513.jpg 768w\" sizes=\"(max-width: 1200px) 100vw, 1200px\" \/><\/a>\n\t\t\t<\/div><\/figure><figure class='gallery-item'>\n\t\t\t<div class='gallery-icon landscape'>\n\t\t\t\t<a data-elementor-open-lightbox=\"yes\" data-elementor-lightbox-slideshow=\"eaec45b\" data-elementor-lightbox-title=\"Laternenfest ciclo inicial 2023_22\" data-e-action-hash=\"#elementor-action%3Aaction%3Dlightbox%26settings%3DeyJpZCI6MjQwMjksInVybCI6Imh0dHBzOlwvXC9pYWxlbWFuLmNsXC93cC1jb250ZW50XC91cGxvYWRzXC8yMDIzXC8wOVwvTGF0ZXJuZW5mZXN0LWNpY2xvLWluaWNpYWwtMjAyM18yMi5qcGciLCJzbGlkZXNob3ciOiJlYWVjNDViIn0%3D\" href='https:\/\/ialeman.cl\/wp-content\/uploads\/2023\/09\/Laternenfest-ciclo-inicial-2023_22.jpg'><img loading=\"lazy\" decoding=\"async\" width=\"1200\" height=\"801\" src=\"https:\/\/ialeman.cl\/wp-content\/uploads\/2023\/09\/Laternenfest-ciclo-inicial-2023_22.jpg\" class=\"attachment-full size-full\" alt=\"\" srcset=\"https:\/\/ialeman.cl\/wp-content\/uploads\/2023\/09\/Laternenfest-ciclo-inicial-2023_22.jpg 1200w, https:\/\/ialeman.cl\/wp-content\/uploads\/2023\/09\/Laternenfest-ciclo-inicial-2023_22-300x200.jpg 300w, https:\/\/ialeman.cl\/wp-content\/uploads\/2023\/09\/Laternenfest-ciclo-inicial-2023_22-1024x684.jpg 1024w, https:\/\/ialeman.cl\/wp-content\/uploads\/2023\/09\/Laternenfest-ciclo-inicial-2023_22-768x513.jpg 768w\" sizes=\"(max-width: 1200px) 100vw, 1200px\" \/><\/a>\n\t\t\t<\/div><\/figure><figure class='gallery-item'>\n\t\t\t<div class='gallery-icon landscape'>\n\t\t\t\t<a data-elementor-open-lightbox=\"yes\" data-elementor-lightbox-slideshow=\"eaec45b\" data-elementor-lightbox-title=\"Laternenfest ciclo inicial 2023_23\" data-e-action-hash=\"#elementor-action%3Aaction%3Dlightbox%26settings%3DeyJpZCI6MjQwMzAsInVybCI6Imh0dHBzOlwvXC9pYWxlbWFuLmNsXC93cC1jb250ZW50XC91cGxvYWRzXC8yMDIzXC8wOVwvTGF0ZXJuZW5mZXN0LWNpY2xvLWluaWNpYWwtMjAyM18yMy5qcGciLCJzbGlkZXNob3ciOiJlYWVjNDViIn0%3D\" href='https:\/\/ialeman.cl\/wp-content\/uploads\/2023\/09\/Laternenfest-ciclo-inicial-2023_23.jpg'><img loading=\"lazy\" decoding=\"async\" width=\"1200\" height=\"801\" src=\"https:\/\/ialeman.cl\/wp-content\/uploads\/2023\/09\/Laternenfest-ciclo-inicial-2023_23.jpg\" class=\"attachment-full size-full\" alt=\"\" srcset=\"https:\/\/ialeman.cl\/wp-content\/uploads\/2023\/09\/Laternenfest-ciclo-inicial-2023_23.jpg 1200w, https:\/\/ialeman.cl\/wp-content\/uploads\/2023\/09\/Laternenfest-ciclo-inicial-2023_23-300x200.jpg 300w, https:\/\/ialeman.cl\/wp-content\/uploads\/2023\/09\/Laternenfest-ciclo-inicial-2023_23-1024x684.jpg 1024w, https:\/\/ialeman.cl\/wp-content\/uploads\/2023\/09\/Laternenfest-ciclo-inicial-2023_23-768x513.jpg 768w\" sizes=\"(max-width: 1200px) 100vw, 1200px\" \/><\/a>\n\t\t\t<\/div><\/figure><figure class='gallery-item'>\n\t\t\t<div class='gallery-icon landscape'>\n\t\t\t\t<a data-elementor-open-lightbox=\"yes\" data-elementor-lightbox-slideshow=\"eaec45b\" data-elementor-lightbox-title=\"Laternenfest ciclo inicial 2023_24\" data-e-action-hash=\"#elementor-action%3Aaction%3Dlightbox%26settings%3DeyJpZCI6MjQwMzEsInVybCI6Imh0dHBzOlwvXC9pYWxlbWFuLmNsXC93cC1jb250ZW50XC91cGxvYWRzXC8yMDIzXC8wOVwvTGF0ZXJuZW5mZXN0LWNpY2xvLWluaWNpYWwtMjAyM18yNC5qcGciLCJzbGlkZXNob3ciOiJlYWVjNDViIn0%3D\" href='https:\/\/ialeman.cl\/wp-content\/uploads\/2023\/09\/Laternenfest-ciclo-inicial-2023_24.jpg'><img loading=\"lazy\" decoding=\"async\" width=\"1200\" height=\"801\" src=\"https:\/\/ialeman.cl\/wp-content\/uploads\/2023\/09\/Laternenfest-ciclo-inicial-2023_24.jpg\" class=\"attachment-full size-full\" alt=\"\" srcset=\"https:\/\/ialeman.cl\/wp-content\/uploads\/2023\/09\/Laternenfest-ciclo-inicial-2023_24.jpg 1200w, https:\/\/ialeman.cl\/wp-content\/uploads\/2023\/09\/Laternenfest-ciclo-inicial-2023_24-300x200.jpg 300w, https:\/\/ialeman.cl\/wp-content\/uploads\/2023\/09\/Laternenfest-ciclo-inicial-2023_24-1024x684.jpg 1024w, https:\/\/ialeman.cl\/wp-content\/uploads\/2023\/09\/Laternenfest-ciclo-inicial-2023_24-768x513.jpg 768w\" sizes=\"(max-width: 1200px) 100vw, 1200px\" \/><\/a>\n\t\t\t<\/div><\/figure><figure class='gallery-item'>\n\t\t\t<div class='gallery-icon landscape'>\n\t\t\t\t<a data-elementor-open-lightbox=\"yes\" data-elementor-lightbox-slideshow=\"eaec45b\" data-elementor-lightbox-title=\"Laternenfest ciclo inicial 2023_24_1\" data-e-action-hash=\"#elementor-action%3Aaction%3Dlightbox%26settings%3DeyJpZCI6MjQwMzIsInVybCI6Imh0dHBzOlwvXC9pYWxlbWFuLmNsXC93cC1jb250ZW50XC91cGxvYWRzXC8yMDIzXC8wOVwvTGF0ZXJuZW5mZXN0LWNpY2xvLWluaWNpYWwtMjAyM18yNF8xLmpwZyIsInNsaWRlc2hvdyI6ImVhZWM0NWIifQ%3D%3D\" href='https:\/\/ialeman.cl\/wp-content\/uploads\/2023\/09\/Laternenfest-ciclo-inicial-2023_24_1.jpg'><img loading=\"lazy\" decoding=\"async\" width=\"1200\" height=\"801\" src=\"https:\/\/ialeman.cl\/wp-content\/uploads\/2023\/09\/Laternenfest-ciclo-inicial-2023_24_1.jpg\" class=\"attachment-full size-full\" alt=\"\" srcset=\"https:\/\/ialeman.cl\/wp-content\/uploads\/2023\/09\/Laternenfest-ciclo-inicial-2023_24_1.jpg 1200w, https:\/\/ialeman.cl\/wp-content\/uploads\/2023\/09\/Laternenfest-ciclo-inicial-2023_24_1-300x200.jpg 300w, https:\/\/ialeman.cl\/wp-content\/uploads\/2023\/09\/Laternenfest-ciclo-inicial-2023_24_1-1024x684.jpg 1024w, https:\/\/ialeman.cl\/wp-content\/uploads\/2023\/09\/Laternenfest-ciclo-inicial-2023_24_1-768x513.jpg 768w\" sizes=\"(max-width: 1200px) 100vw, 1200px\" \/><\/a>\n\t\t\t<\/div><\/figure><figure class='gallery-item'>\n\t\t\t<div class='gallery-icon landscape'>\n\t\t\t\t<a data-elementor-open-lightbox=\"yes\" data-elementor-lightbox-slideshow=\"eaec45b\" data-elementor-lightbox-title=\"Laternenfest ciclo inicial 2023_25\" data-e-action-hash=\"#elementor-action%3Aaction%3Dlightbox%26settings%3DeyJpZCI6MjQwMzMsInVybCI6Imh0dHBzOlwvXC9pYWxlbWFuLmNsXC93cC1jb250ZW50XC91cGxvYWRzXC8yMDIzXC8wOVwvTGF0ZXJuZW5mZXN0LWNpY2xvLWluaWNpYWwtMjAyM18yNS5qcGciLCJzbGlkZXNob3ciOiJlYWVjNDViIn0%3D\" href='https:\/\/ialeman.cl\/wp-content\/uploads\/2023\/09\/Laternenfest-ciclo-inicial-2023_25.jpg'><img loading=\"lazy\" decoding=\"async\" width=\"1200\" height=\"801\" src=\"https:\/\/ialeman.cl\/wp-content\/uploads\/2023\/09\/Laternenfest-ciclo-inicial-2023_25.jpg\" class=\"attachment-full size-full\" alt=\"\" srcset=\"https:\/\/ialeman.cl\/wp-content\/uploads\/2023\/09\/Laternenfest-ciclo-inicial-2023_25.jpg 1200w, https:\/\/ialeman.cl\/wp-content\/uploads\/2023\/09\/Laternenfest-ciclo-inicial-2023_25-300x200.jpg 300w, https:\/\/ialeman.cl\/wp-content\/uploads\/2023\/09\/Laternenfest-ciclo-inicial-2023_25-1024x684.jpg 1024w, https:\/\/ialeman.cl\/wp-content\/uploads\/2023\/09\/Laternenfest-ciclo-inicial-2023_25-768x513.jpg 768w\" sizes=\"(max-width: 1200px) 100vw, 1200px\" \/><\/a>\n\t\t\t<\/div><\/figure><figure class='gallery-item'>\n\t\t\t<div class='gallery-icon landscape'>\n\t\t\t\t<a data-elementor-open-lightbox=\"yes\" data-elementor-lightbox-slideshow=\"eaec45b\" data-elementor-lightbox-title=\"Laternenfest ciclo inicial 2023_26\" data-e-action-hash=\"#elementor-action%3Aaction%3Dlightbox%26settings%3DeyJpZCI6MjQwMzQsInVybCI6Imh0dHBzOlwvXC9pYWxlbWFuLmNsXC93cC1jb250ZW50XC91cGxvYWRzXC8yMDIzXC8wOVwvTGF0ZXJuZW5mZXN0LWNpY2xvLWluaWNpYWwtMjAyM18yNi5qcGciLCJzbGlkZXNob3ciOiJlYWVjNDViIn0%3D\" href='https:\/\/ialeman.cl\/wp-content\/uploads\/2023\/09\/Laternenfest-ciclo-inicial-2023_26.jpg'><img loading=\"lazy\" decoding=\"async\" width=\"1200\" height=\"801\" src=\"https:\/\/ialeman.cl\/wp-content\/uploads\/2023\/09\/Laternenfest-ciclo-inicial-2023_26.jpg\" class=\"attachment-full size-full\" alt=\"\" srcset=\"https:\/\/ialeman.cl\/wp-content\/uploads\/2023\/09\/Laternenfest-ciclo-inicial-2023_26.jpg 1200w, https:\/\/ialeman.cl\/wp-content\/uploads\/2023\/09\/Laternenfest-ciclo-inicial-2023_26-300x200.jpg 300w, https:\/\/ialeman.cl\/wp-content\/uploads\/2023\/09\/Laternenfest-ciclo-inicial-2023_26-1024x684.jpg 1024w, https:\/\/ialeman.cl\/wp-content\/uploads\/2023\/09\/Laternenfest-ciclo-inicial-2023_26-768x513.jpg 768w\" sizes=\"(max-width: 1200px) 100vw, 1200px\" \/><\/a>\n\t\t\t<\/div><\/figure><figure class='gallery-item'>\n\t\t\t<div class='gallery-icon landscape'>\n\t\t\t\t<a data-elementor-open-lightbox=\"yes\" data-elementor-lightbox-slideshow=\"eaec45b\" data-elementor-lightbox-title=\"Laternenfest ciclo inicial 2023_27\" data-e-action-hash=\"#elementor-action%3Aaction%3Dlightbox%26settings%3DeyJpZCI6MjQwMzUsInVybCI6Imh0dHBzOlwvXC9pYWxlbWFuLmNsXC93cC1jb250ZW50XC91cGxvYWRzXC8yMDIzXC8wOVwvTGF0ZXJuZW5mZXN0LWNpY2xvLWluaWNpYWwtMjAyM18yNy5qcGciLCJzbGlkZXNob3ciOiJlYWVjNDViIn0%3D\" href='https:\/\/ialeman.cl\/wp-content\/uploads\/2023\/09\/Laternenfest-ciclo-inicial-2023_27.jpg'><img loading=\"lazy\" decoding=\"async\" width=\"1200\" height=\"801\" src=\"https:\/\/ialeman.cl\/wp-content\/uploads\/2023\/09\/Laternenfest-ciclo-inicial-2023_27.jpg\" class=\"attachment-full size-full\" alt=\"\" srcset=\"https:\/\/ialeman.cl\/wp-content\/uploads\/2023\/09\/Laternenfest-ciclo-inicial-2023_27.jpg 1200w, https:\/\/ialeman.cl\/wp-content\/uploads\/2023\/09\/Laternenfest-ciclo-inicial-2023_27-300x200.jpg 300w, https:\/\/ialeman.cl\/wp-content\/uploads\/2023\/09\/Laternenfest-ciclo-inicial-2023_27-1024x684.jpg 1024w, https:\/\/ialeman.cl\/wp-content\/uploads\/2023\/09\/Laternenfest-ciclo-inicial-2023_27-768x513.jpg 768w\" sizes=\"(max-width: 1200px) 100vw, 1200px\" \/><\/a>\n\t\t\t<\/div><\/figure><figure class='gallery-item'>\n\t\t\t<div class='gallery-icon landscape'>\n\t\t\t\t<a data-elementor-open-lightbox=\"yes\" data-elementor-lightbox-slideshow=\"eaec45b\" data-elementor-lightbox-title=\"Laternenfest ciclo inicial 2023_27_1\" data-e-action-hash=\"#elementor-action%3Aaction%3Dlightbox%26settings%3DeyJpZCI6MjQwMzYsInVybCI6Imh0dHBzOlwvXC9pYWxlbWFuLmNsXC93cC1jb250ZW50XC91cGxvYWRzXC8yMDIzXC8wOVwvTGF0ZXJuZW5mZXN0LWNpY2xvLWluaWNpYWwtMjAyM18yN18xLmpwZyIsInNsaWRlc2hvdyI6ImVhZWM0NWIifQ%3D%3D\" href='https:\/\/ialeman.cl\/wp-content\/uploads\/2023\/09\/Laternenfest-ciclo-inicial-2023_27_1.jpg'><img loading=\"lazy\" decoding=\"async\" width=\"1200\" height=\"801\" src=\"https:\/\/ialeman.cl\/wp-content\/uploads\/2023\/09\/Laternenfest-ciclo-inicial-2023_27_1.jpg\" class=\"attachment-full size-full\" alt=\"\" srcset=\"https:\/\/ialeman.cl\/wp-content\/uploads\/2023\/09\/Laternenfest-ciclo-inicial-2023_27_1.jpg 1200w, https:\/\/ialeman.cl\/wp-content\/uploads\/2023\/09\/Laternenfest-ciclo-inicial-2023_27_1-300x200.jpg 300w, https:\/\/ialeman.cl\/wp-content\/uploads\/2023\/09\/Laternenfest-ciclo-inicial-2023_27_1-1024x684.jpg 1024w, https:\/\/ialeman.cl\/wp-content\/uploads\/2023\/09\/Laternenfest-ciclo-inicial-2023_27_1-768x513.jpg 768w\" sizes=\"(max-width: 1200px) 100vw, 1200px\" \/><\/a>\n\t\t\t<\/div><\/figure><figure class='gallery-item'>\n\t\t\t<div class='gallery-icon landscape'>\n\t\t\t\t<a data-elementor-open-lightbox=\"yes\" data-elementor-lightbox-slideshow=\"eaec45b\" data-elementor-lightbox-title=\"Laternenfest ciclo inicial 2023_28\" data-e-action-hash=\"#elementor-action%3Aaction%3Dlightbox%26settings%3DeyJpZCI6MjQwMzcsInVybCI6Imh0dHBzOlwvXC9pYWxlbWFuLmNsXC93cC1jb250ZW50XC91cGxvYWRzXC8yMDIzXC8wOVwvTGF0ZXJuZW5mZXN0LWNpY2xvLWluaWNpYWwtMjAyM18yOC5qcGciLCJzbGlkZXNob3ciOiJlYWVjNDViIn0%3D\" href='https:\/\/ialeman.cl\/wp-content\/uploads\/2023\/09\/Laternenfest-ciclo-inicial-2023_28.jpg'><img loading=\"lazy\" decoding=\"async\" width=\"1200\" height=\"801\" src=\"https:\/\/ialeman.cl\/wp-content\/uploads\/2023\/09\/Laternenfest-ciclo-inicial-2023_28.jpg\" class=\"attachment-full size-full\" alt=\"\" srcset=\"https:\/\/ialeman.cl\/wp-content\/uploads\/2023\/09\/Laternenfest-ciclo-inicial-2023_28.jpg 1200w, https:\/\/ialeman.cl\/wp-content\/uploads\/2023\/09\/Laternenfest-ciclo-inicial-2023_28-300x200.jpg 300w, https:\/\/ialeman.cl\/wp-content\/uploads\/2023\/09\/Laternenfest-ciclo-inicial-2023_28-1024x684.jpg 1024w, https:\/\/ialeman.cl\/wp-content\/uploads\/2023\/09\/Laternenfest-ciclo-inicial-2023_28-768x513.jpg 768w\" sizes=\"(max-width: 1200px) 100vw, 1200px\" \/><\/a>\n\t\t\t<\/div><\/figure><figure class='gallery-item'>\n\t\t\t<div class='gallery-icon landscape'>\n\t\t\t\t<a data-elementor-open-lightbox=\"yes\" data-elementor-lightbox-slideshow=\"eaec45b\" data-elementor-lightbox-title=\"Laternenfest ciclo inicial 2023_29\" data-e-action-hash=\"#elementor-action%3Aaction%3Dlightbox%26settings%3DeyJpZCI6MjQwMzgsInVybCI6Imh0dHBzOlwvXC9pYWxlbWFuLmNsXC93cC1jb250ZW50XC91cGxvYWRzXC8yMDIzXC8wOVwvTGF0ZXJuZW5mZXN0LWNpY2xvLWluaWNpYWwtMjAyM18yOS5qcGciLCJzbGlkZXNob3ciOiJlYWVjNDViIn0%3D\" href='https:\/\/ialeman.cl\/wp-content\/uploads\/2023\/09\/Laternenfest-ciclo-inicial-2023_29.jpg'><img loading=\"lazy\" decoding=\"async\" width=\"1200\" height=\"801\" src=\"https:\/\/ialeman.cl\/wp-content\/uploads\/2023\/09\/Laternenfest-ciclo-inicial-2023_29.jpg\" class=\"attachment-full size-full\" alt=\"\" srcset=\"https:\/\/ialeman.cl\/wp-content\/uploads\/2023\/09\/Laternenfest-ciclo-inicial-2023_29.jpg 1200w, https:\/\/ialeman.cl\/wp-content\/uploads\/2023\/09\/Laternenfest-ciclo-inicial-2023_29-300x200.jpg 300w, https:\/\/ialeman.cl\/wp-content\/uploads\/2023\/09\/Laternenfest-ciclo-inicial-2023_29-1024x684.jpg 1024w, https:\/\/ialeman.cl\/wp-content\/uploads\/2023\/09\/Laternenfest-ciclo-inicial-2023_29-768x513.jpg 768w\" sizes=\"(max-width: 1200px) 100vw, 1200px\" \/><\/a>\n\t\t\t<\/div><\/figure><figure class='gallery-item'>\n\t\t\t<div class='gallery-icon landscape'>\n\t\t\t\t<a data-elementor-open-lightbox=\"yes\" data-elementor-lightbox-slideshow=\"eaec45b\" data-elementor-lightbox-title=\"Laternenfest ciclo inicial 2023_30_1\" data-e-action-hash=\"#elementor-action%3Aaction%3Dlightbox%26settings%3DeyJpZCI6MjQwNDAsInVybCI6Imh0dHBzOlwvXC9pYWxlbWFuLmNsXC93cC1jb250ZW50XC91cGxvYWRzXC8yMDIzXC8wOVwvTGF0ZXJuZW5mZXN0LWNpY2xvLWluaWNpYWwtMjAyM18zMF8xLmpwZyIsInNsaWRlc2hvdyI6ImVhZWM0NWIifQ%3D%3D\" href='https:\/\/ialeman.cl\/wp-content\/uploads\/2023\/09\/Laternenfest-ciclo-inicial-2023_30_1.jpg'><img loading=\"lazy\" decoding=\"async\" width=\"1200\" height=\"801\" src=\"https:\/\/ialeman.cl\/wp-content\/uploads\/2023\/09\/Laternenfest-ciclo-inicial-2023_30_1.jpg\" class=\"attachment-full size-full\" alt=\"\" srcset=\"https:\/\/ialeman.cl\/wp-content\/uploads\/2023\/09\/Laternenfest-ciclo-inicial-2023_30_1.jpg 1200w, https:\/\/ialeman.cl\/wp-content\/uploads\/2023\/09\/Laternenfest-ciclo-inicial-2023_30_1-300x200.jpg 300w, https:\/\/ialeman.cl\/wp-content\/uploads\/2023\/09\/Laternenfest-ciclo-inicial-2023_30_1-1024x684.jpg 1024w, https:\/\/ialeman.cl\/wp-content\/uploads\/2023\/09\/Laternenfest-ciclo-inicial-2023_30_1-768x513.jpg 768w\" sizes=\"(max-width: 1200px) 100vw, 1200px\" \/><\/a>\n\t\t\t<\/div><\/figure><figure class='gallery-item'>\n\t\t\t<div class='gallery-icon landscape'>\n\t\t\t\t<a data-elementor-open-lightbox=\"yes\" data-elementor-lightbox-slideshow=\"eaec45b\" data-elementor-lightbox-title=\"Laternenfest ciclo inicial 2023_32\" data-e-action-hash=\"#elementor-action%3Aaction%3Dlightbox%26settings%3DeyJpZCI6MjQwNDIsInVybCI6Imh0dHBzOlwvXC9pYWxlbWFuLmNsXC93cC1jb250ZW50XC91cGxvYWRzXC8yMDIzXC8wOVwvTGF0ZXJuZW5mZXN0LWNpY2xvLWluaWNpYWwtMjAyM18zMi5qcGciLCJzbGlkZXNob3ciOiJlYWVjNDViIn0%3D\" href='https:\/\/ialeman.cl\/wp-content\/uploads\/2023\/09\/Laternenfest-ciclo-inicial-2023_32.jpg'><img loading=\"lazy\" decoding=\"async\" width=\"1200\" height=\"801\" src=\"https:\/\/ialeman.cl\/wp-content\/uploads\/2023\/09\/Laternenfest-ciclo-inicial-2023_32.jpg\" class=\"attachment-full size-full\" alt=\"\" srcset=\"https:\/\/ialeman.cl\/wp-content\/uploads\/2023\/09\/Laternenfest-ciclo-inicial-2023_32.jpg 1200w, https:\/\/ialeman.cl\/wp-content\/uploads\/2023\/09\/Laternenfest-ciclo-inicial-2023_32-300x200.jpg 300w, https:\/\/ialeman.cl\/wp-content\/uploads\/2023\/09\/Laternenfest-ciclo-inicial-2023_32-1024x684.jpg 1024w, https:\/\/ialeman.cl\/wp-content\/uploads\/2023\/09\/Laternenfest-ciclo-inicial-2023_32-768x513.jpg 768w\" sizes=\"(max-width: 1200px) 100vw, 1200px\" \/><\/a>\n\t\t\t<\/div><\/figure><figure class='gallery-item'>\n\t\t\t<div class='gallery-icon landscape'>\n\t\t\t\t<a data-elementor-open-lightbox=\"yes\" data-elementor-lightbox-slideshow=\"eaec45b\" data-elementor-lightbox-title=\"Laternenfest ciclo inicial 2023_33\" data-e-action-hash=\"#elementor-action%3Aaction%3Dlightbox%26settings%3DeyJpZCI6MjQwNDMsInVybCI6Imh0dHBzOlwvXC9pYWxlbWFuLmNsXC93cC1jb250ZW50XC91cGxvYWRzXC8yMDIzXC8wOVwvTGF0ZXJuZW5mZXN0LWNpY2xvLWluaWNpYWwtMjAyM18zMy5qcGciLCJzbGlkZXNob3ciOiJlYWVjNDViIn0%3D\" href='https:\/\/ialeman.cl\/wp-content\/uploads\/2023\/09\/Laternenfest-ciclo-inicial-2023_33.jpg'><img loading=\"lazy\" decoding=\"async\" width=\"1200\" height=\"801\" src=\"https:\/\/ialeman.cl\/wp-content\/uploads\/2023\/09\/Laternenfest-ciclo-inicial-2023_33.jpg\" class=\"attachment-full size-full\" alt=\"\" srcset=\"https:\/\/ialeman.cl\/wp-content\/uploads\/2023\/09\/Laternenfest-ciclo-inicial-2023_33.jpg 1200w, https:\/\/ialeman.cl\/wp-content\/uploads\/2023\/09\/Laternenfest-ciclo-inicial-2023_33-300x200.jpg 300w, https:\/\/ialeman.cl\/wp-content\/uploads\/2023\/09\/Laternenfest-ciclo-inicial-2023_33-1024x684.jpg 1024w, https:\/\/ialeman.cl\/wp-content\/uploads\/2023\/09\/Laternenfest-ciclo-inicial-2023_33-768x513.jpg 768w\" sizes=\"(max-width: 1200px) 100vw, 1200px\" \/><\/a>\n\t\t\t<\/div><\/figure><figure class='gallery-item'>\n\t\t\t<div class='gallery-icon landscape'>\n\t\t\t\t<a data-elementor-open-lightbox=\"yes\" data-elementor-lightbox-slideshow=\"eaec45b\" data-elementor-lightbox-title=\"Laternenfest ciclo inicial 2023_34\" data-e-action-hash=\"#elementor-action%3Aaction%3Dlightbox%26settings%3DeyJpZCI6MjQwNDQsInVybCI6Imh0dHBzOlwvXC9pYWxlbWFuLmNsXC93cC1jb250ZW50XC91cGxvYWRzXC8yMDIzXC8wOVwvTGF0ZXJuZW5mZXN0LWNpY2xvLWluaWNpYWwtMjAyM18zNC5qcGciLCJzbGlkZXNob3ciOiJlYWVjNDViIn0%3D\" href='https:\/\/ialeman.cl\/wp-content\/uploads\/2023\/09\/Laternenfest-ciclo-inicial-2023_34.jpg'><img loading=\"lazy\" decoding=\"async\" width=\"1200\" height=\"801\" src=\"https:\/\/ialeman.cl\/wp-content\/uploads\/2023\/09\/Laternenfest-ciclo-inicial-2023_34.jpg\" class=\"attachment-full size-full\" alt=\"\" srcset=\"https:\/\/ialeman.cl\/wp-content\/uploads\/2023\/09\/Laternenfest-ciclo-inicial-2023_34.jpg 1200w, https:\/\/ialeman.cl\/wp-content\/uploads\/2023\/09\/Laternenfest-ciclo-inicial-2023_34-300x200.jpg 300w, https:\/\/ialeman.cl\/wp-content\/uploads\/2023\/09\/Laternenfest-ciclo-inicial-2023_34-1024x684.jpg 1024w, https:\/\/ialeman.cl\/wp-content\/uploads\/2023\/09\/Laternenfest-ciclo-inicial-2023_34-768x513.jpg 768w\" sizes=\"(max-width: 1200px) 100vw, 1200px\" \/><\/a>\n\t\t\t<\/div><\/figure><figure class='gallery-item'>\n\t\t\t<div class='gallery-icon landscape'>\n\t\t\t\t<a data-elementor-open-lightbox=\"yes\" data-elementor-lightbox-slideshow=\"eaec45b\" data-elementor-lightbox-title=\"Laternenfest ciclo inicial 2023_35\" data-e-action-hash=\"#elementor-action%3Aaction%3Dlightbox%26settings%3DeyJpZCI6MjQwNDUsInVybCI6Imh0dHBzOlwvXC9pYWxlbWFuLmNsXC93cC1jb250ZW50XC91cGxvYWRzXC8yMDIzXC8wOVwvTGF0ZXJuZW5mZXN0LWNpY2xvLWluaWNpYWwtMjAyM18zNS5qcGciLCJzbGlkZXNob3ciOiJlYWVjNDViIn0%3D\" href='https:\/\/ialeman.cl\/wp-content\/uploads\/2023\/09\/Laternenfest-ciclo-inicial-2023_35.jpg'><img loading=\"lazy\" decoding=\"async\" width=\"1200\" height=\"801\" src=\"https:\/\/ialeman.cl\/wp-content\/uploads\/2023\/09\/Laternenfest-ciclo-inicial-2023_35.jpg\" class=\"attachment-full size-full\" alt=\"\" srcset=\"https:\/\/ialeman.cl\/wp-content\/uploads\/2023\/09\/Laternenfest-ciclo-inicial-2023_35.jpg 1200w, https:\/\/ialeman.cl\/wp-content\/uploads\/2023\/09\/Laternenfest-ciclo-inicial-2023_35-300x200.jpg 300w, https:\/\/ialeman.cl\/wp-content\/uploads\/2023\/09\/Laternenfest-ciclo-inicial-2023_35-1024x684.jpg 1024w, https:\/\/ialeman.cl\/wp-content\/uploads\/2023\/09\/Laternenfest-ciclo-inicial-2023_35-768x513.jpg 768w\" sizes=\"(max-width: 1200px) 100vw, 1200px\" \/><\/a>\n\t\t\t<\/div><\/figure><figure class='gallery-item'>\n\t\t\t<div class='gallery-icon landscape'>\n\t\t\t\t<a data-elementor-open-lightbox=\"yes\" data-elementor-lightbox-slideshow=\"eaec45b\" data-elementor-lightbox-title=\"Laternenfest ciclo inicial 2023_36\" data-e-action-hash=\"#elementor-action%3Aaction%3Dlightbox%26settings%3DeyJpZCI6MjQwNDYsInVybCI6Imh0dHBzOlwvXC9pYWxlbWFuLmNsXC93cC1jb250ZW50XC91cGxvYWRzXC8yMDIzXC8wOVwvTGF0ZXJuZW5mZXN0LWNpY2xvLWluaWNpYWwtMjAyM18zNi5qcGciLCJzbGlkZXNob3ciOiJlYWVjNDViIn0%3D\" href='https:\/\/ialeman.cl\/wp-content\/uploads\/2023\/09\/Laternenfest-ciclo-inicial-2023_36.jpg'><img loading=\"lazy\" decoding=\"async\" width=\"1200\" height=\"801\" src=\"https:\/\/ialeman.cl\/wp-content\/uploads\/2023\/09\/Laternenfest-ciclo-inicial-2023_36.jpg\" class=\"attachment-full size-full\" alt=\"\" srcset=\"https:\/\/ialeman.cl\/wp-content\/uploads\/2023\/09\/Laternenfest-ciclo-inicial-2023_36.jpg 1200w, https:\/\/ialeman.cl\/wp-content\/uploads\/2023\/09\/Laternenfest-ciclo-inicial-2023_36-300x200.jpg 300w, https:\/\/ialeman.cl\/wp-content\/uploads\/2023\/09\/Laternenfest-ciclo-inicial-2023_36-1024x684.jpg 1024w, https:\/\/ialeman.cl\/wp-content\/uploads\/2023\/09\/Laternenfest-ciclo-inicial-2023_36-768x513.jpg 768w\" sizes=\"(max-width: 1200px) 100vw, 1200px\" \/><\/a>\n\t\t\t<\/div><\/figure><figure class='gallery-item'>\n\t\t\t<div class='gallery-icon landscape'>\n\t\t\t\t<a data-elementor-open-lightbox=\"yes\" data-elementor-lightbox-slideshow=\"eaec45b\" data-elementor-lightbox-title=\"Laternenfest ciclo inicial 2023_37\" data-e-action-hash=\"#elementor-action%3Aaction%3Dlightbox%26settings%3DeyJpZCI6MjQwNDcsInVybCI6Imh0dHBzOlwvXC9pYWxlbWFuLmNsXC93cC1jb250ZW50XC91cGxvYWRzXC8yMDIzXC8wOVwvTGF0ZXJuZW5mZXN0LWNpY2xvLWluaWNpYWwtMjAyM18zNy5qcGciLCJzbGlkZXNob3ciOiJlYWVjNDViIn0%3D\" href='https:\/\/ialeman.cl\/wp-content\/uploads\/2023\/09\/Laternenfest-ciclo-inicial-2023_37.jpg'><img loading=\"lazy\" decoding=\"async\" width=\"1200\" height=\"801\" src=\"https:\/\/ialeman.cl\/wp-content\/uploads\/2023\/09\/Laternenfest-ciclo-inicial-2023_37.jpg\" class=\"attachment-full size-full\" alt=\"\" srcset=\"https:\/\/ialeman.cl\/wp-content\/uploads\/2023\/09\/Laternenfest-ciclo-inicial-2023_37.jpg 1200w, https:\/\/ialeman.cl\/wp-content\/uploads\/2023\/09\/Laternenfest-ciclo-inicial-2023_37-300x200.jpg 300w, https:\/\/ialeman.cl\/wp-content\/uploads\/2023\/09\/Laternenfest-ciclo-inicial-2023_37-1024x684.jpg 1024w, https:\/\/ialeman.cl\/wp-content\/uploads\/2023\/09\/Laternenfest-ciclo-inicial-2023_37-768x513.jpg 768w\" sizes=\"(max-width: 1200px) 100vw, 1200px\" \/><\/a>\n\t\t\t<\/div><\/figure><figure class='gallery-item'>\n\t\t\t<div class='gallery-icon landscape'>\n\t\t\t\t<a data-elementor-open-lightbox=\"yes\" data-elementor-lightbox-slideshow=\"eaec45b\" data-elementor-lightbox-title=\"Laternenfest ciclo inicial 2023_38\" data-e-action-hash=\"#elementor-action%3Aaction%3Dlightbox%26settings%3DeyJpZCI6MjQwNDgsInVybCI6Imh0dHBzOlwvXC9pYWxlbWFuLmNsXC93cC1jb250ZW50XC91cGxvYWRzXC8yMDIzXC8wOVwvTGF0ZXJuZW5mZXN0LWNpY2xvLWluaWNpYWwtMjAyM18zOC5qcGciLCJzbGlkZXNob3ciOiJlYWVjNDViIn0%3D\" href='https:\/\/ialeman.cl\/wp-content\/uploads\/2023\/09\/Laternenfest-ciclo-inicial-2023_38.jpg'><img loading=\"lazy\" decoding=\"async\" width=\"1200\" height=\"801\" src=\"https:\/\/ialeman.cl\/wp-content\/uploads\/2023\/09\/Laternenfest-ciclo-inicial-2023_38.jpg\" class=\"attachment-full size-full\" alt=\"\" srcset=\"https:\/\/ialeman.cl\/wp-content\/uploads\/2023\/09\/Laternenfest-ciclo-inicial-2023_38.jpg 1200w, https:\/\/ialeman.cl\/wp-content\/uploads\/2023\/09\/Laternenfest-ciclo-inicial-2023_38-300x200.jpg 300w, https:\/\/ialeman.cl\/wp-content\/uploads\/2023\/09\/Laternenfest-ciclo-inicial-2023_38-1024x684.jpg 1024w, https:\/\/ialeman.cl\/wp-content\/uploads\/2023\/09\/Laternenfest-ciclo-inicial-2023_38-768x513.jpg 768w\" sizes=\"(max-width: 1200px) 100vw, 1200px\" \/><\/a>\n\t\t\t<\/div><\/figure><figure class='gallery-item'>\n\t\t\t<div class='gallery-icon landscape'>\n\t\t\t\t<a data-elementor-open-lightbox=\"yes\" data-elementor-lightbox-slideshow=\"eaec45b\" data-elementor-lightbox-title=\"Laternenfest ciclo inicial 2023_39\" data-e-action-hash=\"#elementor-action%3Aaction%3Dlightbox%26settings%3DeyJpZCI6MjQwNDksInVybCI6Imh0dHBzOlwvXC9pYWxlbWFuLmNsXC93cC1jb250ZW50XC91cGxvYWRzXC8yMDIzXC8wOVwvTGF0ZXJuZW5mZXN0LWNpY2xvLWluaWNpYWwtMjAyM18zOS5qcGciLCJzbGlkZXNob3ciOiJlYWVjNDViIn0%3D\" href='https:\/\/ialeman.cl\/wp-content\/uploads\/2023\/09\/Laternenfest-ciclo-inicial-2023_39.jpg'><img loading=\"lazy\" decoding=\"async\" width=\"1200\" height=\"801\" src=\"https:\/\/ialeman.cl\/wp-content\/uploads\/2023\/09\/Laternenfest-ciclo-inicial-2023_39.jpg\" class=\"attachment-full size-full\" alt=\"\" srcset=\"https:\/\/ialeman.cl\/wp-content\/uploads\/2023\/09\/Laternenfest-ciclo-inicial-2023_39.jpg 1200w, https:\/\/ialeman.cl\/wp-content\/uploads\/2023\/09\/Laternenfest-ciclo-inicial-2023_39-300x200.jpg 300w, https:\/\/ialeman.cl\/wp-content\/uploads\/2023\/09\/Laternenfest-ciclo-inicial-2023_39-1024x684.jpg 1024w, https:\/\/ialeman.cl\/wp-content\/uploads\/2023\/09\/Laternenfest-ciclo-inicial-2023_39-768x513.jpg 768w\" sizes=\"(max-width: 1200px) 100vw, 1200px\" \/><\/a>\n\t\t\t<\/div><\/figure><figure class='gallery-item'>\n\t\t\t<div class='gallery-icon landscape'>\n\t\t\t\t<a data-elementor-open-lightbox=\"yes\" data-elementor-lightbox-slideshow=\"eaec45b\" data-elementor-lightbox-title=\"Laternenfest ciclo inicial 2023_40\" data-e-action-hash=\"#elementor-action%3Aaction%3Dlightbox%26settings%3DeyJpZCI6MjQwNTAsInVybCI6Imh0dHBzOlwvXC9pYWxlbWFuLmNsXC93cC1jb250ZW50XC91cGxvYWRzXC8yMDIzXC8wOVwvTGF0ZXJuZW5mZXN0LWNpY2xvLWluaWNpYWwtMjAyM180MC5qcGciLCJzbGlkZXNob3ciOiJlYWVjNDViIn0%3D\" href='https:\/\/ialeman.cl\/wp-content\/uploads\/2023\/09\/Laternenfest-ciclo-inicial-2023_40.jpg'><img loading=\"lazy\" decoding=\"async\" width=\"1200\" height=\"801\" src=\"https:\/\/ialeman.cl\/wp-content\/uploads\/2023\/09\/Laternenfest-ciclo-inicial-2023_40.jpg\" class=\"attachment-full size-full\" alt=\"\" srcset=\"https:\/\/ialeman.cl\/wp-content\/uploads\/2023\/09\/Laternenfest-ciclo-inicial-2023_40.jpg 1200w, https:\/\/ialeman.cl\/wp-content\/uploads\/2023\/09\/Laternenfest-ciclo-inicial-2023_40-300x200.jpg 300w, https:\/\/ialeman.cl\/wp-content\/uploads\/2023\/09\/Laternenfest-ciclo-inicial-2023_40-1024x684.jpg 1024w, https:\/\/ialeman.cl\/wp-content\/uploads\/2023\/09\/Laternenfest-ciclo-inicial-2023_40-768x513.jpg 768w\" sizes=\"(max-width: 1200px) 100vw, 1200px\" \/><\/a>\n\t\t\t<\/div><\/figure><figure class='gallery-item'>\n\t\t\t<div class='gallery-icon landscape'>\n\t\t\t\t<a data-elementor-open-lightbox=\"yes\" data-elementor-lightbox-slideshow=\"eaec45b\" data-elementor-lightbox-title=\"Laternenfest ciclo inicial 2023_41\" data-e-action-hash=\"#elementor-action%3Aaction%3Dlightbox%26settings%3DeyJpZCI6MjQwNTEsInVybCI6Imh0dHBzOlwvXC9pYWxlbWFuLmNsXC93cC1jb250ZW50XC91cGxvYWRzXC8yMDIzXC8wOVwvTGF0ZXJuZW5mZXN0LWNpY2xvLWluaWNpYWwtMjAyM180MS5qcGciLCJzbGlkZXNob3ciOiJlYWVjNDViIn0%3D\" href='https:\/\/ialeman.cl\/wp-content\/uploads\/2023\/09\/Laternenfest-ciclo-inicial-2023_41.jpg'><img loading=\"lazy\" decoding=\"async\" width=\"1200\" height=\"801\" src=\"https:\/\/ialeman.cl\/wp-content\/uploads\/2023\/09\/Laternenfest-ciclo-inicial-2023_41.jpg\" class=\"attachment-full size-full\" alt=\"\" srcset=\"https:\/\/ialeman.cl\/wp-content\/uploads\/2023\/09\/Laternenfest-ciclo-inicial-2023_41.jpg 1200w, https:\/\/ialeman.cl\/wp-content\/uploads\/2023\/09\/Laternenfest-ciclo-inicial-2023_41-300x200.jpg 300w, https:\/\/ialeman.cl\/wp-content\/uploads\/2023\/09\/Laternenfest-ciclo-inicial-2023_41-1024x684.jpg 1024w, https:\/\/ialeman.cl\/wp-content\/uploads\/2023\/09\/Laternenfest-ciclo-inicial-2023_41-768x513.jpg 768w\" sizes=\"(max-width: 1200px) 100vw, 1200px\" \/><\/a>\n\t\t\t<\/div><\/figure><figure class='gallery-item'>\n\t\t\t<div class='gallery-icon landscape'>\n\t\t\t\t<a data-elementor-open-lightbox=\"yes\" data-elementor-lightbox-slideshow=\"eaec45b\" data-elementor-lightbox-title=\"Laternenfest ciclo inicial 2023_42\" data-e-action-hash=\"#elementor-action%3Aaction%3Dlightbox%26settings%3DeyJpZCI6MjQwNTIsInVybCI6Imh0dHBzOlwvXC9pYWxlbWFuLmNsXC93cC1jb250ZW50XC91cGxvYWRzXC8yMDIzXC8wOVwvTGF0ZXJuZW5mZXN0LWNpY2xvLWluaWNpYWwtMjAyM180Mi5qcGciLCJzbGlkZXNob3ciOiJlYWVjNDViIn0%3D\" href='https:\/\/ialeman.cl\/wp-content\/uploads\/2023\/09\/Laternenfest-ciclo-inicial-2023_42.jpg'><img loading=\"lazy\" decoding=\"async\" width=\"1200\" height=\"801\" src=\"https:\/\/ialeman.cl\/wp-content\/uploads\/2023\/09\/Laternenfest-ciclo-inicial-2023_42.jpg\" class=\"attachment-full size-full\" alt=\"\" srcset=\"https:\/\/ialeman.cl\/wp-content\/uploads\/2023\/09\/Laternenfest-ciclo-inicial-2023_42.jpg 1200w, https:\/\/ialeman.cl\/wp-content\/uploads\/2023\/09\/Laternenfest-ciclo-inicial-2023_42-300x200.jpg 300w, https:\/\/ialeman.cl\/wp-content\/uploads\/2023\/09\/Laternenfest-ciclo-inicial-2023_42-1024x684.jpg 1024w, https:\/\/ialeman.cl\/wp-content\/uploads\/2023\/09\/Laternenfest-ciclo-inicial-2023_42-768x513.jpg 768w\" sizes=\"(max-width: 1200px) 100vw, 1200px\" \/><\/a>\n\t\t\t<\/div><\/figure><figure class='gallery-item'>\n\t\t\t<div class='gallery-icon landscape'>\n\t\t\t\t<a data-elementor-open-lightbox=\"yes\" data-elementor-lightbox-slideshow=\"eaec45b\" data-elementor-lightbox-title=\"Laternenfest ciclo inicial 2023_43\" data-e-action-hash=\"#elementor-action%3Aaction%3Dlightbox%26settings%3DeyJpZCI6MjQwNTMsInVybCI6Imh0dHBzOlwvXC9pYWxlbWFuLmNsXC93cC1jb250ZW50XC91cGxvYWRzXC8yMDIzXC8wOVwvTGF0ZXJuZW5mZXN0LWNpY2xvLWluaWNpYWwtMjAyM180My5qcGciLCJzbGlkZXNob3ciOiJlYWVjNDViIn0%3D\" href='https:\/\/ialeman.cl\/wp-content\/uploads\/2023\/09\/Laternenfest-ciclo-inicial-2023_43.jpg'><img loading=\"lazy\" decoding=\"async\" width=\"1200\" height=\"801\" src=\"https:\/\/ialeman.cl\/wp-content\/uploads\/2023\/09\/Laternenfest-ciclo-inicial-2023_43.jpg\" class=\"attachment-full size-full\" alt=\"\" srcset=\"https:\/\/ialeman.cl\/wp-content\/uploads\/2023\/09\/Laternenfest-ciclo-inicial-2023_43.jpg 1200w, https:\/\/ialeman.cl\/wp-content\/uploads\/2023\/09\/Laternenfest-ciclo-inicial-2023_43-300x200.jpg 300w, https:\/\/ialeman.cl\/wp-content\/uploads\/2023\/09\/Laternenfest-ciclo-inicial-2023_43-1024x684.jpg 1024w, https:\/\/ialeman.cl\/wp-content\/uploads\/2023\/09\/Laternenfest-ciclo-inicial-2023_43-768x513.jpg 768w\" sizes=\"(max-width: 1200px) 100vw, 1200px\" \/><\/a>\n\t\t\t<\/div><\/figure><figure class='gallery-item'>\n\t\t\t<div class='gallery-icon landscape'>\n\t\t\t\t<a data-elementor-open-lightbox=\"yes\" data-elementor-lightbox-slideshow=\"eaec45b\" data-elementor-lightbox-title=\"Laternenfest ciclo inicial 2023_44\" data-e-action-hash=\"#elementor-action%3Aaction%3Dlightbox%26settings%3DeyJpZCI6MjQwNTQsInVybCI6Imh0dHBzOlwvXC9pYWxlbWFuLmNsXC93cC1jb250ZW50XC91cGxvYWRzXC8yMDIzXC8wOVwvTGF0ZXJuZW5mZXN0LWNpY2xvLWluaWNpYWwtMjAyM180NC5qcGciLCJzbGlkZXNob3ciOiJlYWVjNDViIn0%3D\" href='https:\/\/ialeman.cl\/wp-content\/uploads\/2023\/09\/Laternenfest-ciclo-inicial-2023_44.jpg'><img loading=\"lazy\" decoding=\"async\" width=\"1200\" height=\"801\" src=\"https:\/\/ialeman.cl\/wp-content\/uploads\/2023\/09\/Laternenfest-ciclo-inicial-2023_44.jpg\" class=\"attachment-full size-full\" alt=\"\" srcset=\"https:\/\/ialeman.cl\/wp-content\/uploads\/2023\/09\/Laternenfest-ciclo-inicial-2023_44.jpg 1200w, https:\/\/ialeman.cl\/wp-content\/uploads\/2023\/09\/Laternenfest-ciclo-inicial-2023_44-300x200.jpg 300w, https:\/\/ialeman.cl\/wp-content\/uploads\/2023\/09\/Laternenfest-ciclo-inicial-2023_44-1024x684.jpg 1024w, https:\/\/ialeman.cl\/wp-content\/uploads\/2023\/09\/Laternenfest-ciclo-inicial-2023_44-768x513.jpg 768w\" sizes=\"(max-width: 1200px) 100vw, 1200px\" \/><\/a>\n\t\t\t<\/div><\/figure><figure class='gallery-item'>\n\t\t\t<div class='gallery-icon landscape'>\n\t\t\t\t<a data-elementor-open-lightbox=\"yes\" data-elementor-lightbox-slideshow=\"eaec45b\" data-elementor-lightbox-title=\"Laternenfest ciclo inicial 2023_45\" data-e-action-hash=\"#elementor-action%3Aaction%3Dlightbox%26settings%3DeyJpZCI6MjQwNTUsInVybCI6Imh0dHBzOlwvXC9pYWxlbWFuLmNsXC93cC1jb250ZW50XC91cGxvYWRzXC8yMDIzXC8wOVwvTGF0ZXJuZW5mZXN0LWNpY2xvLWluaWNpYWwtMjAyM180NS5qcGciLCJzbGlkZXNob3ciOiJlYWVjNDViIn0%3D\" href='https:\/\/ialeman.cl\/wp-content\/uploads\/2023\/09\/Laternenfest-ciclo-inicial-2023_45.jpg'><img loading=\"lazy\" decoding=\"async\" width=\"1200\" height=\"801\" src=\"https:\/\/ialeman.cl\/wp-content\/uploads\/2023\/09\/Laternenfest-ciclo-inicial-2023_45.jpg\" class=\"attachment-full size-full\" alt=\"\" srcset=\"https:\/\/ialeman.cl\/wp-content\/uploads\/2023\/09\/Laternenfest-ciclo-inicial-2023_45.jpg 1200w, https:\/\/ialeman.cl\/wp-content\/uploads\/2023\/09\/Laternenfest-ciclo-inicial-2023_45-300x200.jpg 300w, https:\/\/ialeman.cl\/wp-content\/uploads\/2023\/09\/Laternenfest-ciclo-inicial-2023_45-1024x684.jpg 1024w, https:\/\/ialeman.cl\/wp-content\/uploads\/2023\/09\/Laternenfest-ciclo-inicial-2023_45-768x513.jpg 768w\" sizes=\"(max-width: 1200px) 100vw, 1200px\" \/><\/a>\n\t\t\t<\/div><\/figure><figure class='gallery-item'>\n\t\t\t<div class='gallery-icon landscape'>\n\t\t\t\t<a data-elementor-open-lightbox=\"yes\" data-elementor-lightbox-slideshow=\"eaec45b\" data-elementor-lightbox-title=\"Laternenfest ciclo inicial 2023_46\" data-e-action-hash=\"#elementor-action%3Aaction%3Dlightbox%26settings%3DeyJpZCI6MjQwNTYsInVybCI6Imh0dHBzOlwvXC9pYWxlbWFuLmNsXC93cC1jb250ZW50XC91cGxvYWRzXC8yMDIzXC8wOVwvTGF0ZXJuZW5mZXN0LWNpY2xvLWluaWNpYWwtMjAyM180Ni5qcGciLCJzbGlkZXNob3ciOiJlYWVjNDViIn0%3D\" href='https:\/\/ialeman.cl\/wp-content\/uploads\/2023\/09\/Laternenfest-ciclo-inicial-2023_46.jpg'><img loading=\"lazy\" decoding=\"async\" width=\"1200\" height=\"801\" src=\"https:\/\/ialeman.cl\/wp-content\/uploads\/2023\/09\/Laternenfest-ciclo-inicial-2023_46.jpg\" class=\"attachment-full size-full\" alt=\"\" srcset=\"https:\/\/ialeman.cl\/wp-content\/uploads\/2023\/09\/Laternenfest-ciclo-inicial-2023_46.jpg 1200w, https:\/\/ialeman.cl\/wp-content\/uploads\/2023\/09\/Laternenfest-ciclo-inicial-2023_46-300x200.jpg 300w, https:\/\/ialeman.cl\/wp-content\/uploads\/2023\/09\/Laternenfest-ciclo-inicial-2023_46-1024x684.jpg 1024w, https:\/\/ialeman.cl\/wp-content\/uploads\/2023\/09\/Laternenfest-ciclo-inicial-2023_46-768x513.jpg 768w\" sizes=\"(max-width: 1200px) 100vw, 1200px\" \/><\/a>\n\t\t\t<\/div><\/figure><figure class='gallery-item'>\n\t\t\t<div class='gallery-icon landscape'>\n\t\t\t\t<a data-elementor-open-lightbox=\"yes\" data-elementor-lightbox-slideshow=\"eaec45b\" data-elementor-lightbox-title=\"Laternenfest ciclo inicial 2023_47\" data-e-action-hash=\"#elementor-action%3Aaction%3Dlightbox%26settings%3DeyJpZCI6MjQwNTcsInVybCI6Imh0dHBzOlwvXC9pYWxlbWFuLmNsXC93cC1jb250ZW50XC91cGxvYWRzXC8yMDIzXC8wOVwvTGF0ZXJuZW5mZXN0LWNpY2xvLWluaWNpYWwtMjAyM180Ny5qcGciLCJzbGlkZXNob3ciOiJlYWVjNDViIn0%3D\" href='https:\/\/ialeman.cl\/wp-content\/uploads\/2023\/09\/Laternenfest-ciclo-inicial-2023_47.jpg'><img loading=\"lazy\" decoding=\"async\" width=\"1200\" height=\"801\" src=\"https:\/\/ialeman.cl\/wp-content\/uploads\/2023\/09\/Laternenfest-ciclo-inicial-2023_47.jpg\" class=\"attachment-full size-full\" alt=\"\" srcset=\"https:\/\/ialeman.cl\/wp-content\/uploads\/2023\/09\/Laternenfest-ciclo-inicial-2023_47.jpg 1200w, https:\/\/ialeman.cl\/wp-content\/uploads\/2023\/09\/Laternenfest-ciclo-inicial-2023_47-300x200.jpg 300w, https:\/\/ialeman.cl\/wp-content\/uploads\/2023\/09\/Laternenfest-ciclo-inicial-2023_47-1024x684.jpg 1024w, https:\/\/ialeman.cl\/wp-content\/uploads\/2023\/09\/Laternenfest-ciclo-inicial-2023_47-768x513.jpg 768w\" sizes=\"(max-width: 1200px) 100vw, 1200px\" \/><\/a>\n\t\t\t<\/div><\/figure><figure class='gallery-item'>\n\t\t\t<div class='gallery-icon landscape'>\n\t\t\t\t<a data-elementor-open-lightbox=\"yes\" data-elementor-lightbox-slideshow=\"eaec45b\" data-elementor-lightbox-title=\"Laternenfest ciclo inicial 2023_48\" data-e-action-hash=\"#elementor-action%3Aaction%3Dlightbox%26settings%3DeyJpZCI6MjQwNTgsInVybCI6Imh0dHBzOlwvXC9pYWxlbWFuLmNsXC93cC1jb250ZW50XC91cGxvYWRzXC8yMDIzXC8wOVwvTGF0ZXJuZW5mZXN0LWNpY2xvLWluaWNpYWwtMjAyM180OC5qcGciLCJzbGlkZXNob3ciOiJlYWVjNDViIn0%3D\" href='https:\/\/ialeman.cl\/wp-content\/uploads\/2023\/09\/Laternenfest-ciclo-inicial-2023_48.jpg'><img loading=\"lazy\" decoding=\"async\" width=\"1200\" height=\"801\" src=\"https:\/\/ialeman.cl\/wp-content\/uploads\/2023\/09\/Laternenfest-ciclo-inicial-2023_48.jpg\" class=\"attachment-full size-full\" alt=\"\" srcset=\"https:\/\/ialeman.cl\/wp-content\/uploads\/2023\/09\/Laternenfest-ciclo-inicial-2023_48.jpg 1200w, https:\/\/ialeman.cl\/wp-content\/uploads\/2023\/09\/Laternenfest-ciclo-inicial-2023_48-300x200.jpg 300w, https:\/\/ialeman.cl\/wp-content\/uploads\/2023\/09\/Laternenfest-ciclo-inicial-2023_48-1024x684.jpg 1024w, https:\/\/ialeman.cl\/wp-content\/uploads\/2023\/09\/Laternenfest-ciclo-inicial-2023_48-768x513.jpg 768w\" sizes=\"(max-width: 1200px) 100vw, 1200px\" \/><\/a>\n\t\t\t<\/div><\/figure><figure class='gallery-item'>\n\t\t\t<div class='gallery-icon landscape'>\n\t\t\t\t<a data-elementor-open-lightbox=\"yes\" data-elementor-lightbox-slideshow=\"eaec45b\" data-elementor-lightbox-title=\"Laternenfest ciclo inicial 2023_49\" data-e-action-hash=\"#elementor-action%3Aaction%3Dlightbox%26settings%3DeyJpZCI6MjQwNTksInVybCI6Imh0dHBzOlwvXC9pYWxlbWFuLmNsXC93cC1jb250ZW50XC91cGxvYWRzXC8yMDIzXC8wOVwvTGF0ZXJuZW5mZXN0LWNpY2xvLWluaWNpYWwtMjAyM180OS5qcGciLCJzbGlkZXNob3ciOiJlYWVjNDViIn0%3D\" href='https:\/\/ialeman.cl\/wp-content\/uploads\/2023\/09\/Laternenfest-ciclo-inicial-2023_49.jpg'><img loading=\"lazy\" decoding=\"async\" width=\"1200\" height=\"801\" src=\"https:\/\/ialeman.cl\/wp-content\/uploads\/2023\/09\/Laternenfest-ciclo-inicial-2023_49.jpg\" class=\"attachment-full size-full\" alt=\"\" srcset=\"https:\/\/ialeman.cl\/wp-content\/uploads\/2023\/09\/Laternenfest-ciclo-inicial-2023_49.jpg 1200w, https:\/\/ialeman.cl\/wp-content\/uploads\/2023\/09\/Laternenfest-ciclo-inicial-2023_49-300x200.jpg 300w, https:\/\/ialeman.cl\/wp-content\/uploads\/2023\/09\/Laternenfest-ciclo-inicial-2023_49-1024x684.jpg 1024w, https:\/\/ialeman.cl\/wp-content\/uploads\/2023\/09\/Laternenfest-ciclo-inicial-2023_49-768x513.jpg 768w\" sizes=\"(max-width: 1200px) 100vw, 1200px\" \/><\/a>\n\t\t\t<\/div><\/figure><figure class='gallery-item'>\n\t\t\t<div class='gallery-icon landscape'>\n\t\t\t\t<a data-elementor-open-lightbox=\"yes\" data-elementor-lightbox-slideshow=\"eaec45b\" data-elementor-lightbox-title=\"Laternenfest ciclo inicial 2023_50\" data-e-action-hash=\"#elementor-action%3Aaction%3Dlightbox%26settings%3DeyJpZCI6MjQwNjAsInVybCI6Imh0dHBzOlwvXC9pYWxlbWFuLmNsXC93cC1jb250ZW50XC91cGxvYWRzXC8yMDIzXC8wOVwvTGF0ZXJuZW5mZXN0LWNpY2xvLWluaWNpYWwtMjAyM181MC5qcGciLCJzbGlkZXNob3ciOiJlYWVjNDViIn0%3D\" href='https:\/\/ialeman.cl\/wp-content\/uploads\/2023\/09\/Laternenfest-ciclo-inicial-2023_50.jpg'><img loading=\"lazy\" decoding=\"async\" width=\"1200\" height=\"801\" src=\"https:\/\/ialeman.cl\/wp-content\/uploads\/2023\/09\/Laternenfest-ciclo-inicial-2023_50.jpg\" class=\"attachment-full size-full\" alt=\"\" srcset=\"https:\/\/ialeman.cl\/wp-content\/uploads\/2023\/09\/Laternenfest-ciclo-inicial-2023_50.jpg 1200w, https:\/\/ialeman.cl\/wp-content\/uploads\/2023\/09\/Laternenfest-ciclo-inicial-2023_50-300x200.jpg 300w, https:\/\/ialeman.cl\/wp-content\/uploads\/2023\/09\/Laternenfest-ciclo-inicial-2023_50-1024x684.jpg 1024w, https:\/\/ialeman.cl\/wp-content\/uploads\/2023\/09\/Laternenfest-ciclo-inicial-2023_50-768x513.jpg 768w\" sizes=\"(max-width: 1200px) 100vw, 1200px\" \/><\/a>\n\t\t\t<\/div><\/figure><figure class='gallery-item'>\n\t\t\t<div class='gallery-icon landscape'>\n\t\t\t\t<a data-elementor-open-lightbox=\"yes\" data-elementor-lightbox-slideshow=\"eaec45b\" data-elementor-lightbox-title=\"Laternenfest ciclo inicial 2023_51\" data-e-action-hash=\"#elementor-action%3Aaction%3Dlightbox%26settings%3DeyJpZCI6MjQwNjEsInVybCI6Imh0dHBzOlwvXC9pYWxlbWFuLmNsXC93cC1jb250ZW50XC91cGxvYWRzXC8yMDIzXC8wOVwvTGF0ZXJuZW5mZXN0LWNpY2xvLWluaWNpYWwtMjAyM181MS5qcGciLCJzbGlkZXNob3ciOiJlYWVjNDViIn0%3D\" href='https:\/\/ialeman.cl\/wp-content\/uploads\/2023\/09\/Laternenfest-ciclo-inicial-2023_51.jpg'><img loading=\"lazy\" decoding=\"async\" width=\"1200\" height=\"801\" src=\"https:\/\/ialeman.cl\/wp-content\/uploads\/2023\/09\/Laternenfest-ciclo-inicial-2023_51.jpg\" class=\"attachment-full size-full\" alt=\"\" srcset=\"https:\/\/ialeman.cl\/wp-content\/uploads\/2023\/09\/Laternenfest-ciclo-inicial-2023_51.jpg 1200w, https:\/\/ialeman.cl\/wp-content\/uploads\/2023\/09\/Laternenfest-ciclo-inicial-2023_51-300x200.jpg 300w, https:\/\/ialeman.cl\/wp-content\/uploads\/2023\/09\/Laternenfest-ciclo-inicial-2023_51-1024x684.jpg 1024w, https:\/\/ialeman.cl\/wp-content\/uploads\/2023\/09\/Laternenfest-ciclo-inicial-2023_51-768x513.jpg 768w\" sizes=\"(max-width: 1200px) 100vw, 1200px\" \/><\/a>\n\t\t\t<\/div><\/figure><figure class='gallery-item'>\n\t\t\t<div class='gallery-icon landscape'>\n\t\t\t\t<a data-elementor-open-lightbox=\"yes\" data-elementor-lightbox-slideshow=\"eaec45b\" data-elementor-lightbox-title=\"Laternenfest ciclo inicial 2023_52\" data-e-action-hash=\"#elementor-action%3Aaction%3Dlightbox%26settings%3DeyJpZCI6MjQwNjIsInVybCI6Imh0dHBzOlwvXC9pYWxlbWFuLmNsXC93cC1jb250ZW50XC91cGxvYWRzXC8yMDIzXC8wOVwvTGF0ZXJuZW5mZXN0LWNpY2xvLWluaWNpYWwtMjAyM181Mi5qcGciLCJzbGlkZXNob3ciOiJlYWVjNDViIn0%3D\" href='https:\/\/ialeman.cl\/wp-content\/uploads\/2023\/09\/Laternenfest-ciclo-inicial-2023_52.jpg'><img loading=\"lazy\" decoding=\"async\" width=\"1200\" height=\"801\" src=\"https:\/\/ialeman.cl\/wp-content\/uploads\/2023\/09\/Laternenfest-ciclo-inicial-2023_52.jpg\" class=\"attachment-full size-full\" alt=\"\" srcset=\"https:\/\/ialeman.cl\/wp-content\/uploads\/2023\/09\/Laternenfest-ciclo-inicial-2023_52.jpg 1200w, https:\/\/ialeman.cl\/wp-content\/uploads\/2023\/09\/Laternenfest-ciclo-inicial-2023_52-300x200.jpg 300w, https:\/\/ialeman.cl\/wp-content\/uploads\/2023\/09\/Laternenfest-ciclo-inicial-2023_52-1024x684.jpg 1024w, https:\/\/ialeman.cl\/wp-content\/uploads\/2023\/09\/Laternenfest-ciclo-inicial-2023_52-768x513.jpg 768w\" sizes=\"(max-width: 1200px) 100vw, 1200px\" \/><\/a>\n\t\t\t<\/div><\/figure><figure class='gallery-item'>\n\t\t\t<div class='gallery-icon landscape'>\n\t\t\t\t<a data-elementor-open-lightbox=\"yes\" data-elementor-lightbox-slideshow=\"eaec45b\" data-elementor-lightbox-title=\"Laternenfest ciclo inicial 2023_53\" data-e-action-hash=\"#elementor-action%3Aaction%3Dlightbox%26settings%3DeyJpZCI6MjQwNjMsInVybCI6Imh0dHBzOlwvXC9pYWxlbWFuLmNsXC93cC1jb250ZW50XC91cGxvYWRzXC8yMDIzXC8wOVwvTGF0ZXJuZW5mZXN0LWNpY2xvLWluaWNpYWwtMjAyM181My5qcGciLCJzbGlkZXNob3ciOiJlYWVjNDViIn0%3D\" href='https:\/\/ialeman.cl\/wp-content\/uploads\/2023\/09\/Laternenfest-ciclo-inicial-2023_53.jpg'><img loading=\"lazy\" decoding=\"async\" width=\"1200\" height=\"801\" src=\"https:\/\/ialeman.cl\/wp-content\/uploads\/2023\/09\/Laternenfest-ciclo-inicial-2023_53.jpg\" class=\"attachment-full size-full\" alt=\"\" srcset=\"https:\/\/ialeman.cl\/wp-content\/uploads\/2023\/09\/Laternenfest-ciclo-inicial-2023_53.jpg 1200w, https:\/\/ialeman.cl\/wp-content\/uploads\/2023\/09\/Laternenfest-ciclo-inicial-2023_53-300x200.jpg 300w, https:\/\/ialeman.cl\/wp-content\/uploads\/2023\/09\/Laternenfest-ciclo-inicial-2023_53-1024x684.jpg 1024w, https:\/\/ialeman.cl\/wp-content\/uploads\/2023\/09\/Laternenfest-ciclo-inicial-2023_53-768x513.jpg 768w\" sizes=\"(max-width: 1200px) 100vw, 1200px\" \/><\/a>\n\t\t\t<\/div><\/figure><figure class='gallery-item'>\n\t\t\t<div class='gallery-icon landscape'>\n\t\t\t\t<a data-elementor-open-lightbox=\"yes\" data-elementor-lightbox-slideshow=\"eaec45b\" data-elementor-lightbox-title=\"Laternenfest ciclo inicial 2023_54\" data-e-action-hash=\"#elementor-action%3Aaction%3Dlightbox%26settings%3DeyJpZCI6MjQwNjQsInVybCI6Imh0dHBzOlwvXC9pYWxlbWFuLmNsXC93cC1jb250ZW50XC91cGxvYWRzXC8yMDIzXC8wOVwvTGF0ZXJuZW5mZXN0LWNpY2xvLWluaWNpYWwtMjAyM181NC5qcGciLCJzbGlkZXNob3ciOiJlYWVjNDViIn0%3D\" href='https:\/\/ialeman.cl\/wp-content\/uploads\/2023\/09\/Laternenfest-ciclo-inicial-2023_54.jpg'><img loading=\"lazy\" decoding=\"async\" width=\"1200\" height=\"801\" src=\"https:\/\/ialeman.cl\/wp-content\/uploads\/2023\/09\/Laternenfest-ciclo-inicial-2023_54.jpg\" class=\"attachment-full size-full\" alt=\"\" srcset=\"https:\/\/ialeman.cl\/wp-content\/uploads\/2023\/09\/Laternenfest-ciclo-inicial-2023_54.jpg 1200w, https:\/\/ialeman.cl\/wp-content\/uploads\/2023\/09\/Laternenfest-ciclo-inicial-2023_54-300x200.jpg 300w, https:\/\/ialeman.cl\/wp-content\/uploads\/2023\/09\/Laternenfest-ciclo-inicial-2023_54-1024x684.jpg 1024w, https:\/\/ialeman.cl\/wp-content\/uploads\/2023\/09\/Laternenfest-ciclo-inicial-2023_54-768x513.jpg 768w\" sizes=\"(max-width: 1200px) 100vw, 1200px\" \/><\/a>\n\t\t\t<\/div><\/figure><figure class='gallery-item'>\n\t\t\t<div class='gallery-icon landscape'>\n\t\t\t\t<a data-elementor-open-lightbox=\"yes\" data-elementor-lightbox-slideshow=\"eaec45b\" data-elementor-lightbox-title=\"Laternenfest ciclo inicial 2023_54_1\" data-e-action-hash=\"#elementor-action%3Aaction%3Dlightbox%26settings%3DeyJpZCI6MjQwNjUsInVybCI6Imh0dHBzOlwvXC9pYWxlbWFuLmNsXC93cC1jb250ZW50XC91cGxvYWRzXC8yMDIzXC8wOVwvTGF0ZXJuZW5mZXN0LWNpY2xvLWluaWNpYWwtMjAyM181NF8xLmpwZyIsInNsaWRlc2hvdyI6ImVhZWM0NWIifQ%3D%3D\" href='https:\/\/ialeman.cl\/wp-content\/uploads\/2023\/09\/Laternenfest-ciclo-inicial-2023_54_1.jpg'><img loading=\"lazy\" decoding=\"async\" width=\"1200\" height=\"801\" src=\"https:\/\/ialeman.cl\/wp-content\/uploads\/2023\/09\/Laternenfest-ciclo-inicial-2023_54_1.jpg\" class=\"attachment-full size-full\" alt=\"\" srcset=\"https:\/\/ialeman.cl\/wp-content\/uploads\/2023\/09\/Laternenfest-ciclo-inicial-2023_54_1.jpg 1200w, https:\/\/ialeman.cl\/wp-content\/uploads\/2023\/09\/Laternenfest-ciclo-inicial-2023_54_1-300x200.jpg 300w, https:\/\/ialeman.cl\/wp-content\/uploads\/2023\/09\/Laternenfest-ciclo-inicial-2023_54_1-1024x684.jpg 1024w, https:\/\/ialeman.cl\/wp-content\/uploads\/2023\/09\/Laternenfest-ciclo-inicial-2023_54_1-768x513.jpg 768w\" sizes=\"(max-width: 1200px) 100vw, 1200px\" \/><\/a>\n\t\t\t<\/div><\/figure><figure class='gallery-item'>\n\t\t\t<div class='gallery-icon landscape'>\n\t\t\t\t<a data-elementor-open-lightbox=\"yes\" data-elementor-lightbox-slideshow=\"eaec45b\" data-elementor-lightbox-title=\"Laternenfest ciclo inicial 2023_55\" data-e-action-hash=\"#elementor-action%3Aaction%3Dlightbox%26settings%3DeyJpZCI6MjQwNjYsInVybCI6Imh0dHBzOlwvXC9pYWxlbWFuLmNsXC93cC1jb250ZW50XC91cGxvYWRzXC8yMDIzXC8wOVwvTGF0ZXJuZW5mZXN0LWNpY2xvLWluaWNpYWwtMjAyM181NS5qcGciLCJzbGlkZXNob3ciOiJlYWVjNDViIn0%3D\" href='https:\/\/ialeman.cl\/wp-content\/uploads\/2023\/09\/Laternenfest-ciclo-inicial-2023_55.jpg'><img loading=\"lazy\" decoding=\"async\" width=\"1200\" height=\"801\" src=\"https:\/\/ialeman.cl\/wp-content\/uploads\/2023\/09\/Laternenfest-ciclo-inicial-2023_55.jpg\" class=\"attachment-full size-full\" alt=\"\" srcset=\"https:\/\/ialeman.cl\/wp-content\/uploads\/2023\/09\/Laternenfest-ciclo-inicial-2023_55.jpg 1200w, https:\/\/ialeman.cl\/wp-content\/uploads\/2023\/09\/Laternenfest-ciclo-inicial-2023_55-300x200.jpg 300w, https:\/\/ialeman.cl\/wp-content\/uploads\/2023\/09\/Laternenfest-ciclo-inicial-2023_55-1024x684.jpg 1024w, https:\/\/ialeman.cl\/wp-content\/uploads\/2023\/09\/Laternenfest-ciclo-inicial-2023_55-768x513.jpg 768w\" sizes=\"(max-width: 1200px) 100vw, 1200px\" \/><\/a>\n\t\t\t<\/div><\/figure><figure class='gallery-item'>\n\t\t\t<div class='gallery-icon landscape'>\n\t\t\t\t<a data-elementor-open-lightbox=\"yes\" data-elementor-lightbox-slideshow=\"eaec45b\" data-elementor-lightbox-title=\"Laternenfest ciclo inicial 2023_56\" data-e-action-hash=\"#elementor-action%3Aaction%3Dlightbox%26settings%3DeyJpZCI6MjQwNjcsInVybCI6Imh0dHBzOlwvXC9pYWxlbWFuLmNsXC93cC1jb250ZW50XC91cGxvYWRzXC8yMDIzXC8wOVwvTGF0ZXJuZW5mZXN0LWNpY2xvLWluaWNpYWwtMjAyM181Ni5qcGciLCJzbGlkZXNob3ciOiJlYWVjNDViIn0%3D\" href='https:\/\/ialeman.cl\/wp-content\/uploads\/2023\/09\/Laternenfest-ciclo-inicial-2023_56.jpg'><img loading=\"lazy\" decoding=\"async\" width=\"1200\" height=\"801\" src=\"https:\/\/ialeman.cl\/wp-content\/uploads\/2023\/09\/Laternenfest-ciclo-inicial-2023_56.jpg\" class=\"attachment-full size-full\" alt=\"\" srcset=\"https:\/\/ialeman.cl\/wp-content\/uploads\/2023\/09\/Laternenfest-ciclo-inicial-2023_56.jpg 1200w, https:\/\/ialeman.cl\/wp-content\/uploads\/2023\/09\/Laternenfest-ciclo-inicial-2023_56-300x200.jpg 300w, https:\/\/ialeman.cl\/wp-content\/uploads\/2023\/09\/Laternenfest-ciclo-inicial-2023_56-1024x684.jpg 1024w, https:\/\/ialeman.cl\/wp-content\/uploads\/2023\/09\/Laternenfest-ciclo-inicial-2023_56-768x513.jpg 768w\" sizes=\"(max-width: 1200px) 100vw, 1200px\" \/><\/a>\n\t\t\t<\/div><\/figure><figure class='gallery-item'>\n\t\t\t<div class='gallery-icon landscape'>\n\t\t\t\t<a data-elementor-open-lightbox=\"yes\" data-elementor-lightbox-slideshow=\"eaec45b\" data-elementor-lightbox-title=\"Laternenfest ciclo inicial 2023_57\" data-e-action-hash=\"#elementor-action%3Aaction%3Dlightbox%26settings%3DeyJpZCI6MjQwNjgsInVybCI6Imh0dHBzOlwvXC9pYWxlbWFuLmNsXC93cC1jb250ZW50XC91cGxvYWRzXC8yMDIzXC8wOVwvTGF0ZXJuZW5mZXN0LWNpY2xvLWluaWNpYWwtMjAyM181Ny5qcGciLCJzbGlkZXNob3ciOiJlYWVjNDViIn0%3D\" href='https:\/\/ialeman.cl\/wp-content\/uploads\/2023\/09\/Laternenfest-ciclo-inicial-2023_57.jpg'><img loading=\"lazy\" decoding=\"async\" width=\"1200\" height=\"801\" src=\"https:\/\/ialeman.cl\/wp-content\/uploads\/2023\/09\/Laternenfest-ciclo-inicial-2023_57.jpg\" class=\"attachment-full size-full\" alt=\"\" srcset=\"https:\/\/ialeman.cl\/wp-content\/uploads\/2023\/09\/Laternenfest-ciclo-inicial-2023_57.jpg 1200w, https:\/\/ialeman.cl\/wp-content\/uploads\/2023\/09\/Laternenfest-ciclo-inicial-2023_57-300x200.jpg 300w, https:\/\/ialeman.cl\/wp-content\/uploads\/2023\/09\/Laternenfest-ciclo-inicial-2023_57-1024x684.jpg 1024w, https:\/\/ialeman.cl\/wp-content\/uploads\/2023\/09\/Laternenfest-ciclo-inicial-2023_57-768x513.jpg 768w\" sizes=\"(max-width: 1200px) 100vw, 1200px\" \/><\/a>\n\t\t\t<\/div><\/figure><figure class='gallery-item'>\n\t\t\t<div class='gallery-icon landscape'>\n\t\t\t\t<a data-elementor-open-lightbox=\"yes\" data-elementor-lightbox-slideshow=\"eaec45b\" data-elementor-lightbox-title=\"Laternenfest ciclo inicial 2023_58\" data-e-action-hash=\"#elementor-action%3Aaction%3Dlightbox%26settings%3DeyJpZCI6MjQwNjksInVybCI6Imh0dHBzOlwvXC9pYWxlbWFuLmNsXC93cC1jb250ZW50XC91cGxvYWRzXC8yMDIzXC8wOVwvTGF0ZXJuZW5mZXN0LWNpY2xvLWluaWNpYWwtMjAyM181OC5qcGciLCJzbGlkZXNob3ciOiJlYWVjNDViIn0%3D\" href='https:\/\/ialeman.cl\/wp-content\/uploads\/2023\/09\/Laternenfest-ciclo-inicial-2023_58.jpg'><img loading=\"lazy\" decoding=\"async\" width=\"1200\" height=\"801\" src=\"https:\/\/ialeman.cl\/wp-content\/uploads\/2023\/09\/Laternenfest-ciclo-inicial-2023_58.jpg\" class=\"attachment-full size-full\" alt=\"\" srcset=\"https:\/\/ialeman.cl\/wp-content\/uploads\/2023\/09\/Laternenfest-ciclo-inicial-2023_58.jpg 1200w, https:\/\/ialeman.cl\/wp-content\/uploads\/2023\/09\/Laternenfest-ciclo-inicial-2023_58-300x200.jpg 300w, https:\/\/ialeman.cl\/wp-content\/uploads\/2023\/09\/Laternenfest-ciclo-inicial-2023_58-1024x684.jpg 1024w, https:\/\/ialeman.cl\/wp-content\/uploads\/2023\/09\/Laternenfest-ciclo-inicial-2023_58-768x513.jpg 768w\" sizes=\"(max-width: 1200px) 100vw, 1200px\" \/><\/a>\n\t\t\t<\/div><\/figure><figure class='gallery-item'>\n\t\t\t<div class='gallery-icon landscape'>\n\t\t\t\t<a data-elementor-open-lightbox=\"yes\" data-elementor-lightbox-slideshow=\"eaec45b\" data-elementor-lightbox-title=\"Laternenfest ciclo inicial 2023_59\" data-e-action-hash=\"#elementor-action%3Aaction%3Dlightbox%26settings%3DeyJpZCI6MjQwNzAsInVybCI6Imh0dHBzOlwvXC9pYWxlbWFuLmNsXC93cC1jb250ZW50XC91cGxvYWRzXC8yMDIzXC8wOVwvTGF0ZXJuZW5mZXN0LWNpY2xvLWluaWNpYWwtMjAyM181OS0xLmpwZyIsInNsaWRlc2hvdyI6ImVhZWM0NWIifQ%3D%3D\" href='https:\/\/ialeman.cl\/wp-content\/uploads\/2023\/09\/Laternenfest-ciclo-inicial-2023_59-1.jpg'><img loading=\"lazy\" decoding=\"async\" width=\"1200\" height=\"801\" src=\"https:\/\/ialeman.cl\/wp-content\/uploads\/2023\/09\/Laternenfest-ciclo-inicial-2023_59-1.jpg\" class=\"attachment-full size-full\" alt=\"\" srcset=\"https:\/\/ialeman.cl\/wp-content\/uploads\/2023\/09\/Laternenfest-ciclo-inicial-2023_59-1.jpg 1200w, https:\/\/ialeman.cl\/wp-content\/uploads\/2023\/09\/Laternenfest-ciclo-inicial-2023_59-1-300x200.jpg 300w, https:\/\/ialeman.cl\/wp-content\/uploads\/2023\/09\/Laternenfest-ciclo-inicial-2023_59-1-1024x684.jpg 1024w, https:\/\/ialeman.cl\/wp-content\/uploads\/2023\/09\/Laternenfest-ciclo-inicial-2023_59-1-768x513.jpg 768w\" sizes=\"(max-width: 1200px) 100vw, 1200px\" \/><\/a>\n\t\t\t<\/div><\/figure><figure class='gallery-item'>\n\t\t\t<div class='gallery-icon landscape'>\n\t\t\t\t<a data-elementor-open-lightbox=\"yes\" data-elementor-lightbox-slideshow=\"eaec45b\" data-elementor-lightbox-title=\"Laternenfest ciclo inicial 2023_60\" data-e-action-hash=\"#elementor-action%3Aaction%3Dlightbox%26settings%3DeyJpZCI6MjQwNzEsInVybCI6Imh0dHBzOlwvXC9pYWxlbWFuLmNsXC93cC1jb250ZW50XC91cGxvYWRzXC8yMDIzXC8wOVwvTGF0ZXJuZW5mZXN0LWNpY2xvLWluaWNpYWwtMjAyM182MC5qcGciLCJzbGlkZXNob3ciOiJlYWVjNDViIn0%3D\" href='https:\/\/ialeman.cl\/wp-content\/uploads\/2023\/09\/Laternenfest-ciclo-inicial-2023_60.jpg'><img loading=\"lazy\" decoding=\"async\" width=\"1200\" height=\"801\" src=\"https:\/\/ialeman.cl\/wp-content\/uploads\/2023\/09\/Laternenfest-ciclo-inicial-2023_60.jpg\" class=\"attachment-full size-full\" alt=\"\" srcset=\"https:\/\/ialeman.cl\/wp-content\/uploads\/2023\/09\/Laternenfest-ciclo-inicial-2023_60.jpg 1200w, https:\/\/ialeman.cl\/wp-content\/uploads\/2023\/09\/Laternenfest-ciclo-inicial-2023_60-300x200.jpg 300w, https:\/\/ialeman.cl\/wp-content\/uploads\/2023\/09\/Laternenfest-ciclo-inicial-2023_60-1024x684.jpg 1024w, https:\/\/ialeman.cl\/wp-content\/uploads\/2023\/09\/Laternenfest-ciclo-inicial-2023_60-768x513.jpg 768w\" sizes=\"(max-width: 1200px) 100vw, 1200px\" \/><\/a>\n\t\t\t<\/div><\/figure><figure class='gallery-item'>\n\t\t\t<div class='gallery-icon landscape'>\n\t\t\t\t<a data-elementor-open-lightbox=\"yes\" data-elementor-lightbox-slideshow=\"eaec45b\" data-elementor-lightbox-title=\"Laternenfest ciclo inicial 2023_61\" data-e-action-hash=\"#elementor-action%3Aaction%3Dlightbox%26settings%3DeyJpZCI6MjQwNzIsInVybCI6Imh0dHBzOlwvXC9pYWxlbWFuLmNsXC93cC1jb250ZW50XC91cGxvYWRzXC8yMDIzXC8wOVwvTGF0ZXJuZW5mZXN0LWNpY2xvLWluaWNpYWwtMjAyM182MS5qcGciLCJzbGlkZXNob3ciOiJlYWVjNDViIn0%3D\" href='https:\/\/ialeman.cl\/wp-content\/uploads\/2023\/09\/Laternenfest-ciclo-inicial-2023_61.jpg'><img loading=\"lazy\" decoding=\"async\" width=\"1200\" height=\"801\" src=\"https:\/\/ialeman.cl\/wp-content\/uploads\/2023\/09\/Laternenfest-ciclo-inicial-2023_61.jpg\" class=\"attachment-full size-full\" alt=\"\" srcset=\"https:\/\/ialeman.cl\/wp-content\/uploads\/2023\/09\/Laternenfest-ciclo-inicial-2023_61.jpg 1200w, https:\/\/ialeman.cl\/wp-content\/uploads\/2023\/09\/Laternenfest-ciclo-inicial-2023_61-300x200.jpg 300w, https:\/\/ialeman.cl\/wp-content\/uploads\/2023\/09\/Laternenfest-ciclo-inicial-2023_61-1024x684.jpg 1024w, https:\/\/ialeman.cl\/wp-content\/uploads\/2023\/09\/Laternenfest-ciclo-inicial-2023_61-768x513.jpg 768w\" sizes=\"(max-width: 1200px) 100vw, 1200px\" \/><\/a>\n\t\t\t<\/div><\/figure><figure class='gallery-item'>\n\t\t\t<div class='gallery-icon landscape'>\n\t\t\t\t<a data-elementor-open-lightbox=\"yes\" data-elementor-lightbox-slideshow=\"eaec45b\" data-elementor-lightbox-title=\"Laternenfest ciclo inicial 2023_62\" data-e-action-hash=\"#elementor-action%3Aaction%3Dlightbox%26settings%3DeyJpZCI6MjQwNzMsInVybCI6Imh0dHBzOlwvXC9pYWxlbWFuLmNsXC93cC1jb250ZW50XC91cGxvYWRzXC8yMDIzXC8wOVwvTGF0ZXJuZW5mZXN0LWNpY2xvLWluaWNpYWwtMjAyM182Mi5qcGciLCJzbGlkZXNob3ciOiJlYWVjNDViIn0%3D\" href='https:\/\/ialeman.cl\/wp-content\/uploads\/2023\/09\/Laternenfest-ciclo-inicial-2023_62.jpg'><img loading=\"lazy\" decoding=\"async\" width=\"1200\" height=\"801\" src=\"https:\/\/ialeman.cl\/wp-content\/uploads\/2023\/09\/Laternenfest-ciclo-inicial-2023_62.jpg\" class=\"attachment-full size-full\" alt=\"\" srcset=\"https:\/\/ialeman.cl\/wp-content\/uploads\/2023\/09\/Laternenfest-ciclo-inicial-2023_62.jpg 1200w, https:\/\/ialeman.cl\/wp-content\/uploads\/2023\/09\/Laternenfest-ciclo-inicial-2023_62-300x200.jpg 300w, https:\/\/ialeman.cl\/wp-content\/uploads\/2023\/09\/Laternenfest-ciclo-inicial-2023_62-1024x684.jpg 1024w, https:\/\/ialeman.cl\/wp-content\/uploads\/2023\/09\/Laternenfest-ciclo-inicial-2023_62-768x513.jpg 768w\" sizes=\"(max-width: 1200px) 100vw, 1200px\" \/><\/a>\n\t\t\t<\/div><\/figure><figure class='gallery-item'>\n\t\t\t<div class='gallery-icon landscape'>\n\t\t\t\t<a data-elementor-open-lightbox=\"yes\" data-elementor-lightbox-slideshow=\"eaec45b\" data-elementor-lightbox-title=\"Laternenfest ciclo inicial 2023_63\" data-e-action-hash=\"#elementor-action%3Aaction%3Dlightbox%26settings%3DeyJpZCI6MjQwNzQsInVybCI6Imh0dHBzOlwvXC9pYWxlbWFuLmNsXC93cC1jb250ZW50XC91cGxvYWRzXC8yMDIzXC8wOVwvTGF0ZXJuZW5mZXN0LWNpY2xvLWluaWNpYWwtMjAyM182My5qcGciLCJzbGlkZXNob3ciOiJlYWVjNDViIn0%3D\" href='https:\/\/ialeman.cl\/wp-content\/uploads\/2023\/09\/Laternenfest-ciclo-inicial-2023_63.jpg'><img loading=\"lazy\" decoding=\"async\" width=\"1200\" height=\"801\" src=\"https:\/\/ialeman.cl\/wp-content\/uploads\/2023\/09\/Laternenfest-ciclo-inicial-2023_63.jpg\" class=\"attachment-full size-full\" alt=\"\" srcset=\"https:\/\/ialeman.cl\/wp-content\/uploads\/2023\/09\/Laternenfest-ciclo-inicial-2023_63.jpg 1200w, https:\/\/ialeman.cl\/wp-content\/uploads\/2023\/09\/Laternenfest-ciclo-inicial-2023_63-300x200.jpg 300w, https:\/\/ialeman.cl\/wp-content\/uploads\/2023\/09\/Laternenfest-ciclo-inicial-2023_63-1024x684.jpg 1024w, https:\/\/ialeman.cl\/wp-content\/uploads\/2023\/09\/Laternenfest-ciclo-inicial-2023_63-768x513.jpg 768w\" sizes=\"(max-width: 1200px) 100vw, 1200px\" \/><\/a>\n\t\t\t<\/div><\/figure><figure class='gallery-item'>\n\t\t\t<div class='gallery-icon landscape'>\n\t\t\t\t<a data-elementor-open-lightbox=\"yes\" data-elementor-lightbox-slideshow=\"eaec45b\" data-elementor-lightbox-title=\"Laternenfest ciclo inicial 2023_64\" data-e-action-hash=\"#elementor-action%3Aaction%3Dlightbox%26settings%3DeyJpZCI6MjQwNzUsInVybCI6Imh0dHBzOlwvXC9pYWxlbWFuLmNsXC93cC1jb250ZW50XC91cGxvYWRzXC8yMDIzXC8wOVwvTGF0ZXJuZW5mZXN0LWNpY2xvLWluaWNpYWwtMjAyM182NC5qcGciLCJzbGlkZXNob3ciOiJlYWVjNDViIn0%3D\" href='https:\/\/ialeman.cl\/wp-content\/uploads\/2023\/09\/Laternenfest-ciclo-inicial-2023_64.jpg'><img loading=\"lazy\" decoding=\"async\" width=\"1200\" height=\"801\" src=\"https:\/\/ialeman.cl\/wp-content\/uploads\/2023\/09\/Laternenfest-ciclo-inicial-2023_64.jpg\" class=\"attachment-full size-full\" alt=\"\" srcset=\"https:\/\/ialeman.cl\/wp-content\/uploads\/2023\/09\/Laternenfest-ciclo-inicial-2023_64.jpg 1200w, https:\/\/ialeman.cl\/wp-content\/uploads\/2023\/09\/Laternenfest-ciclo-inicial-2023_64-300x200.jpg 300w, https:\/\/ialeman.cl\/wp-content\/uploads\/2023\/09\/Laternenfest-ciclo-inicial-2023_64-1024x684.jpg 1024w, https:\/\/ialeman.cl\/wp-content\/uploads\/2023\/09\/Laternenfest-ciclo-inicial-2023_64-768x513.jpg 768w\" sizes=\"(max-width: 1200px) 100vw, 1200px\" \/><\/a>\n\t\t\t<\/div><\/figure><figure class='gallery-item'>\n\t\t\t<div class='gallery-icon landscape'>\n\t\t\t\t<a data-elementor-open-lightbox=\"yes\" data-elementor-lightbox-slideshow=\"eaec45b\" data-elementor-lightbox-title=\"Laternenfest ciclo inicial 2023_65\" data-e-action-hash=\"#elementor-action%3Aaction%3Dlightbox%26settings%3DeyJpZCI6MjQwNzYsInVybCI6Imh0dHBzOlwvXC9pYWxlbWFuLmNsXC93cC1jb250ZW50XC91cGxvYWRzXC8yMDIzXC8wOVwvTGF0ZXJuZW5mZXN0LWNpY2xvLWluaWNpYWwtMjAyM182NS5qcGciLCJzbGlkZXNob3ciOiJlYWVjNDViIn0%3D\" href='https:\/\/ialeman.cl\/wp-content\/uploads\/2023\/09\/Laternenfest-ciclo-inicial-2023_65.jpg'><img loading=\"lazy\" decoding=\"async\" width=\"1200\" height=\"801\" src=\"https:\/\/ialeman.cl\/wp-content\/uploads\/2023\/09\/Laternenfest-ciclo-inicial-2023_65.jpg\" class=\"attachment-full size-full\" alt=\"\" srcset=\"https:\/\/ialeman.cl\/wp-content\/uploads\/2023\/09\/Laternenfest-ciclo-inicial-2023_65.jpg 1200w, https:\/\/ialeman.cl\/wp-content\/uploads\/2023\/09\/Laternenfest-ciclo-inicial-2023_65-300x200.jpg 300w, https:\/\/ialeman.cl\/wp-content\/uploads\/2023\/09\/Laternenfest-ciclo-inicial-2023_65-1024x684.jpg 1024w, https:\/\/ialeman.cl\/wp-content\/uploads\/2023\/09\/Laternenfest-ciclo-inicial-2023_65-768x513.jpg 768w\" sizes=\"(max-width: 1200px) 100vw, 1200px\" \/><\/a>\n\t\t\t<\/div><\/figure><figure class='gallery-item'>\n\t\t\t<div class='gallery-icon landscape'>\n\t\t\t\t<a data-elementor-open-lightbox=\"yes\" data-elementor-lightbox-slideshow=\"eaec45b\" data-elementor-lightbox-title=\"Laternenfest ciclo inicial 2023_66\" data-e-action-hash=\"#elementor-action%3Aaction%3Dlightbox%26settings%3DeyJpZCI6MjQwNzgsInVybCI6Imh0dHBzOlwvXC9pYWxlbWFuLmNsXC93cC1jb250ZW50XC91cGxvYWRzXC8yMDIzXC8wOVwvTGF0ZXJuZW5mZXN0LWNpY2xvLWluaWNpYWwtMjAyM182Ni0xLmpwZyIsInNsaWRlc2hvdyI6ImVhZWM0NWIifQ%3D%3D\" href='https:\/\/ialeman.cl\/wp-content\/uploads\/2023\/09\/Laternenfest-ciclo-inicial-2023_66-1.jpg'><img loading=\"lazy\" decoding=\"async\" width=\"1200\" height=\"801\" src=\"https:\/\/ialeman.cl\/wp-content\/uploads\/2023\/09\/Laternenfest-ciclo-inicial-2023_66-1.jpg\" class=\"attachment-full size-full\" alt=\"\" srcset=\"https:\/\/ialeman.cl\/wp-content\/uploads\/2023\/09\/Laternenfest-ciclo-inicial-2023_66-1.jpg 1200w, https:\/\/ialeman.cl\/wp-content\/uploads\/2023\/09\/Laternenfest-ciclo-inicial-2023_66-1-300x200.jpg 300w, https:\/\/ialeman.cl\/wp-content\/uploads\/2023\/09\/Laternenfest-ciclo-inicial-2023_66-1-1024x684.jpg 1024w, https:\/\/ialeman.cl\/wp-content\/uploads\/2023\/09\/Laternenfest-ciclo-inicial-2023_66-1-768x513.jpg 768w\" sizes=\"(max-width: 1200px) 100vw, 1200px\" \/><\/a>\n\t\t\t<\/div><\/figure><figure class='gallery-item'>\n\t\t\t<div class='gallery-icon landscape'>\n\t\t\t\t<a data-elementor-open-lightbox=\"yes\" data-elementor-lightbox-slideshow=\"eaec45b\" data-elementor-lightbox-title=\"Laternenfest ciclo inicial 2023_ 2\" data-e-action-hash=\"#elementor-action%3Aaction%3Dlightbox%26settings%3DeyJpZCI6MjQwMDUsInVybCI6Imh0dHBzOlwvXC9pYWxlbWFuLmNsXC93cC1jb250ZW50XC91cGxvYWRzXC8yMDIzXC8wOVwvTGF0ZXJuZW5mZXN0LWNpY2xvLWluaWNpYWwtMjAyM18tMi5qcGciLCJzbGlkZXNob3ciOiJlYWVjNDViIn0%3D\" href='https:\/\/ialeman.cl\/wp-content\/uploads\/2023\/09\/Laternenfest-ciclo-inicial-2023_-2.jpg'><img loading=\"lazy\" decoding=\"async\" width=\"1200\" height=\"801\" src=\"https:\/\/ialeman.cl\/wp-content\/uploads\/2023\/09\/Laternenfest-ciclo-inicial-2023_-2.jpg\" class=\"attachment-full size-full\" alt=\"\" srcset=\"https:\/\/ialeman.cl\/wp-content\/uploads\/2023\/09\/Laternenfest-ciclo-inicial-2023_-2.jpg 1200w, https:\/\/ialeman.cl\/wp-content\/uploads\/2023\/09\/Laternenfest-ciclo-inicial-2023_-2-300x200.jpg 300w, https:\/\/ialeman.cl\/wp-content\/uploads\/2023\/09\/Laternenfest-ciclo-inicial-2023_-2-1024x684.jpg 1024w, https:\/\/ialeman.cl\/wp-content\/uploads\/2023\/09\/Laternenfest-ciclo-inicial-2023_-2-768x513.jpg 768w\" sizes=\"(max-width: 1200px) 100vw, 1200px\" \/><\/a>\n\t\t\t<\/div><\/figure>\n\t\t<\/div>\n\t\t<\/div>\n\t\t\t\t\t\t<\/div>\n\t\t\t\t<\/div>\n\t\t\t\t\t<\/div>\n\t\t<\/div>\n\t\t\t\t\t<\/div>\n\t\t<\/section>\n\t\t\t\t<\/div>\n\t\t","protected":false},"excerpt":{"rendered":"<p>Laternenfest 2023 Una hermosa celebraci\u00f3n de Laternenfest se realiz\u00f3 en la Schule con los ni\u00f1os y las familias del Kindergarten. En la tradicional actividad, los estudiantes del Ciclo Inicial conocieron por medio de una obra de teatro, preparada por los apoderados de Kinder, la vida de Sankt Martin y su importante labor solidaria con los [&hellip;]<\/p>\n","protected":false},"author":1,"featured_media":23980,"comment_status":"closed","ping_status":"closed","sticky":false,"template":"","format":"standard","meta":{"_crdt_document":"","_monsterinsights_skip_tracking":false,"_monsterinsights_sitenote_active":false,"_monsterinsights_sitenote_note":"","_monsterinsights_sitenote_category":0,"site-sidebar-layout":"default","site-content-layout":"","ast-site-content-layout":"default","site-content-style":"default","site-sidebar-style":"default","ast-global-header-display":"","ast-banner-title-visibility":"","ast-main-header-display":"","ast-hfb-above-header-display":"","ast-hfb-below-header-display":"","ast-hfb-mobile-header-display":"","site-post-title":"disabled","ast-breadcrumbs-content":"","ast-featured-img":"disabled","footer-sml-layout":"","ast-disable-related-posts":"","theme-transparent-header-meta":"","adv-header-id-meta":"","stick-header-meta":"","header-above-stick-meta":"","header-main-stick-meta":"","header-below-stick-meta":"","astra-migrate-meta-layouts":"set","ast-page-background-enabled":"default","ast-page-background-meta":{"desktop":{"background-color":"var(--ast-global-color-4)","background-image":"","background-repeat":"repeat","background-position":"center center","background-size":"auto","background-attachment":"scroll","background-type":"","background-media":"","overlay-type":"","overlay-color":"","overlay-opacity":"","overlay-gradient":""},"tablet":{"background-color":"","background-image":"","background-repeat":"repeat","background-position":"center center","background-size":"auto","background-attachment":"scroll","background-type":"","background-media":"","overlay-type":"","overlay-color":"","overlay-opacity":"","overlay-gradient":""},"mobile":{"background-color":"","background-image":"","background-repeat":"repeat","background-position":"center center","background-size":"auto","background-attachment":"scroll","background-type":"","background-media":"","overlay-type":"","overlay-color":"","overlay-opacity":"","overlay-gradient":""}},"ast-content-background-meta":{"desktop":{"background-color":"var(--ast-global-color-5)","background-image":"","background-repeat":"repeat","background-position":"center center","background-size":"auto","background-attachment":"scroll","background-type":"","background-media":"","overlay-type":"","overlay-color":"","overlay-opacity":"","overlay-gradient":""},"tablet":{"background-color":"var(--ast-global-color-5)","background-image":"","background-repeat":"repeat","background-position":"center center","background-size":"auto","background-attachment":"scroll","background-type":"","background-media":"","overlay-type":"","overlay-color":"","overlay-opacity":"","overlay-gradient":""},"mobile":{"background-color":"var(--ast-global-color-5)","background-image":"","background-repeat":"repeat","background-position":"center center","background-size":"auto","background-attachment":"scroll","background-type":"","background-media":"","overlay-type":"","overlay-color":"","overlay-opacity":"","overlay-gradient":""}},"advanced_seo_description":"","jetpack_seo_html_title":"","jetpack_seo_noindex":false,"_jetpack_memberships_contains_paid_content":false,"footnotes":""},"categories":[10],"tags":[],"class_list":["post-23978","post","type-post","status-publish","format-standard","has-post-thumbnail","hentry","category-noticias"],"jetpack_featured_media_url":"https:\/\/ialeman.cl\/wp-content\/uploads\/2023\/09\/Laternenfest-ciclo-inicial-2023_59.jpg","jetpack_shortlink":"https:\/\/wp.me\/ph8I5c-6eK","jetpack_sharing_enabled":true,"_links":{"self":[{"href":"https:\/\/ialeman.cl\/index.php\/wp-json\/wp\/v2\/posts\/23978","targetHints":{"allow":["GET"]}}],"collection":[{"href":"https:\/\/ialeman.cl\/index.php\/wp-json\/wp\/v2\/posts"}],"about":[{"href":"https:\/\/ialeman.cl\/index.php\/wp-json\/wp\/v2\/types\/post"}],"author":[{"embeddable":true,"href":"https:\/\/ialeman.cl\/index.php\/wp-json\/wp\/v2\/users\/1"}],"replies":[{"embeddable":true,"href":"https:\/\/ialeman.cl\/index.php\/wp-json\/wp\/v2\/comments?post=23978"}],"version-history":[{"count":45,"href":"https:\/\/ialeman.cl\/index.php\/wp-json\/wp\/v2\/posts\/23978\/revisions"}],"predecessor-version":[{"id":24329,"href":"https:\/\/ialeman.cl\/index.php\/wp-json\/wp\/v2\/posts\/23978\/revisions\/24329"}],"wp:featuredmedia":[{"embeddable":true,"href":"https:\/\/ialeman.cl\/index.php\/wp-json\/wp\/v2\/media\/23980"}],"wp:attachment":[{"href":"https:\/\/ialeman.cl\/index.php\/wp-json\/wp\/v2\/media?parent=23978"}],"wp:term":[{"taxonomy":"category","embeddable":true,"href":"https:\/\/ialeman.cl\/index.php\/wp-json\/wp\/v2\/categories?post=23978"},{"taxonomy":"post_tag","embeddable":true,"href":"https:\/\/ialeman.cl\/index.php\/wp-json\/wp\/v2\/tags?post=23978"}],"curies":[{"name":"wp","href":"https:\/\/api.w.org\/{rel}","templated":true}]}}