{"id":23056,"date":"2023-08-18T08:55:57","date_gmt":"2023-08-18T12:55:57","guid":{"rendered":"https:\/\/ialeman.cl\/?p=23056"},"modified":"2023-08-18T15:59:03","modified_gmt":"2023-08-18T19:59:03","slug":"ib","status":"publish","type":"post","link":"https:\/\/ialeman.cl\/index.php\/ib\/","title":{"rendered":"Bachillerato Internacional visita Instituto Alem\u00e1n Puerto Montt"},"content":{"rendered":"\t\t<div data-elementor-type=\"wp-post\" data-elementor-id=\"23056\" class=\"elementor elementor-23056\">\n\t\t\t\t\t\t<section class=\"elementor-section elementor-top-section elementor-element elementor-element-ee79c6d elementor-section-boxed elementor-section-height-default elementor-section-height-default\" data-id=\"ee79c6d\" data-element_type=\"section\" data-e-type=\"section\">\n\t\t\t\t\t\t<div class=\"elementor-container elementor-column-gap-default\">\n\t\t\t\t\t<div class=\"elementor-column elementor-col-100 elementor-top-column elementor-element elementor-element-1697d58\" data-id=\"1697d58\" data-element_type=\"column\" data-e-type=\"column\">\n\t\t\t<div class=\"elementor-widget-wrap elementor-element-populated\">\n\t\t\t\t\t\t<div class=\"elementor-element elementor-element-8f9a1e8 elementor-widget elementor-widget-heading\" data-id=\"8f9a1e8\" data-element_type=\"widget\" data-e-type=\"widget\" data-widget_type=\"heading.default\">\n\t\t\t\t<div class=\"elementor-widget-container\">\n\t\t\t\t\t<h2 class=\"elementor-heading-title elementor-size-default\">Bachillerato Internacional visita Instituto Alem\u00e1n Puerto Montt<\/h2>\t\t\t\t<\/div>\n\t\t\t\t<\/div>\n\t\t\t\t\t<\/div>\n\t\t<\/div>\n\t\t\t\t\t<\/div>\n\t\t<\/section>\n\t\t\t\t<section class=\"elementor-section elementor-top-section elementor-element elementor-element-11ec99b elementor-section-boxed elementor-section-height-default elementor-section-height-default\" data-id=\"11ec99b\" data-element_type=\"section\" data-e-type=\"section\">\n\t\t\t\t\t\t<div class=\"elementor-container elementor-column-gap-default\">\n\t\t\t\t\t<div class=\"elementor-column elementor-col-100 elementor-top-column elementor-element elementor-element-ddae5e9\" data-id=\"ddae5e9\" data-element_type=\"column\" data-e-type=\"column\">\n\t\t\t<div class=\"elementor-widget-wrap elementor-element-populated\">\n\t\t\t\t\t\t<div class=\"elementor-element elementor-element-23f9fa6 elementor-widget elementor-widget-image\" data-id=\"23f9fa6\" data-element_type=\"widget\" data-e-type=\"widget\" data-widget_type=\"image.default\">\n\t\t\t\t<div class=\"elementor-widget-container\">\n\t\t\t\t\t\t\t\t\t\t\t\t\t\t\t<img decoding=\"async\" width=\"150\" height=\"150\" src=\"https:\/\/ialeman.cl\/wp-content\/uploads\/2023\/08\/ib-world-school-logo-1-colour-150x150.png\" class=\"attachment-thumbnail size-thumbnail wp-image-23083\" alt=\"\" srcset=\"https:\/\/ialeman.cl\/wp-content\/uploads\/2023\/08\/ib-world-school-logo-1-colour-150x150.png 150w, https:\/\/ialeman.cl\/wp-content\/uploads\/2023\/08\/ib-world-school-logo-1-colour-250x250.png 250w\" sizes=\"(max-width: 150px) 100vw, 150px\" \/>\t\t\t\t\t\t\t\t\t\t\t\t\t\t\t<\/div>\n\t\t\t\t<\/div>\n\t\t\t\t\t<\/div>\n\t\t<\/div>\n\t\t\t\t\t<\/div>\n\t\t<\/section>\n\t\t\t\t<section class=\"elementor-section elementor-top-section elementor-element elementor-element-0501478 elementor-section-boxed elementor-section-height-default elementor-section-height-default\" data-id=\"0501478\" data-element_type=\"section\" data-e-type=\"section\">\n\t\t\t\t\t\t<div class=\"elementor-container elementor-column-gap-default\">\n\t\t\t\t\t<div class=\"elementor-column elementor-col-100 elementor-top-column elementor-element elementor-element-d766664\" data-id=\"d766664\" data-element_type=\"column\" data-e-type=\"column\">\n\t\t\t<div class=\"elementor-widget-wrap elementor-element-populated\">\n\t\t\t\t\t\t<div class=\"elementor-element elementor-element-463b56a elementor-widget elementor-widget-heading\" data-id=\"463b56a\" data-element_type=\"widget\" data-e-type=\"widget\" data-widget_type=\"heading.default\">\n\t\t\t\t<div class=\"elementor-widget-container\">\n\t\t\t\t\t<h2 class=\"elementor-heading-title elementor-size-default\">La comunidad del Instituto Alem\u00e1n de Puerto Montt participa del proceso de verificaci\u00f3n del estado de avance en la implementaci\u00f3n del Programa de A\u00f1os Intermedios (PAI) del Bachillerato Internacional.<br><br>\n\nDurante los d\u00edas 17 y 18 de agosto tendremos la visita virtual de las profesionales extranjeras Diana Olivos (Colombia) y Lidia Frascarelli (Argentina), quienes realizar\u00e1n entrevistas, reuniones con el equipo directivo, profesores, apoderados y estudiantes. Tambi\u00e9n, las evaluadoras observar\u00e1n las clases para conocer los procesos de ense\u00f1anza en los cursos de 5\u00b0 b\u00e1sico a II Medio. <br><br>\n\nLa evaluaci\u00f3n del programa presenta una gran oportunidad para que nuestro colegio reciba del IB apoyo y comentarios significativos sobre el desarrollo de los programas que impartimos. <br><br>\n\nLos profesores de Ciencias (Biolog\u00eda, F\u00edsica y Qu\u00edmica) y de Adquisici\u00f3n de Lenguas (Alem\u00e1n e Ingl\u00e9s), fueron parte de los grupos que participaron durante la tarde del jueves 17 de la reuni\u00f3n con las representantes del IB, con quienes compartieron detalles de la implementaci\u00f3n y trabajo que han desarrollado para el Programa de A\u00f1os Intermedios en el colegio. <br><br>\n\nEn el Instituto Alem\u00e1n de Puerto Montt estamos muy contentos con la visita del IB y estamos seguros de que lograremos los resultados por los cuales hemos trabajado durante varios a\u00f1os.<\/h2>\t\t\t\t<\/div>\n\t\t\t\t<\/div>\n\t\t\t\t\t<\/div>\n\t\t<\/div>\n\t\t\t\t\t<\/div>\n\t\t<\/section>\n\t\t\t\t<section class=\"elementor-section elementor-top-section elementor-element elementor-element-60ce74e elementor-section-boxed elementor-section-height-default elementor-section-height-default\" data-id=\"60ce74e\" data-element_type=\"section\" data-e-type=\"section\">\n\t\t\t\t\t\t<div class=\"elementor-container elementor-column-gap-default\">\n\t\t\t\t\t<div class=\"elementor-column elementor-col-100 elementor-top-column elementor-element elementor-element-25e9775\" data-id=\"25e9775\" data-element_type=\"column\" data-e-type=\"column\">\n\t\t\t<div class=\"elementor-widget-wrap elementor-element-populated\">\n\t\t\t\t\t\t<div class=\"elementor-element elementor-element-f80148e gallery-spacing-custom elementor-widget elementor-widget-image-gallery\" data-id=\"f80148e\" data-element_type=\"widget\" data-e-type=\"widget\" data-widget_type=\"image-gallery.default\">\n\t\t\t\t<div class=\"elementor-widget-container\">\n\t\t\t\t\t\t\t<div class=\"elementor-image-gallery\">\n\t\t\t<div id='gallery-1' class='gallery galleryid-23056 gallery-columns-2 gallery-size-full'><figure class='gallery-item'>\n\t\t\t<div class='gallery-icon landscape'>\n\t\t\t\t<a data-elementor-open-lightbox=\"yes\" data-elementor-lightbox-slideshow=\"f80148e\" data-elementor-lightbox-title=\"IB Instituto Aleman Puerto Montt 1\" data-e-action-hash=\"#elementor-action%3Aaction%3Dlightbox%26settings%3DeyJpZCI6MjMwNTksInVybCI6Imh0dHBzOlwvXC9pYWxlbWFuLmNsXC93cC1jb250ZW50XC91cGxvYWRzXC8yMDIzXC8wOFwvSUItSW5zdGl0dXRvLUFsZW1hbi1QdWVydG8tTW9udHQtMS5qcGciLCJzbGlkZXNob3ciOiJmODAxNDhlIn0%3D\" href='https:\/\/ialeman.cl\/wp-content\/uploads\/2023\/08\/IB-Instituto-Aleman-Puerto-Montt-1.jpg'><img fetchpriority=\"high\" decoding=\"async\" width=\"890\" height=\"593\" src=\"https:\/\/ialeman.cl\/wp-content\/uploads\/2023\/08\/IB-Instituto-Aleman-Puerto-Montt-1.jpg\" class=\"attachment-full size-full\" alt=\"\" srcset=\"https:\/\/ialeman.cl\/wp-content\/uploads\/2023\/08\/IB-Instituto-Aleman-Puerto-Montt-1.jpg 890w, https:\/\/ialeman.cl\/wp-content\/uploads\/2023\/08\/IB-Instituto-Aleman-Puerto-Montt-1-300x200.jpg 300w, https:\/\/ialeman.cl\/wp-content\/uploads\/2023\/08\/IB-Instituto-Aleman-Puerto-Montt-1-768x512.jpg 768w\" sizes=\"(max-width: 890px) 100vw, 890px\" \/><\/a>\n\t\t\t<\/div><\/figure><figure class='gallery-item'>\n\t\t\t<div class='gallery-icon landscape'>\n\t\t\t\t<a data-elementor-open-lightbox=\"yes\" data-elementor-lightbox-slideshow=\"f80148e\" data-elementor-lightbox-title=\"IB Instituto Aleman Puerto Montt 2\" data-e-action-hash=\"#elementor-action%3Aaction%3Dlightbox%26settings%3DeyJpZCI6MjMwNjAsInVybCI6Imh0dHBzOlwvXC9pYWxlbWFuLmNsXC93cC1jb250ZW50XC91cGxvYWRzXC8yMDIzXC8wOFwvSUItSW5zdGl0dXRvLUFsZW1hbi1QdWVydG8tTW9udHQtMi5qcGciLCJzbGlkZXNob3ciOiJmODAxNDhlIn0%3D\" href='https:\/\/ialeman.cl\/wp-content\/uploads\/2023\/08\/IB-Instituto-Aleman-Puerto-Montt-2.jpg'><img decoding=\"async\" width=\"890\" height=\"593\" src=\"https:\/\/ialeman.cl\/wp-content\/uploads\/2023\/08\/IB-Instituto-Aleman-Puerto-Montt-2.jpg\" class=\"attachment-full size-full\" alt=\"\" srcset=\"https:\/\/ialeman.cl\/wp-content\/uploads\/2023\/08\/IB-Instituto-Aleman-Puerto-Montt-2.jpg 890w, https:\/\/ialeman.cl\/wp-content\/uploads\/2023\/08\/IB-Instituto-Aleman-Puerto-Montt-2-300x200.jpg 300w, https:\/\/ialeman.cl\/wp-content\/uploads\/2023\/08\/IB-Instituto-Aleman-Puerto-Montt-2-768x512.jpg 768w\" sizes=\"(max-width: 890px) 100vw, 890px\" \/><\/a>\n\t\t\t<\/div><\/figure><figure class='gallery-item'>\n\t\t\t<div class='gallery-icon landscape'>\n\t\t\t\t<a data-elementor-open-lightbox=\"yes\" data-elementor-lightbox-slideshow=\"f80148e\" data-elementor-lightbox-title=\"IB Instituto Aleman Puerto Montt 3\" data-e-action-hash=\"#elementor-action%3Aaction%3Dlightbox%26settings%3DeyJpZCI6MjMwNjEsInVybCI6Imh0dHBzOlwvXC9pYWxlbWFuLmNsXC93cC1jb250ZW50XC91cGxvYWRzXC8yMDIzXC8wOFwvSUItSW5zdGl0dXRvLUFsZW1hbi1QdWVydG8tTW9udHQtMy5qcGciLCJzbGlkZXNob3ciOiJmODAxNDhlIn0%3D\" href='https:\/\/ialeman.cl\/wp-content\/uploads\/2023\/08\/IB-Instituto-Aleman-Puerto-Montt-3.jpg'><img loading=\"lazy\" decoding=\"async\" width=\"890\" height=\"593\" src=\"https:\/\/ialeman.cl\/wp-content\/uploads\/2023\/08\/IB-Instituto-Aleman-Puerto-Montt-3.jpg\" class=\"attachment-full size-full\" alt=\"\" srcset=\"https:\/\/ialeman.cl\/wp-content\/uploads\/2023\/08\/IB-Instituto-Aleman-Puerto-Montt-3.jpg 890w, https:\/\/ialeman.cl\/wp-content\/uploads\/2023\/08\/IB-Instituto-Aleman-Puerto-Montt-3-300x200.jpg 300w, https:\/\/ialeman.cl\/wp-content\/uploads\/2023\/08\/IB-Instituto-Aleman-Puerto-Montt-3-768x512.jpg 768w\" sizes=\"(max-width: 890px) 100vw, 890px\" \/><\/a>\n\t\t\t<\/div><\/figure><figure class='gallery-item'>\n\t\t\t<div class='gallery-icon landscape'>\n\t\t\t\t<a data-elementor-open-lightbox=\"yes\" data-elementor-lightbox-slideshow=\"f80148e\" data-elementor-lightbox-title=\"IB Instituto Aleman Puerto Montt 4\" data-e-action-hash=\"#elementor-action%3Aaction%3Dlightbox%26settings%3DeyJpZCI6MjMwNjIsInVybCI6Imh0dHBzOlwvXC9pYWxlbWFuLmNsXC93cC1jb250ZW50XC91cGxvYWRzXC8yMDIzXC8wOFwvSUItSW5zdGl0dXRvLUFsZW1hbi1QdWVydG8tTW9udHQtNC5qcGciLCJzbGlkZXNob3ciOiJmODAxNDhlIn0%3D\" href='https:\/\/ialeman.cl\/wp-content\/uploads\/2023\/08\/IB-Instituto-Aleman-Puerto-Montt-4.jpg'><img loading=\"lazy\" decoding=\"async\" width=\"890\" height=\"593\" src=\"https:\/\/ialeman.cl\/wp-content\/uploads\/2023\/08\/IB-Instituto-Aleman-Puerto-Montt-4.jpg\" class=\"attachment-full size-full\" alt=\"\" srcset=\"https:\/\/ialeman.cl\/wp-content\/uploads\/2023\/08\/IB-Instituto-Aleman-Puerto-Montt-4.jpg 890w, https:\/\/ialeman.cl\/wp-content\/uploads\/2023\/08\/IB-Instituto-Aleman-Puerto-Montt-4-300x200.jpg 300w, https:\/\/ialeman.cl\/wp-content\/uploads\/2023\/08\/IB-Instituto-Aleman-Puerto-Montt-4-768x512.jpg 768w\" sizes=\"(max-width: 890px) 100vw, 890px\" \/><\/a>\n\t\t\t<\/div><\/figure><figure class='gallery-item'>\n\t\t\t<div class='gallery-icon landscape'>\n\t\t\t\t<a data-elementor-open-lightbox=\"yes\" data-elementor-lightbox-slideshow=\"f80148e\" data-elementor-lightbox-title=\"IB Instituto Aleman Puerto Montt 5\" data-e-action-hash=\"#elementor-action%3Aaction%3Dlightbox%26settings%3DeyJpZCI6MjMwNjMsInVybCI6Imh0dHBzOlwvXC9pYWxlbWFuLmNsXC93cC1jb250ZW50XC91cGxvYWRzXC8yMDIzXC8wOFwvSUItSW5zdGl0dXRvLUFsZW1hbi1QdWVydG8tTW9udHQtNS0xLmpwZyIsInNsaWRlc2hvdyI6ImY4MDE0OGUifQ%3D%3D\" href='https:\/\/ialeman.cl\/wp-content\/uploads\/2023\/08\/IB-Instituto-Aleman-Puerto-Montt-5-1.jpg'><img loading=\"lazy\" decoding=\"async\" width=\"890\" height=\"593\" src=\"https:\/\/ialeman.cl\/wp-content\/uploads\/2023\/08\/IB-Instituto-Aleman-Puerto-Montt-5-1.jpg\" class=\"attachment-full size-full\" alt=\"\" srcset=\"https:\/\/ialeman.cl\/wp-content\/uploads\/2023\/08\/IB-Instituto-Aleman-Puerto-Montt-5-1.jpg 890w, https:\/\/ialeman.cl\/wp-content\/uploads\/2023\/08\/IB-Instituto-Aleman-Puerto-Montt-5-1-300x200.jpg 300w, https:\/\/ialeman.cl\/wp-content\/uploads\/2023\/08\/IB-Instituto-Aleman-Puerto-Montt-5-1-768x512.jpg 768w\" sizes=\"(max-width: 890px) 100vw, 890px\" \/><\/a>\n\t\t\t<\/div><\/figure><figure class='gallery-item'>\n\t\t\t<div class='gallery-icon landscape'>\n\t\t\t\t<a data-elementor-open-lightbox=\"yes\" data-elementor-lightbox-slideshow=\"f80148e\" data-elementor-lightbox-title=\"IB Instituto Aleman Puerto Montt 6\" data-e-action-hash=\"#elementor-action%3Aaction%3Dlightbox%26settings%3DeyJpZCI6MjMwNjQsInVybCI6Imh0dHBzOlwvXC9pYWxlbWFuLmNsXC93cC1jb250ZW50XC91cGxvYWRzXC8yMDIzXC8wOFwvSUItSW5zdGl0dXRvLUFsZW1hbi1QdWVydG8tTW9udHQtNi5qcGciLCJzbGlkZXNob3ciOiJmODAxNDhlIn0%3D\" href='https:\/\/ialeman.cl\/wp-content\/uploads\/2023\/08\/IB-Instituto-Aleman-Puerto-Montt-6.jpg'><img loading=\"lazy\" decoding=\"async\" width=\"890\" height=\"593\" src=\"https:\/\/ialeman.cl\/wp-content\/uploads\/2023\/08\/IB-Instituto-Aleman-Puerto-Montt-6.jpg\" class=\"attachment-full size-full\" alt=\"\" srcset=\"https:\/\/ialeman.cl\/wp-content\/uploads\/2023\/08\/IB-Instituto-Aleman-Puerto-Montt-6.jpg 890w, https:\/\/ialeman.cl\/wp-content\/uploads\/2023\/08\/IB-Instituto-Aleman-Puerto-Montt-6-300x200.jpg 300w, https:\/\/ialeman.cl\/wp-content\/uploads\/2023\/08\/IB-Instituto-Aleman-Puerto-Montt-6-768x512.jpg 768w\" sizes=\"(max-width: 890px) 100vw, 890px\" \/><\/a>\n\t\t\t<\/div><\/figure><figure class='gallery-item'>\n\t\t\t<div class='gallery-icon landscape'>\n\t\t\t\t<a data-elementor-open-lightbox=\"yes\" data-elementor-lightbox-slideshow=\"f80148e\" data-elementor-lightbox-title=\"IB Instituto Aleman Puerto Montt 7\" data-e-action-hash=\"#elementor-action%3Aaction%3Dlightbox%26settings%3DeyJpZCI6MjMwNjUsInVybCI6Imh0dHBzOlwvXC9pYWxlbWFuLmNsXC93cC1jb250ZW50XC91cGxvYWRzXC8yMDIzXC8wOFwvSUItSW5zdGl0dXRvLUFsZW1hbi1QdWVydG8tTW9udHQtNy5qcGciLCJzbGlkZXNob3ciOiJmODAxNDhlIn0%3D\" href='https:\/\/ialeman.cl\/wp-content\/uploads\/2023\/08\/IB-Instituto-Aleman-Puerto-Montt-7.jpg'><img loading=\"lazy\" decoding=\"async\" width=\"890\" height=\"593\" src=\"https:\/\/ialeman.cl\/wp-content\/uploads\/2023\/08\/IB-Instituto-Aleman-Puerto-Montt-7.jpg\" class=\"attachment-full size-full\" alt=\"\" srcset=\"https:\/\/ialeman.cl\/wp-content\/uploads\/2023\/08\/IB-Instituto-Aleman-Puerto-Montt-7.jpg 890w, https:\/\/ialeman.cl\/wp-content\/uploads\/2023\/08\/IB-Instituto-Aleman-Puerto-Montt-7-300x200.jpg 300w, https:\/\/ialeman.cl\/wp-content\/uploads\/2023\/08\/IB-Instituto-Aleman-Puerto-Montt-7-768x512.jpg 768w\" sizes=\"(max-width: 890px) 100vw, 890px\" \/><\/a>\n\t\t\t<\/div><\/figure><figure class='gallery-item'>\n\t\t\t<div class='gallery-icon landscape'>\n\t\t\t\t<a data-elementor-open-lightbox=\"yes\" data-elementor-lightbox-slideshow=\"f80148e\" data-elementor-lightbox-title=\"IB Instituto Aleman Puerto Montt 8\" data-e-action-hash=\"#elementor-action%3Aaction%3Dlightbox%26settings%3DeyJpZCI6MjMwNjYsInVybCI6Imh0dHBzOlwvXC9pYWxlbWFuLmNsXC93cC1jb250ZW50XC91cGxvYWRzXC8yMDIzXC8wOFwvSUItSW5zdGl0dXRvLUFsZW1hbi1QdWVydG8tTW9udHQtOC5qcGciLCJzbGlkZXNob3ciOiJmODAxNDhlIn0%3D\" href='https:\/\/ialeman.cl\/wp-content\/uploads\/2023\/08\/IB-Instituto-Aleman-Puerto-Montt-8.jpg'><img loading=\"lazy\" decoding=\"async\" width=\"890\" height=\"593\" src=\"https:\/\/ialeman.cl\/wp-content\/uploads\/2023\/08\/IB-Instituto-Aleman-Puerto-Montt-8.jpg\" class=\"attachment-full size-full\" alt=\"\" srcset=\"https:\/\/ialeman.cl\/wp-content\/uploads\/2023\/08\/IB-Instituto-Aleman-Puerto-Montt-8.jpg 890w, https:\/\/ialeman.cl\/wp-content\/uploads\/2023\/08\/IB-Instituto-Aleman-Puerto-Montt-8-300x200.jpg 300w, https:\/\/ialeman.cl\/wp-content\/uploads\/2023\/08\/IB-Instituto-Aleman-Puerto-Montt-8-768x512.jpg 768w\" sizes=\"(max-width: 890px) 100vw, 890px\" \/><\/a>\n\t\t\t<\/div><\/figure><figure class='gallery-item'>\n\t\t\t<div class='gallery-icon landscape'>\n\t\t\t\t<a data-elementor-open-lightbox=\"yes\" data-elementor-lightbox-slideshow=\"f80148e\" data-elementor-lightbox-title=\"IB Instituto Aleman Puerto Montt 9\" data-e-action-hash=\"#elementor-action%3Aaction%3Dlightbox%26settings%3DeyJpZCI6MjMwNjcsInVybCI6Imh0dHBzOlwvXC9pYWxlbWFuLmNsXC93cC1jb250ZW50XC91cGxvYWRzXC8yMDIzXC8wOFwvSUItSW5zdGl0dXRvLUFsZW1hbi1QdWVydG8tTW9udHQtOS5qcGciLCJzbGlkZXNob3ciOiJmODAxNDhlIn0%3D\" href='https:\/\/ialeman.cl\/wp-content\/uploads\/2023\/08\/IB-Instituto-Aleman-Puerto-Montt-9.jpg'><img loading=\"lazy\" decoding=\"async\" width=\"890\" height=\"593\" src=\"https:\/\/ialeman.cl\/wp-content\/uploads\/2023\/08\/IB-Instituto-Aleman-Puerto-Montt-9.jpg\" class=\"attachment-full size-full\" alt=\"\" srcset=\"https:\/\/ialeman.cl\/wp-content\/uploads\/2023\/08\/IB-Instituto-Aleman-Puerto-Montt-9.jpg 890w, https:\/\/ialeman.cl\/wp-content\/uploads\/2023\/08\/IB-Instituto-Aleman-Puerto-Montt-9-300x200.jpg 300w, https:\/\/ialeman.cl\/wp-content\/uploads\/2023\/08\/IB-Instituto-Aleman-Puerto-Montt-9-768x512.jpg 768w\" sizes=\"(max-width: 890px) 100vw, 890px\" \/><\/a>\n\t\t\t<\/div><\/figure><figure class='gallery-item'>\n\t\t\t<div class='gallery-icon landscape'>\n\t\t\t\t<a data-elementor-open-lightbox=\"yes\" data-elementor-lightbox-slideshow=\"f80148e\" data-elementor-lightbox-title=\"IB Instituto Aleman Puerto Montt 10\" data-e-action-hash=\"#elementor-action%3Aaction%3Dlightbox%26settings%3DeyJpZCI6MjMwNjgsInVybCI6Imh0dHBzOlwvXC9pYWxlbWFuLmNsXC93cC1jb250ZW50XC91cGxvYWRzXC8yMDIzXC8wOFwvSUItSW5zdGl0dXRvLUFsZW1hbi1QdWVydG8tTW9udHQtMTAuanBnIiwic2xpZGVzaG93IjoiZjgwMTQ4ZSJ9\" href='https:\/\/ialeman.cl\/wp-content\/uploads\/2023\/08\/IB-Instituto-Aleman-Puerto-Montt-10.jpg'><img loading=\"lazy\" decoding=\"async\" width=\"890\" height=\"593\" src=\"https:\/\/ialeman.cl\/wp-content\/uploads\/2023\/08\/IB-Instituto-Aleman-Puerto-Montt-10.jpg\" class=\"attachment-full size-full\" alt=\"\" srcset=\"https:\/\/ialeman.cl\/wp-content\/uploads\/2023\/08\/IB-Instituto-Aleman-Puerto-Montt-10.jpg 890w, https:\/\/ialeman.cl\/wp-content\/uploads\/2023\/08\/IB-Instituto-Aleman-Puerto-Montt-10-300x200.jpg 300w, https:\/\/ialeman.cl\/wp-content\/uploads\/2023\/08\/IB-Instituto-Aleman-Puerto-Montt-10-768x512.jpg 768w\" sizes=\"(max-width: 890px) 100vw, 890px\" \/><\/a>\n\t\t\t<\/div><\/figure><figure class='gallery-item'>\n\t\t\t<div class='gallery-icon landscape'>\n\t\t\t\t<a data-elementor-open-lightbox=\"yes\" data-elementor-lightbox-slideshow=\"f80148e\" data-elementor-lightbox-title=\"IB Instituto Aleman Puerto Montt 11\" data-e-action-hash=\"#elementor-action%3Aaction%3Dlightbox%26settings%3DeyJpZCI6MjMwNjksInVybCI6Imh0dHBzOlwvXC9pYWxlbWFuLmNsXC93cC1jb250ZW50XC91cGxvYWRzXC8yMDIzXC8wOFwvSUItSW5zdGl0dXRvLUFsZW1hbi1QdWVydG8tTW9udHQtMTEuanBnIiwic2xpZGVzaG93IjoiZjgwMTQ4ZSJ9\" href='https:\/\/ialeman.cl\/wp-content\/uploads\/2023\/08\/IB-Instituto-Aleman-Puerto-Montt-11.jpg'><img loading=\"lazy\" decoding=\"async\" width=\"890\" height=\"593\" src=\"https:\/\/ialeman.cl\/wp-content\/uploads\/2023\/08\/IB-Instituto-Aleman-Puerto-Montt-11.jpg\" class=\"attachment-full size-full\" alt=\"\" srcset=\"https:\/\/ialeman.cl\/wp-content\/uploads\/2023\/08\/IB-Instituto-Aleman-Puerto-Montt-11.jpg 890w, https:\/\/ialeman.cl\/wp-content\/uploads\/2023\/08\/IB-Instituto-Aleman-Puerto-Montt-11-300x200.jpg 300w, https:\/\/ialeman.cl\/wp-content\/uploads\/2023\/08\/IB-Instituto-Aleman-Puerto-Montt-11-768x512.jpg 768w\" sizes=\"(max-width: 890px) 100vw, 890px\" \/><\/a>\n\t\t\t<\/div><\/figure><figure class='gallery-item'>\n\t\t\t<div class='gallery-icon landscape'>\n\t\t\t\t<a data-elementor-open-lightbox=\"yes\" data-elementor-lightbox-slideshow=\"f80148e\" data-elementor-lightbox-title=\"IB Instituto Aleman Puerto Montt 12\" data-e-action-hash=\"#elementor-action%3Aaction%3Dlightbox%26settings%3DeyJpZCI6MjMwNzAsInVybCI6Imh0dHBzOlwvXC9pYWxlbWFuLmNsXC93cC1jb250ZW50XC91cGxvYWRzXC8yMDIzXC8wOFwvSUItSW5zdGl0dXRvLUFsZW1hbi1QdWVydG8tTW9udHQtMTIuanBnIiwic2xpZGVzaG93IjoiZjgwMTQ4ZSJ9\" href='https:\/\/ialeman.cl\/wp-content\/uploads\/2023\/08\/IB-Instituto-Aleman-Puerto-Montt-12.jpg'><img loading=\"lazy\" decoding=\"async\" width=\"890\" height=\"593\" src=\"https:\/\/ialeman.cl\/wp-content\/uploads\/2023\/08\/IB-Instituto-Aleman-Puerto-Montt-12.jpg\" class=\"attachment-full size-full\" alt=\"\" srcset=\"https:\/\/ialeman.cl\/wp-content\/uploads\/2023\/08\/IB-Instituto-Aleman-Puerto-Montt-12.jpg 890w, https:\/\/ialeman.cl\/wp-content\/uploads\/2023\/08\/IB-Instituto-Aleman-Puerto-Montt-12-300x200.jpg 300w, https:\/\/ialeman.cl\/wp-content\/uploads\/2023\/08\/IB-Instituto-Aleman-Puerto-Montt-12-768x512.jpg 768w\" sizes=\"(max-width: 890px) 100vw, 890px\" \/><\/a>\n\t\t\t<\/div><\/figure><figure class='gallery-item'>\n\t\t\t<div class='gallery-icon landscape'>\n\t\t\t\t<a data-elementor-open-lightbox=\"yes\" data-elementor-lightbox-slideshow=\"f80148e\" data-elementor-lightbox-title=\"IB Instituto Aleman Puerto Montt 13\" data-e-action-hash=\"#elementor-action%3Aaction%3Dlightbox%26settings%3DeyJpZCI6MjMwOTMsInVybCI6Imh0dHBzOlwvXC9pYWxlbWFuLmNsXC93cC1jb250ZW50XC91cGxvYWRzXC8yMDIzXC8wOFwvSUItSW5zdGl0dXRvLUFsZW1hbi1QdWVydG8tTW9udHQtMTMuanBnIiwic2xpZGVzaG93IjoiZjgwMTQ4ZSJ9\" href='https:\/\/ialeman.cl\/wp-content\/uploads\/2023\/08\/IB-Instituto-Aleman-Puerto-Montt-13.jpg'><img loading=\"lazy\" decoding=\"async\" width=\"890\" height=\"593\" src=\"https:\/\/ialeman.cl\/wp-content\/uploads\/2023\/08\/IB-Instituto-Aleman-Puerto-Montt-13.jpg\" class=\"attachment-full size-full\" alt=\"\" srcset=\"https:\/\/ialeman.cl\/wp-content\/uploads\/2023\/08\/IB-Instituto-Aleman-Puerto-Montt-13.jpg 890w, https:\/\/ialeman.cl\/wp-content\/uploads\/2023\/08\/IB-Instituto-Aleman-Puerto-Montt-13-300x200.jpg 300w, https:\/\/ialeman.cl\/wp-content\/uploads\/2023\/08\/IB-Instituto-Aleman-Puerto-Montt-13-768x512.jpg 768w\" sizes=\"(max-width: 890px) 100vw, 890px\" \/><\/a>\n\t\t\t<\/div><\/figure><figure class='gallery-item'>\n\t\t\t<div class='gallery-icon landscape'>\n\t\t\t\t<a data-elementor-open-lightbox=\"yes\" data-elementor-lightbox-slideshow=\"f80148e\" data-elementor-lightbox-title=\"IB Instituto Aleman Puerto Montt 14\" data-e-action-hash=\"#elementor-action%3Aaction%3Dlightbox%26settings%3DeyJpZCI6MjMwOTQsInVybCI6Imh0dHBzOlwvXC9pYWxlbWFuLmNsXC93cC1jb250ZW50XC91cGxvYWRzXC8yMDIzXC8wOFwvSUItSW5zdGl0dXRvLUFsZW1hbi1QdWVydG8tTW9udHQtMTQuanBnIiwic2xpZGVzaG93IjoiZjgwMTQ4ZSJ9\" href='https:\/\/ialeman.cl\/wp-content\/uploads\/2023\/08\/IB-Instituto-Aleman-Puerto-Montt-14.jpg'><img loading=\"lazy\" decoding=\"async\" width=\"890\" height=\"593\" src=\"https:\/\/ialeman.cl\/wp-content\/uploads\/2023\/08\/IB-Instituto-Aleman-Puerto-Montt-14.jpg\" class=\"attachment-full size-full\" alt=\"\" srcset=\"https:\/\/ialeman.cl\/wp-content\/uploads\/2023\/08\/IB-Instituto-Aleman-Puerto-Montt-14.jpg 890w, https:\/\/ialeman.cl\/wp-content\/uploads\/2023\/08\/IB-Instituto-Aleman-Puerto-Montt-14-300x200.jpg 300w, https:\/\/ialeman.cl\/wp-content\/uploads\/2023\/08\/IB-Instituto-Aleman-Puerto-Montt-14-768x512.jpg 768w\" sizes=\"(max-width: 890px) 100vw, 890px\" \/><\/a>\n\t\t\t<\/div><\/figure><figure class='gallery-item'>\n\t\t\t<div class='gallery-icon landscape'>\n\t\t\t\t<a data-elementor-open-lightbox=\"yes\" data-elementor-lightbox-slideshow=\"f80148e\" data-elementor-lightbox-title=\"IB Instituto Aleman Puerto Montt 15\" data-e-action-hash=\"#elementor-action%3Aaction%3Dlightbox%26settings%3DeyJpZCI6MjMwOTUsInVybCI6Imh0dHBzOlwvXC9pYWxlbWFuLmNsXC93cC1jb250ZW50XC91cGxvYWRzXC8yMDIzXC8wOFwvSUItSW5zdGl0dXRvLUFsZW1hbi1QdWVydG8tTW9udHQtMTUuanBnIiwic2xpZGVzaG93IjoiZjgwMTQ4ZSJ9\" href='https:\/\/ialeman.cl\/wp-content\/uploads\/2023\/08\/IB-Instituto-Aleman-Puerto-Montt-15.jpg'><img loading=\"lazy\" decoding=\"async\" width=\"890\" height=\"593\" src=\"https:\/\/ialeman.cl\/wp-content\/uploads\/2023\/08\/IB-Instituto-Aleman-Puerto-Montt-15.jpg\" class=\"attachment-full size-full\" alt=\"\" srcset=\"https:\/\/ialeman.cl\/wp-content\/uploads\/2023\/08\/IB-Instituto-Aleman-Puerto-Montt-15.jpg 890w, https:\/\/ialeman.cl\/wp-content\/uploads\/2023\/08\/IB-Instituto-Aleman-Puerto-Montt-15-300x200.jpg 300w, https:\/\/ialeman.cl\/wp-content\/uploads\/2023\/08\/IB-Instituto-Aleman-Puerto-Montt-15-768x512.jpg 768w\" sizes=\"(max-width: 890px) 100vw, 890px\" \/><\/a>\n\t\t\t<\/div><\/figure><figure class='gallery-item'>\n\t\t\t<div class='gallery-icon landscape'>\n\t\t\t\t<a data-elementor-open-lightbox=\"yes\" data-elementor-lightbox-slideshow=\"f80148e\" data-elementor-lightbox-title=\"IB Instituto Aleman Puerto Montt 16\" data-e-action-hash=\"#elementor-action%3Aaction%3Dlightbox%26settings%3DeyJpZCI6MjMwOTYsInVybCI6Imh0dHBzOlwvXC9pYWxlbWFuLmNsXC93cC1jb250ZW50XC91cGxvYWRzXC8yMDIzXC8wOFwvSUItSW5zdGl0dXRvLUFsZW1hbi1QdWVydG8tTW9udHQtMTYuanBnIiwic2xpZGVzaG93IjoiZjgwMTQ4ZSJ9\" href='https:\/\/ialeman.cl\/wp-content\/uploads\/2023\/08\/IB-Instituto-Aleman-Puerto-Montt-16.jpg'><img loading=\"lazy\" decoding=\"async\" width=\"890\" height=\"593\" src=\"https:\/\/ialeman.cl\/wp-content\/uploads\/2023\/08\/IB-Instituto-Aleman-Puerto-Montt-16.jpg\" class=\"attachment-full size-full\" alt=\"\" srcset=\"https:\/\/ialeman.cl\/wp-content\/uploads\/2023\/08\/IB-Instituto-Aleman-Puerto-Montt-16.jpg 890w, https:\/\/ialeman.cl\/wp-content\/uploads\/2023\/08\/IB-Instituto-Aleman-Puerto-Montt-16-300x200.jpg 300w, https:\/\/ialeman.cl\/wp-content\/uploads\/2023\/08\/IB-Instituto-Aleman-Puerto-Montt-16-768x512.jpg 768w\" sizes=\"(max-width: 890px) 100vw, 890px\" \/><\/a>\n\t\t\t<\/div><\/figure><figure class='gallery-item'>\n\t\t\t<div class='gallery-icon landscape'>\n\t\t\t\t<a data-elementor-open-lightbox=\"yes\" data-elementor-lightbox-slideshow=\"f80148e\" data-elementor-lightbox-title=\"IB Instituto Aleman Puerto Montt 17\" data-e-action-hash=\"#elementor-action%3Aaction%3Dlightbox%26settings%3DeyJpZCI6MjMwOTcsInVybCI6Imh0dHBzOlwvXC9pYWxlbWFuLmNsXC93cC1jb250ZW50XC91cGxvYWRzXC8yMDIzXC8wOFwvSUItSW5zdGl0dXRvLUFsZW1hbi1QdWVydG8tTW9udHQtMTcuanBnIiwic2xpZGVzaG93IjoiZjgwMTQ4ZSJ9\" href='https:\/\/ialeman.cl\/wp-content\/uploads\/2023\/08\/IB-Instituto-Aleman-Puerto-Montt-17.jpg'><img loading=\"lazy\" decoding=\"async\" width=\"890\" height=\"593\" src=\"https:\/\/ialeman.cl\/wp-content\/uploads\/2023\/08\/IB-Instituto-Aleman-Puerto-Montt-17.jpg\" class=\"attachment-full size-full\" alt=\"\" srcset=\"https:\/\/ialeman.cl\/wp-content\/uploads\/2023\/08\/IB-Instituto-Aleman-Puerto-Montt-17.jpg 890w, https:\/\/ialeman.cl\/wp-content\/uploads\/2023\/08\/IB-Instituto-Aleman-Puerto-Montt-17-300x200.jpg 300w, https:\/\/ialeman.cl\/wp-content\/uploads\/2023\/08\/IB-Instituto-Aleman-Puerto-Montt-17-768x512.jpg 768w\" sizes=\"(max-width: 890px) 100vw, 890px\" \/><\/a>\n\t\t\t<\/div><\/figure><figure class='gallery-item'>\n\t\t\t<div class='gallery-icon landscape'>\n\t\t\t\t<a data-elementor-open-lightbox=\"yes\" data-elementor-lightbox-slideshow=\"f80148e\" data-elementor-lightbox-title=\"IB Instituto Aleman Puerto Montt 18\" data-e-action-hash=\"#elementor-action%3Aaction%3Dlightbox%26settings%3DeyJpZCI6MjMwOTgsInVybCI6Imh0dHBzOlwvXC9pYWxlbWFuLmNsXC93cC1jb250ZW50XC91cGxvYWRzXC8yMDIzXC8wOFwvSUItSW5zdGl0dXRvLUFsZW1hbi1QdWVydG8tTW9udHQtMTguanBnIiwic2xpZGVzaG93IjoiZjgwMTQ4ZSJ9\" href='https:\/\/ialeman.cl\/wp-content\/uploads\/2023\/08\/IB-Instituto-Aleman-Puerto-Montt-18.jpg'><img loading=\"lazy\" decoding=\"async\" width=\"890\" height=\"593\" src=\"https:\/\/ialeman.cl\/wp-content\/uploads\/2023\/08\/IB-Instituto-Aleman-Puerto-Montt-18.jpg\" class=\"attachment-full size-full\" alt=\"\" srcset=\"https:\/\/ialeman.cl\/wp-content\/uploads\/2023\/08\/IB-Instituto-Aleman-Puerto-Montt-18.jpg 890w, https:\/\/ialeman.cl\/wp-content\/uploads\/2023\/08\/IB-Instituto-Aleman-Puerto-Montt-18-300x200.jpg 300w, https:\/\/ialeman.cl\/wp-content\/uploads\/2023\/08\/IB-Instituto-Aleman-Puerto-Montt-18-768x512.jpg 768w\" sizes=\"(max-width: 890px) 100vw, 890px\" \/><\/a>\n\t\t\t<\/div><\/figure><figure class='gallery-item'>\n\t\t\t<div class='gallery-icon landscape'>\n\t\t\t\t<a data-elementor-open-lightbox=\"yes\" data-elementor-lightbox-slideshow=\"f80148e\" data-elementor-lightbox-title=\"IB Instituto Aleman Puerto Montt 19\" data-e-action-hash=\"#elementor-action%3Aaction%3Dlightbox%26settings%3DeyJpZCI6MjMxMDIsInVybCI6Imh0dHBzOlwvXC9pYWxlbWFuLmNsXC93cC1jb250ZW50XC91cGxvYWRzXC8yMDIzXC8wOFwvSUItSW5zdGl0dXRvLUFsZW1hbi1QdWVydG8tTW9udHQtMTkuanBnIiwic2xpZGVzaG93IjoiZjgwMTQ4ZSJ9\" href='https:\/\/ialeman.cl\/wp-content\/uploads\/2023\/08\/IB-Instituto-Aleman-Puerto-Montt-19.jpg'><img loading=\"lazy\" decoding=\"async\" width=\"890\" height=\"593\" src=\"https:\/\/ialeman.cl\/wp-content\/uploads\/2023\/08\/IB-Instituto-Aleman-Puerto-Montt-19.jpg\" class=\"attachment-full size-full\" alt=\"\" srcset=\"https:\/\/ialeman.cl\/wp-content\/uploads\/2023\/08\/IB-Instituto-Aleman-Puerto-Montt-19.jpg 890w, https:\/\/ialeman.cl\/wp-content\/uploads\/2023\/08\/IB-Instituto-Aleman-Puerto-Montt-19-300x200.jpg 300w, https:\/\/ialeman.cl\/wp-content\/uploads\/2023\/08\/IB-Instituto-Aleman-Puerto-Montt-19-768x512.jpg 768w\" sizes=\"(max-width: 890px) 100vw, 890px\" \/><\/a>\n\t\t\t<\/div><\/figure><figure class='gallery-item'>\n\t\t\t<div class='gallery-icon landscape'>\n\t\t\t\t<a data-elementor-open-lightbox=\"yes\" data-elementor-lightbox-slideshow=\"f80148e\" data-elementor-lightbox-title=\"IB Instituto Aleman Puerto Montt 20\" data-e-action-hash=\"#elementor-action%3Aaction%3Dlightbox%26settings%3DeyJpZCI6MjMxMDMsInVybCI6Imh0dHBzOlwvXC9pYWxlbWFuLmNsXC93cC1jb250ZW50XC91cGxvYWRzXC8yMDIzXC8wOFwvSUItSW5zdGl0dXRvLUFsZW1hbi1QdWVydG8tTW9udHQtMjAuanBnIiwic2xpZGVzaG93IjoiZjgwMTQ4ZSJ9\" href='https:\/\/ialeman.cl\/wp-content\/uploads\/2023\/08\/IB-Instituto-Aleman-Puerto-Montt-20.jpg'><img loading=\"lazy\" decoding=\"async\" width=\"890\" height=\"593\" src=\"https:\/\/ialeman.cl\/wp-content\/uploads\/2023\/08\/IB-Instituto-Aleman-Puerto-Montt-20.jpg\" class=\"attachment-full size-full\" alt=\"\" srcset=\"https:\/\/ialeman.cl\/wp-content\/uploads\/2023\/08\/IB-Instituto-Aleman-Puerto-Montt-20.jpg 890w, https:\/\/ialeman.cl\/wp-content\/uploads\/2023\/08\/IB-Instituto-Aleman-Puerto-Montt-20-300x200.jpg 300w, https:\/\/ialeman.cl\/wp-content\/uploads\/2023\/08\/IB-Instituto-Aleman-Puerto-Montt-20-768x512.jpg 768w\" sizes=\"(max-width: 890px) 100vw, 890px\" \/><\/a>\n\t\t\t<\/div><\/figure><figure class='gallery-item'>\n\t\t\t<div class='gallery-icon landscape'>\n\t\t\t\t<a data-elementor-open-lightbox=\"yes\" data-elementor-lightbox-slideshow=\"f80148e\" data-elementor-lightbox-title=\"IB Instituto Aleman Puerto Montt 21\" data-e-action-hash=\"#elementor-action%3Aaction%3Dlightbox%26settings%3DeyJpZCI6MjMxMDQsInVybCI6Imh0dHBzOlwvXC9pYWxlbWFuLmNsXC93cC1jb250ZW50XC91cGxvYWRzXC8yMDIzXC8wOFwvSUItSW5zdGl0dXRvLUFsZW1hbi1QdWVydG8tTW9udHQtMjEuanBnIiwic2xpZGVzaG93IjoiZjgwMTQ4ZSJ9\" href='https:\/\/ialeman.cl\/wp-content\/uploads\/2023\/08\/IB-Instituto-Aleman-Puerto-Montt-21.jpg'><img loading=\"lazy\" decoding=\"async\" width=\"890\" height=\"593\" src=\"https:\/\/ialeman.cl\/wp-content\/uploads\/2023\/08\/IB-Instituto-Aleman-Puerto-Montt-21.jpg\" class=\"attachment-full size-full\" alt=\"\" srcset=\"https:\/\/ialeman.cl\/wp-content\/uploads\/2023\/08\/IB-Instituto-Aleman-Puerto-Montt-21.jpg 890w, https:\/\/ialeman.cl\/wp-content\/uploads\/2023\/08\/IB-Instituto-Aleman-Puerto-Montt-21-300x200.jpg 300w, https:\/\/ialeman.cl\/wp-content\/uploads\/2023\/08\/IB-Instituto-Aleman-Puerto-Montt-21-768x512.jpg 768w\" sizes=\"(max-width: 890px) 100vw, 890px\" \/><\/a>\n\t\t\t<\/div><\/figure><figure class='gallery-item'>\n\t\t\t<div class='gallery-icon landscape'>\n\t\t\t\t<a data-elementor-open-lightbox=\"yes\" data-elementor-lightbox-slideshow=\"f80148e\" data-elementor-lightbox-title=\"IB Instituto Aleman Puerto Montt 22\" data-e-action-hash=\"#elementor-action%3Aaction%3Dlightbox%26settings%3DeyJpZCI6MjMxMDUsInVybCI6Imh0dHBzOlwvXC9pYWxlbWFuLmNsXC93cC1jb250ZW50XC91cGxvYWRzXC8yMDIzXC8wOFwvSUItSW5zdGl0dXRvLUFsZW1hbi1QdWVydG8tTW9udHQtMjIuanBnIiwic2xpZGVzaG93IjoiZjgwMTQ4ZSJ9\" href='https:\/\/ialeman.cl\/wp-content\/uploads\/2023\/08\/IB-Instituto-Aleman-Puerto-Montt-22.jpg'><img loading=\"lazy\" decoding=\"async\" width=\"890\" height=\"593\" src=\"https:\/\/ialeman.cl\/wp-content\/uploads\/2023\/08\/IB-Instituto-Aleman-Puerto-Montt-22.jpg\" class=\"attachment-full size-full\" alt=\"\" srcset=\"https:\/\/ialeman.cl\/wp-content\/uploads\/2023\/08\/IB-Instituto-Aleman-Puerto-Montt-22.jpg 890w, https:\/\/ialeman.cl\/wp-content\/uploads\/2023\/08\/IB-Instituto-Aleman-Puerto-Montt-22-300x200.jpg 300w, https:\/\/ialeman.cl\/wp-content\/uploads\/2023\/08\/IB-Instituto-Aleman-Puerto-Montt-22-768x512.jpg 768w\" sizes=\"(max-width: 890px) 100vw, 890px\" \/><\/a>\n\t\t\t<\/div><\/figure>\n\t\t<\/div>\n\t\t<\/div>\n\t\t\t\t\t\t<\/div>\n\t\t\t\t<\/div>\n\t\t\t\t\t<\/div>\n\t\t<\/div>\n\t\t\t\t\t<\/div>\n\t\t<\/section>\n\t\t\t\t<\/div>\n\t\t","protected":false},"excerpt":{"rendered":"<p>Bachillerato Internacional visita Instituto Alem\u00e1n Puerto Montt La comunidad del Instituto Alem\u00e1n de Puerto Montt participa del proceso de verificaci\u00f3n del estado de avance en la implementaci\u00f3n del Programa de A\u00f1os Intermedios (PAI) del Bachillerato Internacional. Durante los d\u00edas 17 y 18 de agosto tendremos la visita virtual de las profesionales extranjeras Diana Olivos (Colombia) [&hellip;]<\/p>\n","protected":false},"author":1,"featured_media":23057,"comment_status":"closed","ping_status":"closed","sticky":false,"template":"","format":"standard","meta":{"site-sidebar-layout":"default","site-content-layout":"","ast-site-content-layout":"default","site-content-style":"default","site-sidebar-style":"default","ast-global-header-display":"","ast-banner-title-visibility":"","ast-main-header-display":"","ast-hfb-above-header-display":"","ast-hfb-below-header-display":"","ast-hfb-mobile-header-display":"","site-post-title":"disabled","ast-breadcrumbs-content":"","ast-featured-img":"disabled","footer-sml-layout":"","ast-disable-related-posts":"","theme-transparent-header-meta":"","adv-header-id-meta":"","stick-header-meta":"","header-above-stick-meta":"","header-main-stick-meta":"","header-below-stick-meta":"","astra-migrate-meta-layouts":"default","ast-page-background-enabled":"default","ast-page-background-meta":{"desktop":{"background-color":"var(--ast-global-color-4)","background-image":"","background-repeat":"repeat","background-position":"center center","background-size":"auto","background-attachment":"scroll","background-type":"","background-media":"","overlay-type":"","overlay-color":"","overlay-opacity":"","overlay-gradient":""},"tablet":{"background-color":"","background-image":"","background-repeat":"repeat","background-position":"center center","background-size":"auto","background-attachment":"scroll","background-type":"","background-media":"","overlay-type":"","overlay-color":"","overlay-opacity":"","overlay-gradient":""},"mobile":{"background-color":"","background-image":"","background-repeat":"repeat","background-position":"center center","background-size":"auto","background-attachment":"scroll","background-type":"","background-media":"","overlay-type":"","overlay-color":"","overlay-opacity":"","overlay-gradient":""}},"ast-content-background-meta":{"desktop":{"background-color":"var(--ast-global-color-5)","background-image":"","background-repeat":"repeat","background-position":"center center","background-size":"auto","background-attachment":"scroll","background-type":"","background-media":"","overlay-type":"","overlay-color":"","overlay-opacity":"","overlay-gradient":""},"tablet":{"background-color":"var(--ast-global-color-5)","background-image":"","background-repeat":"repeat","background-position":"center center","background-size":"auto","background-attachment":"scroll","background-type":"","background-media":"","overlay-type":"","overlay-color":"","overlay-opacity":"","overlay-gradient":""},"mobile":{"background-color":"var(--ast-global-color-5)","background-image":"","background-repeat":"repeat","background-position":"center center","background-size":"auto","background-attachment":"scroll","background-type":"","background-media":"","overlay-type":"","overlay-color":"","overlay-opacity":"","overlay-gradient":""}},"advanced_seo_description":"","jetpack_seo_html_title":"","jetpack_seo_noindex":false,"jetpack_seo_schema_type":"","_jetpack_newsletter_access":"","_jetpack_dont_email_post_to_subs":false,"_jetpack_newsletter_tier_id":0,"_jetpack_memberships_contains_paywalled_content":false,"_wpcom_ai_launchpad_first_post":false,"_jetpack_feature_clip_id":0,"_jetpack_memberships_contains_paid_content":false,"footnotes":"","jetpack_post_was_ever_published":false},"categories":[10],"tags":[],"class_list":["post-23056","post","type-post","status-publish","format-standard","has-post-thumbnail","hentry","category-noticias"],"jetpack_shortlink":"https:\/\/wp.me\/sh8I5c-ib","jetpack_sharing_enabled":true,"jetpack_featured_media_url":"https:\/\/ialeman.cl\/wp-content\/uploads\/2023\/08\/IB-Instituto-Aleman-Puerto-Montt-5.jpg","_links":{"self":[{"href":"https:\/\/ialeman.cl\/index.php\/wp-json\/wp\/v2\/posts\/23056","targetHints":{"allow":["GET"]}}],"collection":[{"href":"https:\/\/ialeman.cl\/index.php\/wp-json\/wp\/v2\/posts"}],"about":[{"href":"https:\/\/ialeman.cl\/index.php\/wp-json\/wp\/v2\/types\/post"}],"author":[{"embeddable":true,"href":"https:\/\/ialeman.cl\/index.php\/wp-json\/wp\/v2\/users\/1"}],"replies":[{"embeddable":true,"href":"https:\/\/ialeman.cl\/index.php\/wp-json\/wp\/v2\/comments?post=23056"}],"version-history":[{"count":24,"href":"https:\/\/ialeman.cl\/index.php\/wp-json\/wp\/v2\/posts\/23056\/revisions"}],"predecessor-version":[{"id":23108,"href":"https:\/\/ialeman.cl\/index.php\/wp-json\/wp\/v2\/posts\/23056\/revisions\/23108"}],"wp:featuredmedia":[{"embeddable":true,"href":"https:\/\/ialeman.cl\/index.php\/wp-json\/wp\/v2\/media\/23057"}],"wp:attachment":[{"href":"https:\/\/ialeman.cl\/index.php\/wp-json\/wp\/v2\/media?parent=23056"}],"wp:term":[{"taxonomy":"category","embeddable":true,"href":"https:\/\/ialeman.cl\/index.php\/wp-json\/wp\/v2\/categories?post=23056"},{"taxonomy":"post_tag","embeddable":true,"href":"https:\/\/ialeman.cl\/index.php\/wp-json\/wp\/v2\/tags?post=23056"}],"curies":[{"name":"wp","href":"https:\/\/api.w.org\/{rel}","templated":true}]}}