{"id":22926,"date":"2023-08-16T15:29:07","date_gmt":"2023-08-16T19:29:07","guid":{"rendered":"https:\/\/ialeman.cl\/?p=22926"},"modified":"2023-08-17T09:15:42","modified_gmt":"2023-08-17T13:15:42","slug":"campeonato-provincial-jde-atletismo-juveniles","status":"publish","type":"post","link":"https:\/\/ialeman.cl\/index.php\/campeonato-provincial-jde-atletismo-juveniles\/","title":{"rendered":"Campeonato Provincial JDE Atletismo Juveniles"},"content":{"rendered":"\t\t<div data-elementor-type=\"wp-post\" data-elementor-id=\"22926\" class=\"elementor elementor-22926\">\n\t\t\t\t\t\t<section class=\"elementor-section elementor-top-section elementor-element elementor-element-09ebcec elementor-section-boxed elementor-section-height-default elementor-section-height-default\" data-id=\"09ebcec\" data-element_type=\"section\" data-e-type=\"section\">\n\t\t\t\t\t\t<div class=\"elementor-container elementor-column-gap-default\">\n\t\t\t\t\t<div class=\"elementor-column elementor-col-100 elementor-top-column elementor-element elementor-element-da02ef7\" data-id=\"da02ef7\" data-element_type=\"column\" data-e-type=\"column\">\n\t\t\t<div class=\"elementor-widget-wrap elementor-element-populated\">\n\t\t\t\t\t\t<div class=\"elementor-element elementor-element-6b06ebd elementor-widget elementor-widget-heading\" data-id=\"6b06ebd\" data-element_type=\"widget\" data-e-type=\"widget\" data-widget_type=\"heading.default\">\n\t\t\t\t<div class=\"elementor-widget-container\">\n\t\t\t\t\t<h2 class=\"elementor-heading-title elementor-size-default\">Campeonato Provincial JDE Atletismo Juveniles 2023<\/h2>\t\t\t\t<\/div>\n\t\t\t\t<\/div>\n\t\t\t\t\t<\/div>\n\t\t<\/div>\n\t\t\t\t\t<\/div>\n\t\t<\/section>\n\t\t\t\t<section class=\"elementor-section elementor-top-section elementor-element elementor-element-4f6cfc6 elementor-section-boxed elementor-section-height-default elementor-section-height-default\" data-id=\"4f6cfc6\" data-element_type=\"section\" data-e-type=\"section\">\n\t\t\t\t\t\t<div class=\"elementor-container elementor-column-gap-default\">\n\t\t\t\t\t<div class=\"elementor-column elementor-col-100 elementor-top-column elementor-element elementor-element-d65fa5c\" data-id=\"d65fa5c\" data-element_type=\"column\" data-e-type=\"column\">\n\t\t\t<div class=\"elementor-widget-wrap elementor-element-populated\">\n\t\t\t\t\t\t<div class=\"elementor-element elementor-element-b31260f gallery-spacing-custom elementor-widget elementor-widget-image-gallery\" data-id=\"b31260f\" data-element_type=\"widget\" data-e-type=\"widget\" data-widget_type=\"image-gallery.default\">\n\t\t\t\t<div class=\"elementor-widget-container\">\n\t\t\t\t\t\t\t<div class=\"elementor-image-gallery\">\n\t\t\t<div id='gallery-1' class='gallery galleryid-22926 gallery-columns-3 gallery-size-full'><figure class='gallery-item'>\n\t\t\t<div class='gallery-icon landscape'>\n\t\t\t\t<a data-elementor-open-lightbox=\"yes\" data-elementor-lightbox-slideshow=\"b31260f\" data-elementor-lightbox-title=\"Campeonato Provincial JDE INSTITUTO ALEMAN PUERTO MONTT 1\" data-e-action-hash=\"#elementor-action%3Aaction%3Dlightbox%26settings%3DeyJpZCI6MjI5MzAsInVybCI6Imh0dHBzOlwvXC9pYWxlbWFuLmNsXC93cC1jb250ZW50XC91cGxvYWRzXC8yMDIzXC8wOFwvQ2FtcGVvbmF0by1Qcm92aW5jaWFsLUpERS1JTlNUSVRVVE8tQUxFTUFOLVBVRVJUTy1NT05UVC0xLmpwZyIsInNsaWRlc2hvdyI6ImIzMTI2MGYifQ%3D%3D\" href='https:\/\/ialeman.cl\/wp-content\/uploads\/2023\/08\/Campeonato-Provincial-JDE-INSTITUTO-ALEMAN-PUERTO-MONTT-1.jpg'><img fetchpriority=\"high\" decoding=\"async\" width=\"700\" height=\"700\" src=\"https:\/\/ialeman.cl\/wp-content\/uploads\/2023\/08\/Campeonato-Provincial-JDE-INSTITUTO-ALEMAN-PUERTO-MONTT-1.jpg\" class=\"attachment-full size-full\" alt=\"\" srcset=\"https:\/\/ialeman.cl\/wp-content\/uploads\/2023\/08\/Campeonato-Provincial-JDE-INSTITUTO-ALEMAN-PUERTO-MONTT-1.jpg 700w, https:\/\/ialeman.cl\/wp-content\/uploads\/2023\/08\/Campeonato-Provincial-JDE-INSTITUTO-ALEMAN-PUERTO-MONTT-1-300x300.jpg 300w, https:\/\/ialeman.cl\/wp-content\/uploads\/2023\/08\/Campeonato-Provincial-JDE-INSTITUTO-ALEMAN-PUERTO-MONTT-1-150x150.jpg 150w, https:\/\/ialeman.cl\/wp-content\/uploads\/2023\/08\/Campeonato-Provincial-JDE-INSTITUTO-ALEMAN-PUERTO-MONTT-1-250x250.jpg 250w\" sizes=\"(max-width: 700px) 100vw, 700px\" \/><\/a>\n\t\t\t<\/div><\/figure><figure class='gallery-item'>\n\t\t\t<div class='gallery-icon landscape'>\n\t\t\t\t<a data-elementor-open-lightbox=\"yes\" data-elementor-lightbox-slideshow=\"b31260f\" data-elementor-lightbox-title=\"Campeonato Provincial JDE INSTITUTO ALEMAN PUERTO MONTT 7\" data-e-action-hash=\"#elementor-action%3Aaction%3Dlightbox%26settings%3DeyJpZCI6MjI5MzEsInVybCI6Imh0dHBzOlwvXC9pYWxlbWFuLmNsXC93cC1jb250ZW50XC91cGxvYWRzXC8yMDIzXC8wOFwvQ2FtcGVvbmF0by1Qcm92aW5jaWFsLUpERS1JTlNUSVRVVE8tQUxFTUFOLVBVRVJUTy1NT05UVC03LmpwZyIsInNsaWRlc2hvdyI6ImIzMTI2MGYifQ%3D%3D\" href='https:\/\/ialeman.cl\/wp-content\/uploads\/2023\/08\/Campeonato-Provincial-JDE-INSTITUTO-ALEMAN-PUERTO-MONTT-7.jpg'><img decoding=\"async\" width=\"700\" height=\"700\" src=\"https:\/\/ialeman.cl\/wp-content\/uploads\/2023\/08\/Campeonato-Provincial-JDE-INSTITUTO-ALEMAN-PUERTO-MONTT-7.jpg\" class=\"attachment-full size-full\" alt=\"\" srcset=\"https:\/\/ialeman.cl\/wp-content\/uploads\/2023\/08\/Campeonato-Provincial-JDE-INSTITUTO-ALEMAN-PUERTO-MONTT-7.jpg 700w, https:\/\/ialeman.cl\/wp-content\/uploads\/2023\/08\/Campeonato-Provincial-JDE-INSTITUTO-ALEMAN-PUERTO-MONTT-7-300x300.jpg 300w, https:\/\/ialeman.cl\/wp-content\/uploads\/2023\/08\/Campeonato-Provincial-JDE-INSTITUTO-ALEMAN-PUERTO-MONTT-7-150x150.jpg 150w, https:\/\/ialeman.cl\/wp-content\/uploads\/2023\/08\/Campeonato-Provincial-JDE-INSTITUTO-ALEMAN-PUERTO-MONTT-7-250x250.jpg 250w\" sizes=\"(max-width: 700px) 100vw, 700px\" \/><\/a>\n\t\t\t<\/div><\/figure><figure class='gallery-item'>\n\t\t\t<div class='gallery-icon landscape'>\n\t\t\t\t<a data-elementor-open-lightbox=\"yes\" data-elementor-lightbox-slideshow=\"b31260f\" data-elementor-lightbox-title=\"Campeonato Provincial JDE INSTITUTO ALEMAN PUERTO MONTT 8\" data-e-action-hash=\"#elementor-action%3Aaction%3Dlightbox%26settings%3DeyJpZCI6MjI5MzIsInVybCI6Imh0dHBzOlwvXC9pYWxlbWFuLmNsXC93cC1jb250ZW50XC91cGxvYWRzXC8yMDIzXC8wOFwvQ2FtcGVvbmF0by1Qcm92aW5jaWFsLUpERS1JTlNUSVRVVE8tQUxFTUFOLVBVRVJUTy1NT05UVC04LmpwZyIsInNsaWRlc2hvdyI6ImIzMTI2MGYifQ%3D%3D\" href='https:\/\/ialeman.cl\/wp-content\/uploads\/2023\/08\/Campeonato-Provincial-JDE-INSTITUTO-ALEMAN-PUERTO-MONTT-8.jpg'><img decoding=\"async\" width=\"700\" height=\"700\" src=\"https:\/\/ialeman.cl\/wp-content\/uploads\/2023\/08\/Campeonato-Provincial-JDE-INSTITUTO-ALEMAN-PUERTO-MONTT-8.jpg\" class=\"attachment-full size-full\" alt=\"\" srcset=\"https:\/\/ialeman.cl\/wp-content\/uploads\/2023\/08\/Campeonato-Provincial-JDE-INSTITUTO-ALEMAN-PUERTO-MONTT-8.jpg 700w, https:\/\/ialeman.cl\/wp-content\/uploads\/2023\/08\/Campeonato-Provincial-JDE-INSTITUTO-ALEMAN-PUERTO-MONTT-8-300x300.jpg 300w, https:\/\/ialeman.cl\/wp-content\/uploads\/2023\/08\/Campeonato-Provincial-JDE-INSTITUTO-ALEMAN-PUERTO-MONTT-8-150x150.jpg 150w, https:\/\/ialeman.cl\/wp-content\/uploads\/2023\/08\/Campeonato-Provincial-JDE-INSTITUTO-ALEMAN-PUERTO-MONTT-8-250x250.jpg 250w\" sizes=\"(max-width: 700px) 100vw, 700px\" \/><\/a>\n\t\t\t<\/div><\/figure>\n\t\t<\/div>\n\t\t<\/div>\n\t\t\t\t\t\t<\/div>\n\t\t\t\t<\/div>\n\t\t\t\t\t<\/div>\n\t\t<\/div>\n\t\t\t\t\t<\/div>\n\t\t<\/section>\n\t\t\t\t<section class=\"elementor-section elementor-top-section elementor-element elementor-element-e22c9be elementor-section-boxed elementor-section-height-default elementor-section-height-default\" data-id=\"e22c9be\" data-element_type=\"section\" data-e-type=\"section\">\n\t\t\t\t\t\t<div class=\"elementor-container elementor-column-gap-default\">\n\t\t\t\t\t<div class=\"elementor-column elementor-col-100 elementor-top-column elementor-element elementor-element-d3366b1\" data-id=\"d3366b1\" data-element_type=\"column\" data-e-type=\"column\">\n\t\t\t<div class=\"elementor-widget-wrap elementor-element-populated\">\n\t\t\t\t\t\t<div class=\"elementor-element elementor-element-92b26d9 elementor-widget elementor-widget-heading\" data-id=\"92b26d9\" data-element_type=\"widget\" data-e-type=\"widget\" data-widget_type=\"heading.default\">\n\t\t\t\t<div class=\"elementor-widget-container\">\n\t\t\t\t\t<h2 class=\"elementor-heading-title elementor-size-default\">El Instituto Alem\u00e1n Puerto Montt particip\u00f3 este 8 de agosto en el Campeonato Provincial JDE Atletismo Juveniles 2023, actividad realizada en la Pista Atl\u00e9tica IND de Puerto Montt, en el cual el colegio particip\u00f3 obteniendo muy buenos resultados.<br><br>\nAmaya Astete R\u00f6sner 1er lugar en 1.500 metros planos y 1er lugar en 3.000 metros planos.<br><br>\nEmilia Fuchslocher Rojas 1er lugar en lanzamiento del martillo.<br><br>\nDestacar la participaci\u00f3n de las estudiantes:<br><br>\nEmilia Paz Hechenleitner Martinez en lanzamiento de la bala.<br><br>\nFernanda Antonia Schnettler Morelli en 100 vallas y salto alto.<br><br>\nSofia Troncoso Fern\u00e1ndez del R\u00edo en lanzamiento de bala y 100 metros planos.<br><br>\nEmilia Grandjean Reyes en lanzamiento de bala y 100 metros planos.<\/h2>\t\t\t\t<\/div>\n\t\t\t\t<\/div>\n\t\t\t\t\t<\/div>\n\t\t<\/div>\n\t\t\t\t\t<\/div>\n\t\t<\/section>\n\t\t\t\t<section class=\"elementor-section elementor-top-section elementor-element elementor-element-be3b3c3 elementor-section-boxed elementor-section-height-default elementor-section-height-default\" data-id=\"be3b3c3\" data-element_type=\"section\" data-e-type=\"section\">\n\t\t\t\t\t\t<div class=\"elementor-container elementor-column-gap-default\">\n\t\t\t\t\t<div class=\"elementor-column elementor-col-100 elementor-top-column elementor-element elementor-element-99322e4\" data-id=\"99322e4\" data-element_type=\"column\" data-e-type=\"column\">\n\t\t\t<div class=\"elementor-widget-wrap elementor-element-populated\">\n\t\t\t\t\t\t<div class=\"elementor-element elementor-element-5fbf95b gallery-spacing-custom elementor-widget elementor-widget-image-gallery\" data-id=\"5fbf95b\" data-element_type=\"widget\" data-e-type=\"widget\" data-widget_type=\"image-gallery.default\">\n\t\t\t\t<div class=\"elementor-widget-container\">\n\t\t\t\t\t\t\t<div class=\"elementor-image-gallery\">\n\t\t\t<div id='gallery-2' class='gallery galleryid-22926 gallery-columns-3 gallery-size-full'><figure class='gallery-item'>\n\t\t\t<div class='gallery-icon landscape'>\n\t\t\t\t<a data-elementor-open-lightbox=\"yes\" data-elementor-lightbox-slideshow=\"5fbf95b\" data-elementor-lightbox-title=\"Campeonato Provincial JDE INSTITUTO ALEMAN PUERTO MONTT 2\" data-e-action-hash=\"#elementor-action%3Aaction%3Dlightbox%26settings%3DeyJpZCI6MjI5MzMsInVybCI6Imh0dHBzOlwvXC9pYWxlbWFuLmNsXC93cC1jb250ZW50XC91cGxvYWRzXC8yMDIzXC8wOFwvQ2FtcGVvbmF0by1Qcm92aW5jaWFsLUpERS1JTlNUSVRVVE8tQUxFTUFOLVBVRVJUTy1NT05UVC0yLmpwZyIsInNsaWRlc2hvdyI6IjVmYmY5NWIifQ%3D%3D\" href='https:\/\/ialeman.cl\/wp-content\/uploads\/2023\/08\/Campeonato-Provincial-JDE-INSTITUTO-ALEMAN-PUERTO-MONTT-2.jpg'><img loading=\"lazy\" decoding=\"async\" width=\"700\" height=\"700\" src=\"https:\/\/ialeman.cl\/wp-content\/uploads\/2023\/08\/Campeonato-Provincial-JDE-INSTITUTO-ALEMAN-PUERTO-MONTT-2.jpg\" class=\"attachment-full size-full\" alt=\"\" srcset=\"https:\/\/ialeman.cl\/wp-content\/uploads\/2023\/08\/Campeonato-Provincial-JDE-INSTITUTO-ALEMAN-PUERTO-MONTT-2.jpg 700w, https:\/\/ialeman.cl\/wp-content\/uploads\/2023\/08\/Campeonato-Provincial-JDE-INSTITUTO-ALEMAN-PUERTO-MONTT-2-300x300.jpg 300w, https:\/\/ialeman.cl\/wp-content\/uploads\/2023\/08\/Campeonato-Provincial-JDE-INSTITUTO-ALEMAN-PUERTO-MONTT-2-150x150.jpg 150w, https:\/\/ialeman.cl\/wp-content\/uploads\/2023\/08\/Campeonato-Provincial-JDE-INSTITUTO-ALEMAN-PUERTO-MONTT-2-250x250.jpg 250w\" sizes=\"(max-width: 700px) 100vw, 700px\" \/><\/a>\n\t\t\t<\/div><\/figure><figure class='gallery-item'>\n\t\t\t<div class='gallery-icon landscape'>\n\t\t\t\t<a data-elementor-open-lightbox=\"yes\" data-elementor-lightbox-slideshow=\"5fbf95b\" data-elementor-lightbox-title=\"Campeonato Provincial JDE INSTITUTO ALEMAN PUERTO MONTT 3\" data-e-action-hash=\"#elementor-action%3Aaction%3Dlightbox%26settings%3DeyJpZCI6MjI5MzQsInVybCI6Imh0dHBzOlwvXC9pYWxlbWFuLmNsXC93cC1jb250ZW50XC91cGxvYWRzXC8yMDIzXC8wOFwvQ2FtcGVvbmF0by1Qcm92aW5jaWFsLUpERS1JTlNUSVRVVE8tQUxFTUFOLVBVRVJUTy1NT05UVC0zLmpwZyIsInNsaWRlc2hvdyI6IjVmYmY5NWIifQ%3D%3D\" href='https:\/\/ialeman.cl\/wp-content\/uploads\/2023\/08\/Campeonato-Provincial-JDE-INSTITUTO-ALEMAN-PUERTO-MONTT-3.jpg'><img loading=\"lazy\" decoding=\"async\" width=\"700\" height=\"700\" src=\"https:\/\/ialeman.cl\/wp-content\/uploads\/2023\/08\/Campeonato-Provincial-JDE-INSTITUTO-ALEMAN-PUERTO-MONTT-3.jpg\" class=\"attachment-full size-full\" alt=\"\" srcset=\"https:\/\/ialeman.cl\/wp-content\/uploads\/2023\/08\/Campeonato-Provincial-JDE-INSTITUTO-ALEMAN-PUERTO-MONTT-3.jpg 700w, https:\/\/ialeman.cl\/wp-content\/uploads\/2023\/08\/Campeonato-Provincial-JDE-INSTITUTO-ALEMAN-PUERTO-MONTT-3-300x300.jpg 300w, https:\/\/ialeman.cl\/wp-content\/uploads\/2023\/08\/Campeonato-Provincial-JDE-INSTITUTO-ALEMAN-PUERTO-MONTT-3-150x150.jpg 150w, https:\/\/ialeman.cl\/wp-content\/uploads\/2023\/08\/Campeonato-Provincial-JDE-INSTITUTO-ALEMAN-PUERTO-MONTT-3-250x250.jpg 250w\" sizes=\"(max-width: 700px) 100vw, 700px\" \/><\/a>\n\t\t\t<\/div><\/figure><figure class='gallery-item'>\n\t\t\t<div class='gallery-icon landscape'>\n\t\t\t\t<a data-elementor-open-lightbox=\"yes\" data-elementor-lightbox-slideshow=\"5fbf95b\" data-elementor-lightbox-title=\"Campeonato Provincial JDE INSTITUTO ALEMAN PUERTO MONTT 4\" data-e-action-hash=\"#elementor-action%3Aaction%3Dlightbox%26settings%3DeyJpZCI6MjI5MzUsInVybCI6Imh0dHBzOlwvXC9pYWxlbWFuLmNsXC93cC1jb250ZW50XC91cGxvYWRzXC8yMDIzXC8wOFwvQ2FtcGVvbmF0by1Qcm92aW5jaWFsLUpERS1JTlNUSVRVVE8tQUxFTUFOLVBVRVJUTy1NT05UVC00LmpwZyIsInNsaWRlc2hvdyI6IjVmYmY5NWIifQ%3D%3D\" href='https:\/\/ialeman.cl\/wp-content\/uploads\/2023\/08\/Campeonato-Provincial-JDE-INSTITUTO-ALEMAN-PUERTO-MONTT-4.jpg'><img loading=\"lazy\" decoding=\"async\" width=\"700\" height=\"700\" src=\"https:\/\/ialeman.cl\/wp-content\/uploads\/2023\/08\/Campeonato-Provincial-JDE-INSTITUTO-ALEMAN-PUERTO-MONTT-4.jpg\" class=\"attachment-full size-full\" alt=\"\" srcset=\"https:\/\/ialeman.cl\/wp-content\/uploads\/2023\/08\/Campeonato-Provincial-JDE-INSTITUTO-ALEMAN-PUERTO-MONTT-4.jpg 700w, https:\/\/ialeman.cl\/wp-content\/uploads\/2023\/08\/Campeonato-Provincial-JDE-INSTITUTO-ALEMAN-PUERTO-MONTT-4-300x300.jpg 300w, https:\/\/ialeman.cl\/wp-content\/uploads\/2023\/08\/Campeonato-Provincial-JDE-INSTITUTO-ALEMAN-PUERTO-MONTT-4-150x150.jpg 150w, https:\/\/ialeman.cl\/wp-content\/uploads\/2023\/08\/Campeonato-Provincial-JDE-INSTITUTO-ALEMAN-PUERTO-MONTT-4-250x250.jpg 250w\" sizes=\"(max-width: 700px) 100vw, 700px\" \/><\/a>\n\t\t\t<\/div><\/figure><figure class='gallery-item'>\n\t\t\t<div class='gallery-icon landscape'>\n\t\t\t\t<a data-elementor-open-lightbox=\"yes\" data-elementor-lightbox-slideshow=\"5fbf95b\" data-elementor-lightbox-title=\"Campeonato Provincial JDE INSTITUTO ALEMAN PUERTO MONTT 5\" data-e-action-hash=\"#elementor-action%3Aaction%3Dlightbox%26settings%3DeyJpZCI6MjI5MzYsInVybCI6Imh0dHBzOlwvXC9pYWxlbWFuLmNsXC93cC1jb250ZW50XC91cGxvYWRzXC8yMDIzXC8wOFwvQ2FtcGVvbmF0by1Qcm92aW5jaWFsLUpERS1JTlNUSVRVVE8tQUxFTUFOLVBVRVJUTy1NT05UVC01LmpwZyIsInNsaWRlc2hvdyI6IjVmYmY5NWIifQ%3D%3D\" href='https:\/\/ialeman.cl\/wp-content\/uploads\/2023\/08\/Campeonato-Provincial-JDE-INSTITUTO-ALEMAN-PUERTO-MONTT-5.jpg'><img loading=\"lazy\" decoding=\"async\" width=\"700\" height=\"700\" src=\"https:\/\/ialeman.cl\/wp-content\/uploads\/2023\/08\/Campeonato-Provincial-JDE-INSTITUTO-ALEMAN-PUERTO-MONTT-5.jpg\" class=\"attachment-full size-full\" alt=\"\" srcset=\"https:\/\/ialeman.cl\/wp-content\/uploads\/2023\/08\/Campeonato-Provincial-JDE-INSTITUTO-ALEMAN-PUERTO-MONTT-5.jpg 700w, https:\/\/ialeman.cl\/wp-content\/uploads\/2023\/08\/Campeonato-Provincial-JDE-INSTITUTO-ALEMAN-PUERTO-MONTT-5-300x300.jpg 300w, https:\/\/ialeman.cl\/wp-content\/uploads\/2023\/08\/Campeonato-Provincial-JDE-INSTITUTO-ALEMAN-PUERTO-MONTT-5-150x150.jpg 150w, https:\/\/ialeman.cl\/wp-content\/uploads\/2023\/08\/Campeonato-Provincial-JDE-INSTITUTO-ALEMAN-PUERTO-MONTT-5-250x250.jpg 250w\" sizes=\"(max-width: 700px) 100vw, 700px\" \/><\/a>\n\t\t\t<\/div><\/figure><figure class='gallery-item'>\n\t\t\t<div class='gallery-icon landscape'>\n\t\t\t\t<a data-elementor-open-lightbox=\"yes\" data-elementor-lightbox-slideshow=\"5fbf95b\" data-elementor-lightbox-title=\"Campeonato Provincial JDE INSTITUTO ALEMAN PUERTO MONTT 6\" data-e-action-hash=\"#elementor-action%3Aaction%3Dlightbox%26settings%3DeyJpZCI6MjI5MzcsInVybCI6Imh0dHBzOlwvXC9pYWxlbWFuLmNsXC93cC1jb250ZW50XC91cGxvYWRzXC8yMDIzXC8wOFwvQ2FtcGVvbmF0by1Qcm92aW5jaWFsLUpERS1JTlNUSVRVVE8tQUxFTUFOLVBVRVJUTy1NT05UVC02LmpwZyIsInNsaWRlc2hvdyI6IjVmYmY5NWIifQ%3D%3D\" href='https:\/\/ialeman.cl\/wp-content\/uploads\/2023\/08\/Campeonato-Provincial-JDE-INSTITUTO-ALEMAN-PUERTO-MONTT-6.jpg'><img loading=\"lazy\" decoding=\"async\" width=\"700\" height=\"700\" src=\"https:\/\/ialeman.cl\/wp-content\/uploads\/2023\/08\/Campeonato-Provincial-JDE-INSTITUTO-ALEMAN-PUERTO-MONTT-6.jpg\" class=\"attachment-full size-full\" alt=\"\" srcset=\"https:\/\/ialeman.cl\/wp-content\/uploads\/2023\/08\/Campeonato-Provincial-JDE-INSTITUTO-ALEMAN-PUERTO-MONTT-6.jpg 700w, https:\/\/ialeman.cl\/wp-content\/uploads\/2023\/08\/Campeonato-Provincial-JDE-INSTITUTO-ALEMAN-PUERTO-MONTT-6-300x300.jpg 300w, https:\/\/ialeman.cl\/wp-content\/uploads\/2023\/08\/Campeonato-Provincial-JDE-INSTITUTO-ALEMAN-PUERTO-MONTT-6-150x150.jpg 150w, https:\/\/ialeman.cl\/wp-content\/uploads\/2023\/08\/Campeonato-Provincial-JDE-INSTITUTO-ALEMAN-PUERTO-MONTT-6-250x250.jpg 250w\" sizes=\"(max-width: 700px) 100vw, 700px\" \/><\/a>\n\t\t\t<\/div><\/figure><figure class='gallery-item'>\n\t\t\t<div class='gallery-icon landscape'>\n\t\t\t\t<a data-elementor-open-lightbox=\"yes\" data-elementor-lightbox-slideshow=\"5fbf95b\" data-elementor-lightbox-title=\"Campeonato Provincial JDE INSTITUTO ALEMAN PUERTO MONTT 9\" data-e-action-hash=\"#elementor-action%3Aaction%3Dlightbox%26settings%3DeyJpZCI6MjI5MzgsInVybCI6Imh0dHBzOlwvXC9pYWxlbWFuLmNsXC93cC1jb250ZW50XC91cGxvYWRzXC8yMDIzXC8wOFwvQ2FtcGVvbmF0by1Qcm92aW5jaWFsLUpERS1JTlNUSVRVVE8tQUxFTUFOLVBVRVJUTy1NT05UVC05LmpwZyIsInNsaWRlc2hvdyI6IjVmYmY5NWIifQ%3D%3D\" href='https:\/\/ialeman.cl\/wp-content\/uploads\/2023\/08\/Campeonato-Provincial-JDE-INSTITUTO-ALEMAN-PUERTO-MONTT-9.jpg'><img loading=\"lazy\" decoding=\"async\" width=\"700\" height=\"700\" src=\"https:\/\/ialeman.cl\/wp-content\/uploads\/2023\/08\/Campeonato-Provincial-JDE-INSTITUTO-ALEMAN-PUERTO-MONTT-9.jpg\" class=\"attachment-full size-full\" alt=\"\" srcset=\"https:\/\/ialeman.cl\/wp-content\/uploads\/2023\/08\/Campeonato-Provincial-JDE-INSTITUTO-ALEMAN-PUERTO-MONTT-9.jpg 700w, https:\/\/ialeman.cl\/wp-content\/uploads\/2023\/08\/Campeonato-Provincial-JDE-INSTITUTO-ALEMAN-PUERTO-MONTT-9-300x300.jpg 300w, https:\/\/ialeman.cl\/wp-content\/uploads\/2023\/08\/Campeonato-Provincial-JDE-INSTITUTO-ALEMAN-PUERTO-MONTT-9-150x150.jpg 150w, https:\/\/ialeman.cl\/wp-content\/uploads\/2023\/08\/Campeonato-Provincial-JDE-INSTITUTO-ALEMAN-PUERTO-MONTT-9-250x250.jpg 250w\" sizes=\"(max-width: 700px) 100vw, 700px\" \/><\/a>\n\t\t\t<\/div><\/figure>\n\t\t<\/div>\n\t\t<\/div>\n\t\t\t\t\t\t<\/div>\n\t\t\t\t<\/div>\n\t\t\t\t\t<\/div>\n\t\t<\/div>\n\t\t\t\t\t<\/div>\n\t\t<\/section>\n\t\t\t\t<\/div>\n\t\t","protected":false},"excerpt":{"rendered":"<p>Campeonato Provincial JDE Atletismo Juveniles 2023 El Instituto Alem\u00e1n Puerto Montt particip\u00f3 este 8 de agosto en el Campeonato Provincial JDE Atletismo Juveniles 2023, actividad realizada en la Pista Atl\u00e9tica IND de Puerto Montt, en el cual el colegio particip\u00f3 obteniendo muy buenos resultados. Amaya Astete R\u00f6sner 1er lugar en 1.500 metros planos y 1er [&hellip;]<\/p>\n","protected":false},"author":1,"featured_media":22928,"comment_status":"closed","ping_status":"closed","sticky":false,"template":"","format":"standard","meta":{"site-sidebar-layout":"default","site-content-layout":"","ast-site-content-layout":"default","site-content-style":"default","site-sidebar-style":"default","ast-global-header-display":"","ast-banner-title-visibility":"","ast-main-header-display":"","ast-hfb-above-header-display":"","ast-hfb-below-header-display":"","ast-hfb-mobile-header-display":"","site-post-title":"disabled","ast-breadcrumbs-content":"","ast-featured-img":"disabled","footer-sml-layout":"","ast-disable-related-posts":"","theme-transparent-header-meta":"","adv-header-id-meta":"","stick-header-meta":"","header-above-stick-meta":"","header-main-stick-meta":"","header-below-stick-meta":"","astra-migrate-meta-layouts":"default","ast-page-background-enabled":"default","ast-page-background-meta":{"desktop":{"background-color":"var(--ast-global-color-4)","background-image":"","background-repeat":"repeat","background-position":"center center","background-size":"auto","background-attachment":"scroll","background-type":"","background-media":"","overlay-type":"","overlay-color":"","overlay-opacity":"","overlay-gradient":""},"tablet":{"background-color":"","background-image":"","background-repeat":"repeat","background-position":"center center","background-size":"auto","background-attachment":"scroll","background-type":"","background-media":"","overlay-type":"","overlay-color":"","overlay-opacity":"","overlay-gradient":""},"mobile":{"background-color":"","background-image":"","background-repeat":"repeat","background-position":"center center","background-size":"auto","background-attachment":"scroll","background-type":"","background-media":"","overlay-type":"","overlay-color":"","overlay-opacity":"","overlay-gradient":""}},"ast-content-background-meta":{"desktop":{"background-color":"var(--ast-global-color-5)","background-image":"","background-repeat":"repeat","background-position":"center center","background-size":"auto","background-attachment":"scroll","background-type":"","background-media":"","overlay-type":"","overlay-color":"","overlay-opacity":"","overlay-gradient":""},"tablet":{"background-color":"var(--ast-global-color-5)","background-image":"","background-repeat":"repeat","background-position":"center center","background-size":"auto","background-attachment":"scroll","background-type":"","background-media":"","overlay-type":"","overlay-color":"","overlay-opacity":"","overlay-gradient":""},"mobile":{"background-color":"var(--ast-global-color-5)","background-image":"","background-repeat":"repeat","background-position":"center center","background-size":"auto","background-attachment":"scroll","background-type":"","background-media":"","overlay-type":"","overlay-color":"","overlay-opacity":"","overlay-gradient":""}},"advanced_seo_description":"","jetpack_seo_html_title":"","jetpack_seo_noindex":false,"jetpack_seo_schema_type":"","_jetpack_newsletter_access":"","_jetpack_dont_email_post_to_subs":false,"_jetpack_newsletter_tier_id":0,"_jetpack_memberships_contains_paywalled_content":false,"_wpcom_ai_launchpad_first_post":false,"_jetpack_feature_clip_id":0,"_jetpack_memberships_contains_paid_content":false,"footnotes":"","jetpack_post_was_ever_published":false},"categories":[21,10],"tags":[],"class_list":["post-22926","post","type-post","status-publish","format-standard","has-post-thumbnail","hentry","category-formacion-complementaria","category-noticias"],"jetpack_shortlink":"https:\/\/wp.me\/ph8I5c-5XM","jetpack_sharing_enabled":true,"jetpack_featured_media_url":"https:\/\/ialeman.cl\/wp-content\/uploads\/2023\/08\/Campeonato-Provincial-JDE-INSTITUTO-ALEMAN-PUERTO-MONTT-10.jpg","_links":{"self":[{"href":"https:\/\/ialeman.cl\/index.php\/wp-json\/wp\/v2\/posts\/22926","targetHints":{"allow":["GET"]}}],"collection":[{"href":"https:\/\/ialeman.cl\/index.php\/wp-json\/wp\/v2\/posts"}],"about":[{"href":"https:\/\/ialeman.cl\/index.php\/wp-json\/wp\/v2\/types\/post"}],"author":[{"embeddable":true,"href":"https:\/\/ialeman.cl\/index.php\/wp-json\/wp\/v2\/users\/1"}],"replies":[{"embeddable":true,"href":"https:\/\/ialeman.cl\/index.php\/wp-json\/wp\/v2\/comments?post=22926"}],"version-history":[{"count":8,"href":"https:\/\/ialeman.cl\/index.php\/wp-json\/wp\/v2\/posts\/22926\/revisions"}],"predecessor-version":[{"id":22945,"href":"https:\/\/ialeman.cl\/index.php\/wp-json\/wp\/v2\/posts\/22926\/revisions\/22945"}],"wp:featuredmedia":[{"embeddable":true,"href":"https:\/\/ialeman.cl\/index.php\/wp-json\/wp\/v2\/media\/22928"}],"wp:attachment":[{"href":"https:\/\/ialeman.cl\/index.php\/wp-json\/wp\/v2\/media?parent=22926"}],"wp:term":[{"taxonomy":"category","embeddable":true,"href":"https:\/\/ialeman.cl\/index.php\/wp-json\/wp\/v2\/categories?post=22926"},{"taxonomy":"post_tag","embeddable":true,"href":"https:\/\/ialeman.cl\/index.php\/wp-json\/wp\/v2\/tags?post=22926"}],"curies":[{"name":"wp","href":"https:\/\/api.w.org\/{rel}","templated":true}]}}