{"id":22210,"date":"2023-06-29T10:48:30","date_gmt":"2023-06-29T14:48:30","guid":{"rendered":"https:\/\/ialeman.cl\/?p=22210"},"modified":"2023-07-03T12:34:50","modified_gmt":"2023-07-03T16:34:50","slug":"literatura-alemana-para-jovenes-de-hoy","status":"publish","type":"post","link":"https:\/\/ialeman.cl\/index.php\/literatura-alemana-para-jovenes-de-hoy\/","title":{"rendered":"Literatura alemana para j\u00f3venes de hoy"},"content":{"rendered":"\t\t<div data-elementor-type=\"wp-post\" data-elementor-id=\"22210\" class=\"elementor elementor-22210\">\n\t\t\t\t\t\t<section class=\"elementor-section elementor-top-section elementor-element elementor-element-b8f3946 elementor-section-boxed elementor-section-height-default elementor-section-height-default\" data-id=\"b8f3946\" data-element_type=\"section\" data-e-type=\"section\">\n\t\t\t\t\t\t<div class=\"elementor-container elementor-column-gap-default\">\n\t\t\t\t\t<div class=\"elementor-column elementor-col-100 elementor-top-column elementor-element elementor-element-378a565\" data-id=\"378a565\" data-element_type=\"column\" data-e-type=\"column\">\n\t\t\t<div class=\"elementor-widget-wrap elementor-element-populated\">\n\t\t\t\t\t\t<div class=\"elementor-element elementor-element-f3497d8 elementor-widget elementor-widget-heading\" data-id=\"f3497d8\" data-element_type=\"widget\" data-e-type=\"widget\" data-widget_type=\"heading.default\">\n\t\t\t\t<div class=\"elementor-widget-container\">\n\t\t\t\t\t<h2 class=\"elementor-heading-title elementor-size-default\">\u00a1TIEMPO DE VACACIONES!<\/h2>\t\t\t\t<\/div>\n\t\t\t\t<\/div>\n\t\t\t\t\t<\/div>\n\t\t<\/div>\n\t\t\t\t\t<\/div>\n\t\t<\/section>\n\t\t\t\t<section class=\"elementor-section elementor-top-section elementor-element elementor-element-ec042af elementor-section-boxed elementor-section-height-default elementor-section-height-default\" data-id=\"ec042af\" data-element_type=\"section\" data-e-type=\"section\">\n\t\t\t\t\t\t<div class=\"elementor-container elementor-column-gap-default\">\n\t\t\t\t\t<div class=\"elementor-column elementor-col-100 elementor-top-column elementor-element elementor-element-020c40c\" data-id=\"020c40c\" data-element_type=\"column\" data-e-type=\"column\">\n\t\t\t<div class=\"elementor-widget-wrap elementor-element-populated\">\n\t\t\t\t\t\t<div class=\"elementor-element elementor-element-18cf278 elementor-widget elementor-widget-heading\" data-id=\"18cf278\" data-element_type=\"widget\" data-e-type=\"widget\" data-widget_type=\"heading.default\">\n\t\t\t\t<div class=\"elementor-widget-container\">\n\t\t\t\t\t<h2 class=\"elementor-heading-title elementor-size-default\">\u201c PARA VIAJAR LEJOS NO HAY MEJOR NAVE QUE UN LIBRO\u201d<br><br>\nLiteratura alemana para j\u00f3venes de hoy.<\/h2>\t\t\t\t<\/div>\n\t\t\t\t<\/div>\n\t\t\t\t\t<\/div>\n\t\t<\/div>\n\t\t\t\t\t<\/div>\n\t\t<\/section>\n\t\t\t\t<section class=\"elementor-section elementor-top-section elementor-element elementor-element-fab0d51 elementor-section-boxed elementor-section-height-default elementor-section-height-default\" data-id=\"fab0d51\" data-element_type=\"section\" data-e-type=\"section\">\n\t\t\t\t\t\t<div class=\"elementor-container elementor-column-gap-default\">\n\t\t\t\t\t<div class=\"elementor-column elementor-col-50 elementor-top-column elementor-element elementor-element-2c83ba9\" data-id=\"2c83ba9\" data-element_type=\"column\" data-e-type=\"column\">\n\t\t\t<div class=\"elementor-widget-wrap elementor-element-populated\">\n\t\t\t\t\t\t<div class=\"elementor-element elementor-element-6129e84 elementor-widget elementor-widget-heading\" data-id=\"6129e84\" data-element_type=\"widget\" data-e-type=\"widget\" data-widget_type=\"heading.default\">\n\t\t\t\t<div class=\"elementor-widget-container\">\n\t\t\t\t\t<h2 class=\"elementor-heading-title elementor-size-default\">La literatura alemana nos ofrece una amplia variedad de libros de gran\nactualidad que narran historias en las que se entremezclan grandes\nemociones en situaciones extraordinarias . Un ejemplo de esto es \u201cCoraz\u00f3n\nde tinta\u201d y \u201cEl jinete del drag\u00f3n\u201d de Cornelia Funke , quien nos mantiene en\nsuspenso toda la historia .\nMuchas obras para j\u00f3venes tienen un claro prop\u00f3sito did\u00e1ctico , narran\nhistorias en las que los protagonistas son ni\u00f1os o j\u00f3venes que van\naprendiendo a desenvolverse en la vida . Hoy la literatura alemana juvenil\ncuenta con grandes cl\u00e1sicos en todos los g\u00e9neros .<\/h2>\t\t\t\t<\/div>\n\t\t\t\t<\/div>\n\t\t\t\t\t<\/div>\n\t\t<\/div>\n\t\t\t\t<div class=\"elementor-column elementor-col-50 elementor-top-column elementor-element elementor-element-ba260c7\" data-id=\"ba260c7\" data-element_type=\"column\" data-e-type=\"column\">\n\t\t\t<div class=\"elementor-widget-wrap elementor-element-populated\">\n\t\t\t\t\t\t<div class=\"elementor-element elementor-element-95bd696 elementor-widget elementor-widget-image\" data-id=\"95bd696\" data-element_type=\"widget\" data-e-type=\"widget\" data-widget_type=\"image.default\">\n\t\t\t\t<div class=\"elementor-widget-container\">\n\t\t\t\t\t\t\t\t\t\t\t\t\t\t\t<img fetchpriority=\"high\" decoding=\"async\" width=\"419\" height=\"308\" src=\"https:\/\/ialeman.cl\/wp-content\/uploads\/2023\/06\/BIBLIOTECA-INSTITUTO-ALEMAN-PUERTO-MONTT.png\" class=\"attachment-large size-large wp-image-22220\" alt=\"\" srcset=\"https:\/\/ialeman.cl\/wp-content\/uploads\/2023\/06\/BIBLIOTECA-INSTITUTO-ALEMAN-PUERTO-MONTT.png 419w, https:\/\/ialeman.cl\/wp-content\/uploads\/2023\/06\/BIBLIOTECA-INSTITUTO-ALEMAN-PUERTO-MONTT-300x221.png 300w\" sizes=\"(max-width: 419px) 100vw, 419px\" \/>\t\t\t\t\t\t\t\t\t\t\t\t\t\t\t<\/div>\n\t\t\t\t<\/div>\n\t\t\t\t\t<\/div>\n\t\t<\/div>\n\t\t\t\t\t<\/div>\n\t\t<\/section>\n\t\t\t\t<section class=\"elementor-section elementor-top-section elementor-element elementor-element-fb4a9c8 elementor-section-boxed elementor-section-height-default elementor-section-height-default\" data-id=\"fb4a9c8\" data-element_type=\"section\" data-e-type=\"section\">\n\t\t\t\t\t\t<div class=\"elementor-container elementor-column-gap-default\">\n\t\t\t\t\t<div class=\"elementor-column elementor-col-100 elementor-top-column elementor-element elementor-element-9b31afe\" data-id=\"9b31afe\" data-element_type=\"column\" data-e-type=\"column\">\n\t\t\t<div class=\"elementor-widget-wrap elementor-element-populated\">\n\t\t\t\t\t\t<div class=\"elementor-element elementor-element-1ed23c1 elementor-widget elementor-widget-heading\" data-id=\"1ed23c1\" data-element_type=\"widget\" data-e-type=\"widget\" data-widget_type=\"heading.default\">\n\t\t\t\t<div class=\"elementor-widget-container\">\n\t\t\t\t\t<h2 class=\"elementor-heading-title elementor-size-default\">Sin duda que una de las novelas m\u00e1s fascinantes con este prop\u00f3sito es\n\u201cNarciso y Goldmundo\u201d de Hermann Hesse, que nos cuenta el viaje m\u00edtico\nque inicia Goldmundo para encontrar su vocaci\u00f3n , libro recomendado para\nalumnos de tercero y cuarto medio que refleja la realidad de su tiempo, los\nconflictos sociales y morales de su \u00e9poca junto a los del adolescente que\ncrece con el infortunio y debe decidir qu\u00e9 hacer con su vida. Nos plantea\nconceptos tan importantes como el saber hacer la distinci\u00f3n entre el ser\ndespierto y el ser dormido, los artistas y los racionales. De este mismo\nautor tenemos \u201cDemian\u201d, \u201cEl juego de abalorios\u201d, \u201cEl lobo estepario\u201d ,\n\u201cSidharta\u201d. Un joven que lea alguno de estos libros lo llevar\u00e1 para siempre\nen su memoria ya que forman parte de la literatura cl\u00e1sica universal porque\ndejan valores atemporales y ense\u00f1anzas para toda su vida.\n\u201cLa Monta\u00f1a M\u00e1gica\u201d y \u201cMuerte en Venecia\u201d de Thomas Mann , que\nigualmente est\u00e1 en el cine como una de las pel\u00edculas m\u00e1s bellas de todos los\ntiempos y nos muestra a un protagonista escritor enamorado de la belleza\npura , y \u201cDoctor Faustus\u201d que es una reinterpretaci\u00f3n del mito de Fausto\nencarnado en un compositor brillante llamado Adrian Leverk\u00fcn , figura del\ngenio .<\/h2>\t\t\t\t<\/div>\n\t\t\t\t<\/div>\n\t\t\t\t\t<\/div>\n\t\t<\/div>\n\t\t\t\t\t<\/div>\n\t\t<\/section>\n\t\t\t\t<section class=\"elementor-section elementor-top-section elementor-element elementor-element-c2643f9 elementor-section-boxed elementor-section-height-default elementor-section-height-default\" data-id=\"c2643f9\" data-element_type=\"section\" data-e-type=\"section\">\n\t\t\t\t\t\t<div class=\"elementor-container elementor-column-gap-default\">\n\t\t\t\t\t<div class=\"elementor-column elementor-col-100 elementor-top-column elementor-element elementor-element-2d6caba\" data-id=\"2d6caba\" data-element_type=\"column\" data-e-type=\"column\">\n\t\t\t<div class=\"elementor-widget-wrap elementor-element-populated\">\n\t\t\t\t\t\t<div class=\"elementor-element elementor-element-7fb6a11 elementor-hidden-mobile elementor-widget elementor-widget-image\" data-id=\"7fb6a11\" data-element_type=\"widget\" data-e-type=\"widget\" data-widget_type=\"image.default\">\n\t\t\t\t<div class=\"elementor-widget-container\">\n\t\t\t\t\t\t\t\t\t\t\t\t\t\t\t<img decoding=\"async\" width=\"1024\" height=\"263\" src=\"https:\/\/ialeman.cl\/wp-content\/uploads\/2023\/06\/BIBLIOTECA-INSTITUTO-ALEMAN-PUERTO-MONTT-3-1-1024x263.png\" class=\"attachment-large size-large wp-image-22238\" alt=\"\" srcset=\"https:\/\/ialeman.cl\/wp-content\/uploads\/2023\/06\/BIBLIOTECA-INSTITUTO-ALEMAN-PUERTO-MONTT-3-1-1024x263.png 1024w, https:\/\/ialeman.cl\/wp-content\/uploads\/2023\/06\/BIBLIOTECA-INSTITUTO-ALEMAN-PUERTO-MONTT-3-1-300x77.png 300w, https:\/\/ialeman.cl\/wp-content\/uploads\/2023\/06\/BIBLIOTECA-INSTITUTO-ALEMAN-PUERTO-MONTT-3-1-768x197.png 768w, https:\/\/ialeman.cl\/wp-content\/uploads\/2023\/06\/BIBLIOTECA-INSTITUTO-ALEMAN-PUERTO-MONTT-3-1-1536x394.png 1536w, https:\/\/ialeman.cl\/wp-content\/uploads\/2023\/06\/BIBLIOTECA-INSTITUTO-ALEMAN-PUERTO-MONTT-3-1.png 1920w\" sizes=\"(max-width: 1024px) 100vw, 1024px\" \/>\t\t\t\t\t\t\t\t\t\t\t\t\t\t\t<\/div>\n\t\t\t\t<\/div>\n\t\t\t\t\t<\/div>\n\t\t<\/div>\n\t\t\t\t\t<\/div>\n\t\t<\/section>\n\t\t\t\t<section class=\"elementor-section elementor-top-section elementor-element elementor-element-50237e2 elementor-hidden-desktop elementor-hidden-tablet elementor-section-boxed elementor-section-height-default elementor-section-height-default\" data-id=\"50237e2\" data-element_type=\"section\" data-e-type=\"section\">\n\t\t\t\t\t\t<div class=\"elementor-container elementor-column-gap-default\">\n\t\t\t\t\t<div class=\"elementor-column elementor-col-100 elementor-top-column elementor-element elementor-element-8297603\" data-id=\"8297603\" data-element_type=\"column\" data-e-type=\"column\">\n\t\t\t<div class=\"elementor-widget-wrap elementor-element-populated\">\n\t\t\t\t\t\t<div class=\"elementor-element elementor-element-7536fc0 elementor-widget elementor-widget-image\" data-id=\"7536fc0\" data-element_type=\"widget\" data-e-type=\"widget\" data-widget_type=\"image.default\">\n\t\t\t\t<div class=\"elementor-widget-container\">\n\t\t\t\t\t\t\t\t\t\t\t\t\t\t\t<img decoding=\"async\" width=\"1024\" height=\"1024\" src=\"https:\/\/ialeman.cl\/wp-content\/uploads\/2023\/06\/BIBLIOTECA-INSTITUTO-ALEMAN-PUERTO-MONTT-4-1024x1024.png\" class=\"attachment-large size-large wp-image-22248\" alt=\"\" srcset=\"https:\/\/ialeman.cl\/wp-content\/uploads\/2023\/06\/BIBLIOTECA-INSTITUTO-ALEMAN-PUERTO-MONTT-4-1024x1024.png 1024w, https:\/\/ialeman.cl\/wp-content\/uploads\/2023\/06\/BIBLIOTECA-INSTITUTO-ALEMAN-PUERTO-MONTT-4-300x300.png 300w, https:\/\/ialeman.cl\/wp-content\/uploads\/2023\/06\/BIBLIOTECA-INSTITUTO-ALEMAN-PUERTO-MONTT-4-150x150.png 150w, https:\/\/ialeman.cl\/wp-content\/uploads\/2023\/06\/BIBLIOTECA-INSTITUTO-ALEMAN-PUERTO-MONTT-4-768x768.png 768w, https:\/\/ialeman.cl\/wp-content\/uploads\/2023\/06\/BIBLIOTECA-INSTITUTO-ALEMAN-PUERTO-MONTT-4-250x250.png 250w, https:\/\/ialeman.cl\/wp-content\/uploads\/2023\/06\/BIBLIOTECA-INSTITUTO-ALEMAN-PUERTO-MONTT-4.png 1080w\" sizes=\"(max-width: 1024px) 100vw, 1024px\" \/>\t\t\t\t\t\t\t\t\t\t\t\t\t\t\t<\/div>\n\t\t\t\t<\/div>\n\t\t\t\t\t<\/div>\n\t\t<\/div>\n\t\t\t\t\t<\/div>\n\t\t<\/section>\n\t\t\t\t<section class=\"elementor-section elementor-top-section elementor-element elementor-element-66e9a04 elementor-section-boxed elementor-section-height-default elementor-section-height-default\" data-id=\"66e9a04\" data-element_type=\"section\" data-e-type=\"section\">\n\t\t\t\t\t\t<div class=\"elementor-container elementor-column-gap-default\">\n\t\t\t\t\t<div class=\"elementor-column elementor-col-50 elementor-top-column elementor-element elementor-element-c7f2ffe\" data-id=\"c7f2ffe\" data-element_type=\"column\" data-e-type=\"column\">\n\t\t\t<div class=\"elementor-widget-wrap elementor-element-populated\">\n\t\t\t\t\t\t<div class=\"elementor-element elementor-element-268dabb elementor-widget elementor-widget-image\" data-id=\"268dabb\" data-element_type=\"widget\" data-e-type=\"widget\" data-widget_type=\"image.default\">\n\t\t\t\t<div class=\"elementor-widget-container\">\n\t\t\t\t\t\t\t\t\t\t\t\t\t\t\t<img loading=\"lazy\" decoding=\"async\" width=\"419\" height=\"308\" src=\"https:\/\/ialeman.cl\/wp-content\/uploads\/2023\/06\/BIBLIOTECA-INSTITUTO-ALEMAN-PUERTO-MONTT-2.png\" class=\"attachment-large size-large wp-image-22228\" alt=\"\" srcset=\"https:\/\/ialeman.cl\/wp-content\/uploads\/2023\/06\/BIBLIOTECA-INSTITUTO-ALEMAN-PUERTO-MONTT-2.png 419w, https:\/\/ialeman.cl\/wp-content\/uploads\/2023\/06\/BIBLIOTECA-INSTITUTO-ALEMAN-PUERTO-MONTT-2-300x221.png 300w\" sizes=\"(max-width: 419px) 100vw, 419px\" \/>\t\t\t\t\t\t\t\t\t\t\t\t\t\t\t<\/div>\n\t\t\t\t<\/div>\n\t\t\t\t\t<\/div>\n\t\t<\/div>\n\t\t\t\t<div class=\"elementor-column elementor-col-50 elementor-top-column elementor-element elementor-element-5e6cbc6\" data-id=\"5e6cbc6\" data-element_type=\"column\" data-e-type=\"column\">\n\t\t\t<div class=\"elementor-widget-wrap elementor-element-populated\">\n\t\t\t\t\t\t<div class=\"elementor-element elementor-element-37e915c elementor-widget elementor-widget-heading\" data-id=\"37e915c\" data-element_type=\"widget\" data-e-type=\"widget\" data-widget_type=\"heading.default\">\n\t\t\t\t<div class=\"elementor-widget-container\">\n\t\t\t\t\t<h2 class=\"elementor-heading-title elementor-size-default\">Bernard Schlink en su libro \u201cEl Lector\u201d nos plantea un conflicto adolescente en un contexto hist\u00f3rico especial de Alemania en la segunda mitad del siglo XX , su protagonista, un joven de quince a\u00f1os se ve enfrentado a una situaci\u00f3n sentimental que lo llevar\u00e1 a vivir experiencias ins\u00f3litas . Esta novela recibi\u00f3 innumerables premios en Alemania .\n<\/h2>\t\t\t\t<\/div>\n\t\t\t\t<\/div>\n\t\t\t\t\t<\/div>\n\t\t<\/div>\n\t\t\t\t\t<\/div>\n\t\t<\/section>\n\t\t\t\t<section class=\"elementor-section elementor-top-section elementor-element elementor-element-a30df0f elementor-section-boxed elementor-section-height-default elementor-section-height-default\" data-id=\"a30df0f\" data-element_type=\"section\" data-e-type=\"section\">\n\t\t\t\t\t\t<div class=\"elementor-container elementor-column-gap-default\">\n\t\t\t\t\t<div class=\"elementor-column elementor-col-100 elementor-top-column elementor-element elementor-element-e6ab615\" data-id=\"e6ab615\" data-element_type=\"column\" data-e-type=\"column\">\n\t\t\t<div class=\"elementor-widget-wrap elementor-element-populated\">\n\t\t\t\t\t\t<div class=\"elementor-element elementor-element-e918390 elementor-widget elementor-widget-heading\" data-id=\"e918390\" data-element_type=\"widget\" data-e-type=\"widget\" data-widget_type=\"heading.default\">\n\t\t\t\t<div class=\"elementor-widget-container\">\n\t\t\t\t\t<h2 class=\"elementor-heading-title elementor-size-default\">Patrick S\u00fcskind con su libro \u201cEl Perfume\u201d impresiona por su calidad descriptiva adem\u00e1s de un variado y especial vocabulario. Llevada al cine por el director Tom Tykwer en una coproducci\u00f3n entre Alemania, Espa\u00f1a y Francia ha sido uno de los grandes logros cinematogr\u00e1ficos de la d\u00e9cada del 2006 .\n\u201cLa medici\u00f3n del mundo\u201d de Daniel Kehlmann lo ha se\u00f1alado como uno de los autores preferidos por los j\u00f3venes en la actualidad ya que narra la historia de dos j\u00f3venes aventureros alemanes que tratan, cada uno a su manera, de medir el mundo . Uno de ellos es Alexander von Humboldt y el otro Carl Friedrich Gauss , conocido como \u201cel pr\u00edncipe de las matem\u00e1ticas . El libro se convierte en un retrato humano deslumbrante e in\u00e9dito de estos dos grandes hombres de la historia de la ciencia.<br><br>\nTodos estos libros est\u00e1n disponibles para los alumnos en Bibliocra.<br><br>\n\u00a1Los invitamos a leer!<br><br>\n<\/h2>\t\t\t\t<\/div>\n\t\t\t\t<\/div>\n\t\t\t\t\t<\/div>\n\t\t<\/div>\n\t\t\t\t\t<\/div>\n\t\t<\/section>\n\t\t\t\t<section class=\"elementor-section elementor-top-section elementor-element elementor-element-3463cdb elementor-section-boxed elementor-section-height-default elementor-section-height-default\" data-id=\"3463cdb\" data-element_type=\"section\" data-e-type=\"section\">\n\t\t\t\t\t\t<div class=\"elementor-container elementor-column-gap-default\">\n\t\t\t\t\t<div class=\"elementor-column elementor-col-100 elementor-top-column elementor-element elementor-element-5b87eeb\" data-id=\"5b87eeb\" data-element_type=\"column\" data-e-type=\"column\">\n\t\t\t<div class=\"elementor-widget-wrap elementor-element-populated\">\n\t\t\t\t\t\t<div class=\"elementor-element elementor-element-b68eb62 elementor-widget elementor-widget-heading\" data-id=\"b68eb62\" data-element_type=\"widget\" data-e-type=\"widget\" data-widget_type=\"heading.default\">\n\t\t\t\t<div class=\"elementor-widget-container\">\n\t\t\t\t\t<h2 class=\"elementor-heading-title elementor-size-default\">Consuelo S\u00e1nchez Rom\u00e1n.<\/h2>\t\t\t\t<\/div>\n\t\t\t\t<\/div>\n\t\t\t\t\t<\/div>\n\t\t<\/div>\n\t\t\t\t\t<\/div>\n\t\t<\/section>\n\t\t\t\t<\/div>\n\t\t","protected":false},"excerpt":{"rendered":"<p>\u00a1TIEMPO DE VACACIONES! \u201c PARA VIAJAR LEJOS NO HAY MEJOR NAVE QUE UN LIBRO\u201d Literatura alemana para j\u00f3venes de hoy. La literatura alemana nos ofrece una amplia variedad de libros de gran actualidad que narran historias en las que se entremezclan grandes emociones en situaciones extraordinarias . Un ejemplo de esto es \u201cCoraz\u00f3n de tinta\u201d [&hellip;]<\/p>\n","protected":false},"author":1,"featured_media":22212,"comment_status":"closed","ping_status":"closed","sticky":false,"template":"","format":"standard","meta":{"site-sidebar-layout":"default","site-content-layout":"","ast-site-content-layout":"default","site-content-style":"default","site-sidebar-style":"default","ast-global-header-display":"","ast-banner-title-visibility":"","ast-main-header-display":"","ast-hfb-above-header-display":"","ast-hfb-below-header-display":"","ast-hfb-mobile-header-display":"","site-post-title":"disabled","ast-breadcrumbs-content":"","ast-featured-img":"disabled","footer-sml-layout":"","ast-disable-related-posts":"","theme-transparent-header-meta":"","adv-header-id-meta":"","stick-header-meta":"","header-above-stick-meta":"","header-main-stick-meta":"","header-below-stick-meta":"","astra-migrate-meta-layouts":"default","ast-page-background-enabled":"default","ast-page-background-meta":{"desktop":{"background-color":"var(--ast-global-color-4)","background-image":"","background-repeat":"repeat","background-position":"center center","background-size":"auto","background-attachment":"scroll","background-type":"","background-media":"","overlay-type":"","overlay-color":"","overlay-opacity":"","overlay-gradient":""},"tablet":{"background-color":"","background-image":"","background-repeat":"repeat","background-position":"center center","background-size":"auto","background-attachment":"scroll","background-type":"","background-media":"","overlay-type":"","overlay-color":"","overlay-opacity":"","overlay-gradient":""},"mobile":{"background-color":"","background-image":"","background-repeat":"repeat","background-position":"center center","background-size":"auto","background-attachment":"scroll","background-type":"","background-media":"","overlay-type":"","overlay-color":"","overlay-opacity":"","overlay-gradient":""}},"ast-content-background-meta":{"desktop":{"background-color":"var(--ast-global-color-5)","background-image":"","background-repeat":"repeat","background-position":"center center","background-size":"auto","background-attachment":"scroll","background-type":"","background-media":"","overlay-type":"","overlay-color":"","overlay-opacity":"","overlay-gradient":""},"tablet":{"background-color":"var(--ast-global-color-5)","background-image":"","background-repeat":"repeat","background-position":"center center","background-size":"auto","background-attachment":"scroll","background-type":"","background-media":"","overlay-type":"","overlay-color":"","overlay-opacity":"","overlay-gradient":""},"mobile":{"background-color":"var(--ast-global-color-5)","background-image":"","background-repeat":"repeat","background-position":"center center","background-size":"auto","background-attachment":"scroll","background-type":"","background-media":"","overlay-type":"","overlay-color":"","overlay-opacity":"","overlay-gradient":""}},"advanced_seo_description":"","jetpack_seo_html_title":"","jetpack_seo_noindex":false,"jetpack_seo_schema_type":"","_jetpack_newsletter_access":"","_jetpack_dont_email_post_to_subs":false,"_jetpack_newsletter_tier_id":0,"_jetpack_memberships_contains_paywalled_content":false,"_wpcom_ai_launchpad_first_post":false,"_jetpack_feature_clip_id":0,"_jetpack_memberships_contains_paid_content":false,"footnotes":"","jetpack_post_was_ever_published":false},"categories":[8,10],"tags":[],"class_list":["post-22210","post","type-post","status-publish","format-standard","has-post-thumbnail","hentry","category-encuentros-con-la-lectura","category-noticias"],"jetpack_shortlink":"https:\/\/wp.me\/ph8I5c-5Me","jetpack_sharing_enabled":true,"jetpack_featured_media_url":"https:\/\/ialeman.cl\/wp-content\/uploads\/2023\/06\/BIBLIOTECA-INSTITUTO-ALEMAN-PUERTO-MONTT-0.png","_links":{"self":[{"href":"https:\/\/ialeman.cl\/index.php\/wp-json\/wp\/v2\/posts\/22210","targetHints":{"allow":["GET"]}}],"collection":[{"href":"https:\/\/ialeman.cl\/index.php\/wp-json\/wp\/v2\/posts"}],"about":[{"href":"https:\/\/ialeman.cl\/index.php\/wp-json\/wp\/v2\/types\/post"}],"author":[{"embeddable":true,"href":"https:\/\/ialeman.cl\/index.php\/wp-json\/wp\/v2\/users\/1"}],"replies":[{"embeddable":true,"href":"https:\/\/ialeman.cl\/index.php\/wp-json\/wp\/v2\/comments?post=22210"}],"version-history":[{"count":0,"href":"https:\/\/ialeman.cl\/index.php\/wp-json\/wp\/v2\/posts\/22210\/revisions"}],"wp:featuredmedia":[{"embeddable":true,"href":"https:\/\/ialeman.cl\/index.php\/wp-json\/wp\/v2\/media\/22212"}],"wp:attachment":[{"href":"https:\/\/ialeman.cl\/index.php\/wp-json\/wp\/v2\/media?parent=22210"}],"wp:term":[{"taxonomy":"category","embeddable":true,"href":"https:\/\/ialeman.cl\/index.php\/wp-json\/wp\/v2\/categories?post=22210"},{"taxonomy":"post_tag","embeddable":true,"href":"https:\/\/ialeman.cl\/index.php\/wp-json\/wp\/v2\/tags?post=22210"}],"curies":[{"name":"wp","href":"https:\/\/api.w.org\/{rel}","templated":true}]}}