{"id":21832,"date":"2023-06-19T14:15:29","date_gmt":"2023-06-19T18:15:29","guid":{"rendered":"https:\/\/ialeman.cl\/?p=21832"},"modified":"2023-06-19T14:29:03","modified_gmt":"2023-06-19T18:29:03","slug":"instituto-aleman-puerto-montt-firma-convenio-con-el-goethe-institut-chile","status":"publish","type":"post","link":"https:\/\/ialeman.cl\/index.php\/instituto-aleman-puerto-montt-firma-convenio-con-el-goethe-institut-chile\/","title":{"rendered":"Instituto Alem\u00e1n Puerto Montt firma convenio con el Goethe Institut Chile"},"content":{"rendered":"\t\t<div data-elementor-type=\"wp-post\" data-elementor-id=\"21832\" class=\"elementor elementor-21832\">\n\t\t\t\t\t\t<section class=\"elementor-section elementor-top-section elementor-element elementor-element-ce9c575 elementor-section-boxed elementor-section-height-default elementor-section-height-default\" data-id=\"ce9c575\" data-element_type=\"section\" data-e-type=\"section\">\n\t\t\t\t\t\t<div class=\"elementor-container elementor-column-gap-default\">\n\t\t\t\t\t<div class=\"elementor-column elementor-col-100 elementor-top-column elementor-element elementor-element-54ac628\" data-id=\"54ac628\" data-element_type=\"column\" data-e-type=\"column\">\n\t\t\t<div class=\"elementor-widget-wrap elementor-element-populated\">\n\t\t\t\t\t\t<div class=\"elementor-element elementor-element-48aab86 elementor-widget elementor-widget-heading\" data-id=\"48aab86\" data-element_type=\"widget\" data-e-type=\"widget\" data-widget_type=\"heading.default\">\n\t\t\t\t<div class=\"elementor-widget-container\">\n\t\t\t\t\t<h2 class=\"elementor-heading-title elementor-size-default\">Instituto Alem\u00e1n Puerto Montt firma convenio con el Goethe Institut Chile\n<\/h2>\t\t\t\t<\/div>\n\t\t\t\t<\/div>\n\t\t\t\t\t<\/div>\n\t\t<\/div>\n\t\t\t\t\t<\/div>\n\t\t<\/section>\n\t\t\t\t<section class=\"elementor-section elementor-top-section elementor-element elementor-element-7f07103 elementor-section-boxed elementor-section-height-default elementor-section-height-default\" data-id=\"7f07103\" data-element_type=\"section\" data-e-type=\"section\">\n\t\t\t\t\t\t<div class=\"elementor-container elementor-column-gap-default\">\n\t\t\t\t\t<div class=\"elementor-column elementor-col-50 elementor-top-column elementor-element elementor-element-af59491\" data-id=\"af59491\" data-element_type=\"column\" data-e-type=\"column\">\n\t\t\t<div class=\"elementor-widget-wrap elementor-element-populated\">\n\t\t\t\t\t\t<div class=\"elementor-element elementor-element-e60c7f2 elementor-widget elementor-widget-heading\" data-id=\"e60c7f2\" data-element_type=\"widget\" data-e-type=\"widget\" data-widget_type=\"heading.default\">\n\t\t\t\t<div class=\"elementor-widget-container\">\n\t\t\t\t\t<h2 class=\"elementor-heading-title elementor-size-default\">El Instituto Alem\u00e1n de Puerto Montt firm\u00f3 un importante convenio de colaboraci\u00f3n con el Goethe Institut Chile para potenciar el aprendizaje del idioma alem\u00e1n en los estudiantes, funcionarios y apoderados.<br><br>\n\nEl acuerdo se concret\u00f3 en Santiago, gracias a la gesti\u00f3n del Rector Sr. Gabriel Saldivia y el Director Acad\u00e9mico del Goethe Institut Chile Sr. \u00c1lvaro Cam\u00fa. La firma se realiz\u00f3 en las oficinas del prestigioso centro educacional, el pasado 23 de mayo del 2023. <\/h2>\t\t\t\t<\/div>\n\t\t\t\t<\/div>\n\t\t\t\t\t<\/div>\n\t\t<\/div>\n\t\t\t\t<div class=\"elementor-column elementor-col-50 elementor-top-column elementor-element elementor-element-aba9a66\" data-id=\"aba9a66\" data-element_type=\"column\" data-e-type=\"column\">\n\t\t\t<div class=\"elementor-widget-wrap elementor-element-populated\">\n\t\t\t\t\t\t<div class=\"elementor-element elementor-element-e862e3a elementor-widget elementor-widget-image\" data-id=\"e862e3a\" data-element_type=\"widget\" data-e-type=\"widget\" data-widget_type=\"image.default\">\n\t\t\t\t<div class=\"elementor-widget-container\">\n\t\t\t\t\t\t\t\t\t\t\t\t\t\t\t<img fetchpriority=\"high\" decoding=\"async\" width=\"800\" height=\"800\" src=\"https:\/\/ialeman.cl\/wp-content\/uploads\/2023\/06\/Instituto-Aleman-Puerto-Montt-firma-convenio-con-el-Goethe-Institut-Chile-1.jpg\" class=\"attachment-large size-large wp-image-21845\" alt=\"\" srcset=\"https:\/\/ialeman.cl\/wp-content\/uploads\/2023\/06\/Instituto-Aleman-Puerto-Montt-firma-convenio-con-el-Goethe-Institut-Chile-1.jpg 800w, https:\/\/ialeman.cl\/wp-content\/uploads\/2023\/06\/Instituto-Aleman-Puerto-Montt-firma-convenio-con-el-Goethe-Institut-Chile-1-300x300.jpg 300w, https:\/\/ialeman.cl\/wp-content\/uploads\/2023\/06\/Instituto-Aleman-Puerto-Montt-firma-convenio-con-el-Goethe-Institut-Chile-1-150x150.jpg 150w, https:\/\/ialeman.cl\/wp-content\/uploads\/2023\/06\/Instituto-Aleman-Puerto-Montt-firma-convenio-con-el-Goethe-Institut-Chile-1-768x768.jpg 768w, https:\/\/ialeman.cl\/wp-content\/uploads\/2023\/06\/Instituto-Aleman-Puerto-Montt-firma-convenio-con-el-Goethe-Institut-Chile-1-250x250.jpg 250w\" sizes=\"(max-width: 800px) 100vw, 800px\" \/>\t\t\t\t\t\t\t\t\t\t\t\t\t\t\t<\/div>\n\t\t\t\t<\/div>\n\t\t\t\t\t<\/div>\n\t\t<\/div>\n\t\t\t\t\t<\/div>\n\t\t<\/section>\n\t\t\t\t<section class=\"elementor-section elementor-top-section elementor-element elementor-element-be4458f elementor-section-boxed elementor-section-height-default elementor-section-height-default\" data-id=\"be4458f\" data-element_type=\"section\" data-e-type=\"section\">\n\t\t\t\t\t\t<div class=\"elementor-container elementor-column-gap-default\">\n\t\t\t\t\t<div class=\"elementor-column elementor-col-100 elementor-top-column elementor-element elementor-element-5e05411\" data-id=\"5e05411\" data-element_type=\"column\" data-e-type=\"column\">\n\t\t\t<div class=\"elementor-widget-wrap elementor-element-populated\">\n\t\t\t\t\t\t<div class=\"elementor-element elementor-element-dc35924 gallery-spacing-custom elementor-widget elementor-widget-image-gallery\" data-id=\"dc35924\" data-element_type=\"widget\" data-e-type=\"widget\" data-widget_type=\"image-gallery.default\">\n\t\t\t\t<div class=\"elementor-widget-container\">\n\t\t\t\t\t\t\t<div class=\"elementor-image-gallery\">\n\t\t\t<div id='gallery-1' class='gallery galleryid-21832 gallery-columns-3 gallery-size-medium_large'><figure class='gallery-item'>\n\t\t\t<div class='gallery-icon landscape'>\n\t\t\t\t<a data-elementor-open-lightbox=\"yes\" data-elementor-lightbox-slideshow=\"dc35924\" data-elementor-lightbox-title=\"Instituto Alem\u00e1n Puerto Montt firma convenio con el Goethe Institut Chile 4\" data-e-action-hash=\"#elementor-action%3Aaction%3Dlightbox%26settings%3DeyJpZCI6MjE4NTEsInVybCI6Imh0dHBzOlwvXC9pYWxlbWFuLmNsXC93cC1jb250ZW50XC91cGxvYWRzXC8yMDIzXC8wNlwvSW5zdGl0dXRvLUFsZW1hbi1QdWVydG8tTW9udHQtZmlybWEtY29udmVuaW8tY29uLWVsLUdvZXRoZS1JbnN0aXR1dC1DaGlsZS00LmpwZyIsInNsaWRlc2hvdyI6ImRjMzU5MjQifQ%3D%3D\" href='https:\/\/ialeman.cl\/wp-content\/uploads\/2023\/06\/Instituto-Aleman-Puerto-Montt-firma-convenio-con-el-Goethe-Institut-Chile-4.jpg'><img decoding=\"async\" width=\"768\" height=\"768\" src=\"https:\/\/ialeman.cl\/wp-content\/uploads\/2023\/06\/Instituto-Aleman-Puerto-Montt-firma-convenio-con-el-Goethe-Institut-Chile-4-768x768.jpg\" class=\"attachment-medium_large size-medium_large\" alt=\"\" srcset=\"https:\/\/ialeman.cl\/wp-content\/uploads\/2023\/06\/Instituto-Aleman-Puerto-Montt-firma-convenio-con-el-Goethe-Institut-Chile-4-768x768.jpg 768w, https:\/\/ialeman.cl\/wp-content\/uploads\/2023\/06\/Instituto-Aleman-Puerto-Montt-firma-convenio-con-el-Goethe-Institut-Chile-4-300x300.jpg 300w, https:\/\/ialeman.cl\/wp-content\/uploads\/2023\/06\/Instituto-Aleman-Puerto-Montt-firma-convenio-con-el-Goethe-Institut-Chile-4-150x150.jpg 150w, https:\/\/ialeman.cl\/wp-content\/uploads\/2023\/06\/Instituto-Aleman-Puerto-Montt-firma-convenio-con-el-Goethe-Institut-Chile-4-250x250.jpg 250w, https:\/\/ialeman.cl\/wp-content\/uploads\/2023\/06\/Instituto-Aleman-Puerto-Montt-firma-convenio-con-el-Goethe-Institut-Chile-4.jpg 800w\" sizes=\"(max-width: 768px) 100vw, 768px\" \/><\/a>\n\t\t\t<\/div><\/figure><figure class='gallery-item'>\n\t\t\t<div class='gallery-icon landscape'>\n\t\t\t\t<a data-elementor-open-lightbox=\"yes\" data-elementor-lightbox-slideshow=\"dc35924\" data-elementor-lightbox-title=\"Instituto Alem\u00e1n Puerto Montt firma convenio con el Goethe Institut Chile 3\" data-e-action-hash=\"#elementor-action%3Aaction%3Dlightbox%26settings%3DeyJpZCI6MjE4NTAsInVybCI6Imh0dHBzOlwvXC9pYWxlbWFuLmNsXC93cC1jb250ZW50XC91cGxvYWRzXC8yMDIzXC8wNlwvSW5zdGl0dXRvLUFsZW1hbi1QdWVydG8tTW9udHQtZmlybWEtY29udmVuaW8tY29uLWVsLUdvZXRoZS1JbnN0aXR1dC1DaGlsZS0zLmpwZyIsInNsaWRlc2hvdyI6ImRjMzU5MjQifQ%3D%3D\" href='https:\/\/ialeman.cl\/wp-content\/uploads\/2023\/06\/Instituto-Aleman-Puerto-Montt-firma-convenio-con-el-Goethe-Institut-Chile-3.jpg'><img decoding=\"async\" width=\"768\" height=\"768\" src=\"https:\/\/ialeman.cl\/wp-content\/uploads\/2023\/06\/Instituto-Aleman-Puerto-Montt-firma-convenio-con-el-Goethe-Institut-Chile-3-768x768.jpg\" class=\"attachment-medium_large size-medium_large\" alt=\"\" srcset=\"https:\/\/ialeman.cl\/wp-content\/uploads\/2023\/06\/Instituto-Aleman-Puerto-Montt-firma-convenio-con-el-Goethe-Institut-Chile-3-768x768.jpg 768w, https:\/\/ialeman.cl\/wp-content\/uploads\/2023\/06\/Instituto-Aleman-Puerto-Montt-firma-convenio-con-el-Goethe-Institut-Chile-3-300x300.jpg 300w, https:\/\/ialeman.cl\/wp-content\/uploads\/2023\/06\/Instituto-Aleman-Puerto-Montt-firma-convenio-con-el-Goethe-Institut-Chile-3-150x150.jpg 150w, https:\/\/ialeman.cl\/wp-content\/uploads\/2023\/06\/Instituto-Aleman-Puerto-Montt-firma-convenio-con-el-Goethe-Institut-Chile-3-250x250.jpg 250w, https:\/\/ialeman.cl\/wp-content\/uploads\/2023\/06\/Instituto-Aleman-Puerto-Montt-firma-convenio-con-el-Goethe-Institut-Chile-3.jpg 800w\" sizes=\"(max-width: 768px) 100vw, 768px\" \/><\/a>\n\t\t\t<\/div><\/figure><figure class='gallery-item'>\n\t\t\t<div class='gallery-icon landscape'>\n\t\t\t\t<a data-elementor-open-lightbox=\"yes\" data-elementor-lightbox-slideshow=\"dc35924\" data-elementor-lightbox-title=\"Instituto Alem\u00e1n Puerto Montt firma convenio con el Goethe Institut Chile 2\" data-e-action-hash=\"#elementor-action%3Aaction%3Dlightbox%26settings%3DeyJpZCI6MjE4NDksInVybCI6Imh0dHBzOlwvXC9pYWxlbWFuLmNsXC93cC1jb250ZW50XC91cGxvYWRzXC8yMDIzXC8wNlwvSW5zdGl0dXRvLUFsZW1hbi1QdWVydG8tTW9udHQtZmlybWEtY29udmVuaW8tY29uLWVsLUdvZXRoZS1JbnN0aXR1dC1DaGlsZS0yLmpwZyIsInNsaWRlc2hvdyI6ImRjMzU5MjQifQ%3D%3D\" href='https:\/\/ialeman.cl\/wp-content\/uploads\/2023\/06\/Instituto-Aleman-Puerto-Montt-firma-convenio-con-el-Goethe-Institut-Chile-2.jpg'><img loading=\"lazy\" decoding=\"async\" width=\"768\" height=\"768\" src=\"https:\/\/ialeman.cl\/wp-content\/uploads\/2023\/06\/Instituto-Aleman-Puerto-Montt-firma-convenio-con-el-Goethe-Institut-Chile-2-768x768.jpg\" class=\"attachment-medium_large size-medium_large\" alt=\"\" srcset=\"https:\/\/ialeman.cl\/wp-content\/uploads\/2023\/06\/Instituto-Aleman-Puerto-Montt-firma-convenio-con-el-Goethe-Institut-Chile-2-768x768.jpg 768w, https:\/\/ialeman.cl\/wp-content\/uploads\/2023\/06\/Instituto-Aleman-Puerto-Montt-firma-convenio-con-el-Goethe-Institut-Chile-2-300x300.jpg 300w, https:\/\/ialeman.cl\/wp-content\/uploads\/2023\/06\/Instituto-Aleman-Puerto-Montt-firma-convenio-con-el-Goethe-Institut-Chile-2-150x150.jpg 150w, https:\/\/ialeman.cl\/wp-content\/uploads\/2023\/06\/Instituto-Aleman-Puerto-Montt-firma-convenio-con-el-Goethe-Institut-Chile-2-250x250.jpg 250w, https:\/\/ialeman.cl\/wp-content\/uploads\/2023\/06\/Instituto-Aleman-Puerto-Montt-firma-convenio-con-el-Goethe-Institut-Chile-2.jpg 800w\" sizes=\"(max-width: 768px) 100vw, 768px\" \/><\/a>\n\t\t\t<\/div><\/figure>\n\t\t<\/div>\n\t\t<\/div>\n\t\t\t\t\t\t<\/div>\n\t\t\t\t<\/div>\n\t\t\t\t\t<\/div>\n\t\t<\/div>\n\t\t\t\t\t<\/div>\n\t\t<\/section>\n\t\t\t\t<\/div>\n\t\t","protected":false},"excerpt":{"rendered":"<p>Instituto Alem\u00e1n Puerto Montt firma convenio con el Goethe Institut Chile El Instituto Alem\u00e1n de Puerto Montt firm\u00f3 un importante convenio de colaboraci\u00f3n con el Goethe Institut Chile para potenciar el aprendizaje del idioma alem\u00e1n en los estudiantes, funcionarios y apoderados. El acuerdo se concret\u00f3 en Santiago, gracias a la gesti\u00f3n del Rector Sr. Gabriel [&hellip;]<\/p>\n","protected":false},"author":1,"featured_media":21834,"comment_status":"closed","ping_status":"closed","sticky":false,"template":"","format":"standard","meta":{"site-sidebar-layout":"default","site-content-layout":"","ast-site-content-layout":"default","site-content-style":"default","site-sidebar-style":"default","ast-global-header-display":"","ast-banner-title-visibility":"","ast-main-header-display":"","ast-hfb-above-header-display":"","ast-hfb-below-header-display":"","ast-hfb-mobile-header-display":"","site-post-title":"disabled","ast-breadcrumbs-content":"","ast-featured-img":"disabled","footer-sml-layout":"","ast-disable-related-posts":"","theme-transparent-header-meta":"","adv-header-id-meta":"","stick-header-meta":"","header-above-stick-meta":"","header-main-stick-meta":"","header-below-stick-meta":"","astra-migrate-meta-layouts":"default","ast-page-background-enabled":"default","ast-page-background-meta":{"desktop":{"background-color":"var(--ast-global-color-4)","background-image":"","background-repeat":"repeat","background-position":"center center","background-size":"auto","background-attachment":"scroll","background-type":"","background-media":"","overlay-type":"","overlay-color":"","overlay-opacity":"","overlay-gradient":""},"tablet":{"background-color":"","background-image":"","background-repeat":"repeat","background-position":"center center","background-size":"auto","background-attachment":"scroll","background-type":"","background-media":"","overlay-type":"","overlay-color":"","overlay-opacity":"","overlay-gradient":""},"mobile":{"background-color":"","background-image":"","background-repeat":"repeat","background-position":"center center","background-size":"auto","background-attachment":"scroll","background-type":"","background-media":"","overlay-type":"","overlay-color":"","overlay-opacity":"","overlay-gradient":""}},"ast-content-background-meta":{"desktop":{"background-color":"var(--ast-global-color-5)","background-image":"","background-repeat":"repeat","background-position":"center center","background-size":"auto","background-attachment":"scroll","background-type":"","background-media":"","overlay-type":"","overlay-color":"","overlay-opacity":"","overlay-gradient":""},"tablet":{"background-color":"var(--ast-global-color-5)","background-image":"","background-repeat":"repeat","background-position":"center center","background-size":"auto","background-attachment":"scroll","background-type":"","background-media":"","overlay-type":"","overlay-color":"","overlay-opacity":"","overlay-gradient":""},"mobile":{"background-color":"var(--ast-global-color-5)","background-image":"","background-repeat":"repeat","background-position":"center center","background-size":"auto","background-attachment":"scroll","background-type":"","background-media":"","overlay-type":"","overlay-color":"","overlay-opacity":"","overlay-gradient":""}},"advanced_seo_description":"","jetpack_seo_html_title":"","jetpack_seo_noindex":false,"jetpack_seo_schema_type":"","_jetpack_newsletter_access":"","_jetpack_dont_email_post_to_subs":false,"_jetpack_newsletter_tier_id":0,"_jetpack_memberships_contains_paywalled_content":false,"_wpcom_ai_launchpad_first_post":false,"_jetpack_feature_clip_id":0,"_jetpack_memberships_contains_paid_content":false,"footnotes":"","jetpack_post_was_ever_published":false},"categories":[10],"tags":[],"class_list":["post-21832","post","type-post","status-publish","format-standard","has-post-thumbnail","hentry","category-noticias"],"jetpack_shortlink":"https:\/\/wp.me\/ph8I5c-5G8","jetpack_sharing_enabled":true,"jetpack_featured_media_url":"https:\/\/ialeman.cl\/wp-content\/uploads\/2023\/06\/Instituto-Aleman-Puerto-Montt-firma-convenio-con-el-Goethe-Institut-Chile.png","_links":{"self":[{"href":"https:\/\/ialeman.cl\/index.php\/wp-json\/wp\/v2\/posts\/21832","targetHints":{"allow":["GET"]}}],"collection":[{"href":"https:\/\/ialeman.cl\/index.php\/wp-json\/wp\/v2\/posts"}],"about":[{"href":"https:\/\/ialeman.cl\/index.php\/wp-json\/wp\/v2\/types\/post"}],"author":[{"embeddable":true,"href":"https:\/\/ialeman.cl\/index.php\/wp-json\/wp\/v2\/users\/1"}],"replies":[{"embeddable":true,"href":"https:\/\/ialeman.cl\/index.php\/wp-json\/wp\/v2\/comments?post=21832"}],"version-history":[{"count":0,"href":"https:\/\/ialeman.cl\/index.php\/wp-json\/wp\/v2\/posts\/21832\/revisions"}],"wp:featuredmedia":[{"embeddable":true,"href":"https:\/\/ialeman.cl\/index.php\/wp-json\/wp\/v2\/media\/21834"}],"wp:attachment":[{"href":"https:\/\/ialeman.cl\/index.php\/wp-json\/wp\/v2\/media?parent=21832"}],"wp:term":[{"taxonomy":"category","embeddable":true,"href":"https:\/\/ialeman.cl\/index.php\/wp-json\/wp\/v2\/categories?post=21832"},{"taxonomy":"post_tag","embeddable":true,"href":"https:\/\/ialeman.cl\/index.php\/wp-json\/wp\/v2\/tags?post=21832"}],"curies":[{"name":"wp","href":"https:\/\/api.w.org\/{rel}","templated":true}]}}