{"id":21429,"date":"2023-05-29T16:10:19","date_gmt":"2023-05-29T20:10:19","guid":{"rendered":"https:\/\/ialeman.cl\/?p=21429"},"modified":"2023-05-30T08:20:18","modified_gmt":"2023-05-30T12:20:18","slug":"corrida-y-cicletada-familiar-2023","status":"publish","type":"post","link":"https:\/\/ialeman.cl\/index.php\/corrida-y-cicletada-familiar-2023\/","title":{"rendered":"Corrida y Cicletada Familiar 2023"},"content":{"rendered":"\t\t<div data-elementor-type=\"wp-post\" data-elementor-id=\"21429\" class=\"elementor elementor-21429\">\n\t\t\t\t\t\t<section class=\"elementor-section elementor-top-section elementor-element elementor-element-30d43b1 elementor-section-boxed elementor-section-height-default elementor-section-height-default\" data-id=\"30d43b1\" data-element_type=\"section\" data-e-type=\"section\">\n\t\t\t\t\t\t<div class=\"elementor-container elementor-column-gap-default\">\n\t\t\t\t\t<div class=\"elementor-column elementor-col-100 elementor-top-column elementor-element elementor-element-6e9fa74\" data-id=\"6e9fa74\" data-element_type=\"column\" data-e-type=\"column\">\n\t\t\t<div class=\"elementor-widget-wrap elementor-element-populated\">\n\t\t\t\t\t\t<div class=\"elementor-element elementor-element-692925f elementor-widget elementor-widget-heading\" data-id=\"692925f\" data-element_type=\"widget\" data-e-type=\"widget\" data-widget_type=\"heading.default\">\n\t\t\t\t<div class=\"elementor-widget-container\">\n\t\t\t\t\t<h2 class=\"elementor-heading-title elementor-size-default\">Corrida y Cicletada Familiar 2023<\/h2>\t\t\t\t<\/div>\n\t\t\t\t<\/div>\n\t\t\t\t\t<\/div>\n\t\t<\/div>\n\t\t\t\t\t<\/div>\n\t\t<\/section>\n\t\t\t\t<section class=\"elementor-section elementor-top-section elementor-element elementor-element-164e2c8 elementor-section-boxed elementor-section-height-default elementor-section-height-default\" data-id=\"164e2c8\" data-element_type=\"section\" data-e-type=\"section\">\n\t\t\t\t\t\t<div class=\"elementor-container elementor-column-gap-default\">\n\t\t\t\t\t<div class=\"elementor-column elementor-col-100 elementor-top-column elementor-element elementor-element-9bff520\" data-id=\"9bff520\" data-element_type=\"column\" data-e-type=\"column\">\n\t\t\t<div class=\"elementor-widget-wrap elementor-element-populated\">\n\t\t\t\t\t\t<div class=\"elementor-element elementor-element-20af7e2 elementor-widget elementor-widget-heading\" data-id=\"20af7e2\" data-element_type=\"widget\" data-e-type=\"widget\" data-widget_type=\"heading.default\">\n\t\t\t\t<div class=\"elementor-widget-container\">\n\t\t\t\t\t<h2 class=\"elementor-heading-title elementor-size-default\">Una gran corrida y cicletada familiar realiz\u00f3 el Centro de Padres y Apoderados y el Departamento de Educaci\u00f3n F\u00edsica del Instituto Alem\u00e1n de Puerto Montt.<br><br>\n\nFueron cientos los asistentes que se reunieron en Pelluco para participar del evento deportivo, que se desarroll\u00f3 por la costanera de la ciudad, en los tramos de 2k, 5k y 8k.<br><br>\n\nLos ni\u00f1os, j\u00f3venes y pap\u00e1s, en su mayor\u00eda integrantes de la comunidad del colegio, se mostraron felices y muy entusiasmados de reunirse durante la ma\u00f1ana del domingo 28 de mayo, acompa\u00f1ados de un bonito sol de oto\u00f1o. <br><br>\n\nUn evento deportivo de primer nivel, que cont\u00f3 con el apoyo de distintas instituciones privadas y p\u00fablicas, las que cooperaron para que la actividad fuera un \u00e9xito de principio a fin. \n<\/h2>\t\t\t\t<\/div>\n\t\t\t\t<\/div>\n\t\t\t\t\t<\/div>\n\t\t<\/div>\n\t\t\t\t\t<\/div>\n\t\t<\/section>\n\t\t\t\t<section class=\"elementor-section elementor-top-section elementor-element elementor-element-1931921 elementor-section-boxed elementor-section-height-default elementor-section-height-default\" data-id=\"1931921\" data-element_type=\"section\" data-e-type=\"section\">\n\t\t\t\t\t\t<div class=\"elementor-container elementor-column-gap-default\">\n\t\t\t\t\t<div class=\"elementor-column elementor-col-100 elementor-top-column elementor-element elementor-element-82993a5\" data-id=\"82993a5\" data-element_type=\"column\" data-e-type=\"column\">\n\t\t\t<div class=\"elementor-widget-wrap elementor-element-populated\">\n\t\t\t\t\t\t<div class=\"elementor-element elementor-element-7f87805 gallery-spacing-custom elementor-widget elementor-widget-image-gallery\" data-id=\"7f87805\" data-element_type=\"widget\" data-e-type=\"widget\" data-widget_type=\"image-gallery.default\">\n\t\t\t\t<div class=\"elementor-widget-container\">\n\t\t\t\t\t\t\t<div class=\"elementor-image-gallery\">\n\t\t\t<div id='gallery-1' class='gallery galleryid-21429 gallery-columns-2 gallery-size-medium_large'><figure class='gallery-item'>\n\t\t\t<div class='gallery-icon landscape'>\n\t\t\t\t<a data-elementor-open-lightbox=\"yes\" data-elementor-lightbox-slideshow=\"7f87805\" data-elementor-lightbox-title=\"corrida familiar instituto aleman puerto montt 1\" data-e-action-hash=\"#elementor-action%3Aaction%3Dlightbox%26settings%3DeyJpZCI6MjE0OTYsInVybCI6Imh0dHBzOlwvXC9pYWxlbWFuLmNsXC93cC1jb250ZW50XC91cGxvYWRzXC8yMDIzXC8wNVwvY29ycmlkYS1mYW1pbGlhci1pbnN0aXR1dG8tYWxlbWFuLXB1ZXJ0by1tb250dC0xLTEuanBnIiwic2xpZGVzaG93IjoiN2Y4NzgwNSJ9\" href='https:\/\/ialeman.cl\/wp-content\/uploads\/2023\/05\/corrida-familiar-instituto-aleman-puerto-montt-1-1.jpg'><img fetchpriority=\"high\" decoding=\"async\" width=\"768\" height=\"513\" src=\"https:\/\/ialeman.cl\/wp-content\/uploads\/2023\/05\/corrida-familiar-instituto-aleman-puerto-montt-1-1-768x513.jpg\" class=\"attachment-medium_large size-medium_large\" alt=\"\" srcset=\"https:\/\/ialeman.cl\/wp-content\/uploads\/2023\/05\/corrida-familiar-instituto-aleman-puerto-montt-1-1-768x513.jpg 768w, https:\/\/ialeman.cl\/wp-content\/uploads\/2023\/05\/corrida-familiar-instituto-aleman-puerto-montt-1-1-300x200.jpg 300w, https:\/\/ialeman.cl\/wp-content\/uploads\/2023\/05\/corrida-familiar-instituto-aleman-puerto-montt-1-1-1024x684.jpg 1024w, https:\/\/ialeman.cl\/wp-content\/uploads\/2023\/05\/corrida-familiar-instituto-aleman-puerto-montt-1-1.jpg 1200w\" sizes=\"(max-width: 768px) 100vw, 768px\" \/><\/a>\n\t\t\t<\/div><\/figure><figure class='gallery-item'>\n\t\t\t<div class='gallery-icon landscape'>\n\t\t\t\t<a data-elementor-open-lightbox=\"yes\" data-elementor-lightbox-slideshow=\"7f87805\" data-elementor-lightbox-title=\"corrida familiar instituto aleman puerto montt 2\" data-e-action-hash=\"#elementor-action%3Aaction%3Dlightbox%26settings%3DeyJpZCI6MjE0OTcsInVybCI6Imh0dHBzOlwvXC9pYWxlbWFuLmNsXC93cC1jb250ZW50XC91cGxvYWRzXC8yMDIzXC8wNVwvY29ycmlkYS1mYW1pbGlhci1pbnN0aXR1dG8tYWxlbWFuLXB1ZXJ0by1tb250dC0yLTEuanBnIiwic2xpZGVzaG93IjoiN2Y4NzgwNSJ9\" href='https:\/\/ialeman.cl\/wp-content\/uploads\/2023\/05\/corrida-familiar-instituto-aleman-puerto-montt-2-1.jpg'><img decoding=\"async\" width=\"768\" height=\"513\" src=\"https:\/\/ialeman.cl\/wp-content\/uploads\/2023\/05\/corrida-familiar-instituto-aleman-puerto-montt-2-1-768x513.jpg\" class=\"attachment-medium_large size-medium_large\" alt=\"\" srcset=\"https:\/\/ialeman.cl\/wp-content\/uploads\/2023\/05\/corrida-familiar-instituto-aleman-puerto-montt-2-1-768x513.jpg 768w, https:\/\/ialeman.cl\/wp-content\/uploads\/2023\/05\/corrida-familiar-instituto-aleman-puerto-montt-2-1-300x200.jpg 300w, https:\/\/ialeman.cl\/wp-content\/uploads\/2023\/05\/corrida-familiar-instituto-aleman-puerto-montt-2-1-1024x684.jpg 1024w, https:\/\/ialeman.cl\/wp-content\/uploads\/2023\/05\/corrida-familiar-instituto-aleman-puerto-montt-2-1.jpg 1200w\" sizes=\"(max-width: 768px) 100vw, 768px\" \/><\/a>\n\t\t\t<\/div><\/figure><figure class='gallery-item'>\n\t\t\t<div class='gallery-icon landscape'>\n\t\t\t\t<a data-elementor-open-lightbox=\"yes\" data-elementor-lightbox-slideshow=\"7f87805\" data-elementor-lightbox-title=\"corrida familiar instituto aleman puerto montt 3\" data-e-action-hash=\"#elementor-action%3Aaction%3Dlightbox%26settings%3DeyJpZCI6MjE0OTgsInVybCI6Imh0dHBzOlwvXC9pYWxlbWFuLmNsXC93cC1jb250ZW50XC91cGxvYWRzXC8yMDIzXC8wNVwvY29ycmlkYS1mYW1pbGlhci1pbnN0aXR1dG8tYWxlbWFuLXB1ZXJ0by1tb250dC0zLTEuanBnIiwic2xpZGVzaG93IjoiN2Y4NzgwNSJ9\" href='https:\/\/ialeman.cl\/wp-content\/uploads\/2023\/05\/corrida-familiar-instituto-aleman-puerto-montt-3-1.jpg'><img decoding=\"async\" width=\"768\" height=\"513\" src=\"https:\/\/ialeman.cl\/wp-content\/uploads\/2023\/05\/corrida-familiar-instituto-aleman-puerto-montt-3-1-768x513.jpg\" class=\"attachment-medium_large size-medium_large\" alt=\"\" srcset=\"https:\/\/ialeman.cl\/wp-content\/uploads\/2023\/05\/corrida-familiar-instituto-aleman-puerto-montt-3-1-768x513.jpg 768w, https:\/\/ialeman.cl\/wp-content\/uploads\/2023\/05\/corrida-familiar-instituto-aleman-puerto-montt-3-1-300x200.jpg 300w, https:\/\/ialeman.cl\/wp-content\/uploads\/2023\/05\/corrida-familiar-instituto-aleman-puerto-montt-3-1-1024x684.jpg 1024w, https:\/\/ialeman.cl\/wp-content\/uploads\/2023\/05\/corrida-familiar-instituto-aleman-puerto-montt-3-1.jpg 1200w\" sizes=\"(max-width: 768px) 100vw, 768px\" \/><\/a>\n\t\t\t<\/div><\/figure><figure class='gallery-item'>\n\t\t\t<div class='gallery-icon landscape'>\n\t\t\t\t<a data-elementor-open-lightbox=\"yes\" data-elementor-lightbox-slideshow=\"7f87805\" data-elementor-lightbox-title=\"corrida familiar instituto aleman puerto montt 4\" data-e-action-hash=\"#elementor-action%3Aaction%3Dlightbox%26settings%3DeyJpZCI6MjE0OTksInVybCI6Imh0dHBzOlwvXC9pYWxlbWFuLmNsXC93cC1jb250ZW50XC91cGxvYWRzXC8yMDIzXC8wNVwvY29ycmlkYS1mYW1pbGlhci1pbnN0aXR1dG8tYWxlbWFuLXB1ZXJ0by1tb250dC00LTEuanBnIiwic2xpZGVzaG93IjoiN2Y4NzgwNSJ9\" href='https:\/\/ialeman.cl\/wp-content\/uploads\/2023\/05\/corrida-familiar-instituto-aleman-puerto-montt-4-1.jpg'><img loading=\"lazy\" decoding=\"async\" width=\"768\" height=\"513\" src=\"https:\/\/ialeman.cl\/wp-content\/uploads\/2023\/05\/corrida-familiar-instituto-aleman-puerto-montt-4-1-768x513.jpg\" class=\"attachment-medium_large size-medium_large\" alt=\"\" srcset=\"https:\/\/ialeman.cl\/wp-content\/uploads\/2023\/05\/corrida-familiar-instituto-aleman-puerto-montt-4-1-768x513.jpg 768w, https:\/\/ialeman.cl\/wp-content\/uploads\/2023\/05\/corrida-familiar-instituto-aleman-puerto-montt-4-1-300x200.jpg 300w, https:\/\/ialeman.cl\/wp-content\/uploads\/2023\/05\/corrida-familiar-instituto-aleman-puerto-montt-4-1-1024x684.jpg 1024w, https:\/\/ialeman.cl\/wp-content\/uploads\/2023\/05\/corrida-familiar-instituto-aleman-puerto-montt-4-1.jpg 1200w\" sizes=\"(max-width: 768px) 100vw, 768px\" \/><\/a>\n\t\t\t<\/div><\/figure><figure class='gallery-item'>\n\t\t\t<div class='gallery-icon landscape'>\n\t\t\t\t<a data-elementor-open-lightbox=\"yes\" data-elementor-lightbox-slideshow=\"7f87805\" data-elementor-lightbox-title=\"corrida familiar instituto aleman puerto montt 5\" data-e-action-hash=\"#elementor-action%3Aaction%3Dlightbox%26settings%3DeyJpZCI6MjE1MDAsInVybCI6Imh0dHBzOlwvXC9pYWxlbWFuLmNsXC93cC1jb250ZW50XC91cGxvYWRzXC8yMDIzXC8wNVwvY29ycmlkYS1mYW1pbGlhci1pbnN0aXR1dG8tYWxlbWFuLXB1ZXJ0by1tb250dC01LTEuanBnIiwic2xpZGVzaG93IjoiN2Y4NzgwNSJ9\" href='https:\/\/ialeman.cl\/wp-content\/uploads\/2023\/05\/corrida-familiar-instituto-aleman-puerto-montt-5-1.jpg'><img loading=\"lazy\" decoding=\"async\" width=\"768\" height=\"513\" src=\"https:\/\/ialeman.cl\/wp-content\/uploads\/2023\/05\/corrida-familiar-instituto-aleman-puerto-montt-5-1-768x513.jpg\" class=\"attachment-medium_large size-medium_large\" alt=\"\" srcset=\"https:\/\/ialeman.cl\/wp-content\/uploads\/2023\/05\/corrida-familiar-instituto-aleman-puerto-montt-5-1-768x513.jpg 768w, https:\/\/ialeman.cl\/wp-content\/uploads\/2023\/05\/corrida-familiar-instituto-aleman-puerto-montt-5-1-300x200.jpg 300w, https:\/\/ialeman.cl\/wp-content\/uploads\/2023\/05\/corrida-familiar-instituto-aleman-puerto-montt-5-1-1024x684.jpg 1024w, https:\/\/ialeman.cl\/wp-content\/uploads\/2023\/05\/corrida-familiar-instituto-aleman-puerto-montt-5-1.jpg 1200w\" sizes=\"(max-width: 768px) 100vw, 768px\" \/><\/a>\n\t\t\t<\/div><\/figure><figure class='gallery-item'>\n\t\t\t<div class='gallery-icon landscape'>\n\t\t\t\t<a data-elementor-open-lightbox=\"yes\" data-elementor-lightbox-slideshow=\"7f87805\" data-elementor-lightbox-title=\"corrida familiar instituto aleman puerto montt 6\" data-e-action-hash=\"#elementor-action%3Aaction%3Dlightbox%26settings%3DeyJpZCI6MjE1MDEsInVybCI6Imh0dHBzOlwvXC9pYWxlbWFuLmNsXC93cC1jb250ZW50XC91cGxvYWRzXC8yMDIzXC8wNVwvY29ycmlkYS1mYW1pbGlhci1pbnN0aXR1dG8tYWxlbWFuLXB1ZXJ0by1tb250dC02LTEuanBnIiwic2xpZGVzaG93IjoiN2Y4NzgwNSJ9\" href='https:\/\/ialeman.cl\/wp-content\/uploads\/2023\/05\/corrida-familiar-instituto-aleman-puerto-montt-6-1.jpg'><img loading=\"lazy\" decoding=\"async\" width=\"768\" height=\"513\" src=\"https:\/\/ialeman.cl\/wp-content\/uploads\/2023\/05\/corrida-familiar-instituto-aleman-puerto-montt-6-1-768x513.jpg\" class=\"attachment-medium_large size-medium_large\" alt=\"\" srcset=\"https:\/\/ialeman.cl\/wp-content\/uploads\/2023\/05\/corrida-familiar-instituto-aleman-puerto-montt-6-1-768x513.jpg 768w, https:\/\/ialeman.cl\/wp-content\/uploads\/2023\/05\/corrida-familiar-instituto-aleman-puerto-montt-6-1-300x200.jpg 300w, https:\/\/ialeman.cl\/wp-content\/uploads\/2023\/05\/corrida-familiar-instituto-aleman-puerto-montt-6-1-1024x684.jpg 1024w, https:\/\/ialeman.cl\/wp-content\/uploads\/2023\/05\/corrida-familiar-instituto-aleman-puerto-montt-6-1.jpg 1200w\" sizes=\"(max-width: 768px) 100vw, 768px\" \/><\/a>\n\t\t\t<\/div><\/figure><figure class='gallery-item'>\n\t\t\t<div class='gallery-icon landscape'>\n\t\t\t\t<a data-elementor-open-lightbox=\"yes\" data-elementor-lightbox-slideshow=\"7f87805\" data-elementor-lightbox-title=\"corrida familiar instituto aleman puerto montt 7\" data-e-action-hash=\"#elementor-action%3Aaction%3Dlightbox%26settings%3DeyJpZCI6MjE1MDIsInVybCI6Imh0dHBzOlwvXC9pYWxlbWFuLmNsXC93cC1jb250ZW50XC91cGxvYWRzXC8yMDIzXC8wNVwvY29ycmlkYS1mYW1pbGlhci1pbnN0aXR1dG8tYWxlbWFuLXB1ZXJ0by1tb250dC03LTEuanBnIiwic2xpZGVzaG93IjoiN2Y4NzgwNSJ9\" href='https:\/\/ialeman.cl\/wp-content\/uploads\/2023\/05\/corrida-familiar-instituto-aleman-puerto-montt-7-1.jpg'><img loading=\"lazy\" decoding=\"async\" width=\"768\" height=\"513\" src=\"https:\/\/ialeman.cl\/wp-content\/uploads\/2023\/05\/corrida-familiar-instituto-aleman-puerto-montt-7-1-768x513.jpg\" class=\"attachment-medium_large size-medium_large\" alt=\"\" srcset=\"https:\/\/ialeman.cl\/wp-content\/uploads\/2023\/05\/corrida-familiar-instituto-aleman-puerto-montt-7-1-768x513.jpg 768w, https:\/\/ialeman.cl\/wp-content\/uploads\/2023\/05\/corrida-familiar-instituto-aleman-puerto-montt-7-1-300x200.jpg 300w, https:\/\/ialeman.cl\/wp-content\/uploads\/2023\/05\/corrida-familiar-instituto-aleman-puerto-montt-7-1-1024x684.jpg 1024w, https:\/\/ialeman.cl\/wp-content\/uploads\/2023\/05\/corrida-familiar-instituto-aleman-puerto-montt-7-1.jpg 1200w\" sizes=\"(max-width: 768px) 100vw, 768px\" \/><\/a>\n\t\t\t<\/div><\/figure><figure class='gallery-item'>\n\t\t\t<div class='gallery-icon landscape'>\n\t\t\t\t<a data-elementor-open-lightbox=\"yes\" data-elementor-lightbox-slideshow=\"7f87805\" data-elementor-lightbox-title=\"corrida familiar instituto aleman puerto montt 8\" data-e-action-hash=\"#elementor-action%3Aaction%3Dlightbox%26settings%3DeyJpZCI6MjE1MDMsInVybCI6Imh0dHBzOlwvXC9pYWxlbWFuLmNsXC93cC1jb250ZW50XC91cGxvYWRzXC8yMDIzXC8wNVwvY29ycmlkYS1mYW1pbGlhci1pbnN0aXR1dG8tYWxlbWFuLXB1ZXJ0by1tb250dC04LTEuanBnIiwic2xpZGVzaG93IjoiN2Y4NzgwNSJ9\" href='https:\/\/ialeman.cl\/wp-content\/uploads\/2023\/05\/corrida-familiar-instituto-aleman-puerto-montt-8-1.jpg'><img loading=\"lazy\" decoding=\"async\" width=\"768\" height=\"513\" src=\"https:\/\/ialeman.cl\/wp-content\/uploads\/2023\/05\/corrida-familiar-instituto-aleman-puerto-montt-8-1-768x513.jpg\" class=\"attachment-medium_large size-medium_large\" alt=\"\" srcset=\"https:\/\/ialeman.cl\/wp-content\/uploads\/2023\/05\/corrida-familiar-instituto-aleman-puerto-montt-8-1-768x513.jpg 768w, https:\/\/ialeman.cl\/wp-content\/uploads\/2023\/05\/corrida-familiar-instituto-aleman-puerto-montt-8-1-300x200.jpg 300w, https:\/\/ialeman.cl\/wp-content\/uploads\/2023\/05\/corrida-familiar-instituto-aleman-puerto-montt-8-1-1024x684.jpg 1024w, https:\/\/ialeman.cl\/wp-content\/uploads\/2023\/05\/corrida-familiar-instituto-aleman-puerto-montt-8-1.jpg 1200w\" sizes=\"(max-width: 768px) 100vw, 768px\" \/><\/a>\n\t\t\t<\/div><\/figure><figure class='gallery-item'>\n\t\t\t<div class='gallery-icon landscape'>\n\t\t\t\t<a data-elementor-open-lightbox=\"yes\" data-elementor-lightbox-slideshow=\"7f87805\" data-elementor-lightbox-title=\"corrida familiar instituto aleman puerto montt 9\" data-e-action-hash=\"#elementor-action%3Aaction%3Dlightbox%26settings%3DeyJpZCI6MjE1MDQsInVybCI6Imh0dHBzOlwvXC9pYWxlbWFuLmNsXC93cC1jb250ZW50XC91cGxvYWRzXC8yMDIzXC8wNVwvY29ycmlkYS1mYW1pbGlhci1pbnN0aXR1dG8tYWxlbWFuLXB1ZXJ0by1tb250dC05LTEuanBnIiwic2xpZGVzaG93IjoiN2Y4NzgwNSJ9\" href='https:\/\/ialeman.cl\/wp-content\/uploads\/2023\/05\/corrida-familiar-instituto-aleman-puerto-montt-9-1.jpg'><img loading=\"lazy\" decoding=\"async\" width=\"768\" height=\"513\" src=\"https:\/\/ialeman.cl\/wp-content\/uploads\/2023\/05\/corrida-familiar-instituto-aleman-puerto-montt-9-1-768x513.jpg\" class=\"attachment-medium_large size-medium_large\" alt=\"\" srcset=\"https:\/\/ialeman.cl\/wp-content\/uploads\/2023\/05\/corrida-familiar-instituto-aleman-puerto-montt-9-1-768x513.jpg 768w, https:\/\/ialeman.cl\/wp-content\/uploads\/2023\/05\/corrida-familiar-instituto-aleman-puerto-montt-9-1-300x200.jpg 300w, https:\/\/ialeman.cl\/wp-content\/uploads\/2023\/05\/corrida-familiar-instituto-aleman-puerto-montt-9-1-1024x684.jpg 1024w, https:\/\/ialeman.cl\/wp-content\/uploads\/2023\/05\/corrida-familiar-instituto-aleman-puerto-montt-9-1.jpg 1200w\" sizes=\"(max-width: 768px) 100vw, 768px\" \/><\/a>\n\t\t\t<\/div><\/figure><figure class='gallery-item'>\n\t\t\t<div class='gallery-icon landscape'>\n\t\t\t\t<a data-elementor-open-lightbox=\"yes\" data-elementor-lightbox-slideshow=\"7f87805\" data-elementor-lightbox-title=\"corrida familiar instituto aleman puerto montt 10\" data-e-action-hash=\"#elementor-action%3Aaction%3Dlightbox%26settings%3DeyJpZCI6MjE1MDUsInVybCI6Imh0dHBzOlwvXC9pYWxlbWFuLmNsXC93cC1jb250ZW50XC91cGxvYWRzXC8yMDIzXC8wNVwvY29ycmlkYS1mYW1pbGlhci1pbnN0aXR1dG8tYWxlbWFuLXB1ZXJ0by1tb250dC0xMC0xLmpwZyIsInNsaWRlc2hvdyI6IjdmODc4MDUifQ%3D%3D\" href='https:\/\/ialeman.cl\/wp-content\/uploads\/2023\/05\/corrida-familiar-instituto-aleman-puerto-montt-10-1.jpg'><img loading=\"lazy\" decoding=\"async\" width=\"768\" height=\"513\" src=\"https:\/\/ialeman.cl\/wp-content\/uploads\/2023\/05\/corrida-familiar-instituto-aleman-puerto-montt-10-1-768x513.jpg\" class=\"attachment-medium_large size-medium_large\" alt=\"\" srcset=\"https:\/\/ialeman.cl\/wp-content\/uploads\/2023\/05\/corrida-familiar-instituto-aleman-puerto-montt-10-1-768x513.jpg 768w, https:\/\/ialeman.cl\/wp-content\/uploads\/2023\/05\/corrida-familiar-instituto-aleman-puerto-montt-10-1-300x200.jpg 300w, https:\/\/ialeman.cl\/wp-content\/uploads\/2023\/05\/corrida-familiar-instituto-aleman-puerto-montt-10-1-1024x684.jpg 1024w, https:\/\/ialeman.cl\/wp-content\/uploads\/2023\/05\/corrida-familiar-instituto-aleman-puerto-montt-10-1.jpg 1200w\" sizes=\"(max-width: 768px) 100vw, 768px\" \/><\/a>\n\t\t\t<\/div><\/figure><figure class='gallery-item'>\n\t\t\t<div class='gallery-icon landscape'>\n\t\t\t\t<a data-elementor-open-lightbox=\"yes\" data-elementor-lightbox-slideshow=\"7f87805\" data-elementor-lightbox-title=\"corrida familiar instituto aleman puerto montt 11\" data-e-action-hash=\"#elementor-action%3Aaction%3Dlightbox%26settings%3DeyJpZCI6MjE1MDYsInVybCI6Imh0dHBzOlwvXC9pYWxlbWFuLmNsXC93cC1jb250ZW50XC91cGxvYWRzXC8yMDIzXC8wNVwvY29ycmlkYS1mYW1pbGlhci1pbnN0aXR1dG8tYWxlbWFuLXB1ZXJ0by1tb250dC0xMS0xLmpwZyIsInNsaWRlc2hvdyI6IjdmODc4MDUifQ%3D%3D\" href='https:\/\/ialeman.cl\/wp-content\/uploads\/2023\/05\/corrida-familiar-instituto-aleman-puerto-montt-11-1.jpg'><img loading=\"lazy\" decoding=\"async\" width=\"768\" height=\"513\" src=\"https:\/\/ialeman.cl\/wp-content\/uploads\/2023\/05\/corrida-familiar-instituto-aleman-puerto-montt-11-1-768x513.jpg\" class=\"attachment-medium_large size-medium_large\" alt=\"\" srcset=\"https:\/\/ialeman.cl\/wp-content\/uploads\/2023\/05\/corrida-familiar-instituto-aleman-puerto-montt-11-1-768x513.jpg 768w, https:\/\/ialeman.cl\/wp-content\/uploads\/2023\/05\/corrida-familiar-instituto-aleman-puerto-montt-11-1-300x200.jpg 300w, https:\/\/ialeman.cl\/wp-content\/uploads\/2023\/05\/corrida-familiar-instituto-aleman-puerto-montt-11-1-1024x684.jpg 1024w, https:\/\/ialeman.cl\/wp-content\/uploads\/2023\/05\/corrida-familiar-instituto-aleman-puerto-montt-11-1.jpg 1200w\" sizes=\"(max-width: 768px) 100vw, 768px\" \/><\/a>\n\t\t\t<\/div><\/figure><figure class='gallery-item'>\n\t\t\t<div class='gallery-icon landscape'>\n\t\t\t\t<a data-elementor-open-lightbox=\"yes\" data-elementor-lightbox-slideshow=\"7f87805\" data-elementor-lightbox-title=\"corrida familiar instituto aleman puerto montt 11_1\" data-e-action-hash=\"#elementor-action%3Aaction%3Dlightbox%26settings%3DeyJpZCI6MjE1MDcsInVybCI6Imh0dHBzOlwvXC9pYWxlbWFuLmNsXC93cC1jb250ZW50XC91cGxvYWRzXC8yMDIzXC8wNVwvY29ycmlkYS1mYW1pbGlhci1pbnN0aXR1dG8tYWxlbWFuLXB1ZXJ0by1tb250dC0xMV8xLTEuanBnIiwic2xpZGVzaG93IjoiN2Y4NzgwNSJ9\" href='https:\/\/ialeman.cl\/wp-content\/uploads\/2023\/05\/corrida-familiar-instituto-aleman-puerto-montt-11_1-1.jpg'><img loading=\"lazy\" decoding=\"async\" width=\"768\" height=\"513\" src=\"https:\/\/ialeman.cl\/wp-content\/uploads\/2023\/05\/corrida-familiar-instituto-aleman-puerto-montt-11_1-1-768x513.jpg\" class=\"attachment-medium_large size-medium_large\" alt=\"\" srcset=\"https:\/\/ialeman.cl\/wp-content\/uploads\/2023\/05\/corrida-familiar-instituto-aleman-puerto-montt-11_1-1-768x513.jpg 768w, https:\/\/ialeman.cl\/wp-content\/uploads\/2023\/05\/corrida-familiar-instituto-aleman-puerto-montt-11_1-1-300x200.jpg 300w, https:\/\/ialeman.cl\/wp-content\/uploads\/2023\/05\/corrida-familiar-instituto-aleman-puerto-montt-11_1-1-1024x684.jpg 1024w, https:\/\/ialeman.cl\/wp-content\/uploads\/2023\/05\/corrida-familiar-instituto-aleman-puerto-montt-11_1-1.jpg 1200w\" sizes=\"(max-width: 768px) 100vw, 768px\" \/><\/a>\n\t\t\t<\/div><\/figure><figure class='gallery-item'>\n\t\t\t<div class='gallery-icon landscape'>\n\t\t\t\t<a data-elementor-open-lightbox=\"yes\" data-elementor-lightbox-slideshow=\"7f87805\" data-elementor-lightbox-title=\"corrida familiar instituto aleman puerto montt 12\" data-e-action-hash=\"#elementor-action%3Aaction%3Dlightbox%26settings%3DeyJpZCI6MjE1MDgsInVybCI6Imh0dHBzOlwvXC9pYWxlbWFuLmNsXC93cC1jb250ZW50XC91cGxvYWRzXC8yMDIzXC8wNVwvY29ycmlkYS1mYW1pbGlhci1pbnN0aXR1dG8tYWxlbWFuLXB1ZXJ0by1tb250dC0xMi0xLmpwZyIsInNsaWRlc2hvdyI6IjdmODc4MDUifQ%3D%3D\" href='https:\/\/ialeman.cl\/wp-content\/uploads\/2023\/05\/corrida-familiar-instituto-aleman-puerto-montt-12-1.jpg'><img loading=\"lazy\" decoding=\"async\" width=\"768\" height=\"513\" src=\"https:\/\/ialeman.cl\/wp-content\/uploads\/2023\/05\/corrida-familiar-instituto-aleman-puerto-montt-12-1-768x513.jpg\" class=\"attachment-medium_large size-medium_large\" alt=\"\" srcset=\"https:\/\/ialeman.cl\/wp-content\/uploads\/2023\/05\/corrida-familiar-instituto-aleman-puerto-montt-12-1-768x513.jpg 768w, https:\/\/ialeman.cl\/wp-content\/uploads\/2023\/05\/corrida-familiar-instituto-aleman-puerto-montt-12-1-300x200.jpg 300w, https:\/\/ialeman.cl\/wp-content\/uploads\/2023\/05\/corrida-familiar-instituto-aleman-puerto-montt-12-1-1024x684.jpg 1024w, https:\/\/ialeman.cl\/wp-content\/uploads\/2023\/05\/corrida-familiar-instituto-aleman-puerto-montt-12-1.jpg 1200w\" sizes=\"(max-width: 768px) 100vw, 768px\" \/><\/a>\n\t\t\t<\/div><\/figure><figure class='gallery-item'>\n\t\t\t<div class='gallery-icon landscape'>\n\t\t\t\t<a data-elementor-open-lightbox=\"yes\" data-elementor-lightbox-slideshow=\"7f87805\" data-elementor-lightbox-title=\"corrida familiar instituto aleman puerto montt 13\" data-e-action-hash=\"#elementor-action%3Aaction%3Dlightbox%26settings%3DeyJpZCI6MjE1MDksInVybCI6Imh0dHBzOlwvXC9pYWxlbWFuLmNsXC93cC1jb250ZW50XC91cGxvYWRzXC8yMDIzXC8wNVwvY29ycmlkYS1mYW1pbGlhci1pbnN0aXR1dG8tYWxlbWFuLXB1ZXJ0by1tb250dC0xMy0xLmpwZyIsInNsaWRlc2hvdyI6IjdmODc4MDUifQ%3D%3D\" href='https:\/\/ialeman.cl\/wp-content\/uploads\/2023\/05\/corrida-familiar-instituto-aleman-puerto-montt-13-1.jpg'><img loading=\"lazy\" decoding=\"async\" width=\"768\" height=\"513\" src=\"https:\/\/ialeman.cl\/wp-content\/uploads\/2023\/05\/corrida-familiar-instituto-aleman-puerto-montt-13-1-768x513.jpg\" class=\"attachment-medium_large size-medium_large\" alt=\"\" srcset=\"https:\/\/ialeman.cl\/wp-content\/uploads\/2023\/05\/corrida-familiar-instituto-aleman-puerto-montt-13-1-768x513.jpg 768w, https:\/\/ialeman.cl\/wp-content\/uploads\/2023\/05\/corrida-familiar-instituto-aleman-puerto-montt-13-1-300x200.jpg 300w, https:\/\/ialeman.cl\/wp-content\/uploads\/2023\/05\/corrida-familiar-instituto-aleman-puerto-montt-13-1-1024x684.jpg 1024w, https:\/\/ialeman.cl\/wp-content\/uploads\/2023\/05\/corrida-familiar-instituto-aleman-puerto-montt-13-1.jpg 1200w\" sizes=\"(max-width: 768px) 100vw, 768px\" \/><\/a>\n\t\t\t<\/div><\/figure><figure class='gallery-item'>\n\t\t\t<div class='gallery-icon landscape'>\n\t\t\t\t<a data-elementor-open-lightbox=\"yes\" data-elementor-lightbox-slideshow=\"7f87805\" data-elementor-lightbox-title=\"corrida familiar instituto aleman puerto montt 14\" data-e-action-hash=\"#elementor-action%3Aaction%3Dlightbox%26settings%3DeyJpZCI6MjE1MTAsInVybCI6Imh0dHBzOlwvXC9pYWxlbWFuLmNsXC93cC1jb250ZW50XC91cGxvYWRzXC8yMDIzXC8wNVwvY29ycmlkYS1mYW1pbGlhci1pbnN0aXR1dG8tYWxlbWFuLXB1ZXJ0by1tb250dC0xNC0xLmpwZyIsInNsaWRlc2hvdyI6IjdmODc4MDUifQ%3D%3D\" href='https:\/\/ialeman.cl\/wp-content\/uploads\/2023\/05\/corrida-familiar-instituto-aleman-puerto-montt-14-1.jpg'><img loading=\"lazy\" decoding=\"async\" width=\"768\" height=\"513\" src=\"https:\/\/ialeman.cl\/wp-content\/uploads\/2023\/05\/corrida-familiar-instituto-aleman-puerto-montt-14-1-768x513.jpg\" class=\"attachment-medium_large size-medium_large\" alt=\"\" srcset=\"https:\/\/ialeman.cl\/wp-content\/uploads\/2023\/05\/corrida-familiar-instituto-aleman-puerto-montt-14-1-768x513.jpg 768w, https:\/\/ialeman.cl\/wp-content\/uploads\/2023\/05\/corrida-familiar-instituto-aleman-puerto-montt-14-1-300x200.jpg 300w, https:\/\/ialeman.cl\/wp-content\/uploads\/2023\/05\/corrida-familiar-instituto-aleman-puerto-montt-14-1-1024x684.jpg 1024w, https:\/\/ialeman.cl\/wp-content\/uploads\/2023\/05\/corrida-familiar-instituto-aleman-puerto-montt-14-1.jpg 1200w\" sizes=\"(max-width: 768px) 100vw, 768px\" \/><\/a>\n\t\t\t<\/div><\/figure><figure class='gallery-item'>\n\t\t\t<div class='gallery-icon landscape'>\n\t\t\t\t<a data-elementor-open-lightbox=\"yes\" data-elementor-lightbox-slideshow=\"7f87805\" data-elementor-lightbox-title=\"corrida familiar instituto aleman puerto montt 15\" data-e-action-hash=\"#elementor-action%3Aaction%3Dlightbox%26settings%3DeyJpZCI6MjE1MTEsInVybCI6Imh0dHBzOlwvXC9pYWxlbWFuLmNsXC93cC1jb250ZW50XC91cGxvYWRzXC8yMDIzXC8wNVwvY29ycmlkYS1mYW1pbGlhci1pbnN0aXR1dG8tYWxlbWFuLXB1ZXJ0by1tb250dC0xNS0xLmpwZyIsInNsaWRlc2hvdyI6IjdmODc4MDUifQ%3D%3D\" href='https:\/\/ialeman.cl\/wp-content\/uploads\/2023\/05\/corrida-familiar-instituto-aleman-puerto-montt-15-1.jpg'><img loading=\"lazy\" decoding=\"async\" width=\"768\" height=\"513\" src=\"https:\/\/ialeman.cl\/wp-content\/uploads\/2023\/05\/corrida-familiar-instituto-aleman-puerto-montt-15-1-768x513.jpg\" class=\"attachment-medium_large size-medium_large\" alt=\"\" srcset=\"https:\/\/ialeman.cl\/wp-content\/uploads\/2023\/05\/corrida-familiar-instituto-aleman-puerto-montt-15-1-768x513.jpg 768w, https:\/\/ialeman.cl\/wp-content\/uploads\/2023\/05\/corrida-familiar-instituto-aleman-puerto-montt-15-1-300x200.jpg 300w, https:\/\/ialeman.cl\/wp-content\/uploads\/2023\/05\/corrida-familiar-instituto-aleman-puerto-montt-15-1-1024x684.jpg 1024w, https:\/\/ialeman.cl\/wp-content\/uploads\/2023\/05\/corrida-familiar-instituto-aleman-puerto-montt-15-1.jpg 1200w\" sizes=\"(max-width: 768px) 100vw, 768px\" \/><\/a>\n\t\t\t<\/div><\/figure><figure class='gallery-item'>\n\t\t\t<div class='gallery-icon landscape'>\n\t\t\t\t<a data-elementor-open-lightbox=\"yes\" data-elementor-lightbox-slideshow=\"7f87805\" data-elementor-lightbox-title=\"corrida familiar instituto aleman puerto montt 16\" data-e-action-hash=\"#elementor-action%3Aaction%3Dlightbox%26settings%3DeyJpZCI6MjE1MTIsInVybCI6Imh0dHBzOlwvXC9pYWxlbWFuLmNsXC93cC1jb250ZW50XC91cGxvYWRzXC8yMDIzXC8wNVwvY29ycmlkYS1mYW1pbGlhci1pbnN0aXR1dG8tYWxlbWFuLXB1ZXJ0by1tb250dC0xNi0xLmpwZyIsInNsaWRlc2hvdyI6IjdmODc4MDUifQ%3D%3D\" href='https:\/\/ialeman.cl\/wp-content\/uploads\/2023\/05\/corrida-familiar-instituto-aleman-puerto-montt-16-1.jpg'><img loading=\"lazy\" decoding=\"async\" width=\"768\" height=\"513\" src=\"https:\/\/ialeman.cl\/wp-content\/uploads\/2023\/05\/corrida-familiar-instituto-aleman-puerto-montt-16-1-768x513.jpg\" class=\"attachment-medium_large size-medium_large\" alt=\"\" srcset=\"https:\/\/ialeman.cl\/wp-content\/uploads\/2023\/05\/corrida-familiar-instituto-aleman-puerto-montt-16-1-768x513.jpg 768w, https:\/\/ialeman.cl\/wp-content\/uploads\/2023\/05\/corrida-familiar-instituto-aleman-puerto-montt-16-1-300x200.jpg 300w, https:\/\/ialeman.cl\/wp-content\/uploads\/2023\/05\/corrida-familiar-instituto-aleman-puerto-montt-16-1-1024x684.jpg 1024w, https:\/\/ialeman.cl\/wp-content\/uploads\/2023\/05\/corrida-familiar-instituto-aleman-puerto-montt-16-1.jpg 1200w\" sizes=\"(max-width: 768px) 100vw, 768px\" \/><\/a>\n\t\t\t<\/div><\/figure><figure class='gallery-item'>\n\t\t\t<div class='gallery-icon landscape'>\n\t\t\t\t<a data-elementor-open-lightbox=\"yes\" data-elementor-lightbox-slideshow=\"7f87805\" data-elementor-lightbox-title=\"corrida familiar instituto aleman puerto montt 17\" data-e-action-hash=\"#elementor-action%3Aaction%3Dlightbox%26settings%3DeyJpZCI6MjE1MTMsInVybCI6Imh0dHBzOlwvXC9pYWxlbWFuLmNsXC93cC1jb250ZW50XC91cGxvYWRzXC8yMDIzXC8wNVwvY29ycmlkYS1mYW1pbGlhci1pbnN0aXR1dG8tYWxlbWFuLXB1ZXJ0by1tb250dC0xNy0xLmpwZyIsInNsaWRlc2hvdyI6IjdmODc4MDUifQ%3D%3D\" href='https:\/\/ialeman.cl\/wp-content\/uploads\/2023\/05\/corrida-familiar-instituto-aleman-puerto-montt-17-1.jpg'><img loading=\"lazy\" decoding=\"async\" width=\"768\" height=\"513\" src=\"https:\/\/ialeman.cl\/wp-content\/uploads\/2023\/05\/corrida-familiar-instituto-aleman-puerto-montt-17-1-768x513.jpg\" class=\"attachment-medium_large size-medium_large\" alt=\"\" srcset=\"https:\/\/ialeman.cl\/wp-content\/uploads\/2023\/05\/corrida-familiar-instituto-aleman-puerto-montt-17-1-768x513.jpg 768w, https:\/\/ialeman.cl\/wp-content\/uploads\/2023\/05\/corrida-familiar-instituto-aleman-puerto-montt-17-1-300x200.jpg 300w, https:\/\/ialeman.cl\/wp-content\/uploads\/2023\/05\/corrida-familiar-instituto-aleman-puerto-montt-17-1-1024x684.jpg 1024w, https:\/\/ialeman.cl\/wp-content\/uploads\/2023\/05\/corrida-familiar-instituto-aleman-puerto-montt-17-1.jpg 1200w\" sizes=\"(max-width: 768px) 100vw, 768px\" \/><\/a>\n\t\t\t<\/div><\/figure><figure class='gallery-item'>\n\t\t\t<div class='gallery-icon landscape'>\n\t\t\t\t<a data-elementor-open-lightbox=\"yes\" data-elementor-lightbox-slideshow=\"7f87805\" data-elementor-lightbox-title=\"corrida familiar instituto aleman puerto montt 18\" data-e-action-hash=\"#elementor-action%3Aaction%3Dlightbox%26settings%3DeyJpZCI6MjE1MTQsInVybCI6Imh0dHBzOlwvXC9pYWxlbWFuLmNsXC93cC1jb250ZW50XC91cGxvYWRzXC8yMDIzXC8wNVwvY29ycmlkYS1mYW1pbGlhci1pbnN0aXR1dG8tYWxlbWFuLXB1ZXJ0by1tb250dC0xOC0xLmpwZyIsInNsaWRlc2hvdyI6IjdmODc4MDUifQ%3D%3D\" href='https:\/\/ialeman.cl\/wp-content\/uploads\/2023\/05\/corrida-familiar-instituto-aleman-puerto-montt-18-1.jpg'><img loading=\"lazy\" decoding=\"async\" width=\"768\" height=\"513\" src=\"https:\/\/ialeman.cl\/wp-content\/uploads\/2023\/05\/corrida-familiar-instituto-aleman-puerto-montt-18-1-768x513.jpg\" class=\"attachment-medium_large size-medium_large\" alt=\"\" srcset=\"https:\/\/ialeman.cl\/wp-content\/uploads\/2023\/05\/corrida-familiar-instituto-aleman-puerto-montt-18-1-768x513.jpg 768w, https:\/\/ialeman.cl\/wp-content\/uploads\/2023\/05\/corrida-familiar-instituto-aleman-puerto-montt-18-1-300x200.jpg 300w, https:\/\/ialeman.cl\/wp-content\/uploads\/2023\/05\/corrida-familiar-instituto-aleman-puerto-montt-18-1-1024x684.jpg 1024w, https:\/\/ialeman.cl\/wp-content\/uploads\/2023\/05\/corrida-familiar-instituto-aleman-puerto-montt-18-1.jpg 1200w\" sizes=\"(max-width: 768px) 100vw, 768px\" \/><\/a>\n\t\t\t<\/div><\/figure><figure class='gallery-item'>\n\t\t\t<div class='gallery-icon landscape'>\n\t\t\t\t<a data-elementor-open-lightbox=\"yes\" data-elementor-lightbox-slideshow=\"7f87805\" data-elementor-lightbox-title=\"corrida familiar instituto aleman puerto montt 19\" data-e-action-hash=\"#elementor-action%3Aaction%3Dlightbox%26settings%3DeyJpZCI6MjE1MTUsInVybCI6Imh0dHBzOlwvXC9pYWxlbWFuLmNsXC93cC1jb250ZW50XC91cGxvYWRzXC8yMDIzXC8wNVwvY29ycmlkYS1mYW1pbGlhci1pbnN0aXR1dG8tYWxlbWFuLXB1ZXJ0by1tb250dC0xOS0xLmpwZyIsInNsaWRlc2hvdyI6IjdmODc4MDUifQ%3D%3D\" href='https:\/\/ialeman.cl\/wp-content\/uploads\/2023\/05\/corrida-familiar-instituto-aleman-puerto-montt-19-1.jpg'><img loading=\"lazy\" decoding=\"async\" width=\"768\" height=\"513\" src=\"https:\/\/ialeman.cl\/wp-content\/uploads\/2023\/05\/corrida-familiar-instituto-aleman-puerto-montt-19-1-768x513.jpg\" class=\"attachment-medium_large size-medium_large\" alt=\"\" srcset=\"https:\/\/ialeman.cl\/wp-content\/uploads\/2023\/05\/corrida-familiar-instituto-aleman-puerto-montt-19-1-768x513.jpg 768w, https:\/\/ialeman.cl\/wp-content\/uploads\/2023\/05\/corrida-familiar-instituto-aleman-puerto-montt-19-1-300x200.jpg 300w, https:\/\/ialeman.cl\/wp-content\/uploads\/2023\/05\/corrida-familiar-instituto-aleman-puerto-montt-19-1-1024x684.jpg 1024w, https:\/\/ialeman.cl\/wp-content\/uploads\/2023\/05\/corrida-familiar-instituto-aleman-puerto-montt-19-1.jpg 1200w\" sizes=\"(max-width: 768px) 100vw, 768px\" \/><\/a>\n\t\t\t<\/div><\/figure><figure class='gallery-item'>\n\t\t\t<div class='gallery-icon landscape'>\n\t\t\t\t<a data-elementor-open-lightbox=\"yes\" data-elementor-lightbox-slideshow=\"7f87805\" data-elementor-lightbox-title=\"corrida familiar instituto aleman puerto montt 20\" data-e-action-hash=\"#elementor-action%3Aaction%3Dlightbox%26settings%3DeyJpZCI6MjE1MTYsInVybCI6Imh0dHBzOlwvXC9pYWxlbWFuLmNsXC93cC1jb250ZW50XC91cGxvYWRzXC8yMDIzXC8wNVwvY29ycmlkYS1mYW1pbGlhci1pbnN0aXR1dG8tYWxlbWFuLXB1ZXJ0by1tb250dC0yMC0xLmpwZyIsInNsaWRlc2hvdyI6IjdmODc4MDUifQ%3D%3D\" href='https:\/\/ialeman.cl\/wp-content\/uploads\/2023\/05\/corrida-familiar-instituto-aleman-puerto-montt-20-1.jpg'><img loading=\"lazy\" decoding=\"async\" width=\"768\" height=\"513\" src=\"https:\/\/ialeman.cl\/wp-content\/uploads\/2023\/05\/corrida-familiar-instituto-aleman-puerto-montt-20-1-768x513.jpg\" class=\"attachment-medium_large size-medium_large\" alt=\"\" srcset=\"https:\/\/ialeman.cl\/wp-content\/uploads\/2023\/05\/corrida-familiar-instituto-aleman-puerto-montt-20-1-768x513.jpg 768w, https:\/\/ialeman.cl\/wp-content\/uploads\/2023\/05\/corrida-familiar-instituto-aleman-puerto-montt-20-1-300x200.jpg 300w, https:\/\/ialeman.cl\/wp-content\/uploads\/2023\/05\/corrida-familiar-instituto-aleman-puerto-montt-20-1-1024x684.jpg 1024w, https:\/\/ialeman.cl\/wp-content\/uploads\/2023\/05\/corrida-familiar-instituto-aleman-puerto-montt-20-1.jpg 1200w\" sizes=\"(max-width: 768px) 100vw, 768px\" \/><\/a>\n\t\t\t<\/div><\/figure><figure class='gallery-item'>\n\t\t\t<div class='gallery-icon landscape'>\n\t\t\t\t<a data-elementor-open-lightbox=\"yes\" data-elementor-lightbox-slideshow=\"7f87805\" data-elementor-lightbox-title=\"corrida familiar instituto aleman puerto montt 21\" data-e-action-hash=\"#elementor-action%3Aaction%3Dlightbox%26settings%3DeyJpZCI6MjE1MTcsInVybCI6Imh0dHBzOlwvXC9pYWxlbWFuLmNsXC93cC1jb250ZW50XC91cGxvYWRzXC8yMDIzXC8wNVwvY29ycmlkYS1mYW1pbGlhci1pbnN0aXR1dG8tYWxlbWFuLXB1ZXJ0by1tb250dC0yMS0xLmpwZyIsInNsaWRlc2hvdyI6IjdmODc4MDUifQ%3D%3D\" href='https:\/\/ialeman.cl\/wp-content\/uploads\/2023\/05\/corrida-familiar-instituto-aleman-puerto-montt-21-1.jpg'><img loading=\"lazy\" decoding=\"async\" width=\"768\" height=\"513\" src=\"https:\/\/ialeman.cl\/wp-content\/uploads\/2023\/05\/corrida-familiar-instituto-aleman-puerto-montt-21-1-768x513.jpg\" class=\"attachment-medium_large size-medium_large\" alt=\"\" srcset=\"https:\/\/ialeman.cl\/wp-content\/uploads\/2023\/05\/corrida-familiar-instituto-aleman-puerto-montt-21-1-768x513.jpg 768w, https:\/\/ialeman.cl\/wp-content\/uploads\/2023\/05\/corrida-familiar-instituto-aleman-puerto-montt-21-1-300x200.jpg 300w, https:\/\/ialeman.cl\/wp-content\/uploads\/2023\/05\/corrida-familiar-instituto-aleman-puerto-montt-21-1-1024x684.jpg 1024w, https:\/\/ialeman.cl\/wp-content\/uploads\/2023\/05\/corrida-familiar-instituto-aleman-puerto-montt-21-1.jpg 1200w\" sizes=\"(max-width: 768px) 100vw, 768px\" \/><\/a>\n\t\t\t<\/div><\/figure><figure class='gallery-item'>\n\t\t\t<div class='gallery-icon landscape'>\n\t\t\t\t<a data-elementor-open-lightbox=\"yes\" data-elementor-lightbox-slideshow=\"7f87805\" data-elementor-lightbox-title=\"corrida familiar instituto aleman puerto montt 22\" data-e-action-hash=\"#elementor-action%3Aaction%3Dlightbox%26settings%3DeyJpZCI6MjE1MTgsInVybCI6Imh0dHBzOlwvXC9pYWxlbWFuLmNsXC93cC1jb250ZW50XC91cGxvYWRzXC8yMDIzXC8wNVwvY29ycmlkYS1mYW1pbGlhci1pbnN0aXR1dG8tYWxlbWFuLXB1ZXJ0by1tb250dC0yMi0xLmpwZyIsInNsaWRlc2hvdyI6IjdmODc4MDUifQ%3D%3D\" href='https:\/\/ialeman.cl\/wp-content\/uploads\/2023\/05\/corrida-familiar-instituto-aleman-puerto-montt-22-1.jpg'><img loading=\"lazy\" decoding=\"async\" width=\"768\" height=\"513\" src=\"https:\/\/ialeman.cl\/wp-content\/uploads\/2023\/05\/corrida-familiar-instituto-aleman-puerto-montt-22-1-768x513.jpg\" class=\"attachment-medium_large size-medium_large\" alt=\"\" srcset=\"https:\/\/ialeman.cl\/wp-content\/uploads\/2023\/05\/corrida-familiar-instituto-aleman-puerto-montt-22-1-768x513.jpg 768w, https:\/\/ialeman.cl\/wp-content\/uploads\/2023\/05\/corrida-familiar-instituto-aleman-puerto-montt-22-1-300x200.jpg 300w, https:\/\/ialeman.cl\/wp-content\/uploads\/2023\/05\/corrida-familiar-instituto-aleman-puerto-montt-22-1-1024x684.jpg 1024w, https:\/\/ialeman.cl\/wp-content\/uploads\/2023\/05\/corrida-familiar-instituto-aleman-puerto-montt-22-1.jpg 1200w\" sizes=\"(max-width: 768px) 100vw, 768px\" \/><\/a>\n\t\t\t<\/div><\/figure><figure class='gallery-item'>\n\t\t\t<div class='gallery-icon landscape'>\n\t\t\t\t<a data-elementor-open-lightbox=\"yes\" data-elementor-lightbox-slideshow=\"7f87805\" data-elementor-lightbox-title=\"corrida familiar instituto aleman puerto montt 23\" data-e-action-hash=\"#elementor-action%3Aaction%3Dlightbox%26settings%3DeyJpZCI6MjE1MTksInVybCI6Imh0dHBzOlwvXC9pYWxlbWFuLmNsXC93cC1jb250ZW50XC91cGxvYWRzXC8yMDIzXC8wNVwvY29ycmlkYS1mYW1pbGlhci1pbnN0aXR1dG8tYWxlbWFuLXB1ZXJ0by1tb250dC0yMy0yLmpwZyIsInNsaWRlc2hvdyI6IjdmODc4MDUifQ%3D%3D\" href='https:\/\/ialeman.cl\/wp-content\/uploads\/2023\/05\/corrida-familiar-instituto-aleman-puerto-montt-23-2.jpg'><img loading=\"lazy\" decoding=\"async\" width=\"768\" height=\"513\" src=\"https:\/\/ialeman.cl\/wp-content\/uploads\/2023\/05\/corrida-familiar-instituto-aleman-puerto-montt-23-2-768x513.jpg\" class=\"attachment-medium_large size-medium_large\" alt=\"\" srcset=\"https:\/\/ialeman.cl\/wp-content\/uploads\/2023\/05\/corrida-familiar-instituto-aleman-puerto-montt-23-2-768x513.jpg 768w, https:\/\/ialeman.cl\/wp-content\/uploads\/2023\/05\/corrida-familiar-instituto-aleman-puerto-montt-23-2-300x200.jpg 300w, https:\/\/ialeman.cl\/wp-content\/uploads\/2023\/05\/corrida-familiar-instituto-aleman-puerto-montt-23-2-1024x684.jpg 1024w, https:\/\/ialeman.cl\/wp-content\/uploads\/2023\/05\/corrida-familiar-instituto-aleman-puerto-montt-23-2.jpg 1200w\" sizes=\"(max-width: 768px) 100vw, 768px\" \/><\/a>\n\t\t\t<\/div><\/figure><figure class='gallery-item'>\n\t\t\t<div class='gallery-icon landscape'>\n\t\t\t\t<a data-elementor-open-lightbox=\"yes\" data-elementor-lightbox-slideshow=\"7f87805\" data-elementor-lightbox-title=\"corrida familiar instituto aleman puerto montt 24\" data-e-action-hash=\"#elementor-action%3Aaction%3Dlightbox%26settings%3DeyJpZCI6MjE1MjAsInVybCI6Imh0dHBzOlwvXC9pYWxlbWFuLmNsXC93cC1jb250ZW50XC91cGxvYWRzXC8yMDIzXC8wNVwvY29ycmlkYS1mYW1pbGlhci1pbnN0aXR1dG8tYWxlbWFuLXB1ZXJ0by1tb250dC0yNC0xLmpwZyIsInNsaWRlc2hvdyI6IjdmODc4MDUifQ%3D%3D\" href='https:\/\/ialeman.cl\/wp-content\/uploads\/2023\/05\/corrida-familiar-instituto-aleman-puerto-montt-24-1.jpg'><img loading=\"lazy\" decoding=\"async\" width=\"768\" height=\"513\" src=\"https:\/\/ialeman.cl\/wp-content\/uploads\/2023\/05\/corrida-familiar-instituto-aleman-puerto-montt-24-1-768x513.jpg\" class=\"attachment-medium_large size-medium_large\" alt=\"\" srcset=\"https:\/\/ialeman.cl\/wp-content\/uploads\/2023\/05\/corrida-familiar-instituto-aleman-puerto-montt-24-1-768x513.jpg 768w, https:\/\/ialeman.cl\/wp-content\/uploads\/2023\/05\/corrida-familiar-instituto-aleman-puerto-montt-24-1-300x200.jpg 300w, https:\/\/ialeman.cl\/wp-content\/uploads\/2023\/05\/corrida-familiar-instituto-aleman-puerto-montt-24-1-1024x684.jpg 1024w, https:\/\/ialeman.cl\/wp-content\/uploads\/2023\/05\/corrida-familiar-instituto-aleman-puerto-montt-24-1.jpg 1200w\" sizes=\"(max-width: 768px) 100vw, 768px\" \/><\/a>\n\t\t\t<\/div><\/figure><figure class='gallery-item'>\n\t\t\t<div class='gallery-icon landscape'>\n\t\t\t\t<a data-elementor-open-lightbox=\"yes\" data-elementor-lightbox-slideshow=\"7f87805\" data-elementor-lightbox-title=\"corrida familiar instituto aleman puerto montt 25\" data-e-action-hash=\"#elementor-action%3Aaction%3Dlightbox%26settings%3DeyJpZCI6MjE1MjEsInVybCI6Imh0dHBzOlwvXC9pYWxlbWFuLmNsXC93cC1jb250ZW50XC91cGxvYWRzXC8yMDIzXC8wNVwvY29ycmlkYS1mYW1pbGlhci1pbnN0aXR1dG8tYWxlbWFuLXB1ZXJ0by1tb250dC0yNS0xLmpwZyIsInNsaWRlc2hvdyI6IjdmODc4MDUifQ%3D%3D\" href='https:\/\/ialeman.cl\/wp-content\/uploads\/2023\/05\/corrida-familiar-instituto-aleman-puerto-montt-25-1.jpg'><img loading=\"lazy\" decoding=\"async\" width=\"768\" height=\"513\" src=\"https:\/\/ialeman.cl\/wp-content\/uploads\/2023\/05\/corrida-familiar-instituto-aleman-puerto-montt-25-1-768x513.jpg\" class=\"attachment-medium_large size-medium_large\" alt=\"\" srcset=\"https:\/\/ialeman.cl\/wp-content\/uploads\/2023\/05\/corrida-familiar-instituto-aleman-puerto-montt-25-1-768x513.jpg 768w, https:\/\/ialeman.cl\/wp-content\/uploads\/2023\/05\/corrida-familiar-instituto-aleman-puerto-montt-25-1-300x200.jpg 300w, https:\/\/ialeman.cl\/wp-content\/uploads\/2023\/05\/corrida-familiar-instituto-aleman-puerto-montt-25-1-1024x684.jpg 1024w, https:\/\/ialeman.cl\/wp-content\/uploads\/2023\/05\/corrida-familiar-instituto-aleman-puerto-montt-25-1.jpg 1200w\" sizes=\"(max-width: 768px) 100vw, 768px\" \/><\/a>\n\t\t\t<\/div><\/figure><figure class='gallery-item'>\n\t\t\t<div class='gallery-icon landscape'>\n\t\t\t\t<a data-elementor-open-lightbox=\"yes\" data-elementor-lightbox-slideshow=\"7f87805\" data-elementor-lightbox-title=\"corrida familiar instituto aleman puerto montt 26\" data-e-action-hash=\"#elementor-action%3Aaction%3Dlightbox%26settings%3DeyJpZCI6MjE1MjIsInVybCI6Imh0dHBzOlwvXC9pYWxlbWFuLmNsXC93cC1jb250ZW50XC91cGxvYWRzXC8yMDIzXC8wNVwvY29ycmlkYS1mYW1pbGlhci1pbnN0aXR1dG8tYWxlbWFuLXB1ZXJ0by1tb250dC0yNi0xLmpwZyIsInNsaWRlc2hvdyI6IjdmODc4MDUifQ%3D%3D\" href='https:\/\/ialeman.cl\/wp-content\/uploads\/2023\/05\/corrida-familiar-instituto-aleman-puerto-montt-26-1.jpg'><img loading=\"lazy\" decoding=\"async\" width=\"768\" height=\"513\" src=\"https:\/\/ialeman.cl\/wp-content\/uploads\/2023\/05\/corrida-familiar-instituto-aleman-puerto-montt-26-1-768x513.jpg\" class=\"attachment-medium_large size-medium_large\" alt=\"\" srcset=\"https:\/\/ialeman.cl\/wp-content\/uploads\/2023\/05\/corrida-familiar-instituto-aleman-puerto-montt-26-1-768x513.jpg 768w, https:\/\/ialeman.cl\/wp-content\/uploads\/2023\/05\/corrida-familiar-instituto-aleman-puerto-montt-26-1-300x200.jpg 300w, https:\/\/ialeman.cl\/wp-content\/uploads\/2023\/05\/corrida-familiar-instituto-aleman-puerto-montt-26-1-1024x684.jpg 1024w, https:\/\/ialeman.cl\/wp-content\/uploads\/2023\/05\/corrida-familiar-instituto-aleman-puerto-montt-26-1.jpg 1200w\" sizes=\"(max-width: 768px) 100vw, 768px\" \/><\/a>\n\t\t\t<\/div><\/figure><figure class='gallery-item'>\n\t\t\t<div class='gallery-icon landscape'>\n\t\t\t\t<a data-elementor-open-lightbox=\"yes\" data-elementor-lightbox-slideshow=\"7f87805\" data-elementor-lightbox-title=\"corrida familiar instituto aleman puerto montt 27\" data-e-action-hash=\"#elementor-action%3Aaction%3Dlightbox%26settings%3DeyJpZCI6MjE1MjMsInVybCI6Imh0dHBzOlwvXC9pYWxlbWFuLmNsXC93cC1jb250ZW50XC91cGxvYWRzXC8yMDIzXC8wNVwvY29ycmlkYS1mYW1pbGlhci1pbnN0aXR1dG8tYWxlbWFuLXB1ZXJ0by1tb250dC0yNy0xLmpwZyIsInNsaWRlc2hvdyI6IjdmODc4MDUifQ%3D%3D\" href='https:\/\/ialeman.cl\/wp-content\/uploads\/2023\/05\/corrida-familiar-instituto-aleman-puerto-montt-27-1.jpg'><img loading=\"lazy\" decoding=\"async\" width=\"768\" height=\"513\" src=\"https:\/\/ialeman.cl\/wp-content\/uploads\/2023\/05\/corrida-familiar-instituto-aleman-puerto-montt-27-1-768x513.jpg\" class=\"attachment-medium_large size-medium_large\" alt=\"\" srcset=\"https:\/\/ialeman.cl\/wp-content\/uploads\/2023\/05\/corrida-familiar-instituto-aleman-puerto-montt-27-1-768x513.jpg 768w, https:\/\/ialeman.cl\/wp-content\/uploads\/2023\/05\/corrida-familiar-instituto-aleman-puerto-montt-27-1-300x200.jpg 300w, https:\/\/ialeman.cl\/wp-content\/uploads\/2023\/05\/corrida-familiar-instituto-aleman-puerto-montt-27-1-1024x684.jpg 1024w, https:\/\/ialeman.cl\/wp-content\/uploads\/2023\/05\/corrida-familiar-instituto-aleman-puerto-montt-27-1.jpg 1200w\" sizes=\"(max-width: 768px) 100vw, 768px\" \/><\/a>\n\t\t\t<\/div><\/figure><figure class='gallery-item'>\n\t\t\t<div class='gallery-icon landscape'>\n\t\t\t\t<a data-elementor-open-lightbox=\"yes\" data-elementor-lightbox-slideshow=\"7f87805\" data-elementor-lightbox-title=\"corrida familiar instituto aleman puerto montt 28\" data-e-action-hash=\"#elementor-action%3Aaction%3Dlightbox%26settings%3DeyJpZCI6MjE1MjQsInVybCI6Imh0dHBzOlwvXC9pYWxlbWFuLmNsXC93cC1jb250ZW50XC91cGxvYWRzXC8yMDIzXC8wNVwvY29ycmlkYS1mYW1pbGlhci1pbnN0aXR1dG8tYWxlbWFuLXB1ZXJ0by1tb250dC0yOC0xLmpwZyIsInNsaWRlc2hvdyI6IjdmODc4MDUifQ%3D%3D\" href='https:\/\/ialeman.cl\/wp-content\/uploads\/2023\/05\/corrida-familiar-instituto-aleman-puerto-montt-28-1.jpg'><img loading=\"lazy\" decoding=\"async\" width=\"768\" height=\"513\" src=\"https:\/\/ialeman.cl\/wp-content\/uploads\/2023\/05\/corrida-familiar-instituto-aleman-puerto-montt-28-1-768x513.jpg\" class=\"attachment-medium_large size-medium_large\" alt=\"\" srcset=\"https:\/\/ialeman.cl\/wp-content\/uploads\/2023\/05\/corrida-familiar-instituto-aleman-puerto-montt-28-1-768x513.jpg 768w, https:\/\/ialeman.cl\/wp-content\/uploads\/2023\/05\/corrida-familiar-instituto-aleman-puerto-montt-28-1-300x200.jpg 300w, https:\/\/ialeman.cl\/wp-content\/uploads\/2023\/05\/corrida-familiar-instituto-aleman-puerto-montt-28-1-1024x684.jpg 1024w, https:\/\/ialeman.cl\/wp-content\/uploads\/2023\/05\/corrida-familiar-instituto-aleman-puerto-montt-28-1.jpg 1200w\" sizes=\"(max-width: 768px) 100vw, 768px\" \/><\/a>\n\t\t\t<\/div><\/figure><figure class='gallery-item'>\n\t\t\t<div class='gallery-icon landscape'>\n\t\t\t\t<a data-elementor-open-lightbox=\"yes\" data-elementor-lightbox-slideshow=\"7f87805\" data-elementor-lightbox-title=\"corrida familiar instituto aleman puerto montt 29\" data-e-action-hash=\"#elementor-action%3Aaction%3Dlightbox%26settings%3DeyJpZCI6MjE1MjUsInVybCI6Imh0dHBzOlwvXC9pYWxlbWFuLmNsXC93cC1jb250ZW50XC91cGxvYWRzXC8yMDIzXC8wNVwvY29ycmlkYS1mYW1pbGlhci1pbnN0aXR1dG8tYWxlbWFuLXB1ZXJ0by1tb250dC0yOS0xLmpwZyIsInNsaWRlc2hvdyI6IjdmODc4MDUifQ%3D%3D\" href='https:\/\/ialeman.cl\/wp-content\/uploads\/2023\/05\/corrida-familiar-instituto-aleman-puerto-montt-29-1.jpg'><img loading=\"lazy\" decoding=\"async\" width=\"768\" height=\"513\" src=\"https:\/\/ialeman.cl\/wp-content\/uploads\/2023\/05\/corrida-familiar-instituto-aleman-puerto-montt-29-1-768x513.jpg\" class=\"attachment-medium_large size-medium_large\" alt=\"\" srcset=\"https:\/\/ialeman.cl\/wp-content\/uploads\/2023\/05\/corrida-familiar-instituto-aleman-puerto-montt-29-1-768x513.jpg 768w, https:\/\/ialeman.cl\/wp-content\/uploads\/2023\/05\/corrida-familiar-instituto-aleman-puerto-montt-29-1-300x200.jpg 300w, https:\/\/ialeman.cl\/wp-content\/uploads\/2023\/05\/corrida-familiar-instituto-aleman-puerto-montt-29-1-1024x684.jpg 1024w, https:\/\/ialeman.cl\/wp-content\/uploads\/2023\/05\/corrida-familiar-instituto-aleman-puerto-montt-29-1.jpg 1200w\" sizes=\"(max-width: 768px) 100vw, 768px\" \/><\/a>\n\t\t\t<\/div><\/figure><figure class='gallery-item'>\n\t\t\t<div class='gallery-icon landscape'>\n\t\t\t\t<a data-elementor-open-lightbox=\"yes\" data-elementor-lightbox-slideshow=\"7f87805\" data-elementor-lightbox-title=\"corrida familiar instituto aleman puerto montt 30\" data-e-action-hash=\"#elementor-action%3Aaction%3Dlightbox%26settings%3DeyJpZCI6MjE1MjYsInVybCI6Imh0dHBzOlwvXC9pYWxlbWFuLmNsXC93cC1jb250ZW50XC91cGxvYWRzXC8yMDIzXC8wNVwvY29ycmlkYS1mYW1pbGlhci1pbnN0aXR1dG8tYWxlbWFuLXB1ZXJ0by1tb250dC0zMC0xLmpwZyIsInNsaWRlc2hvdyI6IjdmODc4MDUifQ%3D%3D\" href='https:\/\/ialeman.cl\/wp-content\/uploads\/2023\/05\/corrida-familiar-instituto-aleman-puerto-montt-30-1.jpg'><img loading=\"lazy\" decoding=\"async\" width=\"768\" height=\"513\" src=\"https:\/\/ialeman.cl\/wp-content\/uploads\/2023\/05\/corrida-familiar-instituto-aleman-puerto-montt-30-1-768x513.jpg\" class=\"attachment-medium_large size-medium_large\" alt=\"\" srcset=\"https:\/\/ialeman.cl\/wp-content\/uploads\/2023\/05\/corrida-familiar-instituto-aleman-puerto-montt-30-1-768x513.jpg 768w, https:\/\/ialeman.cl\/wp-content\/uploads\/2023\/05\/corrida-familiar-instituto-aleman-puerto-montt-30-1-300x200.jpg 300w, https:\/\/ialeman.cl\/wp-content\/uploads\/2023\/05\/corrida-familiar-instituto-aleman-puerto-montt-30-1-1024x684.jpg 1024w, https:\/\/ialeman.cl\/wp-content\/uploads\/2023\/05\/corrida-familiar-instituto-aleman-puerto-montt-30-1.jpg 1200w\" sizes=\"(max-width: 768px) 100vw, 768px\" \/><\/a>\n\t\t\t<\/div><\/figure><figure class='gallery-item'>\n\t\t\t<div class='gallery-icon landscape'>\n\t\t\t\t<a data-elementor-open-lightbox=\"yes\" data-elementor-lightbox-slideshow=\"7f87805\" data-elementor-lightbox-title=\"corrida familiar instituto aleman puerto montt 31\" data-e-action-hash=\"#elementor-action%3Aaction%3Dlightbox%26settings%3DeyJpZCI6MjE1MjcsInVybCI6Imh0dHBzOlwvXC9pYWxlbWFuLmNsXC93cC1jb250ZW50XC91cGxvYWRzXC8yMDIzXC8wNVwvY29ycmlkYS1mYW1pbGlhci1pbnN0aXR1dG8tYWxlbWFuLXB1ZXJ0by1tb250dC0zMS0xLmpwZyIsInNsaWRlc2hvdyI6IjdmODc4MDUifQ%3D%3D\" href='https:\/\/ialeman.cl\/wp-content\/uploads\/2023\/05\/corrida-familiar-instituto-aleman-puerto-montt-31-1.jpg'><img loading=\"lazy\" decoding=\"async\" width=\"768\" height=\"513\" src=\"https:\/\/ialeman.cl\/wp-content\/uploads\/2023\/05\/corrida-familiar-instituto-aleman-puerto-montt-31-1-768x513.jpg\" class=\"attachment-medium_large size-medium_large\" alt=\"\" srcset=\"https:\/\/ialeman.cl\/wp-content\/uploads\/2023\/05\/corrida-familiar-instituto-aleman-puerto-montt-31-1-768x513.jpg 768w, https:\/\/ialeman.cl\/wp-content\/uploads\/2023\/05\/corrida-familiar-instituto-aleman-puerto-montt-31-1-300x200.jpg 300w, https:\/\/ialeman.cl\/wp-content\/uploads\/2023\/05\/corrida-familiar-instituto-aleman-puerto-montt-31-1-1024x684.jpg 1024w, https:\/\/ialeman.cl\/wp-content\/uploads\/2023\/05\/corrida-familiar-instituto-aleman-puerto-montt-31-1.jpg 1200w\" sizes=\"(max-width: 768px) 100vw, 768px\" \/><\/a>\n\t\t\t<\/div><\/figure><figure class='gallery-item'>\n\t\t\t<div class='gallery-icon landscape'>\n\t\t\t\t<a data-elementor-open-lightbox=\"yes\" data-elementor-lightbox-slideshow=\"7f87805\" data-elementor-lightbox-title=\"corrida familiar instituto aleman puerto montt 32\" data-e-action-hash=\"#elementor-action%3Aaction%3Dlightbox%26settings%3DeyJpZCI6MjE1MjgsInVybCI6Imh0dHBzOlwvXC9pYWxlbWFuLmNsXC93cC1jb250ZW50XC91cGxvYWRzXC8yMDIzXC8wNVwvY29ycmlkYS1mYW1pbGlhci1pbnN0aXR1dG8tYWxlbWFuLXB1ZXJ0by1tb250dC0zMi0xLmpwZyIsInNsaWRlc2hvdyI6IjdmODc4MDUifQ%3D%3D\" href='https:\/\/ialeman.cl\/wp-content\/uploads\/2023\/05\/corrida-familiar-instituto-aleman-puerto-montt-32-1.jpg'><img loading=\"lazy\" decoding=\"async\" width=\"768\" height=\"513\" src=\"https:\/\/ialeman.cl\/wp-content\/uploads\/2023\/05\/corrida-familiar-instituto-aleman-puerto-montt-32-1-768x513.jpg\" class=\"attachment-medium_large size-medium_large\" alt=\"\" srcset=\"https:\/\/ialeman.cl\/wp-content\/uploads\/2023\/05\/corrida-familiar-instituto-aleman-puerto-montt-32-1-768x513.jpg 768w, https:\/\/ialeman.cl\/wp-content\/uploads\/2023\/05\/corrida-familiar-instituto-aleman-puerto-montt-32-1-300x200.jpg 300w, https:\/\/ialeman.cl\/wp-content\/uploads\/2023\/05\/corrida-familiar-instituto-aleman-puerto-montt-32-1-1024x684.jpg 1024w, https:\/\/ialeman.cl\/wp-content\/uploads\/2023\/05\/corrida-familiar-instituto-aleman-puerto-montt-32-1.jpg 1200w\" sizes=\"(max-width: 768px) 100vw, 768px\" \/><\/a>\n\t\t\t<\/div><\/figure><figure class='gallery-item'>\n\t\t\t<div class='gallery-icon landscape'>\n\t\t\t\t<a data-elementor-open-lightbox=\"yes\" data-elementor-lightbox-slideshow=\"7f87805\" data-elementor-lightbox-title=\"corrida familiar instituto aleman puerto montt 33\" data-e-action-hash=\"#elementor-action%3Aaction%3Dlightbox%26settings%3DeyJpZCI6MjE1MjksInVybCI6Imh0dHBzOlwvXC9pYWxlbWFuLmNsXC93cC1jb250ZW50XC91cGxvYWRzXC8yMDIzXC8wNVwvY29ycmlkYS1mYW1pbGlhci1pbnN0aXR1dG8tYWxlbWFuLXB1ZXJ0by1tb250dC0zMy0xLmpwZyIsInNsaWRlc2hvdyI6IjdmODc4MDUifQ%3D%3D\" href='https:\/\/ialeman.cl\/wp-content\/uploads\/2023\/05\/corrida-familiar-instituto-aleman-puerto-montt-33-1.jpg'><img loading=\"lazy\" decoding=\"async\" width=\"768\" height=\"513\" src=\"https:\/\/ialeman.cl\/wp-content\/uploads\/2023\/05\/corrida-familiar-instituto-aleman-puerto-montt-33-1-768x513.jpg\" class=\"attachment-medium_large size-medium_large\" alt=\"\" srcset=\"https:\/\/ialeman.cl\/wp-content\/uploads\/2023\/05\/corrida-familiar-instituto-aleman-puerto-montt-33-1-768x513.jpg 768w, https:\/\/ialeman.cl\/wp-content\/uploads\/2023\/05\/corrida-familiar-instituto-aleman-puerto-montt-33-1-300x200.jpg 300w, https:\/\/ialeman.cl\/wp-content\/uploads\/2023\/05\/corrida-familiar-instituto-aleman-puerto-montt-33-1-1024x684.jpg 1024w, https:\/\/ialeman.cl\/wp-content\/uploads\/2023\/05\/corrida-familiar-instituto-aleman-puerto-montt-33-1.jpg 1200w\" sizes=\"(max-width: 768px) 100vw, 768px\" \/><\/a>\n\t\t\t<\/div><\/figure><figure class='gallery-item'>\n\t\t\t<div class='gallery-icon landscape'>\n\t\t\t\t<a data-elementor-open-lightbox=\"yes\" data-elementor-lightbox-slideshow=\"7f87805\" data-elementor-lightbox-title=\"corrida familiar instituto aleman puerto montt 34\" data-e-action-hash=\"#elementor-action%3Aaction%3Dlightbox%26settings%3DeyJpZCI6MjE1MzAsInVybCI6Imh0dHBzOlwvXC9pYWxlbWFuLmNsXC93cC1jb250ZW50XC91cGxvYWRzXC8yMDIzXC8wNVwvY29ycmlkYS1mYW1pbGlhci1pbnN0aXR1dG8tYWxlbWFuLXB1ZXJ0by1tb250dC0zNC0xLmpwZyIsInNsaWRlc2hvdyI6IjdmODc4MDUifQ%3D%3D\" href='https:\/\/ialeman.cl\/wp-content\/uploads\/2023\/05\/corrida-familiar-instituto-aleman-puerto-montt-34-1.jpg'><img loading=\"lazy\" decoding=\"async\" width=\"768\" height=\"513\" src=\"https:\/\/ialeman.cl\/wp-content\/uploads\/2023\/05\/corrida-familiar-instituto-aleman-puerto-montt-34-1-768x513.jpg\" class=\"attachment-medium_large size-medium_large\" alt=\"\" srcset=\"https:\/\/ialeman.cl\/wp-content\/uploads\/2023\/05\/corrida-familiar-instituto-aleman-puerto-montt-34-1-768x513.jpg 768w, https:\/\/ialeman.cl\/wp-content\/uploads\/2023\/05\/corrida-familiar-instituto-aleman-puerto-montt-34-1-300x200.jpg 300w, https:\/\/ialeman.cl\/wp-content\/uploads\/2023\/05\/corrida-familiar-instituto-aleman-puerto-montt-34-1-1024x684.jpg 1024w, https:\/\/ialeman.cl\/wp-content\/uploads\/2023\/05\/corrida-familiar-instituto-aleman-puerto-montt-34-1.jpg 1200w\" sizes=\"(max-width: 768px) 100vw, 768px\" \/><\/a>\n\t\t\t<\/div><\/figure><figure class='gallery-item'>\n\t\t\t<div class='gallery-icon landscape'>\n\t\t\t\t<a data-elementor-open-lightbox=\"yes\" data-elementor-lightbox-slideshow=\"7f87805\" data-elementor-lightbox-title=\"corrida familiar instituto aleman puerto montt 35\" data-e-action-hash=\"#elementor-action%3Aaction%3Dlightbox%26settings%3DeyJpZCI6MjE1MzEsInVybCI6Imh0dHBzOlwvXC9pYWxlbWFuLmNsXC93cC1jb250ZW50XC91cGxvYWRzXC8yMDIzXC8wNVwvY29ycmlkYS1mYW1pbGlhci1pbnN0aXR1dG8tYWxlbWFuLXB1ZXJ0by1tb250dC0zNS0xLmpwZyIsInNsaWRlc2hvdyI6IjdmODc4MDUifQ%3D%3D\" href='https:\/\/ialeman.cl\/wp-content\/uploads\/2023\/05\/corrida-familiar-instituto-aleman-puerto-montt-35-1.jpg'><img loading=\"lazy\" decoding=\"async\" width=\"768\" height=\"513\" src=\"https:\/\/ialeman.cl\/wp-content\/uploads\/2023\/05\/corrida-familiar-instituto-aleman-puerto-montt-35-1-768x513.jpg\" class=\"attachment-medium_large size-medium_large\" alt=\"\" srcset=\"https:\/\/ialeman.cl\/wp-content\/uploads\/2023\/05\/corrida-familiar-instituto-aleman-puerto-montt-35-1-768x513.jpg 768w, https:\/\/ialeman.cl\/wp-content\/uploads\/2023\/05\/corrida-familiar-instituto-aleman-puerto-montt-35-1-300x200.jpg 300w, https:\/\/ialeman.cl\/wp-content\/uploads\/2023\/05\/corrida-familiar-instituto-aleman-puerto-montt-35-1-1024x684.jpg 1024w, https:\/\/ialeman.cl\/wp-content\/uploads\/2023\/05\/corrida-familiar-instituto-aleman-puerto-montt-35-1.jpg 1200w\" sizes=\"(max-width: 768px) 100vw, 768px\" \/><\/a>\n\t\t\t<\/div><\/figure><figure class='gallery-item'>\n\t\t\t<div class='gallery-icon landscape'>\n\t\t\t\t<a data-elementor-open-lightbox=\"yes\" data-elementor-lightbox-slideshow=\"7f87805\" data-elementor-lightbox-title=\"corrida familiar instituto aleman puerto montt 36\" data-e-action-hash=\"#elementor-action%3Aaction%3Dlightbox%26settings%3DeyJpZCI6MjE1MzIsInVybCI6Imh0dHBzOlwvXC9pYWxlbWFuLmNsXC93cC1jb250ZW50XC91cGxvYWRzXC8yMDIzXC8wNVwvY29ycmlkYS1mYW1pbGlhci1pbnN0aXR1dG8tYWxlbWFuLXB1ZXJ0by1tb250dC0zNi0xLmpwZyIsInNsaWRlc2hvdyI6IjdmODc4MDUifQ%3D%3D\" href='https:\/\/ialeman.cl\/wp-content\/uploads\/2023\/05\/corrida-familiar-instituto-aleman-puerto-montt-36-1.jpg'><img loading=\"lazy\" decoding=\"async\" width=\"768\" height=\"513\" src=\"https:\/\/ialeman.cl\/wp-content\/uploads\/2023\/05\/corrida-familiar-instituto-aleman-puerto-montt-36-1-768x513.jpg\" class=\"attachment-medium_large size-medium_large\" alt=\"\" srcset=\"https:\/\/ialeman.cl\/wp-content\/uploads\/2023\/05\/corrida-familiar-instituto-aleman-puerto-montt-36-1-768x513.jpg 768w, https:\/\/ialeman.cl\/wp-content\/uploads\/2023\/05\/corrida-familiar-instituto-aleman-puerto-montt-36-1-300x200.jpg 300w, https:\/\/ialeman.cl\/wp-content\/uploads\/2023\/05\/corrida-familiar-instituto-aleman-puerto-montt-36-1-1024x684.jpg 1024w, https:\/\/ialeman.cl\/wp-content\/uploads\/2023\/05\/corrida-familiar-instituto-aleman-puerto-montt-36-1.jpg 1200w\" sizes=\"(max-width: 768px) 100vw, 768px\" \/><\/a>\n\t\t\t<\/div><\/figure><figure class='gallery-item'>\n\t\t\t<div class='gallery-icon landscape'>\n\t\t\t\t<a data-elementor-open-lightbox=\"yes\" data-elementor-lightbox-slideshow=\"7f87805\" data-elementor-lightbox-title=\"corrida familiar instituto aleman puerto montt 37\" data-e-action-hash=\"#elementor-action%3Aaction%3Dlightbox%26settings%3DeyJpZCI6MjE1MzMsInVybCI6Imh0dHBzOlwvXC9pYWxlbWFuLmNsXC93cC1jb250ZW50XC91cGxvYWRzXC8yMDIzXC8wNVwvY29ycmlkYS1mYW1pbGlhci1pbnN0aXR1dG8tYWxlbWFuLXB1ZXJ0by1tb250dC0zNy0xLmpwZyIsInNsaWRlc2hvdyI6IjdmODc4MDUifQ%3D%3D\" href='https:\/\/ialeman.cl\/wp-content\/uploads\/2023\/05\/corrida-familiar-instituto-aleman-puerto-montt-37-1.jpg'><img loading=\"lazy\" decoding=\"async\" width=\"768\" height=\"513\" src=\"https:\/\/ialeman.cl\/wp-content\/uploads\/2023\/05\/corrida-familiar-instituto-aleman-puerto-montt-37-1-768x513.jpg\" class=\"attachment-medium_large size-medium_large\" alt=\"\" srcset=\"https:\/\/ialeman.cl\/wp-content\/uploads\/2023\/05\/corrida-familiar-instituto-aleman-puerto-montt-37-1-768x513.jpg 768w, https:\/\/ialeman.cl\/wp-content\/uploads\/2023\/05\/corrida-familiar-instituto-aleman-puerto-montt-37-1-300x200.jpg 300w, https:\/\/ialeman.cl\/wp-content\/uploads\/2023\/05\/corrida-familiar-instituto-aleman-puerto-montt-37-1-1024x684.jpg 1024w, https:\/\/ialeman.cl\/wp-content\/uploads\/2023\/05\/corrida-familiar-instituto-aleman-puerto-montt-37-1.jpg 1200w\" sizes=\"(max-width: 768px) 100vw, 768px\" \/><\/a>\n\t\t\t<\/div><\/figure><figure class='gallery-item'>\n\t\t\t<div class='gallery-icon landscape'>\n\t\t\t\t<a data-elementor-open-lightbox=\"yes\" data-elementor-lightbox-slideshow=\"7f87805\" data-elementor-lightbox-title=\"corrida familiar instituto aleman puerto montt 38\" data-e-action-hash=\"#elementor-action%3Aaction%3Dlightbox%26settings%3DeyJpZCI6MjE1MzQsInVybCI6Imh0dHBzOlwvXC9pYWxlbWFuLmNsXC93cC1jb250ZW50XC91cGxvYWRzXC8yMDIzXC8wNVwvY29ycmlkYS1mYW1pbGlhci1pbnN0aXR1dG8tYWxlbWFuLXB1ZXJ0by1tb250dC0zOC0xLmpwZyIsInNsaWRlc2hvdyI6IjdmODc4MDUifQ%3D%3D\" href='https:\/\/ialeman.cl\/wp-content\/uploads\/2023\/05\/corrida-familiar-instituto-aleman-puerto-montt-38-1.jpg'><img loading=\"lazy\" decoding=\"async\" width=\"768\" height=\"513\" src=\"https:\/\/ialeman.cl\/wp-content\/uploads\/2023\/05\/corrida-familiar-instituto-aleman-puerto-montt-38-1-768x513.jpg\" class=\"attachment-medium_large size-medium_large\" alt=\"\" srcset=\"https:\/\/ialeman.cl\/wp-content\/uploads\/2023\/05\/corrida-familiar-instituto-aleman-puerto-montt-38-1-768x513.jpg 768w, https:\/\/ialeman.cl\/wp-content\/uploads\/2023\/05\/corrida-familiar-instituto-aleman-puerto-montt-38-1-300x200.jpg 300w, https:\/\/ialeman.cl\/wp-content\/uploads\/2023\/05\/corrida-familiar-instituto-aleman-puerto-montt-38-1-1024x684.jpg 1024w, https:\/\/ialeman.cl\/wp-content\/uploads\/2023\/05\/corrida-familiar-instituto-aleman-puerto-montt-38-1.jpg 1200w\" sizes=\"(max-width: 768px) 100vw, 768px\" \/><\/a>\n\t\t\t<\/div><\/figure><figure class='gallery-item'>\n\t\t\t<div class='gallery-icon landscape'>\n\t\t\t\t<a data-elementor-open-lightbox=\"yes\" data-elementor-lightbox-slideshow=\"7f87805\" data-elementor-lightbox-title=\"corrida familiar instituto aleman puerto montt 39\" data-e-action-hash=\"#elementor-action%3Aaction%3Dlightbox%26settings%3DeyJpZCI6MjE1MzUsInVybCI6Imh0dHBzOlwvXC9pYWxlbWFuLmNsXC93cC1jb250ZW50XC91cGxvYWRzXC8yMDIzXC8wNVwvY29ycmlkYS1mYW1pbGlhci1pbnN0aXR1dG8tYWxlbWFuLXB1ZXJ0by1tb250dC0zOS0xLmpwZyIsInNsaWRlc2hvdyI6IjdmODc4MDUifQ%3D%3D\" href='https:\/\/ialeman.cl\/wp-content\/uploads\/2023\/05\/corrida-familiar-instituto-aleman-puerto-montt-39-1.jpg'><img loading=\"lazy\" decoding=\"async\" width=\"768\" height=\"513\" src=\"https:\/\/ialeman.cl\/wp-content\/uploads\/2023\/05\/corrida-familiar-instituto-aleman-puerto-montt-39-1-768x513.jpg\" class=\"attachment-medium_large size-medium_large\" alt=\"\" srcset=\"https:\/\/ialeman.cl\/wp-content\/uploads\/2023\/05\/corrida-familiar-instituto-aleman-puerto-montt-39-1-768x513.jpg 768w, https:\/\/ialeman.cl\/wp-content\/uploads\/2023\/05\/corrida-familiar-instituto-aleman-puerto-montt-39-1-300x200.jpg 300w, https:\/\/ialeman.cl\/wp-content\/uploads\/2023\/05\/corrida-familiar-instituto-aleman-puerto-montt-39-1-1024x684.jpg 1024w, https:\/\/ialeman.cl\/wp-content\/uploads\/2023\/05\/corrida-familiar-instituto-aleman-puerto-montt-39-1.jpg 1200w\" sizes=\"(max-width: 768px) 100vw, 768px\" \/><\/a>\n\t\t\t<\/div><\/figure><figure class='gallery-item'>\n\t\t\t<div class='gallery-icon landscape'>\n\t\t\t\t<a data-elementor-open-lightbox=\"yes\" data-elementor-lightbox-slideshow=\"7f87805\" data-elementor-lightbox-title=\"corrida familiar instituto aleman puerto montt 40\" data-e-action-hash=\"#elementor-action%3Aaction%3Dlightbox%26settings%3DeyJpZCI6MjE1MzYsInVybCI6Imh0dHBzOlwvXC9pYWxlbWFuLmNsXC93cC1jb250ZW50XC91cGxvYWRzXC8yMDIzXC8wNVwvY29ycmlkYS1mYW1pbGlhci1pbnN0aXR1dG8tYWxlbWFuLXB1ZXJ0by1tb250dC00MC0xLmpwZyIsInNsaWRlc2hvdyI6IjdmODc4MDUifQ%3D%3D\" href='https:\/\/ialeman.cl\/wp-content\/uploads\/2023\/05\/corrida-familiar-instituto-aleman-puerto-montt-40-1.jpg'><img loading=\"lazy\" decoding=\"async\" width=\"768\" height=\"513\" src=\"https:\/\/ialeman.cl\/wp-content\/uploads\/2023\/05\/corrida-familiar-instituto-aleman-puerto-montt-40-1-768x513.jpg\" class=\"attachment-medium_large size-medium_large\" alt=\"\" srcset=\"https:\/\/ialeman.cl\/wp-content\/uploads\/2023\/05\/corrida-familiar-instituto-aleman-puerto-montt-40-1-768x513.jpg 768w, https:\/\/ialeman.cl\/wp-content\/uploads\/2023\/05\/corrida-familiar-instituto-aleman-puerto-montt-40-1-300x200.jpg 300w, https:\/\/ialeman.cl\/wp-content\/uploads\/2023\/05\/corrida-familiar-instituto-aleman-puerto-montt-40-1-1024x684.jpg 1024w, https:\/\/ialeman.cl\/wp-content\/uploads\/2023\/05\/corrida-familiar-instituto-aleman-puerto-montt-40-1.jpg 1200w\" sizes=\"(max-width: 768px) 100vw, 768px\" \/><\/a>\n\t\t\t<\/div><\/figure><figure class='gallery-item'>\n\t\t\t<div class='gallery-icon landscape'>\n\t\t\t\t<a data-elementor-open-lightbox=\"yes\" data-elementor-lightbox-slideshow=\"7f87805\" data-elementor-lightbox-title=\"corrida familiar instituto aleman puerto montt 41\" data-e-action-hash=\"#elementor-action%3Aaction%3Dlightbox%26settings%3DeyJpZCI6MjE1MzcsInVybCI6Imh0dHBzOlwvXC9pYWxlbWFuLmNsXC93cC1jb250ZW50XC91cGxvYWRzXC8yMDIzXC8wNVwvY29ycmlkYS1mYW1pbGlhci1pbnN0aXR1dG8tYWxlbWFuLXB1ZXJ0by1tb250dC00MS0xLmpwZyIsInNsaWRlc2hvdyI6IjdmODc4MDUifQ%3D%3D\" href='https:\/\/ialeman.cl\/wp-content\/uploads\/2023\/05\/corrida-familiar-instituto-aleman-puerto-montt-41-1.jpg'><img loading=\"lazy\" decoding=\"async\" width=\"768\" height=\"513\" src=\"https:\/\/ialeman.cl\/wp-content\/uploads\/2023\/05\/corrida-familiar-instituto-aleman-puerto-montt-41-1-768x513.jpg\" class=\"attachment-medium_large size-medium_large\" alt=\"\" srcset=\"https:\/\/ialeman.cl\/wp-content\/uploads\/2023\/05\/corrida-familiar-instituto-aleman-puerto-montt-41-1-768x513.jpg 768w, https:\/\/ialeman.cl\/wp-content\/uploads\/2023\/05\/corrida-familiar-instituto-aleman-puerto-montt-41-1-300x200.jpg 300w, https:\/\/ialeman.cl\/wp-content\/uploads\/2023\/05\/corrida-familiar-instituto-aleman-puerto-montt-41-1-1024x684.jpg 1024w, https:\/\/ialeman.cl\/wp-content\/uploads\/2023\/05\/corrida-familiar-instituto-aleman-puerto-montt-41-1.jpg 1200w\" sizes=\"(max-width: 768px) 100vw, 768px\" \/><\/a>\n\t\t\t<\/div><\/figure><figure class='gallery-item'>\n\t\t\t<div class='gallery-icon landscape'>\n\t\t\t\t<a data-elementor-open-lightbox=\"yes\" data-elementor-lightbox-slideshow=\"7f87805\" data-elementor-lightbox-title=\"corrida familiar instituto aleman puerto montt 42\" data-e-action-hash=\"#elementor-action%3Aaction%3Dlightbox%26settings%3DeyJpZCI6MjE1MzgsInVybCI6Imh0dHBzOlwvXC9pYWxlbWFuLmNsXC93cC1jb250ZW50XC91cGxvYWRzXC8yMDIzXC8wNVwvY29ycmlkYS1mYW1pbGlhci1pbnN0aXR1dG8tYWxlbWFuLXB1ZXJ0by1tb250dC00Mi0xLmpwZyIsInNsaWRlc2hvdyI6IjdmODc4MDUifQ%3D%3D\" href='https:\/\/ialeman.cl\/wp-content\/uploads\/2023\/05\/corrida-familiar-instituto-aleman-puerto-montt-42-1.jpg'><img loading=\"lazy\" decoding=\"async\" width=\"768\" height=\"513\" src=\"https:\/\/ialeman.cl\/wp-content\/uploads\/2023\/05\/corrida-familiar-instituto-aleman-puerto-montt-42-1-768x513.jpg\" class=\"attachment-medium_large size-medium_large\" alt=\"\" srcset=\"https:\/\/ialeman.cl\/wp-content\/uploads\/2023\/05\/corrida-familiar-instituto-aleman-puerto-montt-42-1-768x513.jpg 768w, https:\/\/ialeman.cl\/wp-content\/uploads\/2023\/05\/corrida-familiar-instituto-aleman-puerto-montt-42-1-300x200.jpg 300w, https:\/\/ialeman.cl\/wp-content\/uploads\/2023\/05\/corrida-familiar-instituto-aleman-puerto-montt-42-1-1024x684.jpg 1024w, https:\/\/ialeman.cl\/wp-content\/uploads\/2023\/05\/corrida-familiar-instituto-aleman-puerto-montt-42-1.jpg 1200w\" sizes=\"(max-width: 768px) 100vw, 768px\" \/><\/a>\n\t\t\t<\/div><\/figure><figure class='gallery-item'>\n\t\t\t<div class='gallery-icon landscape'>\n\t\t\t\t<a data-elementor-open-lightbox=\"yes\" data-elementor-lightbox-slideshow=\"7f87805\" data-elementor-lightbox-title=\"corrida familiar instituto aleman puerto montt 43\" data-e-action-hash=\"#elementor-action%3Aaction%3Dlightbox%26settings%3DeyJpZCI6MjE1MzksInVybCI6Imh0dHBzOlwvXC9pYWxlbWFuLmNsXC93cC1jb250ZW50XC91cGxvYWRzXC8yMDIzXC8wNVwvY29ycmlkYS1mYW1pbGlhci1pbnN0aXR1dG8tYWxlbWFuLXB1ZXJ0by1tb250dC00My0xLmpwZyIsInNsaWRlc2hvdyI6IjdmODc4MDUifQ%3D%3D\" href='https:\/\/ialeman.cl\/wp-content\/uploads\/2023\/05\/corrida-familiar-instituto-aleman-puerto-montt-43-1.jpg'><img loading=\"lazy\" decoding=\"async\" width=\"768\" height=\"513\" src=\"https:\/\/ialeman.cl\/wp-content\/uploads\/2023\/05\/corrida-familiar-instituto-aleman-puerto-montt-43-1-768x513.jpg\" class=\"attachment-medium_large size-medium_large\" alt=\"\" srcset=\"https:\/\/ialeman.cl\/wp-content\/uploads\/2023\/05\/corrida-familiar-instituto-aleman-puerto-montt-43-1-768x513.jpg 768w, https:\/\/ialeman.cl\/wp-content\/uploads\/2023\/05\/corrida-familiar-instituto-aleman-puerto-montt-43-1-300x200.jpg 300w, https:\/\/ialeman.cl\/wp-content\/uploads\/2023\/05\/corrida-familiar-instituto-aleman-puerto-montt-43-1-1024x684.jpg 1024w, https:\/\/ialeman.cl\/wp-content\/uploads\/2023\/05\/corrida-familiar-instituto-aleman-puerto-montt-43-1.jpg 1200w\" sizes=\"(max-width: 768px) 100vw, 768px\" \/><\/a>\n\t\t\t<\/div><\/figure><figure class='gallery-item'>\n\t\t\t<div class='gallery-icon landscape'>\n\t\t\t\t<a data-elementor-open-lightbox=\"yes\" data-elementor-lightbox-slideshow=\"7f87805\" data-elementor-lightbox-title=\"corrida familiar instituto aleman puerto montt 45\" data-e-action-hash=\"#elementor-action%3Aaction%3Dlightbox%26settings%3DeyJpZCI6MjE1NDAsInVybCI6Imh0dHBzOlwvXC9pYWxlbWFuLmNsXC93cC1jb250ZW50XC91cGxvYWRzXC8yMDIzXC8wNVwvY29ycmlkYS1mYW1pbGlhci1pbnN0aXR1dG8tYWxlbWFuLXB1ZXJ0by1tb250dC00NS0xLmpwZyIsInNsaWRlc2hvdyI6IjdmODc4MDUifQ%3D%3D\" href='https:\/\/ialeman.cl\/wp-content\/uploads\/2023\/05\/corrida-familiar-instituto-aleman-puerto-montt-45-1.jpg'><img loading=\"lazy\" decoding=\"async\" width=\"768\" height=\"513\" src=\"https:\/\/ialeman.cl\/wp-content\/uploads\/2023\/05\/corrida-familiar-instituto-aleman-puerto-montt-45-1-768x513.jpg\" class=\"attachment-medium_large size-medium_large\" alt=\"\" srcset=\"https:\/\/ialeman.cl\/wp-content\/uploads\/2023\/05\/corrida-familiar-instituto-aleman-puerto-montt-45-1-768x513.jpg 768w, https:\/\/ialeman.cl\/wp-content\/uploads\/2023\/05\/corrida-familiar-instituto-aleman-puerto-montt-45-1-300x200.jpg 300w, https:\/\/ialeman.cl\/wp-content\/uploads\/2023\/05\/corrida-familiar-instituto-aleman-puerto-montt-45-1-1024x684.jpg 1024w, https:\/\/ialeman.cl\/wp-content\/uploads\/2023\/05\/corrida-familiar-instituto-aleman-puerto-montt-45-1.jpg 1200w\" sizes=\"(max-width: 768px) 100vw, 768px\" \/><\/a>\n\t\t\t<\/div><\/figure><figure class='gallery-item'>\n\t\t\t<div class='gallery-icon landscape'>\n\t\t\t\t<a data-elementor-open-lightbox=\"yes\" data-elementor-lightbox-slideshow=\"7f87805\" data-elementor-lightbox-title=\"corrida familiar instituto aleman puerto montt 46\" data-e-action-hash=\"#elementor-action%3Aaction%3Dlightbox%26settings%3DeyJpZCI6MjE1NDEsInVybCI6Imh0dHBzOlwvXC9pYWxlbWFuLmNsXC93cC1jb250ZW50XC91cGxvYWRzXC8yMDIzXC8wNVwvY29ycmlkYS1mYW1pbGlhci1pbnN0aXR1dG8tYWxlbWFuLXB1ZXJ0by1tb250dC00Ni0xLmpwZyIsInNsaWRlc2hvdyI6IjdmODc4MDUifQ%3D%3D\" href='https:\/\/ialeman.cl\/wp-content\/uploads\/2023\/05\/corrida-familiar-instituto-aleman-puerto-montt-46-1.jpg'><img loading=\"lazy\" decoding=\"async\" width=\"768\" height=\"513\" src=\"https:\/\/ialeman.cl\/wp-content\/uploads\/2023\/05\/corrida-familiar-instituto-aleman-puerto-montt-46-1-768x513.jpg\" class=\"attachment-medium_large size-medium_large\" alt=\"\" srcset=\"https:\/\/ialeman.cl\/wp-content\/uploads\/2023\/05\/corrida-familiar-instituto-aleman-puerto-montt-46-1-768x513.jpg 768w, https:\/\/ialeman.cl\/wp-content\/uploads\/2023\/05\/corrida-familiar-instituto-aleman-puerto-montt-46-1-300x200.jpg 300w, https:\/\/ialeman.cl\/wp-content\/uploads\/2023\/05\/corrida-familiar-instituto-aleman-puerto-montt-46-1-1024x684.jpg 1024w, https:\/\/ialeman.cl\/wp-content\/uploads\/2023\/05\/corrida-familiar-instituto-aleman-puerto-montt-46-1.jpg 1200w\" sizes=\"(max-width: 768px) 100vw, 768px\" \/><\/a>\n\t\t\t<\/div><\/figure><figure class='gallery-item'>\n\t\t\t<div class='gallery-icon landscape'>\n\t\t\t\t<a data-elementor-open-lightbox=\"yes\" data-elementor-lightbox-slideshow=\"7f87805\" data-elementor-lightbox-title=\"corrida familiar instituto aleman puerto montt 47\" data-e-action-hash=\"#elementor-action%3Aaction%3Dlightbox%26settings%3DeyJpZCI6MjE1NDIsInVybCI6Imh0dHBzOlwvXC9pYWxlbWFuLmNsXC93cC1jb250ZW50XC91cGxvYWRzXC8yMDIzXC8wNVwvY29ycmlkYS1mYW1pbGlhci1pbnN0aXR1dG8tYWxlbWFuLXB1ZXJ0by1tb250dC00Ny0xLmpwZyIsInNsaWRlc2hvdyI6IjdmODc4MDUifQ%3D%3D\" href='https:\/\/ialeman.cl\/wp-content\/uploads\/2023\/05\/corrida-familiar-instituto-aleman-puerto-montt-47-1.jpg'><img loading=\"lazy\" decoding=\"async\" width=\"768\" height=\"513\" src=\"https:\/\/ialeman.cl\/wp-content\/uploads\/2023\/05\/corrida-familiar-instituto-aleman-puerto-montt-47-1-768x513.jpg\" class=\"attachment-medium_large size-medium_large\" alt=\"\" srcset=\"https:\/\/ialeman.cl\/wp-content\/uploads\/2023\/05\/corrida-familiar-instituto-aleman-puerto-montt-47-1-768x513.jpg 768w, https:\/\/ialeman.cl\/wp-content\/uploads\/2023\/05\/corrida-familiar-instituto-aleman-puerto-montt-47-1-300x200.jpg 300w, https:\/\/ialeman.cl\/wp-content\/uploads\/2023\/05\/corrida-familiar-instituto-aleman-puerto-montt-47-1-1024x684.jpg 1024w, https:\/\/ialeman.cl\/wp-content\/uploads\/2023\/05\/corrida-familiar-instituto-aleman-puerto-montt-47-1.jpg 1200w\" sizes=\"(max-width: 768px) 100vw, 768px\" \/><\/a>\n\t\t\t<\/div><\/figure><figure class='gallery-item'>\n\t\t\t<div class='gallery-icon landscape'>\n\t\t\t\t<a data-elementor-open-lightbox=\"yes\" data-elementor-lightbox-slideshow=\"7f87805\" data-elementor-lightbox-title=\"corrida familiar instituto aleman puerto montt 48\" data-e-action-hash=\"#elementor-action%3Aaction%3Dlightbox%26settings%3DeyJpZCI6MjE1NDMsInVybCI6Imh0dHBzOlwvXC9pYWxlbWFuLmNsXC93cC1jb250ZW50XC91cGxvYWRzXC8yMDIzXC8wNVwvY29ycmlkYS1mYW1pbGlhci1pbnN0aXR1dG8tYWxlbWFuLXB1ZXJ0by1tb250dC00OC0xLmpwZyIsInNsaWRlc2hvdyI6IjdmODc4MDUifQ%3D%3D\" href='https:\/\/ialeman.cl\/wp-content\/uploads\/2023\/05\/corrida-familiar-instituto-aleman-puerto-montt-48-1.jpg'><img loading=\"lazy\" decoding=\"async\" width=\"768\" height=\"513\" src=\"https:\/\/ialeman.cl\/wp-content\/uploads\/2023\/05\/corrida-familiar-instituto-aleman-puerto-montt-48-1-768x513.jpg\" class=\"attachment-medium_large size-medium_large\" alt=\"\" srcset=\"https:\/\/ialeman.cl\/wp-content\/uploads\/2023\/05\/corrida-familiar-instituto-aleman-puerto-montt-48-1-768x513.jpg 768w, https:\/\/ialeman.cl\/wp-content\/uploads\/2023\/05\/corrida-familiar-instituto-aleman-puerto-montt-48-1-300x200.jpg 300w, https:\/\/ialeman.cl\/wp-content\/uploads\/2023\/05\/corrida-familiar-instituto-aleman-puerto-montt-48-1-1024x684.jpg 1024w, https:\/\/ialeman.cl\/wp-content\/uploads\/2023\/05\/corrida-familiar-instituto-aleman-puerto-montt-48-1.jpg 1200w\" sizes=\"(max-width: 768px) 100vw, 768px\" \/><\/a>\n\t\t\t<\/div><\/figure><figure class='gallery-item'>\n\t\t\t<div class='gallery-icon landscape'>\n\t\t\t\t<a data-elementor-open-lightbox=\"yes\" data-elementor-lightbox-slideshow=\"7f87805\" data-elementor-lightbox-title=\"corrida familiar instituto aleman puerto montt 49\" data-e-action-hash=\"#elementor-action%3Aaction%3Dlightbox%26settings%3DeyJpZCI6MjE1NDQsInVybCI6Imh0dHBzOlwvXC9pYWxlbWFuLmNsXC93cC1jb250ZW50XC91cGxvYWRzXC8yMDIzXC8wNVwvY29ycmlkYS1mYW1pbGlhci1pbnN0aXR1dG8tYWxlbWFuLXB1ZXJ0by1tb250dC00OS0xLmpwZyIsInNsaWRlc2hvdyI6IjdmODc4MDUifQ%3D%3D\" href='https:\/\/ialeman.cl\/wp-content\/uploads\/2023\/05\/corrida-familiar-instituto-aleman-puerto-montt-49-1.jpg'><img loading=\"lazy\" decoding=\"async\" width=\"768\" height=\"513\" src=\"https:\/\/ialeman.cl\/wp-content\/uploads\/2023\/05\/corrida-familiar-instituto-aleman-puerto-montt-49-1-768x513.jpg\" class=\"attachment-medium_large size-medium_large\" alt=\"\" srcset=\"https:\/\/ialeman.cl\/wp-content\/uploads\/2023\/05\/corrida-familiar-instituto-aleman-puerto-montt-49-1-768x513.jpg 768w, https:\/\/ialeman.cl\/wp-content\/uploads\/2023\/05\/corrida-familiar-instituto-aleman-puerto-montt-49-1-300x200.jpg 300w, https:\/\/ialeman.cl\/wp-content\/uploads\/2023\/05\/corrida-familiar-instituto-aleman-puerto-montt-49-1-1024x684.jpg 1024w, https:\/\/ialeman.cl\/wp-content\/uploads\/2023\/05\/corrida-familiar-instituto-aleman-puerto-montt-49-1.jpg 1200w\" sizes=\"(max-width: 768px) 100vw, 768px\" \/><\/a>\n\t\t\t<\/div><\/figure><figure class='gallery-item'>\n\t\t\t<div class='gallery-icon landscape'>\n\t\t\t\t<a data-elementor-open-lightbox=\"yes\" data-elementor-lightbox-slideshow=\"7f87805\" data-elementor-lightbox-title=\"corrida familiar instituto aleman puerto montt 50\" data-e-action-hash=\"#elementor-action%3Aaction%3Dlightbox%26settings%3DeyJpZCI6MjE1NDUsInVybCI6Imh0dHBzOlwvXC9pYWxlbWFuLmNsXC93cC1jb250ZW50XC91cGxvYWRzXC8yMDIzXC8wNVwvY29ycmlkYS1mYW1pbGlhci1pbnN0aXR1dG8tYWxlbWFuLXB1ZXJ0by1tb250dC01MC0xLmpwZyIsInNsaWRlc2hvdyI6IjdmODc4MDUifQ%3D%3D\" href='https:\/\/ialeman.cl\/wp-content\/uploads\/2023\/05\/corrida-familiar-instituto-aleman-puerto-montt-50-1.jpg'><img loading=\"lazy\" decoding=\"async\" width=\"768\" height=\"513\" src=\"https:\/\/ialeman.cl\/wp-content\/uploads\/2023\/05\/corrida-familiar-instituto-aleman-puerto-montt-50-1-768x513.jpg\" class=\"attachment-medium_large size-medium_large\" alt=\"\" srcset=\"https:\/\/ialeman.cl\/wp-content\/uploads\/2023\/05\/corrida-familiar-instituto-aleman-puerto-montt-50-1-768x513.jpg 768w, https:\/\/ialeman.cl\/wp-content\/uploads\/2023\/05\/corrida-familiar-instituto-aleman-puerto-montt-50-1-300x200.jpg 300w, https:\/\/ialeman.cl\/wp-content\/uploads\/2023\/05\/corrida-familiar-instituto-aleman-puerto-montt-50-1-1024x684.jpg 1024w, https:\/\/ialeman.cl\/wp-content\/uploads\/2023\/05\/corrida-familiar-instituto-aleman-puerto-montt-50-1.jpg 1200w\" sizes=\"(max-width: 768px) 100vw, 768px\" \/><\/a>\n\t\t\t<\/div><\/figure><figure class='gallery-item'>\n\t\t\t<div class='gallery-icon landscape'>\n\t\t\t\t<a data-elementor-open-lightbox=\"yes\" data-elementor-lightbox-slideshow=\"7f87805\" data-elementor-lightbox-title=\"corrida familiar instituto aleman puerto montt 51\" data-e-action-hash=\"#elementor-action%3Aaction%3Dlightbox%26settings%3DeyJpZCI6MjE1NDYsInVybCI6Imh0dHBzOlwvXC9pYWxlbWFuLmNsXC93cC1jb250ZW50XC91cGxvYWRzXC8yMDIzXC8wNVwvY29ycmlkYS1mYW1pbGlhci1pbnN0aXR1dG8tYWxlbWFuLXB1ZXJ0by1tb250dC01MS0xLmpwZyIsInNsaWRlc2hvdyI6IjdmODc4MDUifQ%3D%3D\" href='https:\/\/ialeman.cl\/wp-content\/uploads\/2023\/05\/corrida-familiar-instituto-aleman-puerto-montt-51-1.jpg'><img loading=\"lazy\" decoding=\"async\" width=\"768\" height=\"513\" src=\"https:\/\/ialeman.cl\/wp-content\/uploads\/2023\/05\/corrida-familiar-instituto-aleman-puerto-montt-51-1-768x513.jpg\" class=\"attachment-medium_large size-medium_large\" alt=\"\" srcset=\"https:\/\/ialeman.cl\/wp-content\/uploads\/2023\/05\/corrida-familiar-instituto-aleman-puerto-montt-51-1-768x513.jpg 768w, https:\/\/ialeman.cl\/wp-content\/uploads\/2023\/05\/corrida-familiar-instituto-aleman-puerto-montt-51-1-300x200.jpg 300w, https:\/\/ialeman.cl\/wp-content\/uploads\/2023\/05\/corrida-familiar-instituto-aleman-puerto-montt-51-1-1024x684.jpg 1024w, https:\/\/ialeman.cl\/wp-content\/uploads\/2023\/05\/corrida-familiar-instituto-aleman-puerto-montt-51-1.jpg 1200w\" sizes=\"(max-width: 768px) 100vw, 768px\" \/><\/a>\n\t\t\t<\/div><\/figure><figure class='gallery-item'>\n\t\t\t<div class='gallery-icon landscape'>\n\t\t\t\t<a data-elementor-open-lightbox=\"yes\" data-elementor-lightbox-slideshow=\"7f87805\" data-elementor-lightbox-title=\"corrida familiar instituto aleman puerto montt 52\" data-e-action-hash=\"#elementor-action%3Aaction%3Dlightbox%26settings%3DeyJpZCI6MjE1NDcsInVybCI6Imh0dHBzOlwvXC9pYWxlbWFuLmNsXC93cC1jb250ZW50XC91cGxvYWRzXC8yMDIzXC8wNVwvY29ycmlkYS1mYW1pbGlhci1pbnN0aXR1dG8tYWxlbWFuLXB1ZXJ0by1tb250dC01Mi0xLmpwZyIsInNsaWRlc2hvdyI6IjdmODc4MDUifQ%3D%3D\" href='https:\/\/ialeman.cl\/wp-content\/uploads\/2023\/05\/corrida-familiar-instituto-aleman-puerto-montt-52-1.jpg'><img loading=\"lazy\" decoding=\"async\" width=\"768\" height=\"513\" src=\"https:\/\/ialeman.cl\/wp-content\/uploads\/2023\/05\/corrida-familiar-instituto-aleman-puerto-montt-52-1-768x513.jpg\" class=\"attachment-medium_large size-medium_large\" alt=\"\" srcset=\"https:\/\/ialeman.cl\/wp-content\/uploads\/2023\/05\/corrida-familiar-instituto-aleman-puerto-montt-52-1-768x513.jpg 768w, https:\/\/ialeman.cl\/wp-content\/uploads\/2023\/05\/corrida-familiar-instituto-aleman-puerto-montt-52-1-300x200.jpg 300w, https:\/\/ialeman.cl\/wp-content\/uploads\/2023\/05\/corrida-familiar-instituto-aleman-puerto-montt-52-1-1024x684.jpg 1024w, https:\/\/ialeman.cl\/wp-content\/uploads\/2023\/05\/corrida-familiar-instituto-aleman-puerto-montt-52-1.jpg 1200w\" sizes=\"(max-width: 768px) 100vw, 768px\" \/><\/a>\n\t\t\t<\/div><\/figure><figure class='gallery-item'>\n\t\t\t<div class='gallery-icon landscape'>\n\t\t\t\t<a data-elementor-open-lightbox=\"yes\" data-elementor-lightbox-slideshow=\"7f87805\" data-elementor-lightbox-title=\"corrida familiar instituto aleman puerto montt 53\" data-e-action-hash=\"#elementor-action%3Aaction%3Dlightbox%26settings%3DeyJpZCI6MjE1NDgsInVybCI6Imh0dHBzOlwvXC9pYWxlbWFuLmNsXC93cC1jb250ZW50XC91cGxvYWRzXC8yMDIzXC8wNVwvY29ycmlkYS1mYW1pbGlhci1pbnN0aXR1dG8tYWxlbWFuLXB1ZXJ0by1tb250dC01My0xLmpwZyIsInNsaWRlc2hvdyI6IjdmODc4MDUifQ%3D%3D\" href='https:\/\/ialeman.cl\/wp-content\/uploads\/2023\/05\/corrida-familiar-instituto-aleman-puerto-montt-53-1.jpg'><img loading=\"lazy\" decoding=\"async\" width=\"768\" height=\"513\" src=\"https:\/\/ialeman.cl\/wp-content\/uploads\/2023\/05\/corrida-familiar-instituto-aleman-puerto-montt-53-1-768x513.jpg\" class=\"attachment-medium_large size-medium_large\" alt=\"\" srcset=\"https:\/\/ialeman.cl\/wp-content\/uploads\/2023\/05\/corrida-familiar-instituto-aleman-puerto-montt-53-1-768x513.jpg 768w, https:\/\/ialeman.cl\/wp-content\/uploads\/2023\/05\/corrida-familiar-instituto-aleman-puerto-montt-53-1-300x200.jpg 300w, https:\/\/ialeman.cl\/wp-content\/uploads\/2023\/05\/corrida-familiar-instituto-aleman-puerto-montt-53-1-1024x684.jpg 1024w, https:\/\/ialeman.cl\/wp-content\/uploads\/2023\/05\/corrida-familiar-instituto-aleman-puerto-montt-53-1.jpg 1200w\" sizes=\"(max-width: 768px) 100vw, 768px\" \/><\/a>\n\t\t\t<\/div><\/figure><figure class='gallery-item'>\n\t\t\t<div class='gallery-icon landscape'>\n\t\t\t\t<a data-elementor-open-lightbox=\"yes\" data-elementor-lightbox-slideshow=\"7f87805\" data-elementor-lightbox-title=\"corrida familiar instituto aleman puerto montt 54\" data-e-action-hash=\"#elementor-action%3Aaction%3Dlightbox%26settings%3DeyJpZCI6MjE1NDksInVybCI6Imh0dHBzOlwvXC9pYWxlbWFuLmNsXC93cC1jb250ZW50XC91cGxvYWRzXC8yMDIzXC8wNVwvY29ycmlkYS1mYW1pbGlhci1pbnN0aXR1dG8tYWxlbWFuLXB1ZXJ0by1tb250dC01NC0xLmpwZyIsInNsaWRlc2hvdyI6IjdmODc4MDUifQ%3D%3D\" href='https:\/\/ialeman.cl\/wp-content\/uploads\/2023\/05\/corrida-familiar-instituto-aleman-puerto-montt-54-1.jpg'><img loading=\"lazy\" decoding=\"async\" width=\"768\" height=\"513\" src=\"https:\/\/ialeman.cl\/wp-content\/uploads\/2023\/05\/corrida-familiar-instituto-aleman-puerto-montt-54-1-768x513.jpg\" class=\"attachment-medium_large size-medium_large\" alt=\"\" srcset=\"https:\/\/ialeman.cl\/wp-content\/uploads\/2023\/05\/corrida-familiar-instituto-aleman-puerto-montt-54-1-768x513.jpg 768w, https:\/\/ialeman.cl\/wp-content\/uploads\/2023\/05\/corrida-familiar-instituto-aleman-puerto-montt-54-1-300x200.jpg 300w, https:\/\/ialeman.cl\/wp-content\/uploads\/2023\/05\/corrida-familiar-instituto-aleman-puerto-montt-54-1-1024x684.jpg 1024w, https:\/\/ialeman.cl\/wp-content\/uploads\/2023\/05\/corrida-familiar-instituto-aleman-puerto-montt-54-1.jpg 1200w\" sizes=\"(max-width: 768px) 100vw, 768px\" \/><\/a>\n\t\t\t<\/div><\/figure>\n\t\t<\/div>\n\t\t<\/div>\n\t\t\t\t\t\t<\/div>\n\t\t\t\t<\/div>\n\t\t\t\t\t<\/div>\n\t\t<\/div>\n\t\t\t\t\t<\/div>\n\t\t<\/section>\n\t\t\t\t<\/div>\n\t\t","protected":false},"excerpt":{"rendered":"<p>Corrida y Cicletada Familiar 2023 Una gran corrida y cicletada familiar realiz\u00f3 el Centro de Padres y Apoderados y el Departamento de Educaci\u00f3n F\u00edsica del Instituto Alem\u00e1n de Puerto Montt. Fueron cientos los asistentes que se reunieron en Pelluco para participar del evento deportivo, que se desarroll\u00f3 por la costanera de la ciudad, en los [&hellip;]<\/p>\n","protected":false},"author":1,"featured_media":21430,"comment_status":"closed","ping_status":"closed","sticky":false,"template":"","format":"standard","meta":{"_crdt_document":"","_monsterinsights_skip_tracking":false,"_monsterinsights_sitenote_active":false,"_monsterinsights_sitenote_note":"","_monsterinsights_sitenote_category":0,"site-sidebar-layout":"default","site-content-layout":"","ast-site-content-layout":"default","site-content-style":"default","site-sidebar-style":"default","ast-global-header-display":"","ast-banner-title-visibility":"","ast-main-header-display":"","ast-hfb-above-header-display":"","ast-hfb-below-header-display":"","ast-hfb-mobile-header-display":"","site-post-title":"disabled","ast-breadcrumbs-content":"","ast-featured-img":"disabled","footer-sml-layout":"","ast-disable-related-posts":"","theme-transparent-header-meta":"","adv-header-id-meta":"","stick-header-meta":"","header-above-stick-meta":"","header-main-stick-meta":"","header-below-stick-meta":"","astra-migrate-meta-layouts":"default","ast-page-background-enabled":"default","ast-page-background-meta":{"desktop":{"background-color":"var(--ast-global-color-4)","background-image":"","background-repeat":"repeat","background-position":"center center","background-size":"auto","background-attachment":"scroll","background-type":"","background-media":"","overlay-type":"","overlay-color":"","overlay-opacity":"","overlay-gradient":""},"tablet":{"background-color":"","background-image":"","background-repeat":"repeat","background-position":"center center","background-size":"auto","background-attachment":"scroll","background-type":"","background-media":"","overlay-type":"","overlay-color":"","overlay-opacity":"","overlay-gradient":""},"mobile":{"background-color":"","background-image":"","background-repeat":"repeat","background-position":"center center","background-size":"auto","background-attachment":"scroll","background-type":"","background-media":"","overlay-type":"","overlay-color":"","overlay-opacity":"","overlay-gradient":""}},"ast-content-background-meta":{"desktop":{"background-color":"var(--ast-global-color-5)","background-image":"","background-repeat":"repeat","background-position":"center center","background-size":"auto","background-attachment":"scroll","background-type":"","background-media":"","overlay-type":"","overlay-color":"","overlay-opacity":"","overlay-gradient":""},"tablet":{"background-color":"var(--ast-global-color-5)","background-image":"","background-repeat":"repeat","background-position":"center center","background-size":"auto","background-attachment":"scroll","background-type":"","background-media":"","overlay-type":"","overlay-color":"","overlay-opacity":"","overlay-gradient":""},"mobile":{"background-color":"var(--ast-global-color-5)","background-image":"","background-repeat":"repeat","background-position":"center center","background-size":"auto","background-attachment":"scroll","background-type":"","background-media":"","overlay-type":"","overlay-color":"","overlay-opacity":"","overlay-gradient":""}},"advanced_seo_description":"","jetpack_seo_html_title":"","jetpack_seo_noindex":false,"_jetpack_memberships_contains_paid_content":false,"footnotes":""},"categories":[10],"tags":[],"class_list":["post-21429","post","type-post","status-publish","format-standard","has-post-thumbnail","hentry","category-noticias"],"jetpack_featured_media_url":"https:\/\/ialeman.cl\/wp-content\/uploads\/2023\/05\/corrida-familiar-instituto-aleman-puerto-montt-23.jpg","jetpack_shortlink":"https:\/\/wp.me\/ph8I5c-5zD","jetpack_sharing_enabled":true,"_links":{"self":[{"href":"https:\/\/ialeman.cl\/index.php\/wp-json\/wp\/v2\/posts\/21429","targetHints":{"allow":["GET"]}}],"collection":[{"href":"https:\/\/ialeman.cl\/index.php\/wp-json\/wp\/v2\/posts"}],"about":[{"href":"https:\/\/ialeman.cl\/index.php\/wp-json\/wp\/v2\/types\/post"}],"author":[{"embeddable":true,"href":"https:\/\/ialeman.cl\/index.php\/wp-json\/wp\/v2\/users\/1"}],"replies":[{"embeddable":true,"href":"https:\/\/ialeman.cl\/index.php\/wp-json\/wp\/v2\/comments?post=21429"}],"version-history":[{"count":0,"href":"https:\/\/ialeman.cl\/index.php\/wp-json\/wp\/v2\/posts\/21429\/revisions"}],"wp:featuredmedia":[{"embeddable":true,"href":"https:\/\/ialeman.cl\/index.php\/wp-json\/wp\/v2\/media\/21430"}],"wp:attachment":[{"href":"https:\/\/ialeman.cl\/index.php\/wp-json\/wp\/v2\/media?parent=21429"}],"wp:term":[{"taxonomy":"category","embeddable":true,"href":"https:\/\/ialeman.cl\/index.php\/wp-json\/wp\/v2\/categories?post=21429"},{"taxonomy":"post_tag","embeddable":true,"href":"https:\/\/ialeman.cl\/index.php\/wp-json\/wp\/v2\/tags?post=21429"}],"curies":[{"name":"wp","href":"https:\/\/api.w.org\/{rel}","templated":true}]}}