{"id":21146,"date":"2023-05-26T09:15:00","date_gmt":"2023-05-26T13:15:00","guid":{"rendered":"https:\/\/ialeman.cl\/?p=21146"},"modified":"2023-05-29T15:26:33","modified_gmt":"2023-05-29T19:26:33","slug":"sana-convivencia-2023","status":"publish","type":"post","link":"https:\/\/ialeman.cl\/index.php\/sana-convivencia-2023\/","title":{"rendered":"Sana Convivencia 2023"},"content":{"rendered":"\t\t<div data-elementor-type=\"wp-post\" data-elementor-id=\"21146\" class=\"elementor elementor-21146\">\n\t\t\t\t\t\t<section class=\"elementor-section elementor-top-section elementor-element elementor-element-cf0c00e elementor-section-boxed elementor-section-height-default elementor-section-height-default\" data-id=\"cf0c00e\" data-element_type=\"section\" data-e-type=\"section\">\n\t\t\t\t\t\t<div class=\"elementor-container elementor-column-gap-default\">\n\t\t\t\t\t<div class=\"elementor-column elementor-col-100 elementor-top-column elementor-element elementor-element-1594553\" data-id=\"1594553\" data-element_type=\"column\" data-e-type=\"column\">\n\t\t\t<div class=\"elementor-widget-wrap elementor-element-populated\">\n\t\t\t\t\t\t<div class=\"elementor-element elementor-element-fcd3c3b elementor-widget elementor-widget-heading\" data-id=\"fcd3c3b\" data-element_type=\"widget\" data-e-type=\"widget\" data-widget_type=\"heading.default\">\n\t\t\t\t<div class=\"elementor-widget-container\">\n\t\t\t\t\t<h2 class=\"elementor-heading-title elementor-size-default\">Sana Convivencia 2023<\/h2>\t\t\t\t<\/div>\n\t\t\t\t<\/div>\n\t\t\t\t\t<\/div>\n\t\t<\/div>\n\t\t\t\t\t<\/div>\n\t\t<\/section>\n\t\t\t\t<section class=\"elementor-section elementor-top-section elementor-element elementor-element-7389bb4 elementor-section-boxed elementor-section-height-default elementor-section-height-default\" data-id=\"7389bb4\" data-element_type=\"section\" data-e-type=\"section\">\n\t\t\t\t\t\t<div class=\"elementor-container elementor-column-gap-default\">\n\t\t\t\t\t<div class=\"elementor-column elementor-col-100 elementor-top-column elementor-element elementor-element-c38bf4c\" data-id=\"c38bf4c\" data-element_type=\"column\" data-e-type=\"column\">\n\t\t\t<div class=\"elementor-widget-wrap elementor-element-populated\">\n\t\t\t\t\t\t<div class=\"elementor-element elementor-element-e0b7028 elementor-widget elementor-widget-heading\" data-id=\"e0b7028\" data-element_type=\"widget\" data-e-type=\"widget\" data-widget_type=\"heading.default\">\n\t\t\t\t<div class=\"elementor-widget-container\">\n\t\t\t\t\t<h2 class=\"elementor-heading-title elementor-size-default\">El Instituto Alem\u00e1n celebr\u00f3 el D\u00eda de la Sana Convivencia 2023, para promover el buen trato y el autocuidado en las plataformas digitales.<br><br>\n\nUna semana cargada de actividades desarroll\u00f3 el Comit\u00e9 de Sana Convivencia del colegio, con charlas para los estudiantes y los apoderados, intervenciones art\u00edsticas y talleres, con el objetivo de concientizar y sensibilizar a la comunidad escolar en torno al importante tema. <br><br>\n\nEl Instituto Alem\u00e1n Puerto Montt y su programa \"Nos tratamos bien\" trabajar\u00e1 durante el a\u00f1o acad\u00e9mico en cuatro importantes dimensiones, las cuales son: tratamos bien nuestro cuerpo, tratamos bien a nuestra familia, nos tratamos bien en las redes sociales y tratamos bien al medioambiente. <br><br>\n\nPara el colegio el buen trato es un pilar fundamental para establecer relaciones saludables basadas en el respeto. \u00c9stas nos permiten convivir con los dem\u00e1s en un ambiente arm\u00f3nico, donde no solamente son posibles las diferencias, sino tambi\u00e9n nos permiten enriquecernos gracias a ellas. <br><br>\n\nLa jornada cerr\u00f3 con una celebraci\u00f3n y entrega de reconocimientos a las familias y los estudiantes  en el gimnasio del colegio, por su importante colaboraci\u00f3n y apoyo en resolver conflictos y\/o situaciones en los cursos. <\/h2>\t\t\t\t<\/div>\n\t\t\t\t<\/div>\n\t\t\t\t\t<\/div>\n\t\t<\/div>\n\t\t\t\t\t<\/div>\n\t\t<\/section>\n\t\t\t\t<section class=\"elementor-section elementor-top-section elementor-element elementor-element-d256e24 elementor-section-boxed elementor-section-height-default elementor-section-height-default\" data-id=\"d256e24\" data-element_type=\"section\" data-e-type=\"section\">\n\t\t\t\t\t\t<div class=\"elementor-container elementor-column-gap-default\">\n\t\t\t\t\t<div class=\"elementor-column elementor-col-100 elementor-top-column elementor-element elementor-element-014345a\" data-id=\"014345a\" data-element_type=\"column\" data-e-type=\"column\">\n\t\t\t<div class=\"elementor-widget-wrap elementor-element-populated\">\n\t\t\t\t\t\t<div class=\"elementor-element elementor-element-49ea238 elementor-widget elementor-widget-heading\" data-id=\"49ea238\" data-element_type=\"widget\" data-e-type=\"widget\" data-widget_type=\"heading.default\">\n\t\t\t\t<div class=\"elementor-widget-container\">\n\t\t\t\t\t<h2 class=\"elementor-heading-title elementor-size-default\">FOTOGRAF\u00cdAS<\/h2>\t\t\t\t<\/div>\n\t\t\t\t<\/div>\n\t\t\t\t\t<\/div>\n\t\t<\/div>\n\t\t\t\t\t<\/div>\n\t\t<\/section>\n\t\t\t\t<section class=\"elementor-section elementor-top-section elementor-element elementor-element-1da8b17 elementor-section-full_width elementor-section-height-default elementor-section-height-default\" data-id=\"1da8b17\" data-element_type=\"section\" data-e-type=\"section\">\n\t\t\t\t\t\t<div class=\"elementor-container elementor-column-gap-no\">\n\t\t\t\t\t<div class=\"elementor-column elementor-col-100 elementor-top-column elementor-element elementor-element-d0aa060\" data-id=\"d0aa060\" data-element_type=\"column\" data-e-type=\"column\">\n\t\t\t<div class=\"elementor-widget-wrap elementor-element-populated\">\n\t\t\t\t\t\t<div class=\"elementor-element elementor-element-c10d3f0 elementor-grid-2 elementor-grid-tablet-2 elementor-grid-mobile-1 elementor-posts--align-left elementor-widget elementor-widget-blogmentor_blog_posts\" data-id=\"c10d3f0\" data-element_type=\"widget\" data-e-type=\"widget\" data-settings=\"{&quot;bm_grid_columns&quot;:&quot;2&quot;,&quot;bm_grid_columns_tablet&quot;:&quot;2&quot;,&quot;bm_grid_columns_mobile&quot;:&quot;1&quot;,&quot;post_card_grid_gap&quot;:{&quot;unit&quot;:&quot;px&quot;,&quot;size&quot;:10,&quot;sizes&quot;:[]},&quot;post_card_row_gap&quot;:{&quot;unit&quot;:&quot;px&quot;,&quot;size&quot;:35,&quot;sizes&quot;:[]}}\" data-widget_type=\"blogmentor_blog_posts.default\">\n\t\t\t\t<div class=\"elementor-widget-container\">\n\t\t\t\t\t\t\t\n\t\t\t\t\t\t\t\t<div class=\"bm-blog-posts-wrapper\" >\n\t\t\t\t\t\t\t<div class=\"bm-blog-posts bm-display-grid elementor-grid elementor-grid-2\" >\n\t\t\t\t    <article id=\"post-21313\" class=\"item bm_layout post-21313 post type-post status-publish format-standard has-post-thumbnail hentry category-sana-convivencia-2023\">\n\t\t<div class=\"bm-blog-post-image entry-post-image\">\n\t\t\t<div class=\"bm-post-image clearfix bm-hover-effect\">\n\t\t\t\t<img fetchpriority=\"high\" decoding=\"async\" width=\"480\" height=\"250\" src=\"https:\/\/ialeman.cl\/wp-content\/uploads\/2023\/05\/ACTO-SANA-CONVIVENCIA-ENSENANZA-MEDIA-2023_5-480x250.jpg\" class=\"attachment-bm-post-medium size-bm-post-medium wp-post-image\" alt=\"\" \/>\t\t\t<\/div>\n\t\t<\/div>\n        <div class=\"bm-blog-post-content bm_content_box\">\n            <h4 class=\"entry-post-title bm_title\"><a href=\"https:\/\/ialeman.cl\/index.php\/galeria-acto-sana-convivencia-ensenanza-media\/\" rel=\"bookmark\">Galer\u00eda Acto Sana Convivencia Ense\u00f1anza Media<\/a><\/h4>            <div class=\"bm-blog-post-meta entry-post-meta bm_meta\">\n                <span class=\"posted-on\"><i class=\"fa fa-clock\" aria-hidden=\"true\"><\/i><a href=\"https:\/\/ialeman.cl\/index.php\/galeria-acto-sana-convivencia-ensenanza-media\/\" rel=\"bookmark\"><\/a><\/span>            <\/div>\n            <div class=\"entry-post-content bm_content\">\n                Galer\u00eda Acto Sana Convivencia Ense\u00f1anza Media            <\/div>\n        <\/div>\n    <\/article>\n    <article id=\"post-21290\" class=\"item bm_layout post-21290 post type-post status-publish format-standard has-post-thumbnail hentry category-sana-convivencia-2023\">\n\t\t<div class=\"bm-blog-post-image entry-post-image\">\n\t\t\t<div class=\"bm-post-image clearfix bm-hover-effect\">\n\t\t\t\t<img decoding=\"async\" width=\"480\" height=\"250\" src=\"https:\/\/ialeman.cl\/wp-content\/uploads\/2023\/05\/ACTO-SANA-CONVIVENCIA-SEGUNDO-CICLO-2023_8-480x250.jpg\" class=\"attachment-bm-post-medium size-bm-post-medium wp-post-image\" alt=\"\" \/>\t\t\t<\/div>\n\t\t<\/div>\n        <div class=\"bm-blog-post-content bm_content_box\">\n            <h4 class=\"entry-post-title bm_title\"><a href=\"https:\/\/ialeman.cl\/index.php\/galeria-acto-sana-convivencia-segundo-ciclo\/\" rel=\"bookmark\">Galer\u00eda Acto Sana Convivencia Segundo Ciclo<\/a><\/h4>            <div class=\"bm-blog-post-meta entry-post-meta bm_meta\">\n                <span class=\"posted-on\"><i class=\"fa fa-clock\" aria-hidden=\"true\"><\/i><a href=\"https:\/\/ialeman.cl\/index.php\/galeria-acto-sana-convivencia-segundo-ciclo\/\" rel=\"bookmark\"><\/a><\/span>            <\/div>\n            <div class=\"entry-post-content bm_content\">\n                Galer\u00eda Acto Sana Convivencia Segundo Ciclo            <\/div>\n        <\/div>\n    <\/article>\n    <article id=\"post-21256\" class=\"item bm_layout post-21256 post type-post status-publish format-standard has-post-thumbnail hentry category-sana-convivencia-2023\">\n\t\t<div class=\"bm-blog-post-image entry-post-image\">\n\t\t\t<div class=\"bm-post-image clearfix bm-hover-effect\">\n\t\t\t\t<img decoding=\"async\" width=\"480\" height=\"250\" src=\"https:\/\/ialeman.cl\/wp-content\/uploads\/2023\/05\/ACTO-SANA-CONVIVENCIA-CICLO-INICIAL-Y-PRIMER-CICLO-2023-_19-480x250.jpg\" class=\"attachment-bm-post-medium size-bm-post-medium wp-post-image\" alt=\"\" \/>\t\t\t<\/div>\n\t\t<\/div>\n        <div class=\"bm-blog-post-content bm_content_box\">\n            <h4 class=\"entry-post-title bm_title\"><a href=\"https:\/\/ialeman.cl\/index.php\/galeria-acto-sana-convivencia-ciclo-inicial-y-primer-ciclo\/\" rel=\"bookmark\">Galer\u00eda Acto Sana Convivencia Ciclo Inicial y Primer Ciclo<\/a><\/h4>            <div class=\"bm-blog-post-meta entry-post-meta bm_meta\">\n                <span class=\"posted-on\"><i class=\"fa fa-clock\" aria-hidden=\"true\"><\/i><a href=\"https:\/\/ialeman.cl\/index.php\/galeria-acto-sana-convivencia-ciclo-inicial-y-primer-ciclo\/\" rel=\"bookmark\"><\/a><\/span>            <\/div>\n            <div class=\"entry-post-content bm_content\">\n                Galer\u00eda Acto Sana Convivencia Ciclo Inicial y Primer Ciclo            <\/div>\n        <\/div>\n    <\/article>\n    <article id=\"post-21155\" class=\"item bm_layout post-21155 post type-post status-publish format-standard has-post-thumbnail hentry category-sana-convivencia-2023\">\n\t\t<div class=\"bm-blog-post-image entry-post-image\">\n\t\t\t<div class=\"bm-post-image clearfix bm-hover-effect\">\n\t\t\t\t<img loading=\"lazy\" decoding=\"async\" width=\"480\" height=\"250\" src=\"https:\/\/ialeman.cl\/wp-content\/uploads\/2023\/05\/SEMANA-ESCUELA-SEGURA-08-480x250.jpg\" class=\"attachment-bm-post-medium size-bm-post-medium wp-post-image\" alt=\"\" \/>\t\t\t<\/div>\n\t\t<\/div>\n        <div class=\"bm-blog-post-content bm_content_box\">\n            <h4 class=\"entry-post-title bm_title\"><a href=\"https:\/\/ialeman.cl\/index.php\/fotos-sana-convivencia-2023\/\" rel=\"bookmark\">Galer\u00eda Sana Convivencia 2023<\/a><\/h4>            <div class=\"bm-blog-post-meta entry-post-meta bm_meta\">\n                <span class=\"posted-on\"><i class=\"fa fa-clock\" aria-hidden=\"true\"><\/i><a href=\"https:\/\/ialeman.cl\/index.php\/fotos-sana-convivencia-2023\/\" rel=\"bookmark\"><\/a><\/span>            <\/div>\n            <div class=\"entry-post-content bm_content\">\n                Galer\u00eda Sana Convivencia 2023            <\/div>\n        <\/div>\n    <\/article>\n\t\t\t\t<\/div><\/div>\n\t\t\t\t\t\t\t\t<\/div>\n\t\t\t\t<\/div>\n\t\t\t\t\t<\/div>\n\t\t<\/div>\n\t\t\t\t\t<\/div>\n\t\t<\/section>\n\t\t\t\t<\/div>\n\t\t","protected":false},"excerpt":{"rendered":"<p>Sana Convivencia 2023 El Instituto Alem\u00e1n celebr\u00f3 el D\u00eda de la Sana Convivencia 2023, para promover el buen trato y el autocuidado en las plataformas digitales. Una semana cargada de actividades desarroll\u00f3 el Comit\u00e9 de Sana Convivencia del colegio, con charlas para los estudiantes y los apoderados, intervenciones art\u00edsticas y talleres, con el objetivo de [&hellip;]<\/p>\n","protected":false},"author":1,"featured_media":21148,"comment_status":"closed","ping_status":"closed","sticky":false,"template":"","format":"standard","meta":{"_crdt_document":"","_monsterinsights_skip_tracking":false,"_monsterinsights_sitenote_active":false,"_monsterinsights_sitenote_note":"","_monsterinsights_sitenote_category":0,"site-sidebar-layout":"default","site-content-layout":"","ast-site-content-layout":"default","site-content-style":"default","site-sidebar-style":"default","ast-global-header-display":"","ast-banner-title-visibility":"","ast-main-header-display":"","ast-hfb-above-header-display":"","ast-hfb-below-header-display":"","ast-hfb-mobile-header-display":"","site-post-title":"disabled","ast-breadcrumbs-content":"","ast-featured-img":"disabled","footer-sml-layout":"","ast-disable-related-posts":"","theme-transparent-header-meta":"","adv-header-id-meta":"","stick-header-meta":"","header-above-stick-meta":"","header-main-stick-meta":"","header-below-stick-meta":"","astra-migrate-meta-layouts":"default","ast-page-background-enabled":"default","ast-page-background-meta":{"desktop":{"background-color":"var(--ast-global-color-4)","background-image":"","background-repeat":"repeat","background-position":"center center","background-size":"auto","background-attachment":"scroll","background-type":"","background-media":"","overlay-type":"","overlay-color":"","overlay-opacity":"","overlay-gradient":""},"tablet":{"background-color":"","background-image":"","background-repeat":"repeat","background-position":"center center","background-size":"auto","background-attachment":"scroll","background-type":"","background-media":"","overlay-type":"","overlay-color":"","overlay-opacity":"","overlay-gradient":""},"mobile":{"background-color":"","background-image":"","background-repeat":"repeat","background-position":"center center","background-size":"auto","background-attachment":"scroll","background-type":"","background-media":"","overlay-type":"","overlay-color":"","overlay-opacity":"","overlay-gradient":""}},"ast-content-background-meta":{"desktop":{"background-color":"var(--ast-global-color-5)","background-image":"","background-repeat":"repeat","background-position":"center center","background-size":"auto","background-attachment":"scroll","background-type":"","background-media":"","overlay-type":"","overlay-color":"","overlay-opacity":"","overlay-gradient":""},"tablet":{"background-color":"var(--ast-global-color-5)","background-image":"","background-repeat":"repeat","background-position":"center center","background-size":"auto","background-attachment":"scroll","background-type":"","background-media":"","overlay-type":"","overlay-color":"","overlay-opacity":"","overlay-gradient":""},"mobile":{"background-color":"var(--ast-global-color-5)","background-image":"","background-repeat":"repeat","background-position":"center center","background-size":"auto","background-attachment":"scroll","background-type":"","background-media":"","overlay-type":"","overlay-color":"","overlay-opacity":"","overlay-gradient":""}},"advanced_seo_description":"","jetpack_seo_html_title":"","jetpack_seo_noindex":false,"_jetpack_memberships_contains_paid_content":false,"footnotes":""},"categories":[10],"tags":[],"class_list":["post-21146","post","type-post","status-publish","format-standard","has-post-thumbnail","hentry","category-noticias"],"jetpack_featured_media_url":"https:\/\/ialeman.cl\/wp-content\/uploads\/2023\/05\/ACTO-SANA-CONVIVENCIA-CICLO-INICIAL-Y-PRIMER-CICLO-2023-_17.jpg","jetpack_shortlink":"https:\/\/wp.me\/ph8I5c-5v4","jetpack_sharing_enabled":true,"_links":{"self":[{"href":"https:\/\/ialeman.cl\/index.php\/wp-json\/wp\/v2\/posts\/21146","targetHints":{"allow":["GET"]}}],"collection":[{"href":"https:\/\/ialeman.cl\/index.php\/wp-json\/wp\/v2\/posts"}],"about":[{"href":"https:\/\/ialeman.cl\/index.php\/wp-json\/wp\/v2\/types\/post"}],"author":[{"embeddable":true,"href":"https:\/\/ialeman.cl\/index.php\/wp-json\/wp\/v2\/users\/1"}],"replies":[{"embeddable":true,"href":"https:\/\/ialeman.cl\/index.php\/wp-json\/wp\/v2\/comments?post=21146"}],"version-history":[{"count":0,"href":"https:\/\/ialeman.cl\/index.php\/wp-json\/wp\/v2\/posts\/21146\/revisions"}],"wp:featuredmedia":[{"embeddable":true,"href":"https:\/\/ialeman.cl\/index.php\/wp-json\/wp\/v2\/media\/21148"}],"wp:attachment":[{"href":"https:\/\/ialeman.cl\/index.php\/wp-json\/wp\/v2\/media?parent=21146"}],"wp:term":[{"taxonomy":"category","embeddable":true,"href":"https:\/\/ialeman.cl\/index.php\/wp-json\/wp\/v2\/categories?post=21146"},{"taxonomy":"post_tag","embeddable":true,"href":"https:\/\/ialeman.cl\/index.php\/wp-json\/wp\/v2\/tags?post=21146"}],"curies":[{"name":"wp","href":"https:\/\/api.w.org\/{rel}","templated":true}]}}