{"id":19677,"date":"2023-05-02T10:33:49","date_gmt":"2023-05-02T14:33:49","guid":{"rendered":"https:\/\/ialeman.cl\/?p=19677"},"modified":"2023-05-04T15:16:04","modified_gmt":"2023-05-04T19:16:04","slug":"semana-de-libro","status":"publish","type":"post","link":"https:\/\/ialeman.cl\/index.php\/semana-de-libro\/","title":{"rendered":"Semana del libro"},"content":{"rendered":"\t\t<div data-elementor-type=\"wp-post\" data-elementor-id=\"19677\" class=\"elementor elementor-19677\">\n\t\t\t\t\t\t<section class=\"elementor-section elementor-top-section elementor-element elementor-element-a732dbe elementor-section-boxed elementor-section-height-default elementor-section-height-default\" data-id=\"a732dbe\" data-element_type=\"section\" data-e-type=\"section\">\n\t\t\t\t\t\t<div class=\"elementor-container elementor-column-gap-default\">\n\t\t\t\t\t<div class=\"elementor-column elementor-col-100 elementor-top-column elementor-element elementor-element-b5e5cd8\" data-id=\"b5e5cd8\" data-element_type=\"column\" data-e-type=\"column\">\n\t\t\t<div class=\"elementor-widget-wrap elementor-element-populated\">\n\t\t\t\t\t\t<div class=\"elementor-element elementor-element-8d75339 elementor-widget elementor-widget-image\" data-id=\"8d75339\" data-element_type=\"widget\" data-e-type=\"widget\" data-widget_type=\"image.default\">\n\t\t\t\t<div class=\"elementor-widget-container\">\n\t\t\t\t\t\t\t\t\t\t\t\t\t\t\t<img fetchpriority=\"high\" decoding=\"async\" width=\"700\" height=\"400\" src=\"https:\/\/ialeman.cl\/wp-content\/uploads\/2023\/05\/sticker-libro.png\" class=\"attachment-medium_large size-medium_large wp-image-19682\" alt=\"\" srcset=\"https:\/\/ialeman.cl\/wp-content\/uploads\/2023\/05\/sticker-libro.png 700w, https:\/\/ialeman.cl\/wp-content\/uploads\/2023\/05\/sticker-libro-300x171.png 300w\" sizes=\"(max-width: 700px) 100vw, 700px\" \/>\t\t\t\t\t\t\t\t\t\t\t\t\t\t\t<\/div>\n\t\t\t\t<\/div>\n\t\t\t\t\t<\/div>\n\t\t<\/div>\n\t\t\t\t\t<\/div>\n\t\t<\/section>\n\t\t\t\t<section class=\"elementor-section elementor-top-section elementor-element elementor-element-ff49f6f elementor-section-boxed elementor-section-height-default elementor-section-height-default\" data-id=\"ff49f6f\" data-element_type=\"section\" data-e-type=\"section\">\n\t\t\t\t\t\t<div class=\"elementor-container elementor-column-gap-default\">\n\t\t\t\t\t<div class=\"elementor-column elementor-col-50 elementor-top-column elementor-element elementor-element-f5c8564\" data-id=\"f5c8564\" data-element_type=\"column\" data-e-type=\"column\">\n\t\t\t<div class=\"elementor-widget-wrap elementor-element-populated\">\n\t\t\t\t\t\t<div class=\"elementor-element elementor-element-1fd5d92 elementor-widget elementor-widget-heading\" data-id=\"1fd5d92\" data-element_type=\"widget\" data-e-type=\"widget\" data-widget_type=\"heading.default\">\n\t\t\t\t<div class=\"elementor-widget-container\">\n\t\t\t\t\t<h2 class=\"elementor-heading-title elementor-size-default\">Aventureros en la Literatura fue el t\u00edtulo de la gran semana del libro que celebr\u00f3 el Instituto Alem\u00e1n junto a sus estudiantes. <br><br>\n\nEl Departamento de Lenguaje y la BiblioCRA realizaron interesantes jornadas de cuenta cuentos, kamishibai, lecturas colectivas virtuales, obras art\u00edsticas, disfraces y una gran feria del libro, en las que participaron todos los estudiantes, desde Medio Menor a IV Medio. <br><br>\n\nEn las distintas actividades que present\u00f3 el Instituto Alem\u00e1n Puerto Montt los alumnos mostraron un gran entusiasmo, pues se acercaron al m\u00e1gico mundo de los libros y conocieron la importancia del respeto por los derechos de autor. <br><br>\n\nLa semana del libro en la Schule coron\u00f3 su cierre con una magn\u00edfica noche de cuentos a cargo de los estudiantes de IV Medio, los que leyeron y representaron divertidos cuentos infantiles a sus ahijados de 1\u00ba b\u00e1sico. En la ocasi\u00f3n, la Tante Consuelo S\u00e1nchez tambi\u00e9n narr\u00f3 a trav\u00e9s de un kamishibai el libro: El flautista de Hamelin. \n<\/h2>\t\t\t\t<\/div>\n\t\t\t\t<\/div>\n\t\t\t\t\t<\/div>\n\t\t<\/div>\n\t\t\t\t<div class=\"elementor-column elementor-col-50 elementor-top-column elementor-element elementor-element-bcd6625\" data-id=\"bcd6625\" data-element_type=\"column\" data-e-type=\"column\">\n\t\t\t<div class=\"elementor-widget-wrap elementor-element-populated\">\n\t\t\t\t\t\t<div class=\"elementor-element elementor-element-fa56497 elementor-widget elementor-widget-image\" data-id=\"fa56497\" data-element_type=\"widget\" data-e-type=\"widget\" data-widget_type=\"image.default\">\n\t\t\t\t<div class=\"elementor-widget-container\">\n\t\t\t\t\t\t\t\t\t\t\t\t\t\t\t<img decoding=\"async\" width=\"576\" height=\"1024\" src=\"https:\/\/ialeman.cl\/wp-content\/uploads\/2023\/05\/story_Dia_Libro_2023-576x1024.png\" class=\"attachment-large size-large wp-image-20127\" alt=\"\" srcset=\"https:\/\/ialeman.cl\/wp-content\/uploads\/2023\/05\/story_Dia_Libro_2023-576x1024.png 576w, https:\/\/ialeman.cl\/wp-content\/uploads\/2023\/05\/story_Dia_Libro_2023-169x300.png 169w, https:\/\/ialeman.cl\/wp-content\/uploads\/2023\/05\/story_Dia_Libro_2023-768x1365.png 768w, https:\/\/ialeman.cl\/wp-content\/uploads\/2023\/05\/story_Dia_Libro_2023-864x1536.png 864w, https:\/\/ialeman.cl\/wp-content\/uploads\/2023\/05\/story_Dia_Libro_2023.png 1080w\" sizes=\"(max-width: 576px) 100vw, 576px\" \/>\t\t\t\t\t\t\t\t\t\t\t\t\t\t\t<\/div>\n\t\t\t\t<\/div>\n\t\t\t\t\t<\/div>\n\t\t<\/div>\n\t\t\t\t\t<\/div>\n\t\t<\/section>\n\t\t\t\t<section class=\"elementor-section elementor-top-section elementor-element elementor-element-28a2368 elementor-section-boxed elementor-section-height-default elementor-section-height-default\" data-id=\"28a2368\" data-element_type=\"section\" data-e-type=\"section\">\n\t\t\t\t\t\t<div class=\"elementor-container elementor-column-gap-default\">\n\t\t\t\t\t<div class=\"elementor-column elementor-col-100 elementor-top-column elementor-element elementor-element-d2784c0\" data-id=\"d2784c0\" data-element_type=\"column\" data-e-type=\"column\">\n\t\t\t<div class=\"elementor-widget-wrap elementor-element-populated\">\n\t\t\t\t\t\t<div class=\"elementor-element elementor-element-31ff43d elementor-widget elementor-widget-blogmentor_blog_posts\" data-id=\"31ff43d\" data-element_type=\"widget\" data-e-type=\"widget\" data-widget_type=\"blogmentor_blog_posts.default\">\n\t\t\t\t<div class=\"elementor-widget-container\">\n\t\t\t\t\t\t\t\n\t\t\t\t\t<div class=\"upl-main\">\n\t\t<div class=\"upl-container\">\n\t\t\t\t\t\t\t<div class=\"upl-left-section bm_content_box\">\n\t\t\t\t\t\t\t\t<div class=\"bm-post-image clearfix bm-hover-effect\">\n\t\t\t\t\t<div class=\"upl-image\" style=\"background-image: url('https:\/\/ialeman.cl\/wp-content\/uploads\/2023\/05\/noche-de-cuentos-instituto-aleman-puerto-montt-59.jpg')\"><\/div>\n\t\t\t\t<\/div>\n\t\t\t\t<div class=\"upl-author\"><img decoding=\"async\" src=\"https:\/\/secure.gravatar.com\/avatar\/40d572a4d623adc716d41ffcf8b16c31f8035144a20b3228682e3f533abcd43d?s=96&d=mm&r=g\"><\/div>\n\t\t\t\t<div class=\"upl-title bm_title\"><a href=\"https:\/\/ialeman.cl\/index.php\/noche-de-cuentos\/\" rel=\"bookmark\">Noche de Cuentos<\/a><\/div>\t\t\t\t\t<div class=\"upl-excerpt bm_content\"> Noche de Cuentos <\/div>\n\t\t\t\t\t\t\t<\/div>\n\t\t\t\n\t\t\t\t\t\t<div class=\"upl-right-section\">\n\t\t\t\t<div class=\"upl-top bm_content_box\">\n\t\t\t\t\t<div class=\"bm-post-image clearfix bm-hover-effect\">\n\t\t\t\t\t\t<div class=\"upl-image\" style=\"background-image: url('https:\/\/ialeman.cl\/wp-content\/uploads\/2023\/05\/Kamishibai-instituto-aleman-puerto-montt-12.jpg')\"><\/div>\n\t\t\t\t\t<\/div>\n\t\t\t\t\t<div class=\"upl-author\">\n\t\t\t\t\t\t<img decoding=\"async\" src=\"https:\/\/secure.gravatar.com\/avatar\/40d572a4d623adc716d41ffcf8b16c31f8035144a20b3228682e3f533abcd43d?s=96&d=mm&r=g\">\n\t\t\t\t\t<\/div>\n\t\t\t\t\t<div class=\"upl-title bm_title\"><a href=\"https:\/\/ialeman.cl\/index.php\/kamishibai\/\" rel=\"bookmark\">Kamishibai<\/a><\/div>\t\t\t\t\t\t<div class=\"upl-excerpt bm_content\"> Kamishibai <\/div>\n\t\t\t\t\t\t\t\t\t<\/div>\n\t\t\t\t\t\t\t<div class=\"upl-bottom bm_content_box\">\n\t\t\t\t\t<div class=\"bm-post-image clearfix bm-hover-effect\">\n\t\t\t\t\t\t<div class=\"upl-image\" style=\"background-image: url('https:\/\/ialeman.cl\/wp-content\/uploads\/2023\/05\/semana-del-libro-instituto-aleman-puerto-montt-3.jpg')\"><\/div>\n\t\t\t\t\t<\/div>\n\t\t\t\t\t<div class=\"upl-author\">\n\t\t\t\t\t\t<img decoding=\"async\" src=\"https:\/\/secure.gravatar.com\/avatar\/40d572a4d623adc716d41ffcf8b16c31f8035144a20b3228682e3f533abcd43d?s=96&d=mm&r=g\">\n\t\t\t\t\t<\/div>\n\t\t\t\t\t<div class=\"upl-title bm_title\"><a href=\"https:\/\/ialeman.cl\/index.php\/disfraces-ciclo-inicial\/\" rel=\"bookmark\">Disfraces Ciclo Inicial<\/a><\/div>\t\t\t\t\t\t<div class=\"upl-excerpt bm_content\"> Disfraces Ciclo Inicial <\/div>\n\t\t\t\t\t\t\t\t\t<\/div>\n\t\t\t\t\t\t<\/div>\n\t\t<\/div>\n\t<\/div>\n\n\t<div class=\"upl-second-section\">\n\t\t\t\t\t<div class=\"upl-second bm_content_box\">\n\t\t\t\t<div class=\"bm-post-image clearfix bm-hover-effect\">\n\t\t\t\t\t<div class=\"upl-image\" style=\"background-image: url('https:\/\/ialeman.cl\/wp-content\/uploads\/2023\/05\/disfraces-primer-ciclo-instituto-aleman-puerto-montt-5.jpg')\"><\/div>\n\t\t\t\t<\/div>\n\t\t\t\t<div class=\"upl-author\">\n\t\t\t\t\t<img decoding=\"async\" src=\"https:\/\/secure.gravatar.com\/avatar\/40d572a4d623adc716d41ffcf8b16c31f8035144a20b3228682e3f533abcd43d?s=96&d=mm&r=g\">\n\t\t\t\t<\/div>\n\t\t\t\t<div class=\"upl-title bm_title\"><a href=\"https:\/\/ialeman.cl\/index.php\/disfraces-primer-ciclo\/\" rel=\"bookmark\">Disfraces Primer Ciclo<\/a><\/div>\t\t\t\t\t<div class=\"upl-excerpt bm_content\"> Disfraces Primer Ciclo <\/div>\n\t\t\t\t\t\t\t<\/div>\n\t\t\t\t\t<div class=\"upl-second bm_content_box\">\n\t\t\t\t<div class=\"bm-post-image clearfix bm-hover-effect\">\n\t\t\t\t\t<div class=\"upl-image\" style=\"background-image: url('https:\/\/ialeman.cl\/wp-content\/uploads\/2023\/05\/cuentacuentos-instituto-aleman-puerto-montt-5.jpg')\"><\/div>\n\t\t\t\t<\/div>\n\t\t\t\t<div class=\"upl-author\">\n\t\t\t\t\t<img decoding=\"async\" src=\"https:\/\/secure.gravatar.com\/avatar\/40d572a4d623adc716d41ffcf8b16c31f8035144a20b3228682e3f533abcd43d?s=96&d=mm&r=g\">\n\t\t\t\t<\/div>\n\t\t\t\t<div class=\"upl-title bm_title\"><a href=\"https:\/\/ialeman.cl\/index.php\/cuentacuentos-apoderados\/\" rel=\"bookmark\">Cuentacuentos Apoderados<\/a><\/div>\t\t\t\t\t<div class=\"upl-excerpt bm_content\"> Cuentacuentos Apoderados <\/div>\n\t\t\t\t\t\t\t<\/div>\n\t\t\t\t\t<div class=\"upl-second bm_content_box\">\n\t\t\t\t<div class=\"bm-post-image clearfix bm-hover-effect\">\n\t\t\t\t\t<div class=\"upl-image\" style=\"background-image: url('https:\/\/ialeman.cl\/wp-content\/uploads\/2023\/05\/feria_del-libro-instituto-aleman-puerto-montt-2.jpg')\"><\/div>\n\t\t\t\t<\/div>\n\t\t\t\t<div class=\"upl-author\">\n\t\t\t\t\t<img decoding=\"async\" src=\"https:\/\/secure.gravatar.com\/avatar\/40d572a4d623adc716d41ffcf8b16c31f8035144a20b3228682e3f533abcd43d?s=96&d=mm&r=g\">\n\t\t\t\t<\/div>\n\t\t\t\t<div class=\"upl-title bm_title\"><a href=\"https:\/\/ialeman.cl\/index.php\/celebrando-en-comunidad\/\" rel=\"bookmark\">Celebrando en comunidad<\/a><\/div>\t\t\t\t\t<div class=\"upl-excerpt bm_content\"> Celebrando en Comunidad <\/div>\n\t\t\t\t\t\t\t<\/div>\n\t\t\t\t\t<div class=\"upl-second bm_content_box\">\n\t\t\t\t<div class=\"bm-post-image clearfix bm-hover-effect\">\n\t\t\t\t\t<div class=\"upl-image\" style=\"background-image: url('https:\/\/ialeman.cl\/wp-content\/uploads\/2023\/05\/cuentacuentos-instituto-aleman-puerto-montt-10-1.jpg')\"><\/div>\n\t\t\t\t<\/div>\n\t\t\t\t<div class=\"upl-author\">\n\t\t\t\t\t<img decoding=\"async\" src=\"https:\/\/secure.gravatar.com\/avatar\/40d572a4d623adc716d41ffcf8b16c31f8035144a20b3228682e3f533abcd43d?s=96&d=mm&r=g\">\n\t\t\t\t<\/div>\n\t\t\t\t<div class=\"upl-title bm_title\"><a href=\"https:\/\/ialeman.cl\/index.php\/cuentacuentos-bibliocra\/\" rel=\"bookmark\">Cuentacuentos BiblioCRA<\/a><\/div>\t\t\t\t\t<div class=\"upl-excerpt bm_content\"> Cuentacuentos BiblioCRA <\/div>\n\t\t\t\t\t\t\t<\/div>\n\t\t\t<\/div>\n\t\t\t\t<\/div>\n\t\t\t\t<\/div>\n\t\t\t\t\t<\/div>\n\t\t<\/div>\n\t\t\t\t\t<\/div>\n\t\t<\/section>\n\t\t\t\t<\/div>\n\t\t","protected":false},"excerpt":{"rendered":"<p>Aventureros en la Literatura fue el t\u00edtulo de la gran semana del libro que celebr\u00f3 el Instituto Alem\u00e1n junto a sus estudiantes. El Departamento de Lenguaje y la BiblioCRA realizaron interesantes jornadas de cuenta cuentos, kamishibai, lecturas colectivas virtuales, obras art\u00edsticas, disfraces y una gran feria del libro, en las que participaron todos los estudiantes, [&hellip;]<\/p>\n","protected":false},"author":1,"featured_media":19679,"comment_status":"closed","ping_status":"closed","sticky":false,"template":"","format":"standard","meta":{"_crdt_document":"","_monsterinsights_skip_tracking":false,"_monsterinsights_sitenote_active":false,"_monsterinsights_sitenote_note":"","_monsterinsights_sitenote_category":0,"site-sidebar-layout":"default","site-content-layout":"","ast-site-content-layout":"default","site-content-style":"default","site-sidebar-style":"default","ast-global-header-display":"","ast-banner-title-visibility":"","ast-main-header-display":"","ast-hfb-above-header-display":"","ast-hfb-below-header-display":"","ast-hfb-mobile-header-display":"","site-post-title":"disabled","ast-breadcrumbs-content":"","ast-featured-img":"disabled","footer-sml-layout":"","ast-disable-related-posts":"","theme-transparent-header-meta":"","adv-header-id-meta":"","stick-header-meta":"","header-above-stick-meta":"","header-main-stick-meta":"","header-below-stick-meta":"","astra-migrate-meta-layouts":"default","ast-page-background-enabled":"default","ast-page-background-meta":{"desktop":{"background-color":"var(--ast-global-color-4)","background-image":"","background-repeat":"repeat","background-position":"center center","background-size":"auto","background-attachment":"scroll","background-type":"","background-media":"","overlay-type":"","overlay-color":"","overlay-opacity":"","overlay-gradient":""},"tablet":{"background-color":"","background-image":"","background-repeat":"repeat","background-position":"center center","background-size":"auto","background-attachment":"scroll","background-type":"","background-media":"","overlay-type":"","overlay-color":"","overlay-opacity":"","overlay-gradient":""},"mobile":{"background-color":"","background-image":"","background-repeat":"repeat","background-position":"center center","background-size":"auto","background-attachment":"scroll","background-type":"","background-media":"","overlay-type":"","overlay-color":"","overlay-opacity":"","overlay-gradient":""}},"ast-content-background-meta":{"desktop":{"background-color":"var(--ast-global-color-5)","background-image":"","background-repeat":"repeat","background-position":"center center","background-size":"auto","background-attachment":"scroll","background-type":"","background-media":"","overlay-type":"","overlay-color":"","overlay-opacity":"","overlay-gradient":""},"tablet":{"background-color":"var(--ast-global-color-5)","background-image":"","background-repeat":"repeat","background-position":"center center","background-size":"auto","background-attachment":"scroll","background-type":"","background-media":"","overlay-type":"","overlay-color":"","overlay-opacity":"","overlay-gradient":""},"mobile":{"background-color":"var(--ast-global-color-5)","background-image":"","background-repeat":"repeat","background-position":"center center","background-size":"auto","background-attachment":"scroll","background-type":"","background-media":"","overlay-type":"","overlay-color":"","overlay-opacity":"","overlay-gradient":""}},"advanced_seo_description":"","jetpack_seo_html_title":"","jetpack_seo_noindex":false,"_jetpack_memberships_contains_paid_content":false,"footnotes":""},"categories":[10],"tags":[],"class_list":["post-19677","post","type-post","status-publish","format-standard","has-post-thumbnail","hentry","category-noticias"],"jetpack_featured_media_url":"https:\/\/ialeman.cl\/wp-content\/uploads\/2023\/05\/noche-de-cuentos-instituto-aleman-puerto-montt-48.jpg","jetpack_shortlink":"https:\/\/wp.me\/ph8I5c-57n","jetpack_sharing_enabled":true,"_links":{"self":[{"href":"https:\/\/ialeman.cl\/index.php\/wp-json\/wp\/v2\/posts\/19677","targetHints":{"allow":["GET"]}}],"collection":[{"href":"https:\/\/ialeman.cl\/index.php\/wp-json\/wp\/v2\/posts"}],"about":[{"href":"https:\/\/ialeman.cl\/index.php\/wp-json\/wp\/v2\/types\/post"}],"author":[{"embeddable":true,"href":"https:\/\/ialeman.cl\/index.php\/wp-json\/wp\/v2\/users\/1"}],"replies":[{"embeddable":true,"href":"https:\/\/ialeman.cl\/index.php\/wp-json\/wp\/v2\/comments?post=19677"}],"version-history":[{"count":0,"href":"https:\/\/ialeman.cl\/index.php\/wp-json\/wp\/v2\/posts\/19677\/revisions"}],"wp:featuredmedia":[{"embeddable":true,"href":"https:\/\/ialeman.cl\/index.php\/wp-json\/wp\/v2\/media\/19679"}],"wp:attachment":[{"href":"https:\/\/ialeman.cl\/index.php\/wp-json\/wp\/v2\/media?parent=19677"}],"wp:term":[{"taxonomy":"category","embeddable":true,"href":"https:\/\/ialeman.cl\/index.php\/wp-json\/wp\/v2\/categories?post=19677"},{"taxonomy":"post_tag","embeddable":true,"href":"https:\/\/ialeman.cl\/index.php\/wp-json\/wp\/v2\/tags?post=19677"}],"curies":[{"name":"wp","href":"https:\/\/api.w.org\/{rel}","templated":true}]}}