{"id":18848,"date":"2023-04-13T08:28:59","date_gmt":"2023-04-13T12:28:59","guid":{"rendered":"https:\/\/ialeman.cl\/?p=18848"},"modified":"2023-04-20T16:19:17","modified_gmt":"2023-04-20T20:19:17","slug":"instituto-aleman-puerto-montt-celebra-los-cien-anos-de-la-obra-del-gran-poeta-y-escritor-rainer-maria-rilke","status":"publish","type":"post","link":"https:\/\/ialeman.cl\/index.php\/instituto-aleman-puerto-montt-celebra-los-cien-anos-de-la-obra-del-gran-poeta-y-escritor-rainer-maria-rilke\/","title":{"rendered":"Instituto Alem\u00e1n Puerto Montt celebra los cien a\u00f1os de la obra del gran poeta y escritor Rainer Mar\u00eda Rilke"},"content":{"rendered":"\t\t<div data-elementor-type=\"wp-post\" data-elementor-id=\"18848\" class=\"elementor elementor-18848\">\n\t\t\t\t\t\t<section class=\"elementor-section elementor-top-section elementor-element elementor-element-74e5db7 elementor-section-boxed elementor-section-height-default elementor-section-height-default\" data-id=\"74e5db7\" data-element_type=\"section\" data-e-type=\"section\">\n\t\t\t\t\t\t<div class=\"elementor-container elementor-column-gap-default\">\n\t\t\t\t\t<div class=\"elementor-column elementor-col-100 elementor-top-column elementor-element elementor-element-c05f0fd\" data-id=\"c05f0fd\" data-element_type=\"column\" data-e-type=\"column\">\n\t\t\t<div class=\"elementor-widget-wrap elementor-element-populated\">\n\t\t\t\t\t\t<div class=\"elementor-element elementor-element-ff75095 elementor-widget__width-initial elementor-widget elementor-widget-heading\" data-id=\"ff75095\" data-element_type=\"widget\" data-e-type=\"widget\" data-widget_type=\"heading.default\">\n\t\t\t\t<div class=\"elementor-widget-container\">\n\t\t\t\t\t<h2 class=\"elementor-heading-title elementor-size-default\">Sus principales obras  \"Eleg\u00edas de Duino\" , \"Sonetos a Orfeo\" y \"Cartas a un joven poeta\" escritas en una \u00e9poca de importantes cambios en el mundo por el lamentable advenimiento de la Primera Guerra Mundial que impacta de manera profunda en los seres humanos ;  tiempo en el que surgen las vanguardias que representan  las emociones y sentimientos de los artistas  destac\u00e1ndose el Expresionismo de la que Rilke forma parte . <\/h2>\t\t\t\t<\/div>\n\t\t\t\t<\/div>\n\t\t\t\t\t<\/div>\n\t\t<\/div>\n\t\t\t\t\t<\/div>\n\t\t<\/section>\n\t\t\t\t<section class=\"elementor-section elementor-top-section elementor-element elementor-element-8aba1ea elementor-hidden-desktop elementor-hidden-tablet elementor-section-boxed elementor-section-height-default elementor-section-height-default\" data-id=\"8aba1ea\" data-element_type=\"section\" data-e-type=\"section\">\n\t\t\t\t\t\t<div class=\"elementor-container elementor-column-gap-default\">\n\t\t\t\t\t<div class=\"elementor-column elementor-col-50 elementor-top-column elementor-element elementor-element-f61746e\" data-id=\"f61746e\" data-element_type=\"column\" data-e-type=\"column\">\n\t\t\t<div class=\"elementor-widget-wrap elementor-element-populated\">\n\t\t\t\t\t\t<div class=\"elementor-element elementor-element-810b082 elementor-widget elementor-widget-heading\" data-id=\"810b082\" data-element_type=\"widget\" data-e-type=\"widget\" data-widget_type=\"heading.default\">\n\t\t\t\t<div class=\"elementor-widget-container\">\n\t\t\t\t\t<h2 class=\"elementor-heading-title elementor-size-default\">Para una mejor visualizaci\u00f3n, por favor activar giro de pantalla en su tel\u00e9fono<\/h2>\t\t\t\t<\/div>\n\t\t\t\t<\/div>\n\t\t\t\t\t<\/div>\n\t\t<\/div>\n\t\t\t\t<div class=\"elementor-column elementor-col-50 elementor-top-column elementor-element elementor-element-b7988e2\" data-id=\"b7988e2\" data-element_type=\"column\" data-e-type=\"column\">\n\t\t\t<div class=\"elementor-widget-wrap elementor-element-populated\">\n\t\t\t\t\t\t<div class=\"elementor-element elementor-element-8dd781b elementor-view-default elementor-widget elementor-widget-icon\" data-id=\"8dd781b\" data-element_type=\"widget\" data-e-type=\"widget\" data-widget_type=\"icon.default\">\n\t\t\t\t<div class=\"elementor-widget-container\">\n\t\t\t\t\t\t\t<div class=\"elementor-icon-wrapper\">\n\t\t\t<div class=\"elementor-icon\">\n\t\t\t<i aria-hidden=\"true\" class=\"fas fa-sync-alt\"><\/i>\t\t\t<\/div>\n\t\t<\/div>\n\t\t\t\t\t\t<\/div>\n\t\t\t\t<\/div>\n\t\t\t\t\t<\/div>\n\t\t<\/div>\n\t\t\t\t\t<\/div>\n\t\t<\/section>\n\t\t\t\t<section class=\"elementor-section elementor-top-section elementor-element elementor-element-aeb7c6d elementor-section-boxed elementor-section-height-default elementor-section-height-default\" data-id=\"aeb7c6d\" data-element_type=\"section\" data-e-type=\"section\">\n\t\t\t\t\t\t<div class=\"elementor-container elementor-column-gap-default\">\n\t\t\t\t\t<div class=\"elementor-column elementor-col-100 elementor-top-column elementor-element elementor-element-a8c020f\" data-id=\"a8c020f\" data-element_type=\"column\" data-e-type=\"column\">\n\t\t\t<div class=\"elementor-widget-wrap elementor-element-populated\">\n\t\t\t\t\t\t<div class=\"elementor-element elementor-element-cb4e9b3 elementor-widget elementor-widget-image-gallery\" data-id=\"cb4e9b3\" data-element_type=\"widget\" data-e-type=\"widget\" data-widget_type=\"image-gallery.default\">\n\t\t\t\t<div class=\"elementor-widget-container\">\n\t\t\t\t\t\t\t<div class=\"elementor-image-gallery\">\n\t\t\t<div id='gallery-1' class='gallery galleryid-18848 gallery-columns-1 gallery-size-full'><figure class='gallery-item'>\n\t\t\t<div class='gallery-icon landscape'>\n\t\t\t\t<a data-elementor-open-lightbox=\"yes\" data-elementor-lightbox-slideshow=\"cb4e9b3\" data-elementor-lightbox-title=\"Rainer Mar\u00eda Rilke Instituto aleman puerto montt 1\" data-e-action-hash=\"#elementor-action%3Aaction%3Dlightbox%26settings%3DeyJpZCI6MTg5MDUsInVybCI6Imh0dHBzOlwvXC9pYWxlbWFuLmNsXC93cC1jb250ZW50XC91cGxvYWRzXC8yMDIzXC8wNFwvUmFpbmVyLU1hcmlhLVJpbGtlLUluc3RpdHV0by1hbGVtYW4tcHVlcnRvLW1vbnR0LTEtMS5wbmciLCJzbGlkZXNob3ciOiJjYjRlOWIzIn0%3D\" href='https:\/\/ialeman.cl\/wp-content\/uploads\/2023\/04\/Rainer-Maria-Rilke-Instituto-aleman-puerto-montt-1-1.png'><img fetchpriority=\"high\" decoding=\"async\" width=\"960\" height=\"540\" src=\"https:\/\/ialeman.cl\/wp-content\/uploads\/2023\/04\/Rainer-Maria-Rilke-Instituto-aleman-puerto-montt-1-1.png\" class=\"attachment-full size-full\" alt=\"\" srcset=\"https:\/\/ialeman.cl\/wp-content\/uploads\/2023\/04\/Rainer-Maria-Rilke-Instituto-aleman-puerto-montt-1-1.png 960w, https:\/\/ialeman.cl\/wp-content\/uploads\/2023\/04\/Rainer-Maria-Rilke-Instituto-aleman-puerto-montt-1-1-300x169.png 300w, https:\/\/ialeman.cl\/wp-content\/uploads\/2023\/04\/Rainer-Maria-Rilke-Instituto-aleman-puerto-montt-1-1-768x432.png 768w\" sizes=\"(max-width: 960px) 100vw, 960px\" \/><\/a>\n\t\t\t<\/div><\/figure><figure class='gallery-item'>\n\t\t\t<div class='gallery-icon landscape'>\n\t\t\t\t<a data-elementor-open-lightbox=\"yes\" data-elementor-lightbox-slideshow=\"cb4e9b3\" data-elementor-lightbox-title=\"Rainer Mar\u00eda Rilke Instituto aleman puerto montt 2\" data-e-action-hash=\"#elementor-action%3Aaction%3Dlightbox%26settings%3DeyJpZCI6MTg5MDYsInVybCI6Imh0dHBzOlwvXC9pYWxlbWFuLmNsXC93cC1jb250ZW50XC91cGxvYWRzXC8yMDIzXC8wNFwvUmFpbmVyLU1hcmlhLVJpbGtlLUluc3RpdHV0by1hbGVtYW4tcHVlcnRvLW1vbnR0LTItMS5wbmciLCJzbGlkZXNob3ciOiJjYjRlOWIzIn0%3D\" href='https:\/\/ialeman.cl\/wp-content\/uploads\/2023\/04\/Rainer-Maria-Rilke-Instituto-aleman-puerto-montt-2-1.png'><img decoding=\"async\" width=\"960\" height=\"540\" src=\"https:\/\/ialeman.cl\/wp-content\/uploads\/2023\/04\/Rainer-Maria-Rilke-Instituto-aleman-puerto-montt-2-1.png\" class=\"attachment-full size-full\" alt=\"\" srcset=\"https:\/\/ialeman.cl\/wp-content\/uploads\/2023\/04\/Rainer-Maria-Rilke-Instituto-aleman-puerto-montt-2-1.png 960w, https:\/\/ialeman.cl\/wp-content\/uploads\/2023\/04\/Rainer-Maria-Rilke-Instituto-aleman-puerto-montt-2-1-300x169.png 300w, https:\/\/ialeman.cl\/wp-content\/uploads\/2023\/04\/Rainer-Maria-Rilke-Instituto-aleman-puerto-montt-2-1-768x432.png 768w\" sizes=\"(max-width: 960px) 100vw, 960px\" \/><\/a>\n\t\t\t<\/div><\/figure><figure class='gallery-item'>\n\t\t\t<div class='gallery-icon landscape'>\n\t\t\t\t<a data-elementor-open-lightbox=\"yes\" data-elementor-lightbox-slideshow=\"cb4e9b3\" data-elementor-lightbox-title=\"Rainer Mar\u00eda Rilke Instituto aleman puerto montt 3\" data-e-action-hash=\"#elementor-action%3Aaction%3Dlightbox%26settings%3DeyJpZCI6MTg5MDcsInVybCI6Imh0dHBzOlwvXC9pYWxlbWFuLmNsXC93cC1jb250ZW50XC91cGxvYWRzXC8yMDIzXC8wNFwvUmFpbmVyLU1hcmlhLVJpbGtlLUluc3RpdHV0by1hbGVtYW4tcHVlcnRvLW1vbnR0LTMtMS5wbmciLCJzbGlkZXNob3ciOiJjYjRlOWIzIn0%3D\" href='https:\/\/ialeman.cl\/wp-content\/uploads\/2023\/04\/Rainer-Maria-Rilke-Instituto-aleman-puerto-montt-3-1.png'><img decoding=\"async\" width=\"960\" height=\"540\" src=\"https:\/\/ialeman.cl\/wp-content\/uploads\/2023\/04\/Rainer-Maria-Rilke-Instituto-aleman-puerto-montt-3-1.png\" class=\"attachment-full size-full\" alt=\"\" srcset=\"https:\/\/ialeman.cl\/wp-content\/uploads\/2023\/04\/Rainer-Maria-Rilke-Instituto-aleman-puerto-montt-3-1.png 960w, https:\/\/ialeman.cl\/wp-content\/uploads\/2023\/04\/Rainer-Maria-Rilke-Instituto-aleman-puerto-montt-3-1-300x169.png 300w, https:\/\/ialeman.cl\/wp-content\/uploads\/2023\/04\/Rainer-Maria-Rilke-Instituto-aleman-puerto-montt-3-1-768x432.png 768w\" sizes=\"(max-width: 960px) 100vw, 960px\" \/><\/a>\n\t\t\t<\/div><\/figure><figure class='gallery-item'>\n\t\t\t<div class='gallery-icon landscape'>\n\t\t\t\t<a data-elementor-open-lightbox=\"yes\" data-elementor-lightbox-slideshow=\"cb4e9b3\" data-elementor-lightbox-title=\"Rainer Mar\u00eda Rilke Instituto aleman puerto montt 4\" data-e-action-hash=\"#elementor-action%3Aaction%3Dlightbox%26settings%3DeyJpZCI6MTg5MDgsInVybCI6Imh0dHBzOlwvXC9pYWxlbWFuLmNsXC93cC1jb250ZW50XC91cGxvYWRzXC8yMDIzXC8wNFwvUmFpbmVyLU1hcmlhLVJpbGtlLUluc3RpdHV0by1hbGVtYW4tcHVlcnRvLW1vbnR0LTQtMS5wbmciLCJzbGlkZXNob3ciOiJjYjRlOWIzIn0%3D\" href='https:\/\/ialeman.cl\/wp-content\/uploads\/2023\/04\/Rainer-Maria-Rilke-Instituto-aleman-puerto-montt-4-1.png'><img loading=\"lazy\" decoding=\"async\" width=\"960\" height=\"540\" src=\"https:\/\/ialeman.cl\/wp-content\/uploads\/2023\/04\/Rainer-Maria-Rilke-Instituto-aleman-puerto-montt-4-1.png\" class=\"attachment-full size-full\" alt=\"\" srcset=\"https:\/\/ialeman.cl\/wp-content\/uploads\/2023\/04\/Rainer-Maria-Rilke-Instituto-aleman-puerto-montt-4-1.png 960w, https:\/\/ialeman.cl\/wp-content\/uploads\/2023\/04\/Rainer-Maria-Rilke-Instituto-aleman-puerto-montt-4-1-300x169.png 300w, https:\/\/ialeman.cl\/wp-content\/uploads\/2023\/04\/Rainer-Maria-Rilke-Instituto-aleman-puerto-montt-4-1-768x432.png 768w\" sizes=\"(max-width: 960px) 100vw, 960px\" \/><\/a>\n\t\t\t<\/div><\/figure><figure class='gallery-item'>\n\t\t\t<div class='gallery-icon landscape'>\n\t\t\t\t<a data-elementor-open-lightbox=\"yes\" data-elementor-lightbox-slideshow=\"cb4e9b3\" data-elementor-lightbox-title=\"Rainer Mar\u00eda Rilke Instituto aleman puerto montt 5\" data-e-action-hash=\"#elementor-action%3Aaction%3Dlightbox%26settings%3DeyJpZCI6MTg5MDksInVybCI6Imh0dHBzOlwvXC9pYWxlbWFuLmNsXC93cC1jb250ZW50XC91cGxvYWRzXC8yMDIzXC8wNFwvUmFpbmVyLU1hcmlhLVJpbGtlLUluc3RpdHV0by1hbGVtYW4tcHVlcnRvLW1vbnR0LTUtMS5wbmciLCJzbGlkZXNob3ciOiJjYjRlOWIzIn0%3D\" href='https:\/\/ialeman.cl\/wp-content\/uploads\/2023\/04\/Rainer-Maria-Rilke-Instituto-aleman-puerto-montt-5-1.png'><img loading=\"lazy\" decoding=\"async\" width=\"960\" height=\"540\" src=\"https:\/\/ialeman.cl\/wp-content\/uploads\/2023\/04\/Rainer-Maria-Rilke-Instituto-aleman-puerto-montt-5-1.png\" class=\"attachment-full size-full\" alt=\"\" srcset=\"https:\/\/ialeman.cl\/wp-content\/uploads\/2023\/04\/Rainer-Maria-Rilke-Instituto-aleman-puerto-montt-5-1.png 960w, https:\/\/ialeman.cl\/wp-content\/uploads\/2023\/04\/Rainer-Maria-Rilke-Instituto-aleman-puerto-montt-5-1-300x169.png 300w, https:\/\/ialeman.cl\/wp-content\/uploads\/2023\/04\/Rainer-Maria-Rilke-Instituto-aleman-puerto-montt-5-1-768x432.png 768w\" sizes=\"(max-width: 960px) 100vw, 960px\" \/><\/a>\n\t\t\t<\/div><\/figure><figure class='gallery-item'>\n\t\t\t<div class='gallery-icon landscape'>\n\t\t\t\t<a data-elementor-open-lightbox=\"yes\" data-elementor-lightbox-slideshow=\"cb4e9b3\" data-elementor-lightbox-title=\"Rainer Mar\u00eda Rilke Instituto aleman puerto montt 6\" data-e-action-hash=\"#elementor-action%3Aaction%3Dlightbox%26settings%3DeyJpZCI6MTg5MTAsInVybCI6Imh0dHBzOlwvXC9pYWxlbWFuLmNsXC93cC1jb250ZW50XC91cGxvYWRzXC8yMDIzXC8wNFwvUmFpbmVyLU1hcmlhLVJpbGtlLUluc3RpdHV0by1hbGVtYW4tcHVlcnRvLW1vbnR0LTYtMS5wbmciLCJzbGlkZXNob3ciOiJjYjRlOWIzIn0%3D\" href='https:\/\/ialeman.cl\/wp-content\/uploads\/2023\/04\/Rainer-Maria-Rilke-Instituto-aleman-puerto-montt-6-1.png'><img loading=\"lazy\" decoding=\"async\" width=\"960\" height=\"540\" src=\"https:\/\/ialeman.cl\/wp-content\/uploads\/2023\/04\/Rainer-Maria-Rilke-Instituto-aleman-puerto-montt-6-1.png\" class=\"attachment-full size-full\" alt=\"\" srcset=\"https:\/\/ialeman.cl\/wp-content\/uploads\/2023\/04\/Rainer-Maria-Rilke-Instituto-aleman-puerto-montt-6-1.png 960w, https:\/\/ialeman.cl\/wp-content\/uploads\/2023\/04\/Rainer-Maria-Rilke-Instituto-aleman-puerto-montt-6-1-300x169.png 300w, https:\/\/ialeman.cl\/wp-content\/uploads\/2023\/04\/Rainer-Maria-Rilke-Instituto-aleman-puerto-montt-6-1-768x432.png 768w\" sizes=\"(max-width: 960px) 100vw, 960px\" \/><\/a>\n\t\t\t<\/div><\/figure><figure class='gallery-item'>\n\t\t\t<div class='gallery-icon landscape'>\n\t\t\t\t<a data-elementor-open-lightbox=\"yes\" data-elementor-lightbox-slideshow=\"cb4e9b3\" data-elementor-lightbox-title=\"Rainer Mar\u00eda Rilke Instituto aleman puerto montt 7\" data-e-action-hash=\"#elementor-action%3Aaction%3Dlightbox%26settings%3DeyJpZCI6MTg5MTEsInVybCI6Imh0dHBzOlwvXC9pYWxlbWFuLmNsXC93cC1jb250ZW50XC91cGxvYWRzXC8yMDIzXC8wNFwvUmFpbmVyLU1hcmlhLVJpbGtlLUluc3RpdHV0by1hbGVtYW4tcHVlcnRvLW1vbnR0LTctMS5wbmciLCJzbGlkZXNob3ciOiJjYjRlOWIzIn0%3D\" href='https:\/\/ialeman.cl\/wp-content\/uploads\/2023\/04\/Rainer-Maria-Rilke-Instituto-aleman-puerto-montt-7-1.png'><img loading=\"lazy\" decoding=\"async\" width=\"960\" height=\"540\" src=\"https:\/\/ialeman.cl\/wp-content\/uploads\/2023\/04\/Rainer-Maria-Rilke-Instituto-aleman-puerto-montt-7-1.png\" class=\"attachment-full size-full\" alt=\"\" srcset=\"https:\/\/ialeman.cl\/wp-content\/uploads\/2023\/04\/Rainer-Maria-Rilke-Instituto-aleman-puerto-montt-7-1.png 960w, https:\/\/ialeman.cl\/wp-content\/uploads\/2023\/04\/Rainer-Maria-Rilke-Instituto-aleman-puerto-montt-7-1-300x169.png 300w, https:\/\/ialeman.cl\/wp-content\/uploads\/2023\/04\/Rainer-Maria-Rilke-Instituto-aleman-puerto-montt-7-1-768x432.png 768w\" sizes=\"(max-width: 960px) 100vw, 960px\" \/><\/a>\n\t\t\t<\/div><\/figure><figure class='gallery-item'>\n\t\t\t<div class='gallery-icon landscape'>\n\t\t\t\t<a data-elementor-open-lightbox=\"yes\" data-elementor-lightbox-slideshow=\"cb4e9b3\" data-elementor-lightbox-title=\"Rainer Mar\u00eda Rilke Instituto aleman puerto montt 8\" data-e-action-hash=\"#elementor-action%3Aaction%3Dlightbox%26settings%3DeyJpZCI6MTg5MTIsInVybCI6Imh0dHBzOlwvXC9pYWxlbWFuLmNsXC93cC1jb250ZW50XC91cGxvYWRzXC8yMDIzXC8wNFwvUmFpbmVyLU1hcmlhLVJpbGtlLUluc3RpdHV0by1hbGVtYW4tcHVlcnRvLW1vbnR0LTgtMS5wbmciLCJzbGlkZXNob3ciOiJjYjRlOWIzIn0%3D\" href='https:\/\/ialeman.cl\/wp-content\/uploads\/2023\/04\/Rainer-Maria-Rilke-Instituto-aleman-puerto-montt-8-1.png'><img loading=\"lazy\" decoding=\"async\" width=\"960\" height=\"540\" src=\"https:\/\/ialeman.cl\/wp-content\/uploads\/2023\/04\/Rainer-Maria-Rilke-Instituto-aleman-puerto-montt-8-1.png\" class=\"attachment-full size-full\" alt=\"\" srcset=\"https:\/\/ialeman.cl\/wp-content\/uploads\/2023\/04\/Rainer-Maria-Rilke-Instituto-aleman-puerto-montt-8-1.png 960w, https:\/\/ialeman.cl\/wp-content\/uploads\/2023\/04\/Rainer-Maria-Rilke-Instituto-aleman-puerto-montt-8-1-300x169.png 300w, https:\/\/ialeman.cl\/wp-content\/uploads\/2023\/04\/Rainer-Maria-Rilke-Instituto-aleman-puerto-montt-8-1-768x432.png 768w\" sizes=\"(max-width: 960px) 100vw, 960px\" \/><\/a>\n\t\t\t<\/div><\/figure><figure class='gallery-item'>\n\t\t\t<div class='gallery-icon landscape'>\n\t\t\t\t<a data-elementor-open-lightbox=\"yes\" data-elementor-lightbox-slideshow=\"cb4e9b3\" data-elementor-lightbox-title=\"Rainer Mar\u00eda Rilke Instituto aleman puerto montt 9\" data-e-action-hash=\"#elementor-action%3Aaction%3Dlightbox%26settings%3DeyJpZCI6MTg5MTMsInVybCI6Imh0dHBzOlwvXC9pYWxlbWFuLmNsXC93cC1jb250ZW50XC91cGxvYWRzXC8yMDIzXC8wNFwvUmFpbmVyLU1hcmlhLVJpbGtlLUluc3RpdHV0by1hbGVtYW4tcHVlcnRvLW1vbnR0LTktMS5wbmciLCJzbGlkZXNob3ciOiJjYjRlOWIzIn0%3D\" href='https:\/\/ialeman.cl\/wp-content\/uploads\/2023\/04\/Rainer-Maria-Rilke-Instituto-aleman-puerto-montt-9-1.png'><img loading=\"lazy\" decoding=\"async\" width=\"960\" height=\"540\" src=\"https:\/\/ialeman.cl\/wp-content\/uploads\/2023\/04\/Rainer-Maria-Rilke-Instituto-aleman-puerto-montt-9-1.png\" class=\"attachment-full size-full\" alt=\"\" srcset=\"https:\/\/ialeman.cl\/wp-content\/uploads\/2023\/04\/Rainer-Maria-Rilke-Instituto-aleman-puerto-montt-9-1.png 960w, https:\/\/ialeman.cl\/wp-content\/uploads\/2023\/04\/Rainer-Maria-Rilke-Instituto-aleman-puerto-montt-9-1-300x169.png 300w, https:\/\/ialeman.cl\/wp-content\/uploads\/2023\/04\/Rainer-Maria-Rilke-Instituto-aleman-puerto-montt-9-1-768x432.png 768w\" sizes=\"(max-width: 960px) 100vw, 960px\" \/><\/a>\n\t\t\t<\/div><\/figure><figure class='gallery-item'>\n\t\t\t<div class='gallery-icon landscape'>\n\t\t\t\t<a data-elementor-open-lightbox=\"yes\" data-elementor-lightbox-slideshow=\"cb4e9b3\" data-elementor-lightbox-title=\"Rainer Mar\u00eda Rilke Instituto aleman puerto montt 10\" data-e-action-hash=\"#elementor-action%3Aaction%3Dlightbox%26settings%3DeyJpZCI6MTg5MTQsInVybCI6Imh0dHBzOlwvXC9pYWxlbWFuLmNsXC93cC1jb250ZW50XC91cGxvYWRzXC8yMDIzXC8wNFwvUmFpbmVyLU1hcmlhLVJpbGtlLUluc3RpdHV0by1hbGVtYW4tcHVlcnRvLW1vbnR0LTEwLTEucG5nIiwic2xpZGVzaG93IjoiY2I0ZTliMyJ9\" href='https:\/\/ialeman.cl\/wp-content\/uploads\/2023\/04\/Rainer-Maria-Rilke-Instituto-aleman-puerto-montt-10-1.png'><img loading=\"lazy\" decoding=\"async\" width=\"960\" height=\"540\" src=\"https:\/\/ialeman.cl\/wp-content\/uploads\/2023\/04\/Rainer-Maria-Rilke-Instituto-aleman-puerto-montt-10-1.png\" class=\"attachment-full size-full\" alt=\"\" srcset=\"https:\/\/ialeman.cl\/wp-content\/uploads\/2023\/04\/Rainer-Maria-Rilke-Instituto-aleman-puerto-montt-10-1.png 960w, https:\/\/ialeman.cl\/wp-content\/uploads\/2023\/04\/Rainer-Maria-Rilke-Instituto-aleman-puerto-montt-10-1-300x169.png 300w, https:\/\/ialeman.cl\/wp-content\/uploads\/2023\/04\/Rainer-Maria-Rilke-Instituto-aleman-puerto-montt-10-1-768x432.png 768w\" sizes=\"(max-width: 960px) 100vw, 960px\" \/><\/a>\n\t\t\t<\/div><\/figure><figure class='gallery-item'>\n\t\t\t<div class='gallery-icon landscape'>\n\t\t\t\t<a data-elementor-open-lightbox=\"yes\" data-elementor-lightbox-slideshow=\"cb4e9b3\" data-elementor-lightbox-title=\"Rainer Mar\u00eda Rilke Instituto aleman puerto montt 11\" data-e-action-hash=\"#elementor-action%3Aaction%3Dlightbox%26settings%3DeyJpZCI6MTg5MTUsInVybCI6Imh0dHBzOlwvXC9pYWxlbWFuLmNsXC93cC1jb250ZW50XC91cGxvYWRzXC8yMDIzXC8wNFwvUmFpbmVyLU1hcmlhLVJpbGtlLUluc3RpdHV0by1hbGVtYW4tcHVlcnRvLW1vbnR0LTExLTEucG5nIiwic2xpZGVzaG93IjoiY2I0ZTliMyJ9\" href='https:\/\/ialeman.cl\/wp-content\/uploads\/2023\/04\/Rainer-Maria-Rilke-Instituto-aleman-puerto-montt-11-1.png'><img loading=\"lazy\" decoding=\"async\" width=\"960\" height=\"540\" src=\"https:\/\/ialeman.cl\/wp-content\/uploads\/2023\/04\/Rainer-Maria-Rilke-Instituto-aleman-puerto-montt-11-1.png\" class=\"attachment-full size-full\" alt=\"\" srcset=\"https:\/\/ialeman.cl\/wp-content\/uploads\/2023\/04\/Rainer-Maria-Rilke-Instituto-aleman-puerto-montt-11-1.png 960w, https:\/\/ialeman.cl\/wp-content\/uploads\/2023\/04\/Rainer-Maria-Rilke-Instituto-aleman-puerto-montt-11-1-300x169.png 300w, https:\/\/ialeman.cl\/wp-content\/uploads\/2023\/04\/Rainer-Maria-Rilke-Instituto-aleman-puerto-montt-11-1-768x432.png 768w\" sizes=\"(max-width: 960px) 100vw, 960px\" \/><\/a>\n\t\t\t<\/div><\/figure><figure class='gallery-item'>\n\t\t\t<div class='gallery-icon landscape'>\n\t\t\t\t<a data-elementor-open-lightbox=\"yes\" data-elementor-lightbox-slideshow=\"cb4e9b3\" data-elementor-lightbox-title=\"Rainer Mar\u00eda Rilke Instituto aleman puerto montt 12\" data-e-action-hash=\"#elementor-action%3Aaction%3Dlightbox%26settings%3DeyJpZCI6MTg5MTYsInVybCI6Imh0dHBzOlwvXC9pYWxlbWFuLmNsXC93cC1jb250ZW50XC91cGxvYWRzXC8yMDIzXC8wNFwvUmFpbmVyLU1hcmlhLVJpbGtlLUluc3RpdHV0by1hbGVtYW4tcHVlcnRvLW1vbnR0LTEyLTEucG5nIiwic2xpZGVzaG93IjoiY2I0ZTliMyJ9\" href='https:\/\/ialeman.cl\/wp-content\/uploads\/2023\/04\/Rainer-Maria-Rilke-Instituto-aleman-puerto-montt-12-1.png'><img loading=\"lazy\" decoding=\"async\" width=\"960\" height=\"540\" src=\"https:\/\/ialeman.cl\/wp-content\/uploads\/2023\/04\/Rainer-Maria-Rilke-Instituto-aleman-puerto-montt-12-1.png\" class=\"attachment-full size-full\" alt=\"\" srcset=\"https:\/\/ialeman.cl\/wp-content\/uploads\/2023\/04\/Rainer-Maria-Rilke-Instituto-aleman-puerto-montt-12-1.png 960w, https:\/\/ialeman.cl\/wp-content\/uploads\/2023\/04\/Rainer-Maria-Rilke-Instituto-aleman-puerto-montt-12-1-300x169.png 300w, https:\/\/ialeman.cl\/wp-content\/uploads\/2023\/04\/Rainer-Maria-Rilke-Instituto-aleman-puerto-montt-12-1-768x432.png 768w\" sizes=\"(max-width: 960px) 100vw, 960px\" \/><\/a>\n\t\t\t<\/div><\/figure><figure class='gallery-item'>\n\t\t\t<div class='gallery-icon landscape'>\n\t\t\t\t<a data-elementor-open-lightbox=\"yes\" data-elementor-lightbox-slideshow=\"cb4e9b3\" data-elementor-lightbox-title=\"Rainer Mar\u00eda Rilke Instituto aleman puerto montt 13\" data-e-action-hash=\"#elementor-action%3Aaction%3Dlightbox%26settings%3DeyJpZCI6MTg5MTcsInVybCI6Imh0dHBzOlwvXC9pYWxlbWFuLmNsXC93cC1jb250ZW50XC91cGxvYWRzXC8yMDIzXC8wNFwvUmFpbmVyLU1hcmlhLVJpbGtlLUluc3RpdHV0by1hbGVtYW4tcHVlcnRvLW1vbnR0LTEzLTEucG5nIiwic2xpZGVzaG93IjoiY2I0ZTliMyJ9\" href='https:\/\/ialeman.cl\/wp-content\/uploads\/2023\/04\/Rainer-Maria-Rilke-Instituto-aleman-puerto-montt-13-1.png'><img loading=\"lazy\" decoding=\"async\" width=\"960\" height=\"540\" src=\"https:\/\/ialeman.cl\/wp-content\/uploads\/2023\/04\/Rainer-Maria-Rilke-Instituto-aleman-puerto-montt-13-1.png\" class=\"attachment-full size-full\" alt=\"\" srcset=\"https:\/\/ialeman.cl\/wp-content\/uploads\/2023\/04\/Rainer-Maria-Rilke-Instituto-aleman-puerto-montt-13-1.png 960w, https:\/\/ialeman.cl\/wp-content\/uploads\/2023\/04\/Rainer-Maria-Rilke-Instituto-aleman-puerto-montt-13-1-300x169.png 300w, https:\/\/ialeman.cl\/wp-content\/uploads\/2023\/04\/Rainer-Maria-Rilke-Instituto-aleman-puerto-montt-13-1-768x432.png 768w\" sizes=\"(max-width: 960px) 100vw, 960px\" \/><\/a>\n\t\t\t<\/div><\/figure><figure class='gallery-item'>\n\t\t\t<div class='gallery-icon landscape'>\n\t\t\t\t<a data-elementor-open-lightbox=\"yes\" data-elementor-lightbox-slideshow=\"cb4e9b3\" data-elementor-lightbox-title=\"Rainer Mar\u00eda Rilke Instituto aleman puerto montt 14\" data-e-action-hash=\"#elementor-action%3Aaction%3Dlightbox%26settings%3DeyJpZCI6MTg5MTgsInVybCI6Imh0dHBzOlwvXC9pYWxlbWFuLmNsXC93cC1jb250ZW50XC91cGxvYWRzXC8yMDIzXC8wNFwvUmFpbmVyLU1hcmlhLVJpbGtlLUluc3RpdHV0by1hbGVtYW4tcHVlcnRvLW1vbnR0LTE0LTEucG5nIiwic2xpZGVzaG93IjoiY2I0ZTliMyJ9\" href='https:\/\/ialeman.cl\/wp-content\/uploads\/2023\/04\/Rainer-Maria-Rilke-Instituto-aleman-puerto-montt-14-1.png'><img loading=\"lazy\" decoding=\"async\" width=\"960\" height=\"540\" src=\"https:\/\/ialeman.cl\/wp-content\/uploads\/2023\/04\/Rainer-Maria-Rilke-Instituto-aleman-puerto-montt-14-1.png\" class=\"attachment-full size-full\" alt=\"\" srcset=\"https:\/\/ialeman.cl\/wp-content\/uploads\/2023\/04\/Rainer-Maria-Rilke-Instituto-aleman-puerto-montt-14-1.png 960w, https:\/\/ialeman.cl\/wp-content\/uploads\/2023\/04\/Rainer-Maria-Rilke-Instituto-aleman-puerto-montt-14-1-300x169.png 300w, https:\/\/ialeman.cl\/wp-content\/uploads\/2023\/04\/Rainer-Maria-Rilke-Instituto-aleman-puerto-montt-14-1-768x432.png 768w\" sizes=\"(max-width: 960px) 100vw, 960px\" \/><\/a>\n\t\t\t<\/div><\/figure><figure class='gallery-item'>\n\t\t\t<div class='gallery-icon landscape'>\n\t\t\t\t<a data-elementor-open-lightbox=\"yes\" data-elementor-lightbox-slideshow=\"cb4e9b3\" data-elementor-lightbox-title=\"Rainer Mar\u00eda Rilke Instituto aleman puerto montt 15\" data-e-action-hash=\"#elementor-action%3Aaction%3Dlightbox%26settings%3DeyJpZCI6MTg5MTksInVybCI6Imh0dHBzOlwvXC9pYWxlbWFuLmNsXC93cC1jb250ZW50XC91cGxvYWRzXC8yMDIzXC8wNFwvUmFpbmVyLU1hcmlhLVJpbGtlLUluc3RpdHV0by1hbGVtYW4tcHVlcnRvLW1vbnR0LTE1LTEucG5nIiwic2xpZGVzaG93IjoiY2I0ZTliMyJ9\" href='https:\/\/ialeman.cl\/wp-content\/uploads\/2023\/04\/Rainer-Maria-Rilke-Instituto-aleman-puerto-montt-15-1.png'><img loading=\"lazy\" decoding=\"async\" width=\"960\" height=\"540\" src=\"https:\/\/ialeman.cl\/wp-content\/uploads\/2023\/04\/Rainer-Maria-Rilke-Instituto-aleman-puerto-montt-15-1.png\" class=\"attachment-full size-full\" alt=\"\" srcset=\"https:\/\/ialeman.cl\/wp-content\/uploads\/2023\/04\/Rainer-Maria-Rilke-Instituto-aleman-puerto-montt-15-1.png 960w, https:\/\/ialeman.cl\/wp-content\/uploads\/2023\/04\/Rainer-Maria-Rilke-Instituto-aleman-puerto-montt-15-1-300x169.png 300w, https:\/\/ialeman.cl\/wp-content\/uploads\/2023\/04\/Rainer-Maria-Rilke-Instituto-aleman-puerto-montt-15-1-768x432.png 768w\" sizes=\"(max-width: 960px) 100vw, 960px\" \/><\/a>\n\t\t\t<\/div><\/figure><figure class='gallery-item'>\n\t\t\t<div class='gallery-icon landscape'>\n\t\t\t\t<a data-elementor-open-lightbox=\"yes\" data-elementor-lightbox-slideshow=\"cb4e9b3\" data-elementor-lightbox-title=\"Rainer Mar\u00eda Rilke Instituto aleman puerto montt 16\" data-e-action-hash=\"#elementor-action%3Aaction%3Dlightbox%26settings%3DeyJpZCI6MTg5MjAsInVybCI6Imh0dHBzOlwvXC9pYWxlbWFuLmNsXC93cC1jb250ZW50XC91cGxvYWRzXC8yMDIzXC8wNFwvUmFpbmVyLU1hcmlhLVJpbGtlLUluc3RpdHV0by1hbGVtYW4tcHVlcnRvLW1vbnR0LTE2LTEucG5nIiwic2xpZGVzaG93IjoiY2I0ZTliMyJ9\" href='https:\/\/ialeman.cl\/wp-content\/uploads\/2023\/04\/Rainer-Maria-Rilke-Instituto-aleman-puerto-montt-16-1.png'><img loading=\"lazy\" decoding=\"async\" width=\"960\" height=\"540\" src=\"https:\/\/ialeman.cl\/wp-content\/uploads\/2023\/04\/Rainer-Maria-Rilke-Instituto-aleman-puerto-montt-16-1.png\" class=\"attachment-full size-full\" alt=\"\" srcset=\"https:\/\/ialeman.cl\/wp-content\/uploads\/2023\/04\/Rainer-Maria-Rilke-Instituto-aleman-puerto-montt-16-1.png 960w, https:\/\/ialeman.cl\/wp-content\/uploads\/2023\/04\/Rainer-Maria-Rilke-Instituto-aleman-puerto-montt-16-1-300x169.png 300w, https:\/\/ialeman.cl\/wp-content\/uploads\/2023\/04\/Rainer-Maria-Rilke-Instituto-aleman-puerto-montt-16-1-768x432.png 768w\" sizes=\"(max-width: 960px) 100vw, 960px\" \/><\/a>\n\t\t\t<\/div><\/figure><figure class='gallery-item'>\n\t\t\t<div class='gallery-icon landscape'>\n\t\t\t\t<a data-elementor-open-lightbox=\"yes\" data-elementor-lightbox-slideshow=\"cb4e9b3\" data-elementor-lightbox-title=\"Rainer Mar\u00eda Rilke Instituto aleman puerto montt 17\" data-e-action-hash=\"#elementor-action%3Aaction%3Dlightbox%26settings%3DeyJpZCI6MTg5MjEsInVybCI6Imh0dHBzOlwvXC9pYWxlbWFuLmNsXC93cC1jb250ZW50XC91cGxvYWRzXC8yMDIzXC8wNFwvUmFpbmVyLU1hcmlhLVJpbGtlLUluc3RpdHV0by1hbGVtYW4tcHVlcnRvLW1vbnR0LTE3LTEucG5nIiwic2xpZGVzaG93IjoiY2I0ZTliMyJ9\" href='https:\/\/ialeman.cl\/wp-content\/uploads\/2023\/04\/Rainer-Maria-Rilke-Instituto-aleman-puerto-montt-17-1.png'><img loading=\"lazy\" decoding=\"async\" width=\"960\" height=\"540\" src=\"https:\/\/ialeman.cl\/wp-content\/uploads\/2023\/04\/Rainer-Maria-Rilke-Instituto-aleman-puerto-montt-17-1.png\" class=\"attachment-full size-full\" alt=\"\" srcset=\"https:\/\/ialeman.cl\/wp-content\/uploads\/2023\/04\/Rainer-Maria-Rilke-Instituto-aleman-puerto-montt-17-1.png 960w, https:\/\/ialeman.cl\/wp-content\/uploads\/2023\/04\/Rainer-Maria-Rilke-Instituto-aleman-puerto-montt-17-1-300x169.png 300w, https:\/\/ialeman.cl\/wp-content\/uploads\/2023\/04\/Rainer-Maria-Rilke-Instituto-aleman-puerto-montt-17-1-768x432.png 768w\" sizes=\"(max-width: 960px) 100vw, 960px\" \/><\/a>\n\t\t\t<\/div><\/figure><figure class='gallery-item'>\n\t\t\t<div class='gallery-icon landscape'>\n\t\t\t\t<a data-elementor-open-lightbox=\"yes\" data-elementor-lightbox-slideshow=\"cb4e9b3\" data-elementor-lightbox-title=\"Rainer Mar\u00eda Rilke Instituto aleman puerto montt 18\" data-e-action-hash=\"#elementor-action%3Aaction%3Dlightbox%26settings%3DeyJpZCI6MTg5MjIsInVybCI6Imh0dHBzOlwvXC9pYWxlbWFuLmNsXC93cC1jb250ZW50XC91cGxvYWRzXC8yMDIzXC8wNFwvUmFpbmVyLU1hcmlhLVJpbGtlLUluc3RpdHV0by1hbGVtYW4tcHVlcnRvLW1vbnR0LTE4LTEucG5nIiwic2xpZGVzaG93IjoiY2I0ZTliMyJ9\" href='https:\/\/ialeman.cl\/wp-content\/uploads\/2023\/04\/Rainer-Maria-Rilke-Instituto-aleman-puerto-montt-18-1.png'><img loading=\"lazy\" decoding=\"async\" width=\"960\" height=\"540\" src=\"https:\/\/ialeman.cl\/wp-content\/uploads\/2023\/04\/Rainer-Maria-Rilke-Instituto-aleman-puerto-montt-18-1.png\" class=\"attachment-full size-full\" alt=\"\" srcset=\"https:\/\/ialeman.cl\/wp-content\/uploads\/2023\/04\/Rainer-Maria-Rilke-Instituto-aleman-puerto-montt-18-1.png 960w, https:\/\/ialeman.cl\/wp-content\/uploads\/2023\/04\/Rainer-Maria-Rilke-Instituto-aleman-puerto-montt-18-1-300x169.png 300w, https:\/\/ialeman.cl\/wp-content\/uploads\/2023\/04\/Rainer-Maria-Rilke-Instituto-aleman-puerto-montt-18-1-768x432.png 768w\" sizes=\"(max-width: 960px) 100vw, 960px\" \/><\/a>\n\t\t\t<\/div><\/figure><figure class='gallery-item'>\n\t\t\t<div class='gallery-icon landscape'>\n\t\t\t\t<a data-elementor-open-lightbox=\"yes\" data-elementor-lightbox-slideshow=\"cb4e9b3\" data-elementor-lightbox-title=\"Rainer Mar\u00eda Rilke Instituto aleman puerto montt 19\" data-e-action-hash=\"#elementor-action%3Aaction%3Dlightbox%26settings%3DeyJpZCI6MTg5MjMsInVybCI6Imh0dHBzOlwvXC9pYWxlbWFuLmNsXC93cC1jb250ZW50XC91cGxvYWRzXC8yMDIzXC8wNFwvUmFpbmVyLU1hcmlhLVJpbGtlLUluc3RpdHV0by1hbGVtYW4tcHVlcnRvLW1vbnR0LTE5LTEucG5nIiwic2xpZGVzaG93IjoiY2I0ZTliMyJ9\" href='https:\/\/ialeman.cl\/wp-content\/uploads\/2023\/04\/Rainer-Maria-Rilke-Instituto-aleman-puerto-montt-19-1.png'><img loading=\"lazy\" decoding=\"async\" width=\"960\" height=\"540\" src=\"https:\/\/ialeman.cl\/wp-content\/uploads\/2023\/04\/Rainer-Maria-Rilke-Instituto-aleman-puerto-montt-19-1.png\" class=\"attachment-full size-full\" alt=\"\" srcset=\"https:\/\/ialeman.cl\/wp-content\/uploads\/2023\/04\/Rainer-Maria-Rilke-Instituto-aleman-puerto-montt-19-1.png 960w, https:\/\/ialeman.cl\/wp-content\/uploads\/2023\/04\/Rainer-Maria-Rilke-Instituto-aleman-puerto-montt-19-1-300x169.png 300w, https:\/\/ialeman.cl\/wp-content\/uploads\/2023\/04\/Rainer-Maria-Rilke-Instituto-aleman-puerto-montt-19-1-768x432.png 768w\" sizes=\"(max-width: 960px) 100vw, 960px\" \/><\/a>\n\t\t\t<\/div><\/figure><figure class='gallery-item'>\n\t\t\t<div class='gallery-icon landscape'>\n\t\t\t\t<a data-elementor-open-lightbox=\"yes\" data-elementor-lightbox-slideshow=\"cb4e9b3\" data-elementor-lightbox-title=\"Rainer Mar\u00eda Rilke Instituto aleman puerto montt 20\" data-e-action-hash=\"#elementor-action%3Aaction%3Dlightbox%26settings%3DeyJpZCI6MTg5MjQsInVybCI6Imh0dHBzOlwvXC9pYWxlbWFuLmNsXC93cC1jb250ZW50XC91cGxvYWRzXC8yMDIzXC8wNFwvUmFpbmVyLU1hcmlhLVJpbGtlLUluc3RpdHV0by1hbGVtYW4tcHVlcnRvLW1vbnR0LTIwLTEucG5nIiwic2xpZGVzaG93IjoiY2I0ZTliMyJ9\" href='https:\/\/ialeman.cl\/wp-content\/uploads\/2023\/04\/Rainer-Maria-Rilke-Instituto-aleman-puerto-montt-20-1.png'><img loading=\"lazy\" decoding=\"async\" width=\"960\" height=\"540\" src=\"https:\/\/ialeman.cl\/wp-content\/uploads\/2023\/04\/Rainer-Maria-Rilke-Instituto-aleman-puerto-montt-20-1.png\" class=\"attachment-full size-full\" alt=\"\" srcset=\"https:\/\/ialeman.cl\/wp-content\/uploads\/2023\/04\/Rainer-Maria-Rilke-Instituto-aleman-puerto-montt-20-1.png 960w, https:\/\/ialeman.cl\/wp-content\/uploads\/2023\/04\/Rainer-Maria-Rilke-Instituto-aleman-puerto-montt-20-1-300x169.png 300w, https:\/\/ialeman.cl\/wp-content\/uploads\/2023\/04\/Rainer-Maria-Rilke-Instituto-aleman-puerto-montt-20-1-768x432.png 768w\" sizes=\"(max-width: 960px) 100vw, 960px\" \/><\/a>\n\t\t\t<\/div><\/figure><figure class='gallery-item'>\n\t\t\t<div class='gallery-icon landscape'>\n\t\t\t\t<a data-elementor-open-lightbox=\"yes\" data-elementor-lightbox-slideshow=\"cb4e9b3\" data-elementor-lightbox-title=\"Rainer Mar\u00eda Rilke Instituto aleman puerto montt 21\" data-e-action-hash=\"#elementor-action%3Aaction%3Dlightbox%26settings%3DeyJpZCI6MTg5MjUsInVybCI6Imh0dHBzOlwvXC9pYWxlbWFuLmNsXC93cC1jb250ZW50XC91cGxvYWRzXC8yMDIzXC8wNFwvUmFpbmVyLU1hcmlhLVJpbGtlLUluc3RpdHV0by1hbGVtYW4tcHVlcnRvLW1vbnR0LTIxLTEucG5nIiwic2xpZGVzaG93IjoiY2I0ZTliMyJ9\" href='https:\/\/ialeman.cl\/wp-content\/uploads\/2023\/04\/Rainer-Maria-Rilke-Instituto-aleman-puerto-montt-21-1.png'><img loading=\"lazy\" decoding=\"async\" width=\"960\" height=\"540\" src=\"https:\/\/ialeman.cl\/wp-content\/uploads\/2023\/04\/Rainer-Maria-Rilke-Instituto-aleman-puerto-montt-21-1.png\" class=\"attachment-full size-full\" alt=\"\" srcset=\"https:\/\/ialeman.cl\/wp-content\/uploads\/2023\/04\/Rainer-Maria-Rilke-Instituto-aleman-puerto-montt-21-1.png 960w, https:\/\/ialeman.cl\/wp-content\/uploads\/2023\/04\/Rainer-Maria-Rilke-Instituto-aleman-puerto-montt-21-1-300x169.png 300w, https:\/\/ialeman.cl\/wp-content\/uploads\/2023\/04\/Rainer-Maria-Rilke-Instituto-aleman-puerto-montt-21-1-768x432.png 768w\" sizes=\"(max-width: 960px) 100vw, 960px\" \/><\/a>\n\t\t\t<\/div><\/figure><figure class='gallery-item'>\n\t\t\t<div class='gallery-icon landscape'>\n\t\t\t\t<a data-elementor-open-lightbox=\"yes\" data-elementor-lightbox-slideshow=\"cb4e9b3\" data-elementor-lightbox-title=\"Rainer Mar\u00eda Rilke Instituto aleman puerto montt 22\" data-e-action-hash=\"#elementor-action%3Aaction%3Dlightbox%26settings%3DeyJpZCI6MTg5MjYsInVybCI6Imh0dHBzOlwvXC9pYWxlbWFuLmNsXC93cC1jb250ZW50XC91cGxvYWRzXC8yMDIzXC8wNFwvUmFpbmVyLU1hcmlhLVJpbGtlLUluc3RpdHV0by1hbGVtYW4tcHVlcnRvLW1vbnR0LTIyLTEucG5nIiwic2xpZGVzaG93IjoiY2I0ZTliMyJ9\" href='https:\/\/ialeman.cl\/wp-content\/uploads\/2023\/04\/Rainer-Maria-Rilke-Instituto-aleman-puerto-montt-22-1.png'><img loading=\"lazy\" decoding=\"async\" width=\"960\" height=\"540\" src=\"https:\/\/ialeman.cl\/wp-content\/uploads\/2023\/04\/Rainer-Maria-Rilke-Instituto-aleman-puerto-montt-22-1.png\" class=\"attachment-full size-full\" alt=\"\" srcset=\"https:\/\/ialeman.cl\/wp-content\/uploads\/2023\/04\/Rainer-Maria-Rilke-Instituto-aleman-puerto-montt-22-1.png 960w, https:\/\/ialeman.cl\/wp-content\/uploads\/2023\/04\/Rainer-Maria-Rilke-Instituto-aleman-puerto-montt-22-1-300x169.png 300w, https:\/\/ialeman.cl\/wp-content\/uploads\/2023\/04\/Rainer-Maria-Rilke-Instituto-aleman-puerto-montt-22-1-768x432.png 768w\" sizes=\"(max-width: 960px) 100vw, 960px\" \/><\/a>\n\t\t\t<\/div><\/figure><figure class='gallery-item'>\n\t\t\t<div class='gallery-icon landscape'>\n\t\t\t\t<a data-elementor-open-lightbox=\"yes\" data-elementor-lightbox-slideshow=\"cb4e9b3\" data-elementor-lightbox-title=\"Rainer Mar\u00eda Rilke Instituto aleman puerto montt 23\" data-e-action-hash=\"#elementor-action%3Aaction%3Dlightbox%26settings%3DeyJpZCI6MTg5MjcsInVybCI6Imh0dHBzOlwvXC9pYWxlbWFuLmNsXC93cC1jb250ZW50XC91cGxvYWRzXC8yMDIzXC8wNFwvUmFpbmVyLU1hcmlhLVJpbGtlLUluc3RpdHV0by1hbGVtYW4tcHVlcnRvLW1vbnR0LTIzLTEucG5nIiwic2xpZGVzaG93IjoiY2I0ZTliMyJ9\" href='https:\/\/ialeman.cl\/wp-content\/uploads\/2023\/04\/Rainer-Maria-Rilke-Instituto-aleman-puerto-montt-23-1.png'><img loading=\"lazy\" decoding=\"async\" width=\"960\" height=\"540\" src=\"https:\/\/ialeman.cl\/wp-content\/uploads\/2023\/04\/Rainer-Maria-Rilke-Instituto-aleman-puerto-montt-23-1.png\" class=\"attachment-full size-full\" alt=\"\" srcset=\"https:\/\/ialeman.cl\/wp-content\/uploads\/2023\/04\/Rainer-Maria-Rilke-Instituto-aleman-puerto-montt-23-1.png 960w, https:\/\/ialeman.cl\/wp-content\/uploads\/2023\/04\/Rainer-Maria-Rilke-Instituto-aleman-puerto-montt-23-1-300x169.png 300w, https:\/\/ialeman.cl\/wp-content\/uploads\/2023\/04\/Rainer-Maria-Rilke-Instituto-aleman-puerto-montt-23-1-768x432.png 768w\" sizes=\"(max-width: 960px) 100vw, 960px\" \/><\/a>\n\t\t\t<\/div><\/figure><figure class='gallery-item'>\n\t\t\t<div class='gallery-icon landscape'>\n\t\t\t\t<a data-elementor-open-lightbox=\"yes\" data-elementor-lightbox-slideshow=\"cb4e9b3\" data-elementor-lightbox-title=\"Rainer Mar\u00eda Rilke Instituto aleman puerto montt 24\" data-e-action-hash=\"#elementor-action%3Aaction%3Dlightbox%26settings%3DeyJpZCI6MTg5MjgsInVybCI6Imh0dHBzOlwvXC9pYWxlbWFuLmNsXC93cC1jb250ZW50XC91cGxvYWRzXC8yMDIzXC8wNFwvUmFpbmVyLU1hcmlhLVJpbGtlLUluc3RpdHV0by1hbGVtYW4tcHVlcnRvLW1vbnR0LTI0LTEucG5nIiwic2xpZGVzaG93IjoiY2I0ZTliMyJ9\" href='https:\/\/ialeman.cl\/wp-content\/uploads\/2023\/04\/Rainer-Maria-Rilke-Instituto-aleman-puerto-montt-24-1.png'><img loading=\"lazy\" decoding=\"async\" width=\"960\" height=\"540\" src=\"https:\/\/ialeman.cl\/wp-content\/uploads\/2023\/04\/Rainer-Maria-Rilke-Instituto-aleman-puerto-montt-24-1.png\" class=\"attachment-full size-full\" alt=\"\" srcset=\"https:\/\/ialeman.cl\/wp-content\/uploads\/2023\/04\/Rainer-Maria-Rilke-Instituto-aleman-puerto-montt-24-1.png 960w, https:\/\/ialeman.cl\/wp-content\/uploads\/2023\/04\/Rainer-Maria-Rilke-Instituto-aleman-puerto-montt-24-1-300x169.png 300w, https:\/\/ialeman.cl\/wp-content\/uploads\/2023\/04\/Rainer-Maria-Rilke-Instituto-aleman-puerto-montt-24-1-768x432.png 768w\" sizes=\"(max-width: 960px) 100vw, 960px\" \/><\/a>\n\t\t\t<\/div><\/figure><figure class='gallery-item'>\n\t\t\t<div class='gallery-icon landscape'>\n\t\t\t\t<a data-elementor-open-lightbox=\"yes\" data-elementor-lightbox-slideshow=\"cb4e9b3\" data-elementor-lightbox-title=\"Rainer Mar\u00eda Rilke Instituto aleman puerto montt 25\" data-e-action-hash=\"#elementor-action%3Aaction%3Dlightbox%26settings%3DeyJpZCI6MTg5MjksInVybCI6Imh0dHBzOlwvXC9pYWxlbWFuLmNsXC93cC1jb250ZW50XC91cGxvYWRzXC8yMDIzXC8wNFwvUmFpbmVyLU1hcmlhLVJpbGtlLUluc3RpdHV0by1hbGVtYW4tcHVlcnRvLW1vbnR0LTI1LTEucG5nIiwic2xpZGVzaG93IjoiY2I0ZTliMyJ9\" href='https:\/\/ialeman.cl\/wp-content\/uploads\/2023\/04\/Rainer-Maria-Rilke-Instituto-aleman-puerto-montt-25-1.png'><img loading=\"lazy\" decoding=\"async\" width=\"960\" height=\"540\" src=\"https:\/\/ialeman.cl\/wp-content\/uploads\/2023\/04\/Rainer-Maria-Rilke-Instituto-aleman-puerto-montt-25-1.png\" class=\"attachment-full size-full\" alt=\"\" srcset=\"https:\/\/ialeman.cl\/wp-content\/uploads\/2023\/04\/Rainer-Maria-Rilke-Instituto-aleman-puerto-montt-25-1.png 960w, https:\/\/ialeman.cl\/wp-content\/uploads\/2023\/04\/Rainer-Maria-Rilke-Instituto-aleman-puerto-montt-25-1-300x169.png 300w, https:\/\/ialeman.cl\/wp-content\/uploads\/2023\/04\/Rainer-Maria-Rilke-Instituto-aleman-puerto-montt-25-1-768x432.png 768w\" sizes=\"(max-width: 960px) 100vw, 960px\" \/><\/a>\n\t\t\t<\/div><\/figure><figure class='gallery-item'>\n\t\t\t<div class='gallery-icon landscape'>\n\t\t\t\t<a data-elementor-open-lightbox=\"yes\" data-elementor-lightbox-slideshow=\"cb4e9b3\" data-elementor-lightbox-title=\"Rainer Mar\u00eda Rilke Instituto aleman puerto montt 26\" data-e-action-hash=\"#elementor-action%3Aaction%3Dlightbox%26settings%3DeyJpZCI6MTg5MzAsInVybCI6Imh0dHBzOlwvXC9pYWxlbWFuLmNsXC93cC1jb250ZW50XC91cGxvYWRzXC8yMDIzXC8wNFwvUmFpbmVyLU1hcmlhLVJpbGtlLUluc3RpdHV0by1hbGVtYW4tcHVlcnRvLW1vbnR0LTI2LTEucG5nIiwic2xpZGVzaG93IjoiY2I0ZTliMyJ9\" href='https:\/\/ialeman.cl\/wp-content\/uploads\/2023\/04\/Rainer-Maria-Rilke-Instituto-aleman-puerto-montt-26-1.png'><img loading=\"lazy\" decoding=\"async\" width=\"960\" height=\"540\" src=\"https:\/\/ialeman.cl\/wp-content\/uploads\/2023\/04\/Rainer-Maria-Rilke-Instituto-aleman-puerto-montt-26-1.png\" class=\"attachment-full size-full\" alt=\"\" srcset=\"https:\/\/ialeman.cl\/wp-content\/uploads\/2023\/04\/Rainer-Maria-Rilke-Instituto-aleman-puerto-montt-26-1.png 960w, https:\/\/ialeman.cl\/wp-content\/uploads\/2023\/04\/Rainer-Maria-Rilke-Instituto-aleman-puerto-montt-26-1-300x169.png 300w, https:\/\/ialeman.cl\/wp-content\/uploads\/2023\/04\/Rainer-Maria-Rilke-Instituto-aleman-puerto-montt-26-1-768x432.png 768w\" sizes=\"(max-width: 960px) 100vw, 960px\" \/><\/a>\n\t\t\t<\/div><\/figure><figure class='gallery-item'>\n\t\t\t<div class='gallery-icon landscape'>\n\t\t\t\t<a data-elementor-open-lightbox=\"yes\" data-elementor-lightbox-slideshow=\"cb4e9b3\" data-elementor-lightbox-title=\"Rainer Mar\u00eda Rilke Instituto aleman puerto montt 27\" data-e-action-hash=\"#elementor-action%3Aaction%3Dlightbox%26settings%3DeyJpZCI6MTg5MzEsInVybCI6Imh0dHBzOlwvXC9pYWxlbWFuLmNsXC93cC1jb250ZW50XC91cGxvYWRzXC8yMDIzXC8wNFwvUmFpbmVyLU1hcmlhLVJpbGtlLUluc3RpdHV0by1hbGVtYW4tcHVlcnRvLW1vbnR0LTI3LTEucG5nIiwic2xpZGVzaG93IjoiY2I0ZTliMyJ9\" href='https:\/\/ialeman.cl\/wp-content\/uploads\/2023\/04\/Rainer-Maria-Rilke-Instituto-aleman-puerto-montt-27-1.png'><img loading=\"lazy\" decoding=\"async\" width=\"960\" height=\"540\" src=\"https:\/\/ialeman.cl\/wp-content\/uploads\/2023\/04\/Rainer-Maria-Rilke-Instituto-aleman-puerto-montt-27-1.png\" class=\"attachment-full size-full\" alt=\"\" srcset=\"https:\/\/ialeman.cl\/wp-content\/uploads\/2023\/04\/Rainer-Maria-Rilke-Instituto-aleman-puerto-montt-27-1.png 960w, https:\/\/ialeman.cl\/wp-content\/uploads\/2023\/04\/Rainer-Maria-Rilke-Instituto-aleman-puerto-montt-27-1-300x169.png 300w, https:\/\/ialeman.cl\/wp-content\/uploads\/2023\/04\/Rainer-Maria-Rilke-Instituto-aleman-puerto-montt-27-1-768x432.png 768w\" sizes=\"(max-width: 960px) 100vw, 960px\" \/><\/a>\n\t\t\t<\/div><\/figure><figure class='gallery-item'>\n\t\t\t<div class='gallery-icon landscape'>\n\t\t\t\t<a data-elementor-open-lightbox=\"yes\" data-elementor-lightbox-slideshow=\"cb4e9b3\" data-elementor-lightbox-title=\"Rainer Mar\u00eda Rilke Instituto aleman puerto montt 28\" data-e-action-hash=\"#elementor-action%3Aaction%3Dlightbox%26settings%3DeyJpZCI6MTg5MzIsInVybCI6Imh0dHBzOlwvXC9pYWxlbWFuLmNsXC93cC1jb250ZW50XC91cGxvYWRzXC8yMDIzXC8wNFwvUmFpbmVyLU1hcmlhLVJpbGtlLUluc3RpdHV0by1hbGVtYW4tcHVlcnRvLW1vbnR0LTI4LTEucG5nIiwic2xpZGVzaG93IjoiY2I0ZTliMyJ9\" href='https:\/\/ialeman.cl\/wp-content\/uploads\/2023\/04\/Rainer-Maria-Rilke-Instituto-aleman-puerto-montt-28-1.png'><img loading=\"lazy\" decoding=\"async\" width=\"960\" height=\"540\" src=\"https:\/\/ialeman.cl\/wp-content\/uploads\/2023\/04\/Rainer-Maria-Rilke-Instituto-aleman-puerto-montt-28-1.png\" class=\"attachment-full size-full\" alt=\"\" srcset=\"https:\/\/ialeman.cl\/wp-content\/uploads\/2023\/04\/Rainer-Maria-Rilke-Instituto-aleman-puerto-montt-28-1.png 960w, https:\/\/ialeman.cl\/wp-content\/uploads\/2023\/04\/Rainer-Maria-Rilke-Instituto-aleman-puerto-montt-28-1-300x169.png 300w, https:\/\/ialeman.cl\/wp-content\/uploads\/2023\/04\/Rainer-Maria-Rilke-Instituto-aleman-puerto-montt-28-1-768x432.png 768w\" sizes=\"(max-width: 960px) 100vw, 960px\" \/><\/a>\n\t\t\t<\/div><\/figure><figure class='gallery-item'>\n\t\t\t<div class='gallery-icon landscape'>\n\t\t\t\t<a data-elementor-open-lightbox=\"yes\" data-elementor-lightbox-slideshow=\"cb4e9b3\" data-elementor-lightbox-title=\"Rainer Mar\u00eda Rilke Instituto aleman puerto montt 29\" data-e-action-hash=\"#elementor-action%3Aaction%3Dlightbox%26settings%3DeyJpZCI6MTg5MzMsInVybCI6Imh0dHBzOlwvXC9pYWxlbWFuLmNsXC93cC1jb250ZW50XC91cGxvYWRzXC8yMDIzXC8wNFwvUmFpbmVyLU1hcmlhLVJpbGtlLUluc3RpdHV0by1hbGVtYW4tcHVlcnRvLW1vbnR0LTI5LTEucG5nIiwic2xpZGVzaG93IjoiY2I0ZTliMyJ9\" href='https:\/\/ialeman.cl\/wp-content\/uploads\/2023\/04\/Rainer-Maria-Rilke-Instituto-aleman-puerto-montt-29-1.png'><img loading=\"lazy\" decoding=\"async\" width=\"960\" height=\"540\" src=\"https:\/\/ialeman.cl\/wp-content\/uploads\/2023\/04\/Rainer-Maria-Rilke-Instituto-aleman-puerto-montt-29-1.png\" class=\"attachment-full size-full\" alt=\"\" srcset=\"https:\/\/ialeman.cl\/wp-content\/uploads\/2023\/04\/Rainer-Maria-Rilke-Instituto-aleman-puerto-montt-29-1.png 960w, https:\/\/ialeman.cl\/wp-content\/uploads\/2023\/04\/Rainer-Maria-Rilke-Instituto-aleman-puerto-montt-29-1-300x169.png 300w, https:\/\/ialeman.cl\/wp-content\/uploads\/2023\/04\/Rainer-Maria-Rilke-Instituto-aleman-puerto-montt-29-1-768x432.png 768w\" sizes=\"(max-width: 960px) 100vw, 960px\" \/><\/a>\n\t\t\t<\/div><\/figure>\n\t\t<\/div>\n\t\t<\/div>\n\t\t\t\t\t\t<\/div>\n\t\t\t\t<\/div>\n\t\t\t\t\t<\/div>\n\t\t<\/div>\n\t\t\t\t\t<\/div>\n\t\t<\/section>\n\t\t\t\t<section class=\"elementor-section elementor-top-section elementor-element elementor-element-f5e3fb6 elementor-section-boxed elementor-section-height-default elementor-section-height-default\" data-id=\"f5e3fb6\" data-element_type=\"section\" data-e-type=\"section\">\n\t\t\t\t\t\t<div class=\"elementor-container elementor-column-gap-default\">\n\t\t\t\t\t<div class=\"elementor-column elementor-col-100 elementor-top-column elementor-element elementor-element-2869fd3\" data-id=\"2869fd3\" data-element_type=\"column\" data-e-type=\"column\">\n\t\t\t<div class=\"elementor-widget-wrap elementor-element-populated\">\n\t\t\t\t\t\t<div class=\"elementor-element elementor-element-ab1ecba elementor-widget elementor-widget-heading\" data-id=\"ab1ecba\" data-element_type=\"widget\" data-e-type=\"widget\" data-widget_type=\"heading.default\">\n\t\t\t\t<div class=\"elementor-widget-container\">\n\t\t\t\t\t<h2 class=\"elementor-heading-title elementor-size-default\">Escrito por Consuelo S\u00e1nchez Rom\u00e1n<\/h2>\t\t\t\t<\/div>\n\t\t\t\t<\/div>\n\t\t\t\t\t<\/div>\n\t\t<\/div>\n\t\t\t\t\t<\/div>\n\t\t<\/section>\n\t\t\t\t<\/div>\n\t\t","protected":false},"excerpt":{"rendered":"<p>Sus principales obras &#8220;Eleg\u00edas de Duino&#8221; , &#8220;Sonetos a Orfeo&#8221; y &#8220;Cartas a un joven poeta&#8221; escritas en una \u00e9poca de importantes cambios en el mundo por el lamentable advenimiento de la Primera Guerra Mundial que impacta de manera profunda en los seres humanos ; tiempo en el que surgen las vanguardias que representan las [&hellip;]<\/p>\n","protected":false},"author":1,"featured_media":18852,"comment_status":"closed","ping_status":"closed","sticky":false,"template":"","format":"standard","meta":{"site-sidebar-layout":"default","site-content-layout":"","ast-site-content-layout":"default","site-content-style":"default","site-sidebar-style":"default","ast-global-header-display":"","ast-banner-title-visibility":"","ast-main-header-display":"","ast-hfb-above-header-display":"","ast-hfb-below-header-display":"","ast-hfb-mobile-header-display":"","site-post-title":"","ast-breadcrumbs-content":"","ast-featured-img":"disabled","footer-sml-layout":"","ast-disable-related-posts":"","theme-transparent-header-meta":"","adv-header-id-meta":"","stick-header-meta":"","header-above-stick-meta":"","header-main-stick-meta":"","header-below-stick-meta":"","astra-migrate-meta-layouts":"default","ast-page-background-enabled":"default","ast-page-background-meta":{"desktop":{"background-color":"var(--ast-global-color-4)","background-image":"","background-repeat":"repeat","background-position":"center center","background-size":"auto","background-attachment":"scroll","background-type":"","background-media":"","overlay-type":"","overlay-color":"","overlay-opacity":"","overlay-gradient":""},"tablet":{"background-color":"","background-image":"","background-repeat":"repeat","background-position":"center center","background-size":"auto","background-attachment":"scroll","background-type":"","background-media":"","overlay-type":"","overlay-color":"","overlay-opacity":"","overlay-gradient":""},"mobile":{"background-color":"","background-image":"","background-repeat":"repeat","background-position":"center center","background-size":"auto","background-attachment":"scroll","background-type":"","background-media":"","overlay-type":"","overlay-color":"","overlay-opacity":"","overlay-gradient":""}},"ast-content-background-meta":{"desktop":{"background-color":"var(--ast-global-color-5)","background-image":"","background-repeat":"repeat","background-position":"center center","background-size":"auto","background-attachment":"scroll","background-type":"","background-media":"","overlay-type":"","overlay-color":"","overlay-opacity":"","overlay-gradient":""},"tablet":{"background-color":"var(--ast-global-color-5)","background-image":"","background-repeat":"repeat","background-position":"center center","background-size":"auto","background-attachment":"scroll","background-type":"","background-media":"","overlay-type":"","overlay-color":"","overlay-opacity":"","overlay-gradient":""},"mobile":{"background-color":"var(--ast-global-color-5)","background-image":"","background-repeat":"repeat","background-position":"center center","background-size":"auto","background-attachment":"scroll","background-type":"","background-media":"","overlay-type":"","overlay-color":"","overlay-opacity":"","overlay-gradient":""}},"advanced_seo_description":"","jetpack_seo_html_title":"","jetpack_seo_noindex":false,"jetpack_seo_schema_type":"","_jetpack_newsletter_access":"","_jetpack_dont_email_post_to_subs":false,"_jetpack_newsletter_tier_id":0,"_jetpack_memberships_contains_paywalled_content":false,"_wpcom_ai_launchpad_first_post":false,"_jetpack_feature_clip_id":0,"_jetpack_memberships_contains_paid_content":false,"footnotes":"","jetpack_post_was_ever_published":false},"categories":[8],"tags":[],"class_list":["post-18848","post","type-post","status-publish","format-standard","has-post-thumbnail","hentry","category-encuentros-con-la-lectura"],"jetpack_shortlink":"https:\/\/wp.me\/ph8I5c-4U0","jetpack_sharing_enabled":true,"jetpack_featured_media_url":"https:\/\/ialeman.cl\/wp-content\/uploads\/2023\/04\/Rainer-Maria-Rilke.jpg","_links":{"self":[{"href":"https:\/\/ialeman.cl\/index.php\/wp-json\/wp\/v2\/posts\/18848","targetHints":{"allow":["GET"]}}],"collection":[{"href":"https:\/\/ialeman.cl\/index.php\/wp-json\/wp\/v2\/posts"}],"about":[{"href":"https:\/\/ialeman.cl\/index.php\/wp-json\/wp\/v2\/types\/post"}],"author":[{"embeddable":true,"href":"https:\/\/ialeman.cl\/index.php\/wp-json\/wp\/v2\/users\/1"}],"replies":[{"embeddable":true,"href":"https:\/\/ialeman.cl\/index.php\/wp-json\/wp\/v2\/comments?post=18848"}],"version-history":[{"count":0,"href":"https:\/\/ialeman.cl\/index.php\/wp-json\/wp\/v2\/posts\/18848\/revisions"}],"wp:featuredmedia":[{"embeddable":true,"href":"https:\/\/ialeman.cl\/index.php\/wp-json\/wp\/v2\/media\/18852"}],"wp:attachment":[{"href":"https:\/\/ialeman.cl\/index.php\/wp-json\/wp\/v2\/media?parent=18848"}],"wp:term":[{"taxonomy":"category","embeddable":true,"href":"https:\/\/ialeman.cl\/index.php\/wp-json\/wp\/v2\/categories?post=18848"},{"taxonomy":"post_tag","embeddable":true,"href":"https:\/\/ialeman.cl\/index.php\/wp-json\/wp\/v2\/tags?post=18848"}],"curies":[{"name":"wp","href":"https:\/\/api.w.org\/{rel}","templated":true}]}}