{"id":18617,"date":"2023-04-11T16:14:18","date_gmt":"2023-04-11T20:14:18","guid":{"rendered":"https:\/\/ialeman.cl\/?p=18617"},"modified":"2023-04-13T08:23:13","modified_gmt":"2023-04-13T12:23:13","slug":"ostern","status":"publish","type":"post","link":"https:\/\/ialeman.cl\/index.php\/ostern\/","title":{"rendered":"Osterhase"},"content":{"rendered":"\t\t<div data-elementor-type=\"wp-post\" data-elementor-id=\"18617\" class=\"elementor elementor-18617\">\n\t\t\t\t\t\t<section class=\"elementor-section elementor-top-section elementor-element elementor-element-fbf5775 elementor-section-boxed elementor-section-height-default elementor-section-height-default\" data-id=\"fbf5775\" data-element_type=\"section\" data-e-type=\"section\">\n\t\t\t\t\t\t<div class=\"elementor-container elementor-column-gap-default\">\n\t\t\t\t\t<div class=\"elementor-column elementor-col-100 elementor-top-column elementor-element elementor-element-ced3d60\" data-id=\"ced3d60\" data-element_type=\"column\" data-e-type=\"column\">\n\t\t\t<div class=\"elementor-widget-wrap elementor-element-populated\">\n\t\t\t\t\t\t<div class=\"elementor-element elementor-element-f46fbc7 elementor-widget elementor-widget-image\" data-id=\"f46fbc7\" data-element_type=\"widget\" data-e-type=\"widget\" data-widget_type=\"image.default\">\n\t\t\t\t<div class=\"elementor-widget-container\">\n\t\t\t\t\t\t\t\t\t\t\t\t\t\t\t<img fetchpriority=\"high\" decoding=\"async\" width=\"1024\" height=\"267\" src=\"https:\/\/ialeman.cl\/wp-content\/uploads\/2023\/04\/ostern_2023_instituto_Aleman_puerto_montt-1024x267.png\" class=\"attachment-large size-large wp-image-18760\" alt=\"\" srcset=\"https:\/\/ialeman.cl\/wp-content\/uploads\/2023\/04\/ostern_2023_instituto_Aleman_puerto_montt-1024x267.png 1024w, https:\/\/ialeman.cl\/wp-content\/uploads\/2023\/04\/ostern_2023_instituto_Aleman_puerto_montt-300x78.png 300w, https:\/\/ialeman.cl\/wp-content\/uploads\/2023\/04\/ostern_2023_instituto_Aleman_puerto_montt-768x200.png 768w, https:\/\/ialeman.cl\/wp-content\/uploads\/2023\/04\/ostern_2023_instituto_Aleman_puerto_montt-1536x400.png 1536w, https:\/\/ialeman.cl\/wp-content\/uploads\/2023\/04\/ostern_2023_instituto_Aleman_puerto_montt.png 1920w\" sizes=\"(max-width: 1024px) 100vw, 1024px\" \/>\t\t\t\t\t\t\t\t\t\t\t\t\t\t\t<\/div>\n\t\t\t\t<\/div>\n\t\t\t\t\t<\/div>\n\t\t<\/div>\n\t\t\t\t\t<\/div>\n\t\t<\/section>\n\t\t\t\t<section class=\"elementor-section elementor-top-section elementor-element elementor-element-b074319 elementor-section-boxed elementor-section-height-default elementor-section-height-default\" data-id=\"b074319\" data-element_type=\"section\" data-e-type=\"section\">\n\t\t\t\t\t\t<div class=\"elementor-container elementor-column-gap-default\">\n\t\t\t\t\t<div class=\"elementor-column elementor-col-100 elementor-top-column elementor-element elementor-element-236edb8\" data-id=\"236edb8\" data-element_type=\"column\" data-e-type=\"column\">\n\t\t\t<div class=\"elementor-widget-wrap elementor-element-populated\">\n\t\t\t\t\t\t<div class=\"elementor-element elementor-element-5ab9343 elementor-widget elementor-widget-heading\" data-id=\"5ab9343\" data-element_type=\"widget\" data-e-type=\"widget\" data-widget_type=\"heading.default\">\n\t\t\t\t<div class=\"elementor-widget-container\">\n\t\t\t\t\t<h2 class=\"elementor-heading-title elementor-size-default\">Osterhase<\/h2>\t\t\t\t<\/div>\n\t\t\t\t<\/div>\n\t\t\t\t<div class=\"elementor-element elementor-element-3d6ef54 elementor-widget elementor-widget-heading\" data-id=\"3d6ef54\" data-element_type=\"widget\" data-e-type=\"widget\" data-widget_type=\"heading.default\">\n\t\t\t\t<div class=\"elementor-widget-container\">\n\t\t\t\t\t<h2 class=\"elementor-heading-title elementor-size-default\">El Osterhase visit\u00f3 la Schule para celebrar junto a los estudiantes del Kindergarten y Primer Ciclo. <br><br>\n\nCon gran alegr\u00eda los ni\u00f1os y ni\u00f1as disfrutaron de la visita del Osterhase, quien bail\u00f3 y cant\u00f3 junto a los alumnos del Instituto Alem\u00e1n Puerto Montt. <br><br>\n\nEn la ocasi\u00f3n, los estudiantes se mostraron muy felices de compartir con el Conejo de Pascua, quien adem\u00e1s trajo regalos y hermosos nidos para toda la comunidad. <br><br>\n\nUn momento \u00fanico para los ni\u00f1os y ni\u00f1as de la Schule, los que adem\u00e1s le recitaron poemas y cantaron en alem\u00e1n al Osterhase, quien se retir\u00f3 muy sorprendido del gran recibimiento de los alumnos. <br><br>\n\nEn el Primer Ciclo los estudiantes tambi\u00e9n recibieron niditos, los que estaban m\u00e1gicamente sobre sus mesas en las aulas. Una grata sorpresa para comenzar una nueva semana de clases llena de energ\u00eda en el colegio.<\/h2>\t\t\t\t<\/div>\n\t\t\t\t<\/div>\n\t\t\t\t<div class=\"elementor-element elementor-element-0eb0913 gallery-spacing-custom elementor-widget elementor-widget-image-gallery\" data-id=\"0eb0913\" data-element_type=\"widget\" data-e-type=\"widget\" data-widget_type=\"image-gallery.default\">\n\t\t\t\t<div class=\"elementor-widget-container\">\n\t\t\t\t\t\t\t<div class=\"elementor-image-gallery\">\n\t\t\t<div id='gallery-1' class='gallery galleryid-18617 gallery-columns-3 gallery-size-medium_large'><figure class='gallery-item'>\n\t\t\t<div class='gallery-icon landscape'>\n\t\t\t\t<a data-elementor-open-lightbox=\"yes\" data-elementor-lightbox-slideshow=\"0eb0913\" data-elementor-lightbox-title=\"ostern 2023 instituto aleman puerto montt 2_1\" data-e-action-hash=\"#elementor-action%3Aaction%3Dlightbox%26settings%3DeyJpZCI6MTg2MjAsInVybCI6Imh0dHBzOlwvXC9pYWxlbWFuLmNsXC93cC1jb250ZW50XC91cGxvYWRzXC8yMDIzXC8wNFwvb3N0ZXJuLTIwMjMtaW5zdGl0dXRvLWFsZW1hbi1wdWVydG8tbW9udHQtMl8xLmpwZyIsInNsaWRlc2hvdyI6IjBlYjA5MTMifQ%3D%3D\" href='https:\/\/ialeman.cl\/wp-content\/uploads\/2023\/04\/ostern-2023-instituto-aleman-puerto-montt-2_1.jpg'><img decoding=\"async\" width=\"768\" height=\"513\" src=\"https:\/\/ialeman.cl\/wp-content\/uploads\/2023\/04\/ostern-2023-instituto-aleman-puerto-montt-2_1-768x513.jpg\" class=\"attachment-medium_large size-medium_large\" alt=\"\" srcset=\"https:\/\/ialeman.cl\/wp-content\/uploads\/2023\/04\/ostern-2023-instituto-aleman-puerto-montt-2_1-768x513.jpg 768w, https:\/\/ialeman.cl\/wp-content\/uploads\/2023\/04\/ostern-2023-instituto-aleman-puerto-montt-2_1-300x200.jpg 300w, https:\/\/ialeman.cl\/wp-content\/uploads\/2023\/04\/ostern-2023-instituto-aleman-puerto-montt-2_1-1024x684.jpg 1024w, https:\/\/ialeman.cl\/wp-content\/uploads\/2023\/04\/ostern-2023-instituto-aleman-puerto-montt-2_1.jpg 1200w\" sizes=\"(max-width: 768px) 100vw, 768px\" \/><\/a>\n\t\t\t<\/div><\/figure><figure class='gallery-item'>\n\t\t\t<div class='gallery-icon landscape'>\n\t\t\t\t<a data-elementor-open-lightbox=\"yes\" data-elementor-lightbox-slideshow=\"0eb0913\" data-elementor-lightbox-title=\"ostern 2023 instituto aleman puerto montt 2_2\" data-e-action-hash=\"#elementor-action%3Aaction%3Dlightbox%26settings%3DeyJpZCI6MTg2MjEsInVybCI6Imh0dHBzOlwvXC9pYWxlbWFuLmNsXC93cC1jb250ZW50XC91cGxvYWRzXC8yMDIzXC8wNFwvb3N0ZXJuLTIwMjMtaW5zdGl0dXRvLWFsZW1hbi1wdWVydG8tbW9udHQtMl8yLmpwZyIsInNsaWRlc2hvdyI6IjBlYjA5MTMifQ%3D%3D\" href='https:\/\/ialeman.cl\/wp-content\/uploads\/2023\/04\/ostern-2023-instituto-aleman-puerto-montt-2_2.jpg'><img decoding=\"async\" width=\"768\" height=\"513\" src=\"https:\/\/ialeman.cl\/wp-content\/uploads\/2023\/04\/ostern-2023-instituto-aleman-puerto-montt-2_2-768x513.jpg\" class=\"attachment-medium_large size-medium_large\" alt=\"\" srcset=\"https:\/\/ialeman.cl\/wp-content\/uploads\/2023\/04\/ostern-2023-instituto-aleman-puerto-montt-2_2-768x513.jpg 768w, https:\/\/ialeman.cl\/wp-content\/uploads\/2023\/04\/ostern-2023-instituto-aleman-puerto-montt-2_2-300x200.jpg 300w, https:\/\/ialeman.cl\/wp-content\/uploads\/2023\/04\/ostern-2023-instituto-aleman-puerto-montt-2_2-1024x684.jpg 1024w, https:\/\/ialeman.cl\/wp-content\/uploads\/2023\/04\/ostern-2023-instituto-aleman-puerto-montt-2_2.jpg 1200w\" sizes=\"(max-width: 768px) 100vw, 768px\" \/><\/a>\n\t\t\t<\/div><\/figure><figure class='gallery-item'>\n\t\t\t<div class='gallery-icon landscape'>\n\t\t\t\t<a data-elementor-open-lightbox=\"yes\" data-elementor-lightbox-slideshow=\"0eb0913\" data-elementor-lightbox-title=\"ostern 2023 instituto aleman puerto montt 2_3\" data-e-action-hash=\"#elementor-action%3Aaction%3Dlightbox%26settings%3DeyJpZCI6MTg2MjIsInVybCI6Imh0dHBzOlwvXC9pYWxlbWFuLmNsXC93cC1jb250ZW50XC91cGxvYWRzXC8yMDIzXC8wNFwvb3N0ZXJuLTIwMjMtaW5zdGl0dXRvLWFsZW1hbi1wdWVydG8tbW9udHQtMl8zLmpwZyIsInNsaWRlc2hvdyI6IjBlYjA5MTMifQ%3D%3D\" href='https:\/\/ialeman.cl\/wp-content\/uploads\/2023\/04\/ostern-2023-instituto-aleman-puerto-montt-2_3.jpg'><img loading=\"lazy\" decoding=\"async\" width=\"768\" height=\"513\" src=\"https:\/\/ialeman.cl\/wp-content\/uploads\/2023\/04\/ostern-2023-instituto-aleman-puerto-montt-2_3-768x513.jpg\" class=\"attachment-medium_large size-medium_large\" alt=\"\" srcset=\"https:\/\/ialeman.cl\/wp-content\/uploads\/2023\/04\/ostern-2023-instituto-aleman-puerto-montt-2_3-768x513.jpg 768w, https:\/\/ialeman.cl\/wp-content\/uploads\/2023\/04\/ostern-2023-instituto-aleman-puerto-montt-2_3-300x200.jpg 300w, https:\/\/ialeman.cl\/wp-content\/uploads\/2023\/04\/ostern-2023-instituto-aleman-puerto-montt-2_3-1024x684.jpg 1024w, https:\/\/ialeman.cl\/wp-content\/uploads\/2023\/04\/ostern-2023-instituto-aleman-puerto-montt-2_3.jpg 1200w\" sizes=\"(max-width: 768px) 100vw, 768px\" \/><\/a>\n\t\t\t<\/div><\/figure><figure class='gallery-item'>\n\t\t\t<div class='gallery-icon landscape'>\n\t\t\t\t<a data-elementor-open-lightbox=\"yes\" data-elementor-lightbox-slideshow=\"0eb0913\" data-elementor-lightbox-title=\"ostern 2023 instituto aleman puerto montt 2_4\" data-e-action-hash=\"#elementor-action%3Aaction%3Dlightbox%26settings%3DeyJpZCI6MTg2MjMsInVybCI6Imh0dHBzOlwvXC9pYWxlbWFuLmNsXC93cC1jb250ZW50XC91cGxvYWRzXC8yMDIzXC8wNFwvb3N0ZXJuLTIwMjMtaW5zdGl0dXRvLWFsZW1hbi1wdWVydG8tbW9udHQtMl80LmpwZyIsInNsaWRlc2hvdyI6IjBlYjA5MTMifQ%3D%3D\" href='https:\/\/ialeman.cl\/wp-content\/uploads\/2023\/04\/ostern-2023-instituto-aleman-puerto-montt-2_4.jpg'><img loading=\"lazy\" decoding=\"async\" width=\"768\" height=\"513\" src=\"https:\/\/ialeman.cl\/wp-content\/uploads\/2023\/04\/ostern-2023-instituto-aleman-puerto-montt-2_4-768x513.jpg\" class=\"attachment-medium_large size-medium_large\" alt=\"\" srcset=\"https:\/\/ialeman.cl\/wp-content\/uploads\/2023\/04\/ostern-2023-instituto-aleman-puerto-montt-2_4-768x513.jpg 768w, https:\/\/ialeman.cl\/wp-content\/uploads\/2023\/04\/ostern-2023-instituto-aleman-puerto-montt-2_4-300x200.jpg 300w, https:\/\/ialeman.cl\/wp-content\/uploads\/2023\/04\/ostern-2023-instituto-aleman-puerto-montt-2_4-1024x684.jpg 1024w, https:\/\/ialeman.cl\/wp-content\/uploads\/2023\/04\/ostern-2023-instituto-aleman-puerto-montt-2_4.jpg 1200w\" sizes=\"(max-width: 768px) 100vw, 768px\" \/><\/a>\n\t\t\t<\/div><\/figure><figure class='gallery-item'>\n\t\t\t<div class='gallery-icon landscape'>\n\t\t\t\t<a data-elementor-open-lightbox=\"yes\" data-elementor-lightbox-slideshow=\"0eb0913\" data-elementor-lightbox-title=\"ostern 2023 instituto aleman puerto montt 2_6\" data-e-action-hash=\"#elementor-action%3Aaction%3Dlightbox%26settings%3DeyJpZCI6MTg2MjUsInVybCI6Imh0dHBzOlwvXC9pYWxlbWFuLmNsXC93cC1jb250ZW50XC91cGxvYWRzXC8yMDIzXC8wNFwvb3N0ZXJuLTIwMjMtaW5zdGl0dXRvLWFsZW1hbi1wdWVydG8tbW9udHQtMl82LmpwZyIsInNsaWRlc2hvdyI6IjBlYjA5MTMifQ%3D%3D\" href='https:\/\/ialeman.cl\/wp-content\/uploads\/2023\/04\/ostern-2023-instituto-aleman-puerto-montt-2_6.jpg'><img loading=\"lazy\" decoding=\"async\" width=\"768\" height=\"513\" src=\"https:\/\/ialeman.cl\/wp-content\/uploads\/2023\/04\/ostern-2023-instituto-aleman-puerto-montt-2_6-768x513.jpg\" class=\"attachment-medium_large size-medium_large\" alt=\"\" srcset=\"https:\/\/ialeman.cl\/wp-content\/uploads\/2023\/04\/ostern-2023-instituto-aleman-puerto-montt-2_6-768x513.jpg 768w, https:\/\/ialeman.cl\/wp-content\/uploads\/2023\/04\/ostern-2023-instituto-aleman-puerto-montt-2_6-300x200.jpg 300w, https:\/\/ialeman.cl\/wp-content\/uploads\/2023\/04\/ostern-2023-instituto-aleman-puerto-montt-2_6-1024x684.jpg 1024w, https:\/\/ialeman.cl\/wp-content\/uploads\/2023\/04\/ostern-2023-instituto-aleman-puerto-montt-2_6.jpg 1200w\" sizes=\"(max-width: 768px) 100vw, 768px\" \/><\/a>\n\t\t\t<\/div><\/figure><figure class='gallery-item'>\n\t\t\t<div class='gallery-icon landscape'>\n\t\t\t\t<a data-elementor-open-lightbox=\"yes\" data-elementor-lightbox-slideshow=\"0eb0913\" data-elementor-lightbox-title=\"ostern 2023 instituto aleman puerto montt 2_7\" data-e-action-hash=\"#elementor-action%3Aaction%3Dlightbox%26settings%3DeyJpZCI6MTg2MjYsInVybCI6Imh0dHBzOlwvXC9pYWxlbWFuLmNsXC93cC1jb250ZW50XC91cGxvYWRzXC8yMDIzXC8wNFwvb3N0ZXJuLTIwMjMtaW5zdGl0dXRvLWFsZW1hbi1wdWVydG8tbW9udHQtMl83LmpwZyIsInNsaWRlc2hvdyI6IjBlYjA5MTMifQ%3D%3D\" href='https:\/\/ialeman.cl\/wp-content\/uploads\/2023\/04\/ostern-2023-instituto-aleman-puerto-montt-2_7.jpg'><img loading=\"lazy\" decoding=\"async\" width=\"768\" height=\"513\" src=\"https:\/\/ialeman.cl\/wp-content\/uploads\/2023\/04\/ostern-2023-instituto-aleman-puerto-montt-2_7-768x513.jpg\" class=\"attachment-medium_large size-medium_large\" alt=\"\" srcset=\"https:\/\/ialeman.cl\/wp-content\/uploads\/2023\/04\/ostern-2023-instituto-aleman-puerto-montt-2_7-768x513.jpg 768w, https:\/\/ialeman.cl\/wp-content\/uploads\/2023\/04\/ostern-2023-instituto-aleman-puerto-montt-2_7-300x200.jpg 300w, https:\/\/ialeman.cl\/wp-content\/uploads\/2023\/04\/ostern-2023-instituto-aleman-puerto-montt-2_7-1024x684.jpg 1024w, https:\/\/ialeman.cl\/wp-content\/uploads\/2023\/04\/ostern-2023-instituto-aleman-puerto-montt-2_7.jpg 1200w\" sizes=\"(max-width: 768px) 100vw, 768px\" \/><\/a>\n\t\t\t<\/div><\/figure><figure class='gallery-item'>\n\t\t\t<div class='gallery-icon landscape'>\n\t\t\t\t<a data-elementor-open-lightbox=\"yes\" data-elementor-lightbox-slideshow=\"0eb0913\" data-elementor-lightbox-title=\"ostern 2023 instituto aleman puerto montt 2_8\" data-e-action-hash=\"#elementor-action%3Aaction%3Dlightbox%26settings%3DeyJpZCI6MTg2MjcsInVybCI6Imh0dHBzOlwvXC9pYWxlbWFuLmNsXC93cC1jb250ZW50XC91cGxvYWRzXC8yMDIzXC8wNFwvb3N0ZXJuLTIwMjMtaW5zdGl0dXRvLWFsZW1hbi1wdWVydG8tbW9udHQtMl84LmpwZyIsInNsaWRlc2hvdyI6IjBlYjA5MTMifQ%3D%3D\" href='https:\/\/ialeman.cl\/wp-content\/uploads\/2023\/04\/ostern-2023-instituto-aleman-puerto-montt-2_8.jpg'><img loading=\"lazy\" decoding=\"async\" width=\"768\" height=\"513\" src=\"https:\/\/ialeman.cl\/wp-content\/uploads\/2023\/04\/ostern-2023-instituto-aleman-puerto-montt-2_8-768x513.jpg\" class=\"attachment-medium_large size-medium_large\" alt=\"\" srcset=\"https:\/\/ialeman.cl\/wp-content\/uploads\/2023\/04\/ostern-2023-instituto-aleman-puerto-montt-2_8-768x513.jpg 768w, https:\/\/ialeman.cl\/wp-content\/uploads\/2023\/04\/ostern-2023-instituto-aleman-puerto-montt-2_8-300x200.jpg 300w, https:\/\/ialeman.cl\/wp-content\/uploads\/2023\/04\/ostern-2023-instituto-aleman-puerto-montt-2_8-1024x684.jpg 1024w, https:\/\/ialeman.cl\/wp-content\/uploads\/2023\/04\/ostern-2023-instituto-aleman-puerto-montt-2_8.jpg 1200w\" sizes=\"(max-width: 768px) 100vw, 768px\" \/><\/a>\n\t\t\t<\/div><\/figure><figure class='gallery-item'>\n\t\t\t<div class='gallery-icon landscape'>\n\t\t\t\t<a data-elementor-open-lightbox=\"yes\" data-elementor-lightbox-slideshow=\"0eb0913\" data-elementor-lightbox-title=\"ostern 2023 instituto aleman puerto montt 2_9\" data-e-action-hash=\"#elementor-action%3Aaction%3Dlightbox%26settings%3DeyJpZCI6MTg2MjgsInVybCI6Imh0dHBzOlwvXC9pYWxlbWFuLmNsXC93cC1jb250ZW50XC91cGxvYWRzXC8yMDIzXC8wNFwvb3N0ZXJuLTIwMjMtaW5zdGl0dXRvLWFsZW1hbi1wdWVydG8tbW9udHQtMl85LmpwZyIsInNsaWRlc2hvdyI6IjBlYjA5MTMifQ%3D%3D\" href='https:\/\/ialeman.cl\/wp-content\/uploads\/2023\/04\/ostern-2023-instituto-aleman-puerto-montt-2_9.jpg'><img loading=\"lazy\" decoding=\"async\" width=\"768\" height=\"513\" src=\"https:\/\/ialeman.cl\/wp-content\/uploads\/2023\/04\/ostern-2023-instituto-aleman-puerto-montt-2_9-768x513.jpg\" class=\"attachment-medium_large size-medium_large\" alt=\"\" srcset=\"https:\/\/ialeman.cl\/wp-content\/uploads\/2023\/04\/ostern-2023-instituto-aleman-puerto-montt-2_9-768x513.jpg 768w, https:\/\/ialeman.cl\/wp-content\/uploads\/2023\/04\/ostern-2023-instituto-aleman-puerto-montt-2_9-300x200.jpg 300w, https:\/\/ialeman.cl\/wp-content\/uploads\/2023\/04\/ostern-2023-instituto-aleman-puerto-montt-2_9-1024x684.jpg 1024w, https:\/\/ialeman.cl\/wp-content\/uploads\/2023\/04\/ostern-2023-instituto-aleman-puerto-montt-2_9.jpg 1200w\" sizes=\"(max-width: 768px) 100vw, 768px\" \/><\/a>\n\t\t\t<\/div><\/figure><figure class='gallery-item'>\n\t\t\t<div class='gallery-icon landscape'>\n\t\t\t\t<a data-elementor-open-lightbox=\"yes\" data-elementor-lightbox-slideshow=\"0eb0913\" data-elementor-lightbox-title=\"ostern 2023 instituto aleman puerto montt 3_0\" data-e-action-hash=\"#elementor-action%3Aaction%3Dlightbox%26settings%3DeyJpZCI6MTg2MjksInVybCI6Imh0dHBzOlwvXC9pYWxlbWFuLmNsXC93cC1jb250ZW50XC91cGxvYWRzXC8yMDIzXC8wNFwvb3N0ZXJuLTIwMjMtaW5zdGl0dXRvLWFsZW1hbi1wdWVydG8tbW9udHQtM18wLmpwZyIsInNsaWRlc2hvdyI6IjBlYjA5MTMifQ%3D%3D\" href='https:\/\/ialeman.cl\/wp-content\/uploads\/2023\/04\/ostern-2023-instituto-aleman-puerto-montt-3_0.jpg'><img loading=\"lazy\" decoding=\"async\" width=\"768\" height=\"513\" src=\"https:\/\/ialeman.cl\/wp-content\/uploads\/2023\/04\/ostern-2023-instituto-aleman-puerto-montt-3_0-768x513.jpg\" class=\"attachment-medium_large size-medium_large\" alt=\"\" srcset=\"https:\/\/ialeman.cl\/wp-content\/uploads\/2023\/04\/ostern-2023-instituto-aleman-puerto-montt-3_0-768x513.jpg 768w, https:\/\/ialeman.cl\/wp-content\/uploads\/2023\/04\/ostern-2023-instituto-aleman-puerto-montt-3_0-300x200.jpg 300w, https:\/\/ialeman.cl\/wp-content\/uploads\/2023\/04\/ostern-2023-instituto-aleman-puerto-montt-3_0-1024x684.jpg 1024w, https:\/\/ialeman.cl\/wp-content\/uploads\/2023\/04\/ostern-2023-instituto-aleman-puerto-montt-3_0.jpg 1200w\" sizes=\"(max-width: 768px) 100vw, 768px\" \/><\/a>\n\t\t\t<\/div><\/figure><figure class='gallery-item'>\n\t\t\t<div class='gallery-icon landscape'>\n\t\t\t\t<a data-elementor-open-lightbox=\"yes\" data-elementor-lightbox-slideshow=\"0eb0913\" data-elementor-lightbox-title=\"ostern 2023 instituto aleman puerto montt 3_1\" data-e-action-hash=\"#elementor-action%3Aaction%3Dlightbox%26settings%3DeyJpZCI6MTg2MzAsInVybCI6Imh0dHBzOlwvXC9pYWxlbWFuLmNsXC93cC1jb250ZW50XC91cGxvYWRzXC8yMDIzXC8wNFwvb3N0ZXJuLTIwMjMtaW5zdGl0dXRvLWFsZW1hbi1wdWVydG8tbW9udHQtM18xLmpwZyIsInNsaWRlc2hvdyI6IjBlYjA5MTMifQ%3D%3D\" href='https:\/\/ialeman.cl\/wp-content\/uploads\/2023\/04\/ostern-2023-instituto-aleman-puerto-montt-3_1.jpg'><img loading=\"lazy\" decoding=\"async\" width=\"768\" height=\"513\" src=\"https:\/\/ialeman.cl\/wp-content\/uploads\/2023\/04\/ostern-2023-instituto-aleman-puerto-montt-3_1-768x513.jpg\" class=\"attachment-medium_large size-medium_large\" alt=\"\" srcset=\"https:\/\/ialeman.cl\/wp-content\/uploads\/2023\/04\/ostern-2023-instituto-aleman-puerto-montt-3_1-768x513.jpg 768w, https:\/\/ialeman.cl\/wp-content\/uploads\/2023\/04\/ostern-2023-instituto-aleman-puerto-montt-3_1-300x200.jpg 300w, https:\/\/ialeman.cl\/wp-content\/uploads\/2023\/04\/ostern-2023-instituto-aleman-puerto-montt-3_1-1024x684.jpg 1024w, https:\/\/ialeman.cl\/wp-content\/uploads\/2023\/04\/ostern-2023-instituto-aleman-puerto-montt-3_1.jpg 1200w\" sizes=\"(max-width: 768px) 100vw, 768px\" \/><\/a>\n\t\t\t<\/div><\/figure><figure class='gallery-item'>\n\t\t\t<div class='gallery-icon landscape'>\n\t\t\t\t<a data-elementor-open-lightbox=\"yes\" data-elementor-lightbox-slideshow=\"0eb0913\" data-elementor-lightbox-title=\"ostern 2023 instituto aleman puerto montt 3_2\" data-e-action-hash=\"#elementor-action%3Aaction%3Dlightbox%26settings%3DeyJpZCI6MTg2MzEsInVybCI6Imh0dHBzOlwvXC9pYWxlbWFuLmNsXC93cC1jb250ZW50XC91cGxvYWRzXC8yMDIzXC8wNFwvb3N0ZXJuLTIwMjMtaW5zdGl0dXRvLWFsZW1hbi1wdWVydG8tbW9udHQtM18yLmpwZyIsInNsaWRlc2hvdyI6IjBlYjA5MTMifQ%3D%3D\" href='https:\/\/ialeman.cl\/wp-content\/uploads\/2023\/04\/ostern-2023-instituto-aleman-puerto-montt-3_2.jpg'><img loading=\"lazy\" decoding=\"async\" width=\"768\" height=\"513\" src=\"https:\/\/ialeman.cl\/wp-content\/uploads\/2023\/04\/ostern-2023-instituto-aleman-puerto-montt-3_2-768x513.jpg\" class=\"attachment-medium_large size-medium_large\" alt=\"\" srcset=\"https:\/\/ialeman.cl\/wp-content\/uploads\/2023\/04\/ostern-2023-instituto-aleman-puerto-montt-3_2-768x513.jpg 768w, https:\/\/ialeman.cl\/wp-content\/uploads\/2023\/04\/ostern-2023-instituto-aleman-puerto-montt-3_2-300x200.jpg 300w, https:\/\/ialeman.cl\/wp-content\/uploads\/2023\/04\/ostern-2023-instituto-aleman-puerto-montt-3_2-1024x684.jpg 1024w, https:\/\/ialeman.cl\/wp-content\/uploads\/2023\/04\/ostern-2023-instituto-aleman-puerto-montt-3_2.jpg 1200w\" sizes=\"(max-width: 768px) 100vw, 768px\" \/><\/a>\n\t\t\t<\/div><\/figure><figure class='gallery-item'>\n\t\t\t<div class='gallery-icon landscape'>\n\t\t\t\t<a data-elementor-open-lightbox=\"yes\" data-elementor-lightbox-slideshow=\"0eb0913\" data-elementor-lightbox-title=\"ostern 2023 instituto aleman puerto montt 3_3\" data-e-action-hash=\"#elementor-action%3Aaction%3Dlightbox%26settings%3DeyJpZCI6MTg2MzIsInVybCI6Imh0dHBzOlwvXC9pYWxlbWFuLmNsXC93cC1jb250ZW50XC91cGxvYWRzXC8yMDIzXC8wNFwvb3N0ZXJuLTIwMjMtaW5zdGl0dXRvLWFsZW1hbi1wdWVydG8tbW9udHQtM18zLmpwZyIsInNsaWRlc2hvdyI6IjBlYjA5MTMifQ%3D%3D\" href='https:\/\/ialeman.cl\/wp-content\/uploads\/2023\/04\/ostern-2023-instituto-aleman-puerto-montt-3_3.jpg'><img loading=\"lazy\" decoding=\"async\" width=\"768\" height=\"513\" src=\"https:\/\/ialeman.cl\/wp-content\/uploads\/2023\/04\/ostern-2023-instituto-aleman-puerto-montt-3_3-768x513.jpg\" class=\"attachment-medium_large size-medium_large\" alt=\"\" srcset=\"https:\/\/ialeman.cl\/wp-content\/uploads\/2023\/04\/ostern-2023-instituto-aleman-puerto-montt-3_3-768x513.jpg 768w, https:\/\/ialeman.cl\/wp-content\/uploads\/2023\/04\/ostern-2023-instituto-aleman-puerto-montt-3_3-300x200.jpg 300w, https:\/\/ialeman.cl\/wp-content\/uploads\/2023\/04\/ostern-2023-instituto-aleman-puerto-montt-3_3-1024x684.jpg 1024w, https:\/\/ialeman.cl\/wp-content\/uploads\/2023\/04\/ostern-2023-instituto-aleman-puerto-montt-3_3.jpg 1200w\" sizes=\"(max-width: 768px) 100vw, 768px\" \/><\/a>\n\t\t\t<\/div><\/figure><figure class='gallery-item'>\n\t\t\t<div class='gallery-icon landscape'>\n\t\t\t\t<a data-elementor-open-lightbox=\"yes\" data-elementor-lightbox-slideshow=\"0eb0913\" data-elementor-lightbox-title=\"ostern 2023 instituto aleman puerto montt 3_4\" data-e-action-hash=\"#elementor-action%3Aaction%3Dlightbox%26settings%3DeyJpZCI6MTg2MzMsInVybCI6Imh0dHBzOlwvXC9pYWxlbWFuLmNsXC93cC1jb250ZW50XC91cGxvYWRzXC8yMDIzXC8wNFwvb3N0ZXJuLTIwMjMtaW5zdGl0dXRvLWFsZW1hbi1wdWVydG8tbW9udHQtM180LmpwZyIsInNsaWRlc2hvdyI6IjBlYjA5MTMifQ%3D%3D\" href='https:\/\/ialeman.cl\/wp-content\/uploads\/2023\/04\/ostern-2023-instituto-aleman-puerto-montt-3_4.jpg'><img loading=\"lazy\" decoding=\"async\" width=\"768\" height=\"513\" src=\"https:\/\/ialeman.cl\/wp-content\/uploads\/2023\/04\/ostern-2023-instituto-aleman-puerto-montt-3_4-768x513.jpg\" class=\"attachment-medium_large size-medium_large\" alt=\"\" srcset=\"https:\/\/ialeman.cl\/wp-content\/uploads\/2023\/04\/ostern-2023-instituto-aleman-puerto-montt-3_4-768x513.jpg 768w, https:\/\/ialeman.cl\/wp-content\/uploads\/2023\/04\/ostern-2023-instituto-aleman-puerto-montt-3_4-300x200.jpg 300w, https:\/\/ialeman.cl\/wp-content\/uploads\/2023\/04\/ostern-2023-instituto-aleman-puerto-montt-3_4-1024x684.jpg 1024w, https:\/\/ialeman.cl\/wp-content\/uploads\/2023\/04\/ostern-2023-instituto-aleman-puerto-montt-3_4.jpg 1200w\" sizes=\"(max-width: 768px) 100vw, 768px\" \/><\/a>\n\t\t\t<\/div><\/figure><figure class='gallery-item'>\n\t\t\t<div class='gallery-icon landscape'>\n\t\t\t\t<a data-elementor-open-lightbox=\"yes\" data-elementor-lightbox-slideshow=\"0eb0913\" data-elementor-lightbox-title=\"ostern 2023 instituto aleman puerto montt 3_5\" data-e-action-hash=\"#elementor-action%3Aaction%3Dlightbox%26settings%3DeyJpZCI6MTg2MzQsInVybCI6Imh0dHBzOlwvXC9pYWxlbWFuLmNsXC93cC1jb250ZW50XC91cGxvYWRzXC8yMDIzXC8wNFwvb3N0ZXJuLTIwMjMtaW5zdGl0dXRvLWFsZW1hbi1wdWVydG8tbW9udHQtM181LmpwZyIsInNsaWRlc2hvdyI6IjBlYjA5MTMifQ%3D%3D\" href='https:\/\/ialeman.cl\/wp-content\/uploads\/2023\/04\/ostern-2023-instituto-aleman-puerto-montt-3_5.jpg'><img loading=\"lazy\" decoding=\"async\" width=\"768\" height=\"513\" src=\"https:\/\/ialeman.cl\/wp-content\/uploads\/2023\/04\/ostern-2023-instituto-aleman-puerto-montt-3_5-768x513.jpg\" class=\"attachment-medium_large size-medium_large\" alt=\"\" srcset=\"https:\/\/ialeman.cl\/wp-content\/uploads\/2023\/04\/ostern-2023-instituto-aleman-puerto-montt-3_5-768x513.jpg 768w, https:\/\/ialeman.cl\/wp-content\/uploads\/2023\/04\/ostern-2023-instituto-aleman-puerto-montt-3_5-300x200.jpg 300w, https:\/\/ialeman.cl\/wp-content\/uploads\/2023\/04\/ostern-2023-instituto-aleman-puerto-montt-3_5-1024x684.jpg 1024w, https:\/\/ialeman.cl\/wp-content\/uploads\/2023\/04\/ostern-2023-instituto-aleman-puerto-montt-3_5.jpg 1200w\" sizes=\"(max-width: 768px) 100vw, 768px\" \/><\/a>\n\t\t\t<\/div><\/figure><figure class='gallery-item'>\n\t\t\t<div class='gallery-icon landscape'>\n\t\t\t\t<a data-elementor-open-lightbox=\"yes\" data-elementor-lightbox-slideshow=\"0eb0913\" data-elementor-lightbox-title=\"ostern 2023 instituto aleman puerto montt 3_6\" data-e-action-hash=\"#elementor-action%3Aaction%3Dlightbox%26settings%3DeyJpZCI6MTg2MzYsInVybCI6Imh0dHBzOlwvXC9pYWxlbWFuLmNsXC93cC1jb250ZW50XC91cGxvYWRzXC8yMDIzXC8wNFwvb3N0ZXJuLTIwMjMtaW5zdGl0dXRvLWFsZW1hbi1wdWVydG8tbW9udHQtM182LmpwZyIsInNsaWRlc2hvdyI6IjBlYjA5MTMifQ%3D%3D\" href='https:\/\/ialeman.cl\/wp-content\/uploads\/2023\/04\/ostern-2023-instituto-aleman-puerto-montt-3_6.jpg'><img loading=\"lazy\" decoding=\"async\" width=\"768\" height=\"513\" src=\"https:\/\/ialeman.cl\/wp-content\/uploads\/2023\/04\/ostern-2023-instituto-aleman-puerto-montt-3_6-768x513.jpg\" class=\"attachment-medium_large size-medium_large\" alt=\"\" srcset=\"https:\/\/ialeman.cl\/wp-content\/uploads\/2023\/04\/ostern-2023-instituto-aleman-puerto-montt-3_6-768x513.jpg 768w, https:\/\/ialeman.cl\/wp-content\/uploads\/2023\/04\/ostern-2023-instituto-aleman-puerto-montt-3_6-300x200.jpg 300w, https:\/\/ialeman.cl\/wp-content\/uploads\/2023\/04\/ostern-2023-instituto-aleman-puerto-montt-3_6-1024x684.jpg 1024w, https:\/\/ialeman.cl\/wp-content\/uploads\/2023\/04\/ostern-2023-instituto-aleman-puerto-montt-3_6.jpg 1200w\" sizes=\"(max-width: 768px) 100vw, 768px\" \/><\/a>\n\t\t\t<\/div><\/figure><figure class='gallery-item'>\n\t\t\t<div class='gallery-icon landscape'>\n\t\t\t\t<a data-elementor-open-lightbox=\"yes\" data-elementor-lightbox-slideshow=\"0eb0913\" data-elementor-lightbox-title=\"ostern 2023 instituto aleman puerto montt 3_7\" data-e-action-hash=\"#elementor-action%3Aaction%3Dlightbox%26settings%3DeyJpZCI6MTg2MzcsInVybCI6Imh0dHBzOlwvXC9pYWxlbWFuLmNsXC93cC1jb250ZW50XC91cGxvYWRzXC8yMDIzXC8wNFwvb3N0ZXJuLTIwMjMtaW5zdGl0dXRvLWFsZW1hbi1wdWVydG8tbW9udHQtM183LmpwZyIsInNsaWRlc2hvdyI6IjBlYjA5MTMifQ%3D%3D\" href='https:\/\/ialeman.cl\/wp-content\/uploads\/2023\/04\/ostern-2023-instituto-aleman-puerto-montt-3_7.jpg'><img loading=\"lazy\" decoding=\"async\" width=\"768\" height=\"513\" src=\"https:\/\/ialeman.cl\/wp-content\/uploads\/2023\/04\/ostern-2023-instituto-aleman-puerto-montt-3_7-768x513.jpg\" class=\"attachment-medium_large size-medium_large\" alt=\"\" srcset=\"https:\/\/ialeman.cl\/wp-content\/uploads\/2023\/04\/ostern-2023-instituto-aleman-puerto-montt-3_7-768x513.jpg 768w, https:\/\/ialeman.cl\/wp-content\/uploads\/2023\/04\/ostern-2023-instituto-aleman-puerto-montt-3_7-300x200.jpg 300w, https:\/\/ialeman.cl\/wp-content\/uploads\/2023\/04\/ostern-2023-instituto-aleman-puerto-montt-3_7-1024x684.jpg 1024w, https:\/\/ialeman.cl\/wp-content\/uploads\/2023\/04\/ostern-2023-instituto-aleman-puerto-montt-3_7.jpg 1200w\" sizes=\"(max-width: 768px) 100vw, 768px\" \/><\/a>\n\t\t\t<\/div><\/figure><figure class='gallery-item'>\n\t\t\t<div class='gallery-icon landscape'>\n\t\t\t\t<a data-elementor-open-lightbox=\"yes\" data-elementor-lightbox-slideshow=\"0eb0913\" data-elementor-lightbox-title=\"ostern 2023 instituto aleman puerto montt 3_8\" data-e-action-hash=\"#elementor-action%3Aaction%3Dlightbox%26settings%3DeyJpZCI6MTg2MzgsInVybCI6Imh0dHBzOlwvXC9pYWxlbWFuLmNsXC93cC1jb250ZW50XC91cGxvYWRzXC8yMDIzXC8wNFwvb3N0ZXJuLTIwMjMtaW5zdGl0dXRvLWFsZW1hbi1wdWVydG8tbW9udHQtM184LmpwZyIsInNsaWRlc2hvdyI6IjBlYjA5MTMifQ%3D%3D\" href='https:\/\/ialeman.cl\/wp-content\/uploads\/2023\/04\/ostern-2023-instituto-aleman-puerto-montt-3_8.jpg'><img loading=\"lazy\" decoding=\"async\" width=\"768\" height=\"513\" src=\"https:\/\/ialeman.cl\/wp-content\/uploads\/2023\/04\/ostern-2023-instituto-aleman-puerto-montt-3_8-768x513.jpg\" class=\"attachment-medium_large size-medium_large\" alt=\"\" srcset=\"https:\/\/ialeman.cl\/wp-content\/uploads\/2023\/04\/ostern-2023-instituto-aleman-puerto-montt-3_8-768x513.jpg 768w, https:\/\/ialeman.cl\/wp-content\/uploads\/2023\/04\/ostern-2023-instituto-aleman-puerto-montt-3_8-300x200.jpg 300w, https:\/\/ialeman.cl\/wp-content\/uploads\/2023\/04\/ostern-2023-instituto-aleman-puerto-montt-3_8-1024x684.jpg 1024w, https:\/\/ialeman.cl\/wp-content\/uploads\/2023\/04\/ostern-2023-instituto-aleman-puerto-montt-3_8.jpg 1200w\" sizes=\"(max-width: 768px) 100vw, 768px\" \/><\/a>\n\t\t\t<\/div><\/figure><figure class='gallery-item'>\n\t\t\t<div class='gallery-icon landscape'>\n\t\t\t\t<a data-elementor-open-lightbox=\"yes\" data-elementor-lightbox-slideshow=\"0eb0913\" data-elementor-lightbox-title=\"ostern 2023 instituto aleman puerto montt 3_9\" data-e-action-hash=\"#elementor-action%3Aaction%3Dlightbox%26settings%3DeyJpZCI6MTg2MzksInVybCI6Imh0dHBzOlwvXC9pYWxlbWFuLmNsXC93cC1jb250ZW50XC91cGxvYWRzXC8yMDIzXC8wNFwvb3N0ZXJuLTIwMjMtaW5zdGl0dXRvLWFsZW1hbi1wdWVydG8tbW9udHQtM185LmpwZyIsInNsaWRlc2hvdyI6IjBlYjA5MTMifQ%3D%3D\" href='https:\/\/ialeman.cl\/wp-content\/uploads\/2023\/04\/ostern-2023-instituto-aleman-puerto-montt-3_9.jpg'><img loading=\"lazy\" decoding=\"async\" width=\"768\" height=\"513\" src=\"https:\/\/ialeman.cl\/wp-content\/uploads\/2023\/04\/ostern-2023-instituto-aleman-puerto-montt-3_9-768x513.jpg\" class=\"attachment-medium_large size-medium_large\" alt=\"\" srcset=\"https:\/\/ialeman.cl\/wp-content\/uploads\/2023\/04\/ostern-2023-instituto-aleman-puerto-montt-3_9-768x513.jpg 768w, https:\/\/ialeman.cl\/wp-content\/uploads\/2023\/04\/ostern-2023-instituto-aleman-puerto-montt-3_9-300x200.jpg 300w, https:\/\/ialeman.cl\/wp-content\/uploads\/2023\/04\/ostern-2023-instituto-aleman-puerto-montt-3_9-1024x684.jpg 1024w, https:\/\/ialeman.cl\/wp-content\/uploads\/2023\/04\/ostern-2023-instituto-aleman-puerto-montt-3_9.jpg 1200w\" sizes=\"(max-width: 768px) 100vw, 768px\" \/><\/a>\n\t\t\t<\/div><\/figure><figure class='gallery-item'>\n\t\t\t<div class='gallery-icon landscape'>\n\t\t\t\t<a data-elementor-open-lightbox=\"yes\" data-elementor-lightbox-slideshow=\"0eb0913\" data-elementor-lightbox-title=\"ostern 2023 instituto aleman puerto montt 4_0\" data-e-action-hash=\"#elementor-action%3Aaction%3Dlightbox%26settings%3DeyJpZCI6MTg2NDAsInVybCI6Imh0dHBzOlwvXC9pYWxlbWFuLmNsXC93cC1jb250ZW50XC91cGxvYWRzXC8yMDIzXC8wNFwvb3N0ZXJuLTIwMjMtaW5zdGl0dXRvLWFsZW1hbi1wdWVydG8tbW9udHQtNF8wLmpwZyIsInNsaWRlc2hvdyI6IjBlYjA5MTMifQ%3D%3D\" href='https:\/\/ialeman.cl\/wp-content\/uploads\/2023\/04\/ostern-2023-instituto-aleman-puerto-montt-4_0.jpg'><img loading=\"lazy\" decoding=\"async\" width=\"768\" height=\"513\" src=\"https:\/\/ialeman.cl\/wp-content\/uploads\/2023\/04\/ostern-2023-instituto-aleman-puerto-montt-4_0-768x513.jpg\" class=\"attachment-medium_large size-medium_large\" alt=\"\" srcset=\"https:\/\/ialeman.cl\/wp-content\/uploads\/2023\/04\/ostern-2023-instituto-aleman-puerto-montt-4_0-768x513.jpg 768w, https:\/\/ialeman.cl\/wp-content\/uploads\/2023\/04\/ostern-2023-instituto-aleman-puerto-montt-4_0-300x200.jpg 300w, https:\/\/ialeman.cl\/wp-content\/uploads\/2023\/04\/ostern-2023-instituto-aleman-puerto-montt-4_0-1024x684.jpg 1024w, https:\/\/ialeman.cl\/wp-content\/uploads\/2023\/04\/ostern-2023-instituto-aleman-puerto-montt-4_0.jpg 1200w\" sizes=\"(max-width: 768px) 100vw, 768px\" \/><\/a>\n\t\t\t<\/div><\/figure><figure class='gallery-item'>\n\t\t\t<div class='gallery-icon landscape'>\n\t\t\t\t<a data-elementor-open-lightbox=\"yes\" data-elementor-lightbox-slideshow=\"0eb0913\" data-elementor-lightbox-title=\"ostern 2023 instituto aleman puerto montt 5_0\" data-e-action-hash=\"#elementor-action%3Aaction%3Dlightbox%26settings%3DeyJpZCI6MTg2NDEsInVybCI6Imh0dHBzOlwvXC9pYWxlbWFuLmNsXC93cC1jb250ZW50XC91cGxvYWRzXC8yMDIzXC8wNFwvb3N0ZXJuLTIwMjMtaW5zdGl0dXRvLWFsZW1hbi1wdWVydG8tbW9udHQtNV8wLmpwZyIsInNsaWRlc2hvdyI6IjBlYjA5MTMifQ%3D%3D\" href='https:\/\/ialeman.cl\/wp-content\/uploads\/2023\/04\/ostern-2023-instituto-aleman-puerto-montt-5_0.jpg'><img loading=\"lazy\" decoding=\"async\" width=\"768\" height=\"513\" src=\"https:\/\/ialeman.cl\/wp-content\/uploads\/2023\/04\/ostern-2023-instituto-aleman-puerto-montt-5_0-768x513.jpg\" class=\"attachment-medium_large size-medium_large\" alt=\"\" srcset=\"https:\/\/ialeman.cl\/wp-content\/uploads\/2023\/04\/ostern-2023-instituto-aleman-puerto-montt-5_0-768x513.jpg 768w, https:\/\/ialeman.cl\/wp-content\/uploads\/2023\/04\/ostern-2023-instituto-aleman-puerto-montt-5_0-300x200.jpg 300w, https:\/\/ialeman.cl\/wp-content\/uploads\/2023\/04\/ostern-2023-instituto-aleman-puerto-montt-5_0-1024x684.jpg 1024w, https:\/\/ialeman.cl\/wp-content\/uploads\/2023\/04\/ostern-2023-instituto-aleman-puerto-montt-5_0.jpg 1200w\" sizes=\"(max-width: 768px) 100vw, 768px\" \/><\/a>\n\t\t\t<\/div><\/figure><figure class='gallery-item'>\n\t\t\t<div class='gallery-icon landscape'>\n\t\t\t\t<a data-elementor-open-lightbox=\"yes\" data-elementor-lightbox-slideshow=\"0eb0913\" data-elementor-lightbox-title=\"ostern 2023 instituto aleman puerto montt 5_1\" data-e-action-hash=\"#elementor-action%3Aaction%3Dlightbox%26settings%3DeyJpZCI6MTg2NDIsInVybCI6Imh0dHBzOlwvXC9pYWxlbWFuLmNsXC93cC1jb250ZW50XC91cGxvYWRzXC8yMDIzXC8wNFwvb3N0ZXJuLTIwMjMtaW5zdGl0dXRvLWFsZW1hbi1wdWVydG8tbW9udHQtNV8xLmpwZyIsInNsaWRlc2hvdyI6IjBlYjA5MTMifQ%3D%3D\" href='https:\/\/ialeman.cl\/wp-content\/uploads\/2023\/04\/ostern-2023-instituto-aleman-puerto-montt-5_1.jpg'><img loading=\"lazy\" decoding=\"async\" width=\"768\" height=\"513\" src=\"https:\/\/ialeman.cl\/wp-content\/uploads\/2023\/04\/ostern-2023-instituto-aleman-puerto-montt-5_1-768x513.jpg\" class=\"attachment-medium_large size-medium_large\" alt=\"\" srcset=\"https:\/\/ialeman.cl\/wp-content\/uploads\/2023\/04\/ostern-2023-instituto-aleman-puerto-montt-5_1-768x513.jpg 768w, https:\/\/ialeman.cl\/wp-content\/uploads\/2023\/04\/ostern-2023-instituto-aleman-puerto-montt-5_1-300x200.jpg 300w, https:\/\/ialeman.cl\/wp-content\/uploads\/2023\/04\/ostern-2023-instituto-aleman-puerto-montt-5_1-1024x684.jpg 1024w, https:\/\/ialeman.cl\/wp-content\/uploads\/2023\/04\/ostern-2023-instituto-aleman-puerto-montt-5_1.jpg 1200w\" sizes=\"(max-width: 768px) 100vw, 768px\" \/><\/a>\n\t\t\t<\/div><\/figure><figure class='gallery-item'>\n\t\t\t<div class='gallery-icon landscape'>\n\t\t\t\t<a data-elementor-open-lightbox=\"yes\" data-elementor-lightbox-slideshow=\"0eb0913\" data-elementor-lightbox-title=\"ostern 2023 instituto aleman puerto montt 5_2\" data-e-action-hash=\"#elementor-action%3Aaction%3Dlightbox%26settings%3DeyJpZCI6MTg2NDMsInVybCI6Imh0dHBzOlwvXC9pYWxlbWFuLmNsXC93cC1jb250ZW50XC91cGxvYWRzXC8yMDIzXC8wNFwvb3N0ZXJuLTIwMjMtaW5zdGl0dXRvLWFsZW1hbi1wdWVydG8tbW9udHQtNV8yLmpwZyIsInNsaWRlc2hvdyI6IjBlYjA5MTMifQ%3D%3D\" href='https:\/\/ialeman.cl\/wp-content\/uploads\/2023\/04\/ostern-2023-instituto-aleman-puerto-montt-5_2.jpg'><img loading=\"lazy\" decoding=\"async\" width=\"768\" height=\"513\" src=\"https:\/\/ialeman.cl\/wp-content\/uploads\/2023\/04\/ostern-2023-instituto-aleman-puerto-montt-5_2-768x513.jpg\" class=\"attachment-medium_large size-medium_large\" alt=\"\" srcset=\"https:\/\/ialeman.cl\/wp-content\/uploads\/2023\/04\/ostern-2023-instituto-aleman-puerto-montt-5_2-768x513.jpg 768w, https:\/\/ialeman.cl\/wp-content\/uploads\/2023\/04\/ostern-2023-instituto-aleman-puerto-montt-5_2-300x200.jpg 300w, https:\/\/ialeman.cl\/wp-content\/uploads\/2023\/04\/ostern-2023-instituto-aleman-puerto-montt-5_2-1024x684.jpg 1024w, https:\/\/ialeman.cl\/wp-content\/uploads\/2023\/04\/ostern-2023-instituto-aleman-puerto-montt-5_2.jpg 1200w\" sizes=\"(max-width: 768px) 100vw, 768px\" \/><\/a>\n\t\t\t<\/div><\/figure><figure class='gallery-item'>\n\t\t\t<div class='gallery-icon landscape'>\n\t\t\t\t<a data-elementor-open-lightbox=\"yes\" data-elementor-lightbox-slideshow=\"0eb0913\" data-elementor-lightbox-title=\"ostern 2023 instituto aleman puerto montt 5_3\" data-e-action-hash=\"#elementor-action%3Aaction%3Dlightbox%26settings%3DeyJpZCI6MTg2NDQsInVybCI6Imh0dHBzOlwvXC9pYWxlbWFuLmNsXC93cC1jb250ZW50XC91cGxvYWRzXC8yMDIzXC8wNFwvb3N0ZXJuLTIwMjMtaW5zdGl0dXRvLWFsZW1hbi1wdWVydG8tbW9udHQtNV8zLmpwZyIsInNsaWRlc2hvdyI6IjBlYjA5MTMifQ%3D%3D\" href='https:\/\/ialeman.cl\/wp-content\/uploads\/2023\/04\/ostern-2023-instituto-aleman-puerto-montt-5_3.jpg'><img loading=\"lazy\" decoding=\"async\" width=\"768\" height=\"513\" src=\"https:\/\/ialeman.cl\/wp-content\/uploads\/2023\/04\/ostern-2023-instituto-aleman-puerto-montt-5_3-768x513.jpg\" class=\"attachment-medium_large size-medium_large\" alt=\"\" srcset=\"https:\/\/ialeman.cl\/wp-content\/uploads\/2023\/04\/ostern-2023-instituto-aleman-puerto-montt-5_3-768x513.jpg 768w, https:\/\/ialeman.cl\/wp-content\/uploads\/2023\/04\/ostern-2023-instituto-aleman-puerto-montt-5_3-300x200.jpg 300w, https:\/\/ialeman.cl\/wp-content\/uploads\/2023\/04\/ostern-2023-instituto-aleman-puerto-montt-5_3-1024x684.jpg 1024w, https:\/\/ialeman.cl\/wp-content\/uploads\/2023\/04\/ostern-2023-instituto-aleman-puerto-montt-5_3.jpg 1200w\" sizes=\"(max-width: 768px) 100vw, 768px\" \/><\/a>\n\t\t\t<\/div><\/figure><figure class='gallery-item'>\n\t\t\t<div class='gallery-icon landscape'>\n\t\t\t\t<a data-elementor-open-lightbox=\"yes\" data-elementor-lightbox-slideshow=\"0eb0913\" data-elementor-lightbox-title=\"ostern 2023 instituto aleman puerto montt 5_4\" data-e-action-hash=\"#elementor-action%3Aaction%3Dlightbox%26settings%3DeyJpZCI6MTg2NDUsInVybCI6Imh0dHBzOlwvXC9pYWxlbWFuLmNsXC93cC1jb250ZW50XC91cGxvYWRzXC8yMDIzXC8wNFwvb3N0ZXJuLTIwMjMtaW5zdGl0dXRvLWFsZW1hbi1wdWVydG8tbW9udHQtNV80LmpwZyIsInNsaWRlc2hvdyI6IjBlYjA5MTMifQ%3D%3D\" href='https:\/\/ialeman.cl\/wp-content\/uploads\/2023\/04\/ostern-2023-instituto-aleman-puerto-montt-5_4.jpg'><img loading=\"lazy\" decoding=\"async\" width=\"768\" height=\"513\" src=\"https:\/\/ialeman.cl\/wp-content\/uploads\/2023\/04\/ostern-2023-instituto-aleman-puerto-montt-5_4-768x513.jpg\" class=\"attachment-medium_large size-medium_large\" alt=\"\" srcset=\"https:\/\/ialeman.cl\/wp-content\/uploads\/2023\/04\/ostern-2023-instituto-aleman-puerto-montt-5_4-768x513.jpg 768w, https:\/\/ialeman.cl\/wp-content\/uploads\/2023\/04\/ostern-2023-instituto-aleman-puerto-montt-5_4-300x200.jpg 300w, https:\/\/ialeman.cl\/wp-content\/uploads\/2023\/04\/ostern-2023-instituto-aleman-puerto-montt-5_4-1024x684.jpg 1024w, https:\/\/ialeman.cl\/wp-content\/uploads\/2023\/04\/ostern-2023-instituto-aleman-puerto-montt-5_4.jpg 1200w\" sizes=\"(max-width: 768px) 100vw, 768px\" \/><\/a>\n\t\t\t<\/div><\/figure><figure class='gallery-item'>\n\t\t\t<div class='gallery-icon landscape'>\n\t\t\t\t<a data-elementor-open-lightbox=\"yes\" data-elementor-lightbox-slideshow=\"0eb0913\" data-elementor-lightbox-title=\"ostern 2023 instituto aleman puerto montt 5_5\" data-e-action-hash=\"#elementor-action%3Aaction%3Dlightbox%26settings%3DeyJpZCI6MTg2NDYsInVybCI6Imh0dHBzOlwvXC9pYWxlbWFuLmNsXC93cC1jb250ZW50XC91cGxvYWRzXC8yMDIzXC8wNFwvb3N0ZXJuLTIwMjMtaW5zdGl0dXRvLWFsZW1hbi1wdWVydG8tbW9udHQtNV81LmpwZyIsInNsaWRlc2hvdyI6IjBlYjA5MTMifQ%3D%3D\" href='https:\/\/ialeman.cl\/wp-content\/uploads\/2023\/04\/ostern-2023-instituto-aleman-puerto-montt-5_5.jpg'><img loading=\"lazy\" decoding=\"async\" width=\"768\" height=\"513\" src=\"https:\/\/ialeman.cl\/wp-content\/uploads\/2023\/04\/ostern-2023-instituto-aleman-puerto-montt-5_5-768x513.jpg\" class=\"attachment-medium_large size-medium_large\" alt=\"\" srcset=\"https:\/\/ialeman.cl\/wp-content\/uploads\/2023\/04\/ostern-2023-instituto-aleman-puerto-montt-5_5-768x513.jpg 768w, https:\/\/ialeman.cl\/wp-content\/uploads\/2023\/04\/ostern-2023-instituto-aleman-puerto-montt-5_5-300x200.jpg 300w, https:\/\/ialeman.cl\/wp-content\/uploads\/2023\/04\/ostern-2023-instituto-aleman-puerto-montt-5_5-1024x684.jpg 1024w, https:\/\/ialeman.cl\/wp-content\/uploads\/2023\/04\/ostern-2023-instituto-aleman-puerto-montt-5_5.jpg 1200w\" sizes=\"(max-width: 768px) 100vw, 768px\" \/><\/a>\n\t\t\t<\/div><\/figure><figure class='gallery-item'>\n\t\t\t<div class='gallery-icon landscape'>\n\t\t\t\t<a data-elementor-open-lightbox=\"yes\" data-elementor-lightbox-slideshow=\"0eb0913\" data-elementor-lightbox-title=\"ostern 2023 instituto aleman puerto montt 5_6\" data-e-action-hash=\"#elementor-action%3Aaction%3Dlightbox%26settings%3DeyJpZCI6MTg2NDcsInVybCI6Imh0dHBzOlwvXC9pYWxlbWFuLmNsXC93cC1jb250ZW50XC91cGxvYWRzXC8yMDIzXC8wNFwvb3N0ZXJuLTIwMjMtaW5zdGl0dXRvLWFsZW1hbi1wdWVydG8tbW9udHQtNV82LmpwZyIsInNsaWRlc2hvdyI6IjBlYjA5MTMifQ%3D%3D\" href='https:\/\/ialeman.cl\/wp-content\/uploads\/2023\/04\/ostern-2023-instituto-aleman-puerto-montt-5_6.jpg'><img loading=\"lazy\" decoding=\"async\" width=\"768\" height=\"513\" src=\"https:\/\/ialeman.cl\/wp-content\/uploads\/2023\/04\/ostern-2023-instituto-aleman-puerto-montt-5_6-768x513.jpg\" class=\"attachment-medium_large size-medium_large\" alt=\"\" srcset=\"https:\/\/ialeman.cl\/wp-content\/uploads\/2023\/04\/ostern-2023-instituto-aleman-puerto-montt-5_6-768x513.jpg 768w, https:\/\/ialeman.cl\/wp-content\/uploads\/2023\/04\/ostern-2023-instituto-aleman-puerto-montt-5_6-300x200.jpg 300w, https:\/\/ialeman.cl\/wp-content\/uploads\/2023\/04\/ostern-2023-instituto-aleman-puerto-montt-5_6-1024x684.jpg 1024w, https:\/\/ialeman.cl\/wp-content\/uploads\/2023\/04\/ostern-2023-instituto-aleman-puerto-montt-5_6.jpg 1200w\" sizes=\"(max-width: 768px) 100vw, 768px\" \/><\/a>\n\t\t\t<\/div><\/figure><figure class='gallery-item'>\n\t\t\t<div class='gallery-icon landscape'>\n\t\t\t\t<a data-elementor-open-lightbox=\"yes\" data-elementor-lightbox-slideshow=\"0eb0913\" data-elementor-lightbox-title=\"ostern 2023 instituto aleman puerto montt 5_7\" data-e-action-hash=\"#elementor-action%3Aaction%3Dlightbox%26settings%3DeyJpZCI6MTg2NDgsInVybCI6Imh0dHBzOlwvXC9pYWxlbWFuLmNsXC93cC1jb250ZW50XC91cGxvYWRzXC8yMDIzXC8wNFwvb3N0ZXJuLTIwMjMtaW5zdGl0dXRvLWFsZW1hbi1wdWVydG8tbW9udHQtNV83LmpwZyIsInNsaWRlc2hvdyI6IjBlYjA5MTMifQ%3D%3D\" href='https:\/\/ialeman.cl\/wp-content\/uploads\/2023\/04\/ostern-2023-instituto-aleman-puerto-montt-5_7.jpg'><img loading=\"lazy\" decoding=\"async\" width=\"768\" height=\"513\" src=\"https:\/\/ialeman.cl\/wp-content\/uploads\/2023\/04\/ostern-2023-instituto-aleman-puerto-montt-5_7-768x513.jpg\" class=\"attachment-medium_large size-medium_large\" alt=\"\" srcset=\"https:\/\/ialeman.cl\/wp-content\/uploads\/2023\/04\/ostern-2023-instituto-aleman-puerto-montt-5_7-768x513.jpg 768w, https:\/\/ialeman.cl\/wp-content\/uploads\/2023\/04\/ostern-2023-instituto-aleman-puerto-montt-5_7-300x200.jpg 300w, https:\/\/ialeman.cl\/wp-content\/uploads\/2023\/04\/ostern-2023-instituto-aleman-puerto-montt-5_7-1024x684.jpg 1024w, https:\/\/ialeman.cl\/wp-content\/uploads\/2023\/04\/ostern-2023-instituto-aleman-puerto-montt-5_7.jpg 1200w\" sizes=\"(max-width: 768px) 100vw, 768px\" \/><\/a>\n\t\t\t<\/div><\/figure><figure class='gallery-item'>\n\t\t\t<div class='gallery-icon landscape'>\n\t\t\t\t<a data-elementor-open-lightbox=\"yes\" data-elementor-lightbox-slideshow=\"0eb0913\" data-elementor-lightbox-title=\"ostern 2023 instituto aleman puerto montt 5_8\" data-e-action-hash=\"#elementor-action%3Aaction%3Dlightbox%26settings%3DeyJpZCI6MTg2NDksInVybCI6Imh0dHBzOlwvXC9pYWxlbWFuLmNsXC93cC1jb250ZW50XC91cGxvYWRzXC8yMDIzXC8wNFwvb3N0ZXJuLTIwMjMtaW5zdGl0dXRvLWFsZW1hbi1wdWVydG8tbW9udHQtNV84LmpwZyIsInNsaWRlc2hvdyI6IjBlYjA5MTMifQ%3D%3D\" href='https:\/\/ialeman.cl\/wp-content\/uploads\/2023\/04\/ostern-2023-instituto-aleman-puerto-montt-5_8.jpg'><img loading=\"lazy\" decoding=\"async\" width=\"768\" height=\"513\" src=\"https:\/\/ialeman.cl\/wp-content\/uploads\/2023\/04\/ostern-2023-instituto-aleman-puerto-montt-5_8-768x513.jpg\" class=\"attachment-medium_large size-medium_large\" alt=\"\" srcset=\"https:\/\/ialeman.cl\/wp-content\/uploads\/2023\/04\/ostern-2023-instituto-aleman-puerto-montt-5_8-768x513.jpg 768w, https:\/\/ialeman.cl\/wp-content\/uploads\/2023\/04\/ostern-2023-instituto-aleman-puerto-montt-5_8-300x200.jpg 300w, https:\/\/ialeman.cl\/wp-content\/uploads\/2023\/04\/ostern-2023-instituto-aleman-puerto-montt-5_8-1024x684.jpg 1024w, https:\/\/ialeman.cl\/wp-content\/uploads\/2023\/04\/ostern-2023-instituto-aleman-puerto-montt-5_8.jpg 1200w\" sizes=\"(max-width: 768px) 100vw, 768px\" \/><\/a>\n\t\t\t<\/div><\/figure><figure class='gallery-item'>\n\t\t\t<div class='gallery-icon landscape'>\n\t\t\t\t<a data-elementor-open-lightbox=\"yes\" data-elementor-lightbox-slideshow=\"0eb0913\" data-elementor-lightbox-title=\"ostern 2023 instituto aleman puerto montt 5_9\" data-e-action-hash=\"#elementor-action%3Aaction%3Dlightbox%26settings%3DeyJpZCI6MTg2NTAsInVybCI6Imh0dHBzOlwvXC9pYWxlbWFuLmNsXC93cC1jb250ZW50XC91cGxvYWRzXC8yMDIzXC8wNFwvb3N0ZXJuLTIwMjMtaW5zdGl0dXRvLWFsZW1hbi1wdWVydG8tbW9udHQtNV85LmpwZyIsInNsaWRlc2hvdyI6IjBlYjA5MTMifQ%3D%3D\" href='https:\/\/ialeman.cl\/wp-content\/uploads\/2023\/04\/ostern-2023-instituto-aleman-puerto-montt-5_9.jpg'><img loading=\"lazy\" decoding=\"async\" width=\"768\" height=\"513\" src=\"https:\/\/ialeman.cl\/wp-content\/uploads\/2023\/04\/ostern-2023-instituto-aleman-puerto-montt-5_9-768x513.jpg\" class=\"attachment-medium_large size-medium_large\" alt=\"\" srcset=\"https:\/\/ialeman.cl\/wp-content\/uploads\/2023\/04\/ostern-2023-instituto-aleman-puerto-montt-5_9-768x513.jpg 768w, https:\/\/ialeman.cl\/wp-content\/uploads\/2023\/04\/ostern-2023-instituto-aleman-puerto-montt-5_9-300x200.jpg 300w, https:\/\/ialeman.cl\/wp-content\/uploads\/2023\/04\/ostern-2023-instituto-aleman-puerto-montt-5_9-1024x684.jpg 1024w, https:\/\/ialeman.cl\/wp-content\/uploads\/2023\/04\/ostern-2023-instituto-aleman-puerto-montt-5_9.jpg 1200w\" sizes=\"(max-width: 768px) 100vw, 768px\" \/><\/a>\n\t\t\t<\/div><\/figure><figure class='gallery-item'>\n\t\t\t<div class='gallery-icon landscape'>\n\t\t\t\t<a data-elementor-open-lightbox=\"yes\" data-elementor-lightbox-slideshow=\"0eb0913\" data-elementor-lightbox-title=\"ostern 2023 instituto aleman puerto montt 6_0\" data-e-action-hash=\"#elementor-action%3Aaction%3Dlightbox%26settings%3DeyJpZCI6MTg2NTEsInVybCI6Imh0dHBzOlwvXC9pYWxlbWFuLmNsXC93cC1jb250ZW50XC91cGxvYWRzXC8yMDIzXC8wNFwvb3N0ZXJuLTIwMjMtaW5zdGl0dXRvLWFsZW1hbi1wdWVydG8tbW9udHQtNl8wLmpwZyIsInNsaWRlc2hvdyI6IjBlYjA5MTMifQ%3D%3D\" href='https:\/\/ialeman.cl\/wp-content\/uploads\/2023\/04\/ostern-2023-instituto-aleman-puerto-montt-6_0.jpg'><img loading=\"lazy\" decoding=\"async\" width=\"768\" height=\"513\" src=\"https:\/\/ialeman.cl\/wp-content\/uploads\/2023\/04\/ostern-2023-instituto-aleman-puerto-montt-6_0-768x513.jpg\" class=\"attachment-medium_large size-medium_large\" alt=\"\" srcset=\"https:\/\/ialeman.cl\/wp-content\/uploads\/2023\/04\/ostern-2023-instituto-aleman-puerto-montt-6_0-768x513.jpg 768w, https:\/\/ialeman.cl\/wp-content\/uploads\/2023\/04\/ostern-2023-instituto-aleman-puerto-montt-6_0-300x200.jpg 300w, https:\/\/ialeman.cl\/wp-content\/uploads\/2023\/04\/ostern-2023-instituto-aleman-puerto-montt-6_0-1024x684.jpg 1024w, https:\/\/ialeman.cl\/wp-content\/uploads\/2023\/04\/ostern-2023-instituto-aleman-puerto-montt-6_0.jpg 1200w\" sizes=\"(max-width: 768px) 100vw, 768px\" \/><\/a>\n\t\t\t<\/div><\/figure><figure class='gallery-item'>\n\t\t\t<div class='gallery-icon landscape'>\n\t\t\t\t<a data-elementor-open-lightbox=\"yes\" data-elementor-lightbox-slideshow=\"0eb0913\" data-elementor-lightbox-title=\"ostern 2023 instituto aleman puerto montt 6_1\" data-e-action-hash=\"#elementor-action%3Aaction%3Dlightbox%26settings%3DeyJpZCI6MTg2NTIsInVybCI6Imh0dHBzOlwvXC9pYWxlbWFuLmNsXC93cC1jb250ZW50XC91cGxvYWRzXC8yMDIzXC8wNFwvb3N0ZXJuLTIwMjMtaW5zdGl0dXRvLWFsZW1hbi1wdWVydG8tbW9udHQtNl8xLmpwZyIsInNsaWRlc2hvdyI6IjBlYjA5MTMifQ%3D%3D\" href='https:\/\/ialeman.cl\/wp-content\/uploads\/2023\/04\/ostern-2023-instituto-aleman-puerto-montt-6_1.jpg'><img loading=\"lazy\" decoding=\"async\" width=\"768\" height=\"513\" src=\"https:\/\/ialeman.cl\/wp-content\/uploads\/2023\/04\/ostern-2023-instituto-aleman-puerto-montt-6_1-768x513.jpg\" class=\"attachment-medium_large size-medium_large\" alt=\"\" srcset=\"https:\/\/ialeman.cl\/wp-content\/uploads\/2023\/04\/ostern-2023-instituto-aleman-puerto-montt-6_1-768x513.jpg 768w, https:\/\/ialeman.cl\/wp-content\/uploads\/2023\/04\/ostern-2023-instituto-aleman-puerto-montt-6_1-300x200.jpg 300w, https:\/\/ialeman.cl\/wp-content\/uploads\/2023\/04\/ostern-2023-instituto-aleman-puerto-montt-6_1-1024x684.jpg 1024w, https:\/\/ialeman.cl\/wp-content\/uploads\/2023\/04\/ostern-2023-instituto-aleman-puerto-montt-6_1.jpg 1200w\" sizes=\"(max-width: 768px) 100vw, 768px\" \/><\/a>\n\t\t\t<\/div><\/figure><figure class='gallery-item'>\n\t\t\t<div class='gallery-icon landscape'>\n\t\t\t\t<a data-elementor-open-lightbox=\"yes\" data-elementor-lightbox-slideshow=\"0eb0913\" data-elementor-lightbox-title=\"ostern 2023 instituto aleman puerto montt 6_2\" data-e-action-hash=\"#elementor-action%3Aaction%3Dlightbox%26settings%3DeyJpZCI6MTg2NTMsInVybCI6Imh0dHBzOlwvXC9pYWxlbWFuLmNsXC93cC1jb250ZW50XC91cGxvYWRzXC8yMDIzXC8wNFwvb3N0ZXJuLTIwMjMtaW5zdGl0dXRvLWFsZW1hbi1wdWVydG8tbW9udHQtNl8yLmpwZyIsInNsaWRlc2hvdyI6IjBlYjA5MTMifQ%3D%3D\" href='https:\/\/ialeman.cl\/wp-content\/uploads\/2023\/04\/ostern-2023-instituto-aleman-puerto-montt-6_2.jpg'><img loading=\"lazy\" decoding=\"async\" width=\"768\" height=\"513\" src=\"https:\/\/ialeman.cl\/wp-content\/uploads\/2023\/04\/ostern-2023-instituto-aleman-puerto-montt-6_2-768x513.jpg\" class=\"attachment-medium_large size-medium_large\" alt=\"\" srcset=\"https:\/\/ialeman.cl\/wp-content\/uploads\/2023\/04\/ostern-2023-instituto-aleman-puerto-montt-6_2-768x513.jpg 768w, https:\/\/ialeman.cl\/wp-content\/uploads\/2023\/04\/ostern-2023-instituto-aleman-puerto-montt-6_2-300x200.jpg 300w, https:\/\/ialeman.cl\/wp-content\/uploads\/2023\/04\/ostern-2023-instituto-aleman-puerto-montt-6_2-1024x684.jpg 1024w, https:\/\/ialeman.cl\/wp-content\/uploads\/2023\/04\/ostern-2023-instituto-aleman-puerto-montt-6_2.jpg 1200w\" sizes=\"(max-width: 768px) 100vw, 768px\" \/><\/a>\n\t\t\t<\/div><\/figure><figure class='gallery-item'>\n\t\t\t<div class='gallery-icon landscape'>\n\t\t\t\t<a data-elementor-open-lightbox=\"yes\" data-elementor-lightbox-slideshow=\"0eb0913\" data-elementor-lightbox-title=\"ostern 2023 instituto aleman puerto montt 6_3\" data-e-action-hash=\"#elementor-action%3Aaction%3Dlightbox%26settings%3DeyJpZCI6MTg2NTQsInVybCI6Imh0dHBzOlwvXC9pYWxlbWFuLmNsXC93cC1jb250ZW50XC91cGxvYWRzXC8yMDIzXC8wNFwvb3N0ZXJuLTIwMjMtaW5zdGl0dXRvLWFsZW1hbi1wdWVydG8tbW9udHQtNl8zLmpwZyIsInNsaWRlc2hvdyI6IjBlYjA5MTMifQ%3D%3D\" href='https:\/\/ialeman.cl\/wp-content\/uploads\/2023\/04\/ostern-2023-instituto-aleman-puerto-montt-6_3.jpg'><img loading=\"lazy\" decoding=\"async\" width=\"768\" height=\"513\" src=\"https:\/\/ialeman.cl\/wp-content\/uploads\/2023\/04\/ostern-2023-instituto-aleman-puerto-montt-6_3-768x513.jpg\" class=\"attachment-medium_large size-medium_large\" alt=\"\" srcset=\"https:\/\/ialeman.cl\/wp-content\/uploads\/2023\/04\/ostern-2023-instituto-aleman-puerto-montt-6_3-768x513.jpg 768w, https:\/\/ialeman.cl\/wp-content\/uploads\/2023\/04\/ostern-2023-instituto-aleman-puerto-montt-6_3-300x200.jpg 300w, https:\/\/ialeman.cl\/wp-content\/uploads\/2023\/04\/ostern-2023-instituto-aleman-puerto-montt-6_3-1024x684.jpg 1024w, https:\/\/ialeman.cl\/wp-content\/uploads\/2023\/04\/ostern-2023-instituto-aleman-puerto-montt-6_3.jpg 1200w\" sizes=\"(max-width: 768px) 100vw, 768px\" \/><\/a>\n\t\t\t<\/div><\/figure><figure class='gallery-item'>\n\t\t\t<div class='gallery-icon landscape'>\n\t\t\t\t<a data-elementor-open-lightbox=\"yes\" data-elementor-lightbox-slideshow=\"0eb0913\" data-elementor-lightbox-title=\"ostern 2023 instituto aleman puerto montt 6_4\" data-e-action-hash=\"#elementor-action%3Aaction%3Dlightbox%26settings%3DeyJpZCI6MTg2NTUsInVybCI6Imh0dHBzOlwvXC9pYWxlbWFuLmNsXC93cC1jb250ZW50XC91cGxvYWRzXC8yMDIzXC8wNFwvb3N0ZXJuLTIwMjMtaW5zdGl0dXRvLWFsZW1hbi1wdWVydG8tbW9udHQtNl80LmpwZyIsInNsaWRlc2hvdyI6IjBlYjA5MTMifQ%3D%3D\" href='https:\/\/ialeman.cl\/wp-content\/uploads\/2023\/04\/ostern-2023-instituto-aleman-puerto-montt-6_4.jpg'><img loading=\"lazy\" decoding=\"async\" width=\"768\" height=\"513\" src=\"https:\/\/ialeman.cl\/wp-content\/uploads\/2023\/04\/ostern-2023-instituto-aleman-puerto-montt-6_4-768x513.jpg\" class=\"attachment-medium_large size-medium_large\" alt=\"\" srcset=\"https:\/\/ialeman.cl\/wp-content\/uploads\/2023\/04\/ostern-2023-instituto-aleman-puerto-montt-6_4-768x513.jpg 768w, https:\/\/ialeman.cl\/wp-content\/uploads\/2023\/04\/ostern-2023-instituto-aleman-puerto-montt-6_4-300x200.jpg 300w, https:\/\/ialeman.cl\/wp-content\/uploads\/2023\/04\/ostern-2023-instituto-aleman-puerto-montt-6_4-1024x684.jpg 1024w, https:\/\/ialeman.cl\/wp-content\/uploads\/2023\/04\/ostern-2023-instituto-aleman-puerto-montt-6_4.jpg 1200w\" sizes=\"(max-width: 768px) 100vw, 768px\" \/><\/a>\n\t\t\t<\/div><\/figure><figure class='gallery-item'>\n\t\t\t<div class='gallery-icon landscape'>\n\t\t\t\t<a data-elementor-open-lightbox=\"yes\" data-elementor-lightbox-slideshow=\"0eb0913\" data-elementor-lightbox-title=\"ostern 2023 instituto aleman puerto montt 6_5\" data-e-action-hash=\"#elementor-action%3Aaction%3Dlightbox%26settings%3DeyJpZCI6MTg2NTYsInVybCI6Imh0dHBzOlwvXC9pYWxlbWFuLmNsXC93cC1jb250ZW50XC91cGxvYWRzXC8yMDIzXC8wNFwvb3N0ZXJuLTIwMjMtaW5zdGl0dXRvLWFsZW1hbi1wdWVydG8tbW9udHQtNl81LmpwZyIsInNsaWRlc2hvdyI6IjBlYjA5MTMifQ%3D%3D\" href='https:\/\/ialeman.cl\/wp-content\/uploads\/2023\/04\/ostern-2023-instituto-aleman-puerto-montt-6_5.jpg'><img loading=\"lazy\" decoding=\"async\" width=\"768\" height=\"513\" src=\"https:\/\/ialeman.cl\/wp-content\/uploads\/2023\/04\/ostern-2023-instituto-aleman-puerto-montt-6_5-768x513.jpg\" class=\"attachment-medium_large size-medium_large\" alt=\"\" srcset=\"https:\/\/ialeman.cl\/wp-content\/uploads\/2023\/04\/ostern-2023-instituto-aleman-puerto-montt-6_5-768x513.jpg 768w, https:\/\/ialeman.cl\/wp-content\/uploads\/2023\/04\/ostern-2023-instituto-aleman-puerto-montt-6_5-300x200.jpg 300w, https:\/\/ialeman.cl\/wp-content\/uploads\/2023\/04\/ostern-2023-instituto-aleman-puerto-montt-6_5-1024x684.jpg 1024w, https:\/\/ialeman.cl\/wp-content\/uploads\/2023\/04\/ostern-2023-instituto-aleman-puerto-montt-6_5.jpg 1200w\" sizes=\"(max-width: 768px) 100vw, 768px\" \/><\/a>\n\t\t\t<\/div><\/figure><figure class='gallery-item'>\n\t\t\t<div class='gallery-icon landscape'>\n\t\t\t\t<a data-elementor-open-lightbox=\"yes\" data-elementor-lightbox-slideshow=\"0eb0913\" data-elementor-lightbox-title=\"ostern 2023 instituto aleman puerto montt 6_6\" data-e-action-hash=\"#elementor-action%3Aaction%3Dlightbox%26settings%3DeyJpZCI6MTg2NTcsInVybCI6Imh0dHBzOlwvXC9pYWxlbWFuLmNsXC93cC1jb250ZW50XC91cGxvYWRzXC8yMDIzXC8wNFwvb3N0ZXJuLTIwMjMtaW5zdGl0dXRvLWFsZW1hbi1wdWVydG8tbW9udHQtNl82LmpwZyIsInNsaWRlc2hvdyI6IjBlYjA5MTMifQ%3D%3D\" href='https:\/\/ialeman.cl\/wp-content\/uploads\/2023\/04\/ostern-2023-instituto-aleman-puerto-montt-6_6.jpg'><img loading=\"lazy\" decoding=\"async\" width=\"768\" height=\"513\" src=\"https:\/\/ialeman.cl\/wp-content\/uploads\/2023\/04\/ostern-2023-instituto-aleman-puerto-montt-6_6-768x513.jpg\" class=\"attachment-medium_large size-medium_large\" alt=\"\" srcset=\"https:\/\/ialeman.cl\/wp-content\/uploads\/2023\/04\/ostern-2023-instituto-aleman-puerto-montt-6_6-768x513.jpg 768w, https:\/\/ialeman.cl\/wp-content\/uploads\/2023\/04\/ostern-2023-instituto-aleman-puerto-montt-6_6-300x200.jpg 300w, https:\/\/ialeman.cl\/wp-content\/uploads\/2023\/04\/ostern-2023-instituto-aleman-puerto-montt-6_6-1024x684.jpg 1024w, https:\/\/ialeman.cl\/wp-content\/uploads\/2023\/04\/ostern-2023-instituto-aleman-puerto-montt-6_6.jpg 1200w\" sizes=\"(max-width: 768px) 100vw, 768px\" \/><\/a>\n\t\t\t<\/div><\/figure><figure class='gallery-item'>\n\t\t\t<div class='gallery-icon landscape'>\n\t\t\t\t<a data-elementor-open-lightbox=\"yes\" data-elementor-lightbox-slideshow=\"0eb0913\" data-elementor-lightbox-title=\"ostern 2023 instituto aleman puerto montt 6_7\" data-e-action-hash=\"#elementor-action%3Aaction%3Dlightbox%26settings%3DeyJpZCI6MTg2NTgsInVybCI6Imh0dHBzOlwvXC9pYWxlbWFuLmNsXC93cC1jb250ZW50XC91cGxvYWRzXC8yMDIzXC8wNFwvb3N0ZXJuLTIwMjMtaW5zdGl0dXRvLWFsZW1hbi1wdWVydG8tbW9udHQtNl83LmpwZyIsInNsaWRlc2hvdyI6IjBlYjA5MTMifQ%3D%3D\" href='https:\/\/ialeman.cl\/wp-content\/uploads\/2023\/04\/ostern-2023-instituto-aleman-puerto-montt-6_7.jpg'><img loading=\"lazy\" decoding=\"async\" width=\"768\" height=\"513\" src=\"https:\/\/ialeman.cl\/wp-content\/uploads\/2023\/04\/ostern-2023-instituto-aleman-puerto-montt-6_7-768x513.jpg\" class=\"attachment-medium_large size-medium_large\" alt=\"\" srcset=\"https:\/\/ialeman.cl\/wp-content\/uploads\/2023\/04\/ostern-2023-instituto-aleman-puerto-montt-6_7-768x513.jpg 768w, https:\/\/ialeman.cl\/wp-content\/uploads\/2023\/04\/ostern-2023-instituto-aleman-puerto-montt-6_7-300x200.jpg 300w, https:\/\/ialeman.cl\/wp-content\/uploads\/2023\/04\/ostern-2023-instituto-aleman-puerto-montt-6_7-1024x684.jpg 1024w, https:\/\/ialeman.cl\/wp-content\/uploads\/2023\/04\/ostern-2023-instituto-aleman-puerto-montt-6_7.jpg 1200w\" sizes=\"(max-width: 768px) 100vw, 768px\" \/><\/a>\n\t\t\t<\/div><\/figure><figure class='gallery-item'>\n\t\t\t<div class='gallery-icon landscape'>\n\t\t\t\t<a data-elementor-open-lightbox=\"yes\" data-elementor-lightbox-slideshow=\"0eb0913\" data-elementor-lightbox-title=\"ostern 2023 instituto aleman puerto montt 6_8\" data-e-action-hash=\"#elementor-action%3Aaction%3Dlightbox%26settings%3DeyJpZCI6MTg2NTksInVybCI6Imh0dHBzOlwvXC9pYWxlbWFuLmNsXC93cC1jb250ZW50XC91cGxvYWRzXC8yMDIzXC8wNFwvb3N0ZXJuLTIwMjMtaW5zdGl0dXRvLWFsZW1hbi1wdWVydG8tbW9udHQtNl84LmpwZyIsInNsaWRlc2hvdyI6IjBlYjA5MTMifQ%3D%3D\" href='https:\/\/ialeman.cl\/wp-content\/uploads\/2023\/04\/ostern-2023-instituto-aleman-puerto-montt-6_8.jpg'><img loading=\"lazy\" decoding=\"async\" width=\"768\" height=\"513\" src=\"https:\/\/ialeman.cl\/wp-content\/uploads\/2023\/04\/ostern-2023-instituto-aleman-puerto-montt-6_8-768x513.jpg\" class=\"attachment-medium_large size-medium_large\" alt=\"\" srcset=\"https:\/\/ialeman.cl\/wp-content\/uploads\/2023\/04\/ostern-2023-instituto-aleman-puerto-montt-6_8-768x513.jpg 768w, https:\/\/ialeman.cl\/wp-content\/uploads\/2023\/04\/ostern-2023-instituto-aleman-puerto-montt-6_8-300x200.jpg 300w, https:\/\/ialeman.cl\/wp-content\/uploads\/2023\/04\/ostern-2023-instituto-aleman-puerto-montt-6_8-1024x684.jpg 1024w, https:\/\/ialeman.cl\/wp-content\/uploads\/2023\/04\/ostern-2023-instituto-aleman-puerto-montt-6_8.jpg 1200w\" sizes=\"(max-width: 768px) 100vw, 768px\" \/><\/a>\n\t\t\t<\/div><\/figure><figure class='gallery-item'>\n\t\t\t<div class='gallery-icon landscape'>\n\t\t\t\t<a data-elementor-open-lightbox=\"yes\" data-elementor-lightbox-slideshow=\"0eb0913\" data-elementor-lightbox-title=\"ostern 2023 instituto aleman puerto montt 6_9\" data-e-action-hash=\"#elementor-action%3Aaction%3Dlightbox%26settings%3DeyJpZCI6MTg2NjAsInVybCI6Imh0dHBzOlwvXC9pYWxlbWFuLmNsXC93cC1jb250ZW50XC91cGxvYWRzXC8yMDIzXC8wNFwvb3N0ZXJuLTIwMjMtaW5zdGl0dXRvLWFsZW1hbi1wdWVydG8tbW9udHQtNl85LmpwZyIsInNsaWRlc2hvdyI6IjBlYjA5MTMifQ%3D%3D\" href='https:\/\/ialeman.cl\/wp-content\/uploads\/2023\/04\/ostern-2023-instituto-aleman-puerto-montt-6_9.jpg'><img loading=\"lazy\" decoding=\"async\" width=\"768\" height=\"513\" src=\"https:\/\/ialeman.cl\/wp-content\/uploads\/2023\/04\/ostern-2023-instituto-aleman-puerto-montt-6_9-768x513.jpg\" class=\"attachment-medium_large size-medium_large\" alt=\"\" srcset=\"https:\/\/ialeman.cl\/wp-content\/uploads\/2023\/04\/ostern-2023-instituto-aleman-puerto-montt-6_9-768x513.jpg 768w, https:\/\/ialeman.cl\/wp-content\/uploads\/2023\/04\/ostern-2023-instituto-aleman-puerto-montt-6_9-300x200.jpg 300w, https:\/\/ialeman.cl\/wp-content\/uploads\/2023\/04\/ostern-2023-instituto-aleman-puerto-montt-6_9-1024x684.jpg 1024w, https:\/\/ialeman.cl\/wp-content\/uploads\/2023\/04\/ostern-2023-instituto-aleman-puerto-montt-6_9.jpg 1200w\" sizes=\"(max-width: 768px) 100vw, 768px\" \/><\/a>\n\t\t\t<\/div><\/figure><figure class='gallery-item'>\n\t\t\t<div class='gallery-icon landscape'>\n\t\t\t\t<a data-elementor-open-lightbox=\"yes\" data-elementor-lightbox-slideshow=\"0eb0913\" data-elementor-lightbox-title=\"ostern 2023 instituto aleman puerto montt 7_0\" data-e-action-hash=\"#elementor-action%3Aaction%3Dlightbox%26settings%3DeyJpZCI6MTg2NjEsInVybCI6Imh0dHBzOlwvXC9pYWxlbWFuLmNsXC93cC1jb250ZW50XC91cGxvYWRzXC8yMDIzXC8wNFwvb3N0ZXJuLTIwMjMtaW5zdGl0dXRvLWFsZW1hbi1wdWVydG8tbW9udHQtN18wLmpwZyIsInNsaWRlc2hvdyI6IjBlYjA5MTMifQ%3D%3D\" href='https:\/\/ialeman.cl\/wp-content\/uploads\/2023\/04\/ostern-2023-instituto-aleman-puerto-montt-7_0.jpg'><img loading=\"lazy\" decoding=\"async\" width=\"768\" height=\"513\" src=\"https:\/\/ialeman.cl\/wp-content\/uploads\/2023\/04\/ostern-2023-instituto-aleman-puerto-montt-7_0-768x513.jpg\" class=\"attachment-medium_large size-medium_large\" alt=\"\" srcset=\"https:\/\/ialeman.cl\/wp-content\/uploads\/2023\/04\/ostern-2023-instituto-aleman-puerto-montt-7_0-768x513.jpg 768w, https:\/\/ialeman.cl\/wp-content\/uploads\/2023\/04\/ostern-2023-instituto-aleman-puerto-montt-7_0-300x200.jpg 300w, https:\/\/ialeman.cl\/wp-content\/uploads\/2023\/04\/ostern-2023-instituto-aleman-puerto-montt-7_0-1024x684.jpg 1024w, https:\/\/ialeman.cl\/wp-content\/uploads\/2023\/04\/ostern-2023-instituto-aleman-puerto-montt-7_0.jpg 1200w\" sizes=\"(max-width: 768px) 100vw, 768px\" \/><\/a>\n\t\t\t<\/div><\/figure><figure class='gallery-item'>\n\t\t\t<div class='gallery-icon landscape'>\n\t\t\t\t<a data-elementor-open-lightbox=\"yes\" data-elementor-lightbox-slideshow=\"0eb0913\" data-elementor-lightbox-title=\"ostern 2023 instituto aleman puerto montt 7_1\" data-e-action-hash=\"#elementor-action%3Aaction%3Dlightbox%26settings%3DeyJpZCI6MTg2NjIsInVybCI6Imh0dHBzOlwvXC9pYWxlbWFuLmNsXC93cC1jb250ZW50XC91cGxvYWRzXC8yMDIzXC8wNFwvb3N0ZXJuLTIwMjMtaW5zdGl0dXRvLWFsZW1hbi1wdWVydG8tbW9udHQtN18xLmpwZyIsInNsaWRlc2hvdyI6IjBlYjA5MTMifQ%3D%3D\" href='https:\/\/ialeman.cl\/wp-content\/uploads\/2023\/04\/ostern-2023-instituto-aleman-puerto-montt-7_1.jpg'><img loading=\"lazy\" decoding=\"async\" width=\"768\" height=\"513\" src=\"https:\/\/ialeman.cl\/wp-content\/uploads\/2023\/04\/ostern-2023-instituto-aleman-puerto-montt-7_1-768x513.jpg\" class=\"attachment-medium_large size-medium_large\" alt=\"\" srcset=\"https:\/\/ialeman.cl\/wp-content\/uploads\/2023\/04\/ostern-2023-instituto-aleman-puerto-montt-7_1-768x513.jpg 768w, https:\/\/ialeman.cl\/wp-content\/uploads\/2023\/04\/ostern-2023-instituto-aleman-puerto-montt-7_1-300x200.jpg 300w, https:\/\/ialeman.cl\/wp-content\/uploads\/2023\/04\/ostern-2023-instituto-aleman-puerto-montt-7_1-1024x684.jpg 1024w, https:\/\/ialeman.cl\/wp-content\/uploads\/2023\/04\/ostern-2023-instituto-aleman-puerto-montt-7_1.jpg 1200w\" sizes=\"(max-width: 768px) 100vw, 768px\" \/><\/a>\n\t\t\t<\/div><\/figure><figure class='gallery-item'>\n\t\t\t<div class='gallery-icon landscape'>\n\t\t\t\t<a data-elementor-open-lightbox=\"yes\" data-elementor-lightbox-slideshow=\"0eb0913\" data-elementor-lightbox-title=\"ostern 2023 instituto aleman puerto montt 7_2\" data-e-action-hash=\"#elementor-action%3Aaction%3Dlightbox%26settings%3DeyJpZCI6MTg2NjMsInVybCI6Imh0dHBzOlwvXC9pYWxlbWFuLmNsXC93cC1jb250ZW50XC91cGxvYWRzXC8yMDIzXC8wNFwvb3N0ZXJuLTIwMjMtaW5zdGl0dXRvLWFsZW1hbi1wdWVydG8tbW9udHQtN18yLmpwZyIsInNsaWRlc2hvdyI6IjBlYjA5MTMifQ%3D%3D\" href='https:\/\/ialeman.cl\/wp-content\/uploads\/2023\/04\/ostern-2023-instituto-aleman-puerto-montt-7_2.jpg'><img loading=\"lazy\" decoding=\"async\" width=\"768\" height=\"513\" src=\"https:\/\/ialeman.cl\/wp-content\/uploads\/2023\/04\/ostern-2023-instituto-aleman-puerto-montt-7_2-768x513.jpg\" class=\"attachment-medium_large size-medium_large\" alt=\"\" srcset=\"https:\/\/ialeman.cl\/wp-content\/uploads\/2023\/04\/ostern-2023-instituto-aleman-puerto-montt-7_2-768x513.jpg 768w, https:\/\/ialeman.cl\/wp-content\/uploads\/2023\/04\/ostern-2023-instituto-aleman-puerto-montt-7_2-300x200.jpg 300w, https:\/\/ialeman.cl\/wp-content\/uploads\/2023\/04\/ostern-2023-instituto-aleman-puerto-montt-7_2-1024x684.jpg 1024w, https:\/\/ialeman.cl\/wp-content\/uploads\/2023\/04\/ostern-2023-instituto-aleman-puerto-montt-7_2.jpg 1200w\" sizes=\"(max-width: 768px) 100vw, 768px\" \/><\/a>\n\t\t\t<\/div><\/figure><figure class='gallery-item'>\n\t\t\t<div class='gallery-icon landscape'>\n\t\t\t\t<a data-elementor-open-lightbox=\"yes\" data-elementor-lightbox-slideshow=\"0eb0913\" data-elementor-lightbox-title=\"ostern 2023 instituto aleman puerto montt 7_3\" data-e-action-hash=\"#elementor-action%3Aaction%3Dlightbox%26settings%3DeyJpZCI6MTg2NjQsInVybCI6Imh0dHBzOlwvXC9pYWxlbWFuLmNsXC93cC1jb250ZW50XC91cGxvYWRzXC8yMDIzXC8wNFwvb3N0ZXJuLTIwMjMtaW5zdGl0dXRvLWFsZW1hbi1wdWVydG8tbW9udHQtN18zLmpwZyIsInNsaWRlc2hvdyI6IjBlYjA5MTMifQ%3D%3D\" href='https:\/\/ialeman.cl\/wp-content\/uploads\/2023\/04\/ostern-2023-instituto-aleman-puerto-montt-7_3.jpg'><img loading=\"lazy\" decoding=\"async\" width=\"768\" height=\"513\" src=\"https:\/\/ialeman.cl\/wp-content\/uploads\/2023\/04\/ostern-2023-instituto-aleman-puerto-montt-7_3-768x513.jpg\" class=\"attachment-medium_large size-medium_large\" alt=\"\" srcset=\"https:\/\/ialeman.cl\/wp-content\/uploads\/2023\/04\/ostern-2023-instituto-aleman-puerto-montt-7_3-768x513.jpg 768w, https:\/\/ialeman.cl\/wp-content\/uploads\/2023\/04\/ostern-2023-instituto-aleman-puerto-montt-7_3-300x200.jpg 300w, https:\/\/ialeman.cl\/wp-content\/uploads\/2023\/04\/ostern-2023-instituto-aleman-puerto-montt-7_3-1024x684.jpg 1024w, https:\/\/ialeman.cl\/wp-content\/uploads\/2023\/04\/ostern-2023-instituto-aleman-puerto-montt-7_3.jpg 1200w\" sizes=\"(max-width: 768px) 100vw, 768px\" \/><\/a>\n\t\t\t<\/div><\/figure><figure class='gallery-item'>\n\t\t\t<div class='gallery-icon landscape'>\n\t\t\t\t<a data-elementor-open-lightbox=\"yes\" data-elementor-lightbox-slideshow=\"0eb0913\" data-elementor-lightbox-title=\"ostern 2023 instituto aleman puerto montt 7_4\" data-e-action-hash=\"#elementor-action%3Aaction%3Dlightbox%26settings%3DeyJpZCI6MTg2NjUsInVybCI6Imh0dHBzOlwvXC9pYWxlbWFuLmNsXC93cC1jb250ZW50XC91cGxvYWRzXC8yMDIzXC8wNFwvb3N0ZXJuLTIwMjMtaW5zdGl0dXRvLWFsZW1hbi1wdWVydG8tbW9udHQtN180LmpwZyIsInNsaWRlc2hvdyI6IjBlYjA5MTMifQ%3D%3D\" href='https:\/\/ialeman.cl\/wp-content\/uploads\/2023\/04\/ostern-2023-instituto-aleman-puerto-montt-7_4.jpg'><img loading=\"lazy\" decoding=\"async\" width=\"768\" height=\"513\" src=\"https:\/\/ialeman.cl\/wp-content\/uploads\/2023\/04\/ostern-2023-instituto-aleman-puerto-montt-7_4-768x513.jpg\" class=\"attachment-medium_large size-medium_large\" alt=\"\" srcset=\"https:\/\/ialeman.cl\/wp-content\/uploads\/2023\/04\/ostern-2023-instituto-aleman-puerto-montt-7_4-768x513.jpg 768w, https:\/\/ialeman.cl\/wp-content\/uploads\/2023\/04\/ostern-2023-instituto-aleman-puerto-montt-7_4-300x200.jpg 300w, https:\/\/ialeman.cl\/wp-content\/uploads\/2023\/04\/ostern-2023-instituto-aleman-puerto-montt-7_4-1024x684.jpg 1024w, https:\/\/ialeman.cl\/wp-content\/uploads\/2023\/04\/ostern-2023-instituto-aleman-puerto-montt-7_4.jpg 1200w\" sizes=\"(max-width: 768px) 100vw, 768px\" \/><\/a>\n\t\t\t<\/div><\/figure><figure class='gallery-item'>\n\t\t\t<div class='gallery-icon landscape'>\n\t\t\t\t<a data-elementor-open-lightbox=\"yes\" data-elementor-lightbox-slideshow=\"0eb0913\" data-elementor-lightbox-title=\"ostern 2023 instituto aleman puerto montt 7_5\" data-e-action-hash=\"#elementor-action%3Aaction%3Dlightbox%26settings%3DeyJpZCI6MTg2NjYsInVybCI6Imh0dHBzOlwvXC9pYWxlbWFuLmNsXC93cC1jb250ZW50XC91cGxvYWRzXC8yMDIzXC8wNFwvb3N0ZXJuLTIwMjMtaW5zdGl0dXRvLWFsZW1hbi1wdWVydG8tbW9udHQtN181LmpwZyIsInNsaWRlc2hvdyI6IjBlYjA5MTMifQ%3D%3D\" href='https:\/\/ialeman.cl\/wp-content\/uploads\/2023\/04\/ostern-2023-instituto-aleman-puerto-montt-7_5.jpg'><img loading=\"lazy\" decoding=\"async\" width=\"768\" height=\"513\" src=\"https:\/\/ialeman.cl\/wp-content\/uploads\/2023\/04\/ostern-2023-instituto-aleman-puerto-montt-7_5-768x513.jpg\" class=\"attachment-medium_large size-medium_large\" alt=\"\" srcset=\"https:\/\/ialeman.cl\/wp-content\/uploads\/2023\/04\/ostern-2023-instituto-aleman-puerto-montt-7_5-768x513.jpg 768w, https:\/\/ialeman.cl\/wp-content\/uploads\/2023\/04\/ostern-2023-instituto-aleman-puerto-montt-7_5-300x200.jpg 300w, https:\/\/ialeman.cl\/wp-content\/uploads\/2023\/04\/ostern-2023-instituto-aleman-puerto-montt-7_5-1024x684.jpg 1024w, https:\/\/ialeman.cl\/wp-content\/uploads\/2023\/04\/ostern-2023-instituto-aleman-puerto-montt-7_5.jpg 1200w\" sizes=\"(max-width: 768px) 100vw, 768px\" \/><\/a>\n\t\t\t<\/div><\/figure><figure class='gallery-item'>\n\t\t\t<div class='gallery-icon landscape'>\n\t\t\t\t<a data-elementor-open-lightbox=\"yes\" data-elementor-lightbox-slideshow=\"0eb0913\" data-elementor-lightbox-title=\"ostern 2023 instituto aleman puerto montt 7_6\" data-e-action-hash=\"#elementor-action%3Aaction%3Dlightbox%26settings%3DeyJpZCI6MTg2NjcsInVybCI6Imh0dHBzOlwvXC9pYWxlbWFuLmNsXC93cC1jb250ZW50XC91cGxvYWRzXC8yMDIzXC8wNFwvb3N0ZXJuLTIwMjMtaW5zdGl0dXRvLWFsZW1hbi1wdWVydG8tbW9udHQtN182LmpwZyIsInNsaWRlc2hvdyI6IjBlYjA5MTMifQ%3D%3D\" href='https:\/\/ialeman.cl\/wp-content\/uploads\/2023\/04\/ostern-2023-instituto-aleman-puerto-montt-7_6.jpg'><img loading=\"lazy\" decoding=\"async\" width=\"768\" height=\"513\" src=\"https:\/\/ialeman.cl\/wp-content\/uploads\/2023\/04\/ostern-2023-instituto-aleman-puerto-montt-7_6-768x513.jpg\" class=\"attachment-medium_large size-medium_large\" alt=\"\" srcset=\"https:\/\/ialeman.cl\/wp-content\/uploads\/2023\/04\/ostern-2023-instituto-aleman-puerto-montt-7_6-768x513.jpg 768w, https:\/\/ialeman.cl\/wp-content\/uploads\/2023\/04\/ostern-2023-instituto-aleman-puerto-montt-7_6-300x200.jpg 300w, https:\/\/ialeman.cl\/wp-content\/uploads\/2023\/04\/ostern-2023-instituto-aleman-puerto-montt-7_6-1024x684.jpg 1024w, https:\/\/ialeman.cl\/wp-content\/uploads\/2023\/04\/ostern-2023-instituto-aleman-puerto-montt-7_6.jpg 1200w\" sizes=\"(max-width: 768px) 100vw, 768px\" \/><\/a>\n\t\t\t<\/div><\/figure><figure class='gallery-item'>\n\t\t\t<div class='gallery-icon landscape'>\n\t\t\t\t<a data-elementor-open-lightbox=\"yes\" data-elementor-lightbox-slideshow=\"0eb0913\" data-elementor-lightbox-title=\"ostern 2023 instituto aleman puerto montt 7_7\" data-e-action-hash=\"#elementor-action%3Aaction%3Dlightbox%26settings%3DeyJpZCI6MTg2NjgsInVybCI6Imh0dHBzOlwvXC9pYWxlbWFuLmNsXC93cC1jb250ZW50XC91cGxvYWRzXC8yMDIzXC8wNFwvb3N0ZXJuLTIwMjMtaW5zdGl0dXRvLWFsZW1hbi1wdWVydG8tbW9udHQtN183LmpwZyIsInNsaWRlc2hvdyI6IjBlYjA5MTMifQ%3D%3D\" href='https:\/\/ialeman.cl\/wp-content\/uploads\/2023\/04\/ostern-2023-instituto-aleman-puerto-montt-7_7.jpg'><img loading=\"lazy\" decoding=\"async\" width=\"768\" height=\"513\" src=\"https:\/\/ialeman.cl\/wp-content\/uploads\/2023\/04\/ostern-2023-instituto-aleman-puerto-montt-7_7-768x513.jpg\" class=\"attachment-medium_large size-medium_large\" alt=\"\" srcset=\"https:\/\/ialeman.cl\/wp-content\/uploads\/2023\/04\/ostern-2023-instituto-aleman-puerto-montt-7_7-768x513.jpg 768w, https:\/\/ialeman.cl\/wp-content\/uploads\/2023\/04\/ostern-2023-instituto-aleman-puerto-montt-7_7-300x200.jpg 300w, https:\/\/ialeman.cl\/wp-content\/uploads\/2023\/04\/ostern-2023-instituto-aleman-puerto-montt-7_7-1024x684.jpg 1024w, https:\/\/ialeman.cl\/wp-content\/uploads\/2023\/04\/ostern-2023-instituto-aleman-puerto-montt-7_7.jpg 1200w\" sizes=\"(max-width: 768px) 100vw, 768px\" \/><\/a>\n\t\t\t<\/div><\/figure><figure class='gallery-item'>\n\t\t\t<div class='gallery-icon landscape'>\n\t\t\t\t<a data-elementor-open-lightbox=\"yes\" data-elementor-lightbox-slideshow=\"0eb0913\" data-elementor-lightbox-title=\"ostern 2023 instituto aleman puerto montt 7_8\" data-e-action-hash=\"#elementor-action%3Aaction%3Dlightbox%26settings%3DeyJpZCI6MTg2NjksInVybCI6Imh0dHBzOlwvXC9pYWxlbWFuLmNsXC93cC1jb250ZW50XC91cGxvYWRzXC8yMDIzXC8wNFwvb3N0ZXJuLTIwMjMtaW5zdGl0dXRvLWFsZW1hbi1wdWVydG8tbW9udHQtN184LmpwZyIsInNsaWRlc2hvdyI6IjBlYjA5MTMifQ%3D%3D\" href='https:\/\/ialeman.cl\/wp-content\/uploads\/2023\/04\/ostern-2023-instituto-aleman-puerto-montt-7_8.jpg'><img loading=\"lazy\" decoding=\"async\" width=\"768\" height=\"513\" src=\"https:\/\/ialeman.cl\/wp-content\/uploads\/2023\/04\/ostern-2023-instituto-aleman-puerto-montt-7_8-768x513.jpg\" class=\"attachment-medium_large size-medium_large\" alt=\"\" srcset=\"https:\/\/ialeman.cl\/wp-content\/uploads\/2023\/04\/ostern-2023-instituto-aleman-puerto-montt-7_8-768x513.jpg 768w, https:\/\/ialeman.cl\/wp-content\/uploads\/2023\/04\/ostern-2023-instituto-aleman-puerto-montt-7_8-300x200.jpg 300w, https:\/\/ialeman.cl\/wp-content\/uploads\/2023\/04\/ostern-2023-instituto-aleman-puerto-montt-7_8-1024x684.jpg 1024w, https:\/\/ialeman.cl\/wp-content\/uploads\/2023\/04\/ostern-2023-instituto-aleman-puerto-montt-7_8.jpg 1200w\" sizes=\"(max-width: 768px) 100vw, 768px\" \/><\/a>\n\t\t\t<\/div><\/figure><figure class='gallery-item'>\n\t\t\t<div class='gallery-icon landscape'>\n\t\t\t\t<a data-elementor-open-lightbox=\"yes\" data-elementor-lightbox-slideshow=\"0eb0913\" data-elementor-lightbox-title=\"ostern 2023 instituto aleman puerto montt 7_9\" data-e-action-hash=\"#elementor-action%3Aaction%3Dlightbox%26settings%3DeyJpZCI6MTg2NzAsInVybCI6Imh0dHBzOlwvXC9pYWxlbWFuLmNsXC93cC1jb250ZW50XC91cGxvYWRzXC8yMDIzXC8wNFwvb3N0ZXJuLTIwMjMtaW5zdGl0dXRvLWFsZW1hbi1wdWVydG8tbW9udHQtN185LmpwZyIsInNsaWRlc2hvdyI6IjBlYjA5MTMifQ%3D%3D\" href='https:\/\/ialeman.cl\/wp-content\/uploads\/2023\/04\/ostern-2023-instituto-aleman-puerto-montt-7_9.jpg'><img loading=\"lazy\" decoding=\"async\" width=\"768\" height=\"513\" src=\"https:\/\/ialeman.cl\/wp-content\/uploads\/2023\/04\/ostern-2023-instituto-aleman-puerto-montt-7_9-768x513.jpg\" class=\"attachment-medium_large size-medium_large\" alt=\"\" srcset=\"https:\/\/ialeman.cl\/wp-content\/uploads\/2023\/04\/ostern-2023-instituto-aleman-puerto-montt-7_9-768x513.jpg 768w, https:\/\/ialeman.cl\/wp-content\/uploads\/2023\/04\/ostern-2023-instituto-aleman-puerto-montt-7_9-300x200.jpg 300w, https:\/\/ialeman.cl\/wp-content\/uploads\/2023\/04\/ostern-2023-instituto-aleman-puerto-montt-7_9-1024x684.jpg 1024w, https:\/\/ialeman.cl\/wp-content\/uploads\/2023\/04\/ostern-2023-instituto-aleman-puerto-montt-7_9.jpg 1200w\" sizes=\"(max-width: 768px) 100vw, 768px\" \/><\/a>\n\t\t\t<\/div><\/figure><figure class='gallery-item'>\n\t\t\t<div class='gallery-icon landscape'>\n\t\t\t\t<a data-elementor-open-lightbox=\"yes\" data-elementor-lightbox-slideshow=\"0eb0913\" data-elementor-lightbox-title=\"ostern 2023 instituto aleman puerto montt 8_0\" data-e-action-hash=\"#elementor-action%3Aaction%3Dlightbox%26settings%3DeyJpZCI6MTg2NzEsInVybCI6Imh0dHBzOlwvXC9pYWxlbWFuLmNsXC93cC1jb250ZW50XC91cGxvYWRzXC8yMDIzXC8wNFwvb3N0ZXJuLTIwMjMtaW5zdGl0dXRvLWFsZW1hbi1wdWVydG8tbW9udHQtOF8wLmpwZyIsInNsaWRlc2hvdyI6IjBlYjA5MTMifQ%3D%3D\" href='https:\/\/ialeman.cl\/wp-content\/uploads\/2023\/04\/ostern-2023-instituto-aleman-puerto-montt-8_0.jpg'><img loading=\"lazy\" decoding=\"async\" width=\"768\" height=\"513\" src=\"https:\/\/ialeman.cl\/wp-content\/uploads\/2023\/04\/ostern-2023-instituto-aleman-puerto-montt-8_0-768x513.jpg\" class=\"attachment-medium_large size-medium_large\" alt=\"\" srcset=\"https:\/\/ialeman.cl\/wp-content\/uploads\/2023\/04\/ostern-2023-instituto-aleman-puerto-montt-8_0-768x513.jpg 768w, https:\/\/ialeman.cl\/wp-content\/uploads\/2023\/04\/ostern-2023-instituto-aleman-puerto-montt-8_0-300x200.jpg 300w, https:\/\/ialeman.cl\/wp-content\/uploads\/2023\/04\/ostern-2023-instituto-aleman-puerto-montt-8_0-1024x684.jpg 1024w, https:\/\/ialeman.cl\/wp-content\/uploads\/2023\/04\/ostern-2023-instituto-aleman-puerto-montt-8_0.jpg 1200w\" sizes=\"(max-width: 768px) 100vw, 768px\" \/><\/a>\n\t\t\t<\/div><\/figure><figure class='gallery-item'>\n\t\t\t<div class='gallery-icon landscape'>\n\t\t\t\t<a data-elementor-open-lightbox=\"yes\" data-elementor-lightbox-slideshow=\"0eb0913\" data-elementor-lightbox-title=\"ostern 2023 instituto aleman puerto montt 8_1\" data-e-action-hash=\"#elementor-action%3Aaction%3Dlightbox%26settings%3DeyJpZCI6MTg2NzIsInVybCI6Imh0dHBzOlwvXC9pYWxlbWFuLmNsXC93cC1jb250ZW50XC91cGxvYWRzXC8yMDIzXC8wNFwvb3N0ZXJuLTIwMjMtaW5zdGl0dXRvLWFsZW1hbi1wdWVydG8tbW9udHQtOF8xLmpwZyIsInNsaWRlc2hvdyI6IjBlYjA5MTMifQ%3D%3D\" href='https:\/\/ialeman.cl\/wp-content\/uploads\/2023\/04\/ostern-2023-instituto-aleman-puerto-montt-8_1.jpg'><img loading=\"lazy\" decoding=\"async\" width=\"768\" height=\"513\" src=\"https:\/\/ialeman.cl\/wp-content\/uploads\/2023\/04\/ostern-2023-instituto-aleman-puerto-montt-8_1-768x513.jpg\" class=\"attachment-medium_large size-medium_large\" alt=\"\" srcset=\"https:\/\/ialeman.cl\/wp-content\/uploads\/2023\/04\/ostern-2023-instituto-aleman-puerto-montt-8_1-768x513.jpg 768w, https:\/\/ialeman.cl\/wp-content\/uploads\/2023\/04\/ostern-2023-instituto-aleman-puerto-montt-8_1-300x200.jpg 300w, https:\/\/ialeman.cl\/wp-content\/uploads\/2023\/04\/ostern-2023-instituto-aleman-puerto-montt-8_1-1024x684.jpg 1024w, https:\/\/ialeman.cl\/wp-content\/uploads\/2023\/04\/ostern-2023-instituto-aleman-puerto-montt-8_1.jpg 1200w\" sizes=\"(max-width: 768px) 100vw, 768px\" \/><\/a>\n\t\t\t<\/div><\/figure><figure class='gallery-item'>\n\t\t\t<div class='gallery-icon landscape'>\n\t\t\t\t<a data-elementor-open-lightbox=\"yes\" data-elementor-lightbox-slideshow=\"0eb0913\" data-elementor-lightbox-title=\"ostern 2023 instituto aleman puerto montt 8_2\" data-e-action-hash=\"#elementor-action%3Aaction%3Dlightbox%26settings%3DeyJpZCI6MTg2NzMsInVybCI6Imh0dHBzOlwvXC9pYWxlbWFuLmNsXC93cC1jb250ZW50XC91cGxvYWRzXC8yMDIzXC8wNFwvb3N0ZXJuLTIwMjMtaW5zdGl0dXRvLWFsZW1hbi1wdWVydG8tbW9udHQtOF8yLmpwZyIsInNsaWRlc2hvdyI6IjBlYjA5MTMifQ%3D%3D\" href='https:\/\/ialeman.cl\/wp-content\/uploads\/2023\/04\/ostern-2023-instituto-aleman-puerto-montt-8_2.jpg'><img loading=\"lazy\" decoding=\"async\" width=\"768\" height=\"513\" src=\"https:\/\/ialeman.cl\/wp-content\/uploads\/2023\/04\/ostern-2023-instituto-aleman-puerto-montt-8_2-768x513.jpg\" class=\"attachment-medium_large size-medium_large\" alt=\"\" srcset=\"https:\/\/ialeman.cl\/wp-content\/uploads\/2023\/04\/ostern-2023-instituto-aleman-puerto-montt-8_2-768x513.jpg 768w, https:\/\/ialeman.cl\/wp-content\/uploads\/2023\/04\/ostern-2023-instituto-aleman-puerto-montt-8_2-300x200.jpg 300w, https:\/\/ialeman.cl\/wp-content\/uploads\/2023\/04\/ostern-2023-instituto-aleman-puerto-montt-8_2-1024x684.jpg 1024w, https:\/\/ialeman.cl\/wp-content\/uploads\/2023\/04\/ostern-2023-instituto-aleman-puerto-montt-8_2.jpg 1200w\" sizes=\"(max-width: 768px) 100vw, 768px\" \/><\/a>\n\t\t\t<\/div><\/figure><figure class='gallery-item'>\n\t\t\t<div class='gallery-icon landscape'>\n\t\t\t\t<a data-elementor-open-lightbox=\"yes\" data-elementor-lightbox-slideshow=\"0eb0913\" data-elementor-lightbox-title=\"ostern 2023 instituto aleman puerto montt 8_3\" data-e-action-hash=\"#elementor-action%3Aaction%3Dlightbox%26settings%3DeyJpZCI6MTg2NzQsInVybCI6Imh0dHBzOlwvXC9pYWxlbWFuLmNsXC93cC1jb250ZW50XC91cGxvYWRzXC8yMDIzXC8wNFwvb3N0ZXJuLTIwMjMtaW5zdGl0dXRvLWFsZW1hbi1wdWVydG8tbW9udHQtOF8zLmpwZyIsInNsaWRlc2hvdyI6IjBlYjA5MTMifQ%3D%3D\" href='https:\/\/ialeman.cl\/wp-content\/uploads\/2023\/04\/ostern-2023-instituto-aleman-puerto-montt-8_3.jpg'><img loading=\"lazy\" decoding=\"async\" width=\"768\" height=\"513\" src=\"https:\/\/ialeman.cl\/wp-content\/uploads\/2023\/04\/ostern-2023-instituto-aleman-puerto-montt-8_3-768x513.jpg\" class=\"attachment-medium_large size-medium_large\" alt=\"\" srcset=\"https:\/\/ialeman.cl\/wp-content\/uploads\/2023\/04\/ostern-2023-instituto-aleman-puerto-montt-8_3-768x513.jpg 768w, https:\/\/ialeman.cl\/wp-content\/uploads\/2023\/04\/ostern-2023-instituto-aleman-puerto-montt-8_3-300x200.jpg 300w, https:\/\/ialeman.cl\/wp-content\/uploads\/2023\/04\/ostern-2023-instituto-aleman-puerto-montt-8_3-1024x684.jpg 1024w, https:\/\/ialeman.cl\/wp-content\/uploads\/2023\/04\/ostern-2023-instituto-aleman-puerto-montt-8_3.jpg 1200w\" sizes=\"(max-width: 768px) 100vw, 768px\" \/><\/a>\n\t\t\t<\/div><\/figure><figure class='gallery-item'>\n\t\t\t<div class='gallery-icon landscape'>\n\t\t\t\t<a data-elementor-open-lightbox=\"yes\" data-elementor-lightbox-slideshow=\"0eb0913\" data-elementor-lightbox-title=\"ostern 2023 instituto aleman puerto montt 8_4\" data-e-action-hash=\"#elementor-action%3Aaction%3Dlightbox%26settings%3DeyJpZCI6MTg2NzUsInVybCI6Imh0dHBzOlwvXC9pYWxlbWFuLmNsXC93cC1jb250ZW50XC91cGxvYWRzXC8yMDIzXC8wNFwvb3N0ZXJuLTIwMjMtaW5zdGl0dXRvLWFsZW1hbi1wdWVydG8tbW9udHQtOF80LmpwZyIsInNsaWRlc2hvdyI6IjBlYjA5MTMifQ%3D%3D\" href='https:\/\/ialeman.cl\/wp-content\/uploads\/2023\/04\/ostern-2023-instituto-aleman-puerto-montt-8_4.jpg'><img loading=\"lazy\" decoding=\"async\" width=\"768\" height=\"513\" src=\"https:\/\/ialeman.cl\/wp-content\/uploads\/2023\/04\/ostern-2023-instituto-aleman-puerto-montt-8_4-768x513.jpg\" class=\"attachment-medium_large size-medium_large\" alt=\"\" srcset=\"https:\/\/ialeman.cl\/wp-content\/uploads\/2023\/04\/ostern-2023-instituto-aleman-puerto-montt-8_4-768x513.jpg 768w, https:\/\/ialeman.cl\/wp-content\/uploads\/2023\/04\/ostern-2023-instituto-aleman-puerto-montt-8_4-300x200.jpg 300w, https:\/\/ialeman.cl\/wp-content\/uploads\/2023\/04\/ostern-2023-instituto-aleman-puerto-montt-8_4-1024x684.jpg 1024w, https:\/\/ialeman.cl\/wp-content\/uploads\/2023\/04\/ostern-2023-instituto-aleman-puerto-montt-8_4.jpg 1200w\" sizes=\"(max-width: 768px) 100vw, 768px\" \/><\/a>\n\t\t\t<\/div><\/figure><figure class='gallery-item'>\n\t\t\t<div class='gallery-icon landscape'>\n\t\t\t\t<a data-elementor-open-lightbox=\"yes\" data-elementor-lightbox-slideshow=\"0eb0913\" data-elementor-lightbox-title=\"ostern 2023 instituto aleman puerto montt 8_5\" data-e-action-hash=\"#elementor-action%3Aaction%3Dlightbox%26settings%3DeyJpZCI6MTg2NzYsInVybCI6Imh0dHBzOlwvXC9pYWxlbWFuLmNsXC93cC1jb250ZW50XC91cGxvYWRzXC8yMDIzXC8wNFwvb3N0ZXJuLTIwMjMtaW5zdGl0dXRvLWFsZW1hbi1wdWVydG8tbW9udHQtOF81LmpwZyIsInNsaWRlc2hvdyI6IjBlYjA5MTMifQ%3D%3D\" href='https:\/\/ialeman.cl\/wp-content\/uploads\/2023\/04\/ostern-2023-instituto-aleman-puerto-montt-8_5.jpg'><img loading=\"lazy\" decoding=\"async\" width=\"768\" height=\"513\" src=\"https:\/\/ialeman.cl\/wp-content\/uploads\/2023\/04\/ostern-2023-instituto-aleman-puerto-montt-8_5-768x513.jpg\" class=\"attachment-medium_large size-medium_large\" alt=\"\" srcset=\"https:\/\/ialeman.cl\/wp-content\/uploads\/2023\/04\/ostern-2023-instituto-aleman-puerto-montt-8_5-768x513.jpg 768w, https:\/\/ialeman.cl\/wp-content\/uploads\/2023\/04\/ostern-2023-instituto-aleman-puerto-montt-8_5-300x200.jpg 300w, https:\/\/ialeman.cl\/wp-content\/uploads\/2023\/04\/ostern-2023-instituto-aleman-puerto-montt-8_5-1024x684.jpg 1024w, https:\/\/ialeman.cl\/wp-content\/uploads\/2023\/04\/ostern-2023-instituto-aleman-puerto-montt-8_5.jpg 1200w\" sizes=\"(max-width: 768px) 100vw, 768px\" \/><\/a>\n\t\t\t<\/div><\/figure><figure class='gallery-item'>\n\t\t\t<div class='gallery-icon landscape'>\n\t\t\t\t<a data-elementor-open-lightbox=\"yes\" data-elementor-lightbox-slideshow=\"0eb0913\" data-elementor-lightbox-title=\"ostern 2023 instituto aleman puerto montt 8_6\" data-e-action-hash=\"#elementor-action%3Aaction%3Dlightbox%26settings%3DeyJpZCI6MTg2NzcsInVybCI6Imh0dHBzOlwvXC9pYWxlbWFuLmNsXC93cC1jb250ZW50XC91cGxvYWRzXC8yMDIzXC8wNFwvb3N0ZXJuLTIwMjMtaW5zdGl0dXRvLWFsZW1hbi1wdWVydG8tbW9udHQtOF82LmpwZyIsInNsaWRlc2hvdyI6IjBlYjA5MTMifQ%3D%3D\" href='https:\/\/ialeman.cl\/wp-content\/uploads\/2023\/04\/ostern-2023-instituto-aleman-puerto-montt-8_6.jpg'><img loading=\"lazy\" decoding=\"async\" width=\"768\" height=\"513\" src=\"https:\/\/ialeman.cl\/wp-content\/uploads\/2023\/04\/ostern-2023-instituto-aleman-puerto-montt-8_6-768x513.jpg\" class=\"attachment-medium_large size-medium_large\" alt=\"\" srcset=\"https:\/\/ialeman.cl\/wp-content\/uploads\/2023\/04\/ostern-2023-instituto-aleman-puerto-montt-8_6-768x513.jpg 768w, https:\/\/ialeman.cl\/wp-content\/uploads\/2023\/04\/ostern-2023-instituto-aleman-puerto-montt-8_6-300x200.jpg 300w, https:\/\/ialeman.cl\/wp-content\/uploads\/2023\/04\/ostern-2023-instituto-aleman-puerto-montt-8_6-1024x684.jpg 1024w, https:\/\/ialeman.cl\/wp-content\/uploads\/2023\/04\/ostern-2023-instituto-aleman-puerto-montt-8_6.jpg 1200w\" sizes=\"(max-width: 768px) 100vw, 768px\" \/><\/a>\n\t\t\t<\/div><\/figure><figure class='gallery-item'>\n\t\t\t<div class='gallery-icon landscape'>\n\t\t\t\t<a data-elementor-open-lightbox=\"yes\" data-elementor-lightbox-slideshow=\"0eb0913\" data-elementor-lightbox-title=\"ostern 2023 instituto aleman puerto montt 8_7\" data-e-action-hash=\"#elementor-action%3Aaction%3Dlightbox%26settings%3DeyJpZCI6MTg2NzgsInVybCI6Imh0dHBzOlwvXC9pYWxlbWFuLmNsXC93cC1jb250ZW50XC91cGxvYWRzXC8yMDIzXC8wNFwvb3N0ZXJuLTIwMjMtaW5zdGl0dXRvLWFsZW1hbi1wdWVydG8tbW9udHQtOF83LmpwZyIsInNsaWRlc2hvdyI6IjBlYjA5MTMifQ%3D%3D\" href='https:\/\/ialeman.cl\/wp-content\/uploads\/2023\/04\/ostern-2023-instituto-aleman-puerto-montt-8_7.jpg'><img loading=\"lazy\" decoding=\"async\" width=\"768\" height=\"513\" src=\"https:\/\/ialeman.cl\/wp-content\/uploads\/2023\/04\/ostern-2023-instituto-aleman-puerto-montt-8_7-768x513.jpg\" class=\"attachment-medium_large size-medium_large\" alt=\"\" srcset=\"https:\/\/ialeman.cl\/wp-content\/uploads\/2023\/04\/ostern-2023-instituto-aleman-puerto-montt-8_7-768x513.jpg 768w, https:\/\/ialeman.cl\/wp-content\/uploads\/2023\/04\/ostern-2023-instituto-aleman-puerto-montt-8_7-300x200.jpg 300w, https:\/\/ialeman.cl\/wp-content\/uploads\/2023\/04\/ostern-2023-instituto-aleman-puerto-montt-8_7-1024x684.jpg 1024w, https:\/\/ialeman.cl\/wp-content\/uploads\/2023\/04\/ostern-2023-instituto-aleman-puerto-montt-8_7.jpg 1200w\" sizes=\"(max-width: 768px) 100vw, 768px\" \/><\/a>\n\t\t\t<\/div><\/figure><figure class='gallery-item'>\n\t\t\t<div class='gallery-icon landscape'>\n\t\t\t\t<a data-elementor-open-lightbox=\"yes\" data-elementor-lightbox-slideshow=\"0eb0913\" data-elementor-lightbox-title=\"ostern 2023 instituto aleman puerto montt 8_8\" data-e-action-hash=\"#elementor-action%3Aaction%3Dlightbox%26settings%3DeyJpZCI6MTg2NzksInVybCI6Imh0dHBzOlwvXC9pYWxlbWFuLmNsXC93cC1jb250ZW50XC91cGxvYWRzXC8yMDIzXC8wNFwvb3N0ZXJuLTIwMjMtaW5zdGl0dXRvLWFsZW1hbi1wdWVydG8tbW9udHQtOF84LmpwZyIsInNsaWRlc2hvdyI6IjBlYjA5MTMifQ%3D%3D\" href='https:\/\/ialeman.cl\/wp-content\/uploads\/2023\/04\/ostern-2023-instituto-aleman-puerto-montt-8_8.jpg'><img loading=\"lazy\" decoding=\"async\" width=\"768\" height=\"513\" src=\"https:\/\/ialeman.cl\/wp-content\/uploads\/2023\/04\/ostern-2023-instituto-aleman-puerto-montt-8_8-768x513.jpg\" class=\"attachment-medium_large size-medium_large\" alt=\"\" srcset=\"https:\/\/ialeman.cl\/wp-content\/uploads\/2023\/04\/ostern-2023-instituto-aleman-puerto-montt-8_8-768x513.jpg 768w, https:\/\/ialeman.cl\/wp-content\/uploads\/2023\/04\/ostern-2023-instituto-aleman-puerto-montt-8_8-300x200.jpg 300w, https:\/\/ialeman.cl\/wp-content\/uploads\/2023\/04\/ostern-2023-instituto-aleman-puerto-montt-8_8-1024x684.jpg 1024w, https:\/\/ialeman.cl\/wp-content\/uploads\/2023\/04\/ostern-2023-instituto-aleman-puerto-montt-8_8.jpg 1200w\" sizes=\"(max-width: 768px) 100vw, 768px\" \/><\/a>\n\t\t\t<\/div><\/figure><figure class='gallery-item'>\n\t\t\t<div class='gallery-icon landscape'>\n\t\t\t\t<a data-elementor-open-lightbox=\"yes\" data-elementor-lightbox-slideshow=\"0eb0913\" data-elementor-lightbox-title=\"ostern 2023 instituto aleman puerto montt 8_9\" data-e-action-hash=\"#elementor-action%3Aaction%3Dlightbox%26settings%3DeyJpZCI6MTg2ODAsInVybCI6Imh0dHBzOlwvXC9pYWxlbWFuLmNsXC93cC1jb250ZW50XC91cGxvYWRzXC8yMDIzXC8wNFwvb3N0ZXJuLTIwMjMtaW5zdGl0dXRvLWFsZW1hbi1wdWVydG8tbW9udHQtOF85LmpwZyIsInNsaWRlc2hvdyI6IjBlYjA5MTMifQ%3D%3D\" href='https:\/\/ialeman.cl\/wp-content\/uploads\/2023\/04\/ostern-2023-instituto-aleman-puerto-montt-8_9.jpg'><img loading=\"lazy\" decoding=\"async\" width=\"768\" height=\"513\" src=\"https:\/\/ialeman.cl\/wp-content\/uploads\/2023\/04\/ostern-2023-instituto-aleman-puerto-montt-8_9-768x513.jpg\" class=\"attachment-medium_large size-medium_large\" alt=\"\" srcset=\"https:\/\/ialeman.cl\/wp-content\/uploads\/2023\/04\/ostern-2023-instituto-aleman-puerto-montt-8_9-768x513.jpg 768w, https:\/\/ialeman.cl\/wp-content\/uploads\/2023\/04\/ostern-2023-instituto-aleman-puerto-montt-8_9-300x200.jpg 300w, https:\/\/ialeman.cl\/wp-content\/uploads\/2023\/04\/ostern-2023-instituto-aleman-puerto-montt-8_9-1024x684.jpg 1024w, https:\/\/ialeman.cl\/wp-content\/uploads\/2023\/04\/ostern-2023-instituto-aleman-puerto-montt-8_9.jpg 1200w\" sizes=\"(max-width: 768px) 100vw, 768px\" \/><\/a>\n\t\t\t<\/div><\/figure><figure class='gallery-item'>\n\t\t\t<div class='gallery-icon landscape'>\n\t\t\t\t<a data-elementor-open-lightbox=\"yes\" data-elementor-lightbox-slideshow=\"0eb0913\" data-elementor-lightbox-title=\"ostern 2023 instituto aleman puerto montt 9_0\" data-e-action-hash=\"#elementor-action%3Aaction%3Dlightbox%26settings%3DeyJpZCI6MTg2ODEsInVybCI6Imh0dHBzOlwvXC9pYWxlbWFuLmNsXC93cC1jb250ZW50XC91cGxvYWRzXC8yMDIzXC8wNFwvb3N0ZXJuLTIwMjMtaW5zdGl0dXRvLWFsZW1hbi1wdWVydG8tbW9udHQtOV8wLmpwZyIsInNsaWRlc2hvdyI6IjBlYjA5MTMifQ%3D%3D\" href='https:\/\/ialeman.cl\/wp-content\/uploads\/2023\/04\/ostern-2023-instituto-aleman-puerto-montt-9_0.jpg'><img loading=\"lazy\" decoding=\"async\" width=\"768\" height=\"513\" src=\"https:\/\/ialeman.cl\/wp-content\/uploads\/2023\/04\/ostern-2023-instituto-aleman-puerto-montt-9_0-768x513.jpg\" class=\"attachment-medium_large size-medium_large\" alt=\"\" srcset=\"https:\/\/ialeman.cl\/wp-content\/uploads\/2023\/04\/ostern-2023-instituto-aleman-puerto-montt-9_0-768x513.jpg 768w, https:\/\/ialeman.cl\/wp-content\/uploads\/2023\/04\/ostern-2023-instituto-aleman-puerto-montt-9_0-300x200.jpg 300w, https:\/\/ialeman.cl\/wp-content\/uploads\/2023\/04\/ostern-2023-instituto-aleman-puerto-montt-9_0-1024x684.jpg 1024w, https:\/\/ialeman.cl\/wp-content\/uploads\/2023\/04\/ostern-2023-instituto-aleman-puerto-montt-9_0.jpg 1200w\" sizes=\"(max-width: 768px) 100vw, 768px\" \/><\/a>\n\t\t\t<\/div><\/figure><figure class='gallery-item'>\n\t\t\t<div class='gallery-icon landscape'>\n\t\t\t\t<a data-elementor-open-lightbox=\"yes\" data-elementor-lightbox-slideshow=\"0eb0913\" data-elementor-lightbox-title=\"ostern 2023 instituto aleman puerto montt 9_1\" data-e-action-hash=\"#elementor-action%3Aaction%3Dlightbox%26settings%3DeyJpZCI6MTg2ODIsInVybCI6Imh0dHBzOlwvXC9pYWxlbWFuLmNsXC93cC1jb250ZW50XC91cGxvYWRzXC8yMDIzXC8wNFwvb3N0ZXJuLTIwMjMtaW5zdGl0dXRvLWFsZW1hbi1wdWVydG8tbW9udHQtOV8xLmpwZyIsInNsaWRlc2hvdyI6IjBlYjA5MTMifQ%3D%3D\" href='https:\/\/ialeman.cl\/wp-content\/uploads\/2023\/04\/ostern-2023-instituto-aleman-puerto-montt-9_1.jpg'><img loading=\"lazy\" decoding=\"async\" width=\"768\" height=\"513\" src=\"https:\/\/ialeman.cl\/wp-content\/uploads\/2023\/04\/ostern-2023-instituto-aleman-puerto-montt-9_1-768x513.jpg\" class=\"attachment-medium_large size-medium_large\" alt=\"\" srcset=\"https:\/\/ialeman.cl\/wp-content\/uploads\/2023\/04\/ostern-2023-instituto-aleman-puerto-montt-9_1-768x513.jpg 768w, https:\/\/ialeman.cl\/wp-content\/uploads\/2023\/04\/ostern-2023-instituto-aleman-puerto-montt-9_1-300x200.jpg 300w, https:\/\/ialeman.cl\/wp-content\/uploads\/2023\/04\/ostern-2023-instituto-aleman-puerto-montt-9_1-1024x684.jpg 1024w, https:\/\/ialeman.cl\/wp-content\/uploads\/2023\/04\/ostern-2023-instituto-aleman-puerto-montt-9_1.jpg 1200w\" sizes=\"(max-width: 768px) 100vw, 768px\" \/><\/a>\n\t\t\t<\/div><\/figure><figure class='gallery-item'>\n\t\t\t<div class='gallery-icon landscape'>\n\t\t\t\t<a data-elementor-open-lightbox=\"yes\" data-elementor-lightbox-slideshow=\"0eb0913\" data-elementor-lightbox-title=\"ostern 2023 instituto aleman puerto montt 9_2\" data-e-action-hash=\"#elementor-action%3Aaction%3Dlightbox%26settings%3DeyJpZCI6MTg2ODMsInVybCI6Imh0dHBzOlwvXC9pYWxlbWFuLmNsXC93cC1jb250ZW50XC91cGxvYWRzXC8yMDIzXC8wNFwvb3N0ZXJuLTIwMjMtaW5zdGl0dXRvLWFsZW1hbi1wdWVydG8tbW9udHQtOV8yLmpwZyIsInNsaWRlc2hvdyI6IjBlYjA5MTMifQ%3D%3D\" href='https:\/\/ialeman.cl\/wp-content\/uploads\/2023\/04\/ostern-2023-instituto-aleman-puerto-montt-9_2.jpg'><img loading=\"lazy\" decoding=\"async\" width=\"768\" height=\"513\" src=\"https:\/\/ialeman.cl\/wp-content\/uploads\/2023\/04\/ostern-2023-instituto-aleman-puerto-montt-9_2-768x513.jpg\" class=\"attachment-medium_large size-medium_large\" alt=\"\" srcset=\"https:\/\/ialeman.cl\/wp-content\/uploads\/2023\/04\/ostern-2023-instituto-aleman-puerto-montt-9_2-768x513.jpg 768w, https:\/\/ialeman.cl\/wp-content\/uploads\/2023\/04\/ostern-2023-instituto-aleman-puerto-montt-9_2-300x200.jpg 300w, https:\/\/ialeman.cl\/wp-content\/uploads\/2023\/04\/ostern-2023-instituto-aleman-puerto-montt-9_2-1024x684.jpg 1024w, https:\/\/ialeman.cl\/wp-content\/uploads\/2023\/04\/ostern-2023-instituto-aleman-puerto-montt-9_2.jpg 1200w\" sizes=\"(max-width: 768px) 100vw, 768px\" \/><\/a>\n\t\t\t<\/div><\/figure><figure class='gallery-item'>\n\t\t\t<div class='gallery-icon landscape'>\n\t\t\t\t<a data-elementor-open-lightbox=\"yes\" data-elementor-lightbox-slideshow=\"0eb0913\" data-elementor-lightbox-title=\"ostern 2023 instituto aleman puerto montt 9_3\" data-e-action-hash=\"#elementor-action%3Aaction%3Dlightbox%26settings%3DeyJpZCI6MTg2ODQsInVybCI6Imh0dHBzOlwvXC9pYWxlbWFuLmNsXC93cC1jb250ZW50XC91cGxvYWRzXC8yMDIzXC8wNFwvb3N0ZXJuLTIwMjMtaW5zdGl0dXRvLWFsZW1hbi1wdWVydG8tbW9udHQtOV8zLmpwZyIsInNsaWRlc2hvdyI6IjBlYjA5MTMifQ%3D%3D\" href='https:\/\/ialeman.cl\/wp-content\/uploads\/2023\/04\/ostern-2023-instituto-aleman-puerto-montt-9_3.jpg'><img loading=\"lazy\" decoding=\"async\" width=\"768\" height=\"513\" src=\"https:\/\/ialeman.cl\/wp-content\/uploads\/2023\/04\/ostern-2023-instituto-aleman-puerto-montt-9_3-768x513.jpg\" class=\"attachment-medium_large size-medium_large\" alt=\"\" srcset=\"https:\/\/ialeman.cl\/wp-content\/uploads\/2023\/04\/ostern-2023-instituto-aleman-puerto-montt-9_3-768x513.jpg 768w, https:\/\/ialeman.cl\/wp-content\/uploads\/2023\/04\/ostern-2023-instituto-aleman-puerto-montt-9_3-300x200.jpg 300w, https:\/\/ialeman.cl\/wp-content\/uploads\/2023\/04\/ostern-2023-instituto-aleman-puerto-montt-9_3-1024x684.jpg 1024w, https:\/\/ialeman.cl\/wp-content\/uploads\/2023\/04\/ostern-2023-instituto-aleman-puerto-montt-9_3.jpg 1200w\" sizes=\"(max-width: 768px) 100vw, 768px\" \/><\/a>\n\t\t\t<\/div><\/figure><figure class='gallery-item'>\n\t\t\t<div class='gallery-icon landscape'>\n\t\t\t\t<a data-elementor-open-lightbox=\"yes\" data-elementor-lightbox-slideshow=\"0eb0913\" data-elementor-lightbox-title=\"ostern 2023 instituto aleman puerto montt 9_4\" data-e-action-hash=\"#elementor-action%3Aaction%3Dlightbox%26settings%3DeyJpZCI6MTg2ODUsInVybCI6Imh0dHBzOlwvXC9pYWxlbWFuLmNsXC93cC1jb250ZW50XC91cGxvYWRzXC8yMDIzXC8wNFwvb3N0ZXJuLTIwMjMtaW5zdGl0dXRvLWFsZW1hbi1wdWVydG8tbW9udHQtOV80LmpwZyIsInNsaWRlc2hvdyI6IjBlYjA5MTMifQ%3D%3D\" href='https:\/\/ialeman.cl\/wp-content\/uploads\/2023\/04\/ostern-2023-instituto-aleman-puerto-montt-9_4.jpg'><img loading=\"lazy\" decoding=\"async\" width=\"768\" height=\"513\" src=\"https:\/\/ialeman.cl\/wp-content\/uploads\/2023\/04\/ostern-2023-instituto-aleman-puerto-montt-9_4-768x513.jpg\" class=\"attachment-medium_large size-medium_large\" alt=\"\" srcset=\"https:\/\/ialeman.cl\/wp-content\/uploads\/2023\/04\/ostern-2023-instituto-aleman-puerto-montt-9_4-768x513.jpg 768w, https:\/\/ialeman.cl\/wp-content\/uploads\/2023\/04\/ostern-2023-instituto-aleman-puerto-montt-9_4-300x200.jpg 300w, https:\/\/ialeman.cl\/wp-content\/uploads\/2023\/04\/ostern-2023-instituto-aleman-puerto-montt-9_4-1024x684.jpg 1024w, https:\/\/ialeman.cl\/wp-content\/uploads\/2023\/04\/ostern-2023-instituto-aleman-puerto-montt-9_4.jpg 1200w\" sizes=\"(max-width: 768px) 100vw, 768px\" \/><\/a>\n\t\t\t<\/div><\/figure><figure class='gallery-item'>\n\t\t\t<div class='gallery-icon landscape'>\n\t\t\t\t<a data-elementor-open-lightbox=\"yes\" data-elementor-lightbox-slideshow=\"0eb0913\" data-elementor-lightbox-title=\"ostern 2023 instituto aleman puerto montt 9_5\" data-e-action-hash=\"#elementor-action%3Aaction%3Dlightbox%26settings%3DeyJpZCI6MTg2ODYsInVybCI6Imh0dHBzOlwvXC9pYWxlbWFuLmNsXC93cC1jb250ZW50XC91cGxvYWRzXC8yMDIzXC8wNFwvb3N0ZXJuLTIwMjMtaW5zdGl0dXRvLWFsZW1hbi1wdWVydG8tbW9udHQtOV81LmpwZyIsInNsaWRlc2hvdyI6IjBlYjA5MTMifQ%3D%3D\" href='https:\/\/ialeman.cl\/wp-content\/uploads\/2023\/04\/ostern-2023-instituto-aleman-puerto-montt-9_5.jpg'><img loading=\"lazy\" decoding=\"async\" width=\"768\" height=\"513\" src=\"https:\/\/ialeman.cl\/wp-content\/uploads\/2023\/04\/ostern-2023-instituto-aleman-puerto-montt-9_5-768x513.jpg\" class=\"attachment-medium_large size-medium_large\" alt=\"\" srcset=\"https:\/\/ialeman.cl\/wp-content\/uploads\/2023\/04\/ostern-2023-instituto-aleman-puerto-montt-9_5-768x513.jpg 768w, https:\/\/ialeman.cl\/wp-content\/uploads\/2023\/04\/ostern-2023-instituto-aleman-puerto-montt-9_5-300x200.jpg 300w, https:\/\/ialeman.cl\/wp-content\/uploads\/2023\/04\/ostern-2023-instituto-aleman-puerto-montt-9_5-1024x684.jpg 1024w, https:\/\/ialeman.cl\/wp-content\/uploads\/2023\/04\/ostern-2023-instituto-aleman-puerto-montt-9_5.jpg 1200w\" sizes=\"(max-width: 768px) 100vw, 768px\" \/><\/a>\n\t\t\t<\/div><\/figure><figure class='gallery-item'>\n\t\t\t<div class='gallery-icon landscape'>\n\t\t\t\t<a data-elementor-open-lightbox=\"yes\" data-elementor-lightbox-slideshow=\"0eb0913\" data-elementor-lightbox-title=\"ostern 2023 instituto aleman puerto montt 9_6\" data-e-action-hash=\"#elementor-action%3Aaction%3Dlightbox%26settings%3DeyJpZCI6MTg2ODcsInVybCI6Imh0dHBzOlwvXC9pYWxlbWFuLmNsXC93cC1jb250ZW50XC91cGxvYWRzXC8yMDIzXC8wNFwvb3N0ZXJuLTIwMjMtaW5zdGl0dXRvLWFsZW1hbi1wdWVydG8tbW9udHQtOV82LmpwZyIsInNsaWRlc2hvdyI6IjBlYjA5MTMifQ%3D%3D\" href='https:\/\/ialeman.cl\/wp-content\/uploads\/2023\/04\/ostern-2023-instituto-aleman-puerto-montt-9_6.jpg'><img loading=\"lazy\" decoding=\"async\" width=\"768\" height=\"513\" src=\"https:\/\/ialeman.cl\/wp-content\/uploads\/2023\/04\/ostern-2023-instituto-aleman-puerto-montt-9_6-768x513.jpg\" class=\"attachment-medium_large size-medium_large\" alt=\"\" srcset=\"https:\/\/ialeman.cl\/wp-content\/uploads\/2023\/04\/ostern-2023-instituto-aleman-puerto-montt-9_6-768x513.jpg 768w, https:\/\/ialeman.cl\/wp-content\/uploads\/2023\/04\/ostern-2023-instituto-aleman-puerto-montt-9_6-300x200.jpg 300w, https:\/\/ialeman.cl\/wp-content\/uploads\/2023\/04\/ostern-2023-instituto-aleman-puerto-montt-9_6-1024x684.jpg 1024w, https:\/\/ialeman.cl\/wp-content\/uploads\/2023\/04\/ostern-2023-instituto-aleman-puerto-montt-9_6.jpg 1200w\" sizes=\"(max-width: 768px) 100vw, 768px\" \/><\/a>\n\t\t\t<\/div><\/figure><figure class='gallery-item'>\n\t\t\t<div class='gallery-icon landscape'>\n\t\t\t\t<a data-elementor-open-lightbox=\"yes\" data-elementor-lightbox-slideshow=\"0eb0913\" data-elementor-lightbox-title=\"ostern 2023 instituto aleman puerto montt 9_7\" data-e-action-hash=\"#elementor-action%3Aaction%3Dlightbox%26settings%3DeyJpZCI6MTg2ODgsInVybCI6Imh0dHBzOlwvXC9pYWxlbWFuLmNsXC93cC1jb250ZW50XC91cGxvYWRzXC8yMDIzXC8wNFwvb3N0ZXJuLTIwMjMtaW5zdGl0dXRvLWFsZW1hbi1wdWVydG8tbW9udHQtOV83LmpwZyIsInNsaWRlc2hvdyI6IjBlYjA5MTMifQ%3D%3D\" href='https:\/\/ialeman.cl\/wp-content\/uploads\/2023\/04\/ostern-2023-instituto-aleman-puerto-montt-9_7.jpg'><img loading=\"lazy\" decoding=\"async\" width=\"768\" height=\"513\" src=\"https:\/\/ialeman.cl\/wp-content\/uploads\/2023\/04\/ostern-2023-instituto-aleman-puerto-montt-9_7-768x513.jpg\" class=\"attachment-medium_large size-medium_large\" alt=\"\" srcset=\"https:\/\/ialeman.cl\/wp-content\/uploads\/2023\/04\/ostern-2023-instituto-aleman-puerto-montt-9_7-768x513.jpg 768w, https:\/\/ialeman.cl\/wp-content\/uploads\/2023\/04\/ostern-2023-instituto-aleman-puerto-montt-9_7-300x200.jpg 300w, https:\/\/ialeman.cl\/wp-content\/uploads\/2023\/04\/ostern-2023-instituto-aleman-puerto-montt-9_7-1024x684.jpg 1024w, https:\/\/ialeman.cl\/wp-content\/uploads\/2023\/04\/ostern-2023-instituto-aleman-puerto-montt-9_7.jpg 1200w\" sizes=\"(max-width: 768px) 100vw, 768px\" \/><\/a>\n\t\t\t<\/div><\/figure><figure class='gallery-item'>\n\t\t\t<div class='gallery-icon landscape'>\n\t\t\t\t<a data-elementor-open-lightbox=\"yes\" data-elementor-lightbox-slideshow=\"0eb0913\" data-elementor-lightbox-title=\"ostern 2023 instituto aleman puerto montt 9_8\" data-e-action-hash=\"#elementor-action%3Aaction%3Dlightbox%26settings%3DeyJpZCI6MTg2ODksInVybCI6Imh0dHBzOlwvXC9pYWxlbWFuLmNsXC93cC1jb250ZW50XC91cGxvYWRzXC8yMDIzXC8wNFwvb3N0ZXJuLTIwMjMtaW5zdGl0dXRvLWFsZW1hbi1wdWVydG8tbW9udHQtOV84LmpwZyIsInNsaWRlc2hvdyI6IjBlYjA5MTMifQ%3D%3D\" href='https:\/\/ialeman.cl\/wp-content\/uploads\/2023\/04\/ostern-2023-instituto-aleman-puerto-montt-9_8.jpg'><img loading=\"lazy\" decoding=\"async\" width=\"768\" height=\"513\" src=\"https:\/\/ialeman.cl\/wp-content\/uploads\/2023\/04\/ostern-2023-instituto-aleman-puerto-montt-9_8-768x513.jpg\" class=\"attachment-medium_large size-medium_large\" alt=\"\" srcset=\"https:\/\/ialeman.cl\/wp-content\/uploads\/2023\/04\/ostern-2023-instituto-aleman-puerto-montt-9_8-768x513.jpg 768w, https:\/\/ialeman.cl\/wp-content\/uploads\/2023\/04\/ostern-2023-instituto-aleman-puerto-montt-9_8-300x200.jpg 300w, https:\/\/ialeman.cl\/wp-content\/uploads\/2023\/04\/ostern-2023-instituto-aleman-puerto-montt-9_8-1024x684.jpg 1024w, https:\/\/ialeman.cl\/wp-content\/uploads\/2023\/04\/ostern-2023-instituto-aleman-puerto-montt-9_8.jpg 1200w\" sizes=\"(max-width: 768px) 100vw, 768px\" \/><\/a>\n\t\t\t<\/div><\/figure><figure class='gallery-item'>\n\t\t\t<div class='gallery-icon landscape'>\n\t\t\t\t<a data-elementor-open-lightbox=\"yes\" data-elementor-lightbox-slideshow=\"0eb0913\" data-elementor-lightbox-title=\"ostern 2023 instituto aleman puerto montt 9_9\" data-e-action-hash=\"#elementor-action%3Aaction%3Dlightbox%26settings%3DeyJpZCI6MTg2OTAsInVybCI6Imh0dHBzOlwvXC9pYWxlbWFuLmNsXC93cC1jb250ZW50XC91cGxvYWRzXC8yMDIzXC8wNFwvb3N0ZXJuLTIwMjMtaW5zdGl0dXRvLWFsZW1hbi1wdWVydG8tbW9udHQtOV85LmpwZyIsInNsaWRlc2hvdyI6IjBlYjA5MTMifQ%3D%3D\" href='https:\/\/ialeman.cl\/wp-content\/uploads\/2023\/04\/ostern-2023-instituto-aleman-puerto-montt-9_9.jpg'><img loading=\"lazy\" decoding=\"async\" width=\"768\" height=\"513\" src=\"https:\/\/ialeman.cl\/wp-content\/uploads\/2023\/04\/ostern-2023-instituto-aleman-puerto-montt-9_9-768x513.jpg\" class=\"attachment-medium_large size-medium_large\" alt=\"\" srcset=\"https:\/\/ialeman.cl\/wp-content\/uploads\/2023\/04\/ostern-2023-instituto-aleman-puerto-montt-9_9-768x513.jpg 768w, https:\/\/ialeman.cl\/wp-content\/uploads\/2023\/04\/ostern-2023-instituto-aleman-puerto-montt-9_9-300x200.jpg 300w, https:\/\/ialeman.cl\/wp-content\/uploads\/2023\/04\/ostern-2023-instituto-aleman-puerto-montt-9_9-1024x684.jpg 1024w, https:\/\/ialeman.cl\/wp-content\/uploads\/2023\/04\/ostern-2023-instituto-aleman-puerto-montt-9_9.jpg 1200w\" sizes=\"(max-width: 768px) 100vw, 768px\" \/><\/a>\n\t\t\t<\/div><\/figure><figure class='gallery-item'>\n\t\t\t<div class='gallery-icon landscape'>\n\t\t\t\t<a data-elementor-open-lightbox=\"yes\" data-elementor-lightbox-slideshow=\"0eb0913\" data-elementor-lightbox-title=\"ostern 2023 instituto aleman puerto montt 11_1\" data-e-action-hash=\"#elementor-action%3Aaction%3Dlightbox%26settings%3DeyJpZCI6MTg2OTEsInVybCI6Imh0dHBzOlwvXC9pYWxlbWFuLmNsXC93cC1jb250ZW50XC91cGxvYWRzXC8yMDIzXC8wNFwvb3N0ZXJuLTIwMjMtaW5zdGl0dXRvLWFsZW1hbi1wdWVydG8tbW9udHQtMTFfMS5qcGciLCJzbGlkZXNob3ciOiIwZWIwOTEzIn0%3D\" href='https:\/\/ialeman.cl\/wp-content\/uploads\/2023\/04\/ostern-2023-instituto-aleman-puerto-montt-11_1.jpg'><img loading=\"lazy\" decoding=\"async\" width=\"768\" height=\"513\" src=\"https:\/\/ialeman.cl\/wp-content\/uploads\/2023\/04\/ostern-2023-instituto-aleman-puerto-montt-11_1-768x513.jpg\" class=\"attachment-medium_large size-medium_large\" alt=\"\" srcset=\"https:\/\/ialeman.cl\/wp-content\/uploads\/2023\/04\/ostern-2023-instituto-aleman-puerto-montt-11_1-768x513.jpg 768w, https:\/\/ialeman.cl\/wp-content\/uploads\/2023\/04\/ostern-2023-instituto-aleman-puerto-montt-11_1-300x200.jpg 300w, https:\/\/ialeman.cl\/wp-content\/uploads\/2023\/04\/ostern-2023-instituto-aleman-puerto-montt-11_1-1024x684.jpg 1024w, https:\/\/ialeman.cl\/wp-content\/uploads\/2023\/04\/ostern-2023-instituto-aleman-puerto-montt-11_1.jpg 1200w\" sizes=\"(max-width: 768px) 100vw, 768px\" \/><\/a>\n\t\t\t<\/div><\/figure><figure class='gallery-item'>\n\t\t\t<div class='gallery-icon landscape'>\n\t\t\t\t<a data-elementor-open-lightbox=\"yes\" data-elementor-lightbox-slideshow=\"0eb0913\" data-elementor-lightbox-title=\"ostern 2023 instituto aleman puerto montt 11_2\" data-e-action-hash=\"#elementor-action%3Aaction%3Dlightbox%26settings%3DeyJpZCI6MTg2OTIsInVybCI6Imh0dHBzOlwvXC9pYWxlbWFuLmNsXC93cC1jb250ZW50XC91cGxvYWRzXC8yMDIzXC8wNFwvb3N0ZXJuLTIwMjMtaW5zdGl0dXRvLWFsZW1hbi1wdWVydG8tbW9udHQtMTFfMi5qcGciLCJzbGlkZXNob3ciOiIwZWIwOTEzIn0%3D\" href='https:\/\/ialeman.cl\/wp-content\/uploads\/2023\/04\/ostern-2023-instituto-aleman-puerto-montt-11_2.jpg'><img loading=\"lazy\" decoding=\"async\" width=\"768\" height=\"513\" src=\"https:\/\/ialeman.cl\/wp-content\/uploads\/2023\/04\/ostern-2023-instituto-aleman-puerto-montt-11_2-768x513.jpg\" class=\"attachment-medium_large size-medium_large\" alt=\"\" srcset=\"https:\/\/ialeman.cl\/wp-content\/uploads\/2023\/04\/ostern-2023-instituto-aleman-puerto-montt-11_2-768x513.jpg 768w, https:\/\/ialeman.cl\/wp-content\/uploads\/2023\/04\/ostern-2023-instituto-aleman-puerto-montt-11_2-300x200.jpg 300w, https:\/\/ialeman.cl\/wp-content\/uploads\/2023\/04\/ostern-2023-instituto-aleman-puerto-montt-11_2-1024x684.jpg 1024w, https:\/\/ialeman.cl\/wp-content\/uploads\/2023\/04\/ostern-2023-instituto-aleman-puerto-montt-11_2.jpg 1200w\" sizes=\"(max-width: 768px) 100vw, 768px\" \/><\/a>\n\t\t\t<\/div><\/figure><figure class='gallery-item'>\n\t\t\t<div class='gallery-icon landscape'>\n\t\t\t\t<a data-elementor-open-lightbox=\"yes\" data-elementor-lightbox-slideshow=\"0eb0913\" data-elementor-lightbox-title=\"ostern 2023 instituto aleman puerto montt 11_3\" data-e-action-hash=\"#elementor-action%3Aaction%3Dlightbox%26settings%3DeyJpZCI6MTg2OTMsInVybCI6Imh0dHBzOlwvXC9pYWxlbWFuLmNsXC93cC1jb250ZW50XC91cGxvYWRzXC8yMDIzXC8wNFwvb3N0ZXJuLTIwMjMtaW5zdGl0dXRvLWFsZW1hbi1wdWVydG8tbW9udHQtMTFfMy0xLmpwZyIsInNsaWRlc2hvdyI6IjBlYjA5MTMifQ%3D%3D\" href='https:\/\/ialeman.cl\/wp-content\/uploads\/2023\/04\/ostern-2023-instituto-aleman-puerto-montt-11_3-1.jpg'><img loading=\"lazy\" decoding=\"async\" width=\"768\" height=\"513\" src=\"https:\/\/ialeman.cl\/wp-content\/uploads\/2023\/04\/ostern-2023-instituto-aleman-puerto-montt-11_3-1-768x513.jpg\" class=\"attachment-medium_large size-medium_large\" alt=\"\" srcset=\"https:\/\/ialeman.cl\/wp-content\/uploads\/2023\/04\/ostern-2023-instituto-aleman-puerto-montt-11_3-1-768x513.jpg 768w, https:\/\/ialeman.cl\/wp-content\/uploads\/2023\/04\/ostern-2023-instituto-aleman-puerto-montt-11_3-1-300x200.jpg 300w, https:\/\/ialeman.cl\/wp-content\/uploads\/2023\/04\/ostern-2023-instituto-aleman-puerto-montt-11_3-1-1024x684.jpg 1024w, https:\/\/ialeman.cl\/wp-content\/uploads\/2023\/04\/ostern-2023-instituto-aleman-puerto-montt-11_3-1.jpg 1200w\" sizes=\"(max-width: 768px) 100vw, 768px\" \/><\/a>\n\t\t\t<\/div><\/figure><figure class='gallery-item'>\n\t\t\t<div class='gallery-icon landscape'>\n\t\t\t\t<a data-elementor-open-lightbox=\"yes\" data-elementor-lightbox-slideshow=\"0eb0913\" data-elementor-lightbox-title=\"ostern 2023 instituto aleman puerto montt 11_4\" data-e-action-hash=\"#elementor-action%3Aaction%3Dlightbox%26settings%3DeyJpZCI6MTg2OTQsInVybCI6Imh0dHBzOlwvXC9pYWxlbWFuLmNsXC93cC1jb250ZW50XC91cGxvYWRzXC8yMDIzXC8wNFwvb3N0ZXJuLTIwMjMtaW5zdGl0dXRvLWFsZW1hbi1wdWVydG8tbW9udHQtMTFfNC5qcGciLCJzbGlkZXNob3ciOiIwZWIwOTEzIn0%3D\" href='https:\/\/ialeman.cl\/wp-content\/uploads\/2023\/04\/ostern-2023-instituto-aleman-puerto-montt-11_4.jpg'><img loading=\"lazy\" decoding=\"async\" width=\"768\" height=\"513\" src=\"https:\/\/ialeman.cl\/wp-content\/uploads\/2023\/04\/ostern-2023-instituto-aleman-puerto-montt-11_4-768x513.jpg\" class=\"attachment-medium_large size-medium_large\" alt=\"\" srcset=\"https:\/\/ialeman.cl\/wp-content\/uploads\/2023\/04\/ostern-2023-instituto-aleman-puerto-montt-11_4-768x513.jpg 768w, https:\/\/ialeman.cl\/wp-content\/uploads\/2023\/04\/ostern-2023-instituto-aleman-puerto-montt-11_4-300x200.jpg 300w, https:\/\/ialeman.cl\/wp-content\/uploads\/2023\/04\/ostern-2023-instituto-aleman-puerto-montt-11_4-1024x684.jpg 1024w, https:\/\/ialeman.cl\/wp-content\/uploads\/2023\/04\/ostern-2023-instituto-aleman-puerto-montt-11_4.jpg 1200w\" sizes=\"(max-width: 768px) 100vw, 768px\" \/><\/a>\n\t\t\t<\/div><\/figure><figure class='gallery-item'>\n\t\t\t<div class='gallery-icon landscape'>\n\t\t\t\t<a data-elementor-open-lightbox=\"yes\" data-elementor-lightbox-slideshow=\"0eb0913\" data-elementor-lightbox-title=\"ostern 2023 instituto aleman puerto montt 11_5\" data-e-action-hash=\"#elementor-action%3Aaction%3Dlightbox%26settings%3DeyJpZCI6MTg2OTUsInVybCI6Imh0dHBzOlwvXC9pYWxlbWFuLmNsXC93cC1jb250ZW50XC91cGxvYWRzXC8yMDIzXC8wNFwvb3N0ZXJuLTIwMjMtaW5zdGl0dXRvLWFsZW1hbi1wdWVydG8tbW9udHQtMTFfNS5qcGciLCJzbGlkZXNob3ciOiIwZWIwOTEzIn0%3D\" href='https:\/\/ialeman.cl\/wp-content\/uploads\/2023\/04\/ostern-2023-instituto-aleman-puerto-montt-11_5.jpg'><img loading=\"lazy\" decoding=\"async\" width=\"768\" height=\"513\" src=\"https:\/\/ialeman.cl\/wp-content\/uploads\/2023\/04\/ostern-2023-instituto-aleman-puerto-montt-11_5-768x513.jpg\" class=\"attachment-medium_large size-medium_large\" alt=\"\" srcset=\"https:\/\/ialeman.cl\/wp-content\/uploads\/2023\/04\/ostern-2023-instituto-aleman-puerto-montt-11_5-768x513.jpg 768w, https:\/\/ialeman.cl\/wp-content\/uploads\/2023\/04\/ostern-2023-instituto-aleman-puerto-montt-11_5-300x200.jpg 300w, https:\/\/ialeman.cl\/wp-content\/uploads\/2023\/04\/ostern-2023-instituto-aleman-puerto-montt-11_5-1024x684.jpg 1024w, https:\/\/ialeman.cl\/wp-content\/uploads\/2023\/04\/ostern-2023-instituto-aleman-puerto-montt-11_5.jpg 1200w\" sizes=\"(max-width: 768px) 100vw, 768px\" \/><\/a>\n\t\t\t<\/div><\/figure><figure class='gallery-item'>\n\t\t\t<div class='gallery-icon landscape'>\n\t\t\t\t<a data-elementor-open-lightbox=\"yes\" data-elementor-lightbox-slideshow=\"0eb0913\" data-elementor-lightbox-title=\"ostern 2023 instituto aleman puerto montt 11_6\" data-e-action-hash=\"#elementor-action%3Aaction%3Dlightbox%26settings%3DeyJpZCI6MTg2OTYsInVybCI6Imh0dHBzOlwvXC9pYWxlbWFuLmNsXC93cC1jb250ZW50XC91cGxvYWRzXC8yMDIzXC8wNFwvb3N0ZXJuLTIwMjMtaW5zdGl0dXRvLWFsZW1hbi1wdWVydG8tbW9udHQtMTFfNi5qcGciLCJzbGlkZXNob3ciOiIwZWIwOTEzIn0%3D\" href='https:\/\/ialeman.cl\/wp-content\/uploads\/2023\/04\/ostern-2023-instituto-aleman-puerto-montt-11_6.jpg'><img loading=\"lazy\" decoding=\"async\" width=\"768\" height=\"513\" src=\"https:\/\/ialeman.cl\/wp-content\/uploads\/2023\/04\/ostern-2023-instituto-aleman-puerto-montt-11_6-768x513.jpg\" class=\"attachment-medium_large size-medium_large\" alt=\"\" srcset=\"https:\/\/ialeman.cl\/wp-content\/uploads\/2023\/04\/ostern-2023-instituto-aleman-puerto-montt-11_6-768x513.jpg 768w, https:\/\/ialeman.cl\/wp-content\/uploads\/2023\/04\/ostern-2023-instituto-aleman-puerto-montt-11_6-300x200.jpg 300w, https:\/\/ialeman.cl\/wp-content\/uploads\/2023\/04\/ostern-2023-instituto-aleman-puerto-montt-11_6-1024x684.jpg 1024w, https:\/\/ialeman.cl\/wp-content\/uploads\/2023\/04\/ostern-2023-instituto-aleman-puerto-montt-11_6.jpg 1200w\" sizes=\"(max-width: 768px) 100vw, 768px\" \/><\/a>\n\t\t\t<\/div><\/figure><figure class='gallery-item'>\n\t\t\t<div class='gallery-icon landscape'>\n\t\t\t\t<a data-elementor-open-lightbox=\"yes\" data-elementor-lightbox-slideshow=\"0eb0913\" data-elementor-lightbox-title=\"ostern 2023 instituto aleman puerto montt 11_7\" data-e-action-hash=\"#elementor-action%3Aaction%3Dlightbox%26settings%3DeyJpZCI6MTg2OTcsInVybCI6Imh0dHBzOlwvXC9pYWxlbWFuLmNsXC93cC1jb250ZW50XC91cGxvYWRzXC8yMDIzXC8wNFwvb3N0ZXJuLTIwMjMtaW5zdGl0dXRvLWFsZW1hbi1wdWVydG8tbW9udHQtMTFfNy5qcGciLCJzbGlkZXNob3ciOiIwZWIwOTEzIn0%3D\" href='https:\/\/ialeman.cl\/wp-content\/uploads\/2023\/04\/ostern-2023-instituto-aleman-puerto-montt-11_7.jpg'><img loading=\"lazy\" decoding=\"async\" width=\"768\" height=\"513\" src=\"https:\/\/ialeman.cl\/wp-content\/uploads\/2023\/04\/ostern-2023-instituto-aleman-puerto-montt-11_7-768x513.jpg\" class=\"attachment-medium_large size-medium_large\" alt=\"\" srcset=\"https:\/\/ialeman.cl\/wp-content\/uploads\/2023\/04\/ostern-2023-instituto-aleman-puerto-montt-11_7-768x513.jpg 768w, https:\/\/ialeman.cl\/wp-content\/uploads\/2023\/04\/ostern-2023-instituto-aleman-puerto-montt-11_7-300x200.jpg 300w, https:\/\/ialeman.cl\/wp-content\/uploads\/2023\/04\/ostern-2023-instituto-aleman-puerto-montt-11_7-1024x684.jpg 1024w, https:\/\/ialeman.cl\/wp-content\/uploads\/2023\/04\/ostern-2023-instituto-aleman-puerto-montt-11_7.jpg 1200w\" sizes=\"(max-width: 768px) 100vw, 768px\" \/><\/a>\n\t\t\t<\/div><\/figure><figure class='gallery-item'>\n\t\t\t<div class='gallery-icon landscape'>\n\t\t\t\t<a data-elementor-open-lightbox=\"yes\" data-elementor-lightbox-slideshow=\"0eb0913\" data-elementor-lightbox-title=\"ostern 2023 instituto aleman puerto montt 11_8\" data-e-action-hash=\"#elementor-action%3Aaction%3Dlightbox%26settings%3DeyJpZCI6MTg2OTgsInVybCI6Imh0dHBzOlwvXC9pYWxlbWFuLmNsXC93cC1jb250ZW50XC91cGxvYWRzXC8yMDIzXC8wNFwvb3N0ZXJuLTIwMjMtaW5zdGl0dXRvLWFsZW1hbi1wdWVydG8tbW9udHQtMTFfOC5qcGciLCJzbGlkZXNob3ciOiIwZWIwOTEzIn0%3D\" href='https:\/\/ialeman.cl\/wp-content\/uploads\/2023\/04\/ostern-2023-instituto-aleman-puerto-montt-11_8.jpg'><img loading=\"lazy\" decoding=\"async\" width=\"768\" height=\"513\" src=\"https:\/\/ialeman.cl\/wp-content\/uploads\/2023\/04\/ostern-2023-instituto-aleman-puerto-montt-11_8-768x513.jpg\" class=\"attachment-medium_large size-medium_large\" alt=\"\" srcset=\"https:\/\/ialeman.cl\/wp-content\/uploads\/2023\/04\/ostern-2023-instituto-aleman-puerto-montt-11_8-768x513.jpg 768w, https:\/\/ialeman.cl\/wp-content\/uploads\/2023\/04\/ostern-2023-instituto-aleman-puerto-montt-11_8-300x200.jpg 300w, https:\/\/ialeman.cl\/wp-content\/uploads\/2023\/04\/ostern-2023-instituto-aleman-puerto-montt-11_8-1024x684.jpg 1024w, https:\/\/ialeman.cl\/wp-content\/uploads\/2023\/04\/ostern-2023-instituto-aleman-puerto-montt-11_8.jpg 1200w\" sizes=\"(max-width: 768px) 100vw, 768px\" \/><\/a>\n\t\t\t<\/div><\/figure><figure class='gallery-item'>\n\t\t\t<div class='gallery-icon landscape'>\n\t\t\t\t<a data-elementor-open-lightbox=\"yes\" data-elementor-lightbox-slideshow=\"0eb0913\" data-elementor-lightbox-title=\"ostern 2023 instituto aleman puerto montt 11_9\" data-e-action-hash=\"#elementor-action%3Aaction%3Dlightbox%26settings%3DeyJpZCI6MTg2OTksInVybCI6Imh0dHBzOlwvXC9pYWxlbWFuLmNsXC93cC1jb250ZW50XC91cGxvYWRzXC8yMDIzXC8wNFwvb3N0ZXJuLTIwMjMtaW5zdGl0dXRvLWFsZW1hbi1wdWVydG8tbW9udHQtMTFfOS5qcGciLCJzbGlkZXNob3ciOiIwZWIwOTEzIn0%3D\" href='https:\/\/ialeman.cl\/wp-content\/uploads\/2023\/04\/ostern-2023-instituto-aleman-puerto-montt-11_9.jpg'><img loading=\"lazy\" decoding=\"async\" width=\"768\" height=\"513\" src=\"https:\/\/ialeman.cl\/wp-content\/uploads\/2023\/04\/ostern-2023-instituto-aleman-puerto-montt-11_9-768x513.jpg\" class=\"attachment-medium_large size-medium_large\" alt=\"\" srcset=\"https:\/\/ialeman.cl\/wp-content\/uploads\/2023\/04\/ostern-2023-instituto-aleman-puerto-montt-11_9-768x513.jpg 768w, https:\/\/ialeman.cl\/wp-content\/uploads\/2023\/04\/ostern-2023-instituto-aleman-puerto-montt-11_9-300x200.jpg 300w, https:\/\/ialeman.cl\/wp-content\/uploads\/2023\/04\/ostern-2023-instituto-aleman-puerto-montt-11_9-1024x684.jpg 1024w, https:\/\/ialeman.cl\/wp-content\/uploads\/2023\/04\/ostern-2023-instituto-aleman-puerto-montt-11_9.jpg 1200w\" sizes=\"(max-width: 768px) 100vw, 768px\" \/><\/a>\n\t\t\t<\/div><\/figure><figure class='gallery-item'>\n\t\t\t<div class='gallery-icon landscape'>\n\t\t\t\t<a data-elementor-open-lightbox=\"yes\" data-elementor-lightbox-slideshow=\"0eb0913\" data-elementor-lightbox-title=\"ostern 2023 instituto aleman puerto montt 12\" data-e-action-hash=\"#elementor-action%3Aaction%3Dlightbox%26settings%3DeyJpZCI6MTg3MDAsInVybCI6Imh0dHBzOlwvXC9pYWxlbWFuLmNsXC93cC1jb250ZW50XC91cGxvYWRzXC8yMDIzXC8wNFwvb3N0ZXJuLTIwMjMtaW5zdGl0dXRvLWFsZW1hbi1wdWVydG8tbW9udHQtMTIuanBnIiwic2xpZGVzaG93IjoiMGViMDkxMyJ9\" href='https:\/\/ialeman.cl\/wp-content\/uploads\/2023\/04\/ostern-2023-instituto-aleman-puerto-montt-12.jpg'><img loading=\"lazy\" decoding=\"async\" width=\"768\" height=\"513\" src=\"https:\/\/ialeman.cl\/wp-content\/uploads\/2023\/04\/ostern-2023-instituto-aleman-puerto-montt-12-768x513.jpg\" class=\"attachment-medium_large size-medium_large\" alt=\"\" srcset=\"https:\/\/ialeman.cl\/wp-content\/uploads\/2023\/04\/ostern-2023-instituto-aleman-puerto-montt-12-768x513.jpg 768w, https:\/\/ialeman.cl\/wp-content\/uploads\/2023\/04\/ostern-2023-instituto-aleman-puerto-montt-12-300x200.jpg 300w, https:\/\/ialeman.cl\/wp-content\/uploads\/2023\/04\/ostern-2023-instituto-aleman-puerto-montt-12-1024x684.jpg 1024w, https:\/\/ialeman.cl\/wp-content\/uploads\/2023\/04\/ostern-2023-instituto-aleman-puerto-montt-12.jpg 1200w\" sizes=\"(max-width: 768px) 100vw, 768px\" \/><\/a>\n\t\t\t<\/div><\/figure><figure class='gallery-item'>\n\t\t\t<div class='gallery-icon landscape'>\n\t\t\t\t<a data-elementor-open-lightbox=\"yes\" data-elementor-lightbox-slideshow=\"0eb0913\" data-elementor-lightbox-title=\"ostern 2023 instituto aleman puerto montt 12_1\" data-e-action-hash=\"#elementor-action%3Aaction%3Dlightbox%26settings%3DeyJpZCI6MTg3MDEsInVybCI6Imh0dHBzOlwvXC9pYWxlbWFuLmNsXC93cC1jb250ZW50XC91cGxvYWRzXC8yMDIzXC8wNFwvb3N0ZXJuLTIwMjMtaW5zdGl0dXRvLWFsZW1hbi1wdWVydG8tbW9udHQtMTJfMS5qcGciLCJzbGlkZXNob3ciOiIwZWIwOTEzIn0%3D\" href='https:\/\/ialeman.cl\/wp-content\/uploads\/2023\/04\/ostern-2023-instituto-aleman-puerto-montt-12_1.jpg'><img loading=\"lazy\" decoding=\"async\" width=\"768\" height=\"513\" src=\"https:\/\/ialeman.cl\/wp-content\/uploads\/2023\/04\/ostern-2023-instituto-aleman-puerto-montt-12_1-768x513.jpg\" class=\"attachment-medium_large size-medium_large\" alt=\"\" srcset=\"https:\/\/ialeman.cl\/wp-content\/uploads\/2023\/04\/ostern-2023-instituto-aleman-puerto-montt-12_1-768x513.jpg 768w, https:\/\/ialeman.cl\/wp-content\/uploads\/2023\/04\/ostern-2023-instituto-aleman-puerto-montt-12_1-300x200.jpg 300w, https:\/\/ialeman.cl\/wp-content\/uploads\/2023\/04\/ostern-2023-instituto-aleman-puerto-montt-12_1-1024x684.jpg 1024w, https:\/\/ialeman.cl\/wp-content\/uploads\/2023\/04\/ostern-2023-instituto-aleman-puerto-montt-12_1.jpg 1200w\" sizes=\"(max-width: 768px) 100vw, 768px\" \/><\/a>\n\t\t\t<\/div><\/figure><figure class='gallery-item'>\n\t\t\t<div class='gallery-icon landscape'>\n\t\t\t\t<a data-elementor-open-lightbox=\"yes\" data-elementor-lightbox-slideshow=\"0eb0913\" data-elementor-lightbox-title=\"ostern 2023 instituto aleman puerto montt 12_2\" data-e-action-hash=\"#elementor-action%3Aaction%3Dlightbox%26settings%3DeyJpZCI6MTg3MDIsInVybCI6Imh0dHBzOlwvXC9pYWxlbWFuLmNsXC93cC1jb250ZW50XC91cGxvYWRzXC8yMDIzXC8wNFwvb3N0ZXJuLTIwMjMtaW5zdGl0dXRvLWFsZW1hbi1wdWVydG8tbW9udHQtMTJfMi5qcGciLCJzbGlkZXNob3ciOiIwZWIwOTEzIn0%3D\" href='https:\/\/ialeman.cl\/wp-content\/uploads\/2023\/04\/ostern-2023-instituto-aleman-puerto-montt-12_2.jpg'><img loading=\"lazy\" decoding=\"async\" width=\"768\" height=\"513\" src=\"https:\/\/ialeman.cl\/wp-content\/uploads\/2023\/04\/ostern-2023-instituto-aleman-puerto-montt-12_2-768x513.jpg\" class=\"attachment-medium_large size-medium_large\" alt=\"\" srcset=\"https:\/\/ialeman.cl\/wp-content\/uploads\/2023\/04\/ostern-2023-instituto-aleman-puerto-montt-12_2-768x513.jpg 768w, https:\/\/ialeman.cl\/wp-content\/uploads\/2023\/04\/ostern-2023-instituto-aleman-puerto-montt-12_2-300x200.jpg 300w, https:\/\/ialeman.cl\/wp-content\/uploads\/2023\/04\/ostern-2023-instituto-aleman-puerto-montt-12_2-1024x684.jpg 1024w, https:\/\/ialeman.cl\/wp-content\/uploads\/2023\/04\/ostern-2023-instituto-aleman-puerto-montt-12_2.jpg 1200w\" sizes=\"(max-width: 768px) 100vw, 768px\" \/><\/a>\n\t\t\t<\/div><\/figure><figure class='gallery-item'>\n\t\t\t<div class='gallery-icon landscape'>\n\t\t\t\t<a data-elementor-open-lightbox=\"yes\" data-elementor-lightbox-slideshow=\"0eb0913\" data-elementor-lightbox-title=\"ostern 2023 instituto aleman puerto montt 12_3\" data-e-action-hash=\"#elementor-action%3Aaction%3Dlightbox%26settings%3DeyJpZCI6MTg3MDMsInVybCI6Imh0dHBzOlwvXC9pYWxlbWFuLmNsXC93cC1jb250ZW50XC91cGxvYWRzXC8yMDIzXC8wNFwvb3N0ZXJuLTIwMjMtaW5zdGl0dXRvLWFsZW1hbi1wdWVydG8tbW9udHQtMTJfMy5qcGciLCJzbGlkZXNob3ciOiIwZWIwOTEzIn0%3D\" href='https:\/\/ialeman.cl\/wp-content\/uploads\/2023\/04\/ostern-2023-instituto-aleman-puerto-montt-12_3.jpg'><img loading=\"lazy\" decoding=\"async\" width=\"768\" height=\"513\" src=\"https:\/\/ialeman.cl\/wp-content\/uploads\/2023\/04\/ostern-2023-instituto-aleman-puerto-montt-12_3-768x513.jpg\" class=\"attachment-medium_large size-medium_large\" alt=\"\" srcset=\"https:\/\/ialeman.cl\/wp-content\/uploads\/2023\/04\/ostern-2023-instituto-aleman-puerto-montt-12_3-768x513.jpg 768w, https:\/\/ialeman.cl\/wp-content\/uploads\/2023\/04\/ostern-2023-instituto-aleman-puerto-montt-12_3-300x200.jpg 300w, https:\/\/ialeman.cl\/wp-content\/uploads\/2023\/04\/ostern-2023-instituto-aleman-puerto-montt-12_3-1024x684.jpg 1024w, https:\/\/ialeman.cl\/wp-content\/uploads\/2023\/04\/ostern-2023-instituto-aleman-puerto-montt-12_3.jpg 1200w\" sizes=\"(max-width: 768px) 100vw, 768px\" \/><\/a>\n\t\t\t<\/div><\/figure><figure class='gallery-item'>\n\t\t\t<div class='gallery-icon landscape'>\n\t\t\t\t<a data-elementor-open-lightbox=\"yes\" data-elementor-lightbox-slideshow=\"0eb0913\" data-elementor-lightbox-title=\"ostern 2023 instituto aleman puerto montt 12_4\" data-e-action-hash=\"#elementor-action%3Aaction%3Dlightbox%26settings%3DeyJpZCI6MTg3MDQsInVybCI6Imh0dHBzOlwvXC9pYWxlbWFuLmNsXC93cC1jb250ZW50XC91cGxvYWRzXC8yMDIzXC8wNFwvb3N0ZXJuLTIwMjMtaW5zdGl0dXRvLWFsZW1hbi1wdWVydG8tbW9udHQtMTJfNC5qcGciLCJzbGlkZXNob3ciOiIwZWIwOTEzIn0%3D\" href='https:\/\/ialeman.cl\/wp-content\/uploads\/2023\/04\/ostern-2023-instituto-aleman-puerto-montt-12_4.jpg'><img loading=\"lazy\" decoding=\"async\" width=\"768\" height=\"513\" src=\"https:\/\/ialeman.cl\/wp-content\/uploads\/2023\/04\/ostern-2023-instituto-aleman-puerto-montt-12_4-768x513.jpg\" class=\"attachment-medium_large size-medium_large\" alt=\"\" srcset=\"https:\/\/ialeman.cl\/wp-content\/uploads\/2023\/04\/ostern-2023-instituto-aleman-puerto-montt-12_4-768x513.jpg 768w, https:\/\/ialeman.cl\/wp-content\/uploads\/2023\/04\/ostern-2023-instituto-aleman-puerto-montt-12_4-300x200.jpg 300w, https:\/\/ialeman.cl\/wp-content\/uploads\/2023\/04\/ostern-2023-instituto-aleman-puerto-montt-12_4-1024x684.jpg 1024w, https:\/\/ialeman.cl\/wp-content\/uploads\/2023\/04\/ostern-2023-instituto-aleman-puerto-montt-12_4.jpg 1200w\" sizes=\"(max-width: 768px) 100vw, 768px\" \/><\/a>\n\t\t\t<\/div><\/figure><figure class='gallery-item'>\n\t\t\t<div class='gallery-icon landscape'>\n\t\t\t\t<a data-elementor-open-lightbox=\"yes\" data-elementor-lightbox-slideshow=\"0eb0913\" data-elementor-lightbox-title=\"ostern 2023 instituto aleman puerto montt 12_5\" data-e-action-hash=\"#elementor-action%3Aaction%3Dlightbox%26settings%3DeyJpZCI6MTg3MDUsInVybCI6Imh0dHBzOlwvXC9pYWxlbWFuLmNsXC93cC1jb250ZW50XC91cGxvYWRzXC8yMDIzXC8wNFwvb3N0ZXJuLTIwMjMtaW5zdGl0dXRvLWFsZW1hbi1wdWVydG8tbW9udHQtMTJfNS5qcGciLCJzbGlkZXNob3ciOiIwZWIwOTEzIn0%3D\" href='https:\/\/ialeman.cl\/wp-content\/uploads\/2023\/04\/ostern-2023-instituto-aleman-puerto-montt-12_5.jpg'><img loading=\"lazy\" decoding=\"async\" width=\"768\" height=\"513\" src=\"https:\/\/ialeman.cl\/wp-content\/uploads\/2023\/04\/ostern-2023-instituto-aleman-puerto-montt-12_5-768x513.jpg\" class=\"attachment-medium_large size-medium_large\" alt=\"\" srcset=\"https:\/\/ialeman.cl\/wp-content\/uploads\/2023\/04\/ostern-2023-instituto-aleman-puerto-montt-12_5-768x513.jpg 768w, https:\/\/ialeman.cl\/wp-content\/uploads\/2023\/04\/ostern-2023-instituto-aleman-puerto-montt-12_5-300x200.jpg 300w, https:\/\/ialeman.cl\/wp-content\/uploads\/2023\/04\/ostern-2023-instituto-aleman-puerto-montt-12_5-1024x684.jpg 1024w, https:\/\/ialeman.cl\/wp-content\/uploads\/2023\/04\/ostern-2023-instituto-aleman-puerto-montt-12_5.jpg 1200w\" sizes=\"(max-width: 768px) 100vw, 768px\" \/><\/a>\n\t\t\t<\/div><\/figure><figure class='gallery-item'>\n\t\t\t<div class='gallery-icon landscape'>\n\t\t\t\t<a data-elementor-open-lightbox=\"yes\" data-elementor-lightbox-slideshow=\"0eb0913\" data-elementor-lightbox-title=\"ostern 2023 instituto aleman puerto montt 12_6\" data-e-action-hash=\"#elementor-action%3Aaction%3Dlightbox%26settings%3DeyJpZCI6MTg3MDYsInVybCI6Imh0dHBzOlwvXC9pYWxlbWFuLmNsXC93cC1jb250ZW50XC91cGxvYWRzXC8yMDIzXC8wNFwvb3N0ZXJuLTIwMjMtaW5zdGl0dXRvLWFsZW1hbi1wdWVydG8tbW9udHQtMTJfNi5qcGciLCJzbGlkZXNob3ciOiIwZWIwOTEzIn0%3D\" href='https:\/\/ialeman.cl\/wp-content\/uploads\/2023\/04\/ostern-2023-instituto-aleman-puerto-montt-12_6.jpg'><img loading=\"lazy\" decoding=\"async\" width=\"768\" height=\"513\" src=\"https:\/\/ialeman.cl\/wp-content\/uploads\/2023\/04\/ostern-2023-instituto-aleman-puerto-montt-12_6-768x513.jpg\" class=\"attachment-medium_large size-medium_large\" alt=\"\" srcset=\"https:\/\/ialeman.cl\/wp-content\/uploads\/2023\/04\/ostern-2023-instituto-aleman-puerto-montt-12_6-768x513.jpg 768w, https:\/\/ialeman.cl\/wp-content\/uploads\/2023\/04\/ostern-2023-instituto-aleman-puerto-montt-12_6-300x200.jpg 300w, https:\/\/ialeman.cl\/wp-content\/uploads\/2023\/04\/ostern-2023-instituto-aleman-puerto-montt-12_6-1024x684.jpg 1024w, https:\/\/ialeman.cl\/wp-content\/uploads\/2023\/04\/ostern-2023-instituto-aleman-puerto-montt-12_6.jpg 1200w\" sizes=\"(max-width: 768px) 100vw, 768px\" \/><\/a>\n\t\t\t<\/div><\/figure><figure class='gallery-item'>\n\t\t\t<div class='gallery-icon landscape'>\n\t\t\t\t<a data-elementor-open-lightbox=\"yes\" data-elementor-lightbox-slideshow=\"0eb0913\" data-elementor-lightbox-title=\"ostern 2023 instituto aleman puerto montt 12_7\" data-e-action-hash=\"#elementor-action%3Aaction%3Dlightbox%26settings%3DeyJpZCI6MTg3MDcsInVybCI6Imh0dHBzOlwvXC9pYWxlbWFuLmNsXC93cC1jb250ZW50XC91cGxvYWRzXC8yMDIzXC8wNFwvb3N0ZXJuLTIwMjMtaW5zdGl0dXRvLWFsZW1hbi1wdWVydG8tbW9udHQtMTJfNy5qcGciLCJzbGlkZXNob3ciOiIwZWIwOTEzIn0%3D\" href='https:\/\/ialeman.cl\/wp-content\/uploads\/2023\/04\/ostern-2023-instituto-aleman-puerto-montt-12_7.jpg'><img loading=\"lazy\" decoding=\"async\" width=\"768\" height=\"513\" src=\"https:\/\/ialeman.cl\/wp-content\/uploads\/2023\/04\/ostern-2023-instituto-aleman-puerto-montt-12_7-768x513.jpg\" class=\"attachment-medium_large size-medium_large\" alt=\"\" srcset=\"https:\/\/ialeman.cl\/wp-content\/uploads\/2023\/04\/ostern-2023-instituto-aleman-puerto-montt-12_7-768x513.jpg 768w, https:\/\/ialeman.cl\/wp-content\/uploads\/2023\/04\/ostern-2023-instituto-aleman-puerto-montt-12_7-300x200.jpg 300w, https:\/\/ialeman.cl\/wp-content\/uploads\/2023\/04\/ostern-2023-instituto-aleman-puerto-montt-12_7-1024x684.jpg 1024w, https:\/\/ialeman.cl\/wp-content\/uploads\/2023\/04\/ostern-2023-instituto-aleman-puerto-montt-12_7.jpg 1200w\" sizes=\"(max-width: 768px) 100vw, 768px\" \/><\/a>\n\t\t\t<\/div><\/figure><figure class='gallery-item'>\n\t\t\t<div class='gallery-icon landscape'>\n\t\t\t\t<a data-elementor-open-lightbox=\"yes\" data-elementor-lightbox-slideshow=\"0eb0913\" data-elementor-lightbox-title=\"ostern 2023 instituto aleman puerto montt 12_8\" data-e-action-hash=\"#elementor-action%3Aaction%3Dlightbox%26settings%3DeyJpZCI6MTg3MDgsInVybCI6Imh0dHBzOlwvXC9pYWxlbWFuLmNsXC93cC1jb250ZW50XC91cGxvYWRzXC8yMDIzXC8wNFwvb3N0ZXJuLTIwMjMtaW5zdGl0dXRvLWFsZW1hbi1wdWVydG8tbW9udHQtMTJfOC5qcGciLCJzbGlkZXNob3ciOiIwZWIwOTEzIn0%3D\" href='https:\/\/ialeman.cl\/wp-content\/uploads\/2023\/04\/ostern-2023-instituto-aleman-puerto-montt-12_8.jpg'><img loading=\"lazy\" decoding=\"async\" width=\"768\" height=\"513\" src=\"https:\/\/ialeman.cl\/wp-content\/uploads\/2023\/04\/ostern-2023-instituto-aleman-puerto-montt-12_8-768x513.jpg\" class=\"attachment-medium_large size-medium_large\" alt=\"\" srcset=\"https:\/\/ialeman.cl\/wp-content\/uploads\/2023\/04\/ostern-2023-instituto-aleman-puerto-montt-12_8-768x513.jpg 768w, https:\/\/ialeman.cl\/wp-content\/uploads\/2023\/04\/ostern-2023-instituto-aleman-puerto-montt-12_8-300x200.jpg 300w, https:\/\/ialeman.cl\/wp-content\/uploads\/2023\/04\/ostern-2023-instituto-aleman-puerto-montt-12_8-1024x684.jpg 1024w, https:\/\/ialeman.cl\/wp-content\/uploads\/2023\/04\/ostern-2023-instituto-aleman-puerto-montt-12_8.jpg 1200w\" sizes=\"(max-width: 768px) 100vw, 768px\" \/><\/a>\n\t\t\t<\/div><\/figure><figure class='gallery-item'>\n\t\t\t<div class='gallery-icon landscape'>\n\t\t\t\t<a data-elementor-open-lightbox=\"yes\" data-elementor-lightbox-slideshow=\"0eb0913\" data-elementor-lightbox-title=\"ostern 2023 instituto aleman puerto montt 12_9\" data-e-action-hash=\"#elementor-action%3Aaction%3Dlightbox%26settings%3DeyJpZCI6MTg3MTUsInVybCI6Imh0dHBzOlwvXC9pYWxlbWFuLmNsXC93cC1jb250ZW50XC91cGxvYWRzXC8yMDIzXC8wNFwvb3N0ZXJuLTIwMjMtaW5zdGl0dXRvLWFsZW1hbi1wdWVydG8tbW9udHQtMTJfOS5qcGciLCJzbGlkZXNob3ciOiIwZWIwOTEzIn0%3D\" href='https:\/\/ialeman.cl\/wp-content\/uploads\/2023\/04\/ostern-2023-instituto-aleman-puerto-montt-12_9.jpg'><img loading=\"lazy\" decoding=\"async\" width=\"768\" height=\"513\" src=\"https:\/\/ialeman.cl\/wp-content\/uploads\/2023\/04\/ostern-2023-instituto-aleman-puerto-montt-12_9-768x513.jpg\" class=\"attachment-medium_large size-medium_large\" alt=\"\" srcset=\"https:\/\/ialeman.cl\/wp-content\/uploads\/2023\/04\/ostern-2023-instituto-aleman-puerto-montt-12_9-768x513.jpg 768w, https:\/\/ialeman.cl\/wp-content\/uploads\/2023\/04\/ostern-2023-instituto-aleman-puerto-montt-12_9-300x200.jpg 300w, https:\/\/ialeman.cl\/wp-content\/uploads\/2023\/04\/ostern-2023-instituto-aleman-puerto-montt-12_9-1024x684.jpg 1024w, https:\/\/ialeman.cl\/wp-content\/uploads\/2023\/04\/ostern-2023-instituto-aleman-puerto-montt-12_9.jpg 1200w\" sizes=\"(max-width: 768px) 100vw, 768px\" \/><\/a>\n\t\t\t<\/div><\/figure><figure class='gallery-item'>\n\t\t\t<div class='gallery-icon landscape'>\n\t\t\t\t<a data-elementor-open-lightbox=\"yes\" data-elementor-lightbox-slideshow=\"0eb0913\" data-elementor-lightbox-title=\"ostern 2023 instituto aleman puerto montt 13\" data-e-action-hash=\"#elementor-action%3Aaction%3Dlightbox%26settings%3DeyJpZCI6MTg3MTYsInVybCI6Imh0dHBzOlwvXC9pYWxlbWFuLmNsXC93cC1jb250ZW50XC91cGxvYWRzXC8yMDIzXC8wNFwvb3N0ZXJuLTIwMjMtaW5zdGl0dXRvLWFsZW1hbi1wdWVydG8tbW9udHQtMTMuanBnIiwic2xpZGVzaG93IjoiMGViMDkxMyJ9\" href='https:\/\/ialeman.cl\/wp-content\/uploads\/2023\/04\/ostern-2023-instituto-aleman-puerto-montt-13.jpg'><img loading=\"lazy\" decoding=\"async\" width=\"768\" height=\"513\" src=\"https:\/\/ialeman.cl\/wp-content\/uploads\/2023\/04\/ostern-2023-instituto-aleman-puerto-montt-13-768x513.jpg\" class=\"attachment-medium_large size-medium_large\" alt=\"\" srcset=\"https:\/\/ialeman.cl\/wp-content\/uploads\/2023\/04\/ostern-2023-instituto-aleman-puerto-montt-13-768x513.jpg 768w, https:\/\/ialeman.cl\/wp-content\/uploads\/2023\/04\/ostern-2023-instituto-aleman-puerto-montt-13-300x200.jpg 300w, https:\/\/ialeman.cl\/wp-content\/uploads\/2023\/04\/ostern-2023-instituto-aleman-puerto-montt-13-1024x684.jpg 1024w, https:\/\/ialeman.cl\/wp-content\/uploads\/2023\/04\/ostern-2023-instituto-aleman-puerto-montt-13.jpg 1200w\" sizes=\"(max-width: 768px) 100vw, 768px\" \/><\/a>\n\t\t\t<\/div><\/figure><figure class='gallery-item'>\n\t\t\t<div class='gallery-icon landscape'>\n\t\t\t\t<a data-elementor-open-lightbox=\"yes\" data-elementor-lightbox-slideshow=\"0eb0913\" data-elementor-lightbox-title=\"ostern 2023 instituto aleman puerto montt 13_1\" data-e-action-hash=\"#elementor-action%3Aaction%3Dlightbox%26settings%3DeyJpZCI6MTg3MTcsInVybCI6Imh0dHBzOlwvXC9pYWxlbWFuLmNsXC93cC1jb250ZW50XC91cGxvYWRzXC8yMDIzXC8wNFwvb3N0ZXJuLTIwMjMtaW5zdGl0dXRvLWFsZW1hbi1wdWVydG8tbW9udHQtMTNfMS5qcGciLCJzbGlkZXNob3ciOiIwZWIwOTEzIn0%3D\" href='https:\/\/ialeman.cl\/wp-content\/uploads\/2023\/04\/ostern-2023-instituto-aleman-puerto-montt-13_1.jpg'><img loading=\"lazy\" decoding=\"async\" width=\"768\" height=\"513\" src=\"https:\/\/ialeman.cl\/wp-content\/uploads\/2023\/04\/ostern-2023-instituto-aleman-puerto-montt-13_1-768x513.jpg\" class=\"attachment-medium_large size-medium_large\" alt=\"\" srcset=\"https:\/\/ialeman.cl\/wp-content\/uploads\/2023\/04\/ostern-2023-instituto-aleman-puerto-montt-13_1-768x513.jpg 768w, https:\/\/ialeman.cl\/wp-content\/uploads\/2023\/04\/ostern-2023-instituto-aleman-puerto-montt-13_1-300x200.jpg 300w, https:\/\/ialeman.cl\/wp-content\/uploads\/2023\/04\/ostern-2023-instituto-aleman-puerto-montt-13_1-1024x684.jpg 1024w, https:\/\/ialeman.cl\/wp-content\/uploads\/2023\/04\/ostern-2023-instituto-aleman-puerto-montt-13_1.jpg 1200w\" sizes=\"(max-width: 768px) 100vw, 768px\" \/><\/a>\n\t\t\t<\/div><\/figure><figure class='gallery-item'>\n\t\t\t<div class='gallery-icon landscape'>\n\t\t\t\t<a data-elementor-open-lightbox=\"yes\" data-elementor-lightbox-slideshow=\"0eb0913\" data-elementor-lightbox-title=\"ostern 2023 instituto aleman puerto montt 13_2\" data-e-action-hash=\"#elementor-action%3Aaction%3Dlightbox%26settings%3DeyJpZCI6MTg3MTgsInVybCI6Imh0dHBzOlwvXC9pYWxlbWFuLmNsXC93cC1jb250ZW50XC91cGxvYWRzXC8yMDIzXC8wNFwvb3N0ZXJuLTIwMjMtaW5zdGl0dXRvLWFsZW1hbi1wdWVydG8tbW9udHQtMTNfMi5qcGciLCJzbGlkZXNob3ciOiIwZWIwOTEzIn0%3D\" href='https:\/\/ialeman.cl\/wp-content\/uploads\/2023\/04\/ostern-2023-instituto-aleman-puerto-montt-13_2.jpg'><img loading=\"lazy\" decoding=\"async\" width=\"768\" height=\"513\" src=\"https:\/\/ialeman.cl\/wp-content\/uploads\/2023\/04\/ostern-2023-instituto-aleman-puerto-montt-13_2-768x513.jpg\" class=\"attachment-medium_large size-medium_large\" alt=\"\" srcset=\"https:\/\/ialeman.cl\/wp-content\/uploads\/2023\/04\/ostern-2023-instituto-aleman-puerto-montt-13_2-768x513.jpg 768w, https:\/\/ialeman.cl\/wp-content\/uploads\/2023\/04\/ostern-2023-instituto-aleman-puerto-montt-13_2-300x200.jpg 300w, https:\/\/ialeman.cl\/wp-content\/uploads\/2023\/04\/ostern-2023-instituto-aleman-puerto-montt-13_2-1024x684.jpg 1024w, https:\/\/ialeman.cl\/wp-content\/uploads\/2023\/04\/ostern-2023-instituto-aleman-puerto-montt-13_2.jpg 1200w\" sizes=\"(max-width: 768px) 100vw, 768px\" \/><\/a>\n\t\t\t<\/div><\/figure><figure class='gallery-item'>\n\t\t\t<div class='gallery-icon landscape'>\n\t\t\t\t<a data-elementor-open-lightbox=\"yes\" data-elementor-lightbox-slideshow=\"0eb0913\" data-elementor-lightbox-title=\"ostern 2023 instituto aleman puerto montt 13_3\" data-e-action-hash=\"#elementor-action%3Aaction%3Dlightbox%26settings%3DeyJpZCI6MTg3MTksInVybCI6Imh0dHBzOlwvXC9pYWxlbWFuLmNsXC93cC1jb250ZW50XC91cGxvYWRzXC8yMDIzXC8wNFwvb3N0ZXJuLTIwMjMtaW5zdGl0dXRvLWFsZW1hbi1wdWVydG8tbW9udHQtMTNfMy5qcGciLCJzbGlkZXNob3ciOiIwZWIwOTEzIn0%3D\" href='https:\/\/ialeman.cl\/wp-content\/uploads\/2023\/04\/ostern-2023-instituto-aleman-puerto-montt-13_3.jpg'><img loading=\"lazy\" decoding=\"async\" width=\"768\" height=\"513\" src=\"https:\/\/ialeman.cl\/wp-content\/uploads\/2023\/04\/ostern-2023-instituto-aleman-puerto-montt-13_3-768x513.jpg\" class=\"attachment-medium_large size-medium_large\" alt=\"\" srcset=\"https:\/\/ialeman.cl\/wp-content\/uploads\/2023\/04\/ostern-2023-instituto-aleman-puerto-montt-13_3-768x513.jpg 768w, https:\/\/ialeman.cl\/wp-content\/uploads\/2023\/04\/ostern-2023-instituto-aleman-puerto-montt-13_3-300x200.jpg 300w, https:\/\/ialeman.cl\/wp-content\/uploads\/2023\/04\/ostern-2023-instituto-aleman-puerto-montt-13_3-1024x684.jpg 1024w, https:\/\/ialeman.cl\/wp-content\/uploads\/2023\/04\/ostern-2023-instituto-aleman-puerto-montt-13_3.jpg 1200w\" sizes=\"(max-width: 768px) 100vw, 768px\" \/><\/a>\n\t\t\t<\/div><\/figure><figure class='gallery-item'>\n\t\t\t<div class='gallery-icon landscape'>\n\t\t\t\t<a data-elementor-open-lightbox=\"yes\" data-elementor-lightbox-slideshow=\"0eb0913\" data-elementor-lightbox-title=\"ostern 2023 instituto aleman puerto montt 13_4\" data-e-action-hash=\"#elementor-action%3Aaction%3Dlightbox%26settings%3DeyJpZCI6MTg3MzAsInVybCI6Imh0dHBzOlwvXC9pYWxlbWFuLmNsXC93cC1jb250ZW50XC91cGxvYWRzXC8yMDIzXC8wNFwvb3N0ZXJuLTIwMjMtaW5zdGl0dXRvLWFsZW1hbi1wdWVydG8tbW9udHQtMTNfNC5qcGciLCJzbGlkZXNob3ciOiIwZWIwOTEzIn0%3D\" href='https:\/\/ialeman.cl\/wp-content\/uploads\/2023\/04\/ostern-2023-instituto-aleman-puerto-montt-13_4.jpg'><img loading=\"lazy\" decoding=\"async\" width=\"768\" height=\"513\" src=\"https:\/\/ialeman.cl\/wp-content\/uploads\/2023\/04\/ostern-2023-instituto-aleman-puerto-montt-13_4-768x513.jpg\" class=\"attachment-medium_large size-medium_large\" alt=\"\" srcset=\"https:\/\/ialeman.cl\/wp-content\/uploads\/2023\/04\/ostern-2023-instituto-aleman-puerto-montt-13_4-768x513.jpg 768w, https:\/\/ialeman.cl\/wp-content\/uploads\/2023\/04\/ostern-2023-instituto-aleman-puerto-montt-13_4-300x200.jpg 300w, https:\/\/ialeman.cl\/wp-content\/uploads\/2023\/04\/ostern-2023-instituto-aleman-puerto-montt-13_4-1024x684.jpg 1024w, https:\/\/ialeman.cl\/wp-content\/uploads\/2023\/04\/ostern-2023-instituto-aleman-puerto-montt-13_4.jpg 1200w\" sizes=\"(max-width: 768px) 100vw, 768px\" \/><\/a>\n\t\t\t<\/div><\/figure><figure class='gallery-item'>\n\t\t\t<div class='gallery-icon landscape'>\n\t\t\t\t<a data-elementor-open-lightbox=\"yes\" data-elementor-lightbox-slideshow=\"0eb0913\" data-elementor-lightbox-title=\"ostern 2023 instituto aleman puerto montt 13_5\" data-e-action-hash=\"#elementor-action%3Aaction%3Dlightbox%26settings%3DeyJpZCI6MTg3MzEsInVybCI6Imh0dHBzOlwvXC9pYWxlbWFuLmNsXC93cC1jb250ZW50XC91cGxvYWRzXC8yMDIzXC8wNFwvb3N0ZXJuLTIwMjMtaW5zdGl0dXRvLWFsZW1hbi1wdWVydG8tbW9udHQtMTNfNS5qcGciLCJzbGlkZXNob3ciOiIwZWIwOTEzIn0%3D\" href='https:\/\/ialeman.cl\/wp-content\/uploads\/2023\/04\/ostern-2023-instituto-aleman-puerto-montt-13_5.jpg'><img loading=\"lazy\" decoding=\"async\" width=\"768\" height=\"513\" src=\"https:\/\/ialeman.cl\/wp-content\/uploads\/2023\/04\/ostern-2023-instituto-aleman-puerto-montt-13_5-768x513.jpg\" class=\"attachment-medium_large size-medium_large\" alt=\"\" srcset=\"https:\/\/ialeman.cl\/wp-content\/uploads\/2023\/04\/ostern-2023-instituto-aleman-puerto-montt-13_5-768x513.jpg 768w, https:\/\/ialeman.cl\/wp-content\/uploads\/2023\/04\/ostern-2023-instituto-aleman-puerto-montt-13_5-300x200.jpg 300w, https:\/\/ialeman.cl\/wp-content\/uploads\/2023\/04\/ostern-2023-instituto-aleman-puerto-montt-13_5-1024x684.jpg 1024w, https:\/\/ialeman.cl\/wp-content\/uploads\/2023\/04\/ostern-2023-instituto-aleman-puerto-montt-13_5.jpg 1200w\" sizes=\"(max-width: 768px) 100vw, 768px\" \/><\/a>\n\t\t\t<\/div><\/figure><figure class='gallery-item'>\n\t\t\t<div class='gallery-icon landscape'>\n\t\t\t\t<a data-elementor-open-lightbox=\"yes\" data-elementor-lightbox-slideshow=\"0eb0913\" data-elementor-lightbox-title=\"ostern 2023 instituto aleman puerto montt 13_6\" data-e-action-hash=\"#elementor-action%3Aaction%3Dlightbox%26settings%3DeyJpZCI6MTg3MzIsInVybCI6Imh0dHBzOlwvXC9pYWxlbWFuLmNsXC93cC1jb250ZW50XC91cGxvYWRzXC8yMDIzXC8wNFwvb3N0ZXJuLTIwMjMtaW5zdGl0dXRvLWFsZW1hbi1wdWVydG8tbW9udHQtMTNfNi5qcGciLCJzbGlkZXNob3ciOiIwZWIwOTEzIn0%3D\" href='https:\/\/ialeman.cl\/wp-content\/uploads\/2023\/04\/ostern-2023-instituto-aleman-puerto-montt-13_6.jpg'><img loading=\"lazy\" decoding=\"async\" width=\"768\" height=\"513\" src=\"https:\/\/ialeman.cl\/wp-content\/uploads\/2023\/04\/ostern-2023-instituto-aleman-puerto-montt-13_6-768x513.jpg\" class=\"attachment-medium_large size-medium_large\" alt=\"\" srcset=\"https:\/\/ialeman.cl\/wp-content\/uploads\/2023\/04\/ostern-2023-instituto-aleman-puerto-montt-13_6-768x513.jpg 768w, https:\/\/ialeman.cl\/wp-content\/uploads\/2023\/04\/ostern-2023-instituto-aleman-puerto-montt-13_6-300x200.jpg 300w, https:\/\/ialeman.cl\/wp-content\/uploads\/2023\/04\/ostern-2023-instituto-aleman-puerto-montt-13_6-1024x684.jpg 1024w, https:\/\/ialeman.cl\/wp-content\/uploads\/2023\/04\/ostern-2023-instituto-aleman-puerto-montt-13_6.jpg 1200w\" sizes=\"(max-width: 768px) 100vw, 768px\" \/><\/a>\n\t\t\t<\/div><\/figure><figure class='gallery-item'>\n\t\t\t<div class='gallery-icon landscape'>\n\t\t\t\t<a data-elementor-open-lightbox=\"yes\" data-elementor-lightbox-slideshow=\"0eb0913\" data-elementor-lightbox-title=\"ostern 2023 instituto aleman puerto montt 13_7\" data-e-action-hash=\"#elementor-action%3Aaction%3Dlightbox%26settings%3DeyJpZCI6MTg3MzMsInVybCI6Imh0dHBzOlwvXC9pYWxlbWFuLmNsXC93cC1jb250ZW50XC91cGxvYWRzXC8yMDIzXC8wNFwvb3N0ZXJuLTIwMjMtaW5zdGl0dXRvLWFsZW1hbi1wdWVydG8tbW9udHQtMTNfNy5qcGciLCJzbGlkZXNob3ciOiIwZWIwOTEzIn0%3D\" href='https:\/\/ialeman.cl\/wp-content\/uploads\/2023\/04\/ostern-2023-instituto-aleman-puerto-montt-13_7.jpg'><img loading=\"lazy\" decoding=\"async\" width=\"768\" height=\"513\" src=\"https:\/\/ialeman.cl\/wp-content\/uploads\/2023\/04\/ostern-2023-instituto-aleman-puerto-montt-13_7-768x513.jpg\" class=\"attachment-medium_large size-medium_large\" alt=\"\" srcset=\"https:\/\/ialeman.cl\/wp-content\/uploads\/2023\/04\/ostern-2023-instituto-aleman-puerto-montt-13_7-768x513.jpg 768w, https:\/\/ialeman.cl\/wp-content\/uploads\/2023\/04\/ostern-2023-instituto-aleman-puerto-montt-13_7-300x200.jpg 300w, https:\/\/ialeman.cl\/wp-content\/uploads\/2023\/04\/ostern-2023-instituto-aleman-puerto-montt-13_7-1024x684.jpg 1024w, https:\/\/ialeman.cl\/wp-content\/uploads\/2023\/04\/ostern-2023-instituto-aleman-puerto-montt-13_7.jpg 1200w\" sizes=\"(max-width: 768px) 100vw, 768px\" \/><\/a>\n\t\t\t<\/div><\/figure><figure class='gallery-item'>\n\t\t\t<div class='gallery-icon landscape'>\n\t\t\t\t<a data-elementor-open-lightbox=\"yes\" data-elementor-lightbox-slideshow=\"0eb0913\" data-elementor-lightbox-title=\"ostern 2023 instituto aleman puerto montt 13_8\" data-e-action-hash=\"#elementor-action%3Aaction%3Dlightbox%26settings%3DeyJpZCI6MTg3MzQsInVybCI6Imh0dHBzOlwvXC9pYWxlbWFuLmNsXC93cC1jb250ZW50XC91cGxvYWRzXC8yMDIzXC8wNFwvb3N0ZXJuLTIwMjMtaW5zdGl0dXRvLWFsZW1hbi1wdWVydG8tbW9udHQtMTNfOC5qcGciLCJzbGlkZXNob3ciOiIwZWIwOTEzIn0%3D\" href='https:\/\/ialeman.cl\/wp-content\/uploads\/2023\/04\/ostern-2023-instituto-aleman-puerto-montt-13_8.jpg'><img loading=\"lazy\" decoding=\"async\" width=\"768\" height=\"513\" src=\"https:\/\/ialeman.cl\/wp-content\/uploads\/2023\/04\/ostern-2023-instituto-aleman-puerto-montt-13_8-768x513.jpg\" class=\"attachment-medium_large size-medium_large\" alt=\"\" srcset=\"https:\/\/ialeman.cl\/wp-content\/uploads\/2023\/04\/ostern-2023-instituto-aleman-puerto-montt-13_8-768x513.jpg 768w, https:\/\/ialeman.cl\/wp-content\/uploads\/2023\/04\/ostern-2023-instituto-aleman-puerto-montt-13_8-300x200.jpg 300w, https:\/\/ialeman.cl\/wp-content\/uploads\/2023\/04\/ostern-2023-instituto-aleman-puerto-montt-13_8-1024x684.jpg 1024w, https:\/\/ialeman.cl\/wp-content\/uploads\/2023\/04\/ostern-2023-instituto-aleman-puerto-montt-13_8.jpg 1200w\" sizes=\"(max-width: 768px) 100vw, 768px\" \/><\/a>\n\t\t\t<\/div><\/figure><figure class='gallery-item'>\n\t\t\t<div class='gallery-icon landscape'>\n\t\t\t\t<a data-elementor-open-lightbox=\"yes\" data-elementor-lightbox-slideshow=\"0eb0913\" data-elementor-lightbox-title=\"ostern 2023 instituto aleman puerto montt 13_9\" data-e-action-hash=\"#elementor-action%3Aaction%3Dlightbox%26settings%3DeyJpZCI6MTg3MzUsInVybCI6Imh0dHBzOlwvXC9pYWxlbWFuLmNsXC93cC1jb250ZW50XC91cGxvYWRzXC8yMDIzXC8wNFwvb3N0ZXJuLTIwMjMtaW5zdGl0dXRvLWFsZW1hbi1wdWVydG8tbW9udHQtMTNfOS5qcGciLCJzbGlkZXNob3ciOiIwZWIwOTEzIn0%3D\" href='https:\/\/ialeman.cl\/wp-content\/uploads\/2023\/04\/ostern-2023-instituto-aleman-puerto-montt-13_9.jpg'><img loading=\"lazy\" decoding=\"async\" width=\"768\" height=\"513\" src=\"https:\/\/ialeman.cl\/wp-content\/uploads\/2023\/04\/ostern-2023-instituto-aleman-puerto-montt-13_9-768x513.jpg\" class=\"attachment-medium_large size-medium_large\" alt=\"\" srcset=\"https:\/\/ialeman.cl\/wp-content\/uploads\/2023\/04\/ostern-2023-instituto-aleman-puerto-montt-13_9-768x513.jpg 768w, https:\/\/ialeman.cl\/wp-content\/uploads\/2023\/04\/ostern-2023-instituto-aleman-puerto-montt-13_9-300x200.jpg 300w, https:\/\/ialeman.cl\/wp-content\/uploads\/2023\/04\/ostern-2023-instituto-aleman-puerto-montt-13_9-1024x684.jpg 1024w, https:\/\/ialeman.cl\/wp-content\/uploads\/2023\/04\/ostern-2023-instituto-aleman-puerto-montt-13_9.jpg 1200w\" sizes=\"(max-width: 768px) 100vw, 768px\" \/><\/a>\n\t\t\t<\/div><\/figure><figure class='gallery-item'>\n\t\t\t<div class='gallery-icon landscape'>\n\t\t\t\t<a data-elementor-open-lightbox=\"yes\" data-elementor-lightbox-slideshow=\"0eb0913\" data-elementor-lightbox-title=\"ostern 2023 instituto aleman puerto montt 15_5\" data-e-action-hash=\"#elementor-action%3Aaction%3Dlightbox%26settings%3DeyJpZCI6MTg4MzIsInVybCI6Imh0dHBzOlwvXC9pYWxlbWFuLmNsXC93cC1jb250ZW50XC91cGxvYWRzXC8yMDIzXC8wNFwvb3N0ZXJuLTIwMjMtaW5zdGl0dXRvLWFsZW1hbi1wdWVydG8tbW9udHQtMTVfNS0xLmpwZyIsInNsaWRlc2hvdyI6IjBlYjA5MTMifQ%3D%3D\" href='https:\/\/ialeman.cl\/wp-content\/uploads\/2023\/04\/ostern-2023-instituto-aleman-puerto-montt-15_5-1.jpg'><img loading=\"lazy\" decoding=\"async\" width=\"768\" height=\"513\" src=\"https:\/\/ialeman.cl\/wp-content\/uploads\/2023\/04\/ostern-2023-instituto-aleman-puerto-montt-15_5-1-768x513.jpg\" class=\"attachment-medium_large size-medium_large\" alt=\"\" srcset=\"https:\/\/ialeman.cl\/wp-content\/uploads\/2023\/04\/ostern-2023-instituto-aleman-puerto-montt-15_5-1-768x513.jpg 768w, https:\/\/ialeman.cl\/wp-content\/uploads\/2023\/04\/ostern-2023-instituto-aleman-puerto-montt-15_5-1-300x200.jpg 300w, https:\/\/ialeman.cl\/wp-content\/uploads\/2023\/04\/ostern-2023-instituto-aleman-puerto-montt-15_5-1-1024x684.jpg 1024w, https:\/\/ialeman.cl\/wp-content\/uploads\/2023\/04\/ostern-2023-instituto-aleman-puerto-montt-15_5-1.jpg 1200w\" sizes=\"(max-width: 768px) 100vw, 768px\" \/><\/a>\n\t\t\t<\/div><\/figure><figure class='gallery-item'>\n\t\t\t<div class='gallery-icon landscape'>\n\t\t\t\t<a data-elementor-open-lightbox=\"yes\" data-elementor-lightbox-slideshow=\"0eb0913\" data-elementor-lightbox-title=\"ostern 2023 instituto aleman puerto montt 14\" data-e-action-hash=\"#elementor-action%3Aaction%3Dlightbox%26settings%3DeyJpZCI6MTg3MzYsInVybCI6Imh0dHBzOlwvXC9pYWxlbWFuLmNsXC93cC1jb250ZW50XC91cGxvYWRzXC8yMDIzXC8wNFwvb3N0ZXJuLTIwMjMtaW5zdGl0dXRvLWFsZW1hbi1wdWVydG8tbW9udHQtMTQuanBnIiwic2xpZGVzaG93IjoiMGViMDkxMyJ9\" href='https:\/\/ialeman.cl\/wp-content\/uploads\/2023\/04\/ostern-2023-instituto-aleman-puerto-montt-14.jpg'><img loading=\"lazy\" decoding=\"async\" width=\"768\" height=\"513\" src=\"https:\/\/ialeman.cl\/wp-content\/uploads\/2023\/04\/ostern-2023-instituto-aleman-puerto-montt-14-768x513.jpg\" class=\"attachment-medium_large size-medium_large\" alt=\"\" srcset=\"https:\/\/ialeman.cl\/wp-content\/uploads\/2023\/04\/ostern-2023-instituto-aleman-puerto-montt-14-768x513.jpg 768w, https:\/\/ialeman.cl\/wp-content\/uploads\/2023\/04\/ostern-2023-instituto-aleman-puerto-montt-14-300x200.jpg 300w, https:\/\/ialeman.cl\/wp-content\/uploads\/2023\/04\/ostern-2023-instituto-aleman-puerto-montt-14-1024x684.jpg 1024w, https:\/\/ialeman.cl\/wp-content\/uploads\/2023\/04\/ostern-2023-instituto-aleman-puerto-montt-14.jpg 1200w\" sizes=\"(max-width: 768px) 100vw, 768px\" \/><\/a>\n\t\t\t<\/div><\/figure><figure class='gallery-item'>\n\t\t\t<div class='gallery-icon landscape'>\n\t\t\t\t<a data-elementor-open-lightbox=\"yes\" data-elementor-lightbox-slideshow=\"0eb0913\" data-elementor-lightbox-title=\"ostern 2023 instituto aleman puerto montt 14_1\" data-e-action-hash=\"#elementor-action%3Aaction%3Dlightbox%26settings%3DeyJpZCI6MTg3MzcsInVybCI6Imh0dHBzOlwvXC9pYWxlbWFuLmNsXC93cC1jb250ZW50XC91cGxvYWRzXC8yMDIzXC8wNFwvb3N0ZXJuLTIwMjMtaW5zdGl0dXRvLWFsZW1hbi1wdWVydG8tbW9udHQtMTRfMS5qcGciLCJzbGlkZXNob3ciOiIwZWIwOTEzIn0%3D\" href='https:\/\/ialeman.cl\/wp-content\/uploads\/2023\/04\/ostern-2023-instituto-aleman-puerto-montt-14_1.jpg'><img loading=\"lazy\" decoding=\"async\" width=\"768\" height=\"513\" src=\"https:\/\/ialeman.cl\/wp-content\/uploads\/2023\/04\/ostern-2023-instituto-aleman-puerto-montt-14_1-768x513.jpg\" class=\"attachment-medium_large size-medium_large\" alt=\"\" srcset=\"https:\/\/ialeman.cl\/wp-content\/uploads\/2023\/04\/ostern-2023-instituto-aleman-puerto-montt-14_1-768x513.jpg 768w, https:\/\/ialeman.cl\/wp-content\/uploads\/2023\/04\/ostern-2023-instituto-aleman-puerto-montt-14_1-300x200.jpg 300w, https:\/\/ialeman.cl\/wp-content\/uploads\/2023\/04\/ostern-2023-instituto-aleman-puerto-montt-14_1-1024x684.jpg 1024w, https:\/\/ialeman.cl\/wp-content\/uploads\/2023\/04\/ostern-2023-instituto-aleman-puerto-montt-14_1.jpg 1200w\" sizes=\"(max-width: 768px) 100vw, 768px\" \/><\/a>\n\t\t\t<\/div><\/figure><figure class='gallery-item'>\n\t\t\t<div class='gallery-icon landscape'>\n\t\t\t\t<a data-elementor-open-lightbox=\"yes\" data-elementor-lightbox-slideshow=\"0eb0913\" data-elementor-lightbox-title=\"ostern 2023 instituto aleman puerto montt 16\" data-e-action-hash=\"#elementor-action%3Aaction%3Dlightbox%26settings%3DeyJpZCI6MTg4MjgsInVybCI6Imh0dHBzOlwvXC9pYWxlbWFuLmNsXC93cC1jb250ZW50XC91cGxvYWRzXC8yMDIzXC8wNFwvb3N0ZXJuLTIwMjMtaW5zdGl0dXRvLWFsZW1hbi1wdWVydG8tbW9udHQtMTYuanBnIiwic2xpZGVzaG93IjoiMGViMDkxMyJ9\" href='https:\/\/ialeman.cl\/wp-content\/uploads\/2023\/04\/ostern-2023-instituto-aleman-puerto-montt-16.jpg'><img loading=\"lazy\" decoding=\"async\" width=\"768\" height=\"513\" src=\"https:\/\/ialeman.cl\/wp-content\/uploads\/2023\/04\/ostern-2023-instituto-aleman-puerto-montt-16-768x513.jpg\" class=\"attachment-medium_large size-medium_large\" alt=\"\" srcset=\"https:\/\/ialeman.cl\/wp-content\/uploads\/2023\/04\/ostern-2023-instituto-aleman-puerto-montt-16-768x513.jpg 768w, https:\/\/ialeman.cl\/wp-content\/uploads\/2023\/04\/ostern-2023-instituto-aleman-puerto-montt-16-300x200.jpg 300w, https:\/\/ialeman.cl\/wp-content\/uploads\/2023\/04\/ostern-2023-instituto-aleman-puerto-montt-16-1024x684.jpg 1024w, https:\/\/ialeman.cl\/wp-content\/uploads\/2023\/04\/ostern-2023-instituto-aleman-puerto-montt-16.jpg 1200w\" sizes=\"(max-width: 768px) 100vw, 768px\" \/><\/a>\n\t\t\t<\/div><\/figure><figure class='gallery-item'>\n\t\t\t<div class='gallery-icon landscape'>\n\t\t\t\t<a data-elementor-open-lightbox=\"yes\" data-elementor-lightbox-slideshow=\"0eb0913\" data-elementor-lightbox-title=\"ostern 2023 instituto aleman puerto montt 14_2\" data-e-action-hash=\"#elementor-action%3Aaction%3Dlightbox%26settings%3DeyJpZCI6MTg3MzgsInVybCI6Imh0dHBzOlwvXC9pYWxlbWFuLmNsXC93cC1jb250ZW50XC91cGxvYWRzXC8yMDIzXC8wNFwvb3N0ZXJuLTIwMjMtaW5zdGl0dXRvLWFsZW1hbi1wdWVydG8tbW9udHQtMTRfMi5qcGciLCJzbGlkZXNob3ciOiIwZWIwOTEzIn0%3D\" href='https:\/\/ialeman.cl\/wp-content\/uploads\/2023\/04\/ostern-2023-instituto-aleman-puerto-montt-14_2.jpg'><img loading=\"lazy\" decoding=\"async\" width=\"768\" height=\"513\" src=\"https:\/\/ialeman.cl\/wp-content\/uploads\/2023\/04\/ostern-2023-instituto-aleman-puerto-montt-14_2-768x513.jpg\" class=\"attachment-medium_large size-medium_large\" alt=\"\" srcset=\"https:\/\/ialeman.cl\/wp-content\/uploads\/2023\/04\/ostern-2023-instituto-aleman-puerto-montt-14_2-768x513.jpg 768w, https:\/\/ialeman.cl\/wp-content\/uploads\/2023\/04\/ostern-2023-instituto-aleman-puerto-montt-14_2-300x200.jpg 300w, https:\/\/ialeman.cl\/wp-content\/uploads\/2023\/04\/ostern-2023-instituto-aleman-puerto-montt-14_2-1024x684.jpg 1024w, https:\/\/ialeman.cl\/wp-content\/uploads\/2023\/04\/ostern-2023-instituto-aleman-puerto-montt-14_2.jpg 1200w\" sizes=\"(max-width: 768px) 100vw, 768px\" \/><\/a>\n\t\t\t<\/div><\/figure><figure class='gallery-item'>\n\t\t\t<div class='gallery-icon landscape'>\n\t\t\t\t<a data-elementor-open-lightbox=\"yes\" data-elementor-lightbox-slideshow=\"0eb0913\" data-elementor-lightbox-title=\"ostern 2023 instituto aleman puerto montt 14_3\" data-e-action-hash=\"#elementor-action%3Aaction%3Dlightbox%26settings%3DeyJpZCI6MTg3MzksInVybCI6Imh0dHBzOlwvXC9pYWxlbWFuLmNsXC93cC1jb250ZW50XC91cGxvYWRzXC8yMDIzXC8wNFwvb3N0ZXJuLTIwMjMtaW5zdGl0dXRvLWFsZW1hbi1wdWVydG8tbW9udHQtMTRfMy5qcGciLCJzbGlkZXNob3ciOiIwZWIwOTEzIn0%3D\" href='https:\/\/ialeman.cl\/wp-content\/uploads\/2023\/04\/ostern-2023-instituto-aleman-puerto-montt-14_3.jpg'><img loading=\"lazy\" decoding=\"async\" width=\"768\" height=\"513\" src=\"https:\/\/ialeman.cl\/wp-content\/uploads\/2023\/04\/ostern-2023-instituto-aleman-puerto-montt-14_3-768x513.jpg\" class=\"attachment-medium_large size-medium_large\" alt=\"\" srcset=\"https:\/\/ialeman.cl\/wp-content\/uploads\/2023\/04\/ostern-2023-instituto-aleman-puerto-montt-14_3-768x513.jpg 768w, https:\/\/ialeman.cl\/wp-content\/uploads\/2023\/04\/ostern-2023-instituto-aleman-puerto-montt-14_3-300x200.jpg 300w, https:\/\/ialeman.cl\/wp-content\/uploads\/2023\/04\/ostern-2023-instituto-aleman-puerto-montt-14_3-1024x684.jpg 1024w, https:\/\/ialeman.cl\/wp-content\/uploads\/2023\/04\/ostern-2023-instituto-aleman-puerto-montt-14_3.jpg 1200w\" sizes=\"(max-width: 768px) 100vw, 768px\" \/><\/a>\n\t\t\t<\/div><\/figure><figure class='gallery-item'>\n\t\t\t<div class='gallery-icon landscape'>\n\t\t\t\t<a data-elementor-open-lightbox=\"yes\" data-elementor-lightbox-slideshow=\"0eb0913\" data-elementor-lightbox-title=\"ostern 2023 instituto aleman puerto montt 14_4\" data-e-action-hash=\"#elementor-action%3Aaction%3Dlightbox%26settings%3DeyJpZCI6MTg3NDAsInVybCI6Imh0dHBzOlwvXC9pYWxlbWFuLmNsXC93cC1jb250ZW50XC91cGxvYWRzXC8yMDIzXC8wNFwvb3N0ZXJuLTIwMjMtaW5zdGl0dXRvLWFsZW1hbi1wdWVydG8tbW9udHQtMTRfNC5qcGciLCJzbGlkZXNob3ciOiIwZWIwOTEzIn0%3D\" href='https:\/\/ialeman.cl\/wp-content\/uploads\/2023\/04\/ostern-2023-instituto-aleman-puerto-montt-14_4.jpg'><img loading=\"lazy\" decoding=\"async\" width=\"768\" height=\"513\" src=\"https:\/\/ialeman.cl\/wp-content\/uploads\/2023\/04\/ostern-2023-instituto-aleman-puerto-montt-14_4-768x513.jpg\" class=\"attachment-medium_large size-medium_large\" alt=\"\" srcset=\"https:\/\/ialeman.cl\/wp-content\/uploads\/2023\/04\/ostern-2023-instituto-aleman-puerto-montt-14_4-768x513.jpg 768w, https:\/\/ialeman.cl\/wp-content\/uploads\/2023\/04\/ostern-2023-instituto-aleman-puerto-montt-14_4-300x200.jpg 300w, https:\/\/ialeman.cl\/wp-content\/uploads\/2023\/04\/ostern-2023-instituto-aleman-puerto-montt-14_4-1024x684.jpg 1024w, https:\/\/ialeman.cl\/wp-content\/uploads\/2023\/04\/ostern-2023-instituto-aleman-puerto-montt-14_4.jpg 1200w\" sizes=\"(max-width: 768px) 100vw, 768px\" \/><\/a>\n\t\t\t<\/div><\/figure><figure class='gallery-item'>\n\t\t\t<div class='gallery-icon landscape'>\n\t\t\t\t<a data-elementor-open-lightbox=\"yes\" data-elementor-lightbox-slideshow=\"0eb0913\" data-elementor-lightbox-title=\"ostern 2023 instituto aleman puerto montt 2_5\" data-e-action-hash=\"#elementor-action%3Aaction%3Dlightbox%26settings%3DeyJpZCI6MTg3NDEsInVybCI6Imh0dHBzOlwvXC9pYWxlbWFuLmNsXC93cC1jb250ZW50XC91cGxvYWRzXC8yMDIzXC8wNFwvb3N0ZXJuLTIwMjMtaW5zdGl0dXRvLWFsZW1hbi1wdWVydG8tbW9udHQtMl81LTEuanBnIiwic2xpZGVzaG93IjoiMGViMDkxMyJ9\" href='https:\/\/ialeman.cl\/wp-content\/uploads\/2023\/04\/ostern-2023-instituto-aleman-puerto-montt-2_5-1.jpg'><img loading=\"lazy\" decoding=\"async\" width=\"768\" height=\"513\" src=\"https:\/\/ialeman.cl\/wp-content\/uploads\/2023\/04\/ostern-2023-instituto-aleman-puerto-montt-2_5-1-768x513.jpg\" class=\"attachment-medium_large size-medium_large\" alt=\"\" srcset=\"https:\/\/ialeman.cl\/wp-content\/uploads\/2023\/04\/ostern-2023-instituto-aleman-puerto-montt-2_5-1-768x513.jpg 768w, https:\/\/ialeman.cl\/wp-content\/uploads\/2023\/04\/ostern-2023-instituto-aleman-puerto-montt-2_5-1-300x200.jpg 300w, https:\/\/ialeman.cl\/wp-content\/uploads\/2023\/04\/ostern-2023-instituto-aleman-puerto-montt-2_5-1-1024x684.jpg 1024w, https:\/\/ialeman.cl\/wp-content\/uploads\/2023\/04\/ostern-2023-instituto-aleman-puerto-montt-2_5-1.jpg 1200w\" sizes=\"(max-width: 768px) 100vw, 768px\" \/><\/a>\n\t\t\t<\/div><\/figure><figure class='gallery-item'>\n\t\t\t<div class='gallery-icon landscape'>\n\t\t\t\t<a data-elementor-open-lightbox=\"yes\" data-elementor-lightbox-slideshow=\"0eb0913\" data-elementor-lightbox-title=\"ostern 2023 instituto aleman puerto montt 17\" data-e-action-hash=\"#elementor-action%3Aaction%3Dlightbox%26settings%3DeyJpZCI6MTg4MjksInVybCI6Imh0dHBzOlwvXC9pYWxlbWFuLmNsXC93cC1jb250ZW50XC91cGxvYWRzXC8yMDIzXC8wNFwvb3N0ZXJuLTIwMjMtaW5zdGl0dXRvLWFsZW1hbi1wdWVydG8tbW9udHQtMTcuanBnIiwic2xpZGVzaG93IjoiMGViMDkxMyJ9\" href='https:\/\/ialeman.cl\/wp-content\/uploads\/2023\/04\/ostern-2023-instituto-aleman-puerto-montt-17.jpg'><img loading=\"lazy\" decoding=\"async\" width=\"768\" height=\"513\" src=\"https:\/\/ialeman.cl\/wp-content\/uploads\/2023\/04\/ostern-2023-instituto-aleman-puerto-montt-17-768x513.jpg\" class=\"attachment-medium_large size-medium_large\" alt=\"\" srcset=\"https:\/\/ialeman.cl\/wp-content\/uploads\/2023\/04\/ostern-2023-instituto-aleman-puerto-montt-17-768x513.jpg 768w, https:\/\/ialeman.cl\/wp-content\/uploads\/2023\/04\/ostern-2023-instituto-aleman-puerto-montt-17-300x200.jpg 300w, https:\/\/ialeman.cl\/wp-content\/uploads\/2023\/04\/ostern-2023-instituto-aleman-puerto-montt-17-1024x684.jpg 1024w, https:\/\/ialeman.cl\/wp-content\/uploads\/2023\/04\/ostern-2023-instituto-aleman-puerto-montt-17.jpg 1200w\" sizes=\"(max-width: 768px) 100vw, 768px\" \/><\/a>\n\t\t\t<\/div><\/figure><figure class='gallery-item'>\n\t\t\t<div class='gallery-icon landscape'>\n\t\t\t\t<a data-elementor-open-lightbox=\"yes\" data-elementor-lightbox-slideshow=\"0eb0913\" data-elementor-lightbox-title=\"ostern 2023 instituto aleman puerto montt 14_5\" data-e-action-hash=\"#elementor-action%3Aaction%3Dlightbox%26settings%3DeyJpZCI6MTg3NDUsInVybCI6Imh0dHBzOlwvXC9pYWxlbWFuLmNsXC93cC1jb250ZW50XC91cGxvYWRzXC8yMDIzXC8wNFwvb3N0ZXJuLTIwMjMtaW5zdGl0dXRvLWFsZW1hbi1wdWVydG8tbW9udHQtMTRfNS5qcGciLCJzbGlkZXNob3ciOiIwZWIwOTEzIn0%3D\" href='https:\/\/ialeman.cl\/wp-content\/uploads\/2023\/04\/ostern-2023-instituto-aleman-puerto-montt-14_5.jpg'><img loading=\"lazy\" decoding=\"async\" width=\"768\" height=\"513\" src=\"https:\/\/ialeman.cl\/wp-content\/uploads\/2023\/04\/ostern-2023-instituto-aleman-puerto-montt-14_5-768x513.jpg\" class=\"attachment-medium_large size-medium_large\" alt=\"\" srcset=\"https:\/\/ialeman.cl\/wp-content\/uploads\/2023\/04\/ostern-2023-instituto-aleman-puerto-montt-14_5-768x513.jpg 768w, https:\/\/ialeman.cl\/wp-content\/uploads\/2023\/04\/ostern-2023-instituto-aleman-puerto-montt-14_5-300x200.jpg 300w, https:\/\/ialeman.cl\/wp-content\/uploads\/2023\/04\/ostern-2023-instituto-aleman-puerto-montt-14_5-1024x684.jpg 1024w, https:\/\/ialeman.cl\/wp-content\/uploads\/2023\/04\/ostern-2023-instituto-aleman-puerto-montt-14_5.jpg 1200w\" sizes=\"(max-width: 768px) 100vw, 768px\" \/><\/a>\n\t\t\t<\/div><\/figure><figure class='gallery-item'>\n\t\t\t<div class='gallery-icon landscape'>\n\t\t\t\t<a data-elementor-open-lightbox=\"yes\" data-elementor-lightbox-slideshow=\"0eb0913\" data-elementor-lightbox-title=\"ostern 2023 instituto aleman puerto montt 14_6\" data-e-action-hash=\"#elementor-action%3Aaction%3Dlightbox%26settings%3DeyJpZCI6MTg3NDYsInVybCI6Imh0dHBzOlwvXC9pYWxlbWFuLmNsXC93cC1jb250ZW50XC91cGxvYWRzXC8yMDIzXC8wNFwvb3N0ZXJuLTIwMjMtaW5zdGl0dXRvLWFsZW1hbi1wdWVydG8tbW9udHQtMTRfNi5qcGciLCJzbGlkZXNob3ciOiIwZWIwOTEzIn0%3D\" href='https:\/\/ialeman.cl\/wp-content\/uploads\/2023\/04\/ostern-2023-instituto-aleman-puerto-montt-14_6.jpg'><img loading=\"lazy\" decoding=\"async\" width=\"768\" height=\"513\" src=\"https:\/\/ialeman.cl\/wp-content\/uploads\/2023\/04\/ostern-2023-instituto-aleman-puerto-montt-14_6-768x513.jpg\" class=\"attachment-medium_large size-medium_large\" alt=\"\" srcset=\"https:\/\/ialeman.cl\/wp-content\/uploads\/2023\/04\/ostern-2023-instituto-aleman-puerto-montt-14_6-768x513.jpg 768w, https:\/\/ialeman.cl\/wp-content\/uploads\/2023\/04\/ostern-2023-instituto-aleman-puerto-montt-14_6-300x200.jpg 300w, https:\/\/ialeman.cl\/wp-content\/uploads\/2023\/04\/ostern-2023-instituto-aleman-puerto-montt-14_6-1024x684.jpg 1024w, https:\/\/ialeman.cl\/wp-content\/uploads\/2023\/04\/ostern-2023-instituto-aleman-puerto-montt-14_6.jpg 1200w\" sizes=\"(max-width: 768px) 100vw, 768px\" \/><\/a>\n\t\t\t<\/div><\/figure><figure class='gallery-item'>\n\t\t\t<div class='gallery-icon landscape'>\n\t\t\t\t<a data-elementor-open-lightbox=\"yes\" data-elementor-lightbox-slideshow=\"0eb0913\" data-elementor-lightbox-title=\"ostern 2023 instituto aleman puerto montt 14_7\" data-e-action-hash=\"#elementor-action%3Aaction%3Dlightbox%26settings%3DeyJpZCI6MTg3NDcsInVybCI6Imh0dHBzOlwvXC9pYWxlbWFuLmNsXC93cC1jb250ZW50XC91cGxvYWRzXC8yMDIzXC8wNFwvb3N0ZXJuLTIwMjMtaW5zdGl0dXRvLWFsZW1hbi1wdWVydG8tbW9udHQtMTRfNy5qcGciLCJzbGlkZXNob3ciOiIwZWIwOTEzIn0%3D\" href='https:\/\/ialeman.cl\/wp-content\/uploads\/2023\/04\/ostern-2023-instituto-aleman-puerto-montt-14_7.jpg'><img loading=\"lazy\" decoding=\"async\" width=\"768\" height=\"513\" src=\"https:\/\/ialeman.cl\/wp-content\/uploads\/2023\/04\/ostern-2023-instituto-aleman-puerto-montt-14_7-768x513.jpg\" class=\"attachment-medium_large size-medium_large\" alt=\"\" srcset=\"https:\/\/ialeman.cl\/wp-content\/uploads\/2023\/04\/ostern-2023-instituto-aleman-puerto-montt-14_7-768x513.jpg 768w, https:\/\/ialeman.cl\/wp-content\/uploads\/2023\/04\/ostern-2023-instituto-aleman-puerto-montt-14_7-300x200.jpg 300w, https:\/\/ialeman.cl\/wp-content\/uploads\/2023\/04\/ostern-2023-instituto-aleman-puerto-montt-14_7-1024x684.jpg 1024w, https:\/\/ialeman.cl\/wp-content\/uploads\/2023\/04\/ostern-2023-instituto-aleman-puerto-montt-14_7.jpg 1200w\" sizes=\"(max-width: 768px) 100vw, 768px\" \/><\/a>\n\t\t\t<\/div><\/figure><figure class='gallery-item'>\n\t\t\t<div class='gallery-icon landscape'>\n\t\t\t\t<a data-elementor-open-lightbox=\"yes\" data-elementor-lightbox-slideshow=\"0eb0913\" data-elementor-lightbox-title=\"ostern 2023 instituto aleman puerto montt 14_8\" data-e-action-hash=\"#elementor-action%3Aaction%3Dlightbox%26settings%3DeyJpZCI6MTg3NDgsInVybCI6Imh0dHBzOlwvXC9pYWxlbWFuLmNsXC93cC1jb250ZW50XC91cGxvYWRzXC8yMDIzXC8wNFwvb3N0ZXJuLTIwMjMtaW5zdGl0dXRvLWFsZW1hbi1wdWVydG8tbW9udHQtMTRfOC5qcGciLCJzbGlkZXNob3ciOiIwZWIwOTEzIn0%3D\" href='https:\/\/ialeman.cl\/wp-content\/uploads\/2023\/04\/ostern-2023-instituto-aleman-puerto-montt-14_8.jpg'><img loading=\"lazy\" decoding=\"async\" width=\"768\" height=\"513\" src=\"https:\/\/ialeman.cl\/wp-content\/uploads\/2023\/04\/ostern-2023-instituto-aleman-puerto-montt-14_8-768x513.jpg\" class=\"attachment-medium_large size-medium_large\" alt=\"\" srcset=\"https:\/\/ialeman.cl\/wp-content\/uploads\/2023\/04\/ostern-2023-instituto-aleman-puerto-montt-14_8-768x513.jpg 768w, https:\/\/ialeman.cl\/wp-content\/uploads\/2023\/04\/ostern-2023-instituto-aleman-puerto-montt-14_8-300x200.jpg 300w, https:\/\/ialeman.cl\/wp-content\/uploads\/2023\/04\/ostern-2023-instituto-aleman-puerto-montt-14_8-1024x684.jpg 1024w, https:\/\/ialeman.cl\/wp-content\/uploads\/2023\/04\/ostern-2023-instituto-aleman-puerto-montt-14_8.jpg 1200w\" sizes=\"(max-width: 768px) 100vw, 768px\" \/><\/a>\n\t\t\t<\/div><\/figure><figure class='gallery-item'>\n\t\t\t<div class='gallery-icon landscape'>\n\t\t\t\t<a data-elementor-open-lightbox=\"yes\" data-elementor-lightbox-slideshow=\"0eb0913\" data-elementor-lightbox-title=\"ostern 2023 instituto aleman puerto montt 14_9\" data-e-action-hash=\"#elementor-action%3Aaction%3Dlightbox%26settings%3DeyJpZCI6MTg3NDksInVybCI6Imh0dHBzOlwvXC9pYWxlbWFuLmNsXC93cC1jb250ZW50XC91cGxvYWRzXC8yMDIzXC8wNFwvb3N0ZXJuLTIwMjMtaW5zdGl0dXRvLWFsZW1hbi1wdWVydG8tbW9udHQtMTRfOS5qcGciLCJzbGlkZXNob3ciOiIwZWIwOTEzIn0%3D\" href='https:\/\/ialeman.cl\/wp-content\/uploads\/2023\/04\/ostern-2023-instituto-aleman-puerto-montt-14_9.jpg'><img loading=\"lazy\" decoding=\"async\" width=\"768\" height=\"513\" src=\"https:\/\/ialeman.cl\/wp-content\/uploads\/2023\/04\/ostern-2023-instituto-aleman-puerto-montt-14_9-768x513.jpg\" class=\"attachment-medium_large size-medium_large\" alt=\"\" srcset=\"https:\/\/ialeman.cl\/wp-content\/uploads\/2023\/04\/ostern-2023-instituto-aleman-puerto-montt-14_9-768x513.jpg 768w, https:\/\/ialeman.cl\/wp-content\/uploads\/2023\/04\/ostern-2023-instituto-aleman-puerto-montt-14_9-300x200.jpg 300w, https:\/\/ialeman.cl\/wp-content\/uploads\/2023\/04\/ostern-2023-instituto-aleman-puerto-montt-14_9-1024x684.jpg 1024w, https:\/\/ialeman.cl\/wp-content\/uploads\/2023\/04\/ostern-2023-instituto-aleman-puerto-montt-14_9.jpg 1200w\" sizes=\"(max-width: 768px) 100vw, 768px\" \/><\/a>\n\t\t\t<\/div><\/figure><figure class='gallery-item'>\n\t\t\t<div class='gallery-icon landscape'>\n\t\t\t\t<a data-elementor-open-lightbox=\"yes\" data-elementor-lightbox-slideshow=\"0eb0913\" data-elementor-lightbox-title=\"ostern 2023 instituto aleman puerto montt 15\" data-e-action-hash=\"#elementor-action%3Aaction%3Dlightbox%26settings%3DeyJpZCI6MTg3NTAsInVybCI6Imh0dHBzOlwvXC9pYWxlbWFuLmNsXC93cC1jb250ZW50XC91cGxvYWRzXC8yMDIzXC8wNFwvb3N0ZXJuLTIwMjMtaW5zdGl0dXRvLWFsZW1hbi1wdWVydG8tbW9udHQtMTUuanBnIiwic2xpZGVzaG93IjoiMGViMDkxMyJ9\" href='https:\/\/ialeman.cl\/wp-content\/uploads\/2023\/04\/ostern-2023-instituto-aleman-puerto-montt-15.jpg'><img loading=\"lazy\" decoding=\"async\" width=\"768\" height=\"513\" src=\"https:\/\/ialeman.cl\/wp-content\/uploads\/2023\/04\/ostern-2023-instituto-aleman-puerto-montt-15-768x513.jpg\" class=\"attachment-medium_large size-medium_large\" alt=\"\" srcset=\"https:\/\/ialeman.cl\/wp-content\/uploads\/2023\/04\/ostern-2023-instituto-aleman-puerto-montt-15-768x513.jpg 768w, https:\/\/ialeman.cl\/wp-content\/uploads\/2023\/04\/ostern-2023-instituto-aleman-puerto-montt-15-300x200.jpg 300w, https:\/\/ialeman.cl\/wp-content\/uploads\/2023\/04\/ostern-2023-instituto-aleman-puerto-montt-15-1024x684.jpg 1024w, https:\/\/ialeman.cl\/wp-content\/uploads\/2023\/04\/ostern-2023-instituto-aleman-puerto-montt-15.jpg 1200w\" sizes=\"(max-width: 768px) 100vw, 768px\" \/><\/a>\n\t\t\t<\/div><\/figure><figure class='gallery-item'>\n\t\t\t<div class='gallery-icon landscape'>\n\t\t\t\t<a data-elementor-open-lightbox=\"yes\" data-elementor-lightbox-slideshow=\"0eb0913\" data-elementor-lightbox-title=\"ostern 2023 instituto aleman puerto montt 15_1\" data-e-action-hash=\"#elementor-action%3Aaction%3Dlightbox%26settings%3DeyJpZCI6MTg3NTEsInVybCI6Imh0dHBzOlwvXC9pYWxlbWFuLmNsXC93cC1jb250ZW50XC91cGxvYWRzXC8yMDIzXC8wNFwvb3N0ZXJuLTIwMjMtaW5zdGl0dXRvLWFsZW1hbi1wdWVydG8tbW9udHQtMTVfMS5qcGciLCJzbGlkZXNob3ciOiIwZWIwOTEzIn0%3D\" href='https:\/\/ialeman.cl\/wp-content\/uploads\/2023\/04\/ostern-2023-instituto-aleman-puerto-montt-15_1.jpg'><img loading=\"lazy\" decoding=\"async\" width=\"768\" height=\"513\" src=\"https:\/\/ialeman.cl\/wp-content\/uploads\/2023\/04\/ostern-2023-instituto-aleman-puerto-montt-15_1-768x513.jpg\" class=\"attachment-medium_large size-medium_large\" alt=\"\" srcset=\"https:\/\/ialeman.cl\/wp-content\/uploads\/2023\/04\/ostern-2023-instituto-aleman-puerto-montt-15_1-768x513.jpg 768w, https:\/\/ialeman.cl\/wp-content\/uploads\/2023\/04\/ostern-2023-instituto-aleman-puerto-montt-15_1-300x200.jpg 300w, https:\/\/ialeman.cl\/wp-content\/uploads\/2023\/04\/ostern-2023-instituto-aleman-puerto-montt-15_1-1024x684.jpg 1024w, https:\/\/ialeman.cl\/wp-content\/uploads\/2023\/04\/ostern-2023-instituto-aleman-puerto-montt-15_1.jpg 1200w\" sizes=\"(max-width: 768px) 100vw, 768px\" \/><\/a>\n\t\t\t<\/div><\/figure><figure class='gallery-item'>\n\t\t\t<div class='gallery-icon landscape'>\n\t\t\t\t<a data-elementor-open-lightbox=\"yes\" data-elementor-lightbox-slideshow=\"0eb0913\" data-elementor-lightbox-title=\"ostern 2023 instituto aleman puerto montt 15_2\" data-e-action-hash=\"#elementor-action%3Aaction%3Dlightbox%26settings%3DeyJpZCI6MTg3NTIsInVybCI6Imh0dHBzOlwvXC9pYWxlbWFuLmNsXC93cC1jb250ZW50XC91cGxvYWRzXC8yMDIzXC8wNFwvb3N0ZXJuLTIwMjMtaW5zdGl0dXRvLWFsZW1hbi1wdWVydG8tbW9udHQtMTVfMi5qcGciLCJzbGlkZXNob3ciOiIwZWIwOTEzIn0%3D\" href='https:\/\/ialeman.cl\/wp-content\/uploads\/2023\/04\/ostern-2023-instituto-aleman-puerto-montt-15_2.jpg'><img loading=\"lazy\" decoding=\"async\" width=\"768\" height=\"513\" src=\"https:\/\/ialeman.cl\/wp-content\/uploads\/2023\/04\/ostern-2023-instituto-aleman-puerto-montt-15_2-768x513.jpg\" class=\"attachment-medium_large size-medium_large\" alt=\"\" srcset=\"https:\/\/ialeman.cl\/wp-content\/uploads\/2023\/04\/ostern-2023-instituto-aleman-puerto-montt-15_2-768x513.jpg 768w, https:\/\/ialeman.cl\/wp-content\/uploads\/2023\/04\/ostern-2023-instituto-aleman-puerto-montt-15_2-300x200.jpg 300w, https:\/\/ialeman.cl\/wp-content\/uploads\/2023\/04\/ostern-2023-instituto-aleman-puerto-montt-15_2-1024x684.jpg 1024w, https:\/\/ialeman.cl\/wp-content\/uploads\/2023\/04\/ostern-2023-instituto-aleman-puerto-montt-15_2.jpg 1200w\" sizes=\"(max-width: 768px) 100vw, 768px\" \/><\/a>\n\t\t\t<\/div><\/figure><figure class='gallery-item'>\n\t\t\t<div class='gallery-icon landscape'>\n\t\t\t\t<a data-elementor-open-lightbox=\"yes\" data-elementor-lightbox-slideshow=\"0eb0913\" data-elementor-lightbox-title=\"ostern 2023 instituto aleman puerto montt 15_3\" data-e-action-hash=\"#elementor-action%3Aaction%3Dlightbox%26settings%3DeyJpZCI6MTg3NTMsInVybCI6Imh0dHBzOlwvXC9pYWxlbWFuLmNsXC93cC1jb250ZW50XC91cGxvYWRzXC8yMDIzXC8wNFwvb3N0ZXJuLTIwMjMtaW5zdGl0dXRvLWFsZW1hbi1wdWVydG8tbW9udHQtMTVfMy5qcGciLCJzbGlkZXNob3ciOiIwZWIwOTEzIn0%3D\" href='https:\/\/ialeman.cl\/wp-content\/uploads\/2023\/04\/ostern-2023-instituto-aleman-puerto-montt-15_3.jpg'><img loading=\"lazy\" decoding=\"async\" width=\"768\" height=\"513\" src=\"https:\/\/ialeman.cl\/wp-content\/uploads\/2023\/04\/ostern-2023-instituto-aleman-puerto-montt-15_3-768x513.jpg\" class=\"attachment-medium_large size-medium_large\" alt=\"\" srcset=\"https:\/\/ialeman.cl\/wp-content\/uploads\/2023\/04\/ostern-2023-instituto-aleman-puerto-montt-15_3-768x513.jpg 768w, https:\/\/ialeman.cl\/wp-content\/uploads\/2023\/04\/ostern-2023-instituto-aleman-puerto-montt-15_3-300x200.jpg 300w, https:\/\/ialeman.cl\/wp-content\/uploads\/2023\/04\/ostern-2023-instituto-aleman-puerto-montt-15_3-1024x684.jpg 1024w, https:\/\/ialeman.cl\/wp-content\/uploads\/2023\/04\/ostern-2023-instituto-aleman-puerto-montt-15_3.jpg 1200w\" sizes=\"(max-width: 768px) 100vw, 768px\" \/><\/a>\n\t\t\t<\/div><\/figure><figure class='gallery-item'>\n\t\t\t<div class='gallery-icon landscape'>\n\t\t\t\t<a data-elementor-open-lightbox=\"yes\" data-elementor-lightbox-slideshow=\"0eb0913\" data-elementor-lightbox-title=\"ostern 2023 instituto aleman puerto montt 15_5\" data-e-action-hash=\"#elementor-action%3Aaction%3Dlightbox%26settings%3DeyJpZCI6MTg3NTUsInVybCI6Imh0dHBzOlwvXC9pYWxlbWFuLmNsXC93cC1jb250ZW50XC91cGxvYWRzXC8yMDIzXC8wNFwvb3N0ZXJuLTIwMjMtaW5zdGl0dXRvLWFsZW1hbi1wdWVydG8tbW9udHQtMTVfNS5qcGciLCJzbGlkZXNob3ciOiIwZWIwOTEzIn0%3D\" href='https:\/\/ialeman.cl\/wp-content\/uploads\/2023\/04\/ostern-2023-instituto-aleman-puerto-montt-15_5.jpg'><img loading=\"lazy\" decoding=\"async\" width=\"768\" height=\"513\" src=\"https:\/\/ialeman.cl\/wp-content\/uploads\/2023\/04\/ostern-2023-instituto-aleman-puerto-montt-15_5-768x513.jpg\" class=\"attachment-medium_large size-medium_large\" alt=\"\" srcset=\"https:\/\/ialeman.cl\/wp-content\/uploads\/2023\/04\/ostern-2023-instituto-aleman-puerto-montt-15_5-768x513.jpg 768w, https:\/\/ialeman.cl\/wp-content\/uploads\/2023\/04\/ostern-2023-instituto-aleman-puerto-montt-15_5-300x200.jpg 300w, https:\/\/ialeman.cl\/wp-content\/uploads\/2023\/04\/ostern-2023-instituto-aleman-puerto-montt-15_5-1024x684.jpg 1024w, https:\/\/ialeman.cl\/wp-content\/uploads\/2023\/04\/ostern-2023-instituto-aleman-puerto-montt-15_5.jpg 1200w\" sizes=\"(max-width: 768px) 100vw, 768px\" \/><\/a>\n\t\t\t<\/div><\/figure><figure class='gallery-item'>\n\t\t\t<div class='gallery-icon landscape'>\n\t\t\t\t<a data-elementor-open-lightbox=\"yes\" data-elementor-lightbox-slideshow=\"0eb0913\" data-elementor-lightbox-title=\"ostern 2023 instituto aleman puerto montt 15_6\" data-e-action-hash=\"#elementor-action%3Aaction%3Dlightbox%26settings%3DeyJpZCI6MTg4MjQsInVybCI6Imh0dHBzOlwvXC9pYWxlbWFuLmNsXC93cC1jb250ZW50XC91cGxvYWRzXC8yMDIzXC8wNFwvb3N0ZXJuLTIwMjMtaW5zdGl0dXRvLWFsZW1hbi1wdWVydG8tbW9udHQtMTVfNi5qcGciLCJzbGlkZXNob3ciOiIwZWIwOTEzIn0%3D\" href='https:\/\/ialeman.cl\/wp-content\/uploads\/2023\/04\/ostern-2023-instituto-aleman-puerto-montt-15_6.jpg'><img loading=\"lazy\" decoding=\"async\" width=\"768\" height=\"513\" src=\"https:\/\/ialeman.cl\/wp-content\/uploads\/2023\/04\/ostern-2023-instituto-aleman-puerto-montt-15_6-768x513.jpg\" class=\"attachment-medium_large size-medium_large\" alt=\"\" srcset=\"https:\/\/ialeman.cl\/wp-content\/uploads\/2023\/04\/ostern-2023-instituto-aleman-puerto-montt-15_6-768x513.jpg 768w, https:\/\/ialeman.cl\/wp-content\/uploads\/2023\/04\/ostern-2023-instituto-aleman-puerto-montt-15_6-300x200.jpg 300w, https:\/\/ialeman.cl\/wp-content\/uploads\/2023\/04\/ostern-2023-instituto-aleman-puerto-montt-15_6-1024x684.jpg 1024w, https:\/\/ialeman.cl\/wp-content\/uploads\/2023\/04\/ostern-2023-instituto-aleman-puerto-montt-15_6.jpg 1200w\" sizes=\"(max-width: 768px) 100vw, 768px\" \/><\/a>\n\t\t\t<\/div><\/figure><figure class='gallery-item'>\n\t\t\t<div class='gallery-icon landscape'>\n\t\t\t\t<a data-elementor-open-lightbox=\"yes\" data-elementor-lightbox-slideshow=\"0eb0913\" data-elementor-lightbox-title=\"ostern 2023 instituto aleman puerto montt 15_7\" data-e-action-hash=\"#elementor-action%3Aaction%3Dlightbox%26settings%3DeyJpZCI6MTg4MjUsInVybCI6Imh0dHBzOlwvXC9pYWxlbWFuLmNsXC93cC1jb250ZW50XC91cGxvYWRzXC8yMDIzXC8wNFwvb3N0ZXJuLTIwMjMtaW5zdGl0dXRvLWFsZW1hbi1wdWVydG8tbW9udHQtMTVfNy5qcGciLCJzbGlkZXNob3ciOiIwZWIwOTEzIn0%3D\" href='https:\/\/ialeman.cl\/wp-content\/uploads\/2023\/04\/ostern-2023-instituto-aleman-puerto-montt-15_7.jpg'><img loading=\"lazy\" decoding=\"async\" width=\"768\" height=\"513\" src=\"https:\/\/ialeman.cl\/wp-content\/uploads\/2023\/04\/ostern-2023-instituto-aleman-puerto-montt-15_7-768x513.jpg\" class=\"attachment-medium_large size-medium_large\" alt=\"\" srcset=\"https:\/\/ialeman.cl\/wp-content\/uploads\/2023\/04\/ostern-2023-instituto-aleman-puerto-montt-15_7-768x513.jpg 768w, https:\/\/ialeman.cl\/wp-content\/uploads\/2023\/04\/ostern-2023-instituto-aleman-puerto-montt-15_7-300x200.jpg 300w, https:\/\/ialeman.cl\/wp-content\/uploads\/2023\/04\/ostern-2023-instituto-aleman-puerto-montt-15_7-1024x684.jpg 1024w, https:\/\/ialeman.cl\/wp-content\/uploads\/2023\/04\/ostern-2023-instituto-aleman-puerto-montt-15_7.jpg 1200w\" sizes=\"(max-width: 768px) 100vw, 768px\" \/><\/a>\n\t\t\t<\/div><\/figure><figure class='gallery-item'>\n\t\t\t<div class='gallery-icon landscape'>\n\t\t\t\t<a data-elementor-open-lightbox=\"yes\" data-elementor-lightbox-slideshow=\"0eb0913\" data-elementor-lightbox-title=\"ostern 2023 instituto aleman puerto montt 15_8\" data-e-action-hash=\"#elementor-action%3Aaction%3Dlightbox%26settings%3DeyJpZCI6MTg4MjYsInVybCI6Imh0dHBzOlwvXC9pYWxlbWFuLmNsXC93cC1jb250ZW50XC91cGxvYWRzXC8yMDIzXC8wNFwvb3N0ZXJuLTIwMjMtaW5zdGl0dXRvLWFsZW1hbi1wdWVydG8tbW9udHQtMTVfOC5qcGciLCJzbGlkZXNob3ciOiIwZWIwOTEzIn0%3D\" href='https:\/\/ialeman.cl\/wp-content\/uploads\/2023\/04\/ostern-2023-instituto-aleman-puerto-montt-15_8.jpg'><img loading=\"lazy\" decoding=\"async\" width=\"768\" height=\"513\" src=\"https:\/\/ialeman.cl\/wp-content\/uploads\/2023\/04\/ostern-2023-instituto-aleman-puerto-montt-15_8-768x513.jpg\" class=\"attachment-medium_large size-medium_large\" alt=\"\" srcset=\"https:\/\/ialeman.cl\/wp-content\/uploads\/2023\/04\/ostern-2023-instituto-aleman-puerto-montt-15_8-768x513.jpg 768w, https:\/\/ialeman.cl\/wp-content\/uploads\/2023\/04\/ostern-2023-instituto-aleman-puerto-montt-15_8-300x200.jpg 300w, https:\/\/ialeman.cl\/wp-content\/uploads\/2023\/04\/ostern-2023-instituto-aleman-puerto-montt-15_8-1024x684.jpg 1024w, https:\/\/ialeman.cl\/wp-content\/uploads\/2023\/04\/ostern-2023-instituto-aleman-puerto-montt-15_8.jpg 1200w\" sizes=\"(max-width: 768px) 100vw, 768px\" \/><\/a>\n\t\t\t<\/div><\/figure><figure class='gallery-item'>\n\t\t\t<div class='gallery-icon landscape'>\n\t\t\t\t<a data-elementor-open-lightbox=\"yes\" data-elementor-lightbox-slideshow=\"0eb0913\" data-elementor-lightbox-title=\"ostern 2023 instituto aleman puerto montt 15_9\" data-e-action-hash=\"#elementor-action%3Aaction%3Dlightbox%26settings%3DeyJpZCI6MTg4MjcsInVybCI6Imh0dHBzOlwvXC9pYWxlbWFuLmNsXC93cC1jb250ZW50XC91cGxvYWRzXC8yMDIzXC8wNFwvb3N0ZXJuLTIwMjMtaW5zdGl0dXRvLWFsZW1hbi1wdWVydG8tbW9udHQtMTVfOS5qcGciLCJzbGlkZXNob3ciOiIwZWIwOTEzIn0%3D\" href='https:\/\/ialeman.cl\/wp-content\/uploads\/2023\/04\/ostern-2023-instituto-aleman-puerto-montt-15_9.jpg'><img loading=\"lazy\" decoding=\"async\" width=\"768\" height=\"513\" src=\"https:\/\/ialeman.cl\/wp-content\/uploads\/2023\/04\/ostern-2023-instituto-aleman-puerto-montt-15_9-768x513.jpg\" class=\"attachment-medium_large size-medium_large\" alt=\"\" srcset=\"https:\/\/ialeman.cl\/wp-content\/uploads\/2023\/04\/ostern-2023-instituto-aleman-puerto-montt-15_9-768x513.jpg 768w, https:\/\/ialeman.cl\/wp-content\/uploads\/2023\/04\/ostern-2023-instituto-aleman-puerto-montt-15_9-300x200.jpg 300w, https:\/\/ialeman.cl\/wp-content\/uploads\/2023\/04\/ostern-2023-instituto-aleman-puerto-montt-15_9-1024x684.jpg 1024w, https:\/\/ialeman.cl\/wp-content\/uploads\/2023\/04\/ostern-2023-instituto-aleman-puerto-montt-15_9.jpg 1200w\" sizes=\"(max-width: 768px) 100vw, 768px\" \/><\/a>\n\t\t\t<\/div><\/figure><figure class='gallery-item'>\n\t\t\t<div class='gallery-icon landscape'>\n\t\t\t\t<a data-elementor-open-lightbox=\"yes\" data-elementor-lightbox-slideshow=\"0eb0913\" data-elementor-lightbox-title=\"ostern 2023 instituto aleman puerto montt 18\" data-e-action-hash=\"#elementor-action%3Aaction%3Dlightbox%26settings%3DeyJpZCI6MTg4MzAsInVybCI6Imh0dHBzOlwvXC9pYWxlbWFuLmNsXC93cC1jb250ZW50XC91cGxvYWRzXC8yMDIzXC8wNFwvb3N0ZXJuLTIwMjMtaW5zdGl0dXRvLWFsZW1hbi1wdWVydG8tbW9udHQtMTguanBnIiwic2xpZGVzaG93IjoiMGViMDkxMyJ9\" href='https:\/\/ialeman.cl\/wp-content\/uploads\/2023\/04\/ostern-2023-instituto-aleman-puerto-montt-18.jpg'><img loading=\"lazy\" decoding=\"async\" width=\"768\" height=\"513\" src=\"https:\/\/ialeman.cl\/wp-content\/uploads\/2023\/04\/ostern-2023-instituto-aleman-puerto-montt-18-768x513.jpg\" class=\"attachment-medium_large size-medium_large\" alt=\"\" srcset=\"https:\/\/ialeman.cl\/wp-content\/uploads\/2023\/04\/ostern-2023-instituto-aleman-puerto-montt-18-768x513.jpg 768w, https:\/\/ialeman.cl\/wp-content\/uploads\/2023\/04\/ostern-2023-instituto-aleman-puerto-montt-18-300x200.jpg 300w, https:\/\/ialeman.cl\/wp-content\/uploads\/2023\/04\/ostern-2023-instituto-aleman-puerto-montt-18-1024x684.jpg 1024w, https:\/\/ialeman.cl\/wp-content\/uploads\/2023\/04\/ostern-2023-instituto-aleman-puerto-montt-18.jpg 1200w\" sizes=\"(max-width: 768px) 100vw, 768px\" \/><\/a>\n\t\t\t<\/div><\/figure><figure class='gallery-item'>\n\t\t\t<div class='gallery-icon landscape'>\n\t\t\t\t<a data-elementor-open-lightbox=\"yes\" data-elementor-lightbox-slideshow=\"0eb0913\" data-elementor-lightbox-title=\"ostern 2023 instituto aleman puerto montt 19\" data-e-action-hash=\"#elementor-action%3Aaction%3Dlightbox%26settings%3DeyJpZCI6MTg4MzEsInVybCI6Imh0dHBzOlwvXC9pYWxlbWFuLmNsXC93cC1jb250ZW50XC91cGxvYWRzXC8yMDIzXC8wNFwvb3N0ZXJuLTIwMjMtaW5zdGl0dXRvLWFsZW1hbi1wdWVydG8tbW9udHQtMTkuanBnIiwic2xpZGVzaG93IjoiMGViMDkxMyJ9\" href='https:\/\/ialeman.cl\/wp-content\/uploads\/2023\/04\/ostern-2023-instituto-aleman-puerto-montt-19.jpg'><img loading=\"lazy\" decoding=\"async\" width=\"768\" height=\"513\" src=\"https:\/\/ialeman.cl\/wp-content\/uploads\/2023\/04\/ostern-2023-instituto-aleman-puerto-montt-19-768x513.jpg\" class=\"attachment-medium_large size-medium_large\" alt=\"\" srcset=\"https:\/\/ialeman.cl\/wp-content\/uploads\/2023\/04\/ostern-2023-instituto-aleman-puerto-montt-19-768x513.jpg 768w, https:\/\/ialeman.cl\/wp-content\/uploads\/2023\/04\/ostern-2023-instituto-aleman-puerto-montt-19-300x200.jpg 300w, https:\/\/ialeman.cl\/wp-content\/uploads\/2023\/04\/ostern-2023-instituto-aleman-puerto-montt-19-1024x684.jpg 1024w, https:\/\/ialeman.cl\/wp-content\/uploads\/2023\/04\/ostern-2023-instituto-aleman-puerto-montt-19.jpg 1200w\" sizes=\"(max-width: 768px) 100vw, 768px\" \/><\/a>\n\t\t\t<\/div><\/figure>\n\t\t<\/div>\n\t\t<\/div>\n\t\t\t\t\t\t<\/div>\n\t\t\t\t<\/div>\n\t\t\t\t\t<\/div>\n\t\t<\/div>\n\t\t\t\t\t<\/div>\n\t\t<\/section>\n\t\t\t\t<\/div>\n\t\t","protected":false},"excerpt":{"rendered":"<p>Osterhase El Osterhase visit\u00f3 la Schule para celebrar junto a los estudiantes del Kindergarten y Primer Ciclo. Con gran alegr\u00eda los ni\u00f1os y ni\u00f1as disfrutaron de la visita del Osterhase, quien bail\u00f3 y cant\u00f3 junto a los alumnos del Instituto Alem\u00e1n Puerto Montt. En la ocasi\u00f3n, los estudiantes se mostraron muy felices de compartir con [&hellip;]<\/p>\n","protected":false},"author":1,"featured_media":18619,"comment_status":"closed","ping_status":"closed","sticky":false,"template":"","format":"standard","meta":{"_crdt_document":"","_monsterinsights_skip_tracking":false,"_monsterinsights_sitenote_active":false,"_monsterinsights_sitenote_note":"","_monsterinsights_sitenote_category":0,"site-sidebar-layout":"default","site-content-layout":"","ast-site-content-layout":"default","site-content-style":"default","site-sidebar-style":"default","ast-global-header-display":"","ast-banner-title-visibility":"","ast-main-header-display":"","ast-hfb-above-header-display":"","ast-hfb-below-header-display":"","ast-hfb-mobile-header-display":"","site-post-title":"disabled","ast-breadcrumbs-content":"","ast-featured-img":"disabled","footer-sml-layout":"","ast-disable-related-posts":"","theme-transparent-header-meta":"","adv-header-id-meta":"","stick-header-meta":"","header-above-stick-meta":"","header-main-stick-meta":"","header-below-stick-meta":"","astra-migrate-meta-layouts":"default","ast-page-background-enabled":"default","ast-page-background-meta":{"desktop":{"background-color":"var(--ast-global-color-4)","background-image":"","background-repeat":"repeat","background-position":"center center","background-size":"auto","background-attachment":"scroll","background-type":"","background-media":"","overlay-type":"","overlay-color":"","overlay-opacity":"","overlay-gradient":""},"tablet":{"background-color":"","background-image":"","background-repeat":"repeat","background-position":"center center","background-size":"auto","background-attachment":"scroll","background-type":"","background-media":"","overlay-type":"","overlay-color":"","overlay-opacity":"","overlay-gradient":""},"mobile":{"background-color":"","background-image":"","background-repeat":"repeat","background-position":"center center","background-size":"auto","background-attachment":"scroll","background-type":"","background-media":"","overlay-type":"","overlay-color":"","overlay-opacity":"","overlay-gradient":""}},"ast-content-background-meta":{"desktop":{"background-color":"var(--ast-global-color-5)","background-image":"","background-repeat":"repeat","background-position":"center center","background-size":"auto","background-attachment":"scroll","background-type":"","background-media":"","overlay-type":"","overlay-color":"","overlay-opacity":"","overlay-gradient":""},"tablet":{"background-color":"var(--ast-global-color-5)","background-image":"","background-repeat":"repeat","background-position":"center center","background-size":"auto","background-attachment":"scroll","background-type":"","background-media":"","overlay-type":"","overlay-color":"","overlay-opacity":"","overlay-gradient":""},"mobile":{"background-color":"var(--ast-global-color-5)","background-image":"","background-repeat":"repeat","background-position":"center center","background-size":"auto","background-attachment":"scroll","background-type":"","background-media":"","overlay-type":"","overlay-color":"","overlay-opacity":"","overlay-gradient":""}},"advanced_seo_description":"","jetpack_seo_html_title":"","jetpack_seo_noindex":false,"_jetpack_memberships_contains_paid_content":false,"footnotes":""},"categories":[10],"tags":[],"class_list":["post-18617","post","type-post","status-publish","format-standard","has-post-thumbnail","hentry","category-noticias"],"jetpack_featured_media_url":"https:\/\/ialeman.cl\/wp-content\/uploads\/2023\/04\/ostern-2023-instituto-aleman-puerto-montt-11_3.jpg","jetpack_shortlink":"https:\/\/wp.me\/sh8I5c-ostern","jetpack_sharing_enabled":true,"_links":{"self":[{"href":"https:\/\/ialeman.cl\/index.php\/wp-json\/wp\/v2\/posts\/18617","targetHints":{"allow":["GET"]}}],"collection":[{"href":"https:\/\/ialeman.cl\/index.php\/wp-json\/wp\/v2\/posts"}],"about":[{"href":"https:\/\/ialeman.cl\/index.php\/wp-json\/wp\/v2\/types\/post"}],"author":[{"embeddable":true,"href":"https:\/\/ialeman.cl\/index.php\/wp-json\/wp\/v2\/users\/1"}],"replies":[{"embeddable":true,"href":"https:\/\/ialeman.cl\/index.php\/wp-json\/wp\/v2\/comments?post=18617"}],"version-history":[{"count":0,"href":"https:\/\/ialeman.cl\/index.php\/wp-json\/wp\/v2\/posts\/18617\/revisions"}],"wp:featuredmedia":[{"embeddable":true,"href":"https:\/\/ialeman.cl\/index.php\/wp-json\/wp\/v2\/media\/18619"}],"wp:attachment":[{"href":"https:\/\/ialeman.cl\/index.php\/wp-json\/wp\/v2\/media?parent=18617"}],"wp:term":[{"taxonomy":"category","embeddable":true,"href":"https:\/\/ialeman.cl\/index.php\/wp-json\/wp\/v2\/categories?post=18617"},{"taxonomy":"post_tag","embeddable":true,"href":"https:\/\/ialeman.cl\/index.php\/wp-json\/wp\/v2\/tags?post=18617"}],"curies":[{"name":"wp","href":"https:\/\/api.w.org\/{rel}","templated":true}]}}