{"id":18435,"date":"2023-04-03T14:55:53","date_gmt":"2023-04-03T18:55:53","guid":{"rendered":"https:\/\/ialeman.cl\/?p=18435"},"modified":"2023-04-04T15:18:17","modified_gmt":"2023-04-04T19:18:17","slug":"dia-internacional-del-libro-infantil","status":"publish","type":"post","link":"https:\/\/ialeman.cl\/index.php\/dia-internacional-del-libro-infantil\/","title":{"rendered":"D\u00cdA INTERNACIONAL DEL LIBRO INFANTIL"},"content":{"rendered":"\t\t<div data-elementor-type=\"wp-post\" data-elementor-id=\"18435\" class=\"elementor elementor-18435\">\n\t\t\t\t\t\t<section class=\"elementor-section elementor-top-section elementor-element elementor-element-d8e6806 elementor-section-boxed elementor-section-height-default elementor-section-height-default\" data-id=\"d8e6806\" data-element_type=\"section\" data-e-type=\"section\">\n\t\t\t\t\t\t<div class=\"elementor-container elementor-column-gap-default\">\n\t\t\t\t\t<div class=\"elementor-column elementor-col-100 elementor-top-column elementor-element elementor-element-93bed4e\" data-id=\"93bed4e\" data-element_type=\"column\" data-e-type=\"column\">\n\t\t\t<div class=\"elementor-widget-wrap elementor-element-populated\">\n\t\t\t\t\t\t<div class=\"elementor-element elementor-element-3864b94 elementor-widget elementor-widget-heading\" data-id=\"3864b94\" data-element_type=\"widget\" data-e-type=\"widget\" data-widget_type=\"heading.default\">\n\t\t\t\t<div class=\"elementor-widget-container\">\n\t\t\t\t\t<h2 class=\"elementor-heading-title elementor-size-default\">CELEBRACI\u00d3N D\u00cdA INTERNACIONAL DEL LIBRO INFANTIL<\/h2>\t\t\t\t<\/div>\n\t\t\t\t<\/div>\n\t\t\t\t\t<\/div>\n\t\t<\/div>\n\t\t\t\t\t<\/div>\n\t\t<\/section>\n\t\t\t\t<section class=\"elementor-section elementor-top-section elementor-element elementor-element-0cb7e52 elementor-section-boxed elementor-section-height-default elementor-section-height-default\" data-id=\"0cb7e52\" data-element_type=\"section\" data-e-type=\"section\">\n\t\t\t\t\t\t<div class=\"elementor-container elementor-column-gap-default\">\n\t\t\t\t\t<div class=\"elementor-column elementor-col-50 elementor-top-column elementor-element elementor-element-2429da2\" data-id=\"2429da2\" data-element_type=\"column\" data-e-type=\"column\">\n\t\t\t<div class=\"elementor-widget-wrap elementor-element-populated\">\n\t\t\t\t\t\t<div class=\"elementor-element elementor-element-d40dd58 elementor-widget elementor-widget-heading\" data-id=\"d40dd58\" data-element_type=\"widget\" data-e-type=\"widget\" data-widget_type=\"heading.default\">\n\t\t\t\t<div class=\"elementor-widget-container\">\n\t\t\t\t\t<h2 class=\"elementor-heading-title elementor-size-default\">Coincidiendo con la fecha de nacimiento del escritor dan\u00e9s Hans Christian\nAndersen , el d\u00eda 3 de abril ha quedado asignado como el D\u00eda Internacional\ndel Libro Infantil . Este a\u00f1o correspondi\u00f3 a Grecia crear el afiche que ilustra\nesta efem\u00e9ride , con el lema \u201csoy un libro, l\u00e9eme\u201d, escrito en varios idiomas.<br><br>\nSeleccionamos de los bellos relatos de este gran escritor para hacer\nnarraciones en BiblioCRA a los alumnos del primer ciclo b\u00e1sico, quienes\ndisfrutaron y se encantaron con los cuentos \u201cEl caracol y el rosal\u201d, \u201cEl traje\nnuevo del emperador\u201d y \u201cEl soldadito de plomo\u201d , de esta forma iniciamos a\nlos peque\u00f1os en lo mejor de la literatura infantil universal.<\/h2>\t\t\t\t<\/div>\n\t\t\t\t<\/div>\n\t\t\t\t\t<\/div>\n\t\t<\/div>\n\t\t\t\t<div class=\"elementor-column elementor-col-50 elementor-top-column elementor-element elementor-element-3925b5f\" data-id=\"3925b5f\" data-element_type=\"column\" data-e-type=\"column\">\n\t\t\t<div class=\"elementor-widget-wrap elementor-element-populated\">\n\t\t\t\t\t\t<div class=\"elementor-element elementor-element-8751d68 elementor-widget elementor-widget-image\" data-id=\"8751d68\" data-element_type=\"widget\" data-e-type=\"widget\" data-widget_type=\"image.default\">\n\t\t\t\t<div class=\"elementor-widget-container\">\n\t\t\t\t\t\t\t\t\t\t\t\t\t\t\t<img fetchpriority=\"high\" decoding=\"async\" width=\"500\" height=\"553\" src=\"https:\/\/ialeman.cl\/wp-content\/uploads\/2023\/04\/DIA_DEL_LIBRO_INFANTIL_INSTITUTO_ALEMAN_PUERTO_MONTT.jpg\" class=\"attachment-large size-large wp-image-18443\" alt=\"\" srcset=\"https:\/\/ialeman.cl\/wp-content\/uploads\/2023\/04\/DIA_DEL_LIBRO_INFANTIL_INSTITUTO_ALEMAN_PUERTO_MONTT.jpg 500w, https:\/\/ialeman.cl\/wp-content\/uploads\/2023\/04\/DIA_DEL_LIBRO_INFANTIL_INSTITUTO_ALEMAN_PUERTO_MONTT-271x300.jpg 271w\" sizes=\"(max-width: 500px) 100vw, 500px\" \/>\t\t\t\t\t\t\t\t\t\t\t\t\t\t\t<\/div>\n\t\t\t\t<\/div>\n\t\t\t\t\t<\/div>\n\t\t<\/div>\n\t\t\t\t\t<\/div>\n\t\t<\/section>\n\t\t\t\t<section class=\"elementor-section elementor-top-section elementor-element elementor-element-62d7f70 elementor-section-boxed elementor-section-height-default elementor-section-height-default\" data-id=\"62d7f70\" data-element_type=\"section\" data-e-type=\"section\">\n\t\t\t\t\t\t<div class=\"elementor-container elementor-column-gap-default\">\n\t\t\t\t\t<div class=\"elementor-column elementor-col-100 elementor-top-column elementor-element elementor-element-54c4fd3\" data-id=\"54c4fd3\" data-element_type=\"column\" data-e-type=\"column\">\n\t\t\t<div class=\"elementor-widget-wrap elementor-element-populated\">\n\t\t\t\t\t\t<div class=\"elementor-element elementor-element-ded7cf9 gallery-spacing-custom elementor-widget elementor-widget-image-gallery\" data-id=\"ded7cf9\" data-element_type=\"widget\" data-e-type=\"widget\" data-widget_type=\"image-gallery.default\">\n\t\t\t\t<div class=\"elementor-widget-container\">\n\t\t\t\t\t\t\t<div class=\"elementor-image-gallery\">\n\t\t\t<div id='gallery-1' class='gallery galleryid-18435 gallery-columns-2 gallery-size-medium_large'><figure class='gallery-item'>\n\t\t\t<div class='gallery-icon landscape'>\n\t\t\t\t<a data-elementor-open-lightbox=\"yes\" data-elementor-lightbox-slideshow=\"ded7cf9\" data-elementor-lightbox-title=\"D\u00eda Libro Infantil_instituto_aleman_puerto_montt_1\" data-e-action-hash=\"#elementor-action%3Aaction%3Dlightbox%26settings%3DeyJpZCI6MTg0NDQsInVybCI6Imh0dHBzOlwvXC9pYWxlbWFuLmNsXC93cC1jb250ZW50XC91cGxvYWRzXC8yMDIzXC8wNFwvRGlhLUxpYnJvLUluZmFudGlsX2luc3RpdHV0b19hbGVtYW5fcHVlcnRvX21vbnR0XzEuanBnIiwic2xpZGVzaG93IjoiZGVkN2NmOSJ9\" href='https:\/\/ialeman.cl\/wp-content\/uploads\/2023\/04\/Dia-Libro-Infantil_instituto_aleman_puerto_montt_1.jpg'><img decoding=\"async\" width=\"768\" height=\"513\" src=\"https:\/\/ialeman.cl\/wp-content\/uploads\/2023\/04\/Dia-Libro-Infantil_instituto_aleman_puerto_montt_1-768x513.jpg\" class=\"attachment-medium_large size-medium_large\" alt=\"\" srcset=\"https:\/\/ialeman.cl\/wp-content\/uploads\/2023\/04\/Dia-Libro-Infantil_instituto_aleman_puerto_montt_1-768x513.jpg 768w, https:\/\/ialeman.cl\/wp-content\/uploads\/2023\/04\/Dia-Libro-Infantil_instituto_aleman_puerto_montt_1-300x200.jpg 300w, https:\/\/ialeman.cl\/wp-content\/uploads\/2023\/04\/Dia-Libro-Infantil_instituto_aleman_puerto_montt_1-1024x684.jpg 1024w, https:\/\/ialeman.cl\/wp-content\/uploads\/2023\/04\/Dia-Libro-Infantil_instituto_aleman_puerto_montt_1.jpg 1200w\" sizes=\"(max-width: 768px) 100vw, 768px\" \/><\/a>\n\t\t\t<\/div><\/figure><figure class='gallery-item'>\n\t\t\t<div class='gallery-icon landscape'>\n\t\t\t\t<a data-elementor-open-lightbox=\"yes\" data-elementor-lightbox-slideshow=\"ded7cf9\" data-elementor-lightbox-title=\"D\u00eda Libro Infantil_instituto_aleman_puerto_montt_2\" data-e-action-hash=\"#elementor-action%3Aaction%3Dlightbox%26settings%3DeyJpZCI6MTg0NDUsInVybCI6Imh0dHBzOlwvXC9pYWxlbWFuLmNsXC93cC1jb250ZW50XC91cGxvYWRzXC8yMDIzXC8wNFwvRGlhLUxpYnJvLUluZmFudGlsX2luc3RpdHV0b19hbGVtYW5fcHVlcnRvX21vbnR0XzIuanBnIiwic2xpZGVzaG93IjoiZGVkN2NmOSJ9\" href='https:\/\/ialeman.cl\/wp-content\/uploads\/2023\/04\/Dia-Libro-Infantil_instituto_aleman_puerto_montt_2.jpg'><img decoding=\"async\" width=\"768\" height=\"513\" src=\"https:\/\/ialeman.cl\/wp-content\/uploads\/2023\/04\/Dia-Libro-Infantil_instituto_aleman_puerto_montt_2-768x513.jpg\" class=\"attachment-medium_large size-medium_large\" alt=\"\" srcset=\"https:\/\/ialeman.cl\/wp-content\/uploads\/2023\/04\/Dia-Libro-Infantil_instituto_aleman_puerto_montt_2-768x513.jpg 768w, https:\/\/ialeman.cl\/wp-content\/uploads\/2023\/04\/Dia-Libro-Infantil_instituto_aleman_puerto_montt_2-300x200.jpg 300w, https:\/\/ialeman.cl\/wp-content\/uploads\/2023\/04\/Dia-Libro-Infantil_instituto_aleman_puerto_montt_2-1024x684.jpg 1024w, https:\/\/ialeman.cl\/wp-content\/uploads\/2023\/04\/Dia-Libro-Infantil_instituto_aleman_puerto_montt_2.jpg 1200w\" sizes=\"(max-width: 768px) 100vw, 768px\" \/><\/a>\n\t\t\t<\/div><\/figure><figure class='gallery-item'>\n\t\t\t<div class='gallery-icon landscape'>\n\t\t\t\t<a data-elementor-open-lightbox=\"yes\" data-elementor-lightbox-slideshow=\"ded7cf9\" data-elementor-lightbox-title=\"D\u00eda Libro Infantil_instituto_aleman_puerto_montt_3\" data-e-action-hash=\"#elementor-action%3Aaction%3Dlightbox%26settings%3DeyJpZCI6MTg0NDYsInVybCI6Imh0dHBzOlwvXC9pYWxlbWFuLmNsXC93cC1jb250ZW50XC91cGxvYWRzXC8yMDIzXC8wNFwvRGlhLUxpYnJvLUluZmFudGlsX2luc3RpdHV0b19hbGVtYW5fcHVlcnRvX21vbnR0XzMuanBnIiwic2xpZGVzaG93IjoiZGVkN2NmOSJ9\" href='https:\/\/ialeman.cl\/wp-content\/uploads\/2023\/04\/Dia-Libro-Infantil_instituto_aleman_puerto_montt_3.jpg'><img loading=\"lazy\" decoding=\"async\" width=\"768\" height=\"513\" src=\"https:\/\/ialeman.cl\/wp-content\/uploads\/2023\/04\/Dia-Libro-Infantil_instituto_aleman_puerto_montt_3-768x513.jpg\" class=\"attachment-medium_large size-medium_large\" alt=\"\" srcset=\"https:\/\/ialeman.cl\/wp-content\/uploads\/2023\/04\/Dia-Libro-Infantil_instituto_aleman_puerto_montt_3-768x513.jpg 768w, https:\/\/ialeman.cl\/wp-content\/uploads\/2023\/04\/Dia-Libro-Infantil_instituto_aleman_puerto_montt_3-300x200.jpg 300w, https:\/\/ialeman.cl\/wp-content\/uploads\/2023\/04\/Dia-Libro-Infantil_instituto_aleman_puerto_montt_3-1024x684.jpg 1024w, https:\/\/ialeman.cl\/wp-content\/uploads\/2023\/04\/Dia-Libro-Infantil_instituto_aleman_puerto_montt_3.jpg 1200w\" sizes=\"(max-width: 768px) 100vw, 768px\" \/><\/a>\n\t\t\t<\/div><\/figure><figure class='gallery-item'>\n\t\t\t<div class='gallery-icon landscape'>\n\t\t\t\t<a data-elementor-open-lightbox=\"yes\" data-elementor-lightbox-slideshow=\"ded7cf9\" data-elementor-lightbox-title=\"D\u00eda Libro Infantil_instituto_aleman_puerto_montt_4\" data-e-action-hash=\"#elementor-action%3Aaction%3Dlightbox%26settings%3DeyJpZCI6MTg0NDcsInVybCI6Imh0dHBzOlwvXC9pYWxlbWFuLmNsXC93cC1jb250ZW50XC91cGxvYWRzXC8yMDIzXC8wNFwvRGlhLUxpYnJvLUluZmFudGlsX2luc3RpdHV0b19hbGVtYW5fcHVlcnRvX21vbnR0XzQuanBnIiwic2xpZGVzaG93IjoiZGVkN2NmOSJ9\" href='https:\/\/ialeman.cl\/wp-content\/uploads\/2023\/04\/Dia-Libro-Infantil_instituto_aleman_puerto_montt_4.jpg'><img loading=\"lazy\" decoding=\"async\" width=\"768\" height=\"513\" src=\"https:\/\/ialeman.cl\/wp-content\/uploads\/2023\/04\/Dia-Libro-Infantil_instituto_aleman_puerto_montt_4-768x513.jpg\" class=\"attachment-medium_large size-medium_large\" alt=\"\" srcset=\"https:\/\/ialeman.cl\/wp-content\/uploads\/2023\/04\/Dia-Libro-Infantil_instituto_aleman_puerto_montt_4-768x513.jpg 768w, https:\/\/ialeman.cl\/wp-content\/uploads\/2023\/04\/Dia-Libro-Infantil_instituto_aleman_puerto_montt_4-300x200.jpg 300w, https:\/\/ialeman.cl\/wp-content\/uploads\/2023\/04\/Dia-Libro-Infantil_instituto_aleman_puerto_montt_4-1024x684.jpg 1024w, https:\/\/ialeman.cl\/wp-content\/uploads\/2023\/04\/Dia-Libro-Infantil_instituto_aleman_puerto_montt_4.jpg 1200w\" sizes=\"(max-width: 768px) 100vw, 768px\" \/><\/a>\n\t\t\t<\/div><\/figure><figure class='gallery-item'>\n\t\t\t<div class='gallery-icon landscape'>\n\t\t\t\t<a data-elementor-open-lightbox=\"yes\" data-elementor-lightbox-slideshow=\"ded7cf9\" data-elementor-lightbox-title=\"D\u00eda Libro Infantil_instituto_aleman_puerto_montt_5\" data-e-action-hash=\"#elementor-action%3Aaction%3Dlightbox%26settings%3DeyJpZCI6MTg0NDgsInVybCI6Imh0dHBzOlwvXC9pYWxlbWFuLmNsXC93cC1jb250ZW50XC91cGxvYWRzXC8yMDIzXC8wNFwvRGlhLUxpYnJvLUluZmFudGlsX2luc3RpdHV0b19hbGVtYW5fcHVlcnRvX21vbnR0XzUtMS5qcGciLCJzbGlkZXNob3ciOiJkZWQ3Y2Y5In0%3D\" href='https:\/\/ialeman.cl\/wp-content\/uploads\/2023\/04\/Dia-Libro-Infantil_instituto_aleman_puerto_montt_5-1.jpg'><img loading=\"lazy\" decoding=\"async\" width=\"768\" height=\"513\" src=\"https:\/\/ialeman.cl\/wp-content\/uploads\/2023\/04\/Dia-Libro-Infantil_instituto_aleman_puerto_montt_5-1-768x513.jpg\" class=\"attachment-medium_large size-medium_large\" alt=\"\" srcset=\"https:\/\/ialeman.cl\/wp-content\/uploads\/2023\/04\/Dia-Libro-Infantil_instituto_aleman_puerto_montt_5-1-768x513.jpg 768w, https:\/\/ialeman.cl\/wp-content\/uploads\/2023\/04\/Dia-Libro-Infantil_instituto_aleman_puerto_montt_5-1-300x200.jpg 300w, https:\/\/ialeman.cl\/wp-content\/uploads\/2023\/04\/Dia-Libro-Infantil_instituto_aleman_puerto_montt_5-1-1024x684.jpg 1024w, https:\/\/ialeman.cl\/wp-content\/uploads\/2023\/04\/Dia-Libro-Infantil_instituto_aleman_puerto_montt_5-1.jpg 1200w\" sizes=\"(max-width: 768px) 100vw, 768px\" \/><\/a>\n\t\t\t<\/div><\/figure><figure class='gallery-item'>\n\t\t\t<div class='gallery-icon landscape'>\n\t\t\t\t<a data-elementor-open-lightbox=\"yes\" data-elementor-lightbox-slideshow=\"ded7cf9\" data-elementor-lightbox-title=\"D\u00eda Libro Infantil_instituto_aleman_puerto_montt_6\" data-e-action-hash=\"#elementor-action%3Aaction%3Dlightbox%26settings%3DeyJpZCI6MTg0NDksInVybCI6Imh0dHBzOlwvXC9pYWxlbWFuLmNsXC93cC1jb250ZW50XC91cGxvYWRzXC8yMDIzXC8wNFwvRGlhLUxpYnJvLUluZmFudGlsX2luc3RpdHV0b19hbGVtYW5fcHVlcnRvX21vbnR0XzYuanBnIiwic2xpZGVzaG93IjoiZGVkN2NmOSJ9\" href='https:\/\/ialeman.cl\/wp-content\/uploads\/2023\/04\/Dia-Libro-Infantil_instituto_aleman_puerto_montt_6.jpg'><img loading=\"lazy\" decoding=\"async\" width=\"768\" height=\"513\" src=\"https:\/\/ialeman.cl\/wp-content\/uploads\/2023\/04\/Dia-Libro-Infantil_instituto_aleman_puerto_montt_6-768x513.jpg\" class=\"attachment-medium_large size-medium_large\" alt=\"\" srcset=\"https:\/\/ialeman.cl\/wp-content\/uploads\/2023\/04\/Dia-Libro-Infantil_instituto_aleman_puerto_montt_6-768x513.jpg 768w, https:\/\/ialeman.cl\/wp-content\/uploads\/2023\/04\/Dia-Libro-Infantil_instituto_aleman_puerto_montt_6-300x200.jpg 300w, https:\/\/ialeman.cl\/wp-content\/uploads\/2023\/04\/Dia-Libro-Infantil_instituto_aleman_puerto_montt_6-1024x684.jpg 1024w, https:\/\/ialeman.cl\/wp-content\/uploads\/2023\/04\/Dia-Libro-Infantil_instituto_aleman_puerto_montt_6.jpg 1200w\" sizes=\"(max-width: 768px) 100vw, 768px\" \/><\/a>\n\t\t\t<\/div><\/figure><figure class='gallery-item'>\n\t\t\t<div class='gallery-icon landscape'>\n\t\t\t\t<a data-elementor-open-lightbox=\"yes\" data-elementor-lightbox-slideshow=\"ded7cf9\" data-elementor-lightbox-title=\"D\u00eda Libro Infantil_instituto_aleman_puerto_montt_7\" data-e-action-hash=\"#elementor-action%3Aaction%3Dlightbox%26settings%3DeyJpZCI6MTg0NTAsInVybCI6Imh0dHBzOlwvXC9pYWxlbWFuLmNsXC93cC1jb250ZW50XC91cGxvYWRzXC8yMDIzXC8wNFwvRGlhLUxpYnJvLUluZmFudGlsX2luc3RpdHV0b19hbGVtYW5fcHVlcnRvX21vbnR0XzcuanBnIiwic2xpZGVzaG93IjoiZGVkN2NmOSJ9\" href='https:\/\/ialeman.cl\/wp-content\/uploads\/2023\/04\/Dia-Libro-Infantil_instituto_aleman_puerto_montt_7.jpg'><img loading=\"lazy\" decoding=\"async\" width=\"768\" height=\"513\" src=\"https:\/\/ialeman.cl\/wp-content\/uploads\/2023\/04\/Dia-Libro-Infantil_instituto_aleman_puerto_montt_7-768x513.jpg\" class=\"attachment-medium_large size-medium_large\" alt=\"\" srcset=\"https:\/\/ialeman.cl\/wp-content\/uploads\/2023\/04\/Dia-Libro-Infantil_instituto_aleman_puerto_montt_7-768x513.jpg 768w, https:\/\/ialeman.cl\/wp-content\/uploads\/2023\/04\/Dia-Libro-Infantil_instituto_aleman_puerto_montt_7-300x200.jpg 300w, https:\/\/ialeman.cl\/wp-content\/uploads\/2023\/04\/Dia-Libro-Infantil_instituto_aleman_puerto_montt_7-1024x684.jpg 1024w, https:\/\/ialeman.cl\/wp-content\/uploads\/2023\/04\/Dia-Libro-Infantil_instituto_aleman_puerto_montt_7.jpg 1200w\" sizes=\"(max-width: 768px) 100vw, 768px\" \/><\/a>\n\t\t\t<\/div><\/figure><figure class='gallery-item'>\n\t\t\t<div class='gallery-icon landscape'>\n\t\t\t\t<a data-elementor-open-lightbox=\"yes\" data-elementor-lightbox-slideshow=\"ded7cf9\" data-elementor-lightbox-title=\"D\u00eda Libro Infantil_instituto_aleman_puerto_montt_8\" data-e-action-hash=\"#elementor-action%3Aaction%3Dlightbox%26settings%3DeyJpZCI6MTg0NTEsInVybCI6Imh0dHBzOlwvXC9pYWxlbWFuLmNsXC93cC1jb250ZW50XC91cGxvYWRzXC8yMDIzXC8wNFwvRGlhLUxpYnJvLUluZmFudGlsX2luc3RpdHV0b19hbGVtYW5fcHVlcnRvX21vbnR0XzguanBnIiwic2xpZGVzaG93IjoiZGVkN2NmOSJ9\" href='https:\/\/ialeman.cl\/wp-content\/uploads\/2023\/04\/Dia-Libro-Infantil_instituto_aleman_puerto_montt_8.jpg'><img loading=\"lazy\" decoding=\"async\" width=\"768\" height=\"513\" src=\"https:\/\/ialeman.cl\/wp-content\/uploads\/2023\/04\/Dia-Libro-Infantil_instituto_aleman_puerto_montt_8-768x513.jpg\" class=\"attachment-medium_large size-medium_large\" alt=\"\" srcset=\"https:\/\/ialeman.cl\/wp-content\/uploads\/2023\/04\/Dia-Libro-Infantil_instituto_aleman_puerto_montt_8-768x513.jpg 768w, https:\/\/ialeman.cl\/wp-content\/uploads\/2023\/04\/Dia-Libro-Infantil_instituto_aleman_puerto_montt_8-300x200.jpg 300w, https:\/\/ialeman.cl\/wp-content\/uploads\/2023\/04\/Dia-Libro-Infantil_instituto_aleman_puerto_montt_8-1024x684.jpg 1024w, https:\/\/ialeman.cl\/wp-content\/uploads\/2023\/04\/Dia-Libro-Infantil_instituto_aleman_puerto_montt_8.jpg 1200w\" sizes=\"(max-width: 768px) 100vw, 768px\" \/><\/a>\n\t\t\t<\/div><\/figure><figure class='gallery-item'>\n\t\t\t<div class='gallery-icon landscape'>\n\t\t\t\t<a data-elementor-open-lightbox=\"yes\" data-elementor-lightbox-slideshow=\"ded7cf9\" data-elementor-lightbox-title=\"D\u00eda Libro Infantil_instituto_aleman_puerto_montt_9\" data-e-action-hash=\"#elementor-action%3Aaction%3Dlightbox%26settings%3DeyJpZCI6MTg0NTIsInVybCI6Imh0dHBzOlwvXC9pYWxlbWFuLmNsXC93cC1jb250ZW50XC91cGxvYWRzXC8yMDIzXC8wNFwvRGlhLUxpYnJvLUluZmFudGlsX2luc3RpdHV0b19hbGVtYW5fcHVlcnRvX21vbnR0XzkuanBnIiwic2xpZGVzaG93IjoiZGVkN2NmOSJ9\" href='https:\/\/ialeman.cl\/wp-content\/uploads\/2023\/04\/Dia-Libro-Infantil_instituto_aleman_puerto_montt_9.jpg'><img loading=\"lazy\" decoding=\"async\" width=\"768\" height=\"513\" src=\"https:\/\/ialeman.cl\/wp-content\/uploads\/2023\/04\/Dia-Libro-Infantil_instituto_aleman_puerto_montt_9-768x513.jpg\" class=\"attachment-medium_large size-medium_large\" alt=\"\" srcset=\"https:\/\/ialeman.cl\/wp-content\/uploads\/2023\/04\/Dia-Libro-Infantil_instituto_aleman_puerto_montt_9-768x513.jpg 768w, https:\/\/ialeman.cl\/wp-content\/uploads\/2023\/04\/Dia-Libro-Infantil_instituto_aleman_puerto_montt_9-300x200.jpg 300w, https:\/\/ialeman.cl\/wp-content\/uploads\/2023\/04\/Dia-Libro-Infantil_instituto_aleman_puerto_montt_9-1024x684.jpg 1024w, https:\/\/ialeman.cl\/wp-content\/uploads\/2023\/04\/Dia-Libro-Infantil_instituto_aleman_puerto_montt_9.jpg 1200w\" sizes=\"(max-width: 768px) 100vw, 768px\" \/><\/a>\n\t\t\t<\/div><\/figure><figure class='gallery-item'>\n\t\t\t<div class='gallery-icon landscape'>\n\t\t\t\t<a data-elementor-open-lightbox=\"yes\" data-elementor-lightbox-slideshow=\"ded7cf9\" data-elementor-lightbox-title=\"D\u00eda Libro Infantil_instituto_aleman_puerto_montt_10\" data-e-action-hash=\"#elementor-action%3Aaction%3Dlightbox%26settings%3DeyJpZCI6MTg0NTMsInVybCI6Imh0dHBzOlwvXC9pYWxlbWFuLmNsXC93cC1jb250ZW50XC91cGxvYWRzXC8yMDIzXC8wNFwvRGlhLUxpYnJvLUluZmFudGlsX2luc3RpdHV0b19hbGVtYW5fcHVlcnRvX21vbnR0XzEwLmpwZyIsInNsaWRlc2hvdyI6ImRlZDdjZjkifQ%3D%3D\" href='https:\/\/ialeman.cl\/wp-content\/uploads\/2023\/04\/Dia-Libro-Infantil_instituto_aleman_puerto_montt_10.jpg'><img loading=\"lazy\" decoding=\"async\" width=\"768\" height=\"513\" src=\"https:\/\/ialeman.cl\/wp-content\/uploads\/2023\/04\/Dia-Libro-Infantil_instituto_aleman_puerto_montt_10-768x513.jpg\" class=\"attachment-medium_large size-medium_large\" alt=\"\" srcset=\"https:\/\/ialeman.cl\/wp-content\/uploads\/2023\/04\/Dia-Libro-Infantil_instituto_aleman_puerto_montt_10-768x513.jpg 768w, https:\/\/ialeman.cl\/wp-content\/uploads\/2023\/04\/Dia-Libro-Infantil_instituto_aleman_puerto_montt_10-300x200.jpg 300w, https:\/\/ialeman.cl\/wp-content\/uploads\/2023\/04\/Dia-Libro-Infantil_instituto_aleman_puerto_montt_10-1024x684.jpg 1024w, https:\/\/ialeman.cl\/wp-content\/uploads\/2023\/04\/Dia-Libro-Infantil_instituto_aleman_puerto_montt_10.jpg 1200w\" sizes=\"(max-width: 768px) 100vw, 768px\" \/><\/a>\n\t\t\t<\/div><\/figure><figure class='gallery-item'>\n\t\t\t<div class='gallery-icon landscape'>\n\t\t\t\t<a data-elementor-open-lightbox=\"yes\" data-elementor-lightbox-slideshow=\"ded7cf9\" data-elementor-lightbox-title=\"D\u00eda Libro Infantil_instituto_aleman_puerto_montt_11\" data-e-action-hash=\"#elementor-action%3Aaction%3Dlightbox%26settings%3DeyJpZCI6MTg0NTQsInVybCI6Imh0dHBzOlwvXC9pYWxlbWFuLmNsXC93cC1jb250ZW50XC91cGxvYWRzXC8yMDIzXC8wNFwvRGlhLUxpYnJvLUluZmFudGlsX2luc3RpdHV0b19hbGVtYW5fcHVlcnRvX21vbnR0XzExLmpwZyIsInNsaWRlc2hvdyI6ImRlZDdjZjkifQ%3D%3D\" href='https:\/\/ialeman.cl\/wp-content\/uploads\/2023\/04\/Dia-Libro-Infantil_instituto_aleman_puerto_montt_11.jpg'><img loading=\"lazy\" decoding=\"async\" width=\"768\" height=\"513\" src=\"https:\/\/ialeman.cl\/wp-content\/uploads\/2023\/04\/Dia-Libro-Infantil_instituto_aleman_puerto_montt_11-768x513.jpg\" class=\"attachment-medium_large size-medium_large\" alt=\"\" srcset=\"https:\/\/ialeman.cl\/wp-content\/uploads\/2023\/04\/Dia-Libro-Infantil_instituto_aleman_puerto_montt_11-768x513.jpg 768w, https:\/\/ialeman.cl\/wp-content\/uploads\/2023\/04\/Dia-Libro-Infantil_instituto_aleman_puerto_montt_11-300x200.jpg 300w, https:\/\/ialeman.cl\/wp-content\/uploads\/2023\/04\/Dia-Libro-Infantil_instituto_aleman_puerto_montt_11-1024x684.jpg 1024w, https:\/\/ialeman.cl\/wp-content\/uploads\/2023\/04\/Dia-Libro-Infantil_instituto_aleman_puerto_montt_11.jpg 1200w\" sizes=\"(max-width: 768px) 100vw, 768px\" \/><\/a>\n\t\t\t<\/div><\/figure><figure class='gallery-item'>\n\t\t\t<div class='gallery-icon landscape'>\n\t\t\t\t<a data-elementor-open-lightbox=\"yes\" data-elementor-lightbox-slideshow=\"ded7cf9\" data-elementor-lightbox-title=\"D\u00eda Libro Infantil_instituto_aleman_puerto_montt_12\" data-e-action-hash=\"#elementor-action%3Aaction%3Dlightbox%26settings%3DeyJpZCI6MTg0NTUsInVybCI6Imh0dHBzOlwvXC9pYWxlbWFuLmNsXC93cC1jb250ZW50XC91cGxvYWRzXC8yMDIzXC8wNFwvRGlhLUxpYnJvLUluZmFudGlsX2luc3RpdHV0b19hbGVtYW5fcHVlcnRvX21vbnR0XzEyLmpwZyIsInNsaWRlc2hvdyI6ImRlZDdjZjkifQ%3D%3D\" href='https:\/\/ialeman.cl\/wp-content\/uploads\/2023\/04\/Dia-Libro-Infantil_instituto_aleman_puerto_montt_12.jpg'><img loading=\"lazy\" decoding=\"async\" width=\"768\" height=\"513\" src=\"https:\/\/ialeman.cl\/wp-content\/uploads\/2023\/04\/Dia-Libro-Infantil_instituto_aleman_puerto_montt_12-768x513.jpg\" class=\"attachment-medium_large size-medium_large\" alt=\"\" srcset=\"https:\/\/ialeman.cl\/wp-content\/uploads\/2023\/04\/Dia-Libro-Infantil_instituto_aleman_puerto_montt_12-768x513.jpg 768w, https:\/\/ialeman.cl\/wp-content\/uploads\/2023\/04\/Dia-Libro-Infantil_instituto_aleman_puerto_montt_12-300x200.jpg 300w, https:\/\/ialeman.cl\/wp-content\/uploads\/2023\/04\/Dia-Libro-Infantil_instituto_aleman_puerto_montt_12-1024x684.jpg 1024w, https:\/\/ialeman.cl\/wp-content\/uploads\/2023\/04\/Dia-Libro-Infantil_instituto_aleman_puerto_montt_12.jpg 1200w\" sizes=\"(max-width: 768px) 100vw, 768px\" \/><\/a>\n\t\t\t<\/div><\/figure><figure class='gallery-item'>\n\t\t\t<div class='gallery-icon landscape'>\n\t\t\t\t<a data-elementor-open-lightbox=\"yes\" data-elementor-lightbox-slideshow=\"ded7cf9\" data-elementor-lightbox-title=\"D\u00eda Libro Infantil_instituto_aleman_puerto_montt_13\" data-e-action-hash=\"#elementor-action%3Aaction%3Dlightbox%26settings%3DeyJpZCI6MTg0NTYsInVybCI6Imh0dHBzOlwvXC9pYWxlbWFuLmNsXC93cC1jb250ZW50XC91cGxvYWRzXC8yMDIzXC8wNFwvRGlhLUxpYnJvLUluZmFudGlsX2luc3RpdHV0b19hbGVtYW5fcHVlcnRvX21vbnR0XzEzLmpwZyIsInNsaWRlc2hvdyI6ImRlZDdjZjkifQ%3D%3D\" href='https:\/\/ialeman.cl\/wp-content\/uploads\/2023\/04\/Dia-Libro-Infantil_instituto_aleman_puerto_montt_13.jpg'><img loading=\"lazy\" decoding=\"async\" width=\"768\" height=\"513\" src=\"https:\/\/ialeman.cl\/wp-content\/uploads\/2023\/04\/Dia-Libro-Infantil_instituto_aleman_puerto_montt_13-768x513.jpg\" class=\"attachment-medium_large size-medium_large\" alt=\"\" srcset=\"https:\/\/ialeman.cl\/wp-content\/uploads\/2023\/04\/Dia-Libro-Infantil_instituto_aleman_puerto_montt_13-768x513.jpg 768w, https:\/\/ialeman.cl\/wp-content\/uploads\/2023\/04\/Dia-Libro-Infantil_instituto_aleman_puerto_montt_13-300x200.jpg 300w, https:\/\/ialeman.cl\/wp-content\/uploads\/2023\/04\/Dia-Libro-Infantil_instituto_aleman_puerto_montt_13-1024x684.jpg 1024w, https:\/\/ialeman.cl\/wp-content\/uploads\/2023\/04\/Dia-Libro-Infantil_instituto_aleman_puerto_montt_13.jpg 1200w\" sizes=\"(max-width: 768px) 100vw, 768px\" \/><\/a>\n\t\t\t<\/div><\/figure><figure class='gallery-item'>\n\t\t\t<div class='gallery-icon landscape'>\n\t\t\t\t<a data-elementor-open-lightbox=\"yes\" data-elementor-lightbox-slideshow=\"ded7cf9\" data-elementor-lightbox-title=\"D\u00eda Libro Infantil_instituto_aleman_puerto_montt_14\" data-e-action-hash=\"#elementor-action%3Aaction%3Dlightbox%26settings%3DeyJpZCI6MTg0NTcsInVybCI6Imh0dHBzOlwvXC9pYWxlbWFuLmNsXC93cC1jb250ZW50XC91cGxvYWRzXC8yMDIzXC8wNFwvRGlhLUxpYnJvLUluZmFudGlsX2luc3RpdHV0b19hbGVtYW5fcHVlcnRvX21vbnR0XzE0LmpwZyIsInNsaWRlc2hvdyI6ImRlZDdjZjkifQ%3D%3D\" href='https:\/\/ialeman.cl\/wp-content\/uploads\/2023\/04\/Dia-Libro-Infantil_instituto_aleman_puerto_montt_14.jpg'><img loading=\"lazy\" decoding=\"async\" width=\"768\" height=\"513\" src=\"https:\/\/ialeman.cl\/wp-content\/uploads\/2023\/04\/Dia-Libro-Infantil_instituto_aleman_puerto_montt_14-768x513.jpg\" class=\"attachment-medium_large size-medium_large\" alt=\"\" srcset=\"https:\/\/ialeman.cl\/wp-content\/uploads\/2023\/04\/Dia-Libro-Infantil_instituto_aleman_puerto_montt_14-768x513.jpg 768w, https:\/\/ialeman.cl\/wp-content\/uploads\/2023\/04\/Dia-Libro-Infantil_instituto_aleman_puerto_montt_14-300x200.jpg 300w, https:\/\/ialeman.cl\/wp-content\/uploads\/2023\/04\/Dia-Libro-Infantil_instituto_aleman_puerto_montt_14-1024x684.jpg 1024w, https:\/\/ialeman.cl\/wp-content\/uploads\/2023\/04\/Dia-Libro-Infantil_instituto_aleman_puerto_montt_14.jpg 1200w\" sizes=\"(max-width: 768px) 100vw, 768px\" \/><\/a>\n\t\t\t<\/div><\/figure><figure class='gallery-item'>\n\t\t\t<div class='gallery-icon landscape'>\n\t\t\t\t<a data-elementor-open-lightbox=\"yes\" data-elementor-lightbox-slideshow=\"ded7cf9\" data-elementor-lightbox-title=\"D\u00eda Libro Infantil_instituto_aleman_puerto_montt_15\" data-e-action-hash=\"#elementor-action%3Aaction%3Dlightbox%26settings%3DeyJpZCI6MTg0NTgsInVybCI6Imh0dHBzOlwvXC9pYWxlbWFuLmNsXC93cC1jb250ZW50XC91cGxvYWRzXC8yMDIzXC8wNFwvRGlhLUxpYnJvLUluZmFudGlsX2luc3RpdHV0b19hbGVtYW5fcHVlcnRvX21vbnR0XzE1LmpwZyIsInNsaWRlc2hvdyI6ImRlZDdjZjkifQ%3D%3D\" href='https:\/\/ialeman.cl\/wp-content\/uploads\/2023\/04\/Dia-Libro-Infantil_instituto_aleman_puerto_montt_15.jpg'><img loading=\"lazy\" decoding=\"async\" width=\"768\" height=\"513\" src=\"https:\/\/ialeman.cl\/wp-content\/uploads\/2023\/04\/Dia-Libro-Infantil_instituto_aleman_puerto_montt_15-768x513.jpg\" class=\"attachment-medium_large size-medium_large\" alt=\"\" srcset=\"https:\/\/ialeman.cl\/wp-content\/uploads\/2023\/04\/Dia-Libro-Infantil_instituto_aleman_puerto_montt_15-768x513.jpg 768w, https:\/\/ialeman.cl\/wp-content\/uploads\/2023\/04\/Dia-Libro-Infantil_instituto_aleman_puerto_montt_15-300x200.jpg 300w, https:\/\/ialeman.cl\/wp-content\/uploads\/2023\/04\/Dia-Libro-Infantil_instituto_aleman_puerto_montt_15-1024x684.jpg 1024w, https:\/\/ialeman.cl\/wp-content\/uploads\/2023\/04\/Dia-Libro-Infantil_instituto_aleman_puerto_montt_15.jpg 1200w\" sizes=\"(max-width: 768px) 100vw, 768px\" \/><\/a>\n\t\t\t<\/div><\/figure><figure class='gallery-item'>\n\t\t\t<div class='gallery-icon landscape'>\n\t\t\t\t<a data-elementor-open-lightbox=\"yes\" data-elementor-lightbox-slideshow=\"ded7cf9\" data-elementor-lightbox-title=\"D\u00eda Libro Infantil_instituto_aleman_puerto_montt_16\" data-e-action-hash=\"#elementor-action%3Aaction%3Dlightbox%26settings%3DeyJpZCI6MTg0NTksInVybCI6Imh0dHBzOlwvXC9pYWxlbWFuLmNsXC93cC1jb250ZW50XC91cGxvYWRzXC8yMDIzXC8wNFwvRGlhLUxpYnJvLUluZmFudGlsX2luc3RpdHV0b19hbGVtYW5fcHVlcnRvX21vbnR0XzE2LmpwZyIsInNsaWRlc2hvdyI6ImRlZDdjZjkifQ%3D%3D\" href='https:\/\/ialeman.cl\/wp-content\/uploads\/2023\/04\/Dia-Libro-Infantil_instituto_aleman_puerto_montt_16.jpg'><img loading=\"lazy\" decoding=\"async\" width=\"768\" height=\"513\" src=\"https:\/\/ialeman.cl\/wp-content\/uploads\/2023\/04\/Dia-Libro-Infantil_instituto_aleman_puerto_montt_16-768x513.jpg\" class=\"attachment-medium_large size-medium_large\" alt=\"\" srcset=\"https:\/\/ialeman.cl\/wp-content\/uploads\/2023\/04\/Dia-Libro-Infantil_instituto_aleman_puerto_montt_16-768x513.jpg 768w, https:\/\/ialeman.cl\/wp-content\/uploads\/2023\/04\/Dia-Libro-Infantil_instituto_aleman_puerto_montt_16-300x200.jpg 300w, https:\/\/ialeman.cl\/wp-content\/uploads\/2023\/04\/Dia-Libro-Infantil_instituto_aleman_puerto_montt_16-1024x684.jpg 1024w, https:\/\/ialeman.cl\/wp-content\/uploads\/2023\/04\/Dia-Libro-Infantil_instituto_aleman_puerto_montt_16.jpg 1200w\" sizes=\"(max-width: 768px) 100vw, 768px\" \/><\/a>\n\t\t\t<\/div><\/figure><figure class='gallery-item'>\n\t\t\t<div class='gallery-icon landscape'>\n\t\t\t\t<a data-elementor-open-lightbox=\"yes\" data-elementor-lightbox-slideshow=\"ded7cf9\" data-elementor-lightbox-title=\"D\u00eda Libro Infantil_instituto_aleman_puerto_montt_17\" data-e-action-hash=\"#elementor-action%3Aaction%3Dlightbox%26settings%3DeyJpZCI6MTg0NjAsInVybCI6Imh0dHBzOlwvXC9pYWxlbWFuLmNsXC93cC1jb250ZW50XC91cGxvYWRzXC8yMDIzXC8wNFwvRGlhLUxpYnJvLUluZmFudGlsX2luc3RpdHV0b19hbGVtYW5fcHVlcnRvX21vbnR0XzE3LmpwZyIsInNsaWRlc2hvdyI6ImRlZDdjZjkifQ%3D%3D\" href='https:\/\/ialeman.cl\/wp-content\/uploads\/2023\/04\/Dia-Libro-Infantil_instituto_aleman_puerto_montt_17.jpg'><img loading=\"lazy\" decoding=\"async\" width=\"768\" height=\"513\" src=\"https:\/\/ialeman.cl\/wp-content\/uploads\/2023\/04\/Dia-Libro-Infantil_instituto_aleman_puerto_montt_17-768x513.jpg\" class=\"attachment-medium_large size-medium_large\" alt=\"\" srcset=\"https:\/\/ialeman.cl\/wp-content\/uploads\/2023\/04\/Dia-Libro-Infantil_instituto_aleman_puerto_montt_17-768x513.jpg 768w, https:\/\/ialeman.cl\/wp-content\/uploads\/2023\/04\/Dia-Libro-Infantil_instituto_aleman_puerto_montt_17-300x200.jpg 300w, https:\/\/ialeman.cl\/wp-content\/uploads\/2023\/04\/Dia-Libro-Infantil_instituto_aleman_puerto_montt_17-1024x684.jpg 1024w, https:\/\/ialeman.cl\/wp-content\/uploads\/2023\/04\/Dia-Libro-Infantil_instituto_aleman_puerto_montt_17.jpg 1200w\" sizes=\"(max-width: 768px) 100vw, 768px\" \/><\/a>\n\t\t\t<\/div><\/figure><figure class='gallery-item'>\n\t\t\t<div class='gallery-icon landscape'>\n\t\t\t\t<a data-elementor-open-lightbox=\"yes\" data-elementor-lightbox-slideshow=\"ded7cf9\" data-elementor-lightbox-title=\"D\u00eda Libro Infantil_instituto_aleman_puerto_montt_18\" data-e-action-hash=\"#elementor-action%3Aaction%3Dlightbox%26settings%3DeyJpZCI6MTg0NjEsInVybCI6Imh0dHBzOlwvXC9pYWxlbWFuLmNsXC93cC1jb250ZW50XC91cGxvYWRzXC8yMDIzXC8wNFwvRGlhLUxpYnJvLUluZmFudGlsX2luc3RpdHV0b19hbGVtYW5fcHVlcnRvX21vbnR0XzE4LmpwZyIsInNsaWRlc2hvdyI6ImRlZDdjZjkifQ%3D%3D\" href='https:\/\/ialeman.cl\/wp-content\/uploads\/2023\/04\/Dia-Libro-Infantil_instituto_aleman_puerto_montt_18.jpg'><img loading=\"lazy\" decoding=\"async\" width=\"768\" height=\"513\" src=\"https:\/\/ialeman.cl\/wp-content\/uploads\/2023\/04\/Dia-Libro-Infantil_instituto_aleman_puerto_montt_18-768x513.jpg\" class=\"attachment-medium_large size-medium_large\" alt=\"\" srcset=\"https:\/\/ialeman.cl\/wp-content\/uploads\/2023\/04\/Dia-Libro-Infantil_instituto_aleman_puerto_montt_18-768x513.jpg 768w, https:\/\/ialeman.cl\/wp-content\/uploads\/2023\/04\/Dia-Libro-Infantil_instituto_aleman_puerto_montt_18-300x200.jpg 300w, https:\/\/ialeman.cl\/wp-content\/uploads\/2023\/04\/Dia-Libro-Infantil_instituto_aleman_puerto_montt_18-1024x684.jpg 1024w, https:\/\/ialeman.cl\/wp-content\/uploads\/2023\/04\/Dia-Libro-Infantil_instituto_aleman_puerto_montt_18.jpg 1200w\" sizes=\"(max-width: 768px) 100vw, 768px\" \/><\/a>\n\t\t\t<\/div><\/figure>\n\t\t<\/div>\n\t\t<\/div>\n\t\t\t\t\t\t<\/div>\n\t\t\t\t<\/div>\n\t\t\t\t\t<\/div>\n\t\t<\/div>\n\t\t\t\t\t<\/div>\n\t\t<\/section>\n\t\t\t\t<\/div>\n\t\t","protected":false},"excerpt":{"rendered":"<p>CELEBRACI\u00d3N D\u00cdA INTERNACIONAL DEL LIBRO INFANTIL Coincidiendo con la fecha de nacimiento del escritor dan\u00e9s Hans Christian Andersen , el d\u00eda 3 de abril ha quedado asignado como el D\u00eda Internacional del Libro Infantil . Este a\u00f1o correspondi\u00f3 a Grecia crear el afiche que ilustra esta efem\u00e9ride , con el lema \u201csoy un libro, l\u00e9eme\u201d, [&hellip;]<\/p>\n","protected":false},"author":1,"featured_media":18437,"comment_status":"closed","ping_status":"closed","sticky":false,"template":"","format":"standard","meta":{"site-sidebar-layout":"default","site-content-layout":"","ast-site-content-layout":"default","site-content-style":"default","site-sidebar-style":"default","ast-global-header-display":"","ast-banner-title-visibility":"","ast-main-header-display":"","ast-hfb-above-header-display":"","ast-hfb-below-header-display":"","ast-hfb-mobile-header-display":"","site-post-title":"disabled","ast-breadcrumbs-content":"","ast-featured-img":"disabled","footer-sml-layout":"","ast-disable-related-posts":"","theme-transparent-header-meta":"","adv-header-id-meta":"","stick-header-meta":"","header-above-stick-meta":"","header-main-stick-meta":"","header-below-stick-meta":"","astra-migrate-meta-layouts":"default","ast-page-background-enabled":"default","ast-page-background-meta":{"desktop":{"background-color":"var(--ast-global-color-4)","background-image":"","background-repeat":"repeat","background-position":"center center","background-size":"auto","background-attachment":"scroll","background-type":"","background-media":"","overlay-type":"","overlay-color":"","overlay-opacity":"","overlay-gradient":""},"tablet":{"background-color":"","background-image":"","background-repeat":"repeat","background-position":"center center","background-size":"auto","background-attachment":"scroll","background-type":"","background-media":"","overlay-type":"","overlay-color":"","overlay-opacity":"","overlay-gradient":""},"mobile":{"background-color":"","background-image":"","background-repeat":"repeat","background-position":"center center","background-size":"auto","background-attachment":"scroll","background-type":"","background-media":"","overlay-type":"","overlay-color":"","overlay-opacity":"","overlay-gradient":""}},"ast-content-background-meta":{"desktop":{"background-color":"var(--ast-global-color-5)","background-image":"","background-repeat":"repeat","background-position":"center center","background-size":"auto","background-attachment":"scroll","background-type":"","background-media":"","overlay-type":"","overlay-color":"","overlay-opacity":"","overlay-gradient":""},"tablet":{"background-color":"var(--ast-global-color-5)","background-image":"","background-repeat":"repeat","background-position":"center center","background-size":"auto","background-attachment":"scroll","background-type":"","background-media":"","overlay-type":"","overlay-color":"","overlay-opacity":"","overlay-gradient":""},"mobile":{"background-color":"var(--ast-global-color-5)","background-image":"","background-repeat":"repeat","background-position":"center center","background-size":"auto","background-attachment":"scroll","background-type":"","background-media":"","overlay-type":"","overlay-color":"","overlay-opacity":"","overlay-gradient":""}},"advanced_seo_description":"","jetpack_seo_html_title":"","jetpack_seo_noindex":false,"jetpack_seo_schema_type":"","_jetpack_newsletter_access":"","_jetpack_dont_email_post_to_subs":false,"_jetpack_newsletter_tier_id":0,"_jetpack_memberships_contains_paywalled_content":false,"_wpcom_ai_launchpad_first_post":false,"_jetpack_feature_clip_id":0,"_jetpack_memberships_contains_paid_content":false,"footnotes":"","jetpack_post_was_ever_published":false},"categories":[19,10],"tags":[],"class_list":["post-18435","post","type-post","status-publish","format-standard","has-post-thumbnail","hentry","category-bibliocra","category-noticias"],"jetpack_shortlink":"https:\/\/wp.me\/ph8I5c-4Nl","jetpack_sharing_enabled":true,"jetpack_featured_media_url":"https:\/\/ialeman.cl\/wp-content\/uploads\/2023\/04\/Dia-Libro-Infantil_instituto_aleman_puerto_montt_5.jpg","_links":{"self":[{"href":"https:\/\/ialeman.cl\/index.php\/wp-json\/wp\/v2\/posts\/18435","targetHints":{"allow":["GET"]}}],"collection":[{"href":"https:\/\/ialeman.cl\/index.php\/wp-json\/wp\/v2\/posts"}],"about":[{"href":"https:\/\/ialeman.cl\/index.php\/wp-json\/wp\/v2\/types\/post"}],"author":[{"embeddable":true,"href":"https:\/\/ialeman.cl\/index.php\/wp-json\/wp\/v2\/users\/1"}],"replies":[{"embeddable":true,"href":"https:\/\/ialeman.cl\/index.php\/wp-json\/wp\/v2\/comments?post=18435"}],"version-history":[{"count":0,"href":"https:\/\/ialeman.cl\/index.php\/wp-json\/wp\/v2\/posts\/18435\/revisions"}],"wp:featuredmedia":[{"embeddable":true,"href":"https:\/\/ialeman.cl\/index.php\/wp-json\/wp\/v2\/media\/18437"}],"wp:attachment":[{"href":"https:\/\/ialeman.cl\/index.php\/wp-json\/wp\/v2\/media?parent=18435"}],"wp:term":[{"taxonomy":"category","embeddable":true,"href":"https:\/\/ialeman.cl\/index.php\/wp-json\/wp\/v2\/categories?post=18435"},{"taxonomy":"post_tag","embeddable":true,"href":"https:\/\/ialeman.cl\/index.php\/wp-json\/wp\/v2\/tags?post=18435"}],"curies":[{"name":"wp","href":"https:\/\/api.w.org\/{rel}","templated":true}]}}