{"id":13449,"date":"2022-11-24T11:18:10","date_gmt":"2022-11-24T15:18:10","guid":{"rendered":"https:\/\/ialeman.cl\/?p=13449"},"modified":"2022-11-24T11:40:16","modified_gmt":"2022-11-24T15:40:16","slug":"jugendkonzert-2022","status":"publish","type":"post","link":"https:\/\/ialeman.cl\/index.php\/jugendkonzert-2022\/","title":{"rendered":"Jugendkonzert 2022"},"content":{"rendered":"\t\t<div data-elementor-type=\"wp-post\" data-elementor-id=\"13449\" class=\"elementor elementor-13449\">\n\t\t\t\t\t\t<section class=\"elementor-section elementor-top-section elementor-element elementor-element-fa33ef8 elementor-section-boxed elementor-section-height-default elementor-section-height-default\" data-id=\"fa33ef8\" data-element_type=\"section\" data-e-type=\"section\">\n\t\t\t\t\t\t<div class=\"elementor-container elementor-column-gap-default\">\n\t\t\t\t\t<div class=\"elementor-column elementor-col-50 elementor-top-column elementor-element elementor-element-5a0afd0\" data-id=\"5a0afd0\" data-element_type=\"column\" data-e-type=\"column\">\n\t\t\t<div class=\"elementor-widget-wrap elementor-element-populated\">\n\t\t\t\t\t\t<div class=\"elementor-element elementor-element-ed584bd elementor-widget elementor-widget-heading\" data-id=\"ed584bd\" data-element_type=\"widget\" data-e-type=\"widget\" data-widget_type=\"heading.default\">\n\t\t\t\t<div class=\"elementor-widget-container\">\n\t\t\t\t\t<h2 class=\"elementor-heading-title elementor-size-default\">La Jugendkonzert se realiz\u00f3 con la presentaci\u00f3n de grandes artistas de la Schule.<br>\n\nEl tradicional evento musical congreg\u00f3 a m\u00e1s de un centenar de estudiantes de Primer Ciclo a Ense\u00f1anza Media, los que deslumbraron con su talento a los asistentes.<br><br>\n\nPor m\u00e1s de dos horas se extendi\u00f3 la Jugendkonzert 2022, en la que se presentaron m\u00e1s de 20 bandas, pianistas, solistas y coros, llev\u00e1ndose los aplausos del p\u00fablico que se reuni\u00f3 en el gimnasio del colegio.<br><br>\n\nLa actividad organizada por el Departamento de Arte y M\u00fasica emocion\u00f3 y cumpli\u00f3 con todas las expectativas, dijo la profesora Cecilia Ba\u00f1ados. <br><br>\n\nLa Jugendkonzert hizo vibrar y disfrutar a toda la comunidad del Instituto Alem\u00e1n, especialmente por la calidad de los participantes al cantar o tocar alg\u00fan instrumento musical. \n<\/h2>\t\t\t\t<\/div>\n\t\t\t\t<\/div>\n\t\t\t\t\t<\/div>\n\t\t<\/div>\n\t\t\t\t<div class=\"elementor-column elementor-col-50 elementor-top-column elementor-element elementor-element-4dceae6\" data-id=\"4dceae6\" data-element_type=\"column\" data-e-type=\"column\">\n\t\t\t<div class=\"elementor-widget-wrap elementor-element-populated\">\n\t\t\t\t\t\t<div class=\"elementor-element elementor-element-9a7de88 elementor-widget elementor-widget-image\" data-id=\"9a7de88\" data-element_type=\"widget\" data-e-type=\"widget\" data-widget_type=\"image.default\">\n\t\t\t\t<div class=\"elementor-widget-container\">\n\t\t\t\t\t\t\t\t\t\t\t\t\t\t\t<img fetchpriority=\"high\" decoding=\"async\" width=\"1024\" height=\"1024\" src=\"https:\/\/ialeman.cl\/wp-content\/uploads\/2022\/11\/POST_JUGENKONZERT_2022-1024x1024.png\" class=\"attachment-large size-large wp-image-13454\" alt=\"\" srcset=\"https:\/\/ialeman.cl\/wp-content\/uploads\/2022\/11\/POST_JUGENKONZERT_2022-1024x1024.png 1024w, https:\/\/ialeman.cl\/wp-content\/uploads\/2022\/11\/POST_JUGENKONZERT_2022-300x300.png 300w, https:\/\/ialeman.cl\/wp-content\/uploads\/2022\/11\/POST_JUGENKONZERT_2022-150x150.png 150w, https:\/\/ialeman.cl\/wp-content\/uploads\/2022\/11\/POST_JUGENKONZERT_2022-768x768.png 768w, https:\/\/ialeman.cl\/wp-content\/uploads\/2022\/11\/POST_JUGENKONZERT_2022-250x250.png 250w, https:\/\/ialeman.cl\/wp-content\/uploads\/2022\/11\/POST_JUGENKONZERT_2022.png 1080w\" sizes=\"(max-width: 1024px) 100vw, 1024px\" \/>\t\t\t\t\t\t\t\t\t\t\t\t\t\t\t<\/div>\n\t\t\t\t<\/div>\n\t\t\t\t<div class=\"elementor-element elementor-element-6588224 elementor-widget elementor-widget-image\" data-id=\"6588224\" data-element_type=\"widget\" data-e-type=\"widget\" data-widget_type=\"image.default\">\n\t\t\t\t<div class=\"elementor-widget-container\">\n\t\t\t\t\t\t\t\t\t\t\t\t\t\t\t<img decoding=\"async\" width=\"1024\" height=\"1024\" src=\"https:\/\/ialeman.cl\/wp-content\/uploads\/2022\/11\/Jugendkonzert_DS_Puerto-Montt-1024x1024.png\" class=\"attachment-large size-large wp-image-13455\" alt=\"\" srcset=\"https:\/\/ialeman.cl\/wp-content\/uploads\/2022\/11\/Jugendkonzert_DS_Puerto-Montt-1024x1024.png 1024w, https:\/\/ialeman.cl\/wp-content\/uploads\/2022\/11\/Jugendkonzert_DS_Puerto-Montt-300x300.png 300w, https:\/\/ialeman.cl\/wp-content\/uploads\/2022\/11\/Jugendkonzert_DS_Puerto-Montt-150x150.png 150w, https:\/\/ialeman.cl\/wp-content\/uploads\/2022\/11\/Jugendkonzert_DS_Puerto-Montt-768x768.png 768w, https:\/\/ialeman.cl\/wp-content\/uploads\/2022\/11\/Jugendkonzert_DS_Puerto-Montt-250x250.png 250w, https:\/\/ialeman.cl\/wp-content\/uploads\/2022\/11\/Jugendkonzert_DS_Puerto-Montt.png 1080w\" sizes=\"(max-width: 1024px) 100vw, 1024px\" \/>\t\t\t\t\t\t\t\t\t\t\t\t\t\t\t<\/div>\n\t\t\t\t<\/div>\n\t\t\t\t\t<\/div>\n\t\t<\/div>\n\t\t\t\t\t<\/div>\n\t\t<\/section>\n\t\t\t\t<section class=\"elementor-section elementor-top-section elementor-element elementor-element-48dd451 elementor-section-boxed elementor-section-height-default elementor-section-height-default\" data-id=\"48dd451\" data-element_type=\"section\" data-e-type=\"section\">\n\t\t\t\t\t\t<div class=\"elementor-container elementor-column-gap-default\">\n\t\t\t\t\t<div class=\"elementor-column elementor-col-100 elementor-top-column elementor-element elementor-element-980bf32\" data-id=\"980bf32\" data-element_type=\"column\" data-e-type=\"column\">\n\t\t\t<div class=\"elementor-widget-wrap elementor-element-populated\">\n\t\t\t\t\t\t<div class=\"elementor-element elementor-element-b4b5dbe gallery-spacing-custom elementor-widget elementor-widget-image-gallery\" data-id=\"b4b5dbe\" data-element_type=\"widget\" data-e-type=\"widget\" data-widget_type=\"image-gallery.default\">\n\t\t\t\t<div class=\"elementor-widget-container\">\n\t\t\t\t\t\t\t<div class=\"elementor-image-gallery\">\n\t\t\t<div id='gallery-1' class='gallery galleryid-13449 gallery-columns-3 gallery-size-medium_large'><figure class='gallery-item'>\n\t\t\t<div class='gallery-icon landscape'>\n\t\t\t\t<a data-elementor-open-lightbox=\"yes\" data-elementor-lightbox-slideshow=\"b4b5dbe\" data-elementor-lightbox-title=\"DS_PuertoMontt_Jugendkonzert_1\" data-e-action-hash=\"#elementor-action%3Aaction%3Dlightbox%26settings%3DeyJpZCI6MTM0NTYsInVybCI6Imh0dHBzOlwvXC9pYWxlbWFuLmNsXC93cC1jb250ZW50XC91cGxvYWRzXC8yMDIyXC8xMVwvRFNfUHVlcnRvTW9udHRfSnVnZW5ka29uemVydF8xLmpwZyIsInNsaWRlc2hvdyI6ImI0YjVkYmUifQ%3D%3D\" href='https:\/\/ialeman.cl\/wp-content\/uploads\/2022\/11\/DS_PuertoMontt_Jugendkonzert_1.jpg'><img decoding=\"async\" width=\"768\" height=\"512\" src=\"https:\/\/ialeman.cl\/wp-content\/uploads\/2022\/11\/DS_PuertoMontt_Jugendkonzert_1-768x512.jpg\" class=\"attachment-medium_large size-medium_large\" alt=\"\" srcset=\"https:\/\/ialeman.cl\/wp-content\/uploads\/2022\/11\/DS_PuertoMontt_Jugendkonzert_1-768x512.jpg 768w, https:\/\/ialeman.cl\/wp-content\/uploads\/2022\/11\/DS_PuertoMontt_Jugendkonzert_1-300x200.jpg 300w, https:\/\/ialeman.cl\/wp-content\/uploads\/2022\/11\/DS_PuertoMontt_Jugendkonzert_1-1024x683.jpg 1024w, https:\/\/ialeman.cl\/wp-content\/uploads\/2022\/11\/DS_PuertoMontt_Jugendkonzert_1.jpg 1200w\" sizes=\"(max-width: 768px) 100vw, 768px\" \/><\/a>\n\t\t\t<\/div><\/figure><figure class='gallery-item'>\n\t\t\t<div class='gallery-icon landscape'>\n\t\t\t\t<a data-elementor-open-lightbox=\"yes\" data-elementor-lightbox-slideshow=\"b4b5dbe\" data-elementor-lightbox-title=\"DS_PuertoMontt_Jugendkonzert_3\" data-e-action-hash=\"#elementor-action%3Aaction%3Dlightbox%26settings%3DeyJpZCI6MTM0NTgsInVybCI6Imh0dHBzOlwvXC9pYWxlbWFuLmNsXC93cC1jb250ZW50XC91cGxvYWRzXC8yMDIyXC8xMVwvRFNfUHVlcnRvTW9udHRfSnVnZW5ka29uemVydF8zLmpwZyIsInNsaWRlc2hvdyI6ImI0YjVkYmUifQ%3D%3D\" href='https:\/\/ialeman.cl\/wp-content\/uploads\/2022\/11\/DS_PuertoMontt_Jugendkonzert_3.jpg'><img loading=\"lazy\" decoding=\"async\" width=\"768\" height=\"512\" src=\"https:\/\/ialeman.cl\/wp-content\/uploads\/2022\/11\/DS_PuertoMontt_Jugendkonzert_3-768x512.jpg\" class=\"attachment-medium_large size-medium_large\" alt=\"\" srcset=\"https:\/\/ialeman.cl\/wp-content\/uploads\/2022\/11\/DS_PuertoMontt_Jugendkonzert_3-768x512.jpg 768w, https:\/\/ialeman.cl\/wp-content\/uploads\/2022\/11\/DS_PuertoMontt_Jugendkonzert_3-300x200.jpg 300w, https:\/\/ialeman.cl\/wp-content\/uploads\/2022\/11\/DS_PuertoMontt_Jugendkonzert_3-1024x683.jpg 1024w, https:\/\/ialeman.cl\/wp-content\/uploads\/2022\/11\/DS_PuertoMontt_Jugendkonzert_3.jpg 1200w\" sizes=\"(max-width: 768px) 100vw, 768px\" \/><\/a>\n\t\t\t<\/div><\/figure><figure class='gallery-item'>\n\t\t\t<div class='gallery-icon landscape'>\n\t\t\t\t<a data-elementor-open-lightbox=\"yes\" data-elementor-lightbox-slideshow=\"b4b5dbe\" data-elementor-lightbox-title=\"DS_PuertoMontt_Jugendkonzert_4\" data-e-action-hash=\"#elementor-action%3Aaction%3Dlightbox%26settings%3DeyJpZCI6MTM0NTksInVybCI6Imh0dHBzOlwvXC9pYWxlbWFuLmNsXC93cC1jb250ZW50XC91cGxvYWRzXC8yMDIyXC8xMVwvRFNfUHVlcnRvTW9udHRfSnVnZW5ka29uemVydF80LmpwZyIsInNsaWRlc2hvdyI6ImI0YjVkYmUifQ%3D%3D\" href='https:\/\/ialeman.cl\/wp-content\/uploads\/2022\/11\/DS_PuertoMontt_Jugendkonzert_4.jpg'><img loading=\"lazy\" decoding=\"async\" width=\"768\" height=\"512\" src=\"https:\/\/ialeman.cl\/wp-content\/uploads\/2022\/11\/DS_PuertoMontt_Jugendkonzert_4-768x512.jpg\" class=\"attachment-medium_large size-medium_large\" alt=\"\" srcset=\"https:\/\/ialeman.cl\/wp-content\/uploads\/2022\/11\/DS_PuertoMontt_Jugendkonzert_4-768x512.jpg 768w, https:\/\/ialeman.cl\/wp-content\/uploads\/2022\/11\/DS_PuertoMontt_Jugendkonzert_4-300x200.jpg 300w, https:\/\/ialeman.cl\/wp-content\/uploads\/2022\/11\/DS_PuertoMontt_Jugendkonzert_4-1024x683.jpg 1024w, https:\/\/ialeman.cl\/wp-content\/uploads\/2022\/11\/DS_PuertoMontt_Jugendkonzert_4.jpg 1200w\" sizes=\"(max-width: 768px) 100vw, 768px\" \/><\/a>\n\t\t\t<\/div><\/figure><figure class='gallery-item'>\n\t\t\t<div class='gallery-icon landscape'>\n\t\t\t\t<a data-elementor-open-lightbox=\"yes\" data-elementor-lightbox-slideshow=\"b4b5dbe\" data-elementor-lightbox-title=\"DS_PuertoMontt_Jugendkonzert_5\" data-e-action-hash=\"#elementor-action%3Aaction%3Dlightbox%26settings%3DeyJpZCI6MTM0NjAsInVybCI6Imh0dHBzOlwvXC9pYWxlbWFuLmNsXC93cC1jb250ZW50XC91cGxvYWRzXC8yMDIyXC8xMVwvRFNfUHVlcnRvTW9udHRfSnVnZW5ka29uemVydF81LTEuanBnIiwic2xpZGVzaG93IjoiYjRiNWRiZSJ9\" href='https:\/\/ialeman.cl\/wp-content\/uploads\/2022\/11\/DS_PuertoMontt_Jugendkonzert_5-1.jpg'><img loading=\"lazy\" decoding=\"async\" width=\"768\" height=\"512\" src=\"https:\/\/ialeman.cl\/wp-content\/uploads\/2022\/11\/DS_PuertoMontt_Jugendkonzert_5-1-768x512.jpg\" class=\"attachment-medium_large size-medium_large\" alt=\"\" srcset=\"https:\/\/ialeman.cl\/wp-content\/uploads\/2022\/11\/DS_PuertoMontt_Jugendkonzert_5-1-768x512.jpg 768w, https:\/\/ialeman.cl\/wp-content\/uploads\/2022\/11\/DS_PuertoMontt_Jugendkonzert_5-1-300x200.jpg 300w, https:\/\/ialeman.cl\/wp-content\/uploads\/2022\/11\/DS_PuertoMontt_Jugendkonzert_5-1-1024x683.jpg 1024w, https:\/\/ialeman.cl\/wp-content\/uploads\/2022\/11\/DS_PuertoMontt_Jugendkonzert_5-1.jpg 1200w\" sizes=\"(max-width: 768px) 100vw, 768px\" \/><\/a>\n\t\t\t<\/div><\/figure><figure class='gallery-item'>\n\t\t\t<div class='gallery-icon landscape'>\n\t\t\t\t<a data-elementor-open-lightbox=\"yes\" data-elementor-lightbox-slideshow=\"b4b5dbe\" data-elementor-lightbox-title=\"DS_PuertoMontt_Jugendkonzert_6\" data-e-action-hash=\"#elementor-action%3Aaction%3Dlightbox%26settings%3DeyJpZCI6MTM0NjEsInVybCI6Imh0dHBzOlwvXC9pYWxlbWFuLmNsXC93cC1jb250ZW50XC91cGxvYWRzXC8yMDIyXC8xMVwvRFNfUHVlcnRvTW9udHRfSnVnZW5ka29uemVydF82LmpwZyIsInNsaWRlc2hvdyI6ImI0YjVkYmUifQ%3D%3D\" href='https:\/\/ialeman.cl\/wp-content\/uploads\/2022\/11\/DS_PuertoMontt_Jugendkonzert_6.jpg'><img loading=\"lazy\" decoding=\"async\" width=\"768\" height=\"512\" src=\"https:\/\/ialeman.cl\/wp-content\/uploads\/2022\/11\/DS_PuertoMontt_Jugendkonzert_6-768x512.jpg\" class=\"attachment-medium_large size-medium_large\" alt=\"\" srcset=\"https:\/\/ialeman.cl\/wp-content\/uploads\/2022\/11\/DS_PuertoMontt_Jugendkonzert_6-768x512.jpg 768w, https:\/\/ialeman.cl\/wp-content\/uploads\/2022\/11\/DS_PuertoMontt_Jugendkonzert_6-300x200.jpg 300w, https:\/\/ialeman.cl\/wp-content\/uploads\/2022\/11\/DS_PuertoMontt_Jugendkonzert_6-1024x683.jpg 1024w, https:\/\/ialeman.cl\/wp-content\/uploads\/2022\/11\/DS_PuertoMontt_Jugendkonzert_6.jpg 1200w\" sizes=\"(max-width: 768px) 100vw, 768px\" \/><\/a>\n\t\t\t<\/div><\/figure><figure class='gallery-item'>\n\t\t\t<div class='gallery-icon landscape'>\n\t\t\t\t<a data-elementor-open-lightbox=\"yes\" data-elementor-lightbox-slideshow=\"b4b5dbe\" data-elementor-lightbox-title=\"DS_PuertoMontt_Jugendkonzert_7\" data-e-action-hash=\"#elementor-action%3Aaction%3Dlightbox%26settings%3DeyJpZCI6MTM0NjIsInVybCI6Imh0dHBzOlwvXC9pYWxlbWFuLmNsXC93cC1jb250ZW50XC91cGxvYWRzXC8yMDIyXC8xMVwvRFNfUHVlcnRvTW9udHRfSnVnZW5ka29uemVydF83LmpwZyIsInNsaWRlc2hvdyI6ImI0YjVkYmUifQ%3D%3D\" href='https:\/\/ialeman.cl\/wp-content\/uploads\/2022\/11\/DS_PuertoMontt_Jugendkonzert_7.jpg'><img loading=\"lazy\" decoding=\"async\" width=\"768\" height=\"512\" src=\"https:\/\/ialeman.cl\/wp-content\/uploads\/2022\/11\/DS_PuertoMontt_Jugendkonzert_7-768x512.jpg\" class=\"attachment-medium_large size-medium_large\" alt=\"\" srcset=\"https:\/\/ialeman.cl\/wp-content\/uploads\/2022\/11\/DS_PuertoMontt_Jugendkonzert_7-768x512.jpg 768w, https:\/\/ialeman.cl\/wp-content\/uploads\/2022\/11\/DS_PuertoMontt_Jugendkonzert_7-300x200.jpg 300w, https:\/\/ialeman.cl\/wp-content\/uploads\/2022\/11\/DS_PuertoMontt_Jugendkonzert_7-1024x683.jpg 1024w, https:\/\/ialeman.cl\/wp-content\/uploads\/2022\/11\/DS_PuertoMontt_Jugendkonzert_7.jpg 1200w\" sizes=\"(max-width: 768px) 100vw, 768px\" \/><\/a>\n\t\t\t<\/div><\/figure><figure class='gallery-item'>\n\t\t\t<div class='gallery-icon landscape'>\n\t\t\t\t<a data-elementor-open-lightbox=\"yes\" data-elementor-lightbox-slideshow=\"b4b5dbe\" data-elementor-lightbox-title=\"DS_PuertoMontt_Jugendkonzert_8\" data-e-action-hash=\"#elementor-action%3Aaction%3Dlightbox%26settings%3DeyJpZCI6MTM0NjMsInVybCI6Imh0dHBzOlwvXC9pYWxlbWFuLmNsXC93cC1jb250ZW50XC91cGxvYWRzXC8yMDIyXC8xMVwvRFNfUHVlcnRvTW9udHRfSnVnZW5ka29uemVydF84LmpwZyIsInNsaWRlc2hvdyI6ImI0YjVkYmUifQ%3D%3D\" href='https:\/\/ialeman.cl\/wp-content\/uploads\/2022\/11\/DS_PuertoMontt_Jugendkonzert_8.jpg'><img loading=\"lazy\" decoding=\"async\" width=\"768\" height=\"512\" src=\"https:\/\/ialeman.cl\/wp-content\/uploads\/2022\/11\/DS_PuertoMontt_Jugendkonzert_8-768x512.jpg\" class=\"attachment-medium_large size-medium_large\" alt=\"\" srcset=\"https:\/\/ialeman.cl\/wp-content\/uploads\/2022\/11\/DS_PuertoMontt_Jugendkonzert_8-768x512.jpg 768w, https:\/\/ialeman.cl\/wp-content\/uploads\/2022\/11\/DS_PuertoMontt_Jugendkonzert_8-300x200.jpg 300w, https:\/\/ialeman.cl\/wp-content\/uploads\/2022\/11\/DS_PuertoMontt_Jugendkonzert_8-1024x683.jpg 1024w, https:\/\/ialeman.cl\/wp-content\/uploads\/2022\/11\/DS_PuertoMontt_Jugendkonzert_8.jpg 1200w\" sizes=\"(max-width: 768px) 100vw, 768px\" \/><\/a>\n\t\t\t<\/div><\/figure><figure class='gallery-item'>\n\t\t\t<div class='gallery-icon landscape'>\n\t\t\t\t<a data-elementor-open-lightbox=\"yes\" data-elementor-lightbox-slideshow=\"b4b5dbe\" data-elementor-lightbox-title=\"DS_PuertoMontt_Jugendkonzert_9\" data-e-action-hash=\"#elementor-action%3Aaction%3Dlightbox%26settings%3DeyJpZCI6MTM0NjQsInVybCI6Imh0dHBzOlwvXC9pYWxlbWFuLmNsXC93cC1jb250ZW50XC91cGxvYWRzXC8yMDIyXC8xMVwvRFNfUHVlcnRvTW9udHRfSnVnZW5ka29uemVydF85LmpwZyIsInNsaWRlc2hvdyI6ImI0YjVkYmUifQ%3D%3D\" href='https:\/\/ialeman.cl\/wp-content\/uploads\/2022\/11\/DS_PuertoMontt_Jugendkonzert_9.jpg'><img loading=\"lazy\" decoding=\"async\" width=\"768\" height=\"512\" src=\"https:\/\/ialeman.cl\/wp-content\/uploads\/2022\/11\/DS_PuertoMontt_Jugendkonzert_9-768x512.jpg\" class=\"attachment-medium_large size-medium_large\" alt=\"\" srcset=\"https:\/\/ialeman.cl\/wp-content\/uploads\/2022\/11\/DS_PuertoMontt_Jugendkonzert_9-768x512.jpg 768w, https:\/\/ialeman.cl\/wp-content\/uploads\/2022\/11\/DS_PuertoMontt_Jugendkonzert_9-300x200.jpg 300w, https:\/\/ialeman.cl\/wp-content\/uploads\/2022\/11\/DS_PuertoMontt_Jugendkonzert_9-1024x683.jpg 1024w, https:\/\/ialeman.cl\/wp-content\/uploads\/2022\/11\/DS_PuertoMontt_Jugendkonzert_9.jpg 1200w\" sizes=\"(max-width: 768px) 100vw, 768px\" \/><\/a>\n\t\t\t<\/div><\/figure><figure class='gallery-item'>\n\t\t\t<div class='gallery-icon landscape'>\n\t\t\t\t<a data-elementor-open-lightbox=\"yes\" data-elementor-lightbox-slideshow=\"b4b5dbe\" data-elementor-lightbox-title=\"DS_PuertoMontt_Jugendkonzert_10\" data-e-action-hash=\"#elementor-action%3Aaction%3Dlightbox%26settings%3DeyJpZCI6MTM0NjUsInVybCI6Imh0dHBzOlwvXC9pYWxlbWFuLmNsXC93cC1jb250ZW50XC91cGxvYWRzXC8yMDIyXC8xMVwvRFNfUHVlcnRvTW9udHRfSnVnZW5ka29uemVydF8xMC5qcGciLCJzbGlkZXNob3ciOiJiNGI1ZGJlIn0%3D\" href='https:\/\/ialeman.cl\/wp-content\/uploads\/2022\/11\/DS_PuertoMontt_Jugendkonzert_10.jpg'><img loading=\"lazy\" decoding=\"async\" width=\"768\" height=\"512\" src=\"https:\/\/ialeman.cl\/wp-content\/uploads\/2022\/11\/DS_PuertoMontt_Jugendkonzert_10-768x512.jpg\" class=\"attachment-medium_large size-medium_large\" alt=\"\" srcset=\"https:\/\/ialeman.cl\/wp-content\/uploads\/2022\/11\/DS_PuertoMontt_Jugendkonzert_10-768x512.jpg 768w, https:\/\/ialeman.cl\/wp-content\/uploads\/2022\/11\/DS_PuertoMontt_Jugendkonzert_10-300x200.jpg 300w, https:\/\/ialeman.cl\/wp-content\/uploads\/2022\/11\/DS_PuertoMontt_Jugendkonzert_10-1024x683.jpg 1024w, https:\/\/ialeman.cl\/wp-content\/uploads\/2022\/11\/DS_PuertoMontt_Jugendkonzert_10.jpg 1200w\" sizes=\"(max-width: 768px) 100vw, 768px\" \/><\/a>\n\t\t\t<\/div><\/figure><figure class='gallery-item'>\n\t\t\t<div class='gallery-icon landscape'>\n\t\t\t\t<a data-elementor-open-lightbox=\"yes\" data-elementor-lightbox-slideshow=\"b4b5dbe\" data-elementor-lightbox-title=\"DS_PuertoMontt_Jugendkonzert_11\" data-e-action-hash=\"#elementor-action%3Aaction%3Dlightbox%26settings%3DeyJpZCI6MTM0NjYsInVybCI6Imh0dHBzOlwvXC9pYWxlbWFuLmNsXC93cC1jb250ZW50XC91cGxvYWRzXC8yMDIyXC8xMVwvRFNfUHVlcnRvTW9udHRfSnVnZW5ka29uemVydF8xMS5qcGciLCJzbGlkZXNob3ciOiJiNGI1ZGJlIn0%3D\" href='https:\/\/ialeman.cl\/wp-content\/uploads\/2022\/11\/DS_PuertoMontt_Jugendkonzert_11.jpg'><img loading=\"lazy\" decoding=\"async\" width=\"768\" height=\"512\" src=\"https:\/\/ialeman.cl\/wp-content\/uploads\/2022\/11\/DS_PuertoMontt_Jugendkonzert_11-768x512.jpg\" class=\"attachment-medium_large size-medium_large\" alt=\"\" srcset=\"https:\/\/ialeman.cl\/wp-content\/uploads\/2022\/11\/DS_PuertoMontt_Jugendkonzert_11-768x512.jpg 768w, https:\/\/ialeman.cl\/wp-content\/uploads\/2022\/11\/DS_PuertoMontt_Jugendkonzert_11-300x200.jpg 300w, https:\/\/ialeman.cl\/wp-content\/uploads\/2022\/11\/DS_PuertoMontt_Jugendkonzert_11-1024x683.jpg 1024w, https:\/\/ialeman.cl\/wp-content\/uploads\/2022\/11\/DS_PuertoMontt_Jugendkonzert_11.jpg 1200w\" sizes=\"(max-width: 768px) 100vw, 768px\" \/><\/a>\n\t\t\t<\/div><\/figure><figure class='gallery-item'>\n\t\t\t<div class='gallery-icon landscape'>\n\t\t\t\t<a data-elementor-open-lightbox=\"yes\" data-elementor-lightbox-slideshow=\"b4b5dbe\" data-elementor-lightbox-title=\"DS_PuertoMontt_Jugendkonzert_12\" data-e-action-hash=\"#elementor-action%3Aaction%3Dlightbox%26settings%3DeyJpZCI6MTM0NjcsInVybCI6Imh0dHBzOlwvXC9pYWxlbWFuLmNsXC93cC1jb250ZW50XC91cGxvYWRzXC8yMDIyXC8xMVwvRFNfUHVlcnRvTW9udHRfSnVnZW5ka29uemVydF8xMi5qcGciLCJzbGlkZXNob3ciOiJiNGI1ZGJlIn0%3D\" href='https:\/\/ialeman.cl\/wp-content\/uploads\/2022\/11\/DS_PuertoMontt_Jugendkonzert_12.jpg'><img loading=\"lazy\" decoding=\"async\" width=\"768\" height=\"512\" src=\"https:\/\/ialeman.cl\/wp-content\/uploads\/2022\/11\/DS_PuertoMontt_Jugendkonzert_12-768x512.jpg\" class=\"attachment-medium_large size-medium_large\" alt=\"\" srcset=\"https:\/\/ialeman.cl\/wp-content\/uploads\/2022\/11\/DS_PuertoMontt_Jugendkonzert_12-768x512.jpg 768w, https:\/\/ialeman.cl\/wp-content\/uploads\/2022\/11\/DS_PuertoMontt_Jugendkonzert_12-300x200.jpg 300w, https:\/\/ialeman.cl\/wp-content\/uploads\/2022\/11\/DS_PuertoMontt_Jugendkonzert_12-1024x683.jpg 1024w, https:\/\/ialeman.cl\/wp-content\/uploads\/2022\/11\/DS_PuertoMontt_Jugendkonzert_12.jpg 1200w\" sizes=\"(max-width: 768px) 100vw, 768px\" \/><\/a>\n\t\t\t<\/div><\/figure><figure class='gallery-item'>\n\t\t\t<div class='gallery-icon landscape'>\n\t\t\t\t<a data-elementor-open-lightbox=\"yes\" data-elementor-lightbox-slideshow=\"b4b5dbe\" data-elementor-lightbox-title=\"DS_PuertoMontt_Jugendkonzert_13\" data-e-action-hash=\"#elementor-action%3Aaction%3Dlightbox%26settings%3DeyJpZCI6MTM0NjgsInVybCI6Imh0dHBzOlwvXC9pYWxlbWFuLmNsXC93cC1jb250ZW50XC91cGxvYWRzXC8yMDIyXC8xMVwvRFNfUHVlcnRvTW9udHRfSnVnZW5ka29uemVydF8xMy5qcGciLCJzbGlkZXNob3ciOiJiNGI1ZGJlIn0%3D\" href='https:\/\/ialeman.cl\/wp-content\/uploads\/2022\/11\/DS_PuertoMontt_Jugendkonzert_13.jpg'><img loading=\"lazy\" decoding=\"async\" width=\"768\" height=\"512\" src=\"https:\/\/ialeman.cl\/wp-content\/uploads\/2022\/11\/DS_PuertoMontt_Jugendkonzert_13-768x512.jpg\" class=\"attachment-medium_large size-medium_large\" alt=\"\" srcset=\"https:\/\/ialeman.cl\/wp-content\/uploads\/2022\/11\/DS_PuertoMontt_Jugendkonzert_13-768x512.jpg 768w, https:\/\/ialeman.cl\/wp-content\/uploads\/2022\/11\/DS_PuertoMontt_Jugendkonzert_13-300x200.jpg 300w, https:\/\/ialeman.cl\/wp-content\/uploads\/2022\/11\/DS_PuertoMontt_Jugendkonzert_13-1024x683.jpg 1024w, https:\/\/ialeman.cl\/wp-content\/uploads\/2022\/11\/DS_PuertoMontt_Jugendkonzert_13.jpg 1200w\" sizes=\"(max-width: 768px) 100vw, 768px\" \/><\/a>\n\t\t\t<\/div><\/figure><figure class='gallery-item'>\n\t\t\t<div class='gallery-icon landscape'>\n\t\t\t\t<a data-elementor-open-lightbox=\"yes\" data-elementor-lightbox-slideshow=\"b4b5dbe\" data-elementor-lightbox-title=\"DS_PuertoMontt_Jugendkonzert_14\" data-e-action-hash=\"#elementor-action%3Aaction%3Dlightbox%26settings%3DeyJpZCI6MTM0NjksInVybCI6Imh0dHBzOlwvXC9pYWxlbWFuLmNsXC93cC1jb250ZW50XC91cGxvYWRzXC8yMDIyXC8xMVwvRFNfUHVlcnRvTW9udHRfSnVnZW5ka29uemVydF8xNC5qcGciLCJzbGlkZXNob3ciOiJiNGI1ZGJlIn0%3D\" href='https:\/\/ialeman.cl\/wp-content\/uploads\/2022\/11\/DS_PuertoMontt_Jugendkonzert_14.jpg'><img loading=\"lazy\" decoding=\"async\" width=\"768\" height=\"512\" src=\"https:\/\/ialeman.cl\/wp-content\/uploads\/2022\/11\/DS_PuertoMontt_Jugendkonzert_14-768x512.jpg\" class=\"attachment-medium_large size-medium_large\" alt=\"\" srcset=\"https:\/\/ialeman.cl\/wp-content\/uploads\/2022\/11\/DS_PuertoMontt_Jugendkonzert_14-768x512.jpg 768w, https:\/\/ialeman.cl\/wp-content\/uploads\/2022\/11\/DS_PuertoMontt_Jugendkonzert_14-300x200.jpg 300w, https:\/\/ialeman.cl\/wp-content\/uploads\/2022\/11\/DS_PuertoMontt_Jugendkonzert_14-1024x683.jpg 1024w, https:\/\/ialeman.cl\/wp-content\/uploads\/2022\/11\/DS_PuertoMontt_Jugendkonzert_14.jpg 1200w\" sizes=\"(max-width: 768px) 100vw, 768px\" \/><\/a>\n\t\t\t<\/div><\/figure><figure class='gallery-item'>\n\t\t\t<div class='gallery-icon landscape'>\n\t\t\t\t<a data-elementor-open-lightbox=\"yes\" data-elementor-lightbox-slideshow=\"b4b5dbe\" data-elementor-lightbox-title=\"DS_PuertoMontt_Jugendkonzert_15\" data-e-action-hash=\"#elementor-action%3Aaction%3Dlightbox%26settings%3DeyJpZCI6MTM0NzAsInVybCI6Imh0dHBzOlwvXC9pYWxlbWFuLmNsXC93cC1jb250ZW50XC91cGxvYWRzXC8yMDIyXC8xMVwvRFNfUHVlcnRvTW9udHRfSnVnZW5ka29uemVydF8xNS5qcGciLCJzbGlkZXNob3ciOiJiNGI1ZGJlIn0%3D\" href='https:\/\/ialeman.cl\/wp-content\/uploads\/2022\/11\/DS_PuertoMontt_Jugendkonzert_15.jpg'><img loading=\"lazy\" decoding=\"async\" width=\"768\" height=\"512\" src=\"https:\/\/ialeman.cl\/wp-content\/uploads\/2022\/11\/DS_PuertoMontt_Jugendkonzert_15-768x512.jpg\" class=\"attachment-medium_large size-medium_large\" alt=\"\" srcset=\"https:\/\/ialeman.cl\/wp-content\/uploads\/2022\/11\/DS_PuertoMontt_Jugendkonzert_15-768x512.jpg 768w, https:\/\/ialeman.cl\/wp-content\/uploads\/2022\/11\/DS_PuertoMontt_Jugendkonzert_15-300x200.jpg 300w, https:\/\/ialeman.cl\/wp-content\/uploads\/2022\/11\/DS_PuertoMontt_Jugendkonzert_15-1024x683.jpg 1024w, https:\/\/ialeman.cl\/wp-content\/uploads\/2022\/11\/DS_PuertoMontt_Jugendkonzert_15.jpg 1200w\" sizes=\"(max-width: 768px) 100vw, 768px\" \/><\/a>\n\t\t\t<\/div><\/figure><figure class='gallery-item'>\n\t\t\t<div class='gallery-icon landscape'>\n\t\t\t\t<a data-elementor-open-lightbox=\"yes\" data-elementor-lightbox-slideshow=\"b4b5dbe\" data-elementor-lightbox-title=\"DS_PuertoMontt_Jugendkonzert_16\" data-e-action-hash=\"#elementor-action%3Aaction%3Dlightbox%26settings%3DeyJpZCI6MTM0NzEsInVybCI6Imh0dHBzOlwvXC9pYWxlbWFuLmNsXC93cC1jb250ZW50XC91cGxvYWRzXC8yMDIyXC8xMVwvRFNfUHVlcnRvTW9udHRfSnVnZW5ka29uemVydF8xNi5qcGciLCJzbGlkZXNob3ciOiJiNGI1ZGJlIn0%3D\" href='https:\/\/ialeman.cl\/wp-content\/uploads\/2022\/11\/DS_PuertoMontt_Jugendkonzert_16.jpg'><img loading=\"lazy\" decoding=\"async\" width=\"768\" height=\"512\" src=\"https:\/\/ialeman.cl\/wp-content\/uploads\/2022\/11\/DS_PuertoMontt_Jugendkonzert_16-768x512.jpg\" class=\"attachment-medium_large size-medium_large\" alt=\"\" srcset=\"https:\/\/ialeman.cl\/wp-content\/uploads\/2022\/11\/DS_PuertoMontt_Jugendkonzert_16-768x512.jpg 768w, https:\/\/ialeman.cl\/wp-content\/uploads\/2022\/11\/DS_PuertoMontt_Jugendkonzert_16-300x200.jpg 300w, https:\/\/ialeman.cl\/wp-content\/uploads\/2022\/11\/DS_PuertoMontt_Jugendkonzert_16-1024x683.jpg 1024w, https:\/\/ialeman.cl\/wp-content\/uploads\/2022\/11\/DS_PuertoMontt_Jugendkonzert_16.jpg 1200w\" sizes=\"(max-width: 768px) 100vw, 768px\" \/><\/a>\n\t\t\t<\/div><\/figure><figure class='gallery-item'>\n\t\t\t<div class='gallery-icon landscape'>\n\t\t\t\t<a data-elementor-open-lightbox=\"yes\" data-elementor-lightbox-slideshow=\"b4b5dbe\" data-elementor-lightbox-title=\"DS_PuertoMontt_Jugendkonzert_17\" data-e-action-hash=\"#elementor-action%3Aaction%3Dlightbox%26settings%3DeyJpZCI6MTM0NzIsInVybCI6Imh0dHBzOlwvXC9pYWxlbWFuLmNsXC93cC1jb250ZW50XC91cGxvYWRzXC8yMDIyXC8xMVwvRFNfUHVlcnRvTW9udHRfSnVnZW5ka29uemVydF8xNy5qcGciLCJzbGlkZXNob3ciOiJiNGI1ZGJlIn0%3D\" href='https:\/\/ialeman.cl\/wp-content\/uploads\/2022\/11\/DS_PuertoMontt_Jugendkonzert_17.jpg'><img loading=\"lazy\" decoding=\"async\" width=\"768\" height=\"512\" src=\"https:\/\/ialeman.cl\/wp-content\/uploads\/2022\/11\/DS_PuertoMontt_Jugendkonzert_17-768x512.jpg\" class=\"attachment-medium_large size-medium_large\" alt=\"\" srcset=\"https:\/\/ialeman.cl\/wp-content\/uploads\/2022\/11\/DS_PuertoMontt_Jugendkonzert_17-768x512.jpg 768w, https:\/\/ialeman.cl\/wp-content\/uploads\/2022\/11\/DS_PuertoMontt_Jugendkonzert_17-300x200.jpg 300w, https:\/\/ialeman.cl\/wp-content\/uploads\/2022\/11\/DS_PuertoMontt_Jugendkonzert_17-1024x683.jpg 1024w, https:\/\/ialeman.cl\/wp-content\/uploads\/2022\/11\/DS_PuertoMontt_Jugendkonzert_17.jpg 1200w\" sizes=\"(max-width: 768px) 100vw, 768px\" \/><\/a>\n\t\t\t<\/div><\/figure><figure class='gallery-item'>\n\t\t\t<div class='gallery-icon landscape'>\n\t\t\t\t<a data-elementor-open-lightbox=\"yes\" data-elementor-lightbox-slideshow=\"b4b5dbe\" data-elementor-lightbox-title=\"DS_PuertoMontt_Jugendkonzert_18\" data-e-action-hash=\"#elementor-action%3Aaction%3Dlightbox%26settings%3DeyJpZCI6MTM0NzMsInVybCI6Imh0dHBzOlwvXC9pYWxlbWFuLmNsXC93cC1jb250ZW50XC91cGxvYWRzXC8yMDIyXC8xMVwvRFNfUHVlcnRvTW9udHRfSnVnZW5ka29uemVydF8xOC5qcGciLCJzbGlkZXNob3ciOiJiNGI1ZGJlIn0%3D\" href='https:\/\/ialeman.cl\/wp-content\/uploads\/2022\/11\/DS_PuertoMontt_Jugendkonzert_18.jpg'><img loading=\"lazy\" decoding=\"async\" width=\"768\" height=\"512\" src=\"https:\/\/ialeman.cl\/wp-content\/uploads\/2022\/11\/DS_PuertoMontt_Jugendkonzert_18-768x512.jpg\" class=\"attachment-medium_large size-medium_large\" alt=\"\" srcset=\"https:\/\/ialeman.cl\/wp-content\/uploads\/2022\/11\/DS_PuertoMontt_Jugendkonzert_18-768x512.jpg 768w, https:\/\/ialeman.cl\/wp-content\/uploads\/2022\/11\/DS_PuertoMontt_Jugendkonzert_18-300x200.jpg 300w, https:\/\/ialeman.cl\/wp-content\/uploads\/2022\/11\/DS_PuertoMontt_Jugendkonzert_18-1024x683.jpg 1024w, https:\/\/ialeman.cl\/wp-content\/uploads\/2022\/11\/DS_PuertoMontt_Jugendkonzert_18.jpg 1200w\" sizes=\"(max-width: 768px) 100vw, 768px\" \/><\/a>\n\t\t\t<\/div><\/figure><figure class='gallery-item'>\n\t\t\t<div class='gallery-icon landscape'>\n\t\t\t\t<a data-elementor-open-lightbox=\"yes\" data-elementor-lightbox-slideshow=\"b4b5dbe\" data-elementor-lightbox-title=\"DS_PuertoMontt_Jugendkonzert_19\" data-e-action-hash=\"#elementor-action%3Aaction%3Dlightbox%26settings%3DeyJpZCI6MTM0NzQsInVybCI6Imh0dHBzOlwvXC9pYWxlbWFuLmNsXC93cC1jb250ZW50XC91cGxvYWRzXC8yMDIyXC8xMVwvRFNfUHVlcnRvTW9udHRfSnVnZW5ka29uemVydF8xOS5qcGciLCJzbGlkZXNob3ciOiJiNGI1ZGJlIn0%3D\" href='https:\/\/ialeman.cl\/wp-content\/uploads\/2022\/11\/DS_PuertoMontt_Jugendkonzert_19.jpg'><img loading=\"lazy\" decoding=\"async\" width=\"768\" height=\"512\" src=\"https:\/\/ialeman.cl\/wp-content\/uploads\/2022\/11\/DS_PuertoMontt_Jugendkonzert_19-768x512.jpg\" class=\"attachment-medium_large size-medium_large\" alt=\"\" srcset=\"https:\/\/ialeman.cl\/wp-content\/uploads\/2022\/11\/DS_PuertoMontt_Jugendkonzert_19-768x512.jpg 768w, https:\/\/ialeman.cl\/wp-content\/uploads\/2022\/11\/DS_PuertoMontt_Jugendkonzert_19-300x200.jpg 300w, https:\/\/ialeman.cl\/wp-content\/uploads\/2022\/11\/DS_PuertoMontt_Jugendkonzert_19-1024x683.jpg 1024w, https:\/\/ialeman.cl\/wp-content\/uploads\/2022\/11\/DS_PuertoMontt_Jugendkonzert_19.jpg 1200w\" sizes=\"(max-width: 768px) 100vw, 768px\" \/><\/a>\n\t\t\t<\/div><\/figure><figure class='gallery-item'>\n\t\t\t<div class='gallery-icon landscape'>\n\t\t\t\t<a data-elementor-open-lightbox=\"yes\" data-elementor-lightbox-slideshow=\"b4b5dbe\" data-elementor-lightbox-title=\"DS_PuertoMontt_Jugendkonzert_20\" data-e-action-hash=\"#elementor-action%3Aaction%3Dlightbox%26settings%3DeyJpZCI6MTM0NzUsInVybCI6Imh0dHBzOlwvXC9pYWxlbWFuLmNsXC93cC1jb250ZW50XC91cGxvYWRzXC8yMDIyXC8xMVwvRFNfUHVlcnRvTW9udHRfSnVnZW5ka29uemVydF8yMC5qcGciLCJzbGlkZXNob3ciOiJiNGI1ZGJlIn0%3D\" href='https:\/\/ialeman.cl\/wp-content\/uploads\/2022\/11\/DS_PuertoMontt_Jugendkonzert_20.jpg'><img loading=\"lazy\" decoding=\"async\" width=\"768\" height=\"512\" src=\"https:\/\/ialeman.cl\/wp-content\/uploads\/2022\/11\/DS_PuertoMontt_Jugendkonzert_20-768x512.jpg\" class=\"attachment-medium_large size-medium_large\" alt=\"\" srcset=\"https:\/\/ialeman.cl\/wp-content\/uploads\/2022\/11\/DS_PuertoMontt_Jugendkonzert_20-768x512.jpg 768w, https:\/\/ialeman.cl\/wp-content\/uploads\/2022\/11\/DS_PuertoMontt_Jugendkonzert_20-300x200.jpg 300w, https:\/\/ialeman.cl\/wp-content\/uploads\/2022\/11\/DS_PuertoMontt_Jugendkonzert_20-1024x683.jpg 1024w, https:\/\/ialeman.cl\/wp-content\/uploads\/2022\/11\/DS_PuertoMontt_Jugendkonzert_20.jpg 1200w\" sizes=\"(max-width: 768px) 100vw, 768px\" \/><\/a>\n\t\t\t<\/div><\/figure><figure class='gallery-item'>\n\t\t\t<div class='gallery-icon landscape'>\n\t\t\t\t<a data-elementor-open-lightbox=\"yes\" data-elementor-lightbox-slideshow=\"b4b5dbe\" data-elementor-lightbox-title=\"DS_PuertoMontt_Jugendkonzert_21\" data-e-action-hash=\"#elementor-action%3Aaction%3Dlightbox%26settings%3DeyJpZCI6MTM0NzYsInVybCI6Imh0dHBzOlwvXC9pYWxlbWFuLmNsXC93cC1jb250ZW50XC91cGxvYWRzXC8yMDIyXC8xMVwvRFNfUHVlcnRvTW9udHRfSnVnZW5ka29uemVydF8yMS5qcGciLCJzbGlkZXNob3ciOiJiNGI1ZGJlIn0%3D\" href='https:\/\/ialeman.cl\/wp-content\/uploads\/2022\/11\/DS_PuertoMontt_Jugendkonzert_21.jpg'><img loading=\"lazy\" decoding=\"async\" width=\"768\" height=\"512\" src=\"https:\/\/ialeman.cl\/wp-content\/uploads\/2022\/11\/DS_PuertoMontt_Jugendkonzert_21-768x512.jpg\" class=\"attachment-medium_large size-medium_large\" alt=\"\" srcset=\"https:\/\/ialeman.cl\/wp-content\/uploads\/2022\/11\/DS_PuertoMontt_Jugendkonzert_21-768x512.jpg 768w, https:\/\/ialeman.cl\/wp-content\/uploads\/2022\/11\/DS_PuertoMontt_Jugendkonzert_21-300x200.jpg 300w, https:\/\/ialeman.cl\/wp-content\/uploads\/2022\/11\/DS_PuertoMontt_Jugendkonzert_21-1024x683.jpg 1024w, https:\/\/ialeman.cl\/wp-content\/uploads\/2022\/11\/DS_PuertoMontt_Jugendkonzert_21.jpg 1200w\" sizes=\"(max-width: 768px) 100vw, 768px\" \/><\/a>\n\t\t\t<\/div><\/figure><figure class='gallery-item'>\n\t\t\t<div class='gallery-icon landscape'>\n\t\t\t\t<a data-elementor-open-lightbox=\"yes\" data-elementor-lightbox-slideshow=\"b4b5dbe\" data-elementor-lightbox-title=\"DS_PuertoMontt_Jugendkonzert_22\" data-e-action-hash=\"#elementor-action%3Aaction%3Dlightbox%26settings%3DeyJpZCI6MTM0NzcsInVybCI6Imh0dHBzOlwvXC9pYWxlbWFuLmNsXC93cC1jb250ZW50XC91cGxvYWRzXC8yMDIyXC8xMVwvRFNfUHVlcnRvTW9udHRfSnVnZW5ka29uemVydF8yMi5qcGciLCJzbGlkZXNob3ciOiJiNGI1ZGJlIn0%3D\" href='https:\/\/ialeman.cl\/wp-content\/uploads\/2022\/11\/DS_PuertoMontt_Jugendkonzert_22.jpg'><img loading=\"lazy\" decoding=\"async\" width=\"768\" height=\"512\" src=\"https:\/\/ialeman.cl\/wp-content\/uploads\/2022\/11\/DS_PuertoMontt_Jugendkonzert_22-768x512.jpg\" class=\"attachment-medium_large size-medium_large\" alt=\"\" srcset=\"https:\/\/ialeman.cl\/wp-content\/uploads\/2022\/11\/DS_PuertoMontt_Jugendkonzert_22-768x512.jpg 768w, https:\/\/ialeman.cl\/wp-content\/uploads\/2022\/11\/DS_PuertoMontt_Jugendkonzert_22-300x200.jpg 300w, https:\/\/ialeman.cl\/wp-content\/uploads\/2022\/11\/DS_PuertoMontt_Jugendkonzert_22-1024x683.jpg 1024w, https:\/\/ialeman.cl\/wp-content\/uploads\/2022\/11\/DS_PuertoMontt_Jugendkonzert_22.jpg 1200w\" sizes=\"(max-width: 768px) 100vw, 768px\" \/><\/a>\n\t\t\t<\/div><\/figure><figure class='gallery-item'>\n\t\t\t<div class='gallery-icon landscape'>\n\t\t\t\t<a data-elementor-open-lightbox=\"yes\" data-elementor-lightbox-slideshow=\"b4b5dbe\" data-elementor-lightbox-title=\"DS_PuertoMontt_Jugendkonzert_23\" data-e-action-hash=\"#elementor-action%3Aaction%3Dlightbox%26settings%3DeyJpZCI6MTM0NzgsInVybCI6Imh0dHBzOlwvXC9pYWxlbWFuLmNsXC93cC1jb250ZW50XC91cGxvYWRzXC8yMDIyXC8xMVwvRFNfUHVlcnRvTW9udHRfSnVnZW5ka29uemVydF8yMy5qcGciLCJzbGlkZXNob3ciOiJiNGI1ZGJlIn0%3D\" href='https:\/\/ialeman.cl\/wp-content\/uploads\/2022\/11\/DS_PuertoMontt_Jugendkonzert_23.jpg'><img loading=\"lazy\" decoding=\"async\" width=\"768\" height=\"512\" src=\"https:\/\/ialeman.cl\/wp-content\/uploads\/2022\/11\/DS_PuertoMontt_Jugendkonzert_23-768x512.jpg\" class=\"attachment-medium_large size-medium_large\" alt=\"\" srcset=\"https:\/\/ialeman.cl\/wp-content\/uploads\/2022\/11\/DS_PuertoMontt_Jugendkonzert_23-768x512.jpg 768w, https:\/\/ialeman.cl\/wp-content\/uploads\/2022\/11\/DS_PuertoMontt_Jugendkonzert_23-300x200.jpg 300w, https:\/\/ialeman.cl\/wp-content\/uploads\/2022\/11\/DS_PuertoMontt_Jugendkonzert_23-1024x683.jpg 1024w, https:\/\/ialeman.cl\/wp-content\/uploads\/2022\/11\/DS_PuertoMontt_Jugendkonzert_23.jpg 1200w\" sizes=\"(max-width: 768px) 100vw, 768px\" \/><\/a>\n\t\t\t<\/div><\/figure><figure class='gallery-item'>\n\t\t\t<div class='gallery-icon landscape'>\n\t\t\t\t<a data-elementor-open-lightbox=\"yes\" data-elementor-lightbox-slideshow=\"b4b5dbe\" data-elementor-lightbox-title=\"DS_PuertoMontt_Jugendkonzert_24\" data-e-action-hash=\"#elementor-action%3Aaction%3Dlightbox%26settings%3DeyJpZCI6MTM0NzksInVybCI6Imh0dHBzOlwvXC9pYWxlbWFuLmNsXC93cC1jb250ZW50XC91cGxvYWRzXC8yMDIyXC8xMVwvRFNfUHVlcnRvTW9udHRfSnVnZW5ka29uemVydF8yNC5qcGciLCJzbGlkZXNob3ciOiJiNGI1ZGJlIn0%3D\" href='https:\/\/ialeman.cl\/wp-content\/uploads\/2022\/11\/DS_PuertoMontt_Jugendkonzert_24.jpg'><img loading=\"lazy\" decoding=\"async\" width=\"768\" height=\"512\" src=\"https:\/\/ialeman.cl\/wp-content\/uploads\/2022\/11\/DS_PuertoMontt_Jugendkonzert_24-768x512.jpg\" class=\"attachment-medium_large size-medium_large\" alt=\"\" srcset=\"https:\/\/ialeman.cl\/wp-content\/uploads\/2022\/11\/DS_PuertoMontt_Jugendkonzert_24-768x512.jpg 768w, https:\/\/ialeman.cl\/wp-content\/uploads\/2022\/11\/DS_PuertoMontt_Jugendkonzert_24-300x200.jpg 300w, https:\/\/ialeman.cl\/wp-content\/uploads\/2022\/11\/DS_PuertoMontt_Jugendkonzert_24-1024x683.jpg 1024w, https:\/\/ialeman.cl\/wp-content\/uploads\/2022\/11\/DS_PuertoMontt_Jugendkonzert_24.jpg 1200w\" sizes=\"(max-width: 768px) 100vw, 768px\" \/><\/a>\n\t\t\t<\/div><\/figure><figure class='gallery-item'>\n\t\t\t<div class='gallery-icon landscape'>\n\t\t\t\t<a data-elementor-open-lightbox=\"yes\" data-elementor-lightbox-slideshow=\"b4b5dbe\" data-elementor-lightbox-title=\"DS_PuertoMontt_Jugendkonzert_25\" data-e-action-hash=\"#elementor-action%3Aaction%3Dlightbox%26settings%3DeyJpZCI6MTM0ODAsInVybCI6Imh0dHBzOlwvXC9pYWxlbWFuLmNsXC93cC1jb250ZW50XC91cGxvYWRzXC8yMDIyXC8xMVwvRFNfUHVlcnRvTW9udHRfSnVnZW5ka29uemVydF8yNS5qcGciLCJzbGlkZXNob3ciOiJiNGI1ZGJlIn0%3D\" href='https:\/\/ialeman.cl\/wp-content\/uploads\/2022\/11\/DS_PuertoMontt_Jugendkonzert_25.jpg'><img loading=\"lazy\" decoding=\"async\" width=\"768\" height=\"512\" src=\"https:\/\/ialeman.cl\/wp-content\/uploads\/2022\/11\/DS_PuertoMontt_Jugendkonzert_25-768x512.jpg\" class=\"attachment-medium_large size-medium_large\" alt=\"\" srcset=\"https:\/\/ialeman.cl\/wp-content\/uploads\/2022\/11\/DS_PuertoMontt_Jugendkonzert_25-768x512.jpg 768w, https:\/\/ialeman.cl\/wp-content\/uploads\/2022\/11\/DS_PuertoMontt_Jugendkonzert_25-300x200.jpg 300w, https:\/\/ialeman.cl\/wp-content\/uploads\/2022\/11\/DS_PuertoMontt_Jugendkonzert_25-1024x683.jpg 1024w, https:\/\/ialeman.cl\/wp-content\/uploads\/2022\/11\/DS_PuertoMontt_Jugendkonzert_25.jpg 1200w\" sizes=\"(max-width: 768px) 100vw, 768px\" \/><\/a>\n\t\t\t<\/div><\/figure><figure class='gallery-item'>\n\t\t\t<div class='gallery-icon landscape'>\n\t\t\t\t<a data-elementor-open-lightbox=\"yes\" data-elementor-lightbox-slideshow=\"b4b5dbe\" data-elementor-lightbox-title=\"DS_PuertoMontt_Jugendkonzert_26\" data-e-action-hash=\"#elementor-action%3Aaction%3Dlightbox%26settings%3DeyJpZCI6MTM0ODEsInVybCI6Imh0dHBzOlwvXC9pYWxlbWFuLmNsXC93cC1jb250ZW50XC91cGxvYWRzXC8yMDIyXC8xMVwvRFNfUHVlcnRvTW9udHRfSnVnZW5ka29uemVydF8yNi5qcGciLCJzbGlkZXNob3ciOiJiNGI1ZGJlIn0%3D\" href='https:\/\/ialeman.cl\/wp-content\/uploads\/2022\/11\/DS_PuertoMontt_Jugendkonzert_26.jpg'><img loading=\"lazy\" decoding=\"async\" width=\"768\" height=\"512\" src=\"https:\/\/ialeman.cl\/wp-content\/uploads\/2022\/11\/DS_PuertoMontt_Jugendkonzert_26-768x512.jpg\" class=\"attachment-medium_large size-medium_large\" alt=\"\" srcset=\"https:\/\/ialeman.cl\/wp-content\/uploads\/2022\/11\/DS_PuertoMontt_Jugendkonzert_26-768x512.jpg 768w, https:\/\/ialeman.cl\/wp-content\/uploads\/2022\/11\/DS_PuertoMontt_Jugendkonzert_26-300x200.jpg 300w, https:\/\/ialeman.cl\/wp-content\/uploads\/2022\/11\/DS_PuertoMontt_Jugendkonzert_26-1024x683.jpg 1024w, https:\/\/ialeman.cl\/wp-content\/uploads\/2022\/11\/DS_PuertoMontt_Jugendkonzert_26.jpg 1200w\" sizes=\"(max-width: 768px) 100vw, 768px\" \/><\/a>\n\t\t\t<\/div><\/figure><figure class='gallery-item'>\n\t\t\t<div class='gallery-icon landscape'>\n\t\t\t\t<a data-elementor-open-lightbox=\"yes\" data-elementor-lightbox-slideshow=\"b4b5dbe\" data-elementor-lightbox-title=\"DS_PuertoMontt_Jugendkonzert_27\" data-e-action-hash=\"#elementor-action%3Aaction%3Dlightbox%26settings%3DeyJpZCI6MTM0ODIsInVybCI6Imh0dHBzOlwvXC9pYWxlbWFuLmNsXC93cC1jb250ZW50XC91cGxvYWRzXC8yMDIyXC8xMVwvRFNfUHVlcnRvTW9udHRfSnVnZW5ka29uemVydF8yNy5qcGciLCJzbGlkZXNob3ciOiJiNGI1ZGJlIn0%3D\" href='https:\/\/ialeman.cl\/wp-content\/uploads\/2022\/11\/DS_PuertoMontt_Jugendkonzert_27.jpg'><img loading=\"lazy\" decoding=\"async\" width=\"768\" height=\"512\" src=\"https:\/\/ialeman.cl\/wp-content\/uploads\/2022\/11\/DS_PuertoMontt_Jugendkonzert_27-768x512.jpg\" class=\"attachment-medium_large size-medium_large\" alt=\"\" srcset=\"https:\/\/ialeman.cl\/wp-content\/uploads\/2022\/11\/DS_PuertoMontt_Jugendkonzert_27-768x512.jpg 768w, https:\/\/ialeman.cl\/wp-content\/uploads\/2022\/11\/DS_PuertoMontt_Jugendkonzert_27-300x200.jpg 300w, https:\/\/ialeman.cl\/wp-content\/uploads\/2022\/11\/DS_PuertoMontt_Jugendkonzert_27-1024x683.jpg 1024w, https:\/\/ialeman.cl\/wp-content\/uploads\/2022\/11\/DS_PuertoMontt_Jugendkonzert_27.jpg 1200w\" sizes=\"(max-width: 768px) 100vw, 768px\" \/><\/a>\n\t\t\t<\/div><\/figure><figure class='gallery-item'>\n\t\t\t<div class='gallery-icon landscape'>\n\t\t\t\t<a data-elementor-open-lightbox=\"yes\" data-elementor-lightbox-slideshow=\"b4b5dbe\" data-elementor-lightbox-title=\"DS_PuertoMontt_Jugendkonzert_28\" data-e-action-hash=\"#elementor-action%3Aaction%3Dlightbox%26settings%3DeyJpZCI6MTM0ODMsInVybCI6Imh0dHBzOlwvXC9pYWxlbWFuLmNsXC93cC1jb250ZW50XC91cGxvYWRzXC8yMDIyXC8xMVwvRFNfUHVlcnRvTW9udHRfSnVnZW5ka29uemVydF8yOC5qcGciLCJzbGlkZXNob3ciOiJiNGI1ZGJlIn0%3D\" href='https:\/\/ialeman.cl\/wp-content\/uploads\/2022\/11\/DS_PuertoMontt_Jugendkonzert_28.jpg'><img loading=\"lazy\" decoding=\"async\" width=\"768\" height=\"512\" src=\"https:\/\/ialeman.cl\/wp-content\/uploads\/2022\/11\/DS_PuertoMontt_Jugendkonzert_28-768x512.jpg\" class=\"attachment-medium_large size-medium_large\" alt=\"\" srcset=\"https:\/\/ialeman.cl\/wp-content\/uploads\/2022\/11\/DS_PuertoMontt_Jugendkonzert_28-768x512.jpg 768w, https:\/\/ialeman.cl\/wp-content\/uploads\/2022\/11\/DS_PuertoMontt_Jugendkonzert_28-300x200.jpg 300w, https:\/\/ialeman.cl\/wp-content\/uploads\/2022\/11\/DS_PuertoMontt_Jugendkonzert_28-1024x683.jpg 1024w, https:\/\/ialeman.cl\/wp-content\/uploads\/2022\/11\/DS_PuertoMontt_Jugendkonzert_28.jpg 1200w\" sizes=\"(max-width: 768px) 100vw, 768px\" \/><\/a>\n\t\t\t<\/div><\/figure><figure class='gallery-item'>\n\t\t\t<div class='gallery-icon landscape'>\n\t\t\t\t<a data-elementor-open-lightbox=\"yes\" data-elementor-lightbox-slideshow=\"b4b5dbe\" data-elementor-lightbox-title=\"DS_PuertoMontt_Jugendkonzert_29\" data-e-action-hash=\"#elementor-action%3Aaction%3Dlightbox%26settings%3DeyJpZCI6MTM0ODQsInVybCI6Imh0dHBzOlwvXC9pYWxlbWFuLmNsXC93cC1jb250ZW50XC91cGxvYWRzXC8yMDIyXC8xMVwvRFNfUHVlcnRvTW9udHRfSnVnZW5ka29uemVydF8yOS5qcGciLCJzbGlkZXNob3ciOiJiNGI1ZGJlIn0%3D\" href='https:\/\/ialeman.cl\/wp-content\/uploads\/2022\/11\/DS_PuertoMontt_Jugendkonzert_29.jpg'><img loading=\"lazy\" decoding=\"async\" width=\"768\" height=\"512\" src=\"https:\/\/ialeman.cl\/wp-content\/uploads\/2022\/11\/DS_PuertoMontt_Jugendkonzert_29-768x512.jpg\" class=\"attachment-medium_large size-medium_large\" alt=\"\" srcset=\"https:\/\/ialeman.cl\/wp-content\/uploads\/2022\/11\/DS_PuertoMontt_Jugendkonzert_29-768x512.jpg 768w, https:\/\/ialeman.cl\/wp-content\/uploads\/2022\/11\/DS_PuertoMontt_Jugendkonzert_29-300x200.jpg 300w, https:\/\/ialeman.cl\/wp-content\/uploads\/2022\/11\/DS_PuertoMontt_Jugendkonzert_29-1024x683.jpg 1024w, https:\/\/ialeman.cl\/wp-content\/uploads\/2022\/11\/DS_PuertoMontt_Jugendkonzert_29.jpg 1200w\" sizes=\"(max-width: 768px) 100vw, 768px\" \/><\/a>\n\t\t\t<\/div><\/figure><figure class='gallery-item'>\n\t\t\t<div class='gallery-icon landscape'>\n\t\t\t\t<a data-elementor-open-lightbox=\"yes\" data-elementor-lightbox-slideshow=\"b4b5dbe\" data-elementor-lightbox-title=\"DS_PuertoMontt_Jugendkonzert_2\" data-e-action-hash=\"#elementor-action%3Aaction%3Dlightbox%26settings%3DeyJpZCI6MTM0NTcsInVybCI6Imh0dHBzOlwvXC9pYWxlbWFuLmNsXC93cC1jb250ZW50XC91cGxvYWRzXC8yMDIyXC8xMVwvRFNfUHVlcnRvTW9udHRfSnVnZW5ka29uemVydF8yLmpwZyIsInNsaWRlc2hvdyI6ImI0YjVkYmUifQ%3D%3D\" href='https:\/\/ialeman.cl\/wp-content\/uploads\/2022\/11\/DS_PuertoMontt_Jugendkonzert_2.jpg'><img loading=\"lazy\" decoding=\"async\" width=\"768\" height=\"512\" src=\"https:\/\/ialeman.cl\/wp-content\/uploads\/2022\/11\/DS_PuertoMontt_Jugendkonzert_2-768x512.jpg\" class=\"attachment-medium_large size-medium_large\" alt=\"\" srcset=\"https:\/\/ialeman.cl\/wp-content\/uploads\/2022\/11\/DS_PuertoMontt_Jugendkonzert_2-768x512.jpg 768w, https:\/\/ialeman.cl\/wp-content\/uploads\/2022\/11\/DS_PuertoMontt_Jugendkonzert_2-300x200.jpg 300w, https:\/\/ialeman.cl\/wp-content\/uploads\/2022\/11\/DS_PuertoMontt_Jugendkonzert_2-1024x683.jpg 1024w, https:\/\/ialeman.cl\/wp-content\/uploads\/2022\/11\/DS_PuertoMontt_Jugendkonzert_2.jpg 1200w\" sizes=\"(max-width: 768px) 100vw, 768px\" \/><\/a>\n\t\t\t<\/div><\/figure><figure class='gallery-item'>\n\t\t\t<div class='gallery-icon landscape'>\n\t\t\t\t<a data-elementor-open-lightbox=\"yes\" data-elementor-lightbox-slideshow=\"b4b5dbe\" data-elementor-lightbox-title=\"DS_PuertoMontt_Jugendkonzert_30\" data-e-action-hash=\"#elementor-action%3Aaction%3Dlightbox%26settings%3DeyJpZCI6MTM0ODUsInVybCI6Imh0dHBzOlwvXC9pYWxlbWFuLmNsXC93cC1jb250ZW50XC91cGxvYWRzXC8yMDIyXC8xMVwvRFNfUHVlcnRvTW9udHRfSnVnZW5ka29uemVydF8zMC5qcGciLCJzbGlkZXNob3ciOiJiNGI1ZGJlIn0%3D\" href='https:\/\/ialeman.cl\/wp-content\/uploads\/2022\/11\/DS_PuertoMontt_Jugendkonzert_30.jpg'><img loading=\"lazy\" decoding=\"async\" width=\"768\" height=\"512\" src=\"https:\/\/ialeman.cl\/wp-content\/uploads\/2022\/11\/DS_PuertoMontt_Jugendkonzert_30-768x512.jpg\" class=\"attachment-medium_large size-medium_large\" alt=\"\" srcset=\"https:\/\/ialeman.cl\/wp-content\/uploads\/2022\/11\/DS_PuertoMontt_Jugendkonzert_30-768x512.jpg 768w, https:\/\/ialeman.cl\/wp-content\/uploads\/2022\/11\/DS_PuertoMontt_Jugendkonzert_30-300x200.jpg 300w, https:\/\/ialeman.cl\/wp-content\/uploads\/2022\/11\/DS_PuertoMontt_Jugendkonzert_30-1024x683.jpg 1024w, https:\/\/ialeman.cl\/wp-content\/uploads\/2022\/11\/DS_PuertoMontt_Jugendkonzert_30.jpg 1200w\" sizes=\"(max-width: 768px) 100vw, 768px\" \/><\/a>\n\t\t\t<\/div><\/figure><figure class='gallery-item'>\n\t\t\t<div class='gallery-icon landscape'>\n\t\t\t\t<a data-elementor-open-lightbox=\"yes\" data-elementor-lightbox-slideshow=\"b4b5dbe\" data-elementor-lightbox-title=\"DS_PuertoMontt_Jugendkonzert_31\" data-e-action-hash=\"#elementor-action%3Aaction%3Dlightbox%26settings%3DeyJpZCI6MTM0ODYsInVybCI6Imh0dHBzOlwvXC9pYWxlbWFuLmNsXC93cC1jb250ZW50XC91cGxvYWRzXC8yMDIyXC8xMVwvRFNfUHVlcnRvTW9udHRfSnVnZW5ka29uemVydF8zMS5qcGciLCJzbGlkZXNob3ciOiJiNGI1ZGJlIn0%3D\" href='https:\/\/ialeman.cl\/wp-content\/uploads\/2022\/11\/DS_PuertoMontt_Jugendkonzert_31.jpg'><img loading=\"lazy\" decoding=\"async\" width=\"768\" height=\"512\" src=\"https:\/\/ialeman.cl\/wp-content\/uploads\/2022\/11\/DS_PuertoMontt_Jugendkonzert_31-768x512.jpg\" class=\"attachment-medium_large size-medium_large\" alt=\"\" srcset=\"https:\/\/ialeman.cl\/wp-content\/uploads\/2022\/11\/DS_PuertoMontt_Jugendkonzert_31-768x512.jpg 768w, https:\/\/ialeman.cl\/wp-content\/uploads\/2022\/11\/DS_PuertoMontt_Jugendkonzert_31-300x200.jpg 300w, https:\/\/ialeman.cl\/wp-content\/uploads\/2022\/11\/DS_PuertoMontt_Jugendkonzert_31-1024x683.jpg 1024w, https:\/\/ialeman.cl\/wp-content\/uploads\/2022\/11\/DS_PuertoMontt_Jugendkonzert_31.jpg 1200w\" sizes=\"(max-width: 768px) 100vw, 768px\" \/><\/a>\n\t\t\t<\/div><\/figure><figure class='gallery-item'>\n\t\t\t<div class='gallery-icon landscape'>\n\t\t\t\t<a data-elementor-open-lightbox=\"yes\" data-elementor-lightbox-slideshow=\"b4b5dbe\" data-elementor-lightbox-title=\"DS_PuertoMontt_Jugendkonzert_32\" data-e-action-hash=\"#elementor-action%3Aaction%3Dlightbox%26settings%3DeyJpZCI6MTM0ODcsInVybCI6Imh0dHBzOlwvXC9pYWxlbWFuLmNsXC93cC1jb250ZW50XC91cGxvYWRzXC8yMDIyXC8xMVwvRFNfUHVlcnRvTW9udHRfSnVnZW5ka29uemVydF8zMi5qcGciLCJzbGlkZXNob3ciOiJiNGI1ZGJlIn0%3D\" href='https:\/\/ialeman.cl\/wp-content\/uploads\/2022\/11\/DS_PuertoMontt_Jugendkonzert_32.jpg'><img loading=\"lazy\" decoding=\"async\" width=\"768\" height=\"512\" src=\"https:\/\/ialeman.cl\/wp-content\/uploads\/2022\/11\/DS_PuertoMontt_Jugendkonzert_32-768x512.jpg\" class=\"attachment-medium_large size-medium_large\" alt=\"\" srcset=\"https:\/\/ialeman.cl\/wp-content\/uploads\/2022\/11\/DS_PuertoMontt_Jugendkonzert_32-768x512.jpg 768w, https:\/\/ialeman.cl\/wp-content\/uploads\/2022\/11\/DS_PuertoMontt_Jugendkonzert_32-300x200.jpg 300w, https:\/\/ialeman.cl\/wp-content\/uploads\/2022\/11\/DS_PuertoMontt_Jugendkonzert_32-1024x683.jpg 1024w, https:\/\/ialeman.cl\/wp-content\/uploads\/2022\/11\/DS_PuertoMontt_Jugendkonzert_32.jpg 1200w\" sizes=\"(max-width: 768px) 100vw, 768px\" \/><\/a>\n\t\t\t<\/div><\/figure><figure class='gallery-item'>\n\t\t\t<div class='gallery-icon landscape'>\n\t\t\t\t<a data-elementor-open-lightbox=\"yes\" data-elementor-lightbox-slideshow=\"b4b5dbe\" data-elementor-lightbox-title=\"DS_PuertoMontt_Jugendkonzert_33\" data-e-action-hash=\"#elementor-action%3Aaction%3Dlightbox%26settings%3DeyJpZCI6MTM0ODgsInVybCI6Imh0dHBzOlwvXC9pYWxlbWFuLmNsXC93cC1jb250ZW50XC91cGxvYWRzXC8yMDIyXC8xMVwvRFNfUHVlcnRvTW9udHRfSnVnZW5ka29uemVydF8zMy5qcGciLCJzbGlkZXNob3ciOiJiNGI1ZGJlIn0%3D\" href='https:\/\/ialeman.cl\/wp-content\/uploads\/2022\/11\/DS_PuertoMontt_Jugendkonzert_33.jpg'><img loading=\"lazy\" decoding=\"async\" width=\"768\" height=\"512\" src=\"https:\/\/ialeman.cl\/wp-content\/uploads\/2022\/11\/DS_PuertoMontt_Jugendkonzert_33-768x512.jpg\" class=\"attachment-medium_large size-medium_large\" alt=\"\" srcset=\"https:\/\/ialeman.cl\/wp-content\/uploads\/2022\/11\/DS_PuertoMontt_Jugendkonzert_33-768x512.jpg 768w, https:\/\/ialeman.cl\/wp-content\/uploads\/2022\/11\/DS_PuertoMontt_Jugendkonzert_33-300x200.jpg 300w, https:\/\/ialeman.cl\/wp-content\/uploads\/2022\/11\/DS_PuertoMontt_Jugendkonzert_33-1024x683.jpg 1024w, https:\/\/ialeman.cl\/wp-content\/uploads\/2022\/11\/DS_PuertoMontt_Jugendkonzert_33.jpg 1200w\" sizes=\"(max-width: 768px) 100vw, 768px\" \/><\/a>\n\t\t\t<\/div><\/figure><figure class='gallery-item'>\n\t\t\t<div class='gallery-icon landscape'>\n\t\t\t\t<a data-elementor-open-lightbox=\"yes\" data-elementor-lightbox-slideshow=\"b4b5dbe\" data-elementor-lightbox-title=\"DS_PuertoMontt_Jugendkonzert_34\" data-e-action-hash=\"#elementor-action%3Aaction%3Dlightbox%26settings%3DeyJpZCI6MTM0ODksInVybCI6Imh0dHBzOlwvXC9pYWxlbWFuLmNsXC93cC1jb250ZW50XC91cGxvYWRzXC8yMDIyXC8xMVwvRFNfUHVlcnRvTW9udHRfSnVnZW5ka29uemVydF8zNC5qcGciLCJzbGlkZXNob3ciOiJiNGI1ZGJlIn0%3D\" href='https:\/\/ialeman.cl\/wp-content\/uploads\/2022\/11\/DS_PuertoMontt_Jugendkonzert_34.jpg'><img loading=\"lazy\" decoding=\"async\" width=\"768\" height=\"512\" src=\"https:\/\/ialeman.cl\/wp-content\/uploads\/2022\/11\/DS_PuertoMontt_Jugendkonzert_34-768x512.jpg\" class=\"attachment-medium_large size-medium_large\" alt=\"\" srcset=\"https:\/\/ialeman.cl\/wp-content\/uploads\/2022\/11\/DS_PuertoMontt_Jugendkonzert_34-768x512.jpg 768w, https:\/\/ialeman.cl\/wp-content\/uploads\/2022\/11\/DS_PuertoMontt_Jugendkonzert_34-300x200.jpg 300w, https:\/\/ialeman.cl\/wp-content\/uploads\/2022\/11\/DS_PuertoMontt_Jugendkonzert_34-1024x683.jpg 1024w, https:\/\/ialeman.cl\/wp-content\/uploads\/2022\/11\/DS_PuertoMontt_Jugendkonzert_34.jpg 1200w\" sizes=\"(max-width: 768px) 100vw, 768px\" \/><\/a>\n\t\t\t<\/div><\/figure><figure class='gallery-item'>\n\t\t\t<div class='gallery-icon landscape'>\n\t\t\t\t<a data-elementor-open-lightbox=\"yes\" data-elementor-lightbox-slideshow=\"b4b5dbe\" data-elementor-lightbox-title=\"DS_PuertoMontt_Jugendkonzert_35\" data-e-action-hash=\"#elementor-action%3Aaction%3Dlightbox%26settings%3DeyJpZCI6MTM0OTAsInVybCI6Imh0dHBzOlwvXC9pYWxlbWFuLmNsXC93cC1jb250ZW50XC91cGxvYWRzXC8yMDIyXC8xMVwvRFNfUHVlcnRvTW9udHRfSnVnZW5ka29uemVydF8zNS5qcGciLCJzbGlkZXNob3ciOiJiNGI1ZGJlIn0%3D\" href='https:\/\/ialeman.cl\/wp-content\/uploads\/2022\/11\/DS_PuertoMontt_Jugendkonzert_35.jpg'><img loading=\"lazy\" decoding=\"async\" width=\"768\" height=\"512\" src=\"https:\/\/ialeman.cl\/wp-content\/uploads\/2022\/11\/DS_PuertoMontt_Jugendkonzert_35-768x512.jpg\" class=\"attachment-medium_large size-medium_large\" alt=\"\" srcset=\"https:\/\/ialeman.cl\/wp-content\/uploads\/2022\/11\/DS_PuertoMontt_Jugendkonzert_35-768x512.jpg 768w, https:\/\/ialeman.cl\/wp-content\/uploads\/2022\/11\/DS_PuertoMontt_Jugendkonzert_35-300x200.jpg 300w, https:\/\/ialeman.cl\/wp-content\/uploads\/2022\/11\/DS_PuertoMontt_Jugendkonzert_35-1024x683.jpg 1024w, https:\/\/ialeman.cl\/wp-content\/uploads\/2022\/11\/DS_PuertoMontt_Jugendkonzert_35.jpg 1200w\" sizes=\"(max-width: 768px) 100vw, 768px\" \/><\/a>\n\t\t\t<\/div><\/figure><figure class='gallery-item'>\n\t\t\t<div class='gallery-icon landscape'>\n\t\t\t\t<a data-elementor-open-lightbox=\"yes\" data-elementor-lightbox-slideshow=\"b4b5dbe\" data-elementor-lightbox-title=\"DS_PuertoMontt_Jugendkonzert_36\" data-e-action-hash=\"#elementor-action%3Aaction%3Dlightbox%26settings%3DeyJpZCI6MTM0OTEsInVybCI6Imh0dHBzOlwvXC9pYWxlbWFuLmNsXC93cC1jb250ZW50XC91cGxvYWRzXC8yMDIyXC8xMVwvRFNfUHVlcnRvTW9udHRfSnVnZW5ka29uemVydF8zNi5qcGciLCJzbGlkZXNob3ciOiJiNGI1ZGJlIn0%3D\" href='https:\/\/ialeman.cl\/wp-content\/uploads\/2022\/11\/DS_PuertoMontt_Jugendkonzert_36.jpg'><img loading=\"lazy\" decoding=\"async\" width=\"768\" height=\"512\" src=\"https:\/\/ialeman.cl\/wp-content\/uploads\/2022\/11\/DS_PuertoMontt_Jugendkonzert_36-768x512.jpg\" class=\"attachment-medium_large size-medium_large\" alt=\"\" srcset=\"https:\/\/ialeman.cl\/wp-content\/uploads\/2022\/11\/DS_PuertoMontt_Jugendkonzert_36-768x512.jpg 768w, https:\/\/ialeman.cl\/wp-content\/uploads\/2022\/11\/DS_PuertoMontt_Jugendkonzert_36-300x200.jpg 300w, https:\/\/ialeman.cl\/wp-content\/uploads\/2022\/11\/DS_PuertoMontt_Jugendkonzert_36-1024x683.jpg 1024w, https:\/\/ialeman.cl\/wp-content\/uploads\/2022\/11\/DS_PuertoMontt_Jugendkonzert_36.jpg 1200w\" sizes=\"(max-width: 768px) 100vw, 768px\" \/><\/a>\n\t\t\t<\/div><\/figure><figure class='gallery-item'>\n\t\t\t<div class='gallery-icon landscape'>\n\t\t\t\t<a data-elementor-open-lightbox=\"yes\" data-elementor-lightbox-slideshow=\"b4b5dbe\" data-elementor-lightbox-title=\"DS_PuertoMontt_Jugendkonzert_37\" data-e-action-hash=\"#elementor-action%3Aaction%3Dlightbox%26settings%3DeyJpZCI6MTM0OTIsInVybCI6Imh0dHBzOlwvXC9pYWxlbWFuLmNsXC93cC1jb250ZW50XC91cGxvYWRzXC8yMDIyXC8xMVwvRFNfUHVlcnRvTW9udHRfSnVnZW5ka29uemVydF8zNy5qcGciLCJzbGlkZXNob3ciOiJiNGI1ZGJlIn0%3D\" href='https:\/\/ialeman.cl\/wp-content\/uploads\/2022\/11\/DS_PuertoMontt_Jugendkonzert_37.jpg'><img loading=\"lazy\" decoding=\"async\" width=\"768\" height=\"512\" src=\"https:\/\/ialeman.cl\/wp-content\/uploads\/2022\/11\/DS_PuertoMontt_Jugendkonzert_37-768x512.jpg\" class=\"attachment-medium_large size-medium_large\" alt=\"\" srcset=\"https:\/\/ialeman.cl\/wp-content\/uploads\/2022\/11\/DS_PuertoMontt_Jugendkonzert_37-768x512.jpg 768w, https:\/\/ialeman.cl\/wp-content\/uploads\/2022\/11\/DS_PuertoMontt_Jugendkonzert_37-300x200.jpg 300w, https:\/\/ialeman.cl\/wp-content\/uploads\/2022\/11\/DS_PuertoMontt_Jugendkonzert_37-1024x683.jpg 1024w, https:\/\/ialeman.cl\/wp-content\/uploads\/2022\/11\/DS_PuertoMontt_Jugendkonzert_37.jpg 1200w\" sizes=\"(max-width: 768px) 100vw, 768px\" \/><\/a>\n\t\t\t<\/div><\/figure><figure class='gallery-item'>\n\t\t\t<div class='gallery-icon landscape'>\n\t\t\t\t<a data-elementor-open-lightbox=\"yes\" data-elementor-lightbox-slideshow=\"b4b5dbe\" data-elementor-lightbox-title=\"DS_PuertoMontt_Jugendkonzert_38\" data-e-action-hash=\"#elementor-action%3Aaction%3Dlightbox%26settings%3DeyJpZCI6MTM0OTMsInVybCI6Imh0dHBzOlwvXC9pYWxlbWFuLmNsXC93cC1jb250ZW50XC91cGxvYWRzXC8yMDIyXC8xMVwvRFNfUHVlcnRvTW9udHRfSnVnZW5ka29uemVydF8zOC5qcGciLCJzbGlkZXNob3ciOiJiNGI1ZGJlIn0%3D\" href='https:\/\/ialeman.cl\/wp-content\/uploads\/2022\/11\/DS_PuertoMontt_Jugendkonzert_38.jpg'><img loading=\"lazy\" decoding=\"async\" width=\"768\" height=\"512\" src=\"https:\/\/ialeman.cl\/wp-content\/uploads\/2022\/11\/DS_PuertoMontt_Jugendkonzert_38-768x512.jpg\" class=\"attachment-medium_large size-medium_large\" alt=\"\" srcset=\"https:\/\/ialeman.cl\/wp-content\/uploads\/2022\/11\/DS_PuertoMontt_Jugendkonzert_38-768x512.jpg 768w, https:\/\/ialeman.cl\/wp-content\/uploads\/2022\/11\/DS_PuertoMontt_Jugendkonzert_38-300x200.jpg 300w, https:\/\/ialeman.cl\/wp-content\/uploads\/2022\/11\/DS_PuertoMontt_Jugendkonzert_38-1024x683.jpg 1024w, https:\/\/ialeman.cl\/wp-content\/uploads\/2022\/11\/DS_PuertoMontt_Jugendkonzert_38.jpg 1200w\" sizes=\"(max-width: 768px) 100vw, 768px\" \/><\/a>\n\t\t\t<\/div><\/figure><figure class='gallery-item'>\n\t\t\t<div class='gallery-icon landscape'>\n\t\t\t\t<a data-elementor-open-lightbox=\"yes\" data-elementor-lightbox-slideshow=\"b4b5dbe\" data-elementor-lightbox-title=\"DS_PuertoMontt_Jugendkonzert_39\" data-e-action-hash=\"#elementor-action%3Aaction%3Dlightbox%26settings%3DeyJpZCI6MTM0OTQsInVybCI6Imh0dHBzOlwvXC9pYWxlbWFuLmNsXC93cC1jb250ZW50XC91cGxvYWRzXC8yMDIyXC8xMVwvRFNfUHVlcnRvTW9udHRfSnVnZW5ka29uemVydF8zOS5qcGciLCJzbGlkZXNob3ciOiJiNGI1ZGJlIn0%3D\" href='https:\/\/ialeman.cl\/wp-content\/uploads\/2022\/11\/DS_PuertoMontt_Jugendkonzert_39.jpg'><img loading=\"lazy\" decoding=\"async\" width=\"768\" height=\"512\" src=\"https:\/\/ialeman.cl\/wp-content\/uploads\/2022\/11\/DS_PuertoMontt_Jugendkonzert_39-768x512.jpg\" class=\"attachment-medium_large size-medium_large\" alt=\"\" srcset=\"https:\/\/ialeman.cl\/wp-content\/uploads\/2022\/11\/DS_PuertoMontt_Jugendkonzert_39-768x512.jpg 768w, https:\/\/ialeman.cl\/wp-content\/uploads\/2022\/11\/DS_PuertoMontt_Jugendkonzert_39-300x200.jpg 300w, https:\/\/ialeman.cl\/wp-content\/uploads\/2022\/11\/DS_PuertoMontt_Jugendkonzert_39-1024x683.jpg 1024w, https:\/\/ialeman.cl\/wp-content\/uploads\/2022\/11\/DS_PuertoMontt_Jugendkonzert_39.jpg 1200w\" sizes=\"(max-width: 768px) 100vw, 768px\" \/><\/a>\n\t\t\t<\/div><\/figure><figure class='gallery-item'>\n\t\t\t<div class='gallery-icon landscape'>\n\t\t\t\t<a data-elementor-open-lightbox=\"yes\" data-elementor-lightbox-slideshow=\"b4b5dbe\" data-elementor-lightbox-title=\"DS_PuertoMontt_Jugendkonzert_40\" data-e-action-hash=\"#elementor-action%3Aaction%3Dlightbox%26settings%3DeyJpZCI6MTM0OTUsInVybCI6Imh0dHBzOlwvXC9pYWxlbWFuLmNsXC93cC1jb250ZW50XC91cGxvYWRzXC8yMDIyXC8xMVwvRFNfUHVlcnRvTW9udHRfSnVnZW5ka29uemVydF80MC5qcGciLCJzbGlkZXNob3ciOiJiNGI1ZGJlIn0%3D\" href='https:\/\/ialeman.cl\/wp-content\/uploads\/2022\/11\/DS_PuertoMontt_Jugendkonzert_40.jpg'><img loading=\"lazy\" decoding=\"async\" width=\"768\" height=\"512\" src=\"https:\/\/ialeman.cl\/wp-content\/uploads\/2022\/11\/DS_PuertoMontt_Jugendkonzert_40-768x512.jpg\" class=\"attachment-medium_large size-medium_large\" alt=\"\" srcset=\"https:\/\/ialeman.cl\/wp-content\/uploads\/2022\/11\/DS_PuertoMontt_Jugendkonzert_40-768x512.jpg 768w, https:\/\/ialeman.cl\/wp-content\/uploads\/2022\/11\/DS_PuertoMontt_Jugendkonzert_40-300x200.jpg 300w, https:\/\/ialeman.cl\/wp-content\/uploads\/2022\/11\/DS_PuertoMontt_Jugendkonzert_40-1024x683.jpg 1024w, https:\/\/ialeman.cl\/wp-content\/uploads\/2022\/11\/DS_PuertoMontt_Jugendkonzert_40.jpg 1200w\" sizes=\"(max-width: 768px) 100vw, 768px\" \/><\/a>\n\t\t\t<\/div><\/figure><figure class='gallery-item'>\n\t\t\t<div class='gallery-icon landscape'>\n\t\t\t\t<a data-elementor-open-lightbox=\"yes\" data-elementor-lightbox-slideshow=\"b4b5dbe\" data-elementor-lightbox-title=\"DS_PuertoMontt_Jugendkonzert_41\" data-e-action-hash=\"#elementor-action%3Aaction%3Dlightbox%26settings%3DeyJpZCI6MTM0OTYsInVybCI6Imh0dHBzOlwvXC9pYWxlbWFuLmNsXC93cC1jb250ZW50XC91cGxvYWRzXC8yMDIyXC8xMVwvRFNfUHVlcnRvTW9udHRfSnVnZW5ka29uemVydF80MS5qcGciLCJzbGlkZXNob3ciOiJiNGI1ZGJlIn0%3D\" href='https:\/\/ialeman.cl\/wp-content\/uploads\/2022\/11\/DS_PuertoMontt_Jugendkonzert_41.jpg'><img loading=\"lazy\" decoding=\"async\" width=\"768\" height=\"512\" src=\"https:\/\/ialeman.cl\/wp-content\/uploads\/2022\/11\/DS_PuertoMontt_Jugendkonzert_41-768x512.jpg\" class=\"attachment-medium_large size-medium_large\" alt=\"\" srcset=\"https:\/\/ialeman.cl\/wp-content\/uploads\/2022\/11\/DS_PuertoMontt_Jugendkonzert_41-768x512.jpg 768w, https:\/\/ialeman.cl\/wp-content\/uploads\/2022\/11\/DS_PuertoMontt_Jugendkonzert_41-300x200.jpg 300w, https:\/\/ialeman.cl\/wp-content\/uploads\/2022\/11\/DS_PuertoMontt_Jugendkonzert_41-1024x683.jpg 1024w, https:\/\/ialeman.cl\/wp-content\/uploads\/2022\/11\/DS_PuertoMontt_Jugendkonzert_41.jpg 1200w\" sizes=\"(max-width: 768px) 100vw, 768px\" \/><\/a>\n\t\t\t<\/div><\/figure><figure class='gallery-item'>\n\t\t\t<div class='gallery-icon landscape'>\n\t\t\t\t<a data-elementor-open-lightbox=\"yes\" data-elementor-lightbox-slideshow=\"b4b5dbe\" data-elementor-lightbox-title=\"DS_PuertoMontt_Jugendkonzert_42\" data-e-action-hash=\"#elementor-action%3Aaction%3Dlightbox%26settings%3DeyJpZCI6MTM0OTcsInVybCI6Imh0dHBzOlwvXC9pYWxlbWFuLmNsXC93cC1jb250ZW50XC91cGxvYWRzXC8yMDIyXC8xMVwvRFNfUHVlcnRvTW9udHRfSnVnZW5ka29uemVydF80Mi5qcGciLCJzbGlkZXNob3ciOiJiNGI1ZGJlIn0%3D\" href='https:\/\/ialeman.cl\/wp-content\/uploads\/2022\/11\/DS_PuertoMontt_Jugendkonzert_42.jpg'><img loading=\"lazy\" decoding=\"async\" width=\"768\" height=\"512\" src=\"https:\/\/ialeman.cl\/wp-content\/uploads\/2022\/11\/DS_PuertoMontt_Jugendkonzert_42-768x512.jpg\" class=\"attachment-medium_large size-medium_large\" alt=\"\" srcset=\"https:\/\/ialeman.cl\/wp-content\/uploads\/2022\/11\/DS_PuertoMontt_Jugendkonzert_42-768x512.jpg 768w, https:\/\/ialeman.cl\/wp-content\/uploads\/2022\/11\/DS_PuertoMontt_Jugendkonzert_42-300x200.jpg 300w, https:\/\/ialeman.cl\/wp-content\/uploads\/2022\/11\/DS_PuertoMontt_Jugendkonzert_42-1024x683.jpg 1024w, https:\/\/ialeman.cl\/wp-content\/uploads\/2022\/11\/DS_PuertoMontt_Jugendkonzert_42.jpg 1200w\" sizes=\"(max-width: 768px) 100vw, 768px\" \/><\/a>\n\t\t\t<\/div><\/figure><figure class='gallery-item'>\n\t\t\t<div class='gallery-icon landscape'>\n\t\t\t\t<a data-elementor-open-lightbox=\"yes\" data-elementor-lightbox-slideshow=\"b4b5dbe\" data-elementor-lightbox-title=\"DS_PuertoMontt_Jugendkonzert_43\" data-e-action-hash=\"#elementor-action%3Aaction%3Dlightbox%26settings%3DeyJpZCI6MTM0OTgsInVybCI6Imh0dHBzOlwvXC9pYWxlbWFuLmNsXC93cC1jb250ZW50XC91cGxvYWRzXC8yMDIyXC8xMVwvRFNfUHVlcnRvTW9udHRfSnVnZW5ka29uemVydF80My5qcGciLCJzbGlkZXNob3ciOiJiNGI1ZGJlIn0%3D\" href='https:\/\/ialeman.cl\/wp-content\/uploads\/2022\/11\/DS_PuertoMontt_Jugendkonzert_43.jpg'><img loading=\"lazy\" decoding=\"async\" width=\"768\" height=\"512\" src=\"https:\/\/ialeman.cl\/wp-content\/uploads\/2022\/11\/DS_PuertoMontt_Jugendkonzert_43-768x512.jpg\" class=\"attachment-medium_large size-medium_large\" alt=\"\" srcset=\"https:\/\/ialeman.cl\/wp-content\/uploads\/2022\/11\/DS_PuertoMontt_Jugendkonzert_43-768x512.jpg 768w, https:\/\/ialeman.cl\/wp-content\/uploads\/2022\/11\/DS_PuertoMontt_Jugendkonzert_43-300x200.jpg 300w, https:\/\/ialeman.cl\/wp-content\/uploads\/2022\/11\/DS_PuertoMontt_Jugendkonzert_43-1024x683.jpg 1024w, https:\/\/ialeman.cl\/wp-content\/uploads\/2022\/11\/DS_PuertoMontt_Jugendkonzert_43.jpg 1200w\" sizes=\"(max-width: 768px) 100vw, 768px\" \/><\/a>\n\t\t\t<\/div><\/figure><figure class='gallery-item'>\n\t\t\t<div class='gallery-icon landscape'>\n\t\t\t\t<a data-elementor-open-lightbox=\"yes\" data-elementor-lightbox-slideshow=\"b4b5dbe\" data-elementor-lightbox-title=\"DS_PuertoMontt_Jugendkonzert_44\" data-e-action-hash=\"#elementor-action%3Aaction%3Dlightbox%26settings%3DeyJpZCI6MTM0OTksInVybCI6Imh0dHBzOlwvXC9pYWxlbWFuLmNsXC93cC1jb250ZW50XC91cGxvYWRzXC8yMDIyXC8xMVwvRFNfUHVlcnRvTW9udHRfSnVnZW5ka29uemVydF80NC5qcGciLCJzbGlkZXNob3ciOiJiNGI1ZGJlIn0%3D\" href='https:\/\/ialeman.cl\/wp-content\/uploads\/2022\/11\/DS_PuertoMontt_Jugendkonzert_44.jpg'><img loading=\"lazy\" decoding=\"async\" width=\"768\" height=\"512\" src=\"https:\/\/ialeman.cl\/wp-content\/uploads\/2022\/11\/DS_PuertoMontt_Jugendkonzert_44-768x512.jpg\" class=\"attachment-medium_large size-medium_large\" alt=\"\" srcset=\"https:\/\/ialeman.cl\/wp-content\/uploads\/2022\/11\/DS_PuertoMontt_Jugendkonzert_44-768x512.jpg 768w, https:\/\/ialeman.cl\/wp-content\/uploads\/2022\/11\/DS_PuertoMontt_Jugendkonzert_44-300x200.jpg 300w, https:\/\/ialeman.cl\/wp-content\/uploads\/2022\/11\/DS_PuertoMontt_Jugendkonzert_44-1024x683.jpg 1024w, https:\/\/ialeman.cl\/wp-content\/uploads\/2022\/11\/DS_PuertoMontt_Jugendkonzert_44.jpg 1200w\" sizes=\"(max-width: 768px) 100vw, 768px\" \/><\/a>\n\t\t\t<\/div><\/figure><figure class='gallery-item'>\n\t\t\t<div class='gallery-icon landscape'>\n\t\t\t\t<a data-elementor-open-lightbox=\"yes\" data-elementor-lightbox-slideshow=\"b4b5dbe\" data-elementor-lightbox-title=\"DS_PuertoMontt_Jugendkonzert_45\" data-e-action-hash=\"#elementor-action%3Aaction%3Dlightbox%26settings%3DeyJpZCI6MTM1MDAsInVybCI6Imh0dHBzOlwvXC9pYWxlbWFuLmNsXC93cC1jb250ZW50XC91cGxvYWRzXC8yMDIyXC8xMVwvRFNfUHVlcnRvTW9udHRfSnVnZW5ka29uemVydF80NS5qcGciLCJzbGlkZXNob3ciOiJiNGI1ZGJlIn0%3D\" href='https:\/\/ialeman.cl\/wp-content\/uploads\/2022\/11\/DS_PuertoMontt_Jugendkonzert_45.jpg'><img loading=\"lazy\" decoding=\"async\" width=\"768\" height=\"512\" src=\"https:\/\/ialeman.cl\/wp-content\/uploads\/2022\/11\/DS_PuertoMontt_Jugendkonzert_45-768x512.jpg\" class=\"attachment-medium_large size-medium_large\" alt=\"\" srcset=\"https:\/\/ialeman.cl\/wp-content\/uploads\/2022\/11\/DS_PuertoMontt_Jugendkonzert_45-768x512.jpg 768w, https:\/\/ialeman.cl\/wp-content\/uploads\/2022\/11\/DS_PuertoMontt_Jugendkonzert_45-300x200.jpg 300w, https:\/\/ialeman.cl\/wp-content\/uploads\/2022\/11\/DS_PuertoMontt_Jugendkonzert_45-1024x683.jpg 1024w, https:\/\/ialeman.cl\/wp-content\/uploads\/2022\/11\/DS_PuertoMontt_Jugendkonzert_45.jpg 1200w\" sizes=\"(max-width: 768px) 100vw, 768px\" \/><\/a>\n\t\t\t<\/div><\/figure>\n\t\t<\/div>\n\t\t<\/div>\n\t\t\t\t\t\t<\/div>\n\t\t\t\t<\/div>\n\t\t\t\t\t<\/div>\n\t\t<\/div>\n\t\t\t\t\t<\/div>\n\t\t<\/section>\n\t\t\t\t<\/div>\n\t\t","protected":false},"excerpt":{"rendered":"<p>La Jugendkonzert se realiz\u00f3 con la presentaci\u00f3n de grandes artistas de la Schule. El tradicional evento musical congreg\u00f3 a m\u00e1s de un centenar de estudiantes de Primer Ciclo a Ense\u00f1anza Media, los que deslumbraron con su talento a los asistentes. Por m\u00e1s de dos horas se extendi\u00f3 la Jugendkonzert 2022, en la que se presentaron [&hellip;]<\/p>\n","protected":false},"author":1,"featured_media":13452,"comment_status":"closed","ping_status":"closed","sticky":false,"template":"","format":"standard","meta":{"site-sidebar-layout":"default","site-content-layout":"","ast-site-content-layout":"default","site-content-style":"default","site-sidebar-style":"default","ast-global-header-display":"","ast-banner-title-visibility":"","ast-main-header-display":"","ast-hfb-above-header-display":"","ast-hfb-below-header-display":"","ast-hfb-mobile-header-display":"","site-post-title":"","ast-breadcrumbs-content":"","ast-featured-img":"disabled","footer-sml-layout":"","ast-disable-related-posts":"","theme-transparent-header-meta":"","adv-header-id-meta":"","stick-header-meta":"","header-above-stick-meta":"","header-main-stick-meta":"","header-below-stick-meta":"","astra-migrate-meta-layouts":"default","ast-page-background-enabled":"default","ast-page-background-meta":{"desktop":{"background-color":"var(--ast-global-color-4)","background-image":"","background-repeat":"repeat","background-position":"center center","background-size":"auto","background-attachment":"scroll","background-type":"","background-media":"","overlay-type":"","overlay-color":"","overlay-opacity":"","overlay-gradient":""},"tablet":{"background-color":"","background-image":"","background-repeat":"repeat","background-position":"center center","background-size":"auto","background-attachment":"scroll","background-type":"","background-media":"","overlay-type":"","overlay-color":"","overlay-opacity":"","overlay-gradient":""},"mobile":{"background-color":"","background-image":"","background-repeat":"repeat","background-position":"center center","background-size":"auto","background-attachment":"scroll","background-type":"","background-media":"","overlay-type":"","overlay-color":"","overlay-opacity":"","overlay-gradient":""}},"ast-content-background-meta":{"desktop":{"background-color":"var(--ast-global-color-5)","background-image":"","background-repeat":"repeat","background-position":"center center","background-size":"auto","background-attachment":"scroll","background-type":"","background-media":"","overlay-type":"","overlay-color":"","overlay-opacity":"","overlay-gradient":""},"tablet":{"background-color":"var(--ast-global-color-5)","background-image":"","background-repeat":"repeat","background-position":"center center","background-size":"auto","background-attachment":"scroll","background-type":"","background-media":"","overlay-type":"","overlay-color":"","overlay-opacity":"","overlay-gradient":""},"mobile":{"background-color":"var(--ast-global-color-5)","background-image":"","background-repeat":"repeat","background-position":"center center","background-size":"auto","background-attachment":"scroll","background-type":"","background-media":"","overlay-type":"","overlay-color":"","overlay-opacity":"","overlay-gradient":""}},"advanced_seo_description":"","jetpack_seo_html_title":"","jetpack_seo_noindex":false,"jetpack_seo_schema_type":"","_jetpack_newsletter_access":"","_jetpack_dont_email_post_to_subs":false,"_jetpack_newsletter_tier_id":0,"_jetpack_memberships_contains_paywalled_content":false,"_wpcom_ai_launchpad_first_post":false,"_jetpack_feature_clip_id":0,"_jetpack_memberships_contains_paid_content":false,"footnotes":"","jetpack_post_was_ever_published":false},"categories":[10],"tags":[],"class_list":["post-13449","post","type-post","status-publish","format-standard","has-post-thumbnail","hentry","category-noticias"],"jetpack_shortlink":"https:\/\/wp.me\/ph8I5c-3uV","jetpack_sharing_enabled":true,"jetpack_featured_media_url":"https:\/\/ialeman.cl\/wp-content\/uploads\/2022\/11\/DS_PuertoMontt_Jugendkonzert_5.jpg","_links":{"self":[{"href":"https:\/\/ialeman.cl\/index.php\/wp-json\/wp\/v2\/posts\/13449","targetHints":{"allow":["GET"]}}],"collection":[{"href":"https:\/\/ialeman.cl\/index.php\/wp-json\/wp\/v2\/posts"}],"about":[{"href":"https:\/\/ialeman.cl\/index.php\/wp-json\/wp\/v2\/types\/post"}],"author":[{"embeddable":true,"href":"https:\/\/ialeman.cl\/index.php\/wp-json\/wp\/v2\/users\/1"}],"replies":[{"embeddable":true,"href":"https:\/\/ialeman.cl\/index.php\/wp-json\/wp\/v2\/comments?post=13449"}],"version-history":[{"count":0,"href":"https:\/\/ialeman.cl\/index.php\/wp-json\/wp\/v2\/posts\/13449\/revisions"}],"wp:featuredmedia":[{"embeddable":true,"href":"https:\/\/ialeman.cl\/index.php\/wp-json\/wp\/v2\/media\/13452"}],"wp:attachment":[{"href":"https:\/\/ialeman.cl\/index.php\/wp-json\/wp\/v2\/media?parent=13449"}],"wp:term":[{"taxonomy":"category","embeddable":true,"href":"https:\/\/ialeman.cl\/index.php\/wp-json\/wp\/v2\/categories?post=13449"},{"taxonomy":"post_tag","embeddable":true,"href":"https:\/\/ialeman.cl\/index.php\/wp-json\/wp\/v2\/tags?post=13449"}],"curies":[{"name":"wp","href":"https:\/\/api.w.org\/{rel}","templated":true}]}}