{"id":13372,"date":"2022-11-21T07:13:37","date_gmt":"2022-11-21T11:13:37","guid":{"rendered":"https:\/\/ialeman.cl\/?p=13372"},"modified":"2022-11-24T12:05:56","modified_gmt":"2022-11-24T16:05:56","slug":"visita-granja-educativa-2","status":"publish","type":"post","link":"https:\/\/ialeman.cl\/index.php\/visita-granja-educativa-2\/","title":{"rendered":"Visita Granja Educativa"},"content":{"rendered":"\t\t<div data-elementor-type=\"wp-post\" data-elementor-id=\"13372\" class=\"elementor elementor-13372\">\n\t\t\t\t\t\t<section class=\"elementor-section elementor-top-section elementor-element elementor-element-466e38c elementor-section-boxed elementor-section-height-default elementor-section-height-default\" data-id=\"466e38c\" data-element_type=\"section\" data-e-type=\"section\">\n\t\t\t\t\t\t<div class=\"elementor-container elementor-column-gap-default\">\n\t\t\t\t\t<div class=\"elementor-column elementor-col-100 elementor-top-column elementor-element elementor-element-a733fba\" data-id=\"a733fba\" data-element_type=\"column\" data-e-type=\"column\">\n\t\t\t<div class=\"elementor-widget-wrap elementor-element-populated\">\n\t\t\t\t\t\t<div class=\"elementor-element elementor-element-6153cdf elementor-widget elementor-widget-heading\" data-id=\"6153cdf\" data-element_type=\"widget\" data-e-type=\"widget\" data-widget_type=\"heading.default\">\n\t\t\t\t<div class=\"elementor-widget-container\">\n\t\t\t\t\t<h2 class=\"elementor-heading-title elementor-size-default\">Una entretenida e interesante experiencia vivieron los estudiantes de Prekinder junto a sus Tanten en la granja educativa TierraViva, en Puerto Montt. En la oportunidad, los ni\u00f1os y ni\u00f1as alimentaron a los animales y conocieron de la vida en campo. <br><br>\n\nUn em\u00fa, caballos, vacas, ovejas, chanchos, chivos, gansos, conejos y patos, fueron solo algunos de los animales que vieron los estudiantes de Prekinder en su visita al lugar. <br><br>\n\nC\u00f3mo compartimos el planeta con los animales fue el tema central de la salida pedag\u00f3gica de los ni\u00f1os, con el fin de conocer su h\u00e1bitat, su alimentaci\u00f3n y de sus cuidados.\n<br><br>\nUna jornada de gran aprendizaje para todos los alumnos, los que de manera muy entusiasta y alegre participaron durante todo el recorrido en un d\u00eda hermoso de primavera. <\/h2>\t\t\t\t<\/div>\n\t\t\t\t<\/div>\n\t\t\t\t\t<\/div>\n\t\t<\/div>\n\t\t\t\t\t<\/div>\n\t\t<\/section>\n\t\t\t\t<section class=\"elementor-section elementor-top-section elementor-element elementor-element-e45576c elementor-section-boxed elementor-section-height-default elementor-section-height-default\" data-id=\"e45576c\" data-element_type=\"section\" data-e-type=\"section\">\n\t\t\t\t\t\t<div class=\"elementor-container elementor-column-gap-default\">\n\t\t\t\t\t<div class=\"elementor-column elementor-col-100 elementor-top-column elementor-element elementor-element-11d1f65\" data-id=\"11d1f65\" data-element_type=\"column\" data-e-type=\"column\">\n\t\t\t<div class=\"elementor-widget-wrap elementor-element-populated\">\n\t\t\t\t\t\t<div class=\"elementor-element elementor-element-6b5be7b gallery-spacing-custom elementor-widget elementor-widget-image-gallery\" data-id=\"6b5be7b\" data-element_type=\"widget\" data-e-type=\"widget\" data-widget_type=\"image-gallery.default\">\n\t\t\t\t<div class=\"elementor-widget-container\">\n\t\t\t\t\t\t\t<div class=\"elementor-image-gallery\">\n\t\t\t<div id='gallery-1' class='gallery galleryid-13372 gallery-columns-3 gallery-size-medium_large'><figure class='gallery-item'>\n\t\t\t<div class='gallery-icon landscape'>\n\t\t\t\t<a data-elementor-open-lightbox=\"yes\" data-elementor-lightbox-slideshow=\"6b5be7b\" data-elementor-lightbox-title=\"Granja educativa_Instituto Aleman Puerto Montt 0\" data-e-action-hash=\"#elementor-action%3Aaction%3Dlightbox%26settings%3DeyJpZCI6MTMzODEsInVybCI6Imh0dHBzOlwvXC9pYWxlbWFuLmNsXC93cC1jb250ZW50XC91cGxvYWRzXC8yMDIyXC8xMVwvR3JhbmphLWVkdWNhdGl2YV9JbnN0aXR1dG8tQWxlbWFuLVB1ZXJ0by1Nb250dC0wLTEuanBnIiwic2xpZGVzaG93IjoiNmI1YmU3YiJ9\" href='https:\/\/ialeman.cl\/wp-content\/uploads\/2022\/11\/Granja-educativa_Instituto-Aleman-Puerto-Montt-0-1.jpg'><img fetchpriority=\"high\" decoding=\"async\" width=\"768\" height=\"513\" src=\"https:\/\/ialeman.cl\/wp-content\/uploads\/2022\/11\/Granja-educativa_Instituto-Aleman-Puerto-Montt-0-1-768x513.jpg\" class=\"attachment-medium_large size-medium_large\" alt=\"\" srcset=\"https:\/\/ialeman.cl\/wp-content\/uploads\/2022\/11\/Granja-educativa_Instituto-Aleman-Puerto-Montt-0-1-768x513.jpg 768w, https:\/\/ialeman.cl\/wp-content\/uploads\/2022\/11\/Granja-educativa_Instituto-Aleman-Puerto-Montt-0-1-300x200.jpg 300w, https:\/\/ialeman.cl\/wp-content\/uploads\/2022\/11\/Granja-educativa_Instituto-Aleman-Puerto-Montt-0-1-1024x684.jpg 1024w, https:\/\/ialeman.cl\/wp-content\/uploads\/2022\/11\/Granja-educativa_Instituto-Aleman-Puerto-Montt-0-1.jpg 1200w\" sizes=\"(max-width: 768px) 100vw, 768px\" \/><\/a>\n\t\t\t<\/div><\/figure><figure class='gallery-item'>\n\t\t\t<div class='gallery-icon landscape'>\n\t\t\t\t<a data-elementor-open-lightbox=\"yes\" data-elementor-lightbox-slideshow=\"6b5be7b\" data-elementor-lightbox-title=\"Granja educativa_Instituto Aleman Puerto Montt 1\" data-e-action-hash=\"#elementor-action%3Aaction%3Dlightbox%26settings%3DeyJpZCI6MTMzODIsInVybCI6Imh0dHBzOlwvXC9pYWxlbWFuLmNsXC93cC1jb250ZW50XC91cGxvYWRzXC8yMDIyXC8xMVwvR3JhbmphLWVkdWNhdGl2YV9JbnN0aXR1dG8tQWxlbWFuLVB1ZXJ0by1Nb250dC0xLmpwZyIsInNsaWRlc2hvdyI6IjZiNWJlN2IifQ%3D%3D\" href='https:\/\/ialeman.cl\/wp-content\/uploads\/2022\/11\/Granja-educativa_Instituto-Aleman-Puerto-Montt-1.jpg'><img decoding=\"async\" width=\"768\" height=\"513\" src=\"https:\/\/ialeman.cl\/wp-content\/uploads\/2022\/11\/Granja-educativa_Instituto-Aleman-Puerto-Montt-1-768x513.jpg\" class=\"attachment-medium_large size-medium_large\" alt=\"\" srcset=\"https:\/\/ialeman.cl\/wp-content\/uploads\/2022\/11\/Granja-educativa_Instituto-Aleman-Puerto-Montt-1-768x513.jpg 768w, https:\/\/ialeman.cl\/wp-content\/uploads\/2022\/11\/Granja-educativa_Instituto-Aleman-Puerto-Montt-1-300x200.jpg 300w, https:\/\/ialeman.cl\/wp-content\/uploads\/2022\/11\/Granja-educativa_Instituto-Aleman-Puerto-Montt-1-1024x684.jpg 1024w, https:\/\/ialeman.cl\/wp-content\/uploads\/2022\/11\/Granja-educativa_Instituto-Aleman-Puerto-Montt-1.jpg 1200w\" sizes=\"(max-width: 768px) 100vw, 768px\" \/><\/a>\n\t\t\t<\/div><\/figure><figure class='gallery-item'>\n\t\t\t<div class='gallery-icon landscape'>\n\t\t\t\t<a data-elementor-open-lightbox=\"yes\" data-elementor-lightbox-slideshow=\"6b5be7b\" data-elementor-lightbox-title=\"Granja educativa_Instituto Aleman Puerto Montt 3\" data-e-action-hash=\"#elementor-action%3Aaction%3Dlightbox%26settings%3DeyJpZCI6MTMzODMsInVybCI6Imh0dHBzOlwvXC9pYWxlbWFuLmNsXC93cC1jb250ZW50XC91cGxvYWRzXC8yMDIyXC8xMVwvR3JhbmphLWVkdWNhdGl2YV9JbnN0aXR1dG8tQWxlbWFuLVB1ZXJ0by1Nb250dC0zLmpwZyIsInNsaWRlc2hvdyI6IjZiNWJlN2IifQ%3D%3D\" href='https:\/\/ialeman.cl\/wp-content\/uploads\/2022\/11\/Granja-educativa_Instituto-Aleman-Puerto-Montt-3.jpg'><img decoding=\"async\" width=\"768\" height=\"513\" src=\"https:\/\/ialeman.cl\/wp-content\/uploads\/2022\/11\/Granja-educativa_Instituto-Aleman-Puerto-Montt-3-768x513.jpg\" class=\"attachment-medium_large size-medium_large\" alt=\"\" srcset=\"https:\/\/ialeman.cl\/wp-content\/uploads\/2022\/11\/Granja-educativa_Instituto-Aleman-Puerto-Montt-3-768x513.jpg 768w, https:\/\/ialeman.cl\/wp-content\/uploads\/2022\/11\/Granja-educativa_Instituto-Aleman-Puerto-Montt-3-300x200.jpg 300w, https:\/\/ialeman.cl\/wp-content\/uploads\/2022\/11\/Granja-educativa_Instituto-Aleman-Puerto-Montt-3-1024x684.jpg 1024w, https:\/\/ialeman.cl\/wp-content\/uploads\/2022\/11\/Granja-educativa_Instituto-Aleman-Puerto-Montt-3.jpg 1200w\" sizes=\"(max-width: 768px) 100vw, 768px\" \/><\/a>\n\t\t\t<\/div><\/figure><figure class='gallery-item'>\n\t\t\t<div class='gallery-icon landscape'>\n\t\t\t\t<a data-elementor-open-lightbox=\"yes\" data-elementor-lightbox-slideshow=\"6b5be7b\" data-elementor-lightbox-title=\"Granja educativa_Instituto Aleman Puerto Montt 4\" data-e-action-hash=\"#elementor-action%3Aaction%3Dlightbox%26settings%3DeyJpZCI6MTMzODQsInVybCI6Imh0dHBzOlwvXC9pYWxlbWFuLmNsXC93cC1jb250ZW50XC91cGxvYWRzXC8yMDIyXC8xMVwvR3JhbmphLWVkdWNhdGl2YV9JbnN0aXR1dG8tQWxlbWFuLVB1ZXJ0by1Nb250dC00LmpwZyIsInNsaWRlc2hvdyI6IjZiNWJlN2IifQ%3D%3D\" href='https:\/\/ialeman.cl\/wp-content\/uploads\/2022\/11\/Granja-educativa_Instituto-Aleman-Puerto-Montt-4.jpg'><img loading=\"lazy\" decoding=\"async\" width=\"768\" height=\"513\" src=\"https:\/\/ialeman.cl\/wp-content\/uploads\/2022\/11\/Granja-educativa_Instituto-Aleman-Puerto-Montt-4-768x513.jpg\" class=\"attachment-medium_large size-medium_large\" alt=\"\" srcset=\"https:\/\/ialeman.cl\/wp-content\/uploads\/2022\/11\/Granja-educativa_Instituto-Aleman-Puerto-Montt-4-768x513.jpg 768w, https:\/\/ialeman.cl\/wp-content\/uploads\/2022\/11\/Granja-educativa_Instituto-Aleman-Puerto-Montt-4-300x200.jpg 300w, https:\/\/ialeman.cl\/wp-content\/uploads\/2022\/11\/Granja-educativa_Instituto-Aleman-Puerto-Montt-4-1024x684.jpg 1024w, https:\/\/ialeman.cl\/wp-content\/uploads\/2022\/11\/Granja-educativa_Instituto-Aleman-Puerto-Montt-4.jpg 1200w\" sizes=\"(max-width: 768px) 100vw, 768px\" \/><\/a>\n\t\t\t<\/div><\/figure><figure class='gallery-item'>\n\t\t\t<div class='gallery-icon landscape'>\n\t\t\t\t<a data-elementor-open-lightbox=\"yes\" data-elementor-lightbox-slideshow=\"6b5be7b\" data-elementor-lightbox-title=\"Granja educativa_Instituto Aleman Puerto Montt 5\" data-e-action-hash=\"#elementor-action%3Aaction%3Dlightbox%26settings%3DeyJpZCI6MTMzODUsInVybCI6Imh0dHBzOlwvXC9pYWxlbWFuLmNsXC93cC1jb250ZW50XC91cGxvYWRzXC8yMDIyXC8xMVwvR3JhbmphLWVkdWNhdGl2YV9JbnN0aXR1dG8tQWxlbWFuLVB1ZXJ0by1Nb250dC01LmpwZyIsInNsaWRlc2hvdyI6IjZiNWJlN2IifQ%3D%3D\" href='https:\/\/ialeman.cl\/wp-content\/uploads\/2022\/11\/Granja-educativa_Instituto-Aleman-Puerto-Montt-5.jpg'><img loading=\"lazy\" decoding=\"async\" width=\"768\" height=\"513\" src=\"https:\/\/ialeman.cl\/wp-content\/uploads\/2022\/11\/Granja-educativa_Instituto-Aleman-Puerto-Montt-5-768x513.jpg\" class=\"attachment-medium_large size-medium_large\" alt=\"\" srcset=\"https:\/\/ialeman.cl\/wp-content\/uploads\/2022\/11\/Granja-educativa_Instituto-Aleman-Puerto-Montt-5-768x513.jpg 768w, https:\/\/ialeman.cl\/wp-content\/uploads\/2022\/11\/Granja-educativa_Instituto-Aleman-Puerto-Montt-5-300x200.jpg 300w, https:\/\/ialeman.cl\/wp-content\/uploads\/2022\/11\/Granja-educativa_Instituto-Aleman-Puerto-Montt-5-1024x684.jpg 1024w, https:\/\/ialeman.cl\/wp-content\/uploads\/2022\/11\/Granja-educativa_Instituto-Aleman-Puerto-Montt-5.jpg 1200w\" sizes=\"(max-width: 768px) 100vw, 768px\" \/><\/a>\n\t\t\t<\/div><\/figure><figure class='gallery-item'>\n\t\t\t<div class='gallery-icon landscape'>\n\t\t\t\t<a data-elementor-open-lightbox=\"yes\" data-elementor-lightbox-slideshow=\"6b5be7b\" data-elementor-lightbox-title=\"Granja educativa_Instituto Aleman Puerto Montt 6\" data-e-action-hash=\"#elementor-action%3Aaction%3Dlightbox%26settings%3DeyJpZCI6MTMzODYsInVybCI6Imh0dHBzOlwvXC9pYWxlbWFuLmNsXC93cC1jb250ZW50XC91cGxvYWRzXC8yMDIyXC8xMVwvR3JhbmphLWVkdWNhdGl2YV9JbnN0aXR1dG8tQWxlbWFuLVB1ZXJ0by1Nb250dC02LmpwZyIsInNsaWRlc2hvdyI6IjZiNWJlN2IifQ%3D%3D\" href='https:\/\/ialeman.cl\/wp-content\/uploads\/2022\/11\/Granja-educativa_Instituto-Aleman-Puerto-Montt-6.jpg'><img loading=\"lazy\" decoding=\"async\" width=\"768\" height=\"513\" src=\"https:\/\/ialeman.cl\/wp-content\/uploads\/2022\/11\/Granja-educativa_Instituto-Aleman-Puerto-Montt-6-768x513.jpg\" class=\"attachment-medium_large size-medium_large\" alt=\"\" srcset=\"https:\/\/ialeman.cl\/wp-content\/uploads\/2022\/11\/Granja-educativa_Instituto-Aleman-Puerto-Montt-6-768x513.jpg 768w, https:\/\/ialeman.cl\/wp-content\/uploads\/2022\/11\/Granja-educativa_Instituto-Aleman-Puerto-Montt-6-300x200.jpg 300w, https:\/\/ialeman.cl\/wp-content\/uploads\/2022\/11\/Granja-educativa_Instituto-Aleman-Puerto-Montt-6-1024x684.jpg 1024w, https:\/\/ialeman.cl\/wp-content\/uploads\/2022\/11\/Granja-educativa_Instituto-Aleman-Puerto-Montt-6.jpg 1200w\" sizes=\"(max-width: 768px) 100vw, 768px\" \/><\/a>\n\t\t\t<\/div><\/figure><figure class='gallery-item'>\n\t\t\t<div class='gallery-icon landscape'>\n\t\t\t\t<a data-elementor-open-lightbox=\"yes\" data-elementor-lightbox-slideshow=\"6b5be7b\" data-elementor-lightbox-title=\"Granja educativa_Instituto Aleman Puerto Montt 7\" data-e-action-hash=\"#elementor-action%3Aaction%3Dlightbox%26settings%3DeyJpZCI6MTMzODcsInVybCI6Imh0dHBzOlwvXC9pYWxlbWFuLmNsXC93cC1jb250ZW50XC91cGxvYWRzXC8yMDIyXC8xMVwvR3JhbmphLWVkdWNhdGl2YV9JbnN0aXR1dG8tQWxlbWFuLVB1ZXJ0by1Nb250dC03LmpwZyIsInNsaWRlc2hvdyI6IjZiNWJlN2IifQ%3D%3D\" href='https:\/\/ialeman.cl\/wp-content\/uploads\/2022\/11\/Granja-educativa_Instituto-Aleman-Puerto-Montt-7.jpg'><img loading=\"lazy\" decoding=\"async\" width=\"768\" height=\"513\" src=\"https:\/\/ialeman.cl\/wp-content\/uploads\/2022\/11\/Granja-educativa_Instituto-Aleman-Puerto-Montt-7-768x513.jpg\" class=\"attachment-medium_large size-medium_large\" alt=\"\" srcset=\"https:\/\/ialeman.cl\/wp-content\/uploads\/2022\/11\/Granja-educativa_Instituto-Aleman-Puerto-Montt-7-768x513.jpg 768w, https:\/\/ialeman.cl\/wp-content\/uploads\/2022\/11\/Granja-educativa_Instituto-Aleman-Puerto-Montt-7-300x200.jpg 300w, https:\/\/ialeman.cl\/wp-content\/uploads\/2022\/11\/Granja-educativa_Instituto-Aleman-Puerto-Montt-7-1024x684.jpg 1024w, https:\/\/ialeman.cl\/wp-content\/uploads\/2022\/11\/Granja-educativa_Instituto-Aleman-Puerto-Montt-7.jpg 1200w\" sizes=\"(max-width: 768px) 100vw, 768px\" \/><\/a>\n\t\t\t<\/div><\/figure><figure class='gallery-item'>\n\t\t\t<div class='gallery-icon landscape'>\n\t\t\t\t<a data-elementor-open-lightbox=\"yes\" data-elementor-lightbox-slideshow=\"6b5be7b\" data-elementor-lightbox-title=\"Granja educativa_Instituto Aleman Puerto Montt 8\" data-e-action-hash=\"#elementor-action%3Aaction%3Dlightbox%26settings%3DeyJpZCI6MTMzODgsInVybCI6Imh0dHBzOlwvXC9pYWxlbWFuLmNsXC93cC1jb250ZW50XC91cGxvYWRzXC8yMDIyXC8xMVwvR3JhbmphLWVkdWNhdGl2YV9JbnN0aXR1dG8tQWxlbWFuLVB1ZXJ0by1Nb250dC04LmpwZyIsInNsaWRlc2hvdyI6IjZiNWJlN2IifQ%3D%3D\" href='https:\/\/ialeman.cl\/wp-content\/uploads\/2022\/11\/Granja-educativa_Instituto-Aleman-Puerto-Montt-8.jpg'><img loading=\"lazy\" decoding=\"async\" width=\"768\" height=\"513\" src=\"https:\/\/ialeman.cl\/wp-content\/uploads\/2022\/11\/Granja-educativa_Instituto-Aleman-Puerto-Montt-8-768x513.jpg\" class=\"attachment-medium_large size-medium_large\" alt=\"\" srcset=\"https:\/\/ialeman.cl\/wp-content\/uploads\/2022\/11\/Granja-educativa_Instituto-Aleman-Puerto-Montt-8-768x513.jpg 768w, https:\/\/ialeman.cl\/wp-content\/uploads\/2022\/11\/Granja-educativa_Instituto-Aleman-Puerto-Montt-8-300x200.jpg 300w, https:\/\/ialeman.cl\/wp-content\/uploads\/2022\/11\/Granja-educativa_Instituto-Aleman-Puerto-Montt-8-1024x684.jpg 1024w, https:\/\/ialeman.cl\/wp-content\/uploads\/2022\/11\/Granja-educativa_Instituto-Aleman-Puerto-Montt-8.jpg 1200w\" sizes=\"(max-width: 768px) 100vw, 768px\" \/><\/a>\n\t\t\t<\/div><\/figure><figure class='gallery-item'>\n\t\t\t<div class='gallery-icon landscape'>\n\t\t\t\t<a data-elementor-open-lightbox=\"yes\" data-elementor-lightbox-slideshow=\"6b5be7b\" data-elementor-lightbox-title=\"Granja educativa_Instituto Aleman Puerto Montt 9\" data-e-action-hash=\"#elementor-action%3Aaction%3Dlightbox%26settings%3DeyJpZCI6MTMzODksInVybCI6Imh0dHBzOlwvXC9pYWxlbWFuLmNsXC93cC1jb250ZW50XC91cGxvYWRzXC8yMDIyXC8xMVwvR3JhbmphLWVkdWNhdGl2YV9JbnN0aXR1dG8tQWxlbWFuLVB1ZXJ0by1Nb250dC05LmpwZyIsInNsaWRlc2hvdyI6IjZiNWJlN2IifQ%3D%3D\" href='https:\/\/ialeman.cl\/wp-content\/uploads\/2022\/11\/Granja-educativa_Instituto-Aleman-Puerto-Montt-9.jpg'><img loading=\"lazy\" decoding=\"async\" width=\"768\" height=\"513\" src=\"https:\/\/ialeman.cl\/wp-content\/uploads\/2022\/11\/Granja-educativa_Instituto-Aleman-Puerto-Montt-9-768x513.jpg\" class=\"attachment-medium_large size-medium_large\" alt=\"\" srcset=\"https:\/\/ialeman.cl\/wp-content\/uploads\/2022\/11\/Granja-educativa_Instituto-Aleman-Puerto-Montt-9-768x513.jpg 768w, https:\/\/ialeman.cl\/wp-content\/uploads\/2022\/11\/Granja-educativa_Instituto-Aleman-Puerto-Montt-9-300x200.jpg 300w, https:\/\/ialeman.cl\/wp-content\/uploads\/2022\/11\/Granja-educativa_Instituto-Aleman-Puerto-Montt-9-1024x684.jpg 1024w, https:\/\/ialeman.cl\/wp-content\/uploads\/2022\/11\/Granja-educativa_Instituto-Aleman-Puerto-Montt-9.jpg 1200w\" sizes=\"(max-width: 768px) 100vw, 768px\" \/><\/a>\n\t\t\t<\/div><\/figure><figure class='gallery-item'>\n\t\t\t<div class='gallery-icon landscape'>\n\t\t\t\t<a data-elementor-open-lightbox=\"yes\" data-elementor-lightbox-slideshow=\"6b5be7b\" data-elementor-lightbox-title=\"Granja educativa_Instituto Aleman Puerto Montt 10\" data-e-action-hash=\"#elementor-action%3Aaction%3Dlightbox%26settings%3DeyJpZCI6MTMzOTAsInVybCI6Imh0dHBzOlwvXC9pYWxlbWFuLmNsXC93cC1jb250ZW50XC91cGxvYWRzXC8yMDIyXC8xMVwvR3JhbmphLWVkdWNhdGl2YV9JbnN0aXR1dG8tQWxlbWFuLVB1ZXJ0by1Nb250dC0xMC5qcGciLCJzbGlkZXNob3ciOiI2YjViZTdiIn0%3D\" href='https:\/\/ialeman.cl\/wp-content\/uploads\/2022\/11\/Granja-educativa_Instituto-Aleman-Puerto-Montt-10.jpg'><img loading=\"lazy\" decoding=\"async\" width=\"768\" height=\"513\" src=\"https:\/\/ialeman.cl\/wp-content\/uploads\/2022\/11\/Granja-educativa_Instituto-Aleman-Puerto-Montt-10-768x513.jpg\" class=\"attachment-medium_large size-medium_large\" alt=\"\" srcset=\"https:\/\/ialeman.cl\/wp-content\/uploads\/2022\/11\/Granja-educativa_Instituto-Aleman-Puerto-Montt-10-768x513.jpg 768w, https:\/\/ialeman.cl\/wp-content\/uploads\/2022\/11\/Granja-educativa_Instituto-Aleman-Puerto-Montt-10-300x200.jpg 300w, https:\/\/ialeman.cl\/wp-content\/uploads\/2022\/11\/Granja-educativa_Instituto-Aleman-Puerto-Montt-10-1024x684.jpg 1024w, https:\/\/ialeman.cl\/wp-content\/uploads\/2022\/11\/Granja-educativa_Instituto-Aleman-Puerto-Montt-10.jpg 1200w\" sizes=\"(max-width: 768px) 100vw, 768px\" \/><\/a>\n\t\t\t<\/div><\/figure><figure class='gallery-item'>\n\t\t\t<div class='gallery-icon landscape'>\n\t\t\t\t<a data-elementor-open-lightbox=\"yes\" data-elementor-lightbox-slideshow=\"6b5be7b\" data-elementor-lightbox-title=\"Granja educativa_Instituto Aleman Puerto Montt 11\" data-e-action-hash=\"#elementor-action%3Aaction%3Dlightbox%26settings%3DeyJpZCI6MTMzOTEsInVybCI6Imh0dHBzOlwvXC9pYWxlbWFuLmNsXC93cC1jb250ZW50XC91cGxvYWRzXC8yMDIyXC8xMVwvR3JhbmphLWVkdWNhdGl2YV9JbnN0aXR1dG8tQWxlbWFuLVB1ZXJ0by1Nb250dC0xMS5qcGciLCJzbGlkZXNob3ciOiI2YjViZTdiIn0%3D\" href='https:\/\/ialeman.cl\/wp-content\/uploads\/2022\/11\/Granja-educativa_Instituto-Aleman-Puerto-Montt-11.jpg'><img loading=\"lazy\" decoding=\"async\" width=\"768\" height=\"513\" src=\"https:\/\/ialeman.cl\/wp-content\/uploads\/2022\/11\/Granja-educativa_Instituto-Aleman-Puerto-Montt-11-768x513.jpg\" class=\"attachment-medium_large size-medium_large\" alt=\"\" srcset=\"https:\/\/ialeman.cl\/wp-content\/uploads\/2022\/11\/Granja-educativa_Instituto-Aleman-Puerto-Montt-11-768x513.jpg 768w, https:\/\/ialeman.cl\/wp-content\/uploads\/2022\/11\/Granja-educativa_Instituto-Aleman-Puerto-Montt-11-300x200.jpg 300w, https:\/\/ialeman.cl\/wp-content\/uploads\/2022\/11\/Granja-educativa_Instituto-Aleman-Puerto-Montt-11-1024x684.jpg 1024w, https:\/\/ialeman.cl\/wp-content\/uploads\/2022\/11\/Granja-educativa_Instituto-Aleman-Puerto-Montt-11.jpg 1200w\" sizes=\"(max-width: 768px) 100vw, 768px\" \/><\/a>\n\t\t\t<\/div><\/figure><figure class='gallery-item'>\n\t\t\t<div class='gallery-icon landscape'>\n\t\t\t\t<a data-elementor-open-lightbox=\"yes\" data-elementor-lightbox-slideshow=\"6b5be7b\" data-elementor-lightbox-title=\"Granja educativa_Instituto Aleman Puerto Montt 12\" data-e-action-hash=\"#elementor-action%3Aaction%3Dlightbox%26settings%3DeyJpZCI6MTMzOTIsInVybCI6Imh0dHBzOlwvXC9pYWxlbWFuLmNsXC93cC1jb250ZW50XC91cGxvYWRzXC8yMDIyXC8xMVwvR3JhbmphLWVkdWNhdGl2YV9JbnN0aXR1dG8tQWxlbWFuLVB1ZXJ0by1Nb250dC0xMi5qcGciLCJzbGlkZXNob3ciOiI2YjViZTdiIn0%3D\" href='https:\/\/ialeman.cl\/wp-content\/uploads\/2022\/11\/Granja-educativa_Instituto-Aleman-Puerto-Montt-12.jpg'><img loading=\"lazy\" decoding=\"async\" width=\"768\" height=\"513\" src=\"https:\/\/ialeman.cl\/wp-content\/uploads\/2022\/11\/Granja-educativa_Instituto-Aleman-Puerto-Montt-12-768x513.jpg\" class=\"attachment-medium_large size-medium_large\" alt=\"\" srcset=\"https:\/\/ialeman.cl\/wp-content\/uploads\/2022\/11\/Granja-educativa_Instituto-Aleman-Puerto-Montt-12-768x513.jpg 768w, https:\/\/ialeman.cl\/wp-content\/uploads\/2022\/11\/Granja-educativa_Instituto-Aleman-Puerto-Montt-12-300x200.jpg 300w, https:\/\/ialeman.cl\/wp-content\/uploads\/2022\/11\/Granja-educativa_Instituto-Aleman-Puerto-Montt-12-1024x684.jpg 1024w, https:\/\/ialeman.cl\/wp-content\/uploads\/2022\/11\/Granja-educativa_Instituto-Aleman-Puerto-Montt-12.jpg 1200w\" sizes=\"(max-width: 768px) 100vw, 768px\" \/><\/a>\n\t\t\t<\/div><\/figure><figure class='gallery-item'>\n\t\t\t<div class='gallery-icon landscape'>\n\t\t\t\t<a data-elementor-open-lightbox=\"yes\" data-elementor-lightbox-slideshow=\"6b5be7b\" data-elementor-lightbox-title=\"Granja educativa_Instituto Aleman Puerto Montt 13\" data-e-action-hash=\"#elementor-action%3Aaction%3Dlightbox%26settings%3DeyJpZCI6MTMzOTMsInVybCI6Imh0dHBzOlwvXC9pYWxlbWFuLmNsXC93cC1jb250ZW50XC91cGxvYWRzXC8yMDIyXC8xMVwvR3JhbmphLWVkdWNhdGl2YV9JbnN0aXR1dG8tQWxlbWFuLVB1ZXJ0by1Nb250dC0xMy5qcGciLCJzbGlkZXNob3ciOiI2YjViZTdiIn0%3D\" href='https:\/\/ialeman.cl\/wp-content\/uploads\/2022\/11\/Granja-educativa_Instituto-Aleman-Puerto-Montt-13.jpg'><img loading=\"lazy\" decoding=\"async\" width=\"768\" height=\"513\" src=\"https:\/\/ialeman.cl\/wp-content\/uploads\/2022\/11\/Granja-educativa_Instituto-Aleman-Puerto-Montt-13-768x513.jpg\" class=\"attachment-medium_large size-medium_large\" alt=\"\" srcset=\"https:\/\/ialeman.cl\/wp-content\/uploads\/2022\/11\/Granja-educativa_Instituto-Aleman-Puerto-Montt-13-768x513.jpg 768w, https:\/\/ialeman.cl\/wp-content\/uploads\/2022\/11\/Granja-educativa_Instituto-Aleman-Puerto-Montt-13-300x200.jpg 300w, https:\/\/ialeman.cl\/wp-content\/uploads\/2022\/11\/Granja-educativa_Instituto-Aleman-Puerto-Montt-13-1024x684.jpg 1024w, https:\/\/ialeman.cl\/wp-content\/uploads\/2022\/11\/Granja-educativa_Instituto-Aleman-Puerto-Montt-13.jpg 1200w\" sizes=\"(max-width: 768px) 100vw, 768px\" \/><\/a>\n\t\t\t<\/div><\/figure><figure class='gallery-item'>\n\t\t\t<div class='gallery-icon landscape'>\n\t\t\t\t<a data-elementor-open-lightbox=\"yes\" data-elementor-lightbox-slideshow=\"6b5be7b\" data-elementor-lightbox-title=\"Granja educativa_Instituto Aleman Puerto Montt 14\" data-e-action-hash=\"#elementor-action%3Aaction%3Dlightbox%26settings%3DeyJpZCI6MTMzOTQsInVybCI6Imh0dHBzOlwvXC9pYWxlbWFuLmNsXC93cC1jb250ZW50XC91cGxvYWRzXC8yMDIyXC8xMVwvR3JhbmphLWVkdWNhdGl2YV9JbnN0aXR1dG8tQWxlbWFuLVB1ZXJ0by1Nb250dC0xNC5qcGciLCJzbGlkZXNob3ciOiI2YjViZTdiIn0%3D\" href='https:\/\/ialeman.cl\/wp-content\/uploads\/2022\/11\/Granja-educativa_Instituto-Aleman-Puerto-Montt-14.jpg'><img loading=\"lazy\" decoding=\"async\" width=\"768\" height=\"513\" src=\"https:\/\/ialeman.cl\/wp-content\/uploads\/2022\/11\/Granja-educativa_Instituto-Aleman-Puerto-Montt-14-768x513.jpg\" class=\"attachment-medium_large size-medium_large\" alt=\"\" srcset=\"https:\/\/ialeman.cl\/wp-content\/uploads\/2022\/11\/Granja-educativa_Instituto-Aleman-Puerto-Montt-14-768x513.jpg 768w, https:\/\/ialeman.cl\/wp-content\/uploads\/2022\/11\/Granja-educativa_Instituto-Aleman-Puerto-Montt-14-300x200.jpg 300w, https:\/\/ialeman.cl\/wp-content\/uploads\/2022\/11\/Granja-educativa_Instituto-Aleman-Puerto-Montt-14-1024x684.jpg 1024w, https:\/\/ialeman.cl\/wp-content\/uploads\/2022\/11\/Granja-educativa_Instituto-Aleman-Puerto-Montt-14.jpg 1200w\" sizes=\"(max-width: 768px) 100vw, 768px\" \/><\/a>\n\t\t\t<\/div><\/figure><figure class='gallery-item'>\n\t\t\t<div class='gallery-icon landscape'>\n\t\t\t\t<a data-elementor-open-lightbox=\"yes\" data-elementor-lightbox-slideshow=\"6b5be7b\" data-elementor-lightbox-title=\"Granja educativa_Instituto Aleman Puerto Montt 15\" data-e-action-hash=\"#elementor-action%3Aaction%3Dlightbox%26settings%3DeyJpZCI6MTMzOTUsInVybCI6Imh0dHBzOlwvXC9pYWxlbWFuLmNsXC93cC1jb250ZW50XC91cGxvYWRzXC8yMDIyXC8xMVwvR3JhbmphLWVkdWNhdGl2YV9JbnN0aXR1dG8tQWxlbWFuLVB1ZXJ0by1Nb250dC0xNS5qcGciLCJzbGlkZXNob3ciOiI2YjViZTdiIn0%3D\" href='https:\/\/ialeman.cl\/wp-content\/uploads\/2022\/11\/Granja-educativa_Instituto-Aleman-Puerto-Montt-15.jpg'><img loading=\"lazy\" decoding=\"async\" width=\"768\" height=\"513\" src=\"https:\/\/ialeman.cl\/wp-content\/uploads\/2022\/11\/Granja-educativa_Instituto-Aleman-Puerto-Montt-15-768x513.jpg\" class=\"attachment-medium_large size-medium_large\" alt=\"\" srcset=\"https:\/\/ialeman.cl\/wp-content\/uploads\/2022\/11\/Granja-educativa_Instituto-Aleman-Puerto-Montt-15-768x513.jpg 768w, https:\/\/ialeman.cl\/wp-content\/uploads\/2022\/11\/Granja-educativa_Instituto-Aleman-Puerto-Montt-15-300x200.jpg 300w, https:\/\/ialeman.cl\/wp-content\/uploads\/2022\/11\/Granja-educativa_Instituto-Aleman-Puerto-Montt-15-1024x684.jpg 1024w, https:\/\/ialeman.cl\/wp-content\/uploads\/2022\/11\/Granja-educativa_Instituto-Aleman-Puerto-Montt-15.jpg 1200w\" sizes=\"(max-width: 768px) 100vw, 768px\" \/><\/a>\n\t\t\t<\/div><\/figure><figure class='gallery-item'>\n\t\t\t<div class='gallery-icon landscape'>\n\t\t\t\t<a data-elementor-open-lightbox=\"yes\" data-elementor-lightbox-slideshow=\"6b5be7b\" data-elementor-lightbox-title=\"Granja educativa_Instituto Aleman Puerto Montt 16\" data-e-action-hash=\"#elementor-action%3Aaction%3Dlightbox%26settings%3DeyJpZCI6MTMzOTYsInVybCI6Imh0dHBzOlwvXC9pYWxlbWFuLmNsXC93cC1jb250ZW50XC91cGxvYWRzXC8yMDIyXC8xMVwvR3JhbmphLWVkdWNhdGl2YV9JbnN0aXR1dG8tQWxlbWFuLVB1ZXJ0by1Nb250dC0xNi5qcGciLCJzbGlkZXNob3ciOiI2YjViZTdiIn0%3D\" href='https:\/\/ialeman.cl\/wp-content\/uploads\/2022\/11\/Granja-educativa_Instituto-Aleman-Puerto-Montt-16.jpg'><img loading=\"lazy\" decoding=\"async\" width=\"768\" height=\"513\" src=\"https:\/\/ialeman.cl\/wp-content\/uploads\/2022\/11\/Granja-educativa_Instituto-Aleman-Puerto-Montt-16-768x513.jpg\" class=\"attachment-medium_large size-medium_large\" alt=\"\" srcset=\"https:\/\/ialeman.cl\/wp-content\/uploads\/2022\/11\/Granja-educativa_Instituto-Aleman-Puerto-Montt-16-768x513.jpg 768w, https:\/\/ialeman.cl\/wp-content\/uploads\/2022\/11\/Granja-educativa_Instituto-Aleman-Puerto-Montt-16-300x200.jpg 300w, https:\/\/ialeman.cl\/wp-content\/uploads\/2022\/11\/Granja-educativa_Instituto-Aleman-Puerto-Montt-16-1024x684.jpg 1024w, https:\/\/ialeman.cl\/wp-content\/uploads\/2022\/11\/Granja-educativa_Instituto-Aleman-Puerto-Montt-16.jpg 1200w\" sizes=\"(max-width: 768px) 100vw, 768px\" \/><\/a>\n\t\t\t<\/div><\/figure><figure class='gallery-item'>\n\t\t\t<div class='gallery-icon landscape'>\n\t\t\t\t<a data-elementor-open-lightbox=\"yes\" data-elementor-lightbox-slideshow=\"6b5be7b\" data-elementor-lightbox-title=\"Granja educativa_Instituto Aleman Puerto Montt 17\" data-e-action-hash=\"#elementor-action%3Aaction%3Dlightbox%26settings%3DeyJpZCI6MTMzOTcsInVybCI6Imh0dHBzOlwvXC9pYWxlbWFuLmNsXC93cC1jb250ZW50XC91cGxvYWRzXC8yMDIyXC8xMVwvR3JhbmphLWVkdWNhdGl2YV9JbnN0aXR1dG8tQWxlbWFuLVB1ZXJ0by1Nb250dC0xNy5qcGciLCJzbGlkZXNob3ciOiI2YjViZTdiIn0%3D\" href='https:\/\/ialeman.cl\/wp-content\/uploads\/2022\/11\/Granja-educativa_Instituto-Aleman-Puerto-Montt-17.jpg'><img loading=\"lazy\" decoding=\"async\" width=\"768\" height=\"513\" src=\"https:\/\/ialeman.cl\/wp-content\/uploads\/2022\/11\/Granja-educativa_Instituto-Aleman-Puerto-Montt-17-768x513.jpg\" class=\"attachment-medium_large size-medium_large\" alt=\"\" srcset=\"https:\/\/ialeman.cl\/wp-content\/uploads\/2022\/11\/Granja-educativa_Instituto-Aleman-Puerto-Montt-17-768x513.jpg 768w, https:\/\/ialeman.cl\/wp-content\/uploads\/2022\/11\/Granja-educativa_Instituto-Aleman-Puerto-Montt-17-300x200.jpg 300w, https:\/\/ialeman.cl\/wp-content\/uploads\/2022\/11\/Granja-educativa_Instituto-Aleman-Puerto-Montt-17-1024x684.jpg 1024w, https:\/\/ialeman.cl\/wp-content\/uploads\/2022\/11\/Granja-educativa_Instituto-Aleman-Puerto-Montt-17.jpg 1200w\" sizes=\"(max-width: 768px) 100vw, 768px\" \/><\/a>\n\t\t\t<\/div><\/figure><figure class='gallery-item'>\n\t\t\t<div class='gallery-icon landscape'>\n\t\t\t\t<a data-elementor-open-lightbox=\"yes\" data-elementor-lightbox-slideshow=\"6b5be7b\" data-elementor-lightbox-title=\"Granja educativa_Instituto Aleman Puerto Montt 18\" data-e-action-hash=\"#elementor-action%3Aaction%3Dlightbox%26settings%3DeyJpZCI6MTMzOTgsInVybCI6Imh0dHBzOlwvXC9pYWxlbWFuLmNsXC93cC1jb250ZW50XC91cGxvYWRzXC8yMDIyXC8xMVwvR3JhbmphLWVkdWNhdGl2YV9JbnN0aXR1dG8tQWxlbWFuLVB1ZXJ0by1Nb250dC0xOC5qcGciLCJzbGlkZXNob3ciOiI2YjViZTdiIn0%3D\" href='https:\/\/ialeman.cl\/wp-content\/uploads\/2022\/11\/Granja-educativa_Instituto-Aleman-Puerto-Montt-18.jpg'><img loading=\"lazy\" decoding=\"async\" width=\"768\" height=\"513\" src=\"https:\/\/ialeman.cl\/wp-content\/uploads\/2022\/11\/Granja-educativa_Instituto-Aleman-Puerto-Montt-18-768x513.jpg\" class=\"attachment-medium_large size-medium_large\" alt=\"\" srcset=\"https:\/\/ialeman.cl\/wp-content\/uploads\/2022\/11\/Granja-educativa_Instituto-Aleman-Puerto-Montt-18-768x513.jpg 768w, https:\/\/ialeman.cl\/wp-content\/uploads\/2022\/11\/Granja-educativa_Instituto-Aleman-Puerto-Montt-18-300x200.jpg 300w, https:\/\/ialeman.cl\/wp-content\/uploads\/2022\/11\/Granja-educativa_Instituto-Aleman-Puerto-Montt-18-1024x684.jpg 1024w, https:\/\/ialeman.cl\/wp-content\/uploads\/2022\/11\/Granja-educativa_Instituto-Aleman-Puerto-Montt-18.jpg 1200w\" sizes=\"(max-width: 768px) 100vw, 768px\" \/><\/a>\n\t\t\t<\/div><\/figure><figure class='gallery-item'>\n\t\t\t<div class='gallery-icon landscape'>\n\t\t\t\t<a data-elementor-open-lightbox=\"yes\" data-elementor-lightbox-slideshow=\"6b5be7b\" data-elementor-lightbox-title=\"Granja educativa_Instituto Aleman Puerto Montt 19\" data-e-action-hash=\"#elementor-action%3Aaction%3Dlightbox%26settings%3DeyJpZCI6MTMzOTksInVybCI6Imh0dHBzOlwvXC9pYWxlbWFuLmNsXC93cC1jb250ZW50XC91cGxvYWRzXC8yMDIyXC8xMVwvR3JhbmphLWVkdWNhdGl2YV9JbnN0aXR1dG8tQWxlbWFuLVB1ZXJ0by1Nb250dC0xOS5qcGciLCJzbGlkZXNob3ciOiI2YjViZTdiIn0%3D\" href='https:\/\/ialeman.cl\/wp-content\/uploads\/2022\/11\/Granja-educativa_Instituto-Aleman-Puerto-Montt-19.jpg'><img loading=\"lazy\" decoding=\"async\" width=\"768\" height=\"513\" src=\"https:\/\/ialeman.cl\/wp-content\/uploads\/2022\/11\/Granja-educativa_Instituto-Aleman-Puerto-Montt-19-768x513.jpg\" class=\"attachment-medium_large size-medium_large\" alt=\"\" srcset=\"https:\/\/ialeman.cl\/wp-content\/uploads\/2022\/11\/Granja-educativa_Instituto-Aleman-Puerto-Montt-19-768x513.jpg 768w, https:\/\/ialeman.cl\/wp-content\/uploads\/2022\/11\/Granja-educativa_Instituto-Aleman-Puerto-Montt-19-300x200.jpg 300w, https:\/\/ialeman.cl\/wp-content\/uploads\/2022\/11\/Granja-educativa_Instituto-Aleman-Puerto-Montt-19-1024x684.jpg 1024w, https:\/\/ialeman.cl\/wp-content\/uploads\/2022\/11\/Granja-educativa_Instituto-Aleman-Puerto-Montt-19.jpg 1200w\" sizes=\"(max-width: 768px) 100vw, 768px\" \/><\/a>\n\t\t\t<\/div><\/figure><figure class='gallery-item'>\n\t\t\t<div class='gallery-icon landscape'>\n\t\t\t\t<a data-elementor-open-lightbox=\"yes\" data-elementor-lightbox-slideshow=\"6b5be7b\" data-elementor-lightbox-title=\"Granja educativa_Instituto Aleman Puerto Montt 20\" data-e-action-hash=\"#elementor-action%3Aaction%3Dlightbox%26settings%3DeyJpZCI6MTM0MDAsInVybCI6Imh0dHBzOlwvXC9pYWxlbWFuLmNsXC93cC1jb250ZW50XC91cGxvYWRzXC8yMDIyXC8xMVwvR3JhbmphLWVkdWNhdGl2YV9JbnN0aXR1dG8tQWxlbWFuLVB1ZXJ0by1Nb250dC0yMC5qcGciLCJzbGlkZXNob3ciOiI2YjViZTdiIn0%3D\" href='https:\/\/ialeman.cl\/wp-content\/uploads\/2022\/11\/Granja-educativa_Instituto-Aleman-Puerto-Montt-20.jpg'><img loading=\"lazy\" decoding=\"async\" width=\"768\" height=\"513\" src=\"https:\/\/ialeman.cl\/wp-content\/uploads\/2022\/11\/Granja-educativa_Instituto-Aleman-Puerto-Montt-20-768x513.jpg\" class=\"attachment-medium_large size-medium_large\" alt=\"\" srcset=\"https:\/\/ialeman.cl\/wp-content\/uploads\/2022\/11\/Granja-educativa_Instituto-Aleman-Puerto-Montt-20-768x513.jpg 768w, https:\/\/ialeman.cl\/wp-content\/uploads\/2022\/11\/Granja-educativa_Instituto-Aleman-Puerto-Montt-20-300x200.jpg 300w, https:\/\/ialeman.cl\/wp-content\/uploads\/2022\/11\/Granja-educativa_Instituto-Aleman-Puerto-Montt-20-1024x684.jpg 1024w, https:\/\/ialeman.cl\/wp-content\/uploads\/2022\/11\/Granja-educativa_Instituto-Aleman-Puerto-Montt-20.jpg 1200w\" sizes=\"(max-width: 768px) 100vw, 768px\" \/><\/a>\n\t\t\t<\/div><\/figure><figure class='gallery-item'>\n\t\t\t<div class='gallery-icon landscape'>\n\t\t\t\t<a data-elementor-open-lightbox=\"yes\" data-elementor-lightbox-slideshow=\"6b5be7b\" data-elementor-lightbox-title=\"Granja educativa_Instituto Aleman Puerto Montt 21\" data-e-action-hash=\"#elementor-action%3Aaction%3Dlightbox%26settings%3DeyJpZCI6MTM0MDEsInVybCI6Imh0dHBzOlwvXC9pYWxlbWFuLmNsXC93cC1jb250ZW50XC91cGxvYWRzXC8yMDIyXC8xMVwvR3JhbmphLWVkdWNhdGl2YV9JbnN0aXR1dG8tQWxlbWFuLVB1ZXJ0by1Nb250dC0yMS5qcGciLCJzbGlkZXNob3ciOiI2YjViZTdiIn0%3D\" href='https:\/\/ialeman.cl\/wp-content\/uploads\/2022\/11\/Granja-educativa_Instituto-Aleman-Puerto-Montt-21.jpg'><img loading=\"lazy\" decoding=\"async\" width=\"768\" height=\"513\" src=\"https:\/\/ialeman.cl\/wp-content\/uploads\/2022\/11\/Granja-educativa_Instituto-Aleman-Puerto-Montt-21-768x513.jpg\" class=\"attachment-medium_large size-medium_large\" alt=\"\" srcset=\"https:\/\/ialeman.cl\/wp-content\/uploads\/2022\/11\/Granja-educativa_Instituto-Aleman-Puerto-Montt-21-768x513.jpg 768w, https:\/\/ialeman.cl\/wp-content\/uploads\/2022\/11\/Granja-educativa_Instituto-Aleman-Puerto-Montt-21-300x200.jpg 300w, https:\/\/ialeman.cl\/wp-content\/uploads\/2022\/11\/Granja-educativa_Instituto-Aleman-Puerto-Montt-21-1024x684.jpg 1024w, https:\/\/ialeman.cl\/wp-content\/uploads\/2022\/11\/Granja-educativa_Instituto-Aleman-Puerto-Montt-21.jpg 1200w\" sizes=\"(max-width: 768px) 100vw, 768px\" \/><\/a>\n\t\t\t<\/div><\/figure><figure class='gallery-item'>\n\t\t\t<div class='gallery-icon landscape'>\n\t\t\t\t<a data-elementor-open-lightbox=\"yes\" data-elementor-lightbox-slideshow=\"6b5be7b\" data-elementor-lightbox-title=\"Granja educativa_Instituto Aleman Puerto Montt 22\" data-e-action-hash=\"#elementor-action%3Aaction%3Dlightbox%26settings%3DeyJpZCI6MTM0MDIsInVybCI6Imh0dHBzOlwvXC9pYWxlbWFuLmNsXC93cC1jb250ZW50XC91cGxvYWRzXC8yMDIyXC8xMVwvR3JhbmphLWVkdWNhdGl2YV9JbnN0aXR1dG8tQWxlbWFuLVB1ZXJ0by1Nb250dC0yMi5qcGciLCJzbGlkZXNob3ciOiI2YjViZTdiIn0%3D\" href='https:\/\/ialeman.cl\/wp-content\/uploads\/2022\/11\/Granja-educativa_Instituto-Aleman-Puerto-Montt-22.jpg'><img loading=\"lazy\" decoding=\"async\" width=\"768\" height=\"513\" src=\"https:\/\/ialeman.cl\/wp-content\/uploads\/2022\/11\/Granja-educativa_Instituto-Aleman-Puerto-Montt-22-768x513.jpg\" class=\"attachment-medium_large size-medium_large\" alt=\"\" srcset=\"https:\/\/ialeman.cl\/wp-content\/uploads\/2022\/11\/Granja-educativa_Instituto-Aleman-Puerto-Montt-22-768x513.jpg 768w, https:\/\/ialeman.cl\/wp-content\/uploads\/2022\/11\/Granja-educativa_Instituto-Aleman-Puerto-Montt-22-300x200.jpg 300w, https:\/\/ialeman.cl\/wp-content\/uploads\/2022\/11\/Granja-educativa_Instituto-Aleman-Puerto-Montt-22-1024x684.jpg 1024w, https:\/\/ialeman.cl\/wp-content\/uploads\/2022\/11\/Granja-educativa_Instituto-Aleman-Puerto-Montt-22.jpg 1200w\" sizes=\"(max-width: 768px) 100vw, 768px\" \/><\/a>\n\t\t\t<\/div><\/figure><figure class='gallery-item'>\n\t\t\t<div class='gallery-icon landscape'>\n\t\t\t\t<a data-elementor-open-lightbox=\"yes\" data-elementor-lightbox-slideshow=\"6b5be7b\" data-elementor-lightbox-title=\"Granja educativa_Instituto Aleman Puerto Montt 23\" data-e-action-hash=\"#elementor-action%3Aaction%3Dlightbox%26settings%3DeyJpZCI6MTM0MDMsInVybCI6Imh0dHBzOlwvXC9pYWxlbWFuLmNsXC93cC1jb250ZW50XC91cGxvYWRzXC8yMDIyXC8xMVwvR3JhbmphLWVkdWNhdGl2YV9JbnN0aXR1dG8tQWxlbWFuLVB1ZXJ0by1Nb250dC0yMy5qcGciLCJzbGlkZXNob3ciOiI2YjViZTdiIn0%3D\" href='https:\/\/ialeman.cl\/wp-content\/uploads\/2022\/11\/Granja-educativa_Instituto-Aleman-Puerto-Montt-23.jpg'><img loading=\"lazy\" decoding=\"async\" width=\"768\" height=\"513\" src=\"https:\/\/ialeman.cl\/wp-content\/uploads\/2022\/11\/Granja-educativa_Instituto-Aleman-Puerto-Montt-23-768x513.jpg\" class=\"attachment-medium_large size-medium_large\" alt=\"\" srcset=\"https:\/\/ialeman.cl\/wp-content\/uploads\/2022\/11\/Granja-educativa_Instituto-Aleman-Puerto-Montt-23-768x513.jpg 768w, https:\/\/ialeman.cl\/wp-content\/uploads\/2022\/11\/Granja-educativa_Instituto-Aleman-Puerto-Montt-23-300x200.jpg 300w, https:\/\/ialeman.cl\/wp-content\/uploads\/2022\/11\/Granja-educativa_Instituto-Aleman-Puerto-Montt-23-1024x684.jpg 1024w, https:\/\/ialeman.cl\/wp-content\/uploads\/2022\/11\/Granja-educativa_Instituto-Aleman-Puerto-Montt-23.jpg 1200w\" sizes=\"(max-width: 768px) 100vw, 768px\" \/><\/a>\n\t\t\t<\/div><\/figure><figure class='gallery-item'>\n\t\t\t<div class='gallery-icon landscape'>\n\t\t\t\t<a data-elementor-open-lightbox=\"yes\" data-elementor-lightbox-slideshow=\"6b5be7b\" data-elementor-lightbox-title=\"Granja educativa_Instituto Aleman Puerto Montt 24\" data-e-action-hash=\"#elementor-action%3Aaction%3Dlightbox%26settings%3DeyJpZCI6MTM0MDQsInVybCI6Imh0dHBzOlwvXC9pYWxlbWFuLmNsXC93cC1jb250ZW50XC91cGxvYWRzXC8yMDIyXC8xMVwvR3JhbmphLWVkdWNhdGl2YV9JbnN0aXR1dG8tQWxlbWFuLVB1ZXJ0by1Nb250dC0yNC5qcGciLCJzbGlkZXNob3ciOiI2YjViZTdiIn0%3D\" href='https:\/\/ialeman.cl\/wp-content\/uploads\/2022\/11\/Granja-educativa_Instituto-Aleman-Puerto-Montt-24.jpg'><img loading=\"lazy\" decoding=\"async\" width=\"768\" height=\"513\" src=\"https:\/\/ialeman.cl\/wp-content\/uploads\/2022\/11\/Granja-educativa_Instituto-Aleman-Puerto-Montt-24-768x513.jpg\" class=\"attachment-medium_large size-medium_large\" alt=\"\" srcset=\"https:\/\/ialeman.cl\/wp-content\/uploads\/2022\/11\/Granja-educativa_Instituto-Aleman-Puerto-Montt-24-768x513.jpg 768w, https:\/\/ialeman.cl\/wp-content\/uploads\/2022\/11\/Granja-educativa_Instituto-Aleman-Puerto-Montt-24-300x200.jpg 300w, https:\/\/ialeman.cl\/wp-content\/uploads\/2022\/11\/Granja-educativa_Instituto-Aleman-Puerto-Montt-24-1024x684.jpg 1024w, https:\/\/ialeman.cl\/wp-content\/uploads\/2022\/11\/Granja-educativa_Instituto-Aleman-Puerto-Montt-24.jpg 1200w\" sizes=\"(max-width: 768px) 100vw, 768px\" \/><\/a>\n\t\t\t<\/div><\/figure><figure class='gallery-item'>\n\t\t\t<div class='gallery-icon landscape'>\n\t\t\t\t<a data-elementor-open-lightbox=\"yes\" data-elementor-lightbox-slideshow=\"6b5be7b\" data-elementor-lightbox-title=\"Granja educativa_Instituto Aleman Puerto Montt 25\" data-e-action-hash=\"#elementor-action%3Aaction%3Dlightbox%26settings%3DeyJpZCI6MTM0MDUsInVybCI6Imh0dHBzOlwvXC9pYWxlbWFuLmNsXC93cC1jb250ZW50XC91cGxvYWRzXC8yMDIyXC8xMVwvR3JhbmphLWVkdWNhdGl2YV9JbnN0aXR1dG8tQWxlbWFuLVB1ZXJ0by1Nb250dC0yNS5qcGciLCJzbGlkZXNob3ciOiI2YjViZTdiIn0%3D\" href='https:\/\/ialeman.cl\/wp-content\/uploads\/2022\/11\/Granja-educativa_Instituto-Aleman-Puerto-Montt-25.jpg'><img loading=\"lazy\" decoding=\"async\" width=\"768\" height=\"513\" src=\"https:\/\/ialeman.cl\/wp-content\/uploads\/2022\/11\/Granja-educativa_Instituto-Aleman-Puerto-Montt-25-768x513.jpg\" class=\"attachment-medium_large size-medium_large\" alt=\"\" srcset=\"https:\/\/ialeman.cl\/wp-content\/uploads\/2022\/11\/Granja-educativa_Instituto-Aleman-Puerto-Montt-25-768x513.jpg 768w, https:\/\/ialeman.cl\/wp-content\/uploads\/2022\/11\/Granja-educativa_Instituto-Aleman-Puerto-Montt-25-300x200.jpg 300w, https:\/\/ialeman.cl\/wp-content\/uploads\/2022\/11\/Granja-educativa_Instituto-Aleman-Puerto-Montt-25-1024x684.jpg 1024w, https:\/\/ialeman.cl\/wp-content\/uploads\/2022\/11\/Granja-educativa_Instituto-Aleman-Puerto-Montt-25.jpg 1200w\" sizes=\"(max-width: 768px) 100vw, 768px\" \/><\/a>\n\t\t\t<\/div><\/figure><figure class='gallery-item'>\n\t\t\t<div class='gallery-icon landscape'>\n\t\t\t\t<a data-elementor-open-lightbox=\"yes\" data-elementor-lightbox-slideshow=\"6b5be7b\" data-elementor-lightbox-title=\"Granja educativa_Instituto Aleman Puerto Montt 26\" data-e-action-hash=\"#elementor-action%3Aaction%3Dlightbox%26settings%3DeyJpZCI6MTM0MDYsInVybCI6Imh0dHBzOlwvXC9pYWxlbWFuLmNsXC93cC1jb250ZW50XC91cGxvYWRzXC8yMDIyXC8xMVwvR3JhbmphLWVkdWNhdGl2YV9JbnN0aXR1dG8tQWxlbWFuLVB1ZXJ0by1Nb250dC0yNi5qcGciLCJzbGlkZXNob3ciOiI2YjViZTdiIn0%3D\" href='https:\/\/ialeman.cl\/wp-content\/uploads\/2022\/11\/Granja-educativa_Instituto-Aleman-Puerto-Montt-26.jpg'><img loading=\"lazy\" decoding=\"async\" width=\"768\" height=\"513\" src=\"https:\/\/ialeman.cl\/wp-content\/uploads\/2022\/11\/Granja-educativa_Instituto-Aleman-Puerto-Montt-26-768x513.jpg\" class=\"attachment-medium_large size-medium_large\" alt=\"\" srcset=\"https:\/\/ialeman.cl\/wp-content\/uploads\/2022\/11\/Granja-educativa_Instituto-Aleman-Puerto-Montt-26-768x513.jpg 768w, https:\/\/ialeman.cl\/wp-content\/uploads\/2022\/11\/Granja-educativa_Instituto-Aleman-Puerto-Montt-26-300x200.jpg 300w, https:\/\/ialeman.cl\/wp-content\/uploads\/2022\/11\/Granja-educativa_Instituto-Aleman-Puerto-Montt-26-1024x684.jpg 1024w, https:\/\/ialeman.cl\/wp-content\/uploads\/2022\/11\/Granja-educativa_Instituto-Aleman-Puerto-Montt-26.jpg 1200w\" sizes=\"(max-width: 768px) 100vw, 768px\" \/><\/a>\n\t\t\t<\/div><\/figure><figure class='gallery-item'>\n\t\t\t<div class='gallery-icon landscape'>\n\t\t\t\t<a data-elementor-open-lightbox=\"yes\" data-elementor-lightbox-slideshow=\"6b5be7b\" data-elementor-lightbox-title=\"Granja educativa_Instituto Aleman Puerto Montt 27\" data-e-action-hash=\"#elementor-action%3Aaction%3Dlightbox%26settings%3DeyJpZCI6MTM0MDcsInVybCI6Imh0dHBzOlwvXC9pYWxlbWFuLmNsXC93cC1jb250ZW50XC91cGxvYWRzXC8yMDIyXC8xMVwvR3JhbmphLWVkdWNhdGl2YV9JbnN0aXR1dG8tQWxlbWFuLVB1ZXJ0by1Nb250dC0yNy5qcGciLCJzbGlkZXNob3ciOiI2YjViZTdiIn0%3D\" href='https:\/\/ialeman.cl\/wp-content\/uploads\/2022\/11\/Granja-educativa_Instituto-Aleman-Puerto-Montt-27.jpg'><img loading=\"lazy\" decoding=\"async\" width=\"768\" height=\"513\" src=\"https:\/\/ialeman.cl\/wp-content\/uploads\/2022\/11\/Granja-educativa_Instituto-Aleman-Puerto-Montt-27-768x513.jpg\" class=\"attachment-medium_large size-medium_large\" alt=\"\" srcset=\"https:\/\/ialeman.cl\/wp-content\/uploads\/2022\/11\/Granja-educativa_Instituto-Aleman-Puerto-Montt-27-768x513.jpg 768w, https:\/\/ialeman.cl\/wp-content\/uploads\/2022\/11\/Granja-educativa_Instituto-Aleman-Puerto-Montt-27-300x200.jpg 300w, https:\/\/ialeman.cl\/wp-content\/uploads\/2022\/11\/Granja-educativa_Instituto-Aleman-Puerto-Montt-27-1024x684.jpg 1024w, https:\/\/ialeman.cl\/wp-content\/uploads\/2022\/11\/Granja-educativa_Instituto-Aleman-Puerto-Montt-27.jpg 1200w\" sizes=\"(max-width: 768px) 100vw, 768px\" \/><\/a>\n\t\t\t<\/div><\/figure><figure class='gallery-item'>\n\t\t\t<div class='gallery-icon landscape'>\n\t\t\t\t<a data-elementor-open-lightbox=\"yes\" data-elementor-lightbox-slideshow=\"6b5be7b\" data-elementor-lightbox-title=\"Granja educativa_Instituto Aleman Puerto Montt 28\" data-e-action-hash=\"#elementor-action%3Aaction%3Dlightbox%26settings%3DeyJpZCI6MTM0MDgsInVybCI6Imh0dHBzOlwvXC9pYWxlbWFuLmNsXC93cC1jb250ZW50XC91cGxvYWRzXC8yMDIyXC8xMVwvR3JhbmphLWVkdWNhdGl2YV9JbnN0aXR1dG8tQWxlbWFuLVB1ZXJ0by1Nb250dC0yOC5qcGciLCJzbGlkZXNob3ciOiI2YjViZTdiIn0%3D\" href='https:\/\/ialeman.cl\/wp-content\/uploads\/2022\/11\/Granja-educativa_Instituto-Aleman-Puerto-Montt-28.jpg'><img loading=\"lazy\" decoding=\"async\" width=\"768\" height=\"513\" src=\"https:\/\/ialeman.cl\/wp-content\/uploads\/2022\/11\/Granja-educativa_Instituto-Aleman-Puerto-Montt-28-768x513.jpg\" class=\"attachment-medium_large size-medium_large\" alt=\"\" srcset=\"https:\/\/ialeman.cl\/wp-content\/uploads\/2022\/11\/Granja-educativa_Instituto-Aleman-Puerto-Montt-28-768x513.jpg 768w, https:\/\/ialeman.cl\/wp-content\/uploads\/2022\/11\/Granja-educativa_Instituto-Aleman-Puerto-Montt-28-300x200.jpg 300w, https:\/\/ialeman.cl\/wp-content\/uploads\/2022\/11\/Granja-educativa_Instituto-Aleman-Puerto-Montt-28-1024x684.jpg 1024w, https:\/\/ialeman.cl\/wp-content\/uploads\/2022\/11\/Granja-educativa_Instituto-Aleman-Puerto-Montt-28.jpg 1200w\" sizes=\"(max-width: 768px) 100vw, 768px\" \/><\/a>\n\t\t\t<\/div><\/figure><figure class='gallery-item'>\n\t\t\t<div class='gallery-icon landscape'>\n\t\t\t\t<a data-elementor-open-lightbox=\"yes\" data-elementor-lightbox-slideshow=\"6b5be7b\" data-elementor-lightbox-title=\"Granja educativa_Instituto Aleman Puerto Montt 29\" data-e-action-hash=\"#elementor-action%3Aaction%3Dlightbox%26settings%3DeyJpZCI6MTM0MDksInVybCI6Imh0dHBzOlwvXC9pYWxlbWFuLmNsXC93cC1jb250ZW50XC91cGxvYWRzXC8yMDIyXC8xMVwvR3JhbmphLWVkdWNhdGl2YV9JbnN0aXR1dG8tQWxlbWFuLVB1ZXJ0by1Nb250dC0yOS5qcGciLCJzbGlkZXNob3ciOiI2YjViZTdiIn0%3D\" href='https:\/\/ialeman.cl\/wp-content\/uploads\/2022\/11\/Granja-educativa_Instituto-Aleman-Puerto-Montt-29.jpg'><img loading=\"lazy\" decoding=\"async\" width=\"768\" height=\"513\" src=\"https:\/\/ialeman.cl\/wp-content\/uploads\/2022\/11\/Granja-educativa_Instituto-Aleman-Puerto-Montt-29-768x513.jpg\" class=\"attachment-medium_large size-medium_large\" alt=\"\" srcset=\"https:\/\/ialeman.cl\/wp-content\/uploads\/2022\/11\/Granja-educativa_Instituto-Aleman-Puerto-Montt-29-768x513.jpg 768w, https:\/\/ialeman.cl\/wp-content\/uploads\/2022\/11\/Granja-educativa_Instituto-Aleman-Puerto-Montt-29-300x200.jpg 300w, https:\/\/ialeman.cl\/wp-content\/uploads\/2022\/11\/Granja-educativa_Instituto-Aleman-Puerto-Montt-29-1024x684.jpg 1024w, https:\/\/ialeman.cl\/wp-content\/uploads\/2022\/11\/Granja-educativa_Instituto-Aleman-Puerto-Montt-29.jpg 1200w\" sizes=\"(max-width: 768px) 100vw, 768px\" \/><\/a>\n\t\t\t<\/div><\/figure><figure class='gallery-item'>\n\t\t\t<div class='gallery-icon landscape'>\n\t\t\t\t<a data-elementor-open-lightbox=\"yes\" data-elementor-lightbox-slideshow=\"6b5be7b\" data-elementor-lightbox-title=\"Granja educativa_Instituto Aleman Puerto Montt 30\" data-e-action-hash=\"#elementor-action%3Aaction%3Dlightbox%26settings%3DeyJpZCI6MTM0MTAsInVybCI6Imh0dHBzOlwvXC9pYWxlbWFuLmNsXC93cC1jb250ZW50XC91cGxvYWRzXC8yMDIyXC8xMVwvR3JhbmphLWVkdWNhdGl2YV9JbnN0aXR1dG8tQWxlbWFuLVB1ZXJ0by1Nb250dC0zMC5qcGciLCJzbGlkZXNob3ciOiI2YjViZTdiIn0%3D\" href='https:\/\/ialeman.cl\/wp-content\/uploads\/2022\/11\/Granja-educativa_Instituto-Aleman-Puerto-Montt-30.jpg'><img loading=\"lazy\" decoding=\"async\" width=\"768\" height=\"513\" src=\"https:\/\/ialeman.cl\/wp-content\/uploads\/2022\/11\/Granja-educativa_Instituto-Aleman-Puerto-Montt-30-768x513.jpg\" class=\"attachment-medium_large size-medium_large\" alt=\"\" srcset=\"https:\/\/ialeman.cl\/wp-content\/uploads\/2022\/11\/Granja-educativa_Instituto-Aleman-Puerto-Montt-30-768x513.jpg 768w, https:\/\/ialeman.cl\/wp-content\/uploads\/2022\/11\/Granja-educativa_Instituto-Aleman-Puerto-Montt-30-300x200.jpg 300w, https:\/\/ialeman.cl\/wp-content\/uploads\/2022\/11\/Granja-educativa_Instituto-Aleman-Puerto-Montt-30-1024x684.jpg 1024w, https:\/\/ialeman.cl\/wp-content\/uploads\/2022\/11\/Granja-educativa_Instituto-Aleman-Puerto-Montt-30.jpg 1200w\" sizes=\"(max-width: 768px) 100vw, 768px\" \/><\/a>\n\t\t\t<\/div><\/figure><figure class='gallery-item'>\n\t\t\t<div class='gallery-icon landscape'>\n\t\t\t\t<a data-elementor-open-lightbox=\"yes\" data-elementor-lightbox-slideshow=\"6b5be7b\" data-elementor-lightbox-title=\"Granja educativa_Instituto Aleman Puerto Montt 32\" data-e-action-hash=\"#elementor-action%3Aaction%3Dlightbox%26settings%3DeyJpZCI6MTM0MTIsInVybCI6Imh0dHBzOlwvXC9pYWxlbWFuLmNsXC93cC1jb250ZW50XC91cGxvYWRzXC8yMDIyXC8xMVwvR3JhbmphLWVkdWNhdGl2YV9JbnN0aXR1dG8tQWxlbWFuLVB1ZXJ0by1Nb250dC0zMi5qcGciLCJzbGlkZXNob3ciOiI2YjViZTdiIn0%3D\" href='https:\/\/ialeman.cl\/wp-content\/uploads\/2022\/11\/Granja-educativa_Instituto-Aleman-Puerto-Montt-32.jpg'><img loading=\"lazy\" decoding=\"async\" width=\"768\" height=\"513\" src=\"https:\/\/ialeman.cl\/wp-content\/uploads\/2022\/11\/Granja-educativa_Instituto-Aleman-Puerto-Montt-32-768x513.jpg\" class=\"attachment-medium_large size-medium_large\" alt=\"\" srcset=\"https:\/\/ialeman.cl\/wp-content\/uploads\/2022\/11\/Granja-educativa_Instituto-Aleman-Puerto-Montt-32-768x513.jpg 768w, https:\/\/ialeman.cl\/wp-content\/uploads\/2022\/11\/Granja-educativa_Instituto-Aleman-Puerto-Montt-32-300x200.jpg 300w, https:\/\/ialeman.cl\/wp-content\/uploads\/2022\/11\/Granja-educativa_Instituto-Aleman-Puerto-Montt-32-1024x684.jpg 1024w, https:\/\/ialeman.cl\/wp-content\/uploads\/2022\/11\/Granja-educativa_Instituto-Aleman-Puerto-Montt-32.jpg 1200w\" sizes=\"(max-width: 768px) 100vw, 768px\" \/><\/a>\n\t\t\t<\/div><\/figure><figure class='gallery-item'>\n\t\t\t<div class='gallery-icon landscape'>\n\t\t\t\t<a data-elementor-open-lightbox=\"yes\" data-elementor-lightbox-slideshow=\"6b5be7b\" data-elementor-lightbox-title=\"Granja educativa_Instituto Aleman Puerto Montt 33\" data-e-action-hash=\"#elementor-action%3Aaction%3Dlightbox%26settings%3DeyJpZCI6MTM0MTMsInVybCI6Imh0dHBzOlwvXC9pYWxlbWFuLmNsXC93cC1jb250ZW50XC91cGxvYWRzXC8yMDIyXC8xMVwvR3JhbmphLWVkdWNhdGl2YV9JbnN0aXR1dG8tQWxlbWFuLVB1ZXJ0by1Nb250dC0zMy5qcGciLCJzbGlkZXNob3ciOiI2YjViZTdiIn0%3D\" href='https:\/\/ialeman.cl\/wp-content\/uploads\/2022\/11\/Granja-educativa_Instituto-Aleman-Puerto-Montt-33.jpg'><img loading=\"lazy\" decoding=\"async\" width=\"768\" height=\"513\" src=\"https:\/\/ialeman.cl\/wp-content\/uploads\/2022\/11\/Granja-educativa_Instituto-Aleman-Puerto-Montt-33-768x513.jpg\" class=\"attachment-medium_large size-medium_large\" alt=\"\" srcset=\"https:\/\/ialeman.cl\/wp-content\/uploads\/2022\/11\/Granja-educativa_Instituto-Aleman-Puerto-Montt-33-768x513.jpg 768w, https:\/\/ialeman.cl\/wp-content\/uploads\/2022\/11\/Granja-educativa_Instituto-Aleman-Puerto-Montt-33-300x200.jpg 300w, https:\/\/ialeman.cl\/wp-content\/uploads\/2022\/11\/Granja-educativa_Instituto-Aleman-Puerto-Montt-33-1024x684.jpg 1024w, https:\/\/ialeman.cl\/wp-content\/uploads\/2022\/11\/Granja-educativa_Instituto-Aleman-Puerto-Montt-33.jpg 1200w\" sizes=\"(max-width: 768px) 100vw, 768px\" \/><\/a>\n\t\t\t<\/div><\/figure><figure class='gallery-item'>\n\t\t\t<div class='gallery-icon landscape'>\n\t\t\t\t<a data-elementor-open-lightbox=\"yes\" data-elementor-lightbox-slideshow=\"6b5be7b\" data-elementor-lightbox-title=\"Granja educativa_Instituto Aleman Puerto Montt 34\" data-e-action-hash=\"#elementor-action%3Aaction%3Dlightbox%26settings%3DeyJpZCI6MTM0MTQsInVybCI6Imh0dHBzOlwvXC9pYWxlbWFuLmNsXC93cC1jb250ZW50XC91cGxvYWRzXC8yMDIyXC8xMVwvR3JhbmphLWVkdWNhdGl2YV9JbnN0aXR1dG8tQWxlbWFuLVB1ZXJ0by1Nb250dC0zNC5qcGciLCJzbGlkZXNob3ciOiI2YjViZTdiIn0%3D\" href='https:\/\/ialeman.cl\/wp-content\/uploads\/2022\/11\/Granja-educativa_Instituto-Aleman-Puerto-Montt-34.jpg'><img loading=\"lazy\" decoding=\"async\" width=\"768\" height=\"513\" src=\"https:\/\/ialeman.cl\/wp-content\/uploads\/2022\/11\/Granja-educativa_Instituto-Aleman-Puerto-Montt-34-768x513.jpg\" class=\"attachment-medium_large size-medium_large\" alt=\"\" srcset=\"https:\/\/ialeman.cl\/wp-content\/uploads\/2022\/11\/Granja-educativa_Instituto-Aleman-Puerto-Montt-34-768x513.jpg 768w, https:\/\/ialeman.cl\/wp-content\/uploads\/2022\/11\/Granja-educativa_Instituto-Aleman-Puerto-Montt-34-300x200.jpg 300w, https:\/\/ialeman.cl\/wp-content\/uploads\/2022\/11\/Granja-educativa_Instituto-Aleman-Puerto-Montt-34-1024x684.jpg 1024w, https:\/\/ialeman.cl\/wp-content\/uploads\/2022\/11\/Granja-educativa_Instituto-Aleman-Puerto-Montt-34.jpg 1200w\" sizes=\"(max-width: 768px) 100vw, 768px\" \/><\/a>\n\t\t\t<\/div><\/figure><figure class='gallery-item'>\n\t\t\t<div class='gallery-icon landscape'>\n\t\t\t\t<a data-elementor-open-lightbox=\"yes\" data-elementor-lightbox-slideshow=\"6b5be7b\" data-elementor-lightbox-title=\"Granja educativa_Instituto Aleman Puerto Montt 35\" data-e-action-hash=\"#elementor-action%3Aaction%3Dlightbox%26settings%3DeyJpZCI6MTM0MTUsInVybCI6Imh0dHBzOlwvXC9pYWxlbWFuLmNsXC93cC1jb250ZW50XC91cGxvYWRzXC8yMDIyXC8xMVwvR3JhbmphLWVkdWNhdGl2YV9JbnN0aXR1dG8tQWxlbWFuLVB1ZXJ0by1Nb250dC0zNS5qcGciLCJzbGlkZXNob3ciOiI2YjViZTdiIn0%3D\" href='https:\/\/ialeman.cl\/wp-content\/uploads\/2022\/11\/Granja-educativa_Instituto-Aleman-Puerto-Montt-35.jpg'><img loading=\"lazy\" decoding=\"async\" width=\"768\" height=\"513\" src=\"https:\/\/ialeman.cl\/wp-content\/uploads\/2022\/11\/Granja-educativa_Instituto-Aleman-Puerto-Montt-35-768x513.jpg\" class=\"attachment-medium_large size-medium_large\" alt=\"\" srcset=\"https:\/\/ialeman.cl\/wp-content\/uploads\/2022\/11\/Granja-educativa_Instituto-Aleman-Puerto-Montt-35-768x513.jpg 768w, https:\/\/ialeman.cl\/wp-content\/uploads\/2022\/11\/Granja-educativa_Instituto-Aleman-Puerto-Montt-35-300x200.jpg 300w, https:\/\/ialeman.cl\/wp-content\/uploads\/2022\/11\/Granja-educativa_Instituto-Aleman-Puerto-Montt-35-1024x684.jpg 1024w, https:\/\/ialeman.cl\/wp-content\/uploads\/2022\/11\/Granja-educativa_Instituto-Aleman-Puerto-Montt-35.jpg 1200w\" sizes=\"(max-width: 768px) 100vw, 768px\" \/><\/a>\n\t\t\t<\/div><\/figure><figure class='gallery-item'>\n\t\t\t<div class='gallery-icon landscape'>\n\t\t\t\t<a data-elementor-open-lightbox=\"yes\" data-elementor-lightbox-slideshow=\"6b5be7b\" data-elementor-lightbox-title=\"Granja educativa_Instituto Aleman Puerto Montt 36\" data-e-action-hash=\"#elementor-action%3Aaction%3Dlightbox%26settings%3DeyJpZCI6MTM0MTYsInVybCI6Imh0dHBzOlwvXC9pYWxlbWFuLmNsXC93cC1jb250ZW50XC91cGxvYWRzXC8yMDIyXC8xMVwvR3JhbmphLWVkdWNhdGl2YV9JbnN0aXR1dG8tQWxlbWFuLVB1ZXJ0by1Nb250dC0zNi5qcGciLCJzbGlkZXNob3ciOiI2YjViZTdiIn0%3D\" href='https:\/\/ialeman.cl\/wp-content\/uploads\/2022\/11\/Granja-educativa_Instituto-Aleman-Puerto-Montt-36.jpg'><img loading=\"lazy\" decoding=\"async\" width=\"768\" height=\"513\" src=\"https:\/\/ialeman.cl\/wp-content\/uploads\/2022\/11\/Granja-educativa_Instituto-Aleman-Puerto-Montt-36-768x513.jpg\" class=\"attachment-medium_large size-medium_large\" alt=\"\" srcset=\"https:\/\/ialeman.cl\/wp-content\/uploads\/2022\/11\/Granja-educativa_Instituto-Aleman-Puerto-Montt-36-768x513.jpg 768w, https:\/\/ialeman.cl\/wp-content\/uploads\/2022\/11\/Granja-educativa_Instituto-Aleman-Puerto-Montt-36-300x200.jpg 300w, https:\/\/ialeman.cl\/wp-content\/uploads\/2022\/11\/Granja-educativa_Instituto-Aleman-Puerto-Montt-36-1024x684.jpg 1024w, https:\/\/ialeman.cl\/wp-content\/uploads\/2022\/11\/Granja-educativa_Instituto-Aleman-Puerto-Montt-36.jpg 1200w\" sizes=\"(max-width: 768px) 100vw, 768px\" \/><\/a>\n\t\t\t<\/div><\/figure><figure class='gallery-item'>\n\t\t\t<div class='gallery-icon landscape'>\n\t\t\t\t<a data-elementor-open-lightbox=\"yes\" data-elementor-lightbox-slideshow=\"6b5be7b\" data-elementor-lightbox-title=\"Granja educativa_Instituto Aleman Puerto Montt 37\" data-e-action-hash=\"#elementor-action%3Aaction%3Dlightbox%26settings%3DeyJpZCI6MTM0MTcsInVybCI6Imh0dHBzOlwvXC9pYWxlbWFuLmNsXC93cC1jb250ZW50XC91cGxvYWRzXC8yMDIyXC8xMVwvR3JhbmphLWVkdWNhdGl2YV9JbnN0aXR1dG8tQWxlbWFuLVB1ZXJ0by1Nb250dC0zNy5qcGciLCJzbGlkZXNob3ciOiI2YjViZTdiIn0%3D\" href='https:\/\/ialeman.cl\/wp-content\/uploads\/2022\/11\/Granja-educativa_Instituto-Aleman-Puerto-Montt-37.jpg'><img loading=\"lazy\" decoding=\"async\" width=\"768\" height=\"513\" src=\"https:\/\/ialeman.cl\/wp-content\/uploads\/2022\/11\/Granja-educativa_Instituto-Aleman-Puerto-Montt-37-768x513.jpg\" class=\"attachment-medium_large size-medium_large\" alt=\"\" srcset=\"https:\/\/ialeman.cl\/wp-content\/uploads\/2022\/11\/Granja-educativa_Instituto-Aleman-Puerto-Montt-37-768x513.jpg 768w, https:\/\/ialeman.cl\/wp-content\/uploads\/2022\/11\/Granja-educativa_Instituto-Aleman-Puerto-Montt-37-300x200.jpg 300w, https:\/\/ialeman.cl\/wp-content\/uploads\/2022\/11\/Granja-educativa_Instituto-Aleman-Puerto-Montt-37-1024x684.jpg 1024w, https:\/\/ialeman.cl\/wp-content\/uploads\/2022\/11\/Granja-educativa_Instituto-Aleman-Puerto-Montt-37.jpg 1200w\" sizes=\"(max-width: 768px) 100vw, 768px\" \/><\/a>\n\t\t\t<\/div><\/figure><figure class='gallery-item'>\n\t\t\t<div class='gallery-icon landscape'>\n\t\t\t\t<a data-elementor-open-lightbox=\"yes\" data-elementor-lightbox-slideshow=\"6b5be7b\" data-elementor-lightbox-title=\"Granja educativa_Instituto Aleman Puerto Montt 38\" data-e-action-hash=\"#elementor-action%3Aaction%3Dlightbox%26settings%3DeyJpZCI6MTM0MTgsInVybCI6Imh0dHBzOlwvXC9pYWxlbWFuLmNsXC93cC1jb250ZW50XC91cGxvYWRzXC8yMDIyXC8xMVwvR3JhbmphLWVkdWNhdGl2YV9JbnN0aXR1dG8tQWxlbWFuLVB1ZXJ0by1Nb250dC0zOC5qcGciLCJzbGlkZXNob3ciOiI2YjViZTdiIn0%3D\" href='https:\/\/ialeman.cl\/wp-content\/uploads\/2022\/11\/Granja-educativa_Instituto-Aleman-Puerto-Montt-38.jpg'><img loading=\"lazy\" decoding=\"async\" width=\"768\" height=\"513\" src=\"https:\/\/ialeman.cl\/wp-content\/uploads\/2022\/11\/Granja-educativa_Instituto-Aleman-Puerto-Montt-38-768x513.jpg\" class=\"attachment-medium_large size-medium_large\" alt=\"\" srcset=\"https:\/\/ialeman.cl\/wp-content\/uploads\/2022\/11\/Granja-educativa_Instituto-Aleman-Puerto-Montt-38-768x513.jpg 768w, https:\/\/ialeman.cl\/wp-content\/uploads\/2022\/11\/Granja-educativa_Instituto-Aleman-Puerto-Montt-38-300x200.jpg 300w, https:\/\/ialeman.cl\/wp-content\/uploads\/2022\/11\/Granja-educativa_Instituto-Aleman-Puerto-Montt-38-1024x684.jpg 1024w, https:\/\/ialeman.cl\/wp-content\/uploads\/2022\/11\/Granja-educativa_Instituto-Aleman-Puerto-Montt-38.jpg 1200w\" sizes=\"(max-width: 768px) 100vw, 768px\" \/><\/a>\n\t\t\t<\/div><\/figure><figure class='gallery-item'>\n\t\t\t<div class='gallery-icon landscape'>\n\t\t\t\t<a data-elementor-open-lightbox=\"yes\" data-elementor-lightbox-slideshow=\"6b5be7b\" data-elementor-lightbox-title=\"Granja educativa_Instituto Aleman Puerto Montt 39\" data-e-action-hash=\"#elementor-action%3Aaction%3Dlightbox%26settings%3DeyJpZCI6MTM0MTksInVybCI6Imh0dHBzOlwvXC9pYWxlbWFuLmNsXC93cC1jb250ZW50XC91cGxvYWRzXC8yMDIyXC8xMVwvR3JhbmphLWVkdWNhdGl2YV9JbnN0aXR1dG8tQWxlbWFuLVB1ZXJ0by1Nb250dC0zOS5qcGciLCJzbGlkZXNob3ciOiI2YjViZTdiIn0%3D\" href='https:\/\/ialeman.cl\/wp-content\/uploads\/2022\/11\/Granja-educativa_Instituto-Aleman-Puerto-Montt-39.jpg'><img loading=\"lazy\" decoding=\"async\" width=\"768\" height=\"513\" src=\"https:\/\/ialeman.cl\/wp-content\/uploads\/2022\/11\/Granja-educativa_Instituto-Aleman-Puerto-Montt-39-768x513.jpg\" class=\"attachment-medium_large size-medium_large\" alt=\"\" srcset=\"https:\/\/ialeman.cl\/wp-content\/uploads\/2022\/11\/Granja-educativa_Instituto-Aleman-Puerto-Montt-39-768x513.jpg 768w, https:\/\/ialeman.cl\/wp-content\/uploads\/2022\/11\/Granja-educativa_Instituto-Aleman-Puerto-Montt-39-300x200.jpg 300w, https:\/\/ialeman.cl\/wp-content\/uploads\/2022\/11\/Granja-educativa_Instituto-Aleman-Puerto-Montt-39-1024x684.jpg 1024w, https:\/\/ialeman.cl\/wp-content\/uploads\/2022\/11\/Granja-educativa_Instituto-Aleman-Puerto-Montt-39.jpg 1200w\" sizes=\"(max-width: 768px) 100vw, 768px\" \/><\/a>\n\t\t\t<\/div><\/figure><figure class='gallery-item'>\n\t\t\t<div class='gallery-icon landscape'>\n\t\t\t\t<a data-elementor-open-lightbox=\"yes\" data-elementor-lightbox-slideshow=\"6b5be7b\" data-elementor-lightbox-title=\"Granja educativa_Instituto Aleman Puerto Montt 40\" data-e-action-hash=\"#elementor-action%3Aaction%3Dlightbox%26settings%3DeyJpZCI6MTM0MjAsInVybCI6Imh0dHBzOlwvXC9pYWxlbWFuLmNsXC93cC1jb250ZW50XC91cGxvYWRzXC8yMDIyXC8xMVwvR3JhbmphLWVkdWNhdGl2YV9JbnN0aXR1dG8tQWxlbWFuLVB1ZXJ0by1Nb250dC00MC5qcGciLCJzbGlkZXNob3ciOiI2YjViZTdiIn0%3D\" href='https:\/\/ialeman.cl\/wp-content\/uploads\/2022\/11\/Granja-educativa_Instituto-Aleman-Puerto-Montt-40.jpg'><img loading=\"lazy\" decoding=\"async\" width=\"768\" height=\"513\" src=\"https:\/\/ialeman.cl\/wp-content\/uploads\/2022\/11\/Granja-educativa_Instituto-Aleman-Puerto-Montt-40-768x513.jpg\" class=\"attachment-medium_large size-medium_large\" alt=\"\" srcset=\"https:\/\/ialeman.cl\/wp-content\/uploads\/2022\/11\/Granja-educativa_Instituto-Aleman-Puerto-Montt-40-768x513.jpg 768w, https:\/\/ialeman.cl\/wp-content\/uploads\/2022\/11\/Granja-educativa_Instituto-Aleman-Puerto-Montt-40-300x200.jpg 300w, https:\/\/ialeman.cl\/wp-content\/uploads\/2022\/11\/Granja-educativa_Instituto-Aleman-Puerto-Montt-40-1024x684.jpg 1024w, https:\/\/ialeman.cl\/wp-content\/uploads\/2022\/11\/Granja-educativa_Instituto-Aleman-Puerto-Montt-40.jpg 1200w\" sizes=\"(max-width: 768px) 100vw, 768px\" \/><\/a>\n\t\t\t<\/div><\/figure><figure class='gallery-item'>\n\t\t\t<div class='gallery-icon landscape'>\n\t\t\t\t<a data-elementor-open-lightbox=\"yes\" data-elementor-lightbox-slideshow=\"6b5be7b\" data-elementor-lightbox-title=\"Granja educativa_Instituto Aleman Puerto Montt 41\" data-e-action-hash=\"#elementor-action%3Aaction%3Dlightbox%26settings%3DeyJpZCI6MTM0MjEsInVybCI6Imh0dHBzOlwvXC9pYWxlbWFuLmNsXC93cC1jb250ZW50XC91cGxvYWRzXC8yMDIyXC8xMVwvR3JhbmphLWVkdWNhdGl2YV9JbnN0aXR1dG8tQWxlbWFuLVB1ZXJ0by1Nb250dC00MS5qcGciLCJzbGlkZXNob3ciOiI2YjViZTdiIn0%3D\" href='https:\/\/ialeman.cl\/wp-content\/uploads\/2022\/11\/Granja-educativa_Instituto-Aleman-Puerto-Montt-41.jpg'><img loading=\"lazy\" decoding=\"async\" width=\"768\" height=\"513\" src=\"https:\/\/ialeman.cl\/wp-content\/uploads\/2022\/11\/Granja-educativa_Instituto-Aleman-Puerto-Montt-41-768x513.jpg\" class=\"attachment-medium_large size-medium_large\" alt=\"\" srcset=\"https:\/\/ialeman.cl\/wp-content\/uploads\/2022\/11\/Granja-educativa_Instituto-Aleman-Puerto-Montt-41-768x513.jpg 768w, https:\/\/ialeman.cl\/wp-content\/uploads\/2022\/11\/Granja-educativa_Instituto-Aleman-Puerto-Montt-41-300x200.jpg 300w, https:\/\/ialeman.cl\/wp-content\/uploads\/2022\/11\/Granja-educativa_Instituto-Aleman-Puerto-Montt-41-1024x684.jpg 1024w, https:\/\/ialeman.cl\/wp-content\/uploads\/2022\/11\/Granja-educativa_Instituto-Aleman-Puerto-Montt-41.jpg 1200w\" sizes=\"(max-width: 768px) 100vw, 768px\" \/><\/a>\n\t\t\t<\/div><\/figure><figure class='gallery-item'>\n\t\t\t<div class='gallery-icon landscape'>\n\t\t\t\t<a data-elementor-open-lightbox=\"yes\" data-elementor-lightbox-slideshow=\"6b5be7b\" data-elementor-lightbox-title=\"Granja educativa_Instituto Aleman Puerto Montt 42\" data-e-action-hash=\"#elementor-action%3Aaction%3Dlightbox%26settings%3DeyJpZCI6MTM0MjIsInVybCI6Imh0dHBzOlwvXC9pYWxlbWFuLmNsXC93cC1jb250ZW50XC91cGxvYWRzXC8yMDIyXC8xMVwvR3JhbmphLWVkdWNhdGl2YV9JbnN0aXR1dG8tQWxlbWFuLVB1ZXJ0by1Nb250dC00Mi5qcGciLCJzbGlkZXNob3ciOiI2YjViZTdiIn0%3D\" href='https:\/\/ialeman.cl\/wp-content\/uploads\/2022\/11\/Granja-educativa_Instituto-Aleman-Puerto-Montt-42.jpg'><img loading=\"lazy\" decoding=\"async\" width=\"768\" height=\"513\" src=\"https:\/\/ialeman.cl\/wp-content\/uploads\/2022\/11\/Granja-educativa_Instituto-Aleman-Puerto-Montt-42-768x513.jpg\" class=\"attachment-medium_large size-medium_large\" alt=\"\" srcset=\"https:\/\/ialeman.cl\/wp-content\/uploads\/2022\/11\/Granja-educativa_Instituto-Aleman-Puerto-Montt-42-768x513.jpg 768w, https:\/\/ialeman.cl\/wp-content\/uploads\/2022\/11\/Granja-educativa_Instituto-Aleman-Puerto-Montt-42-300x200.jpg 300w, https:\/\/ialeman.cl\/wp-content\/uploads\/2022\/11\/Granja-educativa_Instituto-Aleman-Puerto-Montt-42-1024x684.jpg 1024w, https:\/\/ialeman.cl\/wp-content\/uploads\/2022\/11\/Granja-educativa_Instituto-Aleman-Puerto-Montt-42.jpg 1200w\" sizes=\"(max-width: 768px) 100vw, 768px\" \/><\/a>\n\t\t\t<\/div><\/figure><figure class='gallery-item'>\n\t\t\t<div class='gallery-icon landscape'>\n\t\t\t\t<a data-elementor-open-lightbox=\"yes\" data-elementor-lightbox-slideshow=\"6b5be7b\" data-elementor-lightbox-title=\"Granja educativa_Instituto Aleman Puerto Montt 43\" data-e-action-hash=\"#elementor-action%3Aaction%3Dlightbox%26settings%3DeyJpZCI6MTM0MjMsInVybCI6Imh0dHBzOlwvXC9pYWxlbWFuLmNsXC93cC1jb250ZW50XC91cGxvYWRzXC8yMDIyXC8xMVwvR3JhbmphLWVkdWNhdGl2YV9JbnN0aXR1dG8tQWxlbWFuLVB1ZXJ0by1Nb250dC00My5qcGciLCJzbGlkZXNob3ciOiI2YjViZTdiIn0%3D\" href='https:\/\/ialeman.cl\/wp-content\/uploads\/2022\/11\/Granja-educativa_Instituto-Aleman-Puerto-Montt-43.jpg'><img loading=\"lazy\" decoding=\"async\" width=\"768\" height=\"513\" src=\"https:\/\/ialeman.cl\/wp-content\/uploads\/2022\/11\/Granja-educativa_Instituto-Aleman-Puerto-Montt-43-768x513.jpg\" class=\"attachment-medium_large size-medium_large\" alt=\"\" srcset=\"https:\/\/ialeman.cl\/wp-content\/uploads\/2022\/11\/Granja-educativa_Instituto-Aleman-Puerto-Montt-43-768x513.jpg 768w, https:\/\/ialeman.cl\/wp-content\/uploads\/2022\/11\/Granja-educativa_Instituto-Aleman-Puerto-Montt-43-300x200.jpg 300w, https:\/\/ialeman.cl\/wp-content\/uploads\/2022\/11\/Granja-educativa_Instituto-Aleman-Puerto-Montt-43-1024x684.jpg 1024w, https:\/\/ialeman.cl\/wp-content\/uploads\/2022\/11\/Granja-educativa_Instituto-Aleman-Puerto-Montt-43.jpg 1200w\" sizes=\"(max-width: 768px) 100vw, 768px\" \/><\/a>\n\t\t\t<\/div><\/figure><figure class='gallery-item'>\n\t\t\t<div class='gallery-icon landscape'>\n\t\t\t\t<a data-elementor-open-lightbox=\"yes\" data-elementor-lightbox-slideshow=\"6b5be7b\" data-elementor-lightbox-title=\"Granja educativa_Instituto Aleman Puerto Montt 44\" data-e-action-hash=\"#elementor-action%3Aaction%3Dlightbox%26settings%3DeyJpZCI6MTM0MjQsInVybCI6Imh0dHBzOlwvXC9pYWxlbWFuLmNsXC93cC1jb250ZW50XC91cGxvYWRzXC8yMDIyXC8xMVwvR3JhbmphLWVkdWNhdGl2YV9JbnN0aXR1dG8tQWxlbWFuLVB1ZXJ0by1Nb250dC00NC5qcGciLCJzbGlkZXNob3ciOiI2YjViZTdiIn0%3D\" href='https:\/\/ialeman.cl\/wp-content\/uploads\/2022\/11\/Granja-educativa_Instituto-Aleman-Puerto-Montt-44.jpg'><img loading=\"lazy\" decoding=\"async\" width=\"768\" height=\"513\" src=\"https:\/\/ialeman.cl\/wp-content\/uploads\/2022\/11\/Granja-educativa_Instituto-Aleman-Puerto-Montt-44-768x513.jpg\" class=\"attachment-medium_large size-medium_large\" alt=\"\" srcset=\"https:\/\/ialeman.cl\/wp-content\/uploads\/2022\/11\/Granja-educativa_Instituto-Aleman-Puerto-Montt-44-768x513.jpg 768w, https:\/\/ialeman.cl\/wp-content\/uploads\/2022\/11\/Granja-educativa_Instituto-Aleman-Puerto-Montt-44-300x200.jpg 300w, https:\/\/ialeman.cl\/wp-content\/uploads\/2022\/11\/Granja-educativa_Instituto-Aleman-Puerto-Montt-44-1024x684.jpg 1024w, https:\/\/ialeman.cl\/wp-content\/uploads\/2022\/11\/Granja-educativa_Instituto-Aleman-Puerto-Montt-44.jpg 1200w\" sizes=\"(max-width: 768px) 100vw, 768px\" \/><\/a>\n\t\t\t<\/div><\/figure><figure class='gallery-item'>\n\t\t\t<div class='gallery-icon landscape'>\n\t\t\t\t<a data-elementor-open-lightbox=\"yes\" data-elementor-lightbox-slideshow=\"6b5be7b\" data-elementor-lightbox-title=\"Granja educativa_Instituto Aleman Puerto Montt 45\" data-e-action-hash=\"#elementor-action%3Aaction%3Dlightbox%26settings%3DeyJpZCI6MTM0MjUsInVybCI6Imh0dHBzOlwvXC9pYWxlbWFuLmNsXC93cC1jb250ZW50XC91cGxvYWRzXC8yMDIyXC8xMVwvR3JhbmphLWVkdWNhdGl2YV9JbnN0aXR1dG8tQWxlbWFuLVB1ZXJ0by1Nb250dC00NS5qcGciLCJzbGlkZXNob3ciOiI2YjViZTdiIn0%3D\" href='https:\/\/ialeman.cl\/wp-content\/uploads\/2022\/11\/Granja-educativa_Instituto-Aleman-Puerto-Montt-45.jpg'><img loading=\"lazy\" decoding=\"async\" width=\"768\" height=\"513\" src=\"https:\/\/ialeman.cl\/wp-content\/uploads\/2022\/11\/Granja-educativa_Instituto-Aleman-Puerto-Montt-45-768x513.jpg\" class=\"attachment-medium_large size-medium_large\" alt=\"\" srcset=\"https:\/\/ialeman.cl\/wp-content\/uploads\/2022\/11\/Granja-educativa_Instituto-Aleman-Puerto-Montt-45-768x513.jpg 768w, https:\/\/ialeman.cl\/wp-content\/uploads\/2022\/11\/Granja-educativa_Instituto-Aleman-Puerto-Montt-45-300x200.jpg 300w, https:\/\/ialeman.cl\/wp-content\/uploads\/2022\/11\/Granja-educativa_Instituto-Aleman-Puerto-Montt-45-1024x684.jpg 1024w, https:\/\/ialeman.cl\/wp-content\/uploads\/2022\/11\/Granja-educativa_Instituto-Aleman-Puerto-Montt-45.jpg 1200w\" sizes=\"(max-width: 768px) 100vw, 768px\" \/><\/a>\n\t\t\t<\/div><\/figure><figure class='gallery-item'>\n\t\t\t<div class='gallery-icon landscape'>\n\t\t\t\t<a data-elementor-open-lightbox=\"yes\" data-elementor-lightbox-slideshow=\"6b5be7b\" data-elementor-lightbox-title=\"Granja educativa_Instituto Aleman Puerto Montt 46\" data-e-action-hash=\"#elementor-action%3Aaction%3Dlightbox%26settings%3DeyJpZCI6MTM0MjYsInVybCI6Imh0dHBzOlwvXC9pYWxlbWFuLmNsXC93cC1jb250ZW50XC91cGxvYWRzXC8yMDIyXC8xMVwvR3JhbmphLWVkdWNhdGl2YV9JbnN0aXR1dG8tQWxlbWFuLVB1ZXJ0by1Nb250dC00Ni5qcGciLCJzbGlkZXNob3ciOiI2YjViZTdiIn0%3D\" href='https:\/\/ialeman.cl\/wp-content\/uploads\/2022\/11\/Granja-educativa_Instituto-Aleman-Puerto-Montt-46.jpg'><img loading=\"lazy\" decoding=\"async\" width=\"768\" height=\"513\" src=\"https:\/\/ialeman.cl\/wp-content\/uploads\/2022\/11\/Granja-educativa_Instituto-Aleman-Puerto-Montt-46-768x513.jpg\" class=\"attachment-medium_large size-medium_large\" alt=\"\" srcset=\"https:\/\/ialeman.cl\/wp-content\/uploads\/2022\/11\/Granja-educativa_Instituto-Aleman-Puerto-Montt-46-768x513.jpg 768w, https:\/\/ialeman.cl\/wp-content\/uploads\/2022\/11\/Granja-educativa_Instituto-Aleman-Puerto-Montt-46-300x200.jpg 300w, https:\/\/ialeman.cl\/wp-content\/uploads\/2022\/11\/Granja-educativa_Instituto-Aleman-Puerto-Montt-46-1024x684.jpg 1024w, https:\/\/ialeman.cl\/wp-content\/uploads\/2022\/11\/Granja-educativa_Instituto-Aleman-Puerto-Montt-46.jpg 1200w\" sizes=\"(max-width: 768px) 100vw, 768px\" \/><\/a>\n\t\t\t<\/div><\/figure><figure class='gallery-item'>\n\t\t\t<div class='gallery-icon landscape'>\n\t\t\t\t<a data-elementor-open-lightbox=\"yes\" data-elementor-lightbox-slideshow=\"6b5be7b\" data-elementor-lightbox-title=\"Granja educativa_Instituto Aleman Puerto Montt 47\" data-e-action-hash=\"#elementor-action%3Aaction%3Dlightbox%26settings%3DeyJpZCI6MTM0MjcsInVybCI6Imh0dHBzOlwvXC9pYWxlbWFuLmNsXC93cC1jb250ZW50XC91cGxvYWRzXC8yMDIyXC8xMVwvR3JhbmphLWVkdWNhdGl2YV9JbnN0aXR1dG8tQWxlbWFuLVB1ZXJ0by1Nb250dC00Ny5qcGciLCJzbGlkZXNob3ciOiI2YjViZTdiIn0%3D\" href='https:\/\/ialeman.cl\/wp-content\/uploads\/2022\/11\/Granja-educativa_Instituto-Aleman-Puerto-Montt-47.jpg'><img loading=\"lazy\" decoding=\"async\" width=\"768\" height=\"513\" src=\"https:\/\/ialeman.cl\/wp-content\/uploads\/2022\/11\/Granja-educativa_Instituto-Aleman-Puerto-Montt-47-768x513.jpg\" class=\"attachment-medium_large size-medium_large\" alt=\"\" srcset=\"https:\/\/ialeman.cl\/wp-content\/uploads\/2022\/11\/Granja-educativa_Instituto-Aleman-Puerto-Montt-47-768x513.jpg 768w, https:\/\/ialeman.cl\/wp-content\/uploads\/2022\/11\/Granja-educativa_Instituto-Aleman-Puerto-Montt-47-300x200.jpg 300w, https:\/\/ialeman.cl\/wp-content\/uploads\/2022\/11\/Granja-educativa_Instituto-Aleman-Puerto-Montt-47-1024x684.jpg 1024w, https:\/\/ialeman.cl\/wp-content\/uploads\/2022\/11\/Granja-educativa_Instituto-Aleman-Puerto-Montt-47.jpg 1200w\" sizes=\"(max-width: 768px) 100vw, 768px\" \/><\/a>\n\t\t\t<\/div><\/figure><figure class='gallery-item'>\n\t\t\t<div class='gallery-icon landscape'>\n\t\t\t\t<a data-elementor-open-lightbox=\"yes\" data-elementor-lightbox-slideshow=\"6b5be7b\" data-elementor-lightbox-title=\"Granja educativa_Instituto Aleman Puerto Montt 48\" data-e-action-hash=\"#elementor-action%3Aaction%3Dlightbox%26settings%3DeyJpZCI6MTM0MjgsInVybCI6Imh0dHBzOlwvXC9pYWxlbWFuLmNsXC93cC1jb250ZW50XC91cGxvYWRzXC8yMDIyXC8xMVwvR3JhbmphLWVkdWNhdGl2YV9JbnN0aXR1dG8tQWxlbWFuLVB1ZXJ0by1Nb250dC00OC5qcGciLCJzbGlkZXNob3ciOiI2YjViZTdiIn0%3D\" href='https:\/\/ialeman.cl\/wp-content\/uploads\/2022\/11\/Granja-educativa_Instituto-Aleman-Puerto-Montt-48.jpg'><img loading=\"lazy\" decoding=\"async\" width=\"768\" height=\"513\" src=\"https:\/\/ialeman.cl\/wp-content\/uploads\/2022\/11\/Granja-educativa_Instituto-Aleman-Puerto-Montt-48-768x513.jpg\" class=\"attachment-medium_large size-medium_large\" alt=\"\" srcset=\"https:\/\/ialeman.cl\/wp-content\/uploads\/2022\/11\/Granja-educativa_Instituto-Aleman-Puerto-Montt-48-768x513.jpg 768w, https:\/\/ialeman.cl\/wp-content\/uploads\/2022\/11\/Granja-educativa_Instituto-Aleman-Puerto-Montt-48-300x200.jpg 300w, https:\/\/ialeman.cl\/wp-content\/uploads\/2022\/11\/Granja-educativa_Instituto-Aleman-Puerto-Montt-48-1024x684.jpg 1024w, https:\/\/ialeman.cl\/wp-content\/uploads\/2022\/11\/Granja-educativa_Instituto-Aleman-Puerto-Montt-48.jpg 1200w\" sizes=\"(max-width: 768px) 100vw, 768px\" \/><\/a>\n\t\t\t<\/div><\/figure><figure class='gallery-item'>\n\t\t\t<div class='gallery-icon landscape'>\n\t\t\t\t<a data-elementor-open-lightbox=\"yes\" data-elementor-lightbox-slideshow=\"6b5be7b\" data-elementor-lightbox-title=\"Granja educativa_Instituto Aleman Puerto Montt 49\" data-e-action-hash=\"#elementor-action%3Aaction%3Dlightbox%26settings%3DeyJpZCI6MTM0MjksInVybCI6Imh0dHBzOlwvXC9pYWxlbWFuLmNsXC93cC1jb250ZW50XC91cGxvYWRzXC8yMDIyXC8xMVwvR3JhbmphLWVkdWNhdGl2YV9JbnN0aXR1dG8tQWxlbWFuLVB1ZXJ0by1Nb250dC00OS5qcGciLCJzbGlkZXNob3ciOiI2YjViZTdiIn0%3D\" href='https:\/\/ialeman.cl\/wp-content\/uploads\/2022\/11\/Granja-educativa_Instituto-Aleman-Puerto-Montt-49.jpg'><img loading=\"lazy\" decoding=\"async\" width=\"768\" height=\"513\" src=\"https:\/\/ialeman.cl\/wp-content\/uploads\/2022\/11\/Granja-educativa_Instituto-Aleman-Puerto-Montt-49-768x513.jpg\" class=\"attachment-medium_large size-medium_large\" alt=\"\" srcset=\"https:\/\/ialeman.cl\/wp-content\/uploads\/2022\/11\/Granja-educativa_Instituto-Aleman-Puerto-Montt-49-768x513.jpg 768w, https:\/\/ialeman.cl\/wp-content\/uploads\/2022\/11\/Granja-educativa_Instituto-Aleman-Puerto-Montt-49-300x200.jpg 300w, https:\/\/ialeman.cl\/wp-content\/uploads\/2022\/11\/Granja-educativa_Instituto-Aleman-Puerto-Montt-49-1024x684.jpg 1024w, https:\/\/ialeman.cl\/wp-content\/uploads\/2022\/11\/Granja-educativa_Instituto-Aleman-Puerto-Montt-49.jpg 1200w\" sizes=\"(max-width: 768px) 100vw, 768px\" \/><\/a>\n\t\t\t<\/div><\/figure><figure class='gallery-item'>\n\t\t\t<div class='gallery-icon landscape'>\n\t\t\t\t<a data-elementor-open-lightbox=\"yes\" data-elementor-lightbox-slideshow=\"6b5be7b\" data-elementor-lightbox-title=\"Granja educativa_Instituto Aleman Puerto Montt 50\" data-e-action-hash=\"#elementor-action%3Aaction%3Dlightbox%26settings%3DeyJpZCI6MTM0MzAsInVybCI6Imh0dHBzOlwvXC9pYWxlbWFuLmNsXC93cC1jb250ZW50XC91cGxvYWRzXC8yMDIyXC8xMVwvR3JhbmphLWVkdWNhdGl2YV9JbnN0aXR1dG8tQWxlbWFuLVB1ZXJ0by1Nb250dC01MC5qcGciLCJzbGlkZXNob3ciOiI2YjViZTdiIn0%3D\" href='https:\/\/ialeman.cl\/wp-content\/uploads\/2022\/11\/Granja-educativa_Instituto-Aleman-Puerto-Montt-50.jpg'><img loading=\"lazy\" decoding=\"async\" width=\"768\" height=\"513\" src=\"https:\/\/ialeman.cl\/wp-content\/uploads\/2022\/11\/Granja-educativa_Instituto-Aleman-Puerto-Montt-50-768x513.jpg\" class=\"attachment-medium_large size-medium_large\" alt=\"\" srcset=\"https:\/\/ialeman.cl\/wp-content\/uploads\/2022\/11\/Granja-educativa_Instituto-Aleman-Puerto-Montt-50-768x513.jpg 768w, https:\/\/ialeman.cl\/wp-content\/uploads\/2022\/11\/Granja-educativa_Instituto-Aleman-Puerto-Montt-50-300x200.jpg 300w, https:\/\/ialeman.cl\/wp-content\/uploads\/2022\/11\/Granja-educativa_Instituto-Aleman-Puerto-Montt-50-1024x684.jpg 1024w, https:\/\/ialeman.cl\/wp-content\/uploads\/2022\/11\/Granja-educativa_Instituto-Aleman-Puerto-Montt-50.jpg 1200w\" sizes=\"(max-width: 768px) 100vw, 768px\" \/><\/a>\n\t\t\t<\/div><\/figure><figure class='gallery-item'>\n\t\t\t<div class='gallery-icon landscape'>\n\t\t\t\t<a data-elementor-open-lightbox=\"yes\" data-elementor-lightbox-slideshow=\"6b5be7b\" data-elementor-lightbox-title=\"Granja educativa_Instituto Aleman Puerto Montt 51\" data-e-action-hash=\"#elementor-action%3Aaction%3Dlightbox%26settings%3DeyJpZCI6MTM0MzEsInVybCI6Imh0dHBzOlwvXC9pYWxlbWFuLmNsXC93cC1jb250ZW50XC91cGxvYWRzXC8yMDIyXC8xMVwvR3JhbmphLWVkdWNhdGl2YV9JbnN0aXR1dG8tQWxlbWFuLVB1ZXJ0by1Nb250dC01MS5qcGciLCJzbGlkZXNob3ciOiI2YjViZTdiIn0%3D\" href='https:\/\/ialeman.cl\/wp-content\/uploads\/2022\/11\/Granja-educativa_Instituto-Aleman-Puerto-Montt-51.jpg'><img loading=\"lazy\" decoding=\"async\" width=\"768\" height=\"513\" src=\"https:\/\/ialeman.cl\/wp-content\/uploads\/2022\/11\/Granja-educativa_Instituto-Aleman-Puerto-Montt-51-768x513.jpg\" class=\"attachment-medium_large size-medium_large\" alt=\"\" srcset=\"https:\/\/ialeman.cl\/wp-content\/uploads\/2022\/11\/Granja-educativa_Instituto-Aleman-Puerto-Montt-51-768x513.jpg 768w, https:\/\/ialeman.cl\/wp-content\/uploads\/2022\/11\/Granja-educativa_Instituto-Aleman-Puerto-Montt-51-300x200.jpg 300w, https:\/\/ialeman.cl\/wp-content\/uploads\/2022\/11\/Granja-educativa_Instituto-Aleman-Puerto-Montt-51-1024x684.jpg 1024w, https:\/\/ialeman.cl\/wp-content\/uploads\/2022\/11\/Granja-educativa_Instituto-Aleman-Puerto-Montt-51.jpg 1200w\" sizes=\"(max-width: 768px) 100vw, 768px\" \/><\/a>\n\t\t\t<\/div><\/figure><figure class='gallery-item'>\n\t\t\t<div class='gallery-icon landscape'>\n\t\t\t\t<a data-elementor-open-lightbox=\"yes\" data-elementor-lightbox-slideshow=\"6b5be7b\" data-elementor-lightbox-title=\"Granja educativa_Instituto Aleman Puerto Montt 52\" data-e-action-hash=\"#elementor-action%3Aaction%3Dlightbox%26settings%3DeyJpZCI6MTM0MzIsInVybCI6Imh0dHBzOlwvXC9pYWxlbWFuLmNsXC93cC1jb250ZW50XC91cGxvYWRzXC8yMDIyXC8xMVwvR3JhbmphLWVkdWNhdGl2YV9JbnN0aXR1dG8tQWxlbWFuLVB1ZXJ0by1Nb250dC01Mi5qcGciLCJzbGlkZXNob3ciOiI2YjViZTdiIn0%3D\" href='https:\/\/ialeman.cl\/wp-content\/uploads\/2022\/11\/Granja-educativa_Instituto-Aleman-Puerto-Montt-52.jpg'><img loading=\"lazy\" decoding=\"async\" width=\"768\" height=\"513\" src=\"https:\/\/ialeman.cl\/wp-content\/uploads\/2022\/11\/Granja-educativa_Instituto-Aleman-Puerto-Montt-52-768x513.jpg\" class=\"attachment-medium_large size-medium_large\" alt=\"\" srcset=\"https:\/\/ialeman.cl\/wp-content\/uploads\/2022\/11\/Granja-educativa_Instituto-Aleman-Puerto-Montt-52-768x513.jpg 768w, https:\/\/ialeman.cl\/wp-content\/uploads\/2022\/11\/Granja-educativa_Instituto-Aleman-Puerto-Montt-52-300x200.jpg 300w, https:\/\/ialeman.cl\/wp-content\/uploads\/2022\/11\/Granja-educativa_Instituto-Aleman-Puerto-Montt-52-1024x684.jpg 1024w, https:\/\/ialeman.cl\/wp-content\/uploads\/2022\/11\/Granja-educativa_Instituto-Aleman-Puerto-Montt-52.jpg 1200w\" sizes=\"(max-width: 768px) 100vw, 768px\" \/><\/a>\n\t\t\t<\/div><\/figure><figure class='gallery-item'>\n\t\t\t<div class='gallery-icon landscape'>\n\t\t\t\t<a data-elementor-open-lightbox=\"yes\" data-elementor-lightbox-slideshow=\"6b5be7b\" data-elementor-lightbox-title=\"Granja educativa_Instituto Aleman Puerto Montt 53\" data-e-action-hash=\"#elementor-action%3Aaction%3Dlightbox%26settings%3DeyJpZCI6MTM0MzMsInVybCI6Imh0dHBzOlwvXC9pYWxlbWFuLmNsXC93cC1jb250ZW50XC91cGxvYWRzXC8yMDIyXC8xMVwvR3JhbmphLWVkdWNhdGl2YV9JbnN0aXR1dG8tQWxlbWFuLVB1ZXJ0by1Nb250dC01My5qcGciLCJzbGlkZXNob3ciOiI2YjViZTdiIn0%3D\" href='https:\/\/ialeman.cl\/wp-content\/uploads\/2022\/11\/Granja-educativa_Instituto-Aleman-Puerto-Montt-53.jpg'><img loading=\"lazy\" decoding=\"async\" width=\"768\" height=\"513\" src=\"https:\/\/ialeman.cl\/wp-content\/uploads\/2022\/11\/Granja-educativa_Instituto-Aleman-Puerto-Montt-53-768x513.jpg\" class=\"attachment-medium_large size-medium_large\" alt=\"\" srcset=\"https:\/\/ialeman.cl\/wp-content\/uploads\/2022\/11\/Granja-educativa_Instituto-Aleman-Puerto-Montt-53-768x513.jpg 768w, https:\/\/ialeman.cl\/wp-content\/uploads\/2022\/11\/Granja-educativa_Instituto-Aleman-Puerto-Montt-53-300x200.jpg 300w, https:\/\/ialeman.cl\/wp-content\/uploads\/2022\/11\/Granja-educativa_Instituto-Aleman-Puerto-Montt-53-1024x684.jpg 1024w, https:\/\/ialeman.cl\/wp-content\/uploads\/2022\/11\/Granja-educativa_Instituto-Aleman-Puerto-Montt-53.jpg 1200w\" sizes=\"(max-width: 768px) 100vw, 768px\" \/><\/a>\n\t\t\t<\/div><\/figure><figure class='gallery-item'>\n\t\t\t<div class='gallery-icon landscape'>\n\t\t\t\t<a data-elementor-open-lightbox=\"yes\" data-elementor-lightbox-slideshow=\"6b5be7b\" data-elementor-lightbox-title=\"Granja educativa_Instituto Aleman Puerto Montt 54\" data-e-action-hash=\"#elementor-action%3Aaction%3Dlightbox%26settings%3DeyJpZCI6MTM0MzQsInVybCI6Imh0dHBzOlwvXC9pYWxlbWFuLmNsXC93cC1jb250ZW50XC91cGxvYWRzXC8yMDIyXC8xMVwvR3JhbmphLWVkdWNhdGl2YV9JbnN0aXR1dG8tQWxlbWFuLVB1ZXJ0by1Nb250dC01NC5qcGciLCJzbGlkZXNob3ciOiI2YjViZTdiIn0%3D\" href='https:\/\/ialeman.cl\/wp-content\/uploads\/2022\/11\/Granja-educativa_Instituto-Aleman-Puerto-Montt-54.jpg'><img loading=\"lazy\" decoding=\"async\" width=\"768\" height=\"513\" src=\"https:\/\/ialeman.cl\/wp-content\/uploads\/2022\/11\/Granja-educativa_Instituto-Aleman-Puerto-Montt-54-768x513.jpg\" class=\"attachment-medium_large size-medium_large\" alt=\"\" srcset=\"https:\/\/ialeman.cl\/wp-content\/uploads\/2022\/11\/Granja-educativa_Instituto-Aleman-Puerto-Montt-54-768x513.jpg 768w, https:\/\/ialeman.cl\/wp-content\/uploads\/2022\/11\/Granja-educativa_Instituto-Aleman-Puerto-Montt-54-300x200.jpg 300w, https:\/\/ialeman.cl\/wp-content\/uploads\/2022\/11\/Granja-educativa_Instituto-Aleman-Puerto-Montt-54-1024x684.jpg 1024w, https:\/\/ialeman.cl\/wp-content\/uploads\/2022\/11\/Granja-educativa_Instituto-Aleman-Puerto-Montt-54.jpg 1200w\" sizes=\"(max-width: 768px) 100vw, 768px\" \/><\/a>\n\t\t\t<\/div><\/figure><figure class='gallery-item'>\n\t\t\t<div class='gallery-icon landscape'>\n\t\t\t\t<a data-elementor-open-lightbox=\"yes\" data-elementor-lightbox-slideshow=\"6b5be7b\" data-elementor-lightbox-title=\"Granja educativa_Instituto Aleman Puerto Montt 55\" data-e-action-hash=\"#elementor-action%3Aaction%3Dlightbox%26settings%3DeyJpZCI6MTM0MzgsInVybCI6Imh0dHBzOlwvXC9pYWxlbWFuLmNsXC93cC1jb250ZW50XC91cGxvYWRzXC8yMDIyXC8xMVwvR3JhbmphLWVkdWNhdGl2YV9JbnN0aXR1dG8tQWxlbWFuLVB1ZXJ0by1Nb250dC01NS5qcGciLCJzbGlkZXNob3ciOiI2YjViZTdiIn0%3D\" href='https:\/\/ialeman.cl\/wp-content\/uploads\/2022\/11\/Granja-educativa_Instituto-Aleman-Puerto-Montt-55.jpg'><img loading=\"lazy\" decoding=\"async\" width=\"768\" height=\"513\" src=\"https:\/\/ialeman.cl\/wp-content\/uploads\/2022\/11\/Granja-educativa_Instituto-Aleman-Puerto-Montt-55-768x513.jpg\" class=\"attachment-medium_large size-medium_large\" alt=\"\" srcset=\"https:\/\/ialeman.cl\/wp-content\/uploads\/2022\/11\/Granja-educativa_Instituto-Aleman-Puerto-Montt-55-768x513.jpg 768w, https:\/\/ialeman.cl\/wp-content\/uploads\/2022\/11\/Granja-educativa_Instituto-Aleman-Puerto-Montt-55-300x200.jpg 300w, https:\/\/ialeman.cl\/wp-content\/uploads\/2022\/11\/Granja-educativa_Instituto-Aleman-Puerto-Montt-55-1024x684.jpg 1024w, https:\/\/ialeman.cl\/wp-content\/uploads\/2022\/11\/Granja-educativa_Instituto-Aleman-Puerto-Montt-55.jpg 1200w\" sizes=\"(max-width: 768px) 100vw, 768px\" \/><\/a>\n\t\t\t<\/div><\/figure>\n\t\t<\/div>\n\t\t<\/div>\n\t\t\t\t\t\t<\/div>\n\t\t\t\t<\/div>\n\t\t\t\t\t<\/div>\n\t\t<\/div>\n\t\t\t\t\t<\/div>\n\t\t<\/section>\n\t\t\t\t<\/div>\n\t\t","protected":false},"excerpt":{"rendered":"<p>Una entretenida e interesante experiencia vivieron los estudiantes de Prekinder junto a sus Tanten en la granja educativa TierraViva, en Puerto Montt. En la oportunidad, los ni\u00f1os y ni\u00f1as alimentaron a los animales y conocieron de la vida en campo. Un em\u00fa, caballos, vacas, ovejas, chanchos, chivos, gansos, conejos y patos, fueron solo algunos de [&hellip;]<\/p>\n","protected":false},"author":1,"featured_media":13373,"comment_status":"closed","ping_status":"closed","sticky":false,"template":"","format":"standard","meta":{"site-sidebar-layout":"default","site-content-layout":"default","ast-site-content-layout":"default","site-content-style":"default","site-sidebar-style":"default","ast-global-header-display":"","ast-banner-title-visibility":"","ast-main-header-display":"","ast-hfb-above-header-display":"","ast-hfb-below-header-display":"","ast-hfb-mobile-header-display":"","site-post-title":"","ast-breadcrumbs-content":"","ast-featured-img":"disabled","footer-sml-layout":"","ast-disable-related-posts":"","theme-transparent-header-meta":"default","adv-header-id-meta":"","stick-header-meta":"","header-above-stick-meta":"","header-main-stick-meta":"","header-below-stick-meta":"","astra-migrate-meta-layouts":"default","ast-page-background-enabled":"default","ast-page-background-meta":{"desktop":{"background-color":"var(--ast-global-color-4)","background-image":"","background-repeat":"repeat","background-position":"center center","background-size":"auto","background-attachment":"scroll","background-type":"","background-media":"","overlay-type":"","overlay-color":"","overlay-opacity":"","overlay-gradient":""},"tablet":{"background-color":"","background-image":"","background-repeat":"repeat","background-position":"center center","background-size":"auto","background-attachment":"scroll","background-type":"","background-media":"","overlay-type":"","overlay-color":"","overlay-opacity":"","overlay-gradient":""},"mobile":{"background-color":"","background-image":"","background-repeat":"repeat","background-position":"center center","background-size":"auto","background-attachment":"scroll","background-type":"","background-media":"","overlay-type":"","overlay-color":"","overlay-opacity":"","overlay-gradient":""}},"ast-content-background-meta":{"desktop":{"background-color":"var(--ast-global-color-5)","background-image":"","background-repeat":"repeat","background-position":"center center","background-size":"auto","background-attachment":"scroll","background-type":"","background-media":"","overlay-type":"","overlay-color":"","overlay-opacity":"","overlay-gradient":""},"tablet":{"background-color":"var(--ast-global-color-5)","background-image":"","background-repeat":"repeat","background-position":"center center","background-size":"auto","background-attachment":"scroll","background-type":"","background-media":"","overlay-type":"","overlay-color":"","overlay-opacity":"","overlay-gradient":""},"mobile":{"background-color":"var(--ast-global-color-5)","background-image":"","background-repeat":"repeat","background-position":"center center","background-size":"auto","background-attachment":"scroll","background-type":"","background-media":"","overlay-type":"","overlay-color":"","overlay-opacity":"","overlay-gradient":""}},"advanced_seo_description":"","jetpack_seo_html_title":"","jetpack_seo_noindex":false,"jetpack_seo_schema_type":"","_jetpack_newsletter_access":"","_jetpack_dont_email_post_to_subs":false,"_jetpack_newsletter_tier_id":0,"_jetpack_memberships_contains_paywalled_content":false,"_wpcom_ai_launchpad_first_post":false,"_jetpack_feature_clip_id":0,"_jetpack_memberships_contains_paid_content":false,"footnotes":"","jetpack_post_was_ever_published":false},"categories":[10],"tags":[],"class_list":["post-13372","post","type-post","status-publish","format-standard","has-post-thumbnail","hentry","category-noticias"],"jetpack_shortlink":"https:\/\/wp.me\/ph8I5c-3tG","jetpack_sharing_enabled":true,"jetpack_featured_media_url":"https:\/\/ialeman.cl\/wp-content\/uploads\/2022\/11\/Granja-educativa_Instituto-Aleman-Puerto-Montt-0.jpg","_links":{"self":[{"href":"https:\/\/ialeman.cl\/index.php\/wp-json\/wp\/v2\/posts\/13372","targetHints":{"allow":["GET"]}}],"collection":[{"href":"https:\/\/ialeman.cl\/index.php\/wp-json\/wp\/v2\/posts"}],"about":[{"href":"https:\/\/ialeman.cl\/index.php\/wp-json\/wp\/v2\/types\/post"}],"author":[{"embeddable":true,"href":"https:\/\/ialeman.cl\/index.php\/wp-json\/wp\/v2\/users\/1"}],"replies":[{"embeddable":true,"href":"https:\/\/ialeman.cl\/index.php\/wp-json\/wp\/v2\/comments?post=13372"}],"version-history":[{"count":0,"href":"https:\/\/ialeman.cl\/index.php\/wp-json\/wp\/v2\/posts\/13372\/revisions"}],"wp:featuredmedia":[{"embeddable":true,"href":"https:\/\/ialeman.cl\/index.php\/wp-json\/wp\/v2\/media\/13373"}],"wp:attachment":[{"href":"https:\/\/ialeman.cl\/index.php\/wp-json\/wp\/v2\/media?parent=13372"}],"wp:term":[{"taxonomy":"category","embeddable":true,"href":"https:\/\/ialeman.cl\/index.php\/wp-json\/wp\/v2\/categories?post=13372"},{"taxonomy":"post_tag","embeddable":true,"href":"https:\/\/ialeman.cl\/index.php\/wp-json\/wp\/v2\/tags?post=13372"}],"curies":[{"name":"wp","href":"https:\/\/api.w.org\/{rel}","templated":true}]}}